{"id":165,"count":5,"description":"","link":"https:\/\/puntocritico.com\/ausajpuntocritico\/tag\/perfecto-andres-ibanez\/","name":"Perfecto Andr\u00e9s Ib\u00e1\u00f1ez","slug":"perfecto-andres-ibanez","taxonomy":"post_tag","meta":[],"_links":{"self":[{"href":"https:\/\/puntocritico.com\/ausajpuntocritico\/wp-json\/wp\/v2\/tags\/165","targetHints":{"allow":["GET"]}}],"collection":[{"href":"https:\/\/puntocritico.com\/ausajpuntocritico\/wp-json\/wp\/v2\/tags"}],"about":[{"href":"https:\/\/puntocritico.com\/ausajpuntocritico\/wp-json\/wp\/v2\/taxonomies\/post_tag"}],"wp:post_type":[{"href":"https:\/\/puntocritico.com\/ausajpuntocritico\/wp-json\/wp\/v2\/posts?tags=165"}],"curies":[{"name":"wp","href":"https:\/\/api.w.org\/{rel}","templated":true}]}}