{"id":9514,"date":"2018-03-14T00:33:32","date_gmt":"2018-03-13T23:33:32","guid":{"rendered":"http:\/\/puntocritico.com\/?p=9514"},"modified":"2018-03-14T12:51:57","modified_gmt":"2018-03-14T11:51:57","slug":"atentados-de-cataluna-de-2017-operacion-de-falsa-bandera","status":"publish","type":"post","link":"https:\/\/puntocritico.com\/ausajpuntocritico\/2018\/03\/14\/atentados-de-cataluna-de-2017-operacion-de-falsa-bandera\/","title":{"rendered":"Atentados de Catalu\u00f1a de 2017, \u00bfOperaci\u00f3n de Falsa Bandera?"},"content":{"rendered":"<p style=\"text-align: left;\"><strong><span style=\"text-decoration: underline;\"><em>Sumario:<\/em><\/span><\/strong><\/p>\n<div style=\"text-align: justify;\"><a id=\"refesp11A\"><\/a><a href=\"#refesp11\">[1] ESPA\u00d1A, LIDER EN FRUSTRAR ATENTADOS, ES VICTIMA DE UNO DE TODAS FORMAS,\u00a0p<span class=\"byline\">or\u00a0<span class=\"byline-author\" data-byline-name=\"DECLAN WALSH\" data-twitter-handle=\"declanwalsh\">D<\/span><span class=\"byline-author\" data-byline-name=\"DECLAN WALSH\" data-twitter-handle=\"declanwalsh\">eclan Walsh<\/span>,\u00a0<\/span><span class=\"byline\"><span class=\"byline-author\" data-byline-name=\"RAPHAEL MINDER\" data-twitter-handle=\"RaphaelMinder\">Raphael Minder<\/span>, Eric Schmitt y\u00a0<\/span><span class=\"byline\">\u00a0Rukmini Callimachi (NEW YORK TIMES)<\/span><\/a><br \/>\n <a id=\"refcomoun12A\"><\/a><a href=\"#refcomoun12\">[2] COMO UN OSCURO IMAN EVIT\u00d3 LA VIGILANCIA Y FORM\u00d3 LA C\u00c9LULA DE BARCELONA,\u00a0por Alissa J. Rubin, Pactrick Kingsley y Palko Karasz (NEW YORK TIMES)<\/a><\/div>\n<div class=\"G7lr_ taFHO\" style=\"text-align: left;\"><span class=\"_1fHNK\"><a id=\"ref5a\"><\/a><a href=\"#ref5\">[3] Entrevista a Daniele Ganser, autor del libro \u201cLos ej\u00e9rcitos secretos de la OTAN\u201d, realizada en la Facultad de Economicas de la UNED en Madrid (v\u00eddeo)<\/a><\/span><br \/>\n <a id=\"ref2a\"><\/a><a href=\"#ref2\">[4] Andreas Kramer: \u00abHe golpeado un nido de avispas\u00bb, Por\u00a0RAFAEL POCH.<\/a><br \/>\n <a id=\"ref1a\"><\/a><a href=\"#ref1\">[5] Entrevista a Rufi\u00e1n: \u00abLo del im\u00e1n de Ripoll es muy raro y ser\u00eda investigado en cualquier pa\u00eds normal\u00bb, por\u00a0CARLOS ENRIQUE BAYO.<\/a><\/div>\n<h1 style=\"text-align: center;\"><span style=\"font-size: 14pt; color: #008000;\">\u2666\u2666\u2666\u2666\u2666\u2666\u2666<\/span><\/h1>\n<p>&nbsp;<\/p>\n<figure id=\"attachment_9752\" aria-describedby=\"caption-attachment-9752\" style=\"width: 520px\" class=\"wp-caption aligncenter\"><a href=\"https:\/\/puntocritico.com\/ausajpuntocritico\/wp-content\/uploads\/2018\/03\/pantallazo-new-york-times-iman-de-ripoll.jpg\" rel=\"lightbox[9514]\"><img loading=\"lazy\" decoding=\"async\" class=\"wp-image-9752\" src=\"https:\/\/puntocritico.com\/ausajpuntocritico\/wp-content\/uploads\/2018\/03\/pantallazo-new-york-times-iman-de-ripoll-300x275.jpg\" alt=\"\" width=\"520\" height=\"477\" srcset=\"https:\/\/puntocritico.com\/ausajpuntocritico\/wp-content\/uploads\/2018\/03\/pantallazo-new-york-times-iman-de-ripoll-300x275.jpg 300w, https:\/\/puntocritico.com\/ausajpuntocritico\/wp-content\/uploads\/2018\/03\/pantallazo-new-york-times-iman-de-ripoll-768x705.jpg 768w, https:\/\/puntocritico.com\/ausajpuntocritico\/wp-content\/uploads\/2018\/03\/pantallazo-new-york-times-iman-de-ripoll.jpg 974w\" sizes=\"auto, (max-width: 520px) 100vw, 520px\" \/><\/a><figcaption id=\"caption-attachment-9752\" class=\"wp-caption-text\"><span style=\"color: #008000;\">Muestra de uno de los art\u00edculos en el que el \u00abNew York Times\u00bb, entre otros muchos importantes peri\u00f3dicos del extranjero, informan acerca de que \u00abel Servicio secreto espa\u00f1ol ten\u00eda v\u00ednculos con el l\u00edder de los atacantes\u00bb de los atentados de agosto de 2017 en Catalu\u00f1a. Lo curioso es que en Espa\u00f1a no solo se silencia\u00a0en los medios\u00a0todo lo relacionado con el asunto, sino que ni siquiera se permite la investigaci\u00f3n parlamentaria.\u00a0<\/span><\/figcaption><\/figure>\n<h1 style=\"text-align: center;\">\u00a0<span style=\"font-size: 14pt; color: #008000;\">\u2666<\/span><span style=\"font-size: 14pt;\">\u2666<\/span><span style=\"font-size: 14pt; color: #008000;\">\u2666<\/span><span style=\"font-size: 14pt;\">\u2666<\/span><span style=\"font-size: 14pt; color: #008000;\">\u2666<\/span><span style=\"font-size: 14pt;\">\u2666<\/span><span style=\"font-size: 14pt; color: #008000;\">\u2666<\/span><\/h1>\n<blockquote>\n<h1 style=\"text-align: center;\"><span style=\"font-family: georgia, palatino, serif; font-size: 24pt;\"><b><a id=\"refesp11\"><\/a><a href=\"#refesp11A\">[1]<\/a> ESPA\u00d1A, LIDER EN FRUSTRAR ATENTADOS, ES VICTIMA DE UNO DE TODAS FORMAS<\/b><\/span><\/h1>\n<p class=\"byline-dateline\"><span class=\"byline\">Por\u00a0<span class=\"byline-author\" data-byline-name=\"DECLAN WALSH\" data-twitter-handle=\"declanwalsh\">D<\/span><span class=\"byline-author\" data-byline-name=\"DECLAN WALSH\" data-twitter-handle=\"declanwalsh\">eclan Walsh<\/span>,\u00a0<\/span><span class=\"byline\"><span class=\"byline-author\" data-byline-name=\"RAPHAEL MINDER\" data-twitter-handle=\"RaphaelMinder\">Raphael Minder<\/span>, Eric Schmitt y\u00a0<\/span><span class=\"byline\">\u00a0Rukmini Callimachi\u00a0<\/span><\/p>\n<p>New York Times\u00a0<\/p>\n<div><span style=\"color: #339966;\">Art\u00edculo publicado el 19 de agosto de 2017 en:<\/span><\/div>\n<div><a href=\"https:\/\/www.nytimes.com\/2017\/08\/19\/world\/europe\/barcelona-cambrils-catalonia-spain-terrorist-attack.html\" target=\"_blank\" rel=\"noopener\">https:\/\/www.nytimes.com\/2017\/08\/19\/world\/europe\/barcelona-cambrils-catalonia-spain-terrorist-attack.html<\/a><\/div>\n<div>\u00a0<\/div>\n<div><span style=\"color: #339966;\"><strong>Traducido por Punto Cr\u00edtico\u00a0<\/strong><\/span><\/div>\n<div>\u00a0<\/div>\n<p style=\"text-align: justify;\" align=\"JUSTIFY\"><span style=\"font-family: arial, helvetica, sans-serif; font-size: 14pt;\">Por m\u00e1s de una d\u00e9cada, Espa\u00f1a parec\u00eda inmune a la progresiva oleada de violencia isl\u00e1mica que estremeci\u00f3 otros pa\u00edses europeos, donde j\u00f3venes radicalizados, a menudo de origen inmigrante y pobres, llevaron a cabo devastadores ataques, con bombas, armas y veh\u00edculos.<\/span><\/p>\n<p style=\"text-align: justify;\" align=\"JUSTIFY\"><span style=\"font-family: arial, helvetica, sans-serif; font-size: 14pt;\">Las fuerzas de seguridad en Espa\u00f1a hab\u00edan conseguido una reputaci\u00f3n de ser uno de los m\u00e1s tenaces operadores contraterroristas de Europa, luchando una intensa batalla bajo una aparente pl\u00e1cida superficie en un pa\u00eds cuya extensa costa mediterr\u00e1nea, justo al otro lado de Marruecos, hace de \u00e9l un atrayente punto de entrada de Europa para los jihadistas.<\/span><\/p>\n<p style=\"text-align: justify;\" align=\"JUSTIFY\"><span style=\"font-family: arial, helvetica, sans-serif; font-size: 14pt;\">Pero la ilusi\u00f3n de un refugio espa\u00f1ol fue roto el jueves cuando una furgoneta atraves\u00f3 las Ramblas, el paseo peatonal m\u00e1s famoso de Barcelona, dejando tras de s\u00ed un rastro de cuerpos incluyendo 13 muertos y 100 heridos. Otra persona fue asesinada en un segundo ataque en una cercana localidad costera que acab\u00f3 cuando la polic\u00eda abati\u00f3 a los cinco sospechosos.<\/span><\/p>\n<p style=\"text-align: justify;\" align=\"JUSTIFY\"><span style=\"font-family: arial, helvetica, sans-serif; font-size: 14pt;\">Ahora, las autoridades se apresuran a averiguar c\u00f3mo un grupo que inclu\u00eda adolescentes pudo llevar a cabo un ataque tan bien planeado y coordinado en un pa\u00eds que hab\u00eda esquivado el peligro por mucho tiempo, a pesar de ser un objetivo tan tentador y simb\u00f3lico para los islamistas.<\/span><\/p>\n<p style=\"text-align: justify;\" align=\"JUSTIFY\"><span style=\"font-size: 14pt; font-family: arial, helvetica, sans-serif;\">\u201cPara los jihadistas, Espa\u00f1a es todav\u00eda un pa\u00eds en primera l\u00ednea de combate\u201d dice Bruce Hoffman, profesor de la universidad de Georgetown que ha asesorado al gobierno Americano sobre terrorismo.<\/span><\/p>\n<p style=\"text-align: justify;\" align=\"JUSTIFY\"><span style=\"font-family: arial, helvetica, sans-serif; font-size: 14pt;\">Desde 2004, cuando una series de bombas arrasaron en trenes de cercan\u00edas en Madrid, matando a 192 personas, Espa\u00f1a ha frustrado una larga lista de tramas islamistas, no en la zona costera alrededor de Barcelona, donde los ataques del jueves tuvieron lugar.<\/span><\/p>\n<p style=\"text-align: justify;\" align=\"JUSTIFY\"><span style=\"font-family: arial, helvetica, sans-serif; font-size: 14pt;\">Sobre 700 sospechosos islamistas han sido arrestados desde 2004, seg\u00fan el Ministerio del Interior espa\u00f1ol. Incluyendo pakistan\u00edes planeando ataques suicidas en el metro de Barcelona en 2008; una c\u00e9lula terrorista en Melilla, territorio espa\u00f1ol en el norte de \u00c1frica; y nueve hombres, la mayor\u00eda marroqu\u00edes, arrestados en abril en conexi\u00f3n con los ataques de Bruselas de marzo de 2016 dirigidos contra el aeropuerto de la ciudad y una estaci\u00f3n de metro.<\/span><\/p>\n<p style=\"text-align: justify;\" align=\"JUSTIFY\"><span style=\"font-family: arial, helvetica, sans-serif; font-size: 14pt;\">El a\u00f1o pasado las autoridades espa\u00f1olas frustraron una posible trama para conducir un cami\u00f3n a trav\u00e9s de la multitud, similar a los anteriores ataques de Berl\u00edn y de la ciudad francesa de Niza, e interceptaron un cargamento en un barco con 20.000 uniformes siendo enviados de contrabando para los jihadistas de Siria e Irak.<\/span><\/p>\n<p style=\"text-align: justify;\" align=\"JUSTIFY\"><span style=\"font-size: 14pt; font-family: arial, helvetica, sans-serif;\">\u201cLas autoridades espa\u00f1olas est\u00e1n en el podio del juego en Europa\u201d dice Matthew G. Olsen, un antiguo director del Centro Nacional Contraterrorista, seg\u00fan mi parecer, han sido extremadamente exitosos en identificar y desmantelar atentados\u201d.<\/span><\/p>\n<p style=\"text-align: justify;\" align=\"JUSTIFY\"><span style=\"font-family: arial, helvetica, sans-serif; font-size: 14pt;\">Animados por el atentado de Madrid del 2004, en la misma forma que el atentado del 11 de septiembre del 2001, sirvi\u00f3 de se\u00f1al de alerta para los americanos, los espa\u00f1oles construyeron despu\u00e9s de d\u00e9cadas de experiencia luchando contra ETA, el movimiento separatista vasco e introdujo una serie de leyes que ayudaron a desmantelar las c\u00e9lulas radicales.<\/span><\/p>\n<p style=\"text-align: justify;\" align=\"JUSTIFY\"><span style=\"font-family: arial, helvetica, sans-serif; font-size: 14pt;\">Pero contraterrorismo es parcialmente una cuesti\u00f3n de suerte, y el jueves, en Espa\u00f1a se acab\u00f3, una trama que por su tama\u00f1o y complejidad, dio una lecci\u00f3n de realismo. <\/span><\/p>\n<p style=\"text-align: justify;\" align=\"JUSTIFY\"><span style=\"font-family: arial, helvetica, sans-serif; font-size: 14pt;\">Algunos de los j\u00f3venes involucrados en los atentados de Barcelona y Cambrils eran adolescentes, y los investigadores creen que viv\u00edan una doble vida mientras planeaban los atentados por un a\u00f1o en una casa en Alcanar, un peque\u00f1o pueblo a 170 kil\u00f3metros de la costa de Barcelona.<\/span><\/p>\n<p style=\"text-align: justify;\" align=\"JUSTIFY\"><span style=\"font-family: arial, helvetica, sans-serif; font-size: 14pt;\">Ofreci\u00f3 un duro recordatorio de los desaf\u00edos de Catalu\u00f1a, una regi\u00f3n con una reputaci\u00f3n de ser un foco creciente de islamismo extremista.<\/span><\/p>\n<p style=\"text-align: justify;\" align=\"JUSTIFY\"><span style=\"font-family: arial, helvetica, sans-serif; font-size: 14pt;\">El auge econ\u00f3mico de Catalu\u00f1a, hogar de un cuarto de los casi dos millones de musulmanes residentes en Espa\u00f1a , ha atra\u00eddo a un gran n\u00famero de inmigrantes musulmanes de Marruecos, Argelia y el sudeste asi\u00e1tico. Pero muchos se esfuerzan por integrarse y acaban atra\u00eddos a grupos radicales Salafi en las mezquitas que surgieron alrededor de un pu\u00f1ado de peque\u00f1os pueblos. <\/span><\/p>\n<p style=\"text-align: justify;\" align=\"JUSTIFY\"><span style=\"font-family: arial, helvetica, sans-serif; font-size: 14pt;\">En un comunicado diplom\u00e1tico en 2007, las autoridades del Departamento de Estado advirtieron, que la zona, con gran poblaci\u00f3n de inmigrantes masculinos, solteros y excluidos, se hab\u00eda convertido en\u201d un im\u00e1n para los captadores de terroristas\u201d.<\/span><\/p>\n<p style=\"text-align: justify;\" align=\"JUSTIFY\"><span style=\"font-family: arial, helvetica, sans-serif; font-size: 14pt;\">Volviendo a los atentados del 11 de septiembre del 2001, los investigadores se encontraron analizando la zona.<\/span><\/p>\n<p style=\"text-align: justify;\" align=\"JUSTIFY\"><span style=\"font-size: 14pt; font-family: arial, helvetica, sans-serif;\">\u201cHay una historia aqu\u00ed\u201d, dice Lorenzo Vidino, director del programa sobre extremismo de la Universidad George Washington.\u201d Si miras en Google maps, la siguiente poblaci\u00f3n despu\u00e9s de Cambrils es Salou, literalmente puedes ir andando. Y Salou es la ciudad donde Mohammed Atta tuvo su \u00faltima reuni\u00f3n en Europa antes del 11 de septiembre\u201d, dijo, refiri\u00e9ndose al piloto del primer avi\u00f3n que impact\u00f3 en el World Trade Center; quien se cre\u00e9 que se hab\u00eda reunido con alguna figura de Al Qaeda en Salou antes del atentado del 11 de septiembre.<\/span><\/p>\n<p style=\"text-align: justify;\" align=\"JUSTIFY\"><span style=\"font-family: arial, helvetica, sans-serif; font-size: 14pt;\">Pero Espa\u00f1a no surge como objetivo principal para los militantes islamistas. Aunque es un firme aliado de la OTAN, el pa\u00eds ha sido un jugador marginal en las guerras de Estados Unidos en Irak y Afganist\u00e1n. Incluso cuando interceptan c\u00e9lulas terroristas agresivamente, los l\u00edderes espa\u00f1oles se han sentido orgullosos de sus esfuerzos para integrar a los musulmanes en la sociedad espa\u00f1ola.<\/span><\/p>\n<p style=\"text-align: justify;\" align=\"JUSTIFY\"><span style=\"font-family: arial, helvetica, sans-serif; font-size: 14pt;\">A pesar de la ca\u00edda econ\u00f3mica y la alta tasa de desempleo, desde la crisis del 2008, en Espa\u00f1a no parece resurgir uno de esos movimientos anti-musulmanes de mano dura como en el resto de europa.<\/span><\/p>\n<p style=\"text-align: justify;\" align=\"JUSTIFY\"><span style=\"font-family: arial, helvetica, sans-serif; font-size: 14pt;\">Se cree que alrededor de 200 residentes espa\u00f1oles han viajado a Siria e Irak, para luchar all\u00ed, una fracci\u00f3n de los cientos que han ido de otros pa\u00edses como Reino Unido y Francia.<\/span><\/p>\n<p style=\"text-align: justify;\" align=\"JUSTIFY\"><span style=\"font-family: arial, helvetica, sans-serif; font-size: 14pt;\">Espa\u00f1a todav\u00eda no puede escapar de su simb\u00f3lica atracci\u00f3n para los islamistas que est\u00e1 profundamente enraizada en su historia. Entre los siglos 8\u00ba y 15\u00ba gran parte de la pen\u00ednsula ib\u00e9rica estaba regida por califas musulmanes y p\u00e1ginas web extremistas a menudo hablan de una forma descabellada acerca de la vuelta a la \u00e9poca de Al-Andalus, como la Espa\u00f1a medieval era conocida.<\/span><\/p>\n<p style=\"text-align: justify;\"><span style=\"font-family: arial, helvetica, sans-serif; font-size: 14pt;\">Y a pesar de todos los esfuerzos para la integraci\u00f3n, Espa\u00f1a ha luchado contra las corrientes extremistas dentro de sus comunidades marroqu\u00edes, de la misma forma que las autoridades brit\u00e1nicas tratan con las comunidades paquistan\u00edes, o los franceses con los residentes de ascendencia tunecina y argelina.<\/span><\/p>\n<p style=\"text-align: justify;\"><span style=\"font-family: arial, helvetica, sans-serif; font-size: 14pt;\">El problema est\u00e1 conectado con la relaci\u00f3n cercana, hist\u00f3rica y a veces complicada con Marruecos, que cuenta con la mayor parte de la inmigraci\u00f3n musulmana del pa\u00eds.<\/span><\/p>\n<p style=\"text-align: justify;\" align=\"JUSTIFY\"><span style=\"font-family: arial, helvetica, sans-serif; font-size: 14pt;\">La mayor\u00eda de la docena de sospechosos del atentado del jueves, han sido identificados como marroqu\u00edes o de ascendencia marroqu\u00ed. Este es el mismo origen del l\u00edder y del resto de los integrantes de los atentados de Par\u00eds del 13 de noviembre de 2015, como tambi\u00e9n lo eran los terroristas que desplegaron maletas bomba en el aeropuerto de Bruselas el 22 de marzo de 2016.<\/span><\/p>\n<p style=\"text-align: justify;\" align=\"JUSTIFY\"><span style=\"font-family: arial, helvetica, sans-serif; font-size: 14pt;\">En agosto de 2015, Ayoub El-Khazzani, un hombre nacido en Marruecos y que viv\u00eda en el sur de Espa\u00f1a, fue neutralizado por los pasajeros en un tren de alta velocidad que circulaba entre Amsterdam y Par\u00eds cuando abri\u00f3 fuego con un Kalashnikov. Se dijo que Khazzani hab\u00eda sido radicalizado en una mezquita de Algeciras, Espa\u00f1a.<\/span><\/p>\n<p style=\"text-align: justify;\" align=\"JUSTIFY\"><span style=\"font-family: arial, helvetica, sans-serif; font-size: 14pt;\">Unos 1600 marroqu\u00edes se han unido al Estado Isl\u00e1mico en Siria y Libia, seg\u00fan el Ministerio del Interior marroqu\u00ed y expertos en seguridad creen que hay cientos de simpatizantes en el pa\u00eds.<\/span><\/p>\n<p style=\"text-align: justify;\" align=\"JUSTIFY\"><span style=\"font-size: 14pt; font-family: arial, helvetica, sans-serif;\">\u201cLo que es sorprendente, es que un atentado como este no haya tenido lugar en Marruecos\u201d dice Issandr El Amrani, un analista del Grupo de Crisis Internacional que recientemente ha publicado un estudio sobre las actividades del Estado Isl\u00e1mico en el norte de Africa.<\/span><\/p>\n<p style=\"text-align: justify;\" align=\"JUSTIFY\"><span style=\"font-family: arial, helvetica, sans-serif; font-size: 14pt;\">El contraterrorismo espa\u00f1ol conf\u00eda fuertemente en la cooperaci\u00f3n con las fuerzas de seguridad marroqu\u00edes, que se han introducido exitosamente en las comunidades de inmigrantes en toda Europa a trav\u00e9s de una red de informantes consolidada, a pesar de la preocupaci\u00f3n de grupos de derechos humanos acerca de sus m\u00e9todos, dice Amrani.<\/span><\/p>\n<p style=\"text-align: justify;\" align=\"JUSTIFY\"><span style=\"font-family: arial, helvetica, sans-serif; font-size: 14pt;\">Pero esta asistencia tambi\u00e9n depende de las relaciones pol\u00edticas entre pa\u00edses, que han sido salpicadas por las tensiones sobre Ceuta y Melilla, los territorios espa\u00f1oles en el norte de Africa, y la siempre candente situaci\u00f3n del S\u00e1hara occidental. <\/span><\/p>\n<p style=\"text-align: justify;\" align=\"JUSTIFY\"><span style=\"font-family: arial, helvetica, sans-serif; font-size: 14pt;\">Mientras ha recortado gastos en otras \u00e1reas, el Gobierno Espa\u00f1ol ha aumentado el personal y presupuesto de este a\u00f1o dedicado a sus servicios de inteligencia. Endurecida su legislaci\u00f3n antiterrorista ha permitido a las autoridades arrestar sospechosos en una fase m\u00e1s temprana en la planificaci\u00f3n del atentado, que en Reino Unido o cualquier otro sitio.<\/span><\/p>\n<p style=\"text-align: justify;\" align=\"JUSTIFY\"><span style=\"font-family: arial, helvetica, sans-serif; font-size: 14pt;\">Hasta la ola de atentados de esta semana, 54 personas han sido arrestadas este a\u00f1o, sospechosas de actividad terrorista en Espa\u00f1a, donde la amenaza de retornados es considerada relativamente peque\u00f1a.<\/span><\/p>\n<p style=\"text-align: justify;\" align=\"JUSTIFY\"><span style=\"font-family: arial, helvetica, sans-serif; font-size: 14pt;\">Pero, como muchas agencias de inteligencias europeas, los espa\u00f1oles est\u00e1n sobrecargados con el volumen de potenciales tramas terroristas que est\u00e1n tratando de vigilar, dice Seth G. Jones, un especialista en terrorismo de la Corporaci\u00f3n RAND.<\/span><\/p>\n<p style=\"text-align: justify;\" align=\"JUSTIFY\"><span style=\"font-size: 14pt; font-family: arial, helvetica, sans-serif;\">\u201cEst\u00e1n inundados con pistas\u201d, dice. \u201cNo hay manera de que puedan cubrir todos los casos abiertos actuales\u201d.<\/span><\/p>\n<p style=\"text-align: center;\"><strong><span style=\"font-size: 18pt; color: #008000;\">***<\/span><\/strong><\/p>\n<figure id=\"attachment_9754\" aria-describedby=\"caption-attachment-9754\" style=\"width: 678px\" class=\"wp-caption aligncenter\"><a href=\"https:\/\/puntocritico.com\/ausajpuntocritico\/wp-content\/uploads\/2018\/03\/FLORES-EN-LAS-RAMBLAS-POR-EL-ATENTADO.jpg\" rel=\"lightbox[9514]\"><img loading=\"lazy\" decoding=\"async\" class=\"wp-image-9754 size-mh-magazine-content\" src=\"https:\/\/puntocritico.com\/ausajpuntocritico\/wp-content\/uploads\/2018\/03\/FLORES-EN-LAS-RAMBLAS-POR-EL-ATENTADO-678x381.jpg\" alt=\"\" width=\"678\" height=\"381\" \/><\/a><figcaption id=\"caption-attachment-9754\" class=\"wp-caption-text\"><span style=\"color: #008000;\">Manifestacion de dolor espont\u00e1nea en Las Ramblas despu\u00e9s del atentado<\/span><\/figcaption><\/figure>\n<p style=\"text-align: center;\"><strong><span style=\"font-size: 18pt; color: #008000;\">***<\/span><\/strong><\/p>\n<h1 style=\"text-align: center;\"><span style=\"font-size: 24pt;\"><b><a id=\"refcomoun12\"><\/a><a href=\"#refcomoun12A\">[2]<\/a> C\u00d3MO UN OSCURO IMAN EVIT\u00d3 LA VIGILANCIA Y FORM\u00d3 LA C\u00c9LULA DE BARCELONA<\/b><\/span><\/h1>\n<p>&nbsp;<\/p>\n<p>Por Alissa J. Rubin, Pactrick Kingsley y Palko Karasz\u00a0<\/p>\n<p>New York Times<\/p>\n<div><span style=\"color: #339966;\">Art\u00edculo publicado el 23 de agosto de 2017 en:<\/span><\/div>\n<div><a href=\"https:\/\/www.nytimes.com\/2017\/08\/23\/world\/europe\/abdelbaki-essati-spain-attacks-imam.html\" target=\"_blank\" rel=\"noopener\">https:\/\/www.nytimes.com\/2017\/08\/23\/world\/europe\/abdelbaki-essati-spain-attacks-imam.html<\/a><\/div>\n<div>\u00a0<\/div>\n<div><span style=\"color: #339966;\"><strong>Traducido por Punto Cr\u00edtico\u00a0<\/strong><\/span><\/div>\n<div>\u00a0<\/div>\n<p style=\"text-align: justify;\" align=\"JUSTIFY\"><span style=\"font-size: 14pt;\">Ripoll, Espa\u00f1a. A veces llevaba vaqueros y vest\u00eda como un \u201chipster\u201d, y s\u00f3lo ten\u00eda una barba corta. Era cort\u00e9s y estudiadamente discreto. Y parec\u00eda que hab\u00eda entrenado a los j\u00f3venes que hab\u00eda atra\u00eddo a su c\u00e9lula terrorista para comportarse de la misma manera llevando una doble vida que delataba poco sus intenciones reales.<\/span><\/p>\n<p style=\"text-align: justify;\" align=\"JUSTIFY\"><span style=\"font-size: 14pt;\">Abdelbaki Essati, el sombr\u00edo im\u00e1n que , seg\u00fan las autoridades, era el centro de los ataques terroristas de la semana pasada en Barcelona y alrededores, parece haber sido un maestro del enga\u00f1o.<\/span><\/p>\n<p style=\"text-align: justify;\" align=\"JUSTIFY\"><span style=\"font-size: 14pt;\">Sus contactos con jihadistas databan de m\u00e1s de una d\u00e9cada atr\u00e1s, pero se las apa\u00f1\u00f3 para evitar la vigilancia de las autoridades y de las sospecahs de muchos en Ripoll, la peque\u00f1a ciudad del norte de Catalu\u00f1a donde apareci\u00f3 a finales del a\u00f1o pasado para ofrecer sus servicios.<\/span><\/p>\n<p style=\"text-align: justify;\" align=\"JUSTIFY\"><span style=\"font-size: 14pt;\">La t\u00e9cnica de Essati, seg\u00fan expertos en terrorismo, fue tomada directamente de la gu\u00eda de reclutadores jihadistas de Al Qaeda, con los cuales hab\u00eda tenido su primer contacto hace m\u00e1s de once a\u00f1os. Ahora parece que us\u00f3 estos m\u00e9todos para seleccionar y preparar cuidadosamente a los j\u00f3venes captados, para el Estado Isl\u00e1mico.<\/span><\/p>\n<p style=\"text-align: justify;\" align=\"JUSTIFY\"><span style=\"font-size: 14pt;\">\u201cEra amable, encantador, realmente educado, pero era demasiado educado, demasiado correcto\u201d dice Wafa Marsi, que creci\u00f3 con el mayor de los miembros de la c\u00e9lula que cre\u00f3 el im\u00e1n en la ciudad.<\/span><\/p>\n<p style=\"text-align: justify;\" align=\"JUSTIFY\"><span style=\"font-size: 14pt;\">\u201cNormalmente te haces una idea sobre la persona por su apariencia, su sonrisa, pero con \u00e9l no pod\u00edas\u201d dice Marsi, que tambi\u00e9n describi\u00f3 su apariencia. \u201cY eso es por lo que no confiaba en \u00e9l\u201d.<\/span><\/p>\n<p style=\"text-align: justify;\" align=\"JUSTIFY\"><span style=\"font-size: 14pt;\">Essati muri\u00f3 el 16 de agosto, cuando los explosivos que estaba manipulando con la ayuda de algunos de sus j\u00f3venes reclutados, explotaron en su casa segura de Alcanar, al sur de Barcelona. En las actas judiciales aparece que la polic\u00eda recuper\u00f3 un libro de entre los restos de la explosi\u00f3n perteneciente al im\u00e1n con el t\u00edtulo \u201cSoldado del Estado Isl\u00e1mico en las tierras de Andaluc\u00eda\u201d.<\/span><\/p>\n<p style=\"text-align: justify;\" align=\"JUSTIFY\"><span style=\"font-size: 14pt;\">Pero incluso despu\u00e9s de su muerte, Essati, su influencia sobre los j\u00f3venes se mantuvo tan fuerte, que el plan que \u00e9l inici\u00f3 sigui\u00f3 para adelante sin una bomba, matando 15 personas.<\/span><\/p>\n<p style=\"text-align: justify;\" align=\"JUSTIFY\"><span style=\"font-size: 14pt;\">Como Essati se escabull\u00f3 entre los controles supuestamente para proteger al p\u00fablico de los posibles terroristas indica la falta de comunicaci\u00f3n entre las fuerzas policiales espa\u00f1olas , las catalanas auton\u00f3micas y el poder judicial.<\/span><\/p>\n<p style=\"text-align: justify;\" align=\"JUSTIFY\"><span style=\"font-size: 14pt;\">Pero tambi\u00e9n indica las habilidades de un reclutador terrorista experimentado, uno que parece haber sido entrenado en mantener un perfil bajo para que nadie pudiera pensar en comprobar sus antecedentes.<\/span><\/p>\n<p style=\"text-align: justify;\" align=\"JUSTIFY\"><span style=\"font-size: 14pt;\">Si lo hubieran hecho s\u00f3lo habr\u00edan encontrado es que \u00e9l hab\u00eda sido condenado una vez por tr\u00e1fico de drogas. Una raz\u00f3n importante por la que Essati pudo moverse bajo el radar de las autoridades antiterroristas espa\u00f1olas ; no ten\u00eda cargos o condenas por terrorismo.<\/span><\/p>\n<p style=\"text-align: justify;\" align=\"JUSTIFY\"><span style=\"font-size: 14pt;\">Aunque Essati hab\u00eda sido conocido por las autoridades judiciales y antiterroristas espa\u00f1olas por al menos 10 a\u00f1os, seg\u00fan Fernando Reinares, director del Programa de Terrorismo Global del Instituto Real Elcano de Madrid, que mantiene una amplia base de datos de los jihadistas espa\u00f1oles basadas en registros judiciales y otras fuentes judiciales.<\/span><\/p>\n<p style=\"text-align: justify;\" align=\"JUSTIFY\"><span style=\"font-size: 14pt;\">\u201cAbdelbaki Essati ten\u00eda una clase de contactos, desde hace una d\u00e9cada con facilitadores de la red , basada en Catalu\u00f1a, de los atentados en los trenes de Madrid, y , posteriormente, mientras estaba en prisi\u00f3n, con un miembro de la misma c\u00e9lula terrorista\u201d dice Reinares.<\/span><\/p>\n<p style=\"text-align: justify;\" align=\"JUSTIFY\"><span style=\"font-size: 14pt;\">Las bombas en los trenes de Madrid mataron a m\u00e1s de 190 personas e hirieron a cientos m\u00e1s.<\/span><\/p>\n<p style=\"text-align: justify;\" align=\"JUSTIFY\"><span style=\"font-size: 14pt;\">Tras los atentados de la \u00faltima semana, las autoridades y pol\u00edticos nacionales y auton\u00f3micos se culpan mutuamente por fallar en trabajar m\u00e1s estrechamente. Su relaci\u00f3n estaba ya tensa debido a los esfuerzos de Catalu\u00f1a para conseguir la independencia de Espa\u00f1a.<\/span><\/p>\n<p style=\"text-align: justify;\" align=\"JUSTIFY\"><span style=\"font-size: 14pt;\">Las fuerzas policiales catalanas llevan quej\u00e1ndose desde hace tiempo que no tienen permitido trabajar con agencias de inteligencia extranjeras por su cuenta, como la C.I.A.<\/span><\/p>\n<p style=\"text-align: justify;\" align=\"JUSTIFY\"><span style=\"font-size: 14pt;\">Otro problema parece ser que la informaci\u00f3n recogida por los operativos de inteligencia antiterrorista, no se traduce en cargos o condenas, y no est\u00e1 disponible por sistema para las autoridades locales.<\/span><\/p>\n<p style=\"text-align: justify;\" align=\"JUSTIFY\"><span style=\"font-size: 14pt;\">Registros de comportamiento en prisi\u00f3n, cada vez m\u00e1s entendido como factor de la radicalizaci\u00f3n, tambi\u00e9n parecen no estar ampliamente compartidos.<\/span><\/p>\n<p style=\"text-align: justify;\" align=\"JUSTIFY\"><span style=\"font-size: 14pt;\">Mientras hay un Consejo Isl\u00e1mico en Catalu\u00f1a que veta a los imanes, no se pregunt\u00f3 acerca de este im\u00e1n, dice Jamal Elattouaki, su coordinador.<\/span><\/p>\n<p style=\"text-align: justify;\" align=\"JUSTIFY\"><span style=\"font-size: 14pt;\">El alcalde de Ripoll, Jordi Munell, dice que la polic\u00eda local deber\u00eda haber conseguido m\u00e1s advertencias acerca de los peligros que presentaba Essati.<\/span><\/p>\n<p style=\"text-align: justify;\" align=\"JUSTIFY\"><span style=\"font-size: 14pt;\">\u201cLa informaci\u00f3n que alguien ten\u00eda no llego a donde deber\u00eda\u201d, dice , a\u00f1adiendo que el Gobierno espa\u00f1ol no la hab\u00eda pasado a las Autoridades catalanas.<\/span><\/p>\n<p style=\"text-align: justify;\" align=\"JUSTIFY\"><span style=\"font-size: 14pt;\">Mientras la polic\u00eda espa\u00f1ola denunciaba a la catalana por marginar de una forma dolorosa la contribuci\u00f3n nacional y de las autoridades militares durante la investigaci\u00f3n y la busca y captura.<\/span><\/p>\n<p style=\"text-align: justify;\" align=\"JUSTIFY\"><span style=\"font-size: 14pt;\">Essati naci\u00f3 en Marruecos sobre 1970 en una peque\u00f1a aldea de la regi\u00f3n de Chauen cerca de Tanger. Se conoce poco acerca de sus primeros a\u00f1os. Coment\u00f3 en la mezquita de Ripoll donde trabaj\u00f3 hasta finales de junio que estaba casado y ten\u00eda 9 hijos.<\/span><\/p>\n<p style=\"text-align: justify;\" align=\"JUSTIFY\"><span style=\"font-size: 14pt;\">No mencion\u00f3 que ten\u00eda conocidos que hab\u00edan sido condenados por terrorismo y que \u00e9l hab\u00eda estado en prisi\u00f3n por asuntos de drogas.<\/span><\/p>\n<p style=\"text-align: justify;\" align=\"JUSTIFY\"><span style=\"font-size: 14pt;\">En 2006 su nombre sali\u00f3 en un caso contra un grupo de hombres acusados de reclutar mujahidines para luchar en Irak. Al menos uno de esos hombres tambi\u00e9n ayud\u00f3 a escapar a los que perpetraron los atentados en los trenes de Madrid de 2004.<\/span><\/p>\n<p style=\"text-align: justify;\" align=\"JUSTIFY\"><span style=\"font-size: 14pt;\">Documentaci\u00f3n de Essati, o copias de ellos , se encontraron en la casa de uno de los reclutadores acusado, Mohamed Mrabet Fahsi, que aleg\u00f3 que ten\u00eda los papeles debido a su trabajo en la mezquita local. El caso fue desestimado por falta de evidencias.<\/span><\/p>\n<p style=\"text-align: justify;\" align=\"JUSTIFY\"><span style=\"font-size: 14pt;\">La siguiente aparici\u00f3n de Essati en registros p\u00fablicos, esta vez \u00e9l mismo compareciendo ante un tribunal, por cargos de tr\u00e1fico de drogas cometidos en 2010, seg\u00fan las autoridades judiciales espa\u00f1olas.<\/span><\/p>\n<p style=\"text-align: justify;\" align=\"JUSTIFY\"><span style=\"font-size: 14pt;\">Fue sentenciado a cuatro a\u00f1os de prisi\u00f3n, y all\u00ed se hizo amigo de Rachid Aglif, conocido como \u201cel conejo\u201d, que estaba cumpliendo una condena de 18 a\u00f1os por estar involucrado en los atentados de Madrid.<\/span><\/p>\n<p style=\"text-align: justify;\" align=\"JUSTIFY\"><span style=\"font-size: 14pt;\">Una orden de expulsi\u00f3n de Essati de Espa\u00f1a cuando saliera de prisi\u00f3n fue desestimada por un juez en 2005, que hab\u00eda demostrado\u201d ser trabajador y su esfuerzo por integrarse\u201d. Fue liberado y desapareci\u00f3.<\/span><\/p>\n<p style=\"text-align: justify;\" align=\"JUSTIFY\"><span style=\"font-size: 14pt;\">Volvi\u00f3 a aparecer a principios de 2016 en B\u00e9lgica, hogar de la c\u00e9lula del Estado Isl\u00e1mico que llev\u00f3 a cabo los ataques de Par\u00eds y Bruselas por esas fechas.<\/span><\/p>\n<p style=\"text-align: justify;\" align=\"JUSTIFY\"><span style=\"font-size: 14pt;\">No hay informaci\u00f3n que sugiera que Essati hubiera contactado con el grupo, pero las autoridades Belgas dicen que ahora est\u00e1n estudiando m\u00e1s profundamente en los antecedentes y movimientos de Essati.<\/span><\/p>\n<p style=\"text-align: justify;\" align=\"JUSTIFY\"><span style=\"font-size: 14pt;\">Hash Bonte, alcalde de Vilvoorde, ciudad belga a las afueras de Bruselas , de donde muchos j\u00f3venes musulmanes han ido a luchar a Siria, dice que Essati \u201cestaba en Vilvoorde de enero a junio del a\u00f1o pasado sin ninguna duda\u201d.<\/span><\/p>\n<p style=\"text-align: justify;\" align=\"JUSTIFY\"><span style=\"font-size: 14pt;\">La comunidad musulmana local, bajo presi\u00f3n debido a la sospecha de que cobijaban terroristas fugitivos, avis\u00f3 de su presencia a las autoridades que pidieron a los servicios de seguridad recabar informaci\u00f3n de Essati, cooperando con las autoridades espa\u00f1olas, dice Bonte .<\/span><\/p>\n<p style=\"text-align: justify;\" align=\"JUSTIFY\"><span style=\"font-size: 14pt;\">Dice que la investigaci\u00f3n no demostr\u00f3 conexiones con terrorismo. De todas formas, al menos una mezquita donde Essati solicit\u00f3 trabajo lo rechazaron por que fue incapaz de presentar un rutinario certificado de buena conducta.<\/span><\/p>\n<p style=\"text-align: justify;\" align=\"JUSTIFY\"><span style=\"font-size: 14pt;\">El alcalde de Vilvoorde dijo a los medios belgas el mi\u00e9rcoles que el im\u00e1n probablemente hizo dos visitas m\u00e1s a B\u00e9lgica.<\/span><\/p>\n<p style=\"text-align: justify;\" align=\"JUSTIFY\"><span style=\"font-size: 14pt;\">Essati ten\u00eda una historia de viajes por lugares de Europa conocidos por sus comunidades musulmanas. Incluyendo Winterthur en Suiza , cerca de Zurich, seg\u00fan un experto en antiterrorismo europeo.<\/span><\/p>\n<p style=\"text-align: justify;\" align=\"JUSTIFY\"><span style=\"font-size: 14pt;\">La gente de Ripoll dice que Younes Abouyaacoub, el joven terrorista reclutado que fue abatido por la polic\u00eda el lunes, tambi\u00e9n hab\u00eda viajado a Zurich en meses recientes. No est\u00e1 claro porqu\u00e9.<\/span><\/p>\n<p style=\"text-align: justify;\" align=\"JUSTIFY\"><span style=\"font-size: 14pt;\">El fiscal de Par\u00eds, Fran\u00e7ois Molins, dijo a los periodistas el mi\u00e9rcoles que dos o tres miembros de la c\u00e9lula de Barcelona hab\u00edan visitado la regi\u00f3n de Par\u00eds el 11 y 12 de agosto, parando en una sucursal de Fnac, una cadena de tiendas que vende electr\u00f3nica.<\/span><\/p>\n<p style=\"text-align: justify;\" align=\"JUSTIFY\"><span style=\"font-size: 14pt;\">\u201cNadie puede pensar, mientras hablamos, que esta visita rel\u00e1mpago a Francia era s\u00f3lo para comprar una c\u00e1mara en Fnac \u201d dice.<\/span><\/p>\n<p style=\"text-align: justify;\" align=\"JUSTIFY\"><span style=\"font-size: 14pt;\">Los analistas de inteligencia americanos creen que Essati ten\u00eda contactos con miembros del ala externa de operaciones del Estado Isl\u00e1mico, dicen que necesitaban m\u00e1s tiempo para determinar si \u00e9l hab\u00eda tenido alg\u00fan papel en los atentados de Barcelona.<\/span><\/p>\n<p style=\"text-align: justify;\" align=\"JUSTIFY\"><span style=\"font-size: 14pt;\">El a\u00f1o pasado, poco despu\u00e9s de su incursi\u00f3n en Vilvoorde, Essati regres\u00f3 a Espa\u00f1a, apareciendo en la peque\u00f1a localidad de monta\u00f1a de Ripoll donde las mezquitas locales estaban buscando un im\u00e1n.<\/span><\/p>\n<p style=\"text-align: justify;\" align=\"JUSTIFY\"><span style=\"font-size: 14pt;\">Su cortejo a los j\u00f3venes empez\u00f3 r\u00e1pido.<\/span><\/p>\n<p style=\"text-align: justify;\" align=\"JUSTIFY\"><span style=\"font-size: 14pt;\">La mayor\u00eda de los que eran su objetivo, eran hombres j\u00f3venes adultos \u201cnormales\u201d. Ten\u00edan trabajos, bien integrados, hablaban catal\u00e1n y castellano, algunos nacieron en Espa\u00f1a.<\/span><\/p>\n<p style=\"text-align: justify;\" align=\"JUSTIFY\"><span style=\"font-size: 14pt;\">Pero Essati, al parecer, ten\u00eda la preparaci\u00f3n y el instinto para encontrar los que podr\u00edan estar m\u00e1s abiertos a unirse a su complot.<\/span><\/p>\n<p style=\"text-align: justify;\" align=\"JUSTIFY\"><span style=\"font-size: 14pt;\">El adiestramiento segu\u00eda, de forma general, al reclutamiento, estrategia se\u00f1alada por los primeros operativos de Al Qaeda, seg\u00fan Daniel Koehler, miembro del programa en Extremismo de la universidad George Washington.<\/span><\/p>\n<p style=\"text-align: justify;\" align=\"JUSTIFY\"><span style=\"font-size: 14pt;\">El manual aconseja centrarse en hombres j\u00f3venes entre 18 y 21 , porque ellos son \u201cpuros\u201d y menos probable que traicionen al grupo.<\/span><\/p>\n<p style=\"text-align: justify;\" align=\"JUSTIFY\"><span style=\"font-size: 14pt;\">Essati tambi\u00e9n reclut\u00f3 hermanos, hab\u00eda cuatro grupos entre los 12, permiti\u00e9ndole usar las conexiones familiares y la presi\u00f3n de grupo para reforzar su lealtad, Koehler se\u00f1al\u00f3.<\/span><\/p>\n<p style=\"text-align: justify;\" align=\"JUSTIFY\"><span style=\"font-size: 14pt;\">\u201cEstos reclutadores cara a cara son incre\u00edblemente fuertes apelando a valores positivos: honor, justicia, libertad, orgullo, valores emocionalmente positivos\u201d, dice.<\/span><\/p>\n<p style=\"text-align: justify;\" align=\"JUSTIFY\"><span style=\"font-size: 14pt;\">\u201cSi los chavales tienen alg\u00fan sentimiento de injusticia, el reclutador les hablar\u00e1 a diario de las injusticias cometidas a las mujeres y ni\u00f1os en Irak y Siria.<\/span><\/p>\n<p style=\"text-align: justify;\" align=\"JUSTIFY\"><span style=\"font-size: 14pt;\">\u201dEl reclutador les otorga esta identidad como guerreros espirituales\u201d a\u00f1ade Koehler. Los j\u00f3venes que se reun\u00edan alrededor de Essati, estaban tan comprometidos que se organizaron para imitar su doble vida y mantener el perfil bajo hasta el final.<\/span><\/p>\n<p style=\"text-align: justify;\" align=\"JUSTIFY\"><span style=\"font-size: 14pt;\">Las familias pueden haber visto cambios en sus hijos, pero nunca pensaron, o no quisieron pensar, que hubiera algo malvado detr\u00e1s.<\/span><\/p>\n<p style=\"text-align: justify;\"><span style=\"font-size: 14pt;\">\u201cSus madres estaban orgullosas\u201d dice Marsi, que conoce muchas de las madres de los j\u00f3venes terroristas.<\/span><\/p>\n<p style=\"text-align: justify;\"><span style=\"font-size: 14pt;\">\u201cLos chavales no fumaban, no estaban bebiendo, uno estaba estudiando para ser ingeniero. Se estaban tomando su vida en serio\u201d.<\/span><\/p>\n<p style=\"text-align: justify;\"><span style=\"font-size: 14pt;\">Siete de los 12 que se unieron a la c\u00e9lula est\u00e1n ahora muertos, el resto se entregaron a la polic\u00eda o fueron capturados.<\/span><\/p>\n<\/blockquote>\n<h1 style=\"text-align: center;\"><a href=\"https:\/\/puntocritico.com\/ausajpuntocritico\/wp-content\/uploads\/2018\/03\/Mosca_Punto_Cr\u00edtico_40.png\" rel=\"lightbox[9514]\"><img loading=\"lazy\" decoding=\"async\" class=\"aligncenter wp-image-9528\" src=\"https:\/\/puntocritico.com\/ausajpuntocritico\/wp-content\/uploads\/2018\/03\/Mosca_Punto_Cr\u00edtico_40.png\" alt=\"\" width=\"40\" height=\"40\" \/><\/a><\/h1>\n<h1>\u00a0<\/h1>\n<h1 class=\"G7lr_ taFHO\" style=\"text-align: center;\"><span class=\"_1fHNK\"><a id=\"ref5\"><\/a><a href=\"#ref5a\">[3]<\/a> Entrevista a Daniele Ganser, autor del libro \u201cLos ej\u00e9rcitos secretos de la OTAN\u201d<\/span><\/h1>\n<p>&nbsp;<\/p>\n<div style=\"text-align: center;\"><iframe loading=\"lazy\" src=\"https:\/\/mega.nz\/embed\/nNkG1RgY!1iS5TwgbVcxodwnj0ymC0aWVfhOrCkGNRXYvOxprGQ4\" width=\"640\" height=\"512\" frameborder=\"0\" allowfullscreen=\"allowfullscreen\"><\/iframe><\/div>\n<h1 style=\"text-align: center;\"><span style=\"color: #008000;\"><span style=\"font-size: 12pt;\">Entrevista a Daniel Ganser en la Facultad de Economicas de la UNED en Madrid, realizada por Tania G\u00e1lvez San Jos\u00e9<\/span><\/span><\/h1>\n<table>\n<tbody>\n<tr>\n<td style=\"border-color: #000000; background-color: #f5f2f2;\">\n<h1><span style=\"color: #008000; font-size: 12pt;\"><a href=\"https:\/\/puntocritico.com\/2017\/06\/26\/el-nazismo-en-europa-es-precisamente-la-otan-por-manlio-dinucci\/\">RESOLUCI\u00d3N sobre el asunto Gladio del Parlamento Europeo, publicado en el Diario Oficial de las Comunidades Europeas el\u00a0 22 de noviembre de 1990, num. C324\/201<\/a><\/span><\/h1>\n<\/td>\n<\/tr>\n<\/tbody>\n<\/table>\n<h1><span style=\"color: #008000;\">\u00a0<\/span><a href=\"https:\/\/puntocritico.com\/ausajpuntocritico\/wp-content\/uploads\/2018\/03\/Mosca_Punto_Cr\u00edtico_40.png\" rel=\"lightbox[9514]\"><img loading=\"lazy\" decoding=\"async\" class=\"aligncenter wp-image-9528\" src=\"https:\/\/puntocritico.com\/ausajpuntocritico\/wp-content\/uploads\/2018\/03\/Mosca_Punto_Cr\u00edtico_40.png\" alt=\"\" width=\"40\" height=\"40\" \/><\/a><\/h1>\n<h1 class=\"story-leaf-title\" style=\"text-align: center;\"><a id=\"ref2\"><\/a><a href=\"#ref2a\">[4]<\/a> Andreas Kramer: \u00abHe golpeado un nido de avispas\u00bb<\/h1>\n<p><span style=\"font-size: 12pt;\">Por\u00a0RAFAEL POCH<\/span><\/p>\n<div><span style=\"color: #339966;\">Art\u00edculo publicado el 27 de abril de 2013 en:<\/span><\/div>\n<div><a href=\"http:\/\/www.lavanguardia.com\/internacional\/20130427\/54371582415\/andreas-kramer-he-golpeado-un-nido-de-avispas.html\" target=\"_blank\" rel=\"noopener\"><span style=\"color: #339966;\">http:\/\/www.lavanguardia.com\/internacional\/20130427\/54371582415\/andreas-kramer-he-golpeado-un-nido-de-avispas.html<\/span><\/a><\/div>\n<p>&nbsp;<\/p>\n<blockquote>\n<p style=\"text-align: justify;\"><span style=\"color: #008000;\"><strong><span style=\"font-size: 14pt; font-family: arial, helvetica, sans-serif;\">\u00abEn Europa la mayor\u00eda de los gobiernos de nuestro entorno eran socialistas y subvertidos por los comunistas, la meta era eliminar a esos gobiernos\u00bb<\/span><\/strong><\/span><\/p>\n<p style=\"text-align: justify;\"><span style=\"color: #008000;\"><strong><span style=\"font-size: 14pt; font-family: arial, helvetica, sans-serif;\">\u00abMe entrenaba. No confiaba en nadie pero en m\u00ed s\u00ed, e hizo algo a lo que no ten\u00eda derecho: rompi\u00f3 el secreto de Gladio con su hijo\u00bb<\/span><\/strong><\/span><\/p>\n<p style=\"text-align: justify;\"><span style=\"color: #008000;\"><strong><span style=\"font-size: 14pt; font-family: arial, helvetica, sans-serif;\">\u00abEl d\u00eda del atentado, cuando sali\u00f3 la noticia por la tele, mi padre estaba ante el televisor con nosotros y dijo, &#8216;yo no quer\u00eda eso'\u00bb<\/span><\/strong><\/span><\/p>\n<\/blockquote>\n<p>&nbsp;<\/p>\n<figure id=\"attachment_9707\" aria-describedby=\"caption-attachment-9707\" style=\"width: 992px\" class=\"wp-caption aligncenter\"><a href=\"https:\/\/puntocritico.com\/ausajpuntocritico\/wp-content\/uploads\/2018\/03\/LV_20130426_LV_FOTOS_D_54372868818-992x558@LaVanguardia-Web.jpg\" rel=\"lightbox[9514]\"><img loading=\"lazy\" decoding=\"async\" class=\"wp-image-9707 size-full\" src=\"https:\/\/puntocritico.com\/ausajpuntocritico\/wp-content\/uploads\/2018\/03\/LV_20130426_LV_FOTOS_D_54372868818-992x558@LaVanguardia-Web.jpg\" alt=\"\" width=\"992\" height=\"558\" srcset=\"https:\/\/puntocritico.com\/ausajpuntocritico\/wp-content\/uploads\/2018\/03\/LV_20130426_LV_FOTOS_D_54372868818-992x558@LaVanguardia-Web.jpg 992w, https:\/\/puntocritico.com\/ausajpuntocritico\/wp-content\/uploads\/2018\/03\/LV_20130426_LV_FOTOS_D_54372868818-992x558@LaVanguardia-Web-300x169.jpg 300w, https:\/\/puntocritico.com\/ausajpuntocritico\/wp-content\/uploads\/2018\/03\/LV_20130426_LV_FOTOS_D_54372868818-992x558@LaVanguardia-Web-768x432.jpg 768w, https:\/\/puntocritico.com\/ausajpuntocritico\/wp-content\/uploads\/2018\/03\/LV_20130426_LV_FOTOS_D_54372868818-992x558@LaVanguardia-Web-678x381.jpg 678w\" sizes=\"auto, (max-width: 992px) 100vw, 992px\" \/><\/a><figcaption id=\"caption-attachment-9707\" class=\"wp-caption-text\"><span style=\"font-size: 10pt; color: #339966;\"><strong>El historiador Andreas Kramer explica la relaci\u00f3n con su padre como algo digno de Dostoyevski, que pasa de la adoraci\u00f3n adolescente al rechazo, como resultado de un gran crimen (Propias)<\/strong><\/span><\/figcaption><\/figure>\n<div>\u00a0<\/div>\n<p style=\"text-align: justify;\"><span style=\"font-size: 14pt; font-family: arial, helvetica, sans-serif;\">Estaci\u00f3n central de Duisburg, a cuatro horas de tren de Berl\u00edn. Si no fuera porque su realidad supera toda ficci\u00f3n,\u00a0<b>Andreas Kramer<\/b>\u00a0podr\u00eda ser un personaje de John le Carr\u00e9. Este hombre de 48 a\u00f1os, sensible, historiador interesado en Bizancio y de hablar un tanto atropellado, ha jurado este mes ante un tribunal de Luxemburgo que su padre, Johannes Kramer, un oficial de los servicios secretos alemanes (BND) que trabajaba para los grupos terroristas de la OTAN (<i>Gladio-stay Behind<\/i>), fue el autor no solo de la mayor\u00eda de los 24 atentados con bomba registrados en el Gran Ducado entre 1984 y 1985, sino tambi\u00e9n del m\u00e1s mort\u00edfero atentado terrorista de la Alemania de posguerra: el de la\u00a0<i>Oktoberfest<\/i>\u00a0de Munich, el 26 de septiembre de 1980, con 13 muertos y 213 heridos, una carnicer\u00eda nunca aclarada con ni\u00f1os entre las v\u00edctimas y muchos miembros amputados.<\/span><\/p>\n<p style=\"text-align: justify;\"><span style=\"font-size: 14pt; font-family: arial, helvetica, sans-serif;\">Esta informaci\u00f3n ha causado revuelo en Luxemburgo, en lo que se conoce como el \u201cjuicio del siglo\u201d, pero no en Alemania. Ning\u00fan juez alem\u00e1n se ha interesado por el asunto, ni ha llamado a declarar a Kramer. Nadie le ha acusado de mentir, ni de ser un charlat\u00e1n. Ning\u00fan medio de comunicaci\u00f3n importante se ha hecho eco. Silencio. Ese silencio es lo que me lleva a Duisburg. Kramer me recibe en la estaci\u00f3n de esa ciudad del Ruhr y me conduce a una cafeter\u00eda, donde espera Giselle, su compa\u00f1era, postrada en una silla de ruedas. Ambos son seres fr\u00e1giles, pero determinados. Dos individuos se sientan en la mesa de al lado y nos cambiamos de sitio.<\/span><\/p>\n<div id=\"divVideoStepAdTop\" class=\"divVideoStep\" style=\"text-align: justify;\"><span style=\"font-size: 14pt; font-family: arial, helvetica, sans-serif;\">\u00a0<b>\u00bfLe vigila la polic\u00eda?<\/b>\u00a0<\/span><br \/>\n <span style=\"font-size: 14pt; font-family: arial, helvetica, sans-serif;\">Nadie me ha denunciado, no hay ning\u00fan proceso judicial contra m\u00ed.<\/span><\/div>\n<div>\u00a0<\/div>\n<p style=\"text-align: justify;\"><span style=\"font-size: 14pt; font-family: arial, helvetica, sans-serif;\"><b>\u00bfControlan su tel\u00e9fono, su correo electr\u00f3nico?<\/b>\u00a0<\/span><br \/>\n <span style=\"font-size: 14pt; font-family: arial, helvetica, sans-serif;\">Eso s\u00ed. Hace dos semanas mi ordenador fue intervenido. Especialistas detectaron que hab\u00edan instalado en \u00e9l un programa de espionaje.<\/span><\/p>\n<p style=\"text-align: justify;\"><span style=\"font-size: 14pt; font-family: arial, helvetica, sans-serif;\"><b>\u00bfC\u00f3mo es que su padre le contaba sus secretos?<\/b>\u00a0<\/span><br \/>\n <span style=\"font-size: 14pt; font-family: arial, helvetica, sans-serif;\">Quer\u00eda que entrara en\u00a0<i>Gladio-Stay Behind<\/i>\u00a0(la red terrorista de la OTAN, reconocida en resoluciones del Parlamento Europeo y del Senado Italiano) y que fuera director de operaciones. Me entrenaba. No confiaba en nadie pero en m\u00ed s\u00ed, e hizo algo a lo que no ten\u00eda derecho: rompi\u00f3 el secreto de Gladio con su hijo.<\/span><\/p>\n<p style=\"text-align: justify;\"><span style=\"font-size: 14pt; font-family: arial, helvetica, sans-serif;\"><b>\u00bfAcaso era Gladio un asunto familiar?<\/b>\u00a0<\/span><br \/>\n <span style=\"font-size: 14pt; font-family: arial, helvetica, sans-serif;\">Claro que no. No era normal reclutar a parientes. Mi madre no sab\u00eda nada. Yo era su \u00fanico hijo var\u00f3n y confiaba.<\/span><\/p>\n<p style=\"text-align: justify;\"><span style=\"font-size: 14pt; font-family: arial, helvetica, sans-serif;\"><b>\u00bfC\u00f3mo era la relaci\u00f3n entre ustedes?<\/b>\u00a0<\/span><br \/>\n <span style=\"font-size: 14pt; font-family: arial, helvetica, sans-serif;\">Complicada y dif\u00edcil de resumir. Una relaci\u00f3n de confianza basada en mi admiraci\u00f3n y respeto. Eso cambi\u00f3 despu\u00e9s del atentado de Munich. Para m\u00ed fue un punto de inflexi\u00f3n porque me di cuenta de que era un asesino.<\/span><\/p>\n<p style=\"text-align: justify;\"><span style=\"font-size: 14pt; font-family: arial, helvetica, sans-serif;\"><b>Usted ten\u00eda 16 a\u00f1os entonces, \u00bfqu\u00e9 papel tuvo su padre en aquello?<\/b>\u00a0<\/span><br \/>\n <span style=\"font-size: 14pt; font-family: arial, helvetica, sans-serif;\">Era oficial de coordinaci\u00f3n de\u00a0<i>Gladio-Stay Behind<\/i>\u00a0y ten\u00eda el encargo de la ACC (<i>Allied Clandestine Commission<\/i>) de la OTAN de preparar un atentado. Para eso necesitaba utilizar a otros, gente a la que embarcar como autores. Mi padre los llamaba \u201ctontos \u00fatiles\u201d. Mi padre ten\u00eda contacto con c\u00edrculos de extrema derecha e implic\u00f3 al \u201cGrupo deportivo militar Hoffmann\u201d (la banda neonazi\u00a0<i>Wehrsportgruppe Hoffmann<\/i>) en el asunto. Mi padre contact\u00f3 con Karl-Heinz Hoffmann como camarada, los dos eran de 1937, y se ofreci\u00f3 a ayudarle en su guerra contra la Rep\u00fablica Federal Alemana. El grupo de Hoffmann estaba a punto de ser ilegalizado. Tambi\u00e9n conoc\u00eda a Gundolf K\u00f6hler (autor del atentado de Munich y \u00fanico culpable indentificado, fallecido al estallar la bomba) desde la \u00e9poca del\u00a0<i>Das Kommando<\/i>, un peri\u00f3dico que editaba el grupo. En una edici\u00f3n de los setenta se ve a K\u00f6hler con un casco nazi. Mi padre dec\u00eda que K\u00f6hler era el tipo ideal y que daba igual si mor\u00eda. No se identific\u00f3 como agente de la OTAN porque si Hoffmann lo hubiera sabido le habr\u00eda mandado a sus matones contra \u00e9l.\u00a0<\/span><\/p>\n<p> <span style=\"font-size: 14pt; font-family: arial, helvetica, sans-serif;\">\u00abMi padre cre\u00f3 un equipo con dos oficiales del BND, cuyos nombres no voy a dar, adem\u00e1s de K\u00f6hler y Naumann, y confeccionaron la bomba en un garaje de Donaueschingen. Mi padre era el principal porque era especialista en explosivos. La bomba ten\u00eda que ser f\u00e1cilmente manipulable y veros\u00edmil, en el sentido de que se creyese que gente como K\u00f6hler la hubiese podido fabricar. Construyeron varias, hicieron pruebas. Tardaron a\u00f1o y medio. El detonador vino de Uelzen, el explosivo de la\u00a0<i>Naval Weapons<\/i>\u00a0<i>Station<\/i>\u00a0de Den Helder (Holanda) y fue entregado por el servicio secreto holand\u00e9s, donde mi padre ten\u00eda contactos con oficiales del\u00a0<i>Gladio-Stay Behind<\/i>. Ellos trajeron el explosivo junto con el extintor que se us\u00f3. El extintor ven\u00eda de Inglaterra, era material del MI-6 de los a\u00f1os cincuenta. El explosivo fue transportado en coches particulares, incluido el de mi familia, matr\u00edcula BN-AE 500, hasta Donauschingen. Mi padre me inform\u00f3 a lo largo de a\u00f1o y medio de los preparativos. El d\u00eda del atentado, cuando sali\u00f3 la noticia por la tele, mi padre estaba ante el televisor con nosotros y dijo, \u201cyo no quer\u00eda eso\u201d. Salimos de la sala, fuimos a otra habitaci\u00f3n a hablar, le dije, \u201c\u00bfpor qu\u00e9 lo hiciste?\u201d. \u201cD\u00e9jame en paz\u201d, me respondi\u00f3. Estuvo dos d\u00edas sin hablar.\u00bb<\/span><\/p>\n<p style=\"text-align: justify;\"><span style=\"font-size: 14pt; font-family: arial, helvetica, sans-serif;\"><b>\u00bfEstaba deprimido?<\/b>\u00a0<\/span><br \/>\n <span style=\"font-size: 14pt; font-family: arial, helvetica, sans-serif;\">S\u00ed<\/span><\/p>\n<p style=\"text-align: justify;\"><span style=\"font-size: 14pt; font-family: arial, helvetica, sans-serif;\"><b>\u00bfO sea que no deseaba aquel ba\u00f1o de sangre?<\/b>\u00a0<\/span><br \/>\n <span style=\"font-size: 14pt; font-family: arial, helvetica, sans-serif;\">En aquel momento se dio cuenta de que era un vulgar asesino, de que ya no pod\u00eda volver atr\u00e1s. Ya no ten\u00eda nada que ver con ser soldado, con matar con cierta legitimaci\u00f3n en acciones dirigidas contra los rusos enemigos, sino liquidar civiles, contra el propio pueblo. Algunos de los muertos eran j\u00f3venes de mi edad, \u201chas matado a gente como yo\u201d, le dije.<\/span><\/p>\n<p style=\"text-align: justify;\"><span style=\"font-size: 14pt; font-family: arial, helvetica, sans-serif;\"><b>\u00bfY qu\u00e9 contest\u00f3?<\/b>\u00a0<\/span><br \/>\n <span style=\"font-size: 14pt; font-family: arial, helvetica, sans-serif;\">\u201cCalla, eso no es asunto tuyo\u201d.<\/span><\/p>\n<p style=\"text-align: justify;\"><span style=\"font-size: 14pt; font-family: arial, helvetica, sans-serif;\"><b>Un a\u00f1o despu\u00e9s del atentado de Munich se detuvo a un guardabosques de extrema derecha llamado Heinz Lembke que hab\u00eda dado explosivos al grupo de Hoffmann, pero el d\u00eda antes de que declarara ante el juez fue encontrado ahorcado en su celda\u2026<\/b>\u00a0<\/span><br \/>\n <span style=\"font-size: 14pt; font-family: arial, helvetica, sans-serif;\">Mi padre me dijo que la v\u00edspera de aquel 1 de noviembre de 1981, Lembke fue visitado por gente del BND de su equipo en la c\u00e1rcel y que no hab\u00eda muerto de muerte natural.<\/span><\/p>\n<p style=\"text-align: justify;\"><span style=\"font-size: 14pt; font-family: arial, helvetica, sans-serif;\"><b>En Munich hay un grupo de abogados y de familiares de v\u00edctimas que sigue buscando, sin ning\u00fan \u00e9xito, explicaciones a aquel atentado, \u00bfse han puesto en contacto con usted tras su declaraci\u00f3n en Luxemburgo?<\/b><\/span><br \/>\n <span style=\"font-size: 14pt; font-family: arial, helvetica, sans-serif;\">No. Tampoco yo me he puesto en contacto con ellos: cuanta m\u00e1s gente meta en esto, m\u00e1s peligro para m\u00ed\u2026.<\/span><\/p>\n<p style=\"text-align: justify;\"><span style=\"font-size: 14pt; font-family: arial, helvetica, sans-serif;\"><b>Pero la publicidad es la mejor protecci\u00f3n\u2026<\/b>\u00a0<\/span><br \/>\n <span style=\"font-size: 14pt; font-family: arial, helvetica, sans-serif;\">Esa gente tiene derechos como v\u00edctimas, pero hasta el d\u00eda de hoy, la fiscal\u00eda de Munich ha impedido cualquier clarificaci\u00f3n, denegando las reclamaciones de abogados y familiares. Igual que en Luxemburgo (m\u00e1s de 80 documentos) en el caso de Munich se han destruido pruebas, en mi opini\u00f3n por obra del BND. De lo contrario no es posible destruir pruebas de un caso tan importante.<\/span><\/p>\n<p style=\"text-align: justify;\"><span style=\"font-size: 14pt; font-family: arial, helvetica, sans-serif;\"><b>En Luxemburgo usted dijo que no habl\u00f3 antes de todo esto porque su padre, fallecido en noviembre, le hab\u00eda amenazado.<\/b>\u00a0<\/span><br \/>\n <span style=\"font-size: 14pt; font-family: arial, helvetica, sans-serif;\">S\u00ed, pero ya antes de que muriera contact\u00e9 con Daniele Ganser (el profesor suizo, autor de la gran investigaci\u00f3n sobre este tema, \u201c<i>Los ej\u00e9rcitos secretos de la OTAN<\/i>\u201d, 2005). Mi padre me advirti\u00f3 expresamente contra cualquier contacto con Ganser. \u201cSe ha acercado demasiado a nuestros secretos y tu sabes demasiado sobre ellos, si contactas con \u00e9l, me encargar\u00e9 de que os liquiden a los dos\u201d, me dijo. Eso me anim\u00f3 a contactar con Ganser. Me encontr\u00e9 con \u00e9l en alg\u00fan lugar de Europa. Lo importante es que aparezcan los documentos secretos, que el adversario los ponga en circulaci\u00f3n. \u00bfC\u00f3mo? Muy simple: yo he golpeado un nido de avispas, les he puesto la trampa de la miel poniendo las cosas encima de la mesa, ahora tienen que venir las moscas. Es un nido de avispas porque Gladio no es un problema alem\u00e1n, sino internacional. En los a\u00f1os ochenta todos los estados miembros de la OTAN ten\u00edan sus grupos\u00a0<i>Gladio-Stay Behind<\/i>. Todos. En Italia se investig\u00f3, hubo una comisi\u00f3n de investigaci\u00f3n en B\u00e9lgica, y ahora en Luxemburgo, pero en Alemania no se aclara nada. La justicia alemana est\u00e1 ciega del ojo derecho. Me podr\u00edan haber abierto un proceso por difamaci\u00f3n desde el BND o el BfV (la polic\u00eda pol\u00edtica), pero no han hecho nada. Algunos periodistas de grandes medios me han llamado pero no han escrito nada. El segundo canal (ZDF) me grab\u00f3 una entrevista, pero no la ha emitido.<\/span><\/p>\n<p style=\"text-align: justify;\"><span style=\"font-size: 14pt; font-family: arial, helvetica, sans-serif;\"><b>Adem\u00e1s de su participaci\u00f3n en Munich y Luxemburgo, usted afirma que su padre tambi\u00e9n estuvo implicado en las llamadas \u201cmasacres de Brabante\u201d en B\u00e9lgica\u2026<\/b>\u00a0<\/span><br \/>\n <span style=\"font-size: 14pt; font-family: arial, helvetica, sans-serif;\">En Luxemburgo no hubo v\u00edctimas, en B\u00e9lgica 28, que se suman a los 13 muertos de Munich\u2026<\/span><\/p>\n<p style=\"text-align: justify;\"><span style=\"font-size: 14pt; font-family: arial, helvetica, sans-serif;\"><b>\u00bfC\u00f3mo justificaba su padre toda esa locura?<\/b>\u00a0<\/span><br \/>\n <span style=\"font-size: 14pt; font-family: arial, helvetica, sans-serif;\">Se trataba de quitarse de en medio a los comunistas. En Europa la mayor\u00eda de los gobiernos de nuestro entorno eran socialistas y subvertidos por los comunistas, la meta era eliminar a esos gobiernos. En Europa solo se quer\u00edan gobiernos de derecha para tener un baluarte contra el comunismo ya que en Europa el Pacto de Varsovia superaba ala OTANen3 a1 en armas convencionales. Se pensaba que los comunistas ten\u00edan demasiada influencia.<\/span><\/p>\n<p style=\"text-align: justify;\"><span style=\"font-size: 14pt; font-family: arial, helvetica, sans-serif;\"><b>Pero, \u00bfpod\u00eda creer alguien en serio que en un pa\u00eds como Luxemburgo existiera un peligro comunista?<\/b>\u00a0<\/span><br \/>\n <span style=\"font-size: 14pt; font-family: arial, helvetica, sans-serif;\">Si se empaqueta bien cualquier mentira puede ser vendida como verdad, como un caramelo\u2026<\/span><\/p>\n<p style=\"text-align: justify;\"><span style=\"font-size: 14pt; font-family: arial, helvetica, sans-serif;\"><b>\u00bf\u2026y cu\u00e1l era el envoltorio en este caso?<\/b>\u00a0<\/span><br \/>\n <span style=\"font-size: 14pt; font-family: arial, helvetica, sans-serif;\">Crear miedo y fortalecer la seguridad interna. Para eso hab\u00eda que escenificar un terrorismo. Y la gente que lo hizo eran oficiales en contacto con Estados Unidos, gente que ten\u00eda que ver con la guerra de Vietnam. Los atentados sucedieron no mucho despu\u00e9s de la guerra de Vietnam concluida en 1975. No aprendieron nada de aquellas barbaridades y aterrorizaron a sus propios aliados europeos. As\u00ed cre\u00edan luchar contra el comunismo.<\/span><\/p>\n<p>&nbsp;<\/p>\n<div style=\"text-align: justify;\">\n<figure id=\"attachment_9708\" aria-describedby=\"caption-attachment-9708\" style=\"width: 678px\" class=\"wp-caption aligncenter\"><a href=\"https:\/\/puntocritico.com\/ausajpuntocritico\/wp-content\/uploads\/2018\/03\/LV_20130426_LV_FOTOS_D_54372869069-992x558@LaVanguardia-Web.jpg\" rel=\"lightbox[9514]\"><img loading=\"lazy\" decoding=\"async\" class=\"wp-image-9708\" src=\"https:\/\/puntocritico.com\/ausajpuntocritico\/wp-content\/uploads\/2018\/03\/LV_20130426_LV_FOTOS_D_54372869069-992x558@LaVanguardia-Web.jpg\" alt=\"\" width=\"678\" height=\"381\" srcset=\"https:\/\/puntocritico.com\/ausajpuntocritico\/wp-content\/uploads\/2018\/03\/LV_20130426_LV_FOTOS_D_54372869069-992x558@LaVanguardia-Web.jpg 992w, https:\/\/puntocritico.com\/ausajpuntocritico\/wp-content\/uploads\/2018\/03\/LV_20130426_LV_FOTOS_D_54372869069-992x558@LaVanguardia-Web-300x169.jpg 300w, https:\/\/puntocritico.com\/ausajpuntocritico\/wp-content\/uploads\/2018\/03\/LV_20130426_LV_FOTOS_D_54372869069-992x558@LaVanguardia-Web-768x432.jpg 768w, https:\/\/puntocritico.com\/ausajpuntocritico\/wp-content\/uploads\/2018\/03\/LV_20130426_LV_FOTOS_D_54372869069-992x558@LaVanguardia-Web-678x381.jpg 678w\" sizes=\"auto, (max-width: 678px) 100vw, 678px\" \/><\/a><figcaption id=\"caption-attachment-9708\" class=\"wp-caption-text\"><span style=\"color: #339966; font-size: 10pt;\"><strong>Venecia, septiembre de 1980. Pocos d\u00edas antes del atentado de Munich, Johannes Kramer y su hijo Andreas (Propias)<\/strong><\/span><\/figcaption><\/figure>\n<\/div>\n<div style=\"text-align: justify;\">\u00a0<\/div>\n<div class=\"story-leaf-despiece\">\n<div class=\"story-leaf-despiece-title\" style=\"text-align: justify;\"><span style=\"font-size: 14pt; font-family: arial, helvetica, sans-serif;\"><span style=\"font-size: 14pt; font-family: arial, helvetica, sans-serif;\">\u00a0<\/span><\/span><br \/>\n<figure id=\"attachment_9709\" aria-describedby=\"caption-attachment-9709\" style=\"width: 678px\" class=\"wp-caption aligncenter\"><a href=\"https:\/\/puntocritico.com\/ausajpuntocritico\/wp-content\/uploads\/2018\/03\/LV_20130426_LV_FOTOS_D_54372869203-992x558@LaVanguardia-Web.jpg\" rel=\"lightbox[9514]\"><img loading=\"lazy\" decoding=\"async\" class=\"wp-image-9709\" src=\"https:\/\/puntocritico.com\/ausajpuntocritico\/wp-content\/uploads\/2018\/03\/LV_20130426_LV_FOTOS_D_54372869203-992x558@LaVanguardia-Web.jpg\" alt=\"\" width=\"678\" height=\"381\" srcset=\"https:\/\/puntocritico.com\/ausajpuntocritico\/wp-content\/uploads\/2018\/03\/LV_20130426_LV_FOTOS_D_54372869203-992x558@LaVanguardia-Web.jpg 992w, https:\/\/puntocritico.com\/ausajpuntocritico\/wp-content\/uploads\/2018\/03\/LV_20130426_LV_FOTOS_D_54372869203-992x558@LaVanguardia-Web-300x169.jpg 300w, https:\/\/puntocritico.com\/ausajpuntocritico\/wp-content\/uploads\/2018\/03\/LV_20130426_LV_FOTOS_D_54372869203-992x558@LaVanguardia-Web-768x432.jpg 768w, https:\/\/puntocritico.com\/ausajpuntocritico\/wp-content\/uploads\/2018\/03\/LV_20130426_LV_FOTOS_D_54372869203-992x558@LaVanguardia-Web-678x381.jpg 678w\" sizes=\"auto, (max-width: 678px) 100vw, 678px\" \/><\/a><figcaption id=\"caption-attachment-9709\" class=\"wp-caption-text\"><span style=\"font-family: georgia, palatino, serif; color: #339966;\"><strong><span style=\"font-size: 10pt;\">Un buen padre de familia: Johannes Kramer, en uniforme del Bundeswehr, con su hijo Andreas y una de las dos hermanas de \u00e9ste, a los 7 a\u00f1os de edad (Propias)<\/span><\/strong><\/span><\/figcaption><\/figure>\n<\/div>\n<div class=\"story-leaf-despiece-txt large\">\n<p>&nbsp;<\/p>\n<p style=\"text-align: justify;\"><span style=\"font-family: 'times new roman', times, serif; font-size: 14pt;\">Johannes Kramer (1937-2012), el hombre al que su hijo describe como una pieza importante del ej\u00e9rcito subversivo de la OTAN, era un buen padre de familia, un hombre cari\u00f1oso y emocional. \u201cNunca me peg\u00f3\u201d, dice el hijo, que ten\u00eda 16 a\u00f1os cuando el atentado de Munich y le profesaba una adoraci\u00f3n de adolescente que solo la masacre de 1980 alter\u00f3 para siempre.<\/span><\/p>\n<p style=\"text-align: justify;\"><span style=\"font-family: 'times new roman', times, serif; font-size: 14pt;\">Fumador empedernido, Johannes Kramer no comet\u00eda excesos de alcohol. Su personalidad es descrita por su hijo como la del dios\u00a0<i>Ianus<\/i>de la primera mitolog\u00eda romana, dios del principio y el fin que tiene una doble cara.<\/span><\/p>\n<p style=\"text-align: justify;\"><span style=\"font-family: 'times new roman', times, serif; font-size: 14pt;\">Oficialmente, Kramer era un mero capit\u00e1n del\u00a0<i>Bundeswehr<\/i>, el ej\u00e9rcito federal alem\u00e1n. En realidad ten\u00eda el rango de coronel en el departamento G-4 del BND, los servicios secretos, con el nombre de guerra de \u201c<i>Cello<\/i>\u201d, dice el hijo. El ej\u00e9rcito subversivo dela OTAN era una estructura secreta e internacional dentro de los propios servicios secretos nacionales.<\/span><\/p>\n<p style=\"text-align: justify;\"><span style=\"font-family: 'times new roman', times, serif; font-size: 14pt;\">\u201cUn d\u00eda, cuando yo ten\u00eda 16 a\u00f1os,\u00a0 mi padre me llev\u00f3 a su despacho. Nunca hab\u00eda visto una mesa tan ordenada. Le pregunt\u00e9, \u201c<em>\u00bfD\u00f3nde est\u00e1n tus papeles, las cosas en las que est\u00e1s trabajando?<\/em>\u201d. Me dijo que todas las carpetas estaban en la caja fuerte. \u201c<em>\u00bfNo te f\u00edas de nadie?<\/em>\u201d, le pregunt\u00e9. \u201c<em>No, de nadie\u201d,<\/em> me respondi\u00f3. Con ello me quiso demostrar que ten\u00eda confianza en mi\u201d, explica el hijo. \u201c<em>Me quer\u00eda reclutar cuando fuera mayor y me preparaba para ello, pero yo no habr\u00eda trabajado para el servicio secreto, sino para \u00e9l, esto es importante entenderlo porque\u00a0Gladio-stay Behind\u00a0era una red secreta dentro del secreto<\/em>\u201d, dice.<\/span><\/p>\n<p style=\"text-align: justify;\"><span style=\"font-family: 'times new roman', times, serif; font-size: 14pt;\">La prueba de que Johannes Kramer no era un mero capit\u00e1n del ej\u00e9rcito est\u00e1 en sus voluminosos ingresos, muy superiores a los de un capit\u00e1n, que se pagaban con fondos reservados. Como jubilado, a Johannes Kramer le correspond\u00eda una pensi\u00f3n de 2.000 euros, pero recib\u00eda, oficialmente, 3.121. El n\u00famero de su certificado de pensiones, delata que pertenec\u00eda al BND, explica su hijo al mostrar el documento.<\/span><\/p>\n<\/div>\n<\/div>\n<p style=\"text-align: center;\"><span style=\"font-size: 14pt;\">\u2666<span style=\"color: #339966;\">\u2666<\/span>\u2666<span style=\"color: #339966;\">\u2666<\/span>\u2666<span style=\"color: #008000;\">\u2666<\/span>\u2666<\/span><\/p>\n<p>&nbsp;<\/p>\n<p style=\"text-align: justify;\"><a href=\"https:\/\/puntocritico.com\/ausajpuntocritico\/wp-content\/uploads\/2018\/03\/pantallazo-iman-de-ripoll.jpg\" rel=\"lightbox[9514]\"><img loading=\"lazy\" decoding=\"async\" class=\"aligncenter wp-image-9755 size-full\" src=\"https:\/\/puntocritico.com\/ausajpuntocritico\/wp-content\/uploads\/2018\/03\/pantallazo-iman-de-ripoll.jpg\" alt=\"\" width=\"774\" height=\"570\" srcset=\"https:\/\/puntocritico.com\/ausajpuntocritico\/wp-content\/uploads\/2018\/03\/pantallazo-iman-de-ripoll.jpg 774w, https:\/\/puntocritico.com\/ausajpuntocritico\/wp-content\/uploads\/2018\/03\/pantallazo-iman-de-ripoll-300x221.jpg 300w, https:\/\/puntocritico.com\/ausajpuntocritico\/wp-content\/uploads\/2018\/03\/pantallazo-iman-de-ripoll-768x566.jpg 768w, https:\/\/puntocritico.com\/ausajpuntocritico\/wp-content\/uploads\/2018\/03\/pantallazo-iman-de-ripoll-80x60.jpg 80w\" sizes=\"auto, (max-width: 774px) 100vw, 774px\" \/><\/a><\/p>\n<h1 style=\"text-align: center;\"><span style=\"font-size: 14pt;\">\u2666<span style=\"color: #339966;\">\u2666<\/span>\u2666<span style=\"color: #339966;\">\u2666<\/span>\u2666<span style=\"color: #008000;\">\u2666<\/span>\u2666<\/span><\/h1>\n<p>&nbsp;<\/p>\n<h1 style=\"text-align: center;\"><a id=\"ref1\"><\/a><a href=\"#ref1a\">[5]<\/a> Rufi\u00e1n: \u00abLo del im\u00e1n de Ripoll es muy raro y ser\u00eda investigado en cualquier pa\u00eds normal\u00bb<\/h1>\n<p><span style=\"font-size: 12pt;\">Por\u00a0CARLOS ENRIQUE BAYO<\/span><\/p>\n<div><span style=\"color: #339966;\">Art\u00edculo publicado el 28 de febrero de 2018 en:<\/span><\/div>\n<div><a href=\"http:\/\/www.publico.es\/politica\/entrevista-coportavoz-erc-rufian-iman-ripoll-raro-seria-investigado-pais-normal.html\" target=\"_blank\" rel=\"noopener\"><span style=\"color: #339966;\">http:\/\/www.publico.es\/politica\/entrevista-coportavoz-erc-rufian-iman-ripoll-raro-seria-investigado-pais-normal.html<\/span><\/a><\/div>\n<div>\u00a0<\/div>\n<div>\u00a0<\/div>\n<figure id=\"attachment_9712\" aria-describedby=\"caption-attachment-9712\" style=\"width: 660px\" class=\"wp-caption aligncenter\"><a href=\"https:\/\/puntocritico.com\/ausajpuntocritico\/wp-content\/uploads\/2018\/03\/5a383b73636df.r_1519813791943.0-46-633-372.jpg\" rel=\"lightbox[9514]\"><img loading=\"lazy\" decoding=\"async\" class=\"wp-image-9712 size-full\" src=\"https:\/\/puntocritico.com\/ausajpuntocritico\/wp-content\/uploads\/2018\/03\/5a383b73636df.r_1519813791943.0-46-633-372.jpg\" alt=\"\" width=\"660\" height=\"340\" srcset=\"https:\/\/puntocritico.com\/ausajpuntocritico\/wp-content\/uploads\/2018\/03\/5a383b73636df.r_1519813791943.0-46-633-372.jpg 660w, https:\/\/puntocritico.com\/ausajpuntocritico\/wp-content\/uploads\/2018\/03\/5a383b73636df.r_1519813791943.0-46-633-372-300x155.jpg 300w\" sizes=\"auto, (max-width: 660px) 100vw, 660px\" \/><\/a><figcaption id=\"caption-attachment-9712\" class=\"wp-caption-text\"><span style=\"font-size: 10pt; color: #339966;\"><strong>El coportavoz de Esquerra Republicana en el Congreso de los Diputados, Gabriel Rufi\u00e1n.<\/strong><\/span><\/figcaption><\/figure>\n<p id=\"m125-124-126\" style=\"text-align: justify;\"><span style=\"font-size: 14pt; font-family: arial, helvetica, sans-serif;\">Ha sido uno de los m\u00e1s sangrientos atentados de la democracia, que sacudi\u00f3 a la sociedad catalana en plena cuenta atr\u00e1s del proc\u00e9s independentista, pero no s\u00f3lo parece haber desinter\u00e9s en investigarlo sino que desde el Ejecutivo se est\u00e1 frenando todo intento de desentra\u00f1ar los motivos de que se cometiera tan tremendo fallo de seguridad nacional,\u00a0<a title=\"Mossos, polic\u00edas y guardias se coordinaron al margen de la rivalidad Rajoy-Puigdemont\" href=\"http:\/\/www.publico.es\/politica\/atentados-catalunya-policia-nacional-mossos-coordinaron-margen-rivalidad-rajoy-puigdemont.html\" target=\"_blank\" rel=\"noopener\">precisamente cuando Interior alardeaba de la eficacia de sus medidas antiterroristas<\/a>.<\/span><\/p>\n<p id=\"m130-1-131\" style=\"text-align: justify;\"><span style=\"font-size: 14pt; font-family: arial, helvetica, sans-serif;\">Aunque lo que m\u00e1s alarm\u00f3 a la opini\u00f3n p\u00fablica catalana fue descubrir que el cerebro de los atentados \u2013en los que perecieron 16 personas y m\u00e1s de 120 resultaron heridas\u2013, el im\u00e1n de Ripoll (Girona), el marroqu\u00ed\u00a0<a title=\"El CNI contact\u00f3 con el im\u00e1n de Ripoll cuando estaba en prisi\u00f3n condenado por narcotr\u00e1fico\" href=\"http:\/\/www.publico.es\/politica\/terrorismo-yihadista-cni-contacto-iman-ripoll-prision-condenado-narcotrafico.html\" target=\"_blank\" rel=\"noopener\">Abdelbaki es Satty, estuvo en contacto en 2014 con los servicios secretos (el Centro Nacional de Inteligencia) mientras permaneci\u00f3 preso en Castell\u00f3n por tr\u00e1fico de drogas<\/a>. Una revelaci\u00f3n que reforzaba las sospechas levantadas por el hecho de que\u00a0<b>Es Satty tuvo el tel\u00e9fono pinchado por la Polic\u00eda, con luz verde judicial, ya en 2005 por sus v\u00ednculos con organizaciones yihadistas.<\/b><\/span><\/p>\n<blockquote>\n<p style=\"text-align: justify;\"><strong><span style=\"font-size: 14pt; font-family: arial, helvetica, sans-serif; color: #008000;\">Abdelbaki Es Satty no fue expulsado tras cumplir condena por narcotr\u00e1fico y pudo viajar por los centros yihadistas de B\u00e9lgica<\/span><\/strong><\/p>\n<\/blockquote>\n<p id=\"m145-4-146\" style=\"text-align: justify;\"><span style=\"font-size: 14pt; font-family: arial, helvetica, sans-serif;\">Sin embargo, cuando termin\u00f3 de cumplir su condena por narcotr\u00e1fico no fue expulsado de Espa\u00f1a \u2013como suelen decidir los jueces en casos as\u00ed\u2013, sino que incluso logr\u00f3 recomendaciones para llegar a actuar como im\u00e1n (cl\u00e9rigo isl\u00e1mico) en Catalunya, una\u00a0<b>responsabilidad religiosa muy sensible puesto que sus pr\u00e9dicas pueden exacerbar o aplacar el fanatismo de algunos fieles<\/b>.<\/span><\/p>\n<p id=\"m150-5-151\" style=\"text-align: justify;\"><span style=\"font-size: 14pt; font-family: arial, helvetica, sans-serif;\">Es Satty acab\u00f3 muriendo en un chalet de Alcanar (al sur de Tarragona) al estallar el polvor\u00edn de explosivos con el que su c\u00e9lula yihadista pretend\u00eda sembrar el terror en Catalunya, pero antes goz\u00f3 de una notable libertad de movimientos\u00a0<b>\u2013incluso viajando al extranjero por centros del islamismo internacional en B\u00e9lgica\u2013 que le permiti\u00f3 organizar una banda de j\u00f3venes terroristas<\/b>\u00a0que acabaron cometiendo la matanza de Las Ramblas el pasado 17 de agosto y fueron abatidos al intentar otra en Cambrils al d\u00eda siguiente.<\/span><\/p>\n<p id=\"m155-6-156\" style=\"text-align: justify;\"><span style=\"font-size: 14pt; font-family: arial, helvetica, sans-serif;\">Una historia digna del gui\u00f3n de una pel\u00edcula de esp\u00edas pero de la que ninguna autoridad ha dado explicaciones hasta ahora, mientras\u00a0<b>los grandes medios de comunicaci\u00f3n se han centrado en la filtraci\u00f3n de un aviso gen\u00e9rico de la inteligencia de EEUU<\/b>\u00a0sobre la posibilidad de atentados en lugares tur\u00edsticos muy concurridos de Catalunya, como las Ramblas barcelonesas, este \u00faltimo verano.<\/span><\/p>\n<p id=\"m160-7-161\" style=\"text-align: justify;\"><span style=\"font-size: 14pt; font-family: arial, helvetica, sans-serif;\">As\u00ed que Esquerra Republicana de Catalunya y el PDECat han decidido pedir la creaci\u00f3n en el Congreso de\u00a0<a title=\"El Congreso dictamina que el Gobierno cre\u00f3 una polic\u00eda pol\u00edtica para atacar a sus rivales\" href=\"http:\/\/www.publico.es\/politica\/congreso-dictamina-gobierno-creo-policia-politica-atacar-rivales.html\" target=\"_blank\" rel=\"noopener\">una comisi\u00f3n de investigaci\u00f3n como la que examin\u00f3 las cloacas de Interior que en su d\u00eda revel\u00f3\u00a0<i>P\u00fablico<\/i><\/a>. Por tanto, hemos entrevistado a\u00a0<b>Gabriel Rufi\u00e1n, coportavoz de ERC en el Congreso<\/b>, para que nos explique los motivos que les mueven a poner en marcha una iniciativa tan pol\u00e9mica.<\/span><\/p>\n<h2 id=\"m165-8-166\" class=\"question\" style=\"text-align: justify;\"><span style=\"font-size: 14pt; font-family: arial, helvetica, sans-serif;\">\u00bfPor qu\u00e9 hab\u00e9is solicitado una comisi\u00f3n de investigaci\u00f3n sobre las relaciones del im\u00e1n de Ripoll con los servicios de inteligencia?<\/span><\/h2>\n<p id=\"m170-9-171\" style=\"text-align: justify;\"><span style=\"font-size: 14pt; font-family: arial, helvetica, sans-serif;\">La verdad es que viene de lejos. Despu\u00e9s de lo que publicasteis vosotros en\u00a0<i>P\u00fablico<\/i>, nosotros solicitamos en la Diputaci\u00f3n Permanente poder pedir explicaciones al ministro en sesi\u00f3n extraordinaria de la Comisi\u00f3n de Interior por la relaci\u00f3n confesa entre el im\u00e1n y el Centro Nacional de Inteligencia [CNI]. La verdad es que no es ninguna hip\u00f3tesis ni ninguna teor\u00eda, sino que es una relaci\u00f3n, confesa y publicada, entre el CNI y el cerebro de uno de los peores ataques terroristas de la historia de este pa\u00eds\u2026 y la respuesta fue que \u00abno ha lugar\u00bb. Ni siquiera nos dejaron debatir ni exponer el tema en la Diputaci\u00f3n Permanente.<\/span><\/p>\n<blockquote>\n<p><span style=\"color: #008000;\"><strong><span style=\"font-size: 14pt; font-family: arial, helvetica, sans-serif;\">\u00abLa Comisi\u00f3n de Secretos Oficiales es una estafa para ocultar lo que no se quiere que se sepa\u00bb<\/span><\/strong><\/span><\/p>\n<\/blockquote>\n<h2 id=\"m175-10-176\" class=\"question\" style=\"text-align: justify;\"><span style=\"font-size: 14pt; font-family: arial, helvetica, sans-serif;\">\u00bfQu\u00e9 motivos adujeron?<\/span><\/h2>\n<p style=\"text-align: justify;\"><span style=\"font-family: arial, helvetica, sans-serif; font-size: 14pt;\">Tienen la coartada de la Comisi\u00f3n de Secretos Oficiales, que es una especie de estafa para intentar ocultar lo que no se quiere que se sepa. Porque es una comisi\u00f3n a puerta cerrada donde la opacidad es absoluta\u2026 de hecho est\u00e1 penado que un diputado diga lo que ah\u00ed se comenta\u2026 y ya est\u00e1 anunciada desde noviembre la sesi\u00f3n de esa comisi\u00f3n en la que el director del CNI [F\u00e9lix Sanz] se supone que iba a explicar esta relaci\u00f3n. De todas formas, aunque tarde o temprano se convocar\u00e1 [<\/span><a style=\"font-family: arial, helvetica, sans-serif; font-size: 14pt;\" title=\"PDeCAT y ERC piden una comisi\u00f3n de investigaci\u00f3n sobre el im\u00e1n de Ripoll\" href=\"http:\/\/www.publico.es\/politica\/atentados-catalunya-pdecat-erc-piden-comision-investigacion-iman-ripoll.html\" target=\"_blank\" rel=\"noopener\">Sanz comparecer\u00e1 a petici\u00f3n propia el 6 de marzo<\/a><span style=\"font-family: arial, helvetica, sans-serif; font-size: 14pt;\">], a causa de la presi\u00f3n de la oposici\u00f3n, es absurdo, porque ese se\u00f1or llegar\u00e1 a puerta cerrada, sin c\u00e1maras ni nada, y comentar\u00e1 lo que quiera sin que ning\u00fan diputado pueda explicar lo que all\u00ed se ha dicho. Y nos parece que es absurdo porque en un pa\u00eds democr\u00e1tico normal, a tenor de los hechos y de la gravedad de lo acontecido, estos hechos no s\u00f3lo han de ser portada de todos los diarios sino que tambi\u00e9n merecen una comisi\u00f3n de investigaci\u00f3n que los esclarezca.<\/span><\/p>\n<h2 id=\"m190-13-191\" class=\"question\" style=\"text-align: justify;\"><span style=\"font-size: 14pt; font-family: arial, helvetica, sans-serif;\">Os centr\u00e1is en la relaci\u00f3n entre el CNI y el im\u00e1n cuando estuvo en prisi\u00f3n, pero sab\u00e9is que cinco a\u00f1os antes, en 2005, hab\u00eda tenido el tel\u00e9fono intervenido\u2026<\/span><\/h2>\n<p id=\"m195-14-196\" style=\"text-align: justify;\"><span style=\"font-size: 14pt; font-family: arial, helvetica, sans-serif;\">S\u00ed, por orden del juez Grande Marlaska.<\/span><\/p>\n<h2 id=\"m200-15-201\" class=\"question\" style=\"text-align: justify;\"><span style=\"font-size: 14pt; font-family: arial, helvetica, sans-serif;\">Exacto. Fue ese juez el que autoriz\u00f3 la intervenci\u00f3n, pero ese pinchazo no fue solicitado por el CNI, sino por la Polic\u00eda, y eso es algo que se hace habitualmente con los confidentes. \u00bfTambi\u00e9n hay que averiguar si actu\u00f3 como confidente de la Polic\u00eda Nacional?<\/span><\/h2>\n<p id=\"m205-16-206\" style=\"text-align: justify;\"><span style=\"font-size: 14pt; font-family: arial, helvetica, sans-serif;\">S\u00ed, s\u00ed. De hecho en nuestro escrito tambi\u00e9n constatamos esa intervenci\u00f3n telef\u00f3nica decidida por el juez Grande Marlaska\u2026 Nos fijamos m\u00e1s en el primer contacto que se hizo con \u00e9l a tenor de su vinculaci\u00f3n del yihadismo, en la c\u00e1rcel de Castell\u00f3n, donde estaba por tr\u00e1fico de hach\u00eds, que le detienen en 2014 en Ceuta. Pero no s\u00f3lo queremos fijarnos en esa relaci\u00f3n sino en toda la trayectoria de Es Satty. Tambi\u00e9n hacemos referencia en nuestro escrito de solicitud de la comisi\u00f3n a unas declaraciones de un inspector que dice que \u201cdebe haber unos 10, 11 o 12 confidentes del tipo de Es Satty, y todos ellos est\u00e1n controlados al mil\u00edmetro\u00bb. En todo caso, ninguno de ellos podr\u00eda entrar y salir impunemente del pa\u00eds como Es Satty hizo, que estuvo en B\u00e9lgica tres meses\u2026 Es todo muy raro y nosotros queremos saber por qu\u00e9 es todo tan raro.<\/span><\/p>\n<h2 id=\"m210-17-211\" class=\"question\" style=\"text-align: justify;\"><span style=\"font-size: 14pt; font-family: arial, helvetica, sans-serif;\">\u00bfPor qu\u00e9 raro?<\/span><\/h2>\n<blockquote>\n<p style=\"text-align: justify;\"><span style=\"color: #008000;\"><strong><span style=\"font-size: 14pt; font-family: arial, helvetica, sans-serif;\">\u00abEs intolerable que los Mossos no tengan acceso a los archivos ni a las bases de datos de la Polic\u00eda Nacional, de Interpol, del CNI\u00bb&#8230;<\/span><\/strong><\/span><\/p>\n<\/blockquote>\n<p id=\"m220-19-221\" style=\"text-align: justify;\"><span style=\"font-size: 14pt; font-family: arial, helvetica, sans-serif;\">Es un tipo que estuvo durante meses en Ripoll conformando una c\u00e9lula terrorista, y manipula explosivos en Alcanar y nadie sabe nada\u2026 Y no se da aviso a los Mossos d\u2019Esquadra. Y eso es algo que tambi\u00e9n queremos investigar porque es intolerable que los Mossos no tengan acceso a los archivos ni a las bases de datos de la Polic\u00eda Nacional, de Interpol, del CNI. M\u00e1s que nada porque hay diferentes avisos o diferentes peticiones de informaci\u00f3n en torno a Es Satty por parte de los Mossos, y los Mossos informan siempre lo mismo: no tenemos datos de este se\u00f1or, porque no tienen acceso, hasta veinte d\u00edas despu\u00e9s de los atentados, a las bases de datos.<\/span><\/p>\n<h2 id=\"m225-20-226\" class=\"question\" style=\"text-align: justify;\"><span style=\"font-size: 14pt; font-family: arial, helvetica, sans-serif;\">Castell\u00f3n no fue la primera relaci\u00f3n de Es Satty con las fuerzas de seguridad en relaci\u00f3n con el yihadismo; en 2005 se le pinch\u00f3 el tel\u00e9fono precisamente porque hab\u00eda estado conviviendo en un piso con miembros de una c\u00e9lula relacionada con el 11-M&#8230;<\/span><\/h2>\n<p id=\"m230-21-231\" style=\"text-align: justify;\"><span style=\"font-size: 14pt; font-family: arial, helvetica, sans-serif;\">Lo que tenemos entendido, aunque igual no lo sabemos bien, es que en Castell\u00f3n el contacto es m\u00e1s, digamos, oficial.<\/span><\/p>\n<h2 id=\"m235-22-236\" class=\"question\" style=\"text-align: justify;\"><span style=\"font-size: 14pt; font-family: arial, helvetica, sans-serif;\">\u00bfM\u00e1s oficial? \u00bfQuieres decir m\u00e1s personal?<\/span><\/h2>\n<p id=\"m240-23-241\" style=\"text-align: justify;\"><span style=\"font-size: 14pt; font-family: arial, helvetica, sans-serif;\">Exacto, exacto. Y en el caso de Grande Marlaska\u2026 aunque s\u00ed que es cierto que se suele pinchar el tel\u00e9fono de los confidentes\u2026 por lo que sabemos o por la informaci\u00f3n que tenemos, es m\u00e1s un investigado que un confidente. En cambio, en Castell\u00f3n s\u00ed que se establece \u2013o eso es lo que parece ser\u2013 una relaci\u00f3n de colaboraci\u00f3n. Pero, vamos, no tenemos certeza de ello y por eso queremos investigarlo todo.<\/span><\/p>\n<blockquote>\n<p style=\"text-align: justify;\"><strong><span style=\"font-size: 14pt; font-family: arial, helvetica, sans-serif; color: #008000;\">\u00abRelatar todo lo que sucedi\u00f3 ser\u00eda obligado en cualquier pa\u00eds normal, y aqu\u00ed ni se comenta; casi, casi, parece que molesta\u00bb<\/span><\/strong><\/p>\n<\/blockquote>\n<h2 id=\"m245-24-246\" class=\"question\" style=\"text-align: justify;\"><span style=\"font-size: 14pt; font-family: arial, helvetica, sans-serif;\">Lo m\u00e1s reservado que hay en la Polic\u00eda es el archivo de confidentes, as\u00ed que por eso os remiten a la Comisi\u00f3n de Secretos Oficiales&#8230;<\/span><\/h2>\n<p style=\"text-align: justify;\"><span style=\"font-family: arial, helvetica, sans-serif; font-size: 14pt;\">S\u00ed, pero creo que todo el mundo, independientemente de las siglas, puede estar de acuerdo en que es un tema tan grave y gener\u00f3 tanto da\u00f1o que, si alg\u00fan confidente merece ser destapado o alguna informaci\u00f3n relativa a los confidentes debe ser conocida por el p\u00fablico, es en este caso. Relatar todo lo que sucedi\u00f3 en Barcelona y Cambrils este verano es algo que ser\u00eda obligado en cualquier pa\u00eds normal. Y ser\u00eda motivo no solamente de una comisi\u00f3n de investigaci\u00f3n sino tambi\u00e9n de asumir responsabilidades pol\u00edticas. Y aqu\u00ed no se comenta nada, no pasa nada\u2026 de hecho, casi, casi, parece que molesta, \u00bfno?<\/span><\/p>\n<h2 id=\"m260-27-261\" class=\"question\" style=\"text-align: justify;\"><span style=\"font-size: 14pt; font-family: arial, helvetica, sans-serif;\">De lo que s\u00ed se ha hablado mucho es de la famosa \u201cthe nota\u201d de los servicios de inteligencia de EEUU, confirmada y desmentida una y otra vez como si fuese una cortina de humo. Y est\u00e1 involucrado el CITCO que dirige Jos\u00e9 Luis Olivera . \u00bfSe pidi\u00f3 comparecer a Olivera?<\/span><\/h2>\n<p id=\"m265-28-266\" style=\"text-align: justify;\"><span style=\"font-size: 14pt; font-family: arial, helvetica, sans-serif;\">No, no se le pidi\u00f3. Pero, evidentemente, si la comisi\u00f3n de investigaci\u00f3n va adelante, la pedir\u00edamos. Y eso es algo que comentamos con Ciudadanos, incluso. Porque Ciudadanos intent\u00f3 pedir tambi\u00e9n, hace unas semanas, una comisi\u00f3n de investigaci\u00f3n\u2026 pero se centraban casi exclusivamente en esa campa\u00f1a de calumnias que tienen contra los Mossos d\u2019Esquadra y entonces se basaron en \u201cthe nota\u201d. Y nosotros les dijimos que no tenemos absolutamente ning\u00fan problema en investigar qu\u00e9 tipo de gesti\u00f3n han hecho los Mossos, y si es cierto o no es cierto\u2026 Independientemente de la opini\u00f3n que tengamos cada uno, yo creo que merece ser investigado. Ahora bien, lo que no nos parece justo, no nos parece correcto, es que en esta comisi\u00f3n de investigaci\u00f3n que proponen en ning\u00fan momento hablen de Es Satty ni de su relaci\u00f3n con el CNI, ni de toda la gesti\u00f3n de la Polic\u00eda Nacional ni de los servicios de inteligencia\u2026 Y, claro, la respuesta fue que \u00abno ha lugar\u00bb\u2026 bueno, lo de siempre. As\u00ed que, por nosotros no hay ning\u00fan tipo de problema para que se investigue absolutamente todo.<\/span><\/p>\n<h2 id=\"m270-29-271\" class=\"question\" style=\"text-align: justify;\"><span style=\"font-size: 14pt; font-family: arial, helvetica, sans-serif;\">\u00bfQu\u00e9 posibilidades veis de que haya suficiente apoyo en el Congreso para que se establezca esa comisi\u00f3n de investigaci\u00f3n?<\/span><\/h2>\n<p id=\"m275-30-276\" style=\"text-align: justify;\"><span style=\"font-size: 14pt; font-family: arial, helvetica, sans-serif;\">Pues todo depende del PSOE\u2026 Y la verdad es que \u00faltimamente cuando algo justo, \u00e9tico y decente depende del PSOE, pues no se hace. Tenemos pocas esperanzas. Intentaremos siempre intensificar los contactos con Robles y compa\u00f1\u00eda, pero\u2026 yo soy esc\u00e9ptico. Ojal\u00e1 me equivoque, y es algo dif\u00edcil de explicar para el PSOE, si votan en contra, pero tambi\u00e9n venimos de una serie de votaciones dif\u00edciles de explicar por parte del PSOE y no pasa absolutamente nada.<\/span><\/p>\n<h2 id=\"m280-31-281\" class=\"question\" style=\"text-align: justify;\"><span style=\"font-size: 14pt; font-family: arial, helvetica, sans-serif;\">\u00bfSer\u00eda Margarita Robles la interlocutora del PSOE, por su trayectoria, en este caso?<\/span><\/h2>\n<p id=\"m285-32-286\" style=\"text-align: justify;\"><span style=\"font-size: 14pt; font-family: arial, helvetica, sans-serif;\">S\u00ed, la verdad es que tanto Joan Tard\u00e0, como Ester Capella, como yo mismo, si con alguien hablamos en el PSOE o tenemos m\u00e1s relaci\u00f3n con alguien del PSOE es con la propia Margarita, por motivos obvios, porque es la portavoz, y tambi\u00e9n por su trayectoria. Y yo estoy convencido de que Margarita Robles, como jurista, votar\u00eda a favor de esto. Si vota en contra ser\u00e1 simplemente por esas guerras intestinas que tiene ahora mismo el PSOE y principalmente el grupo parlamentario en el Congreso. Pero ojal\u00e1 nos encontremos al mejor PSOE y vote a favor de la comisi\u00f3n de investigaci\u00f3n. Ahora bien, muchas esperanzas no tenemos.<\/span><a href=\"https:\/\/puntocritico.com\/ausajpuntocritico\/wp-content\/uploads\/2018\/03\/Escrito-solicitando-una-comision-de-investigacion-sobre-las-relaciones-del-iman-de-Ripoll-con-el-CNI-y-la-Policia.jpg\" rel=\"lightbox[9514]\"><img loading=\"lazy\" decoding=\"async\" class=\"aligncenter wp-image-9711\" src=\"https:\/\/puntocritico.com\/ausajpuntocritico\/wp-content\/uploads\/2018\/03\/Escrito-solicitando-una-comision-de-investigacion-sobre-las-relaciones-del-iman-de-Ripoll-con-el-CNI-y-la-Policia-221x300.jpg\" alt=\"\" width=\"300\" height=\"407\" srcset=\"https:\/\/puntocritico.com\/ausajpuntocritico\/wp-content\/uploads\/2018\/03\/Escrito-solicitando-una-comision-de-investigacion-sobre-las-relaciones-del-iman-de-Ripoll-con-el-CNI-y-la-Policia-221x300.jpg 221w, https:\/\/puntocritico.com\/ausajpuntocritico\/wp-content\/uploads\/2018\/03\/Escrito-solicitando-una-comision-de-investigacion-sobre-las-relaciones-del-iman-de-Ripoll-con-el-CNI-y-la-Policia.jpg 576w\" sizes=\"auto, (max-width: 300px) 100vw, 300px\" \/><\/a><span style=\"font-size: 14pt;\"><span style=\"font-family: arial, helvetica, sans-serif;\">Descarga<\/span> <a href=\"https:\/\/puntocritico.com\/ausajpuntocritico\/documentos\/372608865-Escrito-solicitando-una-comision-de-investigacion-sobre-las-relaciones-del-iman-de-Ripoll-con-el-CNI-y-la-Policia.pdf\">aqu\u00ed<\/a> el Escrito solicitando una comisi\u00f3n de investigaci\u00f3n sobre las relaciones del\u00a0im\u00e1n de Ripoll con el CNI y la Polic\u00eda.<\/span><\/p>\n<p>&nbsp;<\/p>\n<p style=\"text-align: center;\"><a href=\"https:\/\/puntocritico.com\/ausajpuntocritico\/wp-content\/uploads\/2018\/03\/Mosca_Punto_Cr\u00edtico_40.png\" rel=\"lightbox[9514]\"><img loading=\"lazy\" decoding=\"async\" class=\"wp-image-9528 aligncenter\" src=\"https:\/\/puntocritico.com\/ausajpuntocritico\/wp-content\/uploads\/2018\/03\/Mosca_Punto_Cr\u00edtico_40.png\" alt=\"\" width=\"40\" height=\"40\" \/><\/a><\/p>\n<p>&nbsp;<\/p>\n<figure id=\"attachment_9759\" aria-describedby=\"caption-attachment-9759\" style=\"width: 523px\" class=\"wp-caption aligncenter\"><a href=\"https:\/\/puntocritico.com\/ausajpuntocritico\/wp-content\/uploads\/2018\/03\/bermudez-en-tweeter.jpg\" rel=\"lightbox[9514]\"><img loading=\"lazy\" decoding=\"async\" class=\"wp-image-9759 size-full\" src=\"https:\/\/puntocritico.com\/ausajpuntocritico\/wp-content\/uploads\/2018\/03\/bermudez-en-tweeter.jpg\" alt=\"\" width=\"523\" height=\"460\" srcset=\"https:\/\/puntocritico.com\/ausajpuntocritico\/wp-content\/uploads\/2018\/03\/bermudez-en-tweeter.jpg 523w, https:\/\/puntocritico.com\/ausajpuntocritico\/wp-content\/uploads\/2018\/03\/bermudez-en-tweeter-300x264.jpg 300w\" sizes=\"auto, (max-width: 523px) 100vw, 523px\" \/><\/a><figcaption id=\"caption-attachment-9759\" class=\"wp-caption-text\"><span style=\"color: #008000;\"><a href=\"https:\/\/puntocritico.com\/2017\/12\/14\/el-final-del-estado-de-derecho-la-lucha-antiterrorista-del-estado-de-excepcion-a-la-dictadura-jean-claude-paye\/\">Hasta por tres veces tuvo que producirse el nombramiento de Bermudez como Presidente de Sala de la Audiencia Nacional, tras dos anulaciones del Tribunal Supremo ante la impugnaci\u00f3n de los otros dos candidatos agraviados. La predestinaci\u00f3n de este Magistrado a dirigir el juicio sobre los atentados de Madrid fue ins\u00f3lita en el panorama judicial espa\u00f1ol.\u00a0<\/a><\/span><\/figcaption><\/figure>\n<p>&nbsp;<\/p>\n<p style=\"text-align: center;\"><a href=\"https:\/\/puntocritico.com\/ausajpuntocritico\/wp-content\/uploads\/2018\/03\/Mosca_Punto_Cr\u00edtico_40.png\" rel=\"lightbox[9514]\"><img loading=\"lazy\" decoding=\"async\" class=\"aligncenter wp-image-9528\" src=\"https:\/\/puntocritico.com\/ausajpuntocritico\/wp-content\/uploads\/2018\/03\/Mosca_Punto_Cr\u00edtico_40.png\" alt=\"\" width=\"40\" height=\"40\" \/><\/a><\/p>\n<p>&nbsp;<\/p>\n<p style=\"text-align: left;\"><span style=\"font-size: 14pt;\"><strong>ARTICULOS DE INTER\u00c9S RELACIONADOS:\u00a0<\/strong><\/span><\/p>\n<p>https:\/\/puntocritico.com\/2017\/06\/26\/el-nazismo-en-europa-es-precisamente-la-otan-por-manlio-dinucci\/<\/p>\n<p>https:\/\/puntocritico.com\/2017\/04\/05\/el-terrorismo-no-reconocido-de-la-otan-por-daniele-ganser-silvia-cattori\/<\/p>\n<p>https:\/\/puntocritico.com\/2017\/12\/14\/el-final-del-estado-de-derecho-la-lucha-antiterrorista-del-estado-de-excepcion-a-la-dictadura-jean-claude-paye\/<\/p>\n<p>https:\/\/puntocritico.com\/2018\/01\/17\/es-el-momento-de-pedir-explicaciones-sobre-los-ataques-terroristas-de-barcelona-libertad-de-prensa-y-soberania\/<\/p>\n","protected":false},"excerpt":{"rendered":"<div class=\"mh-excerpt\"><p>Sumario: [1] ESPA\u00d1A, LIDER EN FRUSTRAR ATENTADOS, ES VICTIMA DE UNO DE TODAS FORMAS,\u00a0por\u00a0Declan Walsh,\u00a0Raphael Minder, Eric Schmitt y\u00a0\u00a0Rukmini Callimachi (NEW YORK TIMES) [2] COMO UN OSCURO IMAN EVIT\u00d3 LA VIGILANCIA Y FORM\u00d3 LA C\u00c9LULA <a class=\"mh-excerpt-more\" href=\"https:\/\/puntocritico.com\/ausajpuntocritico\/2018\/03\/14\/atentados-de-cataluna-de-2017-operacion-de-falsa-bandera\/\" title=\"Atentados de Catalu\u00f1a de 2017, \u00bfOperaci\u00f3n de Falsa Bandera?\">[&#8230;]<\/a><\/p>\n<\/div>","protected":false},"author":3,"featured_media":9753,"comment_status":"open","ping_status":"closed","sticky":false,"template":"","format":"standard","meta":{"_acf_changed":false,"_exactmetrics_skip_tracking":false,"_exactmetrics_sitenote_active":false,"_exactmetrics_sitenote_note":"","_exactmetrics_sitenote_category":0,"footnotes":""},"categories":[7],"tags":[],"class_list":{"0":"post-9514","1":"post","2":"type-post","3":"status-publish","4":"format-standard","5":"has-post-thumbnail","7":"category-politica"},"acf":[],"_links":{"self":[{"href":"https:\/\/puntocritico.com\/ausajpuntocritico\/wp-json\/wp\/v2\/posts\/9514","targetHints":{"allow":["GET"]}}],"collection":[{"href":"https:\/\/puntocritico.com\/ausajpuntocritico\/wp-json\/wp\/v2\/posts"}],"about":[{"href":"https:\/\/puntocritico.com\/ausajpuntocritico\/wp-json\/wp\/v2\/types\/post"}],"author":[{"embeddable":true,"href":"https:\/\/puntocritico.com\/ausajpuntocritico\/wp-json\/wp\/v2\/users\/3"}],"replies":[{"embeddable":true,"href":"https:\/\/puntocritico.com\/ausajpuntocritico\/wp-json\/wp\/v2\/comments?post=9514"}],"version-history":[{"count":0,"href":"https:\/\/puntocritico.com\/ausajpuntocritico\/wp-json\/wp\/v2\/posts\/9514\/revisions"}],"wp:featuredmedia":[{"embeddable":true,"href":"https:\/\/puntocritico.com\/ausajpuntocritico\/wp-json\/wp\/v2\/media\/9753"}],"wp:attachment":[{"href":"https:\/\/puntocritico.com\/ausajpuntocritico\/wp-json\/wp\/v2\/media?parent=9514"}],"wp:term":[{"taxonomy":"category","embeddable":true,"href":"https:\/\/puntocritico.com\/ausajpuntocritico\/wp-json\/wp\/v2\/categories?post=9514"},{"taxonomy":"post_tag","embeddable":true,"href":"https:\/\/puntocritico.com\/ausajpuntocritico\/wp-json\/wp\/v2\/tags?post=9514"}],"curies":[{"name":"wp","href":"https:\/\/api.w.org\/{rel}","templated":true}]}}