{"id":591,"date":"2017-02-18T01:00:53","date_gmt":"2017-02-18T00:00:53","guid":{"rendered":"http:\/\/puntocritico.com\/?p=591"},"modified":"2018-03-06T20:03:05","modified_gmt":"2018-03-06T19:03:05","slug":"lo-que-se-hace-por-amor-esta-bien-hecho-por-vincent-van-gogh","status":"publish","type":"post","link":"https:\/\/puntocritico.com\/ausajpuntocritico\/2017\/02\/18\/lo-que-se-hace-por-amor-esta-bien-hecho-por-vincent-van-gogh\/","title":{"rendered":"LO QUE SE HACE POR AMOR EST\u00c1 BIEN HECHO, por Vincent Van Gogh"},"content":{"rendered":"<blockquote>\n<p style=\"text-align: justify;\"><em><strong><span style=\"font-family: arial, helvetica, sans-serif; font-size: 14pt;\">\u201cMuchas son las heridas y cicatrices que la resistencia ante la Injusticia y la Opresi\u00f3n han dejado a lo largo de la historia de la Humanidad. Siento que ninguna de ellas lo ha sido en vano. Esas cicatrices y heridas son mucho m\u00e1s que una semilla. Son un verdadero Granero de Humanidad a la espera de florecer. Como los d\u00edas de oto\u00f1o, cuando tras la lluvia nace el Sol, el campo se ilumina de maravillosos Hongos, de exquisitas setas, tambi\u00e9n la Humanidad habr\u00e1 de ver d\u00edas soleados en el futuro. Y ser\u00e1 gracias a los \u201cmitelios\u201d (ra\u00edces de los Hongos, generadoras de vida que, enterradas e invisibles, producir\u00e1n nuevas eclosiones, cada vez m\u00e1s numerosas, el pr\u00f3ximo d\u00eda de sol) que esas heridas y cicatrices han dejado, indeleblemente escritas en nuestra Historia, las que florecer\u00e1n, tras nuestra marcha, dando lugar a la realizaci\u00f3n de nuestros sue\u00f1os de libertad y felicidad, en nuestros descendientes. Es por ellos, no por nosotros, que nunca hemos de darnos por vencidos\u201d.<\/span><\/strong><\/em><\/p>\n<\/blockquote>\n<p style=\"text-align: center;\"><span style=\"font-family: arial, helvetica, sans-serif; font-size: 14pt;\">*******<\/span><\/p>\n<p style=\"text-align: justify;\"><span style=\"font-family: arial, helvetica, sans-serif; font-size: 14pt;\">He seguido reflexionando sobre el tema de nuestra conversaci\u00f3n e involuntariamente he pensado en las palabras \u201csomos hoy lo que \u00e9ramos ayer\u201d. Esto no significa que se deba marcar el paso y no tratar de desarrollarse, al contrario, hay una raz\u00f3n imperiosa para hacerlo y encontrarlo. Pero para seguir fiel a esta palabra, no se puede retroceder, y cuando se ha empezado a considerar las cosas con una mirada libre y confiada no se puede volver atr\u00e1s y claudicar.<\/span><\/p>\n<blockquote>\n<p style=\"text-align: justify;\"><em><strong><span style=\"font-family: arial, helvetica, sans-serif; font-size: 14pt;\">SE OBRA BIEN CUANDO SE CREE QUE ES PRECISO, PARA ELLO, SER HOMBRE INTERIOR Y ESPIRITUAL<\/span><\/strong><\/em><\/p>\n<\/blockquote>\n<p style=\"text-align: justify;\"><span style=\"font-family: arial, helvetica, sans-serif; font-size: 14pt;\">Los que dec\u00edan: \u201cSomos hoy lo que \u00e9ramos ayer\u201d, eran \u201chombres honrados\u201d, lo que resulta claramente de la constituci\u00f3n que han redactado, que subsistir\u00e1 en todo tiempo y de la cual se ha podido decir que hab\u00eda sido escrita \u201ccon el rayo de lo alto\u201d y \u201cun dedo de fuego\u201d. Es bueno ser \u201chombre honrado\u201d y tratar de serlo m\u00e1s y m\u00e1s, y se obra bien cuando se cree que es preciso, para ello, ser \u201chombre interior y espiritual\u201d.<\/span><\/p>\n<p style=\"text-align: justify;\"><span style=\"font-family: arial, helvetica, sans-serif; font-size: 14pt;\">Si se tuviera la convicci\u00f3n de pertenecer a esta categor\u00eda, se avanzar\u00eda por el camino con calma y confianza, sin dudar del buen resultado final. Hab\u00eda un hombre que una vez entr\u00f3 en una iglesia y pregunt\u00f3: \u201cEs posible que mi fervor me haya enga\u00f1ado, que haya tomado el mal camino y que siga mal, \u00a1ay de m\u00ed! Si me librara de esta incertidumbre y si tuviera la firme convicci\u00f3n de que terminar\u00e9 por tener \u00e9xito y vencer\u2026\u201d Y una voz entonces le contesta: \u201cY si tuvieras la certidumbre, \u00bfqu\u00e9 har\u00edas? Haz como si estuvieras seguro y no ser\u00e1s confundido.\u201d El hombre entonces continu\u00f3 su camino, ya no incr\u00e9dulo sino creyente, y continu\u00f3 la obra sin dudar ni vacilar m\u00e1s.<\/span><\/p>\n<p style=\"text-align: justify;\"><span style=\"font-family: arial, helvetica, sans-serif; font-size: 14pt;\">Por lo que respecta a ser \u201chombre interior y espiritual\u201d, \u00bfno se podr\u00eda desarrollar este estado en uno mismo por el conocimiento de la historia en general y de personalidades determinadas de todos los tiempos en particular, desde la historia sagrada hasta la de la Revoluci\u00f3n, y de la Odisea hasta los libros de Dickens y Michelet? \u00bfY no se podr\u00eda sacar alguna ense\u00f1anza de la obra de hombres como Rembrandt o de las Malas hierbas de Bret\u00f3n, o Las horas de la jornada de Millet, o la Benedicite de De Groux o Brion, o El recluta de De Groux ( o si no de Conscience) o los Grandes Robles de Dupr\u00e9, o los molinos y las llanuras de arena de Michel?<\/span><\/p>\n<p style=\"text-align: justify;\"><span style=\"font-family: arial, helvetica, sans-serif; font-size: 14pt;\">Hemos hablado mucho de lo que es nuestro deber y c\u00f3mo podr\u00edamos llegar a algo bueno, y hemos llegado a la conclusi\u00f3n de que nuestro fin en primer t\u00e9rmino debe ser el de hallar un lugar determinado y un oficio al cual podamos consagrarnos enteramente. Y, creo que est\u00e1bamos igualmente de acuerdo sobre este punto, que hay, sobre todo, que encarar el fin, y que una victoria lograda despu\u00e9s de toda una vida de trabajos y de esfuerzos, vale m\u00e1s que una victoria lograda m\u00e1s temprano.<\/span><\/p>\n<blockquote>\n<p style=\"text-align: justify;\"><em><strong><span style=\"font-family: arial, helvetica, sans-serif; font-size: 14pt;\">LOS PORTADORES DE UN VALOR SUPERIOR LLEVAN UNA VIDA DE LUCHA SOSTENIDA SIN DOBLEGARSE JAM\u00c1S: HAY QUE ESFORZARSE POR PARECERSE A ELLOS<\/span><\/strong><\/em><\/p>\n<\/blockquote>\n<p style=\"text-align: justify;\"><span style=\"font-family: arial, helvetica, sans-serif; font-size: 14pt;\">El que vive sinceramente y encuentra penas verdaderas o desilusiones, que no se deja abatir por ellas, vale m\u00e1s que el que tiene siempre el viento de popa y que s\u00f3lo conocer\u00eda una prosperidad relativa. Porque en quienes se comprueba de la manera m\u00e1s visible un valor superior son aqu\u00e9llos a quienes se aplican las palabras: \u201cTrabajadores, vuestra vida es triste; trabajadores, vosotros sufr\u00eds en la vida; trabajadores, vosotros sois felices\u201d, son aqu\u00e9llos que llevan los estigmas de \u201ctoda una vida de lucha y de trabajos sostenida sin doblegarse jam\u00e1s\u201d. Es necesario hacer esfuerzos para semejarse a ellos.<\/span><\/p>\n<p style=\"text-align: justify;\"><span style=\"font-family: arial, helvetica, sans-serif; font-size: 14pt;\">Avanzamos entonces sobre nuestro camino con el infatigable favor de Dios. En lo que me concierne, debo tornarme un buen predicador, que tenga algo bueno que decir y que pueda ser \u00fatil en el mundo, y tal vez me convendr\u00eda conocer un per\u00edodo de preparaci\u00f3n relativamente largo que quedara s\u00f3lidamente confirmado en una firme convicci\u00f3n antes de ser llamado a hablar a otros\u2026<\/span><\/p>\n<p style=\"text-align: justify;\"><span style=\"font-family: arial, helvetica, sans-serif; font-size: 14pt;\">Desde el momento en que nos esforzamos en vivir sinceramente, todo ser\u00e1 para buen fin, hasta si debemos inevitablemente tener penas sinceras y verdaderas desilusiones; cometeremos tambi\u00e9n gruesas faltas y haremos malas acciones, pero es verdad que es preferible tener el esp\u00edritu ardiente, aunque se deban cometer m\u00e1s faltas, que ser mezquino y demasiado prudente.<\/span><\/p>\n<p style=\"text-align: justify;\"><span style=\"font-family: arial, helvetica, sans-serif; font-size: 14pt;\">Es bueno amar tanto como se pueda, porque ah\u00ed radica la verdadera fuerza, y el que mucho ama realiza grandes cosas y se siente capaz, y lo que se hace por amor est\u00e1 bien hecho. Cuando quedamos impresionados por uno u otro libro, es porque han sido escritos con el coraz\u00f3n, en la simplicidad y la pobreza del esp\u00edritu. Si se tuvieran que pronunciar algunas palabras, pero con un sentido, ser\u00eda mejor que pronunciar muchas que no ser\u00edan m\u00e1s que sonidos huecos y no costar\u00eda nada pronunciarlas por la escasa utilidad que tendr\u00edan.<\/span><\/p>\n<blockquote>\n<p style=\"text-align: justify;\"><em><strong><span style=\"font-family: arial, helvetica, sans-serif; font-size: 14pt;\">SI SE AMA SINCERAMENTE LO QUE ES DIGNO DE AMOR, Y NO SE DERROCHA EL AMOR EN COSAS INSIGNIFICANTES, SE LOGRAR\u00c1, POCO A POCO, M\u00c1S LUZ Y SE LLEGAR\u00c1 A SER M\u00c1S FUERTE<\/span><\/strong><\/em><\/p>\n<\/blockquote>\n<p style=\"text-align: justify;\"><span style=\"font-family: arial, helvetica, sans-serif; font-size: 14pt;\">Si se contin\u00faa amando sinceramente lo que es en verdad digno de amor y no se derrocha el amor en cosas insignificantes y nulas e ins\u00edpidas, se lograr\u00e1, poco a poco, m\u00e1s luz y se llegar\u00e1 a ser m\u00e1s fuerte. Cuanto m\u00e1s r\u00e1pido trata de distinguirse uno en el dominio de alguna actividad y en alg\u00fan oficio, y se adopta una manera de pensar y de obrar relativamente independiente, y m\u00e1s se sujeta a reglas fijas, m\u00e1s firme se har\u00e1 el car\u00e1cter y no habr\u00e1 por ello que sentirse disminuido. Hacer esto es de sabios, porque la vida es corta y el tiempo pasa ligero; si nos perfeccionamos en una sola cosa y la comprendemos bien, adquirimos por a\u00f1adidura la comprensi\u00f3n y el conocimiento de muchas otras cosas.<\/span><\/p>\n<p style=\"text-align: justify;\"><span style=\"font-family: arial, helvetica, sans-serif; font-size: 14pt;\">A veces conviene ir hacia el mundo y frecuentar a los hombres, pues uno se siente all\u00ed obligado y llamado; pero el que prefiere permanecer solo y tranquilamente en la obra, y s\u00f3lo quisiera tener muy pocos amigos, es el que circula con m\u00e1s seguridad entre los hombres y en el mundo. No hay que fiarse jam\u00e1s al hecho de no tener dificultades y preocupaciones y obst\u00e1culos de ninguna naturaleza, pues no hay que hacerse la vida demasiado f\u00e1cil. Y hasta en los ambientes cultivados y en las mejores sociedades y en las circunstancias m\u00e1s favorables, hay que conservar algo del car\u00e1cter original de un Robinson Crusoe o de un hombre de la naturaleza, y jam\u00e1s dejar apagar el fuego de su alma, sino avivarlo.<\/span><\/p>\n<p style=\"text-align: justify;\"><span style=\"font-family: arial, helvetica, sans-serif; font-size: 14pt;\">Y el que contin\u00faa guardando la pobreza para s\u00ed y la ama, posee un gran tesoro y oir\u00e1 siempre con claridad la voz de su conciencia; el que escucha y siga esta voz interior, que es el mejor don de Dios, concluir\u00e1 por encontrar en ella un amigo y no estar\u00e1 jam\u00e1s solo\u2026<\/span><\/p>\n<p style=\"text-align: justify;\"><span style=\"font-family: arial, helvetica, sans-serif; font-size: 14pt;\">Que est\u00e9 all\u00ed nuestro destino, muchacho, que tu camino sea pr\u00f3spero y que Dios est\u00e9 contigo en todas las cosas y te haga triunfar, es lo que te desea con un cordial apret\u00f3n de manos en tu partida, tu hermano que te quiere, VINCENT.<\/span><\/p>\n<p style=\"text-align: justify;\"><span style=\"font-family: arial, helvetica, sans-serif; font-size: 14pt;\">Amsterdam, 3 de abril de 1878.<\/span><\/p>\n<p style=\"text-align: center;\"><span style=\"font-family: arial, helvetica, sans-serif; font-size: 14pt;\">*******<\/span><\/p>\n<p style=\"text-align: justify;\"><span style=\"font-family: arial, helvetica, sans-serif; font-size: 14pt;\">VINCENT VAN GOGH, Cartas a Th\u00e9o. Idea Books, Barcelona 2007. Traducci\u00f3n: Francisco de Oraa, Instituto del Libro, Cuba. Filosof\u00eda Digital 2008 \u00a0 \u00a0 \u00a0 \u00a0 \u00a0 \u00a0 \u00a0 \u00a0 \u00a0 \u00a0<\/span><\/p>\n","protected":false},"excerpt":{"rendered":"<div class=\"mh-excerpt\"><p>\u201cMuchas son las heridas y cicatrices que la resistencia ante la Injusticia y la Opresi\u00f3n han dejado a lo largo de la historia de la Humanidad. Siento que ninguna de ellas lo ha sido en <a class=\"mh-excerpt-more\" href=\"https:\/\/puntocritico.com\/ausajpuntocritico\/2017\/02\/18\/lo-que-se-hace-por-amor-esta-bien-hecho-por-vincent-van-gogh\/\" title=\"LO QUE SE HACE POR AMOR EST\u00c1 BIEN HECHO, por Vincent Van Gogh\">[&#8230;]<\/a><\/p>\n<\/div>","protected":false},"author":3,"featured_media":593,"comment_status":"closed","ping_status":"closed","sticky":false,"template":"","format":"standard","meta":{"_acf_changed":false,"_exactmetrics_skip_tracking":false,"_exactmetrics_sitenote_active":false,"_exactmetrics_sitenote_note":"","_exactmetrics_sitenote_category":0,"footnotes":""},"categories":[15],"tags":[],"class_list":{"0":"post-591","1":"post","2":"type-post","3":"status-publish","4":"format-standard","5":"has-post-thumbnail","7":"category-sabiduria_perenne"},"acf":[],"_links":{"self":[{"href":"https:\/\/puntocritico.com\/ausajpuntocritico\/wp-json\/wp\/v2\/posts\/591","targetHints":{"allow":["GET"]}}],"collection":[{"href":"https:\/\/puntocritico.com\/ausajpuntocritico\/wp-json\/wp\/v2\/posts"}],"about":[{"href":"https:\/\/puntocritico.com\/ausajpuntocritico\/wp-json\/wp\/v2\/types\/post"}],"author":[{"embeddable":true,"href":"https:\/\/puntocritico.com\/ausajpuntocritico\/wp-json\/wp\/v2\/users\/3"}],"replies":[{"embeddable":true,"href":"https:\/\/puntocritico.com\/ausajpuntocritico\/wp-json\/wp\/v2\/comments?post=591"}],"version-history":[{"count":0,"href":"https:\/\/puntocritico.com\/ausajpuntocritico\/wp-json\/wp\/v2\/posts\/591\/revisions"}],"wp:featuredmedia":[{"embeddable":true,"href":"https:\/\/puntocritico.com\/ausajpuntocritico\/wp-json\/wp\/v2\/media\/593"}],"wp:attachment":[{"href":"https:\/\/puntocritico.com\/ausajpuntocritico\/wp-json\/wp\/v2\/media?parent=591"}],"wp:term":[{"taxonomy":"category","embeddable":true,"href":"https:\/\/puntocritico.com\/ausajpuntocritico\/wp-json\/wp\/v2\/categories?post=591"},{"taxonomy":"post_tag","embeddable":true,"href":"https:\/\/puntocritico.com\/ausajpuntocritico\/wp-json\/wp\/v2\/tags?post=591"}],"curies":[{"name":"wp","href":"https:\/\/api.w.org\/{rel}","templated":true}]}}