{"id":5761,"date":"2017-10-03T01:00:38","date_gmt":"2017-10-03T00:00:38","guid":{"rendered":"http:\/\/puntocritico.com\/?p=5761"},"modified":"2024-10-31T13:42:49","modified_gmt":"2024-10-31T12:42:49","slug":"nos-sumamos-a-la-huelga-general","status":"publish","type":"post","link":"https:\/\/puntocritico.com\/ausajpuntocritico\/2017\/10\/03\/nos-sumamos-a-la-huelga-general\/","title":{"rendered":"NOS DECLARAMOS EN HUELGA"},"content":{"rendered":"<blockquote>\n<h2 style=\"text-align: center;\"><span style=\"font-size: 24pt;\">NOS DECLARAMOS EN HUELGA<\/span><\/h2>\n<p style=\"text-align: center;\"><strong><span style=\"font-size: 14pt;\">CONTRA LA VULNERACI\u00d3N DE LOS DERECHOS HUMANOS<\/span><\/strong><\/p>\n<p style=\"text-align: center;\"><strong><span style=\"font-size: 14pt;\">CONTRA LA VULNERACI\u00d3N DEL DERECHO A DISPONER DE INFORMACI\u00d3N VERAZ<\/span><\/strong><\/p>\n<p style=\"text-align: center;\"><strong><span style=\"font-size: 14pt;\">CONTRA LA IMPUNIDAD DE QUIENES LO VULNERAN; Y DE QUIENES LO AMPARAN<\/span><\/strong><\/p>\n<p style=\"text-align: justify;\">\u00a0<\/p>\n<p style=\"text-align: justify;\"><span style=\"font-size: 14pt;\">Usan la Informaci\u00f3n como arma de guerra; contra nosotros, los que de uno u otro modo carecemos de la propiedad de los medios con que ganarnos la vida; dirigida contra nosotros, los Votantes (ya s\u00f3lo somos eso; carnaza de urna); a captar\/formar nuestra voluntad. Por la desinformaci\u00f3n y el permanente Shock medi\u00e1tico al que estamos, parece que irremediablemente, sometidos.<\/span><\/p>\n<p style=\"text-align: justify;\"><span style=\"font-size: 14pt;\">La distancia entre nosotros aumenta de manera directamente proporcional a nuestros enfrentamientos. Con la violencia que surge de la impotencia, dirigida por una voluntad ajena, hacia nosotros mismos. Los radicalismos violentos surgen de las pasiones desatadas por los agravios.<\/span><\/p>\n<p style=\"text-align: justify;\"><span style=\"font-size: 14pt;\">Habitamos burbujas informativas; que se convierten en guetos, y luego en fortalezas, donde no se dejan pasar opiniones discrepantes. Sin di\u00e1logo es imposible el entendimiento. Y hemos inhibido el di\u00e1logo. Nos hemos encerrado en nuestra versi\u00f3n de la realidad, y despreciamos la ajena. M\u00e1s a\u00fan, la consideramos un agravio, un insulto; un reto.<\/span><\/p>\n<p style=\"text-align: justify;\"><span style=\"font-size: 14pt;\">Desde los diferentes Partidos mueven las piezas de su armamento propagand\u00edstico, travestido de informaci\u00f3n, mediante el que desagregar el bloque de rechazo al sistema y a la corrupci\u00f3n que lleva aparejada; fraccion\u00e1ndonos alrededor de diversos n\u00facleos, defensores de diferentes causas, a menudo en conflicto;\u00a0invisibilizando sus causas subyacentes y primarias, difuminadas en su verdadera entidad -y motivaci\u00f3n-; impidiendo as\u00ed la expresi\u00f3n de la verdadera naturaleza de la oposici\u00f3n generalizada al sistema.<\/span><\/p>\n<p style=\"text-align: justify;\"><span style=\"font-size: 14pt;\">Oposici\u00f3n que perece de \u00e9xito, y sin embargo no ha conseguido apagar la llama de la deslegitimaci\u00f3n del sistema que se ha generalizado en los \u00faltimos a\u00f1os. Canalizan la fuerza con que les enfrentamos hacia nosotros mismos; luchando entre nosotros, nuestras fuerzas se desvanecen. Los muchos sometidos por los muy pocos. La Propaganda del siglo XXI no se describe como \u00abPostverdad\u00bb; es Terrorismo informativo.<\/span><\/p>\n<p><span style=\"font-size: 14pt;\">Publicamos dos v\u00eddeos; el primero de s\u00f3lo 4 minutos, de recomendable visionado; el segundo, no necesita presentaci\u00f3n.<\/span><\/p><\/blockquote>\n<p style=\"text-align: center;\"><strong><span style=\"font-size: 18pt;\">NOS DECLARAMOS EN HUELGA<\/span><\/strong><\/p>\n<p style=\"text-align: center;\"><strong><span style=\"font-size: 14pt;\">CONTRA LA MANIPULACI\u00d3N INFORMATIVA QUE NOS ENFRENTA Y NOS SEPARA<\/span><\/strong><\/p>\n<p>&nbsp;<\/p>\n<p><a href=\"https:\/\/puntocritico.com\/ausajpuntocritico\/wp-content\/uploads\/2017\/10\/crespon-negro.jpg\" rel=\"lightbox[5761]\"><img loading=\"lazy\" decoding=\"async\" class=\"aligncenter size-full wp-image-5763\" src=\"https:\/\/puntocritico.com\/ausajpuntocritico\/wp-content\/uploads\/2017\/10\/crespon-negro.jpg\" alt=\"\" width=\"678\" height=\"381\" srcset=\"https:\/\/puntocritico.com\/ausajpuntocritico\/wp-content\/uploads\/2017\/10\/crespon-negro.jpg 678w, https:\/\/puntocritico.com\/ausajpuntocritico\/wp-content\/uploads\/2017\/10\/crespon-negro-300x169.jpg 300w\" sizes=\"auto, (max-width: 678px) 100vw, 678px\" \/><\/a><\/p>\n<p style=\"text-align: center;\"><span style=\"font-size: 14pt;\">\u2666\u2666\u2666\u2666\u2666\u2666\u2666<\/span><\/p>\n<div style=\"text-align: center;\"><iframe loading=\"lazy\" src=\"https:\/\/mega.nz\/embed\/nMcikDLC#MmnoLdUvbDun_foWUxS8HepZ2TEIoy8GIpzu3MeOmTU\" width=\"640\" height=\"360\" frameborder=\"0\" allowfullscreen=\"allowfullscreen\"><\/iframe><\/div>\n<p style=\"text-align: center;\"><span style=\"color: #339966;\"><strong>Los dos minutos de odio (1984) publicado 23 ago. 2012 por\u00a0<\/strong><a class=\"yt-simple-endpoint style-scope yt-formatted-string\" href=\"https:\/\/www.youtube.com\/channel\/UCzSl27eNhAyvZGqWENvbLsw\" target=\"_blank\" rel=\"noopener\">misdos centavos<\/a><\/span><\/p>\n<p style=\"text-align: center;\"><span style=\"font-size: 14pt;\">\u2666\u2666\u2666\u2666\u2666\u2666\u2666<\/span><\/p>\n<div style=\"text-align: center;\"><iframe loading=\"lazy\" src=\"https:\/\/mega.nz\/embed\/HMlWUZxJ#nf5j1d_6R3aWU8qXHoQWJjr6kSuTfUWPu0m06jIIVZ4\" width=\"640\" height=\"360\" frameborder=\"0\" allowfullscreen=\"allowfullscreen\"><\/iframe><\/div>\n<p style=\"text-align: center;\"><span style=\"color: #339966;\"><strong>LA REBELI\u00d3N DE LA GRANJA (Pel\u00edcula completa) George Orwell Publicado el 14 abr. 2013 por <a href=\"https:\/\/www.youtube.com\/channel\/UCnccUmyTP1B1DKul3lL91IQ\" target=\"_blank\" rel=\"noopener\">Esteban Cruz<\/a><\/strong><\/span><\/p>\n","protected":false},"excerpt":{"rendered":"<div class=\"mh-excerpt\"><p>NOS DECLARAMOS EN HUELGA CONTRA LA VULNERACI\u00d3N DE LOS DERECHOS HUMANOS CONTRA LA VULNERACI\u00d3N DEL DERECHO A DISPONER DE INFORMACI\u00d3N VERAZ CONTRA LA IMPUNIDAD DE QUIENES LO VULNERAN; Y DE QUIENES LO AMPARAN \u00a0 Usan <a class=\"mh-excerpt-more\" href=\"https:\/\/puntocritico.com\/ausajpuntocritico\/2017\/10\/03\/nos-sumamos-a-la-huelga-general\/\" title=\"NOS DECLARAMOS EN HUELGA\">[&#8230;]<\/a><\/p>\n<\/div>","protected":false},"author":3,"featured_media":5763,"comment_status":"open","ping_status":"closed","sticky":false,"template":"","format":"standard","meta":{"_acf_changed":false,"_exactmetrics_skip_tracking":false,"_exactmetrics_sitenote_active":false,"_exactmetrics_sitenote_note":"","_exactmetrics_sitenote_category":0,"footnotes":""},"categories":[7],"tags":[],"class_list":{"0":"post-5761","1":"post","2":"type-post","3":"status-publish","4":"format-standard","5":"has-post-thumbnail","7":"category-politica"},"acf":[],"_links":{"self":[{"href":"https:\/\/puntocritico.com\/ausajpuntocritico\/wp-json\/wp\/v2\/posts\/5761","targetHints":{"allow":["GET"]}}],"collection":[{"href":"https:\/\/puntocritico.com\/ausajpuntocritico\/wp-json\/wp\/v2\/posts"}],"about":[{"href":"https:\/\/puntocritico.com\/ausajpuntocritico\/wp-json\/wp\/v2\/types\/post"}],"author":[{"embeddable":true,"href":"https:\/\/puntocritico.com\/ausajpuntocritico\/wp-json\/wp\/v2\/users\/3"}],"replies":[{"embeddable":true,"href":"https:\/\/puntocritico.com\/ausajpuntocritico\/wp-json\/wp\/v2\/comments?post=5761"}],"version-history":[{"count":0,"href":"https:\/\/puntocritico.com\/ausajpuntocritico\/wp-json\/wp\/v2\/posts\/5761\/revisions"}],"wp:featuredmedia":[{"embeddable":true,"href":"https:\/\/puntocritico.com\/ausajpuntocritico\/wp-json\/wp\/v2\/media\/5763"}],"wp:attachment":[{"href":"https:\/\/puntocritico.com\/ausajpuntocritico\/wp-json\/wp\/v2\/media?parent=5761"}],"wp:term":[{"taxonomy":"category","embeddable":true,"href":"https:\/\/puntocritico.com\/ausajpuntocritico\/wp-json\/wp\/v2\/categories?post=5761"},{"taxonomy":"post_tag","embeddable":true,"href":"https:\/\/puntocritico.com\/ausajpuntocritico\/wp-json\/wp\/v2\/tags?post=5761"}],"curies":[{"name":"wp","href":"https:\/\/api.w.org\/{rel}","templated":true}]}}