{"id":4785,"date":"2020-09-14T00:05:52","date_gmt":"2020-09-13T23:05:52","guid":{"rendered":"http:\/\/puntocritico.com\/?p=4785"},"modified":"2024-02-25T10:49:00","modified_gmt":"2024-02-25T09:49:00","slug":"la-voluntad-nacional-y-la-soberania-del-pueblo-por-alexis-de-tocqueville","status":"publish","type":"post","link":"https:\/\/puntocritico.com\/ausajpuntocritico\/2020\/09\/14\/la-voluntad-nacional-y-la-soberania-del-pueblo-por-alexis-de-tocqueville\/","title":{"rendered":"LA VOLUNTAD NACIONAL Y LA SOBERAN\u00cdA DEL PUEBLO, por Alexis de Tocqueville"},"content":{"rendered":"<blockquote>\n<p style=\"text-align: justify;\"><span style=\"font-size: 14pt;\"><em>La voluntad nacional es una de las palabras de las que los intrigantes de todos los tiempos y los d\u00e9spotas de todas las \u00e9pocas han abusado m\u00e1s. Unos han visto su expresi\u00f3n en los sufragios comprados por algunos agentes del poder; otros, en los votos de una minor\u00eda interesada o temerosa; y los hay, incluso, que la han percibido plenamente formulada en el silencio de los pueblos y han deducido que del \u201checho\u201d de la obediencia nac\u00eda para ellos el \u201cderecho\u201d del mando. En Am\u00e9rica, el principio de la soberan\u00eda del pueblo no es cosa oculta o est\u00e9ril, como en ciertas naciones, sino que se le reconoce en las costumbres y se le proclama en las leyes, se extiende con libertad y llega sin obst\u00e1culos a sus \u00faltimas consecuencias.<\/em>\u00a0<em>Tan pronto, como en Atenas, es el pueblo en corporaci\u00f3n el que hace las leyes, como son unos diputados elegidos por voto universal, los que lo representan y act\u00faan en su nombre bajo vigilancia casi inmediata. El pueblo participa en la elaboraci\u00f3n de las leyes designando a los legisladores, y en su aplicaci\u00f3n, eligiendo a los agentes del poder ejecutivo. Puede decirse que es \u00e9l mismo quien gobierna, tan d\u00e9bil y restringida es la parte dejada a la administraci\u00f3n. El pueblo reina sobre el mundo pol\u00edtico americano como Dios sobre el Universo. El es la causa y el fin de todas las cosas; todo sale de \u00e9l y todo se incorpora de nuevo a \u00e9l<\/em><\/span><\/p>\n<\/blockquote>\n<p>&nbsp;<\/p>\n<p style=\"text-align: center;\">* * * * * *<\/p>\n<p>&nbsp;<\/p>\n<p style=\"text-align: justify;\"><span style=\"font-family: arial, helvetica, sans-serif; font-size: 14pt;\"><span style=\"color: #339966;\"><strong>C<\/strong><\/span>uando se quiere hablar de las leyes pol\u00edticas de los\u00a0<strong>Estados Unidos<\/strong>\u00a0siempre hay que comenzar por el dogma de la soberan\u00eda del pueblo.<\/span><\/p>\n<p style=\"text-align: justify;\"><span style=\"font-family: arial, helvetica, sans-serif; font-size: 14pt;\"><span style=\"color: #339966;\"><strong>L<\/strong><\/span>a voluntad nacional es una de las palabras de las que los intrigantes de todos los tiempos y los d\u00e9spotas de todas las \u00e9pocas han abusado m\u00e1s. Unos han visto su expresi\u00f3n en los sufragios comprados por algunos agentes del poder; otros, en los votos de una minor\u00eda interesada o temerosa; y los hay, incluso, que la han percibido plenamente formulada en el silencio de los pueblos y han deducido que del \u201checho\u201d de la obediencia nac\u00eda para ellos el \u201cderecho\u201d del mando.<\/span><\/p>\n<p style=\"text-align: justify;\"><span style=\"font-family: arial, helvetica, sans-serif; font-size: 14pt;\"><strong>LA SOBERAN\u00cdA SE RECONOCE EN LAS COSTUMBRES Y EN LAS LEYES<\/strong><\/span><\/p>\n<p style=\"text-align: justify;\"><span style=\"font-family: arial, helvetica, sans-serif; font-size: 14pt;\"><span style=\"color: #339966;\"><strong><a href=\"https:\/\/puntocritico.com\/ausajpuntocritico\/wp-content\/uploads\/2017\/08\/Alexis-Tocqueville1.jpg\" rel=\"lightbox[4785]\"><img loading=\"lazy\" decoding=\"async\" class=\"alignleft wp-image-4790\" src=\"https:\/\/puntocritico.com\/ausajpuntocritico\/wp-content\/uploads\/2017\/08\/Alexis-Tocqueville1.jpg\" alt=\"\" width=\"310\" height=\"425\" srcset=\"https:\/\/puntocritico.com\/ausajpuntocritico\/wp-content\/uploads\/2017\/08\/Alexis-Tocqueville1.jpg 300w, https:\/\/puntocritico.com\/ausajpuntocritico\/wp-content\/uploads\/2017\/08\/Alexis-Tocqueville1-219x300.jpg 219w\" sizes=\"auto, (max-width: 310px) 100vw, 310px\" \/><\/a>E<\/strong><\/span>n\u00a0<strong>Am\u00e9rica<\/strong>, el principio de la soberan\u00eda del pueblo no es cosa oculta o est\u00e9ril, como en ciertas naciones, sino que se le reconoce en las costumbres y se le proclama en las leyes, se extiende con libertad y llega sin obst\u00e1culos a sus \u00faltimas consecuencias.<\/span><\/p>\n<p style=\"text-align: justify;\"><span style=\"font-family: arial, helvetica, sans-serif; font-size: 14pt;\"><span style=\"color: #339966;\"><strong>S<\/strong><\/span>i hay alg\u00fan pa\u00eds en el mundo en el que se pueda comprender en su justo valor el dogma de la soberan\u00eda del pueblo, estudiar su aplicaci\u00f3n a los asuntos de la sociedad y juzgar sus ventajas y sus peligros, este pa\u00eds es indudablemente\u00a0<strong>Am\u00e9rica<\/strong>.<\/span><\/p>\n<p style=\"text-align: justify;\"><span style=\"font-family: arial, helvetica, sans-serif; font-size: 14pt;\"><span style=\"color: #339966;\"><strong>D<\/strong><\/span>os obst\u00e1culos, exterior el uno e interior el otro, retrasaron su marcha invasora. No pod\u00eda salir a la luz ostensiblemente en el seno de las leyes, puesto que aun las colonias estaban constre\u00f1idas a obedecer a la metr\u00f3poli. Ten\u00eda, pues, que ocultarse en las asambleas provinciales y sobre todo en el municipio, donde se propagaba en secreto.<\/span><\/p>\n<p style=\"text-align: justify;\"><span style=\"font-family: arial, helvetica, sans-serif; font-size: 14pt;\"><span style=\"color: #339966;\"><strong>L<\/strong><\/span>a sociedad americana de entonces todav\u00eda no estaba preparada para adoptarlo con todas sus consecuencias. La cultura en\u00a0<strong>Nueva Inglaterra<\/strong>\u00a0y las riquezas en el sur de\u00a0<strong>Hudson<\/strong>, durante largo tiempo ejercieron una especie de influencia aristocr\u00e1tica que tend\u00eda a concentrar en pocas manos el ejercicio de los poderes sociales. A\u00fan faltaba mucho para que todos los funcionarios p\u00fablicos fuesen elegidos y todos los ciudadanos electores.<\/span><\/p>\n<p style=\"text-align: justify;\">\u00a0<\/p>\n<blockquote>\n<p style=\"text-align: justify;\"><span style=\"font-family: arial, helvetica, sans-serif; font-size: 14pt;\"><strong>ESTALL\u00d3 LA REVOLUCI\u00d3N AMERICANA<\/strong><\/span><\/p>\n<\/blockquote>\n<p>&nbsp;<\/p>\n<p style=\"text-align: justify;\"><span style=\"font-family: arial, helvetica, sans-serif; font-size: 14pt;\"><span style=\"color: #339966;\"><strong>E<\/strong><\/span>stall\u00f3 la revoluci\u00f3n americana. El dogma de la soberan\u00eda del pueblo sali\u00f3 del municipio y se adue\u00f1\u00f3 del gobierno; todas las clases se unieron a su causa. Se combati\u00f3 y se triunf\u00f3 en su nombre, y acab\u00f3 siendo la ley de las leyes.<\/span><\/p>\n<p style=\"text-align: justify;\"><span style=\"font-family: arial, helvetica, sans-serif; font-size: 14pt;\"><span style=\"color: #339966;\"><strong>U<\/strong><\/span>n cambio casi tan r\u00e1pido se efectu\u00f3 en el interior de la sociedad. En el momento en que ese efecto de las leyes y de la revoluci\u00f3n comenz\u00f3 a revelarse ante los ojos de todos, la victoria se pronunci\u00f3 irrevocablemente a favor de la democracia. El poder estaba ya, de hecho, entre sus manos. Ni siquiera estaba permitido luchar contra ella. Las clases altas se sometieron, pues, sin murmurar ni combatir\u2026 Dado que ya no se pod\u00eda arrancar la fuerza de las manos del pueblo y que no se detestaba lo bastante a la multitud para sentir el deseo de provocarla, no se pens\u00f3 m\u00e1s que en ganarse su benevolencia a toda costa.<\/span><\/p>\n<p>&nbsp;<\/p>\n<p style=\"text-align: justify;\"><span style=\"font-family: arial, helvetica, sans-serif; font-size: 14pt;\"><span style=\"color: #339966;\"><strong><a href=\"https:\/\/puntocritico.com\/ausajpuntocritico\/wp-content\/uploads\/2017\/08\/Alexis-Tocqueville.jpg\" rel=\"lightbox[4785]\"><img loading=\"lazy\" decoding=\"async\" class=\"aligncenter size-full wp-image-4789\" src=\"https:\/\/puntocritico.com\/ausajpuntocritico\/wp-content\/uploads\/2017\/08\/Alexis-Tocqueville.jpg\" alt=\"\" width=\"371\" height=\"136\" srcset=\"https:\/\/puntocritico.com\/ausajpuntocritico\/wp-content\/uploads\/2017\/08\/Alexis-Tocqueville.jpg 371w, https:\/\/puntocritico.com\/ausajpuntocritico\/wp-content\/uploads\/2017\/08\/Alexis-Tocqueville-300x110.jpg 300w\" sizes=\"auto, (max-width: 371px) 100vw, 371px\" \/><\/a><\/strong><\/span><\/span><\/p>\n<p style=\"text-align: justify;\"><span style=\"font-family: arial, helvetica, sans-serif; font-size: 14pt;\"><span style=\"color: #339966;\"><strong>A<\/strong><\/span>s\u00ed pues, las leyes m\u00e1s democr\u00e1ticas fueron votadas a porf\u00eda por los hombres cuyos intereses resultaban m\u00e1s lesionados. De esta manera, las clases altas no excitaron en su contra las pasiones populares, pero ellas mismas apresuraron el triunfo del nuevo orden. As\u00ed, \u00a1cosa singular!, se observ\u00f3 un impulso democr\u00e1tico mucho m\u00e1s irresistible en los Estados en que la aristocracia ten\u00eda mayor arraigo.<\/span><\/p>\n<p style=\"text-align: justify;\"><span style=\"font-family: arial, helvetica, sans-serif; font-size: 14pt;\"><span style=\"color: #339966;\"><strong>E<\/strong><\/span>l Estado de\u00a0<strong>Maryland<\/strong>, que hab\u00eda sido fundado por grandes se\u00f1ores, fue el primero en proclamar el voto universal y en introducir en el conjunto de su gobierno las formas m\u00e1s democr\u00e1ticas.<\/span><\/p>\n<p style=\"text-align: justify;\">\u00a0<\/p>\n<blockquote>\n<p style=\"text-align: justify;\"><span style=\"font-family: arial, helvetica, sans-serif; font-size: 14pt;\"><strong>EN DEMOCRACIA NO HAY PODER FUERA DE LA SOCIEDAD<\/strong><\/span><\/p>\n<\/blockquote>\n<p>&nbsp;<\/p>\n<p style=\"text-align: justify;\"><span style=\"font-family: arial, helvetica, sans-serif; font-size: 14pt;\"><span style=\"color: #339966;\"><strong>E<\/strong><\/span>n nuestros d\u00edas el principio de la soberan\u00eda del pueblo ha adquirido en los\u00a0<strong>Estados Unidos<\/strong>\u00a0todos los desarrollos pr\u00e1cticos imaginables. Se ha desligado de las ficciones con las que ha sido cuidadosamente rodeado en otras partes, y se le ve revestir sucesivamente todas las formas, seg\u00fan la necesidad del caso. Tan pronto, como en\u00a0<strong>Atenas<\/strong>, es el pueblo en corporaci\u00f3n el que hace las leyes, como son unos diputados elegidos por voto universal, los que lo representan y act\u00faan en su nombre bajo vigilancia casi inmediata.<\/span><\/p>\n<p style=\"text-align: justify;\"><span style=\"font-family: arial, helvetica, sans-serif; font-size: 14pt;\"><span style=\"color: #339966;\"><strong>H<\/strong><\/span>ay pa\u00edses en los que un poder, en cierto modo exterior al cuerpo social, obra sobre \u00e9l y le obliga a marchar por una determinada v\u00eda. Hay otros donde la fuerza est\u00e1 dividida, hall\u00e1ndose situada a la vez dentro de la sociedad y fuera de ella. Nada semejante ocurre en los\u00a0<strong>Estados Unidos<\/strong>. All\u00ed la sociedad act\u00faa por s\u00ed misma y sobre ella misma, no hay poder fuera de su seno; no se encuentra incluso, casi nadie que atreva a concebir, y sobre todo, a expresar, la idea de buscarlo fuera de ella.<\/span><\/p>\n<p><a href=\"https:\/\/puntocritico.com\/ausajpuntocritico\/wp-content\/uploads\/2017\/08\/Democracy-in-America.jpg\" rel=\"lightbox[4785]\"><img loading=\"lazy\" decoding=\"async\" class=\"size-full wp-image-4791 aligncenter\" src=\"https:\/\/puntocritico.com\/ausajpuntocritico\/wp-content\/uploads\/2017\/08\/Democracy-in-America.jpg\" alt=\"\" width=\"228\" height=\"221\" \/><\/a><\/p>\n<p>&nbsp;<\/p>\n<p style=\"text-align: justify;\"><span style=\"font-family: arial, helvetica, sans-serif; font-size: 14pt;\"><span style=\"color: #339966;\"><strong>E<\/strong><\/span>l pueblo participa en la elaboraci\u00f3n de las leyes designando a los legisladores, y en su aplicaci\u00f3n, eligiendo a los agentes del poder ejecutivo. Puede decirse que es \u00e9l mismo quien gobierna, tan d\u00e9bil y restringida es la parte dejada a la administraci\u00f3n, y tanto acusa \u00e9sta su origen popular y obedece al poder de donde emana. El pueblo reina sobre el mundo pol\u00edtico americano como Dios sobre el Universo. El es la causa y el fin de todas las cosas; todo sale de \u00e9l y todo se incorpora de nuevo a \u00e9l.<\/span><\/p>\n<p style=\"text-align: center;\"><span style=\"font-family: arial, helvetica, sans-serif; font-size: 14pt;\">* * *<\/span><\/p>\n<p>&nbsp;<\/p>\n<p style=\"text-align: justify;\"><span style=\"font-family: arial, helvetica, sans-serif; font-size: 14pt;\"><span style=\"color: #339966;\"><strong>ALEXIS DE TOCQUEVILLE<\/strong><\/span>,\u00a0<em>La democracia en Am\u00e9rica<\/em>, 1835. FD, 23\/06\/2006.<\/span><\/p>\n<p style=\"text-align: justify;\"><span style=\"font-family: arial, helvetica, sans-serif; font-size: 14pt;\">Alexis Henri Charles de Cl\u00e9rel, vizconde de Tocqueville (Verneuil-sur-Seine, Isla de Francia, 29 de julio de 1805-Cannes, 16 de abril de 1859), fue un pensador, jurista, pol\u00edtico e historiador franc\u00e9s, precursor de la sociolog\u00eda cl\u00e1sica y uno de los m\u00e1s importantes ide\u00f3logos del liberalismo; bisnieto del tambi\u00e9n pol\u00edtico y ministro de Luis XVI, Guillaume-Chr\u00e9tien de Lamoignon de Malesherbes.<\/span><\/p>\n<p style=\"text-align: justify;\"><span style=\"font-family: arial, helvetica, sans-serif; font-size: 14pt;\"><a href=\"https:\/\/puntocritico.com\/ausajpuntocritico\/wp-content\/uploads\/2017\/08\/France-Alexis-Tocqueville.jpg\" rel=\"lightbox[4785]\"><img loading=\"lazy\" decoding=\"async\" class=\"aligncenter size-full wp-image-4788\" src=\"https:\/\/puntocritico.com\/ausajpuntocritico\/wp-content\/uploads\/2017\/08\/France-Alexis-Tocqueville.jpg\" alt=\"\" width=\"182\" height=\"277\" \/><\/a><\/span><\/p>\n<p style=\"text-align: justify;\"><span style=\"font-family: arial, helvetica, sans-serif; font-size: 14pt;\">Nacido el 29 de julio de 1805 en una familia de\u00a0ultramon\u00e1rquicos\u00a0que perdi\u00f3 a varios de sus miembros durante el per\u00edodo conocido como \u00abel\u00a0Terror\u00bb\u00a0de la\u00a0Revoluci\u00f3n francesa, la\u00a0ca\u00edda de Robespierre\u00a0en el a\u00f1o II (1794) libr\u00f3\u00a0<em>in extremis<\/em>\u00a0a sus padres de la\u00a0guillotina. Probablemente por esta raz\u00f3n, desconfi\u00f3 toda su vida de los revolucionarios, sin que ello lo llevara a planteamientos ultraconservadores.<\/span><\/p>\n<p style=\"text-align: justify;\"><span style=\"font-family: arial, helvetica, sans-serif; font-size: 14pt;\">Estudi\u00f3 Derecho y obtuvo una plaza de magistrado en\u00a0Versalles\u00a0en 1827. Sin embargo, su inquietud intelectual le llev\u00f3 a aceptar una misi\u00f3n gubernamental para viajar a los\u00a0Estados Unidos\u00a0a estudiar su sistema penitenciario (1831). Su estancia all\u00ed dur\u00f3 dos a\u00f1os. Fruto de este viaje fue su primera obra:\u00a0<em>Del sistema penitenciario en los Estados Unidos y de su aplicaci\u00f3n en Francia<\/em>\u00a0(1833). Sin embargo, su estancia en Estados Unidos le sirvi\u00f3 para profundizar en el an\u00e1lisis de los sistemas pol\u00edtico y social estadounidenses, que describi\u00f3 en su obra\u00a0<em>La democracia en Am\u00e9rica<\/em>\u00a0(1835-1840).<\/span><\/p>\n<p style=\"text-align: justify;\"><span style=\"font-family: arial, helvetica, sans-serif; font-size: 14pt;\">De regreso de sus viajes a Estados Unidos, Tocqueville abandon\u00f3 definitivamente la magistratura para dedicarse a la\u00a0pol\u00edtica\u00a0y a la producci\u00f3n intelectual. En 1838 ingres\u00f3 en la Academia de Ciencias Morales y Pol\u00edticas. En 1839 fue elegido diputado por el pueblo de\u00a0Normand\u00eda\u00a0que lleva su mismo nombre,\u00a0Tocqueville (del que habla en su obra\u00a0<em>Souvenirs<\/em>), y en 1841 lleg\u00f3 a la Academia Francesa. Se opuso tanto a la\u00a0Revoluci\u00f3n de 1848\u00a0(que acab\u00f3 con la monarqu\u00eda de\u00a0Luis Felipe de Orleans) como al golpe de estado de Luis Napole\u00f3n en 1851-1852 (que acab\u00f3 con la Segunda Rep\u00fablica Francesa y dio paso al Segundo Imperio, con Luis Napole\u00f3n como\u00a0Napole\u00f3n III); fue uno de los diputados arrestados durante el golpe. En el intervalo, fue brevemente ministro de Asuntos Exteriores (1848) de la Segunda Rep\u00fablica, y vicepresidente de la Asamblea Nacional (1849). Tras el advenimiento del Segundo Imperio, Tocqueville se retir\u00f3 de la vida p\u00fablica y se dedic\u00f3 a la que ser\u00eda su obra cumbre (junto con\u00a0<em>De la democracia en Am\u00e9rica<\/em>), inacabada:\u00a0<em>El Antiguo R\u00e9gimen y la Revoluci\u00f3n<\/em>\u00a0(1856). En 1858, su salud se resinti\u00f3 y fue enviado al sur de Francia, donde muri\u00f3 (Cannes, 1859). Sus obras completas fueron publicadas en nueve vol\u00famenes por H. G. de Beaumont (1860-1865).<\/span><\/p>\n<p style=\"text-align: justify;\"><span style=\"font-family: arial, helvetica, sans-serif; font-size: 14pt;\">La afirmaci\u00f3n sin fisuras de lo que se considera un hecho fundamental y trascendente: la tendencia de las sociedades modernas hacia la igualdad de condiciones entre las personas. Es una tendencia claramente anclada en el pasado, que permite encontrar unidad en todo el complejo y plural devenir hist\u00f3rico. Esta idea central nos permite seguir su obra seg\u00fan la oposici\u00f3n entre aristocr\u00e1tico y democr\u00e1tico (o entre aristocr\u00e1tico e igualitario).<\/span><\/p>\n<p style=\"text-align: justify;\"><span style=\"font-family: arial, helvetica, sans-serif; font-size: 14pt;\">Insisti\u00f3 en que esta tendencia se pod\u00eda realizar de las m\u00e1s variadas formas y coexistir con muy diferentes tipos de organizaci\u00f3n. Los progresistas estar\u00e1n en contra en este punto ya que piensan que hay una v\u00eda \u00fanica (periodizaci\u00f3n de las edades del hombre que no se pueden saltar). Aqu\u00ed introduce la idea sobre que la tendencia a la igualdad se produce de forma inconsciente (idea que luego veremos en Marx).<\/span><\/p>\n<p style=\"text-align: justify;\"><span style=\"font-family: arial, helvetica, sans-serif; font-size: 14pt;\">Tocqueville propone una\u00a0filosof\u00eda de la historia, algo muy propio de los siglos XVIII y XIX; una visi\u00f3n que otorga sentido general a toda la evoluci\u00f3n hist\u00f3rica. La diferencia de Tocqueville con otras filosof\u00edas de la historia es que considera que el despliegue de esa raz\u00f3n de ese proceso hist\u00f3rico es del todo impredecible.<\/span><\/p>\n<p style=\"text-align: justify;\"><span style=\"font-family: arial, helvetica, sans-serif; font-size: 14pt;\">En la obra de Tocqueville tambi\u00e9n hay que destacar importantes aportaciones\u00a0<em>metodol\u00f3gicas<\/em>; asume una metodolog\u00eda que en muchos casos es novedosa y que tiene muchos puntos en com\u00fan con\u00a0Max Weber.<\/span><\/p>\n<p style=\"text-align: justify;\"><span style=\"font-family: arial, helvetica, sans-serif; font-size: 14pt;\">Partiendo de fen\u00f3menos o datos emp\u00edricos muy precisos, pasaba a la construcci\u00f3n de modelos que aspiran a hacer comprensible la realidad general. La novedad es que estos modelos no reflejaban al pie de la letra la realidad, sino que se dedicaban a privilegiar rasgos de esta realidad (m\u00e1s tarde lo har\u00e1 Max Weber, y se llamar\u00e1 categor\u00eda o \u00abtipo ideal\u00bb). No era una media: se trataba de exagerar unos rasgos para entender una realidad, llegando a veces, a caricaturizarla. Este era el objeto de trabajo de Tocqueville y su tendencia era buscar datos para hacer construcciones generales.<\/span><\/p>\n<p style=\"text-align: justify;\"><span style=\"font-family: arial, helvetica, sans-serif; font-size: 14pt;\">Para Tocqueville, el cambio social es el resultado de la aspiraci\u00f3n a la igualdad de los hombres.<\/span><\/p>\n<p style=\"text-align: justify;\"><span style=\"font-family: arial, helvetica, sans-serif; font-size: 14pt;\">Para \u00e9l, si la humanidad debe elegir entre la\u00a0libertad\u00a0y la\u00a0igualdad, siempre decidir\u00e1 en favor de la segunda, incluso a costa de alguna coacci\u00f3n, siempre y cuando el poder p\u00fablico proporcione el m\u00ednimo nivel necesario de vida y seguridad.<\/span><\/p>\n<p style=\"text-align: justify;\"><span style=\"font-family: arial, helvetica, sans-serif; font-size: 14pt;\">Sin embargo, al examinar la obra de Tocqueville\u00a0<em>La democracia en Am\u00e9rica<\/em>\u00a0la libertad en las sociedades democr\u00e1ticas es un bien superior que debe sobreponerse a la igualdad, ya que a pesar de que la igualdad sea un rasgo com\u00fan en la historia de la humanidad no significa que sea buena, pues la igualdad tiene connotaciones morales que inciden en la relaci\u00f3n entre los ciudadanos y el Estado.<\/span><\/p>\n<p style=\"text-align: justify;\"><span style=\"font-family: arial, helvetica, sans-serif; font-size: 14pt;\">Al situarse las personas en condiciones sociales iguales, los lazos de uni\u00f3n que ten\u00edan en otras \u00e9pocas desaparecen generando en el ciudadano una idea de desprendimiento de cualquier clase de relaci\u00f3n con sus semejantes. En cuanto a la relaci\u00f3n con el Estado, se toman estas ideas para perpetuarse, al presentar como moralmente bueno el ciudadano que vive aislado del otro y del Estado, es decir el tipo de estado d\u00e9spota al cual Tocqueville referencia en su obra respecto a las debilidades en las que podr\u00eda caer un Estado democr\u00e1tico.<\/span><\/p>\n<p style=\"text-align: justify;\"><span style=\"font-family: arial, helvetica, sans-serif; font-size: 14pt;\">La libertad pol\u00edtica, en contraste, es un bien que se debe seguir a todo momento en las sociedades democr\u00e1ticas, aunque sus efectos sean a largo plazo y no beneficien a toda la gente son necesarios para mostrarle al ciudadano que vive con otras personas, que necesita de ellas para vivir y que requiere del Estado para desarrollarse como ciudadano y como miembro de la sociedad. De este modo, la libertad pol\u00edtica acaba con alguna posibilidad de engendrar despotismo en la sociedad democr\u00e1tica.<\/span><\/p>\n<p style=\"text-align: justify;\"><span style=\"font-family: arial, helvetica, sans-serif; font-size: 14pt;\">La cuesti\u00f3n sigue siendo de actualidad, es la adecuaci\u00f3n entre esta doble reivindicaci\u00f3n de libertad e igualdad: \u00ablas naciones hoy en d\u00eda no saben hacer que en su seno las condiciones no sean iguales, pero depende de ellos que la igualdad lleve a la servidumbre o a la libertad, a las luces o a la barbarie, a la prosperidad o a la miseria\u00bb.<\/span><\/p>\n<p style=\"text-align: justify;\">\u00a0<\/p>\n<p style=\"text-align: center;\">\u2666\u2666\u2666\u2666\u2666\u2666\u2666<\/p>\n<p><img loading=\"lazy\" decoding=\"async\" class=\"aligncenter wp-image-931261 size-mh-magazine-content\" src=\"https:\/\/puntocritico.com\/ausajpuntocritico\/wp-content\/uploads\/2020\/09\/alexis-de-tocqueville-678x381.jpg\" alt=\"\" width=\"678\" height=\"381\" data-id=\"931261\" \/><\/p>\n<p style=\"text-align: center;\"><span style=\"font-size: 14pt;\"><a href=\"https:\/\/puntocritico.com\/ausajpuntocritico\/documentos\/Sobre-la-democracia-en-America-Tocqueville-.pdf\">Descarga: Sobre la democracia en Am\u00e9rica por Alexis Tocqueville (1835-1840)<\/a><\/span><\/p>\n<p style=\"text-align: center;\"><span style=\"color: #008000;\"><strong><span style=\"font-size: 18pt;\">*******<\/span><\/strong><\/span><\/p>\n<p><strong>RELACIONADOS:<\/strong><\/p>\n<blockquote class=\"wp-embedded-content\" data-secret=\"Rymq51SHBQ\"><p><a href=\"https:\/\/puntocritico.com\/ausajpuntocritico\/2019\/10\/29\/la-libre-accion-del-poder-colectivo-por-alexis-de-tocqueville\/\">LA LIBRE ACCI\u00d3N DEL PODER COLECTIVO, por Alexis de Tocqueville<\/a><\/p><\/blockquote>\n<p><iframe loading=\"lazy\" class=\"wp-embedded-content\" sandbox=\"allow-scripts\" security=\"restricted\" style=\"position: absolute; clip: rect(1px, 1px, 1px, 1px);\" title=\"\u00abLA LIBRE ACCI\u00d3N DEL PODER COLECTIVO, por Alexis de Tocqueville\u00bb \u2014 Punto Cr\u00edtico Derechos Humanos\" src=\"https:\/\/puntocritico.com\/ausajpuntocritico\/2019\/10\/29\/la-libre-accion-del-poder-colectivo-por-alexis-de-tocqueville\/embed\/#?secret=dxjLxbxJau#?secret=Rymq51SHBQ\" data-secret=\"Rymq51SHBQ\" width=\"500\" height=\"282\" frameborder=\"0\" marginwidth=\"0\" marginheight=\"0\" scrolling=\"no\"><\/iframe><\/p>\n<blockquote class=\"wp-embedded-content\" data-secret=\"JDbjS435xG\"><p><a href=\"https:\/\/puntocritico.com\/ausajpuntocritico\/2020\/02\/17\/consideraciones-politicas-sobre-alexis-de-tocqueville-coincidencias-entre-el-pensamiento-politico-de-ortega-y-alexis-de-tocqueville-por-juan-cavas-miralles\/\">CONSIDERACIONES POLITICAS SOBRE ALEXIS DE TOCQUEVILLE. \u00abCoincidencias entre el pensamiento pol\u00edtico de Ortega y Alexis de Tocqueville\u00bb, por Juan Cavas Miralles<\/a><\/p><\/blockquote>\n<p><iframe loading=\"lazy\" class=\"wp-embedded-content\" sandbox=\"allow-scripts\" security=\"restricted\" style=\"position: absolute; clip: rect(1px, 1px, 1px, 1px);\" title=\"\u00abCONSIDERACIONES POLITICAS SOBRE ALEXIS DE TOCQUEVILLE. \u00abCoincidencias entre el pensamiento pol\u00edtico de Ortega y Alexis de Tocqueville\u00bb, por Juan Cavas Miralles\u00bb \u2014 Punto Cr\u00edtico Derechos Humanos\" src=\"https:\/\/puntocritico.com\/ausajpuntocritico\/2020\/02\/17\/consideraciones-politicas-sobre-alexis-de-tocqueville-coincidencias-entre-el-pensamiento-politico-de-ortega-y-alexis-de-tocqueville-por-juan-cavas-miralles\/embed\/#?secret=N0x8FAkTE8#?secret=JDbjS435xG\" data-secret=\"JDbjS435xG\" width=\"500\" height=\"282\" frameborder=\"0\" marginwidth=\"0\" marginheight=\"0\" scrolling=\"no\"><\/iframe><\/p>\n<p>https:\/\/puntocritico.com\/ausajpuntocritico\/2020\/03\/27\/tres-visiones-sobre-la-democracia-spinoza-rousseau-y-tocqueville-por-ricardo-hurtado-simo-parte-i-2\/<\/p>\n<p>https:\/\/puntocritico.com\/ausajpuntocritico\/2020\/04\/03\/tres-visiones-sobre-la-democracia-spinoza-rousseau-y-tocqueville-por-ricardo-hurtado-simo-parte-ii-2\/<\/p>\n<p>https:\/\/puntocritico.com\/ausajpuntocritico\/2020\/04\/10\/tres-visiones-sobre-la-democracia-spinoza-rousseau-y-tocqueville-por-ricardo-hurtado-simo-parte-iii-2\/<\/p>\n<p>&nbsp;<\/p>\n<p><img loading=\"lazy\" decoding=\"async\" class=\"aligncenter wp-image-9528\" src=\"https:\/\/puntocritico.com\/ausajpuntocritico\/wp-content\/uploads\/2018\/03\/Mosca_Punto_Cr\u00edtico_40.png\" alt=\"\" width=\"80\" height=\"80\" data-id=\"9528\" \/><\/p>\n","protected":false},"excerpt":{"rendered":"<div class=\"mh-excerpt\"><p>La voluntad nacional es una de las palabras de las que los intrigantes de todos los tiempos y los d\u00e9spotas de todas las \u00e9pocas han abusado m\u00e1s. Unos han visto su expresi\u00f3n en los sufragios <a class=\"mh-excerpt-more\" href=\"https:\/\/puntocritico.com\/ausajpuntocritico\/2020\/09\/14\/la-voluntad-nacional-y-la-soberania-del-pueblo-por-alexis-de-tocqueville\/\" title=\"LA VOLUNTAD NACIONAL Y LA SOBERAN\u00cdA DEL PUEBLO, por Alexis de Tocqueville\">[&#8230;]<\/a><\/p>\n<\/div>","protected":false},"author":3,"featured_media":4787,"comment_status":"open","ping_status":"closed","sticky":false,"template":"","format":"standard","meta":{"_acf_changed":false,"_exactmetrics_skip_tracking":false,"_exactmetrics_sitenote_active":false,"_exactmetrics_sitenote_note":"","_exactmetrics_sitenote_category":0,"footnotes":""},"categories":[7],"tags":[80],"class_list":{"0":"post-4785","1":"post","2":"type-post","3":"status-publish","4":"format-standard","5":"has-post-thumbnail","7":"category-politica","8":"tag-tocqueville"},"acf":[],"_links":{"self":[{"href":"https:\/\/puntocritico.com\/ausajpuntocritico\/wp-json\/wp\/v2\/posts\/4785","targetHints":{"allow":["GET"]}}],"collection":[{"href":"https:\/\/puntocritico.com\/ausajpuntocritico\/wp-json\/wp\/v2\/posts"}],"about":[{"href":"https:\/\/puntocritico.com\/ausajpuntocritico\/wp-json\/wp\/v2\/types\/post"}],"author":[{"embeddable":true,"href":"https:\/\/puntocritico.com\/ausajpuntocritico\/wp-json\/wp\/v2\/users\/3"}],"replies":[{"embeddable":true,"href":"https:\/\/puntocritico.com\/ausajpuntocritico\/wp-json\/wp\/v2\/comments?post=4785"}],"version-history":[{"count":0,"href":"https:\/\/puntocritico.com\/ausajpuntocritico\/wp-json\/wp\/v2\/posts\/4785\/revisions"}],"wp:featuredmedia":[{"embeddable":true,"href":"https:\/\/puntocritico.com\/ausajpuntocritico\/wp-json\/wp\/v2\/media\/4787"}],"wp:attachment":[{"href":"https:\/\/puntocritico.com\/ausajpuntocritico\/wp-json\/wp\/v2\/media?parent=4785"}],"wp:term":[{"taxonomy":"category","embeddable":true,"href":"https:\/\/puntocritico.com\/ausajpuntocritico\/wp-json\/wp\/v2\/categories?post=4785"},{"taxonomy":"post_tag","embeddable":true,"href":"https:\/\/puntocritico.com\/ausajpuntocritico\/wp-json\/wp\/v2\/tags?post=4785"}],"curies":[{"name":"wp","href":"https:\/\/api.w.org\/{rel}","templated":true}]}}