{"id":380,"date":"2016-12-30T17:50:15","date_gmt":"2016-12-30T16:50:15","guid":{"rendered":"http:\/\/puntocritico.com\/?p=380"},"modified":"2018-03-06T20:03:07","modified_gmt":"2018-03-06T19:03:07","slug":"a-luchar-por-la-humanidad-la-verdad-y-la-justicia-por-emile-zola","status":"publish","type":"post","link":"https:\/\/puntocritico.com\/ausajpuntocritico\/2016\/12\/30\/a-luchar-por-la-humanidad-la-verdad-y-la-justicia-por-emile-zola\/","title":{"rendered":"\u00a1A LUCHAR POR LA HUMANIDAD, LA VERDAD Y LA JUSTICIA!, por \u00c9mile Zola"},"content":{"rendered":"<p style=\"text-align: justify;\"><em><strong><span style=\"font-family: arial, helvetica, sans-serif; font-size: 14pt;\">\u00abSi los valores tradicionales, \u201cde anta\u00f1o\u201d, son propios de la naturaleza humana, se encuentran en cada joven. Por ello, la sociedad no puede trasmitirle lo que ya posee. Solo puede -y eso es mucho- ayudarle a encontrarlos en \u00e9l. Con\u00f3cete a ti mismo y conocer\u00e1s el Universo. Pero para ello, la Sociedad ha de comportarse -para el joven- como un Espejo en el que se reflejan tales Valores. Y es aqu\u00ed donde se encuentra la Causa de la desorientaci\u00f3n en que se ve inmersa la Juventud: En efecto, los valores reflejados en la parte mayor y m\u00e1s visible del Espejo que la Sociedad es para el joven, colisionan con los que constituyen la esencia de nuestro Ser. Los Valores que reflejamos como sociedad, no son propios de la naturaleza Humana. Antes bien, son contradictorios con ella. Eliminada toda Espiritualidad de esos valores, el Materialismo lo ocupa todo. El sagrado Beneficio ocupa el lugar de Dios. Pero, \u00bfc\u00f3mo nos hemos llegado a encontrar en esta situaci\u00f3n? Mejor, \u00bfqu\u00e9 significa esto? Significa que esta Sociedad Global no se conduce por Valores Humanos. No es dirigida por Seres Humanos, sino por una de sus creaciones, mero artificio. Las CORPORACIONES. Como si de una M\u00e1quina se tratare, estos Objetos que detentan -por encima de Constituciones y Estados- el Poder Real, necesitan del Hombre, constituy\u00e9ndolo como objeto puramente material, como mera utilidad que subordinan a sus propios fines. El Hombre como mero objeto al servicio de fines materiales en los que ninguna Espiritualidad tiene cabida. Esos son los Valores que muestra a la juventud el Espejo de nuestra Sociedad. Valores Inhumanos en los que el Materialismo lo ocupa todo. Del artificioso otorgamiento de Personalidad Jur\u00eddica a las Corporaciones, hemos llegado a rebajar al Hombre al rango de esa misma \u201cPersonalidad Jur\u00eddica\u201d(Personalidad Ficticia), olvid\u00e1ndonos de la esencial diferencia que nuestra Naturaleza Humana supone: Cada uno de nosotros es un fin en s\u00ed mismo. Hemos de fortalecer y hacer visibles los Valores Humanos en el Espejo de la Sociedad. Y perseverar en ello. La Empat\u00eda genera Empat\u00eda. Es exponencial. Una \u00fanica Ley pongo por encima de todas: no desear para nadie lo que no deseo para m\u00ed.\u00bb<\/span><\/strong><\/em><\/p>\n<p style=\"text-align: justify;\"><span style=\"font-family: arial, helvetica, sans-serif; font-size: 14pt;\">* * * * * *<\/span><\/p>\n<p style=\"text-align: justify;\"><span style=\"font-family: arial, helvetica, sans-serif; font-size: 14pt;\">\u00bfAd\u00f3nde vais, j\u00f3venes, ad\u00f3nde vais, estudiantes que corr\u00e9is en grupos por las calles, manifest\u00e1ndoos en nombre de vuestras iras y de vuestros entusiasmos, sintiendo la necesidad irresistible de lanzar p\u00fablicamente el grito de vuestras conciencias indignadas?<\/span><\/p>\n<p style=\"text-align: justify;\"><span style=\"font-family: arial, helvetica, sans-serif; font-size: 14pt;\">\u00bfOS MUEVE EL ANHELO DE VERDAD Y DE JUSTICIA?<\/span><\/p>\n<p style=\"text-align: justify;\"><span style=\"font-family: arial, helvetica, sans-serif; font-size: 14pt;\">\u00bfVais a protestar contra alg\u00fan abuso del poder, han ofendido vuestro anhelo de verdad y equidad, ardiente a\u00fan en vuestras almas j\u00f3venes, almas que ignoran los arreglos pol\u00edticos y las cobard\u00edas cotidianas de la vida?<\/span><\/p>\n<p style=\"text-align: justify;\"><span style=\"font-family: arial, helvetica, sans-serif; font-size: 14pt;\">\u00bfVais a reparar una injusticia social, vais a poner la protesta de vuestra juventud vibrante en la balanza desigual donde, con tanta falsedad, se pesa el sino de los afortunados y de los desheredados de este mundo?<\/span><\/p>\n<p style=\"text-align: justify;\"><span style=\"font-family: arial, helvetica, sans-serif; font-size: 14pt;\">\u00bfVais, para defender la tolerancia y la independencia de la raza humana, a silbar a alg\u00fan sectario de la inteligencia, de estrecha mollera, que ha pretendido conducir vuestras mentes liberadas hacia el antiguo error proclamando la bancarrota de la ciencia?<\/span><\/p>\n<p style=\"text-align: justify;\"><span style=\"font-family: arial, helvetica, sans-serif; font-size: 14pt;\">\u00bfVais a gritar, al pie de la ventana de alg\u00fan personaje esquivo e hip\u00f3crita, vuestra fe inquebrantable en el porvenir, en ese siglo venidero que represent\u00e1is y que ha de traer la paz al mundo en nombre de la justicia y del amor?<\/span><\/p>\n<p style=\"text-align: justify;\"><span style=\"font-family: arial, helvetica, sans-serif; font-size: 14pt;\">\u00a1QUE VUELVA A ARDER LA LLAMA DE JUSTICIA JUVENIL!<\/span><\/p>\n<p style=\"text-align: justify;\"><span style=\"font-family: arial, helvetica, sans-serif; font-size: 14pt;\">\u00a1Ah!, cuando yo era joven, vi c\u00f3mo se estremec\u00eda el Barrio Latino con las orgullosas pasiones de la juventud, el amor a la libertad, el odio a la fuerza brutal que aplasta cerebros y oprime almas. Lo vi, bajo el Imperio, entregado de lleno a su esforzada labor de oposici\u00f3n, a veces incluso injusto, pero siempre por un exceso de amor a la libre emancipaci\u00f3n humana.<\/span><\/p>\n<p style=\"text-align: justify;\"><span style=\"font-family: arial, helvetica, sans-serif; font-size: 14pt;\">Silbaba a los autores gratos a las Tuller\u00edas, se ensa\u00f1aba con los profesores cuyas ense\u00f1anzas le parec\u00edan sospechosas, se alzaba contra cualquiera que se declarase a favor de las tinieblas y de la tiran\u00eda. En \u00e9l ard\u00eda el fuego sagrado de la hermosa locura de los veinte a\u00f1os, cuando todas las esperanzas son realidades, cuando el ma\u00f1ana aparece como el triunfo indudable de la Ciudad perfecta.<\/span><\/p>\n<p style=\"text-align: justify;\"><span style=\"font-family: arial, helvetica, sans-serif; font-size: 14pt;\">Y si nos remont\u00e1ramos m\u00e1s atr\u00e1s en esta historia de las nobles pasiones que han alzado a la juventud de las universidades, ver\u00edamos a \u00e9sta siempre indignada ante la injusticia, estremecida y sublevada a favor de los humildes, de los abandonados, de los perseguidos, contra los crueles y los poderosos\u2026 Se ha erigido en defensora de cuantos sufr\u00edan, de cuantos agonizaban bajo la brutalidad de una masa o de un d\u00e9spota.<\/span><\/p>\n<p style=\"text-align: justify;\"><span style=\"font-family: arial, helvetica, sans-serif; font-size: 14pt;\">Si corr\u00eda la voz de que el Barrio Latino estaba en ascuas, no hab\u00eda duda de que detr\u00e1s ard\u00eda una llama de justicia juvenil, ajena a precauciones, que acomet\u00eda con entusiasmo obras dictadas por el coraz\u00f3n. \u00a1Y qu\u00e9 espontaneidad entonces, qu\u00e9 torrente desbordado corr\u00eda por las calles!<\/span><\/p>\n<p style=\"text-align: justify;\"><span style=\"font-family: arial, helvetica, sans-serif; font-size: 14pt;\">\u00bfTE ATREVER\u00c1S, JUVENTUD, A DECIR LA VERDAD?<\/span><\/p>\n<p style=\"text-align: justify;\"><span style=\"font-family: arial, helvetica, sans-serif; font-size: 14pt;\">Yo s\u00f3lo le pregunto al pa\u00eds d\u00f3nde podremos encontrar la clara intuici\u00f3n de las cosas, la sensaci\u00f3n instintiva de lo que es verdad, de lo que es justo, como no sea en esas almas nuevas, en esos j\u00f3venes que nacen a la vida p\u00fablica y a quienes nada deber\u00eda ofuscar su raz\u00f3n recta y buena.<\/span><\/p>\n<p style=\"text-align: justify;\"><span style=\"font-family: arial, helvetica, sans-serif; font-size: 14pt;\">Retorn\u00f3 el horrible despotismo, la mordaza m\u00e1s dura acalla otra vez las bocas.<\/span><\/p>\n<p style=\"text-align: justify;\"><span style=\"font-family: arial, helvetica, sans-serif; font-size: 14pt;\">Que los pol\u00edticos deteriorados por a\u00f1os de intriga, que los periodistas desequilibrados por todas las componendas de su oficio puedan aceptar las mentiras m\u00e1s imp\u00fadicas, puedan hacer la vista gorda ante abrumadoras evidencias, es explicable, comprensible. Pero \u00bfla juventud? Muy gangrenada ha de estar para que su pureza, su candor natural no se reconozca a simple vista en medio de los inaceptables errores y no se enfrente directamente a lo que es evidente, a lo que est\u00e1 claro, luminoso como la luz del d\u00eda.<\/span><\/p>\n<p style=\"text-align: justify;\"><span style=\"font-family: arial, helvetica, sans-serif; font-size: 14pt;\">Haber sucumbido al anhelo de verdad es un crimen. Haber exigido justicia es un crimen. Retorn\u00f3 el horrible despotismo, la mordaza m\u00e1s dura acalla otra vez las bocas. Quien aplasta la conciencia p\u00fablica no es ya la bota de un C\u00e9sar, sino toda una C\u00e1mara que condena a quienes se enardecen por el deseo de lo justo. \u00a1Prohibido hablar!<\/span><\/p>\n<p style=\"text-align: justify;\"><span style=\"font-family: arial, helvetica, sans-serif; font-size: 14pt;\">\u00a1JUVENTUD, PIENSA EN LA GRAN LABOR QUE TE ESPERA!<\/span><\/p>\n<p style=\"text-align: justify;\"><span style=\"font-family: arial, helvetica, sans-serif; font-size: 14pt;\">Los pu\u00f1os machacan los labios de quienes han de defender la verdad, se amotina a las masas para que reduzcan al silencio a los aislados. Nunca se hab\u00eda organizado una opresi\u00f3n tan monstruosa y dirigida contra la libre discusi\u00f3n. Y reina el m\u00e1s vergonzoso terror, los m\u00e1s valientes se vuelven cobardes, nadie se atreve ya a decir lo que piensa por miedo a que le denuncien acus\u00e1ndole de vendido y traidor.<\/span><\/p>\n<p style=\"text-align: justify;\"><span style=\"font-family: arial, helvetica, sans-serif; font-size: 14pt;\">Los escasos peri\u00f3dicos que conservan cierta honestidad se humillan ante sus lectores, quienes se han vuelto locos con tantos chismes est\u00fapidos. Ning\u00fan pueblo, creo yo, ha pasado por un momento m\u00e1s confuso, m\u00e1s absurdo, m\u00e1s angustioso para su raz\u00f3n y su dignidad.<\/span><\/p>\n<p style=\"text-align: justify;\"><span style=\"font-family: arial, helvetica, sans-serif; font-size: 14pt;\">Ya s\u00e9 que el grupo de j\u00f3venes que se manifiesta no representa a toda la juventud y que un centenar de alborotadores por la calle causan m\u00e1s ruido que diez mil trabajadores que se quedan en su casa. Pero cien alborotadores son ya demasiados, y \u00a1qu\u00e9 desalentador es el s\u00edntoma de que ese movimiento, por reducido que sea, se produzca hoy en el Barrio Latino!<\/span><\/p>\n<p style=\"text-align: justify;\"><span style=\"font-family: arial, helvetica, sans-serif; font-size: 14pt;\">\u00a1Oh juventud, juventud! Te lo ruego, piensa en la gran labor que te espera. Eres la futura obrera, t\u00fa pondr\u00e1s los cimientos de este siglo cercano que, estamos profundamente convencidos, resolver\u00e1 los problemas de verdad y de equidad planteados por el siglo que termina.<\/span><\/p>\n<p style=\"text-align: justify;\"><span style=\"font-family: arial, helvetica, sans-serif; font-size: 14pt;\">TE PASAMOS EL TESTIGO: \u00a1HAZ REALIDAD NUESTROS SUE\u00d1OS!<\/span><\/p>\n<p style=\"text-align: justify;\"><span style=\"font-family: arial, helvetica, sans-serif; font-size: 14pt;\">Nosotros los viejos, los mayores, te dejamos el formidable c\u00famulo de nuestras investigaciones, tal vez muchas contradicciones y oscuridades, pero ciertamente tambi\u00e9n te dejamos el esfuerzo m\u00e1s apasionado que nunca siglo alguno haya realizado en pos de la luz, los m\u00e1s honestos y los m\u00e1s s\u00f3lidos documentos, los fundamentos mismos de este vasto edificio de la ciencia que tienes que seguir construyendo en pro de tu honor y tu felicidad.<\/span><\/p>\n<p style=\"text-align: justify;\"><span style=\"font-family: arial, helvetica, sans-serif; font-size: 14pt;\">Y s\u00f3lo te pedimos que seas m\u00e1s generosa a\u00fan que nosotros, m\u00e1s abierta de esp\u00edritu, que nos superes con tu amor a una existencia pac\u00edfica, dedicando tu esfuerzo al trabajo, esa fecundidad de los hombres y de la tierra que por fin sabr\u00e1 lograr que brote la desbordante cosecha de alegr\u00eda bajo el resplandeciente sol.<\/span><\/p>\n<p style=\"text-align: justify;\"><span style=\"font-family: arial, helvetica, sans-serif; font-size: 14pt;\">Nosotros te cederemos fraternalmente el puesto, satisfechos de desaparecer y descansar de nuestra parte de labor en el sue\u00f1o gozoso de la muerte, si sabemos que t\u00fa continuar\u00e1s y har\u00e1s realidad nuestros sue\u00f1os.<\/span><\/p>\n<p style=\"text-align: justify;\"><span style=\"font-family: arial, helvetica, sans-serif; font-size: 14pt;\">\u00a1Juventud, juventud! Acu\u00e9rdate de lo que sufrieron tus padres, y de las batallas terribles que tuvieron que vencer, para conquistar la libertad de que gozas ahora. Si te sientes independiente, si puedes ir y venir a voluntad o decir en la prensa lo que piensas, o tener una opini\u00f3n y expresarla p\u00fablicamente, es porque tus padres contribuyeron a ello con su inteligencia y su sangre.<\/span><\/p>\n<p style=\"text-align: justify;\"><span style=\"font-family: arial, helvetica, sans-serif; font-size: 14pt;\">No has nacido bajo la tiran\u00eda, ignoras lo que es despertarse cada ma\u00f1ana con la bota de un amo sobre el pecho, no has combatido para escapar al sable del dictador, a la ley falaz del mal juez. Agrad\u00e9ceselo a tus padres y no cometas el crimen de aclamar la mentira, de alinearte junto a la fuerza brutal, junto a la intolerancia de los fan\u00e1ticos y la voracidad de los ambiciosos. La dictadura ha tocado a su fin.<\/span><\/p>\n<p style=\"text-align: justify;\"><span style=\"font-family: arial, helvetica, sans-serif; font-size: 14pt;\">MANTENTE CERCA DE LAS CAUSAS NOBLES<\/span><\/p>\n<p style=\"text-align: justify;\"><span style=\"font-family: arial, helvetica, sans-serif; font-size: 14pt;\">\u00a1Juventud, juventud! Mantente siempre cerca de la justicia. Si la idea de justicia se oscureciere en ti, caer\u00edas en todos los peligros. No me refiero a la justicia de nuestros C\u00f3digos, que no es sino la garant\u00eda de los lazos sociales. Por supuesto, hay que respetarla; sin embargo, existe una noci\u00f3n m\u00e1s elevada de justicia, la que establece como principio que todo juicio de los hombres es falible y la que admite la posible inocencia de un condenado sin por ello insultar a los jueces.<\/span><\/p>\n<p style=\"text-align: justify;\"><span style=\"font-family: arial, helvetica, sans-serif; font-size: 14pt;\">\u00bfQui\u00e9n se alzar\u00e1 para exigir que se haga justicia sino t\u00fa, que no est\u00e1s mezclada en nuestras luchas de intereses ni de personas, que no te has aventurado ni comprometido en ninguna situaci\u00f3n sospechosa, que puedes hablar en voz alta, con toda honestidad y buena fe?<\/span><\/p>\n<p style=\"text-align: justify;\"><span style=\"font-family: arial, helvetica, sans-serif; font-size: 14pt;\">\u00a1Juventud, juventud! S\u00e9 humana, s\u00e9 generosa. \u00bfQui\u00e9n sino t\u00fa intentar\u00e1 la sublime aventura, se lanzar\u00e1 a defender una causa peligrosa e imponente, se enfrentar\u00e1 a un pueblo en nombre de la justicia ideal? \u00bfNo te averg\u00fcenza que sean unos viejos, unos mayores, los que se apasionen, los que cumplan tu tarea de generosa locura?<\/span><\/p>\n<p style=\"text-align: justify;\"><span style=\"font-family: arial, helvetica, sans-serif; font-size: 14pt;\">-\u201c\u00bfAd\u00f3nde vais, j\u00f3venes, ad\u00f3nde vais, estudiantes que corr\u00e9is por la calle manifest\u00e1ndoos, enarbolando en medio de nuestras discordias el valor y la esperanza de vuestros veinte a\u00f1os?\u201d<\/span><\/p>\n<p style=\"text-align: justify;\"><span style=\"font-family: arial, helvetica, sans-serif; font-size: 14pt;\">-\u201c\u00a1Vamos a luchar por la humanidad, la verdad, la justicia!\u201d<\/span><\/p>\n<p style=\"text-align: justify;\"><span style=\"font-family: arial, helvetica, sans-serif; font-size: 14pt;\">* * *<\/span><\/p>\n<p style=\"text-align: justify;\"><span style=\"font-family: arial, helvetica, sans-serif; font-size: 14pt;\">\u00c9MILE ZOLA, Carta a los estudiantes, 14 de diciembre de 1897. Filosof\u00eda Digital 2007<\/span><\/p>\n","protected":false},"excerpt":{"rendered":"<div class=\"mh-excerpt\"><p>\u00abSi los valores tradicionales, \u201cde anta\u00f1o\u201d, son propios de la naturaleza humana, se encuentran en cada joven. Por ello, la sociedad no puede trasmitirle lo que ya posee. Solo puede -y eso es mucho- ayudarle <a class=\"mh-excerpt-more\" href=\"https:\/\/puntocritico.com\/ausajpuntocritico\/2016\/12\/30\/a-luchar-por-la-humanidad-la-verdad-y-la-justicia-por-emile-zola\/\" title=\"\u00a1A LUCHAR POR LA HUMANIDAD, LA VERDAD Y LA JUSTICIA!, por \u00c9mile Zola\">[&#8230;]<\/a><\/p>\n<\/div>","protected":false},"author":3,"featured_media":381,"comment_status":"closed","ping_status":"closed","sticky":false,"template":"","format":"standard","meta":{"_acf_changed":false,"_exactmetrics_skip_tracking":false,"_exactmetrics_sitenote_active":false,"_exactmetrics_sitenote_note":"","_exactmetrics_sitenote_category":0,"footnotes":""},"categories":[10],"tags":[],"class_list":{"0":"post-380","1":"post","2":"type-post","3":"status-publish","4":"format-standard","5":"has-post-thumbnail","7":"category-miscelanea"},"acf":[],"_links":{"self":[{"href":"https:\/\/puntocritico.com\/ausajpuntocritico\/wp-json\/wp\/v2\/posts\/380","targetHints":{"allow":["GET"]}}],"collection":[{"href":"https:\/\/puntocritico.com\/ausajpuntocritico\/wp-json\/wp\/v2\/posts"}],"about":[{"href":"https:\/\/puntocritico.com\/ausajpuntocritico\/wp-json\/wp\/v2\/types\/post"}],"author":[{"embeddable":true,"href":"https:\/\/puntocritico.com\/ausajpuntocritico\/wp-json\/wp\/v2\/users\/3"}],"replies":[{"embeddable":true,"href":"https:\/\/puntocritico.com\/ausajpuntocritico\/wp-json\/wp\/v2\/comments?post=380"}],"version-history":[{"count":0,"href":"https:\/\/puntocritico.com\/ausajpuntocritico\/wp-json\/wp\/v2\/posts\/380\/revisions"}],"wp:featuredmedia":[{"embeddable":true,"href":"https:\/\/puntocritico.com\/ausajpuntocritico\/wp-json\/wp\/v2\/media\/381"}],"wp:attachment":[{"href":"https:\/\/puntocritico.com\/ausajpuntocritico\/wp-json\/wp\/v2\/media?parent=380"}],"wp:term":[{"taxonomy":"category","embeddable":true,"href":"https:\/\/puntocritico.com\/ausajpuntocritico\/wp-json\/wp\/v2\/categories?post=380"},{"taxonomy":"post_tag","embeddable":true,"href":"https:\/\/puntocritico.com\/ausajpuntocritico\/wp-json\/wp\/v2\/tags?post=380"}],"curies":[{"name":"wp","href":"https:\/\/api.w.org\/{rel}","templated":true}]}}