{"id":3370,"date":"2017-06-26T01:00:59","date_gmt":"2017-06-26T00:00:59","guid":{"rendered":"http:\/\/puntocritico.com\/?p=3370"},"modified":"2018-03-06T20:02:59","modified_gmt":"2018-03-06T19:02:59","slug":"el-nazismo-en-europa-es-precisamente-la-otan-por-manlio-dinucci","status":"publish","type":"post","link":"https:\/\/puntocritico.com\/ausajpuntocritico\/2017\/06\/26\/el-nazismo-en-europa-es-precisamente-la-otan-por-manlio-dinucci\/","title":{"rendered":"Terrorismo de Estado   \/\/  El nazismo en Europa, es precisamente la OTAN,  por Manlio Dinucci"},"content":{"rendered":"<div style=\"text-align: justify;\">\n<blockquote>\n<p><span style=\"font-size: 14pt;\">GLADIO, no pertenece al mundo de la ficci\u00f3n, ni al de la paranoia, \u00a0ni tampoco al de la \u00a0\u00abconspiranoia\u00bb. El terrorismo de Estado no es algo desconocido en este pa\u00eds y, desde luego, al menos, durante m\u00e1s de cuatro d\u00e9cadas constituye una realidad en el continente europeo, como lo evidenciaron diversas investigaciones judiciales y parlamentarias en Italia, B\u00e9lgica, Francia, Grecia&#8230;.<\/span><\/p>\n<p><span style=\"font-size: 14pt;\">El clamor de su existencia fue tan estruendoso que incluso el propio Parlamento Europeo adopt\u00f3 una Resoluci\u00f3n en 1990 por el que condenaba la \u201dorganizaci\u00f3n de redes de influencia y la actuaci\u00f3n clandestina\u201d auspiciada por los servicios de inteligencia europeos y norteamericano, sin ning\u00fan tipo de control democr\u00e1tico.<\/span><\/p>\n<p><span style=\"font-size: 14pt;\">En Espa\u00f1a, seg\u00fan Andr\u00e9 Moyen, un ex agente del Servicio General de Informaci\u00f3n belga, la red Gladio en nuestro pa\u00eds tuvo n\u00facleos en San Sebasti\u00e1n, Barcelona, Madrid y las Islas Canarias, lo que ha dado lugar a diversas especulaciones. \u00a0Sin embargo, ninguna investigaci\u00f3n oficial se ha llevado a cabo aqu\u00ed.<\/span><\/p>\n<p><span style=\"font-size: 14pt;\">La cuesti\u00f3n es que los pa\u00edses europeos, entre ellos obviamente el nuestro, a pesar de todo, siguen sin dotarse, por voluntarismo o por indolencia, de los mecanismos de control suficientes para que las llamadas \u201ccloacas\u201d del Estado desaparezcan. Los designios pol\u00edticos son manipulados por redes clandestinas financiadas con desviaciones de los presupuestos p\u00fablicos ante nuestros ojos sin que nos percatemos&#8230;o sin que queramos hacerlo. Como si de un truco de magia se tratara, los focos de atenci\u00f3n que se nos se\u00f1alan son espejismos que hacen que desviemos nuestra mirada del movimiento real.<\/span><\/p>\n<\/blockquote>\n<p>&nbsp;<\/p>\n<table style=\"background-color: #d7ded8; border-color: #000000;\">\n<tbody>\n<tr>\n<td>\n<p><span style=\"font-family: arial, helvetica, sans-serif; font-size: 14pt;\">RESOLUCI\u00d3N sobre el asunto Gladio del Parlamento Europeo, publicado en el Diario Oficial de las Comunidades Europeas el\u00a0 22 de noviembre de 1990, num. C324\/201 (<span class=\"gmail-reference-text\"><span id=\"gmail-CITAREF\" class=\"gmail-citation gmail-web\"><em>DO C 324 del 24.12.1990, p. 201: p\u00e1gina n\u00ba 16 a partir de la 186 del enlace n\u00ba 5, en PDF &#8211; ver m\u00e1s abajo<\/em>).<\/span><\/span><\/span><\/p>\n<p><span style=\"font-family: arial, helvetica, sans-serif; font-size: 14pt;\">El parlamento Europeo,<\/span><\/p>\n<ol style=\"list-style-type: upper-alpha;\">\n<li><span style=\"font-family: arial, helvetica, sans-serif; font-size: 14pt;\">Considerando las revelaciones por parte de varios Gobiernos europeos acerca de la existencia desde hace cuarenta a\u00f1os de una estructura paralela de inteligencia y de acci\u00f3n militar clandestina en diversos Estados miembros de la Comunidad,<\/span><\/li>\n<li><span style=\"font-family: arial, helvetica, sans-serif; font-size: 14pt;\">Considerando que esta estructura ha escapado durante m\u00e1s de cuarenta a\u00f1os a todo control democr\u00e1tico y que ha estado dirigida por los servicios secretos de los Estados afectados, en conexi\u00f3n con la OTAN,<\/span><\/li>\n<li><span style=\"font-family: arial, helvetica, sans-serif; font-size: 14pt;\">Temiendo el peligro de que este tipo de redes clandestinas hayan podido, y puedan todav\u00eda hoy, intervenir ilegalmente en la vida pol\u00edtica interna de los Estados miembros,<\/span><\/li>\n<li><span style=\"font-family: arial, helvetica, sans-serif; font-size: 14pt;\">Considerando por otra parte que en determinados Estados miembros, algunos servicios secretos militares o ramas no controladas de los mismos se han visto envueltos en graves actos de terrorismo y de criminalidad, como ha sido probado en diversas investigaciones judiciales,<\/span><\/li>\n<li><span style=\"font-family: arial, helvetica, sans-serif; font-size: 14pt;\">Considerando que dichas organizaciones han operado y operan al margen de toda legalidad, habida cuenta de que no puede ejercerse control parlamentario alguno sobre las mismas y de que, adem\u00e1s, los m\u00e1s altos cargos gubernamentales y constitucionales de los diferentes pa\u00edses han declarado en varias ocasiones desconocer estos temas,<\/span><\/li>\n<li><span style=\"font-family: arial, helvetica, sans-serif; font-size: 14pt;\">Considerando que las diferentes redes \u00abGLADIO\u00bb se valen de arsenales y estructuras militares aut\u00f3nomas que pueden determinar una capacidad ofensiva desconocida y peligrosa para las estructuras democr\u00e1ticas de los pa\u00edses en que operan o han operado,<\/span><\/li>\n<li><span style=\"font-family: arial, helvetica, sans-serif; font-size: 14pt;\">Muy preocupado por el hecho de que, precisamente en un momento en que se debate con insistencia la intensificaci\u00f3n de la cooperaci\u00f3n comunitaria en materia de seguridad, aparezcan organizaciones de decisi\u00f3n y operativas que quedan fuera de cualquier control democr\u00e1tico y, por lo tanto, dentro de la clandestinidad;<\/span><\/li>\n<\/ol>\n<ol>\n<li><span style=\"font-family: arial, helvetica, sans-serif; font-size: 14pt;\">CONDENA la organizaci\u00f3n de redes de influencia y de actuaci\u00f3n clandestinas y pide que se esclarezcan las caracter\u00edsticas, la estructura, los objetivos y dem\u00e1s aspectos de estas redes clandestinas, as\u00ed como las posibles desviaciones y su utilizaci\u00f3n para intervenir ilegalmente en la vida pol\u00edtica interna de los pa\u00edses afectados, y en el fen\u00f3meno terrorista europeo, indagando adem\u00e1s acerca de la posible complicidad de los servicios secretos de los Estados miembros o de pa\u00edses terceros;<\/span><\/li>\n<li><span style=\"font-family: arial, helvetica, sans-serif; font-size: 14pt;\">Protesta en\u00e9rgicamente contra el hecho de que determinados \u00e1mbitos militares estadounidenses del SHAPE y de la OTAN se hayan arrogado el derecho a impulsar la creaci\u00f3n en Europa de una estructura clandestina de informaci\u00f3n y de actuaci\u00f3n;<\/span><\/li>\n<li><span style=\"font-family: arial, helvetica, sans-serif; font-size: 14pt;\">Pide a los Gobiernos de los Estados miembros el desmantelamiento de todas las estructuras militares y paramilitares clandestinas;<\/span><\/li>\n<li><span style=\"font-family: arial, helvetica, sans-serif; font-size: 14pt;\">Solicita a las magistraturas de los diferentes pa\u00edses en los que se ha detectado la presencia de dichas estructuras militares que esclarezcan su importancia y operatividad, y pide a los jueces que aclaren especialmente la funci\u00f3n que hayan podido desempe\u00f1ar en la desestabilizaci\u00f3n de las estructuras democr\u00e1ticas de los Estados miembros;<\/span><\/li>\n<li><span style=\"font-family: arial, helvetica, sans-serif; font-size: 14pt;\">Solicita a todos los Estados miembros que realicen las gestiones necesarias, si es preciso a trav\u00e9s de la creaci\u00f3n de comisiones parlamentarias de investigaci\u00f3n, con objeto de establecer un inventario completo de las organizaciones activas en estos sectores y, al mismo tiempo, controlar sus v\u00ednculos con los respectivos servicios de seguridad estatales, as\u00ed como su conexi\u00f3n con los grupos terroristas y\/o su implicaci\u00f3n en otras pr\u00e1cticas ilegales;<\/span><\/li>\n<li><span style=\"font-family: arial, helvetica, sans-serif; font-size: 14pt;\">Solicita al Consejo que proporcione una completa informaci\u00f3n acerca del funcionamiento de estos servicios secretos de acci\u00f3n e inteligencia;<\/span><\/li>\n<li><span style=\"font-family: arial, helvetica, sans-serif; font-size: 14pt;\">Encarga a su Comisi\u00f3n de Asuntos Pol\u00edticos que examine la conveniencia de proceder a audiencias que permitan clarificar la funci\u00f3n y el alcance de la operaci\u00f3n \u00abGLADIO\u00bb y de otras posibles estructuras similares;<\/span><\/li>\n<li><span style=\"font-family: arial, helvetica, sans-serif; font-size: 14pt;\">Encarga a su Presidente que transmita la presente resoluci\u00f3n a la Comisi\u00f3n, al Consejo, al Secretario General de la OTAN y a los Gobiernos de los Estados miembros y de los Estados Unidos.<\/span><\/li>\n<\/ol>\n<\/td>\n<\/tr>\n<\/tbody>\n<\/table>\n<\/div>\n<p>&nbsp;<\/p>\n<p style=\"text-align: center;\"><strong>********<\/strong><\/p>\n<p>&nbsp;<\/p>\n<p style=\"text-align: justify;\"><a href=\"https:\/\/puntocritico.com\/ausajpuntocritico\/wp-content\/uploads\/2017\/06\/Julio-andreotti.jpg\" rel=\"lightbox[3370]\"><img loading=\"lazy\" decoding=\"async\" class=\"alignnone wp-image-3449 alignleft\" src=\"https:\/\/puntocritico.com\/ausajpuntocritico\/wp-content\/uploads\/2017\/06\/Julio-andreotti.jpg\" alt=\"\" width=\"420\" height=\"424\" srcset=\"https:\/\/puntocritico.com\/ausajpuntocritico\/wp-content\/uploads\/2017\/06\/Julio-andreotti.jpg 220w, https:\/\/puntocritico.com\/ausajpuntocritico\/wp-content\/uploads\/2017\/06\/Julio-andreotti-150x150.jpg 150w\" sizes=\"auto, (max-width: 420px) 100vw, 420px\" \/><\/a><span style=\"font-size: 14pt; font-family: 'times new roman', times, serif; color: #008000;\">El que fue presidente, del Consejo de Ministros italiano, el democristiano Giulio Andreotti, se present\u00f3 a mediados de noviembre de 1990 ante el Senado de su pa\u00eds para informar sobre Operaci\u00f3n Gladio, la superestructura de defensa vinculada a la OTAN y a la Agencia Central de Inteligencia (CIA) que actu\u00f3 durante 45 a\u00f1os secretamente en Italia y en otros pa\u00edses de nuestro entorno europeo.<\/span><\/p>\n<p style=\"text-align: justify;\"><span style=\"font-size: 14pt; font-family: 'times new roman', times, serif; color: #008000;\">El 31 de mayo de 1972, un auto-bomba estall\u00f3 en un bosque cercano a Peteano (Itallia). M\u00e1s de una d\u00e9cada despues, en 1984, el juez italiano Felice Casson\u00a0decidi\u00f3 reabrir el caso. El juez descubri\u00f3 que la polic\u00eda no hab\u00eda investigado el lugar de los hechos. Tambi\u00e9n not\u00f3 que el informe que hab\u00eda concluido en aquel entonces que los explosivos utilizados eran los mismos que utilizaban tradicionalmente las Brigadas Rojas era en realidad una falsificaci\u00f3n.\u00a0<\/span><span style=\"font-size: 14pt; font-family: 'times new roman', times, serif; color: #008000;\">Al proseguir su investigaci\u00f3n sobre los extra\u00f1os casos de Peteano y Trieste, el magistrado descubri\u00f3 con asombro, no la mano de la izquierda italiana sino la de los grup\u00fasculos de extrema derecha y de los servicios secretos del ej\u00e9rcito tras el atentado de 1972.<\/span><\/p>\n<p style=\"text-align: justify;\"><span style=\"font-size: 14pt; font-family: 'times new roman', times, serif; color: #008000;\">El juez Casson logr\u00f3 determinar que el drama de Peteano formaba parte de ese esquema y entraba en el marco de una serie de cr\u00edmenes que hab\u00eda comenzado en 1969.<\/span><\/p>\n<p style=\"text-align: justify;\"><span style=\"font-size: 14pt; font-family: 'times new roman', times, serif; color: #008000;\">Andreoti, que en 1990 hablaba de Gladio ante el Parlamento italiano, recordemos, fue condenado en 2002 como instigador del asesinato de un periodista italiano, Mino Pecorelli, en 1979. Seg\u00fan cont\u00f3 el \u00abarrepentido\u00bb, perteneciente a la Mafia, Tomasso Buscetta, el asesinato se produjo para hacerle un favor a Andreoti, siendo que Pecorelli estaba al tanto de los detalles del asesinato de Aldo Moro, supuestamente, por las Brigadas Rojas, \u00a0mientras que Andreoti presid\u00eda su cuarto Gobierno.\u00a0<\/span><\/p>\n<p style=\"text-align: center;\"><strong>**********<\/strong><\/p>\n<p>&nbsp;<\/p>\n<div style=\"text-align: left;\">\n<div style=\"text-align: left;\">\n<table style=\"background-color: #b6d4f0; border-color: #000000;\">\n<tbody>\n<tr>\n<td>\n<p><span style=\"font-size: 14pt;\"><span style=\"text-decoration: underline;\">ENLACES DE INTER\u00c9S<\/span>:<\/span><\/p>\n<ol class=\"gmail-references\">\n<li id=\"gmail-cite_note-Ganser-1\" style=\"text-align: justify;\"><span style=\"font-size: 14pt; font-family: arial, helvetica, sans-serif;\"><span class=\"gmail-reference-text\"><a class=\"external gmail-text\" href=\"http:\/\/se2.isn.ch\/serviceengine\/FileContent?serviceID=12&amp;fileid=0E02F4FD-4825-977E-38F7-B141A3299672&amp;lng=en\" target=\"yZeloIk415xZf8LZUBfCYnd\" rel=\"nofollow noopener\"><i>Terrorism in Western Europe: An approach to NATO\u2019s secret stay-behind armies<\/i><\/a>(\u00abTerrorismo en Europa Occidental: Una aproximaci\u00f3n a los ej\u00e9rcitos secretos de retaguardia de la OTAN\u00bb),\u00a0<i>Whitehead Journal of Diplomacy and International Relations<\/i>, South Orange,\u00a0<a title=\"Nueva Jersey\" href=\"https:\/\/es.wikipedia.org\/wiki\/Nueva_Jersey\" target=\"sCkyp7q7_orwjbbBIbPi7KO\" rel=\"noopener\">Nueva Jersey<\/a>, invierno\/primavera boreal de\u00a0<a title=\"2005\" href=\"https:\/\/es.wikipedia.org\/wiki\/2005\" target=\"6d2vRVtZv_5uCek7hOSXIE1\" rel=\"noopener\">2005<\/a>, Vol. 6, N\u00b0 1.<\/span><\/span><\/li>\n<li id=\"gmail-cite_note-2\" style=\"text-align: justify;\"><span class=\"gmail-reference-text\" style=\"font-size: 14pt; font-family: arial, helvetica, sans-serif;\">Como indicador del importante ascenso que hab\u00eda llegado a experimentar este \u00faltimo, en las elecciones parlamentarias de\u00a0<a title=\"Junio\" href=\"https:\/\/es.wikipedia.org\/wiki\/Junio\" target=\"XSOXhhUWJ6tDf3pw1sO1_3j\" rel=\"noopener\">junio<\/a>\u00a0de\u00a0<a title=\"1976\" href=\"https:\/\/es.wikipedia.org\/wiki\/1976\" target=\"fCm8lLHWLVY298-UMEE1ELV\" rel=\"noopener\">1976<\/a>\u00a0el PCI obtuvo un 34% del total de sufragios.<\/span><\/li>\n<li id=\"gmail-cite_note-3\" style=\"text-align: justify;\"><span style=\"font-size: 14pt; font-family: arial, helvetica, sans-serif;\"><span class=\"gmail-reference-text\">(En italliano)\u00a0<a class=\"external gmail-text\" href=\"https:\/\/www.academia.edu\/11402413\/Lorganizzazione_Gladio\" target=\"8Kq7xZBhgqZg5QsWOj-1wYI\" rel=\"nofollow noopener\"><span lang=\"it\">Giampiero Buonomo,\u00a0<i>Profili di liceit\u00e0 e di legittimit\u00e0 dell\u2019organizzazione Gladio<\/i><\/span>\u00a0in Questione giustizia, 1991, n. 3<\/a>.<\/span><\/span><\/li>\n<li id=\"gmail-cite_note-4\" style=\"text-align: justify;\"><span style=\"font-size: 14pt; font-family: arial, helvetica, sans-serif;\"><span class=\"gmail-reference-text\"><a class=\"external gmail-text\" href=\"http:\/\/www.senate.be\/lexdocs\/S0523\/S05231297.pdf\" target=\"k_ruMLTxzkgjnEs7bxcs1lk\" rel=\"nofollow noopener\">Informe oficial del parlamento<\/a>\u00a0<a title=\"B\u00e9lgica\" href=\"https:\/\/es.wikipedia.org\/wiki\/B%C3%A9lgica\" target=\"qJOumKELFX5_wfC5Wx7-ahX\" rel=\"noopener\">belga<\/a>\u00a0sobre la red de retaguardia del tipo\u00a0<i>stay-behind<\/i>, denominado formalmente\u00a0<i>Enqu\u00eate parlementaire sur l&#8217;existence en Belgique d&#8217;un r\u00e9seau de renseignements clandestin international<\/i>\u00a0o\u00a0<i>Parlementair onderzoek met betrekking tot het bestaan in Belgi\u00eb van een clandestien internationaal inlichtingenetwerk<\/i>, literalmente \u00abInforme parlamentario sobre la existencia en\u00a0<a title=\"B\u00e9lgica\" href=\"https:\/\/es.wikipedia.org\/wiki\/B%C3%A9lgica\" target=\"xYo19C-iJMcG2u4WMXQp0nh\" rel=\"noopener\">B\u00e9lgica<\/a>\u00a0de una red de informaci\u00f3n clandestina internacional\u00bb, p\u00e1ginas pg. 17-22<\/span><\/span><\/li>\n<li id=\"gmail-cite_note-5\" style=\"text-align: justify;\"><span style=\"font-size: 14pt; font-family: arial, helvetica, sans-serif;\"><span class=\"gmail-reference-text\"><span id=\"gmail-CITAREF\" class=\"gmail-citation gmail-web\"><a class=\"external gmail-text\" href=\"http:\/\/eur-lex.europa.eu\/legal-content\/ES\/TXT\/PDF\/?uri=OJ:JOC_1990_324_R_0186_01&amp;from=ES\" target=\"xOd6zaztB-uBV0Hwolrj3TX\" rel=\"nofollow noopener\">\u00ab<i>Resoluci\u00f3n del Parlamento Europeo sobre el asunto Gladio, publicado en el Diario Oficial de las Comunidades Europeas.<\/i>\u00bb<\/a>. Diario Oficial de las Comunidades Europeas, Serie C, 234, de 24 de diciembre de 1990, p. 201: (DO C 324 del 24.12.1990, p. 201: p\u00e1gina n\u00ba 16 a partir de la 186 del PDF).<\/span><\/span><\/span><\/li>\n<li id=\"gmail-cite_note-6\" style=\"text-align: justify;\"><span class=\"gmail-reference-text\" style=\"font-size: 14pt; font-family: arial, helvetica, sans-serif;\"><span id=\"gmail-CITAREF\" class=\"gmail-citation gmail-web\"><a class=\"external gmail-text\" href=\"http:\/\/en.wikisource.org\/wiki\/European_Parliament_resolution_on_Gladio\" target=\"lbrXeSlbUBCvgwaFt9mgej4\" rel=\"noopener\">\u00ab<i>European Parliament resolution on Gladio<\/i>\u00bb<\/a>. Wikisource<span class=\"gmail-reference-accessdate\">. Consultado el\u00a0<a title=\"22 de agosto\" href=\"https:\/\/es.wikipedia.org\/wiki\/22_de_agosto\" target=\"dwUvMR-L-saXUhfFbJxEOlA\" rel=\"noopener\">22 de agosto<\/a>\u00a0de\u00a0<a title=\"2008\" href=\"https:\/\/es.wikipedia.org\/wiki\/2008\" target=\"woMAvAA9z1K09j5PhuLzHyN\" rel=\"noopener\">2008<\/a><\/span>.<\/span><\/span><\/li>\n<li id=\"gmail-cite_note-7\" style=\"text-align: justify;\"><span class=\"gmail-reference-text\" style=\"font-size: 14pt; font-family: arial, helvetica, sans-serif;\"><a class=\"external gmail-text\" href=\"http:\/\/www.elpais.com\/articulo\/espana\/ITALIA\/LAS_PALMAS\/red\/Gladio\/continua\/operando\/ex\/agente\/Alberto\/Volo\/elpepiesp\/19910819elpepinac_7\/Tes\/\" target=\"GxdkihuSdt8D049Yi8QzZr8\" rel=\"nofollow noopener\">La &#8216;red Gladio&#8217; contin\u00faa operando, seg\u00fan el ex agente Alberto Volo<\/a>,\u00a0<i><a title=\"El Pa\u00eds\" href=\"https:\/\/es.wikipedia.org\/wiki\/El_Pa%C3%ADs\" target=\"bcXknFIgoPCZizmbD8PwZR8\" rel=\"noopener\">El Pa\u00eds<\/a><\/i>, August 19, 1991<\/span><\/li>\n<li id=\"gmail-cite_note-8\" style=\"text-align: justify;\"><span style=\"font-size: 14pt; font-family: arial, helvetica, sans-serif;\">\u00a0<span class=\"gmail-reference-text\"><a class=\"external gmail-free\" href=\"http:\/\/elpais.com\/diario\/1990\/11\/21\/espana\/659142019_850215.html\" target=\"TYXNfJVQLDs_jcSbFEvZY-T\" rel=\"nofollow noopener\">http:\/\/elpais.com\/diario\/1990\/11\/21\/espana\/659142019_850215.html<\/a><\/span><\/span><\/li>\n<\/ol>\n<\/td>\n<\/tr>\n<\/tbody>\n<\/table>\n<p>\u00a0<\/p><\/div>\n<div style=\"text-align: center;\"><strong>*********<\/strong><\/div>\n<div>\u00a0<\/div>\n<p><span style=\"font-family: arial, helvetica, sans-serif; font-size: 18pt; color: #339966;\">Ej\u00e9rcito Secreto de la OTAN: TERRORISMO DE ESTADO<\/span><\/div>\n<div style=\"text-align: center;\"><iframe loading=\"lazy\" src=\"\/\/www.dailymotion.com\/embed\/video\/xbrhac\" width=\"560\" height=\"315\" frameborder=\"0\" allowfullscreen=\"allowfullscreen\"><\/iframe><\/div>\n<div>\u00a0<\/div>\n<div style=\"text-align: center;\"><span style=\"color: #339966;\">Publicado el 11 dic. 2009 y\u00a0realizado por torontocosme.<\/span><\/div>\n<div style=\"text-align: center;\">\n <span style=\"color: #339966;\"><span style=\"color: #339966;\"><span style=\"font-size: 12pt;\">Editado por \u00a0Antitodo221\u00a0<a href=\"http:\/\/www.dailymotion.com\/video\/xbrhac_ejercito-secreto-de-la-otan-terrori_news\" target=\"_blank\" rel=\"noopener\">http:\/\/www.dailymotion.com\/video\/xbrhac_ejercito-secreto-de-la-otan-terrori_news<\/a><\/span><br \/>\n <\/span><\/span><br \/>\n <span style=\"color: #339966;\">Documental Operaci\u00f3n Gladio: <a href=\"http:\/\/www.documaniatv.com\/historia\/el-ejercito-secreto-de-la-otan-operacion-gladio-video_02b3d4d27.html\" target=\"_blank\" rel=\"noopener\">http:\/\/www.documaniatv.com\/historia\/el-ejercito-secreto-de-la-otan-operacion-gladio-video_02b3d4d27.html<\/a><\/span><\/div>\n<div>\u00a0<\/div>\n<div>\u00a0<\/div>\n<div style=\"text-align: center;\">******<\/div>\n<div>\u00a0<\/div>\n<div style=\"text-align: center;\"><span style=\"font-family: arial, helvetica, sans-serif; font-size: 18pt; color: #339966;\">Entrevista a Daniele Ganser, autor del libro Los ej\u00e9rcitos secretos de la OTAN<\/span><\/div>\n<div>\u00a0<\/div>\n<div style=\"text-align: center;\"><iframe loading=\"lazy\" src=\"https:\/\/www.youtube.com\/embed\/9FxdzNgU7Vw?rel=0&amp;showinfo=0\" width=\"560\" height=\"315\" frameborder=\"0\" allowfullscreen=\"allowfullscreen\"><\/iframe><\/div>\n<div>\u00a0<\/div>\n<div style=\"text-align: center;\"><strong>*********<\/strong><\/div>\n<div>\u00a0<\/div>\n<div style=\"text-align: center;\"><span style=\"color: #339966; font-family: arial, helvetica, sans-serif; font-size: 14pt;\"><span style=\"font-size: 18pt;\">ARTICULO RELACIONADO<\/span>: \u00a0<\/span><a style=\"font-family: arial, helvetica, sans-serif; font-size: 14pt;\" href=\"https:\/\/puntocritico.com\/2017\/04\/05\/el-terrorismo-no-reconocido-de-la-otan-por-daniele-ganser-silvia-cattori\/\">El terrorismo no reconocido de la OTAN por Daniele Ganser, Silvia Cattori &#8211; PUNTOCRITICO.com<\/a><\/div>\n<div>\u00a0<\/div>\n<div style=\"text-align: center;\">\u00a0******<\/div>\n<div><span style=\"color: #339966; font-family: arial, helvetica, sans-serif; font-size: 18pt;\"><span style=\"color: #339966; font-family: arial, helvetica, sans-serif; font-size: 18pt;\">\u00a0<\/span><\/span><br \/>\n<figure id=\"attachment_3452\" aria-describedby=\"caption-attachment-3452\" style=\"width: 678px\" class=\"wp-caption aligncenter\"><a href=\"https:\/\/puntocritico.com\/ausajpuntocritico\/wp-content\/uploads\/2017\/06\/ANDREOTTI-y-nixon.jpg\" rel=\"lightbox[3370]\"><img loading=\"lazy\" decoding=\"async\" class=\"wp-image-3452 size-mh-magazine-content\" src=\"https:\/\/puntocritico.com\/ausajpuntocritico\/wp-content\/uploads\/2017\/06\/ANDREOTTI-y-nixon-678x381.jpg\" alt=\"\" width=\"678\" height=\"381\" \/><\/a><figcaption id=\"caption-attachment-3452\" class=\"wp-caption-text\"><span style=\"color: #008000;\">Giulio Andreotti y Richard Nixon<\/span><\/figcaption><\/figure>\n<\/div>\n<p style=\"text-align: center;\">\u2666\u2666\u2666\u2666\u2666\u2666\u2666<\/p>\n<p>&nbsp;<\/p>\n<div class=\"titre_serif_1 crayon article-titre-196869 entry-title\"><span style=\"font-size: 24pt;\"><strong><span style=\"font-family: arial, helvetica, sans-serif;\">El nazismo en Europa, es precisamente la\u00a0OTAN<\/span><\/strong><\/span><\/div>\n<div class=\"titre_serif_1 crayon article-titre-196869 entry-title\"><span style=\"font-size: 12pt; color: #008000;\"><strong>por <span class=\"fn\">Manlio Dinucci<\/span><\/strong><\/span><\/div>\n<div>\n<div class=\"chapo crayon article-chapo-196869 entry-content\">\n<p>&nbsp;<\/p>\n<blockquote>\n<p style=\"text-align: justify;\"><span style=\"font-family: arial, helvetica, sans-serif; font-size: 14pt;\">Los hechos lo demuestran: al t\u00e9rmino de la Segunda Guerra Mundial, la\u00a0OSS y posteriormente la\u00a0CIA protegieron y reciclaron a oficiales nazis para crear con\u00a0ellos las redes <i>stay-behind<\/i> de la\u00a0OTAN. En\u00a02013, la\u00a0OTAN utiliz\u00f3 varios grupos neonazis para montar una \u201crevoluci\u00f3n\u201d en\u00a0Kiev. En\u00a0este\u00a0momento, la\u00a0OTAN apoya p\u00fablicamente a las nuevas instituciones ucranianas, que incluyen dirigentes\u00a0<\/span><span style=\"font-family: arial, helvetica, sans-serif; font-size: 14pt;\">nazis, como el\u00a0presidente del parlamento. En\u00a0vez de tratar de evitarlo, la\u00a0OTAN organiza el\u00a0resurgimiento del nazismo.<\/span><\/p>\n<\/blockquote>\n<\/div>\n<\/div>\n<div class=\"gmail-texte_sans gmail-crayon gmail-article-texte-196869\">\n<div class=\"gmail-texte_sans gmail-crayon gmail-article-texte-196869\">\n<p>&nbsp;<\/p>\n<figure id=\"attachment_3427\" aria-describedby=\"caption-attachment-3427\" style=\"width: 400px\" class=\"wp-caption alignleft\"><a href=\"https:\/\/puntocritico.com\/ausajpuntocritico\/wp-content\/uploads\/2017\/06\/Voltairenet-org_-_1_2_-6-63a45.jpg\" rel=\"lightbox[3370]\"><img loading=\"lazy\" decoding=\"async\" class=\"wp-image-3427 size-full\" src=\"https:\/\/puntocritico.com\/ausajpuntocritico\/wp-content\/uploads\/2017\/06\/Voltairenet-org_-_1_2_-6-63a45.jpg\" alt=\"\" width=\"400\" height=\"300\" srcset=\"https:\/\/puntocritico.com\/ausajpuntocritico\/wp-content\/uploads\/2017\/06\/Voltairenet-org_-_1_2_-6-63a45.jpg 400w, https:\/\/puntocritico.com\/ausajpuntocritico\/wp-content\/uploads\/2017\/06\/Voltairenet-org_-_1_2_-6-63a45-300x225.jpg 300w, https:\/\/puntocritico.com\/ausajpuntocritico\/wp-content\/uploads\/2017\/06\/Voltairenet-org_-_1_2_-6-63a45-326x245.jpg 326w, https:\/\/puntocritico.com\/ausajpuntocritico\/wp-content\/uploads\/2017\/06\/Voltairenet-org_-_1_2_-6-63a45-80x60.jpg 80w\" sizes=\"auto, (max-width: 400px) 100vw, 400px\" \/><\/a><figcaption id=\"caption-attachment-3427\" class=\"wp-caption-text\"><span style=\"color: #008000;\">Andrei Paruby (a la izquierda, sin gorra y en uniforme oscuro) con sus amigos de la OTAN<\/span>.<\/figcaption><\/figure>\n<p class=\"gmail-lettrine\" style=\"text-align: justify;\"><span style=\"font-size: 14pt; font-family: arial, helvetica, sans-serif;\">Ucrania, que ya es de hecho miembro de la OTAN, ahora quiere ser incorporada oficialmente a ese bloque militar. El\u00a08 de junio de\u00a02017, el\u00a0parlamento de Kiev adopt\u00f3 por mayor\u00eda (con 276\u00a0votos a\u00a0favor y 25 en\u00a0contra) una enmienda legislativa que prioriza la incorporaci\u00f3n de Ucrania a la\u00a0OTAN. La\u00a0entrada de Ucrania en ese bloque militar ser\u00eda mucho m\u00e1s que algo formal. La\u00a0OTAN acusa a Rusia de haber anexado Crimea ilegalmente y de realizar acciones militares contra Ucrania.<\/span><\/p>\n<p style=\"text-align: justify;\"><span style=\"font-size: 14pt; font-family: arial, helvetica, sans-serif;\">Por consiguiente, si Ucrania se convirtiera oficialmente en miembro de la\u00a0OTAN, los otros 29\u00a0pa\u00edses miembros de ese bloque militar tendr\u00edan que \u00ab<i>asistir a la\u00a0parte o partes as\u00ed atacadas adoptando (\u2026) las acciones que juzgue necesarias, incluyendo el uso de la fuerza armada<\/i>\u00bb, como se\u00a0afirma en el Art\u00edculo\u00a05 del Tratado del Atl\u00e1ntico Norte. Dicho claramente, tendr\u00edan que entrar en\u00a0guerra con\u00a0Rusia.<\/span><\/p>\n<p style=\"text-align: justify;\"><span style=\"font-size: 14pt; font-family: arial, helvetica, sans-serif;\">El \u201cm\u00e9rito\u201d de haber introducido en la legislaci\u00f3n ucraniana la incorporaci\u00f3n de ese pa\u00eds a la\u00a0OTAN como objetivo prioritario es de Andrei Paruby. Este personaje es cofundador del Partido Nacional Social ucraniano, creado en\u00a01991 seg\u00fan el modelo del Partido Nacional Socialista de Adolfo Hitler; jefe de las formaciones paramilitares neonazis utilizadas en\u00a02014 en el putsch de la plaza Maidan, bajo las \u00f3rdenes de Estados Unidos y la\u00a0OTAN, y en la masacre de\u00a0Odesa; jefe del Consejo de Defensa y de Seguridad Nacional que utiliza el Batall\u00f3n Azov y otras unidades neonazis para atacar a los civiles ucranianos de origen ruso en el este de Ucrania y que realiza constantemente salvajes agresiones contra militantes del Partido Comunista, destruyendo locales de esa formaci\u00f3n pol\u00edtica y quemando libros, seg\u00fan el m\u00e1s puro estilo nazi, en momentos que ese partido est\u00e1 a\u00a0punto de ser objeto de una prohibici\u00f3n oficial.<\/span><\/p>\n<p style=\"text-align: justify;\"><span style=\"font-size: 14pt; font-family: arial, helvetica, sans-serif;\">Ese es el Andrei Paruby que, como presidente del parlamento ucraniano, cargo que le fue conferido en\u00a0abril de\u00a02016 por sus \u00ab<i>m\u00e9ritos democr\u00e1ticos<\/i>\u00bb, fue recibido el 5 de junio de\u00a02017 por la presidente de la C\u00e1mara italiana, Laura Boldrini. \u00ab<i>Italia siempre ha condenado el acto ilegal cometido en\u00a0detrimento de una parte del territorio ucraniano<\/i>\u00bb, afirm\u00f3 entonces la presidente Boldrini, avalando as\u00ed la versi\u00f3n de la\u00a0OTAN, seg\u00fan la\u00a0cual Rusia anex\u00f3 Crimea ilegalmente. Claro, esa versi\u00f3n ignora a\u00a0prop\u00f3sito el\u00a0hecho que la poblaci\u00f3n de Crimea opt\u00f3 mediante un refer\u00e9ndum por separarse de\u00a0Ucrania y reintegrar Crimea a\u00a0Rusia para impedir con ello ataques como los que sufren constantemente las poblaciones rusas del Donbass, perpetrados por los batallones neonazis y las dem\u00e1s fuerzas militares de Kiev.<\/span><\/p>\n<p style=\"text-align: justify;\"><span style=\"font-size: 14pt; font-family: arial, helvetica, sans-serif;\">La cordial entrevista entre Paruby y la se\u00f1ora Boldrini concluy\u00f3 con la firma de un memor\u00e1ndum de entendimiento que \u00ab<i>fortalece la cooperaci\u00f3n parlamentaria entre las dos asambleas, tanto en el plano pol\u00edtico como en el administrativo<\/i>\u00bb.<\/span><\/p>\n<p style=\"text-align: justify;\"><span style=\"font-size: 14pt; font-family: arial, helvetica, sans-serif;\">As\u00ed se refuerza la cooperaci\u00f3n entre la Rep\u00fablica Italiana, nacida de la resistencia contra el nazi-fascismo, y un r\u00e9gimen que ha instaurado en\u00a0Ucrania una situaci\u00f3n an\u00e1loga a la que condujo al surgimiento del fascismo en los a\u00f1os 1929 y del nazismo en los a\u00f1os 1930. El Batall\u00f3n Azov, cuya estirpe nazi est\u00e1 presente en su emblema, similar al de la Divisi\u00f3n\u00a0<i>Das\u00a0Reich<\/i>\u00a0de las\u00a0SS\u00a0<a id=\"uno\"><\/a><a href=\"#unoa\">[1]<\/a>, fue incorporada a la Guardia Nacional de Ucrania, transformada en unidad militar y promovida a la categor\u00eda de regiment\u00f3 de operaciones especiales.<\/span><\/p>\n<p style=\"text-align: justify;\"><span style=\"font-size: 14pt; font-family: arial, helvetica, sans-serif;\">El Batall\u00f3n Azov ha recibido as\u00ed veh\u00edculos blindados y piezas de artiller\u00eda. Junto a otras formaciones neonazis, igualmente convertidas en unidades regulares, el Batall\u00f3n Azov recibe hoy entrenamiento de los instructores estadounidenses de la 173\u00aa Divisi\u00f3n Aerotransportada, transferidos a Ucrania desde la base italiana, y de otros instructores de la\u00a0OTAN.<\/span><\/p>\n<p style=\"text-align: justify;\"><span style=\"font-size: 14pt; font-family: arial, helvetica, sans-serif;\">La Ucrania del actual r\u00e9gimen de Kiev se ha transformado as\u00ed en el \u00ab<i>vivero<\/i>\u00bb del renacimiento del nazismo en pleno corazon de\u00a0Europa. En\u00a0Kiev confluyen hoy los neonazis de Europa entera, incluyendo a los neonazis italianos. Luego de recibir all\u00ed entrenamiento y despu\u00e9s de foguearse en la realizacion de acciones militares contra las poblaciones rusas del Donbass, esos elementos regresan a sus pa\u00edses de origen.<\/span><\/p>\n<p style=\"text-align: justify;\"><span style=\"font-size: 14pt; font-family: arial, helvetica, sans-serif;\">De hecho, la\u00a0OTAN est\u00e1 rejuveneciendo las filas del\u00a0<i>Gladio<\/i>\u00a0<a id=\"dos\"><\/a>\u00a0<a href=\"#dosa\">[2]<\/a>.<\/span><\/p>\n<\/div>\n<div style=\"text-align: justify;\"><span style=\"font-size: 14pt; font-family: arial, helvetica, sans-serif;\"><a class=\"gmail-titre_serif_3\" href=\"http:\/\/www.voltairenet.org\/auteur124610.html?lang=es\" target=\"ycSQ9753NFr3gEdyyvtCUQc\" rel=\"noopener\">Manlio Dinucci<\/a><\/span><\/div>\n<p class=\"gmail-texte_sans_3b\" style=\"text-align: justify;\"><span style=\"font-size: 14pt; font-family: arial, helvetica, sans-serif;\">Fuente\u00a0<\/span><br \/>\n <span style=\"font-size: 14pt; font-family: arial, helvetica, sans-serif;\"><a href=\"http:\/\/www.voltairenet.org\/auteur122722.html?lang=es\" target=\"v8G-jiTsYAmAtqio7TSyogq\" rel=\"noopener\">Il Manifesto (Italia)<\/a><\/span><\/p>\n<\/div>\n<p style=\"text-align: justify;\"><span style=\"font-size: 14pt; font-family: arial, helvetica, sans-serif;\">******<\/span><\/p>\n<p style=\"text-align: justify;\">Traducido al espa\u00f1ol por la\u00a0<i>Red\u00a0Voltaire<\/i>\u00a0a\u00a0partir de la versi\u00f3n al\u00a0franc\u00e9s de Marie-Ange Patrizio<\/p>\n<p style=\"text-align: center;\"><span style=\"font-family: arial, helvetica, sans-serif; font-size: 14pt;\">******<\/span><\/p>\n<p><span style=\"font-size: 14pt; font-family: arial, helvetica, sans-serif;\"><a id=\"unoa\"><\/a><a href=\"#uno\">[1]<\/a> La Divisi\u00f3n\u00a0<i>Das Reich<\/i>\u00a0cometi\u00f3 muchos de los peores cr\u00edmenes de las SS, como\u00a0<a class=\"gmail-spip_out\" href=\"https:\/\/es.wikipedia.org\/wiki\/Matanza_de_Oradour-sur-Glane\" target=\"eluIYP-ZfYp31Zes-rwTVrf\" rel=\"external noopener\">la masacre perpetrada en el pueblito franc\u00e9s de Oradour-sur-Glane<\/a>.<\/span><\/p>\n<p><span style=\"font-size: 14pt; font-family: arial, helvetica, sans-serif;\"><a id=\"dosa\"><\/a><a href=\"#dos\">[2]<\/a> El\u00a0<i>Gladio<\/i>\u00a0es la red\u00a0<i>stay\u00a0behind<\/i>\u00a0creada por la\u00a0OTAN en\u00a0Europa. Para m\u00e1s informaci\u00f3n, ver en nuestro sitio web la\u00a0serie \u00abLos\u00a0ej\u00e9rcitos secretos de la\u00a0OTAN\u00bb, del\u00a0<a href=\"http:\/\/www.voltairenet.org\/auteur124764.html?lang=es\" target=\"JddyMvM1SW1w4UGdOYD9CWW\" rel=\"noopener\">investigador suizo Daniele Ganser<\/a>.<\/span><\/p>\n<table style=\"background-color: #d7ded8; border-color: #000000;\">\n<tbody>\n<tr>\n<td>\n<p><span style=\"font-size: 10pt;\"><a class=\"m_-8280636503085579931gmail-titre_sans_2\" href=\"http:\/\/www.voltairenet.org\/article135458.html\" target=\"F-s1RO1r8IrPQi4Zj5Urw5W\" rel=\"noopener\">Art\u00edculo bajo licencia Creative Commons<\/a><\/span><\/p>\n<p class=\"m_-8280636503085579931gmail-titre_sans_8\"><span style=\"font-size: 10pt;\">La Red Voltaire autoriza la reproducci\u00f3n de sus art\u00edculos a condici\u00f3n de que se cite la fuente y de que no sean modificados ni utilizados con fines comerciales (licencia\u00a0<a class=\"m_-8280636503085579931gmail-spip_out\" href=\"http:\/\/creativecommons.org\/licenses\/by-nc-nd\/3.0\/\" target=\"pvPUkPF-7RCP3ENAHabOU_E\" rel=\"external noopener\">CC BY-NC-ND<\/a>).<\/span><\/p>\n<p class=\"m_-8280636503085579931gmail-titre_sans_8 m_-8280636503085579931gmail-source-org m_-8280636503085579931gmail-vcard m_-8280636503085579931gmail-copyright\"><span style=\"font-size: 10pt;\">Fuente : \u00abEl nazismo en Europa, es precisamente la\u00a0OTAN \u00bb, por Manlio Dinucci, Il Manifesto (Italia) ,\u00a0<i>Red Voltaire\u00a0<\/i>, 18 de junio de 2017,\u00a0<a href=\"http:\/\/www.voltairenet.org\/article196869.html\" target=\"se4vbu879VMsvOkA-7S32Y6\" rel=\"noopener\">www.voltairenet.org\/<wbr \/>article196869.html<\/a><\/span><\/p>\n<\/td>\n<\/tr>\n<\/tbody>\n<\/table>\n<p>&nbsp;<\/p>\n<p>&nbsp;<\/p>\n","protected":false},"excerpt":{"rendered":"<div class=\"mh-excerpt\"><p>GLADIO, no pertenece al mundo de la ficci\u00f3n, ni al de la paranoia, \u00a0ni tampoco al de la \u00a0\u00abconspiranoia\u00bb. El terrorismo de Estado no es algo desconocido en este pa\u00eds y, desde luego, al menos, <a class=\"mh-excerpt-more\" href=\"https:\/\/puntocritico.com\/ausajpuntocritico\/2017\/06\/26\/el-nazismo-en-europa-es-precisamente-la-otan-por-manlio-dinucci\/\" title=\"Terrorismo de Estado   \/\/  El nazismo en Europa, es precisamente la OTAN,  por Manlio Dinucci\">[&#8230;]<\/a><\/p>\n<\/div>","protected":false},"author":3,"featured_media":3448,"comment_status":"open","ping_status":"closed","sticky":false,"template":"","format":"standard","meta":{"_acf_changed":false,"_exactmetrics_skip_tracking":false,"_exactmetrics_sitenote_active":false,"_exactmetrics_sitenote_note":"","_exactmetrics_sitenote_category":0,"footnotes":""},"categories":[6,7],"tags":[],"class_list":{"0":"post-3370","1":"post","2":"type-post","3":"status-publish","4":"format-standard","5":"has-post-thumbnail","7":"category-justicia","8":"category-politica"},"acf":[],"_links":{"self":[{"href":"https:\/\/puntocritico.com\/ausajpuntocritico\/wp-json\/wp\/v2\/posts\/3370","targetHints":{"allow":["GET"]}}],"collection":[{"href":"https:\/\/puntocritico.com\/ausajpuntocritico\/wp-json\/wp\/v2\/posts"}],"about":[{"href":"https:\/\/puntocritico.com\/ausajpuntocritico\/wp-json\/wp\/v2\/types\/post"}],"author":[{"embeddable":true,"href":"https:\/\/puntocritico.com\/ausajpuntocritico\/wp-json\/wp\/v2\/users\/3"}],"replies":[{"embeddable":true,"href":"https:\/\/puntocritico.com\/ausajpuntocritico\/wp-json\/wp\/v2\/comments?post=3370"}],"version-history":[{"count":0,"href":"https:\/\/puntocritico.com\/ausajpuntocritico\/wp-json\/wp\/v2\/posts\/3370\/revisions"}],"wp:featuredmedia":[{"embeddable":true,"href":"https:\/\/puntocritico.com\/ausajpuntocritico\/wp-json\/wp\/v2\/media\/3448"}],"wp:attachment":[{"href":"https:\/\/puntocritico.com\/ausajpuntocritico\/wp-json\/wp\/v2\/media?parent=3370"}],"wp:term":[{"taxonomy":"category","embeddable":true,"href":"https:\/\/puntocritico.com\/ausajpuntocritico\/wp-json\/wp\/v2\/categories?post=3370"},{"taxonomy":"post_tag","embeddable":true,"href":"https:\/\/puntocritico.com\/ausajpuntocritico\/wp-json\/wp\/v2\/tags?post=3370"}],"curies":[{"name":"wp","href":"https:\/\/api.w.org\/{rel}","templated":true}]}}