{"id":28447,"date":"2020-04-08T00:10:56","date_gmt":"2020-04-07T23:10:56","guid":{"rendered":"https:\/\/puntocritico.com\/ausajpuntocritico\/?p=28447"},"modified":"2024-11-02T17:48:25","modified_gmt":"2024-11-02T16:48:25","slug":"coronavirus-tratamiento-y-curacion-actualidad-del-estado-de-la-ciencia-una-pandemia-de-dimensiones-colosales-actualizacion-de-la-situacion-de-la-enfermedad-y-sus-tratamientos-por-el-doctor-j","status":"publish","type":"post","link":"https:\/\/puntocritico.com\/ausajpuntocritico\/2020\/04\/08\/coronavirus-tratamiento-y-curacion-actualidad-del-estado-de-la-ciencia-una-pandemia-de-dimensiones-colosales-actualizacion-de-la-situacion-de-la-enfermedad-y-sus-tratamientos-por-el-doctor-j\/","title":{"rendered":"#CORONAVIRUS: TRATAMIENTO Y CURACI\u00d3N: ACTUALIDAD DEL ESTADO DE LA CIENCIA. \u00abUna Pandemia de dimensiones colosales: Actualizaci\u00f3n de la situaci\u00f3n de la enfermedad y sus tratamientos\u00bb, por el Doctor JOSEP MARIA MIR\u00d3 (Hospital CLINIC, Barcelona) &#8211; VIDEO"},"content":{"rendered":"<p><a href=\"https:\/\/puntocritico.com\/ausajpuntocritico\/2020\/04\/01\/indice-pandemia-coronavirus\/\">INDICE PANDEMIA CORONAVIRUS\u00a0<\/a><\/p>\n<p style=\"text-align: center;\"><span style=\"font-size: 18pt;\"><strong>*<span style=\"color: #008000;\">*<\/span>*<\/strong><\/span><\/p>\n<blockquote>\n<p style=\"text-align: justify;\"><span style=\"font-size: 14pt;\">Hace tres semanas les inform\u00e1bamos, entre otras cosas, de la situaci\u00f3n m\u00e9dica en cuanto a las opciones de <a href=\"https:\/\/puntocritico.com\/ausajpuntocritico\/2020\/03\/20\/coronavirus-tratamientos-farmacologicos-gilead-y-su-tratamiento-secreto-para-el-coronavirus-en-la-sanidad-publica-espanola-formulario-para-administracion-por-uso-compasivo\/\">tratamientos disponibles en la pandemia del Coronavirus<\/a>, elaborando adem\u00e1s AUSAJ, y poniendo a su disposici\u00f3n, un <a href=\"https:\/\/puntocritico.com\/ausajpuntocritico\/wp-content\/uploads\/2020\/03\/FORMULARIO-SOLICITUD-USO-COMPASIVO.pdf\">formulario<\/a> de solicitud de administraci\u00f3n por <strong>Uso Compasivo<\/strong> del f\u00e1rmaco REMDESIVIR, todav\u00eda no autorizado, \u00fanico que se encuentra en esa situaci\u00f3n del cat\u00e1logo existente\u00a0 (<em>el resto son supuestos de cambio de indicaci\u00f3n; es decir, Medicamentos autorizados para otro tipo de indicaciones terap\u00e9uticas<\/em>), al prever\u00a0 de que pudieran existir dificultades a la hora de su administraci\u00f3n. Hoy les ofrecemos las ponencias del <strong>Dr. Josep Mar\u00eda Mir\u00f3<\/strong>, perteneciente al Servicio de Enfermedades infecciosas del Hospital Clinic de Barcelona, uno de los centros en los que se est\u00e1n desarrollando los ensayos cl\u00ednicos con el mencionado Remdesivir. La primera exposici\u00f3n del Dr. Mir\u00f3 es realizada el pasado 17 de marzo en la 17\u00aa edici\u00f3n del PostCROI (Conference on Retroviruses and Opportunistic Infections), organizada por la Fundaci\u00f3n Lucha contra el Sida y coordinada por FLS Science. Esta ponencia es actualizada\u00a0 en la informaci\u00f3n el pasado d\u00eda 2 de abril,\u00a0 en una magistral exposici\u00f3n, que tiene gran predicamento y seguimiento por el resto de la comunidad m\u00e9dica, en la que el Dr. Mir\u00f3 ofrece un claro resumen del virus, de la enfermedad y de sus tratamientos.<\/span><\/p>\n<p style=\"text-align: justify;\"><span style=\"font-size: 14pt;\"> El Remdesivir se revela como un f\u00e1rmaco superior al retroviral lopinavir\/ritonavir, que est\u00e1 defraudando; nos consta que aunque los facultativos est\u00e1n\u00a0 en la mayor\u00eda de los casos informando de la posibilidad terap\u00e9utica con <strong>Remdesivir<\/strong>, <strong>cuya administraci\u00f3n como Uso Compasivo est\u00e1 siendo denegada por la Agencia Espa\u00f1ola del Medicamento y Productos Sanitarios<\/strong>, por lo que reiteramos nuestro consejo de que los familiares -y pacientes que puedan por s\u00ed mismos- se dirijan a la propia Agencia, al margen de las gestiones que realicen sus m\u00e9dicos (recuerden que si requieren nuestra ayuda, que les ofrecemos desinteresadamente y en la medida de nuestra capacidad, pueden ponerse en contacto con nosotros a trav\u00e9s de la direcci\u00f3n de correo electr\u00f3nico buzon@ausaj.org o en el tel\u00e9fono 619334013). El objetivo es conseguir que los enfermos no lleguen a precisar ingreso en UCI, donde la mortalidad ronda el cincuenta por ciento aproximadamente, siendo recomendada la administraci\u00f3n de antivirales en los primeros dias de la enfermedad. La <strong>hidroxicloroquina<\/strong> (<em>de la que est\u00e1 existiendo desabastecimiento puntual en los Hospitales\u00a0 y ya no es posible su compra en Farmacia por esta patolog\u00eda<\/em>) est\u00e1 demostrando su eficacia.\u00a0 <\/span><\/p>\n<p style=\"text-align: justify;\"><span style=\"font-size: 14pt;\">Les dejamos sin m\u00e1s demora con las ilustrativas palabras del Dr. Mir\u00f3.\u00a0<\/span><\/p>\n<\/blockquote>\n<p style=\"text-align: justify;\">\u00a0<\/p>\n<div>\n<h1 class=\"title style-scope ytd-video-primary-info-renderer\" style=\"text-align: center;\">Actualizaci\u00f3n sobre la situaci\u00f3n de la COVID-19\u00a0<\/h1>\n<h1 class=\"title style-scope ytd-video-primary-info-renderer\" style=\"text-align: center;\">Dr. Josep Maria Mir\u00f3 &#8211; 02\/abril\/2020<\/h1>\n<\/div>\n<div id=\"ticket-shelf\" class=\"style-scope ytd-watch-flexy\" style=\"text-align: center;\"><iframe loading=\"lazy\" src=\"https:\/\/mega.nz\/embed\/2Y12lYJD#LNtNs8QmrjVrgt37wFJxsYipg-ABTNto8FDUoriaB1g\" width=\"640\" height=\"360\" frameborder=\"0\" allowfullscreen=\"allowfullscreen\"><\/iframe><\/div>\n<div id=\"merch-shelf\" class=\"style-scope ytd-watch-flexy\" style=\"text-align: center;\"><strong><span style=\"font-size: 18pt;\">***<\/span><\/strong><\/div>\n<div id=\"header\" class=\"style-scope ytd-item-section-renderer\">\n<div id=\"title\" class=\"style-scope ytd-comments-header-renderer\">\u00a0<\/div>\n<\/div>\n<h1 class=\"title style-scope ytd-video-primary-info-renderer\" style=\"text-align: center;\">SARS &#8211; CoV-2 (COVID19), una pandemia &#8211; Dr. Josep Maria Mir\u00f3 PostCROI 2020, 17 marzo 2020<\/h1>\n<p class=\"title style-scope ytd-video-primary-info-renderer\" style=\"text-align: center;\"><iframe loading=\"lazy\" src=\"https:\/\/mega.nz\/embed\/jdtC1bSY#XJqg9Z5Zuc0oM2ZvPczffj4ZxJ1e58oVA-oGjDjdOBI\" width=\"640\" height=\"360\" frameborder=\"0\" allowfullscreen=\"allowfullscreen\"><\/iframe><\/p>\n<p style=\"text-align: center;\"><strong><span style=\"font-size: 18pt; color: #008000;\">***<\/span><\/strong><\/p>\n<p><img loading=\"lazy\" decoding=\"async\" class=\"aligncenter wp-image-28449\" src=\"https:\/\/puntocritico.com\/ausajpuntocritico\/wp-content\/uploads\/2020\/04\/ACTUALIZACION-INFORMACION-MEDICA-300x157.jpg\" alt=\"\" width=\"630\" height=\"329\" data-id=\"28449\" srcset=\"https:\/\/puntocritico.com\/ausajpuntocritico\/wp-content\/uploads\/2020\/04\/ACTUALIZACION-INFORMACION-MEDICA-300x157.jpg 300w, https:\/\/puntocritico.com\/ausajpuntocritico\/wp-content\/uploads\/2020\/04\/ACTUALIZACION-INFORMACION-MEDICA-1024x535.jpg 1024w, https:\/\/puntocritico.com\/ausajpuntocritico\/wp-content\/uploads\/2020\/04\/ACTUALIZACION-INFORMACION-MEDICA-768x401.jpg 768w, https:\/\/puntocritico.com\/ausajpuntocritico\/wp-content\/uploads\/2020\/04\/ACTUALIZACION-INFORMACION-MEDICA-1536x802.jpg 1536w, https:\/\/puntocritico.com\/ausajpuntocritico\/wp-content\/uploads\/2020\/04\/ACTUALIZACION-INFORMACION-MEDICA.jpg 1636w\" sizes=\"auto, (max-width: 630px) 100vw, 630px\" \/><\/p>\n<p>&nbsp;<\/p>\n<p style=\"text-align: center;\"><a href=\"https:\/\/puntocritico.com\/ausajpuntocritico\/author\/punto-critico\/\"><img loading=\"lazy\" decoding=\"async\" class=\"wp-image-48 aligncenter\" src=\"https:\/\/puntocritico.com\/ausajpuntocritico\/wp-content\/uploads\/2016\/11\/Mosca_Punto_Cr\u00edtico_40.png\" alt=\"\" width=\"80\" height=\"80\" data-id=\"48\" \/><\/a><\/p>\n<p>&nbsp;<\/p>\n<p>&nbsp;<\/p>\n<p>&nbsp;<\/p>\n<p>&nbsp;<\/p>\n","protected":false},"excerpt":{"rendered":"<div class=\"mh-excerpt\"><p>INDICE PANDEMIA CORONAVIRUS\u00a0 *** Hace tres semanas les inform\u00e1bamos, entre otras cosas, de la situaci\u00f3n m\u00e9dica en cuanto a las opciones de tratamientos disponibles en la pandemia del Coronavirus, elaborando adem\u00e1s AUSAJ, y poniendo a <a class=\"mh-excerpt-more\" href=\"https:\/\/puntocritico.com\/ausajpuntocritico\/2020\/04\/08\/coronavirus-tratamiento-y-curacion-actualidad-del-estado-de-la-ciencia-una-pandemia-de-dimensiones-colosales-actualizacion-de-la-situacion-de-la-enfermedad-y-sus-tratamientos-por-el-doctor-j\/\" title=\"#CORONAVIRUS: TRATAMIENTO Y CURACI\u00d3N: ACTUALIDAD DEL ESTADO DE LA CIENCIA. \u00abUna Pandemia de dimensiones colosales: Actualizaci\u00f3n de la situaci\u00f3n de la enfermedad y sus tratamientos\u00bb, por el Doctor JOSEP MARIA MIR\u00d3 (Hospital CLINIC, Barcelona) &#8211; VIDEO\">[&#8230;]<\/a><\/p>\n<\/div>","protected":false},"author":3,"featured_media":28466,"comment_status":"open","ping_status":"closed","sticky":false,"template":"","format":"standard","meta":{"_acf_changed":false,"_exactmetrics_skip_tracking":false,"_exactmetrics_sitenote_active":false,"_exactmetrics_sitenote_note":"","_exactmetrics_sitenote_category":0,"footnotes":""},"categories":[7],"tags":[52],"class_list":{"0":"post-28447","1":"post","2":"type-post","3":"status-publish","4":"format-standard","5":"has-post-thumbnail","7":"category-politica","8":"tag-covid"},"acf":[],"_links":{"self":[{"href":"https:\/\/puntocritico.com\/ausajpuntocritico\/wp-json\/wp\/v2\/posts\/28447","targetHints":{"allow":["GET"]}}],"collection":[{"href":"https:\/\/puntocritico.com\/ausajpuntocritico\/wp-json\/wp\/v2\/posts"}],"about":[{"href":"https:\/\/puntocritico.com\/ausajpuntocritico\/wp-json\/wp\/v2\/types\/post"}],"author":[{"embeddable":true,"href":"https:\/\/puntocritico.com\/ausajpuntocritico\/wp-json\/wp\/v2\/users\/3"}],"replies":[{"embeddable":true,"href":"https:\/\/puntocritico.com\/ausajpuntocritico\/wp-json\/wp\/v2\/comments?post=28447"}],"version-history":[{"count":0,"href":"https:\/\/puntocritico.com\/ausajpuntocritico\/wp-json\/wp\/v2\/posts\/28447\/revisions"}],"wp:featuredmedia":[{"embeddable":true,"href":"https:\/\/puntocritico.com\/ausajpuntocritico\/wp-json\/wp\/v2\/media\/28466"}],"wp:attachment":[{"href":"https:\/\/puntocritico.com\/ausajpuntocritico\/wp-json\/wp\/v2\/media?parent=28447"}],"wp:term":[{"taxonomy":"category","embeddable":true,"href":"https:\/\/puntocritico.com\/ausajpuntocritico\/wp-json\/wp\/v2\/categories?post=28447"},{"taxonomy":"post_tag","embeddable":true,"href":"https:\/\/puntocritico.com\/ausajpuntocritico\/wp-json\/wp\/v2\/tags?post=28447"}],"curies":[{"name":"wp","href":"https:\/\/api.w.org\/{rel}","templated":true}]}}