{"id":28441,"date":"2020-04-01T00:30:33","date_gmt":"2020-03-31T23:30:33","guid":{"rendered":"https:\/\/puntocritico.com\/ausajpuntocritico\/?p=28441"},"modified":"2025-08-27T20:02:38","modified_gmt":"2025-08-27T18:02:38","slug":"indice-pandemia-coronavirus","status":"publish","type":"post","link":"https:\/\/puntocritico.com\/ausajpuntocritico\/2020\/04\/01\/indice-pandemia-coronavirus\/","title":{"rendered":"INDICE PANDEMIA CORONAVIRUS"},"content":{"rendered":"<p class=\"entry-title\" style=\"text-align: justify;\"><span style=\"font-size: 14pt;\"><a href=\"https:\/\/puntocritico.com\/ausajpuntocritico\/2020\/03\/20\/coronavirus-tratamientos-farmacologicos-gilead-y-su-tratamiento-secreto-para-el-coronavirus-en-la-sanidad-publica-espanola-formulario-para-administracion-por-uso-compasivo\/\">#CORONAVIRUS: TRATAMIENTOS FARMACOL\u00d3GICOS. GILEAD y su tratamiento \u00absecreto\u00bb para el Coronavirus en la Sanidad P\u00fablica espa\u00f1ola. Formulario para administraci\u00f3n por Uso Compasivo<\/a><\/span><\/p>\n<p style=\"text-align: justify;\">\u00a0<\/p>\n<p style=\"text-align: justify;\"><span style=\"font-size: 14pt;\"><strong>#<a href=\"https:\/\/puntocritico.com\/ausajpuntocritico\/2020\/03\/15\/coronavirus-breves-ensayos\/\">CORONAVIRUS:\u00a0 BREVES ENSAYOS (Decreto de alarma y otros textos)<\/a><\/strong><\/span><\/p>\n<p style=\"text-align: justify;\">\u00a0<\/p>\n<h1 class=\"entry-title\"><a href=\"https:\/\/puntocritico.com\/ausajpuntocritico\/2020\/05\/25\/luc-montanier-el-virus-no-es-natural\/\" target=\"_blank\" rel=\"noopener\" data-schema-attribute=\"\"><span style=\"font-size: 14pt;\">#CORONAVIRUS: Luc Montagnier, Premio Nobel de Medicina: el virus no es natural. \/\/ La falta de \u00e9tica de la investigaci\u00f3n m\u00e9dica en China: la clonaci\u00f3n humana<\/span><\/a><\/h1>\n<p>&nbsp;<\/p>\n<p class=\"entry-title\" style=\"text-align: justify;\"><span style=\"font-size: 14pt;\"><a href=\"https:\/\/puntocritico.com\/ausajpuntocritico\/2020\/03\/26\/coronavirus-un-cataclismo-previsto-por-juan-luis-cebrian\/\">#Coronavirus: \u00abUn cataclismo previsto\u00bb, por Juan Lu\u00eds Cebri\u00e1n<\/a><\/span><\/p>\n<p style=\"text-align: justify;\">\u00a0<\/p>\n<p class=\"entry-title\" style=\"text-align: justify;\"><span style=\"font-size: 14pt;\"><a href=\"https:\/\/puntocritico.com\/ausajpuntocritico\/2020\/04\/06\/coronavirus-biodictadura-suspension-de-los-derechos-humanos-sin-control-parlamentario-ni-judicial-la-otra-pandemia\/\">#CORONAVIRUS: BIODICTADURA. Suspensi\u00f3n de los Derechos Humanos sin control parlamentario ni judicial. La otra Pandemia<\/a><\/span><\/p>\n<p style=\"text-align: justify;\">\u00a0<\/p>\n<p class=\"entry-title\" style=\"text-align: justify;\"><span style=\"font-size: 14pt;\"><a href=\"https:\/\/puntocritico.com\/ausajpuntocritico\/2020\/04\/07\/contra-el-confinamiento-de-la-poblacion\/\">MANIFIESTO: \u00abCONTRA EL CONFINAMIENTO DE LA POBLACI\u00d3N\u00bb. \u00abEl confinamiento es una medida fascista, ineficaz, humillante, traumatizante y destructiva que supone m\u00e1s problemas que soluciones\u00bb<\/a><\/span><\/p>\n<p style=\"text-align: justify;\">\u00a0<\/p>\n<p class=\"entry-title mh-posts-list-title\" style=\"text-align: justify;\"><span style=\"font-size: 14pt;\"><a title=\"#CORONAVIRUS: TRATAMIENTO Y CURACI\u00d3N: ACTUALIDAD DEL ESTADO DE LA CIENCIA. \u00abUna Pandemia de dimensiones colosales: Actualizaci\u00f3n de la situaci\u00f3n de la enfermedad y sus tratamientos\u00bb, por el Doctor JOSEP MARIA MIR\u00d3 (Hospital CLINIC, Barcelona) \u2013 VIDEO\" href=\"https:\/\/puntocritico.com\/ausajpuntocritico\/2020\/04\/08\/coronavirus-tratamiento-y-curacion-actualidad-del-estado-de-la-ciencia-una-pandemia-de-dimensiones-colosales-actualizacion-de-la-situacion-de-la-enfermedad-y-sus-tratamientos-por-el-doctor-j\/\" rel=\"bookmark\">#CORONAVIRUS: TRATAMIENTO Y CURACI\u00d3N: ACTUALIDAD DEL ESTADO DE LA CIENCIA. \u00abUna Pandemia de dimensiones colosales: Actualizaci\u00f3n de la situaci\u00f3n de la enfermedad y sus tratamientos\u00bb, por el Doctor JOSEP MARIA MIR\u00d3 (Hospital CLINIC, Barcelona) \u2013 VIDEO<\/a><\/span><\/p>\n<p style=\"text-align: justify;\">\u00a0<\/p>\n<p style=\"text-align: justify;\">\u00a0<\/p>\n<p class=\"entry-title mh-posts-list-title\" style=\"text-align: justify;\"><span style=\"font-size: 14pt;\"><a title=\"#CORONAVIRUS: Joseph Stiglitz en \u00abThe Lancet\u00bb. LA PANDEMIA SOCIAL en las revistas m\u00e9dicas especializadas. \u00abHay Plagas y v\u00edctimas, y nada m\u00e1s\u00bb (Camus, La Peste)\" href=\"https:\/\/puntocritico.com\/ausajpuntocritico\/2020\/04\/13\/coronavirus-la-pandemia-social-en-revistas-medicas-especializadas-articulos-entre-otros-de-joseph-stiglitz-en-the-lancet-hay-plagas-y-victimas-y-nada-mas-camus\/\" rel=\"bookmark\">#CORONAVIRUS: Joseph Stiglitz en \u00abThe Lancet\u00bb. LA PANDEMIA SOCIAL en las revistas m\u00e9dicas especializadas. \u00abHay Plagas y v\u00edctimas, y nada m\u00e1s\u00bb (Camus, La Peste)<\/a><\/span><\/p>\n<p style=\"text-align: justify;\">\u00a0<\/p>\n<p class=\"entry-title mh-posts-list-title\" style=\"text-align: justify;\"><span style=\"font-size: 14pt;\"><a title=\"#CORONAVIRUS: Documental \u00abEl origen del Coronavirus de Wuhan\u00bb, de Joshua Philipp. IMPUGNANDO LA VERSI\u00d3N OFICIAL. \u00abEn pol\u00edtica, nada ocurre por casualidad. Cada vez que un acontecimiento surge, se puede estar seguro que fue previsto para llevarse a cabo de esa manera\u00bb (F. D. Roosevelt)\" href=\"https:\/\/puntocritico.com\/ausajpuntocritico\/2020\/04\/14\/coronavirus-documental-el-origen-del-coronavirus-de-wuhan-de-joshua-philipp-impugnando-la-version-oficial-en-politica-nada-ocurre-por-casualidad-cada-vez-que-un-acontecimiento-surge-se-p\/\" rel=\"bookmark\">#CORONAVIRUS: Documental \u00abEl origen del Coronavirus de Wuhan\u00bb, de Joshua Philipp. IMPUGNANDO LA VERSI\u00d3N OFICIAL. \u00abEn pol\u00edtica, nada ocurre por casualidad. Cada vez que un acontecimiento surge, se puede estar seguro que fue previsto para llevarse a cabo de esa manera\u00bb (F. D. Roosevelt)<\/a><\/span><\/p>\n<p style=\"text-align: justify;\">\u00a0<\/p>\n<p class=\"entry-title\" style=\"text-align: justify;\"><span style=\"font-size: 14pt;\"><a href=\"https:\/\/puntocritico.com\/ausajpuntocritico\/2020\/04\/15\/coronavirus-y-derechos-humanos-nos-enfrentamos-a-la-criminalizacion-del-ejercicio-de-los-derechos-humanos-el-estado-mas-violento-sera-pues-aquel-en-que-se-niega-a-cada-uno-la-libertad-de-dec\/\">#CORONAVIRUS Y DERECHOS HUMANOS: NOS ENFRENTAMOS A LA CRIMINALIZACI\u00d3N DEL EJERCICIO DE LOS DERECHOS HUMANOS .\u00bb \u00abEl Estado m\u00e1s violento ser\u00e1, pues, aquel en que se niega a cada uno la libertad de decir y ense\u00f1ar lo que se piensa\u00bb<\/a><\/span><\/p>\n<p style=\"text-align: justify;\">\u00a0<\/p>\n<p class=\"entry-title\" style=\"text-align: justify;\"><span style=\"font-size: 14pt;\"><a href=\"https:\/\/puntocritico.com\/ausajpuntocritico\/2020\/04\/20\/coronavirus-remdesivir-los-primeros-resultados-arrojan-un-98-de-eficacia-entrevista-con-el-dr-tomas-segura-martin\/\">#CORONAVIRUS: REMDESIVIR: los primeros resultados arrojan un 98% de eficacia \/\/ ENTREVISTA CON EL DR. TOM\u00c1S SEGURA MARTIN.<\/a><\/span><\/p>\n<p style=\"text-align: justify;\">\u00a0<\/p>\n<p class=\"entry-title\" style=\"text-align: justify;\"><span style=\"font-size: 14pt;\"><a href=\"https:\/\/puntocritico.com\/ausajpuntocritico\/2020\/04\/25\/coronavirus-los-virus-del-nuevo-milenio-con-luis-enjuanes-y-jose-ramon-arribas-2015-video-esperando-la-pandemia-desde-el-2015-entonces-eran-miles-de-muertos-ahora-cientos-de-miles-l\/\">#CORONAVIRUS: DESDE 2015, ESPERANDO LA PANDEMIA. LOS VIRUS DEL NUEVO MILENIO, con Luis Enjuanes y Jos\u00e9 Ram\u00f3n Arribas, 2015 (VIDEO). \u00abNuestras vidas son Mercanc\u00edas\u00bb (AUSAJ, 2015)<\/a><\/span><\/p>\n<p style=\"text-align: justify;\">\u00a0<\/p>\n<p class=\"entry-title\" style=\"text-align: justify;\"><span style=\"font-size: 14pt;\"><a href=\"https:\/\/puntocritico.com\/ausajpuntocritico\/2020\/05\/07\/la-democracia-y-la-gran-pestilencia-por-john-keane-letras-libres\/\" target=\"_blank\" rel=\"noopener\" data-schema-attribute=\"\">LA SOCIEDAD CAUTIVA. \u00abLa democracia y la gran pestilencia\u00bb, por John Keane (Letras Libres).<\/a><\/span><\/p>\n<p style=\"text-align: justify;\">\u00a0<\/p>\n<p class=\"entry-title mh-posts-list-title\" style=\"text-align: justify;\"><span style=\"font-size: 14pt;\"><a title=\"#CORONAVIRUS: ENTREVISTA AL DR. BONAVENTURA CLOTET, Jefe del Servicio de Infecciosos del Hospital \u00abGermans Trias i Pujol\u00bb, de Badalona (integrado en la Fase 3 de los Ensayos Cl\u00ednicos con REMDESIVIR, autorizados por el Gobierno el 11 de marzo de 2020; inmediatamente despu\u00e9s del 8 M)\" href=\"https:\/\/puntocritico.com\/ausajpuntocritico\/2020\/04\/28\/coronavirus-entrevista-al-dr-bonaventura-clotet-jefe-de-infecciosos-del-hospital-germans-trias-i-pujol-de-badalona-centro-integrado-en-ensayos-clinicos-con-remdesivir-el-primero-de-los-cuales-f\/\" rel=\"bookmark\">#CORONAVIRUS: ENTREVISTA AL DR. BONAVENTURA CLOTET, Jefe del Servicio de Infecciosos del Hospital \u00abGermans Trias i Pujol\u00bb, de Badalona (integrado en la Fase 3 de los Ensayos Cl\u00ednicos con REMDESIVIR, autorizados por el Gobierno el 11 de marzo de 2020; inmediatamente despu\u00e9s del 8 M)<\/a><\/span><\/p>\n<p style=\"text-align: justify;\">\u00a0<\/p>\n<p class=\"entry-title mh-posts-list-title\" style=\"text-align: justify;\"><span style=\"font-size: 14pt;\"><a title=\"#CORONAVIRUS: EL VIRUS DE WUHAN. OMS: La Salud al servicio del Poder. La infecci\u00f3n del mundo como resultado de las decisiones pol\u00edticas de la OMS. \u00bfQUIEN ES TEDROS ADHANOM?\" href=\"https:\/\/puntocritico.com\/ausajpuntocritico\/2020\/05\/04\/coronavirus-el-virus-de-wuhan-oms-la-salud-al-servicio-del-poder-economico-la-infeccion-del-mundo-como-resultado-de-las-decisiones-politicas-de-la-oms-quien-es-tedros-adhanom\/\" rel=\"bookmark\">#CORONAVIRUS: EL VIRUS DE WUHAN. OMS: La Salud al servicio del Poder. La infecci\u00f3n del mundo como resultado de las decisiones pol\u00edticas de la OMS. \u00bfQUIEN ES TEDROS ADHANOM?<\/a><\/span><\/p>\n<p style=\"text-align: justify;\">\u00a0<\/p>\n<p class=\"entry-title\" style=\"text-align: justify;\"><span style=\"font-size: 14pt;\"><a href=\"https:\/\/puntocritico.com\/ausajpuntocritico\/2020\/12\/14\/estudios-sobre-la-letalidad-del-covid-19-es-el-sars-cov-2-un-virus-letal\/\">Estudios sobre la letalidad del Covid-19: \u00bfEs el SARS-CoV-2 un virus letal?<\/a><\/span><\/p>\n<p style=\"text-align: justify;\">\u00a0<\/p>\n<p class=\"entry-title\" style=\"text-align: justify;\"><span style=\"font-size: 14pt;\"><a href=\"https:\/\/puntocritico.com\/ausajpuntocritico\/2021\/01\/18\/coronavirus-datos-mapas-y-graficas-numero-combinado-de-muertes-por-grupo-de-edad-segunda-semana-de-2021-red-europea-eromomo\/\">CORONAVIRUS: DATOS, MAPAS Y GR\u00c1FICAS: N\u00famero combinado de muertes por grupo de edad (Segunda semana de 2021). RED EUROPEA \u00abEUROMOMO\u00bb<\/a><\/span><\/p>\n<p style=\"text-align: justify;\">\u00a0<\/p>\n<p style=\"text-align: justify;\"><span style=\"font-size: 14pt;\"><a href=\"https:\/\/puntocritico.com\/ausajpuntocritico\/2021\/02\/17\/guerras-del-siglo-xxi-pandemia-de-estados-contra-ciudadanos-la-emergencia-viral-y-el-mundo-de-manana-por-byung-chul-han\/\">GUERRAS DEL SIGLO XXI : PANDEMIA DE ESTADOS CONTRA CIUDADANOS. \u00abLa emergencia viral y el mundo de ma\u00f1ana\u00bb, por Byung-Chul Han<\/a><\/span><\/p>\n<p style=\"text-align: justify;\">\u00a0<\/p>\n<p class=\"entry-title\" style=\"text-align: justify;\"><span style=\"font-size: 14pt;\"><a href=\"https:\/\/puntocritico.com\/ausajpuntocritico\/2021\/04\/06\/2197192\/\" target=\"_blank\" rel=\"noopener\">El SARS-CoV-2 Infecta preferentemente a individuos con grupo sangu\u00edneo A<\/a><\/span><\/p>\n<ul>\n<li class=\"entry-title\" style=\"text-align: justify;\"><span style=\"font-size: 14pt;\">Publicado nuevo Estudio que pone en duda la existencia de Asociaci\u00f3n entre grupo sangu\u00edneo y riesgos del COVID-19.<\/span><\/li>\n<\/ul>\n<p class=\"mh-meta entry-meta\" style=\"text-align: justify;\">\u00a0<\/p>\n<p style=\"text-align: justify;\"><span style=\"font-size: 14pt;\"><a href=\"https:\/\/puntocritico.com\/ausajpuntocritico\/2021\/05\/12\/origen-de-covid-siguiendo-las-pistas-por-nicholas-wader-la-gente-o-la-naturaleza-abrieron-la-caja-de-pandora-en-wuhan\/\" target=\"_blank\" rel=\"noopener\">ORIGEN DE COVID: SIGUIENDO LAS PISTAS, por Nicholas Wader. \u00bfFue la Doctora Zheng-li Shi la creadora del COVID 19?<\/a><\/span><\/p>\n<p style=\"text-align: justify;\">\u00a0<\/p>\n<p style=\"text-align: justify;\"><span style=\"font-size: 14pt;\"><a href=\"https:\/\/puntocritico.com\/ausajpuntocritico\/2021\/05\/18\/investigar-los-origenes-de-covid-19-science-ha-vulnerado-china-el-reglamento-sanitario-internacional-con-su-resistencia-a-notificar-la-infeccion-por-covid-19-que-esta-destruyendo-el-mundo-qu\/\" target=\"_blank\" rel=\"noopener\">INVESTIGAR LOS OR\u00cdGENES DE COVID-19 (Science). \u00bfEl inadmisible retraso de China en notificar la infecci\u00f3n ha destruido el mundo que conoc\u00edamos? (Reglamento Sanitario Internacional)<\/a><\/span><\/p>\n<p style=\"text-align: justify;\">\u00a0<\/p>\n<p class=\"entry-title\" style=\"text-align: justify;\"><span style=\"font-size: 14pt;\"><a href=\"https:\/\/puntocritico.com\/ausajpuntocritico\/2021\/05\/25\/la-pandemia-no-es-el-fin-del-mundo-solo-es-el-fin-del-estado-de-derecho\/\" target=\"_blank\" rel=\"noopener\">LA PANDEMIA NO ES EL FIN DEL MUNDO; SOLO ES EL FIN DEL ESTADO DE DERECHO.<\/a><\/span><\/p>\n<p class=\"mh-meta entry-meta\" style=\"text-align: justify;\">\u00a0<\/p>\n<p style=\"text-align: justify;\"><a href=\"https:\/\/puntocritico.com\/ausajpuntocritico\/2021\/05\/31\/china-podria-haber-ocultado-los-primeros-casos-de-covid-19-que-segun-un-informe-de-los-servicios-de-inteligencia-estadounidenses-habrian-afectado-al-personal-del-laboratorio-de-wuhan-en-noviembre-de\/\" target=\"_blank\" rel=\"noopener\" data-schema-attribute=\"\"><span style=\"font-size: 14pt;\">China podr\u00eda haber ocultado los primeros casos de COVID 19, que seg\u00fan un Informe de los Servicios de Inteligencia Estadounidenses, habr\u00edan afectado al personal del Laboratorio de Wuhan en Noviembre de 2019.<\/span><\/a><\/p>\n<p style=\"text-align: justify;\">\u00a0<\/p>\n<p style=\"text-align: justify;\"><span style=\"font-size: 14pt;\"><a href=\"https:\/\/puntocritico.com\/ausajpuntocritico\/2021\/06\/07\/ha-pasado-el-covid-probablemente-producira-anticuerpos-para-toda-la-vida-por-ewen-callaway-nature-la-patente-de-astrazeneca-por-que-los-multimillonarios-como-bill-gates-no-pueden\/\" target=\"_blank\" rel=\"noopener\">\u00ab\u00bfHA PASADO EL COVID? Probablemente producir\u00e1 anticuerpos para toda la vida\u00bb, por Ewen Callaway (Nature). \/\/ LA PATENTE DE ASTRAZENECA: \u00abPor qu\u00e9 los multimillonarios como Bill Gates no pueden resolver los problemas que ayudaron a crear\u00bb, por Linsey McGoey (The New York Times)<\/a><\/span><\/p>\n<p style=\"text-align: justify;\">\u00a0<\/p>\n<p style=\"text-align: justify;\"><span style=\"font-size: 14pt;\"><a href=\"https:\/\/puntocritico.com\/ausajpuntocritico\/2021\/06\/12\/2215790\/\" target=\"_blank\" rel=\"noopener\" data-schema-attribute=\"\">\u00abEl origen del Coronavirus de Wuhan\u00bb, Documental de Joshua Philipp (2020). \u00abFauci y los emails que desvelan la conspiraci\u00f3n para ocultar que el virus pudo salir del laboratorio de Wuhan\u00bb, por Elena Berberana<\/a><\/span><\/p>\n<p style=\"text-align: justify;\">\u00a0<\/p>\n<p class=\"entry-title\" style=\"text-align: justify;\"><span style=\"font-size: 14pt;\"><a href=\"https:\/\/puntocritico.com\/ausajpuntocritico\/2021\/07\/05\/primer-caso-de-covid\/\" target=\"_blank\" rel=\"noopener\" data-schema-attribute=\"\">\u00bfPodemos saber cu\u00e1ndo surgi\u00f3 el primer caso de\u00a0covid-19? (The Conversation). \u00abLas primeras secuencias del coronavirus en China fueron borradas\u00bb (El Pa\u00eds).<\/a><\/span><\/p>\n<p class=\"mh-meta entry-meta\" style=\"text-align: justify;\">\u00a0<\/p>\n<p style=\"text-align: justify;\"><span style=\"font-size: 14pt;\"><a href=\"https:\/\/puntocritico.com\/ausajpuntocritico\/2021\/08\/02\/el-enigma-del-experimento-britanico-caen-los-contagios-de-covid-tras-eliminar-todas-las-restricciones\/\" target=\"_blank\" rel=\"noopener\" data-schema-attribute=\"\">El enigma del experimento brit\u00e1nico: caen los contagios de covid tras eliminar todas las restricciones<\/a><\/span><\/p>\n<p style=\"text-align: justify;\">\u00a0<\/p>\n<p class=\"entry-title\" style=\"text-align: justify;\"><span style=\"font-size: 14pt;\"><a href=\"https:\/\/puntocritico.com\/ausajpuntocritico\/2021\/08\/09\/sin-razones-para-la-vacunacion-forzosa\/\">Sin razones para la vacunaci\u00f3n forzosa. Y sin explicaci\u00f3n de porqu\u00e9 se estaba investigando c\u00f3mo infectar con Coronavirus a los humanos, y quienes financiaron esta \u00abinvestigaci\u00f3n\u00bb<\/a><\/span><\/p>\n<p class=\"mh-meta entry-meta\" style=\"text-align: justify;\">\u00a0<\/p>\n<p style=\"text-align: justify;\"><span style=\"font-size: 14pt;\"><a href=\"https:\/\/puntocritico.com\/ausajpuntocritico\/2021\/08\/31\/origenes-covid-19-se-cierra-la-ventana-para-estudios-cientificos-clave-nature\/\" target=\"_blank\" rel=\"noopener\" data-schema-attribute=\"\">\u00abOr\u00edgenes del SARS-CoV-2: se cierra la ventana para estudios cient\u00edficos clave\u00bb (Nature).<\/a><\/span><\/p>\n<p style=\"text-align: justify;\">\u00a0<\/p>\n<p class=\"entry-title\" style=\"text-align: justify;\"><span style=\"font-size: 14pt;\"><a href=\"https:\/\/puntocritico.com\/ausajpuntocritico\/2021\/11\/29\/apartheid-sanitario\/\">\u00abDOSTOIEVSKI, LA LIBERTAD Y EL PASAPORTE COVID\u00bb: EL APARTHEID SANITARIO. Cuando el Miedo se hace cargo de la sociedad, los ciudadanos se convierten en siervos.<\/a><\/span><\/p>\n<p style=\"text-align: justify;\">\u00a0<\/p>\n<p class=\"entry-title\" style=\"text-align: justify;\"><span style=\"font-size: 14pt;\"><a href=\"https:\/\/puntocritico.com\/ausajpuntocritico\/2021\/12\/20\/vacunacion-obligatoria-o-coactiva-catastrofe-total\/\">COVID: VACUNACI\u00d3N OBLIGATORIA O COACTIVA. \u00bfY SI NOS EQUIVOCAMOS? \u00bfOBLIGAR A TODA LA HUMANIDAD?: Un destacado experto en vacunas advierte: \u00abLas vacunas COVID destruyen el Sistema Inmunol\u00f3gico innato\u00bb.<\/a><\/span><\/p>\n<p style=\"text-align: justify;\">\u00a0<\/p>\n<p class=\"entry-title\" style=\"text-align: justify;\"><span style=\"font-size: 14pt;\"><a href=\"https:\/\/puntocritico.com\/ausajpuntocritico\/2021\/12\/10\/el-concepto-de-poder-en-spinoza-3\/\">\u00abCaza de brujas vacunal\u00bb. EL CONCEPTO DE PODER EN SPINOZA (Parte 3), por F. Javier Ansuategui Roig<\/a><\/span><\/p>\n<p class=\"mh-meta entry-meta\" style=\"text-align: justify;\">\u00a0<\/p>\n<p class=\"entry-title\" style=\"text-align: justify;\"><span style=\"font-size: 14pt;\"><a href=\"https:\/\/puntocritico.com\/ausajpuntocritico\/2022\/01\/10\/los-no-vacunados\/\">LA COACCI\u00d3N Y LA INCITACI\u00d3N AL ODIO A LOS NO VACUNADOS, PUEDEN SER CONSTITUTIVAS DE DELITO. \u00abLos no vacunados\u00bb, por Hugues<\/a><\/span><\/p>\n<p class=\"mh-meta entry-meta\" style=\"text-align: justify;\">\u00a0<\/p>\n<p class=\"entry-title\" style=\"text-align: justify;\"><span style=\"font-size: 14pt;\"><a href=\"https:\/\/puntocritico.com\/ausajpuntocritico\/2022\/01\/18\/psicosis-de-formacion-masiva\/\">PSICOSIS DE FORMACI\u00d3N MASIVA. COVID-19: \u00bfPor qu\u00e9 ocultar lo que sucede en las dos primeras semanas despu\u00e9s de la vacunaci\u00f3n?<\/a><\/span><\/p>\n<p class=\"mh-meta entry-meta\" style=\"text-align: justify;\">\u00a0<\/p>\n<p class=\"entry-title\" style=\"text-align: justify;\"><span style=\"font-size: 14pt;\"><a href=\"https:\/\/puntocritico.com\/ausajpuntocritico\/2022\/01\/31\/vacunas-covid-sin-informacion-veraz\/\">VACUNAS COVID: SIN INFORMACI\u00d3N VERAZ. The British Medical Journal (BMJ) denuncia la censura de Facebook. \u201cEst\u00e1n tratando de controlar c\u00f3mo piensa la gente con el pretexto de verificar los hechos\u201d.<\/a><\/span><\/p>\n<p style=\"text-align: justify;\">\u00a0<\/p>\n<p style=\"text-align: justify;\"><a href=\"https:\/\/puntocritico.com\/ausajpuntocritico\/2022\/02\/07\/origen-de-la-covid-wuhan-creo-ocho-virus-muy-infecciosos-para-el-ser-humano\/\" target=\"_blank\" rel=\"noopener\" data-schema-attribute=\"\"><span style=\"font-size: 14pt;\">El laboratorio de Wuhan cre\u00f3 ocho virus muy infecciosos para el ser humano: \u00abLa doctora Shi Zhengli y el zo\u00f3logo Peter Daszak manipularon gen\u00e9ticamente un virus similar al del SARS y le a\u00f1adieron partes de otros virus de murci\u00e9lago para \u00abreproducirse bien\u00bb en c\u00e9lulas humanas y sin pasar por un animal intermedio.<\/span><\/a><\/p>\n<p style=\"text-align: justify;\">\u00a0<\/p>\n<p class=\"entry-title\" style=\"text-align: justify;\"><span style=\"font-size: 14pt;\"><a href=\"https:\/\/puntocritico.com\/ausajpuntocritico\/2022\/02\/10\/deuda-odiosa-2\/\">DEUDA ODIOSA Y CORRUPCI\u00d3N: \u201cDeudas odiosas son aquellas contra\u00eddas contra los intereses de la poblaci\u00f3n de un pa\u00eds y con el completo conocimiento del acreedor\u201d\u00a0<span id=\"Como_el_marido_de_Ursula_von_der_Leyen_se_convirtio_en_el_principal_peon_del_acuerdo_de_Pfizer_de_36000_millones_de_dolares\">C\u00f3mo el marido de Ursula von der Leyen se convirti\u00f3 en el principal pe\u00f3n del acuerdo de Pfizer de 36.000 millones de d\u00f3lares.<\/span><\/a><\/span><\/p>\n<p class=\"entry-title\" style=\"text-align: justify;\"><span style=\"font-size: 14pt;\">.<\/span><\/p>\n<p style=\"text-align: justify;\"><span style=\"font-size: 14pt;\"><a href=\"https:\/\/puntocritico.com\/ausajpuntocritico\/2022\/02\/12\/comparecencia-de-d-joan-ramon-laporte\/\">CONGRESO DE LOS DIPUTADOS: Comisi\u00f3n de Investigaci\u00f3n relativa a la gesti\u00f3n de las vacunas y el Plan de Vacunaci\u00f3n en Espa\u00f1a: Comparecencia de D. Joan-Ramon Laporte Rosell\u00f3 (Universidad Aut\u00f3noma de Barcelona)<\/a><\/span><\/p>\n<p style=\"text-align: justify;\">\u00a0<\/p>\n<p style=\"text-align: justify;\"><a href=\"https:\/\/puntocritico.com\/ausajpuntocritico\/2022\/02\/24\/vacunas-covid\/\" target=\"_blank\" rel=\"noopener\" data-schema-attribute=\"\"><span style=\"font-size: 14pt;\">TRATAMIENTOS Y VACUNAS COVID, FALTA DE TRANSPARENCIA Y DISONANCIA COGNITIVA. \u00abOmicron result\u00f3 ser una Vacuna Natural, m\u00e1s efectiva que los productos farmac\u00e9uticos que han estado disponibles hasta ahora\u00bb (Bill Gates)<\/span><\/a><\/p>\n<p style=\"text-align: justify;\">\u00a0<\/p>\n<p style=\"text-align: justify;\"><span style=\"font-size: 14pt;\"><a href=\"https:\/\/puntocritico.com\/ausajpuntocritico\/2022\/02\/28\/150-estudios-de-investigacion-afirman-la-inmunidad-adquirida-naturalmente-al-covid-19-documentados-vinculados-y-citados\/\">COVID: INMUNIDAD NATURAL: 150 estudios de investigaci\u00f3n afirman la inmunidad adquirida naturalmente al covid-19: documentados, vinculados y citados<\/a><\/span><\/p>\n<p style=\"text-align: justify;\">\u00a0<\/p>\n<p class=\"entry-title\" style=\"text-align: justify;\"><span style=\"font-size: 14pt;\"><a href=\"https:\/\/puntocritico.com\/ausajpuntocritico\/2022\/03\/17\/covid-mascarillas-y-vacunas-para-ninos\/\">COVID: Mascarillas y Vacunas para ni\u00f1os. \u00abEs la compulsi\u00f3n la que necesita ser restringida\u00bb.<\/a><\/span><\/p>\n<p class=\"mh-meta entry-meta\" style=\"text-align: justify;\">\u00a0<\/p>\n<p class=\"entry-title\" style=\"text-align: justify;\"><span style=\"font-size: 14pt;\"><a href=\"https:\/\/puntocritico.com\/ausajpuntocritico\/2022\/04\/11\/ucrania-y-hunter-biden-laboratorios-biologicos-y-ordenadores-portatiles\/\">UCRANIA Y HUNTER BIDEN. Laboratorios biol\u00f3gicos y ordenadores port\u00e1tiles<\/a><\/span><\/p>\n<p class=\"mh-meta entry-meta\" style=\"text-align: justify;\">\u00a0<\/p>\n<p class=\"entry-title\" style=\"text-align: justify;\"><span style=\"font-size: 14pt;\"><a href=\"https:\/\/puntocritico.com\/ausajpuntocritico\/2022\/12\/26\/vacuna-covid-politica-britanica-sobre-la-pandemia\/\">VACUNA COVID \u2013 19: La operaci\u00f3n vinculada a la inteligencia dirigida por periodistas que distorsion\u00f3 la pol\u00edtica brit\u00e1nica sobre la pandemia<\/a><\/span><\/p>\n<p class=\"mh-meta entry-meta\" style=\"text-align: justify;\">\u00a0<\/p>\n<p style=\"text-align: justify;\"><span style=\"font-size: 14pt;\"><a href=\"https:\/\/puntocritico.com\/ausajpuntocritico\/2023\/01\/03\/el-silencio-suicida-de-la-izquierda-ante-la-gestion-de-la-pandemia-covid\/\" target=\"_blank\" rel=\"noopener\" data-schema-attribute=\"\">\u00abEl silencio suicida de la izquierda ante la gesti\u00f3n de la pandemia COVID\u00bb, por \u00c1ngeles Maestro.<\/a><\/span><\/p>\n<p style=\"text-align: justify;\">\u00a0<\/p>\n<p class=\"entry-title\" style=\"text-align: justify;\"><span style=\"font-size: 14pt;\"><a href=\"https:\/\/puntocritico.com\/ausajpuntocritico\/2023\/05\/02\/la-pandemia-y-el-8-m\/\">LA SEGUNDA TRANSICI\u00d3N: NACIONAL-CAT\u00d3LICOS: LOS MEDIOS DE LA REACCI\u00d3N (2): CONOCIENDO \u00abEL DEBATE\u00bb. \u00abLa Pandemia y el 8 M\u00bb, por Antonio R. Naranjo<\/a><\/span><\/p>\n<p class=\"mh-meta entry-meta\" style=\"text-align: justify;\">\u00a0<\/p>\n<p style=\"text-align: justify;\"><a href=\"https:\/\/puntocritico.com\/ausajpuntocritico\/2024\/03\/07\/residencias-en-tiempos-de-covid-informe-de-amnistia-internacional\/\"><span style=\"font-size: 14pt;\">RESIDENCIAS EN TIEMPOS DE COVID, Informe de Amnist\u00eda Internacional denuncia violaciones de Derechos Humanos (Salud, Vida, Igualdad, Privacidad e Integridad Moral)<\/span><\/a><\/p>\n<p>&nbsp;<\/p>\n<p style=\"text-align: justify;\"><a href=\"https:\/\/puntocritico.com\/ausajpuntocritico\/2024\/04\/03\/residencias-geriatricas-durante-la-pandemia\/\"><span style=\"font-size: 14pt;\">DERECHOS DE LAS PERSONAS MAYORES Y DISCRIMINACI\u00d3N EN LAS RESIDENCIAS GERI\u00c1TRICAS DURANTE LA PANDEMIA DE COVID-19, por Fernando Flores Gim\u00e9nez<\/span><\/a><\/p>\n<p>&nbsp;<\/p>\n<p class=\"entry-title\" style=\"text-align: justify;\"><a href=\"https:\/\/puntocritico.com\/ausajpuntocritico\/2024\/09\/16\/nunca-hubo-una-pandemia\/\"><span style=\"font-size: 14pt;\">NUNCA HUBO UN \u201cNUEVO CORONAVIRUS\u201d, NUNCA HUBO UNA PANDEMIA, por Michel Chossudovsky (Global Research)<\/span><\/a><\/p>\n<p class=\"mh-meta entry-meta\">\u00a0<\/p>\n<p class=\"entry-title\" style=\"text-align: justify;\"><a href=\"https:\/\/puntocritico.com\/ausajpuntocritico\/2025\/06\/02\/covid-la-trampa-mortal-de-las-residencias-dictamen-cc-c-lm-183-2024\/\"><span style=\"font-size: 14pt;\">COVID: LA TRAMPA MORTAL DE LAS RESIDENCIAS (1): DICTAMEN 183\/2024, DEL CONSEJO CONSULTIVO DE CASTILLA LA MANCHA: Desinformaci\u00f3n y abogac\u00eda<\/span><\/a><\/p>\n<p class=\"mh-meta entry-meta\">\u00a0<\/p>\n<p style=\"text-align: justify;\"><a href=\"https:\/\/puntocritico.com\/ausajpuntocritico\/2025\/06\/16\/remdesivir-el-articulo-de-punto-critico-del-20-de-marzo-de-2020\/\"><span style=\"font-size: 14pt;\">REMDESIVIR: LA MEDICACI\u00d3N CONTRA EL COVID YA EXIST\u00cdA EN MARZO DE 2020, PERO SOLO PARA LAS \u00c9LITES: El art\u00edculo de Punto Cr\u00edtico de 20 de marzo de 2020<\/span><\/a><\/p>\n<p>&nbsp;<\/p>\n<p class=\"entry-title\" style=\"text-align: justify;\"><a href=\"https:\/\/puntocritico.com\/ausajpuntocritico\/2025\/07\/14\/todo-lo-judicial-es-politico-covid-y-residencias-2\/\"><span style=\"font-size: 14pt;\">TODO LO JUDICIAL ES POL\u00cdTICO. COVID: La trampa mortal de las Residencias (2). Caso Real: Demanda contra Resoluci\u00f3n de 15 de octubre de 2024, del Servicio de Salud de la Comunidad Aut\u00f3noma de Castilla-La Mancha (SESCAM)<\/span><\/a><\/p>\n<p class=\"mh-meta entry-meta\">\u00a0<\/p>\n<p style=\"text-align: justify;\"><a href=\"https:\/\/puntocritico.com\/ausajpuntocritico\/2025\/07\/22\/epidemias-elias-canetti\/\"><span style=\"font-size: 14pt;\">EPIDEMIAS (\u00abMASA Y PODER\u00bb, 1960), por El\u00edas Canetti.<\/span><\/a><\/p>\n<p>&nbsp;<\/p>\n<p class=\"entry-title\" style=\"text-align: justify;\"><a href=\"https:\/\/puntocritico.com\/ausajpuntocritico\/2025\/07\/28\/la-pelicula-del-pangolin\/\"><span style=\"font-size: 14pt;\">LA PEL\u00cdCULA DEL PANGOL\u00cdN: El Tribunal Supremo obstaculiz\u00f3 la exigencia de responsabilidad al Estado por su actuaci\u00f3n durante la Pandemia del COVID.<\/span><\/a><\/p>\n<p class=\"mh-meta entry-meta\">\u00a0<\/p>\n<p style=\"text-align: justify;\"><a href=\"https:\/\/puntocritico.com\/ausajpuntocritico\/2025\/07\/29\/muertos-y-cancelados-covid-y-residencias-3\/\"><span style=\"font-size: 14pt;\">COVID Y RESIDENCIAS (3): MUERTOS Y CANCELADOS, por Fernando Moreno Pe\u00f1a<\/span><\/a><\/p>\n<p>&nbsp;<\/p>\n<p class=\"entry-title\" style=\"text-align: justify;\"><a href=\"https:\/\/puntocritico.com\/ausajpuntocritico\/2025\/07\/28\/la-pelicula-del-pangolin\/\"><span style=\"font-size: 14pt;\">LA PEL\u00cdCULA DEL PANGOL\u00cdN: El Tribunal Supremo obstaculiz\u00f3 la exigencia de responsabilidad al Estado por su actuaci\u00f3n durante la Pandemia del COVID.<\/span><\/a><\/p>\n<p class=\"mh-meta entry-meta\">\u00a0<\/p>\n<p>MEDICINA Y VETERINARIA: SALUD, BIENESTAR Y ALIENACI\u00d3N: \u00abLos l\u00edmites del arte m\u00e9dico\u00bb (\u00bfHumanos o Mam\u00edferos?)<\/p>\n<p>&nbsp;<\/p>\n<p>&nbsp;<\/p>\n<p>&nbsp;<\/p>\n","protected":false},"excerpt":{"rendered":"<div class=\"mh-excerpt\"><p>#CORONAVIRUS: TRATAMIENTOS FARMACOL\u00d3GICOS. GILEAD y su tratamiento \u00absecreto\u00bb para el Coronavirus en la Sanidad P\u00fablica espa\u00f1ola. Formulario para administraci\u00f3n por Uso Compasivo \u00a0 #CORONAVIRUS:\u00a0 BREVES ENSAYOS (Decreto de alarma y otros textos) \u00a0 #CORONAVIRUS: Luc <a class=\"mh-excerpt-more\" href=\"https:\/\/puntocritico.com\/ausajpuntocritico\/2020\/04\/01\/indice-pandemia-coronavirus\/\" title=\"INDICE PANDEMIA CORONAVIRUS\">[&#8230;]<\/a><\/p>\n<\/div>","protected":false},"author":3,"featured_media":0,"comment_status":"open","ping_status":"closed","sticky":false,"template":"","format":"standard","meta":{"_acf_changed":false,"_exactmetrics_skip_tracking":false,"_exactmetrics_sitenote_active":false,"_exactmetrics_sitenote_note":"","_exactmetrics_sitenote_category":0,"footnotes":""},"categories":[1],"tags":[52],"class_list":{"0":"post-28441","1":"post","2":"type-post","3":"status-publish","4":"format-standard","6":"category-sin-categoria","7":"tag-covid"},"acf":[],"_links":{"self":[{"href":"https:\/\/puntocritico.com\/ausajpuntocritico\/wp-json\/wp\/v2\/posts\/28441","targetHints":{"allow":["GET"]}}],"collection":[{"href":"https:\/\/puntocritico.com\/ausajpuntocritico\/wp-json\/wp\/v2\/posts"}],"about":[{"href":"https:\/\/puntocritico.com\/ausajpuntocritico\/wp-json\/wp\/v2\/types\/post"}],"author":[{"embeddable":true,"href":"https:\/\/puntocritico.com\/ausajpuntocritico\/wp-json\/wp\/v2\/users\/3"}],"replies":[{"embeddable":true,"href":"https:\/\/puntocritico.com\/ausajpuntocritico\/wp-json\/wp\/v2\/comments?post=28441"}],"version-history":[{"count":0,"href":"https:\/\/puntocritico.com\/ausajpuntocritico\/wp-json\/wp\/v2\/posts\/28441\/revisions"}],"wp:attachment":[{"href":"https:\/\/puntocritico.com\/ausajpuntocritico\/wp-json\/wp\/v2\/media?parent=28441"}],"wp:term":[{"taxonomy":"category","embeddable":true,"href":"https:\/\/puntocritico.com\/ausajpuntocritico\/wp-json\/wp\/v2\/categories?post=28441"},{"taxonomy":"post_tag","embeddable":true,"href":"https:\/\/puntocritico.com\/ausajpuntocritico\/wp-json\/wp\/v2\/tags?post=28441"}],"curies":[{"name":"wp","href":"https:\/\/api.w.org\/{rel}","templated":true}]}}