{"id":28439,"date":"2020-04-15T00:05:02","date_gmt":"2020-04-14T23:05:02","guid":{"rendered":"https:\/\/puntocritico.com\/ausajpuntocritico\/?p=28439"},"modified":"2024-03-31T21:12:07","modified_gmt":"2024-03-31T19:12:07","slug":"coronavirus-y-derechos-humanos-nos-enfrentamos-a-la-criminalizacion-del-ejercicio-de-los-derechos-humanos-el-estado-mas-violento-sera-pues-aquel-en-que-se-niega-a-cada-uno-la-libertad-de-dec","status":"publish","type":"post","link":"https:\/\/puntocritico.com\/ausajpuntocritico\/2020\/04\/15\/coronavirus-y-derechos-humanos-nos-enfrentamos-a-la-criminalizacion-del-ejercicio-de-los-derechos-humanos-el-estado-mas-violento-sera-pues-aquel-en-que-se-niega-a-cada-uno-la-libertad-de-dec\/","title":{"rendered":"#CORONAVIRUS Y DERECHOS HUMANOS: NOS ENFRENTAMOS A LA CRIMINALIZACI\u00d3N DEL EJERCICIO DE LOS DERECHOS HUMANOS\u00bb. \u00abEl Estado m\u00e1s violento ser\u00e1, pues, aquel en que se niega a cada uno la libertad de decir y ense\u00f1ar lo que se piensa\u00bb"},"content":{"rendered":"<p><a href=\"https:\/\/puntocritico.com\/ausajpuntocritico\/2020\/04\/01\/indice-pandemia-coronavirus\/\">INDICE PANDEMIA CORONAVIRUS<\/a><\/p>\n<p><a id=\"refsuma\"><\/a><a href=\"#refsum\">SUMARIO<\/a>\u00a0<\/p>\n<p style=\"text-align: center;\"><span style=\"font-size: 18pt;\"><strong>*<span style=\"color: #008000;\">*<\/span>*<\/strong><\/span><\/p>\n<table style=\"border-collapse: collapse; width: 100%; height: 418px;\">\n<tbody>\n<tr style=\"height: 418px;\">\n<td style=\"width: 100%; height: 418px; border-color: #000000; background-color: #fbfff7;\">\n<p style=\"text-align: justify;\"><span style=\"font-size: 14pt; font-family: 'times new roman', times, serif;\">\u00ab&#8230;<em>Resurge la imagen lastimosa de las ciudades sitiadas y medio destru\u00eddas; la censura; los partes oficiales; el ej\u00e9rcito salvador; el glorioso general; los rebeldes y los leales; las penas de muerte; los indultos y los fusilamientos; la estela de odio y de dolor; el chirlo que la navaja rasga profundamente en el rostro de Espa\u00f1a; el foso de sangre que durante a\u00f1os separar\u00e1 a sus hijos en dos bandos irreconciliables.\u00a0<\/em><\/span><\/p>\n<p style=\"text-align: justify;\"><span style=\"font-size: 14pt; font-family: 'times new roman', times, serif;\"><em>Y nosotros, aquellos pocos que hab\u00edamos so\u00f1ado en 1931 con una Espa\u00f1a al fin redimida, que se iba a poner en serio a constituirse primero y trabajar despu\u00e9s; los que vimos encenderse en las democracias extranjeras luces de esperanza ante el resurgimiento espa\u00f1ol, que hab\u00eda de infundir nuevos br\u00edos a la democracia, tan perseguida, y a la libertad, tan insultada; los que contempl\u00e1bamos con tan honda alegr\u00eda c\u00f3mo la Espa\u00f1a de la Rep\u00fablica conquistaba en pocos meses una hermosa situaci\u00f3n internacional y se abr\u00eda un porvenir todav\u00eda m\u00e1s alto de gran potencia moral, que s\u00f3lo de ella depend\u00eda el realizar; los que sab\u00edamos que su suelo rico y generoso y su pueblo ingenioso y h\u00e1bil le daban admirable materia prima para resolver sin grandes obst\u00e1culos los problemas sociales y econ\u00f3micos que hacen gemir a otras naciones, <strong>nosotros hemos visto c\u00f3mo la ambici\u00f3n de unos cuantos, el descuido de todos, la divisi\u00f3n de los del centro y la intransigencia de los extremos han asestado a Espa\u00f1a un golpe terrible en su econom\u00eda, en su\u00a0 moral y en su prestigio exterior y acabar\u00e1n por llevarla a la ruina si cuanto antes no se apodera del alma de los espa\u00f1oles una pasi\u00f3n generosa que nos eleve por encima de nuestros prejuicios, ambiciones, impaciencias y malas pr\u00e1cticas<\/strong>, hasta el sentido de nuestra responsabilidad hist\u00f3rica.<\/em>..\u00bb.\u00a0<\/span><\/p>\n<p style=\"text-align: right;\"><span style=\"font-family: 'times new roman', times, serif;\"><strong>Anarqu\u00eda o Jerarqu\u00eda, Salvador de Madariaga,\u00a0 1935<\/strong><\/span><\/p>\n<p>&nbsp;<\/p>\n<figure id=\"attachment_48704\" aria-describedby=\"caption-attachment-48704\" style=\"width: 430px\" class=\"wp-caption aligncenter\"><img loading=\"lazy\" decoding=\"async\" class=\"wp-image-48704\" src=\"https:\/\/puntocritico.com\/ausajpuntocritico\/wp-content\/uploads\/2020\/04\/portada-madariaga-233x300.jpg\" alt=\"\" width=\"430\" height=\"553\" data-id=\"48704\" srcset=\"https:\/\/puntocritico.com\/ausajpuntocritico\/wp-content\/uploads\/2020\/04\/portada-madariaga-233x300.jpg 233w, https:\/\/puntocritico.com\/ausajpuntocritico\/wp-content\/uploads\/2020\/04\/portada-madariaga.jpg 747w\" sizes=\"auto, (max-width: 430px) 100vw, 430px\" \/><figcaption id=\"caption-attachment-48704\" class=\"wp-caption-text\"><span style=\"color: #008000;\">Ejemplar Biblioteca de AUSAJ<\/span><\/figcaption><\/figure>\n<p style=\"text-align: right;\">\u00a0<\/p>\n<\/td>\n<\/tr>\n<\/tbody>\n<\/table>\n<p>&nbsp;<\/p>\n<p style=\"text-align: center;\"><span style=\"font-size: 18pt;\"><strong>*<span style=\"color: #008000;\">*<\/span>*<\/strong><\/span><\/p>\n<p>&nbsp;<\/p>\n<figure id=\"attachment_49095\" aria-describedby=\"caption-attachment-49095\" style=\"width: 678px\" class=\"wp-caption aligncenter\"><img loading=\"lazy\" decoding=\"async\" class=\"wp-image-49095 size-mh-magazine-content\" src=\"https:\/\/puntocritico.com\/ausajpuntocritico\/wp-content\/uploads\/2020\/04\/epidemia-colera-Paris-1832-678x381.jpg\" alt=\"\" width=\"678\" height=\"381\" data-id=\"49095\" srcset=\"https:\/\/puntocritico.com\/ausajpuntocritico\/wp-content\/uploads\/2020\/04\/epidemia-colera-Paris-1832-678x381.jpg 678w, https:\/\/puntocritico.com\/ausajpuntocritico\/wp-content\/uploads\/2020\/04\/epidemia-colera-Paris-1832-300x169.jpg 300w, https:\/\/puntocritico.com\/ausajpuntocritico\/wp-content\/uploads\/2020\/04\/epidemia-colera-Paris-1832-768x433.jpg 768w, https:\/\/puntocritico.com\/ausajpuntocritico\/wp-content\/uploads\/2020\/04\/epidemia-colera-Paris-1832.jpg 990w\" sizes=\"auto, (max-width: 678px) 100vw, 678px\" \/><figcaption id=\"caption-attachment-49095\" class=\"wp-caption-text\"><span style=\"color: #008000;\">Ilustraci\u00f3n sobre la epidemia de c\u00f3lera en Par\u00eds en 1932, que lleg\u00f3 a Espa\u00f1a al a\u00f1o siguiente (Stefano Bianchetti \/Corbis) <\/span><\/figcaption><\/figure>\n<p>&nbsp;<\/p>\n<blockquote>\n<p style=\"text-align: justify;\"><span style=\"font-size: 14pt;\"><em><strong><a id=\"ref1\"><\/a>[1]<\/strong><\/em><\/span><em><strong> \u00abLas leyes que se dictan acerca de las opiniones, no se dirigen contra los malvados sino contra los honrados, y que no se dictan para reprimir a los malintencionados, sino m\u00e1s bien para irritar a los hombres de bien, y que no pueden ser defendidas sin gran peligro para el Estado\u00bb.<\/strong><\/em><\/p>\n<p style=\"text-align: justify;\"><span style=\"font-size: 14pt;\"><em><strong>\u00abA\u00f1\u00e1dase a ello que tales leyes son in\u00fatiles del todo. Quienes creen, en efecto, que las opiniones condenadas por las leyes son sanas, no podr\u00e1n obedecer a las leyes; y, al rev\u00e9s, quienes las rechazan como falsas reciben como privilegios las leyes que las condenan\u00bb.<\/strong><\/em><\/span><\/p>\n<p style=\"text-align: justify;\"><span style=\"font-size: 14pt;\"><em><strong>\u00abLeyes semejantes, con las que se impone qu\u00e9 debe creer cada uno y se prohibe decir o escribir algo contra tal o cual opini\u00f3n, han sido con frecuencia dictadas para condescender o m\u00e1s bien ceder ante la ira de aquellos que no pueden soportar a los caracteres libres,\u00a0y que, por una especie de torva autoridad, pueden cambiar f\u00e1cilmente la devoci\u00f3n de la masa sediciosa en rabia e instigarla contra quienes ellos quisieran\u00bb.<\/strong><\/em><\/span><\/p>\n<p style=\"text-align: justify;\"><span style=\"font-size: 14pt;\"><em><strong>\u00abPorque \u00bfpuede concebirse mal mayor para el Estado que enviar como r\u00e9probos al exilio a varones honestos, porque tienen otras ideas y no saben disimularlas?\u00bb.<\/strong><\/em><\/span><\/p>\n<p style=\"text-align: justify;\"><span style=\"font-size: 14pt;\"><em><strong>\u00ab\u00bfQu\u00e9 puede haber, insisto, m\u00e1s pernicioso que tener por enemigos y llevar a la muerte a hombres que no han cometido ning\u00fan crimen ni fechor\u00eda, simplemente porque son de talante liberal; y que el cadalso, horror para los malos, se convierta en el teatro m\u00e1s hermoso, donde se expone, ante el oprobio m\u00e1s bochornoso de la majestad, el mejor ejemplo de tolerancia y de virtud?\u00bb.<\/strong><\/em><\/span><\/p>\n<p style=\"text-align: justify;\"><span style=\"font-size: 14pt;\"><em><strong>\u00abPues quienes tienen conciencia de su honradez no temen a la muerte, como los malvados, ni suplican el indulto del suplicio; lejos de estar angustiados por el remordimiento de una mala obra, consideran honroso, que no un suplicio, morir por una buena causa y glorioso morir por la libertad\u00bb.<\/strong><\/em><\/span><\/p>\n<p style=\"text-align: justify;\"><span style=\"font-size: 14pt;\"><em><strong>\u00ab\u00bfQu\u00e9 se busca, entonces, al decretar la muerte de tales hombres, si las personas indolentes y pusil\u00e1nimes ignoran el motivo, las sediciosas lo odian y las honradas lo aman?\u00bb.<\/strong><\/em><\/span><\/p>\n<p style=\"text-align: justify;\"><span style=\"font-size: 14pt;\">\u00ab<i><b>Quien pretende determinarlo todo con leyes, provocar\u00e1 m\u00e1s bien los vicios, que los corregir\u00e1. Lo que no puede ser prohibido, es necesario permitirlo, aunque muchas veces se siga de ah\u00ed alg\u00fan da\u00f1o. \u00bfCu\u00e1ntos males, en efecto, no provienen del lujo, la envidia, la avaricia, la embriaguez y actos similares? Y se los soporta, sin embargo, porque no pueden ser evitados por la prohibici\u00f3n de las leyes, aunque sean realmente vicios\u00bb.<\/b><\/i><\/span><\/p>\n<p style=\"text-align: justify;\"><span style=\"font-size: 14pt;\"><i><b>\u00abEs necesario, pues,\u00a0conceder a los hombres la libertad de juicio y gobernarlos de tal suerte que, aunque piensen abiertamente cosas distintas y opuestas, vivan en paz. No cabe duda de que esta forma de gobernar es la mejor y la que trae menos inconvenientes, ya que est\u00e1 m\u00e1s acorde con la naturaleza humana\u00bb.<\/b><\/i><\/span><\/p>\n<p style=\"text-align: justify;\"><span style=\"font-size: 14pt;\"><i><b>\u00abEfectivamente, en el Estado democr\u00e1tico (el que m\u00e1s se aproxima al estado natural), todos han hecho el pacto de actuar de com\u00fan acuerdo, pero no de juzgar y razonar. Es decir, como todos los hombres no pueden pensar exactamente igual, han convenido en que tuviera fuerza de decreto aquello que recibiera m\u00e1s votos, reserv\u00e1ndose siempre la autoridad de abrogarlos, tan pronto descubrieran algo mejor\u00bb.<\/b><\/i><\/span><\/p>\n<p style=\"text-align: justify;\"><span style=\"font-size: 14pt;\"><i><b>\u00abDe ah\u00ed que cuanto menos libertad se concede a los hombres, m\u00e1s se aleja uno del estado m\u00e1s natural y con m\u00e1s violencia, por tanto, se gobierna<\/b><\/i>\u201d.<\/span><\/p>\n<p style=\"text-align: right;\"><strong>BARUCH DE SPINOZA<\/strong>,\u00a0<em>Tratado teol\u00f3gico-pol\u00edtico, cap. XX (2\u00aa parte)<\/em>.\u00a0 <a href=\"https:\/\/puntocritico.com\/ausajpuntocritico\/2019\/12\/06\/la-libertad-de-pensamiento-y-de-expresion-por-baruch-de-spinoza-2\/\" target=\"_blank\" rel=\"noopener noreferrer\">https:\/\/puntocritico.com\/ausajpuntocritico\/2019\/12\/06\/la-libertad-de-pensamiento-y-de-expresion-por-baruch-de-spinoza-2\/<\/a><\/p>\n<\/blockquote>\n<h2 style=\"text-align: center;\"><span style=\"font-size: 14pt; color: #008000;\">\u2666<\/span><span style=\"font-size: 14pt;\">\u2666<\/span><span style=\"font-size: 14pt; color: #008000;\">\u2666<\/span><span style=\"font-size: 14pt;\">\u2666<\/span><span style=\"font-size: 14pt; color: #008000;\">\u2666<\/span><\/h2>\n<p><a id=\"refsum\"><\/a><a href=\"#refsuma\">SUMARIO:\u00a0<\/a><\/p>\n<p><a id=\"ref1a\"><\/a><a href=\"#ref1\">[1] Selecci\u00f3n p\u00e1rrafos de Baruch Spinoza sobre el sentido de la libertad individual.<\/a><\/p>\n<p><a id=\"ref2a\"><\/a><a href=\"#ref2\">[2] El Gobierno plantea cambios legales para frenar bulos y utilizaci\u00f3n \u00abcriminal\u00bb de redes, por Ivan Gil.<\/a><\/p>\n<p><a id=\"ref3a\"><\/a><a href=\"#ref3\">[3] Polic\u00eda y Guardia Civil perseguir\u00e1n las &#8216;fake news&#8217; sobre el coronavirus, Telecinco.<\/a><\/p>\n<p><a id=\"ref4a\"><\/a><a href=\"#ref4\">[4] Covid-19: Sesgos y falacias para una crisis, por David Mej\u00eda<\/a><\/p>\n<p><a id=\"ref5a\"><\/a><a href=\"#ref5\">[5] Unidas Podemos pide a la Fiscal\u00eda investigar a una \u201corganizaci\u00f3n criminal\u201d que difunde ciberbulos contra el Gobierno, por Oscar L\u00f3pez Fonseca<\/a><\/p>\n<p><a id=\"ref6a\"><\/a><a href=\"#ref6\">[6] Para derrotar al virus autoritario, por Kevin Casas Z.<\/a><\/p>\n<p><a id=\"ref7a\"><\/a><a href=\"#ref7\">[7]\u00a0 PACTO O ESCLAVITUD, por Dr. Josep M\u00aa Fericgla<\/a><\/p>\n<p><a id=\"ref8a\"><\/a><a href=\"#ref8\">[8] La violaci\u00f3n de derechos humanos no es la forma adecuada de enfrentar al coronavirus, por James G. Hodge Jr.\u00a0 y\u00a0Leila Barraza<\/a><\/p>\n<p><a id=\"ref9a\"><\/a><a href=\"#ref9\">[9] CORONAVIRUS\u00abThe New York Times\u00bb critica al Gobierno de S\u00e1nchez por ignorar los indicios de la llegada de la epidemia, por ABC<\/a><\/p>\n<p><a id=\"ref10a\"><\/a><a href=\"#ref10\">[10] Coronavirus: el riesgo de colapsar el sistema sanitario por culpa del miedo, por Samuel A. Pilar<\/a><\/p>\n<p><a id=\"ref11a\"><\/a><a href=\"#ref11\">[11] La primera diputada que pregunt\u00f3 al Gobierno por el \u201cvirus de Wuhan\u201d, por Antonio Rodriguez<\/a><\/p>\n<p><a id=\"ref12a\"><\/a><a href=\"#ref12\">[12] Iglesias opina que Marlaska no limpi\u00f3 \u00ablas cloacas\u00bb: \u00ab\u00bfPor qu\u00e9 ha dimitido su n\u00famero dos de Comunicaci\u00f3n?\u00bb, RTVE.<\/a><\/p>\n<p><a id=\"ref13a\"><\/a><a href=\"#ref13\">[13] EL GOBIERNO ALERT\u00d3 A SU PERSONAL DEL RIESGO DEL VIRUS UNA SEMANA ANTES DE AVISAR A TODA LA POBLACI\u00d3N, por Clara Pina<\/a><\/p>\n<p><a id=\"ref14a\"><\/a><a href=\"#ref14\">[14] El juez rechaza el recurso de Fiscal\u00eda General del Estado contra la orden que obliga a proteger frente al Covid-19, por Isabel Vega<\/a><\/p>\n<p><a id=\"ref15a\"><\/a><a href=\"#ref15\">[15] \u00bfQui\u00e9n es Miguel Lacambra y por qu\u00e9 se ha hecho viral en las redes? por Bea Tellez Meneses\u00a0<\/a><\/p>\n<p><a id=\"ref16a\"><\/a><a href=\"#ref16\">[16] Desestimados los recursos de la Abogac\u00eda del Estado y de la Fiscal\u00eda contra el auto de medidas cautelares de protecci\u00f3n a fiscales, por Rosalina Moreno<\/a><\/p>\n<p><a id=\"ref17a\"><\/a><a href=\"#ref17\">[17]\u00a0 \u00bfCu\u00e1ntas personas han muerto realmente por coronavirus?, EDCM\/EFE<\/a><\/p>\n<p><a id=\"ref18a\"><\/a><a href=\"#ref18\">[18] La postura sobre el uso de mascarillas en la poblaci\u00f3n general cambia a medida que sabemos m\u00e1s del coronavirus, por Esther Samper\u00a0<\/a><\/p>\n<h2 style=\"text-align: center;\"><span style=\"font-size: 14pt; color: #008000;\">\u2666\u2666\u2666\u2666\u2666<\/span><\/h2>\n<p><a href=\"https:\/\/www.lne.es\/internacional\/2020\/04\/13\/trump-califica-fake-news-criticas\/2624155.html\" target=\"_blank\" rel=\"noopener\"><img loading=\"lazy\" decoding=\"async\" class=\"wp-image-49461 aligncenter\" src=\"https:\/\/puntocritico.com\/ausajpuntocritico\/wp-content\/uploads\/2020\/04\/trump-califica-fake-news-las-criticas-recibidas-300x229.jpg\" alt=\"\" width=\"510\" height=\"389\" data-id=\"49461\" srcset=\"https:\/\/puntocritico.com\/ausajpuntocritico\/wp-content\/uploads\/2020\/04\/trump-califica-fake-news-las-criticas-recibidas-300x229.jpg 300w, https:\/\/puntocritico.com\/ausajpuntocritico\/wp-content\/uploads\/2020\/04\/trump-califica-fake-news-las-criticas-recibidas-768x586.jpg 768w, https:\/\/puntocritico.com\/ausajpuntocritico\/wp-content\/uploads\/2020\/04\/trump-califica-fake-news-las-criticas-recibidas-80x60.jpg 80w, https:\/\/puntocritico.com\/ausajpuntocritico\/wp-content\/uploads\/2020\/04\/trump-califica-fake-news-las-criticas-recibidas.jpg 880w\" sizes=\"auto, (max-width: 510px) 100vw, 510px\" \/><\/a><\/p>\n<p>&nbsp;<\/p>\n<h2 style=\"text-align: center;\"><span style=\"font-size: 14pt; color: #008000;\">\u2666\u2666\u2666\u2666\u2666<\/span><\/h2>\n<p>&nbsp;<\/p>\n<div class=\"news-header-tit-box\">\n<div class=\"news-header-pre-tit\">SU DIFUSI\u00d3N CRECE EN EL ESTADO DE ALARMA<\/div>\n<h1 class=\"news-header-tit\" style=\"text-align: center;\" data-title=\"El Gobierno plantea cambios legales para frenar bulos y utilizaci\u00f3n &quot;criminal&quot; de redes\"><a id=\"ref2\"><\/a><a href=\"#ref2a\">[2]<\/a> El Gobierno plantea cambios legales para frenar bulos y utilizaci\u00f3n \u00abcriminal\u00bb de redes<\/h1>\n<h2 class=\"news-header-opening-txt\" style=\"text-align: center;\"><em>El ministro de Justicia, Juan Carlos Campo, apuesta por revisar los instrumentos legales necesarios \u00abpara impedir que no se vayan de rositas aquellos que contaminan la opini\u00f3n p\u00fablica\u00bb<\/em><\/h2>\n<\/div>\n<div>\u00a0<\/div>\n<div class=\"news-header-media\">Por Ivan Gil\u00a0<\/div>\n<div>6\/04\/2020<\/div>\n<div><a href=\"https:\/\/www.elconfidencial.com\/espana\/2020-04-06\/el-gobierno-plantea-cambios-legales-para-frenar-bulos-y-utilizacion_2536904\/\" target=\"_blank\" rel=\"noopener noreferrer\">EL CONFIDENCIAL\u00a0<\/a><\/div>\n<div>\u00a0<\/div>\n<figure id=\"attachment_28624\" aria-describedby=\"caption-attachment-28624\" style=\"width: 678px\" class=\"wp-caption aligncenter\"><img loading=\"lazy\" decoding=\"async\" class=\"wp-image-28624 size-mh-magazine-content\" src=\"https:\/\/puntocritico.com\/ausajpuntocritico\/wp-content\/uploads\/2020\/04\/el-gobierno-plantea-cambios-legales-para-frenar-bulos-y-utilizacion-criminal-de-redes-678x381.jpg\" alt=\"\" width=\"678\" height=\"381\" data-id=\"28624\" srcset=\"https:\/\/puntocritico.com\/ausajpuntocritico\/wp-content\/uploads\/2020\/04\/el-gobierno-plantea-cambios-legales-para-frenar-bulos-y-utilizacion-criminal-de-redes-678x381.jpg 678w, https:\/\/puntocritico.com\/ausajpuntocritico\/wp-content\/uploads\/2020\/04\/el-gobierno-plantea-cambios-legales-para-frenar-bulos-y-utilizacion-criminal-de-redes-300x169.jpg 300w, https:\/\/puntocritico.com\/ausajpuntocritico\/wp-content\/uploads\/2020\/04\/el-gobierno-plantea-cambios-legales-para-frenar-bulos-y-utilizacion-criminal-de-redes-768x432.jpg 768w, https:\/\/puntocritico.com\/ausajpuntocritico\/wp-content\/uploads\/2020\/04\/el-gobierno-plantea-cambios-legales-para-frenar-bulos-y-utilizacion-criminal-de-redes.jpg 996w\" sizes=\"auto, (max-width: 678px) 100vw, 678px\" \/><figcaption id=\"caption-attachment-28624\" class=\"wp-caption-text\"><span style=\"color: #008000;\">El ministro de Justicia, Juan Carlos Campos, durante una rueda de prensa. (EFE)<\/span><\/figcaption><\/figure>\n<p>&nbsp;<\/p>\n<p style=\"text-align: justify;\"><span style=\"font-size: 14pt; font-family: tahoma, arial, helvetica, sans-serif;\">El incremento en la difusi\u00f3n de bulos a trav\u00e9s de las redes sociales desde que se decret\u00f3 el estado alarma ha puesto en alerta al Gobierno y las fuerzas de seguridad est\u00e1n monitorizando esta actividad con el objetivo de poner en el conocimiento de la Justicia aquellos mensajes que puedan tener un contenido delictivo. De hecho, seg\u00fan ha asegurado esta tarde en rueda de prensa el ministro de Interior,\u00a0<a href=\"https:\/\/www.elconfidencial.com\/tags\/personajes\/fernando-grande-marlaska-5469\/\" target=\"_self\" rel=\"noopener noreferrer\">Fernando Grande-Marlaska<\/a>, se han\u00a0<strong>detectado casos \u00abde utilizaci\u00f3n criminal\u00bb<\/strong>\u00a0de las redes sociales durante estos d\u00edas.<\/span><\/p>\n<p style=\"text-align: justify;\"><span style=\"font-size: 14pt; font-family: tahoma, arial, helvetica, sans-serif;\">El ministro de Justicia,\u00a0<a href=\"https:\/\/www.elconfidencial.com\/tags\/personajes\/juan-carlos-campo-20864\/\" target=\"_self\" rel=\"noopener noreferrer\">Juan Carlos Campo<\/a>, que acompa\u00f1aba a Marlaska en dicha rueda de prensa, ha ido m\u00e1s all\u00e1 planteando la necesidad de revisar los instrumentos legales necesarios \u00abpara impedir que no se vayan de rositas aquellos que contaminan la opini\u00f3n p\u00fablica\u00bb. En esta l\u00ednea, ha explicado que se est\u00e1n estudiando mecanismos para garantizar el derecho constitucional a recibir informaci\u00f3n veraz en un contexto de emergencia como el actual, tambi\u00e9n a trav\u00e9s de las redes sociales, aunque sin avanzar cu\u00e1les. Su encaje ser\u00eda complejo para no limitar otro derecho constitucional, el referente a la\u00a0<strong>libertad de expresi\u00f3n.<\/strong><\/span><\/p>\n<p style=\"text-align: justify;\"><span style=\"font-size: 14pt; font-family: tahoma, arial, helvetica, sans-serif;\">La compa\u00f1\u00eda Twitter ha asegurado haber detectado m\u00e1s de\u00a0<strong>un mill\u00f3n y medio de cuentas sospechosas<\/strong>\u00a0de manipular informaci\u00f3n sobre el\u00a0<a href=\"https:\/\/www.elconfidencial.com\/tags\/temas\/coronavirus-20888\/\" target=\"_self\" rel=\"noopener noreferrer\">coronavirus<\/a>\u00a0y en las \u00faltimas dos semanas ha procedido a borrar 1.100 mensaje con informaci\u00f3n considerada enga\u00f1osa. Sin embargo, son los programas de mensajer\u00eda instant\u00e1nea, principalmente WhatsApp, donde m\u00e1s se est\u00e1n difundiendo este tipo de contenidos.<\/span><\/p>\n<p style=\"text-align: justify;\"><span style=\"font-size: 14pt; font-family: tahoma, arial, helvetica, sans-serif;\">Desde el grupo parlamentario de\u00a0<a href=\"https:\/\/www.elconfidencial.com\/espana\/2020-04-06\/coronavirus-difusion-bulos-redes-sociales-unidas-podemos_2536000\/\" target=\"_self\" rel=\"noopener noreferrer\">Unidas Podemos se ha abierto ya un frente judicial<\/a>\u00a0para denunciar la difusi\u00f3n de bulos en las redes mediante lo que consideran una \u00aborganizaci\u00f3n criminal\u00bb. Esta misma ma\u00f1ana, desde el grupo confederal han presentado ante la Fiscal\u00eda su segunda denuncia que se centra en la difusi\u00f3n de un v\u00eddeo con bolsas de cad\u00e1veres y una foto con ata\u00fades que falsamente se identifican con Espa\u00f1a pero que corresponden respectivamente a un centro hospitalario de Guayaquil (Ecuador) y un naufragio en Italia en 2003.<\/span><\/p>\n<p style=\"text-align: justify;\"><span style=\"font-size: 14pt; font-family: tahoma, arial, helvetica, sans-serif;\">Se suma as\u00ed a una anterior denuncia por la difusi\u00f3n de un falso v\u00eddeo en el que se acusaba al Gobierno de rechazar material sanitario. En concreto, la grabaci\u00f3n mostraba una serie de pal\u00e9s y sostiene falsamente que se trata de un cargamento de equipos de protecci\u00f3n para sanitarios que va a ser enviado de Espa\u00f1a a Francia porque el Ejecutivo \u201cno paga\u201d, aunque lo cierto es que se trata de un cargamento de folios de papel almacenado en una f\u00e1brica de Italia, tal y como ha confirmado la propia empresa\u00bb.<\/span><\/p>\n<p style=\"text-align: justify;\"><span style=\"font-size: 14pt; font-family: tahoma, arial, helvetica, sans-serif;\">En el texto de la denuncia presentada este lunes, y que firman los diputados de Unidas Podemos\u00a0<strong>Enrique Santiago y Martina Velarde<\/strong>, se advierte sobre la supuesta existencia de una \u201corganizaci\u00f3n criminal\u201d que de forma dolosa acusar\u00eda directamente al Gobierno de \u201cocultar informaci\u00f3n a la poblaci\u00f3n, de ser incapaz de gestionar la crisis sanitaria, de desatender a enfermos, a fallecidos y de ocultar informaci\u00f3n a los familiares de estos \u00faltimos, acusando a las instituciones oficiales de estar ocultando el n\u00famero de fallecidos\u201d.<\/span><\/p>\n<p style=\"text-align: justify;\"><span style=\"font-size: 14pt; font-family: tahoma, arial, helvetica, sans-serif;\">La denuncia sostiene tambi\u00e9n que la difusi\u00f3n de dichos bulos supone un supuesto delito de\u00a0<strong>\u201csimulaci\u00f3n de peligro, calumnias e injurias a altas instituciones del Estado y organizaci\u00f3n criminal\u201d<\/strong>, as\u00ed como \u201cpor cualquier otro que se apreciara de oficio por esta Fiscal\u00eda General a la vista de los hechos denunciados\u201d. Por otra parte se a\u00f1ade que \u201cestamos sin duda ante una estructura organizada con el fin exclusivo de difundir graves infundios y falsedades a sabiendas, mentiras que buscan causar alarma social, desestabilizar la situaci\u00f3n pol\u00edtica y debilitar la actuaci\u00f3n de las instituciones del Estado, es decir, que buscan da\u00f1ar a la sociedad espa\u00f1ola, a las instituciones y a todas las personas que viven en nuestro pa\u00eds\u201d.<\/span><\/p>\n<h2 style=\"text-align: center;\"><span style=\"font-size: 14pt; color: #008000;\">\u2666\u2666\u2666\u2666\u2666<\/span><\/h2>\n<p>&nbsp;<\/p>\n<p><img loading=\"lazy\" decoding=\"async\" class=\"aligncenter wp-image-28599\" src=\"https:\/\/puntocritico.com\/ausajpuntocritico\/wp-content\/uploads\/2020\/04\/CORONAVIRUS-El-Gobierno-alerto-a-su-personal-una-semana-antes-que-a-la-poblacion-300x238.jpg\" alt=\"\" width=\"480\" height=\"381\" data-id=\"28599\" srcset=\"https:\/\/puntocritico.com\/ausajpuntocritico\/wp-content\/uploads\/2020\/04\/CORONAVIRUS-El-Gobierno-alerto-a-su-personal-una-semana-antes-que-a-la-poblacion-300x238.jpg 300w, https:\/\/puntocritico.com\/ausajpuntocritico\/wp-content\/uploads\/2020\/04\/CORONAVIRUS-El-Gobierno-alerto-a-su-personal-una-semana-antes-que-a-la-poblacion.jpg 403w\" sizes=\"auto, (max-width: 480px) 100vw, 480px\" \/><\/p>\n<h2>\u00a0<\/h2>\n<h2 style=\"text-align: center;\"><span style=\"font-size: 14pt; color: #008000;\">\u2666\u2666\u2666\u2666\u2666<\/span><\/h2>\n<p>&nbsp;<\/p>\n<h1 class=\"site_font title__main_title-3ziG article__title-V0GI color_eta\" style=\"text-align: center;\"><a id=\"ref3\"><\/a><a href=\"#ref3a\">[3]<\/a> Polic\u00eda y Guardia Civil perseguir\u00e1n las &#8216;fake news&#8217; sobre el coronavirus<\/h1>\n<div class=\"article__headerArticle-2BeO\">\n<div class=\"article__shared_bar_article-Pkjv\">\n<p><a href=\"https:\/\/www.telecinco.es\/informativos\/sociedad\/fse-perseguiran-fake-news-coronavirus_18_2915070066.html\" target=\"_blank\" rel=\"noopener noreferrer\">Informativos Telecinco<\/a> | Agencias<\/p>\n<\/div>\n<div class=\"article__authorComponent-1z6L authorComponent__content-3hIS\">\n<div class=\"authorComponent__info-3Wst\">\n<div class=\"authorComponent__gray-1sqs\"><span class=\"authorComponent__content_Date-2SZe\">15\/03\/2020<\/span><\/div>\n<div>\u00a0<\/div>\n<\/div>\n<\/div>\n<\/div>\n<figure id=\"attachment_28625\" aria-describedby=\"caption-attachment-28625\" style=\"width: 678px\" class=\"wp-caption aligncenter\"><img loading=\"lazy\" decoding=\"async\" class=\"wp-image-28625 size-mh-magazine-content\" src=\"https:\/\/puntocritico.com\/ausajpuntocritico\/wp-content\/uploads\/2020\/04\/MARLASKA-EFE-678x381.jpg\" alt=\"\" width=\"678\" height=\"381\" data-id=\"28625\" \/><figcaption id=\"caption-attachment-28625\" class=\"wp-caption-text\"><span style=\"color: #008000;\">Fernando Grande-Marlaska EFE<\/span><\/figcaption><\/figure>\n<div class=\"site_font summaryElement__content_opening-3-14\">\n<p>&nbsp;<\/p>\n<ul class=\"summaryElement__list-Ckel\">\n<li class=\"summaryElement__list_item-1otK\">\n<h2 class=\"summaryElement__summary-1GvW\"><span style=\"font-family: tahoma, arial, helvetica, sans-serif;\">Las FSE velar\u00e1n por la informacion veraz<\/span><\/h2>\n<\/li>\n<li class=\"summaryElement__list_item-1otK\">\n<h2 class=\"summaryElement__summary-1GvW\"><span style=\"font-family: tahoma, arial, helvetica, sans-serif;\">Interior asume el mando de polic\u00edas auton\u00f3micas y locales<\/span><\/h2>\n<\/li>\n<\/ul>\n<\/div>\n<div class=\"article__paragraph-lSRh embeddedBodyItem__container_list-Etoy\">\n<p>&nbsp;<\/p>\n<p class=\"color_eta\" style=\"text-align: justify;\"><span style=\"font-size: 14pt; font-family: tahoma, arial, helvetica, sans-serif;\">En una\u00a0<a href=\"http:\/\/www.interior.gob.es\/es\/web\/interior\/noticias\/detalle\/-\/journal_content\/56_INSTANCE_1YSSI3xiWuPH\/10180\/11630159\/?redirect=http%3A%2F%2Fwww.interior.gob.es%2Fes%2Fportada%3Fp_p_id%3D101_INSTANCE_pNZsk8OxKI0x%26p_p_lifecycle%3D0%26p_p_state%3Dnormal%26p_p_mode%3Dview%26p_p_col_id%3Dcolumn-2%26p_p_col_pos%3D2%26p_p_col_count%3D4\" target=\"_blank\" rel=\"nofollow noopener noreferrer\">orden\u00a0<\/a>dictada por el\u00a0<strong>ministro del Interior, Fernando Grande-Marlaska,<\/strong>\u00a0se establece que las\u00a0<strong>Fuerzas y Cuerpos de Seguridad del Estado<\/strong>\u00a0velar\u00e1n por una\u00a0<strong>informaci\u00f3n veraz y perseguir\u00e1n la desinformaci\u00f3n y las \u2018fake news\u2019<\/strong>\u00a0sobre el\u00a0<a href=\"https:\/\/www.telecinco.es\/informativos\/salud\/ultima-hora-coronavirus_18_2915070004.html\" target=\"_blank\" rel=\"noopener\"><strong>coronavirus<\/strong><\/a>.<\/span><\/p>\n<\/div>\n<div class=\"article__first_doblerroba_ART-29xd\" style=\"text-align: justify;\">\n<div class=\"ads__ad_container-20bh ads__ad_container_roba-3QcB  background_color_zeta\">\n<div id=\"div-gpt-ad-roba-1-2915070066\" class=\"ads__ad_element-2X02 ads__uncollapsed-yLk7\" data-ms-ad-type=\"ROBA_POS1\" data-google-query-id=\"CLel5Kjo4OgCFZkGBgAdWJYMvg\">\n<div id=\"google_ads_iframe_\/20370287687\/telecinco.es\/informativos_6__container__\"><span style=\"font-size: 14pt; font-family: tahoma, arial, helvetica, sans-serif;\">Seg\u00fan publica <a href=\"https:\/\/www.larazon.es\/espana\/20200315\/rmqlzcq77je3baqckno3a5pdfe.html#pk_campaign=MASwpn&amp;pk_kwd=Cerco+a+las+%22fake+news%22\" target=\"_blank\" rel=\"nofollow noopener noreferrer\">La Raz\u00f3n<\/a>, que ha tenido acceso a la orden, \u201clos Cuerpos policiales actuantes y los centros competentes de la Secretar\u00eda de Estado de Seguridad impartir\u00e1n directrices para prevenir y\u00a0<strong>minimizar los efectos de la desinformaci\u00f3n, extrem\u00e1ndose la vigilancia y monitorizaci\u00f3n de las redes y p\u00e1ginas web en las que se difundan mensajes e informaciones falsas<\/strong>\u00a0orientadas a incrementar el estr\u00e9s social, e instando en su caso las\u00a0<a href=\"https:\/\/www.telecinco.es\/informativos\/sociedad\/comparecencia-sanchez-coronavirus-medidas-excepcionales-estado-alarma_18_2914545046.html\" target=\"_blank\" rel=\"noopener\">medidas\u00a0<\/a>de intervenci\u00f3n\u201d.<\/span><\/div>\n<\/div>\n<\/div>\n<\/div>\n<div class=\"article__paragraph-lSRh embeddedBodyItem__container_list-Etoy\" style=\"text-align: justify;\">\n<h3 class=\"embeddedBodyItem__h3_title-1fk3 site_font\"><span style=\"font-size: 14pt; font-family: tahoma, arial, helvetica, sans-serif;\">Asume el mando de polic\u00edas auton\u00f3micas y locales<\/span><\/h3>\n<\/div>\n<div class=\"article__paragraph-lSRh embeddedBodyItem__container_list-Etoy\" style=\"text-align: justify;\">\n<p class=\"color_eta\"><span style=\"font-size: 14pt; font-family: tahoma, arial, helvetica, sans-serif;\">En la misma, el ministro\u00a0<strong>asume el mando de polic\u00edas auton\u00f3micas y locales<\/strong>\u00a0para controlar movimientos de los ciudadanos y apoyar la labor sanitaria, apelando al \u00abdeber c\u00edvico de colaborar\u00bb con los agentes, con riesgo para los incumplidores de ser sancionados \u00abcon arreglo a las leyes\u00bb. Fuentes del Gobierno aseguraron anoche que las\u00a0<a href=\"https:\/\/www.telecinco.es\/informativos\/sociedad\/sanciones-saltarse-medidas-estado-alarma_18_2915070016.html\" target=\"_blank\" rel=\"noopener\">sanciones\u00a0<\/a>se regular\u00e1n por la Ley de Seguridad Ciudadana y el C\u00f3digo Penal.<\/span><\/p>\n<\/div>\n<div class=\"article__paragraph-lSRh embeddedBodyItem__container_list-Etoy\" style=\"text-align: justify;\">\n<p class=\"color_eta\"><span style=\"font-size: 14pt; font-family: tahoma, arial, helvetica, sans-serif;\">Seg\u00fan ha informado Interior, se imparten<strong>\u00a0\u00abcriterios comunes de actuaci\u00f3n\u00bb<\/strong>\u00a0para todas las Fuerzas y Cuerpos de Seguridad, \u00abque deber\u00e1n actuar de forma coordinada bajo el mando del ministro con el objetivo de hacer cumplir medidas como el control de los movimientos, el apoyo a las labores sanitarias, garantizar el suministro alimentario y de bienes de primera necesidad o asegurar el funcionamiento de las infraestructuras cr\u00edticas\u00bb.<\/span><\/p>\n<\/div>\n<div class=\"article__second_doblerroba_ART-mHir\" style=\"text-align: justify;\">\n<div class=\"ads__ad_container-20bh ads__ad_container_roba-3QcB  background_color_zeta\">\n<div id=\"div-gpt-ad-roba-2-2915070066\" class=\"ads__ad_element-2X02 ads__uncollapsed-yLk7\" data-ms-ad-type=\"ROBA_POS2\" data-google-query-id=\"CLil5Kjo4OgCFZkGBgAdWJYMvg\">\n<div id=\"google_ads_iframe_\/20370287687\/telecinco.es\/informativos_7__container__\"><span style=\"font-size: 14pt; font-family: tahoma, arial, helvetica, sans-serif;\">Se\u00f1ala en este sentido que \u00aben todos los dispositivos de seguridad se potenciar\u00e1 la colaboraci\u00f3n y coordinaci\u00f3n entre los cuerpos policiales con competencia en cada \u00e1mbito territorial\u00bb. Tambi\u00e9n establece \u00abla colaboraci\u00f3n del personal de seguridad privada que preste servicio en las instalaciones o servicios afectados\u00bb.<\/span><\/div>\n<\/div>\n<\/div>\n<\/div>\n<div class=\"article__paragraph-lSRh embeddedBodyItem__container_list-Etoy\" style=\"text-align: justify;\">\n<p class=\"color_eta\"><span style=\"font-size: 14pt; font-family: tahoma, arial, helvetica, sans-serif;\">A tales efectos, el Ministerio del Interior constituir\u00e1 un\u00a0<strong>Centro de Coordinaci\u00f3n Operativa<\/strong>\u00a0\u00abque asegure una transmisi\u00f3n permanente y contin\u00faa de informaci\u00f3n con las Fuerzas y Cuerpos de Seguridad, ya sean estatales, auton\u00f3micas o locales, tanto para la difusi\u00f3n de \u00f3rdenes y directrices de actuaci\u00f3n como para la recepci\u00f3n y seguimiento de las novedades que se produzcan\u00bb.<\/span><\/p>\n<\/div>\n<div class=\"article__paragraph-lSRh embeddedBodyItem__container_list-Etoy\" style=\"text-align: justify;\">\n<p class=\"color_eta\"><span style=\"font-size: 14pt; font-family: tahoma, arial, helvetica, sans-serif;\">La resoluci\u00f3n mantendr\u00e1 su eficacia durante toda la vigencia del\u00a0<strong>Real Decreto<\/strong>\u00a0y tiene como destinatarios a las Fuerzas y Cuerpos de Seguridad del Estado; los cuerpos de Polic\u00eda de las comunidades aut\u00f3nomas y de las corporaciones locales, as\u00ed como el personal de las empresas de seguridad privada.<\/span><\/p>\n<\/div>\n<div class=\"article__paragraph-lSRh embeddedBodyItem__container_list-Etoy\" style=\"text-align: justify;\">\n<p class=\"color_eta\"><span style=\"font-size: 14pt; font-family: tahoma, arial, helvetica, sans-serif;\">El objetivo de esta orden es \u00abadecuar al \u00e1mbito competencial del Ministerio del Interior\u00bb las medidas contenidas en el Real Decreto \u00aben relaci\u00f3n con la actuaci\u00f3n operativa que para su ejecuci\u00f3n deban asumir las Fuerzas y Cuerpos de Seguridad del Estado\u00bb. Tambi\u00e9n regula\u00a0<strong>medidas de protecci\u00f3n sanitaria<\/strong>\u00a0para todos los polic\u00edas.<\/span><\/p>\n<\/div>\n<div class=\"article__paragraph-lSRh embeddedBodyItem__container_list-Etoy\" style=\"text-align: justify;\">\n<h3 class=\"embeddedBodyItem__h3_title-1fk3 site_font\"><span style=\"font-size: 14pt; font-family: tahoma, arial, helvetica, sans-serif;\">\u00abDeber c\u00edvico\u00bb y posibles sanciones<\/span><\/h3>\n<\/div>\n<div class=\"article__paragraph-lSRh embeddedBodyItem__container_list-Etoy\" style=\"text-align: justify;\">\n<p class=\"color_eta\"><span style=\"font-size: 14pt; font-family: tahoma, arial, helvetica, sans-serif;\">Para ejecutar estas medidas, la resoluci\u00f3n se\u00f1ala que \u00abla ciudadan\u00eda tiene el deber c\u00edvico de colaborar y no obstaculizar la labor de los agentes de la autoridad en el ejercicio de sus funciones\u00bb, y a\u00f1ade que \u00abel incumplimiento o la resistencia a las \u00f3rdenes de la autoridad competente ser\u00e1 sancionado con arreglo a lo dispuesto en las leyes\u00bb.<\/span><\/p>\n<\/div>\n<div class=\"article__paragraph-lSRh embeddedBodyItem__container_list-Etoy\" style=\"text-align: justify;\">\n<p class=\"color_eta\"><span style=\"font-size: 14pt; font-family: tahoma, arial, helvetica, sans-serif;\">Todas estas medidas se aplicar\u00e1n \u00abde acuerdo con los principios de proporcionalidad y necesidad, dirigidos a proteger la salud y seguridad de los ciudadanos y contener la progresi\u00f3n de la enfermedad\u00bb, a\u00f1ade la orden del Ministerio del Interior. El Real Decreto dictado por el Gobierno establece que todas las Fuerzas de Seguridad del Estado, incluidas las auton\u00f3micas y locales, quedan bajo las \u00f3rdenes directas del ministro del Interior para \u00abla protecci\u00f3n de personas, bienes y lugares\u00bb.<\/span><\/p>\n<\/div>\n<div class=\"article__paragraph-lSRh embeddedBodyItem__container_list-Etoy\" style=\"text-align: justify;\">\n<p class=\"color_eta\"><span style=\"font-size: 14pt; font-family: tahoma, arial, helvetica, sans-serif;\">Precisamente uno de los objetivos de la orden dictada por Grande-Marlaska es \u00abgarantizar una acci\u00f3n concertada de las Fuerzas y Cuerpos de Seguridad del Estado, los cuerpos de polic\u00eda auton\u00f3micos, las polic\u00edas locales y el personal y empresas de seguridad privada, para la implantaci\u00f3n y el cumplimiento, en todo el territorio nacional, de las medidas previstas en el Real Decreto\u00bb.<\/span><\/p>\n<\/div>\n<div class=\"article__paragraph-lSRh embeddedBodyItem__container_list-Etoy\" style=\"text-align: justify;\">\n<h3 class=\"embeddedBodyItem__h3_title-1fk3 site_font\"><span style=\"font-size: 14pt; font-family: tahoma, arial, helvetica, sans-serif;\">Apoyo a los sanitarios<\/span><\/h3>\n<\/div>\n<div class=\"article__paragraph-lSRh embeddedBodyItem__container_list-Etoy\" style=\"text-align: justify;\">\n<p class=\"color_eta\"><span style=\"font-size: 14pt; font-family: tahoma, arial, helvetica, sans-serif;\">La orden pone a disposici\u00f3n de las autoridades y de los profesionales sanitarios \u00abaquellas capacidades de los cuerpos policiales que sirvan para\u00a0<strong>auxiliar a las instituciones y a los profesionales sanitarios<\/strong>\u00a0ante situaciones en las que dicho auxilio sea necesario para que pueda prestarse asistencia sanitaria urgente a las personas que lo precisen\u00bb.<\/span><\/p>\n<\/div>\n<div class=\"article__paragraph-lSRh embeddedBodyItem__container_list-Etoy\" style=\"text-align: justify;\">\n<p class=\"color_eta\"><span style=\"font-size: 14pt; font-family: tahoma, arial, helvetica, sans-serif;\">En este sentido, se indica que \u00abse reforzar\u00e1n las medidas policiales de seguridad tendentes a\u00a0<strong>garantizar el normal funcionamiento de centros sanitarios<\/strong>\u00ab. Este refuerzo tambi\u00e9n se aplicar\u00e1 \u00aben establecimientos de elaboraci\u00f3n, almacenamiento y distribuci\u00f3n de productos farmac\u00e9uticos o sanitarios\u00bb. \u00abCuando resulte necesario en atenci\u00f3n a las circunstancias, se apoyar\u00e1n los desplazamientos de los servicios sanitarios o de emergencias\u00bb, se\u00f1ala asimismo la resoluci\u00f3n.<\/span><\/p>\n<\/div>\n<div class=\"article__paragraph-lSRh embeddedBodyItem__container_list-Etoy\" style=\"text-align: justify;\">\n<h3 class=\"embeddedBodyItem__h3_title-1fk3 site_font\"><span style=\"font-size: 14pt; font-family: tahoma, arial, helvetica, sans-serif;\">Libertad de movimientos<\/span><\/h3>\n<\/div>\n<div class=\"article__paragraph-lSRh embeddedBodyItem__container_list-Etoy\" style=\"text-align: justify;\">\n<p class=\"color_eta\"><span style=\"font-size: 14pt; font-family: tahoma, arial, helvetica, sans-serif;\">El Real Decreto dictado por el Gobierno introduce una serie de\u00a0<strong>limitaciones para la libertad deambulatoria de los ciudadanos<\/strong>. La resoluci\u00f3n dictada por Grande-Marlaska indica en este \u00e1mbito que las Fuerzas y Cuerpos de Seguridad \u00abestablecer\u00e1n dispositivos de seguridad, fijos y m\u00f3viles, tanto en las v\u00edas y espacios p\u00fablicos como en la red de transporte, y en particular en aquellos lugares o franjas horarias que espec\u00edficamente se puedan ver afectados por las restricciones que se acuerden, para asegurar la observancia de las medidas limitativas de la libertad ambulatoria\u00bb.<\/span><\/p>\n<\/div>\n<div class=\"article__paragraph-lSRh embeddedBodyItem__container_list-Etoy\" style=\"text-align: justify;\">\n<p class=\"color_eta\"><span style=\"font-size: 14pt; font-family: tahoma, arial, helvetica, sans-serif;\">\u00abEn todo caso, en la actuaci\u00f3n de las Fuerzas y Cuerpos de Seguridad se tendr\u00e1 en cuanta la necesidad de garantizar que los ciudadanos puedan acceder a sus puestos de trabajo y a los servicios b\u00e1sicos en caso necesario, as\u00ed como la de permitir la movilidad del personal perteneciente a entidades dedicadas a la prestaci\u00f3n de servicios esenciales o al abastecimiento y distribuci\u00f3n de bienes y servicios de primera necesidad\u00bb, recoge la orden.<\/span><\/p>\n<\/div>\n<div class=\"article__paragraph-lSRh embeddedBodyItem__container_list-Etoy\" style=\"text-align: justify;\">\n<h3 class=\"embeddedBodyItem__h3_title-1fk3 site_font\"><span style=\"font-size: 14pt; font-family: tahoma, arial, helvetica, sans-serif;\">Otras medidas<\/span><\/h3>\n<\/div>\n<div class=\"article__paragraph-lSRh embeddedBodyItem__container_list-Etoy\" style=\"text-align: justify;\">\n<p class=\"color_eta\"><span style=\"font-size: 14pt; font-family: tahoma, arial, helvetica, sans-serif;\">La orden aborda asimismo otros \u00e1mbitos de actuaci\u00f3n de las Fuerzas y Cuerpos de Seguridad en aplicaci\u00f3n de lo dispuesto en el Real Decreto dictado por el Gobierno. Los agentes, por ejemplo, deber\u00e1n prestar su apoyo \u00aba las medidas destinadas a garantizar el suministro alimentario, y de otros bienes y servicios\u00bb.<\/span><\/p>\n<\/div>\n<div class=\"article__paragraph-lSRh embeddedBodyItem__container_list-Etoy\" style=\"text-align: justify;\">\n<p class=\"color_eta\"><span style=\"font-size: 14pt; font-family: tahoma, arial, helvetica, sans-serif;\">Se\u00f1ala tambi\u00e9n, entre otros elementos, que \u00abse reforzar\u00e1n las medidas policiales de seguridad tendentes a garantizar el normal funcionamiento de las infraestructuras cr\u00edticas\u00bb. Se llevar\u00e1n a cabo asimismo tareas de \u00abapoyo a las medidas restrictivas en relaci\u00f3n con la actividad comercial, apertura de establecimientos y actos de culto\u00bb.<\/span><\/p>\n<\/div>\n<div class=\"article__paragraph-lSRh embeddedBodyItem__container_list-Etoy\">\n<p class=\"color_eta\" style=\"text-align: justify;\"><span style=\"font-size: 14pt; font-family: tahoma, arial, helvetica, sans-serif;\">La orden tambi\u00e9n dedica un apartado a la protecci\u00f3n de la salud de los agentes de las Fuerzas y Cuerpos de Seguridad. \u00abLos funcionarios policiales incluidos en el \u00e1mbito de aplicaci\u00f3n de esta orden, independientemente de su cuerpo de pertenencia, tienen derecho a una protecci\u00f3n eficaz en materia de seguridad y salud en el trabajo. Se observar\u00e1n en todo caso las recomendaciones e instrucciones impartidas en cada caso por las autoridades sanitarias en relaci\u00f3n con la prevenci\u00f3n de la transmisi\u00f3n del coronavirus\u00bb, se\u00f1ala el texto.<\/span><\/p>\n<\/div>\n<h2 style=\"text-align: center;\"><span style=\"font-size: 14pt; color: #008000;\">\u2666\u2666\u2666\u2666\u2666<\/span><\/h2>\n<p>&nbsp;<\/p>\n<figure id=\"attachment_49575\" aria-describedby=\"caption-attachment-49575\" style=\"width: 678px\" class=\"wp-caption aligncenter\"><img loading=\"lazy\" decoding=\"async\" class=\"wp-image-49575 size-mh-magazine-content\" src=\"https:\/\/puntocritico.com\/ausajpuntocritico\/wp-content\/uploads\/2020\/04\/MARLASKA6000-678x375.jpg\" alt=\"\" width=\"678\" height=\"375\" data-id=\"49575\" \/><figcaption id=\"caption-attachment-49575\" class=\"wp-caption-text\"><span style=\"color: #008000;\">El pasado 2 de abril de 2020 el ministro del Interior, Fernando Grande-Marlaska, asegur\u00f3 que \u00abno hay ning\u00fan tipo de ocultaci\u00f3n\u00bb de los fallecimientos por coronavirus.<\/span>.<span style=\"color: #008000;\"> Infinidad de fallecidos por coronavirus est\u00e1 pasando a la categor\u00eda estad\u00edstica de \u00abno confirmado\u00bb, estando limitadas tambi\u00e9n las autopsias. <a href=\"https:\/\/www.elmatinal.com\/actualidad\/marlaska-ordena-reducir-al-minimo-las-autopsias-para-maquillar-el-numero-de-muertos-por-coronavirus\/\" target=\"_blank\" rel=\"noopener noreferrer\">EL MATINAL<\/a><\/span><\/figcaption><\/figure>\n<section id=\"feature\">\n<header class=\"article-header article-foto_ep\">\n<div class=\"title-wrapp\">\n<div class=\"container\">\n<div class=\"col-md-9\">\n<div class=\"article-title title-foto_ep\">\n<h1 style=\"text-align: center;\">\u00a0<span style=\"font-size: 14pt; color: #008000;\">\u2666\u2666\u2666\u2666\u2666<\/span><\/h1>\n<h1>\u00a0<\/h1>\n<h1 style=\"text-align: center;\"><span style=\"font-size: 24pt;\"><a id=\"ref4\"><\/a><a href=\"#ref4a\">[4]<\/a> Covid-19: Sesgos y falacias para una crisis<\/span><\/h1>\n<\/div>\n<\/div>\n<\/div>\n<\/div>\n<\/header>\n<\/section>\n<section id=\"help\">\n<div class=\"container\" style=\"text-align: center;\"><em><span style=\"font-size: 18pt;\">El debate sobre la gesti\u00f3n de la epidemia y la reacci\u00f3n del Gobierno est\u00e1 sembrado de errores y trampas. Para acercarnos a la verdad, es bueno identificarlos y revisar los propios sesgos.<\/span><\/em><\/div>\n<\/section>\n<p>&nbsp;<\/p>\n<p>Por David Mej\u00eda\u00a0<\/p>\n<p>7\/04\/2020<\/p>\n<p><a href=\"https:\/\/www.letraslibres.com\/espana-mexico\/politica\/covid-19-sesgos-y-falacias-una-crisis\" target=\"_blank\" rel=\"noopener noreferrer\">LETRAS LIBRES\u00a0<\/a><\/p>\n<p>&nbsp;<\/p>\n<p dir=\"ltr\" style=\"text-align: justify;\"><span style=\"font-size: 14pt; font-family: tahoma, arial, helvetica, sans-serif;\">Desde hace d\u00edas circula un art\u00edculo de\u00a0<a href=\"https:\/\/www.politico.eu\/article\/europes-coronavirus-lockdown-measures-compared\/\" target=\"_blank\" rel=\"noopener\">Politico.eu<\/a>\u00a0al que voces afines al Gobierno han atribuido una asombrosa capacidad exculpatoria. El art\u00edculo compara por pa\u00edses los distintos\u00a0<em>timings<\/em>\u00a0en la aplicaci\u00f3n de medidas para paliar la extensi\u00f3n del COVID-19. Lo que hay entre el estudio y lo que infieren los afines se llama sesgo de confirmaci\u00f3n.<\/span><\/p>\n<p style=\"text-align: justify;\"><span style=\"font-size: 14pt; font-family: tahoma, arial, helvetica, sans-serif;\">La pregunta que vertebra el estudio es la siguiente: \u00bfcu\u00e1ntos d\u00edas transcurrieron entre el primer fallecido nacional por COVID-19 y la implementaci\u00f3n de las distintas restricciones? Por ejemplo, Espa\u00f1a decret\u00f3 el cierre de colegios el doce de marzo, once d\u00edas despu\u00e9s del primer fallecido oficial, mientras que el Reino Unido esper\u00f3 dieciocho, y Francia treinta y uno. Otros pa\u00edses fueron m\u00e1s precoces que Espa\u00f1a: Austria y Rep\u00fablica Checa decretaron su cierre sin fallecidos confirmados, y B\u00e9lgica y Polonia lo decretaron cuatro d\u00edas despu\u00e9s del primero. Aunque el estudio ignora que el primer fallecimiento en Espa\u00f1a por COVID-19 ocurri\u00f3 el 13 de febrero en el hospital Arnau de Vilanova de Valencia, podemos pasar por alto este (importante) dato, pues pretendo detenerme en la paz mental que ha generado el estudio en algunos sectores de la opini\u00f3n p\u00fablica.<\/span><\/p>\n<p style=\"text-align: justify;\"><span style=\"font-size: 14pt; font-family: tahoma, arial, helvetica, sans-serif;\">Quienes interpretan este estudio como la confirmaci\u00f3n de que la reacci\u00f3n del gobierno espa\u00f1ol fue r\u00e1pida y adecuada deben revisar los datos con algo m\u00e1s de frialdad para as\u00ed evitar el razonamiento defectuoso en el que incurren: sostienen que puesto que Espa\u00f1a actu\u00f3 antes que otros pa\u00edses una vez se conoci\u00f3 el primer fallecido, actu\u00f3 a tiempo, mejor que otros. Este argumento no se sostiene salvo que hagamos emerger sus premisas impl\u00edcitas (los entimemas, que dec\u00edan los cl\u00e1sicos), como que actuar \u201ca tiempo\u201d equivale a actuar tan pronto se conoce el primer fallecimiento, lo cual dista mucho de ser evidente. Y a\u00fan menos que esa mera reacci\u00f3n suponga actuar \u201cbien\u201d o de la manera m\u00e1s aconsejable a la luz de la evidencia entonces ya disponible. Huelga decir que ninguno ha aguado su alegr\u00eda con la pregunta inevitable:\u00a0\u00bfpor qu\u00e9, si reaccionamos con tanta prontitud, tenemos cifras de contagiados y fallecidos exponencialmente superiores a nuestros vecinos europeos?<\/span><\/p>\n<p style=\"text-align: justify;\"><span style=\"font-size: 14pt; font-family: tahoma, arial, helvetica, sans-serif;\">Es evidente que juzgar la agilidad de la reacci\u00f3n en base al n\u00famero de fallecidos nacionales es arbitrario. Espa\u00f1a decret\u00f3 la prohibici\u00f3n de todo movimiento no esencial el diecis\u00e9is de marzo, con 340 fallecidos y 9.000 infectados. Pero no se puede obviar que, en ese momento, Italia hab\u00eda alcanzado los 30.000 infectados y los 2.200 fallecidos. En otras palabras, el estudio se ha interpretado como si los gobiernos tomaran decisiones en un vac\u00edo informativo, ajenos a lo que sucede en otras latitudes. En parte ha sido as\u00ed, pero ah\u00ed est\u00e1 el error pol\u00edtico. Hoy sabemos que quienes mejor han contenido la expansi\u00f3n de la pandemia han sido quienes han sabido anticiparse en vista de lo que suced\u00eda en otros lugares.<\/span><\/p>\n<p style=\"text-align: justify;\"><span style=\"font-size: 14pt; font-family: tahoma, arial, helvetica, sans-serif;\">Adem\u00e1s, para adecuarse a los par\u00e1metros de la discusi\u00f3n p\u00fablica espa\u00f1ola, el estudio deber\u00eda incluir otro bloque: \u00bfcu\u00e1ntos gobiernos llamaron a una manifestaci\u00f3n masiva habiendo m\u00e1s de 600 positivos confirmados y casi veinte fallecidos? Por contextualizar: el ocho de marzo Italia confirm\u00f3 1.500 nuevos contagios, alcanzando los 7.400 contagiados;\u00a0ese d\u00eda fallecieron 133 personas y el total de muertes ascendi\u00f3 a 366.<\/span><\/p>\n<p style=\"text-align: justify;\"><span style=\"font-size: 14pt; font-family: tahoma, arial, helvetica, sans-serif;\">En resumen, no se puede concluir que la reacci\u00f3n del Gobierno fuera adecuada en base al art\u00edculo de Politico.eu. El par\u00e1metro empleado (tiempo transcurrido entre el primer fallecido nacional y el decreto de medidas excepcionales) es arbitrario y no tiene en cuenta elementos vitales como la evoluci\u00f3n del virus en otros pa\u00edses, las advertencias de la OMS y del Centro Europeo para el Control y Prevenci\u00f3n de Enfermedades, o la lentitud para provisionarse de material sanitario.<\/span><\/p>\n<p style=\"text-align: justify;\"><span style=\"font-size: 14pt; font-family: tahoma, arial, helvetica, sans-serif;\">Pedro S\u00e1nchez afirm\u00f3 hace dos semanas que quienes le reprochan al Gobierno haber reaccionado tarde ante la pandemia eran v\u00edctimas del \u201csesgo de retrospecci\u00f3n\u201d. Entiendo que hablaba del determinismo retrospectivo, que consiste en interpretar, con la lucidez que da la distancia, una cadena de hechos como previsibles y evidentes. En parte, el presidente tiene raz\u00f3n: el sesgo brilla en ciertos pol\u00edticos de la oposici\u00f3n que hoy consideran una temeridad no haber desconvocado la manifestaci\u00f3n pero entonces no lanzaron mensaje alguno de alarma. El sesgo se dar\u00eda, claro est\u00e1, si presuponemos una simetr\u00eda en la informaci\u00f3n.<\/span><\/p>\n<p style=\"text-align: justify;\"><span style=\"font-size: 14pt; font-family: tahoma, arial, helvetica, sans-serif;\">Ahora bien, lo que merece atenci\u00f3n no es la detecci\u00f3n del sesgo, sino el argumento falaz que enlaza: \u201cPuesto que la oposici\u00f3n tampoco percibi\u00f3 la gravedad de los hechos, la gravedad era imposible de predecir\u201d. Sabemos que exist\u00edan indicios de sobra y que el Gobierno \u2013rodeado de expertos y con acceso a informaci\u00f3n m\u00e1s detallada\u2013 los ignor\u00f3, que una parte de la oposici\u00f3n tampoco los atendiera no exime de responsabilidad al Ejecutivo. Quiz\u00e1 nuestro presidente deba familiarizarse con otro sesgo com\u00fan, el llamado sesgo del optimismo: lo sufren aquellas personas que conf\u00edan, sin fundamento alguno, en que nunca pasar\u00e1 nada malo. En todo caso, no est\u00e1 de m\u00e1s airear la discusi\u00f3n p\u00fablica poniendo ejemplos de algunas de las falacias en curso. Con un poco de suerte, saldremos de esta crisis siendo algo m\u00e1s respetuosos con una disciplina tan noble como la l\u00f3gica de enunciados.<\/span><\/p>\n<p dir=\"ltr\" style=\"text-align: justify;\"><span style=\"font-size: 14pt; font-family: tahoma, arial, helvetica, sans-serif;\">Como hemos visto, muchos de los razonamientos que circulan son emitem\u00e1ticos, es decir, omiten una premisa necesaria para validar la conclusi\u00f3n; si la premisa no es evidente, el argumento es falaz.<\/span><\/p>\n<ul style=\"text-align: justify;\">\n<li dir=\"ltr\">\n<p dir=\"ltr\"><span style=\"font-size: 14pt; font-family: tahoma, arial, helvetica, sans-serif;\">\u201cEspa\u00f1a decret\u00f3 el Estado de alarma con 120 muertos y Francia con 148, luego Espa\u00f1a reaccion\u00f3 antes y mejor que Francia.\u201d Premisa impl\u00edcita:\u00a0actuar tan pronto se conoce el primer fallecimiento equivale a actuar \u201ca tiempo\u201d.<\/span><\/p>\n<\/li>\n<li dir=\"ltr\">\n<p dir=\"ltr\"><span style=\"font-size: 14pt; font-family: tahoma, arial, helvetica, sans-serif;\">\u201cEn la regi\u00f3n x se redujo la inversi\u00f3n en sanidad por ciudadano, luego la atenci\u00f3n sanitaria hoy es peor\u201d. Premisa impl\u00edcita: Menor inversi\u00f3n por ciudadano equivale a peor atenci\u00f3n.<\/span><\/p>\n<\/li>\n<li dir=\"ltr\">\n<p dir=\"ltr\"><span style=\"font-size: 14pt; font-family: tahoma, arial, helvetica, sans-serif;\">\u201cCuando una donaci\u00f3n se hace p\u00fablica deja de ser una donaci\u00f3n.\u201d Premisa impl\u00edcita: solo una donaci\u00f3n an\u00f3nima es una donaci\u00f3n.<\/span><\/p>\n<\/li>\n<\/ul>\n<p style=\"text-align: justify;\">\u00a0<\/p>\n<p dir=\"ltr\" style=\"text-align: justify;\"><span style=\"font-size: 14pt; font-family: tahoma, arial, helvetica, sans-serif;\">Circulan tambi\u00e9n algunas falacias formales: aquellas basadas solamente en su forma l\u00f3gica. Todas son una variante del c\u00e9lebre\u00a0<em>Non Sequitur\u00a0<\/em>(no se sigue). Aqu\u00ed algunos ejemplos:<\/span><\/p>\n<ul style=\"text-align: justify;\">\n<li dir=\"ltr\">\n<p dir=\"ltr\"><span style=\"font-size: 14pt; font-family: tahoma, arial, helvetica, sans-serif;\">\u201cEl pico de contagios sucedi\u00f3 antes de la manifestaci\u00f3n del 8M, luego mantener la convocatoria no fue un acto irresponsable.\u201d<\/span><\/p>\n<\/li>\n<li dir=\"ltr\">\n<p dir=\"ltr\"><span style=\"font-size: 14pt; font-family: tahoma, arial, helvetica, sans-serif;\">\u201cEn el mismo fin de semana del 8M se celebraron en Espa\u00f1a misas, partidos y espect\u00e1culos, por lo tanto, el contagio no es culpa de la manifestaci\u00f3n feminista.\u201d<\/span><\/p>\n<\/li>\n<\/ul>\n<p style=\"text-align: justify;\">\u00a0<\/p>\n<p dir=\"ltr\" style=\"text-align: justify;\"><span style=\"font-size: 14pt; font-family: tahoma, arial, helvetica, sans-serif;\">Y luego tenemos a las sospechosas (falacias) habituales:<\/span><\/p>\n<ul style=\"text-align: justify;\">\n<li dir=\"ltr\">\n<p dir=\"ltr\"><span style=\"font-size: 14pt; font-family: tahoma, arial, helvetica, sans-serif;\"><em>Post hoc ergo propter hoc\u00a0<\/em>(despu\u00e9s de esto, entonces, a causa de esto, eso): \u201cLos contagios aumentaron exponencialmente\u00a0<em>despu\u00e9s\u00a0<\/em>de la manifestaci\u00f3n del 8M, luego \u00e9sta es la causa de los contagios\u201d.<\/span><\/p>\n<\/li>\n<li dir=\"ltr\">\n<p dir=\"ltr\"><span style=\"font-size: 14pt; font-family: tahoma, arial, helvetica, sans-serif;\">Sesgo retrospectivo 1: \u201cCuando se convoc\u00f3 la manifestaci\u00f3n, era evidente que el contagio masivo iba a suceder\u201d.<\/span><\/p>\n<\/li>\n<li dir=\"ltr\">\n<p dir=\"ltr\"><span style=\"font-size: 14pt; font-family: tahoma, arial, helvetica, sans-serif;\">Sesgo retrospectivo 2: \u201cEra previsible que, de haber una epidemia, sufrir\u00edamos por los recortes\u201d.<\/span><\/p>\n<\/li>\n<li dir=\"ltr\">\n<p dir=\"ltr\"><span style=\"font-size: 14pt; font-family: tahoma, arial, helvetica, sans-serif;\"><em>Circulus in probando\u00a0<\/em>(razonamiento circular): \u201cEs momento de apoyar al Gobierno de Espa\u00f1a, por eso tienen que apoyar al gobierno de Espa\u00f1a\u201d.<\/span><\/p>\n<\/li>\n<li dir=\"ltr\">\n<p dir=\"ltr\"><span style=\"font-size: 14pt; font-family: tahoma, arial, helvetica, sans-serif;\">Falsa dicotom\u00eda: \u201c\u00bfTendr\u00e1n sentido de Estado o criticar\u00e1n al Gobierno?\u201d.<\/span><\/p>\n<\/li>\n<li dir=\"ltr\">\n<p dir=\"ltr\"><span style=\"font-size: 14pt; font-family: tahoma, arial, helvetica, sans-serif;\">Hombre de paja: \u201cQuienes critican la manifestaci\u00f3n del 8M en realidad atacan la causa feminista y los derechos de las mujeres\u201d.<\/span><\/p>\n<\/li>\n<li dir=\"ltr\">\n<p dir=\"ltr\"><span style=\"font-size: 14pt; font-family: tahoma, arial, helvetica, sans-serif;\">Falacia del arenque rojo o la pista falsa: \u201cLo importante es poner todas las energ\u00edas en resolver la cuesti\u00f3n, no en regocijarnos en los errores\u00bb.<\/span><\/p>\n<\/li>\n<li dir=\"ltr\">\n<p dir=\"ltr\"><span style=\"font-size: 14pt; font-family: tahoma, arial, helvetica, sans-serif;\">Falacia gen\u00e9tica: \u201cPuesto que el PP es de derechas, su gesti\u00f3n de la sanidad p\u00fablica es p\u00e9sima\u201d.<\/span><\/p>\n<\/li>\n<li dir=\"ltr\">\n<p dir=\"ltr\"><span style=\"font-size: 14pt; font-family: tahoma, arial, helvetica, sans-serif;\">Pendiente resbaladiza o efecto domin\u00f3: \u201cSi aceptamos las donaciones de Amancio Ortega terminaremos dinamitando la sanidad p\u00fablica\u201d.<\/span><\/p>\n<\/li>\n<li dir=\"ltr\">\n<p dir=\"ltr\"><span style=\"font-size: 14pt; font-family: tahoma, arial, helvetica, sans-serif;\">Falacia\u00a0<em>ad populum<\/em>: \u201cEl PP hizo recortes en Sanidad, lo sabe todo el mundo\u201d.<\/span><\/p>\n<\/li>\n<li dir=\"ltr\">\n<p dir=\"ltr\"><span style=\"font-size: 14pt; font-family: tahoma, arial, helvetica, sans-serif;\">Equivalencia moral: \u201cEl Covid-19 ha matado en un mes m\u00e1s gente que la violencia de g\u00e9nero en diez a\u00f1os\u201d.<\/span><\/p>\n<\/li>\n<li dir=\"ltr\">\n<p dir=\"ltr\"><span style=\"font-size: 14pt; font-family: tahoma, arial, helvetica, sans-serif;\">Falacia naturalista: \u201cSiempre ha habido pandemias, as\u00ed que debemos aceptar sus efectos\u201d.<\/span><\/p>\n<\/li>\n<\/ul>\n<p style=\"text-align: justify;\">\n<span style=\"font-size: 14pt; font-family: tahoma, arial, helvetica, sans-serif;\">En fin, as\u00ed est\u00e1n las cosas. Antes de despedirme, invito a todos aquellos interesados en acercar nuestra esfera p\u00fablica a la verdad a que revisen un sesgo cognitivo que se menciona poco estos d\u00edas, cuando es m\u00e1s pertinente que nunca:\u00a0<a href=\"https:\/\/www.letraslibres.com\/espana-mexico\/revista\/la-ilusion-la-competencia\" target=\"_blank\" rel=\"noopener\">el efecto Dunning-Kruger<\/a>.<\/span><\/p>\n<p dir=\"ltr\" style=\"text-align: right;\"><span style=\"font-size: 14pt; font-family: tahoma, arial, helvetica, sans-serif;\">Cu\u00eddense.<\/span><\/p>\n<p dir=\"ltr\" style=\"text-align: right;\"><span style=\"font-size: 14pt; font-family: tahoma, arial, helvetica, sans-serif;\">D<\/span>.<\/p>\n<h2 style=\"text-align: center;\"><span style=\"font-size: 14pt; color: #008000;\">\u2666\u2666\u2666\u2666\u2666<\/span><\/h2>\n<p>&nbsp;<\/p>\n<div id=\"article_header\" class=\"a_hg basic | \">\n<h1 class=\"a_t | font_secondary color_gray_ultra_dark \" style=\"text-align: center;\"><a id=\"ref5\"><\/a><a href=\"#ref5a\">[5]<\/a> Unidas Podemos pide a la Fiscal\u00eda investigar a una \u201corganizaci\u00f3n criminal\u201d que difunde ciberbulos contra el Gobierno<\/h1>\n<h2 class=\"a_st font_secondary color_gray_dark \" style=\"text-align: center;\"><em>La coalici\u00f3n ya present\u00f3 otro escrito el pasado jueves contra un polic\u00eda por distribuir en redes sociales un falso v\u00eddeo sobre material sanitario<\/em><\/h2>\n<\/div>\n<section class=\"share-bar | border_bottom border_5\">\n<div class=\"content | border_bottom border_1 padding_bottom flex\n          justify_space_between relative\"><\/p>\n<div>\u00a0<\/div>\n<div class=\"flex container_row social-icons  horizontal  \">Por \u00d3SCAR L\u00d3PEZ-FONSECA<\/div>\n<div>6\/04\/2020<\/div>\n<div><a href=\"https:\/\/elpais.com\/espana\/2020-04-06\/unidas-podemos-pide-a-la-fiscalia-investigar-a-una-organizacion-criminal-que-difunde-ciberbulos-contra-el-gobierno.html\" target=\"_blank\" rel=\"noopener noreferrer\">EL PAIS\u00a0<\/a><\/div>\n<div>\u00a0<\/div>\n<\/div>\n<\/section>\n<figure id=\"attachment_28627\" aria-describedby=\"caption-attachment-28627\" style=\"width: 678px\" class=\"wp-caption aligncenter\"><img loading=\"lazy\" decoding=\"async\" class=\"wp-image-28627 size-mh-magazine-content\" src=\"https:\/\/puntocritico.com\/ausajpuntocritico\/wp-content\/uploads\/2020\/04\/ATAUDES-NAUFRAGIO-LAMPEDUSA-2013-678x381.jpg\" alt=\"\" width=\"678\" height=\"381\" data-id=\"28627\" \/><figcaption id=\"caption-attachment-28627\" class=\"wp-caption-text\"><span style=\"color: #008000;\">Imagen de ata\u00fades de un naufragio en la isla de Lampedusa (Italia) en 2013 que ha sido utilizada ahora en un ciberbulo sobre el coronavirus. EFE<\/span><\/figcaption><\/figure>\n<p>&nbsp;<\/p>\n<p class=\"\" style=\"text-align: justify;\"><span style=\"font-size: 14pt; font-family: tahoma, arial, helvetica, sans-serif;\">El grupo parlamentario de Unidas Podemos ha registrado este lunes en la Fiscal\u00eda General del Estado una denuncia para que se investigue<a href=\"https:\/\/elpais.com\/noticias\/covid-19\/\" target=\"_blank\" rel=\"noopener noreferrer\" data-link-track-dtm=\"\">\u00a0la existencia de una supuesta \u201corganizaci\u00f3n criminal\u201d<\/a>\u00a0que en los \u00faltimos d\u00edas est\u00e1 elaborando y difundiendo a trav\u00e9s de las redes sociales y de aplicaciones de mensajer\u00eda instant\u00e1nea diversos ciberbulos sobre la pandemia del coronavirus. El escrito cita dos casos concretos en los que aparecen diversas im\u00e1genes con ata\u00fades y cad\u00e1veres en bolsas que se sit\u00faan falsamente en Espa\u00f1a, ya que en realidad fueron tomadas en Italia y Ecuador. La coalici\u00f3n pide actuar contra los responsables de ambos mensajes por la supuesta comisi\u00f3n de los delitos de simulaci\u00f3n de peligro, calumnias e injurias a altas instituciones del Estado y organizaci\u00f3n criminal. El pasado jueves, el grupo parlamentario ya formaliz\u00f3\u00a0<a href=\"https:\/\/elpais.com\/espana\/2020-04-02\/unidas-podemos-denuncia-a-un-policia-por-difundir-un-ciberbulo-sobre-el-coronavirus.html\" target=\"_blank\" rel=\"noopener noreferrer\" data-link-track-dtm=\"\">una denuncia por un hecho similar<\/a>, en este caso contra un polic\u00eda en activo y un empleado municipal de un ayuntamiento onubense que difundieron un falso v\u00eddeo sobre material sanitario.<\/span><\/p>\n<div id=\"elpais_gpt-INTEXT\" style=\"text-align: justify;\" data-google-query-id=\"COKpj7fv4OgCFcLgGwodvvUP8Q\">\n<div id=\"google_ads_iframe_7811748\/elpais_web\/politica\/intext_0__container__\"><span style=\"font-size: 14pt; font-family: tahoma, arial, helvetica, sans-serif;\">La denuncia de este lunes, que firman los diputados Enrique Santiago y Martina Velarde, reclama a la Fiscal\u00eda que inicie \u201clas acciones penales que pudieran corresponder\u201d contra los integrantes de lo que califican una \u00abestructura organizada con el fin exclusivo de difundir graves infundios y falsedades a sabiendas, mentiras que buscan causar alarma social, desestabilizar la situaci\u00f3n pol\u00edtica y debilitar la actuaci\u00f3n de las instituciones del Estado\u201d. El texto pone como primer ejemplo de esa actividad la difusi\u00f3n de unas fotograf\u00edas que muestran decenas de ata\u00fades en un inmenso almac\u00e9n junto al emblema del PSOE y una ilustraci\u00f3n de un virus, junto al texto: \u201cLa foto por la que est\u00e1n investigando a decenas de polic\u00edas y sanitarios\u201d.<\/span><\/div>\n<\/div>\n<div id=\"hybs-mslot-3472-0\" class=\"hybs-mslot\" style=\"text-align: justify;\">\u00a0<\/div>\n<div id=\"wmass~5169899999164045\" style=\"text-align: justify;\">\n<div id=\"jw-6404564045\"><span style=\"font-size: 14pt; font-family: tahoma, arial, helvetica, sans-serif;\">\u00abLa fotograf\u00eda pretende dar a entender que las decenas de ata\u00fades contienen muertos ocasionados en Espa\u00f1a por la Covid-19, y que esta realidad se pretende esconder por el principal partido del Gobierno de Espa\u00f1a para generar as\u00ed indignaci\u00f3n social mediante la utilizaci\u00f3n de personas fallecidas\u201d, se\u00f1alan los denunciantes. Estos detallan que la imagen corresponde, en realidad, a personas fallecidas en el naufragio de un barco de inmigrantes irregulares sucedido cerca de la isla de Lampedusa en octubre de 2013. \u00abLas fotograf\u00edas no han sido manipuladas, pero se corresponden a otra \u00e9poca, lugar e incidente, extremos que se falsean en las infograf\u00edas denunciadas\u201d, recalcan los denunciantes.<\/span><\/div>\n<\/div>\n<p class=\"\" style=\"text-align: justify;\"><span style=\"font-size: 14pt; font-family: tahoma, arial, helvetica, sans-serif;\">La denuncia admite que se desconoce qui\u00e9nes son los autores del montaje, pero s\u00ed se\u00f1alan a un usuario de Twitter que se define en su cuenta como \u201crazonable y espa\u00f1ol&#8230; O sea, de Vox\u201d y que adjunt\u00f3 la imagen en su contestaci\u00f3n a un tuit de Pablo Echenique, portavoz en el Congreso de Unidas Podemos, junto al mensaje: \u201c\u00bfEsperabais aplausos para el Gobierno? No lo tendr\u00e9is #GobiernoDimisi\u00f3n\u201d. La coalici\u00f3n considera que esta afirmaci\u00f3n y el uso del\u00a0<i>hashtag\u00a0<\/i>ponen de manifiesto la supuesta participaci\u00f3n del este usuario \u00aben la puesta en pr\u00e1ctica de la campa\u00f1a de difusi\u00f3n de este bulo o\u00a0<i>fake news<\/i>\u201d.<\/span><\/p>\n<p class=\"\" style=\"text-align: justify;\"><span style=\"font-size: 14pt; font-family: tahoma, arial, helvetica, sans-serif;\">El segundo ciberbulo denunciado es un v\u00eddeo en el que aparecen decenas de bolsas que contienen cad\u00e1veres hacinados supuestamente en el hospital madrile\u00f1o Ram\u00f3n y Cajal. Las im\u00e1genes fueron enviadas de manera masiva a trav\u00e9s de la aplicaci\u00f3n de mensajer\u00eda instant\u00e1nea WhatsApp junto al texto: \u201cQuieres ver la realidad que te oculta el Gobierno? Pues es esta. Grabado hoy con c\u00e1mara en el Hospital Ram\u00f3n y Cajal de Madrid. NO SON 1000 MUERTOS DIARIOS. SON MUCHOS M\u00c1S. Tirados por el suelo, en bolsas, como perros\u201d.<\/span><\/p>\n<p class=\"\" style=\"text-align: justify;\"><span style=\"font-size: 14pt; font-family: tahoma, arial, helvetica, sans-serif;\">El centro sanitario desminti\u00f3 poco despu\u00e9s que las im\u00e1genes correspondieran a sus instalaciones, pese a lo cual el ciberbulo sigui\u00f3 difundi\u00e9ndose, a veces localizando el lugar donde hab\u00edan sido tomadas las im\u00e1genes en otros centros, entre ellos el Hospital Parc Tauli, de Sabadell (Barcelona); el Hospital del Mar, de Barcelona, y el Hospital Severo Ochoa, de Legan\u00e9s (Madrid). En realidad, el v\u00eddeo fue grabado en un hospital de Guayaquil (Ecuador). En su denuncia, Unidas Podemos destaca que todos los hospitales espa\u00f1oles que fueron se\u00f1alados por el ciberbulo se vieron obligados a \u201crealizar una investigaci\u00f3n y desmentir que se tratase de sus instalaciones\u201d, lo que la coalici\u00f3n considera que supuso un perjuicio para las actividades de los centros m\u00e9dicos en plena crisis sanitaria por la Covid-19 al tener que desviar recursos para esto.<\/span><\/p>\n<p class=\"\" style=\"text-align: justify;\"><span style=\"font-size: 14pt; font-family: tahoma, arial, helvetica, sans-serif;\">Por todo ello, la coalici\u00f3n considera que detr\u00e1s de estas\u00a0<i>fake news<\/i>\u00a0hay una \u201cestructura integrada por distintas personas concertadas, con distintas tareas repartidas, con el \u00fanico fin de difundir masivamente falsas noticias, cambiando alg\u00fan contenido de la informaci\u00f3n difundida tan pronto uno de estos contenidos ha sido desmentido eficaz y p\u00fablicamente\u201d. Los diputados de Unidas Podemos detallan que el objetivo de esta supuesta organizaci\u00f3n criminal no es otro que \u201ccausar una injustificada alarma social, acusando directamente al Gobierno de ocultar informaci\u00f3n a la poblaci\u00f3n, de ser incapaz de gestionar la crisis sanitaria, de desatender a enfermos, a fallecidos y de ocultar informaci\u00f3n a los familiares de estos \u00faltimos\u201d.<\/span><\/p>\n<h2 style=\"text-align: center;\"><span style=\"font-size: 14pt; color: #008000;\">\u2666\u2666\u2666\u2666\u2666<\/span><\/h2>\n<p>&nbsp;<\/p>\n<p><img loading=\"lazy\" decoding=\"async\" class=\"aligncenter wp-image-49644 size-mh-magazine-content\" src=\"https:\/\/puntocritico.com\/ausajpuntocritico\/wp-content\/uploads\/2020\/04\/estado-de-alarma-en-espana-que-se-puede-y-que-no-hasta-frenar-al-coronavirus-678x381.jpg\" alt=\"\" width=\"678\" height=\"381\" data-id=\"49644\" \/><\/p>\n<div class=\"css-1vkm6nb ehdk2mb0\">\n<h1 style=\"text-align: center;\">\u00a0<span style=\"font-size: 14pt; color: #008000;\">\u2666\u2666\u2666\u2666\u2666<\/span><\/h1>\n<p>&nbsp;<\/p>\n<h1 id=\"link-1708f79a\" class=\"css-1qskr30 e1h9rw200\" style=\"text-align: center;\"><a id=\"ref6\"><\/a><a href=\"#ref6a\">[6]<\/a> Para derrotar al virus autoritario<\/h1>\n<\/div>\n<p id=\"article-summary\" class=\"css-ns7wfp e1wiw3jv0\" style=\"text-align: center;\"><em><span style=\"font-size: 18pt;\">El coronavirus traer\u00e1 profundas consecuencias pol\u00edticas de las que debemos estar atentos. Ser\u00eda una tragedia si la v\u00edctima m\u00e1s importante de esta crisis fueran los sistemas democr\u00e1ticos.<\/span><\/em><\/p>\n<h2>\u00a0<\/h2>\n<p>Por Kevin Casas Z.\u00a0<\/p>\n<p>6\/04\/2020<\/p>\n<p><a href=\"https:\/\/www.nytimes.com\/es\/2020\/04\/06\/espanol\/opinion\/coronavirus-democracia.html\" target=\"_blank\" rel=\"noopener noreferrer\">New York Times\u00a0<\/a><\/p>\n<h2>\u00a0<\/h2>\n<div class=\"css-1fanzo5 StoryBodyCompanionColumn\">\n<div class=\"css-53u6y8\">\n<p class=\"css-exrw3m evys1bk0\" style=\"text-align: justify;\"><span style=\"font-size: 14pt; font-family: tahoma, arial, helvetica, sans-serif;\">ESTOCOLMO \u2014 La pandemia de la\u00a0<a class=\"css-1g7m0tk\" title=\"\" href=\"https:\/\/www.nytimes.com\/es\/spotlight\/coronavirus\" target=\"_blank\" rel=\"noopener\">COVID-19<\/a>\u00a0traer\u00e1 profundas consecuencias pol\u00edticas. Para quienes nos preocupamos por la democracia, el desaf\u00edo es perentorio. Ser\u00eda una tragedia si la v\u00edctima m\u00e1s importante del virus fueran los sistemas democr\u00e1ticos.<\/span><\/p>\n<p class=\"css-exrw3m evys1bk0\" style=\"text-align: justify;\"><span style=\"font-size: 14pt; font-family: tahoma, arial, helvetica, sans-serif;\">Para evitarlo debemos estar conscientes de los riesgos que enfrenta la democracia como resultado de esta crisis y de la importancia de fortalecer las capacidades del Estado como una forma de proteger su futuro. En este trance oscuro, debemos\u00a0<a class=\"css-1g7m0tk\" title=\"\" href=\"https:\/\/www.nytimes.com\/article\/flatten-curve-coronavirus.html\" target=\"_blank\" rel=\"noopener\">combatir el virus<\/a>\u00a0como si la democracia no importara y proteger la democracia como si el virus no importara. No hay garant\u00eda de \u00e9xito. Pero tenemos la obligaci\u00f3n de intentarlo.<\/span><\/p>\n<p class=\"css-exrw3m evys1bk0\" style=\"text-align: justify;\"><span style=\"font-size: 14pt; font-family: tahoma, arial, helvetica, sans-serif;\">Los riesgos empiezan con la geopol\u00edtica. La desastrosa respuesta del gobierno norteamericano a la emergencia ha\u00a0<a class=\"css-1g7m0tk\" title=\"\" href=\"https:\/\/www.theatlantic.com\/ideas\/archive\/2020\/03\/coronavirus-showed-america-wasnt-task\/608023\/\" target=\"_blank\" rel=\"noopener noreferrer\">desnudado a Estados Unidos<\/a>. Si bien la trayectoria del apoyo de ese pa\u00eds a la democracia no siempre fue rectil\u00ednea, es claro que el avance global de la causa democr\u00e1tica durante los \u00faltimos 70 a\u00f1os estuvo relacionado con el predominio global de Estados Unidos, un pa\u00eds con una notoria inclinaci\u00f3n a imponer sus convicciones e instituciones pol\u00edticas a otros. Cuando el polvo de este episodio se asiente, amaneceremos en un mundo en que, muy probablemente, el actor dominante no ser\u00e1 ya una democracia. Con China al mando, promover el credo democr\u00e1tico ser\u00e1 una tarea m\u00e1s ardua.<\/span><\/p>\n<p>&nbsp;<\/p>\n<figure id=\"attachment_28631\" aria-describedby=\"caption-attachment-28631\" style=\"width: 678px\" class=\"wp-caption aligncenter\"><img loading=\"lazy\" decoding=\"async\" class=\"wp-image-28631 size-mh-magazine-content\" src=\"https:\/\/puntocritico.com\/ausajpuntocritico\/wp-content\/uploads\/2020\/04\/merlin_170976528_49134a0e-5a5b-44a4-8c33-5d1e98f18084-superJumbo-678x381.jpg\" alt=\"\" width=\"678\" height=\"381\" data-id=\"28631\" \/><figcaption id=\"caption-attachment-28631\" class=\"wp-caption-text\"><span style=\"color: #008000;\">Un residente ve c\u00f3mo la polic\u00eda vigila las calles en Guatemala el 25 de marzo.Credit&#8230;Moises<\/span><\/figcaption><\/figure>\n<p>&nbsp;<\/p>\n<p class=\"css-exrw3m evys1bk0\" style=\"text-align: justify;\"><span style=\"font-size: 14pt; font-family: tahoma, arial, helvetica, sans-serif;\">El asedio a la democracia ya empez\u00f3. En las \u00faltimas semanas hemos visto a\u00a0<a class=\"css-1g7m0tk\" title=\"\" href=\"https:\/\/www.nytimes.com\/es\/2020\/04\/01\/espanol\/coronavirus-decreto-emergencia-autocratas.html?campaign_id=0&amp;emc=edit_bn_20200403&amp;instance_id=0&amp;nl=el-times&amp;regi_id=0&amp;segment_id=0&amp;te=1&amp;user_id=3b624cf051212e611715182fe4595b49\" target=\"_blank\" rel=\"noopener\">Viktor Orb\u00e1n<\/a>\u00a0en Hungr\u00eda extender sin fecha de caducidad el estado de emergencia para enfrentar el virus. El Departamento de Justicia del gobierno de Donald Trump ha solicitado al Congreso de Estados Unidos poderes para pedir a los jueces detener indefinidamente a las personas durante una emergencia. En El Salvador, Nayib Bukele logr\u00f3 la\u00a0<a class=\"css-1g7m0tk\" title=\"\" href=\"https:\/\/www.elsalvador.com\/eldiariodehoy\/estado-de-excepcion-coronavirus-asamblea-nueva-ley-prorroga-15dias\/701052\/2020\/\" target=\"_blank\" rel=\"noopener noreferrer\">aprobaci\u00f3n de una legislaci\u00f3n<\/a>\u00a0para suspender temporalmente la protecci\u00f3n constitucional de algunos derechos fundamentales. La lista sigue y es larga.<\/span><\/p>\n<\/div>\n<\/div>\n<div class=\"css-1fanzo5 StoryBodyCompanionColumn\" style=\"text-align: justify;\">\n<div class=\"css-53u6y8\">\n<p class=\"css-exrw3m evys1bk0\"><span style=\"font-size: 14pt; font-family: tahoma, arial, helvetica, sans-serif;\">Ser\u00eda necio negar a los gobiernos la potestad de limitar las libertades \u2014en forma temporal y bajo estricta supervisi\u00f3n de legisladores y jueces\u2014 durante una emergencia. Mi preocupaci\u00f3n es que esto se convierta en la norma en reg\u00edmenes democr\u00e1ticos, no solo porque los l\u00edderes autoritarios lo exijan sino porque una ciudadan\u00eda atemorizada lo consienta.<\/span><\/p>\n<p><span style=\"font-size: 14pt; font-family: tahoma, arial, helvetica, sans-serif;\">En tiempos de gran incertidumbre, la atracci\u00f3n por el abrazo \u201cpaternal\u201d (y es paternal, porque siempre son hombres) de un l\u00edder autoritario puede ser poderosa. No es casual que la expansi\u00f3n global de la democracia haya coincidido con el \u00e9xito de nuestra especie para controlar algunas de las ansiedades m\u00e1s profundas de los seres humanos: la\u00a0<a class=\"css-1g7m0tk\" title=\"\" href=\"https:\/\/www.nytimes.com\/2011\/10\/09\/books\/review\/the-better-angels-of-our-nature-by-steven-pinker-book-review.html\" target=\"_blank\" rel=\"noopener\">enfermedad, la pobreza y la violencia<\/a>. Las probabilidades de supervivencia para la democracia son mejores cuando logra disminuir la incertidumbre social a niveles manejables. Por ello, tener instituciones de bienestar robustas, un Estado de derecho digno de ese nombre y pr\u00e1cticas sostenidas de prudencia fiscal resulta decisivo.<\/span><\/p>\n<\/div>\n<\/div>\n<div class=\"css-1fanzo5 StoryBodyCompanionColumn\" style=\"text-align: justify;\">\n<div class=\"css-53u6y8\">\n<p class=\"css-exrw3m evys1bk0\"><span style=\"font-size: 14pt; font-family: tahoma, arial, helvetica, sans-serif;\">Bien sabemos que quien sacrifica la libertad en el altar de la seguridad termina perdiendo ambas, como lo advirti\u00f3 Benjamin Franklin. Esto no es simplemente una profesi\u00f3n de fe, sino un juicio pr\u00e1ctico. Qu\u00e9 explica que las hambrunas nunca ocurran en una democracia,\u00a0<a class=\"css-1g7m0tk\" title=\"\" href=\"https:\/\/www.uio.no\/studier\/emner\/matnat\/ifi\/INF9200\/v10\/readings\/papers\/Sen.pdf\" target=\"_blank\" rel=\"noopener noreferrer\">pregunt\u00f3 el economista Amartya Sen<\/a>. La respuesta es que la libertad de expresi\u00f3n y la acci\u00f3n colectiva son poderosas salvaguardas en casos de emergencia. Son estas pr\u00e1cticas democr\u00e1ticas las que hacen m\u00e1s probable que circule informaci\u00f3n vital y que las pol\u00edticas err\u00f3neas puedan ser enmendadas. El actual ejemplo de Estados Unidos sugiere que estas protecciones no son a prueba de todo. Empero, aceptar el control autoritario del espacio c\u00edvico sin duda nos har\u00e1 m\u00e1s vulnerables ante el siguiente desastre.<\/span><\/p>\n<p class=\"css-exrw3m evys1bk0\"><span style=\"font-size: 14pt; font-family: tahoma, arial, helvetica, sans-serif;\">Como lo muestra el\u00a0<a class=\"css-1g7m0tk\" title=\"\" href=\"https:\/\/www.idea.int\/publications\/catalogue\/global-state-of-democracy-2019\" target=\"_blank\" rel=\"noopener noreferrer\">Informe global sobre el estado de la democracia 2019<\/a>\u00a0de IDEA Internacional, la libertad de expresi\u00f3n y la capacidad de actuar de la sociedad civil enfrentan m\u00faltiples amenazas en todo el mundo. Si nos preocupa nuestra seguridad, he aqu\u00ed otra pandemia que es preciso vencer.<\/span><\/p>\n<\/div>\n<\/div>\n<div class=\"css-1fanzo5 StoryBodyCompanionColumn\">\n<div class=\"css-53u6y8\">\n<p class=\"css-exrw3m evys1bk0\" style=\"text-align: justify;\"><span style=\"font-size: 14pt; font-family: tahoma, arial, helvetica, sans-serif;\">La respuesta a esta crisis no debe ser vista como una competencia entre democracias y sistemas autoritarios. Algunos gobiernos \u2014particularmente el de China\u2014 desean que se perciba as\u00ed. En realidad, la pregunta relevante est\u00e1 anclada en la distinci\u00f3n que el polit\u00f3logo Samuel Huntington\u00a0<a class=\"css-1g7m0tk\" title=\"\" href=\"https:\/\/www.jstor.org\/stable\/j.ctt1cc2m34\" target=\"_blank\" rel=\"noopener noreferrer\">postul\u00f3 hace tiempo<\/a>: en esta situaci\u00f3n,\u00a0<em class=\"css-2fg4z9 e1gzwzxm0\">cu\u00e1l\u00a0<\/em>tipo<em class=\"css-2fg4z9 e1gzwzxm0\">\u00a0<\/em>de gobierno tiene un pa\u00eds importa menos que\u00a0<em class=\"css-2fg4z9 e1gzwzxm0\">cu\u00e1nto<\/em>\u00a0gobierno tenga, entendiendo por ello la capacidad de sus instituciones para actuar eficazmente.<\/span><\/p>\n<p>&nbsp;<\/p>\n<figure id=\"attachment_28630\" aria-describedby=\"caption-attachment-28630\" style=\"width: 678px\" class=\"wp-caption aligncenter\"><img loading=\"lazy\" decoding=\"async\" class=\"wp-image-28630 size-mh-magazine-content\" src=\"https:\/\/puntocritico.com\/ausajpuntocritico\/wp-content\/uploads\/2020\/04\/merlin_171266001_7aa91025-0637-4a29-86bc-973f5897c915-superJumbo-678x381.jpg\" alt=\"\" width=\"678\" height=\"381\" data-id=\"28630\" \/><figcaption id=\"caption-attachment-28630\" class=\"wp-caption-text\"><span style=\"color: #008000;\">Soldados del ej\u00e9rcito peruano vigilan las calles en Lima el 3 de abril de 2020.Credit&#8230;Rodrigo<\/span><\/figcaption><\/figure>\n<p>&nbsp;<\/p>\n<p class=\"css-exrw3m evys1bk0\" style=\"text-align: justify;\"><span style=\"font-size: 14pt; font-family: tahoma, arial, helvetica, sans-serif;\">Existen sistemas autoritarios donde el Estado tiene alta capacidad (China, Singapur) y otros con calamitosos niveles de eficacia (<a class=\"css-1g7m0tk\" title=\"\" href=\"https:\/\/www.nytimes.com\/es\/2020\/03\/22\/espanol\/opinion\/coronavirus-venezuela.html\" target=\"_blank\" rel=\"noopener\">Venezuela<\/a>), as\u00ed como existen democracias con alta capacidad estatal (Corea del Sur, Alemania) y otras donde esta \u00faltima es baja (casi toda Am\u00e9rica Latina). Esta es una de las razones por las cuales los pa\u00edses del norte de Europa muy probablemente enfrenten esta crisis mejor que los pa\u00edses del sur de Europa, y por qu\u00e9 Uruguay, Chile y Costa Rica lo pueden hacer mejor que sus vecinos latinoamericanos.<\/span><\/p>\n<p class=\"css-exrw3m evys1bk0\" style=\"text-align: justify;\"><span style=\"font-size: 14pt; font-family: tahoma, arial, helvetica, sans-serif;\">Lejos de optar por el sofocante abrazo autoritario, lo que urge es adoptar medidas, compatibles con la democracia, que doten a los sistemas pol\u00edticos y las instituciones de mayor efectividad para proveer bienes y servicios p\u00fablicos, administrar la incertidumbre y enfrentar las crisis.<\/span><\/p>\n<p class=\"css-exrw3m evys1bk0\" style=\"text-align: justify;\"><span style=\"font-size: 14pt; font-family: tahoma, arial, helvetica, sans-serif;\">No se trata de renunciar a las libertades fundamentales, sino de preparar a las democracias para responder a las demandas de la ciudadan\u00eda.<\/span><\/p>\n<p class=\"css-exrw3m evys1bk0\" style=\"text-align: justify;\"><span style=\"font-size: 14pt; font-family: tahoma, arial, helvetica, sans-serif;\">El futuro de la democracia, particularmente en Am\u00e9rica Latina, depende de emprender reformas para facilitar la toma y ejecuci\u00f3n de decisiones, la coordinaci\u00f3n entre instituciones y el fortalecimiento de la gerencia p\u00fablica. Depende, tambi\u00e9n, de acometer la perenne asignatura pendiente de la regi\u00f3n: la creaci\u00f3n de sistemas tributarios robustos y progresivos, combinados con reglas para preservar los balances fiscales. Y requiere, sobre todo, de detener la\u00a0<a class=\"css-1g7m0tk\" title=\"\" href=\"https:\/\/www.nytimes.com\/es\/2019\/07\/26\/espanol\/opinion\/financiamiento-campanas.html\" target=\"_blank\" rel=\"noopener\">marea de corrupci\u00f3n<\/a>\u00a0que ahoga a nuestras instituciones pol\u00edticas. Sin ello, no hay forma de generar la confianza ciudadana que define a los Estados eficaces y resulta indispensable en una crisis, como la que enfrentamos ahora. Esta agenda es la mejor vacuna contra el virus autoritario que hoy acecha al mundo.<\/span><\/p>\n<p class=\"css-jwz2nf etfikam0\">Kevin Casas es secretario general del Instituto Internacional para la Democracia y la Asistencia Electoral (IDEA Internacional), con sede en Estocolmo.<\/p>\n<\/div>\n<\/div>\n<p style=\"text-align: center;\"><span style=\"font-size: 14pt; color: #008000;\">\u2666\u2666\u2666\u2666\u2666<\/span><\/p>\n<p>&nbsp;<\/p>\n<p><img loading=\"lazy\" decoding=\"async\" class=\"aligncenter wp-image-28600 size-full\" src=\"https:\/\/puntocritico.com\/ausajpuntocritico\/wp-content\/uploads\/2020\/04\/CORONAVIRUS-son-NAZIS-Denunciaros-los-unos-a-los-otros.jpg\" alt=\"\" width=\"674\" height=\"617\" data-id=\"28600\" srcset=\"https:\/\/puntocritico.com\/ausajpuntocritico\/wp-content\/uploads\/2020\/04\/CORONAVIRUS-son-NAZIS-Denunciaros-los-unos-a-los-otros.jpg 674w, https:\/\/puntocritico.com\/ausajpuntocritico\/wp-content\/uploads\/2020\/04\/CORONAVIRUS-son-NAZIS-Denunciaros-los-unos-a-los-otros-300x275.jpg 300w\" sizes=\"auto, (max-width: 674px) 100vw, 674px\" \/><\/p>\n<h2>\u00a0<\/h2>\n<h2 style=\"text-align: center;\"><span style=\"font-size: 14pt; color: #008000;\">\u2666\u2666\u2666\u2666\u2666<\/span><\/h2>\n<p>&nbsp;<\/p>\n<h2 style=\"text-align: center;\"><span style=\"font-size: 24pt;\"><strong><a id=\"ref7\"><\/a><a href=\"#ref7a\">[7]\u00a0<\/a> PACTO O ESCLAVITUD<\/strong><\/span><\/h2>\n<p><a href=\"https:\/\/josepmfericgla.org\/blog\/2020\/03\/30\/articulo\/\" target=\"_blank\" rel=\"noopener\"><strong>Dr. Josep M\u00aa Fericgla<\/strong><\/a><\/p>\n<p style=\"text-align: center;\">\u2014I\u2014<\/p>\n<p style=\"text-align: justify;\"><span style=\"font-size: 14pt; font-family: tahoma, arial, helvetica, sans-serif;\">La mitad de la humanidad est\u00e1 hoy confinada en casa, prohibido salir. Es algo que todos sabemos. Tremenda e ins\u00f3lita situaci\u00f3n impuesta y controlada por numerosos gobiernos del mundo. S\u00ed, el motivo parece sanitaria y cient\u00edficamente justificado, no voy a discutirlo ni intentar evaluar si es la mejor medida o si se est\u00e1 aplicando bien o mal. No obstante, no escapa a ninguna mirada perspicaz la abrumadora maniobra internacional que subyace en el confinamiento, los miles de millones de euros que est\u00e1 ganando la industria farmac\u00e9utica y las leyes que se est\u00e1n aprobando para reducir a un m\u00ednimo insospechable la libertad de la sociedad.<\/span><\/p>\n<p style=\"text-align: justify;\"><span style=\"font-size: 14pt; font-family: tahoma, arial, helvetica, sans-serif;\">El hecho observable es que, a d\u00eda de hoy, en m\u00e1s de la mitad de los 194 pa\u00edses reconocidos que hay en el mundo, m\u00e1s de 3.000 millones de personas permanecen encerradas en su hogar a causa de la presunta pandemia. Como es natural, no se mantiene el confinamiento con igual severidad en todas partes. En Latinoam\u00e9rica, hay pa\u00edses (Argentina, Ecuador, Colombia\u2026) que han decretado la reclusi\u00f3n total de la poblaci\u00f3n, mientras que otros (Honduras, Per\u00fa, Guatemala\u2026) han decretado un cierto toque de queda prolongado. En los pa\u00edses musulmanes, m\u00e1s radicales en su pr\u00e1ctica religiosa que la cristiandad, el confinamiento es dif\u00edcil ya que resulta complicado impedir que los fieles se re\u00fanan en las mezquitas y que, con ello, probablemente se expanda la infecci\u00f3n v\u00edrica. Estos d\u00edas se escuchan o leen en la prensa frases tipo: \u00abNo creemos en el coronavirus, creemos en Al\u00e1. Pase lo que pase, viene de Al\u00e1\u00bb, a la vez que se ven im\u00e1genes de multitudes congregadas para el rezo semanal \u2014por ejemplo, en Islamabad, capital del Pakist\u00e1n\u2014, que contrastan con el perfil del papa Francisco, el viernes pasado, rezando en solitario frente a la gigantesca plaza de San Pedro del Vaticano completamente desierta. Por su lado y tras la visita de Trump, la India ha decretado el confinamiento de sus 1.300 millones de habitantes durante 21 d\u00edas, medida imposible de aplicar en este gigantesco subcontinente.<\/span><\/p>\n<p style=\"text-align: justify;\"><span style=\"font-size: 14pt; font-family: tahoma, arial, helvetica, sans-serif;\">La humanidad est\u00e1 \u2014estamos\u2014\u00a0 atravesando un momento \u00fanico, no en cuanto a la pandemia que no es ni la primera ni la segunda que puede diezmar el n\u00famero de seres humanos, sino por la globalidad, por la unidad de acci\u00f3n de la mayor\u00eda de gobiernos, por el estricto control de los Estados sobre las personas. La Uni\u00f3n Europea, sin la menor consulta, ha dado luz verde a algo contra lo que nos oponemos con fuerza y desde hace tiempo los defensores de la libertad individual: que los gobiernos controlen el movimiento de cada persona a trav\u00e9s de su tel\u00e9fono m\u00f3vil. La \u00fanica manera de no poder ser hoy ubicado es extrayendo la bater\u00eda del terminal ya que, aunque se apague, desde \u201cla central\u201d es posible activar los terminales y localizarnos territorialmente. Esto implica que los gobiernos pueden saber en todo momento d\u00f3nde y en compa\u00f1\u00eda de qui\u00e9n est\u00e1 cada habitante del pa\u00eds. Si a eso a\u00f1adimos la informaci\u00f3n que emiten los casi siempre absurdos dispositivos de control corporal, los\u00a0<em>weareables,<\/em>que tantos millones de personas se colocan voluntariamente sobre su cuerpo\u00a0 \u2014para saber el ritmo card\u00edaco, presi\u00f3n arterial, estado de \u00e1nimo, la calidad de su sue\u00f1o, sudoraci\u00f3n, las calor\u00edas que ingiere, los pasos que ha dado a lo largo del d\u00eda\u2026 como si no fuera suficiente y m\u00e1s sano aprender a escuchar el propio cuerpo\u2014, y adem\u00e1s a\u00f1adimos las c\u00e1maras de reconocimiento facial\u00a0 \u2014en China hay millones distribuidas por las calles identificando a cada persona, grabando qu\u00e9 hace y c\u00f3mo se comporta, y luego el gobierno gratifica o sanciona al sujeto seg\u00fan su inter\u00e9s pol\u00edtico del momento; y en Occidente la gente se somete voluntariamente a tal control al comprar tel\u00e9fonos m\u00f3viles con el dispositivo de reconocimiento facial, resulta que con todo ello tenemos el c\u00edrculo cerrado. El control casi absoluto de nuestra vida externa e interna. Por medio del tel\u00e9fono el Estado puede saber d\u00f3nde y con qui\u00e9n estamos, y por medio de las pulseras y otros dispositivos de control corporal puede saber casi, casi, c\u00f3mo se siente y qu\u00e9 pasa por el mundo interior de cada persona. Por ejemplo, es f\u00e1cil imaginar que tras un discurso del Rey de Espa\u00f1a retransmitido por las redes se registre la tensi\u00f3n arterial de cada persona. Se sabe que cuando estamos iracundos o simplemente disconformes con algo, sube la tensi\u00f3n corporal. As\u00ed de simple ser\u00eda identificar aquellos ciudadanos contrarios al mensaje del Jefe de Estado, localizar su ubicaci\u00f3n inmediata y todo lo que uno pueda imaginar a continuaci\u00f3n.<\/span><\/p>\n<p style=\"text-align: justify;\"><span style=\"font-size: 14pt; font-family: tahoma, arial, helvetica, sans-serif;\">Tales medidas de control extremo se van imponiendo sin la menor discusi\u00f3n ni consulta democr\u00e1tica, y ya no solo en China o Israel. Siempre, eso s\u00ed, con la excusa de frenar la pandemia. Bueno, digamos que hasta podr\u00edamos aceptar temporalmente tales medidas, aunque cada d\u00eda se est\u00e1n levantando m\u00e1s opiniones cr\u00edticas por parte de especialistas. El tema es que tales medidas impuestas y aceptadas en aras de una excepcional situaci\u00f3n de emergencia, hay que decirlo claro, suelen tener la mala costumbre de quedarse instauradas una vez diluida la situaci\u00f3n que ha justificado su imposici\u00f3n. Es el pat\u00e9tico miedo a la libertad que analiz\u00f3 y explic\u00f3 E. Fromm.<\/span><\/p>\n<p style=\"text-align: justify;\"><span style=\"font-size: 14pt; font-family: tahoma, arial, helvetica, sans-serif;\">En la \u00e9poca de declive de la Rep\u00fablica en la Roma cl\u00e1sica, entre el a\u00f1o 509 a.C. y el 27 a.C., cuando Julio C\u00e9sar se autoproclam\u00f3 dictador vitalicio anulando el poder del Senado, el ideario del estado para someter a la poblaci\u00f3n era ofrecer seguridad a cambio de libertad: obedece a Roma y Roma te proteje. Cuando Bruto y el resto de conspiradores, tras asesinar a Julio C\u00e9sar para devolver el poder al Senado, representante de la sociedad, salieron a la calle enarbolando una capucha sobre una lanza, s\u00edmbolo de la libertad restaurada, no encontraron los v\u00edtores del pueblo que esperaban sino una mezcla de caos y miedo. Quiz\u00e1s fue entonces cuando Bruto comprendi\u00f3 que la libertad que \u00e9l ansiaba no puede existir sin la seguridad que garantizaba una figura como el dictador C\u00e9sar.<\/span><\/p>\n<p style=\"text-align: justify;\"><span style=\"font-size: 14pt; font-family: tahoma, arial, helvetica, sans-serif;\">Veinti\u00fan siglos m\u00e1s tarde, el principio sigue vigente y muy agravado. Personalmente y desde hace ya bastantes a\u00f1os, estoy m\u00e1s que saturado (por usar una expresi\u00f3n educada) del mensaje que suena en altavoces y en carteles por todas partes: \u00abPor su seguridad, haga esto o no haga lo otro, pensamos en su seguridad\u00bb, \u00abPor su seguridad cuide sus pertenencias\u00bb, es el mensaje que suena cada pocos minutos en la megafon\u00eda de numerosos aeropuertos. Inevitablemente me despierta el mismo pensamiento: \u201cA los idiotas y a los dormidos les van a robar de todas maneras o van a olvidar su maleta en cualquier rinc\u00f3n, al resto les van inundando sutilmente de miedo\u201d. Un individuo y una sociedad asustados son mucho m\u00e1s f\u00e1ciles de controlar que una sociedad de personas libres, responsables de s\u00ed mismas y, en consecuencia, valientes.<\/span><\/p>\n<p style=\"text-align: justify;\"><span style=\"font-size: 14pt; font-family: tahoma, arial, helvetica, sans-serif;\">Benjam\u00edn Franklin, destacad\u00edsimo cient\u00edfico, pol\u00edtico y fil\u00f3sofo norteamericano del siglo XVIII, propuso este magn\u00edfico lema para el sello de los EEUU: \u00abLa rebeli\u00f3n ante los tiranos es obediencia a Dios\u00bb, y dej\u00f3 dicho algo de total aplicaci\u00f3n actual: aquellos que renuncian a la libertad esencial para comprar un poco de seguridad, no merecen ni la libertad ni la seguridad. Y me acude a la cabeza otro aviso actual\u00edsimo de Franklin que ven\u00eda a decir que no hemos que vender jam\u00e1s nuestra libertad a quien no nos cuenta sus secretos. \u00bfMe cuenta sus secretos el gobierno espa\u00f1ol (o el que sea)? No, todo lo contrario.<\/span><\/p>\n<p style=\"text-align: justify;\">\u00a0<\/p>\n<p style=\"text-align: center;\"><span style=\"font-size: 14pt; font-family: tahoma, arial, helvetica, sans-serif;\">\u2014II\u2014<\/span><\/p>\n<p style=\"text-align: justify;\"><span style=\"font-size: 14pt; font-family: tahoma, arial, helvetica, sans-serif;\">La situaci\u00f3n que estamos viviendo tiene dos asas: puede entenderse como el principio de un pacto mundial hacia una situaci\u00f3n mejor y m\u00e1s solidaria\u00a0 \u2014la cara positiva de la mundializaci\u00f3n\u2014 o como un boquete hacia la oscura y terrible esclavitud que est\u00e1 acechando. Que acabe como un nuevo pacto de toda la humanidad para mejorar la vida o como un oscuro agujero por el que caigamos depender\u00e1 exclusivamente de cada uno de nosotros y de que exista una masa cr\u00edtica suficiente que se decante hacia una salida o acepte sumisa la otra.<\/span><\/p>\n<p style=\"text-align: justify;\"><span style=\"font-size: 14pt; font-family: tahoma, arial, helvetica, sans-serif;\">Si no hay una cantidad m\u00ednima de personas que tomen verdadera consciencia de los factores que han conducido la humanidad hasta aqu\u00ed, que decidan apostar por la libertad en lugar de cederla a cambio de un miserable espejismo de seguridad; si no hay una masa cr\u00edtica que calculo del 3% de la poblaci\u00f3n occidental que renuncie realmente al consumo compulsivo, a almacenar m\u00e1s fortunas explotando a los dem\u00e1s y a la Naturaleza, m\u00e1s dinero del que podr\u00edan gastar en cinco generaciones, si no hay un porcentaje m\u00ednimo de la humanidad que deje de desentenderse de su mundo interno y aprenda a escucharse y respetarse, que recupere la dimensi\u00f3n espiritual, si no se genera este cambio, el camino actual nos conducir\u00e1 hacia el boquete por el que nos hundiremos hacia una nueva forma de esclavitud post-industrial que puede durar entre tres y siete siglos. Los Estados y las corporaciones multinacionales nos acabar\u00e1n de robar el alma.<\/span><\/p>\n<p style=\"text-align: justify;\"><span style=\"font-size: 14pt; font-family: tahoma, arial, helvetica, sans-serif;\">Os invito a dejar de estar todo el d\u00eda viendo las noticias que emiten los medios de comunicaci\u00f3n. Son mensajes que sumergen a la audiencia en un estado emocional negativo, nervioso y desasosegado, sin energ\u00eda vital y con la mente llena de pensamientos pesimistas. Es una buena v\u00eda para caer por el agujero hacia la destrucci\u00f3n.<\/span><\/p>\n<p style=\"text-align: justify;\"><span style=\"font-size: 14pt; font-family: tahoma, arial, helvetica, sans-serif;\">En sentido contrario, si aprovechamos esta oportunidad para dirigir la mirada a nuestro interior, para educar las emociones, para aceptar la vida y la muerte que nos han sido otorgadas, para comprender \u00abqu\u00e9 espera la vida de cada uno de nosotros, qu\u00e9 espera la vida de m\u00ed\u00bb \u2014no \u00abqu\u00e9 espero yo de la vida\u00bb, pensamiento inmaduro y egoc\u00e9ntrico\u2014, si aprovechamos la forzada cuarentena para cuidarnos a nosotros mismos en lugar de esperar que otros se encarguen de nosotros, si cultivamos esta oportunidad inesperada que es la confinaci\u00f3n, la humanidad caminar\u00e1 hacia un nuevo pacto de solidaridad y respeto, no hacia el boquete.<\/span><\/p>\n<p style=\"text-align: justify;\"><span style=\"font-size: 14pt; font-family: tahoma, arial, helvetica, sans-serif;\">Cuidemos nuestro cuerpo como merece y como necesita, no con cuidados de adolescentes narcisistas. Atendamos nuestro hogar con cari\u00f1o y respeto ya que es la proyecci\u00f3n ps\u00edquica inmediata de la persona que lo habita\u00a0 \u2014cada vez que so\u00f1amos con un espacio dom\u00e9stico, imagen que surge del inconsciente con frecuencia, la oscuridad de la mente est\u00e1 indicando algo del propio so\u00f1ante; \u201cen sue\u00f1os, la casa soy yo\u201d, me dijo en cierta ocasi\u00f3n un ind\u00edgena shuar\u2014. En definitiva, los occidentales debemos conectar urgentemente con nuestra espiritualidad real, tanto para curar los tumores cancer\u00edgenos que tanto proliferan, como para acercarnos de nuevo con humildad a la Naturaleza de la que provenimos y a la que pertenecemos. Si cada uno se ocupa honesta y comprometidamente de s\u00ed mismo o de s\u00ed misma, el mundo mejorar\u00e1.<\/span><\/p>\n<p style=\"text-align: justify;\"><span style=\"font-size: 14pt; font-family: tahoma, arial, helvetica, sans-serif;\">Hay un refr\u00e1n oriental que dice: \u00abSi todo el mundo mantuviera limpio el trozo de acera que hay frente a la puerta de su casa, toda la calle estar\u00eda limpia\u00bb porque cuando nos ocupamos de nosotros mismos, tambi\u00e9n nos estamos ocupando de los dem\u00e1s y del universo. Y esto conlleva ocuparnos de la dimensi\u00f3n espiritual. No la perdamos de vista en la crisis que estamos atravesando, ya que tanto si lo invocamos como si no, la divinidad est\u00e1 presente.<\/span><\/p>\n<p style=\"text-align: justify;\">\u00a0<\/p>\n<p style=\"text-align: center;\"><span style=\"font-size: 14pt; font-family: tahoma, arial, helvetica, sans-serif;\">\u2014III\u2014<\/span><\/p>\n<p style=\"text-align: justify;\"><span style=\"font-size: 14pt; font-family: tahoma, arial, helvetica, sans-serif;\">Naturalmente, en nuestra actual situaci\u00f3n hay un dimensi\u00f3n social y pol\u00edtica, y hay otra dimensi\u00f3n psicol\u00f3gica y espiritual. Es imprescindible equilibrarlas. Sin atender el terreno social, se cae en el fanatismo religioso. Sin atender el terreno espiritual, se cae en la depresi\u00f3n y en la falta de sentido de la existencia.<\/span><\/p>\n<p style=\"text-align: justify;\"><span style=\"font-size: 14pt; font-family: tahoma, arial, helvetica, sans-serif;\">Desde hace d\u00edas me surge una duda que llena mi mente: \u00bfEstamos preparados para aprovechar esta crisis? Es la pregunta que no me deja descansar bien por las noches. Creo que algunos lo estamos\u00a0 \u2014sin pensar en la masa\u2014 y tenemos el deber de coger nuestra caja de herramientas y usarlas para la reconstrucci\u00f3n. \u00bfC\u00f3mo hacerlo? \u00bfA qui\u00e9n dirigir la mirada para inspirarnos? \u00bfDe d\u00f3nde sacar un modelo real de espiritualidad pr\u00e1ctica y de resistencia?<\/span><\/p>\n<p style=\"text-align: justify;\"><span style=\"font-size: 14pt; font-family: tahoma, arial, helvetica, sans-serif;\">Los occidentales tenemos mucho que aprender de los pueblos ind\u00edgenas americanos y africanos. Desde hace siglos est\u00e1n siendo objeto de una constante aculturaci\u00f3n con la intenci\u00f3n de occidentalizarlos a cualquier precio, eso cuando no son directamente exterminados, y aun as\u00ed no han dejado de cantar, de encender el fuego de sus ancestros, de divertirse y de resistir la mortal uniformizaci\u00f3n que conlleva la mundializaci\u00f3n. Nuestro patr\u00f3n cultural, debido a la cosmovisi\u00f3n judeo-cristiana que lo impregna, ti\u00f1e de culpabilidad o de perversi\u00f3n todo aquello que sea divertido y alegre, pero estos pueblos ind\u00edgenas consiguen aceptarlo, vivir solidarios y re\u00edr hasta la saciedad sin sentirse culpables por ser felices ni antes ni en este dif\u00edcil momento hist\u00f3rico. Personalmente, cuando me siento saturado por las noticias negativas y por el recuento de muertes por coronavirus, trato de llamar a alguno de mis amigos ind\u00edgenas amaz\u00f3nicos y re\u00edmos un rato, me contagian su capacidad instintiva de divertirse que el occidental medio ha perdido, desgraciadamente para su salud mental. Me ayudan a recordar que estar triste, vivir pre-ocupado y sin vitalidad no sirve de nada. A trav\u00e9s de la alegr\u00eda y del buen humor es como resistimos los pesares, como derrotamos el dolor y como aceptamos las cosas buenas que nos regala el Universo.<\/span><\/p>\n<p style=\"text-align: justify;\"><span style=\"font-size: 14pt; font-family: tahoma, arial, helvetica, sans-serif;\">Por otro lado, cuando pase la tormenta, se abra la puerta principal de nuestras casas y podamos salir de nuevo al mundo, cada uno de nosotros ser\u00e1 una pieza muy importante para la reconstrucci\u00f3n de este nuevo orden. Necesitamos estar bien, estar fuertes, centrados y tener objetivos claros, condiciones para mantener un estado de \u00e1nimo alto, una presencia hermosa, alegre y luminosa. Espero que me entend\u00e1is bien, lo que propongo no tiene nada que ver con la alienaci\u00f3n ni con el autoenga\u00f1o a trav\u00e9s de fantas\u00edas de disneylandia. Es una estrategia de resistencia psicol\u00f3gica y an\u00edmica.<\/span><\/p>\n<p style=\"text-align: justify;\"><span style=\"font-size: 14pt; font-family: tahoma, arial, helvetica, sans-serif;\">En las tradiciones cham\u00e1nicas tanto sur como norteamericanas, siberianas y asi\u00e1ticas, existe un rito inici\u00e1tico que tiene muchas formas culturales pero cuyo fondo es el mismo. Podemos generalizar llam\u00e1ndolo \u00abla b\u00fasqueda de la visi\u00f3n\u00bb, <em>vision quest<\/em>en ingl\u00e9s. El ne\u00f3fito que busca la visi\u00f3n transformadora pasa d\u00edas o semanas deambulando solo por los grandes bosques, sin comida, sin protecci\u00f3n, sin m\u00e1s recursos que las revelaciones de su dimensi\u00f3n inconsciente y espiritual; a veces tomando ayahuasca o peyote, a veces sin m\u00e1s inspiraci\u00f3n que el silencio y la soledad. Si, tras tales sacrificios, consigue atravesar un portal en su mundo interno, si es capaz de romper las resistencias del peque\u00f1o ego y aceptar la grandiosidad de la vida infinita que hay tras el portal, al cham\u00e1n se le desvela una nueva visi\u00f3n de su mundo y del mundo. Se ha enfrentado a sus miedos, a las dificultades de la soledad y ha vencido. Los griegos buscaban la misma transformaci\u00f3n por medio de los ritos mist\u00e9ricos que celebraron durante 2.500 a\u00f1os en los templos de Delfos, Apolo, Lesbos, Samotracia\u2026 La experiencia era conocida por el nombre de<em>Epopteia<\/em>, que viene a significar \u00abla visi\u00f3n transformadora\u00bb, y los adultos que hab\u00edan pasado por tales ritos inici\u00e1ticos eran conocidos y respetados como\u00a0<em>epoptes<\/em>, \u00abel que ha tenido la visi\u00f3n transformadora\u00bb.<\/span><\/p>\n<p style=\"text-align: justify;\"><span style=\"font-size: 14pt; font-family: tahoma, arial, helvetica, sans-serif;\">Os invito aprovechar el tiempo de confinaci\u00f3n forzada para mantenernos en la b\u00fasqueda \u00abde la visi\u00f3n transformadora\u00bb. Cuando se abra la puerta principal, \u00bfqu\u00e9 mundo queremos construir para nosotros y para nuestros hijos? \u00bfQu\u00e9 valores debemos alimentar ahora mismo que nos conduzcan hacia este mundo deseable? De momento, no podemos hacer m\u00e1s que mantener la serenidad en plena tormenta, no hay m\u00e1s. Calm\u00e9monos, meditemos cada d\u00eda y establezcamos una rutina diaria que nos facilite encontrarnos cada d\u00eda con lo sagrado.<\/span><\/p>\n<p style=\"text-align: justify;\"><span style=\"font-size: 14pt; font-family: tahoma, arial, helvetica, sans-serif;\">Las cosas buenas emanan, y cuando uno las necesita no debe salir de casa \u00aba buscar\u00bb, eso es contrario a la naturaleza. Uno sale de casa \u00aba encontrar\u00bb lo que se le ofrezca, no a buscar. Uno sale a encontrar. Buscar es lo que llevamos haciendo durante diecisiete siglos y hasta aqu\u00ed hemos llegado. Lo que ahora mismo emana de nosotros es lo importante y, al margen de demenciales y cuestionables decisiones pol\u00edticas, observo que est\u00e1 brotando una tierna solidaridad, calma, nuevas relaciones interpersonales de m\u00e1s calidad que hasta hace un mes (s\u00ed, solo un mes). Observo que, a una velocidad sorprendente, la Naturaleza est\u00e1 recuperando el terreno perdido. Se est\u00e1n viendo animales silvestres caminando por las calles silenciosas y desiertas de las ciudades, se escucha cantar a los p\u00e1jaros en lugares donde antes de la confinaci\u00f3n era algo desconocido.<\/span><\/p>\n<p style=\"text-align: justify;\"><span style=\"font-size: 14pt; font-family: tahoma, arial, helvetica, sans-serif;\">Si existe una salida para cruzar el portal y crear un nuevo pacto m\u00e1s fraterno en lugar de caer en el boquete oscuro de la esclavitud, \u00e9sta consiste en conectar con nuestra parte natural, respetarla y vivirla, en cantar y re\u00edr, en tener esperanza y amor, en mantener la confianza en uno mismo y en lo Inefable, al que algunos pueblos ind\u00edgenas de Norteam\u00e9rica llaman el Gran Todo. Resistamos con temple las emociones negativas que surgen del estado actual \u2014en especial el miedo, la irritaci\u00f3n y el desasosiego\u2014. Cada uno de nosotros debe tener el br\u00edo necesario para no dejar que la negatividad ocupe todo el espacio mental y conductual, y para poner el foco en c\u00f3mo quiero que sea el mundo al salir del confinamiento. Si somos suficientes, solo el 3% de la sociedad, atravesaremos el portal y pactaremos una nueva visi\u00f3n de la humanidad, una visi\u00f3n mejor para todos, en lugar de caer en el agujero oscuro de la nueva forma de control y esclavitud. Creedme, no es ninguna broma ni exageraci\u00f3n.<\/span><\/p>\n<p style=\"text-align: right;\">Campus Can Benet Vives, 30-III-2020<\/p>\n<p style=\"text-align: center;\"><span style=\"font-size: 14pt; color: #008000;\">\u2666\u2666\u2666\u2666\u2666<\/span><\/p>\n<p>&nbsp;<\/p>\n<p><img loading=\"lazy\" decoding=\"async\" class=\"aligncenter wp-image-49679 size-full\" src=\"https:\/\/puntocritico.com\/ausajpuntocritico\/wp-content\/uploads\/2020\/04\/CORONAVIRU-12.jpg\" alt=\"\" width=\"660\" height=\"440\" data-id=\"49679\" srcset=\"https:\/\/puntocritico.com\/ausajpuntocritico\/wp-content\/uploads\/2020\/04\/CORONAVIRU-12.jpg 660w, https:\/\/puntocritico.com\/ausajpuntocritico\/wp-content\/uploads\/2020\/04\/CORONAVIRU-12-300x200.jpg 300w\" sizes=\"auto, (max-width: 660px) 100vw, 660px\" \/><\/p>\n<section id=\"feature\">\n<header class=\"article-header article-foto_ep\">\n<div class=\"title-wrapp\">\n<div class=\"container\">\n<div class=\"col-md-9\">\n<div class=\"article-title title-foto_ep\">\n<h1>\u00a0<\/h1>\n<h1 style=\"text-align: center;\"><span style=\"font-size: 14pt; color: #008000;\">\u2666\u2666\u2666\u2666\u2666<\/span><\/h1>\n<h1>\u00a0<\/h1>\n<h1 style=\"text-align: center;\"><span style=\"font-size: 24pt;\"><a id=\"ref8\"><\/a><a href=\"#ref8a\">[8]<\/a> La violaci\u00f3n de derechos humanos no es la forma adecuada de enfrentar al coronavirus<\/span><\/h1>\n<\/div>\n<\/div>\n<\/div>\n<\/div>\n<\/header>\n<\/section>\n<section id=\"help\">\n<div class=\"container\">\n<div style=\"text-align: center;\"><em><span style=\"font-size: 18pt;\">Muchas de las acciones que ha tomado el gobierno chino para contener el virus son agresivas y poco eficaces.<\/span><\/em><\/div>\n<div>\u00a0<\/div>\n<\/div>\n<\/section>\n<div class=\"article-author\">\n<div>\u00a0<\/div>\n<div>Por<a href=\"https:\/\/www.letraslibres.com\/autor\/james-g-hodge-jr\" hreflang=\"es\" target=\"_blank\" rel=\"noopener\"> James G. Hodge Jr.\u00a0<\/a> y\u00a0<a href=\"https:\/\/www.letraslibres.com\/autor\/leila-barraza\" hreflang=\"es\" target=\"_blank\" rel=\"noopener\">Leila Barraza<\/a><\/div>\n<\/div>\n<div class=\"timeparent\"><time datetime=\"2020-02-08T18:00:00Z\">08 febrero 2020<\/time><\/div>\n<div class=\"top-article-tools\">\n<div class=\"addthis_toolbox\">\n<div class=\"custom-images\">\u00a0<\/div>\n<div class=\"atclear\"><a href=\"https:\/\/www.letraslibres.com\/mexico\/ciencia-y-tecnologia\/la-violacion-derechos-humanos-no-es-la-forma-adecuada-enfrentar-al-coronavirus\" target=\"_blank\" rel=\"noopener\">LETRAS LIBRES\u00a0<\/a><\/div>\n<\/div>\n<\/div>\n<div class=\"article-text-wrapp\">\u00a0<\/div>\n<p style=\"text-align: justify;\"><span style=\"font-size: 14pt; font-family: tahoma, arial, helvetica, sans-serif;\"><span lang=\"ES-TRAD\" xml:lang=\"ES-TRAD\">Desde su aparici\u00f3n en Wuhan, China, el 31 de diciembre de 2019, el nuevo coronavirus,\u00a0<\/span><span lang=\"ES-TRAD\" xml:lang=\"ES-TRAD\"><a href=\"https:\/\/www.who.int\/emergencies\/diseases\/novel-coronavirus-2019\" target=\"_blank\" rel=\"noopener\">2019-nCoV<\/a><\/span><span lang=\"ES-TRAD\" xml:lang=\"ES-TRAD\">, se ha propagado r\u00e1pidamente, suscitando preocupaci\u00f3n a nivel internacional y llamados a declaratorias de emergencia.<\/span><\/span><\/p>\n<p style=\"text-align: justify;\"><span style=\"font-size: 14pt; font-family: tahoma, arial, helvetica, sans-serif;\"><span lang=\"ES-TRAD\" xml:lang=\"ES-TRAD\">A estas alturas, uno podr\u00eda pensar que el mundo est\u00e1 preparado para una amenaza de este tipo, dado el \u00e9xito en el control del brote anterior de coronavirus que como el\u00a0<\/span><span lang=\"ES-TRAD\" xml:lang=\"ES-TRAD\"><a href=\"https:\/\/www.cdc.gov\/sars\/index.html\" target=\"_blank\" rel=\"noopener\">SARS<\/a><\/span><span lang=\"ES-TRAD\" xml:lang=\"ES-TRAD\">\u00a0(s\u00edndrome respiratorio agudo grave) y el\u00a0<a href=\"https:\/\/www.cdc.gov\/coronavirus\/mers\/index.html\" target=\"_blank\" rel=\"noopener\">MERS<\/a>\u00a0(s\u00edndrome respiratorio de Oriente Medio) desde 2002. Sin embargo, como se\u00f1alan Catharine I. Paules, Hilary D. Marsto y Anthony S. Fauci en el\u00a0<\/span><em><span lang=\"ES-TRAD\" xml:lang=\"ES-TRAD\"><a href=\"https:\/\/jamanetwork.com\/journals\/jama\/fullarticle\/2759815?guestAccessKey=9ffef26a-b2f6-432c-9dd5-b041f6edd8cd&amp;utm_source=silverchair&amp;utm_medium=email&amp;utm_campaign=article_alert-jama&amp;utm_content=olf&amp;utm_term=012320\" target=\"_blank\" rel=\"noopener\">Journal of the American Medical Association<\/a><\/span><\/em><span lang=\"ES-TRAD\" xml:lang=\"ES-TRAD\">, \u201cla aparici\u00f3n de otro nuevo brote de enfermedad en humanos ocasionada por un [coronavirus] \u2026 destaca el desaf\u00edo permanente que representan las nuevas enfermedades infecciosas y la importancia de una preparaci\u00f3n continua\u201d.<\/span><\/span><\/p>\n<p style=\"text-align: justify;\"><span style=\"font-size: 14pt; font-family: tahoma, arial, helvetica, sans-serif;\"><span lang=\"ES-TRAD\" xml:lang=\"ES-TRAD\">Se trata de un desaf\u00edo contempor\u00e1neo aparentemente perdido para la\u00a0<\/span><span lang=\"ES-TRAD\" xml:lang=\"ES-TRAD\"><a href=\"https:\/\/www.who.int\/\" target=\"_blank\" rel=\"noopener\">Organizaci\u00f3n Mundial de la Salud<\/a><\/span><span lang=\"ES-TRAD\" xml:lang=\"ES-TRAD\">, las instituciones del gobierno chino y otras autoridades nacionales. El jueves pasado, despu\u00e9s de evaluar las evidencias disponibles en ese momento, el\u00a0<\/span><span lang=\"ES-TRAD\" xml:lang=\"ES-TRAD\"><a href=\"https:\/\/www.who.int\/news-room\/detail\/23-01-2020-statement-on-the-meeting-of-the-international-health-regulations-(2005)-emergency-committee-regarding-the-outbreak-of-novel-coronavirus-(2019-ncov)\" target=\"_blank\" rel=\"noopener\">Comit\u00e9 de Emergencias de la OMS<\/a><\/span><span lang=\"ES-TRAD\" xml:lang=\"ES-TRAD\">\u00a0vot\u00f3 en contra de la declaratoria de una situaci\u00f3n de posible\u00a0<\/span><span lang=\"ES\" xml:lang=\"ES\">emergencia de salud p\u00fablica de importancia internacional (ESPII)<\/span><span lang=\"ES-TRAD\" xml:lang=\"ES-TRAD\">. La declaratoria de emergencia es m\u00e1s que una postura pol\u00edtica. La PHEIC activa la aplicaci\u00f3n del\u00a0<\/span><span lang=\"ES-TRAD\" xml:lang=\"ES-TRAD\"><a href=\"https:\/\/www.who.int\/ihr\/publications\/9789241596664\/en\/\" target=\"_blank\" rel=\"noopener\">Reglamento Sanitario Internacional\u00a0<\/a><\/span><span lang=\"ES-TRAD\" xml:lang=\"ES-TRAD\">modernizado en 2007, espec\u00edficamente como respuesta a las lecciones que dej\u00f3 el SARS.<\/span><\/span><\/p>\n<p style=\"text-align: justify;\"><span style=\"font-size: 14pt; font-family: tahoma, arial, helvetica, sans-serif;\"><span lang=\"ES-TRAD\" xml:lang=\"ES-TRAD\">El Comit\u00e9 de Emergencias de la OMS tom\u00f3 esta\u00a0<\/span><span lang=\"ES-TRAD\" xml:lang=\"ES-TRAD\"><a href=\"https:\/\/www.who.int\/news-room\/detail\/23-01-2020-statement-on-the-meeting-of-the-international-health-regulations-(2005)-emergency-committee-regarding-the-outbreak-of-novel-coronavirus-(2019-ncov)\" target=\"_blank\" rel=\"noopener\">determinaci\u00f3n<\/a>\u00a0pese a \u201cque se espera que en cualquier pa\u00eds surjan casos de contagio\u201d. Si bien est\u00e1 sujeta a una posterior reconsideraci\u00f3n,\u00a0<\/span><span lang=\"ES-TRAD\" xml:lang=\"ES-TRAD\">su conclusi\u00f3n parece desafortunada ante la r\u00e1pida propagaci\u00f3n de la enfermedad que se transmite entre humanos sin que hasta el momento se haya descubierto una cura, tratamiento vacuna para la misma, y cuyo\u00a0<a href=\"https:\/\/gisanddata.maps.arcgis.com\/apps\/opsdashboard\/index.html#\/bda7594740fd40299423467b48e9ecf6\" target=\"_blank\" rel=\"noopener\">\u00edndice de mortalidad<\/a>\u00a0casi llega al cuatro por ciento.<\/span>\u00a0(<span lang=\"ES\" xml:lang=\"ES\">Nota del editor: El 31 de enero, la OMS reconsider\u00f3 su decisi\u00f3n anterior y declar\u00f3 una emergencia de salud p\u00fablica de importancia internacional (ESPII) ante el brote de 2019-nCoV.)<\/span><\/span><\/p>\n<p style=\"text-align: justify;\"><span lang=\"ES-TRAD\" style=\"font-size: 14pt; font-family: tahoma, arial, helvetica, sans-serif;\" xml:lang=\"ES-TRAD\">Tal vez con la intenci\u00f3n de evitar otra debacle global ocasionada como la que sufrieron por su mal manejo y flagrante tergiversaci\u00f3n de la epidemia de SARS en 2002, las autoridades chinas han intensificado significativamente sus medidas. No obstante, muchas de las acciones emprendidas a la fecha han sido agresivas, infringen los derechos humanos y han resultado insuficientes para controlar esta nueva epidemia.<\/span><\/p>\n<p style=\"text-align: justify;\"><span style=\"font-size: 14pt; font-family: tahoma, arial, helvetica, sans-serif;\"><span lang=\"ES-TRAD\" xml:lang=\"ES-TRAD\">Los funcionarios chinos han creado un \u201c<\/span><span lang=\"ES-TRAD\" xml:lang=\"ES-TRAD\"><a href=\"https:\/\/www.nytimes.com\/2020\/01\/22\/world\/asia\/coronavirus-quarantines-history.html\" target=\"_blank\" rel=\"noopener\">cord\u00f3n sanitario<\/a><\/span><span lang=\"ES-TRAD\" xml:lang=\"ES-TRAD\">\u201d alrededor de Wuhan y otras ciudades que se han identificado como focos de incubaci\u00f3n y contagio del 2019-nCoV. B\u00e1sicamente han bloqueado la salida de m\u00e1s de 35 millones de personas de sus l\u00edmites jurisdiccionales. Al cancelar miles de vuelos, tambi\u00e9n evitan la entrada de extranjeros.<\/span><\/span><\/p>\n<p style=\"text-align: justify;\"><span style=\"font-size: 14pt; font-family: tahoma, arial, helvetica, sans-serif;\"><span lang=\"ES-TRAD\" xml:lang=\"ES-TRAD\">Adem\u00e1s, a las personas atrapadas en Wuhan se les ha restringido el movimiento dentro de sus comunidades. Aquellos que muestran s\u00edntomas de infecci\u00f3n\u00a0<\/span><span lang=\"ES-TRAD\" xml:lang=\"ES-TRAD\"><a href=\"https:\/\/www.nytimes.com\/2020\/01\/23\/world\/asia\/china-coronavirus-outbreak.html\" target=\"_blank\" rel=\"noopener\">inundan los hospitales locales,\u00a0<\/a><\/span><span lang=\"ES-TRAD\" xml:lang=\"ES-TRAD\">donde son procesados y permanecen bajo supervisi\u00f3n. Cientos de personas infectadas se han visto\u00a0<\/span><span lang=\"ES-TRAD\" xml:lang=\"ES-TRAD\"><a href=\"https:\/\/www.express.co.uk\/news\/world\/1231800\/Coronavirus-latest-china-news-quarantine-hospitals-against-will-virus-symptoms\" target=\"_blank\" rel=\"noopener\">sometidas<\/a><\/span><span lang=\"ES-TRAD\" xml:lang=\"ES-TRAD\">\u00a0a un aislamiento forzado. M\u00e1s de una docena de\u00a0<\/span><span lang=\"ES-TRAD\" xml:lang=\"ES-TRAD\"><a href=\"http:\/\/www.cidrap.umn.edu\/news-perspective\/2020\/01\/new-coronavirus-infects-health-workers-spreads-korea\" target=\"_blank\" rel=\"noopener\">trabajadores de la salud\u00a0<\/a><\/span><span lang=\"ES-TRAD\" xml:lang=\"ES-TRAD\">se han infectado al intentar dar tratamiento a los casos confirmados.<\/span><\/span><\/p>\n<p style=\"text-align: justify;\"><span style=\"font-size: 14pt; font-family: tahoma, arial, helvetica, sans-serif;\"><span lang=\"ES-TRAD\" xml:lang=\"ES-TRAD\">Lo peor es que los medios y otras fuentes chinas est\u00e1n\u00a0<\/span><span lang=\"ES-TRAD\" xml:lang=\"ES-TRAD\"><a href=\"https:\/\/www.bbc.com\/news\/world-asia-china-51205074\" target=\"_blank\" rel=\"noopener\">minimizando<\/a><\/span><span lang=\"ES-TRAD\" xml:lang=\"ES-TRAD\">\u00a0la amenaza para la salud p\u00fablica. Recientes\u00a0<\/span><span lang=\"ES-TRAD\" xml:lang=\"ES-TRAD\"><a href=\"https:\/\/www.nytimes.com\/2020\/01\/22\/health\/virus-corona.html\" target=\"_blank\" rel=\"noopener\">transmisiones chinas<\/a><\/span><span lang=\"ES-TRAD\" xml:lang=\"ES-TRAD\">\u00a0han evitado presentar al 2019-nCoV como un riesgo inminente para la poblaci\u00f3n. Las plataformas de redes sociales est\u00e1n ayudando a exponer la informaci\u00f3n que el gobierno pretende ocultar, pero tambi\u00e9n est\u00e1n difundiendo rumores falsos acerca del virus y temores de represalias para quienes no informen de la presencia de s\u00edntomas. Algunos funcionarios chinos han adoptado una postura severa para asegurar el cumplimiento de las medidas de salud p\u00fablica. Una publicaci\u00f3n temporal en una red social de un comit\u00e9 del Partido Comunista anunci\u00f3 que cualquier persona que deliberadamente oculte el contagio de la enfermedad, \u201c<\/span><span lang=\"ES-TRAD\" xml:lang=\"ES-TRAD\"><a href=\"https:\/\/www.nytimes.com\/2020\/01\/21\/world\/asia\/china-coronavirus-wuhan.html\" target=\"_blank\" rel=\"noopener\">permanecer\u00e1 clavado para siempre en la columna de la ignominia<\/a><\/span><span lang=\"ES-TRAD\" xml:lang=\"ES-TRAD\">\u201d.<\/span><\/span><\/p>\n<p style=\"text-align: justify;\"><span style=\"font-size: 14pt; font-family: tahoma, arial, helvetica, sans-serif;\"><span lang=\"ES-TRAD\" xml:lang=\"ES-TRAD\">Otros pa\u00edses est\u00e1n imponiendo restricciones de viaje a los ciudadanos chinos.\u00a0<\/span><span lang=\"ES-TRAD\" xml:lang=\"ES-TRAD\"><a href=\"https:\/\/abcnews.go.com\/Health\/wireStory\/tour-agency-korea-bans-foreign-tourists-virus-68441494\" target=\"_blank\" rel=\"noopener\">Corea<\/a>\u00a0del Norte ya cerr\u00f3 sus fronteras a turistas extranjeros, a pesar de las jugosas ganancias que dejan a su d\u00e9bil econom\u00eda. Bas\u00e1ndose en lo acontecido anteriormente, algunos pa\u00edses no tardar\u00e1n en considerar la posibilidad de restringir los vuelos de llegada y salida de China a pesar de la determinaci\u00f3n de la OMS.<\/span>\u00a0(Nota del editor: Al menos 15 pa\u00edses han impuesto esta clase de restricciones desde la publicaci\u00f3n original de este texto.)<\/span><\/p>\n<p style=\"text-align: justify;\"><span lang=\"ES-TRAD\" style=\"font-size: 14pt; font-family: tahoma, arial, helvetica, sans-serif;\" xml:lang=\"ES-TRAD\">Es comprensible que las nuevas enfermedades infecciosas, como el 2019-nCoV, contribuyan a los temores p\u00fablicos, que luego se ven exacerbados por este tipo de respuestas gubernamentales agresivas. Lo ideal ser\u00eda que las disposiciones sobre salud p\u00fablica se anunciaran con fundamento en hallazgos epidemiol\u00f3gicos espec\u00edficos e intervenciones ya probadas, directamente vinculadas con los riesgos reales sustentados en datos epidemiol\u00f3gicos. Evidentemente, resulta dif\u00edcil aplicar medidas para la salud p\u00fablica cuando los datos disponibles son imprecisos o poco confiables.<\/span><\/p>\n<p style=\"text-align: justify;\"><span style=\"font-size: 14pt; font-family: tahoma, arial, helvetica, sans-serif;\"><span lang=\"ES-TRAD\" xml:lang=\"ES-TRAD\">Por consiguiente, las instituciones internacionales de salud y los gobiernos nacionales o regionales tienden a: 1) Recurrir a decisiones \u201cseguras\u201d para evitar controversias pol\u00edticas (como es el caso de la determinaci\u00f3n de la OMS de no declarar una PHEIC), o 2) aplicar medidas altamente restrictivas para limitar las repercusiones en la salud p\u00fablica (por ejemplo, la cuarentena\/<\/span><span lang=\"ES-TRAD\" xml:lang=\"ES-TRAD\"><a href=\"https:\/\/www.vox.com\/2020\/1\/23\/21078325\/wuhan-china-coronavirus-travel-ban\" target=\"_blank\" rel=\"noopener\">restricciones de viaje<\/a><\/span><span lang=\"ES-TRAD\" xml:lang=\"ES-TRAD\">\u00a0en las ciudades chinas). Lo cierto es que ninguno de estos dos enfoques funciona.<\/span><\/span><\/p>\n<p style=\"text-align: justify;\"><span lang=\"ES-TRAD\" style=\"font-size: 14pt; font-family: tahoma, arial, helvetica, sans-serif;\" xml:lang=\"ES-TRAD\">Lo que\u00a0<em>s\u00ed<\/em>\u00a0funciona son las intervenciones legales, \u00e9ticas y con respeto a los derechos humanos que implican el uso de ciertos poderes p\u00fablicos a la medida de los riesgos comprobados, y que promueven el cumplimiento voluntario, siempre que es posible, con el fin de lograr los objetivos leg\u00edtimos y comunes.\u00a0<\/span><\/p>\n<p style=\"text-align: justify;\"><span style=\"font-size: 14pt; font-family: tahoma, arial, helvetica, sans-serif;\"><span lang=\"ES-TRAD\" xml:lang=\"ES-TRAD\">Tomemos como ejemplo las intervenciones de salud p\u00fablica para garantizar viajes a\u00e9reos seguros. Sin duda alguna, los vuelos mundiales presentan riesgos de contagio de enfermedades. M\u00faltiples pa\u00edses, entre ellos Estados Unidos, ya tienen\u00a0<\/span><span lang=\"ES-TRAD\" xml:lang=\"ES-TRAD\"><a href=\"https:\/\/www.nbcnews.com\/health\/health-news\/1st-case-coronavirus-china-confirmed-u-s-n1119486\" target=\"_blank\" rel=\"noopener\">casos de 2019-nCoV<\/a>\u00a0<\/span><span lang=\"ES-TRAD\" xml:lang=\"ES-TRAD\">confirmados de personas que han atravesado sus fronteras en viajes a\u00e9reos. Con toda seguridad surgir\u00e1n m\u00e1s casos. Sin embargo, cancelar los viajes por v\u00eda a\u00e9rea no es una opci\u00f3n desde la perspectiva econ\u00f3mica ni tampoco rinde beneficios para la salud p\u00fablica. La mayor\u00eda de los pasajeros y tripulaciones no presentan riesgos de contagio del 2019-nCoV.<\/span><\/span><\/p>\n<p style=\"text-align: justify;\"><span lang=\"ES-TRAD\" style=\"font-size: 14pt; font-family: tahoma, arial, helvetica, sans-serif;\" xml:lang=\"ES-TRAD\">En lugar de restringir o prohibir los vuelos desde China, como lo han hecho algunos pa\u00edses en epidemias anteriores (incluso China), las autoridades sanitarias de Estados Unidos han establecido medidas de monitoreo no invasivas para ciertos vuelos, con el fin de evaluar el riesgo entre los pasajeros y las tripulaciones.<\/span><\/p>\n<p style=\"text-align: justify;\"><span style=\"font-size: 14pt; font-family: tahoma, arial, helvetica, sans-serif;\"><span lang=\"ES-TRAD\" xml:lang=\"ES-TRAD\">El 17 de enero, los Centros Federales para el Control y Prevenci\u00f3n de Enfermedades de Estados Unidos comenzaron a intensificar la detecci\u00f3n de 2019-nCoV, primero en\u00a0<\/span><span lang=\"ES-TRAD\" xml:lang=\"ES-TRAD\"><a href=\"https:\/\/www.cdc.gov\/media\/releases\/2020\/p0117-coronavirus-screening.html\" target=\"_blank\" rel=\"noopener\">tres aeropuertos de Estados Unidos<\/a><\/span><span lang=\"ES-TRAD\" xml:lang=\"ES-TRAD\">\u00a0(JFK, LAX, SFO). Muy pronto extendieron la medida a\u00a0<\/span><span lang=\"ES-TRAD\" xml:lang=\"ES-TRAD\"><a href=\"https:\/\/www.wabe.org\/public-health-officials-will-start-screening-for-new-coronavirus-at-hartsfield-jackson-airport\/\" target=\"_blank\" rel=\"noopener\">otros dos aeropuertos<\/a><\/span><span lang=\"ES-TRAD\" xml:lang=\"ES-TRAD\">\u00a0(ORD, ATL). Los m\u00e9todos de monitoreo intensificado se basan en el rastreo de casos posibles en los aeropuertos que reciben a la gran mayor\u00eda de los pasajeros provenientes de los pa\u00edses afectados. Estos pasajeros primero deben responder un cuestionario y pasar revisiones de temperatura no invasivas en puntos de llegada y salida.<\/span><\/span><\/p>\n<p style=\"text-align: justify;\"><span style=\"font-size: 14pt; font-family: tahoma, arial, helvetica, sans-serif;\"><span lang=\"ES-TRAD\" xml:lang=\"ES-TRAD\">Despu\u00e9s de la revisi\u00f3n en el aeropuerto, en raras ocasiones se necesita aplicar medidas m\u00e1s invasivas, como la\u00a0<\/span><span lang=\"ES-TRAD\" xml:lang=\"ES-TRAD\"><a href=\"https:\/\/slate.com\/technology\/2018\/10\/forced-quarantines-epidemics-ebola-poor.html\" target=\"_blank\" rel=\"noopener\">cuarentena<\/a><\/span><span lang=\"ES-TRAD\" xml:lang=\"ES-TRAD\">. Son muy pocos los pasajeros a los que se les diagnostica la infecci\u00f3n mediante estas medidas de monitoreo. El 8 de agosto de 2014, cuando la OMS\u00a0<\/span><span lang=\"ES-TRAD\" xml:lang=\"ES-TRAD\"><a href=\"https:\/\/www.who.int\/mediacentre\/news\/statements\/2014\/ebola-20140808\/en\/\" target=\"_blank\" rel=\"noopener\">declar\u00f3<\/a><\/span><span lang=\"ES-TRAD\" xml:lang=\"ES-TRAD\">\u00a0una PHEIC debido al brote de \u00e9bola en \u00c1frica Occidental, los pa\u00edses con transmisi\u00f3n activa de la enfermedad\u00a0<\/span><span lang=\"ES-TRAD\" xml:lang=\"ES-TRAD\"><a href=\"https:\/\/www.who.int\/mediacentre\/news\/statements\/2014\/ebola-20140808\/en\/\" target=\"_blank\" rel=\"noopener\">efectuaron monitoreos en las salidas\u00a0<\/a><\/span><span lang=\"ES-TRAD\" xml:lang=\"ES-TRAD\">de sus aeropuertos internacionales. En el Aeropuerto Internacional de Freetown, en Sierra Leona,\u00a0<\/span><span lang=\"ES-TRAD\" xml:lang=\"ES-TRAD\"><a href=\"https:\/\/www.hindawi.com\/journals\/bmri\/2019\/3832790\/\" target=\"_blank\" rel=\"noopener\">166,242 pasajeros<\/a><\/span><span lang=\"ES-TRAD\" xml:lang=\"ES-TRAD\">\u00a0fueron sometidos a revisiones en vuelos de salida entre septiembre de 2014 y febrero de 2016. Diez pasajeros se identificaron con posibles s\u00edntomas, a cinco se les neg\u00f3 el viaje debido a que estaban contagiados de malaria y tifoidea (dos casos), pero ninguno de \u00e9bola. Con las t\u00e9cnicas de monitoreo empleadas en varios aeropuertos de Estados Unidos durante la misma epidemia\u00a0<\/span><span lang=\"ES-TRAD\" xml:lang=\"ES-TRAD\"><a href=\"https:\/\/www.ncbi.nlm.nih.gov\/pmc\/articles\/PMC4584540\/pdf\/1163-1167.pdf\" target=\"_blank\" rel=\"noopener\">no se detect\u00f3 ning\u00fan caso confirmado<\/a><\/span><span lang=\"ES-TRAD\" xml:lang=\"ES-TRAD\">\u00a0durante un periodo de 30 d\u00edas en 2014.<\/span><\/span><\/p>\n<p style=\"text-align: justify;\"><span lang=\"ES-TRAD\" style=\"font-size: 14pt; font-family: tahoma, arial, helvetica, sans-serif;\" xml:lang=\"ES-TRAD\">Pese a que la eficacia del monitoreo limitado y no invasivo en aeropuertos para enfermedades como el \u00e9bola y el 2019-nCoV puede ser cuestionada, su legalidad y utilidad no lo son. La OMS y los CDC consideran que este tipo de monitoreo es un componente esencial de las medidas de respuesta globales para fomentar la conciencia en el mundo, detener viajeros que posiblemente est\u00e9n enfermos, rastrear y monitorear casos posibles y promover la confianza entre todos los pasajeros acerca de la seguridad continua en los viajes a\u00e9reos.<\/span><\/p>\n<p style=\"text-align: justify;\"><span lang=\"ES-TRAD\" style=\"font-size: 14pt; font-family: tahoma, arial, helvetica, sans-serif;\" xml:lang=\"ES-TRAD\">Entonces, \u00bfcu\u00e1l es la lecci\u00f3n m\u00e1s importante que se debe aprovechar de estas aproximaciones al control de los brotes? Que se necesitan respuestas en tiempo real, pero no si infringen los derechos humanos sin justificaci\u00f3n alguna. Como en brotes anteriores, la mejor forma de proteger a la poblaci\u00f3n es reunir datos precisos con ciencia s\u00f3lida y respeto por los derechos humanos.<\/span><\/p>\n<p class=\"text-align-right\" style=\"text-align: right;\"><em><a href=\"https:\/\/slate.com\/technology\/2020\/01\/coronavirus-2019-ncov-china-quarantine.html\" target=\"_blank\" rel=\"noopener noreferrer\">Publicado originalmente<\/a>\u00a0el 24 de enero de 2020.<\/em><\/p>\n<p class=\"text-align-right\" style=\"text-align: right;\"><em>Este art\u00edculo es publicado gracias a una colaboraci\u00f3n de Letras Libres con Future Tense, un proyecto de\u00a0<a href=\"http:\/\/www.slate.com\/\" target=\"_blank\" rel=\"noopener noreferrer\">Slate<\/a>,\u00a0<a href=\"http:\/\/www.newamerica.org\/\" target=\"_blank\" rel=\"noopener noreferrer\">New America<\/a>, y\u00a0<a href=\"http:\/\/www.asu.edu\/\" target=\"_blank\" rel=\"noopener noreferrer\">Arizona State University<\/a><\/em>.<\/p>\n<p style=\"text-align: center;\"><span style=\"font-size: 14pt; color: #008000;\">\u2666\u2666\u2666\u2666\u2666<\/span><\/p>\n<p>&nbsp;<\/p>\n<figure class=\"imagen-principal\"><figcaption class=\"pie-foto\"><\/figcaption><\/figure>\n<h1 style=\"text-align: center;\"><span class=\"antetitulo\"><a id=\"ref9\"><\/a><a href=\"#ref9a\">[9]<\/a> CORONAVIRUS<\/span><span class=\"titular\">\u00abThe New York Times\u00bb critica al Gobierno de S\u00e1nchez por ignorar los indicios de la llegada de la epidemia<\/span><\/h1>\n<h2 class=\"subtitulo\" style=\"text-align: center;\">El medio se\u00f1ala que el problema se agudiz\u00f3 por el modelo de 17 gobiernos auton\u00f3micos y por la fr\u00e1gil coalici\u00f3n que sustenta a S\u00e1nchez<\/h2>\n<p>&nbsp;<\/p>\n<p>7\/04\/2020<\/p>\n<p><a href=\"https:\/\/www.abc.es\/sociedad\/abci-coronavirus-york-times-critica-gobierno-sanchez-ignorar-indicios-llegada-epidemia-202004071410_noticia.html\" target=\"_blank\" rel=\"noopener noreferrer\">ABC\u00a0<\/a><\/p>\n<figure id=\"attachment_28632\" aria-describedby=\"caption-attachment-28632\" style=\"width: 620px\" class=\"wp-caption aligncenter\"><img loading=\"lazy\" decoding=\"async\" class=\"wp-image-28632 size-full\" src=\"https:\/\/puntocritico.com\/ausajpuntocritico\/wp-content\/uploads\/2020\/04\/new-york-times-sanchez-U27037462684BiT-620x349@abc.jpg\" alt=\"\" width=\"620\" height=\"349\" data-id=\"28632\" srcset=\"https:\/\/puntocritico.com\/ausajpuntocritico\/wp-content\/uploads\/2020\/04\/new-york-times-sanchez-U27037462684BiT-620x349@abc.jpg 620w, https:\/\/puntocritico.com\/ausajpuntocritico\/wp-content\/uploads\/2020\/04\/new-york-times-sanchez-U27037462684BiT-620x349@abc-300x169.jpg 300w\" sizes=\"auto, (max-width: 620px) 100vw, 620px\" \/><figcaption id=\"caption-attachment-28632\" class=\"wp-caption-text\"><span style=\"color: #008000;\">Portada digital de \u00abThe New York Times\u00bb sobre la crisis del coronavirus en Espa\u00f1a<\/span><\/figcaption><\/figure>\n<p>&nbsp;<\/p>\n<p style=\"text-align: justify;\"><span style=\"font-size: 14pt; font-family: tahoma, arial, helvetica, sans-serif;\">\u00ab<strong>The New York Times<\/strong>\u00bb, a trav\u00e9s de su corresponsal en Espa\u00f1a y Portugal,\u00a0<strong>Raphael Minder<\/strong>, dedica parte de su portada digital a un reportaje sobre la gesti\u00f3n del Gobierno de S\u00e1nchez ante la\u00a0<strong>pandemia de coronavirus<\/strong>, titulando que, la crisis, en territorio espa\u00f1ol, \u00ab<strong>se aceler\u00f3 por la falta de atenci\u00f3n a las advertencias<\/strong>\u00bb.<\/span><\/p>\n<p style=\"text-align: justify;\"><span style=\"font-size: 14pt; font-family: tahoma, arial, helvetica, sans-serif;\"><a href=\"https:\/\/www.nytimes.com\/2020\/04\/07\/world\/europe\/spain-coronavirus.html\" target=\"_blank\" rel=\"noopener noreferrer\">En el texto<\/a>, el peri\u00f3dico progresista estadounidense critica que la epidemia espa\u00f1ola \u00abse ha convertido en un doloroso ejemplo de la tendencia de un gobierno tras otro a\u00a0<strong>ignorar las experiencias de los pa\u00edses donde el virus ya ha atacado<\/strong>\u00bb.<\/span><\/p>\n<p style=\"text-align: justify;\"><span style=\"font-size: 14pt; font-family: tahoma, arial, helvetica, sans-serif;\">Minder recuerda el caso, a finales de enero, del turista alem\u00e1n que se convirti\u00f3 en el\u00a0<strong>primer paciente con Covid-19 en Espa\u00f1a<\/strong>\u00a0y que, \u00abincluso cuando surgieron m\u00e1s casos, las autoridades espa\u00f1olas continuaron insistiendo en que el\u00a0<strong>coronavirus\u00a0<\/strong>estaba siendo importado\u00bb.<\/span><\/p>\n<p style=\"text-align: justify;\"><span style=\"font-size: 14pt; font-family: tahoma, arial, helvetica, sans-serif;\">\u00abComo la mayor\u00eda de las naciones,<strong>\u00a0las autoridades espa\u00f1olas inicialmente trataron el virus como una amenaza externa, en lugar de considerar que su pa\u00eds podr\u00eda ser el pr\u00f3ximo en caer<\/strong>\u00bb.<\/span><\/p>\n<p style=\"text-align: justify;\"><span style=\"font-size: 14pt; font-family: tahoma, arial, helvetica, sans-serif;\">El an\u00e1lisis del medio estadounidense tambi\u00e9n se hace eco de las\u00a0<strong>cr\u00edticas a Pedro S\u00e1nchez\u00a0<\/strong>y su Gobierno por no prohibir a tiempo las reuniones masivas, como fue el caso del\u00a0<strong>8-M<\/strong>\u00a0y por no haber almacenado equipo m\u00e9dico en previsi\u00f3n del aumento de casos de\u00a0<strong>coronavirus<\/strong>, especialmente en un pa\u00eds cercano como Italia.<\/span><\/p>\n<aside class=\"roba-intercalado sin-fondo layer_inpage\">\n<div id=\"google_ads_iframe_\/4900\/vocento.abc\/sociedad_5__container__\"><span style=\"font-size: 14pt; font-family: tahoma, arial, helvetica, sans-serif;\">El corresponsal de \u00abThe New York Times\u00bb a\u00f1ade, adem\u00e1s, que \u00abla respuesta del Gobierno al virus se complic\u00f3 por la <strong>naturaleza difusa del sistema pol\u00edtico espa\u00f1ol, en el que los 17 gobiernos auton\u00f3micos del pa\u00eds fueron adquiriendo progresivamente m\u00e1s autonom\u00eda<\/strong>, incluyendo la gesti\u00f3n de los hospitales\u00bb.<\/span><\/div>\n<\/aside>\n<h3 class=\"ladillo\" style=\"text-align: justify;\"><span style=\"font-size: 14pt; font-family: tahoma, arial, helvetica, sans-serif;\">\u00abFr\u00e1gil coalici\u00f3n\u00bb y \u00absanitarios kamikazes\u00bb<\/span><\/h3>\n<p style=\"text-align: justify;\"><span style=\"font-size: 14pt; font-family: tahoma, arial, helvetica, sans-serif;\">Antes de la valoraci\u00f3n de expertos sobre la situaci\u00f3n, el texto hace \u00e9nfasis en que, de cara a la correcta gesti\u00f3n de la pandemia, \u00abtampoco ayud\u00f3 el hecho de que\u00a0<strong>la emergencia se impusiera a un nuevo y fr\u00e1gil gobierno de coalici\u00f3n<\/strong>\u00bb.<\/span><\/p>\n<p style=\"text-align: justify;\"><span style=\"font-size: 14pt; font-family: tahoma, arial, helvetica, sans-serif;\">\u00abLos socios de la coalici\u00f3n discutieron sobre la cantidad de apoyo financiero que Espa\u00f1a podr\u00eda permitirse dar a los que se quedaban ociosos si se les ordenaba quedarse en casa. Cuando S\u00e1nchez declar\u00f3 el cierre nacional,\u00a0<strong>varios pol\u00edticos regionales ya hab\u00edan anunciado sus propias medidas represivas<\/strong>\u00bb.<\/span><\/p>\n<p style=\"text-align: justify;\"><span style=\"font-size: 14pt; font-family: tahoma, arial, helvetica, sans-serif;\">No es la primera cr\u00edtica que el medio estadounidense dedica a Espa\u00f1a por la<strong>\u00a0crisis del coronavirus<\/strong>. Hace unos d\u00edas fue tendencia en Twitter un art\u00edculo dedicado a los sanitarios espa\u00f1oles que combaten d\u00eda a d\u00eda el\u00a0<strong>coronavirus<\/strong>, a los que\u00a0<a href=\"https:\/\/www.abc.es\/sociedad\/abci-sanitarios-kamikazes-york-times-refleja-falta-proteccion-hospitales-espanoles-202003311439_noticia.html\" target=\"_blank\" rel=\"noopener\">calificaba de \u00abkamikazes\u00bb<\/a>\u00a0por seguir trabajando pese a la falta de equipos de protecci\u00f3n.<\/span><\/p>\n<p style=\"text-align: center;\"><span style=\"font-size: 14pt; color: #008000;\">\u2666\u2666\u2666\u2666\u2666<\/span><\/p>\n<p>&nbsp;<\/p>\n<p><img loading=\"lazy\" decoding=\"async\" class=\"aligncenter wp-image-28605 size-full\" src=\"https:\/\/puntocritico.com\/ausajpuntocritico\/wp-content\/uploads\/2020\/04\/OMS-ADVIERTE-PANDEMIA-el-pais-25-febrero.jpg\" alt=\"\" width=\"647\" height=\"649\" data-id=\"28605\" srcset=\"https:\/\/puntocritico.com\/ausajpuntocritico\/wp-content\/uploads\/2020\/04\/OMS-ADVIERTE-PANDEMIA-el-pais-25-febrero.jpg 647w, https:\/\/puntocritico.com\/ausajpuntocritico\/wp-content\/uploads\/2020\/04\/OMS-ADVIERTE-PANDEMIA-el-pais-25-febrero-300x300.jpg 300w, https:\/\/puntocritico.com\/ausajpuntocritico\/wp-content\/uploads\/2020\/04\/OMS-ADVIERTE-PANDEMIA-el-pais-25-febrero-150x150.jpg 150w\" sizes=\"auto, (max-width: 647px) 100vw, 647px\" \/><\/p>\n<p style=\"text-align: center;\"><span style=\"font-size: 14pt; color: #008000;\">\u2666\u2666\u2666\u2666\u2666<\/span><\/p>\n<p>&nbsp;<\/p>\n<p style=\"text-align: center;\"><span style=\"font-size: 24pt;\"><strong><a id=\"ref10\"><\/a><a href=\"#ref10a\">[10]<\/a> Coronavirus: el riesgo de colapsar el sistema sanitario por culpa del miedo<\/strong><\/span><\/p>\n<ul>\n<li style=\"text-align: justify;\"><em><span style=\"font-size: 18pt;\">Las autoridades intentan evitar que el Covid-19\u00a0dispare el p\u00e1nico\u00a0y\u00a0pueda colapsar un\u00a0sistema sanitario ya de por s\u00ed saturado<\/span><\/em><\/li>\n<li style=\"text-align: justify;\"><em><span style=\"font-size: 18pt;\">Las llamadas a la calma\u00a0son constantes, porque\u00a0los datos recopilados hasta ahora indican que la\u00a0alarma debe ser contenida<\/span><\/em><\/li>\n<\/ul>\n<p>&nbsp;<\/p>\n<p>Por Samuel. A. Pilar<\/p>\n<p>28\/02\/2020<\/p>\n<p><a href=\"https:\/\/www.rtve.es\/noticias\/20200228\/coronavirus-cuando-miedo-mas-contagioso-propia-enfermedad\/2004745.shtml\" target=\"_blank\" rel=\"noopener noreferrer\">RTVE\u00a0<\/a><\/p>\n<figure id=\"attachment_28633\" aria-describedby=\"caption-attachment-28633\" style=\"width: 610px\" class=\"wp-caption aligncenter\"><img loading=\"lazy\" decoding=\"async\" class=\"wp-image-28633 size-full\" src=\"https:\/\/puntocritico.com\/ausajpuntocritico\/wp-content\/uploads\/2020\/04\/CORONAVIRUS-10.jpg\" alt=\"\" width=\"610\" height=\"345\" data-id=\"28633\" srcset=\"https:\/\/puntocritico.com\/ausajpuntocritico\/wp-content\/uploads\/2020\/04\/CORONAVIRUS-10.jpg 610w, https:\/\/puntocritico.com\/ausajpuntocritico\/wp-content\/uploads\/2020\/04\/CORONAVIRUS-10-300x170.jpg 300w\" sizes=\"auto, (max-width: 610px) 100vw, 610px\" \/><figcaption id=\"caption-attachment-28633\" class=\"wp-caption-text\"><span style=\"color: #008000;\">Los datos de la evoluci\u00f3n del coronavirus no son especialmente preocupantes en t\u00e9rminos de agresividad. REUTERS<\/span><\/figcaption><\/figure>\n<p>&nbsp;<\/p>\n<p style=\"text-align: justify;\"><span style=\"font-size: 14pt; font-family: tahoma, arial, helvetica, sans-serif;\">En la lucha contra la epidemia de\u00a0<a href=\"https:\/\/www.rtve.es\/noticias\/20200227\/directo-coronavirus-wuhan-ultima-hora\/2003980.shtml\" target=\"_blank\" rel=\"noopener\">Covid-19<\/a>, el miedo puede ser un factor de desestabilizaci\u00f3n\u00a0tan importante como la propia enfermedad. Si bien los datos arrojados por la\u00a0<a href=\"https:\/\/www.rtve.es\/noticias\/20200227\/se-sabe-del-nuevo-coronavirus-china\/1996067.shtml\" target=\"_blank\" rel=\"noopener\">evoluci\u00f3n del coronavirus<\/a>\u00a0durante sus\u00a0primeros meses\u00a0<a href=\"https:\/\/www.rtve.es\/noticias\/20200227\/cinco-datos-para-poner-su-sitio-alarma-social-coronavirus\/2004228.shtml\" target=\"_blank\" rel=\"noopener\">no son especialmente preocupantes en t\u00e9rminos de agresividad<\/a>, este tipo de epidemias (por primera vez retransmitida\u00a0casi en tiempo real)\u00a0son capaces de provocar en las personas\u00a0una reacci\u00f3n desproporcionada en relaci\u00f3n con su verdadero impacto. Por eso, en un escenario como el actual, la mayor pesadilla es que\u00a0<a href=\"https:\/\/www.rtve.es\/noticias\/20200227\/hay-hacer-si-tengo-sintomas-coronavirus\/2004698.shtml\" target=\"_blank\" rel=\"noopener\">se dispare el p\u00e1nico<\/a>\u00a0y\u00a0esta situaci\u00f3n pueda colapsar\u00a0un\u00a0sistema sanitario ya de por s\u00ed bastante saturado.\u00a0<\/span><\/p>\n<p><span style=\"font-size: 14pt; font-family: tahoma, arial, helvetica, sans-serif;\">\u00ab\u00bfSi estar\u00eda preparado el Sistema Nacional de Salud espa\u00f1ol? Depender\u00eda de la magnitud de la epidemia\u00bb, afirma a RTVE.es\u00a0Juan Jos\u00e9 Badiola, director del Centro de Encefalopat\u00edas y Enfermedades Transmisibles Emergentes de Zaragoza, y uno de los grandes referentes internacionales en crisis sanitarias.\u00a0\u00abSi es un caso como el de Italia, s\u00ed que estar\u00eda preparado, pero si hubiera un n\u00famero muy elevado de personas afectadas no iba a ser f\u00e1cil,\u00a0porque el sistema espa\u00f1ol tiene tambi\u00e9n que atender a los enfermos ordinarios.\u00a0Una epidemia de gran magnitud ser\u00eda un desaf\u00edo muy dif\u00edcil de afrontar\u00bb.<\/span><\/p>\n<blockquote>\n<p style=\"text-align: justify;\"><span style=\"font-size: 14pt; font-family: tahoma, arial, helvetica, sans-serif;\"><strong>\u201c<em>Una epidemia de gran magnitud ser\u00eda un desaf\u00edo sanitario muy dif\u00edcil de afrontar<\/em>\u00ab.<\/strong><\/span><\/p>\n<p style=\"text-align: right;\"><span style=\"font-size: 12pt; font-family: tahoma, arial, helvetica, sans-serif;\">\u00a0 \u00a0 \u00a0 \u00a0 \u00a0 \u00a0 \u00a0 \u00a0 \u00a0 \u00a0 \u00a0 \u00a0 \u00a0 \u00a0 \u00a0 \u00a0 \u00a0 \u00a0 \u00a0 \u00a0 \u00a0 \u00a0 \u00a0 \u00a0 \u00a0 \u00a0 \u00a0 \u00a0 \u00a0 \u00a0 \u00a0 \u00a0 \u00a0 \u00a0 \u00a0 \u00a0 \u00a0 \u00a0 \u00a0 \u00a0 \u00a0 \u00a0 \u00a0 \u00a0 \u00a0 \u00a0 \u00a0 \u00a0 \u00a0 \u00a0 \u00a0 \u00a0 \u00a0 \u00a0 \u00a0Juan Jos\u00e9 Badiola<\/span><\/p>\n<\/blockquote>\n<p style=\"text-align: justify;\"><span style=\"font-size: 14pt; font-family: tahoma, arial, helvetica, sans-serif;\">Ante la misma pregunta,\u00a0<a href=\"https:\/\/www.rtve.es\/noticias\/20200227\/rafael-bengoa-este-brote-coronavirus-ensayo-general-tenemos-aprovechar\/2004792.shtml\" target=\"_blank\" rel=\"noopener\">Rafael Bengoa, uno de los expertos\u00a0en gesti\u00f3n\u00a0sanitaria\u00a0m\u00e1s reconocidos a nivel mundial<\/a>, responde\u00a0que el sistema sanitario espa\u00f1ol \u00abest\u00e1\u00a0preparado\u00a0en t\u00e9rminos de infraestructura, epidemi\u00f3logos, cl\u00ednicos y personal competente, cosa que no existe en muchos otros pa\u00edses\u00bb, aunque matiza que \u00abdonde no estamos listos es en el efecto sorpresa. B\u00e1sicamente, nos sigue sorprendiendo algo que no deber\u00eda sorprendernos, que son estas epidemias-pandemias que subestimamos, aunque la amenaza es permanente\u00bb.<\/span><\/p>\n<p><span style=\"font-size: 14pt; font-family: tahoma, arial, helvetica, sans-serif;\">Bengoa conf\u00eda en la fortaleza del sistema\u00a0espa\u00f1ol,\u00a0aunque insiste en la importancia de trabajar m\u00e1s entre epidemia y epidemia, dado que cree que tarde o temprano aparecer\u00e1 un virus verdaderamente letal, algo que de momento no ha sucedido. \u00abO aportamos m\u00e1s alertas, m\u00e1s transparencia, m\u00e1s laboratorios, m\u00e1s vigilancia y m\u00e1s recursos humanos en salud p\u00fablica, o es muy dif\u00edcil que cuando llegue la siguiente\u00a0estemos preparados a nivel mundial\u00bb, opina.<\/span><\/p>\n<p style=\"text-align: justify;\"><span style=\"font-size: 14pt; font-family: tahoma, arial, helvetica, sans-serif;\"><strong>Riesgo moderado<\/strong><\/span><\/p>\n<p style=\"text-align: justify;\"><span style=\"font-size: 14pt; font-family: tahoma, arial, helvetica, sans-serif;\">El Ministerio de Sanidad\u00a0<a href=\"https:\/\/www.rtve.es\/noticias\/20200227\/mapa-del-coronavirus-espana-trece-casos-seis-comunidades-autonomas\/2004681.shtml\" target=\"_blank\" rel=\"noopener\">ha fijado\u00a0en Espa\u00f1a<\/a>\u00a0un\u00a0riesgo moderado de transmisi\u00f3n\u00a0por coronavirus\u00a0SARS-CoV-2 (su nombre oficial).\u00a0Lo ha hecho para garantizar la detecci\u00f3n precoz de los casos, aunque considera que en general va a ser bajo o muy bajo, salvo en algunos puntos concretos donde puede llegar a ser alto.\u00a0<\/span><\/p>\n<p><span style=\"font-size: 14pt; font-family: tahoma, arial, helvetica, sans-serif;\">Las medidas sanitarias a nivel mundial,\u00a0<a href=\"https:\/\/www.rtve.es\/noticias\/20200227\/menos-muertes-leve-aumento-casos-china-coronavirus-deja-2744-fallecidos\/2004764.shtml\" target=\"_blank\" rel=\"noopener\">que incluyen espectaculares cuarentenas masivas<\/a>,\u00a0est\u00e1n siendo tan fuertes no por la especial virulencia del nuevo agente infeccioso,\u00a0sino porque las autoridades est\u00e1n intentando por todos los medios contener y eliminar el virus,\u00a0como ya se consigui\u00f3 con el SARS de 2002-2003.<\/span><\/p>\n<p><span style=\"font-size: 14pt; font-family: tahoma, arial, helvetica, sans-serif;\">Intentan evitar que se convierta en end\u00e9mico y pueda estacionalizarse,\u00a0circulando entre\u00a0seres humanos.\u00a0Ahora mismo, ese es el peor escenario que manejan las autoridades sanitarias: que no sean capaces de contener el pat\u00f3geno y este se a\u00f1ada a la lista de enfermedades humanas recurrentes.<\/span><\/p>\n<p><span style=\"font-size: 14pt; font-family: tahoma, arial, helvetica, sans-serif;\">En este sentido, la Organizaci\u00f3n Mundial de la Salud (OMS) lleva semanas advirtiendo de que su principal preocupaci\u00f3n no son los pa\u00edses desarrollados,\u00a0sino los pa\u00edses en v\u00edas de desarrollo donde los sistemas sanitarios son m\u00e1s d\u00e9biles y las condiciones de contagio se multiplican. Si el\u00a0SARS-CoV-2 consigue hacerse fuerte en estas zonas del planeta, va a resultar extremadamente dif\u00edcil erradicarlo.<\/span><\/p>\n<p>&nbsp;<\/p>\n<figure id=\"attachment_28634\" aria-describedby=\"caption-attachment-28634\" style=\"width: 646px\" class=\"wp-caption aligncenter\"><img loading=\"lazy\" decoding=\"async\" class=\"wp-image-28634 size-full\" src=\"https:\/\/puntocritico.com\/ausajpuntocritico\/wp-content\/uploads\/2020\/04\/CORONAVIRUS-11.jpg\" alt=\"\" width=\"646\" height=\"373\" data-id=\"28634\" srcset=\"https:\/\/puntocritico.com\/ausajpuntocritico\/wp-content\/uploads\/2020\/04\/CORONAVIRUS-11.jpg 646w, https:\/\/puntocritico.com\/ausajpuntocritico\/wp-content\/uploads\/2020\/04\/CORONAVIRUS-11-300x173.jpg 300w\" sizes=\"auto, (max-width: 646px) 100vw, 646px\" \/><figcaption id=\"caption-attachment-28634\" class=\"wp-caption-text\"><span style=\"color: #008000;\">Coronavirus SARS-CoV-2, en amarillo, visto bajo microscopio. AFP \/ NATIONAL INSTITUTES OF HEALTH<\/span><\/figcaption><\/figure>\n<p>&nbsp;<\/p>\n<p style=\"text-align: justify;\"><span style=\"font-size: 14pt; font-family: tahoma, arial, helvetica, sans-serif;\"><strong>Guerra al bulo<\/strong><\/span><\/p>\n<p style=\"text-align: justify;\"><span style=\"font-size: 14pt; font-family: tahoma, arial, helvetica, sans-serif;\">La\u00a0desinformaci\u00f3n es otro de los grandes frentes que se abren en cualquier batalla sanitaria a gran escala. Aqu\u00ed la mentira puede\u00a0incluso matar, y por eso las autoridades\u00a0no se cansan de pedir que se evite por todos los medios difundir los\u00a0bulos que corren por las redes sociales sobre la enfermedad.\u00a0<\/span><\/p>\n<p><span style=\"font-size: 14pt; font-family: tahoma, arial, helvetica, sans-serif;\">\u00abEl sistema sanitario en Espa\u00f1a no se va a ver desbordado porque, como est\u00e1 diciendo el ministro Salvador Illa y el doctor Fernando Sim\u00f3n, hay que seguir insistiendo a la poblaci\u00f3n que se apoye en la informaci\u00f3n cient\u00edfica, no en los bulos que hay en la red\u00bb, opina el experto sanitario Rafael Bengoa. \u00abTienen que basarse en una o dos fuentes de informaci\u00f3n. Y eso se est\u00e1 haciendo muy bien\u00bb.<\/span><\/p>\n<blockquote>\n<p style=\"text-align: justify;\"><span style=\"font-size: 14pt; font-family: tahoma, arial, helvetica, sans-serif;\"><strong>\u201c<em>El sistema sanitario en Espa\u00f1a no se va a ver desbordado<\/em>\u00ab.<\/strong><\/span><\/p>\n<p style=\"text-align: right;\"><span style=\"font-size: 12pt; font-family: tahoma, arial, helvetica, sans-serif;\">Rafael Bengoa<\/span><\/p>\n<\/blockquote>\n<p style=\"text-align: justify;\"><span style=\"font-size: 14pt; font-family: tahoma, arial, helvetica, sans-serif;\">Las\u00a0llamadas a la calma\u00a0por parte de las autoridades sanitarias son constantes, y en principio no les falta raz\u00f3n. Al menos, hasta que la ciencia\u00a0demuestre lo contrario, si es que ocurre.\u00a0Seg\u00fan datos epidemiol\u00f3gicos y cl\u00ednicos, este virus ocasiona un cuadro leve en el 80% de las personas, parecido a un catarro com\u00fan. A los\u00a0menores de edad parece no afectarles o hacerlo de manera extraordinariamente leve. El grupo de riesgo se sit\u00faa sobre todo en mayores de 70 a\u00f1os, y casi siempre con alguna dolencia asociada.<\/span><\/p>\n<p><span style=\"font-size: 14pt; font-family: tahoma, arial, helvetica, sans-serif;\">As\u00ed, la expansi\u00f3n del SARS-CoV-2 ha sido significativamente m\u00e1s r\u00e1pida que la de otros coronavirus.\u00a0Pero si su \u00edndice de contagio es relativamente alto,\u00a0su letalidad\u00a0es m\u00e1s baja.\u00a0El porcentaje de fallecimientos entre los contagiados oscila entre un 2% y un 4% en China y en alrededor de un 0,7% fuera del pa\u00eds asi\u00e1tico,\u00a0<a href=\"https:\/\/www.rtve.es\/noticias\/20200224\/oms-anuncia-tasa-mortalidad-del-coronavirus-entre-2-4-wuhan-07-fuera-ella\/2004206.shtml\" target=\"_blank\" rel=\"noopener\">seg\u00fan la OMS<\/a>. El mayor porcentaje de fallecimientos, con gran\u00a0diferencia,\u00a0se sit\u00faa en las franjas de edad m\u00e1s altas.<\/span><\/p>\n<p style=\"text-align: justify;\"><span style=\"font-size: 14pt; font-family: tahoma, arial, helvetica, sans-serif;\"><strong>Relaci\u00f3n mortalidad &#8211; atenci\u00f3n sanitaria<\/strong><\/span><\/p>\n<p style=\"text-align: justify;\"><span style=\"font-size: 14pt; font-family: tahoma, arial, helvetica, sans-serif;\">Por supuesto,\u00a0gran parte de los esfuerzos sanitarios se centran en estos grupos de riesgo, para intentar reducir la mortalidad en todo lo posible.\u00a0Aunque en este sentido es importante recalcar que los datos parecen indicar que la\u00a0tasa de letalidad del nuevo coronavirus est\u00e1 muy relacionada con el sistema sanitario y su\u00a0capacidad hospitalaria.\u00a0Si se colapsan los hospitales, algo que\u00a0sucedi\u00f3 en Wuhan,\u00a0la tasa\u00a0se dispara entre los casos m\u00e1s graves. Es la conclusi\u00f3n de un art\u00edculo reci\u00e9n publicado en la revista especializada\u00a0<em><a href=\"https:\/\/www.thelancet.com\/journals\/langlo\/article\/PIIS2214-109X(20)30068-1\/fulltext#.XlYwZBsJToQ.twitter\" target=\"_blank\" rel=\"noopener\">The Lancet<\/a>.\u00a0<\/em>De ah\u00ed la importancia de aligerar en la medida de lo posible la carga hospitalaria de esta enfermedad.<\/span><\/p>\n<p style=\"text-align: justify;\"><span style=\"font-size: 14pt; font-family: tahoma, arial, helvetica, sans-serif;\"><strong>\u201cSi se colapsan los hospitales, algo que sucedi\u00f3 en Wuhan, la tasa de mortalidad se dispara entre los casos m\u00e1s graves.\u00bb<\/strong><\/span><\/p>\n<p style=\"text-align: justify;\"><span style=\"font-size: 14pt; font-family: tahoma, arial, helvetica, sans-serif;\">\u00abSeguramente las autoridades sanitarias lo tengan ya previsto, y est\u00e1n pensando que en ese caso la gente se quedara en su casa, siempre y cuando los s\u00edntomas fuesen leves, porque no se puede mandar a casa a un paciente con un cuadro respiratorio grave\u00bb, manifiesta Juan Jos\u00e9 Badiola,\u00a0\u00abpero personas que aunque est\u00e9n infectadas presenten una sintomatolog\u00eda leve, se les puede mandar a casa bajo supervisi\u00f3n m\u00e9dica\u00bb.<\/span><\/p>\n<p><span style=\"font-size: 14pt; font-family: tahoma, arial, helvetica, sans-serif;\">El objetivo es evitar una\u00a0tormenta perfecta que\u00a0podr\u00eda desbordar\u00a0a\u00fan m\u00e1s al personal sanitario, otro de los grandes nubarrones que se ciernen sobre el horizonte.\u00a0Con el agravante de que la sintomatolog\u00eda\u00a0del coronavirus y la de la gripe estacional son\u00a0muy parecidas, por lo que para ellos ser\u00eda m\u00e1s dif\u00edcil discriminar.\u00a0\u00abLas urgencias de los hospitales muchas veces ya est\u00e1n colapsadas, as\u00ed que con una situaci\u00f3n excepcional de este tipo, se producir\u00eda un sobrecolapso\u00bb, comenta Badiola. \u00abYo soy partidario de que se utilice la atenci\u00f3n domiciliaria. Y creo que es lo que van a recomendar las autoridades sanitarias si llega el caso, porque es la \u00fanica manera de evitar la entrada masiva de gente en los centros sanitarios\u00bb.<\/span><\/p>\n<p><span style=\"font-size: 14pt; font-family: tahoma, arial, helvetica, sans-serif;\">Si se produjese\u00a0esa situaci\u00f3n excepcional, el experto en alertas sanitarias tambi\u00e9n aboga por una medida casi desconocida\u00a0en Espa\u00f1a:\u00a0constituir unidades m\u00e9dicas de emergencia.\u00a0\u00abSi existe ese\u00a0problema, vamos a reclutar a una serie de m\u00e9dicos especialmente preparados para afrontar esa situaci\u00f3n con instrucciones claras y con alternativas\u2026\u00bb -manifiesta- \u00abante una situaci\u00f3n de emergencia hay que responder con medidas de emergencia. Es una perogrullada, pero es una realidad. Nosotros en el mundo animal lo hacemos, y los humanos y los animales enferman igual\u00bb.<\/span><\/p>\n<p>&nbsp;<\/p>\n<figure id=\"attachment_28635\" aria-describedby=\"caption-attachment-28635\" style=\"width: 640px\" class=\"wp-caption aligncenter\"><img loading=\"lazy\" decoding=\"async\" class=\"wp-image-28635 size-full\" src=\"https:\/\/puntocritico.com\/ausajpuntocritico\/wp-content\/uploads\/2020\/04\/CORONAVIRUS-13.jpg\" alt=\"\" width=\"640\" height=\"363\" data-id=\"28635\" srcset=\"https:\/\/puntocritico.com\/ausajpuntocritico\/wp-content\/uploads\/2020\/04\/CORONAVIRUS-13.jpg 640w, https:\/\/puntocritico.com\/ausajpuntocritico\/wp-content\/uploads\/2020\/04\/CORONAVIRUS-13-300x170.jpg 300w\" sizes=\"auto, (max-width: 640px) 100vw, 640px\" \/><figcaption id=\"caption-attachment-28635\" class=\"wp-caption-text\"><span style=\"color: #008000;\">Un ni\u00f1o se somete a un control de temperatura en un aeorpuerto iran\u00ed. AFP<\/span><\/figcaption><\/figure>\n<p>&nbsp;<\/p>\n<p style=\"text-align: justify;\"><span style=\"font-size: 14pt; font-family: tahoma, arial, helvetica, sans-serif;\"><strong>Confianza en que los contagios disminuyan<\/strong><\/span><\/p>\n<p style=\"text-align: justify;\"><span style=\"font-size: 14pt; font-family: tahoma, arial, helvetica, sans-serif;\">Una mutaci\u00f3n significativa del coronavirus que lo convierta en m\u00e1s peligroso\u00a0es una posibilidad que existe pero, de momento, parece improbable a los ojos de los expertos. Adem\u00e1s, seg\u00fan las expectativas que manejan,\u00a0lo normal ser\u00eda que\u00a0con el paso del tiempo tienda\u00a0a perder\u00a0virulencia. \u00abDe momento, la mortalidad es baja. Y salvo que el virus mute, va a seguir as\u00ed. A los virus que tienen ARN, como es el caso,\u00a0lo que les interesa es infectar pero no matar, porque as\u00ed aumentan el rango de su capacidad de supervivencia\u00bb, explica en este sentido\u00a0Juan Jos\u00e9 Badiola, \u00abcuando colonizan una nueva especie, tienen el campo abierto, muchos individuos a los que infectar. Pero no matar, porque eso tambi\u00e9n los mata a ellos\u00bb.<\/span><\/p>\n<p style=\"text-align: justify;\"><span style=\"font-size: 14pt; font-family: tahoma, arial, helvetica, sans-serif;\"><strong>\u201cCuando colonizan una nueva especie, los virus tienen muchos individuos a los que infectar. Pero no matar, porque eso tambi\u00e9n los mata a ellos\u00bb.<\/strong><\/span><\/p>\n<p style=\"text-align: justify;\"><span style=\"font-size: 14pt; font-family: tahoma, arial, helvetica, sans-serif;\">\u00abLos virus tienden a mutar cuando encuentran que se est\u00e1 luchando contra ellos;\u00a0que se est\u00e1 tratando de contrarrestar su actuaci\u00f3n. Por ejemplo, porque se est\u00e1 usando una vacuna, o antivirales\u2026\u00bb, prosigue,\u00a0\u00abpero si\u00a0no encuentran dificultad, lo normal es que sigan su camino.\u00a0\u00bfPara qu\u00e9 van a mutar si les va bien?\u00bb.<\/span><\/p>\n<p><span style=\"font-size: 14pt; font-family: tahoma, arial, helvetica, sans-serif;\">\u00abCreo que con el paso del tiempo incluso los contagios disminuir\u00e1n.\u00a0Ahora vamos hacia el buen tiempo, y el buen tiempo ayudar\u00e1 a reducir los contagios. Suele pasar.\u00a0Como ocurre con la gripe, porque en definitiva esto es como una gripe peculiar, y eso es un elemento favorable\u00bb, concluye el catedr\u00e1tico de Patolog\u00eda Animal.<\/span><\/p>\n<p style=\"text-align: center;\"><span style=\"font-size: 14pt; color: #008000;\">\u2666\u2666\u2666\u2666\u2666<\/span><\/p>\n<p>&nbsp;<\/p>\n<h1><img loading=\"lazy\" decoding=\"async\" class=\"aligncenter wp-image-49719 size-full\" src=\"https:\/\/puntocritico.com\/ausajpuntocritico\/wp-content\/uploads\/2020\/04\/Soldats-UME-aeroport-del-Prat_2419568281_70570121_651x366.jpg\" alt=\"\" width=\"651\" height=\"366\" data-id=\"49719\" srcset=\"https:\/\/puntocritico.com\/ausajpuntocritico\/wp-content\/uploads\/2020\/04\/Soldats-UME-aeroport-del-Prat_2419568281_70570121_651x366.jpg 651w, https:\/\/puntocritico.com\/ausajpuntocritico\/wp-content\/uploads\/2020\/04\/Soldats-UME-aeroport-del-Prat_2419568281_70570121_651x366-300x169.jpg 300w\" sizes=\"auto, (max-width: 651px) 100vw, 651px\" \/><\/h1>\n<h1 style=\"text-align: center;\"><span style=\"font-size: 14pt; color: #008000;\">\u2666\u2666\u2666\u2666\u2666<\/span><\/h1>\n<p>&nbsp;<\/p>\n<h1 class=\"pg-bkn-headline\" style=\"text-align: center;\"><a id=\"ref11\"><\/a><a href=\"#ref11a\">[11]<\/a> La primera diputada que pregunt\u00f3 al Gobierno por el \u201cvirus de Wuhan\u201d<\/h1>\n<p class=\"pg-bkn-standfirst\" style=\"text-align: center;\"><em><span style=\"font-size: 18pt;\">Marta Mart\u00edn (Ciudadanos) registr\u00f3 el 22 de enero la primera pregunta escrita al Ejecutivo sobre el coronavirus, preocupada por si hab\u00eda medidas de \u201cvigilancia y prevenci\u00f3n\u201d ante posibles brotes de la \u201cneumon\u00eda asi\u00e1tica\u201d. La respuesta gubernamental lleg\u00f3\u2026 un mes despu\u00e9s llena de vaguedades<\/span><\/em><\/p>\n<p>&nbsp;<\/p>\n<p>Por Antonio Rodriguez\u00a0<\/p>\n<p>7\/04\/2020<\/p>\n<p><a href=\"https:\/\/www.vozpopuli.com\/politica\/ciudadanos-coronavirus-primera-diputada-pregunto-gobierno_0_1343565777.html\" target=\"_blank\" rel=\"noopener noreferrer\">VOZPOPULI\u00a0<\/a><\/p>\n<p>&nbsp;<\/p>\n<p style=\"text-align: justify;\"><span style=\"font-size: 14pt; font-family: tahoma, arial, helvetica, sans-serif;\">Durante las vacaciones de Navidad empezaron a llegar noticias de una\u00a0<strong class=\"mce\">neumon\u00eda desconocida<\/strong>\u00a0que hab\u00eda aparecido en una remota ciudad del centro de\u00a0<strong class=\"mce\">China<\/strong>. Los pocos datos que salieron del gigante asi\u00e1tico fueron suficientes para que la diputada\u00a0<strong class=\"mce\">Marta Mart\u00edn<\/strong>\u00a0(<strong class=\"mce\">Ciudadanos<\/strong>) lo comentase con su marido Paco,\u00a0<strong class=\"mce\">intensivista<\/strong>\u00a0en un hospital de Alicante, y con Jorge Soler, portavoz de su partido en la Comisi\u00f3n de Sanidad del Parlament de Catalu\u00f1a, a quien le pidi\u00f3 que contactase con\u00a0<strong class=\"mce\">epidemi\u00f3logos<\/strong>\u00a0de referencia.<\/span><\/p>\n<p class=\"mce\" style=\"text-align: justify;\"><span style=\"font-size: 14pt; font-family: tahoma, arial, helvetica, sans-serif;\">\u201cMe muevo entre\u00a0<strong class=\"mce\">sanitarios<\/strong>. Mis padres son m\u00e9dicos. Mi hermana, enfermera. He trabajado en un departamento de Salud P\u00fablica, he hecho comunicaci\u00f3n sanitaria antes de entrar en pol\u00edtica y me llam\u00f3 mucho la atenci\u00f3n por lo que hab\u00eda pasado con la gripe A.\u00a0<strong class=\"mce\">Las primeras im\u00e1genes eran muy impactantes<\/strong>\u201d, recuerda Mart\u00edn en una conversaci\u00f3n telef\u00f3nica con\u00a0<em class=\"mce\">Vozp\u00f3puli<\/em>.<\/span><\/p>\n<p class=\"mce\" style=\"text-align: justify;\"><span style=\"font-size: 14pt; font-family: tahoma, arial, helvetica, sans-serif;\">La diputada naranja era a principios de a\u00f1o la portavoz accidental de Ciudadanos en temas de Sanidad y poco despu\u00e9s cedi\u00f3 el testigo a su compa\u00f1ero\u00a0<strong class=\"mce\">Pablo Cambronero<\/strong>\u00a0ya que no daba abasto con los temas de Educaci\u00f3n y Exteriores que tambi\u00e9n le hab\u00edan ca\u00eddo. En aquel momento,\u00a0<a class=\"mce\" href=\"https:\/\/www.vozpopuli.com\/tag\/delcy_rodriguez\/\" target=\"_blank\" rel=\"noopener\">la actualidad informativa estaba volcada en el\u00a0<strong class=\"mce\">\u2018Delcygate\u2019<\/strong>\u00a0que hab\u00eda desvelado este peri\u00f3dico<\/a>.<\/span><\/p>\n<p class=\"mce\" style=\"text-align: justify;\"><span style=\"font-size: 14pt; font-family: tahoma, arial, helvetica, sans-serif;\">Mart\u00edn, sin embargo, tuvo tiempo para registrar la primera pregunta por escrito al Gobierno de Pedro S\u00e1nchez sobre el\u00a0<a class=\"mce\" href=\"https:\/\/www.vozpopuli.com\/tag\/coronavirus\/\" target=\"_blank\" rel=\"noopener\">coronavirus<\/a>\u00a0ante las\u00a0<strong class=\"mce\">alarmantes noticias<\/strong>\u00a0que le llegaban de su entorno familiar. \u201cLo coment\u00e9 con mi marido porque ellos hacen revisiones, tienen protocolos y estudian casos en otros pa\u00edses.\u00a0<strong class=\"mce\">Y me dijo que daban unas neumon\u00edas muy fuertes<\/strong>\u201d, rememora.<\/span><\/p>\n<p class=\"mce\" style=\"text-align: justify;\"><span style=\"font-size: 14pt; font-family: tahoma, arial, helvetica, sans-serif;\">Cuando fue al registro del Congreso de los Diputados para entregar su pregunta, el \u201cvirus de Wuhan\u201d o \u201cneumon\u00eda asi\u00e1tica\u201d \u2013como Mart\u00edn lo denominaba- ya hab\u00eda salido de China y hab\u00eda provocado \u201c<strong class=\"mce\">cientos de infecciones y 17 fallecimientos<\/strong>\u201d en pa\u00edses de sus entorno como Tailandia, Jap\u00f3n, Corea del Sur y Taiwan.<\/span><\/p>\n<p class=\"mce\" style=\"text-align: justify;\"><span style=\"font-size: 18pt;\"><a href=\"https:\/\/puntocritico.com\/ausajpuntocritico\/wp-content\/uploads\/2020\/04\/PREGUNTA-MARTA-MARTIN-CIUDADANOS-ENERO-2020.pdf\" target=\"_blank\" rel=\"noopener noreferrer\">Pregunta de Marta Mart\u00edn (Cs) el 22 de enero al Gobierno:<\/a><\/span><\/p>\n<p><a href=\"https:\/\/puntocritico.com\/ausajpuntocritico\/wp-content\/uploads\/2020\/04\/PREGUNTA-MARTA-MARTIN-CIUDADANOS-ENERO-2020.pdf\" target=\"_blank\" rel=\"noopener noreferrer\"><img loading=\"lazy\" decoding=\"async\" class=\"aligncenter wp-image-28642\" src=\"https:\/\/puntocritico.com\/ausajpuntocritico\/wp-content\/uploads\/2020\/04\/PREGUNTA-MARTA-MARTIN-300x221.jpg\" alt=\"\" width=\"540\" height=\"397\" data-id=\"28642\" srcset=\"https:\/\/puntocritico.com\/ausajpuntocritico\/wp-content\/uploads\/2020\/04\/PREGUNTA-MARTA-MARTIN-300x221.jpg 300w, https:\/\/puntocritico.com\/ausajpuntocritico\/wp-content\/uploads\/2020\/04\/PREGUNTA-MARTA-MARTIN-80x60.jpg 80w, https:\/\/puntocritico.com\/ausajpuntocritico\/wp-content\/uploads\/2020\/04\/PREGUNTA-MARTA-MARTIN.jpg 605w\" sizes=\"auto, (max-width: 540px) 100vw, 540px\" \/><\/a><\/p>\n<p>&nbsp;<\/p>\n<p class=\"mce\" style=\"text-align: justify;\"><span style=\"font-size: 14pt; font-family: tahoma, arial, helvetica, sans-serif;\">Eran unas cifras\u00a0<strong class=\"mce\">insignificantes<\/strong>\u00a0si se comparan con ahora y el riesgo de que llegase a Espa\u00f1a era \u201c<strong class=\"mce\">bajo<\/strong>\u201d, pero el hecho de que los s\u00edntomas de aquel coronavirus \u201cse cursen como una neumon\u00eda, pudiendo dificultar con ello su pronta detecci\u00f3n, y de que\u00a0<strong class=\"mce\">apenas existe informaci\u00f3n sobre la naturaleza del virus<\/strong>, hace necesario que se extremen todas las medidas de vigilancia y prevenci\u00f3n frente a posibles indicios de brotes\u201d, alertaba la diputada de Cs en su escrito.<\/span><\/p>\n<p class=\"mce\" style=\"text-align: justify;\"><span style=\"font-size: 14pt; font-family: tahoma, arial, helvetica, sans-serif;\">En aquel momento, la comunidad sanitaria estaba pendiente de una nueva reuni\u00f3n del Comit\u00e9 de Emergencia de la\u00a0<strong class=\"mce\">Organizaci\u00f3n Mundial de la Salud<\/strong>\u00a0(OMS) para saber si se emitir\u00edan nuevas recomendaciones o, incluso, si se declaraba una emergencia sanitaria internacional, una decisi\u00f3n que se adopt\u00f3 unos d\u00edas despu\u00e9s.<\/span><\/p>\n<p class=\"mce\" style=\"text-align: justify;\"><span style=\"font-size: 14pt; font-family: tahoma, arial, helvetica, sans-serif;\">Aquel 22 de enero, Mart\u00edn inquiri\u00f3 en segundo lugar al Gobierno sobre la informaci\u00f3n que dispon\u00eda del \u201cvirus de Wuhan\u201d y la\u00a0<strong class=\"mce\">coordinaci\u00f3n<\/strong>\u00a0que estaba teniendo con autoridades sanitarias de otros pa\u00edses o con organismos sanitarios internacionales.<\/span><\/p>\n<p class=\"mce\" style=\"text-align: justify;\"><span style=\"font-size: 14pt; font-family: tahoma, arial, helvetica, sans-serif;\">La tercera pregunta era, sin embargo,\u00a0<strong class=\"mce\">la m\u00e1s comprometedora para el Gobierno<\/strong>\u00a0pues la diputada naranja pregunt\u00f3 si el Ejecutivo hab\u00eda puesto en marcha \u201calguna medida de vigilancia y prevenci\u00f3n ante posibles indicios de brotes de este nuevo coronavirus en nuestro pa\u00eds\u201d.<\/span><\/p>\n<h2 class=\"mce\" style=\"text-align: justify;\"><span style=\"font-size: 14pt; font-family: tahoma, arial, helvetica, sans-serif;\">Generalidades ya conocidas<\/span><\/h2>\n<p class=\"mce\" style=\"text-align: justify;\"><span style=\"font-size: 14pt; font-family: tahoma, arial, helvetica, sans-serif;\">La respuesta gubernamental\u00a0<strong class=\"mce\">lleg\u00f3 el 26 de febrero<\/strong>. Es decir, un mes y cuatro d\u00edas despu\u00e9s de su registro en la C\u00e1mara baja. Y se redact\u00f3 con generalidades ya conocidas. Por ejemplo, que el 31 de enero se confirm\u00f3 en\u00a0<strong class=\"mce\">La Gomera<\/strong>\u00a0un caso de Covid-19 en un ciudadano alem\u00e1n, \u201ccontacto estrecho\u201d de otro caso confirmado en Alemania. O que el 9 de febrero se confirm\u00f3 el segundo caso en un residente de\u00a0<strong class=\"mce\">Mallorca<\/strong>, fruto de un contagio con otro caso detectado en el Reino Unido.<\/span><\/p>\n<p class=\"mce\" style=\"text-align: justify;\"><span style=\"font-size: 14pt; font-family: tahoma, arial, helvetica, sans-serif;\">\u201cEspa\u00f1a est\u00e1 realizando actuaciones\u00a0<strong class=\"mce\">en la l\u00ednea propuesta por la OMS desde el d\u00eda 7 de diciembre de 2019<\/strong>. El Ministerio de Sanidad se encuentra en permanente contacto con los organismos internacionales: OMS y Centro de Control de Enfermedades Europeo y Comisi\u00f3n Europea (ECDC), para evaluar los riesgos de la situaci\u00f3n y coordinar las medidas de respuesta\u201d, dejaba claro el Ejecutivo.<\/span><\/p>\n<p class=\"mce\"><span style=\"font-size: 18pt;\"><a href=\"https:\/\/puntocritico.com\/ausajpuntocritico\/wp-content\/uploads\/2020\/04\/RESPUESTA-GOBIERNO-A-PREGUNTA-DIPUTADA-CIUDADANOS.pdf\" target=\"_blank\" rel=\"noopener noreferrer\">Respuesta del Gobierno:<\/a><\/span><\/p>\n<p><a href=\"https:\/\/puntocritico.com\/ausajpuntocritico\/wp-content\/uploads\/2020\/04\/RESPUESTA-GOBIERNO-A-PREGUNTA-DIPUTADA-CIUDADANOS.pdf\"><img loading=\"lazy\" decoding=\"async\" class=\"aligncenter wp-image-28644 size-full\" src=\"https:\/\/puntocritico.com\/ausajpuntocritico\/wp-content\/uploads\/2020\/04\/RESPUESTA-A-DIPUTADA-MARTA-MARTIN-CIUDADANOS.jpg\" alt=\"\" width=\"581\" height=\"451\" data-id=\"28644\" srcset=\"https:\/\/puntocritico.com\/ausajpuntocritico\/wp-content\/uploads\/2020\/04\/RESPUESTA-A-DIPUTADA-MARTA-MARTIN-CIUDADANOS.jpg 581w, https:\/\/puntocritico.com\/ausajpuntocritico\/wp-content\/uploads\/2020\/04\/RESPUESTA-A-DIPUTADA-MARTA-MARTIN-CIUDADANOS-300x233.jpg 300w\" sizes=\"auto, (max-width: 581px) 100vw, 581px\" \/><\/a><\/p>\n<p>&nbsp;<\/p>\n<p class=\"mce\" style=\"text-align: justify;\"><span style=\"font-size: 14pt; font-family: tahoma, arial, helvetica, sans-serif;\">Tambi\u00e9n se recordaba que el Ministerio de Sanidad hab\u00eda establecido un Comit\u00e9 de Seguimiento de la situaci\u00f3n que se re\u00fane \u201c<strong class=\"mce\">diariamente<\/strong>\u201d para valorar \u201cla evoluci\u00f3n del riesgo, las acciones que realizan las diferentes unidades del Departamento implicadas, las propuestas de actuaciones de coordinaci\u00f3n con las Comunidades Aut\u00f3nomas y las actividades de comunicaci\u00f3n t\u00e9cnica, institucional y a la poblaci\u00f3n y medios\u201d.<\/span><\/p>\n<blockquote class=\"mce-pullquote\">\n<p><span style=\"font-size: 14pt; font-family: tahoma, arial, helvetica, sans-serif;\">\u00abLe dije, oye Mar\u00eda Luisa Carcedo, esto pinta mal, \u00bfno? Y ella me dijo que tampoco hab\u00eda que asustarse porque la tasa de mortalidad es muy parecida a la de la gripe\u201d<\/span><\/p>\n<\/blockquote>\n<p class=\"mce\" style=\"text-align: justify;\"><span style=\"font-size: 14pt; font-family: tahoma, arial, helvetica, sans-serif;\">Sanidad convoc\u00f3, adem\u00e1s, el Consejo Interterritorial del Sistema Nacional de Salud el 4 de febrero y cre\u00f3 un Comit\u00e9 de Coordinaci\u00f3n Interministerial, un \u201cgrupo de trabajo que har\u00e1 un seguimiento y evaluaci\u00f3n de la situaci\u00f3n y coordinar\u00e1 la respuesta transversal del Ejecutivo\u00a0<strong class=\"mce\">ante cualquier eventualidad<\/strong>\u201d, se dec\u00eda en la respuesta.<\/span><\/p>\n<p class=\"mce\" style=\"text-align: justify;\"><span style=\"font-size: 14pt; font-family: tahoma, arial, helvetica, sans-serif;\">Otro organismo encargado de \u201crevisar la situaci\u00f3n y las medidas de salud p\u00fablica\u201d fue la\u00a0<strong class=\"mce\">Comisi\u00f3n de Salud P\u00fablica<\/strong>, mientras que el\u00a0<strong class=\"mce\">Centro Nacional de Microbiolog\u00eda<\/strong>\u00a0y el\u00a0<strong class=\"mce\">Centro Nacional de Epidemiolog\u00eda<\/strong>, en coordinaci\u00f3n con el Centro de Coordinaci\u00f3n de Alertas y Emergencias Sanitarias, ofrec\u00edan \u201capoyo\u201d a los centros del Sistema Nacional de Salud.<\/span><\/p>\n<h2 class=\"mce\" style=\"text-align: justify;\"><span style=\"font-size: 14pt; font-family: tahoma, arial, helvetica, sans-serif;\">\u00abNo es momento de reproches\u00bb<\/span><\/h2>\n<p class=\"mce\" style=\"text-align: justify;\"><span style=\"font-size: 14pt; font-family: tahoma, arial, helvetica, sans-serif;\">\u201cAhora, mirando para atr\u00e1s y con todas las preguntas que se hizo,\u00a0<strong class=\"mce\">pues da mucha pena con esa respuesta tan vaga un mes despu\u00e9s<\/strong>\u201d, confiesa Mart\u00edn, quien recuerda c\u00f3mo hasta la exministra de Sanidad,\u00a0<strong class=\"mce\">Mar\u00eda Luisa Carcedo<\/strong>, le minimiz\u00f3 en enero el potencial de este coronavirus cuando se cruz\u00f3 con ella en un pasillo del Congreso: \u201cLe dije, oye Mar\u00eda Luisa, esto pinta mal, \u00bfno? Y ella me dijo que tampoco hab\u00eda que asustarse porque la tasa de mortalidad era\u00a0<strong class=\"mce\">muy parecida a la de la gripe<\/strong>\u201d.<\/span><\/p>\n<p class=\"mce\" style=\"text-align: justify;\"><span style=\"font-size: 14pt; font-family: tahoma, arial, helvetica, sans-serif;\">En todo caso, la diputada naranja cree que ahora \u201cno es momento de reproches para nada\u201d, sino de sacar un aprendizaje: \u201cAunque seamos oposici\u00f3n,<strong class=\"mce\">\u00a0el Gobierno debe atender a las propuestas de todos<\/strong>\u00a0y buscar a los mejores con independencia de la ideolog\u00eda. Ahora, lo importante es que salgamos de esto y bien\u201d, concluye.<\/span><\/p>\n<p style=\"text-align: center;\"><span style=\"font-size: 14pt; color: #008000;\">\u2666\u2666\u2666\u2666\u2666<\/span><\/p>\n<p>&nbsp;<\/p>\n<p><img loading=\"lazy\" decoding=\"async\" class=\"aligncenter wp-image-28598\" src=\"https:\/\/puntocritico.com\/ausajpuntocritico\/wp-content\/uploads\/2020\/04\/Marlaska-El-Gobierno-no-se-arrepiente-de-nada-300x251.jpg\" alt=\"\" width=\"510\" height=\"427\" data-id=\"28598\" srcset=\"https:\/\/puntocritico.com\/ausajpuntocritico\/wp-content\/uploads\/2020\/04\/Marlaska-El-Gobierno-no-se-arrepiente-de-nada-300x251.jpg 300w, https:\/\/puntocritico.com\/ausajpuntocritico\/wp-content\/uploads\/2020\/04\/Marlaska-El-Gobierno-no-se-arrepiente-de-nada.jpg 424w\" sizes=\"auto, (max-width: 510px) 100vw, 510px\" \/><\/p>\n<p>&nbsp;<\/p>\n<p style=\"text-align: center;\"><span style=\"font-size: 14pt; color: #008000;\">\u2666\u2666\u2666\u2666\u2666<\/span><\/p>\n<p>&nbsp;<\/p>\n<div class=\"falseH1\">\n<h1 id=\"h1_maincontent\" style=\"text-align: center;\"><span class=\"maintitle\"><a id=\"ref12\"><\/a><a href=\"#ref12a\">[12]<\/a> Iglesias opina que Marlaska no limpi\u00f3 \u00ablas cloacas\u00bb: \u00ab\u00bfPor qu\u00e9 ha dimitido su n\u00famero dos de Comunicaci\u00f3n?\u00bb<\/span><\/h1>\n<\/div>\n<div class=\"summary\">\n<ul>\n<li style=\"text-align: justify;\"><em><span style=\"font-size: 18pt;\">Pablo Iglesias responsabiliza a los due\u00f1os de los medios de comunicaci\u00f3n de transmitir \u00abmentiras\u00bb<\/span><\/em><\/li>\n<li style=\"text-align: justify;\"><em><span style=\"font-size: 18pt;\">Afirma que la crisis en Catalu\u00f1a no se resuelve\u00a0con jueces y que no quiere \u00abvivir en un pa\u00eds con presos pol\u00edticos\u00bb<\/span><\/em><\/li>\n<\/ul>\n<\/div>\n<p>6\/04\/2019<\/p>\n<p><a href=\"https:\/\/www.rtve.es\/noticias\/20190406\/iglesias-insiste-persisten-cloacas-del-estado-dimite-numero-dos-comunicacion-si-todo-estaba-limpio\/1918362.shtml\" target=\"_blank\" rel=\"noopener noreferrer\">RTVE<\/a> \/ Agencias\u00a0<\/p>\n<figure id=\"attachment_30451\" aria-describedby=\"caption-attachment-30451\" style=\"width: 678px\" class=\"wp-caption aligncenter\"><img loading=\"lazy\" decoding=\"async\" class=\"wp-image-30451 size-mh-magazine-content\" src=\"https:\/\/puntocritico.com\/ausajpuntocritico\/wp-content\/uploads\/2020\/04\/pablo-iglesias-en-mitin-678x381.jpg\" alt=\"\" width=\"678\" height=\"381\" data-id=\"30451\" srcset=\"https:\/\/puntocritico.com\/ausajpuntocritico\/wp-content\/uploads\/2020\/04\/pablo-iglesias-en-mitin-678x381.jpg 678w, https:\/\/puntocritico.com\/ausajpuntocritico\/wp-content\/uploads\/2020\/04\/pablo-iglesias-en-mitin-300x169.jpg 300w, https:\/\/puntocritico.com\/ausajpuntocritico\/wp-content\/uploads\/2020\/04\/pablo-iglesias-en-mitin-1024x576.jpg 1024w, https:\/\/puntocritico.com\/ausajpuntocritico\/wp-content\/uploads\/2020\/04\/pablo-iglesias-en-mitin-768x432.jpg 768w, https:\/\/puntocritico.com\/ausajpuntocritico\/wp-content\/uploads\/2020\/04\/pablo-iglesias-en-mitin-1536x864.jpg 1536w, https:\/\/puntocritico.com\/ausajpuntocritico\/wp-content\/uploads\/2020\/04\/pablo-iglesias-en-mitin.jpg 1600w\" sizes=\"auto, (max-width: 678px) 100vw, 678px\" \/><figcaption id=\"caption-attachment-30451\" class=\"wp-caption-text\"><span style=\"color: #008000;\">Pablo Iglesias demuncia las &#8216;fake news&#8217; en el mitin de L&#8217;Hospitalet de Llobregat EFE ALEJANDRO GARC\u00cdA \/ EFE<\/span><\/figcaption><\/figure>\n<article class=\"mark article\" data-lang=\"es\" data-id=\"1918362\" data-url=\"https:\/\/www.rtve.es\/noticias\/20190406\/iglesias-insiste-persisten-cloacas-del-estado-dimite-numero-dos-comunicacion-si-todo-estaba-limpio\/1918362.shtml\" data-relativeurl=\"https:\/\/www.rtve.es\/noticias\/20190406\/iglesias-insiste-persisten-cloacas-del-estado-dimite-numero-dos-comunicacion-si-todo-estaba-limpio\/1918362.shtml\" data-category=\"{&quot;id&quot;:&quot;123930&quot;,&quot;parent&quot;:&quot;TE_NOTICI&quot;,&quot;name&quot;:&quot;Elecciones Generales abril 2019&quot;}\">\n<div class=\"mainContent hid_email\">\n<div class=\"artBody\">\n<p>&nbsp;<\/p>\n<p style=\"text-align: justify;\"><span style=\"font-size: 14pt; font-family: tahoma, arial, helvetica, sans-serif;\">El secretario general de Podemos, Pablo Iglesias, ha advertido en un mitin este s\u00e1bado de que\u00a0<strong>\u00ablas cloacas eran una m\u00e1quina de mentir\u00bb\u00a0<\/strong>y\u00a0que a\u00fan queda mucho por explicar y por limpiar. Afirma que el actual ministro del Interior, Fernando Grande-Marlaska, \u00abdijo que no hab\u00eda cloacas, que lo hab\u00edan limpiado todo\u00bb pero entonces,\u00a0\u00ab\u00bfpor qu\u00e9 ha\u00a0<a href=\"https:\/\/www.rtve.es\/noticias\/20190405\/dimite-director-general-informacion-nacional-moncloa-tras-ser-vinculado-caso-villarejo\/1918060.shtml\" target=\"_blank\" rel=\"noopener\">dimitido su n\u00famero dos de Comunicaci\u00f3n<\/a>\u00a0de La Moncloa (en referencia a Alberto Pozas) si todo estaba limpio?\u00bb, se ha preguntado Iglesias\u00a0en el acto de su partido en La Farga de L&#8217;Hospitalet de Llobregat (Barcelona).<\/span><\/p>\n<p style=\"text-align: justify;\"><span style=\"font-size: 14pt; font-family: tahoma, arial, helvetica, sans-serif;\">Iglesias ha a\u00f1adido que en estas elecciones se est\u00e1 hablando de las \u00abcloacas\u00bb porque hab\u00eda<strong>\u00a0\u00abpolic\u00edas corruptos\u00bb para crear noticias falsas que serv\u00edan \u00abserv\u00edan\u00bb para el PP, Ciudadanos y PSOE<\/strong>.<\/span><\/p>\n<p style=\"text-align: justify;\"><span style=\"font-size: 14pt; font-family: tahoma, arial, helvetica, sans-serif;\">El candidato de Unidas Podemos a la Presidencia del Gobierno\u00a0<a href=\"https:\/\/www.rtve.es\/noticias\/20190327\/caso-villarejo-iglesias-testifica-este-miercoles-ante-audiencia-nacional\/1911140.shtml\" target=\"_blank\" rel=\"noopener\">ha responsabilizado a los due\u00f1os de los medios de comunicaci\u00f3n<\/a>\u00a0de las\u00a0<em>fake news<\/em>\u00a0\u00abporque el poder no funciona sin un dispositivo que se llama mentira\u00bb.<\/span><\/p>\n<p style=\"text-align: justify;\"><span style=\"font-size: 14pt; font-family: tahoma, arial, helvetica, sans-serif;\">Asimismo sostiene que\u00a0<strong>est\u00e1 levantando ampollas<\/strong>\u00a0que su partido diga que \u00ablos propietarios de multinacionales, medios de comunicaci\u00f3n y fondos buitre tienen m\u00e1s poder que los diputados\u00bb.<\/span><\/p>\n<p style=\"text-align: justify;\"><span style=\"font-size: 14pt; font-family: tahoma, arial, helvetica, sans-serif;\"><a href=\"https:\/\/www.rtve.es\/noticias\/20190402\/iglesias-insiste-cloacas-siguen-funcionando-psoe-pero-cree-no-puede-eliminarlas\/1914862.shtml\" target=\"_blank\" rel=\"noopener\">Lo grave de las cloacas<\/a>\u00a0es su pata medi\u00e1tica porque es una m\u00e1quina de mentir\u00bb, ha subrayado. A\u00f1ade que \u00abcuando se fabrican noticias falsas se ponen en cuesti\u00f3n los principios de la democracia\u00bb.<\/span><\/p>\n<div class=\"section\">\n<h3 style=\"text-align: justify;\"><span class=\"ladillo\" style=\"font-size: 14pt; font-family: tahoma, arial, helvetica, sans-serif;\">No queremos vivir con \u00abpresos pol\u00edticos\u00bb<\/span><\/h3>\n<p style=\"text-align: justify;\"><span style=\"font-size: 14pt; font-family: tahoma, arial, helvetica, sans-serif;\">Tambi\u00e9n ha explicado que en estas elecciones hay\u00a0<strong>dos crisis que afrontar: la justicia social y la plurinacionalidad del Estado,<\/strong>\u00a0tras lo que ha apuntado que el problema en Catalunya no se resuelve \u00abpor la fuerza ni con jueces, sino dialogando, dialogando y dialogando\u00bb.<\/span><\/p>\n<p style=\"text-align: justify;\"><span style=\"font-size: 14pt; font-family: tahoma, arial, helvetica, sans-serif;\">Al respecto ha dicho que \u00a0<strong>no quiere \u00abvivir en un pa\u00eds con presos pol\u00edticos\u00bb\u00a0<\/strong>y ha garantizado que \u00abmienten, insultan y manipulan\u00bb quienes aseguran que el 1-O fue peor que el 23F.<\/span><\/p>\n<p style=\"text-align: justify;\"><span style=\"font-size: 14pt; font-family: tahoma, arial, helvetica, sans-serif;\">\u00abNo queremos vivir en un pa\u00eds con presos pol\u00edticos y no queremos que se conozca la democracia espa\u00f1ola porque haya presos pol\u00edticos, nos parece un esc\u00e1ndalo\u00bb, ha sostenido Iglesias.<\/span><\/p>\n<p style=\"text-align: justify;\"><span style=\"font-size: 14pt; font-family: tahoma, arial, helvetica, sans-serif;\">El l\u00edder de la formaci\u00f3n morada ha participado en su primer acto preelectoral junto a la alcaldesa de Barcelona y coordinadora de Catalunya en Com\u00fa, Ada Colau, y el n\u00famero uno de los comunes por Barcelona para el 28A, Jaume Asens.<\/span><\/p>\n<p style=\"text-align: justify;\"><span style=\"font-size: 14pt; font-family: tahoma, arial, helvetica, sans-serif;\">En un discurso que ha seguido al de Ada Colau, Iglesias ha se\u00f1alado la necesidad de\u00a0<a href=\"https:\/\/www.rtve.es\/noticias\/20190124\/archivada-causa-penal-venta-1800-pisos-publicos-fondos-buitre-cuando-botella-era-alcaldesa\/1873601.shtml\" target=\"_blank\" rel=\"noopener\"><strong>\u00abponer l\u00edmites a los fondos buitres\u00bb<\/strong><\/a>\u00a0y\u00a0<a href=\"https:\/\/www.rtve.es\/noticias\/20180512\/miles-personas-reclaman-alquileres-asequibles-principales-ciudades-espanolas\/1732660.shtml\" target=\"_blank\" rel=\"noopener\">\u00ablimitar el precio del alquiler de la vivienda\u00bb<\/a>. \u00abGobernar es defender los derechos de la gente humilde\u00bb, ha se\u00f1alado.<\/span><\/p>\n<p style=\"text-align: justify;\"><span style=\"font-size: 14pt; font-family: tahoma, arial, helvetica, sans-serif;\">Pablo Iglesias ha terminado su intervenci\u00f3n refiri\u00e9ndose a\u00a0<a href=\"https:\/\/www.rtve.es\/noticias\/20190403\/hasta-mas-convencido-puede-dudar-volatilidad-condiciona-voto-indecisos-28a\/1915580.shtml\" target=\"_blank\" rel=\"noopener\">los resultados de las encuestas<\/a>\u00a0que les sit\u00faa en peor lugar que las elecciones anteriores. \u00abNinguna encuesta va a decir lo que va a hacer la gente\u00bb y ha animado a los ciudadanos a que llenen las urnas con sus peque\u00f1as verdades cotidianas.<\/span><\/p>\n<p>&nbsp;<\/p>\n<div class=\"cartela\">\n<div class=\"section\">\n<table style=\"border-collapse: collapse; width: 100%;\">\n<tbody>\n<tr>\n<td style=\"width: 100%; border-color: #000000;\">\n<h3 style=\"text-align: justify;\"><span class=\"ladillo\" style=\"font-size: 14pt; font-family: 'times new roman', times, serif;\">La Polic\u00eda busc\u00f3 en\u00a0<em>OKDiario<\/em>\u00a0el m\u00f3vil de la asesora de Iglesias<\/span><\/h3>\n<p style=\"text-align: justify;\"><span style=\"font-size: 14pt; font-family: 'times new roman', times, serif;\">Agentes de la Unidad de Asuntos Internos de la Polic\u00eda Nacional acudieron\u00a0este viernes a la redacci\u00f3n de\u00a0<em>OKDiario<\/em>\u00a0con una orden judicial para requisar el\u00a0<em>pendrive<\/em>\u00a0en el que habr\u00eda una copia del m\u00f3vil de una colaboradora de Iglesias, Dina Bousselham, que le fue sustra\u00eddo en 2016 y cuyo contenido apareci\u00f3 entre los archivos incautados al comisario Villarejo, han confirmado a Efe fuentes policiales.<\/span><\/p>\n<p style=\"text-align: justify;\"><span style=\"font-size: 14pt; font-family: 'times new roman', times, serif;\">Pero los responsables del peri\u00f3dico les dijeron que no lo encontraban, seg\u00fan las fuentes, y finalmente entregaron una copia digital del contenido del dispositivo de memoria.<\/span><\/p>\n<p style=\"text-align: justify;\"><span style=\"font-size: 14pt; font-family: 'times new roman', times, serif;\">Seg\u00fan ha adelantado\u00a0<em>eldiario.es<\/em>\u00a0y han confirmado a Europa Press en fuentes jur\u00eddicas, la entrada en\u00a0<em>OkDiario<\/em>\u00a0est\u00e1 motivada por un escrito presentado por Podemos, que ejerce la acusaci\u00f3n popular en la causa que investiga al expolic\u00eda en el Juzgado Central de Instrucci\u00f3n numero 6 de la Audiencia Nacional, pidiendo que se procediera a requisar el material que pudiera conservar ese medio de comunicaci\u00f3n.<\/span><\/p>\n<p style=\"text-align: justify;\"><span style=\"font-size: 14pt; font-family: 'times new roman', times, serif;\">Tras acordar el juez la medida, los agentes se presentaron en la redacci\u00f3n del medio, solicitaron el material y trasladaron la prohibici\u00f3n de publicar m\u00e1s contenido procedente del tel\u00e9fono m\u00f3vil de Bousselham.\u00a0<\/span><\/p>\n<\/td>\n<\/tr>\n<\/tbody>\n<\/table>\n<\/div>\n<\/div>\n<\/div>\n<\/div>\n<\/div>\n<\/article>\n<aside class=\"totem\">\n<div class=\"totemBox\">\n<article class=\"mod\">\n<div class=\"mainBox\">\n<div class=\"mediaBox noticBox \" style=\"text-align: justify;\" data-assetid=\"1918060_es_noticias\" data-sust=\"false\" data-autoplay=\"true\" data-location=\"alacarta_videos\" data-related=\"true\" data-id=\"1918060\">\u00a0<\/div>\n<\/div>\n<\/article>\n<\/div>\n<\/aside>\n<p style=\"text-align: center;\"><span style=\"font-size: 14pt; color: #008000;\">\u2666\u2666\u2666\u2666\u2666<\/span><\/p>\n<p>&nbsp;<\/p>\n<p><img loading=\"lazy\" decoding=\"async\" class=\"aligncenter wp-image-28601 size-full\" src=\"https:\/\/puntocritico.com\/ausajpuntocritico\/wp-content\/uploads\/2020\/04\/MINISTERIO-DE-SANIDAD-LLAMA-A-NO-USAR-MASCARILLAS.jpg\" alt=\"\" width=\"372\" height=\"595\" data-id=\"28601\" srcset=\"https:\/\/puntocritico.com\/ausajpuntocritico\/wp-content\/uploads\/2020\/04\/MINISTERIO-DE-SANIDAD-LLAMA-A-NO-USAR-MASCARILLAS.jpg 372w, https:\/\/puntocritico.com\/ausajpuntocritico\/wp-content\/uploads\/2020\/04\/MINISTERIO-DE-SANIDAD-LLAMA-A-NO-USAR-MASCARILLAS-188x300.jpg 188w\" sizes=\"auto, (max-width: 372px) 100vw, 372px\" \/><\/p>\n<p>&nbsp;<\/p>\n<p style=\"text-align: center;\"><span style=\"font-size: 14pt; color: #008000;\">\u2666\u2666\u2666\u2666\u2666<\/span><\/p>\n<p>&nbsp;<\/p>\n<p style=\"text-align: center;\"><strong><span style=\"font-size: 24pt;\"><a id=\"ref13\"><\/a><a href=\"#ref13a\">[13]<\/a> EL GOBIERNO ALERT\u00d3 A SU PERSONAL DEL RIESGO DEL VIRUS UNA SEMANA ANTES DE AVISAR A TODA LA POBLACI\u00d3N<\/span><\/strong><\/p>\n<ul>\n<li><span style=\"font-size: 18pt;\">Una circular difundi\u00f3 entre los ministerios pautas de distanciamiento, higiene y teletrabajo a principios de marzo.<\/span><\/li>\n<li><span style=\"font-size: 18pt;\">Fue justo despu\u00e9s de los \u00faltimos d\u00edas de febrero, momento \u00e1lgido de los contagios.<\/span><\/li>\n<li><span style=\"font-size: 18pt;\">Las primeras medidas econ\u00f3micas llegaron el 12 de marzo; el confinamiento, el 15.<\/span><\/li>\n<\/ul>\n<div>\u00a0<\/div>\n<div>Por Clara Pina\u00a0<\/div>\n<div>6\/04\/2020<\/div>\n<div><a href=\"https:\/\/www.20minutos.es\/noticia\/4216291\/0\/gobierno-se-protegio-coronavirus-antes-avisar-poblacion\/\" target=\"_blank\" rel=\"noopener noreferrer\">20 MINUTOS\u00a0<\/a><\/div>\n<div>\u00a0<\/div>\n<div>\u00a0<\/div>\n<div>(&#8230;)\u00a0<\/div>\n<div>\n<p id=\"m_-3180472781255504605gmail-m133-132-134\" style=\"text-align: justify;\"><span style=\"font-size: 14pt; font-family: tahoma, arial, helvetica, sans-serif;\">En los primeros d\u00edas de marzo, all\u00e1 por el d\u00eda 3 y 4, ministerios y dem\u00e1s departamentos p\u00fablicos empezaron a recibir una circular con pautas\u00a0para que sus trabajadores evitaran contagios que todav\u00eda en ese momento el Gobierno no recomendaba al p\u00fablico en general.<\/span><\/p>\n<p id=\"m_-3180472781255504605gmail-m133-132-134\" style=\"text-align: justify;\"><span style=\"font-size: 14pt; font-family: tahoma, arial, helvetica, sans-serif;\">Entre ese momento y, por ejemplo, el 8 de marzo cuando el Gobierno a\u00fan no crey\u00f3 conveniente desaconsejar la asistencia a\u00a0manifestaciones por el D\u00eda Internacional de la Mujer, eventos deportivos\u00a0o el multitudinario\u00a0mitin de Vox, los trabajadores del Gobierno s\u00ed empezaron a recibir instrucciones sobre lo que deb\u00edan y no deb\u00edan hacer para evitar contagiarse por Covid-19.\u00a0<\/span><\/p>\n<p id=\"m_-3180472781255504605gmail-m248-247-249\" style=\"text-align: justify;\"><span style=\"font-size: 14pt; font-family: tahoma, arial, helvetica, sans-serif;\">Seg\u00fan las instrucciones que prepar\u00f3 Sanidad para los centros de trabajo p\u00fablicos a las que ha tenido acceso\u00a0<em>20minutos<\/em>, m\u00e1s de diez d\u00edas antes de que se decretara el estado de alarma y se generalizara el teletrabajo en la empresa privada, el Gobierno ya pidi\u00f3 a sus empleados\u00a0evitar los desplazamientos o las reuniones presenciales.<\/span><\/p>\n<p id=\"m_-3180472781255504605gmail-m253-252-254\" style=\"text-align: justify;\"><span style=\"font-size: 14pt; font-family: tahoma, arial, helvetica, sans-serif;\">A modo de \u00abmedidas organizativas\u00bb, la circular recomienda \u00abevitar el contacto directo con personas que pueden sufrir una infecci\u00f3n aguda, intentando mantener una\u00a0separaci\u00f3n de 1-2 metros entre estas personas\u00bb. La primera vez que aparece esta distancia de separaci\u00f3n en un documento para el conjunto de la poblaci\u00f3n es en el decreto del estado de alarma que aprob\u00f3 el Consejo de Ministros el 14 de marzo. All\u00ed, se fijaba que las bodas, funerales u otras ceremonias religiosas, que entonces a\u00fan no se prohibieron totalmente, solo podr\u00edan celebrarse si los participantes se separaban a menos un metro unos de otros.<\/span><\/p>\n<p id=\"m_-3180472781255504605gmail-m258-257-259\" style=\"text-align: justify;\"><span style=\"font-size: 14pt; font-family: tahoma, arial, helvetica, sans-serif;\">El 11 de marzo, el Gobierno todav\u00eda descartaba \u00abcerrar Madrid\u00bb, pero r<a href=\"https:\/\/www.20minutos.es\/noticia\/4183835\/0\/sanidad-pide-poblacion-madrid-no-viajar-otras-comunidades-autonomas-coronavirus\/\" target=\"_blank\" rel=\"noopener noreferrer\" data-saferedirecturl=\"https:\/\/www.google.com\/url?q=https:\/\/www.20minutos.es\/noticia\/4183835\/0\/sanidad-pide-poblacion-madrid-no-viajar-otras-comunidades-autonomas-coronavirus\/&amp;source=gmail&amp;ust=1586599617199000&amp;usg=AFQjCNFAYIaxwfBHQWdDlFA409W2Yn6r3w\">ecomend\u00f3 no viajar si no era estrictamente necesario<\/a>. Una semana antes, la circular que rod\u00f3 por sus ministerios ya recomendaba \u00abevitar el desplazamiento\u00a0a zonas de riesgo, salvo que sea ineludible\u00bb. Esta indicaci\u00f3n se volv\u00eda m\u00e1s perentoria en el caso de \u00abtrabajadores con patolog\u00edas\u00bb tales como \u00abcardiaca, pulmonar, inmunocomprometido, etc, as\u00ed como de embarazadas y cualquier otra que pudiera agravar su estado\u00bb.<\/span><\/p>\n<p id=\"m_-3180472781255504605gmail-m133-132-134\" style=\"text-align: justify;\"><span style=\"font-size: 14pt; font-family: tahoma, arial, helvetica, sans-serif;\">\u00abSe recomienda evitar saludos con contacto f\u00edsico\u00bb, prosiguen las recomendaciones a los trabajadores p\u00fablicos en un documento de los primeros d\u00edas de marzo, cuando los ciudadanos segu\u00edan haciendo vida normal.<\/span><\/p>\n<p id=\"m_-3180472781255504605gmail-m273-272-274\" style=\"text-align: justify;\"><span style=\"font-size: 14pt; font-family: tahoma, arial, helvetica, sans-serif;\">De la misma manera, el Gobierno tambi\u00e9n adelant\u00f3 en sus instrucciones a empleados otra manera de trabajar\u2013 teletrabajo y reunione telem\u00e1ticas\u2013, que a\u00fan tardar\u00eda en generalizarse entre la poblaci\u00f3n todav\u00eda m\u00e1s de una semana.<\/span><\/p>\n<p id=\"m_-3180472781255504605gmail-m133-132-134\" style=\"text-align: justify;\"><span style=\"font-size: 14pt; font-family: tahoma, arial, helvetica, sans-serif;\">\u00abSiempre que sea posible,realizar las\u00a0reuniones utilizando tecnolog\u00edas audiovisuales\u00a0para evitar desplazamiento innecearios\u00bb, se lee en una circular que empez\u00f3 a difundirse un par de d\u00edas antes de que el 5 de marzo el Ministerio de Trabajo publicara su<a href=\"https:\/\/www.20minutos.es\/noticia\/4175360\/0\/recomendaciones-trabajo-empresas-trabajadores-riesgo-contagio-coronavirus\/\" target=\"_blank\" rel=\"noopener noreferrer\" data-saferedirecturl=\"https:\/\/www.google.com\/url?q=https:\/\/www.20minutos.es\/noticia\/4175360\/0\/recomendaciones-trabajo-empresas-trabajadores-riesgo-contagio-coronavirus\/&amp;source=gmail&amp;ust=1586599617199000&amp;usg=AFQjCNF1UtAiiWMS1gKuMxB1WB61KnoKJg\">\u00a0gu\u00eda sobre c\u00f3mo actuar en los centros de trabajo<\/a>\u00a0ante un caso de coronavirus. All\u00ed ya se recomendaba que las empresas migraran al teletrabajo. La historia del \u00faltimo mes muestra que al d\u00eda siguiente<a href=\"https:\/\/www.20minutos.es\/noticia\/4175991\/0\/moncloa-desautoriza-trabajo-instrucciones-validas-coronavirus-sanidad\/\" target=\"_blank\" rel=\"noopener noreferrer\" data-saferedirecturl=\"https:\/\/www.google.com\/url?q=https:\/\/www.20minutos.es\/noticia\/4175991\/0\/moncloa-desautoriza-trabajo-instrucciones-validas-coronavirus-sanidad\/&amp;source=gmail&amp;ust=1586599617199000&amp;usg=AFQjCNHQMmrsIJnrFwVYrmf6EZwfz0VARg\">\u00a0la Secretar\u00eda de Estado de Comunicaci\u00f3n desacredit\u00f3\u00a0<\/a>estas instrucciones. Sobre el teletrabajo, solo se convirtieron en recomendaci\u00f3n firme en el\u00a0<a href=\"https:\/\/www.20minutos.es\/noticia\/4190955\/0\/sanchez-gobierno-medidas-consejo-ministros-coronavirus\/\" target=\"_blank\" rel=\"noopener noreferrer\" data-saferedirecturl=\"https:\/\/www.google.com\/url?q=https:\/\/www.20minutos.es\/noticia\/4190955\/0\/sanchez-gobierno-medidas-consejo-ministros-coronavirus\/&amp;source=gmail&amp;ust=1586599617199000&amp;usg=AFQjCNEhECjIM77Dspu1pPSanXB-Aevs8w\">segundo decreto de medidas econ\u00f3micas\u00a0<\/a>que aprob\u00f3 el Consejo de Ministros el 17 de marzo.\u00a0\u00a0<\/span><\/p>\n<\/div>\n<p style=\"text-align: center;\"><span style=\"font-size: 14pt; color: #008000;\">\u2666\u2666\u2666\u2666\u2666<\/span><\/p>\n<p>&nbsp;<\/p>\n<table style=\"border-collapse: collapse; width: 100%;\">\n<tbody>\n<tr>\n<td style=\"width: 100%; border-color: #000000; background-color: #f4faf0;\">\n<div>\u00a0<\/div>\n<div style=\"text-align: center;\"><span style=\"font-size: 24pt;\"><strong>El PP urge a S\u00e1nchez a explicar si alert\u00f3 del riesgo a su personal una semana antes que a la poblaci\u00f3n<\/strong><\/span><\/div>\n<div>\u00a0<\/div>\n<div>\u00a0<\/div>\n<div>\u00a0<\/div>\n<div style=\"text-align: justify;\">\n<figure id=\"attachment_30781\" aria-describedby=\"caption-attachment-30781\" style=\"width: 678px\" class=\"wp-caption aligncenter\"><img loading=\"lazy\" decoding=\"async\" class=\"wp-image-30781 size-mh-magazine-content\" src=\"https:\/\/puntocritico.com\/ausajpuntocritico\/wp-content\/uploads\/2020\/04\/CASADO-678x381.jpg\" alt=\"\" width=\"678\" height=\"381\" data-id=\"30781\" \/><figcaption id=\"caption-attachment-30781\" class=\"wp-caption-text\"><span style=\"color: #008000;\">El PP urge a S\u00e1nchez a explicar si alert\u00f3 del riesgo a su personal una semana antes que a la poblaci\u00f3n <\/span><\/figcaption><\/figure><\/p>\n<p><span style=\"font-size: 14pt; font-family: 'times new roman', times, serif;\">El PP ha emplazado este lunes a Pedro S\u00e1nchez a explicar cu\u00e1nto antes si el Gobierno alert\u00f3 a su personal de los riesgos del coronavirus una semana antes de avisar a toda la poblaci\u00f3n, ya que, a su entender, ser\u00eda de \u00abuna gravedad extrema\u00bb que hubiera tomado \u00abprecauciones\u00bb dentro del Ejecutivo mientras dec\u00eda al resto de espa\u00f1oles que hiciera vida normal. En los primeros d\u00edas de marzo, ministerios y dem\u00e1s departamentos p\u00fablicos empezaron a recibir una circular con pautas de distanciamiento &#8230;<\/span><\/p>\n<p><span style=\"font-size: 14pt; font-family: 'times new roman', times, serif;\">Leer m\u00e1s:\u00a0<a href=\"https:\/\/www.europapress.es\/nacional\/noticia-pp-urge-sanchez-explicar-si-alerto-riesgo-personal-semana-antes-poblacion-20200406125454.html\" target=\"_blank\" rel=\"noopener noreferrer\" data-saferedirecturl=\"https:\/\/www.google.com\/url?q=https:\/\/www.europapress.es\/nacional\/noticia-pp-urge-sanchez-explicar-si-alerto-riesgo-personal-semana-antes-poblacion-20200406125454.html&amp;source=gmail&amp;ust=1586599617199000&amp;usg=AFQjCNFN08CE0iEYQT3awKFSzz_q_xb4wQ\">https:\/\/www.europapress.<wbr \/>es\/nacional\/noticia-pp-urge-<wbr \/>sanchez-explicar-si-alerto-<wbr \/>riesgo-personal-semana-antes-<wbr \/>poblacion-20200406125454.html<\/a><\/span><\/div>\n<div>\u00a0<\/div>\n<\/td>\n<\/tr>\n<\/tbody>\n<\/table>\n<div style=\"text-align: left;\">\n<\/div>\n<p style=\"text-align: center;\"><span style=\"font-size: 14pt; color: #008000;\">\u2666\u2666\u2666\u2666\u2666<\/span><\/p>\n<p>&nbsp;<\/p>\n<figure id=\"attachment_28602\" aria-describedby=\"caption-attachment-28602\" style=\"width: 540px\" class=\"wp-caption aligncenter\"><img loading=\"lazy\" decoding=\"async\" class=\"wp-image-28602\" src=\"https:\/\/puntocritico.com\/ausajpuntocritico\/wp-content\/uploads\/2020\/04\/Podemos-exige-despenaliar-las-Injurias-al-Rey-300x163.jpg\" alt=\"\" width=\"540\" height=\"293\" data-id=\"28602\" srcset=\"https:\/\/puntocritico.com\/ausajpuntocritico\/wp-content\/uploads\/2020\/04\/Podemos-exige-despenaliar-las-Injurias-al-Rey-300x163.jpg 300w, https:\/\/puntocritico.com\/ausajpuntocritico\/wp-content\/uploads\/2020\/04\/Podemos-exige-despenaliar-las-Injurias-al-Rey.jpg 335w\" sizes=\"auto, (max-width: 540px) 100vw, 540px\" \/><figcaption id=\"caption-attachment-28602\" class=\"wp-caption-text\">UTBH<\/figcaption><\/figure>\n<p style=\"text-align: center;\"><span style=\"font-size: 14pt; color: #008000;\">\u2666\u2666\u2666\u2666\u2666<\/span><\/p>\n<p>&nbsp;<\/p>\n<h1 style=\"text-align: center;\"><a id=\"ref14\"><\/a><a href=\"#ref14a\">[14]<\/a> El juez rechaza el recurso de Fiscal\u00eda General del Estado contra la orden que obliga a proteger frente al Covid-19<\/h1>\n<h2 style=\"text-align: center;\"><em>El Juzgado de lo Social n\u00famero 13 de Madrid reafirma la medida cautelar por la que debe proveer de equipos de protecci\u00f3n al personal en servicios esenciales<\/em><\/h2>\n<p>Por Isabel Vega\u00a0<\/p>\n<p>8\/4\/2020<\/p>\n<p><a href=\"https:\/\/www.abc.es\/espana\/abci-juez-rechaza-recurso-fiscalia-general-estado-contra-orden-obliga-proteger-frente-covid-19-202004081716_noticia.html\" target=\"_blank\" rel=\"noopener noreferrer\">ABC\u00a0<\/a><\/p>\n<figure id=\"attachment_30820\" aria-describedby=\"caption-attachment-30820\" style=\"width: 620px\" class=\"wp-caption aligncenter\"><img loading=\"lazy\" decoding=\"async\" class=\"wp-image-30820 size-full\" src=\"https:\/\/puntocritico.com\/ausajpuntocritico\/wp-content\/uploads\/2020\/04\/DoloresDelgado-U53645465108Fxe-620x349@abc.jpg\" alt=\"\" width=\"620\" height=\"349\" data-id=\"30820\" srcset=\"https:\/\/puntocritico.com\/ausajpuntocritico\/wp-content\/uploads\/2020\/04\/DoloresDelgado-U53645465108Fxe-620x349@abc.jpg 620w, https:\/\/puntocritico.com\/ausajpuntocritico\/wp-content\/uploads\/2020\/04\/DoloresDelgado-U53645465108Fxe-620x349@abc-300x169.jpg 300w\" sizes=\"auto, (max-width: 620px) 100vw, 620px\" \/><figcaption id=\"caption-attachment-30820\" class=\"wp-caption-text\"><span style=\"color: #008000;\">La fiscal General, Dolores Delgado &#8211; EFE<\/span><\/figcaption><\/figure>\n<div>\u00a0<\/div>\n<div>\u00a0<\/div>\n<p style=\"text-align: justify;\"><span style=\"font-size: 14pt; font-family: tahoma, arial, helvetica, sans-serif;\">El Juzgado de lo Social n\u00famero 13 de Madrid ha desestimado los recursos presentados por la Fiscal\u00eda General del Estado y el Ministerio de Justicia contra el auto por el que<strong>\u00a0impuso a ambos como medida cautelar la obligaci\u00f3n de proveer de equipos individuales de protecci\u00f3n frente al coronavirus<\/strong>\u00a0a su personal en servicios esenciales.<\/span><\/p>\n<p style=\"text-align: justify;\"><span style=\"font-size: 14pt; font-family: tahoma, arial, helvetica, sans-serif;\">La resoluci\u00f3n, firmada por la juez sustituta Mar\u00eda S\u00e1nchez Rivero y contra la que no cabe recurso, ratifica as\u00ed en sus t\u00e9rminos aquella decisi\u00f3n adoptada el pasado 25 de marzo e instada por\u00a0<strong>la Asociaci\u00f3n Profesional Independiente de Fiscales (APIF)<\/strong>, que reclamaba mascarillas, guantes y geles entre otras medidas de protecci\u00f3n, para el colectivo apelando a la ley de prevenci\u00f3n de riesgos laborales.<\/span><\/p>\n<p style=\"text-align: justify;\"><span style=\"font-size: 14pt; font-family: tahoma, arial, helvetica, sans-serif;\">Fiscal\u00eda General del Estado\u00a0<strong><a href=\"https:\/\/www.abc.es\/espana\/abci-fiscalia-recurre-cautelares-impuestas-justicia-sobre-proteccion-frente-coronavirus-202003301058_noticia.html\" target=\"_blank\" rel=\"noopener\">recurri\u00f3 la decisi\u00f3n<\/a>\u00a0alegando la \u00ababsoluta y patente falta de competencia objetiva\u00bb<\/strong>\u00a0del Juzgado de lo Social para dictar medidas cautelares sobre un organismo que es de car\u00e1cter constitucional y habida cuenta de que la repercusi\u00f3n de las mismas tendr\u00eda car\u00e1cter general. Consideraba que la competencia en todo caso ser\u00eda de la Sala de lo Social de la Audiencia Nacional y ped\u00eda la nulidad del auto de modo\u00a0<strong>que quedasen sin efecto las medidas acordadas<\/strong>\u00a0-suministrar la protecci\u00f3n en 24 horas-.<\/span><\/p>\n<aside class=\"roba-intercalado sin-fondo layer_inpage\">\n<div id=\"google_ads_iframe_\/4900\/vocento.abc\/espana\/noticia_5__container__\" style=\"text-align: justify;\"><span style=\"font-size: 14pt; font-family: tahoma, arial, helvetica, sans-serif;\">Sin embargo, la juez que ha visto los recursos tanto de esta parte como de la Abogac\u00eda del Estado<strong>\u00a0le quita la raz\u00f3n<\/strong>\u00a0pues explica, que siguiendo al pie la ley reguladora de la Jurisdicci\u00f3n Social, corresponde a este juzgado entender del asunto.<\/span><\/div>\n<\/aside>\n<p style=\"text-align: justify;\"><span style=\"font-size: 14pt; font-family: tahoma, arial, helvetica, sans-serif;\">Cita adem\u00e1s que, en todo caso, \u00ab<strong>si el tribunal se considerara territorialmente incompetente, podr\u00e1, no obstante, cuando las circunstancias del caso lo aconsejaren, ordenar<\/strong>\u00a0en prevenci\u00f3n aquellas medidas cautelares que resulten m\u00e1s urgentes\u00ab, por lo que adem\u00e1s de ser su jurisdicci\u00f3n, tendr\u00eda competencia para ejercerla.<\/span><\/p>\n<p style=\"text-align: justify;\"><span style=\"font-size: 14pt; font-family: tahoma, arial, helvetica, sans-serif;\">La juez explica que no obstante, el conflicto competencial habr\u00e1 de resolverse en el procedimiento sobre el fondo del asunto, en resoluci\u00f3n aparte, y no en esta fase separada que se refiere exclusivamente a las medidas cautelares.<\/span><\/p>\n<p style=\"text-align: justify;\"><span style=\"font-size: 14pt; font-family: tahoma, arial, helvetica, sans-serif;\">\u00abSe obliga a las partes\u00a0<strong>a estar y pasar por la presente resoluci\u00f3n<\/strong>\u00a0con todas las obligaciones y derechos inherentes a la misma. Esta resoluci\u00f3n es firme y contra la misma no cabe recurso alguno\u00ab, concluye la instructora, tras formar pieza separada y enviar lo actuado al procedimiento principal para analizar la competencia territorial.<\/span><\/p>\n<p style=\"text-align: justify;\"><span style=\"font-size: 14pt; font-family: tahoma, arial, helvetica, sans-serif;\">El auto del 25 de marzo, cuya vigencia se ratifica, estimaba parcialmente la solicitud de la APIF y ordena \u00abque se provea de forma inmediata, en el t\u00e9rmino de 24 horas, en todas las sedes judiciales, a los Fiscales, incluyendo al concreto demandante y funcionarios de las Oficinas Fiscales que\u00a0<strong>deban realizar funciones presenciales durante la vigencia de la pandemia del COVID-19<\/strong> de mascarillas, guantes, gel desinfectante, y gafas, si fuera posible\u00bb.<\/span><\/p>\n<p style=\"text-align: justify;\">\u00a0<\/p>\n<p style=\"text-align: center;\"><span style=\"font-size: 14pt; color: #008000;\">\u2666\u2666\u2666\u2666\u2666<\/span><\/p>\n<p>&nbsp;<\/p>\n<figure id=\"attachment_28603\" aria-describedby=\"caption-attachment-28603\" style=\"width: 540px\" class=\"wp-caption aligncenter\"><img loading=\"lazy\" decoding=\"async\" class=\"wp-image-28603\" src=\"https:\/\/puntocritico.com\/ausajpuntocritico\/wp-content\/uploads\/2020\/04\/Podemos-denuncia-injurias-a-las-altas-intituciones-del-estado-300x67.jpg\" alt=\"\" width=\"540\" height=\"120\" data-id=\"28603\" srcset=\"https:\/\/puntocritico.com\/ausajpuntocritico\/wp-content\/uploads\/2020\/04\/Podemos-denuncia-injurias-a-las-altas-intituciones-del-estado-300x67.jpg 300w, https:\/\/puntocritico.com\/ausajpuntocritico\/wp-content\/uploads\/2020\/04\/Podemos-denuncia-injurias-a-las-altas-intituciones-del-estado.jpg 477w\" sizes=\"auto, (max-width: 540px) 100vw, 540px\" \/><figcaption id=\"caption-attachment-28603\" class=\"wp-caption-text\">UTBH<\/figcaption><\/figure>\n<p>&nbsp;<\/p>\n<p style=\"text-align: center;\"><span style=\"font-size: 14pt; color: #008000;\">\u2666\u2666\u2666\u2666\u2666<\/span><\/p>\n<h1 class=\"pg-bkn-headline\" style=\"text-align: center;\"><a id=\"ref15\"><\/a><a href=\"#ref15a\">[15]<\/a> \u00bfQui\u00e9n es Miguel Lacambra y por qu\u00e9 se ha hecho viral en las redes?<\/h1>\n<p class=\"pg-bkn-standfirst\" style=\"text-align: center;\"><span style=\"font-size: 18pt;\"><em>Su nombre ha revolucionado las redes y las b\u00fasquedas en Google desde este jueves cuando se convirti\u00f3 en &#8216;trending topic&#8217; en Twitter<\/em><\/span><\/p>\n<p>Por Bea Tellez Meneses\u00a0<\/p>\n<p>27\/03\/2020<\/p>\n<p><a href=\"https:\/\/www.vozpopuli.com\/memesis\/quien-es-Miguel-Lacambra-periodista-marea_0_1340566203.html\" target=\"_blank\" rel=\"noopener noreferrer\">VOZPOPULI<\/a>\u00a0<\/p>\n<p>&nbsp;<\/p>\n<p><img loading=\"lazy\" decoding=\"async\" class=\"aligncenter wp-image-28604\" src=\"https:\/\/puntocritico.com\/ausajpuntocritico\/wp-content\/uploads\/2020\/04\/Miguel-Lacambra-hecho-viral-redes_1340575954_14859250_1280x720-300x169.jpg\" alt=\"\" width=\"610\" height=\"343\" data-id=\"28604\" srcset=\"https:\/\/puntocritico.com\/ausajpuntocritico\/wp-content\/uploads\/2020\/04\/Miguel-Lacambra-hecho-viral-redes_1340575954_14859250_1280x720-300x169.jpg 300w, https:\/\/puntocritico.com\/ausajpuntocritico\/wp-content\/uploads\/2020\/04\/Miguel-Lacambra-hecho-viral-redes_1340575954_14859250_1280x720-1024x576.jpg 1024w, https:\/\/puntocritico.com\/ausajpuntocritico\/wp-content\/uploads\/2020\/04\/Miguel-Lacambra-hecho-viral-redes_1340575954_14859250_1280x720-768x432.jpg 768w, https:\/\/puntocritico.com\/ausajpuntocritico\/wp-content\/uploads\/2020\/04\/Miguel-Lacambra-hecho-viral-redes_1340575954_14859250_1280x720-678x381.jpg 678w, https:\/\/puntocritico.com\/ausajpuntocritico\/wp-content\/uploads\/2020\/04\/Miguel-Lacambra-hecho-viral-redes_1340575954_14859250_1280x720.jpg 1280w\" sizes=\"auto, (max-width: 610px) 100vw, 610px\" \/><\/p>\n<p>&nbsp;<\/p>\n<p class=\"mce\" style=\"text-align: justify;\"><span style=\"font-size: 14pt; font-family: tahoma, arial, helvetica, sans-serif;\">El nombre de\u00a0<strong class=\"mce\">Miguel Lacambra<\/strong>\u00a0se convirti\u00f3 en &#8216;trending topic&#8217; en Twitter este jueves.\u00a0<strong class=\"mce\">El \u00abperiodista<\/strong>\u00a0especializado en econom\u00eda y pol\u00edtica\u00bb que \u00abpersigue datos y los interpreta\u00bb, seg\u00fan su perfil, pas\u00f3 de ser un completo desconocido al hombre m\u00e1s buscado del momento.<\/span><\/p>\n<div class=\"inset-R-w3\" style=\"text-align: justify;\">\n<aside class=\"rel-more-info\">\n<p><span style=\"font-size: 14pt; font-family: tahoma, arial, helvetica, sans-serif;\"><strong class=\"mce\">\u00bfPor qu\u00e9 se convirti\u00f3 en tendencia su nombre?<\/strong>\u00a0Por la publicaci\u00f3n de sus an\u00e1lisis y gr\u00e1ficos de los datos relacionados con la evoluci\u00f3n del coronavirus en Espa\u00f1a, siempre tratando de una manera muy positiva la gesti\u00f3n del Gobierno. S\u00f3lo ten\u00eda un art\u00edculo publicado, escrito en el\u00a0<strong class=\"mce\">medio digital &#8216;La Marea&#8217;,\u00a0<\/strong>en el que<strong class=\"mce\">\u00a0negaba cualquier conexi\u00f3n<\/strong>\u00a0entre la celebraci\u00f3n del\u00a0<strong class=\"mce\">8-M y la expansi\u00f3n del coronavirus,<\/strong>\u00a0algo por lo que el Gobierno est\u00e1 siendo muy criticado.<\/span><\/p>\n<\/aside>\n<\/div>\n<p class=\"mce\" style=\"text-align: justify;\"><span style=\"font-size: 14pt; font-family: tahoma, arial, helvetica, sans-serif;\">Sus an\u00e1lisis eran muy compartidos por tuiteros vinculados a la izquierda. Sin embargo, que se hicieran tan virales,\u00a0<strong class=\"mce\">hizo levantar las sospechas.<\/strong>\u00a0Esto sumado a que su cuenta\u00a0<strong class=\"mce\">fue creada en Twitter el 14 de marzo.\u00a0<\/strong>A pesar de su corta vida en la red social, y tener solo un art\u00edculo publicado, ya cuenta\u00a0<strong class=\"mce\">con m\u00e1s de 19.000 seguidores<\/strong>\u00a0a pesar de que solo sigue a 267 usuarios.<\/span><\/p>\n<h2 class=\"mce\" style=\"text-align: justify;\"><span style=\"font-size: 14pt; font-family: tahoma, arial, helvetica, sans-serif;\">\u00bfQui\u00e9n es Miguel Lacambra?<\/span><\/h2>\n<p class=\"mce\" style=\"text-align: justify;\"><span style=\"font-size: 14pt; font-family: tahoma, arial, helvetica, sans-serif;\">Los internautas pronto se dieron cuenta de que se trataba de una persona que no exist\u00eda:\u00a0<strong class=\"mce\">\u00abUna cuenta fake pro-Gobierno\u00bb.\u00a0<\/strong>Algunos de los tuits que se puden leer sobre esto son: \u00abCu\u00e1ntos Miguel Lacambra habr\u00e1n salido de la<strong class=\"mce\">\u00a0factor\u00eda de Iv\u00e1n Redondo\u00bb,<\/strong>\u00a0\u00ab\u00bfCu\u00e1ntos Miguel Lacambra nos hemos comido en 20 a\u00f1os?\u00bb o\u00a0<strong class=\"mce\">\u00abLa izquierda buscando validaci\u00f3n\u00bb.\u00a0<\/strong>Incluso alguno hab\u00eda encontrado que tambi\u00e9n ten\u00eda un perfil falso en LinkedIn: \u00abQue<strong class=\"mce\">\u00a0os hab\u00e9is inventado hasta el LinkedIn, colega.\u00a0<\/strong>A llorar a la llorer\u00eda\u00bb.<\/span><\/p>\n<p style=\"text-align: justify;\">\u00a0<\/p>\n<div class=\"inset\" style=\"text-align: justify;\"><span style=\"font-size: 14pt; font-family: tahoma, arial, helvetica, sans-serif;\"><img loading=\"lazy\" decoding=\"async\" class=\"aligncenter wp-image-30907\" src=\"https:\/\/puntocritico.com\/ausajpuntocritico\/wp-content\/uploads\/2020\/04\/LACAMBRA-300x200.jpg\" alt=\"\" width=\"710\" height=\"472\" data-id=\"30907\" srcset=\"https:\/\/puntocritico.com\/ausajpuntocritico\/wp-content\/uploads\/2020\/04\/LACAMBRA-300x200.jpg 300w, https:\/\/puntocritico.com\/ausajpuntocritico\/wp-content\/uploads\/2020\/04\/LACAMBRA-768x511.jpg 768w, https:\/\/puntocritico.com\/ausajpuntocritico\/wp-content\/uploads\/2020\/04\/LACAMBRA.jpg 803w\" sizes=\"auto, (max-width: 710px) 100vw, 710px\" \/><\/span><\/div>\n<p class=\"mce\" style=\"text-align: justify;\"><span style=\"font-size: 14pt; font-family: tahoma, arial, helvetica, sans-serif;\">Despu\u00e9s de varios minutos de rastreo y b\u00fasqueda, la conclusi\u00f3n era que\u00a0<strong class=\"mce\">su nombre es falso,<\/strong>\u00a0su foto est\u00e1 sacada de un banco de im\u00e1genes y la mayor\u00eda de sus\u00a0<strong class=\"mce\">seguidores son bots.<\/strong><\/span><\/p>\n<blockquote class=\"mce-pullquote\">\n<p><span style=\"font-size: 14pt; font-family: tahoma, arial, helvetica, sans-serif;\">\u00abEste perfil es un heter\u00f3nimo, Miguel Lacambra no existe. Soy una persona normal que quiere conservar su privacidad\u00bb<\/span><\/p>\n<\/blockquote>\n<p class=\"mce\" style=\"text-align: justify;\"><span style=\"font-size: 14pt; font-family: tahoma, arial, helvetica, sans-serif;\">Despu\u00e9s del revuelo, la cuenta de Lacambra desapareci\u00f3. A su vez, &#8216;La Marea&#8217; publicaba un comunicado explicando que se trataba de\u00a0<strong class=\"mce\">\u00abun pseud\u00f3nimo\u00bb<\/strong>.\u00a0<strong class=\"mce\">\u00abAclaraci\u00f3n ante el revuelo suscitado<\/strong>\u00a0en RRSS por la identidad del autor del art\u00edculo &#8216;\u00bfHa influido el 8-M en el incremento de los casos de Covid-19?'\u00bb.<\/span><\/p>\n<p>&nbsp;<\/p>\n<p style=\"text-align: justify;\"><img loading=\"lazy\" decoding=\"async\" class=\"aligncenter wp-image-30927 size-full\" src=\"https:\/\/puntocritico.com\/ausajpuntocritico\/wp-content\/uploads\/2020\/04\/TWEETER-LACAMBRA.jpg\" alt=\"\" width=\"618\" height=\"707\" data-id=\"30927\" srcset=\"https:\/\/puntocritico.com\/ausajpuntocritico\/wp-content\/uploads\/2020\/04\/TWEETER-LACAMBRA.jpg 618w, https:\/\/puntocritico.com\/ausajpuntocritico\/wp-content\/uploads\/2020\/04\/TWEETER-LACAMBRA-262x300.jpg 262w\" sizes=\"auto, (max-width: 618px) 100vw, 618px\" \/><\/p>\n<p class=\"mce\" style=\"text-align: justify;\"><span style=\"font-family: tahoma, arial, helvetica, sans-serif; font-size: 14pt;\">Unas horas despu\u00e9s, el perfil de Lacambra volv\u00eda a reaparecer, defendi\u00e9ndose de los ataques con este mensaje:\u00a0<strong class=\"mce\">\u201cEstoy absolutamente abrumado\u00a0<\/strong>por lo que est\u00e1 pasando.\u00a0<strong class=\"mce\">Este perfil es un heter\u00f3nimo,<\/strong>\u00a0Miguel Lacambra no existe, soy una persona normal que quiere\u00a0<strong class=\"mce\">conservar su privacidad<\/strong>\u00a0como tantos otros en Twitter\u201d.<\/span><\/p>\n<p class=\"mce\" style=\"text-align: justify;\"><span style=\"font-family: tahoma, arial, helvetica, sans-serif; font-size: 14pt;\">Y prosigue: \u201cSiempre he utilizado datos p\u00fablicos y aportado una visi\u00f3n de optimismo\u00a0<strong class=\"mce\">con la idea de mantener el \u00e1nimo<\/strong>\u00a0ante el esfuerzo que estamos realizando todos para parar esta pandemia. No hay nada m\u00e1s. Datos p\u00fablicos, palabras y una persona normal que ahora mismo<strong class=\"mce\">\u00a0lo est\u00e1 pasando muy mal\u201d.<\/strong><\/span><\/p>\n<blockquote class=\"twitter-tweet twitter-tweet-error\" data-twitter-extracted-i15867127868464076=\"true\">\n<p class=\"mce\" dir=\"ltr\" lang=\"es\"><span style=\"font-family: tahoma, arial, helvetica, sans-serif; font-size: 14pt;\">Estoy absolumento abrumado por lo que est\u00e1 pasando. Este perfil es un heter\u00f3nimo, Miguel Lacambra no existe, soy una persona normal que quiere conservar su privacidad como tantos otros en Twitter. Hace unas semanas empec\u00e9 a representar los datos p\u00fablicos del coronavirus (+)<\/span><\/p>\n<p><span style=\"font-family: tahoma, arial, helvetica, sans-serif; font-size: 14pt;\">\u2014 Miguel Lacambra (@mglacambra)\u00a0<a class=\"mce\" href=\"https:\/\/twitter.com\/mglacambra\/status\/1243182798376243205?ref_src=twsrc%5Etfw\" target=\"_blank\" rel=\"noopener\">March 26, 2020<\/a><\/span><\/p><\/blockquote>\n<h2 class=\"mce\" style=\"text-align: justify;\"><span style=\"font-family: tahoma, arial, helvetica, sans-serif; font-size: 14pt;\">Maestre defiende a Lacambra e insulta a sus detractores<\/span><\/h2>\n<p class=\"mce\" style=\"text-align: justify;\"><span style=\"font-family: tahoma, arial, helvetica, sans-serif; font-size: 14pt;\">Una respuesta no ha convencido a los usuarios de las redes sociales que adem\u00e1s se preguntan como\u00a0<strong class=\"mce\">alguien que no existe ha podido llegar a firmar<\/strong>\u00a0un art\u00edculo con su nombre.<\/span><\/p>\n<p class=\"mce\" style=\"text-align: justify;\"><span style=\"font-family: tahoma, arial, helvetica, sans-serif; font-size: 14pt;\">Por su parte,\u00a0<strong class=\"mce\">Antonio Maestre<\/strong>, colaborador de &#8216;La Marea&#8217;, respond\u00eda en Twitter a los ataques insultando a los detractores con este mensaje que luego elimin\u00f3:\u00a0<strong class=\"mce\">\u00abSois gentuza.\u00a0<\/strong>Hijos de puta de la peor condici\u00f3n.\u00a0<strong class=\"mce\">No todos pueden dar la cara<\/strong>\u00a0como hacemos otros sin que les perjudique laboralmente. La campa\u00f1a de acoso a un tipo an\u00f3nimo que ha publicado un an\u00e1lisis sobre el 8M muestra\u00a0<strong class=\"mce\">el tipo de malnacidos que hay por aqu\u00ed\u00bb.\u00a0<\/strong><\/span><\/p>\n<p>&nbsp;<\/p>\n<div class=\"inset\" style=\"text-align: justify;\"><img loading=\"lazy\" decoding=\"async\" class=\"aligncenter wp-image-30948\" src=\"https:\/\/puntocritico.com\/ausajpuntocritico\/wp-content\/uploads\/2020\/04\/TWEETER-ANTONIO-MAESTRE-300x290.jpg\" alt=\"\" width=\"630\" height=\"608\" data-id=\"30948\" srcset=\"https:\/\/puntocritico.com\/ausajpuntocritico\/wp-content\/uploads\/2020\/04\/TWEETER-ANTONIO-MAESTRE-300x290.jpg 300w, https:\/\/puntocritico.com\/ausajpuntocritico\/wp-content\/uploads\/2020\/04\/TWEETER-ANTONIO-MAESTRE-768x741.jpg 768w, https:\/\/puntocritico.com\/ausajpuntocritico\/wp-content\/uploads\/2020\/04\/TWEETER-ANTONIO-MAESTRE.jpg 778w\" sizes=\"auto, (max-width: 630px) 100vw, 630px\" \/><\/div>\n<p style=\"text-align: justify;\">\u00a0<\/p>\n<p style=\"text-align: center;\"><span style=\"font-size: 14pt; color: #008000;\">\u2666\u2666\u2666\u2666\u2666<\/span><\/p>\n<p>&nbsp;<\/p>\n<table style=\"border-collapse: collapse; width: 100%;\">\n<tbody>\n<tr>\n<td style=\"width: 100%; border-color: #000000; background-color: #f9fcf7;\">\n<p style=\"text-align: justify;\"><span style=\"font-size: 14pt; font-family: tahoma, arial, helvetica, sans-serif;\">\u00ab&#8230;Acato las \u00f3rdenes del Ejecutivo al que pertenece, pero en modo alguno comparto ni puedo digerir, sin amargo sabor, que el <strong>Real Decreto 463\/2020 de 14 de marzo con su disposici\u00f3n adicional tercera sumiera en una hibernaci\u00f3n y letargo mortal a nuestro sistema judicial.<\/strong><\/span><\/p>\n<p style=\"text-align: justify;\"><span style=\"font-size: 14pt; font-family: tahoma, arial, helvetica, sans-serif;\"><strong>La paralizaci\u00f3n ha sido una decisi\u00f3n torpe y precipitada<\/strong> consecuencia de la falta de previsi\u00f3n de las consecuencias de una pandemia que ya se conoc\u00eda desde mediados de enero que llegar\u00eda a Espa\u00f1a&#8230;.\u00bb<\/span><\/p>\n<p style=\"text-align: right;\"><a href=\"https:\/\/confilegal.com\/20200409-carta-abierta-al-ministro-de-justicia-letargo-mortal-del-sistema-judicial\/\" target=\"_blank\" rel=\"noopener noreferrer\" data-saferedirecturl=\"https:\/\/www.google.com\/url?q=https:\/\/confilegal.com\/20200409-carta-abierta-al-ministro-de-justicia-letargo-mortal-del-sistema-judicial\/&amp;source=gmail&amp;ust=1586599617285000&amp;usg=AFQjCNFASdez89rQKuDxm7zB0mnPydUGzw\">https:\/\/confilegal.com\/<wbr \/>20200409-carta-abierta-al-<wbr \/>ministro-de-justicia-letargo-<wbr \/>mortal-del-sistema-judicial\/<\/a><\/p>\n<\/td>\n<\/tr>\n<\/tbody>\n<\/table>\n<p>&nbsp;<\/p>\n<p style=\"text-align: center;\"><span style=\"font-size: 14pt; color: #008000;\">\u2666\u2666\u2666\u2666\u2666<\/span><\/p>\n<p>&nbsp;<\/p>\n<h1 style=\"text-align: center;\"><a id=\"ref16\"><\/a><a href=\"#ref16a\">[16]<\/a> Desestimados los recursos de la Abogac\u00eda del Estado y de la Fiscal\u00eda contra el auto de medidas cautelares de protecci\u00f3n a fiscales<\/h1>\n<p style=\"text-align: center;\"><span style=\"font-size: 18pt;\">LA JUEZ SE\u00d1ALA QUE LOS PROCEDIMIENTOS EN MATERIA DE PREVENCI\u00d3N DE RIESGOS LABORALES, AUNQUE AFECTEN A FUNCIONARIOS P\u00daBLICOS, SON COMPETENCIA DE LA JURISDICCI\u00d3N SOCIAL<\/span><\/p>\n<div>\n<p>Por Rosalina Moreno\u00a0<\/p>\n<p>8\/04\/2020<\/p>\n<p><a href=\"https:\/\/confilegal.com\/20200408-desestimados-los-recursos-de-la-abogacia-del-estado-y-de-la-fiscalia-contra-el-auto-de-medidas-cautelares-de-proteccion-a-fiscales\/\" target=\"_blank\" rel=\"noopener noreferrer\">CONFILEGAL\u00a0<\/a><\/p>\n<\/div>\n<p>&nbsp;<\/p>\n<figure id=\"attachment_31009\" aria-describedby=\"caption-attachment-31009\" style=\"width: 678px\" class=\"wp-caption aligncenter\"><img loading=\"lazy\" decoding=\"async\" class=\"wp-image-31009 size-mh-magazine-content\" src=\"https:\/\/puntocritico.com\/ausajpuntocritico\/wp-content\/uploads\/2020\/04\/Juzgados-de-lo-Social-Madrid-678x381.jpg\" alt=\"\" width=\"678\" height=\"381\" data-id=\"31009\" srcset=\"https:\/\/puntocritico.com\/ausajpuntocritico\/wp-content\/uploads\/2020\/04\/Juzgados-de-lo-Social-Madrid-678x381.jpg 678w, https:\/\/puntocritico.com\/ausajpuntocritico\/wp-content\/uploads\/2020\/04\/Juzgados-de-lo-Social-Madrid-300x169.jpg 300w, https:\/\/puntocritico.com\/ausajpuntocritico\/wp-content\/uploads\/2020\/04\/Juzgados-de-lo-Social-Madrid-1024x576.jpg 1024w, https:\/\/puntocritico.com\/ausajpuntocritico\/wp-content\/uploads\/2020\/04\/Juzgados-de-lo-Social-Madrid-768x432.jpg 768w, https:\/\/puntocritico.com\/ausajpuntocritico\/wp-content\/uploads\/2020\/04\/Juzgados-de-lo-Social-Madrid.jpg 1200w\" sizes=\"auto, (max-width: 678px) 100vw, 678px\" \/><figcaption id=\"caption-attachment-31009\" class=\"wp-caption-text\"><span style=\"color: #008000;\">Ratifica el auto daba 24 horas al Ministerio de Justicia y a la FGE para dotar de medios de protecci\u00f3n a fiscales y a funcionarios de la oficina fiscal. Foto: Madridiario<\/span><\/figcaption><\/figure>\n<div>\n<p>&nbsp;<\/p>\n<p style=\"text-align: justify;\"><span style=\"font-size: 14pt; font-family: tahoma, arial, helvetica, sans-serif;\">El Juzgado de lo Social n\u00famero 13 de Madrid ha desestimado\u00a0los recursos de reposici\u00f3n de la Fiscal\u00eda y de la Abogac\u00eda del Estado contra el auto\u00a0que\u00a0<a href=\"https:\/\/confilegal.com\/20200326-una-juez-da-24-horas-al-ministerio-de-justicia-y-a-la-fge-para-dotar-de-medios-de-proteccion-a-fiscales-y-a-funcionarios-de-la-oficina-fiscal\/\" target=\"_blank\" rel=\"noopener noreferrer\"><strong>daba 24 horas al Ministerio de Justicia y a la Fiscal\u00eda General del Estado para dotar de medios de protecci\u00f3n a fiscales y a funcionarios de la oficina fiscal.<\/strong><\/a><\/span><\/p>\n<p style=\"text-align: justify;\"><span style=\"font-size: 14pt; font-family: tahoma, arial, helvetica, sans-serif;\">Aquel auto fue dictado el pasado 25 de marzo por la\u00a0magistrada-juez sustituta\u00a0<strong>Mar\u00eda S\u00e1nchez Rivero<\/strong>\u00a0del\u00a0<strong>Juzgado de lo Social n\u00famero 13 de Madrid<\/strong>\u00a0tras estimar \u201cparcialmente\u201d la medida cautelar solicitada por la\u00a0<strong>Asociaci\u00f3n Profesional e Independiente de Fiscales (APIF)<\/strong>, y por\u00a0su presidente,\u00a0<strong>Juan Antonio Frago Amada<\/strong>, fiscal de la Fiscal\u00eda Provincial de La Coru\u00f1a.<\/span><\/p>\n<p style=\"text-align: justify;\"><span style=\"font-size: 14pt; font-family: tahoma, arial, helvetica, sans-serif;\">La abogada\u00a0<strong>Ver\u00f3nica Su\u00e1rez Garc\u00eda,<\/strong>\u00a0del bufete\u00a0SF Compliance, de La Coru\u00f1a, present\u00f3 el 25 de marzo, en representaci\u00f3n de\u00a0APIF y de Frago, esta\u00a0<strong>demanda contra el Ministerio de Justicia y la Fiscal\u00eda General del Estado\u00a0<\/strong>por presunta\u00a0<strong>vulneraci\u00f3n de derechos fundamentales<\/strong>\u00a0en la que\u00a0solicitaron esta medida cautelar\u00edsima inaudita.<\/span><\/p>\n<p>&nbsp;<\/p>\n<div class=\"SandboxRoot env-bp-350\" data-twitter-event-id=\"0\">\n<div class=\"resize-sensor\">\n<div class=\"resize-sensor-expand\">\n<div><img loading=\"lazy\" decoding=\"async\" class=\"aligncenter wp-image-31029 size-full\" src=\"https:\/\/puntocritico.com\/ausajpuntocritico\/wp-content\/uploads\/2020\/04\/TWEETER-RECURSO-FISCALIA.jpg\" alt=\"\" width=\"623\" height=\"604\" data-id=\"31029\" srcset=\"https:\/\/puntocritico.com\/ausajpuntocritico\/wp-content\/uploads\/2020\/04\/TWEETER-RECURSO-FISCALIA.jpg 623w, https:\/\/puntocritico.com\/ausajpuntocritico\/wp-content\/uploads\/2020\/04\/TWEETER-RECURSO-FISCALIA-300x291.jpg 300w\" sizes=\"auto, (max-width: 623px) 100vw, 623px\" \/><\/div>\n<\/div>\n<div class=\"resize-sensor-shrink\">\n<div>\u00a0<\/div>\n<\/div>\n<\/div>\n<\/div>\n<div class=\"page\" title=\"Page 1\">\n<div class=\"section\">\n<div class=\"layoutArea\">\n<div class=\"column\">\n<div class=\"page\" title=\"Page 1\">\n<div class=\"section\">\n<div class=\"layoutArea\">\n<div class=\"column\">\n<p style=\"text-align: justify;\"><span style=\"font-size: 14pt; font-family: tahoma, arial, helvetica, sans-serif;\">La Abogac\u00eda del Estado present\u00f3 dos recursos contra la resoluci\u00f3n de la magistrada. El primero el 27 de marzo en representaci\u00f3n de la Fiscal\u00eda General del Estado, y otro el 30 de marzo en representaci\u00f3n del Ministerio de Justicia.<\/span><\/p>\n<p style=\"text-align: justify;\"><span style=\"font-size: 14pt; font-family: tahoma, arial, helvetica, sans-serif;\">Ambos fueron impugnados por APIF el 6 de abril.<\/span><\/p>\n<p style=\"text-align: justify;\"><span style=\"font-size: 14pt; font-family: tahoma, arial, helvetica, sans-serif;\">La\u00a0Fiscal\u00eda tambi\u00e9n recurri\u00f3 el auto alegando\u00a0<strong><a href=\"https:\/\/confilegal.com\/20200330-la-fiscalia-recurre-el-auto-que-daba-24-horas-a-justicia-y-a-la-fge-para-dotar-de-medios-de-proteccion-a-fiscales-y-a-funcionarios-de-la-oficina-fiscal\/\" target=\"_blank\" rel=\"noopener noreferrer\">\u201cabsoluta y patente falta de competencia objetiva de este Juzgado de lo Social para conocer del presente procedimiento\u201d<\/a>.<\/strong><\/span><\/p>\n<\/div>\n<\/div>\n<\/div>\n<\/div>\n<\/div>\n<\/div>\n<\/div>\n<\/div>\n<div class=\"page\" style=\"text-align: justify;\" title=\"Page 5\">\n<div class=\"section\">\n<div class=\"layoutArea\">\n<div class=\"column\">\n<p><span style=\"font-size: 14pt; font-family: tahoma, arial, helvetica, sans-serif;\">En un auto con fecha de ayer, que es firme, la magistrada se\u00f1ala que los procedimientos en materia de prevenci\u00f3n de riesgos laborales, aunque afecten a funcionarios p\u00fablicos,\u00a0<strong>son competencia de la jurisdicci\u00f3n social.<\/strong><\/span><\/p>\n<p><span style=\"font-size: 14pt; font-family: tahoma, arial, helvetica, sans-serif;\">Recuerda que el\u00a0<strong>art\u00edculo 2 de la Ley 36\/2011, de 10 de octubre, Reguladora de la Jurisdicci\u00f3n Social<\/strong>, al respecto del \u00e1mbito del orden jurisdiccional social, dispone que \u201clos \u00f3rganos jurisdiccionales del orden social, por aplicaci\u00f3n de lo establecido en el art\u00edculo anterior,\u00a0<strong>conocer\u00e1n de las cuestiones litigiosas que se promuevan\u00a0<\/strong><strong>\u201cpara garantizar el cumplimiento de las obligaciones legales y convencionales en materia de prevenci\u00f3n de riesgos laborales<\/strong>, tanto frente al empresario como frente a otros sujetos obligados legal o convencionalmente, as\u00ed como para conocer de la impugnaci\u00f3n de las actuaciones de las Administraciones p\u00fablicas en dicha materia respecto de todos sus empleados (..:) \u201cy\u00a0<strong>siempre sin perjuicio de las competencias plenas de la Inspecci\u00f3n de Trabajo y Seguridad Social en el ejercicio de sus funciones\u201d<\/strong>, de acuerdo a lo establecido en el punto e de dicha Ley.<\/span><\/p>\n<div class=\"Y9JjcxTa\"><span style=\"font-size: 14pt; font-family: tahoma, arial, helvetica, sans-serif;\">Tambi\u00e9n se\u00f1ala que <strong>conocer\u00e1n de las cuestiones litigiosas que se promuevan<\/strong>, seg\u00fan el apartado f de esa Ley,\u00a0<strong>\u201csobre tutela de los derechos de libertad sindical, huelga y dem\u00e1s derechos fundamentales y libertades p\u00fablicas<\/strong>, incluida la prohibici\u00f3n de la discriminaci\u00f3n y el acoso, contra el empresario o terceros vinculados a \u00e9ste por cualquier t\u00edtulo, cuando la vulneraci\u00f3n alegada tenga conexi\u00f3n directa con la prestaci\u00f3n de servicios;\u00a0<strong>sobre las reclamaciones en materia de libertad sindical y de derecho de huelga<\/strong>\u00a0frente a actuaciones de las Administraciones p\u00fablicas referidas exclusivamente al personal laboral;\u00a0<strong>sobre las controversias entre dos o m\u00e1s sindicatos, o entre \u00e9stos y las asociaciones empresariales<\/strong>, siempre que el litigio verse sobre cuestiones objeto de la competencia del orden jurisdiccional social, incluida en todos los supuestos de este apartado la responsabilidad por da\u00f1os;\u00a0<strong>y sobre las dem\u00e1s actuaciones previstas en la presente Ley<\/strong>\u00a0conforme al apartado 4 del art\u00edculo 117 de la Constituci\u00f3n Espa\u00f1ola en garant\u00eda de cualquier derecho\u201d.<\/span><\/div>\n<\/div>\n<div class=\"page\" title=\"Page 2\">\n<div class=\"section\">\n<div class=\"layoutArea\">\n<div class=\"column\">\n<p><span style=\"font-size: 14pt; font-family: tahoma, arial, helvetica, sans-serif;\">La juez explica que por tanto la alegaci\u00f3n al\u00a0<strong>respecto de la falta de jurisdicci\u00f3n<\/strong>\u00a0formulada por la Abogac\u00eda del Estado no puede ser estimada.<\/span><\/p>\n<div class=\"page\" title=\"Page 3\">\n<div class=\"section\">\n<div class=\"layoutArea\">\n<div class=\"column\">\n<p><span style=\"font-size: 14pt; font-family: tahoma, arial, helvetica, sans-serif;\"><strong>Respecto de la falta de competencia alegada por el Abogado del Estado<\/strong>, invocando el art\u00edculo 725.1 de la Ley 1\/2000, de 7 de enero, de Enjuiciamiento Civil, la juez manifiesta que\u00a0<strong>\u201csorprende que obvie lo prevenido en el p\u00e1rrafo siguiente, art\u00edculo 725.2<\/strong>\u00a0que resulta de aplicaci\u00f3n y dispone en el punto 2 que \u201cen los casos a que se refiere el apartado anterior, si el tribunal se considerara territorialmente incompetente, podr\u00e1, no obstante, cuando las circunstancias del caso lo aconsejaren, ordenar en prevenci\u00f3n aquellas medidas cautelares que resulten m\u00e1s urgentes\u201d.<\/span><\/p>\n<p><span style=\"font-size: 14pt; font-family: tahoma, arial, helvetica, sans-serif;\">Adem\u00e1s, recuerda, como ya hizo en el auto recurrido,\u00a0<strong>la publicaci\u00f3n del Real Decreto 463\/2020, de 14 de marzo,<\/strong>\u00a0por el que se declara el estado de alarma para la gesti\u00f3n de la situaci\u00f3n de crisis sanitaria ocasionada por el COVID- 19, y la incidencia que tiene en la prevenci\u00f3n de aquellas conforme al mandato legal.<\/span><\/p>\n<p><span style=\"font-size: 14pt; font-family: tahoma, arial, helvetica, sans-serif;\">\u201cEs de nuevo por imperativo legal, por lo que\u00a0<strong>la alegada subsidiaria falta de competencia<\/strong>\u00a0para conocer de las presentes medidas cautelares que invoca la Abogac\u00eda del Estado,\u00a0<strong>no es tal, y por tanto debe decaer\u201d<\/strong>, explica.<\/span><\/p>\n<p><span style=\"font-size: 14pt; font-family: tahoma, arial, helvetica, sans-serif;\">En tercer lugar, respecto del resto de alegaciones efectuadas por la Abogac\u00eda del Estado, competenciales de la denuncia presentada, litispendencia, falta de legitimaci\u00f3n activa, falta de litisconsorcio pasivo necesario, infracci\u00f3n del Real Decreto 600\/2002, la magistrada se\u00f1ala que\u00a0<strong>\u201cse realizan inexplicablemente en el presente recurso, cuando se refieren al proceso principal y no a esta pieza separada de medidas cautelares\u201d.<\/strong><\/span><\/p>\n<p><span style=\"font-size: 14pt; font-family: tahoma, arial, helvetica, sans-serif;\">Indica que<strong>\u00a0la primera de las cuestiones, competencia del proceso principal, se tramitar\u00e1 en resoluci\u00f3n apart<\/strong>e, y que\u00a0el resto, \u201cque son excepciones procesales habr\u00e1n de hacerse valer en el curso del proceso correspondiente, y en el momento procesal oportuno\u201d.<\/span><\/p>\n<p><span style=\"font-size: 14pt; font-family: tahoma, arial, helvetica, sans-serif;\">\u201cT\u00e9ngase en cuenta que nos hemos referido al art\u00edculo 725.2 Ley 1\/2000, de 7 de enero, de Enjuiciamiento Civil que obvia el asunto de la competencia territorial para acordar la medida cautelar\u201d, apunta.<\/span><\/p>\n<div class=\"page\" title=\"Page 4\">\n<div class=\"section\">\n<div class=\"layoutArea\">\n<div class=\"column\">\n<p><span style=\"font-size: 14pt; font-family: tahoma, arial, helvetica, sans-serif;\">Respecto a la alegaci\u00f3n s\u00e9ptima del escrito de recurso presentado por la Abogac\u00eda del Estado,<strong>\u00a0recuerda y advierte que la mera lectura de la parte dispositiva del auto recurrido<\/strong>\u00a0determina conforme a su tenor literal, que la estimaci\u00f3n de las medidas cautelares es parcial, acordando la misma \u201csi es posible\u201d, en atenci\u00f3n precisamente a la publicaci\u00f3n del Real Decreto por el que se declara el estado de alarma para la gesti\u00f3n de la situaci\u00f3n de crisis sanitaria ocasionada por el COVID-19, como explicit\u00f3 en auto recurrido y que reitera.<\/span><\/p>\n<p><span style=\"font-size: 14pt; font-family: tahoma, arial, helvetica, sans-serif;\">En consecuencia, dice que no concurren las infracciones normativas alegadas.<\/span><\/p>\n<div class=\"page\" title=\"Page 4\">\n<div class=\"section\">\n<div class=\"layoutArea\">\n<div class=\"column\">\n<p><span style=\"font-size: 14pt; font-family: tahoma, arial, helvetica, sans-serif;\">En relaci\u00f3n con lo alegado en el escrito de impugnaci\u00f3n de los recursos interpuestos, de que contra el auto del pasado 25 de marzo no cabe reposici\u00f3n, se\u00f1ala que al no haberse dado audiencia al demandado y tener facultad de oposici\u00f3n, se ha acudido a la normativa laboral y concretamente al art\u00edculo 186 de la Ley 36\/2011, de 10 de octubre, Reguladora de la Jurisdicci\u00f3n Social a efectos de que por esta v\u00eda procesal pueda efectuar los oportunos motivos de oposici\u00f3n.<\/span><\/p>\n<p><span style=\"font-size: 14pt; font-family: tahoma, arial, helvetica, sans-serif;\">A\u00f1ade que respecto a la inadecuaci\u00f3n de procedimiento (conflicto colectivo) y litispendencia son excepciones procesales que deber\u00e1n alegarse en su caso, en el acto de la vista, del tribunal que resulte competente.<\/span><\/p>\n<\/div>\n<\/div>\n<\/div>\n<\/div>\n<\/div>\n<\/div>\n<\/div>\n<\/div>\n<\/div>\n<\/div>\n<\/div>\n<\/div>\n<\/div>\n<\/div>\n<\/div>\n<\/div>\n<\/div>\n<\/div>\n<\/div>\n<\/div>\n<div>\u00a0<\/div>\n<div style=\"text-align: center;\"><span style=\"font-size: 14pt; color: #008000;\">\u2666\u2666\u2666\u2666\u2666<\/span><\/div>\n<div>\u00a0<\/div>\n<div>\u00a0<\/div>\n<div>\n<table style=\"border-collapse: collapse; width: 100%;\">\n<tbody>\n<tr>\n<td style=\"width: 100%; border-color: #000000; background-color: #f2fcf0;\">\n<h1 style=\"text-align: center;\">M\u00e1s de 50 organizaciones de todo el mundo piden proteger a quienes alerten de irregularidades durante la crisis del coronavirus<\/h1>\n<div style=\"text-align: center;\">HACEN UN DOBLE LLAMAMIENTO: A LOS CIUDADANOS PARA QUE DENUNCIEN LOS ABUSOS COMETIDOS, Y A LAS AUTORIDADES E INSTITUCIONES P\u00daBLICAS PARA PROTEGERLES<\/div>\n<div style=\"text-align: center;\">Han suscrito un manifiesto titulado\u00a0&#8216;Coalici\u00f3n para alertar de forma segura durante el Covid-19 y m\u00e1s all\u00e1&#8217;, impulsado por la Fundaci\u00f3n Internacional Baltasar Garz\u00f3n (FIBGAR).<\/div>\n<p style=\"text-align: right;\"><a href=\"https:\/\/confilegal.com\/20200408-mas-de-50-organizaciones-de-todo-el-mundo-piden-proteger-a-quienes-alerten-de-irregularidades-durante-la-crisis-del-coronavirus\/\" target=\"_blank\" rel=\"noopener\">CONFILEGAL\u00a0<\/a><\/p>\n<\/td>\n<\/tr>\n<\/tbody>\n<\/table>\n<\/div>\n<div>\u00a0<\/div>\n<div style=\"text-align: center;\">\u00a0<\/div>\n<p style=\"text-align: center;\"><span style=\"font-size: 14pt; color: #008000;\">\u2666\u2666\u2666\u2666\u2666<\/span><\/p>\n<p>&nbsp;<\/p>\n<p><a href=\"https:\/\/www.elmundo.es\/espana\/2020\/04\/08\/5e8e05d1fc6c837b648b4589.html\" target=\"_blank\" rel=\"noopener noreferrer\"><img loading=\"lazy\" decoding=\"async\" class=\"aligncenter wp-image-28606\" src=\"https:\/\/puntocritico.com\/ausajpuntocritico\/wp-content\/uploads\/2020\/04\/image-15-300x201.png\" alt=\"\" width=\"690\" height=\"463\" data-id=\"28606\" srcset=\"https:\/\/puntocritico.com\/ausajpuntocritico\/wp-content\/uploads\/2020\/04\/image-15-300x201.png 300w, https:\/\/puntocritico.com\/ausajpuntocritico\/wp-content\/uploads\/2020\/04\/image-15-1024x687.png 1024w, https:\/\/puntocritico.com\/ausajpuntocritico\/wp-content\/uploads\/2020\/04\/image-15-768x515.png 768w, https:\/\/puntocritico.com\/ausajpuntocritico\/wp-content\/uploads\/2020\/04\/image-15.png 1193w\" sizes=\"auto, (max-width: 690px) 100vw, 690px\" \/><\/a><\/p>\n<p style=\"text-align: center;\">El Gobierno impidi\u00f3 a las empresas fabricantes y distribuidoras de mascarillas vender sus productos a las comunidades aut\u00f3nomas, los hospitales y las farmacias. Ocurri\u00f3 el pasado\u00a0<strong>2 de marzo<\/strong>, en una reuni\u00f3n organizada por la\u00a0<strong>Agencia Espa\u00f1ola de Medicamentos y Productos Sanitarios<\/strong>, seg\u00fan la documentaci\u00f3n del Ministerio de Sanidad y de las empresas\u00a0\u00a0<\/p>\n<div style=\"text-align: center;\"><a href=\"https:\/\/www.elmundo.es\/espana\/2020\/04\/08\/5e8e05d1fc6c837b648b4589.html\" target=\"_blank\" rel=\"noopener noreferrer\" data-saferedirecturl=\"https:\/\/www.google.com\/url?q=https:\/\/www.elmundo.es\/espana\/2020\/04\/08\/5e8e05d1fc6c837b648b4589.html&amp;source=gmail&amp;ust=1586599617331000&amp;usg=AFQjCNEfIENWdqNksMsUJApoApcsTMlvkw\">https:\/\/www.elmundo.es\/espana\/<wbr \/>2020\/04\/08\/<wbr \/>5e8e05d1fc6c837b648b4589.html<\/a>\u00a0<\/div>\n<p>&nbsp;<\/p>\n<p style=\"text-align: center;\"><span style=\"font-size: 14pt; color: #008000;\">\u2666\u2666\u2666\u2666\u2666<\/span><\/p>\n<p style=\"text-align: center;\">\u00a0<\/p>\n<p class=\"ante-title\">EN CLM NO SE HACE LA PRUEBA A LOS FALLECIDOS<\/p>\n<h1 class=\"post-title\" style=\"text-align: center;\"><a id=\"ref17\"><\/a><a href=\"#ref17a\">[17]\u00a0<\/a> \u00bfCu\u00e1ntas personas han muerto realmente por coronavirus?<\/h1>\n<h1 class=\"post-title\" style=\"text-align: center;\"><span style=\"font-size: 18pt;\"> Atenci\u00f3n al baile de cifras en CLM y en Espa\u00f1a<\/span><\/h1>\n<p style=\"text-align: center;\"><strong>Espa\u00f1a, seg\u00fan los \u00faltimos datos oficiales, ya tiene m\u00e1s de 110.000 contagiados por el nuevo coronavirus COVID-19, una pandemia que ha costado la vida al menos a 10.000 espa\u00f1oles.<\/strong><\/p>\n<p><a href=\"https:\/\/www.eldigitalcastillalamancha.es\/actualidad\/270082306\/Cuantas-personas-han-muerto-por-coronavirus-en-Espana-Cada-comunidad-cuenta-diferente.html\" target=\"_blank\" rel=\"noopener\">Edcm\/Efe<\/a><\/p>\n<p>3\/04\/2020<\/p>\n<p style=\"text-align: justify;\"><span style=\"font-size: 14pt; font-family: tahoma, arial, helvetica, sans-serif;\">Sin embargo, la sombra de la duda planea sobre los recuentos institucionales, debido a la falta de test r\u00e1pidos para detectar la enfermedad a todos los pacientes con s\u00edntomas (algunos estudios internacionales aseguran que podr\u00eda haber 7 millones de infectados en el pa\u00eds) y porque cada regi\u00f3n tiene una manera distinta de contabilizar el n\u00famero de fallecidos. De hecho, muchos ayuntamientos ya han asegurado que sus cementerios est\u00e1n funcionando durante estos d\u00edas a un ritmo muy superior al que recogen las estad\u00edsticas.<\/span><\/p>\n<p style=\"text-align: justify;\"><span style=\"font-size: 14pt; font-family: tahoma, arial, helvetica, sans-serif;\">La mortalidad por todas las causas se ha disparado en Espa\u00f1a en un 40 por ciento entre el 17 y el 31 de marzo, en comparaci\u00f3n con los valores previstos para estas fechas, seg\u00fan el \u00faltimo informe elaborado por el Sistema de Monitorizaci\u00f3n de la Mortalidad diaria (MoMo) y publicado por el Instituto de Salud Carlos III. En Castilla-La Mancha fueron 2.654 los fallecidos, 1.652 m\u00e1s de lo previsto, cuando la cifra oficial de defunciones confirmadas a final de mes por coronavirus era de 774.<\/span><\/p>\n<p style=\"text-align: justify;\"><span style=\"font-size: 14pt; font-family: tahoma, arial, helvetica, sans-serif;\">En concreto, en el periodo analizado se han muerto en Espa\u00f1a 23.714 personas, lo que supone 6.754 m\u00e1s de lo previsto y que podr\u00eda explicarse por las muertes que est\u00e1 provocando el nuevo coronavirus en Espa\u00f1a, las cuales han ascendido este jueves a las 10.003 personas, si bien en el documento no se alude a ninguna causa en concreto.<\/span><\/p>\n<p style=\"text-align: justify;\"><span style=\"font-size: 14pt; font-family: tahoma, arial, helvetica, sans-serif;\">Los gobiernos auton\u00f3micos enfrentan el recuento de fallecidos por coronavirus con diferentes par\u00e1metros. La controversia latente de que la cifra real es m\u00e1s alta que la oficial, como ha admitido Catalu\u00f1a, ha llevado a comunidades como Galicia a decidirse por modificar la forma de c\u00e1lculo.<\/span><\/p>\n<p style=\"text-align: justify;\"><span style=\"font-size: 14pt; font-family: tahoma, arial, helvetica, sans-serif;\">Entre los m\u00e1s precisos est\u00e1 el Gobierno vasco que contabiliza como fallecidos por coronavirus a todas las personas que se les ha hecho la prueba y despu\u00e9s muere, aunque tengan otras patolog\u00edas. En concreto, en Euskadi se han efectuado m\u00e1s de 8.300 test por mill\u00f3n de habitante, una cifra equiparable a pa\u00edses como Italia y Corea del Sur, se\u00f1alan fuentes del Ejecutivo auton\u00f3mico.<\/span><\/p>\n<div id=\"lx_618242\" class=\"__lxG__multi __lxG__multi_lx_618242\" style=\"text-align: justify;\" data-cnt=\"2\">\n<div id=\"dfp_spec_lx_618242_2\" data-google-query-id=\"CNfu28q64-gCFUqtUQodVo8BiA\">\n<div id=\"google_ads_iframe_\/45470634\/clickio_area_618242_336x280_1__container__\"><span style=\"font-family: tahoma, arial, helvetica, sans-serif; font-size: 14pt;\">En Catalu\u00f1a, los datos que el Govern comunica todas las noches se limita a los fallecidos en hospitales. Datos que no se ofrecen por edades, por lo que se desconoce si a los ancianos se les ingresa o no en la UCI y qu\u00e9 porcentaje de camas ocupan. Por ello, la consellera de Salud, <\/span><strong style=\"font-family: tahoma, arial, helvetica, sans-serif; font-size: 14pt;\">Alba Verg\u00e9s<\/strong><span style=\"font-family: tahoma, arial, helvetica, sans-serif; font-size: 14pt;\">, ha pedido a las empresas funerarias que aporten todos la informaci\u00f3n de que dispongan para que no exista un desfase entre los muertos en hospitales y el total de fallecidos por coronavirus, incluidas las defunciones en residencias y domicilios.<\/span><\/div>\n<\/div>\n<\/div>\n<p style=\"text-align: justify;\"><span style=\"font-size: 14pt; font-family: tahoma, arial, helvetica, sans-serif;\">La pol\u00e9mica sobre el n\u00famero \u00abreal\u00bb de muertos salt\u00f3 ayer cuando el presidente del PP de Extremadura,\u00a0<strong>Jos\u00e9 Antonio Monago<\/strong>, asegur\u00f3 que hab\u00eda \u00abuna orden\u00bb para ocultar la aut\u00e9ntica cifra de \u00f3bitos. Extremo que fue absolutamente descartado por el ministro del Interior,\u00a0<strong>Fernando Grande-Marlaska<\/strong>, que ha tildado las declaraciones del l\u00edder auton\u00f3mico del PP de \u00abgravedad\u00bb manifiesta.<\/span><\/p>\n<p style=\"text-align: justify;\"><span style=\"font-size: 14pt; font-family: tahoma, arial, helvetica, sans-serif;\">No obstante el baile de cifras es patente y, para evitar el decalaje, la Xunta de Galicia ha decidido cambiar la forma de recuento. Hasta el momento, la consejer\u00eda de Sanidad se encargaba del c\u00f3mputo global pero, a partir de ahora, contabilizar\u00e1 s\u00f3lo los fallecidos por coronavirus en hospitales mientras que la consejer\u00eda de Pol\u00edtica Social se har\u00e1 cargo de datar los que mueran en residencias de ancianos.<\/span><\/p>\n<p style=\"text-align: justify;\"><span style=\"font-size: 14pt; font-family: tahoma, arial, helvetica, sans-serif;\">Sin embargo este m\u00e9todo de c\u00e1lculo ha planteado ya alguna reserva dado que el dato de residentes en geri\u00e1tricos que sean trasladados a hospitales y fallezcan en el centro hospitalario podr\u00eda quedar \u00abparcialmente oculto\u00bb, han comentado a\u00a0<em>Efe<\/em>\u00a0fuentes de la administraci\u00f3n auton\u00f3mica. Precisamente en Galicia se constata un avance de la expansi\u00f3n del coronavirus en geri\u00e1tricos y en centros de discapacitados.<\/span><\/p>\n<p style=\"text-align: justify;\"><span style=\"font-size: 14pt; font-family: tahoma, arial, helvetica, sans-serif;\">Respecto al desfase de datos, el Gobierno de Arag\u00f3n cuenta los fallecidos la jornada anterior, no los producidos efectivamente ese d\u00eda, y por eso se acumulan m\u00e1s en martes (cuando se suman al lunes los del fin de semana). Este jueves, el director general de Salud P\u00fablica del Gobierno de Arag\u00f3n,\u00a0<strong>Francisco Javier Falo<\/strong>, ha informado de que la prueba en los hospitales se hace a todas las personas que tienen una afecci\u00f3n respiratoria, de acuerdo a lo que marca el protocolo. Mientras que en las residencias, ha explicado, s\u00f3lo se hace en determinados casos y se contabiliza como fallecimiento por COVID-19 cuando el m\u00e9dico en su certificado de defunci\u00f3n estima que esa puede ser la causa.<\/span><\/p>\n<div id=\"lx_618242\" class=\"__lxG__multi __lxG__multi_lx_618242\" style=\"text-align: justify;\" data-cnt=\"3\">\n<div id=\"dfp_spec_lx_618242_3\" data-google-query-id=\"CIWd7sq64-gCFQnT1Qod0wgH_g\">\n<div id=\"google_ads_iframe_\/45470634\/clickio_area_618242_336x280_2__container__\"><span style=\"font-family: tahoma, arial, helvetica, sans-serif; font-size: 14pt;\">En Castilla-La Mancha, fuentes de la consejer\u00eda de Sanidad han informado de que las pruebas s\u00f3lo se hacen cuando las personas est\u00e1n vivas. Adem\u00e1s, han dicho, env\u00edan los datos todos los d\u00edas siguiendo las directrices que marca el Ministerio y dando el dato acumulado de casos confirmados.<\/span><\/div>\n<\/div>\n<\/div>\n<p style=\"text-align: justify;\"><span style=\"font-size: 14pt; font-family: tahoma, arial, helvetica, sans-serif;\">A diferencia de Castilla-La Mancha, en Canarias s\u00ed se hace la prueba tanto a personas vivas con sospecha de coronavirus como a fallecidos y los datos se trasladan a diario a las 20:00 horas al Ministerio de Sanidad. Y son los mismos datos, aseguran fuentes de este Gobierno, que al d\u00eda siguiente Sanidad traslada a la prensa, con el detalle de hospitalizaciones y Unidades de Cuidados Intensivos (UCI).<\/span><\/p>\n<p style=\"text-align: justify;\"><span style=\"font-size: 14pt; font-family: tahoma, arial, helvetica, sans-serif;\">En la misma l\u00ednea, la Comunidad Valenciana, que pasa diariamente a las 20:00 horas los datos al Ministerio, ha asegurado que la cifra que se da de fallecidos es porque se les ha hecho la prueba y dieron positivo.<\/span><\/p>\n<p style=\"text-align: justify;\"><span style=\"font-size: 14pt; font-family: tahoma, arial, helvetica, sans-serif;\">En Murcia, el Servicio de Epidemiolog\u00eda recoge cada d\u00eda los fallecidos por COVID-19, datos que se trasladan a Sanidad. Actualmente, en la Regi\u00f3n de Murcia s\u00f3lo se hacen las pruebas de coronavirus a las personas fallecidas que manifestaban s\u00edntomas de la enfermedad.<\/span><\/p>\n<p style=\"text-align: justify;\"><span style=\"font-size: 14pt; font-family: tahoma, arial, helvetica, sans-serif;\">El Gobierno de Navarra contabiliza como fallecidos por COVID-19 a los que han muerto en hospitales con ese diagn\u00f3stico y en residencias, donde su certificado de defunci\u00f3n apunte esta circunstancia. En cuanto a los test, en Navarra cuando se trata de un \u00abcaso posible\u00bb no se le practica la prueba post morten y en el certificado de defunci\u00f3n se limitan a informar de que se trata de un caso no confirmado por supuesta infecci\u00f3n de coronavirus, que finalmente no computa en el recuento final.<\/span><\/p>\n<p style=\"text-align: justify;\"><span style=\"font-size: 14pt; font-family: tahoma, arial, helvetica, sans-serif;\">En Ceuta, con un solo fallecido, la notificaci\u00f3n se produjo al momento con un comunicado conjunto de la consejer\u00eda de Sanidad de Ceuta y el Instituto Nacional de Gesti\u00f3n Sanitaria (INGESA), organismo que gestiona la sanidad de Ceuta.<\/span><\/p>\n<p style=\"text-align: center;\"><span style=\"font-size: 14pt; color: #008000;\">\u2666\u2666\u2666\u2666\u2666<\/span><\/p>\n<p>&nbsp;<\/p>\n<figure id=\"attachment_31797\" aria-describedby=\"caption-attachment-31797\" style=\"width: 590px\" class=\"wp-caption aligncenter\"><a href=\"https:\/\/www.abc.es\/sociedad\/abci-cuantas-personas-muerto-realidad-coronavirus-espana-202004081451_noticia.html#vca=mod-lo-mas-p4&amp;vmc=leido&amp;vso=abc-es&amp;vli=portada.portada&amp;vtm_loMas=si\" target=\"_blank\" rel=\"noopener noreferrer\"><img loading=\"lazy\" decoding=\"async\" class=\"wp-image-31797\" src=\"https:\/\/puntocritico.com\/ausajpuntocritico\/wp-content\/uploads\/2020\/04\/ABC-NUMERO-FALLECIDOS-2-300x129.jpg\" alt=\"\" width=\"590\" height=\"254\" data-id=\"31797\" srcset=\"https:\/\/puntocritico.com\/ausajpuntocritico\/wp-content\/uploads\/2020\/04\/ABC-NUMERO-FALLECIDOS-2-300x129.jpg 300w, https:\/\/puntocritico.com\/ausajpuntocritico\/wp-content\/uploads\/2020\/04\/ABC-NUMERO-FALLECIDOS-2-768x330.jpg 768w, https:\/\/puntocritico.com\/ausajpuntocritico\/wp-content\/uploads\/2020\/04\/ABC-NUMERO-FALLECIDOS-2.jpg 974w\" sizes=\"auto, (max-width: 590px) 100vw, 590px\" \/><\/a><figcaption id=\"caption-attachment-31797\" class=\"wp-caption-text\">8 de abril 2020<\/figcaption><\/figure>\n<p>&nbsp;<\/p>\n<p style=\"text-align: center;\"><span style=\"font-size: 14pt; color: #008000;\">\u2666\u2666\u2666\u2666\u2666<\/span><\/p>\n<p>&nbsp;<\/p>\n<figure id=\"attachment_31826\" aria-describedby=\"caption-attachment-31826\" style=\"width: 590px\" class=\"wp-caption aligncenter\"><a href=\"https:\/\/elpais.com\/espana\/madrid\/2020-04-08\/4750-ancianos-mueren-en-las-residencias-de-madrid-en-el-ultimo-mes.html\" target=\"_blank\" rel=\"noopener noreferrer\"><img loading=\"lazy\" decoding=\"async\" class=\"wp-image-31826\" src=\"https:\/\/puntocritico.com\/ausajpuntocritico\/wp-content\/uploads\/2020\/04\/EL-PAIS-FALLECIDOS-EN-MADRID-300x173.jpg\" alt=\"\" width=\"590\" height=\"340\" data-id=\"31826\" srcset=\"https:\/\/puntocritico.com\/ausajpuntocritico\/wp-content\/uploads\/2020\/04\/EL-PAIS-FALLECIDOS-EN-MADRID-300x173.jpg 300w, https:\/\/puntocritico.com\/ausajpuntocritico\/wp-content\/uploads\/2020\/04\/EL-PAIS-FALLECIDOS-EN-MADRID-1024x589.jpg 1024w, https:\/\/puntocritico.com\/ausajpuntocritico\/wp-content\/uploads\/2020\/04\/EL-PAIS-FALLECIDOS-EN-MADRID-768x442.jpg 768w, https:\/\/puntocritico.com\/ausajpuntocritico\/wp-content\/uploads\/2020\/04\/EL-PAIS-FALLECIDOS-EN-MADRID.jpg 1230w\" sizes=\"auto, (max-width: 590px) 100vw, 590px\" \/><\/a><figcaption id=\"caption-attachment-31826\" class=\"wp-caption-text\">8 de abril 2020<\/figcaption><\/figure>\n<p>&nbsp;<\/p>\n<p style=\"text-align: center;\"><span style=\"font-size: 14pt; color: #008000;\">\u2666\u2666\u2666\u2666\u2666<\/span><\/p>\n<p>&nbsp;<\/p>\n<div>\n<h1 style=\"text-align: center;\"><a id=\"ref18\"><\/a><a href=\"#ref18a\">[18]<\/a> La postura sobre el uso de mascarillas en la poblaci\u00f3n general cambia a medida que sabemos m\u00e1s del coronavirus<\/h1>\n<p style=\"text-align: center;\"><em><span style=\"font-size: 18pt;\">A la OMS le preocupa su escasez, y que su uso generalizado deje sin protecci\u00f3n a enfermos y sanitarios, pero el hecho de que los asintom\u00e1ticos contagien reivindica a las mascarillas como una medida m\u00e1s de control de la epidemia\u00a0<\/span><\/em><\/p>\n<\/div>\n<p>Por Esther Samper\u00a0<\/p>\n<p>6\/04\/2020<\/p>\n<p><a href=\"https:\/\/www.eldiario.es\/sociedad\/cambiando-postura-occidente-mascarillas-poblacion_0_1013848925.html\" target=\"_blank\" rel=\"noopener noreferrer\">ELDIARIO.ES<\/a><\/p>\n<p>&nbsp;<\/p>\n<figure id=\"attachment_31870\" aria-describedby=\"caption-attachment-31870\" style=\"width: 643px\" class=\"wp-caption aligncenter\"><img loading=\"lazy\" decoding=\"async\" class=\"wp-image-31870 size-full\" src=\"https:\/\/puntocritico.com\/ausajpuntocritico\/wp-content\/uploads\/2020\/04\/Pedro-Sanchez-mascarilla-Hersill-Mostoles_EDIIMA20200403_0976_25.jpg\" alt=\"\" width=\"643\" height=\"362\" data-id=\"31870\" srcset=\"https:\/\/puntocritico.com\/ausajpuntocritico\/wp-content\/uploads\/2020\/04\/Pedro-Sanchez-mascarilla-Hersill-Mostoles_EDIIMA20200403_0976_25.jpg 643w, https:\/\/puntocritico.com\/ausajpuntocritico\/wp-content\/uploads\/2020\/04\/Pedro-Sanchez-mascarilla-Hersill-Mostoles_EDIIMA20200403_0976_25-300x169.jpg 300w\" sizes=\"auto, (max-width: 643px) 100vw, 643px\" \/><figcaption id=\"caption-attachment-31870\" class=\"wp-caption-text\"><span style=\"color: #008000;\">Pedro S\u00e1nchez con mascarilla en la visita a la empresa Hersill en M\u00f3stoles. POOL MONCLOA<\/span><\/figcaption><\/figure>\n<p>&nbsp;<\/p>\n<p class=\"mce\" style=\"text-align: justify;\"><span style=\"font-family: tahoma, arial, helvetica, sans-serif; font-size: 14pt;\">Hasta hace tan solo una semana, instituciones sanitarias como el Centro para el Control y Prevenci\u00f3n de Enfermedades (CDC), la Organizaci\u00f3n Mundial de la Salud (OMS) y el Ministerio de Sanidad y los gobiernos de la mayor\u00eda de los pa\u00edses occidentales desaconsejaban la utilizaci\u00f3n de mascarillas (especialmente las caseras) en la poblaci\u00f3n general sana para frenar la pandemia de COVID-19.<\/span><\/p>\n<p class=\"mce\" style=\"text-align: justify;\"><span style=\"font-family: tahoma, arial, helvetica, sans-serif; font-size: 14pt;\">Sin embargo, esta postura est\u00e1 cambiando dr\u00e1sticamente. El CDC ya recomienda las mascarillas caseras para la poblaci\u00f3n general e incluso ha elaborado un tutorial donde se detalla su utilidad y c\u00f3mo fabricarlas, usarlas y desinfectarlas. El Ministerio de Sanidad ha\u00a0sugerido\u00a0que podr\u00eda recomendar pr\u00f3ximamente el uso de mascarillas a los ciudadanos (como ya lo han hecho otros pa\u00edses como Estados Unidos, Rep\u00fablica Checa y Austria), mientras el Ministerio de Industria ha compartido una gu\u00eda para orientar sobre los mejores materiales y fabricaci\u00f3n de mascarillas higi\u00e9nicas. Por otra parte, la OMS est\u00e1 debatiendo en estos momentos si mantener o no su actual directriz sobre estos elementos de protecci\u00f3n.\u00a0<\/span><\/p>\n<section id=\"edi-ad-slot-intext\" class=\"md-advertisement md hspace no-adv-socios\" role=\"marquee\" data-google-query-id=\"CKKr0ZO64-gCFUSuUQodUG0ADA\">\n<div id=\"google_ads_iframe_\/123333327\/eldiario.es\/noticia_intext_0__container__\"><span style=\"font-family: tahoma, arial, helvetica, sans-serif; font-size: 14pt; text-align: justify;\">\u00bfA qu\u00e9 se debe este cambio de postura de las autoridades sanitarias y pol\u00edticas occidentales con respecto a las mascarillas caseras en la poblaci\u00f3n general? La acumulaci\u00f3n de estudios y evidencias cient\u00edficas sobre c\u00f3mo se transmite el virus SARS-CoV-2 ha resultado fundamental en la actualizaci\u00f3n de las recomendaciones, que han ganado fuerza sobre las razones que hab\u00edan motivado el rechazo a las mascarillas para los ciudadanos.<\/span><\/div>\n<\/section>\n<h3 style=\"text-align: justify;\"><span style=\"font-family: tahoma, arial, helvetica, sans-serif; font-size: 14pt;\">Argumentos en contra<\/span><\/h3>\n<p class=\"mce\" style=\"text-align: justify;\"><span style=\"font-family: tahoma, arial, helvetica, sans-serif; font-size: 14pt;\">B\u00e1sicamente, las principales razones que llevaron a las instituciones sanitarias a no recomendar estos elementos de protecci\u00f3n fueron, por un lado, la incertidumbre cient\u00edfica, causada por los escasos estudios que existen sobre el papel beneficioso o perjudicial de las mascarillas en la poblaci\u00f3n general para frenar los contagios durante epidemias. Por otro, el temor de las autoridades a que el respaldo a favor de las mascarillas entre sus ciudadanos agravase a\u00fan m\u00e1s la situaci\u00f3n de desabastecimiento.\u00a0<\/span><\/p>\n<p class=\"mce\" style=\"text-align: justify;\"><span style=\"font-family: tahoma, arial, helvetica, sans-serif; font-size: 14pt;\">En su rueda de prensa de este lunes el director general de la OMS, Tedros Adhanom, se ha referido espec\u00edficamente al tema, indicando que les preocupa que \u00abel uso masivo de mascarillas m\u00e9dicas por parte de la poblaci\u00f3n en general pueda agudizar la escasez\u00bb de este material para los sanitarios.<\/span><\/p>\n<p class=\"mce\" style=\"text-align: justify;\"><span style=\"font-family: tahoma, arial, helvetica, sans-serif; font-size: 14pt;\">Hay un consenso un\u00e1nime en que son los profesionales sanitarios, los enfermos (por COVID-19 o enfermedades de riesgo) y las personas en contacto estrecho con los infectados por coronavirus los que deber\u00edan contar siempre con mascarillas m\u00e9dicas (ya sean quir\u00fargicas o FFP2-3) para limitar los contagios.<\/span><\/p>\n<p class=\"mce\" style=\"text-align: justify;\"><span style=\"font-family: tahoma, arial, helvetica, sans-serif; font-size: 14pt;\">Adanhom ha defendido que la organizaci\u00f3n mantiene\u00a0esta recomendaci\u00f3n, pero no se cierran a ampliar esos usos. No obstante, ha\u00a0reiterado que las mascarillas solo ser\u00edan una parte de un paquete de medidas: \u00abNo hay una bala de plata. Las mascarillas por s\u00ed solas no pueden detener la pandemia\u00bb.\u00a0<\/span><\/p>\n<h3 style=\"text-align: justify;\"><span style=\"font-family: tahoma, arial, helvetica, sans-serif; font-size: 14pt;\">Los contagios asintom\u00e1ticos<\/span><\/h3>\n<p class=\"mce\" style=\"text-align: justify;\"><span style=\"font-family: tahoma, arial, helvetica, sans-serif; font-size: 14pt;\">A comienzos de febrero, la OMS explicaba que la infecci\u00f3n sin s\u00edntomas por el virus SARS-CoV-2 podr\u00eda ser rara y que la transmisi\u00f3n desde una persona asintom\u00e1tica era muy\u00a0poco frecuente con\u00a0los coronavirus, como se hab\u00eda visto con el MERS. En aquel entonces esta organizaci\u00f3n explicaba que el contagio por casos asintom\u00e1ticos parec\u00eda no tener peso en la epidemia. Sin embargo, ahora sabemos que los infectados asintom\u00e1ticos (ya sea porque no tienen s\u00edntomas en ninguna fase de la infecci\u00f3n o porque est\u00e1n en la fase de incubaci\u00f3n) est\u00e1n contribuyendo a la expansi\u00f3n de la pandemia.<\/span><\/p>\n<p class=\"mce\" style=\"text-align: justify;\"><span style=\"font-family: tahoma, arial, helvetica, sans-serif; font-size: 14pt;\">Estas personas infectadas sin s\u00edntomas pueden hacer vida normal (con la cuarentena masiva ya no) y transmitir el virus sin ser conscientes de ello. A\u00fan se desconoce el peso que esta forma de contagio est\u00e1 teniendo en la epidemia, pero s\u00ed hay diversos estudios que nos van aclarando detalles. Datos procedentes de Singapur sugieren que el 6% de los casos confirmados de COVID-19 se infect\u00f3 a trav\u00e9s de personas asintom\u00e1ticas. En China, el 78% de las personas estaban asintom\u00e1ticas en el momento de su detecci\u00f3n. En Islandia, donde se ha realizado una extensa realizaci\u00f3n de pruebas de laboratorio, se ha detectado que el 50% de las personas hab\u00edan pasado la infecci\u00f3n no recordaba haber tenido s\u00edntomas. Ahora sabemos que un gran porcentaje de las personas que se han infectado por coronavirus no muestra s\u00edntomas y alguna de ellas pueden transmitirlo a los dem\u00e1s sin la menor sospecha.<\/span><\/p>\n<p class=\"mce\" style=\"text-align: justify;\"><span style=\"font-family: tahoma, arial, helvetica, sans-serif; font-size: 14pt;\">El coronavirus tiene la capacidad para replicarse considerablemente en las v\u00edas respiratorias altas antes de que las personas muestren s\u00edntomas o cuando estos son a\u00fan muy leves. Un estudio publicado hace unos d\u00edas en\u00a0<em class=\"mce\">Nature<\/em>\u00a0ha observado que la carga viral de las mucosas respiratorias de estas personas es muy elevada en estas etapas, lo que favorece much\u00edsimo el contagio cuando se liberan secreciones respiratorias en gotitas al hablar, estornudar, toser, etc.<\/span><\/p>\n<p class=\"mce\" style=\"text-align: justify;\"><span style=\"font-family: tahoma, arial, helvetica, sans-serif; font-size: 14pt;\">Los datos que nos aportan estos estudios cient\u00edficos en conjunto es que hay multitud de personas con coronavirus asintom\u00e1ticos o que son potencialmente contagiosas antes de que los s\u00edntomas se muestren o sean evidentes y que est\u00e1n contribuyendo a la expansi\u00f3n de la pandemia. Si estas personas no usan mascarillas en su vida normal, pueden difundir gotitas respiratorias con coronavirus a las personas de alrededor, a superficie y a objetos. Estas gotitas no solo se dispersan al estornudar o al toser, actividades tan\u00a0simples\u00a0como hablar o respirar tambi\u00e9n pueden liberarlas. Estos virus pueden sobrevivir de horas a d\u00edas seg\u00fan las condiciones de temperatura y humedad y el tipo de material, tiempo durante el cual otros individuos pueden contagiarse al tocar las superficies contaminadas con las manos.<\/span><\/p>\n<h3 style=\"text-align: justify;\"><span style=\"font-family: tahoma, arial, helvetica, sans-serif; font-size: 14pt;\">Cuidar a los dem\u00e1s<\/span><\/h3>\n<p class=\"mce\" style=\"text-align: justify;\"><span style=\"font-family: tahoma, arial, helvetica, sans-serif; font-size: 14pt;\">La utilidad principal de las mascarillas caseras en la poblaci\u00f3n general es, precisamente, limitar la difusi\u00f3n de gotitas con virus por parte de las personas infectadas asintom\u00e1ticas. En otras palabras, el uso de una mascarilla casera no es tanto para protegerse a uno mismo (ya que no protege los ojos, y es una barrera limitada frente a gotitas m\u00e1s peque\u00f1as como aerosoles), sino para proteger a los dem\u00e1s. Aunque las mascarillas caseras son, en general, menos efectivas que las quir\u00fargicas en bloquear estas gotitas, s\u00ed que pueden retener gran parte de estas, sobre todo si se fabrican correctamente y con los materiales adecuados. La soluci\u00f3n ideal, si no hubiera desabastecimiento, ser\u00eda mascarillas quir\u00fargicas para todos, pero dado que esto no es posible con las actuales circunstancias, las mascarillas caseras son la mejor opci\u00f3n para que las personas que necesitan mascarillas m\u00e9dicas en entornos con mucho riesgo de contagio no se queden sin ellas.<\/span><\/p>\n<p class=\"mce\" style=\"text-align: justify;\"><span style=\"font-family: tahoma, arial, helvetica, sans-serif; font-size: 14pt;\">En conclusi\u00f3n, las autoridades occidentales est\u00e1n progresivamente recomendando las mascarillas caseras a la poblaci\u00f3n general porque, ante tantas personas asintom\u00e1ticas con coronavirus, lo m\u00e1s prudente es asumir que todos estamos \u00abinfectados\u00bb. Usar mascarilla casera, manteniendo medidas como la higiene de manos, la etiqueta respiratoria, la cuarentena en casa o la distancia de seguridad, es una medida adicional para evitar que gotitas con virus se dispersen por lugares p\u00fablicos y as\u00ed proteger a los dem\u00e1s. Conforme la cuarentena se vaya levantando escalonadamente y la poblaci\u00f3n vaya haciendo poco a poco vida normal, las mascarillas podr\u00edan ser una ayuda extra para limitar los contagios en lugares p\u00fablicos como el metro, el bus o el trabajo.<\/span><\/p>\n<p style=\"text-align: center;\"><span style=\"font-size: 14pt; color: #008000;\">\u2666\u2666\u2666\u2666\u2666<\/span><\/p>\n<p>&nbsp;<\/p>\n<table style=\"border-collapse: collapse; width: 100%;\">\n<tbody>\n<tr>\n<td style=\"width: 100%; border-color: #000000; background-color: #daf2d5;\">\n<div style=\"text-align: center;\"><span style=\"font-size: 18pt;\"><strong>\u00abLa verdadera sabidur\u00eda consiste en conocer el alcance de nuestra ignorancia\u00bb<\/strong><\/span><\/div>\n<div style=\"text-align: right;\"><span style=\"font-size: large;\">Confucio\u00a0\u00a0<\/span><\/div>\n<\/td>\n<\/tr>\n<\/tbody>\n<\/table>\n<p>&nbsp;<\/p>\n<p style=\"text-align: center;\"><span style=\"font-size: 14pt; color: #008000;\">\u2666\u2666\u2666\u2666\u2666<\/span><\/p>\n<p>&nbsp;<\/p>\n<table style=\"border-collapse: collapse; width: 100%;\">\n<tbody>\n<tr>\n<td style=\"width: 100%; border-color: #000000; background-color: #f7faf5;\">\n<h1 style=\"text-align: center;\"><span class=\"titular\">Estados Unidos pone a S\u00e1nchez como ejemplo de lo que no hay que hacer<\/span><\/h1>\n<h2 class=\"subtitulo\" style=\"text-align: center;\">El fiasco de la compra de test a China genera desconfianza en la Casa Blanca<\/h2>\n<p><a href=\"https:\/\/www.abc.es\/sociedad\/abci-estados-unidos-pone-sanchez-como-ejemplo-no-hacer-202004082127_noticia.html#vca=mod-lo-mas-p1&amp;vmc=leido&amp;vso=abc-es&amp;vli=portada.portada&amp;vtm_loMas=si\" target=\"_blank\" rel=\"noopener\">https:\/\/www.abc.es\/sociedad\/abci-estados-unidos-pone-sanchez-como-ejemplo-no-hacer-202004082127_noticia.html#vca=mod-lo-mas-p1&amp;vmc=leido&amp;vso=abc-es&amp;vli=portada.portada&amp;vtm_loMas=si<\/a><\/p>\n<p>(&#8230;.)<\/p>\n<p style=\"text-align: justify;\"><span style=\"font-size: 14pt; font-family: 'times new roman', times, serif;\">En el punto \u00e1lgido de la crisis, cuando m\u00e1s se necesitaban los tests de diagn\u00f3stico,\u00a0<strong>Fernando Sim\u00f3n<\/strong>, director del Centro de Coordinaci\u00f3n de Alertas y Emergencias Sanitarias admiti\u00f3 la mala calidad de un buen n\u00famero de lotes de test comprados a China, algo de lo que antes hab\u00edan advertido algunos laboratorios de microbiolog\u00eda. De 640.000 pruebas, el Gobierno tuvo que devolver 8.000 y no distribuy\u00f3 otras 50.000 adquiridas al mismo fabricante. La escasez de pruebas ha sido un gran lastre para los gobiernos en esta\u00a0<strong>pandemia del coronvirus<\/strong>.\u00a0<strong>Una detecci\u00f3n temprana y el aislamiento de los infectados previene el contagio<\/strong>. Desde el inicio de la crisis, el Centro de Control de Enfermedades de EE.UU. trat\u00f3 de desarrollar su propio diagn\u00f3stico r\u00e1pido, pero tambi\u00e9n ha adquirido muchos tests en el mercado privado, y en China. La prioridad de la Casa Blanca ha sido que no le sucediera lo que a Espa\u00f1a.\u00a0<\/span><\/p>\n<p style=\"text-align: justify;\"><span style=\"font-size: 14pt; font-family: 'times new roman', times, serif;\">Despu\u00e9s, la embajada china en Espa\u00f1a aclar\u00f3 que el proveedor de los tests, el laboratorio Shenzhen Bioeasy Biotechnology \u00ab<strong>no ha conseguido todav\u00eda la licencia oficial de la Administraci\u00f3n Nacional de Productos M\u00e9dicos<\/strong>\u00bb.\u00a0Este mi\u00e9rcoles el consejero del director general de la Organizaci\u00f3n Mundial de la Salud (OMS), Bruce Aylward, tras una visita a Espa\u00f1a, afirm\u00f3 estar \u00abimpresionado de la manera en que el gobierno y las autoridades sanitarias se han enfrentado con esta crisis,\u00a0<strong>adaptando y transformando las facilidades sanitarias en un tiempo r\u00e9cord, de manera muy innovadora<\/strong>\u00bb. Horas antes, Trump amenaz\u00f3 con cortar la financiaci\u00f3n de EE.UU. a la OMS por sus \u00abgraves errores\u00bb al inicio de la pandemia y ser demasiado \u00abchinoc\u00e9ntrica\u00bb.\u00a0<\/span>\u00a0<\/p>\n<\/td>\n<\/tr>\n<\/tbody>\n<\/table>\n<p>&nbsp;<\/p>\n<p style=\"text-align: center;\"><span style=\"font-size: 14pt; color: #008000;\">\u2666\u2666\u2666\u2666\u2666<\/span><\/p>\n<p>&nbsp;<\/p>\n<p><a href=\"https:\/\/cronicaglobal.elespanol.com\/politica\/nuevos-audios-delgado-jueces-fiscales-menores_169538_102.html\" target=\"_blank\" rel=\"noopener noreferrer\"><img loading=\"lazy\" decoding=\"async\" class=\"aligncenter wp-image-28597\" src=\"https:\/\/puntocritico.com\/ausajpuntocritico\/wp-content\/uploads\/2020\/04\/dolores-delgado-garzon.jpg\" alt=\"\" width=\"520\" height=\"520\" data-id=\"28597\" srcset=\"https:\/\/puntocritico.com\/ausajpuntocritico\/wp-content\/uploads\/2020\/04\/dolores-delgado-garzon.jpg 640w, https:\/\/puntocritico.com\/ausajpuntocritico\/wp-content\/uploads\/2020\/04\/dolores-delgado-garzon-300x300.jpg 300w, https:\/\/puntocritico.com\/ausajpuntocritico\/wp-content\/uploads\/2020\/04\/dolores-delgado-garzon-150x150.jpg 150w\" sizes=\"auto, (max-width: 520px) 100vw, 520px\" \/><\/a><\/p>\n<p>&nbsp;<\/p>\n<p>&nbsp;<\/p>\n<p><a href=\"https:\/\/puntocritico.com\/ausajpuntocritico\/author\/punto-critico\/\"><img loading=\"lazy\" decoding=\"async\" class=\"aligncenter wp-image-48\" src=\"https:\/\/puntocritico.com\/ausajpuntocritico\/wp-content\/uploads\/2016\/11\/Mosca_Punto_Cr\u00edtico_40.png\" alt=\"\" width=\"80\" height=\"80\" data-id=\"48\" \/><\/a><\/p>\n<p>&nbsp;<\/p>\n<p>&nbsp;<\/p>\n<p>&nbsp;<\/p>\n<p>&nbsp;<\/p>\n","protected":false},"excerpt":{"rendered":"<div class=\"mh-excerpt\"><p>INDICE PANDEMIA CORONAVIRUS SUMARIO\u00a0 *** \u00ab&#8230;Resurge la imagen lastimosa de las ciudades sitiadas y medio destru\u00eddas; la censura; los partes oficiales; el ej\u00e9rcito salvador; el glorioso general; los rebeldes y los leales; las penas de <a class=\"mh-excerpt-more\" href=\"https:\/\/puntocritico.com\/ausajpuntocritico\/2020\/04\/15\/coronavirus-y-derechos-humanos-nos-enfrentamos-a-la-criminalizacion-del-ejercicio-de-los-derechos-humanos-el-estado-mas-violento-sera-pues-aquel-en-que-se-niega-a-cada-uno-la-libertad-de-dec\/\" title=\"#CORONAVIRUS Y DERECHOS HUMANOS: NOS ENFRENTAMOS A LA CRIMINALIZACI\u00d3N DEL EJERCICIO DE LOS DERECHOS HUMANOS\u00bb. \u00abEl Estado m\u00e1s violento ser\u00e1, pues, aquel en que se niega a cada uno la libertad de decir y ense\u00f1ar lo que se piensa\u00bb\">[&#8230;]<\/a><\/p>\n<\/div>","protected":false},"author":3,"featured_media":49641,"comment_status":"open","ping_status":"closed","sticky":false,"template":"","format":"standard","meta":{"_acf_changed":false,"_exactmetrics_skip_tracking":false,"_exactmetrics_sitenote_active":false,"_exactmetrics_sitenote_note":"","_exactmetrics_sitenote_category":0,"footnotes":""},"categories":[7],"tags":[52],"class_list":{"0":"post-28439","1":"post","2":"type-post","3":"status-publish","4":"format-standard","5":"has-post-thumbnail","7":"category-politica","8":"tag-covid"},"acf":[],"_links":{"self":[{"href":"https:\/\/puntocritico.com\/ausajpuntocritico\/wp-json\/wp\/v2\/posts\/28439","targetHints":{"allow":["GET"]}}],"collection":[{"href":"https:\/\/puntocritico.com\/ausajpuntocritico\/wp-json\/wp\/v2\/posts"}],"about":[{"href":"https:\/\/puntocritico.com\/ausajpuntocritico\/wp-json\/wp\/v2\/types\/post"}],"author":[{"embeddable":true,"href":"https:\/\/puntocritico.com\/ausajpuntocritico\/wp-json\/wp\/v2\/users\/3"}],"replies":[{"embeddable":true,"href":"https:\/\/puntocritico.com\/ausajpuntocritico\/wp-json\/wp\/v2\/comments?post=28439"}],"version-history":[{"count":0,"href":"https:\/\/puntocritico.com\/ausajpuntocritico\/wp-json\/wp\/v2\/posts\/28439\/revisions"}],"wp:featuredmedia":[{"embeddable":true,"href":"https:\/\/puntocritico.com\/ausajpuntocritico\/wp-json\/wp\/v2\/media\/49641"}],"wp:attachment":[{"href":"https:\/\/puntocritico.com\/ausajpuntocritico\/wp-json\/wp\/v2\/media?parent=28439"}],"wp:term":[{"taxonomy":"category","embeddable":true,"href":"https:\/\/puntocritico.com\/ausajpuntocritico\/wp-json\/wp\/v2\/categories?post=28439"},{"taxonomy":"post_tag","embeddable":true,"href":"https:\/\/puntocritico.com\/ausajpuntocritico\/wp-json\/wp\/v2\/tags?post=28439"}],"curies":[{"name":"wp","href":"https:\/\/api.w.org\/{rel}","templated":true}]}}