{"id":28402,"date":"2020-04-07T00:05:37","date_gmt":"2020-04-06T23:05:37","guid":{"rendered":"https:\/\/puntocritico.com\/ausajpuntocritico\/?p=28402"},"modified":"2025-01-03T19:53:25","modified_gmt":"2025-01-03T18:53:25","slug":"contra-el-confinamiento-de-la-poblacion","status":"publish","type":"post","link":"https:\/\/puntocritico.com\/ausajpuntocritico\/2020\/04\/07\/contra-el-confinamiento-de-la-poblacion\/","title":{"rendered":"MANIFIESTO: \u00abCONTRA EL CONFINAMIENTO DE LA POBLACI\u00d3N\u00bb. \u00abEl confinamiento es una medida fascista, ineficaz, humillante, traumatizante y destructiva que supone m\u00e1s problemas que soluciones\u00bb"},"content":{"rendered":"<p><a href=\"https:\/\/puntocritico.com\/ausajpuntocritico\/2020\/04\/01\/indice-pandemia-coronavirus\/\">INDICE PANDEMIA CORONAVIRUS<\/a><\/p>\n<p style=\"text-align: center;\"><strong><span style=\"font-size: 18pt;\">***<\/span><\/strong><\/p>\n<p style=\"text-align: center;\"><span style=\"font-size: 24pt;\"><strong>MANIFIESTO: \u00abContra el confinamiento de la poblaci\u00f3n\u00bb<\/strong><\/span><\/p>\n<p>&nbsp;<\/p>\n<p><img loading=\"lazy\" decoding=\"async\" class=\"aligncenter wp-image-28410 size-mh-magazine-content\" src=\"https:\/\/puntocritico.com\/ausajpuntocritico\/wp-content\/uploads\/2020\/04\/Estado-de-alarma-1-624x381.jpg\" alt=\"\" width=\"624\" height=\"381\" data-id=\"28410\" \/><\/p>\n<p>&nbsp;<\/p>\n<blockquote>\n<p style=\"text-align: justify;\"><span style=\"font-size: 14pt;\">Ante la situaci\u00f3n creada por el Estado de Alarma, confinando a\u00a0 gran parte de la poblaci\u00f3n y aniquilando la econom\u00eda espa\u00f1ola, con el pretexto de proteger a las personas m\u00e1s afectadas por la epidemia en curso -as\u00ed llamada Covid-19- esto es, las que tienen m\u00e1s de 60 a\u00f1os, rango demogr\u00e1fico en el que se concentran el 96% de fallecidos, los abajo firmantes (<strong>Juan Jos\u00e9 R. Calaza, Andr\u00e9s Fernandez D\u00edaz, Joaqu\u00edn Leguina y Guillermo de la Dehesa<\/strong>) mayores de setenta a\u00f1os, se oponen absolutamente a las susodichas medidas. A tal efecto, han lanzado un Manifiesto -\u201cContra el confinamiento de la poblaci\u00f3n\u201d- en el que explican detalladamente las razones t\u00e9cnicas, generacionales, econ\u00f3micas y humanas de su oposici\u00f3n. Entre otras, consideran que el confinamiento es una medida fascista \u201c<em><u>ineficaz, humillante, traumatizante y destructiva<\/u><\/em>\u201d que supone m\u00e1s problemas que soluciones.<\/span><\/p>\n<p style=\"text-align: justify;\"><span style=\"font-size: 14pt;\">Sorprende la visi\u00f3n cortoplacista y chapucera de medidas draconianas, tomadas en Espa\u00f1a, cuyos impactos econ\u00f3micos, familiares, penales, intelectuales, laborales, afectivos, f\u00edsicos, s\u00edquicos, etc., debidos al confinamiento obligatorio, ser\u00e1n sin duda devastadores.\u00a0<\/span><\/p>\n<p style=\"text-align: justify;\"><span style=\"font-size: 14pt;\">El confinamiento, desde el punto de vista de la administraci\u00f3n judicial constituye \u201carresto domiciliario\u201d, sin que en este caso previamente haya habido juicio ni sentencia, y es, por ende, una medida de dudosa legalidad adoptada brutal e irracionalmente, sin ning\u00fan tipo de base cient\u00edfica.<\/span><\/p>\n<p style=\"text-align: justify;\"><span style=\"font-size: 14pt;\">Las personas mayores quedan estigmatizadas ante la sociedad. Pronto los j\u00f3venes los har\u00e1n responsables de la hecatombe econ\u00f3mica culp\u00e1ndoles de haberles bloqueado el futuro. Espa\u00f1a no podr\u00e1 encajar dos crisis seguidas. Primero, epid\u00e9mica; despu\u00e9s, econ\u00f3mica. El pa\u00eds quedar\u00e1 abatido hasta la melancol\u00eda enfermiza, noqueado por falta de perspectivas, hundido en el pesimismo nihilista. Todo ello ser\u00e1 encauzado por los enemigos de la naci\u00f3n para inventarse una sarta de nuevos agravios comparativos que pueden resultar fatales a la democracia y a los espa\u00f1oles de bien.<\/span><\/p>\n<\/blockquote>\n<p style=\"text-align: center;\"><span style=\"color: #008000;\"><strong><span style=\"font-size: 18pt;\">*****<\/span><\/strong><\/span><\/p>\n<p>&nbsp;<\/p>\n<p><img loading=\"lazy\" decoding=\"async\" class=\"aligncenter size-full wp-image-22069\" src=\"https:\/\/puntocritico.com\/ausajpuntocritico\/wp-content\/uploads\/2019\/09\/Declaracion-universal-DH.jpg\" alt=\"\" width=\"532\" height=\"414\" data-id=\"22069\" srcset=\"https:\/\/puntocritico.com\/ausajpuntocritico\/wp-content\/uploads\/2019\/09\/Declaracion-universal-DH.jpg 532w, https:\/\/puntocritico.com\/ausajpuntocritico\/wp-content\/uploads\/2019\/09\/Declaracion-universal-DH-300x233.jpg 300w\" sizes=\"auto, (max-width: 532px) 100vw, 532px\" \/><\/p>\n<div id=\"content\" class=\"site-content\">\n<section id=\"primary\" class=\"content-area\"><main id=\"main\" class=\"site-main\"><\/p>\n<article id=\"post-6\" class=\"post-6 page type-page status-publish hentry entry\">\n<div class=\"entry-content\">\n<p>&nbsp;<\/p>\n<h1 class=\"has-text-align-center\" style=\"text-align: center;\"><span style=\"font-size: 36pt;\">MANIFIESTO<\/span><\/h1>\n<p style=\"text-align: center;\"><span style=\"font-size: 24pt; color: #008000;\"><strong>Contra el confinamiento de la poblaci\u00f3n<\/strong><\/span><\/p>\n<p>&nbsp;<\/p>\n<p style=\"text-align: justify;\"><span style=\"font-size: 14pt;\"><em>Los abajo firmantes tenemos 60 a\u00f1os o m\u00e1s (algunos rondamos los ochenta) categor\u00eda demogr\u00e1fica en la que se han registrado hasta la fecha 96% de fallecimientos por la Covid-19 en Espa\u00f1a. Sucede que si los abajo firmantes hemos vivido hasta edades relativamente avanzadas es porque en la juventud, nuestros padres y nosotros, entendimos que los contagios forman naturalmente parte de la vida en sociedad al potenciar la inmunidad de grupo. Lo cual no excluye estimular el avance de la ciencia en vacunas. Ahora, en nuestro nombre se han tomado medidas de confinamiento que estigmatizan a las personas mayores haci\u00e9ndolas responsables, ante los j\u00f3venes, del desastre econ\u00f3mico que viene en marcha por no hablar del que nos espera. Y tanto es as\u00ed que partidos pol\u00edticos anti-constitucionalistas e independentistas propugnan medidas de confinamiento extremosas, descontando una crisis peor que la del 2008, en aras de abonar el terreno a sus nefastas y no ocultadas pretensiones. Los abajo firmantes nos oponemos al confinamiento \u2013por ineficaz, humillante, traumatizante y destructivo-\u00a0 y apelamos a la responsabilidad individual adoptando personalmente\u00a0 medidas de protecci\u00f3n en orden al distanciamiento social aunque aconsejamos aplicar el poder coercitivo del Estado en cuanto a la obligatoriedad de mascarillas y guantes fuera del hogar<\/em>.<\/span><\/p>\n<p style=\"text-align: justify;\"><span style=\"font-size: 14pt;\"><em>\u00a0Asimismo, solapando c\u00e1lculos sobre dos a\u00f1os, teniendo en cuenta que quiz\u00e1s vuelva estacionalmente la enfermedad, incluso poco despu\u00e9s de poner fin al confinamiento, consideramos que, si bien es preferible no infectarse nunca,\u00a0 la infecci\u00f3n de parte de la poblaci\u00f3n, digamos el 70%, propulsa una forma de Herd immunity.\u00a0 La cual proteger\u00e1 a los mayores el pr\u00f3ximo invierno habida cuenta que muchas personas son reacias a vacunarse y desconocemos los efectos secundarios de una eventual vacuna. El contagio ha sido, de todas formas, imparable y seguir\u00e1. La tasa de letalidad real posiblemente sea baja, doble en hombres que en mujeres siendo la incidencia igual en ambos sexos, pero\u00a0 sube en general a partir de 60 a\u00f1os, especialmente en varones mayores de 80 con patolog\u00edas previas que representan el 50% de fallecimientos. En Espa\u00f1a, ciertamente, salimos perjudicados respecto a Corea del Sur por un factor 1,4 (14% de la poblaci\u00f3n con m\u00e1s de 70 a\u00f1os; 10% en Corea) pero la gran diferencia en el n\u00famero de fallecidos en ambos pa\u00edses radica en la utilizaci\u00f3n de mascarillas fuera del hogar: inmediatamente obligatorias en Corea del Sur en los primeros focos. Al no haber medicaci\u00f3n milagrosa contra la Covid-19 en manos de un solo pa\u00eds, los sistemas de salud de los pa\u00edses occidentales son, pr\u00e1cticamente, igualmente eficientes. No lo son en cuanto al d\u00eda a d\u00eda de otras enfermedades. Est\u00e1n muriendo personas en Espa\u00f1a por causas distintas a la Covid-19 al crearse pl\u00e9toras y cuellos de botella en urgencias. Es un mito que el \u201caplanamiento\u201d de la curva epid\u00e9mica por confinamiento de la poblaci\u00f3n salve muchas vidas. Y las pocas que relativamente pudiese salvar, en el corto plazo, ser\u00eda a costa de multiplicar los fallecimientos en el medio y largo plazo. El aplanamiento de la curva evita, quiz\u00e1s tropeles en urgencias, pero no frena los contagios en medio y largo plazo. Pocas vidas salva la descongesti\u00f3n de urgencias. Lo que salva vidas es la prevenci\u00f3n y utilizaci\u00f3n masiva de mascarillas cuando a\u00fan no se ha alcanzado un umbral critico de contagio y protegiendo, desde un principio, a ancianos que dif\u00edcilmente pueden asumir su propia protecci\u00f3n en residencias y otros lugares<\/em>.<\/span><\/p>\n<p style=\"text-align: justify;\"><span style=\"font-size: 14pt;\"><em>No obstante, hay que relanzar inmediatamente la econom\u00eda para que j\u00f3venes y trabajadores en general no sufran las consecuencias de la voladura del entramado econ\u00f3mico. Un Estado endeudado por el desmoronamiento econ\u00f3mico carecer\u00e1 de medios para mantener un sistema de salud eficiente capaz de salvar vidas en el futuro. El aplanamiento de la curva epid\u00e9mica, en el corto plazo,\u00a0 solo se consigue, eventualmente, con un inasumible coste econ\u00f3mico siendo, en el medio\/largo plazo, peor el remedio que la enfermedad. La tasa de letalidad en trabajadores es muy baja, menos del 0,4%, inferior, por ejemplo, a la de la gripe (influenza) que cursa en este momento: 0,8%. No se puede cerrar una fabrica de autom\u00f3viles por una gripe; mucho menos, toda la econom\u00eda. Hay que volver a poner el pa\u00eds a producir.\u00a0 Si en las guerras se pide a los j\u00f3venes que den un paso al frente para defender la Patria, en la actual situaci\u00f3n somos las personas mayores de 60 a\u00f1os las que decidimos asumir el sacrificio moral, y eventualmente vital, por los j\u00f3venes y el resto de la poblaci\u00f3n. Con todo, ello no justifica que las personas con baja esperanza de vida sean relegadas en urgencias: <strong>la persona sintom\u00e1tica grave que llega debe ser atendida antes que la siguiente<\/strong>. Incoherentemente, la discriminaci\u00f3n contradice de lleno la finalidad del confinamiento: no se confina a la poblaci\u00f3n para evitar el contagio a personas de menos de 60 a\u00f1os, con baja tasa de letalidad, sino con m\u00e1s de 60, que, por definici\u00f3n, tienen menor esperanza de vida. Ni cabe posponer la atenci\u00f3n a una persona de 95 a\u00f1os, con baja esperanza de vida, en favor de otra de 65 con esperanza superior por su estado general de salud. La dignidad de la persona, de cualquier persona, no debe jerarquizarse por aplicaci\u00f3n discriminatoria de discutibles criterios de eficacia utilitarista<\/em>.<\/span><\/p>\n<p style=\"text-align: justify;\"><span style=\"font-size: 14pt;\">En una joya del profesionalismo cient\u00edfico, John P. A. Ioannidis (\u201c<em>A fiasco in the making? As the coronavirus pandemic takes hold, we are making decisions without reliable data<\/em>\u201d, 17\/03, STAT)\u00a0 Professor\u00a0<em>of medicine, of epidemiology and population health, of biomedical data science, and of statistics at Stanford University,\u00a0<\/em>\u00a0argumenta solventemente que los datos suministrados por distintos gobiernos y la OMS son un completo fiasco en cuanto a la confianza que podemos depositar en ellos. La principal laguna es que no sabemos cu\u00e1ntas personas han sido infectadas realmente hasta hoy por el virus Sars-CoV-2. Sin informaci\u00f3n fiable es arriesgado tomar decisiones, dif\u00edcil corregir el impacto de la pandemia y probable cometer monumentales dislates. Ejemplo can\u00f3nico de dislate: el estado de alarma impuesto en Espa\u00f1a. No as\u00ed en pa\u00edses que conf\u00edan m\u00e1s en la autonom\u00eda y responsabilidad personal respetando cierto distanciamiento social. Guantes y mascarillas, incluso de buena fabricaci\u00f3n casera, son realmente las \u00fanicas medidas de protecci\u00f3n relativamente eficaces. Y quienes deseen confinarse voluntariamente son libres de hacerlo.\u00a0 Esto es lo importante. Posicionarse contra el confinamiento obligatorio no excluye que las personas con riesgo se confinen y tomen voluntariamente todas las medidas de protecci\u00f3n necesarias y recaben la protecci\u00f3n del Estado que debe ser la misma en toda Espa\u00f1a.\u00a0 Lo otro, \u201caplanar la curva\u201d y \u201cel dilema entre mitigar y suprimir\u201d son pamplinas dado el desconocimiento general de la verdadera tasa de letalidad del virus emergido en noviembre 2019. Ni el intimidatorio modelo matem\u00e1tico del Imperial College de Londres se sostiene en datos s\u00f3lidos, de ah\u00ed que dispare en todas direcciones esperando acertar en alguna. El modelo anticipa el n\u00famero de muertos en ausencia de medidas de distanciamiento social, sin conocer la tasa real de letalidad, pero los modelistas evitan estimar precisamente los fallecimientos si se aplican las susodichas medidas. Dicen que las medidas adoptadas ya han salvado vidas. C\u00f3mo lo saben comparativamente si no se han aplicado medidas alternativas, verbigracia, concentrando los esfuerzos en evitar el contagio de persona con patolog\u00edas.\u00a0 Obviamente, desconoceremos la capacidad predictiva del modelo.<\/span><\/p>\n<p style=\"text-align: justify;\"><span style=\"font-size: 14pt;\">Sorprende la visi\u00f3n cortoplacista de medidas draconianas, tomadas en Espa\u00f1a, cuyos impactos econ\u00f3micos, familiares, penales, intelectuales, laborales, afectivos, f\u00edsicos, s\u00edquicos, etc., debidos al confinamiento obligatorio, ser\u00e1n sin duda devastadores. Esas medidas, confinamiento y distanciamiento social, no garantizan la disipaci\u00f3n estacional de la pandemia ni evitan su vuelta, el pr\u00f3ximo oto\u00f1o. Por no hablar de la econom\u00eda, a la que se le planta literalmente fuego con el se\u00f1uelo de cientos de miles de millones de euros que van a dejar caer desde helic\u00f3pteros. Es lamentable que pa\u00edses latinos europeos que han pulverizado sus econom\u00edas, consecuencia de las exageradas medidas impuestas,\u00a0 pidan a Holanda y Alemania que las salven emitiendo eurobonos. M\u00e1s razonablemente -contraejemplo de esa miop\u00eda decisoria impuesta irracionalmente a una sociedad absolutamente desinformada, aterrorizada y sin datos fiables en que apoyarse- algunos pa\u00edses calculan integrando los efectos de la pandemia este a\u00f1o y el pr\u00f3ximo con la estructura productiva en funcionamiento, en la medida de lo posible,\u00a0 para evitar el colapso econ\u00f3mico susceptible de debilitar los sistemas nacionales de salud en el futuro.<\/span><\/p>\n<p style=\"text-align: justify;\"><span style=\"font-size: 14pt;\">La situaci\u00f3n es tan grave desde el punto de vista cient\u00edfico que ning\u00fan pa\u00eds dispone de datos en los que se pueda confiar suficientemente, esto es, nadie conoce la prevalencia del virus en una muestra aleatoria no sesgada representativa de la poblaci\u00f3n general. A medida que hospitales e improvisados centros se vean desbordados solo se har\u00e1n pruebas a los casos m\u00e1s severos, de mayor riesgo aparente, con lo cual aumentar\u00e1 la letalidad artificialmente empeorando el sesgo de selectividad. El primer fallecido de la Covid-19, en Espa\u00f1a, fue diagnosticado post mortem, no estaba en las listas de infectados reportados. Suponiendo que en ese momento hubiese 100 personas contagiadas, con un R<sub>0<\/sub> cercano a 3 para el Sars-CoV-2, pueden estimarse alrededor de 500.000\/800.000 infectados en pocos d\u00edas. Con crecimiento exponencial, si el n\u00famero de infectados dobla en seis d\u00edas, la mitad, desde el principio de la infecci\u00f3n,\u00a0 se habr\u00eda infectado los seis \u00faltimos d\u00edas.\u00a0 En cualquier caso, el n\u00famero de infectados reales es entre 12 y 15 veces superior al reportado por el Gobierno. Con esos datos, no sorprender\u00eda que el sacrificio econ\u00f3mico resultase in\u00fatil\u00a0 al ser inevitable el contagio de gran parte de la poblaci\u00f3n sin haber previsto ni actuado en favor de quienes no pueden protegerse por s\u00ed mismos. Es vergonzoso, casi criminal,\u00a0 el desamparo de personas\u00a0 mayores residenciadas.<\/span><\/p>\n<p style=\"text-align: justify;\"><span style=\"font-size: 14pt;\">Con estas estimaciones \u2013tomadas con minuciosa precauci\u00f3n- el aplanamiento de la curva epid\u00e9mica quiz\u00e1s carezca de sentido. Salvemos al menos la econom\u00eda y el futuro de los j\u00f3venes. El confinamiento, desde el punto de vista de la administraci\u00f3n judicial constituye \u201carresto domiciliario\u201d, sin que en este caso previamente haya habido juicio ni sentencia, y es, por ende, una medida de dudosa legalidad adoptada brutal e irracionalmente, sin ning\u00fan tipo de base cient\u00edfica, pretextando proteger la vida de las personas mayores. Que, en realidad, quedan estigmatizadas ante la sociedad. Pronto los j\u00f3venes nos har\u00e1n responsables de la hecatombe econ\u00f3mica culp\u00e1ndonos de haberles bloqueado el futuro. Espa\u00f1a no podr\u00e1 encajar dos crisis seguidas.\u00a0 Primero, epid\u00e9mica; despu\u00e9s, econ\u00f3mica. El pa\u00eds quedar\u00e1 abatido hasta la melancol\u00eda enfermiza, noqueado por falta de perspectivas, hundido en el pesimismo nihilista. Todo ello ser\u00e1 encauzado por los enemigos de la naci\u00f3n para inventarse una sarta de nuevos agravios comparativos que pueden resultar fatales a la democracia y a los espa\u00f1oles de bien. Ya que no fueron capaces de evitar la primera crisis evitemos la segunda.\u00a0<\/span><\/p>\n<p>&nbsp;<\/p>\n<p style=\"text-align: right;\"><em>Juan Jos\u00e9 R. Calaza (Economista y matem\u00e1tico)\/ Andr\u00e9s Fern\u00e1ndez D\u00edaz (Catedr\u00e1tico em\u00e9rito Pol\u00edtica econ\u00f3mica UAM) \/ Joaqu\u00edn Leguina (Estad\u00edstico Superior del Estado)\/ Guillermo de la Dehesa (Economista del Estado)<\/em><\/p>\n<\/div>\n<\/article>\n<p><\/main><\/section>\n<\/div>\n<footer id=\"colophon\" class=\"site-footer responsive-max-width\">\n<div class=\"site-info\" style=\"text-align: right;\"><a class=\"site-name\" href=\"https:\/\/contraelconfinamientodelapoblacion.wordpress.com\/\" rel=\"home noopener\" target=\"_blank\">Contra el confinamiento de la poblaci\u00f3n<\/a><span class=\"comma\">,<\/span>\u00a0<\/div>\n<div>\u00a0<\/div>\n<div>\u00a0<\/div>\n<\/footer>\n<p><img loading=\"lazy\" decoding=\"async\" class=\"aligncenter wp-image-28369 size-full\" src=\"https:\/\/puntocritico.com\/ausajpuntocritico\/wp-content\/uploads\/2020\/04\/111081956_cara2.jpg\" alt=\"\" width=\"624\" height=\"351\" data-id=\"28369\" srcset=\"https:\/\/puntocritico.com\/ausajpuntocritico\/wp-content\/uploads\/2020\/04\/111081956_cara2.jpg 624w, https:\/\/puntocritico.com\/ausajpuntocritico\/wp-content\/uploads\/2020\/04\/111081956_cara2-300x169.jpg 300w\" sizes=\"auto, (max-width: 624px) 100vw, 624px\" \/><\/p>\n<p>&nbsp;<\/p>\n<p style=\"text-align: center;\"><span style=\"color: #008000;\"><strong><span style=\"font-size: 18pt;\">*****<\/span><\/strong><\/span><\/p>\n<header class=\"entry-header responsive-max-width\">\n<h1 class=\"entry-title\" style=\"text-align: center;\"><span style=\"font-size: 24pt;\">Alarma en el Estado de\u00a0alarma<\/span><\/h1>\n<p style=\"text-align: justify;\"><span style=\"font-size: 14pt;\">Por Juan Jos\u00e9 R. Calaza (economista y matem\u00e1tico)<\/span><\/p>\n<div class=\"entry-content\">\n<p style=\"text-align: justify;\"><span style=\"font-size: 14pt;\"><a href=\"https:\/\/www.abc.es\/opinion\/abci-juan-jose-calaza-alarma-estado-alarma-202004010012_noticia.html?fbclid=IwAR3K3uXbSaTl6oEX4c0MO10ci_Ot_ljmqnPSZ7dYVTj7LalNoIfrN-0qUMM#vca=rrss-inducido&amp;vmc=abc-es&amp;vso=fb&amp;vli=noticia-foto\" rel=\"nofollow noopener\" target=\"_blank\">ABC<\/a><\/span><\/p>\n<\/div>\n<\/header>\n<p><img loading=\"lazy\" decoding=\"async\" class=\"aligncenter wp-image-28409 size-mh-magazine-content\" src=\"https:\/\/puntocritico.com\/ausajpuntocritico\/wp-content\/uploads\/2020\/04\/Estado-de-alarma-UME-coronavirus-1140x600-1-678x381.jpg\" alt=\"\" width=\"678\" height=\"381\" data-id=\"28409\" \/><\/p>\n<p>&nbsp;<\/p>\n<div class=\"entry-content\">\n<h4 style=\"text-align: justify;\"><span style=\"font-size: 14pt;\"><strong>\u00abEspa\u00f1a no podr\u00e1 encajar dos crisis seguidas. Primero, epid\u00e9mica; despu\u00e9s, econ\u00f3mica. Ya que no fueron capaces de evitar la primera crisis evitemos la segunda. El confinamiento es una medida brutal e irracional, sin ning\u00fan tipo de base cient\u00edfica\u00bb<\/strong><\/span><\/h4>\n<p style=\"text-align: justify;\"><span style=\"font-size: 14pt;\">El confinamiento de la poblaci\u00f3n es una medida pseudo-fascista, tomada sin base racional ni cient\u00edfica, que provocar\u00e1 una hecatombe econ\u00f3mica, afectiva y ps\u00edquica en la sociedad espa\u00f1ola. Las personas mayores quedaremos estigmatizadas ante los j\u00f3venes que nos acusar\u00e1n de haberles cerrado el paso al futuro.<\/span><\/p>\n<p style=\"text-align: justify;\"><span style=\"font-size: 14pt;\"> En Espa\u00f1a, el 96,2% de fallecimientos por la Covid-19 se registran entre personas de m\u00e1s de 60 a\u00f1os. En el 3,8% de fallecidos, relativamente j\u00f3venes, se observaron frecuentemente patolog\u00edas. Las patolog\u00edas previas disparan la letalidad de la Covid-19 incluso en j\u00f3venes. Esta sospecha parece confirmarse al analizar los casos de fallecidos de m\u00e1s de 60 a\u00f1os.<\/span><\/p>\n<p style=\"text-align: justify;\"><span style=\"font-size: 14pt;\">La tasa de letalidad (calculada sobre la incidencia, infectados reales estimados, no solamente casos reportados) de la Covid-19 es\u00a0\u00a0muy baja (del orden del 0,3%-0,4%) doble en hombres que en mujeres, siendo la incidencia igual en ambos sexos, y sube especialmente en varones mayores de 80 a\u00f1os con patolog\u00edas previas (letalidad 16%, calculada exageradamente sobre casos reportados). Sin embargo, en esta alta letalidad se esconde una correlaci\u00f3n as\u00ed llamada cig\u00fce\u00f1a: no son la edad y la enfermedad combinadas las que matan sino que con la edad las personas sufren m\u00e1s patolog\u00edas. Y los hombres m\u00e1s que las mujeres por sus pasados h\u00e1bitos de vida o actividades profesionales. Con estos elementales datos en mano, puede probarse que la insostenible pol\u00edtica de confinamiento, amparada por el Estado de alarma, nace de una premisa completamente falsa. A saber, el confinamiento ser\u00eda la \u00ab\u00fanica\u00bb estrategia eficaz al no poder -alternativamente, por carencia de medios- practicar detecci\u00f3n a gran escala con aislamiento de personas detectadas contagiadas. Este diagn\u00f3stico de la situaci\u00f3n indica grave desconocimiento de la naturaleza de la Covid-19: su letalidad general es m\u00e1s baja que la de la gripe (influenza), 0,8%.<\/span><\/p>\n<p style=\"text-align: justify;\"><span style=\"font-size: 14pt;\">Cuando lo anterior se entiende bien la estrategia para encarar la Covid-19 es imparable. Una parte de la poblaci\u00f3n (la que padece patolog\u00edas previas) es fatalmente sensible y fr\u00e1gil a la infecci\u00f3n del virus SARS-CoV-2. Esta parte de la poblaci\u00f3n debe ser informada, partiendo de su historial cl\u00ednico, prevenirla del riesgo que corre y, si es necesario, aislarla por su propio bien (se admiten objeciones). Es obligaci\u00f3n del Gobierno llevarlo a buen t\u00e9rmino. \u00bfCu\u00e1l es esa parte de la poblaci\u00f3n de alto riesgo? Especialmente hombres mayores de 80 a\u00f1os (2\/3 de fallecidos). \u00bfEs suficiente ser hombre y mayor de ochenta a\u00f1os? No. Un hombre mayor de ochenta a\u00f1os sin patolog\u00edas previas, que padezca el Covid-19, corre menos riesgo de fallecer que si estuviera infectado por el virus de una gripe normal. Por tanto, los medios deben asignarse masivamente y los esfuerzos concentrarse, racionalmente, a la evitaci\u00f3n de contagios en el segmento de poblaci\u00f3n sensible: la que padece patolog\u00edas previas. El resto de casos reportados, sin patolog\u00edas previas, hay que considerarlos como si fuera gripe, es decir, que se queden en casa hasta que la enfermedad remita excepto agravamiento agudo y manifiesto (el 70% de ingresados en las UVI tienen m\u00e1s de 70 a\u00f1os, no todos con patolog\u00edas previas). Algunos enfermos sin patolog\u00edas previas tambi\u00e9n fallecer\u00e1n, desgraciadamente, pero menos que los que fallecen de gripe. Esta es la \u00fanica estrategia racional (cf. online, 9\/03\/2020, el interesante art\u00edculo de Fei Zhou y colaboradores: \u00abClinical course and risk factors for mortality of adult inpatients with COVID-19 in Wuhan, China: a retrospective cohort study\u00bb).<\/span><\/p>\n<p style=\"text-align: justify;\"><span style=\"font-size: 14pt;\">Con una biso\u00f1ez, un desparpajo y una incompetencia que aterran, el Gobierno, en previsi\u00f3n protectora de las personas mayores, ha tomado medidas de confinamiento que nos estigmatizan ante los m\u00e1s j\u00f3venes haci\u00e9ndonos indirectamente responsables del desastre econ\u00f3mico en curso. Y tanto es as\u00ed que partidos pol\u00edticos anticonstitucionalistas e independentistas propugnan medidas de confinamiento incluso m\u00e1s extremosas, descontando una crisis peor que la de 2008, en aras de abonar el terreno a sus nefastas y no ocultadas pretensiones. Por ello, los espa\u00f1oles de bien y m\u00e1s de sesenta a\u00f1os debemos oponemos al confinamiento de la poblaci\u00f3n -por ineficaz, humillante, traumatizante y destructivo- impulsando otras medidas de protecci\u00f3n en orden al distanciamiento social (centradas sobre todo en la prevenci\u00f3n de contagios en personas con patolog\u00edas previas) aplicando, si es necesario, el poder coercitivo del Estado en cuanto a la obligatoriedad de mascarillas y guantes fuera del hogar.<\/span><\/p>\n<p style=\"text-align: justify;\"><span style=\"font-size: 14pt;\">Es un mito que el \u00abaplanamiento\u00bb de la curva epid\u00e9mica por confinamiento de la poblaci\u00f3n salve muchas vidas. Y las pocas que relativamente pudiese salvar, en el corto plazo, ser\u00eda a costa de multiplicar los fallecimientos en el medio y largo plazo. Pocas vidas salva la descongesti\u00f3n de Urgencias. Lo que salva vidas es la prevenci\u00f3n cuando a\u00fan no se ha alcanzado un umbral cr\u00edtico de contagio, y protegiendo, desde un principio, a ancianos con patolog\u00edas que dif\u00edcilmente pueden asumir su propia protecci\u00f3n en residencias geri\u00e1tricas o el propio hogar. \u00bfA qu\u00e9 esperamos para cambiar de estrategia? Este sistema de protecci\u00f3n minuciosamente centrado no impide relanzar inmediatamente la econom\u00eda para que j\u00f3venes y trabajadores en general no sufran las consecuencias de la voladura del entramado econ\u00f3mico. Un Estado endeudado por el desmoronamiento econ\u00f3mico carecer\u00e1 de medios para mantener un sistema de salud eficiente capaz de salvar vidas en el futuro.<\/span><\/p>\n<p style=\"text-align: justify;\"><span style=\"font-size: 14pt;\">Sorprende la visi\u00f3n cortoplacista y chapucera de medidas draconianas, tomadas en Espa\u00f1a, cuyos impactos econ\u00f3micos, familiares, penales, intelectuales, laborales, afectivos, f\u00edsicos, ps\u00edquicos, etc., debidos al confinamiento obligatorio ser\u00e1n sin duda devastadores. M\u00e1s razonablemente -contraejemplo de esa miop\u00eda decisoria impuesta irracionalmente a una sociedad absolutamente desinformada, aterrorizada y sin datos fiables en que apoyarse-, algunos pa\u00edses calculan integrando los efectos de la pandemia este a\u00f1o y el pr\u00f3ximo con la estructura productiva en funcionamiento, en la medida de lo posible, para evitar el colapso econ\u00f3mico susceptible de debilitar los sistemas nacionales de salud en el futuro. El INSEE franc\u00e9s ha estimado, por lo bajo, que en diez d\u00edas de confinamiento la actividad econ\u00f3mica se ha contra\u00eddo el 35%; en un mes el PIB se habr\u00e1 reducido 3 puntos. Salvemos la econom\u00eda y el futuro de los j\u00f3venes. Espa\u00f1a no podr\u00e1 encajar dos crisis seguidas. Primero, epid\u00e9mica; despu\u00e9s, econ\u00f3mica. Ya que no fueron capaces de evitar la primera crisis evitemos la segunda. El confinamiento es una medida brutal e irracional, sin ning\u00fan tipo de base cient\u00edfica, pretextando proteger la vida de las personas mayores que, en realidad, quedan estigmatizadas ante la sociedad. Pronto los j\u00f3venes nos har\u00e1n responsables de la hecatombe econ\u00f3mica culp\u00e1ndonos de haberles bloqueado el futuro. S\u00e1nchez ha declarado la guerra, pero inspirado en \u00abDiario de la guerra del cerdo\u00bb, de Bioy Casares.<\/span><\/p>\n<\/div>\n<p>&nbsp;<\/p>\n<p>&nbsp;<\/p>\n<p><img loading=\"lazy\" decoding=\"async\" class=\"aligncenter wp-image-9528\" src=\"https:\/\/puntocritico.com\/ausajpuntocritico\/wp-content\/uploads\/2018\/03\/Mosca_Punto_Cr\u00edtico_40.png\" alt=\"\" width=\"80\" height=\"80\" data-id=\"9528\" \/><\/p>\n<p style=\"text-align: justify;\">\u00a0<\/p>\n<p>&nbsp;<\/p>\n<p>&nbsp;<\/p>\n<p>&nbsp;<\/p>\n","protected":false},"excerpt":{"rendered":"<div class=\"mh-excerpt\"><p>INDICE PANDEMIA CORONAVIRUS *** MANIFIESTO: \u00abContra el confinamiento de la poblaci\u00f3n\u00bb &nbsp; &nbsp; Ante la situaci\u00f3n creada por el Estado de Alarma, confinando a\u00a0 gran parte de la poblaci\u00f3n y aniquilando la econom\u00eda espa\u00f1ola, con <a class=\"mh-excerpt-more\" href=\"https:\/\/puntocritico.com\/ausajpuntocritico\/2020\/04\/07\/contra-el-confinamiento-de-la-poblacion\/\" title=\"MANIFIESTO: \u00abCONTRA EL CONFINAMIENTO DE LA POBLACI\u00d3N\u00bb. \u00abEl confinamiento es una medida fascista, ineficaz, humillante, traumatizante y destructiva que supone m\u00e1s problemas que soluciones\u00bb\">[&#8230;]<\/a><\/p>\n<\/div>","protected":false},"author":3,"featured_media":28420,"comment_status":"open","ping_status":"closed","sticky":false,"template":"","format":"standard","meta":{"_acf_changed":false,"_exactmetrics_skip_tracking":false,"_exactmetrics_sitenote_active":false,"_exactmetrics_sitenote_note":"","_exactmetrics_sitenote_category":0,"footnotes":""},"categories":[12,7],"tags":[52],"class_list":{"0":"post-28402","1":"post","2":"type-post","3":"status-publish","4":"format-standard","5":"has-post-thumbnail","7":"category-corrupcion","8":"category-politica","9":"tag-covid"},"acf":[],"_links":{"self":[{"href":"https:\/\/puntocritico.com\/ausajpuntocritico\/wp-json\/wp\/v2\/posts\/28402","targetHints":{"allow":["GET"]}}],"collection":[{"href":"https:\/\/puntocritico.com\/ausajpuntocritico\/wp-json\/wp\/v2\/posts"}],"about":[{"href":"https:\/\/puntocritico.com\/ausajpuntocritico\/wp-json\/wp\/v2\/types\/post"}],"author":[{"embeddable":true,"href":"https:\/\/puntocritico.com\/ausajpuntocritico\/wp-json\/wp\/v2\/users\/3"}],"replies":[{"embeddable":true,"href":"https:\/\/puntocritico.com\/ausajpuntocritico\/wp-json\/wp\/v2\/comments?post=28402"}],"version-history":[{"count":0,"href":"https:\/\/puntocritico.com\/ausajpuntocritico\/wp-json\/wp\/v2\/posts\/28402\/revisions"}],"wp:featuredmedia":[{"embeddable":true,"href":"https:\/\/puntocritico.com\/ausajpuntocritico\/wp-json\/wp\/v2\/media\/28420"}],"wp:attachment":[{"href":"https:\/\/puntocritico.com\/ausajpuntocritico\/wp-json\/wp\/v2\/media?parent=28402"}],"wp:term":[{"taxonomy":"category","embeddable":true,"href":"https:\/\/puntocritico.com\/ausajpuntocritico\/wp-json\/wp\/v2\/categories?post=28402"},{"taxonomy":"post_tag","embeddable":true,"href":"https:\/\/puntocritico.com\/ausajpuntocritico\/wp-json\/wp\/v2\/tags?post=28402"}],"curies":[{"name":"wp","href":"https:\/\/api.w.org\/{rel}","templated":true}]}}