{"id":28303,"date":"2020-04-06T03:00:48","date_gmt":"2020-04-06T02:00:48","guid":{"rendered":"https:\/\/puntocritico.com\/ausajpuntocritico\/?p=28303"},"modified":"2025-01-03T19:45:28","modified_gmt":"2025-01-03T18:45:28","slug":"coronavirus-biodictadura-suspension-de-los-derechos-humanos-sin-control-parlamentario-ni-judicial-la-otra-pandemia","status":"publish","type":"post","link":"https:\/\/puntocritico.com\/ausajpuntocritico\/2020\/04\/06\/coronavirus-biodictadura-suspension-de-los-derechos-humanos-sin-control-parlamentario-ni-judicial-la-otra-pandemia\/","title":{"rendered":"#CORONAVIRUS: BIODICTADURA. Suspensi\u00f3n de los Derechos Humanos sin control parlamentario ni judicial. La otra Pandemia"},"content":{"rendered":"<blockquote>\n<h1 style=\"text-align: center;\"><strong><span style=\"font-size: 24pt;\"><a id=\"ref1\"><\/a><a href=\"#ref1a\">[1]<\/a> Se\u00f1or presidente: \u00bfPor que no aplica el estado de excepci\u00f3n?<\/span><\/strong><\/h1>\n<p>Por Ricardo Rodriguez<\/p>\n<p>05\/04\/2020<\/p>\n<p><a href=\"https:\/\/confilegal.com\/20200405-senor-presidente-por-que-no-aplica-el-estado-de-excepcion\/\" target=\"_blank\" rel=\"noopener noreferrer\">CONFILEGAL<\/a><\/p>\n<p>&nbsp;<\/p>\n<figure id=\"attachment_28362\" aria-describedby=\"caption-attachment-28362\" style=\"width: 678px\" class=\"wp-caption aligncenter\"><img loading=\"lazy\" decoding=\"async\" class=\"wp-image-28362 size-mh-magazine-content\" src=\"https:\/\/puntocritico.com\/ausajpuntocritico\/wp-content\/uploads\/2020\/04\/Pedro-S\u00e1nchez-678x381.jpg\" alt=\"\" width=\"678\" height=\"381\" data-id=\"28362\" \/><figcaption id=\"caption-attachment-28362\" class=\"wp-caption-text\"><span style=\"color: #008000;\">El presidente del Gobierno, Pedro S\u00e1nchez, en la comparecencia del 4 de abril, en la que anunci\u00f3 la prolongaci\u00f3n del estado de alarma hasta el 25 de abril pr\u00f3ximo. El autor de esta columna, Ricardo Rodr\u00edguez, le pide que piense en declarar el estado de excepci\u00f3n, m\u00e1s acorde con las medidas de seguridad aplicadas. Foto: Pool\/Borja Puig de la Bellacasa.<\/span><\/figcaption><\/figure>\n<p>&nbsp;<\/p>\n<p style=\"text-align: justify;\"><span style=\"font-size: 14pt;\">Por Real Decreto 463\/2020, de 14 de marzo, el Gobierno de Espa\u00f1a declar\u00f3 el estado de alarma para la gesti\u00f3n de la situaci\u00f3n de crisis sanitaria ocasionada por el coronavirus, ahora denominado COVID-19, por un plazo de 15 d\u00edas, que fue prorrogado por Real Decreto 476\/2020, de 27 de marzo, por otros quince d\u00edas.<\/span><\/p>\n<p style=\"text-align: justify;\"><span style=\"font-size: 14pt;\">Ayer, s\u00e1bado 4 de abril, el presidente del Gobierno, Pedro S\u00e1nchez, anunci\u00f3, en rueda de prensa,\u00a0que el pr\u00f3ximo martes, 7 de abril, acordar\u00e1 una segunda pr\u00f3rroga de este estado de alarma hasta el 26 de abril.<\/span><\/p>\n<p style=\"text-align: justify;\"><span style=\"font-size: 14pt;\">Una rueda de prensa sin periodistas y con las preguntas filtradas por el secretario de Estado de Comunicaci\u00f3n, como nos viene acostumbrando en sus \u00faltimas comparecencias televisivas, quien selecciona las preguntas y, lo que es quiz\u00e1s m\u00e1s grave, sin posibilidad alguna de repreguntar, lo que ha motivado cr\u00edticas de todos los medios y asociaciones profesionales period\u00edsticas.<\/span><\/p>\n<p style=\"text-align: justify;\"><span style=\"font-size: 14pt;\"><strong>Lo que originariamente estaba bien<\/strong>\u00a0(esto es, acordar el estado de alarma por la crisis sanitaria producida por la pandemia del coronavirus)\u00a0<strong>ha ido derivando a un problema de orden p\u00fablico al limitarse el libre ejercicio de los derechos y libertades fundamentales de los ciudadanos.<\/strong><\/span><\/p>\n<p style=\"text-align: justify;\"><span style=\"font-size: 14pt;\">En efecto,\u00a0<strong>la acci\u00f3n original del Gobierno, al decretar el estado de alarma era:<\/strong><\/span><\/p>\n<p style=\"text-align: justify;\"><span style=\"font-size: 14pt;\"><strong>1.- Proteger la salud y seguridad de los ciudadanos;<\/strong><\/span><\/p>\n<p style=\"text-align: justify;\"><span style=\"font-size: 14pt;\"><strong>2.- \u00a0Contener la progresi\u00f3n de la enfermedad y<\/strong><\/span><\/p>\n<p style=\"text-align: justify;\"><span style=\"font-size: 14pt;\"><strong>3.- reforzar el sistema de salud p\u00fablica.<\/strong><\/span><\/p>\n<p style=\"text-align: justify;\"><span style=\"font-size: 14pt;\">Pero lo cierto es que las sucesivas medidas temporales de car\u00e1cter extraordinario que ha ido adoptando el Gobierno se han intensificado para \u2013lo que es loable- prevenir y contener el virus y mitigar el impacto sanitario, social y econ\u00f3mico.<\/span><\/p>\n<p style=\"text-align: justify;\"><span style=\"font-size: 14pt;\">El problema estriba \u2013a mi juicio- que con todas o, al menos, alguna de las medidas adoptadas con posterioridad al Real Decreto que lo acord\u00f3 y el que lo prorrog\u00f3 (ambos convalidados por el Congreso de los Diputados) se est\u00e1n afectando, limit\u00e1ndolos y, de hecho, suspendiendo alguna de las libertades y de los derechos fundamentales recogidos en nuestra Constituci\u00f3n.<\/span><\/p>\n<p style=\"text-align: justify;\"><span style=\"font-size: 14pt;\">A t\u00edtulo de ejemplo, podemos rese\u00f1ar:<\/span><\/p>\n<ul style=\"text-align: justify;\">\n<li><span style=\"font-size: 14pt;\"><strong>La libertad deambulatoria<\/strong>, de libre circulaci\u00f3n, nuestra libertad de movimientos al estar obligados todos a estar confinados en nuestros domicilios (a excepci\u00f3n de los movimientos autorizados por \u00f3rdenes ministeriales), que, a su vez, afecta a los derechos de reuni\u00f3n, de manifestaci\u00f3n y libertad de culto.<\/span><\/li>\n<li><span style=\"font-size: 14pt;\"><strong>La libertad de empresa<\/strong>, desde el mismo momento en que se proh\u00edben los despidos.<\/span><\/li>\n<li><span style=\"font-size: 14pt;\">El derecho de propiedad al impedir a los arrendadores que puedan disponer de sus propiedades al prohibirse los desahucios.<\/span><\/li>\n<li><span style=\"font-size: 14pt;\"><strong>La libertad de poder contraer matrimonio libremente<\/strong>, al no poder realizarse.<\/span><\/li>\n<li><span style=\"font-size: 14pt;\"><strong>El mismo derecho a la libertad<\/strong>, por cuanto si alguien fallece no puede ser acompa\u00f1ado por todos los familiares y amigos que deseenr y no se puede hacer un acto religioso.<\/span><\/li>\n<li><span style=\"font-size: 14pt;\"><strong>El derecho a la tutela judicial<\/strong>\u00a0<strong>efectiva<\/strong>\u00a0al estar suspendidos los plazos administrativos y procesales (tal es, por ejemplo, la imposibilidad de presentar una demanda de reclamaci\u00f3n de cantidad, de desahucio). Y, en suma,<\/span><\/li>\n<li><span style=\"font-size: 14pt;\"><strong>El de libertad de prensa, de informaci\u00f3n<\/strong>\u00a0(derecho a comunicar o recibir libremente informaci\u00f3n veraz por cualquier medio de difusi\u00f3n) en los t\u00e9rminos ya citados.<\/span><\/li>\n<\/ul>\n<p style=\"text-align: justify;\"><span style=\"font-size: 14pt;\">Lo que originariamente se hizo bien por el presupuesto de hecho de la alarma \u2013evitar la propagaci\u00f3n de la pandemia- ha quedado superado por los acontecimientos con una clara afectaci\u00f3n del orden p\u00fablico \u2013aquella limitaci\u00f3n de derechos fundamentales- que, en modo alguno pueden realizarse bajo un estado de alarma, debiendo pasarse al siguiente grado de excepcionalidad, cual es el estado de excepci\u00f3n.<\/span><\/p>\n<p style=\"text-align: justify;\"><span style=\"font-size: 14pt;\"><strong>La limitaci\u00f3n de derechos fundamentales es clara, patente, notoria y manifiesta.<\/strong><\/span><\/p>\n<p style=\"text-align: justify;\"><span style=\"font-size: 14pt;\">Y tal limitaci\u00f3n de derechos fundamentales necesita una cobertura legal que solo tiene encuadre, seg\u00fan nuestra Constituci\u00f3n (art\u00edculo 55.1), bajo la declaraci\u00f3n del estado de excepci\u00f3n o de sitio. Nunca bajo el estado de alarma.<\/span><\/p>\n<p style=\"text-align: justify;\"><span style=\"font-size: 14pt;\">Y debe recordarse al Gobierno que, seg\u00fan el p\u00e1rrafo segundo del apartado 2 del citado precepto constitucional, \u201cla utilizaci\u00f3n injustificada o abusiva de las facultades reconocidas en dicha ley org\u00e1nica [LO 4\/1981, de 12 de junio, de los estados de alarma, excepci\u00f3n y sitio)] producir\u00e1 responsabilidad penal, como violaci\u00f3n de los derechos y libertades reconocidos por las leyes\u201d.<\/span><\/p>\n<p style=\"text-align: justify;\"><span style=\"font-size: 14pt;\">El estado de excepci\u00f3n est\u00e1 previsto para los casos en los que \u201cel libre ejercicio de los derechos y libertades de los ciudadanos, el normal funcionamiento de las instituciones democr\u00e1ticas, el de los servicios p\u00fablicos esenciales para la comunidad, o cualquier otro aspecto del orden p\u00fablico resulten tan gravemente alterados que el ejercicio de las potestades ordinarias fuera insuficiente para restablecerlo y mantenerlo\u201d (art\u00edculo 13 de la Ley Org\u00e1nica 4\/1981, de 1 de junio).<\/span><\/p>\n<p style=\"text-align: justify;\"><span style=\"font-size: 14pt;\">Es el Gobierno quien tambi\u00e9n declara el estado de excepci\u00f3n por decreto acordado en Consejo de Ministros pero (al contrario de lo que ocurre con el estado de alarma en que es declarado por el Gobierno mediante decreto acordado por Consejo de Ministros y dando cuenta al Congreso de los Diputados y sin cuya autorizaci\u00f3n no podr\u00e1 ser prorrogado) previa autorizaci\u00f3n del Congreso de los Diputados, que deber\u00e1 determinar expresamente los efectos del mismo, as\u00ed como su duraci\u00f3n, que no podr\u00e1 exceder de treinta d\u00edas, prorrogables por otro plazo igual y con los mismos requisitos.<\/span><\/p>\n<p style=\"text-align: justify;\"><span style=\"font-size: 14pt;\"><strong>En definitiva, lo que inicialmente se hizo bien<\/strong>\u00a0(declarar el estado de alarma para controlar la pandemia -que no evitar por cuanto ya estaba extendida por todo el territorio nacional-)\u00a0<strong>ha derivado en una limitaci\u00f3n de libertades y derechos fundamentales que no puede sustentarse con este estado de alarma, sino que debe darse un paso m\u00e1s, declarando el estado de excepci\u00f3n<\/strong>, previa autorizaci\u00f3n del Congreso de los Diputados. Cierto es que ser\u00eda algo absolutamente excepcional (ser\u00eda la primera vez en la historia de nuestra reciente democracia), pero tambi\u00e9n es excepcional la grave crisis, social, sanitaria y econ\u00f3mica que estamos padeciendo.<\/span><\/p>\n<p style=\"text-align: justify;\"><span style=\"font-size: 14pt;\">A\u00fan est\u00e1n el presidente del Gobierno y el Consejo de Ministros a tiempo de rectificar.<\/span><\/p>\n<p style=\"text-align: justify;\"><span style=\"font-size: 14pt;\">Pi\u00e9nseselo\u2026, pueden solventar as\u00ed las graves responsabilidades \u2013incluidas las penales, art\u00edculo 452 del \u00a0C\u00f3digo Penal\u2013 que, en caso contrario, podr\u00edan incurrir.<\/span><\/p>\n<p style=\"text-align: justify;\"><span style=\"font-size: 14pt;\">Debe recordarse que si bien las decisiones que adopta el Consejo de Ministros son actos pol\u00edticos no es menos cierto que no dejan de estar exentos de control judicial.<\/span><\/p>\n<p style=\"text-align: justify;\"><span style=\"font-size: 14pt;\">Termino con una acepci\u00f3n coloquial marinera: Aviso a navegantes.<\/span><\/p>\n<\/blockquote>\n<p style=\"text-align: center;\"><span style=\"font-size: 14pt; color: #008000;\">\u2666\u2666\u2666\u2666\u2666<\/span><\/p>\n<p><span style=\"font-size: 14pt;\"><a href=\"https:\/\/puntocritico.com\/ausajpuntocritico\/2020\/04\/01\/indice-pandemia-coronavirus\/\">INDICE PANDEMIA CORONAVIRUS\u00a0<\/a><\/span><\/p>\n<p>&nbsp;<\/p>\n<p><span style=\"font-size: 14pt; background-color: #ccffcc;\"><strong>SUMARIO:\u00a0<\/strong><\/span><\/p>\n<p><a id=\"ref1a\"><\/a><a href=\"#ref1\">[1] Se\u00f1or presidente: \u00bfPor que no aplica el estado de excepci\u00f3n?, por Ricardo Rodriguez<\/a><\/p>\n<p><a id=\"ref2a\"><\/a><a href=\"#ref2\">[2] CORONAVIRUS, CAE LA M\u00c1SCARA DEL CAPITALISMO, por Marat<\/a><\/p>\n<p><a id=\"ref3a\"><\/a><a href=\"#ref3\">[3] Ciberestado intervencionista y pandemias, por Jorge Vila Lozano<\/a><\/p>\n<p><a id=\"ref4a\"><\/a><a href=\"#ref4\">[4] El coronavirus y la pandemia autocr\u00e1tica en Europa, por Germ\u00e1n Gorr\u00e1iz L\u00f3pez<\/a>\u00a0<\/p>\n<p><a id=\"ref5a\"><\/a><a href=\"#ref5\">[5] Coronavirus: El Gobierno moviliza 200.000 millones para su \u00abescudo econ\u00f3mico y social\u00bb, por Rosa Mar\u00eda S\u00e1nchez<\/a><\/p>\n<p><a id=\"ref6a\"><\/a><a href=\"#ref6\">[6] La crisis del coronavirus provoca la p\u00e9rdida de 900.000 empleos desde el inicio del estado de alarma, por Manuel V. G\u00f3mez<\/a><\/p>\n<p><a id=\"ref7a\"><\/a><a href=\"#ref7\">[7] Coronavirus: \u00abEstamos muy cerca de una recesi\u00f3n global\u00bb por el r\u00e1pido avance de la pandemia, por Cecilia Barr\u00eda<\/a><\/p>\n<p><a id=\"ref8a\"><\/a><a href=\"#ref8\">[8] M\u00e1s de 40 millones de tel\u00e9fonos m\u00f3viles ser\u00e1n usados para rastrear el coronavirus en toda Espa\u00f1a, por Ram\u00f3n Mu\u00f1oz\u00a0<\/a><\/p>\n<p><a id=\"ref9a\"><\/a><a href=\"#ref9\">[9] Sanidad podr\u00e1 comprobar mediante su aplicaci\u00f3n m\u00f3vil si un ciudadano est\u00e1 donde declara estar, por Ram\u00f3n Mu\u00f1oz<\/a><\/p>\n<p><a id=\"ref10a\"><\/a><a href=\"#ref10\">[10] VIDEO: Dura intervenci\u00f3n de la Guardia Civil de Valdemoro a un vecino por saltarse la cuarentena<\/a><\/p>\n<p><a id=\"ref11a\"><\/a><a href=\"#ref11\">[11] Aumentan los abusos policiales al calor del estado de alarma, por Danilo Albin<\/a><\/p>\n<p><a id=\"ref12a\"><\/a><a href=\"#ref12\">[12] El Poder Judicial se prepara para evitar el colapso tras el estado de alarma, por Reyes Rinc\u00f3n<\/a><\/p>\n<p><a id=\"ref13a\"><\/a><a href=\"#ref13\">[13] S\u00e1nchez ampl\u00eda la alarma y propone unos nuevos pactos de la Moncloa, por Juan Carlos Merino<\/a><\/p>\n<p><a id=\"ref14a\"><\/a><a href=\"#ref14\">[14] As\u00ed fueron los verdaderos Pactos de La Moncloa, por Pedro Garc\u00eda Cuartango<\/a><\/p>\n<p><a id=\"ref15a\"><\/a><a href=\"#ref15\">[15] Moncloa rechaza la f\u00f3rmula de las asociaciones de prensa contra el filtro de preguntas<\/a><\/p>\n<p><a id=\"ref16a\"><\/a><a href=\"#ref16\">[16] Los 20.000 millones del ICO a las empresas se &#8216;agotan&#8217; antes de estar disponibles, por Jorge Zuloaga<\/a><\/p>\n<p>&nbsp;<\/p>\n<p style=\"text-align: center;\"><span style=\"font-size: 14pt; color: #008000;\">\u2666<\/span><span style=\"font-size: 14pt;\">\u2666<\/span><span style=\"font-size: 14pt; color: #008000;\">\u2666<\/span><span style=\"font-size: 14pt;\">\u2666<\/span><span style=\"font-size: 14pt; color: #008000;\">\u2666<\/span><\/p>\n<p>&nbsp;<\/p>\n<p><img loading=\"lazy\" decoding=\"async\" class=\"aligncenter wp-image-28391 size-full\" src=\"https:\/\/puntocritico.com\/ausajpuntocritico\/wp-content\/uploads\/2020\/04\/6-muertos-por-gripe-en-Italia-y-el-ej\u00e9rcito-patrullando-las-calles-con-armas.jpg\" alt=\"\" width=\"822\" height=\"610\" data-id=\"28391\" srcset=\"https:\/\/puntocritico.com\/ausajpuntocritico\/wp-content\/uploads\/2020\/04\/6-muertos-por-gripe-en-Italia-y-el-ej\u00e9rcito-patrullando-las-calles-con-armas.jpg 822w, https:\/\/puntocritico.com\/ausajpuntocritico\/wp-content\/uploads\/2020\/04\/6-muertos-por-gripe-en-Italia-y-el-ej\u00e9rcito-patrullando-las-calles-con-armas-300x223.jpg 300w, https:\/\/puntocritico.com\/ausajpuntocritico\/wp-content\/uploads\/2020\/04\/6-muertos-por-gripe-en-Italia-y-el-ej\u00e9rcito-patrullando-las-calles-con-armas-768x570.jpg 768w, https:\/\/puntocritico.com\/ausajpuntocritico\/wp-content\/uploads\/2020\/04\/6-muertos-por-gripe-en-Italia-y-el-ej\u00e9rcito-patrullando-las-calles-con-armas-80x60.jpg 80w\" sizes=\"auto, (max-width: 822px) 100vw, 822px\" \/><\/p>\n<p style=\"text-align: center;\"><span style=\"color: #008000;\"><span style=\"font-size: 14pt;\">\u2666<\/span><span style=\"font-size: 14pt;\">\u2666<\/span><span style=\"font-size: 14pt;\">\u2666<\/span><span style=\"font-size: 14pt;\">\u2666<\/span><span style=\"font-size: 14pt;\">\u2666<\/span><\/span><\/p>\n<p>&nbsp;<\/p>\n<h1 style=\"text-align: center;\"><span style=\"font-size: 24pt;\"><a id=\"ref2\"><\/a><a href=\"#ref2a\">[2]<\/a> CORONAVIRUS, CAE LA M\u00c1SCARA DEL CAPITALISMO<\/span><\/h1>\n<p><span style=\"font-size: 14pt;\"><a href=\"http:\/\/marat-asaltarloscielos.blogspot.com\/2020\/03\/coronavirus-cae-la-mascara-del.html\" target=\"_blank\" rel=\"noopener noreferrer\">Por Marat<\/a>\u00a0<\/span><\/p>\n<p>28\/03\/2020<\/p>\n<p>&nbsp;<\/p>\n<p style=\"font-weight: 400; text-align: justify;\"><span style=\"font-size: 14pt;\"><strong><u><img loading=\"lazy\" decoding=\"async\" class=\"alignleft wp-image-28363\" src=\"https:\/\/puntocritico.com\/ausajpuntocritico\/wp-content\/uploads\/2020\/04\/m\u00e1scara-300x149.png\" alt=\"\" width=\"350\" height=\"174\" data-id=\"28363\" srcset=\"https:\/\/puntocritico.com\/ausajpuntocritico\/wp-content\/uploads\/2020\/04\/m\u00e1scara-300x149.png 300w, https:\/\/puntocritico.com\/ausajpuntocritico\/wp-content\/uploads\/2020\/04\/m\u00e1scara.png 320w\" sizes=\"auto, (max-width: 350px) 100vw, 350px\" \/>1.-El derrumbe capitalista, el s\u00e1lvese quien pueda y la pandemia como convidada de piedra<\/u><\/strong><\/span><\/p>\n<p style=\"font-weight: 400; text-align: justify;\"><span style=\"font-size: 14pt;\">La reuni\u00f3n de los Ministros de Econom\u00eda y Gobernadores de los Bancos Centrales de los pa\u00edses del G-20 \u2013los 20 Estados que concentran el 85% del producto bruto mundial-, realizado telem\u00e1ticamente el pasado 23 de Marzo, es hasta el momento la evidencia m\u00e1s clara de que no es tan importante para el sistema capitalista salvar a la humanidad de la pandemia con mayor impacto mundial ce la historia (en cuanto al n\u00famero de pa\u00edses afectados y el porcentaje de poblaci\u00f3n planetaria confinado en sus casas) como salvarse a s\u00ed mismo.<\/span><\/p>\n<p style=\"font-weight: 400; text-align: justify;\"><span style=\"font-size: 14pt;\">La incorporaci\u00f3n de la India (1.300 millones de habitantes) a la lista de pa\u00edses (de un total de 195 reconocidos internacionalmente) que aplican el confinamiento de sus hogares y otros establecimientos) es alrededor del 40% de la poblaci\u00f3n mundial (<a href=\"https:\/\/www.t13.cl\/noticia\/mundo\/la-mitad-del-mundo-pasa-fin-semana-confinado-y-asustado-pandemia\" data-saferedirecturl=\"https:\/\/www.google.com\/url?hl=es&amp;q=https:\/\/www.t13.cl\/noticia\/mundo\/la-mitad-del-mundo-pasa-fin-semana-confinado-y-asustado-pandemia&amp;source=gmail&amp;ust=1586211263288000&amp;usg=AFQjCNFOpiErDr3b_12aDAFUG_y5PEVMmw\" target=\"_blank\" rel=\"noopener\">m\u00e1s de 3.000 de unos 7.800 millones de seres humanos que habitan el Planeta<\/a>) los que se encuentran en tal situaci\u00f3n.<\/span><\/p>\n<p style=\"font-weight: 400; text-align: justify;\"><span style=\"font-size: 14pt;\">Dicha reuni\u00f3n, preparatoria de la Cumbre de Presidentes del G-20, aparentemente convocada con el fin de hacer frente a la pandemia del coronavirus, ha puesto en realidad el \u00e9nfasis en el impacto econ\u00f3mico que traer\u00e1 esta nueva \u201cpeste negra\u201d del siglo XXI.<\/span><\/p>\n<p style=\"font-weight: 400; text-align: justify;\"><span style=\"font-size: 14pt;\">Dada la extensi\u00f3n de la epidemia y el tiempo transcurrido desde que el brote inicial apareci\u00f3 en la provincia china de Wuhan no puede decirse que el G-20 haya actuado precisamente con precipitaci\u00f3n.<\/span><\/p>\n<p style=\"font-weight: 400; text-align: justify;\"><span style=\"font-size: 14pt;\">Los Ministros de Econom\u00eda y Gobernadores de los Bancos Centrales del G-20<a href=\"https:\/\/www.telam.com.ar\/notas\/202003\/443856-los-ministros-del-g20-acordaron-elaborar-un-plan-de-accion-contra-el-coronavirus.html\" data-saferedirecturl=\"https:\/\/www.google.com\/url?hl=es&amp;q=https:\/\/www.telam.com.ar\/notas\/202003\/443856-los-ministros-del-g20-acordaron-elaborar-un-plan-de-accion-contra-el-coronavirus.html&amp;source=gmail&amp;ust=1586211263288000&amp;usg=AFQjCNHmZC7fgQCqISRgE_t1eZ3Mu8cI0Q\" target=\"_blank\" rel=\"noopener\"><em>\u00a0\u00abacordaron seguir de cerca la evoluci\u00f3n de la pandemia de Covid-19, incluyendo su impacto en los mercados y las condiciones econ\u00f3micas, y tomar m\u00e1s medidas para apoyar la econom\u00eda durante y despu\u00e9s de esta fase\u00bb<\/em><\/a>, se\u00f1ala el documento aprobado al final de la reuni\u00f3n.<\/span><\/p>\n<p style=\"font-weight: 400; text-align: justify;\"><span style=\"font-size: 14pt;\">Por su parte el Ministro de Econom\u00eda franc\u00e9s Bruno Le Marie expres\u00f3 en un tuit el inter\u00e9s de la pasada reuni\u00f3n por el\u00a0<em>\u00abimpacto violento de la pandemia en la econom\u00eda global, el necesario apoyo financiero para los pa\u00edses en desarrollo y los preparativos para una estrategia de salida com\u00fan de la crisis\u00bb.<\/em><\/span><\/p>\n<p style=\"font-weight: 400; text-align: justify;\"><span style=\"font-size: 14pt;\">No se avanz\u00f3 en dicha reuni\u00f3n ninguna propuesta de actuaci\u00f3n contra el coronavirus, ni siquiera orientaci\u00f3n concreta ante la inminente celebraci\u00f3n de la cumbre de presidentes y primeros ministros.<\/span><\/p>\n<p style=\"font-weight: 400; text-align: justify;\"><span style=\"font-size: 14pt;\">C\u00f3mo no pod\u00eda ser de otro modo, porque al capitalismo le mueve solo el beneficio y le duele \u00e9ste cuando es amenazado, sea por una revoluci\u00f3n social, una de sus peri\u00f3dicas e inevitables crisis o un desastre que amenace su realizaci\u00f3n, la Cumbre del G-20\u00a0\u00a0del jueves 26 de Marzo ha concluido en fracaso para las v\u00edctimas del coronavirus y para quienes cada d\u00eda engrosan las brutales cifras de afectados y de muertos y en \u00e9xito en la toma de decisiones econ\u00f3micas, que ya veremos hasta d\u00f3nde alcanza.<\/span><\/p>\n<p style=\"font-weight: 400; text-align: justify;\"><span style=\"font-size: 14pt;\">Para combatir el coronavirus la notificaci\u00f3n final de la Cumbre alude a declaraciones tan pobres como\u00a0<em>\u00abcompartiremos informaci\u00f3n oportuna y transparente; intercambiaremos datos epidemiol\u00f3gicos y cl\u00ednicos; compartiremos materiales necesarios para la investigaci\u00f3n; y fortaleceremos los sistemas de salud a nivel mundial\u00bb<\/em>, sin concretar ninguna partida econ\u00f3mica para lograr este objetivo.<\/span><\/p>\n<p style=\"font-weight: 400; text-align: justify;\"><span style=\"font-size: 14pt;\">Tampoco es que el comunicado final de la Cumbre del G-20 destaque por su concreci\u00f3n en relaci\u00f3n con el COVID-19 y su afectaci\u00f3n a los pa\u00edses subdesarrollados<\/span><\/p>\n<p style=\"font-weight: 400; text-align: justify;\"><span style=\"font-size: 14pt;\"><a href=\"https:\/\/www.france24.com\/es\/20200326-covid-coronavirus-espana-mas-muertos\" data-saferedirecturl=\"https:\/\/www.google.com\/url?hl=es&amp;q=https:\/\/www.france24.com\/es\/20200326-covid-coronavirus-espana-mas-muertos&amp;source=gmail&amp;ust=1586211263289000&amp;usg=AFQjCNEmGyLi_p_ihUj4VDkH8qmfd8UNcA\" target=\"_blank\" rel=\"noopener\"><em>\u00abEstamos firmemente comprometidos a presentar un frente unido contra esta amenaza com\u00fan\u00bb<\/em><\/a>. Bla, bla, bla<\/span><\/p>\n<p style=\"font-weight: 400; text-align: justify;\"><span style=\"font-size: 14pt;\"><a href=\"https:\/\/www.elmundo.es\/economia\/macroeconomia\/2020\/03\/26\/5e7ccddbfc6c83525e8b4594.html\" data-saferedirecturl=\"https:\/\/www.google.com\/url?hl=es&amp;q=https:\/\/www.elmundo.es\/economia\/macroeconomia\/2020\/03\/26\/5e7ccddbfc6c83525e8b4594.html&amp;source=gmail&amp;ust=1586211263289000&amp;usg=AFQjCNFXAwK5gUdgwy2kgTV5GHQFg9GE2A\" target=\"_blank\" rel=\"noopener\"><em>\u00abConsolidar la defensa de la salud en \u00c1frica resulta clave para la resiliencia de la salud a nivel global. Estamos preparados para movilizar el desarrollo y la financiaci\u00f3n humanitaria\u00bb<\/em><\/a>. M\u00e1s bla, bla, bla.<\/span><\/p>\n<p style=\"font-weight: 400; text-align: justify;\"><span style=\"font-size: 14pt;\">[Nos comprometemos a hacer]\u00a0\u00a0<a href=\"https:\/\/elpais.com\/economia\/2020-03-26\/el-g20-se-compromete-a-hacer-lo-que-sea-necesario-para-superar-la-pandemia-del-coronavirus.html\" data-saferedirecturl=\"https:\/\/www.google.com\/url?hl=es&amp;q=https:\/\/elpais.com\/economia\/2020-03-26\/el-g20-se-compromete-a-hacer-lo-que-sea-necesario-para-superar-la-pandemia-del-coronavirus.html&amp;source=gmail&amp;ust=1586211263289000&amp;usg=AFQjCNE4sRtZMYJIgxNbDZQu_u-817klVA\" target=\"_blank\" rel=\"noopener\"><em>\u201clo que sea necesario\u201d para superar la pandemia del coronavirus. \u201cNo ahorraremos ning\u00fan esfuerzo, ni individual ni colectivamente\u201d<\/em><\/a>. Bla, bla, bla con redoble de tambor y brindis al sol.<\/span><\/p>\n<p style=\"font-weight: 400; text-align: justify;\"><span style=\"font-size: 14pt;\">Por el contrario, en el caso de las medidas aprobadas ha hablado mucho m\u00e1s claro: 5 billones, con B, de euros (4,5 billones de d\u00f3lares) para estimular la econom\u00eda mundial<\/span><\/p>\n<p style=\"font-weight: 400; text-align: justify;\"><span style=\"font-size: 14pt;\">Porque, en el fondo, al capital le importa lo que le importa<\/span><\/p>\n<p style=\"font-weight: 400; text-align: justify;\"><span style=\"font-size: 14pt;\"><a href=\"https:\/\/www.lavanguardia.com\/economia\/20200326\/48105968378\/g20-economia-coronavirus-medidas-fondos.html\" data-saferedirecturl=\"https:\/\/www.google.com\/url?hl=es&amp;q=https:\/\/www.lavanguardia.com\/economia\/20200326\/48105968378\/g20-economia-coronavirus-medidas-fondos.html&amp;source=gmail&amp;ust=1586211263289000&amp;usg=AFQjCNGIoTgEdnukjmE-vRm8URne1wivCw\" target=\"_blank\" rel=\"noopener\"><em>\u201cEstamos inyectando m\u00e1s de 5 billones de d\u00f3lares \u20134,5 billones de euros\u2013 en la econom\u00eda global, como parte de las pol\u00edticas fiscales dirigidas, medidas econ\u00f3micas y programas de garant\u00eda para contrarrestar los impactos social, econ\u00f3mico y financiero de la pandemia\u201d<\/em><\/a><\/span><\/p>\n<p style=\"font-weight: 400; text-align: justify;\"><span style=\"font-size: 14pt;\">Y no duda, para ello, de revestirlo del camelo del \u201cbien com\u00fan\u201d y el \u201cinter\u00e9s general\u201d<\/span><\/p>\n<p style=\"font-weight: 400; text-align: justify;\"><span style=\"font-size: 14pt;\"><em>\u201cLa magnitud y el objetivo de esta respuesta reanimar\u00e1n la econom\u00eda global y pondr\u00e1n una s\u00f3lida base para proteger trabajos y recuperar el crecimiento\u201d\u00a0\u00a0\u00a0\u00a0\u00a0\u00a0\u00a0\u00a0\u00a0\u00a0\u00a0\u00a0<\/em><\/span><\/p>\n<p style=\"font-weight: 400; text-align: justify;\"><span style=\"font-size: 14pt;\"><em>\u201cVamos a proteger la vida humana, restablecer la estabilidad econ\u00f3mica global y sentar bases s\u00f3lidas para un crecimiento sostenible, equilibrado e integrador\u00bb<\/em><\/span><\/p>\n<p style=\"font-weight: 400; text-align: justify;\"><span style=\"font-size: 14pt;\">Esta semana ha sido prolija en reuniones internacionales de tipo virtual.\u00a0<em>\u00a0\u00a0\u00a0\u00a0\u00a0\u00a0<\/em><\/span><\/p>\n<p style=\"font-weight: 400; text-align: justify;\"><span style=\"font-size: 14pt;\">El pasado mi\u00e9rcoles 25, un d\u00eda antes de la cumbre del G-20 conclu\u00eda la del G-7, formado por Alemania, Canad\u00e1, Estados Unidos, Francia, Italia, Jap\u00f3n y Reino Unido, sin acuerdo de comunicado final, por lo que no se tomaron decisiones.<\/span><\/p>\n<p style=\"font-weight: 400; text-align: justify;\"><span style=\"font-size: 14pt;\">La insistencia de Mike Pompeo, secretario de Estado USA, en referirse a la pandemia como \u201cvirus chino\u201d o \u201cvirus de Wuhan\u201d llev\u00f3 al resto de los miembros del grupo a no suscribir un comunicado final.<\/span><\/p>\n<p style=\"font-weight: 400; text-align: justify;\"><span style=\"font-size: 14pt;\">En paralelo a la Cumbre del G-20, el mismo jueves ten\u00eda lugar la reuni\u00f3n telem\u00e1tica de presidentes y primeros ministros de la UE buscando un plan anticrisis de reactivaci\u00f3n de la econom\u00eda europea, que est\u00e1 entrando en recesi\u00f3n por causa tanto de la enfermedad como de las medidas adoptadas para frenar el COVID-19.<\/span><\/p>\n<p style=\"font-weight: 400; text-align: justify;\"><span style=\"font-size: 14pt;\">Pero la pretensi\u00f3n de una \u201cestrategia coordinada\u201d, una vez que se superase la pandemia, para volver a arrancar la m\u00e1quina econ\u00f3mica, afectada del mayor par\u00f3n desde la fundaci\u00f3n de la UE, fracas\u00f3.<\/span><\/p>\n<p style=\"font-weight: 400; text-align: justify;\"><span style=\"font-size: 14pt;\">Para su puesta en marcha se demandaba desde los pa\u00edses del sur, capitaneados por Espa\u00f1a, Italia y Francia, una emisi\u00f3n de deuda con respaldo de la UE (\u201ccoronabonos\u201d) y no simplemente de cada pa\u00eds como pretend\u00edan las naciones m\u00e1s ricas de la eurozona. Alemania, Austria y Holanda se opusieron frontalmente, sabedores de que los pa\u00edses m\u00e1s ricos de la UE tendr\u00edan que hacer un aporte econ\u00f3mico mayor para la emisi\u00f3n de deuda p\u00fablica.<\/span><\/p>\n<p style=\"font-weight: 400; text-align: justify;\"><span style=\"font-size: 14pt;\">Los 9 pa\u00edses, incluidos los 3 del sur citados, que apoyaron la petici\u00f3n de coronabonos son los m\u00e1s endeudados de la UE, por lo que la capacidad de respuesta derivada del coronavirus asentada en sus propios medios econ\u00f3micos es mucho m\u00e1s limitada que una actuaci\u00f3n en\u00a0\u00a0conjunto derivada de una respuesta mancomunada. Espa\u00f1a y Francia con un volumen de deuda alrededor del 100%, e Italia con un nivel superior, apenas poseen capacidad de maniobra financiera.<\/span><\/p>\n<p style=\"font-weight: 400; text-align: justify;\"><span style=\"font-size: 14pt;\">En este punto las tentaciones de culparse entre los pa\u00edses miembros de la UE se han hecho ya operativas. Mientras el Ministro de Finanzas holand\u00e9s, Wopke Hoekstra, ya acusa a los PIGS de derrochadores, en un argumentario que recuerda los primeros a\u00f1os de la crisis capitalista del 2007 en Europa, los del sur acusan a los m\u00e1s ricos de insolidarios y abandonarles a su suerte.<\/span><\/p>\n<p style=\"font-weight: 400; text-align: justify;\"><span style=\"font-size: 14pt;\">As\u00ed pues, el aplazamiento de la pr\u00f3xima reuni\u00f3n a 2 semanas m\u00e1s tarde solo puede ser una repetici\u00f3n a\u00fan m\u00e1s frustrante de las expectativas de ese remedo de Plan Marshall porque Alemania fundamentalmente no est\u00e1 dispuesta a seguir tirando de la m\u00e1quina de fabricar dinero.<\/span><\/p>\n<p style=\"font-weight: 400; text-align: justify;\"><span style=\"font-size: 14pt;\">Cualquier calificaci\u00f3n moral que se exprese en binomios de solidaridad\/insolidaridad entre los socios de la UE es absurdo e in\u00fatil. La l\u00f3gica del capitalismo es el beneficio, no la solidaridad o el apoyo mutuo entre las naciones. Cuando el capitalismo entra en la UCI no hay Oda a la Alegr\u00eda (himno dela UE) que valga sino My Way (A mi manera) para cada uno de los pa\u00edses que componen una UE en crisis que podr\u00eda acabar siendo terminal.\u00a0\u00a0\u00a0<em>\u00a0\u00a0\u00a0\u00a0\u00a0<\/em><\/span><\/p>\n<p style=\"font-weight: 400; text-align: justify;\"><span style=\"font-size: 14pt;\">De todas las reuniones celebradas en estos d\u00edas, la de la UE expresa el mayor grado de fracaso no ya porque la cooperaci\u00f3n europea en la lucha contra el coronavirus sea inexistente, que lo es, o porque no hay existido una actuaci\u00f3n conjunta en las medidas de protecci\u00f3n sanitaria de la poblaci\u00f3n, que tampoco se ha producido, actuando cada pa\u00eds a su aire, o porque no haya habido una puesta en com\u00fan de recursos sanitarios y una contrataci\u00f3n centralizada de recursos y medios sanitarios que potenciase la eficacia en la respuesta a la propia pandemia, sino porque ha fulminado elementos centrales de la esencia de la propia UE<\/span><\/p>\n<ul style=\"text-align: justify;\">\n<li style=\"font-weight: 400;\"><span style=\"font-size: 14pt;\">Si la crisis capitalista de 2007 puso en jaque el proyecto de hacer de la eurozona un tercer polo econ\u00f3mico, capaz de dise\u00f1ar y llevar a cabo estrategias comunes para hacer del \u00e1rea geogr\u00e1fica un mercado potente y con capacidad de competir tanto frente a China como frente a Estados Unidos, esta nueva fase de la crisis que ahora detona con el coronavirus, ha demostrado que la UE ni siquiera es capaz de dar respuesta en t\u00e9rminos de financiaci\u00f3n conjunta de la deuda que los pa\u00edses miembros est\u00e1n asumiendo para impedir la muerte de sus econom\u00edas.<\/span><\/li>\n<li style=\"font-weight: 400;\"><span style=\"font-size: 14pt;\">El espacio com\u00fan europeo, nacido del Acuerdo de Schengen, ya no existe. Del total de socios, 12 pa\u00edses han vuelto a levantar fronteras al tr\u00e1nsito de mercanc\u00edas y personas, m\u00e1s all\u00e1 de que el control de personas entre pa\u00edses sea o no necesario en estos momentos.\u00a0<\/span><\/li>\n<li style=\"font-weight: 400;\"><span style=\"font-size: 14pt;\">El cuestionamiento de la eficacia de la UE para resolver problemas compartidos de los pa\u00edses miembros se incrementar\u00e1, al evidenciar que ni siquiera existen intereses comunes, con el aumento del euroescepticismo, el repliegue nacionalista dentro de cada pa\u00eds y el incremento de la fuerza de los partidos de ultraderecha.<\/span><\/li>\n<li style=\"font-weight: 400;\"><span style=\"font-size: 14pt;\">La propuesta, finalmente retirada en las conclusiones de la reuni\u00f3n del pasado jueves de recurrir al MEDE (Mecanismo Europeo de Estabilidad), puesto en marcha para el rescate determinados pa\u00edses europeos en la anterior fase de la crisis capitalista, huele de nuevo a austeridad y recortes sociales, ya que se contempla como deuda de los pa\u00edses que pudieran acogerse a \u00e9l.<\/span><\/li>\n<li style=\"font-weight: 400;\"><span style=\"font-size: 14pt;\">La desconfianza y los reproches norte-sur, incrementar\u00e1n las tensiones intercomunitarias, dificultando a\u00fan m\u00e1s llegar a acuerdos beneficiosos para el conjunto de las econom\u00edas de los socios.<\/span><\/li>\n<li style=\"font-weight: 400;\"><span style=\"font-size: 14pt;\">La sugerencia del Ministro de Finanzas holand\u00e9s, Wopke Hoekstra, en el sentido de que la Comisi\u00f3n Europea debiera abrir una investigaci\u00f3n a Espa\u00f1a e Italia para averiguar por qu\u00e9 carecen de margen de maniobra financiero para hacer frente a la crisis del coronavirus y sus consecuencias econ\u00f3micas es una acusaci\u00f3n sin precedentes que rompe con la necesaria confianza entre los socios.<\/span><\/li>\n<\/ul>\n<p style=\"font-weight: 400; text-align: justify;\"><span style=\"font-size: 14pt;\">Se aprueben las inversiones econ\u00f3micas que se aprueben en las distintas instancias internacionales, y por supuesto nacionales, para mantener la econom\u00eda y reactivarla cuando la pandemia lo permita, estar\u00e1n centradas fundamentalmente en ayudar a las empresas y en mucha menor medida a los aut\u00f3nomos, las familias y la clase trabajadora, y esto solo con el objetivo de mantener el consumo para que la maquinaria del capitalismo siga funcionando<\/span><\/p>\n<p style=\"font-weight: 400; text-align: justify;\"><span style=\"font-size: 14pt;\">Pero esas ayudas para cubrir la deuda privada derivada de las necesidades de financiaci\u00f3n de las empresas se transformar\u00e1n en deuda p\u00fablica que asumir\u00e1n los Estados, sea por su papel de prestamistas, como fiduiciarios o como avalistas de las empresas. Y, como muchos de ustedes han experimentado en sus propias carnes, la deuda asumida por los Estados acabar\u00e1n pag\u00e1ndola los trabajadores y las familias a trav\u00e9s del mismo tipo de recetas que se aplicaron en el per\u00edodo anterior de la crisis capitalista (pol\u00edticas de austeridad, recorte del gasto p\u00fablico, privatizaciones de los servicios p\u00fablicos, abaratamiento de los despidos, rebajas salariales, impuestos,\u2026)<\/span><\/p>\n<p style=\"font-weight: 400; text-align: justify;\"><span style=\"font-size: 14pt;\">La fase anterior (2007) de la larga crisis capitalista se resolvi\u00f3 de este modo. Nada, y la correlaci\u00f3n de fuerzas en la lucha de clases no hace esperar algo mejor, permite una visi\u00f3n m\u00e1s optimista para el futuro inmediato y a medio plazo que se nos presenta.<\/span><\/p>\n<p style=\"font-weight: 400; text-align: justify;\"><span style=\"font-size: 14pt;\">En USA el presidente Trump ha ordenado la inyecci\u00f3n de 2 billones de euros para mantener viva la econom\u00eda del pa\u00eds.<\/span><\/p>\n<p style=\"font-weight: 400; text-align: justify;\"><span style=\"font-size: 14pt;\">De ellos, 500.000 millones, en pr\u00e9stamos garantizados y subvencionados, van dedicados a la ayuda a las grandes empresas y 367.000 millones de d\u00f3lares para que los peque\u00f1os negocios sigan pagando los salarios mientras los trabajadores se ven obligados a quedarse en casa, lo que constituye una forma de apoyar la liquidez de las empresas.<\/span><\/p>\n<p style=\"font-weight: 400; text-align: justify;\"><span style=\"font-size: 14pt;\">M\u00e1s all\u00e1 de otras cifras que est\u00e9n dedicadas de manera indirecta al mantenimiento econ\u00f3mico del sistema y descontando que podamos creer que las ayudas a las familias tienen por objeto salvarlas de la pobreza que se les viene encima y no al sustento del consumo (1.200 d\u00f3lares a cada ciudadano adulto que cobre menos de 75.000 d\u00f3lares al a\u00f1o, adem\u00e1s de otros 500 por hijo), lo cierto es que las medidas ya aprobadas parecen poco compasivas con la vida humana amenazada por la pandemia que ya se ha cobrado m\u00e1s de 27.000 muertes a nivel mundial.<\/span><\/p>\n<p style=\"font-weight: 400; text-align: justify;\"><span style=\"font-size: 14pt;\"><strong><u>2.-Los intereses del capitalismo son antag\u00f3nicos con la lucha por la vida<\/u><\/strong><\/span><\/p>\n<p style=\"font-weight: 400; text-align: justify;\"><span style=\"font-size: 14pt;\">En mi anterior art\u00edculo, al inicio de la pandemia en Europa, se\u00f1al\u00e9 que cuando se pusiera en peligro la econom\u00eda capitalista ver\u00edamos con qu\u00e9 rapidez remitir\u00eda la alarma social por el coronavirus.<\/span><\/p>\n<p style=\"font-weight: 400; text-align: justify;\"><span style=\"font-size: 14pt;\">Esta afirmaci\u00f3n quisiera matizarla, del mismo modo en que creo que debo revisar mi cuestionamiento del confinamiento como medio de poner coto a la extensi\u00f3n del virus.<\/span><\/p>\n<p style=\"font-weight: 400; text-align: justify;\"><span style=\"font-size: 14pt;\">Con el crecimiento casi geom\u00e9trico de la pandemia en Espa\u00f1a y en otros lugares del mundo, la experiencia de llevar cerca de 2 semanas encerrado en mi propia casa y el sometimiento intensivo y permanente a la informaci\u00f3n sobre la enfermedad dudo en gran medida de lo corecto de mi cr\u00edtica de entonces a la necesidad del confinamiento<\/span><\/p>\n<p style=\"font-weight: 400; text-align: justify;\"><span style=\"font-size: 14pt;\">Del mismo modo, cuestiono mi propia reflexi\u00f3n acerca de la relativizaci\u00f3n que entonces hice de la importancia de la amenaza del coronavirus, frente a otras enfermedades, ya que la diferencia, fundamental, con ellas es que es nueva y se carece de los remedios m\u00e9dicos probados y eficaces para combatirla, lo que hace que, aunque sea mortal solo en una minor\u00eda muy reducida de los casos, su extensi\u00f3n parezca universal e imparable y la posibilidad de morir se convierta en una especie de siniestra loter\u00eda.<\/span><\/p>\n<p style=\"font-weight: 400; text-align: justify;\"><span style=\"font-size: 14pt;\">Creo que la autocr\u00edtica es necesaria cuando se ha podido contribuir involuntariamente por irreflexi\u00f3n a que otros adoptasen el mismo punto de vista.<\/span><\/p>\n<p style=\"font-weight: 400; text-align: justify;\"><span style=\"font-size: 14pt;\">No obstante, mantengo que la reclusi\u00f3n de la poblaci\u00f3n en sus hogares se est\u00e1 convirtiendo en un gran experimento social, en vivo y en directo, sobre el consentimiento y sometimiento de poblaciones enteras a nivel mundial y que esta cuesti\u00f3n puede traer en el futuro grav\u00edsimas consecuencias para las libertades y garant\u00edas ciudadanas, una vez comprobada la aceptaci\u00f3n social.<\/span><\/p>\n<p style=\"font-weight: 400; text-align: justify;\"><span style=\"font-size: 14pt;\">Y ahora volvamos a la cuesti\u00f3n que entonces se\u00f1alaba acerca de que si el coronavirus amenazaba gravemente al capitalismo y a la realizaci\u00f3n de su beneficio, se producir\u00eda una reacci\u00f3n que cuestionar\u00eda la alarma social generada.<\/span><\/p>\n<p style=\"font-weight: 400; text-align: justify;\"><span style=\"font-size: 14pt;\">En estos momentos se entrecruzan en el mismo tiempo crecientes medidas de aislamiento social en un n\u00famero cada vez mayor de pa\u00edses con reacciones que afirman que la gravedad de un hundimiento econ\u00f3mico de los pa\u00edses ser\u00eda peor que la propia enfermedad.\u00a0\u00a0<\/span><\/p>\n<p style=\"font-weight: 400; text-align: justify;\"><span style=\"font-size: 14pt;\">En el momento presente, no sabemos lo que dir\u00e1 dentro de unos d\u00edas, ya que la situaci\u00f3n es tan cambiante como las veleidades del presidente Trump en general y en este ahora en particular, la m\u00e1xima autoridad USA pretende relajar las restricciones al confinamiento y la movilidad de los ciudadanos antes del 12 de Abril, fecha del Domingo de Pascua, mientras los infectados controlados superan ya los 104.000 (el pa\u00eds con m\u00e1s n\u00famero de afectados) y el n\u00famero de muertos alcanza los 1.700.<\/span><\/p>\n<p style=\"font-weight: 400; text-align: justify;\"><span style=\"font-size: 14pt;\"><em>\u201cPerdemos miles de personas cada a\u00f1o por la gripe y nunca hemos cerrado el pa\u00eds. Perdemos mucha m\u00e1s gente en accidentes de autom\u00f3vil y no los prohibimos. Podemos distanciarnos socialmente, podemos dejar de darnos la mano por un tiempo. Morir\u00e1 gente. Pero perderemos m\u00e1s gente si sumimos al pa\u00eds en una recesi\u00f3n o una depresi\u00f3n enorme. Miles de suicidios, inestabilidad. No puedes cerrar Estados Unidos, el pa\u00eds m\u00e1s exitoso. La gente puede volver al trabajo y practicar el buen juicio\u201d ,\u00a0<\/em>ha dicho Donald Trump.<\/span><\/p>\n<p style=\"font-weight: 400; text-align: justify;\"><span style=\"font-size: 14pt;\">Como poco es discutible su afirmaci\u00f3n. No sabemos cuanta gente morir\u00eda si la crisis se acentuara por cerrar los sectores productivos no indispensables pero s\u00ed sabemos cuanta est\u00e1 muriendo y podemos imaginarnos que mucha m\u00e1s lo har\u00e1 en adelante, dado que, aunque el coronavirus ha llegado a Estados Unidos m\u00e1s tard\u00edamente, su progresi\u00f3n ha sido geom\u00e9trica de manera muy r\u00e1pida.<\/span><\/p>\n<p style=\"font-weight: 400; text-align: justify;\"><span style=\"font-size: 14pt;\">Por su parte, el vicegobernador de Texas Dan Patrick, de 70 a\u00f1os, ha declarado.\u00a0<em>\u201cNadie me ha preguntado si, como persona mayor, estar\u00eda dispuesto a arriesgar mi supervivencia para mantener los Estados Unidos que amamos para mis nietos y bisnietos. Si ese es el trato, yo lo acepto\u201d<\/em>. Ganar\u00eda mucho en credibilidad si su oferta fuera acompa\u00f1ada por los hechos.<\/span><\/p>\n<p style=\"font-weight: 400; text-align: justify;\"><span style=\"font-size: 14pt;\">No nos enga\u00f1emos, Dan Patrick busca aligerar el coste de las jubilaciones a las empresas que sustentan el sistema de pensiones privadas. Hablamos del capital financiero, muy afectado en la crisis del 2007.<\/span><\/p>\n<p style=\"font-weight: 400; text-align: justify;\"><span style=\"font-size: 14pt;\">Tanto a \u00e9l como a Trump hay que agradecerles el descaro y la sinceridad con la que se expresan porque no permiten albergar demasiadas dudas sobre cu\u00e1l es el valor superior para el capitalismo cuando se trata de elegir entre el beneficio y la vida.<\/span><\/p>\n<p style=\"font-weight: 400; text-align: justify;\"><span style=\"font-size: 14pt;\">Los viejos son , en medio de esta crisis pand\u00e9mica, la expresi\u00f3n m\u00e1s acabada de un capitalismo que, tras acabar de exprimir la \u00faltima gota del esfuerzo humano del trabajo traducido en explotaci\u00f3n y plusval\u00eda, se transforman en generadores de beneficio para grandes corporaciones financieras que se enriquecen a costa de la vulnerabilidad humana y la dependencia en residencias en las que el abandono, la soledad, el miedo y la tristeza les cercan en una habitaci\u00f3n en la que mueren a cada hora, alejados del mundo en el que habitan el resto de los humanos, como si fueran de otra especie diferente al resto. Un motivo m\u00e1s para reflexionar sobre el capitalismo que nos toma, nos exprime y nos regurgita en la \u00faltima etapa de la vida. Cuando el coronavirus haya pasado no habr\u00e1 cambiado, sin embargo, esa realidad que a la inmensa mayor\u00eda de la poblaci\u00f3n de las sociedades del capitalismo tard\u00edo le espera.<\/span><\/p>\n<p style=\"font-weight: 400; text-align: justify;\"><span style=\"font-size: 14pt;\">En Brasil, el presidente fascista Bolsonaro calific\u00f3 de \u201cgripecita\u201d o \u201cresfriadito\u201d el coronavirus, se opuso a las limitaciones de movimientos de la poblaci\u00f3n y al confinamiento, como medio de frenar la virulencia inicial de la crisis pand\u00e9mica, mientras animaba a continuar con la actividad econ\u00f3mica porque, en sus propias palabras,\u00a0<em>\u00abcon la econom\u00eda quebrada habr\u00e1 una p\u00e9rdida de vidas gigantesca\u00bb<\/em>.\u00a0<\/span><\/p>\n<p style=\"font-weight: 400; text-align: justify;\"><span style=\"font-size: 14pt;\">En consecuencia la crudeza con la que remarc\u00f3 su falta de empat\u00eda hacia el dolor ajeno no pudo expresarse de un modo m\u00e1s cruel: \u00ab\u00bf<em>Algunos van a morir? Van a morir. Lo lamento, lo lamento, esa es la vida, es la realidad\u00bb<\/em><\/span><\/p>\n<p style=\"font-weight: 400; text-align: justify;\"><span style=\"font-size: 14pt;\">Envuelto en un papel de seda moral, el\u00a0<a href=\"https:\/\/www.infobae.com\/america\/the-new-york-times\/2020\/03\/26\/un-intelectual-norteamericano-advierte-que-cerrar-la-economia-por-completo-podria-provocar-mas-muertes-en-un-futuro-no-tan-lejano\/\" data-saferedirecturl=\"https:\/\/www.google.com\/url?hl=es&amp;q=https:\/\/www.infobae.com\/america\/the-new-york-times\/2020\/03\/26\/un-intelectual-norteamericano-advierte-que-cerrar-la-economia-por-completo-podria-provocar-mas-muertes-en-un-futuro-no-tan-lejano\/&amp;source=gmail&amp;ust=1586211263289000&amp;usg=AFQjCNEnD5umIjxfGxDUxpN4MXLR1QvYhw\" target=\"_blank\" rel=\"noopener\">periodista Thomas L. Friedman, tres veces premio Pulitzer, presenta el argumento de que la crisis por la paralizaci\u00f3n de la actividad econ\u00f3mica, derivada del aislamiento social para combatir el COVID-19, puede producir m\u00e1s muertos que la propia pandemia<\/a>.<\/span><\/p>\n<p style=\"font-weight: 400; text-align: justify;\"><span style=\"font-size: 14pt;\">Y para ello recurri\u00f3 al razonamiento de otras eminencias como el Dr. Steven Woolf, director em\u00e9rito del Centro de Sociedad y Salud de la Virginia Commonwealth University, del que destaca algunas reflexiones como \u00e9sta:<\/span><\/p>\n<p style=\"font-weight: 400; text-align: justify;\"><span style=\"font-size: 14pt;\"><em>\u201cLos salarios perdidos y los despidos laborales est\u00e1n dejando a muchos trabajadores sin seguro m\u00e9dico y obligando a muchas familias a renunciar a la atenci\u00f3n m\u00e9dica y los medicamentos para pagar los alimentos, la vivienda y otras necesidades b\u00e1sicas. Las personas de color y los pobres, que han sufrido durante generaciones con tasas de mortalidad m\u00e1s altas, ser\u00e1n las m\u00e1s afectadas y probablemente las menos ayudadas. Son las amas de casa en los hoteles cerrados y las familias sin opciones cuando se cierra el transporte p\u00fablico. Los trabajadores de bajos ingresos que logran ahorrar el dinero para comprar comestibles y llegar a la tienda pueden encontrar estantes vac\u00edos, dejados por los compradores de p\u00e1nico con los recursos para el acaparamiento\u00bb<\/em><\/span><\/p>\n<p style=\"font-weight: 400; text-align: justify;\"><span style=\"font-size: 14pt;\">Los capitalistas y sus voceros siempre que pueden juegan al solitario (sin discutir con quienes cuestionan su sistema econ\u00f3mico) y lo hacen con las cartas marcadas y con trampas para enga\u00f1ar al resto de la sociedad.<\/span><\/p>\n<p style=\"font-weight: 400; text-align: justify;\"><span style=\"font-size: 14pt;\">Esta preocupaci\u00f3n filantr\u00f3pica que manifiesta Steven Woolf escamotea la realidad de que no es el COVID-19, ni la paralizaci\u00f3n de la actividad econ\u00f3mica los responsables de que un alto porcentaje de trabajadores norteamericanos carezcan de seguros m\u00e9dicos o deban elegir entre medicamentos y alimentos o que existan pobres sino el propio sistema capitalista y, entre ellos, de un modo particularmente desigual el de USA. Es evidente que la paralizaci\u00f3n de la actividad econ\u00f3mica no afectar\u00eda por igual a una sociedad socialista que a otra regida por el objetivo de la rentabilidad y que solo medidas que buscasen el dinero donde lo hay, entre las grandes corporaciones y las grandes fortunas, podr\u00eda disminuir mucho las consecuencias sociales del par\u00f3n econ\u00f3mico pero lo mismo que el gato no se pone a s\u00ed mismo el cascabel, el capital no se hace el harakiri.\u00a0\u00a0<\/span><\/p>\n<p style=\"font-weight: 400; text-align: justify;\"><span style=\"font-size: 14pt;\">Bastar\u00eda con se\u00f1alar la falacia de los argumentos \u201csanitarios\u201d contrarios a paralizar la actividad productiva no imprescindible para la supervivencia social para desnudar lo que ocultan. El se\u00f1or Thomas L. Friedman recurre como argumento de autoridad al Doctor David L. Katz, director fundador del Centro de Investigaci\u00f3n de Prevenci\u00f3n Yale-Griffin financiado por la Universidad de Yale y un experto en salud p\u00fablica y medicina preventiva, para justificar un confinamiento de solo dos semanas y una vuelta al trabajo posterior a quienes no presentan s\u00edntomas:<\/span><\/p>\n<p style=\"font-weight: 400; text-align: justify;\"><span style=\"font-size: 14pt;\"><em>\u201cUse una estrategia de aislamiento de dos semanas\u201d, respondi\u00f3 Katz. D\u00edgales a todos que b\u00e1sicamente se queden en casa por dos semanas, en lugar de indefinidamente\u201d<\/em><\/span><\/p>\n<p style=\"font-weight: 400; text-align: justify;\"><span style=\"font-size: 14pt;\">Y contin\u00faa:\u00a0<em>\u201cAquellos que tienen infecci\u00f3n sintom\u00e1tica deben aislarse a s\u00ed mismos, con o sin pruebas, que es exactamente lo que hacemos con la gripe\u201d, dijo Katz. \u201cA aquellos que no lo hacen, si est\u00e1n en la poblaci\u00f3n de bajo riesgo, se les debe permitir regresar al trabajo o la escuela, despu\u00e9s del final de las dos semanas\u201d<\/em><\/span><\/p>\n<p style=\"font-weight: 400; text-align: justify;\"><span style=\"font-size: 14pt;\">Se le \u201cescapa\u201d al se\u00f1or Katz que la infecci\u00f3n no sintom\u00e1tica contagia igual que la sintom\u00e1tica y que en un pa\u00eds que solo ha aplicado los test de coronavirus, como en la gran mayor\u00eda de los pa\u00edses, a una parte peque\u00f1a de la poblaci\u00f3n, podr\u00eda haber millones de personas movi\u00e9ndose libremente como bombas ambulantes. Eso sin contar con que las reinfecciones, aunque escasas, existen.<\/span><\/p>\n<p style=\"font-weight: 400; text-align: justify;\"><span style=\"font-size: 14pt;\">Otro \u201cbasti\u00f3n \u00e9tico\u201d del capitalismo pr\u00e1ctico, el presidente de la CEOE, se\u00f1or Garamendi, intenta lograr la cuadratura del c\u00edrculo afirmando respetar el confinamiento total pero sin paralizar el pa\u00eds:<\/span><\/p>\n<p style=\"font-weight: 400; text-align: justify;\"><span style=\"font-size: 14pt;\"><a href=\"https:\/\/www.elmundo.es\/economia\/2020\/03\/27\/5e7d0d6afdddffed0c8b464f.html\" data-saferedirecturl=\"https:\/\/www.google.com\/url?hl=es&amp;q=https:\/\/www.elmundo.es\/economia\/2020\/03\/27\/5e7d0d6afdddffed0c8b464f.html&amp;source=gmail&amp;ust=1586211263289000&amp;usg=AFQjCNHcOe90nz0tGiQnqWASqfynXPjWPQ\" target=\"_blank\" rel=\"noopener\"><em>\u201cSi Sanidad dice que no hay que ir al confinamiento total, no hay que discutirlo, ni ser m\u00e1s tremendista\u2026 Hay que proteger a las personas, pero que no se pare el pa\u00eds. Nos jugamos la recuperaci\u00f3n cuando esto acabe. Como se pare el pa\u00eds, dentro de dos meses vamos a tener un problem\u00f3n y a ver c\u00f3mo se arranca luego\u201d<\/em><\/a><\/span><\/p>\n<p style=\"font-weight: 400; text-align: justify;\"><span style=\"font-size: 14pt;\">Ser\u00eda bueno que el se\u00f1or Garamendi aclare los conceptos porque da la sensaci\u00f3n de que la idea de proteger a las personas no est\u00e1 en su agenda o, al menos no de protegerlas tanto que se ponga en peligro el beneficio empresarial, que parece siempre el meollo del asunto.<\/span><\/p>\n<p style=\"font-weight: 400; text-align: justify;\"><span style=\"font-size: 14pt;\">Es evidente que hay en marcha a nivel mundial un intento de convencernos \u2013a los trabajadores, que somos los que arriesgamos nuestras vidas- de que existen unos niveles de riesgo vital asumibles \u2013por los que menos ponen en peligro su existencia- con tal de que la maquinaria capitalista no gripe.<\/span><\/p>\n<p style=\"font-weight: 400; text-align: justify;\"><span style=\"font-size: 14pt;\">Y por si alguno duda de lo que viene despu\u00e9s de que el coronavirus haya sido controlado, el se\u00f1or Garamendi nos lo aclara:<\/span><\/p>\n<p style=\"font-weight: 400; text-align: justify;\"><span style=\"font-size: 14pt;\"><em>\u201cNo entend\u00edamos la derogaci\u00f3n de la reforma laboral y ahora todav\u00eda la entender\u00edamos menos. Si en fase de crecimiento era posible a negociar alguna cosa, ahora ser\u00eda muy complicado. Los ERTEs de ahora es la reforma laboral flexibilizada. Como se toque la reforma laboral y se meta rigidez, conseguir\u00e1n que los empresarios no puedan salir adelante\u201d<\/em><\/span><\/p>\n<p style=\"font-weight: 400; text-align: justify;\"><span style=\"font-size: 14pt;\">Por cierto, ni el Gobierno S\u00e1nchez en su conjunto, ni en particular la se\u00f1ora Ministra de Trabajo, de Unidos Podemos,\u00a0\u00a0Yolanda D\u00edaz pretend\u00edan derogarla sino, a lo sumo, darle unos ligeros retoques para consolar a la hinchada progre.<\/span><\/p>\n<p style=\"font-weight: 400; text-align: justify;\"><span style=\"font-size: 14pt;\">Lo que s\u00ed es evidente es que, tras el coronavirus y las medidas econ\u00f3micas aprobadas por el gobierno S\u00e1nchez, se acab\u00f3 cualquier ilusi\u00f3n de gobierno de progreso que pudieran tener los m\u00e1s incautos.<\/span><\/p>\n<p style=\"font-weight: 400; text-align: justify;\"><span style=\"font-size: 14pt;\">Las medidas econ\u00f3micas que el gobierno espa\u00f1ol ha probado son ayudas extraordinarias a las empresas y<a href=\"https:\/\/encuentrocomunista.org\/articles\/el-capitalismo-no-tiene-respuesta-una-vez-mas\/\" data-saferedirecturl=\"https:\/\/www.google.com\/url?hl=es&amp;q=https:\/\/encuentrocomunista.org\/articles\/el-capitalismo-no-tiene-respuesta-una-vez-mas\/&amp;source=gmail&amp;ust=1586211263289000&amp;usg=AFQjCNFlHC-r02MpHNImkI7vYySGcfpufA\" target=\"_blank\" rel=\"noopener\">\u00a0liberaci\u00f3n de la presi\u00f3n de los contratos, que pagaremos con dinero p\u00fablico (ERTEs) y que se convertir\u00e1n en recortes y ataques al gasto p\u00fablico como no hemos conocido ni siquiera en la etapa anterior de la crisis<\/a>\u00a0y, para que los trabadores pasen el temporal, pero s\u00f3lo durante el per\u00edodo de confinamiento, evitar el corte de energ\u00eda en los hogares, de desahucios por imago de hipotecas o la pr\u00f3rroga de la prestaci\u00f3n por desempleo y los subsidios. Luego vendr\u00e1n las curas de caballo que siempre se han aplicado a los mismos.\u00a0<\/span><\/p>\n<p style=\"font-weight: 400; text-align: justify;\"><span style=\"font-size: 14pt;\">Todos los presidentes y primeros ministros europeos han actuado de un modo muy similar: lentos, cautelosos, como si el coronoavirus fuera un asunto solo de China, luego de Italia, despu\u00e9s de Espa\u00f1a, m\u00e1s tarde de Alemania y Francia, estableciendo restricciones paso a paso, cerrando espacios p\u00fablicos mientras se dejaban otros, confinando seriamente a poblaciones a la vez que se permit\u00edan cientos de vulnerabilidades de las mismas,\u2026<\/span><\/p>\n<p style=\"font-weight: 400; text-align: justify;\"><span style=\"font-size: 14pt;\">Hay muchas razones que pueden explicar la cautela de los pasos dados: Europa era culturalmente m\u00e1s abierta que China, los pa\u00edses europeos aprecian m\u00e1s la libertad individual que el sentimiento colectivo chino (no es socialismo, inexistente, sino conciencia nacional), si China aisl\u00f3 un territorio concreto por qu\u00e9 cerrar un pa\u00eds, no est\u00e1bamos preparados para reaccionar ante el coronavirus, viniendo de una experiencia asumida de la gripe,\u2026<\/span><\/p>\n<p style=\"font-weight: 400; text-align: justify;\"><span style=\"font-size: 14pt;\">Pero hay una raz\u00f3n mucho m\u00e1s de peso. El temor de los gobiernos a paralizar la actividad econ\u00f3mica de un pa\u00eds antes de que el descontrol de las cifras de muertos e infectados les obligase a ello porque, sea cu\u00e1l sea el signo pol\u00edtico del gobierno de cada pa\u00eds bajo un sistema econ\u00f3mico capitalista, ninguno act\u00faa en primer lugar para proteger la vida, ninguno defiende eso de lo que tanto alardea, la falacia del \u201cbien com\u00fan\u201d que, bajo el capitalismo es solo el modo de justificar el inter\u00e9s particular bajo la apariencia de un\u201d inter\u00e9s general\u201d.<\/span><\/p>\n<p style=\"text-align: center;\"><span style=\"font-size: 14pt; color: #008000;\">\u2666\u2666\u2666\u2666\u2666<\/span><\/p>\n<p>&nbsp;<\/p>\n<p><img loading=\"lazy\" decoding=\"async\" class=\"aligncenter wp-image-28379 size-mh-magazine-content\" src=\"https:\/\/puntocritico.com\/ausajpuntocritico\/wp-content\/uploads\/2020\/04\/EL-GASTO-EN-SANIDAD-FUE-RECRTADO-POR-PEDRO-SANCHEZ-EL-C\u00cfNICO-678x381.jpg\" alt=\"\" width=\"678\" height=\"381\" data-id=\"28379\" \/><\/p>\n<p style=\"text-align: center;\"><span style=\"font-size: 14pt; color: #008000;\">\u2666\u2666\u2666\u2666\u2666<\/span><\/p>\n<p>&nbsp;<\/p>\n<h1 class=\"entry-title\" style=\"text-align: center;\"><a id=\"ref3\"><\/a><a href=\"#ref3a\">[3]<\/a> Ciberestado intervencionista y pandemias<\/h1>\n<p style=\"text-align: center;\"><span class=\"entry-subtitle\" style=\"font-size: 18pt;\">EL AUTOR ANALIZA EL PLAN DE EMERGENCIA SANITARIO, ECON\u00d3MICO Y LEGAL DEL ESTADO RECLAMANDO UN PROTAGONISMO MAYOR DEL CONGRESO EN SU CONTROL<\/span><\/p>\n<p><span class=\"entry-author\">Por Jorge Vila Lozano<\/span><\/p>\n<p><span class=\"entry-separator\">\u00a0<\/span><span class=\"entry-date\">03 Abril, 2020<\/span><\/p>\n<p><a href=\"https:\/\/confilegal.com\/20200403-ciberestado-intervencionista-y-pandemias\/\" target=\"_blank\" rel=\"noopener noreferrer\">Confilegal\u00a0<\/a><\/p>\n<figure id=\"attachment_28307\" aria-describedby=\"caption-attachment-28307\" style=\"width: 678px\" class=\"wp-caption aligncenter\"><img loading=\"lazy\" decoding=\"async\" class=\"wp-image-28307 size-mh-magazine-content\" src=\"https:\/\/puntocritico.com\/ausajpuntocritico\/wp-content\/uploads\/2020\/04\/coronavirus-1-678x381.jpg\" alt=\"\" width=\"678\" height=\"381\" data-id=\"28307\" \/><figcaption id=\"caption-attachment-28307\" class=\"wp-caption-text\"><span style=\"color: #008000;\">El autor de la columna, Jorge Vila Lozano, describe las opciones econ\u00f3micas que tiene el gobierno ante s\u00ed, el impacto de la tecnolog\u00eda y el papel de la Uni\u00f3n Europea en la salida de este laberinto.<\/span><\/figcaption><\/figure>\n<p>&nbsp;<\/p>\n<p style=\"text-align: justify;\"><span style=\"font-size: 14pt;\">El desbordamiento gubernamental ante la pandemia es una realidad innegable. El confinamiento sirve, exclusivamente, para no saturar la capacidad de respuesta de nuestro sistema sanitario y hospitalario.<\/span><\/p>\n<p style=\"text-align: justify;\"><span style=\"font-size: 14pt;\">Entramos, con \u00e9l, en un \u00f3bito ordenado en masa.<\/span><\/p>\n<p style=\"text-align: justify;\"><span style=\"font-size: 14pt;\">El \u201calejamiento social\u201d impuesto supone, d\u00edgase ya, que la pandemia avance con m\u00e1s lentitud. Su misi\u00f3n es conseguir un porcentaje suficiente de contagiados para coronar, a largo plazo, la inmunidad de la poblaci\u00f3n.<\/span><\/p>\n<p style=\"text-align: justify;\"><span style=\"font-size: 14pt;\">Esta situaci\u00f3n se mantendr\u00e1 hasta que se logre la vacuna o antiviral que tardar\u00e1, como m\u00ednimo, 18 meses.<\/span><\/p>\n<p style=\"text-align: justify;\"><span style=\"font-size: 14pt;\">Estas son algunas de las conclusiones \u2013que comparto- a las que llega el informe, de 16 de marzo, del\u00a0<a href=\"https:\/\/www.imperial.ac.uk\/media\/imperial-college\/medicine\/sph\/ide\/gida-fellowships\/Imperial-College-COVID19-NPI-modelling-16-03-2020.pdf\" target=\"_blank\" rel=\"noopener noreferrer\">Equipo de Respuesta al COVID-19 del \u201cImperial College\u201d londinense<\/a><\/span><\/p>\n<p style=\"text-align: justify;\"><span style=\"font-size: 14pt;\">La responsabilidad pol\u00edtica, por el riesgo creado, habr\u00e1 de dirimirse en los tribunales.<\/span><\/p>\n<p style=\"text-align: justify;\"><span style=\"font-size: 14pt;\"><strong>El problema es que, en nuestro C\u00f3digo Penal, no existe \u2013dentro de los delitos contra la seguridad colectiva\u2013 una tipificaci\u00f3n espec\u00edfica que condene a quien \u2013por negligencia o por \u201cinobservancia de los deberes de su cargo p\u00fablico\u201d\u2013 propague, por omisi\u00f3n o conscientemente, una enfermedad peligrosa o contagiosa para las personas<\/strong>.<\/span><\/p>\n<p style=\"text-align: justify;\"><span style=\"font-size: 14pt;\">De ah\u00ed, que las primeras denuncias, contra nuestros cargos dirigentes, tengan por objeto los siguientes cr\u00edmenes, m\u00e1s comunes, como: homicidio y\/o lesiones imprudentes junto a la presunta prevaricaci\u00f3n administrativa.<\/span><\/p>\n<p style=\"text-align: justify;\"><span style=\"font-size: 14pt;\">Lo preocupante, ahora, es la creaci\u00f3n de un Gobierno de Unidad Nacional. Debe controlar, en lo posible, el elenco de medidas de los Decretos -n\u00fameros 6 a 11, de 2020- gravitando alrededor del n\u00ba 463, sobre el estado de alarma.<\/span><\/p>\n<p style=\"text-align: justify;\"><span style=\"font-size: 14pt;\">En paralelo,\u00a0<strong>urge analizar la respuesta econ\u00f3mica de la Uni\u00f3n Europea ante la demanda de fondos, a la desesperada, de Espa\u00f1a con una deuda soberana feroz.<\/strong><\/span><\/p>\n<p style=\"text-align: justify;\"><span style=\"font-size: 14pt;\">Ensayo sus consecuencias algunas constatadas y, otras, en clave de inseguridad para nuestro sistema constitucional.<\/span><\/p>\n<p>&nbsp;<\/p>\n<figure id=\"attachment_28308\" aria-describedby=\"caption-attachment-28308\" style=\"width: 678px\" class=\"wp-caption aligncenter\"><img loading=\"lazy\" decoding=\"async\" class=\"wp-image-28308 size-mh-magazine-content\" src=\"https:\/\/puntocritico.com\/ausajpuntocritico\/wp-content\/uploads\/2020\/04\/Imperial-college-678x381.jpg\" alt=\"\" width=\"678\" height=\"381\" data-id=\"28308\" srcset=\"https:\/\/puntocritico.com\/ausajpuntocritico\/wp-content\/uploads\/2020\/04\/Imperial-college-678x381.jpg 678w, https:\/\/puntocritico.com\/ausajpuntocritico\/wp-content\/uploads\/2020\/04\/Imperial-college-300x169.jpg 300w, https:\/\/puntocritico.com\/ausajpuntocritico\/wp-content\/uploads\/2020\/04\/Imperial-college-1024x575.jpg 1024w, https:\/\/puntocritico.com\/ausajpuntocritico\/wp-content\/uploads\/2020\/04\/Imperial-college-768x432.jpg 768w, https:\/\/puntocritico.com\/ausajpuntocritico\/wp-content\/uploads\/2020\/04\/Imperial-college.jpg 1180w\" sizes=\"auto, (max-width: 678px) 100vw, 678px\" \/><figcaption id=\"caption-attachment-28308\" class=\"wp-caption-text\"><span style=\"color: #008000;\">El \u201calejamiento social\u201d se mantendr\u00e1 durante al menos 18 meses, hasta que se consiga una vacuna, seg\u00fan vaticina el Imperial College de Londres.<\/span><\/figcaption><\/figure>\n<p>&nbsp;<\/p>\n<h2><strong>\u00bfESTADO DE EXCEPCI\u00d3N?<\/strong><\/h2>\n<p style=\"text-align: justify;\"><span style=\"font-size: 14pt;\">La situaci\u00f3n de alarma est\u00e1 adue\u00f1\u00e1ndose de competencias propias del estado de excepci\u00f3n. Con el Real Decreto 463\/2020, de 14 de marzo, no se pueden limitar, sino suspender derechos y libertades fundamentales.<\/span><\/p>\n<p style=\"text-align: justify;\"><span style=\"font-size: 14pt;\">La Orden SND\/297\/2020, de 27 de marzo, es su clara muestra.<\/span><\/p>\n<p style=\"text-align: justify;\"><span style=\"font-size: 14pt;\">Con su texto se anuncian \u2013por la nueva Secretar\u00eda de Estado de Digitalizaci\u00f3n e Inteligencia Artificial\u2013 soluciones tecnol\u00f3gicas y\u00a0<em>apps<\/em>\u00a0para monitorizar nuestros datos sanitarios y geolocalizarnos.<\/span><\/p>\n<p style=\"text-align: justify;\"><span style=\"font-size: 14pt;\">La autodeterminaci\u00f3n inform\u00e1tica, contemplada por el art\u00edculo 18.4 de nuestra Constituci\u00f3n (CE), se aturde a golpe de \u00f3rdenes y decretazos. \u00bfNo ser\u00eda mejor destinar, m\u00e1s presupuesto, al I+D+i nacional para buscar la vacuna o antiviral? S\u00ed, evidentemente.<\/span><\/p>\n<p style=\"text-align: justify;\"><span style=\"font-size: 14pt;\">A ello hay que sumar, medidas de \u201chibernaci\u00f3n total\u201d de la econom\u00eda, donde la iniciativa privada empresarial asiste, inaudita parte, al nuevo escenario.<\/span><\/p>\n<p style=\"text-align: justify;\"><span style=\"font-size: 14pt;\">Padecemos otra limitaci\u00f3n m\u00e1s, ahora, ceb\u00e1ndose con la libertad de empresa en el marco de la econom\u00eda de mercado (art\u00edculo 38 de la Constituci\u00f3n).<\/span><\/p>\n<p style=\"text-align: justify;\"><span style=\"font-size: 14pt;\">Su n\u00facleo es el mantenimiento temporal del empleo v\u00eda ERTE \u2013afectando a 2 millones de trabajadores- y una prohibici\u00f3n de despidos motivados por esa fuerza mayor econ\u00f3mica (derivada del coronavirus).<\/span><\/p>\n<p style=\"text-align: justify;\"><span style=\"font-size: 14pt;\">La recesi\u00f3n es ineludible, pues s\u00f3lo se contempla el mantenimiento de la actividad esencial (m\u00e9dico-sanitaria y de productos b\u00e1sicos o de primera necesidad). El dopaje, desigual, de 15 milllones de euros a los medios de comunicaci\u00f3n no tiene nada de vital.<\/span><\/p>\n<p style=\"text-align: justify;\"><span style=\"font-size: 14pt;\">Muchas empresas y aut\u00f3nomos, en breve, estar\u00e1n en concurso se venza o no al SARS-COV-2.<\/span><\/p>\n<p style=\"text-align: justify;\"><span style=\"font-size: 14pt;\">\u00bfNo se pretender\u00e1, con las \u201cdecretales\u201d, intervenir p\u00fablicamente sectores privados y estrat\u00e9gicos de la econom\u00eda?<\/span><\/p>\n<p style=\"text-align: justify;\"><span style=\"font-size: 14pt;\">No. Pero \u2013<strong>si a corto plazo este \u201cjubileo normativo\u201d prosigue\u2013 podr\u00edan darse rescates selectivos de compa\u00f1\u00edas, por la nomenclatura estatal, a precios de ganga por hallarse en fase de liquidaci\u00f3n<\/strong>.<\/span><\/p>\n<p style=\"text-align: justify;\"><span style=\"font-size: 14pt;\">La alarma proh\u00edbe -con su Decreto n\u00ba 8- las inversiones extranjeras que adquieran m\u00e1s del 10% de las compa\u00f1\u00edas estrat\u00e9gicas espa\u00f1olas o controlen sus \u00f3rganos de administraci\u00f3n.<\/span><\/p>\n<p style=\"text-align: justify;\">\u00a0<\/p>\n<figure id=\"attachment_28309\" aria-describedby=\"caption-attachment-28309\" style=\"width: 678px\" class=\"wp-caption aligncenter\"><img loading=\"lazy\" decoding=\"async\" class=\"wp-image-28309 size-mh-magazine-content\" src=\"https:\/\/puntocritico.com\/ausajpuntocritico\/wp-content\/uploads\/2020\/04\/Apps-para-saber-la-ubicacion-en-tiempo-real-para-pacientes-con-demencia-678x381.jpg\" alt=\"\" width=\"678\" height=\"381\" data-id=\"28309\" srcset=\"https:\/\/puntocritico.com\/ausajpuntocritico\/wp-content\/uploads\/2020\/04\/Apps-para-saber-la-ubicacion-en-tiempo-real-para-pacientes-con-demencia-678x381.jpg 678w, https:\/\/puntocritico.com\/ausajpuntocritico\/wp-content\/uploads\/2020\/04\/Apps-para-saber-la-ubicacion-en-tiempo-real-para-pacientes-con-demencia-300x169.jpg 300w, https:\/\/puntocritico.com\/ausajpuntocritico\/wp-content\/uploads\/2020\/04\/Apps-para-saber-la-ubicacion-en-tiempo-real-para-pacientes-con-demencia-1024x576.jpg 1024w, https:\/\/puntocritico.com\/ausajpuntocritico\/wp-content\/uploads\/2020\/04\/Apps-para-saber-la-ubicacion-en-tiempo-real-para-pacientes-con-demencia-768x432.jpg 768w, https:\/\/puntocritico.com\/ausajpuntocritico\/wp-content\/uploads\/2020\/04\/Apps-para-saber-la-ubicacion-en-tiempo-real-para-pacientes-con-demencia.jpg 1200w\" sizes=\"auto, (max-width: 678px) 100vw, 678px\" \/><figcaption id=\"caption-attachment-28309\" class=\"wp-caption-text\"><span style=\"color: #008000;\">Para el autor de la columna, la geolocalizaci\u00f3n presenta serios peligros para la libertad individual.<\/span><\/figcaption><\/figure>\n<h2><strong>CONGELACI\u00d3N DE LA ECONOM\u00cdA\u00a0<\/strong><\/h2>\n<p style=\"text-align: justify;\"><span style=\"font-size: 14pt;\">Se est\u00e1 creando un hundimiento econ\u00f3mico inducido por el \u201capparat\u201d gubernamental.<\/span><\/p>\n<p style=\"text-align: justify;\"><span style=\"font-size: 14pt;\">Lo exponencial del contagio humano se trasvasa a lo econ\u00f3mico y, a final, con las medidas decretadas vamos, de cabeza, hacia un gigantesco d\u00e9ficit p\u00fablico.<\/span><\/p>\n<p style=\"text-align: justify;\"><span style=\"font-size: 14pt;\">As\u00ed lo revelar\u00e1 el paro registrado tras la crisis; la morosidad bancaria; el impago de hipotecas, etc. La congelaci\u00f3n de la econom\u00eda supone menores ingresos fiscales y una ausencia de liquidez de las empresas. El control parlamentario debe consensuar este panorama.<\/span><\/p>\n<p style=\"text-align: justify;\"><span style=\"font-size: 14pt;\">No vale navegar en solitario.<\/span><\/p>\n<p style=\"text-align: justify;\"><span style=\"font-size: 14pt;\">\u00bfY c\u00f3mo se financia esta imprevisi\u00f3n?<\/span><\/p>\n<p style=\"text-align: justify;\"><span style=\"font-size: 14pt;\">Muy f\u00e1cil, aumentando la deuda p\u00fablica. De esta forma, se obtienen copiosos recursos financieros gracias a la emisi\u00f3n de t\u00edtulos valores o bonos.<\/span><\/p>\n<p style=\"text-align: justify;\"><span style=\"font-size: 14pt;\">Recibe, nuestro Estado, el principal de ese pr\u00e9stamo y devuelve \u00fanicamente los intereses en el per\u00edodo estipulado. Cuando llega el t\u00e9rmino de vencimiento, se paga ese principal (o se emite m\u00e1s deuda para amortizarlo).<\/span><\/p>\n<p style=\"text-align: justify;\"><span style=\"font-size: 14pt;\">Uno de los indicadores, para terceros compradores, es el Producto Interior Bruto (PIB) del pa\u00eds.<\/span><\/p>\n<p style=\"text-align: justify;\"><span style=\"font-size: 14pt;\"><strong><a href=\"https:\/\/public.tableau.com\/profile\/pablo.v4737#!\/vizhome\/EvolPIBEspaavsZonaEuro\/EvoluciondelPIB\" target=\"_blank\" rel=\"noopener noreferrer\">En 2019, se cifr\u00f3 en \u00a01.244.757.000.000 de euros. Nuestro nivel de endeudamiento \u2013antes de la crisis- ya copaba, en enero \u00a1el 96,08 % del PIB<\/a>.<\/strong><\/span><\/p>\n<p style=\"text-align: justify;\"><span style=\"font-size: 14pt;\">Con ese aval, la prima de riesgo o rentabilidad que exigir\u00e1n los inversores (inter\u00e9s) para comprarla se disparar\u00e1, en comparaci\u00f3n con la deuda soberana de otros pa\u00edses.<\/span><\/p>\n<p style=\"text-align: justify;\"><span style=\"font-size: 14pt;\">Conclusi\u00f3n: tenemos un bono nacional t\u00f3xico que exigir\u00e1 un inter\u00e9s alt\u00edsimo y con pocos visos de devoluci\u00f3n del principal. Es la historia, cl\u00e1sica, del \u00a0previsor frente al derrochador.<\/span><\/p>\n<h2><strong>LA UNI\u00d3N EUROPEA\u00a0<\/strong><\/h2>\n<p style=\"text-align: justify;\"><span style=\"font-size: 14pt;\">En ese horizonte, \u00bfqu\u00e9 nos propone nuestro estado-derrochador, tras tocar el techo, con su pol\u00edticas de gasto desmedido?<\/span><\/p>\n<p style=\"text-align: justify;\"><span style=\"font-size: 14pt;\"><strong>F\u00e1cil, que nos salve, de nuestra p\u00e9sima autogesti\u00f3n, la Uni\u00f3n Europea.<\/strong><\/span><\/p>\n<p style=\"text-align: justify;\"><span style=\"font-size: 14pt;\"><strong>Hay 2 v\u00edas.<\/strong><\/span><\/p>\n<h2 style=\"text-align: justify;\"><strong>PRIMERA V\u00cdA<\/strong><\/h2>\n<p style=\"text-align: justify;\"><span style=\"font-size: 14pt;\">La primera es la establecida por Banco Central Europeo (BCE)\u00a0 surgiendo, en el 2010 -ante la posible bancarrota de Grecia- un fondo de 750.000.000.000 de euros que, desde 2013, se convirti\u00f3 en un rescate permanente com\u00fan denominado\u00a0<strong>Mecanismo Europeo de Estabilidad (MEDE)<\/strong>.<\/span><\/p>\n<p style=\"text-align: justify;\"><span style=\"font-size: 14pt;\">Esos auxilios est\u00e1n prohibidos por el Tratado de\u00a0 Funcionamiento de la UE (salvo situaciones excepcionales como la actual).<\/span><\/p>\n<p style=\"text-align: justify;\"><span style=\"font-size: 14pt;\">Se emite deuda \u2013con vencimientos de hasta de 30 a\u00f1os\u2013 y se respalda por los estados miembros.<\/span><\/p>\n<p style=\"text-align: justify;\"><span style=\"font-size: 14pt;\">El supervisor y \u00f3rgano decisorio es la Troika comunitaria integrada por la Comisi\u00f3n Europea, el Banco Central Europeo (BCE) y, en ocasiones, el Fondo Monetario Internacional.<\/span><\/p>\n<p style=\"text-align: justify;\"><span style=\"font-size: 14pt;\">Posee cuatro v\u00edas de actuaci\u00f3n:<\/span><\/p>\n<p style=\"text-align: justify;\"><span style=\"font-size: 14pt;\">1\u00ba. Adquirir t\u00edtulos de un estado en los mercados primarios o secundarios;<\/span><\/p>\n<p style=\"text-align: justify;\"><span style=\"font-size: 14pt;\">2\u00ba. Comprar deuda directamente de un pa\u00eds;<\/span><\/p>\n<p style=\"text-align: justify;\"><span style=\"font-size: 14pt;\">3\u00ba. Fijar ayudas financieras a trav\u00e9s de l\u00edneas de cr\u00e9dito y, 4\u00ba,\u00a0 lanzar operaciones de recapitalizaci\u00f3n a las entidades financieras (como ocurri\u00f3 con nuestro sector bancario en 2012). Y de este modo, no aparece, directamente, el BCE como prestamista.<\/span><\/p>\n<p style=\"text-align: justify;\"><span style=\"font-size: 14pt;\">El problema es que no sale gratis. Supone ser intervenido por la Troika reconoci\u00e9ndose, adem\u00e1s, la propia negligencia administradora.<\/span><\/p>\n<p style=\"text-align: justify;\"><span style=\"font-size: 14pt;\">Se solicita a trav\u00e9s de un \u201cmemor\u00e1ndum de entendimiento\u201d predestinado a garantizar la devoluci\u00f3n \u00edntegra del pr\u00e9stamo. Esa es la soluci\u00f3n ofrecida a Espa\u00f1a por los estados-previsores (con niveles de endeudamiento menor).<\/span><\/p>\n<p style=\"text-align: justify;\"><span style=\"font-size: 14pt;\">Estamos ante una crisis coyuntural fruto del COVID-19, nunca, de momento, ante una cat\u00e1strofe fiscal.<\/span><\/p>\n<p style=\"text-align: justify;\"><span style=\"font-size: 14pt;\">Lo que se busca, no nos queda otra, es una reformulaci\u00f3n, m\u00e1s laxa, de su condicionado contractual adapt\u00e1ndolo a la pandemia.<\/span><\/p>\n<p style=\"text-align: justify;\"><span style=\"font-size: 14pt;\">S\u00e1nchez deber\u00e1 implorar -al igual que los otros Estados \u201caustericidas\u201d- una cl\u00e1usula de escape que permita sobrepasar los objetivos de d\u00e9ficit y deuda del Pacto de Estabilidad [en concreto, era obligatorio mantener un valor m\u00e1ximo de referencia para el d\u00e9ficit p\u00fablico (3% del PIB) y la deuda p\u00fablica (60% del PIB)].<\/span><\/p>\n<p style=\"text-align: justify;\"><span style=\"font-size: 14pt;\">Esos par\u00e1metros se suspendieron, el 21 de marzo, por la Comisi\u00f3n Europea.<\/span><\/p>\n<p style=\"text-align: justify;\"><span style=\"font-size: 14pt;\">Con el MEDE saldremos del caos. Ese reblandecimiento contemplar\u00eda, por ejemplo, la no contabilizaci\u00f3n \u2013en el balance estatal- de los gastos centrados en el coronavirus.<\/span><\/p>\n<p style=\"text-align: justify;\"><span style=\"font-size: 14pt;\">La falta de inversores, por la subida de la prima de riesgo, obligar\u00e1 al BCE a tragarse la pr\u00e1ctica totalidad de la deuda emitida o renovada.<\/span><\/p>\n<p>&nbsp;<\/p>\n<figure id=\"attachment_28310\" aria-describedby=\"caption-attachment-28310\" style=\"width: 678px\" class=\"wp-caption aligncenter\"><img loading=\"lazy\" decoding=\"async\" class=\"wp-image-28310 size-mh-magazine-content\" src=\"https:\/\/puntocritico.com\/ausajpuntocritico\/wp-content\/uploads\/2020\/04\/COMISI\u00d3N-EUROPEA--678x381.jpg\" alt=\"\" width=\"678\" height=\"381\" data-id=\"28310\" \/><figcaption id=\"caption-attachment-28310\" class=\"wp-caption-text\"><span style=\"color: #008000;\">El Gobierno espa\u00f1ol, y el italiano, tiene puestas sus esperanzas en la ayuda de la Uni\u00f3n Europea.<\/span><\/figcaption><\/figure>\n<p>&nbsp;<\/p>\n<h2><strong>SEGUNDA V\u00cdA\u00a0<\/strong><\/h2>\n<p style=\"text-align: justify;\"><span style=\"font-size: 14pt;\">La segunda son los\u00a0<strong>t\u00edtulos de deuda com\u00fan europea: los \u201ceurobonos\u201d.<\/strong>\u00a0Son como nuestros bonos o letras del tesoro \u00a0nacionales pero, ahora, se soportan por los 19 pa\u00edses de la eurozona.<\/span><\/p>\n<p style=\"text-align: justify;\"><span style=\"font-size: 14pt;\">Es un instrumento de mutualizaci\u00f3n solidaria de la deuda. Los aprueba el Consejo Europeo y los vende el BCE con un tipo de inter\u00e9s menor.<\/span><\/p>\n<p style=\"text-align: justify;\"><span style=\"font-size: 14pt;\">Estas emisiones soberanas van m\u00e1s all\u00e1 del MEDE y su desenlace \u2013entre otros escenarios- ser\u00eda un Tesoro Compartido que llevar\u00eda la creaci\u00f3n de una uni\u00f3n fiscal o presupuestaria (no querida por los pa\u00edses con un super\u00e1vit fiscal en sus cuentas p\u00fablicas).<\/span><\/p>\n<p style=\"text-align: justify;\"><span style=\"font-size: 14pt;\"><strong>En suma, el \u201ccoronabono\u201d tiene un muy dif\u00edcil alumbramiento.<\/strong><\/span><\/p>\n<p style=\"text-align: justify;\"><span style=\"font-size: 14pt;\"><strong>El \u201cberlanguiano\u201d Plan Marshall es inviable.<\/strong>\u00a0Pese a todo, se aprobaron, el 27 de marzo, varios cortafuegos paliativos de la crisis.<\/span><\/p>\n<h2><strong>CORTAFUEGOS CONTRA LA CRISIS<\/strong><\/h2>\n<p style=\"text-align: justify;\"><span style=\"font-size: 14pt;\">1\u00ba.<strong>\u00a0La Iniciativa de Inversi\u00f3n en Respuesta al Coronavirus de la UE con 37.000.000.000 de euros<\/strong>. Proviene de fondos de la pol\u00edtica de cohesi\u00f3n europea apuntalando: los sistemas sanitarios; el apoyo a la PYME y la planificaci\u00f3n de empleo a corto plazo.<\/span><\/p>\n<p style=\"text-align: justify;\"><span style=\"font-size: 14pt;\">2\u00ba.\u00a0<strong>Actualizaci\u00f3n del \u00a0Fondo de Solidaridad de la UE<\/strong>, previsto para cat\u00e1strofes naturales concedido a Francia, Portugal, Espa\u00f1a y Grecia.<\/span><\/p>\n<p style=\"text-align: justify;\"><span style=\"font-size: 14pt;\">Finalmente,\u00a0<strong>la presidenta de la Comisi\u00f3n Europea anunci\u00f3, el 1 de abril, la creaci\u00f3n de un fondo de 100.000.000.000 de euros (aprox.) denominado SURE para el mantenimiento del empleo constante el coronavirus<\/strong>. Funcionar\u00e1 como una suerte de ERTE de suspensi\u00f3n temporal de contratos. Los principales beneficiarios ser\u00e1n Espa\u00f1a e Italia.<\/span><\/p>\n<p style=\"text-align: justify;\"><span style=\"font-size: 14pt;\"><strong>Lo que s\u00ed prevalecer\u00e1, como cierre y gracias a la plaga, es el nacimiento de un intrusivo estado ciberespacial.<\/strong><\/span><\/p>\n<p style=\"text-align: justify;\"><span style=\"font-size: 14pt;\">El modelo de relaciones sociales tendr\u00e1, como epicentro, una monitorizaci\u00f3n personalizada de la salud del individuo como premisa existencial.<\/span><\/p>\n<p style=\"text-align: justify;\"><span style=\"font-size: 14pt;\">A partir de ah\u00ed, nuestro perfil digital ser\u00e1 reo de \u201capps\u201d (en tiempo real) dictaminando cuarentenas forzosas personales o poblacionales.<\/span><\/p>\n<p style=\"text-align: justify;\"><span style=\"font-size: 14pt;\">Es el sacrificio del \u201chabeas data\u201d personal en pos del tratamiento predictivo de nuestros propios datos m\u00e9dicos y otros personal\u00edsimos. Es la cl\u00e1sica disyuntiva entre la cesi\u00f3n de libertades a cambio de seguridad (en este caso, con el fin -o excusa- de garantizar la Salud P\u00fablica).<\/span><\/p>\n<p style=\"text-align: justify;\"><span style=\"font-size: 14pt;\">Rezo para que la cura llegue antes que el Gran Hermano.<\/span><\/p>\n<p style=\"text-align: justify;\"><span style=\"font-size: 14pt;\">Y si no, como consuelo, nos quedar\u00e1 el Poder Judicial para equilibrarlo.<\/span><\/p>\n<p style=\"text-align: center;\"><span style=\"font-size: 14pt; color: #008000;\">\u2666\u2666\u2666\u2666\u2666<\/span><\/p>\n<p>&nbsp;<\/p>\n<p><img loading=\"lazy\" decoding=\"async\" class=\"aligncenter wp-image-28380\" src=\"https:\/\/puntocritico.com\/ausajpuntocritico\/wp-content\/uploads\/2020\/04\/Gonalez-Laya-experta-en-comercio-internacional-que-no-sabe-como-actuar-en-el-mayor-mercado-del-mundo-300x263.jpg\" alt=\"\" width=\"580\" height=\"508\" data-id=\"28380\" srcset=\"https:\/\/puntocritico.com\/ausajpuntocritico\/wp-content\/uploads\/2020\/04\/Gonalez-Laya-experta-en-comercio-internacional-que-no-sabe-como-actuar-en-el-mayor-mercado-del-mundo-300x263.jpg 300w, https:\/\/puntocritico.com\/ausajpuntocritico\/wp-content\/uploads\/2020\/04\/Gonalez-Laya-experta-en-comercio-internacional-que-no-sabe-como-actuar-en-el-mayor-mercado-del-mundo-768x672.jpg 768w, https:\/\/puntocritico.com\/ausajpuntocritico\/wp-content\/uploads\/2020\/04\/Gonalez-Laya-experta-en-comercio-internacional-que-no-sabe-como-actuar-en-el-mayor-mercado-del-mundo.jpg 844w\" sizes=\"auto, (max-width: 580px) 100vw, 580px\" \/><\/p>\n<p>&nbsp;<\/p>\n<p style=\"text-align: center;\"><span style=\"font-size: 14pt; color: #008000;\">\u2666\u2666\u2666\u2666\u2666<\/span><\/p>\n<p>&nbsp;<\/p>\n<h1 id=\":2ay\" class=\"hP\" style=\"text-align: center;\" tabindex=\"-1\" data-thread-perm-id=\"thread-f:1662936955304420622\" data-legacy-thread-id=\"1713f059a8ca250e\"><span style=\"font-size: 24pt;\"><a id=\"ref4\"><\/a><a href=\"#ref4a\">[4]<\/a> El coronavirus y la pandemia autocr\u00e1tica en Europa<\/span><\/h1>\n<div id=\":2b2\" class=\"pG\" role=\"img\" data-tooltip-contained=\"true\" data-tooltip-align=\"b,l\" data-tooltip-delay=\"1500\" aria-label=\"Importante seg\u00fan el criterio de Google.\">Por Germ\u00e1n Gorr\u00e1iz L\u00f3pez\u00a0 &#8211; Analista\u00a0<\/div>\n<div role=\"img\" data-tooltip-contained=\"true\" data-tooltip-align=\"b,l\" data-tooltip-delay=\"1500\" aria-label=\"Importante seg\u00fan el criterio de Google.\">\u00a0<\/div>\n<p style=\"text-align: justify;\" align=\"JUSTIFY\"><span style=\"color: #000000; font-family: georgia, palatino, serif; font-size: 14pt;\">La autocracia, del griego autos (por s\u00ed mismo) y kratos (poder o gobierno), ser\u00eda la forma de Gobierno ejercida por una sola persona con un poder absoluto e ilimitado, especie de par\u00e1sito end\u00f3geno de otros sistemas de gobierno (incluida la llamada democracia formal), que partiendo de la cris\u00e1lida de una propuesta partidista elegida mediante elecciones libres llegado al poder se metamorfosea en l\u00edder Presidencialista con claros tintes autocr\u00e1ticos (inflexible, xen\u00f3fobo, populista y nacionalista), lo que corrobora la tesis de Lord Acton \u201cEl Poder tiende a corromper y el Poder absoluto, corrompe absolutamente\u201d.<\/span><\/p>\n<p style=\"text-align: justify;\" align=\"JUSTIFY\"><span style=\"color: #000000; font-family: georgia, palatino, serif; font-size: 14pt;\">La autocracia ser\u00eda pues una especie de dictadura invisible sustentada en s\u00f3lidas estrategias de cohesi\u00f3n (manipulaci\u00f3n de masas y culto al l\u00edder) basadas en el control absoluto de los medios de comunicaci\u00f3n y la censura y desprestigio social de los individuos refractarios al mensaje del l\u00edder, de lo que ser\u00eda paradigma el primer ministro h\u00fangaro, Viktor Orb\u00e1n que habr\u00eda convertido a Hungr\u00eda en la primera autocracia europea o \u201cdemocracia no liberal\u201d, pandemia autoritaria que se extender\u00e1 primero a los pa\u00edses de su entorno m\u00e1s cercano, como Polonia y Austria y terminar\u00e1 por abarcar la mayor parte del territorio europeo.<\/span><\/p>\n<p style=\"text-align: justify;\" align=\"JUSTIFY\"><span style=\"color: #3d6826; font-family: georgia, palatino, serif; font-size: 14pt;\"><span style=\"color: #000000;\">Para entender la deriva autocr\u00e1tica que se avecina, debemos recurrir a Hermann Hesse quien en su libro \u201cEl lobo estepario\u201d (<\/span><span style=\"color: #000000;\"><i>Der Steppenwolf,1.927),\u00a0<\/i><\/span><span style=\"color: #000000;\">plasma el sentimiento de angustia, desesperanza y desconcierto que se apoder\u00f3 de la sociedad europea en el per\u00edodo entre-guerras y es un l\u00facido an\u00e1lisis sobre la locura de una \u00e9poca en la que agoniza lo viejo sin que haya nacido lo nuevo. En dicha obra critica mordazmente la sociedad burguesa ( \u201cla decadencia de la civilizaci\u00f3n\u201d), dictadura invisible que anula los ideales del individuo primigenio y le transforma en un ser acr\u00edtico, miedoso y conformista que sedado por el consumismo compulsivo de bienes materiales pasa a engrosar ineludiblemente las filas de una sociedad homog\u00e9nea, uniforme y f\u00e1cilmente manipulable.<\/span><\/span><\/p>\n<p style=\"text-align: justify;\" align=\"JUSTIFY\"><span style=\"color: #000000; font-family: georgia, palatino, serif; font-size: 14pt;\">As\u00ed, Hesse define al burgu\u00e9s como \u201cuna persona que trata siempre de colocarse en el centro, entre los extremos, en una zona templada y agradable, sin violentas tempestades ni tormentas. Consiguientemente, es por naturaleza una criatura de d\u00e9bil impulso vital, miedoso, temiendo la entrega de s\u00ed mismo, f\u00e1cil de gobernar. Por eso ha sustituido el poder por el r\u00e9gimen de mayor\u00edas, la fuerza por la ley y la responsabilidad por el sistema de votaci\u00f3n. Es evidente que este ser d\u00e9bil y asustadizo, aun existiendo en cantidad tan considerable no puede sostenerse solo y en funci\u00f3n de sus cualidades no podr\u00eda representar en el mundo otro papel que el de reba\u00f1o de corderos entre lobos errantes\u2026\u201d.<\/span><\/p>\n<p style=\"text-align: justify;\" align=\"JUSTIFY\"><span style=\"color: #3d6826; font-family: georgia, palatino, serif; font-size: 14pt;\"><span style=\"color: #000000;\">Dichas reflexiones siguen vigentes casi un siglo m\u00e1s tarde, pues la irrupci\u00f3n de la pandemia del coronavirus y la posterior entrada en recesi\u00f3n de las econom\u00edas europeas implementar\u00e1 el estigma de la incertidumbre y la incredulidad en una sociedad inmersa en la cultura del Estado de Bienestar. Ello derivar\u00e1 posteriormente en un shock traum\u00e1tico al constatarse el vertiginoso tr\u00e1nsito desde niveles de bienestar hasta la cruda realidad de la p\u00e9rdida del trabajo y posterior desahucio, inmersi\u00f3n en umbrales de pobreza y dependencia en exclusiva de los subsidios sociales. En consecuencia,\u00a0<\/span><span style=\"color: #323d4f;\">el Individuo sacrificar\u00e1 sus otrora sacrosantas libertades b\u00e1sicas en aras de asegurarse los m\u00ednimos b\u00e1sicos de supervivencia lo que de facto significar\u00e1 la irrupci\u00f3n de la Nueva Ola involucionista y el final de las llamadas democracias formales.<\/span><\/span><\/p>\n<p style=\"text-align: center;\"><span style=\"font-size: 14pt; color: #008000;\">\u2666\u2666\u2666\u2666\u2666<\/span><\/p>\n<p>&nbsp;<\/p>\n<p><img loading=\"lazy\" decoding=\"async\" class=\"aligncenter wp-image-28383\" src=\"https:\/\/puntocritico.com\/ausajpuntocritico\/wp-content\/uploads\/2020\/04\/TWEET-PODEMOS.jpg\" alt=\"\" width=\"489\" height=\"402\" data-id=\"28383\" \/><\/p>\n<p style=\"text-align: center;\"><span style=\"font-size: 14pt; color: #008000;\">\u2666\u2666\u2666\u2666\u2666<\/span><\/p>\n<p>&nbsp;<\/p>\n<h1 class=\"title\" style=\"text-align: center;\"><a id=\"ref5\"><\/a><a href=\"#ref5a\">[5]<\/a> Coronavirus: El Gobierno moviliza 200.000 millones para su \u00abescudo econ\u00f3mico y social\u00bb<\/h1>\n<div class=\"subtitle\">\n<p style=\"text-align: center;\"><em><span style=\"font-size: 18pt;\">El Consejo de Ministros aprueba avales p\u00fablicos para los cr\u00e9ditos de las empresas y medidas para evitar despidos<\/span><\/em><\/p>\n<p style=\"text-align: center;\"><em><span style=\"font-size: 18pt;\">Las familias vulnerables podr\u00e1n aplazar un mes las las cuotas de sus hipotecas y quedar\u00e1n protegidas del corte de suministros b\u00e1sicos<\/span><\/em><\/p>\n<p>Por Rosa Maria S\u00e1nchez\u00a0<\/p>\n<p>17\/03\/2020 (actualizada 18\/03)\u00a0<\/p>\n<p><a href=\"https:\/\/www.elperiodico.com\/es\/economia\/20200317\/coronavirus-economia-gobierno-flexibilizacion-ertes-liquidez-prestacion-desempleo-cotizaciones-7892935\" target=\"_blank\" rel=\"noopener noreferrer\">EL PERIODICO<\/a><\/p>\n<p><figure id=\"attachment_28366\" aria-describedby=\"caption-attachment-28366\" style=\"width: 781px\" class=\"wp-caption aligncenter\"><a href=\"https:\/\/www.elperiodico.com\/es\/economia\/20200317\/coronavirus-economia-gobierno-flexibilizacion-ertes-liquidez-prestacion-desempleo-cotizaciones-7892935?jwsource=cl\" target=\"_blank\" rel=\"noopener noreferrer\"><img loading=\"lazy\" decoding=\"async\" class=\"wp-image-28366 size-full\" src=\"https:\/\/puntocritico.com\/ausajpuntocritico\/wp-content\/uploads\/2020\/04\/PEDRO-SANCHEZ-VIDEO-EL-PERIODICO.jpg\" alt=\"\" width=\"781\" height=\"372\" data-id=\"28366\" srcset=\"https:\/\/puntocritico.com\/ausajpuntocritico\/wp-content\/uploads\/2020\/04\/PEDRO-SANCHEZ-VIDEO-EL-PERIODICO.jpg 781w, https:\/\/puntocritico.com\/ausajpuntocritico\/wp-content\/uploads\/2020\/04\/PEDRO-SANCHEZ-VIDEO-EL-PERIODICO-300x143.jpg 300w, https:\/\/puntocritico.com\/ausajpuntocritico\/wp-content\/uploads\/2020\/04\/PEDRO-SANCHEZ-VIDEO-EL-PERIODICO-768x366.jpg 768w\" sizes=\"auto, (max-width: 781px) 100vw, 781px\" \/><\/a><figcaption id=\"caption-attachment-28366\" class=\"wp-caption-text\"><span style=\"color: #008000;\">Pedro S\u00e1nchez anuncia un plan de 200.000 millones contra el coronavirus. \/ ZML<\/span><\/figcaption><\/figure>\n<\/div>\n<p>&nbsp;<\/p>\n<p style=\"text-align: justify;\"><span style=\"font-size: 14pt;\">Con la enorme presi\u00f3n de m\u00e1s de 100.000 trabajadores afectados por los primeros expedientes de<strong>\u00a0regulaci\u00f3n temporal de empleo\u00a0<\/strong>y con unas cifras oficiales de 11.178 personas contagiadas por el coronavirus y 491 fallecidos, el\u00a0<strong>Consejo de Ministros<\/strong>\u00a0aprob\u00f3 este martes por fin un potente paquete de medidas econ\u00f3micas con las que el Gobierno pretende movilizar<strong>\u00a0200.000 millones de euros\u00a0<\/strong>en apoyo de las empresas y del empleo y en ayuda de los colectivos m\u00e1s vulnerables.<\/span><\/p>\n<p style=\"text-align: justify;\"><span style=\"font-size: 14pt;\">El plan, que fue recibido por<a href=\"http:\/\/www.elperiodico.com\/es\/economia\/20200317\/bolsa-ibex-35-17-marzo-2020-coronavirus-7892945\" target=\"_blank\" rel=\"noopener\">\u00a0la bolsa con un\u00a0alza del 6,41%<\/a>, supone \u00abla mayor movilizaci\u00f3n de recursos p\u00fablicos y privados en la historia democr\u00e1tica\u00bb espa\u00f1ola, recalc\u00f3 el presidente del Gobierno,\u00a0<strong>Pedro S\u00e1nchez.<\/strong>\u00a0En la rueda de prensa tras la reuni\u00f3n del Consejo de Ministros, el jefe del Ejecutivo present\u00f3 las l\u00edneas generales del\u00a0<a href=\"https:\/\/www.elperiodico.com\/es\/economia\/20200317\/medidas-economicas-coronavirus-gobierno-7893836\" target=\"_blank\" rel=\"noopener\"><strong>\u00abescudo econ\u00f3mico y social\u00bb\u00a0<\/strong><\/a>con el que el Gobierno quiere complementar al\u00a0<strong>\u00abescudo sanitario\u00bb\u00a0<\/strong>ya en marcha contra la epidemia que est\u00e1 paralizando la actividad y ha motivado incluso que<a href=\"https:\/\/www.elperiodico.com\/es\/deportes\/20200317\/uefa-aplaza-eurocopa-7893206\" target=\"_blank\" rel=\"noopener\">\u00a0la Eurocopa de f\u00fatbol\u00a0<\/a>se aplace al a\u00f1o que viene y se trasladen a m\u00e1s adelante\u00a0<strong>Sant Jordi\u00a0<\/strong>y la\u00a0<strong>selectividad\u00a0<\/strong>de los estudiantes de 2\u00ba de Bachillerato.<\/span><\/p>\n<div id=\"sc_intxt_container\" style=\"text-align: justify;\">\n<div>\n<div id=\"sc_ava_companion\" class=\"sc_intxt_hided\"><span style=\"font-size: 14pt;\">Los 200.000 millones anunciados por S\u00e1nchez equivalen aproximadamente al <strong>16% del PIB espa\u00f1ol,<\/strong>\u00a0si bien el presidente redonde\u00f3 la referencia aludiendo\u00a0<strong>al 20%<\/strong>. \u00a0El decreto aprobado, que previsiblemente ser\u00e1 publicado por el BOE este mi\u00e9rcoles,\u00a0tendr\u00e1 una vigencia de un mes, aunque el Gobierno prev\u00e9 prorrogarlo si las dificultades para controlar la pandemia persisten.<\/span><\/div>\n<\/div>\n<\/div>\n<h3 style=\"text-align: justify;\"><span style=\"font-size: 14pt;\">La mayor moviizaci\u00f3n de la historia<\/span><\/h3>\n<p style=\"text-align: justify;\"><span style=\"font-size: 14pt;\">En particular, se movilizan 117.000 millones de dinero p\u00fablico, de los que 100.000 millones corresponden a una l\u00ednea de\u00a0<strong>avales p\u00fablicos\u00a0<\/strong>para garantizar<a href=\"https:\/\/www.elperiodico.com\/es\/economia\/20200317\/coronavirus-moratoria-hipotecas-7893380\" target=\"_blank\" rel=\"noopener\">\u00a0la liquidez de las empresas<\/a>. \u00a0Seg\u00fan los c\u00e1lculos del Gobierno, esto va a permitir movilizar entre 150.000 y 200.000 millones de euros. El Estado ser\u00e1 el garante de las operaciones.<\/span><\/p>\n<p style=\"text-align: justify;\"><span style=\"font-size: 14pt;\">Otros 17.000 millones van destinados a financiar pol\u00edticas a favor de los colectivos de\u00a0<strong>familias, trabajadores y empresas\u00a0<a href=\"https:\/\/www.elperiodico.com\/es\/economia\/20200317\/plan-de-choque-medidas-sociales-7893739\" target=\"_blank\" rel=\"noopener\">m\u00e1s vulnerables<\/a><\/strong>. El resto, unos 83.000 millones, hasta completar los 200.000 millones anunciados por S\u00e1nchez, \u00abse completar\u00e1 con la mayor movilizaci\u00f3n de recursos privados de la historia reciente\u00bb, seg\u00fan apunt\u00f3.<\/span><\/p>\n<p style=\"text-align: justify;\"><span style=\"font-size: 14pt;\">No todo el dinero p\u00fablico movilizado ser\u00e1 m\u00e1s\u00a0<strong>d\u00e9ficit p\u00fablico<\/strong>. La mayor\u00eda de los recursos son en forma de avales y l\u00edneas de cr\u00e9dito que solo causar\u00e1n agujero en las cuentas si resultan fallidos. Si los cr\u00e9ditos son devueltos por las empresas, el coste presupuestario ser\u00e1 nulo pero habr\u00e1n logrado evitar el colapso de la actividad.<\/span><\/p>\n<h3 style=\"text-align: justify;\"><span style=\"font-size: 14pt;\">Actuaciones paliativas<\/span><\/h3>\n<p style=\"text-align: justify;\"><span style=\"font-size: 14pt;\">Este es, seg\u00fan el Gobierno, el principal prop\u00f3sito de las medidas adoptadas: que las dificultades transitorias, no deriven en unos perjuicios irreparables. Y que una vez que se logre controlar la enfermedad, la econom\u00eda est\u00e9 en condiciones de propulsar<strong>\u00a0una recuperaci\u00f3n en forma de letra V\u00a0<\/strong>en vez de quedar varada en una U de prolongado fondo o, peor a\u00fan, en una letra L.<\/span><\/p>\n<p style=\"text-align: justify;\"><span style=\"font-size: 14pt;\">Y todo ello \u00aba partir de la filosof\u00eda de\u00a0<strong>no dejar a nadie atr\u00e1s<\/strong>\u00ab, seg\u00fan el presidente. \u00abTodo el que se vea afectado por este frenazo en seco de la econom\u00eda va a encontrar la protecc\u00f3n del Gobiero de Espa\u00f1a\u00bb, enfatiz\u00f3. \u00abEl Estado va a asumir el choque, el shock que representa el frenazo en seco de la econom\u00eda espa\u00f1ola, que ser\u00e1 temporal\u00bb, enfatiz\u00f3. \u00abDespu\u00e9s, tendremos que\u00a0reconstruir la econom\u00eda\u00bb, dijo el presidente antes de apelar a la construccion de \u00ab<strong>una cadena de solidaridad<\/strong>\u00bb con la aportaci\u00f3n de todos,\u00a0\u00abempresarios, trabajadores, arrendatarios, inquilinos&#8230; todos\u00bb para este proceso. El objetivo es que \u201cla ca\u00edda venga seguida de una\u00a0<strong>recuperaci\u00f3n econ\u00f3mica\u00a0<\/strong>y no de un estancamiento\u201d, a\u00f1adi\u00f3.\u00a0<\/span><\/p>\n<p style=\"text-align: justify;\"><span style=\"font-size: 14pt;\">Para este segundo momento, el de la recuperaci\u00f3n, se guarda el Gobierno la baza de posibles medidas para reactivar la econom\u00eda. Ahora lo que toca -aseguran- son medidas paliativas. As\u00ed, el grueso de las iniciativas est\u00e1n destinadas a asegurar la<strong>\u00a0liquidez empresarial\u00a0<\/strong>para evitar quiebras. Pero tambi\u00e9n hay actuaciones para\u00a0<strong>evitar despidos<\/strong>, por la v\u00eda de favorecer con recursos p\u00fablicos\u00a0los\u00a0<a href=\"https:\/\/www.elperiodico.com\/es\/economia\/20200317\/gobierno-aprueba-medidas-laborales-urgentes-7893683\" target=\"_blank\" rel=\"noopener\">e<strong>xpedientes temporales de regulaci\u00f3n de empleo<\/strong><\/a>\u00a0(ERTE).<\/span><\/p>\n<h3 style=\"text-align: justify;\"><span style=\"font-size: 14pt;\">Ayudas sociales<\/span><\/h3>\n<p style=\"text-align: justify;\"><span style=\"font-size: 14pt;\">El tercer gran eje est\u00e1 destinado a favorecer a las\u00a0<strong>familias vulnerables<\/strong>. En ese \u00faltimo bloque se incluye la posibilidad de que estas familias m\u00e1s vulnerables puedan<a href=\"https:\/\/www.elperiodico.com\/es\/economia\/20200317\/coronavirus-moratoria-hipotecas-7893380\" target=\"_blank\" rel=\"noopener\">\u00a0demorar un mes los pagos de sus\u00a0<\/a><strong><a href=\"https:\/\/www.elperiodico.com\/es\/economia\/20200317\/coronavirus-moratoria-hipotecas-7893380\" target=\"_blank\" rel=\"noopener\">cuotas hipotecarias<\/a>.<\/strong>\u00a0Tambi\u00e9n quedar\u00e1n protegidas de posibles<strong>\u00a0cortes de suministros de luz, agua, gas y telecomunicaciones<\/strong>.\u00a0<\/span><\/p>\n<p style=\"text-align: justify;\"><span style=\"font-size: 14pt;\">Adem\u00e1s, se reconoce el\u00a0derecho al c<strong>uidado familiar<\/strong>\u00a0para todos los trabajadores\u00a0sin que puedan ser sancionados\u00a0o despedidos (reducci\u00f3n de jornada incluso hasta del 100% o reorganizaci\u00f3n por cuidado de familiar hasta segundo grado (nietos y abuelos). Para reforzar la atenci\u00f3n a\u00a0<strong>personas mayores, sintecho y en residencias de mayores y dependientes\u00a0<\/strong>se crea un\u00a0fondo espec\u00edfico de contingencia, con 300 millones de euros.<\/span><\/p>\n<p style=\"text-align: justify;\"><span style=\"font-size: 14pt;\">Como medida en apoyo de\u00a0<strong>los consumidores<\/strong>,\u00a0se establece la interrupci\u00f3n del c\u00f3mputo del plazo\u00a0para la devoluci\u00f3n de productos de los consumidores.<\/span><\/p>\n<p style=\"text-align: justify;\"><span style=\"font-size: 14pt;\">Es la aprobaci\u00f3n de este bloque de ayuda a los colectivos m\u00e1s vulnerables\u00a0lo\u00a0que ha llevado a\u00a0<strong>Unidas Podemos\u00a0<\/strong>a reivindicar su sello en las iniciativas aprobadas ayer. La formaci\u00f3n morada no logr\u00f3, sin embargo introducir una\u00a0<a href=\"https:\/\/www.elperiodico.com\/es\/economia\/20200317\/por-que-la-moratoria-de-hipotecas-no-incluye-los-alquileres-7894366\" target=\"_blank\" rel=\"noopener\"><strong>moratoria en las mensualidades de alquiler<\/strong><\/a>\u00a0a favor de estas familias m\u00e1s vulnerables.<\/span><\/p>\n<p style=\"text-align: justify;\"><span style=\"font-size: 14pt;\">Tampoco logr\u00f3 el ministro de Seguridad Social,<strong>\u00a0Jos\u00e9 Luis Escriv\u00e1<\/strong>, incluir en el decreto una medida que \u00e9l mismo anunci\u00f3 hace una semana para garantizar el\u00a0<a href=\"https:\/\/www.elperiodico.com\/es\/economia\/20200311\/coronavirus-escriva-prestacion-padres-cuidado-hijos-7884453\" target=\"_blank\" rel=\"noopener\"><strong>cobro del sueldo a padres y madres<\/strong>\u00a0<\/a>que hayan tenido que reducir o suspender su jornada laboral para cuidar a ni\u00f1os o mayores por causa de la epidemia.<\/span><\/p>\n<h3 style=\"text-align: justify;\"><span style=\"font-size: 14pt;\">\u00abAut\u00f3nomos, en la cuneta\u00bb<\/span><\/h3>\n<p style=\"text-align: justify;\"><span style=\"font-size: 14pt;\">Pero quien m\u00e1s se siente abandonado por el decreto son los aut\u00f3nomos. \u00abEl Gobierno deja en la cuneta a los aut\u00f3nomos\u00bb, se \u00a0quej\u00f3 ayer el presidente de ATA,\u00a0<strong>Lorenzo Amor.<\/strong>\u00a0El Gobierno ha deso\u00eddo la propuesta de eximir durante dos meses del pago de cotizaciones a los\u00a0<strong>trabajadores por cuenta propia<\/strong>\u00a0que tengan que cesar en su actividad. El Ejecutivo s\u00ed les reconoce el derecho a cobrar la\u00a0<strong>prestaci\u00f3n por cese de actividad<\/strong>. \u00abSolo faltar\u00eda que cuando un aut\u00f3nomo vaya a cobrar su paro por una causa de fuerza mayor como es esta se lo negaran\u00bb, apunt\u00f3 ayer Amor. Es por este flanco por donde le han llovido al Gobierno las principales cr\u00edticas del l\u00edder del PP, Pablo Casado. Tambi\u00e9n la presidenta Ciudadanos, In\u00e9s Arrimadas,\u00a0que, en general, s\u00ed\u00a0acogi\u00f3 con satisfacci\u00f3n\u00a0las medidas del Gobierno, subray\u00f3 la carencia con los aut\u00f3nomos.<\/span><\/p>\n<p style=\"text-align: justify;\"><span style=\"font-size: 14pt;\">Las patronales\u00a0<strong>CEOE y Cepyme<\/strong>, los sindicatos\u00a0<strong>UGT y CCOO<\/strong>\u00a0y tambi\u00e9n la\u00a0<strong>C\u00e1mara de Comercio de Espa\u00f1a<\/strong>\u00a0recibieron con satisfacci\u00f3n el plan gubernamental, si bien advirtieron de que har\u00e1n falta nuevas actuaciones. Tambi\u00e9n el sector financiero (<strong>AEB Y CECA<\/strong>) salud\u00f3 la capacidad de las medidas para frenar el descalabro de la econom\u00eda.<\/span><\/p>\n<h3 style=\"text-align: justify;\"><span style=\"font-size: 14pt;\">Blindaje de empresas estrat\u00e9gicas<\/span><\/h3>\n<p style=\"text-align: justify;\"><span style=\"font-size: 14pt;\">La\u00a0bolsa espa\u00f1ola\u00a0acogi\u00f3 con fuertes subidas el plan de choque anunciado por S\u00e1nchez. El\u00a0Ibex 35\u00a0pas\u00f3 de subir algo m\u00e1s del 3% a rozar el 5% justo despu\u00e9s de que el presidente del Gobierno\u00a0anunciase las iniciativas, entre ellas, la del\u00a0establecimiento de<a href=\"http:\/\/www.elperiodico.com\/es\/economia\/20200317\/por-que-la-moratoria-de-hipotecas-no-incluye-los-alquileres-7894366\" target=\"_blank\" rel=\"noopener\">\u00a0un blindaje a empresas espa\u00f1olas \u00a0consideradas estrat\u00e9gicas\u00a0<\/a>frente a la posiblidad de ser adquiridas por firmas no europeas en un contexto de depreciaci\u00f3n de todos los valores burs\u00e1tiles.<\/span><\/p>\n<p style=\"text-align: justify;\"><span style=\"font-size: 14pt;\">Las medidas de este martes se suman a las del real decreto-ley aprobado el pasado jueves con las primeras del plan de choque contemplaba\u00a0<a href=\"https:\/\/www.elperiodico.com\/es\/economia\/20200312\/gobierno-aprueba-plan-choque-coronavirus-7886719\" target=\"_blank\" rel=\"noopener\">la inyecci\u00f3n de 18.225 millones para paliar las consecuencias econ\u00f3micas del coronavirus,<\/a>\u00a0que incluye el aplazamiento y fraccionamiento de hasta 30.000 euros en deudas tributarias por un plazo de seis meses sin intereses, con tres meses de carencia, y una inyecci\u00f3n de 14.000 millones de euros en liquidez a pymes y aut\u00f3nomos.<\/span><\/p>\n<p style=\"text-align: center;\"><span style=\"font-size: 14pt; color: #008000;\">\u2666\u2666\u2666\u2666\u2666<\/span><\/p>\n<p>&nbsp;<\/p>\n<h1 class=\"font_secondary color_gray_ultra_dark \" style=\"text-align: center;\"><a id=\"ref6\"><\/a><a href=\"#ref6a\">[6]<\/a> La crisis del coronavirus provoca la p\u00e9rdida de 900.000 empleos desde el inicio del estado de alarma<\/h1>\n<p class=\"font_secondary color_gray_dark \" style=\"text-align: center;\"><em><span style=\"font-size: 18pt;\">Los efectos de la Covid-19 dan un golpe sin precedentes al mercado laboral y elevan la cifra de parados a 3,5 millones<\/span><\/em><\/p>\n<p>Por\u00a0<span class=\"margin_bottom uppercase flex align_items_center \">MANUEL V. G\u00d3MEZ<\/span><\/p>\n<p>02\/04\/2020<\/p>\n<p><a href=\"https:\/\/elpais.com\/economia\/2020-04-02\/la-seguridad-social-pierde-833000-afiliados-y-el-paro-sube-en-mas-de-300000-personas-en-el-peor-mes-para-el-empleo.html\" target=\"_blank\" rel=\"noopener noreferrer\">EL PAIS<\/a><\/p>\n<div class=\"\"><iframe loading=\"lazy\" src=\"\/\/player.vimeo.com\/video\/403974743?title=0&amp;amp;byline=0\" width=\"640\" height=\"480\" frameborder=\"0\" allowfullscreen=\"allowfullscreen\"><\/iframe><\/div>\n<p class=\"\" style=\"text-align: justify;\"><a href=\"https:\/\/elpais.com\/economia\/2020-04-01\/el-mercado-laboral-cierra-marzo-como-uno-de-los-peores-meses-de-la-historia-y-con-mayor-destruccion-de-empleo.html\" target=\"_blank\" rel=\"noopener noreferrer\" data-link-track-dtm=\"\"><span style=\"font-size: 14pt;\">Los efectos del coronavirus sobre el mercado laboral est\u00e1n siendo devastadores<\/span><\/a><span style=\"font-size: 14pt;\">. En apenas algo m\u00e1s de dos semanas, desde que comenzaron a notarse en la econom\u00eda las consecuencias de la crisis, la ca\u00edda del empleo no ha tenido precedentes: casi 900.000 afiliados menos a la Seguridad Social, que dejaron el volumen total en 18,4 millones a final de mes. El paro tambi\u00e9n ha roto sus registros negativos al subir en 302.265 desempleados, seg\u00fan los datos publicados este jueves por los ministerios de Trabajo y Seguridad Social. En este golpe laboral, no se suman los 620.00 afectados por ERTE ya procesados por los servicios p\u00fablicos.<\/span><\/p>\n<div id=\"elpais_gpt-INTEXT\" style=\"text-align: justify;\" data-google-query-id=\"CLjk7-i5zugCFdFuGwodkToHow\">\n<div id=\"google_ads_iframe_7811748\/elpais_finanzas_economia_web\/intext_0__container__\"><span style=\"font-size: 14pt;\">El impacto de la Covid-19 en la econom\u00eda apenas se notaba en los registros laborales hasta que el 9 de marzo comenzaron a cerrarse los colegios por el avance de la crisis sanitaria. Los d\u00edas siguientes empez\u00f3 a notarse el estancamiento brusco en la afiliaci\u00f3n a la Seguridad Social y, por tanto, en la ocupaci\u00f3n. Y el 12 de marzo lleg\u00f3 el desplome. Desde entonces, se han perdido 898.822 empleos, como cuantific\u00f3 el propio ministerio. Si se toma el mes entero, la ca\u00edda es un poco menor: 838.979 afiliados menos entre el 29 de febrero y el 31 de marzo. Aun as\u00ed, es el peor dato de la serie estad\u00edstica.<\/span><\/div>\n<div>\u00a0<\/div>\n<\/div>\n<div id=\"wmass~26381999999284744\">\n<div style=\"text-align: justify;\"><span style=\"font-size: 14pt;\">Para ilustrar la magnitud del impacto, el ministro de Seguridad Social, Jos\u00e9 Luis Escriv\u00e1, compar\u00f3 lo sucedido en las dos semanas posteriores a la declaraci\u00f3n del estado de alarma con lo ocurrido entre el 2 octubre de 2008 y el 27 febrero de 2009. En aquellos cinco meses (101 d\u00edas laborables), que pod\u00edan calificarse como la <i>zona cero<\/i>\u00a0de la Gran Recesi\u00f3n provocada por la quiebra Lehman Brothers, el instituto previsor perdi\u00f3 un poco m\u00e1s de 900.000 afiliados. Ahora se ha dejado una cifra similar en 14 d\u00edas y deja la cifra total de ocupados cotizando en 18,4 millones. En este breve periodo, la Seguridad Social ha vuelto al nivel de afiliaci\u00f3n con que cerr\u00f3 febrero de 2018. \u201cEstamos en una situaci\u00f3n excepcional y los datos son excepcionales\u201d, ha advertido Escriv\u00e1.<\/span><\/div>\n<\/div>\n<p>&nbsp;<\/p>\n<div id=\"header\" class=\"dw-chart-header\">\n<p class=\"chart-intro\"><img loading=\"lazy\" decoding=\"async\" class=\"aligncenter wp-image-28319\" src=\"https:\/\/puntocritico.com\/ausajpuntocritico\/wp-content\/uploads\/2020\/04\/variacion-afiliados-300x290.jpg\" alt=\"\" width=\"610\" height=\"589\" data-id=\"28319\" srcset=\"https:\/\/puntocritico.com\/ausajpuntocritico\/wp-content\/uploads\/2020\/04\/variacion-afiliados-300x290.jpg 300w, https:\/\/puntocritico.com\/ausajpuntocritico\/wp-content\/uploads\/2020\/04\/variacion-afiliados-768x742.jpg 768w, https:\/\/puntocritico.com\/ausajpuntocritico\/wp-content\/uploads\/2020\/04\/variacion-afiliados.jpg 818w\" sizes=\"auto, (max-width: 610px) 100vw, 610px\" \/><\/p>\n<\/div>\n<div id=\"chart\" class=\"dw-chart-body content-below-chart grid-labels-inside\">\n<p class=\"\" style=\"text-align: justify;\"><span style=\"font-size: 14pt;\">Normalmente, para analizar las cifras de afiliaci\u00f3n se usan datos de media mensual, que han marcado un retroceso de 243.469 empleos y dejan la cifra total algo m\u00e1s de 19 millones. Pero como ha explicado la propia Seguridad Social \u201cel dato del \u00faltimo d\u00eda del mes expresa con m\u00e1s fiabilidad, en esta ocasi\u00f3n, la evoluci\u00f3n del empleo y la repercusi\u00f3n de la crisis\u201d.<\/span><\/p>\n<p class=\"\" style=\"text-align: justify;\"><span style=\"font-size: 14pt;\">Tampoco hay precedentes para explicar lo sucedido en la otra cara del mercado laboral: el paro. Los n\u00fameros del Ministerio de Trabajo de marzo arrojan un aumento en un mes de 302.365 parados y deja la cifra total en 3,54 millones. Las referencias m\u00e1s pr\u00f3ximas para comparar este golpe vuelven a encontrarse en los peores momentos de la Gran Recesi\u00f3n: hasta ahora el mayor incremento en un solo mes correspond\u00eda a enero de 2009.<\/span><\/p>\n<p class=\"\" style=\"text-align: justify;\"><span style=\"font-size: 14pt;\">Una gran diferencia entre aquel momento y el desplome actual son los mecanismos de ajuste y ayudas p\u00fablicas. A los d\u00edas de declarar el estado de alarma, el Gobierno aprob\u00f3 la agilizaci\u00f3n de los tr\u00e1mites para aprobar expedientes de regulaci\u00f3n de empleo provocados por la crisis sanitaria y la creaci\u00f3n de una prestaci\u00f3n extraordinaria para los damnificados. Desde entonces, bajo ese paraguas se han protegido 620.000 trabajadores que tienen el empleo suspendido o la jornada disminuida, seg\u00fan la ministra de Trabajo, Yolanda D\u00edaz. En todo 2009, los afectados por suspensiones de empleo y reducciones de jornada sumaron 485.806.<\/span><\/p>\n<p>&nbsp;<\/p>\n<\/div>\n<p><img loading=\"lazy\" decoding=\"async\" class=\"aligncenter wp-image-28320\" src=\"https:\/\/puntocritico.com\/ausajpuntocritico\/wp-content\/uploads\/2020\/04\/paro-registrado-300x188.jpg\" alt=\"\" width=\"630\" height=\"396\" data-id=\"28320\" srcset=\"https:\/\/puntocritico.com\/ausajpuntocritico\/wp-content\/uploads\/2020\/04\/paro-registrado-300x188.jpg 300w, https:\/\/puntocritico.com\/ausajpuntocritico\/wp-content\/uploads\/2020\/04\/paro-registrado-768x482.jpg 768w, https:\/\/puntocritico.com\/ausajpuntocritico\/wp-content\/uploads\/2020\/04\/paro-registrado.jpg 817w\" sizes=\"auto, (max-width: 630px) 100vw, 630px\" \/><\/p>\n<p class=\"\" style=\"text-align: justify;\"><span style=\"font-size: 14pt;\">La Seguridad Social cuenta en sus datos que son casi 260.000 quienes est\u00e1n en ERTE. No obstante, fuentes de este \u00faltimo ministerio explicaron que la diferencia entre sus cifras y las de Trabajo se debe a que en el instituto p\u00fablico contabilizan a los afectados d\u00edas despu\u00e9s que los servicios empleo, que es el organismo p\u00fablico que paga la prestaci\u00f3n. Tanto la cifra de Trabajo como la de la Seguridad Social quedan muy a los conteos hechos por medios de comunicaci\u00f3n como EL PA\u00cdS: la causa hay que buscarla en que estos \u00faltimos c\u00e1lculos se hacen a partir de ERTE comunicados que todav\u00eda no han sido tramitados por las autoridades laborales.<\/span><\/p>\n<p class=\"\" style=\"text-align: justify;\"><span style=\"font-size: 14pt;\">De no haber mediado el\u00a0<i>shock\u00a0<\/i>sanitario, lo l\u00f3gico es que marzo se hubiera saldado con un avance del empleo. La Semana Santa y el principio del buen tiempo empujan el empleo en sectores como la construcci\u00f3n y, sobre todo, el turismo que se prepara para su temporada alta. El coronavirus ha llegado justo en este momento y ha cortado con brusquedad ese arranque parando completamente uno de los principales motores de la econom\u00eda espa\u00f1ola: el turismo.<\/span><\/p>\n<p class=\"\" style=\"text-align: justify;\"><span style=\"font-size: 14pt;\">Esto se ve en los datos de afiliaci\u00f3n por ramas a la Seguridad Social, que ya muestran ca\u00eddas superiores al 5% del empleo en la hosteler\u00eda, la construcci\u00f3n y las actividades recreativas o de ocio. Desde luego, el retroceso en la ocupaci\u00f3n no es homog\u00e9neo en todas las actividades. Pero es pr\u00e1cticamente general. Solo se salva, en consonancia con la coyuntura provocada por el coronavirus, la sanidad y los servicios sociales que han ganado m\u00e1s 11.000 asalariados en este mes.<\/span><\/p>\n<p>&nbsp;<\/p>\n<p><img loading=\"lazy\" decoding=\"async\" class=\"aligncenter wp-image-28321\" src=\"https:\/\/puntocritico.com\/ausajpuntocritico\/wp-content\/uploads\/2020\/04\/afiliados-300x189.jpg\" alt=\"\" width=\"660\" height=\"417\" data-id=\"28321\" srcset=\"https:\/\/puntocritico.com\/ausajpuntocritico\/wp-content\/uploads\/2020\/04\/afiliados-300x189.jpg 300w, https:\/\/puntocritico.com\/ausajpuntocritico\/wp-content\/uploads\/2020\/04\/afiliados-768x485.jpg 768w, https:\/\/puntocritico.com\/ausajpuntocritico\/wp-content\/uploads\/2020\/04\/afiliados.jpg 827w\" sizes=\"auto, (max-width: 660px) 100vw, 660px\" \/><\/p>\n<p class=\"\" style=\"text-align: justify;\"><span style=\"font-size: 14pt;\">En un pa\u00eds con altos \u00edndices de temporalidad y con decenas de miles de personas\u00a0<i>entrando y saliendo<\/i>\u00a0del empleo cada d\u00eda, el impacto de un\u00a0<i>shock\u00a0<\/i>sanitario cambia radicalmente el escenario. Lo que s\u00ed que se mantiene es que los trabajadores temporales siguen siendo un gran mecanismo de ajuste laboral de las empresas. De los casi 900.000 empleos evaporados en estas dos semanas, 613.000 correspond\u00edan a trabajadores temporales. El resto son indefinidos y aut\u00f3nomos, principalmente.<\/span><\/p>\n<p class=\"\" style=\"text-align: justify;\"><span style=\"font-size: 14pt;\">El ministro Escriv\u00e1, durante la presentaci\u00f3n de los datos, tambi\u00e9n facilit\u00f3 este jueves otras informaciones acerca de la crisis relacionadas con el mercado laboral. Indic\u00f3 que la Seguridad Social ya ha registrado 250.000 bajas laborales por la enfermedad, 65.000 corresponden directamente a contagiados y el resto a cuarentenas forzosas. Tambi\u00e9n a\u00f1adi\u00f3 que las mutuas colaboradoras y el instituto p\u00fablico ya habr\u00edan recibido medio mill\u00f3n de solicitudes de aut\u00f3nomos reclamando la prestaci\u00f3n extraordinaria por el cese forzado de su actividad y la consiguiente exenci\u00f3n de cotizaci\u00f3n.<\/span><\/p>\n<p style=\"text-align: center;\"><span style=\"font-size: 14pt; color: #008000;\">\u2666\u2666\u2666\u2666\u2666<\/span><\/p>\n<p>&nbsp;<\/p>\n<h1 class=\"story-body__h1\" style=\"text-align: center;\"><a id=\"ref7\"><\/a><a href=\"#ref7a\">[7]<\/a> Coronavirus: \u00abEstamos muy cerca de una recesi\u00f3n global\u00bb por el r\u00e1pido avance de la pandemia<\/h1>\n<div class=\"byline\"><span class=\"byline__name\">Por Cecilia Barr\u00eda<\/span><\/div>\n<div>12\/03\/2020<\/div>\n<div class=\"byline\"><a href=\"https:\/\/www.bbc.com\/mundo\/noticias-51679342\" target=\"_blank\" rel=\"noopener noreferrer\"><span class=\"byline__title\">BBC News Mundo<\/span><\/a><\/div>\n<div>\u00a0<\/div>\n<figure id=\"attachment_28367\" aria-describedby=\"caption-attachment-28367\" style=\"width: 660px\" class=\"wp-caption aligncenter\"><img loading=\"lazy\" decoding=\"async\" class=\"wp-image-28367 size-full\" src=\"https:\/\/puntocritico.com\/ausajpuntocritico\/wp-content\/uploads\/2020\/04\/111081952_cara.jpg\" alt=\"\" width=\"660\" height=\"371\" data-id=\"28367\" srcset=\"https:\/\/puntocritico.com\/ausajpuntocritico\/wp-content\/uploads\/2020\/04\/111081952_cara.jpg 660w, https:\/\/puntocritico.com\/ausajpuntocritico\/wp-content\/uploads\/2020\/04\/111081952_cara-300x169.jpg 300w\" sizes=\"auto, (max-width: 660px) 100vw, 660px\" \/><figcaption id=\"caption-attachment-28367\" class=\"wp-caption-text\"><span style=\"color: #008000;\">Economistas entrevistados por BBC Mundo coinciden en que estamos \u00abmuy cerca de una recesi\u00f3n global\u00bb.<\/span><\/figcaption><\/figure>\n<p>&nbsp;<\/p>\n<p class=\"story-body__introduction\" style=\"text-align: justify;\"><span style=\"font-size: 14pt;\">La r\u00e1pida propagaci\u00f3n del coronavirus, ahora convertido en pandemia, est\u00e1 provocando p\u00e1nico en los mercados financieros, fuga de capitales, devaluaci\u00f3n de las monedas frente al d\u00f3lar y una creciente amenaza de recesi\u00f3n global.<\/span><\/p>\n<p style=\"text-align: justify;\"><span style=\"font-size: 14pt;\">Aunque en un principio la situaci\u00f3n parec\u00eda estar confinada a los pa\u00edses asi\u00e1ticos, el escenario actual es completamente distinto: el brote est\u00e1 presente en al menos 114 pa\u00edses, ha contagiado a cerca de 120.000 personas y ha dejado m\u00e1s de 4.200 v\u00edctimas fatales.<\/span><\/p>\n<p style=\"text-align: justify;\"><span style=\"font-size: 14pt;\">A la decisi\u00f3n de Italia de poner a todo el pa\u00eds en cuarentena -adem\u00e1s de una r\u00e1pida propagaci\u00f3n de la enfermedad en el resto de Europa y Estados Unidos- se suma el desplome de los precios de petr\u00f3leo y la monta\u00f1a rusa de las bolsas, haciendo que muchos expertos consideren que una recesi\u00f3n econ\u00f3mica global durante el primer semestre de este a\u00f1o sea casi inminente.<\/span><\/p>\n<p style=\"text-align: justify;\"><span style=\"font-size: 14pt;\">Jeffrey Frankel, profesor de la Escuela Harvard Kennedy, de la\u00a0<strong>Universidad de Harvard<\/strong>, le dice a BBC Mundo que la posibilidad de una contracci\u00f3n econ\u00f3mica \u00abparece haber aumentado dram\u00e1ticamente\u00bb.<\/span><\/p>\n<p style=\"text-align: justify;\"><span style=\"font-size: 14pt;\"><strong>\u00abEstamos muy cerca de una recesi\u00f3n global\u00bb<\/strong>, advierte.<\/span><\/p>\n<p style=\"text-align: justify;\"><span style=\"font-size: 14pt;\">Una voz de alerta que ha comenzado a extenderse entre la mayor parte de los economistas e inversores, especialmente ahora que los casos de contagiados est\u00e1n aumentando velozmente.<\/span><\/p>\n<p style=\"text-align: justify;\"><span style=\"font-size: 14pt;\">Este mi\u00e9rcoles Wall Street se hundi\u00f3 en un \u00abmercado bajista\u00bb (<i>bear market<\/i>, en ingl\u00e9s), luego de que el \u00edndice Dow Jones terminara un 20% m\u00e1s bajo en relaci\u00f3n a su r\u00e9cord alcista de febrero, poniendo fin al per\u00edodo m\u00e1s largo de alzas en los mercados burs\u00e1tiles en la historia de Estados Unidos.<\/span><\/p>\n<p style=\"text-align: justify;\"><span style=\"font-size: 14pt;\">El desplome burs\u00e1til se produjo despu\u00e9s de que la Organizaci\u00f3n Mundial de la Salud (OMS) anunciara que el coronavirus<strong>\u00a0es oficialmente una \u00abpandemia\u00bb<\/strong>.<\/span><\/p>\n<p>&nbsp;<\/p>\n<figure style=\"width: 976px\" class=\"wp-caption aligncenter\"><img loading=\"lazy\" decoding=\"async\" class=\"responsive-image__img js-image-replace\" style=\"text-align: justify;\" src=\"https:\/\/ichef.bbci.co.uk\/news\/624\/cpsprodpb\/B35E\/production\/_111081954_gettyimages-1206570549.jpg\" alt=\"Piazarra en Wall Street\" width=\"976\" height=\"549\" data-highest-encountered-width=\"624\" \/><figcaption class=\"wp-caption-text\"><span style=\"color: #008000;\">Wall Street se convirti\u00f3 el mi\u00e9rcoles en un \u00abmercado bajista\u00bb o \u00abbear market\u00bb.<\/span><\/figcaption><\/figure>\n<figure class=\"media-landscape has-caption full-width\" style=\"text-align: justify;\"><figcaption class=\"media-caption\"><span class=\"media-caption__text\">\u00a0 \u00a0 \u00a0 \u00a0 \u00a0 \u00a0 \u00a0<\/span><\/figcaption><\/figure>\n<p style=\"text-align: justify;\"><span style=\"font-size: 14pt;\">En el d\u00eda a d\u00eda, el temor al contagio y las medidas de aislamiento tomadas en algunos pa\u00edses, han golpeado duramente al sector tur\u00edstico, con aerol\u00edneas reportando in\u00e9ditas p\u00e9rdidas financieras que las han llevado a cerrar rutas a\u00e9reas o a operar vuelos \u00abfantasma\u00bb casi sin pasajeros.<\/span><\/p>\n<p style=\"text-align: justify;\"><span style=\"font-size: 14pt;\">Entre las medidas m\u00e1s dr\u00e1sticas, Estados Unidos anunci\u00f3 el mi\u00e9rcoles la suspensi\u00f3n de \u00abtodos los viajes desde Europa\u00bb hacia su pa\u00eds por 30 d\u00edas.<\/span><\/p>\n<p style=\"text-align: justify;\"><span style=\"font-size: 14pt;\">Adem\u00e1s, muchas empresas les han pedido a sus empleados que trabajen desde casa, mientras que el cierre de f\u00e1bricas en China y en otros lugares, han causado problemas en las cadenas globales de producci\u00f3n.<\/span><\/p>\n<p style=\"text-align: justify;\"><span style=\"font-size: 14pt;\">En este escenario las empresas se est\u00e1n preparando para informar resultados en rojo, y si el crecimiento econ\u00f3mico se estanca -con descenso en las inversiones y menos consumo en los hogares- los efectos econ\u00f3micos de la pandemia podr\u00edan generar un aumento en el desempleo y estancamiento en los salarios.<\/span><\/p>\n<h2 class=\"story-body__crosshead\" style=\"text-align: justify;\"><span style=\"font-size: 14pt;\">\u00abAmenaza con paralizar el crecimiento global\u00bb<\/span><\/h2>\n<p style=\"text-align: justify;\"><span style=\"font-size: 14pt;\">\u00abEl coronavirus amenaza con paralizar el crecimiento global\u00bb, le dice a BBC Mundo Tom Orlik, economista jefe de Bloomberg Economics.<\/span><\/p>\n<p style=\"text-align: justify;\"><span style=\"font-size: 14pt;\">\u00abHace un mes, el escenario m\u00e1s probable parec\u00eda un brote importante limitado a China y otros pa\u00edses que sufren efectos relativamente menores. Eso ahora se ve demasiado optimista\u00bb, agrega.<\/span><\/p>\n<p>&nbsp;<\/p>\n<figure id=\"attachment_28368\" aria-describedby=\"caption-attachment-28368\" style=\"width: 624px\" class=\"wp-caption aligncenter\"><img loading=\"lazy\" decoding=\"async\" class=\"wp-image-28368 size-full\" src=\"https:\/\/puntocritico.com\/ausajpuntocritico\/wp-content\/uploads\/2020\/04\/111141506_gettyimages-866616238.jpg\" alt=\"\" width=\"624\" height=\"351\" data-id=\"28368\" srcset=\"https:\/\/puntocritico.com\/ausajpuntocritico\/wp-content\/uploads\/2020\/04\/111141506_gettyimages-866616238.jpg 624w, https:\/\/puntocritico.com\/ausajpuntocritico\/wp-content\/uploads\/2020\/04\/111141506_gettyimages-866616238-300x169.jpg 300w\" sizes=\"auto, (max-width: 624px) 100vw, 624px\" \/><figcaption id=\"caption-attachment-28368\" class=\"wp-caption-text\"><span style=\"color: #008000;\">Las aerol\u00edneas podr\u00edan perder hasta US$113.000 millones en ingresos este a\u00f1o.<\/span><\/figcaption><\/figure>\n<p>&nbsp;<\/p>\n<p style=\"text-align: justify;\"><span style=\"font-size: 14pt;\">\u00abLas posibilidades de que se produzca\u00a0<strong>el peor de los escenarios<\/strong>, con las principales econom\u00edas sufriendo un impacto significativo, aumentan d\u00eda a d\u00eda\u00bb.<\/span><\/p>\n<p style=\"text-align: justify;\"><span style=\"font-size: 14pt;\">En ese caso, el costo global podr\u00eda llegar a los US$2,7 billones, si todos los pa\u00edses se ven expuestos a las consecuencias de la pandemia.<\/span><\/p>\n<p style=\"text-align: justify;\"><span style=\"font-size: 14pt;\">Y si la econom\u00eda estadounidense se contrae, plantea Orlik, la din\u00e1mica de las elecciones presidenciales tambi\u00e9n podr\u00eda verse afectada.<\/span><\/p>\n<p style=\"text-align: justify;\"><span style=\"font-size: 14pt;\">Rohan Williamson, profesor de finanzas de la Escuela de Negocios McDonough, de la Universidad de Georgetown, Washington DC, tambi\u00e9n cree que estamos cerca de una recesi\u00f3n global.<\/span><\/p>\n<p style=\"text-align: justify;\"><span style=\"font-size: 14pt;\">Los efectos del coronavirus y la volatilidad en los mercados burs\u00e1tiles mundiales son indicadores que preocupan a los inversores, comenta.<\/span><\/p>\n<p style=\"text-align: justify;\"><span style=\"font-size: 14pt;\">\u00abClaramente ha habido un\u00a0<strong><i>shock<\/i><\/strong><strong>\u00a0en la demanda global<\/strong>\u00a0que provoca un gran impacto\u00bb, explica Williamson.<\/span><\/p>\n<h2 class=\"story-body__crosshead\" style=\"text-align: justify;\"><span style=\"font-size: 14pt;\">\u00bfY Am\u00e9rica Latina?<\/span><\/h2>\n<p style=\"text-align: justify;\"><span style=\"font-size: 14pt;\">Marcos Casarin, economista jefe para Am\u00e9rica Latina de la consultora brit\u00e1nica Oxford Economics, proyecta que la contracci\u00f3n econ\u00f3mica generalizada se dejar\u00e1 caer en el primer trimestre y ser\u00e1 de\u00a0<strong>\u00abcorta duraci\u00f3n\u00bb<\/strong>.<\/span><\/p>\n<p style=\"text-align: justify;\"><span style=\"font-size: 14pt;\">Desde esa perspectiva, Casarin le dice a BBC Mundo que dadas las circunstancias, \u00abestamos muy cerca de una recesi\u00f3n global\u00bb, aunque el principal signo de interrogaci\u00f3n es qu\u00e9 pasar\u00e1 con la recuperaci\u00f3n que deber\u00eda llegar en el segundo trimestre.<\/span><\/p>\n<p style=\"text-align: justify;\">\u00a0<\/p>\n<figure class=\"media-landscape has-caption full-width\">\n<figure style=\"width: 976px\" class=\"wp-caption aligncenter\"><img loading=\"lazy\" decoding=\"async\" class=\"responsive-image__img js-image-replace\" src=\"https:\/\/ichef.bbci.co.uk\/news\/624\/cpsprodpb\/E1CF\/production\/_111170875_gettyimages-1205506178.jpg\" alt=\"Pasajeros m\u00e1scaras\" width=\"976\" height=\"549\" data-highest-encountered-width=\"624\" \/><figcaption class=\"wp-caption-text\"><span style=\"color: #008000;\">Los inversores prefieren refugiar sus capitales en el d\u00f3lar en la medida que el brote se propaga y aumentan los temores sobre el crecimiento econ\u00f3mico global.<\/span><\/figcaption><\/figure><br \/>\n<span class=\"image-and-copyright-container\"><span class=\"off-screen\">\u00a0<\/span><\/span><\/figure>\n<p><span style=\"font-size: 14pt;\">\u00abTodo depender\u00e1 de cu\u00e1ntos bloqueos de emergencia se impongan m\u00e1s all\u00e1 de marzo\u00bb.<\/span><\/p>\n<p><span style=\"font-size: 14pt;\">En el caso de Am\u00e9rica Latina, explica, estamos frente a un c\u00f3ctel preocupante.<\/span><\/p>\n<p><span style=\"font-size: 14pt;\">\u00abLa combinaci\u00f3n entre ca\u00edda del precio del petr\u00f3leo, desplome de las monedas y coronavirus, es definitivamente\u00a0<strong>negativa para el crecimiento<\/strong>\u00ab, apunta el economista.<\/span><\/p>\n<p style=\"text-align: justify;\"><span style=\"font-size: 14pt;\">Y los pa\u00edses que ya est\u00e1n en recesi\u00f3n (como\u00a0<strong>Argentina<\/strong>, por ejemplo) \u00abver\u00e1n una recesi\u00f3n m\u00e1s profunda\u00bb, mientras que los que est\u00e1n al borde de una, como es el caso de\u00a0<strong>M\u00e9xico<\/strong>,\u00a0<strong>\u00abse ver\u00e1n arrastrados a una recesi\u00f3n\u00bb<\/strong>.<\/span><\/p>\n<p style=\"text-align: justify;\"><span style=\"font-size: 14pt;\">Sobre c\u00f3mo se puede enfrentar la crisis en la regi\u00f3n, Casarin dice que la mayor\u00eda de los gobiernos pr\u00e1cticamente no tiene espacio para relajar la pol\u00edtica fiscal, es decir, bajar las tasas de inter\u00e9s, reduciendo el costo del cr\u00e9dito.<\/span><\/p>\n<h2 class=\"story-body__crosshead\" style=\"text-align: justify;\"><span style=\"font-size: 14pt;\">\u00abLo peor a\u00fan est\u00e1 por venir\u00bb<\/span><\/h2>\n<p style=\"text-align: justify;\"><span style=\"font-size: 14pt;\">Aunque las proyecciones var\u00edan, existe una especie de consenso entre los analistas financieros de que el panorama deber\u00eda mejorar en la segunda mitad del a\u00f1o.<\/span><\/p>\n<p style=\"text-align: justify;\"><span style=\"font-size: 14pt;\">Sin embargo, muchos advierten que el impacto econ\u00f3mico no ha tocado fondo, en la medida que el virus sigue\u00a0<strong>propag\u00e1ndose aceleradamente<\/strong>.<\/span><\/p>\n<p style=\"text-align: justify;\"><span style=\"font-size: 14pt;\">\u00abLo peor para la econom\u00eda a\u00fan est\u00e1 por venir en los pr\u00f3ximos meses\u00bb, escribi\u00f3 Joachim Fels en una nota a sus clientes, asesor econ\u00f3mico global de PIMCO (Pacific Investment Management Company), una firma que maneja fondos de inversi\u00f3n a gran escala.<\/span><\/p>\n<p>&nbsp;<\/p>\n<figure id=\"attachment_28369\" aria-describedby=\"caption-attachment-28369\" style=\"width: 624px\" class=\"wp-caption aligncenter\"><img loading=\"lazy\" decoding=\"async\" class=\"wp-image-28369 size-full\" src=\"https:\/\/puntocritico.com\/ausajpuntocritico\/wp-content\/uploads\/2020\/04\/111081956_cara2.jpg\" alt=\"\" width=\"624\" height=\"351\" data-id=\"28369\" srcset=\"https:\/\/puntocritico.com\/ausajpuntocritico\/wp-content\/uploads\/2020\/04\/111081956_cara2.jpg 624w, https:\/\/puntocritico.com\/ausajpuntocritico\/wp-content\/uploads\/2020\/04\/111081956_cara2-300x169.jpg 300w\" sizes=\"auto, (max-width: 624px) 100vw, 624px\" \/><figcaption id=\"caption-attachment-28369\" class=\"wp-caption-text\">\u00ab<span style=\"color: #008000;\">El coronavirus amenaza con paralizar el crecimiento global\u00bb, advirti\u00f3 Tom Orlik, economista jefe de Bloomberg Economics.<\/span><\/figcaption><\/figure>\n<p>&nbsp;<\/p>\n<p style=\"text-align: justify;\"><span style=\"font-size: 14pt;\">Mientras que Jan Hatzius, economista jefe del banco de inversi\u00f3n\u00a0<strong>Goldman Sachs<\/strong>, le inform\u00f3 a sus clientes que la duraci\u00f3n y la profundidad de la contracci\u00f3n econ\u00f3mica dependen de las medidas que tomen los gobiernos.<\/span><\/p>\n<p style=\"text-align: justify;\"><span style=\"font-size: 14pt;\">Habr\u00e1 que ver \u00absi las autoridades de salud pueden retrasar materialmente la propagaci\u00f3n del virus a trav\u00e9s de un aumento en las pruebas, restricciones en las reuniones masivas y cuarentenas de personas infectadas\u00bb.<\/span><\/p>\n<p style=\"text-align: justify;\"><span style=\"font-size: 14pt;\">Neil Shearing, economista jefe de la firma de an\u00e1lisis Capital Economics, advirti\u00f3 que si las condiciones empeoran, se aproxima una\u00a0<strong>\u00abrecesi\u00f3n aguda, pero probablemente corta<\/strong>\u00ab.<\/span><\/p>\n<p style=\"text-align: justify;\"><span style=\"font-size: 14pt;\">Y agreg\u00f3 que a medida que el virus se propaga, hay una buena posibilidad de que el escenario m\u00e1s negativo de las proyecciones econ\u00f3micas, se convierta en el m\u00e1s probable.<\/span><\/p>\n<p style=\"text-align: justify;\"><span style=\"font-size: 14pt;\">Organismos internacionales tambi\u00e9n han hecho proyecciones barajando distintos escenarios, seg\u00fan el ritmo de propagaci\u00f3n del virus.<\/span><\/p>\n<p style=\"text-align: justify;\"><span style=\"font-size: 14pt;\">En el peor de los casos, el crecimiento econ\u00f3mico mundial podr\u00eda\u00a0<strong>descender a la mitad\u00a0<\/strong>de lo que se hab\u00eda proyectado (bajando incluso hasta 1,5%), seg\u00fan la Organizaci\u00f3n para la Cooperaci\u00f3n y Desarrollo Econ\u00f3mico (OCDE).<\/span><\/p>\n<p style=\"text-align: justify;\"><span style=\"font-size: 14pt;\">Y la Conferencia de las Naciones Unidas para el Comercio y el Desarrollo (UNCTAD) esta semana alert\u00f3 que el costo de la crisis en el ingreso global podr\u00eda llegar a US$2 billones, y que la duraci\u00f3n y la profundidad de la crisis depender\u00e1n de tres cosas: cu\u00e1n lejos y cu\u00e1n r\u00e1pido se propagar\u00e1 el virus, cu\u00e1nto tiempo pasar\u00e1\u00a0<strong>antes de que se encuentre una vacuna<\/strong>\u00a0y qu\u00e9 tan efectivos ser\u00e1n los gobiernos para mitigar el da\u00f1o.<\/span><\/p>\n<p style=\"text-align: center;\"><span style=\"font-size: 14pt; color: #008000;\">\u2666\u2666\u2666\u2666\u2666<\/span><\/p>\n<p>&nbsp;<\/p>\n<h1 class=\"font_secondary color_gray_ultra_dark \" style=\"text-align: center;\"><a id=\"ref8\"><\/a><a href=\"#ref8a\">[8]<\/a> M\u00e1s de 40 millones de tel\u00e9fonos m\u00f3viles ser\u00e1n usados para rastrear el coronavirus en toda Espa\u00f1a<\/h1>\n<p class=\"font_secondary color_gray_dark \" style=\"text-align: center;\"><em><span style=\"font-size: 18pt;\">Telef\u00f3nica, Orange y Vodafone aportar\u00e1n los datos de los usuarios aunque de forma an\u00f3nima y agregada y no servir\u00e1n para uso policial<\/span><\/em><\/p>\n<p>Por Ram\u00f3n Mu\u00f1oz\u00a0<\/p>\n<p>02\/04\/2020<\/p>\n<p><a href=\"https:\/\/elpais.com\/economia\/2020-04-01\/mas-de-40-millones-de-telefonos-moviles-seran-usados-para-rastrear-el-coronavirus.html?rel=lom\" target=\"_blank\" rel=\"noopener noreferrer\">EL PAIS\u00a0<\/a><\/p>\n<p>&nbsp;<\/p>\n<figure id=\"attachment_28323\" aria-describedby=\"caption-attachment-28323\" style=\"width: 678px\" class=\"wp-caption aligncenter\"><img loading=\"lazy\" decoding=\"async\" class=\"wp-image-28323 size-mh-magazine-content\" src=\"https:\/\/puntocritico.com\/ausajpuntocritico\/wp-content\/uploads\/2020\/04\/MUJER-CON-MASCARILLA-REUTERS-678x381.jpg\" alt=\"\" width=\"678\" height=\"381\" data-id=\"28323\" \/><figcaption id=\"caption-attachment-28323\" class=\"wp-caption-text\"><span style=\"color: #008000;\">Una mujer con una m\u00e1scara revisa su tel\u00e9fono m\u00f3vil.ALY SONG \/ REUTERS<\/span><\/figcaption><\/figure>\n<p>&nbsp;<\/p>\n<p class=\"\" style=\"text-align: justify;\"><span style=\"font-size: 14pt;\">M\u00e1s de 40 millones de tel\u00e9fonos m\u00f3viles de toda Espa\u00f1a ser\u00e1n rastreados en un estudio de movilidad an\u00f3nimo,\u00a0<a href=\"https:\/\/elpais.com\/sociedad\/2020-03-31\/la-ue-rastrea-los-moviles-para-combatir-la-epidemia.html\" data-link-track-dtm=\"\" target=\"_blank\" rel=\"noopener\">que permitir\u00e1 conocer los movimientos de poblaci\u00f3n entre territorios y contribuir\u00e1 a la toma de decisiones para hacer frente al coronavirus<\/a>, seg\u00fan inform\u00f3 la Secretar\u00eda de Estado de Digitalizaci\u00f3n e Inteligencia Artificial en un comunicado.<\/span><\/p>\n<div id=\"elpais_gpt-INTEXT\" style=\"text-align: justify;\" data-google-query-id=\"CJnov4zBzugCFdWKdwodRgENmA\">\n<div id=\"google_ads_iframe_7811748\/elpais_finanzas_economia_web\/intext_0__container__\"><span style=\"font-size: 14pt;\">El estudio, que se realizar\u00e1 en colaboraci\u00f3n con el Instituto Nacional de Estad\u00edstica (INE), se denomina DataCOVID y con \u00e9l se analizar\u00e1n datos \u201can\u00f3nimos y agregados\u201d de desplazamientos de la poblaci\u00f3n mientras dure la emergencia sanitaria por el coronavirus, y durante el tiempo necesario hasta que se restablezca la normalidad. El objetivo del estudio es contribuir as\u00ed a \u201cuna toma de decisiones m\u00e1s eficiente basada en los datos\u201d. El informe no aportar\u00e1 datos personales y no se podr\u00e1 usar para usos policiales de vigilancia durante el confinamiento, se\u00f1alaron fuentes de los operadores.<\/span><\/div>\n<\/div>\n<p class=\"\" style=\"text-align: justify;\"><span style=\"font-size: 14pt;\">El estudio cubrir\u00e1 todo el territorio nacional, dividiendo Espa\u00f1a en unas 3.200 \u00e1reas de movilidad, que identifican agrupaciones de poblaci\u00f3n de entre 5.000 y 50.000 habitantes. Los datos de posici\u00f3n analizados permitir\u00e1n tener una muestra m\u00e1s de 40 millones de tel\u00e9fonos m\u00f3viles en toda Espa\u00f1a.<\/span><\/p>\n<p class=\"\" style=\"text-align: justify;\"><span style=\"font-size: 14pt;\">El responsable del tratamiento de estos datos ser\u00e1 el Instituto Nacional de Estad\u00edstica (INE), con el que las operadoras de telecomunicaciones ya colaboraron el a\u00f1o pasado en la elaboraci\u00f3n de un estudio sobre movilidad a partir de datos obtenidos de los tel\u00e9fonos m\u00f3viles.<\/span><\/p>\n<p class=\"\" style=\"text-align: justify;\"><span style=\"font-size: 14pt;\">Las tres principales operadores de telecomunicaciones del pa\u00eds, Telef\u00f3nica, Orange y Vodafone, ya confirmaron su participaci\u00f3n en el desarrollo de un programa piloto en la Comunidad Valenciana, tras lo cual ya se han comenzado a recopilar los datos agregados y anonimizados aportados para el estudio por algunas de esas compa\u00f1\u00edas como Telef\u00f3nica.<\/span><\/p>\n<p class=\"\" style=\"text-align: justify;\"><span style=\"font-size: 14pt;\">\u00abEl objetivo es analizar el efecto de las medidas sobre la movilidad de la poblaci\u00f3n, identificando si aumentan o disminuyen los desplazamientos entre territorios o si hay zonas en las que hay una mayor concentraci\u00f3n de poblaci\u00f3n, para contribuir a una mejor toma de decisiones en la gesti\u00f3n de la emergencia sanitaria\u00bb, explica la Secretar\u00eda de Estado, adscrita al Ministerio de Asuntos Econ\u00f3micos y Transformaci\u00f3n Digital,.<\/span><\/p>\n<p class=\"\" style=\"text-align: justify;\"><span style=\"font-size: 14pt;\">Por ejemplo, con DataCOVID se podr\u00e1 conocer si tras la entrada en vigor de las medidas de distanciamiento social aumentan o disminuyen los movimientos de la poblaci\u00f3n entre territorios, si hay \u00e1reas con una mayor aglomeraci\u00f3n o afluencia o si hay zonas con una alta concentraci\u00f3n de poblaci\u00f3n en relaci\u00f3n a su capacidad sanitaria.<\/span><\/p>\n<p class=\"\" style=\"text-align: justify;\"><span style=\"font-size: 14pt;\">En este sentido, DataCOVID utiliza las posibilidades que ofrece el\u00a0<i>big data<\/i>\u00a0para analizar grandes cantidades de informaci\u00f3n y extraer conclusiones \u00fatiles, \u201cganando as\u00ed en eficiencia para una toma de decisiones basada en la evidencia, m\u00e1s coordinada y adaptada a cada territorio\u201d.<\/span><\/p>\n<h3 class=\"font_secondary color_gray_ultra_dark\" style=\"text-align: justify;\"><span style=\"font-size: 14pt;\">Sin movimientos individuales<\/span><\/h3>\n<p class=\"\" style=\"text-align: justify;\"><span style=\"font-size: 14pt;\">Asimismo, el Gobierno incide en que el estudio \u00abno rastrea movimientos individuales\u00bb, sino que emplea datos de posicionamiento de los dispositivos m\u00f3viles, an\u00f3nimos y agregados, proporcionados directamente por los operadores y eliminando cualquier informaci\u00f3n personal, sin identificar ni realizar seguimientos de n\u00fameros de tel\u00e9fono o titulares de forma individual.<\/span><\/p>\n<p class=\"\" style=\"text-align: justify;\"><span style=\"font-size: 14pt;\">As\u00ed, asegura que, al no emplear datos personales y usar solo datos an\u00f3nimos y agregados, este estudio no entra en conflicto con el Reglamento General de Protecci\u00f3n de Datos (RGPD) o la Ley Org\u00e1nica 3\/2018 de Protecci\u00f3n de Datos Personales y Garant\u00eda de los Derechos Digitales, y sigue las directrices marcadas por la Agencia Espa\u00f1ola de Protecci\u00f3n de Datos. Adem\u00e1s, recuerda que la normativa sanitaria vigente ampara a las autoridades competentes a \u201cusar datos con fines de investigaci\u00f3n en situaciones excepcionales y de gravedad para la salud p\u00fablica como la actual\u201d.<\/span><\/p>\n<p class=\"\" style=\"text-align: justify;\"><span style=\"font-size: 14pt;\">Con este proyecto Espa\u00f1a sigue la senda de otros pa\u00edses como China, Corea del Sur, Italia, Alemania o Austria, que en las \u00faltimas semanas han puesto en marcha distintas iniciativas para analizar los movimientos de poblaci\u00f3n a partir de datos obtenidos de los tel\u00e9fonos m\u00f3viles de los ciudadanos.<\/span><\/p>\n<p class=\"\" style=\"text-align: justify;\"><span style=\"font-size: 14pt;\">Los operadores de telecomunicaciones con presencia en Espa\u00f1a ya ofrecieron al inicio de la crisis por el Covid-19 su colaboraci\u00f3n al Gobierno para ayudar a contener la expansi\u00f3n del brote de coronavirus con sus herramientas de\u00a0<i>big data<\/i>\u00a0y de gesti\u00f3n de datos agregados y anonimizados y otras capacidades tecnol\u00f3gicas, respetando en todo momento la legislaci\u00f3n de protecci\u00f3n de datos.<\/span><\/p>\n<p style=\"text-align: center;\"><span style=\"font-size: 14pt; color: #008000;\">\u2666\u2666\u2666\u2666\u2666<\/span><\/p>\n<p>&nbsp;<\/p>\n<p><img loading=\"lazy\" decoding=\"async\" class=\"aligncenter wp-image-28381 size-full\" src=\"https:\/\/puntocritico.com\/ausajpuntocritico\/wp-content\/uploads\/2020\/04\/Los-peligrosos-Comunistas-Neoliberales.jpg\" alt=\"\" width=\"458\" height=\"512\" data-id=\"28381\" srcset=\"https:\/\/puntocritico.com\/ausajpuntocritico\/wp-content\/uploads\/2020\/04\/Los-peligrosos-Comunistas-Neoliberales.jpg 458w, https:\/\/puntocritico.com\/ausajpuntocritico\/wp-content\/uploads\/2020\/04\/Los-peligrosos-Comunistas-Neoliberales-268x300.jpg 268w\" sizes=\"auto, (max-width: 458px) 100vw, 458px\" \/><\/p>\n<p style=\"text-align: center;\"><span style=\"font-size: 14pt; color: #008000;\">\u2666\u2666\u2666\u2666\u2666<\/span><\/p>\n<h1 class=\"font_secondary color_gray_ultra_dark \" style=\"text-align: center;\"><a id=\"ref9\"><\/a><a href=\"#ref9a\">[9]<\/a> Sanidad podr\u00e1 comprobar mediante su aplicaci\u00f3n m\u00f3vil si un ciudadano est\u00e1 donde declara estar<\/h1>\n<p class=\"font_secondary color_gray_dark \" style=\"text-align: center;\"><span style=\"font-size: 18pt;\"><em>El Gobierno aprueba una norma que le permite la geolocalizaci\u00f3n por el m\u00f3vil de todos los ciudadanos<\/em><\/span><\/p>\n<p>Por Ram\u00f3n Mu\u00f1oz\u00a0<\/p>\n<p>06\/04\/2020<\/p>\n<p><a href=\"https:\/\/elpais.com\/economia\/2020-04-05\/sanidad-podra-comprobar-mediante-su-aplicacion-movil-si-un-ciudadano-esta-donde-declara-estar.html\" target=\"_blank\" rel=\"noopener noreferrer\">EL PAIS\u00a0<\/a><\/p>\n<p>&nbsp;<\/p>\n<figure id=\"attachment_28371\" aria-describedby=\"caption-attachment-28371\" style=\"width: 678px\" class=\"wp-caption aligncenter\"><img loading=\"lazy\" decoding=\"async\" class=\"wp-image-28371 size-mh-magazine-content\" src=\"https:\/\/puntocritico.com\/ausajpuntocritico\/wp-content\/uploads\/2020\/04\/imagen-9-678x381.jpg\" alt=\"\" width=\"678\" height=\"381\" data-id=\"28371\" \/><figcaption id=\"caption-attachment-28371\" class=\"wp-caption-text\"><span style=\"color: #008000;\">Un hombre con un equipo de protecci\u00f3n contra la Covid-19 usa un tel\u00e9fono m\u00f3vil.ALY SONG \/ REUTERS<\/span><\/figcaption><\/figure>\n<p>&nbsp;<\/p>\n<p class=\"\" style=\"text-align: justify;\"><span style=\"font-size: 14pt;\">El Gobierno ha dado un paso m\u00e1s en su lucha contra la expansi\u00f3n del coronavirus aunque bordeando la frontera de los derechos fundamentales. La Secretar\u00eda de Estado de Digitalizaci\u00f3n e Inteligencia Artificial, dependiente del Ministerio de Asuntos Econ\u00f3micos que dirige Nadia Calvi\u00f1o, ha aprobado una norma para autorizar el desarrollo de una aplicaci\u00f3n para el tel\u00e9fono m\u00f3vil que permita a las autoridades sanitarias la geolocalizaci\u00f3n de todos los ciudadanos a los \u201cefectos de verificar que se encuentra en la comunidad aut\u00f3noma en que declara estar\u201d.<\/span><\/p>\n<div id=\"elpais_gpt-INTEXT\" style=\"text-align: justify;\" data-google-query-id=\"CIOJrdvF0ugCFYbY3godf9IBIA\">\n<div id=\"google_ads_iframe_7811748\/elpais_finanzas_economia_web\/intext_0__container__\"><span style=\"font-size: 14pt;\">As\u00ed consta en una orden ministerial publicada el pasado 28 de marzo en el Bolet\u00edn Oficial del Estado (BOE) en el que se atribuye al Ministerio de Sanidad una serie de prerrogativas para poder controlar mejor la expansi\u00f3n de la Covid-19.<\/span><\/div>\n<div>\u00a0<\/div>\n<\/div>\n<div id=\"wmass~4379750001244247\" style=\"text-align: justify;\">\n<div id=\"jw-4424744247\"><span style=\"font-size: 14pt;\">Entre esos poderes est\u00e1 el del \u201cdesarrollo urgente\u201d y la \u201coperaci\u00f3n de una aplicaci\u00f3n inform\u00e1tica para el apoyo en la gesti\u00f3n de la crisis sanitaria ocasionada por la Covid-19, que permita, al menos, realizar al usuario la autoevaluaci\u00f3n en base a los s\u00edntomas m\u00e9dicos que comunique, acerca de la probabilidad de que est\u00e9 infectado, ofrecer informaci\u00f3n al usuario sobre el virus y proporcionarle consejos pr\u00e1cticos y recomendaciones de acciones a seguir seg\u00fan la evaluaci\u00f3n\u201d.<\/span><\/div>\n<\/div>\n<p class=\"\" style=\"text-align: justify;\"><span style=\"font-size: 14pt;\">No obstante, la norma detalla, y ah\u00ed radica la novedad, que \u201cla aplicaci\u00f3n permitir\u00e1 la geolocalizaci\u00f3n del usuario a los solos efectos de verificar que se encuentra en la comunidad aut\u00f3noma en que declara estar\u201d, y que la misma \u201cpuede incluir dentro de sus contenidos enlaces con portales gestionados por terceros con el objeto de facilitar el acceso a informaci\u00f3n y servicios disponibles a trav\u00e9s de Internet\u201d.<\/span><\/p>\n<p class=\"\" style=\"text-align: justify;\"><span style=\"font-size: 14pt;\">Bajo esta redacci\u00f3n, se abre la puerta a que Sanidad enviara mensajes (v\u00eda\u00a0<i>whatsapp<\/i>) individualizados a los ciudadanos cuando detecte que est\u00e1n viajando entre distintas comunidades aut\u00f3nomas. Se pretender\u00eda, por ejemplo, controlar movimientos de fin de semana o a segundas residencias.<\/span><\/p>\n<p class=\"\" style=\"text-align: justify;\"><span style=\"font-size: 14pt;\">El 1 de abril, el Ministerio de Econom\u00eda inform\u00f3 a trav\u00e9s de un comunicado que iba\u00a0<a href=\"https:\/\/elpais.com\/economia\/2020-04-01\/mas-de-40-millones-de-telefonos-moviles-seran-usados-para-rastrear-el-coronavirus.html\" data-link-track-dtm=\"\" target=\"_blank\" rel=\"noopener\">a realizar un estudio, denominado DataCOVID, en colaboraci\u00f3n de los operadores de telefon\u00eda (Telef\u00f3nica, Vodafone y Orange)<\/a>\u00a0para rastrear 40 millones de tel\u00e9fonos m\u00f3viles de toda Espa\u00f1a con el fin de conocer los movimientos de poblaci\u00f3n entre territorios y contribuir a la toma de decisiones para hacer frente al coronavirus. Tambi\u00e9n\u00a0<a href=\"https:\/\/elpais.com\/sociedad\/2020-03-31\/la-ue-rastrea-los-moviles-para-combatir-la-epidemia.html?rel=mas\" data-link-track-dtm=\"\" target=\"_blank\" rel=\"noopener\">el Ministerio de Sanidad ha venido informando del desarrollo de una\u00a0<i>app\u00a0<\/i>para m\u00f3vil con el fin de dar consejos para evitar los contagios.<\/a><\/span><\/p>\n<h3 class=\"font_secondary color_gray_ultra_dark\" style=\"text-align: justify;\"><span style=\"font-size: 14pt;\">Derecho de protecci\u00f3n de datos individuales<\/span><\/h3>\n<p class=\"\" style=\"text-align: justify;\"><span style=\"font-size: 14pt;\">No obstante, ninguno de los dos departamentos ha hecho referencia alguna a que la\u00a0<i>app\u00a0<\/i>m\u00f3vil pudiera controlar la veracidad de los datos de ubicaci\u00f3n de los ciudadanos durante el confinamiento, una prerrogativa que puede chocar con la Ley de Protecci\u00f3n de Datos.<\/span><\/p>\n<p class=\"\" style=\"text-align: justify;\"><span style=\"font-size: 14pt;\">Para evitar esta colisi\u00f3n legal, la norma publicada en el BOE indica que la aplicaci\u00f3n no constituir\u00e1, en ning\u00fan caso, \u201cun servicio de diagn\u00f3stico m\u00e9dico, de atenci\u00f3n de urgencias o de prescripci\u00f3n de tratamientos farmacol\u00f3gicos\u201d, ni \u201csustituir\u00e1 en ning\u00fan caso la consulta con un profesional m\u00e9dico debidamente cualificado\u201d.<\/span><\/p>\n<p class=\"\" style=\"text-align: justify;\"><span style=\"font-size: 14pt;\">El tratamiento de los datos se encomienda al Ministerio de Sanidad aunque el encargado del tratamiento y titular de la aplicaci\u00f3n m\u00f3vil ser\u00e1 el de Econom\u00eda, a trav\u00e9s de la Secretar\u00eda General de Administraci\u00f3n Digital.<\/span><\/p>\n<p class=\"\" style=\"text-align: justify;\"><span style=\"font-size: 14pt;\">Asimismo, se encomienda a esta Secretar\u00eda de Estado el desarrollo de un asistente conversacional para ser utilizado v\u00eda whatsapp y otras aplicaciones de mensajer\u00eda instant\u00e1nea, con el fin de proporcionar informaci\u00f3n oficial ante las preguntas de la ciudadan\u00eda.<\/span><\/p>\n<p class=\"\" style=\"text-align: justify;\"><span style=\"font-size: 14pt;\">La aplicaci\u00f3n puede incluir dentro de sus contenidos enlaces con portales gestionados por terceros con el objeto de facilitar el acceso a informaci\u00f3n y servicios disponibles a trav\u00e9s de Internet. Tambi\u00e9n se habilita el desarrollo de una web informativa con los recursos tecnol\u00f3gicos disponibles.<\/span><\/p>\n<p class=\"\" style=\"text-align: justify;\"><span style=\"font-size: 14pt;\">La orden ministerial se cura en salud y se\u00f1ala que lo dispuesto en la misma se entiende sin perjuicio de la aplicaci\u00f3n de las normas comunitarias relativas a la protecci\u00f3n de las personas f\u00edsicas en lo que respecta al tratamiento de datos personales y a la libre circulaci\u00f3n de estos datos y a la Ley Org\u00e1nica de Protecci\u00f3n de Datos Personales espa\u00f1ola de 2018 y los criterios interpretativos dados por la Agencia Espa\u00f1ola de Protecci\u00f3n de Datos.<\/span><\/p>\n<h3 class=\"font_secondary color_gray_ultra_dark\" style=\"text-align: justify;\"><span style=\"font-size: 14pt;\">Estudio de movilidad<\/span><\/h3>\n<p class=\"\" style=\"text-align: justify;\"><span style=\"font-size: 14pt;\">Paralelamente a la\u00a0<i>app<\/i>\u00a0del Ministerio de Sanidad, Econom\u00eda va a desarrollar el estudio DataCOVID, en colaboraci\u00f3n con el Instituto Nacional de Estad\u00edstica (INE), en el que se analizar\u00e1n datos \u201can\u00f3nimos y agregados\u201d de desplazamientos de la poblaci\u00f3n mientras dure la emergencia sanitaria por el coronavirus, y durante el tiempo necesario hasta que se restablezca la normalidad. El objetivo del estudio es contribuir as\u00ed a \u201cuna toma de decisiones m\u00e1s eficiente basada en los datos\u201d. El informe no aportar\u00e1 datos personales y no se podr\u00e1 usar para usos policiales de vigilancia durante el confinamiento, se\u00f1alaron fuentes de los operadores.<\/span><\/p>\n<p class=\"\" style=\"text-align: justify;\"><span style=\"font-size: 14pt;\">El estudio cubrir\u00e1 todo el territorio nacional, dividiendo Espa\u00f1a en unas 3.200 \u00e1reas de movilidad, que identifican agrupaciones de poblaci\u00f3n de entre 5.000 y 50.000 habitantes. Los datos de posici\u00f3n analizados permitir\u00e1n tener una muestra m\u00e1s de 40 millones de tel\u00e9fonos m\u00f3viles en toda Espa\u00f1a.<\/span><\/p>\n<p class=\"\" style=\"text-align: justify;\"><span style=\"font-size: 14pt;\">El responsable del tratamiento de estos datos ser\u00e1 el Instituto Nacional de Estad\u00edstica (INE), con el que las operadoras de telecomunicaciones ya colaboraron el a\u00f1o pasado en la elaboraci\u00f3n de un estudio sobre movilidad a partir de datos obtenidos de los tel\u00e9fonos m\u00f3viles.<\/span><\/p>\n<p style=\"text-align: center;\"><span style=\"font-size: 14pt; color: #008000;\">\u2666\u2666\u2666\u2666\u2666<\/span><\/p>\n<p>&nbsp;<\/p>\n<p><iframe loading=\"lazy\" src=\"\/\/player.vimeo.com\/video\/404408723?title=0&amp;amp;byline=0\" width=\"640\" height=\"361\" frameborder=\"0\" allowfullscreen=\"allowfullscreen\"><\/iframe><\/p>\n<h1 style=\"text-align: center;\"><span style=\"font-size: 12pt;\"><span style=\"color: #008000;\"><a id=\"ref10\"><\/a><a href=\"#ref10a\">[10]\u00a0<\/a> Dura intervenci\u00f3n de la Guardia Civil de Valdemoro a un vecino por saltarse la cuarentena<\/span><\/span><\/h1>\n<p style=\"text-align: center;\"><span style=\"font-size: 14pt; color: #008000;\">\u2666<\/span><span style=\"font-size: 14pt;\">\u2666<\/span><span style=\"font-size: 14pt; color: #008000;\">\u2666<\/span><span style=\"font-size: 14pt;\">\u2666<\/span><span style=\"font-size: 14pt; color: #008000;\">\u2666<\/span><\/p>\n<div class=\"article-header-title col-12\">\n<p>&nbsp;<\/p>\n<h1 id=\"m210-209-211\" class=\"col-12\" style=\"text-align: center;\"><a id=\"ref11\"><\/a><a href=\"#ref11a\">[11]<\/a> Aumentan los abusos policiales al calor del estado de alarma<\/h1>\n<\/div>\n<div class=\"article-header-epigraph col-12\">\n<p id=\"m69-68-70\" style=\"text-align: center;\"><em><span style=\"font-size: 18pt;\">Organizaciones sociales y grupos antirracistas advierten sobre el incremento de las denuncias de agresiones por parte de los agentes. \u00abLlegan denuncias todos los d\u00edas\u00bb, afirman en SOS Racismo.<\/span><\/em><\/p>\n<p>Por Danilo Albin\u00a0<\/p>\n<p>01\/04\/2020<\/p>\n<p><a href=\"https:\/\/www.publico.es\/sociedad\/aumentan-abusos-policiales-calor-alarma.html\" target=\"_blank\" rel=\"noopener noreferrer\">PUBLICO\u00a0<\/a><\/p>\n<\/div>\n<figure id=\"attachment_28372\" aria-describedby=\"caption-attachment-28372\" style=\"width: 678px\" class=\"wp-caption aligncenter\"><img loading=\"lazy\" decoding=\"async\" class=\"wp-image-28372 size-mh-magazine-content\" src=\"https:\/\/puntocritico.com\/ausajpuntocritico\/wp-content\/uploads\/2020\/04\/captura-agresi\u00f3n-en-Castellar-del-Vall\u00e9s-678x381.jpeg\" alt=\"\" width=\"678\" height=\"381\" data-id=\"28372\" \/><figcaption id=\"caption-attachment-28372\" class=\"wp-caption-text\"><span style=\"color: #008000;\">Captura de pantalla del video sobre la agresi\u00f3n policial registrada en Castellar del Vall\u00e8s. <\/span><\/figcaption><\/figure>\n<p id=\"m104-103-105\" class=\"pb-article-item-iteration\" style=\"text-align: justify;\"><span style=\"font-size: 14pt;\">Desde los balcones no solo se ven calles vac\u00edas. Tambi\u00e9n es posible escuchar insultos, presenciar agresiones y fotografiar detenciones. En\u00a0<b>pleno estado de alarma<\/b>, se acumulan las denuncias sociales\u00a0<a title=\"El estado de alarma dispara las denuncias de racismo policial en varias ciudades\" href=\"https:\/\/www.publico.es\/sociedad\/alarma-dispara-denuncias-racismo-policial-ciudades.html\" target=\"_blank\" rel=\"noopener noreferrer\">sobre la violencia aplicada<\/a>\u00a0por distintos cuerpos policiales en sus actuaciones. Es, a d\u00eda de hoy, la otra cara de la emergencia del coronavirus.<\/span><\/p>\n<p id=\"m109-1-110\" class=\"pb-article-item-iteration\" style=\"text-align: justify;\"><span style=\"font-size: 14pt;\">En un piso de Barakaldo (Bizkaia) lo acaban de comprobar sin necesidad de mirar al balc\u00f3n. En esta ocasi\u00f3n, la violencia se registr\u00f3 desde dentro del hogar, con polic\u00edas locales como protagonistas. \u00abEn este v\u00eddeo de denuncia que nos han enviado, la\u00a0<b>Polic\u00eda Municipal de Barakaldo<\/b>\u00a0no solamente entra en la casa de una familia gitana sino que adem\u00e1s agrede impunemente a sus moradoras\u00bb, destaca\u00a0<b>SOS Racismo Bizkaia<\/b>.<\/span><\/p>\n<p id=\"m114-2-115\" class=\"pb-article-item-iteration\" style=\"text-align: justify;\"><span style=\"font-size: 14pt;\">Justo al final de la grabaci\u00f3n, entre gritos, se escucha un insulto de uno de los agentes, que entra por la fuerza a la vivienda y va directamente contra una de las mujeres que se encontraba dentro. \u00abLa polic\u00eda\u00a0<b>no puede entrar en un domicilio<\/b>\u00a0sin orden judicial. Este es, de nuevo, un caso de abuso policial cometido hacia personas gitanas, un colectivo al que no se le reconocen los mismos derechos que\u00a0<b>al resto de la ciudadan\u00eda<\/b>, ni antes, ni despu\u00e9s del coronavirus\u00bb, subraya la organizaci\u00f3n antirracista.<\/span><\/p>\n<p>&nbsp;<\/p>\n<p><a href=\"https:\/\/www.facebook.com\/watch\/?v=514239269267337\" target=\"_blank\" rel=\"noopener noreferrer\"><img loading=\"lazy\" decoding=\"async\" class=\"aligncenter wp-image-28373 size-full\" src=\"https:\/\/puntocritico.com\/ausajpuntocritico\/wp-content\/uploads\/2020\/04\/SOS-RACISMO.jpg\" alt=\"\" width=\"392\" height=\"584\" data-id=\"28373\" srcset=\"https:\/\/puntocritico.com\/ausajpuntocritico\/wp-content\/uploads\/2020\/04\/SOS-RACISMO.jpg 392w, https:\/\/puntocritico.com\/ausajpuntocritico\/wp-content\/uploads\/2020\/04\/SOS-RACISMO-201x300.jpg 201w\" sizes=\"auto, (max-width: 392px) 100vw, 392px\" \/><\/a><\/p>\n<p>&nbsp;<\/p>\n<p id=\"m130-4-131\" class=\"pb-article-item-iteration\" style=\"text-align: justify;\"><span style=\"font-size: 14pt;\">Este hecho se ha registrado apenas unos d\u00edas despu\u00e9s del episodio vivido (y grabado) en el barrio\u00a0<a title=\"La Ertzaintza golpea y detiene a una madre y a su hijo enfermo en otro ejemplo de abuso policial\" href=\"https:\/\/www.publico.es\/politica\/ertzaintza-golpea-detiene-madre-hijo-enfermo-ejemplo-abuso-policial.html\" target=\"_blank\" rel=\"noopener noreferrer\">San Francisco de Bilbao<\/a>, donde agentes de la Ertzaintza\u00a0<b>golpearon y arrestaron a un joven<\/b>\u00a0enfermo y a su madre, que implor\u00f3 que le dejaran. Este caso ha sido trasladado por la direcci\u00f3n de la Ertzaintza al \u00e1rea de Asuntos Internos.<\/span><\/p>\n<p id=\"m135-5-136\" class=\"pb-article-item-iteration\" style=\"text-align: justify;\"><span style=\"font-size: 14pt;\">En las \u00faltimas horas,\u00a0<a title=\"El detenido en San Francisco escupi\u00f3 al ertzaina y dijo que ten\u00eda coronavirus, seg\u00fan el atestado\" href=\"https:\/\/www.elcorreo.com\/bizkaia\/sindicato-erne-pide-20200330181307-nt.html\" target=\"_blank\" rel=\"noopener noreferrer\">el diario El Correo\u00a0<\/a>ha filtrado parte del atestado policial, en el que los agentes aseguran que el joven les escupi\u00f3 al grito de que ten\u00eda coronavirus, y que la madre les intent\u00f3 agredir. La versi\u00f3n policial asegura adem\u00e1s que uno de los agentes result\u00f3 lesionado\u00a0<b>\u00aben un ojo y en un hombro\u00bb<\/b>\u00a0por un \u00abcompuesto qu\u00edmico que les arrojaron desde las ventanas\u00bb.<\/span><\/p>\n<p id=\"m140-6-141\" class=\"pb-article-item-iteration\" style=\"text-align: justify;\"><span style=\"font-size: 14pt;\">Sobre este mismo caso, varias asociaciones que trabajan en el\u00a0<b>\u00e1mbito de la salud mental<\/b>\u00a0\u2013entre las que se encuentran Zoroa de Euskadi, GAM de Valencia u Orgullo Loco Madrid\u2013 han dado a conocer un manifiesto en el que critican lo ocurrido en Bilbao y rechazan \u00abcualquier intervenci\u00f3n policial que utilice la violencia racista y machista como recurso\u00a0<b>para garantizar restricciones\u00a0<\/b>en el espacio p\u00fablico y que al mismo tiempo no reconozca nuestra diversidad ps\u00edquica\u00bb.<\/span><\/p>\n<div class=\"relacionadas\" style=\"text-align: justify;\">\n<div class=\"related-module related-news-between-text\">\n<div class=\"related\">\n<div class=\"item-related-news-between-text\">\n<div class=\"img\">\u00a0<\/div>\n<div class=\"text\">\n<div class=\"title\"><span style=\"font-size: 18pt;\"><strong>\u00abVa en aumento\u00bb<\/strong><\/span><\/div>\n<\/div>\n<\/div>\n<\/div>\n<\/div>\n<\/div>\n<p id=\"m150-8-151\" class=\"pb-article-item-iteration\" style=\"text-align: justify;\"><span style=\"font-size: 14pt;\">Este caso ha tenido repercusi\u00f3n a nivel del Estado, donde afloran tambi\u00e9n las denuncias sobre casos de abuso policial al calor de la emergencia del coronavirus. \u00abLlegan\u00a0<b>denuncias todos los d\u00edas<\/b>\u00a0de todos los puntos de Espa\u00f1a sobre violencia policial. Va en aumento, muy en aumento\u00bb, se\u00f1alan a\u00a0<b><i>P\u00fablico<\/i><\/b>\u00a0desde Es Racismo, la iniciativa\u00a0<b>promovida por SOS Racismo<\/b>\u00a0para recoger denuncias.<\/span><\/p>\n<p id=\"m155-9-156\" class=\"pb-article-item-iteration\" style=\"text-align: justify;\"><span style=\"font-size: 14pt;\">\u00abEstamos percibiendo un aumento, sobre todo por la v\u00eda comunicativa\u00bb, coincide en se\u00f1alar\u00a0<b>Kaire Ba<\/b>, integrante de SOS Racisme en Catalunya. En tal sentido, indica que en los \u00faltimos d\u00edas han llegado\u00a0<b>distintos materiales audiovisuales<\/b>\u00a0en los que se registran casos de abusos por parte de agentes.<\/span><\/p>\n<p id=\"m160-10-161\" class=\"pb-article-item-iteration\" style=\"text-align: justify;\"><span style=\"font-size: 14pt;\">En el Servicio de Atenci\u00f3n y Denuncias de esta organizaci\u00f3n en Barcelona ya\u00a0<b>han recibido denuncias concretas<\/b>, al tiempo que resulta especialmente intenso el \u00abboom de denuncias a trav\u00e9s de las redes sociales\u00bb, apunta Ba. Muchas de esas denuncias, a\u00f1ade, tienen relaci\u00f3n con\u00a0<b>actuaciones de la Guardia Urbana<\/b>\u00a0de Barcelona.<\/span><\/p>\n<div class=\"relacionadas\" style=\"text-align: justify;\">\n<div class=\"related-module related-news-between-text\">\n<div class=\"related\">\n<div class=\"item-related-news-between-text\">\n<div class=\"img\"><span style=\"font-size: 14pt;\">\u00abEl racismo policial habitual se hace m\u00e1s impune: cualquier identificaci\u00f3n racista <b>puede conducir a una agresi\u00f3n<\/b>\u00ab, subraya SOS Racismo en uno de sus \u00faltimos mensajes sobre este tema, que ha dado lugar a una campa\u00f1a de denuncia en las redes.<\/span><\/div>\n<\/div>\n<\/div>\n<\/div>\n<\/div>\n<h2 id=\"m170-12-171\" class=\"highlighted\" style=\"text-align: justify;\"><span style=\"font-size: 18pt;\">Costureros identificados<\/span><\/h2>\n<p id=\"m175-13-176\" class=\"pb-article-item-iteration\" style=\"text-align: justify;\"><span style=\"font-size: 14pt;\">En ese contexto, el\u00a0<a title=\"Los manteros de Barcelona crean un sindicato para combatir el racismo y la persecuci\u00f3n que sufren\" href=\"https:\/\/www.publico.es\/sociedad\/manteros-barcelona-crean-sindicato-combatir.html\" target=\"_blank\" rel=\"noopener noreferrer\">Sindicato Mantero de Barcelona<\/a>\u00a0denunci\u00f3 que la Guardia Urbana ha\u00a0<b>\u00a0identificado a dos integrantes<\/b>\u00a0del equipo de costureros que estos d\u00edas\u00a0<b>prepara mascarillas y batas<\/b>\u00a0para los hospitales catalanes. \u00abCuando sal\u00edan del taller de producci\u00f3n la Guardia Urbana les ha parado para preguntar d\u00f3nde iban. Han explicado que son costureros y que est\u00e1n trabajando en la\u00a0<b>producci\u00f3n de material sanitario<\/b>\u00ab, relata el sindicato.<\/span><\/p>\n<p id=\"m180-14-181\" class=\"pb-article-item-iteration\" style=\"text-align: justify;\"><span style=\"font-size: 14pt;\">Sin embargo, los agentes,\u00a0<b>\u00abcon menosprecio\u00bb<\/b>, les pidieron la identificaci\u00f3n personal. Al comprobaron que no ten\u00edan el documento de identidad de extranjeros \u00ables han dicho que no pueden volver al taller a coser material sanitario\u00bb, se\u00f1ala.<\/span><\/p>\n<div class=\"relacionadas\" style=\"text-align: justify;\">\n<div class=\"related-module related-news-between-text\">\n<div class=\"related\">\n<div class=\"item-related-news-between-text\">\n<div class=\"img\">\u00a0<\/div>\n<div class=\"text\">\n<div class=\"title\"><span style=\"font-size: 14pt;\">El sindicato de Manteros denunci\u00f3 este \u00abacto racista de la Guardia Urbana de Barcelona\u00bb y subray\u00f3 que conf\u00edan poder seguir produciendo \u00abel material que <b>tanto necesitan los hospitales<\/b>\u00ab. De hecho, se\u00f1alan que esta misma semana hicieron entrega de \u00ablas primeras batas m\u00e9dicas a la directora del Hospital de Granollers\u00bb.<\/span><\/div>\n<\/div>\n<\/div>\n<\/div>\n<\/div>\n<\/div>\n<p id=\"m190-16-191\" class=\"pb-article-item-iteration\" style=\"text-align: justify;\"><span style=\"font-size: 14pt;\">Otro episodio relacionado con la Polic\u00eda proviene de Castellar del Vall\u00e8s, en la provincia de Barcelona. All\u00ed se ve a dos agentes de la Polic\u00eda Local rodeando a un joven que estaba montado en una moto. Tras una discusi\u00f3n,\u00a0<b>uno de los agentes acaba insultando<\/b>\u00a0al motorista y lanz\u00e1ndolo al suelo para detenerle.<\/span><\/p>\n<p id=\"m195-17-196\" class=\"pb-article-item-iteration\" style=\"text-align: justify;\"><span style=\"font-size: 14pt;\">El alcalde de esa localidad,\u00a0<b>Ignasi Gim\u00e9nez<\/b>\u00a0(PSC), asegur\u00f3 que el joven hab\u00eda sido identificado y\u00a0<b>denunciado en dos ocasiones\u00a0<\/b>por incumplir el estado de alarma.<\/span><\/p>\n<p id=\"m200-18-201\" class=\"pb-article-item-iteration\" style=\"text-align: justify;\"><span style=\"font-size: 14pt;\">Seg\u00fan los \u00faltimos datos de Interior, a fecha 31 de marzo se hab\u00edan registrado en Espa\u00f1a\u00a0<b>2.136 detenciones<\/b>, mientras que las multas alcanzaban ya las 252.129. S\u00f3lo\u00a0<b>el d\u00eda 31 hubo 18.066<\/b>\u00a0propuestas de sanci\u00f3n y 150 detenciones.<\/span><\/p>\n<p style=\"text-align: center;\"><span style=\"color: #008000;\"><span style=\"font-size: 14pt;\">\u2666<\/span><span style=\"font-size: 14pt;\">\u2666<\/span><span style=\"font-size: 14pt;\">\u2666<\/span><span style=\"font-size: 14pt;\">\u2666<\/span><span style=\"font-size: 14pt;\">\u2666<\/span><\/span><\/p>\n<p>&nbsp;<\/p>\n<p><img loading=\"lazy\" decoding=\"async\" class=\"aligncenter wp-image-28382 size-full\" src=\"https:\/\/puntocritico.com\/ausajpuntocritico\/wp-content\/uploads\/2020\/04\/Noriega-coronavirus.jpg\" alt=\"\" width=\"629\" height=\"363\" data-id=\"28382\" srcset=\"https:\/\/puntocritico.com\/ausajpuntocritico\/wp-content\/uploads\/2020\/04\/Noriega-coronavirus.jpg 629w, https:\/\/puntocritico.com\/ausajpuntocritico\/wp-content\/uploads\/2020\/04\/Noriega-coronavirus-300x173.jpg 300w\" sizes=\"auto, (max-width: 629px) 100vw, 629px\" \/><\/p>\n<p style=\"text-align: center;\"><span style=\"font-size: 14pt; color: #008000;\">\u2666\u2666\u2666\u2666\u2666<\/span><\/p>\n<h1 class=\"font_secondary color_gray_ultra_dark \" style=\"text-align: center;\"><a id=\"ref12\"><\/a><a href=\"#ref12a\">[12]<\/a> El Poder Judicial se prepara para evitar el colapso tras el estado de alarma<\/h1>\n<p class=\"font_secondary color_gray_dark \" style=\"text-align: center;\"><em><span style=\"font-size: 18pt;\">El \u00f3rgano de gobierno de los jueces dise\u00f1ar\u00e1 un plan de choque que contempla refuerzos y proponer cambios legislativos procesales<\/span><\/em><\/p>\n<p>Por Reyes Rinc\u00f3n\u00a0<\/p>\n<p>02\/04\/2020<\/p>\n<p><a href=\"https:\/\/elpais.com\/espana\/2020-04-02\/el-poder-judicial-se-prepara-para-evitar-el-colapso-tras-el-estado-de-alarma.html\" target=\"_blank\" rel=\"noopener noreferrer\">EL PAIS<\/a><\/p>\n<p>&nbsp;<\/p>\n<figure id=\"attachment_28325\" aria-describedby=\"caption-attachment-28325\" style=\"width: 678px\" class=\"wp-caption aligncenter\"><img loading=\"lazy\" decoding=\"async\" class=\"wp-image-28325 size-mh-magazine-content\" src=\"https:\/\/puntocritico.com\/ausajpuntocritico\/wp-content\/uploads\/2020\/04\/G73SOFHBW7Q22LQPXX4HGGVQ4U-678x381.jpg\" alt=\"\" width=\"678\" height=\"381\" data-id=\"28325\" \/><figcaption id=\"caption-attachment-28325\" class=\"wp-caption-text\"><span style=\"color: #008000;\">Operarios de una empresa privada realizan una desinfecci\u00f3n en los juzgados de Sevilla hace unos d\u00edas. EDUARDO BRIONES \/ EUROPA PRESS<\/span><\/figcaption><\/figure>\n<p>&nbsp;<\/p>\n<p class=\"\" style=\"text-align: justify;\"><span style=\"font-size: 14pt;\">La\u00a0<a href=\"https:\/\/elpais.com\/espana\/2020-03-13\/los-jueces-y-fiscales-exigen-a-lesmes-que-fije-medidas-concretas-para-afrontar-la-pandemia-o-presente-su-dimision.html\" target=\"_blank\" rel=\"noopener noreferrer\" data-link-track-dtm=\"\">suspensi\u00f3n de toda la actividad judicial no urgente<\/a>\u00a0mientras dure el estado de alarma ha obligado a posponer miles de vistas que estaban previstas en los tribunales para estas semanas, algunas de ellas se\u00f1aladas desde hace m\u00e1s de dos a\u00f1os, y jueces, fiscales, letrados y abogados temen que las consecuencias del par\u00f3n se arrastrar\u00e1n durante muchos meses. A ellos se une el previsible aluvi\u00f3n de asuntos derivados de las\u00a0<a href=\"https:\/\/cincodias.elpais.com\/cincodias\/2020\/04\/01\/economia\/1585771318_103395.html\" target=\"_blank\" rel=\"noopener noreferrer\" data-link-track-dtm=\"\">medidas adoptadas durante el estado de alarma<\/a>, como despidos, ERE, ERTE, procedimientos de Seguridad Social, concursos, impagos, desahucios y sanciones impuestas por el confinamiento. Para intentar evitar el colapso, el Consejo General del Poder Judicial (CGPJ) ha acordado la elaboraci\u00f3n de un plan de choque y advierte de que ser\u00e1n necesarias reformas legales procesales y nuevas formas de organizaci\u00f3n.<\/span><\/p>\n<div id=\"elpais_gpt-INTEXT\" style=\"text-align: justify;\" data-google-query-id=\"CJ_7jr_CzugCFVieGwodBlcGsg\">\n<div id=\"google_ads_iframe_7811748\/elpais_web\/politica\/intext_0__container__\"><span style=\"font-size: 14pt;\">La elaboraci\u00f3n del plan correr\u00e1 a cargo de la comisi\u00f3n permanente, el principal \u00f3rgano de decisi\u00f3n del Consejo, pero se constituir\u00e1 un grupo de trabajo por cada orden jurisdiccional para dise\u00f1ar las medidas espec\u00edficas. El principal objetivo, seg\u00fan una nota difundida este jueves por el \u00f3rgano de gobierno de los jueces, es <a href=\"https:\/\/elpais.com\/espana\/2020-03-13\/juicios-aplazados-limite-de-aforo-y-bodas-sin-invitados.html\" target=\"_blank\" rel=\"noopener noreferrer\" data-link-track-dtm=\"\">paliar el atasco previsto<\/a>\u00a0y agilizar la resolucio\u0301n de los asuntos cuyo retraso incida ma\u0301s negativamente en la recuperacio\u0301n econo\u0301mica y en la atencio\u0301n a los colectivos ma\u0301s vulnerables. El plan tambie\u0301n pretende proporcionar a los jueces un escenario \u201cfiable\u201d para la vuelta a la normalidad con mecanismos que les permitan afrontar con menor dificultad el incremento de cargas de trabajo al que tendra\u0301n que hacer frente, explican desde el Consejo. \u201cResulta absolutamente imprescindible anticiparse a la llegada de ese momento, mediante el disen\u0303o de un plan de choque que articule las medidas, de muy distinta naturaleza, que deberi\u0301an activarse de manera inmediata al levantamiento del estado de alarma\u201d, sen\u0303ala el o\u0301rgano de gobierno de los jueces, que asume que en el momento en que se levante el confinamiento se producira\u0301 una situacio\u0301n \u201cine\u0301dita y excepcional\u201d en los tribunales.<\/span><\/div>\n<div>\u00a0<\/div>\n<\/div>\n<div id=\"hybs-mslot-3472-0\" class=\"hybs-mslot\" style=\"text-align: justify;\"><span style=\"font-size: 14pt;\">Segu\u0301n el documento \u201cDirectrices para la elaboracio\u0301n de un plan de choque en la Administracio\u0301n de Justicia tras el estado de alarma\u201d aprobado este jueves por la comisio\u0301n permanente, el plan debe basarse en los principios de eficacia (identificar de las medidas con impacto ma\u0301s directo e implantacio\u0301n ma\u0301s ra\u0301pida en cada caso) y especificidad (las medidas no sera\u0301n las mismas en todos los o\u0301rdenes jurisdiccionales). Se contemplara\u0301, avanza el texto, todo el abanico posible de actuaciones, desde propuestas al Gobierno para que dicte reformas procesales urgentes que pudieran abordarse mediante real decreto-ley, hasta medidas organizativas de todo tipo (concentracio\u0301n de asuntos, especializacio\u0301n de juzgados por temas, normas de reparto, etc\u00e9tera) y refuerzo de personal y medios. Seg\u00fan el documento, se dise\u00f1ar\u00e1 en colaboracio\u0301n con el Ministerio de Justicia, las comunidades auto\u0301nomas y los operadores juri\u0301dicos.<\/span><\/div>\n<div>\u00a0<\/div>\n<p class=\"\" style=\"text-align: justify;\"><span style=\"font-size: 14pt;\">Por otra parte, el \u00f3rgano de gobierno de los jueces ha acordado requerir formalmente a la Junta de Andaluc\u00eda y al Gobierno de Canarias para que adopten las medidas necesarias que garanticen el cumplimiento de los servicios esenciales en la Administracio\u0301n de Justicia. Seg\u00fan el CGPJ, las pautas establecidas por ambos gobiernos para reducir la actividad presencial de los funcionarios judiciales hace inviable el mantenimiento de la actividad que el CGPJ, el ministerio y la Fiscal\u00eda han establecido como imprescindible mientras dure el estado de alarma.<\/span><\/p>\n<p class=\"\" style=\"text-align: center;\"><span style=\"color: #008000;\"><span style=\"font-size: 14pt;\">\u2666<\/span><span style=\"font-size: 14pt;\">\u2666<\/span><span style=\"font-size: 14pt;\">\u2666<\/span><span style=\"font-size: 14pt;\">\u2666<\/span><span style=\"font-size: 14pt;\">\u2666<\/span><\/span><\/p>\n<p>&nbsp;<\/p>\n<header class=\"d-title\">\n<h1 class=\"d-title__txt\" style=\"text-align: center;\"><a id=\"ref13\"><\/a><a href=\"#ref13a\">[13]<\/a> S\u00e1nchez ampl\u00eda la alarma y propone unos nuevos pactos de la Moncloa<\/h1>\n<\/header>\n<div class=\"d-subtitle u-mb20\">\n<div class=\"d-subtitle__list\">\n<p class=\"d-subtitle__txt\" style=\"text-align: center;\"><span style=\"font-size: 18pt;\"><em>\u201cNo hay fuerza mayor para una naci\u00f3n que la unidad\u201d, proclama el presidente<\/em><\/span><\/p>\n<\/div>\n<\/div>\n<p>Por Juan Carlos Merino\u00a0<\/p>\n<p>05\/04\/2020<\/p>\n<p><a href=\"https:\/\/www.lavanguardia.com\/politica\/20200405\/48314366600\/sanchez-amplia-estado-alarma-propone-nuevos-pactos-moncloa.html\" target=\"_blank\" rel=\"noopener noreferrer\">LA VANGUARDIA<\/a><\/p>\n<p>&nbsp;<\/p>\n<figure id=\"attachment_28375\" aria-describedby=\"caption-attachment-28375\" style=\"width: 678px\" class=\"wp-caption aligncenter\"><img loading=\"lazy\" decoding=\"async\" class=\"wp-image-28375 size-mh-magazine-content\" src=\"https:\/\/puntocritico.com\/ausajpuntocritico\/wp-content\/uploads\/2020\/04\/H_3630518_20200404123500-ku0F-LVWNV2Q0STSD9RYZ-992x558@LaVanguardia-Web-678x381.jpg\" alt=\"\" width=\"678\" height=\"381\" data-id=\"28375\" srcset=\"https:\/\/puntocritico.com\/ausajpuntocritico\/wp-content\/uploads\/2020\/04\/H_3630518_20200404123500-ku0F-LVWNV2Q0STSD9RYZ-992x558@LaVanguardia-Web-678x381.jpg 678w, https:\/\/puntocritico.com\/ausajpuntocritico\/wp-content\/uploads\/2020\/04\/H_3630518_20200404123500-ku0F-LVWNV2Q0STSD9RYZ-992x558@LaVanguardia-Web-300x169.jpg 300w, https:\/\/puntocritico.com\/ausajpuntocritico\/wp-content\/uploads\/2020\/04\/H_3630518_20200404123500-ku0F-LVWNV2Q0STSD9RYZ-992x558@LaVanguardia-Web-768x432.jpg 768w, https:\/\/puntocritico.com\/ausajpuntocritico\/wp-content\/uploads\/2020\/04\/H_3630518_20200404123500-ku0F-LVWNV2Q0STSD9RYZ-992x558@LaVanguardia-Web.jpg 992w\" sizes=\"auto, (max-width: 678px) 100vw, 678px\" \/><figcaption id=\"caption-attachment-28375\" class=\"wp-caption-text\"><span style=\"color: #008000;\">El presidente del Gobierno, Pedro S\u00e1nchez, ayer en la Moncloa (Borja Puig de la Bellacasa \/ ACN)<\/span><\/figcaption><\/figure>\n<p>&nbsp;<\/p>\n<p class=\"p\" style=\"text-align: justify;\"><span style=\"font-size: 14pt;\"><b>Pedro S\u00e1nchez<\/b>, \u201cen medio de una guerra nunca antes librada\u201d, anunci\u00f3 ayer que el Consejo de Ministros del pr\u00f3ximo martes volver\u00e1 a solicitar la autorizaci\u00f3n del Congreso para prorrogar, por segunda vez, el\u00a0<b>estado de alarma en Espa\u00f1a<\/b>.<\/span><\/p>\n<p class=\"p\" style=\"text-align: justify;\"><span style=\"font-size: 14pt;\">La situaci\u00f3n de excepcionalidad decretada para intentar doblar el dram\u00e1tico pulso a la pandemia del coronavirus se prolongar\u00e1, por lo pronto, otras dos semanas, desde el 12 hasta el 25 de abril. Y no ser\u00e1 la \u00faltima ampliaci\u00f3n. \u201cYa anuncio que vendr\u00e1n m\u00e1s d\u00edas de estado de alarma\u201d, reconoci\u00f3. \u201cDesgraciadamente, a finales de abril no habr\u00e1 acabado todo\u201d, advirti\u00f3. \u201cLas medidas excepcionales que vamos a tener que tomar no van a durar otros quince d\u00edas, van a durar un tiempo m\u00e1s\u201d. Si bien, y pese a que la alarma se prolongue hasta mayo, en esa fase el presidente del Gobierno ya confi\u00f3 en que se puedan ir relajando algunas de las restricciones a la movilidad para el confinamiento de la ciudadan\u00eda, en funci\u00f3n de la efectividad de las medidas y el grado de cumplimiento de las mismas por parte de la sociedad. \u201cVendr\u00e1n m\u00e1s d\u00edas del estado de alarma, pero no los mismos, ser\u00e1 distinto, empezaremos a recuperar algo de nuestra vida personal, econ\u00f3mica y social\u201d, vaticin\u00f3.<\/span><\/p>\n<p class=\"p\" style=\"text-align: justify;\"><span style=\"font-size: 14pt;\">El jefe del Ejecutivo tambi\u00e9n anunci\u00f3, en cambio, que la \u201chibernaci\u00f3n\u201d de toda la actividad econ\u00f3mica y productiva no esencial que se decret\u00f3 el pasado domingo se levantar\u00e1 en el plazo inicialmente fijado, esto es, el pr\u00f3ximo jueves 9 de abril, una vez superado \u201cel rubic\u00f3n\u201d de la Semana Santa.<\/span><\/p>\n<p class=\"p\" style=\"text-align: justify;\"><span style=\"font-size: 14pt;\">Con todo, el gran mensaje pol\u00edtico que ayer lanz\u00f3 S\u00e1nchez, en una nueva y solemne comparecencia que protagoniz\u00f3 tras reactivar su interlocuci\u00f3n con el jefe de la oposici\u00f3n y los principales l\u00edderes pol\u00edticos, fue la propuesta de reeditar unos nuevos pactos de la Moncloa cuando se haya ganado la guerra al\u00a0<b>coronavirus<\/b>, al menos desde el punto de vista sanitario, para abordar la reconstrucci\u00f3n econ\u00f3mica, laboral y social de Espa\u00f1a. Unos pactos como los que en 1977 evitaron la debacle econ\u00f3mica y social de una Espa\u00f1a que estrenaba el sistema democr\u00e1tico tras la crisis global del petr\u00f3leo. Unos pactos para los que S\u00e1nchez asegur\u00f3 que convocar\u00e1 a todas las fuerzas pol\u00edticas, a todos los gobiernos auton\u00f3micos y a todos los agentes econ\u00f3micos y sociales en una tarea com\u00fan. \u201cNo hay fuerza mayor para una naci\u00f3n que la unidad\u201d, proclam\u00f3. \u201cNuestra fuerza vendr\u00e1 de la uni\u00f3n\u201d, insisti\u00f3 el presidente del Gobierno.<\/span><\/p>\n<p class=\"p\" style=\"text-align: justify;\"><span style=\"font-size: 14pt;\">En este punto, el discurso de S\u00e1nchez sum\u00f3 a sus ya reiterados ecos de Winston Churchill \u2013con las continuas apelaciones al \u201csacrificio, resistencia y moral de victoria\u201d\u2013, una nueva referencia a otra c\u00e9lebre frase de John Fitzgerald Kennedy para la historia: \u201cDeberemos pasar a una unidad sin duda alguna m\u00e1s fuerte y m\u00e1s compacta. Deberemos pasar del qu\u00e9 pueden hacer los dem\u00e1s por m\u00ed, al qu\u00e9 puedo hacer yo por los dem\u00e1s\u201d, subray\u00f3 el jefe del Ejecutivo.<\/span><\/p>\n<blockquote>\n<h2 class=\"despiece-story-epigraph\"><span style=\"font-size: 12pt;\">RECONSTRUCCI\u00d3N ECON\u00d3MICA<\/span><\/h2>\n<p><span style=\"font-size: 14pt;\">\u201cTodos los partidos, con independencia de su ideolog\u00eda, trabajaremos en unos nuevos pactos\u201d<\/span><\/p>\n<\/blockquote>\n<p class=\"p\" style=\"text-align: justify;\"><span style=\"font-size: 14pt;\">\u201cAlgo que ya hizo nuestro pa\u00eds hace cuatro d\u00e9cadas en eso que saben sobre todo los ciudadanos m\u00e1s veteranos, de m\u00e1s edad, que son los pactos de la Moncloa, cuando se logr\u00f3 conjurar grav\u00edsimas amenazas para nuestra econom\u00eda y tambi\u00e9n para nuestra democracia\u201d, asegur\u00f3. Y reiter\u00f3 que \u201cnecesitaremos unidad\u201d. Tambi\u00e9n en Europa, para poner en marcha \u201cun verdadero plan Marshall de reactivaci\u00f3n a escala continental de nuestra econom\u00eda\u201d, pese a las f\u00e9rreas reticencias de Alemania y Holanda. \u201cEspa\u00f1a no va a renunciar a los eurobonos\u201d, ret\u00f3 S\u00e1nchez.<\/span><\/p>\n<p class=\"p\" style=\"text-align: justify;\"><span style=\"font-size: 14pt;\">\u201cEstamos ante la gran crisis de nuestras vidas\u201d, advirti\u00f3. Pero, como siempre dicta su particular manual de resistencia, anim\u00f3 a aprovechar \u201cuna oportunidad hist\u00f3rica\u201d. \u201cNo bastar\u00e1 con reanimar en plena primavera un mundo congelado por el azote del virus, ser\u00e1 nuestra oportunidad para cortar las ramas secas y retomar el rumbo all\u00ed donde quiz\u00e1 lo perdimos\u201d, resalt\u00f3. Y propuso tomar el camino correcto. \u201cNos encontramos ante una encrucijada hist\u00f3rica. Podemos optar por escuchar a los que no aportan soluciones, s\u00f3lo reproches. Podemos encerrarnos detr\u00e1s de cualquier frontera, nacional o regional, y creer que el ego\u00edsmo nos proteger\u00e1. Podemos identificar un enemigo real o imaginario y descargar nuestra furia contra \u00e9l. Podemos contemplar a los otros como un estorbo o como una amenaza. Podemos desentendernos de nuestra desgracia, o incluso pensar que es una oportunidad para nuestra fortuna. Pero nada de eso nos traer\u00e1 nada bueno\u201d, alert\u00f3. Por el contrario, recet\u00f3 \u201ctener una actitud completamente distinta, podemos comprender que el mundo que viene, en el que ya estamos, no volver\u00e1 a ser como el de ayer, pero a\u00fan menos como el de antes de ayer, cuando las gentes viv\u00edan ignorando a los dem\u00e1s y la sociedad carec\u00eda de protecci\u00f3n colectiva\u201d. Comprender, tambi\u00e9n, \u201cque no hay salida ego\u00edsta ni soluci\u00f3n individual, que somos d\u00e9biles por separado pero nuestra fuerza viene precisamente de poder contar los unos con los otros\u201d.<\/span><\/p>\n<p class=\"p\" style=\"text-align: justify;\"><span style=\"font-size: 14pt;\">S\u00e1nchez reiter\u00f3 su voluntad de convocar a las fuerzas pol\u00edticas a unos nuevos pactos de la Moncloa. \u201cS\u00ed, sin duda. Esa unidad a la que apelo se tiene tambi\u00e9n que trasladar a la opini\u00f3n p\u00fablica en una certeza y es que todos los partidos pol\u00edticos, con independencia de su ideolog\u00eda, vamos a trabajar en unos nuevos pactos de la Moncloa para relanzar y reconstruir nuestra econom\u00eda y el tejido social que se va a ver resentido durante estas semanas tan duras\u201d, asegur\u00f3.<\/span><\/p>\n<p class=\"p\" style=\"text-align: justify;\"><span style=\"font-size: 14pt;\">Tras decidir la ampliaci\u00f3n de la alarma, y antes de comparecer en la Moncloa para anunciarla, S\u00e1nchez abri\u00f3 con el jefe de la oposici\u00f3n, Pablo Casado, la ronda de contactos telef\u00f3nicos anunciada con todos los l\u00edderes pol\u00edticos en busca de respaldo para que el Congreso lo autorice en el pleno que su presidenta, Meritxell Batet, convocar\u00e1 el pr\u00f3ximo jueves. El l\u00edder del PP, pese a que mantiene una posici\u00f3n muy cr\u00edtica, anunci\u00f3 inmediatamente despu\u00e9s de hablar con el presidente del Gobierno su respaldo a las medidas de contenci\u00f3n contra el coronavirus. Pero Casado tambi\u00e9n advirti\u00f3 que \u201cla lealtad y la unidad exigen eficacia y transparencia\u201d.<\/span><\/p>\n<p class=\"p\" style=\"text-align: justify;\"><span style=\"font-size: 14pt;\">La presidenta de Ciudadanos, In\u00e9s Arrimadas, tambi\u00e9n le dio su apoyo a S\u00e1nchez para autorizar la pr\u00f3rroga de la alarma. Pero la l\u00edder de la formaci\u00f3n naranja incluso se le adelant\u00f3 y, antes de la conversaci\u00f3n telef\u00f3nica, le remiti\u00f3 una carta en la que reclam\u00f3 que \u201cimpulse cuanto antes un gran acuerdo nacional\u201d. \u201cUnos pactos de reconstrucci\u00f3n nacional que vendr\u00edan a ser los pactos de la Moncloa del siglo XXI\u201d, demand\u00f3 Arrimadas, que no obstante previno al jefe del Ejecutivo para no actuar en solitario, improvisar ni \u201cimponer la ideolog\u00eda\u201d. \u201cSi luchamos todos juntos, lo lograremos\u201d, asegur\u00f3.<\/span><\/p>\n<blockquote>\n<h2 class=\"despiece-story-epigraph\"><span style=\"font-size: 12pt;\">ECOS DE KENNEDY<\/span><\/h2>\n<p><span style=\"font-size: 14pt;\">\u201cDebemos pasar del qu\u00e9 pueden hacer los dem\u00e1s por m\u00ed al qu\u00e9 puedo hacer yo por los dem\u00e1s\u201d<\/span><\/p>\n<\/blockquote>\n<p class=\"p\" style=\"text-align: justify;\"><span style=\"font-size: 14pt;\">Muy distinta fue la posici\u00f3n del l\u00edder de Vox, Santiago Abascal, que incluso se neg\u00f3 a atender la llamada telef\u00f3nica de S\u00e1nchez. \u201cDe este Gobierno s\u00f3lo esperamos su dimisi\u00f3n\u201d, zanj\u00f3 Abascal con dureza.<\/span><\/p>\n<p class=\"topo fin\" style=\"text-align: justify;\"><span style=\"font-size: 14pt;\">ERC y el PNV, por su parte, recelan y desconf\u00edan de la convocatoria de unos nuevos pactos de la Moncloa. El debate pol\u00edtico de los pr\u00f3ximos meses, por tanto, est\u00e1 servido.<\/span><\/p>\n<p style=\"text-align: center;\"><span style=\"color: #008000;\"><span style=\"font-size: 14pt;\">\u2666<\/span><span style=\"font-size: 14pt;\">\u2666<\/span><span style=\"font-size: 14pt;\">\u2666<\/span><span style=\"font-size: 14pt;\">\u2666<\/span><span style=\"font-size: 14pt;\">\u2666<\/span><\/span><\/p>\n<p>&nbsp;<\/p>\n<h1 style=\"text-align: center;\"><span class=\"titular\"><a id=\"ref14\"><\/a><a href=\"#ref14a\">[14]<\/a> As\u00ed fueron los verdaderos Pactos de La Moncloa<\/span><\/h1>\n<p class=\"subtitulo\" style=\"text-align: center;\"><span style=\"font-size: 18pt;\"><em>La dram\u00e1tica situaci\u00f3n de la econom\u00eda forz\u00f3 a los partidos en 1977 a llegar a un consenso para frenar la inflaci\u00f3n, el desempleo y la ca\u00edda de la peseta<\/em><\/span><\/p>\n<p style=\"text-align: justify;\">\u00a0<\/p>\n<p>Por Pedro Garc\u00eda Cuartango<\/p>\n<p>05\/04\/2020<\/p>\n<p><a href=\"https:\/\/www.abc.es\/espana\/abci-unos-pactos-para-salvar-democracia-202004050232_noticia.html\" target=\"_blank\" rel=\"noopener noreferrer\">ABC<\/a><\/p>\n<p>&nbsp;<\/p>\n<figure id=\"attachment_28376\" aria-describedby=\"caption-attachment-28376\" style=\"width: 620px\" class=\"wp-caption aligncenter\"><img loading=\"lazy\" decoding=\"async\" class=\"wp-image-28376 size-full\" src=\"https:\/\/puntocritico.com\/ausajpuntocritico\/wp-content\/uploads\/2020\/04\/Pactos-Moncloa-U81347806623noQ-620x349@abc.jpg\" alt=\"\" width=\"620\" height=\"349\" data-id=\"28376\" srcset=\"https:\/\/puntocritico.com\/ausajpuntocritico\/wp-content\/uploads\/2020\/04\/Pactos-Moncloa-U81347806623noQ-620x349@abc.jpg 620w, https:\/\/puntocritico.com\/ausajpuntocritico\/wp-content\/uploads\/2020\/04\/Pactos-Moncloa-U81347806623noQ-620x349@abc-300x169.jpg 300w\" sizes=\"auto, (max-width: 620px) 100vw, 620px\" \/><figcaption id=\"caption-attachment-28376\" class=\"wp-caption-text\"><span style=\"color: #008000;\">Adolfo Su\u00e1rez conversa con Felipe Gonz\u00e1lez, en presencia de Jos\u00e9 Mar\u00eda Triginer, en la reuni\u00f3n en la que se firmaron los llamados Pactos de La Moncloa &#8211; EFE<\/span><\/figcaption><\/figure>\n<p>&nbsp;<\/p>\n<p style=\"text-align: justify;\"><span style=\"font-size: 14pt;\">No fue una negociaci\u00f3n f\u00e1cil ni r\u00e1pida. La econom\u00eda espa\u00f1ola estaba atravesando una situaci\u00f3n dram\u00e1tica y<strong>\u00a0la Transici\u00f3n se hallaba en una encrucijada<\/strong>. Pero al final todas las fuerzas pol\u00edticas se pusieron de acuerdo. Los Pactos de La Moncloa se firmaron el 25 de octubre de 1977, cuatro meses despu\u00e9s de las primeras elecciones generales democr\u00e1ticas. Tan s\u00f3lo hab\u00edan transcurrido siete meses tras la legalizaci\u00f3n del Partido Comunista en aquel S\u00e1bado Santo Rojo.<\/span><\/p>\n<p style=\"text-align: justify;\"><span style=\"font-size: 14pt;\">Los Pactos de La Moncloa, en plural, inclu\u00edan dos acuerdos, sustentados en sendos documentos: uno, econ\u00f3mico y otro, pol\u00edtico. En el primero, se inclu\u00edan una serie de medidas de ajuste para estabilizar una econom\u00eda muy da\u00f1ada por el impacto de la crisis del petr\u00f3leo en la d\u00e9cada de los 70. En aquel a\u00f1o,\u00a0<strong>el paro creci\u00f3 en un mill\u00f3n de personas, una cifra r\u00e9cord<\/strong>, mientras que la inflaci\u00f3n interanual super\u00f3 el 30% en algunos meses. La peseta hab\u00eda tenido que ser devaluada en julio.<\/span><\/p>\n<div id=\"wmass~16216499987058342\" style=\"text-align: justify;\">\n<div id=\"jw-5834258342\" style=\"text-align: justify;\"><span style=\"font-size: 14pt;\">En el <strong>acuerdo pol\u00edtico<\/strong>, se incluyeron iniciativas tan relevantes como la tutela de la igualdad de la mujer, la libertad de prensa y la eliminaci\u00f3n de la censura, el reconocimiento del derecho de reuni\u00f3n y de libre expresi\u00f3n de las ideas, el derecho de asociaci\u00f3n sindical, la despenalizaci\u00f3n del adulterio y la supresi\u00f3n del Movimiento Nacional. Unas reformas de gran calado que luego se plasmar\u00edan en leyes, entre ellas, la modificaci\u00f3n del C\u00f3digo Penal.<\/span><\/div>\n<div>\u00a0<\/div>\n<\/div>\n<aside class=\"roba-intercalado sin-fondo layer_inpage\">\n<div id=\"google_ads_iframe_\/4900\/vocento.abc\/espana\/noticia_5__container__\" style=\"text-align: justify;\"><span style=\"font-size: 14pt;\">La idea de unos pactos para afrontar la crisis y consolidar la Transici\u00f3n surgi\u00f3 en julio de 1977 con el nuevo Gobierno de UCD, presidido por Adolfo Su\u00e1rez, que hab\u00eda ganado las elecciones de junio sin mayor\u00eda absoluta. UCD hab\u00eda sacado 165 esca\u00f1os, muy por delante del PSOE, convertido en segunda fuerza pol\u00edtica. Alianza Popular, el partido del franquismo, se hab\u00eda estrellado con tan s\u00f3lo 16 esca\u00f1os. <strong>Su\u00e1rez nombr\u00f3 al eminente catedr\u00e1tico Enrique Fuentes Quintana<\/strong>\u00a0ministro de Econom\u00eda y vicepresidente segundo del Gobierno, una persona con autoridad acad\u00e9mica para pilotar aquel dif\u00edcil momento. Fuentes design\u00f3 subsecretario a Manuel Lagares, catedr\u00e1tico de Hacienda, que tendr\u00eda un importante papel en la redacci\u00f3n del acuerdo econ\u00f3mico y como confidente de sus frustraciones.<\/span><\/div>\n<\/aside>\n<p style=\"text-align: justify;\"><span style=\"font-size: 14pt;\">Nada m\u00e1s constituirse el nuevo Gobierno, en julio de 1977, el superministro y Adolfo Su\u00e1rez\u00a0<strong>hablaron de la necesidad de unos pactos para estabilizar una situaci\u00f3n econ\u00f3mica descontrolada<\/strong>\u00a0que hab\u00eda provocado un fuerte aumento del gasto p\u00fablico en un clima de crecientes reivindicaciones de los sindicatos. \u00abO hay un gran acuerdo o la democracia puede venirse abajo\u00bb, advirti\u00f3 Fuentes.<\/span><\/p>\n<p style=\"text-align: justify;\"><span style=\"font-size: 14pt;\">Pero la idea de un compromiso entre todas las fuerzas pol\u00edticas top\u00f3 en aquel momento con una dura contestaci\u00f3n de los barones de UCD, que cre\u00edan que era mejor aplicar las recetas del reci\u00e9n creado partido sin pactar con la izquierda. Su\u00e1rez no se quiso enfrentar a las familias de su formaci\u00f3n y opt\u00f3 por una ambigua equidistancia que provoc\u00f3 el desaliento de Fuentes Quintana.En aquel mes de agosto, el nuevo responsable de Econom\u00eda huy\u00f3 de Madrid y se march\u00f3 a las playas de Huelva, junto a su amigo Juan Velarde. Fuentes Quintana se hab\u00eda comprometido a impartir un curso en la Universidad de La R\u00e1bida. Seg\u00fan fuentes muy cercanas al catedr\u00e1tico,\u00a0<strong>lleg\u00f3 incluso a sopesar su dimisi\u00f3n<\/strong>\u00a0al dudar del apoyo de Su\u00e1rez.<\/span><\/p>\n<p style=\"text-align: justify;\"><span style=\"font-size: 14pt;\">Pero la situaci\u00f3n se desbloque\u00f3 a primeros de septiembre con una entrevista entre el presidente y Felipe Gonz\u00e1lez, que se comprometi\u00f3 a impulsar un gran compromiso pol\u00edtico y econ\u00f3mico. El Rey Don Juan Carlos era un decidido partidario de ese acuerdo y se lo hizo saber con discreci\u00f3n a las fuerzas pol\u00edticas. Sab\u00eda que, si los pactos llegaban a buen t\u00e9rmino, la instituci\u00f3n mon\u00e1rquica habr\u00eda dado un gran paso para su consolidaci\u00f3n.<\/span><\/p>\n<p style=\"text-align: justify;\"><span style=\"font-size: 14pt;\">Fue a partir de ese momento cuando surgieron los contactos que desembocaron en grupos de trabajo para perfilar los futuros Pactos. Fernando Abril Martorell, ministro de Agricultura y amigo de Su\u00e1rez, llev\u00f3 el peso de las negociaciones por parte de UCD. En el Partido Comunista, Ram\u00f3n Tamames tuvo un importante protagonismo, al igual que Alfonso Guerra en el PSOE.Es importante subrayar que, en el verano de 1977,\u00a0<strong>las relaciones entre el PSOE y el PCE eran pr\u00e1cticamente inexistentes<\/strong>\u00a0tanto por su rivalidad electoral como por el pasado reciente, que hab\u00eda acrecentado una profunda desconfianza. Los dos partidos hab\u00edan sido incapaces de coordinar su oposici\u00f3n en la etapa final del franquismo, creando dos organizaciones paralelas: la Junta Democr\u00e1tica, encabezada por la formaci\u00f3n de Santiago Carrillo, y la Plataforma Democr\u00e1tica, liderada por el PSOE.<\/span><\/p>\n<p style=\"text-align: justify;\"><span style=\"font-size: 14pt;\">Los dos partidos hegem\u00f3nicos de la izquierda decidieron colaborar con Su\u00e1rez y sentarse en la mesa de la negociaci\u00f3n, sin lo cual hubiera sido imposible cualquier entendimiento.\u00a0<strong>\u00abCarillo ten\u00eda que demostrar que no ten\u00eda cuernos ni ol\u00eda a azufre\u00bb<\/strong>, se\u00f1ala uno de los dirigentes que participaron en las conversaciones, que subraya el sentido del Estado que demostr\u00f3 el l\u00edder comunista en aquellos meses posteriores a las elecciones. Cuando el texto estaba muy avanzado, Fuentes Quintana llam\u00f3 al Ministerio al economista Julio Segura, entonces militante del PCE, y le permiti\u00f3 leer el borrador en un despacho sin la posibilidad de sacar una copia. Segura expres\u00f3 su conformidad y le transmiti\u00f3 a Carrillo que no hab\u00eda obst\u00e1culo para su firma. Tambi\u00e9n Su\u00e1rez, Fuentes Quintana y Abril Martorell lograron disipar los recelos de los barones de UCD, que se dieron cuenta de que la situaci\u00f3n econ\u00f3mica era insostenible. El entonces gobernador del Banco de Espa\u00f1a, el exministro L\u00f3pez de Letona, hab\u00eda advertido de que no hab\u00eda fondos para financiar las importaciones y seguir sosteniendo la peseta, en ca\u00edda libre.<\/span><\/p>\n<p style=\"text-align: justify;\"><span style=\"font-size: 14pt;\">A mediados de octubre, se hab\u00eda llegado a un acuerdo por el que la izquierda y partidos nacionalistas como el PNV y CiU aceptaban un plan de ajuste econ\u00f3mico que eliminaba la indexaci\u00f3n de los salarios a la inflaci\u00f3n,\u00a0<strong>una medida necesaria para contener los precios<\/strong>, devolver la confianza a los mercados e incentivar la inversi\u00f3n. Tambi\u00e9n se pact\u00f3 una reforma fiscal que se traducir\u00eda al a\u00f1o siguiente en la ley del IRPF, que supon\u00eda una gran modernizaci\u00f3n del sistema impositivo que ven\u00eda del franquismo. Por \u00faltimo, se flexibiliz\u00f3 el despido, aunque con serias limitaciones.<\/span><\/p>\n<p style=\"text-align: justify;\"><span style=\"font-size: 14pt;\">A cambio, UCD asum\u00eda importantes concesiones pol\u00edticas, que no fueron aceptadas por Alianza Popular, el partido que lideraba Manuel Fraga y que inclu\u00eda a importantes figuras del franquismo como el tecn\u00f3crata Silva Mu\u00f1oz, Cruz Mart\u00ednez Esteruelas, Licinio de la Fuente, L\u00f3pez Rod\u00f3 y Gonzalo Fern\u00e1ndez de la Mora, uno de los ide\u00f3logos del r\u00e9gimen del yugo y las flechas. En consecuencia,\u00a0<strong>Fraga no suscribi\u00f3 el documento pol\u00edtico, pero s\u00ed el econ\u00f3mico<\/strong>.<\/span><\/p>\n<p style=\"text-align: justify;\"><span style=\"font-size: 14pt;\">El 25 de octubre se produjo la ratificaci\u00f3n de los Pactos por los l\u00edderes de los partidos. Por parte de UCD, firm\u00f3 Leopoldo Calvo Sotelo, futuro sucesor de Su\u00e1rez. Gonz\u00e1lez y Carrillo lo hicieron por sus dos formaciones. Tambi\u00e9n se sumaron el PSP de Tierno Galv\u00e1n y el PNV y CiU. Semanas despu\u00e9s, fueron aprobados por el Congreso y el Senado.<\/span><\/p>\n<p style=\"text-align: justify;\"><span style=\"font-size: 14pt;\">Los Pactos\u00a0<strong>estuvieron en vigor durante un a\u00f1o<\/strong>\u00a0en el que se tradujeron en leyes y decretos. Pero a, finales de 1978, con la Constituci\u00f3n ya aprobada y la Transici\u00f3n pr\u00e1cticamente concluida, las fuerzas pol\u00edticas reanudaron su pugna en un clima de aumento de la crispaci\u00f3n. El PSOE decidi\u00f3 entonces intensificar su oposici\u00f3n al Gobierno de Adolfo Su\u00e1rez, que empezaba ya a mostrar sus primeros s\u00edntomas de descomposici\u00f3n. Todo ello se produjo en las v\u00edsperas de las nuevas elecciones generales de marzo de 1979, en las que UCD revalid\u00f3 los resultados cosechados dos a\u00f1os antes. El PSOE se perfil\u00f3 como la alternativa con 121 esca\u00f1os, aunque hubo una cierta frustraci\u00f3n en sus filas porque las expectativas eran m\u00e1s elevadas. Por el contrario, el apoyo al Partido Comunista y a Alianza Popular fue m\u00ednimo, lo que cre\u00f3 una importante crisis interna en ambas formaciones.<\/span><\/p>\n<p style=\"text-align: justify;\"><span style=\"font-size: 14pt;\">Con la perspectiva que ofrecen las cuatro d\u00e9cadas transcurridas, los Pactos de La Moncloa supusieron no s\u00f3lo un impulso a la reci\u00e9n nacida democracia sino que adem\u00e1s<strong>\u00a0transmitieron un potente mensaje de unidad a la sociedad espa\u00f1ola<\/strong>, demostrando que los partidos eran capaces de llegar a acuerdos en una situaci\u00f3n de extraordinario deterioro de la econom\u00eda.Tan s\u00f3lo cuatro a\u00f1os despu\u00e9s, el PSOE ganar\u00eda las elecciones con una aplastante mayor\u00eda absoluta mientras UCD desaparec\u00eda del mapa. Nadie lo hubiera dicho en aquel oto\u00f1o de 1977 cuando el desaliento y la incertidumbre hac\u00edan necesarios aquellos hist\u00f3ricos Pactos de La Moncloa.<\/span><\/p>\n<p style=\"text-align: center;\"><span style=\"color: #008000;\"><span style=\"font-size: 14pt;\">\u2666<\/span><span style=\"font-size: 14pt;\">\u2666<\/span><span style=\"font-size: 14pt;\">\u2666<\/span><span style=\"font-size: 14pt;\">\u2666<\/span><span style=\"font-size: 14pt;\">\u2666<\/span><\/span><\/p>\n<p>&nbsp;<\/p>\n<header class=\"d-title\">\n<h1 class=\"d-title__txt\" style=\"text-align: center;\"><a id=\"ref15\"><\/a><a href=\"#ref15a\">[15]<\/a> Moncloa rechaza la f\u00f3rmula de las asociaciones de prensa contra el filtro de preguntas<\/h1>\n<\/header>\n<div class=\"d-subtitle u-mb20\">\n<div class=\"d-subtitle__social visible-md\">\n<div class=\"story-leaf-social-btns story-leaf-social-comments\" data-gtm-element=\"leaf-social-share-top\"><i class=\"fa fa-facebook\"><\/i><i class=\"fa fa-twitter\"><\/i><\/p>\n<div class=\"story-leaf-comment-count\" style=\"text-align: center;\"><em><span style=\"font-size: 18pt;\">Les invita a idear otra f\u00f3rmula que seleccione las preguntas de manera aleatoria sin primar a los periodistas que cubren habitualmente el Gobierno<\/span><\/em><\/div>\n<\/div>\n<\/div>\n<\/div>\n<p>&nbsp;<\/p>\n<p>EUROPAPRESS\u00a0<\/p>\n<p>04\/04\/2020<\/p>\n<p><a href=\"https:\/\/www.lavanguardia.com\/politica\/20200404\/48293047053\/moncloa-rechaza-formula-asociaciones-prensa-filtro-preguntas-ruedas-de-prensa.html\" target=\"_blank\" rel=\"noopener noreferrer\">LA VANGUARDIA<\/a>\u00a0<\/p>\n<p>&nbsp;<\/p>\n<p style=\"text-align: justify;\"><span style=\"font-size: 14pt;\">La\u00a0<b>Secretar\u00eda de Estado de Comunicaci\u00f3n\u00a0<\/b>que dirige el periodista\u00a0<b>Miguel Angel Oliver\u00a0<\/b>rechaza la propuesta que le presentaron las\u00a0<b>asociaciones\u00a0<\/b>de la\u00a0<b>prensa\u00a0<\/b>APM y FAPE, las principales en este sector en Espa\u00f1a, para terminar con el filtro de las preguntas impuesto por el Gobierno en las ruedas de prensa desde que se instaur\u00f3 el<b>\u00a0estado de alarma<\/b>, y que se celebran por motivos de seguridad sanitaria sin presencia f\u00edsica de los periodistas, que han de remitir sus preguntas a trav\u00e9s de un chat habilitado para ello.<\/span><\/p>\n<p style=\"text-align: justify;\"><span style=\"font-size: 14pt;\">La propuesta de las asociaciones parte de la queja expresada por m\u00e1s de 400 periodistas firmantes del manifiesto \u2018La Libertad de Preguntar\u2019, que advert\u00edan de que este filtro de las preguntas, con el propio Oliver seleccionando aquellas que se hacen y plante\u00e1ndoselas al Gobierno, se hab\u00eda convertido en una nueva forma de \u201ccensura\u201d justo en un momento en que el control del Ejecutivo, cuyos poderes quedan reforzados bajo el estado de alarma, se hace m\u00e1s necesario que nunca teniendo en cuenta la actividad muy limitada del Parlamento.<\/span><\/p>\n<blockquote>\n<p style=\"text-align: justify;\"><span style=\"font-size: 14pt;\">La propuesta de las asociaciones parte de la queja expresada por m\u00e1s de 400 periodistas firmantes del manifiesto \u2018La Libertad de Preguntar\u2019<\/span><\/p>\n<\/blockquote>\n<p style=\"text-align: justify;\"><span style=\"font-size: 14pt;\">La APM y la FAPE propusieron intercalar en las ruedas de prensa, adem\u00e1s de una selecci\u00f3n de las preguntas enviadas a ese chat en el que participan 160 medios de comunicaci\u00f3n, otras que pudieran formular directamente por videollamada periodistas que cubren habitualmente la informaci\u00f3n del Gobierno, a los que se podr\u00edan a\u00f1adir otros que propusiera la SEC.<\/span><\/p>\n<p style=\"text-align: justify;\"><span style=\"font-size: 14pt;\">En una carta dirigida directamente a los presidentes de la APM y la FAPE, Oliver deja por escrito su rechazo a esa f\u00f3rmula, del que ya inform\u00f3 Europa Press el jueves pasado. La misiva, que lleva firma del 3 de abril, reconoce que la propuesta de esas dos asociaciones \u201cparece contar con el respaldo de los periodistas que habitualmente cubren la informaci\u00f3n de Moncloa, pero se queda muy corta en opini\u00f3n de todos los dem\u00e1s, dada la dimensi\u00f3n nacional e internacional de la crisis\u201d.<\/span><\/p>\n<h2 class=\"despiece-story-epigraph\" style=\"text-align: justify;\"><span style=\"font-size: 14pt;\">Carta a las asociaciones<\/span><\/h2>\n<p style=\"text-align: justify;\"><span style=\"font-size: 14pt;\">Oliver invita a estas asociaciones a \u201cseguir trabajando\u201d este fin de semana en un sistema que cumpliera tres criterios. El primero que menciona la SEC es el de \u201cacoger al mayor n\u00famero de medios tomando como base los m\u00e1s de 160 representados en el chat\u201d, donde conviven medios nacionales, internacionales, auton\u00f3micos y locales.<\/span><\/p>\n<p style=\"text-align: justify;\"><span style=\"font-size: 14pt;\">El segundo criterio de este sistema por idear tendr\u00eda que facilitar que se puedan hacer preguntas en directo y el tercero habla de incorporar un criterio no discrecional en la selecci\u00f3n de los participantes. A modo de sugerencia, Oliver plantea agrupar a los medios en las siguientes categor\u00edas: medios de implantaci\u00f3n nacional, auton\u00f3micos, internacionales y de difusi\u00f3n digital exclusiva.<\/span><\/p>\n<p style=\"text-align: justify;\"><span style=\"font-size: 14pt;\">Para la formulaci\u00f3n de las preguntas, propone una \u201cf\u00f3rmula aleatoria, p\u00fablica y verificable que establezca cada d\u00eda varios turnos de preguntas, que ser\u00edan planteadas en directo por los periodistas de cada medio elegido\u201d. Eso s\u00ed, avisa Oliver, mientras se idea este nuevo sistema se hace \u201cnecesario\u201d, alega, continuar con el chat actual.<\/span><\/p>\n<blockquote>\n<p style=\"text-align: justify;\"><span style=\"font-size: 14pt;\">El Gobierno quiere una \u201cf\u00f3rmula aleatoria, p\u00fablica y verificable que establezca cada d\u00eda varios turnos de preguntas, que ser\u00edan planteadas en directo por los periodistas de cada medio elegido\u201d<\/span><\/p>\n<\/blockquote>\n<p style=\"text-align: justify;\"><span style=\"font-size: 14pt;\">Ese chat lo cre\u00f3 la SEC el mismo 14 de marzo, para la comparecencia del presidente del Gobierno, Pedro S\u00e1nchez, en la que inform\u00f3 de la declaraci\u00f3n del estado de alarma. Originalmente lo integraron 64 medios de comunicaci\u00f3n, tanto nacionales y auton\u00f3micos como internacionales, seleccionados bajo el criterio de asistencia habitual a las comparecencias del Gobierno, y se a\u00f1adi\u00f3 a varios corresponsales internacionales.<\/span><\/p>\n<p style=\"text-align: justify;\"><span style=\"font-size: 14pt;\">Moncloa mantuvo ese mismo chat para el resto de ruedas de prensa que pasaron a hacerse en Moncloa, no s\u00f3lo para las del presidente o la posterior al Consejo de Ministros, que son las que habitualmente siguen los periodistas que cubren la informaci\u00f3n del Gobierno. As\u00ed, en ese mismo chat se plantean tambi\u00e9n las preguntas para la rueda de prensa diaria de los miembros del Comit\u00e9 T\u00e9cnico de Gesti\u00f3n.<\/span><\/p>\n<h2 class=\"despiece-story-epigraph\" style=\"text-align: justify;\"><span style=\"font-size: 14pt;\">Un ejemplo de rueda sin selecci\u00f3n de preguntas<\/span><\/h2>\n<p style=\"text-align: justify;\"><span style=\"font-size: 14pt;\">Esto provoc\u00f3 que numerosos medios se dirigieran a la SEC para solicitar su inclusi\u00f3n en ese chat, que ya supera los 160 medios de comunicaci\u00f3n. De hecho, Oliver habla en su carta de que la propuesta de la APM y FAPE no tiene el respaldo de \u201cotras muchas asociaciones y colegios profesionales de la prensa\u201d a los que no identifica.<\/span><\/p>\n<p style=\"text-align: justify;\"><span style=\"font-size: 14pt;\">Tras la queja de los periodistas en el manifiesto, se ha producido tan s\u00f3lo una excepci\u00f3n: la rueda de prensa de esta pasada semana para explicar los datos del paro por parte de los ministros de Trabajo, Yolanda D\u00edaz, y Seguridad Social, Jos\u00e9 Luis Escriv\u00e1.<\/span><\/p>\n<p style=\"text-align: justify;\"><span style=\"font-size: 14pt;\">Para esa ocasi\u00f3n, la rueda de prensa se restringi\u00f3 a los periodistas econ\u00f3micos especializados sin que se produjeran quejas. Pero lo m\u00e1s relevante fue que en esa rueda de prensa se hicieron todas y cada una de las muchas preguntas y hasta repreguntas que esos periodistas plantearon, a pesar de que las leyeran los responsables de prensa de cada uno de los dos Ministerios.<\/span><\/p>\n<p style=\"text-align: center;\"><span style=\"color: #008000;\"><span style=\"font-size: 14pt;\">\u2666<\/span><span style=\"font-size: 14pt;\">\u2666<\/span><span style=\"font-size: 14pt;\">\u2666<\/span><span style=\"font-size: 14pt;\">\u2666<\/span><span style=\"font-size: 14pt;\">\u2666<\/span><\/span><\/p>\n<div class=\"news-header-tit-box\">\n<p data-title=\"Los 20.000M del ICO se 'agotan' antes de estar disponibles\">\u00a0<\/p>\n<h1 class=\"news-header-tit\" style=\"text-align: center;\" data-title=\"Los 20.000M del ICO se 'agotan' antes de estar disponibles\"><a id=\"ref16\"><\/a><a href=\"#ref16a\">[16]<\/a> Los 20.000 millones del ICO a las empresas se &#8216;agotan&#8217; antes de estar disponibles<\/h1>\n<p class=\"news-header-opening-txt\" style=\"text-align: center;\"><span style=\"font-size: 18pt;\"><em>La banca cree que los avales p\u00fablicos durar\u00e1n \u00abhoras\u00bb ante la demanda de empresas tocadas por el Covid-19. El Gobierno todav\u00eda no ha decidido c\u00f3mo repartir este primer tramo<\/em><\/span><\/p>\n<\/div>\n<div class=\"news-header-media\">Por Jorge Zuloaga<\/div>\n<div>01\/04\/2020<\/div>\n<div><a href=\"https:\/\/www.elconfidencial.com\/empresas\/2020-04-01\/avales-ico-coronavirus-empresas-agotan-disponibles_2527928\/\" target=\"_blank\" rel=\"noopener\">EL CONFIDENCIAL<\/a>\u00a0<\/div>\n<div>\u00a0<\/div>\n<div>\n<figure id=\"attachment_28387\" aria-describedby=\"caption-attachment-28387\" style=\"width: 678px\" class=\"wp-caption aligncenter\"><img loading=\"lazy\" decoding=\"async\" class=\"wp-image-28387 size-mh-magazine-content\" src=\"https:\/\/puntocritico.com\/ausajpuntocritico\/wp-content\/uploads\/2020\/04\/los-20-000-millones-del-ico-a-las-empresas-se-agotan-antes-de-estar-disponibles-678x381.jpg\" alt=\"\" width=\"678\" height=\"381\" data-id=\"28387\" srcset=\"https:\/\/puntocritico.com\/ausajpuntocritico\/wp-content\/uploads\/2020\/04\/los-20-000-millones-del-ico-a-las-empresas-se-agotan-antes-de-estar-disponibles-678x381.jpg 678w, https:\/\/puntocritico.com\/ausajpuntocritico\/wp-content\/uploads\/2020\/04\/los-20-000-millones-del-ico-a-las-empresas-se-agotan-antes-de-estar-disponibles-300x169.jpg 300w, https:\/\/puntocritico.com\/ausajpuntocritico\/wp-content\/uploads\/2020\/04\/los-20-000-millones-del-ico-a-las-empresas-se-agotan-antes-de-estar-disponibles-768x432.jpg 768w, https:\/\/puntocritico.com\/ausajpuntocritico\/wp-content\/uploads\/2020\/04\/los-20-000-millones-del-ico-a-las-empresas-se-agotan-antes-de-estar-disponibles.jpg 996w\" sizes=\"auto, (max-width: 678px) 100vw, 678px\" \/><figcaption id=\"caption-attachment-28387\" class=\"wp-caption-text\"><span style=\"color: #008000;\">Nadia Calvi\u00f1o, vicepresidenta econ\u00f3mica del Gobierno. (EFE)<\/span><\/figcaption><\/figure>\n<\/div>\n<p>&nbsp;<\/p>\n<p style=\"text-align: justify;\"><span style=\"font-size: 14pt;\">El Gobierno todav\u00eda no ha activado la primera l\u00ednea de avales p\u00fablicos para empresas afectadas por el\u00a0<strong>par\u00f3n del\u00a0<a href=\"https:\/\/www.elconfidencial.com\/tags\/temas\/coronavirus-20888\/\" target=\"_blank\" rel=\"noopener noreferrer\">coronavirus<\/a><\/strong>&#8230; y ya tiene que ir pensando en la segunda. Diversas entidades consultadas por este medio aseguran que tienen\u00a0<strong>\u00absobredemanda\u00bb<\/strong>\u00a0<strong>de financiaci\u00f3n<\/strong>\u00a0de grandes compa\u00f1\u00edas, pymes y aut\u00f3nomos susceptibles de acogerse a estas l\u00edneas, por lo que se\u00f1alan que los\u00a0<strong><a href=\"https:\/\/www.elconfidencial.com\/empresas\/2020-03-24\/gobierno-lanza-primeras-ayudas-pymes-millones-avales-publicos_2515291\/\" target=\"_blank\" rel=\"noopener noreferrer\">primeros 20.000 millones<\/a>\u00a0\u00abdurar\u00e1n horas\u00bb<\/strong>.<\/span><\/p>\n<p style=\"text-align: justify;\"><span style=\"font-size: 14pt;\">\u00abPara ser realistas, seg\u00fan nuestros c\u00e1lculos, los 20.000 millones van a durar horas, sobre todo en el\u00a0<strong>tramo de pymes y aut\u00f3nomos<\/strong>, que\u00a0<strong>se va a quedar muy, muy corto<\/strong>\u00ab, explica el responsable de Empresas de una de las principales entidades espa\u00f1olas.<\/span><\/p>\n<p style=\"text-align: justify;\"><span style=\"font-size: 14pt;\">El Gobierno anunci\u00f3 hace una semana que activaba el primer tramo de los avales dise\u00f1ados para ayudar a empresas con problemas de liquidez por el par\u00f3n econ\u00f3mico: 20.000 millones de los\u00a0<a href=\"https:\/\/www.elconfidencial.com\/empresas\/2020-03-17\/gobierno-aprueba-linea-avales-bancarios-millones-covid_2503004\/\" target=\"_blank\" rel=\"noopener noreferrer\">100.000 millones<\/a>\u00a0que el presidente\u00a0<strong>Pedro S\u00e1nchez<\/strong>\u00a0hab\u00eda &#8216;pregonado&#8217; una semana antes. De estos, 10.000 millones est\u00e1n dirigidos a grandes empresas, de los que el Estado asumir\u00e1 entre el 60% y el 70% de las p\u00e9rdidas; y la otra mitad es para pymes y aut\u00f3nomos, con una cobertura del 80%.<\/span><\/p>\n<p style=\"text-align: justify;\"><span style=\"font-size: 14pt;\">El Ministerio de\u00a0<strong>Econom\u00eda transmite tranquilidad<\/strong>, ya que lo m\u00e1s laborioso es preparar los sistemas y convenios para lanzar el primer tramo. Una vez est\u00e9 en marcha, si se liquida r\u00e1pidamente, el Gobierno\u00a0<strong>podr\u00eda activar los siguientes 20.000 millones<\/strong>\u00a0\u2014o la cantidad que decidiera\u2014\u00a0<strong>casi autom\u00e1ticamente<\/strong>. El acuerdo del Consejo de Ministros que los aprobaba se public\u00f3 el pasado\u00a0<a href=\"https:\/\/www.boe.es\/boe\/dias\/2020\/03\/26\/pdfs\/BOE-A-2020-4070.pdf\" target=\"_blank\" rel=\"noopener noreferrer\">jueves 26 de marzo<\/a>\u00a0y se espera que la l\u00ednea est\u00e9 operativa entre esta semana y el lunes 6 de abril. El Instituto de Cr\u00e9dito Oficial (<strong><a href=\"https:\/\/www.ico.es\/web\/ico\/lineas-ico\" target=\"_blank\" rel=\"noopener noreferrer\">ICO<\/a><\/strong>) est\u00e1 trabajando para tenerlo lo antes posible. El Ejecutivo tom\u00f3 la decisi\u00f3n de articularlo por tramos para ir probando c\u00f3mo funciona, ver d\u00f3nde hay m\u00e1s demanda y corregir errores.<\/span><\/p>\n<p><span style=\"font-size: 14pt; text-align: justify;\">Aunque todav\u00eda no se admiten las operaciones <\/span><strong style=\"font-size: 14pt; text-align: justify;\">ICO Covid-19<\/strong><span style=\"font-size: 14pt; text-align: justify;\">, el Gobierno anunci\u00f3 que\u00a0<\/span><strong style=\"font-size: 14pt; text-align: justify;\">se aceptar\u00e1n<\/strong><span style=\"font-size: 14pt; text-align: justify;\">\u00a0<\/span><strong style=\"font-size: 14pt; text-align: justify;\">desde el 17 de marzo de forma retroactiva<\/strong><span style=\"font-size: 14pt; text-align: justify;\">. Eso explica el convencimiento de las entidades de que se agotar\u00e1 r\u00e1pidamente, ya que\u00a0<\/span><strong style=\"font-size: 14pt; text-align: justify;\">entrar\u00e1n de golpe miles de peticiones de liquidez<\/strong><span style=\"font-size: 14pt; text-align: justify;\">\u00a0de m\u00e1s de dos semanas, con el final de mes por medio. As\u00ed, los bancos empezaron a recibir la semana pasada una avalancha de solicitudes de financiaci\u00f3n para pagar las\u00a0<\/span><strong style=\"font-size: 14pt; text-align: justify;\">n\u00f3minas de marzo<\/strong><span style=\"font-size: 14pt; text-align: justify;\">, los\u00a0<\/span><strong style=\"font-size: 14pt; text-align: justify;\">alquileres<\/strong><span style=\"font-size: 14pt; text-align: justify;\">\u00a0y el\u00a0<\/span><strong style=\"font-size: 14pt; text-align: justify;\">IVA<\/strong><span style=\"font-size: 14pt; text-align: justify;\">\u00a0trimestral,\u00a0<\/span><a style=\"font-size: 14pt; text-align: justify;\" href=\"https:\/\/www.elconfidencial.com\/empresas\/2020-03-28\/empresas-piden-avalancha-credito-pagar-nominas-marzo_2520644\/\" target=\"_blank\" rel=\"noopener noreferrer\">como avanz\u00f3 este medio<\/a><span style=\"font-size: 14pt; text-align: justify;\">.<\/span><\/p>\n<p style=\"text-align: justify;\"><span style=\"font-size: 14pt;\">Uno de los puntos calientes todav\u00eda por decidir es\u00a0<strong>c\u00f3mo se van a repartir<\/strong>\u00a0estos 20.000 millones entre las entidades, algo que preocupa mucho en el sector financiero. Inicialmente, Gobierno y bancos pactaron que fuera por cuota de mercado, para que los bancos no compitan deslealmente. La semana pasada, se descart\u00f3 esta idea y se decidi\u00f3 volver a la operativa normal del ICO, en la que los avales se reparten\u00a0<strong>a demanda<\/strong>, sin ning\u00fan tipo de cuant\u00eda fijada con antelaci\u00f3n. Sin embargo, la sobredemanda podr\u00eda hacer al Gobierno volver al plan inicial, seg\u00fan las fuentes consultadas. Desde el Ministerio de Econom\u00eda, se\u00f1alan que \u00abse est\u00e1 estudiando la f\u00f3rmula para asegurar la adecuada distribuci\u00f3n\u00bb.\u00a0<strong>\u00abSi no se reparten por cuota, puede ser un caos\u00bb<\/strong>, exponen desde una entidad.<\/span><\/p>\n<p style=\"text-align: justify;\"><span style=\"font-size: 14pt;\">Otra de las dudas en el aire es qu\u00e9 tipo de operaciones van a pasar el\u00a0<strong>filtro del ICO<\/strong>. \u00ab\u00bfLa\u00a0<a href=\"https:\/\/www.elconfidencial.com\/empresas\/2020-03-23\/el-corte-ingles-pide-un-credito-expres-de-1-500-millones-por-el-impacto-del-covid-19_2511252\/\" target=\"_blank\" rel=\"noopener noreferrer\">l\u00ednea de liquidez a El Corte Ingl\u00e9s<\/a>\u00a0tendr\u00e1 aval del ICO? Si es as\u00ed, solo esta operaci\u00f3n son 1.250 millones\u00bb, se\u00f1alan desde un banco. Esta es una decisi\u00f3n que tendr\u00e1 que tomar el organismo p\u00fablico, ya que las financiaciones por encima de 50 millones tienen que contar con su visto bueno. Para el resto, es suficiente con que pasen los controles de riesgos de los bancos.<\/span><\/p>\n<p style=\"text-align: justify;\"><span style=\"font-size: 14pt;\">Todos estos factores son clave para determinar la velocidad a la que se consumen los 20.000 millones y saber cu\u00e1nto m\u00e1s tendr\u00e1 que poner el Gobierno en el siguiente tramo. Las entidades prestaron el a\u00f1o pasado una media de\u00a0<strong>27.000 millones mensuales a las empresas<\/strong>, en un entorno de menor necesidad de liquidez, seg\u00fan datos del\u00a0<a href=\"https:\/\/www.bde.es\/webbde\/es\/estadis\/infoest\/a1911.pdf\" target=\"_blank\" rel=\"noopener noreferrer\">Banco de Espa\u00f1a<\/a>. Y todo apunta a que el par\u00f3n econ\u00f3mico puede durar dos o tres meses.<\/span><\/p>\n<p style=\"text-align: justify;\"><strong><span style=\"font-size: 14pt;\">Tipos mucho m\u00e1s bajos<\/span><\/strong><\/p>\n<p style=\"text-align: justify;\"><span style=\"font-size: 14pt;\">A la espera de que Econom\u00eda culmine su operativa y se active la primera l\u00ednea ICO Covid-19, todas las entidades tienen claro que los precios de estos nuevos cr\u00e9ditos ser\u00e1n\u00a0<strong>mucho m\u00e1s baratos<\/strong>\u00a0de lo que hab\u00eda antes en mercado. Desde un grupo financiero, explican que\u00a0<strong>\u00abse est\u00e1n tirando los precios\u00bb<\/strong>, con un tipo medio establecido del 1,5-2% TAE (tasa anual equivalente) en el caso de pymes y aut\u00f3nomos, frente al 3-4% que ven\u00eda ofreci\u00e9ndose hasta ahora, m\u00e1s una comisi\u00f3n del 1,5% de apertura y otro 1,5% en caso de cancelaci\u00f3n anticipada.<\/span><\/p>\n<p style=\"text-align: justify;\"><span style=\"font-size: 14pt;\">\u00abAsumimos que estas l\u00edneas no son para ganar dinero, sino para salvar al mayor n\u00famero posible de empresas y aut\u00f3nomos\u00bb, aseguran desde un banco. A\u00f1aden que tras tres semanas de par\u00f3n, hay se\u00f1ales positivas:\u00a0<strong>\u00abLa mayor\u00eda de empresas est\u00e1n dejando claro que quieren seguir intent\u00e1ndolo<\/strong>, aunque no vayan sobradas, para aguantar dos o tres meses\u00bb.<\/span><\/p>\n<p>&nbsp;<\/p>\n<p><a href=\"https:\/\/puntocritico.com\/ausajpuntocritico\/author\/punto-critico\/\"><img loading=\"lazy\" decoding=\"async\" class=\"aligncenter wp-image-48\" src=\"https:\/\/puntocritico.com\/ausajpuntocritico\/wp-content\/uploads\/2016\/11\/Mosca_Punto_Cr\u00edtico_40.png\" alt=\"\" width=\"80\" height=\"80\" data-id=\"48\" \/><\/a><\/p>\n<p>&nbsp;<\/p>\n<p>&nbsp;<\/p>\n<p>&nbsp;<\/p>\n","protected":false},"excerpt":{"rendered":"<div class=\"mh-excerpt\"><p>[1] Se\u00f1or presidente: \u00bfPor que no aplica el estado de excepci\u00f3n? Por Ricardo Rodriguez 05\/04\/2020 CONFILEGAL &nbsp; &nbsp; Por Real Decreto 463\/2020, de 14 de marzo, el Gobierno de Espa\u00f1a declar\u00f3 el estado de alarma <a class=\"mh-excerpt-more\" href=\"https:\/\/puntocritico.com\/ausajpuntocritico\/2020\/04\/06\/coronavirus-biodictadura-suspension-de-los-derechos-humanos-sin-control-parlamentario-ni-judicial-la-otra-pandemia\/\" title=\"#CORONAVIRUS: BIODICTADURA. Suspensi\u00f3n de los Derechos Humanos sin control parlamentario ni judicial. La otra Pandemia\">[&#8230;]<\/a><\/p>\n<\/div>","protected":false},"author":3,"featured_media":28385,"comment_status":"open","ping_status":"closed","sticky":false,"template":"","format":"standard","meta":{"_acf_changed":false,"_exactmetrics_skip_tracking":false,"_exactmetrics_sitenote_active":false,"_exactmetrics_sitenote_note":"","_exactmetrics_sitenote_category":0,"footnotes":""},"categories":[7],"tags":[52],"class_list":{"0":"post-28303","1":"post","2":"type-post","3":"status-publish","4":"format-standard","5":"has-post-thumbnail","7":"category-politica","8":"tag-covid"},"acf":[],"_links":{"self":[{"href":"https:\/\/puntocritico.com\/ausajpuntocritico\/wp-json\/wp\/v2\/posts\/28303","targetHints":{"allow":["GET"]}}],"collection":[{"href":"https:\/\/puntocritico.com\/ausajpuntocritico\/wp-json\/wp\/v2\/posts"}],"about":[{"href":"https:\/\/puntocritico.com\/ausajpuntocritico\/wp-json\/wp\/v2\/types\/post"}],"author":[{"embeddable":true,"href":"https:\/\/puntocritico.com\/ausajpuntocritico\/wp-json\/wp\/v2\/users\/3"}],"replies":[{"embeddable":true,"href":"https:\/\/puntocritico.com\/ausajpuntocritico\/wp-json\/wp\/v2\/comments?post=28303"}],"version-history":[{"count":0,"href":"https:\/\/puntocritico.com\/ausajpuntocritico\/wp-json\/wp\/v2\/posts\/28303\/revisions"}],"wp:featuredmedia":[{"embeddable":true,"href":"https:\/\/puntocritico.com\/ausajpuntocritico\/wp-json\/wp\/v2\/media\/28385"}],"wp:attachment":[{"href":"https:\/\/puntocritico.com\/ausajpuntocritico\/wp-json\/wp\/v2\/media?parent=28303"}],"wp:term":[{"taxonomy":"category","embeddable":true,"href":"https:\/\/puntocritico.com\/ausajpuntocritico\/wp-json\/wp\/v2\/categories?post=28303"},{"taxonomy":"post_tag","embeddable":true,"href":"https:\/\/puntocritico.com\/ausajpuntocritico\/wp-json\/wp\/v2\/tags?post=28303"}],"curies":[{"name":"wp","href":"https:\/\/api.w.org\/{rel}","templated":true}]}}