{"id":27535,"date":"2020-03-12T00:05:19","date_gmt":"2020-03-11T23:05:19","guid":{"rendered":"https:\/\/puntocritico.com\/ausajpuntocritico\/?p=27535"},"modified":"2022-08-23T16:58:42","modified_gmt":"2022-08-23T14:58:42","slug":"estoicos","status":"publish","type":"post","link":"https:\/\/puntocritico.com\/ausajpuntocritico\/2020\/03\/12\/estoicos\/","title":{"rendered":"ESTOICOS: \u00abEl estoicismo crea individuos que no pueden ser intimidados por los poderosos porque no temen abandonar todo o morir\u00bb"},"content":{"rendered":"<h2 class=\"c3 k6\" style=\"text-align: center;\"><span style=\"font-size: 36pt; color: #008000;\">Estoicos<\/span><\/h2>\n<p>&nbsp;<\/p>\n<figure id=\"attachment_27578\" aria-describedby=\"caption-attachment-27578\" style=\"width: 410px\" class=\"wp-caption aligncenter\"><img loading=\"lazy\" decoding=\"async\" class=\"wp-image-27578\" src=\"https:\/\/puntocritico.com\/ausajpuntocritico\/wp-content\/uploads\/2020\/03\/PINTURA-ESTOICISMO-LIBERTAD.jpg\" alt=\"\" width=\"410\" height=\"571\" data-id=\"27578\" srcset=\"https:\/\/puntocritico.com\/ausajpuntocritico\/wp-content\/uploads\/2020\/03\/PINTURA-ESTOICISMO-LIBERTAD.jpg 500w, https:\/\/puntocritico.com\/ausajpuntocritico\/wp-content\/uploads\/2020\/03\/PINTURA-ESTOICISMO-LIBERTAD-216x300.jpg 216w\" sizes=\"auto, (max-width: 410px) 100vw, 410px\" \/><figcaption id=\"caption-attachment-27578\" class=\"wp-caption-text\"><span style=\"color: #008000;\">Estoicismo \u2013 Nadie es libre si no es due\u00f1o de s\u00ed mismo<\/span><\/figcaption><\/figure>\n<p>&nbsp;<\/p>\n<p>&nbsp;<\/p>\n<blockquote>\n<p style=\"text-align: center;\"><span style=\"font-size: 18pt;\"><strong>ESTOICISMO: DEFINICIONES<\/strong><\/span><\/p>\n<p><strong><span style=\"font-size: 14pt;\">Estoicos:<\/span><\/strong><\/p>\n<p style=\"text-align: justify;\"><span style=\"font-size: 14pt;\">(Del griego: \u201cst\u00f3a\u201d, p\u00f3rtico.) Los estoicos fueron los representantes de una tendencia filos\u00f3fica surgida en la Grecia Antigua alrededor del siglo III antes de nuestra era y que sigui\u00f3 existiendo durante muchos siglos. La denominaci\u00f3n procede del \u201cst\u00f3a\u201d griego, el p\u00f3rtico donde ense\u00f1aba el fundador del estoicismo, Zen\u00f3n de Citio (alrededor de los a\u00f1os 336-264 antes de nuestra era). La historia del estoicismo se divide en tres per\u00edodos: el \u201cst\u00f3a\u201d antiguo (su m\u00e1s c\u00e9lebre pensador era Crisipo, a\u00f1os 281-207 antes de nuestra era), el \u201cst\u00f3a\u201d medio y el nuevo. En la \u00e9poca del Imperio Romano, el \u201cst\u00f3a\u201d (nuevo), con su preferencia por la \u00e9tica y los problemas morales, que le caracteriza, est\u00e1 representado por S\u00e9neca (alrededor de los a\u00f1os 2-65), Epicteto (alrededor de los a\u00f1os 50-138) y Marco Aurelio (121-180). Los estoicos divid\u00edan la filosof\u00eda en l\u00f3gica, f\u00edsica y \u00e9tica. En su l\u00f3gica desenvolvieron la teor\u00eda sensualista (ver:\u00a0<i>Sensualismo<\/i>) del conocimiento. Todos los conocimientos, seg\u00fan esta teor\u00eda, son suministrados por las percepciones sensoriales. El alma, antes de la experiencia, es una tabla rasa. Las ideas son impresiones de los objetos en el alma. Las representaciones sensibles son sometidas despu\u00e9s a una reelaboraci\u00f3n por la inteligencia: as\u00ed se forman los conceptos y los juicios generales. El depositario de todos los procesos del conocimiento, seg\u00fan la doctrina de los estoicos, es el alma, que representa un cuerpo de una clase especial, el pneuma (uni\u00f3n de aire con fuego). En el terreno de la f\u00edsica, los estoicos se evidencian como materialistas; desenvuelven la teor\u00eda de\u00a0<i>Her\u00e1clito<\/i>\u00a0(ver) sobre el fuego. Consideran la Naturaleza como un todo \u00edntegro material, y al mismo tiempo, racional y vivo, cuyas partes todas se hallan en movimiento. \u201cEl sabio estoico no tiene en cuenta, ni mucho menos, \u2018una vida sin desarrollo vital\u2019, sino una vida\u00a0<i>absolutamente m\u00f3vil<\/i>, como ya se deriva de su concepci\u00f3n sobre la Naturaleza, concepci\u00f3n heracliteana, din\u00e1mica, en desarrollo y viva\u201d (<a href=\"http:\/\/www.filosofia.org\/enc\/ros\/marx.htm\" target=\"_blank\" rel=\"noopener\">Marx<\/a>). El fuego es al mismo tiempo la raz\u00f3n (el logos), la divinidad. Todo en el mundo est\u00e1 sujeto a la severa necesidad. La noci\u00f3n de los antiguos sobre el destino adquiere en los estoicos el car\u00e1cter de una conexi\u00f3n causal de las cosas. De la filosof\u00eda naturalista de los estoicos se deriva la regla fundamental del \u201chombre prudente\u201d: \u201cvivir en conformidad con la Naturaleza\u201d, es decir, en conformidad con la raz\u00f3n mundial e individual. El hombre, al someterse a la raz\u00f3n, se desembaraza de las pasiones y del yugo de las cosas exteriores, alcanza la impasibilidad (la \u201capat\u00eda\u201d). El hombre libre es feliz y s\u00f3lo est\u00e1 sujeto a su propia voluntad. Su felicidad es condicionada, no por los placeres sensuales, sino por la conciencia de la virtud. As\u00ed como todos los objetos proceden de la sustancia \u00fanica (el fuego), as\u00ed tambi\u00e9n las inteligencias de los hombres son part\u00edculas de la raz\u00f3n universal. El hombre es ciudadano del universo. El esclavo y el amo, el noble y el plebeyo, en principio, son iguales. Esta proclamaci\u00f3n de igualdad y la tendencia cosmopolita de los estoicos fueron la expresi\u00f3n ideol\u00f3gica del comienzo de la desintegraci\u00f3n de la sociedad esclavista.<\/span><\/p>\n<p class=\"ad c1 fv\" style=\"text-align: right;\"><span style=\"font-size: 14pt;\"><a href=\"http:\/\/www.filosofia.org\/urss\/dfm1946.htm\" target=\"_blank\" rel=\"noopener\">Diccionario filos\u00f3fico marxista<\/a>\u00a0\u00b7 1946:106-107<\/span><\/p>\n<p style=\"text-align: justify;\">\u00a0<\/p>\n<p><img loading=\"lazy\" decoding=\"async\" class=\"aligncenter wp-image-27543\" src=\"https:\/\/puntocritico.com\/ausajpuntocritico\/wp-content\/uploads\/2020\/03\/Deseo-y-Felicidad-no-son-compatibles-OK.jpg\" alt=\"\" width=\"360\" height=\"202\" data-id=\"27543\" \/><\/p>\n<p>&nbsp;<\/p>\n<h2 class=\"c3 k6\" style=\"text-align: justify;\"><span style=\"font-size: 14pt;\">Estoicos:\u00a0<\/span><\/h2>\n<p style=\"text-align: justify;\"><span style=\"font-size: 14pt;\">Adeptos de una corriente filos\u00f3fica que floreci\u00f3 en la Grecia antigua (entre el siglo III a.n.e. y el II de n.e.). Su nombre proviene del griego, \u03a3\u03c4\u03bf\u03ac, p\u00f3rtico, lugar donde ense\u00f1aba el fundador del estoicismo, Zen\u00f3n de Citio (aproximadamente 336-264 a.n.e.). La doctrina de los estoicos es dispar y contradictoria. A pesar de ciertos elementos positivos, refleja en su conjunto, el per\u00edodo de disgregaci\u00f3n de la sociedad esclavista, la decadencia de la filosof\u00eda griega. Se distinguen tres per\u00edodos en la historia del estoicismo: el antiguo estoicismo, cuyo pensador m\u00e1s eminente fue Crisipo (alrededor de 280 a 205 a.n.e.), el medio y el nuevo estoicismo. En la \u00e9poca del Imperio Romano, S\u00e9neca (3 a 65), Epicteto (50 a 138) y Marco Aurelio (121-180) ilustran el nuevo estoicismo que se distingue por su inter\u00e9s por los problemas morales. Los estoicos divid\u00edan la filosof\u00eda en l\u00f3gica, f\u00edsica y \u00e9tica. En l\u00f3gica profesaban el sensualismo, y afirmaban que las sensaciones constituyen la fuente de todos los conocimientos. Antes de producirse ninguna experiencia, el alma es s\u00f3lo una tabla rasa. Las representaciones son im\u00e1genes de las cosas que se reflejan en el alma. Los datos de los sentidos sufren de inmediato la acci\u00f3n del pensamiento; es as\u00ed como se forman las ideas generales, los juicios. Seg\u00fan los estoicos, todos los procesos del conocimiento se producen en el alma, que es una substancia de tipo especial, el \u201cpneuma\u201d, combinaci\u00f3n del aire y del fuego. Los estoicos fundan su f\u00edsica, en lo esencial, en principios materialistas, y desarrollan la doctrina de\u00a0<a href=\"http:\/\/www.filosofia.org\/enc\/ros\/herae.htm\" target=\"_blank\" rel=\"noopener\"><i>Her\u00e1clito<\/i><\/a>\u00a0(ver). Para ellos, la naturaleza es un todo material, vivo y racional, cuyas partes est\u00e1n en movimiento. \u201cEl sabio estoico\u201d, escribe Marx, \u201cno se representa \u2018una vida sin evoluci\u00f3n\u2019, sino una absolutamente cambiante, lo que surge de su concepci\u00f3n de la naturaleza, que es la de Her\u00e1clito, din\u00e1mica, evolutiva, viva\u201d (<a href=\"http:\/\/www.filosofia.org\/enc\/ros\/marx.htm\" target=\"_blank\" rel=\"noopener\">Marx<\/a>\/Engels,\u00a0<i>Obras<\/i>, Ed. alem.). Sin embargo, para los estoicos la materia era un principio pasivo y Dios, un principio activo. Todo estaba sometido a una rigurosa necesidad (\u201cdestino\u201d) que interpretaban de una manera fatalista. Sobre esa base constru\u00edan la \u00e9tica. En su lucha contra\u00a0<a href=\"http:\/\/www.filosofia.org\/enc\/ros\/epicu.htm\" target=\"_blank\" rel=\"noopener\"><i>Epicuro<\/i><\/a>\u00a0(ver) consideraban que lo esencial es la virtud y no el goce, y preconizaban la sumisi\u00f3n al destino, la apat\u00eda, el renunciamiento a las alegr\u00edas de la vida. Opon\u00edan al mundo cambiante de las cosas, la \u201cestabilidad\u201d de la raz\u00f3n. Propagaban ideas cosmopolitas. Su \u00e9tica se prestaba al juego de la ideolog\u00eda de las clases explotadoras. No es casual que en la \u00e9poca imperialista, los reaccionarios recurran a la contribuci\u00f3n de la moral estoica. El cristianismo naciente, con su culto de sumisi\u00f3n del hombre a su \u201cdestino\u201d, de su sumisi\u00f3n pasiva a los opresores, &amp;c., debe mucho a esta doctrina. Marx y Engels hicieron notar que los estoicos aceptaban las \u201cvisiones\u201d y que por esta raz\u00f3n, Epicuro los trataba de \u201cviejas comadres\u201d, y que los adeptos del neo-platonismo, idealistas reaccionarios de la sociedad esclavista decadente, hab\u00edan tomado de ellos sus \u201ccharlataner\u00edas sobre los esp\u00edritus\u201d.<\/span><\/p>\n<p class=\"ad c1 fv\" style=\"text-align: right;\"><span style=\"font-size: 14pt;\"><a href=\"http:\/\/www.filosofia.org\/urss\/dfa1959.htm\" target=\"_blank\" rel=\"noopener\">Diccionario filos\u00f3fico abreviado<\/a>\u00a0\u00b7 1959:174-175<\/span><\/p>\n<p style=\"text-align: justify;\">\u00a0<\/p>\n<p><img loading=\"lazy\" decoding=\"async\" class=\"aligncenter wp-image-27542\" src=\"https:\/\/puntocritico.com\/ausajpuntocritico\/wp-content\/uploads\/2020\/03\/Marco-Aurelio.jpg\" alt=\"\" width=\"360\" height=\"269\" data-id=\"27542\" srcset=\"https:\/\/puntocritico.com\/ausajpuntocritico\/wp-content\/uploads\/2020\/03\/Marco-Aurelio.jpg 260w, https:\/\/puntocritico.com\/ausajpuntocritico\/wp-content\/uploads\/2020\/03\/Marco-Aurelio-80x60.jpg 80w\" sizes=\"auto, (max-width: 360px) 100vw, 360px\" \/><\/p>\n<p>&nbsp;<\/p>\n<h2 class=\"c3 k6\" style=\"text-align: justify;\"><span style=\"font-size: 14pt;\">Estoicos:\u00a0<\/span><\/h2>\n<p style=\"text-align: justify;\"><span style=\"font-size: 14pt;\">Representantes de una escuela filos\u00f3fica surgida a fines del siglo IV a. n. e. sobre la base de la cultura helen\u00edstica, al difundirse ideas cosmopolitas e individualistas y al desarrollarse la t\u00e9cnica sustentada en los conocimientos matem\u00e1ticos. Los pensadores m\u00e1s notables de la escuela estoica de los siglos IV y III fueron\u00a0<i>Zen\u00f3n<\/i>\u00a0y\u00a0<i>Crisipo.<\/i>\u00a0Los estoicos defin\u00edan con la siguiente comparaci\u00f3n el lugar y el papel de las ciencias por ellos cultivadas: la l\u00f3gica es la cerca; la f\u00edsica, la tierra f\u00e9rtil; la \u00e9tica, los frutos que esta tierra da. La tarea principal de la filosof\u00eda radica en la \u00e9tica; el conocimiento no es m\u00e1s que un medio para adquirir la sabidur\u00eda, el arte de saber vivir. Es necesario vivir conforme a la naturaleza. Tal es el ideal del aut\u00e9ntico sabio. La felicidad radica en librarse de las pasiones, en el sosiego del alma, en la indiferencia. En la vida, todo se halla predeterminado por el destino. A quien as\u00ed lo quiere, le lleva el destino tras s\u00ed; a quienes se resisten, los arrastra a la fuerza. Los estoicos eran materialistas en lo tocante a la concepci\u00f3n de la naturaleza. En el mundo no hay m\u00e1s que cuerpos de densidad diferente. Es necesario distinguir lo verdadero y la verdad. En verdad existen s\u00f3lo cuerpos. Lo verdadero, en cambio, es incorp\u00f3reo y no existe. Lo verdadero es s\u00f3lo enunciaci\u00f3n. En el estoicismo, el materialismo se combina con el nominalismo. Los sentidos perciben la realidad como algo singular. La ciencia tiende a conocer lo general, pero en el mundo lo general como tal no existe. Los estoicos admit\u00edan cuatro categor\u00edas 1) substrato (lo que existe); 2) cualidad; 3) estado (por ejemplo, \u201cencontrarse\u201d); 4) estado relativo (\u201cencontrarse a la derecha de alguna cosa\u201d). En contraposici\u00f3n a la l\u00f3gica de los predicados (<a href=\"http:\/\/www.filosofia.org\/enc\/ros\/aristote.htm\" target=\"_blank\" rel=\"noopener\"><i>Arist\u00f3teles<\/i><\/a>), los estoicos crearon la l\u00f3gica de las\u00a0<i>proposiciones,<\/i>\u00a0que tiene en su base los juicios condicionales y no los categ\u00f3ricos; los estoicos establecieron los tipos del nexo de juicios que la l\u00f3gica moderna denomina\u00a0<i>implicaci\u00f3n<\/i>\u00a0material. Los estoicos m\u00e1s relevantes de las \u00e9pocas subsiguientes fueron los disc\u00edpulos de Crisipo, Zen\u00f3n de Tarso y Di\u00f3genes de Seleucia; Boezo de Sid\u00f3n (muri\u00f3 en 119) y Panecio de Rodas (siglo II a. n. e.). En los primeros siglos de nuestra era, empez\u00f3 a desarrollarse el estoicismo en territorio romano, con la particularidad de que se elaboraban en lo fundamental las ideas morales y religiosas de la doctrina estoica; entre los estoicos de esta \u00e9poca hay que incluir a Lucio Anneo\u00a0<i>S\u00e9neca,<\/i>\u00a0Musonio Rufo,\u00a0<a href=\"http:\/\/www.filosofia.org\/enc\/ros\/epict.htm\" target=\"_blank\" rel=\"noopener\"><i>Epicteto<\/i><\/a>\u00a0y el emperador\u00a0<a href=\"http:\/\/www.filosofia.org\/enc\/ros\/marco.htm\" target=\"_blank\" rel=\"noopener\"><i>Marco Aurelio<\/i><\/a>.<\/span><\/p>\n<p class=\"ad c1 fv\" style=\"text-align: right;\"><span style=\"font-size: 14pt;\"><a href=\"http:\/\/www.filosofia.org\/urss\/dfi1965.htm\" target=\"_blank\" rel=\"noopener\">Diccionario filos\u00f3fico<\/a>\u00a0\u00b7 1965:158<\/span><\/p>\n<p style=\"text-align: justify;\">\u00a0<\/p>\n<p><img loading=\"lazy\" decoding=\"async\" class=\"aligncenter size-full wp-image-27544\" src=\"https:\/\/puntocritico.com\/ausajpuntocritico\/wp-content\/uploads\/2020\/03\/Estoicos-desenfocado.jpg\" alt=\"\" width=\"660\" height=\"192\" data-id=\"27544\" srcset=\"https:\/\/puntocritico.com\/ausajpuntocritico\/wp-content\/uploads\/2020\/03\/Estoicos-desenfocado.jpg 660w, https:\/\/puntocritico.com\/ausajpuntocritico\/wp-content\/uploads\/2020\/03\/Estoicos-desenfocado-300x87.jpg 300w\" sizes=\"auto, (max-width: 660px) 100vw, 660px\" \/><\/p>\n<p>&nbsp;<\/p>\n<h2 class=\"c3 k6\" style=\"text-align: justify;\"><span style=\"font-size: 14pt;\">Estoicos:\u00a0<\/span><\/h2>\n<p style=\"text-align: justify;\"><span style=\"font-size: 14pt;\">Representantes de una doctrina filos\u00f3fica que surgi\u00f3 a fines del siglo 4 a.n.e. sobre la base de la cultura helen\u00edstica, en virtud de la propagaci\u00f3n de las ideas cosmopolitas e individualistas y el desarrollo de la t\u00e9cnica fundado en los conocimientos matem\u00e1ticos. Las figuras principales de la escuela estoica de los siglos 4-3 a.n.e. fueron\u00a0<i>Zen\u00f3n<\/i>\u00a0y\u00a0<i>Crisipo<\/i>. Estos \u00faltimos determinaban el lugar y papel de las ciencias de las que se ocupaban los estoicos vali\u00e9ndose de la siguiente comparaci\u00f3n: la l\u00f3gica es la cerca; la f\u00edsica, el suelo f\u00e9rtil, y la \u00e9tica, sus frutos. La principal tarea de la filosof\u00eda se contiene en la \u00e9tica; el conocimiento no es sino un medio necesario para hacerse sabio y saber vivir. Hay que vivir en consonancia con la naturaleza. Este es el ideal del verdadero sabio. La felicidad consiste en librarse de las pasiones, en la tranquilidad de esp\u00edritu y la indiferencia. El destino lo predetermina todo en la vida. Al que lo quiere, el destino lo lleva consigo, y al que se opone, lo lleva violentamente. En la comprensi\u00f3n de la naturaleza, los estoicos eran materialistas, pero su materialismo se engranaba con el\u00a0<i>nominalismo<\/i>. A diferencia de la l\u00f3gica de los predicados (Arist\u00f3teles), los estoicos crearon la l\u00f3gica de los\u00a0<i>enunciados<\/i>\u00a0como doctrina de la formaci\u00f3n de los enunciados complejos a partir de los simples y desarrollaron sobre esta base la teor\u00eda proposicional de la conclusi\u00f3n. Los estoicos establecieron los tipos de conexi\u00f3n de los juicios, que la l\u00f3gica moderna llama\u00a0<i>conjunci\u00f3n<\/i>,\u00a0<i>disyunci\u00f3n<\/i>\u00a0e\u00a0<i>implicaci\u00f3n<\/i>\u00a0material. En los primeros siglos de nuestra era, el estoicismo empez\u00f3 a desarrollarse sobre terreno romano, estudi\u00e1ndose principalmente las ideas morales y religiosas de la doctrina \u00e9tica (<i>S\u00e9neca<\/i>,\u00a0<i>Epicteto<\/i>,\u00a0<i>Marco Aurelio<\/i>).<\/span><\/p>\n<p class=\"ad c1 fv\" style=\"text-align: right;\"><span style=\"font-size: 14pt;\"><a href=\"http:\/\/www.filosofia.org\/urss\/ddf1984.htm\" target=\"_blank\" rel=\"noopener\">Diccionario de filosof\u00eda<\/a>\u00a0\u00b7 1984:151-152<\/span><\/p>\n<p>&nbsp;<\/p>\n<p><img loading=\"lazy\" decoding=\"async\" class=\"aligncenter wp-image-27545\" src=\"https:\/\/puntocritico.com\/ausajpuntocritico\/wp-content\/uploads\/2020\/03\/Estoicos-en-roma.jpg\" alt=\"\" width=\"580\" height=\"197\" data-id=\"27545\" srcset=\"https:\/\/puntocritico.com\/ausajpuntocritico\/wp-content\/uploads\/2020\/03\/Estoicos-en-roma.jpg 1024w, https:\/\/puntocritico.com\/ausajpuntocritico\/wp-content\/uploads\/2020\/03\/Estoicos-en-roma-300x102.jpg 300w, https:\/\/puntocritico.com\/ausajpuntocritico\/wp-content\/uploads\/2020\/03\/Estoicos-en-roma-768x261.jpg 768w\" sizes=\"auto, (max-width: 580px) 100vw, 580px\" \/><\/p>\n<p style=\"text-align: right;\"><span style=\"font-size: 14pt; color: #008000;\"><a style=\"color: #008000;\" href=\"http:\/\/www.filosofia.org\/enc\/ros\/esto.htm\" target=\"_blank\" rel=\"noopener\"><span style=\"font-size: 14pt;\">FILOSOF\u00cdA.ORG<\/span><\/a><\/span><\/p>\n<\/blockquote>\n<h2>\u00a0<\/h2>\n<h2 style=\"text-align: center;\"><span style=\"color: #008000;\"><strong>***<\/strong><\/span><\/h2>\n<p>&nbsp;<\/p>\n<table style=\"border-collapse: collapse; width: 100%;\">\n<tbody>\n<tr>\n<td style=\"width: 100%; border-color: #000000; background-color: #fafcf7;\">\n<h2 id=\"queson\" style=\"text-align: center;\"><span style=\"font-size: 24pt;\">Qu\u00e9 es Estoicismo<\/span><\/h2>\n<p style=\"text-align: justify;\"><span style=\"font-size: 14pt;\">Como\u00a0<strong>estoicismo<\/strong>\u00a0se denomina la\u00a0<strong>doctrina filos\u00f3fica que practicaba el dominio de las pasiones que perturban la vida vali\u00e9ndose de la virtud y la raz\u00f3n<\/strong>. Como tal, su objeto era alcanzar la felicidad y la sabidur\u00eda prescindiendo de las comodidades, los bienes materiales y la fortuna. De all\u00ed que tambi\u00e9n designe cierta<strong>\u00a0actitud moral<\/strong>, relacionada con la fortaleza y la ecuanimidad en el car\u00e1cter.<\/span><\/p>\n<p style=\"text-align: justify;\"><span style=\"font-size: 14pt;\">El ideal de los estoicos era\u00a0<strong>lograr la imperturbabilidad\u00a0<\/strong>y cierto grado de independencia ante el mundo externo. Aunque era una doctrina fundamentalmente \u00e9tica, tambi\u00e9n ten\u00eda sus propias concepciones l\u00f3gicas y f\u00edsicas. Fue influida por los c\u00ednicos y por Her\u00e1clito.<\/span><\/p>\n<p style=\"text-align: justify;\"><span style=\"font-size: 14pt;\">La escuela estoica fue fundada por<strong>\u00a0Zen\u00f3n de Citio\u00a0<\/strong>hacia el a\u00f1o 301 a. de C. en Atenas. Acostumbraban reunirse en un p\u00f3rtico de la ciudad, de lo cual deriv\u00f3 su nombre, que proviene del griego \u03a3\u03c4\u03c9\u03ca\u03ba\u1f79\u03c2 (Stoik\u00f3s), derivado de \u03c3\u03c4\u03bf\u1f71 (sto\u00e1), que significa \u2018p\u00f3rtico\u2019.<\/span><\/p>\n<p style=\"text-align: justify;\"><span style=\"font-size: 14pt;\">Fue una de las escuelas filos\u00f3ficas hel\u00e9nicas de mayor influencia. Su periodo de auge se registra entre el siglo III a. de C. y el II d. de C. Su debilitamiento coincidi\u00f3 con el auge del cristianismo.<\/span><\/p>\n<p style=\"text-align: justify;\"><span style=\"font-size: 14pt;\">En la\u00a0<strong>doctrina estoica<\/strong>\u00a0se reconocen tres fases: una primera, encabezada por Zen\u00f3n y Crisipo, denominada\u00a0<strong>estoicismo antiguo<\/strong>; la segunda, caracterizada por las contribuciones de Panecio y Posidonio, se conoce como\u00a0<strong>estoicismo medio<\/strong>, y finalmente, se encuentra el\u00a0<strong>estoicismo nuevo<\/strong>, representado por figuras de la talla de\u00a0<strong>S\u00e9neca<\/strong>, Ep\u00edcteto y Marco Aurelio.<\/span><\/p>\n<h2 style=\"text-align: justify;\"><span style=\"font-size: 14pt;\">\u00c9tica estoica<\/span><\/h2>\n<p style=\"text-align: justify;\"><span style=\"font-size: 14pt;\">La\u00a0<strong>\u00e9tica estoica<\/strong>\u00a0es la faceta m\u00e1s conocida de esta escuela. Como tal, propone que la felicidad implica vivir conforme a nuestra naturaleza racional; que el \u00fanico bien es la virtud y el \u00fanico mal es el vicio y la conducta pasional e irracional; que las pasiones que perturban la raz\u00f3n son contrarias al ideal estoico; que los bienes materiales o aspectos de la vida humana, como la salud o la enfermedad, el dolor o el placer, son indiferentes para el estoico y de all\u00ed proviene su fortaleza. Todo esto tiene como objeto alcanzar la apat\u00eda, que es aceptaci\u00f3n de los ideales asc\u00e9ticos. En este sentido, es un sistema que se opone al hedonismo de Epicuro y al eudemonismo de Arist\u00f3teles.<\/span><\/p>\n<h2 style=\"text-align: justify;\"><span style=\"font-size: 14pt;\">Estoicismo, epicure\u00edsmo y escepticismo<\/span><\/h2>\n<p style=\"text-align: justify;\"><span style=\"font-size: 14pt;\">El estoicismo, el epicure\u00edsmo y el escepticismo son tres corrientes de pensamiento filos\u00f3fico surgidos en la Antigua Grecia. Mientras que tanto el\u00a0<strong>estoicismo<\/strong>\u00a0como del\u00a0<strong>epicure\u00edsmo<\/strong>\u00a0son doctrinas que se proponen alcanzar la felicidad \u2014el primero a trav\u00e9s del dominio de las pasiones que perturban la vida, y el segundo mediante el equilibrio de los placeres en funci\u00f3n del bienestar del cuerpo y de la mente\u2014, el\u00a0<strong>escepticismo<\/strong>, m\u00e1s que una doctrina, es una actitud o una corriente de pensamiento basada en la desconfianza o la duda hecha extensiva a todas las cosas, incluido el propio juicio del esc\u00e9ptico.<\/span><\/p>\n<p style=\"text-align: right;\"><span style=\"color: #008000;\">https:\/\/www.significados.com\/estoicismo\/<\/span><\/p>\n<\/td>\n<\/tr>\n<\/tbody>\n<\/table>\n<h1>\u00a0<\/h1>\n<h1 style=\"text-align: center;\"><span style=\"font-size: 18pt; color: #008000;\">***<\/span><\/h1>\n<h1 class=\"title style-scope ytd-video-primary-info-renderer\" style=\"text-align: center;\">Versi\u00f3n Completa. Estoicismo: una filosof\u00eda de vida. Massimo Pigliucci, doctor en Filosof\u00eda<\/h1>\n<div id=\"info\" class=\"style-scope ytd-video-primary-info-renderer\" style=\"text-align: center;\"><iframe loading=\"lazy\" src=\"\/\/player.vimeo.com\/video\/397064104?title=0&amp;amp;byline=0\" width=\"640\" height=\"480\" frameborder=\"0\" allowfullscreen=\"allowfullscreen\"><\/iframe><\/div>\n<h1 class=\"title style-scope ytd-video-primary-info-renderer\" style=\"text-align: center;\"><span style=\"font-size: 14pt;\">Estoicismo: una filosof\u00eda de vida. Massimo Pigliucci<\/span><\/h1>\n<h1 style=\"text-align: center;\"><span style=\"font-size: 18pt; color: #008000;\">*****<\/span><\/h1>\n<p>&nbsp;<\/p>\n<p><img loading=\"lazy\" decoding=\"async\" class=\"size-full wp-image-12325 aligncenter\" src=\"https:\/\/puntocritico.com\/ausajpuntocritico\/wp-content\/uploads\/2018\/05\/marco-aurelio-moneda.jpg\" alt=\"\" width=\"287\" height=\"294\" data-id=\"12325\" \/><\/p>\n<h1>\u00a0<\/h1>\n<h1 class=\"story-body__h1\" style=\"text-align: center;\">Qu\u00e9 es el estoicismo, la filosof\u00eda de 2.000 a\u00f1os de antig\u00fcedad que se usa para sobrevivir al caos<\/h1>\n<div class=\"byline\"><a href=\"https:\/\/www.bbc.com\/mundo\/noticias-46587528\" target=\"_blank\" rel=\"noopener\"><span class=\"byline__title\">BBC News Mundo<\/span><\/a><\/div>\n<div>\u00a0<\/div>\n<figure id=\"attachment_27547\" aria-describedby=\"caption-attachment-27547\" style=\"width: 660px\" class=\"wp-caption aligncenter\"><img loading=\"lazy\" decoding=\"async\" class=\"wp-image-27547 size-full\" src=\"https:\/\/puntocritico.com\/ausajpuntocritico\/wp-content\/uploads\/2020\/03\/104808638_gettyimages-902847392.jpg\" alt=\"\" width=\"660\" height=\"371\" data-id=\"27547\" srcset=\"https:\/\/puntocritico.com\/ausajpuntocritico\/wp-content\/uploads\/2020\/03\/104808638_gettyimages-902847392.jpg 660w, https:\/\/puntocritico.com\/ausajpuntocritico\/wp-content\/uploads\/2020\/03\/104808638_gettyimages-902847392-300x169.jpg 300w\" sizes=\"auto, (max-width: 660px) 100vw, 660px\" \/><figcaption id=\"caption-attachment-27547\" class=\"wp-caption-text\"><span style=\"color: #008000;\">Lecciones de resistencia.<\/span><\/figcaption><\/figure>\n<p>&nbsp;<\/p>\n<p class=\"story-body__introduction\" style=\"text-align: justify;\"><span style=\"font-size: 14pt;\">En 1965, durante la guerra entre Estados Unidos y Vietnam, el piloto de la Armada estadounidense James Stockdale recibi\u00f3 un disparo mientras volaba sobre el pa\u00eds enemigo.<\/span><\/p>\n<p style=\"text-align: justify;\"><span style=\"font-size: 14pt;\">El joven no sab\u00eda que pasar\u00eda siete a\u00f1os como prisionero de guerra de los vietnamitas. Y que un fil\u00f3sofo que hab\u00eda vivido en Grecia en el siglo I d.C. se convertir\u00eda en su gran maestro y amigo, ayud\u00e1ndole a soportar sufrimientos inimaginables.<\/span><\/p>\n<p style=\"text-align: justify;\"><span style=\"font-size: 14pt;\">El fil\u00f3sofo se llamaba Epicteto y su filosof\u00eda, el estoicismo.<\/span><\/p>\n<p style=\"text-align: justify;\"><span style=\"font-size: 14pt;\">En el libro \u00abStockdale habla del estoicismo\u00bb, el piloto cuenta c\u00f3mo las ense\u00f1anzas de esta escuela filos\u00f3fica lo reconfortaron durante sus largos a\u00f1os de cautiverio.<\/span><\/p>\n<p style=\"text-align: justify;\"><span style=\"font-size: 14pt;\">\u00ab<em>Todo lo que s\u00e9 sobre Epicteto lo he practicado a lo largo de los a\u00f1os<\/em>\u00ab, escribi\u00f3 Stockdale.<\/span><\/p>\n<p style=\"text-align: justify;\"><span style=\"font-size: 14pt;\">\u00ab<em>\u00c9l me ense\u00f1\u00f3 que lo necesario es mantener el control de mi prop\u00f3sito moral. De hecho, (\u00e9l me ense\u00f1\u00f3) que soy mi prop\u00f3sito moral<\/em>\u00ab.<\/span><\/p>\n<p style=\"text-align: justify;\"><span style=\"font-size: 14pt;\">\u00ab<em>Que soy completamente responsable de todo lo que hago y digo. Y que\u00a0<strong>yo\u00a0<\/strong><strong>decido y controlo mi propia destrucci\u00f3n y mi propia liberaci\u00f3n<\/strong><\/em>\u00ab.<\/span><\/p>\n<p style=\"text-align: justify;\"><span style=\"font-size: 14pt;\">En el siguiente art\u00edculo, tres especialistas en esta corriente filos\u00f3fica que hablaron en el programa\u00a0<i>Forum\u00a0<\/i>del Servicio Mundial de la BBC presentan -en un lenguaje sencillo- algunas de las ideas centrales del pensamiento estoico.<\/span><\/p>\n<p style=\"text-align: justify;\"><span style=\"font-size: 14pt;\">Tambi\u00e9n nos proporcionan una gu\u00eda pr\u00e1ctica para mantener la calma en medio del caos.<\/span><\/p>\n<p>&nbsp;<\/p>\n<h2 class=\"story-body__crosshead\" style=\"text-align: center;\">Estoicismo: la calma en medio del caos<\/h2>\n<p style=\"text-align: justify;\"><span style=\"font-size: 14pt;\">\u00bfC\u00f3mo vivir una buena vida en un mundo impredecible? \u00bfC\u00f3mo hacer lo mejor dentro de nuestras posibilidades mientras aceptamos lo que est\u00e1 fuera de nuestro control?<\/span><\/p>\n<p style=\"text-align: justify;\"><span style=\"font-size: 14pt;\">Estas son las cuestiones centrales del estoicismo, una filosof\u00eda creada hace m\u00e1s de 2.000 a\u00f1os en la que cada vez m\u00e1s personas buscan\u00a0<strong>ant\u00eddotos contra las dificultades de la vida contempor\u00e1nea<\/strong>.<\/span><\/p>\n<p>&nbsp;<\/p>\n<figure id=\"attachment_27569\" aria-describedby=\"caption-attachment-27569\" style=\"width: 580px\" class=\"wp-caption aligncenter\"><img loading=\"lazy\" decoding=\"async\" class=\"wp-image-27569\" src=\"https:\/\/puntocritico.com\/ausajpuntocritico\/wp-content\/uploads\/2020\/03\/tabla-de-Cebes-834x1024.jpg\" alt=\"\" width=\"580\" height=\"712\" data-id=\"27569\" srcset=\"https:\/\/puntocritico.com\/ausajpuntocritico\/wp-content\/uploads\/2020\/03\/tabla-de-Cebes-834x1024.jpg 834w, https:\/\/puntocritico.com\/ausajpuntocritico\/wp-content\/uploads\/2020\/03\/tabla-de-Cebes-244x300.jpg 244w, https:\/\/puntocritico.com\/ausajpuntocritico\/wp-content\/uploads\/2020\/03\/tabla-de-Cebes-768x943.jpg 768w, https:\/\/puntocritico.com\/ausajpuntocritico\/wp-content\/uploads\/2020\/03\/tabla-de-Cebes.jpg 977w\" sizes=\"auto, (max-width: 580px) 100vw, 580px\" \/><figcaption id=\"caption-attachment-27569\" class=\"wp-caption-text\"><span style=\"color: #008000;\">Despegable del Teatro moral de la vida humana en cien emblemas. Con el Enquiridion de Epicteto y la Tabla de Cebes, filosopho plat\u00f3nico de Otto Venio (34,6 x 27). Bruselas, 1672. Biblioteca Nacional de Madrid.<\/span><\/figcaption><\/figure>\n<p>&nbsp;<\/p>\n<p style=\"text-align: justify;\"><span style=\"font-size: 14pt;\">El estoicismo predic\u00f3 el valor de la raz\u00f3n, al proponer que\u00a0<strong>las emociones destructivas\u00a0<\/strong><strong>son<\/strong><strong>\u00a0el resultado de errores en nuestra manera de ver el mundo<\/strong>\u00a0y ofreci\u00f3 una gu\u00eda pr\u00e1ctica para permanecer resueltos, fuertes y en control de la situaci\u00f3n.<\/span><\/p>\n<p style=\"text-align: justify;\"><span style=\"font-size: 14pt;\">La escuela estoica tuvo una\u00a0<strong>profunda influencia<\/strong>\u00a0en la civilizaci\u00f3n grecorromana y, en consecuencia, en el pensamiento occidental en general. Y fue m\u00e1s all\u00e1.<\/span><\/p>\n<p style=\"text-align: justify;\"><span style=\"font-size: 14pt;\">Est\u00e1 presente en el cristianismo, el budismo y el pensamiento de varios fil\u00f3sofos modernos, como el alem\u00e1n Immanuel Kant, adem\u00e1s de haber influido en la t\u00e9cnica contempor\u00e1nea de la psicoterapia llamada terapia cognitivo-conductual.<\/span><\/p>\n<p>&nbsp;<\/p>\n<figure class=\"media-landscape no-caption body-width\"><\/figure>\n<h2 class=\"story-body__crosshead\" style=\"text-align: center;\">Tres perlas de sabidur\u00eda de Epitecto (elegidas e interpretadas por fil\u00f3sofos entrevistados por la BBC)<\/h2>\n<p style=\"text-align: justify;\"><span style=\"font-size: 14pt;\"><strong>1. \u00ab<\/strong><em><strong>Si voy a morir, morir\u00e9 cuando llegue el momento. Como me parece<\/strong><strong>\u00a0que<\/strong><\/em><strong><em>\u00a0a\u00fan no es la hora, comer\u00e9 porque tengo hambre<\/em>\u00ab.<\/strong>\u00ab<em>Lo que Epitecto est\u00e1 queriendo decir aqu\u00ed es que lo que tenga que ser ser\u00e1. Pero si no tengo que lidiar con eso ahora, voy a hacer otra cosa<\/em>\u00ab, explica Massimo Pigliucci, fil\u00f3sofo italiano y practicante del estoicismo hoy.<\/span><\/p>\n<p style=\"text-align: justify;\"><span style=\"font-size: 14pt;\"><strong>2.\u00a0<\/strong><strong>\u00ab<em>No eres lo que pretendes ser, as\u00ed que reflexiona y decide: \u00bfesto es para ti? Si no es as\u00ed, prep\u00e1rate para decir: para m\u00ed eso no tiene importancia<\/em>\u00ab.<\/strong>\u00ab<em>Deje atr\u00e1s las cosas que no est\u00e1n bajo su control e intente trabajar duro en lo que usted puede controlar<\/em>\u00ab, interpreta Nancy Sherman, fil\u00f3sofa estadounidense que estudia la influencia del pensamiento estoico en la \u00e9tica militar.<\/span><\/p>\n<p style=\"text-align: justify;\"><span style=\"font-size: 14pt;\"><strong>3.\u00a0<\/strong><strong>\u00ab<em>No esperes que el mundo sea como deseas, sino como es realmente. De esa manera tendr\u00e1s una vida pac\u00edfica<\/em>\u00ab.<\/strong>\u00ab<em>Para quien ve conformismo en estas palabras, un punto importante: no propone que usted sea pasivo en relaci\u00f3n a la vida, sino que acepte las cosas que est\u00e1n m\u00e1s all\u00e1 de su control y que ya sucedieron<\/em>\u00ab, dice el fil\u00f3sofo y psicoterapeuta escoc\u00e9s Donald Robertson.<\/span><\/p>\n<p>&nbsp;<\/p>\n<figure class=\"media-landscape no-caption body-width\"><\/figure>\n<h2 class=\"story-body__crosshead\" style=\"text-align: center;\">\u00bfC\u00f3mo blindarnos contra el infortunio?<\/h2>\n<p style=\"text-align: justify;\"><span style=\"font-size: 14pt;\">El estoicismo fue fundado en el siglo III a.C. por Zeno, un rico comerciante de la ciudad de Citius, en Chipre.<\/span><\/p>\n<p style=\"text-align: justify;\"><span style=\"font-size: 14pt;\">Despu\u00e9s de sobrevivir a un naufragio en el que perdi\u00f3 todo lo que ten\u00eda, Zeno fue a Atenas. All\u00ed conoci\u00f3 las filosof\u00edas de S\u00f3crates, Plat\u00f3n, Arist\u00f3teles y sus seguidores.<\/span><\/p>\n<p style=\"text-align: justify;\"><span style=\"font-size: 14pt;\">Los primeros estoicos crearon una filosof\u00eda que ofrec\u00eda una\u00a0<strong>visi\u00f3n unificada del mundo<\/strong>\u00a0y el lugar que el hombre ocupaba en \u00e9l. El pensamiento estaba compuesto por tres partes: \u00e9tica, l\u00f3gica y f\u00edsica.<\/span><\/p>\n<p>&nbsp;<\/p>\n<figure id=\"attachment_27549\" aria-describedby=\"caption-attachment-27549\" style=\"width: 624px\" class=\"wp-caption aligncenter\"><img loading=\"lazy\" decoding=\"async\" class=\"wp-image-27549 size-full\" src=\"https:\/\/puntocritico.com\/ausajpuntocritico\/wp-content\/uploads\/2020\/03\/104808103_gettyimages-889512900.jpg\" alt=\"\" width=\"624\" height=\"351\" data-id=\"27549\" srcset=\"https:\/\/puntocritico.com\/ausajpuntocritico\/wp-content\/uploads\/2020\/03\/104808103_gettyimages-889512900.jpg 624w, https:\/\/puntocritico.com\/ausajpuntocritico\/wp-content\/uploads\/2020\/03\/104808103_gettyimages-889512900-300x169.jpg 300w\" sizes=\"auto, (max-width: 624px) 100vw, 624px\" \/><figcaption id=\"caption-attachment-27549\" class=\"wp-caption-text\"><span style=\"color: #008000;\">La relaci\u00f3n entre el hombre y la naturaleza es abordada por esta filosof\u00eda.<\/span><\/figcaption><\/figure>\n<p>&nbsp;<\/p>\n<p style=\"text-align: justify;\"><span style=\"font-size: 14pt;\">Para los estoicos, el universo estaba gobernado por la raz\u00f3n o logos, un principio divino que dominaba todo. Por lo tanto, estar en armon\u00eda con el universo significaba vivir en armon\u00eda con Dios.<\/span><\/p>\n<p style=\"text-align: justify;\"><span style=\"font-size: 14pt;\">La filosof\u00eda estoica tambi\u00e9n propon\u00eda que los hombres vivieran con virtud, un concepto que para ellos estaba \u00edntimamente asociado con la raz\u00f3n, como explica el fil\u00f3sofo <strong>Donald Robertson<\/strong>.<\/span><\/p>\n<p style=\"text-align: justify;\"><span style=\"font-size: 14pt;\">\u00ab<em>Si podemos vivir sabiamente, guiados por la raz\u00f3n,\u00a0<strong>floreceremos y\u00a0<\/strong><strong>desarrollaremos\u00a0<\/strong><strong>nuestro potencial como seres humanos<\/strong>. Dios nos ha dado esta capacidad, depende de nosotros usarla adecuadamente<\/em>\u00ab, parafrasea.<\/span><\/p>\n<p style=\"text-align: justify;\"><span style=\"font-size: 14pt;\">El estoicismo floreci\u00f3 durante dos siglos en la antigua Grecia, y alrededor del 100 a.C. lleg\u00f3 su popularidad a Roma.<\/span><\/p>\n<p style=\"text-align: justify;\"><span style=\"font-size: 14pt;\">Uno de los pensadores m\u00e1s conocidos de la \u00e9poca es <strong>S\u00e9neca<\/strong>, consejero del infame emperador romano <strong>Ner\u00f3n<\/strong>.<\/span><\/p>\n<p style=\"text-align: justify;\"><span style=\"font-size: 14pt;\">En una carta a su amigo <strong>Luc\u00edlio<\/strong>, el fil\u00f3sofo habla de uno de los componentes centrales de la virtud: la<strong>\u00a0capacidad de armarnos contra la desgracia<\/strong>.<\/span><\/p>\n<p>&nbsp;<\/p>\n<figure id=\"attachment_27550\" aria-describedby=\"caption-attachment-27550\" style=\"width: 624px\" class=\"wp-caption aligncenter\"><img loading=\"lazy\" decoding=\"async\" class=\"wp-image-27550 size-mh-magazine-content\" src=\"https:\/\/puntocritico.com\/ausajpuntocritico\/wp-content\/uploads\/2020\/03\/SENECA-624x381.jpg\" alt=\"\" width=\"624\" height=\"381\" data-id=\"27550\" \/><figcaption id=\"caption-attachment-27550\" class=\"wp-caption-text\"><span style=\"color: #008000;\">S\u00e9neca habl\u00f3 sobre c\u00f3mo \u00abblindarse contra el infortunio\u00bb.<\/span><\/figcaption><\/figure>\n<p style=\"text-align: justify;\">\u00a0<\/p>\n<p style=\"text-align: justify;\"><span style=\"font-size: 14pt;\">\u00ab<em>La mayor\u00eda de los hombres son d\u00e9biles y fluyen en la miseria entre\u00a0<strong>el miedo a la muerte y las dificultades de la vida<\/strong>, no est\u00e1n dispuestos a vivir y, sin embargo, no saben c\u00f3mo morir<\/em>\u00ab.<\/span><\/p>\n<p style=\"text-align: justify;\"><span style=\"font-size: 14pt;\">\u00ab<em>Por esa raz\u00f3n, haz que la vida en general sea placentera para ti, eliminando todas las preocupaciones al respecto<\/em>\u00ab.<\/span><\/p>\n<p style=\"text-align: justify;\"><span style=\"font-size: 14pt;\">La idea central de esta carta es que no debemos solo prepararnos para hacer frente a las necesidades de la vida, sino tambi\u00e9n\u00a0<strong>preparamos para lo peor<\/strong>, explica el italiano Massimo Pigliucci, fil\u00f3sofo contempor\u00e1neo y estoico.<\/span><\/p>\n<p>&nbsp;<\/p>\n<h2 class=\"story-body__crosshead\" style=\"text-align: center;\">\u00bfC\u00f3mo lidiar con nuestras emociones?<\/h2>\n<p style=\"text-align: justify;\"><span style=\"font-size: 14pt;\">Los estoicos tambi\u00e9n ten\u00edan una visi\u00f3n particular de las emociones, llamadas\u00a0<strong>pasiones<\/strong>, que se divid\u00edan en tres categor\u00edas: emociones buenas, malas e indiferentes.<\/span><\/p>\n<p style=\"text-align: justify;\"><span style=\"font-size: 14pt;\">Propusieron que deber\u00edamos centrarnos en las emociones malas o poco saludables, aprendiendo a lidiar con ellas.<\/span><\/p>\n<p style=\"text-align: justify;\"><span style=\"font-size: 14pt;\">Admirado por los fil\u00f3sofos a lo largo de los siglos, el famoso ensayo de <strong>S\u00e9neca<\/strong> \u00ab<em>Sobre la ira<\/em>\u00bb propone maneras de lidiar con este sentimiento.<\/span><\/p>\n<p style=\"text-align: justify;\"><span style=\"font-size: 14pt;\">\u00ab<em>S\u00e9neca sugiere lo siguiente: t\u00fa tienes una visi\u00f3n sobre algo malo que sucedi\u00f3, pero\u00a0<strong>puedes cambiar de opini\u00f3n al respecto<\/strong>. (Puedes decirte a ti mismo que) no fue tan malo, fue un accidente, no tuvo esa intenci\u00f3n o que no es importante para ti<\/em>\u00ab, explica <strong>Nancy Sherman<\/strong>.<\/span><\/p>\n<p style=\"text-align: justify;\"><span style=\"font-size: 14pt;\">En el siguiente extracto de su manual, <strong>Epitecto<\/strong> reflexiona sobre el mismo tema: las pasiones y c\u00f3mo tratarlas:<\/span><\/p>\n<p style=\"text-align: justify;\"><span style=\"font-size: 14pt;\">\u00ab<em>Los hombres no son perturbados por las cosas, sino por sus\u00a0<strong>opiniones\u00a0<\/strong>sobre ellas<\/em>\u00ab.<\/span><\/p>\n<p>&nbsp;<\/p>\n<figure id=\"attachment_27552\" aria-describedby=\"caption-attachment-27552\" style=\"width: 624px\" class=\"wp-caption aligncenter\"><img loading=\"lazy\" decoding=\"async\" class=\"size-full wp-image-27552\" src=\"https:\/\/puntocritico.com\/ausajpuntocritico\/wp-content\/uploads\/2020\/03\/104808106_gettyimages-598689286.jpg\" alt=\"\" width=\"624\" height=\"351\" data-id=\"27552\" srcset=\"https:\/\/puntocritico.com\/ausajpuntocritico\/wp-content\/uploads\/2020\/03\/104808106_gettyimages-598689286.jpg 624w, https:\/\/puntocritico.com\/ausajpuntocritico\/wp-content\/uploads\/2020\/03\/104808106_gettyimages-598689286-300x169.jpg 300w\" sizes=\"auto, (max-width: 624px) 100vw, 624px\" \/><figcaption id=\"caption-attachment-27552\" class=\"wp-caption-text\"><span style=\"color: #008000;\">El control de las emociones es uno de los puntos abordados por el estoicismo.<\/span><\/figcaption><\/figure>\n<p style=\"text-align: justify;\">\u00a0<\/p>\n<p style=\"text-align: justify;\"><span style=\"font-size: 14pt;\">Por lo tanto, cuando estamos avergonzados o perturbados, no lo atribuyamos a otro sino a nosotros mismos. Es decir, seg\u00fan nuestras propias opiniones.<\/span><\/p>\n<p style=\"text-align: justify;\"><span style=\"font-size: 14pt;\">Estas palabras han sido una revelaci\u00f3n para muchas personas a lo largo de los siglos y hasta el d\u00eda de hoy, dice <strong>Robertson<\/strong>.<\/span><\/p>\n<p style=\"text-align: justify;\"><span style=\"font-size: 14pt;\">\u00ab<em>Est\u00e1 diciendo que son nuestras opiniones sobre las cosas\u00a0<strong>las que determinar\u00e1n si nos van a molestar o no<\/strong><\/em>\u00ab.<\/span><\/p>\n<p style=\"text-align: justify;\"><span style=\"font-size: 14pt;\">\u00ab<em>Pero en lugar de tratar de suprimir (las emociones), debemos confrontar las creencias que nos llevar\u00e1n a convertirlas en emociones saludables<\/em>\u00ab, explica.<\/span><\/p>\n<p style=\"text-align: justify;\"><span style=\"font-size: 14pt;\">Sobre la tercera categor\u00eda, la de las emociones indiferentes, la idea es simplemente ignorarlas.<\/span><\/p>\n<p>&nbsp;<\/p>\n<h2 class=\"story-body__crosshead\" style=\"text-align: center;\">Establecer prioridades y entender lo que est\u00e1 bajo nuestro control<\/h2>\n<p style=\"text-align: justify;\"><span style=\"font-size: 14pt;\">La b\u00fasqueda del autocontrol es fundamental para la filosof\u00eda estoica. Pero para esto es importante poder distinguir lo que est\u00e1 bajo nuestro control.<\/span><\/p>\n<p style=\"text-align: justify;\"><span style=\"font-size: 14pt;\">En respuesta a esta pregunta, <strong>Epitecto<\/strong> cre\u00f3 dos listas.<\/span><\/p>\n<p style=\"text-align: justify;\"><span style=\"font-size: 14pt;\">\u00ab<em>Las cosas que est\u00e1n bajo nuestro control son nuestros juicios, opiniones y valores que decidimos adoptar, y lo que no est\u00e1 bajo nuestro control es todo lo dem\u00e1s, adem\u00e1s de todo lo que es externo<\/em>\u00ab, explica el fil\u00f3sofo italiano <strong>Massimo Pigliucci<\/strong>.<\/span><\/p>\n<p>&nbsp;<\/p>\n<figure id=\"attachment_27553\" aria-describedby=\"caption-attachment-27553\" style=\"width: 624px\" class=\"wp-caption aligncenter\"><img loading=\"lazy\" decoding=\"async\" class=\"size-full wp-image-27553\" src=\"https:\/\/puntocritico.com\/ausajpuntocritico\/wp-content\/uploads\/2020\/03\/104808640_gettyimages-667315292.jpg\" alt=\"\" width=\"624\" height=\"351\" data-id=\"27553\" srcset=\"https:\/\/puntocritico.com\/ausajpuntocritico\/wp-content\/uploads\/2020\/03\/104808640_gettyimages-667315292.jpg 624w, https:\/\/puntocritico.com\/ausajpuntocritico\/wp-content\/uploads\/2020\/03\/104808640_gettyimages-667315292-300x169.jpg 300w\" sizes=\"auto, (max-width: 624px) 100vw, 624px\" \/><figcaption id=\"caption-attachment-27553\" class=\"wp-caption-text\"><span style=\"color: #008000;\">Uno de los preceptos del estoicismo es entender lo que est\u00e1 bajo tu control.<\/span><\/figcaption><\/figure>\n<p style=\"text-align: justify;\">\u00a0<\/p>\n<p style=\"text-align: justify;\"><span style=\"font-size: 14pt;\">\u00ab<em>Puedes influir en tu cuerpo, mantener una dieta saludable, hacer ejercicios, pero al final,\u00a0<strong>tu cuerpo no est\u00e1 bajo\u00a0<\/strong><strong>tu\u00a0<\/strong><strong>control<\/strong>, porque puedes contraer un virus o sufrir un accidente y romperte una pierna<\/em>\u00ab.<\/span><\/p>\n<p style=\"text-align: justify;\"><span style=\"font-size: 14pt;\">Seg\u00fan <strong>Pigliucci<\/strong>, esta distinci\u00f3n permite darse cuenta de que si las \u00fanicas cosas que est\u00e1n bajo nuestro control son los juicios, opiniones y valores, es en ellos en los que debemos mantener nuestro enfoque.<\/span><\/p>\n<p style=\"text-align: center;\">\u00a0<\/p>\n<figure class=\"media-landscape no-caption body-width\"><\/figure>\n<table style=\"border-collapse: collapse; width: 100%;\">\n<tbody>\n<tr>\n<td style=\"width: 100%; border-color: #000000; background-color: #f4fcf0;\">\n<h2 class=\"story-body__crosshead\" style=\"text-align: center;\"><span style=\"font-size: 18pt;\">Ejercicios de estoicismo para practicar<\/span><\/h2>\n<p style=\"text-align: justify;\"><span style=\"font-size: 14pt;\"><strong>Escribe tu propio diario filos\u00f3fico (como ense\u00f1aron S\u00e9neca y Ep\u00edteto).<\/strong>\u00a0Antes de ir a la cama, reflexiona sobre las cosas m\u00e1s importantes que te sucedieron ese d\u00eda, cosas que son importantes en t\u00e9rminos de tu \u00e9tica personal: \u00bfqu\u00e9 hice mal? \u00bfQu\u00e9 hice bien? \u00bfY qu\u00e9 me queda por hacer?<\/span><\/p>\n<p style=\"text-align: justify;\"><span style=\"font-size: 14pt;\"><strong>Ejercicios de autoconservaci\u00f3n.<\/strong>\u00a0Toma un ba\u00f1o de agua fr\u00eda, aunque no todos los d\u00edas. Los estoicos hac\u00edan algunos ejercicios de autoprivaci\u00f3n, como tomar ba\u00f1os con agua fr\u00eda, salir a la calle sin abrigo o ayunar. Seg\u00fan este planteamiento, si te privas temporalmente de esas cosas, las apreciar\u00e1s mejor. Adem\u00e1s, sentir\u00e1s empat\u00eda hacia las personas que no tienen acceso a ellas y recordar\u00e1s que puedes sobrevivir a esta situaci\u00f3n.<\/span><\/p>\n<p style=\"text-align: justify;\"><span style=\"font-size: 14pt;\"><i>Fuente: Massimo Pigliucci, autor del libro \u00abC\u00f3mo ser un estoico: usando la filosof\u00eda antigua para vivir una vida moderna\u00bb<\/i><\/span><\/p>\n<\/td>\n<\/tr>\n<\/tbody>\n<\/table>\n<p style=\"text-align: center;\">\u00a0<\/p>\n<h2 class=\"story-body__crosshead\" style=\"text-align: center;\">Fr\u00edos y conformistas: \u00bfqu\u00e9 dicen los cr\u00edticos del estoicismo?<\/h2>\n<p style=\"text-align: justify;\"><span style=\"font-size: 14pt;\">La importancia que los estoicos le dan al uso de la racionalidad en la vida diaria termin\u00f3 creando una imagen del estoico como una persona fr\u00eda, desconectada de sus sentimientos.<\/span><\/p>\n<p style=\"text-align: justify;\"><span style=\"font-size: 14pt;\">Para <strong>Robertson<\/strong>, esta es una interpretaci\u00f3n\u00a0<strong>superficial\u00a0<\/strong>de este pensamiento.<\/span><\/p>\n<p style=\"text-align: justify;\"><span style=\"font-size: 14pt;\">\u00ab<em>En el ingl\u00e9s moderno, el estoico al final se convirti\u00f3 en sin\u00f3nimo de una persona reprimida y sin emociones. Pero el estoicismo, la escuela filos\u00f3fica de la antig\u00fcedad, es mucho m\u00e1s sofisticada y tiene una teor\u00eda psicol\u00f3gica mucho m\u00e1s compleja<\/em>\u00ab.<\/span><\/p>\n<p style=\"text-align: justify;\"><span style=\"font-size: 14pt;\">Lo que se busca, explica el fil\u00f3sofo, no es\u00a0<strong>la ausencia de emociones<\/strong>, sino el control de las mismas.<\/span><\/p>\n<p style=\"text-align: justify;\"><span style=\"font-size: 14pt;\">Los cr\u00edticos dicen que, al proponer que dejemos de lado y aceptemos todo lo que es externo, que est\u00e1 fuera de nuestro control, esta filosof\u00eda genera personas\u00a0<strong>pol\u00edticamente ap\u00e1ticas y conformistas<\/strong>.<\/span><\/p>\n<p style=\"text-align: justify;\"><span style=\"font-size: 14pt;\">En una columna de la revista brit\u00e1nica\u00a0<i>The New Statesman<\/i>, el fil\u00f3sofo <strong>Jules Evans<\/strong> refuta esta idea.<\/span><\/p>\n<p style=\"text-align: justify;\"><span style=\"font-size: 14pt;\">\u00ab<em>El estoicismo crea individuos que no pueden ser intimidados por los poderosos porque no temen abandonar todo o morir<\/em>\u00ab, afirma Evans<\/span><\/p>\n<p style=\"text-align: justify;\"><span style=\"font-size: 14pt;\">\u00ab<em>De hecho, su filosof\u00eda los adiestra para abandonar la vida sin temor ni pesar, para defender sus principios racionales por encima de cualquier amenaza o soborno<\/em>\u00ab.<\/span><\/p>\n<p style=\"text-align: justify;\">\u00a0<\/p>\n<figure id=\"attachment_27555\" aria-describedby=\"caption-attachment-27555\" style=\"width: 610px\" class=\"wp-caption aligncenter\"><img loading=\"lazy\" decoding=\"async\" class=\"wp-image-27555\" src=\"https:\/\/puntocritico.com\/ausajpuntocritico\/wp-content\/uploads\/2020\/03\/Seneca-1-OK.jpg\" alt=\"\" width=\"610\" height=\"406\" data-id=\"27555\" \/><figcaption id=\"caption-attachment-27555\" class=\"wp-caption-text\"><span style=\"color: #008000;\">Hay cosas que para saberlas no basta con haberlas aprendido. Fue la avaricia la que instaur\u00f3 la pobreza y al ambicionarlo todo lo perdi\u00f3 todo (S\u00e9neca)<\/span><\/figcaption><\/figure>\n<h1 style=\"text-align: center;\"><span style=\"font-size: 18pt; color: #008000;\">*****<\/span><\/h1>\n<h1 class=\"entry-title\" style=\"text-align: center;\">Gu\u00eda r\u00e1pida para entender a los estoicos<\/h1>\n<p style=\"text-align: center;\"><span style=\"font-size: 14pt;\"><em><strong><span class=\"td_btn td_btn_lg td_3D_btn\">El estoicismo ha sido una de las doctrinas m\u00e1s influyentes de la historia. Cuando o\u00edmos que alguien se toma las cosas \u00abcon filosof\u00eda\u00bb suele ser porque afronta la vida bajo las ense\u00f1anzas de los estoicos, y es que este movimiento filos\u00f3fico tiene varias herramientas para, aunque no solucionarla, s\u00ed hacernos la vida m\u00e1s f\u00e1cil. He aqu\u00ed un resumen r\u00e1pido para aquellos que quieran aproximarse a ella.<\/span><\/strong><\/em><\/span><\/p>\n<div class=\"td-module-meta-info\" style=\"text-align: justify;\"><span style=\"font-size: 14pt;\">Por Jaime Fdez-Blanco Incl\u00e1n<\/span><\/div>\n<div class=\"td-module-meta-info\"><a href=\"https:\/\/www.filco.es\/guia-rapida-entender-estoicos\/\" target=\"_blank\" rel=\"noopener\">Filosof\u00eda&amp;Co<\/a><\/div>\n<div>\u00a0<\/div>\n<div>\u00a0<\/div>\n<div>\n<figure id=\"attachment_27538\" aria-describedby=\"caption-attachment-27538\" style=\"width: 678px\" class=\"wp-caption aligncenter\"><img loading=\"lazy\" decoding=\"async\" class=\"wp-image-27538 size-mh-magazine-content\" src=\"https:\/\/puntocritico.com\/ausajpuntocritico\/wp-content\/uploads\/2020\/03\/environmental-protection-683437_1280-768x432-1-678x381.jpg\" alt=\"\" width=\"678\" height=\"381\" data-id=\"27538\" srcset=\"https:\/\/puntocritico.com\/ausajpuntocritico\/wp-content\/uploads\/2020\/03\/environmental-protection-683437_1280-768x432-1-678x381.jpg 678w, https:\/\/puntocritico.com\/ausajpuntocritico\/wp-content\/uploads\/2020\/03\/environmental-protection-683437_1280-768x432-1-300x169.jpg 300w, https:\/\/puntocritico.com\/ausajpuntocritico\/wp-content\/uploads\/2020\/03\/environmental-protection-683437_1280-768x432-1.jpg 768w\" sizes=\"auto, (max-width: 678px) 100vw, 678px\" \/><figcaption id=\"caption-attachment-27538\" class=\"wp-caption-text\"><span style=\"color: #008000;\">Para el estoicismo, todo est\u00e1 ligado por una ley natural, una raz\u00f3n universal. Una uni\u00f3n que integra tambi\u00e9n al ser humano, conect\u00e1ndolo con el mundo.<\/span><\/figcaption><\/figure>\n<\/div>\n<div style=\"text-align: justify;\">\u00a0<\/div>\n<div>\u00a0<\/div>\n<div style=\"text-align: justify;\"><strong style=\"font-size: 14pt;\">Si hay una filosof\u00eda que ha conseguido encandilar a personas de toda condici\u00f3n y \u00e9poca esa es el estoicismo.<\/strong><span style=\"font-size: 14pt;\">\u00a0Esta rama del pensamiento, cuya fundaci\u00f3n debemos a Zen\u00f3n de Citio, se mantendr\u00eda en primera fila de la cultura filos\u00f3fica durante nada menos que medio milenio (del siglo III a. C. al siglo II d. C.) y mantendr\u00eda una influencia a trav\u00e9s de los siguientes siglos como pocas veces ha visto la historia. Vamos a hacer aqu\u00ed un repaso a sus caracter\u00edsticas m\u00e1s sobresalientes que quiz\u00e1 expliquen el porqu\u00e9 de semejante \u00e9xito.<\/span><\/div>\n<div>\n<h4 style=\"text-align: justify;\"><span style=\"font-size: 14pt;\"><strong>Una filosof\u00eda, dos nombres propios<\/strong><\/span><\/h4>\n<p style=\"text-align: justify;\"><span style=\"font-size: 14pt;\"><strong>Sin embargo, quien convirti\u00f3 al estoicismo en una doctrina de relevancia fue Crisipo de Solos,<\/strong>\u00a0quien dirigi\u00f3 la\u00a0<em>Stoa<\/em>\u00a0(la escuela estoica, ubicada en el p\u00f3rtico pintado de Atenas) desde el 232 a. C. al 204 a. C. Gracias a su enorme talento dial\u00e9ctico y a su gigantesca producci\u00f3n -nada menos que unas 700 obras, de las que tristemente solo nos han llegado fragmentos-, Crisipo consigui\u00f3 no solo que el estoicismo fuera una filosof\u00eda de gran relevancia, sino que la\u00a0<em>Stoa<\/em>\u00a0llegase a superar a la Academia de Plat\u00f3n y el Liceo de Arist\u00f3teles.<strong>Como hemos dicho, el fundador del estoicismo fue Zen\u00f3n de Citio,<\/strong>\u00a0un disc\u00edpulo de Crates de Tebas que desarroll\u00f3 su pensamiento a partir de las tesis c\u00ednicas de su maestro (de ah\u00ed la clara sinton\u00eda entre ambas filosof\u00edas en varios aspectos).<\/span><\/p>\n<p>&nbsp;<\/p>\n<\/div>\n<p style=\"text-align: center;\"><strong><span style=\"color: #008000;\"><span style=\"font-size: 14pt;\">El fundador del estoicismo fue Zen\u00f3n, pero la figura que propuls\u00f3 su auge fue Crisipo<\/span><\/span><\/strong><\/p>\n<p style=\"text-align: center;\">\u00a0<\/p>\n<div>\n<p style=\"text-align: justify;\"><span style=\"font-size: 14pt;\"><strong>Si bien hubo otros fil\u00f3sofos de renombre en esta escuela -como Cleantes, Panecio, Posidonio y su m\u00e1s famoso disc\u00edpulo, Cicer\u00f3n-<\/strong>\u00a0tendr\u00edamos que esperar al Imperio Romano para que llegara la nueva remesa de fil\u00f3sofos de enorme fama, con S\u00e9neca, Epicteto y el emperador fil\u00f3sofo Marco Aurelio.<\/span><\/p>\n<\/div>\n<div>\n<p>&nbsp;<\/p>\n<\/div>\n<div>\n<figure id=\"attachment_12326\" aria-describedby=\"caption-attachment-12326\" style=\"width: 530px\" class=\"wp-caption aligncenter\"><img loading=\"lazy\" decoding=\"async\" class=\"wp-image-12326\" src=\"https:\/\/puntocritico.com\/ausajpuntocritico\/wp-content\/uploads\/2018\/05\/marco-aurelio-estatua-300x212.jpg\" alt=\"\" width=\"530\" height=\"374\" data-id=\"12326\" srcset=\"https:\/\/puntocritico.com\/ausajpuntocritico\/wp-content\/uploads\/2018\/05\/marco-aurelio-estatua-300x212.jpg 300w, https:\/\/puntocritico.com\/ausajpuntocritico\/wp-content\/uploads\/2018\/05\/marco-aurelio-estatua-768x542.jpg 768w, https:\/\/puntocritico.com\/ausajpuntocritico\/wp-content\/uploads\/2018\/05\/marco-aurelio-estatua.jpg 1023w\" sizes=\"auto, (max-width: 530px) 100vw, 530px\" \/><figcaption id=\"caption-attachment-12326\" class=\"wp-caption-text\"><span style=\"color: #008000;\">Marco Aurelio<\/span><\/figcaption><\/figure>\n<\/div>\n<div>\u00a0<\/div>\n<div>\u00a0<\/div>\n<div style=\"text-align: justify;\"><strong style=\"font-size: 14pt;\">El hombre y su moral, preocupaci\u00f3n principal<\/strong><\/div>\n<div style=\"text-align: justify;\">\n<p style=\"text-align: justify;\"><span style=\"font-size: 14pt;\"><strong>El centro del estudio de los estoicos es muy claro: el ser humano. Toda su filosof\u00eda est\u00e1 destinada al hombre, y m\u00e1s concretamente, a su moral.<\/strong>\u00a0L\u00f3gica, f\u00edsica y \u00e9tica se presentan al servicio de la persona con un objetivo que nunca parece perder el rumbo: ense\u00f1arnos a vivir de acuerdo a nuestra naturaleza.<\/span><\/p>\n<p style=\"text-align: justify;\"><span style=\"font-size: 14pt;\"><strong>Los estoicos admiten dos principios: la materia y la raz\u00f3n.<\/strong>\u00a0Pero esta \u00faltima, en realidad, no es algo separado, sino que podemos encontrarla en todas partes. Raz\u00f3n y Dios se identifican, seg\u00fan los estoicos, porque Dios es el rector del mundo y, al mismo tiempo, su sustancia. Es por este motivo que podemos decir que la naturaleza del mundo es racional.<\/span><\/p>\n<p style=\"text-align: justify;\"><span style=\"font-size: 14pt;\"><strong>Todo est\u00e1 ligado por una ley natural, una raz\u00f3n universal, por decirlo de alguna manera.<\/strong>\u00a0Una uni\u00f3n que integra tambi\u00e9n al ser humano, conect\u00e1ndolo con el mundo, puesto que \u00e9l es tambi\u00e9n un ser racional. Todo este entramado forma una cadena inexorable de relaciones, causas y efectos ya establecidos, que es lo que entendemos como destino. Los estoicos son, por tanto, deterministas. Creen que los sucesos del mundo est\u00e1 preestablecidos y nosotros poco podemos hacer para cambiarlos.<\/span><\/p>\n<h4 style=\"text-align: justify;\"><span style=\"font-size: 14pt;\"><strong>Autarqu\u00eda: autosuficiencia para ser feliz<\/strong><\/span><\/h4>\n<p style=\"text-align: justify;\"><span style=\"font-size: 14pt;\"><strong>Como los c\u00ednicos, los estoicos consideran que el ideal del sabio es conseguir no necesitar nada ni a nadie para alcanzar la felicidad en la vida.<\/strong>\u00a0\u00bfY c\u00f3mo se alcanza esa felicidad? Viviendo conforme a nuestra naturaleza racional, es decir, viviendo virtuosamente.<\/span><\/p>\n<\/div>\n<p>&nbsp;<\/p>\n<p style=\"text-align: center;\"><span style=\"color: #008000;\"><strong><span style=\"font-size: 14pt;\">Epicteto ofreci\u00f3 una regla para enfocar la vida: \u00abSoporta y renuncia\u00bb<\/span><\/strong><\/span><\/p>\n<p>&nbsp;<\/p>\n<div style=\"text-align: justify;\">\n<p style=\"text-align: justify;\"><span style=\"font-size: 14pt;\"><strong>Puesto que el sabio vive en comuni\u00f3n con el universo y este est\u00e1 perfectamente determinado, el ideal estoico es el que nos transmiti\u00f3 Epicteto: soporta y renuncia.<\/strong>\u00a0Soporta, porque tu destino va a ser el mismo te guste o no. Es un plan establecido por la divinidad del que no puedes escapar, as\u00ed que no tenemos m\u00e1s elecci\u00f3n que seguirlo d\u00f3cilmente o dejar que nos arrastre. Y renuncia, porque siempre nos ser\u00e1 m\u00e1s f\u00e1cil alcanzar la paz, y con ella la ansiada felicidad, si no estamos dominados por nuestros deseos y apetitos. Si tenemos pocas necesidades y sabemos controlar nuestras emociones, vivir felizmente ser\u00e1 muy sencillo, de ah\u00ed la importancia de seguir ambas reglas.<\/span><\/p>\n<p style=\"text-align: justify;\">\u00a0<\/p>\n<\/div>\n<div style=\"text-align: justify;\">\n<figure id=\"attachment_27571\" aria-describedby=\"caption-attachment-27571\" style=\"width: 420px\" class=\"wp-caption aligncenter\"><img loading=\"lazy\" decoding=\"async\" class=\"wp-image-27571\" src=\"https:\/\/puntocritico.com\/ausajpuntocritico\/wp-content\/uploads\/2020\/03\/epicteto.jpg\" alt=\"\" width=\"420\" height=\"575\" data-id=\"27571\" \/><figcaption id=\"caption-attachment-27571\" class=\"wp-caption-text\"><span style=\"color: #008000;\">Un piloto afirma que Epicteto (ilustraci\u00f3n) fue su salvaci\u00f3n mientras estuvo preso en Vietnam. <\/span>BOSTON PUBLIC LIBRARY<\/figcaption><\/figure><\/p>\n<p>&nbsp;<\/p>\n<p style=\"text-align: justify;\"><strong><span style=\"font-size: 14pt;\">Todo interior, nada exterior<\/span><\/strong><\/p>\n<p><span style=\"font-size: 14pt;\"><strong>El punto de partida de la \u00e9tica estoica es que la verdadera felicidad depende \u00fanicamente de nosotros mismos.<\/strong>\u00a0Estas ideas son las que convierten al estoico en un personaje inexpugnable. Nada de lo que hay en el exterior le importa, puesto que todo su esfuerzo est\u00e1 en alcanzar la virtud, en lo que de \u00e9l depende, en lo que nadie puede arrebatarle\u2026 en su interior. Esa es la clave de su fortaleza.<\/span><span style=\"font-size: 14pt;\"><strong>Por mal que le vayan las cosas, el estoico nada teme, pues ha alcanzado la ataraxia, la imperturbabilidad de \u00e1nimo.<\/strong>\u00a0Este concepto es su objetivo final, de la misma manera que el budista persigue alcanzar la iluminaci\u00f3n. De este modo el estoico logra vivir en completa paz conforme a su naturaleza. Ante un hombre que acepta su destino y solo se preocupa por vivir de manera virtuosa, ni las emociones, ni el placer, ni el dolor o las riquezas tienen poder. Centr\u00e1ndose en su vida interior, el estoico se posiciona por encima de las cosas materiales y se hace completamente independiente.<\/span><\/p>\n<h4 style=\"text-align: justify;\"><span style=\"font-size: 14pt;\"><strong>Una teor\u00eda sensualista<\/strong><\/span><\/h4>\n<p><span style=\"font-size: 14pt;\"><strong>La teor\u00eda del conocimiento de los estoicos parte, como la de Arist\u00f3teles, los empiristas o los positivistas, de la experiencia sensible.\u00a0<\/strong>Es decir, de los sentidos.Para los estoicos se trata de un proceso que pasa por diferentes etapas. En primer lugar, lo que nos llega por los sentidos deja una representaci\u00f3n (una impresi\u00f3n, dice Zen\u00f3n) en nuestra raz\u00f3n, que, como ya hemos dicho, es la parte de \u00abdivinidad\u00bb que poseemos y que nos conecta con la racionalidad de la naturaleza. Sin embargo, esas representaciones no son a\u00fan conocimiento. Si acept\u00e1ramos sin m\u00e1s eso como una muestra de la realidad, no estar\u00edamos ante un conocimiento, sino ante una opini\u00f3n. Para que se convierta en conocimiento, esa representaci\u00f3n debe poseer una evidencia que invite a la inteligencia a aceptarla. Ese consentimiento debe darlo el\u00a0<em>hegemonikon,<\/em>\u00a0el Yo. El conocimiento llega cuando los datos que nos ofrecen los sentidos pasan por el tamiz de la racionalidad.<\/span><\/div>\n<div>\u00a0<\/div>\n<div>\u00a0<\/div>\n<div>\n<figure id=\"attachment_27570\" aria-describedby=\"caption-attachment-27570\" style=\"width: 630px\" class=\"wp-caption aligncenter\"><img loading=\"lazy\" decoding=\"async\" class=\"wp-image-27570\" src=\"https:\/\/puntocritico.com\/ausajpuntocritico\/wp-content\/uploads\/2020\/03\/seneca1-510-x-287-estoicismo-300x169.jpg\" alt=\"\" width=\"630\" height=\"355\" data-id=\"27570\" srcset=\"https:\/\/puntocritico.com\/ausajpuntocritico\/wp-content\/uploads\/2020\/03\/seneca1-510-x-287-estoicismo-300x169.jpg 300w, https:\/\/puntocritico.com\/ausajpuntocritico\/wp-content\/uploads\/2020\/03\/seneca1-510-x-287-estoicismo.jpg 510w\" sizes=\"auto, (max-width: 630px) 100vw, 630px\" \/><figcaption id=\"caption-attachment-27570\" class=\"wp-caption-text\"><span style=\"color: #008000;\">Escultura en bronce Ner\u00f3n y S\u00e9neca <\/span><\/figcaption><\/figure>\n<\/div>\n<div style=\"text-align: justify;\">\n<p>&nbsp;<\/p>\n<p style=\"text-align: justify;\"><span style=\"font-size: 14pt;\"><strong>Cosmopolitas<\/strong><\/span><\/p>\n<p id=\"attachment_17326\" class=\"wp-caption alignright\" style=\"text-align: justify;\">\u00a0<\/p>\n<p style=\"text-align: justify;\"><span style=\"font-size: 14pt;\"><strong>Los estoicos, a diferencia de los c\u00ednicos, no despreciaban a sus semejantes ni a la sociedad.<\/strong> Para el c\u00ednico, todos aquellos que viv\u00edan err\u00f3neamente no eran m\u00e1s que unos mentecatos, que merec\u00edan ser insultados y ridiculizados por su estupidez. Un art\u00edfice de ello fue\u00a0 Di\u00f3genes, c\u00e9lebre por sus rifirrafes con sujetos de todo pelaje. Sin embargo, la cr\u00edtica \u00e1cida del c\u00ednico no trataba de corregir o servir de ejemplo a sus semejantes, sino que se contentaba con menospreciarlos.<\/span><span style=\"font-size: 14pt;\"><strong>Los estoicos, por su parte, tienen esa visi\u00f3n cr\u00edtica, pero no comparten la forma.<\/strong>\u00a0De hecho, para ellos la idea de comunidad es sumamente importante. Ahora bien, fieles a su pensamiento y su idea de que el mundo est\u00e1 unido por el fino hilo de la racionalidad, se consideraban ciudadanos del mundo. No cre\u00edan en ser de aqu\u00ed o all\u00e1 por motivos de nacimiento o cultura. Ellos eran de la raz\u00f3n y la virtud, dondequiera que estas reinaran.<\/span><\/p>\n<p>&nbsp;<\/p>\n<\/div>\n<p style=\"text-align: center;\"><span style=\"color: #008000;\"><strong><span style=\"font-size: 14pt;\">Para que las representaciones se conviertan en conocimiento, debemos poseer una evidencia que invite a la inteligencia a aceptarla<\/span><\/strong><\/span><\/p>\n<p>&nbsp;<\/p>\n<figure id=\"attachment_27575\" aria-describedby=\"caption-attachment-27575\" style=\"width: 493px\" class=\"wp-caption aligncenter\"><img loading=\"lazy\" decoding=\"async\" class=\"wp-image-27575 size-full\" src=\"https:\/\/puntocritico.com\/ausajpuntocritico\/wp-content\/uploads\/2020\/03\/MUERTE-DE-SENECA-RUBENS.jpg\" alt=\"\" width=\"493\" height=\"732\" data-id=\"27575\" srcset=\"https:\/\/puntocritico.com\/ausajpuntocritico\/wp-content\/uploads\/2020\/03\/MUERTE-DE-SENECA-RUBENS.jpg 493w, https:\/\/puntocritico.com\/ausajpuntocritico\/wp-content\/uploads\/2020\/03\/MUERTE-DE-SENECA-RUBENS-202x300.jpg 202w\" sizes=\"auto, (max-width: 493px) 100vw, 493px\" \/><figcaption id=\"caption-attachment-27575\" class=\"wp-caption-text\"><span style=\"color: #008000;\">La muerte de S\u00e9neca, de Pedro Pablo Rubens (Museo del Prado) <\/span><\/figcaption><\/figure>\n<p>&nbsp;<\/p>\n<hr \/>\n<p style=\"text-align: justify;\"><strong><span style=\"font-size: 14pt;\">RELACIONADOS:<\/span><\/strong><\/p>\n<blockquote class=\"wp-embedded-content\" data-secret=\"KobVQ1vZbY\"><p><a href=\"https:\/\/puntocritico.com\/ausajpuntocritico\/2018\/05\/31\/meditaciones-de-marco-aurelio\/\">MEDITACIONES DE MARCO AURELIO<\/a><\/p><\/blockquote>\n<p><iframe loading=\"lazy\" class=\"wp-embedded-content\" sandbox=\"allow-scripts\" security=\"restricted\" style=\"position: absolute; clip: rect(1px, 1px, 1px, 1px);\" title=\"\u00abMEDITACIONES DE MARCO AURELIO\u00bb \u2014 Punto Cr\u00edtico Derechos Humanos\" src=\"https:\/\/puntocritico.com\/ausajpuntocritico\/2018\/05\/31\/meditaciones-de-marco-aurelio\/embed\/#?secret=aobuDd6ftA#?secret=KobVQ1vZbY\" data-secret=\"KobVQ1vZbY\" width=\"500\" height=\"282\" frameborder=\"0\" marginwidth=\"0\" marginheight=\"0\" scrolling=\"no\"><\/iframe><\/p>\n<blockquote class=\"wp-embedded-content\" data-secret=\"khz9E1BsLK\"><p><a href=\"https:\/\/puntocritico.com\/ausajpuntocritico\/2019\/08\/21\/epicteto-y-epicuro-libertad-y-felicidad\/\">EP\u00cdCTETO Y EPICURO; Libertad y Felicidad<\/a><\/p><\/blockquote>\n<p><iframe loading=\"lazy\" class=\"wp-embedded-content\" sandbox=\"allow-scripts\" security=\"restricted\" style=\"position: absolute; clip: rect(1px, 1px, 1px, 1px);\" title=\"\u00abEP\u00cdCTETO Y EPICURO; Libertad y Felicidad\u00bb \u2014 Punto Cr\u00edtico Derechos Humanos\" src=\"https:\/\/puntocritico.com\/ausajpuntocritico\/2019\/08\/21\/epicteto-y-epicuro-libertad-y-felicidad\/embed\/#?secret=vjuBTToXnT#?secret=khz9E1BsLK\" data-secret=\"khz9E1BsLK\" width=\"500\" height=\"282\" frameborder=\"0\" marginwidth=\"0\" marginheight=\"0\" scrolling=\"no\"><\/iframe><\/p>\n<blockquote class=\"wp-embedded-content\" data-secret=\"mEioXlz94y\"><p><a href=\"https:\/\/puntocritico.com\/ausajpuntocritico\/2020\/03\/29\/de-la-ira-por-seneca\/\">\u00abDE LA IRA\u00bb, por S\u00e9neca<\/a><\/p><\/blockquote>\n<p><iframe loading=\"lazy\" class=\"wp-embedded-content\" sandbox=\"allow-scripts\" security=\"restricted\" style=\"position: absolute; clip: rect(1px, 1px, 1px, 1px);\" title=\"\u00ab\u00abDE LA IRA\u00bb, por S\u00e9neca\u00bb \u2014 Punto Cr\u00edtico Derechos Humanos\" src=\"https:\/\/puntocritico.com\/ausajpuntocritico\/2020\/03\/29\/de-la-ira-por-seneca\/embed\/#?secret=iclEZJ6Vxs#?secret=mEioXlz94y\" data-secret=\"mEioXlz94y\" width=\"500\" height=\"282\" frameborder=\"0\" marginwidth=\"0\" marginheight=\"0\" scrolling=\"no\"><\/iframe><\/p>\n<p>https:\/\/puntocritico.com\/ausajpuntocritico\/2019\/01\/25\/el-azar-y-la-necesidad-por-baruch-de-spinoza-republicado\/<\/p>\n<blockquote class=\"wp-embedded-content\" data-secret=\"B8qwI5xr1b\"><p><a href=\"https:\/\/puntocritico.com\/ausajpuntocritico\/2017\/03\/15\/la-dignidad-personal-o-el-propio-caracter-por-epicteto\/\">LA DIGNIDAD PERSONAL O EL PROPIO CAR\u00c1CTER, por Epicteto<\/a><\/p><\/blockquote>\n<p><iframe loading=\"lazy\" class=\"wp-embedded-content\" sandbox=\"allow-scripts\" security=\"restricted\" style=\"position: absolute; clip: rect(1px, 1px, 1px, 1px);\" title=\"\u00abLA DIGNIDAD PERSONAL O EL PROPIO CAR\u00c1CTER, por Epicteto\u00bb \u2014 Punto Cr\u00edtico Derechos Humanos\" src=\"https:\/\/puntocritico.com\/ausajpuntocritico\/2017\/03\/15\/la-dignidad-personal-o-el-propio-caracter-por-epicteto\/embed\/#?secret=MWsy9ZBlKl#?secret=B8qwI5xr1b\" data-secret=\"B8qwI5xr1b\" width=\"500\" height=\"282\" frameborder=\"0\" marginwidth=\"0\" marginheight=\"0\" scrolling=\"no\"><\/iframe><\/p>\n<blockquote class=\"wp-embedded-content\" data-secret=\"ZAyr2jq1Ic\"><p><a href=\"https:\/\/puntocritico.com\/ausajpuntocritico\/2017\/10\/31\/libres-o-esclavos-por-epicteto\/\">\u00bfLIBRES O ESCLAVOS?, por Epicteto<\/a><\/p><\/blockquote>\n<p><iframe loading=\"lazy\" class=\"wp-embedded-content\" sandbox=\"allow-scripts\" security=\"restricted\" style=\"position: absolute; clip: rect(1px, 1px, 1px, 1px);\" title=\"\u00ab\u00bfLIBRES O ESCLAVOS?, por Epicteto\u00bb \u2014 Punto Cr\u00edtico Derechos Humanos\" src=\"https:\/\/puntocritico.com\/ausajpuntocritico\/2017\/10\/31\/libres-o-esclavos-por-epicteto\/embed\/#?secret=pC7uOCwxeh#?secret=ZAyr2jq1Ic\" data-secret=\"ZAyr2jq1Ic\" width=\"500\" height=\"282\" frameborder=\"0\" marginwidth=\"0\" marginheight=\"0\" scrolling=\"no\"><\/iframe><\/p>\n<blockquote class=\"wp-embedded-content\" data-secret=\"uCExzfx9ZZ\"><p><a href=\"https:\/\/puntocritico.com\/ausajpuntocritico\/2017\/04\/12\/nuestro-maestro-epicuro-por-thomas-jefferson\/\">NUESTRO MAESTRO EPICURO, por Thomas Jefferson<\/a><\/p><\/blockquote>\n<p><iframe loading=\"lazy\" class=\"wp-embedded-content\" sandbox=\"allow-scripts\" security=\"restricted\" style=\"position: absolute; clip: rect(1px, 1px, 1px, 1px);\" title=\"\u00abNUESTRO MAESTRO EPICURO, por Thomas Jefferson\u00bb \u2014 Punto Cr\u00edtico Derechos Humanos\" src=\"https:\/\/puntocritico.com\/ausajpuntocritico\/2017\/04\/12\/nuestro-maestro-epicuro-por-thomas-jefferson\/embed\/#?secret=L8EgZKGnIb#?secret=uCExzfx9ZZ\" data-secret=\"uCExzfx9ZZ\" width=\"500\" height=\"282\" frameborder=\"0\" marginwidth=\"0\" marginheight=\"0\" scrolling=\"no\"><\/iframe><\/p>\n<blockquote class=\"wp-embedded-content\" data-secret=\"0QQUCzfR78\"><p><a href=\"https:\/\/puntocritico.com\/ausajpuntocritico\/2019\/10\/06\/esbozos-de-una-moral-sin-sancion-ni-obligacion-de-jean-marie-guyau-parte-1\/\">Esbozos de una moral sin sanci\u00f3n ni obligaci\u00f3n, de Jean-Marie Guyau &#8211; PARTE 1<\/a><\/p><\/blockquote>\n<p><iframe loading=\"lazy\" class=\"wp-embedded-content\" sandbox=\"allow-scripts\" security=\"restricted\" style=\"position: absolute; clip: rect(1px, 1px, 1px, 1px);\" title=\"\u00abEsbozos de una moral sin sanci\u00f3n ni obligaci\u00f3n, de Jean-Marie Guyau &#8211; PARTE 1\u00bb \u2014 Punto Cr\u00edtico Derechos Humanos\" src=\"https:\/\/puntocritico.com\/ausajpuntocritico\/2019\/10\/06\/esbozos-de-una-moral-sin-sancion-ni-obligacion-de-jean-marie-guyau-parte-1\/embed\/#?secret=hBfLh5gKtJ#?secret=0QQUCzfR78\" data-secret=\"0QQUCzfR78\" width=\"500\" height=\"282\" frameborder=\"0\" marginwidth=\"0\" marginheight=\"0\" scrolling=\"no\"><\/iframe><\/p>\n<p><a href=\"https:\/\/puntocritico.com\/ausajpuntocritico\/author\/punto-critico\/\"><img loading=\"lazy\" decoding=\"async\" class=\"aligncenter wp-image-9528\" src=\"https:\/\/puntocritico.com\/ausajpuntocritico\/wp-content\/uploads\/2018\/03\/Mosca_Punto_Cr\u00edtico_40.png\" alt=\"\" width=\"80\" height=\"80\" data-id=\"9528\" \/><\/a><\/p>\n<p>&nbsp;<\/p>\n<p>&nbsp;<\/p>\n<p>&nbsp;<\/p>\n","protected":false},"excerpt":{"rendered":"<div class=\"mh-excerpt\"><p>Estoicos &nbsp; &nbsp; &nbsp; ESTOICISMO: DEFINICIONES Estoicos: (Del griego: \u201cst\u00f3a\u201d, p\u00f3rtico.) Los estoicos fueron los representantes de una tendencia filos\u00f3fica surgida en la Grecia Antigua alrededor del siglo III antes de nuestra era y que <a class=\"mh-excerpt-more\" href=\"https:\/\/puntocritico.com\/ausajpuntocritico\/2020\/03\/12\/estoicos\/\" title=\"ESTOICOS: \u00abEl estoicismo crea individuos que no pueden ser intimidados por los poderosos porque no temen abandonar todo o morir\u00bb\">[&#8230;]<\/a><\/p>\n<\/div>","protected":false},"author":3,"featured_media":27574,"comment_status":"open","ping_status":"closed","sticky":false,"template":"","format":"standard","meta":{"_acf_changed":false,"_exactmetrics_skip_tracking":false,"_exactmetrics_sitenote_active":false,"_exactmetrics_sitenote_note":"","_exactmetrics_sitenote_category":0,"footnotes":""},"categories":[8],"tags":[],"class_list":{"0":"post-27535","1":"post","2":"type-post","3":"status-publish","4":"format-standard","5":"has-post-thumbnail","7":"category-filosofia"},"acf":[],"_links":{"self":[{"href":"https:\/\/puntocritico.com\/ausajpuntocritico\/wp-json\/wp\/v2\/posts\/27535","targetHints":{"allow":["GET"]}}],"collection":[{"href":"https:\/\/puntocritico.com\/ausajpuntocritico\/wp-json\/wp\/v2\/posts"}],"about":[{"href":"https:\/\/puntocritico.com\/ausajpuntocritico\/wp-json\/wp\/v2\/types\/post"}],"author":[{"embeddable":true,"href":"https:\/\/puntocritico.com\/ausajpuntocritico\/wp-json\/wp\/v2\/users\/3"}],"replies":[{"embeddable":true,"href":"https:\/\/puntocritico.com\/ausajpuntocritico\/wp-json\/wp\/v2\/comments?post=27535"}],"version-history":[{"count":0,"href":"https:\/\/puntocritico.com\/ausajpuntocritico\/wp-json\/wp\/v2\/posts\/27535\/revisions"}],"wp:featuredmedia":[{"embeddable":true,"href":"https:\/\/puntocritico.com\/ausajpuntocritico\/wp-json\/wp\/v2\/media\/27574"}],"wp:attachment":[{"href":"https:\/\/puntocritico.com\/ausajpuntocritico\/wp-json\/wp\/v2\/media?parent=27535"}],"wp:term":[{"taxonomy":"category","embeddable":true,"href":"https:\/\/puntocritico.com\/ausajpuntocritico\/wp-json\/wp\/v2\/categories?post=27535"},{"taxonomy":"post_tag","embeddable":true,"href":"https:\/\/puntocritico.com\/ausajpuntocritico\/wp-json\/wp\/v2\/tags?post=27535"}],"curies":[{"name":"wp","href":"https:\/\/api.w.org\/{rel}","templated":true}]}}