{"id":27431,"date":"2020-03-22T00:05:52","date_gmt":"2020-03-21T23:05:52","guid":{"rendered":"https:\/\/puntocritico.com\/ausajpuntocritico\/?p=27431"},"modified":"2024-10-20T13:20:18","modified_gmt":"2024-10-20T11:20:18","slug":"el-ultimo-de-la-lista","status":"publish","type":"post","link":"https:\/\/puntocritico.com\/ausajpuntocritico\/2020\/03\/22\/el-ultimo-de-la-lista\/","title":{"rendered":"El \u00faltimo de la lista (1963), Pel\u00edcula de John Huston. \u00abLa maldad existe\u00bb."},"content":{"rendered":"<h3><a id=\"ref1a\"><\/a><a href=\"#ref1\"><span style=\"font-size: 12pt;\">PELICULA \u00abEL \u00daLTIMO DE LA LISTA\u00bb<\/span><\/a><\/h3>\n<p style=\"text-align: center;\"><span style=\"font-size: 18pt;\"><strong>*<span style=\"color: #008000;\">*<\/span>*<\/strong><\/span><\/p>\n<p>&nbsp;<\/p>\n<blockquote>\n<h3 class=\"post-title entry-title\" style=\"text-align: center;\"><strong><span style=\"font-size: 18pt;\">EL \u00daLTIMO DE LA LISTA (1963), de John Huston<\/span><\/strong><\/h3>\n<div class=\"post-header\">\n<div class=\"post-header-line-1\" style=\"text-align: justify;\"><span style=\"font-size: 14pt;\"><a href=\"http:\/\/losojosdellobo.blogspot.com\/2010\/07\/el-ultimo-de-la-lista-1963-de-john.html\" target=\"_blank\" rel=\"noopener\">Los ojos del lobo<\/a><\/span><\/div>\n<\/div>\n<p><img loading=\"lazy\" decoding=\"async\" class=\"aligncenter wp-image-27868\" src=\"https:\/\/puntocritico.com\/ausajpuntocritico\/wp-content\/uploads\/2020\/03\/El-ultimo-de-la-lista-cartel-2-OK.jpg\" alt=\"\" width=\"302\" height=\"545\" data-id=\"27868\" srcset=\"https:\/\/puntocritico.com\/ausajpuntocritico\/wp-content\/uploads\/2020\/03\/El-ultimo-de-la-lista-cartel-2-OK.jpg 235w, https:\/\/puntocritico.com\/ausajpuntocritico\/wp-content\/uploads\/2020\/03\/El-ultimo-de-la-lista-cartel-2-OK-166x300.jpg 166w\" sizes=\"auto, (max-width: 302px) 100vw, 302px\" \/><\/p>\n<p>&nbsp;<\/p>\n<p style=\"text-align: justify;\"><span style=\"font-size: 14pt;\">La maldad puede residir en cualquier rinc\u00f3n de nuestra err\u00e1tica existencia. Puede estar en el inofensivo y peque\u00f1o vecino de abajo o en el reverendo con el que tenemos un detalle sin importancia al facturar el equipaje en el aeropuerto. Puede habitar en los bajos fondos tras la apariencia de un ce\u00f1udo bebedor de taberna o en el profundo mirar de un simple pueblerino convertido en el espectador de su propia cacer\u00eda. Lo cierto es que todos nos escondemos tras una m\u00e1scara que utilizamos en la representaci\u00f3n que m\u00e1s nos puede convenir. Y en ocasiones, la mascarada es para cometer un crimen que no es m\u00e1s que la consecuencia m\u00e1s directa del destierro en el cari\u00f1o de una familia que siempre repudi\u00f3 la sangre emigrada. Y harto, harto de arrastrarse para conseguir la vida que siempre ha so\u00f1ado, un hombre decide eliminar, uno a uno, los nombres de una lista que pueden adelantarse a \u00e9l en el maldito cobro de una herencia astron\u00f3mica. Para ello, no duda en convertirse en muchos hombres y poner en pr\u00e1ctica tortuosas maneras de matar para hacer que todo parezca un accidente. No importan las v\u00edctimas colaterales, ni la objetiva crueldad que pone en juego. \u00c9l es el sabueso que persigue a los zorros hasta que la ambici\u00f3n, la oscura ambici\u00f3n, la in\u00fatil ambici\u00f3n, hace que \u00e9l mismo se convierta en la presa. Cuando los ganchos de la muerte se adentren en su personalidad m\u00faltiple preferir\u00e1 arrancarse la m\u00e1scara tras la que se ha escondido para morir, al menos, como lo hacen los hombres que se encaminan hacia el final a cara descubierta\u2026como hicieron todos los de su lista del diablo\u2026<\/span><\/p>\n<p style=\"text-align: justify;\"><span style=\"font-size: 14pt;\">John Huston dirigi\u00f3 este \u201cdivertimento\u201d de espeluznante final, \u201cEl \u00faltimo de la lista\u201d, una ingeniosa par\u00e1bola de todas aquellas m\u00e1scaras que el ser humano no duda en calzarse para aparentar lo que no se es, para escalar lugar en la odiosa clasificaci\u00f3n social, para enga\u00f1ar al enga\u00f1ado, para el actor que, al modo griego, se esconde tras la m\u00e1scara imp\u00e1vida, misteriosa y llena de trucos que adornan la enorme tragedia que supone vivir. Para ello, Huston puso en juego todo un repertorio de extraordinarios planos que rondan el virtuosismo en la que es una de sus mejores pel\u00edculas en cuanto al lado t\u00e9cnico. En el tablero del celuloide, un buen pu\u00f1ado de estupendos actores nos saludan mostr\u00e1ndonos lo dif\u00edcil que puede llegar a ser el reconocer la piel de quien tenemos enfrente. Y este\u2026no, se\u00f1ores, este no es el final\u2026<\/span><\/p>\n<\/blockquote>\n<p>&nbsp;<\/p>\n<p><img loading=\"lazy\" decoding=\"async\" class=\"aligncenter wp-image-27877\" src=\"https:\/\/puntocritico.com\/ausajpuntocritico\/wp-content\/uploads\/2020\/03\/John_Huston_-_publicity-OK-238x300.jpg\" alt=\"\" width=\"302\" height=\"381\" data-id=\"27877\" srcset=\"https:\/\/puntocritico.com\/ausajpuntocritico\/wp-content\/uploads\/2020\/03\/John_Huston_-_publicity-OK-238x300.jpg 238w, https:\/\/puntocritico.com\/ausajpuntocritico\/wp-content\/uploads\/2020\/03\/John_Huston_-_publicity-OK-811x1024.jpg 811w, https:\/\/puntocritico.com\/ausajpuntocritico\/wp-content\/uploads\/2020\/03\/John_Huston_-_publicity-OK-768x970.jpg 768w, https:\/\/puntocritico.com\/ausajpuntocritico\/wp-content\/uploads\/2020\/03\/John_Huston_-_publicity-OK.jpg 914w\" sizes=\"auto, (max-width: 302px) 100vw, 302px\" \/><\/p>\n<p>&nbsp;<\/p>\n<p style=\"text-align: center;\"><span style=\"font-size: 18pt; color: #008000;\"><strong>*****<\/strong><\/span><\/p>\n<p>&nbsp;<\/p>\n<table style=\"border-collapse: collapse; width: 100%;\">\n<tbody>\n<tr>\n<td style=\"width: 100%; border-color: #000000; background-color: #f6faf0;\">\n<p style=\"text-align: center;\"><span style=\"font-size: 18pt;\"><strong>EL PERVERSO NARCISISTA Y EL DISCURSO CONTRADICTORIO<\/strong><\/span><\/p>\n<p style=\"text-align: center;\"><strong style=\"font-size: 18.6667px;\">\u00ab<span style=\"color: #008000;\"><em>La maldad existe<\/em><\/span>\u00ab<\/strong><\/p>\n<p style=\"text-align: justify;\">Es dif\u00edcil establecer una definici\u00f3n del perverso narcisista; ello s\u00f3lo es factible mediante el an\u00e1lisis de casos concretos.<\/p>\n<p style=\"text-align: justify;\">El t\u00e9rmino se acota, pues, de forma emp\u00edrica y sin consenso de la comunidad m\u00e9dico-cient\u00edfica. Sin embargo, los\u00a0<i>constructos<\/i>\u00a0que m\u00e1s se acercan a este concepto son el\u00a0Trastorno narcisista de la personalidad\u00a0y la\u00a0Psicopat\u00eda.<\/p>\n<p style=\"text-align: justify;\">Sin embargo, este recurso terminol\u00f3gico se utiliza a veces en psicopatolog\u00eda para designar a individuos que presentan una personalidad marcada por rasgos exacerbados de\u00a0Narcisismo\u00a0y de perversi\u00f3n, consistente en la satisfacci\u00f3n de deseos y necesidades a expensas de los otros.<\/p>\n<p style=\"text-align: justify;\">Para\u00a0Marie-France Hirigoyen, la perversidad no proviene de un trastorno psiqui\u00e1trico sino de una fr\u00eda racionalidad que se combina con la incapacidad de considerar a los dem\u00e1s como seres humanos. El perverso sabe c\u00f3mo seducir al grupo y conseguir que funcione de manera inhabitual; conoce sus l\u00edmites y frena su acci\u00f3n cuando percibe que puede ser descubierto.<\/p>\n<p style=\"text-align: justify;\">Los individuos perversos narcisistas, seg\u00fan Alberto Eiguer, son aquellos que bajo la influencia de su \u00abgrandioso yo\u00bb, intentan crear un v\u00ednculo con un segundo individuo, atacando muy especialmente su propia imagen de integridad con el fin de desarmarlo. Para Eiguer, estos individuos atacan el amor propio de los otros, su confianza y la autoestima para hacerles creer que el v\u00ednculo con el perverso es irremplazable y que es el otro quien lo solicita.<\/p>\n<p><a href=\"https:\/\/es.wikipedia.org\/wiki\/Perverso_narcisista\" target=\"_blank\" rel=\"noopener noreferrer\" data-saferedirecturl=\"https:\/\/www.google.com\/url?q=https:\/\/es.wikipedia.org\/wiki\/Perverso_narcisista&amp;source=gmail&amp;ust=1584917579083000&amp;usg=AFQjCNF0wHZOc9qgRJJbfF0k1kFmeIKqVQ\">https:\/\/es.wikipedia.org\/wiki\/<wbr \/>Perverso_narcisista<\/a>\u00a0\u00a0<\/p>\n<p style=\"text-align: center;\"><span style=\"font-size: 18pt;\">***<\/span><\/p>\n<p align=\"center\"><span style=\"font-size: 18pt; font-family: georgia, palatino, serif;\"><b><span style=\"color: #003300;\">DISCURSO PARAD\u00d3JICO<\/span><\/b><\/span><br \/>\n<span style=\"font-family: Verdana; font-size: small;\">CUENTA TODO Y LO CONTRARIO A TODO<\/span><\/p>\n<blockquote>\n<p align=\"center\"><strong><em><span style=\"font-family: verdana, geneva, sans-serif;\">El uso difamatorio de la devaluaci\u00f3n, la humillaci\u00f3n, la denigraci\u00f3n a trav\u00e9s del mantenimiento de una controversia sistem\u00e1tica, haci\u00e9ndose pasar por un m\u00e1rtir para salir ileso y victorioso.<\/span><\/em><\/strong><\/p>\n<\/blockquote>\n<p style=\"text-align: justify;\" align=\"justify\"><span style=\"font-size: 12pt;\"><b>La confusi\u00f3n<\/b><\/p>\n<p>El discurso parad\u00f3jico prolonga en la confusi\u00f3n al que recibe simult\u00e1neamente los mensajes contradictorios:<\/span><\/p>\n<p style=\"padding-left: 40px;\" align=\"justify\"><span style=\"font-size: 12pt;\"><i>\u201cUn discurso parad\u00f3jico desconcierta al otro.\u00a0Al no estar seguro de c\u00f3mo se siente, tiende a caricaturizarse o justificarse a s\u00ed mismo \u00ab.<\/i><\/span><\/p>\n<p style=\"padding-left: 40px;\" align=\"justify\"><span style=\"font-size: 12pt;\"><i>\u00abSe dice algo que se descalifica de inmediato, pero el rastro permanece, en forma de duda:\u00bb \u00bfQuiso decir eso, o fui yo quien interpret\u00f3 todo mal?\u00a0\u00abSi la v\u00edctima trata de nombrar sus dudas, se le llama un paranoico que malinterpreta todo\u00bb.<\/i><\/span><\/p>\n<p style=\"padding-left: 40px;\" align=\"justify\"><span style=\"font-size: 12pt;\"><i>\u00abLo ponemos sobresaliente y nos aseguramos de poder demostrar que est\u00e1 equivocado\u00bb.\u00a0Como hemos dicho, el prop\u00f3sito de todo esto es controlar los sentimientos y comportamientos del otro e incluso garantizar que termine aprob\u00e1ndose y descalific\u00e1ndose, para recuperar una posici\u00f3n dominante. \u00ab.<\/i><\/span><\/p>\n<p style=\"text-align: justify;\" align=\"justify\"><span style=\"font-size: 12pt;\">Al poner al otro en voladizo, el pervertido gana una victoria;\u00a0impone una derrota al otro.\u00a0Lo pone en una situaci\u00f3n de fracaso.\u00a0Pero el discurso parad\u00f3jico, y en general las t\u00e9cnicas perversas, no son prerrogativa de los pervertidos aut\u00e9nticos.\u00a0Lo que distingue a los pervertidos es que no conocen otro registro de comunicaci\u00f3n.<\/span><\/p>\n<p align=\"justify\"><a href=\"http:\/\/callways.com\/le_discours_paradoxal.shtml\" target=\"_blank\" rel=\"noopener noreferrer\" data-saferedirecturl=\"https:\/\/www.google.com\/url?q=http:\/\/callways.com\/le_discours_paradoxal.shtml&amp;source=gmail&amp;ust=1584917579083000&amp;usg=AFQjCNEs8nqQKgJqG3ihjSvrKT0C1vaGMA\">http:\/\/callways.com\/le_<wbr \/>discours_paradoxal.shtml<\/a>\u00a0\u00a0<\/p>\n<\/td>\n<\/tr>\n<\/tbody>\n<\/table>\n<p>&nbsp;<\/p>\n<p style=\"text-align: center;\"><span style=\"font-size: 18pt; color: #008000;\"><strong>*****<\/strong><\/span><\/p>\n<p>&nbsp;<\/p>\n<p style=\"text-align: center;\"><strong><span style=\"font-size: 24pt;\">El \u00faltimo de la lista (1963) <a id=\"ref1\"><\/a><a href=\"#ref1a\">*<\/a><\/span><\/strong><\/p>\n<p style=\"text-align: center;\"><span style=\"font-size: 18pt; color: #008000;\"><strong>Dirigida por John Huston<\/strong><\/span><\/p>\n<p style=\"text-align: center;\"><iframe loading=\"lazy\" src=\"https:\/\/mega.nz\/embed\/WZdQFDjA#E-c7S4fXtkH7bJ2DN5iQVVHtmfr1JhKFKe9GWV4HYOw\" width=\"640\" height=\"360\" frameborder=\"0\" allowfullscreen=\"allowfullscreen\"><\/iframe><\/p>\n<p>&nbsp;<\/p>\n<p style=\"text-align: center;\"><span style=\"color: #008000;\"><strong><span style=\"font-size: 18pt;\">*****<\/span><\/strong><\/span><\/p>\n<p>&nbsp;<\/p>\n<p><img loading=\"lazy\" decoding=\"async\" class=\"aligncenter wp-image-27869\" src=\"https:\/\/puntocritico.com\/ausajpuntocritico\/wp-content\/uploads\/2020\/03\/El-ultimo-de-la-lista-douglas-OK.jpg\" alt=\"\" width=\"540\" height=\"302\" data-id=\"27869\" \/><\/p>\n<p>&nbsp;<\/p>\n<p style=\"text-align: justify;\"><span style=\"font-size: 14pt;\"><strong>FICHA:\u00a0<\/strong><\/span><\/p>\n<p style=\"text-align: justify;\"><span style=\"font-size: 14pt;\">T\u00edtulo original: The List of Adrian Messenger<\/span><\/p>\n<p style=\"text-align: justify;\"><span style=\"font-size: 14pt;\">A\u00f1o: 1963<\/span><\/p>\n<p style=\"text-align: justify;\"><span style=\"font-size: 14pt;\">Duraci\u00f3n: 98 min.<\/span><\/p>\n<p style=\"text-align: justify;\"><span style=\"font-size: 14pt;\">Pa\u00eds: \u00a0Estados Unidos<\/span><\/p>\n<p style=\"text-align: justify;\"><span style=\"font-size: 14pt;\">Direcci\u00f3n: John Huston<\/span><\/p>\n<p style=\"text-align: justify;\"><span style=\"font-size: 14pt;\">Guion: Anthony Veiller Novela: Philip MacDonald)<\/span><\/p>\n<p style=\"text-align: justify;\"><span style=\"font-size: 14pt;\">M\u00fasica: Jerry Goldsmith<\/span><\/p>\n<p style=\"text-align: justify;\"><span style=\"font-size: 14pt;\">Fotograf\u00eda:\u00a0<span class=\"nb\">Joseph MacDonald (B&amp;W)<\/span><\/span><\/p>\n<p style=\"text-align: justify;\"><span style=\"font-size: 14pt;\">Reparto:\u00a0George C. Scott,\u00a0Kirk Douglas,\u00a0Jacques Roux,\u00a0Dana Wynter,\u00a0Clive Brook,\u00a0Gladys Cooper,\u00a0Herbert Marshall,\u00a0Marcel Dalio,\u00a0Tony Curtis,\u00a0Burt Lancaster,\u00a0Robert Mitchum,\u00a0Frank Sinatra,\u00a0John Merivale<\/span><\/p>\n<p style=\"text-align: justify;\"><span style=\"font-size: 14pt;\">G\u00e9nero: Intriga\u00a0|\u00a0Crimen<\/span><\/p>\n<p style=\"text-align: justify;\"><span style=\"font-size: 14pt;\">Sinopsis: Un hombre, escritor, entrega a un amigo suyo, agente secreto retirado, una lista en la que figuran 10 nombres para que compruebe sus paraderos, sin darle m\u00e1s explicaciones. Cuando el escritor muere en un accidente a\u00e9reo, el agente se pondr\u00e1 a investigar y comprobar\u00e1 que 6 nombres de la lista fallecieron por accidentes y empieza a sospechar que sean cr\u00edmenes encubiertos. (<a href=\"https:\/\/www.filmaffinity.com\/es\/film829523.html\" target=\"_blank\" rel=\"noopener\">FILMAFFINITY<\/a>)<\/span><\/p>\n<p>&nbsp;<\/p>\n<p><img loading=\"lazy\" decoding=\"async\" class=\"aligncenter wp-image-27876\" src=\"https:\/\/puntocritico.com\/ausajpuntocritico\/wp-content\/uploads\/2020\/03\/El-ultimo-de-la-lista-22-OK.jpg\" alt=\"\" width=\"590\" height=\"330\" data-id=\"27876\" \/><\/p>\n<p>&nbsp;<\/p>\n<p style=\"text-align: center;\"><span style=\"font-size: 18pt; color: #008000;\"><strong>*****<\/strong><\/span><\/p>\n<div class=\"article-header article-featured-header\">\n<header>\n<div class=\"article-featured-title-container\">\n<div class=\"article-featured-title\">\n<h1 style=\"text-align: center;\"><strong>Jerry Goldsmith | &#8216;El \u00faltimo de la lista&#8217;, de John Huston<\/strong><\/h1>\n<\/div>\n<\/div>\n<\/header>\n<\/div>\n<div class=\"article-aside m-blob-aside\">\n<div class=\"article-aside-content\">\n<div class=\"section-deeplinking-container m-deeplinking-aside\">\n<div style=\"text-align: justify;\"><span style=\"font-size: 14pt;\">Por Sergio Ben\u00edtez<\/span><\/div>\n<div class=\"section-deeplinking\" style=\"text-align: justify;\"><span style=\"font-size: 14pt;\"><a href=\"https:\/\/www.espinof.com\/criticas\/jerry-goldsmith-el-ultimo-de-la-lista-de-john-huston\" target=\"_blank\" rel=\"noopener\">Espinof<\/a><\/span><\/div>\n<\/div>\n<\/div>\n<\/div>\n<p style=\"text-align: justify;\"><img loading=\"lazy\" decoding=\"async\" class=\"aligncenter wp-image-27866\" src=\"https:\/\/puntocritico.com\/ausajpuntocritico\/wp-content\/uploads\/2020\/03\/El-ultimo-de-la-lista-cartel-OK.jpg\" alt=\"\" width=\"520\" height=\"320\" data-id=\"27866\" \/><\/p>\n<p>&nbsp;<\/p>\n<p style=\"text-align: justify;\"><span style=\"font-size: 14pt;\">Hace siete d\u00edas coment\u00e1bamos en este mismo especial la fascinante y compleja\u00a0<a href=\"https:\/\/www.espinof.com\/criticas\/jerry-goldsmith-freud-pasion-secreta-de-john-huston\" target=\"_blank\" rel=\"noopener\">&#8216;Freud, pasi\u00f3n secreta&#8217;<\/a>\u00a0(id, John Huston, 1962), una cinta que serv\u00eda para poner en contacto al compositor en desarrollo que todav\u00eda era\u00a0<strong>Jerry Goldsmith<\/strong>\u00a0con uno de los directores m\u00e1s importantes de la historia del s\u00e9ptimo arte. Y muy contento debi\u00f3 quedar Huston con el atonal trabajo que el m\u00fasico realiz\u00f3 para su acercamiento al padre del psicoan\u00e1lisis cuando volvi\u00f3 a contar con \u00e9l para poner sonoridad a su siguiente producci\u00f3n,\u00a0<strong>un divertimento muy alejado de los sesudos par\u00e1metros en los que se hab\u00eda movido el biopic interpretado por Montgomery Clift<\/strong>.<\/span><\/p>\n<p style=\"text-align: justify;\"><span style=\"font-size: 14pt;\">Demostrando, como lo hizo una y otra vez a lo largo de sus casi cincuenta filmes como realizador, que era un artista capaz de aproximarse a cualquier g\u00e9nero, Huston tomaba la novela hom\u00f3nima escrita en 1959 por\u00a0<strong>Philip MacDonald<\/strong>\u00a0para construir un thriller tremendamente entretenido en el que, al margen de la trama que sigue las pesquisas de\u00a0<strong>George C.Scott<\/strong>, un antiguo agente del MI5 \u2014el Servicio de Seguridad del gobierno brit\u00e1nico\u2014, mientras trata de resolver unos misteriosos asesinatos,\u00a0<strong>planteaba un curioso \u00bfqui\u00e9n es qui\u00e9n? a los espectadores de hace cinco d\u00e9cadas<\/strong>.<\/span><\/p>\n<p>&nbsp;<\/p>\n<p><img loading=\"lazy\" decoding=\"async\" class=\"aligncenter wp-image-27873 size-mh-magazine-content\" src=\"https:\/\/puntocritico.com\/ausajpuntocritico\/wp-content\/uploads\/2020\/03\/1366_2000-2-678x381.jpg\" alt=\"\" width=\"678\" height=\"381\" data-id=\"27873\" \/><\/p>\n<p>&nbsp;<\/p>\n<h2 style=\"text-align: center;\">&#8216;El \u00faltimo de la lista&#8217;, adivina qui\u00e9n asesina esta noche<\/h2>\n<div class=\"article-asset-image article-asset-large\">\n<div class=\"asset-content\">\n<p style=\"text-align: justify;\"><span style=\"font-size: 14pt;\">Anunciado en el propio cartel de la producci\u00f3n, cinco amigos del director \u2014bueno, cuatro, que uno de ello s\u00ed tiene un papel de relevancia en los acontecimientos\u2014\u00a0<strong>se prestaban a una peque\u00f1a broma que nada tiene que ver con la novela en la que se basa la cinta<\/strong>\u00a0y que consist\u00eda en que el respetable de la \u00e9poca averiguara bajo qu\u00e9 personajes se escond\u00edan\u00a0<strong>Tony Curtis<\/strong>,\u00a0<strong>Kirk Douglas<\/strong>,\u00a0<strong>Burt Lancaster<\/strong>,\u00a0<strong>Robert Mitchum<\/strong>\u00a0y\u00a0<strong>Frank Sinatra<\/strong>, todos ellos ocultos por el maquillaje al que los somet\u00eda\u00a0<strong>John Chambers<\/strong>, el m\u00edtico profesional responsable de haber creado las orejas de Spock y los monos de\u00a0<strong>&#8216;El planeta de los simios&#8217;<\/strong>\u00a0(&#8216;Planet of the Apes&#8217;, Franklin J.Schaffner, 1968) y sus secuelas.<\/span><\/p>\n<p style=\"text-align: justify;\"><span style=\"font-size: 14pt;\">Quiz\u00e1s mucho m\u00e1s evidente hoy en d\u00eda que hace cinco d\u00e9cadas, lo cierto es que dicho juego es s\u00f3lo eso, una peque\u00f1a broma de Huston para distraernos mientras se va desplegando la trama en la que se ven envueltos George C.Scott y\u00a0<strong>Clive Brook<\/strong>, cuando el Adrian Messenger del t\u00edtulo original fallece en una extra\u00f1a explosi\u00f3n de avi\u00f3n. Nada compleja, para qu\u00e9 enga\u00f1arnos,\u00a0<strong>el despliegue de la acci\u00f3n detectivesca de los dos protagonistas masculinos termina convirtiendo a &#8216;El \u00faltimo de la lista&#8217; en una suerte de homenaje al universo de Sherlock Holmes<\/strong>, actuando Scott como el sabueso de Baker Street y Brook como un Doctor Watson puesto ah\u00ed para aclarar de forma puntual la investigaci\u00f3n.<\/span><\/p>\n<\/div>\n<\/div>\n<p>&nbsp;<\/p>\n<p><img loading=\"lazy\" decoding=\"async\" class=\"aligncenter wp-image-27874 size-mh-magazine-content\" src=\"https:\/\/puntocritico.com\/ausajpuntocritico\/wp-content\/uploads\/2020\/03\/1366_2000-3-678x381.jpg\" alt=\"\" width=\"678\" height=\"381\" data-id=\"27874\" \/><\/p>\n<p>&nbsp;<\/p>\n<div class=\"article-asset-image article-asset-large\">\n<div class=\"asset-content\">\n<p style=\"text-align: justify;\"><span style=\"font-size: 14pt;\">Visto as\u00ed, el filme podr\u00eda parecer uno de tantos que ha copiado de forma indiscriminada a la inmortal de\u00a0<strong>Sir Arthur Conan Doyle<\/strong>, pero lo cierto es que Huston y\u00a0<strong>Anthony Veiller<\/strong>\u00a0\u2014escritor que ya hab\u00eda colaborado con el cineasta en dos ocasiones anteriores\u2014\u00a0<strong>se las apa\u00f1an para evitar que as\u00ed nos lo parezca<\/strong>, y en que el filme no termine siendo contemplado con ojos c\u00ednicos como un mero plagio enmascarado de uno de los personajes que m\u00e1s adaptaciones cinematogr\u00e1ficas ha conocido en la historia del cine trabajan con igual efectividad realizador, guionista y el s\u00f3lido plantel de actores.<\/span><\/p>\n<p style=\"text-align: justify;\"><span style=\"font-size: 14pt;\">En t\u00e9rminos de lo que el primero consigue, no cabe duda de que estamos ante un filme menor del patriarca de la saga Huston si lo comparamos su \u00f3pera prima, cualquiera de las incursiones que hizo en el\u00a0<em>noir<\/em>\u00a0o el\u00a0<em>western<\/em>\u00a0o, por supuesto, sus magn\u00edficas aproximaciones al cine de aventuras. Pero\u00a0<strong>un t\u00edtulo menor de John Huston a\u00fan sirve para dar lecciones de planificaci\u00f3n, ejecuci\u00f3n y narraci\u00f3n<\/strong>, y &#8216;El \u00faltimo de la lista&#8217; no es una excepci\u00f3n con noventa y ocho minutos que son todo un ejemplo de espl\u00e9ndido ritmo, acertad\u00edsima elecci\u00f3n de actores e incuestionable solvencia acerca de c\u00f3mo construir un entretenimiento de primera calidad.<\/span><\/p>\n<\/div>\n<\/div>\n<p>&nbsp;<\/p>\n<p><img loading=\"lazy\" decoding=\"async\" class=\"aligncenter wp-image-27875 size-mh-magazine-content\" src=\"https:\/\/puntocritico.com\/ausajpuntocritico\/wp-content\/uploads\/2020\/03\/1366_2000-4-678x381.jpg\" alt=\"\" width=\"678\" height=\"381\" data-id=\"27875\" srcset=\"https:\/\/puntocritico.com\/ausajpuntocritico\/wp-content\/uploads\/2020\/03\/1366_2000-4-678x381.jpg 678w, https:\/\/puntocritico.com\/ausajpuntocritico\/wp-content\/uploads\/2020\/03\/1366_2000-4-300x169.jpg 300w, https:\/\/puntocritico.com\/ausajpuntocritico\/wp-content\/uploads\/2020\/03\/1366_2000-4-1024x576.jpg 1024w, https:\/\/puntocritico.com\/ausajpuntocritico\/wp-content\/uploads\/2020\/03\/1366_2000-4-768x432.jpg 768w, https:\/\/puntocritico.com\/ausajpuntocritico\/wp-content\/uploads\/2020\/03\/1366_2000-4.jpg 1280w\" sizes=\"auto, (max-width: 678px) 100vw, 678px\" \/><\/p>\n<p>&nbsp;<\/p>\n<div class=\"article-asset-image article-asset-large\">\n<div class=\"asset-content\">\n<h2 style=\"text-align: center;\"><strong>&#8216;El \u00faltimo de la lista&#8217;, la m\u00fasica<\/strong><\/h2>\n<p style=\"text-align: justify;\"><span style=\"font-size: 14pt;\">Aunque dentro de la personalidad bromista del filme, Goldsmith se permita un chiste privado con las primeras notas que abren el\u00a0<em>score<\/em>\u00a0y parezca que nos vamos a encontrar una partitura que vuelve a apuntar a lo dodecaf\u00f3nico de &#8216;Freud&#8217;, lo cierto es que el tono de la banda sonora de &#8216;El \u00faltimo de la lista&#8217; no podr\u00eda ser m\u00e1s opuesto a lo oscuro y profundamente complejo de la anterior composici\u00f3n del m\u00fasico. De hecho,\u00a0<strong>s\u00f3lo hay que atender al burlesco motivo principal, ejecutado en los metales, para apercibirse de por d\u00f3nde van a discurrir las intenciones musicales de la producci\u00f3n.<\/strong><\/span><\/p>\n<p style=\"text-align: justify;\"><span style=\"font-size: 14pt;\">Juguetona al igual que las im\u00e1genes a las que acompa\u00f1a, el trabajo de Goldsmith para &#8216;El \u00faltimo de la lista&#8217; es, m\u00e1s all\u00e1 de su tema principal \u2014que, huelga decir, es versionado a placer por las diferentes secciones de la orquesta\u2014, uno que tira de los lugares que el compositor ha recorrido hasta el momento en su corta trayectoria cinematogr\u00e1fica, y\u00a0<strong>poco hay que destacar de un\u00a0<em>score<\/em>\u00a0que Varese Sarabande recog\u00eda en su totalidad el a\u00f1o pasado para deleite de completistas impenitentes<\/strong>, esos que s\u00f3lo son \u2014somos\u2014 felices teniendo hasta el \u00faltimo resquicio de m\u00fasica compuesta para la gran pantalla por nuestro m\u00fasico favorito.<\/span><\/p>\n<\/div>\n<\/div>\n<p>&nbsp;<\/p>\n<p><img loading=\"lazy\" decoding=\"async\" class=\"aligncenter wp-image-27867\" src=\"https:\/\/puntocritico.com\/ausajpuntocritico\/wp-content\/uploads\/2020\/03\/El-ultimo-de-la-lista-Huston-OK.jpg\" alt=\"\" width=\"560\" height=\"376\" data-id=\"27867\" \/><\/p>\n<p>&nbsp;<\/p>\n<hr \/>\n<p><span style=\"font-size: 14pt;\"><strong>ARTICULOS RELACIONADOS:<\/strong><\/span><\/p>\n<blockquote class=\"wp-embedded-content\" data-secret=\"agAimdsdGi\"><p><a href=\"https:\/\/puntocritico.com\/ausajpuntocritico\/2018\/05\/17\/narcisismo-y-psicopatia\/\">NARCISISMO y PSICOPAT\u00cdA<\/a><\/p><\/blockquote>\n<p><iframe loading=\"lazy\" class=\"wp-embedded-content\" sandbox=\"allow-scripts\" security=\"restricted\" style=\"position: absolute; visibility: hidden;\" title=\"\u00abNARCISISMO y PSICOPAT\u00cdA\u00bb \u2014 Punto Cr\u00edtico Derechos Humanos\" src=\"https:\/\/puntocritico.com\/ausajpuntocritico\/2018\/05\/17\/narcisismo-y-psicopatia\/embed\/#?secret=6JpuEWOdPU#?secret=agAimdsdGi\" data-secret=\"agAimdsdGi\" width=\"500\" height=\"282\" frameborder=\"0\" marginwidth=\"0\" marginheight=\"0\" scrolling=\"no\"><\/iframe><\/p>\n<p>&nbsp;<\/p>\n<blockquote class=\"wp-embedded-content\" data-secret=\"41bPl5ArCW\"><p><a href=\"https:\/\/puntocritico.com\/ausajpuntocritico\/2020\/03\/18\/los-narcisos-han-tomado-el-poder-entrevista-con-marie-france-hirigoyen-y-mientras-los-asesinaban-ellos-aplaudian\/\">&#8220;LOS NARCISOS HAN TOMADO EL PODER&#8221;, entrevista con Marie-France Hirigoyen. &#8220;Y, mientras los asesinaban, ellos aplaud\u00edan&#8221;.<\/a><\/p><\/blockquote>\n<p><iframe loading=\"lazy\" class=\"wp-embedded-content\" sandbox=\"allow-scripts\" security=\"restricted\" style=\"position: absolute; visibility: hidden;\" title=\"\u00ab&#8220;LOS NARCISOS HAN TOMADO EL PODER&#8221;, entrevista con Marie-France Hirigoyen. &#8220;Y, mientras los asesinaban, ellos aplaud\u00edan&#8221;.\u00bb \u2014 Punto Cr\u00edtico Derechos Humanos\" src=\"https:\/\/puntocritico.com\/ausajpuntocritico\/2020\/03\/18\/los-narcisos-han-tomado-el-poder-entrevista-con-marie-france-hirigoyen-y-mientras-los-asesinaban-ellos-aplaudian\/embed\/#?secret=XtmjKN8Wm0#?secret=41bPl5ArCW\" data-secret=\"41bPl5ArCW\" width=\"500\" height=\"282\" frameborder=\"0\" marginwidth=\"0\" marginheight=\"0\" scrolling=\"no\"><\/iframe><\/p>\n<blockquote class=\"wp-embedded-content\" data-secret=\"hLK4J5CJpt\"><p><a href=\"https:\/\/puntocritico.com\/ausajpuntocritico\/2018\/10\/22\/sociopatia-y-psicopatia-en-politica-los-politicos-suelen-aferrarse-al-poder-como-psicopatas-republicado\/\">SOCIOPAT\u00cdA y PSICOPAT\u00cdA EN POL\u00cdTICA;  &#8220;Los pol\u00edticos suelen aferrarse al poder como psic\u00f3patas&#8221; &#8211; republicado<\/a><\/p><\/blockquote>\n<p><iframe loading=\"lazy\" class=\"wp-embedded-content\" sandbox=\"allow-scripts\" security=\"restricted\" style=\"position: absolute; visibility: hidden;\" title=\"\u00abSOCIOPAT\u00cdA y PSICOPAT\u00cdA EN POL\u00cdTICA;  &#8220;Los pol\u00edticos suelen aferrarse al poder como psic\u00f3patas&#8221; &#8211; republicado\u00bb \u2014 Punto Cr\u00edtico Derechos Humanos\" src=\"https:\/\/puntocritico.com\/ausajpuntocritico\/2018\/10\/22\/sociopatia-y-psicopatia-en-politica-los-politicos-suelen-aferrarse-al-poder-como-psicopatas-republicado\/embed\/#?secret=XwOeXZMrVY#?secret=hLK4J5CJpt\" data-secret=\"hLK4J5CJpt\" width=\"500\" height=\"282\" frameborder=\"0\" marginwidth=\"0\" marginheight=\"0\" scrolling=\"no\"><\/iframe><\/p>\n<p>&nbsp;<\/p>\n<blockquote class=\"wp-embedded-content\" data-secret=\"A24ceAErz8\"><p><a href=\"https:\/\/puntocritico.com\/ausajpuntocritico\/2018\/09\/17\/psicopatia-ideologia-y-sociedad-por-inmaculada-jauregui-balenciaga-republicado\/\">PSICOPAT\u00cdA, IDEOLOG\u00cdA y SOCIEDAD, por Inmaculada J\u00e1uregui Balenciaga &#8211; republicado<\/a><\/p><\/blockquote>\n<p><iframe loading=\"lazy\" class=\"wp-embedded-content\" sandbox=\"allow-scripts\" security=\"restricted\" style=\"position: absolute; visibility: hidden;\" title=\"\u00abPSICOPAT\u00cdA, IDEOLOG\u00cdA y SOCIEDAD, por Inmaculada J\u00e1uregui Balenciaga &#8211; republicado\u00bb \u2014 Punto Cr\u00edtico Derechos Humanos\" src=\"https:\/\/puntocritico.com\/ausajpuntocritico\/2018\/09\/17\/psicopatia-ideologia-y-sociedad-por-inmaculada-jauregui-balenciaga-republicado\/embed\/#?secret=16VtBEhNNB#?secret=A24ceAErz8\" data-secret=\"A24ceAErz8\" width=\"500\" height=\"282\" frameborder=\"0\" marginwidth=\"0\" marginheight=\"0\" scrolling=\"no\"><\/iframe><\/p>\n<p><img loading=\"lazy\" decoding=\"async\" class=\"aligncenter wp-image-9528\" src=\"https:\/\/puntocritico.com\/ausajpuntocritico\/wp-content\/uploads\/2018\/03\/Mosca_Punto_Cr\u00edtico_40.png\" alt=\"\" width=\"80\" height=\"80\" data-id=\"9528\" \/><\/p>\n<p>&nbsp;<\/p>\n<p>&nbsp;<\/p>\n<p>&nbsp;<\/p>\n","protected":false},"excerpt":{"rendered":"<div class=\"mh-excerpt\"><p>PELICULA \u00abEL \u00daLTIMO DE LA LISTA\u00bb *** &nbsp; EL \u00daLTIMO DE LA LISTA (1963), de John Huston Los ojos del lobo &nbsp; La maldad puede residir en cualquier rinc\u00f3n de nuestra err\u00e1tica existencia. Puede estar <a class=\"mh-excerpt-more\" href=\"https:\/\/puntocritico.com\/ausajpuntocritico\/2020\/03\/22\/el-ultimo-de-la-lista\/\" title=\"El \u00faltimo de la lista (1963), Pel\u00edcula de John Huston. \u00abLa maldad existe\u00bb.\">[&#8230;]<\/a><\/p>\n<\/div>","protected":false},"author":3,"featured_media":27927,"comment_status":"open","ping_status":"closed","sticky":false,"template":"","format":"standard","meta":{"_acf_changed":false,"_exactmetrics_skip_tracking":false,"_exactmetrics_sitenote_active":false,"_exactmetrics_sitenote_note":"","_exactmetrics_sitenote_category":0,"footnotes":""},"categories":[10],"tags":[],"class_list":{"0":"post-27431","1":"post","2":"type-post","3":"status-publish","4":"format-standard","5":"has-post-thumbnail","7":"category-miscelanea"},"acf":[],"_links":{"self":[{"href":"https:\/\/puntocritico.com\/ausajpuntocritico\/wp-json\/wp\/v2\/posts\/27431","targetHints":{"allow":["GET"]}}],"collection":[{"href":"https:\/\/puntocritico.com\/ausajpuntocritico\/wp-json\/wp\/v2\/posts"}],"about":[{"href":"https:\/\/puntocritico.com\/ausajpuntocritico\/wp-json\/wp\/v2\/types\/post"}],"author":[{"embeddable":true,"href":"https:\/\/puntocritico.com\/ausajpuntocritico\/wp-json\/wp\/v2\/users\/3"}],"replies":[{"embeddable":true,"href":"https:\/\/puntocritico.com\/ausajpuntocritico\/wp-json\/wp\/v2\/comments?post=27431"}],"version-history":[{"count":0,"href":"https:\/\/puntocritico.com\/ausajpuntocritico\/wp-json\/wp\/v2\/posts\/27431\/revisions"}],"wp:featuredmedia":[{"embeddable":true,"href":"https:\/\/puntocritico.com\/ausajpuntocritico\/wp-json\/wp\/v2\/media\/27927"}],"wp:attachment":[{"href":"https:\/\/puntocritico.com\/ausajpuntocritico\/wp-json\/wp\/v2\/media?parent=27431"}],"wp:term":[{"taxonomy":"category","embeddable":true,"href":"https:\/\/puntocritico.com\/ausajpuntocritico\/wp-json\/wp\/v2\/categories?post=27431"},{"taxonomy":"post_tag","embeddable":true,"href":"https:\/\/puntocritico.com\/ausajpuntocritico\/wp-json\/wp\/v2\/tags?post=27431"}],"curies":[{"name":"wp","href":"https:\/\/api.w.org\/{rel}","templated":true}]}}