{"id":26085,"date":"2020-01-22T00:15:43","date_gmt":"2020-01-21T23:15:43","guid":{"rendered":"https:\/\/puntocritico.com\/ausajpuntocritico\/?p=26085"},"modified":"2020-01-22T00:38:54","modified_gmt":"2020-01-21T23:38:54","slug":"espana-en-llamas-paralelismos-y-coincidencias-por-jesus-diaz-formoso-conversacion-con-carlos-tena","status":"publish","type":"post","link":"https:\/\/puntocritico.com\/ausajpuntocritico\/2020\/01\/22\/espana-en-llamas-paralelismos-y-coincidencias-por-jesus-diaz-formoso-conversacion-con-carlos-tena\/","title":{"rendered":"\u201cESPA\u00d1A EN LLAMAS\u201d: PARALELISMOS Y COINCIDENCIAS (por Jes\u00fas D\u00edaz Formoso); conversaci\u00f3n con Carlos Tena"},"content":{"rendered":"<blockquote>\n<h2 class=\"posttitle\" style=\"text-align: center;\"><strong><span style=\"font-size: 24pt;\">\u201cESPA\u00d1A EN LLAMAS\u201d: PARALELISMOS Y COINCIDENCIAS\u00a0<\/span><\/strong><\/h2>\n<h2 style=\"text-align: center;\"><em>Nos ha alarmado el paralelismo con el 15M \u2013 salvadas las distancias de la brutalidad y violencia de los neonazis del Maid\u00e1n -, respecto de los tres vectores referidos por Oliver Stone en \u00abUcrania on Fire\u00bb: Money, Media and Technologies. Sus financieros son comunes por necesidad.<\/em><\/h2>\n<p style=\"text-align: justify;\"><span style=\"font-size: 14pt;\">Por Jes\u00fas D\u00edaz Formoso<\/span><\/p>\n<p style=\"text-align: justify;\"><span style=\"font-size: 14pt;\"><a href=\"https:\/\/tenacarlitos.wordpress.com\/2017\/03\/11\/espana-en-llamas-paralelismos-y-coincidencias-por-jesus-diaz-formoso\/\" target=\"_blank\" rel=\"noopener\">RE-EVOLUCI\u00d3N<\/a><\/span><\/p>\n<p>&nbsp;<\/p>\n<figure id=\"attachment_26086\" aria-describedby=\"caption-attachment-26086\" style=\"width: 499px\" class=\"wp-caption aligncenter\"><img loading=\"lazy\" decoding=\"async\" class=\"size-full wp-image-26086\" src=\"https:\/\/puntocritico.com\/ausajpuntocritico\/wp-content\/uploads\/2020\/01\/db210186-3064-4ae4-890d-6aa64553582a_16x9_788x442.jpg\" alt=\"\" width=\"499\" height=\"328\" data-id=\"26086\" srcset=\"https:\/\/puntocritico.com\/ausajpuntocritico\/wp-content\/uploads\/2020\/01\/db210186-3064-4ae4-890d-6aa64553582a_16x9_788x442.jpg 499w, https:\/\/puntocritico.com\/ausajpuntocritico\/wp-content\/uploads\/2020\/01\/db210186-3064-4ae4-890d-6aa64553582a_16x9_788x442-300x197.jpg 300w\" sizes=\"auto, (max-width: 499px) 100vw, 499px\" \/><figcaption id=\"caption-attachment-26086\" class=\"wp-caption-text\"><span style=\"color: #008000;\">Police stand outside Real Madrid&#8217;s Santiago Bernabeu stadium in Madrid, Spain, Saturday, Nov. 21, 2015. Unprecedented security measures are in place for the first clasico of the season between Real Madrid and Barcelona, with nearly 3,000 policemen and private security officers dispatched to guarantee public safety at the Santiago Bernabeu stadium in Madrid. (AP Photo\/Paul White)<\/span><\/figcaption><\/figure>\n<p>&nbsp;<\/p>\n<p style=\"text-align: justify;\"><span style=\"font-size: 14pt;\">Esa no es una coincidencia: es una identidad. Podemos y Ciudadanos, submarcas ambas del Globalismo encarnado en el PSOE de los GAL y la OTAN.<\/span><\/p>\n<p style=\"text-align: justify;\"><span style=\"font-size: 14pt;\">Los del Central Circle de Somosaguas son la primera andanada; son quienes lograron la primera Presidencia de ZP, aprovech\u00e1ndose de sus negros corazones que instrumentalizaron el dolor general causado por los atentados del 11M; y convocaron -curiosamente \u00a0\u2013 con el silencio del PP \u2013 una manifestaci\u00f3n pol\u00edtica en la Jornada de Reflexi\u00f3n (delito electoral).<\/span><\/p>\n<p>&nbsp;<\/p>\n<p><img loading=\"lazy\" decoding=\"async\" class=\"aligncenter size-full wp-image-26087\" src=\"https:\/\/puntocritico.com\/ausajpuntocritico\/wp-content\/uploads\/2020\/01\/podemos-asocia-la-crisis-del-psoe-al-15-m-y-se-atribuye-su-precipitacion.jpg\" alt=\"\" width=\"600\" height=\"338\" data-id=\"26087\" srcset=\"https:\/\/puntocritico.com\/ausajpuntocritico\/wp-content\/uploads\/2020\/01\/podemos-asocia-la-crisis-del-psoe-al-15-m-y-se-atribuye-su-precipitacion.jpg 600w, https:\/\/puntocritico.com\/ausajpuntocritico\/wp-content\/uploads\/2020\/01\/podemos-asocia-la-crisis-del-psoe-al-15-m-y-se-atribuye-su-precipitacion-300x169.jpg 300w\" sizes=\"auto, (max-width: 600px) 100vw, 600px\" \/><\/p>\n<p>&nbsp;<\/p>\n<p style=\"text-align: justify;\"><span style=\"font-size: 14pt;\">Los de Ciudadanos, por su parte se refundaron de la mano de Javier Solana, el Muchabombas que nos llev\u00f3 a la guerra en Yugoslavia, en el coraz\u00f3n de Europa (su \u00f3rgano de comunicaci\u00f3n principal es el Semanario Ultraliberal Globalista \u201c<em>Ahora<\/em>\u201d).<\/span><\/p>\n<p style=\"text-align: justify;\"><span style=\"font-size: 14pt;\">La segunda oleada de globalismo vendr\u00e1 de la mano del Hada que nos han Colau, actriz del Grupo PLANETA S.A., que da vida a una activista de rasgos Joseantonianos, y as\u00ed se la retrata por la prensa del r\u00e9gimen: Mirada al cielo con los ojos en blanco y manos abiertas con las palmas hacia arriba; como Santa Teresa, vista por un Falangista.<img loading=\"lazy\" decoding=\"async\" class=\"size-full wp-image-26088 alignright\" src=\"https:\/\/puntocritico.com\/ausajpuntocritico\/wp-content\/uploads\/2020\/01\/1481293187_558825_1481298994_noticia_fotograma.jpg\" alt=\"\" width=\"300\" height=\"275\" data-id=\"26088\" \/><\/span><\/p>\n<p style=\"text-align: justify;\"><span style=\"font-size: 14pt;\">Fueron los Globalistas del \u201cAnarco-Mercado\u201d quienes iniciaron, de la protectora mano del taimado Rubalcaba y su zombie, Leire Paj\u00edn, por medio de quienes hab\u00edan sido sus colaboradores en el Ministerio que okupaba la socialista millonaria, cuya fortuna familiar tiene origen en la pol\u00edtica local del PSOE valenciano, m\u00e1quina de la corrupci\u00f3n que estaba muy bien \u201cengrasada\u201d por los de los GAL (\u201cGALDIO\u201d) y la OTAN.<\/span><\/p>\n<p style=\"text-align: justify;\"><span style=\"font-size: 14pt;\">Hablamos de Paco Polo, de los \u201cemprendedores\u201d de Change.org, que venden direcciones de e-mail de m\u00e1s que dudosa procedencia, aunque estos evidentes delitos contra la intimidad \u2013 datos personales \u2013 nunca se investigar\u00e1n por este postfranquismo que ha clavado el Falangismo en el coraz\u00f3n socialista.<\/span><\/p>\n<p style=\"text-align: justify;\"><span style=\"font-size: 14pt;\">Nos consta, por haber intervenido profesionalmente, y por ello no podemos aportar m\u00e1s datos: secreto profesional como Derecho Humano dentro del haz de derechos del art. 24 Constituci\u00f3n, que en pleno Maid\u00e1n de la Puerta del Sol, se vend\u00edan nuestros datos personales (direcciones de e-mail) a tres c\u00e9ntimos cada direcci\u00f3n bruta; precio que se elevaba, si estaban clasificadas por los intereses de sus due\u00f1os, usuarios a quienes se les hab\u00edan hurtado sus datos personales. En fin, Propaganda transformada en ideolog\u00eda. En eso consiste el intervencionismo yanqui en el mundo.<img loading=\"lazy\" decoding=\"async\" class=\"size-full wp-image-26089 alignleft\" src=\"https:\/\/puntocritico.com\/ausajpuntocritico\/wp-content\/uploads\/2020\/01\/PacoPolo.jpg\" alt=\"\" width=\"300\" height=\"248\" data-id=\"26089\" \/><\/span><\/p>\n<p style=\"text-align: justify;\"><span style=\"font-size: 14pt;\">Y en Espa\u00f1a, de la mano de los globalistas, que se quieren hacer pasar por socialistas mientras reniegan del socialismo; de los podemitas, c\u00e1ncer de la izquierda, captores de IU y dantescos liquidadores del socialismo espa\u00f1ol, de la mano del PSOE que les da de comer, como hijos de ellos que son (Borrell, dixit).<\/span><\/p>\n<p style=\"text-align: justify;\"><span style=\"font-size: 14pt;\">La \u201cNueva Pol\u00edtica espa\u00f1ola\u201d se resume sola: antes del 15M las opciones pol\u00edticas eran \u2013 al margen de nacionalismos \u2013 Derecha (AP, luego PP), Centro (UCD, luego UPyD), Socialdemocracia (PSOE) y Socialismo moderado (PCE, luego IU).<\/span><\/p>\n<p style=\"text-align: justify;\"><span style=\"font-size: 14pt;\">Tras el 15M, las opciones pol\u00edticas son: Fascismo (VOX), Extrema Derecha Ultraliberal (PP), Centro Globalista Neoliberal (Ciudadanos), Globalistas Socialdem\u00f3cratas (PSOE) e Izquierda Globalista y Neoliberal (Podemos).<\/span><\/p>\n<p style=\"text-align: justify;\"><span style=\"font-size: 14pt;\">Lo mismo, pero como bloque, mucho m\u00e1s a la derecha. De hecho, el socialismo ya no tiene ni partido.<\/span><\/p>\n<h1 class=\"entry-title\" style=\"text-align: right;\"><a href=\"https:\/\/puntocritico.com\/ausajpuntocritico\/2017\/03\/07\/oliver-stone-ukraine-on-fire-subtitulos-en-espanol\/\"><span style=\"font-size: 12pt;\">Oliver Stone: Ukraine on Fire (Subt\u00edtulos en espa\u00f1ol)<\/span><\/a><\/h1>\n<\/blockquote>\n<p style=\"text-align: center;\"><span style=\"font-size: 18pt;\"><strong>*<span style=\"color: #008000;\">*<\/span>*<span style=\"color: #008000;\">*<\/span><\/strong><\/span><\/p>\n<p>&nbsp;<\/p>\n<p style=\"text-align: justify;\"><img loading=\"lazy\" decoding=\"async\" class=\"size-full wp-image-26090 aligncenter\" src=\"https:\/\/puntocritico.com\/ausajpuntocritico\/wp-content\/uploads\/2020\/01\/Desahucios-y-PSOE.jpg\" alt=\"\" width=\"561\" height=\"505\" data-id=\"26090\" srcset=\"https:\/\/puntocritico.com\/ausajpuntocritico\/wp-content\/uploads\/2020\/01\/Desahucios-y-PSOE.jpg 561w, https:\/\/puntocritico.com\/ausajpuntocritico\/wp-content\/uploads\/2020\/01\/Desahucios-y-PSOE-300x270.jpg 300w\" sizes=\"auto, (max-width: 561px) 100vw, 561px\" \/><\/p>\n<p>&nbsp;<\/p>\n<p style=\"text-align: center;\"><span style=\"font-size: 18pt; color: #008000;\"><strong>****<\/strong><\/span><\/p>\n<p style=\"text-align: center;\"><strong><span style=\"font-size: 24pt;\">GUERRA POL\u00cdTICA 2.0<\/span><\/strong><\/p>\n<p style=\"text-align: justify;\"><span style=\"font-size: 14pt;\">Enciendo el ordenador y me planto en plena\u00a0<a href=\"http:\/\/www.guerrapolitica-ii.es\/\" rel=\"nofollow ugc noopener\" target=\"_blank\">http:\/\/www.guerrapolitica-II.es<\/a>, el juego en red que causa verdadero estupor a los votantes.<\/span><\/p>\n<p style=\"text-align: justify;\"><span style=\"font-size: 14pt;\">Es la nueva versi\u00f3n del archifamoso <a href=\"http:\/\/www.doctrinadelshock4.5.es\/\" rel=\"nofollow ugc\">http:\/\/www.doctrinadelshock4.5.es<\/a>, e incluye cinco niveles de Programaci\u00f3n Social, a los que se puede jugar independientemente; o no. Estos son Largo Plazo, Medio Plazo, Corto Plazo, Alerta 3 minutos y Psicosis Prolongada (la versi\u00f3n beta a\u00f1ad\u00eda Miedo Permanente, pero se ha decidido no incluirla en distribuciones comerciales).<\/span><\/p>\n<p style=\"text-align: justify;\"><span style=\"font-size: 14pt;\">Empiezo con el Nivel de Programaci\u00f3n Social a Largo Plazo, que me recuerda al ajedrez, y atraso 10 casillas, hasta 2006. Aparece el cuadro de opci\u00f3n Seleccione Partido, tras lo cual se accede a la siguiente pantalla, en la que se reparten Peri\u00f3dicos, Teles, y Bancos que dan cr\u00e9ditos, junto a puestos en Consejos de Administraci\u00f3n de Empresas P\u00fablicas, y carteras de puestos en consejos privados apalancadas. Hay reglas en esta elecci\u00f3n; econometr\u00eda de alto nivel; si tanques no zanahorias. Si tienes muchos cr\u00e9ditos, no puedes tener muchos Consejos, y si tienes muchos bancos, te jodes y te quedas con los peri\u00f3dicos. Tambi\u00e9n se reparten otros bienes, como aeropuertos, carreteras, r\u00edos o museos. As\u00ed como Concejal\u00edas y cargos representativos de los distintos niveles territoriales y \u00e1mbitos materiales; en circulitos conc\u00e9ntricos, aparentemente separados por cuadros negros y blancos. Cuantas m\u00e1s teles, m\u00e1s votantes. Todos se reparten subvenciones, hasta agotar los bienes, derechos y haciendas p\u00fablicas, creando bolsas de pobreza; cuanto menores sean las posibilidades de los votantes de sobreponerse al da\u00f1o causado por la Guerra Pol\u00edtica II, m\u00e1s puntos se acumulan, en una bolsa anual que, como todo, decrece a inter\u00e9s compuesto; de impunidad y mucha cara.<\/span><\/p>\n<p style=\"text-align: justify;\"><span style=\"font-size: 14pt;\">El Jugador que tiene el Gobierno, se queda con la Armada y los Ej\u00e9rcitos, y los dem\u00e1s est\u00e1n obligados a conspirar contra \u00e9l. Pero el Jugador con el Gobierno tambi\u00e9n debe conspirar contra todos los dem\u00e1s. Como opciones, todos pueden constituir partidos falsos con el fin de enga\u00f1ar a los dem\u00e1s jugadores y sobre todo, a los votantes, pero esos partidos falsos pueden ser adquiridos por otros jugadores durante el desarrollo de la partida y pueden alcanzar as\u00ed la Independencia. Todos pueden ser infiltrados por todos.<\/span><\/p>\n<p style=\"text-align: justify;\"><span style=\"font-size: 14pt;\">Pulsando en Opciones Especiales se accede a un tutorial on line con el que los Jugadores podr\u00e1n adquirir conocimientos pr\u00e1cticos que les permitan inmovilizar a los votantes capturados, mediante las diferentes combinaciones de Tanques y Zanahorias y sus aplicaciones interactivas.<\/span><\/p>\n<p style=\"text-align: justify;\"><span style=\"font-size: 14pt;\">Siguiente pantalla: Perfiles de votantes. Nuevamente seleccionamos entre varias opciones, que distinguen los aspectos m\u00e1s variados de la discriminaci\u00f3n; sexuales, ideol\u00f3gicos, de raza y religiosos, as\u00ed como otras opciones menos delictivas, como el \u00e1mbito idiom\u00e1tico, o la ocupaci\u00f3n; profesionales y empleados, funcionarios y parados, pensionistas y compa\u00f1eros de partido, autoridades y millonarios (en esta selecci\u00f3n existen gran n\u00famero de matices, que se explican en achettppumpumyoutube.comoascendermoviendosillas.com).<\/span><\/p>\n<p style=\"text-align: justify;\"><span style=\"font-size: 14pt;\">Hemos agradecer a la distribuci\u00f3n de Guerra Pol\u00edtica 2.0 que la programaci\u00f3n de las aplicaciones de esta \u00faltima pantalla se entrega en C\u00f3digo Abierto, a fin de que los votantes, incluso sin intervenci\u00f3n de los jugadores, vayan pute\u00e1ndose unos a otros cada vez mejor, facilitando el desarrollo del juego.<\/span><\/p>\n<p style=\"text-align: justify;\"><span style=\"font-size: 14pt;\">Las siguientes pantallas ya se pueden jugar en televisi\u00f3n -dos versiones, de momento.<\/span><\/p>\n<p style=\"text-align: center;\"><strong><span style=\"font-size: 14pt; color: #008000;\">***<\/span><\/strong><\/p>\n<table style=\"border-collapse: collapse; width: 100%;\">\n<tbody>\n<tr>\n<td style=\"width: 100%; border-color: #000000; background-color: #f8faf0;\">\n<p>&nbsp;<\/p>\n<p style=\"text-align: center;\"><strong><span style=\"font-size: 14pt;\">GUERRA POL\u00cdTICA 3.0<\/span><\/strong><\/p>\n<p style=\"text-align: center;\"><span style=\"font-size: 14pt;\">Nota del distribuidor:<\/span><br \/>\n<span style=\"font-size: 14pt;\">Ante las inc\u00f3gnitas actuales -que se despejar\u00e1n en las pr\u00f3ximas semanas- sobre el lanzamiento de la versi\u00f3n 3.0 del Juego Guerra Pol\u00edtica, y dado que las aplicaciones que incluyen obispos y jueces no integran la actual versi\u00f3n 2.0, avisamos a los internautas que, de no haber lugar a desarrollar una nueva versi\u00f3n, podr\u00e1n descargar la actualizaci\u00f3n con curas y jueces en la p\u00e1gina 2P2.puf<\/span><br \/>\n<span style=\"font-size: 14pt;\">Disculpen las molestias.<\/span><\/p>\n<p>&nbsp;<\/p>\n<\/td>\n<\/tr>\n<\/tbody>\n<\/table>\n<p style=\"text-align: right;\"><span style=\"font-size: 12pt;\"><a href=\"http:\/\/puntocritico.com\/2017\/09\/18\/que-significa-hoy-democratizar-la-comunicacion-basta-de-letanias\/\"><span style=\"color: #008000;\">http:\/\/puntocritico.com\/2017\/09\/18\/que-significa-hoy-democratizar-la-comunicacion-basta-de-letanias\/<\/span><\/a><\/span><\/p>\n<p>&nbsp;<\/p>\n<p style=\"text-align: center;\"><span style=\"font-size: 18pt; color: #008000;\"><strong>*<\/strong><\/span><span style=\"font-size: 18pt;\"><strong>*<\/strong><\/span><span style=\"font-size: 18pt; color: #008000;\"><strong>*<\/strong><\/span><span style=\"font-size: 18pt;\"><strong>*<\/strong><\/span><\/p>\n<p><img loading=\"lazy\" decoding=\"async\" class=\"aligncenter wp-image-26093\" src=\"https:\/\/puntocritico.com\/ausajpuntocritico\/wp-content\/uploads\/2020\/01\/PODEMOS-OTAN-SI.jpg\" alt=\"\" width=\"770\" height=\"415\" data-id=\"26093\" srcset=\"https:\/\/puntocritico.com\/ausajpuntocritico\/wp-content\/uploads\/2020\/01\/PODEMOS-OTAN-SI.jpg 568w, https:\/\/puntocritico.com\/ausajpuntocritico\/wp-content\/uploads\/2020\/01\/PODEMOS-OTAN-SI-300x162.jpg 300w\" sizes=\"auto, (max-width: 770px) 100vw, 770px\" \/><\/p>\n<p>&nbsp;<\/p>\n<p><img loading=\"lazy\" decoding=\"async\" class=\"aligncenter size-full wp-image-26094\" src=\"https:\/\/puntocritico.com\/ausajpuntocritico\/wp-content\/uploads\/2020\/01\/otan-de-entrada-no1.jpg\" alt=\"\" width=\"768\" height=\"384\" data-id=\"26094\" srcset=\"https:\/\/puntocritico.com\/ausajpuntocritico\/wp-content\/uploads\/2020\/01\/otan-de-entrada-no1.jpg 768w, https:\/\/puntocritico.com\/ausajpuntocritico\/wp-content\/uploads\/2020\/01\/otan-de-entrada-no1-300x150.jpg 300w\" sizes=\"auto, (max-width: 768px) 100vw, 768px\" \/><\/p>\n<p>&nbsp;<\/p>\n<p style=\"text-align: center;\"><span style=\"font-size: 18pt; color: #008000;\"><strong>****<\/strong><\/span><\/p>\n<p style=\"text-align: center;\"><span style=\"font-size: 24pt;\"><strong>CONVERSACI\u00d3N CON <a href=\"https:\/\/puntocritico.com\/ausajpuntocritico\/wp-admin\/post.php?post=26085&amp;action=edit\">CARLOS TENA<\/a><\/strong><\/span><\/p>\n<p><img loading=\"lazy\" decoding=\"async\" class=\"aligncenter size-full wp-image-26132\" src=\"https:\/\/puntocritico.com\/ausajpuntocritico\/wp-content\/uploads\/2020\/01\/255px-Carlitos_habana_2007.jpg\" alt=\"\" width=\"255\" height=\"331\" data-id=\"26132\" srcset=\"https:\/\/puntocritico.com\/ausajpuntocritico\/wp-content\/uploads\/2020\/01\/255px-Carlitos_habana_2007.jpg 255w, https:\/\/puntocritico.com\/ausajpuntocritico\/wp-content\/uploads\/2020\/01\/255px-Carlitos_habana_2007-231x300.jpg 231w\" sizes=\"auto, (max-width: 255px) 100vw, 255px\" \/><\/p>\n<p style=\"text-align: justify;\"><span style=\"font-size: 14pt;\">Carlos:<\/span><\/p>\n<p style=\"text-align: justify;\"><span style=\"font-size: 14pt;\">Cuando yo era joven, entre examen y examen, reuni\u00f3n de las c\u00e9lulas del PCE y conciertos de rock, s\u00f3lo jugaba al billar franc\u00e9s (tres bandas), al mus y al domin\u00f3, cuando hab\u00eda rivales dignos ganas y tiempo libre, pero lamentablemente aquellos a\u00f1os en los que lograba hermosas carambolas o lanzaba \u00f3rdagos faroleros, ahorcaba entre carcajadas el seis doble y conspir\u00e1bamos contra la dictadura y el neofranquismo, se han tornado mucho m\u00e1s duros y la militancia perdi\u00f3 la ilusi\u00f3n, ante una democracia que imaginaba liberadora, pero que fue troc\u00e1ndose en un juego miserable.<\/span><\/p>\n<p style=\"text-align: justify;\"><span style=\"font-size: 14pt;\">Solo nos queda la iron\u00eda, la rebeli\u00f3n personal contra las mentiras de los partidos rendidos al capital y unos enormes deseos de regresar a Cuba cantando \u201cD\u00e9jame vivir con alegr\u00eda\u201d, de las inolvidables Vainica Doble.<\/span><\/p>\n<p style=\"text-align: justify;\">\u00a0<\/p>\n<p style=\"text-align: justify;\"><span style=\"font-size: 14pt;\">Chus:<\/span><\/p>\n<p style=\"text-align: justify;\"><span style=\"font-size: 14pt;\">Este domingo empezamos a publicar un libro descatalogado. \u201cToda Espa\u00f1a era una c\u00e1rcel\u201d, de Rodolfo y Daniel Serrano. Pone los pelos de punta. Salvo para los presos del r\u00e9gimen, que luego integraron el PSOE; los ni\u00f1os de pap\u00e1.<\/span><br \/>\n<span style=\"font-size: 14pt;\">Por la Memoria; que no dependa de nadie; que dependa de todos.<\/span><br \/>\n<span style=\"font-size: 14pt;\">Sirve para unir.<\/span><\/p>\n<p style=\"text-align: justify;\">\u00a0<\/p>\n<p style=\"text-align: justify;\"><span style=\"font-size: 14pt;\">Carlos:<\/span><\/p>\n<p style=\"text-align: justify;\"><span style=\"font-size: 14pt;\">Rodolfo Serrano fue uno de los personajes m\u00e1s abyectos dentro de la gauche divine, aunque su meta, cumplida en esos a\u00f1os de la publicaci\u00f3n del libro, era tenderse en la chaise longue del PSOE, haciendo de mercenario en Prisa y organizando la defenestraci\u00f3n medi\u00e1tica y pol\u00edtica de Julio Anguita desde 1996.<\/span><br \/>\n<span style=\"font-size: 14pt;\">Uno de sus hijos, Ismael Serrano, el cantautor, no tiene culpa de la miseria moral de su ancestro y Daniel, hermano de Ismael, se aprovecha de la posici\u00f3n de su padre para trincar algo de pasta.<\/span><\/p>\n<p style=\"text-align: justify;\">\u00a0<\/p>\n<p style=\"text-align: justify;\"><span style=\"font-size: 14pt;\">Chus:<\/span><\/p>\n<p style=\"text-align: justify;\"><span style=\"font-size: 14pt;\">Eres enciclop\u00e9dico; gracias por la informaci\u00f3n. Qee intentar\u00e9 ampliar (si tienes alg\u00fan hilo del que puedas aconsejarnos tirar, te lo agradeceremos doblemente).<\/span><\/p>\n<p style=\"text-align: justify;\"><span style=\"font-size: 14pt;\">En efecto, los \u201cpersonajes abyectos del PCE\u201d son el c\u00e1ncer que nos ha llevado -o tra\u00eddo- a la Falange vestidita de morado que surge del PSOE.<\/span><\/p>\n<p style=\"text-align: justify;\"><span style=\"font-size: 14pt;\">Topamos con ellos en Frente C\u00edvico, el necesario desenga\u00f1o respecto de Anguita y sus Prometeos. Triste pero necesario.<\/span><br \/>\n<span style=\"font-size: 14pt;\">El 11M fue la jugada inicial, de la mano de los GAL y el Terrorismo de Estado Internacional, que nos trajo a donde estamos de la mano del TAIMADO RUBALCABA y los del Podemita Central Circle, trufados de PAH. El fin de los partidos Socialistas, que ahora llamamos Socialdem\u00f3cratas, a gusto del Capital.<\/span><\/p>\n<p style=\"text-align: justify;\"><span style=\"font-size: 14pt;\">Esto que trascribo a continuaci\u00f3n lo tenemos pendiente de comprobaciones, en las que tambi\u00e9n agradeceremos cualquier ayuda (buzon@ausajorg):<\/span><\/p>\n<p style=\"text-align: justify; padding-left: 40px;\"><span style=\"font-size: 14pt;\">\u201cEn las primeras horas despu\u00e9s del atentado, Jorge Dezcallar, a la saz\u00f3n director General del Cesid \u2013 ahora CNI \u2013 y que se autoproclama como experto en terrorismo islamista asegur\u00f3 al Gobierno que le hab\u00eda nombrado que era imposible que se tratara de Alqaeda, no hab\u00edan ning\u00fan indicio que apuntara en esa direcci\u00f3n ni entre lo encontrado ni entre sus informantes, ni entre las personas que ten\u00edan controladas -los que unos d\u00edas despu\u00e9s se suicidaron en Legan\u00e9s llevaban meses controlados. Tampoco en los servicios de inteligencia europeos, americanos o israelitas se hab\u00eda o\u00eddo nada al respecto y consideraba que no se pod\u00eda organizar semejante atentado sin que se hubiera o\u00eddo el mas m\u00ednimo ruido ni antes ni despu\u00e9s en estos servicios. Lo puso por escrito en el informe que envi\u00f3 al Gobierno. Sin embargo, Rubalcaba recibi\u00f3 otras noticias distintas.<\/span><\/p>\n<p style=\"text-align: justify; padding-left: 40px;\">\n<span style=\"font-size: 14pt;\">Nada mas llegar el nuevo Gobierno, Dezcallar fue nombrado embajador en el Vaticano, para gran disgusto del Sr. Dezcallar que dijo a sus familiares que ZP le hab\u00eda prometido la embajada de Washington. Esta embajada, la meca y destino m\u00e1s ansiado por los diplom\u00e1ticos y que solo consiguen un 1% en su carrera, fue el siguiente destino de ese hombre.<\/span><\/p>\n<p style=\"text-align: justify;\">\n<span style=\"font-size: 14pt;\">Semejante \u201cpremio\u201d al que era Director del CNI el 11-M e inform\u00f3 al Gobierno negando la autor\u00eda de Al-qaeda es ofensivo para la sociedad espa\u00f1ola\u201d.<\/span><br \/>\n<span style=\"font-size: 14pt;\">Salud y Libertad<\/span><\/p>\n<p style=\"text-align: justify;\">\u00a0<\/p>\n<p style=\"text-align: justify;\"><span style=\"font-size: 14pt;\">Carlos:<\/span><\/p>\n<p style=\"text-align: justify;\"><span style=\"font-size: 14pt;\">Pero dejo constancia de que ese trabajo sobre la terrible situaci\u00f3n de los\/as presos en las c\u00e1rceles franquistas y borb\u00f3nicas est\u00e1 muy bien documentado, aunque la obra no atempera los innumerables ataques personales \u201cad hominem\u201d que ese Rodolfo Serrano, lamentable conato de aspirante a poeta, perge\u00f1\u00f3 durante toda la d\u00e9cada de 1990-2000 contra el entonces m\u00e1s honesto, claro, vibrante y eficaz Sec.Gral. del PCE que fue Anguita.<\/span><\/p>\n<p style=\"text-align: justify;\"><span style=\"font-size: 14pt;\">Clint Eastwood es formalmente un brillante director de cine y actor, pero un repugnante fascista, como Vargas Llosa tiene tres o cuatro obras maestras siendo un perfecto hijodebush, o Joaqu\u00edn Sabina es un excelente letrista (deber\u00eda ser coplero) dentro del campo de los cantautores sesentones, pero un cateto pol\u00edtico, pelotillero ante el poder municipal, auton\u00f3mico y central, (gobierne quien gobierne) y mentiroso compulsivo desde que sali\u00f3 a escena.<\/span><\/p>\n<p style=\"text-align: justify;\"><span style=\"font-size: 14pt;\">Las haza\u00f1as de Serrano en su misi\u00f3n pertinazmente destructiva contra el PCE quedar\u00e1n en la hemeroteca del PAISIS y algunos de los m\u00e1s miserables los encontrar\u00e1s en:<\/span><\/p>\n<p style=\"text-align: justify;\"><span style=\"font-size: 14pt;\"><a href=\"http:\/\/elpais.com\/autor\/rodolfo_serrano\/a\/51\" target=\"_blank\" rel=\"noopener\">http:\/\/elpais.com\/autor\/rodolfo_serrano\/a\/51<\/a><\/span><\/p>\n<p style=\"text-align: justify;\"><span style=\"font-size: 14pt;\">Lo de enciclop\u00e9dico no es cierto, es solo apariencia enga\u00f1osa<\/span><\/p>\n<p style=\"text-align: justify;\"><span style=\"font-size: 14pt;\">Un fraternal saludo<\/span><\/p>\n<p style=\"text-align: justify;\">\u00a0<\/p>\n<p style=\"text-align: justify;\"><span style=\"font-size: 14pt;\">Chus:<\/span><\/p>\n<p style=\"text-align: justify;\"><span style=\"font-size: 14pt;\">Carlos, desde Frente C\u00edvico, mi opini\u00f3n sobre Anguita ha cambiado. Mucho. Una decepci\u00f3n. No una m\u00e1s. Una muy cualificada \u2026 Quise ver el problema en Prometeo; o en Garz\u00f3n y Vicente Navarro (el confidente de la CIA, que se llev\u00f3 a Carrillo al Departamento de estado yanky a recibir bendiciones y peluca de Kissinger) . O en L\u00f3pez Torres. Pero sin Anguita no hubiesen podido. Es mi opini\u00f3n de desenga\u00f1ado \u2026<\/span><\/p>\n<p style=\"text-align: justify;\">\u00a0<\/p>\n<p style=\"text-align: justify;\"><span style=\"font-size: 14pt;\">Carlos:<\/span><\/p>\n<p style=\"text-align: justify;\"><span style=\"font-size: 14pt;\">Coincido con esa apreciaci\u00f3n sobre el Anguita de 2011 y posteriores, pero lo que denuncio y nunca olvidar\u00e9 respecto de las diatribas gratuitas de Serrano son de 1990 y posteriores. Ahora el mercenario de Prisa se ha topado con que \u00e9l mismo, sus hijos y Julio, son afines al club de fans de Pablito.<\/span><\/p>\n<p style=\"text-align: justify;\">\u00a0<\/p>\n<p style=\"text-align: justify;\"><span style=\"font-size: 14pt;\">Chus:<\/span><\/p>\n<p style=\"text-align: justify;\"><span style=\"font-size: 14pt;\">Sin embargo, Carlos, lo \u201cposterior\u201d al 2011 me obliga a revisar mis pensamientos sobre ese Anguita antes de Frente C\u00edvico \u2026 y la verdad es que no sale muy bien parado. No es que la vida me haya demostrado que los incendiarios suelen ser los primeros en llamar a los bomberos, pero \u2026<\/span><\/p>\n<p style=\"text-align: justify;\">\u00a0<\/p>\n<p style=\"text-align: justify;\"><span style=\"font-size: 14pt;\">Carlos:<\/span><\/p>\n<p style=\"text-align: justify;\"><span style=\"font-size: 14pt;\">En esta discusi\u00f3n insisto en no extraer de contexto el tema para convertirlo en un debate sobre el Anguita del siglo XXI.<\/span><\/p>\n<p style=\"text-align: justify;\"><span style=\"font-size: 14pt;\">Yo he escrito sobre unos textos de un supuesto progre, cuya finalidad era denigrar y defenestrar del PCE al m\u00e1s honesto y eficaz Secretario General del partido.<\/span><\/p>\n<p style=\"text-align: justify;\"><span style=\"font-size: 14pt;\">Tu opini\u00f3n sobre Julio es muy respetable pero no viene al caso, a menos que quieras justificar los libelos de Serrano.<\/span><\/p>\n<p style=\"text-align: justify;\">\u00a0<\/p>\n<p style=\"text-align: justify;\"><span style=\"font-size: 14pt;\">Chus:<\/span><\/p>\n<p style=\"text-align: justify;\"><span style=\"font-size: 14pt;\">Defender al tal Serrano, a quien no conozco m\u00e1s que por la info que posteaste estos d\u00edas; pese a que el libro me parece que ofrece informaci\u00f3n importante. Y tampoco es hablar de Anguita mi inter\u00e9s. Saludos<\/span><\/p>\n<p style=\"text-align: justify;\">\u00a0<\/p>\n<p style=\"text-align: justify;\"><span style=\"font-size: 14pt;\">Carlos:<\/span><\/p>\n<p style=\"text-align: justify;\"><span style=\"font-size: 14pt;\">Cuando se est\u00e1 hablando de un tema concreto como el que me ocup\u00f3, motivado por la reedici\u00f3n de ese libro de los Serrano, no me agrada este medio para insistir acerca de las preferencias o desdenes personales, dado que es una cuesti\u00f3n en la que no entro ni salgo.<\/span><\/p>\n<p style=\"text-align: justify;\"><span style=\"font-size: 14pt;\">Persistir en tus recelos, como hiciste por doble partida, me pareci\u00f3 cuando menos una reiteraci\u00f3n innecesaria. Espero que no te hayas molestado. Salud.<\/span><\/p>\n<p style=\"text-align: justify;\">\u00a0<\/p>\n<p style=\"text-align: justify;\"><span style=\"font-size: 14pt;\">Chus:<\/span><\/p>\n<p style=\"text-align: justify;\"><span style=\"font-size: 14pt;\">Mentir\u00eda si te dijese que no me molest\u00f3. Creo que, en momentos como este, es necesario hablar de lo que no apetece \u2026 S\u00e9 que es un tema doloroso, y lamento a) haberte molestado y b) haberme molestado.<\/span><br \/>\n<span style=\"font-size: 14pt;\">Un abrazo<\/span><\/p>\n<p style=\"text-align: justify;\">\u00a0<\/p>\n<p style=\"text-align: justify;\"><span style=\"font-size: 14pt;\">Carlos:<\/span><\/p>\n<p style=\"text-align: justify;\"><span style=\"font-size: 14pt;\">A mi no me molesta tu opini\u00f3n, sino la deriva que iba tomando el minidebate hacia posiciones personales y olvidando el quid de la cuesti\u00f3n, que era la actitud tomada en 1990 por Rodolfo Serrano.<\/span><\/p>\n<p style=\"text-align: justify;\"><span style=\"font-size: 14pt;\">Para terminar con este cruce de mensajes te dir\u00e9 que mi opini\u00f3n sobre Anguita podr\u00eda estar muy cerca de la tuya en lo que se refiere a lo pol\u00edtico, pero seguir\u00e9 alabando su honestidad, bonhom\u00eda, su coraje y su sinceridad.<\/span><br \/>\n<span style=\"font-size: 14pt;\">Pelillos a la mar\u2026<\/span><\/p>\n<p style=\"text-align: justify;\">\u00a0<\/p>\n<p style=\"text-align: justify;\"><span style=\"font-size: 14pt;\">Chus:<\/span><\/p>\n<p style=\"text-align: justify;\"><span style=\"font-size: 14pt;\">Carlos, compartimos las penas del desenga\u00f1o. En todo caso, respecto a este asunto, tengo opini\u00f3n, no certeza. Ojal\u00e1 tuviese tambi\u00e9n motivos para revisar mi opini\u00f3n.<\/span><\/p>\n<p style=\"text-align: justify;\"><span style=\"font-size: 14pt;\">Porque es f\u00e1cil entender la Libertad de Expresi\u00f3n y diferenciarla de la Libertad de Informaci\u00f3n: Se informa sobre hechos, que por ello deben ser veraces (no ciertos, sino diligentemente comprobados); se opina sobre las convicciones, que no han de tener veracidad.\u00a0<\/span><\/p>\n<p style=\"text-align: justify;\"><span style=\"font-size: 14pt;\">En este mundo global, aqu\u00ed y ahora, se informa sobre opiniones, que se presentan como hechos. Y los hechos se tratan como opiniones, a gusto de la audiencia.<\/span><br \/>\n<span style=\"font-size: 14pt;\">Un abrazo.<\/span><\/p>\n<p style=\"text-align: justify;\">\u00a0<\/p>\n<p style=\"text-align: justify;\"><span style=\"font-size: 14pt;\">Carlos:<\/span><\/p>\n<p style=\"text-align: justify;\"><span style=\"font-size: 14pt;\">Muy de acuerdo, Jes\u00fas, aunque es evidente que debemos (y lo digo por mi) formar nuestras opiniones en base a hechos concretos.<\/span><\/p>\n<p style=\"text-align: justify;\"><span style=\"font-size: 14pt;\">Los cedazos de nuestro criterio suelen ser el raciocinio, la \u00e9tica y la ideolog\u00eda, aunque esta \u00faltima suele contener a la segunda, pero en ocasiones su ausencia en la izquierda nos entristezca y enerve.<\/span><\/p>\n<p style=\"text-align: justify;\"><span style=\"font-size: 14pt;\">El procedimiento emp\u00edrico puede ser un m\u00e9todo aceptable para llegar a conclusiones\/opiniones, pero en ciertos momentos no basta y esa convicci\u00f3n debe abrirse, sin fisuras (permeabilidad), a otros puntos de vista no divergentes, pero tampoco paralelos.<\/span><\/p>\n<p style=\"text-align: justify;\"><span style=\"font-size: 14pt;\">Por extrapolar el nudo gordiano de nuestra peque\u00f1a discusi\u00f3n, recuerdo cuando me invitaron a ver en 2014 a Bob Dylan y respond\u00ed: Lo vi en Par\u00eds en 1980 y me quedo con ese recital. No quiero llevarme un disgusto.<\/span><\/p>\n<p style=\"text-align: justify;\"><span style=\"font-size: 14pt;\">Otro abrazo.<\/span><\/p>\n<p style=\"text-align: justify;\">\u00a0<\/p>\n<p style=\"text-align: justify;\"><span style=\"font-size: 14pt;\">Chus:<\/span><\/p>\n<p style=\"text-align: justify;\"><span style=\"font-size: 14pt;\">IDEOLOG\u00cdA es Estructura. Su car\u00e1cter acabado, en t\u00e9rminos abstractos, permite dar respuestas coherentes a las cuestiones concretas que se van planteando en el devenir de los acontecimientos. Sin ideolog\u00eda, tenemos simples y desarticuladas ocurrencias, parches, remiendos, que carecen de uni\u00f3n estructural; carecen de coherencia como conjunto.<\/span><\/p>\n<p style=\"text-align: justify;\">\u00a0<\/p>\n<p style=\"text-align: justify;\"><span style=\"font-size: 14pt;\">Carlos:<\/span><\/p>\n<p style=\"text-align: justify;\"><span style=\"font-size: 14pt;\">Disiento. La ideolog\u00eda es un conjunto de ideas, o si lo prefieres, una doctrina centrada en el estudio del origen de las ideas. Pero no existe ninguna que no haya pasado por el tamiz de la \u00e9tica.<\/span><\/p>\n<p style=\"text-align: justify;\"><span style=\"font-size: 14pt;\">La \u00e9tica estudia qu\u00e9 es lo moral, c\u00f3mo se justifica racionalmente un sistema moral, y c\u00f3mo se ha de aplicar posteriormente a nivel individual y a nivel social.<\/span><\/p>\n<p style=\"text-align: justify;\"><span style=\"font-size: 14pt;\">La ideolog\u00eda, como conjunto de principios \u00e9ticos aplicados a todos los terrenos sociales, culturales, econ\u00f3micos, laborales, tiende a transformar un sistema social (politica) para acercarlo paulatinamente hacia un objetivo tan simple como ut\u00f3pico: la felicidad de todos los seres humanos, a trav\u00e9s de c\u00f3digos \u00e9ticos.<\/span><\/p>\n<p style=\"text-align: justify;\"><span style=\"font-size: 14pt;\">Las normas \u00e9ticas son universales, pero al estar impregnadas de una inevitable tradici\u00f3n cultural o religiosa, no implican un modelo universal para la convivencia. Y ese es un escollo que afecta a la aplicaci\u00f3n pr\u00e1ctica de la ideolog\u00eda.<\/span><\/p>\n<p style=\"text-align: justify;\"><span style=\"font-size: 14pt;\">Salud<\/span><\/p>\n<p style=\"text-align: justify;\">\u00a0<\/p>\n<p style=\"text-align: justify;\"><span style=\"font-size: 14pt;\">Chus:<\/span><\/p>\n<p style=\"text-align: justify;\"><span style=\"font-size: 14pt;\">Pues, m\u00e1s que disentir, comparto tu tesis. Otra cosa es que sin ideolog\u00eda la \u00e9tica est\u00e1 ausente, pues no hay coherencia interna entre los diferentes valores que se aspira a representar; todo vale cuando no hay m\u00e1s que voluntad ego\u00edsta y mercenaria de alcanzar el poder.<\/span><\/p>\n<p style=\"text-align: justify;\">\u00a0<\/p>\n<p style=\"text-align: justify;\"><img loading=\"lazy\" decoding=\"async\" class=\"aligncenter size-full wp-image-26133\" src=\"https:\/\/puntocritico.com\/ausajpuntocritico\/wp-content\/uploads\/2020\/01\/Auambabuluba-Carlos-Tena-OK.jpg\" alt=\"\" width=\"480\" height=\"360\" data-id=\"26133\" srcset=\"https:\/\/puntocritico.com\/ausajpuntocritico\/wp-content\/uploads\/2020\/01\/Auambabuluba-Carlos-Tena-OK.jpg 480w, https:\/\/puntocritico.com\/ausajpuntocritico\/wp-content\/uploads\/2020\/01\/Auambabuluba-Carlos-Tena-OK-300x225.jpg 300w, https:\/\/puntocritico.com\/ausajpuntocritico\/wp-content\/uploads\/2020\/01\/Auambabuluba-Carlos-Tena-OK-326x245.jpg 326w, https:\/\/puntocritico.com\/ausajpuntocritico\/wp-content\/uploads\/2020\/01\/Auambabuluba-Carlos-Tena-OK-80x60.jpg 80w\" sizes=\"auto, (max-width: 480px) 100vw, 480px\" \/><\/p>\n<p>&nbsp;<\/p>\n<p style=\"text-align: center;\"><span style=\"color: #008000;\"><strong><span style=\"font-size: 18pt;\">****<\/span><\/strong><\/span><\/p>\n<p style=\"text-align: center;\"><span style=\"font-size: 18pt;\"><strong>LOS NEGOCIOS DE LA NUEVA kASTA<\/strong><\/span><\/p>\n<p style=\"text-align: justify;\"><span style=\"font-size: 14pt;\"><a href=\"https:\/\/puntocritico.com\/ausajpuntocritico\/2019\/08\/19\/francisco-polo-secretario-de-estado-para-el-avance-digital-seis-euros-por-numero-de-movil-15-por-e-mail-el-lucrativo-negocio-de-change-org\/\">Change.org se dedica a vender env\u00edos a 0\u201903 c\u00e9ntimos por direcci\u00f3n<\/a>. Las venden en bloques -tramos. El resto es promoci\u00f3n de ESE negociete.Otros negocietes de la Kasta que ya no es Kasta, ser\u00eda la Cooperativa de Mayer y Mayoral, que por no defender a hipotecados se embolsaron millones de euros. LOS NEGOCIOS DE LA PAH.<\/span><\/p>\n<p style=\"text-align: justify;\"><span style=\"font-size: 14pt;\">La prensa del r\u00e9gimen les da el ox\u00edgeno que necesitan. Por una parte ocultan todo lo que suene a Izquierda que no pastoreen los podemitas (la prensa de \u201cderechas\u201d los trata como el \u00fanico oponente que tiene el sistema; Artal, por ejemplo, periOdista del r\u00e9gimen de toda la vida, ahora es antisistema, JA!!). Los ha creado el sistema y los protege el sistema; porque, claro, son antisistema.<\/span><\/p>\n<p style=\"text-align: justify;\"><span style=\"font-size: 14pt;\">Por el otro lado, los acreditadores de pureza socialista impiden toda uni\u00f3n entre nosotros, los que nos oponemos al sistema con todo el coraz\u00f3n, llevados a la impotencia, que somos Socialistas, que queremos alcanzar una sociedad sin clases, en la que el Estado desaparezca por innecesario. Algunos queremos llegar por el anarquismo; otros por un Socialismo en el que la igualdad sea plena, no mediatizada por directores de nuestras conciencias que quieren oKupar el lugar del Estado (o el de la Religi\u00f3n, que en el fondo es lo mismo).<\/span><\/p>\n<p style=\"text-align: justify;\"><span style=\"font-size: 14pt;\">As\u00ed, los revolucionarios de sus propios intereses y frustraciones, convergen en la pinza real que se cierne sobre todos.<\/span><\/p>\n<p style=\"text-align: justify;\"><span style=\"font-size: 14pt;\">Y, sobre todo ello se sobreponen las emociones, que nos convierten en juguetes de los medios.<\/span><\/p>\n<p style=\"text-align: justify;\"><span style=\"font-size: 14pt;\">De la sart\u00e9n al fuego. Es la revoluci\u00f3n de los ratoncitos:<\/span><\/p>\n<p>&nbsp;<\/p>\n<p style=\"text-align: center;\"><em><span style=\"font-size: 18pt;\"><strong>LA REVOLUCI\u00d3N DE LOS RATONCITOS<\/strong><\/span><\/em><\/p>\n<p style=\"text-align: justify;\"><span style=\"font-size: 14pt;\">Haciendo Click. Quiero cambiar el mundo, para hacerlo m\u00e1s justo. Por eso me paso el d\u00eda sentado frente a mi ordenador haciendo click. Hago click porque me gusta lo que dicen. O porque me disgusta. A la Revoluci\u00f3n desde casa.<\/span><\/p>\n<p style=\"text-align: justify;\"><span style=\"font-size: 14pt;\">\u00bfLucha de clases? Si, deme cuarto y mitad. Porque yo no soy clase obrera.<\/span><\/p>\n<p style=\"text-align: justify;\"><span style=\"font-size: 14pt;\">Otro mensaje para la PApeleta del papel\u00f3n:<\/span><\/p>\n<p style=\"text-align: justify;\"><span style=\"font-size: 14pt;\">\u201cVoto nulo porque nos estamos organizando\u201d.<\/span><\/p>\n<p style=\"text-align: justify;\"><span style=\"font-size: 14pt;\">As\u00ed que hay que organizarse antes de que nos organicen (m\u00e1s).<\/span><\/p>\n<p style=\"text-align: justify;\"><span style=\"font-size: 14pt;\">Tenemos muchas organizaciones donde elegir: podemos ser antitaurinos, decrecionistas, circulares, de izquierdas y de derechas; ni de izquierdas ni de derechas, falangistas, comunistas, socialistas, ecologeros, verdes, rojos, morados, azules o fucsias. O todo lo anterior con prefijo, como \u201cNeo\u201d, o sufijos.<\/span><\/p>\n<p style=\"text-align: justify;\"><span style=\"font-size: 14pt;\">Podemos, porque todo es sistema.<\/span><\/p>\n<p style=\"text-align: justify;\"><span style=\"font-size: 14pt;\">Las opciones tambi\u00e9n pasan por la REVOLUCI\u00d3N DE LOS RATONCITOS (la revoluci\u00f3n es hacer click desde el sill\u00f3n; para mayor facilidad, en el mercado hay ratoncitos de colorines, os recuerdo). Me gusta. No me gusta. Tu m\u00e1s; no, t\u00fa m\u00e1s.<\/span><\/p>\n<p style=\"text-align: justify;\"><span style=\"font-size: 14pt;\">Y mientras tanto, como el Parlamento no importa, seguiremos vi\u00e9ndonos m\u00e1s irrelevantes, m\u00e1s separados, m\u00e1s beligerantes contra nosotros mismos.<\/span><\/p>\n<p style=\"text-align: justify;\"><span style=\"font-size: 14pt;\">Hay que fijarse en las diferencias. S\u00e9 que a veces es dif\u00edcil: hay que esforzarse. Porque sin divisi\u00f3n no hay democracia. \u00bfDemocracia votando todos lo mismo? Anda ya. Hay que estar en permanente guerra contra todos los dem\u00e1s. Porque tu, nena, lo vales.<\/span><\/p>\n<p style=\"text-align: justify;\"><span style=\"font-size: 14pt;\">Y, mientras discutimos, los AnsarGonz\u00e1ez y los CascosGuerras, con las DIEZyM\u00e1s, junto con Beiras puntocom, y compromisesdelanada, los Monereos y los Garzones varios, junto a las hadas que nos han Colau, apoyados por los medios del sist\u00e9mico sistema opresorperopoquito (que, l\u00f3gicamente, apoya a sus enemigos), van haciendo MEDIANTE LA APROBACI\u00d3N DE LEYES Y M\u00c1S LEYES PSICOP\u00c1TICAS, nuestras vidas menos valiosas. Vota o suic\u00eddate.<\/span><\/p>\n<p style=\"text-align: justify;\"><span style=\"font-size: 14pt;\">Porque de eso se trata; mientras los ratoncitos de colorines se pelean -revolucionariamente, eso si-, la apisonadora parlamentaria que destruye nuestras vidas y conciencias, sigue su avance implacable.<\/span><\/p>\n<p style=\"text-align: justify;\"><span style=\"font-size: 14pt;\">Con el aplauso introspectivo de los nuevos ratoncitos postulantes de nuestro voto -\u00fanico y verdadero capital popular, siempre mal invertido, siempre sujeto a la inflaci\u00f3n; cada vez vale menos- pues bienaventurados ser\u00e1n los que recojan en su bolsita de color\u00edn los votos de los descontentos, porque ellos llegar\u00e1n al cielo que se oculta tras las barricadas \u2026 que protegen los Parlamentosmuditos que llenamos de indeseables cuatrienalmente.<\/span><\/p>\n<p style=\"text-align: justify;\"><span style=\"font-size: 14pt;\">Porque soy un Yoyomimi. Mi culo es mi alma. El de los dem\u00e1s es el enemigo. Porque yo tengo raz\u00f3n y tu no. Dame mimitos en forma de voto v\u00e1lido.<\/span><\/p>\n<p style=\"text-align: justify;\"><span style=\"font-size: 14pt;\">Caminamos hacia un universo multipartidista: 35.000.000 partidos y uno m\u00e1s, que con solo dos votos tendr\u00e1 mayor\u00eda para legislar.<\/span><\/p>\n<p style=\"text-align: justify;\"><span style=\"font-size: 14pt;\">Y nosotros seguiremos mir\u00e1ndonos el ombligo mientras se suceden los BOES que anuncian la muerte de la especie; mientras surge el hombre nuevo, el superhombre, el que sustituir\u00e1 a la naturaleza en la funci\u00f3n de darnos comida (pronto suplicaremos por poder comer saltamontes y cucarachas, prote\u00ednas en suma; que en su naturaleza bioqu\u00edmica no se diferencian del caviar y la langosta).<\/span><\/p>\n<p style=\"text-align: justify;\"><span style=\"font-size: 14pt;\">\u00bfOrganizarse? Para nada; yo hago click; que me organicen otros, porque organizarse uno mismo es muy cansado; no te digo organizarse entre dos o m\u00e1s \u2026<\/span><\/p>\n<p style=\"text-align: justify;\"><span style=\"font-size: 14pt;\">\u201cRecuerda que eres proletario\u201d. \u201cProletaria ser\u00e1 tu p.m.\u201d responde el obrero, haciendo click como un loco. Nada de pol\u00edtica; le preocupa el futbol. Y el ganador del Gran Memazo, o la injusticia con la perdedora de Operaci\u00f3n triunfo.<\/span><br \/>\n<span style=\"font-size: 14pt;\">Que risas, oye. No es humor negro, es de colorines. Es que me troncho.<\/span><\/p>\n<p style=\"text-align: justify;\"><span style=\"font-size: 14pt;\">Viva el relativismo!!<\/span><\/p>\n<p>&nbsp;<\/p>\n<p><a href=\"https:\/\/puntocritico.com\/ausajpuntocritico\/author\/punto-critico\/\"><img loading=\"lazy\" decoding=\"async\" class=\"aligncenter wp-image-9528\" src=\"https:\/\/puntocritico.com\/ausajpuntocritico\/wp-content\/uploads\/2018\/03\/Mosca_Punto_Cr\u00edtico_40.png\" alt=\"\" width=\"80\" height=\"80\" data-id=\"9528\" \/><\/a><\/p>\n<p>&nbsp;<\/p>\n<p>&nbsp;<\/p>\n<p>&nbsp;<\/p>\n","protected":false},"excerpt":{"rendered":"<div class=\"mh-excerpt\"><p>\u201cESPA\u00d1A EN LLAMAS\u201d: PARALELISMOS Y COINCIDENCIAS\u00a0 Nos ha alarmado el paralelismo con el 15M \u2013 salvadas las distancias de la brutalidad y violencia de los neonazis del Maid\u00e1n -, respecto de los tres vectores referidos <a class=\"mh-excerpt-more\" href=\"https:\/\/puntocritico.com\/ausajpuntocritico\/2020\/01\/22\/espana-en-llamas-paralelismos-y-coincidencias-por-jesus-diaz-formoso-conversacion-con-carlos-tena\/\" title=\"\u201cESPA\u00d1A EN LLAMAS\u201d: PARALELISMOS Y COINCIDENCIAS (por Jes\u00fas D\u00edaz Formoso); conversaci\u00f3n con Carlos Tena\">[&#8230;]<\/a><\/p>\n<\/div>","protected":false},"author":3,"featured_media":26167,"comment_status":"open","ping_status":"closed","sticky":false,"template":"","format":"standard","meta":{"_acf_changed":false,"_exactmetrics_skip_tracking":false,"_exactmetrics_sitenote_active":false,"_exactmetrics_sitenote_note":"","_exactmetrics_sitenote_category":0,"footnotes":""},"categories":[7],"tags":[],"class_list":{"0":"post-26085","1":"post","2":"type-post","3":"status-publish","4":"format-standard","5":"has-post-thumbnail","7":"category-politica"},"acf":[],"_links":{"self":[{"href":"https:\/\/puntocritico.com\/ausajpuntocritico\/wp-json\/wp\/v2\/posts\/26085","targetHints":{"allow":["GET"]}}],"collection":[{"href":"https:\/\/puntocritico.com\/ausajpuntocritico\/wp-json\/wp\/v2\/posts"}],"about":[{"href":"https:\/\/puntocritico.com\/ausajpuntocritico\/wp-json\/wp\/v2\/types\/post"}],"author":[{"embeddable":true,"href":"https:\/\/puntocritico.com\/ausajpuntocritico\/wp-json\/wp\/v2\/users\/3"}],"replies":[{"embeddable":true,"href":"https:\/\/puntocritico.com\/ausajpuntocritico\/wp-json\/wp\/v2\/comments?post=26085"}],"version-history":[{"count":0,"href":"https:\/\/puntocritico.com\/ausajpuntocritico\/wp-json\/wp\/v2\/posts\/26085\/revisions"}],"wp:featuredmedia":[{"embeddable":true,"href":"https:\/\/puntocritico.com\/ausajpuntocritico\/wp-json\/wp\/v2\/media\/26167"}],"wp:attachment":[{"href":"https:\/\/puntocritico.com\/ausajpuntocritico\/wp-json\/wp\/v2\/media?parent=26085"}],"wp:term":[{"taxonomy":"category","embeddable":true,"href":"https:\/\/puntocritico.com\/ausajpuntocritico\/wp-json\/wp\/v2\/categories?post=26085"},{"taxonomy":"post_tag","embeddable":true,"href":"https:\/\/puntocritico.com\/ausajpuntocritico\/wp-json\/wp\/v2\/tags?post=26085"}],"curies":[{"name":"wp","href":"https:\/\/api.w.org\/{rel}","templated":true}]}}