{"id":25880,"date":"2020-01-14T00:05:15","date_gmt":"2020-01-13T23:05:15","guid":{"rendered":"https:\/\/puntocritico.com\/ausajpuntocritico\/?p=25880"},"modified":"2020-01-13T18:31:17","modified_gmt":"2020-01-13T17:31:17","slug":"la-fuerza-sin-justicia-tirania-de-las-elites-o-cobardia-de-las-masas-2","status":"publish","type":"post","link":"https:\/\/puntocritico.com\/ausajpuntocritico\/2020\/01\/14\/la-fuerza-sin-justicia-tirania-de-las-elites-o-cobardia-de-las-masas-2\/","title":{"rendered":"LA FUERZA SIN JUSTICIA, \u00bfTIRAN\u00cdA DE LAS \u00c9LITES O COBARD\u00cdA DE LAS MASAS?"},"content":{"rendered":"<h2><span style=\"font-size: 14pt;\"><strong><a id=\"ref1a\"><\/a><a href=\"#ref1\">\u00bfLa fuerza sin justicia es cobard\u00eda?, por AUSAJ<\/a><\/strong><\/span><\/h2>\n<h2><span style=\"font-size: 12pt;\"><strong><a id=\"ref2a\"><\/a><a href=\"#ref2\">\u00bfLa fuerza sin justicia es tiran\u00eda?, <span style=\"color: #008000;\">p<\/span><\/a><\/strong><span style=\"color: #008000;\">or GERM\u00c1N GORRAIZ LOPEZ<\/span><\/span><\/h2>\n<p>&nbsp;<\/p>\n<p style=\"text-align: center;\"><span style=\"font-size: 18pt;\"><strong>***<\/strong><\/span><\/p>\n<blockquote>\n<p style=\"text-align: left;\"><span style=\"font-family: arial, helvetica, sans-serif; color: #008000; font-size: 18pt;\"><strong>La sociedad del odio. La violencia como v\u00eda de escape para el hombre frustrado<\/strong><\/span><\/p>\n<p><a href=\"http:\/\/matapuces.blogspot.com.es\/\" target=\"_blank\" rel=\"noopener\">http:\/\/matapuces.blogspot.com.es\/<\/a><\/p>\n<p style=\"text-align: justify;\"><span style=\"font-family: arial, helvetica, sans-serif; font-size: 14pt;\">Si entendemos que la violencia en el hombre se ha convertido en la principal herramienta y fuerza generadora para poner en marcha y mantener en funcionamiento el motor del sistema y las relaciones en la sociedad actual, podremos discernir que el conflicto que se origina en el hombre y las relaciones que tiene, acaba alterando la realidad de los hechos que acontecen a su alrededor.<\/span><\/p>\n<p style=\"text-align: justify;\"><span style=\"font-family: arial, helvetica, sans-serif; font-size: 14pt;\">El hombre frustrado busca incesantemente en su vida subterfugios y chivos expiatorios para justificar su conducta, y tambi\u00e9n poder de este modo darle un sentido coherente a sus acciones.<\/span><\/p>\n<p style=\"text-align: justify;\"><span style=\"font-family: arial, helvetica, sans-serif; font-size: 14pt;\">La capacidad de auto-enga\u00f1o del sujeto es la consecuencia del entorno en el que interact\u00faa y el grado de auto-enga\u00f1o variar\u00e1 seg\u00fan el ambiente en el que se desarrolle su vida, entre otros factores intervendr\u00e1n, las relaciones con sus semejantes, la propaganda, la cultura, el entretenimiento, la educaci\u00f3n, etc.<\/span><\/p>\n<p style=\"text-align: justify;\"><span style=\"font-family: arial, helvetica, sans-serif; font-size: 14pt;\">Otra de las v\u00edas de escape para el hombre frustrado es el uso de la violencia psicol\u00f3gica a modo de intercambio de humillaciones con sus semejantes, el grado y la forma del mismo variar\u00e1 tambi\u00e9n seg\u00fan el entorno en el que se encuentre.<\/span><\/p>\n<p style=\"text-align: justify;\"><span style=\"font-family: arial, helvetica, sans-serif; font-size: 14pt;\">Otra de las v\u00edas de escape para el hombre frustrado es el deprecio hacia sus semejantes \u2013 no hay que olvidar que no deja de ser otro tipo de violencia \u2013 , como el racismo, la xenofobia, el chauvinismo, los nacionalismos, la religi\u00f3n, la pol\u00edtica.<\/span><\/p>\n<p style=\"text-align: justify;\"><span style=\"font-family: arial, helvetica, sans-serif; font-size: 14pt;\">La integraci\u00f3n del hombre en un sistema violento conformar\u00e1 la percepci\u00f3n que tiene del mundo y acabar\u00e1 tambi\u00e9n por consolidar su car\u00e1cter, con lo cual la violencia pasa a ser la norma y su uso un mandamiento a cumplir para el hombre.<\/span><\/p>\n<p style=\"text-align: justify;\"><span style=\"font-family: arial, helvetica, sans-serif; font-size: 14pt;\">Otro factor determinante en la conducta del hombre es la hipocres\u00eda, mediante \u00e9sta se desarrolla como ser humano y se auto-enga\u00f1a para justificar la violencia como medio de supervivencia.<\/span><\/p>\n<\/blockquote>\n<p style=\"text-align: center;\">\u00a0<\/p>\n<p style=\"text-align: left;\">\u00a0<\/p>\n<p style=\"text-align: center;\"><a href=\"https:\/\/puntocritico.com\/ausajpuntocritico\/wp-content\/uploads\/2019\/02\/imagen1.jpg\" rel=\"lightbox[25880]\"><img loading=\"lazy\" decoding=\"async\" class=\"alignnone wp-image-16961\" src=\"https:\/\/puntocritico.com\/ausajpuntocritico\/wp-content\/uploads\/2019\/02\/imagen1-678x381.jpg\" alt=\"\" width=\"640\" height=\"339\" srcset=\"https:\/\/puntocritico.com\/ausajpuntocritico\/wp-content\/uploads\/2019\/02\/imagen1-300x159.jpg 300w, https:\/\/puntocritico.com\/ausajpuntocritico\/wp-content\/uploads\/2019\/02\/imagen1-768x407.jpg 768w, https:\/\/puntocritico.com\/ausajpuntocritico\/wp-content\/uploads\/2019\/02\/imagen1.jpg 1000w\" sizes=\"auto, (max-width: 640px) 100vw, 640px\" \/><\/a><\/p>\n<p>&nbsp;<\/p>\n<p style=\"text-align: center;\"><span style=\"font-size: 14pt; color: #008000;\">\u2666<\/span><span style=\"font-size: 14pt;\">\u2666<\/span><span style=\"font-size: 14pt; color: #008000;\">\u2666<\/span><span style=\"font-size: 14pt;\">\u2666<\/span><span style=\"font-size: 14pt; color: #008000;\">\u2666<\/span><\/p>\n<h1>\u00a0<\/h1>\n<h1 style=\"text-align: center;\"><span style=\"font-family: arial, helvetica, sans-serif; color: #008000;\"><strong>\u00a0<a id=\"ref1\"><\/a><a href=\"#ref1a\">*<\/a>\u00bfLa fuerza sin justicia es cobard\u00eda?<\/strong><\/span><\/h1>\n<p style=\"text-align: justify;\"><span style=\"font-family: arial, helvetica, sans-serif;\">Por AUSAJ<\/span><\/p>\n<p>&nbsp;<\/p>\n<p style=\"text-align: justify;\"><span style=\"font-family: arial, helvetica, sans-serif; font-size: 14pt;\">25 de julio de 2011, Madrid. Con un calor sofocante, cientos de miles de personas salieron a la calle a protestar contra la Corrupci\u00f3n insoportable de nuestras Instituciones. Eran los inicios de lo que ser\u00eda conocido como 15M. En esos primeros tiempos, las protestas llegaron a tener el apoyo de m\u00e1s del 75% de los espa\u00f1oles.<\/span><\/p>\n<p style=\"text-align: justify;\"><span style=\"font-family: arial, helvetica, sans-serif; font-size: 14pt;\">\u00bfQu\u00e9 hemos hecho de esta inmensa potencia?<\/span><\/p>\n<p style=\"text-align: justify;\"><span style=\"font-family: arial, helvetica, sans-serif; font-size: 14pt;\">Destruirla. Desactivarla. Anularla.<\/span><\/p>\n<p style=\"text-align: justify;\"><span style=\"font-family: arial, helvetica, sans-serif; font-size: 14pt;\">Lo mejor de nosotros se hab\u00eda despertado y, tras ocupar\u00a0 nuestras conciencias, sali\u00f3 a ocupar la calle.<\/span><\/p>\n<p style=\"text-align: justify;\"><span style=\"font-family: arial, helvetica, sans-serif; font-size: 14pt;\">Pero, este estallido colectivo, \u00bfc\u00f3mo tuvo lugar? Se ha afirmado hasta la saciedad el car\u00e1cter espont\u00e1neo del movimiento. \u00bfEstamos confundiendo\u00a0 espontaneidad con manipulaci\u00f3n informativa? Lo medi\u00e1tico, en estos tiempos marcados por la manipulaci\u00f3n informativa de nuestras emociones, \u00bfes espont\u00e1neo?<\/span><\/p>\n<p style=\"text-align: justify;\"><span style=\"font-family: arial, helvetica, sans-serif; font-size: 14pt;\">Durante estos a\u00f1os, hemos sido muchas las voces que denunciamos lo que, hoy, todos sabemos. La falsedad del discurso de la Nueva Pol\u00edtica. La corrupci\u00f3n de sus l\u00edderes. Recibimos insultos, amenazas, calumnias por ello. Y eso no nos doli\u00f3 especialmente. Lo doloroso fue el silencio de aqu\u00e9llos que pensaban como nosotros. Sin ese silencio, que amparaba a los corruptos, nunca hubi\u00e9semos llegado al lodazal en que, de nuevo, nos encontramos.<\/span><\/p>\n<p style=\"text-align: justify;\"><span style=\"font-family: arial, helvetica, sans-serif; font-size: 14pt;\">Y ese silencio es culpable. Mucho m\u00e1s que los calumniadores, el verdadero c\u00f3mplice de esta desgracia fue ese silencio. Silencio para no perder seguidores, para conseguir likes, para estar con la corriente de una mayor\u00eda inexistente, solo levemente aparente. Porque la mayor\u00eda est\u00e1 en el silencio, en la abstenci\u00f3n. En la cobard\u00eda.<\/span><\/p>\n<p style=\"text-align: justify;\"><span style=\"font-family: arial, helvetica, sans-serif; font-size: 14pt;\">Y ahora \u2026 Ahora todo es peor. Antes no sab\u00edamos; antes no hab\u00eda informaci\u00f3n; se silenciaba, se censuraba. La corrupci\u00f3n, el nepotismo, el clientelismo, la falsedad, ten\u00eda, al menos, la cobertura que da la censura.<\/span><\/p>\n<p style=\"text-align: justify;\"><span style=\"font-family: arial, helvetica, sans-serif; font-size: 14pt;\">Pero ahora todos sabemos. Todos sabemos que los Chiringuitos que tanto critica Vox, son los Chiringuitos en los que fue incubada su simiente. La charca de las Ranas de Aguirre es el criadero del que han salido sus l\u00edderes de hoy.<\/span><\/p>\n<p style=\"text-align: justify;\"><span style=\"font-family: arial, helvetica, sans-serif; font-size: 14pt;\">Salvadas las distancias, la proyecci\u00f3n de votos a Vox recuerda a alguien que est\u00e1 con su ordenador conectado a internet, a quien se le apaga el router y, enfadado, golpea SU ordenador hasta que lo consigue romper.<\/span><\/p>\n<p style=\"text-align: justify;\"><span style=\"font-family: arial, helvetica, sans-serif; font-size: 14pt;\">Y decimos \u00absalvadas las distancias\u00bb, porque ahora no hablamos del ordenador. Hablamos de destruir la Sanidad, la Educaci\u00f3n, la Justicia, hablamos del Medioambiente, del agua, de\u00a0 la energ\u00eda, del futuro, en definitiva.<\/span><\/p>\n<p style=\"text-align: justify;\"><span style=\"font-family: arial, helvetica, sans-serif; font-size: 14pt;\">Es la perversi\u00f3n del mensaje, ya de por s\u00ed perverso, de Thatcher y Reagan; es ese \u201cNo hay alternativa\u201d, que s\u00f3lo se basa en una vergonzosa realidad: NUESTRA INCAPACIDAD PARA CONSTRUIR.<\/span><\/p>\n<p style=\"text-align: justify;\"><span style=\"font-family: arial, helvetica, sans-serif; font-size: 14pt;\">Pero la culpa siempre es de otros. Reflejo de la Sociedad Narcisista y Psicop\u00e1tica que con nuestro silencio hemos construido. Y en la que estamos inmersos. Es el odio al que piensa distinto el motor de nuestra convivencia. El camino recorrido desde el 2011 hasta hoy.<\/span><\/p>\n<p style=\"text-align: justify;\"><span style=\"font-family: arial, helvetica, sans-serif; font-size: 14pt;\">En junio de 2018 hemos denunciado la Esclavitud Sexual y Laboral que sufren las Temporeras de Huelva; inmigrantes venidas, legalmente, a trabajar en Espa\u00f1a. La solidaridad que hemos conseguido es menor del 1\/100.000; no llega a una persona de cada cien mil.<\/span><\/p>\n<p><span style=\"font-size: 14pt;\">EL ODIO es un camino de doble v\u00eda. Ahora, nos toca ser v\u00edctimas.<\/span><\/p>\n<p>&nbsp;<\/p>\n<p><a href=\"https:\/\/puntocritico.com\/ausajpuntocritico\/documentos\/Varios_jovenes_castellano_manchegos_enganados_esclavizados_y_atrapados_en_Holanda.pdf\"><img loading=\"lazy\" decoding=\"async\" class=\" wp-image-16962 aligncenter\" src=\"https:\/\/puntocritico.com\/ausajpuntocritico\/wp-content\/uploads\/2019\/02\/imagen2-300x251.jpg\" alt=\"\" width=\"471\" height=\"395\" srcset=\"https:\/\/puntocritico.com\/ausajpuntocritico\/wp-content\/uploads\/2019\/02\/imagen2-300x251.jpg 300w, https:\/\/puntocritico.com\/ausajpuntocritico\/wp-content\/uploads\/2019\/02\/imagen2.jpg 528w\" sizes=\"auto, (max-width: 471px) 100vw, 471px\" \/><\/a><\/p>\n<p style=\"text-align: center;\"><a href=\"https:\/\/www.eldigitalcastillalamancha.es\/actualidad\/410315409\/Varios-jovenes-castellano-manchegos-enganados-esclavizados-y-atrapados-en-Holanda-No-tenemos-ni-para-volvernos-a-Espana.html\" target=\"_blank\" rel=\"noopener\">https:\/\/www.eldigitalcastillalamancha.es\/actualidad\/410315409\/Varios-jovenes-castellano-manchegos-enganados-esclavizados-y-atrapados-en-Holanda-No-tenemos-ni-para-volvernos-a-Espana.html<\/a><\/p>\n<p style=\"text-align: right;\">\u00a0<\/p>\n<p style=\"text-align: center;\"><span style=\"font-size: 14pt;\">\u2666<span style=\"color: #008000;\">\u2666<\/span>\u2666<span style=\"color: #008000;\">\u2666<\/span>\u2666<\/span><\/p>\n<p>&nbsp;<\/p>\n<p><a href=\"https:\/\/puntocritico.com\/ausajpuntocritico\/wp-content\/uploads\/2019\/02\/imagen3.jpg\" rel=\"lightbox[25880]\"><img loading=\"lazy\" decoding=\"async\" class=\"alignnone wp-image-16964 size-full aligncenter\" src=\"https:\/\/puntocritico.com\/ausajpuntocritico\/wp-content\/uploads\/2019\/02\/imagen3.jpg\" alt=\"\" width=\"500\" height=\"500\" srcset=\"https:\/\/puntocritico.com\/ausajpuntocritico\/wp-content\/uploads\/2019\/02\/imagen3.jpg 500w, https:\/\/puntocritico.com\/ausajpuntocritico\/wp-content\/uploads\/2019\/02\/imagen3-150x150.jpg 150w, https:\/\/puntocritico.com\/ausajpuntocritico\/wp-content\/uploads\/2019\/02\/imagen3-300x300.jpg 300w\" sizes=\"auto, (max-width: 500px) 100vw, 500px\" \/><\/a><\/p>\n<p>&nbsp;<\/p>\n<h1 style=\"text-align: center;\"><span style=\"font-size: 14pt;\">\u2666<span style=\"color: #008000;\">\u2666<\/span>\u2666<span style=\"color: #008000;\">\u2666<\/span>\u2666<\/span><\/h1>\n<h1 style=\"text-align: center;\"><span style=\"color: #008000;\"><strong><a id=\"ref2\"><\/a><a href=\"#ref2a\">*<\/a> \u00bfLa fuerza sin justicia es tiran\u00eda?<\/strong><\/span><\/h1>\n<p style=\"text-align: justify;\">\nPor GERM\u00c1N GORRAIZ L\u00d3PEZ<\/p>\n<p style=\"text-align: justify;\">Analista<\/p>\n<p>&nbsp;<\/p>\n<p style=\"text-align: justify;\"><strong>\u00a0<\/strong><span style=\"font-size: 14pt;\">\u201cLa Justicia sin la fuerza es impotente; la fuerza sin justicia es tiran\u00eda\u201d(Blas Pascal) Ocho j\u00f3venes de la localidad navarra de Alsasua podr\u00edan ser condenados a penas estratosf\u00e9ricas de 52 a\u00f1os de prisi\u00f3n al ser acusados de \u201cdelitos de terrorismo\u201d tras un altercado con dos miembros de la Guardia Civil y sus parejas que deriv\u00f3 en un parte m\u00e9dico de \u201clesiones menores\u201d y que en su d\u00eda fue calificado por el Coronel Jefe de la Guardia Civil de Navarra como \u201cdelitos de odio\u201d, lo que constituye un aut\u00e9ntico ejercicio de \u201cterrorismo jur\u00eddico\u201d que gener\u00f3 una inmediata reacci\u00f3n de repulsa popular e institucional. Para entender la sentencia contra los j\u00f3venes de Altsasu habr\u00eda que recurrir a la Doctrina Aznar que tendr\u00eda como ejes principales la culminaci\u00f3n de la \u201cderrota institucional de ETA para impedir que el terrorismo encuentre en sus socios pol\u00edticos el ox\u00edgeno que le permita sobrevivir a su derrota operativa\u201d con el objetivo \u00faltimo de criminalizar a grupos y entidades d\u00edscolos y refractarios al mensaje del establishment dominante del Estado espa\u00f1ol. En la actualidad, 3 de ellos llevan ya\u00a0 m\u00e1s de 2 a\u00f1os en prisi\u00f3n incondicional, sin sentencia firme y con total ausencia de seguridad jur\u00eddica al ser rechazados parte de los argumentos de sus abogados defensores por la Fiscal\u00eda del Estado cuya primera misi\u00f3n es \u201cvelar por la seguridad jur\u00eddica de los ciudadanos de Espa\u00f1a\u201d, por lo que ser\u00e1 un proceso judicial de largo recorrido que terminar\u00e1 indefectiblemente en el Tribunal Europeo de Estrasburgo.\u00a0\u00a0<\/span><\/p>\n<p style=\"text-align: justify;\"><span style=\"font-size: 14pt;\">\u00a0Altsasu y la espiral de silencio de la mass media El atestado policial de la noche de autos fue redactado por la Guardia Civil y comunicado simult\u00e1neamente a todos los medios de comunicaci\u00f3n del status quo del Estado espa\u00f1ol y amparado por la \u201cespiral del silencio\u201d de los medios de comunicaci\u00f3n de masas del establishment (PRISA, Vocento, Grupo Planeta, Grupo God\u00f3, Grupo Zeta, Editorial Prensa Ib\u00e9rica, Unidad Editorial, TVE y Mediaset Espa\u00f1a) consigui\u00f3 su objetivo de transmitir a la opini\u00f3n p\u00fablica la idea de \u201cla pervivencia de ETA en el territorio comanche de Altsasu\u201d. Dicha teor\u00eda fue formulada por la polit\u00f3loga alemana Elisabeth Noelle-Neumann en su libro \u201cLa espiral del silencio. Opini\u00f3n p\u00fablica: nuestra piel social\u201d (1977) y simbolizar\u00eda \u201cla f\u00f3rmula de solapamiento cognitivo que instaura la censura a trav\u00e9s de una deliberada y sofocante acumulaci\u00f3n de mensajes de un solo signo\u201d, (el caso Altsasu es terrorismo) con lo que se producir\u00eda un proceso en espiral o bucle de retroalimentaci\u00f3n positiva.\u00a0<\/span><\/p>\n<p style=\"text-align: justify;\"><span style=\"font-size: 14pt;\">A ello contribuye el encefalograma plano de la conciencia cr\u00edtica de la sociedad actual favorecida por una pr\u00e1ctica period\u00edstica peligrosamente mediatizada por la ausencia de la ex\u00e9gesis u objetividad en los art\u00edculos de opini\u00f3n as\u00ed como el finiquito del c\u00f3digo deontol\u00f3gico period\u00edstico y tendr\u00eda su plasmaci\u00f3n en la implementaci\u00f3n de la autocensura y en la sumisi\u00f3n \u201cnolis volis\u201d a la l\u00ednea editorial de su medio de comunicaci\u00f3n. As\u00ed, el periodismo se habr\u00eda transmutado en mera correa de transmisi\u00f3n de los postulados del establishment o sistema dominante,(fruto del endemismo at\u00e1vico de la servidumbre a los poderes f\u00e1cticos del status quo), deriva involucionista extrapolable a la mayor\u00eda de los \u00e1mbitos de comunicaci\u00f3n interactiva del Estado espa\u00f1ol y que ser\u00edan\u00a0 elementos constituyentes de la llamada \u201c perfecci\u00f3n negativa\u201d, t\u00e9rmino empleado por el novelista Mart\u00edn Amis para designar \u201cla obscena justificaci\u00f3n del uso de la crueldad extrema, masiva y premeditada por un supuesto Estado ideal\u201d.<\/span><\/p>\n<p>&nbsp;<\/p>\n<p>&nbsp;<\/p>\n<p style=\"text-align: center;\"><a href=\"https:\/\/puntocritico.com\/ausajpuntocritico\/wp-content\/uploads\/2019\/02\/imagen4.jpg\" rel=\"lightbox[25880]\"><img loading=\"lazy\" decoding=\"async\" class=\"wp-image-16965 aligncenter\" src=\"https:\/\/puntocritico.com\/ausajpuntocritico\/wp-content\/uploads\/2019\/02\/imagen4.jpg\" alt=\"\" width=\"442\" height=\"173\" srcset=\"https:\/\/puntocritico.com\/ausajpuntocritico\/wp-content\/uploads\/2019\/02\/imagen4.jpg 359w, https:\/\/puntocritico.com\/ausajpuntocritico\/wp-content\/uploads\/2019\/02\/imagen4-300x117.jpg 300w\" sizes=\"auto, (max-width: 442px) 100vw, 442px\" \/><\/a><\/p>\n<p>&nbsp;<\/p>\n<p style=\"text-align: center;\"><span style=\"color: #008000; font-size: 14pt;\">\u2666\u2666\u2666\u2666\u2666<\/span><\/p>\n<p>&nbsp;<\/p>\n<p style=\"text-align: center;\"><iframe loading=\"lazy\" src=\"\/\/player.vimeo.com\/video\/320292956?title=0&amp;amp;byline=0\" width=\"640\" height=\"480\" frameborder=\"0\" allowfullscreen=\"allowfullscreen\"><\/iframe><\/p>\n<h3 style=\"text-align: center;\"><span style=\"font-family: arial, helvetica, sans-serif;\">Il y avait un jardin. Georges Moustaki<\/span><\/h3>\n<p>&nbsp;<\/p>\n<p>&nbsp;<\/p>\n<p><a href=\"https:\/\/puntocritico.com\/author\/punto-critico\/\"><img loading=\"lazy\" decoding=\"async\" class=\"aligncenter wp-image-48\" src=\"https:\/\/puntocritico.com\/ausajpuntocritico\/wp-content\/uploads\/2016\/11\/Mosca_Punto_Cr\u00edtico_40.png\" alt=\"\" width=\"65\" height=\"65\" \/><\/a><\/p>\n<p>&nbsp;<\/p>\n<p>&nbsp;<\/p>\n<p>&nbsp;<\/p>\n<p>&nbsp;<\/p>\n","protected":false},"excerpt":{"rendered":"<div class=\"mh-excerpt\"><p>\u00bfLa fuerza sin justicia es cobard\u00eda?, por AUSAJ \u00bfLa fuerza sin justicia es tiran\u00eda?, por GERM\u00c1N GORRAIZ LOPEZ &nbsp; *** La sociedad del odio. La violencia como v\u00eda de escape para el hombre frustrado http:\/\/matapuces.blogspot.com.es\/ <a class=\"mh-excerpt-more\" href=\"https:\/\/puntocritico.com\/ausajpuntocritico\/2020\/01\/14\/la-fuerza-sin-justicia-tirania-de-las-elites-o-cobardia-de-las-masas-2\/\" title=\"LA FUERZA SIN JUSTICIA, \u00bfTIRAN\u00cdA DE LAS \u00c9LITES O COBARD\u00cdA DE LAS MASAS?\">[&#8230;]<\/a><\/p>\n<\/div>","protected":false},"author":3,"featured_media":16960,"comment_status":"open","ping_status":"closed","sticky":false,"template":"","format":"standard","meta":{"_acf_changed":false,"_exactmetrics_skip_tracking":false,"_exactmetrics_sitenote_active":false,"_exactmetrics_sitenote_note":"","_exactmetrics_sitenote_category":0,"footnotes":""},"categories":[7],"tags":[],"class_list":{"0":"post-25880","1":"post","2":"type-post","3":"status-publish","4":"format-standard","5":"has-post-thumbnail","7":"category-politica"},"acf":[],"_links":{"self":[{"href":"https:\/\/puntocritico.com\/ausajpuntocritico\/wp-json\/wp\/v2\/posts\/25880","targetHints":{"allow":["GET"]}}],"collection":[{"href":"https:\/\/puntocritico.com\/ausajpuntocritico\/wp-json\/wp\/v2\/posts"}],"about":[{"href":"https:\/\/puntocritico.com\/ausajpuntocritico\/wp-json\/wp\/v2\/types\/post"}],"author":[{"embeddable":true,"href":"https:\/\/puntocritico.com\/ausajpuntocritico\/wp-json\/wp\/v2\/users\/3"}],"replies":[{"embeddable":true,"href":"https:\/\/puntocritico.com\/ausajpuntocritico\/wp-json\/wp\/v2\/comments?post=25880"}],"version-history":[{"count":0,"href":"https:\/\/puntocritico.com\/ausajpuntocritico\/wp-json\/wp\/v2\/posts\/25880\/revisions"}],"wp:featuredmedia":[{"embeddable":true,"href":"https:\/\/puntocritico.com\/ausajpuntocritico\/wp-json\/wp\/v2\/media\/16960"}],"wp:attachment":[{"href":"https:\/\/puntocritico.com\/ausajpuntocritico\/wp-json\/wp\/v2\/media?parent=25880"}],"wp:term":[{"taxonomy":"category","embeddable":true,"href":"https:\/\/puntocritico.com\/ausajpuntocritico\/wp-json\/wp\/v2\/categories?post=25880"},{"taxonomy":"post_tag","embeddable":true,"href":"https:\/\/puntocritico.com\/ausajpuntocritico\/wp-json\/wp\/v2\/tags?post=25880"}],"curies":[{"name":"wp","href":"https:\/\/api.w.org\/{rel}","templated":true}]}}