{"id":2563,"date":"2017-05-20T01:00:16","date_gmt":"2017-05-20T00:00:16","guid":{"rendered":"http:\/\/puntocritico.com\/?p=2563"},"modified":"2018-03-06T20:03:01","modified_gmt":"2018-03-06T19:03:01","slug":"george-washington-y-el-cerezo-no-puedo-mentir-padre-adaptacion-de-un-texto-de-j-berg-esenwein-y-marietta-stockard","status":"publish","type":"post","link":"https:\/\/puntocritico.com\/ausajpuntocritico\/2017\/05\/20\/george-washington-y-el-cerezo-no-puedo-mentir-padre-adaptacion-de-un-texto-de-j-berg-esenwein-y-marietta-stockard\/","title":{"rendered":"GEORGE WASHINGTON Y EL CEREZO: \u201cNO PUEDO MENTIR, PADRE\u201d. Adaptaci\u00f3n de un texto de J. Berg Esenwein y Marietta Stockard"},"content":{"rendered":"<p style=\"text-align: justify;\"><a href=\"https:\/\/puntocritico.com\/ausajpuntocritico\/wp-content\/uploads\/2017\/05\/GWmason_2.jpg\" rel=\"lightbox[2563]\"><img loading=\"lazy\" decoding=\"async\" class=\"aligncenter wp-image-2567\" src=\"https:\/\/puntocritico.com\/ausajpuntocritico\/wp-content\/uploads\/2017\/05\/GWmason_2.jpg\" alt=\"\" width=\"680\" height=\"857\" srcset=\"https:\/\/puntocritico.com\/ausajpuntocritico\/wp-content\/uploads\/2017\/05\/GWmason_2.jpg 1280w, https:\/\/puntocritico.com\/ausajpuntocritico\/wp-content\/uploads\/2017\/05\/GWmason_2-238x300.jpg 238w, https:\/\/puntocritico.com\/ausajpuntocritico\/wp-content\/uploads\/2017\/05\/GWmason_2-768x968.jpg 768w, https:\/\/puntocritico.com\/ausajpuntocritico\/wp-content\/uploads\/2017\/05\/GWmason_2-813x1024.jpg 813w\" sizes=\"auto, (max-width: 680px) 100vw, 680px\" \/><\/a><\/p>\n<blockquote>\n<p style=\"text-align: justify;\"><span style=\"font-family: arial, helvetica, sans-serif; font-size: 14pt;\">\u201cMi madre y un hombre negro, de aquellos que las bestias cuidaban, tuvieron trato carnal. \u00c9ste algunas veces ven\u00eda a nuestra casa y se iba por la ma\u00f1ana. Otras veces, de d\u00eda llegaba a la puerta, con la excusa de comprar huevos, y entraba en casa.<\/span><\/p>\n<p style=\"text-align: justify;\"><span style=\"font-family: arial, helvetica, sans-serif; font-size: 14pt;\">Yo, al principio de su entrada, me agobiaba y le ten\u00eda miedo, viendo el color y mal gesto que ten\u00eda; mas desde que su venida mejoraba el comer, le fui queriendo bien, porque siempre tra\u00eda pan, pedazos de carne y en el invierno le\u00f1os, con que nos calent\u00e1bamos.<\/span><\/p>\n<p style=\"text-align: justify;\"><span style=\"font-family: arial, helvetica, sans-serif; font-size: 14pt;\">De manera que, continuando la posada y la conversaci\u00f3n, mi madre vino a darme un negrito muy bonito, con el que jugaba y al que arropaba. Y me acuerdo que estando el negro de mi padrastro trabajando con el mozuelo, como el ni\u00f1o ve\u00eda a mi madre y a m\u00ed blancos, y a \u00e9l no, con miedo, a mi madre y se\u00f1alando con el dedo, le dec\u00eda:<\/span><\/p>\n<p style=\"text-align: justify;\"><span style=\"font-family: arial, helvetica, sans-serif; font-size: 14pt;\">\u2013 \u00a1Madre, coco!<\/span><\/p>\n<p style=\"text-align: justify;\"><span style=\"font-family: arial, helvetica, sans-serif; font-size: 14pt;\">A lo que respondi\u00f3 \u00e9l, riendo:<\/span><\/p>\n<p style=\"text-align: justify;\"><span style=\"font-family: arial, helvetica, sans-serif; font-size: 14pt;\">\u2013 \u00a1Hideputa!<\/span><\/p>\n<p style=\"text-align: justify;\"><span style=\"font-family: arial, helvetica, sans-serif; font-size: 14pt;\">Yo, aunque a\u00fan joven, not\u00e9 aquella palabra de mi hermanito y dije para m\u00ed:<\/span><\/p>\n<p style=\"text-align: justify;\"><span style=\"font-family: arial, helvetica, sans-serif; font-size: 14pt;\">\u201c\u00a1Cu\u00e1ntos debe haber en el mundo que se espantan de otros porque no se ven a s\u00ed mismos!\u201d<\/span><\/p>\n<p style=\"text-align: justify;\"><span style=\"font-family: arial, helvetica, sans-serif; font-size: 14pt;\">LAZARILLO DE TORMES, 1554.<\/span><\/p>\n<p style=\"text-align: justify;\"><span style=\"font-family: arial, helvetica, sans-serif; font-size: 14pt;\">\u201cNo juzgu\u00e9is a los dem\u00e1s, si quer\u00e9is no ser juzgados. Porque con el mismo juicio que juzgareis, hab\u00e9is de ser juzgados; y con la misma medida con que midiereis, ser\u00e9is medidos vosotros.<\/span><\/p>\n<p style=\"text-align: justify;\"><span style=\"font-family: arial, helvetica, sans-serif; font-size: 14pt;\">Mas t\u00fa, \u00bfcon qu\u00e9 cara te pones a mirar la mota en el ojo de tu hermano, y no reparas en la viga que est\u00e1 dentro del tuyo? O \u00bfc\u00f3mo dices a tu hermano: Deja que yo saque esa pajita de tu ojo, mientras t\u00fa mismo tienes una viga en el tuyo?<\/span><\/p>\n<p style=\"text-align: justify;\"><span style=\"font-family: arial, helvetica, sans-serif; font-size: 14pt;\">\u00a1Hip\u00f3crita!, saca primero la viga de tu propio ojo, y entonces ver\u00e1s bien para sacar la paja del ojo de tu hermano\u201d.<\/span><\/p>\n<p style=\"text-align: justify;\"><span style=\"font-family: arial, helvetica, sans-serif; font-size: 14pt;\">JES\u00daS DE NAZARET, Mateo, cap\u00edtulo 7.<\/span><\/p>\n<p style=\"text-align: center;\"><span style=\"font-family: arial, helvetica, sans-serif; font-size: 14pt;\">* * * * * * *<\/span><\/p>\n<p style=\"text-align: justify;\"><span style=\"font-family: arial, helvetica, sans-serif; font-size: 14pt;\">Bienvenidos al futuro, en el que el pasado es lo \u00fanico relevante. La convivencia, la igualdad, son inventos fascistas. El verdadero progreso consiste en avanzar hacia el pasado, hasta cuando no hab\u00eda fascistas, s\u00f3lo Blut und Boden, sangre y tierra. Las nuestras, no las de los dem\u00e1s. Para progresar, debemos ense\u00f1ar a nuestros hijos a glorificar de nuevo nuestras antiguas tradiciones.<\/span><\/p>\n<p style=\"text-align: justify;\"><span style=\"font-family: arial, helvetica, sans-serif; font-size: 14pt;\">\u201c<em>Como consecuencia, el aprendizaje no puede avanzar. La verdad ya ha sido descrita para siempre, y lo \u00fanico que podemos hacer es seguir interpretando su opaco mensaje<\/em>\u201d.<\/span><\/p>\n<p style=\"text-align: justify;\"><span style=\"font-family: arial, helvetica, sans-serif; font-size: 14pt;\">El mundo moderno, racional, es un enga\u00f1o. El progreso es sencillamente la superficie de una \u201cnueva\u201d ideolog\u00eda basada en tradiciones cada vez m\u00e1s opacas: Sangre pura y tierra libre. Volver\u00e1n banderas victoriosas al paso alegre de la paz. Esta vez las nuestras. Empieza a anochecer, and I feel fine.<\/span><\/p>\n<p style=\"text-align: justify;\"><span style=\"font-family: arial, helvetica, sans-serif; font-size: 14pt;\">En el pasado \u00e9ramos libres. \u00c9ramos h\u00e9roes. Despu\u00e9s fuimos conquistados y nos robaron nuestras gloriosas tradiciones. Por eso ahora somos mediocres. La culpa es de los que nos intentan vender el futuro sin nuestro pasado. El futuro sin nuestro glorioso pasado es\u2026 \u00bfqu\u00e9 es? La culpa nunca puede ser nuestra. Nuestro pasado es la \u00fanica verdad. El pasado de los dem\u00e1s es fascista, como el futuro. No te dejes enga\u00f1ar.<\/span><\/p>\n<p style=\"text-align: justify;\"><span style=\"font-family: arial, helvetica, sans-serif; font-size: 14pt;\">\u201c<em>Dado que la acci\u00f3n es bella en s\u00ed, se debe tomar antes de la, o sin, reflexi\u00f3n. Pensar es una forma de emasculaci\u00f3n. Por eso, la cultura es sospechosa, porque se identifica con actitudes cr\u00edticas<\/em>\u201d.<\/span><\/p>\n<p style=\"text-align: justify;\"><span style=\"font-family: arial, helvetica, sans-serif; font-size: 14pt;\">No te f\u00edes de los intelectuales que promueven un futuro sin tradici\u00f3n. La tradici\u00f3n es el futuro. No hay otro. Tenemos un problema sint\u00e1ctico. Sem\u00e1ntico. Afortunadamente, nada que un poco de p\u00f3lvora y metralla no puedan curar. El problema nace de las acequias, pero no de las nuestras, de las de los otros. Nuestra ignorancia no es el problema. Nuestra ignorancia es la soluci\u00f3n final.<\/span><\/p>\n<p style=\"text-align: justify;\"><span style=\"font-family: arial, helvetica, sans-serif; font-size: 14pt;\">Sufres de humillaci\u00f3n pol\u00edtica. Te est\u00e1n tomando el pelo. Te est\u00e1n robando el dinero. Te odian y te desprecian. Viven de tu sangre y de tu tierra. S\u00f3lo pides justicia. Que se respete tu tradici\u00f3n gloriosa, generosa, pac\u00edfica. O de lo contrario\u2026<\/span><\/p>\n<p style=\"text-align: justify;\"><span style=\"font-family: arial, helvetica, sans-serif; font-size: 14pt;\">\u201c<em>El fascismo de ma\u00f1ana encontrar\u00e1 su audiencia en esta nueva mayor\u00eda<\/em>\u201d.<\/span><\/p>\n<p style=\"text-align: justify;\"><span style=\"font-family: arial, helvetica, sans-serif; font-size: 14pt;\">La verdadera identidad es la antigua identidad perfecta, es la ausencia de la futura identidad individual, personal, global. La identidad robotizada es la diversidad absoluta. Tu tambi\u00e9n puedes ser un h\u00e9roe. \u00a1Loor a los h\u00e9roes! Nosotros te diremos c\u00f3mo puedes ser un h\u00e9roe. Los que no son h\u00e9roes son fascistas.<\/span><\/p>\n<p style=\"text-align: justify;\"><span style=\"font-family: arial, helvetica, sans-serif; font-size: 14pt;\">T\u00fa solo no puedes luchar contra los fascistas. Los individuos no tienen derechos. Los derechos los tienen \u201clos pueblos\u201d, la sangre, la tierra. Tus l\u00edderes te lo interpretar\u00e1n, no padezcas. No pienses. Pensar es colaborar con el enemigo.<\/span><\/p>\n<p style=\"text-align: justify;\"><span style=\"font-family: arial, helvetica, sans-serif; font-size: 14pt;\">Cuando tus l\u00edderes te dicen que la constituci\u00f3n no funciona, que el parlamento es un enga\u00f1o, que tus vecinos son tus enemigos y son fascistas, te est\u00e1n avisando a tiempo. Te est\u00e1n haciendo un favor. Porque te quieren. Porque eres uno de ellos. Te est\u00e1n indicando el glorioso nuevo camino hacia el pasado futuro, por tu propio bien. Tus l\u00edderes jam\u00e1s te enga\u00f1ar\u00edan. Una sangre, una tierra, una identidad. \u00a1Viva la libertad!<\/span><\/p>\n<p style=\"text-align: justify;\"><span style=\"font-family: arial, helvetica, sans-serif; font-size: 14pt;\">(Citas: Umberto Eco, \u201cEternal Fascism: Fourteen Ways of Looking at a Blackshirt\u201d, New York Review of Books, 22 junio 1995, pp.12-15). AUTOR: \u201cLinux\u201d.<\/span><\/p>\n<\/blockquote>\n<p style=\"text-align: center;\"><span style=\"font-family: arial, helvetica, sans-serif; font-size: 14pt;\">*******<\/span><\/p>\n<h1 style=\"text-align: justify;\"><span style=\"font-family: arial, helvetica, sans-serif; font-size: 14pt;\"><strong>GEORGE WASHINGTON Y EL CEREZO<\/strong><\/span><\/h1>\n<h1 style=\"text-align: justify;\"><span style=\"font-family: arial, helvetica, sans-serif; font-size: 14pt;\"><em>\u00a0Adaptaci\u00f3n de un texto de J. Berg Esenwein y Marietta Stockard <\/em><\/span><\/h1>\n<p style=\"text-align: justify;\"><span style=\"font-family: arial, helvetica, sans-serif; font-size: 14pt;\">\u00a0NOTA: <em>La an\u00e9cdota de la tala del cerezo es muy famosa en los Estados Unidos. Se public\u00f3 por primera vez en 1806, en la quinta edici\u00f3n de la imaginativa biograf\u00eda de Washington redactada por Mason Lock Weems. He aqu\u00ed una versi\u00f3n de principios del siglo veinte.<\/em><\/span><\/p>\n<p style=\"text-align: justify;\"><span style=\"font-family: arial, helvetica, sans-serif; font-size: 14pt;\"><a href=\"https:\/\/puntocritico.com\/ausajpuntocritico\/wp-content\/uploads\/2017\/05\/GWcerezo_1.jpg\" rel=\"lightbox[2563]\"><img loading=\"lazy\" decoding=\"async\" class=\"size-full wp-image-2566 alignleft\" src=\"https:\/\/puntocritico.com\/ausajpuntocritico\/wp-content\/uploads\/2017\/05\/GWcerezo_1.jpg\" alt=\"\" width=\"295\" height=\"461\" srcset=\"https:\/\/puntocritico.com\/ausajpuntocritico\/wp-content\/uploads\/2017\/05\/GWcerezo_1.jpg 295w, https:\/\/puntocritico.com\/ausajpuntocritico\/wp-content\/uploads\/2017\/05\/GWcerezo_1-192x300.jpg 192w\" sizes=\"auto, (max-width: 295px) 100vw, 295px\" \/><\/a>Cuando George Washington era ni\u00f1o viv\u00eda en una granja de Virginia. Su padre le ense\u00f1\u00f3 a cabalgar, y sol\u00eda llevar al joven George por la granja para que su hijo aprendiera a cuidar de los campos, los caballos y las reses. El se\u00f1or Washington hab\u00eda plantado un huerto de \u00e1rboles frutales. Hab\u00eda manzanos, durazneros, perales, ciruelos y cerezos. Una vez le enviaron un bonito cerezo desde allende el oc\u00e9ano, y el se\u00f1or Washington lo plant\u00f3 en la linde del huerto. Pidi\u00f3 a toda la gente de la granja que lo observara atentamente para cerciorarse de que no sufriera el menor da\u00f1o. Creci\u00f3 bien y una primavera se cubri\u00f3 de capullos blancos. Al se\u00f1or Washington le complac\u00eda saber que pronto tendr\u00eda cerezas de ese \u00e1rbol. En esa \u00e9poca le dieron a George un hacha nueva y lustrosa. George se puso a hachar ramas, cercas, todo lo que encontraba. Al fin lleg\u00f3 a la linde del huerto, y pensando s\u00f3lo en su magn\u00edfica hacha, asest\u00f3 un golpe al peque\u00f1o cerezo. La corteza era tan blanda que George derrib\u00f3 el \u00e1rbol, y luego continu\u00f3 jugando. Esa noche, cuando el se\u00f1or Washington regres\u00f3 de su inspecci\u00f3n de la granja, envi\u00f3 el caballo al establo y fue hasta el huerto para mirar el cerezo. Se qued\u00f3 at\u00f3nito al ver que lo hab\u00edan talado. \u00bfQui\u00e9n se habr\u00eda atrevido a hacer semejante cosa? Pregunt\u00f3 a todo el mundo, pero nadie le daba explicaciones. En ese momento pas\u00f3 George. -George -llam\u00f3 su padre con voz col\u00e9rica-, \u00bfsabes qui\u00e9n mat\u00f3 mi cerezo? Era una pregunta dif\u00edcil, y George titube\u00f3 un instante, pero pronto se recobr\u00f3. No puedo mentir, padre. Lo hice yo, con mi hacha. El se\u00f1or Washington mir\u00f3 a George. El ni\u00f1o estaba p\u00e1lido, pero miraba al padre a los ojos. -Entra en la casa, hijo -dijo severamente el se\u00f1or Washington. George fue a la biblioteca y aguard\u00f3 a su padre. Estaba triste y avergonzado. Sab\u00eda que hab\u00eda sido necio y desconsiderado y que su padre ten\u00eda buenas razones para estar disgustado. Pronto el se\u00f1or Washington entr\u00f3 en la habitaci\u00f3n. -Ven aqu\u00ed, hijo m\u00edo. George se acerc\u00f3 a su padre. El se\u00f1or Washington lo mir\u00f3 de hito en hito. -Dime, hijo, \u00bfpor qu\u00e9 talaste el \u00e1rbol? -Yo estaba jugando y no pens\u00e9&#8230; -tartamude\u00f3 George. -Y ahora el \u00e1rbol morir\u00e1. Nunca nos dar\u00e1 cerezas. Pero, peor a\u00fan, no supiste cuidar de ese \u00e1rbol cuando yo te hab\u00eda pedido que lo hicieras. George agach\u00f3 la cabeza, las mejillas rojas de verg\u00fcenza. -Lo lamento, padre -dijo.<\/span><\/p>\n<p style=\"text-align: justify;\"><span style=\"font-family: arial, helvetica, sans-serif; font-size: 14pt;\">El se\u00f1or Washington apoy\u00f3 la mano en el hombro del hijo. -M\u00edrame -dijo-, lamento haber perdido el cerezo, pero me alegra que hayas tenido el valor de decir la verdad. Prefiero que seas franco y valiente a tener un huerto entero con los mejores \u00e1rboles. Nunca lo olvides, hijo m\u00edo. George Washington nunca lo olvid\u00f3. Hasta el final de su vida fue tan valiente y honorable como ese d\u00eda de su infancia.<\/span><\/p>\n","protected":false},"excerpt":{"rendered":"<div class=\"mh-excerpt\"><p>\u201cMi madre y un hombre negro, de aquellos que las bestias cuidaban, tuvieron trato carnal. \u00c9ste algunas veces ven\u00eda a nuestra casa y se iba por la ma\u00f1ana. Otras veces, de d\u00eda llegaba a la <a class=\"mh-excerpt-more\" href=\"https:\/\/puntocritico.com\/ausajpuntocritico\/2017\/05\/20\/george-washington-y-el-cerezo-no-puedo-mentir-padre-adaptacion-de-un-texto-de-j-berg-esenwein-y-marietta-stockard\/\" title=\"GEORGE WASHINGTON Y EL CEREZO: \u201cNO PUEDO MENTIR, PADRE\u201d. Adaptaci\u00f3n de un texto de J. Berg Esenwein y Marietta Stockard\">[&#8230;]<\/a><\/p>\n<\/div>","protected":false},"author":3,"featured_media":2569,"comment_status":"open","ping_status":"closed","sticky":false,"template":"","format":"standard","meta":{"_acf_changed":false,"_exactmetrics_skip_tracking":false,"_exactmetrics_sitenote_active":false,"_exactmetrics_sitenote_note":"","_exactmetrics_sitenote_category":0,"footnotes":""},"categories":[10],"tags":[],"class_list":{"0":"post-2563","1":"post","2":"type-post","3":"status-publish","4":"format-standard","5":"has-post-thumbnail","7":"category-miscelanea"},"acf":[],"_links":{"self":[{"href":"https:\/\/puntocritico.com\/ausajpuntocritico\/wp-json\/wp\/v2\/posts\/2563","targetHints":{"allow":["GET"]}}],"collection":[{"href":"https:\/\/puntocritico.com\/ausajpuntocritico\/wp-json\/wp\/v2\/posts"}],"about":[{"href":"https:\/\/puntocritico.com\/ausajpuntocritico\/wp-json\/wp\/v2\/types\/post"}],"author":[{"embeddable":true,"href":"https:\/\/puntocritico.com\/ausajpuntocritico\/wp-json\/wp\/v2\/users\/3"}],"replies":[{"embeddable":true,"href":"https:\/\/puntocritico.com\/ausajpuntocritico\/wp-json\/wp\/v2\/comments?post=2563"}],"version-history":[{"count":0,"href":"https:\/\/puntocritico.com\/ausajpuntocritico\/wp-json\/wp\/v2\/posts\/2563\/revisions"}],"wp:featuredmedia":[{"embeddable":true,"href":"https:\/\/puntocritico.com\/ausajpuntocritico\/wp-json\/wp\/v2\/media\/2569"}],"wp:attachment":[{"href":"https:\/\/puntocritico.com\/ausajpuntocritico\/wp-json\/wp\/v2\/media?parent=2563"}],"wp:term":[{"taxonomy":"category","embeddable":true,"href":"https:\/\/puntocritico.com\/ausajpuntocritico\/wp-json\/wp\/v2\/categories?post=2563"},{"taxonomy":"post_tag","embeddable":true,"href":"https:\/\/puntocritico.com\/ausajpuntocritico\/wp-json\/wp\/v2\/tags?post=2563"}],"curies":[{"name":"wp","href":"https:\/\/api.w.org\/{rel}","templated":true}]}}