{"id":24484,"date":"2019-11-27T00:05:46","date_gmt":"2019-11-26T23:05:46","guid":{"rendered":"https:\/\/puntocritico.com\/ausajpuntocritico\/?p=24484"},"modified":"2019-11-27T00:42:33","modified_gmt":"2019-11-26T23:42:33","slug":"sareb-anatomia-de-un-desfalco-por-manuel-gabarre-de-sus","status":"publish","type":"post","link":"https:\/\/puntocritico.com\/ausajpuntocritico\/2019\/11\/27\/sareb-anatomia-de-un-desfalco-por-manuel-gabarre-de-sus\/","title":{"rendered":"\u00abSAREB: anatom\u00eda de un desfalco\u00bb, por Manuel Gabarre de Sus"},"content":{"rendered":"<blockquote>\n<p style=\"text-align: center;\"><span style=\"font-size: 24pt;\"><strong>La enfermedad de la angustia<\/strong><\/span><\/p>\n<p><span style=\"font-size: 14pt;\">Por Ren\u00e9 Gu\u00e9non<\/span><\/p>\n<p style=\"text-align: justify;\"><span style=\"font-size: 14pt;\">\u00abAlgunos, como hemos dicho, no se limitan a hablar de \u00abinquietud\u00bb, sino que llegan incluso a hablar de \u00abangustia\u00bb, lo que es a\u00fan m\u00e1s grave, y expresa una actitud quiz\u00e1 m\u00e1s claramente antimetaf\u00edsica si es posible. Por otro lado, ambos sentimientos est\u00e1n m\u00e1s o menos conectados entre s\u00ed, ya que ambos tienen a la ignorancia como com\u00fan ra\u00edz. La angustia, en efecto, no es sino una forma extrema y por as\u00ed decir \u00abcr\u00f3nica\u00bb del miedo; ahora bien, el hombre es naturalmente llevado a sufrir miedo ante lo que no conoce o no comprende, y este miedo se convierte en un obst\u00e1culo que le impide vencer la ignorancia, pues le obliga a huir del objeto en presencia del cual la comprueba y al cual atribuye la causa, cuando en realidad esta causa no est\u00e1 sin embargo m\u00e1s que en s\u00ed mismo. Esta reacci\u00f3n negativa muy a menudo es seguida de un verdadero odio respecto de lo desconocido, sobre todo si se tiene la impresi\u00f3n m\u00e1s o menos confusa de que eso desconocido es algo que supera sus actuales posibilidades de comprensi\u00f3n.<\/span><\/p>\n<p style=\"text-align: justify;\"><span style=\"font-size: 14pt;\">Si no obstante la ignorancia pudiera disiparse, el miedo se desvanecer\u00eda por s\u00ed mismo, como se ve en el caso de la cuerda que se piensa que es una serpiente. El miedo, y en consecuencia la angustia que no es sino un caso particular suyo, es pues incompatible con el conocimiento, y si el miedo llegara a tal grado que fuera verdaderamente invencible, el conocimiento ser\u00eda entonces imposible, incluso en ausencia de todo otro impedimento inherente a la naturaleza del individuo. En este sentido, se podr\u00eda entonces hablar de una \u00abangustia metaf\u00edsica\u00bb, que desempe\u00f1ara en cierto modo el papel de un verdadero \u00abguardi\u00e1n del umbral\u00bb, seg\u00fan la expresi\u00f3n de los hermetistas, prohibiendo al hombre el acceso al dominio del conocimiento metaf\u00edsico.<\/span><\/p>\n<p style=\"text-align: justify;\"><span style=\"font-size: 14pt;\">Todav\u00eda sin embargo es necesario explicar m\u00e1s completamente c\u00f3mo el miedo deriva de la ignorancia, tanto m\u00e1s cuanto que hemos tenido recientemente la ocasi\u00f3n de constatar un error bastante sorprendente: hemos visto atribuir el origen del miedo a un sentimiento de soledad, y ello en una exposici\u00f3n que se basaba en la doctrina ved\u00e1ntica, precisamente cuando esta doctrina ense\u00f1a expresamente que el miedo es debido al sentimiento de la dualidad; y en verdad, si un ser estuviera realmente solo, \u00bfde qu\u00e9 podr\u00eda tener miedo? Se dir\u00e1 quiz\u00e1s que podr\u00eda tener miedo de algo que hubiera en s\u00ed mismo; pero esto implica la existencia en \u00e9l, en su condici\u00f3n actual, de elementos que escapan a su propia comprensi\u00f3n, y en consecuencia de una multiplicidad no unificada. El hecho de que se encuentre o no aislado, no cambia por otra parte nada y no interviene en modo alguno en semejante caso. Por otro lado, no se puede invocar v\u00e1lidamente, en favor de esta explicaci\u00f3n por la soledad, el miedo instintivo que sufre en la obscuridad mucha gente, y especialmente los ni\u00f1os; este miedo se debe en realidad a la idea de que puede haber en la obscuridad algo que no se ve, luego algo que no se conoce, y que es temible por esta misma raz\u00f3n; si por el contrario la obscuridad fuera considerada como vac\u00eda de toda presencia desconocida, el miedo no tendr\u00eda objeto y no se producir\u00eda.<\/span><\/p>\n<p style=\"text-align: justify;\"><span style=\"font-size: 14pt;\">Lo cierto es que el ser que padece miedo busca la soledad, pero precisamente para substraerse del miedo; adopta una actitud negativa y se \u00abretracta\u00bb como para evitar todo contacto posible con lo que teme, y de all\u00ed proviene sin duda la sensaci\u00f3n de fr\u00edo y los dem\u00e1s s\u00edntomas fisiol\u00f3gicos que acompa\u00f1an habitualmente al miedo. Sin embargo esta forma de defensa irreflexiva es ineficaz, pues no deja de ser evidente que, haga lo que haga una persona, no puede aislarse realmente del medio en el cual est\u00e1 situado por sus propias condiciones de existencia contingente, y en tanto se considere como rodeado por un \u00abmundo exterior\u00bb, le es imposible estar enteramente al abrigo de su alcance. La causa del miedo no es otra que la existencia de otros seres, que, en tanto que son otros, constituyen ese \u00abmundo exterior\u00bb, o de elementos que, aunque incorporados al propio ser, no son menos extra\u00f1os y \u00bbexteriores\u00bb a su conciencia actual. Pero \u00abel otro\u00bb como tal no existe sino por efecto de la ignorancia, puesto que todo conocimiento implica esencialmente una identificaci\u00f3n. Se puede decir entonces que m\u00e1s un ser conoce, menos existe para \u00e9l lo \u00abotro\u00bb y lo \u00abexterior\u00bb, y en igual medida, la posibilidad del miedo, posibilidad por otra parte totalmente negativa, que queda abolida por el conocimiento.<\/span><\/p>\n<p style=\"text-align: justify;\"><span style=\"font-size: 14pt;\">Finalmente, digamos que el estado de \u00absoledad\u00bb absoluta (kaivalya), que est\u00e1 m\u00e1s all\u00e1 de toda contingencia, es un estado de pura impasibilidad. Se\u00f1alemos de pasada, a prop\u00f3sito de esto, que la \u00abataraxia\u00bb (impasibilidad) estoica es concepci\u00f3n deformada de tal estado, pues pretende aplicarse a un ser que en realidad est\u00e1 todav\u00eda sometido a las contingencias, lo cual es contradictorio; esforzarse en tratar las cosas exteriores como indiferentes, tanto como se pueda en la condici\u00f3n individual, puede constituir una especie de ejercicio preparatorio con miras a la \u00abliberaci\u00f3n\u00bb, pero nada m\u00e1s, pues, para el ser que est\u00e1 verdaderamente \u00abliberado\u00bb, no hay nada exterior. Tal ejercicio podr\u00eda en suma considerarse como equivalente de lo que, en las \u00abpruebas\u00bb inici\u00e1ticas, expresa bajo una u otra forma la necesidad de superar en principio el miedo para alcanzar el conocimiento, el cual a su vez har\u00e1 imposible el miedo, puesto que no habr\u00e1 nada entonces por lo que el ser pueda verse afectado\u00ab.\u00a0<\/span><\/p>\n<\/blockquote>\n<p style=\"text-align: center;\"><strong><span style=\"color: #008000; font-size: 18pt;\">\u00a0<span style=\"font-size: 14pt;\">\u2666\u2666\u2666\u2666\u2666<\/span><\/span><\/strong><\/p>\n<p>&nbsp;<\/p>\n<p><img loading=\"lazy\" decoding=\"async\" class=\"aligncenter wp-image-24487\" src=\"https:\/\/puntocritico.com\/ausajpuntocritico\/wp-content\/uploads\/2019\/11\/desfalco-OK.jpg\" alt=\"\" width=\"420\" height=\"285\" data-id=\"24487\" \/><\/p>\n<h1>\u00a0<\/h1>\n<h1 style=\"text-align: center;\">Sareb: anatom\u00eda de un desfalco<\/h1>\n<div class=\"subtitulo\" style=\"text-align: center;\"><strong><em><span style=\"font-size: 18pt;\">250.000 viviendas sufragadas con dinero p\u00fablico terminar\u00e1n en manos de fondos de inversi\u00f3n dejando adem\u00e1s una enorme deuda que ser\u00e1 asumida por el Estado<\/span><\/em><\/strong><\/div>\n<p style=\"text-align: justify;\"><span style=\"font-size: 14pt;\">Por\u00a0<\/span>MANUEL GABARRE DE SUS<\/p>\n<p><a href=\"https:\/\/ctxt.es\/es\/20191113\/Politica\/29577\/Manuel-Gabarre-de-Sus-Sareb-Consejo-Europeo-FROB.htm\" target=\"_blank\" rel=\"noopener\">CTXT<\/a><\/p>\n<p>&nbsp;<\/p>\n<figure id=\"attachment_24491\" aria-describedby=\"caption-attachment-24491\" style=\"width: 800px\" class=\"wp-caption aligncenter\"><img loading=\"lazy\" decoding=\"async\" class=\"size-full wp-image-24491\" src=\"https:\/\/puntocritico.com\/ausajpuntocritico\/wp-content\/uploads\/2019\/11\/Bloques-de-viviendas-sin-terminar-en-Sese\u00f1a..jpg\" alt=\"\" width=\"800\" height=\"533\" data-id=\"24491\" srcset=\"https:\/\/puntocritico.com\/ausajpuntocritico\/wp-content\/uploads\/2019\/11\/Bloques-de-viviendas-sin-terminar-en-Sese\u00f1a..jpg 800w, https:\/\/puntocritico.com\/ausajpuntocritico\/wp-content\/uploads\/2019\/11\/Bloques-de-viviendas-sin-terminar-en-Sese\u00f1a.-300x200.jpg 300w, https:\/\/puntocritico.com\/ausajpuntocritico\/wp-content\/uploads\/2019\/11\/Bloques-de-viviendas-sin-terminar-en-Sese\u00f1a.-768x512.jpg 768w\" sizes=\"auto, (max-width: 800px) 100vw, 800px\" \/><figcaption id=\"caption-attachment-24491\" class=\"wp-caption-text\"><span style=\"color: #008000; font-size: 12pt;\">Bloques de viviendas sin terminar en Sese\u00f1a. <span style=\"font-size: 10pt;\">GABRI SOLERA<\/span><\/span><\/figcaption><\/figure>\n<p style=\"text-align: justify;\">\u00a0<\/p>\n<p style=\"text-align: right;\" align=\"right\"><span style=\"font-size: 14pt;\"><em>\u201cEl banco malo nunca supondr\u00e1 costes para los contribuyentes\u201d.<br \/>\n<\/em><span style=\"font-size: 12pt;\">Luis de Guindos<\/span><\/span><\/p>\n<p style=\"text-align: justify;\"><span style=\"font-size: 14pt;\"><strong>Los antecedentes<\/strong><\/span><\/p>\n<p style=\"text-align: justify;\"><span style=\"font-size: 14pt;\">El Estado adquiri\u00f3 el patrimonio inmobiliario de las cajas de ahorros y de los bancos quebrados para rescatar al sistema financiero. Fue as\u00ed tambi\u00e9n como se hizo con el mayor n\u00famero de viviendas y de solares que haya tenido nunca. Sin embargo, el Estado ha eludido su condici\u00f3n de garante de lo p\u00fablico y ha malvendido este patrimonio a trav\u00e9s de Sareb, que tambi\u00e9n es conocida como el banco malo.\u00a0<\/span><\/p>\n<p style=\"text-align: justify;\"><span style=\"font-size: 14pt;\">Sareb es la parte central de un entramado jur\u00eddico creado para distraer la atenci\u00f3n del ciudadano sobre la privatizaci\u00f3n encubierta de decenas de miles de solares y de viviendas. A Sareb se le ha llamado el banco malo con el \u00e1nimo de confundir a la sociedad. En realidad, su naturaleza no tiene nada que ver con la de un banco. Simplemente se trata de una compa\u00f1\u00eda propietaria de bienes inmobiliarios que adem\u00e1s se encarga de su gesti\u00f3n.\u00a0 Aunque haya pasado desapercibido, el fundamento de Sareb es algo tan simple como \u201ccoge el dinero y escapa antes de que se den cuenta\u201d.<\/span><\/p>\n<p>&nbsp;<\/p>\n<p><img loading=\"lazy\" decoding=\"async\" class=\"aligncenter size-full wp-image-24489\" src=\"https:\/\/puntocritico.com\/ausajpuntocritico\/wp-content\/uploads\/2019\/11\/0D5.jpg\" alt=\"\" width=\"300\" height=\"339\" data-id=\"24489\" srcset=\"https:\/\/puntocritico.com\/ausajpuntocritico\/wp-content\/uploads\/2019\/11\/0D5.jpg 300w, https:\/\/puntocritico.com\/ausajpuntocritico\/wp-content\/uploads\/2019\/11\/0D5-265x300.jpg 265w\" sizes=\"auto, (max-width: 300px) 100vw, 300px\" \/><\/p>\n<p>&nbsp;<\/p>\n<p style=\"text-align: justify;\"><span style=\"font-size: 14pt;\"><strong>\u00bfQu\u00e9 es Sareb?<\/strong><\/span><\/p>\n<p style=\"text-align: justify;\"><span style=\"font-size: 14pt;\">La\u00a0Sociedad de Gesti\u00f3n de Activos procedentes de la Reestructuraci\u00f3n Bancaria (SAREB) fue creada por el Estado y por el Consejo Europeo. Aunque Sareb es una entidad con una finalidad y con una financiaci\u00f3n p\u00fablica, est\u00e1 gestionada por entidades privadas.\u00a0<\/span><\/p>\n<p style=\"text-align: justify;\"><span style=\"font-size: 14pt;\">La finalidad de Sareb era la de actuar como un cortafuegos, hecho de dinero p\u00fablico, con el prop\u00f3sito de evitar que la crisis espa\u00f1ola se propagase por toda Europa. Este peligro proven\u00eda de que los bancos se encontraban fuertemente endeudados entre s\u00ed. Si entidades importantes como Bankia o Catalunya Banc no hubiesen devuelto los pr\u00e9stamos que hab\u00edan recibido de otros bancos europeos, tambi\u00e9n los podr\u00edan haber arrastrado a la quiebra. En realidad, el sistema bancario funciona como un castillo de naipes en el que la quiebra de una entidad importante puede provocar el desmoronamiento de todo el sistema financiero.<\/span><\/p>\n<p style=\"text-align: justify;\"><span style=\"font-size: 14pt;\">Debido al riesgo de contagio, el Consejo Europeo prest\u00f3 m\u00e1s de 50.000 millones de euros al Estado espa\u00f1ol con la obligaci\u00f3n de que los emplease en pagar las deudas que estas entidades arruinadas ten\u00edan con otras entidades financieras.\u00a0<\/span><\/p>\n<p style=\"text-align: justify;\"><span style=\"font-size: 14pt;\">Sin embargo, esta operaci\u00f3n todav\u00eda no ha sido contabilizada dentro de las ayudas p\u00fablicas a la banca. Sareb fue constituida a finales de 2012 con un capital de\u00a0 4.800 millones de euros. M\u00e1s de la mitad de este capital era de origen privado (55%) y el resto era de origen p\u00fablico (45%). Pero la cuesti\u00f3n central es que Sareb iba a recibir un pr\u00e9stamo de m\u00e1s de 50.000 millones de euros por parte de la Uni\u00f3n Europea.<\/span><\/p>\n<p style=\"text-align: justify;\"><span style=\"font-size: 14pt;\">El capital p\u00fablico fue aportado a trav\u00e9s del FROB. Hay que recordar que, adem\u00e1s de las intervenciones a trav\u00e9s de Sareb que se tratan en este art\u00edculo, el FROB ha socorrido a la banca sufriendo p\u00e9rdidas que podr\u00edan alcanzar los 50.000 millones de euros. Por su parte, el capital privado vino aportado por las entidades financieras, quienes, por otro lado, compensar\u00edan parte de las p\u00e9rdidas soportadas con los servicios que iban a prestar a Sareb.<\/span><\/p>\n<p style=\"text-align: justify;\"><span style=\"font-size: 14pt;\"><strong>\u00bfC\u00f3mo estaba previsto que Sareb devolviese el pr\u00e9stamo que le hab\u00eda concedido la Uni\u00f3n Europea?<\/strong><\/span><\/p>\n<p style=\"text-align: justify;\"><span style=\"font-size: 14pt;\">Hay que tener en cuenta que los fondos aportados a Sareb por el Estado a trav\u00e9s del FROB y por las entidades financieras supon\u00edan menos de una d\u00e9cima parte del importe del pr\u00e9stamo que esta hab\u00eda contra\u00eddo. Adem\u00e1s, estaba previsto que el negocio fuese ruinoso. La finalidad de Sareb consist\u00eda en comprar bienes inmobiliarios para despu\u00e9s tratar de revenderlos a fondos buitre por un precio mucho menor del que se hab\u00eda pagado.\u00a0<\/span><\/p>\n<p style=\"text-align: justify;\"><span style=\"font-size: 14pt;\">Lo que sucede en realidad es que todos los implicados en la constituci\u00f3n de Sareb eran conscientes de que esta entidad no iba a ser capaz de devolver el pr\u00e9stamo y sab\u00edan que el Estado ser\u00eda quien finalmente asumir\u00eda la mayor parte de su coste. La obligaci\u00f3n de que el sector p\u00fablico sea quien finalmente deba asumir la devoluci\u00f3n del pr\u00e9stamo proviene de la imposici\u00f3n del Consejo Europeo, que oblig\u00f3 al Estado espa\u00f1ol avalar la deuda de Sareb durante el ataque especulativo que tuvo lugar en el verano de 2012, en el que la prima de riesgo se convirti\u00f3 en la protagonista de la agenda medi\u00e1tica.<\/span><\/p>\n<p style=\"text-align: justify;\"><span style=\"font-size: 14pt;\">Por otro lado, Sareb se cre\u00f3 con un plazo de duraci\u00f3n de quince a\u00f1os. Por eso tambi\u00e9n, desde 2013 se est\u00e1 deshaciendo vertiginosamente de sus bienes en un proceso de venta totalmente opaco. Pero, cuando ya no queden bienes que vender y Sareb no pueda afrontar las cuotas pr\u00e9stamo, se ejecutar\u00e1 el aval. As\u00ed es como el Estado deber\u00e1 correr con la parte del pr\u00e9stamo que no se haya devuelto. En definitiva, es la sociedad espa\u00f1ola la que finalmente se har\u00e1 cargo de la deuda de Sareb a trav\u00e9s de los impuestos.<\/span><\/p>\n<p style=\"text-align: justify;\"><span style=\"font-size: 14pt;\"><strong>\u00bfPor qu\u00e9 se decidi\u00f3 que Sareb fuese gestionada de manera privada?<\/strong><\/span><\/p>\n<p style=\"text-align: justify;\"><span style=\"font-size: 14pt;\">Existen varios motivos. Uno de ellos es que su deuda no ha sido todav\u00eda contabilizada como deuda p\u00fablica porque el Estado posee menos de la mitad de su capital y porque los avales p\u00fablicos no se computan como deuda hasta su ejecuci\u00f3n.\u00a0<\/span><\/p>\n<p style=\"text-align: justify;\"><span style=\"font-size: 14pt;\">Adem\u00e1s, debido a que Sareb fue configurada como una entidad privada, se han podido evitar todos los controles de la administraci\u00f3n p\u00fablica y los procedimientos administrativos para vender sus bienes. De esta manera, Sareb ha podido deshacerse con total opacidad del mayor patrimonio de vivienda p\u00fablica que haya tenido nunca el Estado. Por otro lado, al no ser una entidad p\u00fablica se evitan las garant\u00edas que exige la aplicaci\u00f3n de la legislaci\u00f3n de contratos del sector p\u00fablico. Entre ellas se encuentra la de vender las viviendas a quien haya hecho la mejor oferta.<\/span><\/p>\n<p>&nbsp;<\/p>\n<blockquote>\n<p style=\"text-align: center;\"><span style=\"font-size: 14pt; color: #008000;\">SAREB GAST\u00d3 50.782 MILLONES DE EUROS EN ADQUIRIR LOS ACTIVOS INMOBILIARIOS DE LAS ENTIDADES FINANCIERAS QUEBRADAS<\/span><\/p>\n<\/blockquote>\n<p>&nbsp;<\/p>\n<p style=\"text-align: justify;\"><span style=\"font-size: 14pt;\">En el fondo, la estrategia acordada por el gobierno de Espa\u00f1a con la Uni\u00f3n Europea consist\u00eda en que, a trav\u00e9s de Sareb, las entidades financieras quebradas se deshicieran de sus activos inmobiliarios mediante la venta masiva a fondos de inversi\u00f3n internacionales, que tambi\u00e9n son conocidos como fondos buitre. Las ventas se har\u00edan por una peque\u00f1a parte del coste que tuvieron estos activos para la banca. La diferencia entre el coste pagado por Sareb y el precio de venta a los fondos, es decir, la p\u00e9rdida, ser\u00eda asumida por el Estado espa\u00f1ol.\u00a0<\/span><\/p>\n<p style=\"text-align: justify;\">\u00a0<\/p>\n<p><img loading=\"lazy\" decoding=\"async\" class=\"aligncenter wp-image-24495 size-medium\" src=\"https:\/\/puntocritico.com\/ausajpuntocritico\/wp-content\/uploads\/2019\/11\/capitalismo-300x212.jpg\" alt=\"\" width=\"300\" height=\"212\" data-id=\"24495\" srcset=\"https:\/\/puntocritico.com\/ausajpuntocritico\/wp-content\/uploads\/2019\/11\/capitalismo-300x212.jpg 300w, https:\/\/puntocritico.com\/ausajpuntocritico\/wp-content\/uploads\/2019\/11\/capitalismo.jpg 600w\" sizes=\"auto, (max-width: 300px) 100vw, 300px\" \/><\/p>\n<p style=\"text-align: justify;\">\u00a0<\/p>\n<p style=\"text-align: justify;\"><span style=\"font-size: 14pt;\"><strong>\u00bfPara qu\u00e9 ha utilizado Sareb el pr\u00e9stamo que recibi\u00f3?<\/strong><\/span><\/p>\n<p style=\"text-align: justify;\"><span style=\"font-size: 14pt;\">Sareb gast\u00f3 50.782 millones de euros en adquirir los activos inmobiliarios de las entidades financieras quebradas. Sareb gast\u00f3 el 22% de esta cantidad en adjudicaciones de solares, pisos terminados en venta, pisos en alquiler y obras en curso. En total adquiri\u00f3 14.952 solares para edificar junto con 87.972 viviendas terminadas, que en algunos casos estaban sin alquilar y en otros estaban alquiladas. Estas viviendas proven\u00edan frecuentemente de desahucios.<\/span><\/p>\n<p style=\"text-align: justify;\"><span style=\"font-size: 14pt;\">El 78% restante lo gast\u00f3 en comprar los pr\u00e9stamos y los cr\u00e9ditos a promotores que estaban en poder de las entidades financieras que hab\u00edan quebrado. Estos tambi\u00e9n ten\u00edan normalmente viviendas o suelo como garant\u00eda, por lo que Sareb en realidad adquiri\u00f3 de esta manera decenas de miles de viviendas. No obstante, Sareb no ha publicado ni qu\u00e9 viviendas concretas adquiri\u00f3 como garant\u00eda ni tan siquiera el n\u00famero global de inmuebles.<\/span><\/p>\n<p style=\"text-align: justify;\"><span style=\"font-size: 14pt;\">Sin embargo, Caixabank (La Caixa), que es el segundo mayor accionista privado de Sareb, public\u00f3 un estudio llamado \u201cSareb: claves estrat\u00e9gicas\u201d en el que se hac\u00eda un an\u00e1lisis de los bienes de esta entidad. Tomando este estudio como base del c\u00e1lculo de los bienes adquiridos por Sareb, concluimos que Sareb adquiri\u00f3 257.136 viviendas que eran la garant\u00eda de los pr\u00e9stamos que compr\u00f3 y viviendas provenientes de subastas judiciales.<\/span><\/p>\n<p>&nbsp;<\/p>\n<p><img loading=\"lazy\" decoding=\"async\" class=\"aligncenter wp-image-24488 size-medium\" src=\"https:\/\/puntocritico.com\/ausajpuntocritico\/wp-content\/uploads\/2019\/11\/\u2026Y-sin-embargo-se-mueve-238x300.jpg\" alt=\"\" width=\"238\" height=\"300\" data-id=\"24488\" srcset=\"https:\/\/puntocritico.com\/ausajpuntocritico\/wp-content\/uploads\/2019\/11\/\u2026Y-sin-embargo-se-mueve-238x300.jpg 238w, https:\/\/puntocritico.com\/ausajpuntocritico\/wp-content\/uploads\/2019\/11\/\u2026Y-sin-embargo-se-mueve.jpg 600w\" sizes=\"auto, (max-width: 238px) 100vw, 238px\" \/><\/p>\n<p>&nbsp;<\/p>\n<p style=\"text-align: justify;\"><span style=\"font-size: 14pt;\"><strong>\u00bfC\u00f3mo funciona Sareb?<\/strong><\/span><\/p>\n<p style=\"text-align: justify;\"><span style=\"font-size: 14pt;\">En un principio los bienes de Sareb eran gestionados por las entidades financieras que le hab\u00edan traspasado sus activos inmobiliarios, aunque en 2014 Sareb abandon\u00f3 este modelo de gesti\u00f3n. A finales de aquel a\u00f1o Sareb adjudic\u00f3 el servicio de administraci\u00f3n, gesti\u00f3n y venta de sus activos a cuatro intermediarios en el marco de un plan general que denomin\u00f3 Proyecto \u00cdbero. Resultaron adjudicatarias de este servicio varias entidades vinculadas con el sector financiero: Haya Real Estate, Altamira Asset Management (Santander), Servihabitat (La Caixa) y Solvia (Banco de Sabadell).\u00a0<\/span><\/p>\n<p style=\"text-align: justify;\">\u00a0<\/p>\n<blockquote>\n<p style=\"text-align: center;\"><span style=\"font-size: 14pt; color: #008000;\">LA VENTA DE LOS BIENES DE SAREB SE HA ENCOMENDADA A LAS ENTIDADES QUE DISPONEN DEL MAYOR PODER DE INTERVENCI\u00d3N EN EL MERCADO INMOBILIARIO<\/span><\/p>\n<\/blockquote>\n<p style=\"text-align: justify;\">\u00a0<\/p>\n<p style=\"text-align: justify;\"><span style=\"font-size: 14pt;\">A estas cuatro entidades se les encomend\u00f3 la prestaci\u00f3n de estos servicios por un periodo de cinco a siete a\u00f1os, por lo que el vencimiento de los contratos se producir\u00eda entre 2019 y 2021. Las entidades a las que se les ha encargado la venta de los bienes de Sareb son los socios que hab\u00edan aportado la mayor parte de su capital privado: Santander, La Caixa y Banco Sabadell. La \u00fanica excepci\u00f3n es Haya Real Estate, que no era una entidad financiera ni hab\u00eda realizado ninguna inversi\u00f3n. De esta manera, vemos c\u00f3mo la banca ha logrado mitigar las p\u00e9rdidas que la inversi\u00f3n en Sareb pod\u00eda provocarle mediante el cobro de comisiones. Hasta 2018, Sareb hab\u00eda pagado a estas entidades 1.111 millones de euros en concepto de comisiones por la gesti\u00f3n y por la comercializaci\u00f3n de sus activos.<\/span><\/p>\n<p style=\"text-align: justify;\"><span style=\"font-size: 14pt;\">Sin embargo, lo que resulta m\u00e1s preocupante es que la venta de los bienes de Sareb se haya encomendado a las entidades que disponen del mayor poder de intervenci\u00f3n en el mercado inmobiliario, por lo que est\u00e1 servida la posibilidad de que se produzcan conflictos de intereses en la venta de los bienes de Sareb.<\/span><\/p>\n<p style=\"text-align: justify;\"><span style=\"font-size: 14pt;\">Por su parte, Haya Real Estate recibi\u00f3 la gesti\u00f3n de 52.000 pr\u00e9stamos vinculados con el sector inmobiliario. Estos proven\u00edan de los bienes de Bankia, que fueron adquiridos por Sareb. Estos pr\u00e9stamos supon\u00edan el 40 % del valor total de los bienes de Sareb.<\/span><\/p>\n<p style=\"text-align: justify;\"><span style=\"font-size: 14pt;\">Haya es una gestora perteneciente al fondo buitre Cerberus Capital Management L.P., cuya sede se encuentra en Nueva York y que es dirigido por antiguos altos cargos del Partido Republicano. A resultas de estas conexiones, Cerberus design\u00f3 a Jos\u00e9 Mar\u00eda Aznar Botella como consejero de Haya en Espa\u00f1a. Cerberus replic\u00f3, de esta manera, la estrategia que utiliza en Estados Unidos en su divisi\u00f3n espa\u00f1ola. Esta estrategia consiste en contratar pol\u00edticos que unan a su capacidad de influencia un inverso sentido de la \u00e9tica. A su vez, el presidente de Haya es Juan Hoyos Mart\u00ednez de Irujo, cuya caracter\u00edstica m\u00e1s notoria es ser amigo \u00edntimo de Aznar, seg\u00fan asegura en sus memorias el propio expresidente. Las designaciones de estos consejeros por Haya se produjeron en octubre de 2013. Cabe preguntarse si es casual que la fecha de las designaciones coincida con la \u00e9poca en la se decidi\u00f3 modificar la gesti\u00f3n de Sareb para encomend\u00e1rsela a intermediarios.<\/span><\/p>\n<p>&nbsp;<\/p>\n<p><img loading=\"lazy\" decoding=\"async\" class=\"aligncenter wp-image-24492\" src=\"https:\/\/puntocritico.com\/ausajpuntocritico\/wp-content\/uploads\/2019\/11\/798-ranking-de-los-banqueros-mc3a1s-corruptos-de-espac3b1a-300x197.jpg\" alt=\"\" width=\"480\" height=\"315\" data-id=\"24492\" srcset=\"https:\/\/puntocritico.com\/ausajpuntocritico\/wp-content\/uploads\/2019\/11\/798-ranking-de-los-banqueros-mc3a1s-corruptos-de-espac3b1a-300x197.jpg 300w, https:\/\/puntocritico.com\/ausajpuntocritico\/wp-content\/uploads\/2019\/11\/798-ranking-de-los-banqueros-mc3a1s-corruptos-de-espac3b1a-768x504.jpg 768w, https:\/\/puntocritico.com\/ausajpuntocritico\/wp-content\/uploads\/2019\/11\/798-ranking-de-los-banqueros-mc3a1s-corruptos-de-espac3b1a-1024x672.jpg 1024w\" sizes=\"auto, (max-width: 480px) 100vw, 480px\" \/><\/p>\n<p>&nbsp;<\/p>\n<p style=\"text-align: justify;\"><span style=\"font-size: 14pt;\"><strong>La creaci\u00f3n de la Socimi T\u00e9mpore Properties\u00a0<\/strong><\/span><\/p>\n<p style=\"text-align: justify;\"><span style=\"font-size: 14pt;\">En 2017 Sareb cre\u00f3 una Socimi, T\u00e9mpore Properties, para gestionar 2.249 viviendas en r\u00e9gimen de alquiler, de las que m\u00e1s de un tercio se encuentran en la Comunidad de Madrid. Estas viviendas fueron tasadas en 339 millones de euros.<\/span><\/p>\n<p style=\"text-align: justify;\"><span style=\"font-size: 14pt;\">Sareb encomend\u00f3 la gesti\u00f3n de su Socimi a Azora. Es preciso recordar que la Comunidad de Madrid vendi\u00f3 las 2.935 viviendas del Ivima (Instituto de la Vivienda de la Comunidad de Madrid) a Azora y a Goldman Sachs, en un proceso trufado de irregularidades en palabras del informe de la Fiscal\u00eda que est\u00e1 investigando esta venta.<\/span><\/p>\n<p style=\"text-align: justify;\"><span style=\"font-size: 14pt;\">En julio de 2019 Sareb acord\u00f3 la venta del 75% de Tempore al fondo de inversi\u00f3n Texas Pacific Group Real Estate Partners. Por lo tanto, la venta de T\u00e9mpore Properties a un fondo permite constatar que el cambio de gobierno no ha hecho variar ni un \u00e1pice la pol\u00edtica consistente en la venta del patrimonio p\u00fablico de vivienda, a pesar de las grandes necesidades sociales que existen.<\/span><\/p>\n<p>&nbsp;<\/p>\n<p><img loading=\"lazy\" decoding=\"async\" class=\"aligncenter size-full wp-image-24494\" src=\"https:\/\/puntocritico.com\/ausajpuntocritico\/wp-content\/uploads\/2019\/11\/Banksters-garzon.jpg\" alt=\"\" width=\"285\" height=\"271\" data-id=\"24494\" \/><\/p>\n<p>&nbsp;<\/p>\n<p style=\"text-align: justify;\"><span style=\"font-size: 14pt;\"><strong>Conclusiones: una reflexi\u00f3n general sobre Sareb<\/strong><\/span><\/p>\n<p style=\"text-align: justify;\"><span style=\"font-size: 14pt;\">Luis de Guindos manifest\u00f3 que el banco malo nunca supondr\u00eda costes para los contribuyentes. Sin embargo, esta afirmaci\u00f3n no tiene ning\u00fan viso de cumplirse, puesto que en 2018 Sareb declar\u00f3 que todav\u00eda debe 39.929 millones de euros, a pesar de que ha estado deshaci\u00e9ndose de sus bienes vertiginosamente desde su creaci\u00f3n.<\/span><\/p>\n<p style=\"text-align: justify;\">\u00a0<\/p>\n<blockquote>\n<p style=\"text-align: center;\"><span style=\"font-size: 14pt; color: #008000;\">AUNQUE TODAV\u00cdA QUEDAN POR DEVOLVER CASI 40.000 MILLONES DE EUROS, SAREB HA VENDIDO LA PARTE M\u00c1S SUSTANCIAL DE LOS RECURSOS CON LOS QUE CONTABA PARA HACER FRENTE A ESTA DEVOLUCI\u00d3N\u00a0<\/span><\/p>\n<\/blockquote>\n<p style=\"text-align: justify;\">\u00a0<\/p>\n<p style=\"text-align: justify;\"><span style=\"font-size: 14pt;\">Sareb declar\u00f3 que hasta 2018 hab\u00eda vendido bienes por valor de 24.343 millones de euros. A pesar de esto, los resultados de Sareb arrojan unas p\u00e9rdidas de casi tres mil millones de euros. Esto se debe a que ha ido devolviendo una parte del pr\u00e9stamo que le concedieron las instituciones europeas.\u00a0<\/span><\/p>\n<p style=\"text-align: justify;\"><span style=\"font-size: 14pt;\">Lamentablemente, aunque todav\u00eda quedan por devolver casi 40.000 millones de euros, Sareb ha vendido la parte m\u00e1s sustancial de los recursos con los que contaba para hacer frente a esta devoluci\u00f3n. Debido a todo ello, el Estado ser\u00e1 quien con certeza asumir\u00e1 su deuda en un futuro pr\u00f3ximo, como avalista \u00faltimo del pr\u00e9stamo.<\/span><\/p>\n<p style=\"text-align: justify;\"><span style=\"font-size: 14pt;\">Sareb ha sido una de las principales operaciones pol\u00edticas que ha tenido lugar en Espa\u00f1a durante los \u00faltimos a\u00f1os. De esta operaci\u00f3n se han beneficiado los fondos de inversi\u00f3n extranjeros, que ven\u00edan principalmente de Estados Unidos, la banca nacional y algunos personajes del panorama pol\u00edtico como la familia Aznar Botella o Rodolfo Mart\u00edn Villa, que fue consejero de Sareb desde su constituci\u00f3n.<\/span><\/p>\n<p style=\"text-align: justify;\"><span style=\"font-size: 14pt;\">La principal damnificada es la sociedad espa\u00f1ola en su conjunto. Hemos perdido la ocasi\u00f3n de disponer de un parque p\u00fablico de vivienda con un tama\u00f1o suficiente para hacer frente a la especulaci\u00f3n llevada a cabo por las elites econ\u00f3micas. De hecho, desde 2014 venimos sufriendo otra subida generalizada y constante de los precios de la vivienda, que tiene consecuencias devastadoras para el desarrollo humano y econ\u00f3mico de nuestra sociedad. Por ejemplo, en este per\u00edodo el precio medio de los alquileres ha subido un 51% en Barcelona y un 45% en Madrid. La subida se ha producido en buena medida por la falta de vivienda p\u00fablica en alquiler social, lo que ha venido acompa\u00f1ado por el agravante de que las viviendas que se deber\u00edan haber destinado a este fin han sido malvendidas por el Estado a trav\u00e9s de Sareb.<\/span><\/p>\n<p style=\"text-align: justify;\"><span style=\"font-size: 14pt;\">Dentro de unos pocos a\u00f1os, el Estado deber\u00e1 afrontar el aval de Sareb. Cuando llegue ese momento, no estar\u00eda de m\u00e1s recordar qui\u00e9nes han sido los responsables de este gran desfalco.<\/span><\/p>\n<p>&nbsp;<\/p>\n<p><img loading=\"lazy\" decoding=\"async\" class=\"aligncenter wp-image-24493\" src=\"https:\/\/puntocritico.com\/ausajpuntocritico\/wp-content\/uploads\/2019\/11\/Avaricia-da\u00f1a-econom\u00eda.jpg\" alt=\"\" width=\"440\" height=\"328\" data-id=\"24493\" srcset=\"https:\/\/puntocritico.com\/ausajpuntocritico\/wp-content\/uploads\/2019\/11\/Avaricia-da\u00f1a-econom\u00eda.jpg 260w, https:\/\/puntocritico.com\/ausajpuntocritico\/wp-content\/uploads\/2019\/11\/Avaricia-da\u00f1a-econom\u00eda-80x60.jpg 80w\" sizes=\"auto, (max-width: 440px) 100vw, 440px\" \/><\/p>\n<p>&nbsp;<\/p>\n<p style=\"text-align: center;\"><span style=\"color: #008000;\"><strong><span style=\"font-size: 18pt;\">****<\/span><\/strong><\/span><\/p>\n<p style=\"text-align: justify;\"><span style=\"font-size: 14pt;\">Este art\u00edculo se ha hecho a partir de extractos del libro\u00a0<em>Tocar fondo. La mano invisible detr\u00e1s de la subida del alquiler<\/em>\u00a0que ha sido publicado recientemente por la editorial\u00a0<a href=\"https:\/\/www.traficantes.net\/libros\/tocar-fondo\" target=\"_blank\" rel=\"noopener noreferrer\">Traficantes de Sue\u00f1os.<\/a><\/span><\/p>\n<p>&nbsp;<\/p>\n<p><a href=\"http:\/\/https:\/\/puntocritico.com\/ausajpuntocritico\/author\/punto-critico\/\"><img loading=\"lazy\" decoding=\"async\" class=\"aligncenter wp-image-9528\" src=\"https:\/\/puntocritico.com\/ausajpuntocritico\/wp-content\/uploads\/2018\/03\/Mosca_Punto_Cr\u00edtico_40.png\" alt=\"\" width=\"70\" height=\"70\" data-id=\"9528\" \/><\/a><\/p>\n<p>&nbsp;<\/p>\n<p>&nbsp;<\/p>\n<p>&nbsp;<\/p>\n","protected":false},"excerpt":{"rendered":"<div class=\"mh-excerpt\"><p>La enfermedad de la angustia Por Ren\u00e9 Gu\u00e9non \u00abAlgunos, como hemos dicho, no se limitan a hablar de \u00abinquietud\u00bb, sino que llegan incluso a hablar de \u00abangustia\u00bb, lo que es a\u00fan m\u00e1s grave, y expresa <a class=\"mh-excerpt-more\" href=\"https:\/\/puntocritico.com\/ausajpuntocritico\/2019\/11\/27\/sareb-anatomia-de-un-desfalco-por-manuel-gabarre-de-sus\/\" title=\"\u00abSAREB: anatom\u00eda de un desfalco\u00bb, por Manuel Gabarre de Sus\">[&#8230;]<\/a><\/p>\n<\/div>","protected":false},"author":3,"featured_media":24528,"comment_status":"open","ping_status":"closed","sticky":false,"template":"","format":"standard","meta":{"_acf_changed":false,"_exactmetrics_skip_tracking":false,"_exactmetrics_sitenote_active":false,"_exactmetrics_sitenote_note":"","_exactmetrics_sitenote_category":0,"footnotes":""},"categories":[12,7],"tags":[],"class_list":{"0":"post-24484","1":"post","2":"type-post","3":"status-publish","4":"format-standard","5":"has-post-thumbnail","7":"category-corrupcion","8":"category-politica"},"acf":[],"_links":{"self":[{"href":"https:\/\/puntocritico.com\/ausajpuntocritico\/wp-json\/wp\/v2\/posts\/24484","targetHints":{"allow":["GET"]}}],"collection":[{"href":"https:\/\/puntocritico.com\/ausajpuntocritico\/wp-json\/wp\/v2\/posts"}],"about":[{"href":"https:\/\/puntocritico.com\/ausajpuntocritico\/wp-json\/wp\/v2\/types\/post"}],"author":[{"embeddable":true,"href":"https:\/\/puntocritico.com\/ausajpuntocritico\/wp-json\/wp\/v2\/users\/3"}],"replies":[{"embeddable":true,"href":"https:\/\/puntocritico.com\/ausajpuntocritico\/wp-json\/wp\/v2\/comments?post=24484"}],"version-history":[{"count":0,"href":"https:\/\/puntocritico.com\/ausajpuntocritico\/wp-json\/wp\/v2\/posts\/24484\/revisions"}],"wp:featuredmedia":[{"embeddable":true,"href":"https:\/\/puntocritico.com\/ausajpuntocritico\/wp-json\/wp\/v2\/media\/24528"}],"wp:attachment":[{"href":"https:\/\/puntocritico.com\/ausajpuntocritico\/wp-json\/wp\/v2\/media?parent=24484"}],"wp:term":[{"taxonomy":"category","embeddable":true,"href":"https:\/\/puntocritico.com\/ausajpuntocritico\/wp-json\/wp\/v2\/categories?post=24484"},{"taxonomy":"post_tag","embeddable":true,"href":"https:\/\/puntocritico.com\/ausajpuntocritico\/wp-json\/wp\/v2\/tags?post=24484"}],"curies":[{"name":"wp","href":"https:\/\/api.w.org\/{rel}","templated":true}]}}