{"id":24121,"date":"2019-11-30T00:05:31","date_gmt":"2019-11-29T23:05:31","guid":{"rendered":"https:\/\/puntocritico.com\/ausajpuntocritico\/?p=24121"},"modified":"2024-09-18T20:36:43","modified_gmt":"2024-09-18T18:36:43","slug":"almirante-canaris","status":"publish","type":"post","link":"https:\/\/puntocritico.com\/ausajpuntocritico\/2019\/11\/30\/almirante-canaris\/","title":{"rendered":"Almirante Canaris (Pel\u00edcula)"},"content":{"rendered":"<blockquote>\n<h2 class=\"title\" style=\"text-align: center;\"><strong><span style=\"font-size: 24pt;\">CANARIS EN ESPA\u00d1A<\/span><\/strong><\/h2>\n<p style=\"text-align: center;\"><strong><span style=\"font-size: 14pt;\">La neutralidad de Espa\u00f1a durante la Primera y la Segunda Guerra Mundial convirti\u00f3 a nuestro pa\u00eds en un aut\u00e9ntico nido de esp\u00edas de los servicios secretos de uno y otro bando. La relaci\u00f3n del almirante Canaris, director del Abwehr, el servicio de inteligencia nazi, con nuestro pa\u00eds, se remonta a su trabajo como agente secreto en la Gran Guerra y tuvo continuidad en su amistad personal con Franco, para el que consigui\u00f3 el apoyo de Alemania en el esfuerzo b\u00e9lico durante la Guerra Civil. Los consejos del almirante influyeron en la decisi\u00f3n definitiva tomada por el dictador espa\u00f1ol de no intervenir en la Segunda Guerra Mundial.<\/span><\/strong><\/p>\n<div class=\"field-items\">\n<div class=\"resumen\" style=\"text-align: justify;\"><span style=\"font-size: 14pt;\">Por Jos\u00e9 Luis Hern\u00e1ndez Garvi<\/span><\/div>\n<div class=\"imagen\" style=\"text-align: justify;\">\n<div class=\"field field-name-field-image field-type-image field-label-hidden\">\n<div class=\"field-items\"><span style=\"font-size: 14pt;\"><a href=\"https:\/\/www.historiaespanaymundo.com\/secciones\/historia-contemporanea\/canaris-espana\" target=\"_blank\" rel=\"noopener\">Historia de Espa\u00f1a y del mundo<\/a><\/span><\/div>\n<div>\u00a0<\/div>\n<\/div>\n<\/div>\n<\/div>\n<div style=\"text-align: justify;\"><img loading=\"lazy\" decoding=\"async\" class=\"aligncenter size-full wp-image-24601\" src=\"https:\/\/puntocritico.com\/ausajpuntocritico\/wp-content\/uploads\/2019\/11\/CANAR2.jpg\" alt=\"\" width=\"229\" height=\"265\" data-id=\"24601\" \/><\/div>\n<p>&nbsp;<\/p>\n<p style=\"text-align: justify;\"><span style=\"font-size: 14pt;\">Wilhelm Canaris naci\u00f3 el 1 de enero de 1887 en la localidad de Aplerbeck, distrito de Dortmund. Era el menor de los tres hijos del matrimonio formado por Carl Canaris, director de unos altos hornos, y de su esposa Auguste Am\u00e9lie Popp. El joven Wilhelm creci\u00f3 en un ambiente de familia acomodada y desde muy peque\u00f1o llam\u00f3 la atenci\u00f3n de todos por su inteligencia y dotes de observaci\u00f3n. En el colegio demostr\u00f3 estar especialmente dotado para los idiomas y antes de cumplir los dieciocho a\u00f1os hablaba ingl\u00e9s y franc\u00e9s con fluidez. Tambi\u00e9n era un \u00e1vido lector que absorb\u00eda la informaci\u00f3n contenida en todos los libros que le\u00eda, especialmente los de Historia y Geograf\u00eda.<\/span><\/p>\n<p><span style=\"font-size: 14pt;\">Sus lecturas influyeron decisivamente en \u00e9l a la hora de elegir cu\u00e1l iba a ser su profesi\u00f3n. Wilhelm pertenec\u00eda a una familia que tradicionalmente se hab\u00eda dedicado a los negocios industriales y cuando les anunci\u00f3 su deseo de convertirse en oficial de la Marina Imperial la noticia caus\u00f3 una l\u00f3gica conmoci\u00f3n. La muerte prematura de su padre le allan\u00f3 el camino y en 1905 ingres\u00f3 como cadete en la Academia Naval de Kiel. Durante su formaci\u00f3n sobresali\u00f3 por su car\u00e1cter discreto y dotes diplom\u00e1ticas, cualidades que le ser\u00edan de gran utilidad en el futuro. Finaliz\u00f3 su formaci\u00f3n con buenas notas y tras recibir en 1907 su despacho como alf\u00e9rez de marina, fue destinado al crucero Bremen.<\/span><\/p>\n<p style=\"text-align: justify;\"><span style=\"font-size: 14pt;\">Enviado como barco estaci\u00f3n a las costas de Am\u00e9rica del Sur, el Bremen inici\u00f3 un periplo naval que le llev\u00f3 a visitar los puertos de un gran n\u00famero de pa\u00edses iberoamericanos. Canaris aprovech\u00f3 ese tiempo para aprender espa\u00f1ol y mejorar sus conocimientos geogr\u00e1ficos y pol\u00edticos de la zona. Su siguiente destino fue en la flota de torpederos del Mar del Norte, puesto que era considerado duro y dif\u00edcil por las condiciones del servicio y que era aprovechado por los mandos para evaluar y curtir el car\u00e1cter de los j\u00f3venes oficiales. Como era de esperar, Canaris super\u00f3 la prueba sin m\u00e1s problemas y tras la experiencia fue destinado de nuevo a prestar servicio en un barco de mayor porte.\u00a0<\/span><\/p>\n<p style=\"text-align: justify;\"><span style=\"font-size: 14pt;\">En oto\u00f1o de 1912 embarc\u00f3 en el crucero Dresden que parti\u00f3 rumbo al Mediterr\u00e1neo Oriental. Despu\u00e9s de una breve estancia en Turqu\u00eda, el barco naveg\u00f3 hacia Am\u00e9rica del Sur para sustituir al Bremen. La experiencia y los conocimientos adquiridos por Canaris en traves\u00edas anteriores fueron de gran utilidad para el capit\u00e1n K\u00f6hler, comandante del Dresden. Ascendido a teniente primero, el joven Wilhelm tendr\u00eda muy pronto ocasi\u00f3n de demostrar sus capacidades.<\/span><\/p>\n<\/blockquote>\n<div class=\"google-auto-placed ap_container\">\n<blockquote>\n<div class=\"google-auto-placed ap_container\" style=\"text-align: justify;\"><span style=\"font-size: 14pt;\">Durante la revoluci\u00f3n mexicana, la ciudad de Tampico fue escenario de violentos enfrentamientos entre las tropas gubernamentales del presidente Huerta y las fuerzas revolucionarias. Un gran n\u00famero de extranjeros se vieron atrapados en medio de los combates, sin posibilidad de escapar cuando los barcos de las potencias europeas se retiraron de las aguas territoriales mexicanas. \u00danicamente el Dresden se mantuvo cerca de la costa, lo que le permiti\u00f3 rescatar a varios cientos de ciudadanos norteamericanos. Cuando en julio de 1914 dimiti\u00f3 Huerta, de nuevo el crucero alem\u00e1n alcanz\u00f3 protagonismo al recibir la orden de trasladarlo hasta su exilio en Kingston, la capital de Jamaica. En todas estas misiones, Canaris jug\u00f3 un papel destacado, ejerciendo como int\u00e9rprete y ayudando a K\u00f6hler en sus gestiones. <\/span><\/div>\n<div>\u00a0<\/div>\n<div class=\"google-auto-placed ap_container\" style=\"text-align: justify;\"><span style=\"font-size: 14pt;\">Tras su agitada traves\u00eda sudamericana, el Dresden deb\u00eda regresar a Alemania pero el estallido de la Primera Guerra Mundial trastoc\u00f3 los planes. El crucero recibi\u00f3 entonces la orden de atacar a los barcos aliados que navegasen a lo largo de las costas del continente americano. Despu\u00e9s de varias acciones de combate, el barco se dirigi\u00f3 hacia Valpara\u00edso para cargar carb\u00f3n y aprovisionarse de alimentos. Formando parte de la escuadra del Conde Spee, el Dresden fue el \u00fanico barco superviviente del enfrentamiento mantenido con una flota inglesa frente a las costas del archipi\u00e9lago de las Malvinas. Sin apenas carb\u00f3n ni v\u00edveres en sus bodegas, el crucero encontr\u00f3 refugio en las bah\u00edas y canales desolados bajo soberan\u00eda chilena en la Tierra del Fuego. <\/span><\/div>\n<div>\u00a0<\/div>\n<div class=\"google-auto-placed ap_container\" style=\"text-align: justify;\"><span style=\"font-size: 14pt;\">El 9 de marzo de 1915, mientras el barco alem\u00e1n permanec\u00eda forzosamente anclado, apareci\u00f3 en el horizonte la silueta del Glasgow, uno de los cruceros ingleses de la flota que intentaba descubrir su escondite. A pesar de la superioridad artillera del nav\u00edo brit\u00e1nico, la tripulaci\u00f3n del Dresden se neg\u00f3 a rendirse y su capit\u00e1n decidi\u00f3 hundirlo por sus propios medios antes de que lo hicieran sus enemigos. Los oficiales y marineros alemanes fueron entonces internados por las autoridades chilenas en la isla de Quiriquina bajo una relajada vigilancia. Mientras estaban confinados, Canaris decidi\u00f3 intentar la huida, y tras obtener el permiso del capit\u00e1n K\u00f6hler plane\u00f3 con meticulosidad todos los detalles de la misma. El largo viaje reun\u00eda muchos de los elementos de los libros de aventuras que le gustaba leer cuando era ni\u00f1o.<\/span><\/div>\n<\/blockquote>\n<div class=\"google-auto-placed ap_container\" style=\"text-align: justify;\">\n<div class=\"google-auto-placed ap_container\">\n<blockquote>\n<div class=\"google-auto-placed ap_container\" style=\"text-align: justify;\"><span style=\"font-size: 14pt;\">De Quiriquina escap\u00f3 remando en un bote hasta llegar a tierra firme y su dominio del espa\u00f1ol le ayud\u00f3 a cruzar los Andes a caballo. En las navidades de 1915, pisando suelo argentino, encontr\u00f3 refugio en casa de los von B\u00fclow, una familia de terratenientes de origen alem\u00e1n. Ya en Buenos Aires, consigui\u00f3 hacerse con un pasaporte chileno falsificado a nombre de Reed Rosas y all\u00ed esper\u00f3 el momento oportuno para embarcarse en un nav\u00edo que lo llevase de vuelta a Europa. Durante la traves\u00eda del Atl\u00e1ntico a bordo de un vapor holand\u00e9s, el joven Canaris no despert\u00f3 ninguna sospecha entre el resto de pasajeros y tripulantes.<\/span><\/p>\n<p><span style=\"font-size: 14pt;\">Antes de llegar a su destino, el barco fue interceptado por las autoridades navales brit\u00e1nicas y desviado al puerto de Plymouth para someterlo a un riguroso registro. Todos los pasajeros fueron interrogados y cuando le lleg\u00f3 el turno a Canaris supo mantener la suficiente sangre fr\u00eda para enga\u00f1arlos. Tras superar el tr\u00e1mite, el barco holand\u00e9s prosigui\u00f3 su traves\u00eda sin m\u00e1s incidentes hasta llegar al puerto de Rotterdam. Desde Holanda, y gracias a su pasaporte chileno, el joven marino atraves\u00f3 la frontera con Alemania y tras unos pocos d\u00edas de descanso en casa de su t\u00eda Dorothea Popp, se present\u00f3 a sus superiores con un detallado informe de su aventura.<\/span><\/p>\n<p><span style=\"font-size: 14pt;\">Armado con su pasaporte chileno y bajo la m\u00e1scara de Reed Rosas, Canaris apareci\u00f3 en Madrid en el verano de 1916 sin que sepamos c\u00f3mo consigui\u00f3 atravesar las fronteras hasta llegar a nuestro pa\u00eds. En aquel momento la ciudad, como capital de un pa\u00eds neutral cercano a los campos de batalla europeos, se hab\u00eda convertido en un centro de espionaje para todas las potencias beligerantes. Bajo las \u00f3rdenes de von Krohn, agregado naval en la embajada alemana en Madrid, Canaris deb\u00eda buscar y preparar colaboradores en los puertos espa\u00f1oles que observasen los movimientos de los barcos mercantes y de guerra aliados, averiguando cu\u00e1les eran sus cargas y rutas, informaci\u00f3n de vital importancia para que pudieran ser interceptados por los submarinos alemanes. Al mismo tiempo deb\u00eda contactar con los comerciantes dispuestos a suministrar los v\u00edveres, combustible y piezas de recambio que pudiera necesitar la flota alemana, as\u00ed como con aquellos capitanes que se atreviesen a realizar el abastecimiento en alta mar. Su dominio del castellano y el encanto personal que irradiaba su personalidad franca y abierta, le ayudaron a cumplir de nuevo con \u00e9xito la misi\u00f3n encomendada.<\/span><\/p>\n<p><span style=\"font-size: 14pt;\">En aquellos d\u00edas, el joven, simp\u00e1tico y atractivo \u201cchileno\u201d se relacion\u00f3 con lo m\u00e1s selecto de la sociedad madrile\u00f1a de la \u00e9poca. A Canaris le gustaba mucho Espa\u00f1a pero lleg\u00f3 un momento en que su actividad como esp\u00eda se hizo demasiado evidente. Decidi\u00f3 entonces salir del pa\u00eds por la puerta de atr\u00e1s, confiando en que sus habilidades le ayudar\u00edan a llegar a Alemania para reincorporarse al servicio activo en la Marina Imperial.<\/span><\/p>\n<p><span style=\"font-size: 14pt;\">Perseguido por los servicios de inteligencia brit\u00e1nicos, fue interceptado cuando intentaba atravesar la frontera italiana. Encarcelado en una oscura celda, soport\u00f3 los interminables interrogatorios sin revelar su verdadera identidad. En todo momento mantuvo su coartada sin contradecirse, afirmando que era un ciudadano chileno, hijo de madre brit\u00e1nica, que viajaba de Espa\u00f1a a Suiza para tratarse la tuberculosis que padec\u00eda. Para hacer m\u00e1s cre\u00edble su relato, Canaris se mord\u00eda los labios hasta hacerse sangre que luego escup\u00eda aparatosamente. Los servicios de contraespionaje aliados no ten\u00edan nada contra \u00e9l, \u00fanicamente la sospecha de que pod\u00eda tratarse de un esp\u00eda alem\u00e1n, pero se negaban a dejarlo en libertad.<\/span><\/div>\n<\/blockquote>\n<\/div>\n<\/div>\n<\/div>\n<p style=\"text-align: center;\"><strong><span style=\"font-size: 18pt; color: #008000;\">****<\/span><\/strong><\/p>\n<p>&nbsp;<\/p>\n<figure id=\"attachment_24604\" aria-describedby=\"caption-attachment-24604\" style=\"width: 440px\" class=\"wp-caption aligncenter\"><img loading=\"lazy\" decoding=\"async\" class=\"wp-image-24604\" src=\"https:\/\/puntocritico.com\/ausajpuntocritico\/wp-content\/uploads\/2019\/11\/el-almirante-canaris-y-heydrich-cabeza-sd-cphwhj-300x282.jpg\" alt=\"\" width=\"440\" height=\"414\" data-id=\"24604\" srcset=\"https:\/\/puntocritico.com\/ausajpuntocritico\/wp-content\/uploads\/2019\/11\/el-almirante-canaris-y-heydrich-cabeza-sd-cphwhj-300x282.jpg 300w, https:\/\/puntocritico.com\/ausajpuntocritico\/wp-content\/uploads\/2019\/11\/el-almirante-canaris-y-heydrich-cabeza-sd-cphwhj-768x723.jpg 768w, https:\/\/puntocritico.com\/ausajpuntocritico\/wp-content\/uploads\/2019\/11\/el-almirante-canaris-y-heydrich-cabeza-sd-cphwhj-1024x963.jpg 1024w, https:\/\/puntocritico.com\/ausajpuntocritico\/wp-content\/uploads\/2019\/11\/el-almirante-canaris-y-heydrich-cabeza-sd-cphwhj.jpg 1300w\" sizes=\"auto, (max-width: 440px) 100vw, 440px\" \/><figcaption id=\"caption-attachment-24604\" class=\"wp-caption-text\"><span style=\"color: #008000;\">Head of Military Intelligence Admiral Wilhelm Canaris with Reinhard Heydrich, Head of the Reich Security Headquarter, at a social evening of the Armed Forces and the SS in the old military academy in Invalidenstrasse 48 in 1935 or 1936.<\/span><\/figcaption><\/figure>\n<p style=\"text-align: center;\">\u00a0<\/p>\n<blockquote>\n<p style=\"text-align: justify;\"><span style=\"font-size: 14pt;\"><b>Wilhelm Franz Canaris<\/b>\u00a0(Aplerbeck,\u00a0Westfalia;\u00a01 de enero\u00a0de\u00a01887\u00a0&#8211;\u00a0Campo de concentraci\u00f3n de Flossenb\u00fcrg,\u00a09 de abril\u00a0de\u00a01945) fue un\u00a0oficial\u00a0de la\u00a0Marina Imperial\u00a0y la\u00a0Kriegsmarine\u00a0que particip\u00f3 en la\u00a0Primera\u00a0y la\u00a0Segunda Guerra Mundial.<\/span><\/p>\n<p style=\"text-align: justify;\"><span style=\"font-size: 14pt;\">Lleg\u00f3 a ser\u00a0almirante\u00a0y jefe de\u00a0inteligencia\u00a0de la Marina Imperial y el\u00a0ej\u00e9rcito alem\u00e1n\u00a0durante el\u00a0nacionalsocialismo\u00a0en Alemania. Fue jefe de la\u00a0Abwehr\u00a0y uno de los cabecillas en varias conspiraciones contra\u00a0Hitler, principalmente en la\u00a0Operaci\u00f3n Valquiria, del\u00a020 de julio\u00a0de\u00a01944, por la que fue condenado a la\u00a0horca. (<a href=\"https:\/\/es.wikipedia.org\/wiki\/Wilhelm_Canaris\" target=\"_blank\" rel=\"noopener\">Wikipedia<\/a>)<\/span><\/p>\n<\/blockquote>\n<h1 style=\"text-align: center;\"><span style=\"font-size: 18pt; color: #008000;\">*****<\/span><\/h1>\n<h1 id=\"main-title\" style=\"text-align: center;\">Almirante Canaris<\/h1>\n<p style=\"text-align: center;\"><span style=\"color: #008000;\"><strong><span style=\"font-size: 18pt;\">Dirigida por <span class=\"director\">Alfred Weidenmann<\/span><\/span><\/strong><\/span><\/p>\n<p style=\"text-align: center;\"><iframe loading=\"lazy\" src=\"https:\/\/mega.nz\/embed\/WEdwEaIb#dfMhV3KCn_RbvUKKGi7d6jZAPTdt1cQqv7ekXEJfrH8\" width=\"640\" height=\"360\" frameborder=\"0\" allowfullscreen=\"allowfullscreen\"><\/iframe><\/p>\n<p style=\"text-align: center;\">\u00a0<\/p>\n<p>&nbsp;<\/p>\n<p><span style=\"font-size: 14pt;\"><strong><img loading=\"lazy\" decoding=\"async\" class=\"alignright wp-image-24343\" src=\"https:\/\/puntocritico.com\/ausajpuntocritico\/wp-content\/uploads\/2019\/11\/Canaris-4-OK.jpg\" alt=\"\" width=\"394\" height=\"229\" data-id=\"24343\" \/>FICHA T\u00c9CNICA:<\/strong><\/span><\/p>\n<p>T\u00edtulo original: Canaris\u00a0<\/p>\n<p>A\u00f1o:\u00a01954<\/p>\n<p>Duraci\u00f3n:\u00a0112 min.<\/p>\n<p>Pa\u00eds: \u00a0Alemania del Oeste (RFA)<\/p>\n<p>Direcci\u00f3n:\u00a0Alfred Weidenmann<\/p>\n<p>Guion: Erich Ebermayer,\u00a0Herbert Reinecker<\/p>\n<p>M\u00fasica: Siegfried Franz<\/p>\n<p>Fotograf\u00eda: Franz Weihmayr (B&amp;W)<\/p>\n<p>Reparto:\u00a0O.E. Hasse,\u00a0Barbara R\u00fctting,\u00a0Adrian Hoven,\u00a0Martin Held,\u00a0Wolfgang Preiss,\u00a0Peter Mosbacher,\u00a0Charles R\u00e9gnier,\u00a0Franz Essel,\u00a0Alice Treff,\u00a0Herbert Wilk,\u00a0Klaus Miedel,\u00a0Arthur Schr\u00f6der,\u00a0Ilse F\u00fcrstenberg,\u00a0Otto Graf,\u00a0Arno Paulsen,\u00a0Walter Tarrach<\/p>\n<p>Productora: Fama-Film<\/p>\n<p>G\u00e9nero:\u00a0Drama\u00a0|\u00a0Biogr\u00e1fico.\u00a0II Guerra Mundial.\u00a0Nazismo<\/p>\n<p>Sinopsis:\u00a0Basada en la historia de Wilhelm Franz Canaris, veterano de las dos Guerras Mundiales conocido con el sobrenombre de Peque\u00f1o Almirante debido a su baja estatura. Con la subida al poder del nazismo, Canaris llega a jefe de inteligencia de la Kriegsmarine y la Wehrmacht. Pero el horror que le produce conocer en primera persona el trato que se les da a los jud\u00edos lo lleva a facilitar informaci\u00f3n incompleta a Hitler y evitar, as\u00ed, que \u00e9ste inicie determinadas campa\u00f1as b\u00e9licas. Debido a sus conocimientos de espa\u00f1ol, Canaris viaja a Espa\u00f1a para tratar de convencer a Franco de aliarse con Alemania en la Guerra, pero Canaris le aconseja al dictador espa\u00f1ol que se mantenga al margen&#8230; (<a href=\"https:\/\/www.filmaffinity.com\/es\/film283199.html\" target=\"_blank\" rel=\"noopener\">FILMAFFINITY<\/a>)<\/p>\n<p>Premios: 1954: 4 Premios del cine Alem\u00e1n: incluyendo mejor pel\u00edcula y director<\/p>\n<p style=\"text-align: center;\"><span style=\"font-size: 14pt; color: #008000;\">\u2666\u2666\u2666\u2666\u2666<\/span><\/p>\n<p>&nbsp;<\/p>\n<p><img loading=\"lazy\" decoding=\"async\" class=\"aligncenter wp-image-24346\" src=\"https:\/\/puntocritico.com\/ausajpuntocritico\/wp-content\/uploads\/2019\/11\/Canaris-Principal-OK.jpg\" alt=\"\" width=\"490\" height=\"372\" data-id=\"24346\" srcset=\"https:\/\/puntocritico.com\/ausajpuntocritico\/wp-content\/uploads\/2019\/11\/Canaris-Principal-OK.jpg 258w, https:\/\/puntocritico.com\/ausajpuntocritico\/wp-content\/uploads\/2019\/11\/Canaris-Principal-OK-80x60.jpg 80w\" sizes=\"auto, (max-width: 490px) 100vw, 490px\" \/><\/p>\n<p>&nbsp;<\/p>\n<h3>\u00a0<\/h3>\n<h3 style=\"text-align: center;\"><span style=\"font-size: 24pt;\"><strong>H<\/strong><strong>ISTORIAS DE ESP\u00cdAS<\/strong><\/span><\/h3>\n<h3 style=\"text-align: center;\"><em><span style=\"font-size: 18pt;\">Richard Bassett. El enigma del almirante Canaris: Historia del jefe de los esp\u00edas de Hitler. Trad. Gonzalo G. Djemb\u00e9. Barcelona: Cr\u00edtica, 2006.<\/span><\/em><\/h3>\n<h3 style=\"text-align: center;\"><em><span style=\"font-size: 18pt;\">\u00abSi la derrota de Alemania iba a representar una calamidad, la victoria de su pa\u00eds supondr\u00eda una cat\u00e1strofe todav\u00eda m\u00e1s grave\u00bb. (p. 193).<\/span><\/em><\/h3>\n<p>Por\u00a0<span style=\"font-size: 12pt;\">DIEGO NAVARRO BONILLA<\/span><\/p>\n<p>&nbsp;<\/p>\n<p style=\"text-align: justify;\"><span style=\"font-size: 14pt;\">El almirante Wilhelm Canaris es uno de esos personajes sorprendentes que ocupan un lugar preeminente en toda historia del espionaje. Su derrotero vital y la inevitable leyenda tejida en torno a su nombre le convirtieron en una referencia inexcusable desde mucho antes de su ejecuci\u00f3n en las postrimer\u00edas de la Segunda Guerra Mundial. Un car\u00e1cter m\u00edtico, heredero de una cierta tradici\u00f3n de caballerosidad en la guerra que fue forjado desde los inicios de su carrera militar como subteniente y oficial jefe de inteligencia del nav\u00edo Dresden en 1915 tras haber conseguido burlar repetidamente a sus encarnizados perseguidores brit\u00e1nicos con el HMS Glasgow a la cabeza, tras la batalla de las Falkland (diciembre 1914). Esta nueva biograf\u00eda se suma a las existentes sobre el almirante entre las que deben citarse las cl\u00e1sicas de Kart Heinz Abshagen y Heinz Hoehne<a id=\"ref1a\"><\/a><a href=\"#ref1\">.<span style=\"color: #008000;\"><sup> 1<\/sup><\/span><\/a><\/span><\/p>\n<p style=\"text-align: justify;\"><span style=\"font-size: 14pt;\">Comenzaremos diciendo que uno de los valores de esta nueva aportaci\u00f3n reside en el trabajo heur\u00edstico del autor que ha posibilitado la consulta e incorporaci\u00f3n de algunas fuentes documentales in\u00e9ditas hasta el momento. Tanto los archivos civiles como los militares alemanes no destruidos durante la contienda se completan con los testimonios estrictamente personales y familiares coet\u00e1neos, como los aportados por personas que trabajaron en el entorno pr\u00f3ximo del almirante. Es el caso de su secretaria personal, Inge Haag. A pesar de ello, la imposibilidad de consultar fondos sovi\u00e9ticos relativos al per\u00edodo de 1943-1945 o las restricciones experimentadas por el autor en los archivos brit\u00e1nicos siguen siendo obst\u00e1culos relevantes no s\u00f3lo para hacer avanzar el conocimiento del almirante en este caso, sino para llevar a cabo investigaciones sobre numerosos aspectos de la inteligencia de la Segunda Guerra Mundial todav\u00eda por realizar.<\/span><\/p>\n<p style=\"text-align: justify;\"><span style=\"font-size: 14pt;\">Este es, por tanto, un libro de Historia de la Inteligencia a trav\u00e9s de la biograf\u00eda de uno de sus principales protagonistas durante buena parte de la primera mitad del siglo XX. Pero es a su vez la biograf\u00eda de un conjurado contra el r\u00e9gimen nazi que, desde su privilegiada posici\u00f3n como jefe de la inteligencia militar alemana, pag\u00f3 con su vida la alta traici\u00f3n a ra\u00edz de su implicaci\u00f3n indirecta en la intentona fallida de acabar con la vida de Hitler en el c\u00e9lebre episodio ejecutado por Von Stauffenberg. Es tambi\u00e9n la historia de un militar alem\u00e1n profundamente comprometido con el honor de su patria cuya indisimulada anglofilia s\u00f3lo era superada por su visceral anticomunismo. Con estos par\u00e1metros y condicionantes personales se entender\u00edan los importantes y ultra secretos lazos tendidos entre la Abwehr de Canaris y el SIS brit\u00e1nico dirigido por Stewart Menzies. Ambos fueron protagonistas, merced a su fobia antibolchevique compartida, de uno de los axiomas fundamentales en la historia de la inteligencia: no hay servicio secreto que se precie que no establezca siempre un canal de comunicaci\u00f3n secreto con el enemigo incluso en tiempos de guerra. Y este es precisamente uno de los pi- lares fundamentales de la exposici\u00f3n de Bassett ya que su libro dedica numerosas p\u00e1ginas a certificar las constantes ocasiones en que Canaris acab\u00f3 convirti\u00e9ndose, probablemente sin pretenderlo oficialmente, en el mejor agente alem\u00e1n al servicio de los intereses brit\u00e1nicos durante la Segunda Guerra Mundial. Sirva como ejemplo el puntual conocimiento que Londres ten\u00eda de una imposibilidad de invasi\u00f3n alemana de las islas gracias a la informaci\u00f3n subrepticiamente suministrada por Canaris por medio del espionaje espa\u00f1ol en 1940. O la relevante partida de ajedrez en la que se hab\u00eda convertido el tablero espa\u00f1ol durante la Guerra Civil, pues en Espa\u00f1a no s\u00f3lo se ventilaba la victoria de Franco frente a la Rep\u00fablica sino, en un doble o triple nivel de intereses mucho m\u00e1s elevados y ocultos, Canaris trabajaba secretamente para impedir que Espa\u00f1a entrase en la Segunda Guerra Mundial y se vieran comprometidos los intereses brit\u00e1nicos en el Estrecho. A\u00f1os m\u00e1s tarde Canaris tambi\u00e9n jug\u00f3 su otra baza internacional: favorecer un posible acuerdo de paz germano-brit\u00e1nico en 1943 que dejar\u00eda aislada a la Uni\u00f3n Sovi\u00e9tica, intentos que ven\u00edan siendo saboteados sistem\u00e1ticamente por otro spymaster digno del almirante Canaris: el no menos c\u00e9lebre Harold \u00abKim\u00bb Philby al servicio de Mosc\u00fa.<\/span><\/p>\n<p style=\"text-align: justify;\"><span style=\"font-size: 14pt;\">Pero tambi\u00e9n debemos ponderar el inter\u00e9s de este libro por cuanto la historia de Canaris es tambi\u00e9n la historia de una \u00edntima vinculaci\u00f3n entre un jefe de esp\u00edas legendario y la inteligencia espa\u00f1ola de la primera mitad del siglo XX. Existe un valor a\u00f1adido de car\u00e1cter particular para la historia de los servicios de inteligencia espa\u00f1oles de la \u00e9poca habida cuenta de la intens\u00edsima relaci\u00f3n verificada entre Canaris y Espa\u00f1a, algo que ya hab\u00eda sido tratado por Le\u00f3n Papeleux y Andr\u00e9 Brissaud. <a id=\"ref2a\"><\/a><a href=\"#ref2\">2<\/a> De la lectura atenta de este libro se entresacan datos muy relevantes acerca de la influencia alemana en la pol\u00edtica interior y exterior de nuestro pa\u00eds desde los a\u00f1os 20 y muy especialmente durante la Guerra Civil Espa\u00f1ola y posguerra por medio de la actuaci\u00f3n de los servicios secretos alemanes en numerosos episodios tanto en tiempo de guerra como de paz. Dentro de la pol\u00edtica secreta de rearme alem\u00e1n que trataba de soslayar el tratado de Versalles, Canaris jugar\u00e1 un decisivo papel hacia 1925 cuando intensifique los contactos con la Marina Espa\u00f1ola y con los empresarios Ullmann y Echevarrieta as\u00ed como con el omnipresente March y con militares que jugar\u00edan un papel capital a\u00f1os despu\u00e9s como Kindel\u00e1n, Mart\u00ednez Anido o Jordana en su condici\u00f3n de Alto Comisario de Espa\u00f1a en Marruecos. En 1928 propicia acuerdos con el general Baz\u00e1n, director de la polic\u00eda secreta y se ponen las bases de un s\u00f3lido entramado de intereses pol\u00edticos, comerciales y militares que hacen de Espa\u00f1a un lugar privilegiado para ampliar la influencia alemana a trav\u00e9s de sus estructuras de inteligencia secreta. Canaris se convierte en la llave de acceso imprescindible para la firma de todo tipo de acuerdos entre Alemania y las autoridades espa\u00f1olas. Su esfera de influencia llega incluso al propio monarca Alfonso XIII.<\/span><\/p>\n<p style=\"text-align: justify;\"><span style=\"font-size: 14pt;\">Se estudian los pormenores de los numerosos viajes del Almirante a la Espa\u00f1a de los a\u00f1os 20 y 30, muy especialmente el papel primordial jugado por Canaris en las conversaciones que decidieron la ayuda alemana a Franco en el verano de 1936, los posteriores contactos directos entre el cuartel general de Franco y el almirante, as\u00ed como las especiales relaciones de amistad con personajes de la talla de Agust\u00edn Mu\u00f1oz Grandes, tambi\u00e9n recientemente biografiado o Juan Vig\u00f3n, primer jefe del Alto Estado Mayor en 1939<a id=\"ref3a\"><\/a><a href=\"#ref3\">. <sup>3<\/sup> <\/a>Durante la Guerra Civil, la creciente internacionalizaci\u00f3n del conflicto propici\u00f3 una oportunidad \u00fanica nunca vista hasta entonces: tratar de infiltrar agentes sovi\u00e9ticos en las filas alemanas y viceversa. M\u00e1s tarde, la influencia de Canaris en las relaciones germano-espa\u00f1olas lleg\u00f3 de manera determinante a Hendaya. Seg\u00fan Bassett los argumentos esgrimidos por Franco sobre las dificultades de una ocupaci\u00f3n conjunta de Gibraltar (entre ellos la necesidad de piezas de grueso calibre que Alemania no pod\u00eda suministrar en ese momento) se los hab\u00eda proporcionado Mart\u00ednez Campos quien, a su vez, los hab\u00eda recibido directa y secretamente de Canaris que hac\u00eda lo posible por evitar da\u00f1ar los intereses brit\u00e1nicos en el Estrecho.<\/span><\/p>\n<p style=\"text-align: justify;\"><span style=\"font-size: 14pt;\">El recorrido vital del almirante como responsable m\u00e1ximo de la Abwehr conduce a Bassett a analizar tambi\u00e9n las tensas relaciones con el resto de organismos que compon\u00edan el aparato de inteligencia del III Reich, ese \u00abnido de v\u00edboras compitiendo entre s\u00ed\u00bb. La particular relaci\u00f3n con su antiguo protegido Reinhard Heydrich ocupa una parte importante de este an\u00e1lisis incluyendo los famosos 10 mandamientos que regularon la esfera de actuaci\u00f3n y las competencias entre la Abwehr y el SD, especialmente en materia de contrainteligencia. Ser\u00edan precisamente los m\u00e9todos de Heydrich y su organizaci\u00f3n al servicio del partido los que animaron finalmente a Canaris a socavar los cimientos del III Reich desde el coraz\u00f3n de los servicios secretos militares. Poco a poco, el motor de la conspiraci\u00f3n de los militares contra Hitler pas\u00f3 del grupo de generales descontentos al propio Canaris que observaba con absoluto terror la crueldad con los polacos en 1939 y los planes de eliminaci\u00f3n masiva de 1940.<\/span><\/p>\n<p style=\"text-align: justify;\"><span style=\"font-size: 14pt;\">A la Abwehr de Canaris se debe una de las mayores innovaciones en la organizaci\u00f3n de la inteligencia contempor\u00e1nea: el establecimiento de bases o centros de inteligencia a modo de \u00abcaballos de Troya\u00bb avanzados en el interior de las l\u00edneas enemigas antes incluso de que se desencadenasen enfrentamientos militares. As\u00ed se dispon\u00eda de centros estables de suministro de informaci\u00f3n que actuaban bajo las m\u00e1s diversas coberturas incluso en tiempo de guerra.<\/span><\/p>\n<p style=\"text-align: justify;\"><span style=\"font-size: 14pt;\">Finalmente, en 1944 Canaris es cesado fulminantemente de su responsabilidad en materia de inteligencia quedando unificada bajo la direcci\u00f3n del SD nazi en las manos de un tr\u00edo inquietante: Himmler, Kaltenbrunner y Schellenberg, cuyas memorias reeditadas recientemente tambi\u00e9n abundan en detalles sobre las particulares relaciones entre \u00e9l y Canaris<a id=\"ref4a\"><\/a><a href=\"#ref4\">.<sup> 4<\/sup> <\/a>Los paseos conjuntos a caballo mientras se dirim\u00edan importantes asuntos relativos a la coordinaci\u00f3n entre los servicios y la callada admiraci\u00f3n del joven Schellenberg por el venerable Canaris alcanz\u00f3 su punto culminante cuando se le encarg\u00f3 el arresto del almirante y, en un rasgo de caballerosidad entre esp\u00edas, le permiti\u00f3 una salida honrosa: Schellenberg fingir\u00eda desatender moment\u00e1neamente al almirante mientras \u00e9ste pasaba a su habitaci\u00f3n y se suicidaba. Canaris no acept\u00f3 el particular ofrecimiento de Schellenberg y acudi\u00f3 a su tr\u00e1gico destino en la horca.<\/span><\/p>\n<p style=\"text-align: justify;\"><span style=\"font-size: 14pt;\">En suma, la necesidad que la comunidad acad\u00e9mica internacional tiene de contar con trabajos hist\u00f3ricos rigurosos sobre la evoluci\u00f3n, funciones, estructura, organizaci\u00f3n y perfiles biogr\u00e1ficos de hombres y mujeres dedicados a las tareas de obtenci\u00f3n, procesamiento, generaci\u00f3n de conocimiento secreto y, en general, a todas las actividades englobadas en el extenso mundo del espionaje, hace muy pertinentes estudios como el de Richard Bassett.<\/span><\/p>\n<p style=\"text-align: justify;\"><span style=\"font-size: 14pt;\">La historiograf\u00eda espa\u00f1ola sobre los servicios de inteligencia contempor\u00e1neos ha alcanzado en los tres \u00faltimos a\u00f1os un nivel considerable, tanto en calidad como en cantidad de trabajos editados. El magn\u00edfico estado de la cuesti\u00f3n firmado por Juan Goberna es buena prueba de ello y apelo al buen hacer del autor para que contin\u00fae dicho trabajo en una necesaria actualizaci\u00f3n. <a id=\"ref5a\"><\/a><a href=\"#ref5\">5<\/a> Las Jornadas organizadas por el Instituto de Historia y Cultura Militar y auspiciadas por el Centro Nacional de Inteligencia bajo el t\u00edtulo \u00abLos servicios de informaci\u00f3n en la Espa\u00f1a moderna y contempor\u00e1nea\u00bb as\u00ed como el volumen monogr\u00e1fico de la revista <em>Arbor <\/em>coordinado por Fernando Garc\u00eda Sanz (\u00abAl servicio del Estado: Inteligencia y contrainteligencia en Espa\u00f1a, vol. 180: n\u00ba 709 (enero 2005), son pruebas recientes de este considerable aumento en la producci\u00f3n cient\u00edfica.<\/span><\/p>\n<p style=\"text-align: justify;\"><span style=\"font-size: 14pt;\">En esta ocasi\u00f3n, el libro firmado por Heiberg y Ros se suma a esta corriente de revisi\u00f3n de los servicios de inteligencia (bajo esta denominaci\u00f3n agruparemos a los servicios de informaci\u00f3n, servicios secretos y servicios de espionaje) en un per\u00edodo de nuestra historia contempor\u00e1nea tan productivo como la Guerra Civil Espa\u00f1ola. Ambos autores ya nos hab\u00edan ofrecido por separado dos interesantes muestras de su conocimiento sobre el asunto.<a id=\"ref6a\"><\/a><a href=\"#ref6\"> <sup>6<\/sup> <\/a>Por tanto, este nuevo trabajo se suma a las ya cl\u00e1sicas contribuciones sobre la historia de la inteligencia, la informaci\u00f3n secreta y las estructuras, funcionamiento y organizaci\u00f3n del espionaje durante la Guerra Civil, si bien la trama oculta de Ros y Heiberg lo hace en torno a uno solo de los bandos contendientes: el franquista. Tal vez sea la tesis doctoral de Sara N\u00fa\u00f1ez de Prado editada por la Universidad Complutense en 1992 (obra que sorprendentemente no se incluye entre la bibliograf\u00eda consultada en el libro) el mejor intento hasta la fecha de arrojar luz sobre los servicios en el bando sublevado.<a id=\"ref7a\"><\/a><a href=\"#ref7\">7<\/a> Es por tanto deseable que las investigaciones en torno a las estructuras de inteligencia y espionaje republicanas vean pronto la luz para poder realizar un estudio comparativo de ambos \u00abfrentes silenciosos\u00bb en expresi\u00f3n de otro especialista en la materia, Pedro Barruso.<\/span><\/p>\n<p style=\"text-align: justify;\"><span style=\"font-size: 14pt;\">En la introducci\u00f3n, los autores se\u00f1alan que se trata del primer estudio en profundidad de los servicios secretos franquistas durante la Guerra Civil Espa\u00f1ola, si bien, como hemos se\u00f1alado, este car\u00e1cter pionero deber\u00eda contar con la contribuci\u00f3n mencionada de N\u00fa\u00f1ez de Prado. En cualquier caso, la tesis fundamental que sirve de columna vertebral a todo el libro se basa en el apoyo masivo que Franco hizo de sus numerosos servicios para consolidar su dominio pol\u00edtico y militar sobre la Espa\u00f1a nacida de la contienda. Es de valorar el importante conjunto documental manejado (esencialmente un tercio de los fondos originales del SIPM conservados en el Archivo Militar de \u00c1vila y desclasificados en 2003) as\u00ed como parte de la primera secci\u00f3n del Alto Estado Mayor y los numerosos fondos custodiados en archivos italianos, franceses, brit\u00e1nicos o estadounidenses.<\/span><\/p>\n<p style=\"text-align: justify;\"><span style=\"font-size: 14pt;\">El an\u00e1lisis de la situaci\u00f3n preliminar de la inteligencia republicana de 1931 a 1936 arroja un resultado desalentador por lo inarticulado de un sistema mal organizado, centrado b\u00e1sicamente en el control y vigilancia del peligro de involuci\u00f3n por la derecha, as\u00ed como los extremistas de izquierdas que pudiesen socavar el poder leg\u00edtimo de la Rep\u00fablica. Las reformas de Aza\u00f1a de 1932 como ministro de la guerra son un buen punto de partida al promover la creaci\u00f3n del Servicio Especial de la Secretar\u00eda T\u00e9cnica que pas\u00f3 a denominarse Secci\u00f3n del Servicio Especial del Estado Mayor Central. Seg\u00fan los autores, la inteligencia republicana anterior al 18 de julio adolec\u00eda de grav\u00edsimos problemas: por una parte los cambios incesantes en la direcci\u00f3n de los servicios derivados de los cambios de gobierno de la Rep\u00fablica; por otra, la divisi\u00f3n pol\u00edtica del pa\u00eds, extendida a todos los \u00e1mbitos, organismos y \u00e1reas del poder p\u00fablico y privado, tambi\u00e9n afect\u00f3 a las propias estructuras de informaci\u00f3n, seguridad y defensa del Estado republicano minando su efectividad y cohesi\u00f3n interna.<\/span><\/p>\n<p style=\"text-align: justify;\"><span style=\"font-size: 14pt;\">Ambos bandos comenzaron a crear estructuras fuertes de inteligencia entre agosto y septiembre de 1936. El pormenorizado listado de los servicios que actuaron de forma eventual o estable al servicio de Franco muestra un conjunto de caracter\u00edsticas constantes. En primer lugar la heterogeneidad de servicios, tantos probablemente como facciones agrupadas en torno al bando nacional, factor al que se a\u00f1adir\u00eda uno de extrema complejidad y enorme trascendencia para la victoria final de Franco: la interrelaci\u00f3n de estos servicios con los propios enviados por la Alemania de Hitler y la Italia de Mussolini. En segundo lugar, no existi\u00f3 un sistema \u00fanico o centralizado como tal sino un conjunto de iniciativas y servicios agrupados en torno a un empe\u00f1o com\u00fan italogermano-espa\u00f1ol. De hecho, una segunda l\u00ednea de an\u00e1lisis exhaustivo de este libro se centra en la decidida y determinante actuaci\u00f3n de la inteligencia italiana (SIM italiano, Polic\u00eda Pol\u00edtica, Ufficio I del CTV, SI Navale con la estaci\u00f3n de radioescucha en Baleares, la agrupaci\u00f3n en torno al Ufficio Spagna, etc.) y alemana (Abwehr de Canaris esencialmente, secci\u00f3n de informaci\u00f3n de la propia Legi\u00f3n C\u00f3ndor, estrecha colaboraci\u00f3n entre la Gestapo y Mart\u00ednez Anido como ministro de la Gobernaci\u00f3n en 1938). A estos esfuerzos deber\u00eda a\u00f1adirse la contribuci\u00f3n de la Polic\u00eda Pol\u00edtica Portuguesa a trav\u00e9s del embajador en Lisboa, a la saz\u00f3n Nicol\u00e1s Franco, o el Comit\u00e9 Secreto de Acci\u00f3n Revolucionaria (CSAR-Cagoule), grupo franc\u00e9s de ultraderecha especializado en sabotajes y acciones encubiertas.<\/span><\/p>\n<p style=\"text-align: justify;\"><span style=\"font-size: 14pt;\">La consulta de los ricos archivos militares italianos permite demostrar a los autores que la participaci\u00f3n de la inteligencia italiana en los asuntos espa\u00f1oles durante toda la guerra, especialmente lo referido al \u00e1rea mediterr\u00e1nea, fue considerable. No se aportan datos definitivos sobre la participaci\u00f3n italiana en el alzamiento en las plazas africanas pero s\u00ed un claro y puntual conocimiento de lo que iba a ocurrir. A la dimensi\u00f3n internacional del espionaje de las potencias europeas alineadas en torno al fascismo se debe sumar el estudio que de las redes franquistas de informaci\u00f3n exterior hacen los autores. Estas redes operaban en las principales capitales europeas y muy se\u00f1aladamente en los puertos en los que los buques destinados a la Espa\u00f1a republicana hac\u00edan escala. Los numerosos casos de supervisi\u00f3n y ejecuci\u00f3n de sabotajes en Francia contra intereses republicanos, la vigilancia portuaria de los suministros sovi\u00e9ticos y las acciones de mano emprendidas en el mar Cant\u00e1brico contra nav\u00edos y embarcaciones pro republicanas nos acercan a la dimensi\u00f3n m\u00e1s violenta del frente silencioso por el que discurrieron personajes siniestros de la talla del comandante Troncoso en el sur de Francia. Precisamente en esta zona estrat\u00e9gica para los intereses de ambos contendientes se instal\u00f3 el cuartel general (Biarritz, San Juan de Luz) del c\u00e9lebre Servicio de Informaci\u00f3n de las Fronteras del Norte de Espa\u00f1a, \u00fanico servicio de inteligencia de car\u00e1cter privado alentado por Mola, orquestado por el Conde de los Andes, dirigido por Jos\u00e9 Bertr\u00e1n y Musitu y sufragado b\u00e1sica- mente por Francesc Camb\u00f3 y March. Sin embargo, todo ello no demuestra a juicio de los autores una estructura perfectamente dise\u00f1ada o un sistema organizado ni tampoco una operatividad sistem\u00e1tica de todos estos servicios. A\u00fan as\u00ed, Burgos fue capaz de recibir un flujo incesante y masivo de informaci\u00f3n procedente de canales y v\u00edas de obtenci\u00f3n muy diversos, entre los que no fueron menores los alemanes e italianos cuya contribuci\u00f3n a la interceptaci\u00f3n de comunicaciones, al criptoan\u00e1lisis y al cifrado de mensajes fue totalmente determinante durante el primer a\u00f1o de guerra.<\/span><\/p>\n<p style=\"text-align: justify;\"><span style=\"font-size: 14pt;\">El libro de Ros y Heiberg permite tambi\u00e9n comprender los or\u00edgenes, desarrollo y posterior supresi\u00f3n o fusi\u00f3n de servicios que hab\u00edan desempe\u00f1ado diferentes papeles y alcanzado importantes \u00e9xitos en materia de inteligencia y contrainteligencia. Tal es el caso de la absorci\u00f3n en febrero de 1938 del eficaz SIFNE por el SIPM del coronel Ungr\u00eda, siendo a su vez \u00e9ste integrado definitivamente en el Alto Estado Mayor, principal organismo de inteligencia de todo el franquismo, nacido en agosto de 1939 bajo la direcci\u00f3n de Juan Vig\u00f3n y del jefe de su tercera secci\u00f3n: Mart\u00ednez Campos. Tampoco es balad\u00ed la contribuci\u00f3n de los autores a abrir posibles v\u00edas de investigaci\u00f3n futura como la intervenci\u00f3n de los servicios de espionaje de Franco en la unificaci\u00f3n de todos los partidos pol\u00edticos de la Espa\u00f1a nacional o el mucho m\u00e1s controvertido asunto de la posible participaci\u00f3n de algunos servicios en los disturbios y luchas de Barcelona en mayo de 1937.<\/span><\/p>\n<p style=\"text-align: justify;\"><span style=\"font-size: 14pt;\">Entre medio de todo ello, episodios como los contactos necesarios entre Segismundo Casado, el SIPM de Ungr\u00eda y la Quinta Columna de Madrid atestiguan la intervenci\u00f3n de la inteligencia al servicio de Franco en los estertores del gobierno republicano. Incluso queda documentada la connivencia del SIPM con el POUM en una operaci\u00f3n fracasada de asesinato de los dos principales l\u00edderes republicanos defensores de la lucha armada a ultranza: Negr\u00edn y el ministro \u00c1lvarez del Vayo.<\/span><\/p>\n<p style=\"text-align: justify;\"><span style=\"font-size: 14pt;\">El libro tambi\u00e9n apunta finalmente datos relevantes sobre la participaci\u00f3n espa\u00f1ola en el espionaje a Inglaterra a favor de Alemania durante los a\u00f1os de\u00a0<\/span><span style=\"font-size: 14pt;\">preguerra y guerra mundial. Los resultados pr\u00e1cticamente nulos de las actividades llevadas a cabo por personajes como el periodista Luis Calvo o el controvertido \u00c1ngel Alc\u00e1zar de Velasco caracterizaron el espionaje espa\u00f1ol en Inglaterra al servicio de Alemania y certificaron otra forma de agradecimiento, aunque sin resultados pr\u00e1cticos, a la inestimable ayuda prestada por Hitler al bando franquista durante la Guerra Civil. Otra dimensi\u00f3n muy ligada a la anterior fue la protagonizada por los numerosos agentes alemanes que hicieron escala en Espa\u00f1a con destino a las bases de espionaje de Reino Unido, Sudam\u00e9rica, \u00c1frica Occidental, Estados Unidos, etc., haciendo de nuestro pa\u00eds durante los a\u00f1os 40 un verdadero santuario de la inteligencia alemana, tal y como el libro de Bassett demuestra centr\u00e1ndose en el almirante Canaris. De hecho, ambos libros quedan emparejados tanto por la tem\u00e1tica como por el marco cronol\u00f3gico y el protagonismo de unos y otros en la escena del espionaje internacional, promoviendo por ejemplo el conocimiento de oscuros episodios de compra-venta de armas en los que el almirante siempre ten\u00eda una presencia imprescindible junto a misteriosos personajes como el todo poderoso Zaharoff, agente del gigante brit\u00e1nico Vickers o el traficante de armas griego Bodosakis. Este \u00faltimo se encontraba precisamente en el centro del doble juego que Berl\u00edn estaba realizando con los vendedores de armas griegos a trav\u00e9s de los cuales proporcionaba suministros militares a la Rep\u00fablica a cambio de divisas extranjeras, desesperadamente requeridas en Berl\u00edn. El descubrimiento por la inteligencia espa\u00f1ola de ca\u00f1ones alemanes Krupp tras las l\u00edneas republicanas acab\u00f3 por destapar este esc\u00e1ndalo en el que los gigantes armamentistas alemanes como Rheinmetall-Borsig tambi\u00e9n estaban implicados en la venta de armas a la Rep\u00fablica a trav\u00e9s de los griegos.<\/span><\/p>\n<p style=\"text-align: justify;\"><span style=\"font-size: 14pt;\">En suma, un trabajo necesario y bienvenido que servir\u00e1 m\u00e1s por su car\u00e1cter de consulta y referencia que por su condici\u00f3n de investigaci\u00f3n cerra- da. De hecho, intuimos que los autores volver\u00e1n a ofrecernos futuros resultados de investigaci\u00f3n a partir de esta colaboraci\u00f3n conjunta de dos especialistas en la materia.<\/span><\/p>\n<p style=\"text-align: right;\"><strong><em>Book and Film Reviews<\/em><\/strong><\/p>\n<p style=\"text-align: right;\"><strong>\u00abREVOLUCI\u00d3N\u00bb DE LA INTELIGENCIA<\/strong><\/p>\n<p style=\"text-align: right;\"><strong>JULIA PULIDO GRAGERA<\/strong><\/p>\n<p style=\"text-align: right;\"><strong>Jennifer E. Sims and Burton Gerber. <em>Transforming U.S. Intelligence.<\/em><\/strong><\/p>\n<p style=\"text-align: right;\"><strong>Washington: Georgetown University Press, 2005.<\/strong><\/p>\n<p>&nbsp;<\/p>\n<p><img loading=\"lazy\" decoding=\"async\" class=\"aligncenter wp-image-24347\" src=\"https:\/\/puntocritico.com\/ausajpuntocritico\/wp-content\/uploads\/2019\/11\/Canaris-1-OK.jpg\" alt=\"\" width=\"360\" height=\"592\" data-id=\"24347\" \/><\/p>\n<p>&nbsp;<\/p>\n<hr \/>\n<p style=\"text-align: justify;\"><strong><span style=\"font-size: 14pt;\">NOTAS:\u00a0<\/span><\/strong><\/p>\n<p style=\"text-align: justify;\"><span style=\"font-size: 12pt;\"><a id=\"ref1\"><\/a><a href=\"#ref1a\">1<\/a> Kart Heinz Abshagen<em>. Canaris: Patriot und Weltb\u00fcrger<\/em>. Stuttgart: Union D. V., 1948. Traducida al espa\u00f1ol por Ram\u00f3n Garriga. <em>El almirante Canaris<\/em>. Buenos Aires: Espasa Calpe, 1952. Heinz H\u00f6hne. <em>Canaris : Patriot im Zwielicht<\/em>. Hamburgo : Bertelsmann, 1976.<\/span><\/p>\n<p style=\"text-align: justify;\"><span style=\"font-size: 12pt;\"><a id=\"ref2\"><\/a><a href=\"#ref2a\">2<\/a> Le\u00f3n Papeleux. <em>L\u00b4Amiral Canaris entre Franco et Hitler: le r\u00f4le de Canaris dans les relations germano- espagnoles<\/em>. Tournai : Casterman, 1977. Andr\u00e9 Brissaud. <em>Canaris : La Guerra Espa\u00f1ola y la II Guerra Mundial. <\/em>Barcelona: Noguer, 1972.<\/span><\/p>\n<p style=\"text-align: justify;\"><span style=\"font-size: 12pt;\"><a id=\"ref3\"><\/a><a href=\"#ref3a\">3<\/a> Luis E. Tugores. <em>Mu\u00f1oz Grandes: h\u00e9roe de Marruecos, general de la Divisi\u00f3n Azul<\/em>. Madrid: La Esfera de los libros, 2007.<\/span><\/p>\n<p style=\"text-align: justify;\"><span style=\"font-size: 12pt;\"><a id=\"ref4\"><\/a><a href=\"#ref4a\">4<\/a> Walter Schellenberg. <em>Al servicio de Hitler: memorias del jefe del espionaje nazi<\/em>. Barcelona: Belacqva, 2005.<\/span><\/p>\n<p style=\"text-align: justify;\"><span style=\"font-size: 12pt;\">1945 Morten Heiberg y Manuel Ros Agudo. <em>La trama oculta de la Guerra Civil: los servicios secretos de Franco: 1936-1945<\/em>. Barcelona: Cr\u00edtica, 2006.<\/span><\/p>\n<p style=\"text-align: justify;\"><span style=\"font-size: 12pt;\"><a id=\"ref5\"><\/a><a href=\"#ref5a\">5<\/a> Juan Ram\u00f3n Goberna Falque, \u00abLos servicios de inteligencia en la historiograf\u00eda espa\u00f1ola\u00bb. <em>Arbor<\/em>, vol. 180: n.\u00ba 709 (2005), pp. 25-74.<\/span><\/p>\n<p style=\"text-align: justify;\"><span style=\"font-size: 12pt;\"><a id=\"ref6\"><\/a><a href=\"#ref6a\">6<\/a> Manuel Ros Agudo. <em>La guerra secreta de Franco (1939-1945). <\/em>Barcelona: Cr\u00edtica, 2002, pp. 207-211: \u00abLos servicios de informaci\u00f3n espa\u00f1oles\u00bb. Morten Heiberg. <em>Emperadores del Mediterr\u00e1neo: Franco, Mussolini y la Guerra <\/em><em>Civil Espa\u00f1ola<\/em>. Barcelona: Cr\u00edtica, 2004<\/span><\/p>\n<p style=\"text-align: justify;\"><span style=\"font-size: 12pt;\"><a id=\"ref7\"><\/a><a href=\"#ref7a\">7<\/a> Sara N\u00fa\u00f1ez de Prado y Clavel. <em>Servicios de informaci\u00f3n y propaganda en la guerra civil espa\u00f1ola: 1936-1939.\u00a0<\/em>Madrid: Universidad Complutense, 1992<\/span><\/p>\n<p>&nbsp;<\/p>\n<p><a href=\"https:\/\/puntocritico.com\/ausajpuntocritico\/\" target=\"_blank\" rel=\"noopener noreferrer\"><img loading=\"lazy\" decoding=\"async\" class=\"aligncenter wp-image-9528\" src=\"https:\/\/puntocritico.com\/ausajpuntocritico\/wp-content\/uploads\/2018\/03\/Mosca_Punto_Cr\u00edtico_40.png\" alt=\"\" width=\"70\" height=\"70\" data-id=\"9528\" \/><\/a><\/p>\n<p>&nbsp;<\/p>\n<p>&nbsp;<\/p>\n","protected":false},"excerpt":{"rendered":"<div class=\"mh-excerpt\"><p>CANARIS EN ESPA\u00d1A La neutralidad de Espa\u00f1a durante la Primera y la Segunda Guerra Mundial convirti\u00f3 a nuestro pa\u00eds en un aut\u00e9ntico nido de esp\u00edas de los servicios secretos de uno y otro bando. La <a class=\"mh-excerpt-more\" href=\"https:\/\/puntocritico.com\/ausajpuntocritico\/2019\/11\/30\/almirante-canaris\/\" title=\"Almirante Canaris (Pel\u00edcula)\">[&#8230;]<\/a><\/p>\n<\/div>","protected":false},"author":3,"featured_media":24353,"comment_status":"open","ping_status":"closed","sticky":false,"template":"","format":"standard","meta":{"_acf_changed":false,"_exactmetrics_skip_tracking":false,"_exactmetrics_sitenote_active":false,"_exactmetrics_sitenote_note":"","_exactmetrics_sitenote_category":0,"footnotes":""},"categories":[10],"tags":[],"class_list":{"0":"post-24121","1":"post","2":"type-post","3":"status-publish","4":"format-standard","5":"has-post-thumbnail","7":"category-miscelanea"},"acf":[],"_links":{"self":[{"href":"https:\/\/puntocritico.com\/ausajpuntocritico\/wp-json\/wp\/v2\/posts\/24121","targetHints":{"allow":["GET"]}}],"collection":[{"href":"https:\/\/puntocritico.com\/ausajpuntocritico\/wp-json\/wp\/v2\/posts"}],"about":[{"href":"https:\/\/puntocritico.com\/ausajpuntocritico\/wp-json\/wp\/v2\/types\/post"}],"author":[{"embeddable":true,"href":"https:\/\/puntocritico.com\/ausajpuntocritico\/wp-json\/wp\/v2\/users\/3"}],"replies":[{"embeddable":true,"href":"https:\/\/puntocritico.com\/ausajpuntocritico\/wp-json\/wp\/v2\/comments?post=24121"}],"version-history":[{"count":0,"href":"https:\/\/puntocritico.com\/ausajpuntocritico\/wp-json\/wp\/v2\/posts\/24121\/revisions"}],"wp:featuredmedia":[{"embeddable":true,"href":"https:\/\/puntocritico.com\/ausajpuntocritico\/wp-json\/wp\/v2\/media\/24353"}],"wp:attachment":[{"href":"https:\/\/puntocritico.com\/ausajpuntocritico\/wp-json\/wp\/v2\/media?parent=24121"}],"wp:term":[{"taxonomy":"category","embeddable":true,"href":"https:\/\/puntocritico.com\/ausajpuntocritico\/wp-json\/wp\/v2\/categories?post=24121"},{"taxonomy":"post_tag","embeddable":true,"href":"https:\/\/puntocritico.com\/ausajpuntocritico\/wp-json\/wp\/v2\/tags?post=24121"}],"curies":[{"name":"wp","href":"https:\/\/api.w.org\/{rel}","templated":true}]}}