{"id":23359,"date":"2019-11-11T00:05:18","date_gmt":"2019-11-10T23:05:18","guid":{"rendered":"https:\/\/puntocritico.com\/ausajpuntocritico\/?p=23359"},"modified":"2022-04-11T20:55:16","modified_gmt":"2022-04-11T18:55:16","slug":"franco-ya-esta-de-nuevo-en-el-pardo-su-residencia-oficial-espana-estado-fallido-es-una-dictadura-judicial-la-dictadura-que-dura-y-dura","status":"publish","type":"post","link":"https:\/\/puntocritico.com\/ausajpuntocritico\/2019\/11\/11\/franco-ya-esta-de-nuevo-en-el-pardo-su-residencia-oficial-espana-estado-fallido-es-una-dictadura-judicial-la-dictadura-que-dura-y-dura\/","title":{"rendered":"FRANCO YA EST\u00c1 DE NUEVO EN \u00abEL PARDO\u00bb, SU RESIDENCIA OFICIAL. Espa\u00f1a, Estado Fallido. La Dictadura que Dura, y Dura, es hoy Judicial"},"content":{"rendered":"<div class=\"article-header-title\">\n<blockquote>\n<h1 class=\"pg-headline\" style=\"text-align: center;\"><strong><a id=\"ref0a\"><\/a><a href=\"#ref0\">[0]<\/a> Violencia judicial<\/strong><\/h1>\n<h2 style=\"text-align: center;\"><strong><em>El Constitucional, el Supremo y la Audiencia Nacional, antes TOP, son la garant\u00eda de que no tengamos derecho a debatir, votar y manifestarnos<\/em><\/strong><\/h2>\n<div class=\"subtitle bkn mce sk2\">\n<h2 style=\"text-align: center;\"><em><strong>No es raro que hoy gran parte de la sociedad catalana no crea en las instituciones de este Estado<\/strong><\/em><\/h2>\n<\/div>\n<div class=\"subtitle bkn mce sk2\">\n<p style=\"text-align: justify;\"><span style=\"font-size: 14pt;\">Por Suso de Toro<\/span><\/p>\n<p style=\"text-align: justify;\"><a href=\"https:\/\/www.eldiario.es\/zonacritica\/Violencia-judicial_6_958614153.html\" target=\"_blank\" rel=\"noopener\"><span style=\"font-size: 14pt;\">Eldiario.es<\/span><\/a><\/p>\n<\/div>\n<h1><img loading=\"lazy\" decoding=\"async\" class=\"aligncenter size-full wp-image-23450\" src=\"https:\/\/puntocritico.com\/ausajpuntocritico\/wp-content\/uploads\/2019\/11\/Poder-Judicial-sistema-alertas-archivos_EDIIMA20190914_0197_19.jpg\" alt=\"\" width=\"643\" height=\"362\" data-id=\"23450\" srcset=\"https:\/\/puntocritico.com\/ausajpuntocritico\/wp-content\/uploads\/2019\/11\/Poder-Judicial-sistema-alertas-archivos_EDIIMA20190914_0197_19.jpg 643w, https:\/\/puntocritico.com\/ausajpuntocritico\/wp-content\/uploads\/2019\/11\/Poder-Judicial-sistema-alertas-archivos_EDIIMA20190914_0197_19-300x169.jpg 300w\" sizes=\"auto, (max-width: 643px) 100vw, 643px\" \/><\/h1>\n<\/blockquote>\n<\/div>\n<blockquote>\n<h2>\u00a0<\/h2>\n<\/blockquote>\n<div class=\"article-header-title\">\n<blockquote>\n<p class=\"mce\" style=\"text-align: justify;\"><span style=\"font-size: 14pt;\">El 14 de Marzo de 1990, el parlamento gallego a propuesta de Camilo Nogueira, portavoz entonces del PSG-Esquerda Galega, debati\u00f3 la autodeterminaci\u00f3n de Galicia y el \u00abautogobierno nacional en una perspectiva europea\u00bb. La resoluci\u00f3n s\u00f3lo cont\u00f3 con los votos de los dos diputados de ese partido. Pero se debati\u00f3 y se vot\u00f3.<\/span><\/p>\n<p class=\"mce\" style=\"text-align: justify;\"><span style=\"font-size: 14pt;\">En a\u00f1os posteriores, numerosos municipios gallegos, bastantes gobernados por el PP, debatieron el derecho a la autodeterminaci\u00f3n de Galicia. En unos casos, el voto mayoritario fue a favor y en muchos otros en contra. No ten\u00eda valor jur\u00eddico, pero se debati\u00f3 y se vot\u00f3. Porque tanto el parlamento como esos ayuntamientos ejerc\u00edan un derecho democr\u00e1tico a debatir y dialogar.<\/span><\/p>\n<p class=\"mce\" style=\"text-align: justify;\"><span style=\"font-size: 14pt;\">Hoy, el presidente del parlamento gallego de entonces, que era del PP, y numerosos alcaldes estar\u00edan procesados por la Audiencia Nacional y por el Supremo. Y el Tribunal Constitucional se habr\u00eda pronunciado declarando inconstitucionales esos ejercicios de democracia. En realidad, lo que desde entonces debiera ser considerado pol\u00edticamente establecido y parte del juego pol\u00edtico asentado ha sido ahora revisado y prohibido por el Constitucional.<\/span><\/p>\n<p class=\"mce\" style=\"text-align: justify;\"><span style=\"font-size: 14pt;\">Esta es la Espa\u00f1a de hoy. El Constitucional, el Supremo y la Audiencia Nacional, antes TOP, son la garant\u00eda de que no tengamos derecho a debatir, votar y manifestarnos. El poder judicial es el due\u00f1o \u00faltimo de nuestras vidas.<\/span><\/p>\n<p class=\"mce\" style=\"text-align: justify;\"><span style=\"font-size: 14pt;\">\u00bfHay magistrados, jueces y fiscales dem\u00f3cratas? Sin duda, y lo mal que lo deben de estar pasando, pero si quieren saber qui\u00e9nes son due\u00f1os \u00faltimos de nuestros destinos tienen que conocer la ideolog\u00eda de personajes como Lesmes o Marchena. Porque el poder judicial no es un concepto, es el poder que ostentan las personas que tienen un cargo de poder dentro de ese estamento del Estado y esas personas tienen ideolog\u00eda y esa ideolog\u00eda es la del poder judicial. Creo que negar eso o no considerarlo con preocupaci\u00f3n s\u00f3lo puede responder a un inter\u00e9s en preservar en el oscurantismo un poder esencial y que en la actualidad es determinante en el sistema pol\u00edtico de este Reino de Espa\u00f1a.<\/span><\/p>\n<p class=\"mce\" style=\"text-align: justify;\"><span style=\"font-size: 14pt;\">El per\u00edodo pol\u00edtico iniciado en la Transici\u00f3n acab\u00f3 hace a\u00f1os cuando el Tribunal Constitucional anul\u00f3 lo votado por el parlamento catal\u00e1n, que hab\u00eda sido aprobado en refer\u00e9ndum por el electorado catal\u00e1n, e impuso un redactado cocinado entre ese grupo de personas. Desde ese momento a los catalanes les fue negado su autogobierno, un estatuto votado por ellos y les fue impuesto otro texto. Y desde ese momento el sistema pol\u00edtico espa\u00f1ol, que ya no ten\u00eda una jefatura del estado por elecci\u00f3n democr\u00e1tica sino impuesta por Franco, pas\u00f3 a no tener un verdadero poder legislativo ni ejecutivo. Es el poder judicial quien corrige y decide las leyes, un poder que tampoco es elegido democr\u00e1ticamente.<\/span><\/p>\n<p class=\"mce\" style=\"text-align: justify;\"><span style=\"font-size: 14pt;\">Puede que exista una soluci\u00f3n jur\u00eddica para hacer reversible aquella decisi\u00f3n del Constitucional, aunque yo no la vea ni crea que el Estado profundo y el poder financiero que ha tomado el control total del Estado a trav\u00e9s de la Justicia lo desee, pero anular esa enorme violencia judicial supondr\u00eda una crisis institucional y pol\u00edtica total. Es decir, el final formal de este sistema nacido de los pactos del 78.<\/span><\/p>\n<p class=\"mce\" style=\"text-align: justify;\"><span style=\"font-size: 14pt;\">Pero, \u00bfqui\u00e9n mejor que el Presidente del Consejo General del Poder Judicial para poner negro sobre blanco la preeminencia sobre los poderes que nacen de la elecci\u00f3n ciudadana que se arrog\u00f3 la Justicia y el lugar que ocupa ahora en lo que fue, siempre malamente, un sistema de poderes?<\/span><\/p>\n<p class=\"mce\" style=\"text-align: justify;\"><span style=\"font-size: 14pt;\">As\u00ed se refiri\u00f3 Carlos Lesmes a lo que est\u00e1 aconteciendo en Catalu\u00f1a, \u00abciudadanos cegados por la irracionalidad est\u00e1n atacando de forma frontal la base de nuestra democracia para quebrar mediante la fuerza y la violencia el modelo de convivencia sobre el que se asientan los principios b\u00e1sicos de nuestra sociedad (&#8230;)\u00bb. Un juicio completo realiz\u00f3 en el mismo acto el general Presidente del Tribunal Militar Central refiri\u00e9ndose a \u00abburdos, contumaces y reiterados ataques que viene recibiendo el estado de derecho\u00bb. Y todo ello en presencia del Jefe del Estado y de las Fuerzas Armadas.<\/span><\/p>\n<p class=\"mce\" style=\"text-align: justify;\"><span style=\"font-size: 14pt;\">Esas valoraciones pol\u00edticas y la descalificaci\u00f3n de una parte de la ciudadan\u00eda en un conflicto pol\u00edtico tan profundo deja desamparada moral y pol\u00edticamente a esa parte de la poblaci\u00f3n y abre campo a la discrecionalidad en la persecuci\u00f3n. No es raro que hoy gran parte de la sociedad catalana no crea en las instituciones de este Estado.<\/span><\/p>\n<p class=\"mce\" style=\"text-align: justify;\"><span style=\"font-size: 14pt;\">El legislativo fue vaciado de su funci\u00f3n y el Gobierno, lo que debiera ser el ejecutivo, no parece controlar el proceso pol\u00edtico. Son esos poderes del Estado que denuncian y amenazan a esa mitad de la poblaci\u00f3n adulta catalana quienes ocupan todo el espacio. El actual sistema pol\u00edtico espa\u00f1ol, dada su evoluci\u00f3n en los \u00faltimos a\u00f1os, no cumple, seg\u00fan mi opini\u00f3n, con las garant\u00edas democr\u00e1ticas que suscribi\u00f3 en su d\u00eda en el Tratado de Lisboa, \u00bfmerece estar dentro de la Uni\u00f3n Europea? Creo que no.<\/span><\/p>\n<\/blockquote>\n<h2>\u00a0<\/h2>\n<p><img loading=\"lazy\" decoding=\"async\" class=\"aligncenter wp-image-23451 size-full\" src=\"https:\/\/puntocritico.com\/ausajpuntocritico\/wp-content\/uploads\/2019\/11\/4.-3.-J.-R.-Mora.jpg\" alt=\"\" width=\"570\" height=\"414\" data-id=\"23451\" srcset=\"https:\/\/puntocritico.com\/ausajpuntocritico\/wp-content\/uploads\/2019\/11\/4.-3.-J.-R.-Mora.jpg 570w, https:\/\/puntocritico.com\/ausajpuntocritico\/wp-content\/uploads\/2019\/11\/4.-3.-J.-R.-Mora-300x218.jpg 300w\" sizes=\"auto, (max-width: 570px) 100vw, 570px\" \/><\/p>\n<h1 style=\"text-align: center;\"><span style=\"color: #008000;\"><strong><span style=\"font-size: 18pt;\">\u00a0****<\/span><\/strong><\/span><\/h1>\n<h1><span style=\"font-size: 12pt;\"><span style=\"font-size: 14pt;\">SUMARIO:\u00a0<\/span><\/span><\/h1>\n<p><a id=\"ref0\"><\/a><a href=\"#ref0a\">[0] Violencia judicial, por Suso de Toro\u00a0<\/a><\/p>\n<p><a id=\"ref1a\"><\/a><a href=\"#ref1\">[1]\u00a0El Ateneo de Madrid acoge un acto de Falange que exalta la dictadura y pide acabar con la Constituci\u00f3n, por Alejandro Torr\u00fas<\/a><\/p>\n<p><a id=\"ref2a\"><\/a><a href=\"#ref2\">[2]\u00a0El fascismo ocupa el Ateneo de Madrid como en 1939, por Redacci\u00f3n La Vanguardia<\/a><\/p>\n<p><a id=\"ref3a\"><\/a><a href=\"#ref3\">[3] Santiago Torres, el juez que encarcel\u00f3 a Jes\u00fas Gil: \u00abLa maquinaria judicial est\u00e1 prevista para que no funcione, excepto con los robaperas\u00bb, entrevista por Raquel Ejerique<\/a><\/p>\n<p><a id=\"ref4a\"><\/a><a href=\"#ref4\">[4]\u00a0La jueza de Ceuta usa la doctrina Bot\u00edn para archivar el caso Tarajal tras procesar hace un mes a 16 agentes, por Gabriela S\u00e1nchez y Gonzalo Testa<\/a><\/p>\n<p><a id=\"ref5a\"><\/a><a href=\"#ref5\">[5] Marchena, reelegido presidente de la Sala de lo Penal del Supremo por 19 votos del CGPJ, por Julia P\u00e9rez<\/a><\/p>\n<\/div>\n<p>&nbsp;<\/p>\n<p style=\"text-align: center;\"><span style=\"color: #008000; font-size: 14pt;\">\u2666<\/span><span style=\"font-size: 14pt;\">\u2666<\/span><span style=\"color: #008000; font-size: 14pt;\">\u2666<\/span><span style=\"font-size: 14pt;\">\u2666<\/span><span style=\"color: #008000; font-size: 14pt;\">\u2666<\/span><\/p>\n<p>&nbsp;<\/p>\n<div class=\"article-header-title\">\n<h1 style=\"text-align: center;\"><strong><a id=\"ref1\"><\/a><a href=\"#ref1a\">[1]<\/a> El Ateneo de Madrid acoge un acto de Falange que exalta la dictadura y pide acabar con la Constituci\u00f3n<\/strong><\/h1>\n<\/div>\n<header class=\"article-header\">\n<div class=\"article-header-epigraph\">\n<p style=\"text-align: center;\"><strong><span style=\"font-size: 14pt;\">La instituci\u00f3n, que ha recibido este a\u00f1o 350.000 euros de subvenci\u00f3n p\u00fablica, se\u00f1ala que se trata de un \u00abacto de alquiler del espacio\u00bb.\u00a0Falange ocup\u00f3 y clausur\u00f3 en 1939 el edificio del Ateneo, que fue convertido en la Delegaci\u00f3n Provincial de Educaci\u00f3n Nacional del partido \u00fanico de la dictadura franquista. El Ateneo es un s\u00edmbolo de intelectualidad y progreso.\u00a0<\/span><\/strong><\/p>\n<\/div>\n<\/header>\n<div class=\"article-content\">\n<div class=\"column left-side\">\n<p style=\"text-align: justify;\"><span style=\"font-size: 14pt;\">Por Alejandro Torr\u00fas<\/span><\/p>\n<p style=\"text-align: justify;\"><a href=\"https:\/\/www.publico.es\/politica\/ateneo-madrid-acoge-acto-falange-exalta-dictadura-pide-acabar-constitucion.html\" target=\"_blank\" rel=\"noopener\"><span style=\"font-size: 14pt;\">Publico.es<\/span><\/a><\/p>\n<\/div>\n<\/div>\n<p>https:\/\/twitter.com\/lafalange\/status\/1188405583428378624<\/p>\n<p>&nbsp;<\/p>\n<p id=\"m345-344-346\" style=\"text-align: justify;\"><span style=\"font-size: 14pt;\">A finales de marzo de 1939, en los \u00faltimos d\u00edas de la Guerra Civil, l<b>a Falange ocup\u00f3 el Ateneo de Madrid<\/b>. La instituci\u00f3n,\u00a0<a href=\"https:\/\/ateneodemadrid.com\/index.php\/Sala-de-prensa\/Citas-en-medios\/El-Ateneo-de-Madrid-una-cuna-de-intelectuales-pp.-6-9.-de-Alvaro-Ley-Garrido.-Revista-Contrapunto-numero-44-enero-2018-de-la-Universidad-de-Alcala-de-Henares\" target=\"_blank\" rel=\"noopener noreferrer\">cuna de la intelectualidad y del liberalismo<\/a>, fue cerrada, desapareci\u00f3 el nombre de Ateneo y all\u00ed se instal\u00f3 la Delegaci\u00f3n Provincial de Educaci\u00f3n Nacional del partido \u00fanico de la dictadura franquista: la Falange Espa\u00f1ola Tradicionalista de las Juntas de Ofensiva Nacional-Sindicalista (FET de las de las JONS). Su sal\u00f3n de actos, de hecho, pas\u00f3 a ser el Aula de Cultura de la Delegaci\u00f3n. La ocupaci\u00f3n de Falange pon\u00eda fin, de esta manera, a un\u00a0<b>legado de 100 a\u00f1os de debate y de conocimiento<\/b>\u00a0y, tambi\u00e9n, \u00abpresumiblemente\u00bb provocaba la \u00abdesaparici\u00f3n\u00bb del archivo hist\u00f3rico de la instituci\u00f3n, a la que el propio\u00a0<a href=\"https:\/\/elpais.com\/elpais\/2019\/10\/29\/hechos\/1572351400_484533.html\" target=\"_blank\" rel=\"noopener noreferrer\">Jos\u00e9 Antonio Primo de Rivera<\/a>\u00a0acud\u00eda a estudiar. As\u00ed, al menos, a<a href=\"https:\/\/www.ateneodemadrid.com\/Archivo\/Estudios-y-Articulos\/El-Ateneo-de-Madrid-y-la-recuperacion-de-su-archivo-un-proyecto-de-memoria-historica\" target=\"_blank\" rel=\"noopener noreferrer\">parece recogido en la propia p\u00e1gina del Ateneo de Madrid<\/a>.\u00a0<\/span><\/p>\n<p id=\"m350-1-351\" style=\"text-align: justify;\"><span style=\"font-size: 14pt;\">Ochenta a\u00f1os despu\u00e9s de aquello, de la ocupaci\u00f3n y desaparici\u00f3n del Ateneo en manos de la Falange,\u00a0<b>el partido fascista ha regresado al Ateneo de Madrid<\/b>. Eso s\u00ed, esta vez pagando por alquilar el sal\u00f3n de actos del hist\u00f3rico edificio para conmemorar el nacimiento de Falange Espa\u00f1ola\u00a0<a href=\"https:\/\/es.wikipedia.org\/wiki\/Falange_Espa%C3%B1ola\" target=\"_blank\" rel=\"noopener noreferrer\">un\u00a029 de octubre de 1933 de la mano de Jos\u00e9 Antonio Primo de River<\/a><a href=\"https:\/\/es.wikipedia.org\/wiki\/Falange_Espa%C3%B1ola\" target=\"_blank\" rel=\"noopener noreferrer\">a<\/a>, el mismo partido que acabar\u00eda con la libertad de la instituci\u00f3n seis a\u00f1os despu\u00e9s de su fundaci\u00f3n. En el acto, que se celebr\u00f3 el s\u00e1bado, participaron varias de las corrientes que conforman el actual espacio falangista:\u00a0<a href=\"https:\/\/es.wikipedia.org\/wiki\/La_Falange_(partido)\" target=\"_blank\" rel=\"noopener noreferrer\">La Falange<\/a>,\u00a0<a href=\"http:\/\/www.viejaguardia.es\/\" target=\"_blank\" rel=\"noopener noreferrer\">la Hermandad Nacional de la Vieja Guardia<\/a>\u00a0y\u00a0<a href=\"https:\/\/falange.es\/\" target=\"_blank\" rel=\"noopener noreferrer\">FE de las JONS<\/a>. De hecho, fueron habituales los c\u00e1nticos que llamaban a la\u00a0<b>\u00abunidad\u00bb<\/b>\u00a0de los partidos falangistas.\u00a0<\/span><\/p>\n<p id=\"m360-3-361\" style=\"text-align: justify;\"><span style=\"font-size: 14pt;\">El Ateneo de Madrid, contactado por este medio, ha se\u00f1alado que se trata de un acto\u00a0<b>\u00abprivado\u00bb\u00a0<\/b>y que los organizadores\u00a0<b>pagaron por alquilar la sala<\/b>, pero a\u00fan no han concretado por qu\u00e9 importe. Los propios organizadores, desde la tribuna, reconocieron a lo largo del acto que el alquiler de la sala fue \u00abcomplicado\u00bb, pero que al final lo consiguieron pagando un\u00a0<b>\u00abbuen\u00bb alquiler.<\/b>\u00a0No obstante, la instituci\u00f3n que este 2019 recibi\u00f3\u00a0<b>350.000 euros de dinero p\u00fablico <\/b><a href=\"https:\/\/transparencia.madrid.es\/UnidadesDescentralizadas\/AdministracionElectronica\/Colecciones\/PlanesEstrategicosAreas\/PES_2019_2021(Decreto_14_02_19)_CULTURA%20Y%20DEPORTES.PDF\" target=\"_blank\" rel=\"noopener noreferrer\">entre el Ayuntamiento<\/a>\u00a0y la Comunidad de Madrid, todav\u00eda no ha contestado a la petici\u00f3n de informaci\u00f3n por parte de\u00a0<i>P\u00fablico<\/i>.\u00a0<\/span><\/p>\n<p id=\"m365-4-366\" style=\"text-align: justify;\"><span style=\"font-size: 14pt;\">As\u00ed, durante las dos horas que se prolong\u00f3 la celebraci\u00f3n, se cant\u00f3 el\u00a0<i>Cara al Sol<\/i>, se hizo el saludo fascista, se carg\u00f3 contra todo lo que se pod\u00eda cargar y\u00a0<b>se honr\u00f3 la memoria de los falangistas<\/b>\u00a0que se levantaron en armas contra la democracia republicana y apuntalaron el r\u00e9gimen franquista. As\u00ed, por ejemplo,\u00a0<b>Norberto Pico Sanabria,\u00a0<\/b>jefe Nacional de FET de las JONS,alab\u00f3 al escritor fascista\u00a0Rafael Garc\u00eda Serrano, que\u00a0<b>\u00abaquel 18 de julio cogi\u00f3 su fusil y sali\u00f3 a defender la unidad de Espa\u00f1a\u00bb<\/b>.\u00a0<\/span><\/p>\n<p id=\"m375-6-376\" style=\"text-align: justify;\"><span style=\"font-size: 14pt;\">El propio hijo de Rafael,\u00a0<b>Eduardo Garc\u00eda Serrano<\/b>, director de\u00a0<i>El Correo de Madrid<\/i>\u00a0y colaborador habitual de<i>\u00a0Intereconom\u00eda<\/i>, tambi\u00e9n tom\u00f3 la palabra para definirse como\u00a0<b>\u00abfranquista y falangista\u00bb<\/b>, cargar contra la izquierda<b>\u00a0\u00abrencorosa y analfabeta\u00bb\u00a0<\/b>de 1936 y de la actualidad, enaltecer a los luchadores falangistas que participaron en el golpe de Estado y la Guerra Civil y calificar a Franco como\u00a0<b>\u00abel mayor estadista\u00bb\u00a0<\/b>y\u00a0<b>\u00abcaudillo militar\u00bb<\/b>\u00a0de la Historia desde los Reyes Cat\u00f3licos a la actualidad.<\/span><\/p>\n<p id=\"m380-7-381\" style=\"text-align: justify;\"><span style=\"font-size: 14pt;\">Asimismo, Garc\u00eda Serrano tambi\u00e9n cont\u00f3 una an\u00e9cdota que cabe destacar. Se\u00f1al\u00f3 que el d\u00eda de la exhumaci\u00f3n de Franco del Valle de los Ca\u00eddos, estando \u00e9l en Mingorrubio, recibi\u00f3 una llamada del escritor\u00a0<b>Arturo P\u00e9rez Reverte<\/b>\u00a0para confesarle que su padre, el falangista\u00a0<a href=\"https:\/\/es.wikipedia.org\/wiki\/Rafael_Garc%C3%ADa_Serrano\" target=\"_blank\" rel=\"noopener noreferrer\">Rafael Garc\u00eda Serrano<\/a>, es \u00abel m\u00e1s grande\u00bb de todos los escritores que ha dado Espa\u00f1a \u00ab<b>desde Quevedo\u00bb.<\/b><\/span><\/p>\n<p id=\"m385-8-386\" style=\"text-align: justify;\"><span style=\"font-size: 14pt;\">Tambi\u00e9n dio un discurso el jefe nacional de La Falange, Manuel Andrino, que llam\u00f3 a acabar con \u00abla Constituci\u00f3n espa\u00f1ola\u00bb. \u00abLa Constituci\u00f3n espa\u00f1ola es la verdadera culpable del caos, de la ruina y de la situaci\u00f3n de ruptura y de enfrentamiento civil que se produce no s\u00f3lo en Catalunya sino en el resto de Espa\u00f1a\u00bb, pronunci\u00f3 Andrino, que pidi\u00f3\u00a0<b>la derogaci\u00f3n de la Carta<\/b>\u00a0magna\u00a0<b>\u00abpor in\u00fatil\u00bb<\/b>\u00a0y por\u00a0<b>\u00abantiespa\u00f1ola\u00bb<\/b>.\u00a0<\/span><\/p>\n<p>&nbsp;<\/p>\n<p style=\"text-align: center;\"><span style=\"color: #008000;\"><strong><span style=\"font-size: 18pt;\">****<\/span><\/strong><\/span><\/p>\n<header class=\"story-leaf-header row header-structure \">\n<h1 class=\"story-leaf-title col-xs-12 col-md-10\" style=\"text-align: center;\"><strong><a id=\"ref2\"><\/a><a href=\"#ref2a\">[2]<\/a> El fascismo ocupa el Ateneo de Madrid como en 1939<\/strong><\/h1>\n<\/header>\n<div class=\"header-structure\">\n<div class=\"row\">\n<h2 class=\"story-leaf-subtitle-item col-md-10\" style=\"text-align: center;\"><em><strong>La fundaci\u00f3n de Falange Espa\u00f1ola de las JONS celebra su aniversario enalteciendo el franquismo<\/strong><\/em><\/h2>\n<\/div>\n<\/div>\n<p><a href=\"https:\/\/www.lavanguardia.com\/local\/madrid\/20191031\/471299690168\/fascismo-falange-ocupa-ateneo-madrid-1939.html\" target=\"_blank\" rel=\"noopener\">La Vanguardia<\/a><\/p>\n<blockquote class=\"twitter-tweet\" data-width=\"500\" data-dnt=\"true\">\n<p lang=\"es\" dir=\"ltr\">Esta semana se celebr\u00f3 en un lugar tan importante como el Ateneo de Madrid este acto fascista en conmemoraci\u00f3n de la fundaci\u00f3n de Falange \u00bfA qu\u00e9 espera el gobierno para convertir en delito los actos de exaltaci\u00f3n de la dictadura? <a href=\"https:\/\/t.co\/6nEc6g4yHA\">pic.twitter.com\/6nEc6g4yHA<\/a><\/p>\n<p>&mdash; Lucio Mart\u00ednez Pereda (@anluma99) <a href=\"https:\/\/twitter.com\/anluma99\/status\/1189625927623495680?ref_src=twsrc%5Etfw\" target=\"_blank\" rel=\"noopener\">October 30, 2019<\/a><\/p><\/blockquote>\n<p><script async src=\"https:\/\/platform.twitter.com\/widgets.js\" charset=\"utf-8\"><\/script><\/p>\n<blockquote>\n<p>&nbsp;<\/p>\n<\/blockquote>\n<p style=\"text-align: justify;\"><span style=\"font-size: 14pt;\">La\u00a0<b>historia\u00a0<\/b>se ha\u00a0<b>repetido\u00a0<\/b>parcialmente\u00a0<b>80 a\u00f1os despu\u00e9s<\/b>. Si en 1939 la\u00a0<b>Falange\u00a0<\/b><b>ocup\u00f3\u00a0<\/b>y clausur\u00f3 el edificio del\u00a0<b>Ateneo\u00a0<\/b>de\u00a0<b>Madrid\u00a0<\/b>para convertirlo en una de sus sedes ministeriales, el pasado 27 de octubre fue un grupo de tardofranquistas el que ocup\u00f3 una de las cunas del conocimiento de la capital para ensalzar la dictadura de\u00a0<b>Francisco\u00a0<\/b><b>Franco\u00a0<\/b>mediante c\u00e1nticos -cara al sol-, v\u00edtores -ensalzando al dictador- y ataques a la democracia instaurada en Espa\u00f1a. Esta vez se emple\u00f3 dinero, y no la fuerza. El partido falangista alquil\u00f3 el local \u2018para realizar un acto privado pese a que la instituci\u00f3n se define como \u201creferente en la historia de\u00a0<b>Espa\u00f1a\u00a0<\/b>y dedicada a la difusi\u00f3n de la cultura\u201d.<\/span><\/p>\n<p style=\"text-align: justify;\"><span style=\"font-size: 14pt;\">Ese es el factor al que se agarra la direcci\u00f3n de la instituci\u00f3n para tratar de capear el temporal y no perder, entre otros, las subvenciones anuales que en este 2019 ascienden a 350.000 euros de la mano del\u00a0<b>Ayuntamiento y la Comunidad de Madrid<\/b>. El acto de\u00a0<b>Falange\u00a0<\/b>contrasta con el lema de campa\u00f1a del actual presidente, el arquitecto\u00a0<b>Juan Armindo Hern\u00e1ndez Montero<\/b>, que se present\u00f3 a las \u00faltimas elecciones con el eslogan \u201cNuevos aires para el Ateneo\u201d.<\/span><\/p>\n<div id=\"hybs-slot-e6afd4d5\" class=\"hybs-slot\">\n<p style=\"text-align: justify;\"><span style=\"font-size: 14pt;\">Seg\u00fan detalla P\u00fablico, Norberto Pico Sarabia, presidente de la\u00a0<b>Hermandad de la\u00a0<\/b><b>Vieja Guardia<\/b>, alab\u00f3 al escritor fascista Rafael Garc\u00eda Serrano, que \u201caquel 18 de julio cogi\u00f3 su fusil y sali\u00f3 a defender la unidad de Espa\u00f1a\u201d.<\/span><\/p>\n<\/div>\n<div id=\"hybs-slot-e6afd4d5\" class=\"hybs-slot\">\n<p style=\"text-align: justify;\"><span style=\"font-size: 14pt;\">A \u00e9l le siguieron m\u00e1s intervenciones, como la de\u00a0<b>Eduardo Garc\u00eda Serrano<\/b>, director de El Correo de Madrid y colaborador habitual de Intereconom\u00eda, quien no dud\u00f3 en definirse, micr\u00f3fono en mano, como \u201cfranquista y falangista\u201d.\u00a0<b>Garc\u00eda Serrano<\/b>\u00a0aprovech\u00f3 para cargar contra la izquierda \u201crencorosa y analfabeta\u201d de 1936 y de la actualidad, enaltecer a los luchadores falangistas que participaron en el golpe de Estado y la Guerra Civil y calificar a Franco como \u201cel mayor estadista\u201d y \u201ccaudillo militar\u201d de la Historia desde los Reyes Cat\u00f3licos a la actualidad.<\/span><\/p>\n<\/div>\n<p style=\"text-align: justify;\"><span style=\"font-size: 14pt;\">Pese a las cr\u00edticas recibidas tras conocerse este acto, la junta directiva del Ateneo guarda silencio sobre los motivos que llevaron a aceptar la celebraci\u00f3n de este acto dado que, seg\u00fan reza en sus estatutos, la programaci\u00f3n de actividades que pueden ser objeto de pol\u00e9mica suelen ser votados en el seno de la junta.<\/span><\/p>\n<p>&nbsp;<\/p>\n<p style=\"text-align: justify;\"><img loading=\"lazy\" decoding=\"async\" class=\"aligncenter wp-image-23361\" src=\"https:\/\/puntocritico.com\/ausajpuntocritico\/wp-content\/uploads\/2019\/10\/Franquismo-Sociol\u00f3gico-OK.jpg\" alt=\"\" width=\"504\" height=\"275\" data-id=\"23361\" srcset=\"https:\/\/puntocritico.com\/ausajpuntocritico\/wp-content\/uploads\/2019\/10\/Franquismo-Sociol\u00f3gico-OK.jpg 304w, https:\/\/puntocritico.com\/ausajpuntocritico\/wp-content\/uploads\/2019\/10\/Franquismo-Sociol\u00f3gico-OK-300x164.jpg 300w\" sizes=\"auto, (max-width: 504px) 100vw, 504px\" \/><\/p>\n<p>&nbsp;<\/p>\n<p style=\"text-align: center;\"><span style=\"color: #008000;\"><strong><span style=\"font-size: 18pt;\">****<\/span><\/strong><\/span><\/p>\n<h1 class=\"pg-headline\" style=\"text-align: center;\"><strong><a id=\"ref3\"><\/a><a href=\"#ref3a\">[3]<\/a> Santiago Torres, el juez que encarcel\u00f3 a Jes\u00fas Gil: \u00abLa maquinaria judicial est\u00e1 prevista para que no funcione, excepto con los robaperas\u00bb<\/strong><\/h1>\n<h2 style=\"text-align: center;\"><em><strong>Dej\u00f3 la toga desmotivado, especialmente cuando vio que se met\u00eda en la c\u00e1rcel a boleros [que transportan droga en el cuerpo] pero no se investigaba a las mafias que los explotaban: \u00abYo no pod\u00eda dictar una sentencia m\u00e1s\u00bb, dice a eldiario.es<\/strong><\/em><\/h2>\n<h2 style=\"text-align: center;\"><strong><em>\u00abExiste corrupci\u00f3n porque hay \u00e1reas de impunidad: es lo mismo que se tire el dinero o que no, que haya estaciones vac\u00edas del Ave o aeropuertos sin vuelos\u00bb, se\u00f1ala el ahora abogado Santiago Torres<\/em><\/strong><\/h2>\n<div class=\"subtitle bkn mce sk2\">\n<h2 style=\"text-align: center;\"><strong><em>\u00abLa Justicia en Espa\u00f1a puede ser muy d\u00f3cil al poder pol\u00edtico, porque el sistema de promoci\u00f3n est\u00e1 basado en nombramientos discrecionales y solo progresan dentro de la carrera judicial aquellos que no son versos sueltos ni problem\u00e1ticos\u00bb<\/em><\/strong><\/h2>\n<\/div>\n<p style=\"text-align: justify;\"><span style=\"font-size: 14pt;\">Por Raquel Ejerique<\/span><\/p>\n<p style=\"text-align: justify;\"><a href=\"https:\/\/www.eldiario.es\/politica\/Santiago-Torres-Jesus-Gil-maquinaria_0_958204796.html\" target=\"_blank\" rel=\"noopener\"><span style=\"font-size: 14pt;\">Eldiario.es<\/span><\/a><\/p>\n<figure id=\"attachment_23364\" aria-describedby=\"caption-attachment-23364\" style=\"width: 643px\" class=\"wp-caption aligncenter\"><img loading=\"lazy\" decoding=\"async\" class=\"wp-image-23364 size-full\" src=\"https:\/\/puntocritico.com\/ausajpuntocritico\/wp-content\/uploads\/2019\/11\/exjuez-Santiago-Torres-abogado-despacho_EDIIMA20191030_0767_5.jpg\" alt=\"\" width=\"643\" height=\"532\" data-id=\"23364\" srcset=\"https:\/\/puntocritico.com\/ausajpuntocritico\/wp-content\/uploads\/2019\/11\/exjuez-Santiago-Torres-abogado-despacho_EDIIMA20191030_0767_5.jpg 643w, https:\/\/puntocritico.com\/ausajpuntocritico\/wp-content\/uploads\/2019\/11\/exjuez-Santiago-Torres-abogado-despacho_EDIIMA20191030_0767_5-300x248.jpg 300w\" sizes=\"auto, (max-width: 643px) 100vw, 643px\" \/><figcaption id=\"caption-attachment-23364\" class=\"wp-caption-text\"><span style=\"color: #008000;\">El exjuez Santiago Torres, ahora abogado, en su despacho MARTA JARA<\/span><\/figcaption><\/figure>\n<p>&nbsp;<\/p>\n<p class=\"mce\" style=\"text-align: justify;\"><span style=\"font-size: 14pt;\">Santiago Torres entr\u00f3 en la carrera judicial con 26 a\u00f1os y pas\u00f3 \u00absudores para intentar aplicar el Derecho con el peso que supon\u00eda juzgar a otros\u00bb. Destap\u00f3 uno de los primeros casos de corrupci\u00f3n urban\u00edstica en la Marbella de Jes\u00fas Gil y se hizo famoso tras meter en la c\u00e1rcel al alcalde, entonces todopoderoso y presidente del Atl\u00e9tico de Madrid,\u00a0<a class=\"mce\" href=\"https:\/\/www.elconfidencial.com\/television\/2019-07-08\/el-pionero-cronologia-escandalos-caso-jesus-gil_2109391\/\" target=\"_blank\" rel=\"noopener noreferrer\">por el caso Camisetas en 1998<\/a>. Se march\u00f3 a Madrid, tras una campa\u00f1a de desprestigio que incluy\u00f3 manifestaciones vecinales contra \u00e9l y denuncias. Despu\u00e9s de varios infartos, en los que \u00abes de suponer que tuvo mucho que ver la herencia gen\u00e9tica\u00bb, y algunas decepciones, dej\u00f3 la magistratura. Santiago Torres tambi\u00e9n fue el juez del caso Guateque (qued\u00f3 sobrese\u00eddo y \u00e9l amonestado por un retraso en el sumario de 130.000 folios), el caso Alierta (contra el entonces presidente de Telef\u00f3nica) o el que desarticul\u00f3 el clan de los b\u00falgaros. Todo le \u00abvali\u00f3 la pena\u00bb.<\/span><\/p>\n<p class=\"mce\" style=\"text-align: justify;\"><span style=\"font-size: 14pt;\"><strong class=\"mce\">Usted meti\u00f3 en la c\u00e1rcel a Jes\u00fas Gil cuando era alcalde de Marbella. \u00bfLe sorprende que la mayor\u00eda de los pol\u00edticos juzgados y condenados lo sean cuando ya se han retirado? Por ejemplo, Eduardo Zaplana, Esperanza Aguirre&#8230;<\/strong><\/span><\/p>\n<p class=\"mce\" style=\"text-align: justify;\"><span style=\"font-size: 14pt;\">Yo recuerdo lo que me contaba un fiscal de Marbella: que \u00e9l no se met\u00eda en determinados asuntos porque eran pol\u00edticos y supon\u00edan problemas. Es muy f\u00e1cil mirar para otro lado en cuestiones que afectan a los pol\u00edticos y al poder y la tentaci\u00f3n supongo que ser\u00e1 muy grande. Tiene que ver con que te creas que eres juez o un mero funcionario que pasa papeles. Que est\u00e9s convencido del valor del Derecho para resolver conflictos, que es lo que determina el valor de nuestra civilizaci\u00f3n. Eso puede ser aplicado solo de una forma: sin sometimientos a otros intereses de los estrictamente establecidos por la ley. Y si tienes otros intereses, probablemente no merezcas ser juez. Es una cuesti\u00f3n de ser o no ser.<\/span><\/p>\n<p class=\"mce\" style=\"text-align: justify;\"><span style=\"font-size: 14pt;\"><strong class=\"mce\">\u00bfLe dieron m\u00e1s miedo las amenazas de Jes\u00fas Gil o las del clan de los b\u00falgaros?<\/strong><\/span><\/p>\n<p class=\"mce\" style=\"text-align: justify;\"><span style=\"font-size: 14pt;\">A m\u00ed las amenazas de Gil no me daban miedo, lo que me dio verdaderamente miedo fue que tuviera influencias en el sistema judicial. Tuve que dedicarme m\u00e1s a mi defensa por los ataques de la propia casa que al trabajo judicial. Es una forma de presi\u00f3n terrible. Tuve que hacer frente a 17 denuncias y cuatro querellas.\u00a0<\/span><\/p>\n<p class=\"mce\" style=\"text-align: justify;\"><span style=\"font-size: 14pt;\"><strong class=\"mce\">En 2013 dej\u00f3 la toga y se pas\u00f3 a la abogac\u00eda. \u00bfCu\u00e1ndo dej\u00f3 de creer en el sistema judicial?<\/strong><\/span><\/p>\n<p class=\"mce\" style=\"text-align: justify;\"><span style=\"font-size: 14pt;\">Siempre cre\u00ed que cada uno desde su puesto pod\u00eda hacer algo importante. Pero me di cuenta de que yo no era un ladrillo de un muro que yo cre\u00eda que se llamaba Estado de Derecho. Ve\u00eda que el \u00fanico que se llevaba las leches era yo, y que no hab\u00eda ning\u00fan ladrillo m\u00e1s, y me di cuenta de que era un sacrificio est\u00e9ril. El Estado es susceptible de incre\u00edbles mejoras que no se pueden hacer desde el sacrificio individual de los funcionarios. La norma de conducta no debe ser la heroicidad. Por eso pens\u00e9 que m\u00e1s val\u00eda dejarlo.<\/span><\/p>\n<p class=\"mce\" style=\"text-align: justify;\"><span style=\"font-size: 14pt;\"><strong class=\"mce\">Dice que ser juez acab\u00f3 siendo un peso para usted. \u00bfPor qu\u00e9?<\/strong><\/span><\/p>\n<p class=\"mce\" style=\"text-align: justify;\"><span style=\"font-size: 14pt;\">La maquinaria judicial est\u00e1 prevista para que no funcione, excepto en el caso de los robaperas, ah\u00ed funciona de una forma hasta cruel. Uno de los casos que m\u00e1s me desmotiv\u00f3 fue el de los boleros [las personas que transportan bolas de droga en el cuerpo]. Suelen ir a prisi\u00f3n porque no tienen arraigo en Espa\u00f1a y son pillados\u00a0<em class=\"mce\">in fraganti<\/em>. Pero desde el punto de vista del juez que est\u00e1 de guardia est\u00e1 claro que este se\u00f1or no viene a traer eso para s\u00ed mismo ni para venderlo en las discotecas de Madrid. Este hombre viene para traerlo para alguien. No vas a aplicar con toda la dureza el C\u00f3digo Penal a la escala m\u00e1s baja, a los desgraciados. Pero claro, se acumulaban los asuntos el d\u00eda de la guardia con investigaciones complicadas.<\/span><\/p>\n<p class=\"mce\" style=\"text-align: justify;\"><span style=\"font-size: 14pt;\">Y cuando llego a la Audiencia Provincial de Madrid y veo que todo el proceso es contra el bolero&#8230; Todo terminado el d\u00eda de la guardia y a juicio. Y le caen 9 u 11 a\u00f1os de prisi\u00f3n. \u00bfEstamos metiendo en las c\u00e1rceles a hombres desgraciados usados como mulas a costa de sus propias vidas y no miramos a d\u00f3nde van y qui\u00e9nes son esas redes de explotaci\u00f3n? Yo no pod\u00eda dictar una sentencia m\u00e1s. El sistema es completamente injusto. Solamente se castiga a los robaperas, y excepcionalmente cae alguno m\u00e1s para mantener el sistema.\u00a0<\/span><\/p>\n<p>&nbsp;<\/p>\n<figure id=\"attachment_23365\" aria-describedby=\"caption-attachment-23365\" style=\"width: 643px\" class=\"wp-caption aligncenter\"><img loading=\"lazy\" decoding=\"async\" class=\"wp-image-23365 size-full\" src=\"https:\/\/puntocritico.com\/ausajpuntocritico\/wp-content\/uploads\/2019\/11\/Santiago-Torres-abogado-juez_EDIIMA20191030_0769_4.jpg\" alt=\"\" width=\"643\" height=\"362\" data-id=\"23365\" srcset=\"https:\/\/puntocritico.com\/ausajpuntocritico\/wp-content\/uploads\/2019\/11\/Santiago-Torres-abogado-juez_EDIIMA20191030_0769_4.jpg 643w, https:\/\/puntocritico.com\/ausajpuntocritico\/wp-content\/uploads\/2019\/11\/Santiago-Torres-abogado-juez_EDIIMA20191030_0769_4-300x169.jpg 300w\" sizes=\"auto, (max-width: 643px) 100vw, 643px\" \/><figcaption id=\"caption-attachment-23365\" class=\"wp-caption-text\"><span style=\"color: #008000;\">Santiago Torres, abogado y antes juez MARTA JARA<\/span><\/figcaption><\/figure>\n<p>&nbsp;<\/p>\n<p class=\"mce\" style=\"text-align: justify;\"><span style=\"font-size: 14pt;\"><strong class=\"mce\">\u00bfC\u00f3mo nace y se reproduce la corrupci\u00f3n?<\/strong><\/span><\/p>\n<p class=\"mce\" style=\"text-align: justify;\"><span style=\"font-size: 14pt;\">Existe corrupci\u00f3n porque hay \u00e1reas de impunidad. Por ejemplo, nunca se ha establecido un verdadero control de eficiencia de la actividad administrativa. Es lo mismo que valga 8 que 80, que se tire el dinero o no, que haya estaciones vac\u00edas del Ave o aeropuertos sin vuelos&#8230; y todo pagado con dinero p\u00fablico. En estas \u00e1reas, donde no hay control de eficacia, es donde hay posibilidad de corrupci\u00f3n.<\/span><\/p>\n<p class=\"mce\" style=\"text-align: justify;\"><span style=\"font-size: 14pt;\"><strong class=\"mce\">\u00bfY tambi\u00e9n por cierta impunidad judicial? Ha dicho usted que \u00abla Justicia en Espa\u00f1a puede ser muy d\u00f3cil al poder pol\u00edtico\u00bb. \u00bfEn qu\u00e9 sentido?<\/strong><\/span><\/p>\n<p class=\"mce\" style=\"text-align: justify;\"><span style=\"font-size: 14pt;\">En el sentido de que solo progresan profesionalmente dentro de la carrera judicial aquellos que no son versos sueltos ni problem\u00e1ticos, desde el punto de vista pol\u00edtico. El sistema de promoci\u00f3n judicial est\u00e1 basado en nombramientos discrecionales de personas que son de estricta confianza pol\u00edtica. Estamos hablando de nombramientos del Consejo General del Poder Judicial (CGPJ), presidentes de Audiencia, presidentes de Tribunales Superiores de Justicia, magistrados del Supremo\u2026 Por no hablar de otros nombramientos que tienen relaci\u00f3n con un desahogo profesional, como servicios de inspecci\u00f3n, letrados del CGPJ o letrados del Constitucional.<\/span><\/p>\n<p class=\"mce\" style=\"text-align: justify;\"><span style=\"font-size: 14pt;\"><strong class=\"mce\">Precisamente la \u00faltima renovaci\u00f3n del CGPJ hizo aguas tras un whatsapp de Cosid\u00f3 en el que suger\u00eda que Marchena ser\u00eda presidente e iba a favorecer al PP&#8230;<\/strong><\/span><\/p>\n<p class=\"mce\" style=\"text-align: justify;\"><span style=\"font-size: 14pt;\">El CGPJ tiene que ser abolido o sustituido en la forma de elecci\u00f3n. Si tiene que ser \u00f3rgano de gesti\u00f3n, un \u00f3rgano colegiado no es efectivo para eso. Si tiene que ser un mero \u00f3rgano \u00e1ulico sin gesti\u00f3n y de establecimiento del deber ser judicial, entonces tiene que ser nombrado de otra forma, porque quienes deciden c\u00f3mo tienen que comportarse los jueces no pueden ser elegidos a dedo por los que tienen el poder pol\u00edtico. Y eso el Consejo de Europa nos lo ha dicho por activa y por pasiva. Adem\u00e1s, si la dotaci\u00f3n de medios materiales y personales de los juzgados est\u00e1 intervenida por las conveniencias pol\u00edticas, el funcionamiento de los juzgados est\u00e1 mediado por razones pol\u00edticas.\u00a0<\/span><\/p>\n<p class=\"mce\" style=\"text-align: justify;\"><span style=\"font-size: 14pt;\"><strong class=\"mce\">\u00bfQuiere decir que seg\u00fan lo bien o mal que se lleva el juez con el pol\u00edtico se le da m\u00e1s o menos dinero? \u00bfAs\u00ed de rudo?<\/strong><\/span><\/p>\n<p class=\"mce\" style=\"text-align: justify;\"><span style=\"font-size: 14pt;\">T\u00fa no me das problemas, yo te pongo el personal que te falta. Si no, te boicoteo el personal, o no pago los peritos que te est\u00e1n haciendo las investigaciones, como me pas\u00f3 a m\u00ed con la Comunidad de Madrid en el caso Guateque [investigaba una trama de sobornos de funcionarios del Ayuntamiento de Gallard\u00f3n y fue finalmente\u00a0<a class=\"mce\" href=\"https:\/\/elpais.com\/ccaa\/2017\/06\/26\/madrid\/1498497454_592742.html\" target=\"_blank\" rel=\"noopener noreferrer\">archivado tras anularse todas las pruebas<\/a>].<\/span><\/p>\n<p class=\"mce\" style=\"text-align: justify;\"><span style=\"font-size: 14pt;\"><strong class=\"mce\">El Supremo decidi\u00f3 que los gastos de las hipotecas los pagaran los bancos y al d\u00eda siguiente recul\u00f3 por la \u00abenorme repercusi\u00f3n econ\u00f3mica y social\u00bb. \u00bfTambi\u00e9n hay injerencias econ\u00f3micas, en su opini\u00f3n?<br class=\"mce\" \/><br \/>\n<\/strong><\/span><\/p>\n<p class=\"mce\" style=\"text-align: justify;\"><span style=\"font-size: 14pt;\">Ha habido otros casos m\u00e1s llamativos a\u00fan, y que demuestran la conexi\u00f3n del Supremo con los intereses econ\u00f3micos. Y me refiero a la nulidad de las cl\u00e1usulas suelo. Se determin\u00f3 que, aunque pod\u00edan ser nulas, el efecto no era desde la firma, sino desde la declaraci\u00f3n de la sentencia del Supremo, con lo que se rompi\u00f3 con la tradici\u00f3n hist\u00f3rica, porque desde la \u00e9poca del derecho romano se dec\u00eda que lo que es nulo es nulo desde un principio, y por tanto desde el momento en que se hizo la contrataci\u00f3n. El Supremo tom\u00f3 esa decisi\u00f3n por una raz\u00f3n de apreciaci\u00f3n de conveniencia econ\u00f3mica. \u00daltimamente est\u00e1 proporcionando demasiados supuestos en los que toma en consideraci\u00f3n principios que son extralegales, metajur\u00eddicos. Creo que tiene que ver con la forma de selecci\u00f3n que tiene el tribunal, personas que ganan la confianza de personas que a su vez tienen confianza pol\u00edtica.<\/span><\/p>\n<p class=\"mce\" style=\"text-align: justify;\"><span style=\"font-size: 14pt;\"><strong class=\"mce\">\u00bfEst\u00e1 de acuerdo con la sentencia sobre Catalunya? \u00bfHa habido sedici\u00f3n?<\/strong><\/span><\/p>\n<p class=\"mce\" style=\"text-align: justify;\"><span style=\"font-size: 14pt;\">La rebeli\u00f3n tal y como est\u00e1 definida en el C\u00f3digo Penal es un delito de imposible aplicaci\u00f3n. Se define por el que se alzare. Un alzamiento es una fuerza armada que se pone en contra del gobierno y que quiere sustituir el orden constitucional. El delito de rebeli\u00f3n est\u00e1 pensado para evitar un 18 de julio. Pero desde el momento en que se realiza el alzamiento, que requiere fuerza armada, estar\u00edamos ante una fuerza insurgente, y como fuerza insurgente, se aplica el c\u00f3digo militar. Jam\u00e1s podr\u00edan los tribunales civiles juzgar un delito de rebeli\u00f3n. Un alzamiento es lo que hizo Tejero. Lo ins\u00f3lito es que el C\u00f3digo Penal que tenemos, con treinta y tantas modificaciones, est\u00e1 generando una discusi\u00f3n pol\u00edtica y social irracional. Los pa\u00edses de nuestro entorno tampoco tienen el delito de rebeli\u00f3n, sino de traici\u00f3n, para aquel que traicione el orden constitucional. Sedici\u00f3n era la \u00fanica posibilidad de condena que pod\u00eda haber.<\/span><\/p>\n<p class=\"mce\" style=\"text-align: justify;\"><span style=\"font-size: 14pt;\"><strong class=\"mce\">\u00bfO por des\u00f3rdenes p\u00fablicos?<\/strong><\/span><\/p>\n<p class=\"mce\" style=\"text-align: justify;\"><span style=\"font-size: 14pt;\">Es que no se deber\u00eda haber producido, y bastaba con aplicar la desobediencia, como ped\u00edan los requerimientos desatendidos del Tribunal Constitucional. Se ten\u00edan que haber tomado medidas cautelares para impedir el refer\u00e9ndum del 1 de octubre. La soluci\u00f3n pasaba por el Tribunal Superior de Justicia de Catalu\u00f1a, que podr\u00eda haber impedido la comisi\u00f3n de delitos si el viernes por la tarde los cuerpos y fuerzas de seguridad toman los colegios. Y si se quiere votar se hace en las plazas, en las calles, vale, pero la legitimidad hubiera sido diferente.<\/span><\/p>\n<p class=\"mce\" style=\"text-align: justify;\"><span style=\"font-size: 14pt;\"><strong class=\"mce\">\u00bfQu\u00e9 le pide al siguiente gobierno, despu\u00e9s del 10N?<\/strong><\/span><\/p>\n<p class=\"mce\" style=\"text-align: justify;\"><span style=\"font-size: 14pt;\">Tres cosas. Hay que recuperar la unidad jurisdiccional, porque sobre un mismo asunto hay setenta opiniones diversas, y todas valen. Si en situaciones an\u00e1logas no todos los juzgados dicen lo mismo, nuestro sistema no funciona bien.\u00a0<\/span><\/p>\n<p class=\"mce\" style=\"text-align: justify;\"><span style=\"font-size: 14pt;\"><strong class=\"mce\">Se refiere a que seg\u00fan en qu\u00e9 juzgado caes, te va mejor o peor&#8230;<\/strong><\/span><\/p>\n<p class=\"mce\" style=\"text-align: justify;\"><span style=\"font-size: 14pt;\">Exacto, los pronunciamientos judiciales deben ser absolutamente previsibles, porque si no el ciudadano no sabe a qu\u00e9 tiene que acomodar su comportamiento. Si la determinaci\u00f3n de lo que se ajusta o no a Derecho depende de cada juez y valen lo mismo decisiones contradictorias sobre un mismo tema, perdemos la seguridad jur\u00eddica, abandonamos a la postre la ley para entrar en la arbitrariedad judicial.<\/span><\/p>\n<p class=\"mce\" style=\"text-align: justify;\"><span style=\"font-size: 14pt;\">La segunda cuesti\u00f3n que pedir\u00eda es asegurar la independencia judicial, estableciendo controles de compatibilidad, declaraci\u00f3n de intereses y sobre todo asegurando que la promoci\u00f3n judicial no dependa del dedazo pol\u00edtico y que puedan ser elegidos por los propios jueces, estableciendo criterios objetivos de concurso de valores que establezcan qui\u00e9n es m\u00e1s o menos apto. Eso es garantizar la independencia judicial. Adem\u00e1s, si quieres personas que lleven a cabo la funci\u00f3n jurisdiccional, retrib\u00fayelas y no las machaques con sobrecarga de trabajo. Siempre me hubiera gustado trabajar como un juez alem\u00e1n y cobrar como un juez portugu\u00e9s. Ese ser\u00eda el paradigma de la independencia del juez.<\/span><\/p>\n<p class=\"mce\" style=\"text-align: justify;\"><span style=\"font-size: 14pt;\"><strong class=\"mce\">\u00bfAlguna otra sugerencia al futuro gobierno?<\/strong><\/span><\/p>\n<p class=\"mce\" style=\"text-align: justify;\"><span style=\"font-size: 14pt;\">La tercera cuesti\u00f3n ser\u00eda eliminar las trabas que supone la propia administraci\u00f3n. Realizar la inform\u00e1tica no es escanear papeles, es establecer sistemas inform\u00e1ticos que ayuden y no esclavicen. Con inteligencia artificial, que no requiera la actuaci\u00f3n mecanogr\u00e1fica de jueces y oficiales. No es necesario procedimentar hasta lo m\u00e1s m\u00ednimo con resoluciones judiciales infinitas.\u00a0<\/span><\/p>\n<p class=\"mce\" style=\"text-align: justify;\"><span style=\"font-size: 14pt;\"><strong class=\"mce\">Tras el caso de la manada hubo un debate social sobre la justicia. \u00bfUsted cree que la ley y\/o sus aplicadores son machistas?<\/strong><\/span><\/p>\n<p class=\"mce\" style=\"text-align: justify;\"><span style=\"font-size: 14pt;\">Algunos casos se ven, pero no dir\u00eda que en t\u00e9rminos generales la justicia es machista. Existen patolog\u00edas, como en todos los \u00e1mbitos de la vida. Es un problema general de la sociedad, no espec\u00edfico de la justicia.<\/span><\/p>\n<p class=\"mce\" style=\"text-align: justify;\"><span style=\"font-size: 14pt;\"><strong class=\"mce\">Muchos de los preparadores de opositores a juez cobran en negro. \u00bfNo le parece incoherente? \u00bfNo deber\u00edan los jueces o fiscales ser los primeros en cumplir la ley?<\/strong><\/span><\/p>\n<p class=\"mce\" style=\"text-align: justify;\"><span style=\"font-size: 14pt;\">Ser\u00eda lo propio. Pero me planteo otras cuestiones. Las oposiciones se hicieron para favorecer el interclasismo y que cualquier persona que no tuviera relaci\u00f3n con la justicia pudiera acceder al cargo, como en mi caso. Pero un juez se forma o malforma a lo largo del ejercicio profesional y eso se soluciona si antes de las oposiciones has tenido un periodo de desarrollo profesional y madurez personal. Justamente el sistema de oposici\u00f3n propicia que esa persona se a\u00edsle de la sociedad en la que va impartir justicia. Yo entr\u00e9 en la carrera judicial con 26 a\u00f1os y pas\u00e9 sudores para intentar aplicar el derecho con el peso que supon\u00eda juzgar a otros. Estaba avasallado por la sensaci\u00f3n de responsabilidad. No sab\u00eda enjuiciar determinadas cuestiones, porque solo te lo da la experiencia. No me llama mucho la atenci\u00f3n lo que cobran los preparadores, lo que me preocupa es que alguien tras acabar la carrera, sin haber tenido la m\u00e1s m\u00ednima experiencia vital, profesional o jur\u00eddica, y porque se ha encerrado y aislado de la sociedad para sacar las oposiciones, empiece a ejercer.<\/span><\/p>\n<p>&nbsp;<\/p>\n<blockquote>\n<h3 class=\"cutting-title\" style=\"text-align: center;\"><span style=\"color: #003300; font-size: 18pt;\"><strong>C\u00f3mo vota Santiago Torres<\/strong><\/span><\/h3>\n<p style=\"text-align: center;\"><span style=\"color: #008000;\"><strong><span style=\"font-size: 14pt;\">\u00abNo s\u00e9 si ir\u00e9 a votar, porque estoy consternado. No he o\u00eddo propuestas de proyectos de desarrollo industrial, empleo, ni el mal funcionamiento del mercado bancario. No veo a nadie competente hablando de problemas. No oigo m\u00e1s propuestas de empleo que darle al rodillo del BOE para crear nuevos funcionarios. Para m\u00ed el 10N no va a ser una fiesta, sino el d\u00eda de la marmota. Cuando voto uso la cortina, porque demasiadas cosas raras he visto en mi vida. He sido presidente de zona electoral, y he tenido que llevar delitos electorales adelante, como falsificaci\u00f3n de votos por correo. Lo de la cortina es b\u00e1sico\u00bb<\/span><\/strong><\/span><\/p>\n<\/blockquote>\n<p>&nbsp;<\/p>\n<p><a href=\"https:\/\/es.slideshare.net\/juandi\/la-dictadura-de-francoi\" target=\"_blank\" rel=\"noopener\"><img loading=\"lazy\" decoding=\"async\" class=\"aligncenter wp-image-23366 size-full\" src=\"https:\/\/puntocritico.com\/ausajpuntocritico\/wp-content\/uploads\/2019\/11\/la-dictadura-de-franco-7-728-OK.jpg\" alt=\"\" width=\"728\" height=\"546\" data-id=\"23366\" srcset=\"https:\/\/puntocritico.com\/ausajpuntocritico\/wp-content\/uploads\/2019\/11\/la-dictadura-de-franco-7-728-OK.jpg 728w, https:\/\/puntocritico.com\/ausajpuntocritico\/wp-content\/uploads\/2019\/11\/la-dictadura-de-franco-7-728-OK-300x225.jpg 300w, https:\/\/puntocritico.com\/ausajpuntocritico\/wp-content\/uploads\/2019\/11\/la-dictadura-de-franco-7-728-OK-678x509.jpg 678w, https:\/\/puntocritico.com\/ausajpuntocritico\/wp-content\/uploads\/2019\/11\/la-dictadura-de-franco-7-728-OK-326x245.jpg 326w, https:\/\/puntocritico.com\/ausajpuntocritico\/wp-content\/uploads\/2019\/11\/la-dictadura-de-franco-7-728-OK-80x60.jpg 80w\" sizes=\"auto, (max-width: 728px) 100vw, 728px\" \/><\/a><\/p>\n<p>&nbsp;<\/p>\n<p style=\"text-align: center;\"><span style=\"color: #008000;\"><strong><span style=\"font-size: 18pt;\">****<\/span><\/strong><\/span><\/p>\n<div class=\"cutting\">\n<div class=\"cutting-wrapper\">\n<h1 class=\"pg-headline\" style=\"text-align: center;\"><strong><a id=\"ref4\"><\/a><a href=\"#ref4a\">[4]<\/a> La jueza de Ceuta usa la doctrina Bot\u00edn para archivar el caso Tarajal tras procesar hace un mes a 16 agentes<\/strong><\/h1>\n<\/div>\n<\/div>\n<h2 style=\"text-align: center;\"><em>El juzgado de instrucci\u00f3n n\u00famero 6 de Ceuta ha estimado el recurso de la Fiscal\u00eda y cierra el caso en aplicaci\u00f3n de la doctrina Bot\u00edn<\/em><\/h2>\n<h2 style=\"text-align: center;\"><strong><em>La jueza ceut\u00ed\u00a0mantiene que contin\u00faa identificando la \u00abpresencia de indicios de delito de homicidio imprudente y denegaci\u00f3n de auxilio\u00bb<\/em><\/strong><\/h2>\n<div class=\"subtitle bkn mce sk2\">\n<h2 style=\"text-align: center;\"><strong><em>Destaca la falta de acusaci\u00f3n particular para justificar la aplicaci\u00f3n de la doctrina Bot\u00edn, pero el juzgado deneg\u00f3 en dos ocasiones la personaci\u00f3n desde Camer\u00fan a las familias de las v\u00edctimas\u00a0<\/em><\/strong><\/h2>\n<\/div>\n<p style=\"text-align: justify;\"><span style=\"font-size: 14pt;\">Por Gabriela S\u00e1nchez y Gonzalo Testa<\/span><\/p>\n<p style=\"text-align: justify;\"><span style=\"font-size: 14pt;\"><a href=\"https:\/\/www.eldiario.es\/desalambre\/Ceuta-concluye-archivo-muertes-procesar_0_958205287.html\" target=\"_blank\" rel=\"noopener\">Eldiario.es<\/a><\/span><\/p>\n<p>&nbsp;<\/p>\n<figure id=\"attachment_23367\" aria-describedby=\"caption-attachment-23367\" style=\"width: 643px\" class=\"wp-caption aligncenter\"><img loading=\"lazy\" decoding=\"async\" class=\"wp-image-23367 size-full\" src=\"https:\/\/puntocritico.com\/ausajpuntocritico\/wp-content\/uploads\/2019\/11\/Imagen-Guardia-Civil-antidisturbios-Ceuta_EDIIMA20140207_0754_145.jpg\" alt=\"\" width=\"643\" height=\"292\" data-id=\"23367\" srcset=\"https:\/\/puntocritico.com\/ausajpuntocritico\/wp-content\/uploads\/2019\/11\/Imagen-Guardia-Civil-antidisturbios-Ceuta_EDIIMA20140207_0754_145.jpg 643w, https:\/\/puntocritico.com\/ausajpuntocritico\/wp-content\/uploads\/2019\/11\/Imagen-Guardia-Civil-antidisturbios-Ceuta_EDIIMA20140207_0754_145-300x136.jpg 300w\" sizes=\"auto, (max-width: 643px) 100vw, 643px\" \/><figcaption id=\"caption-attachment-23367\" class=\"wp-caption-text\"><span style=\"color: #008000;\">Imagen de la Guardia Civil con equipamiento antidisturbios recibiendo a los inmigrantes en la playa de Ceuta<\/span><\/figcaption><\/figure>\n<p style=\"text-align: justify;\">\u00a0<\/p>\n<p class=\"mce\" style=\"text-align: justify;\"><span style=\"font-size: 14pt;\">El caso Tarajal queda archivado por tercera vez.\u00a0La titular del juzgado de instrucci\u00f3n n\u00famero 6 de Ceuta, la misma que\u00a0acord\u00f3\u00a0el procesamiento de 16 agentes\u00a0hace un mes, ha concluido ahora el sobreseimiento provisional de la causa, en aplicaci\u00f3n de la Doctrina Bot\u00edn a los guardias civiles investigados, tras haber estimado el recurso de la Fiscal\u00eda\u00a0que solicit\u00f3 el carpetazo, seg\u00fan el auto al que ha accedido eldiario.es.\u00a0<\/span><\/p>\n<p class=\"mce\" style=\"text-align: justify;\"><span style=\"font-size: 14pt;\">El pasado 24 de septiembre, la magistrada\u00a0<span class=\"mce\">Mar\u00eda de la Luz Lozano Gago dio por concluida la instrucci\u00f3n y proces\u00f3 a los 16 agentes de la Guardia Civil investigados por disparar pelotas de goma y botes de humo hacia\u00a0el agua en el operativo activado para frenar un intento de entrada a Ceuta en el que murieron 14 personas. La jueza argument\u00f3 entonces que\u00a0\u00absi bien es cierto la protecci\u00f3n de la frontera se activa frente a intentos de entrada ilegal\u00bb, ello \u00abno puede\u00a0<\/span><span class=\"mce\">dar p\u00e1bulo a sobreentender, ni remotamente, que las fronteras o espacios entre las mismas son zonas de excepci\u00f3n en relaci\u00f3n a los derechos humanos\u00bb.\u00a0Lozano Gago tambi\u00e9n sostuvo que\u00a0los guardias civiles \u00abpod\u00edan haber auxiliado\u00bb a los migrantes que trataban de entrar en Ceuta a nado aquel 6 de febrero de 2014\u00a0pero \u00abse abstuvieron sin causa que justifique su omisi\u00f3n\u00bb.<\/span><\/span><\/p>\n<p class=\"mce\" style=\"text-align: justify;\"><span style=\"font-size: 14pt;\">Tras los recursos presentados por la Abogac\u00eda del Estado, la Fiscal\u00eda y las defensas particulares, la magistrada ceut\u00ed ha decidido romper su \u00faltimo auto, aunque evidencia en su escrito que contin\u00faa identificando la \u00abpresencia de indicios de delito de homicidio imprudente y denegaci\u00f3n de auxilio\u00bb en la forma de actuar de 16 agentes el 6 de febrero de 2014 en el espig\u00f3n del Tarajal.\u00a0<\/span><\/p>\n<p class=\"mce\" style=\"text-align: justify;\"><span style=\"font-size: 14pt;\">Lozano Gago cierra el caso apelando a la doctrina establecida por el Tribunal Supremo en 2007, seg\u00fan la cual la acusaci\u00f3n popular no es suficiente para sentar en el banquillo a un investigado si no acusa tambi\u00e9n la Fiscal\u00eda o la v\u00edctima del delito. \u00abEn este caso, s\u00f3lo han mostrado su prop\u00f3sito de instar la celebraci\u00f3n de Juicio Oral las acusaciones populares\u00bb, ha indicado la titular del juzgado.\u00a0<\/span><\/p>\n<p class=\"mce\" style=\"text-align: justify;\"><span style=\"font-size: 14pt;\">Lozano defiende el archivo destacando la falta de acusaci\u00f3n particular, es decir, de las v\u00edctimas o sus familiares.\u00a0\u00abPor tanto, en estos autos, dada la falta de personaci\u00f3n de acusaci\u00f3n particular alguna, y asimismo la falta de acusaci\u00f3n del Ministerio Fiscal, la jueza concluye que \u00abno puede llevarse a juicio a los investigados sin que exista acusaci\u00f3n del fiscal y\/o de la acusaci\u00f3n particular\u00bb.<\/span><\/p>\n<p class=\"mce\" style=\"text-align: justify;\"><span style=\"font-size: 14pt;\">Sin embargo, las familias de seis\u00a0v\u00edctimas del Tarajal, procedentes de Camer\u00fan, han solicitado en dos ocasiones\u00a0su personaci\u00f3n\u00a0como acusaci\u00f3n particular en el caso que investiga la muerte de sus hijos, pero el juzgado de Ceuta\u00a0ha rechazado ambas peticiones.<\/span><\/p>\n<p>&nbsp;<\/p>\n<figure id=\"attachment_23368\" aria-describedby=\"caption-attachment-23368\" style=\"width: 502px\" class=\"wp-caption aligncenter\"><img loading=\"lazy\" decoding=\"async\" class=\"wp-image-23368\" src=\"https:\/\/puntocritico.com\/ausajpuntocritico\/wp-content\/uploads\/2019\/11\/Desmemoriados-hist\u00f3ricos-OK.jpg\" alt=\"\" width=\"502\" height=\"278\" data-id=\"23368\" srcset=\"https:\/\/puntocritico.com\/ausajpuntocritico\/wp-content\/uploads\/2019\/11\/Desmemoriados-hist\u00f3ricos-OK.jpg 302w, https:\/\/puntocritico.com\/ausajpuntocritico\/wp-content\/uploads\/2019\/11\/Desmemoriados-hist\u00f3ricos-OK-300x166.jpg 300w\" sizes=\"auto, (max-width: 502px) 100vw, 502px\" \/><figcaption id=\"caption-attachment-23368\" class=\"wp-caption-text\"><span style=\"color: #008000;\">Desmemoria Hist\u00f3rica<\/span><\/figcaption><\/figure>\n<p>&nbsp;<\/p>\n<p style=\"text-align: center;\"><span style=\"color: #008000;\"><strong><span style=\"font-size: 18pt;\">****<\/span><\/strong><\/span><\/p>\n<p>&nbsp;<\/p>\n<p><img loading=\"lazy\" decoding=\"async\" class=\"aligncenter wp-image-23250 size-full\" src=\"https:\/\/puntocritico.com\/ausajpuntocritico\/wp-content\/uploads\/2019\/10\/whatsApp-de-cosido-678x381.png\" alt=\"\" width=\"678\" height=\"381\" data-id=\"23250\" srcset=\"https:\/\/puntocritico.com\/ausajpuntocritico\/wp-content\/uploads\/2019\/10\/whatsApp-de-cosido-678x381.png 678w, https:\/\/puntocritico.com\/ausajpuntocritico\/wp-content\/uploads\/2019\/10\/whatsApp-de-cosido-678x381-300x169.png 300w\" sizes=\"auto, (max-width: 678px) 100vw, 678px\" \/><\/p>\n<p>&nbsp;<\/p>\n<p style=\"text-align: center;\"><span style=\"color: #008000;\"><strong><span style=\"font-size: 18pt;\">****<\/span><\/strong><\/span><\/p>\n<p>&nbsp;<\/p>\n<p style=\"text-align: center;\"><strong><span style=\"font-size: 24pt;\"><a id=\"ref5\"><\/a><a href=\"#ref5a\">[5]<\/a> Marchena, reelegido presidente de la Sala de lo Penal del Supremo por 19 votos del CGPJ<\/span><\/strong><\/p>\n<header class=\"article-header\">\n<div class=\"article-header-epigraph\">\n<p style=\"text-align: center;\"><strong><em><span style=\"font-size: 18pt;\">El magistrado es nombrado por cinco a\u00f1os m\u00e1s a dos semanas de la sentencia del &#8216;proc\u00e9s&#8217;. El Consejo tambi\u00e9n ha aprobado la designaci\u00f3n del nuevo presidente del TSJ de Asturias, Jes\u00fas Chamorro Gonz\u00e1lez, y de los presidentes del TSJ de Arag\u00f3n, Manuel Bellido Aspas, y el del TSJ de Navarra, Joaqu\u00edn Galve Saurasen, que renuevan mandato.<\/span><\/em><\/strong><\/p>\n<p style=\"text-align: justify;\"><span style=\"font-size: 14pt;\">Por Julia P\u00e9rez<\/span><\/p>\n<p style=\"text-align: justify;\"><a href=\"https:\/\/www.publico.es\/politica\/marchena-reelegido-presidente-sala-penal-supremo-19-votos-cgpj.html\" target=\"_blank\" rel=\"noopener\"><span style=\"font-size: 14pt;\">P\u00fablico.es<\/span><\/a><\/p>\n<\/div>\n<\/header>\n<div class=\"article-content\">\n<div class=\"column left-side\">\n<p style=\"text-align: justify;\">\u00a0<\/p>\n<\/div>\n<\/div>\n<figure id=\"attachment_23369\" aria-describedby=\"caption-attachment-23369\" style=\"width: 660px\" class=\"wp-caption aligncenter\"><img loading=\"lazy\" decoding=\"async\" class=\"wp-image-23369 size-full\" src=\"https:\/\/puntocritico.com\/ausajpuntocritico\/wp-content\/uploads\/2019\/11\/marchena-lleno-eres-de-gracia.jpg\" alt=\"\" width=\"660\" height=\"340\" data-id=\"23369\" srcset=\"https:\/\/puntocritico.com\/ausajpuntocritico\/wp-content\/uploads\/2019\/11\/marchena-lleno-eres-de-gracia.jpg 660w, https:\/\/puntocritico.com\/ausajpuntocritico\/wp-content\/uploads\/2019\/11\/marchena-lleno-eres-de-gracia-300x155.jpg 300w\" sizes=\"auto, (max-width: 660px) 100vw, 660px\" \/><figcaption id=\"caption-attachment-23369\" class=\"wp-caption-text\"><span style=\"color: #008000;\">El presidente de la Sala de lo Penal del Tribunal Supremo, Manuel Marchena, a su llegada al Consejo General del Poder Judicial dos d\u00edas despu\u00e9s de dictar la hist\u00f3rica sentencia del \u00abproc\u00e9s\u00bb para explicar su programa en el Supremo. EFE\/Javier Liz\u00f3n<\/span><\/figcaption><\/figure>\n<p>&nbsp;<\/p>\n<p id=\"m420-419-421\" style=\"text-align: justify;\"><span style=\"font-size: 14pt;\">El magistrado<b>\u00a0Manuel Marchena G\u00f3mez<\/b>\u00a0ha sido reelegido presidente de la Sala de lo Penal del Tribunal Supremo. La elecci\u00f3n por otros cinco a\u00f1os ha sido aprobada por el pleno del Consejo General del Poder Judicial (CGPJ), el \u00f3rgano constitucional encargado de elegir los cargos discrecionales.<\/span><\/p>\n<p id=\"m430-2-431\" style=\"text-align: justify;\"><span style=\"font-size: 14pt;\">Marchena, ha recibido 19 votos a favor y dos abstenciones: las de los vocales\u00a0<b>Enrique Lucas<\/b>\u00a0-excompa\u00f1ero suyo de colegio Mayor en Bilbao- y\u00a0<b>Concepci\u00f3n S\u00e1enz.<\/b><\/span><\/p>\n<p style=\"text-align: justify;\">\u00a0<\/p>\n<blockquote>\n<p style=\"text-align: center;\"><strong><span style=\"font-size: 14pt; color: #008000;\">Dos vocales del CGPJ se han abstenido en la votaci\u00f3n; el magistrado Marchena se examin\u00f3 ante el Consejo s\u00f3lo dos d\u00edas despu\u00e9s de la publicaci\u00f3n de la sentencia del &#8216;proc\u00e9s&#8217;<\/span><\/strong><\/p>\n<\/blockquote>\n<p>&nbsp;<\/p>\n<p id=\"m440-4-441\" style=\"text-align: justify;\"><span style=\"font-size: 14pt;\">El magistrado, de 60 a\u00f1os de edad, tiene por delante cinco a\u00f1os m\u00e1s de presidencia de la Sala de lo Penal.<\/span><\/p>\n<p id=\"m445-5-446\" style=\"text-align: justify;\"><span style=\"font-size: 14pt;\">Manuel Marchena fue el ponente de la sentencia que conden\u00f3 a la c\u00fapula del\u00a0<i>proc\u00e9s<\/i>\u00a0por sedici\u00f3n y malversaci\u00f3n, con penas de 9 a 13 a\u00f1os de c\u00e1rcel, y los absolvi\u00f3 del delito de rebeli\u00f3n por el que les acusaba la Fiscal\u00eda.<\/span><\/p>\n<p id=\"m450-6-451\" style=\"text-align: justify;\"><span style=\"font-size: 14pt;\">Como miembro de la Sala de lo Penal, Marchena fue ponente tambi\u00e9n de la condena de Baltasar Garz\u00f3n Garzon por prevaricaci\u00f3n (2012) por grabar a presos de G\u00fcrtel hablando con sus abogados en los locutorios de la c\u00e1rcel.<\/span><\/p>\n<p id=\"m455-7-456\" style=\"text-align: justify;\"><span style=\"font-size: 14pt;\">Tambi\u00e9n fue\u00a0<b>ponente de la sentencia anulada por el Tribunal Europeo de Derechos humanos que conden\u00f3 a 11 a\u00f1os de inhabilitaci\u00f3n<\/b>\u00a0al expresidente del Parlamento Vasco Juan Mar\u00eda Atutxa y a los exmiembros de la Mesa de la C\u00e1mara. Esta ponencia recay\u00f3 en el juez entonces al ser el m\u00e1s nuevo de los integrantes de la Sala de lo Penal.<\/span><\/p>\n<p id=\"m460-8-461\" style=\"text-align: justify;\"><span style=\"font-size: 14pt;\">En noviembre de 2018, Marchena anunci\u00f3 su renuncia a presidir el CGPJ y el Supremo despu\u00e9s de que se filtraran unos mensajes de whatsapp del entonces portavoz del Grupo Popular en el Senado, Ignacio Cosid\u00f3, en los que se jactaba de que, gracias al acuerdo con el PSOE para la renovaci\u00f3n del \u00f3rgano constitucional, el PP se aseguraba el control \u201cpor detr\u00e1s\u201d de la Sala de lo Penal del Supremo.<\/span><\/p>\n<h2 id=\"m465-9-466\" class=\"highlighted\" style=\"text-align: justify;\"><span style=\"font-size: 14pt;\">Un nuevo presidente de TSJ y otros dos que renuevan mandato<\/span><\/h2>\n<p id=\"m470-10-471\" style=\"text-align: justify;\"><span style=\"font-size: 14pt;\">Por otro lado, el Pleno del CGPJ tambi\u00e9n ha nombrado a tres nuevos presidentes de Tribunales Superiores de Justicia. Son\u00a0<b>Jes\u00fas Chamorro Gonz\u00e1lez,<\/b>\u00a0flamante presidente del TSJ de Asturias, que ha logrado el apoyo de 15 vocales, y que sustituir\u00e1 a Ignacio Vidau Arg\u00fcelles;<b>\u00a0Manuel Bellido Aspas<\/b>, que afronta su segundo mandato como presidente del Tribunal Superior de Justicia de Arag\u00f3n, y\u00a0<b>Joaqu\u00edn Galve Saurasen<\/b>, que tambi\u00e9n renueva como presidente del TSJ de Navarra. Los dos \u00faltimos accedieron por primera vez al cargo en octubre de 2014.<\/span><\/p>\n<p id=\"m475-11-476\" style=\"text-align: justify;\"><span style=\"font-size: 14pt;\">A su vez, el Consejo ha afrontado el nombramiento de varias Audiencias Provinciales: son\u00a0<b>Reyes Goenaga Olaizola<\/b>\u00a0(Audiencia Provincial de Bizkaia);\u00a0<b>Francisco Javier Men\u00e9ndez\u00a0Est\u00e9banez<\/b>\u00a0(Pontevedra) ; Ignacio Pando Echevarria (Segovia) y Joan Perarnau Moya (Audiencia Provincial de Tarragona).<\/span><\/p>\n<p id=\"m540-12-541\" style=\"text-align: justify;\"><span style=\"font-size: 14pt;\">Por \u00faltimo, el CGPJ ha formalizado el nombramiento de nuevos presidentes de Salas de varios TSJ: es el caso de\u00a0<b>Andreu Enfedaque Marco<\/b>\u00a0(presidente de la Sala de lo Social del TSJ de Catalunya);<b>\u00a0Luis Fernando de Castro Mejuto<\/b>\u00a0(presidente de la Sala de lo Social del TSX de Galicia), y<b>\u00a0Mar\u00eda Dolores Rivera Frade<\/b>, nueva presidenta de la\u00a0Sala de lo Contencioso-Administrativo del TSX de Galicia.\u00a0<\/span><\/p>\n<p>&nbsp;<\/p>\n<figure id=\"attachment_23370\" aria-describedby=\"caption-attachment-23370\" style=\"width: 678px\" class=\"wp-caption aligncenter\"><img loading=\"lazy\" decoding=\"async\" class=\"wp-image-23370 size-full\" src=\"https:\/\/puntocritico.com\/ausajpuntocritico\/wp-content\/uploads\/2019\/11\/franco-ip.jpg\" alt=\"\" width=\"678\" height=\"381\" data-id=\"23370\" srcset=\"https:\/\/puntocritico.com\/ausajpuntocritico\/wp-content\/uploads\/2019\/11\/franco-ip.jpg 678w, https:\/\/puntocritico.com\/ausajpuntocritico\/wp-content\/uploads\/2019\/11\/franco-ip-300x169.jpg 300w\" sizes=\"auto, (max-width: 678px) 100vw, 678px\" \/><figcaption id=\"caption-attachment-23370\" class=\"wp-caption-text\"><span style=\"color: #008000;\">Un Mes\u00edas Sedicioso, al que han llevado, de nuevo, a su palacio dictatorial: EL PARDO<\/span><\/figcaption><\/figure>\n<p>&nbsp;<\/p>\n<hr \/>\n<p><span style=\"font-size: 14pt;\"><strong>Imagen de Portada<\/strong>: <\/span><\/p>\n<p><span style=\"font-size: 12pt;\">Exaltaci\u00f3n del Fascismo en el Ateneo Republicano de Madrid: Un momento en el acto de conmemoraci\u00f3n de la fundaci\u00f3n de Falange el pasado s\u00e1bado en el Ateneo de Madrid.- YOUTUBE<\/span><\/p>\n<p>&nbsp;<\/p>\n<p><a href=\"https:\/\/puntocritico.com\/ausajpuntocritico\/author\/punto-critico\/\"><img loading=\"lazy\" decoding=\"async\" class=\"aligncenter wp-image-9528\" src=\"https:\/\/puntocritico.com\/ausajpuntocritico\/wp-content\/uploads\/2018\/03\/Mosca_Punto_Cr\u00edtico_40.png\" alt=\"\" width=\"70\" height=\"70\" data-id=\"9528\" \/><\/a><\/p>\n<div class=\"article-multimedia-content\">\u00a0<\/div>\n<div>\u00a0<\/div>\n<div>\u00a0<\/div>\n<div class=\"article-body\">\n<div class=\"relacionadas\">\n<div id=\"m314-313-315\" class=\"related-module box-wborder\">\n<div class=\"modules\">\u00a0<\/div>\n<\/div>\n<\/div>\n<\/div>\n","protected":false},"excerpt":{"rendered":"<div class=\"mh-excerpt\"><p>[0] Violencia judicial El Constitucional, el Supremo y la Audiencia Nacional, antes TOP, son la garant\u00eda de que no tengamos derecho a debatir, votar y manifestarnos No es raro que hoy gran parte de la <a class=\"mh-excerpt-more\" href=\"https:\/\/puntocritico.com\/ausajpuntocritico\/2019\/11\/11\/franco-ya-esta-de-nuevo-en-el-pardo-su-residencia-oficial-espana-estado-fallido-es-una-dictadura-judicial-la-dictadura-que-dura-y-dura\/\" title=\"FRANCO YA EST\u00c1 DE NUEVO EN \u00abEL PARDO\u00bb, SU RESIDENCIA OFICIAL. Espa\u00f1a, Estado Fallido. La Dictadura que Dura, y Dura, es hoy Judicial\">[&#8230;]<\/a><\/p>\n<\/div>","protected":false},"author":3,"featured_media":23394,"comment_status":"open","ping_status":"closed","sticky":false,"template":"","format":"standard","meta":{"_acf_changed":false,"_exactmetrics_skip_tracking":false,"_exactmetrics_sitenote_active":false,"_exactmetrics_sitenote_note":"","_exactmetrics_sitenote_category":0,"footnotes":""},"categories":[12,6],"tags":[40],"class_list":{"0":"post-23359","1":"post","2":"type-post","3":"status-publish","4":"format-standard","5":"has-post-thumbnail","7":"category-corrupcion","8":"category-justicia","9":"tag-regimen-del-78"},"acf":[],"_links":{"self":[{"href":"https:\/\/puntocritico.com\/ausajpuntocritico\/wp-json\/wp\/v2\/posts\/23359","targetHints":{"allow":["GET"]}}],"collection":[{"href":"https:\/\/puntocritico.com\/ausajpuntocritico\/wp-json\/wp\/v2\/posts"}],"about":[{"href":"https:\/\/puntocritico.com\/ausajpuntocritico\/wp-json\/wp\/v2\/types\/post"}],"author":[{"embeddable":true,"href":"https:\/\/puntocritico.com\/ausajpuntocritico\/wp-json\/wp\/v2\/users\/3"}],"replies":[{"embeddable":true,"href":"https:\/\/puntocritico.com\/ausajpuntocritico\/wp-json\/wp\/v2\/comments?post=23359"}],"version-history":[{"count":0,"href":"https:\/\/puntocritico.com\/ausajpuntocritico\/wp-json\/wp\/v2\/posts\/23359\/revisions"}],"wp:featuredmedia":[{"embeddable":true,"href":"https:\/\/puntocritico.com\/ausajpuntocritico\/wp-json\/wp\/v2\/media\/23394"}],"wp:attachment":[{"href":"https:\/\/puntocritico.com\/ausajpuntocritico\/wp-json\/wp\/v2\/media?parent=23359"}],"wp:term":[{"taxonomy":"category","embeddable":true,"href":"https:\/\/puntocritico.com\/ausajpuntocritico\/wp-json\/wp\/v2\/categories?post=23359"},{"taxonomy":"post_tag","embeddable":true,"href":"https:\/\/puntocritico.com\/ausajpuntocritico\/wp-json\/wp\/v2\/tags?post=23359"}],"curies":[{"name":"wp","href":"https:\/\/api.w.org\/{rel}","templated":true}]}}