{"id":2322592,"date":"2026-09-01T00:05:51","date_gmt":"2026-08-31T22:05:51","guid":{"rendered":"https:\/\/puntocritico.com\/ausajpuntocritico\/?p=2322592"},"modified":"2026-08-31T19:35:16","modified_gmt":"2026-08-31T17:35:16","slug":"abogado-del-hombre-fuerte-carl-schmitt","status":"publish","type":"post","link":"https:\/\/puntocritico.com\/ausajpuntocritico\/2026\/09\/01\/abogado-del-hombre-fuerte-carl-schmitt\/","title":{"rendered":"ABOGADO DEL HOMBRE FUERTE (sobre el te\u00f3rico jur\u00eddico nazi Carl Schmitt), por David Dyzenhaus (2.020)"},"content":{"rendered":"<p class=\"mt-2.5 mb-6 font-semibold font-serif text-7xl leading-none [font-synthesis-weight:auto] max-md:text-left max-md:text-black max-[960px]:text-[42px] md:mt-11 print:mt-4 print:text-left print:text-4xl\" style=\"text-align: justify;\"><span dir=\"auto\" style=\"font-size: 14pt; color: #008000;\">Abogado del hombre fuerte<\/span><\/p>\n\n<p>&nbsp;<\/p>\n<blockquote>\n<h2 class=\"font-700\" style=\"text-align: center;\"><span style=\"font-size: 24pt;\">Teor\u00eda del Estado en Jellinek, Heller y Kelsen: una visi\u00f3n comparada<\/span><\/h2>\n<p style=\"text-align: center;\"><span style=\"font-size: 14pt;\"><em><strong>Las tres perspectivas ofrecen un marco complementario para entender al Estado como fen\u00f3meno jur\u00eddico, pol\u00edtico y social en constante transformaci\u00f3n<\/strong><\/em><\/span><\/p>\n<p style=\"text-align: justify;\"><span style=\"font-size: 14pt;\">Por Jos\u00e9 Manuel Jerez\u00a0<\/span><\/p>\n<p style=\"text-align: justify;\"><span style=\"font-size: 14pt;\"><a href=\"https:\/\/acento.com.do\/opinion\/teoria-del-estado-en-jellinek-heller-y-kelsen-una-vision-comparada-9561907.html\" target=\"_blank\" rel=\"noopener\">Acento.com<\/a>, 10 OCT 2025\u00a0<\/span><\/p>\n<figure id=\"attachment_2322744\" aria-describedby=\"caption-attachment-2322744\" style=\"width: 480px\" class=\"wp-caption aligncenter\"><img loading=\"lazy\" decoding=\"async\" class=\"wp-image-2322744\" src=\"https:\/\/puntocritico.com\/ausajpuntocritico\/wp-content\/uploads\/2026\/09\/La-Teoria-del-Estado-ha-sido-objeto-de-un-intenso-desarrollo-doctrinal-entre-finales-del-siglo-XIX-y-la-primera-mitad-del-siglo-XX-728x408-1-300x168.webp\" alt=\"\" width=\"480\" height=\"269\" srcset=\"https:\/\/puntocritico.com\/ausajpuntocritico\/wp-content\/uploads\/2026\/09\/La-Teoria-del-Estado-ha-sido-objeto-de-un-intenso-desarrollo-doctrinal-entre-finales-del-siglo-XIX-y-la-primera-mitad-del-siglo-XX-728x408-1-300x168.webp 300w, https:\/\/puntocritico.com\/ausajpuntocritico\/wp-content\/uploads\/2026\/09\/La-Teoria-del-Estado-ha-sido-objeto-de-un-intenso-desarrollo-doctrinal-entre-finales-del-siglo-XIX-y-la-primera-mitad-del-siglo-XX-728x408-1-678x381.webp 678w, https:\/\/puntocritico.com\/ausajpuntocritico\/wp-content\/uploads\/2026\/09\/La-Teoria-del-Estado-ha-sido-objeto-de-un-intenso-desarrollo-doctrinal-entre-finales-del-siglo-XIX-y-la-primera-mitad-del-siglo-XX-728x408-1.webp 728w\" sizes=\"auto, (max-width: 480px) 100vw, 480px\" \/><figcaption id=\"caption-attachment-2322744\" class=\"wp-caption-text\"><span style=\"color: #008000;\">L\u00edderes partidarios se entrelazan con s\u00edmbolos del poder econ\u00f3mico, mientras figuras an\u00f3nimas del pueblo observan desde las sombras, representando la exclusi\u00f3n de las mayor\u00edas en el juego del poder. (<em>Imagen generada con IA, a partir de este art\u00edculo<\/em>).<\/span><\/figcaption><\/figure>\n<p style=\"text-align: justify;\">\u00a0<\/p>\n<p style=\"text-align: justify;\"><span style=\"font-size: 14pt;\">La <strong><em>Teor\u00eda del Estado<\/em><\/strong> ha sido objeto de un intenso desarrollo doctrinal entre finales del siglo XIX y la primera mitad del siglo XX, gracias a las aportaciones de figuras como <a href=\"https:\/\/es.wikipedia.org\/wiki\/Georg_Jellinek\" target=\"_blank\" rel=\"noopener\"><strong>Georg Jellinek<\/strong><\/a>, <a href=\"https:\/\/es.wikipedia.org\/wiki\/Hermann_Heller\" target=\"_blank\" rel=\"noopener\"><strong>Hermann Heller<\/strong><\/a> y <a href=\"https:\/\/es.wikipedia.org\/wiki\/Hans_Kelsen\" target=\"_blank\" rel=\"noopener\"><strong>Hans Kelsen<\/strong><\/a>. <\/span><\/p>\n<p style=\"text-align: justify;\"><span style=\"font-size: 14pt;\">Cada uno, desde su contexto intelectual y pol\u00edtico, ofreci\u00f3 una visi\u00f3n particular sobre la naturaleza del Estado, su estructura y fundamentos. Mientras <strong>Jellinek<\/strong> busc\u00f3 una s\u00edntesis entre lo jur\u00eddico y lo sociol\u00f3gico, <strong>Heller<\/strong> enfatiz\u00f3 el car\u00e1cter din\u00e1mico y conflictivo del Estado como unidad de acci\u00f3n pol\u00edtica, y <strong>Kelsen<\/strong>, con su normativismo, lo identific\u00f3 estrictamente con el Derecho. <\/span><\/p>\n<p style=\"text-align: justify;\"><span style=\"font-size: 14pt;\">Analizar sus propuestas de manera conjunta permite comprender la tensi\u00f3n permanente entre norma y realidad, estabilidad e historicidad, poder y legitimidad.\u00a0<\/span><span style=\"font-size: 14pt;\"><strong>Georg Jellinek<\/strong> (1851-1911) es considerado uno de los padres fundadores de la Teor\u00eda General del Estado.<\/span><\/p>\n<p>&nbsp;<\/p>\n<figure id=\"attachment_2322749\" aria-describedby=\"caption-attachment-2322749\" style=\"width: 200px\" class=\"wp-caption aligncenter\"><a href=\"https:\/\/es.wikipedia.org\/wiki\/Georg_Jellinek\" target=\"_blank\" rel=\"noopener\"><img loading=\"lazy\" decoding=\"async\" class=\"wp-image-2322749 size-full\" src=\"https:\/\/puntocritico.com\/ausajpuntocritico\/wp-content\/uploads\/2026\/09\/Georg_Jellinek.jpg\" alt=\"\" width=\"200\" height=\"319\" srcset=\"https:\/\/puntocritico.com\/ausajpuntocritico\/wp-content\/uploads\/2026\/09\/Georg_Jellinek.jpg 200w, https:\/\/puntocritico.com\/ausajpuntocritico\/wp-content\/uploads\/2026\/09\/Georg_Jellinek-188x300.jpg 188w\" sizes=\"auto, (max-width: 200px) 100vw, 200px\" \/><\/a><figcaption id=\"caption-attachment-2322749\" class=\"wp-caption-text\"><span style=\"color: #008000;\"><a style=\"color: #008000;\" href=\"https:\/\/es.wikipedia.org\/wiki\/Georg_Jellinek\" target=\"_blank\" rel=\"noopener\"><strong>Georg Jellinek<\/strong><\/a> (<em>Leipzig, 16 de junio de 1851 &#8211; Heidelberg, 12 de enero de 1911<\/em>), fue un jurista y profesor universitario jud\u00edo alem\u00e1n de origen austr\u00edaco.<\/span><\/figcaption><\/figure><\/blockquote>\n<blockquote>\n<p>&nbsp;<\/p>\n<p style=\"text-align: justify;\"><span style=\"font-size: 14pt;\">En su obra \u201c<em><strong>Allgemeine Staatslehre<\/strong><\/em>\u201d (1900), traducida como \u201c<em><strong>Teor\u00eda General del Estado<\/strong><\/em>\u201d, defini\u00f3 al <strong>Estado como la uni\u00f3n de tres elementos: territorio, pueblo y poder<\/strong>. Seg\u00fan <strong>Jellinek<\/strong>, \u201c<em>el Estado no es una simple organizaci\u00f3n jur\u00eddica, sino una forma de vida social organizada jur\u00eddicamente<\/em>\u201d. <\/span><\/p>\n<p style=\"text-align: justify;\"><span style=\"font-size: 14pt;\">Con ello introdujo un enfoque dualista que integraba tanto el aspecto normativo como el aspecto sociol\u00f3gico. Su planteamiento super\u00f3 la visi\u00f3n puramente legalista, al sostener que el Estado, para ser leg\u00edtimo, deb\u00eda reconocerse tambi\u00e9n como un hecho social que encuentra arraigo en la comunidad.<\/span><\/p>\n<p style=\"text-align: justify;\"><span style=\"font-size: 14pt;\"><strong>Hermann Heller<\/strong> (1891-1933), profundamente influido por el contexto de crisis de la <em>Rep\u00fablica de Weimar,<\/em> elabor\u00f3 una concepci\u00f3n del Estado m\u00e1s cercana a la sociolog\u00eda pol\u00edtica. En su obra \u201c<em><strong>Teor\u00eda del Estado<\/strong><\/em>\u201d (1934), se\u00f1al\u00f3 que el Estado debe ser entendido como una \u201c<em>unidad pol\u00edtica de acci\u00f3n<\/em>\u201d, cuya esencia reside en la integraci\u00f3n din\u00e1mica de una sociedad marcada por conflictos y antagonismos.<\/span><\/p>\n<p>&nbsp;<\/p>\n<figure id=\"attachment_2322732\" aria-describedby=\"caption-attachment-2322732\" style=\"width: 252px\" class=\"wp-caption aligncenter\"><a href=\"https:\/\/es.wikipedia.org\/wiki\/Hermann_Heller\" target=\"_blank\" rel=\"noopener\"><img loading=\"lazy\" decoding=\"async\" class=\"wp-image-2322732\" src=\"https:\/\/puntocritico.com\/ausajpuntocritico\/wp-content\/uploads\/2026\/09\/Heller_hermann-252x300.jpg\" alt=\"\" width=\"252\" height=\"300\" srcset=\"https:\/\/puntocritico.com\/ausajpuntocritico\/wp-content\/uploads\/2026\/09\/Heller_hermann-252x300.jpg 252w, https:\/\/puntocritico.com\/ausajpuntocritico\/wp-content\/uploads\/2026\/09\/Heller_hermann.jpg 300w\" sizes=\"auto, (max-width: 252px) 100vw, 252px\" \/><\/a><figcaption id=\"caption-attachment-2322732\" class=\"wp-caption-text\"><span style=\"color: #008000;\"><a style=\"color: #008000;\" href=\"https:\/\/es.wikipedia.org\/wiki\/Hermann_Heller\" target=\"_blank\" rel=\"noopener\"><strong>Hermann Heller<\/strong><\/a> (<em>Teschen, Austria-Hungr\u00eda, 17 de julio de 1891-Madrid, Espa\u00f1a, 5 de noviembre de 1933<\/em>) fue un jurista y polit\u00f3logo alem\u00e1n, miembro del ala no marxista del<em><strong> Partido Socialdem\u00f3crata de Alemania<\/strong><\/em> (SPD) durante la <em>Rep\u00fablica de Weimar<\/em>. Intent\u00f3 formular las bases te\u00f3ricas para las relaciones entre socialdemocracia, Estado y naci\u00f3n.<\/span><\/figcaption><\/figure>\n<p>&nbsp;<\/p>\n<p style=\"text-align: justify;\"><span style=\"font-size: 14pt;\">A diferencia del normativismo puro, <strong>Heller<\/strong> afirm\u00f3 que el Estado es inseparable de la realidad social, cultural y econ\u00f3mica en que se desarrolla. Seg\u00fan <strong>Heller<\/strong>, \u201c<em>un Estado sin sociedad es una ficci\u00f3n, y un Derecho sin pol\u00edtica es una ilusi\u00f3n<\/em>\u201d. Con esta visi\u00f3n, subray\u00f3 la importancia de la legitimidad democr\u00e1tica y la justicia social como condiciones indispensables para la estabilidad estatal.<\/span><\/p>\n<p style=\"text-align: justify;\"><span style=\"font-size: 14pt;\"><strong>Hans Kelsen<\/strong> (1881-1973), en cambio, llev\u00f3 a cabo una ruptura metodol\u00f3gica al identificar plenamente al Estado con el Derecho. En su \u201c<strong><em>Reine Rechtslehre<\/em><\/strong>\u201d (1934), traducida como \u201c<strong><em>Teor\u00eda pura del derecho<\/em><\/strong>\u201d, afirm\u00f3 que \u201c<em>el Estado no es otra cosa que el orden jur\u00eddico nacional<\/em>\u201d. <\/span><\/p>\n<p style=\"text-align: justify;\"><span style=\"font-size: 14pt;\">Su concepci\u00f3n normativista radical descansaba en la noci\u00f3n de una <strong><em>Grundnorm<\/em><\/strong>o norma fundamental que confiere validez al conjunto del sistema jur\u00eddico. Para <strong>Kelsen<\/strong>, los factores sociol\u00f3gicos o pol\u00edticos eran irrelevantes para la definici\u00f3n cient\u00edfica del Estado, pues la ciencia jur\u00eddica deb\u00eda permanecer aut\u00f3noma de toda consideraci\u00f3n ideol\u00f3gica.<\/span><\/p>\n<p style=\"text-align: justify;\"><span style=\"font-size: 14pt;\"> Aunque criticada por su excesivo formalismo, su propuesta contribuy\u00f3 a consolidar un m\u00e9todo anal\u00edtico riguroso en la Teor\u00eda del Estado.<\/span><\/p>\n<p>&nbsp;<\/p>\n<p><a href=\"https:\/\/es.wikipedia.org\/wiki\/Hans_Kelsen\" target=\"_blank\" rel=\"noopener\"><img loading=\"lazy\" decoding=\"async\" class=\"aligncenter wp-image-2219664\" src=\"https:\/\/puntocritico.com\/ausajpuntocritico\/wp-content\/uploads\/2021\/06\/HANS-KELSEN-3-300x225.jpg\" alt=\"\" width=\"360\" height=\"270\" srcset=\"https:\/\/puntocritico.com\/ausajpuntocritico\/wp-content\/uploads\/2021\/06\/HANS-KELSEN-3-300x225.jpg 300w, https:\/\/puntocritico.com\/ausajpuntocritico\/wp-content\/uploads\/2021\/06\/HANS-KELSEN-3-768x576.jpg 768w, https:\/\/puntocritico.com\/ausajpuntocritico\/wp-content\/uploads\/2021\/06\/HANS-KELSEN-3-610x458.jpg 610w, https:\/\/puntocritico.com\/ausajpuntocritico\/wp-content\/uploads\/2021\/06\/HANS-KELSEN-3-678x509.jpg 678w, https:\/\/puntocritico.com\/ausajpuntocritico\/wp-content\/uploads\/2021\/06\/HANS-KELSEN-3-326x245.jpg 326w, https:\/\/puntocritico.com\/ausajpuntocritico\/wp-content\/uploads\/2021\/06\/HANS-KELSEN-3-80x60.jpg 80w, https:\/\/puntocritico.com\/ausajpuntocritico\/wp-content\/uploads\/2021\/06\/HANS-KELSEN-3.jpg 960w\" sizes=\"auto, (max-width: 360px) 100vw, 360px\" \/><\/a><\/p>\n<p>&nbsp;<\/p>\n<p style=\"text-align: justify;\"><span style=\"font-size: 14pt;\">El contraste entre estas tres concepciones resulta particularmente revelador. <strong>Jellinek<\/strong> reconoce al Estado como fen\u00f3meno jur\u00eddico y social; <strong>Heller<\/strong> lo concibe como una realidad din\u00e1mica atravesada por conflictos sociales y pol\u00edticos; y <strong>Kelsen<\/strong> lo reduce al \u00e1mbito normativo, excluyendo todo elemento externo al Derecho. <\/span><\/p>\n<p style=\"text-align: justify;\"><span style=\"font-size: 14pt;\">La tensi\u00f3n entre sociologismo, realismo pol\u00edtico y normativismo constituye un eje fundamental para entender la pluralidad de enfoques en la teor\u00eda contempor\u00e1nea. Mientras <strong>Jellinek<\/strong> aporta equilibrio, <strong>Heller<\/strong> aporta historicidad y cr\u00edtica social, y <strong>Kelsen<\/strong> ofrece la coherencia metodol\u00f3gica de una ciencia jur\u00eddica aut\u00f3noma.<\/span><\/p>\n<p style=\"text-align: justify;\"><span style=\"font-size: 14pt;\">La vigencia de estas teor\u00edas es incuestionable. En un mundo donde el Estado enfrenta desaf\u00edos derivados de la globalizaci\u00f3n, la crisis de legitimidad democr\u00e1tica y la presi\u00f3n de actores no estatales, el enfoque de <strong>Heller<\/strong> resulta actual al subrayar la importancia de los factores sociales y pol\u00edticos. <\/span><\/p>\n<p style=\"text-align: justify;\"><span style=\"font-size: 14pt;\">A su vez, la claridad metodol\u00f3gica de <strong>Kelsen<\/strong> sigue siendo fundamental para sostener la unidad y validez del ordenamiento jur\u00eddico, en tanto que la s\u00edntesis de <strong>Jellinek<\/strong> contin\u00faa ofreciendo un marco equilibrado para comprender la naturaleza dual del Estado. <\/span><\/p>\n<p style=\"text-align: justify;\"><span style=\"font-size: 14pt;\">En suma, estos tres pensadores, desde perspectivas distintas, han dejado un legado complementario que permite abordar el estudio del Estado de manera integral.<\/span><\/p>\n<p style=\"text-align: justify;\"><span style=\"font-size: 14pt;\">En conclusi\u00f3n, la <strong><em>Teor\u00eda del Estado<\/em><\/strong> seg\u00fan <strong>Jellinek<\/strong>, <strong>Heller<\/strong> y <strong>Kelsen<\/strong> constituye un tr\u00edpode intelectual que articula norma, sociedad y pol\u00edtica. Sus concepciones, aunque diferentes, no se excluyen, sino que se complementan al ofrecer dimensiones diversas de un mismo fen\u00f3meno. <\/span><\/p>\n<p style=\"text-align: justify;\"><span style=\"font-size: 14pt;\">Comprender sus aportaciones es indispensable para analizar los<strong> problemas contempor\u00e1neos del Estado, desde la crisis de legitimidad hasta los retos de la globalizaci\u00f3n<\/strong>, y para proyectar soluciones que garanticen la justicia, el orden y la cohesi\u00f3n social en el siglo XXI.<\/span><\/p>\n<\/blockquote>\n<div class=\"con-tags-container\" style=\"text-align: justify;\">\u00a0<\/div>\n<div>\u00a0<\/div>\n<div>\n<figure id=\"attachment_2219672\" aria-describedby=\"caption-attachment-2219672\" style=\"width: 440px\" class=\"wp-caption aligncenter\"><a href=\"https:\/\/puntocritico.com\/ausajpuntocritico\/2021\/06\/29\/que-es-la-justicia-por-hans-kelsen\/\" target=\"_blank\" rel=\"noopener\"><img loading=\"lazy\" decoding=\"async\" class=\"wp-image-2219672\" src=\"https:\/\/puntocritico.com\/ausajpuntocritico\/wp-content\/uploads\/2021\/06\/constitutionalcourt-300x199.jpg\" alt=\"\" width=\"440\" height=\"292\" srcset=\"https:\/\/puntocritico.com\/ausajpuntocritico\/wp-content\/uploads\/2021\/06\/constitutionalcourt-300x199.jpg 300w, https:\/\/puntocritico.com\/ausajpuntocritico\/wp-content\/uploads\/2021\/06\/constitutionalcourt-610x405.jpg 610w, https:\/\/puntocritico.com\/ausajpuntocritico\/wp-content\/uploads\/2021\/06\/constitutionalcourt-678x452.jpg 678w, https:\/\/puntocritico.com\/ausajpuntocritico\/wp-content\/uploads\/2021\/06\/constitutionalcourt.jpg 680w\" sizes=\"auto, (max-width: 440px) 100vw, 440px\" \/><\/a><figcaption id=\"caption-attachment-2219672\" class=\"wp-caption-text\"><span style=\"color: #008000;\">Tribunal Constitucional de Austria alrededor de 1925, con el jurista <a href=\"https:\/\/puntocritico.com\/ausajpuntocritico\/2021\/06\/29\/que-es-la-justicia-por-hans-kelsen\/\" target=\"_blank\" rel=\"noopener\"><strong>Hans Kelsen<\/strong><\/a> (segundo por la derecha) <\/span><\/figcaption><\/figure>\n<\/div>\n<p style=\"text-align: center;\"><span style=\"color: #008000; font-size: 18pt;\"><strong>*******<\/strong><\/span><\/p>\n<h2 class=\"mt-2.5 mb-6 font-semibold font-serif text-7xl leading-none [font-synthesis-weight:auto] max-md:text-left max-md:text-black max-[960px]:text-[42px] md:mt-11 print:mt-4 print:text-left print:text-4xl\" style=\"text-align: center;\"><span dir=\"auto\" style=\"font-size: 24pt;\">Abogado del hombre fuerte<\/span><\/h2>\n<div class=\"relative overflow-hidden [grid-area:1\/1\/4\/4]\">\n<div class=\"print:translate-0 md:absolute md:top-0 md:right-0 md:bottom-0 md:left-0 md:box-border md:grid md:h-full md:max-h-screen md:max-w-full md:grid-cols-[auto_auto_auto] md:grid-rows-[auto_auto_auto] md:px-[25px] md:py-15 xl:left-1\/2 xl:w-[1400px] xl:-translate-x-1\/2 print:static print:block print:p-0\">\n<div class=\"relative z-1 m-0 min-w-36 px-6 pt-3.5 pb-0 md:flex md:flex-col md:p-0 md:text-white md:leading-[1.2] md:**:relative md:**:before:absolute md:**:before:-top-[2em] md:**:before:-left-[2em] md:**:before:-z-1 md:**:before:block md:**:before:h-[calc(100%+4em)] md:**:before:w-[calc(100%+4em)] md:**:before:bg-black\/60 md:**:before:opacity-(--backdrop-strength) md:**:before:shadow-[0_0_140px_140px_rgba(0_0_0\/0.6)] print:block print:p-0 print:text-black print:[&amp;_svg]:hidden row-start-3 justify-end col-start-3 items-end text-right\">\n<p class=\"mb-6 max-w-120 text-pretty font-normal text-lg leading-[1.4] max-md:text-left max-md:text-black md:mb-4 md:text-xl print:mb-10 print:max-w-full print:text-left\" style=\"text-align: center;\"><em><strong><span dir=\"auto\" style=\"font-size: 14pt;\">Los demagogos no se alzan solo por el sentimiento popular, sino tambi\u00e9n por las ideas constitucionales de Weimar y del te\u00f3rico jur\u00eddico nazi Carl Schmitt.<\/span><\/strong><\/em><\/p>\n<\/div>\n<\/div>\n<\/div>\n<div class=\"col-span-full row-start-4 hidden min-h-13.5 justify-end md:flex print:hidden\" style=\"text-align: justify;\"><span style=\"font-size: 14pt;\">Por\u00a0<span dir=\"auto\">David Dyzenhaus<\/span><\/span><\/div>\n<div>\n<p style=\"text-align: justify;\"><span style=\"font-size: 14pt;\"><em><span dir=\"auto\">Catedr\u00e1tico de derecho y filosof\u00eda en la Universidad de Toronto. <\/span><\/em><\/span><\/p>\n<p style=\"text-align: justify;\"><span style=\"font-size: 14pt;\"><em><span dir=\"auto\">Miembro de la Real Sociedad de Canad\u00e1 y de la Academia Brit\u00e1nica.<\/span><\/em><\/span><\/p>\n<\/div>\n<p style=\"text-align: justify;\"><span style=\"font-size: 14pt;\"><a href=\"https:\/\/aeon.co\/essays\/carl-schmitts-legal-theory-legitimises-the-rule-of-the-strongman\" target=\"_blank\" rel=\"noopener\">Aeon.co<\/a>, 2020<\/span><\/p>\n<figure id=\"attachment_2322357\" aria-describedby=\"caption-attachment-2322357\" style=\"width: 678px\" class=\"wp-caption aligncenter\"><a href=\"https:\/\/puntocritico.com\/ausajpuntocritico\/2026\/08\/31\/cronica-de-schmitt\/\" target=\"_blank\" rel=\"noopener\"><img loading=\"lazy\" decoding=\"async\" class=\"wp-image-2322357 size-mh-magazine-content\" src=\"https:\/\/puntocritico.com\/ausajpuntocritico\/wp-content\/uploads\/2026\/08\/essay-schmitt-678x381.webp\" alt=\"Abogado del hombre fuerte \" width=\"678\" height=\"381\" \/><\/a><figcaption id=\"caption-attachment-2322357\" class=\"wp-caption-text\"><span style=\"color: #008000;\"><a href=\"https:\/\/puntocritico.com\/ausajpuntocritico\/2026\/08\/31\/cronica-de-schmitt\/\" target=\"_blank\" rel=\"noopener\"><strong>Carl Schmitt<\/strong><\/a> pronuncia un discurso en la Jornada de la Industria y el Comercio Alemanes en la \u00d3pera Kroll de Berl\u00edn, el 8 de abril de 1930.<\/span><\/figcaption><\/figure>\n<p>&nbsp;<\/p>\n<p style=\"text-align: justify;\"><span dir=\"auto\" style=\"font-size: 14pt;\"><strong>La presidencia de Donald Trump ha hecho a\u00fan m\u00e1s patente el dominio de los caudillos en otros pa\u00edses<\/strong>: <\/span><\/p>\n<blockquote>\n<p style=\"text-align: justify;\"><span dir=\"auto\" style=\"font-size: 14pt; color: #008000;\"><strong>Rusia, Tailandia, Hungr\u00eda, Brasil, Nicaragua, Filipinas y muchos otros.<\/strong> <\/span><\/p>\n<\/blockquote>\n<p>&nbsp;<\/p>\n<p style=\"text-align: justify;\"><span dir=\"auto\" style=\"font-size: 14pt;\">Desde 2016, <strong>la cuesti\u00f3n del origen del fen\u00f3meno de los caudillos<\/strong> ha sido un tema recurrente para los te\u00f3ricos pol\u00edticos. <\/span><\/p>\n<p style=\"text-align: justify;\"><span dir=\"auto\" style=\"font-size: 14pt;\"><strong>\u00bfQu\u00e9 permite que estos hombres asciendan?<\/strong> \u00bfY por qu\u00e9 ahora? <\/span><\/p>\n<p style=\"text-align: justify;\"><span dir=\"auto\" style=\"font-size: 14pt;\">La respuesta suele estar ligada a la idea de \u00ab<em><strong>populismo<\/strong><\/em>\u00bb;<\/span><\/p>\n<blockquote>\n<p style=\"text-align: justify;\"><strong><span dir=\"auto\" style=\"font-size: 14pt; color: #008000;\">Se argumenta que \u00ab<em>el pueblo<\/em>\u00bb ha tomado el control de \u00ab<em>las \u00e9lites\u00bb<\/em>.<\/span><\/strong><\/p>\n<\/blockquote>\n<p>&nbsp;<\/p>\n<p style=\"text-align: justify;\"><span dir=\"auto\" style=\"font-size: 14pt;\"><strong>Esta visi\u00f3n del populismo lo presenta como algo esencialmente violento y antiintelectual<\/strong>. <\/span><\/p>\n<blockquote>\n<p style=\"text-align: justify;\"><span style=\"color: #008000;\"><strong><span dir=\"auto\" style=\"font-size: 14pt;\">El pueblo se rebela y, con gran fanfarroner\u00eda y bravuconer\u00eda, el l\u00edder afirma hablar en su nombre.<\/span><\/strong><\/span><\/p>\n<\/blockquote>\n<p>&nbsp;<\/p>\n<p><a href=\"https:\/\/puntocritico.com\/ausajpuntocritico\/2022\/09\/28\/del-fascismo-al-populismo-en-la-historia-por-federico-finchelstein-2\/\" target=\"_blank\" rel=\"noopener\"><img loading=\"lazy\" decoding=\"async\" class=\"aligncenter wp-image-15409\" src=\"https:\/\/puntocritico.com\/ausajpuntocritico\/wp-content\/uploads\/2018\/12\/populismo-y-fascismo-IP-conf-main-illustration-boydominguez-300x200.jpg\" alt=\"\" width=\"400\" height=\"267\" srcset=\"https:\/\/puntocritico.com\/ausajpuntocritico\/wp-content\/uploads\/2018\/12\/populismo-y-fascismo-IP-conf-main-illustration-boydominguez-300x200.jpg 300w, https:\/\/puntocritico.com\/ausajpuntocritico\/wp-content\/uploads\/2018\/12\/populismo-y-fascismo-IP-conf-main-illustration-boydominguez-225x150.jpg 225w, https:\/\/puntocritico.com\/ausajpuntocritico\/wp-content\/uploads\/2018\/12\/populismo-y-fascismo-IP-conf-main-illustration-boydominguez.jpg 678w\" sizes=\"auto, (max-width: 400px) 100vw, 400px\" \/><\/a><\/p>\n<p>&nbsp;<\/p>\n<blockquote>\n<p style=\"text-align: center;\"><strong><span dir=\"auto\" style=\"font-size: 14pt; color: #008000;\">Esta visi\u00f3n del populismo lo presenta como algo esencialmente violento y antiintelectual. <\/span><\/strong><\/p>\n<p style=\"text-align: center;\"><strong><span dir=\"auto\" style=\"font-size: 14pt; color: #008000;\">El pueblo se rebela y, con gran fanfarroner\u00eda y bravuconer\u00eda, el l\u00edder afirma hablar en su nombre.<\/span><\/strong><\/p>\n<\/blockquote>\n<p>&nbsp;<\/p>\n<p style=\"text-align: justify;\"><span style=\"font-size: 14pt;\"><span dir=\"auto\">Pero, de hecho,<strong> existe una s\u00f3lida base intelectual para la pol\u00edtica autoritaria<\/strong>. <\/span><\/span><\/p>\n<p style=\"text-align: justify;\"><span style=\"font-size: 14pt;\"><span dir=\"auto\"><strong>El populismo no es simplemente una forma de hacer pol\u00edtica descontrolada<\/strong>.\u00a0<\/span><\/span><span style=\"font-size: 14pt;\"><span dir=\"auto\">Existe una <strong>tradici\u00f3n te\u00f3rica que busca justificar el gobierno autoritario, una escuela ideol\u00f3gica de demagogia<\/strong>, podr\u00edamos llamarla, que ahora es m\u00e1s relevante que nunca. <\/span><\/span><\/p>\n<p style=\"text-align: justify;\"><span style=\"font-size: 14pt;\"><span dir=\"auto\"><strong>Dentro de esa tradici\u00f3n, destaca un pensador<\/strong>: <\/span><\/span><\/p>\n<blockquote>\n<p style=\"text-align: justify;\"><span style=\"font-size: 14pt; color: #008000;\"><span dir=\"auto\"><strong>el jurista constitucionalista y te\u00f3rico pol\u00edtico alem\u00e1n conservador Carl Schmitt (1888-1985).<\/strong> <\/span><\/span><\/p>\n<\/blockquote>\n<p>&nbsp;<\/p>\n<figure id=\"attachment_2322508\" aria-describedby=\"caption-attachment-2322508\" style=\"width: 220px\" class=\"wp-caption aligncenter\"><a href=\"https:\/\/es.wikipedia.org\/wiki\/Carl_Schmitt\" target=\"_blank\" rel=\"noopener\"><img loading=\"lazy\" decoding=\"async\" class=\"wp-image-2322508\" src=\"https:\/\/puntocritico.com\/ausajpuntocritico\/wp-content\/uploads\/2026\/08\/Carl-Schmitt-en-1910-204x300.jpg\" alt=\"\" width=\"220\" height=\"323\" srcset=\"https:\/\/puntocritico.com\/ausajpuntocritico\/wp-content\/uploads\/2026\/08\/Carl-Schmitt-en-1910-204x300.jpg 204w, https:\/\/puntocritico.com\/ausajpuntocritico\/wp-content\/uploads\/2026\/08\/Carl-Schmitt-en-1910.jpg 603w\" sizes=\"auto, (max-width: 220px) 100vw, 220px\" \/><\/a><figcaption id=\"caption-attachment-2322508\" class=\"wp-caption-text\"><span style=\"color: #008000;\"><a href=\"https:\/\/es.wikipedia.org\/wiki\/Carl_Schmitt\" target=\"_blank\" rel=\"noopener\"><strong>Carl Schmitt<\/strong><\/a> (1910) <\/span><\/figcaption><\/figure>\n<p>&nbsp;<\/p>\n<p style=\"text-align: justify;\"><span style=\"font-size: 14pt;\"><span dir=\"auto\">Durante un tiempo, <strong>fue el principal asesor legal del r\u00e9gimen nazi<\/strong>. <\/span><\/span><\/p>\n<p style=\"text-align: justify;\"><span style=\"font-size: 14pt;\"><span dir=\"auto\">Y <strong>hoy su nombre es casi un lugar com\u00fan<\/strong>; <\/span><\/span><\/p>\n<blockquote>\n<p style=\"text-align: justify;\"><strong><span style=\"font-size: 14pt; color: #008000;\"><span dir=\"auto\">Acad\u00e9micos, pol\u00edticos y periodistas recurren a \u00e9l para esclarecer las tendencias populistas en Estados Unidos y otros lugares.<\/span><\/span><\/strong><\/p>\n<\/blockquote>\n<p>&nbsp;<\/p>\n<p style=\"text-align: justify;\"><span style=\"font-size: 14pt;\"><span dir=\"auto\">Un art\u00edculo reciente en\u00a0<\/span><em><span dir=\"auto\">The\u00a0<\/span><\/em><em><span dir=\"auto\">New York Review of Books<\/span><\/em><span dir=\"auto\">\u00a0sostiene que el fiscal general de Estados Unidos, <strong>William Barr<\/strong>, es \u00ab<em>el <strong>Carl Schmitt<\/strong> de nuestro tiempo<\/em>\u00bb.\u00a0<\/span><\/span><\/p>\n<p style=\"text-align: justify;\"><span style=\"font-size: 14pt;\"><em><span dir=\"auto\">El\u00a0<\/span><\/em><strong><em><span dir=\"auto\">Oxford Handbook of Carl Schmitt<\/span><\/em><\/strong><span dir=\"auto\">\u00a0(2017) <strong>se public\u00f3\u00a0<\/strong><\/span><strong><a href=\"https:\/\/www.oxfordhandbooks.com\/view\/10.1093\/oxfordhb\/9780199916931.001.0001\/oxfordhb-9780199916931\" target=\"_blank\" rel=\"noopener\"><span dir=\"auto\">un<\/span><\/a><\/strong><span dir=\"auto\"><strong>\u00a0a\u00f1o despu\u00e9s de la elecci\u00f3n de<\/strong> <strong>Trump<\/strong>. <\/span><\/span><\/p>\n<p style=\"text-align: justify;\"><span style=\"font-size: 14pt;\"><span dir=\"auto\"><strong>Tras d\u00e9cadas como un pol\u00edtico rebelde<\/strong>, <\/span><\/span><\/p>\n<blockquote>\n<p style=\"text-align: justify;\"><span style=\"color: #008000;\"><strong><span style=\"font-size: 14pt;\"><span dir=\"auto\">obligado a lanzar sus ataques contra el liberalismo desde la barrera, el nombre de Schmitt ha vuelto a cobrar protagonismo.<\/span><\/span><\/strong><\/span><\/p>\n<\/blockquote>\n<p>&nbsp;<\/p>\n<p style=\"text-align: justify;\"><span style=\"font-size: 14pt;\"><span dir=\"auto\"><strong>Fue el gran sistematizador del pensamiento populista<\/strong>, <\/span><\/span><\/p>\n<blockquote>\n<p style=\"text-align: justify;\"><strong><span style=\"font-size: 14pt; color: #008000;\"><span dir=\"auto\">lo que lo hace \u00fatil para comprender c\u00f3mo las estrategias populistas podr\u00edan desarrollarse en la pol\u00edtica, as\u00ed como en el \u00e1mbito jur\u00eddico\/constitucional.<\/span><\/span><\/strong><\/p>\n<\/blockquote>\n<p>&nbsp;<\/p>\n<p style=\"text-align: justify;\"><span style=\"font-size: 14pt;\"><span dir=\"auto\">En<strong>\u00a0<\/strong><\/span><strong><em><span dir=\"auto\">El concepto de lo pol\u00edtico<\/span><\/em><\/strong><span dir=\"auto\">\u00a0(1932),<strong> afirm\u00f3 que lo fundamental de \u00ab<em>lo pol\u00edtico<\/em>\u00bb es la distinci\u00f3n entre amigo y enemigo -qui\u00e9n pertenece a la comunidad pol\u00edtica y qui\u00e9n no-<\/strong>\u00a0<\/span><\/span><\/p>\n<blockquote>\n<p style=\"text-align: justify;\"><strong><span style=\"font-size: 14pt; color: #008000;\"><span dir=\"auto\">y que lo que importa en pol\u00edtica es\u00a0<\/span><em><span dir=\"auto\">\u00fanicamente<\/span><\/em><span dir=\"auto\">\u00a0si una propuesta ideol\u00f3gica tiene posibilidades de \u00e9xito, dado el contexto hist\u00f3rico.<\/span><\/span><\/strong><\/p>\n<\/blockquote>\n<p>&nbsp;<\/p>\n<figure id=\"attachment_2312119\" aria-describedby=\"caption-attachment-2312119\" style=\"width: 400px\" class=\"wp-caption aligncenter\"><img loading=\"lazy\" decoding=\"async\" class=\"wp-image-2312119\" src=\"https:\/\/puntocritico.com\/ausajpuntocritico\/wp-content\/uploads\/2025\/09\/Junger-y-Schimitt-300x203.jpg\" alt=\"\" width=\"400\" height=\"271\" srcset=\"https:\/\/puntocritico.com\/ausajpuntocritico\/wp-content\/uploads\/2025\/09\/Junger-y-Schimitt-300x203.jpg 300w, https:\/\/puntocritico.com\/ausajpuntocritico\/wp-content\/uploads\/2025\/09\/Junger-y-Schimitt.jpg 511w\" sizes=\"auto, (max-width: 400px) 100vw, 400px\" \/><figcaption id=\"caption-attachment-2312119\" class=\"wp-caption-text\"><span style=\"color: #008000;\">Ernst J\u00fcnger y Carl Schmitt.<\/span><\/figcaption><\/figure>\n<p>&nbsp;<\/p>\n<p style=\"text-align: justify;\"><span style=\"font-size: 14pt;\"><span dir=\"auto\">Durante la<strong><em> Rep\u00fablica de Weimar<\/em><\/strong>, en la que <strong>una fr\u00e1gil rep\u00fablica gobern\u00f3 la Alemania de entreguerras entre 1918 y 1933<\/strong>, <strong>Schmitt<\/strong> <strong>part\u00eda de<\/strong> <strong>la premisa de que <\/strong><\/span><\/span><\/p>\n<blockquote>\n<p style=\"text-align: justify;\"><strong><span style=\"font-size: 14pt; color: #008000;\"><span dir=\"auto\">la democracia era el \u00fanico principio de legitimidad capaz de obtener apoyo popular.<\/span><\/span><\/strong><\/p>\n<\/blockquote>\n<p>&nbsp;<\/p>\n<p style=\"text-align: justify;\"><span style=\"font-size: 14pt;\"><span dir=\"auto\">As\u00ed pues, <strong>para este<\/strong> <strong>antiliberal ac\u00e9rrimo<\/strong>, <\/span><\/span><\/p>\n<blockquote>\n<p style=\"text-align: justify;\"><span style=\"color: #008000;\"><strong><span style=\"font-size: 14pt;\"><span dir=\"auto\">el reto de la \u00e9poca consist\u00eda en reinterpretar la democracia en t\u00e9rminos autoritarios.<\/span><\/span><\/strong><\/span><\/p>\n<\/blockquote>\n<p>&nbsp;<\/p>\n<p style=\"text-align: justify;\"><span style=\"font-size: 14pt;\"><span dir=\"auto\"><strong>Cualquier ideolog\u00eda basada en la idea de la \u00ab<em>homogeneidad sustantiva<\/em>\u00bb de la naci\u00f3n ser\u00eda suficiente<\/strong>: <\/span><\/span><\/p>\n<blockquote>\n<p style=\"text-align: justify;\"><span style=\"font-size: 14pt; color: #008000;\"><span dir=\"auto\"><strong>un sustituto secular de la base religiosa sobre la que se hab\u00eda fundado la legitimidad pol\u00edtica en el pasado.<\/strong> <\/span><\/span><\/p>\n<\/blockquote>\n<p>&nbsp;<\/p>\n<p style=\"text-align: justify;\"><span style=\"font-size: 14pt;\"><span dir=\"auto\"><strong>Schmitt<\/strong> <strong>vincul\u00f3 esta idea a su<\/strong>\u00a0<\/span><strong><a href=\"https:\/\/press.uchicago.edu\/ucp\/books\/book\/chicago\/P\/bo3649910.html\" target=\"_blank\" rel=\"noreferrer noopener\"><span dir=\"auto\">afirmaci\u00f3n<\/span><\/a><\/strong><span dir=\"auto\"><strong>\u00a0de que<\/strong> <strong>el soberano es<\/strong> <\/span><\/span><\/p>\n<blockquote>\n<p style=\"text-align: justify;\"><strong><span style=\"font-size: 14pt;\"><span dir=\"auto\"><span style=\"color: #008000;\">\u00ab<em>quien decide sobre el estado de excepci\u00f3n<\/em>\u00bb.<\/span> <\/span><\/span><\/strong><\/p>\n<\/blockquote>\n<p>&nbsp;<\/p>\n<p><img loading=\"lazy\" decoding=\"async\" class=\"aligncenter wp-image-2322673 size-full\" src=\"https:\/\/puntocritico.com\/ausajpuntocritico\/wp-content\/uploads\/2026\/09\/Comparsa-judicial-do-ut-des-PPAL.jpg\" alt=\"\" width=\"678\" height=\"381\" srcset=\"https:\/\/puntocritico.com\/ausajpuntocritico\/wp-content\/uploads\/2026\/09\/Comparsa-judicial-do-ut-des-PPAL.jpg 678w, https:\/\/puntocritico.com\/ausajpuntocritico\/wp-content\/uploads\/2026\/09\/Comparsa-judicial-do-ut-des-PPAL-300x169.jpg 300w\" sizes=\"auto, (max-width: 678px) 100vw, 678px\" \/><\/p>\n<p>&nbsp;<\/p>\n<p style=\"text-align: justify;\"><span style=\"font-size: 14pt;\"><span dir=\"auto\"><strong>La soberan\u00eda se revela en situaciones de crisis, cuando la identidad de la comunidad pol\u00edtica est\u00e1 en juego<\/strong>. <\/span><\/span><\/p>\n<p style=\"text-align: justify;\"><span style=\"font-size: 14pt;\"><span dir=\"auto\">En el contexto del constitucionalismo posterior a la <em>Primera Guerra Mundial<\/em>, <strong>Schmitt\u00a0<\/strong><\/span><strong><a href=\"https:\/\/www.cambridge.org\/core\/books\/guardian-of-the-constitution\/A978F4C7C2FD6C4B559C1C439BBE338C\" target=\"_blank\" rel=\"noopener\"><span dir=\"auto\">situ\u00f3<\/span><\/a><\/strong><span dir=\"auto\"><strong>\u00a0al portador de la soberan\u00eda en la figura que ocupaba la c\u00faspide del poder ejecutivo<\/strong> (<em>en Weimar, el presidente del Reich<\/em>), <\/span><\/span><\/p>\n<blockquote>\n<p style=\"text-align: justify;\"><strong><span style=\"font-size: 14pt; color: #008000;\"><span dir=\"auto\">pues solo \u00e9l pod\u00eda elevarse por encima de la contienda de la pol\u00edtica partidista y representar a la comunidad pol\u00edtica.<\/span><\/span><\/strong><\/p>\n<\/blockquote>\n<p>&nbsp;<\/p>\n<p style=\"text-align: justify;\"><span dir=\"auto\" style=\"font-size: 14pt;\">Ahora bien, <strong>Schmitt<\/strong> <strong>no solo alcanz\u00f3 notoriedad como asesor legal de los nazis, sino que carec\u00eda de fundamentos para rechazar la ideolog\u00eda nazi, <\/strong><\/span><\/p>\n<blockquote>\n<p style=\"text-align: justify;\"><span style=\"color: #008000;\"><strong><span dir=\"auto\" style=\"font-size: 14pt;\">ya que esta representaba una poderosa forma de antiliberalismo y pod\u00eda considerarse la materializaci\u00f3n de la verdadera democracia, entendida esta como la unidad que surge al seguir al l\u00edder que encarna la aut\u00e9ntica comunidad.<\/span><\/strong><\/span><\/p>\n<\/blockquote>\n<p>&nbsp;<\/p>\n<p style=\"text-align: justify;\"><span dir=\"auto\" style=\"font-size: 14pt;\">Adem\u00e1s, <strong>era un antisemita ac\u00e9rrimo<\/strong>. <\/span><\/p>\n<p style=\"text-align: justify;\"><span dir=\"auto\" style=\"font-size: 14pt;\">Sin embargo, <strong>es un error describirlo<\/strong>, como suele hacerse en los debates contempor\u00e1neos, <strong>como un \u00ab<em>te\u00f3rico jur\u00eddico nazi<\/em>\u00bb<\/strong>. <\/span><\/p>\n<p style=\"text-align: justify;\"><span dir=\"auto\" style=\"font-size: 14pt;\"><strong>Sus contribuciones m\u00e1s importantes se produjeron durante la<\/strong> <em><strong>Rep\u00fablica de Weimar<\/strong><\/em>, <\/span><\/p>\n<blockquote>\n<p style=\"text-align: justify;\"><strong><span dir=\"auto\" style=\"font-size: 14pt; color: #008000;\">cuando se ali\u00f3 con fuerzas conservadoras profundamente opuestas a los nazis; y, posteriormente, nunca lleg\u00f3 a ser lo suficientemente nazi como para mantener su favor por mucho tiempo.<\/span><\/strong><\/p>\n<\/blockquote>\n<p>&nbsp;<\/p>\n<figure id=\"attachment_2279237\" aria-describedby=\"caption-attachment-2279237\" style=\"width: 440px\" class=\"wp-caption aligncenter\"><a href=\"https:\/\/puntocritico.com\/ausajpuntocritico\/2023\/06\/19\/el-capitalismo-aleman-y-los-origenes-del-nazismo\/\" target=\"_blank\" rel=\"noopener\"><img loading=\"lazy\" decoding=\"async\" class=\"wp-image-2279237\" src=\"https:\/\/puntocritico.com\/ausajpuntocritico\/wp-content\/uploads\/2023\/06\/1909939-300x215.webp\" alt=\"\" width=\"440\" height=\"315\" srcset=\"https:\/\/puntocritico.com\/ausajpuntocritico\/wp-content\/uploads\/2023\/06\/1909939-300x215.webp 300w, https:\/\/puntocritico.com\/ausajpuntocritico\/wp-content\/uploads\/2023\/06\/1909939.webp 600w\" sizes=\"auto, (max-width: 440px) 100vw, 440px\" \/><\/a><figcaption id=\"caption-attachment-2279237\" class=\"wp-caption-text\"><span style=\"color: #008000;\"><strong>Hitler<\/strong> con industriales y banqueros alemanes, entre los que destaca el presidente del Banco Central (Reichsbank) y Ministro de Econom\u00eda <strong>Hjalmar Schacht<\/strong>. 16 de Junio de 1937. <strong>Todos ellos financiaron al partido nazi antes de 1933 y, como tal, se beneficiaron ampliamente durante la dictadura<\/strong> gracias al trabajo esclavo, la ilegalizaci\u00f3n de sindicatos y los contratos estatales encarados al rearmamento y la guerra. Fuente: Bridgeman Images<\/span><\/figcaption><\/figure>\n<p>&nbsp;<\/p>\n<p style=\"text-align: justify;\"><span dir=\"auto\" style=\"font-size: 14pt;\"><strong>La identificaci\u00f3n con el nazismo oscurece el argumento de<\/strong> <strong>Schmitt<\/strong>, <strong>formulado en t\u00e9rminos constitucionales, que concluye que <\/strong><\/span><\/p>\n<blockquote>\n<p style=\"text-align: justify;\"><span dir=\"auto\" style=\"font-size: 14pt; color: #008000;\"><strong>el jefe del ejecutivo es el verdadero \u00ab<em>guardi\u00e1n de la constituci\u00f3n<\/em>\u00bb y, por lo tanto, la m\u00e1xima autoridad legal.<\/strong> <\/span><\/p>\n<\/blockquote>\n<p>&nbsp;<\/p>\n<p style=\"text-align: justify;\"><span dir=\"auto\" style=\"font-size: 14pt;\"><strong>Este argumento es el componente m\u00e1s significativo de la l\u00f3gica <em>schmittiana<\/em><\/strong>.\u00a0<\/span><\/p>\n<p>&nbsp;<\/p>\n<p><a href=\"https:\/\/puntocritico.com\/ausajpuntocritico\/2017\/02\/10\/la-soberbia-por-baruch-de-spinoza\/\" target=\"_blank\" rel=\"noopener\"><img loading=\"lazy\" decoding=\"async\" class=\"aligncenter wp-image-2322848\" src=\"https:\/\/puntocritico.com\/ausajpuntocritico\/wp-content\/uploads\/2026\/09\/soberbia-del-abogado-del-hombre-fuerte-300x189.jpg\" alt=\"\" width=\"440\" height=\"278\" srcset=\"https:\/\/puntocritico.com\/ausajpuntocritico\/wp-content\/uploads\/2026\/09\/soberbia-del-abogado-del-hombre-fuerte-300x189.jpg 300w, https:\/\/puntocritico.com\/ausajpuntocritico\/wp-content\/uploads\/2026\/09\/soberbia-del-abogado-del-hombre-fuerte.jpg 380w\" sizes=\"auto, (max-width: 440px) 100vw, 440px\" \/><\/a><\/p>\n<p>&nbsp;<\/p>\n<p style=\"text-align: justify;\"><span dir=\"auto\" style=\"font-size: 14pt;\">E<\/span><span dir=\"auto\" style=\"font-size: 14pt;\">s importante comprenderlo porque <strong>las pol\u00edticas de los l\u00edderes autoritarios actuales<\/strong> suelen ser <strong>criticadas como un atentado contra el Estado de derecho<\/strong>. <\/span><\/p>\n<p style=\"text-align: justify;\"><span dir=\"auto\" style=\"font-size: 14pt;\">Sin embargo, s<strong>us asesores legales y los jueces que nombran para sus tribunales de apelaci\u00f3n entienden su enfoque jur\u00eddico -que concentra cada vez m\u00e1s poder en el l\u00edder- como un requisito constitucional<\/strong>, <\/span><\/p>\n<blockquote>\n<p style=\"text-align: justify;\"><strong><span dir=\"auto\" style=\"font-size: 14pt; color: #008000;\">no como una violaci\u00f3n deliberada de la ley.<\/span><\/strong><\/p>\n<\/blockquote>\n<p>&nbsp;<\/p>\n<figure id=\"attachment_2279200\" aria-describedby=\"caption-attachment-2279200\" style=\"width: 480px\" class=\"wp-caption aligncenter\"><a href=\"https:\/\/puntocritico.com\/ausajpuntocritico\/2023\/06\/17\/los-nazis-y-el-dinero-la-economia-del-tercer-reich\/\" target=\"_blank\" rel=\"noopener\"><img loading=\"lazy\" decoding=\"async\" class=\"wp-image-2279200\" src=\"https:\/\/puntocritico.com\/ausajpuntocritico\/wp-content\/uploads\/2023\/06\/Empresas-gamadas-300x169.jpg\" alt=\"\" width=\"480\" height=\"270\" srcset=\"https:\/\/puntocritico.com\/ausajpuntocritico\/wp-content\/uploads\/2023\/06\/Empresas-gamadas-300x169.jpg 300w, https:\/\/puntocritico.com\/ausajpuntocritico\/wp-content\/uploads\/2023\/06\/Empresas-gamadas-768x432.jpg 768w, https:\/\/puntocritico.com\/ausajpuntocritico\/wp-content\/uploads\/2023\/06\/Empresas-gamadas-678x381.jpg 678w, https:\/\/puntocritico.com\/ausajpuntocritico\/wp-content\/uploads\/2023\/06\/Empresas-gamadas.jpg 800w\" sizes=\"auto, (max-width: 480px) 100vw, 480px\" \/><\/a><figcaption id=\"caption-attachment-2279200\" class=\"wp-caption-text\"><span style=\"color: #008000;\"><a style=\"color: #008000;\" href=\"https:\/\/puntocritico.com\/ausajpuntocritico\/2023\/06\/17\/los-nazis-y-el-dinero-la-economia-del-tercer-reich\/\" target=\"_blank\" rel=\"noopener\">LOS NAZIS Y EL DINERO (Documental): La econom\u00eda del Tercer Reich.<\/a><\/span><\/figcaption><\/figure>\n<p>&nbsp;<\/p>\n<p style=\"text-align: justify;\"><span dir=\"auto\" style=\"font-size: 14pt;\">Si bien <strong>estos abogados suelen oponerse profundamente al Estado administrativo<\/strong>, al que consideran el brazo jur\u00eddico del Estado de bienestar, v<strong>eneran el cargo pol\u00edtico ejecutivo en la c\u00faspide de la jerarqu\u00eda estatal<\/strong>. <\/span><\/p>\n<p style=\"text-align: justify;\"><span dir=\"auto\" style=\"font-size: 14pt;\">Su mentalidad es producto de un <strong>intento muy exitoso de inculcar estas ideas a los abogados conservadores<\/strong>.<\/span><\/p>\n<p style=\"text-align: justify;\"><span dir=\"auto\" style=\"font-size: 14pt;\">Esto se manifiesta de forma m\u00e1s evidente en <em>Estados Unidos<\/em> a trav\u00e9s de las actividades de la conservadora <em><strong>Federalist<\/strong> <strong>Society<\/strong>,<\/em> con su poder para influir en los nombramientos judiciales de la era <strong>Trump<\/strong>. <\/span><\/p>\n<p style=\"text-align: justify;\"><span dir=\"auto\" style=\"font-size: 14pt;\">En el <em>Reino Unido<\/em>, el <em><strong>Judicial Power Project<\/strong> <\/em>persigue objetivos similares y cuenta con la confianza del gobierno del aspirante a l\u00edder autoritario <strong>Boris Johnson;<\/strong><\/span><\/p>\n<blockquote>\n<p style=\"text-align: justify;\"><strong><span dir=\"auto\" style=\"font-size: 14pt; color: #008000;\">Este proyecto informa sobre las inminentes reformas para reducir la autoridad del poder judicial y minimizar el impacto del <em>Convenio Europeo de Derechos Humanos<\/em> hasta que el Reino Unido se retire de dicho convenio, al que a\u00fan est\u00e1 sujeto a pesar de su salida de la Uni\u00f3n Europea (UE).<\/span><\/strong><\/p>\n<\/blockquote>\n<p>&nbsp;<\/p>\n<p><a href=\"https:\/\/policyexchange.org.uk\/about\/\" target=\"_blank\" rel=\"noopener\"><img loading=\"lazy\" decoding=\"async\" class=\"aligncenter wp-image-2311923 size-mh-magazine-content\" src=\"https:\/\/puntocritico.com\/ausajpuntocritico\/wp-content\/uploads\/2025\/09\/nueva-obra-banksy-londres-juez-manifestante-PPAL-678x381.jpg\" alt=\"\" width=\"678\" height=\"381\" \/><\/a><\/p>\n<p>&nbsp;<\/p>\n<p style=\"text-align: justify;\"><span dir=\"auto\" style=\"font-size: 14pt;\"><strong>El proyecto est\u00e1 auspiciado por<\/strong> <a href=\"https:\/\/policyexchange.org.uk\/about\/\" target=\"_blank\" rel=\"noopener\"><strong><em>Policy Exchange<\/em><\/strong><\/a>, un grupo de expertos conservador, antieuropeo y contrario a los derechos humanos que se niega a revelar sus fuentes de financiaci\u00f3n.<\/span><\/p>\n<p style=\"text-align: justify;\"><span style=\"font-size: 14pt;\"><span dir=\"auto\">En este contexto, <strong>es importante examinar tanto el componente legal de la l\u00f3gica <em>schmittiana<\/em> como la postura de otros abogados que denunciaron el argumento de Schmitt como pseudolegal<\/strong> <\/span><\/span><\/p>\n<blockquote>\n<p style=\"text-align: justify;\"><strong><span style=\"font-size: 14pt; color: #008000;\"><span dir=\"auto\">y como un uso de terminolog\u00eda jur\u00eddica con el\u00a0<\/span><a style=\"color: #008000;\" href=\"https:\/\/www.oxfordscholarship.com\/view\/10.1093\/acprof:oso\/9780198298465.001.0001\/acprof-9780198298465\" target=\"_blank\" rel=\"noreferrer noopener\"><span dir=\"auto\">objetivo<\/span><\/a><span dir=\"auto\"> de socavar el orden constitucional liberal-democr\u00e1tico.<\/span><\/span><\/strong><\/p>\n<\/blockquote>\n<p>&nbsp;<\/p>\n<p style=\"text-align: justify;\"><span style=\"font-size: 14pt;\"><span dir=\"auto\"><strong>El mejor ejemplo es un caso judicial de 1932<\/strong>, resuelto en un momento en que el ascenso de <strong>Hitler<\/strong> al poder parec\u00eda no solo evitable, sino improbable.<\/span><\/span><\/p>\n<p style=\"text-align: justify;\"><span style=\"font-size: 14pt;\"><span dir=\"auto\">La cuesti\u00f3n central del <strong>caso\u00a0<\/strong><\/span><strong><em><span dir=\"auto\">Prusia contra el Reich<\/span><\/em><\/strong><span dir=\"auto\">\u00a0fue el <strong>\u00ab<em>golpe de Estado<\/em>\u00bb del gobierno federal contra el\u00a0<\/strong><\/span><strong><em><span dir=\"auto\">Estado<\/span><\/em><\/strong><span dir=\"auto\"><strong>\u00a0federado de Prusia, en el que el <em>Reich<\/em> se hizo con el control del gobierno prusiano invocando el art\u00edculo 48<\/strong>, <\/span><\/span><\/p>\n<blockquote>\n<p style=\"text-align: justify;\"><strong><span style=\"font-size: 14pt; color: #008000;\"><span dir=\"auto\">la disposici\u00f3n sobre poderes de emergencia de la <em>Constituci\u00f3n de Weimar<\/em>.<\/span><\/span><\/strong><\/p>\n<\/blockquote>\n<p>&nbsp;<\/p>\n<figure id=\"attachment_2322721\" aria-describedby=\"caption-attachment-2322721\" style=\"width: 300px\" class=\"wp-caption aligncenter\"><img loading=\"lazy\" decoding=\"async\" class=\"wp-image-2322721\" src=\"https:\/\/puntocritico.com\/ausajpuntocritico\/wp-content\/uploads\/2026\/08\/reichstag-fire-244x300.jpg\" alt=\"\" width=\"300\" height=\"370\" srcset=\"https:\/\/puntocritico.com\/ausajpuntocritico\/wp-content\/uploads\/2026\/08\/reichstag-fire-244x300.jpg 244w, https:\/\/puntocritico.com\/ausajpuntocritico\/wp-content\/uploads\/2026\/08\/reichstag-fire-831x1024.jpg 831w, https:\/\/puntocritico.com\/ausajpuntocritico\/wp-content\/uploads\/2026\/08\/reichstag-fire-768x946.jpg 768w, https:\/\/puntocritico.com\/ausajpuntocritico\/wp-content\/uploads\/2026\/08\/reichstag-fire.jpg 974w\" sizes=\"auto, (max-width: 300px) 100vw, 300px\" \/><figcaption id=\"caption-attachment-2322721\" class=\"wp-caption-text\"><span style=\"color: #008000;\">Incendio del Reichstag, 1933, v\u00eda Bundesarchiv.<\/span><\/figcaption><\/figure>\n<p>&nbsp;<\/p>\n<p style=\"text-align: justify;\"><span style=\"font-size: 14pt;\"><span dir=\"auto\"><strong>Para el momento del golpe, la democracia alemana se encontraba en crisis<\/strong>. <\/span><\/span><\/p>\n<p style=\"text-align: justify;\"><span style=\"font-size: 14pt;\"><span dir=\"auto\"><strong>El colapso de un gobierno de gran coalici\u00f3n durante la crisis financiera de 1929<\/strong> <strong>dio paso a una era de gobierno cada vez m\u00e1s autoritario por decreto presidencial<\/strong>, <\/span><\/span><\/p>\n<blockquote>\n<p style=\"text-align: justify;\"><strong><span style=\"font-size: 14pt; color: #008000;\"><span dir=\"auto\">posible gracias a la peculiar posici\u00f3n del presidente en la <em>Constituci\u00f3n de Weimar<\/em>.<\/span><\/span><\/strong><\/p>\n<\/blockquote>\n<p>&nbsp;<\/p>\n<p style=\"text-align: justify;\"><span style=\"font-size: 14pt;\"><span dir=\"auto\"><strong>El ejercicio de estos poderes, otorgados al <em>presidente<\/em><\/strong> por el <strong>art\u00edculo 48<\/strong>, <strong>requer\u00eda<\/strong> la <strong>refrenda del gabinete<\/strong>; y este, si bien era nombrado por el presidente, <strong>deb\u00eda contar con la confianza del\u00a0<\/strong><\/span><strong><em><span dir=\"auto\">Reichstag<\/span><\/em><\/strong><span dir=\"auto\"> (<em>el parlamento federal<\/em>)<\/span><em><span dir=\"auto\">.<\/span><\/em><span dir=\"auto\">\u00a0<\/span><\/span><\/p>\n<p style=\"text-align: justify;\"><span style=\"font-size: 14pt;\"><span dir=\"auto\">El <em><strong>presidente<\/strong> <\/em>tambi\u00e9n ten\u00eda la <strong>facultad de disolver dicho \u00f3rgano<\/strong>, <\/span><\/span><\/p>\n<blockquote>\n<p style=\"text-align: justify;\"><strong><span style=\"font-size: 14pt; color: #008000;\"><span dir=\"auto\">un poder limitado \u00fanicamente por el vago requisito de que solo pod\u00eda hacerlo \u00ab<em>una sola vez y por el mismo motivo<\/em>\u00bb.<\/span><\/span><\/strong><\/p>\n<\/blockquote>\n<p>&nbsp;<\/p>\n<p style=\"text-align: justify;\"><span style=\"font-size: 14pt;\"><strong><span dir=\"auto\">Este poder, combinado con el poder de nombrar al gabinete,\u00a0<\/span><a href=\"https:\/\/www.cambridge.org\/core\/journals\/american-political-science-review\/article\/legal-theory-in-the-collapse-of-weimar-contemporary-lessons\/5B0A1534B72EB5BBA186C523F7836412\" target=\"_blank\" rel=\"noreferrer noopener\"><span dir=\"auto\">significaba<\/span><\/a><\/strong><span dir=\"auto\"><strong>\u00a0que<\/strong> <\/span><\/span><\/p>\n<blockquote>\n<p style=\"text-align: justify;\"><strong><span style=\"font-size: 14pt; color: #008000;\"><span dir=\"auto\">el presidente pod\u00eda, durante 60 d\u00edas, asegurarse un gabinete que le diera la refrendo necesaria y que no contara con la confianza del\u00a0<\/span><em><span dir=\"auto\">Reichstag<\/span><\/em><span dir=\"auto\">\u00a0simplemente porque no estuviera reunido.<\/span><\/span><\/strong><\/p>\n<\/blockquote>\n<p>&nbsp;<\/p>\n<p style=\"text-align: justify;\"><span style=\"font-size: 14pt;\"><span dir=\"auto\"><strong><em>Prusia<\/em><\/strong>, el mayor\u00a0<\/span><em><span dir=\"auto\">estado<\/span><\/em><span dir=\"auto\">\u00a0federado, era el <strong>basti\u00f3n de la resistencia socialdem\u00f3crata contra los gabinetes federales conservadores de la d\u00e9cada de 1930<\/strong>.<\/span><\/span><\/p>\n<p>&nbsp;<\/p>\n<figure id=\"attachment_2322679\" aria-describedby=\"caption-attachment-2322679\" style=\"width: 240px\" class=\"wp-caption aligncenter\"><a href=\"https:\/\/es.wikipedia.org\/wiki\/Franz_von_Papen\" target=\"_blank\" rel=\"noopener\"><img loading=\"lazy\" decoding=\"async\" class=\"wp-image-2322679\" src=\"https:\/\/puntocritico.com\/ausajpuntocritico\/wp-content\/uploads\/2026\/09\/Bundesarchiv_Bild_183-1988-0113-500_Franz_v._Papen_cropped-218x300.jpg\" alt=\"\" width=\"240\" height=\"330\" srcset=\"https:\/\/puntocritico.com\/ausajpuntocritico\/wp-content\/uploads\/2026\/09\/Bundesarchiv_Bild_183-1988-0113-500_Franz_v._Papen_cropped-218x300.jpg 218w, https:\/\/puntocritico.com\/ausajpuntocritico\/wp-content\/uploads\/2026\/09\/Bundesarchiv_Bild_183-1988-0113-500_Franz_v._Papen_cropped.jpg 500w\" sizes=\"auto, (max-width: 240px) 100vw, 240px\" \/><\/a><figcaption id=\"caption-attachment-2322679\" class=\"wp-caption-text\"><span style=\"color: #008000;\"><a href=\"https:\/\/es.wikipedia.org\/wiki\/Franz_von_Papen\" target=\"_blank\" rel=\"noopener\"><strong>Franz von Papen<\/strong><\/a> en 1933. <strong>Franz Joseph Hermann Michael Maria von Papen<\/strong> (<em>Werl, 29 de octubre de 1879-Obersasbach, 2 de mayo de 1969<\/em>) fue un pol\u00edtico, militar y diplom\u00e1tico alem\u00e1n de la <em><strong>Rep\u00fablica de Weima<\/strong><\/em>r y del <em><strong>Tercer Reich<\/strong><\/em>, cuyas pol\u00edticas fueron fundamentales para el ascenso de <strong>Adolf Hitler<\/strong> al poder. Conocido por sus intrigas, se le llam\u00f3 \u00ab<em>el diablo con sombrero de copa<\/em>\u00bb<\/span><\/figcaption><\/figure>\n<p>&nbsp;<\/p>\n<p style=\"text-align: justify;\"><span style=\"font-size: 14pt;\"><span dir=\"auto\"><strong>El golpe de Estado fue instigado por el <em>canciller<\/em> <\/strong><a href=\"https:\/\/es.wikipedia.org\/wiki\/Franz_von_Papen\" target=\"_blank\" rel=\"noopener\"><strong>Franz von Papen<\/strong><\/a>, <\/span><\/span><\/p>\n<blockquote>\n<p style=\"text-align: justify;\"><strong><span style=\"font-size: 14pt; color: #008000;\"><span dir=\"auto\">quien hab\u00eda allanado el camino levantando la prohibici\u00f3n de manifestaciones callejeras impuesta por los nazis a Prusia, mientras manten\u00eda la de los comunistas.<\/span><\/span><\/strong><\/p>\n<\/blockquote>\n<p>&nbsp;<\/p>\n<p style=\"text-align: justify;\"><span style=\"font-size: 14pt;\"><span dir=\"auto\">Esta t\u00e1ctica <strong>logr\u00f3 provocar una violencia letal en las calles de Berl\u00edn y otras ciudades<\/strong>, que la polic\u00eda prusiana tuvo dificultades para contener.<strong>\u00a0<\/strong><\/span><\/span><span style=\"font-size: 14pt;\"><span dir=\"auto\"><strong>Con el pretexto de que el gobierno prusiano no lograba mantener el orden ni cumplir con sus deberes constitucionales para con el <em>Reich<\/em><\/strong>, <\/span><\/span><\/p>\n<blockquote>\n<p style=\"text-align: justify;\"><span style=\"color: #008000;\"><strong><span style=\"font-size: 14pt;\"><span dir=\"auto\">se emiti\u00f3 un decreto, en virtud del art\u00edculo 48, que derroc\u00f3 al gobierno prusiano y puso su aparato en manos de Papen.<\/span><\/span><\/strong><\/span><\/p>\n<\/blockquote>\n<p>&nbsp;<\/p>\n<p style=\"text-align: justify;\"><span style=\"font-size: 14pt;\"><span dir=\"auto\"><a href=\"https:\/\/puntocritico.com\/ausajpuntocritico\/2024\/07\/01\/cuando-los-nazis-vinieron-por-martin-niemoller\/\" target=\"_blank\" rel=\"noopener\"><strong>El golpe fue el primer paso de un plan para eliminar a los socialdem\u00f3cratas, seguido por el de los comunistas<\/strong><\/a>, mientras que <strong>Hitler<\/strong> ser\u00eda sometido al control de un gabinete cada vez m\u00e1s autoritario. <\/span><\/span><\/p>\n<p style=\"text-align: justify;\"><span style=\"font-size: 14pt;\"><span dir=\"auto\">La estrategia se completar\u00eda una vez que <strong>el gabinete, tras eliminar toda oposici\u00f3n y obst\u00e1culo interno (<em>incluido el\u00a0<\/em><\/strong><\/span><strong><em><span dir=\"auto\">Reichstag),<\/span><\/em><\/strong><span dir=\"auto\"><strong>\u00a0gobernara Alemania por decreto<\/strong>.<\/span><\/span><\/p>\n<p style=\"text-align: justify;\"><span style=\"font-size: 14pt;\"><span dir=\"auto\"><strong>En el momento del golpe de Estado<\/strong>, el <em>gobierno prusiano<\/em> -en el que el <strong><em>Partido Socialdem\u00f3crata<\/em><\/strong> era la facci\u00f3n dominante- consider\u00f3 la resistencia armada.<\/span><\/span><\/p>\n<p>&nbsp;<\/p>\n<figure id=\"attachment_2322756\" aria-describedby=\"caption-attachment-2322756\" style=\"width: 400px\" class=\"wp-caption aligncenter\"><a href=\"https:\/\/es.wikipedia.org\/wiki\/Paul_von_Hindenburg\" target=\"_blank\" rel=\"noopener\"><img loading=\"lazy\" decoding=\"async\" class=\"wp-image-2322756\" src=\"https:\/\/puntocritico.com\/ausajpuntocritico\/wp-content\/uploads\/2026\/09\/Paul-von-Hindenburg-presidente-de-Alemania-desde-1925-hasta-1934-300x225.jpg\" alt=\"\" width=\"400\" height=\"300\" srcset=\"https:\/\/puntocritico.com\/ausajpuntocritico\/wp-content\/uploads\/2026\/09\/Paul-von-Hindenburg-presidente-de-Alemania-desde-1925-hasta-1934-300x225.jpg 300w, https:\/\/puntocritico.com\/ausajpuntocritico\/wp-content\/uploads\/2026\/09\/Paul-von-Hindenburg-presidente-de-Alemania-desde-1925-hasta-1934-1024x768.jpg 1024w, https:\/\/puntocritico.com\/ausajpuntocritico\/wp-content\/uploads\/2026\/09\/Paul-von-Hindenburg-presidente-de-Alemania-desde-1925-hasta-1934-768x576.jpg 768w, https:\/\/puntocritico.com\/ausajpuntocritico\/wp-content\/uploads\/2026\/09\/Paul-von-Hindenburg-presidente-de-Alemania-desde-1925-hasta-1934-678x509.jpg 678w, https:\/\/puntocritico.com\/ausajpuntocritico\/wp-content\/uploads\/2026\/09\/Paul-von-Hindenburg-presidente-de-Alemania-desde-1925-hasta-1934-326x245.jpg 326w, https:\/\/puntocritico.com\/ausajpuntocritico\/wp-content\/uploads\/2026\/09\/Paul-von-Hindenburg-presidente-de-Alemania-desde-1925-hasta-1934-80x60.jpg 80w, https:\/\/puntocritico.com\/ausajpuntocritico\/wp-content\/uploads\/2026\/09\/Paul-von-Hindenburg-presidente-de-Alemania-desde-1925-hasta-1934.jpg 1200w\" sizes=\"auto, (max-width: 400px) 100vw, 400px\" \/><\/a><figcaption id=\"caption-attachment-2322756\" class=\"wp-caption-text\"><span style=\"color: #008000;\"><a href=\"https:\/\/es.wikipedia.org\/wiki\/Paul_von_Hindenburg\" target=\"_blank\" rel=\"noopener\"><strong>Paul von Hindenburg<\/strong><\/a>, presidente de Alemania desde 1925 hasta 1934.<\/span><\/figcaption><\/figure>\n<p>&nbsp;<\/p>\n<p style=\"text-align: justify;\"><span style=\"font-size: 14pt;\"><span dir=\"auto\">Pero, tanto porque <strong>parec\u00eda que tal acci\u00f3n terminar\u00eda en derrota como porque -como socialdem\u00f3cratas- estaban comprometidos con la legalidad<\/strong>, <\/span><\/span><\/p>\n<blockquote>\n<p style=\"text-align: justify;\"><span style=\"color: #008000;\"><strong><span style=\"font-size: 14pt;\"><span dir=\"auto\">optaron por impugnar la validez constitucional del decreto ante el tribunal establecido por la <em>Constituci\u00f3n de Weimar <\/em>para resolver disputas constitucionales entre el gobierno federal y los <\/span><em><span dir=\"auto\">L\u00e4nder<\/span><\/em><span dir=\"auto\">.<\/span><\/span><\/strong><\/span><\/p>\n<\/blockquote>\n<p>&nbsp;<\/p>\n<p style=\"text-align: justify;\"><span dir=\"auto\" style=\"font-size: 14pt;\"><strong>Schmitt <em>defendi\u00f3 el caso ante el tribunal en nombre del gobierno federal<\/em><\/strong>.<\/span><\/p>\n<p style=\"text-align: justify;\"><span dir=\"auto\" style=\"font-size: 14pt;\"><strong>Entre los que se opon\u00edan<\/strong> se encontraba <a href=\"https:\/\/es.wikipedia.org\/wiki\/Hermann_Heller\" target=\"_blank\" rel=\"noopener\"><strong>Hermann Heller<\/strong><\/a> (1891-1933), un <strong>te\u00f3rico jur\u00eddico socialista jud\u00edo y abogado de oficio<\/strong>.<\/span><\/p>\n<p style=\"text-align: justify;\"><span dir=\"auto\" style=\"font-size: 14pt;\"> El caso <strong>se origin\u00f3 a partir de un debate iniciado en 1929<\/strong> entre <strong>Schmitt<\/strong> y <strong>Hans Kelsen<\/strong> (1881-1973), tambi\u00e9n <strong>de origen jud\u00edo y destacado fil\u00f3sofo jur\u00eddico del siglo anterior<\/strong>, <\/span><\/p>\n<blockquote>\n<p style=\"text-align: justify;\"><strong><span dir=\"auto\" style=\"font-size: 14pt; color: #008000;\">sobre qu\u00e9 instituci\u00f3n deb\u00eda ser la \u00ab<em>guardiana de la constituci\u00f3n<\/em>\u00ab.<\/span><\/strong><\/p>\n<\/blockquote>\n<p>&nbsp;<\/p>\n<p><img loading=\"lazy\" decoding=\"async\" class=\"aligncenter wp-image-2322667\" src=\"https:\/\/puntocritico.com\/ausajpuntocritico\/wp-content\/uploads\/2026\/08\/Kelsen-vs-Schmitt-libro-196x300.jpg\" alt=\"\" width=\"240\" height=\"368\" srcset=\"https:\/\/puntocritico.com\/ausajpuntocritico\/wp-content\/uploads\/2026\/08\/Kelsen-vs-Schmitt-libro-196x300.jpg 196w, https:\/\/puntocritico.com\/ausajpuntocritico\/wp-content\/uploads\/2026\/08\/Kelsen-vs-Schmitt-libro-668x1024.jpg 668w, https:\/\/puntocritico.com\/ausajpuntocritico\/wp-content\/uploads\/2026\/08\/Kelsen-vs-Schmitt-libro.jpg 740w\" sizes=\"auto, (max-width: 240px) 100vw, 240px\" \/><\/p>\n<p>&nbsp;<\/p>\n<blockquote>\n<p class=\"pullquote\" style=\"text-align: center;\"><span style=\"font-size: 14pt;\"><strong><span dir=\"auto\" style=\"color: #008000;\">El tribunal dio su sello de legalidad a una toma del poder por parte del ejecutivo que sent\u00f3 las bases para Hitler.<\/span><\/strong><\/span><\/p>\n<\/blockquote>\n<p>&nbsp;<\/p>\n<p style=\"text-align: justify;\"><strong><span dir=\"auto\"><span style=\"font-size: 14pt;\">La decisi\u00f3n del tribunal es\u00a0<\/span><\/span><\/strong><span style=\"font-size: 14pt;\"><strong><a href=\"https:\/\/www.hup.harvard.edu\/books\/9780674031968\" target=\"_blank\" rel=\"noreferrer noopener\"><span dir=\"auto\">descrita<\/span><\/a><\/strong><span dir=\"auto\"><strong>\u00a0<\/strong>acertadamente en\u00a0<\/span><strong><em><span dir=\"auto\">Iron Kingdom<\/span><\/em><\/strong><span dir=\"auto\">\u00a0(2007) por el historiador <strong>Christopher Clark<\/strong> como<strong> \u00ab<em>indecisa<\/em>\u00bb<\/strong>. <\/span><\/span><\/p>\n<p style=\"text-align: justify;\"><span style=\"font-size: 14pt;\"><span dir=\"auto\"><strong>Rechaz\u00f3 el argumento de<\/strong> <strong>Schmitt<\/strong> de que, <\/span><\/span><\/p>\n<blockquote>\n<p style=\"text-align: justify;\"><span style=\"color: #008000;\"><strong><span style=\"font-size: 14pt;\"><span dir=\"auto\">en primer lugar, carec\u00eda de jurisdicci\u00f3n en un asunto pol\u00edtico tan delicado y, <\/span><\/span><\/strong><\/span><\/p>\n<p style=\"text-align: justify;\"><span style=\"color: #008000;\"><strong><span style=\"font-size: 14pt;\"><span dir=\"auto\">en segundo lugar, que, de tenerla, no ten\u00eda autoridad para cuestionar al ejecutivo sobre la existencia de un estado de emergencia ni sobre la respuesta adecuada ante dicho estado.<\/span><\/span><\/strong><\/span><\/p>\n<\/blockquote>\n<p>&nbsp;<\/p>\n<p style=\"text-align: justify;\"><span style=\"font-size: 14pt;\"><span dir=\"auto\">Pero<strong> tambi\u00e9n rechaz\u00f3 el argumento de<\/strong> <strong><em>Prusia<\/em><\/strong>, <\/span><\/span><\/p>\n<blockquote>\n<p style=\"text-align: justify;\"><span style=\"color: #008000;\"><strong><span style=\"font-size: 14pt;\"><span dir=\"auto\">primero, de que el decreto carec\u00eda de fundamento y, por lo tanto, era inv\u00e1lido; <\/span><\/span><\/strong><\/span><\/p>\n<p style=\"text-align: justify;\"><span style=\"color: #008000;\"><strong><span style=\"font-size: 14pt;\"><span dir=\"auto\">y segundo, de que, de ser v\u00e1lido, derrocar al gobierno prusiano era injustificado.<\/span><\/span><\/strong><\/span><\/p>\n<\/blockquote>\n<p>&nbsp;<\/p>\n<p style=\"text-align: justify;\"><span style=\"font-size: 14pt;\"><span dir=\"auto\"><strong>El t\u00e9rmino medio que busc\u00f3 el tribunal fue mantener al gobierno prusiano en su lugar en lo que respecta a sus relaciones externas con las instituciones federales<\/strong>, <\/span><\/span><\/p>\n<blockquote>\n<p style=\"text-align: justify;\"><strong><span style=\"font-size: 14pt; color: #008000;\"><span dir=\"auto\">al tiempo que otorgaba el control de los asuntos internos de <em>Prusia<\/em> a Papen hasta que se restableciera el orden.<\/span><\/span><\/strong><\/p>\n<\/blockquote>\n<p>&nbsp;<\/p>\n<p style=\"text-align: justify;\"><span style=\"font-size: 14pt;\"><span dir=\"auto\"><strong>Que el tribunal preservara el lugar de <em>Prusia<\/em> en la estructura federal <\/strong><\/span><\/span><\/p>\n<blockquote>\n<p style=\"text-align: justify;\"><strong><span style=\"font-size: 14pt; color: #008000;\"><span dir=\"auto\">supuso un duro golpe para Papen y Schmitt.<\/span><\/span><\/strong><\/p>\n<\/blockquote>\n<p>&nbsp;<\/p>\n<p style=\"text-align: justify;\"><span style=\"font-size: 14pt;\"><span dir=\"auto\"><strong>Pero la entrega de su maquinaria interna de gobierno a Papen fue<\/strong> <strong>una victoria significativa<\/strong>, <strong>raz\u00f3n por la cual Michael Stolleis<\/strong>, <\/span><\/span><\/p>\n<blockquote>\n<p style=\"text-align: justify;\"><span style=\"color: #008000;\"><strong><span style=\"font-size: 14pt;\"><span dir=\"auto\">el principal historiador jur\u00eddico de Alemania,\u00a0<\/span><a style=\"color: #008000;\" href=\"https:\/\/global.oup.com\/academic\/product\/a-history-of-public-law-in-germany-1914-1945-9780199269365?cc=us&amp;lang=en&amp;\" target=\"_blank\" rel=\"noopener\"><span dir=\"auto\">califica<\/span><\/a><span dir=\"auto\">\u00a0la decisi\u00f3n como un \u00ab<em>hito en la historia constitucional de la ca\u00edda de la Rep\u00fablica<\/em>\u00bb.<\/span><\/span><\/strong><\/span><\/p>\n<\/blockquote>\n<p style=\"text-align: justify;\">\u00a0<\/p>\n<figure id=\"attachment_2219666\" aria-describedby=\"caption-attachment-2219666\" style=\"width: 440px\" class=\"wp-caption aligncenter\"><a href=\"https:\/\/puntocritico.com\/ausajpuntocritico\/2021\/06\/29\/que-es-la-justicia-por-hans-kelsen\/\" target=\"_blank\" rel=\"noopener\"><img loading=\"lazy\" decoding=\"async\" class=\"wp-image-2219666\" src=\"https:\/\/puntocritico.com\/ausajpuntocritico\/wp-content\/uploads\/2021\/06\/HANS-KELSEN-2-300x180.jpg\" alt=\"\" width=\"440\" height=\"264\" srcset=\"https:\/\/puntocritico.com\/ausajpuntocritico\/wp-content\/uploads\/2021\/06\/HANS-KELSEN-2-300x180.jpg 300w, https:\/\/puntocritico.com\/ausajpuntocritico\/wp-content\/uploads\/2021\/06\/HANS-KELSEN-2.jpg 500w\" sizes=\"auto, (max-width: 440px) 100vw, 440px\" \/><\/a><figcaption id=\"caption-attachment-2219666\" class=\"wp-caption-text\"><a href=\"https:\/\/puntocritico.com\/ausajpuntocritico\/2021\/06\/29\/que-es-la-justicia-por-hans-kelsen\/\" target=\"_blank\" rel=\"noopener\"><span style=\"color: #008000;\">HANS KELSEN<\/span><\/a><\/figcaption><\/figure>\n<p>&nbsp;<\/p>\n<p style=\"text-align: justify;\"><span style=\"font-size: 14pt;\"><span dir=\"auto\"><strong>Que el tribunal legitimara la toma del poder por parte del poder ejecutivo en 1932<\/strong> por la derecha aristocr\u00e1tica en Alemania <strong>sent\u00f3 las bases para la toma del poder a\u00fan m\u00e1s dram\u00e1tica de<\/strong> <strong>Hitler<\/strong> al a\u00f1o siguiente <strong>y para la afirmaci\u00f3n de que la <em>Ley Habilitante de 1933<\/em><\/strong>, <\/span><\/span><\/p>\n<blockquote>\n<p style=\"text-align: justify;\"><span style=\"color: #008000;\"><strong><span style=\"font-size: 14pt;\"><span dir=\"auto\">mediante la cual un <em>Reichstag<\/em> completamente intimidado le otorg\u00f3 un poder legislativo supremo e ilimitado, era perfectamente legal.<\/span><\/span><\/strong><\/span><\/p>\n<\/blockquote>\n<p>&nbsp;<\/p>\n<p style=\"text-align: justify;\"><span style=\"font-size: 14pt;\"><span dir=\"auto\"><strong><a href=\"https:\/\/puntocritico.com\/ausajpuntocritico\/2024\/10\/15\/que-es-la-justicia-por-hans-kelsen-2\/\" target=\"_blank\" rel=\"noopener\">Kelsen<\/a><\/strong>, cuya trayectoria profesional incluy\u00f3 la <strong>redacci\u00f3n de la constituci\u00f3n austriaca<\/strong>, el <strong>dise\u00f1o del primer tribunal constitucional del mundo<\/strong> y su participaci\u00f3n como juez en su primera sala,\u00a0<\/span><\/span><strong><span style=\"font-size: 14pt;\"><span dir=\"auto\">acus\u00f3 a Schmitt, <\/span><\/span><\/strong><\/p>\n<blockquote>\n<p style=\"text-align: justify;\"><strong><span style=\"font-size: 14pt; color: #008000;\"><span dir=\"auto\">durante el debate, de presentar un argumento pol\u00edtico disfrazado de legal.<\/span><\/span><\/strong><\/p>\n<\/blockquote>\n<p>&nbsp;<\/p>\n<p style=\"text-align: justify;\"><span style=\"font-size: 14pt;\"><strong><span dir=\"auto\">Lo\u00a0<\/span><a href=\"https:\/\/www.cambridge.org\/core\/books\/guardian-of-the-constitution\/who-ought-to-be-the-guardian-of-the-constitution-kelsens-reply-to-schmitt\/A7B9D27EB7EE08549026F1BC27E916D4\" target=\"_blank\" rel=\"noreferrer noopener\"><span dir=\"auto\">acus\u00f3<\/span><\/a><\/strong><span dir=\"auto\"><strong>\u00a0de<\/strong> <strong>intentar introducir la teor\u00eda del derecho divino de los monarcas en la constituci\u00f3n secular<\/strong> con miras a una <strong>reforma constitucional radical<\/strong>, en una especie de \u00ab<em>apoteosis<\/em>\u00bb del <strong>art\u00edculo 48<\/strong>.<\/span><\/span><\/p>\n<p>&nbsp;<\/p>\n<figure id=\"attachment_17367\" aria-describedby=\"caption-attachment-17367\" style=\"width: 400px\" class=\"wp-caption aligncenter\"><img loading=\"lazy\" decoding=\"async\" class=\"wp-image-17367\" src=\"https:\/\/puntocritico.com\/ausajpuntocritico\/wp-content\/uploads\/2019\/03\/Carl-Schmitt_1-300x199.jpg\" alt=\"Carl Schmitt\" width=\"400\" height=\"266\" srcset=\"https:\/\/puntocritico.com\/ausajpuntocritico\/wp-content\/uploads\/2019\/03\/Carl-Schmitt_1-300x199.jpg 300w, https:\/\/puntocritico.com\/ausajpuntocritico\/wp-content\/uploads\/2019\/03\/Carl-Schmitt_1-678x452.jpg 678w, https:\/\/puntocritico.com\/ausajpuntocritico\/wp-content\/uploads\/2019\/03\/Carl-Schmitt_1.jpg 680w\" sizes=\"auto, (max-width: 400px) 100vw, 400px\" \/><figcaption id=\"caption-attachment-17367\" class=\"wp-caption-text\"><span style=\"color: #008000;\">Carl Schmitt <\/span><\/figcaption><\/figure>\n<p>&nbsp;<\/p>\n<p style=\"text-align: justify;\"><span style=\"font-size: 14pt;\"><span dir=\"auto\">En opini\u00f3n de <strong>Kelsen<\/strong>, un jurista <strong>debe mantener una estricta separaci\u00f3n entre el argumento legal<\/strong>, que \u00e9l entend\u00eda como <strong><em>el argumento sobre lo que la ley promulgada y la constituci\u00f3n escrita exig\u00edan formalmente<\/em><\/strong>, y el <strong>argumento pol\u00edtico<\/strong> sobre el fondo de lo que deber\u00eda ser as\u00ed. <\/span><\/span><\/p>\n<p style=\"text-align: justify;\"><span style=\"font-size: 14pt;\"><span dir=\"auto\"><strong>La cuesti\u00f3n de la tutela de la constituci\u00f3n depend\u00eda de criterios legales, no pol\u00edticos<\/strong>, <\/span><\/span><\/p>\n<blockquote>\n<p style=\"text-align: justify;\"><strong><span style=\"font-size: 14pt;\"><span dir=\"auto\"><span style=\"color: #008000;\">aunque sugiri\u00f3 que ser\u00eda incompatible con la idea de legalidad que el presidente tuviera la tarea de decidir los l\u00edmites legales de su poder.<\/span> <\/span><\/span><\/strong><\/p>\n<\/blockquote>\n<p>&nbsp;<\/p>\n<p style=\"text-align: justify;\"><span style=\"font-size: 14pt;\"><span dir=\"auto\">Sin embargo, al responder al fallo, <strong>Kelsen\u00a0<\/strong><\/span><strong><a href=\"https:\/\/www.cambridge.org\/core\/books\/guardian-of-the-constitution\/kelsen-on-the-judgment-of-thestaatsgerichtshofof-25-october-1932\/219B84194C3CB8A076CF3D8E1D6694B6\" target=\"_blank\" rel=\"noreferrer noopener\"><span dir=\"auto\">sugiri\u00f3<\/span><\/a><\/strong><span dir=\"auto\"><strong>\u00a0que, desde un punto de vista legal, no ten\u00eda nada de malo, ya que el art\u00edculo 48 era ambiguo y la constituci\u00f3n no hab\u00eda aclarado el papel del tribunal en tales disputas<\/strong>.<\/span><\/span><\/p>\n<p style=\"text-align: justify;\"><span dir=\"auto\" style=\"font-size: 14pt;\"><strong>Schmitt<\/strong>, por el contrario, reaccion\u00f3 con consternaci\u00f3n ante el fallo, ya que <strong>el tribunal no hab\u00eda aceptado su argumento en su totalidad<\/strong>. <\/span><\/p>\n<p style=\"text-align: justify;\"><span dir=\"auto\" style=\"font-size: 14pt;\">Sin embargo, <\/span><strong><span dir=\"auto\" style=\"font-size: 14pt;\">desde la perspectiva de su teor\u00eda general de la pol\u00edtica, podr\u00eda decirse que el fallo respalda su afirmaci\u00f3n de que, en situaciones pol\u00edticamente tensas<\/span><\/strong><span dir=\"auto\" style=\"font-size: 14pt;\">, <\/span><\/p>\n<blockquote>\n<p style=\"text-align: justify;\"><strong><span style=\"color: #008000;\"><span dir=\"auto\" style=\"font-size: 14pt;\">los tribunales podr\u00edan verse obligados a asumir el papel de guardianes de la constituci\u00f3n, otorgando en la pr\u00e1ctica una amplia libertad de acci\u00f3n al poder ejecutivo.<\/span><\/span><\/strong><\/p>\n<\/blockquote>\n<p>&nbsp;<\/p>\n<figure id=\"attachment_2322720\" aria-describedby=\"caption-attachment-2322720\" style=\"width: 678px\" class=\"wp-caption aligncenter\"><img loading=\"lazy\" decoding=\"async\" class=\"wp-image-2322720 size-mh-magazine-content\" src=\"https:\/\/puntocritico.com\/ausajpuntocritico\/wp-content\/uploads\/2026\/08\/village-lawyer-brueghel-678x381.jpg\" alt=\"\" width=\"678\" height=\"381\" \/><figcaption id=\"caption-attachment-2322720\" class=\"wp-caption-text\"><span style=\"color: #008000;\"><strong><em>El abogado del pueblo (The Village Lawyer)<\/em><\/strong>, del pintor flamenco <strong>Pieter Brueghel el Joven<\/strong> pintada en el siglo XVII. <\/span><\/figcaption><\/figure>\n<p>&nbsp;<\/p>\n<p style=\"text-align: justify;\"><span dir=\"auto\" style=\"font-size: 14pt;\">De los tres, solo <strong>Heller<\/strong> ofreci\u00f3 una <strong>v\u00eda para preservar la legalidad tanto en el fondo como en la forma<\/strong>.<\/span><\/p>\n<p style=\"text-align: justify;\"><span dir=\"auto\" style=\"font-size: 14pt;\">En 1927, advirti\u00f3 que l<strong>a teor\u00eda jur\u00eddica de<\/strong> <strong>Kelsen<\/strong> <strong>era peligrosa porque se basaba en una idea de legalidad formal pol\u00edticamente vac\u00eda<\/strong>.\u00a0<\/span><span dir=\"auto\" style=\"font-size: 14pt;\">Por lo tanto, <strong>coincidi\u00f3 con Schmitt en su argumento de que<\/strong> <\/span><\/p>\n<blockquote>\n<p style=\"text-align: justify;\"><strong><span dir=\"auto\" style=\"font-size: 14pt; color: #008000;\">una teor\u00eda jur\u00eddica valiosa debe tener una dimensi\u00f3n pol\u00edtica.<\/span><\/strong><\/p>\n<\/blockquote>\n<p>&nbsp;<\/p>\n<p style=\"text-align: justify;\"><span dir=\"auto\" style=\"font-size: 14pt;\"> Sin embargo,<strong> rechaz\u00f3 la teor\u00eda de<\/strong> <strong>Schmitt<\/strong> porque <strong>reduc\u00eda el derecho a la pol\u00edtica en un intento por justificar la soberan\u00eda del poder ejecutivo<\/strong>, situ\u00e1ndolo as\u00ed fuera del control legal y democr\u00e1tico.\u00a0<\/span><span dir=\"auto\" style=\"font-size: 14pt;\"><strong>En la teor\u00eda jur\u00eddica de Heller<\/strong>, <\/span><\/p>\n<blockquote>\n<p style=\"text-align: justify;\"><strong><span dir=\"auto\" style=\"font-size: 14pt; color: #008000;\">los criterios para juzgar correctamente el contenido de la ley son tanto jur\u00eddicos como pol\u00edticos, y estos criterios deben regir la interpretaci\u00f3n jur\u00eddica.<\/span><\/strong><\/p>\n<\/blockquote>\n<p>&nbsp;<\/p>\n<p style=\"text-align: justify;\"><span dir=\"auto\" style=\"font-size: 14pt;\"><strong>En sus intervenciones ante el tribunal<\/strong>, prosigui\u00f3 con esta postura argumentando que <strong>la jurisdicci\u00f3n del presidente, seg\u00fan el art\u00edculo 48, debe estar limitada por la propia constituci\u00f3n que le otorg\u00f3 dicha jurisdicci\u00f3n, y, por lo tanto, de acuerdo con la correcta comprensi\u00f3n jur\u00eddica de los presupuestos constitucionales<\/strong>: <\/span><\/p>\n<blockquote>\n<p style=\"text-align: justify;\"><span dir=\"auto\" style=\"font-size: 14pt; color: #008000;\"><strong>los principios jur\u00eddicos fundamentales que preservan la rendici\u00f3n de cuentas legal y democr\u00e1tica del poder ejecutivo ante el parlamento, cuyas leyes son la \u00fanica expresi\u00f3n aut\u00e9ntica de la voluntad del pueblo.<\/strong><\/span><\/p>\n<\/blockquote>\n<p>&nbsp;<\/p>\n<figure id=\"attachment_2315872\" aria-describedby=\"caption-attachment-2315872\" style=\"width: 440px\" class=\"wp-caption aligncenter\"><a href=\"https:\/\/puntocritico.com\/ausajpuntocritico\/2026\/01\/11\/el-proyecto-atomico-nazi\/\" target=\"_blank\" rel=\"noopener\"><img loading=\"lazy\" decoding=\"async\" class=\"wp-image-2315872\" src=\"https:\/\/puntocritico.com\/ausajpuntocritico\/wp-content\/uploads\/2026\/01\/Objetivo-la-luna-tintin-PPAL-300x199.jpg\" alt=\"\" width=\"440\" height=\"292\" srcset=\"https:\/\/puntocritico.com\/ausajpuntocritico\/wp-content\/uploads\/2026\/01\/Objetivo-la-luna-tintin-PPAL-300x199.jpg 300w, https:\/\/puntocritico.com\/ausajpuntocritico\/wp-content\/uploads\/2026\/01\/Objetivo-la-luna-tintin-PPAL-678x452.jpg 678w, https:\/\/puntocritico.com\/ausajpuntocritico\/wp-content\/uploads\/2026\/01\/Objetivo-la-luna-tintin-PPAL.jpg 680w\" sizes=\"auto, (max-width: 440px) 100vw, 440px\" \/><\/a><figcaption id=\"caption-attachment-2315872\" class=\"wp-caption-text\"><span style=\"color: #008000;\"><a style=\"color: #008000;\" href=\"https:\/\/puntocritico.com\/ausajpuntocritico\/2026\/01\/11\/el-proyecto-atomico-nazi\/\" target=\"_blank\" rel=\"noopener\"> WunderWaffen: El Proyecto At\u00f3mico Nazi <\/a><\/span><\/figcaption><\/figure>\n<p>&nbsp;<\/p>\n<p style=\"text-align: justify;\"><span dir=\"auto\" style=\"font-size: 14pt;\">Tras la Segunda Guerra Mundial, a <strong>Schmitt<\/strong> se le <strong>prohibi\u00f3 impartir clases debido a su vinculaci\u00f3n con los nazis<\/strong>.<\/span><\/p>\n<p style=\"text-align: justify;\"><span dir=\"auto\" style=\"font-size: 14pt;\">Sin embargo, <strong>continu\u00f3 ejerciendo una nefasta influencia en el pensamiento jur\u00eddico p\u00fablico alem\u00e1n<\/strong>. Durante la posguerra, cont\u00f3 con un peque\u00f1o pero fiel grupo de seguidores en Estados Unidos. <\/span><\/p>\n<p style=\"text-align: justify;\"><span dir=\"auto\" style=\"font-size: 14pt;\"><strong>Tras los atentados terroristas del 11 de septiembre de 2001 en Estados Unidos<\/strong>, <\/span><\/p>\n<blockquote>\n<p style=\"text-align: justify;\"><strong><span dir=\"auto\" style=\"font-size: 14pt; color: #008000;\">fue \u00ab<em>descubierto<\/em>\u00bb por te\u00f3ricos pol\u00edticos y abogados, antes de su incursi\u00f3n en los principales medios de comunicaci\u00f3n.<\/span><\/strong><\/p>\n<\/blockquote>\n<p>&nbsp;<\/p>\n<p style=\"text-align: justify;\"><span dir=\"auto\" style=\"font-size: 14pt;\">Mientras tanto, <strong>Kelsen<\/strong> hab\u00eda sido <strong>despedido sumariamente de su puesto en la Universidad de Colonia en 1933<\/strong>, donde <strong>Schmitt<\/strong> tambi\u00e9n impart\u00eda clases, <\/span><\/p>\n<blockquote>\n<p style=\"text-align: justify;\"><span style=\"color: #008000;\"><strong><span dir=\"auto\" style=\"font-size: 14pt;\">en virtud de la ley que exig\u00eda el despido de los jud\u00edos en la administraci\u00f3n p\u00fablica.<\/span><\/strong><\/span><\/p>\n<\/blockquote>\n<p>&nbsp;<\/p>\n<p style=\"text-align: justify;\"><span dir=\"auto\" style=\"font-size: 14pt;\"> (<em><strong>Schmitt fue el \u00fanico colega que se neg\u00f3 a firmar una carta de protesta<\/strong>. Anot\u00f3 en su <strong>diario<\/strong> que no pod\u00eda \u00abfirmar este rid\u00edculo producto de la Facultad\u00bb, que \u00abes una sociedad miserable la que hace tales esfuerzos en favor de un jud\u00edo, mientras abandona fr\u00edamente a mil alemanes decentes en condiciones de hambre y miseria\u00bb, <strong>especul\u00f3 que el decano que le pidi\u00f3 que firmara \u00abquiz\u00e1s tambi\u00e9n fuera jud\u00edo\u00bb y se quej\u00f3 de ser v\u00edctima del \u00abpoder jud\u00edo\u00bb<\/strong><\/em>).<\/span><\/p>\n<p style=\"text-align: justify;\"><span dir=\"auto\" style=\"font-size: 14pt;\">Mientras <strong>Kelsen<\/strong> <strong>emigr\u00f3 a Estados Unidos<\/strong>, donde imparti\u00f3 clases durante muchos a\u00f1os en el anonimato, <strong>Heller<\/strong> <strong>falleci\u00f3 en 1933 en el exilio en Espa\u00f1a<\/strong> a causa de una cardiopat\u00eda, secuela de su servicio en el frente durante la guerra.<\/span><\/p>\n<p>&nbsp;<\/p>\n<figure id=\"attachment_2322732-2\" aria-describedby=\"caption-attachment-2322732-2\" style=\"width: 300px\" class=\"wp-caption aligncenter\"><a href=\"https:\/\/es.wikipedia.org\/wiki\/Hermann_Heller\" target=\"_blank\" rel=\"noopener\"><img loading=\"lazy\" decoding=\"async\" class=\"wp-image-2322732\" src=\"https:\/\/puntocritico.com\/ausajpuntocritico\/wp-content\/uploads\/2026\/09\/Heller_hermann-252x300.jpg\" alt=\"\" width=\"300\" height=\"357\" srcset=\"https:\/\/puntocritico.com\/ausajpuntocritico\/wp-content\/uploads\/2026\/09\/Heller_hermann-252x300.jpg 252w, https:\/\/puntocritico.com\/ausajpuntocritico\/wp-content\/uploads\/2026\/09\/Heller_hermann.jpg 300w\" sizes=\"auto, (max-width: 300px) 100vw, 300px\" \/><\/a><figcaption id=\"caption-attachment-2322732-2\" class=\"wp-caption-text\"><span style=\"color: #008000;\"><a style=\"color: #008000;\" href=\"https:\/\/es.wikipedia.org\/wiki\/Hermann_Heller\" target=\"_blank\" rel=\"noopener\"><strong>Hermann Heller<\/strong><\/a> (<em>Teschen, Austria-Hungr\u00eda, 17 de julio de 1891-Madrid, Espa\u00f1a, 5 de noviembre de 1933<\/em>) fue un jurista y polit\u00f3logo alem\u00e1n, miembro del ala no marxista del <em><strong>Partido Socialdem\u00f3crata de Alemania (SPD)<\/strong><\/em> durante la<strong><em> Rep\u00fablica de Weimar<\/em><\/strong>. Intent\u00f3 formular las bases te\u00f3ricas para las relaciones entre socialdemocracia, Estado y naci\u00f3n. Se le considera como un gran jurista, te\u00f3rico de la pol\u00edtica y constitucionalista, representante descollante de la Teor\u00eda del Estado alemana. <\/span><\/figcaption><\/figure>\n<p>&nbsp;<\/p>\n<p style=\"text-align: justify;\"><span dir=\"auto\" style=\"font-size: 14pt;\"><strong>Hoy en d\u00eda, la contribuci\u00f3n de <a href=\"https:\/\/es.wikipedia.org\/wiki\/Hermann_Heller\" target=\"_blank\" rel=\"noopener\">Heller<\/a> a la teor\u00eda jur\u00eddica y pol\u00edtica es pr\u00e1cticamente desconocida<\/strong>, incluso en <em>Alemania<\/em>. <\/span><\/p>\n<p style=\"text-align: justify;\"><span dir=\"auto\" style=\"font-size: 14pt;\">Sin embargo, <strong>resulta sumamente relevante para los debates actuales, especialmente en el <em>Reino Unido<\/em><\/strong>, <strong>que -con su arraigado compromiso con la democracia parlamentaria y el Estado de derecho- <\/strong><\/span><\/p>\n<blockquote>\n<p style=\"text-align: justify;\"><span style=\"color: #008000;\"><strong><span dir=\"auto\" style=\"font-size: 14pt;\">podr\u00eda parecer el \u00faltimo lugar donde la <em>l\u00f3gica schmittiana<\/em> podr\u00eda tener repercusi\u00f3n.<\/span><\/strong><\/span><\/p>\n<\/blockquote>\n<p>&nbsp;<\/p>\n<p style=\"text-align: justify;\"><span style=\"font-size: 14pt;\"><span dir=\"auto\"><strong>Esta l\u00f3gica se aplica actualmente a los debates constitucionales sobre el<\/strong> <em><strong>Brexit<\/strong><\/em>, en los que una figura central es <a href=\"https:\/\/es.wikipedia.org\/wiki\/John_Finnis\" target=\"_blank\" rel=\"noopener\"><strong>John Finnis<\/strong><\/a>, <em>profesor em\u00e9rito de Derecho en la Universidad de Oxford<\/em> y principal defensor de una tradici\u00f3n jur\u00eddica cat\u00f3lica profundamente conservadora. <\/span><\/span><\/p>\n<p style=\"text-align: justify;\"><span style=\"font-size: 14pt;\"><span dir=\"auto\"><strong>Finnis<\/strong> podr\u00eda ser el jurista m\u00e1s influyente de nuestro tiempo.<\/span><\/span><\/p>\n<p>&nbsp;<\/p>\n<figure id=\"attachment_2322733\" aria-describedby=\"caption-attachment-2322733\" style=\"width: 400px\" class=\"wp-caption aligncenter\"><a href=\"https:\/\/es.wikipedia.org\/wiki\/John_Finnis\" target=\"_blank\" rel=\"noopener\"><img loading=\"lazy\" decoding=\"async\" class=\"wp-image-2322733\" src=\"https:\/\/puntocritico.com\/ausajpuntocritico\/wp-content\/uploads\/2026\/09\/John_Finnis_on_After_Dark_26th_June_1987-300x205.jpg\" alt=\"\" width=\"400\" height=\"273\" srcset=\"https:\/\/puntocritico.com\/ausajpuntocritico\/wp-content\/uploads\/2026\/09\/John_Finnis_on_After_Dark_26th_June_1987-300x205.jpg 300w, https:\/\/puntocritico.com\/ausajpuntocritico\/wp-content\/uploads\/2026\/09\/John_Finnis_on_After_Dark_26th_June_1987.jpg 500w\" sizes=\"auto, (max-width: 400px) 100vw, 400px\" \/><\/a><figcaption id=\"caption-attachment-2322733\" class=\"wp-caption-text\"><span style=\"color: #008000;\"><a style=\"color: #008000;\" href=\"https:\/\/es.wikipedia.org\/wiki\/John_Finnis\" target=\"_blank\" rel=\"noopener\"><strong>John Finnis<\/strong><\/a> (<em>Adelaida, Australia, 28 de julio de 1940<\/em>) es un <em><strong>fil\u00f3sofo tomista<\/strong><\/em>, que ejerce en la <em>Universidad de Oxford<\/em> y en la <em>Universidad de Notre Dame <\/em>(<em>South Bend, Indiana, Estados Unidos<\/em>) como<strong> profesor de Derecho y Filosof\u00eda del Derecho<\/strong>. Es uno de los m\u00e1s prominentes fil\u00f3sofos del derecho. Su obra \u00ab<em><strong>Ley natural y Derechos naturales<\/strong><\/em>\u00bb (<em>Natural Law and Natural Rights)<\/em> es considerada como uno de los trabajos cumbres de la <em>filosof\u00eda iusnaturalista<\/em>. Es miembro de la <strong><em>Pontificia Academia para la Vida<\/em><\/strong>.<\/span><\/figcaption><\/figure>\n<p>&nbsp;<\/p>\n<p style=\"text-align: justify;\"><span style=\"font-size: 14pt;\"><span dir=\"auto\"><strong>Uno de sus alumnos es el magistrado de la Corte Suprema de Estados Unidos<\/strong>, <strong>Neil Gorsuch<\/strong>; otro, <strong>Robert P. George<\/strong>, <em>profesor de jurisprudencia en la Universidad de Princeton<\/em>, fue descrito en\u00a0<\/span><em><span dir=\"auto\">The New York Times Magazine<\/span><\/em><span dir=\"auto\">\u00a0en 2009 como el \u00ab<em>pensador cristiano conservador m\u00e1s influyente<\/em>\u00bb de Estados Unidos.<\/span><\/span><\/p>\n<p style=\"text-align: justify;\"><span style=\"font-size: 14pt;\"><span dir=\"auto\">El mayor impacto de <strong>Finnis<\/strong> se ha producido a trav\u00e9s del mencionado <em><strong>Proyecto de Poder Judicial<\/strong><\/em>. <\/span><\/span><\/p>\n<p style=\"text-align: justify;\"><span style=\"font-size: 14pt;\"><span dir=\"auto\">Este proyecto ha publicado una amplia gama de opiniones, pero est\u00e1 dominado por la agenda de <strong>Finnis<\/strong> y su protegido <strong>Richard Ekins<\/strong>, tambi\u00e9n <em>profesor de derecho en Oxfor<\/em>d. <\/span><\/span><\/p>\n<p style=\"text-align: justify;\"><span style=\"font-size: 14pt;\"><span dir=\"auto\"><strong>Se oponen a la revisi\u00f3n judicial basada en los derechos humanos<\/strong>, <\/span><\/span><\/p>\n<blockquote>\n<p style=\"text-align: justify;\"><strong><span style=\"font-size: 14pt; color: #008000;\"><span dir=\"auto\">tal como lo exige la ratificaci\u00f3n por parte del Reino Unido del <em>Convenio Europeo de Derechos Humanos<\/em> y la posterior incorporaci\u00f3n de estos derechos mediante la <em>Ley de Derechos Humanos (1998)<\/em>.<\/span><\/span><\/strong><\/p>\n<\/blockquote>\n<p>&nbsp;<\/p>\n<figure id=\"attachment_2244351\" aria-describedby=\"caption-attachment-2244351\" style=\"width: 280px\" class=\"wp-caption aligncenter\"><img loading=\"lazy\" decoding=\"async\" class=\"wp-image-2244351\" src=\"https:\/\/puntocritico.com\/ausajpuntocritico\/wp-content\/uploads\/2022\/04\/f.elconfidencial.com_original_f7c_c1f_a54_f7cc1fa544f4dd81dce779ea6736d920-225x300.jpg\" alt=\"\" width=\"280\" height=\"373\" srcset=\"https:\/\/puntocritico.com\/ausajpuntocritico\/wp-content\/uploads\/2022\/04\/f.elconfidencial.com_original_f7c_c1f_a54_f7cc1fa544f4dd81dce779ea6736d920-225x300.jpg 225w, https:\/\/puntocritico.com\/ausajpuntocritico\/wp-content\/uploads\/2022\/04\/f.elconfidencial.com_original_f7c_c1f_a54_f7cc1fa544f4dd81dce779ea6736d920.jpg 568w\" sizes=\"auto, (max-width: 280px) 100vw, 280px\" \/><figcaption id=\"caption-attachment-2244351\" class=\"wp-caption-text\"><a href=\"https:\/\/puntocritico.com\/ausajpuntocritico\/2022\/04\/02\/el-caso-collini\/\" target=\"_blank\" rel=\"noopener\"><span style=\"color: #008000;\">EL NAZISMO NO TERMIN\u00d3 EN 1945: EL CASO COLLINI (\u00abThe Collini Case\u00bb, .2019) <\/span><\/a><\/figcaption><\/figure>\n<p>&nbsp;<\/p>\n<p style=\"text-align: justify;\"><strong><span style=\"font-size: 14pt;\"><span dir=\"auto\">Finnis ha\u00a0<\/span><a href=\"https:\/\/papers.ssrn.com\/sol3\/papers.cfm?abstract_id=1101522\" target=\"_blank\" rel=\"noreferrer noopener\"><span dir=\"auto\">defendido<\/span><\/a><span dir=\"auto\">\u00a0lo que \u00e9l eufem\u00edsticamente denomina <\/span><\/span><\/strong><\/p>\n<blockquote>\n<p style=\"text-align: justify;\"><span style=\"color: #008000;\"><strong><span style=\"font-size: 14pt;\"><span dir=\"auto\">una \u00ab<em>reversi\u00f3n\u2026 de la afluencia\u00bb de \u00abmusulmanes inmigrantes no ciudadanos<\/em>\u00bb.<\/span><\/span><\/strong><\/span><\/p>\n<\/blockquote>\n<p>&nbsp;<\/p>\n<p style=\"text-align: justify;\"><span style=\"font-size: 14pt;\"><strong><span dir=\"auto\">Se\u00a0<\/span><a href=\"https:\/\/scholarship.law.nd.edu\/law_faculty_scholarship\/205\/\" target=\"_blank\" rel=\"noreferrer noopener\"><span dir=\"auto\">opone<\/span><\/a><\/strong><span dir=\"auto\"><strong>\u00a0al derecho al matrimonio entre personas del mismo sexo<\/strong> argumentando que la \u00ab<em>conducta homosexual<\/em>\u00bb es \u00ab<em>intr\u00ednsecamente vergonzosa, inmoral y, de hecho, depravada o depravadora<\/em>\u00bb, mientras que <strong>Ekins<\/strong> se ha\u00a0<\/span><strong><a href=\"https:\/\/judicialpowerproject.org.uk\/protecting-those-who-serve-richard-ekins-patrick-hennessey-and-julie-marionneau\" target=\"_blank\" rel=\"noreferrer noopener\"><span dir=\"auto\">opuesto<\/span><\/a><\/strong><span dir=\"auto\"><strong>\u00a0a la protecci\u00f3n de los derechos de las personas afectadas por las acciones de las fuerzas armadas del Reino Unido<\/strong>.<\/span><\/span><\/p>\n<p style=\"text-align: justify;\">\u00a0<\/p>\n<blockquote>\n<p class=\"pullquote\" style=\"text-align: center;\"><span style=\"color: #008000;\"><strong><span dir=\"auto\" style=\"font-size: 14pt;\">En esencia, los argumentos legales situaron al ejecutivo brit\u00e1nico fuera del alcance del estado de derecho.<\/span><\/strong><\/span><\/p>\n<\/blockquote>\n<p>&nbsp;<\/p>\n<figure id=\"attachment_2322764\" aria-describedby=\"caption-attachment-2322764\" style=\"width: 555px\" class=\"wp-caption aligncenter\"><a href=\"https:\/\/javiersancho.es\/2016\/03\/15\/los-tribunales-inglaterra-gales-inferior-courts-senior-courts\/\" target=\"_blank\" rel=\"noopener\"><img loading=\"lazy\" decoding=\"async\" class=\"wp-image-2322764\" src=\"https:\/\/puntocritico.com\/ausajpuntocritico\/wp-content\/uploads\/2026\/09\/tribunalesingleses-300x225.jpg\" alt=\"\" width=\"555\" height=\"416\" srcset=\"https:\/\/puntocritico.com\/ausajpuntocritico\/wp-content\/uploads\/2026\/09\/tribunalesingleses-300x225.jpg 300w, https:\/\/puntocritico.com\/ausajpuntocritico\/wp-content\/uploads\/2026\/09\/tribunalesingleses-1024x768.jpg 1024w, https:\/\/puntocritico.com\/ausajpuntocritico\/wp-content\/uploads\/2026\/09\/tribunalesingleses-768x576.jpg 768w, https:\/\/puntocritico.com\/ausajpuntocritico\/wp-content\/uploads\/2026\/09\/tribunalesingleses-1536x1152.jpg 1536w, https:\/\/puntocritico.com\/ausajpuntocritico\/wp-content\/uploads\/2026\/09\/tribunalesingleses-678x509.jpg 678w, https:\/\/puntocritico.com\/ausajpuntocritico\/wp-content\/uploads\/2026\/09\/tribunalesingleses-326x245.jpg 326w, https:\/\/puntocritico.com\/ausajpuntocritico\/wp-content\/uploads\/2026\/09\/tribunalesingleses-80x60.jpg 80w, https:\/\/puntocritico.com\/ausajpuntocritico\/wp-content\/uploads\/2026\/09\/tribunalesingleses-1320x990.jpg 1320w, https:\/\/puntocritico.com\/ausajpuntocritico\/wp-content\/uploads\/2026\/09\/tribunalesingleses.jpg 1667w\" sizes=\"auto, (max-width: 555px) 100vw, 555px\" \/><\/a><figcaption id=\"caption-attachment-2322764\" class=\"wp-caption-text\"><span style=\"color: #008000;\">LOS TRIBUNALES DE INGLATERRA Y GALES. Inferior Courts y Senior Courts. Los principales juzgados y tribunales de Inglaterra y Gales se pueden clasificar, en funci\u00f3n de su jerarqu\u00eda, en tribunales superiores (superior o senior courts) y tribunales inferiores (inferior courts). La distinci\u00f3n tiene dos consecuencias: por un lado, la jurisdicci\u00f3n de los tribunales inferiores se limita a los asuntos menos graves, por el otro, los tribunales inferiores est\u00e1n bajo la supervisi\u00f3n de uno de los tribunales superiores, el High Court, que puede anular sus resoluciones.<\/span><\/figcaption><\/figure>\n<p>&nbsp;<\/p>\n<p style=\"text-align: justify;\"><span style=\"font-size: 14pt;\"><span dir=\"auto\"><strong>En el Reino Unido, los jueces carecen de autoridad para invalidar leyes y se limitan a interpretar los l\u00edmites legales de la acci\u00f3n ejecutiva<\/strong>;<\/span><\/span><\/p>\n<blockquote>\n<p style=\"text-align: justify;\"><span style=\"color: #008000;\"><strong><span style=\"font-size: 14pt;\"><span dir=\"auto\">Esto ha restado credibilidad al argumento del Proyecto de Poder Judicial de que los jueces estaban socavando la soberan\u00eda parlamentaria.<\/span><\/span><\/strong><\/span><\/p>\n<\/blockquote>\n<p>&nbsp;<\/p>\n<p style=\"text-align: justify;\"><span style=\"font-size: 14pt;\"><span dir=\"auto\"><strong>Este argumento se volvi\u00f3 a\u00fan m\u00e1s contundente cuando el proyecto centr\u00f3 su atenci\u00f3n en el<\/strong> <em><strong>Brexit<\/strong><\/em>.<\/span><\/span><\/p>\n<p>&nbsp;<\/p>\n<figure id=\"attachment_2322760\" aria-describedby=\"caption-attachment-2322760\" style=\"width: 300px\" class=\"wp-caption aligncenter\"><a href=\"https:\/\/www.law.ox.ac.uk\/people\/richard-ekins\" target=\"_blank\" rel=\"noopener\"><img loading=\"lazy\" decoding=\"async\" class=\"wp-image-2322760 size-full\" src=\"https:\/\/puntocritico.com\/ausajpuntocritico\/wp-content\/uploads\/2026\/09\/richard_ekins.jpg\" alt=\"\" width=\"300\" height=\"300\" srcset=\"https:\/\/puntocritico.com\/ausajpuntocritico\/wp-content\/uploads\/2026\/09\/richard_ekins.jpg 300w, https:\/\/puntocritico.com\/ausajpuntocritico\/wp-content\/uploads\/2026\/09\/richard_ekins-150x150.jpg 150w\" sizes=\"auto, (max-width: 300px) 100vw, 300px\" \/><\/a><figcaption id=\"caption-attachment-2322760\" class=\"wp-caption-text\"><span style=\"color: #008000;\"><a style=\"color: #008000;\" href=\"https:\/\/www.law.ox.ac.uk\/people\/richard-ekins\" target=\"_blank\" rel=\"noopener\"><strong>Richard Edwin Ekins<\/strong><\/a> es un acad\u00e9mico jur\u00eddico neozeland\u00e9s que trabaja en el Reino Unido. Es Consejero real, adem\u00e1s de catedr\u00e1tico de Derecho y Gobierno Constitucional en la Universidad de Oxford, miembro del St John&#8217;s College de Oxford y director del <strong><em>Proyecto de Poder Judicial de Policy Exchange<\/em><\/strong><\/span><\/figcaption><\/figure>\n<p>&nbsp;<\/p>\n<p style=\"text-align: justify;\"><span style=\"font-size: 14pt;\"><span dir=\"auto\"><strong>Finnis<\/strong> <strong>y Ekins\u00a0<\/strong><\/span><strong><a href=\"http:\/\/judicialpowerproject.org.uk\/wp-content\/uploads\/2016\/07\/R-Ekins-Brexit-and-judicial-power-21-July-2016.pdf\" target=\"_blank\" rel=\"noopener\"><span dir=\"auto\">argumentaron<\/span><\/a><\/strong><span dir=\"auto\"><strong>\u00a0que<\/strong> <\/span><\/span><\/p>\n<blockquote>\n<p style=\"text-align: justify;\"><span style=\"font-size: 14pt; color: #008000;\"><span dir=\"auto\"><strong>la soberan\u00eda parlamentaria se vio menoscabada cuando el Parlamento intent\u00f3 controlar los intentos de salida de la UE sin su aprobaci\u00f3n<\/strong>.<\/span><\/span><\/p>\n<\/blockquote>\n<p>&nbsp;<\/p>\n<p style=\"text-align: justify;\"><span style=\"font-size: 14pt;\"><span dir=\"auto\"><strong>En ambas ocasiones<\/strong> -primero con el gobierno de <strong>Theresa May<\/strong> y luego con el de <strong>Johnson<\/strong>&#8211; <strong>el Tribunal Supremo del Reino Unido fall\u00f3 en contra del gobierno<\/strong>.<\/span><\/span><\/p>\n<p style=\"text-align: justify;\"><span style=\"font-size: 14pt;\"><span dir=\"auto\"><strong>La cuesti\u00f3n constitucional en estos casos era compleja<\/strong> <\/span><\/span><\/p>\n<blockquote>\n<p style=\"text-align: justify;\"><strong><span style=\"font-size: 14pt; color: #008000;\"><span dir=\"auto\">porque el gobierno actuaba bajo prerrogativas, no poderes estatutarios, poderes heredados de una \u00e9poca en que el monarca era el soberano pol\u00edtico.<\/span><\/span><\/strong><\/p>\n<\/blockquote>\n<p>&nbsp;<\/p>\n<p style=\"text-align: justify;\"><span style=\"font-size: 14pt;\"><strong><span dir=\"auto\">El caso <\/span><\/strong><span dir=\"auto\">ahora conocido como <\/span><strong><em><span dir=\"auto\">Miller\u00a0<\/span><\/em><em><span dir=\"auto\">I<\/span><\/em><\/strong><span dir=\"auto\"><strong>\u00a0<\/strong>planteaba <strong>si el gobierno pod\u00eda notificar a la UE la intenci\u00f3n del Reino Unido de retirarse mediante la prerrogativa de relaciones exteriores<\/strong>.\u00a0<\/span><\/span><\/p>\n<p style=\"text-align: justify;\"><span style=\"font-size: 14pt;\"><strong><span dir=\"auto\">\u00ab<em>No<\/em>\u00bb,\u00a0<\/span><a href=\"https:\/\/www.supremecourt.uk\/cases\/uksc-2016-0196.html\" target=\"_blank\" rel=\"noopener\"><span dir=\"auto\">respondi\u00f3<\/span><\/a><\/strong><span dir=\"auto\"><strong>\u00a0la mayor\u00eda del tribunal en enero de 2017 porque, seg\u00fan los hechos acordados<\/strong>, <\/span><\/span><\/p>\n<blockquote>\n<p style=\"text-align: justify;\"><span style=\"color: #008000;\"><strong><span style=\"font-size: 14pt;\"><span dir=\"auto\">la retirada modificar\u00eda definitivamente el derecho interno, as\u00ed como los derechos y deberes derivados de ese derecho, y la prerrogativa no permite hacerlo, al menos desde 1688.<\/span><\/span><\/strong><\/span><\/p>\n<\/blockquote>\n<p>&nbsp;<\/p>\n<figure id=\"attachment_2322765\" aria-describedby=\"caption-attachment-2322765\" style=\"width: 480px\" class=\"wp-caption aligncenter\"><a href=\"https:\/\/www.bbc.com\/mundo\/noticias-internacional-37868340\" target=\"_blank\" rel=\"noopener\"><img loading=\"lazy\" decoding=\"async\" class=\"wp-image-2322765\" src=\"https:\/\/puntocritico.com\/ausajpuntocritico\/wp-content\/uploads\/2026\/09\/Tras-conocerse-el-dictamen-del-Tribunal-Superior-Gina-Miller-dio-un-discurso-ante-los-medios-Brexit-300x169.webp\" alt=\"\" width=\"480\" height=\"270\" srcset=\"https:\/\/puntocritico.com\/ausajpuntocritico\/wp-content\/uploads\/2026\/09\/Tras-conocerse-el-dictamen-del-Tribunal-Superior-Gina-Miller-dio-un-discurso-ante-los-medios-Brexit-300x169.webp 300w, https:\/\/puntocritico.com\/ausajpuntocritico\/wp-content\/uploads\/2026\/09\/Tras-conocerse-el-dictamen-del-Tribunal-Superior-Gina-Miller-dio-un-discurso-ante-los-medios-Brexit-768x432.webp 768w, https:\/\/puntocritico.com\/ausajpuntocritico\/wp-content\/uploads\/2026\/09\/Tras-conocerse-el-dictamen-del-Tribunal-Superior-Gina-Miller-dio-un-discurso-ante-los-medios-Brexit-678x381.webp 678w, https:\/\/puntocritico.com\/ausajpuntocritico\/wp-content\/uploads\/2026\/09\/Tras-conocerse-el-dictamen-del-Tribunal-Superior-Gina-Miller-dio-un-discurso-ante-los-medios-Brexit.webp 800w\" sizes=\"auto, (max-width: 480px) 100vw, 480px\" \/><\/a><figcaption id=\"caption-attachment-2322765\" class=\"wp-caption-text\"><span style=\"color: #008000;\">Nacida en Guyana y criada en Reino Unido, <strong>Miller<\/strong> cofund\u00f3 la firma de inversiones SCM Private en 2009. Tras conocerse el dictamen del Tribunal Superior, <a href=\"https:\/\/www.bbc.com\/mundo\/noticias-internacional-37868340\" target=\"_blank\" rel=\"noopener\"><strong>Gina Miller<\/strong><\/a> dio un discurso ante los medios.<\/span><\/figcaption><\/figure>\n<p>&nbsp;<\/p>\n<p style=\"text-align: justify;\"><span style=\"font-size: 14pt;\"><strong><span dir=\"auto\">El caso <\/span><\/strong><span dir=\"auto\">conocido como <\/span><strong><em><span dir=\"auto\">Miller II<\/span><\/em><\/strong><span dir=\"auto\"><strong>\u00a0planteaba si el ejercicio por parte de Johnson de la prerrogativa de suspender el Parlamento durante las negociaciones del Brexit pod\u00eda ser revisado y, de ser as\u00ed, si era legal<\/strong>. <\/span><\/span><\/p>\n<p style=\"text-align: justify;\"><span style=\"font-size: 14pt;\"><strong><span dir=\"auto\">\u00ab<em>S\u00ed<\/em>\u00bb, pod\u00eda revisarse,\u00a0<\/span><a href=\"https:\/\/www.supremecourt.uk\/cases\/uksc-2019-0192.html\" target=\"_blank\" rel=\"noopener\"><span dir=\"auto\">declar\u00f3<\/span><\/a><\/strong><span dir=\"auto\"><strong>\u00a0un tribunal un\u00e1nime en septiembre de 2019, y este ejercicio era ilegal porque ten\u00eda<\/strong> <\/span><\/span><\/p>\n<blockquote>\n<p style=\"text-align: justify;\"><span style=\"color: #008000;\"><strong><span style=\"font-size: 14pt;\"><span dir=\"auto\">\u00ab<em>el efecto de frustrar o impedir, sin justificaci\u00f3n razonable, la capacidad del parlamento para desempe\u00f1ar sus funciones constitucionales como poder legislativo y como \u00f3rgano responsable de la supervisi\u00f3n del poder ejecutivo<\/em>\u00bb.<\/span><\/span><\/strong><\/span><\/p>\n<\/blockquote>\n<p>&nbsp;<\/p>\n<p style=\"text-align: justify;\"><span dir=\"auto\" style=\"font-size: 14pt;\"><strong>Si bien los temas eran novedosos en ambos casos, los principios no lo eran<\/strong>. <\/span><\/p>\n<p style=\"text-align: justify;\"><span dir=\"auto\" style=\"font-size: 14pt;\">Los abogados de <strong>la empresaria <a href=\"https:\/\/www.bbc.com\/mundo\/noticias-internacional-37868340\" target=\"_blank\" rel=\"noopener\">Gina Miller<\/a>, quien present\u00f3 ambas demandas<\/strong>, <\/span><\/p>\n<blockquote>\n<p style=\"text-align: justify;\"><strong><span dir=\"auto\" style=\"font-size: 14pt;\"><span style=\"color: #008000;\">pudieron fundamentar su argumentaci\u00f3n en una s\u00f3lida base de principios jur\u00eddicos fundamentales, con siglos de antig\u00fcedad.<\/span> <\/span><\/strong><\/p>\n<\/blockquote>\n<p>&nbsp;<\/p>\n<p style=\"text-align: justify;\"><span dir=\"auto\" style=\"font-size: 14pt;\">En esto, <strong>siguieron los pasos de Heller<\/strong>.<\/span><\/p>\n<p>&nbsp;<\/p>\n<figure id=\"attachment_2322770\" aria-describedby=\"caption-attachment-2322770\" style=\"width: 440px\" class=\"wp-caption aligncenter\"><a href=\"https:\/\/policyexchange.org.uk\/about\/\" target=\"_blank\" rel=\"noopener\"><img loading=\"lazy\" decoding=\"async\" class=\"wp-image-2322770\" src=\"https:\/\/puntocritico.com\/ausajpuntocritico\/wp-content\/uploads\/2026\/09\/reino-unido-Proyecto-de-Poder-Judicial-de-Policy-Exchange-300x213.png\" alt=\"\" width=\"440\" height=\"313\" srcset=\"https:\/\/puntocritico.com\/ausajpuntocritico\/wp-content\/uploads\/2026\/09\/reino-unido-Proyecto-de-Poder-Judicial-de-Policy-Exchange-300x213.png 300w, https:\/\/puntocritico.com\/ausajpuntocritico\/wp-content\/uploads\/2026\/09\/reino-unido-Proyecto-de-Poder-Judicial-de-Policy-Exchange.png 685w\" sizes=\"auto, (max-width: 440px) 100vw, 440px\" \/><\/a><figcaption id=\"caption-attachment-2322770\" class=\"wp-caption-text\"><span style=\"color: #008000;\"><a href=\"https:\/\/policyexchange.org.uk\/about\/\" target=\"_blank\" rel=\"noopener\"><strong>Reino Unido: Proyecto de Poder Judicial de Policy Exchange<\/strong><\/a>.\u00a0El <strong>Judicial Power Project (Proyecto de Poder Judicial<\/strong>) es una iniciativa de investigaci\u00f3n jur\u00eddica y constitucional lanzada en 2015 por el think tank brit\u00e1nico de centro-derecha<strong> Policy Exchange<\/strong>. Su objetivo principal es <strong>analizar y limitar lo que consideran un \u00ab<em>activismo judicial excesivo<\/em>\u00bb o extralimitaci\u00f3n de los tribunales en el Reino Unido<\/strong>. El proyecto aboga por defender la soberan\u00eda parlamentaria y evitar que los jueces asuman funciones pol\u00edticas o legislen a trav\u00e9s de la jurisprudencia.<\/span><\/figcaption><\/figure>\n<p>&nbsp;<\/p>\n<p style=\"text-align: justify;\"><span dir=\"auto\" style=\"font-size: 14pt;\">Por el contrario, <strong>Finnis<\/strong> (<em>quien ide\u00f3 la pr\u00f3rroga)<\/em> y <strong>Ekins<\/strong> <strong>siguieron, consciente o inconscientemente, los pasos de Schmitt al presentar argumentos legales<\/strong> <strong>que<\/strong>, <\/span><\/p>\n<blockquote>\n<p style=\"text-align: justify;\"><span style=\"color: #008000;\"><strong><span dir=\"auto\" style=\"font-size: 14pt;\">si bien se formulaban como afirmaciones sobre la correcta interpretaci\u00f3n de la separaci\u00f3n de poderes seg\u00fan la <em>Constituci\u00f3n del Reino Unido<\/em>, en esencia situaban al poder ejecutivo fuera del alcance del Estado de derecho.<\/span><\/strong><\/span><\/p>\n<\/blockquote>\n<p>&nbsp;<\/p>\n<p style=\"text-align: justify;\"><span style=\"font-size: 14pt;\"><span dir=\"auto\">Sin embargo, <strong>si bien el principio constitucional gan\u00f3 la batalla, bien podr\u00eda haber perdido la guerra<\/strong>.<\/span><\/span><\/p>\n<p style=\"text-align: justify;\"><span style=\"font-size: 14pt;\"><strong><span dir=\"auto\">El <a href=\"https:\/\/policyexchange.org.uk\/judicial-power-project\/\" target=\"_blank\" rel=\"noopener\">Proyecto del Poder Judicial<\/a> -acertadamente <\/span><a href=\"https:\/\/www.lrb.co.uk\/blog\/2019\/april\/the-executive-power-project\" target=\"_blank\" rel=\"noopener\"><span dir=\"auto\">denominado<\/span><\/a><\/strong><span dir=\"auto\"><strong> \u00ab<em>Proyecto del Poder Ejecutivo<\/em>\u00bb por Thomas Poole<\/strong>, profesor de derecho en la <em><strong>London School of Economics<\/strong><\/em>&#8211; <strong>ahora impulsa la pol\u00edtica constitucional del gobierno conservador<\/strong>;<\/span><\/span><\/p>\n<blockquote>\n<p style=\"text-align: justify;\"><span style=\"color: #008000;\"><strong><span style=\"font-size: 14pt;\"><span dir=\"auto\">Este se ha comprometido a llevar a cabo reformas legales estructurales en el papel del poder judicial que liberar\u00e1n al ejecutivo de la responsabilidad legal bajo el pretexto de mantener la soberan\u00eda del parlamento.<\/span><\/span><\/strong><\/span><\/p>\n<\/blockquote>\n<p>&nbsp;<\/p>\n<p style=\"text-align: justify;\"><span dir=\"auto\" style=\"font-size: 14pt;\">Como <strong>Heller<\/strong> y <strong>Kelsen<\/strong> se\u00f1alaron hace casi cien a\u00f1os, <strong>lo que est\u00e1 en juego pol\u00edticamente en estos debates es inmenso<\/strong>. <\/span><\/p>\n<p style=\"text-align: justify;\"><span dir=\"auto\" style=\"font-size: 14pt;\">El punto culminante de la <strong><em>l\u00f3gica schmittiana<\/em><\/strong> <strong>no es que \u00ab<em>el pueblo<\/em>\u00bb ejerza control sobre las \u00e9lites<\/strong>, <\/span><\/p>\n<blockquote>\n<p style=\"text-align: justify;\"><strong><span dir=\"auto\" style=\"font-size: 14pt; color: #008000;\">sino que una \u00e9lite ejerza control en nombre de una visi\u00f3n nacionalista, el sustituto secular del derecho divino del monarca absolutista.<\/span><\/strong><\/p>\n<\/blockquote>\n<p>&nbsp;<\/p>\n<p style=\"text-align: justify;\"><span dir=\"auto\" style=\"font-size: 14pt;\">Los debates jur\u00eddicos de finales de la <strong><em>Rep\u00fablica de Weimar<\/em><\/strong> arrojan una luz inquietante sobre nuestra situaci\u00f3n.<\/span><\/p>\n<p>&nbsp;<\/p>\n<figure id=\"attachment_2322668\" aria-describedby=\"caption-attachment-2322668\" style=\"width: 400px\" class=\"wp-caption aligncenter\"><img loading=\"lazy\" decoding=\"async\" class=\"wp-image-2322668\" src=\"https:\/\/puntocritico.com\/ausajpuntocritico\/wp-content\/uploads\/2026\/08\/Carl-Schmitt-cuadro-cara-300x252.jpg\" alt=\"\" width=\"400\" height=\"335\" srcset=\"https:\/\/puntocritico.com\/ausajpuntocritico\/wp-content\/uploads\/2026\/08\/Carl-Schmitt-cuadro-cara-300x252.jpg 300w, https:\/\/puntocritico.com\/ausajpuntocritico\/wp-content\/uploads\/2026\/08\/Carl-Schmitt-cuadro-cara.jpg 700w\" sizes=\"auto, (max-width: 400px) 100vw, 400px\" \/><figcaption id=\"caption-attachment-2322668\" class=\"wp-caption-text\"><span style=\"color: #008000;\">Carl Schmitt <\/span><\/figcaption><\/figure>\n<p style=\"text-align: center;\"><span style=\"font-size: 18pt;\"><strong><span style=\"color: #008000;\">***<\/span><\/strong><\/span><\/p>\n<blockquote>\n<h3 style=\"text-align: center;\"><span style=\"font-size: 18pt;\">El Autor: <span dir=\"auto\">David Dyzenhaus<\/span><\/span><\/h3>\n<p style=\"text-align: center;\"><span dir=\"auto\" style=\"font-size: 14pt;\">Es catedr\u00e1tico de derecho y filosof\u00eda en la Universidad de Toronto. Es miembro de la Real Sociedad de Canad\u00e1 y de la Academia Brit\u00e1nica, y reside en Ontario.<\/span><\/p>\n<\/blockquote>\n<p>&nbsp;<\/p>\n<figure id=\"attachment_2322671\" aria-describedby=\"caption-attachment-2322671\" style=\"width: 300px\" class=\"wp-caption aligncenter\"><a href=\"https:\/\/www.researchgate.net\/profile\/David-Dyzenhaus\" target=\"_blank\" rel=\"noopener\"><img loading=\"lazy\" decoding=\"async\" class=\"wp-image-2322671 size-medium\" src=\"https:\/\/puntocritico.com\/ausajpuntocritico\/wp-content\/uploads\/2026\/09\/David-Dyzenhaus-300x300.webp\" alt=\"\" width=\"300\" height=\"300\" srcset=\"https:\/\/puntocritico.com\/ausajpuntocritico\/wp-content\/uploads\/2026\/09\/David-Dyzenhaus-300x300.webp 300w, https:\/\/puntocritico.com\/ausajpuntocritico\/wp-content\/uploads\/2026\/09\/David-Dyzenhaus-150x150.webp 150w, https:\/\/puntocritico.com\/ausajpuntocritico\/wp-content\/uploads\/2026\/09\/David-Dyzenhaus.webp 512w\" sizes=\"auto, (max-width: 300px) 100vw, 300px\" \/><\/a><figcaption id=\"caption-attachment-2322671\" class=\"wp-caption-text\"><a href=\"https:\/\/www.researchgate.net\/profile\/David-Dyzenhaus\" target=\"_blank\" rel=\"noopener\"><span style=\"color: #008000;\">David Dyzenhaus <\/span><\/a><\/figcaption><\/figure>\n<p>&nbsp;<\/p>\n<p>&nbsp;<\/p>\n<p><a href=\"https:\/\/puntocritico.com\/ausajpuntocritico\/author\/punto-critico\/\"><img loading=\"lazy\" decoding=\"async\" class=\"aligncenter wp-image-9528\" src=\"https:\/\/puntocritico.com\/ausajpuntocritico\/wp-content\/uploads\/2018\/03\/Mosca_Punto_Cr\u00edtico_40.png\" alt=\"\" width=\"80\" height=\"80\" data-id=\"9528\" \/><\/a><\/p>\n<p>&nbsp;<\/p>\n","protected":false},"excerpt":{"rendered":"<div class=\"mh-excerpt\"><p>Abogado del hombre fuerte &nbsp; Teor\u00eda del Estado en Jellinek, Heller y Kelsen: una visi\u00f3n comparada Las tres perspectivas ofrecen un marco complementario para entender al Estado como fen\u00f3meno jur\u00eddico, pol\u00edtico y social en constante <a class=\"mh-excerpt-more\" href=\"https:\/\/puntocritico.com\/ausajpuntocritico\/2026\/09\/01\/abogado-del-hombre-fuerte-carl-schmitt\/\" title=\"ABOGADO DEL HOMBRE FUERTE (sobre el te\u00f3rico jur\u00eddico nazi Carl Schmitt), por David Dyzenhaus (2.020)\">[&#8230;]<\/a><\/p>\n<\/div>","protected":false},"author":3,"featured_media":2322678,"comment_status":"closed","ping_status":"closed","sticky":false,"template":"","format":"standard","meta":{"_acf_changed":false,"_exactmetrics_skip_tracking":false,"_exactmetrics_sitenote_active":false,"_exactmetrics_sitenote_note":"","_exactmetrics_sitenote_category":0,"footnotes":""},"categories":[7,12,13],"tags":[220,221],"class_list":["post-2322592","post","type-post","status-publish","format-standard","has-post-thumbnail","category-politica","category-corrupcion","category-corrupcion_judicial","tag-carl-schmitt","tag-kelsen"],"acf":[],"_links":{"self":[{"href":"https:\/\/puntocritico.com\/ausajpuntocritico\/wp-json\/wp\/v2\/posts\/2322592","targetHints":{"allow":["GET"]}}],"collection":[{"href":"https:\/\/puntocritico.com\/ausajpuntocritico\/wp-json\/wp\/v2\/posts"}],"about":[{"href":"https:\/\/puntocritico.com\/ausajpuntocritico\/wp-json\/wp\/v2\/types\/post"}],"author":[{"embeddable":true,"href":"https:\/\/puntocritico.com\/ausajpuntocritico\/wp-json\/wp\/v2\/users\/3"}],"replies":[{"embeddable":true,"href":"https:\/\/puntocritico.com\/ausajpuntocritico\/wp-json\/wp\/v2\/comments?post=2322592"}],"version-history":[{"count":35,"href":"https:\/\/puntocritico.com\/ausajpuntocritico\/wp-json\/wp\/v2\/posts\/2322592\/revisions"}],"predecessor-version":[{"id":2322849,"href":"https:\/\/puntocritico.com\/ausajpuntocritico\/wp-json\/wp\/v2\/posts\/2322592\/revisions\/2322849"}],"wp:featuredmedia":[{"embeddable":true,"href":"https:\/\/puntocritico.com\/ausajpuntocritico\/wp-json\/wp\/v2\/media\/2322678"}],"wp:attachment":[{"href":"https:\/\/puntocritico.com\/ausajpuntocritico\/wp-json\/wp\/v2\/media?parent=2322592"}],"wp:term":[{"taxonomy":"category","embeddable":true,"href":"https:\/\/puntocritico.com\/ausajpuntocritico\/wp-json\/wp\/v2\/categories?post=2322592"},{"taxonomy":"post_tag","embeddable":true,"href":"https:\/\/puntocritico.com\/ausajpuntocritico\/wp-json\/wp\/v2\/tags?post=2322592"}],"curies":[{"name":"wp","href":"https:\/\/api.w.org\/{rel}","templated":true}]}}