{"id":2322429,"date":"2026-09-04T00:05:26","date_gmt":"2026-09-03T22:05:26","guid":{"rendered":"https:\/\/puntocritico.com\/ausajpuntocritico\/?p=2322429"},"modified":"2026-09-03T21:03:32","modified_gmt":"2026-09-03T19:03:32","slug":"leibniz-y-la-kabbalah-rensoli-laliga-y-parte-3","status":"publish","type":"post","link":"https:\/\/puntocritico.com\/ausajpuntocritico\/2026\/09\/04\/leibniz-y-la-kabbalah-rensoli-laliga-y-parte-3\/","title":{"rendered":"LEIBNIZ Y LA KABBALAH. \u00abLEIBNIZ Y SPINOZA ANTE LA KABBALAH JUD\u00cdA: Confusiones y Verdades\u00bb, por Lourdes Rensoli Laliga \u2013 y PARTE 3 (final)"},"content":{"rendered":"<p style=\"text-align: justify;\"><span style=\"font-size: 14pt; color: #008000;\">LEIBNIZ Y LA KABBALAH<\/span><\/p>\n<p class=\"entry-title\" style=\"text-align: justify;\"><a href=\"https:\/\/puntocritico.com\/ausajpuntocritico\/2026\/08\/21\/leibniz-y-spinoza-ante-la-kabbalah-parte-1-2\/\" target=\"_blank\" rel=\"noopener\"><span style=\"font-size: 14pt; color: #008000;\">LEIBNIZ Y SPINOZA ANTE LA KABBALAH JUD\u00cdA: Confusiones y Verdades, por Lourdes Rensoli Laliga \u2013 PARTE 1<\/span><\/a><\/p>\n<p style=\"text-align: justify;\"><a href=\"https:\/\/puntocritico.com\/ausajpuntocritico\/2026\/08\/28\/spinoza-y-la-kabbalah-rensolli-laliga-parte-2-2\/\" target=\"_blank\" rel=\"noopener\"><span style=\"font-size: 14pt; color: #008000;\">SPINOZA Y LA KABBALAH. \u00abLEIBNIZ Y SPINOZA ANTE LA KABBALAH JUD\u00cdA: Confusiones y Verdades\u00bb, por Lourdes Rensoli Laliga \u2013 PARTE 2<\/span><\/a><\/p>\n<p>&nbsp;<\/p>\n\n<p>&nbsp;<\/p>\n<p style=\"text-align: center;\"><span style=\"font-size: 18pt;\"><strong>*<span style=\"color: #008000;\">*<\/span>*<\/strong><\/span><\/p>\n<h2 style=\"text-align: center;\"><strong><span style=\"font-size: 24pt;\">LEIBNIZ Y SPINOZA ANTE LA KABBALAH JUD\u00cdA: CONFUSIONES Y VERDADES<\/span><\/strong><\/h2>\n<p style=\"text-align: center;\"><span style=\"font-size: 14pt; color: #008000;\"><strong>Por LOURDES\u00a0 RENSOLI LALIGA<\/strong><\/span><\/p>\n<p style=\"text-align: center;\"><span style=\"font-size: 14pt;\">Sociedad Espa\u00f1ola Leibniz, Madrid<\/span><\/p>\n<p style=\"text-align: center;\"><span style=\"font-size: 14pt;\"><strong>Y PARTE 3 (<em>final<\/em>)<\/strong><\/span><\/p>\n<p>&nbsp;<\/p>\n<p><img loading=\"lazy\" decoding=\"async\" class=\"aligncenter wp-image-26326\" src=\"https:\/\/puntocritico.com\/ausajpuntocritico\/wp-content\/uploads\/2020\/01\/CABALA-Y-SPINOZA-IP-300x169.jpg\" alt=\"LEIBNIZ Y LA KABBALAH \" width=\"480\" height=\"270\" srcset=\"https:\/\/puntocritico.com\/ausajpuntocritico\/wp-content\/uploads\/2020\/01\/CABALA-Y-SPINOZA-IP-300x169.jpg 300w, https:\/\/puntocritico.com\/ausajpuntocritico\/wp-content\/uploads\/2020\/01\/CABALA-Y-SPINOZA-IP.jpg 678w\" sizes=\"auto, (max-width: 480px) 100vw, 480px\" \/><\/p>\n<p>&nbsp;<\/p>\n<h3 style=\"text-align: center;\"><strong><span style=\"font-size: 18pt;\">LEIBNIZ Y LA KABBALAH<\/span><\/strong><\/h3>\n<p style=\"text-align: justify;\"><span style=\"font-size: 14pt;\"><strong>La <a href=\"https:\/\/www.google.com\/goto?url=CAESZgHrOzAVUHjE8_olMRpeSdPFtbbNgyCccuCleZ2zahd0mk318LgO-Xp5PBQuVWAYdeZCgV1qfeiSab207MjPc7_BV2wrXZRkhP3tJQhV4gYtvKYUWLrKxOwQpqwMw1_5ILT74YJOww\" target=\"_blank\" rel=\"noopener\"><em>Kabbalah Denudata<\/em><\/a> fue <em>publicada en 1657-1684<\/em><\/strong>.<\/span><\/p>\n<p>&nbsp;<\/p>\n<figure id=\"attachment_2322392\" aria-describedby=\"caption-attachment-2322392\" style=\"width: 300px\" class=\"wp-caption aligncenter\"><img loading=\"lazy\" decoding=\"async\" class=\"wp-image-2322392\" src=\"https:\/\/puntocritico.com\/ausajpuntocritico\/wp-content\/uploads\/2026\/08\/Christian_Knorr_von_Rosenroth_Kabbala_denudata._Wellcome_L0004136-243x300.jpg\" alt=\"\" width=\"300\" height=\"370\" srcset=\"https:\/\/puntocritico.com\/ausajpuntocritico\/wp-content\/uploads\/2026\/08\/Christian_Knorr_von_Rosenroth_Kabbala_denudata._Wellcome_L0004136-243x300.jpg 243w, https:\/\/puntocritico.com\/ausajpuntocritico\/wp-content\/uploads\/2026\/08\/Christian_Knorr_von_Rosenroth_Kabbala_denudata._Wellcome_L0004136-830x1024.jpg 830w, https:\/\/puntocritico.com\/ausajpuntocritico\/wp-content\/uploads\/2026\/08\/Christian_Knorr_von_Rosenroth_Kabbala_denudata._Wellcome_L0004136-768x947.jpg 768w, https:\/\/puntocritico.com\/ausajpuntocritico\/wp-content\/uploads\/2026\/08\/Christian_Knorr_von_Rosenroth_Kabbala_denudata._Wellcome_L0004136.jpg 1226w\" sizes=\"auto, (max-width: 300px) 100vw, 300px\" \/><figcaption id=\"caption-attachment-2322392\" class=\"wp-caption-text\"><span style=\"color: #008000;\"><strong>Christian Knorr von Rosenroth<\/strong>, <strong><em>Kabbala denudata<\/em><\/strong>. Publicada en 1657<\/span><\/figcaption><\/figure>\n<p>&nbsp;<\/p>\n<p style=\"text-align: justify;\"><span style=\"font-size: 14pt;\"><strong>Leibniz<\/strong>, siempre curioso de novedades cient\u00edficas y filos\u00f3ficas, pero tambi\u00e9n de heterodoxias y doctrinas controversiales, <strong>hab\u00eda entrado antes en contacto con las concepciones cabal\u00edsticas<\/strong>, mediante los escritos de <strong>Pico della Mirandola<\/strong> y <a href=\"https:\/\/www.google.com\/goto?url=CAESZwHrOzAVwfuhhvJ73eYv8gU_d29tICbaY6zmSTi06N5ZPSn8UyTlnUJ9TqDEP7B1Cy-li_mHk4S4Fe1RrQRlOmVwmkU9U8R5DxcEkrafrEVyPGOyxLDxUvYXMfpxYVSZC_nQFMOSsGo\" target=\"_blank\" rel=\"noopener\"><strong>Johann Reuchlin<\/strong><\/a>, m\u00e1s recientemente a trav\u00e9s de su amigo <strong>F. M. van Helmont<\/strong>, quien le hab\u00eda presentado a <a href=\"https:\/\/www.google.com\/goto?url=CAEScwHrOzAVkRV7PlSNmqhV0AYoUEaVHMcdufbUObJxFNsI1WNYS5IrjF7X76ea5omFGiS_PHfFN9c5XeCXTL18FO_B4yf8N1AxywOyniHLuw9b0FMSwHCDM_drVmCHMOeESsyRBl1p7DKXZZzWhIkVKRYIuvk\" target=\"_blank\" rel=\"noopener\"><strong>Knorr von Rosenroth<\/strong><\/a> en 1671, mientras preparaba su famosa edici\u00f3n <strong>(83)<\/strong>.<\/span><span style=\"font-size: 14pt;\">\u00a0<\/span><\/p>\n<p style=\"text-align: justify;\"><span style=\"font-size: 14pt;\"><strong>El inter\u00e9s de Leibniz por esta disciplina fue creciendo e influyendo en su evoluci\u00f3n intelectual<\/strong>,<\/span><\/p>\n<blockquote>\n<p style=\"text-align: justify;\"><strong><span style=\"font-size: 14pt; color: #008000;\">y condicion\u00f3 muchas de sus relaciones intelectuales (84).<\/span><\/strong><\/p>\n<\/blockquote>\n<p>&nbsp;<\/p>\n<figure id=\"attachment_25527\" aria-describedby=\"caption-attachment-25527\" style=\"width: 480px\" class=\"wp-caption aligncenter\"><img loading=\"lazy\" decoding=\"async\" class=\"wp-image-25527\" src=\"https:\/\/puntocritico.com\/ausajpuntocritico\/wp-content\/uploads\/2020\/01\/Gottfried-Wilhelm-Leibniz-300x161.jpeg\" alt=\"\" width=\"480\" height=\"257\" srcset=\"https:\/\/puntocritico.com\/ausajpuntocritico\/wp-content\/uploads\/2020\/01\/Gottfried-Wilhelm-Leibniz-300x161.jpeg 300w, https:\/\/puntocritico.com\/ausajpuntocritico\/wp-content\/uploads\/2020\/01\/Gottfried-Wilhelm-Leibniz-768x412.jpeg 768w, https:\/\/puntocritico.com\/ausajpuntocritico\/wp-content\/uploads\/2020\/01\/Gottfried-Wilhelm-Leibniz.jpeg 770w\" sizes=\"auto, (max-width: 480px) 100vw, 480px\" \/><figcaption id=\"caption-attachment-25527\" class=\"wp-caption-text\"><span style=\"color: #008000;\">Gottfried Wilhelm Leibniz<\/span><\/figcaption><\/figure>\n<p>&nbsp;<\/p>\n<p style=\"text-align: justify;\"><span style=\"font-size: 14pt;\"><span style=\"font-size: 14pt;\"><strong>El panorama general contribu\u00eda a ello<\/strong>, por cuanto <strong>los partidarios de diversas formas de <em>Milenarismo <\/em>ten\u00edan\u00a0 en gran consideraci\u00f3n a la<\/strong> <a href=\"https:\/\/www.google.com\/goto?url=CAESawHrOzAVXlFgOW_yduvqWe625qa5g7se2uyuevPFt8v5IU8mhENatzqKTK4_VqXUMpA_ddx4pkKLsaO10_p6i2vuj-tW73VgYS0yFmtKif0LSpLKLzwLgUI_u2Jb3gTnv0oeI6eKhk_R61QY\" target=\"_blank\" rel=\"noopener\"><em><strong>Kabbalah cristiana<\/strong><\/em><\/a> y no ten\u00edan a menos citarla en sus escritos y en discusiones p\u00fablicas. <\/span><\/span><\/p>\n<p style=\"text-align: justify;\"><span style=\"font-size: 14pt;\"><span style=\"font-size: 14pt;\"><strong>Nada m\u00e1s l\u00f3gico, por cuanto sus reflexiones y especulaciones -m\u00e1s sus preguntas que sus respuestas- <\/strong><\/span><\/span><\/p>\n<blockquote>\n<p style=\"text-align: justify;\"><span style=\"color: #008000;\"><strong><span style=\"font-size: 14pt;\"><span style=\"font-size: 14pt;\">coincid\u00edan en buena medida con las propias del <em>mesianismo jud\u00edo<\/em> (85).<\/span><\/span><\/strong><\/span><\/p>\n<\/blockquote>\n<p>&nbsp;<\/p>\n<p><img loading=\"lazy\" decoding=\"async\" class=\"aligncenter wp-image-26332\" src=\"https:\/\/puntocritico.com\/ausajpuntocritico\/wp-content\/uploads\/2020\/01\/kaballa-y-spinoza-cuarter-300x231.jpg\" alt=\"\" width=\"400\" height=\"307\" data-id=\"26332\" srcset=\"https:\/\/puntocritico.com\/ausajpuntocritico\/wp-content\/uploads\/2020\/01\/kaballa-y-spinoza-cuarter-300x231.jpg 300w, https:\/\/puntocritico.com\/ausajpuntocritico\/wp-content\/uploads\/2020\/01\/kaballa-y-spinoza-cuarter-768x590.jpg 768w, https:\/\/puntocritico.com\/ausajpuntocritico\/wp-content\/uploads\/2020\/01\/kaballa-y-spinoza-cuarter-1024x787.jpg 1024w, https:\/\/puntocritico.com\/ausajpuntocritico\/wp-content\/uploads\/2020\/01\/kaballa-y-spinoza-cuarter-80x60.jpg 80w, https:\/\/puntocritico.com\/ausajpuntocritico\/wp-content\/uploads\/2020\/01\/kaballa-y-spinoza-cuarter.jpg 1075w\" sizes=\"auto, (max-width: 400px) 100vw, 400px\" \/><\/p>\n<p>&nbsp;<\/p>\n<p style=\"text-align: justify;\"><span style=\"font-size: 14pt;\"><span style=\"font-size: 14pt;\">Estaba tambi\u00e9n el<strong> aspecto num\u00e9rico<\/strong> de la <em><strong>Kabbalah<\/strong><\/em>, la posibilidad de <strong>expresar num\u00e9ricamente el universo<\/strong>, objeto de importante correspondencia entre <strong>Leibniz<\/strong> y <strong>Henry More<\/strong> y con <strong>Bouvet<\/strong> y otros misioneros.<\/span><\/span><\/p>\n<p style=\"text-align: justify;\"><strong><span style=\"font-size: 14pt;\"><span style=\"font-size: 14pt;\"> Unido a \u00e9ste, la \u00edndole y el origen de esa expresi\u00f3n matem\u00e1tica del universo<\/span><\/span><\/strong><span style=\"font-size: 14pt;\"><span style=\"font-size: 14pt;\">: <\/span><\/span><\/p>\n<blockquote>\n<p style=\"text-align: justify;\"><span style=\"color: #008000;\"><strong><span style=\"font-size: 14pt;\"><span style=\"font-size: 14pt;\">\u00bf<\/span><a href=\"https:\/\/www.google.com\/goto?url=CAESZgHrOzAVqLDogbsIGybktF4l9xiwvy2qa8UFn-aL0TM7aCyD14n-Rm7XOBlmMbUc87aefGI1xD9KbKJa5Ml_y3_-gXuzb-ZRY7UB5y99GW5Gw71olLOpnNnENqr-Ad_s_G3FErM2tg\" target=\"_blank\" rel=\"noopener\"><em style=\"font-size: 14pt;\">prisca theologia<\/em><\/a><span style=\"font-size: 14pt;\">?, <\/span><\/span><\/strong><\/span><\/p>\n<p style=\"text-align: justify;\"><span style=\"color: #008000;\"><strong><span style=\"font-size: 14pt;\"><span style=\"font-size: 14pt;\">\u00bfEscritura b\u00edblica y, desde la perspectiva del lenguaje, la Kabbalah?, <\/span><\/span><\/strong><\/span><\/p>\n<p style=\"text-align: justify;\"><span style=\"color: #008000;\"><strong><span style=\"font-size: 14pt;\"><span style=\"font-size: 14pt;\">\u00bfal fin la caracter\u00edstica universales?<\/span><\/span><\/strong><\/span><\/p>\n<\/blockquote>\n<p>&nbsp;<\/p>\n<figure id=\"attachment_2322809\" aria-describedby=\"caption-attachment-2322809\" style=\"width: 240px\" class=\"wp-caption aligncenter\"><a href=\"https:\/\/es.wikipedia.org\/wiki\/Prisca_theologia\" target=\"_blank\" rel=\"noopener\"><img loading=\"lazy\" decoding=\"async\" class=\"wp-image-2322809\" src=\"https:\/\/puntocritico.com\/ausajpuntocritico\/wp-content\/uploads\/2026\/09\/Priscateologia-ficino-195x300.jpg\" alt=\"\" width=\"240\" height=\"368\" srcset=\"https:\/\/puntocritico.com\/ausajpuntocritico\/wp-content\/uploads\/2026\/09\/Priscateologia-ficino-195x300.jpg 195w, https:\/\/puntocritico.com\/ausajpuntocritico\/wp-content\/uploads\/2026\/09\/Priscateologia-ficino-667x1024.jpg 667w, https:\/\/puntocritico.com\/ausajpuntocritico\/wp-content\/uploads\/2026\/09\/Priscateologia-ficino-768x1179.jpg 768w, https:\/\/puntocritico.com\/ausajpuntocritico\/wp-content\/uploads\/2026\/09\/Priscateologia-ficino-1000x1536.jpg 1000w, https:\/\/puntocritico.com\/ausajpuntocritico\/wp-content\/uploads\/2026\/09\/Priscateologia-ficino.jpg 1248w\" sizes=\"auto, (max-width: 240px) 100vw, 240px\" \/><\/a><figcaption id=\"caption-attachment-2322809\" class=\"wp-caption-text\"><span style=\"color: #008000;\">La <em><strong>prisca theologia<\/strong> <\/em>es una doctrina que defiende la existencia de una teolog\u00eda \u00fanica y verdadera entregada por Dios a la humanidad en la antig\u00fcedad y reflejada en el fondo de todas las religiones.<\/span><\/figcaption><\/figure>\n<p>&nbsp;<\/p>\n<p style=\"text-align: justify;\"><span style=\"font-size: 14pt;\"><strong>No es \u00e9ste el sitio para analizar en detalle la evoluci\u00f3n del conocimiento de la <em>Kabbalah <\/em>por parte de<\/strong> <strong>Leibniz<\/strong>, o qu\u00e9 aspectos de su pensamiento contribuy\u00f3 a conformar, existiendo adem\u00e1s los excelentes trabajos de <strong>Allison Coudert<\/strong> y <strong>B. Orio de Miguel<\/strong> <strong>(86)<\/strong>.<\/span><\/p>\n<p style=\"text-align: justify;\"><strong><span style=\"font-size: 14pt;\"><span style=\"font-size: 14pt;\">Aqu\u00ed se trata s\u00f3lo de precisar algunos aspectos del modo como Leibniz se acerca a la <em>Kabbalah<\/em><\/span><\/span><\/strong><span style=\"font-size: 14pt;\"><span style=\"font-size: 14pt;\">, <\/span><\/span><\/p>\n<blockquote>\n<p style=\"text-align: justify;\"><span style=\"color: #008000;\"><strong><span style=\"font-size: 14pt;\"><span style=\"font-size: 14pt;\">sin que por ello pueda consider\u00e1rsele un entusiasta relevante de \u00e9sta, limitado adem\u00e1s por su desconocimiento del hebreo y del arameo y de muchas fuentes (87).<\/span><\/span><\/strong><\/span><\/p>\n<\/blockquote>\n<p>&nbsp;<\/p>\n<p style=\"text-align: justify;\"><span style=\"font-size: 14pt;\"><span style=\"font-size: 14pt;\">Aun aceptando plenamente la tesis de <a href=\"https:\/\/en.wikipedia.org\/wiki\/Richard_Popkin\" target=\"_blank\" rel=\"noopener\"><strong>Popkin<\/strong><\/a> acerca de <strong>los <em>cristianos-jud\u00edos y viceversa<\/em><\/strong>, no nos parecer\u00eda posible incluir a <strong>Leibniz<\/strong> entre los primeros <strong>(88)<\/strong>, <\/span><span style=\"font-size: 14pt;\">como s\u00ed que ocurre con el ya mencionado <strong><a href=\"https:\/\/www.google.com\/goto?url=CAESZgHrOzAVxlDdy3p-Z5e-f0D_yJPHOf2Qxd8CyfJfn_KEZRjYGsTClaVkfNA2KHqKfJQotaoJjlBne70gyvpCxHMYGeNaKdFCKKxS7v2pf1XJjos99Yl7gqjPmt2xQTeQ2wsvRdc-fA\" target=\"_blank\" rel=\"noopener\">Petrus Serrarius<\/a> (89)<\/strong>. <\/span><\/span><\/p>\n<p style=\"text-align: justify;\"><span style=\"font-size: 14pt;\"><span style=\"font-size: 14pt;\"><strong>Esta suerte de interpenetraci\u00f3n de <em>Juda\u00edsmo<\/em> y <em>Cristianismo<\/em> resultaba en definitiva una posici\u00f3n conciliadora con mucho de ut\u00f3pico<\/strong>.<\/span><\/span><\/p>\n<p>&nbsp;<\/p>\n<figure id=\"attachment_2322811\" aria-describedby=\"caption-attachment-2322811\" style=\"width: 280px\" class=\"wp-caption aligncenter\"><a href=\"https:\/\/es.wikipedia.org\/wiki\/Apocat%C3%A1stasis\" target=\"_blank\" rel=\"noopener\"><img loading=\"lazy\" decoding=\"async\" class=\"wp-image-2322811 size-full\" src=\"https:\/\/puntocritico.com\/ausajpuntocritico\/wp-content\/uploads\/2026\/09\/La-apocatastasis.jpg\" alt=\"\" width=\"280\" height=\"365\" srcset=\"https:\/\/puntocritico.com\/ausajpuntocritico\/wp-content\/uploads\/2026\/09\/La-apocatastasis.jpg 280w, https:\/\/puntocritico.com\/ausajpuntocritico\/wp-content\/uploads\/2026\/09\/La-apocatastasis-230x300.jpg 230w\" sizes=\"auto, (max-width: 280px) 100vw, 280px\" \/><\/a><figcaption id=\"caption-attachment-2322811\" class=\"wp-caption-text\"><span style=\"color: #008000;\">La <a href=\"https:\/\/es.wikipedia.org\/wiki\/Apocat%C3%A1stasis\" target=\"_blank\" rel=\"noopener\"><em><strong>apocat\u00e1stasis<\/strong><\/em><\/a> es el restablecimiento o la vuelta de todas las cosas a su estado o punto de partida original.<\/span><\/figcaption><\/figure>\n<p>&nbsp;<\/p>\n<p style=\"text-align: justify;\"><span style=\"font-size: 14pt;\"><span style=\"font-size: 14pt;\">Hay que reconocer empero que <strong>Leibniz<\/strong> <strong>se acerca a esta posici\u00f3n<\/strong> cuando, <strong>interesado por la pol\u00e9mica sobre el <em>Apocalipsis<\/em><\/strong><\/span><strong> <span style=\"font-size: 14pt;\">(90)<\/span> <\/strong><span style=\"font-size: 14pt;\"><strong>y su interpretaci\u00f3n por el<\/strong> <em><strong>Quiliasmo<\/strong><\/em>, del que antes no opinaba tan ben\u00e9volamente <strong>(91)<\/strong>, <\/span><span style=\"font-size: 14pt;\">conoce mejor a <strong>partidarios fervientes de \u00e9ste, como los<\/strong> <strong>Petersen (92) <\/strong><\/span><span style=\"font-size: 14pt;\">y <strong>rese\u00f1a con gran entusiasmo una obra de<\/strong> <a href=\"https:\/\/www.google.com\/goto?url=CAESfAHrOzAVjawtpgMa2uhNmD_8BUoTgo1agQ0hkVu0kF4ornDkoS9fsU9aX0kLox1uXTlQ9tkZwiXvrQATqs-EI-csDmvchw4WQt7gPwskG4mxkIM4nkltVvN56QDWFmmMlA9Sj5CqeK4VWF2j6Hv3MNb9CnUgsuQTfub6cIw\" target=\"_blank\" rel=\"noopener\"><strong>Johann Wilhelm Petersen<\/strong><\/a> sobre el tema de la <strong><em>Apokat\u00e1stasis <\/em>(93)<\/strong>, <\/span><span style=\"font-size: 14pt;\">a quien elogia en una carta y cuyas concepciones compara con las de <a href=\"https:\/\/puntocritico.com\/ausajpuntocritico\/2026\/07\/02\/magnificat\/#ORIGENES_DE_ALEJANDRIA_De_lo_imposible_a_lo_real\" target=\"_blank\" rel=\"noopener\"><strong>Or\u00edgenes<\/strong><\/a> (<em>cuya influencia <strong>Petersen<\/strong> reconoc\u00eda abiertamente<\/em>) <strong>(94)<\/strong>, <\/span><span style=\"font-size: 14pt;\"><strong>no\u00a0 sin\u00a0 mostrar c\u00f3mo conducen a aceptar la <em>metempsicosis<\/em><\/strong>, <\/span><\/span><\/p>\n<blockquote>\n<p style=\"text-align: justify;\"><span style=\"color: #008000;\"><strong><span style=\"font-size: 14pt;\"><span style=\"font-size: 14pt;\">idea con la que estar\u00eda en\u00a0 desacuerdo (95)<\/span><span style=\"font-size: 14pt;\"> -y cuesti\u00f3n nada\u00a0 banal,\u00a0 tomando\u00a0 en\u00a0 cuenta los vaivenes y amenazas\u00a0 epocales- dejar bien sentada su condici\u00f3n de <em>cristiano<\/em> y que en el estudio de esta materia lo gu\u00edan piadosos fines (96), <\/span><span style=\"font-size: 14pt;\">como hac\u00eda la casi totalidad de los estudiosos de la <em>Kabbalah<\/em>.<\/span><\/span><\/strong><\/span><\/p>\n<\/blockquote>\n<p>&nbsp;<\/p>\n<figure id=\"attachment_2322420\" aria-describedby=\"caption-attachment-2322420\" style=\"width: 440px\" class=\"wp-caption aligncenter\"><img loading=\"lazy\" decoding=\"async\" class=\"wp-image-2322420\" src=\"https:\/\/puntocritico.com\/ausajpuntocritico\/wp-content\/uploads\/2026\/08\/quiliasmo-111-300x200.jpg\" alt=\"\" width=\"440\" height=\"294\" srcset=\"https:\/\/puntocritico.com\/ausajpuntocritico\/wp-content\/uploads\/2026\/08\/quiliasmo-111-300x200.jpg 300w, https:\/\/puntocritico.com\/ausajpuntocritico\/wp-content\/uploads\/2026\/08\/quiliasmo-111.jpg 530w\" sizes=\"auto, (max-width: 440px) 100vw, 440px\" \/><figcaption id=\"caption-attachment-2322420\" class=\"wp-caption-text\"><span style=\"color: #008000;\">El <strong>matrimonio Petersen<\/strong> estuvo formado por el te\u00f3logo alem\u00e1n<strong> Johann Wilhelm Petersen<\/strong> (1649\u20131727) y su esposa, la escritora y te\u00f3loga <strong>Johanna Eleonora Petersen<\/strong> (von Merlau, 1644\u20131724). Fueron figuras clave del <em><strong>pietismo radical<\/strong> y defensores del<strong> quiliasmo<\/strong><\/em> (<em>o<\/em> <strong><em>milenarismo<\/em><\/strong>), es decir, la creencia en un reino literal de <strong><em>Jesucristo<\/em> <\/strong>en la tierra durante mil a\u00f1os.<\/span><\/figcaption><\/figure>\n<p>&nbsp;<\/p>\n<p style=\"text-align: justify;\"><span style=\"font-size: 14pt;\"><span style=\"font-size: 14pt;\">Insistimos, como en otros casos, en que <strong>Leibniz<\/strong> <strong>no comprendi\u00f3 a fondo la idea <em>kabbal\u00edstica<\/em> sobre la trasmigraci\u00f3n de las almas (<em>Guilgul<\/em>)<\/strong> <\/span><\/span><\/p>\n<blockquote>\n<p style=\"text-align: justify;\"><span style=\"color: #008000;\"><strong><span style=\"font-size: 14pt;\"><span style=\"font-size: 14pt;\">y pens\u00f3 en una suerte de \u00ab<em>salto<\/em>\u00bb del\u00a0 alma, como una\u00a0 totalidad, del cuerpo de un ser que muere al de otro que nace (97).<\/span><\/span><\/strong><\/span><\/p>\n<\/blockquote>\n<p>&nbsp;<\/p>\n<p style=\"text-align: justify;\"><span style=\"font-size: 14pt;\"><span style=\"font-size: 14pt;\"><strong>Baste decir<\/strong>, en este contexto, que,<strong> en la<\/strong> <a href=\"https:\/\/www.google.com\/goto?url=CAEScwHrOzAVbj_OZuCO7Uqk3frMuW2MHEl7c2vJsLszFELlHSxiqxxd_2SrZ72iCIKMJjtMyn2NkzOMQ0dowXEvuxIq4LtuVkWhxkt41pJfLa7k082PMIgCgy8xJ45Y2JkrPMnBVieERyGtIQPU_nSwrCPJTJE\" target=\"_blank\" rel=\"noopener\"><em><strong>Kabbalah luri\u00e1nica<\/strong><\/em><\/a>, <\/span><\/span><\/p>\n<blockquote>\n<p style=\"text-align: justify;\"><strong><span style=\"color: #008000;\"><span style=\"font-size: 14pt;\"><span style=\"font-size: 14pt;\">e<\/span><\/span><span style=\"font-size: 14pt;\"><span style=\"font-size: 14pt;\">l alma est\u00e1 compuesta por chispas centralizadas por una de ellas y algunas pueden cambiar de cuerpo mientras que otras no lo hacen o emigran a un cuerpo diferente (98).<\/span><\/span><\/span><\/strong><\/p>\n<\/blockquote>\n<p>&nbsp;<\/p>\n<p style=\"text-align: justify;\"><span style=\"font-size: 14pt;\"><span style=\"font-size: 14pt;\"><strong>Las ideas del <a href=\"https:\/\/www.google.com\/goto?url=CAESYQHrOzAVCI3T3UooLpIHVTXgwhbAC64jX-2bbueoAu1gN33Ww4xXujx-447TcF7w8ZZ0Q6FotKGmSYoj_Ibt0dK0zz22K6O2MOa1iJEGz-7fjQa8l5ScT2toYygvC1l-W30\" target=\"_blank\" rel=\"noopener\"><em>Quiliasmo<\/em><\/a> sobre un <em>Reino de Dios sobre la tierra<\/em> concordaban con los fundamentos del proyecto <em>leibniziano<\/em> para la uni\u00f3n del g\u00e9nero humano<\/strong>, <\/span><\/span><\/p>\n<blockquote>\n<p style=\"text-align: justify;\"><span style=\"color: #008000;\"><strong><span style=\"font-size: 14pt;\"><span style=\"font-size: 14pt;\">equivalente a la construcci\u00f3n de <em>la Ciudad de Dios sobre la tierra<\/em>, que deben mucho a las utop\u00edas de su tiempo (99).<\/span><\/span><\/strong><\/span><\/p>\n<\/blockquote>\n<p>&nbsp;<\/p>\n<figure id=\"attachment_2298581\" aria-describedby=\"caption-attachment-2298581\" style=\"width: 280px\" class=\"wp-caption aligncenter\"><a href=\"https:\/\/puntocritico.com\/ausajpuntocritico\/2025\/04\/03\/pensadores-deslenguados-y-sin-corazon-pico-mirandola\/\" target=\"_blank\" rel=\"noopener\"><img loading=\"lazy\" decoding=\"async\" class=\"wp-image-2298581\" src=\"https:\/\/puntocritico.com\/ausajpuntocritico\/wp-content\/uploads\/2024\/06\/Pico-della-Mirandola-229x300.jpg\" alt=\"\" width=\"280\" height=\"367\" srcset=\"https:\/\/puntocritico.com\/ausajpuntocritico\/wp-content\/uploads\/2024\/06\/Pico-della-Mirandola-229x300.jpg 229w, https:\/\/puntocritico.com\/ausajpuntocritico\/wp-content\/uploads\/2024\/06\/Pico-della-Mirandola.jpg 330w\" sizes=\"auto, (max-width: 280px) 100vw, 280px\" \/><\/a><figcaption id=\"caption-attachment-2298581\" class=\"wp-caption-text\"><span style=\"color: #008000;\"><a href=\"https:\/\/puntocritico.com\/ausajpuntocritico\/2025\/04\/03\/pensadores-deslenguados-y-sin-corazon-pico-mirandola\/\" target=\"_blank\" rel=\"noopener\"><strong>Pico della Mirandola<\/strong><\/a>, retrato atribuido a <strong>Cristofano dell&#8217;Altissimo<\/strong> (<em>Florencia, Galer\u00eda Uffizi<\/em>).<\/span><\/figcaption><\/figure>\n<p>&nbsp;<\/p>\n<p style=\"text-align: justify;\"><span style=\"font-size: 14pt;\"><span style=\"font-size: 14pt;\">Pero <strong>es muy probable que Leibniz haya sido atra\u00eddo tambi\u00e9n desde temprano (100)<\/strong>, <\/span><span style=\"font-size: 14pt;\">por la idea de que <strong>la <em>Kabbalah <\/em>encierra una<em> Philosophia perennis<\/em> que <em>autores cristianos<\/em> -como <a href=\"https:\/\/puntocritico.com\/ausajpuntocritico\/2025\/04\/03\/pensadores-deslenguados-y-sin-corazon-pico-mirandola\/\" target=\"_blank\" rel=\"noopener\">Pico della Mirandola<\/a>, J. Reuchlin o Boehme- hab\u00edan vinculado a la<\/strong> <em><strong>Kabbalah<\/strong><\/em>, <\/span><\/span><\/p>\n<blockquote>\n<p style=\"text-align: justify;\"><span style=\"color: #008000;\"><strong><span style=\"font-size: 14pt;\"><span style=\"font-size: 14pt;\">concepci\u00f3n que Leibniz acepta (101).<\/span><\/span><\/strong><\/span><\/p>\n<\/blockquote>\n<p>&nbsp;<\/p>\n<p style=\"text-align: justify;\"><span style=\"font-size: 14pt;\"><span style=\"font-size: 14pt;\">Su lectura de la <a href=\"https:\/\/www.google.com\/goto?url=CAESZgHrOzAVXP3iMAf7tvd85QB4yqHXTjA2bNOrLIkvE2lsoBxGepKgBYXi9HkGfS1SGoPKwMs-WbIWwcBNUGrnyf2WIWmlZlMy-yWtLnpexp1HMCATppu08dInDFv4Kt_fjURlUnMGPw\" target=\"_blank\" rel=\"noopener\"><strong>KD<\/strong><\/a>, en la que aparece la obra de <a href=\"https:\/\/en.wikipedia.org\/wiki\/Abraham_Cohen_de_Herrera\" target=\"_blank\" rel=\"noopener\"><strong>Cohen Herrera<\/strong><\/a> o <a href=\"https:\/\/en.wikipedia.org\/wiki\/Abraham_Cohen_de_Herrera\" target=\"_blank\" rel=\"noopener\"><em><strong>Irira<\/strong><\/em><\/a>, parece haberlo confirmado <strong>(102)<\/strong>.\u00a0<\/span><\/span><\/p>\n<p style=\"text-align: justify;\"><span style=\"font-size: 14pt;\"><strong>Los escritos <em>leibnizianos<\/em> sobre el <em>Apokat\u00e1stasis<\/em> <em><strong>contienen alusiones cabal\u00edsticas y establecen paralelos entre el c\u00e1lculo l\u00f3gico y la g<\/strong>ematria<\/em><\/strong> <strong>(103)<\/strong> <\/span><\/p>\n<blockquote>\n<p style=\"text-align: justify;\"><strong><span style=\"font-size: 14pt; color: #008000;\">y no duda en introducir reflexiones sobre la <em>Kabbalah <\/em>en su <em>Th\u00e9odic\u00e9e<\/em>, s\u00edntesis en buena medida de su pensamiento maduro.<\/span><\/strong><\/p>\n<\/blockquote>\n<p>&nbsp;<\/p>\n<figure id=\"attachment_2322393\" aria-describedby=\"caption-attachment-2322393\" style=\"width: 280px\" class=\"wp-caption aligncenter\"><img loading=\"lazy\" decoding=\"async\" class=\"wp-image-2322393\" src=\"https:\/\/puntocritico.com\/ausajpuntocritico\/wp-content\/uploads\/2026\/08\/Christian_Knorr_von_Rosenroth_Kabbala_denudata._Wellcome_L0007910-199x300.jpg\" alt=\"\" width=\"280\" height=\"422\" srcset=\"https:\/\/puntocritico.com\/ausajpuntocritico\/wp-content\/uploads\/2026\/08\/Christian_Knorr_von_Rosenroth_Kabbala_denudata._Wellcome_L0007910-199x300.jpg 199w, https:\/\/puntocritico.com\/ausajpuntocritico\/wp-content\/uploads\/2026\/08\/Christian_Knorr_von_Rosenroth_Kabbala_denudata._Wellcome_L0007910-679x1024.jpg 679w, https:\/\/puntocritico.com\/ausajpuntocritico\/wp-content\/uploads\/2026\/08\/Christian_Knorr_von_Rosenroth_Kabbala_denudata._Wellcome_L0007910-768x1158.jpg 768w, https:\/\/puntocritico.com\/ausajpuntocritico\/wp-content\/uploads\/2026\/08\/Christian_Knorr_von_Rosenroth_Kabbala_denudata._Wellcome_L0007910.jpg 960w\" sizes=\"auto, (max-width: 280px) 100vw, 280px\" \/><figcaption id=\"caption-attachment-2322393\" class=\"wp-caption-text\"><span style=\"color: #008000;\">La <em><strong>Kabbala Denudata<\/strong><\/em> es una antolog\u00eda cabal\u00edstica en cuatro vol\u00famenes realizada entre 1677 y 1684 por el hebraista <strong>Christian Knorr von Rosenroth<\/strong>.<\/span><\/figcaption><\/figure>\n<p>&nbsp;<\/p>\n<p style=\"text-align: justify;\"><span style=\"font-size: 14pt;\"><strong>Una de las fundamentales es<\/strong> <strong>la propia idea del mal como parte del orden universal<\/strong>, <\/span><\/p>\n<blockquote>\n<p style=\"text-align: justify;\"><span style=\"color: #008000;\"><strong><span style=\"font-size: 14pt;\">i<\/span><span style=\"font-size: 14pt;\">nevitable dentro de la <em>Creaci\u00f3n <\/em>por cuanto est\u00e1 unido a la imperfecci\u00f3n de la criatura (104).<\/span><\/strong><\/span><\/p>\n<\/blockquote>\n<p>&nbsp;<\/p>\n<p style=\"text-align: justify;\"><span style=\"font-size: 14pt;\">Con respecto a las controversiales obras de <strong>Wachter<\/strong> sobre el tema <strong>(105)<\/strong>,<\/span><span style=\"font-size: 14pt;\"> <strong>Leibniz muestra su conocimiento de la primera en una valoraci\u00f3n dirigida a Bourguet (106) <\/strong><strong>y da la raz\u00f3n al extremo reduccionismo de Wachter<\/strong>: <\/span><\/p>\n<blockquote>\n<p style=\"text-align: justify;\"><span style=\"color: #008000;\"><strong><span style=\"font-size: 14pt;\">Spinoza como <em>cabalista<\/em> y el <em>Juda\u00edsmo<\/em> como una especie de <em>espinocismo<\/em>.<\/span><\/strong><\/span><\/p>\n<\/blockquote>\n<p>&nbsp;<\/p>\n<p><img loading=\"lazy\" decoding=\"async\" class=\"aligncenter wp-image-2322454\" src=\"https:\/\/puntocritico.com\/ausajpuntocritico\/wp-content\/uploads\/2026\/08\/Spinoza-cabalistico-PPAL-300x199.jpg\" alt=\"\" width=\"440\" height=\"292\" srcset=\"https:\/\/puntocritico.com\/ausajpuntocritico\/wp-content\/uploads\/2026\/08\/Spinoza-cabalistico-PPAL-300x199.jpg 300w, https:\/\/puntocritico.com\/ausajpuntocritico\/wp-content\/uploads\/2026\/08\/Spinoza-cabalistico-PPAL-678x452.jpg 678w, https:\/\/puntocritico.com\/ausajpuntocritico\/wp-content\/uploads\/2026\/08\/Spinoza-cabalistico-PPAL.jpg 680w\" sizes=\"auto, (max-width: 440px) 100vw, 440px\" \/><\/p>\n<p>&nbsp;<\/p>\n<p style=\"text-align: justify;\"><span style=\"font-size: 14pt;\"><strong>Leibniz<\/strong> <strong>fue cr\u00edtico<\/strong> <strong>con<\/strong> <a href=\"https:\/\/www.google.com\/goto?url=CAEStwEB6zswFZ7FjFP-6NcOAOabUiYgEqyZRdIkB1EqRNWrgdZqoeGGx2Nerr0bWq9KM-ixQl-_XZxWUfDePkdqFiQYFThpfFuIZZgZXMn3a4Vc1tJ_92iV3z_ajOyQLLJj9oviKwvbrxp7Ew1prpqri2GWkgbTxErx1gTUg-n771y802lv4JLY7WIivBKTt0WGmeQmdUmuftge0F_X7Sn2TVVLme8GVrsBkgLRemXeFqR9l1-6BEkRUBY\" target=\"_blank\" rel=\"noopener\"><em><strong>Elucidarius Cabalisticus<\/strong><\/em><\/a> pero no m\u00e1s que con otras obras con cuyos postulados concordaba al menos en parte. <\/span><\/p>\n<p style=\"text-align: justify;\"><span style=\"font-size: 14pt;\"><strong>La obra iba dirigida contra ciertos juicios contenidos en la anterior, que Wachter hab\u00eda revalorizado<\/strong>; <\/span><\/p>\n<blockquote>\n<p style=\"text-align: justify;\"><strong><span style=\"font-size: 14pt; color: #008000;\">Era la idea de Spinoza (<em>y con \u00e9ste, el Juda\u00edsmo y la Kabbalah<\/em>) como <em>pante\u00edsta<\/em> y <em>fatalista<\/em>.<\/span><\/strong><\/p>\n<\/blockquote>\n<p>&nbsp;<\/p>\n<p style=\"text-align: justify;\"><span style=\"font-size: 14pt;\">Debe recordarse <strong>el rechazo de Leibniz a la concepci\u00f3n sobre una<\/strong> <strong><em>anima mundi<\/em> identificable con Dios<\/strong>, atribuida a <strong>Spinoza<\/strong>, entre otros <strong>(107)<\/strong>.<\/span><\/p>\n<p>&nbsp;<\/p>\n<p><img loading=\"lazy\" decoding=\"async\" class=\"aligncenter wp-image-25570\" src=\"https:\/\/puntocritico.com\/ausajpuntocritico\/wp-content\/uploads\/2020\/01\/Leibniz-Spinoza-Principal-recortada-bis-300x175.jpg\" alt=\"\" width=\"480\" height=\"280\" srcset=\"https:\/\/puntocritico.com\/ausajpuntocritico\/wp-content\/uploads\/2020\/01\/Leibniz-Spinoza-Principal-recortada-bis-300x175.jpg 300w, https:\/\/puntocritico.com\/ausajpuntocritico\/wp-content\/uploads\/2020\/01\/Leibniz-Spinoza-Principal-recortada-bis.jpg 678w\" sizes=\"auto, (max-width: 480px) 100vw, 480px\" \/><\/p>\n<p>&nbsp;<\/p>\n<p style=\"text-align: justify;\"><span style=\"font-size: 14pt;\"><span style=\"font-size: 14pt;\">Para <strong>Leibniz<\/strong>, <strong>el universo creado no se vincula con la <em>sustancia divina<\/em>, que es transcendente<\/strong>, en lo que <strong>coincide con<\/strong> <a href=\"https:\/\/ota.bodleian.ox.ac.uk\/repository\/xmlui\/handle\/20.500.12024\/A89280\" target=\"_blank\" rel=\"noopener\"><strong>Henry More<\/strong> (<em><strong>Conjectura Cabbalistica<\/strong><\/em>)<\/a> y <strong>discrepa de<\/strong> <a href=\"https:\/\/sammlungen.ub.uni-frankfurt.de\/freimann\/content\/titleinfo\/405084\" target=\"_blank\" rel=\"noopener\"><strong>Wachter<\/strong> (<em><strong>Elucidarius Cabbalisticus<\/strong><\/em>)<\/a> <strong>(108) y con la doctrina de la<em> Kabbalah cristiana<\/em> acerca de la<\/strong> <em><strong>Creaci\u00f3n<\/strong><\/em>, <\/span><\/span><\/p>\n<blockquote>\n<p style=\"text-align: justify;\"><strong><span style=\"font-size: 14pt; color: #008000;\"><span style=\"font-size: 14pt;\">como puede comprobarse en las \u00ab<em>continuas fulguraciones de la divinidad<\/em>\u00bb (109).<\/span><\/span><\/strong><\/p>\n<\/blockquote>\n<p>&nbsp;<\/p>\n<p style=\"text-align: justify;\"><strong><span style=\"font-size: 14pt;\"><span style=\"font-size: 14pt;\">La <em>Creaci\u00f3n <\/em>depende del poder divino y no del ser divino. <\/span><\/span><\/strong><\/p>\n<p style=\"text-align: justify;\"><span style=\"font-size: 14pt;\"><span style=\"font-size: 14pt;\">A diferencia de <strong>Spinoza<\/strong>, <strong>los seres creados no son para \u00e9l s\u00f3lo la expresi\u00f3n del Ser divino, sino peque\u00f1os mundos sujetos a sus propias leyes, aut\u00f3nomos, que en el caso humano son <\/strong><\/span><\/span><\/p>\n<blockquote>\n<p style=\"text-align: justify;\"><span style=\"color: #008000;\"><strong><span style=\"font-size: 14pt;\"><span style=\"font-size: 14pt;\">\u00ab<em>instrumentos de Dios, pero instrumentos vivientes y libres, capaces de concurrir a ello [el bien de la sociedad] seg\u00fan nuestra propia elecci\u00f3n<\/em>\u00bb (110).\u00a0<\/span><\/span><\/strong><\/span><\/p>\n<\/blockquote>\n<p>&nbsp;<\/p>\n<p><a href=\"https:\/\/sammlungen.ub.uni-frankfurt.de\/freimann\/content\/titleinfo\/405084\" target=\"_blank\" rel=\"noopener\"><img loading=\"lazy\" decoding=\"async\" class=\"aligncenter wp-image-2322806\" src=\"https:\/\/puntocritico.com\/ausajpuntocritico\/wp-content\/uploads\/2026\/09\/Wachter-Elucidarius-Cabbalisticus-174x300.png\" alt=\"\" width=\"240\" height=\"413\" srcset=\"https:\/\/puntocritico.com\/ausajpuntocritico\/wp-content\/uploads\/2026\/09\/Wachter-Elucidarius-Cabbalisticus-174x300.png 174w, https:\/\/puntocritico.com\/ausajpuntocritico\/wp-content\/uploads\/2026\/09\/Wachter-Elucidarius-Cabbalisticus.png 304w\" sizes=\"auto, (max-width: 240px) 100vw, 240px\" \/><\/a><\/p>\n<p>&nbsp;<\/p>\n<p style=\"text-align: justify;\"><span style=\"font-size: 14pt;\">Pero no debe olvidarse que<strong> los temas de reflexi\u00f3n <em>leibnizianos<\/em> van dirigidos<\/strong>, sea en primera, segunda o \u00faltima instancia,<strong> a insertarse en un proyecto pol\u00edtico para la unificaci\u00f3n, en primera instancia de Europa, y a la larga, del g\u00e9nero humano<\/strong> <strong>(111)<\/strong>.<\/span><\/p>\n<p style=\"text-align: justify;\"><span style=\"font-size: 14pt;\"><span style=\"font-size: 14pt;\">Por ello, <\/span><\/span><strong><span style=\"font-size: 14pt;\"><span style=\"font-size: 14pt;\">no parece adecuado pensar que sus frases sobre la <em>Kabbalah<\/em> como una suerte de m\u00e9todo para la conversi\u00f3n de los jud\u00edos al <em>Cristianismo<\/em><\/span><\/span><\/strong><\/p>\n<blockquote>\n<p style=\"text-align: justify;\"><span style=\"color: #008000;\"><strong><span style=\"font-size: 14pt;\"><span style=\"font-size: 14pt;\">constituyan s\u00f3lo un modo de guardarse las espaldas ante la suspicacia ajena.<\/span><\/span><\/strong><\/span><\/p>\n<\/blockquote>\n<p>&nbsp;<\/p>\n<figure id=\"attachment_2320782\" aria-describedby=\"caption-attachment-2320782\" style=\"width: 480px\" class=\"wp-caption aligncenter\"><a href=\"https:\/\/puntocritico.com\/ausajpuntocritico\/2026\/06\/19\/modos\/\" target=\"_blank\" rel=\"noopener\"><img loading=\"lazy\" decoding=\"async\" class=\"wp-image-2320782\" src=\"https:\/\/puntocritico.com\/ausajpuntocritico\/wp-content\/uploads\/2026\/06\/Spinoza-infinita-faz-del-universo-PPAL-300x169.jpg\" alt=\"\" width=\"480\" height=\"270\" srcset=\"https:\/\/puntocritico.com\/ausajpuntocritico\/wp-content\/uploads\/2026\/06\/Spinoza-infinita-faz-del-universo-PPAL-300x169.jpg 300w, https:\/\/puntocritico.com\/ausajpuntocritico\/wp-content\/uploads\/2026\/06\/Spinoza-infinita-faz-del-universo-PPAL.jpg 678w\" sizes=\"auto, (max-width: 480px) 100vw, 480px\" \/><\/a><figcaption id=\"caption-attachment-2320782\" class=\"wp-caption-text\"><a href=\"https:\/\/puntocritico.com\/ausajpuntocritico\/2026\/06\/19\/modos\/\" target=\"_blank\" rel=\"noopener\"><span style=\"color: #008000;\">MODOS (Spinoza): Ideas singulares que representan multiplicidades infinitas<\/span><\/a><\/figcaption><\/figure>\n<p>&nbsp;<\/p>\n<p style=\"text-align: justify;\"><span style=\"font-size: 14pt;\"><span style=\"font-size: 14pt;\"><strong>Leibniz<\/strong>, <em><strong>cristiano<\/strong> <\/em><strong>personalmente (112)<\/strong><\/span><span style=\"font-size: 14pt;\">, <strong>no acostumbraba a influir en las convicciones de otros<\/strong>, <\/span><\/span><\/p>\n<blockquote>\n<p style=\"text-align: justify;\"><strong><span style=\"font-size: 14pt; color: #008000;\"><span style=\"font-size: 14pt;\">a no ser mediante el di\u00e1logo y la argumentaci\u00f3n, en funci\u00f3n del bien com\u00fan.<\/span><\/span><\/strong><\/p>\n<\/blockquote>\n<p>&nbsp;<\/p>\n<p style=\"text-align: justify;\"><span style=\"font-size: 14pt;\"><span style=\"font-size: 14pt;\"><strong>\u00bfNo considera en definitiva su proyecto como una realizaci\u00f3n de la <em>Ciudad de Dios sobre la tierra<\/em>?<\/strong> <\/span><\/span><\/p>\n<p style=\"text-align: justify;\"><span style=\"font-size: 14pt;\"><span style=\"font-size: 14pt;\"><strong>Los augurios del<\/strong> <a href=\"https:\/\/www.google.com\/goto?url=CAESYQHrOzAVLG39ts1VT39eYcvzcN68E7XWYMD7xAoiJqPvNYs0_MUlSICMhjf3z_1QFZp0dCChXGHA5lkBV1OV5IJsvCuuqDg5nrhZhg8mGqF4WrbPzpZbGX57vudLYt6ltlY\" target=\"_blank\" rel=\"noopener\"><strong>Quiliasmo<\/strong><\/a>, <\/span><\/span><\/p>\n<blockquote>\n<p style=\"text-align: justify;\"><span style=\"color: #008000;\"><strong><span style=\"font-size: 14pt;\"><span style=\"font-size: 14pt;\">\u00bfno son tan optimistas como los suyos propios?<\/span><\/span><\/strong><\/span><\/p>\n<\/blockquote>\n<p>&nbsp;<\/p>\n<figure id=\"attachment_2322807\" aria-describedby=\"caption-attachment-2322807\" style=\"width: 678px\" class=\"wp-caption aligncenter\"><a href=\"https:\/\/newseuropa.es\/milenarismo-apocalipsis-milenaria\/\" target=\"_blank\" rel=\"noopener\"><img loading=\"lazy\" decoding=\"async\" class=\"wp-image-2322807 size-mh-magazine-content\" src=\"https:\/\/puntocritico.com\/ausajpuntocritico\/wp-content\/uploads\/2026\/09\/Las-Siete-Iglesias-678x381.jpg\" alt=\"\" width=\"678\" height=\"381\" \/><\/a><figcaption id=\"caption-attachment-2322807\" class=\"wp-caption-text\"><span style=\"color: #008000;\">El <em><strong>milenarismo<\/strong> <\/em>o <em><strong>quiliasmo<\/strong><\/em>\u200b es la doctrina seg\u00fan la cual <em><strong>Cristo<\/strong> <\/em>volver\u00e1 para reinar sobre la Tierra durante mil a\u00f1os, antes del \u00faltimo combate contra el mal, produciendo la condena del Diablo a perder toda su influencia para la eternidad y comenzar el Juicio Universal.<\/span><\/figcaption><\/figure>\n<p>&nbsp;<\/p>\n<p style=\"text-align: justify;\"><span style=\"font-size: 14pt;\"><span style=\"font-size: 14pt;\"><strong>La diferencia reside en el car\u00e1cter m\u00edstico de los primeros y el fundamento filos\u00f3fico de los proyectos de<\/strong> <strong>Leibniz<\/strong> <strong>-que para nada menospreciaba a los <em>m\u00edsticos<\/em>&#8211; <\/strong><\/span><\/span><\/p>\n<blockquote>\n<p style=\"text-align: justify;\"><span style=\"color: #008000;\"><strong><span style=\"font-size: 14pt;\"><span style=\"font-size: 14pt;\">en el que las <em>Academias de Ciencias<\/em> habr\u00edan de desempe\u00f1ar un papel rector, inclusive para encaminar las cuestiones religiosas (113).\u00a0<\/span><\/span><\/strong><\/span><\/p>\n<\/blockquote>\n<p>&nbsp;<\/p>\n<figure id=\"attachment_2322410\" aria-describedby=\"caption-attachment-2322410\" style=\"width: 555px\" class=\"wp-caption aligncenter\"><a href=\"https:\/\/apologeticacatolica.org\/masalla\/que-nos-ensena-la-biblia-acerca-de-la-reencarnacion\/\" target=\"_blank\" rel=\"noopener\"><img loading=\"lazy\" decoding=\"async\" class=\"wp-image-2322410\" src=\"https:\/\/puntocritico.com\/ausajpuntocritico\/wp-content\/uploads\/2026\/08\/Reencarnacion-biblia-300x150.jpg\" alt=\"\" width=\"555\" height=\"278\" srcset=\"https:\/\/puntocritico.com\/ausajpuntocritico\/wp-content\/uploads\/2026\/08\/Reencarnacion-biblia-300x150.jpg 300w, https:\/\/puntocritico.com\/ausajpuntocritico\/wp-content\/uploads\/2026\/08\/Reencarnacion-biblia-768x384.jpg 768w, https:\/\/puntocritico.com\/ausajpuntocritico\/wp-content\/uploads\/2026\/08\/Reencarnacion-biblia.jpg 800w\" sizes=\"auto, (max-width: 555px) 100vw, 555px\" \/><\/a><figcaption id=\"caption-attachment-2322410\" class=\"wp-caption-text\"><span style=\"color: #008000;\">La <a style=\"color: #008000;\" href=\"https:\/\/apologeticacatolica.org\/masalla\/que-nos-ensena-la-biblia-acerca-de-la-reencarnacion\/\" target=\"_blank\" rel=\"noopener\"><strong>doctrina del Gilgul<\/strong><\/a> (<em>err\u00f3neamente transcrita a veces como <strong>Guilgu\u00e9<\/strong> debido a la fon\u00e9tica<\/em>), un concepto fundamental del misticismo jud\u00edo y la C\u00e1bala que se refiere a la <strong>transmigraci\u00f3n o reencarnaci\u00f3n de las almas<\/strong> (<em><strong>Gilgul Neshamot<\/strong><\/em>).<\/span><\/figcaption><\/figure>\n<p>&nbsp;<\/p>\n<p style=\"text-align: justify;\"><span style=\"font-size: 14pt;\"><strong>En el caso de las religiones no cristianas, resulta evidente el nexo entre evangelizaci\u00f3n y cultura<\/strong>, ya demostrado por los <em>misioneros cat\u00f3licos en China<\/em> y que tanto entusiasm\u00f3 a <strong>Leibniz<\/strong>. <\/span><\/p>\n<p style=\"text-align: justify;\"><span style=\"font-size: 14pt;\"><strong>Con las confesiones cristianas la situaci\u00f3n es distinta, sobre todo porque el principio de autoridad regente en la <em>Iglesia Cat\u00f3lica<\/em> se impon\u00eda a la hora de tratar sobre el ecumenismo<\/strong>: <\/span><\/p>\n<blockquote>\n<p style=\"text-align: justify;\"><span style=\"font-size: 14pt; color: #008000;\"><strong>no estaba dispuesta a admitir nada -ni opiniones ni liturgias ni formas de actuar que no fueran la \u00ab<em>reintegraci\u00f3n<\/em>\u00bb de los herejes a sus filas, previa abjuraci\u00f3n de sus errores, o estuvieran vinculadas con \u00e9sta.<\/strong> <\/span><\/p>\n<\/blockquote>\n<p>&nbsp;<\/p>\n<p style=\"text-align: justify;\"><span style=\"font-size: 14pt;\"><strong>Largos a\u00f1os de labor en pro del <em>ecumenismo<\/em> demostraron a Leibniz que<\/strong> <strong>la tarea resultaba m\u00e1s dura y fatigosa de lo que quiz\u00e1s pensara en un principio<\/strong>.<\/span><\/p>\n<p>&nbsp;<\/p>\n<figure id=\"attachment_2322386\" aria-describedby=\"caption-attachment-2322386\" style=\"width: 400px\" class=\"wp-caption aligncenter\"><a href=\"https:\/\/es.wikipedia.org\/wiki\/C%C3%A1bala_luriana\" target=\"_blank\" rel=\"noopener\"><img loading=\"lazy\" decoding=\"async\" class=\"wp-image-2322386\" src=\"https:\/\/puntocritico.com\/ausajpuntocritico\/wp-content\/uploads\/2026\/08\/Ari_Ashkenazi_Synagogue_shiviti-300x225.jpg\" alt=\"\" width=\"400\" height=\"300\" srcset=\"https:\/\/puntocritico.com\/ausajpuntocritico\/wp-content\/uploads\/2026\/08\/Ari_Ashkenazi_Synagogue_shiviti-300x225.jpg 300w, https:\/\/puntocritico.com\/ausajpuntocritico\/wp-content\/uploads\/2026\/08\/Ari_Ashkenazi_Synagogue_shiviti-1024x768.jpg 1024w, https:\/\/puntocritico.com\/ausajpuntocritico\/wp-content\/uploads\/2026\/08\/Ari_Ashkenazi_Synagogue_shiviti-768x576.jpg 768w, https:\/\/puntocritico.com\/ausajpuntocritico\/wp-content\/uploads\/2026\/08\/Ari_Ashkenazi_Synagogue_shiviti-678x509.jpg 678w, https:\/\/puntocritico.com\/ausajpuntocritico\/wp-content\/uploads\/2026\/08\/Ari_Ashkenazi_Synagogue_shiviti-326x245.jpg 326w, https:\/\/puntocritico.com\/ausajpuntocritico\/wp-content\/uploads\/2026\/08\/Ari_Ashkenazi_Synagogue_shiviti-80x60.jpg 80w, https:\/\/puntocritico.com\/ausajpuntocritico\/wp-content\/uploads\/2026\/08\/Ari_Ashkenazi_Synagogue_shiviti.jpg 1280w\" sizes=\"auto, (max-width: 400px) 100vw, 400px\" \/><\/a><figcaption id=\"caption-attachment-2322386\" class=\"wp-caption-text\"><span style=\"color: #008000;\"><strong>Tabla cabal\u00edstica de nombres divinos<\/strong> en la <em>sinagoga de Ari<\/em>. El <em><strong>m\u00e9todo tradicional de oraci\u00f3n luri\u00e1nica<\/strong><\/em> involucraba meditaciones esot\u00e9ricas kavanot en permutaciones espec\u00edficas de la letra Divina relacionadas con cada oraci\u00f3n<\/span><\/figcaption><\/figure>\n<p>&nbsp;<\/p>\n<p style=\"text-align: justify;\"><span style=\"font-size: 14pt;\">Pero, <strong>\u00bfno podr\u00eda la <em>Kabbalah <\/em>salvar esas distancias? <\/strong><\/span><\/p>\n<p style=\"text-align: justify;\"><span style=\"font-size: 14pt;\"><strong>Al igual que era capaz de acercar <em>Juda\u00edsmo<\/em> y <em>Cristianismo<\/em><\/strong>, <\/span><\/p>\n<blockquote>\n<p style=\"text-align: justify;\"><span style=\"font-size: 14pt; color: #008000;\"><strong>\u00bfno podr\u00eda servir de mediadora entre las confesiones cristianas y abrir la puerta a lo que Baruzi denomina \u00ab<em>la verdadera Iglesia<\/em>\u00bb?<\/strong><\/span><\/p>\n<\/blockquote>\n<p>&nbsp;<\/p>\n<p style=\"text-align: justify;\"><span style=\"font-size: 14pt;\">Aunque <strong>la difusi\u00f3n de la <em>Kabbalah <\/em>durante el siglo XVII \u00a0fue muy amplia entre los protestantes, en la <em>Iglesia Cat\u00f3lica<\/em> no hab\u00edan faltado nunca estudiosos<\/strong> de \u00e9sta. <\/span><\/p>\n<p style=\"text-align: justify;\"><span style=\"font-size: 14pt;\"><strong>En el S. XVI Johann Reuchlin, <em>destacado caballista cristiano<\/em> (114), hab\u00eda sido todo un campe\u00f3n en la defensa de los libros jud\u00edos (115) y<\/strong> <\/span><\/p>\n<blockquote>\n<p style=\"text-align: justify;\"><span style=\"font-size: 14pt; color: #008000;\"><strong>figura en las obras sobre <em>Kabbalah<\/em> de destacados especialistas jud\u00edos<\/strong>.<\/span><\/p>\n<\/blockquote>\n<p>&nbsp;<\/p>\n<p><a href=\"https:\/\/puntocritico.com\/ausajpuntocritico\/2020\/01\/17\/leibniz-frente-a-spinoza-una-interpretacion-panoramica-forjando-la-modernidad\/\" target=\"_blank\" rel=\"noopener\"><img loading=\"lazy\" decoding=\"async\" class=\"aligncenter wp-image-26222\" src=\"https:\/\/puntocritico.com\/ausajpuntocritico\/wp-content\/uploads\/2020\/01\/spinoza-y-cabala-1.jpg\" alt=\"\" width=\"300\" height=\"393\" data-id=\"26222\" \/><\/a><\/p>\n<p>&nbsp;<\/p>\n<p style=\"text-align: justify;\"><span style=\"font-size: 14pt;\"><strong>Al explicar seg\u00fan los cabalistas cristianos la correlaci\u00f3n entre Unidad y Trinidad a nivel divino, y entre ambas y los niveles de la Creaci\u00f3n<\/strong>, <\/span><\/p>\n<blockquote>\n<p style=\"text-align: justify;\"><span style=\"color: #008000;\"><strong><span style=\"font-size: 14pt;\">\u00bfno podr\u00eda aclararse a todos que las diferencias doctrinales de car\u00e1cter esencial entra Juda\u00edsmo y <em>Cristianismo<\/em> eran m\u00ednimas y aun esas estaban previstas por la m\u00edstica jud\u00eda?<\/span><\/strong><\/span><\/p>\n<\/blockquote>\n<p>&nbsp;<\/p>\n<figure id=\"attachment_2322382\" aria-describedby=\"caption-attachment-2322382\" style=\"width: 220px\" class=\"wp-caption aligncenter\"><img loading=\"lazy\" decoding=\"async\" class=\"wp-image-2322382\" src=\"https:\/\/puntocritico.com\/ausajpuntocritico\/wp-content\/uploads\/2026\/08\/Der-spinozismus-Moses-Germanus-1699-166x300.jpg\" alt=\"\" width=\"220\" height=\"399\" srcset=\"https:\/\/puntocritico.com\/ausajpuntocritico\/wp-content\/uploads\/2026\/08\/Der-spinozismus-Moses-Germanus-1699-166x300.jpg 166w, https:\/\/puntocritico.com\/ausajpuntocritico\/wp-content\/uploads\/2026\/08\/Der-spinozismus-Moses-Germanus-1699.jpg 504w\" sizes=\"auto, (max-width: 220px) 100vw, 220px\" \/><figcaption id=\"caption-attachment-2322382\" class=\"wp-caption-text\"><span style=\"color: #008000;\"><strong><em>Der Spinozismus im J\u00fcdenthumb<\/em><\/strong> (1699), de <strong>Johann Peter Spaeth<\/strong>, tambi\u00e9n conocido como <strong>Mois\u00e9s Germanus<\/strong> o <strong>Mois\u00e9s Ashkenazi<\/strong> (<em>primera mitad del siglo XVII en Viena \u2013 27 de abril de 1701 en \u00c1msterdam<\/em>) fue un te\u00f3logo austriaco que se convirti\u00f3 al juda\u00edsmo.<\/span><\/figcaption><\/figure>\n<p>&nbsp;<\/p>\n<p style=\"text-align: justify;\"><span style=\"font-size: 14pt;\"><strong>Las <\/strong><em><strong>confesiones cristianas<\/strong>,<\/em> <strong>que Leibniz consideraba como diferenciadas por los ritos y por algunas concepciones no fundamentales<\/strong>, <\/span><\/p>\n<blockquote>\n<p style=\"text-align: justify;\"><span style=\"color: #008000;\"><strong><span style=\"font-size: 14pt;\">pod\u00edan ser aceptadas dentro de un cuerpo universal como ya lo hab\u00edan sido en los casos de las I<em>glesias copta <\/em>o <em>maronita<\/em>.<\/span><\/strong><\/span><\/p>\n<\/blockquote>\n<p>&nbsp;<\/p>\n<p style=\"text-align: justify;\"><strong><span style=\"font-size: 14pt;\">En el caso del <em>Juda\u00edsmo<\/em>, \u00bfno podr\u00eda lograrse algo similar con ayuda de la <em>Kabbalah<\/em>?<\/span><\/strong><\/p>\n<p style=\"text-align: justify;\"><span style=\"font-size: 14pt;\">En todo caso, <strong>hubiera sido necesario el concurso de muchos colaboradores muy cualificados en diversas materias, incluyendo la<\/strong> <em><strong>Kabbalah<\/strong><\/em>. <\/span><\/p>\n<p style=\"text-align: justify;\"><span style=\"font-size: 14pt;\"><strong>Leibniz<\/strong> <strong>no dispon\u00eda de tales cola\u00adboradores<\/strong>;<\/span><\/p>\n<blockquote>\n<p style=\"text-align: justify;\"><span style=\"color: #008000;\"><strong><span style=\"font-size: 14pt;\">Cuando entr\u00f3 en contacto m\u00e1s directo con [<em>W. Petersen (sobre 1702), Knorr von Rosenroth y F. M. van Helmont hab\u00edan muerto; el primero, en 1689; el segundo, en 1699. <\/em><\/span><\/strong><\/span><\/p>\n<p style=\"text-align: justify;\"><span style=\"color: #008000;\"><strong><span style=\"font-size: 14pt;\"><em>Inclusive<\/em>\u00a0P. Spaeth (<em>Moses Germanus<\/em>), con quien no hab\u00eda tenido trato directo, hab\u00eda fallecido en 1701.<\/span><\/strong><\/span><\/p>\n<\/blockquote>\n<p>&nbsp;<\/p>\n<figure id=\"attachment_2322391\" aria-describedby=\"caption-attachment-2322391\" style=\"width: 260px\" class=\"wp-caption aligncenter\"><a href=\"https:\/\/es.wikipedia.org\/wiki\/Christian_Knorr_von_Rosenroth\" target=\"_blank\" rel=\"noopener\"><img loading=\"lazy\" decoding=\"async\" class=\"wp-image-2322391\" src=\"https:\/\/puntocritico.com\/ausajpuntocritico\/wp-content\/uploads\/2026\/08\/Christian-Knorr-von-Rosenroth-1636-1689.jpg\" alt=\"\" width=\"260\" height=\"328\" \/><\/a><figcaption id=\"caption-attachment-2322391\" class=\"wp-caption-text\"><span style=\"color: #008000;\"><a style=\"color: #008000;\" href=\"https:\/\/es.wikipedia.org\/wiki\/Christian_Knorr_von_Rosenroth\" target=\"_blank\" rel=\"noopener\"><strong>Christian Knorr von Rosenroth<\/strong><\/a> (15 de julio de 1631 \u2013 4 u 8 de mayo de 1689) fue un hebra\u00edsta nacido en Silesia.<\/span><\/figcaption><\/figure>\n<p>&nbsp;<\/p>\n<p style=\"text-align: justify;\"><span style=\"font-size: 14pt;\">No eran por supuesto los \u00fanicos conocedores de la <em><strong>Kabbalah<\/strong> <\/em>y de varias teolog\u00edas cristianas, pero <strong>hab\u00edan sido los editores de la <em>Kabbalah Denudata<\/em> (116),<\/strong><\/span><span style=\"font-size: 14pt;\"> <span style=\"font-size: 14pt;\"><strong>y los dos primeros hab\u00edan \u00ab<em>detectado<\/em>\u00bb la capacidad de esta doctrina para propiciar la <em>conversi\u00f3n de los jud\u00edos<\/em><\/strong>, <\/span><\/span><\/p>\n<blockquote>\n<p style=\"text-align: justify;\"><span style=\"color: #008000;\"><strong><span style=\"font-size: 14pt;\"><span style=\"font-size: 14pt;\">aunque el tercero parec\u00eda ser un ment\u00eds rotundo a esta idea, a causa de su con versi\u00f3n al <em>Juda\u00edsmo<\/em>.<\/span><\/span><\/strong><\/span><\/p>\n<\/blockquote>\n<p>&nbsp;<\/p>\n<p style=\"text-align: justify;\"><span style=\"font-size: 14pt;\"><span style=\"font-size: 14pt;\"><strong>Pese a ser fundada la<em> Academia de Ciencias <\/em>en 1700 con Leibniz como <em>presidente<\/em><\/strong>,<strong> poco dur\u00f3 al frente de ella<\/strong>, a pesar de todas las esperanzas puestas en su eficacia para solucionar los problemas esenciales del hombre, si contaba con el apoyo necesario.<\/span><\/span><\/p>\n<p style=\"text-align: justify;\"><span style=\"font-size: 14pt;\"><strong>Los<\/strong> <em><strong>estudios leibnizianos de la Kabbalah<\/strong> <\/em><strong>no\u00a0 parecen entonces constituir una excepci\u00f3n en la vasta gama de sus intereses- en cuanto a sus objetivos \u00faltimos<\/strong>: <\/span><\/p>\n<blockquote>\n<p style=\"text-align: justify;\"><span style=\"color: #008000;\"><strong><span style=\"font-size: 14pt;\">el conocimiento de los principios y leyes regentes del universo y la construcci\u00f3n de su proyecto de reforma social (117).<\/span><\/strong><\/span><\/p>\n<\/blockquote>\n<p>&nbsp;<\/p>\n<p><img loading=\"lazy\" decoding=\"async\" class=\"aligncenter wp-image-25522\" src=\"https:\/\/puntocritico.com\/ausajpuntocritico\/wp-content\/uploads\/2020\/01\/Leibnitz-2-OK.jpg\" alt=\"\" width=\"280\" height=\"356\" \/><\/p>\n<p style=\"text-align: center;\"><span style=\"color: #008000;\"><strong><span style=\"font-size: 18pt;\">***<\/span><\/strong><\/span><\/p>\n<blockquote>\n<h3 style=\"text-align: center;\"><span style=\"font-size: 18pt; background-color: #ccffcc;\"><strong>NOTAS:\u00a0<\/strong><\/span><\/h3>\n<p style=\"text-align: justify;\"><span style=\"font-size: 14pt;\"><strong>83<\/strong> Cf. Coudert (1996), 468. Leibniz elogia a Knorr von Rosenroth en una carta al Landgrave Emst von Hessen-Rheinfels del 20\/10 de enero 1688. Klopp, Carta XLV, 117-125 (Knorr von Rosen\u00ad roth, en 123-124). En el trabajo de A. Coudert aparece 1687 como fecha de la carta, a todas luces por una errata. Tambi\u00e9n Christoph D\u00e1niel Findekeller elogia a Knorr von Rosenroth en una carta a Leibniz del 7\/17 de febrero 1688. <\/span><\/p>\n<p style=\"text-align: justify;\"><span style=\"font-size: 14pt;\">Parece ser la respuesta a una carta de Leibniz que se ha perdido (A 1, 5, 55 57). A continuaci\u00f3n aparece la mencionada carta a Hessen-Rheinfels del 20 de octubre 1688.<\/span><\/p>\n<p style=\"text-align: justify;\"><span style=\"font-size: 14pt;\"><strong>84<\/strong> Henry More y los plat\u00f3nicos de Cambridge, en especial Lady Anne Conway, son algunos ejemplos ilustrativos.<\/span><\/p>\n<p style=\"text-align: justify;\"><span style=\"font-size: 14pt;\"><strong>85<\/strong> Cf. Popkin (1998).<\/span><\/p>\n<p style=\"text-align: justify;\"><span style=\"font-size: 14pt;\"><strong>86<\/strong> (1971), 78-141.<\/span><\/p>\n<p style=\"text-align: justify;\"><span style=\"font-size: 14pt;\"><strong>87<\/strong> Cf. Coudert (1995); Orio de Miguel (1993);\u00a0 Orio de Miguel (2002).\u00a0\u00a0\u00a0 &#8230;<\/span><\/p>\n<p style=\"text-align: justify;\"><span style=\"font-size: 14pt;\"><strong>88<\/strong> Leibniz frente a Spinoza <\/span><span style=\"font-size: 14pt;\">Cf. Cook (1993), 283-297.<\/span><\/p>\n<p style=\"text-align: justify;\"><span style=\"font-size: 14pt;\"><strong>88<\/strong> En varios pasajes de su obra, Leibniz deja bien sentada la superioridad del Cristianismo sobre el Juda\u00edsmo, aunque le reconoce grandes m\u00e9ritos al segundo. Puede destacarse, el Prefacio a la Th\u00e9odic\u00e9e.<\/span><\/p>\n<p style=\"text-align: justify;\"><span style=\"font-size: 14pt;\"><strong>89<\/strong> Peter Serrurier o Serrarius (1600-1669). Inicialmente calvinista, se interes\u00f3 por el milenarismo y fue uno de los seguidores cristianos m\u00e1s notables de Sabbatai Zevi. Como ya se ha mencionado, puso a Spinoza en contacto con <strong>Oldenburg<\/strong> y con <strong>Boyle<\/strong>. <\/span><\/p>\n<p style=\"text-align: justify;\"><span style=\"font-size: 14pt;\">Bajo la influencia de Menasseh Ben Israel, se interes\u00f3 sobremanera por las diez tribus perdidas de Israel y aspir\u00f3 a unir a jud\u00edos y cristianos en la espera activa del Mes\u00edas.<\/span><\/p>\n<p style=\"text-align: justify;\"><span style=\"font-size: 14pt;\"><strong>90<\/strong> Knorr van Rosenroth hab\u00eda tomado parte tambi\u00e9n en ella con su obra Eigentliche Erkliirung <\/span><span style=\"font-size: 14pt;\">\u00fcber die Gesichter der Offenbarung S. johannis (1670).<\/span><\/p>\n<p style=\"text-align: justify;\"><span style=\"font-size: 14pt;\"><strong>91\u00a0<\/strong> Leibniz\u00a0 trata el\u00a0 tema en\u00a0 una\u00a0 carta a\u00a0 la Electora\u00a0 Sophie\u00a0 Charlotte\u00a0 de\u00a0 Brandenburg\u00a0 del 10 de febrero 1692. En: Klopp, I, 7, 165-168. En una carta al Landgrave Emst van Hessen-Rheinfels, probablemente de fines de\u00a0 1692, seg\u00fan indica el editor, Leibniz afirma: <\/span><\/p>\n<p style=\"text-align: justify; padding-left: 40px;\"><span style=\"font-size: 14pt;\">\u00ab<em>Se distinguir\u00e1 siempre entre el Se\u00f1or Spener, junto con las personas piadosas, cultivadas y amantes de la\u00a0 ciencia\u00a0 como\u00a0 \u00e9l, y los que equivocadamente abusan de tales principios, perdi\u00e9ndose en visiones o en el quiliasmo vulgar<\/em>\u00bb. <\/span><\/p>\n<p style=\"text-align: justify;\"><span style=\"font-size: 14pt;\">Leibniz (1847), II, Carta XCN, 458-462; cita en 459. Se refiere a la dimisi\u00f3n de J. F. Petersen como Superintendente por haber publicado las visiones de la Srta. de Assebourg\u00a0 contra\u00a0 un\u00a0 edicto expreso de publicar nada sobre el Quiliasmo. <\/span><\/p>\n<p style=\"text-align: justify;\"><span style=\"font-size: 14pt;\">Y agrega: \u00ab<em>Se trata m\u00e1s bien de\u00a0 una cuesti\u00f3n de disciplina que de doctrina<\/em>\u00bb (459). Cf. Albrecht (2005), 90-91.<\/span><\/p>\n<p style=\"text-align: justify;\"><span style=\"font-size: 14pt;\"><strong>92<\/strong> Johann Wilhelm y Johanna Eleonora Petersen, que s\u00ed pod\u00edan considerarse \u00abCristianos ju<\/span><span style=\"font-size: 14pt;\">d\u00edos\u00bb, sufrieron sin embargo una gran decepci\u00f3n cuando su amigo Johann Peter Spaeth se convirti\u00f3 al Juda\u00edsmo y asumi\u00f3 el nombre de Mases Germanus. Reprendido por el matrimonio, Mases Germanus respondi\u00f3 centrando en las discusiones con ellos sobre Jes\u00fas como Mes\u00edas y el Milenarismo las moti\u00advaciones de su conversi\u00f3n. Cf. Germanus (1699).<\/span><\/p>\n<p style=\"text-align: justify;\"><span style=\"font-size: 14pt;\"><strong>93<\/strong> Un extracto de dicha rese\u00f1a aparece en: Leibniz (1991), 94-97. En Fichant (1992) se presenta <\/span><span style=\"font-size: 14pt;\">la historia del inter\u00e9s de Leibniz por este tema.<\/span><\/p>\n<p style=\"text-align: justify;\"><span style=\"font-size: 14pt;\"><strong>94<\/strong> A ese tema dedica su obra Der bekriifftigt,e Origenes in der Lehre von der Wiederbringung alter Dinge, gegen den sogenannten entkriiffteten Origenem (1701).<\/span><\/p>\n<p style=\"text-align: justify;\"><span style=\"font-size: 14pt;\"><strong>95<\/strong> Leibniz escribe:\u00a0 \u00abAl final la\u00a0 muerte misma sucumbir\u00e1; el mismo diablo se reformar\u00e1 Y ser\u00e1 recibido en la gracia con todos sus \u00e1ngeles y todos los condenados. Y entonces, seg\u00fan San Pablo, Di s ser\u00e1 todo en todos. Estas s\u00ed que son una ideas peculiares, a las que s\u00f3lo les falta a\u00f1adir la metempsicosis, o al menos la preexistencia de\u00a0 las almas, para llegar al Origenismo\u00bb\u00a0 (Leibniz a BurneU, 27 de febrero <\/span><span style=\"font-size: 14pt;\">1702, GP 111,283). <\/span><\/p>\n<p style=\"text-align: justify;\"><span style=\"font-size: 14pt;\">A este tema est\u00e1 dedicada una buena parte del breve tratado Rifutation in\u00e9dite de Spinoza, Leibniz (1999), 22-40. Sobre el origenismo de Petersen: Schmidt-Biggemann (2004), 360-368.<\/span><\/p>\n<p style=\"text-align: justify;\"><span style=\"font-size: 14pt;\"><strong>96<\/strong> Como otros autores, Leibniz se refiere a la posibilidad de convertir a los jud\u00edos mediante una de sus propias doctrinas y se desmarca as\u00ed de un inter\u00e9s excesivo por lo jud\u00edo. <\/span><\/p>\n<p style=\"text-align: justify;\"><span style=\"font-size: 14pt;\">Quiz\u00e1s haya atra\u00eddo la atenci\u00f3n de Leibniz, al menos en principio, el hecho de que J. W. Petersen haya conciliado las ideas de Or\u00edgenes con la doctrina luterana de la Salvaci\u00f3n, es decir, con las concepciones ortodoxas de una confesi\u00f3n cristiana, precisamente aquella a la que Leibniz pertenec\u00eda por nacimiento, aunque se sit\u00faa entre los que Kolakowski ha llamado \u00abCristianos sin Iglesia\u00bb, siempre en busca de la m\u00e9dula del Cristianismo bajo las diversas confesiones. <\/span><\/p>\n<p style=\"text-align: justify;\"><span style=\"font-size: 14pt;\">Esto concuerda con la aspiraci\u00f3n de Leibniz a conciliar todas las doctrinas, de lo que se esclarecer\u00edan los principios de la philosophia perennis.<\/span><\/p>\n<p style=\"text-align: justify;\"><span style=\"font-size: 14pt;\"><strong>97<\/strong> Leibniz escribe sobre esto: \u00ab<em>La metempsicosis ser\u00eda como la regla que dice que nada se hace por saltos. Un pasaje brusco del alma de un cuerpo a otro no resultar\u00eda menos extra\u00f1o que el desplazamiento de un cuerpo que mediante un salto se desplazase de un lugar a otro, sin para ello recorrer un intervalo. En todo esto encontramos una gran falta de raciocinio<\/em>\u00bb, Leibniz (1999), 40.<\/span><\/p>\n<p style=\"text-align: justify;\"><span style=\"font-size: 14pt;\"><strong>98<\/strong> Cf. Scholem (2008); Scholem (1994), 163-171; Rensoli (2006), 9-34.<\/span><\/p>\n<p style=\"text-align: justify;\"><span style=\"font-size: 14pt;\"><strong>99<\/strong> Cf. Gilson (2005), cap. VIII, 221R239; Robinet (1994). Hemos abordado ese tema en Rensoli (2002), 191 SS.<\/span><\/p>\n<p style=\"text-align: justify;\"><span style=\"font-size: 14pt;\"><strong>100<\/strong> S\u00f3lo el primer volumen de la Kabbalah Denudata hab\u00eda aparecido cuando Leibniz, en un escrito de 1678\/1679 (De numeris characteristicis ad linguam universalem constituendam,A VI, 4, 263-270), hacia constar esta idea: <\/span><\/p>\n<p style=\"text-align: justify; padding-left: 40px;\"><span style=\"font-size: 14pt;\">\u00abPero ignorantes de la aut\u00e9ntica clave para desvelar el arcano, los estudiosos se perdieron en futilidades ysupersticiones, dando origen a una especie de C\u00e1bala vulgar, muy alejada de la aut\u00e9ntica, y a multitud de inepcias que llenan los libros con el falso nombre de magia\u00bb, (Ibid., 264; trad. OFC5\/116); Edel (1995), 164.<\/span><\/p>\n<p style=\"text-align: justify;\"><span style=\"font-size: 14pt;\"><strong>101<\/strong> T\u00e9ngase en cuenta de que, en el caso de estos autores, no se trataba de la Kabbalah luri\u00e1nica sino de la \u00ab<em>Kabbalah de los nombres<\/em>\u00bb. <\/span><\/p>\n<p style=\"text-align: justify;\"><span style=\"font-size: 14pt;\">Leibniz, a trav\u00e9s de Knorr von Rosenroth, considera que es v\u00e1lida para la Kabbalah luri\u00e1nica. Cf. Schmidt-Biggemann (2004), 93-116; 117-128; Edel (1995), 12; Coudert (1995), 25-34; 35 ss.<\/span><\/p>\n<p style=\"text-align: justify;\"><span style=\"font-size: 14pt;\"><strong>102<\/strong> Un resumen de dichas concepciones aparece en: \u00abAbraham Herrera&#8217;s Adam Kadmon\u00bb, Schmidt-Biggemann (2004), 15, 192 ss. (2008).<\/span><\/p>\n<p style=\"text-align: justify;\"><span style=\"font-size: 14pt;\"><strong>103<\/strong> \u00a0Cf.: Leibniz (1991), 37, n. 9; 129; Orio de Miguel (2002), II, 423 ss.<\/span><\/p>\n<p style=\"text-align: justify;\"><span style=\"font-size: 14pt;\"><strong>104<\/strong> Cf. Coudert (1995), 34-35, 85-86, 104, 123-127; Orio de Miguel (2002), I, 153-169; Rensoli<\/span><\/p>\n<p style=\"text-align: justify;\"><span style=\"font-size: 14pt;\"><strong>\u00a0105<\/strong> Cf.: Lrerke (2008), 935-937; 938-943.<\/span><\/p>\n<p style=\"text-align: justify;\"><span style=\"font-size: 14pt;\"><strong>106<\/strong> Leibniz escribe:\u00a0<\/span><span style=\"font-size: 14pt;\">\u00ab<em>Verissimum est Spinosam Cabala Hebraeorum esse abusum: et quidam quiadJudaeos defecit et se Mosem Germanum vocavit, pravas ejus sententias prosecutus est [&#8230; ] Spinosa vero ex combinatione Cabalae et Cartesianismi, in extremitates corruptorum, monstrosum suum dogma formavit<\/em> [&#8230;]\u00bb (A Bourguet, 1709, GP III, 545) . <\/span><\/p>\n<p style=\"text-align: justify;\"><span style=\"font-size: 14pt;\">Es muy cierto que Spinoza ha hecho un mal uso de la C\u00e1bala de los hebreos. Y alguno que se pas\u00f3 al bando de los jud\u00edos y se denomin\u00f3 a s\u00ed mismo el Mois\u00e9s Germ\u00e1nico ha seguido sus insensatas opiniones&#8230; Por su parte, Spinoza forj\u00f3 su monstruosa doctrina a partir de una combinaci\u00f3n de la C\u00e1bala y del cartesianismo, llevados hasta el l\u00edmite de su corrupci\u00f3n. <\/span><\/p>\n<p style=\"text-align: justify;\"><span style=\"font-size: 14pt;\">En la misma carta, Leibniz se refiere a su intercambio con J. Bouvet acerca del sistema binario y los caracteres del i-Ching y su posible relaci\u00f3n con la Kabbalah.<\/span><\/p>\n<p style=\"text-align: justify;\"><span style=\"font-size: 14pt;\"><strong>107<\/strong> Leibniz trata este aspecto en varios op\u00fasculos; m\u00e1s ampliamente en Teod., Discurso, 8, 9. En el par\u00e1grafo 9 se ocupa especialmente de Spinoza.<\/span><\/p>\n<p style=\"text-align: justify;\"><span style=\"font-size: 14pt;\"><strong>108<\/strong> Cf.: Larke (2008), 953-957.<\/span><\/p>\n<p style=\"text-align: justify;\"><span style=\"font-size: 14pt;\"><strong>109<\/strong> Monad. \u00a7 47; trad. OFC 2\/ 334.<\/span><\/p>\n<p style=\"text-align: justify;\"><span style=\"font-size: 14pt;\"><strong>110\u00a0<\/strong> \u00a0Cf. Discours sur la G\u00e9n\u00e9rosil\u00e9 (A VI, 4, 2722; trad. Andreu III, 217).<\/span><\/p>\n<p style=\"text-align: justify;\"><span style=\"font-size: 14pt;\"><strong>111<\/strong> Este proceso se caracteriza en: Robinet (1994); Riley (1996), ,\u00abThe Republic of Christendom\u00bb; 112 Rcnsoli (2002), cap. IV.<\/span><\/p>\n<p style=\"text-align: justify;\"><span style=\"font-size: 14pt;\"><strong>\u00a0112<\/strong> El hecho mismo de fundar la justicia sobre la caridad es para Riley\u00a0 un\u00a0 resultado\u00a0 de\u00a0 su esencial pero personal Cristianismo. P. Riley (1996), 236.<\/span><\/p>\n<p style=\"text-align: justify;\"><span style=\"font-size: 14pt;\"><strong>113<\/strong> m Cf.: Rensoli (2001), 59-76.<\/span><\/p>\n<p style=\"text-align: justify;\"><span style=\"font-size: 14pt;\"><strong>114<\/strong> m Es cl\u00e1sica en el tema su obra De arte cabalistica (On the Arl o\/ the Kahbalnh), Reuchlin (1993).<\/span><\/p>\n<p style=\"text-align: justify;\"><span style=\"font-size: 14pt;\"><strong>115<\/strong> Basta recordar su encendida pol\u00e9mica -instigada por los dominicos- con el converso Johannes (antes Josef) Pfefferkom acerca de la posible quema del Talmud y de otras obras jud\u00edas. Hu\u00admanistas destacados como Ulrico von Hutten y Crotus Rubeanus secundaron a Reuchlin y publicaron las c\u00e9lebres Cartas de hombres oscuros. Cf. Rummel (2002).<\/span><\/p>\n<p style=\"text-align: justify;\"><span style=\"font-size: 14pt;\"><strong>116\u00a0<\/strong> \u00a0La \u00fanica fuente epocal que\u00a0 acredita la participaci\u00f3n\u00a0 de\u00a0 Moses Germanus en\u00a0 la edicion\u00a0 de la Kahbalah Denudata es Veysiere de La Croze (1708), 61-62. Nathan Samter basa sus dudas sobre el asunto en que, por una parte, considera que Spaeth no era un gran conocedor de\u00a0 la\u00a0 Kabbalah;\u00a0 por otra, en las fechas de edicion de la Kahbalah Denudata y del inicio del trato entre Spaeth y Van Helmont no coinciden. Cf. Samter (1895), 273.<\/span><\/p>\n<p style=\"text-align: justify;\"><span style=\"font-size: 14pt;\"><strong>117<\/strong> Cf. M\u00e9moire pour ks personnes \u00e9clair\u00e9es et debonne intention, (A IV, 4, 620-621). <\/span><span style=\"font-size: 14pt;\">T\u00edtulo original: \u00ab<em>Leibniz Abhandlung Meditationes de cognitione, veritate et ideisvon 1684. Eine Diskussion erkenntnistheoretischer Grundprobleme mit Blick auf den Tractatus de intellectus emendat\u00edone des Baruch Spinoza<\/em>\u00bb, en Leinkauf (2010).<\/span><\/p>\n<\/blockquote>\n<p>&nbsp;<\/p>\n<figure id=\"attachment_11736\" aria-describedby=\"caption-attachment-11736\" style=\"width: 300px\" class=\"wp-caption aligncenter\"><img loading=\"lazy\" decoding=\"async\" class=\"wp-image-11736\" src=\"https:\/\/puntocritico.com\/ausajpuntocritico\/wp-content\/uploads\/2018\/05\/Leibniz_3-245x300.jpeg\" alt=\"\" width=\"300\" height=\"367\" srcset=\"https:\/\/puntocritico.com\/ausajpuntocritico\/wp-content\/uploads\/2018\/05\/Leibniz_3-245x300.jpeg 245w, https:\/\/puntocritico.com\/ausajpuntocritico\/wp-content\/uploads\/2018\/05\/Leibniz_3.jpeg 327w\" sizes=\"auto, (max-width: 300px) 100vw, 300px\" \/><figcaption id=\"caption-attachment-11736\" class=\"wp-caption-text\"><span style=\"color: #008000;\">Leibniz<\/span><\/figcaption><\/figure>\n<p style=\"text-align: center;\"><strong><span style=\"color: #008000; font-size: 18pt;\">*******<\/span><\/strong><\/p>\n<blockquote class=\"wp-embedded-content\" data-secret=\"O21PT81fwi\"><p><a href=\"https:\/\/puntocritico.com\/ausajpuntocritico\/2026\/08\/21\/leibniz-y-spinoza-ante-la-kabbalah-parte-1-2\/\">LEIBNIZ Y SPINOZA ANTE LA KABBALAH JUD\u00cdA: Confusiones y Verdades, por Lourdes Rensoli Laliga \u2013 PARTE 1<\/a><\/p><\/blockquote>\n<p><iframe loading=\"lazy\" class=\"wp-embedded-content\" sandbox=\"allow-scripts\" security=\"restricted\" style=\"position: absolute; visibility: hidden;\" title=\"\u00abLEIBNIZ Y SPINOZA ANTE LA KABBALAH JUD\u00cdA: Confusiones y Verdades, por Lourdes Rensoli Laliga \u2013 PARTE 1\u00bb \u2014 Punto Cr\u00edtico Derechos Humanos\" src=\"https:\/\/puntocritico.com\/ausajpuntocritico\/2026\/08\/21\/leibniz-y-spinoza-ante-la-kabbalah-parte-1-2\/embed\/#?secret=BGkei9LHVO#?secret=O21PT81fwi\" data-secret=\"O21PT81fwi\" width=\"500\" height=\"282\" frameborder=\"0\" marginwidth=\"0\" marginheight=\"0\" scrolling=\"no\"><\/iframe><\/p>\n<blockquote class=\"wp-embedded-content\" data-secret=\"BZCUsKj9gJ\"><p><a href=\"https:\/\/puntocritico.com\/ausajpuntocritico\/2026\/08\/28\/spinoza-y-la-kabbalah-rensolli-laliga-parte-2-2\/\">SPINOZA Y LA KABBALAH. \u00abLEIBNIZ Y SPINOZA ANTE LA KABBALAH JUD\u00cdA: Confusiones y Verdades\u00bb, por Lourdes Rensoli Laliga \u2013 PARTE 2<\/a><\/p><\/blockquote>\n<p><iframe loading=\"lazy\" class=\"wp-embedded-content\" sandbox=\"allow-scripts\" security=\"restricted\" style=\"position: absolute; visibility: hidden;\" title=\"\u00abSPINOZA Y LA KABBALAH. \u00abLEIBNIZ Y SPINOZA ANTE LA KABBALAH JUD\u00cdA: Confusiones y Verdades\u00bb, por Lourdes Rensoli Laliga \u2013 PARTE 2\u00bb \u2014 Punto Cr\u00edtico Derechos Humanos\" src=\"https:\/\/puntocritico.com\/ausajpuntocritico\/2026\/08\/28\/spinoza-y-la-kabbalah-rensolli-laliga-parte-2-2\/embed\/#?secret=jgQoPQjZVA#?secret=BZCUsKj9gJ\" data-secret=\"BZCUsKj9gJ\" width=\"500\" height=\"282\" frameborder=\"0\" marginwidth=\"0\" marginheight=\"0\" scrolling=\"no\"><\/iframe><\/p>\n<p>&nbsp;<\/p>\n<p>&nbsp;<\/p>\n<p>&nbsp;<\/p>\n<p><a href=\"https:\/\/puntocritico.com\/ausajpuntocritico\/\"><img loading=\"lazy\" decoding=\"async\" class=\"aligncenter wp-image-48\" src=\"https:\/\/puntocritico.com\/ausajpuntocritico\/wp-content\/uploads\/2016\/11\/Mosca_Punto_Cr\u00edtico_40.png\" alt=\"\" width=\"80\" height=\"80\" data-id=\"48\" \/><\/a><\/p>\n<p>&nbsp;<\/p>\n","protected":false},"excerpt":{"rendered":"<div class=\"mh-excerpt\"><p>LEIBNIZ Y LA KABBALAH LEIBNIZ Y SPINOZA ANTE LA KABBALAH JUD\u00cdA: Confusiones y Verdades, por Lourdes Rensoli Laliga \u2013 PARTE 1 SPINOZA Y LA KABBALAH. \u00abLEIBNIZ Y SPINOZA ANTE LA KABBALAH JUD\u00cdA: Confusiones y Verdades\u00bb, <a class=\"mh-excerpt-more\" href=\"https:\/\/puntocritico.com\/ausajpuntocritico\/2026\/09\/04\/leibniz-y-la-kabbalah-rensoli-laliga-y-parte-3\/\" title=\"LEIBNIZ Y LA KABBALAH. \u00abLEIBNIZ Y SPINOZA ANTE LA KABBALAH JUD\u00cdA: Confusiones y Verdades\u00bb, por Lourdes Rensoli Laliga \u2013 y PARTE 3 (final)\">[&#8230;]<\/a><\/p>\n<\/div>","protected":false},"author":3,"featured_media":2322456,"comment_status":"closed","ping_status":"closed","sticky":false,"template":"","format":"standard","meta":{"_acf_changed":false,"_exactmetrics_skip_tracking":false,"footnotes":""},"categories":[8],"tags":[92,43],"class_list":["post-2322429","post","type-post","status-publish","format-standard","has-post-thumbnail","category-filosofia","tag-leibniz","tag-spinoza"],"acf":[],"_links":{"self":[{"href":"https:\/\/puntocritico.com\/ausajpuntocritico\/wp-json\/wp\/v2\/posts\/2322429","targetHints":{"allow":["GET"]}}],"collection":[{"href":"https:\/\/puntocritico.com\/ausajpuntocritico\/wp-json\/wp\/v2\/posts"}],"about":[{"href":"https:\/\/puntocritico.com\/ausajpuntocritico\/wp-json\/wp\/v2\/types\/post"}],"author":[{"embeddable":true,"href":"https:\/\/puntocritico.com\/ausajpuntocritico\/wp-json\/wp\/v2\/users\/3"}],"replies":[{"embeddable":true,"href":"https:\/\/puntocritico.com\/ausajpuntocritico\/wp-json\/wp\/v2\/comments?post=2322429"}],"version-history":[{"count":16,"href":"https:\/\/puntocritico.com\/ausajpuntocritico\/wp-json\/wp\/v2\/posts\/2322429\/revisions"}],"predecessor-version":[{"id":2322817,"href":"https:\/\/puntocritico.com\/ausajpuntocritico\/wp-json\/wp\/v2\/posts\/2322429\/revisions\/2322817"}],"wp:featuredmedia":[{"embeddable":true,"href":"https:\/\/puntocritico.com\/ausajpuntocritico\/wp-json\/wp\/v2\/media\/2322456"}],"wp:attachment":[{"href":"https:\/\/puntocritico.com\/ausajpuntocritico\/wp-json\/wp\/v2\/media?parent=2322429"}],"wp:term":[{"taxonomy":"category","embeddable":true,"href":"https:\/\/puntocritico.com\/ausajpuntocritico\/wp-json\/wp\/v2\/categories?post=2322429"},{"taxonomy":"post_tag","embeddable":true,"href":"https:\/\/puntocritico.com\/ausajpuntocritico\/wp-json\/wp\/v2\/tags?post=2322429"}],"curies":[{"name":"wp","href":"https:\/\/api.w.org\/{rel}","templated":true}]}}