{"id":2322356,"date":"2026-08-31T00:05:28","date_gmt":"2026-08-30T22:05:28","guid":{"rendered":"https:\/\/puntocritico.com\/ausajpuntocritico\/?p=2322356"},"modified":"2026-08-30T13:24:38","modified_gmt":"2026-08-30T11:24:38","slug":"cronica-de-schmitt","status":"publish","type":"post","link":"https:\/\/puntocritico.com\/ausajpuntocritico\/2026\/08\/31\/cronica-de-schmitt\/","title":{"rendered":"CR\u00d3NICA DE SCHMITT: Biograf\u00eda de Carl Schmitt (1888-1985)"},"content":{"rendered":"<p style=\"text-align: justify;\"><span style=\"font-size: 14pt; color: #008000;\">CR\u00d3NICA DE SCHMITT<\/span><\/p>\n\n<p style=\"text-align: justify;\">\u00a0<\/p>\n<h2 style=\"text-align: center;\"><span style=\"font-size: 24pt;\">CR\u00d3NICA DE SCHMITT<\/span><\/h2>\n<p style=\"text-align: justify;\"><a href=\"https:\/\/www.carl-schmitt.de\/carl-schmitt\/schmitt-chronik\/\" target=\"_blank\" rel=\"noopener\"><span style=\"font-size: 14pt;\">CARL-SCHMITT-GESELLSCHAFT e.V.<\/span><\/a><\/p>\n<figure id=\"attachment_2322530\" aria-describedby=\"caption-attachment-2322530\" style=\"width: 440px\" class=\"wp-caption aligncenter\"><img loading=\"lazy\" decoding=\"async\" class=\"wp-image-2322530\" src=\"https:\/\/puntocritico.com\/ausajpuntocritico\/wp-content\/uploads\/2026\/08\/Louise-y-Johann-Schmitt-decada-de-1930-300x210.png\" alt=\"\" width=\"440\" height=\"308\" srcset=\"https:\/\/puntocritico.com\/ausajpuntocritico\/wp-content\/uploads\/2026\/08\/Louise-y-Johann-Schmitt-decada-de-1930-300x210.png 300w, https:\/\/puntocritico.com\/ausajpuntocritico\/wp-content\/uploads\/2026\/08\/Louise-y-Johann-Schmitt-decada-de-1930.png 686w\" sizes=\"auto, (max-width: 440px) 100vw, 440px\" \/><figcaption id=\"caption-attachment-2322530\" class=\"wp-caption-text\"><span style=\"color: #008000;\">Louise y Johann Schmitt, d\u00e9cada de 1930<\/span><\/figcaption><\/figure>\n<p>&nbsp;<\/p>\n<section class=\"elementor-section elementor-inner-section elementor-element elementor-element-21ceee7 elementor-section-content-top elementor-section-boxed elementor-section-height-default elementor-section-height-default\" data-id=\"21ceee7\" data-element_type=\"section\" data-e-type=\"section\">\n<div class=\"elementor-container elementor-column-gap-default\">\n<div class=\"elementor-column elementor-col-50 elementor-inner-column elementor-element elementor-element-18ad404d\" data-id=\"18ad404d\" data-element_type=\"column\" data-e-type=\"column\">\n<div class=\"elementor-widget-wrap elementor-element-populated\">\n<div class=\"elementor-element elementor-element-16dd5b14 elementor-widget elementor-widget-text-editor\" data-id=\"16dd5b14\" data-element_type=\"widget\" data-e-type=\"widget\" data-widget_type=\"text-editor.default\">\n<div class=\"elementor-widget-container\">\n<p style=\"text-align: justify;\"><span dir=\"auto\" style=\"font-size: 14pt;\"><strong>Carl Schmitt<\/strong> naci\u00f3 el 11 de julio de 1888 en <em>Plettenberg, Westfalia<\/em>. Su padre, <strong>Johann Schmitt<\/strong> (1853-1945), era originario de Bausendorf, en el valle del Alf, afluente izquierdo del Mosela. <\/span><\/p>\n<p style=\"text-align: justify;\"><span dir=\"auto\" style=\"font-size: 14pt;\">Inicialmente <strong>trabaj\u00f3 en el servicio postal, luego se incorpor\u00f3 al ferrocarril<\/strong> y se traslad\u00f3 a <em>Plettenberg<\/em> en 1876. All\u00ed renunci\u00f3 a su puesto en la administraci\u00f3n p\u00fablica y se convirti\u00f3 en empleado comercial de la empresa <strong><em>Graewe &amp; Kaiser<\/em><\/strong>. Se jubil\u00f3 en 1928 tras 50 a\u00f1os de servicio.<\/span><\/p>\n<p style=\"text-align: justify;\"><span dir=\"auto\" style=\"font-size: 14pt;\">La madre de <strong>Carl Schmitt<\/strong>, <strong>Louise Steinlein<\/strong> (1863-1943), era originaria de <em>Tr\u00e9veris<\/em>; sus antepasados \u200b\u200bproven\u00edan de la regi\u00f3n de Eifel. <strong>Carl Schmitt ten\u00eda tres hermanos<\/strong>: su hermana mayor, <strong>Auguste<\/strong> (1891-1992), su hermano <strong>Joseph<\/strong> (1893-1970) y su hermana menor, <strong>Anna Margarethe<\/strong> (1902-1954). <\/span><\/p>\n<p style=\"text-align: justify;\"><span dir=\"auto\" style=\"font-size: 14pt;\">Tambi\u00e9n ten\u00eda dos hermanastros del primer matrimonio de su padre. Su madre, <strong>Louise Schmitt<\/strong>, se hab\u00eda educado en un internado franc\u00e9s y ense\u00f1\u00f3 a sus hijos franc\u00e9s y a tocar el piano.<\/span><\/p>\n<p style=\"text-align: justify;\"><span dir=\"auto\" style=\"font-size: 14pt;\">Desde la Pascua de 1894, <strong>Carl Schmitt<\/strong> asisti\u00f3 a la <em>escuela primaria cat\u00f3lica de Plettenberg<\/em>. Seis a\u00f1os despu\u00e9s, por recomendaci\u00f3n del <em>pastor<\/em> <strong>Fischer<\/strong>, quien ya le hab\u00eda ense\u00f1ado lat\u00edn, pas\u00f3 al cuarto grado del <em>instituto p\u00fablico de Attendorn<\/em>, ciudad vecina del distrito electoral de <em>Colonia<\/em>, a unos 15 km de <em>Plettenberg<\/em>. <\/span><\/p>\n<p style=\"text-align: justify;\"><span dir=\"auto\" style=\"font-size: 14pt;\">El viaje en tren era engorroso y casi el doble de largo, por lo que el joven <strong>Schmitt<\/strong> sol\u00eda ir caminando los fines de semana y durante las vacaciones escolares.<\/span><\/p>\n<p>&nbsp;<\/p>\n<figure id=\"attachment_2322533\" aria-describedby=\"caption-attachment-2322533\" style=\"width: 240px\" class=\"wp-caption aligncenter\"><img loading=\"lazy\" decoding=\"async\" class=\"wp-image-2322533\" src=\"https:\/\/puntocritico.com\/ausajpuntocritico\/wp-content\/uploads\/2026\/08\/Carl-Schmitt-1917-202x300.jpg\" alt=\"\" width=\"240\" height=\"356\" srcset=\"https:\/\/puntocritico.com\/ausajpuntocritico\/wp-content\/uploads\/2026\/08\/Carl-Schmitt-1917-202x300.jpg 202w, https:\/\/puntocritico.com\/ausajpuntocritico\/wp-content\/uploads\/2026\/08\/Carl-Schmitt-1917.jpg 600w\" sizes=\"auto, (max-width: 240px) 100vw, 240px\" \/><figcaption id=\"caption-attachment-2322533\" class=\"wp-caption-text\"><span style=\"color: #008000;\">Carl Schmitt en 1917<\/span><\/figcaption><\/figure>\n<p>&nbsp;<\/p>\n<\/div>\n<\/div>\n<\/div>\n<\/div>\n<\/div>\n<\/section>\n<div class=\"elementor-widget-container\">\n<h3 style=\"text-align: center;\"><span dir=\"auto\" style=\"font-size: 18pt;\">Per\u00edodo de estudio<\/span><\/h3>\n<p style=\"text-align: justify;\"><span style=\"font-size: 14pt;\"><span dir=\"auto\">Tras graduarse en 1907, <strong>Schmitt<\/strong> dud\u00f3 entre estudiar filolog\u00eda y derecho, decant\u00e1ndose finalmente por este \u00faltimo e iniciando sus estudios en la <em>Universidad Friedrich Wilhelm<\/em> de <em>Berl\u00edn<\/em> durante el semestre de verano de ese mismo a\u00f1o. <\/span><\/span><\/p>\n<p style=\"text-align: justify;\"><span style=\"font-size: 14pt;\"><span dir=\"auto\">All\u00ed experiment\u00f3 un <em>Gran Prusiano<\/em> \u00ab<em>desthegelianizado<\/em>\u00bb con figuras <em>guillerminas<\/em> como <strong>Wilamowitz-Mo<\/strong><\/span><\/span><span style=\"font-size: 18.6667px;\"><strong>endorff<\/strong> y<strong> Josef Kohler<\/strong><\/span><span style=\"font-size: 14pt;\"><strong>ell<\/strong>.<\/span><\/p>\n<p style=\"text-align: justify;\"><span style=\"font-size: 14pt;\"><span dir=\"auto\">E<\/span><\/span><span style=\"font-size: 14pt;\"><span dir=\"auto\">n 1908 se traslad\u00f3 a <em>M\u00fanich<\/em> y en 1908\/09 a <em>Estrasburgo<\/em>, donde <strong>aprob\u00f3 su primer examen estatal en 1910 y se doctor\u00f3 ese mismo a\u00f1o con la tesis \u00ab<em>Sobre<\/em> <\/strong><\/span><strong><em><span dir=\"auto\">la culpa y los tipos de culpa: una investigaci\u00f3n terminol\u00f3gica\u00bb<\/span><\/em><\/strong><em><span dir=\"auto\">;<\/span><\/em><\/span><\/p>\n<blockquote>\n<p style=\"text-align: justify;\"><span style=\"color: #008000;\"><strong><span style=\"font-size: 14pt;\"><em><span dir=\"auto\">En ella, argument\u00f3 en contra de la postura moralista del individuo y defendi\u00f3 la postura jur\u00eddica de orientaci\u00f3n normativa hacia el derecho colectivo. <\/span><\/em><\/span><\/strong><\/span><\/p>\n<\/blockquote>\n<\/div>\n<div class=\"elementor-widget-container\">\n<p>&nbsp;<\/p>\n<figure id=\"attachment_2322507\" aria-describedby=\"caption-attachment-2322507\" style=\"width: 480px\" class=\"wp-caption aligncenter\"><img loading=\"lazy\" decoding=\"async\" class=\"wp-image-2322507\" src=\"https:\/\/puntocritico.com\/ausajpuntocritico\/wp-content\/uploads\/2026\/08\/Los-alumnos-del-dormitorio-II-A-frente-a-su-internado-en-Attendorn-durante-el-invierno-de-1902-3-En-el-centro-se-encuentra-Carl-Schmitt-300x193.jpg\" alt=\"\" width=\"480\" height=\"308\" srcset=\"https:\/\/puntocritico.com\/ausajpuntocritico\/wp-content\/uploads\/2026\/08\/Los-alumnos-del-dormitorio-II-A-frente-a-su-internado-en-Attendorn-durante-el-invierno-de-1902-3-En-el-centro-se-encuentra-Carl-Schmitt-300x193.jpg 300w, https:\/\/puntocritico.com\/ausajpuntocritico\/wp-content\/uploads\/2026\/08\/Los-alumnos-del-dormitorio-II-A-frente-a-su-internado-en-Attendorn-durante-el-invierno-de-1902-3-En-el-centro-se-encuentra-Carl-Schmitt-1024x657.jpg 1024w, https:\/\/puntocritico.com\/ausajpuntocritico\/wp-content\/uploads\/2026\/08\/Los-alumnos-del-dormitorio-II-A-frente-a-su-internado-en-Attendorn-durante-el-invierno-de-1902-3-En-el-centro-se-encuentra-Carl-Schmitt-768x493.jpg 768w, https:\/\/puntocritico.com\/ausajpuntocritico\/wp-content\/uploads\/2026\/08\/Los-alumnos-del-dormitorio-II-A-frente-a-su-internado-en-Attendorn-durante-el-invierno-de-1902-3-En-el-centro-se-encuentra-Carl-Schmitt.jpg 1145w\" sizes=\"auto, (max-width: 480px) 100vw, 480px\" \/><figcaption id=\"caption-attachment-2322507\" class=\"wp-caption-text\"><span style=\"color: #008000;\">Los alumnos del dormitorio II A frente a su internado en Attendorn durante el invierno de 1902\/3. En el centro se encuentra <strong>Carl Schmitt<\/strong>.<\/span><\/figcaption><\/figure>\n<p>&nbsp;<\/p>\n<p style=\"text-align: justify;\"><strong><span style=\"font-size: 14pt;\"><span dir=\"auto\">Schmitt <\/span><\/span><\/strong><span style=\"font-size: 14pt;\"><span dir=\"auto\">complet\u00f3 su periodo de pr\u00e1cticas jur\u00eddicas en el <\/span><\/span><strong><span style=\"font-size: 14pt;\"><span dir=\"auto\">Tribunal Regional Superior de D\u00fcsseldorf<\/span><\/span><\/strong><span style=\"font-size: 14pt;\"><span dir=\"auto\">; en febrero de 1915 aprob\u00f3 el segundo examen estatal.<\/span><\/span><\/p>\n<\/div>\n<div class=\"elementor-widget-container\">\n<p style=\"text-align: justify;\"><span style=\"font-size: 14pt;\"><span dir=\"auto\">Su libro <\/span><\/span><strong><span style=\"font-size: 14pt;\"><span dir=\"auto\">\u00ab<\/span><em><span dir=\"auto\">Derecho y juicio<\/span><\/em><span dir=\"auto\">:\u00a0<\/span><em><span dir=\"auto\">Una investigaci\u00f3n sobre el problema de la pr\u00e1ctica jur\u00eddica\u00bb<\/span><\/em><\/span><\/strong><span style=\"font-size: 14pt;\"><span dir=\"auto\">\u00a0se public\u00f3 en 1912.\u00a0<\/span><\/span><\/p>\n<\/div>\n<div class=\"elementor-widget-container\">\n<p style=\"text-align: justify;\"><span style=\"font-size: 14pt;\"><span dir=\"auto\"><strong>Tomando como ejemplo la toma de decisiones judiciales<\/strong>, <\/span><\/span><\/p>\n<blockquote>\n<p style=\"text-align: justify;\"><span style=\"color: #008000;\"><strong><span style=\"font-size: 14pt;\"><span dir=\"auto\">Schmitt enfatiz\u00f3 la relativa independencia de estas decisiones respecto a su fijaci\u00f3n por el texto de la ley.<\/span><\/span><\/strong><\/span><\/p>\n<\/blockquote>\n<\/div>\n<p>&nbsp;<\/p>\n<figure id=\"attachment_2322542\" aria-describedby=\"caption-attachment-2322542\" style=\"width: 306px\" class=\"wp-caption aligncenter\"><img loading=\"lazy\" decoding=\"async\" class=\"wp-image-2322542 size-mh-magazine-content\" src=\"https:\/\/puntocritico.com\/ausajpuntocritico\/wp-content\/uploads\/2026\/08\/Carl-Schmitt-estudiante-frente-a-la-piedra-de-Ibsen-306x381.png\" alt=\"\" width=\"306\" height=\"381\" \/><figcaption id=\"caption-attachment-2322542\" class=\"wp-caption-text\"><span style=\"color: #008000;\">Inspirado por los dramas de Ibsen, <strong>Schmitt<\/strong>, siendo a\u00fan estudiante, tall\u00f3 una gran \u00abI\u00bb en las rocas de pizarra del monte Saley, cerca de su ciudad natal. La fotograf\u00eda lo muestra frente a la llamada <em>Piedra de<\/em> <strong>Ibsen<\/strong>.<\/span><\/figcaption><\/figure>\n<p>&nbsp;<\/p>\n<div class=\"elementor-widget-container\">\n<p style=\"text-align: justify;\"><span style=\"font-size: 14pt;\"><span dir=\"auto\">Su tesis de habilitaci\u00f3n, <strong>*<\/strong><\/span><strong><em><span dir=\"auto\">El valor del Estado\u00a0<\/span><\/em><\/strong><em><span dir=\"auto\"><strong>y la importancia del individuo*<\/strong>,<\/span><\/em><span dir=\"auto\">\u00a0se public\u00f3 en 1914. <\/span><\/span><\/p>\n<p style=\"text-align: justify;\"><span style=\"font-size: 14pt;\"><span dir=\"auto\">Tambi\u00e9n public\u00f3 art\u00edculos breves en la revista cultural\u00a0<\/span><em><span dir=\"auto\">*Die Rheinlande* y rese\u00f1as del\u00a0<\/span><\/em><em><span dir=\"auto\">*Diccionario de filosof\u00eda<\/span><\/em><span dir=\"auto\">* de <strong>Mauthner\u00a0<\/strong>y de\u00a0<\/span><em><span dir=\"auto\">*Cr\u00edtica de los tiempos*<\/span><\/em><span dir=\"auto\"> de <strong>Walther Rathenau<\/strong>, con quien mantuvo correspondencia.<\/span><\/span><\/p>\n<p style=\"text-align: justify;\"><span dir=\"auto\" style=\"font-size: 14pt;\"><strong>Schmitt<\/strong> llev\u00f3 <strong>un diario a lo largo de su vida<\/strong>, escrito en taquigraf\u00eda Gabelsberger. Los registros comienzan en 1912 y <strong>documentan una vida ca\u00f3tica marcada por constantes dificultades econ\u00f3micas<\/strong>. <\/span><\/p>\n<p style=\"text-align: justify;\"><span dir=\"auto\" style=\"font-size: 14pt;\">Durante este tiempo, <strong>Schmitt<\/strong> conoci\u00f3 a <strong>Hugo am Zehnhoff<\/strong>, <em>notario de D\u00fcsseldorf<\/em> y posteriormente <em>ministro de Justicia prusiano<\/em>, y entabl\u00f3 amistad con el poeta <strong>Theodor D\u00e4ubler<\/strong>; ambos se convertir\u00edan en figuras influyentes en su vida. Antes de eso, Ibsen y Richard Wagner hab\u00edan sido sus \u00eddolos. <\/span><\/p>\n<p style=\"text-align: justify;\"><span dir=\"auto\" style=\"font-size: 14pt;\">Su relaci\u00f3n con la bailarina <strong>Pauline Marie Dorotic<\/strong>, quien adopt\u00f3 el nombre art\u00edstico de \u00ab<em><strong>Carita<\/strong><\/em>\u00bb y a quien <strong>Schmitt<\/strong> llamaba \u00ab<strong><em>Cari<\/em><\/strong>\u00ab, culmin\u00f3 en <strong>matrimonio en 1915<\/strong>. <\/span><\/p>\n<p style=\"text-align: justify;\"><span dir=\"auto\" style=\"font-size: 14pt;\">A\u00f1os despu\u00e9s, <strong>Schmitt<\/strong> se dio cuenta de que <strong>su esposa lo hab\u00eda enga\u00f1ado al afirmar tener ascendencia noble<\/strong>; este enga\u00f1o se convirti\u00f3 en un trauma duradero para \u00e9l. <\/span><\/p>\n<p style=\"text-align: justify;\"><span dir=\"auto\" style=\"font-size: 14pt;\">Su amigo universitario<strong> Fritz Eisler<\/strong>, con quien hab\u00eda escrito los textos sat\u00edricos de \u00ab<em><strong>Schattenrisse<\/strong><\/em>\u00bb (1913) durante su \u00e9poca como asesor, muri\u00f3 en combate el 12 de septiembre de 1914. Entabl\u00f3 una estrecha amistad con el hermano de <strong>Eisler<\/strong>, <strong>Georg<\/strong>.<\/span><\/p>\n<\/div>\n<p>&nbsp;<\/p>\n<figure id=\"attachment_2322536\" aria-describedby=\"caption-attachment-2322536\" style=\"width: 440px\" class=\"wp-caption aligncenter\"><img loading=\"lazy\" decoding=\"async\" class=\"wp-image-2322536\" src=\"https:\/\/puntocritico.com\/ausajpuntocritico\/wp-content\/uploads\/2026\/08\/Carl-Schmitt-durante-una-visita-de-los-padres-en-junio-de-1927-300x224.png\" alt=\"\" width=\"440\" height=\"328\" srcset=\"https:\/\/puntocritico.com\/ausajpuntocritico\/wp-content\/uploads\/2026\/08\/Carl-Schmitt-durante-una-visita-de-los-padres-en-junio-de-1927-300x224.png 300w, https:\/\/puntocritico.com\/ausajpuntocritico\/wp-content\/uploads\/2026\/08\/Carl-Schmitt-durante-una-visita-de-los-padres-en-junio-de-1927-80x60.png 80w, https:\/\/puntocritico.com\/ausajpuntocritico\/wp-content\/uploads\/2026\/08\/Carl-Schmitt-durante-una-visita-de-los-padres-en-junio-de-1927.png 746w\" sizes=\"auto, (max-width: 440px) 100vw, 440px\" \/><figcaption id=\"caption-attachment-2322536\" class=\"wp-caption-text\"><span style=\"color: #008000;\">La fotograf\u00eda fue tomada durante una visita de los padres en junio de 1927; la hermana de Schmitt, Anna, aparece de pie a la izquierda. Muestra la fachada ajardinada de la villa en Friesdorf, Bonner Allee 211, que hoy forma parte de la Fundaci\u00f3n Friedrich Ebert.<\/span><\/figcaption><\/figure>\n<p>&nbsp;<\/p>\n<div class=\"elementor-widget-container\">\n<section class=\"elementor-section elementor-inner-section elementor-element elementor-element-0876c29 elementor-section-content-top elementor-section-boxed elementor-section-height-default elementor-section-height-default\" data-id=\"0876c29\" data-element_type=\"section\" data-e-type=\"section\">\n<div class=\"elementor-container elementor-column-gap-default\">\n<div class=\"elementor-column elementor-col-50 elementor-inner-column elementor-element elementor-element-2a9d9d0\" data-id=\"2a9d9d0\" data-element_type=\"column\" data-e-type=\"column\">\n<div class=\"elementor-widget-wrap elementor-element-populated\">\n<div class=\"elementor-element elementor-element-d0e5e78 elementor-widget elementor-widget-text-editor\" data-id=\"d0e5e78\" data-element_type=\"widget\" data-e-type=\"widget\" data-widget_type=\"text-editor.default\">\n<div class=\"elementor-widget-container\">\n<h3 style=\"text-align: center;\"><span dir=\"auto\" style=\"font-size: 18pt;\">Servicio militar y carrera acad\u00e9mica<\/span><\/h3>\n<figure id=\"attachment_2322534\" aria-describedby=\"caption-attachment-2322534\" style=\"width: 280px\" class=\"wp-caption alignleft\"><img loading=\"lazy\" decoding=\"async\" class=\"wp-image-2322534\" src=\"https:\/\/puntocritico.com\/ausajpuntocritico\/wp-content\/uploads\/2026\/08\/Carl-Schmitt-noviembre-de-1926-189x300.jpg\" alt=\"\" width=\"280\" height=\"444\" srcset=\"https:\/\/puntocritico.com\/ausajpuntocritico\/wp-content\/uploads\/2026\/08\/Carl-Schmitt-noviembre-de-1926-189x300.jpg 189w, https:\/\/puntocritico.com\/ausajpuntocritico\/wp-content\/uploads\/2026\/08\/Carl-Schmitt-noviembre-de-1926-645x1024.jpg 645w, https:\/\/puntocritico.com\/ausajpuntocritico\/wp-content\/uploads\/2026\/08\/Carl-Schmitt-noviembre-de-1926-768x1219.jpg 768w, https:\/\/puntocritico.com\/ausajpuntocritico\/wp-content\/uploads\/2026\/08\/Carl-Schmitt-noviembre-de-1926-968x1536.jpg 968w, https:\/\/puntocritico.com\/ausajpuntocritico\/wp-content\/uploads\/2026\/08\/Carl-Schmitt-noviembre-de-1926-1290x2048.jpg 1290w, https:\/\/puntocritico.com\/ausajpuntocritico\/wp-content\/uploads\/2026\/08\/Carl-Schmitt-noviembre-de-1926-1320x2095.jpg 1320w, https:\/\/puntocritico.com\/ausajpuntocritico\/wp-content\/uploads\/2026\/08\/Carl-Schmitt-noviembre-de-1926.jpg 1613w\" sizes=\"auto, (max-width: 280px) 100vw, 280px\" \/><figcaption id=\"caption-attachment-2322534\" class=\"wp-caption-text\"><span style=\"color: #008000;\">Carl Schmitt, noviembre de 1926<\/span><\/figcaption><\/figure>\n<p style=\"text-align: justify;\"><span dir=\"auto\" style=\"font-size: 14pt;\">Desde febrero de 1915, <strong>Carl Schmitt<\/strong> se alist\u00f3 como <em>voluntario en el batall\u00f3n de reserva del Regimiento de Infanter\u00eda B\u00e1varo<\/em>, y desde marzo de 1915 en el <em>Mando General del I Cuerpo de Ej\u00e9rcito B\u00e1varo en M\u00fanich<\/em>. <\/span><\/p>\n<p style=\"text-align: justify;\"><span dir=\"auto\" style=\"font-size: 14pt;\">All\u00ed <strong>dirigi\u00f3 el Departamento P6,<\/strong> responsable de la vigilancia del movimiento pacifista, la confiscaci\u00f3n de material impreso y otros asuntos. <\/span><\/p>\n<p style=\"text-align: justify;\"><span dir=\"auto\" style=\"font-size: 14pt;\">El 1 de abril de 1919 fue trasladado a la oficina del comandante de la ciudad, y <strong>el 1 de julio de 1919 fue dado de baja del servicio militar<\/strong>.<\/span><\/p>\n<p style=\"text-align: justify;\"><span style=\"font-size: 14pt;\"><span dir=\"auto\"><strong>Schmitt<\/strong> recibi\u00f3 el apoyo del jurista penalista <strong>Fritz van Calker<\/strong>, especialmente durante su habilitaci\u00f3n en <em>Estrasburgo<\/em> en 1916. <\/span><\/span><\/p>\n<p style=\"text-align: justify;\"><span style=\"font-size: 14pt;\"><span dir=\"auto\">Ese mismo a\u00f1o, public\u00f3 un estudio sobre\u00a0<\/span><em><span dir=\"auto\">\u00abNordlicht\u00bb (Luces del Norte) de Theodor D\u00e4ubler: Tres estudios sobre los elementos, el esp\u00edritu y la relevancia de la obra.<\/span><\/em><span dir=\"auto\">\u00a0En ese momento, <strong>Schmitt<\/strong> resid\u00eda en <em>M\u00fanich<\/em>, pero tambi\u00e9n impart\u00eda clases en <em>Estrasburgo<\/em>. Esta situaci\u00f3n se interrumpi\u00f3 abruptamente con la guerra; <strong>Schmitt<\/strong> tuvo que volver a obtener la habilitaci\u00f3n en <em>M\u00fanich<\/em>. <\/span><\/span><\/p>\n<p style=\"text-align: justify;\"><span style=\"font-size: 14pt;\"><span dir=\"auto\">En el semestre de invierno de 1919\/20, fue profesor a tiempo completo en la <em>Escuela de Comercio de M\u00fanich<\/em>, con el apoyo de su rector, <strong>Moritz Julius Bonn.<\/strong> Una de sus clases vers\u00f3 sobre la\u00a0<\/span><em><span dir=\"auto\">historia de las ideas pol\u00edticas<\/span><\/em><span dir=\"auto\">. <strong>Schmitt<\/strong> tambi\u00e9n particip\u00f3 en el coloquio de dos semanas de<strong> Max Weber<\/strong> para profesores universitarios.<\/span><\/span><\/p>\n<\/div>\n<\/div>\n<\/div>\n<\/div>\n<\/div>\n<\/section>\n<section class=\"elementor-section elementor-inner-section elementor-element elementor-element-4de21af elementor-section-content-top elementor-section-boxed elementor-section-height-default elementor-section-height-default\" data-id=\"4de21af\" data-element_type=\"section\" data-e-type=\"section\">\n<div class=\"elementor-container elementor-column-gap-default\">\n<div class=\"elementor-column elementor-col-50 elementor-inner-column elementor-element elementor-element-7c82a46\" data-id=\"7c82a46\" data-element_type=\"column\" data-e-type=\"column\">\n<div class=\"elementor-widget-wrap elementor-element-populated\">\n<div class=\"elementor-element elementor-element-b853282 elementor-widget elementor-widget-image\" data-id=\"b853282\" data-element_type=\"widget\" data-e-type=\"widget\" data-widget_type=\"image.default\">\n<div class=\"elementor-widget-container\">\n<p style=\"text-align: justify;\"><span style=\"font-size: 14pt;\"><span dir=\"auto\">Sus primeras obras que atrajeron la atenci\u00f3n fueron\u00a0<\/span><strong><em><span dir=\"auto\">*El romanticismo pol\u00edtico<\/span><\/em><\/strong><span dir=\"auto\"><strong>\u00a0*<\/strong> (1919) y\u00a0<\/span><strong><em><span dir=\"auto\">*La dictadura<\/span><\/em><\/strong><span dir=\"auto\"><strong>\u00a0*<\/strong> (1921). <\/span><\/span><\/p>\n<p style=\"text-align: justify;\"><span style=\"font-size: 14pt;\"><span dir=\"auto\">En su monograf\u00eda\u00a0<\/span><em><span dir=\"auto\"><strong>*La dictadura: Desde los inicios de la idea moderna de soberan\u00eda hasta la lucha de clases proletaria*<\/strong>,<\/span><\/em><span dir=\"auto\">\u00a0estableci\u00f3 la distinci\u00f3n entre una <strong>dictadura \u00ab<em>comisaria<\/em>\u00bb<\/strong>, que busca restaurar el antiguo orden mediante poderes temporales, y una <strong>dictadura \u00ab<em>soberana<\/em>\u00bb<\/strong>, que denota un poder constituyente que invoca a Dios, la naci\u00f3n o el pueblo, pero sin estar sujeto a un orden constitucional.<\/span><\/span><\/p>\n<p style=\"text-align: justify;\"><span style=\"font-size: 14pt;\"><span dir=\"auto\">En\u00a0<\/span><strong><em><span dir=\"auto\">*El romanticismo pol\u00edtico*<\/span><\/em><\/strong><span dir=\"auto\">, <strong>critic\u00f3 el enfoque superficial y puramente est\u00e9tico de los rom\u00e1nticos burgueses<\/strong>, quienes, debido a su agitaci\u00f3n emocional, eran <strong>incapaces de tomar decisiones y, por lo tanto, reaccionaban de manera oportunista<\/strong>; <\/span><\/span><\/p>\n<blockquote>\n<p style=\"text-align: justify;\"><span style=\"color: #008000;\"><strong><span style=\"font-size: 14pt;\"><span dir=\"auto\">Schmitt ilustr\u00f3 este punto principalmente con el te\u00f3rico pol\u00edtico Adam M\u00fcller, describiendo esta actitud como ocasionalismo subjetivo.<\/span><\/span><\/strong><\/span><\/p>\n<\/blockquote>\n<p>&nbsp;<\/p>\n<\/div>\n<\/div>\n<\/div>\n<\/div>\n<\/div>\n<\/section>\n<\/div>\n<figure id=\"attachment_2322537\" aria-describedby=\"caption-attachment-2322537\" style=\"width: 360px\" class=\"wp-caption aligncenter\"><img loading=\"lazy\" decoding=\"async\" class=\"wp-image-2322537\" src=\"https:\/\/puntocritico.com\/ausajpuntocritico\/wp-content\/uploads\/2026\/08\/Carl-Schmitt-Retrato-de-la-decada-de-1920-300x225.jpg\" alt=\"\" width=\"360\" height=\"270\" srcset=\"https:\/\/puntocritico.com\/ausajpuntocritico\/wp-content\/uploads\/2026\/08\/Carl-Schmitt-Retrato-de-la-decada-de-1920-300x225.jpg 300w, https:\/\/puntocritico.com\/ausajpuntocritico\/wp-content\/uploads\/2026\/08\/Carl-Schmitt-Retrato-de-la-decada-de-1920-768x576.jpg 768w, https:\/\/puntocritico.com\/ausajpuntocritico\/wp-content\/uploads\/2026\/08\/Carl-Schmitt-Retrato-de-la-decada-de-1920-678x509.jpg 678w, https:\/\/puntocritico.com\/ausajpuntocritico\/wp-content\/uploads\/2026\/08\/Carl-Schmitt-Retrato-de-la-decada-de-1920-326x245.jpg 326w, https:\/\/puntocritico.com\/ausajpuntocritico\/wp-content\/uploads\/2026\/08\/Carl-Schmitt-Retrato-de-la-decada-de-1920-80x60.jpg 80w, https:\/\/puntocritico.com\/ausajpuntocritico\/wp-content\/uploads\/2026\/08\/Carl-Schmitt-Retrato-de-la-decada-de-1920.jpg 800w\" sizes=\"auto, (max-width: 360px) 100vw, 360px\" \/><figcaption id=\"caption-attachment-2322537\" class=\"wp-caption-text\"><span style=\"color: #008000;\">Retrato de la d\u00e9cada de 1920<\/span><\/figcaption><\/figure>\n<p>&nbsp;<\/p>\n<div class=\"elementor-widget-container\">\n<section class=\"elementor-section elementor-inner-section elementor-element elementor-element-4de21af elementor-section-content-top elementor-section-boxed elementor-section-height-default elementor-section-height-default\" data-id=\"4de21af\" data-element_type=\"section\" data-e-type=\"section\">\n<div class=\"elementor-container elementor-column-gap-default\">\n<div class=\"elementor-column elementor-col-50 elementor-inner-column elementor-element elementor-element-7c82a46\" data-id=\"7c82a46\" data-element_type=\"column\" data-e-type=\"column\">\n<div class=\"elementor-widget-wrap elementor-element-populated\">\n<div class=\"elementor-element elementor-element-b853282 elementor-widget elementor-widget-image\" data-id=\"b853282\" data-element_type=\"widget\" data-e-type=\"widget\" data-widget_type=\"image.default\">\n<div class=\"elementor-widget-container\">\n<p style=\"text-align: justify;\"><span style=\"font-size: 14pt;\"><span dir=\"auto\">En M\u00fanich, <strong>Schmitt<\/strong> conoci\u00f3 al escritor y editor de revistas <strong>Franz Blei<\/strong>, en cuya revista \u00ab<em><strong>Summa<\/strong><\/em>\u00bb (4 vol\u00famenes, 1917-1918) public\u00f3 tres art\u00edculos importantes, entre ellos la s\u00e1tira sobre los diaristas \u00ab<\/span><em><span dir=\"auto\">Die Buribunken. Ein geschichtsphilosophischer Versuch\u00bb (Los Buribunken: Un ensayo filos\u00f3fico sobre la historia).<\/span><\/em><\/span><\/p>\n<p style=\"text-align: justify;\"><span style=\"font-size: 14pt;\"><span dir=\"auto\">Su c\u00edrculo de conocidos tambi\u00e9n inclu\u00eda a la escritora <strong>Alice Berend<\/strong>, al pintor <strong>Richard Seewald<\/strong>, al artista<strong> Albert Paris G\u00fctersloh<\/strong>, al editor <strong>Jakob Hegner<\/strong> y al <em>editor de <\/em><em>Kierkegaard<\/em>, <strong>Theodor Haecker<\/strong>.<\/span><\/span><\/p>\n<p style=\"text-align: justify;\"><span style=\"font-size: 14pt;\"><span dir=\"auto\">En el semestre de invierno de 1920\/21, <strong>Schmitt<\/strong> fue nombrado <em>catedr\u00e1tico titular en la Universidad de Greifswald<\/em>, y a partir del semestre de verano de 1922, sucedi\u00f3 a <strong>Rudolf Smend<\/strong> como <em>catedr\u00e1tico de Derecho P\u00fablico en Bonn<\/em>. Junto con su colega <strong>Erich Kaufmann<\/strong>, dirigi\u00f3 el \u00ab<em>Seminario de Pol\u00edtica Cient\u00edfica<\/em>\u00ab, entendiendo as\u00ed su campo desde una perspectiva decididamente pol\u00edtica.<\/span><\/span><\/p>\n<p style=\"text-align: justify;\"><span style=\"font-size: 14pt;\"><span dir=\"auto\">Para entonces, su matrimonio ya estaba roto. <strong>Schmitt<\/strong> tuvo varias amantes, entre ellas la irlandesa <strong>Kathleen Murray<\/strong>, a cuya tesis doctoral, *<\/span><em><span dir=\"auto\">Taine y el romanticismo ingl\u00e9s*<\/span><\/em><span dir=\"auto\">, contribuy\u00f3 significativamente, y a cuyo director de tesis, <strong>Ernst <\/strong><strong>Robert Curtius<\/strong>, intercedi\u00f3 por ella. <\/span><\/span><\/p>\n<p style=\"text-align: justify;\"><span style=\"font-size: 14pt;\"><span dir=\"auto\">En 1923, <strong>Schmitt<\/strong> conoci\u00f3 a la estudiante <strong>Duska Todorovic<\/strong>, perteneciente a la <em>minor\u00eda serbia en Croacia,<\/em> y se cas\u00f3 con ella en 1926, despu\u00e9s de que su primer matrimonio fuera disuelto por lo civil en 1924; sus intentos de obtener la anulaci\u00f3n por derecho can\u00f3nico tambi\u00e9n fracasaron en primera y segunda instancia.<\/span><\/span><\/p>\n<\/div>\n<\/div>\n<\/div>\n<\/div>\n<\/div>\n<\/section>\n<\/div>\n<p>&nbsp;<\/p>\n<figure id=\"attachment_2322535\" aria-describedby=\"caption-attachment-2322535\" style=\"width: 260px\" class=\"wp-caption aligncenter\"><img loading=\"lazy\" decoding=\"async\" class=\"wp-image-2322535\" src=\"https:\/\/puntocritico.com\/ausajpuntocritico\/wp-content\/uploads\/2026\/08\/Carl-Schmitt-con-Duska-Todorovic-227x300.jpg\" alt=\"\" width=\"260\" height=\"344\" srcset=\"https:\/\/puntocritico.com\/ausajpuntocritico\/wp-content\/uploads\/2026\/08\/Carl-Schmitt-con-Duska-Todorovic-227x300.jpg 227w, https:\/\/puntocritico.com\/ausajpuntocritico\/wp-content\/uploads\/2026\/08\/Carl-Schmitt-con-Duska-Todorovic.jpg 300w\" sizes=\"auto, (max-width: 260px) 100vw, 260px\" \/><figcaption id=\"caption-attachment-2322535\" class=\"wp-caption-text\"><span style=\"color: #008000;\">Carl Schmitt con Duska Todorovic<\/span><\/figcaption><\/figure>\n<p>&nbsp;<\/p>\n<div class=\"elementor-widget-container\">\n<section class=\"elementor-section elementor-inner-section elementor-element elementor-element-4de21af elementor-section-content-top elementor-section-boxed elementor-section-height-default elementor-section-height-default\" data-id=\"4de21af\" data-element_type=\"section\" data-e-type=\"section\">\n<div class=\"elementor-container elementor-column-gap-default\">\n<div class=\"elementor-column elementor-col-50 elementor-inner-column elementor-element elementor-element-7c82a46\" data-id=\"7c82a46\" data-element_type=\"column\" data-e-type=\"column\">\n<div class=\"elementor-widget-wrap elementor-element-populated\">\n<div class=\"elementor-element elementor-element-b853282 elementor-widget elementor-widget-image\" data-id=\"b853282\" data-element_type=\"widget\" data-e-type=\"widget\" data-widget_type=\"image.default\">\n<div class=\"elementor-widget-container\">\n<h3 style=\"text-align: center;\"><span dir=\"auto\" style=\"font-size: 18pt;\">La era de Bonn \u2013 Las obras est\u00e1ndar<\/span><\/h3>\n<p style=\"text-align: justify;\"><span style=\"font-size: 14pt;\"><span dir=\"auto\">En el a\u00f1o en que se traslad\u00f3 a <em>Bonn<\/em>, <strong>Schmitt<\/strong> public\u00f3 una de sus obras m\u00e1s influyentes,\u00a0<\/span><strong><span dir=\"auto\">*Teolog\u00eda Pol\u00edtica*<\/span><\/strong><span dir=\"auto\">, cuya frase inicial, \u00ab<em><strong>Soberano es quien decide sobre el estado de excepci\u00f3n<\/strong><\/em>\u00bb, se ha convertido en un proverbio.<\/span><\/span><\/p>\n<p style=\"text-align: justify;\"><span style=\"font-size: 14pt;\"><span dir=\"auto\"> En ella formul\u00f3 los <strong>fundamentos de una teor\u00eda jur\u00eddica \u00ab<em>decisionista<\/em>\u00bb<\/strong>, <\/span><\/span><\/p>\n<blockquote>\n<p style=\"text-align: justify;\"><strong><span style=\"font-size: 14pt; color: #008000;\"><span dir=\"auto\">seg\u00fan la cual \u00ab<em>la decisi\u00f3n soberana, normativamente hablando, nace de la nada<\/em>\u00bb.<\/span><\/span><\/strong><\/p>\n<\/blockquote>\n<p>&nbsp;<\/p>\n<p style=\"text-align: justify;\"><span style=\"font-size: 14pt;\"><span dir=\"auto\">En el <strong>debate sobre la relaci\u00f3n entre el catolicismo y la modernidad<\/strong>, <strong>Schmitt<\/strong> <strong>se posicion\u00f3 en su ensayo <em>*<\/em><\/strong><\/span><strong><em><span dir=\"auto\"><em>Catolicismo Romano y Forma Pol\u00edtica<\/em>*<\/span><\/em><\/strong><span dir=\"auto\"><strong>\u00a0(1923)<\/strong>, <\/span><\/span><\/p>\n<blockquote>\n<p style=\"text-align: justify;\"><strong><span style=\"font-size: 14pt; color: #008000;\"><span dir=\"auto\">en el que enfatiz\u00f3 la continuidad hist\u00f3rica de la <em>Iglesia Cat\u00f3lica<\/em> y su forma jur\u00eddica de racionalismo personal, que consideraba opuesta al pensamiento econ\u00f3mico impersonal de la modernidad.<\/span><\/span><\/strong><\/p>\n<\/blockquote>\n<\/div>\n<\/div>\n<\/div>\n<\/div>\n<\/div>\n<\/section>\n<\/div>\n<p>&nbsp;<\/p>\n<figure id=\"attachment_2322539\" aria-describedby=\"caption-attachment-2322539\" style=\"width: 300px\" class=\"wp-caption aligncenter\"><img loading=\"lazy\" decoding=\"async\" class=\"wp-image-2322539\" src=\"https:\/\/puntocritico.com\/ausajpuntocritico\/wp-content\/uploads\/2026\/08\/Reportaje-sobre-Carl-Schmitt-y-su-conferencia-sobre-Donoso-Cortes-en-Madrid-ABC-24-de-octubre-de-1929-222x300.jpg\" alt=\"\" width=\"300\" height=\"405\" srcset=\"https:\/\/puntocritico.com\/ausajpuntocritico\/wp-content\/uploads\/2026\/08\/Reportaje-sobre-Carl-Schmitt-y-su-conferencia-sobre-Donoso-Cortes-en-Madrid-ABC-24-de-octubre-de-1929-222x300.jpg 222w, https:\/\/puntocritico.com\/ausajpuntocritico\/wp-content\/uploads\/2026\/08\/Reportaje-sobre-Carl-Schmitt-y-su-conferencia-sobre-Donoso-Cortes-en-Madrid-ABC-24-de-octubre-de-1929-758x1024.jpg 758w, https:\/\/puntocritico.com\/ausajpuntocritico\/wp-content\/uploads\/2026\/08\/Reportaje-sobre-Carl-Schmitt-y-su-conferencia-sobre-Donoso-Cortes-en-Madrid-ABC-24-de-octubre-de-1929-768x1037.jpg 768w, https:\/\/puntocritico.com\/ausajpuntocritico\/wp-content\/uploads\/2026\/08\/Reportaje-sobre-Carl-Schmitt-y-su-conferencia-sobre-Donoso-Cortes-en-Madrid-ABC-24-de-octubre-de-1929-1138x1536.jpg 1138w, https:\/\/puntocritico.com\/ausajpuntocritico\/wp-content\/uploads\/2026\/08\/Reportaje-sobre-Carl-Schmitt-y-su-conferencia-sobre-Donoso-Cortes-en-Madrid-ABC-24-de-octubre-de-1929-1517x2048.jpg 1517w, https:\/\/puntocritico.com\/ausajpuntocritico\/wp-content\/uploads\/2026\/08\/Reportaje-sobre-Carl-Schmitt-y-su-conferencia-sobre-Donoso-Cortes-en-Madrid-ABC-24-de-octubre-de-1929-1320x1782.jpg 1320w, https:\/\/puntocritico.com\/ausajpuntocritico\/wp-content\/uploads\/2026\/08\/Reportaje-sobre-Carl-Schmitt-y-su-conferencia-sobre-Donoso-Cortes-en-Madrid-ABC-24-de-octubre-de-1929.jpg 1896w\" sizes=\"auto, (max-width: 300px) 100vw, 300px\" \/><figcaption id=\"caption-attachment-2322539\" class=\"wp-caption-text\"><span style=\"color: #008000;\">Reportaje sobre <strong>Carl Schmitt<\/strong> y su conferencia sobre <strong>Donoso Cort\u00e9s<\/strong> en Madrid. ABC, 24 de octubre de 1929.<\/span><\/figcaption><\/figure>\n<p>&nbsp;<\/p>\n<div class=\"elementor-widget-container\">\n<section class=\"elementor-section elementor-inner-section elementor-element elementor-element-4de21af elementor-section-content-top elementor-section-boxed elementor-section-height-default elementor-section-height-default\" data-id=\"4de21af\" data-element_type=\"section\" data-e-type=\"section\">\n<div class=\"elementor-container elementor-column-gap-default\">\n<div class=\"elementor-column elementor-col-50 elementor-inner-column elementor-element elementor-element-7c82a46\" data-id=\"7c82a46\" data-element_type=\"column\" data-e-type=\"column\">\n<div class=\"elementor-widget-wrap elementor-element-populated\">\n<div class=\"elementor-element elementor-element-b853282 elementor-widget elementor-widget-image\" data-id=\"b853282\" data-element_type=\"widget\" data-e-type=\"widget\" data-widget_type=\"image.default\">\n<div class=\"elementor-widget-container\">\n<p style=\"text-align: justify;\"><span style=\"font-size: 14pt;\"><span dir=\"auto\">Al mismo tiempo, <strong>este ensayo tambi\u00e9n puede interpretarse como un di\u00e1logo con el concepto de <em>carisma<\/em><\/strong> de <strong>Max Weber<\/strong>, <\/span><\/span><\/p>\n<blockquote>\n<p style=\"text-align: justify;\"><span style=\"color: #008000;\"><strong><span style=\"font-size: 14pt;\"><span dir=\"auto\">al que Schmitt contrapuso representaci\u00f3n, forma y autoridad espiritual en la lucha pol\u00edtica.<\/span><\/span><\/strong><\/span><\/p>\n<\/blockquote>\n<p>&nbsp;<\/p>\n<p style=\"text-align: justify;\"><span style=\"font-size: 14pt;\"><strong><span dir=\"auto\">Con estos escritos y su obra posterior, <em>*<\/em><\/span><em><span dir=\"auto\">Historia intelectual del parlamentarismo contempor\u00e1neo<\/span><\/em><\/strong><span dir=\"auto\"><strong><em>*<\/em> (1923)<\/strong>, <\/span><\/span><\/p>\n<blockquote>\n<p style=\"text-align: justify;\"><span style=\"color: #008000;\"><strong><span style=\"font-size: 14pt;\"><span dir=\"auto\">en la que criticaba el concepto liberal de parlamentarismo basado en la creencia en la verdad y la correcci\u00f3n a trav\u00e9s del debate p\u00fablico en el parlamento, Schmitt se hizo cada vez m\u00e1s conocido entre el p\u00fablico.<\/span><\/span><\/strong><\/span><\/p>\n<\/blockquote>\n<p>&nbsp;<\/p>\n<p style=\"text-align: justify;\"><span style=\"font-size: 14pt;\"><span dir=\"auto\">En <em>Bonn<\/em>, en la margen izquierda del <em>Rin<\/em>, <strong>experiment\u00f3 las consecuencias del<em> Tratado de Versalles<\/em> a trav\u00e9s de los controles impuestos por las fuerzas de ocupaci\u00f3n francesas<\/strong> tras la llamada <strong><em>Ruhrkampf\u00a0 <\/em><\/strong>(<em>Lucha del Ruhr<\/em>). <\/span><\/span><\/p>\n<p style=\"text-align: justify;\"><span style=\"font-size: 14pt;\"><span dir=\"auto\">Formul\u00f3 por primera vez su cr\u00edtica al tratado y a la <em><strong>Sociedad de Naciones<\/strong><\/em> en <em>Ginebra<\/em> en su ensayo <strong>*<\/strong><\/span><strong><em><span dir=\"auto\">La cuesti\u00f3n central de la Sociedad de Naciones*<\/span><\/em><\/strong><span dir=\"auto\"> y en la conferencia <strong>*<\/strong><\/span><strong><em><span dir=\"auto\">Renania como objeto de la pol\u00edtica internacional<\/span><\/em><\/strong><span dir=\"auto\"><strong>*<\/strong>, que pronunci\u00f3 en 1925 en la \u00ab<em><strong>Celebraci\u00f3n del Milenio<\/strong><\/em>\u00bb del <strong><em>Partido del Centro<\/em><\/strong> en <em>Colonia<\/em>, tras establecer contactos con el partido.<\/span><\/span><\/p>\n<\/div>\n<\/div>\n<\/div>\n<\/div>\n<\/div>\n<\/section>\n<\/div>\n<p>&nbsp;<\/p>\n<p><a href=\"https:\/\/puntocritico.com\/ausajpuntocritico\/2020\/10\/02\/maldito-spinoza-el-ataque-de-carl-schmitt-al-tratado-teologico-politico-de-baruch-de-spinoza-parte-1\/\" target=\"_blank\" rel=\"noopener\"><img loading=\"lazy\" decoding=\"async\" class=\"aligncenter wp-image-17367\" src=\"https:\/\/puntocritico.com\/ausajpuntocritico\/wp-content\/uploads\/2019\/03\/Carl-Schmitt_1-300x199.jpg\" alt=\"Carl Schmitt\" width=\"400\" height=\"266\" srcset=\"https:\/\/puntocritico.com\/ausajpuntocritico\/wp-content\/uploads\/2019\/03\/Carl-Schmitt_1-300x199.jpg 300w, https:\/\/puntocritico.com\/ausajpuntocritico\/wp-content\/uploads\/2019\/03\/Carl-Schmitt_1-678x452.jpg 678w, https:\/\/puntocritico.com\/ausajpuntocritico\/wp-content\/uploads\/2019\/03\/Carl-Schmitt_1.jpg 680w\" sizes=\"auto, (max-width: 400px) 100vw, 400px\" \/><\/a><\/p>\n<p>&nbsp;<\/p>\n<div class=\"elementor-widget-container\">\n<section class=\"elementor-section elementor-inner-section elementor-element elementor-element-4de21af elementor-section-content-top elementor-section-boxed elementor-section-height-default elementor-section-height-default\" data-id=\"4de21af\" data-element_type=\"section\" data-e-type=\"section\">\n<div class=\"elementor-container elementor-column-gap-default\">\n<div class=\"elementor-column elementor-col-50 elementor-inner-column elementor-element elementor-element-7c82a46\" data-id=\"7c82a46\" data-element_type=\"column\" data-e-type=\"column\">\n<div class=\"elementor-widget-wrap elementor-element-populated\">\n<div class=\"elementor-element elementor-element-b853282 elementor-widget elementor-widget-image\" data-id=\"b853282\" data-element_type=\"widget\" data-e-type=\"widget\" data-widget_type=\"image.default\">\n<div class=\"elementor-widget-container\">\n<section class=\"elementor-section elementor-inner-section elementor-element elementor-element-e8d0739 elementor-section-content-top elementor-section-boxed elementor-section-height-default elementor-section-height-default\" data-id=\"e8d0739\" data-element_type=\"section\" data-e-type=\"section\">\n<div class=\"elementor-container elementor-column-gap-default\">\n<div class=\"elementor-column elementor-col-50 elementor-inner-column elementor-element elementor-element-4323442\" data-id=\"4323442\" data-element_type=\"column\" data-e-type=\"column\">\n<div class=\"elementor-widget-wrap elementor-element-populated\">\n<div class=\"elementor-element elementor-element-3580af8 elementor-widget elementor-widget-text-editor\" data-id=\"3580af8\" data-element_type=\"widget\" data-e-type=\"widget\" data-widget_type=\"text-editor.default\">\n<div class=\"elementor-widget-container\">\n<p style=\"text-align: justify;\"><span style=\"font-size: 14pt;\"><span dir=\"auto\"><strong>Schmitt<\/strong> era una <strong>figura destacada en la universidad,<\/strong> a cuyas clases asist\u00edan estudiantes, as\u00ed como algunos colegas y ciudadanos de <em>Bonn<\/em>. <\/span><\/span><\/p>\n<p style=\"text-align: justify;\"><span style=\"font-size: 14pt;\"><span dir=\"auto\"><strong>Su seminario<\/strong> <strong>atrajo a un grupo de estudiantes del que surgieron juristas prominentes<\/strong>, <\/span><\/span><\/p>\n<blockquote>\n<p style=\"text-align: justify;\"><span style=\"color: #008000;\"><strong><span style=\"font-size: 14pt;\"><span dir=\"auto\">como Ernst Forsthoff, Werner Weber, Ernst Rudolf Huber, Werner Becker, Ernst Friesenhahn, Otto Kirchheimer y, posteriormente, Franz Neumann.<\/span><\/span><\/strong><\/span><\/p>\n<\/blockquote>\n<p>&nbsp;<\/p>\n<p style=\"text-align: justify;\"><span style=\"font-size: 14pt;\"><span dir=\"auto\"><strong>Schmitt<\/strong> mantuvo estrechos lazos con el <em>te\u00f3logo<\/em> <strong>Erik Peterson<\/strong>, quien fue su padrino de boda en su segundo matrimonio, con su amigo \u00edntimo de toda la vida, <strong>Heinrich Oberheid<\/strong>, y con el dif\u00edcil publicista <strong>Waldemar Gurian<\/strong>, a quien culpaba de la ruptura de su amistad con <strong>Hugo Ball<\/strong>. <\/span><\/span><\/p>\n<p style=\"text-align: justify;\"><span style=\"font-size: 14pt;\"><span dir=\"auto\">Uno de los resultados m\u00e1s importantes de los debates del seminario fue su obra<strong> *El\u00a0<\/strong><\/span><strong><em><span dir=\"auto\">concepto de lo pol\u00edtico*<\/span><\/em><\/strong><span dir=\"auto\">, cuya primera edici\u00f3n apareci\u00f3 en 1927, seguida poco despu\u00e9s por otras. <\/span><\/span><\/p>\n<p style=\"text-align: justify;\"><span style=\"font-size: 14pt;\"><span dir=\"auto\"><strong>Su frase inicial (<em>\u00abEl concepto de Estado presupone el concepto de lo pol\u00edtico\u00bb<\/em>)<\/strong> <\/span><\/span><\/p>\n<blockquote>\n<p style=\"text-align: justify;\"><strong><span style=\"font-size: 14pt; color: #008000;\"><span dir=\"auto\">dej\u00f3 obsoleto el debate previo sobre derecho constitucional.<\/span><\/span><\/strong><\/p>\n<\/blockquote>\n<p>&nbsp;<\/p>\n<p style=\"text-align: justify;\"><span style=\"font-size: 14pt;\"><span dir=\"auto\"><strong>A\u00fan m\u00e1s famosa y controvertida fue la afirmaci\u00f3n central<\/strong>: <\/span><\/span><\/p>\n<blockquote>\n<p style=\"text-align: justify;\"><span style=\"color: #008000;\"><em><strong><span style=\"font-size: 14pt;\"><span dir=\"auto\">\u00ab<\/span><\/span><\/strong><strong><span style=\"font-size: 14pt;\"><span dir=\"auto\">La distinci\u00f3n espec\u00edficamente pol\u00edtica a la que se pueden atribuir las acciones y los motivos pol\u00edticos es la distinci\u00f3n entre amigo y enemigo<\/span><\/span><\/strong><strong><span style=\"font-size: 14pt;\"><span dir=\"auto\">\u00bb.<\/span><\/span><\/strong><\/em><\/span><\/p>\n<\/blockquote>\n<\/div>\n<\/div>\n<\/div>\n<\/div>\n<\/div>\n<\/section>\n<\/div>\n<\/div>\n<\/div>\n<\/div>\n<\/div>\n<\/section>\n<\/div>\n<p>&nbsp;<\/p>\n<p><img loading=\"lazy\" decoding=\"async\" class=\"aligncenter wp-image-2322662\" src=\"https:\/\/puntocritico.com\/ausajpuntocritico\/wp-content\/uploads\/2026\/08\/amigo-enemigo-carl-schmitt-paloma-300x292.png\" alt=\"\" width=\"360\" height=\"351\" srcset=\"https:\/\/puntocritico.com\/ausajpuntocritico\/wp-content\/uploads\/2026\/08\/amigo-enemigo-carl-schmitt-paloma-300x292.png 300w, https:\/\/puntocritico.com\/ausajpuntocritico\/wp-content\/uploads\/2026\/08\/amigo-enemigo-carl-schmitt-paloma.png 432w\" sizes=\"auto, (max-width: 360px) 100vw, 360px\" \/><\/p>\n<p>&nbsp;<\/p>\n<div class=\"elementor-widget-container\">\n<section class=\"elementor-section elementor-inner-section elementor-element elementor-element-4de21af elementor-section-content-top elementor-section-boxed elementor-section-height-default elementor-section-height-default\" data-id=\"4de21af\" data-element_type=\"section\" data-e-type=\"section\">\n<div class=\"elementor-container elementor-column-gap-default\">\n<div class=\"elementor-column elementor-col-50 elementor-inner-column elementor-element elementor-element-7c82a46\" data-id=\"7c82a46\" data-element_type=\"column\" data-e-type=\"column\">\n<div class=\"elementor-widget-wrap elementor-element-populated\">\n<div class=\"elementor-element elementor-element-b853282 elementor-widget elementor-widget-image\" data-id=\"b853282\" data-element_type=\"widget\" data-e-type=\"widget\" data-widget_type=\"image.default\">\n<div class=\"elementor-widget-container\">\n<section class=\"elementor-section elementor-inner-section elementor-element elementor-element-e8d0739 elementor-section-content-top elementor-section-boxed elementor-section-height-default elementor-section-height-default\" data-id=\"e8d0739\" data-element_type=\"section\" data-e-type=\"section\">\n<div class=\"elementor-container elementor-column-gap-default\">\n<div class=\"elementor-column elementor-col-50 elementor-inner-column elementor-element elementor-element-4323442\" data-id=\"4323442\" data-element_type=\"column\" data-e-type=\"column\">\n<div class=\"elementor-widget-wrap elementor-element-populated\">\n<div class=\"elementor-element elementor-element-3580af8 elementor-widget elementor-widget-text-editor\" data-id=\"3580af8\" data-element_type=\"widget\" data-e-type=\"widget\" data-widget_type=\"text-editor.default\">\n<div class=\"elementor-widget-container\">\n<p style=\"text-align: justify;\"><span style=\"font-size: 14pt;\"><span dir=\"auto\"> Hasta su avanzada edad, <strong>Schmitt<\/strong> hizo hincapi\u00e9 en que <strong>esta distinci\u00f3n, como criterio de lo pol\u00edtico, ten\u00eda su origen all\u00ed<\/strong>.<\/span><\/span><\/p>\n<\/div>\n<\/div>\n<\/div>\n<\/div>\n<\/div>\n<\/section>\n<section class=\"elementor-section elementor-inner-section elementor-element elementor-element-a527363 elementor-section-content-top elementor-section-boxed elementor-section-height-default elementor-section-height-default\" data-id=\"a527363\" data-element_type=\"section\" data-e-type=\"section\">\n<div class=\"elementor-container elementor-column-gap-default\">\n<div class=\"elementor-column elementor-col-50 elementor-inner-column elementor-element elementor-element-d2c7a7f\" data-id=\"d2c7a7f\" data-element_type=\"column\" data-e-type=\"column\">\n<div class=\"elementor-widget-wrap elementor-element-populated\">\n<div class=\"elementor-element elementor-element-4ddadcb elementor-widget elementor-widget-image\" data-id=\"4ddadcb\" data-element_type=\"widget\" data-e-type=\"widget\" data-widget_type=\"image.default\">\n<div class=\"elementor-widget-container\">\n<section class=\"elementor-section elementor-inner-section elementor-element elementor-element-a527363 elementor-section-content-top elementor-section-boxed elementor-section-height-default elementor-section-height-default\" data-id=\"a527363\" data-element_type=\"section\" data-e-type=\"section\">\n<div class=\"elementor-container elementor-column-gap-default\">\n<div class=\"elementor-column elementor-col-50 elementor-inner-column elementor-element elementor-element-79ea290\" data-id=\"79ea290\" data-element_type=\"column\" data-e-type=\"column\">\n<div class=\"elementor-widget-wrap elementor-element-populated\">\n<div class=\"elementor-element elementor-element-851fd08 elementor-widget elementor-widget-text-editor\" data-id=\"851fd08\" data-element_type=\"widget\" data-e-type=\"widget\" data-widget_type=\"text-editor.default\">\n<div class=\"elementor-widget-container\">\n<p style=\"text-align: justify;\"><span style=\"font-size: 14pt;\"><span dir=\"auto\">Era <strong>muy solicitado tanto como conferenciante como perito<\/strong>. Viaj\u00f3 mucho, especialmente a <em>Francia<\/em>, donde entabl\u00f3 amistad con personas cercanas al c\u00edrculo de <a href=\"https:\/\/es.wikipedia.org\/wiki\/Jacques_Maritain\" target=\"_blank\" rel=\"noopener\"><strong>Jacques Maritain<\/strong><\/a>, pero tambi\u00e9n busc\u00f3 el contacto con colegas juristas. <\/span><\/span><\/p>\n<p style=\"text-align: justify;\"><span style=\"font-size: 14pt;\"><span dir=\"auto\">En el verano de 1925, \u00e9l y su esposa visitaron la tierra natal croata de ella, a la que se refer\u00eda, en un sentido antiguo, como <em><strong>Iliria <\/strong><\/em>(<em>t\u00edtulo de su libro de viajes de 1925<\/em>). <\/span><\/span><\/p>\n<p style=\"text-align: justify;\"><span style=\"font-size: 14pt;\"><span dir=\"auto\">Hacia el final de su estancia en <em>Bonn<\/em>, escribi\u00f3 <strong>su \u00fanica obra sistem\u00e1tica<\/strong>, <strong>*<\/strong><\/span><strong><em><span dir=\"auto\">Teor\u00eda Constitucional*<\/span><\/em><\/strong><span dir=\"auto\">\u00a0(1928). <\/span><\/span><\/p>\n<p style=\"text-align: justify;\"><span style=\"font-size: 14pt;\"><span dir=\"auto\">Dado que <strong>cre\u00eda que la era de la estatalidad estaba llegando a su fin, <\/strong><strong>una \u00ab<em>teor\u00eda del Estado<\/em>\u00bb era obsoleta; por lo tanto<\/strong>, <\/span><\/span><\/p>\n<blockquote>\n<p style=\"text-align: justify;\"><strong><span style=\"font-size: 14pt; color: #008000;\"><span dir=\"auto\">utilizando la <em>Constituci\u00f3n de Weimar<\/em> como caso de estudio, escribi\u00f3 la primera teor\u00eda sistem\u00e1tica del Estado constitucional moderno.<\/span><\/span><\/strong><\/p>\n<\/blockquote>\n<\/div>\n<\/div>\n<\/div>\n<\/div>\n<\/div>\n<\/section>\n<\/div>\n<\/div>\n<\/div>\n<\/div>\n<\/div>\n<\/section>\n<\/div>\n<\/div>\n<\/div>\n<\/div>\n<\/div>\n<\/section>\n<\/div>\n<p>&nbsp;<\/p>\n<figure id=\"attachment_2322538\" aria-describedby=\"caption-attachment-2322538\" style=\"width: 280px\" class=\"wp-caption aligncenter\"><img loading=\"lazy\" decoding=\"async\" class=\"wp-image-2322538\" src=\"https:\/\/puntocritico.com\/ausajpuntocritico\/wp-content\/uploads\/2026\/08\/CArl-Schmitt-Teoria-Constitucional-1928-205x300.jpg\" alt=\"\" width=\"280\" height=\"409\" srcset=\"https:\/\/puntocritico.com\/ausajpuntocritico\/wp-content\/uploads\/2026\/08\/CArl-Schmitt-Teoria-Constitucional-1928-205x300.jpg 205w, https:\/\/puntocritico.com\/ausajpuntocritico\/wp-content\/uploads\/2026\/08\/CArl-Schmitt-Teoria-Constitucional-1928-701x1024.jpg 701w, https:\/\/puntocritico.com\/ausajpuntocritico\/wp-content\/uploads\/2026\/08\/CArl-Schmitt-Teoria-Constitucional-1928-768x1122.jpg 768w, https:\/\/puntocritico.com\/ausajpuntocritico\/wp-content\/uploads\/2026\/08\/CArl-Schmitt-Teoria-Constitucional-1928.jpg 820w\" sizes=\"auto, (max-width: 280px) 100vw, 280px\" \/><figcaption id=\"caption-attachment-2322538\" class=\"wp-caption-text\"><span style=\"color: #008000;\">TEOR\u00cdA CONSTITUCIONAL DE CARL SCHMITT. Publicado por Duncker &amp; Humblot, M\u00fanich-Leipzig, 1928<\/span><\/figcaption><\/figure>\n<div class=\"elementor-widget-container\">\n<section class=\"elementor-section elementor-inner-section elementor-element elementor-element-4de21af elementor-section-content-top elementor-section-boxed elementor-section-height-default elementor-section-height-default\" data-id=\"4de21af\" data-element_type=\"section\" data-e-type=\"section\">\n<div class=\"elementor-container elementor-column-gap-default\">\n<div class=\"elementor-column elementor-col-50 elementor-inner-column elementor-element elementor-element-7c82a46\" data-id=\"7c82a46\" data-element_type=\"column\" data-e-type=\"column\">\n<div class=\"elementor-widget-wrap elementor-element-populated\">\n<div class=\"elementor-element elementor-element-b853282 elementor-widget elementor-widget-image\" data-id=\"b853282\" data-element_type=\"widget\" data-e-type=\"widget\" data-widget_type=\"image.default\">\n<div class=\"elementor-widget-container\">\n<section class=\"elementor-section elementor-inner-section elementor-element elementor-element-a527363 elementor-section-content-top elementor-section-boxed elementor-section-height-default elementor-section-height-default\" data-id=\"a527363\" data-element_type=\"section\" data-e-type=\"section\">\n<div class=\"elementor-container elementor-column-gap-default\">\n<div class=\"elementor-column elementor-col-50 elementor-inner-column elementor-element elementor-element-d2c7a7f\" data-id=\"d2c7a7f\" data-element_type=\"column\" data-e-type=\"column\">\n<div class=\"elementor-widget-wrap elementor-element-populated\">\n<div class=\"elementor-element elementor-element-4ddadcb elementor-widget elementor-widget-image\" data-id=\"4ddadcb\" data-element_type=\"widget\" data-e-type=\"widget\" data-widget_type=\"image.default\">\n<div class=\"elementor-widget-container\">\n<div class=\"elementor-element elementor-element-2cbd12e elementor-widget-divider--view-line elementor-widget elementor-widget-divider\" data-id=\"2cbd12e\" data-element_type=\"widget\" data-e-type=\"widget\" data-widget_type=\"divider.default\">\n<div class=\"elementor-widget-container\">\n<div class=\"elementor-divider\">\n<p>&nbsp;<\/p>\n<h3 style=\"text-align: center;\"><span dir=\"auto\" style=\"font-size: 18pt;\">La era de Berl\u00edn: en el centro del poder<\/span><\/h3>\n<p style=\"text-align: justify;\"><span dir=\"auto\" style=\"font-size: 14pt;\"><strong>Schmitt<\/strong> aspiraba al centro del poder en <em>Berl\u00edn<\/em> y, tras largas negociaciones, <strong>acept\u00f3 una <em>c\u00e1tedra en la Escuela de Comercio de Berl\u00edn <\/em><\/strong>para el semestre de verano de 1928. <\/span><\/p>\n<p style=\"text-align: justify;\"><span dir=\"auto\" style=\"font-size: 14pt;\"><strong>El cr\u00edtico del poder indirecto quer\u00eda complementar su trabajo te\u00f3rico con actividad pol\u00edtica pr\u00e1ctica<\/strong>. <\/span><\/p>\n<p style=\"text-align: justify;\"><span dir=\"auto\" style=\"font-size: 14pt;\">Si bien en <em>Bonn<\/em> a\u00fan se acercaba a los pol\u00edticos con reservas, <strong>en <em>Berl\u00edn<\/em> pronto estableci\u00f3 contactos a nivel pol\u00edtico con secretarios de Estado y altos funcionarios ministeriales<\/strong>, por ejemplo, en el <em>Ministerio del Interior<\/em> y, especialmente, en el <em>Ministerio de Finanza<\/em>s, con el <em>secretario de Estado<\/em> y posteriormente<em> ministro de Finanzas prusiano<\/em>, <strong>Johannes Popitz<\/strong>.\u00a0<\/span><\/p>\n<p>&nbsp;<\/p>\n<figure id=\"attachment_2322541\" aria-describedby=\"caption-attachment-2322541\" style=\"width: 440px\" class=\"wp-caption aligncenter\"><img loading=\"lazy\" decoding=\"async\" class=\"wp-image-2322541\" src=\"https:\/\/puntocritico.com\/ausajpuntocritico\/wp-content\/uploads\/2026\/08\/Carl-Schmitt-Discurso-pronunciado-en-la-celebracion-de-la-fundacion-del-Imperio-Aleman-el-18-de-enero-de-1930-en-la-Escuela-de-Comercio-de-Berlin-300x219.jpg\" alt=\"\" width=\"440\" height=\"321\" srcset=\"https:\/\/puntocritico.com\/ausajpuntocritico\/wp-content\/uploads\/2026\/08\/Carl-Schmitt-Discurso-pronunciado-en-la-celebracion-de-la-fundacion-del-Imperio-Aleman-el-18-de-enero-de-1930-en-la-Escuela-de-Comercio-de-Berlin-300x219.jpg 300w, https:\/\/puntocritico.com\/ausajpuntocritico\/wp-content\/uploads\/2026\/08\/Carl-Schmitt-Discurso-pronunciado-en-la-celebracion-de-la-fundacion-del-Imperio-Aleman-el-18-de-enero-de-1930-en-la-Escuela-de-Comercio-de-Berlin-1024x748.jpg 1024w, https:\/\/puntocritico.com\/ausajpuntocritico\/wp-content\/uploads\/2026\/08\/Carl-Schmitt-Discurso-pronunciado-en-la-celebracion-de-la-fundacion-del-Imperio-Aleman-el-18-de-enero-de-1930-en-la-Escuela-de-Comercio-de-Berlin-768x561.jpg 768w, https:\/\/puntocritico.com\/ausajpuntocritico\/wp-content\/uploads\/2026\/08\/Carl-Schmitt-Discurso-pronunciado-en-la-celebracion-de-la-fundacion-del-Imperio-Aleman-el-18-de-enero-de-1930-en-la-Escuela-de-Comercio-de-Berlin-1536x1122.jpg 1536w, https:\/\/puntocritico.com\/ausajpuntocritico\/wp-content\/uploads\/2026\/08\/Carl-Schmitt-Discurso-pronunciado-en-la-celebracion-de-la-fundacion-del-Imperio-Aleman-el-18-de-enero-de-1930-en-la-Escuela-de-Comercio-de-Berlin-1320x964.jpg 1320w, https:\/\/puntocritico.com\/ausajpuntocritico\/wp-content\/uploads\/2026\/08\/Carl-Schmitt-Discurso-pronunciado-en-la-celebracion-de-la-fundacion-del-Imperio-Aleman-el-18-de-enero-de-1930-en-la-Escuela-de-Comercio-de-Berlin.jpg 2048w\" sizes=\"auto, (max-width: 440px) 100vw, 440px\" \/><figcaption id=\"caption-attachment-2322541\" class=\"wp-caption-text\"><span style=\"color: #008000;\">Discurso pronunciado en la celebraci\u00f3n de la fundaci\u00f3n del Imperio Alem\u00e1n el 18 de enero de 1930 en la Escuela de Comercio de Berl\u00edn.<\/span><\/figcaption><\/figure>\n<p>&nbsp;<\/p>\n<p style=\"text-align: justify;\"><span dir=\"auto\" style=\"font-size: 14pt;\">Pronto se convirti\u00f3 en un amigo \u00edntimo y persuadi\u00f3 a <strong>Schmitt<\/strong> para que <strong>se involucrara con el r\u00e9gimen nazi en 1933. <\/strong><\/span><\/p>\n<p style=\"text-align: justify;\"><span dir=\"auto\" style=\"font-size: 14pt;\"><strong>Entre los juristas<\/strong>, <\/span><\/p>\n<blockquote>\n<p style=\"text-align: justify;\"><span style=\"color: #008000;\"><strong><span dir=\"auto\" style=\"font-size: 14pt;\">Rudolf Smend fue su confidente m\u00e1s cercano durante este tiempo, junto con sus colegas Bilfinger en <em>Halle<\/em> y Jacobi en <em>Leipzig<\/em>; <\/span><\/strong><\/span><\/p>\n<p style=\"text-align: justify;\"><span style=\"color: #008000;\"><strong><span dir=\"auto\" style=\"font-size: 14pt;\">en la<em> Escuela de Comercio de Leipzig<\/em>, tuvo un contacto m\u00e1s estrecho con sus colegas Werner Sombart, Moritz Julis Bonn, G\u00f6tz Briefs y Herbert Dorn; <\/span><\/strong><\/span><\/p>\n<p style=\"text-align: justify;\"><span style=\"color: #008000;\"><strong><span dir=\"auto\" style=\"font-size: 14pt;\">conoci\u00f3 al joven Leibholz y ley\u00f3 su tesis de habilitaci\u00f3n sobre la naturaleza de la representaci\u00f3n en las banderas.<\/span><\/strong><\/span><\/p>\n<\/blockquote>\n<p>&nbsp;<\/p>\n<p style=\"text-align: justify;\"><span dir=\"auto\" style=\"font-size: 14pt;\">En el extremo norte del <em>Tiergarten<\/em>, <strong>Schmitt<\/strong> encontr\u00f3 un apartamento con la ayuda de su vieja amiga muniquesa, la escritora <strong>Alice Berend<\/strong>, cuya hermana <strong>Charlotte<\/strong> y su esposo <strong>Lovis Corinth<\/strong> hab\u00edan sido los inquilinos anteriores. <\/span><\/p>\n<p style=\"text-align: justify;\"><span dir=\"auto\" style=\"font-size: 14pt;\">En aquel entonces, su esposa <strong>Duschka<\/strong> se encontraba en un <em>hospital de San Remo<\/em>, donde intentaba recuperarse de la tuberculosis. <\/span><\/p>\n<p style=\"text-align: justify;\"><span dir=\"auto\" style=\"font-size: 14pt;\">Cuando su estado empeor\u00f3 en la primavera de 1929, <strong>Schmitt<\/strong> viaj\u00f3 all\u00ed, temiendo que su esposa falleciera. Posteriormente, ese mismo verano, en <em>San Galo<\/em>, fue tratada y curada tras someterse a varias operaciones.<\/span><\/p>\n<p style=\"text-align: justify;\"><span dir=\"auto\" style=\"font-size: 14pt;\"><strong>En la <em>escuela de negocios<\/em>, las clases de Schmitt tuvieron tanto \u00e9xito como en <em>Bonn<\/em><\/strong>, atrayendo a multitud de estudiantes de la cercana <em>Universidad Friedrich Wilhelm<\/em>.<\/span><\/p>\n<p>&nbsp;<\/p>\n<figure id=\"attachment_2322540\" aria-describedby=\"caption-attachment-2322540\" style=\"width: 440px\" class=\"wp-caption aligncenter\"><img loading=\"lazy\" decoding=\"async\" class=\"wp-image-2322540\" src=\"https:\/\/puntocritico.com\/ausajpuntocritico\/wp-content\/uploads\/2026\/08\/Carl-Schmitt-neben-Moritz-Julius-Bonn-um-1930-300x218.jpg\" alt=\"\" width=\"440\" height=\"319\" srcset=\"https:\/\/puntocritico.com\/ausajpuntocritico\/wp-content\/uploads\/2026\/08\/Carl-Schmitt-neben-Moritz-Julius-Bonn-um-1930-300x218.jpg 300w, https:\/\/puntocritico.com\/ausajpuntocritico\/wp-content\/uploads\/2026\/08\/Carl-Schmitt-neben-Moritz-Julius-Bonn-um-1930-1024x743.jpg 1024w, https:\/\/puntocritico.com\/ausajpuntocritico\/wp-content\/uploads\/2026\/08\/Carl-Schmitt-neben-Moritz-Julius-Bonn-um-1930-768x557.jpg 768w, https:\/\/puntocritico.com\/ausajpuntocritico\/wp-content\/uploads\/2026\/08\/Carl-Schmitt-neben-Moritz-Julius-Bonn-um-1930-1536x1114.jpg 1536w, https:\/\/puntocritico.com\/ausajpuntocritico\/wp-content\/uploads\/2026\/08\/Carl-Schmitt-neben-Moritz-Julius-Bonn-um-1930-1320x958.jpg 1320w, https:\/\/puntocritico.com\/ausajpuntocritico\/wp-content\/uploads\/2026\/08\/Carl-Schmitt-neben-Moritz-Julius-Bonn-um-1930.jpg 1734w\" sizes=\"auto, (max-width: 440px) 100vw, 440px\" \/><figcaption id=\"caption-attachment-2322540\" class=\"wp-caption-text\"><span style=\"color: #008000;\">A principios de la d\u00e9cada de 1930, junto a <strong>Moritz Julius Bonn<\/strong> durante un examen en la Escuela de Comercio de Berl\u00edn.<\/span><\/figcaption><\/figure>\n<p>&nbsp;<\/p>\n<p style=\"text-align: justify;\"><span dir=\"auto\" style=\"font-size: 14pt;\"><strong>El 18 de enero de 1930, pronunci\u00f3 su aclamado discurso sobre Hugo Preu\u00df, <em>padre de la Constituci\u00f3n de Weimar<\/em><\/strong>, en el<em> auditorio de la escuela de negocios<\/em> durante las <em>celebraciones por la fundaci\u00f3n del Imperio Alem\u00e1n<\/em>.<\/span><\/p>\n<p style=\"text-align: justify;\"><span dir=\"auto\" style=\"font-size: 14pt;\">Durante este tiempo, asist\u00eda regularmente a clases en la <em>Academia Alemana de Pol\u00edtica<\/em>, donde tambi\u00e9n impart\u00eda conferencias, y participaba en la <em>formaci\u00f3n de futuros diplom\u00e1ticos en el Ministerio de Asuntos Exteriores<\/em>. <\/span><\/p>\n<p style=\"text-align: justify;\"><span dir=\"auto\" style=\"font-size: 14pt;\">Pronto <strong>se convirti\u00f3 en una figura muy solicitada en los c\u00edrculos pol\u00edticos de \u00e9lite de la capital<\/strong>, especialmente dentro de la \u00ab<strong><em>Sociedad Alemana 1914<\/em><\/strong>\u00ab.<\/span><\/p>\n<p style=\"text-align: justify;\"><span style=\"font-size: 14pt;\"><span dir=\"auto\">En la inestabilidad pol\u00edtica de finales de la d\u00e9cada de 1920, <strong>Schmitt<\/strong> se enfrent\u00f3 a la <strong>cuesti\u00f3n de la autoridad estatal<\/strong>. <\/span><\/span><\/p>\n<p style=\"text-align: justify;\"><span style=\"font-size: 14pt;\"><span dir=\"auto\">El concepto de \u00ab<em><strong>pouvoir neutre<\/strong><\/em>\u00bb (<em>poder neutral<\/em>), tomado de <a href=\"https:\/\/puntocritico.com\/ausajpuntocritico\/2017\/03\/25\/discurso-sobre-la-libertad-de-los-antiguos-comparada-con-la-de-los-modernos-benjamin-constant\/\" target=\"_blank\" rel=\"noopener\"><strong>Benjamin Constant<\/strong><\/a>, se convirti\u00f3 en un elemento central de su pensamiento. <\/span><\/span><\/p>\n<p style=\"text-align: justify;\"><span style=\"font-size: 14pt;\"><span dir=\"auto\">Dada la <strong>creciente influencia de grupos de inter\u00e9s y partidos antidemocr\u00e1ticos tanto de izquierda como de derecha<\/strong>, <\/span><\/span><\/p>\n<blockquote>\n<p style=\"text-align: justify;\"><span style=\"color: #008000;\"><strong><span style=\"font-size: 14pt;\"><span dir=\"auto\">era crucial clarificar las condiciones para la acci\u00f3n estatal.<\/span><\/span><\/strong><\/span><\/p>\n<\/blockquote>\n<p>&nbsp;<\/p>\n<p style=\"text-align: justify;\"><span style=\"font-size: 14pt;\"><span dir=\"auto\"><strong>La respuesta<\/strong> de <strong>Schmitt<\/strong> fue su obra<strong> *<\/strong><\/span><strong><em><span dir=\"auto\">El guardi\u00e1n de la Constituci\u00f3n*<\/span><\/em><\/strong><span dir=\"auto\">, una continuaci\u00f3n de su teor\u00eda constitucional y un texto program\u00e1tico que abogaba por la<strong> introducci\u00f3n de un sistema presidencial<\/strong>. <\/span><\/span><\/p>\n<p style=\"text-align: justify;\"><span style=\"font-size: 14pt;\"><span dir=\"auto\">La <strong>capacidad de acci\u00f3n del Estado<\/strong> deb\u00eda restablecerse mediante el <strong>fortalecimiento plebiscitario de la posici\u00f3n del<\/strong> <strong>Presidente del Reich<\/strong> como \u00ab<em><strong>pouvoir neutre<\/strong><\/em>\u00bb.<\/span><\/span><\/p>\n<\/div>\n<\/div>\n<\/div>\n<\/div>\n<\/div>\n<\/div>\n<\/div>\n<\/div>\n<\/section>\n<\/div>\n<\/div>\n<\/div>\n<\/div>\n<\/div>\n<\/section>\n<\/div>\n<p>&nbsp;<\/p>\n<blockquote>\n<p style=\"text-align: center;\"><strong><span style=\"font-size: 14pt; color: #008000;\"><span dir=\"auto\">La capacidad de acci\u00f3n del Estado deb\u00eda restablecerse mediante el fortalecimiento plebiscitario de la posici\u00f3n del Presidente del Reich como \u00ab<em>pouvoir neutre<\/em>\u00bb.<\/span><\/span><\/strong><\/p>\n<\/blockquote>\n<p>&nbsp;<\/p>\n<p><a href=\"https:\/\/puntocritico.com\/ausajpuntocritico\/2017\/03\/25\/discurso-sobre-la-libertad-de-los-antiguos-comparada-con-la-de-los-modernos-benjamin-constant\/\" target=\"_blank\" rel=\"noopener\"><img loading=\"lazy\" decoding=\"async\" class=\"aligncenter wp-image-2256922\" src=\"https:\/\/puntocritico.com\/ausajpuntocritico\/wp-content\/uploads\/2022\/09\/Limitar-la-autoridad-Constant-678x381.jpg\" alt=\"\" width=\"555\" height=\"292\" srcset=\"https:\/\/puntocritico.com\/ausajpuntocritico\/wp-content\/uploads\/2022\/09\/Limitar-la-autoridad-Constant-300x158.jpg 300w, https:\/\/puntocritico.com\/ausajpuntocritico\/wp-content\/uploads\/2022\/09\/Limitar-la-autoridad-Constant-768x405.jpg 768w, https:\/\/puntocritico.com\/ausajpuntocritico\/wp-content\/uploads\/2022\/09\/Limitar-la-autoridad-Constant-610x321.jpg 610w, https:\/\/puntocritico.com\/ausajpuntocritico\/wp-content\/uploads\/2022\/09\/Limitar-la-autoridad-Constant.jpg 1023w\" sizes=\"auto, (max-width: 555px) 100vw, 555px\" \/><\/a><\/p>\n<p>&nbsp;<\/p>\n<div class=\"elementor-widget-container\">\n<section class=\"elementor-section elementor-inner-section elementor-element elementor-element-4de21af elementor-section-content-top elementor-section-boxed elementor-section-height-default elementor-section-height-default\" data-id=\"4de21af\" data-element_type=\"section\" data-e-type=\"section\">\n<div class=\"elementor-container elementor-column-gap-default\">\n<div class=\"elementor-column elementor-col-50 elementor-inner-column elementor-element elementor-element-7c82a46\" data-id=\"7c82a46\" data-element_type=\"column\" data-e-type=\"column\">\n<div class=\"elementor-widget-wrap elementor-element-populated\">\n<div class=\"elementor-element elementor-element-b853282 elementor-widget elementor-widget-image\" data-id=\"b853282\" data-element_type=\"widget\" data-e-type=\"widget\" data-widget_type=\"image.default\">\n<div class=\"elementor-widget-container\">\n<section class=\"elementor-section elementor-inner-section elementor-element elementor-element-a527363 elementor-section-content-top elementor-section-boxed elementor-section-height-default elementor-section-height-default\" data-id=\"a527363\" data-element_type=\"section\" data-e-type=\"section\">\n<div class=\"elementor-container elementor-column-gap-default\">\n<div class=\"elementor-column elementor-col-50 elementor-inner-column elementor-element elementor-element-d2c7a7f\" data-id=\"d2c7a7f\" data-element_type=\"column\" data-e-type=\"column\">\n<div class=\"elementor-widget-wrap elementor-element-populated\">\n<div class=\"elementor-element elementor-element-4ddadcb elementor-widget elementor-widget-image\" data-id=\"4ddadcb\" data-element_type=\"widget\" data-e-type=\"widget\" data-widget_type=\"image.default\">\n<div class=\"elementor-widget-container\">\n<div class=\"elementor-element elementor-element-2cbd12e elementor-widget-divider--view-line elementor-widget elementor-widget-divider\" data-id=\"2cbd12e\" data-element_type=\"widget\" data-e-type=\"widget\" data-widget_type=\"divider.default\">\n<div class=\"elementor-widget-container\">\n<div class=\"elementor-divider\">\n<h3 style=\"text-align: center;\"><span dir=\"auto\" style=\"font-size: 18pt;\">El fin de la Rep\u00fablica<\/span><\/h3>\n<p style=\"text-align: justify;\"><span style=\"font-size: 14pt;\"><span dir=\"auto\">A los viejos amigos de <strong>Schmitt<\/strong>, <strong>Franz Blei<\/strong>, <strong>Georg Eisler<\/strong> y <strong>Erik Peterson<\/strong>, se unieron ahora <strong>Ernst J\u00fcnger<\/strong> y su c\u00edrculo, incluidos <strong>Ernst Niekisch<\/strong> y <strong>Veit Rosskopf<\/strong>. <\/span><\/span><\/p>\n<p style=\"text-align: justify;\"><span style=\"font-size: 14pt;\"><span dir=\"auto\"><strong>Schmitt<\/strong> mantuvo contactos con publicistas como <strong>Paul Adams<\/strong> (<em>editor de la revista\u00a0<\/em><\/span><i><span dir=\"auto\">Germania)<\/span><\/i><span dir=\"auto\">, <strong>Friedrich Vorwerk<\/strong> (<em>editor de Der\u00a0<\/em><\/span><i><span dir=\"auto\"><em>Ring<\/em>)<\/span><\/i><span dir=\"auto\">, <strong>Ernst Wilhelm Eschmann<\/strong> y <strong>Giselher Wirsing<\/strong> (editor de\u00a0<\/span><i><span dir=\"auto\">Tat)<\/span><\/i><span dir=\"auto\">, <strong>Wilhelm Stapel<\/strong> (<em>editor de\u00a0<\/em><\/span><i><span dir=\"auto\">Deutsches Volkstum)<\/span><\/i><span dir=\"auto\">, as\u00ed como <strong>Prince Rohan<\/strong> y <strong>Joachim Moras<\/strong> (<em>editor de la\u00a0<\/em><\/span><i><span dir=\"auto\">Europ\u00e4ische Revue<\/span><\/i><span dir=\"auto\">), mientras discontinuaba su colaboraci\u00f3n con el\u00a0<\/span><em><span dir=\"auto\">grupo cat\u00f3lico Hochland<\/span><\/em><span dir=\"auto\">.<\/span><\/span><\/p>\n<\/div>\n<\/div>\n<\/div>\n<\/div>\n<\/div>\n<\/div>\n<\/div>\n<\/div>\n<\/section>\n<\/div>\n<\/div>\n<\/div>\n<\/div>\n<\/div>\n<\/section>\n<\/div>\n<p>&nbsp;<\/p>\n<figure id=\"attachment_2312119\" aria-describedby=\"caption-attachment-2312119\" style=\"width: 440px\" class=\"wp-caption aligncenter\"><img loading=\"lazy\" decoding=\"async\" class=\"wp-image-2312119\" src=\"https:\/\/puntocritico.com\/ausajpuntocritico\/wp-content\/uploads\/2025\/09\/Junger-y-Schimitt-300x203.jpg\" alt=\"\" width=\"440\" height=\"298\" srcset=\"https:\/\/puntocritico.com\/ausajpuntocritico\/wp-content\/uploads\/2025\/09\/Junger-y-Schimitt-300x203.jpg 300w, https:\/\/puntocritico.com\/ausajpuntocritico\/wp-content\/uploads\/2025\/09\/Junger-y-Schimitt.jpg 511w\" sizes=\"auto, (max-width: 440px) 100vw, 440px\" \/><figcaption id=\"caption-attachment-2312119\" class=\"wp-caption-text\"><span style=\"color: #008000;\">Ernst J\u00fcnger y Carl Schmitt.<\/span><\/figcaption><\/figure>\n<p>&nbsp;<\/p>\n<div class=\"elementor-widget-container\">\n<section class=\"elementor-section elementor-inner-section elementor-element elementor-element-4de21af elementor-section-content-top elementor-section-boxed elementor-section-height-default elementor-section-height-default\" data-id=\"4de21af\" data-element_type=\"section\" data-e-type=\"section\">\n<div class=\"elementor-container elementor-column-gap-default\">\n<div class=\"elementor-column elementor-col-50 elementor-inner-column elementor-element elementor-element-7c82a46\" data-id=\"7c82a46\" data-element_type=\"column\" data-e-type=\"column\">\n<div class=\"elementor-widget-wrap elementor-element-populated\">\n<div class=\"elementor-element elementor-element-b853282 elementor-widget elementor-widget-image\" data-id=\"b853282\" data-element_type=\"widget\" data-e-type=\"widget\" data-widget_type=\"image.default\">\n<div class=\"elementor-widget-container\">\n<section class=\"elementor-section elementor-inner-section elementor-element elementor-element-a527363 elementor-section-content-top elementor-section-boxed elementor-section-height-default elementor-section-height-default\" data-id=\"a527363\" data-element_type=\"section\" data-e-type=\"section\">\n<div class=\"elementor-container elementor-column-gap-default\">\n<div class=\"elementor-column elementor-col-50 elementor-inner-column elementor-element elementor-element-d2c7a7f\" data-id=\"d2c7a7f\" data-element_type=\"column\" data-e-type=\"column\">\n<div class=\"elementor-widget-wrap elementor-element-populated\">\n<div class=\"elementor-element elementor-element-4ddadcb elementor-widget elementor-widget-image\" data-id=\"4ddadcb\" data-element_type=\"widget\" data-e-type=\"widget\" data-widget_type=\"image.default\">\n<div class=\"elementor-widget-container\">\n<div class=\"elementor-element elementor-element-2cbd12e elementor-widget-divider--view-line elementor-widget elementor-widget-divider\" data-id=\"2cbd12e\" data-element_type=\"widget\" data-e-type=\"widget\" data-widget_type=\"divider.default\">\n<div class=\"elementor-widget-container\">\n<div class=\"elementor-divider\">\n<p style=\"text-align: justify;\"><span style=\"font-size: 14pt;\"><span dir=\"auto\">Como era t\u00edpico de la \u00e9poca, <strong>Schmitt<\/strong> tambi\u00e9n particip\u00f3 en una reuni\u00f3n del <em><strong>Arbplan <\/strong><\/em>(<em>Grupo de Trabajo para el Estudio de la Econom\u00eda Planificada en la Uni\u00f3n Sovi\u00e9tica<\/em>), que, adem\u00e1s de <strong>Ernst J\u00fcnger<\/strong> y <strong>Niekisch<\/strong>, inclu\u00eda a <strong>Karl August <\/strong><strong>Wittfogel<\/strong> y <strong>Georg Lukacz<\/strong> desde la perspectiva de la izquierda.<\/span><\/span><\/p>\n<p style=\"text-align: justify;\"><span style=\"font-size: 14pt;\"><span dir=\"auto\">Gracias a la mediaci\u00f3n de <strong>Blei<\/strong>, pudo leer las pruebas de imprenta de\u00a0<\/span><em><span dir=\"auto\">*El hombre sin atributos*<\/span><\/em><span dir=\"auto\"> de <strong>Musil<\/strong>, dio conferencias radiof\u00f3nicas, vio pel\u00edculas mudas y vio el cl\u00e1sico de <strong>Carl Theodor Dreyer<\/strong>, <em>*El proceso de Juana de Arco*<\/em>, al menos diez veces. <\/span><\/span><\/p>\n<p style=\"text-align: justify;\"><span style=\"font-size: 14pt;\"><span dir=\"auto\">En agosto de 1931 naci\u00f3 <strong>Anima<\/strong>, la hija de <strong>Schmitt<\/strong>.<\/span><\/span><\/p>\n<p style=\"text-align: justify;\"><span dir=\"auto\" style=\"font-size: 14pt;\">A partir de 1930, el <strong><em>canciller<\/em> Br\u00fcning<\/strong> <strong>gobern\u00f3 sin mayor\u00eda parlamentaria<\/strong>, <\/span><\/p>\n<blockquote>\n<p style=\"text-align: justify;\"><span style=\"color: #008000;\"><strong><span dir=\"auto\" style=\"font-size: 14pt;\">utilizando los poderes de decreto de emergencia que le otorgaba el art\u00edculo 48 de la Constituci\u00f3n de Weimar.<\/span><\/strong><\/span><\/p>\n<\/blockquote>\n<\/div>\n<\/div>\n<\/div>\n<\/div>\n<\/div>\n<\/div>\n<\/div>\n<\/div>\n<\/section>\n<\/div>\n<\/div>\n<\/div>\n<\/div>\n<\/div>\n<\/section>\n<\/div>\n<p>&nbsp;<\/p>\n<figure id=\"attachment_2322543\" aria-describedby=\"caption-attachment-2322543\" style=\"width: 280px\" class=\"wp-caption aligncenter\"><img loading=\"lazy\" decoding=\"async\" class=\"wp-image-2322543\" src=\"https:\/\/puntocritico.com\/ausajpuntocritico\/wp-content\/uploads\/2026\/08\/ejemplar-personal-de-Legalidad-y-Legitimidad-contiene-en-ambas-portadas-notas-manuscritas-posteriores-de-Schmitt-2-325x381.jpg\" alt=\"\" width=\"280\" height=\"425\" srcset=\"https:\/\/puntocritico.com\/ausajpuntocritico\/wp-content\/uploads\/2026\/08\/ejemplar-personal-de-Legalidad-y-Legitimidad-contiene-en-ambas-portadas-notas-manuscritas-posteriores-de-Schmitt-2-198x300.jpg 198w, https:\/\/puntocritico.com\/ausajpuntocritico\/wp-content\/uploads\/2026\/08\/ejemplar-personal-de-Legalidad-y-Legitimidad-contiene-en-ambas-portadas-notas-manuscritas-posteriores-de-Schmitt-2.jpg 325w\" sizes=\"auto, (max-width: 280px) 100vw, 280px\" \/><figcaption id=\"caption-attachment-2322543\" class=\"wp-caption-text\"><span style=\"color: #008000;\"><strong>El ejemplar personal de Legalidad y Legitimidad<\/strong> contiene, en ambas portadas, notas manuscritas posteriores de <strong>Schmitt<\/strong> sobre la crisis de 1958 en Francia, causada por militares renegados en Argelia, y sobre si esta crisis podr\u00eda superarse legalmente, es decir, si \u00ab<strong><em>La puerta a la legalidad<\/em><\/strong>\u00bb permanecer\u00eda abierta. <\/span><\/figcaption><\/figure>\n<p><img loading=\"lazy\" decoding=\"async\" class=\"aligncenter wp-image-2322544\" src=\"https:\/\/puntocritico.com\/ausajpuntocritico\/wp-content\/uploads\/2026\/08\/ejemplar-personal-de-Legalidad-y-Legitimidad-contiene-en-ambas-portadas-notas-manuscritas-posteriores-de-Schmitt-1-250x300.jpg\" alt=\"\" width=\"280\" height=\"335\" srcset=\"https:\/\/puntocritico.com\/ausajpuntocritico\/wp-content\/uploads\/2026\/08\/ejemplar-personal-de-Legalidad-y-Legitimidad-contiene-en-ambas-portadas-notas-manuscritas-posteriores-de-Schmitt-1-250x300.jpg 250w, https:\/\/puntocritico.com\/ausajpuntocritico\/wp-content\/uploads\/2026\/08\/ejemplar-personal-de-Legalidad-y-Legitimidad-contiene-en-ambas-portadas-notas-manuscritas-posteriores-de-Schmitt-1.jpg 333w\" sizes=\"auto, (max-width: 280px) 100vw, 280px\" \/><\/p>\n<div class=\"elementor-element elementor-element-758f587 elementor-widget elementor-widget-image\" data-id=\"758f587\" data-element_type=\"widget\" data-e-type=\"widget\" data-widget_type=\"image.default\">\n<div class=\"elementor-widget-container\">\n<figure class=\"wp-caption aligncenter\"><figcaption class=\"widget-image-caption wp-caption-text\"><\/figcaption><\/figure>\n<\/div>\n<\/div>\n<div>\u00a0<\/div>\n<div class=\"elementor-element elementor-element-758f587 elementor-widget elementor-widget-image\" data-id=\"758f587\" data-element_type=\"widget\" data-e-type=\"widget\" data-widget_type=\"image.default\">\n<div class=\"elementor-widget-container\">\n<figure class=\"wp-caption aligncenter\"><figcaption class=\"widget-image-caption wp-caption-text\">\n<div class=\"elementor-element elementor-element-c530aa0 elementor-widget elementor-widget-image\" data-id=\"c530aa0\" data-element_type=\"widget\" data-e-type=\"widget\" data-widget_type=\"image.default\">\n<div class=\"elementor-widget-container\" style=\"text-align: justify;\"><span style=\"font-size: 14pt; text-align: justify;\">Los intentos de <\/span><strong style=\"font-size: 14pt; text-align: justify;\">Carl Schmitt<\/strong><span style=\"font-size: 14pt; text-align: justify;\"> por participar en la pol\u00edtica concreta, por ejemplo, a trav\u00e9s de contactos con <\/span><strong style=\"font-size: 14pt; text-align: justify;\">Br\u00fcning<\/strong><span style=\"font-size: 14pt; text-align: justify;\">, a quien conoc\u00eda de su \u00e9poca en <em>Bonn<\/em>, fracasaron.<\/span><\/div>\n<\/div>\n<\/figcaption><\/figure>\n<\/div>\n<\/div>\n<div class=\"elementor-widget-container\">\n<section class=\"elementor-section elementor-inner-section elementor-element elementor-element-4de21af elementor-section-content-top elementor-section-boxed elementor-section-height-default elementor-section-height-default\" data-id=\"4de21af\" data-element_type=\"section\" data-e-type=\"section\">\n<div class=\"elementor-container elementor-column-gap-default\">\n<div class=\"elementor-column elementor-col-50 elementor-inner-column elementor-element elementor-element-7c82a46\" data-id=\"7c82a46\" data-element_type=\"column\" data-e-type=\"column\">\n<div class=\"elementor-widget-wrap elementor-element-populated\">\n<div class=\"elementor-element elementor-element-b853282 elementor-widget elementor-widget-image\" data-id=\"b853282\" data-element_type=\"widget\" data-e-type=\"widget\" data-widget_type=\"image.default\">\n<div class=\"elementor-widget-container\">\n<section class=\"elementor-section elementor-inner-section elementor-element elementor-element-a527363 elementor-section-content-top elementor-section-boxed elementor-section-height-default elementor-section-height-default\" data-id=\"a527363\" data-element_type=\"section\" data-e-type=\"section\">\n<div class=\"elementor-container elementor-column-gap-default\">\n<div class=\"elementor-column elementor-col-50 elementor-inner-column elementor-element elementor-element-d2c7a7f\" data-id=\"d2c7a7f\" data-element_type=\"column\" data-e-type=\"column\">\n<div class=\"elementor-widget-wrap elementor-element-populated\">\n<div class=\"elementor-element elementor-element-4ddadcb elementor-widget elementor-widget-image\" data-id=\"4ddadcb\" data-element_type=\"widget\" data-e-type=\"widget\" data-widget_type=\"image.default\">\n<div class=\"elementor-widget-container\">\n<div class=\"elementor-element elementor-element-2cbd12e elementor-widget-divider--view-line elementor-widget elementor-widget-divider\" data-id=\"2cbd12e\" data-element_type=\"widget\" data-e-type=\"widget\" data-widget_type=\"divider.default\">\n<div class=\"elementor-widget-container\">\n<div class=\"elementor-divider\">\n<p style=\"text-align: justify;\"><span dir=\"auto\" style=\"font-size: 14pt;\">Esto cambi\u00f3 con la <em>canciller\u00eda<\/em> de <strong>Papen<\/strong>. <\/span><\/p>\n<p style=\"text-align: justify;\"><span dir=\"auto\" style=\"font-size: 14pt;\"><strong>Cuando, tras el <em>golpe de Estado prusiano del 20 de julio de 1932<\/em>, el gobierno depuesto del <em>Estado de Prusia<\/em> present\u00f3 una demanda ante el<\/strong> <strong>Tribunal Estatal de Leipzig<\/strong>, <\/span><\/p>\n<blockquote>\n<p style=\"text-align: justify;\"><strong><span dir=\"auto\" style=\"font-size: 14pt; color: #008000;\">Schmitt fue designado por el <em>gobierno del Reich<\/em> como uno de sus representantes legales.<\/span><\/strong><\/p>\n<\/blockquote>\n<p>&nbsp;<\/p>\n<p style=\"text-align: justify;\"><span dir=\"auto\" style=\"font-size: 14pt;\">Para entonces, tambi\u00e9n<strong> se hab\u00eda familiarizado con colaboradores cercanos del <em>ministro de la Reichswehr<\/em>, Schleicher, como Erich Marcks y Eugen Ott.<\/strong><\/span><\/p>\n<p style=\"text-align: justify;\"><span style=\"font-size: 14pt;\"><span dir=\"auto\">Durante esta \u00e9poca de crisis, <strong>Schmitt<\/strong> public\u00f3 su tratado\u00a0<\/span><em><span dir=\"auto\">*<strong>Legalidad y legitimidad*<\/strong><\/span><\/em><span dir=\"auto\">, cuya tesis central era que, <strong>seg\u00fan el positivismo jur\u00eddico imperante, el contenido de la constituci\u00f3n pod\u00eda enmendarse sin distinci\u00f3n pol\u00edtica alguna entre amigos y enemigos<\/strong>, <\/span><\/span><\/p>\n<blockquote>\n<p style=\"text-align: justify;\"><span style=\"color: #008000;\"><strong><span style=\"font-size: 14pt;\"><span dir=\"auto\">con la consecuencia de que incluso a los partidos anticonstitucionales no se les pod\u00eda negar el acceso al poder.<\/span><\/span><\/strong><\/span><\/p>\n<\/blockquote>\n<\/div>\n<\/div>\n<\/div>\n<\/div>\n<\/div>\n<\/div>\n<\/div>\n<\/div>\n<\/section>\n<\/div>\n<\/div>\n<\/div>\n<\/div>\n<\/div>\n<\/section>\n<\/div>\n<p>&nbsp;<\/p>\n<p><img loading=\"lazy\" decoding=\"async\" class=\"aligncenter wp-image-8674\" src=\"https:\/\/puntocritico.com\/ausajpuntocritico\/wp-content\/uploads\/2018\/02\/ANARQUIA-CAMPO-bis-tama\u00f1o-adecuado-300x169.jpg\" alt=\"\" width=\"480\" height=\"270\" srcset=\"https:\/\/puntocritico.com\/ausajpuntocritico\/wp-content\/uploads\/2018\/02\/ANARQUIA-CAMPO-bis-tama\u00f1o-adecuado-300x169.jpg 300w, https:\/\/puntocritico.com\/ausajpuntocritico\/wp-content\/uploads\/2018\/02\/ANARQUIA-CAMPO-bis-tama\u00f1o-adecuado.jpg 678w\" sizes=\"auto, (max-width: 480px) 100vw, 480px\" \/><\/p>\n<p>&nbsp;<\/p>\n<div class=\"elementor-widget-container\">\n<section class=\"elementor-section elementor-inner-section elementor-element elementor-element-4de21af elementor-section-content-top elementor-section-boxed elementor-section-height-default elementor-section-height-default\" data-id=\"4de21af\" data-element_type=\"section\" data-e-type=\"section\">\n<div class=\"elementor-container elementor-column-gap-default\">\n<div class=\"elementor-column elementor-col-50 elementor-inner-column elementor-element elementor-element-7c82a46\" data-id=\"7c82a46\" data-element_type=\"column\" data-e-type=\"column\">\n<div class=\"elementor-widget-wrap elementor-element-populated\">\n<div class=\"elementor-element elementor-element-b853282 elementor-widget elementor-widget-image\" data-id=\"b853282\" data-element_type=\"widget\" data-e-type=\"widget\" data-widget_type=\"image.default\">\n<div class=\"elementor-widget-container\">\n<section class=\"elementor-section elementor-inner-section elementor-element elementor-element-a527363 elementor-section-content-top elementor-section-boxed elementor-section-height-default elementor-section-height-default\" data-id=\"a527363\" data-element_type=\"section\" data-e-type=\"section\">\n<div class=\"elementor-container elementor-column-gap-default\">\n<div class=\"elementor-column elementor-col-50 elementor-inner-column elementor-element elementor-element-d2c7a7f\" data-id=\"d2c7a7f\" data-element_type=\"column\" data-e-type=\"column\">\n<div class=\"elementor-widget-wrap elementor-element-populated\">\n<div class=\"elementor-element elementor-element-4ddadcb elementor-widget elementor-widget-image\" data-id=\"4ddadcb\" data-element_type=\"widget\" data-e-type=\"widget\" data-widget_type=\"image.default\">\n<div class=\"elementor-widget-container\">\n<div class=\"elementor-element elementor-element-2cbd12e elementor-widget-divider--view-line elementor-widget elementor-widget-divider\" data-id=\"2cbd12e\" data-element_type=\"widget\" data-e-type=\"widget\" data-widget_type=\"divider.default\">\n<div class=\"elementor-widget-container\">\n<div class=\"elementor-divider\">\n<p style=\"text-align: justify;\"><span style=\"font-size: 14pt;\"><span dir=\"auto\"><strong>El <em>Estado legislativo liberal<\/em> presupone una \u00ab<em>disposici\u00f3n jur\u00eddica<\/em>\u00bb en los partidos pol\u00edticos<\/strong>, <\/span><\/span><\/p>\n<blockquote>\n<p style=\"text-align: justify;\"><strong><span style=\"font-size: 14pt; color: #008000;\"><span dir=\"auto\">asegurando as\u00ed que los opositores tengan las mismas posibilidades de acceder al poder pol\u00edtico.<\/span><\/span><\/strong><\/p>\n<\/blockquote>\n<p>&nbsp;<\/p>\n<p style=\"text-align: justify;\"><span style=\"font-size: 14pt;\"><span dir=\"auto\"><strong>Si un partido anticonstitucional lograra llegar al poder legalmente<\/strong>, <\/span><\/span><\/p>\n<blockquote>\n<p style=\"text-align: justify;\"><strong><span style=\"font-size: 14pt;\"><span dir=\"auto\"><span style=\"color: #008000;\">podr\u00eda cerrar la puerta de la legalidad tras de s\u00ed.<\/span> <\/span><\/span><\/strong><\/p>\n<\/blockquote>\n<p>&nbsp;<\/p>\n<p style=\"text-align: justify;\"><span style=\"font-size: 14pt;\"><span dir=\"auto\"><strong>Eso constituir\u00eda<\/strong> entonces <strong>una \u00ab<em>revoluci\u00f3n jur\u00eddica<\/em>\u00bb<\/strong>. <\/span><\/span><\/p>\n<p style=\"text-align: justify;\"><span style=\"font-size: 14pt;\"><span dir=\"auto\">Para <strong>Schmitt<\/strong>, una <strong>soluci\u00f3n a la incapacidad del <em>parlamentarismo de Weimar<\/em> para formar gobiernos estables <\/strong>era el establecimiento de un <strong><em>sistema presidencial<\/em> con un <em>Presidente del Reich<\/em> elegido por el pueblo, que reemplazar\u00eda al Estado de partido pluralista que se hab\u00eda vuelto cuantitativamente totalitario bajo la presi\u00f3n de los grupos de inter\u00e9s<\/strong><\/span><\/span><\/p>\n<blockquote>\n<p style=\"text-align: justify;\"><span style=\"color: #008000;\"><strong><span style=\"font-size: 14pt;\"><span dir=\"auto\">y crear\u00eda un Estado cualitativamente totalitario que se apoderar\u00eda de las nuevas posiciones de poder t\u00e9cnico y monopolizar\u00eda el cine y la radio; <\/span><\/span><\/strong><\/span><\/p>\n<p style=\"text-align: justify;\"><span style=\"color: #008000;\"><strong><span style=\"font-size: 14pt;\"><span dir=\"auto\">m\u00e1s tarde, Schmitt especificar\u00eda que no los Estados, sino solo los partidos, pod\u00edan ser portadores de la totalidad.<\/span><\/span><\/strong><\/span><\/p>\n<\/blockquote>\n<p>&nbsp;<\/p>\n<p style=\"text-align: justify;\"><span dir=\"auto\" style=\"font-size: 14pt;\">Tras el nombramiento de <strong>Schleicher<\/strong> como canciller a principios de diciembre de 1932, <strong>Schmitt<\/strong> particip\u00f3, a trav\u00e9s de <strong>Ott<\/strong> y <strong>Marcks<\/strong>, en los <strong>planes de emergencia vigentes para impedir el ascenso de Hitler al poder<\/strong>, planes que quedaron obsoletos tras el nombramiento de <strong>Hitler<\/strong> como canciller a finales de enero de 1933. <\/span><\/p>\n<p style=\"text-align: justify;\"><span dir=\"auto\" style=\"font-size: 14pt;\">Mientras tanto, <strong>Schmitt<\/strong> hab\u00eda aceptado una <em>c\u00e1tedra<\/em> en la <em>Universidad de Colonia<\/em> para el semestre de verano de 1933, distanci\u00e1ndose as\u00ed de la capital.<\/span><\/p>\n<\/div>\n<\/div>\n<\/div>\n<\/div>\n<\/div>\n<\/div>\n<\/div>\n<\/div>\n<\/section>\n<\/div>\n<\/div>\n<\/div>\n<\/div>\n<\/div>\n<\/section>\n<\/div>\n<p>&nbsp;<\/p>\n<figure id=\"attachment_2322663\" aria-describedby=\"caption-attachment-2322663\" style=\"width: 330px\" class=\"wp-caption aligncenter\"><img loading=\"lazy\" decoding=\"async\" class=\"wp-image-2322663\" src=\"https:\/\/puntocritico.com\/ausajpuntocritico\/wp-content\/uploads\/2026\/08\/Carl-schmitt-nazis-231x300.png\" alt=\"\" width=\"330\" height=\"428\" srcset=\"https:\/\/puntocritico.com\/ausajpuntocritico\/wp-content\/uploads\/2026\/08\/Carl-schmitt-nazis-231x300.png 231w, https:\/\/puntocritico.com\/ausajpuntocritico\/wp-content\/uploads\/2026\/08\/Carl-schmitt-nazis.png 650w\" sizes=\"auto, (max-width: 330px) 100vw, 330px\" \/><figcaption id=\"caption-attachment-2322663\" class=\"wp-caption-text\"><span style=\"color: #008000;\">\u201cUna mirada al Tercer Reich\u201d. Portada de la revista Der Wirtschafts-Ring, n\u00famero 47 del 23 de noviembre de 1934.<\/span><\/figcaption><\/figure>\n<p>&nbsp;<\/p>\n<div class=\"elementor-widget-container\">\n<section class=\"elementor-section elementor-inner-section elementor-element elementor-element-4de21af elementor-section-content-top elementor-section-boxed elementor-section-height-default elementor-section-height-default\" data-id=\"4de21af\" data-element_type=\"section\" data-e-type=\"section\">\n<div class=\"elementor-container elementor-column-gap-default\">\n<div class=\"elementor-column elementor-col-50 elementor-inner-column elementor-element elementor-element-7c82a46\" data-id=\"7c82a46\" data-element_type=\"column\" data-e-type=\"column\">\n<div class=\"elementor-widget-wrap elementor-element-populated\">\n<div class=\"elementor-element elementor-element-b853282 elementor-widget elementor-widget-image\" data-id=\"b853282\" data-element_type=\"widget\" data-e-type=\"widget\" data-widget_type=\"image.default\">\n<div class=\"elementor-widget-container\">\n<section class=\"elementor-section elementor-inner-section elementor-element elementor-element-a527363 elementor-section-content-top elementor-section-boxed elementor-section-height-default elementor-section-height-default\" data-id=\"a527363\" data-element_type=\"section\" data-e-type=\"section\">\n<div class=\"elementor-container elementor-column-gap-default\">\n<div class=\"elementor-column elementor-col-50 elementor-inner-column elementor-element elementor-element-d2c7a7f\" data-id=\"d2c7a7f\" data-element_type=\"column\" data-e-type=\"column\">\n<div class=\"elementor-widget-wrap elementor-element-populated\">\n<div class=\"elementor-element elementor-element-4ddadcb elementor-widget elementor-widget-image\" data-id=\"4ddadcb\" data-element_type=\"widget\" data-e-type=\"widget\" data-widget_type=\"image.default\">\n<div class=\"elementor-widget-container\">\n<div class=\"elementor-element elementor-element-2cbd12e elementor-widget-divider--view-line elementor-widget elementor-widget-divider\" data-id=\"2cbd12e\" data-element_type=\"widget\" data-e-type=\"widget\" data-widget_type=\"divider.default\">\n<div class=\"elementor-widget-container\">\n<div class=\"elementor-divider\">\n<section class=\"elementor-section elementor-inner-section elementor-element elementor-element-27c4a81 elementor-section-content-top elementor-section-boxed elementor-section-height-default elementor-section-height-default\" data-id=\"27c4a81\" data-element_type=\"section\" data-e-type=\"section\">\n<div class=\"elementor-container elementor-column-gap-default\">\n<div class=\"elementor-column elementor-col-50 elementor-inner-column elementor-element elementor-element-b717b31\" data-id=\"b717b31\" data-element_type=\"column\" data-e-type=\"column\">\n<div class=\"elementor-widget-wrap elementor-element-populated\">\n<div class=\"elementor-element elementor-element-73b9455 elementor-widget elementor-widget-text-editor\" data-id=\"73b9455\" data-element_type=\"widget\" data-e-type=\"widget\" data-widget_type=\"text-editor.default\">\n<div class=\"elementor-widget-container\">\n<h3 style=\"text-align: center;\"><span dir=\"auto\" style=\"font-size: 18pt;\">La era nazi (1933-1936)<\/span><\/h3>\n<p style=\"text-align: justify;\"><span dir=\"auto\" style=\"font-size: 14pt;\"><strong>Las reacciones iniciales de Schmitt ante el nombramiento de Hitler como <em>Canciller <\/em>fueron reservadas<\/strong>; <\/span><\/p>\n<blockquote>\n<p style=\"text-align: justify;\"><span dir=\"auto\" style=\"font-size: 14pt; color: #008000;\"><strong>describi\u00f3 la situaci\u00f3n como una jungla, sin saber si Hitler era una paloma o una serpiente.<\/strong><\/span><\/p>\n<\/blockquote>\n<p>&nbsp;<\/p>\n<p style=\"text-align: justify;\"><span dir=\"auto\" style=\"font-size: 14pt;\">Esto cambi\u00f3 con la <a href=\"https:\/\/es.wikipedia.org\/wiki\/Ley_habilitante_de_1933\" target=\"_blank\" rel=\"noopener\"><strong>Ley Habilitante del 23 de marzo de 1933<\/strong><\/a>, aprobada por una mayor\u00eda del <em>Reichstag<\/em> compuesta por el <em><strong>Partido Nazi<\/strong><\/em>, el <em><strong>Partido del Centro<\/strong><\/em> y los <em><strong>partidos burgueses<\/strong><\/em>. <\/span><\/p>\n<p style=\"text-align: justify;\"><span dir=\"auto\" style=\"font-size: 14pt;\"><strong>Schmitt<\/strong> reconoci\u00f3 de inmediato su <strong>significado revolucionario<\/strong> y lo coment\u00f3 en un art\u00edculo. <\/span><\/p>\n<p style=\"text-align: justify;\"><span dir=\"auto\" style=\"font-size: 14pt;\">Luego, el 31 de marzo, durante su viaje de Pascua a <em>Roma<\/em>, recibi\u00f3 un telegrama en <em>M\u00fanich<\/em> de su amigo <a href=\"https:\/\/es.wikipedia.org\/wiki\/Johannes_Popitz\" target=\"_blank\" rel=\"noopener\"><strong>Johannes Popitz<\/strong><\/a>, <em>Ministro de Finanzas prusiano<\/em>, y de <strong>von Papen<\/strong>, <\/span><\/p>\n<blockquote>\n<p style=\"text-align: justify;\"><span style=\"color: #008000;\"><strong><span dir=\"auto\" style=\"font-size: 14pt;\">convoc\u00e1ndolo al <em>Ministerio de Estado en Berl\u00edn<\/em> al d\u00eda siguiente para trabajar en la <em>Ley del Gobernador del Reich para la Gleichschaltung<\/em> (<em>coordinaci\u00f3n<\/em>) de los estados alemanes.<\/span><\/strong><\/span><\/p>\n<\/blockquote>\n<p>&nbsp;<\/p>\n<p style=\"text-align: justify;\"><span dir=\"auto\" style=\"font-size: 14pt;\"><strong>Cambi\u00f3 de planes y regres\u00f3 a <em>Berl\u00edn<\/em><\/strong>.<\/span><\/p>\n<\/div>\n<\/div>\n<\/div>\n<\/div>\n<\/div>\n<\/section>\n<\/div>\n<\/div>\n<\/div>\n<\/div>\n<\/div>\n<\/div>\n<\/div>\n<\/div>\n<\/section>\n<\/div>\n<\/div>\n<\/div>\n<\/div>\n<\/div>\n<\/section>\n<\/div>\n<p>&nbsp;<\/p>\n<figure id=\"attachment_2322700\" aria-describedby=\"caption-attachment-2322700\" style=\"width: 240px\" class=\"wp-caption aligncenter\"><a href=\"https:\/\/es.wikipedia.org\/wiki\/Johannes_Popitz\" target=\"_blank\" rel=\"noopener\"><img loading=\"lazy\" decoding=\"async\" class=\"wp-image-2322700\" src=\"https:\/\/puntocritico.com\/ausajpuntocritico\/wp-content\/uploads\/2026\/08\/Bundesarchiv_Bild_183-H27728_Johannes_Popitz_cropped-228x300.jpg\" alt=\"\" width=\"240\" height=\"316\" srcset=\"https:\/\/puntocritico.com\/ausajpuntocritico\/wp-content\/uploads\/2026\/08\/Bundesarchiv_Bild_183-H27728_Johannes_Popitz_cropped-228x300.jpg 228w, https:\/\/puntocritico.com\/ausajpuntocritico\/wp-content\/uploads\/2026\/08\/Bundesarchiv_Bild_183-H27728_Johannes_Popitz_cropped.jpg 289w\" sizes=\"auto, (max-width: 240px) 100vw, 240px\" \/><\/a><figcaption id=\"caption-attachment-2322700\" class=\"wp-caption-text\"><span style=\"color: #008000;\"><a style=\"color: #008000;\" href=\"https:\/\/es.wikipedia.org\/wiki\/Johannes_Popitz\" target=\"_blank\" rel=\"noopener\"><strong>Johannes Popitz<\/strong><\/a> (Leipzig, 2 de diciembre de 1884 &#8211; Berl\u00edn, 2 de febrero de 1945) fue un jurista y pol\u00edtico alem\u00e1n, ministro de Finanzas de Prusia y miembro de la Resistencia alemana. Imagen: Popitz fotografiado en 1934 <\/span><\/figcaption><\/figure>\n<p>&nbsp;<\/p>\n<div class=\"elementor-widget-container\">\n<section class=\"elementor-section elementor-inner-section elementor-element elementor-element-4de21af elementor-section-content-top elementor-section-boxed elementor-section-height-default elementor-section-height-default\" data-id=\"4de21af\" data-element_type=\"section\" data-e-type=\"section\">\n<div class=\"elementor-container elementor-column-gap-default\">\n<div class=\"elementor-column elementor-col-50 elementor-inner-column elementor-element elementor-element-7c82a46\" data-id=\"7c82a46\" data-element_type=\"column\" data-e-type=\"column\">\n<div class=\"elementor-widget-wrap elementor-element-populated\">\n<div class=\"elementor-element elementor-element-b853282 elementor-widget elementor-widget-image\" data-id=\"b853282\" data-element_type=\"widget\" data-e-type=\"widget\" data-widget_type=\"image.default\">\n<div class=\"elementor-widget-container\">\n<section class=\"elementor-section elementor-inner-section elementor-element elementor-element-a527363 elementor-section-content-top elementor-section-boxed elementor-section-height-default elementor-section-height-default\" data-id=\"a527363\" data-element_type=\"section\" data-e-type=\"section\">\n<div class=\"elementor-container elementor-column-gap-default\">\n<div class=\"elementor-column elementor-col-50 elementor-inner-column elementor-element elementor-element-d2c7a7f\" data-id=\"d2c7a7f\" data-element_type=\"column\" data-e-type=\"column\">\n<div class=\"elementor-widget-wrap elementor-element-populated\">\n<div class=\"elementor-element elementor-element-4ddadcb elementor-widget elementor-widget-image\" data-id=\"4ddadcb\" data-element_type=\"widget\" data-e-type=\"widget\" data-widget_type=\"image.default\">\n<div class=\"elementor-widget-container\">\n<div class=\"elementor-element elementor-element-2cbd12e elementor-widget-divider--view-line elementor-widget elementor-widget-divider\" data-id=\"2cbd12e\" data-element_type=\"widget\" data-e-type=\"widget\" data-widget_type=\"divider.default\">\n<div class=\"elementor-widget-container\">\n<div class=\"elementor-divider\">\n<section class=\"elementor-section elementor-inner-section elementor-element elementor-element-27c4a81 elementor-section-content-top elementor-section-boxed elementor-section-height-default elementor-section-height-default\" data-id=\"27c4a81\" data-element_type=\"section\" data-e-type=\"section\">\n<div class=\"elementor-container elementor-column-gap-default\">\n<div class=\"elementor-column elementor-col-50 elementor-inner-column elementor-element elementor-element-b717b31\" data-id=\"b717b31\" data-element_type=\"column\" data-e-type=\"column\">\n<div class=\"elementor-widget-wrap elementor-element-populated\">\n<div class=\"elementor-element elementor-element-73b9455 elementor-widget elementor-widget-text-editor\" data-id=\"73b9455\" data-element_type=\"widget\" data-e-type=\"widget\" data-widget_type=\"text-editor.default\">\n<div class=\"elementor-widget-container\">\n<p style=\"text-align: justify;\"><span dir=\"auto\" style=\"font-size: 14pt;\">Mientras trabajaba en la legislaci\u00f3n, <strong>conoci\u00f3 a varias figuras prominentes del r\u00e9gimen<\/strong>, sobre todo a <strong>Hermann G\u00f6ring<\/strong>. En una recepci\u00f3n de prensa, vio a <strong>Hitler<\/strong> de cerca por primera y \u00fanica vez.<\/span><\/p>\n<p style=\"text-align: justify;\"><span style=\"font-size: 14pt;\"><span dir=\"auto\">En ese momento, <strong>Schmitt<\/strong> se mud\u00f3 con su familia a <em>Colonia<\/em> y comenz\u00f3 a impartir clases en la universidad. A finales de abril, <strong>se afili\u00f3 al Partido Nazi (NSDAP)<\/strong> y <strong>entabl\u00f3 amistad con activistas nazis locales<\/strong>.<\/span><\/span><\/p>\n<\/div>\n<\/div>\n<\/div>\n<\/div>\n<\/div>\n<\/section>\n<\/div>\n<\/div>\n<\/div>\n<\/div>\n<\/div>\n<\/div>\n<\/div>\n<\/div>\n<\/section>\n<\/div>\n<\/div>\n<\/div>\n<\/div>\n<\/div>\n<\/section>\n<\/div>\n<p>&nbsp;<\/p>\n<blockquote>\n<p style=\"text-align: center;\"><span style=\"color: #008000;\"><strong><span style=\"font-size: 14pt;\"><span dir=\"auto\">A finales de abril, Schmitt se afili\u00f3 al Partido Nazi (NSDAP) y entabl\u00f3 amistad con activistas nazis locales.<\/span><\/span><\/strong><\/span><\/p>\n<\/blockquote>\n<p>&nbsp;<\/p>\n<div class=\"elementor-widget-container\">\n<section class=\"elementor-section elementor-inner-section elementor-element elementor-element-4de21af elementor-section-content-top elementor-section-boxed elementor-section-height-default elementor-section-height-default\" data-id=\"4de21af\" data-element_type=\"section\" data-e-type=\"section\">\n<div class=\"elementor-container elementor-column-gap-default\">\n<div class=\"elementor-column elementor-col-50 elementor-inner-column elementor-element elementor-element-7c82a46\" data-id=\"7c82a46\" data-element_type=\"column\" data-e-type=\"column\">\n<div class=\"elementor-widget-wrap elementor-element-populated\">\n<div class=\"elementor-element elementor-element-b853282 elementor-widget elementor-widget-image\" data-id=\"b853282\" data-element_type=\"widget\" data-e-type=\"widget\" data-widget_type=\"image.default\">\n<div class=\"elementor-widget-container\">\n<section class=\"elementor-section elementor-inner-section elementor-element elementor-element-a527363 elementor-section-content-top elementor-section-boxed elementor-section-height-default elementor-section-height-default\" data-id=\"a527363\" data-element_type=\"section\" data-e-type=\"section\">\n<div class=\"elementor-container elementor-column-gap-default\">\n<div class=\"elementor-column elementor-col-50 elementor-inner-column elementor-element elementor-element-d2c7a7f\" data-id=\"d2c7a7f\" data-element_type=\"column\" data-e-type=\"column\">\n<div class=\"elementor-widget-wrap elementor-element-populated\">\n<div class=\"elementor-element elementor-element-4ddadcb elementor-widget elementor-widget-image\" data-id=\"4ddadcb\" data-element_type=\"widget\" data-e-type=\"widget\" data-widget_type=\"image.default\">\n<div class=\"elementor-widget-container\">\n<div class=\"elementor-element elementor-element-2cbd12e elementor-widget-divider--view-line elementor-widget elementor-widget-divider\" data-id=\"2cbd12e\" data-element_type=\"widget\" data-e-type=\"widget\" data-widget_type=\"divider.default\">\n<div class=\"elementor-widget-container\">\n<div class=\"elementor-divider\">\n<section class=\"elementor-section elementor-inner-section elementor-element elementor-element-27c4a81 elementor-section-content-top elementor-section-boxed elementor-section-height-default elementor-section-height-default\" data-id=\"27c4a81\" data-element_type=\"section\" data-e-type=\"section\">\n<div class=\"elementor-container elementor-column-gap-default\">\n<div class=\"elementor-column elementor-col-50 elementor-inner-column elementor-element elementor-element-b717b31\" data-id=\"b717b31\" data-element_type=\"column\" data-e-type=\"column\">\n<div class=\"elementor-widget-wrap elementor-element-populated\">\n<div class=\"elementor-element elementor-element-73b9455 elementor-widget elementor-widget-text-editor\" data-id=\"73b9455\" data-element_type=\"widget\" data-e-type=\"widget\" data-widget_type=\"text-editor.default\">\n<div class=\"elementor-widget-container\">\n<p style=\"text-align: justify;\"><span style=\"font-size: 14pt;\"><span dir=\"auto\"><strong>Public\u00f3 numerosos art\u00edculos, a menudo pol\u00e9micos, en peri\u00f3dicos del partido<\/strong> como el \u00ab<\/span><em><span dir=\"auto\">Westdeutscher Beobachter<\/span><\/em><span dir=\"auto\">\u00bb y el \u00ab<\/span><em><span dir=\"auto\">V\u00f6lkischer Beobachter<\/span><\/em><span dir=\"auto\">\u00ab, todos ellos impregnados del esp\u00edritu de la \u00ab<strong><em>nueva revoluci\u00f3n alemana<\/em><\/strong>\u00ab.<\/span><\/span><\/p>\n<\/div>\n<\/div>\n<\/div>\n<\/div>\n<\/div>\n<\/section>\n<\/div>\n<\/div>\n<\/div>\n<\/div>\n<\/div>\n<\/div>\n<\/div>\n<\/div>\n<\/section>\n<\/div>\n<\/div>\n<\/div>\n<\/div>\n<\/div>\n<\/section>\n<\/div>\n<p>&nbsp;<\/p>\n<figure id=\"attachment_2322546\" aria-describedby=\"caption-attachment-2322546\" style=\"width: 260px\" class=\"wp-caption aligncenter\"><img loading=\"lazy\" decoding=\"async\" class=\"wp-image-2322546\" src=\"https:\/\/puntocritico.com\/ausajpuntocritico\/wp-content\/uploads\/2026\/08\/Invitacion-a-la-conferencia-de-Carl-Schmitt-titulada-Sobre-los-tres-tipos-de-pensamiento-juridico-en-la-Casa-Harnack-del-KWG-el-21-de-febrero-de-1934-211x300.png\" alt=\"\" width=\"260\" height=\"369\" srcset=\"https:\/\/puntocritico.com\/ausajpuntocritico\/wp-content\/uploads\/2026\/08\/Invitacion-a-la-conferencia-de-Carl-Schmitt-titulada-Sobre-los-tres-tipos-de-pensamiento-juridico-en-la-Casa-Harnack-del-KWG-el-21-de-febrero-de-1934-211x300.png 211w, https:\/\/puntocritico.com\/ausajpuntocritico\/wp-content\/uploads\/2026\/08\/Invitacion-a-la-conferencia-de-Carl-Schmitt-titulada-Sobre-los-tres-tipos-de-pensamiento-juridico-en-la-Casa-Harnack-del-KWG-el-21-de-febrero-de-1934.png 578w\" sizes=\"auto, (max-width: 260px) 100vw, 260px\" \/><figcaption id=\"caption-attachment-2322546\" class=\"wp-caption-text\"><span style=\"color: #008000;\"><strong>Invitaci\u00f3n a la conferencia de Carl Schmitt titulada \u00ab<em>Sobre los tres tipos de pensamiento jur\u00eddico<\/em>\u00ab<\/strong> en la Casa Harnack del KWG el 21 de febrero de 1934.<\/span><\/figcaption><\/figure>\n<p>&nbsp;<\/p>\n<p style=\"text-align: justify;\"><span style=\"font-size: 14pt; text-align: justify;\">En julio de 1933, <\/span><strong style=\"font-size: 14pt; text-align: justify;\">G\u00f6ring<\/strong><span style=\"font-size: 14pt; text-align: justify;\"> lo nombr\u00f3 <\/span><strong style=\"font-size: 14pt; text-align: justify;\">miembro del reci\u00e9n formado <em>Consejo de Estado prusiano<\/em><\/strong><span style=\"font-size: 14pt; text-align: justify;\">; sin embargo, sus esperanzas de obtener mayor influencia pol\u00edtica gracias a este nombramiento no se cumplieron.<\/span><\/p>\n<div class=\"elementor-widget-container\">\n<section class=\"elementor-section elementor-inner-section elementor-element elementor-element-4de21af elementor-section-content-top elementor-section-boxed elementor-section-height-default elementor-section-height-default\" data-id=\"4de21af\" data-element_type=\"section\" data-e-type=\"section\">\n<div class=\"elementor-container elementor-column-gap-default\">\n<div class=\"elementor-column elementor-col-50 elementor-inner-column elementor-element elementor-element-7c82a46\" data-id=\"7c82a46\" data-element_type=\"column\" data-e-type=\"column\">\n<div class=\"elementor-widget-wrap elementor-element-populated\">\n<div class=\"elementor-element elementor-element-b853282 elementor-widget elementor-widget-image\" data-id=\"b853282\" data-element_type=\"widget\" data-e-type=\"widget\" data-widget_type=\"image.default\">\n<div class=\"elementor-widget-container\">\n<section class=\"elementor-section elementor-inner-section elementor-element elementor-element-a527363 elementor-section-content-top elementor-section-boxed elementor-section-height-default elementor-section-height-default\" data-id=\"a527363\" data-element_type=\"section\" data-e-type=\"section\">\n<div class=\"elementor-container elementor-column-gap-default\">\n<div class=\"elementor-column elementor-col-50 elementor-inner-column elementor-element elementor-element-d2c7a7f\" data-id=\"d2c7a7f\" data-element_type=\"column\" data-e-type=\"column\">\n<div class=\"elementor-widget-wrap elementor-element-populated\">\n<div class=\"elementor-element elementor-element-4ddadcb elementor-widget elementor-widget-image\" data-id=\"4ddadcb\" data-element_type=\"widget\" data-e-type=\"widget\" data-widget_type=\"image.default\">\n<div class=\"elementor-widget-container\">\n<div class=\"elementor-element elementor-element-2cbd12e elementor-widget-divider--view-line elementor-widget elementor-widget-divider\" data-id=\"2cbd12e\" data-element_type=\"widget\" data-e-type=\"widget\" data-widget_type=\"divider.default\">\n<div class=\"elementor-widget-container\">\n<div class=\"elementor-divider\">\n<section class=\"elementor-section elementor-inner-section elementor-element elementor-element-27c4a81 elementor-section-content-top elementor-section-boxed elementor-section-height-default elementor-section-height-default\" data-id=\"27c4a81\" data-element_type=\"section\" data-e-type=\"section\">\n<div class=\"elementor-container elementor-column-gap-default\">\n<div class=\"elementor-column elementor-col-50 elementor-inner-column elementor-element elementor-element-b717b31\" data-id=\"b717b31\" data-element_type=\"column\" data-e-type=\"column\">\n<div class=\"elementor-widget-wrap elementor-element-populated\">\n<div class=\"elementor-element elementor-element-73b9455 elementor-widget elementor-widget-text-editor\" data-id=\"73b9455\" data-element_type=\"widget\" data-e-type=\"widget\" data-widget_type=\"text-editor.default\">\n<div class=\"elementor-widget-container\">\n<p style=\"text-align: justify;\"><span style=\"font-size: 14pt;\"><span dir=\"auto\"><strong>Gracias a sus estrechos v\u00ednculos con el <em>abogado del partido<\/em>, Hans Frank, <em>ministro de Justicia de Baviera y comisario de Justicia del Reich<\/em><\/strong>, <\/span><\/span><\/p>\n<blockquote>\n<p style=\"text-align: justify;\"><span style=\"color: #008000;\"><strong><span style=\"font-size: 14pt;\"><span dir=\"auto\">consigui\u00f3 puestos influyentes en la <em>Academia de Derecho Alem\u00e1n<\/em> y se convirti\u00f3 en <em>jefe de la Asociaci\u00f3n de Profesores Universitarios del Reich dentro de la Liga de Juristas Nacionalsocialistas Alemanes<\/em> (BNSDJ).<\/span><\/span><\/strong><\/span><\/p>\n<\/blockquote>\n<p>&nbsp;<\/p>\n<p style=\"text-align: justify;\"><span style=\"font-size: 14pt;\"><span dir=\"auto\">En la <strong>Conferencia de Juristas de Leipzig<\/strong>, celebrada en oto\u00f1o de 1933, <strong>Schmitt<\/strong> fue uno de los oradores principales sobre el tema de la reestructuraci\u00f3n del derecho constitucional y administrativo.<\/span><\/span><\/p>\n<p style=\"text-align: justify;\"><span style=\"font-size: 14pt;\"><span dir=\"auto\">Mientras tanto, hab\u00eda recibido ofertas de las <em>universidades de Heidelberg y M\u00fanich<\/em>, pero <strong>acept\u00f3 una c\u00e1tedra de nueva creaci\u00f3n en la <em>Universidad de Berl\u00edn<\/em>,<\/strong> que asumi\u00f3 el 1 de octubre y donde imparti\u00f3 su primera conferencia el 8 de noviembre.<\/span><\/span><\/p>\n<\/div>\n<\/div>\n<\/div>\n<\/div>\n<\/div>\n<\/section>\n<\/div>\n<\/div>\n<\/div>\n<\/div>\n<\/div>\n<\/div>\n<\/div>\n<\/div>\n<\/section>\n<\/div>\n<\/div>\n<\/div>\n<\/div>\n<\/div>\n<\/section>\n<\/div>\n<p>&nbsp;<\/p>\n<figure id=\"attachment_2322547\" aria-describedby=\"caption-attachment-2322547\" style=\"width: 280px\" class=\"wp-caption aligncenter\"><img loading=\"lazy\" decoding=\"async\" class=\"wp-image-2322547\" src=\"https:\/\/puntocritico.com\/ausajpuntocritico\/wp-content\/uploads\/2026\/08\/Lista-de-invitados-a-la-cena-del-presidente-del-KWG-en-la-Casa-Harnack-el-16-de-enero-de-1934-Entre-los-asistentes-se-encontraban-el-Dr.-Schmitt-Ministro-de-Economia-del-Reich-211x300.png\" alt=\"\" width=\"280\" height=\"398\" srcset=\"https:\/\/puntocritico.com\/ausajpuntocritico\/wp-content\/uploads\/2026\/08\/Lista-de-invitados-a-la-cena-del-presidente-del-KWG-en-la-Casa-Harnack-el-16-de-enero-de-1934-Entre-los-asistentes-se-encontraban-el-Dr.-Schmitt-Ministro-de-Economia-del-Reich-211x300.png 211w, https:\/\/puntocritico.com\/ausajpuntocritico\/wp-content\/uploads\/2026\/08\/Lista-de-invitados-a-la-cena-del-presidente-del-KWG-en-la-Casa-Harnack-el-16-de-enero-de-1934-Entre-los-asistentes-se-encontraban-el-Dr.-Schmitt-Ministro-de-Economia-del-Reich-721x1024.png 721w, https:\/\/puntocritico.com\/ausajpuntocritico\/wp-content\/uploads\/2026\/08\/Lista-de-invitados-a-la-cena-del-presidente-del-KWG-en-la-Casa-Harnack-el-16-de-enero-de-1934-Entre-los-asistentes-se-encontraban-el-Dr.-Schmitt-Ministro-de-Economia-del-Reich-768x1091.png 768w, https:\/\/puntocritico.com\/ausajpuntocritico\/wp-content\/uploads\/2026\/08\/Lista-de-invitados-a-la-cena-del-presidente-del-KWG-en-la-Casa-Harnack-el-16-de-enero-de-1934-Entre-los-asistentes-se-encontraban-el-Dr.-Schmitt-Ministro-de-Economia-del-Reich.png 928w\" sizes=\"auto, (max-width: 280px) 100vw, 280px\" \/><figcaption id=\"caption-attachment-2322547\" class=\"wp-caption-text\"><span style=\"color: #008000;\">Lista de invitados a la cena del presidente del KWG en la Casa Harnack el 16 de enero de 1934. Entre los asistentes se encontraban el <strong>Dr. Schmitt<\/strong> (<em>Ministro de Econom\u00eda del Reich<\/em>), <strong>von Reichenau<\/strong> (<em>Coronel y Jefe de la Oficina Ministerial del Ministerio de Defensa del Reich<\/em>), <strong>Eduard Spranger<\/strong>, <strong>Carl Schmitt<\/strong>, <strong>Rudolf Smend<\/strong>, <strong>Guderian<\/strong> (<em>Coronel<\/em>), <strong>[Victor] Bruns<\/strong><\/span><\/figcaption><\/figure>\n<p>&nbsp;<\/p>\n<div class=\"elementor-widget-container\">\n<section class=\"elementor-section elementor-inner-section elementor-element elementor-element-4de21af elementor-section-content-top elementor-section-boxed elementor-section-height-default elementor-section-height-default\" data-id=\"4de21af\" data-element_type=\"section\" data-e-type=\"section\">\n<div class=\"elementor-container elementor-column-gap-default\">\n<div class=\"elementor-column elementor-col-50 elementor-inner-column elementor-element elementor-element-7c82a46\" data-id=\"7c82a46\" data-element_type=\"column\" data-e-type=\"column\">\n<div class=\"elementor-widget-wrap elementor-element-populated\">\n<div class=\"elementor-element elementor-element-b853282 elementor-widget elementor-widget-image\" data-id=\"b853282\" data-element_type=\"widget\" data-e-type=\"widget\" data-widget_type=\"image.default\">\n<div class=\"elementor-widget-container\">\n<section class=\"elementor-section elementor-inner-section elementor-element elementor-element-a527363 elementor-section-content-top elementor-section-boxed elementor-section-height-default elementor-section-height-default\" data-id=\"a527363\" data-element_type=\"section\" data-e-type=\"section\">\n<div class=\"elementor-container elementor-column-gap-default\">\n<div class=\"elementor-column elementor-col-50 elementor-inner-column elementor-element elementor-element-d2c7a7f\" data-id=\"d2c7a7f\" data-element_type=\"column\" data-e-type=\"column\">\n<div class=\"elementor-widget-wrap elementor-element-populated\">\n<div class=\"elementor-element elementor-element-4ddadcb elementor-widget elementor-widget-image\" data-id=\"4ddadcb\" data-element_type=\"widget\" data-e-type=\"widget\" data-widget_type=\"image.default\">\n<div class=\"elementor-widget-container\">\n<div class=\"elementor-element elementor-element-2cbd12e elementor-widget-divider--view-line elementor-widget elementor-widget-divider\" data-id=\"2cbd12e\" data-element_type=\"widget\" data-e-type=\"widget\" data-widget_type=\"divider.default\">\n<div class=\"elementor-widget-container\">\n<div class=\"elementor-divider\">\n<section class=\"elementor-section elementor-inner-section elementor-element elementor-element-27c4a81 elementor-section-content-top elementor-section-boxed elementor-section-height-default elementor-section-height-default\" data-id=\"27c4a81\" data-element_type=\"section\" data-e-type=\"section\">\n<div class=\"elementor-container elementor-column-gap-default\">\n<div class=\"elementor-column elementor-col-50 elementor-inner-column elementor-element elementor-element-b717b31\" data-id=\"b717b31\" data-element_type=\"column\" data-e-type=\"column\">\n<div class=\"elementor-widget-wrap elementor-element-populated\">\n<div class=\"elementor-element elementor-element-73b9455 elementor-widget elementor-widget-text-editor\" data-id=\"73b9455\" data-element_type=\"widget\" data-e-type=\"widget\" data-widget_type=\"text-editor.default\">\n<div class=\"elementor-widget-container\">\n<p style=\"text-align: justify;\"><span style=\"font-size: 14pt;\"><span dir=\"auto\"><strong>Schmitt<\/strong> tambi\u00e9n cambi\u00f3 de editorial, pasando de<em><strong> Duncker &amp; Humblot<\/strong><\/em>, de <strong>Ludwig Feuchtwanger,<\/strong> con su tradici\u00f3n de 1848, a la editorial hanse\u00e1tica de <strong>Wilhelm Stapels<\/strong>, donde, adem\u00e1s de una nueva edici\u00f3n contempor\u00e1nea de su <strong>*<\/strong><\/span><strong><em><span dir=\"auto\">Concepto de lo pol\u00edtico*<\/span><\/em><\/strong><span dir=\"auto\"> (1933), <strong>public\u00f3 su obra *<em>Estado, movimiento, pueblo*<\/em> (1933) en la serie *<\/strong><\/span><strong><em><span dir=\"auto\">El Estado alem\u00e1n del presente<\/span><\/em><\/strong><span dir=\"auto\"><strong>*<\/strong>, <\/span><\/span><\/p>\n<blockquote>\n<p style=\"text-align: justify;\"><span style=\"color: #008000;\"><strong><span style=\"font-size: 14pt;\"><span dir=\"auto\">en la que pretend\u00eda establecer un marco constitucional para contener la situaci\u00f3n revolucionaria tras la <em>Ley Habilitante<\/em>.<\/span><\/span><\/strong><\/span><\/p>\n<\/blockquote>\n<p>&nbsp;<\/p>\n<p style=\"text-align: justify;\"><span style=\"font-size: 14pt;\"><span dir=\"auto\"><strong>En el Estado unipartidista, exist\u00eda una \u00ab<em>estructura triple de unidad pol\u00edtica<\/em>\u00bb en la \u00ab<em>tr\u00edada de Estado, movimiento y pueblo<\/em>\u00ab, en la que <a href=\"https:\/\/puntocritico.com\/ausajpuntocritico\/2026\/07\/15\/el-movimiento-nacional\/\" target=\"_blank\" rel=\"noopener\"><em>El Movimiento<\/em><\/a> era el elemento \u00ab<em>pol\u00edticamente din\u00e1mico<\/em>\u00bb entre la parte \u00ab<em>pol\u00edticamente est\u00e1tica<\/em>\u00bb del Estado y la parte \u00ab<em>apol\u00edtica<\/em>\u00ab<\/strong>: <\/span><\/span><\/p>\n<blockquote>\n<p style=\"text-align: justify;\"><span style=\"font-size: 14pt; color: #008000;\"><span dir=\"auto\"><strong>el pueblo.<\/strong><\/span><\/span><\/p>\n<\/blockquote>\n<p>&nbsp;<\/p>\n<p style=\"text-align: justify;\"><span style=\"font-size: 14pt;\"><span dir=\"auto\">Un \u00ab<strong><em>consejo de liderazgo<\/em><\/strong>\u00bb, seleccionado por el <em><strong>F\u00fchrer <\/strong><\/em>y que \u00e9l concibi\u00f3 como el<em> Consejo de Estado prusiano<\/em>, garantizar\u00eda que se tuvieran en cuenta las necesidades profesionales y regionales. <strong>La base del liderazgo era la igualdad de car\u00e1cter entre l\u00edder y seguidores<\/strong>.<\/span><\/span><\/p>\n<\/div>\n<\/div>\n<\/div>\n<\/div>\n<\/div>\n<\/section>\n<\/div>\n<\/div>\n<\/div>\n<\/div>\n<\/div>\n<\/div>\n<\/div>\n<\/div>\n<\/section>\n<\/div>\n<\/div>\n<\/div>\n<\/div>\n<\/div>\n<\/section>\n<\/div>\n<p>&nbsp;<\/p>\n<figure id=\"attachment_2322548\" aria-describedby=\"caption-attachment-2322548\" style=\"width: 280px\" class=\"wp-caption aligncenter\"><img loading=\"lazy\" decoding=\"async\" class=\"wp-image-2322548\" src=\"https:\/\/puntocritico.com\/ausajpuntocritico\/wp-content\/uploads\/2026\/08\/Notas-de-Carl-Schmitt-en-la-primera-pagina-del-articulo-El-Fuhrer-protege-la-ley-Revista-de-Abogados-Alemanes-1-de-agosto-de-1934-210x300.png\" alt=\"\" width=\"280\" height=\"399\" srcset=\"https:\/\/puntocritico.com\/ausajpuntocritico\/wp-content\/uploads\/2026\/08\/Notas-de-Carl-Schmitt-en-la-primera-pagina-del-articulo-El-Fuhrer-protege-la-ley-Revista-de-Abogados-Alemanes-1-de-agosto-de-1934-210x300.png 210w, https:\/\/puntocritico.com\/ausajpuntocritico\/wp-content\/uploads\/2026\/08\/Notas-de-Carl-Schmitt-en-la-primera-pagina-del-articulo-El-Fuhrer-protege-la-ley-Revista-de-Abogados-Alemanes-1-de-agosto-de-1934.png 652w\" sizes=\"auto, (max-width: 280px) 100vw, 280px\" \/><figcaption id=\"caption-attachment-2322548\" class=\"wp-caption-text\"><span style=\"color: #008000;\"><strong>Notas de Carl Schmitt<\/strong> en la primera p\u00e1gina del art\u00edculo \u00ab<em><strong>El F\u00fchrer protege la ley<\/strong><\/em>\u00ab, Revista de Abogados Alemanes, 1 de agosto de 1934.<\/span><\/figcaption><\/figure>\n<p>&nbsp;<\/p>\n<div class=\"elementor-widget-container\">\n<section class=\"elementor-section elementor-inner-section elementor-element elementor-element-4de21af elementor-section-content-top elementor-section-boxed elementor-section-height-default elementor-section-height-default\" data-id=\"4de21af\" data-element_type=\"section\" data-e-type=\"section\">\n<div class=\"elementor-container elementor-column-gap-default\">\n<div class=\"elementor-column elementor-col-50 elementor-inner-column elementor-element elementor-element-7c82a46\" data-id=\"7c82a46\" data-element_type=\"column\" data-e-type=\"column\">\n<div class=\"elementor-widget-wrap elementor-element-populated\">\n<div class=\"elementor-element elementor-element-b853282 elementor-widget elementor-widget-image\" data-id=\"b853282\" data-element_type=\"widget\" data-e-type=\"widget\" data-widget_type=\"image.default\">\n<div class=\"elementor-widget-container\">\n<section class=\"elementor-section elementor-inner-section elementor-element elementor-element-a527363 elementor-section-content-top elementor-section-boxed elementor-section-height-default elementor-section-height-default\" data-id=\"a527363\" data-element_type=\"section\" data-e-type=\"section\">\n<div class=\"elementor-container elementor-column-gap-default\">\n<div class=\"elementor-column elementor-col-50 elementor-inner-column elementor-element elementor-element-d2c7a7f\" data-id=\"d2c7a7f\" data-element_type=\"column\" data-e-type=\"column\">\n<div class=\"elementor-widget-wrap elementor-element-populated\">\n<div class=\"elementor-element elementor-element-4ddadcb elementor-widget elementor-widget-image\" data-id=\"4ddadcb\" data-element_type=\"widget\" data-e-type=\"widget\" data-widget_type=\"image.default\">\n<div class=\"elementor-widget-container\">\n<div class=\"elementor-element elementor-element-2cbd12e elementor-widget-divider--view-line elementor-widget elementor-widget-divider\" data-id=\"2cbd12e\" data-element_type=\"widget\" data-e-type=\"widget\" data-widget_type=\"divider.default\">\n<div class=\"elementor-widget-container\">\n<div class=\"elementor-divider\">\n<section class=\"elementor-section elementor-inner-section elementor-element elementor-element-27c4a81 elementor-section-content-top elementor-section-boxed elementor-section-height-default elementor-section-height-default\" data-id=\"27c4a81\" data-element_type=\"section\" data-e-type=\"section\">\n<div class=\"elementor-container elementor-column-gap-default\">\n<div class=\"elementor-column elementor-col-50 elementor-inner-column elementor-element elementor-element-b717b31\" data-id=\"b717b31\" data-element_type=\"column\" data-e-type=\"column\">\n<div class=\"elementor-widget-wrap elementor-element-populated\">\n<div class=\"elementor-element elementor-element-73b9455 elementor-widget elementor-widget-text-editor\" data-id=\"73b9455\" data-element_type=\"widget\" data-e-type=\"widget\" data-widget_type=\"text-editor.default\">\n<div class=\"elementor-widget-container\">\n<p style=\"text-align: justify;\"><span style=\"font-size: 14pt;\"><span dir=\"auto\">Sin embargo, el <em><strong>principio del F\u00fchrer,<\/strong><\/em> proclamado con tanto \u00e9nfasis, no condujo en la pr\u00e1ctica a una concentraci\u00f3n del poder de decisi\u00f3n, sino m\u00e1s bien a <strong>una lucha de poder entre las \u00e9lites dirigentes nazis<\/strong>, lo que deriv\u00f3 en una \u00ab<strong><em>policracia<\/em><\/strong>\u00bb, como el propio <strong>Schmitt<\/strong> reconoci\u00f3 posteriormente. <\/span><\/span><\/p>\n<p style=\"text-align: justify;\"><span style=\"font-size: 14pt;\"><span dir=\"auto\">Ese mismo a\u00f1o, public\u00f3 sus\u00a0<strong><em>Cinco Principios Rectores para la Pr\u00e1ctica Jur\u00eddica<\/em><\/strong>\u00a0(1933), de amplia difusi\u00f3n, <strong>ampliando as\u00ed las cl\u00e1usulas generales anteriores<\/strong><\/span><\/span><\/p>\n<blockquote>\n<p style=\"text-align: justify;\"><span style=\"font-size: 14pt; color: #008000;\"><span dir=\"auto\"><strong>para comprometer al p\u00fablico a su interpretaci\u00f3n ilimitada de acuerdo con los principios fundamentales del nacionalsocialismo<\/strong>.<\/span><\/span><\/p>\n<\/blockquote>\n<p>&nbsp;<\/p>\n<\/div>\n<\/div>\n<\/div>\n<\/div>\n<\/div>\n<\/section>\n<section class=\"elementor-section elementor-inner-section elementor-element elementor-element-3bc21bb elementor-section-content-top elementor-section-boxed elementor-section-height-default elementor-section-height-default\" data-id=\"3bc21bb\" data-element_type=\"section\" data-e-type=\"section\">\n<div class=\"elementor-container elementor-column-gap-default\">\n<div class=\"elementor-column elementor-col-50 elementor-inner-column elementor-element elementor-element-07cb5f0\" style=\"text-align: justify;\" data-id=\"07cb5f0\" data-element_type=\"column\" data-e-type=\"column\"><span style=\"font-size: 14pt;\"><span dir=\"auto\">En su tratado\u00a0<\/span><strong><em><span dir=\"auto\">Sobre los tres tipos de pensamiento jur\u00eddico<\/span><\/em><\/strong><span dir=\"auto\">\u00a0(1934), <strong>complement\u00f3 su distinci\u00f3n previa entre normativismo y decisionismo<\/strong> con el concepto de \u00ab<em>pensamiento concreto sobre el orden y el dise\u00f1o<\/em>\u00bb.<\/span><\/span><\/div>\n<div data-id=\"07cb5f0\" data-element_type=\"column\" data-e-type=\"column\">\n<div data-id=\"07cb5f0\" data-element_type=\"column\" data-e-type=\"column\">\u00a0<\/div>\n<div class=\"elementor-column elementor-col-50 elementor-inner-column elementor-element elementor-element-07cb5f0\" style=\"text-align: justify;\" data-id=\"07cb5f0\" data-element_type=\"column\" data-e-type=\"column\"><span style=\"font-size: 14pt;\"><span dir=\"auto\"><strong>Sosten\u00eda que el positivismo jur\u00eddico del siglo XIX estaba siendo reemplazado por un pensamiento institucional sobre el orden<\/strong>, inspirado en el te\u00f3rico franc\u00e9s <a href=\"https:\/\/es.wikipedia.org\/wiki\/Maurice_Hauriou\" target=\"_blank\" rel=\"noopener\"><strong>Maurice Hauriou<\/strong><\/a>. <\/span><\/span><\/div>\n<div data-id=\"07cb5f0\" data-element_type=\"column\" data-e-type=\"column\">\u00a0<\/div>\n<div class=\"elementor-column elementor-col-50 elementor-inner-column elementor-element elementor-element-07cb5f0\" style=\"text-align: justify;\" data-id=\"07cb5f0\" data-element_type=\"column\" data-e-type=\"column\"><span style=\"font-size: 14pt;\"><span dir=\"auto\"><strong>El \u00ab<em>orden concreto<\/em>\u00bb de un pueblo es su \u00ab<em>nomos<\/em>\u00bb<\/strong>; aqu\u00ed apareci\u00f3, por primera vez, el concepto que m\u00e1s tarde se volver\u00eda tan importante para <strong>Schmitt<\/strong>.<\/span><\/span><\/div>\n<\/div>\n<\/div>\n<\/section>\n<\/div>\n<\/div>\n<\/div>\n<\/div>\n<\/div>\n<\/div>\n<\/div>\n<\/div>\n<\/section>\n<\/div>\n<\/div>\n<\/div>\n<\/div>\n<\/div>\n<\/section>\n<\/div>\n<div data-id=\"07cb5f0\" data-element_type=\"column\" data-e-type=\"column\">\u00a0<\/div>\n<blockquote>\n<div style=\"text-align: center;\" data-id=\"07cb5f0\" data-element_type=\"column\" data-e-type=\"column\"><strong><span style=\"font-size: 14pt; color: #008000;\"><span dir=\"auto\">El \u00ab<em>orden concreto<\/em>\u00bb de un pueblo es su \u00ab<em>nomos<\/em>\u00bb<\/span><\/span><\/strong><\/div>\n<\/blockquote>\n<div data-id=\"07cb5f0\" data-element_type=\"column\" data-e-type=\"column\">\u00a0<\/div>\n<div data-id=\"07cb5f0\" data-element_type=\"column\" data-e-type=\"column\"><img loading=\"lazy\" decoding=\"async\" class=\"aligncenter wp-image-2322666\" src=\"https:\/\/puntocritico.com\/ausajpuntocritico\/wp-content\/uploads\/2026\/08\/Carl-Schmitt-orador-nazi-267x300.jpg\" alt=\"\" width=\"360\" height=\"405\" srcset=\"https:\/\/puntocritico.com\/ausajpuntocritico\/wp-content\/uploads\/2026\/08\/Carl-Schmitt-orador-nazi-267x300.jpg 267w, https:\/\/puntocritico.com\/ausajpuntocritico\/wp-content\/uploads\/2026\/08\/Carl-Schmitt-orador-nazi-910x1024.jpg 910w, https:\/\/puntocritico.com\/ausajpuntocritico\/wp-content\/uploads\/2026\/08\/Carl-Schmitt-orador-nazi-768x864.jpg 768w, https:\/\/puntocritico.com\/ausajpuntocritico\/wp-content\/uploads\/2026\/08\/Carl-Schmitt-orador-nazi-1365x1536.jpg 1365w, https:\/\/puntocritico.com\/ausajpuntocritico\/wp-content\/uploads\/2026\/08\/Carl-Schmitt-orador-nazi-1820x2048.jpg 1820w, https:\/\/puntocritico.com\/ausajpuntocritico\/wp-content\/uploads\/2026\/08\/Carl-Schmitt-orador-nazi-1320x1485.jpg 1320w, https:\/\/puntocritico.com\/ausajpuntocritico\/wp-content\/uploads\/2026\/08\/Carl-Schmitt-orador-nazi.jpg 1920w\" sizes=\"auto, (max-width: 360px) 100vw, 360px\" \/><\/div>\n<div data-id=\"07cb5f0\" data-element_type=\"column\" data-e-type=\"column\">\u00a0<\/div>\n<div data-id=\"07cb5f0\" data-element_type=\"column\" data-e-type=\"column\">\u00a0<\/div>\n<div class=\"elementor-widget-container\">\n<section class=\"elementor-section elementor-inner-section elementor-element elementor-element-4de21af elementor-section-content-top elementor-section-boxed elementor-section-height-default elementor-section-height-default\" data-id=\"4de21af\" data-element_type=\"section\" data-e-type=\"section\">\n<div class=\"elementor-container elementor-column-gap-default\">\n<div class=\"elementor-column elementor-col-50 elementor-inner-column elementor-element elementor-element-7c82a46\" data-id=\"7c82a46\" data-element_type=\"column\" data-e-type=\"column\">\n<div class=\"elementor-widget-wrap elementor-element-populated\">\n<div class=\"elementor-element elementor-element-b853282 elementor-widget elementor-widget-image\" data-id=\"b853282\" data-element_type=\"widget\" data-e-type=\"widget\" data-widget_type=\"image.default\">\n<div class=\"elementor-widget-container\">\n<section class=\"elementor-section elementor-inner-section elementor-element elementor-element-a527363 elementor-section-content-top elementor-section-boxed elementor-section-height-default elementor-section-height-default\" data-id=\"a527363\" data-element_type=\"section\" data-e-type=\"section\">\n<div class=\"elementor-container elementor-column-gap-default\">\n<div class=\"elementor-column elementor-col-50 elementor-inner-column elementor-element elementor-element-d2c7a7f\" data-id=\"d2c7a7f\" data-element_type=\"column\" data-e-type=\"column\">\n<div class=\"elementor-widget-wrap elementor-element-populated\">\n<div class=\"elementor-element elementor-element-4ddadcb elementor-widget elementor-widget-image\" data-id=\"4ddadcb\" data-element_type=\"widget\" data-e-type=\"widget\" data-widget_type=\"image.default\">\n<div class=\"elementor-widget-container\">\n<div class=\"elementor-element elementor-element-2cbd12e elementor-widget-divider--view-line elementor-widget elementor-widget-divider\" data-id=\"2cbd12e\" data-element_type=\"widget\" data-e-type=\"widget\" data-widget_type=\"divider.default\">\n<div class=\"elementor-widget-container\">\n<div class=\"elementor-divider\">\n<section class=\"elementor-section elementor-inner-section elementor-element elementor-element-3bc21bb elementor-section-content-top elementor-section-boxed elementor-section-height-default elementor-section-height-default\" data-id=\"3bc21bb\" data-element_type=\"section\" data-e-type=\"section\">\n<div class=\"elementor-container elementor-column-gap-default\">\n<div class=\"elementor-column elementor-col-50 elementor-inner-column elementor-element elementor-element-07cb5f0\" style=\"text-align: justify;\" data-id=\"07cb5f0\" data-element_type=\"column\" data-e-type=\"column\"><span style=\"font-size: 14pt;\"><span dir=\"auto\">La cuesti\u00f3n de <strong>la justificaci\u00f3n del derecho<\/strong> debe fundamentarse en los <strong>\u00f3rdenes sociales concretos y las instituciones de convivencia en la realidad hist\u00f3rica<\/strong>, a partir de los cuales el derecho se forma y despliega su efecto normativo. <\/span><\/span><\/div>\n<div data-id=\"07cb5f0\" data-element_type=\"column\" data-e-type=\"column\">\u00a0<\/div>\n<div class=\"elementor-column elementor-col-50 elementor-inner-column elementor-element elementor-element-07cb5f0\" style=\"text-align: justify;\" data-id=\"07cb5f0\" data-element_type=\"column\" data-e-type=\"column\"><span style=\"font-size: 14pt;\"><span dir=\"auto\">En la situaci\u00f3n actual, seg\u00fan <strong>Schmitt<\/strong>, <strong>Hitler era el l\u00edder del pueblo alem\u00e1n<\/strong>,<\/span><\/span><\/div>\n<blockquote>\n<div class=\"elementor-column elementor-col-50 elementor-inner-column elementor-element elementor-element-07cb5f0\" style=\"text-align: justify;\" data-id=\"07cb5f0\" data-element_type=\"column\" data-e-type=\"column\"><strong><span style=\"font-size: 14pt; color: #008000;\"><span dir=\"auto\">cuya voluntad constitu\u00eda el \u00ab<em>nomos de los alemanes<\/em>\u00bb.<\/span><\/span><\/strong><\/div>\n<\/blockquote>\n<div data-id=\"07cb5f0\" data-element_type=\"column\" data-e-type=\"column\">\u00a0<\/div>\n<div class=\"elementor-column elementor-col-50 elementor-inner-column elementor-element elementor-element-07cb5f0\" style=\"text-align: justify;\" data-id=\"07cb5f0\" data-element_type=\"column\" data-e-type=\"column\"><span style=\"font-size: 14pt;\"><span dir=\"auto\">En la primera mitad de 1934, <strong>Schmitt<\/strong> imparti\u00f3 m\u00e1s <strong>conferencias sobre temas como la estructura del Estado y el colapso del Segundo Reich, la jurisprudencia en el Estado del F\u00fchrer y el nacionalsocialismo y el Estado de derecho<\/strong>,<\/span><\/span><\/div>\n<blockquote>\n<div class=\"elementor-column elementor-col-50 elementor-inner-column elementor-element elementor-element-07cb5f0\" style=\"text-align: justify;\" data-id=\"07cb5f0\" data-element_type=\"column\" data-e-type=\"column\"><span style=\"color: #008000;\"><strong><span style=\"font-size: 14pt;\"><span dir=\"auto\">en las que intent\u00f3 dotar al <em>nacionalsocialismo<\/em> de un significado jur\u00eddico-institucional.<\/span><\/span><\/strong><\/span><\/div>\n<\/blockquote>\n<div data-id=\"07cb5f0\" data-element_type=\"column\" data-e-type=\"column\">\u00a0<\/div>\n<div class=\"elementor-column elementor-col-50 elementor-inner-column elementor-element elementor-element-07cb5f0\" style=\"text-align: justify;\" data-id=\"07cb5f0\" data-element_type=\"column\" data-e-type=\"column\"><span style=\"font-size: 14pt;\"><span dir=\"auto\">Al mismo tiempo, <strong>ampli\u00f3 su \u00e1mbito de influencia al convertirse en editor de la\u00a0<\/strong><\/span><strong><em><span dir=\"auto\">Revista de Juristas Alemanes<\/span><\/em><\/strong><span dir=\"auto\"><strong>, cuyo primer n\u00famero inaugur\u00f3 con<\/strong><\/span><\/span><\/div>\n<blockquote>\n<div class=\"elementor-column elementor-col-50 elementor-inner-column elementor-element elementor-element-07cb5f0\" style=\"text-align: justify;\" data-id=\"07cb5f0\" data-element_type=\"column\" data-e-type=\"column\"><strong><span style=\"font-size: 14pt; color: #008000;\"><span dir=\"auto\">un llamamiento a la <em>Gleichschaltung<\/em> (<em>coordinaci\u00f3n<\/em>) del Poder Judicial.<\/span><\/span><\/strong><\/div>\n<\/blockquote>\n<div data-id=\"07cb5f0\" data-element_type=\"column\" data-e-type=\"column\">\u00a0<\/div>\n<div class=\"elementor-column elementor-col-50 elementor-inner-column elementor-element elementor-element-07cb5f0\" style=\"text-align: justify;\" data-id=\"07cb5f0\" data-element_type=\"column\" data-e-type=\"column\"><span dir=\"auto\" style=\"font-size: 14pt;\">Cuando <strong>la direcci\u00f3n de las SA hizo un llamamiento a una \u00ab<em>segunda revoluci\u00f3n<\/em>\u00bb y a un ej\u00e9rcito popular nazi<\/strong>,<\/span><\/div>\n<blockquote>\n<div class=\"elementor-column elementor-col-50 elementor-inner-column elementor-element elementor-element-07cb5f0\" style=\"text-align: justify;\" data-id=\"07cb5f0\" data-element_type=\"column\" data-e-type=\"column\"><span style=\"color: #008000;\"><strong><span dir=\"auto\" style=\"font-size: 14pt;\">las tensiones entre el Estado y el partido aumentaron.<\/span><\/strong><\/span><\/div>\n<\/blockquote>\n<div data-id=\"07cb5f0\" data-element_type=\"column\" data-e-type=\"column\">\u00a0<\/div>\n<div class=\"elementor-column elementor-col-50 elementor-inner-column elementor-element elementor-element-07cb5f0\" style=\"text-align: justify;\" data-id=\"07cb5f0\" data-element_type=\"column\" data-e-type=\"column\"><span dir=\"auto\" style=\"font-size: 14pt;\">Dado que <strong>Hitler <\/strong><strong>necesitaba a las \u00e9lites militares y estatales para sus planes<\/strong>,<\/span><\/div>\n<blockquote>\n<div class=\"elementor-column elementor-col-50 elementor-inner-column elementor-element elementor-element-07cb5f0\" style=\"text-align: justify;\" data-id=\"07cb5f0\" data-element_type=\"column\" data-e-type=\"column\"><strong><span dir=\"auto\" style=\"font-size: 14pt; color: #008000;\">orden\u00f3 la liquidaci\u00f3n de la direcci\u00f3n de las SA y otros opositores al r\u00e9gimen el 30 de junio de 1934.<\/span><\/strong><\/div>\n<\/blockquote>\n<\/div>\n<\/section>\n<\/div>\n<\/div>\n<\/div>\n<\/div>\n<\/div>\n<\/div>\n<\/div>\n<\/div>\n<\/section>\n<\/div>\n<\/div>\n<\/div>\n<\/div>\n<\/div>\n<\/section>\n<\/div>\n<div data-id=\"07cb5f0\" data-element_type=\"column\" data-e-type=\"column\">\u00a0<\/div>\n<div data-id=\"07cb5f0\" data-element_type=\"column\" data-e-type=\"column\"><img loading=\"lazy\" decoding=\"async\" class=\"aligncenter wp-image-20904\" src=\"https:\/\/puntocritico.com\/ausajpuntocritico\/wp-content\/uploads\/2019\/08\/ENZO-TRAVERSO-nazis-300x207.jpg\" alt=\"\" width=\"440\" height=\"304\" srcset=\"https:\/\/puntocritico.com\/ausajpuntocritico\/wp-content\/uploads\/2019\/08\/ENZO-TRAVERSO-nazis-300x207.jpg 300w, https:\/\/puntocritico.com\/ausajpuntocritico\/wp-content\/uploads\/2019\/08\/ENZO-TRAVERSO-nazis.jpg 556w\" sizes=\"auto, (max-width: 440px) 100vw, 440px\" \/><\/div>\n<div data-id=\"07cb5f0\" data-element_type=\"column\" data-e-type=\"column\">\u00a0<\/div>\n<div class=\"elementor-widget-container\">\n<section class=\"elementor-section elementor-inner-section elementor-element elementor-element-4de21af elementor-section-content-top elementor-section-boxed elementor-section-height-default elementor-section-height-default\" data-id=\"4de21af\" data-element_type=\"section\" data-e-type=\"section\">\n<div class=\"elementor-container elementor-column-gap-default\">\n<div class=\"elementor-column elementor-col-50 elementor-inner-column elementor-element elementor-element-7c82a46\" data-id=\"7c82a46\" data-element_type=\"column\" data-e-type=\"column\">\n<div class=\"elementor-widget-wrap elementor-element-populated\">\n<div class=\"elementor-element elementor-element-b853282 elementor-widget elementor-widget-image\" data-id=\"b853282\" data-element_type=\"widget\" data-e-type=\"widget\" data-widget_type=\"image.default\">\n<div class=\"elementor-widget-container\">\n<section class=\"elementor-section elementor-inner-section elementor-element elementor-element-a527363 elementor-section-content-top elementor-section-boxed elementor-section-height-default elementor-section-height-default\" data-id=\"a527363\" data-element_type=\"section\" data-e-type=\"section\">\n<div class=\"elementor-container elementor-column-gap-default\">\n<div class=\"elementor-column elementor-col-50 elementor-inner-column elementor-element elementor-element-d2c7a7f\" data-id=\"d2c7a7f\" data-element_type=\"column\" data-e-type=\"column\">\n<div class=\"elementor-widget-wrap elementor-element-populated\">\n<div class=\"elementor-element elementor-element-4ddadcb elementor-widget elementor-widget-image\" data-id=\"4ddadcb\" data-element_type=\"widget\" data-e-type=\"widget\" data-widget_type=\"image.default\">\n<div class=\"elementor-widget-container\">\n<div class=\"elementor-element elementor-element-2cbd12e elementor-widget-divider--view-line elementor-widget elementor-widget-divider\" data-id=\"2cbd12e\" data-element_type=\"widget\" data-e-type=\"widget\" data-widget_type=\"divider.default\">\n<div class=\"elementor-widget-container\">\n<div class=\"elementor-divider\">\n<section class=\"elementor-section elementor-inner-section elementor-element elementor-element-3bc21bb elementor-section-content-top elementor-section-boxed elementor-section-height-default elementor-section-height-default\" data-id=\"3bc21bb\" data-element_type=\"section\" data-e-type=\"section\">\n<div class=\"elementor-container elementor-column-gap-default\">\n<div data-id=\"07cb5f0\" data-element_type=\"column\" data-e-type=\"column\">\u00a0<\/div>\n<div class=\"elementor-column elementor-col-50 elementor-inner-column elementor-element elementor-element-07cb5f0\" style=\"text-align: justify;\" data-id=\"07cb5f0\" data-element_type=\"column\" data-e-type=\"column\"><span dir=\"auto\" style=\"font-size: 14pt;\">La <strong>Ley de Medidas de Autodefensa del Estado<\/strong>, promulgada el 3 de julio, <strong>declar\u00f3 legales los asesinatos<\/strong>. <\/span><\/div>\n<div data-id=\"07cb5f0\" data-element_type=\"column\" data-e-type=\"column\">\u00a0<\/div>\n<div class=\"elementor-column elementor-col-50 elementor-inner-column elementor-element elementor-element-07cb5f0\" style=\"text-align: justify;\" data-id=\"07cb5f0\" data-element_type=\"column\" data-e-type=\"column\"><span dir=\"auto\" style=\"font-size: 14pt;\"><strong>Schmitt<\/strong> coment\u00f3 esto en el siguiente n\u00famero de la <em><strong>Revista Alemana de Juristas<\/strong><\/em> con el art\u00edculo<\/span><\/div>\n<blockquote>\n<div class=\"elementor-column elementor-col-50 elementor-inner-column elementor-element elementor-element-07cb5f0\" style=\"text-align: justify;\" data-id=\"07cb5f0\" data-element_type=\"column\" data-e-type=\"column\"><strong><span style=\"color: #008000;\"><span dir=\"auto\" style=\"font-size: 14pt;\">\u00ab<\/span><em style=\"font-size: 14pt;\"><span dir=\"auto\">El F\u00fchrer protege la ley<\/span><\/em><span dir=\"auto\" style=\"font-size: 14pt;\">\u00bb.<\/span><\/span><\/strong><\/div>\n<\/blockquote>\n<div data-id=\"07cb5f0\" data-element_type=\"column\" data-e-type=\"column\">\u00a0<\/div>\n<div class=\"elementor-column elementor-col-50 elementor-inner-column elementor-element elementor-element-07cb5f0\" style=\"text-align: justify;\" data-id=\"07cb5f0\" data-element_type=\"column\" data-e-type=\"column\"><span dir=\"auto\" style=\"font-size: 14pt;\"><strong>Schmitt justific\u00f3 los asesinatos de los l\u00edderes de las SA presentando a Hitler como la m\u00e1xima autoridad<\/strong>,<\/span><\/div>\n<blockquote>\n<div class=\"elementor-column elementor-col-50 elementor-inner-column elementor-element elementor-element-07cb5f0\" style=\"text-align: justify;\" data-id=\"07cb5f0\" data-element_type=\"column\" data-e-type=\"column\"><span style=\"color: #008000;\"><strong><span dir=\"auto\" style=\"font-size: 14pt;\">quien hab\u00eda creado una ley inmediata en el momento de peligro.<\/span><\/strong><\/span><\/div>\n<\/blockquote>\n<div data-id=\"07cb5f0\" data-element_type=\"column\" data-e-type=\"column\">\u00a0<\/div>\n<div class=\"elementor-column elementor-col-50 elementor-inner-column elementor-element elementor-element-07cb5f0\" style=\"text-align: justify;\" data-id=\"07cb5f0\" data-element_type=\"column\" data-e-type=\"column\"><span dir=\"auto\" style=\"font-size: 14pt;\">Sin embargo, al mismo tiempo, <strong>argument\u00f3 que no exist\u00eda base legal para acciones especiales destinadas a saldar viejas cuentas<\/strong>, las cuales <strong>deb\u00edan ser castigadas con la mayor severidad<\/strong>.\u00a0<\/span><\/div>\n<div data-id=\"07cb5f0\" data-element_type=\"column\" data-e-type=\"column\">\u00a0<\/div>\n<div class=\"elementor-column elementor-col-50 elementor-inner-column elementor-element elementor-element-07cb5f0\" style=\"text-align: justify;\" data-id=\"07cb5f0\" data-element_type=\"column\" data-e-type=\"column\"><span dir=\"auto\" style=\"font-size: 14pt;\"><strong>Esto hac\u00eda referencia a los asesinatos de Schleicher, Edgar Julius Jung y otros con quienes Schmitt hab\u00eda colaborado<\/strong>. <\/span><\/div>\n<div data-id=\"07cb5f0\" data-element_type=\"column\" data-e-type=\"column\">\u00a0<\/div>\n<div class=\"elementor-column elementor-col-50 elementor-inner-column elementor-element elementor-element-07cb5f0\" style=\"text-align: justify;\" data-id=\"07cb5f0\" data-element_type=\"column\" data-e-type=\"column\"><span dir=\"auto\" style=\"font-size: 14pt;\"><strong>En el extranjero, las reacciones fueron vehementes, y en el \u00e1mbito nacional<\/strong>,<\/span><\/div>\n<blockquote>\n<div class=\"elementor-column elementor-col-50 elementor-inner-column elementor-element elementor-element-07cb5f0\" style=\"text-align: justify;\" data-id=\"07cb5f0\" data-element_type=\"column\" data-e-type=\"column\"><span style=\"color: #008000;\"><strong><span dir=\"auto\" style=\"font-size: 14pt;\">los opositores de Schmitt aprovecharon la situaci\u00f3n para socavar su posici\u00f3n destacada.<\/span><\/strong><\/span><\/div>\n<\/blockquote>\n<\/div>\n<\/section>\n<\/div>\n<\/div>\n<\/div>\n<\/div>\n<\/div>\n<\/div>\n<\/div>\n<\/div>\n<\/section>\n<\/div>\n<\/div>\n<\/div>\n<\/div>\n<\/div>\n<\/section>\n<\/div>\n<div data-id=\"07cb5f0\" data-element_type=\"column\" data-e-type=\"column\">\u00a0<\/div>\n<div data-id=\"07cb5f0\" data-element_type=\"column\" data-e-type=\"column\">\u00a0<\/div>\n<div data-id=\"07cb5f0\" data-element_type=\"column\" data-e-type=\"column\">\n<figure id=\"attachment_2315975\" aria-describedby=\"caption-attachment-2315975\" style=\"width: 640px\" class=\"wp-caption aligncenter\"><img loading=\"lazy\" decoding=\"async\" class=\"wp-image-2315975 size-mh-magazine-content\" src=\"https:\/\/puntocritico.com\/ausajpuntocritico\/wp-content\/uploads\/2026\/01\/Hermann-Goring-con-Adolf-Hitler-y-Albert-Speer-10-August-1943-640x381.webp\" alt=\"\" width=\"640\" height=\"381\" \/><figcaption id=\"caption-attachment-2315975\" class=\"wp-caption-text\"><span style=\"color: #008000;\">Hermann G\u00f6ring con Adolf Hitler y Albert Speer, 10 Agosto 1943<\/span><\/figcaption><\/figure>\n<\/div>\n<div data-id=\"07cb5f0\" data-element_type=\"column\" data-e-type=\"column\">\u00a0<\/div>\n<div class=\"elementor-widget-container\">\n<section class=\"elementor-section elementor-inner-section elementor-element elementor-element-4de21af elementor-section-content-top elementor-section-boxed elementor-section-height-default elementor-section-height-default\" data-id=\"4de21af\" data-element_type=\"section\" data-e-type=\"section\">\n<div class=\"elementor-container elementor-column-gap-default\">\n<div class=\"elementor-column elementor-col-50 elementor-inner-column elementor-element elementor-element-7c82a46\" data-id=\"7c82a46\" data-element_type=\"column\" data-e-type=\"column\">\n<div class=\"elementor-widget-wrap elementor-element-populated\">\n<div class=\"elementor-element elementor-element-b853282 elementor-widget elementor-widget-image\" data-id=\"b853282\" data-element_type=\"widget\" data-e-type=\"widget\" data-widget_type=\"image.default\">\n<div class=\"elementor-widget-container\">\n<section class=\"elementor-section elementor-inner-section elementor-element elementor-element-a527363 elementor-section-content-top elementor-section-boxed elementor-section-height-default elementor-section-height-default\" data-id=\"a527363\" data-element_type=\"section\" data-e-type=\"section\">\n<div class=\"elementor-container elementor-column-gap-default\">\n<div class=\"elementor-column elementor-col-50 elementor-inner-column elementor-element elementor-element-d2c7a7f\" data-id=\"d2c7a7f\" data-element_type=\"column\" data-e-type=\"column\">\n<div class=\"elementor-widget-wrap elementor-element-populated\">\n<div class=\"elementor-element elementor-element-4ddadcb elementor-widget elementor-widget-image\" data-id=\"4ddadcb\" data-element_type=\"widget\" data-e-type=\"widget\" data-widget_type=\"image.default\">\n<div class=\"elementor-widget-container\">\n<div class=\"elementor-element elementor-element-2cbd12e elementor-widget-divider--view-line elementor-widget elementor-widget-divider\" data-id=\"2cbd12e\" data-element_type=\"widget\" data-e-type=\"widget\" data-widget_type=\"divider.default\">\n<div class=\"elementor-widget-container\">\n<div class=\"elementor-divider\">\n<section class=\"elementor-section elementor-inner-section elementor-element elementor-element-3bc21bb elementor-section-content-top elementor-section-boxed elementor-section-height-default elementor-section-height-default\" data-id=\"3bc21bb\" data-element_type=\"section\" data-e-type=\"section\">\n<div class=\"elementor-container elementor-column-gap-default\">\n<div data-id=\"07cb5f0\" data-element_type=\"column\" data-e-type=\"column\">\u00a0<\/div>\n<div class=\"elementor-column elementor-col-50 elementor-inner-column elementor-element elementor-element-07cb5f0\" style=\"text-align: justify;\" data-id=\"07cb5f0\" data-element_type=\"column\" data-e-type=\"column\"><span dir=\"auto\" style=\"font-size: 14pt;\"><strong>Particularmente notable fue la reacci\u00f3n de su amigo<\/strong> <strong>Ernst J\u00fcnger<\/strong>, quien ya <strong>le hab\u00eda advertido sobre las ilusiones acerca de la influencia del <em>Consejo de Estado<\/em> de <\/strong><strong>G\u00f6ring<\/strong>,<\/span><\/div>\n<blockquote>\n<div class=\"elementor-column elementor-col-50 elementor-inner-column elementor-element elementor-element-07cb5f0\" style=\"text-align: justify;\" data-id=\"07cb5f0\" data-element_type=\"column\" data-e-type=\"column\"><strong><span dir=\"auto\" style=\"font-size: 14pt; color: #008000;\">se\u00f1alando el insignificante <em>Consejo de Estado<\/em> de Napole\u00f3n, y ahora, ir\u00f3nicamente, le pregunt\u00f3 si hab\u00eda instalado una ametralladora en la ventana del s\u00f3tano de su casa.<\/span><\/strong><\/div>\n<\/blockquote>\n<div data-id=\"07cb5f0\" data-element_type=\"column\" data-e-type=\"column\">\u00a0<\/div>\n<\/div>\n<\/section>\n<\/div>\n<\/div>\n<\/div>\n<\/div>\n<\/div>\n<\/div>\n<\/div>\n<\/div>\n<\/section>\n<\/div>\n<\/div>\n<\/div>\n<\/div>\n<\/div>\n<\/section>\n<\/div>\n<div style=\"text-align: justify;\" data-id=\"07cb5f0\" data-element_type=\"column\" data-e-type=\"column\"><strong style=\"font-size: 14pt; text-align: justify;\">Schmitt<\/strong> <strong style=\"font-size: 14pt; text-align: justify;\">comenz\u00f3 a centrarse m\u00e1s en las prioridades program\u00e1ticas y organizativas, y menos en las restrictivas desde el punto de vista constitucional, que ahora consideraba obsoletas<\/strong><span style=\"font-size: 14pt; text-align: justify;\">.<\/span><\/div>\n<div class=\"elementor-widget-container\">\n<section class=\"elementor-section elementor-inner-section elementor-element elementor-element-4de21af elementor-section-content-top elementor-section-boxed elementor-section-height-default elementor-section-height-default\" data-id=\"4de21af\" data-element_type=\"section\" data-e-type=\"section\">\n<div class=\"elementor-container elementor-column-gap-default\">\n<div class=\"elementor-column elementor-col-50 elementor-inner-column elementor-element elementor-element-7c82a46\" data-id=\"7c82a46\" data-element_type=\"column\" data-e-type=\"column\">\n<div class=\"elementor-widget-wrap elementor-element-populated\">\n<div class=\"elementor-element elementor-element-b853282 elementor-widget elementor-widget-image\" data-id=\"b853282\" data-element_type=\"widget\" data-e-type=\"widget\" data-widget_type=\"image.default\">\n<div class=\"elementor-widget-container\">\n<section class=\"elementor-section elementor-inner-section elementor-element elementor-element-a527363 elementor-section-content-top elementor-section-boxed elementor-section-height-default elementor-section-height-default\" data-id=\"a527363\" data-element_type=\"section\" data-e-type=\"section\">\n<div class=\"elementor-container elementor-column-gap-default\">\n<div class=\"elementor-column elementor-col-50 elementor-inner-column elementor-element elementor-element-d2c7a7f\" data-id=\"d2c7a7f\" data-element_type=\"column\" data-e-type=\"column\">\n<div class=\"elementor-widget-wrap elementor-element-populated\">\n<div class=\"elementor-element elementor-element-4ddadcb elementor-widget elementor-widget-image\" data-id=\"4ddadcb\" data-element_type=\"widget\" data-e-type=\"widget\" data-widget_type=\"image.default\">\n<div class=\"elementor-widget-container\">\n<div class=\"elementor-element elementor-element-2cbd12e elementor-widget-divider--view-line elementor-widget elementor-widget-divider\" data-id=\"2cbd12e\" data-element_type=\"widget\" data-e-type=\"widget\" data-widget_type=\"divider.default\">\n<div class=\"elementor-widget-container\">\n<div class=\"elementor-divider\">\n<section class=\"elementor-section elementor-inner-section elementor-element elementor-element-3bc21bb elementor-section-content-top elementor-section-boxed elementor-section-height-default elementor-section-height-default\" data-id=\"3bc21bb\" data-element_type=\"section\" data-e-type=\"section\">\n<div class=\"elementor-container elementor-column-gap-default\">\n<div data-id=\"07cb5f0\" data-element_type=\"column\" data-e-type=\"column\">\u00a0<\/div>\n<div class=\"elementor-column elementor-col-50 elementor-inner-column elementor-element elementor-element-07cb5f0\" style=\"text-align: justify;\" data-id=\"07cb5f0\" data-element_type=\"column\" data-e-type=\"column\"><span dir=\"auto\" style=\"font-size: 14pt;\">Entre sus conferencias, giras de conferencias y <strong>la expansi\u00f3n de su poder dentro de la <em>Academia de Derecho Alem\u00e1n<\/em> <\/strong>y como asesor cient\u00edfico en el <em>Instituto de Derecho Internacional de la Sociedad Kaiser Wilhelm<\/em>, busc\u00f3 un respiro en la regi\u00f3n de <em>Sauerland<\/em>, como ya lo hab\u00eda hecho en la d\u00e9cada de 1920. <\/span><\/div>\n<div data-id=\"07cb5f0\" data-element_type=\"column\" data-e-type=\"column\">\u00a0<\/div>\n<div class=\"elementor-column elementor-col-50 elementor-inner-column elementor-element elementor-element-07cb5f0\" style=\"text-align: justify;\" data-id=\"07cb5f0\" data-element_type=\"column\" data-e-type=\"column\"><span dir=\"auto\" style=\"font-size: 14pt;\"><strong>Sus conferencias y ensayos giraban ahora en torno al concepto de Estado de derecho, que contrastaba con el concepto nazi de un \u00ab<\/strong><em><strong>Estado directamente justo<\/strong><\/em><strong>\u00ab<\/strong>, y en torno a temas como el nacionalsocialismo y el derecho internacional.<\/span><\/div>\n<\/div>\n<\/section>\n<\/div>\n<\/div>\n<\/div>\n<\/div>\n<\/div>\n<\/div>\n<\/div>\n<\/div>\n<\/section>\n<\/div>\n<\/div>\n<\/div>\n<\/div>\n<\/div>\n<\/section>\n<\/div>\n<div data-id=\"07cb5f0\" data-element_type=\"column\" data-e-type=\"column\">\n<p style=\"text-align: justify;\"><span dir=\"auto\" style=\"font-size: 14pt;\">Durante este tiempo, <strong>se acerc\u00f3 particularmente, tanto pol\u00edtica como personalmente, al <em>comisario de Justicia del Reich<\/em><\/strong>, <strong>Frank<\/strong>, cuya influencia dentro de la jerarqu\u00eda nazi era, sin embargo, limitada.<\/span><\/p>\n<\/div>\n<p>&nbsp;<\/p>\n<figure id=\"attachment_2322692\" aria-describedby=\"caption-attachment-2322692\" style=\"width: 240px\" class=\"wp-caption aligncenter\"><a href=\"https:\/\/es.wikipedia.org\/wiki\/Hans_Frank\" target=\"_blank\" rel=\"noopener\"><img loading=\"lazy\" decoding=\"async\" class=\"wp-image-2322692\" src=\"https:\/\/puntocritico.com\/ausajpuntocritico\/wp-content\/uploads\/2026\/08\/Bundesarchiv_Bild_121-0270_Polen_Krakau_Polizeiparade_Hans_Frank-206x300.jpg\" alt=\"\" width=\"240\" height=\"349\" srcset=\"https:\/\/puntocritico.com\/ausajpuntocritico\/wp-content\/uploads\/2026\/08\/Bundesarchiv_Bild_121-0270_Polen_Krakau_Polizeiparade_Hans_Frank-206x300.jpg 206w, https:\/\/puntocritico.com\/ausajpuntocritico\/wp-content\/uploads\/2026\/08\/Bundesarchiv_Bild_121-0270_Polen_Krakau_Polizeiparade_Hans_Frank.jpg 500w\" sizes=\"auto, (max-width: 240px) 100vw, 240px\" \/><\/a><figcaption id=\"caption-attachment-2322692\" class=\"wp-caption-text\"><span style=\"color: #008000;\"><a style=\"color: #008000;\" href=\"https:\/\/es.wikipedia.org\/wiki\/Hans_Frank\" target=\"_blank\" rel=\"noopener\"><strong>Hans Frank<\/strong><\/a> (<em>Karlsruhe, 23 de mayo de 1900-N\u00faremberg, 16 de octubre de 1946<\/em>) fue un <em><strong>abogado, pol\u00edtico, criminal de guerra nazi<\/strong><\/em> y un <em><strong>alto funcionario en la Alemania nazi<\/strong><\/em>. Procesado en los juicios de N\u00faremberg por su papel en perpetrar el Holocausto y se le encontrar\u00eda culpable de cr\u00edmenes de guerra y cr\u00edmenes contra la humanidad. Condenado a la horca y ejecutado el 16 de octubre de 1946<\/span><\/figcaption><\/figure>\n<p>&nbsp;<\/p>\n<div data-id=\"07cb5f0\" data-element_type=\"column\" data-e-type=\"column\">\n<p style=\"text-align: justify;\"><span dir=\"auto\" style=\"font-size: 14pt;\">Hacia finales de 1934, <strong>Schmitt<\/strong> sufri\u00f3 su <strong>primera derrota<\/strong> cuando, como <em>jefe del Grupo Profesional del Reich para Profesores Universitarios de la BNSDJ<\/em>, \u00e9l y sus colegas elaboraron propuestas para un plan de estudios en una conferencia que \u00e9l mismo hab\u00eda organizado. <\/span><\/p>\n<p style=\"text-align: justify;\"><span dir=\"auto\" style=\"font-size: 14pt;\">Estas propuestas fueron <strong>rechazadas por el orador presente<\/strong>, el antiguo colega de <strong>Schmitt<\/strong>, <strong>Karl August Eckhardt<\/strong>, en nombre del <em>Ministerio del Reich para la Ciencia, la Educaci\u00f3n y la Cultura Nacional<\/em>. <\/span><\/p>\n<p style=\"text-align: justify;\"><strong><span dir=\"auto\" style=\"font-size: 14pt;\">Las crecientes dudas sobre la lealtad de Schmitt al r\u00e9gimen nazi proven\u00edan no solo de los llamados <\/span><\/strong><\/p>\n<blockquote>\n<p style=\"text-align: justify;\"><strong><span dir=\"auto\" style=\"font-size: 14pt;\"><span style=\"color: #008000;\">\u00ab<em>Viejos Combatientes<\/em>\u00ab, que hab\u00edan desconfiado de los \u00ab<em>Ca\u00eddos de Marzo<\/em>\u00bb desde el principio, sino tambi\u00e9n, cada vez m\u00e1s, <em>de opositores dentro de las SS<\/em>.<\/span> <\/span><\/strong><\/p>\n<\/blockquote>\n<p>&nbsp;<\/p>\n<p style=\"text-align: justify;\"><strong><span dir=\"auto\" style=\"font-size: 14pt;\">Esto se hizo evidente en enero de 1935.<\/span><\/strong><\/p>\n<p style=\"text-align: justify;\"><span dir=\"auto\" style=\"font-size: 14pt;\"><strong>El <em>general <\/em>von Fritsch, <em>jefe del Comando del Ej\u00e9rcito<\/em>,<\/strong> <strong>hab\u00eda invitado a Schmitt al <em>Ministerio de la Reichswehr <\/em><\/strong>para dar una <strong><em>conferencia a los oficiales <\/em><\/strong>sobre <strong><em>la legalidad de un golpe de Estado<\/em><\/strong>. <\/span><\/p>\n<p style=\"text-align: justify;\"><span dir=\"auto\" style=\"font-size: 14pt;\"><strong>Himmler<\/strong> <strong>hab\u00eda acusado a Fritsch<\/strong>, que no conoc\u00eda personalmente a <strong>Schmitt<\/strong>, <strong>de pretender un golpe de Estado; G\u00f6ring le crey\u00f3<\/strong>,\u00a0<\/span><\/p>\n<blockquote>\n<p style=\"text-align: justify;\"><span style=\"color: #008000;\"><strong><span dir=\"auto\" style=\"font-size: 14pt;\">y Schmitt fue desinvitado el d\u00eda de la conferencia; Himmler habl\u00f3 en su lugar.<\/span><\/strong><\/span><\/p>\n<\/blockquote>\n<p>&nbsp;<\/p>\n<p style=\"text-align: justify;\"><span style=\"font-size: 14pt;\"><span dir=\"auto\">En relaci\u00f3n con el <strong>Congreso del Partido de N\u00faremberg en septiembre de 1935, donde se aprobaron las llamadas leyes raciales<\/strong> que discriminaban a los jud\u00edos,<strong> Schmitt escribi\u00f3 el art\u00edculo \u00ab<\/strong><\/span><strong><em><span dir=\"auto\">La Constituci\u00f3n de la Libertad<\/span><\/em><\/strong><span dir=\"auto\"><strong>\u00bb<\/strong> <strong>en la <\/strong><em><strong>Revista Alemana de Abogados<\/strong>;<\/em><\/span><\/span><\/p>\n<blockquote>\n<p style=\"text-align: justify;\"><span style=\"color: #008000;\"><strong><span style=\"font-size: 14pt;\"><span dir=\"auto\">En \u00e9l, justificaba las pol\u00edticas raciales del gobierno, que describ\u00eda como un compromiso entre las demandas radicales del partido y la resistencia obstruccionista de la burocracia ministerial a la hora de definir \u00ab<em>jud\u00edo<\/em>\u00bb.<\/span><\/span><\/strong><\/span><\/p>\n<\/blockquote>\n<\/div>\n<div class=\"mceTemp\">\u00a0<\/div>\n<figure id=\"attachment_28143\" aria-describedby=\"caption-attachment-28143\" style=\"width: 480px\" class=\"wp-caption aligncenter\"><a href=\"https:\/\/puntocritico.com\/ausajpuntocritico\/2026\/03\/08\/si-esto-es-un-hombre-apendice-de-1976\/\" target=\"_blank\" rel=\"noopener\"><img loading=\"lazy\" decoding=\"async\" class=\"wp-image-28143\" src=\"https:\/\/puntocritico.com\/ausajpuntocritico\/wp-content\/uploads\/2020\/03\/Nazis-deportacion-judios-300x200.jpg\" alt=\"\" width=\"480\" height=\"320\" srcset=\"https:\/\/puntocritico.com\/ausajpuntocritico\/wp-content\/uploads\/2020\/03\/Nazis-deportacion-judios-300x200.jpg 300w, https:\/\/puntocritico.com\/ausajpuntocritico\/wp-content\/uploads\/2020\/03\/Nazis-deportacion-judios.jpg 768w\" sizes=\"auto, (max-width: 480px) 100vw, 480px\" \/><\/a><figcaption id=\"caption-attachment-28143\" class=\"wp-caption-text\"><span style=\"color: #008000;\">Aunque medidas individuales como la esterilizaci\u00f3n forzada de los \u00abno aptos gen\u00e9ticamente\u00bb estaban basadas en la ciencia, los marcos racistas y antisemitas de la ideolog\u00eda y la pr\u00e1ctica nazis ciertamente no lo estaban. Por lo tanto, no podemos buscar la l\u00f3gica cient\u00edfica de la deportaci\u00f3n y el exterminio de los jud\u00edos en la ideolog\u00eda y las pol\u00edticas nazis. La fotograf\u00eda muestra las colas de jud\u00edos esperando para la selecci\u00f3n en el and\u00e9n del campo de Auschwitz-Birkenau en mayo de 1944. \/ United States Holocaust Memorial Museum, cortesia de Yad Vashem (domini p\u00fablic)<\/span><\/figcaption><\/figure>\n<p>&nbsp;<\/p>\n<div data-id=\"07cb5f0\" data-element_type=\"column\" data-e-type=\"column\">\n<p style=\"text-align: justify;\"><span style=\"font-size: 14pt;\"><strong><span dir=\"auto\">En la <em>conferencia de la Asociaci\u00f3n de Derecho Internacional<\/em> a finales de noviembre, Schmitt disert\u00f3 sobre el tema\u00a0<\/span><em><span dir=\"auto\">\u00abLegislaci\u00f3n nazi y la reserva de la pol\u00edtica p\u00fablica<\/span><\/em><\/strong><span dir=\"auto\"><strong>\u00bb<\/strong>, <\/span><\/span><\/p>\n<blockquote>\n<p style=\"text-align: justify;\"><strong><span style=\"font-size: 14pt; color: #008000;\"><span dir=\"auto\">utilizando el derecho matrimonial como ejemplo para analizar las consecuencias para el derecho internacional privado derivadas de la aplicaci\u00f3n de la legislaci\u00f3n racial recientemente aprobada.<\/span><\/span><\/strong><\/p>\n<\/blockquote>\n<p>&nbsp;<\/p>\n<p style=\"text-align: justify;\"><span dir=\"auto\" style=\"font-size: 14pt;\">La organizaci\u00f3n de la <em><strong>Conferencia de Abogados de 1936<\/strong><\/em> provoc\u00f3 una disputa y una ruptura con <strong>Eckhardt<\/strong> y el <em>jefe de departamento del SD<\/em>, <strong>Reinhard H\u00f6hn<\/strong>, a principios de a\u00f1o, quien hab\u00eda hecho espiar a <strong>Schmitt<\/strong> a trav\u00e9s de su asistente <strong>Herbert Gutjahr<\/strong>.<\/span><\/p>\n<p style=\"text-align: justify;\"><span dir=\"auto\" style=\"font-size: 14pt;\">Para entonces, <strong>las SS hab\u00edan ejercido una considerable influencia sobre los j\u00f3venes profesores<\/strong>, a quienes consideraban \u00ab<em>nuevas promesas de liderazgo germ\u00e1nico<\/em>\u00ab, y hab\u00edan tachado a <strong>Schmitt<\/strong> de arribista poco fiable. <\/span><\/p>\n<p style=\"text-align: justify;\"><span dir=\"auto\" style=\"font-size: 14pt;\">Cuando <strong>Frank<\/strong> viaj\u00f3 a <em>Roma<\/em> en abril, <strong>Schmitt<\/strong> lo acompa\u00f1\u00f3 a <em>Italia<\/em> e <strong>imparti\u00f3 conferencias sobre los principios fundamentales del Estado nazi<\/strong> en <em>Mil\u00e1n<\/em> y <em>Roma<\/em>.\u00a0<\/span><\/p>\n<p style=\"text-align: justify;\"><span dir=\"auto\" style=\"font-size: 14pt;\">All\u00ed, fue <strong>recibido en audiencia privada por <\/strong><a href=\"https:\/\/puntocritico.com\/ausajpuntocritico\/2025\/12\/08\/el-estado-corporativo\/\" target=\"_blank\" rel=\"noopener\"><strong>Benito Mussolini<\/strong><\/a>, un momento simb\u00f3lico cumbre en su carrera cerca del poder.<\/span><\/p>\n<\/div>\n<p>&nbsp;<\/p>\n<p><img loading=\"lazy\" decoding=\"async\" class=\"aligncenter wp-image-2322708\" src=\"https:\/\/puntocritico.com\/ausajpuntocritico\/wp-content\/uploads\/2026\/08\/Conferencia-de-Abogados-Nazis-678x381.jpg\" alt=\"\" width=\"480\" height=\"270\" srcset=\"https:\/\/puntocritico.com\/ausajpuntocritico\/wp-content\/uploads\/2026\/08\/Conferencia-de-Abogados-Nazis-678x381.jpg 678w, https:\/\/puntocritico.com\/ausajpuntocritico\/wp-content\/uploads\/2026\/08\/Conferencia-de-Abogados-Nazis-300x169.jpg 300w, https:\/\/puntocritico.com\/ausajpuntocritico\/wp-content\/uploads\/2026\/08\/Conferencia-de-Abogados-Nazis-1024x576.jpg 1024w, https:\/\/puntocritico.com\/ausajpuntocritico\/wp-content\/uploads\/2026\/08\/Conferencia-de-Abogados-Nazis-768x432.jpg 768w, https:\/\/puntocritico.com\/ausajpuntocritico\/wp-content\/uploads\/2026\/08\/Conferencia-de-Abogados-Nazis.jpg 1199w\" sizes=\"auto, (max-width: 480px) 100vw, 480px\" \/><\/p>\n<p>&nbsp;<\/p>\n<div data-id=\"07cb5f0\" data-element_type=\"column\" data-e-type=\"column\">\n<p style=\"text-align: justify;\"><span dir=\"auto\" style=\"font-size: 14pt;\">En mayo, tuvo lugar en <em>Leipzig<\/em> la segunda gran <em><strong>Conferencia de Abogados Nazis<\/strong><\/em>, a la que <strong>asistieron destacados nazis<\/strong> como <strong>Goebbels<\/strong>, <strong>G\u00fcrtner<\/strong> y <strong>Hess<\/strong>; <strong>Schmitt<\/strong>, como organizador, no pronunci\u00f3 ninguna conferencia importante. <\/span><\/p>\n<p style=\"text-align: justify;\"><span dir=\"auto\" style=\"font-size: 14pt;\">Su posici\u00f3n de poder como <em>l\u00edder del Grupo Profesional del Reich<\/em> se hab\u00eda debilitado tanto que tuvo que luchar por su supervivencia pol\u00edtica durante los siguientes seis meses.\u00a0<\/span><span dir=\"auto\" style=\"font-size: 14pt;\">Su trato a menudo brusco durante este tiempo le granje\u00f3 la <strong>enemistad incluso de sus confidentes m\u00e1s cercanos<\/strong>. <\/span><\/p>\n<p style=\"text-align: justify;\"><span dir=\"auto\" style=\"font-size: 14pt;\">Cuando el personal del <em><strong>Vicef\u00fchrer <\/strong><\/em>consider\u00f3 la posibilidad de sustituir al <em>Ministro de Justicia <\/em><strong>G\u00fcrtner<\/strong> por <strong>Frank<\/strong> con motivo del <em><strong>Congreso del Partido de N\u00faremberg en septiembre de 1936<\/strong><\/em>,<\/span><\/p>\n<blockquote>\n<p style=\"text-align: justify;\"><strong><span dir=\"auto\" style=\"font-size: 14pt; color: #008000;\"> ante la posibilidad de que Schmitt pudiera convertirse entonces en Secretario de Estado, las SS comenzaron a planear el derrocamiento de Schmitt, quien para entonces describ\u00eda abiertamente a las SS como su oponente ideol\u00f3gico.<\/span><\/strong><\/p>\n<\/blockquote>\n<p>&nbsp;<\/p>\n<section class=\"elementor-section elementor-inner-section elementor-element elementor-element-eaa0e80 elementor-section-content-top elementor-section-boxed elementor-section-height-default elementor-section-height-default\" data-id=\"eaa0e80\" data-element_type=\"section\" data-e-type=\"section\">\n<div class=\"elementor-container elementor-column-gap-default\">\n<div class=\"elementor-column elementor-col-50 elementor-inner-column elementor-element elementor-element-35f5c33\" data-id=\"35f5c33\" data-element_type=\"column\" data-e-type=\"column\">\n<div class=\"elementor-widget-wrap elementor-element-populated\">\n<div class=\"elementor-element elementor-element-b1c1cdf elementor-widget elementor-widget-text-editor\" data-id=\"b1c1cdf\" data-element_type=\"widget\" data-e-type=\"widget\" data-widget_type=\"text-editor.default\">\n<div class=\"elementor-widget-container\">\n<p style=\"text-align: justify;\"><span style=\"font-size: 14pt;\"><span dir=\"auto\"><strong>Como <em>jefe del departamento cient\u00edfico de la <\/em><em>Asociaci\u00f3n Nacionalsocialista de Abogados<\/em>, sucesora de la BNSDJ,<\/strong> <strong>Schmitt convoc\u00f3 la conferencia\u00a0<\/strong><\/span><\/span><\/p>\n<blockquote>\n<p style=\"text-align: justify;\"><strong><span style=\"font-size: 14pt; color: #008000;\"><em><span dir=\"auto\">\u00abEl juda\u00edsmo en la investigaci\u00f3n jur\u00eddica\u00bb <\/span><\/em><span dir=\"auto\">para los d\u00edas 4 y 5 de octubre de 1936.<\/span><\/span><\/strong><\/p>\n<\/blockquote>\n<p>&nbsp;<\/p>\n<figure id=\"attachment_2322549\" aria-describedby=\"caption-attachment-2322549\" style=\"width: 280px\" class=\"wp-caption aligncenter\"><img loading=\"lazy\" decoding=\"async\" class=\"wp-image-2322549\" src=\"https:\/\/puntocritico.com\/ausajpuntocritico\/wp-content\/uploads\/2026\/08\/Primera-pagina-de-la-lista-de-participantes-en-la-conferencia-El-judaismo-en-los-estudios-juridicos-del-4-y-5-de-octubre-de-1936-225x300.jpg\" alt=\"\" width=\"280\" height=\"373\" srcset=\"https:\/\/puntocritico.com\/ausajpuntocritico\/wp-content\/uploads\/2026\/08\/Primera-pagina-de-la-lista-de-participantes-en-la-conferencia-El-judaismo-en-los-estudios-juridicos-del-4-y-5-de-octubre-de-1936-225x300.jpg 225w, https:\/\/puntocritico.com\/ausajpuntocritico\/wp-content\/uploads\/2026\/08\/Primera-pagina-de-la-lista-de-participantes-en-la-conferencia-El-judaismo-en-los-estudios-juridicos-del-4-y-5-de-octubre-de-1936-768x1024.jpg 768w, https:\/\/puntocritico.com\/ausajpuntocritico\/wp-content\/uploads\/2026\/08\/Primera-pagina-de-la-lista-de-participantes-en-la-conferencia-El-judaismo-en-los-estudios-juridicos-del-4-y-5-de-octubre-de-1936-1152x1536.jpg 1152w, https:\/\/puntocritico.com\/ausajpuntocritico\/wp-content\/uploads\/2026\/08\/Primera-pagina-de-la-lista-de-participantes-en-la-conferencia-El-judaismo-en-los-estudios-juridicos-del-4-y-5-de-octubre-de-1936-1536x2048.jpg 1536w, https:\/\/puntocritico.com\/ausajpuntocritico\/wp-content\/uploads\/2026\/08\/Primera-pagina-de-la-lista-de-participantes-en-la-conferencia-El-judaismo-en-los-estudios-juridicos-del-4-y-5-de-octubre-de-1936-1320x1760.jpg 1320w, https:\/\/puntocritico.com\/ausajpuntocritico\/wp-content\/uploads\/2026\/08\/Primera-pagina-de-la-lista-de-participantes-en-la-conferencia-El-judaismo-en-los-estudios-juridicos-del-4-y-5-de-octubre-de-1936.jpg 1920w\" sizes=\"auto, (max-width: 280px) 100vw, 280px\" \/><figcaption id=\"caption-attachment-2322549\" class=\"wp-caption-text\"><span style=\"color: #008000;\">Primera p\u00e1gina de la lista de participantes en la conferencia \u201c<em><strong>El juda\u00edsmo en los estudios jur\u00eddicos<\/strong><\/em>\u201d del 4 y 5 de octubre de 1936. Entre los participantes se encontraban <strong>Hermann von Mangoldt<\/strong> (T\u00fcbingen), <strong>Erich Jung<\/strong> (Marburg), <strong>Walter Hallstein<\/strong> (Rostock), <strong>Eugen Wohlhaupter<\/strong> (Kiel), <strong>Theodor Maunz<\/strong> (Friburgo)<\/span><\/figcaption><\/figure>\n<p>&nbsp;<\/p>\n<p style=\"text-align: justify;\"><span style=\"font-size: 14pt;\"><span dir=\"auto\">Incluso estaba dispuesto a invitar al tristemente c\u00e9lebre <strong>Gauleiter Julius Streicher<\/strong>, quien, tras un aviso del SD, se ausent\u00f3, al igual que <strong>Frank<\/strong>, el mentor de <strong>Schmitt<\/strong>. <\/span><\/span><\/p>\n<p style=\"text-align: justify;\"><span style=\"font-size: 14pt;\"><span dir=\"auto\">Incluso colegas y estudiantes cercanos a <strong>Schmitt<\/strong>, como <strong>Forsthoff<\/strong>, <strong>E.R. Huber<\/strong>, <strong>W. Weber<\/strong>, <strong>Oberheid<\/strong>, <strong>Johannes Heckel<\/strong> y otros, <strong>declinaron asistir<\/strong>. <\/span><\/span><\/p>\n<p style=\"text-align: justify;\"><span style=\"font-size: 14pt;\"><span dir=\"auto\"><strong>El objetivo oficial de la conferencia, que era examinar la influencia del juda\u00edsmo en la investigaci\u00f3n jur\u00eddica y econ\u00f3mica alemana, ten\u00eda un objetivo oculto<\/strong>: <\/span><\/span><\/p>\n<blockquote>\n<p style=\"text-align: justify;\"><span style=\"font-size: 14pt; color: #008000;\"><span dir=\"auto\"><strong>contrarrestar el antisemitismo racial, especialmente el de las SS, con motivaciones cristianas antijud\u00edas.<\/strong><\/span><\/span><\/p>\n<\/blockquote>\n<p>&nbsp;<\/p>\n<p style=\"text-align: justify;\"><span style=\"font-size: 14pt;\"><span dir=\"auto\">Para contrarrestar esta tendencia, <strong>Schmitt<\/strong> hab\u00eda conseguido que el prominente \u00ab<em>higienista racial<\/em>\u00bb y <em><strong>SS-Hauptsturmf\u00fchrer <\/strong><\/em><strong>Falk Ruttke<\/strong> participara como orador, <strong>pero Ruttke se distanci\u00f3 claramente del organizador de la conferencia en su presentaci\u00f3n, lo que oblig\u00f3 a Schmitt a dirigirse a \u00e9l en sus palabras de clausura<\/strong>;<\/span><\/span><\/p>\n<blockquote>\n<p style=\"text-align: justify;\"><strong><span style=\"font-size: 14pt; color: #008000;\"><span dir=\"auto\">Cuando se dio cuenta de la intensidad con la que las SS hab\u00edan comenzado a trabajar para su ca\u00edda, opt\u00f3 por no retirarse, sino por colaborar con su archienemigo.<\/span><\/span><\/strong><\/p>\n<\/blockquote>\n<\/div>\n<\/div>\n<\/div>\n<\/div>\n<\/div>\n<\/section>\n<\/div>\n<p>&nbsp;<\/p>\n<figure id=\"attachment_2279823\" aria-describedby=\"caption-attachment-2279823\" style=\"width: 440px\" class=\"wp-caption aligncenter\"><a href=\"https:\/\/puntocritico.com\/ausajpuntocritico\/2023\/06\/19\/el-capitalismo-aleman-y-los-origenes-del-nazismo\/\" target=\"_blank\" rel=\"noopener\"><img loading=\"lazy\" decoding=\"async\" class=\"wp-image-2279823\" src=\"https:\/\/puntocritico.com\/ausajpuntocritico\/wp-content\/uploads\/2023\/06\/IG-FARBEN-CARTEL-PPAL-300x199.jpg\" alt=\"\" width=\"440\" height=\"292\" srcset=\"https:\/\/puntocritico.com\/ausajpuntocritico\/wp-content\/uploads\/2023\/06\/IG-FARBEN-CARTEL-PPAL-300x199.jpg 300w, https:\/\/puntocritico.com\/ausajpuntocritico\/wp-content\/uploads\/2023\/06\/IG-FARBEN-CARTEL-PPAL-678x452.jpg 678w, https:\/\/puntocritico.com\/ausajpuntocritico\/wp-content\/uploads\/2023\/06\/IG-FARBEN-CARTEL-PPAL.jpg 680w\" sizes=\"auto, (max-width: 440px) 100vw, 440px\" \/><\/a><figcaption id=\"caption-attachment-2279823\" class=\"wp-caption-text\"><a href=\"https:\/\/puntocritico.com\/ausajpuntocritico\/2023\/06\/19\/el-capitalismo-aleman-y-los-origenes-del-nazismo\/\" target=\"_blank\" rel=\"noopener\"><span style=\"color: #008000;\">EL CAPITALISMO ALEM\u00c1N Y LOS OR\u00cdGENES DEL NAZISMO <\/span> <\/a><\/figcaption><\/figure>\n<p>&nbsp;<\/p>\n<div data-id=\"07cb5f0\" data-element_type=\"column\" data-e-type=\"column\">\n<section class=\"elementor-section elementor-inner-section elementor-element elementor-element-eaa0e80 elementor-section-content-top elementor-section-boxed elementor-section-height-default elementor-section-height-default\" data-id=\"eaa0e80\" data-element_type=\"section\" data-e-type=\"section\">\n<div class=\"elementor-container elementor-column-gap-default\">\n<div class=\"elementor-column elementor-col-50 elementor-inner-column elementor-element elementor-element-35f5c33\" data-id=\"35f5c33\" data-element_type=\"column\" data-e-type=\"column\">\n<div class=\"elementor-widget-wrap elementor-element-populated\">\n<div class=\"elementor-element elementor-element-b1c1cdf elementor-widget elementor-widget-text-editor\" data-id=\"b1c1cdf\" data-element_type=\"widget\" data-e-type=\"widget\" data-widget_type=\"text-editor.default\">\n<div class=\"elementor-widget-container\">\n<p style=\"text-align: justify;\"><span style=\"font-size: 14pt;\"><span dir=\"auto\"><strong>A principios de diciembre, citando un acuerdo con<\/strong> <strong>Frank<\/strong>, <\/span><\/span><\/p>\n<blockquote>\n<p style=\"text-align: justify;\"><span style=\"color: #008000;\"><strong><span style=\"font-size: 14pt;\"><span dir=\"auto\">Schmitt envi\u00f3 a Himmler los vol\u00famenes recientemente terminados de la serie\u00a0<\/span><em><span dir=\"auto\">\u00abEl juda\u00edsmo en la jurisprudencia\u00bb<\/span><\/em><span dir=\"auto\">\u00a0.<\/span><\/span><\/strong><\/span><\/p>\n<\/blockquote>\n<p>&nbsp;<\/p>\n<p style=\"text-align: justify;\"><span style=\"font-size: 14pt;\"><span dir=\"auto\">Pero la capitulaci\u00f3n lleg\u00f3 demasiado tarde. <\/span><\/span><\/p>\n<p style=\"text-align: justify;\"><span style=\"font-size: 14pt;\"><span dir=\"auto\"><strong>En el \u00f3rgano de las SS \u00ab<em>Das Schwarze Korps<\/em>\u00ab, apareci\u00f3 un ataque contra Schmitt el 3 de diciembre<\/strong> bajo el t\u00edtulo \u00ab<\/span><em><span dir=\"auto\">Una rehabilitaci\u00f3n vergonzosa\u00bb<\/span><\/em><span dir=\"auto\">\u00a0del redactor jefe <strong>Gunter d&#8217;Alquen<\/strong>. <\/span><\/span><\/p>\n<p style=\"text-align: justify;\"><span style=\"font-size: 14pt;\"><span dir=\"auto\"><strong>El 10 de diciembre se public\u00f3 un segundo art\u00edculo<\/strong> titulado <\/span><em><span dir=\"auto\">\u00abLa situaci\u00f3n se vuelve a\u00fan m\u00e1s embarazosa\u00bb,<\/span><\/em><span dir=\"auto\">\u00a0que conten\u00eda una selecci\u00f3n de declaraciones incriminatorias de <strong>Schmitt<\/strong>, basadas en las \u00ab<em><strong>Cartas en alem\u00e1n<\/strong><\/em>\u00bb del emigrado suizo y antiguo alumno de <strong>Schmitt<\/strong>,<strong> Waldemar Gurian<\/strong>, sobre colegas rivales como el <em>abogado constitucionalista<\/em> <strong>Koellreutter<\/strong> y sobre informantes del SD.<\/span><\/span><\/p>\n<p style=\"text-align: justify;\"><span style=\"font-size: 14pt;\"><span dir=\"auto\"><strong>Schmitt<\/strong> reconoci\u00f3 la peligrosa situaci\u00f3n creada por los art\u00edculos y contact\u00f3 con <strong>G\u00f6ring<\/strong> y <strong>Frank<\/strong>. <\/span><\/span><\/p>\n<p style=\"text-align: justify;\"><span style=\"font-size: 14pt;\"><span dir=\"auto\">Mientras que este \u00faltimo <strong>destituy\u00f3<\/strong> a <strong>Schmitt<\/strong> y <strong>lo apart\u00f3 de todos sus cargos <\/strong>en el <em>NSRB<\/em>, la <em>Academia<\/em> y como<em> editor del<\/em> <em>DJZ<\/em> por \u00ab<em>motivos <\/em><em>de salud<\/em>\u00bb, <strong>G\u00f6ring<\/strong> se opuso a <strong>Himmler<\/strong> y <strong>Heydrich<\/strong> y <strong>protegi\u00f3 a \u00ab<em>su<\/em>\u00bb C<em>onsejero de Estado de las SS<\/em><\/strong>.<\/span><\/span><\/p>\n<\/div>\n<\/div>\n<\/div>\n<\/div>\n<\/div>\n<\/section>\n<\/div>\n<p>&nbsp;<\/p>\n<figure id=\"attachment_2322550\" aria-describedby=\"caption-attachment-2322550\" style=\"width: 300px\" class=\"wp-caption aligncenter\"><img loading=\"lazy\" decoding=\"async\" class=\"wp-image-2322550\" src=\"https:\/\/puntocritico.com\/ausajpuntocritico\/wp-content\/uploads\/2026\/08\/Con-su-hija-Anima-en-la-terraza-de-la-casa-en-Kaiserswerther-Strase-17-Berlin-Dahlem-Mediados-de-la-decada-de-1930-281x300.png\" alt=\"\" width=\"300\" height=\"320\" srcset=\"https:\/\/puntocritico.com\/ausajpuntocritico\/wp-content\/uploads\/2026\/08\/Con-su-hija-Anima-en-la-terraza-de-la-casa-en-Kaiserswerther-Strase-17-Berlin-Dahlem-Mediados-de-la-decada-de-1930-281x300.png 281w, https:\/\/puntocritico.com\/ausajpuntocritico\/wp-content\/uploads\/2026\/08\/Con-su-hija-Anima-en-la-terraza-de-la-casa-en-Kaiserswerther-Strase-17-Berlin-Dahlem-Mediados-de-la-decada-de-1930.png 354w\" sizes=\"auto, (max-width: 300px) 100vw, 300px\" \/><figcaption id=\"caption-attachment-2322550\" class=\"wp-caption-text\"><span style=\"color: #008000;\">Con su hija <strong>Anima<\/strong> en la terraza de la casa en Kaiserswerther Stra\u00dfe 17, Berl\u00edn-Dahlem. Mediados de la d\u00e9cada de 1930. <\/span><\/figcaption><\/figure>\n<p>&nbsp;<\/p>\n<div data-id=\"07cb5f0\" data-element_type=\"column\" data-e-type=\"column\">\n<section class=\"elementor-section elementor-inner-section elementor-element elementor-element-eaa0e80 elementor-section-content-top elementor-section-boxed elementor-section-height-default elementor-section-height-default\" data-id=\"eaa0e80\" data-element_type=\"section\" data-e-type=\"section\">\n<div class=\"elementor-container elementor-column-gap-default\">\n<div class=\"elementor-column elementor-col-50 elementor-inner-column elementor-element elementor-element-35f5c33\" data-id=\"35f5c33\" data-element_type=\"column\" data-e-type=\"column\">\n<div class=\"elementor-widget-wrap elementor-element-populated\">\n<div class=\"elementor-element elementor-element-b1c1cdf elementor-widget elementor-widget-text-editor\" data-id=\"b1c1cdf\" data-element_type=\"widget\" data-e-type=\"widget\" data-widget_type=\"text-editor.default\">\n<div class=\"elementor-widget-container\">\n<p style=\"text-align: justify;\"><span style=\"font-size: 14pt;\"><span dir=\"auto\"><strong>El rector de la universidad tambi\u00e9n sugiri\u00f3 que Schmitt cancelara sus clases<\/strong>, <strong>pero esto no sucedi\u00f3<\/strong>; <\/span><\/span><\/p>\n<blockquote>\n<p style=\"text-align: justify;\"><strong><span style=\"font-size: 14pt; color: #008000;\"><span dir=\"auto\">por el contrario, un informante del SD inform\u00f3 de una acogida decididamente entusiasta por parte de los estudiantes al comienzo de las clases de Schmitt.<\/span><\/span><\/strong><\/p>\n<\/blockquote>\n<p>&nbsp;<\/p>\n<p style=\"text-align: justify;\"><span style=\"font-size: 14pt;\"><span dir=\"auto\">Este <strong>conserv\u00f3 su c\u00e1tedra hasta 1945<\/strong>.<\/span><\/span><\/p>\n<p style=\"text-align: justify;\"><span dir=\"auto\" style=\"font-size: 14pt;\"><strong>La carrera de Schmitt en la \u00e9lite funcional nazi termin\u00f3 en 1936<\/strong>. <\/span><\/p>\n<p style=\"text-align: justify;\"><span dir=\"auto\" style=\"font-size: 14pt;\">Si bien <strong>su ascenso hab\u00eda estado ligado a la p\u00e9rdida de amigos cercanos<\/strong> como <strong>Georg Eisler<\/strong>, <strong>Ludwig Feuchtwanger<\/strong>, <strong>Franz Blei<\/strong>, <strong>Erwin Jacobi<\/strong>, <strong>Erik Peterson<\/strong> y otros, <\/span><\/p>\n<blockquote>\n<p style=\"text-align: justify;\"><strong><span dir=\"auto\" style=\"font-size: 14pt; color: #008000;\">ahora incluso colegas m\u00e1s cercanos como Ernst Rudolf Huber y Johannes Heckel se distanciaron de \u00e9l.<\/span><\/strong><\/p>\n<\/blockquote>\n<\/div>\n<\/div>\n<\/div>\n<\/div>\n<\/div>\n<\/section>\n<\/div>\n<div>\n<p>&nbsp;<\/p>\n<p><figure id=\"attachment_2322721\" aria-describedby=\"caption-attachment-2322721\" style=\"width: 300px\" class=\"wp-caption aligncenter\"><img loading=\"lazy\" decoding=\"async\" class=\"wp-image-2322721\" src=\"https:\/\/puntocritico.com\/ausajpuntocritico\/wp-content\/uploads\/2026\/08\/reichstag-fire-244x300.jpg\" alt=\"\" width=\"300\" height=\"370\" srcset=\"https:\/\/puntocritico.com\/ausajpuntocritico\/wp-content\/uploads\/2026\/08\/reichstag-fire-244x300.jpg 244w, https:\/\/puntocritico.com\/ausajpuntocritico\/wp-content\/uploads\/2026\/08\/reichstag-fire-831x1024.jpg 831w, https:\/\/puntocritico.com\/ausajpuntocritico\/wp-content\/uploads\/2026\/08\/reichstag-fire-768x946.jpg 768w, https:\/\/puntocritico.com\/ausajpuntocritico\/wp-content\/uploads\/2026\/08\/reichstag-fire.jpg 974w\" sizes=\"auto, (max-width: 300px) 100vw, 300px\" \/><figcaption id=\"caption-attachment-2322721\" class=\"wp-caption-text\"><span style=\"color: #008000;\">Incendio del Reichstag, 1933, v\u00eda Bundesarchiv.<\/span><\/figcaption><\/figure>\n<\/div>\n<div>\u00a0<\/div>\n<div data-id=\"07cb5f0\" data-element_type=\"column\" data-e-type=\"column\">\n<section class=\"elementor-section elementor-inner-section elementor-element elementor-element-7f77536 elementor-section-content-top elementor-section-boxed elementor-section-height-default elementor-section-height-default\" data-id=\"7f77536\" data-element_type=\"section\" data-e-type=\"section\">\n<div class=\"elementor-container elementor-column-gap-default\">\n<div class=\"elementor-column elementor-col-50 elementor-inner-column elementor-element elementor-element-3fb9abc\" data-id=\"3fb9abc\" data-element_type=\"column\" data-e-type=\"column\">\n<div class=\"elementor-widget-wrap elementor-element-populated\">\n<div class=\"elementor-element elementor-element-3d1e001 elementor-widget elementor-widget-text-editor\" data-id=\"3d1e001\" data-element_type=\"widget\" data-e-type=\"widget\" data-widget_type=\"text-editor.default\">\n<div class=\"elementor-widget-container\">\n<h3 style=\"text-align: center;\"><span dir=\"auto\" style=\"font-size: 18pt;\">La era nazi (1937-1945)<\/span><\/h3>\n<p style=\"text-align: justify;\"><span style=\"font-size: 14pt;\"><span dir=\"auto\"><strong>Las interpretaciones constitucionales del movimiento nacionalsocialista hab\u00edan fracasado,<\/strong> <strong>a m\u00e1s tardar, despu\u00e9s del 30 de junio de 1934<\/strong>; <\/span><\/span><\/p>\n<blockquote>\n<p style=\"text-align: justify;\"><span style=\"color: #008000;\"><strong><span style=\"font-size: 14pt;\"><span dir=\"auto\">Schmitt comenz\u00f3 a darse cuenta de ello gradualmente.<\/span><\/span><\/strong><\/span><\/p>\n<\/blockquote>\n<p>&nbsp;<\/p>\n<p style=\"text-align: justify;\"><span style=\"font-size: 14pt;\"><span dir=\"auto\">C<\/span><\/span><span style=\"font-size: 14pt;\"><span dir=\"auto\">entr\u00f3 entonces su atenci\u00f3n en <strong>la totalidad de la comunidad pol\u00edtica que lo rodeaba<\/strong> y utiliz\u00f3 la imagen mitol\u00f3gica del monstruo marino b\u00edblico <em><strong>Leviat\u00e1n <\/strong><\/em>para su an\u00e1lisis. <\/span><\/span><\/p>\n<p style=\"text-align: justify;\"><span style=\"font-size: 14pt;\"><strong><span dir=\"auto\">En su obra *<\/span><em><span dir=\"auto\">Leviat\u00e1n en la teor\u00eda pol\u00edtica de Thomas Hobbes<\/span><\/em><span dir=\"auto\">:\u00a0<\/span><em><span dir=\"auto\">significado y fracaso de un s\u00edmbolo pol\u00edtico*<\/span><\/em><\/strong><span dir=\"auto\"><strong>\u00a0(1938)<\/strong>, <\/span><\/span><\/p>\n<blockquote>\n<p style=\"text-align: justify;\"><span style=\"color: #008000;\"><strong><span style=\"font-size: 14pt;\"><span dir=\"auto\">se refiri\u00f3 al concepto <em>hobbesiano<\/em> de un Estado cristiano bajo un soberano omnipotente con la unidad natural de religi\u00f3n y pol\u00edtica.<\/span><\/span><\/strong><\/span><\/p>\n<\/blockquote>\n<\/div>\n<\/div>\n<\/div>\n<\/div>\n<\/div>\n<\/section>\n<\/div>\n<p>&nbsp;<\/p>\n<figure id=\"attachment_2322575\" aria-describedby=\"caption-attachment-2322575\" style=\"width: 440px\" class=\"wp-caption aligncenter\"><img loading=\"lazy\" decoding=\"async\" class=\"wp-image-2322575\" src=\"https:\/\/puntocritico.com\/ausajpuntocritico\/wp-content\/uploads\/2026\/08\/El-Leviatan-en-la-teoria-politica-de-Thomas-Hobbes-Carl-Schmitt-300x217.png\" alt=\"\" width=\"440\" height=\"318\" srcset=\"https:\/\/puntocritico.com\/ausajpuntocritico\/wp-content\/uploads\/2026\/08\/El-Leviatan-en-la-teoria-politica-de-Thomas-Hobbes-Carl-Schmitt-300x217.png 300w, https:\/\/puntocritico.com\/ausajpuntocritico\/wp-content\/uploads\/2026\/08\/El-Leviatan-en-la-teoria-politica-de-Thomas-Hobbes-Carl-Schmitt-1024x739.png 1024w, https:\/\/puntocritico.com\/ausajpuntocritico\/wp-content\/uploads\/2026\/08\/El-Leviatan-en-la-teoria-politica-de-Thomas-Hobbes-Carl-Schmitt-768x554.png 768w, https:\/\/puntocritico.com\/ausajpuntocritico\/wp-content\/uploads\/2026\/08\/El-Leviatan-en-la-teoria-politica-de-Thomas-Hobbes-Carl-Schmitt-1320x953.png 1320w, https:\/\/puntocritico.com\/ausajpuntocritico\/wp-content\/uploads\/2026\/08\/El-Leviatan-en-la-teoria-politica-de-Thomas-Hobbes-Carl-Schmitt.png 1424w\" sizes=\"auto, (max-width: 440px) 100vw, 440px\" \/><figcaption id=\"caption-attachment-2322575\" class=\"wp-caption-text\"><span style=\"color: #008000;\"><strong><em>El Leviat\u00e1n en la teor\u00eda pol\u00edtica de Thomas Hobbes<\/em><\/strong>: significado y fracaso de un s\u00edmbolo pol\u00edtico. Edici\u00f3n Maschke, Hohenheim Verlag, Colonia, 1982. Sobrecubierta.<\/span><\/figcaption><\/figure>\n<p>&nbsp;<\/p>\n<div data-id=\"07cb5f0\" data-element_type=\"column\" data-e-type=\"column\">\n<section class=\"elementor-section elementor-inner-section elementor-element elementor-element-7f77536 elementor-section-content-top elementor-section-boxed elementor-section-height-default elementor-section-height-default\" data-id=\"7f77536\" data-element_type=\"section\" data-e-type=\"section\">\n<div class=\"elementor-container elementor-column-gap-default\">\n<div class=\"elementor-column elementor-col-50 elementor-inner-column elementor-element elementor-element-3fb9abc\" data-id=\"3fb9abc\" data-element_type=\"column\" data-e-type=\"column\">\n<div class=\"elementor-widget-wrap elementor-element-populated\">\n<div class=\"elementor-element elementor-element-3d1e001 elementor-widget elementor-widget-text-editor\" data-id=\"3d1e001\" data-element_type=\"widget\" data-e-type=\"widget\" data-widget_type=\"text-editor.default\">\n<div class=\"elementor-widget-container\">\n<p style=\"text-align: justify;\"><span style=\"font-size: 14pt;\"><span dir=\"auto\"><strong>Este Estado, argument\u00f3, fracas\u00f3 en \u00faltima instancia debido a su inherente reserva a favor de la libertad individual<\/strong>, poniendo as\u00ed fin a la era de la estatalidad. <\/span><\/span><\/p>\n<p style=\"text-align: justify;\"><span style=\"font-size: 14pt;\"><span dir=\"auto\">Seg\u00fan <strong>Schmitt<\/strong>, <strong>el debilitamiento y eventual p\u00e9rdida de poder del soberano fue obra de poderes indirectos, inicialmente en forma de reservas de conciencia privadas y apol\u00edticas<\/strong>, <\/span><\/span><\/p>\n<blockquote>\n<p style=\"text-align: justify;\"><span style=\"color: #008000;\"><strong><span style=\"font-size: 14pt;\"><span dir=\"auto\">promovidas -seg\u00fan la atribuci\u00f3n antisemita de Schmitt- por pensadores \u00ab<em>jud\u00edos<\/em>\u00bb desde <a href=\"https:\/\/puntocritico.com\/ausajpuntocritico\/2020\/10\/02\/maldito-spinoza-el-ataque-de-carl-schmitt-al-tratado-teologico-politico-de-baruch-de-spinoza-parte-1\/\" target=\"_blank\" rel=\"noopener\">Spinoza<\/a> hasta Stahl.<\/span><\/span><\/strong><\/span><\/p>\n<\/blockquote>\n<p>&nbsp;<\/p>\n<p style=\"text-align: justify;\"><span style=\"font-size: 14pt;\"><span dir=\"auto\"><strong>Posteriormente, la maquinaria estatal fue destruida por las fuerzas sociales, como los partidos pol\u00edticos, los sindicatos y las organizaciones sociales<\/strong>; <\/span><\/span><\/p>\n<blockquote>\n<p style=\"text-align: justify;\"><span style=\"font-size: 14pt; color: #008000;\"><span dir=\"auto\"><strong>Estas fuerzas utilizaron el poder estatal para crear una contraesfera p\u00fablica burguesa y neutralizaron el poder del Estado con la doctrina liberal del Estado de derecho<\/strong>.<\/span><\/span><\/p>\n<\/blockquote>\n<p>&nbsp;<\/p>\n<p style=\"text-align: justify;\"><strong><span style=\"font-size: 14pt;\"><span dir=\"auto\">Los nacionalsocialistas tambi\u00e9n emplearon estas mismas armas, que Schmit<\/span><\/span><span style=\"font-size: 14pt;\"><span dir=\"auto\">t<\/span><\/span><\/strong><span style=\"font-size: 14pt;\"><span dir=\"auto\">, a principios de la d\u00e9cada de 1930,<\/span><\/span><strong><span style=\"font-size: 14pt;\"><span dir=\"auto\"> intent\u00f3 prevenir con el concepto pol\u00edtico del \u00ab<em>Estado totalitario<\/em>\u00bb<\/span><\/span><\/strong><span style=\"font-size: 14pt;\"><span dir=\"auto\">: <\/span><\/span><\/p>\n<blockquote>\n<p style=\"text-align: justify;\"><span style=\"color: #008000;\"><strong><span style=\"font-size: 14pt;\"><span dir=\"auto\">la deriva hacia la omnipotencia de un partido totalitario, en el que \u00ab<em>el movimiento<\/em>\u00bb suplanta al Estado.<\/span><\/span><\/strong><\/span><\/p>\n<\/blockquote>\n<p>&nbsp;<\/p>\n<p style=\"text-align: justify;\"><span style=\"font-size: 14pt;\"><strong>Schmitt<\/strong> se mud\u00f3 varias veces en <em>Berl\u00edn<\/em> durante la d\u00e9cada de 1930.<\/span><\/p>\n<\/div>\n<\/div>\n<\/div>\n<\/div>\n<\/div>\n<\/section>\n<\/div>\n<p>&nbsp;<\/p>\n<figure id=\"attachment_2322707\" aria-describedby=\"caption-attachment-2322707\" style=\"width: 440px\" class=\"wp-caption aligncenter\"><img loading=\"lazy\" decoding=\"async\" class=\"wp-image-2322707\" src=\"https:\/\/puntocritico.com\/ausajpuntocritico\/wp-content\/uploads\/2026\/08\/Los-Jueces-nazis-11-300x191.jpg\" alt=\"\" width=\"440\" height=\"281\" srcset=\"https:\/\/puntocritico.com\/ausajpuntocritico\/wp-content\/uploads\/2026\/08\/Los-Jueces-nazis-11-300x191.jpg 300w, https:\/\/puntocritico.com\/ausajpuntocritico\/wp-content\/uploads\/2026\/08\/Los-Jueces-nazis-11.jpg 693w\" sizes=\"auto, (max-width: 440px) 100vw, 440px\" \/><figcaption id=\"caption-attachment-2322707\" class=\"wp-caption-text\"><span style=\"color: #008000;\">Jueces Nazis <\/span><\/figcaption><\/figure>\n<p>&nbsp;<\/p>\n<div data-id=\"07cb5f0\" data-element_type=\"column\" data-e-type=\"column\">\n<section class=\"elementor-section elementor-inner-section elementor-element elementor-element-7f77536 elementor-section-content-top elementor-section-boxed elementor-section-height-default elementor-section-height-default\" data-id=\"7f77536\" data-element_type=\"section\" data-e-type=\"section\">\n<div class=\"elementor-container elementor-column-gap-default\">\n<div class=\"elementor-column elementor-col-50 elementor-inner-column elementor-element elementor-element-3fb9abc\" data-id=\"3fb9abc\" data-element_type=\"column\" data-e-type=\"column\">\n<div class=\"elementor-widget-wrap elementor-element-populated\">\n<div class=\"elementor-element elementor-element-3d1e001 elementor-widget elementor-widget-text-editor\" data-id=\"3d1e001\" data-element_type=\"widget\" data-e-type=\"widget\" data-widget_type=\"text-editor.default\">\n<div class=\"elementor-widget-container\">\n<p style=\"text-align: justify;\"><span style=\"font-size: 14pt;\">Tras una breve estancia en <em>Colonia<\/em> (<em>semestre de verano de 1933<\/em>), <strong>\u00e9l y su familia se trasladaron a <em>Berl\u00edn-Steglitz<\/em>, en <em>Fichteberg<\/em>, durante el semestre de invierno de 1933<\/strong>, muy cerca de <strong>Johannes Popitz<\/strong>. <\/span><\/p>\n<p style=\"text-align: justify;\"><span style=\"font-size: 14pt;\">Su compa\u00f1era de piso era la viuda de <strong>Carl Heinrich Becker<\/strong>, el <em>ministro de Cultura prusiano<\/em>, fallecido en 1933. En octubre de 1936, poco antes de su ca\u00edda de la jerarqu\u00eda nazi, los <strong>Schmitt<\/strong> se mudaron a <em>Kaiserswerther Stra\u00dfe<\/em> 17, en <em>Dahlem<\/em>. <\/span><\/p>\n<p style=\"text-align: justify;\"><span style=\"font-size: 14pt;\">Cerca se encontraban las instituciones de investigaci\u00f3n de la <em>Sociedad Kaiser Wilhelm<\/em>, como el <em>Instituto Kaiser Wilhelm de Qu\u00edmica<\/em>, a tan solo 100 metros, donde <strong>Otto Hahn <\/strong>y <strong>Fritz Strassmann<\/strong> descubrieron la <em><strong>fisi\u00f3n nuclear<\/strong><\/em> en 1939, y la <strong><em>Casa Harnack<\/em><\/strong>, donde <strong>Schmitt<\/strong> era un invitado y conferenciante frecuente. <\/span><\/p>\n<figure id=\"attachment_2322554\" aria-describedby=\"caption-attachment-2322554\" style=\"width: 220px\" class=\"wp-caption alignleft\"><img loading=\"lazy\" decoding=\"async\" class=\"wp-image-2322554\" src=\"https:\/\/puntocritico.com\/ausajpuntocritico\/wp-content\/uploads\/2026\/08\/Carl-Schmitt-alrededor-de-1945-117x300.jpg\" alt=\"\" width=\"220\" height=\"565\" srcset=\"https:\/\/puntocritico.com\/ausajpuntocritico\/wp-content\/uploads\/2026\/08\/Carl-Schmitt-alrededor-de-1945-117x300.jpg 117w, https:\/\/puntocritico.com\/ausajpuntocritico\/wp-content\/uploads\/2026\/08\/Carl-Schmitt-alrededor-de-1945-399x1024.jpg 399w, https:\/\/puntocritico.com\/ausajpuntocritico\/wp-content\/uploads\/2026\/08\/Carl-Schmitt-alrededor-de-1945.jpg 466w\" sizes=\"auto, (max-width: 220px) 100vw, 220px\" \/><figcaption id=\"caption-attachment-2322554\" class=\"wp-caption-text\"><span style=\"color: #008000;\">Carl Schmitt, alrededor de 1945<\/span><\/figcaption><\/figure>\n<p style=\"text-align: justify;\"><span style=\"font-size: 14pt;\">Enfrente, en el complejo de edificios de estilo expresionista tard\u00edo n\u00fameros 16-18, se encontraba la oficina central de finanzas de la gigantesca corporaci\u00f3n del <em><strong>Frente Alem\u00e1n del Trabajo<\/strong><\/em>; a partir de 1945, el <em>Mando Aliado de las potencias vencedoras<\/em> se reuni\u00f3 all\u00ed, celebr\u00e1ndose su \u00faltima reuni\u00f3n en octubre de 1990. <\/span><\/p>\n<p style=\"text-align: justify;\"><span style=\"font-size: 14pt;\"><strong>Schmitt<\/strong> mantuvo contacto con <strong>Popitz<\/strong>, de quien sigui\u00f3 obteniendo informaci\u00f3n sobre el funcionamiento del r\u00e9gimen. <\/span><\/p>\n<p style=\"text-align: justify;\"><span style=\"font-size: 14pt;\">A pesar de esta estrecha amistad, <strong>Schmitt<\/strong> no se uni\u00f3 a la llamada <em>Sociedad de los Mi\u00e9rcoles<\/em>, en la que <strong>Popitz<\/strong> desempe\u00f1\u00f3 un papel destacado y cuya postura cada vez m\u00e1s cr\u00edtica hacia el r\u00e9gimen promovi\u00f3 significativamente.<\/span><\/p>\n<p style=\"text-align: justify;\"><span style=\"font-size: 14pt;\"><span dir=\"auto\">La vida social en la casa de los <strong>Schmitt<\/strong> est\u00e1 bien documentada a trav\u00e9s de entradas de diario, recuerdos de otras personas y, especialmente, los registros de <strong>Duschka<\/strong> sobre invitados y recepciones. <\/span><\/span><\/p>\n<p style=\"text-align: justify;\"><span style=\"font-size: 14pt;\"><span dir=\"auto\">Es llamativo que, debido al <strong>creciente aislamiento<\/strong> de <strong>Schmitt<\/strong> en la <em>facultad de derecho<\/em>, si bien sus estudiantes y colegas extranjeros sol\u00edan estar presentes, pocos proven\u00edan de <em>Berl\u00edn<\/em> u otras universidades alemanas. <\/span><\/span><\/p>\n<p style=\"text-align: justify;\"><span style=\"font-size: 14pt;\"><span dir=\"auto\">En cambio, eran frecuentes los invitados de otras disciplinas, como el soci\u00f3logo <strong>Hans Freyer<\/strong>, el fil\u00f3sofo jur\u00eddico <strong>Carl August Emge,<\/strong> el historiador eclesi\u00e1stico<strong> Erich Seeberg<\/strong>, el experto en <strong><em>Clausewitz<\/em><\/strong>, el <em>general <\/em><strong>von Cochenhausen<\/strong>, y los economistas <strong>Erwin von Beckerath <\/strong>y <strong>Jens Jessen<\/strong>. <\/span><\/span><\/p>\n<p style=\"text-align: justify;\"><span style=\"font-size: 14pt;\"><span dir=\"auto\">Viejos amigos como <strong>Ernst<\/strong> y <strong>Gretha J\u00fcnger<\/strong>, y <strong>Lilly von Schnitzler<\/strong> y su esposo <strong>Georg<\/strong>, tambi\u00e9n visitaban a los <strong>Schmitt<\/strong> en la capital. La\u00a0<\/span><a href=\"https:\/\/www.carl-schmitt.de\/carl-schmitt\/netzwerke\/\" target=\"_blank\" rel=\"noopener\"><span dir=\"auto\">lista de invitados<\/span><\/a><span dir=\"auto\">\u00a0da la impresi\u00f3n de que la casa era particularmente abierta a los artistas.<\/span><\/span><\/p>\n<div data-id=\"07cb5f0\" data-element_type=\"column\" data-e-type=\"column\">\n<section class=\"elementor-section elementor-inner-section elementor-element elementor-element-7f77536 elementor-section-content-top elementor-section-boxed elementor-section-height-default elementor-section-height-default\" data-id=\"7f77536\" data-element_type=\"section\" data-e-type=\"section\">\n<div class=\"elementor-container elementor-column-gap-default\">\n<div class=\"elementor-column elementor-col-50 elementor-inner-column elementor-element elementor-element-3fb9abc\" data-id=\"3fb9abc\" data-element_type=\"column\" data-e-type=\"column\">\n<div class=\"elementor-widget-wrap elementor-element-populated\">\n<div class=\"elementor-element elementor-element-3d1e001 elementor-widget elementor-widget-text-editor\" data-id=\"3d1e001\" data-element_type=\"widget\" data-e-type=\"widget\" data-widget_type=\"text-editor.default\">\n<div class=\"elementor-widget-container\">\n<p style=\"text-align: justify;\"><span style=\"font-size: 14pt;\"><span dir=\"auto\">Adem\u00e1s de las visitas de <strong>Emil<\/strong> y <strong>Ada Nolte<\/strong>, los pintores <strong>Werner Heldt <\/strong>y <strong>Werner Gilles<\/strong>, a menudo con problemas econ\u00f3micos, recib\u00edan una atenci\u00f3n especial; <strong>Duschka<\/strong> acompa\u00f1aba a los participantes del seminario al estudio de <strong>Ernst Wilhelm Nay<\/strong>, y gracias a la amistad de las hijas, se estableci\u00f3 contacto con la influyente<em><strong> Galer\u00eda Karl Buchholz<\/strong><\/em>, donde las obras de los expresionistas marginados a\u00fan estaban disponibles en el segundo piso.<\/span><\/span><\/p>\n<p style=\"text-align: justify;\"><span dir=\"auto\" style=\"font-size: 14pt;\">El inter\u00e9s de <strong>Carl Schmitt<\/strong> por los escritores y poetas evolucion\u00f3 a lo largo de las d\u00e9cadas. Tras <strong>Theodor D\u00e4ubler<\/strong>, el <em>poeta herm\u00e9tico <\/em><strong>Konrad Wei\u00df<\/strong> cobr\u00f3 gran relevancia, y junto a <strong>Ernst J\u00fcnger<\/strong>, conoci\u00f3 a <strong>Gottfried Benn<\/strong>.<\/span><\/p>\n<\/div>\n<\/div>\n<\/div>\n<\/div>\n<\/div>\n<\/section>\n<\/div>\n<\/div>\n<\/div>\n<\/div>\n<\/div>\n<\/div>\n<\/section>\n<\/div>\n<p>&nbsp;<\/p>\n<figure id=\"attachment_14836\" aria-describedby=\"caption-attachment-14836\" style=\"width: 480px\" class=\"wp-caption aligncenter\"><a href=\"https:\/\/puntocritico.com\/ausajpuntocritico\/2020\/09\/05\/hitlers-hollywood-2017-documental\/\" target=\"_blank\" rel=\"noopener\"><img loading=\"lazy\" decoding=\"async\" class=\"wp-image-14836\" src=\"https:\/\/puntocritico.com\/ausajpuntocritico\/wp-content\/uploads\/2018\/11\/hh-curtain-300x169.jpg\" alt=\"\" width=\"480\" height=\"270\" srcset=\"https:\/\/puntocritico.com\/ausajpuntocritico\/wp-content\/uploads\/2018\/11\/hh-curtain-300x169.jpg 300w, https:\/\/puntocritico.com\/ausajpuntocritico\/wp-content\/uploads\/2018\/11\/hh-curtain-267x150.jpg 267w, https:\/\/puntocritico.com\/ausajpuntocritico\/wp-content\/uploads\/2018\/11\/hh-curtain.jpg 678w\" sizes=\"auto, (max-width: 480px) 100vw, 480px\" \/><\/a><figcaption id=\"caption-attachment-14836\" class=\"wp-caption-text\"><a href=\"https:\/\/puntocritico.com\/ausajpuntocritico\/2020\/09\/05\/hitlers-hollywood-2017-documental\/\" target=\"_blank\" rel=\"noopener\"><span style=\"color: #008000;\">Hitler\u2019s Hollywood, documental (2017)<\/span><\/a><\/figcaption><\/figure>\n<div data-id=\"07cb5f0\" data-element_type=\"column\" data-e-type=\"column\">\n<section class=\"elementor-section elementor-inner-section elementor-element elementor-element-7f77536 elementor-section-content-top elementor-section-boxed elementor-section-height-default elementor-section-height-default\" data-id=\"7f77536\" data-element_type=\"section\" data-e-type=\"section\">\n<div class=\"elementor-container elementor-column-gap-default\">\n<div class=\"elementor-column elementor-col-50 elementor-inner-column elementor-element elementor-element-3fb9abc\" data-id=\"3fb9abc\" data-element_type=\"column\" data-e-type=\"column\">\n<div class=\"elementor-widget-wrap elementor-element-populated\">\n<div class=\"elementor-element elementor-element-3d1e001 elementor-widget elementor-widget-text-editor\" data-id=\"3d1e001\" data-element_type=\"widget\" data-e-type=\"widget\" data-widget_type=\"text-editor.default\">\n<div class=\"elementor-widget-container\">\n<p style=\"text-align: justify;\">\u00a0<\/p>\n<p style=\"text-align: justify;\"><span dir=\"auto\" style=\"font-size: 14pt;\">En casa de <strong>Franz Schranz<\/strong>, m\u00e9dico rural y mecenas de las artes en <em>Siedlinghausen<\/em>, en la regi\u00f3n oriental de <em>Sauerland<\/em>, <strong>Schmitt<\/strong> no solo se reun\u00eda con <strong>Konrad Wei\u00df<\/strong> con mayor frecuencia, sino que tambi\u00e9n conoci\u00f3 a los pintores <strong>Karl Caspar <\/strong>y <strong>Maria Caspar-Filser<\/strong>, as\u00ed como a los escultores <strong>Karl Knappe<\/strong>, <strong>Eugen Senger-Platte <\/strong>y <strong>Josef Rikus<\/strong>. <\/span><\/p>\n<p style=\"text-align: justify;\"><span dir=\"auto\" style=\"font-size: 14pt;\">Cuando el enviado yugoslavo y posteriormente <em>premio Nobel<\/em><strong> Ivo Andri\u0107<\/strong> asumi\u00f3 su cargo en <em>Berl\u00edn<\/em> en 1939, se estrech\u00f3 su relaci\u00f3n con <strong>Schmitt<\/strong>. <\/span><\/p>\n<p style=\"text-align: justify;\"><span dir=\"auto\" style=\"font-size: 14pt;\">Con motivo de las <em>Jornadas Europeas de los Poetas en Weimar en 1941<\/em>, organizadas especialmente para escritores franceses dispuestos a colaborar, <strong>Drieu la Rochelle<\/strong> visit\u00f3 a <strong>Schmitt<\/strong> en <em>Dahlem<\/em>. <\/span><\/p>\n<p style=\"text-align: justify;\"><span dir=\"auto\" style=\"font-size: 14pt;\">El temprano inter\u00e9s pr\u00e1ctico y te\u00f3rico de <strong>Schmitt<\/strong> por la m\u00fasica, que en <em>Bonn<\/em> lo llev\u00f3 a entablar una amistad de por vida con el historiador musical <strong>Arnold Schmitz<\/strong>, se profundiz\u00f3 a\u00fan m\u00e1s gracias a la <em>clavecinista <\/em><strong>Eta Harich-Schneider<\/strong> y al tenor <strong>Peter Anders<\/strong> de la <em>\u00d3pera Estatal<\/em>. <\/span><\/p>\n<p style=\"text-align: justify;\"><span dir=\"auto\" style=\"font-size: 14pt;\">Sin embargo,<strong> la implicaci\u00f3n de Schmitt con el r\u00e9gimen nazi provoc\u00f3 la ruptura de muchas amistades<\/strong>. <\/span><\/p>\n<p style=\"text-align: justify;\"><span dir=\"auto\" style=\"font-size: 14pt;\"><strong>Franz Blei<\/strong> se despidi\u00f3 con melancol\u00eda de su amigo exiliado. Sus numerosos amigos jud\u00edos se distanciaron; esto fue sin duda especialmente doloroso en el caso de <strong>Georg Eisler<\/strong>, a quien se puede considerar su amigo m\u00e1s cercano.<\/span><\/p>\n<\/div>\n<\/div>\n<\/div>\n<\/div>\n<\/div>\n<\/section>\n<\/div>\n<p>&nbsp;<\/p>\n<figure id=\"attachment_2322551\" aria-describedby=\"caption-attachment-2322551\" style=\"width: 240px\" class=\"wp-caption aligncenter\"><img loading=\"lazy\" decoding=\"async\" class=\"wp-image-2322551\" src=\"https:\/\/puntocritico.com\/ausajpuntocritico\/wp-content\/uploads\/2026\/08\/Carl-Schmitt-Segunda-mitad-de-la-decada-de-1930-188x300.jpg\" alt=\"\" width=\"240\" height=\"384\" srcset=\"https:\/\/puntocritico.com\/ausajpuntocritico\/wp-content\/uploads\/2026\/08\/Carl-Schmitt-Segunda-mitad-de-la-decada-de-1930-188x300.jpg 188w, https:\/\/puntocritico.com\/ausajpuntocritico\/wp-content\/uploads\/2026\/08\/Carl-Schmitt-Segunda-mitad-de-la-decada-de-1930-640x1024.jpg 640w, https:\/\/puntocritico.com\/ausajpuntocritico\/wp-content\/uploads\/2026\/08\/Carl-Schmitt-Segunda-mitad-de-la-decada-de-1930-768x1229.jpg 768w, https:\/\/puntocritico.com\/ausajpuntocritico\/wp-content\/uploads\/2026\/08\/Carl-Schmitt-Segunda-mitad-de-la-decada-de-1930-960x1536.jpg 960w, https:\/\/puntocritico.com\/ausajpuntocritico\/wp-content\/uploads\/2026\/08\/Carl-Schmitt-Segunda-mitad-de-la-decada-de-1930-1280x2048.jpg 1280w, https:\/\/puntocritico.com\/ausajpuntocritico\/wp-content\/uploads\/2026\/08\/Carl-Schmitt-Segunda-mitad-de-la-decada-de-1930-1320x2112.jpg 1320w, https:\/\/puntocritico.com\/ausajpuntocritico\/wp-content\/uploads\/2026\/08\/Carl-Schmitt-Segunda-mitad-de-la-decada-de-1930.jpg 1591w\" sizes=\"auto, (max-width: 240px) 100vw, 240px\" \/><figcaption id=\"caption-attachment-2322551\" class=\"wp-caption-text\"><span style=\"color: #008000;\">Segunda mitad de la d\u00e9cada de 1930<\/span><\/figcaption><\/figure>\n<p>&nbsp;<\/p>\n<div data-id=\"07cb5f0\" data-element_type=\"column\" data-e-type=\"column\">\n<section class=\"elementor-section elementor-inner-section elementor-element elementor-element-7f77536 elementor-section-content-top elementor-section-boxed elementor-section-height-default elementor-section-height-default\" data-id=\"7f77536\" data-element_type=\"section\" data-e-type=\"section\">\n<div class=\"elementor-container elementor-column-gap-default\">\n<div class=\"elementor-column elementor-col-50 elementor-inner-column elementor-element elementor-element-3fb9abc\" data-id=\"3fb9abc\" data-element_type=\"column\" data-e-type=\"column\">\n<div class=\"elementor-widget-wrap elementor-element-populated\">\n<div class=\"elementor-element elementor-element-3d1e001 elementor-widget elementor-widget-text-editor\" data-id=\"3d1e001\" data-element_type=\"widget\" data-e-type=\"widget\" data-widget_type=\"text-editor.default\">\n<div class=\"elementor-widget-container\">\n<section class=\"elementor-section elementor-inner-section elementor-element elementor-element-505ef39 elementor-section-content-top elementor-section-boxed elementor-section-height-default elementor-section-height-default\" data-id=\"505ef39\" data-element_type=\"section\" data-e-type=\"section\">\n<div class=\"elementor-container elementor-column-gap-default\">\n<div class=\"elementor-column elementor-col-50 elementor-inner-column elementor-element elementor-element-f61a1d4\" data-id=\"f61a1d4\" data-element_type=\"column\" data-e-type=\"column\">\n<div class=\"elementor-widget-wrap elementor-element-populated\">\n<div class=\"elementor-element elementor-element-cdf1c4b elementor-widget elementor-widget-text-editor\" data-id=\"cdf1c4b\" data-element_type=\"widget\" data-e-type=\"widget\" data-widget_type=\"text-editor.default\">\n<div class=\"elementor-widget-container\">\n<p style=\"text-align: justify;\"><span style=\"font-size: 14pt;\"><span dir=\"auto\"><strong>Tras su destituci\u00f3n<\/strong>, el jurista <strong>Schmitt <\/strong><strong>centr\u00f3 su trabajo en los avances del derecho internacional<\/strong>. <\/span><\/span><\/p>\n<p style=\"text-align: justify;\"><span style=\"font-size: 14pt;\"><span dir=\"auto\">Su libro <strong>*<\/strong><\/span><strong><em><span dir=\"auto\">El giro hacia un concepto discriminatorio de la guerra*<\/span><\/em><\/strong><span dir=\"auto\">\u00a0(1937) ofreci\u00f3 una visi\u00f3n general de las publicaciones recientes en derecho internacional extranjero. <\/span><\/span><\/p>\n<p style=\"text-align: justify;\"><span style=\"font-size: 14pt;\"><span dir=\"auto\">En \u00e9l, <strong>Schmitt<\/strong> argument\u00f3 que los juristas internacionales anglosajones y franceses afirmaban <strong>el fin de la posibilidad de la neutralidad<\/strong>. <\/span><\/span><\/p>\n<p style=\"text-align: justify;\"><span style=\"font-size: 14pt;\"><span dir=\"auto\"><strong>Sosten\u00eda que la expansi\u00f3n universal de las ideolog\u00edas modernas de justicia implicaba que ahora se pod\u00edan librar guerras en nombre de la moral y la justicia<\/strong>. <\/span><\/span><\/p>\n<p style=\"text-align: justify;\"><span style=\"font-size: 14pt;\"><span dir=\"auto\"><strong>Estas guerras \u00ab<em>justas<\/em>\u00ab, afirmaba, transformaban al enemigo en un criminal y convert\u00edan el derecho de la guerra en derecho penal<\/strong>; <\/span><\/span><\/p>\n<blockquote>\n<p style=\"text-align: justify;\"><span style=\"color: #008000;\"><strong><span style=\"font-size: 14pt;\"><span dir=\"auto\">no toleraban la neutralidad.<\/span><\/span><\/strong><\/span><\/p>\n<\/blockquote>\n<\/div>\n<\/div>\n<\/div>\n<\/div>\n<\/div>\n<\/section>\n<\/div>\n<\/div>\n<\/div>\n<\/div>\n<\/div>\n<\/section>\n<\/div>\n<p>&nbsp;<\/p>\n<p>&nbsp;<\/p>\n<p><img loading=\"lazy\" decoding=\"async\" class=\"aligncenter wp-image-2300354\" src=\"https:\/\/puntocritico.com\/ausajpuntocritico\/wp-content\/uploads\/2024\/08\/GILA-esta-el-enemigo-300x132.jpg\" alt=\"\" width=\"555\" height=\"244\" srcset=\"https:\/\/puntocritico.com\/ausajpuntocritico\/wp-content\/uploads\/2024\/08\/GILA-esta-el-enemigo-300x132.jpg 300w, https:\/\/puntocritico.com\/ausajpuntocritico\/wp-content\/uploads\/2024\/08\/GILA-esta-el-enemigo-768x338.jpg 768w, https:\/\/puntocritico.com\/ausajpuntocritico\/wp-content\/uploads\/2024\/08\/GILA-esta-el-enemigo.jpg 864w\" sizes=\"auto, (max-width: 555px) 100vw, 555px\" \/><\/p>\n<p>&nbsp;<\/p>\n<div data-id=\"07cb5f0\" data-element_type=\"column\" data-e-type=\"column\">\n<section class=\"elementor-section elementor-inner-section elementor-element elementor-element-7f77536 elementor-section-content-top elementor-section-boxed elementor-section-height-default elementor-section-height-default\" data-id=\"7f77536\" data-element_type=\"section\" data-e-type=\"section\">\n<div class=\"elementor-container elementor-column-gap-default\">\n<div class=\"elementor-column elementor-col-50 elementor-inner-column elementor-element elementor-element-3fb9abc\" data-id=\"3fb9abc\" data-element_type=\"column\" data-e-type=\"column\">\n<div class=\"elementor-widget-wrap elementor-element-populated\">\n<div class=\"elementor-element elementor-element-3d1e001 elementor-widget elementor-widget-text-editor\" data-id=\"3d1e001\" data-element_type=\"widget\" data-e-type=\"widget\" data-widget_type=\"text-editor.default\">\n<div class=\"elementor-widget-container\">\n<section class=\"elementor-section elementor-inner-section elementor-element elementor-element-505ef39 elementor-section-content-top elementor-section-boxed elementor-section-height-default elementor-section-height-default\" data-id=\"505ef39\" data-element_type=\"section\" data-e-type=\"section\">\n<div class=\"elementor-container elementor-column-gap-default\">\n<div class=\"elementor-column elementor-col-50 elementor-inner-column elementor-element elementor-element-f61a1d4\" data-id=\"f61a1d4\" data-element_type=\"column\" data-e-type=\"column\">\n<div class=\"elementor-widget-wrap elementor-element-populated\">\n<div class=\"elementor-element elementor-element-cdf1c4b elementor-widget elementor-widget-text-editor\" data-id=\"cdf1c4b\" data-element_type=\"widget\" data-e-type=\"widget\" data-widget_type=\"text-editor.default\">\n<div class=\"elementor-widget-container\">\n<p style=\"text-align: justify;\"><span style=\"font-size: 14pt;\"><span dir=\"auto\"><strong>Schmitt<\/strong> encontr\u00f3 otra oportunidad para reaparecer en la esfera p\u00fablica con la llamada <em>Anschluss<\/em> de <em>Austria<\/em> al <em>Reich<\/em> alem\u00e1n y el <em>Acuerdo de M\u00fanich<\/em> sobre la <em>crisis de los Sudetes<\/em>. <\/span><\/span><\/p>\n<p style=\"text-align: justify;\"><span style=\"font-size: 14pt;\"><span dir=\"auto\">Utilizando el <strong>t\u00e9rmino geopol\u00edtico \u00ab<em>Gran \u00c1rea<\/em>\u00ab<\/strong> y haciendo referencia a la <em><strong>Doctrina Monroe <\/strong><\/em>estadounidense, logr\u00f3 influir en la pol\u00edtica nazi europea, para gran disgusto del SD, que continu\u00f3 vigil\u00e1ndolo.<\/span><\/span><\/p>\n<p style=\"text-align: justify;\"><span style=\"font-size: 14pt;\"><span dir=\"auto\"><strong>Schmitt<\/strong> ya hab\u00eda presentado\u00a0su concepto de un \u00ab<em>orden concreto de la comunidad del derecho internacional<\/em>\u00bb en 1938 en una de sus rese\u00f1as m\u00e1s extensas de la voluminosa obra\u00a0<\/span><em><span dir=\"auto\"><strong>*El Reich y la enfermedad de la cultura europea* <\/strong><\/span><\/em><span dir=\"auto\">del recientemente fallecido historiador <strong>Christoph Steding<\/strong>.<\/span><\/span><\/p>\n<\/div>\n<\/div>\n<\/div>\n<\/div>\n<\/div>\n<\/section>\n<\/div>\n<\/div>\n<\/div>\n<\/div>\n<\/div>\n<\/section>\n<\/div>\n<div class=\"mceTemp\">\u00a0<\/div>\n<div data-id=\"07cb5f0\" data-element_type=\"column\" data-e-type=\"column\">\u00a0<\/div>\n<div class=\"elementor-divider\">\n<div data-id=\"07cb5f0\" data-element_type=\"column\" data-e-type=\"column\">\n<p><img loading=\"lazy\" decoding=\"async\" class=\"aligncenter wp-image-2262007\" src=\"https:\/\/puntocritico.com\/ausajpuntocritico\/wp-content\/uploads\/2022\/11\/Nazis-en-USA-PPAL-300x199.jpg\" alt=\"\" width=\"480\" height=\"319\" srcset=\"https:\/\/puntocritico.com\/ausajpuntocritico\/wp-content\/uploads\/2022\/11\/Nazis-en-USA-PPAL-300x199.jpg 300w, https:\/\/puntocritico.com\/ausajpuntocritico\/wp-content\/uploads\/2022\/11\/Nazis-en-USA-PPAL-610x405.jpg 610w, https:\/\/puntocritico.com\/ausajpuntocritico\/wp-content\/uploads\/2022\/11\/Nazis-en-USA-PPAL-678x452.jpg 678w, https:\/\/puntocritico.com\/ausajpuntocritico\/wp-content\/uploads\/2022\/11\/Nazis-en-USA-PPAL.jpg 680w\" sizes=\"auto, (max-width: 480px) 100vw, 480px\" \/><\/p>\n<\/div>\n<\/div>\n<p>&nbsp;<\/p>\n<div data-id=\"07cb5f0\" data-element_type=\"column\" data-e-type=\"column\">\n<section class=\"elementor-section elementor-inner-section elementor-element elementor-element-7f77536 elementor-section-content-top elementor-section-boxed elementor-section-height-default elementor-section-height-default\" data-id=\"7f77536\" data-element_type=\"section\" data-e-type=\"section\">\n<div class=\"elementor-container elementor-column-gap-default\">\n<div class=\"elementor-column elementor-col-50 elementor-inner-column elementor-element elementor-element-3fb9abc\" data-id=\"3fb9abc\" data-element_type=\"column\" data-e-type=\"column\">\n<div class=\"elementor-widget-wrap elementor-element-populated\">\n<div class=\"elementor-element elementor-element-3d1e001 elementor-widget elementor-widget-text-editor\" data-id=\"3d1e001\" data-element_type=\"widget\" data-e-type=\"widget\" data-widget_type=\"text-editor.default\">\n<div class=\"elementor-widget-container\">\n<section class=\"elementor-section elementor-inner-section elementor-element elementor-element-505ef39 elementor-section-content-top elementor-section-boxed elementor-section-height-default elementor-section-height-default\" data-id=\"505ef39\" data-element_type=\"section\" data-e-type=\"section\">\n<div class=\"elementor-container elementor-column-gap-default\">\n<div class=\"elementor-column elementor-col-50 elementor-inner-column elementor-element elementor-element-f61a1d4\" data-id=\"f61a1d4\" data-element_type=\"column\" data-e-type=\"column\">\n<div class=\"elementor-widget-wrap elementor-element-populated\">\n<div class=\"elementor-element elementor-element-cdf1c4b elementor-widget elementor-widget-text-editor\" data-id=\"cdf1c4b\" data-element_type=\"widget\" data-e-type=\"widget\" data-widget_type=\"text-editor.default\">\n<div class=\"elementor-widget-container\">\n<p style=\"text-align: justify;\"><span style=\"font-size: 14pt;\"><span dir=\"auto\">En su <em><strong>conferencia de Kiel de abril de 1939<\/strong><\/em><\/span><em><span dir=\"auto\">,\u00a0<\/span><\/em><em><span dir=\"auto\">\u00abEl concepto de Reich en<\/span><\/em><span dir=\"auto\">\u00a0el derecho internacional\u00bb, <strong>Schmitt<\/strong> intent\u00f3 aclarar el concepto de <em>Reich<\/em> de <strong>Steding<\/strong> desde la perspectiva del derecho internacional definiendo los \u00ab<strong><em>Reichs<\/em><\/strong>\u00bb como potencias l\u00edderes cuya ideolog\u00eda pol\u00edtica irradiaba en una esfera de influencia espec\u00edfica y para la cual deb\u00edan excluirse las intervenciones de potencias de otras regiones. <\/span><\/span><\/p>\n<p style=\"text-align: justify;\"><span style=\"font-size: 14pt;\"><span dir=\"auto\">El mundo pod\u00eda dividirse en varias esferas de influencia, siempre que se respetara mutuamente la prohibici\u00f3n de intervenci\u00f3n. <\/span><\/span><\/p>\n<p style=\"text-align: justify;\"><span style=\"font-size: 14pt;\"><span dir=\"auto\"><strong>El Reich alem\u00e1n reclam\u00f3 la esfera de Europa Central y Oriental<\/strong> como su \u00ab<em>esfera de influencia<\/em>\u00bb. <\/span><\/span><\/p>\n<p style=\"text-align: justify;\"><span style=\"font-size: 14pt;\"><span dir=\"auto\">La conferencia, completamente desarrollada, fue publicada m\u00e1s tarde ese a\u00f1o con el t\u00edtulo <strong>*<\/strong><\/span><strong><em><span dir=\"auto\">Orden del derecho internacional de grandes espacios con prohibici\u00f3n de intervenci\u00f3n de potencias de otras regiones<\/span><\/em><\/strong><span dir=\"auto\"><strong>*<\/strong> (1939) por<em> Deutscher Rechtsverlag<\/em>. <\/span><\/span><\/p>\n<p style=\"text-align: justify;\"><span style=\"font-size: 14pt;\"><span dir=\"auto\"><strong>La respuesta fue considerable<\/strong>; <\/span><\/span><\/p>\n<blockquote>\n<p style=\"text-align: justify;\"><span style=\"font-size: 14pt; color: #008000;\"><span dir=\"auto\"><strong>En particular, las SS se sintieron nuevamente desafiadas y criticaron la falta de un fundamento biol\u00f3gico y racista, argumentando que, en lugar de un marco jur\u00eddico internacional, deber\u00eda denominarse una orden \u00ab<em>racial<\/em>\u00bb a gran escala.<\/strong><\/span><\/span><\/p>\n<\/blockquote>\n<\/div>\n<\/div>\n<\/div>\n<\/div>\n<\/div>\n<\/section>\n<\/div>\n<\/div>\n<\/div>\n<\/div>\n<\/div>\n<\/section>\n<\/div>\n<p>&nbsp;<\/p>\n<p><img loading=\"lazy\" decoding=\"async\" class=\"aligncenter wp-image-2322724\" src=\"https:\/\/puntocritico.com\/ausajpuntocritico\/wp-content\/uploads\/2026\/08\/carl-schmitt-nazi-philosopher-300x173.jpg\" alt=\"\" width=\"480\" height=\"276\" srcset=\"https:\/\/puntocritico.com\/ausajpuntocritico\/wp-content\/uploads\/2026\/08\/carl-schmitt-nazi-philosopher-300x173.jpg 300w, https:\/\/puntocritico.com\/ausajpuntocritico\/wp-content\/uploads\/2026\/08\/carl-schmitt-nazi-philosopher-1024x589.jpg 1024w, https:\/\/puntocritico.com\/ausajpuntocritico\/wp-content\/uploads\/2026\/08\/carl-schmitt-nazi-philosopher-768x442.jpg 768w, https:\/\/puntocritico.com\/ausajpuntocritico\/wp-content\/uploads\/2026\/08\/carl-schmitt-nazi-philosopher.jpg 1200w\" sizes=\"auto, (max-width: 480px) 100vw, 480px\" \/><\/p>\n<p>&nbsp;<\/p>\n<div data-id=\"07cb5f0\" data-element_type=\"column\" data-e-type=\"column\">\n<section class=\"elementor-section elementor-inner-section elementor-element elementor-element-7f77536 elementor-section-content-top elementor-section-boxed elementor-section-height-default elementor-section-height-default\" data-id=\"7f77536\" data-element_type=\"section\" data-e-type=\"section\">\n<div class=\"elementor-container elementor-column-gap-default\">\n<div class=\"elementor-column elementor-col-50 elementor-inner-column elementor-element elementor-element-3fb9abc\" data-id=\"3fb9abc\" data-element_type=\"column\" data-e-type=\"column\">\n<div class=\"elementor-widget-wrap elementor-element-populated\">\n<div class=\"elementor-element elementor-element-3d1e001 elementor-widget elementor-widget-text-editor\" data-id=\"3d1e001\" data-element_type=\"widget\" data-e-type=\"widget\" data-widget_type=\"text-editor.default\">\n<div class=\"elementor-widget-container\">\n<section class=\"elementor-section elementor-inner-section elementor-element elementor-element-505ef39 elementor-section-content-top elementor-section-boxed elementor-section-height-default elementor-section-height-default\" data-id=\"505ef39\" data-element_type=\"section\" data-e-type=\"section\">\n<div class=\"elementor-container elementor-column-gap-default\">\n<div class=\"elementor-column elementor-col-50 elementor-inner-column elementor-element elementor-element-f61a1d4\" data-id=\"f61a1d4\" data-element_type=\"column\" data-e-type=\"column\">\n<div class=\"elementor-widget-wrap elementor-element-populated\">\n<div class=\"elementor-element elementor-element-cdf1c4b elementor-widget elementor-widget-text-editor\" data-id=\"cdf1c4b\" data-element_type=\"widget\" data-e-type=\"widget\" data-widget_type=\"text-editor.default\">\n<div class=\"elementor-widget-container\">\n<p style=\"text-align: justify;\"><span style=\"font-size: 14pt;\"><span dir=\"auto\">Tras el estallido de la guerra, el propio <strong>Schmitt<\/strong>, en nuevas ediciones, <strong>problematiz\u00f3 su uso del <em>concepto de Reich<\/em> como un nuevo concepto de derecho internacional<\/strong>, a\u00f1adiendo cap\u00edtulos y designando la edici\u00f3n de 1939 como un documento. <\/span><\/span><\/p>\n<p style=\"text-align: justify;\"><span style=\"font-size: 14pt;\"><span dir=\"auto\"><strong>En la tercera edici\u00f3n de 1941, elimin\u00f3 los pasajes que hab\u00edan sido criticados por los<em> juristas de las SS<\/em><\/strong><strong>Best<\/strong> y <strong>H\u00f6hn<\/strong>. <\/span><\/span><\/p>\n<p style=\"text-align: justify;\"><span style=\"font-size: 14pt;\"><span dir=\"auto\">Al mismo tiempo, <strong>continu\u00f3 difundiendo sus ideas sobre un<em> Gran Reich<\/em><\/strong> en numerosas conferencias, pero luego, con s<strong>u creciente distanciamiento del r\u00e9gimen nazi<\/strong>, se volc\u00f3 m\u00e1s hacia la <strong><em>historia de la jurisprudencia<\/em><\/strong>, comenzando con su conciso texto sobre \u00ab<\/span><em><span dir=\"auto\"><strong>La posici\u00f3n de Lorenz von Stein en la legislaci\u00f3n del siglo XIX<\/strong>\u00ab<\/span><\/em><span dir=\"auto\"> y el ensayo principal <strong>\u00ab<\/strong><\/span><strong><em><span dir=\"auto\">La formaci\u00f3n de la mentalidad francesa\u00a0<\/span><\/em><em><span dir=\"auto\">por el jurista<\/span><\/em><\/strong><span dir=\"auto\"><strong>\u00ab<\/strong>. <\/span><\/span><\/p>\n<p style=\"text-align: justify;\"><span style=\"font-size: 14pt;\"><span dir=\"auto\">En la <em>Conferencia de Historiadores de N\u00faremberg en febrero de 1941<\/em>,<strong> abord\u00f3 su nueva comprensi\u00f3n del Estado en su conferencia \u00ab<\/strong><\/span><strong><em><span dir=\"auto\">Soberan\u00eda estatal y mar libre<\/span><\/em><\/strong><span dir=\"auto\"><strong>\u00ab<\/strong>;<\/span><\/span><\/p>\n<blockquote>\n<p style=\"text-align: justify;\"><strong><span style=\"font-size: 14pt; color: #008000;\"><span dir=\"auto\">En \u00e9l, describi\u00f3 la lucha por la reorganizaci\u00f3n de los descubrimientos de ultramar desde el siglo XVI y los frentes relacionados entre el catolicismo y el protestantismo mundiales, as\u00ed como el desarrollo de los conceptos de \u00ab<em>estado<\/em>\u00bb y \u00ab<em>soberan\u00eda<\/em>\u00ab.<\/span><\/span><\/strong><\/p>\n<\/blockquote>\n<\/div>\n<\/div>\n<\/div>\n<\/div>\n<\/div>\n<\/section>\n<\/div>\n<\/div>\n<\/div>\n<\/div>\n<\/div>\n<\/section>\n<\/div>\n<p>&nbsp;<\/p>\n<p><img loading=\"lazy\" decoding=\"async\" class=\"aligncenter wp-image-2322722\" src=\"https:\/\/puntocritico.com\/ausajpuntocritico\/wp-content\/uploads\/2026\/08\/carl-schmitt-last-years-300x197.jpg\" alt=\"\" width=\"440\" height=\"289\" srcset=\"https:\/\/puntocritico.com\/ausajpuntocritico\/wp-content\/uploads\/2026\/08\/carl-schmitt-last-years-300x197.jpg 300w, https:\/\/puntocritico.com\/ausajpuntocritico\/wp-content\/uploads\/2026\/08\/carl-schmitt-last-years-1024x672.jpg 1024w, https:\/\/puntocritico.com\/ausajpuntocritico\/wp-content\/uploads\/2026\/08\/carl-schmitt-last-years-768x504.jpg 768w, https:\/\/puntocritico.com\/ausajpuntocritico\/wp-content\/uploads\/2026\/08\/carl-schmitt-last-years.jpg 1200w\" sizes=\"auto, (max-width: 440px) 100vw, 440px\" \/><\/p>\n<p>&nbsp;<\/p>\n<div data-id=\"07cb5f0\" data-element_type=\"column\" data-e-type=\"column\">\n<section class=\"elementor-section elementor-inner-section elementor-element elementor-element-7f77536 elementor-section-content-top elementor-section-boxed elementor-section-height-default elementor-section-height-default\" data-id=\"7f77536\" data-element_type=\"section\" data-e-type=\"section\">\n<div class=\"elementor-container elementor-column-gap-default\">\n<div class=\"elementor-column elementor-col-50 elementor-inner-column elementor-element elementor-element-3fb9abc\" data-id=\"3fb9abc\" data-element_type=\"column\" data-e-type=\"column\">\n<div class=\"elementor-widget-wrap elementor-element-populated\">\n<div class=\"elementor-element elementor-element-3d1e001 elementor-widget elementor-widget-text-editor\" data-id=\"3d1e001\" data-element_type=\"widget\" data-e-type=\"widget\" data-widget_type=\"text-editor.default\">\n<div class=\"elementor-widget-container\">\n<section class=\"elementor-section elementor-inner-section elementor-element elementor-element-505ef39 elementor-section-content-top elementor-section-boxed elementor-section-height-default elementor-section-height-default\" data-id=\"505ef39\" data-element_type=\"section\" data-e-type=\"section\">\n<div class=\"elementor-container elementor-column-gap-default\">\n<div class=\"elementor-column elementor-col-50 elementor-inner-column elementor-element elementor-element-f61a1d4\" data-id=\"f61a1d4\" data-element_type=\"column\" data-e-type=\"column\">\n<div class=\"elementor-widget-wrap elementor-element-populated\">\n<div class=\"elementor-element elementor-element-cdf1c4b elementor-widget elementor-widget-text-editor\" data-id=\"cdf1c4b\" data-element_type=\"widget\" data-e-type=\"widget\" data-widget_type=\"text-editor.default\">\n<div class=\"elementor-widget-container\">\n<p style=\"text-align: justify;\"><span style=\"font-size: 14pt;\"><span dir=\"auto\">Desarroll\u00f3 a\u00fan m\u00e1s estas ideas en numerosos art\u00edculos, en particular sobre el concepto de \u00ab<em>revoluci\u00f3n espacial<\/em>\u00ab, culminando en su \u00faltimo libro en el <em>Tercer Reich<\/em>, <strong>*<\/strong><\/span><strong><em><span dir=\"auto\">Tierra y mar<\/span><\/em><span dir=\"auto\">:\u00a0<\/span><em><span dir=\"auto\">una consideraci\u00f3n hist\u00f3rico-mundial<\/span><\/em><\/strong><span dir=\"auto\"><strong>*<\/strong> (1942). <\/span><\/span><\/p>\n<p style=\"text-align: justify;\"><span style=\"font-size: 14pt;\"><span dir=\"auto\"><strong>Seg\u00fan \u00e9l, el \u00ab<em>derecho internacional cristiano-europeo de los \u00faltimos tres siglos, el jus publicum europaeum<\/em>\u00ab, se hab\u00eda desarrollado a partir de estas \u00ab<em>realidades espaciales fundamentales<\/em>\u00ab<\/strong>, <\/span><\/span><\/p>\n<blockquote>\n<p style=\"text-align: justify;\"><strong><span style=\"font-size: 14pt; color: #008000;\"><span dir=\"auto\">y su desaparici\u00f3n era lo que est\u00e1bamos presenciando en ese momento.<\/span><\/span><\/strong><\/p>\n<\/blockquote>\n<p>&nbsp;<\/p>\n<p style=\"text-align: justify;\"><span dir=\"auto\" style=\"font-size: 14pt;\"><strong>Schmitt<\/strong> se sent\u00eda perdido y <em>se ve\u00eda reflejado en la novela<\/em> corta de <strong>Melville<\/strong>, <em><strong>Benito Cereno<\/strong><\/em>. <\/span><\/p>\n<p style=\"text-align: justify;\"><span dir=\"auto\" style=\"font-size: 14pt;\">En ella, el espa\u00f1ol <strong>Benito Cereno<\/strong>, capit\u00e1n de un barco varado frente a la costa chilena con un cargamento de esclavos, recibe la visita de <strong>Delano<\/strong>, <em>capit\u00e1n de un barco estadounidense de caza de focas<\/em>. <\/span><\/p>\n<p style=\"text-align: justify;\"><span dir=\"auto\" style=\"font-size: 14pt;\"><strong>Delano<\/strong> percibe la extra\u00f1eza de la situaci\u00f3n, pero solo <strong>la comprende plenamente cuando est\u00e1 a punto de regresar a su barco. En el \u00faltimo momento,<\/strong><em><strong>Benito Cereno<\/strong><\/em><\/span><\/p>\n<blockquote>\n<p style=\"text-align: justify;\"><span style=\"color: #008000;\"><strong><span dir=\"auto\" style=\"font-size: 14pt;\">salta al bote salvavidas de Delano para escapar de los esclavos amotinados y de su l\u00edder, Babo, cuyo lema era \u00ab<em>Sigue a tu l\u00edder<\/em>\u00ab.<\/span><\/strong><\/span><\/p>\n<\/blockquote>\n<\/div>\n<\/div>\n<\/div>\n<\/div>\n<\/div>\n<\/section>\n<\/div>\n<\/div>\n<\/div>\n<\/div>\n<\/div>\n<\/section>\n<\/div>\n<p>&nbsp;<\/p>\n<figure id=\"attachment_2322723\" aria-describedby=\"caption-attachment-2322723\" style=\"width: 678px\" class=\"wp-caption aligncenter\"><img loading=\"lazy\" decoding=\"async\" class=\"wp-image-2322723 size-mh-magazine-content\" src=\"https:\/\/puntocritico.com\/ausajpuntocritico\/wp-content\/uploads\/2026\/08\/adolf-hitler-speech-678x381.jpg\" alt=\"\" width=\"678\" height=\"381\" \/><figcaption id=\"caption-attachment-2322723\" class=\"wp-caption-text\"><span style=\"color: #008000;\"><strong>Adolf Hitler<\/strong> pronunciando un discurso, 1941, a trav\u00e9s de los Archivos Federales Alemanes. <\/span><\/figcaption><\/figure>\n<p>&nbsp;<\/p>\n<div data-id=\"07cb5f0\" data-element_type=\"column\" data-e-type=\"column\">\n<section class=\"elementor-section elementor-inner-section elementor-element elementor-element-7f77536 elementor-section-content-top elementor-section-boxed elementor-section-height-default elementor-section-height-default\" data-id=\"7f77536\" data-element_type=\"section\" data-e-type=\"section\">\n<div class=\"elementor-container elementor-column-gap-default\">\n<div class=\"elementor-column elementor-col-50 elementor-inner-column elementor-element elementor-element-3fb9abc\" data-id=\"3fb9abc\" data-element_type=\"column\" data-e-type=\"column\">\n<div class=\"elementor-widget-wrap elementor-element-populated\">\n<div class=\"elementor-element elementor-element-3d1e001 elementor-widget elementor-widget-text-editor\" data-id=\"3d1e001\" data-element_type=\"widget\" data-e-type=\"widget\" data-widget_type=\"text-editor.default\">\n<div class=\"elementor-widget-container\">\n<section class=\"elementor-section elementor-inner-section elementor-element elementor-element-505ef39 elementor-section-content-top elementor-section-boxed elementor-section-height-default elementor-section-height-default\" data-id=\"505ef39\" data-element_type=\"section\" data-e-type=\"section\">\n<div class=\"elementor-container elementor-column-gap-default\">\n<div class=\"elementor-column elementor-col-50 elementor-inner-column elementor-element elementor-element-f61a1d4\" data-id=\"f61a1d4\" data-element_type=\"column\" data-e-type=\"column\">\n<div class=\"elementor-widget-wrap elementor-element-populated\">\n<div class=\"elementor-element elementor-element-cdf1c4b elementor-widget elementor-widget-text-editor\" data-id=\"cdf1c4b\" data-element_type=\"widget\" data-e-type=\"widget\" data-widget_type=\"text-editor.default\">\n<div class=\"elementor-widget-container\">\n<p style=\"text-align: justify;\"><span dir=\"auto\" style=\"font-size: 14pt;\"><strong>Ernst J\u00fcnger<\/strong> compart\u00eda con <strong>Schmitt<\/strong> una <em>inclinaci\u00f3n por la forma simb\u00f3lica<\/em>, como se aprecia en <strong>*<em>Los acantilados de m\u00e1rmol*<\/em><\/strong> de <strong>J\u00fcnger<\/strong> y <em><strong>*Leviat\u00e1n*<\/strong><\/em> de <strong>Schmitt<\/strong>. <\/span><\/p>\n<p style=\"text-align: justify;\"><span dir=\"auto\" style=\"font-size: 14pt;\">La amistad entre ambos, que inclu\u00eda a sus familias, se profundiz\u00f3 durante esos a\u00f1os. <\/span><\/p>\n<p style=\"text-align: justify;\"><span dir=\"auto\" style=\"font-size: 14pt;\">En octubre de 1941, por invitaci\u00f3n del<em> Instituto Alem\u00e1n<\/em>, <strong>Schmitt<\/strong> visit\u00f3 Par\u00eds, donde imparti\u00f3 conferencias, se reuni\u00f3 con J\u00fcnger y convers\u00f3 con <strong>Friedrich Sieburg<\/strong>, <strong>Montherlant<\/strong> y, nuevamente, con <strong>Drieu la Rochelle<\/strong>. <\/span><\/p>\n<p style=\"text-align: justify;\"><span dir=\"auto\" style=\"font-size: 14pt;\">Durante los dos a\u00f1os siguientes, viaj\u00f3 a pa\u00edses amigos para dar conferencias: <em>Hungr\u00eda<\/em>, <em>Rumania<\/em>, <em>Portugal<\/em> y <em>Espa\u00f1a<\/em>, donde conoci\u00f3 a <strong>Ortega y Gasset<\/strong>. <\/span><\/p>\n<p style=\"text-align: justify;\"><span dir=\"auto\" style=\"font-size: 14pt;\">El 16 de febrero de 1943, en <em>Bucarest<\/em>, pronunci\u00f3 su <strong>primera conferencia<\/strong>, \u00ab<em><strong>El estado de la jurisprudencia europea<\/strong><\/em>\u00bb, en la que deriv\u00f3 la unidad de la jurisprudencia europea de la recepci\u00f3n del derecho romano.<\/span><\/p>\n<div data-id=\"07cb5f0\" data-element_type=\"column\" data-e-type=\"column\">\n<section class=\"elementor-section elementor-inner-section elementor-element elementor-element-7f77536 elementor-section-content-top elementor-section-boxed elementor-section-height-default elementor-section-height-default\" data-id=\"7f77536\" data-element_type=\"section\" data-e-type=\"section\">\n<div class=\"elementor-container elementor-column-gap-default\">\n<div class=\"elementor-column elementor-col-50 elementor-inner-column elementor-element elementor-element-3fb9abc\" data-id=\"3fb9abc\" data-element_type=\"column\" data-e-type=\"column\">\n<div class=\"elementor-widget-wrap elementor-element-populated\">\n<div class=\"elementor-element elementor-element-3d1e001 elementor-widget elementor-widget-text-editor\" data-id=\"3d1e001\" data-element_type=\"widget\" data-e-type=\"widget\" data-widget_type=\"text-editor.default\">\n<div class=\"elementor-widget-container\">\n<section class=\"elementor-section elementor-inner-section elementor-element elementor-element-505ef39 elementor-section-content-top elementor-section-boxed elementor-section-height-default elementor-section-height-default\" data-id=\"505ef39\" data-element_type=\"section\" data-e-type=\"section\">\n<div class=\"elementor-container elementor-column-gap-default\">\n<div class=\"elementor-column elementor-col-50 elementor-inner-column elementor-element elementor-element-f61a1d4\" data-id=\"f61a1d4\" data-element_type=\"column\" data-e-type=\"column\">\n<div class=\"elementor-widget-wrap elementor-element-populated\">\n<div class=\"elementor-element elementor-element-cdf1c4b elementor-widget elementor-widget-text-editor\" data-id=\"cdf1c4b\" data-element_type=\"widget\" data-e-type=\"widget\" data-widget_type=\"text-editor.default\">\n<div class=\"elementor-widget-container\">\n<p style=\"text-align: justify;\"><span dir=\"auto\" style=\"font-size: 14pt;\">Sostuvo que, <strong>en la crisis del Estado de derecho, exist\u00eda el peligro de que la funci\u00f3n racionalizadora de la jurisprudencia, como tercera fuerza independiente, se viera aniquilada<\/strong> por el cambio acelerado provocado por una \u00ab<em>legislatura motorizada<\/em>\u00bb. <\/span><\/p>\n<p style=\"text-align: justify;\"><span dir=\"auto\" style=\"font-size: 14pt;\"><a href=\"https:\/\/es.wikipedia.org\/wiki\/Friedrich_Karl_von_Savigny\" target=\"_blank\" rel=\"noopener\"><strong>Savigny<\/strong><\/a> se hab\u00eda <strong>opuesto a esto en el siglo XIX, pero luego \u00e9l mismo impuls\u00f3 la aceleraci\u00f3n de la legislaci\u00f3n, convirti\u00e9ndose en una figura desafortunada<\/strong>, t\u00e9rmino que probablemente <strong>Schmitt<\/strong> utiliz\u00f3 para describir su propio fracaso constitucional. <\/span><\/p>\n<p style=\"text-align: justify;\"><span dir=\"auto\" style=\"font-size: 14pt;\"><strong>Para \u00e9l, la jurisprudencia se convirti\u00f3 entonces en el \u00faltimo refugio de la conciencia jur\u00eddica<\/strong>.<\/span><\/p>\n<\/div>\n<\/div>\n<\/div>\n<\/div>\n<\/div>\n<\/section>\n<\/div>\n<\/div>\n<\/div>\n<\/div>\n<\/div>\n<\/section>\n<\/div>\n<\/div>\n<\/div>\n<\/div>\n<\/div>\n<\/div>\n<\/section>\n<\/div>\n<\/div>\n<\/div>\n<\/div>\n<\/div>\n<\/section>\n<\/div>\n<p>&nbsp;<\/p>\n<figure id=\"attachment_2322720\" aria-describedby=\"caption-attachment-2322720\" style=\"width: 678px\" class=\"wp-caption aligncenter\"><img loading=\"lazy\" decoding=\"async\" class=\"wp-image-2322720 size-mh-magazine-content\" src=\"https:\/\/puntocritico.com\/ausajpuntocritico\/wp-content\/uploads\/2026\/08\/village-lawyer-brueghel-678x381.jpg\" alt=\"\" width=\"678\" height=\"381\" \/><figcaption id=\"caption-attachment-2322720\" class=\"wp-caption-text\"><span style=\"color: #008000;\"><em>El abogado del pueblo<\/em>, de <strong>Pieter II Brueghel<\/strong>, 1621. <\/span><\/figcaption><\/figure>\n<div data-id=\"07cb5f0\" data-element_type=\"column\" data-e-type=\"column\">\n<section class=\"elementor-section elementor-inner-section elementor-element elementor-element-7f77536 elementor-section-content-top elementor-section-boxed elementor-section-height-default elementor-section-height-default\" data-id=\"7f77536\" data-element_type=\"section\" data-e-type=\"section\">\n<div class=\"elementor-container elementor-column-gap-default\">\n<div class=\"elementor-column elementor-col-50 elementor-inner-column elementor-element elementor-element-3fb9abc\" data-id=\"3fb9abc\" data-element_type=\"column\" data-e-type=\"column\">\n<div class=\"elementor-widget-wrap elementor-element-populated\">\n<div class=\"elementor-element elementor-element-3d1e001 elementor-widget elementor-widget-text-editor\" data-id=\"3d1e001\" data-element_type=\"widget\" data-e-type=\"widget\" data-widget_type=\"text-editor.default\">\n<div class=\"elementor-widget-container\">\n<section class=\"elementor-section elementor-inner-section elementor-element elementor-element-505ef39 elementor-section-content-top elementor-section-boxed elementor-section-height-default elementor-section-height-default\" data-id=\"505ef39\" data-element_type=\"section\" data-e-type=\"section\">\n<div class=\"elementor-container elementor-column-gap-default\">\n<div class=\"elementor-column elementor-col-50 elementor-inner-column elementor-element elementor-element-f61a1d4\" data-id=\"f61a1d4\" data-element_type=\"column\" data-e-type=\"column\">\n<div class=\"elementor-widget-wrap elementor-element-populated\">\n<div class=\"elementor-element elementor-element-cdf1c4b elementor-widget elementor-widget-text-editor\" data-id=\"cdf1c4b\" data-element_type=\"widget\" data-e-type=\"widget\" data-widget_type=\"text-editor.default\">\n<div class=\"elementor-widget-container\">\n<p style=\"text-align: justify;\">\u00a0<\/p>\n<p style=\"text-align: justify;\"><span dir=\"auto\" style=\"font-size: 14pt;\">Los <strong>bombardeos a\u00e9reos sobre Berl\u00edn<\/strong> se intensificaron a finales de 1942. La noche del 23 al 24 de agosto de 1943, la casa en <em>Kaiserswerther Stra\u00dfe 17 <\/em>fue destruida por una mina antia\u00e9rea. <strong>Carl<\/strong> y <strong>Duschka Schmitt<\/strong> escaparon por poco a trav\u00e9s de una ventana del s\u00f3tano. <\/span><\/p>\n<p style=\"text-align: justify;\"><span dir=\"auto\" style=\"font-size: 14pt;\">Su hija <strong>Anima<\/strong> ya hab\u00eda sido llevada a <em>Cloppenburg<\/em>, en la regi\u00f3n de <em>Emsland<\/em>, ciudad natal de su cu\u00f1ada <strong>Claire<\/strong>, cuya hija de Colonia tambi\u00e9n fue evacuada all\u00ed. <\/span><\/p>\n<p style=\"text-align: justify;\"><span dir=\"auto\" style=\"font-size: 14pt;\">En diciembre, los <strong>Schmitt<\/strong> se mudaron a<em> Zehlendorf-Nikolassee<\/em>. Los sucesos del 20 de julio de 1944 tuvieron consecuencias dr\u00e1sticas para algunos de los hu\u00e9spedes de <strong>Schmitt<\/strong>. <\/span><\/p>\n<p style=\"text-align: justify;\"><span dir=\"auto\" style=\"font-size: 14pt;\"><strong>Popitz y Jessen fueron condenados a muerte y ejecutados<\/strong>, y su amigo ciego <strong>Wilhelm Ahlmann se suicid\u00f3<\/strong>. <\/span><\/p>\n<p style=\"text-align: justify;\"><span dir=\"auto\" style=\"font-size: 14pt;\">El nombre de <strong>Schmitt<\/strong> apareci\u00f3 en los <strong>registros de interrogatorios del SD<\/strong>. <\/span><\/p>\n<p style=\"text-align: justify;\"><span dir=\"auto\" style=\"font-size: 14pt;\">En el semestre de invierno de 1944\/45, <strong>Carl Schmitt<\/strong> fue <strong>el \u00fanico profesor de la <em>Facultad de Derecho de la Universidad Friedrich Wilhelm<\/em> que segu\u00eda impartiendo clases y seminarios de derecho p\u00fablico y derecho internacional<\/strong>. <\/span><\/p>\n<p style=\"text-align: justify;\"><span dir=\"auto\" style=\"font-size: 14pt;\"><strong>Imparti\u00f3 su \u00faltima conferencia el 1 de febrero<\/strong>; tras el importante ataque de la Fuerza A\u00e9rea estadounidense el 3 de febrero, las conferencias cesaron; <strong>Schmitt<\/strong> ya hab\u00eda sido <strong>reclutado para la primera convocatoria del <em>Volkssturm<\/em> el 27 de enero, pero fue liberado de ella nuevamente el 8 de febrero<\/strong>.\u00a0<\/span><\/p>\n<\/div>\n<\/div>\n<\/div>\n<\/div>\n<\/div>\n<\/section>\n<div class=\"elementor-element elementor-element-bc48890 elementor-widget-divider--view-line elementor-widget elementor-widget-divider\" data-id=\"bc48890\" data-element_type=\"widget\" data-e-type=\"widget\" data-widget_type=\"divider.default\">\n<div class=\"elementor-widget-container\">\n<div class=\"elementor-divider\">\u00a0<\/div>\n<\/div>\n<\/div>\n<\/div>\n<\/div>\n<\/div>\n<\/div>\n<\/div>\n<\/section>\n<\/div>\n<div><img loading=\"lazy\" decoding=\"async\" class=\"aligncenter wp-image-2322713\" src=\"https:\/\/puntocritico.com\/ausajpuntocritico\/wp-content\/uploads\/2026\/08\/carl-schmitt-bn-joven.jpg\" alt=\"\" width=\"280\" height=\"330\" \/><\/div>\n<div>\u00a0<\/div>\n<div data-id=\"07cb5f0\" data-element_type=\"column\" data-e-type=\"column\">\n<section class=\"elementor-section elementor-inner-section elementor-element elementor-element-7f77536 elementor-section-content-top elementor-section-boxed elementor-section-height-default elementor-section-height-default\" data-id=\"7f77536\" data-element_type=\"section\" data-e-type=\"section\">\n<div class=\"elementor-container elementor-column-gap-default\">\n<div class=\"elementor-column elementor-col-50 elementor-inner-column elementor-element elementor-element-3fb9abc\" data-id=\"3fb9abc\" data-element_type=\"column\" data-e-type=\"column\">\n<div class=\"elementor-widget-wrap elementor-element-populated\">\n<div class=\"elementor-element elementor-element-3d1e001 elementor-widget elementor-widget-text-editor\" data-id=\"3d1e001\" data-element_type=\"widget\" data-e-type=\"widget\" data-widget_type=\"text-editor.default\">\n<div class=\"elementor-widget-container\">\n<section class=\"elementor-section elementor-inner-section elementor-element elementor-element-1eff3c6 elementor-section-content-top elementor-section-boxed elementor-section-height-default elementor-section-height-default\" data-id=\"1eff3c6\" data-element_type=\"section\" data-e-type=\"section\">\n<div class=\"elementor-container elementor-column-gap-default\">\n<div class=\"elementor-column elementor-col-50 elementor-inner-column elementor-element elementor-element-7a774a0\" data-id=\"7a774a0\" data-element_type=\"column\" data-e-type=\"column\">\n<div class=\"elementor-widget-wrap elementor-element-populated\">\n<div class=\"elementor-element elementor-element-02e2708 elementor-widget elementor-widget-text-editor\" data-id=\"02e2708\" data-element_type=\"widget\" data-e-type=\"widget\" data-widget_type=\"text-editor.default\">\n<div class=\"elementor-widget-container\">\n<h3 style=\"text-align: center;\"><span dir=\"auto\" style=\"font-size: 18pt;\">Rendici\u00f3n y campo de concentraci\u00f3n de 1945 a 1948<\/span><\/h3>\n<p style=\"text-align: justify;\"><span dir=\"auto\" style=\"font-size: 14pt;\"><strong>Carl Schmitt<\/strong> vivi\u00f3 el ca\u00f3tico final de la guerra en <em>Nikolassee<\/em>. All\u00ed, en abril, se libraron feroces combates contra el avance ruso desde el sur, que finalmente conquist\u00f3 el suroeste de Berl\u00edn. <\/span><\/p>\n<p style=\"text-align: justify;\"><span dir=\"auto\" style=\"font-size: 14pt;\">Las semanas siguientes estuvieron marcadas por el saqueo, las violaciones y los suicidios. <\/span><\/p>\n<p style=\"text-align: justify;\"><span dir=\"auto\" style=\"font-size: 14pt;\">Mientras <strong>Schmitt<\/strong> buscaba consuelo en los poemas espirituales de <strong>Annette von Droste-H\u00fclshoff<\/strong>, su esposa <strong>Duschka<\/strong> demostr\u00f3 ser un apoyo fundamental, capaz de resolver muchos conflictos gracias a su dominio del ruso. <\/span><\/p>\n<p style=\"text-align: justify;\"><span dir=\"auto\" style=\"font-size: 14pt;\"><strong>Cuando fue arrestado la noche del 30 de abril<\/strong> y llevado ante un oficial en la oficina del comandante ruso para ser interrogado, el oficial, un hombre culto, tras aclarar los hechos incriminatorios, le habl\u00f3 del <em>hegeliano <\/em><strong>Bruno Bauer<\/strong> y le entreg\u00f3 un ensayo del abogado internacional sovi\u00e9tico <strong>Korovin<\/strong>.<\/span><\/p>\n<p style=\"text-align: justify;\"><span dir=\"auto\" style=\"font-size: 14pt;\">En abril, <strong>Schmitt<\/strong> recibi\u00f3 <strong>su salario de profesor por \u00faltima vez<\/strong>, tras haber sido puesto en excedencia en febrero. Con escasos ahorros, la familia se encontraba en una situaci\u00f3n desesperada. <\/span><\/p>\n<p style=\"text-align: justify;\"><span dir=\"auto\" style=\"font-size: 14pt;\">A lo largo del a\u00f1o, <strong>tuvieron que vender algunas de sus pertenencias<\/strong>. <\/span><\/p>\n<p style=\"text-align: justify;\"><span dir=\"auto\" style=\"font-size: 14pt;\">Posteriormente, <strong>Duschka<\/strong> tambi\u00e9n <strong>subarrend\u00f3 habitaciones de su apartamento en la casa<\/strong>, que ya estaba abarrotada de refugiados. <\/span><\/p>\n<p>&nbsp;<\/p>\n<\/div>\n<\/div>\n<\/div>\n<\/div>\n<\/div>\n<\/section>\n<\/div>\n<\/div>\n<\/div>\n<\/div>\n<\/div>\n<\/section>\n<\/div>\n<figure id=\"attachment_2322553\" aria-describedby=\"caption-attachment-2322553\" style=\"width: 400px\" class=\"wp-caption aligncenter\"><img loading=\"lazy\" decoding=\"async\" class=\"wp-image-2322553\" src=\"https:\/\/puntocritico.com\/ausajpuntocritico\/wp-content\/uploads\/2026\/08\/Distribucion-de-cartillas-de-racionamiento-de-alimentos-en-1947-300x212.jpg\" alt=\"\" width=\"400\" height=\"282\" srcset=\"https:\/\/puntocritico.com\/ausajpuntocritico\/wp-content\/uploads\/2026\/08\/Distribucion-de-cartillas-de-racionamiento-de-alimentos-en-1947-300x212.jpg 300w, https:\/\/puntocritico.com\/ausajpuntocritico\/wp-content\/uploads\/2026\/08\/Distribucion-de-cartillas-de-racionamiento-de-alimentos-en-1947-768x542.jpg 768w, https:\/\/puntocritico.com\/ausajpuntocritico\/wp-content\/uploads\/2026\/08\/Distribucion-de-cartillas-de-racionamiento-de-alimentos-en-1947.jpg 827w\" sizes=\"auto, (max-width: 400px) 100vw, 400px\" \/><figcaption id=\"caption-attachment-2322553\" class=\"wp-caption-text\"><span style=\"color: #008000;\">Distribuci\u00f3n de cartillas de racionamiento de alimentos en 1947<\/span><\/figcaption><\/figure>\n<p>&nbsp;<\/p>\n<div data-id=\"07cb5f0\" data-element_type=\"column\" data-e-type=\"column\">\n<section class=\"elementor-section elementor-inner-section elementor-element elementor-element-7f77536 elementor-section-content-top elementor-section-boxed elementor-section-height-default elementor-section-height-default\" data-id=\"7f77536\" data-element_type=\"section\" data-e-type=\"section\">\n<div class=\"elementor-container elementor-column-gap-default\">\n<div class=\"elementor-column elementor-col-50 elementor-inner-column elementor-element elementor-element-3fb9abc\" data-id=\"3fb9abc\" data-element_type=\"column\" data-e-type=\"column\">\n<div class=\"elementor-widget-wrap elementor-element-populated\">\n<div class=\"elementor-element elementor-element-3d1e001 elementor-widget elementor-widget-text-editor\" data-id=\"3d1e001\" data-element_type=\"widget\" data-e-type=\"widget\" data-widget_type=\"text-editor.default\">\n<div class=\"elementor-widget-container\">\n<section class=\"elementor-section elementor-inner-section elementor-element elementor-element-1eff3c6 elementor-section-content-top elementor-section-boxed elementor-section-height-default elementor-section-height-default\" data-id=\"1eff3c6\" data-element_type=\"section\" data-e-type=\"section\">\n<div class=\"elementor-container elementor-column-gap-default\">\n<div class=\"elementor-column elementor-col-50 elementor-inner-column elementor-element elementor-element-7a774a0\" data-id=\"7a774a0\" data-element_type=\"column\" data-e-type=\"column\">\n<div class=\"elementor-widget-wrap elementor-element-populated\">\n<div class=\"elementor-element elementor-element-02e2708 elementor-widget elementor-widget-text-editor\" data-id=\"02e2708\" data-element_type=\"widget\" data-e-type=\"widget\" data-widget_type=\"text-editor.default\">\n<div class=\"elementor-widget-container\">\n<p style=\"text-align: justify;\"><span dir=\"auto\" style=\"font-size: 14pt;\">Para obtener las vitales <strong><em>cartillas de racionamiento<\/em><\/strong>, <strong>Schmitt<\/strong> <strong>se registr\u00f3 como \u00ab<em>cient\u00edfico<\/em>\u00bb<\/strong>,<\/span><\/p>\n<blockquote>\n<p style=\"text-align: justify;\"><span style=\"color: #008000;\"><strong><span dir=\"auto\" style=\"font-size: 14pt;\"> lo que le permiti\u00f3 recibir la <em>cartilla de racionamiento para trabajadores pesados \u200b\u200bde la administraci\u00f3n rusa<\/em> el 18 de mayo, mientras que <em>su esposa solo ten\u00eda derecho a la cartilla de racionamiento de quinta clase para amas de casa y exnazis<\/em>.<\/span><\/strong><\/span><\/p>\n<\/blockquote>\n<p>&nbsp;<\/p>\n<\/div>\n<\/div>\n<\/div>\n<\/div>\n<\/div>\n<\/section>\n<\/div>\n<\/div>\n<\/div>\n<\/div>\n<\/div>\n<\/section>\n<\/div>\n<div data-id=\"07cb5f0\" data-element_type=\"column\" data-e-type=\"column\">\n<section class=\"elementor-section elementor-inner-section elementor-element elementor-element-7f77536 elementor-section-content-top elementor-section-boxed elementor-section-height-default elementor-section-height-default\" data-id=\"7f77536\" data-element_type=\"section\" data-e-type=\"section\">\n<div class=\"elementor-container elementor-column-gap-default\">\n<div class=\"elementor-column elementor-col-50 elementor-inner-column elementor-element elementor-element-3fb9abc\" data-id=\"3fb9abc\" data-element_type=\"column\" data-e-type=\"column\">\n<div class=\"elementor-widget-wrap elementor-element-populated\">\n<div class=\"elementor-element elementor-element-3d1e001 elementor-widget elementor-widget-text-editor\" data-id=\"3d1e001\" data-element_type=\"widget\" data-e-type=\"widget\" data-widget_type=\"text-editor.default\">\n<div class=\"elementor-widget-container\">\n<section class=\"elementor-section elementor-inner-section elementor-element elementor-element-1eff3c6 elementor-section-content-top elementor-section-boxed elementor-section-height-default elementor-section-height-default\" data-id=\"1eff3c6\" data-element_type=\"section\" data-e-type=\"section\">\n<div class=\"elementor-container elementor-column-gap-default\">\n<div class=\"elementor-column elementor-col-50 elementor-inner-column elementor-element elementor-element-7a774a0\" data-id=\"7a774a0\" data-element_type=\"column\" data-e-type=\"column\">\n<div class=\"elementor-widget-wrap elementor-element-populated\">\n<div class=\"elementor-element elementor-element-02e2708 elementor-widget elementor-widget-text-editor\" data-id=\"02e2708\" data-element_type=\"widget\" data-e-type=\"widget\" data-widget_type=\"text-editor.default\">\n<div class=\"elementor-widget-container\">\n<p style=\"text-align: justify;\"><span dir=\"auto\" style=\"font-size: 14pt;\">M\u00e1s tarde, en la zona estadounidense, <strong>Schmitt<\/strong> recibi\u00f3 una <strong>cartilla de racionamiento del Grupo 3<\/strong>. Cuando complet\u00f3 su dictamen jur\u00eddico sobre derecho internacional para el industrial encarcelado <strong>Flick<\/strong> en el verano, la familia pudo subsistir con sus honorarios durante un tiempo. <\/span><\/p>\n<p style=\"text-align: justify;\"><span dir=\"auto\" style=\"font-size: 14pt;\">Durante este periodo, su hija <strong>Anima<\/strong> permaneci\u00f3 en <em>Cloppenburg<\/em>, viviendo con la <em><strong>familia Wesseling<\/strong><\/em> y asistiendo al instituto local con sus dos primos.<\/span><\/p>\n<\/div>\n<\/div>\n<\/div>\n<\/div>\n<\/div>\n<\/section>\n<\/div>\n<\/div>\n<\/div>\n<\/div>\n<\/div>\n<\/section>\n<\/div>\n<p>&nbsp;<\/p>\n<blockquote>\n<p style=\"text-align: center;\"><strong><span style=\"font-size: 14pt;\"><span dir=\"auto\"><span style=\"color: #008000;\">En su diario, durante la primavera y el verano, Schmitt reflexion\u00f3 sobre la derrota total y la devastaci\u00f3n m\u00e1s grave sufrida en suelo alem\u00e1n desde la <em>Guerra de los Treinta A\u00f1os<\/em>, sobre las causas del poder de Hitler sobre el pueblo alem\u00e1n y sobre su propia complicidad en el r\u00e9gimen nazi.<\/span> <\/span><\/span><\/strong><\/p>\n<\/blockquote>\n<p>&nbsp;<\/p>\n<div data-id=\"07cb5f0\" data-element_type=\"column\" data-e-type=\"column\">\n<section class=\"elementor-section elementor-inner-section elementor-element elementor-element-7f77536 elementor-section-content-top elementor-section-boxed elementor-section-height-default elementor-section-height-default\" data-id=\"7f77536\" data-element_type=\"section\" data-e-type=\"section\">\n<div class=\"elementor-container elementor-column-gap-default\">\n<div class=\"elementor-column elementor-col-50 elementor-inner-column elementor-element elementor-element-3fb9abc\" data-id=\"3fb9abc\" data-element_type=\"column\" data-e-type=\"column\">\n<div class=\"elementor-widget-wrap elementor-element-populated\">\n<div class=\"elementor-element elementor-element-3d1e001 elementor-widget elementor-widget-text-editor\" data-id=\"3d1e001\" data-element_type=\"widget\" data-e-type=\"widget\" data-widget_type=\"text-editor.default\">\n<div class=\"elementor-widget-container\">\n<section class=\"elementor-section elementor-inner-section elementor-element elementor-element-1eff3c6 elementor-section-content-top elementor-section-boxed elementor-section-height-default elementor-section-height-default\" data-id=\"1eff3c6\" data-element_type=\"section\" data-e-type=\"section\">\n<div class=\"elementor-container elementor-column-gap-default\">\n<div class=\"elementor-column elementor-col-50 elementor-inner-column elementor-element elementor-element-7a774a0\" data-id=\"7a774a0\" data-element_type=\"column\" data-e-type=\"column\">\n<div class=\"elementor-widget-wrap elementor-element-populated\">\n<div class=\"elementor-element elementor-element-02e2708 elementor-widget elementor-widget-text-editor\" data-id=\"02e2708\" data-element_type=\"widget\" data-e-type=\"widget\" data-widget_type=\"text-editor.default\">\n<div class=\"elementor-widget-container\">\n<p style=\"text-align: justify;\"><span style=\"font-size: 14pt;\"><span dir=\"auto\">En su diario, durante la primavera y el verano, <strong>Schmitt<\/strong> reflexion\u00f3 sobre la derrota total y la devastaci\u00f3n m\u00e1s grave sufrida en suelo alem\u00e1n desde la <em><strong>Guerra de los Treinta A\u00f1os<\/strong><\/em>, sobre las causas del poder de <strong>Hitler<\/strong> sobre el pueblo alem\u00e1n y sobre su propia complicidad en el r\u00e9gimen nazi. <\/span><\/span><\/p>\n<p style=\"text-align: justify;\"><span style=\"font-size: 14pt;\"><span dir=\"auto\">Continu\u00f3 recopilando los extractos y estudios preliminares para su obra principal, <strong>*<\/strong><\/span><em><span dir=\"auto\"><strong>El Nomos de la Tierra en el Derecho Internacional del Jus publicum Europaeum*<\/strong>,<\/span><\/em><span dir=\"auto\"> que ya hab\u00eda comenzado a reunir durante los dos \u00faltimos a\u00f1os de la guerra, y trabaj\u00f3 en el mencionado dictamen pericial, <strong>*<\/strong><\/span><strong><em><span dir=\"auto\">El crimen internacional de agresi\u00f3n y el principio \u00abNullum crimen, nulla poena sine lege\u00bb*<\/span><\/em><\/strong><span dir=\"auto\">\u00a0, <\/span><\/span><\/p>\n<blockquote>\n<p style=\"text-align: justify;\"><strong><span style=\"font-size: 14pt; color: #008000;\"><span dir=\"auto\">que ten\u00eda como objetivo proteger al industrial y empresario Flick de ser procesado y condenado por su participaci\u00f3n en el crimen de agresi\u00f3n.<\/span><\/span><\/strong><\/p>\n<\/blockquote>\n<p>&nbsp;<\/p>\n<p style=\"text-align: justify;\"><strong><span style=\"font-size: 14pt;\"><span dir=\"auto\">En este dictamen, Carl Schmitt tambi\u00e9n aclar\u00f3 su postura sobre los cr\u00edmenes nazis, seg\u00fan la cual aquellos que, como perpetradores<\/span><\/span><\/strong><span style=\"font-size: 14pt;\"><span dir=\"auto\">,<\/span><\/span><\/p>\n<blockquote>\n<p style=\"text-align: justify;\"><span style=\"color: #008000;\"><strong><span style=\"font-size: 14pt;\"><span dir=\"auto\">se hab\u00edan situado al margen de la ley por los asesinatos sistem\u00e1ticos y las atrocidades que superaban la comprensi\u00f3n humana, se hab\u00edan convertido en proscritos y deb\u00edan ser castigados como tales.<\/span><\/span><\/strong><\/span><\/p>\n<\/blockquote>\n<p>&nbsp;<\/p>\n<p><img loading=\"lazy\" decoding=\"async\" class=\"aligncenter wp-image-2299655\" src=\"https:\/\/puntocritico.com\/ausajpuntocritico\/wp-content\/uploads\/2024\/06\/nazis-fd-PPAL-300x199.jpg\" alt=\"\" width=\"400\" height=\"266\" srcset=\"https:\/\/puntocritico.com\/ausajpuntocritico\/wp-content\/uploads\/2024\/06\/nazis-fd-PPAL-300x199.jpg 300w, https:\/\/puntocritico.com\/ausajpuntocritico\/wp-content\/uploads\/2024\/06\/nazis-fd-PPAL-678x452.jpg 678w, https:\/\/puntocritico.com\/ausajpuntocritico\/wp-content\/uploads\/2024\/06\/nazis-fd-PPAL.jpg 680w\" sizes=\"auto, (max-width: 400px) 100vw, 400px\" \/><\/p>\n<p>&nbsp;<\/p>\n<p style=\"text-align: justify;\"><span dir=\"auto\" style=\"font-size: 14pt;\"><strong>En julio de 1945, las tropas estadounidenses llegaron a Berl\u00edn<\/strong>, dividida en cuatro zonas de ocupaci\u00f3n. <\/span><\/p>\n<p style=\"text-align: justify;\"><span dir=\"auto\" style=\"font-size: 14pt;\"><strong>El <em>distrito de Zehlendorf-Nikolassee<\/em> qued\u00f3 bajo el control del gobierno militar estadounidense<\/strong>. <\/span><\/p>\n<p style=\"text-align: justify;\"><span dir=\"auto\" style=\"font-size: 14pt;\">Durante los primeros a\u00f1os, los estadounidenses adoptaron una pol\u00edtica diferente a la de los sovi\u00e9ticos hacia el pa\u00eds derrotado. <\/span><\/p>\n<p style=\"text-align: justify;\"><span dir=\"auto\" style=\"font-size: 14pt;\"><strong>Se inclinaron por la condena moral colectiva e inicialmente organizaron la <em>desnazificaci\u00f3n<\/em> mediante un extenso internamiento, dividido en tres grupos<\/strong>: <\/span><\/p>\n<blockquote>\n<p style=\"text-align: justify;\"><strong><span dir=\"auto\" style=\"font-size: 14pt; color: #008000;\">los criminales de guerra, juzgados en los <em>Juicios de N\u00faremberg<\/em>; <\/span><\/strong><\/p>\n<p style=\"text-align: justify;\"><strong><span dir=\"auto\" style=\"font-size: 14pt; color: #008000;\">los individuos que la potencia ocupante tem\u00eda que representaran una amenaza para sus tropas; <\/span><\/strong><\/p>\n<p style=\"text-align: justify;\"><strong><span dir=\"auto\" style=\"font-size: 14pt; color: #008000;\">y, finalmente, el grupo m\u00e1s numeroso, sometido a \u00ab<em>arresto autom\u00e1tico<\/em>\u00ab.<\/span><\/strong><\/p>\n<\/blockquote>\n<p>&nbsp;<\/p>\n<p style=\"text-align: justify;\"><span dir=\"auto\" style=\"font-size: 14pt;\"><strong>Este grupo comprend\u00eda casi toda la \u00e9lite funcional del Reich, a quienes se presum\u00eda nacionalsocialistas<\/strong>.\u00a0<\/span><span dir=\"auto\" style=\"font-size: 14pt;\">La valoraci\u00f3n de los emigrados, muchos de los cuales regresaron como miembros del Ej\u00e9rcito estadounidense, influy\u00f3 notablemente en estas decisiones. <\/span><\/p>\n<p style=\"text-align: justify;\"><span dir=\"auto\" style=\"font-size: 14pt;\">Entre ellos se encontraban personas que conoc\u00edan personalmente a <strong>Schmitt<\/strong>, como <strong>Karl L\u00f6wenstein<\/strong>, <strong>Ossip K. Flechtheim <\/strong>y <strong>Robert Kempner<\/strong>, entre otros.<\/span><\/p>\n<p style=\"text-align: justify;\"><span dir=\"auto\" style=\"font-size: 14pt;\">Cuando <strong>Schmitt<\/strong> fue <strong>arrestado el 26 de septiembre de 1945<\/strong>, fue a instancias de <strong>L\u00f6wenstein<\/strong>, quien tambi\u00e9n <strong>orden\u00f3 la confiscaci\u00f3n de su biblioteca privada<\/strong> el 16 de octubre.<\/span><\/p>\n<\/div>\n<\/div>\n<\/div>\n<\/div>\n<\/div>\n<\/section>\n<\/div>\n<\/div>\n<\/div>\n<\/div>\n<\/div>\n<\/section>\n<\/div>\n<p>&nbsp;<\/p>\n<p><img loading=\"lazy\" decoding=\"async\" class=\"aligncenter wp-image-2322556\" src=\"https:\/\/puntocritico.com\/ausajpuntocritico\/wp-content\/uploads\/2026\/08\/Los-sellos-de-las-fuerzas-de-ocupacion-estadounidenses-en-los-libros-confiscados-de-la-biblioteca-privada-de-Schmitt.-1-185x300.png\" alt=\"\" width=\"240\" height=\"390\" srcset=\"https:\/\/puntocritico.com\/ausajpuntocritico\/wp-content\/uploads\/2026\/08\/Los-sellos-de-las-fuerzas-de-ocupacion-estadounidenses-en-los-libros-confiscados-de-la-biblioteca-privada-de-Schmitt.-1-185x300.png 185w, https:\/\/puntocritico.com\/ausajpuntocritico\/wp-content\/uploads\/2026\/08\/Los-sellos-de-las-fuerzas-de-ocupacion-estadounidenses-en-los-libros-confiscados-de-la-biblioteca-privada-de-Schmitt.-1-630x1024.png 630w, https:\/\/puntocritico.com\/ausajpuntocritico\/wp-content\/uploads\/2026\/08\/Los-sellos-de-las-fuerzas-de-ocupacion-estadounidenses-en-los-libros-confiscados-de-la-biblioteca-privada-de-Schmitt.-1-768x1248.png 768w, https:\/\/puntocritico.com\/ausajpuntocritico\/wp-content\/uploads\/2026\/08\/Los-sellos-de-las-fuerzas-de-ocupacion-estadounidenses-en-los-libros-confiscados-de-la-biblioteca-privada-de-Schmitt.-1.png 880w\" sizes=\"auto, (max-width: 240px) 100vw, 240px\" \/><\/p>\n<p style=\"text-align: center;\"><strong><span dir=\"auto\" style=\"color: #008000; font-size: 14pt;\">Los sellos de las fuerzas de ocupaci\u00f3n estadounidenses en los libros confiscados de la biblioteca privada de Schmitt.<\/span><\/strong><\/p>\n<p><img loading=\"lazy\" decoding=\"async\" class=\"aligncenter wp-image-2322555\" src=\"https:\/\/puntocritico.com\/ausajpuntocritico\/wp-content\/uploads\/2026\/08\/Los-sellos-de-las-fuerzas-de-ocupacion-estadounidenses-en-los-libros-confiscados-de-la-biblioteca-privada-de-Schmitt.-2-189x300.png\" alt=\"\" width=\"240\" height=\"382\" srcset=\"https:\/\/puntocritico.com\/ausajpuntocritico\/wp-content\/uploads\/2026\/08\/Los-sellos-de-las-fuerzas-de-ocupacion-estadounidenses-en-los-libros-confiscados-de-la-biblioteca-privada-de-Schmitt.-2-189x300.png 189w, https:\/\/puntocritico.com\/ausajpuntocritico\/wp-content\/uploads\/2026\/08\/Los-sellos-de-las-fuerzas-de-ocupacion-estadounidenses-en-los-libros-confiscados-de-la-biblioteca-privada-de-Schmitt.-2-644x1024.png 644w, https:\/\/puntocritico.com\/ausajpuntocritico\/wp-content\/uploads\/2026\/08\/Los-sellos-de-las-fuerzas-de-ocupacion-estadounidenses-en-los-libros-confiscados-de-la-biblioteca-privada-de-Schmitt.-2-768x1221.png 768w, https:\/\/puntocritico.com\/ausajpuntocritico\/wp-content\/uploads\/2026\/08\/Los-sellos-de-las-fuerzas-de-ocupacion-estadounidenses-en-los-libros-confiscados-de-la-biblioteca-privada-de-Schmitt.-2.png 902w\" sizes=\"auto, (max-width: 240px) 100vw, 240px\" \/><\/p>\n<p>&nbsp;<\/p>\n<p><strong style=\"font-size: 14pt; text-align: justify;\">Schmitt<\/strong><span style=\"font-size: 14pt; text-align: justify;\"> la hab\u00eda puesto a disposici\u00f3n del p\u00fablico para fines acad\u00e9micos a principios de junio, gracias a un acuerdo con <\/span><strong style=\"font-size: 14pt; text-align: justify;\">Erich F. Podach<\/strong><span style=\"font-size: 14pt; text-align: justify;\">, funcionario de asuntos culturales del distrito de <\/span><em style=\"font-size: 14pt; text-align: justify;\">Zehlendorf<\/em><span style=\"font-size: 14pt; text-align: justify;\">.<\/span><\/p>\n<div data-id=\"07cb5f0\" data-element_type=\"column\" data-e-type=\"column\">\n<section class=\"elementor-section elementor-inner-section elementor-element elementor-element-7f77536 elementor-section-content-top elementor-section-boxed elementor-section-height-default elementor-section-height-default\" data-id=\"7f77536\" data-element_type=\"section\" data-e-type=\"section\">\n<div class=\"elementor-container elementor-column-gap-default\">\n<div class=\"elementor-column elementor-col-50 elementor-inner-column elementor-element elementor-element-3fb9abc\" data-id=\"3fb9abc\" data-element_type=\"column\" data-e-type=\"column\">\n<div class=\"elementor-widget-wrap elementor-element-populated\">\n<div class=\"elementor-element elementor-element-3d1e001 elementor-widget elementor-widget-text-editor\" data-id=\"3d1e001\" data-element_type=\"widget\" data-e-type=\"widget\" data-widget_type=\"text-editor.default\">\n<div class=\"elementor-widget-container\">\n<section class=\"elementor-section elementor-inner-section elementor-element elementor-element-1eff3c6 elementor-section-content-top elementor-section-boxed elementor-section-height-default elementor-section-height-default\" data-id=\"1eff3c6\" data-element_type=\"section\" data-e-type=\"section\">\n<div class=\"elementor-container elementor-column-gap-default\">\n<div class=\"elementor-column elementor-col-50 elementor-inner-column elementor-element elementor-element-7a774a0\" data-id=\"7a774a0\" data-element_type=\"column\" data-e-type=\"column\">\n<div class=\"elementor-widget-wrap elementor-element-populated\">\n<div class=\"elementor-element elementor-element-02e2708 elementor-widget elementor-widget-text-editor\" data-id=\"02e2708\" data-element_type=\"widget\" data-e-type=\"widget\" data-widget_type=\"text-editor.default\">\n<div class=\"elementor-widget-container\">\n<p style=\"text-align: justify;\"><span dir=\"auto\" style=\"font-size: 14pt;\">I<strong>nicialmente fue internado en el <em>Centro de Interrogatorios estadounidense de Berl\u00edn-Wannsee<\/em> y, posteriormente, en el <em>campo de Lichterfelde<\/em><\/strong>, donde en febrero complet\u00f3 un extenso cuestionario, que acompa\u00f1\u00f3 con una solicitud de liberaci\u00f3n. <\/span><\/p>\n<p style=\"text-align: justify;\"><span dir=\"auto\" style=\"font-size: 14pt;\"><strong>El subsiguiente proceso de desnazificaci\u00f3n, presidido por jueces legos alemanes<\/strong>, recomend\u00f3 un\u00e1nimemente la liberaci\u00f3n de <strong>Schmitt<\/strong>, bas\u00e1ndose en parte en declaraciones de personas respetadas. <\/span><\/p>\n<p style=\"text-align: justify;\"><span dir=\"auto\" style=\"font-size: 14pt;\">Las <em>autoridades estadounidenses<\/em> inicialmente no estuvieron de acuerdo. <\/span><\/p>\n<p style=\"text-align: justify;\"><span dir=\"auto\" style=\"font-size: 14pt;\">Finalmente, <strong>fue liberado del <em>Centro de Interrogatorios de Wannsee el 10 d<\/em>e octubre de 1946, sin condena ni absoluci\u00f3n<\/strong>, ya que inicialmente no exist\u00eda una orden de arresto formal. <\/span><\/p>\n<p style=\"text-align: justify;\"><span dir=\"auto\" style=\"font-size: 14pt;\">En retrospectiva, <strong>los documentos dejan claro que no exist\u00edan fundamentos legales s\u00f3lidos ni para el internamiento ni para la <em>confiscaci\u00f3n de la biblioteca privada <\/em><\/strong>de <strong>Schmitt<\/strong>, que, tras varios almacenamientos temporales, hab\u00eda estado custodiada en el departamento jur\u00eddico del gobierno militar estadounidense desde principios de 1946.<\/span><\/p>\n<p style=\"text-align: justify;\"><span dir=\"auto\" style=\"font-size: 14pt;\"> Sin embargo, los responsables sab\u00edan que <strong>la confiscaci\u00f3n no afectaba a la titularidad<\/strong>, raz\u00f3n por la cual los aproximadamente 4000 libros recibieron sellos para su posterior devoluci\u00f3n.<\/span><\/p>\n<p>&nbsp;<\/p>\n<p><img loading=\"lazy\" decoding=\"async\" class=\"aligncenter wp-image-2316866\" src=\"https:\/\/puntocritico.com\/ausajpuntocritico\/wp-content\/uploads\/2026\/02\/Campo-de-concentracion-nazi-primo-levi-44-300x158.webp\" alt=\"\" width=\"480\" height=\"252\" srcset=\"https:\/\/puntocritico.com\/ausajpuntocritico\/wp-content\/uploads\/2026\/02\/Campo-de-concentracion-nazi-primo-levi-44-300x158.webp 300w, https:\/\/puntocritico.com\/ausajpuntocritico\/wp-content\/uploads\/2026\/02\/Campo-de-concentracion-nazi-primo-levi-44-768x403.webp 768w, https:\/\/puntocritico.com\/ausajpuntocritico\/wp-content\/uploads\/2026\/02\/Campo-de-concentracion-nazi-primo-levi-44.webp 836w\" sizes=\"auto, (max-width: 480px) 100vw, 480px\" \/><\/p>\n<p style=\"text-align: justify;\">\n<p><span dir=\"auto\" style=\"font-size: 14pt;\"><strong>Schmitt<\/strong> sobrevivi\u00f3 al internamiento gracias al apoyo constante de su esposa, <strong>Duschka<\/strong>, quien le proporcion\u00f3 alimentos y ropa de abrigo donados por familiares y amigos. <\/span><\/p>\n<p style=\"text-align: justify;\"><span dir=\"auto\" style=\"font-size: 14pt;\"><strong>Este erudito, de car\u00e1cter algo poco pr\u00e1ctico, tambi\u00e9n encontr\u00f3 ayuda para sobrellevar la vida diaria en el campo de concentraci\u00f3n en dos compa\u00f1eros prisioneros<\/strong>: <\/span><\/p>\n<blockquote>\n<p style=\"text-align: justify;\"><span dir=\"auto\" style=\"font-size: 14pt; color: #008000;\"><strong>el consejero ministerial Wever y el \u00faltimo <em>rector de la Universidad de Berl\u00edn<\/em>, el cirujano ortop\u00e9dico Lothar Kreuz.<\/strong><\/span><\/p>\n<\/blockquote>\n<p>&nbsp;<\/p>\n<p style=\"text-align: justify;\"><span dir=\"auto\" style=\"font-size: 14pt;\">Incluso all\u00ed, <strong>Schmitt <\/strong><strong>llev\u00f3 un diario a pesar de tener prohibido escribir<\/strong>, gracias a un m\u00e9dico estadounidense que le proporcion\u00f3 blocs de recetas en formato DIN A7. <\/span><\/p>\n<p style=\"text-align: justify;\"><span dir=\"auto\" style=\"font-size: 14pt;\">En estos cuadernos, <strong>Schmitt<\/strong> registr\u00f3 sus observaciones, su <em>renovado apego a la fe cat\u00f3lica<\/em> y sus lamentos sobre su destino, que posteriormente sirvieron de base para su libro <em><strong>*Ex captivitate Salus*<\/strong><\/em>. <\/span><\/p>\n<p style=\"text-align: justify;\"><span dir=\"auto\" style=\"font-size: 14pt;\">El <em>capell\u00e1n cat\u00f3lico del campo<\/em> sac\u00f3 clandestinamente estos textos, as\u00ed como las cartas de <strong>Schmitt<\/strong> a su esposa.<\/span><\/p>\n<p style=\"text-align: justify;\"><span dir=\"auto\" style=\"font-size: 14pt;\"><strong>La libertad de Schmitt dur\u00f3 menos de seis meses<\/strong>. <\/span><\/p>\n<p style=\"text-align: justify;\"><span dir=\"auto\" style=\"font-size: 14pt;\"><strong>El 19 de marzo de 1947, fue arrestado nuevamente por el <em>servicio de inteligencia estadounidense<\/em> (CIC)<\/strong>.\u00a0<\/span><span dir=\"auto\" style=\"font-size: 14pt;\">Se desconocen los motivos, pero es probable que <strong>L\u00f6wenstein<\/strong> y <strong>Ernst Niekisch<\/strong> tuvieran algo que ver. <\/span><\/p>\n<p style=\"text-align: justify;\"><span dir=\"auto\" style=\"font-size: 14pt;\">Tras ser interrogado por<strong> Ossip K. Flechtheim<\/strong>, las autoridades lo trasladaron el 29 de marzo a la <em>prisi\u00f3n del Tribunal Militar Internacional de N\u00faremberg<\/em>. <\/span><\/p>\n<p style=\"text-align: justify;\"><span dir=\"auto\" style=\"font-size: 14pt;\">Su esposa, <strong>Duschka<\/strong>, tem\u00eda que su marido fuera acusado y condenado a una larga pena de prisi\u00f3n. <\/span><\/p>\n<p style=\"text-align: justify;\"><span dir=\"auto\" style=\"font-size: 14pt;\">Sin embargo, los interrogatorios del fiscal <strong>Robert W. Kempner<\/strong> fueron m\u00e1s bien reprimendas morales que preparativos para una acusaci\u00f3n formal. <\/span><\/p>\n<p style=\"text-align: justify;\"><span dir=\"auto\" style=\"font-size: 14pt;\">Despu\u00e9s de que <strong>Schmitt<\/strong>, a petici\u00f3n de <strong>Kempner<\/strong>, redactara informes periciales sobre las pol\u00edticas expansionistas de <strong>Hitler<\/strong> y la estructura interna del r\u00e9gimen nazi, pudo abandonar <em>N\u00faremberg<\/em> y<strong> lleg\u00f3 en libertad a <em>Plettenberg<\/em> el 21 de mayo<\/strong>.<\/span><\/p>\n<\/div>\n<\/div>\n<\/div>\n<\/div>\n<\/div>\n<\/section>\n<\/div>\n<\/div>\n<\/div>\n<\/div>\n<\/div>\n<\/section>\n<\/div>\n<p>&nbsp;<\/p>\n<figure id=\"attachment_2322559\" aria-describedby=\"caption-attachment-2322559\" style=\"width: 440px\" class=\"wp-caption aligncenter\"><img loading=\"lazy\" decoding=\"async\" class=\"wp-image-2322559\" src=\"https:\/\/puntocritico.com\/ausajpuntocritico\/wp-content\/uploads\/2026\/08\/Frente-a-la-casa-en-Brockhauser-Weg-10-en-Plettenberg-decada-de-1950-300x210.png\" alt=\"\" width=\"440\" height=\"308\" srcset=\"https:\/\/puntocritico.com\/ausajpuntocritico\/wp-content\/uploads\/2026\/08\/Frente-a-la-casa-en-Brockhauser-Weg-10-en-Plettenberg-decada-de-1950-300x210.png 300w, https:\/\/puntocritico.com\/ausajpuntocritico\/wp-content\/uploads\/2026\/08\/Frente-a-la-casa-en-Brockhauser-Weg-10-en-Plettenberg-decada-de-1950-1024x716.png 1024w, https:\/\/puntocritico.com\/ausajpuntocritico\/wp-content\/uploads\/2026\/08\/Frente-a-la-casa-en-Brockhauser-Weg-10-en-Plettenberg-decada-de-1950-768x537.png 768w, https:\/\/puntocritico.com\/ausajpuntocritico\/wp-content\/uploads\/2026\/08\/Frente-a-la-casa-en-Brockhauser-Weg-10-en-Plettenberg-decada-de-1950-1320x923.png 1320w, https:\/\/puntocritico.com\/ausajpuntocritico\/wp-content\/uploads\/2026\/08\/Frente-a-la-casa-en-Brockhauser-Weg-10-en-Plettenberg-decada-de-1950.png 1324w\" sizes=\"auto, (max-width: 440px) 100vw, 440px\" \/><figcaption id=\"caption-attachment-2322559\" class=\"wp-caption-text\"><span style=\"color: #008000;\"><strong>Frente a la casa en <em>Brockhauser Weg 10 en Plettenberg<\/em><\/strong>, d\u00e9cada de 1950, de izquierda a derecha: <strong>R\u00fcdiger Altmann<\/strong>, <strong>Carl Schmitt<\/strong>, <strong>Anni Stand<\/strong>, <strong>Walter Petwaidic<\/strong><\/span><\/figcaption><\/figure>\n<div data-id=\"07cb5f0\" data-element_type=\"column\" data-e-type=\"column\">\n<section class=\"elementor-section elementor-inner-section elementor-element elementor-element-7f77536 elementor-section-content-top elementor-section-boxed elementor-section-height-default elementor-section-height-default\" data-id=\"7f77536\" data-element_type=\"section\" data-e-type=\"section\">\n<div class=\"elementor-container elementor-column-gap-default\">\n<div class=\"elementor-column elementor-col-50 elementor-inner-column elementor-element elementor-element-3fb9abc\" data-id=\"3fb9abc\" data-element_type=\"column\" data-e-type=\"column\">\n<div class=\"elementor-widget-wrap elementor-element-populated\">\n<div class=\"elementor-element elementor-element-3d1e001 elementor-widget elementor-widget-text-editor\" data-id=\"3d1e001\" data-element_type=\"widget\" data-e-type=\"widget\" data-widget_type=\"text-editor.default\">\n<div class=\"elementor-widget-container\">\n<section class=\"elementor-section elementor-inner-section elementor-element elementor-element-1eff3c6 elementor-section-content-top elementor-section-boxed elementor-section-height-default elementor-section-height-default\" data-id=\"1eff3c6\" data-element_type=\"section\" data-e-type=\"section\">\n<div class=\"elementor-container elementor-column-gap-default\">\n<div class=\"elementor-column elementor-col-50 elementor-inner-column elementor-element elementor-element-7a774a0\" data-id=\"7a774a0\" data-element_type=\"column\" data-e-type=\"column\">\n<div class=\"elementor-widget-wrap elementor-element-populated\">\n<div class=\"elementor-element elementor-element-02e2708 elementor-widget elementor-widget-text-editor\" data-id=\"02e2708\" data-element_type=\"widget\" data-e-type=\"widget\" data-widget_type=\"text-editor.default\">\n<div class=\"elementor-widget-container\">\n<section class=\"elementor-section elementor-inner-section elementor-element elementor-element-ddc486b elementor-section-content-top elementor-section-boxed elementor-section-height-default elementor-section-height-default\" data-id=\"ddc486b\" data-element_type=\"section\" data-e-type=\"section\">\n<div class=\"elementor-container elementor-column-gap-default\">\n<div class=\"elementor-column elementor-col-50 elementor-inner-column elementor-element elementor-element-3a6a04d\" data-id=\"3a6a04d\" data-element_type=\"column\" data-e-type=\"column\">\n<div class=\"elementor-widget-wrap elementor-element-populated\">\n<div class=\"elementor-element elementor-element-a93f008 elementor-widget elementor-widget-text-editor\" data-id=\"a93f008\" data-element_type=\"widget\" data-e-type=\"widget\" data-widget_type=\"text-editor.default\">\n<div class=\"elementor-widget-container\">\n<p>&nbsp;<\/p>\n<h3 style=\"text-align: center;\"><span dir=\"auto\" style=\"font-size: 18pt;\">Las \u00faltimas d\u00e9cadas en Plettenberg \u2013 Brockhauser Weg 10 (1948 \u2013 1970)<\/span><\/h3>\n<p style=\"text-align: justify;\"><span dir=\"auto\" style=\"font-size: 14pt;\">En la casa construida en 1938 para las hermanas <strong>Auguste<\/strong> y <strong>Anna<\/strong> en <em>Brockhauser Weg 10 en Plettenberg-Eiringhausen<\/em>, no hab\u00eda mucho espacio para las reci\u00e9n llegadas de Berl\u00edn, incluso despu\u00e9s de la muerte de su madre en 1943 y de su padre en 1945, especialmente desde que <strong>Anima<\/strong> lleg\u00f3 en 1948 y se gradu\u00f3 de la escuela secundaria en <em>Plettenberg<\/em> en 1951. <\/span><\/p>\n<p style=\"text-align: justify;\"><span dir=\"auto\" style=\"font-size: 14pt;\"><strong>Duschka a\u00fan ten\u00eda mucho que hacer en <em>Berl\u00edn<\/em><\/strong>: <\/span><\/p>\n<blockquote>\n<p style=\"text-align: justify;\"><span dir=\"auto\" style=\"font-size: 14pt; color: #008000;\"><strong>disolver la numerosa familia y, sobre todo, organizar la mudanza a trav\u00e9s de las zonas de ocupaci\u00f3n, que no se logr\u00f3 hasta finales de enero de 1948, principalmente con la ayuda de la futura ama de llaves, Anni Stand.<\/strong><\/span><\/p>\n<\/blockquote>\n<p>&nbsp;<\/p>\n<p style=\"text-align: justify;\"><span dir=\"auto\" style=\"font-size: 14pt;\">La situaci\u00f3n financiera de <strong>Schmitt<\/strong> segu\u00eda siendo precaria.<\/span><\/p>\n<\/div>\n<\/div>\n<\/div>\n<\/div>\n<\/div>\n<\/section>\n<\/div>\n<\/div>\n<\/div>\n<\/div>\n<\/div>\n<\/section>\n<\/div>\n<\/div>\n<\/div>\n<\/div>\n<\/div>\n<\/section>\n<\/div>\n<p>&nbsp;<\/p>\n<figure id=\"attachment_2322561\" aria-describedby=\"caption-attachment-2322561\" style=\"width: 300px\" class=\"wp-caption aligncenter\"><img loading=\"lazy\" decoding=\"async\" class=\"wp-image-2322561\" src=\"https:\/\/puntocritico.com\/ausajpuntocritico\/wp-content\/uploads\/2026\/08\/Carl-Schmitt-Verano-de-1963-271x300.png\" alt=\"\" width=\"300\" height=\"332\" srcset=\"https:\/\/puntocritico.com\/ausajpuntocritico\/wp-content\/uploads\/2026\/08\/Carl-Schmitt-Verano-de-1963-271x300.png 271w, https:\/\/puntocritico.com\/ausajpuntocritico\/wp-content\/uploads\/2026\/08\/Carl-Schmitt-Verano-de-1963.png 674w\" sizes=\"auto, (max-width: 300px) 100vw, 300px\" \/><figcaption id=\"caption-attachment-2322561\" class=\"wp-caption-text\"><span style=\"color: #008000;\"><strong>Carl Schmitt<\/strong>. Verano de 1963. Inscrito en el reverso: \u201c<em>faciesque simillima fato<\/em>\u201d (Lukan, Pharsalia)<\/span><\/figcaption><\/figure>\n<p>&nbsp;<\/p>\n<div data-id=\"07cb5f0\" data-element_type=\"column\" data-e-type=\"column\">\n<section class=\"elementor-section elementor-inner-section elementor-element elementor-element-7f77536 elementor-section-content-top elementor-section-boxed elementor-section-height-default elementor-section-height-default\" data-id=\"7f77536\" data-element_type=\"section\" data-e-type=\"section\">\n<div class=\"elementor-container elementor-column-gap-default\">\n<div class=\"elementor-column elementor-col-50 elementor-inner-column elementor-element elementor-element-3fb9abc\" data-id=\"3fb9abc\" data-element_type=\"column\" data-e-type=\"column\">\n<div class=\"elementor-widget-wrap elementor-element-populated\">\n<div class=\"elementor-element elementor-element-3d1e001 elementor-widget elementor-widget-text-editor\" data-id=\"3d1e001\" data-element_type=\"widget\" data-e-type=\"widget\" data-widget_type=\"text-editor.default\">\n<div class=\"elementor-widget-container\">\n<section class=\"elementor-section elementor-inner-section elementor-element elementor-element-1eff3c6 elementor-section-content-top elementor-section-boxed elementor-section-height-default elementor-section-height-default\" data-id=\"1eff3c6\" data-element_type=\"section\" data-e-type=\"section\">\n<div class=\"elementor-container elementor-column-gap-default\">\n<div class=\"elementor-column elementor-col-50 elementor-inner-column elementor-element elementor-element-7a774a0\" data-id=\"7a774a0\" data-element_type=\"column\" data-e-type=\"column\">\n<div class=\"elementor-widget-wrap elementor-element-populated\">\n<div class=\"elementor-element elementor-element-02e2708 elementor-widget elementor-widget-text-editor\" data-id=\"02e2708\" data-element_type=\"widget\" data-e-type=\"widget\" data-widget_type=\"text-editor.default\">\n<div class=\"elementor-widget-container\">\n<section class=\"elementor-section elementor-inner-section elementor-element elementor-element-ddc486b elementor-section-content-top elementor-section-boxed elementor-section-height-default elementor-section-height-default\" data-id=\"ddc486b\" data-element_type=\"section\" data-e-type=\"section\">\n<div class=\"elementor-container elementor-column-gap-default\">\n<div class=\"elementor-column elementor-col-50 elementor-inner-column elementor-element elementor-element-3a6a04d\" data-id=\"3a6a04d\" data-element_type=\"column\" data-e-type=\"column\">\n<div class=\"elementor-widget-wrap elementor-element-populated\">\n<div class=\"elementor-element elementor-element-a93f008 elementor-widget elementor-widget-text-editor\" data-id=\"a93f008\" data-element_type=\"widget\" data-e-type=\"widget\" data-widget_type=\"text-editor.default\">\n<div class=\"elementor-widget-container\">\n<p style=\"text-align: justify;\"><span dir=\"auto\" style=\"font-size: 14pt;\">En los a\u00f1os siguientes, <strong>sus amigos le brindaron apoyo<\/strong>, tanto individualmente como a trav\u00e9s de grupos organizados, como la creaci\u00f3n de una cuenta de donaciones por parte del <em>diputado <\/em><strong>Peterheinrich <\/strong><strong>Kirchhoff<\/strong>, de la vecina localidad de <em>Werdohl<\/em>, o la denominada \u00ab<em><strong>Academia Moralis<\/strong><\/em>\u00bb de <em>D\u00fcsseldorf<\/em>, <\/span><\/p>\n<blockquote>\n<p style=\"text-align: justify;\"><span style=\"color: #008000;\"><strong><span dir=\"auto\" style=\"font-size: 14pt;\">que le proporcionaron ayuda econ\u00f3mica y organizaron conferencias para que Schmitt siguiera teniendo una plataforma p\u00fablica.<\/span><\/strong><\/span><\/p>\n<\/blockquote>\n<p>&nbsp;<\/p>\n<p style=\"text-align: justify;\"><span dir=\"auto\" style=\"font-size: 14pt;\"><strong>A partir de 1951, recibi\u00f3 una pensi\u00f3n en virtud de la ley G131, que regulaba la situaci\u00f3n jur\u00eddica de los antiguos funcionarios nazis<\/strong>.<\/span><\/p>\n<p style=\"text-align: justify;\"><span dir=\"auto\" style=\"font-size: 14pt;\">Los a\u00f1os siguientes estuvieron marcados por el c\u00e1ncer de <strong>Duschka<\/strong>. Fue operada en <em>Heidelberg<\/em> en 1948 y pudo regresar a <em>Plettenberg<\/em> en 1949, pero pronto tuvo que volver a la <em>Cl\u00ednica Krehl en Heidelberg<\/em>, donde fue atendida por su director y amigo de la familia, <strong>Richard Siebeck<\/strong>. <\/span><\/p>\n<p style=\"text-align: justify;\"><span dir=\"auto\" style=\"font-size: 14pt;\">Durante estas hospitalizaciones, <strong>Schmitt<\/strong> visitaba con frecuencia a su esposa y se alojaba en casa de su amigo y alumno, <strong>Ernst <\/strong><strong>Forsthoff<\/strong>. <\/span><\/p>\n<p style=\"text-align: justify;\"><span dir=\"auto\" style=\"font-size: 14pt;\"><strong>Duschka falleci\u00f3 el 3 de diciembre de 1950<\/strong>. Sus amigos sufragaron los gastos del hospital y fue enterrada en el <em>cementerio cat\u00f3lico de Plettenberg-Eiringhausen<\/em>. La misa f\u00fanebre fue oficiada por el amigo de <strong>Schmitt<\/strong>, el sacerdote cat\u00f3lico <strong>Hans Barion<\/strong>.<\/span><\/p>\n<\/div>\n<\/div>\n<\/div>\n<\/div>\n<\/div>\n<\/section>\n<section class=\"elementor-section elementor-inner-section elementor-element elementor-element-fae53d9 elementor-section-content-top elementor-section-boxed elementor-section-height-default elementor-section-height-default\" data-id=\"fae53d9\" data-element_type=\"section\" data-e-type=\"section\">\n<div class=\"elementor-container elementor-column-gap-default\">\n<div class=\"elementor-column elementor-col-50 elementor-inner-column elementor-element elementor-element-ba3dbad\" data-id=\"ba3dbad\" data-element_type=\"column\" data-e-type=\"column\">\n<div class=\"elementor-widget-wrap elementor-element-populated\">\n<div class=\"elementor-element elementor-element-b3ae21e elementor-widget elementor-widget-image\" data-id=\"b3ae21e\" data-element_type=\"widget\" data-e-type=\"widget\" data-widget_type=\"image.default\">\n<div class=\"elementor-widget-container\">\n<p style=\"text-align: justify;\"><span style=\"font-size: 14pt;\"><span dir=\"auto\">T<strong>ras 1945, Carl Schmitt fue marginado no solo en los c\u00edrculos acad\u00e9micos por su colaboraci\u00f3n con el r\u00e9gimen nazi<\/strong>, un hecho que lament\u00f3 extensamente y con extrema introspecci\u00f3n en su diario,\u00a0<\/span><strong><em><span dir=\"auto\">Glossarium<\/span><\/em><span dir=\"auto\">:\u00a0<\/span><em><span dir=\"auto\">Notas de los a\u00f1os 1947 a 1958<\/span><\/em><\/strong><span dir=\"auto\"> (<em>nueva edici\u00f3n 2015<\/em>).<\/span><\/span><\/p>\n<\/div>\n<\/div>\n<\/div>\n<\/div>\n<\/div>\n<\/section>\n<\/div>\n<\/div>\n<\/div>\n<\/div>\n<\/div>\n<\/section>\n<\/div>\n<\/div>\n<\/div>\n<\/div>\n<\/div>\n<\/section>\n<\/div>\n<p>&nbsp;<\/p>\n<figure id=\"attachment_2322565\" aria-describedby=\"caption-attachment-2322565\" style=\"width: 400px\" class=\"wp-caption aligncenter\"><img loading=\"lazy\" decoding=\"async\" class=\"wp-image-2322565\" src=\"https:\/\/puntocritico.com\/ausajpuntocritico\/wp-content\/uploads\/2026\/08\/Carl-Schmitt-Pascua-de-1968-300x216.png\" alt=\"\" width=\"400\" height=\"289\" srcset=\"https:\/\/puntocritico.com\/ausajpuntocritico\/wp-content\/uploads\/2026\/08\/Carl-Schmitt-Pascua-de-1968-300x216.png 300w, https:\/\/puntocritico.com\/ausajpuntocritico\/wp-content\/uploads\/2026\/08\/Carl-Schmitt-Pascua-de-1968-768x554.png 768w, https:\/\/puntocritico.com\/ausajpuntocritico\/wp-content\/uploads\/2026\/08\/Carl-Schmitt-Pascua-de-1968.png 862w\" sizes=\"auto, (max-width: 400px) 100vw, 400px\" \/><figcaption id=\"caption-attachment-2322565\" class=\"wp-caption-text\"><span style=\"color: #008000;\">Pascua de 1968<\/span><\/figcaption><\/figure>\n<p>&nbsp;<\/p>\n<div data-id=\"07cb5f0\" data-element_type=\"column\" data-e-type=\"column\">\n<section class=\"elementor-section elementor-inner-section elementor-element elementor-element-7f77536 elementor-section-content-top elementor-section-boxed elementor-section-height-default elementor-section-height-default\" data-id=\"7f77536\" data-element_type=\"section\" data-e-type=\"section\">\n<div class=\"elementor-container elementor-column-gap-default\">\n<div class=\"elementor-column elementor-col-50 elementor-inner-column elementor-element elementor-element-3fb9abc\" data-id=\"3fb9abc\" data-element_type=\"column\" data-e-type=\"column\">\n<div class=\"elementor-widget-wrap elementor-element-populated\">\n<div class=\"elementor-element elementor-element-3d1e001 elementor-widget elementor-widget-text-editor\" data-id=\"3d1e001\" data-element_type=\"widget\" data-e-type=\"widget\" data-widget_type=\"text-editor.default\">\n<div class=\"elementor-widget-container\">\n<section class=\"elementor-section elementor-inner-section elementor-element elementor-element-1eff3c6 elementor-section-content-top elementor-section-boxed elementor-section-height-default elementor-section-height-default\" data-id=\"1eff3c6\" data-element_type=\"section\" data-e-type=\"section\">\n<div class=\"elementor-container elementor-column-gap-default\">\n<div class=\"elementor-column elementor-col-50 elementor-inner-column elementor-element elementor-element-7a774a0\" data-id=\"7a774a0\" data-element_type=\"column\" data-e-type=\"column\">\n<div class=\"elementor-widget-wrap elementor-element-populated\">\n<div class=\"elementor-element elementor-element-02e2708 elementor-widget elementor-widget-text-editor\" data-id=\"02e2708\" data-element_type=\"widget\" data-e-type=\"widget\" data-widget_type=\"text-editor.default\">\n<div class=\"elementor-widget-container\">\n<section class=\"elementor-section elementor-inner-section elementor-element elementor-element-fae53d9 elementor-section-content-top elementor-section-boxed elementor-section-height-default elementor-section-height-default\" data-id=\"fae53d9\" data-element_type=\"section\" data-e-type=\"section\">\n<div class=\"elementor-container elementor-column-gap-default\">\n<div class=\"elementor-column elementor-col-50 elementor-inner-column elementor-element elementor-element-ba3dbad\" data-id=\"ba3dbad\" data-element_type=\"column\" data-e-type=\"column\">\n<div class=\"elementor-widget-wrap elementor-element-populated\">\n<div class=\"elementor-element elementor-element-b3ae21e elementor-widget elementor-widget-image\" data-id=\"b3ae21e\" data-element_type=\"widget\" data-e-type=\"widget\" data-widget_type=\"image.default\">\n<div class=\"elementor-widget-container\">\n<p style=\"text-align: justify;\"><span style=\"font-size: 14pt;\"><span dir=\"auto\">Si bien en sus notas de 1945 a\u00fan reflexionaba con autocr\u00edtica sobre su participaci\u00f3n desde 1933, las <strong>exigencias p\u00fablicas de que reconociera su culpa y mostrara remordimiento<\/strong> llevaron a <strong>Schmitt<\/strong> a rechazar pol\u00e9micamente cualquier confesi\u00f3n que le conviniera en la opini\u00f3n p\u00fablica y a<strong> caracterizar mordazmente a sus perseguidores, a quienes consideraba influenciados por el programa de reeducaci\u00f3n de las potencias vencedoras<\/strong>.<\/span><\/span><\/p>\n<p style=\"text-align: justify;\"><span style=\"font-size: 14pt;\"><span dir=\"auto\"><strong>Fue en este contexto que aparecieron sus primeras publicaciones de posguerra<\/strong>: <\/span><\/span><\/p>\n<blockquote>\n<p style=\"text-align: justify;\"><span style=\"font-size: 14pt; color: #008000;\"><span dir=\"auto\"><strong>una rese\u00f1a de derecho internacional, as\u00ed como dos ensayos y una rese\u00f1a, todas publicadas de forma an\u00f3nima o bajo seud\u00f3nimo.<\/strong><\/span><\/span><\/p>\n<\/blockquote>\n<p>&nbsp;<\/p>\n<p style=\"text-align: justify;\"><span style=\"font-size: 14pt;\"><span dir=\"auto\">Cuando public\u00f3 su conferencia editada \u00ab<\/span><em><span dir=\"auto\">El estado de la jurisprudencia europea\u00bb<\/span><\/em><span dir=\"auto\">\u00a0bajo su propio nombre en 1950 con la <em>editorial de la Universidad de Tubinga<\/em> , y el ensayo\u00a0<\/span><em><span dir=\"auto\">\u00abEx captivitate salus\u00bb<\/span><\/em><span dir=\"auto\">\u00a0y su obra principal\u00a0<\/span><em><span dir=\"auto\">\u00ab<strong>El Nomos de la Tierra en el Derecho Internacional del Jus Publicum Europaeum<\/strong>\u00ab<\/span><\/em><span dir=\"auto\"> con la <em>editorial Greven de Colonia<\/em>,<strong> hubo numerosos art\u00edculos disidentes con una base pol\u00edtico-moral<\/strong>; <\/span><\/span><\/p>\n<blockquote>\n<p style=\"text-align: justify;\"><strong><span style=\"font-size: 14pt; color: #008000;\"><span dir=\"auto\">el tono era de un \u00abf<em>uerte esp\u00edritu de tipo luciferino<\/em>\u00ab, de \u00ab<em>erudita m\u00f3rbida<\/em>\u00bb y \u00ab<em>existencialismo nihilista<\/em>\u00ab.<\/span><\/span><\/strong><\/p>\n<\/blockquote>\n<p>&nbsp;<\/p>\n<p style=\"text-align: justify;\"><span dir=\"auto\" style=\"font-size: 14pt;\">En la primera mitad de la d\u00e9cada de 1950, <strong>Schmitt<\/strong> imparti\u00f3 numerosas conferencias sobre temas relacionados con sus publicaciones, como \u00ab<em>La unidad del mundo<\/em>\u00bb, \u00ab<em>El contraste entre la tierra y el mar<\/em>\u00bb y \u00ab<em>El problema de la paz<\/em>\u00bb. <\/span><\/p>\n<p style=\"text-align: justify;\"><span dir=\"auto\" style=\"font-size: 14pt;\">Excluido de la docencia universitaria, acept\u00f3 en 1957 la invitaci\u00f3n del fil\u00f3sofo<strong> Joachim Ritter<\/strong> para dar una conferencia en la universidad por primera vez desde su expulsi\u00f3n, en el <em>Collegium Philosophicum<\/em> de <strong>Ritter<\/strong> en <em>M\u00fcnster<\/em>. Entre 1957 y 1967, tambi\u00e9n particip\u00f3 casi anualmente en los <strong><em>Seminarios Ebrach<\/em><\/strong> organizados por <strong>Forsthoff<\/strong>.<\/span><\/p>\n<p style=\"text-align: justify;\"><span style=\"font-size: 14pt;\"><span dir=\"auto\">Paralelamente a estas actividades, <strong>Schmitt<\/strong> cre\u00f3 <em>una especie de esfera contrap\u00fablica<\/em> con su correspondencia diaria, compuesta por m\u00e1s de 10.000 cartas, casi siempre escritas a mano. <\/span><\/span><\/p>\n<p style=\"text-align: justify;\"><strong><span style=\"font-size: 14pt;\"><span dir=\"auto\">Entre sus corresponsales no s\u00f3lo se encontraban viejos amigos y conocidos como Ernst y Gretha J\u00fcnger, Heinrich Oberheid, Hans Barion, Ernst-Rudolf Huber, Hans Freyer, Arnold Gehlen, Lilly von Schnitzler, Hans Schneider, Giselher Wirsing y otros, sino tambi\u00e9n gente m\u00e1s joven <\/span><\/span><\/strong><\/p>\n<blockquote>\n<p style=\"text-align: justify;\"><strong><span style=\"font-size: 14pt; color: #008000;\"><span dir=\"auto\">como Johannes Gross, R\u00fcdiger Altmann, Nicolaus Sombart, Heinrich Popitz, Hanno Kesting, Reinhart. Koselleck, Roman Schnur, Peter Scheibert, Rudolf Augstein, Walter Warnach, Ernst-Wolfgang B\u00f6ckenf\u00f6rde, Armin Mohler, Bernard Willms y muchos m\u00e1s, algunos de los cuales vinieron a visitarlo a <em>Plettenberg<\/em>.<\/span><\/span><\/strong><\/p>\n<\/blockquote>\n<p>&nbsp;<\/p>\n<p style=\"text-align: justify;\"><span style=\"font-size: 14pt;\"><span dir=\"auto\"><strong>Entre los destinatarios extranjeros figuraban <\/strong><strong>Sava Klickovic<\/strong>, de <em>Yugoslavia<\/em>, quien se doctor\u00f3 bajo la tutela de <strong>Schmitt<\/strong> en 1940; <strong>Julien Freund<\/strong>, de <em>Francia<\/em>; <strong>George Schwab<\/strong>, de<em> Estados Unidos<\/em>; <strong>Piet Tommissen<\/strong>, de <em>B\u00e9lgica<\/em>; <\/span><\/span><\/p>\n<blockquote>\n<p style=\"text-align: justify;\"><span style=\"color: #008000;\"><strong><span style=\"font-size: 14pt;\"><span dir=\"auto\">y Javier Conde, Tierno Galvan y \u00c1lvaro d&#8217;Ors, de <em>Espa\u00f1a<\/em>.<\/span><\/span><\/strong><\/span><\/p>\n<\/blockquote>\n<\/div>\n<\/div>\n<\/div>\n<\/div>\n<\/div>\n<\/section>\n<\/div>\n<\/div>\n<\/div>\n<\/div>\n<\/div>\n<\/section>\n<\/div>\n<\/div>\n<\/div>\n<\/div>\n<\/div>\n<\/section>\n<\/div>\n<p>&nbsp;<\/p>\n<figure id=\"attachment_2322564\" aria-describedby=\"caption-attachment-2322564\" style=\"width: 280px\" class=\"wp-caption aligncenter\"><img loading=\"lazy\" decoding=\"async\" class=\"wp-image-2322564\" src=\"https:\/\/puntocritico.com\/ausajpuntocritico\/wp-content\/uploads\/2026\/08\/Carl-Schmitt-y-el-jurista-espanol-Alvaro-dOrs-verano-de-1964-en-la-catedral-de-Santiago-de-Compostela-201x300.png\" alt=\"\" width=\"280\" height=\"417\" srcset=\"https:\/\/puntocritico.com\/ausajpuntocritico\/wp-content\/uploads\/2026\/08\/Carl-Schmitt-y-el-jurista-espanol-Alvaro-dOrs-verano-de-1964-en-la-catedral-de-Santiago-de-Compostela-201x300.png 201w, https:\/\/puntocritico.com\/ausajpuntocritico\/wp-content\/uploads\/2026\/08\/Carl-Schmitt-y-el-jurista-espanol-Alvaro-dOrs-verano-de-1964-en-la-catedral-de-Santiago-de-Compostela.png 604w\" sizes=\"auto, (max-width: 280px) 100vw, 280px\" \/><figcaption id=\"caption-attachment-2322564\" class=\"wp-caption-text\"><span style=\"color: #008000;\"><strong>Carl Schmitt<\/strong> y el jurista espa\u00f1ol <a style=\"color: #008000;\" href=\"https:\/\/es.wikipedia.org\/wiki\/%C3%81lvaro_d%27Ors\" target=\"_blank\" rel=\"noopener\"><strong>\u00c1lvaro d&#8217;Ors<\/strong><\/a>, verano de 1964 en la <em>catedral de Santiago de Compostela.<\/em><\/span><\/figcaption><\/figure>\n<p>&nbsp;<\/p>\n<div data-id=\"07cb5f0\" data-element_type=\"column\" data-e-type=\"column\">\n<section class=\"elementor-section elementor-inner-section elementor-element elementor-element-7f77536 elementor-section-content-top elementor-section-boxed elementor-section-height-default elementor-section-height-default\" data-id=\"7f77536\" data-element_type=\"section\" data-e-type=\"section\">\n<div class=\"elementor-container elementor-column-gap-default\">\n<div class=\"elementor-column elementor-col-50 elementor-inner-column elementor-element elementor-element-3fb9abc\" data-id=\"3fb9abc\" data-element_type=\"column\" data-e-type=\"column\">\n<div class=\"elementor-widget-wrap elementor-element-populated\">\n<div class=\"elementor-element elementor-element-3d1e001 elementor-widget elementor-widget-text-editor\" data-id=\"3d1e001\" data-element_type=\"widget\" data-e-type=\"widget\" data-widget_type=\"text-editor.default\">\n<div class=\"elementor-widget-container\">\n<section class=\"elementor-section elementor-inner-section elementor-element elementor-element-1eff3c6 elementor-section-content-top elementor-section-boxed elementor-section-height-default elementor-section-height-default\" data-id=\"1eff3c6\" data-element_type=\"section\" data-e-type=\"section\">\n<div class=\"elementor-container elementor-column-gap-default\">\n<div class=\"elementor-column elementor-col-50 elementor-inner-column elementor-element elementor-element-7a774a0\" data-id=\"7a774a0\" data-element_type=\"column\" data-e-type=\"column\">\n<div class=\"elementor-widget-wrap elementor-element-populated\">\n<div class=\"elementor-element elementor-element-02e2708 elementor-widget elementor-widget-text-editor\" data-id=\"02e2708\" data-element_type=\"widget\" data-e-type=\"widget\" data-widget_type=\"text-editor.default\">\n<div class=\"elementor-widget-container\">\n<section class=\"elementor-section elementor-inner-section elementor-element elementor-element-fae53d9 elementor-section-content-top elementor-section-boxed elementor-section-height-default elementor-section-height-default\" data-id=\"fae53d9\" data-element_type=\"section\" data-e-type=\"section\">\n<div class=\"elementor-container elementor-column-gap-default\">\n<div class=\"elementor-column elementor-col-50 elementor-inner-column elementor-element elementor-element-ba3dbad\" data-id=\"ba3dbad\" data-element_type=\"column\" data-e-type=\"column\">\n<div class=\"elementor-widget-wrap elementor-element-populated\">\n<div class=\"elementor-element elementor-element-b3ae21e elementor-widget elementor-widget-image\" data-id=\"b3ae21e\" data-element_type=\"widget\" data-e-type=\"widget\" data-widget_type=\"image.default\">\n<div class=\"elementor-widget-container\">\n<p style=\"text-align: justify;\"><span style=\"font-size: 14pt;\"><span dir=\"auto\">Adem\u00e1s del correo ordinario, <strong>Schmitt<\/strong> llev\u00f3 a cabo una <strong>extensa campa\u00f1a de env\u00edo postal de sus propias publicaciones<\/strong> entre 1947 y 1974. <\/span><\/span><\/p>\n<p style=\"text-align: justify;\"><span style=\"font-size: 14pt;\"><span dir=\"auto\">La\u00a0<\/span><a href=\"https:\/\/www.carl-schmitt.de\/carl-schmitt\/netzwerke\/\" target=\"_blank\" rel=\"noopener\"><span dir=\"auto\">lista de destinatarios<\/span><\/a><span dir=\"auto\">\u00a0de libros y reimpresiones se ha reconstruido a partir de las notas escritas que se conservan.<\/span><\/span><\/p>\n<p style=\"text-align: justify;\"><span dir=\"auto\" style=\"font-size: 14pt;\">Dado que <strong>Schmitt<\/strong> era u<strong>na persona muy sociable<\/strong>, tanto en sus cartas como, sobre todo, en sus conversaciones, su hospitalidad y <strong>sus profundas charlas introduc\u00edan a los visitantes en su mundo de pensamiento, influyendo a menudo en sus trabajos posteriores<\/strong>. <\/span><\/p>\n<p style=\"text-align: justify;\"><span dir=\"auto\" style=\"font-size: 14pt;\"><strong>Incluso cuando la conversaci\u00f3n giraba en torno a temas importantes como la divisi\u00f3n Este-Oeste, el predominio del mundo tecnol\u00f3gico-industrial, el desarrollo y las consecuencias de las armas de guerra, incluida la guerra de guerrillas, y la teolog\u00eda pol\u00edtica<\/strong>, <\/span><\/p>\n<blockquote>\n<p style=\"text-align: justify;\"><strong><span dir=\"auto\" style=\"font-size: 14pt; color: #008000;\">no se ignoraba la situaci\u00f3n actual de la <em>Rep\u00fablica Federal de Alemania<\/em>.<\/span><\/strong><\/p>\n<\/blockquote>\n<p>&nbsp;<\/p>\n<p style=\"text-align: justify;\"><span dir=\"auto\" style=\"font-size: 14pt;\"><strong>Esto queda demostrado, por ejemplo, en los documentos de su legado, relativos a la <em>jurisprudencia del Tribunal Constitucional Federal<\/em><\/strong>, <\/span><\/p>\n<blockquote>\n<p style=\"text-align: justify;\"><span style=\"color: #008000;\"><strong><span dir=\"auto\" style=\"font-size: 14pt;\">el predominio de los partidos pol\u00edticos y las \u00ab<em>fuerzas sociales<\/em>\u00bb que transformaron el Estado constitucional burgu\u00e9s en un Estado econ\u00f3mico y administrativo pluralista propio de la sociedad industrial.<\/span><\/strong><\/span><\/p>\n<\/blockquote>\n<\/div>\n<\/div>\n<\/div>\n<\/div>\n<\/div>\n<\/section>\n<\/div>\n<\/div>\n<\/div>\n<\/div>\n<\/div>\n<\/section>\n<\/div>\n<\/div>\n<\/div>\n<\/div>\n<\/div>\n<\/section>\n<\/div>\n<p>&nbsp;<\/p>\n<figure id=\"attachment_2322558\" aria-describedby=\"caption-attachment-2322558\" style=\"width: 440px\" class=\"wp-caption aligncenter\"><img loading=\"lazy\" decoding=\"async\" class=\"wp-image-2322558\" src=\"https:\/\/puntocritico.com\/ausajpuntocritico\/wp-content\/uploads\/2026\/08\/Carl-Schmitt-decada-de-1950-300x211.png\" alt=\"\" width=\"440\" height=\"309\" srcset=\"https:\/\/puntocritico.com\/ausajpuntocritico\/wp-content\/uploads\/2026\/08\/Carl-Schmitt-decada-de-1950-300x211.png 300w, https:\/\/puntocritico.com\/ausajpuntocritico\/wp-content\/uploads\/2026\/08\/Carl-Schmitt-decada-de-1950-1024x720.png 1024w, https:\/\/puntocritico.com\/ausajpuntocritico\/wp-content\/uploads\/2026\/08\/Carl-Schmitt-decada-de-1950-768x540.png 768w, https:\/\/puntocritico.com\/ausajpuntocritico\/wp-content\/uploads\/2026\/08\/Carl-Schmitt-decada-de-1950-1320x928.png 1320w, https:\/\/puntocritico.com\/ausajpuntocritico\/wp-content\/uploads\/2026\/08\/Carl-Schmitt-decada-de-1950.png 1536w\" sizes=\"auto, (max-width: 440px) 100vw, 440px\" \/><figcaption id=\"caption-attachment-2322558\" class=\"wp-caption-text\"><span style=\"color: #008000;\">Carl Schmitt, d\u00e9cada de 1950<\/span><\/figcaption><\/figure>\n<p>&nbsp;<\/p>\n<div data-id=\"07cb5f0\" data-element_type=\"column\" data-e-type=\"column\">\n<section class=\"elementor-section elementor-inner-section elementor-element elementor-element-7f77536 elementor-section-content-top elementor-section-boxed elementor-section-height-default elementor-section-height-default\" data-id=\"7f77536\" data-element_type=\"section\" data-e-type=\"section\">\n<div class=\"elementor-container elementor-column-gap-default\">\n<div class=\"elementor-column elementor-col-50 elementor-inner-column elementor-element elementor-element-3fb9abc\" data-id=\"3fb9abc\" data-element_type=\"column\" data-e-type=\"column\">\n<div class=\"elementor-widget-wrap elementor-element-populated\">\n<div class=\"elementor-element elementor-element-3d1e001 elementor-widget elementor-widget-text-editor\" data-id=\"3d1e001\" data-element_type=\"widget\" data-e-type=\"widget\" data-widget_type=\"text-editor.default\">\n<div class=\"elementor-widget-container\">\n<section class=\"elementor-section elementor-inner-section elementor-element elementor-element-1eff3c6 elementor-section-content-top elementor-section-boxed elementor-section-height-default elementor-section-height-default\" data-id=\"1eff3c6\" data-element_type=\"section\" data-e-type=\"section\">\n<div class=\"elementor-container elementor-column-gap-default\">\n<div class=\"elementor-column elementor-col-50 elementor-inner-column elementor-element elementor-element-7a774a0\" data-id=\"7a774a0\" data-element_type=\"column\" data-e-type=\"column\">\n<div class=\"elementor-widget-wrap elementor-element-populated\">\n<div class=\"elementor-element elementor-element-02e2708 elementor-widget elementor-widget-text-editor\" data-id=\"02e2708\" data-element_type=\"widget\" data-e-type=\"widget\" data-widget_type=\"text-editor.default\">\n<div class=\"elementor-widget-container\">\n<section class=\"elementor-section elementor-inner-section elementor-element elementor-element-fae53d9 elementor-section-content-top elementor-section-boxed elementor-section-height-default elementor-section-height-default\" data-id=\"fae53d9\" data-element_type=\"section\" data-e-type=\"section\">\n<div class=\"elementor-container elementor-column-gap-default\">\n<div class=\"elementor-column elementor-col-50 elementor-inner-column elementor-element elementor-element-ba3dbad\" data-id=\"ba3dbad\" data-element_type=\"column\" data-e-type=\"column\">\n<div class=\"elementor-widget-wrap elementor-element-populated\">\n<div class=\"elementor-element elementor-element-b3ae21e elementor-widget elementor-widget-image\" data-id=\"b3ae21e\" data-element_type=\"widget\" data-e-type=\"widget\" data-widget_type=\"image.default\">\n<div class=\"elementor-widget-container\">\n<p style=\"text-align: justify;\"><span dir=\"auto\" style=\"font-size: 14pt;\">La correspondencia publicada hasta el momento revela, como en el caso de <strong>Ernst<\/strong> y <strong>Gretha <\/strong><strong>J\u00fcnger<\/strong>, un <strong>creciente distanciamiento<\/strong> entre los antiguos socios tras 1945. <\/span><\/p>\n<p style=\"text-align: justify;\"><span dir=\"auto\" style=\"font-size: 14pt;\"><strong>Este distanciamiento se deb\u00eda a sus diferentes posturas respecto al pasado nazi, as\u00ed como a su \u00e9xito en los inicios de la <em>Rep\u00fablica Federal<\/em><\/strong>, que <strong>Schmitt<\/strong> envidiaba en manos del ya desacreditado <strong>Ernst J\u00fcnger<\/strong>, <strong>Gottfried Benn<\/strong> y otros. <\/span><\/p>\n<p style=\"text-align: justify;\"><span dir=\"auto\" style=\"font-size: 14pt;\">Esto tambi\u00e9n se evidencia en las entradas de su <strong>glosario<\/strong>, cargado de <em>resentimiento<\/em>, que se prolong\u00f3 hasta finales de la d\u00e9cada de 1950. <\/span><\/p>\n<p style=\"text-align: justify;\"><span dir=\"auto\" style=\"font-size: 14pt;\">Cuando su antiguo alumno y colega constitucionalista, <strong>Ernst-Rudolf Huber<\/strong>, quiso hablar con \u00e9l sobre los motivos de su propia implicaci\u00f3n en el <em>Tercer Reich<\/em> y su sistema de exterminio, <strong>Schmitt<\/strong> se neg\u00f3 a dialogar.<\/span><\/p>\n<p style=\"text-align: justify;\"><span dir=\"auto\" style=\"font-size: 14pt;\">Si bien <strong>Schmitt<\/strong> era conocido en su ciudad natal, <strong>la ciudad oficial de <em>Plettenberg<\/em> solo lo reconoci\u00f3 en su 90 cumplea\u00f1os, cuando le otorg\u00f3 el anillo honor\u00edfico de la ciudad<\/strong>. <\/span><\/p>\n<p style=\"text-align: justify;\"><span dir=\"auto\" style=\"font-size: 14pt;\">Aunque a menudo hac\u00eda referencia a sus or\u00edgenes en <em>Mosela<\/em>, durante d\u00e9cadas <strong>expres\u00f3 en sus diarios su afecto por su tierra natal, <em>Sauerland<\/em><\/strong>, donde se recuperaba y encontraba refugio durante los momentos dif\u00edciles de su vida a trav\u00e9s de largas caminatas. <\/span><\/p>\n<p style=\"text-align: justify;\"><span dir=\"auto\" style=\"font-size: 14pt;\"><strong>Describi\u00f3 las monta\u00f1as \u00ab<em>dormidas<\/em>\u00bb del paisaje de <em>Brandeburgo<\/em> con las palabras de su amigo poeta<\/strong> <strong>Konrad Wei\u00df<\/strong>: <\/span><\/p>\n<blockquote>\n<p style=\"text-align: justify;\"><span style=\"color: #008000;\"><strong><span dir=\"auto\" style=\"font-size: 14pt;\">su reticencia, a menudo envueltas en niebla o lluvia, el choque entre la humedad atl\u00e1ntico-oce\u00e1nica y la tierra firme de basalto y granito.<\/span><\/strong><\/span><\/p>\n<\/blockquote>\n<p>&nbsp;<\/p>\n<figure id=\"attachment_2322570\" aria-describedby=\"caption-attachment-2322570\" style=\"width: 240px\" class=\"wp-caption aligncenter\"><img loading=\"lazy\" decoding=\"async\" class=\"wp-image-2322570\" src=\"https:\/\/puntocritico.com\/ausajpuntocritico\/wp-content\/uploads\/2026\/08\/Anni-Stand-ama-de-llaves-de-Carl-Schmitt-Principios-de-la-decada-de-1970-196x300.png\" alt=\"\" width=\"240\" height=\"368\" srcset=\"https:\/\/puntocritico.com\/ausajpuntocritico\/wp-content\/uploads\/2026\/08\/Anni-Stand-ama-de-llaves-de-Carl-Schmitt-Principios-de-la-decada-de-1970-196x300.png 196w, https:\/\/puntocritico.com\/ausajpuntocritico\/wp-content\/uploads\/2026\/08\/Anni-Stand-ama-de-llaves-de-Carl-Schmitt-Principios-de-la-decada-de-1970-668x1024.png 668w, https:\/\/puntocritico.com\/ausajpuntocritico\/wp-content\/uploads\/2026\/08\/Anni-Stand-ama-de-llaves-de-Carl-Schmitt-Principios-de-la-decada-de-1970.png 672w\" sizes=\"auto, (max-width: 240px) 100vw, 240px\" \/><figcaption id=\"caption-attachment-2322570\" class=\"wp-caption-text\"><span style=\"color: #008000;\"><strong>Anni Stand<\/strong>, ama de llaves. Principios de la d\u00e9cada de 1970.<\/span><\/figcaption><\/figure>\n<p>&nbsp;<\/p>\n<p style=\"text-align: justify;\"><span style=\"font-size: 14pt;\">En la vida cotidiana,<strong> Anni Stand<\/strong> <strong>se encargaba de la casa y recib\u00eda a los invitados<\/strong> desde 1950. <\/span><\/p>\n<p style=\"text-align: justify;\"><span style=\"font-size: 14pt;\">Tras graduarse en bachillerato en 1951, su hija <strong>Anima<\/strong> estudi\u00f3 escenograf\u00eda en <em>M\u00fanich<\/em> y <em>Darmstadt<\/em>, y en 1954 se traslad\u00f3 a <em>Heidelberg<\/em> para estudiar espa\u00f1ol y franc\u00e9s en el Instituto de Int\u00e9rpretes. <\/span><\/p>\n<p style=\"text-align: justify;\"><span style=\"font-size: 14pt;\">En 1957, <strong>se cas\u00f3 con el abogado espa\u00f1ol<\/strong> <strong>Alfonso Otero<\/strong> y <strong>se instal\u00f3 en <em>Santiago de Compostela<\/em> con sus cuatro hijos<\/strong> y, gracias a su famoso padre, con un amplio e influyente c\u00edrculo social. <\/span><\/p>\n<p style=\"text-align: justify;\"><span style=\"font-size: 14pt;\"><strong>Desde entonces hasta 1970, Schmitt viajaba a Espa\u00f1a cada verano<\/strong>, donde era reconocido como un gran erudito, impart\u00eda conferencias en prestigiosas universidades y fue <strong>nombrado <em>miembro honorario del Instituto de Estudios Pol\u00edticos de Madrid<\/em><\/strong>.<\/span><\/p>\n<\/div>\n<\/div>\n<\/div>\n<\/div>\n<\/div>\n<\/section>\n<\/div>\n<\/div>\n<\/div>\n<\/div>\n<\/div>\n<\/section>\n<\/div>\n<\/div>\n<\/div>\n<\/div>\n<\/div>\n<\/section>\n<\/div>\n<p>&nbsp;<\/p>\n<figure id=\"attachment_2322563\" aria-describedby=\"caption-attachment-2322563\" style=\"width: 360px\" class=\"wp-caption aligncenter\"><img loading=\"lazy\" decoding=\"async\" class=\"wp-image-2322563\" src=\"https:\/\/puntocritico.com\/ausajpuntocritico\/wp-content\/uploads\/2026\/08\/Carl-Schmitt-y-Fraga-Iribarne-Madrid-1963-298x300.png\" alt=\"\" width=\"360\" height=\"363\" srcset=\"https:\/\/puntocritico.com\/ausajpuntocritico\/wp-content\/uploads\/2026\/08\/Carl-Schmitt-y-Fraga-Iribarne-Madrid-1963-298x300.png 298w, https:\/\/puntocritico.com\/ausajpuntocritico\/wp-content\/uploads\/2026\/08\/Carl-Schmitt-y-Fraga-Iribarne-Madrid-1963-1017x1024.png 1017w, https:\/\/puntocritico.com\/ausajpuntocritico\/wp-content\/uploads\/2026\/08\/Carl-Schmitt-y-Fraga-Iribarne-Madrid-1963-150x150.png 150w, https:\/\/puntocritico.com\/ausajpuntocritico\/wp-content\/uploads\/2026\/08\/Carl-Schmitt-y-Fraga-Iribarne-Madrid-1963-768x773.png 768w, https:\/\/puntocritico.com\/ausajpuntocritico\/wp-content\/uploads\/2026\/08\/Carl-Schmitt-y-Fraga-Iribarne-Madrid-1963-1320x1329.png 1320w, https:\/\/puntocritico.com\/ausajpuntocritico\/wp-content\/uploads\/2026\/08\/Carl-Schmitt-y-Fraga-Iribarne-Madrid-1963.png 1432w\" sizes=\"auto, (max-width: 360px) 100vw, 360px\" \/><figcaption id=\"caption-attachment-2322563\" class=\"wp-caption-text\"><span style=\"color: #008000;\"><strong>Carl Schmitt <\/strong>y <strong>Fraga Iribarne<\/strong>, Madrid 1963<\/span><\/figcaption><\/figure>\n<p>&nbsp;<\/p>\n<div data-id=\"07cb5f0\" data-element_type=\"column\" data-e-type=\"column\">\n<section class=\"elementor-section elementor-inner-section elementor-element elementor-element-7f77536 elementor-section-content-top elementor-section-boxed elementor-section-height-default elementor-section-height-default\" data-id=\"7f77536\" data-element_type=\"section\" data-e-type=\"section\">\n<div class=\"elementor-container elementor-column-gap-default\">\n<div class=\"elementor-column elementor-col-50 elementor-inner-column elementor-element elementor-element-3fb9abc\" data-id=\"3fb9abc\" data-element_type=\"column\" data-e-type=\"column\">\n<div class=\"elementor-widget-wrap elementor-element-populated\">\n<div class=\"elementor-element elementor-element-3d1e001 elementor-widget elementor-widget-text-editor\" data-id=\"3d1e001\" data-element_type=\"widget\" data-e-type=\"widget\" data-widget_type=\"text-editor.default\">\n<div class=\"elementor-widget-container\">\n<section class=\"elementor-section elementor-inner-section elementor-element elementor-element-1eff3c6 elementor-section-content-top elementor-section-boxed elementor-section-height-default elementor-section-height-default\" data-id=\"1eff3c6\" data-element_type=\"section\" data-e-type=\"section\">\n<div class=\"elementor-container elementor-column-gap-default\">\n<div class=\"elementor-column elementor-col-50 elementor-inner-column elementor-element elementor-element-7a774a0\" data-id=\"7a774a0\" data-element_type=\"column\" data-e-type=\"column\">\n<div class=\"elementor-widget-wrap elementor-element-populated\">\n<div class=\"elementor-element elementor-element-02e2708 elementor-widget elementor-widget-text-editor\" data-id=\"02e2708\" data-element_type=\"widget\" data-e-type=\"widget\" data-widget_type=\"text-editor.default\">\n<div class=\"elementor-widget-container\">\n<section class=\"elementor-section elementor-inner-section elementor-element elementor-element-fae53d9 elementor-section-content-top elementor-section-boxed elementor-section-height-default elementor-section-height-default\" data-id=\"fae53d9\" data-element_type=\"section\" data-e-type=\"section\">\n<div class=\"elementor-container elementor-column-gap-default\">\n<div class=\"elementor-column elementor-col-50 elementor-inner-column elementor-element elementor-element-ba3dbad\" data-id=\"ba3dbad\" data-element_type=\"column\" data-e-type=\"column\">\n<div class=\"elementor-widget-wrap elementor-element-populated\">\n<div class=\"elementor-element elementor-element-b3ae21e elementor-widget elementor-widget-image\" data-id=\"b3ae21e\" data-element_type=\"widget\" data-e-type=\"widget\" data-widget_type=\"image.default\">\n<div class=\"elementor-widget-container\">\n<p style=\"text-align: justify;\"><span style=\"font-size: 14pt;\">En <em>Plettenberg<\/em>, como ya hab\u00eda hecho en <em>Berl\u00edn<\/em>, <strong>Schmitt<\/strong> pronto estableci\u00f3 contactos con artistas de la zona. <\/span><\/p>\n<p style=\"text-align: justify;\"><span style=\"font-size: 14pt;\">Entre ellos se encontraban el pintor <strong>Wilhelm Wessel<\/strong> en <em>Iserlohn<\/em>, el artista y educador <strong>Hugo K\u00fckelhaus<\/strong> en <em>Soest<\/em>, el pintor <strong>Hubert Berke<\/strong> en <em>Renania<\/em> y el amigo \u00edntimo de <strong>Berke<\/strong>, el escultor <strong>Heinrich Holthaus<\/strong>, en <em>Plettenberg<\/em>. <\/span><\/p>\n<p style=\"text-align: justify;\"><span style=\"font-size: 14pt;\">Durante la guerra, hab\u00eda trabajado junto con <strong>Gilles<\/strong>, <strong>Heldt<\/strong> y <strong>Kaspar<\/strong> en el <em>colectivo de estudios berlin\u00e9s de Klosterstra\u00dfe<\/em> y hab\u00eda modelado la cabeza de <strong>Anima<\/strong> para un retrato.\u00a0<\/span><\/p>\n<\/div>\n<p><span style=\"font-size: 14pt; text-align: justify;\">En las <\/span><em style=\"font-size: 14pt; text-align: justify;\">veladas de m\u00fasica de c\u00e1mara<\/em><span style=\"font-size: 14pt; text-align: justify;\">, la hermana de <\/span><strong style=\"font-size: 14pt; text-align: justify;\">Schmitt<\/strong><span style=\"font-size: 14pt; text-align: justify;\">, <\/span><strong style=\"font-size: 14pt; text-align: justify;\">\u00c4nnchen<\/strong><span style=\"font-size: 14pt; text-align: justify;\">, actuaba como profesora de piano, junto con el m\u00e9dico <\/span><strong style=\"font-size: 14pt; text-align: justify;\">Hendryk Bakowsky<\/strong><span style=\"font-size: 14pt; text-align: justify;\">, quien acompa\u00f1aba a su esposa <\/span><strong style=\"font-size: 14pt; text-align: justify;\">Anne<\/strong><span style=\"font-size: 14pt; text-align: justify;\">, una pianista de renombre, al violonchelo.<\/span><\/p>\n<\/div>\n<\/div>\n<\/div>\n<\/div>\n<\/section>\n<\/div>\n<\/div>\n<\/div>\n<\/div>\n<\/div>\n<\/section>\n<\/div>\n<\/div>\n<\/div>\n<\/div>\n<\/div>\n<\/section>\n<\/div>\n<div data-id=\"07cb5f0\" data-element_type=\"column\" data-e-type=\"column\">\n<section class=\"elementor-section elementor-inner-section elementor-element elementor-element-7f77536 elementor-section-content-top elementor-section-boxed elementor-section-height-default elementor-section-height-default\" data-id=\"7f77536\" data-element_type=\"section\" data-e-type=\"section\">\n<div class=\"elementor-container elementor-column-gap-default\">\n<div class=\"elementor-column elementor-col-50 elementor-inner-column elementor-element elementor-element-3fb9abc\" data-id=\"3fb9abc\" data-element_type=\"column\" data-e-type=\"column\">\n<div class=\"elementor-widget-wrap elementor-element-populated\">\n<div class=\"elementor-element elementor-element-3d1e001 elementor-widget elementor-widget-text-editor\" data-id=\"3d1e001\" data-element_type=\"widget\" data-e-type=\"widget\" data-widget_type=\"text-editor.default\">\n<div class=\"elementor-widget-container\">\n<section class=\"elementor-section elementor-inner-section elementor-element elementor-element-1eff3c6 elementor-section-content-top elementor-section-boxed elementor-section-height-default elementor-section-height-default\" data-id=\"1eff3c6\" data-element_type=\"section\" data-e-type=\"section\">\n<div class=\"elementor-container elementor-column-gap-default\">\n<div class=\"elementor-column elementor-col-50 elementor-inner-column elementor-element elementor-element-7a774a0\" data-id=\"7a774a0\" data-element_type=\"column\" data-e-type=\"column\">\n<div class=\"elementor-widget-wrap elementor-element-populated\">\n<div class=\"elementor-element elementor-element-02e2708 elementor-widget elementor-widget-text-editor\" data-id=\"02e2708\" data-element_type=\"widget\" data-e-type=\"widget\" data-widget_type=\"text-editor.default\">\n<div class=\"elementor-widget-container\">\n<section class=\"elementor-section elementor-inner-section elementor-element elementor-element-fae53d9 elementor-section-content-top elementor-section-boxed elementor-section-height-default elementor-section-height-default\" data-id=\"fae53d9\" data-element_type=\"section\" data-e-type=\"section\">\n<div class=\"elementor-container elementor-column-gap-default\">\n<div class=\"elementor-column elementor-col-50 elementor-inner-column elementor-element elementor-element-ba3dbad\" data-id=\"ba3dbad\" data-element_type=\"column\" data-e-type=\"column\">\n<div class=\"elementor-widget-wrap elementor-element-populated\">\n<div class=\"elementor-element elementor-element-b3ae21e elementor-widget elementor-widget-image\" data-id=\"b3ae21e\" data-element_type=\"widget\" data-e-type=\"widget\" data-widget_type=\"image.default\">\n<div class=\"elementor-widget-container\">\n<p style=\"text-align: justify;\"><span dir=\"auto\" style=\"font-size: 14pt;\"><strong>Schmitt<\/strong> tambi\u00e9n participaba en la vida cultural de la ciudad, especialmente cuando acud\u00edan invitados que conoc\u00eda de sus d\u00edas en <em>Berl\u00edn<\/em>, como el actor<strong> Mathias Wiemann<\/strong> o el tenor <strong>Peter Anders<\/strong>, quien falleci\u00f3 tr\u00e1gicamente en un accidente tras una velada en el local <em>Brockhauser Weg<\/em>.<\/span><\/p>\n<\/div>\n<\/div>\n<\/div>\n<\/div>\n<\/div>\n<\/section>\n<\/div>\n<\/div>\n<\/div>\n<\/div>\n<\/div>\n<\/section>\n<\/div>\n<\/div>\n<\/div>\n<\/div>\n<\/div>\n<\/section>\n<\/div>\n<p>&nbsp;<\/p>\n<figure id=\"attachment_2322557\" aria-describedby=\"caption-attachment-2322557\" style=\"width: 440px\" class=\"wp-caption aligncenter\"><img loading=\"lazy\" decoding=\"async\" class=\"wp-image-2322557\" src=\"https:\/\/puntocritico.com\/ausajpuntocritico\/wp-content\/uploads\/2026\/08\/Plettenberg-Eiringhausen-1950-300x211.png\" alt=\"\" width=\"440\" height=\"310\" srcset=\"https:\/\/puntocritico.com\/ausajpuntocritico\/wp-content\/uploads\/2026\/08\/Plettenberg-Eiringhausen-1950-300x211.png 300w, https:\/\/puntocritico.com\/ausajpuntocritico\/wp-content\/uploads\/2026\/08\/Plettenberg-Eiringhausen-1950-1024x722.png 1024w, https:\/\/puntocritico.com\/ausajpuntocritico\/wp-content\/uploads\/2026\/08\/Plettenberg-Eiringhausen-1950-768x541.png 768w, https:\/\/puntocritico.com\/ausajpuntocritico\/wp-content\/uploads\/2026\/08\/Plettenberg-Eiringhausen-1950-1320x930.png 1320w, https:\/\/puntocritico.com\/ausajpuntocritico\/wp-content\/uploads\/2026\/08\/Plettenberg-Eiringhausen-1950.png 1456w\" sizes=\"auto, (max-width: 440px) 100vw, 440px\" \/><figcaption id=\"caption-attachment-2322557\" class=\"wp-caption-text\"><span style=\"color: #008000;\"><em>Plettenberg-Eiringhausen<\/em>, d\u00e9cada de 1950. Vista desde el<em> r\u00edo Lenne<\/em> hacia la <em>monta\u00f1a Saley<\/em>.<\/span><\/figcaption><\/figure>\n<p>&nbsp;<\/p>\n<div data-id=\"07cb5f0\" data-element_type=\"column\" data-e-type=\"column\">\n<section class=\"elementor-section elementor-inner-section elementor-element elementor-element-7f77536 elementor-section-content-top elementor-section-boxed elementor-section-height-default elementor-section-height-default\" data-id=\"7f77536\" data-element_type=\"section\" data-e-type=\"section\">\n<div class=\"elementor-container elementor-column-gap-default\">\n<div class=\"elementor-column elementor-col-50 elementor-inner-column elementor-element elementor-element-3fb9abc\" data-id=\"3fb9abc\" data-element_type=\"column\" data-e-type=\"column\">\n<div class=\"elementor-widget-wrap elementor-element-populated\">\n<div class=\"elementor-element elementor-element-3d1e001 elementor-widget elementor-widget-text-editor\" data-id=\"3d1e001\" data-element_type=\"widget\" data-e-type=\"widget\" data-widget_type=\"text-editor.default\">\n<div class=\"elementor-widget-container\">\n<section class=\"elementor-section elementor-inner-section elementor-element elementor-element-1eff3c6 elementor-section-content-top elementor-section-boxed elementor-section-height-default elementor-section-height-default\" data-id=\"1eff3c6\" data-element_type=\"section\" data-e-type=\"section\">\n<div class=\"elementor-container elementor-column-gap-default\">\n<div class=\"elementor-column elementor-col-50 elementor-inner-column elementor-element elementor-element-7a774a0\" data-id=\"7a774a0\" data-element_type=\"column\" data-e-type=\"column\">\n<div class=\"elementor-widget-wrap elementor-element-populated\">\n<div class=\"elementor-element elementor-element-02e2708 elementor-widget elementor-widget-text-editor\" data-id=\"02e2708\" data-element_type=\"widget\" data-e-type=\"widget\" data-widget_type=\"text-editor.default\">\n<div class=\"elementor-widget-container\">\n<section class=\"elementor-section elementor-inner-section elementor-element elementor-element-fae53d9 elementor-section-content-top elementor-section-boxed elementor-section-height-default elementor-section-height-default\" data-id=\"fae53d9\" data-element_type=\"section\" data-e-type=\"section\">\n<div class=\"elementor-container elementor-column-gap-default\">\n<div class=\"elementor-column elementor-col-50 elementor-inner-column elementor-element elementor-element-ba3dbad\" data-id=\"ba3dbad\" data-element_type=\"column\" data-e-type=\"column\">\n<div class=\"elementor-widget-wrap elementor-element-populated\">\n<div class=\"elementor-element elementor-element-b3ae21e elementor-widget elementor-widget-image\" data-id=\"b3ae21e\" data-element_type=\"widget\" data-e-type=\"widget\" data-widget_type=\"image.default\">\n<div class=\"elementor-widget-container\">\n<p style=\"text-align: justify;\"><span dir=\"auto\" style=\"font-size: 14pt;\">Si bien en la d\u00e9cada de 1950 <strong>Carl Schmitt<\/strong> hab\u00eda escrito un dictamen jur\u00eddico sobre la compatibilidad del Estado de derecho y la socializaci\u00f3n, <strong>hab\u00eda iniciado una nueva edici\u00f3n de su famosa teor\u00eda constitucional<\/strong> <strong>con su <em>editorial Duncker &amp; Humblot<\/em> y hab\u00eda publicado ensayos antiguos con comentarios actuales sobre el desarrollo de la <em>Rep\u00fablica Federal<\/em> en sus \u00ab<em>Ensayos de Derecho Constitucional<\/em>\u00ab<\/strong>, <\/span><\/p>\n<blockquote>\n<p style=\"text-align: justify;\"><span style=\"color: #008000;\"><strong><span dir=\"auto\" style=\"font-size: 14pt;\">ahora centr\u00f3 su atenci\u00f3n en la filosof\u00eda de la historia, la literatura y el an\u00e1lisis contempor\u00e1neo.<\/span><\/strong><\/span><\/p>\n<\/blockquote>\n<p>&nbsp;<\/p>\n<p style=\"text-align: justify;\"><span dir=\"auto\" style=\"font-size: 14pt;\">Adem\u00e1s de numerosas rese\u00f1as breves en la revista \u00ab<em>Das historisch-politische Buch<\/em>\u00bb y los llamados <strong>corolarios sobre el tema del Nomos<\/strong>, escribi\u00f3 varios <strong>ensayos m\u00e1s extensos sobre la interpretaci\u00f3n de la \u00e9poca<\/strong>. <\/span><\/p>\n<p style=\"text-align: justify;\"><span dir=\"auto\" style=\"font-size: 14pt;\">En su ensayo \u00ab<em><strong>Tres posibilidades de una concepci\u00f3n hist\u00f3rica cristiana<\/strong><\/em>\u00bb (1950), publicado en la revista Universitas, <strong>Schmitt<\/strong> analiz\u00f3 las publicaciones de <strong>Karl L\u00f6with<\/strong> sobre filosof\u00eda moderna de la historia y describi\u00f3 su propia postura basada en la <a href=\"https:\/\/es.wikipedia.org\/wiki\/Historia_de_la_teolog%C3%ADa_cristiana\" target=\"_blank\" rel=\"noopener\"><strong>teleolog\u00eda cristiana del \u00ab<em>Katechon<\/em>\u00bb<\/strong><\/a> y el \u00ab<em><strong>gran paralelo<\/strong><\/em>\u00bb, que culminaba en una <a href=\"https:\/\/es.wikipedia.org\/wiki\/Epimeteo\" target=\"_blank\" rel=\"noopener\"><em>concepci\u00f3n hist\u00f3rica epimeteana<\/em><\/a> orientada hacia<strong> Konrad Weiss<\/strong>.<\/span><\/p>\n<\/div>\n<\/div>\n<\/div>\n<\/div>\n<\/div>\n<\/section>\n<\/div>\n<\/div>\n<\/div>\n<\/div>\n<\/div>\n<\/section>\n<\/div>\n<\/div>\n<\/div>\n<\/div>\n<\/div>\n<\/section>\n<\/div>\n<p>&nbsp;<\/p>\n<figure id=\"attachment_2322715\" aria-describedby=\"caption-attachment-2322715\" style=\"width: 360px\" class=\"wp-caption aligncenter\"><a href=\"https:\/\/es.wikipedia.org\/wiki\/Historia_de_la_teolog%C3%ADa_cristiana\" target=\"_blank\" rel=\"noopener\"><img loading=\"lazy\" decoding=\"async\" class=\"wp-image-2322715\" src=\"https:\/\/puntocritico.com\/ausajpuntocritico\/wp-content\/uploads\/2026\/08\/teologia-cristiana-del-Katechon.jpg\" alt=\"\" width=\"360\" height=\"397\" \/><\/a><figcaption id=\"caption-attachment-2322715\" class=\"wp-caption-text\">\u00abKatechon\u00bb<\/figcaption><\/figure>\n<p>&nbsp;<\/p>\n<div data-id=\"07cb5f0\" data-element_type=\"column\" data-e-type=\"column\">\n<section class=\"elementor-section elementor-inner-section elementor-element elementor-element-7f77536 elementor-section-content-top elementor-section-boxed elementor-section-height-default elementor-section-height-default\" data-id=\"7f77536\" data-element_type=\"section\" data-e-type=\"section\">\n<div class=\"elementor-container elementor-column-gap-default\">\n<div class=\"elementor-column elementor-col-50 elementor-inner-column elementor-element elementor-element-3fb9abc\" data-id=\"3fb9abc\" data-element_type=\"column\" data-e-type=\"column\">\n<div class=\"elementor-widget-wrap elementor-element-populated\">\n<div class=\"elementor-element elementor-element-3d1e001 elementor-widget elementor-widget-text-editor\" data-id=\"3d1e001\" data-element_type=\"widget\" data-e-type=\"widget\" data-widget_type=\"text-editor.default\">\n<div class=\"elementor-widget-container\">\n<section class=\"elementor-section elementor-inner-section elementor-element elementor-element-1eff3c6 elementor-section-content-top elementor-section-boxed elementor-section-height-default elementor-section-height-default\" data-id=\"1eff3c6\" data-element_type=\"section\" data-e-type=\"section\">\n<div class=\"elementor-container elementor-column-gap-default\">\n<div class=\"elementor-column elementor-col-50 elementor-inner-column elementor-element elementor-element-7a774a0\" data-id=\"7a774a0\" data-element_type=\"column\" data-e-type=\"column\">\n<div class=\"elementor-widget-wrap elementor-element-populated\">\n<div class=\"elementor-element elementor-element-02e2708 elementor-widget elementor-widget-text-editor\" data-id=\"02e2708\" data-element_type=\"widget\" data-e-type=\"widget\" data-widget_type=\"text-editor.default\">\n<div class=\"elementor-widget-container\">\n<section class=\"elementor-section elementor-inner-section elementor-element elementor-element-fae53d9 elementor-section-content-top elementor-section-boxed elementor-section-height-default elementor-section-height-default\" data-id=\"fae53d9\" data-element_type=\"section\" data-e-type=\"section\">\n<div class=\"elementor-container elementor-column-gap-default\">\n<div class=\"elementor-column elementor-col-50 elementor-inner-column elementor-element elementor-element-ba3dbad\" data-id=\"ba3dbad\" data-element_type=\"column\" data-e-type=\"column\">\n<div class=\"elementor-widget-wrap elementor-element-populated\">\n<div class=\"elementor-element elementor-element-b3ae21e elementor-widget elementor-widget-image\" data-id=\"b3ae21e\" data-element_type=\"widget\" data-e-type=\"widget\" data-widget_type=\"image.default\">\n<div class=\"elementor-widget-container\">\n<p style=\"text-align: justify;\"><span dir=\"auto\" style=\"font-size: 14pt;\"><strong>En su art\u00edculo \u00ab<em>La unidad del mundo<\/em>\u00bb (1952), publicado en <em>Merkur<\/em>, Schmitt demostr\u00f3 que, para \u00e9l<\/strong>, <\/span><\/p>\n<blockquote>\n<p style=\"text-align: justify;\"><strong><span dir=\"auto\" style=\"font-size: 14pt; color: #008000;\">los dos bloques de la <em>Guerra Fr\u00eda<\/em> estaban unidos por la unidad ideol\u00f3gica de una filosof\u00eda hist\u00f3rica del mundo tecnol\u00f3gicamente e industrialmente progresista.<\/span><\/strong><\/p>\n<\/blockquote>\n<p>&nbsp;<\/p>\n<p style=\"text-align: justify;\"><span dir=\"auto\" style=\"font-size: 14pt;\">Frente a su convergencia en una unidad planetaria de pura tecnicidad, <strong>postul\u00f3 una transici\u00f3n hacia una nueva multiplicidad<\/strong>. <\/span><\/p>\n<p style=\"text-align: justify;\"><span dir=\"auto\" style=\"font-size: 14pt;\">Desarroll\u00f3 a\u00fan m\u00e1s esta perspectiva en su contribuci\u00f3n a un volumen conmemorativo en honor a <strong>Ernst <\/strong><strong>J\u00fcnger<\/strong>, titulado \u00ab<strong><em>La estructura hist\u00f3rica del antagonismo mundial actual entre Oriente y Occidente: comentarios sobre la obra de<\/em> Ernst J\u00fcnger &#8216;<em>El nudo gordiano<\/em><\/strong>&#8216;\u00bb (1955). <\/span><\/p>\n<p style=\"text-align: justify;\"><span dir=\"auto\" style=\"font-size: 14pt;\">En \u00e9l, <strong>se distanci\u00f3 del pensamiento polarizado de<\/strong> <strong>J\u00fcnger<\/strong> y, en cambio, <strong>desarroll\u00f3 una estructura hist\u00f3rico-dial\u00e9ctica basada en el contraste entre tierra y mar, lo que condujo a posibilidades fundamentalmente diferentes para la existencia humana<\/strong>; <\/span><\/p>\n<blockquote>\n<p style=\"text-align: justify;\"><strong><span dir=\"auto\" style=\"font-size: 14pt; color: #008000;\">sin embargo, se abstuvo de responder \u00ab<em>la pregunta sobre la pregunta<\/em>\u00bb ante la mera repetici\u00f3n de interpretaciones filos\u00f3ficas de la historia, porque una verdad hist\u00f3rica solo es verdadera una vez.<\/span><\/strong><\/p>\n<\/blockquote>\n<\/div>\n<\/div>\n<\/div>\n<\/div>\n<\/div>\n<\/section>\n<\/div>\n<\/div>\n<\/div>\n<\/div>\n<\/div>\n<\/section>\n<\/div>\n<\/div>\n<\/div>\n<\/div>\n<\/div>\n<\/section>\n<\/div>\n<p>&nbsp;<\/p>\n<figure id=\"attachment_2322716\" aria-describedby=\"caption-attachment-2322716\" style=\"width: 440px\" class=\"wp-caption aligncenter\"><img loading=\"lazy\" decoding=\"async\" class=\"wp-image-2322716\" src=\"https:\/\/puntocritico.com\/ausajpuntocritico\/wp-content\/uploads\/2026\/08\/Prometheus_and_Epimetheus_before_Pandora_by_Hermann_Julius_Schlosser-300x201.jpg\" alt=\"\" width=\"440\" height=\"294\" srcset=\"https:\/\/puntocritico.com\/ausajpuntocritico\/wp-content\/uploads\/2026\/08\/Prometheus_and_Epimetheus_before_Pandora_by_Hermann_Julius_Schlosser-300x201.jpg 300w, https:\/\/puntocritico.com\/ausajpuntocritico\/wp-content\/uploads\/2026\/08\/Prometheus_and_Epimetheus_before_Pandora_by_Hermann_Julius_Schlosser-768x514.jpg 768w, https:\/\/puntocritico.com\/ausajpuntocritico\/wp-content\/uploads\/2026\/08\/Prometheus_and_Epimetheus_before_Pandora_by_Hermann_Julius_Schlosser.jpg 800w\" sizes=\"auto, (max-width: 440px) 100vw, 440px\" \/><figcaption id=\"caption-attachment-2322716\" class=\"wp-caption-text\"><span style=\"color: #008000;\"><em><strong>Prometeo y Epimeteo ante Pandora observados por Hermes<\/strong><\/em>. Pintura de <strong>Hermann Julius Schl\u00f6sser<\/strong>. En la mitolog\u00eda griega, <a style=\"color: #008000;\" href=\"https:\/\/es.wikipedia.org\/wiki\/Epimeteo\" target=\"_blank\" rel=\"noopener\"><strong>Epimeteo<\/strong><\/a> (\u1f18\u03c0\u1fd6\u03bc\u03b7\u03b8\u03b5\u03cd\u03c2, Epim\u0113the\u00fas) era el hermano de <em><strong>Prometeo<\/strong> <\/em>e hijo del tit\u00e1n <em><strong>J\u00e1peto<\/strong><\/em>. <strong>Su nombre significa \u00ab<em>el que piensa despu\u00e9s<\/em>\u00bb, <em class=\"eujQNb\" data-sfc-root=\"ep\" data-complete=\"true\" data-processed=\"true\" data-copy-service-computed-style=\"font-family: &quot;Google Sans&quot;, Arial, sans-serif; font-size: 16px; font-weight: 400; margin: 0px; text-decoration: none; border-bottom: 0px rgb(10, 10, 10);\">\u00abel que piensa despu\u00e9s de actuar\u00bb<\/em><\/strong>o <strong><em class=\"eujQNb\" data-sfc-root=\"ep\" data-complete=\"true\" data-processed=\"true\" aria-owns=\"action-menu-parent-container\" data-copy-service-computed-style=\"font-family: &quot;Google Sans&quot;, Arial, sans-serif; font-size: 16px; font-weight: 400; margin: 0px; text-decoration: none; border-bottom: 0px rgb(10, 10, 10);\">\u00abel que reflexiona tarde\u00bb<\/em><\/strong>.<\/span><\/figcaption><\/figure>\n<p>&nbsp;<\/p>\n<div data-id=\"07cb5f0\" data-element_type=\"column\" data-e-type=\"column\">\n<section class=\"elementor-section elementor-inner-section elementor-element elementor-element-7f77536 elementor-section-content-top elementor-section-boxed elementor-section-height-default elementor-section-height-default\" data-id=\"7f77536\" data-element_type=\"section\" data-e-type=\"section\">\n<div class=\"elementor-container elementor-column-gap-default\">\n<div class=\"elementor-column elementor-col-50 elementor-inner-column elementor-element elementor-element-3fb9abc\" data-id=\"3fb9abc\" data-element_type=\"column\" data-e-type=\"column\">\n<div class=\"elementor-widget-wrap elementor-element-populated\">\n<div class=\"elementor-element elementor-element-3d1e001 elementor-widget elementor-widget-text-editor\" data-id=\"3d1e001\" data-element_type=\"widget\" data-e-type=\"widget\" data-widget_type=\"text-editor.default\">\n<div class=\"elementor-widget-container\">\n<section class=\"elementor-section elementor-inner-section elementor-element elementor-element-1eff3c6 elementor-section-content-top elementor-section-boxed elementor-section-height-default elementor-section-height-default\" data-id=\"1eff3c6\" data-element_type=\"section\" data-e-type=\"section\">\n<div class=\"elementor-container elementor-column-gap-default\">\n<div class=\"elementor-column elementor-col-50 elementor-inner-column elementor-element elementor-element-7a774a0\" data-id=\"7a774a0\" data-element_type=\"column\" data-e-type=\"column\">\n<div class=\"elementor-widget-wrap elementor-element-populated\">\n<div class=\"elementor-element elementor-element-02e2708 elementor-widget elementor-widget-text-editor\" data-id=\"02e2708\" data-element_type=\"widget\" data-e-type=\"widget\" data-widget_type=\"text-editor.default\">\n<div class=\"elementor-widget-container\">\n<section class=\"elementor-section elementor-inner-section elementor-element elementor-element-fae53d9 elementor-section-content-top elementor-section-boxed elementor-section-height-default elementor-section-height-default\" data-id=\"fae53d9\" data-element_type=\"section\" data-e-type=\"section\">\n<div class=\"elementor-container elementor-column-gap-default\">\n<div class=\"elementor-column elementor-col-50 elementor-inner-column elementor-element elementor-element-ba3dbad\" data-id=\"ba3dbad\" data-element_type=\"column\" data-e-type=\"column\">\n<div class=\"elementor-widget-wrap elementor-element-populated\">\n<div class=\"elementor-element elementor-element-b3ae21e elementor-widget elementor-widget-image\" data-id=\"b3ae21e\" data-element_type=\"widget\" data-e-type=\"widget\" data-widget_type=\"image.default\">\n<div class=\"elementor-widget-container\">\n<p style=\"text-align: justify;\"><span style=\"font-size: 14pt;\"><span dir=\"auto\"><strong>Interesado en los medios de comunicaci\u00f3n<\/strong>, <strong>Schmitt<\/strong> hab\u00eda asistido a proyecciones de cine desde temprana edad y dado conferencias radiof\u00f3nicas desde principios de la d\u00e9cada de 1930. <\/span><\/span><\/p>\n<p style=\"text-align: justify;\"><span style=\"font-size: 14pt;\"><span dir=\"auto\">Ahora, <strong>exiliado en la regi\u00f3n de <em>Sauerland<\/em>, segu\u00eda de cerca la respuesta a sus publicaciones y recopilaba listas de los libros, reimpresiones y comunicados de prensa que se enviaban<\/strong>. <\/span><\/span><\/p>\n<p style=\"text-align: justify;\"><span style=\"font-size: 14pt;\"><span dir=\"auto\">Esto se aplicaba, por ejemplo, a <strong>escritos independientes como el di\u00e1logo did\u00e1ctico sobre\u00a0<\/strong><\/span><strong><em><span dir=\"auto\">\u00abPoder y acceso al gobernante<\/span><\/em><\/strong><span dir=\"auto\"><strong>\u00a0\u00bb (1954)<\/strong>. <\/span><\/span><\/p>\n<p style=\"text-align: justify;\"><span style=\"font-size: 14pt;\"><span dir=\"auto\">En \u00e9l, analizaba l<strong>a dial\u00e9ctica del poder y la impotencia de los poderosos debido a su dependencia de lo \u00ab<em>indirecto<\/em>\u00ab<\/strong>, las figuras secundarias que pueblan la antesala del poder.<\/span><\/span><\/p>\n<p>&nbsp;<\/p>\n<p><a href=\"https:\/\/puntocritico.com\/ausajpuntocritico\/2020\/10\/07\/teatro-dentro-del-teatro-el-asesinato-de-gonzago-la-ratonera-hamlet-por-william-shakespeare\/\" target=\"_blank\" rel=\"noopener\"><img loading=\"lazy\" decoding=\"async\" class=\"aligncenter wp-image-16709\" src=\"https:\/\/puntocritico.com\/ausajpuntocritico\/wp-content\/uploads\/2019\/02\/HAMLET-SHAKESPEARE-246x300.jpg\" alt=\"\" width=\"280\" height=\"341\" srcset=\"https:\/\/puntocritico.com\/ausajpuntocritico\/wp-content\/uploads\/2019\/02\/HAMLET-SHAKESPEARE-246x300.jpg 246w, https:\/\/puntocritico.com\/ausajpuntocritico\/wp-content\/uploads\/2019\/02\/HAMLET-SHAKESPEARE.jpg 328w\" sizes=\"auto, (max-width: 280px) 100vw, 280px\" \/><\/a><\/p>\n<p>&nbsp;<\/p>\n<p style=\"text-align: justify;\"><span style=\"font-size: 14pt;\"><span dir=\"auto\">En 1956, se adentr\u00f3 en la literatura y la cr\u00edtica literaria con <em><strong>Hamlet <\/strong><\/em>de <strong>Shakespeare<\/strong> en \u00ab<\/span><em><span dir=\"auto\"><strong>Hamlet o H\u00e9cuba: La intrusi\u00f3n del tiempo en la obra<\/strong>\u00ab.<\/span><\/em><\/span><\/p>\n<p style=\"text-align: justify;\"><span style=\"font-size: 14pt;\"><span dir=\"auto\">En su controvertida interpretaci\u00f3n de la obra como texto pol\u00edtico, <strong>Schmitt<\/strong> relacionaba a <em><strong>Hamlet <\/strong><\/em>con el entonces <em>rey <\/em><strong>Jacobo I<\/strong><strong>como<\/strong><\/span><\/span><\/p>\n<blockquote>\n<p style=\"text-align: justify;\"><span style=\"color: #008000;\"><strong><span style=\"font-size: 14pt;\"><span dir=\"auto\">una figura tr\u00e1gica cuya madre se cas\u00f3 con el parricidio, un hecho conocido por todos pero del que estaba prohibido hablar.<\/span><\/span><\/strong><\/span><\/p>\n<\/blockquote>\n<\/div>\n<\/div>\n<\/div>\n<\/div>\n<\/div>\n<\/section>\n<\/div>\n<\/div>\n<\/div>\n<\/div>\n<\/div>\n<\/section>\n<\/div>\n<\/div>\n<\/div>\n<\/div>\n<\/div>\n<\/section>\n<\/div>\n<p>&nbsp;<\/p>\n<div data-id=\"07cb5f0\" data-element_type=\"column\" data-e-type=\"column\">\n<section class=\"elementor-section elementor-inner-section elementor-element elementor-element-7f77536 elementor-section-content-top elementor-section-boxed elementor-section-height-default elementor-section-height-default\" data-id=\"7f77536\" data-element_type=\"section\" data-e-type=\"section\">\n<div class=\"elementor-container elementor-column-gap-default\">\n<div class=\"elementor-column elementor-col-50 elementor-inner-column elementor-element elementor-element-3fb9abc\" data-id=\"3fb9abc\" data-element_type=\"column\" data-e-type=\"column\">\n<div class=\"elementor-widget-wrap elementor-element-populated\">\n<div class=\"elementor-element elementor-element-3d1e001 elementor-widget elementor-widget-text-editor\" data-id=\"3d1e001\" data-element_type=\"widget\" data-e-type=\"widget\" data-widget_type=\"text-editor.default\">\n<div class=\"elementor-widget-container\">\n<section class=\"elementor-section elementor-inner-section elementor-element elementor-element-1eff3c6 elementor-section-content-top elementor-section-boxed elementor-section-height-default elementor-section-height-default\" data-id=\"1eff3c6\" data-element_type=\"section\" data-e-type=\"section\">\n<div class=\"elementor-container elementor-column-gap-default\">\n<div class=\"elementor-column elementor-col-50 elementor-inner-column elementor-element elementor-element-7a774a0\" data-id=\"7a774a0\" data-element_type=\"column\" data-e-type=\"column\">\n<div class=\"elementor-widget-wrap elementor-element-populated\">\n<div class=\"elementor-element elementor-element-02e2708 elementor-widget elementor-widget-text-editor\" data-id=\"02e2708\" data-element_type=\"widget\" data-e-type=\"widget\" data-widget_type=\"text-editor.default\">\n<div class=\"elementor-widget-container\">\n<section class=\"elementor-section elementor-inner-section elementor-element elementor-element-fae53d9 elementor-section-content-top elementor-section-boxed elementor-section-height-default elementor-section-height-default\" data-id=\"fae53d9\" data-element_type=\"section\" data-e-type=\"section\">\n<div class=\"elementor-container elementor-column-gap-default\">\n<div class=\"elementor-column elementor-col-50 elementor-inner-column elementor-element elementor-element-ba3dbad\" data-id=\"ba3dbad\" data-element_type=\"column\" data-e-type=\"column\">\n<div class=\"elementor-widget-wrap elementor-element-populated\">\n<div class=\"elementor-element elementor-element-b3ae21e elementor-widget elementor-widget-image\" data-id=\"b3ae21e\" data-element_type=\"widget\" data-e-type=\"widget\" data-widget_type=\"image.default\">\n<div class=\"elementor-widget-container\">\n<p style=\"text-align: justify;\"><span style=\"font-size: 14pt;\"><span dir=\"auto\">Esta intrusi\u00f3n del presente hist\u00f3rico en la obra<strong> ser\u00eda el origen del poder m\u00edtico de este drama<\/strong>, que reson\u00f3 hasta bien entrado el siglo XX. <\/span><\/span><\/p>\n<p style=\"text-align: justify;\"><span style=\"font-size: 14pt;\"><span dir=\"auto\">Incluso durante la guerra, <strong>Schmitt<\/strong> hab\u00eda descubierto la figura m\u00edtica, tan importante para \u00e9l, en la novela hom\u00f3nima de <strong>Herman Melville<\/strong>, <a href=\"https:\/\/es.wikipedia.org\/wiki\/Benito_Cereno_(novela)\" target=\"_blank\" rel=\"noopener\"><strong><em>Benito Cereno<\/em><\/strong><\/a>.<\/span><\/span><\/p>\n<\/div>\n<\/div>\n<\/div>\n<\/div>\n<\/div>\n<\/section>\n<\/div>\n<\/div>\n<\/div>\n<\/div>\n<\/div>\n<\/section>\n<\/div>\n<\/div>\n<\/div>\n<\/div>\n<\/div>\n<\/section>\n<\/div>\n<p>&nbsp;<\/p>\n<p><a href=\"https:\/\/es.wikipedia.org\/wiki\/Benito_Cereno_(novela)\" target=\"_blank\" rel=\"noopener\"><img loading=\"lazy\" decoding=\"async\" class=\"aligncenter wp-image-2322714\" src=\"https:\/\/puntocritico.com\/ausajpuntocritico\/wp-content\/uploads\/2026\/08\/Benito-Cereno.jpg\" alt=\"\" width=\"240\" height=\"371\" \/><\/a><\/p>\n<p>&nbsp;<\/p>\n<div data-id=\"07cb5f0\" data-element_type=\"column\" data-e-type=\"column\">\n<section class=\"elementor-section elementor-inner-section elementor-element elementor-element-7f77536 elementor-section-content-top elementor-section-boxed elementor-section-height-default elementor-section-height-default\" data-id=\"7f77536\" data-element_type=\"section\" data-e-type=\"section\">\n<div class=\"elementor-container elementor-column-gap-default\">\n<div class=\"elementor-column elementor-col-50 elementor-inner-column elementor-element elementor-element-3fb9abc\" data-id=\"3fb9abc\" data-element_type=\"column\" data-e-type=\"column\">\n<div class=\"elementor-widget-wrap elementor-element-populated\">\n<div class=\"elementor-element elementor-element-3d1e001 elementor-widget elementor-widget-text-editor\" data-id=\"3d1e001\" data-element_type=\"widget\" data-e-type=\"widget\" data-widget_type=\"text-editor.default\">\n<div class=\"elementor-widget-container\">\n<section class=\"elementor-section elementor-inner-section elementor-element elementor-element-1eff3c6 elementor-section-content-top elementor-section-boxed elementor-section-height-default elementor-section-height-default\" data-id=\"1eff3c6\" data-element_type=\"section\" data-e-type=\"section\">\n<div class=\"elementor-container elementor-column-gap-default\">\n<div class=\"elementor-column elementor-col-50 elementor-inner-column elementor-element elementor-element-7a774a0\" data-id=\"7a774a0\" data-element_type=\"column\" data-e-type=\"column\">\n<div class=\"elementor-widget-wrap elementor-element-populated\">\n<div class=\"elementor-element elementor-element-02e2708 elementor-widget elementor-widget-text-editor\" data-id=\"02e2708\" data-element_type=\"widget\" data-e-type=\"widget\" data-widget_type=\"text-editor.default\">\n<div class=\"elementor-widget-container\">\n<section class=\"elementor-section elementor-inner-section elementor-element elementor-element-fae53d9 elementor-section-content-top elementor-section-boxed elementor-section-height-default elementor-section-height-default\" data-id=\"fae53d9\" data-element_type=\"section\" data-e-type=\"section\">\n<div class=\"elementor-container elementor-column-gap-default\">\n<div class=\"elementor-column elementor-col-50 elementor-inner-column elementor-element elementor-element-ba3dbad\" data-id=\"ba3dbad\" data-element_type=\"column\" data-e-type=\"column\">\n<div class=\"elementor-widget-wrap elementor-element-populated\">\n<div class=\"elementor-element elementor-element-b3ae21e elementor-widget elementor-widget-image\" data-id=\"b3ae21e\" data-element_type=\"widget\" data-e-type=\"widget\" data-widget_type=\"image.default\">\n<div class=\"elementor-widget-container\">\n<p style=\"text-align: justify;\"><span style=\"font-size: 14pt;\"><span dir=\"auto\">Su <strong>fascinaci\u00f3n por estos personajes, enredados en situaciones desesperadas, causas perdidas y enga\u00f1os sin resolver<\/strong>, continu\u00f3 con el <em>anabaptista de M\u00fcnster<\/em>, <strong>Bockelson<\/strong>, el<em> poeta prusiano <\/em><strong>Heinrich von Kleist<\/strong>, y <strong>Kaspar Hauser<\/strong> y el <em>falso Demetrio<\/em>. <\/span><\/span><\/p>\n<p style=\"text-align: justify;\"><span style=\"font-size: 14pt;\"><span dir=\"auto\">Esto culmin\u00f3 en la <strong>autoimagen de Schmitt como un <em>Epimeteo cristiano<\/em><\/strong>, en el sentido de su amigo poeta <strong>Konrad <\/strong><strong>Weiss<\/strong>, <\/span><\/span><\/p>\n<blockquote>\n<p style=\"text-align: justify;\"><span style=\"color: #008000;\"><strong><span style=\"font-size: 14pt;\"><span dir=\"auto\">quien acepta el destino que le ha sido impuesto y se niega a reconsiderar sus pensamientos, pues no se puede cruzar el mismo r\u00edo dos veces.<\/span><\/span><\/strong><\/span><\/p>\n<\/blockquote>\n<p>&nbsp;<\/p>\n<p style=\"text-align: justify;\"><span style=\"font-size: 14pt;\"><span dir=\"auto\">Finalmente, <strong>esto tambi\u00e9n incluye la frase recurrente de L\u00e9on Bloy<\/strong>: <\/span><\/span><\/p>\n<blockquote>\n<p style=\"text-align: justify;\"><strong><span style=\"font-size: 14pt; color: #008000;\"><span dir=\"auto\">\u00ab<em>Todo lo que sucede es adorable<\/em>\u00bb.<\/span><\/span><\/strong><\/p>\n<\/blockquote>\n<p>&nbsp;<\/p>\n<p style=\"text-align: justify;\"><span style=\"font-size: 14pt;\"><span dir=\"auto\">Una de sus obras m\u00e1s influyentes, <strong>*<\/strong><\/span><strong><em><span dir=\"auto\">El concepto de lo pol\u00edtico*<\/span><\/em><\/strong><span dir=\"auto\">, no se hab\u00eda reeditado desde la d\u00e9cada de 1930. <\/span><\/span><\/p>\n<p style=\"text-align: justify;\"><span style=\"font-size: 14pt;\"><span dir=\"auto\">En particular, a instancias de <strong>Ernst-Wolfgang B\u00f6ckenf\u00f6rde<\/strong>, <strong>Schmitt<\/strong> decidi\u00f3 en 1963 <strong>publicar una nueva edici\u00f3n con varios corolarios y un extenso prefacio sobre historia constitucional,<\/strong> que tambi\u00e9n consideraba la historia de la interpretaci\u00f3n.<\/span><\/span><\/p>\n<\/div>\n<\/div>\n<\/div>\n<\/div>\n<\/div>\n<\/section>\n<\/div>\n<\/div>\n<\/div>\n<\/div>\n<\/div>\n<\/section>\n<\/div>\n<\/div>\n<\/div>\n<\/div>\n<\/div>\n<\/section>\n<\/div>\n<p>&nbsp;<\/p>\n<figure id=\"attachment_2322567\" aria-describedby=\"caption-attachment-2322567\" style=\"width: 440px\" class=\"wp-caption aligncenter\"><img loading=\"lazy\" decoding=\"async\" class=\"wp-image-2322567\" src=\"https:\/\/puntocritico.com\/ausajpuntocritico\/wp-content\/uploads\/2026\/08\/Carl-Schmitt-Postal-titulada-Francisco-Goya-Ataque-Partisano-2-de-mayo-de-1808-que-Carl-Schmitt-envio-con-motivo-de-la-teoria-del-partisano-300x197.jpeg\" alt=\"\" width=\"440\" height=\"289\" srcset=\"https:\/\/puntocritico.com\/ausajpuntocritico\/wp-content\/uploads\/2026\/08\/Carl-Schmitt-Postal-titulada-Francisco-Goya-Ataque-Partisano-2-de-mayo-de-1808-que-Carl-Schmitt-envio-con-motivo-de-la-teoria-del-partisano-300x197.jpeg 300w, https:\/\/puntocritico.com\/ausajpuntocritico\/wp-content\/uploads\/2026\/08\/Carl-Schmitt-Postal-titulada-Francisco-Goya-Ataque-Partisano-2-de-mayo-de-1808-que-Carl-Schmitt-envio-con-motivo-de-la-teoria-del-partisano.jpeg 767w\" sizes=\"auto, (max-width: 440px) 100vw, 440px\" \/><figcaption id=\"caption-attachment-2322567\" class=\"wp-caption-text\"><span style=\"color: #008000;\">Postal titulada \u201c<em><strong>Francisco Goya, Ataque Partisano, 2 de mayo de 1808<\/strong><\/em>\u201d <em>(Museo del Prado, Madrid<\/em>), que <strong>Carl Schmitt<\/strong> envi\u00f3 con motivo de la <em><strong>teor\u00eda del partisano<\/strong><\/em>.<\/span><\/figcaption><\/figure>\n<p>&nbsp;<\/p>\n<div data-id=\"07cb5f0\" data-element_type=\"column\" data-e-type=\"column\">\n<section class=\"elementor-section elementor-inner-section elementor-element elementor-element-7f77536 elementor-section-content-top elementor-section-boxed elementor-section-height-default elementor-section-height-default\" data-id=\"7f77536\" data-element_type=\"section\" data-e-type=\"section\">\n<div class=\"elementor-container elementor-column-gap-default\">\n<div class=\"elementor-column elementor-col-50 elementor-inner-column elementor-element elementor-element-3fb9abc\" data-id=\"3fb9abc\" data-element_type=\"column\" data-e-type=\"column\">\n<div class=\"elementor-widget-wrap elementor-element-populated\">\n<div class=\"elementor-element elementor-element-3d1e001 elementor-widget elementor-widget-text-editor\" data-id=\"3d1e001\" data-element_type=\"widget\" data-e-type=\"widget\" data-widget_type=\"text-editor.default\">\n<div class=\"elementor-widget-container\">\n<section class=\"elementor-section elementor-inner-section elementor-element elementor-element-1eff3c6 elementor-section-content-top elementor-section-boxed elementor-section-height-default elementor-section-height-default\" data-id=\"1eff3c6\" data-element_type=\"section\" data-e-type=\"section\">\n<div class=\"elementor-container elementor-column-gap-default\">\n<div class=\"elementor-column elementor-col-50 elementor-inner-column elementor-element elementor-element-7a774a0\" data-id=\"7a774a0\" data-element_type=\"column\" data-e-type=\"column\">\n<div class=\"elementor-widget-wrap elementor-element-populated\">\n<div class=\"elementor-element elementor-element-02e2708 elementor-widget elementor-widget-text-editor\" data-id=\"02e2708\" data-element_type=\"widget\" data-e-type=\"widget\" data-widget_type=\"text-editor.default\">\n<div class=\"elementor-widget-container\">\n<section class=\"elementor-section elementor-inner-section elementor-element elementor-element-fae53d9 elementor-section-content-top elementor-section-boxed elementor-section-height-default elementor-section-height-default\" data-id=\"fae53d9\" data-element_type=\"section\" data-e-type=\"section\">\n<div class=\"elementor-container elementor-column-gap-default\">\n<div class=\"elementor-column elementor-col-50 elementor-inner-column elementor-element elementor-element-ba3dbad\" data-id=\"ba3dbad\" data-element_type=\"column\" data-e-type=\"column\">\n<div class=\"elementor-widget-wrap elementor-element-populated\">\n<div class=\"elementor-element elementor-element-b3ae21e elementor-widget elementor-widget-image\" data-id=\"b3ae21e\" data-element_type=\"widget\" data-e-type=\"widget\" data-widget_type=\"image.default\">\n<div class=\"elementor-widget-container\">\n<p style=\"text-align: justify;\"><span style=\"font-size: 14pt;\"><span dir=\"auto\">Paralelamente a esta obra, public\u00f3 <strong>*<\/strong><\/span><strong><em><span dir=\"auto\">Teor\u00eda del partisano<\/span><\/em><span dir=\"auto\">:\u00a0<\/span><\/strong><em><span dir=\"auto\"><strong>Un interludio sobre el concepto de lo pol\u00edtico*<\/strong>.\u00a0<\/span><\/em><\/span><span style=\"font-size: 14pt;\"><span dir=\"auto\">En la guerra civil mundial que diagnostic\u00f3, <strong>la ley marcial cl\u00e1sica, con su distinci\u00f3n entre combatientes y no combatientes, hab\u00eda dejado de existir<\/strong>. <\/span><\/span><\/p>\n<p style=\"text-align: justify;\"><span style=\"font-size: 14pt;\"><span dir=\"auto\"><strong>Surgieron nuevos actores, como el <em>partisano<\/em><\/strong>, <\/span><\/span><\/p>\n<blockquote>\n<p style=\"text-align: justify;\"><span style=\"color: #008000;\"><strong><span style=\"font-size: 14pt;\"><span dir=\"auto\">quien, por un lado, estaba vinculado tel\u00faricamente al territorio que deb\u00eda defender y a terceros interesados \u200b\u200ben obtener apoyo, pero, por otro lado, ya no se ajustaba a la estructura dualista de la <em>Guerra Fr\u00eda<\/em> dentro del movimiento anticolonialista y, por lo tanto, actuaba en el contexto de la pol\u00edtica global.<\/span><\/span><\/strong><\/span><\/p>\n<\/blockquote>\n<p>&nbsp;<\/p>\n<p style=\"text-align: justify;\"><span style=\"font-size: 14pt;\"><span dir=\"auto\">Al mismo tiempo, <strong>Schmitt analiz\u00f3 los cambios en el concepto de enemigo, que, debido al gran potencial destructivo de las armas modernas, deben conducir a un nuevo concepto de enemigo<\/strong>: <\/span><\/span><\/p>\n<blockquote>\n<p style=\"text-align: justify;\"><strong><span style=\"font-size: 14pt; color: #008000;\"><span dir=\"auto\">los medios absolutos de destrucci\u00f3n requieren un enemigo absoluto para poder ser utilizados.<\/span><\/span><\/strong><\/p>\n<\/blockquote>\n<\/div>\n<\/div>\n<\/div>\n<\/div>\n<\/div>\n<\/section>\n<\/div>\n<\/div>\n<\/div>\n<\/div>\n<\/div>\n<\/section>\n<\/div>\n<\/div>\n<\/div>\n<\/div>\n<\/div>\n<\/section>\n<\/div>\n<p>&nbsp;<\/p>\n<p><img loading=\"lazy\" decoding=\"async\" class=\"aligncenter wp-image-2322661\" src=\"https:\/\/puntocritico.com\/ausajpuntocritico\/wp-content\/uploads\/2026\/08\/amigo-enemigo-dilema-300x211.jpg\" alt=\"\" width=\"400\" height=\"281\" srcset=\"https:\/\/puntocritico.com\/ausajpuntocritico\/wp-content\/uploads\/2026\/08\/amigo-enemigo-dilema-300x211.jpg 300w, https:\/\/puntocritico.com\/ausajpuntocritico\/wp-content\/uploads\/2026\/08\/amigo-enemigo-dilema.jpg 450w\" sizes=\"auto, (max-width: 400px) 100vw, 400px\" \/><\/p>\n<p>&nbsp;<\/p>\n<div data-id=\"07cb5f0\" data-element_type=\"column\" data-e-type=\"column\">\n<section class=\"elementor-section elementor-inner-section elementor-element elementor-element-7f77536 elementor-section-content-top elementor-section-boxed elementor-section-height-default elementor-section-height-default\" data-id=\"7f77536\" data-element_type=\"section\" data-e-type=\"section\">\n<div class=\"elementor-container elementor-column-gap-default\">\n<div class=\"elementor-column elementor-col-50 elementor-inner-column elementor-element elementor-element-3fb9abc\" data-id=\"3fb9abc\" data-element_type=\"column\" data-e-type=\"column\">\n<div class=\"elementor-widget-wrap elementor-element-populated\">\n<div class=\"elementor-element elementor-element-3d1e001 elementor-widget elementor-widget-text-editor\" data-id=\"3d1e001\" data-element_type=\"widget\" data-e-type=\"widget\" data-widget_type=\"text-editor.default\">\n<div class=\"elementor-widget-container\">\n<section class=\"elementor-section elementor-inner-section elementor-element elementor-element-1eff3c6 elementor-section-content-top elementor-section-boxed elementor-section-height-default elementor-section-height-default\" data-id=\"1eff3c6\" data-element_type=\"section\" data-e-type=\"section\">\n<div class=\"elementor-container elementor-column-gap-default\">\n<div class=\"elementor-column elementor-col-50 elementor-inner-column elementor-element elementor-element-7a774a0\" data-id=\"7a774a0\" data-element_type=\"column\" data-e-type=\"column\">\n<div class=\"elementor-widget-wrap elementor-element-populated\">\n<div class=\"elementor-element elementor-element-02e2708 elementor-widget elementor-widget-text-editor\" data-id=\"02e2708\" data-element_type=\"widget\" data-e-type=\"widget\" data-widget_type=\"text-editor.default\">\n<div class=\"elementor-widget-container\">\n<section class=\"elementor-section elementor-inner-section elementor-element elementor-element-fae53d9 elementor-section-content-top elementor-section-boxed elementor-section-height-default elementor-section-height-default\" data-id=\"fae53d9\" data-element_type=\"section\" data-e-type=\"section\">\n<div class=\"elementor-container elementor-column-gap-default\">\n<div class=\"elementor-column elementor-col-50 elementor-inner-column elementor-element elementor-element-ba3dbad\" data-id=\"ba3dbad\" data-element_type=\"column\" data-e-type=\"column\">\n<div class=\"elementor-widget-wrap elementor-element-populated\">\n<div class=\"elementor-element elementor-element-b3ae21e elementor-widget elementor-widget-image\" data-id=\"b3ae21e\" data-element_type=\"widget\" data-e-type=\"widget\" data-widget_type=\"image.default\">\n<div class=\"elementor-widget-container\">\n<p style=\"text-align: justify;\"><span style=\"font-size: 14pt;\">Sobre el tema de los <em><strong>partisanos<\/strong><\/em>, <strong>Schmitt<\/strong> concedi\u00f3 una <strong>entrevista radiof\u00f3nica<\/strong> al <em>sin\u00f3logo, mao\u00edsta y periodista <\/em><strong>Joachim Schickel<\/strong>, a la que sigui\u00f3 otra sobre <strong>Hugo Ball<\/strong>. <\/span><\/p>\n<p style=\"text-align: justify;\"><span style=\"font-size: 14pt;\">Esta segunda entrevista abarc\u00f3 no solo la obra de <strong>Ball<\/strong>, sino tambi\u00e9n la \u00e9poca de <em>Weimar<\/em>, la teolog\u00eda pol\u00edtica y <strong>Erik <\/strong><strong>Peterson<\/strong>. <\/span><\/p>\n<p style=\"text-align: justify;\"><span style=\"font-size: 14pt;\">El punto culminante de esta exposici\u00f3n medi\u00e1tica fue la<strong> entrevista televisiva<\/strong> \u00ab<strong><em>\u00bfPuede salvarse a\u00fan el parlamentarismo? Carl Schmitt y la crisis de la democracia<\/em><\/strong>\u00ab, grabada en junio de 1970, con <strong>R\u00fcdiger Altmann<\/strong> y el activista de 1968 <strong>Jens Litten<\/strong>. <\/span><\/p>\n<p style=\"text-align: justify;\"><span style=\"font-size: 14pt;\">En esta entrevista, el abogado constitucionalista <strong>Schmitt<\/strong> manej\u00f3 con aplomo a los entrevistadores y dirigi\u00f3 la conversaci\u00f3n.<\/span><\/p>\n<\/div>\n<\/div>\n<\/div>\n<\/div>\n<\/div>\n<\/section>\n<\/div>\n<\/div>\n<\/div>\n<\/div>\n<\/div>\n<\/section>\n<\/div>\n<\/div>\n<\/div>\n<\/div>\n<\/div>\n<\/section>\n<\/div>\n<p>&nbsp;<\/p>\n<figure id=\"attachment_2322568\" aria-describedby=\"caption-attachment-2322568\" style=\"width: 440px\" class=\"wp-caption aligncenter\"><img loading=\"lazy\" decoding=\"async\" class=\"wp-image-2322568\" src=\"https:\/\/puntocritico.com\/ausajpuntocritico\/wp-content\/uploads\/2026\/08\/Entrevista-televisiva-con-Carl-Schmitt-1970-300x270.png\" alt=\"\" width=\"440\" height=\"396\" srcset=\"https:\/\/puntocritico.com\/ausajpuntocritico\/wp-content\/uploads\/2026\/08\/Entrevista-televisiva-con-Carl-Schmitt-1970-300x270.png 300w, https:\/\/puntocritico.com\/ausajpuntocritico\/wp-content\/uploads\/2026\/08\/Entrevista-televisiva-con-Carl-Schmitt-1970.png 578w\" sizes=\"auto, (max-width: 440px) 100vw, 440px\" \/><figcaption id=\"caption-attachment-2322568\" class=\"wp-caption-text\"><span style=\"color: #008000;\"><strong>Entrevista televisiva con Carl Schmitt<\/strong> \u201c<em><strong>\u00bfA\u00fan se puede salvar el parlamentarismo? Carl Schmitt y la crisis de la democracia<\/strong><\/em>\u201d, con <strong>R\u00fcdiger Altmann <\/strong>y <strong>Jens Litten<\/strong> en junio de 1970.<\/span><\/figcaption><\/figure>\n<p>&nbsp;<\/p>\n<div data-id=\"07cb5f0\" data-element_type=\"column\" data-e-type=\"column\">\n<section class=\"elementor-section elementor-inner-section elementor-element elementor-element-7f77536 elementor-section-content-top elementor-section-boxed elementor-section-height-default elementor-section-height-default\" data-id=\"7f77536\" data-element_type=\"section\" data-e-type=\"section\">\n<div class=\"elementor-container elementor-column-gap-default\">\n<div class=\"elementor-column elementor-col-50 elementor-inner-column elementor-element elementor-element-3fb9abc\" data-id=\"3fb9abc\" data-element_type=\"column\" data-e-type=\"column\">\n<div class=\"elementor-widget-wrap elementor-element-populated\">\n<div class=\"elementor-element elementor-element-3d1e001 elementor-widget elementor-widget-text-editor\" data-id=\"3d1e001\" data-element_type=\"widget\" data-e-type=\"widget\" data-widget_type=\"text-editor.default\">\n<div class=\"elementor-widget-container\">\n<section class=\"elementor-section elementor-inner-section elementor-element elementor-element-1eff3c6 elementor-section-content-top elementor-section-boxed elementor-section-height-default elementor-section-height-default\" data-id=\"1eff3c6\" data-element_type=\"section\" data-e-type=\"section\">\n<div class=\"elementor-container elementor-column-gap-default\">\n<div class=\"elementor-column elementor-col-50 elementor-inner-column elementor-element elementor-element-7a774a0\" data-id=\"7a774a0\" data-element_type=\"column\" data-e-type=\"column\">\n<div class=\"elementor-widget-wrap elementor-element-populated\">\n<div class=\"elementor-element elementor-element-02e2708 elementor-widget elementor-widget-text-editor\" data-id=\"02e2708\" data-element_type=\"widget\" data-e-type=\"widget\" data-widget_type=\"text-editor.default\">\n<div class=\"elementor-widget-container\">\n<section class=\"elementor-section elementor-inner-section elementor-element elementor-element-fae53d9 elementor-section-content-top elementor-section-boxed elementor-section-height-default elementor-section-height-default\" data-id=\"fae53d9\" data-element_type=\"section\" data-e-type=\"section\">\n<div class=\"elementor-container elementor-column-gap-default\">\n<div class=\"elementor-column elementor-col-50 elementor-inner-column elementor-element elementor-element-ba3dbad\" data-id=\"ba3dbad\" data-element_type=\"column\" data-e-type=\"column\">\n<div class=\"elementor-widget-wrap elementor-element-populated\">\n<div class=\"elementor-element elementor-element-b3ae21e elementor-widget elementor-widget-image\" data-id=\"b3ae21e\" data-element_type=\"widget\" data-e-type=\"widget\" data-widget_type=\"image.default\">\n<div class=\"elementor-widget-container\">\n<p style=\"text-align: justify;\"><span style=\"font-size: 14pt;\">Simult\u00e1neamente, el *<em>Deutsches Allgemeines Sonntagsblatt<\/em>* public\u00f3 un reportaje sobre una conversaci\u00f3n en la que <strong>Litten<\/strong> resumi\u00f3 las declaraciones de <strong>Schmitt<\/strong> de que <strong>el conservadurismo estaba obsoleto y ya no ten\u00eda cabida en la sociedad<\/strong>. <\/span><\/p>\n<p style=\"text-align: justify;\"><span style=\"font-size: 14pt;\">Ahora bien, amigos de toda la vida y otros m\u00e1s j\u00f3venes, como <strong>Barion<\/strong>, <strong>Forsthoff<\/strong>, <strong>Krauss<\/strong>, <strong>Armin <\/strong><strong>Mohler<\/strong> y otros, <strong>ve\u00edan a Carl Schmitt en las garras de la<\/strong> <em><strong>Nueva Izquierda<\/strong><\/em>, <\/span><\/p>\n<blockquote>\n<p style=\"text-align: justify;\"><span style=\"color: #008000;\"><strong><span style=\"font-size: 14pt;\">pero esto no le interesaba mucho dada su visi\u00f3n de la cambiante situaci\u00f3n actual.<\/span><\/strong><\/span><\/p>\n<\/blockquote>\n<p>&nbsp;<\/p>\n<\/div>\n<\/div>\n<\/div>\n<\/div>\n<\/div>\n<\/section>\n<\/div>\n<\/div>\n<\/div>\n<\/div>\n<\/div>\n<\/section>\n<\/div>\n<\/div>\n<\/div>\n<\/div>\n<\/div>\n<\/section>\n<\/div>\n<p>&nbsp;<\/p>\n<figure id=\"attachment_2322573\" aria-describedby=\"caption-attachment-2322573\" style=\"width: 440px\" class=\"wp-caption aligncenter\"><img loading=\"lazy\" decoding=\"async\" class=\"wp-image-2322573\" src=\"https:\/\/puntocritico.com\/ausajpuntocritico\/wp-content\/uploads\/2026\/08\/Ernst-Junger-y-Carl-Schmitt-en-Plettenberg-Pasel-agosto-de-1974-300x210.png\" alt=\"\" width=\"440\" height=\"307\" srcset=\"https:\/\/puntocritico.com\/ausajpuntocritico\/wp-content\/uploads\/2026\/08\/Ernst-Junger-y-Carl-Schmitt-en-Plettenberg-Pasel-agosto-de-1974-300x210.png 300w, https:\/\/puntocritico.com\/ausajpuntocritico\/wp-content\/uploads\/2026\/08\/Ernst-Junger-y-Carl-Schmitt-en-Plettenberg-Pasel-agosto-de-1974-1024x715.png 1024w, https:\/\/puntocritico.com\/ausajpuntocritico\/wp-content\/uploads\/2026\/08\/Ernst-Junger-y-Carl-Schmitt-en-Plettenberg-Pasel-agosto-de-1974-768x537.png 768w, https:\/\/puntocritico.com\/ausajpuntocritico\/wp-content\/uploads\/2026\/08\/Ernst-Junger-y-Carl-Schmitt-en-Plettenberg-Pasel-agosto-de-1974-1320x922.png 1320w, https:\/\/puntocritico.com\/ausajpuntocritico\/wp-content\/uploads\/2026\/08\/Ernst-Junger-y-Carl-Schmitt-en-Plettenberg-Pasel-agosto-de-1974.png 1536w\" sizes=\"auto, (max-width: 440px) 100vw, 440px\" \/><figcaption id=\"caption-attachment-2322573\" class=\"wp-caption-text\"><span style=\"color: #008000;\"><strong>Ernst J\u00fcnger<\/strong> y <strong>Carl Schmitt<\/strong> en <em>Plettenberg<\/em>&#8211;<em>Pasel<\/em>. agosto de 1974<\/span><\/figcaption><\/figure>\n<p>&nbsp;<\/p>\n<div data-id=\"07cb5f0\" data-element_type=\"column\" data-e-type=\"column\">\n<section class=\"elementor-section elementor-inner-section elementor-element elementor-element-7f77536 elementor-section-content-top elementor-section-boxed elementor-section-height-default elementor-section-height-default\" data-id=\"7f77536\" data-element_type=\"section\" data-e-type=\"section\">\n<div class=\"elementor-container elementor-column-gap-default\">\n<div class=\"elementor-column elementor-col-50 elementor-inner-column elementor-element elementor-element-3fb9abc\" data-id=\"3fb9abc\" data-element_type=\"column\" data-e-type=\"column\">\n<div class=\"elementor-widget-wrap elementor-element-populated\">\n<div class=\"elementor-element elementor-element-3d1e001 elementor-widget elementor-widget-text-editor\" data-id=\"3d1e001\" data-element_type=\"widget\" data-e-type=\"widget\" data-widget_type=\"text-editor.default\">\n<div class=\"elementor-widget-container\">\n<section class=\"elementor-section elementor-inner-section elementor-element elementor-element-1eff3c6 elementor-section-content-top elementor-section-boxed elementor-section-height-default elementor-section-height-default\" data-id=\"1eff3c6\" data-element_type=\"section\" data-e-type=\"section\">\n<div class=\"elementor-container elementor-column-gap-default\">\n<div class=\"elementor-column elementor-col-50 elementor-inner-column elementor-element elementor-element-7a774a0\" data-id=\"7a774a0\" data-element_type=\"column\" data-e-type=\"column\">\n<div class=\"elementor-widget-wrap elementor-element-populated\">\n<div class=\"elementor-element elementor-element-02e2708 elementor-widget elementor-widget-text-editor\" data-id=\"02e2708\" data-element_type=\"widget\" data-e-type=\"widget\" data-widget_type=\"text-editor.default\">\n<div class=\"elementor-widget-container\">\n<section class=\"elementor-section elementor-inner-section elementor-element elementor-element-fae53d9 elementor-section-content-top elementor-section-boxed elementor-section-height-default elementor-section-height-default\" data-id=\"fae53d9\" data-element_type=\"section\" data-e-type=\"section\">\n<div class=\"elementor-container elementor-column-gap-default\">\n<div class=\"elementor-column elementor-col-50 elementor-inner-column elementor-element elementor-element-ba3dbad\" data-id=\"ba3dbad\" data-element_type=\"column\" data-e-type=\"column\">\n<div class=\"elementor-widget-wrap elementor-element-populated\">\n<div class=\"elementor-element elementor-element-b3ae21e elementor-widget elementor-widget-image\" data-id=\"b3ae21e\" data-element_type=\"widget\" data-e-type=\"widget\" data-widget_type=\"image.default\">\n<div class=\"elementor-widget-container\">\n<h3 style=\"text-align: center;\"><span dir=\"auto\" style=\"font-size: 18pt;\">Las \u00faltimas d\u00e9cadas en Plettenberg \u2013 Pasel (1970 \u2013 1985)<\/span><\/h3>\n<p style=\"text-align: justify;\"><span dir=\"auto\" style=\"font-size: 14pt;\">Desde el oto\u00f1o de 1970 hasta su muerte,<strong> Carl Schmitt<\/strong> vivi\u00f3 en un bungalow de una sola planta en el pueblo de <em>Pasel<\/em>, a 10 kil\u00f3metros de su anterior residencia en <em>Brockhauser Weg 10, en Plettenberg-Eiringhausen<\/em>. <\/span><\/p>\n<p style=\"text-align: justify;\"><span dir=\"auto\" style=\"font-size: 14pt;\">La casa fue construida por <em>su ama de llaves<\/em>, <strong>Anni Stand<\/strong>, con la ayuda de su amigo, el arquitecto <strong>de Vries<\/strong>, y el apoyo de otros amigos. <\/span><\/p>\n<p style=\"text-align: justify;\"><span dir=\"auto\" style=\"font-size: 14pt;\"><strong>Este nuevo hogar se adapt\u00f3 perfectamente a las necesidades del erudito, que ten\u00eda m\u00e1s de ochenta a\u00f1os<\/strong>: un amplio sal\u00f3n con una pared de ventanas proporcionaba luz natural y estaba amueblado con tres estanter\u00edas, un escritorio alto y un escritorio de escritura, adem\u00e1s de un piano, donado por <strong>Johannes Gross<\/strong>, que sustituy\u00f3 al piano de cola de la antigua sala de m\u00fasica.<\/span><\/p>\n<\/div>\n<\/div>\n<\/div>\n<\/div>\n<\/div>\n<\/section>\n<\/div>\n<\/div>\n<\/div>\n<\/div>\n<\/div>\n<\/section>\n<\/div>\n<\/div>\n<\/div>\n<\/div>\n<\/div>\n<\/section>\n<\/div>\n<p>&nbsp;<\/p>\n<figure id=\"attachment_2322569\" aria-describedby=\"caption-attachment-2322569\" style=\"width: 440px\" class=\"wp-caption aligncenter\"><img loading=\"lazy\" decoding=\"async\" class=\"wp-image-2322569\" src=\"https:\/\/puntocritico.com\/ausajpuntocritico\/wp-content\/uploads\/2026\/08\/Bungalow-San-Casciano-en-Plettenberg-Pasel-Carl-Schmitt-300x203.png\" alt=\"\" width=\"440\" height=\"298\" srcset=\"https:\/\/puntocritico.com\/ausajpuntocritico\/wp-content\/uploads\/2026\/08\/Bungalow-San-Casciano-en-Plettenberg-Pasel-Carl-Schmitt-300x203.png 300w, https:\/\/puntocritico.com\/ausajpuntocritico\/wp-content\/uploads\/2026\/08\/Bungalow-San-Casciano-en-Plettenberg-Pasel-Carl-Schmitt-1024x693.png 1024w, https:\/\/puntocritico.com\/ausajpuntocritico\/wp-content\/uploads\/2026\/08\/Bungalow-San-Casciano-en-Plettenberg-Pasel-Carl-Schmitt-768x520.png 768w, https:\/\/puntocritico.com\/ausajpuntocritico\/wp-content\/uploads\/2026\/08\/Bungalow-San-Casciano-en-Plettenberg-Pasel-Carl-Schmitt-1320x894.png 1320w, https:\/\/puntocritico.com\/ausajpuntocritico\/wp-content\/uploads\/2026\/08\/Bungalow-San-Casciano-en-Plettenberg-Pasel-Carl-Schmitt.png 1344w\" sizes=\"auto, (max-width: 440px) 100vw, 440px\" \/><figcaption id=\"caption-attachment-2322569\" class=\"wp-caption-text\"><span style=\"color: #008000;\">Bungalow &#8216;San Casciano&#8217; en Plettenberg-Pasel<\/span><\/figcaption><\/figure>\n<p>&nbsp;<\/p>\n<div data-id=\"07cb5f0\" data-element_type=\"column\" data-e-type=\"column\">\n<section class=\"elementor-section elementor-inner-section elementor-element elementor-element-7f77536 elementor-section-content-top elementor-section-boxed elementor-section-height-default elementor-section-height-default\" data-id=\"7f77536\" data-element_type=\"section\" data-e-type=\"section\">\n<div class=\"elementor-container elementor-column-gap-default\">\n<div class=\"elementor-column elementor-col-50 elementor-inner-column elementor-element elementor-element-3fb9abc\" data-id=\"3fb9abc\" data-element_type=\"column\" data-e-type=\"column\">\n<div class=\"elementor-widget-wrap elementor-element-populated\">\n<div class=\"elementor-element elementor-element-3d1e001 elementor-widget elementor-widget-text-editor\" data-id=\"3d1e001\" data-element_type=\"widget\" data-e-type=\"widget\" data-widget_type=\"text-editor.default\">\n<div class=\"elementor-widget-container\">\n<section class=\"elementor-section elementor-inner-section elementor-element elementor-element-1eff3c6 elementor-section-content-top elementor-section-boxed elementor-section-height-default elementor-section-height-default\" data-id=\"1eff3c6\" data-element_type=\"section\" data-e-type=\"section\">\n<div class=\"elementor-container elementor-column-gap-default\">\n<div class=\"elementor-column elementor-col-50 elementor-inner-column elementor-element elementor-element-7a774a0\" data-id=\"7a774a0\" data-element_type=\"column\" data-e-type=\"column\">\n<div class=\"elementor-widget-wrap elementor-element-populated\">\n<div class=\"elementor-element elementor-element-02e2708 elementor-widget elementor-widget-text-editor\" data-id=\"02e2708\" data-element_type=\"widget\" data-e-type=\"widget\" data-widget_type=\"text-editor.default\">\n<div class=\"elementor-widget-container\">\n<section class=\"elementor-section elementor-inner-section elementor-element elementor-element-fae53d9 elementor-section-content-top elementor-section-boxed elementor-section-height-default elementor-section-height-default\" data-id=\"fae53d9\" data-element_type=\"section\" data-e-type=\"section\">\n<div class=\"elementor-container elementor-column-gap-default\">\n<div class=\"elementor-column elementor-col-50 elementor-inner-column elementor-element elementor-element-ba3dbad\" data-id=\"ba3dbad\" data-element_type=\"column\" data-e-type=\"column\">\n<div class=\"elementor-widget-wrap elementor-element-populated\">\n<div class=\"elementor-element elementor-element-b3ae21e elementor-widget elementor-widget-image\" data-id=\"b3ae21e\" data-element_type=\"widget\" data-e-type=\"widget\" data-widget_type=\"image.default\">\n<div class=\"elementor-widget-container\">\n<p style=\"text-align: justify;\"><span dir=\"auto\" style=\"font-size: 14pt;\">El herrero del pueblo coloc\u00f3 el nombre \u00ab<em><strong>San Casciano<\/strong><\/em>\u00bb en letras met\u00e1licas en la fachada trasera de la casa, que da al peque\u00f1o jard\u00edn y a los prados de <em>Lenne<\/em>, <strong>en recuerdo del lugar de exilio de<\/strong> <a href=\"https:\/\/puntocritico.com\/ausajpuntocritico\/tag\/maquiavelo\/\" target=\"_blank\" rel=\"noopener\"><strong>Maquiavelo<\/strong><\/a> en la <em>Toscana<\/em>.<\/span><\/p>\n<p style=\"text-align: justify;\"><span dir=\"auto\" style=\"font-size: 14pt;\">Como ya hab\u00eda hecho en <em>Eiringhausen<\/em>, <strong>esperaba con impaciencia el correo diario, que reflejaba cada vez m\u00e1s la acogida internacional de su obra, sobre todo en Italia, Espa\u00f1a, Francia y Estados Unidos<\/strong>. <\/span><\/p>\n<p style=\"text-align: justify;\"><span dir=\"auto\" style=\"font-size: 14pt;\"><strong>Varias de sus obras m\u00e1s importantes hab\u00edan sido traducidas gracias al trabajo de expertos<\/strong>: <\/span><\/p>\n<blockquote>\n<p style=\"text-align: justify;\"><span style=\"color: #008000;\"><strong><span dir=\"auto\" style=\"font-size: 14pt;\">en <em>Francia<\/em> por Julien Freund y Andr\u00e9 Doremus, en <em>Espa\u00f1a<\/em> por Javier Conde y Francisco Ayala, en <em>Italia<\/em> por Francesco Mercadante, Antonio Caracciolo y Pierangelo Schiera, y en<em> Estados Unidos<\/em> por George Schwab y Gary Ulmen.<\/span><\/strong><\/span><\/p>\n<\/blockquote>\n<p>&nbsp;<\/p>\n<p style=\"text-align: justify;\"><span dir=\"auto\" style=\"font-size: 14pt;\">Los <strong>viajes anuales a Espa\u00f1a<\/strong>, al seminario de verano de su alumno <strong>Forsthoff<\/strong> en <em>Ebrach<\/em> y otras visitas a amigos y familiares <strong>ya no eran posibles<\/strong>. <\/span><\/p>\n<p style=\"text-align: justify;\"><span dir=\"auto\" style=\"font-size: 14pt;\">Su \u00faltima visita a <em>Santiago de Compostela<\/em> fue en 1968, con motivo de su <strong>80 cumplea\u00f1os<\/strong>, en una celebraci\u00f3n acad\u00e9mica donde su alumno <strong>Forsthoff<\/strong> pronunci\u00f3 el discurso principal. <\/span><\/p>\n<p style=\"text-align: justify;\"><span dir=\"auto\" style=\"font-size: 14pt;\">En octubre del a\u00f1o siguiente,<strong> Carl Schmitt<\/strong> recibi\u00f3 el volumen en homenaje a la \u00ab<em>Epirrosis<\/em>\u00bb en dos tomos en el<em> Club Rhein-Ruhr de D\u00fcsseldorf<\/em>. <\/span><\/p>\n<p style=\"text-align: justify;\"><span dir=\"auto\" style=\"font-size: 14pt;\"><strong>Este homenaje sigui\u00f3 a un primer volumen en 1953, que nunca se public\u00f3, y a un segundo volumen que apareci\u00f3 con un a\u00f1o de retraso, en 1958<\/strong>, y que caus\u00f3 de inmediato una considerable consternaci\u00f3n en la comunidad acad\u00e9mica. <\/span><\/p>\n<p style=\"text-align: justify;\"><span dir=\"auto\" style=\"font-size: 14pt;\">Desde entonces, <strong>han circulado rituales de delimitaci\u00f3n estandarizados, y las disertaciones sobre la obra e influencia del acad\u00e9mico han explorado la polarizaci\u00f3n de su recepci\u00f3n entre el ocasionalista y el te\u00f3rico de las crisis del siglo XX.<\/strong><\/span><\/p>\n<p style=\"text-align: justify;\"><span style=\"font-size: 14pt;\"><span dir=\"auto\">El <strong>Concilio Vaticano II<\/strong> suscit\u00f3 reacciones diversas en el c\u00edrculo de <strong>Schmitt<\/strong>. <\/span><\/span><\/p>\n<p style=\"text-align: justify;\"><span style=\"font-size: 14pt;\"><span dir=\"auto\"><strong>Barion<\/strong> lo interpret\u00f3 como una \u00ab<em>concesi\u00f3n humanista<\/em>\u00bb a la <em>Iglesia<\/em>, mientras que <strong>Ernst-Wolfgang B\u00f6ckenf\u00f6rde<\/strong> lo consider\u00f3 <strong>un avance positivo hacia el reconocimiento de la libertad religiosa<\/strong>. <\/span><\/span><\/p>\n<p style=\"text-align: justify;\"><span style=\"font-size: 14pt;\"><span dir=\"auto\">Fue en el contexto de este debate que\u00a0<\/span><em><span dir=\"auto\">surgi\u00f3 la \u00faltima obra de <strong>Carl Schmitt<\/strong>,<strong> *Teolog\u00eda Pol\u00edtica II: La leyenda de la obsolescencia de toda teolog\u00eda pol\u00edtica<\/strong>*.<\/span><\/em><\/span><\/p>\n<\/div>\n<\/div>\n<\/div>\n<\/div>\n<\/div>\n<\/section>\n<\/div>\n<\/div>\n<\/div>\n<\/div>\n<\/div>\n<\/section>\n<\/div>\n<\/div>\n<\/div>\n<\/div>\n<\/div>\n<\/section>\n<\/div>\n<p>&nbsp;<\/p>\n<figure id=\"attachment_2322571\" aria-describedby=\"caption-attachment-2322571\" style=\"width: 260px\" class=\"wp-caption aligncenter\"><img loading=\"lazy\" decoding=\"async\" class=\"wp-image-2322571\" src=\"https:\/\/puntocritico.com\/ausajpuntocritico\/wp-content\/uploads\/2026\/08\/El-canonista-catolico-Hans-Barion-227x300.png\" alt=\"\" width=\"260\" height=\"343\" srcset=\"https:\/\/puntocritico.com\/ausajpuntocritico\/wp-content\/uploads\/2026\/08\/El-canonista-catolico-Hans-Barion-227x300.png 227w, https:\/\/puntocritico.com\/ausajpuntocritico\/wp-content\/uploads\/2026\/08\/El-canonista-catolico-Hans-Barion.png 470w\" sizes=\"auto, (max-width: 260px) 100vw, 260px\" \/><figcaption id=\"caption-attachment-2322571\" class=\"wp-caption-text\"><span style=\"color: #008000;\">El canonista cat\u00f3lico <strong>Hans Barion<\/strong> (1899-1973), principios de la d\u00e9cada de 1970.<\/span><\/figcaption><\/figure>\n<p>&nbsp;<\/p>\n<div data-id=\"07cb5f0\" data-element_type=\"column\" data-e-type=\"column\">\n<section class=\"elementor-section elementor-inner-section elementor-element elementor-element-7f77536 elementor-section-content-top elementor-section-boxed elementor-section-height-default elementor-section-height-default\" data-id=\"7f77536\" data-element_type=\"section\" data-e-type=\"section\">\n<div class=\"elementor-container elementor-column-gap-default\">\n<div class=\"elementor-column elementor-col-50 elementor-inner-column elementor-element elementor-element-3fb9abc\" data-id=\"3fb9abc\" data-element_type=\"column\" data-e-type=\"column\">\n<div class=\"elementor-widget-wrap elementor-element-populated\">\n<div class=\"elementor-element elementor-element-3d1e001 elementor-widget elementor-widget-text-editor\" data-id=\"3d1e001\" data-element_type=\"widget\" data-e-type=\"widget\" data-widget_type=\"text-editor.default\">\n<div class=\"elementor-widget-container\">\n<section class=\"elementor-section elementor-inner-section elementor-element elementor-element-1eff3c6 elementor-section-content-top elementor-section-boxed elementor-section-height-default elementor-section-height-default\" data-id=\"1eff3c6\" data-element_type=\"section\" data-e-type=\"section\">\n<div class=\"elementor-container elementor-column-gap-default\">\n<div class=\"elementor-column elementor-col-50 elementor-inner-column elementor-element elementor-element-7a774a0\" data-id=\"7a774a0\" data-element_type=\"column\" data-e-type=\"column\">\n<div class=\"elementor-widget-wrap elementor-element-populated\">\n<div class=\"elementor-element elementor-element-02e2708 elementor-widget elementor-widget-text-editor\" data-id=\"02e2708\" data-element_type=\"widget\" data-e-type=\"widget\" data-widget_type=\"text-editor.default\">\n<div class=\"elementor-widget-container\">\n<section class=\"elementor-section elementor-inner-section elementor-element elementor-element-fae53d9 elementor-section-content-top elementor-section-boxed elementor-section-height-default elementor-section-height-default\" data-id=\"fae53d9\" data-element_type=\"section\" data-e-type=\"section\">\n<div class=\"elementor-container elementor-column-gap-default\">\n<div class=\"elementor-column elementor-col-50 elementor-inner-column elementor-element elementor-element-ba3dbad\" data-id=\"ba3dbad\" data-element_type=\"column\" data-e-type=\"column\">\n<div class=\"elementor-widget-wrap elementor-element-populated\">\n<div class=\"elementor-element elementor-element-b3ae21e elementor-widget elementor-widget-image\" data-id=\"b3ae21e\" data-element_type=\"widget\" data-e-type=\"widget\" data-widget_type=\"image.default\">\n<div class=\"elementor-widget-container\">\n<p style=\"text-align: justify;\"><span style=\"font-size: 14pt;\"><span dir=\"auto\">En ella, <strong>refut\u00f3 la cr\u00edtica a la teolog\u00eda pol\u00edtica formulada por<\/strong> su viejo amigo de <em>Bonn, <\/em><strong>Erik Peterson<\/strong>, como producto de la teolog\u00eda protestante de la crisis, <strong>con su ficci\u00f3n de la separaci\u00f3n entre religi\u00f3n y pol\u00edtica<\/strong>. <\/span><\/span><\/p>\n<p style=\"text-align: justify;\"><span style=\"font-size: 14pt;\"><span dir=\"auto\">Asimismo, critic\u00f3 la postura de <strong>Barion<\/strong> sobre la <strong><em>doctrina de los dos reinos<\/em><\/strong>, <\/span><\/span><\/p>\n<blockquote>\n<p style=\"text-align: justify;\"><strong><span style=\"font-size: 14pt; color: #008000;\"><span dir=\"auto\">que contrast\u00f3 con la \u00ab<em>res mixtae\u00bb<\/em> de lo espiritual y lo secular, dentro de la cual la humanidad terrenal orienta sus acciones.<\/span><\/span><\/strong><\/p>\n<\/blockquote>\n<p>&nbsp;<\/p>\n<p style=\"text-align: justify;\"><span style=\"font-size: 14pt;\"><span dir=\"auto\">En la parte final del libro, <strong>Schmitt<\/strong> analiz\u00f3 la obra de <strong>Hans Blumenberg<\/strong>, \u00ab<em><strong>La legitimidad de la era moderna<\/strong><\/em>\u00ab, cuyo \u00ab<em>hombre nuevo<\/em>\u00bb emancipado entendi\u00f3 como producto de la Reforma consumada, una reforma que se autodestru\u00eda. <\/span><\/span><\/p>\n<p style=\"text-align: justify;\"><span style=\"font-size: 14pt;\"><span dir=\"auto\">Este trabajo, al igual que el ensayo posterior de 1979, <strong>\u00ab<\/strong><\/span><em><span dir=\"auto\"><strong>La revoluci\u00f3n del mundo jur\u00eddico: la plusval\u00eda pol\u00edtica como prima por la legalidad y la superlegalidad<\/strong>\u00ab, no habr\u00eda sido posible sin la ayuda de B\u00f6ckenf\u00f6rde en la preparaci\u00f3n pr\u00e1ctica del manuscrito y la supervisi\u00f3n del proceso de impresi\u00f3n.<\/span><\/em><\/span><\/p>\n<p style=\"text-align: justify;\"><span style=\"font-size: 14pt;\">Incluso en <em>Pasel<\/em><strong>, el flujo de visitantes no disminuy\u00f3<\/strong> en los primeros a\u00f1os despu\u00e9s de la mudanza. <\/span><\/p>\n<p style=\"text-align: justify;\"><span style=\"font-size: 14pt;\">Adem\u00e1s de colaboradores cercanos como <strong>Johannes Gross<\/strong>, <strong>Ernst-Wolfgang B\u00f6ckenf\u00f6rde<\/strong>, <strong>George Schwab<\/strong> y <strong>Sava Klickovic<\/strong>, tambi\u00e9n acudieron <strong>Reinhart Koselleck<\/strong>, <strong>Hans-Dietrich Sander<\/strong>, <strong>Julien Freund<\/strong> y otros. <\/span><\/p>\n<p style=\"text-align: justify;\"><span style=\"font-size: 14pt;\">Discuti\u00f3 repetidamente el tema de \u00ab<em><strong>Benito Cereno<\/strong><\/em>\u00bb con <strong>Marianne Kesting,<\/strong> y con el historiador<strong> Christian Meier<\/strong> el problema de si el t\u00e9rmino \u00ab<em>estado<\/em>\u00bb pod\u00eda utilizarse antes de la Edad Moderna. <\/span><\/p>\n<p style=\"text-align: justify;\"><span style=\"font-size: 14pt;\">Sus contactos con los editores <strong>Wolf Jobst Siedler <\/strong>y <strong>Joachim Fest<\/strong> se refer\u00edan a la reimpresi\u00f3n de art\u00edculos antiguos clave en un solo volumen, un proyecto que finalmente fracas\u00f3, al igual que los esfuerzos de <strong>B\u00f6ckenf\u00f6rde<\/strong>, <strong>Koselleck<\/strong> y <strong>Joseph Kaiser<\/strong> por publicar obras sobre derecho constitucional e internacional en vol\u00famenes recopilados. <\/span><\/p>\n<p style=\"text-align: justify;\"><span style=\"font-size: 14pt;\">En 1972, <strong>Schmitt<\/strong> accedi\u00f3 a <strong>otra <em>larga entrevista radiof\u00f3nica<\/em><\/strong>. <strong>Dieter Groh <\/strong>y <strong>Klaus Figge<\/strong> pasaron dos d\u00edas hablando con \u00e9l sobre sus or\u00edgenes, su \u00e9poca de estudios y la situaci\u00f3n en 1932\/1933.<\/span><\/p>\n<p style=\"text-align: justify;\"><span dir=\"auto\" style=\"font-size: 14pt;\"><strong>Adem\u00e1s de los visitantes acad\u00e9micos, tambi\u00e9n se invitaba a los vecinos del pueblo y a algunos conocidos de <em>Plettenberg<\/em><\/strong> a tomar el t\u00e9 o, como en \u00e9pocas anteriores, a veladas de m\u00fasica de c\u00e1mara con el <em>matrimonio <\/em><strong>Bakowski<\/strong>, un m\u00e9dico y su esposa, ella al piano y \u00e9l al violonchelo.<\/span><\/p>\n<\/div>\n<\/div>\n<\/div>\n<\/div>\n<\/div>\n<\/section>\n<\/div>\n<\/div>\n<\/div>\n<\/div>\n<\/div>\n<\/section>\n<\/div>\n<\/div>\n<\/div>\n<\/div>\n<\/div>\n<\/section>\n<\/div>\n<p>&nbsp;<\/p>\n<figure id=\"attachment_2322572\" aria-describedby=\"caption-attachment-2322572\" style=\"width: 440px\" class=\"wp-caption aligncenter\"><img loading=\"lazy\" decoding=\"async\" class=\"wp-image-2322572\" src=\"https:\/\/puntocritico.com\/ausajpuntocritico\/wp-content\/uploads\/2026\/08\/Musica-house-en-San-Casciano-Plettenberg-Pasel-1970-300x207.png\" alt=\"\" width=\"440\" height=\"303\" srcset=\"https:\/\/puntocritico.com\/ausajpuntocritico\/wp-content\/uploads\/2026\/08\/Musica-house-en-San-Casciano-Plettenberg-Pasel-1970-300x207.png 300w, https:\/\/puntocritico.com\/ausajpuntocritico\/wp-content\/uploads\/2026\/08\/Musica-house-en-San-Casciano-Plettenberg-Pasel-1970-1024x705.png 1024w, https:\/\/puntocritico.com\/ausajpuntocritico\/wp-content\/uploads\/2026\/08\/Musica-house-en-San-Casciano-Plettenberg-Pasel-1970-768x529.png 768w, https:\/\/puntocritico.com\/ausajpuntocritico\/wp-content\/uploads\/2026\/08\/Musica-house-en-San-Casciano-Plettenberg-Pasel-1970-1320x909.png 1320w, https:\/\/puntocritico.com\/ausajpuntocritico\/wp-content\/uploads\/2026\/08\/Musica-house-en-San-Casciano-Plettenberg-Pasel-1970.png 1464w\" sizes=\"auto, (max-width: 440px) 100vw, 440px\" \/><figcaption id=\"caption-attachment-2322572\" class=\"wp-caption-text\"><span style=\"color: #008000;\">M\u00fasica house en &#8216;San Casciano&#8217;, Plettenberg-Pasel. D\u00e9cada de 1970. Anne Bakowsky (piano), Henryk Bakowsky (violonchelo).<\/span><\/figcaption><\/figure>\n<p>&nbsp;<\/p>\n<div data-id=\"07cb5f0\" data-element_type=\"column\" data-e-type=\"column\">\n<section class=\"elementor-section elementor-inner-section elementor-element elementor-element-7f77536 elementor-section-content-top elementor-section-boxed elementor-section-height-default elementor-section-height-default\" data-id=\"7f77536\" data-element_type=\"section\" data-e-type=\"section\">\n<div class=\"elementor-container elementor-column-gap-default\">\n<div class=\"elementor-column elementor-col-50 elementor-inner-column elementor-element elementor-element-3fb9abc\" data-id=\"3fb9abc\" data-element_type=\"column\" data-e-type=\"column\">\n<div class=\"elementor-widget-wrap elementor-element-populated\">\n<div class=\"elementor-element elementor-element-3d1e001 elementor-widget elementor-widget-text-editor\" data-id=\"3d1e001\" data-element_type=\"widget\" data-e-type=\"widget\" data-widget_type=\"text-editor.default\">\n<div class=\"elementor-widget-container\">\n<section class=\"elementor-section elementor-inner-section elementor-element elementor-element-1eff3c6 elementor-section-content-top elementor-section-boxed elementor-section-height-default elementor-section-height-default\" data-id=\"1eff3c6\" data-element_type=\"section\" data-e-type=\"section\">\n<div class=\"elementor-container elementor-column-gap-default\">\n<div class=\"elementor-column elementor-col-50 elementor-inner-column elementor-element elementor-element-7a774a0\" data-id=\"7a774a0\" data-element_type=\"column\" data-e-type=\"column\">\n<div class=\"elementor-widget-wrap elementor-element-populated\">\n<div class=\"elementor-element elementor-element-02e2708 elementor-widget elementor-widget-text-editor\" data-id=\"02e2708\" data-element_type=\"widget\" data-e-type=\"widget\" data-widget_type=\"text-editor.default\">\n<div class=\"elementor-widget-container\">\n<section class=\"elementor-section elementor-inner-section elementor-element elementor-element-fae53d9 elementor-section-content-top elementor-section-boxed elementor-section-height-default elementor-section-height-default\" data-id=\"fae53d9\" data-element_type=\"section\" data-e-type=\"section\">\n<div class=\"elementor-container elementor-column-gap-default\">\n<div class=\"elementor-column elementor-col-50 elementor-inner-column elementor-element elementor-element-ba3dbad\" data-id=\"ba3dbad\" data-element_type=\"column\" data-e-type=\"column\">\n<div class=\"elementor-widget-wrap elementor-element-populated\">\n<div class=\"elementor-element elementor-element-b3ae21e elementor-widget elementor-widget-image\" data-id=\"b3ae21e\" data-element_type=\"widget\" data-e-type=\"widget\" data-widget_type=\"image.default\">\n<div class=\"elementor-widget-container\">\n<p style=\"text-align: justify;\"><span dir=\"auto\" style=\"font-size: 14pt;\"><strong>El anciano, que ya superaba los ochenta a\u00f1os, no pod\u00eda soportar ciertos esfuerzos; una neumon\u00eda y un leve infarto hab\u00edan alterado su rutina diaria<\/strong>. Algunos viejos amigos tambi\u00e9n se hab\u00edan alejado o, como <strong>Forsthoff<\/strong> y <strong>Barion<\/strong>, hab\u00edan fallecido. <\/span><\/p>\n<p style=\"text-align: justify;\"><span dir=\"auto\" style=\"font-size: 14pt;\">Sin embargo, tras una larga ausencia, <strong>Ernst J\u00fcnger <\/strong>y <strong>Werner Weber<\/strong>, alumno de <strong>Schmitt<\/strong> en <em>Bonn<\/em>, vinieron de visita. El historiador <strong>Christian Meier<\/strong> describi\u00f3 los rituales de recepci\u00f3n en <em><strong>San Casciano,<\/strong><\/em> compar\u00e1ndolos con los de una corte intelectual.<\/span><\/p>\n<\/div>\n<\/div>\n<\/div>\n<\/div>\n<\/div>\n<\/section>\n<\/div>\n<\/div>\n<\/div>\n<\/div>\n<\/div>\n<\/section>\n<\/div>\n<\/div>\n<\/div>\n<\/div>\n<\/div>\n<\/section>\n<\/div>\n<p>&nbsp;<\/p>\n<blockquote>\n<p style=\"text-align: center;\"><span style=\"color: #008000;\"><strong><span dir=\"auto\" style=\"font-size: 14pt;\">El historiador Christian Meier describi\u00f3 los rituales de recepci\u00f3n en <em>San Casciano,<\/em> compar\u00e1ndolos con los de una corte intelectual.<\/span><\/strong><\/span><\/p>\n<\/blockquote>\n<p>&nbsp;<\/p>\n<div data-id=\"07cb5f0\" data-element_type=\"column\" data-e-type=\"column\">\n<section class=\"elementor-section elementor-inner-section elementor-element elementor-element-7f77536 elementor-section-content-top elementor-section-boxed elementor-section-height-default elementor-section-height-default\" data-id=\"7f77536\" data-element_type=\"section\" data-e-type=\"section\">\n<div class=\"elementor-container elementor-column-gap-default\">\n<div class=\"elementor-column elementor-col-50 elementor-inner-column elementor-element elementor-element-3fb9abc\" data-id=\"3fb9abc\" data-element_type=\"column\" data-e-type=\"column\">\n<div class=\"elementor-widget-wrap elementor-element-populated\">\n<div class=\"elementor-element elementor-element-3d1e001 elementor-widget elementor-widget-text-editor\" data-id=\"3d1e001\" data-element_type=\"widget\" data-e-type=\"widget\" data-widget_type=\"text-editor.default\">\n<div class=\"elementor-widget-container\">\n<section class=\"elementor-section elementor-inner-section elementor-element elementor-element-1eff3c6 elementor-section-content-top elementor-section-boxed elementor-section-height-default elementor-section-height-default\" data-id=\"1eff3c6\" data-element_type=\"section\" data-e-type=\"section\">\n<div class=\"elementor-container elementor-column-gap-default\">\n<div class=\"elementor-column elementor-col-50 elementor-inner-column elementor-element elementor-element-7a774a0\" data-id=\"7a774a0\" data-element_type=\"column\" data-e-type=\"column\">\n<div class=\"elementor-widget-wrap elementor-element-populated\">\n<div class=\"elementor-element elementor-element-02e2708 elementor-widget elementor-widget-text-editor\" data-id=\"02e2708\" data-element_type=\"widget\" data-e-type=\"widget\" data-widget_type=\"text-editor.default\">\n<div class=\"elementor-widget-container\">\n<section class=\"elementor-section elementor-inner-section elementor-element elementor-element-fae53d9 elementor-section-content-top elementor-section-boxed elementor-section-height-default elementor-section-height-default\" data-id=\"fae53d9\" data-element_type=\"section\" data-e-type=\"section\">\n<div class=\"elementor-container elementor-column-gap-default\">\n<div class=\"elementor-column elementor-col-50 elementor-inner-column elementor-element elementor-element-ba3dbad\" data-id=\"ba3dbad\" data-element_type=\"column\" data-e-type=\"column\">\n<div class=\"elementor-widget-wrap elementor-element-populated\">\n<div class=\"elementor-element elementor-element-b3ae21e elementor-widget elementor-widget-image\" data-id=\"b3ae21e\" data-element_type=\"widget\" data-e-type=\"widget\" data-widget_type=\"image.default\">\n<div class=\"elementor-widget-container\">\n<p style=\"text-align: justify;\"><span dir=\"auto\" style=\"font-size: 14pt;\">Tras ser recibido en la entrada por el ama de llaves, <strong>Anni Stand<\/strong>, <strong>Carl Schmitt<\/strong> sal\u00eda de su habitaci\u00f3n al amplio sal\u00f3n despu\u00e9s de un intervalo prudencial, a menudo vistiendo una bata ligera. <\/span><\/p>\n<p style=\"text-align: justify;\"><span dir=\"auto\" style=\"font-size: 14pt;\"><strong>Recib\u00eda afectuosamente a sus invitados y entablaba conversaci\u00f3n de inmediato<\/strong>, a menudo sobre temas familiares para estos, antes de pasar a aquellos que hab\u00edan preocupado a <strong>Schmitt<\/strong> durante d\u00e9cadas. <\/span><\/p>\n<p style=\"text-align: justify;\"><span dir=\"auto\" style=\"font-size: 14pt;\"><strong>No era f\u00e1cil para los invitados seguirle el ritmo; se encontraban ante un magnate intelectual<\/strong>.<\/span><\/p>\n<p style=\"text-align: justify;\"><span dir=\"auto\" style=\"font-size: 14pt;\"><strong>La comunicaci\u00f3n con el anciano erudito se ve\u00eda cada vez m\u00e1s dificultada por su sordera<\/strong>, que tambi\u00e9n afectaba al contacto telef\u00f3nico tras haber dejado de escribir cartas.<\/span><\/p>\n<\/div>\n<\/div>\n<\/div>\n<\/div>\n<\/div>\n<\/section>\n<\/div>\n<\/div>\n<\/div>\n<\/div>\n<\/div>\n<\/section>\n<\/div>\n<\/div>\n<\/div>\n<\/div>\n<\/div>\n<\/section>\n<\/div>\n<div data-id=\"07cb5f0\" data-element_type=\"column\" data-e-type=\"column\">\n<section class=\"elementor-section elementor-inner-section elementor-element elementor-element-7f77536 elementor-section-content-top elementor-section-boxed elementor-section-height-default elementor-section-height-default\" data-id=\"7f77536\" data-element_type=\"section\" data-e-type=\"section\">\n<div class=\"elementor-container elementor-column-gap-default\">\n<div class=\"elementor-column elementor-col-50 elementor-inner-column elementor-element elementor-element-3fb9abc\" data-id=\"3fb9abc\" data-element_type=\"column\" data-e-type=\"column\">\n<div class=\"elementor-widget-wrap elementor-element-populated\">\n<div class=\"elementor-element elementor-element-3d1e001 elementor-widget elementor-widget-text-editor\" data-id=\"3d1e001\" data-element_type=\"widget\" data-e-type=\"widget\" data-widget_type=\"text-editor.default\">\n<div class=\"elementor-widget-container\">\n<section class=\"elementor-section elementor-inner-section elementor-element elementor-element-1eff3c6 elementor-section-content-top elementor-section-boxed elementor-section-height-default elementor-section-height-default\" data-id=\"1eff3c6\" data-element_type=\"section\" data-e-type=\"section\">\n<div class=\"elementor-container elementor-column-gap-default\">\n<div class=\"elementor-column elementor-col-50 elementor-inner-column elementor-element elementor-element-7a774a0\" data-id=\"7a774a0\" data-element_type=\"column\" data-e-type=\"column\">\n<div class=\"elementor-widget-wrap elementor-element-populated\">\n<div class=\"elementor-element elementor-element-02e2708 elementor-widget elementor-widget-text-editor\" data-id=\"02e2708\" data-element_type=\"widget\" data-e-type=\"widget\" data-widget_type=\"text-editor.default\">\n<div class=\"elementor-widget-container\">\n<section class=\"elementor-section elementor-inner-section elementor-element elementor-element-fae53d9 elementor-section-content-top elementor-section-boxed elementor-section-height-default elementor-section-height-default\" data-id=\"fae53d9\" data-element_type=\"section\" data-e-type=\"section\">\n<div class=\"elementor-container elementor-column-gap-default\">\n<div class=\"elementor-column elementor-col-50 elementor-inner-column elementor-element elementor-element-ba3dbad\" data-id=\"ba3dbad\" data-element_type=\"column\" data-e-type=\"column\">\n<div class=\"elementor-widget-wrap elementor-element-populated\">\n<div class=\"elementor-element elementor-element-b3ae21e elementor-widget elementor-widget-image\" data-id=\"b3ae21e\" data-element_type=\"widget\" data-e-type=\"widget\" data-widget_type=\"image.default\">\n<div class=\"elementor-widget-container\">\n<p style=\"text-align: justify;\"><span dir=\"auto\" style=\"font-size: 14pt;\"><strong>Anni Stand<\/strong>, y ahora cada vez m\u00e1s su hija <strong>Anima<\/strong>, lo cuidaban, mientras que sus amigos m\u00e1s j\u00f3venes, <strong>Ernst H\u00fcsmert<\/strong> y <strong>Gerd Giesler<\/strong>, lo ayudaban de diversas maneras.<\/span><\/p>\n<p>&nbsp;<\/p>\n<figure id=\"attachment_2322562\" aria-describedby=\"caption-attachment-2322562\" style=\"width: 240px\" class=\"wp-caption aligncenter\"><img loading=\"lazy\" decoding=\"async\" class=\"wp-image-2322562\" src=\"https:\/\/puntocritico.com\/ausajpuntocritico\/wp-content\/uploads\/2026\/08\/Heinz-Holthaus-Anima-Schmitt-Cabeza-de-retrato-principios-de-la-decada-de-1950-192x300.png\" alt=\"\" width=\"240\" height=\"375\" srcset=\"https:\/\/puntocritico.com\/ausajpuntocritico\/wp-content\/uploads\/2026\/08\/Heinz-Holthaus-Anima-Schmitt-Cabeza-de-retrato-principios-de-la-decada-de-1950-192x300.png 192w, https:\/\/puntocritico.com\/ausajpuntocritico\/wp-content\/uploads\/2026\/08\/Heinz-Holthaus-Anima-Schmitt-Cabeza-de-retrato-principios-de-la-decada-de-1950-655x1024.png 655w, https:\/\/puntocritico.com\/ausajpuntocritico\/wp-content\/uploads\/2026\/08\/Heinz-Holthaus-Anima-Schmitt-Cabeza-de-retrato-principios-de-la-decada-de-1950-768x1201.png 768w, https:\/\/puntocritico.com\/ausajpuntocritico\/wp-content\/uploads\/2026\/08\/Heinz-Holthaus-Anima-Schmitt-Cabeza-de-retrato-principios-de-la-decada-de-1950.png 922w\" sizes=\"auto, (max-width: 240px) 100vw, 240px\" \/><figcaption id=\"caption-attachment-2322562\" class=\"wp-caption-text\"><span style=\"color: #008000;\"><strong>Heinz Holthaus<\/strong>, <em><strong>Anima Schmitt. Cabeza de retrato<\/strong><\/em>, principios de la d\u00e9cada de 1950, yeso tintado.<\/span><\/figcaption><\/figure>\n<p>&nbsp;<\/p>\n<p style=\"text-align: justify;\"><span style=\"font-size: 14pt;\"><span dir=\"auto\"><strong>A finales de los a\u00f1os setenta y principios de los ochenta, tuvieron lugar dos encuentros trascendentales<\/strong>. <\/span><\/span><\/p>\n<p style=\"text-align: justify;\"><span style=\"font-size: 14pt;\"><span dir=\"auto\"><strong>Schmitt<\/strong> se reuni\u00f3 tres veces en <em>Pasel<\/em> con el<em> fil\u00f3sofo religioso jud\u00edo <\/em><a href=\"https:\/\/nuevasion.org\/archivos\/41039\" target=\"_blank\" rel=\"noopener\"><strong>Jacob Taubes<\/strong><\/a>, <\/span><\/span><\/p>\n<blockquote>\n<p style=\"text-align: justify;\"><strong><span style=\"font-size: 14pt; color: #008000;\"><span dir=\"auto\">quien hab\u00eda participado en seminarios y conferencias sobre teolog\u00eda pol\u00edtica durante la segunda mitad de la d\u00e9cada y hab\u00eda intercambiado correspondencia con \u00e9l.<\/span><\/span><\/strong><\/p>\n<\/blockquote>\n<p>&nbsp;<\/p>\n<p style=\"text-align: justify;\"><span style=\"font-size: 14pt;\"><span dir=\"auto\">Seg\u00fan <strong>Taubes<\/strong>, estos encuentros fueron los m\u00e1s turbulentos que hab\u00eda tenido, y por su contenido <strong>se sinti\u00f3 obligado a mantener en secreto<\/strong>. <\/span><\/span><\/p>\n<p style=\"text-align: justify;\"><span style=\"font-size: 14pt;\"><span dir=\"auto\">El otro encuentro comenz\u00f3 a finales de 1979, cuando <strong>G\u00fcnter Maschke<\/strong> se present\u00f3 por carta. <\/span><\/span><\/p>\n<p style=\"text-align: justify;\"><span style=\"font-size: 14pt;\"><span dir=\"auto\">Este antiguo izquierdista, admirador de <strong>Bloch<\/strong> y exiliado en <em>Cuba<\/em>, hab\u00eda escrito art\u00edculos cr\u00edticos pero perspicaces sobre <strong>Schmitt<\/strong> en el <em>Frankfurter Allgemeine Zeitung<\/em> y en la <em>Radio de Hesse<\/em>, que <strong>Schmitt<\/strong>, con su agudo ojo para los personajes poco convencionales, reconoci\u00f3 de inmediato. A continuaci\u00f3n, se produjeron conversaciones telef\u00f3nicas y visitas a <em>Pasel<\/em>. <\/span><\/span><\/p>\n<p style=\"text-align: justify;\"><span style=\"font-size: 14pt;\"><span dir=\"auto\">Cuando <strong>Maschke<\/strong> inici\u00f3 su actividad editorial con el\u00a0<\/span><em><span dir=\"auto\">sello \u00abedition maschke\u00bb<\/span><\/em><span dir=\"auto\">\u00a0en <em>Deutscher \u00c4rzte Verlag<\/em> en 1980\u00a0, con el apoyo de su hija <strong>Anima<\/strong>, adquiri\u00f3 los derechos de cinco t\u00edtulos in\u00e9ditos, culminando con\u00a0<\/span><em><span dir=\"auto\">Leviat\u00e1n<\/span><\/em><span dir=\"auto\">\u00a0en 1938. <\/span><\/span><\/p>\n<p style=\"text-align: justify;\"><span style=\"font-size: 14pt;\"><span dir=\"auto\">Debido a intrigas en la editorial matriz, <strong>Maschke<\/strong> fue amenazado con abandonar el proyecto, pero se mantuvo fiel al contrato y al autor. La obra se imprimi\u00f3 y distribuy\u00f3, y tres meses despu\u00e9s el sello se disolvi\u00f3.<\/span><\/span><\/p>\n<p style=\"text-align: justify;\"><span dir=\"auto\" style=\"font-size: 14pt;\">Mientras a\u00fan viv\u00eda en su casa de <em>Brockhauser Weg<\/em>, <strong>Carl Schmitt<\/strong> se puso en contacto con los <strong><em>Archivos Federales de<\/em> <em>Coblenza<\/em> en relaci\u00f3n con su extenso legado<\/strong>, del que estaba convencido de su importancia para la historia de la ciencia. <\/span><\/p>\n<p style=\"text-align: justify;\"><span dir=\"auto\" style=\"font-size: 14pt;\">Cuando estas negociaciones fracasaron, el alumno de <strong>Schmitt<\/strong>, <strong>von Medem<\/strong>, intervino, involucrando a los <em>Archivos Estatales de Renania del Norte-Westfalia<\/em>. <\/span><\/p>\n<p style=\"text-align: justify;\"><span dir=\"auto\" style=\"font-size: 14pt;\"><strong>Tras la firma del contrato en 1975, las 800 cajas se fueron recopilando y catalogando<\/strong> gradualmente en una gu\u00eda inicial en la d\u00e9cada de 1990.<\/span><\/p>\n<\/div>\n<\/div>\n<\/div>\n<\/div>\n<\/div>\n<\/section>\n<\/div>\n<\/div>\n<\/div>\n<\/div>\n<\/div>\n<\/section>\n<\/div>\n<\/div>\n<\/div>\n<\/div>\n<\/div>\n<\/section>\n<\/div>\n<p>&nbsp;<\/p>\n<figure id=\"attachment_2322578\" aria-describedby=\"caption-attachment-2322578\" style=\"width: 678px\" class=\"wp-caption aligncenter\"><img loading=\"lazy\" decoding=\"async\" class=\"wp-image-2322578 size-mh-magazine-content\" src=\"https:\/\/puntocritico.com\/ausajpuntocritico\/wp-content\/uploads\/2026\/08\/90-cumpleanos-de-Carl-Schmitt-678x381.png\" alt=\"\" width=\"678\" height=\"381\" \/><figcaption id=\"caption-attachment-2322578\" class=\"wp-caption-text\"><span style=\"color: #008000;\">La foto fue tomada con motivo del <strong>90 cumplea\u00f1os de Carl Schmitt<\/strong>, que se celebr\u00f3 en el restaurante de monta\u00f1a \u00ab<em>Tanneneck<\/em>\u00bb en <em>Plettenberg<\/em>. \u00a9 Carl-Schmitt-Gesellschaft<\/span><\/figcaption><\/figure>\n<p>&nbsp;<\/p>\n<div data-id=\"07cb5f0\" data-element_type=\"column\" data-e-type=\"column\">\n<section class=\"elementor-section elementor-inner-section elementor-element elementor-element-7f77536 elementor-section-content-top elementor-section-boxed elementor-section-height-default elementor-section-height-default\" data-id=\"7f77536\" data-element_type=\"section\" data-e-type=\"section\">\n<div class=\"elementor-container elementor-column-gap-default\">\n<div class=\"elementor-column elementor-col-50 elementor-inner-column elementor-element elementor-element-3fb9abc\" data-id=\"3fb9abc\" data-element_type=\"column\" data-e-type=\"column\">\n<div class=\"elementor-widget-wrap elementor-element-populated\">\n<div class=\"elementor-element elementor-element-3d1e001 elementor-widget elementor-widget-text-editor\" data-id=\"3d1e001\" data-element_type=\"widget\" data-e-type=\"widget\" data-widget_type=\"text-editor.default\">\n<div class=\"elementor-widget-container\">\n<section class=\"elementor-section elementor-inner-section elementor-element elementor-element-1eff3c6 elementor-section-content-top elementor-section-boxed elementor-section-height-default elementor-section-height-default\" data-id=\"1eff3c6\" data-element_type=\"section\" data-e-type=\"section\">\n<div class=\"elementor-container elementor-column-gap-default\">\n<div class=\"elementor-column elementor-col-50 elementor-inner-column elementor-element elementor-element-7a774a0\" data-id=\"7a774a0\" data-element_type=\"column\" data-e-type=\"column\">\n<div class=\"elementor-widget-wrap elementor-element-populated\">\n<div class=\"elementor-element elementor-element-02e2708 elementor-widget elementor-widget-text-editor\" data-id=\"02e2708\" data-element_type=\"widget\" data-e-type=\"widget\" data-widget_type=\"text-editor.default\">\n<div class=\"elementor-widget-container\">\n<section class=\"elementor-section elementor-inner-section elementor-element elementor-element-fae53d9 elementor-section-content-top elementor-section-boxed elementor-section-height-default elementor-section-height-default\" data-id=\"fae53d9\" data-element_type=\"section\" data-e-type=\"section\">\n<div class=\"elementor-container elementor-column-gap-default\">\n<div class=\"elementor-column elementor-col-50 elementor-inner-column elementor-element elementor-element-ba3dbad\" data-id=\"ba3dbad\" data-element_type=\"column\" data-e-type=\"column\">\n<div class=\"elementor-widget-wrap elementor-element-populated\">\n<div class=\"elementor-element elementor-element-b3ae21e elementor-widget elementor-widget-image\" data-id=\"b3ae21e\" data-element_type=\"widget\" data-e-type=\"widget\" data-widget_type=\"image.default\">\n<div class=\"elementor-widget-container\">\n<p style=\"text-align: justify;\"><span style=\"font-size: 14pt;\">Un momento culminante fue la <strong>celebraci\u00f3n de su 90 cumplea\u00f1os el 11 de julio de 1978<\/strong> en la posada de monta\u00f1a <em>Tanneneck<\/em>, a la que asistieron su familia procedente de <em>Espa\u00f1a<\/em> con todos sus nietos, as\u00ed como alumnos y amigos, y tambi\u00e9n vecinos y personas de confianza de <em>Plettenberg<\/em>. <\/span><\/p>\n<p style=\"text-align: justify;\"><span style=\"font-size: 14pt;\">El <em>alcalde <\/em><strong>Baberg<\/strong> le entreg\u00f3 a <strong>Carl Schmitt<\/strong> el anillo honor\u00edfico de la ciudad, <strong>Joseph Kaiser<\/strong> pronunci\u00f3 el discurso de elogio, <strong>Ernst J\u00fcnger<\/strong> dio un discurso improvisado y el propio homenajeado ofreci\u00f3 palabras de agradecimiento.<\/span><\/p>\n<\/div>\n<\/div>\n<\/div>\n<\/div>\n<\/div>\n<\/section>\n<\/div>\n<\/div>\n<\/div>\n<\/div>\n<\/div>\n<\/section>\n<\/div>\n<\/div>\n<\/div>\n<\/div>\n<\/div>\n<\/section>\n<\/div>\n<p>&nbsp;<\/p>\n<figure id=\"attachment_2322577\" aria-describedby=\"caption-attachment-2322577\" style=\"width: 480px\" class=\"wp-caption aligncenter\"><img loading=\"lazy\" decoding=\"async\" class=\"wp-image-2322577\" src=\"https:\/\/puntocritico.com\/ausajpuntocritico\/wp-content\/uploads\/2026\/08\/Carl-Schmitt-y-Ernst-Junger-300x175.png\" alt=\"\" width=\"480\" height=\"280\" srcset=\"https:\/\/puntocritico.com\/ausajpuntocritico\/wp-content\/uploads\/2026\/08\/Carl-Schmitt-y-Ernst-Junger-300x175.png 300w, https:\/\/puntocritico.com\/ausajpuntocritico\/wp-content\/uploads\/2026\/08\/Carl-Schmitt-y-Ernst-Junger-1024x597.png 1024w, https:\/\/puntocritico.com\/ausajpuntocritico\/wp-content\/uploads\/2026\/08\/Carl-Schmitt-y-Ernst-Junger-768x448.png 768w, https:\/\/puntocritico.com\/ausajpuntocritico\/wp-content\/uploads\/2026\/08\/Carl-Schmitt-y-Ernst-Junger-1536x896.png 1536w, https:\/\/puntocritico.com\/ausajpuntocritico\/wp-content\/uploads\/2026\/08\/Carl-Schmitt-y-Ernst-Junger-1320x770.png 1320w, https:\/\/puntocritico.com\/ausajpuntocritico\/wp-content\/uploads\/2026\/08\/Carl-Schmitt-y-Ernst-Junger.png 2048w\" sizes=\"auto, (max-width: 480px) 100vw, 480px\" \/><figcaption id=\"caption-attachment-2322577\" class=\"wp-caption-text\"><span style=\"color: #008000;\">Carl Schmitt y Ernst J\u00fcnger conversan<\/span><\/figcaption><\/figure>\n<p>&nbsp;<\/p>\n<div data-id=\"07cb5f0\" data-element_type=\"column\" data-e-type=\"column\">\n<section class=\"elementor-section elementor-inner-section elementor-element elementor-element-7f77536 elementor-section-content-top elementor-section-boxed elementor-section-height-default elementor-section-height-default\" data-id=\"7f77536\" data-element_type=\"section\" data-e-type=\"section\">\n<div class=\"elementor-container elementor-column-gap-default\">\n<div class=\"elementor-column elementor-col-50 elementor-inner-column elementor-element elementor-element-3fb9abc\" data-id=\"3fb9abc\" data-element_type=\"column\" data-e-type=\"column\">\n<div class=\"elementor-widget-wrap elementor-element-populated\">\n<div class=\"elementor-element elementor-element-3d1e001 elementor-widget elementor-widget-text-editor\" data-id=\"3d1e001\" data-element_type=\"widget\" data-e-type=\"widget\" data-widget_type=\"text-editor.default\">\n<div class=\"elementor-widget-container\">\n<section class=\"elementor-section elementor-inner-section elementor-element elementor-element-1eff3c6 elementor-section-content-top elementor-section-boxed elementor-section-height-default elementor-section-height-default\" data-id=\"1eff3c6\" data-element_type=\"section\" data-e-type=\"section\">\n<div class=\"elementor-container elementor-column-gap-default\">\n<div class=\"elementor-column elementor-col-50 elementor-inner-column elementor-element elementor-element-7a774a0\" data-id=\"7a774a0\" data-element_type=\"column\" data-e-type=\"column\">\n<div class=\"elementor-widget-wrap elementor-element-populated\">\n<div class=\"elementor-element elementor-element-02e2708 elementor-widget elementor-widget-text-editor\" data-id=\"02e2708\" data-element_type=\"widget\" data-e-type=\"widget\" data-widget_type=\"text-editor.default\">\n<div class=\"elementor-widget-container\">\n<section class=\"elementor-section elementor-inner-section elementor-element elementor-element-fae53d9 elementor-section-content-top elementor-section-boxed elementor-section-height-default elementor-section-height-default\" data-id=\"fae53d9\" data-element_type=\"section\" data-e-type=\"section\">\n<div class=\"elementor-container elementor-column-gap-default\">\n<div class=\"elementor-column elementor-col-50 elementor-inner-column elementor-element elementor-element-ba3dbad\" data-id=\"ba3dbad\" data-element_type=\"column\" data-e-type=\"column\">\n<div class=\"elementor-widget-wrap elementor-element-populated\">\n<div class=\"elementor-element elementor-element-b3ae21e elementor-widget elementor-widget-image\" data-id=\"b3ae21e\" data-element_type=\"widget\" data-e-type=\"widget\" data-widget_type=\"image.default\">\n<div class=\"elementor-widget-container\">\n<p style=\"text-align: justify;\"><span style=\"font-size: 14pt;\">Incluso antiguos alumnos y colegas con los que hab\u00eda perdido el contacto durante mucho tiempo, como<strong> Ernst Rudolf Huber<\/strong> y <strong>Ulrich Scheuner<\/strong>, le felicitaron, al igual que <strong>Ernst Friesenhahn<\/strong>, quien hab\u00eda criticado duramente a Schmitt despu\u00e9s de 1945.<\/span><\/p>\n<p style=\"text-align: justify;\"><span class=\"reference-text\" style=\"font-size: 14pt;\"><span dir=\"auto\">Desde 1982, <strong>Carl Schmitt<\/strong> sufr\u00eda de <strong>demencia<\/strong> y requer\u00eda cuidados constantes. <\/span><\/span><\/p>\n<p style=\"text-align: justify;\"><span class=\"reference-text\" style=\"font-size: 14pt;\"><span dir=\"auto\">Ahora lo atormentaban delirios en los que un ruido infernal lo aterrorizaba, y cuyo origen identificaba con el nombre \u00ab<em>Kra<\/em>\u00bb de la pel\u00edcula *<em><strong>Nordlicht<\/strong><\/em>* de <strong>D\u00e4ubler<\/strong>. <\/span><\/span><\/p>\n<p style=\"text-align: justify;\"><span class=\"reference-text\" style=\"font-size: 14pt;\"><span dir=\"auto\">Tras la muerte de su hija en Espa\u00f1a en junio de 1983, guard\u00f3 silencio durante un tiempo y nunca volvi\u00f3 a mencionar la p\u00e9rdida.<\/span><\/span><\/p>\n<\/div>\n<\/div>\n<\/div>\n<\/div>\n<\/div>\n<\/section>\n<\/div>\n<\/div>\n<\/div>\n<\/div>\n<\/div>\n<\/section>\n<\/div>\n<\/div>\n<\/div>\n<\/div>\n<\/div>\n<\/section>\n<\/div>\n<p>&nbsp;<\/p>\n<figure id=\"attachment_2322579\" aria-describedby=\"caption-attachment-2322579\" style=\"width: 280px\" class=\"wp-caption aligncenter\"><img loading=\"lazy\" decoding=\"async\" class=\"wp-image-2322579\" src=\"https:\/\/puntocritico.com\/ausajpuntocritico\/wp-content\/uploads\/2026\/08\/Carl-Schmitt-11-de-julio-de-1984-223x300.png\" alt=\"\" width=\"280\" height=\"377\" srcset=\"https:\/\/puntocritico.com\/ausajpuntocritico\/wp-content\/uploads\/2026\/08\/Carl-Schmitt-11-de-julio-de-1984-223x300.png 223w, https:\/\/puntocritico.com\/ausajpuntocritico\/wp-content\/uploads\/2026\/08\/Carl-Schmitt-11-de-julio-de-1984.png 638w\" sizes=\"auto, (max-width: 280px) 100vw, 280px\" \/><figcaption id=\"caption-attachment-2322579\" class=\"wp-caption-text\"><span style=\"color: #008000;\">Carl Schmitt, 11 de julio de 1984. \u00a9 Foto Wengenroth<\/span><\/figcaption><\/figure>\n<p>&nbsp;<\/p>\n<div data-id=\"07cb5f0\" data-element_type=\"column\" data-e-type=\"column\">\n<section class=\"elementor-section elementor-inner-section elementor-element elementor-element-7f77536 elementor-section-content-top elementor-section-boxed elementor-section-height-default elementor-section-height-default\" data-id=\"7f77536\" data-element_type=\"section\" data-e-type=\"section\">\n<div class=\"elementor-container elementor-column-gap-default\">\n<div class=\"elementor-column elementor-col-50 elementor-inner-column elementor-element elementor-element-3fb9abc\" data-id=\"3fb9abc\" data-element_type=\"column\" data-e-type=\"column\">\n<div class=\"elementor-widget-wrap elementor-element-populated\">\n<div class=\"elementor-element elementor-element-3d1e001 elementor-widget elementor-widget-text-editor\" data-id=\"3d1e001\" data-element_type=\"widget\" data-e-type=\"widget\" data-widget_type=\"text-editor.default\">\n<div class=\"elementor-widget-container\">\n<section class=\"elementor-section elementor-inner-section elementor-element elementor-element-1eff3c6 elementor-section-content-top elementor-section-boxed elementor-section-height-default elementor-section-height-default\" data-id=\"1eff3c6\" data-element_type=\"section\" data-e-type=\"section\">\n<div class=\"elementor-container elementor-column-gap-default\">\n<div class=\"elementor-column elementor-col-50 elementor-inner-column elementor-element elementor-element-7a774a0\" data-id=\"7a774a0\" data-element_type=\"column\" data-e-type=\"column\">\n<div class=\"elementor-widget-wrap elementor-element-populated\">\n<div class=\"elementor-element elementor-element-02e2708 elementor-widget elementor-widget-text-editor\" data-id=\"02e2708\" data-element_type=\"widget\" data-e-type=\"widget\" data-widget_type=\"text-editor.default\">\n<div class=\"elementor-widget-container\">\n<section class=\"elementor-section elementor-inner-section elementor-element elementor-element-fae53d9 elementor-section-content-top elementor-section-boxed elementor-section-height-default elementor-section-height-default\" data-id=\"fae53d9\" data-element_type=\"section\" data-e-type=\"section\">\n<div class=\"elementor-container elementor-column-gap-default\">\n<div class=\"elementor-column elementor-col-50 elementor-inner-column elementor-element elementor-element-ba3dbad\" data-id=\"ba3dbad\" data-element_type=\"column\" data-e-type=\"column\">\n<div class=\"elementor-widget-wrap elementor-element-populated\">\n<div class=\"elementor-element elementor-element-b3ae21e elementor-widget elementor-widget-image\" data-id=\"b3ae21e\" data-element_type=\"widget\" data-e-type=\"widget\" data-widget_type=\"image.default\">\n<div class=\"elementor-widget-container\">\n<p style=\"text-align: justify;\"><span class=\"reference-text\" style=\"font-size: 14pt;\"><span dir=\"auto\">Aun as\u00ed, <strong>asisti\u00f3 a la peque\u00f1a celebraci\u00f3n de su 95 cumplea\u00f1os con sus nietos de <em>Santiago<\/em> y algunos amigos<\/strong>, y luego se sumergi\u00f3 de nuevo en su mundo delirante.<\/span><\/span><\/p>\n<p style=\"text-align: justify;\"><span class=\"reference-text\" style=\"font-size: 14pt;\"><span dir=\"auto\"><strong>En la v\u00edspera de A\u00f1o Nuevo de 1984, Carl Schmitt sufri\u00f3 una ca\u00edda<\/strong>; en el hospital, rechaz\u00f3 toda comida y <strong>falleci\u00f3 el Lunes de Pascua de 1985<\/strong>.<\/span><\/span><\/p>\n<\/div>\n<\/div>\n<\/div>\n<\/div>\n<\/div>\n<\/section>\n<\/div>\n<\/div>\n<\/div>\n<\/div>\n<\/div>\n<\/section>\n<\/div>\n<\/div>\n<\/div>\n<\/div>\n<\/div>\n<\/section>\n<\/div>\n<p>&nbsp;<\/p>\n<figure id=\"attachment_2322726\" aria-describedby=\"caption-attachment-2322726\" style=\"width: 678px\" class=\"wp-caption aligncenter\"><a href=\"https:\/\/infrapoliticalreflections.org\/2022\/10\/22\/el-kai-nomon-egno-homerico-por-gerardo-munoz\/\" target=\"_blank\" rel=\"noopener\"><img loading=\"lazy\" decoding=\"async\" class=\"wp-image-2322726 size-mh-magazine-content\" src=\"https:\/\/puntocritico.com\/ausajpuntocritico\/wp-content\/uploads\/2026\/08\/Konrad-Weis-Epimetheus-678x381.png\" alt=\"\" width=\"678\" height=\"381\" \/><\/a><figcaption id=\"caption-attachment-2322726\" class=\"wp-caption-text\"><span style=\"color: #008000;\"><a style=\"color: #008000;\" href=\"https:\/\/infrapoliticalreflections.org\/2022\/10\/22\/el-kai-nomon-egno-homerico-por-gerardo-munoz\/\" target=\"_blank\" rel=\"noopener\"><strong>Ejemplar anotado de Epimeteo Cristiano (1933) de Konrad Wei\u00df de la biblioteca de Carl Schmitt<\/strong><\/a>: No hay que ver en la apropiaci\u00f3n filol\u00f3gica de <strong>Homero<\/strong> (<em><strong>el paso de noos al nomos<\/strong><\/em>) un \u201c<em>conceptual overreach<\/em>\u201d, sino m\u00e1s bien como la apuesta de un axioma que puede responder a la crisis del e\u00f3n cristiano y su mediaci\u00f3n formal, como ya lo hab\u00eda expuesto <strong>Schmitt<\/strong> en \u201c<em>Tres posibilidades para una visi\u00f3n cristiana de la historia<\/em>\u201d citando la sospecha ante la retenci\u00f3n paulina del poeta cat\u00f3lico<strong> Konrad Wei\u00df<\/strong>.<\/span><br \/>\n<span style=\"color: #008000;\">El <em><strong>nomos<\/strong> <\/em>valida la determinaci\u00f3n del derecho, y en este punto <strong>Schmitt<\/strong> pareciera dejar atr\u00e1s el paradigma temporal-hist\u00f3rico de la filosof\u00eda de la historia cristiana que se mostrar\u00eda incapaz de llevar a cabo la neutralizaci\u00f3n del misterio de la inequidad contra el orden.<\/span><\/figcaption><\/figure>\n<p>&nbsp;<\/p>\n<div data-id=\"07cb5f0\" data-element_type=\"column\" data-e-type=\"column\">\n<section class=\"elementor-section elementor-inner-section elementor-element elementor-element-7f77536 elementor-section-content-top elementor-section-boxed elementor-section-height-default elementor-section-height-default\" data-id=\"7f77536\" data-element_type=\"section\" data-e-type=\"section\">\n<div class=\"elementor-container elementor-column-gap-default\">\n<div class=\"elementor-column elementor-col-50 elementor-inner-column elementor-element elementor-element-3fb9abc\" data-id=\"3fb9abc\" data-element_type=\"column\" data-e-type=\"column\">\n<div class=\"elementor-widget-wrap elementor-element-populated\">\n<div class=\"elementor-element elementor-element-3d1e001 elementor-widget elementor-widget-text-editor\" data-id=\"3d1e001\" data-element_type=\"widget\" data-e-type=\"widget\" data-widget_type=\"text-editor.default\">\n<div class=\"elementor-widget-container\">\n<section class=\"elementor-section elementor-inner-section elementor-element elementor-element-1eff3c6 elementor-section-content-top elementor-section-boxed elementor-section-height-default elementor-section-height-default\" data-id=\"1eff3c6\" data-element_type=\"section\" data-e-type=\"section\">\n<div class=\"elementor-container elementor-column-gap-default\">\n<div class=\"elementor-column elementor-col-50 elementor-inner-column elementor-element elementor-element-7a774a0\" data-id=\"7a774a0\" data-element_type=\"column\" data-e-type=\"column\">\n<div class=\"elementor-widget-wrap elementor-element-populated\">\n<div class=\"elementor-element elementor-element-02e2708 elementor-widget elementor-widget-text-editor\" data-id=\"02e2708\" data-element_type=\"widget\" data-e-type=\"widget\" data-widget_type=\"text-editor.default\">\n<div class=\"elementor-widget-container\">\n<section class=\"elementor-section elementor-inner-section elementor-element elementor-element-fae53d9 elementor-section-content-top elementor-section-boxed elementor-section-height-default elementor-section-height-default\" data-id=\"fae53d9\" data-element_type=\"section\" data-e-type=\"section\">\n<div class=\"elementor-container elementor-column-gap-default\">\n<div class=\"elementor-column elementor-col-50 elementor-inner-column elementor-element elementor-element-ba3dbad\" data-id=\"ba3dbad\" data-element_type=\"column\" data-e-type=\"column\">\n<div class=\"elementor-widget-wrap elementor-element-populated\">\n<div class=\"elementor-element elementor-element-b3ae21e elementor-widget elementor-widget-image\" data-id=\"b3ae21e\" data-element_type=\"widget\" data-e-type=\"widget\" data-widget_type=\"image.default\">\n<div class=\"elementor-widget-container\">\n<p style=\"text-align: justify;\"><span class=\"reference-text\" style=\"font-size: 14pt;\"><span dir=\"auto\">El funeral fue oficiado por <strong>Werner B\u00f6ckenf\u00f6rde<\/strong>, <em>can\u00f3nigo de la Catedral de Limburgo<\/em>. La l\u00e1pida en el <em>cementerio cat\u00f3lico de Plettenberg-Eiringhausen<\/em>, con vistas al <em>r\u00edo Lenne<\/em>, lleva la inscripci\u00f3n griega <em><strong>Kai Nomon Egno<\/strong><\/em>. <\/span><\/span><\/p>\n<p style=\"text-align: justify;\"><span class=\"reference-text\" style=\"font-size: 14pt;\"><span dir=\"auto\">El <strong>vers\u00edculo 3 de la Odisea<\/strong> afirma que <em><strong>Odiseo <\/strong><\/em>vio\u00a0<\/span><i><span dir=\"auto\">muchas ciudades y aprendi\u00f3 sus costumbres<\/span><\/i><span dir=\"auto\">\u00a0(\u00ab\u03c0\u03bf\u03bb\u03bb\u1ff6\u03bd \u03b4&#8217; \u1f00\u03bd\u03b8\u03c1\u03ce\u03c0\u03c9\u03bd \u1f34\u03b4\u03b5\u03bd \u1f04\u03c3\u03c4\u03b5\u03b1 \u03ba\u03b1\u1f76 \u03bd\u03cc\u03bf\u03bd \u1f14\u03b3\u03bd\u03c9\u00bb). <\/span><\/span><\/p>\n<p style=\"text-align: justify;\"><span class=\"reference-text\" style=\"font-size: 14pt;\"><span dir=\"auto\">El jurista <strong>Schmitt<\/strong> destaca como mensaje final el <em><strong>nomos<\/strong><\/em>(\u03bd\u03cc\u03bc\u03bf\u03c2, \u03bd\u03cc\u03bc\u03bf\u03bd) como unidad de significado de un lugar.<\/span><\/span><\/p>\n<p style=\"text-align: justify;\"><span style=\"font-size: 14pt;\"><span dir=\"auto\">El\u00a0<\/span><a href=\"https:\/\/www.carl-schmitt.de\/wp-content\/uploads\/Requiem-fuer-Professor-Carl-Schmitt.pdf\" target=\"_blank\" rel=\"noopener\"><span dir=\"auto\"><strong>serm\u00f3n<\/strong> de la <em>misa de r\u00e9quiem<\/em> por el <em>funeral<\/em> de <strong>Carl Schmitt<\/strong><\/span><\/a><span dir=\"auto\">\u00a0fue pronunciado en la iglesia parroquial de <em>Plettenberg<\/em>&#8211;<em>Eiringhausen<\/em> el 11 de abril de 1985 por el te\u00f3logo, jurista y can\u00f3nigo catedralicio <strong>Werner Beckerf\u00f6rde<\/strong>.<\/span><\/span><\/p>\n<p>&nbsp;<\/p>\n<\/div>\n<\/div>\n<\/div>\n<\/div>\n<\/div>\n<\/section>\n<\/div>\n<\/div>\n<\/div>\n<\/div>\n<\/div>\n<\/section>\n<\/div>\n<\/div>\n<\/div>\n<\/div>\n<\/div>\n<\/section>\n<\/div>\n<figure id=\"attachment_2322532\" aria-describedby=\"caption-attachment-2322532\" style=\"width: 330px\" class=\"wp-caption aligncenter\"><img loading=\"lazy\" decoding=\"async\" class=\"wp-image-2322532\" src=\"https:\/\/puntocritico.com\/ausajpuntocritico\/wp-content\/uploads\/2026\/08\/lapida-tumba-Carl_Schmitts-224x300.jpeg\" alt=\"CR\u00d3NICA DE SCHMITT \" width=\"330\" height=\"442\" srcset=\"https:\/\/puntocritico.com\/ausajpuntocritico\/wp-content\/uploads\/2026\/08\/lapida-tumba-Carl_Schmitts-224x300.jpeg 224w, https:\/\/puntocritico.com\/ausajpuntocritico\/wp-content\/uploads\/2026\/08\/lapida-tumba-Carl_Schmitts-765x1024.jpeg 765w, https:\/\/puntocritico.com\/ausajpuntocritico\/wp-content\/uploads\/2026\/08\/lapida-tumba-Carl_Schmitts-768x1028.jpeg 768w, https:\/\/puntocritico.com\/ausajpuntocritico\/wp-content\/uploads\/2026\/08\/lapida-tumba-Carl_Schmitts.jpeg 800w\" sizes=\"auto, (max-width: 330px) 100vw, 330px\" \/><figcaption id=\"caption-attachment-2322532\" class=\"wp-caption-text\"><span style=\"color: #008000;\">Kai nomon egn\u014d (\u00ab<em>y reconoci\u00f3 el Nomos<\/em>\u00ab) \u2013 l\u00e1pida en el cementerio cat\u00f3lico de Plettenberg-Eiringhausen<\/span><\/figcaption><\/figure>\n<p>&nbsp;<\/p>\n<p>&nbsp;<\/p>\n<p><a href=\"https:\/\/puntocritico.com\/ausajpuntocritico\/author\/punto-critico\/\"><img loading=\"lazy\" decoding=\"async\" class=\"aligncenter wp-image-9528\" src=\"https:\/\/puntocritico.com\/ausajpuntocritico\/wp-content\/uploads\/2018\/03\/Mosca_Punto_Cr\u00edtico_40.png\" alt=\"\" width=\"80\" height=\"80\" data-id=\"9528\" \/><\/a><\/p>\n<p>&nbsp;<\/p>\n","protected":false},"excerpt":{"rendered":"<div class=\"mh-excerpt\"><p>CR\u00d3NICA DE SCHMITT \u00a0 CR\u00d3NICA DE SCHMITT CARL-SCHMITT-GESELLSCHAFT e.V. &nbsp; Carl Schmitt naci\u00f3 el 11 de julio de 1888 en Plettenberg, Westfalia. Su padre, Johann Schmitt (1853-1945), era originario de Bausendorf, en el valle del <a class=\"mh-excerpt-more\" href=\"https:\/\/puntocritico.com\/ausajpuntocritico\/2026\/08\/31\/cronica-de-schmitt\/\" title=\"CR\u00d3NICA DE SCHMITT: Biograf\u00eda de Carl Schmitt (1888-1985)\">[&#8230;]<\/a><\/p>\n<\/div>","protected":false},"author":3,"featured_media":2322690,"comment_status":"closed","ping_status":"closed","sticky":false,"template":"","format":"standard","meta":{"_acf_changed":false,"_exactmetrics_skip_tracking":false,"_exactmetrics_sitenote_active":false,"_exactmetrics_sitenote_note":"","_exactmetrics_sitenote_category":0,"footnotes":""},"categories":[7,8],"tags":[220],"class_list":["post-2322356","post","type-post","status-publish","format-standard","has-post-thumbnail","category-politica","category-filosofia","tag-carl-schmitt"],"acf":[],"_links":{"self":[{"href":"https:\/\/puntocritico.com\/ausajpuntocritico\/wp-json\/wp\/v2\/posts\/2322356","targetHints":{"allow":["GET"]}}],"collection":[{"href":"https:\/\/puntocritico.com\/ausajpuntocritico\/wp-json\/wp\/v2\/posts"}],"about":[{"href":"https:\/\/puntocritico.com\/ausajpuntocritico\/wp-json\/wp\/v2\/types\/post"}],"author":[{"embeddable":true,"href":"https:\/\/puntocritico.com\/ausajpuntocritico\/wp-json\/wp\/v2\/users\/3"}],"replies":[{"embeddable":true,"href":"https:\/\/puntocritico.com\/ausajpuntocritico\/wp-json\/wp\/v2\/comments?post=2322356"}],"version-history":[{"count":47,"href":"https:\/\/puntocritico.com\/ausajpuntocritico\/wp-json\/wp\/v2\/posts\/2322356\/revisions"}],"predecessor-version":[{"id":2322820,"href":"https:\/\/puntocritico.com\/ausajpuntocritico\/wp-json\/wp\/v2\/posts\/2322356\/revisions\/2322820"}],"wp:featuredmedia":[{"embeddable":true,"href":"https:\/\/puntocritico.com\/ausajpuntocritico\/wp-json\/wp\/v2\/media\/2322690"}],"wp:attachment":[{"href":"https:\/\/puntocritico.com\/ausajpuntocritico\/wp-json\/wp\/v2\/media?parent=2322356"}],"wp:term":[{"taxonomy":"category","embeddable":true,"href":"https:\/\/puntocritico.com\/ausajpuntocritico\/wp-json\/wp\/v2\/categories?post=2322356"},{"taxonomy":"post_tag","embeddable":true,"href":"https:\/\/puntocritico.com\/ausajpuntocritico\/wp-json\/wp\/v2\/tags?post=2322356"}],"curies":[{"name":"wp","href":"https:\/\/api.w.org\/{rel}","templated":true}]}}