{"id":2319136,"date":"2026-04-02T00:05:27","date_gmt":"2026-04-01T22:05:27","guid":{"rendered":"https:\/\/puntocritico.com\/ausajpuntocritico\/?p=2319136"},"modified":"2026-04-03T09:43:05","modified_gmt":"2026-04-03T07:43:05","slug":"segregacion-urbana-y-segregacion-social-por-carmen-alemany-panadero","status":"publish","type":"post","link":"https:\/\/puntocritico.com\/ausajpuntocritico\/2026\/04\/02\/segregacion-urbana-y-segregacion-social-por-carmen-alemany-panadero\/","title":{"rendered":"SEGREGACI\u00d3N URBANA Y SEGREGACI\u00d3N SOCIAL, por Carmen Alemany Panadero (2026)"},"content":{"rendered":"<p id=\"0536\" class=\"pw-post-title hn ho hp bb hq hr hs ht hu hv hw hx hy hz ia ib ic id ie if ig ih ii ij ik il im in io ip bg\" style=\"text-align: justify;\" data-testid=\"storyTitle\"><span style=\"font-size: 14pt; color: #008000;\">Segregaci\u00f3n urbana y segregaci\u00f3n social<\/span><\/p>\n<p data-testid=\"storyTitle\"><\/p>\n<p>&nbsp;<\/p>\n<blockquote>\n<h2 id=\"post-698\" class=\"storytitle\" style=\"text-align: center;\"><span style=\"font-size: 24pt;\">\u00bfPARA QU\u00c9 SIRVE EL ESTADO?<\/span><\/h2>\n<p class=\"storytitle\" style=\"text-align: justify;\"><span style=\"font-size: 14pt;\">Por <a href=\"https:\/\/puntocritico.com\/ausajpuntocritico\/2024\/10\/22\/dos-cartas-de-kropotkin\/\" target=\"_blank\" rel=\"noopener\" data-schema-attribute=\"\">Piotr Kropotkin<\/a><\/span><\/p>\n<p style=\"text-align: justify;\"><span style=\"font-size: 14pt;\"><a href=\"https:\/\/www.democraciaconstitucional.net\/?p=698\" target=\"_blank\" rel=\"noopener\">Democracia Constitucional<\/a>, 2009<\/span><\/p>\n<p><a href=\"https:\/\/puntocritico.com\/ausajpuntocritico\/2021\/03\/07\/el-apoyo-mutuo-un-factor-de-la-evolucion-por-piotr-kropotkin-presentacion\/\" target=\"_blank\" rel=\"noopener\" data-schema-attribute=\"\"><img loading=\"lazy\" decoding=\"async\" class=\"aligncenter wp-image-1983760 size-full\" src=\"https:\/\/puntocritico.com\/ausajpuntocritico\/wp-content\/uploads\/2021\/03\/El-apoyo-mutuo-Un-factor-de-la-evoluci\u00f3n-Piotr-Kropotkin.jpg\" alt=\"\" width=\"598\" height=\"262\" srcset=\"https:\/\/puntocritico.com\/ausajpuntocritico\/wp-content\/uploads\/2021\/03\/El-apoyo-mutuo-Un-factor-de-la-evoluci\u00f3n-Piotr-Kropotkin.jpg 598w, https:\/\/puntocritico.com\/ausajpuntocritico\/wp-content\/uploads\/2021\/03\/El-apoyo-mutuo-Un-factor-de-la-evoluci\u00f3n-Piotr-Kropotkin-300x131.jpg 300w\" sizes=\"auto, (max-width: 598px) 100vw, 598px\" \/><\/a><\/p>\n<p>&nbsp;<\/p>\n<p style=\"text-align: justify;\"><span style=\"font-size: 14pt;\"><strong>E<\/strong>l Estado, este organismo que deja en poder de unos cuantos los asuntos de todos, es una forma de organizaci\u00f3n humana que ha dado de s\u00ed cuanto ten\u00eda, y por eso la humanidad intenta nuevas formas de agrupaci\u00f3n.<\/span><\/p>\n<p style=\"text-align: justify;\"><span style=\"font-size: 14pt;\"><strong>L<\/strong>uego de haber llegado a su apogeo en el siglo dieciocho, los viejos Estados de Europa han entrado ya en la fase de descenso. Los pueblos, sobre todo los de raza latina, aspiran a la destrucci\u00f3n de ese poder que no sirve m\u00e1s que para cohibir su libre desenvolvimiento. Quieren la autonom\u00eda de las provincias, de los municipios, la asociaci\u00f3n entre s\u00ed de los grupos obreros, supresi\u00f3n de poderes que impongan, establecimiento de lazos de apoyo mutuo y libre acuerdo. Tal es la fase hist\u00f3rica en que entramos, y nada puede impedir su realizaci\u00f3n.<\/span><\/p>\n<p style=\"text-align: center;\"><span style=\"font-size: 14pt; color: #008000;\"><strong>UN PODER QUE NOS PERSIGUE A CADA PASO<\/strong><\/span><\/p>\n<p style=\"text-align: justify;\"><span style=\"font-size: 14pt;\"><strong>H<\/strong>oy el Estado ha llegado a inmiscuirse en todas las manifestaciones de nuestra vida; desde la cuna a la tumba nos tritura con su peso. Unas veces el Estado central, otras el de la provincia, otras el municipio; un poder nos persigue a cada paso, se nos aparece a la vuelta de cada esquina y nos vigila, nos impone, nos esclaviza. Legisla todos nuestros actos y amontona tal c\u00famulo de leyes que confunde al m\u00e1s listo de los abogados. Crea cada d\u00eda nuevos engranajes, que adapta aviesamente a la vieja guimbarda recompuesta, llegando a construir una m\u00e1quina tan complicada, bastarda y obstructiva, que subleva a los mismos encargados de hacerla funcionar.<\/span><\/p>\n<p style=\"text-align: justify;\"><span style=\"font-size: 14pt;\"><strong>E<\/strong>l Estado crea adem\u00e1s un ej\u00e9rcito de empleados, ara\u00f1as con largas u\u00f1as que no conocen del universo m\u00e1s que lo visto a trav\u00e9s de los sucios cristales de la oficina o lo contenido en los textos absurdos que llenan el papelote de los archivos; multitud est\u00fapida que no tiene otra religi\u00f3n que el dinero, ni m\u00e1s preocupaci\u00f3n que la de pegarse a un partido cualquiera, negro, azul o blanco, que le garantice un m\u00e1ximo de sueldo por un m\u00ednimo de trabajo.<\/span><\/p>\n<p style=\"text-align: center;\"><span style=\"font-size: 14pt; color: #008000;\"><strong>\u00bfHAY ALGUNA ACTIVIDAD DEL ESTADO QUE NO INDIGNE?<\/strong><\/span><\/p>\n<p style=\"text-align: justify;\"><span style=\"font-size: 14pt;\"><strong>L<\/strong>os resultados nos son, por desgracia, harto conocidos. \u00bfHay una sola rama de la actividad del Estado que no indigne a quien tenga algo que ver con ella?<\/span><\/p>\n<p style=\"text-align: justify;\"><span style=\"font-size: 14pt;\">\u00bf<strong>H<\/strong>ay un solo ramo en que el Estado, luego de muchos siglos de existencia de reformas, no d\u00e9 pruebas evidentes de completa incapacidad? Las sumas inmensas que el Estado arranca a los pueblos, a pesar de ser mayores cada d\u00eda, no son nunca suficientes. El Estado vive siempre a cargo de las futuras generaciones; se llena de deudas y marcha por todos lados a la ruina.<\/span><\/p>\n<p style=\"text-align: justify;\"><span style=\"font-size: 14pt;\"><strong>E<\/strong>l Estado, aceptado por los pueblos con la condici\u00f3n de ser el defensor de los d\u00e9biles contra los fuertes, se ha convertido hoy en fortaleza de los ricos contra los explotados, del propietario contra los proletarios.<\/span><\/p>\n<p style=\"text-align: center;\"><span style=\"font-size: 14pt; color: #008000;\"><strong>EL ESTADO REDUCE A SILENCIO A QUIEN NO SE DEJA CORROMPER<\/strong><\/span><\/p>\n<p style=\"text-align: justify;\"><span style=\"font-size: 14pt;\">\u00bf<strong>P<\/strong>ara qu\u00e9 sirve esta inmensa m\u00e1quina que llamamos Estado? \u00bfEs para impedir la explotaci\u00f3n del obrero por el capitalista, del campesino por el rentista? \u00bfEs para facilitar y asegurar el trabajo, para defendernos contra el usurero, para suministrarnos alimentos cuando la amada esposa no tiene m\u00e1s que agua para calmar el hambre del ni\u00f1o que llora agarrado a su exhausto seno? No, y mil veces no.<\/span><\/p>\n<p style=\"text-align: justify;\"><span style=\"font-size: 14pt;\"><strong>T<\/strong>odo para el propietario holgaz\u00e1n; todo contra el proletario trabajador; la instrucci\u00f3n burguesa que desde la m\u00e1s tierna edad corrompe la infancia, inculc\u00e1ndole prejuicios de esclavitud; la Iglesia que confunde el cerebro de la mujer; la ley que impide la difusi\u00f3n de ideas de solidaridad e igualdad; el dinero, que sirve a veces para corromper a los que se hacen ap\u00f3stoles de la solidaridad de los trabajadores; la c\u00e1rcel y la metralla a discreci\u00f3n para reducir a silencio a quien no se deja corromper. He ah\u00ed la misi\u00f3n del Estado.<\/span><\/p>\n<p>&nbsp;<\/p>\n<p><a href=\"https:\/\/puntocritico.com\/ausajpuntocritico\/2016\/12\/19\/palabras-de-un-rebelde\/\" target=\"_blank\" rel=\"noopener\" data-schema-attribute=\"\"><img loading=\"lazy\" decoding=\"async\" class=\"aligncenter wp-image-2106770\" src=\"https:\/\/puntocritico.com\/ausajpuntocritico\/wp-content\/uploads\/2021\/03\/Kropotkin-dibujo.jpg\" alt=\"\" width=\"440\" height=\"252\" \/><\/a><\/p>\n<p style=\"text-align: center;\"><span style=\"color: #008000; font-size: 18pt;\">* * *<\/span><\/p>\n<p style=\"text-align: justify;\"><span style=\"font-size: 14pt;\"><a href=\"https:\/\/puntocritico.com\/ausajpuntocritico\/2021\/07\/20\/palabras-de-un-rebelde-ruina-institucional\/\" target=\"_blank\" rel=\"noopener\" data-schema-attribute=\"\"><strong>PIOTR KROPOTKIN<\/strong>,\u00a0<\/a><em>Palabras de un rebelde.<\/em> Edhasa, 2001. Traducci\u00f3n de David Le\u00f3n G\u00f3mez.\u00a0<\/span><\/p>\n<\/blockquote>\n<p>&nbsp;<\/p>\n<p><img loading=\"lazy\" decoding=\"async\" class=\"aligncenter wp-image-22998\" src=\"https:\/\/puntocritico.com\/ausajpuntocritico\/wp-content\/uploads\/2020\/06\/KROPOTKIN-Justicia.jpg\" alt=\"\" width=\"240\" height=\"325\" \/><\/p>\n<p style=\"text-align: center;\"><span style=\"font-size: 18pt;\"><strong><span style=\"color: #008000;\">*******<\/span><\/strong><\/span><\/p>\n<h2 id=\"0536\" class=\"pw-post-title hn ho hp bb hq hr hs ht hu hv hw hx hy hz ia ib ic id ie if ig ih ii ij ik il im in io ip bg\" style=\"text-align: center;\" data-testid=\"storyTitle\"><span style=\"font-size: 24pt;\">Segregaci\u00f3n urbana y segregaci\u00f3n social<\/span><\/h2>\n<p style=\"text-align: center;\"><span style=\"font-size: 14pt;\"><strong class=\"nl hq\">No existe un solo Madrid, sino varios, en funci\u00f3n de en qu\u00e9 barrio tengas el azar de haber nacido o crecido.<\/strong><\/span><\/p>\n<div>\n<div class=\"speechify-ignore v ct\">\n<div class=\"speechify-ignore bd e\">\n<div class=\"v iq ir is it iu iv iw ix iy iz ja\">\n<div class=\"v j ja\">\n<div class=\"v jb\">\n<div>\n<div class=\"bi\" role=\"tooltip\" aria-describedby=\"5\" aria-labelledby=\"5\">\n<div class=\"ba\" tabindex=\"-1\">\n<div class=\"e jc jd bu je jf\" style=\"text-align: justify;\"><span style=\"font-size: 14pt;\">Por <a href=\"https:\/\/medium.com\/@carrmen.alemany\/segregaci%C3%B3n-urbana-y-segregaci%C3%B3n-social-edcac778e7ab\" data-schema-attribute=\"\" target=\"_blank\" rel=\"noopener\">Carmen Alemany Panadero<\/a>, 22 MARZO 2026<\/span><\/div>\n<div>\u00a0<\/div>\n<\/div>\n<\/div>\n<\/div>\n<\/div>\n<\/div>\n<\/div>\n<\/div>\n<\/div>\n<\/div>\n<div><img loading=\"lazy\" decoding=\"async\" class=\"aligncenter wp-image-2319138\" src=\"https:\/\/puntocritico.com\/ausajpuntocritico\/wp-content\/uploads\/2026\/04\/Segregacion-urbana-y-segregacion-social-1-300x169.webp\" alt=\"Segregaci\u00f3n urbana y segregaci\u00f3n social \" width=\"480\" height=\"270\" srcset=\"https:\/\/puntocritico.com\/ausajpuntocritico\/wp-content\/uploads\/2026\/04\/Segregacion-urbana-y-segregacion-social-1-300x169.webp 300w, https:\/\/puntocritico.com\/ausajpuntocritico\/wp-content\/uploads\/2026\/04\/Segregacion-urbana-y-segregacion-social-1-1024x575.webp 1024w, https:\/\/puntocritico.com\/ausajpuntocritico\/wp-content\/uploads\/2026\/04\/Segregacion-urbana-y-segregacion-social-1-768x431.webp 768w, https:\/\/puntocritico.com\/ausajpuntocritico\/wp-content\/uploads\/2026\/04\/Segregacion-urbana-y-segregacion-social-1-678x381.webp 678w, https:\/\/puntocritico.com\/ausajpuntocritico\/wp-content\/uploads\/2026\/04\/Segregacion-urbana-y-segregacion-social-1.webp 1100w\" sizes=\"auto, (max-width: 480px) 100vw, 480px\" \/><\/div>\n<div style=\"text-align: justify;\">\u00a0<\/div>\n<div style=\"text-align: justify;\">\u00a0<\/div>\n<div style=\"text-align: justify;\">\n<p id=\"6a18\" class=\"pw-post-body-paragraph nj nk hp nl b nm nn no np nq nr ns nt nu nv nw nx ny nz oa ob oc od oe of og hi bg\" data-selectable-paragraph=\"\"><span style=\"font-size: 14pt;\"><strong>A ning\u00fan observador se le escapa que las ciudades est\u00e1n divididas en barrios y distritos, y que esas zonas pueden ser muy diferentes entre s\u00ed<\/strong>. En un hipot\u00e9tico paseo por nuestra ciudad, el paisaje urbano cambia seg\u00fan nos desplazamos de un barrio a otro. <\/span><\/p>\n<p class=\"pw-post-body-paragraph nj nk hp nl b nm nn no np nq nr ns nt nu nv nw nx ny nz oa ob oc od oe of og hi bg\" data-selectable-paragraph=\"\"><span style=\"font-size: 14pt;\"><strong>Cruzar un puente puede suponer un cambio total de escenario<\/strong>. <\/span><\/p>\n<p class=\"pw-post-body-paragraph nj nk hp nl b nm nn no np nq nr ns nt nu nv nw nx ny nz oa ob oc od oe of og hi bg\" data-selectable-paragraph=\"\"><span style=\"font-size: 14pt;\">De las modernas urbanizaciones con <em>piscina del Pasillo Verde<\/em> y los amplios paseos del <em>Madrid R\u00edo<\/em> a los viejos bloques de ladrillo de <em>Orcasur<\/em>, la distancia f\u00edsica no es tanta. <strong>Entre la<em> Puerta del Sol<\/em> de Madrid y la <em>Colonia Experimental de Villaverde<\/em> solo median unos 7,5 km, pero no parece la misma ciudad. Son dos mundos diferentes<\/strong>. <\/span><\/p>\n<p class=\"pw-post-body-paragraph nj nk hp nl b nm nn no np nq nr ns nt nu nv nw nx ny nz oa ob oc od oe of og hi bg\" data-selectable-paragraph=\"\"><span style=\"font-size: 14pt;\">En realidad, <strong>hay muchos mundos diferentes en un mismo municipio<\/strong>.<\/span><\/p>\n<p id=\"055b\" class=\"pw-post-body-paragraph nj nk hp nl b nm nn no np nq nr ns nt nu nv nw nx ny nz oa ob oc od oe of og hi bg\" data-selectable-paragraph=\"\"><span style=\"font-size: 14pt;\"><strong><em>Madrid<\/em>, y otras muchas ciudades, est\u00e1n distribuidas en zonas, no solo geogr\u00e1ficas o administrativas, tambi\u00e9n socioecon\u00f3micas<\/strong>. Las desigualdades son evidentes, tanto a simple vista como con un an\u00e1lisis de los datos socioecon\u00f3micos del distrito. <\/span><\/p>\n<p class=\"pw-post-body-paragraph nj nk hp nl b nm nn no np nq nr ns nt nu nv nw nx ny nz oa ob oc od oe of og hi bg\" data-selectable-paragraph=\"\"><span style=\"font-size: 14pt;\"><strong>La renta es muy dispar entre los distritos ricos y los pobres<\/strong>: <\/span><\/p>\n<blockquote>\n<p class=\"pw-post-body-paragraph nj nk hp nl b nm nn no np nq nr ns nt nu nv nw nx ny nz oa ob oc od oe of og hi bg\" style=\"text-align: justify;\" data-selectable-paragraph=\"\"><strong><span style=\"font-size: 14pt;\"><span style=\"color: #008000;\">hay distritos como Chamart\u00edn con 28.000\u20ac de renta media neta por persona y otros como <em>Usera<\/em>, con 12.300\u20ac (Atlas de Distribuci\u00f3n de Renta de los Hogares, INE 2025).<\/span> <\/span><\/strong><\/p>\n<\/blockquote>\n<p data-selectable-paragraph=\"\">\u00a0<\/p>\n<p class=\"pw-post-body-paragraph nj nk hp nl b nm nn no np nq nr ns nt nu nv nw nx ny nz oa ob oc od oe of og hi bg\" data-selectable-paragraph=\"\"><span style=\"font-size: 14pt;\"><strong>La esperanza de vida tambi\u00e9n var\u00eda entre las diferentes zonas de Madrid<\/strong>. Entre los 86,5 a\u00f1os de esperanza de vida de <em>Retiro<\/em>, a los 82 u 83 de <em>Usera<\/em>. La diferencia puede ser de hasta 3 o 4 a\u00f1os, la cifra var\u00eda seg\u00fan el a\u00f1o espec\u00edfico del estudio.<\/span><\/p>\n<p id=\"f24d\" class=\"pw-post-body-paragraph nj nk hp nl b nm nn no np nq nr ns nt nu nv nw nx ny nz oa ob oc od oe of og hi bg\" data-selectable-paragraph=\"\"><span style=\"font-size: 14pt;\"><strong>El urbanismo no es neutral<\/strong>. El dise\u00f1o de una ciudad y la configuraci\u00f3n de sus barrios no es inocua. Se dise\u00f1a con unos objetivos, y tiene efectos y consecuencias. Todas las pol\u00edticas p\u00fablicas tienen consecuencias, y en todas las decisiones hay beneficiados y perjudicados. <strong>\u00bfQui\u00e9n decide en qu\u00e9 barrios es prioritario invertir? <\/strong><\/span><\/p>\n<blockquote>\n<p class=\"pw-post-body-paragraph nj nk hp nl b nm nn no np nq nr ns nt nu nv nw nx ny nz oa ob oc od oe of og hi bg\" style=\"text-align: justify;\" data-selectable-paragraph=\"\"><strong><span style=\"font-size: 14pt; color: #008000;\">\u00bfPor qu\u00e9 hay barrios cuyas dotaciones p\u00fablicas y mobiliario urbano tienen un mantenimiento adecuado y otros no? <\/span><\/strong><\/p>\n<p class=\"pw-post-body-paragraph nj nk hp nl b nm nn no np nq nr ns nt nu nv nw nx ny nz oa ob oc od oe of og hi bg\" style=\"text-align: justify;\" data-selectable-paragraph=\"\"><strong><span style=\"font-size: 14pt; color: #008000;\">\u00bfPor que casi siempre se instalan las depuradoras y los cantones de limpieza en determinados distritos? <\/span><\/strong><\/p>\n<p class=\"pw-post-body-paragraph nj nk hp nl b nm nn no np nq nr ns nt nu nv nw nx ny nz oa ob oc od oe of og hi bg\" style=\"text-align: justify;\" data-selectable-paragraph=\"\"><strong><span style=\"font-size: 14pt; color: #008000;\">\u00bfNo tienen el mismo derecho todos los vecinos a tener un barrio habitable? <\/span><\/strong><\/p>\n<p class=\"pw-post-body-paragraph nj nk hp nl b nm nn no np nq nr ns nt nu nv nw nx ny nz oa ob oc od oe of og hi bg\" style=\"text-align: justify;\" data-selectable-paragraph=\"\"><strong><span style=\"font-size: 14pt; color: #008000;\">\u00bfQui\u00e9n y con qu\u00e9 criterio decide quienes van a ser los perjudicados?<\/span><\/strong><\/p>\n<\/blockquote>\n<\/div>\n<p data-selectable-paragraph=\"\">\u00a0<\/p>\n<p data-selectable-paragraph=\"\"><img loading=\"lazy\" decoding=\"async\" class=\"aligncenter wp-image-2319145\" src=\"https:\/\/puntocritico.com\/ausajpuntocritico\/wp-content\/uploads\/2026\/04\/Segregacion-urbana-y-segregacion-social-para-PPAL-300x191.jpg\" alt=\"\" width=\"480\" height=\"306\" srcset=\"https:\/\/puntocritico.com\/ausajpuntocritico\/wp-content\/uploads\/2026\/04\/Segregacion-urbana-y-segregacion-social-para-PPAL-300x191.jpg 300w, https:\/\/puntocritico.com\/ausajpuntocritico\/wp-content\/uploads\/2026\/04\/Segregacion-urbana-y-segregacion-social-para-PPAL.jpg 640w\" sizes=\"auto, (max-width: 480px) 100vw, 480px\" \/><\/p>\n<div style=\"text-align: justify;\">\n<h3 id=\"5f9b\" class=\"oh oi hp bb oj ok ol om on oo op oq or os ot ou ov ow ox oy oz pa pb pc pd pe bg\" style=\"text-align: center;\"><span style=\"font-size: 18pt;\"><strong class=\"ah\">Un ejemplo: el Barrio de San Ferm\u00edn, en Usera<\/strong><\/span><\/h3>\n<p id=\"c7eb\" class=\"pw-post-body-paragraph nj nk hp nl b nm pf no np nq pg ns nt nu ph nw nx ny pi oa ob oc pj oe of og hi bg\" data-selectable-paragraph=\"\"><span style=\"font-size: 14pt;\">En el blog \u201c<a class=\"z pk\" href=\"https:\/\/www.todoporhacer.org\/memoria-san-fermin\/#:~:text=Los%2520comentarios%2520est%C3%A1n%2520cerrados.\" target=\"_blank\" rel=\"noopener ugc nofollow\"><em class=\"pl\">Todo por hacer\u201d<\/em><\/a> explican muy bien la historia del <em>Barrio de San Ferm\u00edn:<\/em><\/span><\/p>\n<blockquote>\n<p class=\"pw-post-body-paragraph nj nk hp nl b nm pf no np nq pg ns nt nu ph nw nx ny pi oa ob oc pj oe of og hi bg\" style=\"text-align: justify;\" data-selectable-paragraph=\"\"><strong><span style=\"font-size: 14pt; color: #008000;\">\u00a0\u201c<em class=\"pl\">Las periferias nos ense\u00f1an los trapos sucios de las din\u00e1micas urbanas<\/em>\u201d.<\/span><\/strong><\/p>\n<\/blockquote>\n<p data-selectable-paragraph=\"\">\u00a0<\/p>\n<p id=\"f0ec\" class=\"pw-post-body-paragraph nj nk hp nl b nm nn no np nq nr ns nt nu nv nw nx ny nz oa ob oc od oe of og hi bg\" data-selectable-paragraph=\"\"><span style=\"font-size: 14pt;\"><strong>El<em> barrio de San Ferm\u00edn<\/em> naci\u00f3 y creci\u00f3 delimitado por varias infraestructuras urbanas que lo aprisionan<\/strong>. Al este lo limita el <em>r\u00edo Manzanares<\/em>, \u00fanico l\u00edmite natural. Al norte lo limita el nudo sur de la <em>M-30<\/em>, al oeste la <em>Avenida de Andaluc\u00eda<\/em>, y al sur la <em>M-40<\/em> y el nudo sur de la <em>Autov\u00eda de Andaluc\u00eda<\/em>. <strong>Esto ha causado que el barrio est\u00e9 en una burbuja, aislada incluso del resto del <em>Distrito de Usera<\/em><\/strong>.<\/span><\/p>\n<p id=\"ab19\" class=\"pw-post-body-paragraph nj nk hp nl b nm nn no np nq nr ns nt nu nv nw nx ny nz oa ob oc od oe of og hi bg\" data-selectable-paragraph=\"\"><span style=\"font-size: 14pt;\"><strong><em>San Ferm\u00edn<\/em> es uno de los barrios m\u00e1s vulnerables de <em>Usera<\/em>, y por ende, de Madrid<\/strong>. Hist\u00f3ricamente, es uno de los diez barrios con menor renta de la capital. Seg\u00fan el<strong> Atlas de Distribuci\u00f3n de Renta de los Hogares<\/strong> (INE, 2025), mientras que distritos como <em>Chamart\u00edn<\/em> superan los\u00a0<strong class=\"nl hq\">28.000 \u20ac\u00a0<\/strong>por persona, la renta neta media de la <em>Ciudad de Madrid<\/em> esta en unos\u00a0<strong class=\"nl hq\">19.362\u20ac,<\/strong>\u00a0y el<em> barrio de San Ferm\u00edn<\/em> se encuentra en unos\u00a0<strong class=\"nl hq\">11.200 \u20ac<\/strong>.\u00a0<\/span><\/p>\n<p class=\"pw-post-body-paragraph nj nk hp nl b nm nn no np nq nr ns nt nu nv nw nx ny nz oa ob oc od oe of og hi bg\" data-selectable-paragraph=\"\"><span style=\"font-size: 14pt;\">Este barrio se encuentra en niveles inferiores a los del resto del <em>Distrito de Usera<\/em>, al cual pertenece, teniendo Usera una renta neta media de unos\u00a0<strong class=\"nl hq\">12.300\u20ac<\/strong>. <\/span><\/p>\n<p class=\"pw-post-body-paragraph nj nk hp nl b nm nn no np nq nr ns nt nu nv nw nx ny nz oa ob oc od oe of og hi bg\" data-selectable-paragraph=\"\"><span style=\"font-size: 14pt;\"><strong>La tasa de paro de San Ferm\u00edn es muy superior a la del resto de la Ciudad de Madrid<\/strong> (<em>entre el 10,15% y el 11,5% de desempleo, frente al 6,6% de tasa promedio en Madrid<\/em>). <\/span><\/p>\n<p class=\"pw-post-body-paragraph nj nk hp nl b nm nn no np nq nr ns nt nu nv nw nx ny nz oa ob oc od oe of og hi bg\" data-selectable-paragraph=\"\"><span style=\"font-size: 14pt;\"><strong>El absentismo escolar casi duplica la tasa media de Educaci\u00f3n Secundaria de la Ciudad de Madrid<\/strong>, seg\u00fan datos del <em>PIBA<\/em>.\u00a0<\/span><span style=\"font-size: 14pt;\"><strong><em>San Ferm\u00edn<\/em> se encuentra entre los cinco barrios de Madrid con mayor riesgo de vulnerabilidad social<\/strong>.<\/span><\/p>\n<\/div>\n<p data-selectable-paragraph=\"\">\u00a0<\/p>\n<blockquote>\n<p style=\"text-align: center;\" data-selectable-paragraph=\"\"><strong><span style=\"font-size: 14pt; color: #008000;\">Numerosas familias viven hacinadas en habitaciones, muchas de ellas sin contrato de alquiler, los desahucios est\u00e1n a la orden del d\u00eda. Se trata de un barrio estigmatizado por la pobreza<\/span><\/strong><\/p>\n<\/blockquote>\n<p data-selectable-paragraph=\"\">\u00a0<\/p>\n<div style=\"text-align: justify;\">\n<p class=\"pw-post-body-paragraph nj nk hp nl b nm nn no np nq nr ns nt nu nv nw nx ny nz oa ob oc od oe of og hi bg\" data-selectable-paragraph=\"\"><span style=\"font-size: 14pt;\">Numerosas familias viven hacinadas en habitaciones, muchas de ellas sin contrato de alquiler, los desahucios est\u00e1n a la orden del d\u00eda. <strong>Se trata de un barrio estigmatizado por la pobreza<\/strong>, habitado por miles de personas que solo quieren tener una calidad de vida equiparable al resto de los madrile\u00f1os.<\/span><\/p>\n<\/div>\n<p data-selectable-paragraph=\"\">\u00a0<\/p>\n<blockquote>\n<p style=\"text-align: center;\" data-selectable-paragraph=\"\"><span style=\"color: #008000;\"><strong><span style=\"font-size: 14pt;\"><em>San Ferm\u00edn <\/em>es\u00a0un barrio estigmatizado por la pobreza, habitado por miles de personas que solo quieren tener una calidad de vida equiparable al resto de los madrile\u00f1os.<\/span><\/strong><\/span><\/p>\n<\/blockquote>\n<p data-selectable-paragraph=\"\">\u00a0<\/p>\n<div style=\"text-align: justify;\">\n<p id=\"0d11\" class=\"pw-post-body-paragraph nj nk hp nl b nm nn no np nq nr ns nt nu nv nw nx ny nz oa ob oc od oe of og hi bg\" data-selectable-paragraph=\"\"><span style=\"font-size: 14pt;\">Entre el barrio de <em>San Ferm\u00edn<\/em> (<em>Usera<\/em>) y el de <em>Chopera<\/em> (<em>Arganzuela<\/em>) solo median unos 3,7 km. Sin embargo, los indicadores socioecon\u00f3micos reflejan <strong>dos mundos diferentes<\/strong>.<\/span><\/p>\n<\/div>\n<p data-selectable-paragraph=\"\">\u00a0<\/p>\n<p data-selectable-paragraph=\"\"><img loading=\"lazy\" decoding=\"async\" class=\"aligncenter wp-image-2319144\" src=\"https:\/\/puntocritico.com\/ausajpuntocritico\/wp-content\/uploads\/2026\/04\/overcrowded-downtown-building-abandon-apartment-1-768x475-1-300x186.jpg\" alt=\"\" width=\"480\" height=\"297\" srcset=\"https:\/\/puntocritico.com\/ausajpuntocritico\/wp-content\/uploads\/2026\/04\/overcrowded-downtown-building-abandon-apartment-1-768x475-1-300x186.jpg 300w, https:\/\/puntocritico.com\/ausajpuntocritico\/wp-content\/uploads\/2026\/04\/overcrowded-downtown-building-abandon-apartment-1-768x475-1.jpg 768w\" sizes=\"auto, (max-width: 480px) 100vw, 480px\" \/><\/p>\n<div style=\"text-align: justify;\">\n<h3 id=\"1199\" class=\"oh oi hp bb oj ok ol om on oo op oq or os ot ou ov ow ox oy oz pa pb pc pd pe bg\" style=\"text-align: center;\"><span style=\"font-size: 18pt;\"><strong class=\"ah\">La Colonia Experimental de Villaverde Alto<\/strong><\/span><\/h3>\n<p id=\"479f\" class=\"pw-post-body-paragraph nj nk hp nl b nm pf no np nq pg ns nt nu ph nw nx ny pi oa ob oc pj oe of og hi bg\" data-selectable-paragraph=\"\"><span style=\"font-size: 14pt;\"><strong>Un ejemplo de abandono institucional lo encontramos en la<em> Colonia Experimental de Villaverde Alto<\/em><\/strong>. <\/span><\/p>\n<p class=\"pw-post-body-paragraph nj nk hp nl b nm pf no np nq pg ns nt nu ph nw nx ny pi oa ob oc pj oe of og hi bg\" data-selectable-paragraph=\"\"><span style=\"font-size: 14pt;\">Esta colonia <strong>naci\u00f3 en 1954 como un ensayo urban\u00edstico para buscar soluciones econ\u00f3micas de vivienda para trabajadores<\/strong>. Se construyeron 408 viviendas en 29 bloques, con materiales econ\u00f3micos.\u00a0<\/span><\/p>\n<p class=\"pw-post-body-paragraph nj nk hp nl b nm pf no np nq pg ns nt nu ph nw nx ny pi oa ob oc pj oe of og hi bg\" data-selectable-paragraph=\"\"><span style=\"font-size: 14pt;\"><strong>D\u00e9cadas despu\u00e9s, la escasa calidad de los materiales y la falta de mantenimiento han derivado en graves deficiencias estructurales<\/strong>: <\/span><\/p>\n<blockquote>\n<p class=\"pw-post-body-paragraph nj nk hp nl b nm pf no np nq pg ns nt nu ph nw nx ny pi oa ob oc pj oe of og hi bg\" style=\"text-align: justify;\" data-selectable-paragraph=\"\"><span style=\"color: #008000;\"><strong><span style=\"font-size: 14pt;\">deterioro extremo de las viviendas, humedades severas con moho e insalubridad, grietas profundas que comprometen la estructura de los edificios, desprendimiento de cornisas, edificios en situaci\u00f3n de ruina t\u00e9cnica, cuadros el\u00e9ctricos expuestos, entre otros problemas.<\/span><\/strong><\/span><\/p>\n<\/blockquote>\n<p data-selectable-paragraph=\"\">\u00a0<\/p>\n<p class=\"pw-post-body-paragraph nj nk hp nl b nm nn no np nq nr ns nt nu nv nw nx ny nz oa ob oc od oe of og hi bg\" data-selectable-paragraph=\"\"><span style=\"font-size: 14pt;\">El entorno urbano sufre, adem\u00e1s, de falta de mantenimiento cr\u00f3nico, con <strong>zonas sin pavimentar, desniveles, iluminaci\u00f3n deficiente, alcantarillas en mal estado y presencia de ratas<\/strong>. <strong>A pesar de las sentencias del TSJM, la rehabilitaci\u00f3n no ha llegado a realizarse<\/strong>. <\/span><\/p>\n<p class=\"pw-post-body-paragraph nj nk hp nl b nm nn no np nq nr ns nt nu nv nw nx ny nz oa ob oc od oe of og hi bg\" data-selectable-paragraph=\"\"><span style=\"font-size: 14pt;\">El propio <strong>Ayuntamiento de Madrid <\/strong>ha reconocido que los inmuebles no cumplen las condiciones de habitabilidad m\u00ednimas.<\/span><\/p>\n<p id=\"dfa0\" class=\"pw-post-body-paragraph nj nk hp nl b nm nn no np nq nr ns nt nu nv nw nx ny nz oa ob oc od oe of og hi bg\" data-selectable-paragraph=\"\"><span style=\"font-size: 14pt;\"><strong>La renta media de la zona es significativamente inferior (casi un 38%) a la media de la ciudad de Madrid<\/strong>. Esto dificulta que los residentes puedan costear por s\u00ed mismos las reformas necesarias.<\/span><\/p>\n<p id=\"d049\" class=\"pw-post-body-paragraph nj nk hp nl b nm no np nq ns nt nu nw nx ny oa ob oc oe of um og hi bg\" data-selectable-paragraph=\"\"><span style=\"font-size: 14pt;\">Despu\u00e9s de d\u00e9cadas de lucha vecinal, liderada por asociaciones como<em><strong> La Incolora<\/strong> <\/em>y con el apoyo de la <em><strong>FRAVM<\/strong><\/em>, est\u00e1 previsto un <strong>proyecto de regeneraci\u00f3n del barrio<\/strong>. El proyecto implica demoliciones escalonadas, realojos provisionales, y retorno a los edificios ya rehabilitados, por lo que <strong>el proceso ser\u00e1 lento y complejo<\/strong>.<\/span><\/p>\n<\/div>\n<p style=\"text-align: justify;\">\u00a0<\/p>\n<p style=\"text-align: justify;\"><img loading=\"lazy\" decoding=\"async\" class=\"aligncenter wp-image-2319139\" src=\"https:\/\/puntocritico.com\/ausajpuntocritico\/wp-content\/uploads\/2026\/04\/Segregacion-urbana-social-300x169.webp\" alt=\"\" width=\"480\" height=\"270\" srcset=\"https:\/\/puntocritico.com\/ausajpuntocritico\/wp-content\/uploads\/2026\/04\/Segregacion-urbana-social-300x169.webp 300w, https:\/\/puntocritico.com\/ausajpuntocritico\/wp-content\/uploads\/2026\/04\/Segregacion-urbana-social-678x381.webp 678w, https:\/\/puntocritico.com\/ausajpuntocritico\/wp-content\/uploads\/2026\/04\/Segregacion-urbana-social.webp 722w\" sizes=\"auto, (max-width: 480px) 100vw, 480px\" \/><\/p>\n<h3 id=\"c6c5\" class=\"oh oi hp bb oj ok ol om on oo op oq or os ot ou ov ow ox oy oz pa pb pc pd pe bg\" style=\"text-align: center;\"><span style=\"font-size: 18pt;\"><strong class=\"ah\">La infancia y la adolescencia en los diferentes distritos<\/strong><\/span><\/h3>\n<p id=\"f5c8\" class=\"pw-post-body-paragraph nj nk hp nl b nm pf no np nq pg ns nt nu ph nw nx ny pi oa ob oc pj oe of og hi bg\" style=\"text-align: justify;\" data-selectable-paragraph=\"\"><span style=\"font-size: 14pt;\"><strong>Las grandes disparidades entre los diferentes distritos de la Ciudad de Madrid afectan directamente a las condiciones de vida de ni\u00f1os\/as y adolescentes<\/strong>. <\/span><\/p>\n<p class=\"pw-post-body-paragraph nj nk hp nl b nm pf no np nq pg ns nt nu ph nw nx ny pi oa ob oc pj oe of og hi bg\" style=\"text-align: justify;\" data-selectable-paragraph=\"\"><span style=\"font-size: 14pt;\">Como ya hemos visto, <strong>hay grandes diferencias en todos los indicadores socioecon\u00f3micos<\/strong>: <\/span><\/p>\n<blockquote>\n<p class=\"pw-post-body-paragraph nj nk hp nl b nm pf no np nq pg ns nt nu ph nw nx ny pi oa ob oc pj oe of og hi bg\" style=\"text-align: justify;\" data-selectable-paragraph=\"\"><span style=\"color: #008000;\"><strong><span style=\"font-size: 14pt;\">renta media, tasa de desempleo, determinantes de salud, esperanza de vida, y otros muchos, como la vivienda, el absentismo escolar o el abandono escolar prematuro.<\/span><\/strong><\/span><\/p>\n<\/blockquote>\n<p data-selectable-paragraph=\"\">\u00a0<\/p>\n<p id=\"bbf0\" class=\"pw-post-body-paragraph nj nk hp nl b nm nn no np nq nr ns nt nu nv nw nx ny nz oa ob oc od oe of og hi bg\" style=\"text-align: justify;\" data-selectable-paragraph=\"\"><span style=\"font-size: 14pt;\">Seg\u00fan el <strong>Informe de Familias, Infancia y Adolescencia del Ayuntamiento de Madrid (2024), la existencia de menores en el hogar aumenta su vulnerabilidad<\/strong>. Y entre todos los hogares con menores, las <strong>familias monoparentales<\/strong> tienen valores de riesgo de pobreza de m\u00e1s de 36,9 puntos por encima de la media.<\/span><\/p>\n<p id=\"c6ae\" class=\"pw-post-body-paragraph nj nk hp nl b nm nn no np nq nr ns nt nu nv nw nx ny nz oa ob oc od oe of og hi bg\" style=\"text-align: justify;\" data-selectable-paragraph=\"\"><span style=\"font-size: 14pt;\"><strong>A esta situaci\u00f3n hay que a\u00f1adirle el condicionante que supone residir en uno u otro distrito<\/strong>. <\/span><\/p>\n<p class=\"pw-post-body-paragraph nj nk hp nl b nm nn no np nq nr ns nt nu nv nw nx ny nz oa ob oc od oe of og hi bg\" style=\"text-align: justify;\" data-selectable-paragraph=\"\"><span style=\"font-size: 14pt;\">Seg\u00fan el <strong>INE<\/strong>, los <strong>distritos de la Ciudad de Madrid con mayor tasa de pobreza infantil<\/strong>\u00a0son<strong class=\"nl hq\">\u00a0Puente de Vallecas, Usera, Villaverde y Carabanche<\/strong>l. <\/span><\/p>\n<p class=\"pw-post-body-paragraph nj nk hp nl b nm nn no np nq nr ns nt nu nv nw nx ny nz oa ob oc od oe of og hi bg\" style=\"text-align: justify;\" data-selectable-paragraph=\"\"><span style=\"font-size: 14pt;\">Estos <em>Distritos<\/em> tambi\u00e9n <strong>concentran las mayores tasas de absentismo escolar, fracaso escolar y abandono escolar prematuro<\/strong>. Los distritos con menor tasa de pobreza infantil son <strong class=\"nl hq\">Retiro, Salamanca y Chamart\u00edn<\/strong>.\u00a0<\/span><span style=\"font-size: 14pt;\">Las tasas de pobreza infantil de Puente de Vallecas rondan un abrumador 45% de los ni\u00f1os\/as, mientras que en Chamart\u00edn, la pobreza infantil ronda el 8\u201310%.<\/span><\/p>\n<p data-selectable-paragraph=\"\">\u00a0<\/p>\n<blockquote>\n<p style=\"text-align: center;\" data-selectable-paragraph=\"\"><strong><span style=\"font-size: 14pt; color: #008000;\">Las tasas de pobreza infantil de Puente de Vallecas rondan un abrumador 45% de los ni\u00f1os\/as, mientras que en Chamart\u00edn, la pobreza infantil ronda el 8\u201310%<\/span><\/strong><\/p>\n<\/blockquote>\n<p data-selectable-paragraph=\"\">\u00a0<\/p>\n<p data-selectable-paragraph=\"\"><img loading=\"lazy\" decoding=\"async\" class=\"aligncenter wp-image-2319147\" src=\"https:\/\/puntocritico.com\/ausajpuntocritico\/wp-content\/uploads\/2026\/04\/Segregacion-urbana.jpg\" alt=\"\" width=\"400\" height=\"264\" \/><\/p>\n<h3 id=\"bb1c\" class=\"oh oi hp bb oj ok ol om on oo op oq or os ot ou ov ow ox oy oz pa pb pc pd pe bg\" style=\"text-align: center;\"><span style=\"font-size: 18pt;\"><strong class=\"ah\">\u00bfD\u00f3nde instalamos aquello que nadie quiere?<\/strong><\/span><\/h3>\n<p id=\"63b9\" class=\"pw-post-body-paragraph nj nk hp nl b nm pf no np nq pg ns nt nu ph nw nx ny pi oa ob oc pj oe of og hi bg\" style=\"text-align: justify;\" data-selectable-paragraph=\"\"><span style=\"font-size: 14pt;\"><strong>Existe una gran desproporci\u00f3n en Madrid en lo referido a la implantaci\u00f3n de instalaciones \u201c<em>sucias<\/em>\u201d o molestas, como pueden ser depuradoras, cantones de limpieza o incineradoras<\/strong>. <\/span><\/p>\n<p class=\"pw-post-body-paragraph nj nk hp nl b nm pf no np nq pg ns nt nu ph nw nx ny pi oa ob oc pj oe of og hi bg\" style=\"text-align: justify;\" data-selectable-paragraph=\"\"><span style=\"font-size: 14pt;\">No hay ninguna gran depuradora en los distritos de renta alta (<em>existe una en Moncloa, pero justamente en la zona m\u00e1s humilde, junto a la M-30, y una en Valdebebas, pero de \u00faltima generaci\u00f3n, m\u00e1s moderna y compacta y que no genera las mismas molestias<\/em>).<\/span><\/p>\n<p data-selectable-paragraph=\"\">\u00a0<\/p>\n<blockquote>\n<p style=\"text-align: center;\" data-selectable-paragraph=\"\"><span style=\"color: #008000;\"><strong><span style=\"font-size: 14pt;\">Y aunque el Ayuntamiento argumenta que hay cantones de limpieza en todos los Distritos, la realidad es que en los barrios de renta alta, estas instalaciones son peque\u00f1os locales o naves discretas con vestuarios para los operarios o un espacio para guardar carritos<\/span><\/strong><\/span><\/p>\n<\/blockquote>\n<p data-selectable-paragraph=\"\">\u00a0<\/p>\n<p class=\"pw-post-body-paragraph nj nk hp nl b nm pf no np nq pg ns nt nu ph nw nx ny pi oa ob oc pj oe of og hi bg\" style=\"text-align: justify;\" data-selectable-paragraph=\"\"><span style=\"font-size: 14pt;\">Y aunque el Ayuntamiento argumenta que hay cantones de limpieza en todos los Distritos, la realidad es que en los barrios de renta alta, estas instalaciones son peque\u00f1os locales o naves discretas con vestuarios para los operarios o un espacio para guardar carritos. <strong>La mayor\u00eda de instalaciones molestas, que generan ruidos, olores y movimiento de veh\u00edculos pesados, est\u00e1n en los distritos del sur y del este<\/strong>.<\/span><\/p>\n<p id=\"5677\" class=\"pw-post-body-paragraph nj nk hp nl b nm nn no np nq nr ns nt nu nv nw nx ny nz oa ob oc od oe of og hi bg\" style=\"text-align: justify;\" data-selectable-paragraph=\"\"><span style=\"font-size: 14pt;\">Recientemente, en el barrio de <em>Montecarmelo<\/em> (<em>uno de los nuevos ensanches del Distrito de Fuencarral- El Pardo, con amplias avenidas y urbanizaciones modernas con piscina<\/em>), el <em>Ayuntamiento<\/em> plane\u00f3 instalar una base del SELUR y un cant\u00f3n de limpieza. <\/span><\/p>\n<p class=\"pw-post-body-paragraph nj nk hp nl b nm nn no np nq nr ns nt nu nv nw nx ny nz oa ob oc od oe of og hi bg\" style=\"text-align: justify;\" data-selectable-paragraph=\"\"><span style=\"font-size: 14pt;\"><strong>Los vecinos se opusieron frontalmente debido al previsible impacto en la calidad de vida del barrio<\/strong>. Tras una intensa lucha vecinal, <strong>el Ayuntamiento ha desistido de la construcci\u00f3n del cant\u00f3n<\/strong>. En su lugar, se va a construir una instalaci\u00f3n reducida para operarios y el resto del terreno se va a destinar a zonas verdes.<\/span><\/p>\n<p id=\"70f7\" class=\"pw-post-body-paragraph nj nk hp nl b nm nn no np nq nr ns nt nu nv nw nx ny nz oa ob oc od oe of og hi bg\" style=\"text-align: justify;\" data-selectable-paragraph=\"\"><span style=\"font-size: 14pt;\">Por otro lado, en la<em> Colonia de El Viso<\/em> (<em>Chamart\u00edn<\/em>), una zona tranquila en la que predominan los chalets y viviendas de lujo,<strong> estaba prevista la construcci\u00f3n de un edificio de 18 plantas del Ministerio de Defensa<\/strong>. La fuerte oposici\u00f3n vecinal <strong>ha logrado que la Administraci\u00f3n desista del proyecto<\/strong>. El <em>Alcalde<\/em> ha asegurado que no quiere hacer nada en contra de la opini\u00f3n de los vecinos.<\/span><\/p>\n<p id=\"de5a\" class=\"pw-post-body-paragraph nj nk hp nl b nm nn no np nq nr ns nt nu nv nw nx ny nz oa ob oc od oe of og hi bg\" style=\"text-align: justify;\" data-selectable-paragraph=\"\"><span style=\"font-size: 14pt;\"><strong>Sin embargo, en los <em>Distritos del Sur<\/em> no parece que las reivindicaciones vecinales hayan tenido el mismo \u00e9xito<\/strong>. <\/span><\/p>\n<p class=\"pw-post-body-paragraph nj nk hp nl b nm nn no np nq nr ns nt nu nv nw nx ny nz oa ob oc od oe of og hi bg\" style=\"text-align: justify;\" data-selectable-paragraph=\"\"><span style=\"font-size: 14pt;\">La <a href=\"https:\/\/puntocritico.com\/ausajpuntocritico\/2025\/11\/06\/vertido-controlado-e-incineracion-rsu-parte-3\/\" target=\"_blank\" rel=\"noopener\" data-schema-attribute=\"\"><strong>incineradora de Valdeming\u00f3mez<\/strong><\/a> <strong>lleva d\u00e9cadas en funcionamiento, pese a una intensa lucha vecinal<\/strong>, protestas por los malos olores y humos y la preocupaci\u00f3n por los efectos en la salud de las emisiones a la atm\u00f3sfera. <\/span><\/p>\n<p class=\"pw-post-body-paragraph nj nk hp nl b nm nn no np nq nr ns nt nu nv nw nx ny nz oa ob oc od oe of og hi bg\" style=\"text-align: justify;\" data-selectable-paragraph=\"\"><span style=\"font-size: 14pt;\">Tambi\u00e9n las <strong>depuradoras de <em>La China<\/em>, <em>Butarque<\/em> y <em>Sur<\/em><\/strong> contin\u00faan en funcionamiento, pese al descontento vecinal.\u00a0<\/span><\/p>\n<p class=\"pw-post-body-paragraph nj nk hp nl b nm nn no np nq nr ns nt nu nv nw nx ny nz oa ob oc od oe of og hi bg\" style=\"text-align: justify;\" data-selectable-paragraph=\"\"><span style=\"font-size: 14pt;\"><strong>Los residentes del <em>Barrio de San Ferm\u00edn<\/em> llevan a\u00f1os pidiendo el cierre de la depuradora de La China, debido a las plagas de insectos y el olor a putrefacci\u00f3n que invade el barrio<\/strong>, sobre todo en verano. <\/span><\/p>\n<p class=\"pw-post-body-paragraph nj nk hp nl b nm nn no np nq nr ns nt nu nv nw nx ny nz oa ob oc od oe of og hi bg\" style=\"text-align: justify;\" data-selectable-paragraph=\"\"><span style=\"font-size: 14pt;\">Los <strong>cantones de limpieza<\/strong> de <em>Carabanchel<\/em> y <em>Latina<\/em> <strong>tambi\u00e9n se han mantenido, pese a las protestas de los residentes<\/strong>.<\/span><\/p>\n<p style=\"text-align: justify;\">\u00a0<\/p>\n<p style=\"text-align: justify;\"><img loading=\"lazy\" decoding=\"async\" class=\"aligncenter wp-image-2319137\" src=\"https:\/\/puntocritico.com\/ausajpuntocritico\/wp-content\/uploads\/2026\/04\/Segregacion-urbana-y-segregacion-social-3-300x185.webp\" alt=\"\" width=\"480\" height=\"296\" srcset=\"https:\/\/puntocritico.com\/ausajpuntocritico\/wp-content\/uploads\/2026\/04\/Segregacion-urbana-y-segregacion-social-3-300x185.webp 300w, https:\/\/puntocritico.com\/ausajpuntocritico\/wp-content\/uploads\/2026\/04\/Segregacion-urbana-y-segregacion-social-3-1024x632.webp 1024w, https:\/\/puntocritico.com\/ausajpuntocritico\/wp-content\/uploads\/2026\/04\/Segregacion-urbana-y-segregacion-social-3-768x474.webp 768w, https:\/\/puntocritico.com\/ausajpuntocritico\/wp-content\/uploads\/2026\/04\/Segregacion-urbana-y-segregacion-social-3.webp 1100w\" sizes=\"auto, (max-width: 480px) 100vw, 480px\" \/><\/p>\n<p style=\"text-align: justify;\">\u00a0<\/p>\n<h3 id=\"85af\" class=\"oh oi hp bb oj ok ol om on oo op oq or os ot ou ov ow ox oy oz pa pb pc pd pe bg\" style=\"text-align: center;\"><span style=\"font-size: 18pt;\"><strong class=\"ah\">Conclusi\u00f3n<\/strong><\/span><\/h3>\n<p id=\"266d\" class=\"pw-post-body-paragraph nj nk hp nl b nm pf no np nq pg ns nt nu ph nw nx ny pi oa ob oc pj oe of og hi bg\" style=\"text-align: justify;\" data-selectable-paragraph=\"\"><span style=\"font-size: 14pt;\"><strong>Las grandes urbes, tanto en Espa\u00f1a como en otros pa\u00edses, est\u00e1n segmentadas en diferentes zonas, barrios y distritos<\/strong>, <\/span><\/p>\n<blockquote>\n<p class=\"pw-post-body-paragraph nj nk hp nl b nm pf no np nq pg ns nt nu ph nw nx ny pi oa ob oc pj oe of og hi bg\" style=\"text-align: justify;\" data-selectable-paragraph=\"\"><span style=\"color: #008000;\"><strong><span style=\"font-size: 14pt;\">muy diferentes en su est\u00e9tica, mantenimiento y conservaci\u00f3n, limpieza, estado de las edificaciones, atenci\u00f3n recibida por las Administraciones, nivel de renta per c\u00e1pita, nivel educativo, salud y bienestar y calidad de vida.<\/span><\/strong><\/span><\/p>\n<\/blockquote>\n<p data-selectable-paragraph=\"\">\u00a0<\/p>\n<p class=\"pw-post-body-paragraph nj nk hp nl b nm pf no np nq pg ns nt nu ph nw nx ny pi oa ob oc pj oe of og hi bg\" style=\"text-align: justify;\" data-selectable-paragraph=\"\"><span style=\"font-size: 14pt;\"><strong>En la Ciudad de Madrid, la esperanza de vida entre los distritos var\u00eda entre 3 y 4 a\u00f1os<\/strong>. <\/span><\/p>\n<p class=\"pw-post-body-paragraph nj nk hp nl b nm pf no np nq pg ns nt nu ph nw nx ny pi oa ob oc pj oe of og hi bg\" style=\"text-align: justify;\" data-selectable-paragraph=\"\"><span style=\"font-size: 14pt;\">Los intentos de la Administraci\u00f3n por igualar la balanza (<em>Plan de Reequilibrio Territorial, Planes Integrales de Barrio, etc<\/em>) no son suficientes para equilibrar la situaci\u00f3n de los diferentes Distritos, manteni\u00e9ndose a\u00fan las desigualdades cr\u00f3nicas.<\/span><\/p>\n<p data-selectable-paragraph=\"\">\u00a0<\/p>\n<blockquote>\n<p style=\"text-align: center;\" data-selectable-paragraph=\"\"><span style=\"color: #008000;\"><strong><span style=\"font-size: 14pt;\">Los intentos de la Administraci\u00f3n por igualar la balanza no son suficientes para equilibrar la situaci\u00f3n de los diferentes Distritos, manteni\u00e9ndose a\u00fan las desigualdades cr\u00f3nicas.<\/span><\/strong><\/span><\/p>\n<\/blockquote>\n<p style=\"text-align: justify;\" data-selectable-paragraph=\"\">\u00a0<\/p>\n<p style=\"text-align: justify;\" data-selectable-paragraph=\"\"><a href=\"https:\/\/puntocritico.com\/ausajpuntocritico\/2024\/11\/14\/el-urbanismo-la-ciudad-y-su-tratamiento-juridico-por-gabriela-sanchez-luna\/\" target=\"_blank\" rel=\"noopener\" data-schema-attribute=\"\"><img loading=\"lazy\" decoding=\"async\" class=\"aligncenter wp-image-2303364\" src=\"https:\/\/puntocritico.com\/ausajpuntocritico\/wp-content\/uploads\/2024\/11\/Urbanismo-plano-2-300x185.jpg\" alt=\"\" width=\"480\" height=\"296\" srcset=\"https:\/\/puntocritico.com\/ausajpuntocritico\/wp-content\/uploads\/2024\/11\/Urbanismo-plano-2-300x185.jpg 300w, https:\/\/puntocritico.com\/ausajpuntocritico\/wp-content\/uploads\/2024\/11\/Urbanismo-plano-2.jpg 750w\" sizes=\"auto, (max-width: 480px) 100vw, 480px\" \/><\/a><\/p>\n<p style=\"text-align: center;\" data-selectable-paragraph=\"\"><span style=\"font-size: 18pt;\"><strong><span style=\"color: #008000;\">***<\/span><\/strong><\/span><\/p>\n<blockquote>\n<h3 style=\"text-align: center;\"><span style=\"font-size: 18pt;\"><strong>Autora<\/strong><\/span><\/h3>\n<p style=\"text-align: center;\" data-selectable-paragraph=\"\"><span style=\"font-size: 14pt;\"><strong>Carmen Alemany Panadero<\/strong><\/span><\/p>\n<p style=\"text-align: center;\" data-selectable-paragraph=\"\"><em><span style=\"font-size: 14pt;\">Trabajadora social en Servicios Sociales. Graduada en Trabajo Social. Licenciada en Periodismo.<\/span><\/em><\/p>\n<\/blockquote>\n<p style=\"text-align: justify;\">\u00a0<\/p>\n<p><img loading=\"lazy\" decoding=\"async\" class=\"wp-image-2303368 aligncenter\" src=\"https:\/\/puntocritico.com\/ausajpuntocritico\/wp-content\/uploads\/2024\/11\/citiesurbanism-300x191.jpg\" alt=\"\" width=\"480\" height=\"306\" srcset=\"https:\/\/puntocritico.com\/ausajpuntocritico\/wp-content\/uploads\/2024\/11\/citiesurbanism-300x191.jpg 300w, https:\/\/puntocritico.com\/ausajpuntocritico\/wp-content\/uploads\/2024\/11\/citiesurbanism.jpg 600w\" sizes=\"auto, (max-width: 480px) 100vw, 480px\" \/><\/p>\n<p style=\"text-align: center;\"><span style=\"font-size: 18pt;\"><strong><span style=\"color: #008000;\">*******<\/span><\/strong><\/span><\/p>\n<blockquote class=\"wp-embedded-content\" data-secret=\"6ttBH7ERUr\"><p><a href=\"https:\/\/puntocritico.com\/ausajpuntocritico\/2025\/07\/30\/una-ciudad-por-habitaciones\/\">UNA CIUDAD POR HABITACIONES. \u00abDe pisos a habitaciones: el nuevo mapa de la vivienda\u00bb, por Carmen Alemany Panadero<\/a><\/p><\/blockquote>\n<p><iframe loading=\"lazy\" class=\"wp-embedded-content\" sandbox=\"allow-scripts\" security=\"restricted\" style=\"position: absolute; visibility: hidden;\" title=\"\u00abUNA CIUDAD POR HABITACIONES. \u00abDe pisos a habitaciones: el nuevo mapa de la vivienda\u00bb, por Carmen Alemany Panadero\u00bb \u2014 Punto Cr\u00edtico Derechos Humanos\" src=\"https:\/\/puntocritico.com\/ausajpuntocritico\/2025\/07\/30\/una-ciudad-por-habitaciones\/embed\/#?secret=xrP5zsKkZo#?secret=6ttBH7ERUr\" data-secret=\"6ttBH7ERUr\" width=\"500\" height=\"282\" frameborder=\"0\" marginwidth=\"0\" marginheight=\"0\" scrolling=\"no\"><\/iframe><\/p>\n<blockquote class=\"wp-embedded-content\" data-secret=\"5xjQEhYu9o\"><p><a href=\"https:\/\/puntocritico.com\/ausajpuntocritico\/2020\/10\/28\/aporofobia\/\">APOROFOBIA<\/a><\/p><\/blockquote>\n<p><iframe loading=\"lazy\" class=\"wp-embedded-content\" sandbox=\"allow-scripts\" security=\"restricted\" style=\"position: absolute; visibility: hidden;\" title=\"\u00abAPOROFOBIA\u00bb \u2014 Punto Cr\u00edtico Derechos Humanos\" src=\"https:\/\/puntocritico.com\/ausajpuntocritico\/2020\/10\/28\/aporofobia\/embed\/#?secret=v2acq3DnOW#?secret=5xjQEhYu9o\" data-secret=\"5xjQEhYu9o\" width=\"500\" height=\"282\" frameborder=\"0\" marginwidth=\"0\" marginheight=\"0\" scrolling=\"no\"><\/iframe><\/p>\n<p>&nbsp;<\/p>\n<p>&nbsp;<\/p>\n<p>&nbsp;<\/p>\n<p style=\"text-align: justify;\"><a href=\"https:\/\/puntocritico.com\/author\/punto-critico\/\"><img loading=\"lazy\" decoding=\"async\" class=\"aligncenter wp-image-9528\" src=\"https:\/\/puntocritico.com\/ausajpuntocritico\/wp-content\/uploads\/2018\/03\/Mosca_Punto_Cr\u00edtico_40.png\" alt=\"\" width=\"80\" height=\"80\" \/><\/a><\/p>\n<p>&nbsp;<\/p>\n","protected":false},"excerpt":{"rendered":"<div class=\"mh-excerpt\"><p>Segregaci\u00f3n urbana y segregaci\u00f3n social &nbsp; \u00bfPARA QU\u00c9 SIRVE EL ESTADO? Por Piotr Kropotkin Democracia Constitucional, 2009 &nbsp; El Estado, este organismo que deja en poder de unos cuantos los asuntos de todos, es una <a class=\"mh-excerpt-more\" href=\"https:\/\/puntocritico.com\/ausajpuntocritico\/2026\/04\/02\/segregacion-urbana-y-segregacion-social-por-carmen-alemany-panadero\/\" title=\"SEGREGACI\u00d3N URBANA Y SEGREGACI\u00d3N SOCIAL, por Carmen Alemany Panadero (2026)\">[&#8230;]<\/a><\/p>\n<\/div>","protected":false},"author":3,"featured_media":2319143,"comment_status":"closed","ping_status":"closed","sticky":false,"template":"","format":"standard","meta":{"_acf_changed":false,"_exactmetrics_skip_tracking":false,"_exactmetrics_sitenote_active":false,"_exactmetrics_sitenote_note":"","_exactmetrics_sitenote_category":0,"footnotes":""},"categories":[7],"tags":[],"class_list":{"0":"post-2319136","1":"post","2":"type-post","3":"status-publish","4":"format-standard","5":"has-post-thumbnail","7":"category-politica"},"acf":[],"_links":{"self":[{"href":"https:\/\/puntocritico.com\/ausajpuntocritico\/wp-json\/wp\/v2\/posts\/2319136","targetHints":{"allow":["GET"]}}],"collection":[{"href":"https:\/\/puntocritico.com\/ausajpuntocritico\/wp-json\/wp\/v2\/posts"}],"about":[{"href":"https:\/\/puntocritico.com\/ausajpuntocritico\/wp-json\/wp\/v2\/types\/post"}],"author":[{"embeddable":true,"href":"https:\/\/puntocritico.com\/ausajpuntocritico\/wp-json\/wp\/v2\/users\/3"}],"replies":[{"embeddable":true,"href":"https:\/\/puntocritico.com\/ausajpuntocritico\/wp-json\/wp\/v2\/comments?post=2319136"}],"version-history":[{"count":0,"href":"https:\/\/puntocritico.com\/ausajpuntocritico\/wp-json\/wp\/v2\/posts\/2319136\/revisions"}],"wp:featuredmedia":[{"embeddable":true,"href":"https:\/\/puntocritico.com\/ausajpuntocritico\/wp-json\/wp\/v2\/media\/2319143"}],"wp:attachment":[{"href":"https:\/\/puntocritico.com\/ausajpuntocritico\/wp-json\/wp\/v2\/media?parent=2319136"}],"wp:term":[{"taxonomy":"category","embeddable":true,"href":"https:\/\/puntocritico.com\/ausajpuntocritico\/wp-json\/wp\/v2\/categories?post=2319136"},{"taxonomy":"post_tag","embeddable":true,"href":"https:\/\/puntocritico.com\/ausajpuntocritico\/wp-json\/wp\/v2\/tags?post=2319136"}],"curies":[{"name":"wp","href":"https:\/\/api.w.org\/{rel}","templated":true}]}}