{"id":2319036,"date":"2026-04-08T00:05:31","date_gmt":"2026-04-07T22:05:31","guid":{"rendered":"https:\/\/puntocritico.com\/ausajpuntocritico\/?p=2319036"},"modified":"2026-04-13T21:08:23","modified_gmt":"2026-04-13T19:08:23","slug":"hombres-sin-corazon","status":"publish","type":"post","link":"https:\/\/puntocritico.com\/ausajpuntocritico\/2026\/04\/08\/hombres-sin-corazon\/","title":{"rendered":"HOMBRES SIN CORAZ\u00d3N (\u00abLa abolici\u00f3n del hombre\u00bb, Cap\u00edtulo 1), por C. S. Lewis"},"content":{"rendered":"<p>&nbsp;<\/p>\n<h2 style=\"text-align: center;\"><span style=\"font-size: 24pt;\">Hombres sin coraz\u00f3n<\/span><\/h2>\n<p style=\"text-align: center;\"><span style=\"font-size: 18pt;\"><em><strong>\u00abLa abolici\u00f3n del hombre\u00bb <\/strong><\/em><strong>(serie de conferencias)<\/strong><\/span><\/p>\n<p style=\"text-align: center;\"><span style=\"font-size: 18pt;\"><em><strong>Cap\u00edtulo 1<\/strong><\/em><\/span><\/p>\n<p><img loading=\"lazy\" decoding=\"async\" class=\"aligncenter wp-image-2319232\" src=\"https:\/\/puntocritico.com\/ausajpuntocritico\/wp-content\/uploads\/2026\/04\/El-hombre-de-hojalata-HOMBRES-SIN-CORAZON-300x219.webp\" alt=\"Hombres sin coraz\u00f3n \" width=\"440\" height=\"321\" srcset=\"https:\/\/puntocritico.com\/ausajpuntocritico\/wp-content\/uploads\/2026\/04\/El-hombre-de-hojalata-HOMBRES-SIN-CORAZON-300x219.webp 300w, https:\/\/puntocritico.com\/ausajpuntocritico\/wp-content\/uploads\/2026\/04\/El-hombre-de-hojalata-HOMBRES-SIN-CORAZON-1024x748.webp 1024w, https:\/\/puntocritico.com\/ausajpuntocritico\/wp-content\/uploads\/2026\/04\/El-hombre-de-hojalata-HOMBRES-SIN-CORAZON-768x561.webp 768w, https:\/\/puntocritico.com\/ausajpuntocritico\/wp-content\/uploads\/2026\/04\/El-hombre-de-hojalata-HOMBRES-SIN-CORAZON.webp 1200w\" sizes=\"auto, (max-width: 440px) 100vw, 440px\" \/><\/p>\n<p>&nbsp;<\/p>\n<p style=\"text-align: right;\"><span style=\"font-size: 14pt;\"><em>\u00absentenci\u00f3 a muerte a la palabra <\/em><\/span><\/p>\n<p style=\"text-align: right;\"><span style=\"font-size: 14pt;\"><em>y as\u00ed conden\u00f3 al ni\u00f1o\u00bb<\/em><\/span><\/p>\n<p style=\"text-align: justify;\">\u00a0<\/p>\n<p style=\"text-align: justify;\"><span style=\"font-size: 14pt;\">Dudo que prestemos suficiente atenci\u00f3n a <strong>la importancia que tienen los textos escolares b\u00e1sicos<\/strong>. Tal es el motivo que <strong>me ha llevado a elegir como punto de partida de estas conferencias un peque\u00f1o libro de lenguaje destinado a ni\u00f1os y ni\u00f1as que cursan sus \u00faltimos a\u00f1os de escuela. <\/strong><\/span><\/p>\n<p style=\"text-align: justify;\"><span style=\"font-size: 14pt;\">No creo que las intenciones de los autores (<em>hab\u00eda dos<\/em>) fueran malas, y les debo, a ellos o a su editor, alg\u00fan agradecimiento por haberme enviado un ejemplar de cortes\u00eda. Al mismo tiempo, nada bueno puedo decir de ellos. Y quedamos en una situaci\u00f3n bastante dif\u00edcil. <\/span><\/p>\n<p style=\"text-align: justify;\"><span style=\"font-size: 14pt;\">No quiero poner en rid\u00edculo a dos modestos profesores que hac\u00edan lo mejor que pod\u00edan; pero tampoco puedo guardar silencio ante lo que creo la verdadera tendencia de su obra. Por lo tanto, he decidido ocultar sus nombres. Llamar\u00e9 <em><strong>Gayo<\/strong> <\/em>y <em><strong>Tito<\/strong> <\/em>a estos dos se\u00f1ores, y a su obra, <em><strong>El libro verde<\/strong><\/em>. Pero les aseguro que este libro existe y que lo tengo en mi biblioteca.<\/span><\/p>\n<p>&nbsp;<\/p>\n<blockquote>\n<p style=\"text-align: center;\"><span style=\"color: #008000;\"><strong><span style=\"font-size: 14pt;\">Llamar\u00e9 <em>Gayo <\/em>y <em>Tito <\/em>a estos dos se\u00f1ores, y a su obra, <em>El libro verde<\/em>. Pero les aseguro que este libro existe y que lo tengo en mi biblioteca.<\/span><\/strong><\/span><\/p>\n<\/blockquote>\n<p>&nbsp;<\/p>\n<p style=\"text-align: justify;\"><span style=\"font-size: 14pt;\">En el segundo cap\u00edtulo, <em><strong>Gayo<\/strong> <\/em>y <em><strong>Tito<\/strong> <\/em>citan la conocida historia de <a href=\"https:\/\/es.wikipedia.org\/wiki\/Samuel_Taylor_Coleridge\" target=\"_blank\" rel=\"noopener\" data-schema-attribute=\"\"><strong>Coleridge<\/strong><\/a> en la <em>cascada<\/em>. <strong>Recordemos que hab\u00eda dos turistas presentes: uno la llam\u00f3 \u00ab<em>sublime<\/em>\u00bb y el otro, \u00ab<em>linda<\/em>\u00bb<\/strong>; y que <strong>Coleridge<\/strong> mentalmente aprob\u00f3 el primer juicio y rechaz\u00f3 con disgusto el segundo.<\/span><\/p>\n<p>&nbsp;<\/p>\n<figure id=\"attachment_2319256\" aria-describedby=\"caption-attachment-2319256\" style=\"width: 260px\" class=\"wp-caption aligncenter\"><a href=\"https:\/\/es.wikipedia.org\/wiki\/Samuel_Taylor_Coleridge\" target=\"_blank\" rel=\"noopener\" data-schema-attribute=\"\"><img loading=\"lazy\" decoding=\"async\" class=\"wp-image-2319256\" src=\"https:\/\/puntocritico.com\/ausajpuntocritico\/wp-content\/uploads\/2026\/04\/Samuel_Taylor_Coleridge_by_Washington_Allston_retouched-227x300.jpg\" alt=\"\" width=\"260\" height=\"344\" srcset=\"https:\/\/puntocritico.com\/ausajpuntocritico\/wp-content\/uploads\/2026\/04\/Samuel_Taylor_Coleridge_by_Washington_Allston_retouched-227x300.jpg 227w, https:\/\/puntocritico.com\/ausajpuntocritico\/wp-content\/uploads\/2026\/04\/Samuel_Taylor_Coleridge_by_Washington_Allston_retouched.jpg 500w\" sizes=\"auto, (max-width: 260px) 100vw, 260px\" \/><\/a><figcaption id=\"caption-attachment-2319256\" class=\"wp-caption-text\"><span style=\"color: #008000;\"><a style=\"color: #008000;\" href=\"https:\/\/es.wikipedia.org\/wiki\/Samuel_Taylor_Coleridge\" target=\"_blank\" rel=\"noopener\" data-schema-attribute=\"\">Samuel Taylor Coleridge, por Washington Allston.<\/a><\/span><\/figcaption><\/figure>\n<p>&nbsp;<\/p>\n<p style=\"text-align: justify;\"><span style=\"font-size: 14pt;\"><em><strong>Gayo<\/strong> <\/em>y <strong><em>Tito<\/em> <\/strong>opinan lo siguiente: <\/span><\/p>\n<blockquote>\n<p style=\"text-align: justify;\"><span style=\"color: #008000;\"><strong><span style=\"font-size: 14pt;\">Cuando el hombre dijo \u00ab<em>Esto es sublime<\/em>\u00ab, parec\u00eda referirse a la cascada&#8230; En realidad&#8230; no estaba hablando de la cascada, sino de sus propios sentimientos.<\/span><\/strong><\/span><\/p>\n<\/blockquote>\n<p>&nbsp;<\/p>\n<p style=\"text-align: justify;\"><span style=\"font-size: 14pt;\">En efecto, lo que estaba diciendo en realidad era \u00ab<em>Tengo ciertos sentimientos, asociados en mi mente a la palabra &#8216;sublime&#8217;<\/em> \u00ab&#8230; o m\u00e1s brevemente: <\/span><\/p>\n<blockquote>\n<p style=\"text-align: justify;\"><span style=\"font-size: 14pt; color: #008000;\"><strong>\u00ab<em>Tengo sentimientos sublimes<\/em>\u00ab.<\/strong> <\/span><\/p>\n<\/blockquote>\n<p>&nbsp;<\/p>\n<p style=\"text-align: justify;\"><span style=\"font-size: 14pt;\">He aqu\u00ed varios temas bastante\u00a0profundos, tratados un poco a la ligera. <strong>Pero los autores a\u00fan no han terminado. A\u00f1aden<\/strong>: <\/span><\/p>\n<blockquote>\n<p style=\"text-align: justify;\"><span style=\"color: #008000;\"><strong><span style=\"font-size: 14pt;\">\u00ab<em>Esta confusi\u00f3n est\u00e1 siempre presente en el lenguaje, en el uso habitual que hacemos de \u00e9l. Parecemos estar diciendo algo muy importante sobre una cosa y, en realidad, s\u00f3lo decimos algo sobre nuestros propios sentimientos<\/em>\u00bb.<\/span><\/strong><\/span><\/p>\n<\/blockquote>\n<p>&nbsp;<\/p>\n<figure id=\"attachment_2311509\" aria-describedby=\"caption-attachment-2311509\" style=\"width: 360px\" class=\"wp-caption aligncenter\"><a href=\"https:\/\/puntocritico.com\/ausajpuntocritico\/2025\/12\/31\/augustine-tuillerie\/\" target=\"_blank\" rel=\"noopener\" data-schema-attribute=\"\"><img loading=\"lazy\" decoding=\"async\" class=\"wp-image-2311509\" src=\"https:\/\/puntocritico.com\/ausajpuntocritico\/wp-content\/uploads\/2025\/09\/El-Tour-de-Francia-por-dos-ninos-Aguntine-Tullerie.jpg\" alt=\"\" width=\"360\" height=\"288\" \/><\/a><figcaption id=\"caption-attachment-2311509\" class=\"wp-caption-text\"><span style=\"color: #008000;\"><a href=\"https:\/\/puntocritico.com\/ausajpuntocritico\/2025\/12\/31\/augustine-tuillerie\/\" target=\"_blank\" rel=\"noopener\" data-schema-attribute=\"\"><strong>La obra obra m\u00e1s c\u00e9lebre de Augustine Tuillerie (G Bruno) es \u00abLe Tour de la France par deux enfants\u00bb<\/strong><\/a>, un libro de lectura que tuvo una enorme influencia en la educaci\u00f3n francesa de finales del siglo XIX y principios del XX.<\/span><\/figcaption><\/figure>\n<p>&nbsp;<\/p>\n<p style=\"text-align: justify;\"><span style=\"font-size: 14pt;\">Antes de entrar a considerar el verdadero alcance de este trascendental parrafito (<em>destinado, recordemos, a los \u00faltimos a\u00f1os escolares\u00bb<\/em>), debemos eliminar una simple confusi\u00f3n en que <em><strong>Gayo<\/strong> <\/em>y <em><strong>Tito<\/strong> <\/em>han ca\u00eddo. Pues <strong>incluso desde su propio punto de vista -o desde el que sea-, el hombre que dice <\/strong><\/span><\/p>\n<blockquote>\n<p style=\"text-align: justify;\"><span style=\"font-size: 14pt; color: #008000;\"><strong>\u00ab<em>Esto es sublime no puede querer decir Tengo sentimientos sublimes<\/em>\u00bb.<\/strong> <\/span><\/p>\n<\/blockquote>\n<p>&nbsp;<\/p>\n<p style=\"text-align: justify;\"><span style=\"font-size: 14pt;\">Incluso si se concediera que cualidades como la <em>sublimidad<\/em> fueran \u00fanica y simplemente algo que proyectamos en las cosas desde nuestras propias emociones, aun as\u00ed, las emociones que activan la proyecci\u00f3n son los correlatos y, por lo tanto, casi los contrarios, de las cualidades proyectadas.<strong> Los sentimientos que hacen que un hombre califique un objeto como sublime no son sentimientos sublimes, sino de veneraci\u00f3n<\/strong>. <\/span><\/p>\n<p style=\"text-align: justify;\"><span style=\"font-size: 14pt;\">Si se va a reducir \u00ab<em>Esto es sublime<\/em>\u00bb a una declaraci\u00f3n sobre los sentimientos del hablante, la interpretaci\u00f3n adecuada ser\u00eda Tengo sentimientos de humildad. Si <em><strong>Gayo<\/strong> <\/em>y <em><strong>Tito<\/strong> <\/em>fueran consecuentes en aplicar a todo la perspectiva propuesta, llegar\u00edan a obvios absurdos. Se ver\u00edan obligados a afirmar que la frase \u00ab<em>T\u00fa eres despreciable significa Tengo sentimientos despreciables; de hecho, Tus sentimientos son despreciables<\/em>\u00bb, vendr\u00eda a significar \u00ab<em>Mis sentimientos son despreciables<\/em>\u00bb.<\/span><\/p>\n<p>&nbsp;<\/p>\n<blockquote>\n<p style=\"text-align: center;\"><span style=\"color: #008000;\"><strong><span style=\"font-size: 14pt;\">Se ver\u00edan obligados a afirmar que la frase \u00ab<em>T\u00fa eres despreciable significa Tengo sentimientos despreciables; de hecho, Tus sentimientos son despreciables<\/em>\u00bb, vendr\u00eda a significar \u00ab<em>Mis sentimientos son despreciables<\/em>\u00bb.<\/span><\/strong><\/span><\/p>\n<\/blockquote>\n<p>&nbsp;<\/p>\n<p style=\"text-align: justify;\"><span style=\"font-size: 14pt;\">Pero no queremos detenernos en esto. Ser\u00eda injusto para <em><strong>Gayo<\/strong> <\/em>y <em><strong>Tito<\/strong> <\/em>enfatizar lo que sin duda fue una mera inadvertencia. <\/span><\/p>\n<p style=\"text-align: justify;\"><span style=\"font-size: 14pt;\"><strong>El estudiante que lea ese fragmento en <em>El libro verde<\/em> creer\u00e1 dos proposiciones<\/strong>; <em>Primero<\/em>, que todas las frases que contienen un predicado de valor son afirmaciones o negaciones acerca del estado emocional del hablante. <em>Segundo<\/em>, que todas estas afirmaciones y negaciones carecen de importancia. <\/span><\/p>\n<p style=\"text-align: justify;\"><span style=\"font-size: 14pt;\">Es cierto que <em><strong>Gayo<\/strong> <\/em>y <em><strong>Tito<\/strong> <\/em>no se extienden sobre ello en esa forma. S\u00f3lo se refirieron a un predicado espec\u00edfico de valor (<em>sublime<\/em>) como una palabra que describe las emociones del hablante. Dejan a los alumnos la tarea de aplicar por s\u00ed mismos este an\u00e1lisis a todos los predicados de valor, y no sit\u00faan obst\u00e1culo alguno en su camino que les dificulte hacerlo. <\/span><\/p>\n<p style=\"text-align: justify;\"><span style=\"font-size: 14pt;\"><strong>Los autores quiz\u00e1 desean, quiz\u00e1 no, tal generalizaci\u00f3n de su enfoque<\/strong>: <\/span><\/p>\n<blockquote>\n<p style=\"text-align: justify;\"><span style=\"font-size: 14pt; color: #008000;\"><strong>puede que nunca en su vida se hayan concedido cinco minutos para pensar seriamente el problema.<\/strong> <\/span><\/p>\n<\/blockquote>\n<p>&nbsp;<\/p>\n<p><img loading=\"lazy\" decoding=\"async\" class=\"aligncenter wp-image-2317092\" src=\"https:\/\/puntocritico.com\/ausajpuntocritico\/wp-content\/uploads\/2026\/02\/la-esclavitud-de-la-mente-el-control-mental-en-sus-dimensiones-psicologica-y-fisiologica-1024x576-1-300x169.webp\" alt=\"\" width=\"480\" height=\"270\" srcset=\"https:\/\/puntocritico.com\/ausajpuntocritico\/wp-content\/uploads\/2026\/02\/la-esclavitud-de-la-mente-el-control-mental-en-sus-dimensiones-psicologica-y-fisiologica-1024x576-1-300x169.webp 300w, https:\/\/puntocritico.com\/ausajpuntocritico\/wp-content\/uploads\/2026\/02\/la-esclavitud-de-la-mente-el-control-mental-en-sus-dimensiones-psicologica-y-fisiologica-1024x576-1-678x381.webp 678w, https:\/\/puntocritico.com\/ausajpuntocritico\/wp-content\/uploads\/2026\/02\/la-esclavitud-de-la-mente-el-control-mental-en-sus-dimensiones-psicologica-y-fisiologica-1024x576-1.webp 768w\" sizes=\"auto, (max-width: 480px) 100vw, 480px\" \/><\/p>\n<p>&nbsp;<\/p>\n<p style=\"text-align: justify;\"><span style=\"font-size: 14pt;\"><strong>No me interesa lo que deseaban, sino el efecto que su libro inevitablemente tendr\u00e1 en la mente del estudiante<\/strong>. De la misma manera, tampoco han dicho que los juicios de valor carezcan de importancia. Sus palabras son que <\/span><\/p>\n<blockquote>\n<p style=\"text-align: justify;\"><span style=\"color: #008000;\"><strong><span style=\"font-size: 14pt;\">\u00ab<em>Parecemos estar diciendo algo muy importante sobre las cosas, cuando en realidad, solamente decimos algo sobre nuestros propios sentimientos<\/em>\u00bb.<\/span><\/strong><\/span><\/p>\n<\/blockquote>\n<p>&nbsp;<\/p>\n<p style=\"text-align: justify;\"><span style=\"font-size: 14pt;\">Ning\u00fan estudiante ser\u00e1 capaz de resistirse a la influencia que puede ejercer sobre \u00e9l esa palabra \u00ab<em>solamente<\/em>\u00bb. Desde luego, no quiero decir que de esta lectura har\u00e1 una inferencia consciente a una teor\u00eda filos\u00f3fica general de que todos los valores son subjetivos y triviales. <\/span><\/p>\n<p style=\"text-align: justify;\"><span style=\"font-size: 14pt;\">El poder mismo de <em><strong>Gayo<\/strong> <\/em>y <em><strong>Tito<\/strong> <\/em>depende de que est\u00e1n tratando con un ni\u00f1o; un ni\u00f1o que cree estar estudiando su tarea de lenguaje y que ni siquiera sospecha que la \u00e9tica, la teolog\u00eda y la pol\u00edtica est\u00e1n en juego. No le est\u00e1n inculcando una teor\u00eda, sino un supuesto; <strong>un supuesto dentro de diez a\u00f1os -ya olvidado su origen e inconsciente su presencia- lo condicionar\u00e1 para adoptar una posici\u00f3n determinada en una controversia que nunca advirti\u00f3 que fuera tal<\/strong>. <\/span><\/p>\n<p style=\"text-align: justify;\"><span style=\"font-size: 14pt;\"><strong>Los mismos autores, sospecho, apenas saben lo que le est\u00e1n haciendo al ni\u00f1o, y \u00e9ste tampoco puede saberlo<\/strong>. Antes de considerar las credenciales filos\u00f3ficas de la posici\u00f3n que <em><strong>Gayo<\/strong> <\/em>y <em><strong>Tito<\/strong> <\/em>han adoptado acerca del valor, quisiera presentar los resultados pr\u00e1cticos que dicha posici\u00f3n tiene en los procedimientos educacionales de los mismos autores.<\/span><\/p>\n<p>&nbsp;<\/p>\n<blockquote>\n<p style=\"text-align: center;\"><strong><span style=\"font-size: 14pt; color: #008000;\">Los mismos autores, sospecho, apenas saben lo que le est\u00e1n haciendo al ni\u00f1o, y \u00e9ste tampoco puede saberlo<\/span><\/strong><\/p>\n<\/blockquote>\n<p>&nbsp;<\/p>\n<p style=\"text-align: justify;\"><span style=\"font-size: 14pt;\">En el cap\u00edtulo cuatro, <strong>citan un anuncio rid\u00edculo de un crucero de placer y proceden a inocular a sus alumnos contra ese tipo de redacci\u00f3n<\/strong>. <\/span><\/p>\n<p style=\"text-align: justify;\"><span style=\"font-size: 14pt;\">El anuncio nos informa que los que compren pasajes para este crucero \u00ab<em>atravesar\u00e1n el Mar Occidental donde naveg\u00f3 <strong>Drake<\/strong> de Devon<\/em>\u00bb, \u00ab<em>aventur\u00e1ndose tras los tesoros de las Indias<\/em>\u00bb, y que tambi\u00e9n regresar\u00e1n a casa con un \u00ab<em>tesoro<\/em>\u00bb de momentos dorados y de \u00ab<em>fulgurantes colores<\/em>\u00bb. <\/span><\/p>\n<p style=\"text-align: justify;\"><span style=\"font-size: 14pt;\">Sin duda, es mala forma de escritura: <strong>una explotaci\u00f3n trivial de las emociones de asombro y placer que se siente al visitar lugares vinculados a la historia o la leyenda<\/strong>. <\/span><\/p>\n<p style=\"text-align: justify;\"><span style=\"font-size: 14pt;\">Si <em><strong>Gayo<\/strong> <\/em>y <em><strong>Tito<\/strong> <\/em>hubieran trabajado con seriedad y ense\u00f1aran a sus lectores (<em>como lo prometieron<\/em>) el arte de la composici\u00f3n literaria, <strong>deb\u00edan haber comparado este anuncio con pasajes de grandes escritores en los cuales esta misma emoci\u00f3n estuviera bien expresada<\/strong>, y luego tendr\u00edan que haber mostrado en qu\u00e9 consist\u00edan las diferencias.<\/span><\/p>\n<p>&nbsp;<\/p>\n<figure id=\"attachment_2319258\" aria-describedby=\"caption-attachment-2319258\" style=\"width: 260px\" class=\"wp-caption aligncenter\"><img loading=\"lazy\" decoding=\"async\" class=\"wp-image-2319258\" src=\"https:\/\/puntocritico.com\/ausajpuntocritico\/wp-content\/uploads\/2026\/04\/Samuel-Johnson-grabado-a-partir-del-original-por-sir-Joshua-Reynolds-217x300.jpg\" alt=\"\" width=\"260\" height=\"360\" srcset=\"https:\/\/puntocritico.com\/ausajpuntocritico\/wp-content\/uploads\/2026\/04\/Samuel-Johnson-grabado-a-partir-del-original-por-sir-Joshua-Reynolds-217x300.jpg 217w, https:\/\/puntocritico.com\/ausajpuntocritico\/wp-content\/uploads\/2026\/04\/Samuel-Johnson-grabado-a-partir-del-original-por-sir-Joshua-Reynolds.jpg 330w\" sizes=\"auto, (max-width: 260px) 100vw, 260px\" \/><figcaption id=\"caption-attachment-2319258\" class=\"wp-caption-text\"><span style=\"color: #008000;\">Samuel Johnson, grabado a partir del original por sir Joshua Reynolds.<\/span><\/figcaption><\/figure>\n<p>&nbsp;<\/p>\n<p style=\"text-align: justify;\"><span style=\"font-size: 14pt;\">Podr\u00edan haber usado el famoso fragmento de <strong>Johnson<\/strong>, en <em>Western Islands<\/em>, que concluye: <\/span><\/p>\n<blockquote>\n<p style=\"text-align: justify;\"><strong><span style=\"font-size: 14pt;\"><span style=\"color: #008000;\">\u00ab<em>Poco hay que envidiar en un hombre cuyo patriotismo no se fortaleciera en la planicie de Marat\u00f3n o cuya piedad no aumentara entre las ruinas de Iona<\/em>\u00bb.<\/span> <\/span><\/strong><\/p>\n<\/blockquote>\n<p>&nbsp;<\/p>\n<p style=\"text-align: justify;\"><span style=\"font-size: 14pt;\">Podr\u00edan haber considerado el pasaje de <a href=\"https:\/\/en.wikipedia.org\/wiki\/The_Prelude\" target=\"_blank\" rel=\"noopener\" data-schema-attribute=\"\"><em><strong>The Prelude<\/strong><\/em><\/a> \u00ab<em>Fuerza y poder<\/em>\u00bb, poder que crec\u00eda con la fuerza donde <strong>Wordsworth<\/strong> describe esa primera vez que vislumbr\u00f3 la total antig\u00fcedad de Londres. <\/span><\/p>\n<p style=\"text-align: justify;\"><span style=\"font-size: 14pt;\">Una lecci\u00f3n que presentara dicha literatura junto al anuncio publicitario, y que realmente discriminara entre lo bueno y lo malo, habr\u00eda sido digna de ense\u00f1arse.\u00a0<\/span><span style=\"font-size: 14pt;\">Habr\u00eda tenido alguna sangre y savia -los \u00e1rboles del conocimiento y de la vida creciendo juntos. <strong>Tambi\u00e9n habr\u00eda tenido el m\u00e9rito de ser una lecci\u00f3n de literatura<\/strong>: <\/span><\/p>\n<blockquote>\n<p style=\"text-align: justify;\"><span style=\"color: #008000;\"><strong><span style=\"font-size: 14pt;\">un tema sobre el que <em>Gayo <\/em>y <em>Tito<\/em>, a pesar del prop\u00f3sito manifestado, est\u00e1n sumamente verdes.<\/span><\/strong><\/span><\/p>\n<\/blockquote>\n<p>&nbsp;<\/p>\n<p><a href=\"https:\/\/encuentrosconlasletras.blogspot.com\/2015\/04\/poemas-escogidos-de-william-wordsworth.html\" target=\"_blank\" rel=\"noopener\" data-schema-attribute=\"\"><img loading=\"lazy\" decoding=\"async\" class=\"aligncenter wp-image-2319260\" src=\"https:\/\/puntocritico.com\/ausajpuntocritico\/wp-content\/uploads\/2026\/04\/El-Preludio-William-Wordsworth--225x300.webp\" alt=\"\" width=\"300\" height=\"400\" srcset=\"https:\/\/puntocritico.com\/ausajpuntocritico\/wp-content\/uploads\/2026\/04\/El-Preludio-William-Wordsworth--225x300.webp 225w, https:\/\/puntocritico.com\/ausajpuntocritico\/wp-content\/uploads\/2026\/04\/El-Preludio-William-Wordsworth-.webp 768w\" sizes=\"auto, (max-width: 300px) 100vw, 300px\" \/><\/a><\/p>\n<p>&nbsp;<\/p>\n<p style=\"text-align: justify;\"><span style=\"font-size: 14pt;\">Lo que en realidad hacen es indicar que el lujoso barco no navegar\u00e1 verdaderamente por donde lo hizo <strong>Drake<\/strong>, que los turistas no tendr\u00e1n aventuras, que los tesoros con los cuales regresen ser\u00e1n s\u00f3lo de naturaleza metaf\u00f3rica, y que un viaje a <em>Margate<\/em> podr\u00eda proporcionar todo el \u00ab<em>placer y el descanso<\/em>\u00bb que necesitasen. <\/span><\/p>\n<p style=\"text-align: justify;\"><span style=\"font-size: 14pt;\">Todo esto es muy cierto: talentos inferiores a los de <em><strong>Gayo<\/strong> <\/em>y <em><strong>Tito<\/strong> <\/em>habr\u00edan bastado para descubrirlo. <\/span><\/p>\n<p style=\"text-align: justify;\"><span style=\"font-size: 14pt;\"><strong>Lo que no advirtieron, o no les interes\u00f3, es la posibilidad de aplicar un tratamiento muy similar a mucha buena literatura que se ocupa de la misma emoci\u00f3n<\/strong>. <\/span><\/p>\n<p style=\"text-align: justify;\"><span style=\"font-size: 14pt;\">Despu\u00e9s de todo, \u00bfqu\u00e9 puede a\u00f1adir, en l\u00f3gica pura, la historia del temprano cristianismo brit\u00e1nico a los motivos de piedad tal como se dan en el siglo dieciocho? <\/span><span style=\"font-size: 14pt;\">\u00bfPor qu\u00e9 la posada de <strong>Wordsworth<\/strong> tiene que ser m\u00e1s c\u00f3moda o el aire de <em>Londres<\/em> m\u00e1s saludable s\u00f3lo porque <em>Londres<\/em> ha existido durante tan largo tiempo? <\/span><\/p>\n<p style=\"text-align: justify;\"><span style=\"font-size: 14pt;\">O, si en efecto hay alg\u00fan obst\u00e1culo que impida que un cr\u00edtico desacredite a <a href=\"https:\/\/es.wikipedia.org\/wiki\/Samuel_Johnson\" target=\"_blank\" rel=\"noopener\" data-schema-attribute=\"\"><strong>Johnson<\/strong><\/a> y a <a href=\"https:\/\/es.wikipedia.org\/wiki\/William_Wordsworth\" target=\"_blank\" rel=\"noopener\" data-schema-attribute=\"\"><strong>Wordsworth<\/strong><\/a> (<em>y a <strong>Lamb<\/strong>, y a <strong>Virgilio<\/strong>, y a <strong>Thomas Browne<\/strong>, y a <strong>Walter de la Mare<\/strong><\/em>) en la misma forma en que <em><strong>El libro verde<\/strong> <\/em>desacredita el anuncio, tampoco <em><strong>Gayo<\/strong> <\/em>y <em><strong>Tito<\/strong> <\/em>dan a sus lectores estudiantes la m\u00e1s m\u00ednima ayuda para que lo descubran.<\/span><\/p>\n<p>&nbsp;<\/p>\n<figure id=\"attachment_2319259\" aria-describedby=\"caption-attachment-2319259\" style=\"width: 280px\" class=\"wp-caption aligncenter\"><a href=\"https:\/\/es.wikipedia.org\/wiki\/William_Wordsworth\" target=\"_blank\" rel=\"noopener\" data-schema-attribute=\"\"><img loading=\"lazy\" decoding=\"async\" class=\"wp-image-2319259\" src=\"https:\/\/puntocritico.com\/ausajpuntocritico\/wp-content\/uploads\/2026\/04\/Wordsworth_on_Helvellyn_by_Benjamin_Robert_Haydon-245x300.jpg\" alt=\"\" width=\"280\" height=\"343\" srcset=\"https:\/\/puntocritico.com\/ausajpuntocritico\/wp-content\/uploads\/2026\/04\/Wordsworth_on_Helvellyn_by_Benjamin_Robert_Haydon-245x300.jpg 245w, https:\/\/puntocritico.com\/ausajpuntocritico\/wp-content\/uploads\/2026\/04\/Wordsworth_on_Helvellyn_by_Benjamin_Robert_Haydon.jpg 500w\" sizes=\"auto, (max-width: 280px) 100vw, 280px\" \/><\/a><figcaption id=\"caption-attachment-2319259\" class=\"wp-caption-text\"><span style=\"color: #008000;\">Retrato de William Wordsworth en 1842, por Benjamin Robert Haydon.<\/span><\/figcaption><\/figure>\n<p>&nbsp;<\/p>\n<p style=\"text-align: justify;\"><span style=\"font-size: 14pt;\"><strong>De este pasaje, el estudiante no aprender\u00e1 absolutamente nada de literatura<\/strong>. <\/span><\/p>\n<p style=\"text-align: justify;\"><span style=\"font-size: 14pt;\">Lo que s\u00ed aprender\u00e1 bastante r\u00e1pido, y quiz\u00e1 de manera indeleble, es<strong> la creencia de que todas las emociones provocadas por asociaciones de ideas son de suyo contrarias a la raz\u00f3n y despreciables<\/strong>. <\/span><\/p>\n<p style=\"text-align: justify;\"><span style=\"font-size: 14pt;\"><strong>No habr\u00e1 aprendido que existen dos formas de ser inmunes a anuncios de este tipo<\/strong>; que no surten ning\u00fan efecto ni en los que est\u00e1n por encima de ellos, ni en los que est\u00e1n por debajo: <\/span><\/p>\n<blockquote>\n<p style=\"text-align: justify;\"><strong><span style=\"font-size: 14pt; color: #008000;\">ni en el hombre verdaderamente sensible, ni en el mero <a href=\"https:\/\/puntocritico.com\/ausajpuntocritico\/2026\/04\/07\/el-mono-disfrazado\/\" target=\"_blank\" rel=\"noopener\" data-schema-attribute=\"\">simio con pantalones<\/a> que nunca ha podido concebir el Atl\u00e1ntico como algo mas que millones de toneladas de agua salada fr\u00eda.<\/span><\/strong><\/p>\n<\/blockquote>\n<p>&nbsp;<\/p>\n<p style=\"text-align: justify;\"><span style=\"font-size: 14pt;\">Pues <strong>hay dos tipos de hombre a los que ofrecemos en vano falsos discursos sobre el patriotismo y el honor: uno es el cobarde; el otro, el hombre honorable y patriota<\/strong>. <\/span><\/p>\n<p style=\"text-align: justify;\"><span style=\"font-size: 14pt;\"><strong>Nada de esto se presenta al ni\u00f1o<\/strong>. Por el contrario, se lo alienta a que rechace \u00ab<em>la atracci\u00f3n del Mar Occidental<\/em>\u00bb, y ello sobre la peligrosa base de que, al hacerlo, demostrar\u00e1 que es un tipo listo a quien no se puede estafar.<\/span><\/p>\n<p>&nbsp;<\/p>\n<blockquote>\n<p style=\"text-align: center;\"><span style=\"color: #008000;\"><strong><span style=\"font-size: 14pt;\">Se alienta al ni\u00f1o a que rechace \u00ab<em>la atracci\u00f3n del Mar Occidental<\/em>\u00bb, y ello sobre la peligrosa base de que, al hacerlo, demostrar\u00e1 que es un tipo listo a quien no se puede estafar.\u00a0<\/span><\/strong><\/span><\/p>\n<p style=\"text-align: center;\"><span style=\"color: #008000;\"><strong><span style=\"font-size: 14pt;\"><em>Gayo <\/em>y <em>Tito<\/em>, sin ense\u00f1arle nada de letras, han privado a su alma, mucho antes de que est\u00e9 en edad de elegir.<\/span><\/strong><\/span><\/p>\n<\/blockquote>\n<p>&nbsp;<\/p>\n<p style=\"text-align: justify;\"><span style=\"font-size: 14pt;\"><em><strong>Gayo<\/strong> <\/em>y <em><strong>Tito<\/strong><\/em>, sin ense\u00f1arle nada de letras, <strong>han privado a su alma, mucho antes de que est\u00e9 en edad de elegir, de la posibilidad de tener algunas experiencias que pensadores con m\u00e1s autoridad han estimado generosas, fruct\u00edferas y humanas<\/strong>.<\/span><\/p>\n<p style=\"text-align: justify;\"><span style=\"font-size: 14pt;\">Sin embargo, no se trata s\u00f3lo de <em><strong>Gayo<\/strong> <\/em>y <em><strong>Tito<\/strong><\/em>. En otro librito, a cuyo autor llamar\u00e9 <em><strong>Orbilio<\/strong><\/em>, se realiza la misma operaci\u00f3n y con el mismo anest\u00e9sico general. <\/span><\/p>\n<p style=\"text-align: justify;\"><span style=\"font-size: 14pt;\"><em><strong>Orbilio<\/strong> <\/em>elige desacreditar un fragmento rid\u00edculo acerca de caballos, en que se alaba a estos animales por ser los abnegados sirvientes de los primeros\u00a0colonos en Australia. Y cae en la misma trampa que <em><strong>Gayo<\/strong> <\/em>y <em><strong>Tito<\/strong><\/em>.<\/span><\/p>\n<p>&nbsp;<\/p>\n<blockquote>\n<p style=\"text-align: center;\"><span style=\"color: #008000;\"><strong><span style=\"font-size: 14pt;\"><em>Orbilio <\/em>elige desacreditar un fragmento rid\u00edculo acerca de caballos, en que se alaba a estos animales por ser los abnegados sirvientes de los primeros\u00a0colonos en Australia. <\/span><\/strong><\/span><\/p>\n<p style=\"text-align: center;\"><span style=\"color: #008000;\"><strong><span style=\"font-size: 14pt;\">Y cae en la misma trampa que <em>Gayo <\/em>y <em>Tito<\/em>.<\/span><\/strong><\/span><\/p>\n<\/blockquote>\n<p>&nbsp;<\/p>\n<p style=\"text-align: justify;\"><span style=\"font-size: 14pt;\">Nada dice de <strong>Ruksh<\/strong> y <strong>Sleipnir<\/strong> ni de los llorosos corceles de <em><strong>Aquiles<\/strong><\/em>, ni del caballo de guerra del<em><strong> Libro de Job <\/strong><\/em>-ni siquiera del <em>Hermano Rabito<\/em> ni de<em> Pedro Conejo<\/em>&#8211; ni de la \u00ab<em>piedad prehist\u00f3rica del hombre por nuestro hermano el buey<\/em>\u00bb; <strong>nada, en fin, de todo lo que ha significado el trato <em>semiantropom\u00f3rfico<\/em> de las bestias en la historia humana ni de la literatura en que halla expresi\u00f3n noble o aguda<\/strong>. <\/span><\/p>\n<p style=\"text-align: justify;\"><span style=\"font-size: 14pt;\">Tampoco se refiere a los problemas de la psicolog\u00eda animal tal como los considera la ciencia. Se conforma con explicar que los caballos no est\u00e1n, <em>secundum litteram<\/em> interesados en la expansi\u00f3n colonial. Esta informaci\u00f3n es, en realidad, la \u00fanica que entrega a sus alumnos.<\/span><\/p>\n<p>&nbsp;<\/p>\n<blockquote>\n<p style=\"text-align: center;\"><strong><span style=\"font-size: 14pt; color: #008000;\">No les explica por qu\u00e9 la composici\u00f3n es mala, cuando otras, pasibles de la misma cr\u00edtica, son buenas.<\/span><\/strong><\/p>\n<\/blockquote>\n<p>&nbsp;<\/p>\n<p style=\"text-align: justify;\"><span style=\"font-size: 14pt;\">No les explica por qu\u00e9 la composici\u00f3n es mala, cuando otras, pasibles de la misma cr\u00edtica, son buenas. <strong>Y mucho menos aprenden de los dos tipos de hombre que, respectivamente, son impermeables a este tipo de escritura o pueden ser afectados por ella<\/strong>: <\/span><\/p>\n<blockquote>\n<p style=\"text-align: justify;\"><span style=\"color: #008000;\"><strong><span style=\"font-size: 14pt;\">el que de verdad conoce y ama a los caballos, no con ilusiones antropom\u00f3rficas, sino con amor com\u00fan; y el irredimible imb\u00e9cil urbano para quien un caballo es s\u00f3lo un anticuado medio de transporte.<\/span><\/strong><\/span><\/p>\n<\/blockquote>\n<p>&nbsp;<\/p>\n<p><img loading=\"lazy\" decoding=\"async\" class=\"aligncenter wp-image-22269\" src=\"https:\/\/puntocritico.com\/ausajpuntocritico\/wp-content\/uploads\/2019\/10\/Perro-piensa-300x158.jpg\" alt=\"\" width=\"480\" height=\"252\" srcset=\"https:\/\/puntocritico.com\/ausajpuntocritico\/wp-content\/uploads\/2019\/10\/Perro-piensa-300x158.jpg 300w, https:\/\/puntocritico.com\/ausajpuntocritico\/wp-content\/uploads\/2019\/10\/Perro-piensa.jpg 310w\" sizes=\"auto, (max-width: 480px) 100vw, 480px\" \/><\/p>\n<p>&nbsp;<\/p>\n<p style=\"text-align: justify;\"><span style=\"font-size: 14pt;\">Habr\u00e1n perdido alguna posibilidad de encontrar placer en sus propias jacas y perros; <strong>habr\u00e1n recibido alg\u00fan incentivo hacia la crueldad o la negligencia; y se les habr\u00e1 introducido en la mente algo de la tendencia a solazarse en su propia astucia<\/strong>. <\/span><\/p>\n<p style=\"text-align: justify;\"><span style=\"font-size: 14pt;\">Esa hab\u00eda sido su clase de <em>Lenguaje<\/em> del d\u00eda, aunque de <em>Lenguaje<\/em> no han aprendido nada. <strong>Se los ha despojado silenciosamente de otra peque\u00f1a porci\u00f3n de la herencia humana antes de que tuvieran edad para entender<\/strong>.<\/span><\/p>\n<p>&nbsp;<\/p>\n<blockquote>\n<p style=\"text-align: center;\"><strong><span style=\"font-size: 14pt; color: #008000;\">Esa hab\u00eda sido su clase de <em>Lenguaje<\/em> del d\u00eda, aunque de <em>Lenguaje<\/em> no han aprendido nada. <\/span><\/strong><\/p>\n<p style=\"text-align: center;\"><strong><span style=\"font-size: 14pt; color: #008000;\">Se los ha despojado silenciosamente de otra peque\u00f1a porci\u00f3n de la herencia humana antes de que tuvieran edad para entender.<\/span><\/strong><\/p>\n<\/blockquote>\n<p>&nbsp;<\/p>\n<p style=\"text-align: justify;\"><span style=\"font-size: 14pt;\">Hasta ahora, he supuesto que profesores como <em><strong>Gayo<\/strong> <\/em>y <em><strong>Tito<\/strong> <\/em>no comprenden del todo lo que est\u00e1n haciendo ni es su intenci\u00f3n producir las consecuencias de largo alcance que de hecho producen.<\/span><\/p>\n<p>&nbsp;<\/p>\n<blockquote>\n<p style=\"text-align: center;\"><strong><span style=\"font-size: 14pt; color: #008000;\">Hasta ahora, he supuesto que profesores como <em>Gayo <\/em>y <em>Tito <\/em>no comprenden del todo lo que est\u00e1n haciendo ni es su intenci\u00f3n producir las consecuencias de largo alcance que de hecho producen.<\/span><\/strong><\/p>\n<\/blockquote>\n<p>&nbsp;<\/p>\n<p><a href=\"https:\/\/puntocritico.com\/ausajpuntocritico\/2026\/04\/07\/el-mono-disfrazado\/\" target=\"_blank\" rel=\"noopener\" data-schema-attribute=\"\"><img loading=\"lazy\" decoding=\"async\" class=\"aligncenter wp-image-2319130\" src=\"https:\/\/puntocritico.com\/ausajpuntocritico\/wp-content\/uploads\/2026\/04\/stoned-ape-theory-mckenna-mono-yonky-300x187.jpg\" alt=\"\" width=\"440\" height=\"274\" srcset=\"https:\/\/puntocritico.com\/ausajpuntocritico\/wp-content\/uploads\/2026\/04\/stoned-ape-theory-mckenna-mono-yonky-300x187.jpg 300w, https:\/\/puntocritico.com\/ausajpuntocritico\/wp-content\/uploads\/2026\/04\/stoned-ape-theory-mckenna-mono-yonky-768x478.jpg 768w, https:\/\/puntocritico.com\/ausajpuntocritico\/wp-content\/uploads\/2026\/04\/stoned-ape-theory-mckenna-mono-yonky.jpg 868w\" sizes=\"auto, (max-width: 440px) 100vw, 440px\" \/><\/a><\/p>\n<p>&nbsp;<\/p>\n<blockquote>\n<p style=\"text-align: center;\"><span style=\"color: #008000;\"><strong><span style=\"font-size: 14pt;\">Hay otra posibilidad.<\/span><\/strong><\/span><\/p>\n<p style=\"text-align: center;\"><span style=\"color: #008000;\"><strong><span style=\"font-size: 14pt;\"> Lo que he llamado (<em>suponi\u00e9ndolos part\u00edcipes de un determinado sistema tradicional de valores<\/em>) el \u00ab<em>simio con pantalones<\/em>\u00bb y el \u00ab<em>imb\u00e9cil urbano<\/em>\u00bb, pueden ser precisamente el tipo de hombre que de verdad desean producir.<\/span><\/strong><\/span><\/p>\n<\/blockquote>\n<p>&nbsp;<\/p>\n<p style=\"text-align: justify;\"><span style=\"font-size: 14pt;\"><strong>Hay, por cierto, otra posibilidad<\/strong>. Lo que he llamado (<em>suponi\u00e9ndolos part\u00edcipes de un determinado sistema tradicional de valores<\/em>) el \u00ab<em><strong>simio con pantalones<\/strong><\/em>\u00bb y el \u00ab<em><strong>imb\u00e9cil urbano<\/strong><\/em>\u00bb, pueden ser precisamente el tipo de hombre que de verdad desean producir. <\/span><span style=\"font-size: 14pt;\"><strong>Las diferencias entre nosotros pueden ser completas<\/strong>. <\/span><\/p>\n<p style=\"text-align: justify;\"><span style=\"font-size: 14pt;\">Es posible que <em><strong>Gayo<\/strong> <\/em>y <em><strong>Tito<\/strong> <\/em>realmente sostengan que los sentimientos humanos comunes acerca del pasado, de los animales o de las grandes cataratas son contrarios a la raz\u00f3n, despreciables, y que se los deber\u00eda erradicar. <\/span><\/p>\n<p style=\"text-align: justify;\"><span style=\"font-size: 14pt;\"><strong>Quiz\u00e1 su intenci\u00f3n es borrar los valores tradicionales y comenzar con un conjunto nuevo<\/strong>. Esta posici\u00f3n se analizar\u00e1 m\u00e1s adelante. <\/span><\/p>\n<p style=\"text-align: justify;\"><span style=\"font-size: 14pt;\">Si tal es la postura que sostienen <em><strong>Gayo<\/strong> <\/em>y <em><strong>Tito<\/strong><\/em>, debo, por el momento, conformarme con se\u00f1alar que <strong>es una posici\u00f3n filos\u00f3fica, y no literaria<\/strong>. <\/span><\/p>\n<p style=\"text-align: justify;\"><span style=\"font-size: 14pt;\">Al incluirla en su libro, <strong>han sido injustos con el padre o el director que compra y obtiene la obra de fil\u00f3sofos aficionados cuando esperaba la de gram\u00e1ticos profesionales<\/strong>. Cualquiera se molestar\u00eda si su hijo regresara del dentista con los dientes intactos y la cabeza atestada de los <em>obiter dicta<\/em> del dentista sobre el <em>bimetalismo<\/em> o la <em>teor\u00eda de <strong>Bacon<\/strong><\/em>.<\/span><\/p>\n<p>&nbsp;<\/p>\n<blockquote>\n<p style=\"text-align: center;\"><strong><span style=\"font-size: 14pt; color: #008000;\">Cualquiera se molestar\u00eda si su hijo regresara del dentista con los dientes intactos y la cabeza atestada de los <em>obiter dicta<\/em> del dentista sobre el <em>bimetalismo<\/em> o la <em>teor\u00eda de Bacon<\/em>.<\/span><\/strong><\/p>\n<\/blockquote>\n<p>&nbsp;<\/p>\n<p><a href=\"https:\/\/puntocritico.com\/ausajpuntocritico\/2018\/07\/11\/errores-y-prejuicios-por-francis-bacon-y-mi-vision-del-mundo-por-albert-einstein\/\" target=\"_blank\" rel=\"noopener\" data-schema-attribute=\"\"><img loading=\"lazy\" decoding=\"async\" class=\"aligncenter wp-image-2296472 size-full\" src=\"https:\/\/puntocritico.com\/ausajpuntocritico\/wp-content\/uploads\/2024\/04\/Francis-Bacon.png\" alt=\"\" width=\"355\" height=\"275\" srcset=\"https:\/\/puntocritico.com\/ausajpuntocritico\/wp-content\/uploads\/2024\/04\/Francis-Bacon.png 355w, https:\/\/puntocritico.com\/ausajpuntocritico\/wp-content\/uploads\/2024\/04\/Francis-Bacon-300x232.png 300w\" sizes=\"auto, (max-width: 355px) 100vw, 355px\" \/><\/a><\/p>\n<p>&nbsp;<\/p>\n<p style=\"text-align: justify;\"><span style=\"font-size: 14pt;\">No obstante, <strong>dudo que <em>Gayo <\/em>y <em>Tito <\/em>realmente hayan planificado propagar su filosof\u00eda<\/strong> so pretexto de ense\u00f1ar literatura. <strong>Creo que cayeron en esto por las siguientes razones<\/strong>: <\/span><\/p>\n<p style=\"text-align: justify;\"><span style=\"font-size: 14pt;\"><strong>En primer lugar, la cr\u00edtica literaria es dif\u00edcil, y lo que en realidad hacen es mucho m\u00e1s f\u00e1cil<\/strong>. Explicar por qu\u00e9 un mal an\u00e1lisis de una emoci\u00f3n humana b\u00e1sica es mala literatura, si excluimos los ataques que ponen en duda la emoci\u00f3n en s\u00ed, es algo muy dif\u00edcil. <\/span><\/p>\n<p style=\"text-align: justify;\"><span style=\"font-size: 14pt;\">Incluso me parece que <strong>A. Richards<\/strong>, el primero que enfrent\u00f3 con seriedad el problema de lo malo en la literatura, fracas\u00f3. En cambio, desacreditar la emoci\u00f3n bas\u00e1ndose en un racionalismo trivial, es cosa que est\u00e1 al alcance de cualquiera.<\/span><\/p>\n<p>&nbsp;<\/p>\n<blockquote>\n<p style=\"text-align: center;\"><span style=\"color: #008000;\"><strong><span style=\"font-size: 14pt;\">Desacreditar la emoci\u00f3n bas\u00e1ndose en un racionalismo trivial, es cosa que est\u00e1 al alcance de cualquiera<\/span><\/strong><\/span><\/p>\n<\/blockquote>\n<p>&nbsp;<\/p>\n<p style=\"text-align: justify;\"><span style=\"font-size: 14pt;\"><strong>En segundo lugar, creo que <em>Gayo <\/em>y <em>Tito<\/em>, con toda honestidad, pueden haber comprendido mal la apremiante necesidad educacional del momento<\/strong>.\u00a0<\/span><span style=\"font-size: 14pt;\">Ven c\u00f3mo el mundo en torno est\u00e1 regido por propaganda emocional, han aprendido de la tradici\u00f3n que la juventud es sentimental, y concluyen que lo mejor ser\u00eda fortalecer la mente de los j\u00f3venes contra las emociones. <\/span><\/p>\n<p style=\"text-align: justify;\"><span style=\"font-size: 14pt;\">Mi propia experiencia de profesor indica lo contrario. <strong>Por cada alumno que proteger de un leve exceso de sensibilidad, hay tres que despertar del estupor de la fr\u00eda vulgaridad<\/strong>. <\/span><\/p>\n<p style=\"text-align: justify;\"><span style=\"font-size: 14pt;\">El deber del educador moderno no es talar selvas, sino irrigar desiertos. <strong>La defensa adecuada contra los sentimientos falsos es inculcar sentimientos justos<\/strong>. <\/span><\/p>\n<p style=\"text-align: justify;\"><span style=\"font-size: 14pt;\"><strong>Si no alimentamos la sensibilidad de nuestros alumnos, s\u00f3lo los convertimos en presa m\u00e1s f\u00e1cil del propagandista<\/strong>. Pues la hambrienta naturaleza se vengar\u00e1, y un coraz\u00f3n duro no es protecci\u00f3n infalible contra una mente d\u00e9bil.<\/span><\/p>\n<p>&nbsp;<\/p>\n<blockquote>\n<p style=\"text-align: center;\"><strong><span style=\"font-size: 14pt;\"><span style=\"color: #008000;\">Ven c\u00f3mo el mundo en torno est\u00e1 regido por propaganda emocional, han aprendido de la tradici\u00f3n que la juventud es sentimental, y concluyen que lo mejor ser\u00eda fortalecer la mente de los j\u00f3venes contra las emociones.<\/span> <\/span><\/strong><\/p>\n<\/blockquote>\n<p>&nbsp;<\/p>\n<p style=\"text-align: justify;\"><span style=\"font-size: 14pt;\">Sin embargo, <strong>hay una tercera raz\u00f3n, m\u00e1s profunda, para el procedimiento que adoptan <em>Gayo <\/em>y<\/strong> <em><strong>Tito<\/strong><\/em>. Pueden estar dispuestos a admitir que <strong>una buena educaci\u00f3n deber\u00eda construir algunos sentimientos mientras destruye otros<\/strong>. Pueden intentarlo.<\/span><\/p>\n<p>&nbsp;<\/p>\n<blockquote>\n<p style=\"text-align: center;\"><strong><span style=\"font-size: 14pt; color: #008000;\">Pueden estar dispuestos a admitir que una buena educaci\u00f3n deber\u00eda construir algunos sentimientos mientras destruye otros. Pueden intentarlo.<\/span><\/strong><\/p>\n<\/blockquote>\n<p>&nbsp;<\/p>\n<p style=\"text-align: justify;\"><span style=\"font-size: 14pt;\"><strong>Pero es imposible que lo logren<\/strong>. Hagan lo que hagan, el aspecto destructor de su trabajo, y s\u00f3lo \u00e9l, tendr\u00e1 efecto realmente.<\/span><\/p>\n<p>&nbsp;<\/p>\n<p><img loading=\"lazy\" decoding=\"async\" class=\"aligncenter wp-image-2319265\" src=\"https:\/\/puntocritico.com\/ausajpuntocritico\/wp-content\/uploads\/2026\/04\/CERDO-JUZGADO-300x169.jpg\" alt=\"\" width=\"480\" height=\"270\" srcset=\"https:\/\/puntocritico.com\/ausajpuntocritico\/wp-content\/uploads\/2026\/04\/CERDO-JUZGADO-300x169.jpg 300w, https:\/\/puntocritico.com\/ausajpuntocritico\/wp-content\/uploads\/2026\/04\/CERDO-JUZGADO-678x381.jpg 678w, https:\/\/puntocritico.com\/ausajpuntocritico\/wp-content\/uploads\/2026\/04\/CERDO-JUZGADO.jpg 755w\" sizes=\"auto, (max-width: 480px) 100vw, 480px\" \/><\/p>\n<p>&nbsp;<\/p>\n<p style=\"text-align: justify;\"><span style=\"font-size: 14pt;\">En orden a aprehender claramente esta necesidad debo, por un momento, hacer una <em><strong>digresi\u00f3n<\/strong> <\/em>que me permita mostrar que aquello que se puede llamar la <strong>posici\u00f3n educacional<\/strong> de <em><strong>Gayo<\/strong> <\/em>y <em><strong>Tito<\/strong><\/em> es <strong>diferente de la de todos sus predecesores<\/strong>.<\/span><\/p>\n<p style=\"text-align: justify;\"><span style=\"font-size: 14pt;\">Hasta hace muy poco todos los profesores, e incluso todos los hombres, cre\u00edan que el universo era tal que determinadas reacciones emocionales nuestras pod\u00edan ser congruentes o incongruentes con \u00e9l; <strong>cre\u00edan, de hecho, que los objetos no s\u00f3lo recib\u00edan, sino que pod\u00edan merecer nuestra aprobaci\u00f3n o desaprobaci\u00f3n, nuestra reverencia o desprecio<\/strong>.<\/span><\/p>\n<p>&nbsp;<\/p>\n<blockquote>\n<p style=\"text-align: center;\"><strong><span style=\"font-size: 14pt;\"><span style=\"color: #008000;\">Sin duda, Coleridge concordaba con el turista que llam\u00f3 sublime a la catarata y discrepaba del que la llam\u00f3 <em>linda<\/em> porque pensaba que la naturaleza inanimada era tal que ciertas respuestas ante ella pod\u00edan ser \u00ab<em>m\u00e1s justas<\/em>\u00bb o \u00ab<em>pertinentes<\/em>\u00bb o \u00ab<em>apropiadas<\/em>\u00bb que otras. <\/span><\/span><\/strong><\/p>\n<p style=\"text-align: center;\"><strong><span style=\"font-size: 14pt;\"><span style=\"color: #008000;\">Y cre\u00eda (<em>con raz\u00f3n<\/em>) que los dos turistas pensaban lo mismo.<\/span> <\/span><\/strong><\/p>\n<\/blockquote>\n<p>&nbsp;<\/p>\n<p style=\"text-align: justify;\"><span style=\"font-size: 14pt;\">Sin duda, <strong>Coleridge<\/strong> concordaba con el turista que llam\u00f3 sublime a la catarata y discrepaba del que la llam\u00f3 <em>linda<\/em> porque pensaba que la naturaleza inanimada era tal que ciertas respuestas ante ella pod\u00edan ser \u00ab<em>m\u00e1s justas<\/em>\u00bb o \u00ab<em>pertinentes<\/em>\u00bb o \u00ab<em>apropiadas<\/em>\u00bb que otras. <strong>Y cre\u00eda (<em>con raz\u00f3n<\/em>) que los dos turistas pensaban lo mismo<\/strong>. <\/span><\/p>\n<p style=\"text-align: justify;\"><span style=\"font-size: 14pt;\"><strong>La intenci\u00f3n del que llam\u00f3 <em>sublime<\/em> a la catarata no era simplemente describir sus propias emociones<\/strong>: <\/span><\/p>\n<blockquote>\n<p style=\"text-align: justify;\"><span style=\"font-size: 14pt; color: #008000;\"><strong>tambi\u00e9n afirmaba que el objeto merec\u00eda estas emociones.<\/strong> <\/span><\/p>\n<\/blockquote>\n<p>&nbsp;<\/p>\n<p style=\"text-align: justify;\"><span style=\"font-size: 14pt;\">Si no fuera por esta afirmaci\u00f3n, no habr\u00eda nada con qu\u00e9 estar de acuerdo o en desacuerdo. <strong>Estar en desacuerdo con la frase \u00ab<em>Esto es bello<\/em>\u00bb, si estas palabras s\u00f3lo describieran los sentimientos de una persona, ser\u00eda absurdo: <\/strong><\/span><\/p>\n<blockquote>\n<p style=\"text-align: justify;\"><span style=\"font-size: 14pt; color: #008000;\"><strong>si hubiera dicho \u00ab<em>Me siento mal<\/em>\u00bb, Coleridge no habr\u00eda contestado \u00ab<em>No; yo me siento bastante bien<\/em>\u00bb.<\/strong> <\/span><\/p>\n<\/blockquote>\n<p>&nbsp;<\/p>\n<p style=\"text-align: justify;\"><span style=\"font-size: 14pt;\"><a href=\"https:\/\/puntocritico.com\/ausajpuntocritico\/2023\/09\/25\/la-mascara-de-la-anarquia-por-percy-bysshe-shelley\/\" target=\"_blank\" rel=\"noopener\" data-schema-attribute=\"\"><strong>Shelley<\/strong><\/a> asume la misma posici\u00f3n cuando, tras comparar la sensibilidad humana con una lira e\u00f3lica, a\u00f1ade que <strong>se diferencia de una lira com\u00fan porque posee un poder de <\/strong><\/span><\/p>\n<blockquote>\n<p style=\"text-align: justify;\"><span style=\"color: #008000;\"><strong><span style=\"font-size: 14pt;\">\u00ab<em>ajuste interno que le permite acomodar sus cuerdas a los movimientos de aquello que las toca<\/em>\u00bb.<\/span><\/strong><\/span><\/p>\n<\/blockquote>\n<p>&nbsp;<\/p>\n<p><a href=\"https:\/\/puntocritico.com\/ausajpuntocritico\/2023\/09\/25\/la-mascara-de-la-anarquia-por-percy-bysshe-shelley\/\" target=\"_blank\" rel=\"noopener\" data-schema-attribute=\"\"><img loading=\"lazy\" decoding=\"async\" class=\"aligncenter wp-image-2287395\" src=\"https:\/\/puntocritico.com\/ausajpuntocritico\/wp-content\/uploads\/2023\/09\/shelley-PPAL-300x199.jpg\" alt=\"\" width=\"440\" height=\"292\" srcset=\"https:\/\/puntocritico.com\/ausajpuntocritico\/wp-content\/uploads\/2023\/09\/shelley-PPAL-300x199.jpg 300w, https:\/\/puntocritico.com\/ausajpuntocritico\/wp-content\/uploads\/2023\/09\/shelley-PPAL-678x452.jpg 678w, https:\/\/puntocritico.com\/ausajpuntocritico\/wp-content\/uploads\/2023\/09\/shelley-PPAL.jpg 680w\" sizes=\"auto, (max-width: 440px) 100vw, 440px\" \/><\/a><\/p>\n<p>&nbsp;<\/p>\n<p style=\"text-align: justify;\"><span style=\"font-size: 14pt;\">\u00ab<em>\u00bfPuedes ser un hombre honrado<\/em> -pregunta <strong>Traherne<\/strong>&#8211; <em>a menos que seas justo en otorgar a las cosas la estimaci\u00f3n que les es debida? Todas las cosas se hicieron para ser nuestras y nosotros para apreciarlas seg\u00fan su valor<\/em>\u00bb.<\/span><\/p>\n<p style=\"text-align: justify;\"><span style=\"font-size: 14pt;\"><strong>San Agust\u00edn<\/strong> define la virtud como <em>ordo amoris<\/em>, la<strong> ordenada condici\u00f3n de los afectos <\/strong>en que se le otorga a cada objeto el tipo y grado de amor que le corresponde. <\/span><\/p>\n<p style=\"text-align: justify;\"><span style=\"font-size: 14pt;\"><a href=\"https:\/\/puntocritico.com\/ausajpuntocritico\/2019\/05\/28\/el-hombre\/\" target=\"_blank\" rel=\"noopener\" data-schema-attribute=\"\"><strong>Arist\u00f3teles<\/strong><\/a> dice que <strong>el fin de la educaci\u00f3n es conseguir que el alumno tenga predilecciones y aversiones<\/strong> por lo que corresponde: <\/span><\/p>\n<blockquote>\n<p style=\"text-align: justify;\"><span style=\"font-size: 14pt; color: #008000;\"><strong>Cuando llega la edad del pensamiento reflexivo, el alumno que se ha ejercitado de esta forma en \u00ab<em>afectos ordenados<\/em>\u00bb o \u00ab<em>sentimientos justos<\/em>\u00bb descubrir\u00e1 con facilidad los primeros principios de la \u00e9tica; pero el hombre corrupto nunca los podr\u00e1 ver y no podr\u00e1 progresar en esta ciencia.<\/strong> <\/span><\/p>\n<\/blockquote>\n<p>&nbsp;<\/p>\n<p style=\"text-align: justify;\"><span style=\"font-size: 14pt;\"><strong>Plat\u00f3n<\/strong> ya hab\u00eda dicho lo mismo: <\/span><\/p>\n<blockquote>\n<p style=\"text-align: justify;\"><span style=\"color: #008000;\"><strong><span style=\"font-size: 14pt;\">\u00ab<em>En un principio, el peque\u00f1o animal humano no tendr\u00e1 las respuestas exactas. Se le debe ejercitar para sentir placer, predilecci\u00f3n, aversi\u00f3n y odio por las cosas que realmente son placenteras, agradables, desagradables y odiosas<\/em>. <\/span><\/strong><\/span><\/p>\n<p style=\"text-align: justify;\"><span style=\"color: #008000;\"><strong><em><span style=\"font-size: 14pt;\">En La Rep\u00fablica, el joven bien educado es el que ver\u00eda con mayor claridad cualquier error en trabajos mal hechos de un hombre o en obras mal terminadas de la naturaleza; con justa aversi\u00f3n culpar\u00eda y odiar\u00eda lo feo incluso desde sus primeros a\u00f1os, y har\u00eda entusiastas alabanzas a lo bello, recibi\u00e9ndolo en el alma y aliment\u00e1ndose con ello, para convertirse en un hombre de buen coraz\u00f3n. <\/span><\/em><\/strong><\/span><\/p>\n<p style=\"text-align: justify;\"><span style=\"color: #008000;\"><strong><span style=\"font-size: 14pt;\"><em>Todo esto antes de encontrarse en edad de razonar; de modo que cuando finalmente llegue a \u00e9l la Raz\u00f3n, entonces, educado de esta forma, estrechar\u00e1 sus manos para darle la bienvenida y reconocerla, ya que percibe su afinidad con ella<\/em>\u00bb. <\/span><\/strong><\/span><\/p>\n<\/blockquote>\n<p>&nbsp;<\/p>\n<p><a href=\"https:\/\/puntocritico.com\/ausajpuntocritico\/2024\/10\/14\/la-justicia-en-un-mundo-de-mera-opinion-por-platon\/\" target=\"_blank\" rel=\"noopener\" data-schema-attribute=\"\"><img loading=\"lazy\" decoding=\"async\" class=\"aligncenter wp-image-2302180\" src=\"https:\/\/puntocritico.com\/ausajpuntocritico\/wp-content\/uploads\/2024\/10\/Estado-platon-justicia-PPAL-300x169.jpg\" alt=\"\" width=\"480\" height=\"270\" srcset=\"https:\/\/puntocritico.com\/ausajpuntocritico\/wp-content\/uploads\/2024\/10\/Estado-platon-justicia-PPAL-300x169.jpg 300w, https:\/\/puntocritico.com\/ausajpuntocritico\/wp-content\/uploads\/2024\/10\/Estado-platon-justicia-PPAL.jpg 678w\" sizes=\"auto, (max-width: 480px) 100vw, 480px\" \/><\/a><\/p>\n<p>&nbsp;<\/p>\n<p style=\"text-align: justify;\"><span style=\"font-size: 14pt;\"><strong>En el primer hindu\u00edsmo, la conducta humana que se puede llamar buena consiste en la conformidad con (<em>o casi participaci\u00f3n en<\/em>) la<\/strong> <em><strong>Rta<\/strong><\/em>, ese gran ritual o modelo de la naturaleza y de la sobrenaturaleza, que se revela del mismo modo en el orden c\u00f3smico, en las virtudes morales y en el ceremonial del templo.<\/span><\/p>\n<p>&nbsp;<\/p>\n<blockquote>\n<p style=\"text-align: center;\"><strong><span style=\"font-size: 14pt; color: #008000;\">La <em>Rta<\/em>, gran ritual o modelo de la naturaleza y de la sobrenaturaleza, que se revela del mismo modo en el orden c\u00f3smico, en las virtudes morales y en el ceremonial del templo.<\/span><\/strong><\/p>\n<\/blockquote>\n<p>&nbsp;<\/p>\n<p style=\"text-align: justify;\"><span style=\"font-size: 14pt;\">Constantemente se identifica la rectitud, la\u00a0correcci\u00f3n, el orden, la <em><strong>Rta<\/strong><\/em>, con la <em><strong>satya<\/strong> <\/em>o la <em>verdad<\/em>, la correspondencia con la realidad. <\/span><\/p>\n<p style=\"text-align: justify;\"><span style=\"font-size: 14pt;\">Tal como <strong>Plat\u00f3n<\/strong> dice que el bien est\u00e1 m\u00e1s all\u00e1 de la existencia, y <strong>Wordsworth<\/strong> que por la virtud las estrellas permanecen firmes, los maestros hind\u00faes dicen que <strong>los dioses mismos nacen de la <em>Rta <\/em>y la obedecen<\/strong>.<\/span><\/p>\n<p>&nbsp;<\/p>\n<figure id=\"attachment_2319266\" aria-describedby=\"caption-attachment-2319266\" style=\"width: 400px\" class=\"wp-caption aligncenter\"><a href=\"https:\/\/en.wikipedia.org\/wiki\/%E1%B9%9Ata\" target=\"_blank\" rel=\"noopener\" data-schema-attribute=\"\"><img loading=\"lazy\" decoding=\"async\" class=\"wp-image-2319266\" src=\"https:\/\/puntocritico.com\/ausajpuntocritico\/wp-content\/uploads\/2026\/04\/Varunadeva-Rta-300x218.jpg\" alt=\"\" width=\"400\" height=\"291\" srcset=\"https:\/\/puntocritico.com\/ausajpuntocritico\/wp-content\/uploads\/2026\/04\/Varunadeva-Rta-300x218.jpg 300w, https:\/\/puntocritico.com\/ausajpuntocritico\/wp-content\/uploads\/2026\/04\/Varunadeva-Rta-1024x746.jpg 1024w, https:\/\/puntocritico.com\/ausajpuntocritico\/wp-content\/uploads\/2026\/04\/Varunadeva-Rta-768x559.jpg 768w, https:\/\/puntocritico.com\/ausajpuntocritico\/wp-content\/uploads\/2026\/04\/Varunadeva-Rta.jpg 1280w\" sizes=\"auto, (max-width: 400px) 100vw, 400px\" \/><\/a><figcaption id=\"caption-attachment-2319266\" class=\"wp-caption-text\"><span style=\"color: #008000;\">Acuarela del siglo XVII que representa a <strong>Varuna<\/strong> (<em>aqu\u00ed a horcajadas sobre el Makara<\/em>), un dios estrechamente asociado con <strong>\u1e5ata<\/strong> en los <em>Vedas<\/em>.<\/span><\/figcaption><\/figure>\n<p>&nbsp;<\/p>\n<div class=\"paragraph is-rich-chat-ui normal ng-star-inserted\" style=\"text-align: justify;\" data-start-index=\"2376\"><span style=\"font-size: 14pt;\"><span class=\"ng-star-inserted\" data-start-index=\"2376\">Tambi\u00e9n los chinos hablan de algo grande (<em>lo m\u00e1s grande<\/em>), que llaman <\/span><b class=\"ng-star-inserted\" data-start-index=\"2445\">el Tao<\/b><span class=\"ng-star-inserted\" data-start-index=\"2451\">. Es la realidad m\u00e1s all\u00e1 de toda calificaci\u00f3n, el abismo que era antes que el <em>Creador<\/em> mismo<\/span><span class=\"ng-star-inserted\" data-start-index=\"2543\">.\u00a0<\/span><\/span><\/div>\n<div data-start-index=\"2376\">\u00a0<\/div>\n<div class=\"paragraph is-rich-chat-ui normal ng-star-inserted\" style=\"text-align: justify;\" data-start-index=\"2376\"><span style=\"font-size: 14pt;\"><span class=\"ng-star-inserted\" data-start-index=\"2543\">Es la <em>Naturaleza<\/em>, el <em>Camino<\/em>, el <em>Sendero<\/em><\/span><span class=\"ng-star-inserted\" data-start-index=\"2584\">. Es el <strong>Camino <\/strong>por donde avanza el universo, el <strong>Camino<\/strong> de donde todo eternamente surge, silencioso y tranquilo, al espacio y al tiempo<\/span><span class=\"ng-star-inserted\" data-start-index=\"2718\">. <\/span><\/span><\/div>\n<div data-start-index=\"2376\">\u00a0<\/div>\n<div class=\"paragraph is-rich-chat-ui normal ng-star-inserted\" style=\"text-align: justify;\" data-start-index=\"2376\"><span style=\"font-size: 14pt;\"><span class=\"ng-star-inserted\" data-start-index=\"2718\">Tambi\u00e9n es el <strong>Camino<\/strong> que todo hombre debe hollar imitando esa progresi\u00f3n c\u00f3smica y superc\u00f3smica, conformando todas las actividades con ese gran ejemplo:<\/span><span class=\"ng-star-inserted\" data-start-index=\"2871\">\u00a0<\/span><\/span><\/div>\n<blockquote>\n<div class=\"paragraph is-rich-chat-ui normal ng-star-inserted\" style=\"text-align: justify;\" data-start-index=\"2376\"><span style=\"color: #008000;\"><strong><em><span style=\"font-size: 14pt;\"><span class=\"ng-star-inserted\" data-start-index=\"2871\">\u00abEn el ritual \u2014dicen las <a href=\"https:\/\/puntocritico.com\/ausajpuntocritico\/wp-content\/uploads\/2017\/10\/ni%C3%B1os-ante-elefante-Confucio-y-Mencio-326x245.jpg\" target=\"_blank\"  rel=\"lightbox[2319036] noopener\" data-schema-attribute=\"\">Analectas<\/a>\u2014 se privilegia la armon\u00eda con la Naturaleza\u00bb<\/span><span class=\"ng-star-inserted\" data-start-index=\"2952\">.<\/span><\/span><\/em><\/strong><\/span><\/div>\n<\/blockquote>\n<div data-start-index=\"2376\">\u00a0<\/div>\n<div class=\"paragraph is-rich-chat-ui normal ng-star-inserted\" style=\"text-align: justify;\" data-start-index=\"2376\"><span style=\"font-size: 14pt;\"><strong><span class=\"ng-star-inserted\" data-start-index=\"2952\">De manera similar los antiguos jud\u00edos alaban la Ley por ser verdadera<\/span><\/strong><span class=\"ng-star-inserted\" data-start-index=\"3023\">. En adelante, y por razones de brevedad, llamar\u00e9 a todas las formas de esta concepci\u00f3n \u2014plat\u00f3nica, aristot\u00e9lica, estoica, cristiana y oriental\u2014 simplemente <\/span><b class=\"ng-star-inserted\" data-start-index=\"3180\">\u00ab<em>el Tao<\/em>\u00bb<\/b><span class=\"ng-star-inserted\" data-start-index=\"3188\">. A muchos, algunas de sus versiones quiz\u00e1 puedan parecerles extra\u00f1as o incluso m\u00e1gicas<\/span><span class=\"ng-star-inserted\" data-start-index=\"3275\">.<\/span><\/span><\/div>\n<div data-start-index=\"2376\">\u00a0<\/div>\n<blockquote>\n<div style=\"text-align: center;\" data-start-index=\"2376\"><strong><span style=\"font-size: 14pt;\"><span style=\"color: #008000;\"><span class=\"ng-star-inserted\" data-start-index=\"3023\">En adelante, y por razones de brevedad, llamar\u00e9 a todas las formas de esta concepci\u00f3n \u2014plat\u00f3nica, aristot\u00e9lica, estoica, cristiana y oriental\u2014 simplemente <\/span>\u00ab<em>el Tao<\/em>\u00bb<\/span><span class=\"ng-star-inserted\" data-start-index=\"3188\"><span style=\"color: #008000;\">.<\/span> <\/span><\/span><\/strong><\/div>\n<\/blockquote>\n<div data-start-index=\"2376\">\u00a0<\/div>\n<div class=\"paragraph is-rich-chat-ui normal ng-star-inserted\" style=\"text-align: justify;\" data-start-index=\"2376\"><span style=\"font-size: 14pt;\"><span class=\"ng-star-inserted\" data-start-index=\"3275\">Pero todas tienen en com\u00fan algo que no podemos olvidar: <\/span><b class=\"ng-star-inserted\" data-start-index=\"3333\">la doctrina del valor objetivo, la convicci\u00f3n en que ciertas actitudes son realmente verdaderas, y otras realmente falsas, respecto de lo que es el universo y somos nosotros<\/b><span class=\"ng-star-inserted\" data-start-index=\"3506\">.<\/span><\/span><\/div>\n<div data-start-index=\"2376\">\u00a0<\/div>\n<div data-start-index=\"2376\">\u00a0<\/div>\n<div data-start-index=\"2376\"><a href=\"https:\/\/puntocritico.com\/ausajpuntocritico\/2017\/10\/24\/confucio-y-mencio\/\" target=\"_blank\" rel=\"noopener\" data-schema-attribute=\"\"><img loading=\"lazy\" decoding=\"async\" class=\"aligncenter wp-image-6216\" src=\"https:\/\/puntocritico.com\/ausajpuntocritico\/wp-content\/uploads\/2017\/10\/ni\u00f1os-ante-elefante-Confucio-y-Mencio-300x199.jpg\" alt=\"\" width=\"440\" height=\"292\" srcset=\"https:\/\/puntocritico.com\/ausajpuntocritico\/wp-content\/uploads\/2017\/10\/ni\u00f1os-ante-elefante-Confucio-y-Mencio-300x199.jpg 300w, https:\/\/puntocritico.com\/ausajpuntocritico\/wp-content\/uploads\/2017\/10\/ni\u00f1os-ante-elefante-Confucio-y-Mencio-678x452.jpg 678w, https:\/\/puntocritico.com\/ausajpuntocritico\/wp-content\/uploads\/2017\/10\/ni\u00f1os-ante-elefante-Confucio-y-Mencio.jpg 680w\" sizes=\"auto, (max-width: 440px) 100vw, 440px\" \/><\/a><\/div>\n<div data-start-index=\"2376\">\u00a0<\/div>\n<div data-start-index=\"2376\">\u00a0<\/div>\n<div class=\"paragraph is-rich-chat-ui normal ng-star-inserted\" style=\"text-align: justify;\" data-start-index=\"2376\"><span style=\"font-size: 14pt;\"><span class=\"ng-star-inserted\" data-start-index=\"3506\">Los que conocen el <strong><em>Tao<\/em> <\/strong>pueden sostener que llamar encantadores a los ni\u00f1os o venerables a los ancianos no es s\u00f3lo registrar un hecho psicol\u00f3gico acerca de moment\u00e1neas emociones parentales o filiales, sino <strong>reconocer una cualidad que nos exige una determinada respuesta, respondamos o no de este modo<\/strong><\/span><span class=\"ng-star-inserted\" data-start-index=\"3806\">.<\/span><\/span><\/div>\n<div data-start-index=\"2376\">\u00a0<\/div>\n<blockquote>\n<div style=\"text-align: center;\" data-start-index=\"2376\"><strong><span style=\"font-size: 14pt;\"><span class=\"ng-star-inserted\" style=\"color: #008000;\" data-start-index=\"3806\">Yo no disfruto de la compa\u00f1\u00eda de ni\u00f1os peque\u00f1os; pero, como hablo desde el <em>Tao<\/em>, reconozco esto como un defecto m\u00edo, de la misma forma en que otro hombre puede reconocer que carece de o\u00eddo musical o es dalt\u00f3nico<\/span><span class=\"ng-star-inserted\" data-start-index=\"4018\"><span style=\"color: #008000;\">.<\/span> <\/span><\/span><\/strong><\/div>\n<\/blockquote>\n<div data-start-index=\"2376\">\u00a0<\/div>\n<div class=\"paragraph is-rich-chat-ui normal ng-star-inserted\" style=\"text-align: justify;\" data-start-index=\"2376\"><span style=\"font-size: 14pt;\"><span class=\"ng-star-inserted\" data-start-index=\"3806\">Yo no disfruto de la compa\u00f1\u00eda de ni\u00f1os peque\u00f1os; pero, como hablo desde el <em><strong>Tao<\/strong><\/em>, reconozco esto como un defecto m\u00edo, de la misma forma en que otro hombre puede reconocer que carece de o\u00eddo musical o es dalt\u00f3nico<\/span><span class=\"ng-star-inserted\" data-start-index=\"4018\">. <\/span><\/span><\/div>\n<div data-start-index=\"2376\">\u00a0<\/div>\n<div class=\"paragraph is-rich-chat-ui normal ng-star-inserted\" style=\"text-align: justify;\" data-start-index=\"2376\"><span style=\"font-size: 14pt;\"><span class=\"ng-star-inserted\" data-start-index=\"4018\"><strong>En esta concepci\u00f3n, nuestras aprobaciones y desaprobaciones son entonces reconocimientos de valor objetivo o respuestas a un orden objetivo<\/strong> y, por lo tanto, los estados emocionales pueden estar en armon\u00eda con la raz\u00f3n (<em>cuando sentimos agrado por lo que se debe aprobar<\/em>) o no (<em>cuando advertimos que algo nos deber\u00eda producir agrado, pero no lo podemos sentir<\/em>)<\/span><span class=\"ng-star-inserted\" data-start-index=\"4378\">.<\/span><\/span><\/div>\n<div data-start-index=\"2376\">\u00a0<\/div>\n<blockquote>\n<div style=\"text-align: center;\" data-start-index=\"2376\"><span style=\"color: #008000;\"><span style=\"color: #008000;\"><strong><span style=\"font-size: 14pt;\"><span class=\"ng-star-inserted\" data-start-index=\"4018\">Los estados emocionales pueden estar en armon\u00eda con la raz\u00f3n (<em>cuando sentimos agrado por lo que se debe aprobar<\/em>) o no (<em>cuando advertimos que algo nos deber\u00eda producir agrado, pero no lo podemos sentir<\/em>)<\/span><span class=\"ng-star-inserted\" data-start-index=\"4378\">.<\/span><\/span><\/strong><\/span><\/span><\/div>\n<div style=\"text-align: center;\" data-start-index=\"2376\">\n<div data-start-index=\"2376\">\u00a0<\/div>\n<div class=\"paragraph is-rich-chat-ui normal ng-star-inserted\" data-start-index=\"2376\"><strong><span style=\"font-size: 14pt; color: #008000;\"><span class=\"ng-star-inserted\" data-start-index=\"4378\">Ninguna emoci\u00f3n es, en s\u00ed, un juicio; en este sentido, todas las emociones y sentimientos son al\u00f3gicos<\/span><span class=\"ng-star-inserted\" data-start-index=\"4482\">. <\/span><\/span><\/strong><\/div>\n<div class=\"paragraph is-rich-chat-ui normal ng-star-inserted\" data-start-index=\"2376\"><strong><span style=\"font-size: 14pt; color: #008000;\"><span class=\"ng-star-inserted\" data-start-index=\"4482\">Pero pueden ser razonables o irrazonables seg\u00fan est\u00e9n o no est\u00e9n de acuerdo con la Raz\u00f3n<\/span><span class=\"ng-star-inserted\" data-start-index=\"4572\">. <\/span><\/span><\/strong><\/div>\n<div class=\"paragraph is-rich-chat-ui normal ng-star-inserted\" data-start-index=\"2376\"><strong><span style=\"font-size: 14pt; color: #008000;\">El coraz\u00f3n nunca reemplaza a la cabeza; pero puede, y debe, obedecerla<span class=\"ng-star-inserted\" data-start-index=\"4644\">.<\/span><\/span><\/strong><\/div>\n<div data-start-index=\"2376\">\u00a0<\/div>\n<\/div>\n<\/blockquote>\n<div class=\"paragraph is-rich-chat-ui normal ng-star-inserted\" style=\"text-align: justify;\" data-start-index=\"2376\"><span style=\"font-size: 14pt;\"><span class=\"ng-star-inserted\" data-start-index=\"4378\"><strong>Ninguna emoci\u00f3n es, en s\u00ed, un juicio<\/strong>; en este sentido, todas las emociones y sentimientos son al\u00f3gicos<\/span><span class=\"ng-star-inserted\" data-start-index=\"4482\">. Pero pueden ser razonables o irrazonables seg\u00fan est\u00e9n o no est\u00e9n de acuerdo con la <strong>Raz\u00f3n<\/strong><\/span><span class=\"ng-star-inserted\" data-start-index=\"4572\">. <\/span><b class=\"ng-star-inserted\" data-start-index=\"4574\">El coraz\u00f3n nunca reemplaza a la cabeza; pero puede, y debe, obedecerla<\/b><span class=\"ng-star-inserted\" data-start-index=\"4644\">.<\/span><\/span><\/div>\n<div data-start-index=\"2376\">\u00a0<\/div>\n<div class=\"paragraph is-rich-chat-ui normal ng-star-inserted\" style=\"text-align: justify;\" data-start-index=\"2376\"><span style=\"font-size: 14pt;\"><strong><span class=\"ng-star-inserted\" data-start-index=\"4645\">A todo esto es contrario el mundo de <\/span><i class=\"ng-star-inserted\" data-start-index=\"4682\">El libro verde<\/i><\/strong><span class=\"ng-star-inserted\" data-start-index=\"4696\">. En \u00e9l, la posibilidad misma de que un sentimiento sea razonable \u2014o no razonable\u2014 se ha excluido desde el principio<\/span><span class=\"ng-star-inserted\" data-start-index=\"4812\">. Pues algo s\u00f3lo puede ser razonable o no razonable si se conforma o no con otra cosa<\/span><span class=\"ng-star-inserted\" data-start-index=\"4897\">. <\/span><\/span><\/div>\n<div data-start-index=\"2376\">\u00a0<\/div>\n<div class=\"paragraph is-rich-chat-ui normal ng-star-inserted\" style=\"text-align: justify;\" data-start-index=\"2376\"><span style=\"font-size: 14pt;\"><span class=\"ng-star-inserted\" data-start-index=\"4897\"><strong>Decir que la catarata es sublime implica decir que nuestra emoci\u00f3n de humildad es apropiada o se ordena seg\u00fan la realidad<\/strong> y, de este modo, implica hablar de algo adem\u00e1s de la emoci\u00f3n (<em>como decir que un zapato calza bien no es hablar s\u00f3lo de los zapatos, sino tambi\u00e9n de los pies<\/em>)<\/span><span class=\"ng-star-inserted\" data-start-index=\"5178\">. <strong>Pero esta referencia a algo m\u00e1s all\u00e1 de la emoci\u00f3n es lo que <em>Gayo <\/em>y <em>Tito <\/em>excluyen de cada frase que contiene un predicado de valor<\/strong><\/span><span class=\"ng-star-inserted\" data-start-index=\"5310\">. <\/span><\/span><\/div>\n<div data-start-index=\"2376\">\u00a0<\/div>\n<div class=\"paragraph is-rich-chat-ui normal ng-star-inserted\" style=\"text-align: justify;\" data-start-index=\"2376\"><span style=\"font-size: 14pt;\"><span class=\"ng-star-inserted\" data-start-index=\"5310\">Esas afirmaciones, seg\u00fan ellos, s\u00f3lo se refieren a la emoci\u00f3n<\/span><span class=\"ng-star-inserted\" data-start-index=\"5373\">. <strong>Entonces la emoci\u00f3n, considerada por s\u00ed sola, no puede estar de acuerdo o en desacuerdo con la <em>Raz\u00f3n<\/em><\/strong><\/span><span class=\"ng-star-inserted\" data-start-index=\"5475\"><strong>. Es irracional<\/strong>; no como lo es un <em>paralogismo<\/em>, sino como lo es un hecho f\u00edsico: <\/span><\/span><\/div>\n<blockquote>\n<div class=\"paragraph is-rich-chat-ui normal ng-star-inserted\" style=\"text-align: justify;\" data-start-index=\"2376\"><span style=\"color: #008000;\"><strong><span style=\"font-size: 14pt;\"><span class=\"ng-star-inserted\" data-start-index=\"5475\">ni siquiera se eleva a la dignidad de error<\/span><span class=\"ng-star-inserted\" data-start-index=\"5598\">.<\/span><\/span><\/strong><\/span><\/div>\n<\/blockquote>\n<div data-start-index=\"2376\">\u00a0<\/div>\n<div class=\"paragraph is-rich-chat-ui normal ng-star-inserted\" style=\"text-align: justify;\" data-start-index=\"2376\"><span style=\"font-size: 14pt;\"><span class=\"ng-star-inserted\" data-start-index=\"5598\">Desde esta perspectiva, el mundo de los hechos, sin indicio alguno de valor, y el mundo de los sentimientos, sin indicio alguno de verdad o falsedad, justicia o injusticia, se enfrentan, y ning\u00fan encuentro es posible<\/span><span class=\"ng-star-inserted\" data-start-index=\"5816\">.<\/span><\/span><\/div>\n<div data-start-index=\"2376\">\u00a0<\/div>\n<div data-start-index=\"2376\">\u00a0<\/div>\n<div data-start-index=\"2376\"><a href=\"https:\/\/puntocritico.com\/ausajpuntocritico\/2024\/04\/30\/el-secreto-de-la-flor-de-oro-el-tao-carl-g-jung-prefacio-al-i-ching-2\/\" target=\"_blank\" rel=\"noopener\" data-schema-attribute=\"\"><img loading=\"lazy\" decoding=\"async\" class=\"aligncenter wp-image-14562\" src=\"https:\/\/puntocritico.com\/ausajpuntocritico\/wp-content\/uploads\/2018\/11\/Alquimia-china-Jung-I-Ching-IP-300x169.jpg\" alt=\"\" width=\"480\" height=\"270\" srcset=\"https:\/\/puntocritico.com\/ausajpuntocritico\/wp-content\/uploads\/2018\/11\/Alquimia-china-Jung-I-Ching-IP-300x169.jpg 300w, https:\/\/puntocritico.com\/ausajpuntocritico\/wp-content\/uploads\/2018\/11\/Alquimia-china-Jung-I-Ching-IP-267x150.jpg 267w, https:\/\/puntocritico.com\/ausajpuntocritico\/wp-content\/uploads\/2018\/11\/Alquimia-china-Jung-I-Ching-IP.jpg 678w\" sizes=\"auto, (max-width: 480px) 100vw, 480px\" \/><\/a><\/div>\n<div data-start-index=\"2376\">\u00a0<\/div>\n<div data-start-index=\"4645\">\u00a0<\/div>\n<blockquote>\n<div style=\"text-align: center;\" data-start-index=\"4645\"><strong><span style=\"font-size: 14pt; color: #008000;\"><span class=\"ng-star-inserted\" data-start-index=\"5598\">Desde esta perspectiva, el mundo de los hechos, sin indicio alguno de valor, y el mundo de los sentimientos, sin indicio alguno de verdad o falsedad, justicia o injusticia, se enfrentan, y ning\u00fan encuentro es posible<\/span><span class=\"ng-star-inserted\" data-start-index=\"5816\">.<\/span><\/span><\/strong><\/div>\n<\/blockquote>\n<div data-start-index=\"4645\">\u00a0<\/div>\n<div class=\"paragraph is-rich-chat-ui normal ng-star-inserted\" style=\"text-align: justify;\" data-start-index=\"4645\"><span style=\"font-size: 14pt;\"><span class=\"ng-star-inserted\" data-start-index=\"5817\">Por lo tanto, <\/span><b class=\"ng-star-inserted\" data-start-index=\"5831\">el problema educacional es totalmente distinto seg\u00fan se est\u00e9 dentro o fuera del Tao<\/b><span class=\"ng-star-inserted\" data-start-index=\"5914\">. Para los que est\u00e9n dentro, <strong>la tarea consiste en ejercitar en el alumno aquellas respuestas que son de por s\u00ed apropiadas, sin importar si alguien las est\u00e1 o no las est\u00e1 dando<\/strong>; ejercitar precisamente aquellas respuestas en cuyo ejercicio consiste la naturaleza del hombre<\/span><span class=\"ng-star-inserted\" data-start-index=\"6185\">. <\/span><\/span><\/div>\n<div data-start-index=\"4645\">\u00a0<\/div>\n<div class=\"paragraph is-rich-chat-ui normal ng-star-inserted\" style=\"text-align: justify;\" data-start-index=\"4645\"><span style=\"font-size: 14pt;\"><strong><span class=\"ng-star-inserted\" data-start-index=\"6185\">Los que est\u00e1n fuera, si son l\u00f3gicos, deben considerar que todos los sentimientos son igualmente no racionales, meras nieblas entre nosotros y los objetos reales<\/span><\/strong><span class=\"ng-star-inserted\" data-start-index=\"6347\">. <\/span><\/span><\/div>\n<div data-start-index=\"4645\">\u00a0<\/div>\n<div class=\"paragraph is-rich-chat-ui normal ng-star-inserted\" style=\"text-align: justify;\" data-start-index=\"4645\"><span style=\"font-size: 14pt;\"><span class=\"ng-star-inserted\" data-start-index=\"6347\">Como resultado, <strong>deben decidir eliminar cuanto sea posible los sentimientos de la mente del alumno; o inculcar ciertos sentimientos por razones que no tienen relaci\u00f3n alguna con su \u00ab<em>justicia<\/em>\u00bb o \u00ab<em>pertinencia intr\u00ednseca<\/em>\u00bb<\/strong><\/span><span class=\"ng-star-inserted\" data-start-index=\"6566\">.\u00a0<\/span><\/span><span style=\"font-size: 14pt;\"><span class=\"ng-star-inserted\" data-start-index=\"6566\">Este \u00faltimo camino los compromete en la dudosa tarea de crear en otros, por \u00ab<em>sugerencia<\/em>\u00bb o por conjuro, un espejismo que su propia raz\u00f3n ya ha disipado<\/span><span class=\"ng-star-inserted\" data-start-index=\"6718\">.<\/span><\/span><\/div>\n<div data-start-index=\"4645\">\u00a0<\/div>\n<blockquote>\n<div style=\"text-align: center;\" data-start-index=\"4645\"><span style=\"color: #008000;\"><strong><span style=\"font-size: 14pt;\"><span class=\"ng-star-inserted\" data-start-index=\"6566\">Este \u00faltimo camino los compromete en la dudosa tarea de crear en otros, por \u00ab<em>sugerencia<\/em>\u00bb o por conjuro, un espejismo que su propia raz\u00f3n ya ha disipado<\/span><span class=\"ng-star-inserted\" data-start-index=\"6718\">.<\/span><\/span><\/strong><\/span><\/div>\n<\/blockquote>\n<div data-start-index=\"4645\">\u00a0<\/div>\n<div class=\"paragraph is-rich-chat-ui normal ng-star-inserted\" style=\"text-align: justify;\" data-start-index=\"5817\"><span style=\"font-size: 14pt;\"><strong><span class=\"ng-star-inserted\" data-start-index=\"6719\">Quiz\u00e1 esto quede m\u00e1s claro si consideramos un caso concreto<\/span><\/strong><span class=\"ng-star-inserted\" data-start-index=\"6778\">. <\/span><\/span><\/div>\n<div data-start-index=\"5817\">\u00a0<\/div>\n<div class=\"paragraph is-rich-chat-ui normal ng-star-inserted\" style=\"text-align: justify;\" data-start-index=\"5817\"><span style=\"font-size: 14pt;\"><strong><span class=\"ng-star-inserted\" data-start-index=\"6778\">Cuando un padre romano le dec\u00eda a su hijo que era dulce y apropiado (<\/span><i class=\"ng-star-inserted\" data-start-index=\"6849\">dulce et decorum<\/i><span class=\"ng-star-inserted\" data-start-index=\"6865\">) morir por la patria, cre\u00eda en lo que dec\u00eda<\/span><\/strong><span class=\"ng-star-inserted\" data-start-index=\"6909\">. Le comunicaba a su hijo una emoci\u00f3n que \u00e9l compart\u00eda, y que cre\u00eda estaba de acuerdo con el valor que su juicio discern\u00eda en una muerte noble<\/span><span class=\"ng-star-inserted\" data-start-index=\"7051\">. <\/span><\/span><\/div>\n<div data-start-index=\"5817\">\u00a0<\/div>\n<div class=\"paragraph is-rich-chat-ui normal ng-star-inserted\" style=\"text-align: justify;\" data-start-index=\"5817\"><span style=\"font-size: 14pt;\"><span class=\"ng-star-inserted\" data-start-index=\"7051\">Le daba a su hijo lo mejor que ten\u00eda, d\u00e1ndole de su esp\u00edritu para humanizarlo como le hab\u00eda dado de su cuerpo para engendrarlo<\/span><span class=\"ng-star-inserted\" data-start-index=\"7179\">. <\/span><\/span><\/div>\n<div data-start-index=\"5817\">\u00a0<\/div>\n<div class=\"paragraph is-rich-chat-ui normal ng-star-inserted\" style=\"text-align: justify;\" data-start-index=\"5817\"><span style=\"font-size: 14pt;\"><span class=\"ng-star-inserted\" data-start-index=\"7179\">Pero <em><strong>Gayo<\/strong> <\/em><strong>y<\/strong> <em><strong>Tito<\/strong> <\/em><strong>no pueden creer que al llamar dulce y apropiada a esta muerte se est\u00e9 diciendo \u00ab<em>algo importante acerca de algo<\/em>\u00bb<\/strong><\/span><span class=\"ng-star-inserted\" data-start-index=\"7309\">. Su propio m\u00e9todo de cr\u00edtica se volver\u00eda en su contra si lo intentaran<\/span><span class=\"ng-star-inserted\" data-start-index=\"7380\">. <\/span><\/span><span style=\"font-size: 14pt;\"><span class=\"ng-star-inserted\" data-start-index=\"7380\">Pues la muerte no es algo que se come y, por lo tanto, no puede ser dulce en sentido literal, como tambi\u00e9n es muy improbable que las sensaciones reales que la preceden sean dulces, ni siquiera por analog\u00eda<\/span><span class=\"ng-star-inserted\" data-start-index=\"7587\">. <\/span><\/span><\/div>\n<div data-start-index=\"5817\">\u00a0<\/div>\n<div class=\"paragraph is-rich-chat-ui normal ng-star-inserted\" style=\"text-align: justify;\" data-start-index=\"5817\"><span style=\"font-size: 14pt;\"><span class=\"ng-star-inserted\" data-start-index=\"7587\">Y en cuanto al <\/span><strong><i class=\"ng-star-inserted\" data-start-index=\"7604\">decorum<\/i><\/strong><span class=\"ng-star-inserted\" data-start-index=\"7611\"> \u2014aquello que es apropiado\u2014, <strong>es s\u00f3lo una palabra que describe lo que otras personas sentir\u00e1n acerca de nuestra muerte cuando piensen en ella<\/strong>, lo que no ocurrir\u00e1 a menudo y, sin duda, no nos har\u00e1 ning\u00fan bien<\/span><span class=\"ng-star-inserted\" data-start-index=\"7817\">.<\/span><\/span><\/div>\n<div data-start-index=\"5817\">\u00a0<\/div>\n<div data-start-index=\"5817\">\u00a0<\/div>\n<div data-start-index=\"5817\"><a href=\"https:\/\/puntocritico.com\/ausajpuntocritico\/2018\/11\/07\/i-ching-libro-de-las-mutaciones-traduccion-de-richard-wilhelm\/\" target=\"_blank\" rel=\"noopener\" data-schema-attribute=\"\"><img loading=\"lazy\" decoding=\"async\" class=\"aligncenter wp-image-14536\" src=\"https:\/\/puntocritico.com\/ausajpuntocritico\/wp-content\/uploads\/2018\/11\/I-CHING-300x169.jpg\" alt=\"\" width=\"480\" height=\"270\" srcset=\"https:\/\/puntocritico.com\/ausajpuntocritico\/wp-content\/uploads\/2018\/11\/I-CHING-300x169.jpg 300w, https:\/\/puntocritico.com\/ausajpuntocritico\/wp-content\/uploads\/2018\/11\/I-CHING-267x150.jpg 267w, https:\/\/puntocritico.com\/ausajpuntocritico\/wp-content\/uploads\/2018\/11\/I-CHING.jpg 678w\" sizes=\"auto, (max-width: 480px) 100vw, 480px\" \/><\/a><\/div>\n<div data-start-index=\"5817\">\u00a0<\/div>\n<div data-start-index=\"5817\">\u00a0<\/div>\n<div class=\"paragraph is-rich-chat-ui normal ng-star-inserted\" style=\"text-align: justify;\" data-start-index=\"5817\"><span style=\"font-size: 14pt;\"><span class=\"ng-star-inserted\" data-start-index=\"7817\">S\u00f3lo quedan dos caminos disponibles para <em><strong>Gayo<\/strong> <\/em>y <em><strong>Tito<\/strong><\/em>: <\/span><\/span><\/div>\n<div data-start-index=\"5817\">\u00a0<\/div>\n<blockquote>\n<div class=\"paragraph is-rich-chat-ui normal ng-star-inserted\" style=\"text-align: justify;\" data-start-index=\"5817\"><strong><span style=\"font-size: 14pt; color: #008000;\"><span class=\"ng-star-inserted\" data-start-index=\"7817\">O bien deben llegar hasta el final y desacreditar este sentimiento como lo hacen con cualquier otro<\/span><span class=\"ng-star-inserted\" data-start-index=\"7972\">. <\/span><\/span><\/strong><\/div>\n<div data-start-index=\"5817\">\u00a0<\/div>\n<div class=\"paragraph is-rich-chat-ui normal ng-star-inserted\" style=\"text-align: justify;\" data-start-index=\"5817\"><strong><span style=\"font-size: 14pt; color: #008000;\"><span class=\"ng-star-inserted\" data-start-index=\"7972\">O bien deben empe\u00f1arse en producir, desde fuera, un sentimiento que, careciendo de valor para el alumno, puede costarle la vida, y ello porque a nosotros (<em>los sobrevivientes<\/em>) nos es \u00fatil que los j\u00f3venes lo sientan<\/span><span class=\"ng-star-inserted\" data-start-index=\"8187\">.<\/span><\/span><\/strong><\/div>\n<\/blockquote>\n<div data-start-index=\"5817\">\u00a0<\/div>\n<div data-start-index=\"6719\">\u00a0<\/div>\n<div class=\"paragraph is-rich-chat-ui normal ng-star-inserted\" style=\"text-align: justify;\" data-start-index=\"6719\"><span style=\"font-size: 14pt;\"><strong><span class=\"ng-star-inserted\" data-start-index=\"8188\">Si toman este segundo camino, la diferencia entre la antigua y la nueva educaci\u00f3n ser\u00e1 importante<\/span><\/strong><span class=\"ng-star-inserted\" data-start-index=\"8285\">. <\/span><\/span><\/div>\n<div data-start-index=\"6719\">\u00a0<\/div>\n<div class=\"paragraph is-rich-chat-ui normal ng-star-inserted\" style=\"text-align: justify;\" data-start-index=\"6719\"><span style=\"font-size: 14pt;\"><strong><span class=\"ng-star-inserted\" data-start-index=\"8285\">Donde la antigua educaci\u00f3n iniciaba, la nueva solamente condiciona<\/span><\/strong><span class=\"ng-star-inserted\" data-start-index=\"8353\">. La antigua trataba a los alumnos como los p\u00e1jaros adultos tratan a sus polluelos cuando les ense\u00f1an a volar; la nueva, m\u00e1s bien como un avicultor trata a los polluelos, cri\u00e1ndolos para tal o cual prop\u00f3sito del que los p\u00e1jaros nada saben<\/span><span class=\"ng-star-inserted\" data-start-index=\"8591\">. <\/span><\/span><\/div>\n<div data-start-index=\"6719\">\u00a0<\/div>\n<div class=\"paragraph is-rich-chat-ui normal ng-star-inserted\" style=\"text-align: justify;\" data-start-index=\"6719\"><span style=\"font-size: 14pt;\"><span class=\"ng-star-inserted\" data-start-index=\"8591\">En s\u00edntesis, <\/span><b class=\"ng-star-inserted\" data-start-index=\"8606\">la antigua era una especie de propagaci\u00f3n \u2014hombres transmitiendo humanidad a otros hombres\u2014; la nueva, s\u00f3lo propaganda<\/b><span class=\"ng-star-inserted\" data-start-index=\"8724\">. <\/span><\/span><\/div>\n<div data-start-index=\"6719\">\u00a0<\/div>\n<div class=\"paragraph is-rich-chat-ui normal ng-star-inserted\" style=\"text-align: justify;\" data-start-index=\"6719\"><span style=\"font-size: 14pt;\"><span class=\"ng-star-inserted\" data-start-index=\"8724\">Habla a favor de <em><strong>Gayo<\/strong> <\/em>y <em><strong>Tito<\/strong> <\/em>el que adopten la primera alternativa<\/span><span class=\"ng-star-inserted\" data-start-index=\"8792\">. Ellos abominan de la propaganda; no porque su propia filosof\u00eda permita condenarla (<em>o condenar cualquier otra cosa<\/em>), sino porque son mejores que sus principios<\/span><span class=\"ng-star-inserted\" data-start-index=\"8952\">.<\/span><\/span><\/div>\n<div data-start-index=\"6719\">\u00a0<\/div>\n<blockquote>\n<div style=\"text-align: center;\" data-start-index=\"6719\"><strong><span style=\"font-size: 14pt;\"><span style=\"color: #008000;\"><span class=\"ng-star-inserted\" data-start-index=\"8724\">Habla a favor de <em>Gayo <\/em>y <em>Tito <\/em>el que adopten la primera alternativa<\/span><span class=\"ng-star-inserted\" data-start-index=\"8792\">. <\/span><\/span><\/span><\/strong><\/div>\n<div data-start-index=\"6719\">\u00a0<\/div>\n<div style=\"text-align: center;\" data-start-index=\"6719\"><strong><span style=\"font-size: 14pt;\"><span style=\"color: #008000;\"><span class=\"ng-star-inserted\" data-start-index=\"8792\">Ellos abominan de la propaganda; no porque su propia filosof\u00eda permita condenarla (<em>o condenar cualquier otra cosa<\/em>), sino porque son mejores que sus principios<\/span><\/span><span class=\"ng-star-inserted\" data-start-index=\"8952\"><span style=\"color: #008000;\">.<\/span> <\/span><\/span><\/strong><\/div>\n<\/blockquote>\n<div data-start-index=\"6719\">\u00a0<\/div>\n<div class=\"paragraph is-rich-chat-ui normal ng-star-inserted\" style=\"text-align: justify;\" data-start-index=\"6719\"><span style=\"font-size: 14pt;\"><span class=\"ng-star-inserted\" data-start-index=\"8952\">Es probable que sospechen vagamente (<em>lo examinar\u00e9 en mi pr\u00f3xima conferencia<\/em>) que, si llegara a ser necesario, <strong>podr\u00edan ponderar ante los alumnos el coraje y la buena fe y la justicia sobre la base de lo que llamar\u00edan fundamentos \u00ab<em>racionales<\/em>\u00bb, \u00ab<em>biol\u00f3gicos<\/em>\u00bb o \u00ab<em>modernos<\/em>\u00bb<\/strong><\/span><span class=\"ng-star-inserted\" data-start-index=\"9221\">. Mientras tanto, dejan pendiente el tema y contin\u00faan desmitificando<\/span><span class=\"ng-star-inserted\" data-start-index=\"9289\">.<\/span><\/span><\/div>\n<div data-start-index=\"8188\">\u00a0<\/div>\n<div class=\"paragraph is-rich-chat-ui normal ng-star-inserted\" style=\"text-align: justify;\" data-start-index=\"8188\"><span style=\"font-size: 14pt;\"><span class=\"ng-star-inserted\" data-start-index=\"9290\">No obstante, <strong>este camino, aunque no tan inhumano, no es menos desastroso que la alternativa de la propaganda c\u00ednica<\/strong><\/span><span class=\"ng-star-inserted\" data-start-index=\"9405\">. <\/span><\/span><\/div>\n<div data-start-index=\"8188\">\u00a0<\/div>\n<div class=\"paragraph is-rich-chat-ui normal ng-star-inserted\" style=\"text-align: justify;\" data-start-index=\"8188\"><span style=\"font-size: 14pt;\"><span class=\"ng-star-inserted\" data-start-index=\"9405\">Supongamos por un instante que las virtudes m\u00e1s arduas puedan en verdad justificarse te\u00f3ricamente sin recurrir al valor objetivo<\/span><span class=\"ng-star-inserted\" data-start-index=\"9535\">. <strong>Sigue siendo verdadero que ninguna justificaci\u00f3n de la virtud capacita a un hombre para ser virtuoso<\/strong><\/span><span class=\"ng-star-inserted\" data-start-index=\"9637\">. <\/span><\/span><\/div>\n<div data-start-index=\"8188\">\u00a0<\/div>\n<div class=\"paragraph is-rich-chat-ui normal ng-star-inserted\" style=\"text-align: justify;\" data-start-index=\"8188\"><span style=\"font-size: 14pt;\"><b class=\"ng-star-inserted\" data-start-index=\"9639\">Sin la ayuda del entrenamiento de las emociones, el intelecto carece de poder frente al organismo animal<\/b><span class=\"ng-star-inserted\" data-start-index=\"9743\">. Yo preferir\u00eda jugar a las cartas con un hombre esc\u00e9ptico acerca de la \u00e9tica, pero educado para creer que \u00ab<em>un caballero no hace trampas<\/em>\u00bb, que con un fil\u00f3sofo moral intachable que ha crecido entre estafadores<\/span><span class=\"ng-star-inserted\" data-start-index=\"9951\">.<\/span><\/span><\/div>\n<div data-start-index=\"8188\">\u00a0<\/div>\n<div data-start-index=\"8188\">\n<blockquote>\n<div class=\"paragraph is-rich-chat-ui normal ng-star-inserted\" style=\"text-align: center;\" data-start-index=\"8188\"><strong><span style=\"font-size: 14pt;\"><span class=\"ng-star-inserted\" style=\"color: #008000;\" data-start-index=\"9743\">Yo preferir\u00eda jugar a las cartas con un hombre esc\u00e9ptico acerca de la \u00e9tica, pero educado para creer que \u00ab<em>un caballero no hace trampas<\/em>\u00bb, que con un fil\u00f3sofo moral intachable que ha crecido entre estafadores<\/span><span class=\"ng-star-inserted\" data-start-index=\"9951\"><span style=\"color: #008000;\">.<\/span> <\/span><\/span><\/strong><\/div>\n<\/blockquote>\n<div data-start-index=\"8188\">\u00a0<\/div>\n<\/div>\n<div class=\"paragraph is-rich-chat-ui normal ng-star-inserted\" style=\"text-align: justify;\" data-start-index=\"8188\"><span style=\"font-size: 14pt;\"><span class=\"ng-star-inserted\" data-start-index=\"9951\"><strong>En una batalla, los silogismos no son lo que mantiene firmes m\u00fasculos y nervios durante la tercera hora de bombardeo: m\u00e1s \u00fatil resulta el sentimentalismo m\u00e1s crudo<\/strong> (<em>del tipo que <strong>Gayo<\/strong> y <strong>Tito<\/strong> abominan<\/em>) en relaci\u00f3n con una bandera, un pa\u00eds o un regimiento<\/span><span class=\"ng-star-inserted\" data-start-index=\"10205\">. <\/span><\/span><\/div>\n<div data-start-index=\"8188\">\u00a0<\/div>\n<div class=\"paragraph is-rich-chat-ui normal ng-star-inserted\" style=\"text-align: justify;\" data-start-index=\"8188\"><span style=\"font-size: 14pt;\"><span class=\"ng-star-inserted\" data-start-index=\"10205\"><strong>Plat\u00f3n<\/strong> nos lo dijo hace mucho tiempo<\/span><span class=\"ng-star-inserted\" data-start-index=\"10243\">. As\u00ed como el rey gobierna mediante su ejecutivo, la <em><strong>Raz\u00f3n<\/strong> <\/em>en el hombre debe gobernar los meros apetitos mediante el \u00ab<em>vigoroso elemento<\/em>\u00bb<\/span><span class=\"ng-star-inserted\" data-start-index=\"10379\">.<\/span><\/span><\/div>\n<div data-start-index=\"8188\">\u00a0<\/div>\n<blockquote>\n<div style=\"text-align: center;\" data-start-index=\"8188\"><span style=\"color: #008000;\"><strong><span style=\"font-size: 14pt;\"><span class=\"ng-star-inserted\" data-start-index=\"10243\">As\u00ed como el rey gobierna mediante su ejecutivo, la <em>Raz\u00f3n <\/em>en el hombre debe gobernar los meros apetitos mediante el \u00ab<em>vigoroso elemento<\/em>\u00bb<\/span><span class=\"ng-star-inserted\" data-start-index=\"10379\">.<\/span><\/span><\/strong><\/span><\/div>\n<\/blockquote>\n<div data-start-index=\"8188\">\u00a0<\/div>\n<div class=\"paragraph is-rich-chat-ui normal ng-star-inserted\" style=\"text-align: justify;\" data-start-index=\"8188\"><span style=\"font-size: 14pt;\"><span class=\"ng-star-inserted\" data-start-index=\"10379\">La cabeza domina el est\u00f3mago a trav\u00e9s del coraz\u00f3n, el asiento, como <a href=\"https:\/\/es.wikipedia.org\/wiki\/Alain_de_Lille\" target=\"_blank\" rel=\"noopener\" data-schema-attribute=\"\"><strong>Alanus<\/strong><\/a> nos dice, de la <em>Magnanimidad<\/em>, de las emociones organizadas por el h\u00e1bito en sentimientos estables<\/span><span class=\"ng-star-inserted\" data-start-index=\"10553\">.<\/span><\/span><\/div>\n<div data-start-index=\"8188\">\u00a0<\/div>\n<div data-start-index=\"8188\">\u00a0<\/div>\n<div data-start-index=\"8188\"><a href=\"https:\/\/es.wikipedia.org\/wiki\/Alain_de_Lille\" target=\"_blank\" rel=\"noopener\" data-schema-attribute=\"\"><img loading=\"lazy\" decoding=\"async\" class=\"aligncenter wp-image-2319268\" src=\"https:\/\/puntocritico.com\/ausajpuntocritico\/wp-content\/uploads\/2026\/04\/Alanus_de_Insulis_Alain_de_Lille._Woodcut._Wellcome_V0000079-237x300.jpg\" alt=\"\" width=\"280\" height=\"355\" srcset=\"https:\/\/puntocritico.com\/ausajpuntocritico\/wp-content\/uploads\/2026\/04\/Alanus_de_Insulis_Alain_de_Lille._Woodcut._Wellcome_V0000079-237x300.jpg 237w, https:\/\/puntocritico.com\/ausajpuntocritico\/wp-content\/uploads\/2026\/04\/Alanus_de_Insulis_Alain_de_Lille._Woodcut._Wellcome_V0000079.jpg 500w\" sizes=\"auto, (max-width: 280px) 100vw, 280px\" \/><\/a><\/div>\n<div data-start-index=\"8188\">\u00a0<\/div>\n<div data-start-index=\"8188\">\u00a0<\/div>\n<div class=\"paragraph is-rich-chat-ui normal ng-star-inserted\" style=\"text-align: justify;\" data-start-index=\"8188\"><span style=\"font-size: 14pt;\"><strong><span class=\"ng-star-inserted\" data-start-index=\"10553\">El Coraz\u00f3n, la Magnanimidad, el Sentimiento: <\/span><\/strong><\/span><\/div>\n<blockquote>\n<div class=\"paragraph is-rich-chat-ui normal ng-star-inserted\" style=\"text-align: justify;\" data-start-index=\"8188\"><span style=\"font-size: 14pt;\"><span style=\"color: #008000;\"><strong><span class=\"ng-star-inserted\" data-start-index=\"10553\">\u00e9stos son los indispensables oficiales de enlace entre el hombre cerebral y el visceral<\/span><\/strong><\/span><span class=\"ng-star-inserted\" data-start-index=\"10687\"><span style=\"color: #008000;\">.<\/span> <\/span><\/span><\/div>\n<\/blockquote>\n<div data-start-index=\"8188\">\u00a0<\/div>\n<div class=\"paragraph is-rich-chat-ui normal ng-star-inserted\" style=\"text-align: justify;\" data-start-index=\"8188\"><span style=\"font-size: 14pt;\"><span class=\"ng-star-inserted\" data-start-index=\"10687\">Se puede decir, incluso, que es por este elemento intermedio que el hombre es hombre, ya que por su intelecto es un mero esp\u00edritu, y un mero animal por su apetito<\/span><span class=\"ng-star-inserted\" data-start-index=\"10851\">. <\/span><\/span><\/div>\n<div data-start-index=\"8188\">\u00a0<\/div>\n<blockquote>\n<div style=\"text-align: center;\" data-start-index=\"8188\"><span style=\"color: #008000;\"><strong><span style=\"font-size: 14pt;\"><span class=\"ng-star-inserted\" data-start-index=\"10687\">Es por este elemento intermedio que el hombre es hombre, ya que por su intelecto es un mero esp\u00edritu, y un mero animal por su apetito<\/span><\/span><\/strong><\/span><\/div>\n<\/blockquote>\n<div data-start-index=\"8188\">\u00a0<\/div>\n<div class=\"paragraph is-rich-chat-ui normal ng-star-inserted\" style=\"text-align: justify;\" data-start-index=\"8188\"><span style=\"font-size: 14pt;\"><b class=\"ng-star-inserted\" data-start-index=\"10853\">El efecto de <\/b><b class=\"italic ng-star-inserted\" data-start-index=\"10866\">El libro verde<\/b><b class=\"ng-star-inserted\" data-start-index=\"10880\"> y otros de su g\u00e9nero es producir lo que se puede llamar hombres sin coraz\u00f3n<\/b><span class=\"ng-star-inserted\" data-start-index=\"10956\">. <\/span><\/span><\/div>\n<div data-start-index=\"8188\">\u00a0<\/div>\n<div class=\"paragraph is-rich-chat-ui normal ng-star-inserted\" style=\"text-align: justify;\" data-start-index=\"8188\"><span style=\"font-size: 14pt;\"><strong><span class=\"ng-star-inserted\" data-start-index=\"10956\">Es una atrocidad que habitualmente se les llame intelectuales<\/span><span class=\"ng-star-inserted\" data-start-index=\"11019\">. Esto les permite decir que quien los ataca, tambi\u00e9n ataca la inteligencia<\/span><span class=\"ng-star-inserted\" data-start-index=\"11094\">. No es as\u00ed<\/span><\/strong><span class=\"ng-star-inserted\" data-start-index=\"11105\">. No se distinguen de otros hombres por una habilidad especial para descubrir la verdad ni por un ardor virginal para buscarla<\/span><span class=\"ng-star-inserted\" data-start-index=\"11231\">. <\/span><\/span><\/div>\n<div data-start-index=\"8188\">\u00a0<\/div>\n<div class=\"paragraph is-rich-chat-ui normal ng-star-inserted\" style=\"text-align: justify;\" data-start-index=\"8188\"><span style=\"font-size: 14pt;\"><span class=\"ng-star-inserted\" data-start-index=\"11231\">En realidad ser\u00eda extra\u00f1o que as\u00ed fuera: <\/span><\/span><\/div>\n<blockquote>\n<div class=\"paragraph is-rich-chat-ui normal ng-star-inserted\" style=\"text-align: justify;\" data-start-index=\"8188\"><span style=\"font-size: 14pt; color: #008000;\"><strong><span class=\"ng-star-inserted\" data-start-index=\"11231\">la devoci\u00f3n perseverante por la verdad y el sentido del honor intelectual no se pueden mantener por mucho tiempo sin la ayuda de un sentimiento que <em>Gayo <\/em>y <em>Tito <\/em>podr\u00edan desacreditar con la misma facilidad con que denigran cualquier otro<\/span><\/strong><span class=\"ng-star-inserted\" data-start-index=\"11509\"><strong>.<\/strong> <\/span><\/span><\/div>\n<\/blockquote>\n<div data-start-index=\"8188\">\u00a0<\/div>\n<div class=\"paragraph is-rich-chat-ui normal ng-star-inserted\" style=\"text-align: justify;\" data-start-index=\"8188\"><span style=\"font-size: 14pt;\"><span class=\"ng-star-inserted\" data-start-index=\"11509\">No se destacan por un exceso de pensamiento, sino por <strong>defecto de emoci\u00f3n f\u00e9rtil y generosa<\/strong><\/span><span class=\"ng-star-inserted\" data-start-index=\"11601\">. <strong>Sus cabezas no son m\u00e1s grandes que lo normal<\/strong>: <\/span><\/span><\/div>\n<blockquote>\n<div class=\"paragraph is-rich-chat-ui normal ng-star-inserted\" style=\"text-align: justify;\" data-start-index=\"8188\"><span style=\"color: #008000;\"><strong><span style=\"font-size: 14pt;\"><span class=\"ng-star-inserted\" data-start-index=\"11601\">la atrofia del coraz\u00f3n las hace parecer as\u00ed<\/span><span class=\"ng-star-inserted\" data-start-index=\"11692\">.<\/span><\/span><\/strong><\/span><\/div>\n<\/blockquote>\n<div data-start-index=\"8188\">\u00a0<\/div>\n<div class=\"paragraph is-rich-chat-ui normal ng-star-inserted\" style=\"text-align: justify;\" data-start-index=\"11693\"><span style=\"font-size: 14pt;\"><span class=\"ng-star-inserted\" data-start-index=\"11693\">Y todo el tiempo -tal es la tragicomedia de nuestra situaci\u00f3n- <strong>seguimos clamando precisamente por aquellas cualidades que tornamos imposibles<\/strong><\/span><span class=\"ng-star-inserted\" data-start-index=\"11834\">. No se puede abrir un peri\u00f3dico sin encontrar la afirmaci\u00f3n de que lo que nuestra civilizaci\u00f3n necesita es m\u00e1s impulso o dinamismo o autosacrificio, o creatividad<\/span><span class=\"ng-star-inserted\" data-start-index=\"11997\">. <\/span><\/span><\/div>\n<div data-start-index=\"11693\">\u00a0<\/div>\n<div class=\"paragraph is-rich-chat-ui normal ng-star-inserted\" style=\"text-align: justify;\" data-start-index=\"11693\"><span style=\"font-size: 14pt;\"><b class=\"ng-star-inserted\" data-start-index=\"11999\">Con una especie de atroz simplismo, extirpamos el \u00f3rgano y exigimos la funci\u00f3n<\/b><span class=\"ng-star-inserted\" data-start-index=\"12077\">. Formamos hombres sin coraz\u00f3n, y esperamos de ellos virtud y arrojo<\/span><span class=\"ng-star-inserted\" data-start-index=\"12145\">. <strong>Nos burlamos del honor, y despu\u00e9s nos sorprende descubrir traidores<\/strong> entre nosotros<\/span><span class=\"ng-star-inserted\" data-start-index=\"12229\">. <strong>Castramos, y esperamos fertilidad<\/strong><\/span><span class=\"ng-star-inserted\" data-start-index=\"12264\">.<\/span><\/span><\/div>\n<div data-start-index=\"11693\">\u00a0<\/div>\n<blockquote>\n<div style=\"text-align: center;\" data-start-index=\"11693\"><strong><span style=\"font-size: 14pt; color: #008000;\">Con una especie de atroz simplismo, extirpamos el \u00f3rgano y exigimos la funci\u00f3n<span class=\"ng-star-inserted\" data-start-index=\"12077\">. <\/span><\/span><\/strong><\/div>\n<div data-start-index=\"11693\">\u00a0<\/div>\n<div style=\"text-align: center;\" data-start-index=\"11693\"><strong><span style=\"font-size: 14pt; color: #008000;\"><span class=\"ng-star-inserted\" data-start-index=\"12077\">Formamos hombres sin coraz\u00f3n, y esperamos de ellos virtud y arrojo<\/span><span class=\"ng-star-inserted\" data-start-index=\"12145\">. <\/span><\/span><\/strong><\/div>\n<div data-start-index=\"11693\">\u00a0<\/div>\n<div style=\"text-align: center;\" data-start-index=\"11693\"><strong><span style=\"font-size: 14pt; color: #008000;\"><span class=\"ng-star-inserted\" data-start-index=\"12145\">Nos burlamos del honor, y despu\u00e9s nos sorprende descubrir traidores entre nosotros<\/span><span class=\"ng-star-inserted\" data-start-index=\"12229\">. <\/span><\/span><\/strong><\/div>\n<div data-start-index=\"11693\">\u00a0<\/div>\n<div style=\"text-align: center;\" data-start-index=\"11693\"><strong><span style=\"font-size: 14pt; color: #008000;\"><span class=\"ng-star-inserted\" data-start-index=\"12229\">Castramos, y esperamos fertilidad<\/span><span class=\"ng-star-inserted\" data-start-index=\"12264\">.<\/span><\/span><\/strong><\/div>\n<\/blockquote>\n<p style=\"text-align: justify;\">\u00a0<\/p>\n<p><img loading=\"lazy\" decoding=\"async\" class=\"aligncenter wp-image-2319233\" src=\"https:\/\/puntocritico.com\/ausajpuntocritico\/wp-content\/uploads\/2026\/04\/TinMan-HOMBRES-SIN-CORAZON-261x300.webp\" alt=\"\" width=\"280\" height=\"322\" srcset=\"https:\/\/puntocritico.com\/ausajpuntocritico\/wp-content\/uploads\/2026\/04\/TinMan-HOMBRES-SIN-CORAZON-261x300.webp 261w, https:\/\/puntocritico.com\/ausajpuntocritico\/wp-content\/uploads\/2026\/04\/TinMan-HOMBRES-SIN-CORAZON.webp 380w\" sizes=\"auto, (max-width: 280px) 100vw, 280px\" \/><\/p>\n<p>&nbsp;<\/p>\n<blockquote class=\"wp-embedded-content\" data-secret=\"LIos2Y3h6f\"><p><a href=\"https:\/\/puntocritico.com\/ausajpuntocritico\/2026\/04\/09\/el-camino-la-abolicion-del-hombre-capitulo-2-por-c-s-lewis\/\">EL CAMINO (\u00abLa abolici\u00f3n del hombre\u00bb, Cap\u00edtulo 2), por C. S. Lewis<\/a><\/p><\/blockquote>\n<p><iframe loading=\"lazy\" class=\"wp-embedded-content\" sandbox=\"allow-scripts\" security=\"restricted\" style=\"position: absolute; visibility: hidden;\" title=\"\u00abEL CAMINO (\u00abLa abolici\u00f3n del hombre\u00bb, Cap\u00edtulo 2), por C. S. Lewis\u00bb \u2014 Punto Cr\u00edtico Derechos Humanos\" src=\"https:\/\/puntocritico.com\/ausajpuntocritico\/2026\/04\/09\/el-camino-la-abolicion-del-hombre-capitulo-2-por-c-s-lewis\/embed\/#?secret=inYYkxRldH#?secret=LIos2Y3h6f\" data-secret=\"LIos2Y3h6f\" width=\"500\" height=\"282\" frameborder=\"0\" marginwidth=\"0\" marginheight=\"0\" scrolling=\"no\"><\/iframe><\/p>\n<blockquote class=\"wp-embedded-content\" data-secret=\"ldWz5Px2hz\"><p><a href=\"https:\/\/puntocritico.com\/ausajpuntocritico\/2026\/04\/08\/hombres-sin-corazon\/\">HOMBRES SIN CORAZ\u00d3N (\u00abLa abolici\u00f3n del hombre\u00bb, Cap\u00edtulo 1), por C. S. Lewis<\/a><\/p><\/blockquote>\n<p><iframe loading=\"lazy\" class=\"wp-embedded-content\" sandbox=\"allow-scripts\" security=\"restricted\" style=\"position: absolute; visibility: hidden;\" title=\"\u00abHOMBRES SIN CORAZ\u00d3N (\u00abLa abolici\u00f3n del hombre\u00bb, Cap\u00edtulo 1), por C. S. Lewis\u00bb \u2014 Punto Cr\u00edtico Derechos Humanos\" src=\"https:\/\/puntocritico.com\/ausajpuntocritico\/2026\/04\/08\/hombres-sin-corazon\/embed\/#?secret=cI2W9HUorM#?secret=ldWz5Px2hz\" data-secret=\"ldWz5Px2hz\" width=\"500\" height=\"282\" frameborder=\"0\" marginwidth=\"0\" marginheight=\"0\" scrolling=\"no\"><\/iframe><\/p>\n<blockquote class=\"wp-embedded-content\" data-secret=\"YY0eRRC2xP\"><p><a href=\"https:\/\/puntocritico.com\/ausajpuntocritico\/2026\/04\/13\/la-abolicion-del-hombre-cap-3\/\">LA ABOLICI\u00d3N DEL HOMBRE (\u00abLa abolici\u00f3n del hombre\u00bb, Cap\u00edtulo 3 y final), por C. S. Lewis<\/a><\/p><\/blockquote>\n<p><iframe loading=\"lazy\" class=\"wp-embedded-content\" sandbox=\"allow-scripts\" security=\"restricted\" style=\"position: absolute; visibility: hidden;\" title=\"\u00abLA ABOLICI\u00d3N DEL HOMBRE (\u00abLa abolici\u00f3n del hombre\u00bb, Cap\u00edtulo 3 y final), por C. S. Lewis\u00bb \u2014 Punto Cr\u00edtico Derechos Humanos\" src=\"https:\/\/puntocritico.com\/ausajpuntocritico\/2026\/04\/13\/la-abolicion-del-hombre-cap-3\/embed\/#?secret=2ByBnVzo7m#?secret=YY0eRRC2xP\" data-secret=\"YY0eRRC2xP\" width=\"500\" height=\"282\" frameborder=\"0\" marginwidth=\"0\" marginheight=\"0\" scrolling=\"no\"><\/iframe><\/p>\n<blockquote class=\"wp-embedded-content\" data-secret=\"R4tnXpLLls\"><p><a href=\"https:\/\/puntocritico.com\/ausajpuntocritico\/2026\/04\/07\/el-mono-disfrazado\/\">EL MONO DISFRAZADO, por Roberto Pecchioli. \u00abEl Mono desnudo\u00bb (D. Morris, 1967): \u00abLos simios, desnudos o vestidos, no tienen conciencia moral\u00bb. Mono come Mono<\/a><\/p><\/blockquote>\n<p><iframe loading=\"lazy\" class=\"wp-embedded-content\" sandbox=\"allow-scripts\" security=\"restricted\" style=\"position: absolute; visibility: hidden;\" title=\"\u00abEL MONO DISFRAZADO, por Roberto Pecchioli. \u00abEl Mono desnudo\u00bb (D. Morris, 1967): \u00abLos simios, desnudos o vestidos, no tienen conciencia moral\u00bb. Mono come Mono\u00bb \u2014 Punto Cr\u00edtico Derechos Humanos\" src=\"https:\/\/puntocritico.com\/ausajpuntocritico\/2026\/04\/07\/el-mono-disfrazado\/embed\/#?secret=GfeG4ldepw#?secret=R4tnXpLLls\" data-secret=\"R4tnXpLLls\" width=\"500\" height=\"282\" frameborder=\"0\" marginwidth=\"0\" marginheight=\"0\" scrolling=\"no\"><\/iframe><\/p>\n<p>&nbsp;<\/p>\n<p>&nbsp;<\/p>\n<p style=\"text-align: justify;\"><a href=\"https:\/\/puntocritico.com\/author\/punto-critico\/\"><img loading=\"lazy\" decoding=\"async\" class=\"aligncenter wp-image-9528\" src=\"https:\/\/puntocritico.com\/ausajpuntocritico\/wp-content\/uploads\/2018\/03\/Mosca_Punto_Cr\u00edtico_40.png\" alt=\"\" width=\"80\" height=\"80\" \/><\/a><\/p>\n<p>&nbsp;<\/p>\n","protected":false},"excerpt":{"rendered":"<div class=\"mh-excerpt\"><p>&nbsp; Hombres sin coraz\u00f3n \u00abLa abolici\u00f3n del hombre\u00bb (serie de conferencias) Cap\u00edtulo 1 &nbsp; \u00absentenci\u00f3 a muerte a la palabra y as\u00ed conden\u00f3 al ni\u00f1o\u00bb \u00a0 Dudo que prestemos suficiente atenci\u00f3n a la importancia que <a class=\"mh-excerpt-more\" href=\"https:\/\/puntocritico.com\/ausajpuntocritico\/2026\/04\/08\/hombres-sin-corazon\/\" title=\"HOMBRES SIN CORAZ\u00d3N (\u00abLa abolici\u00f3n del hombre\u00bb, Cap\u00edtulo 1), por C. S. Lewis\">[&#8230;]<\/a><\/p>\n<\/div>","protected":false},"author":3,"featured_media":2319231,"comment_status":"closed","ping_status":"closed","sticky":false,"template":"","format":"standard","meta":{"_acf_changed":false,"_exactmetrics_skip_tracking":false,"_exactmetrics_sitenote_active":false,"_exactmetrics_sitenote_note":"","_exactmetrics_sitenote_category":0,"footnotes":""},"categories":[8],"tags":[210],"class_list":{"0":"post-2319036","1":"post","2":"type-post","3":"status-publish","4":"format-standard","5":"has-post-thumbnail","7":"category-filosofia","8":"tag-cs-lewis"},"acf":[],"_links":{"self":[{"href":"https:\/\/puntocritico.com\/ausajpuntocritico\/wp-json\/wp\/v2\/posts\/2319036","targetHints":{"allow":["GET"]}}],"collection":[{"href":"https:\/\/puntocritico.com\/ausajpuntocritico\/wp-json\/wp\/v2\/posts"}],"about":[{"href":"https:\/\/puntocritico.com\/ausajpuntocritico\/wp-json\/wp\/v2\/types\/post"}],"author":[{"embeddable":true,"href":"https:\/\/puntocritico.com\/ausajpuntocritico\/wp-json\/wp\/v2\/users\/3"}],"replies":[{"embeddable":true,"href":"https:\/\/puntocritico.com\/ausajpuntocritico\/wp-json\/wp\/v2\/comments?post=2319036"}],"version-history":[{"count":2,"href":"https:\/\/puntocritico.com\/ausajpuntocritico\/wp-json\/wp\/v2\/posts\/2319036\/revisions"}],"predecessor-version":[{"id":2319442,"href":"https:\/\/puntocritico.com\/ausajpuntocritico\/wp-json\/wp\/v2\/posts\/2319036\/revisions\/2319442"}],"wp:featuredmedia":[{"embeddable":true,"href":"https:\/\/puntocritico.com\/ausajpuntocritico\/wp-json\/wp\/v2\/media\/2319231"}],"wp:attachment":[{"href":"https:\/\/puntocritico.com\/ausajpuntocritico\/wp-json\/wp\/v2\/media?parent=2319036"}],"wp:term":[{"taxonomy":"category","embeddable":true,"href":"https:\/\/puntocritico.com\/ausajpuntocritico\/wp-json\/wp\/v2\/categories?post=2319036"},{"taxonomy":"post_tag","embeddable":true,"href":"https:\/\/puntocritico.com\/ausajpuntocritico\/wp-json\/wp\/v2\/tags?post=2319036"}],"curies":[{"name":"wp","href":"https:\/\/api.w.org\/{rel}","templated":true}]}}