{"id":2319001,"date":"2026-03-26T08:04:42","date_gmt":"2026-03-26T07:04:42","guid":{"rendered":"https:\/\/puntocritico.com\/ausajpuntocritico\/?p=2319001"},"modified":"2026-03-28T13:47:08","modified_gmt":"2026-03-28T12:47:08","slug":"matar-a-noelia-victima-de-la-revolucion-de-colores-espanola","status":"publish","type":"post","link":"https:\/\/puntocritico.com\/ausajpuntocritico\/2026\/03\/26\/matar-a-noelia-victima-de-la-revolucion-de-colores-espanola\/","title":{"rendered":"NOELIA (26 de marzo de 2026), VIVIR Y MORIR: V\u00edctima de la Revoluci\u00f3n de Colores espa\u00f1ola. Utilizada por la Pol\u00edtica y destruida por la Justicia: una vida olvidada que merece ser recordada"},"content":{"rendered":"<p style=\"text-align: justify;\"><span style=\"color: #008000; font-size: 14pt;\">NOELIA (26 MARZO 2026)<\/span><\/p>\n\n<p style=\"text-align: justify;\">\u00a0<\/p>\n<figure id=\"attachment_2319002\" aria-describedby=\"caption-attachment-2319002\" style=\"width: 678px\" class=\"wp-caption aligncenter\"><img loading=\"lazy\" decoding=\"async\" class=\"wp-image-2319002 size-mh-magazine-content\" src=\"https:\/\/puntocritico.com\/ausajpuntocritico\/wp-content\/uploads\/2026\/03\/Noelia-victima-de-la-revolucion-de-colores-espanola-678x381.jpg\" alt=\"Noelia \" width=\"678\" height=\"381\" \/><figcaption id=\"caption-attachment-2319002\" class=\"wp-caption-text\"><span style=\"color: #008000;\"><a style=\"color: #008000;\" href=\"https:\/\/puntocritico.com\/2017\/04\/20\/ejecutados-en-indefension-parte-i-por-jesus-diaz-formoso\/\" target=\"_blank\" rel=\"noopener\" data-schema-attribute=\"\">Con 13 a\u00f1os, su mundo se derrumb\u00f3. Sin familia y sin hogar. M\u00e1s de 500.000 desahucios, ilegales, como sabr\u00edamos todos a partir de 2014. Unas 2.500.000 de personas. Cientos de miles de menores. Como Noelia. Con la p\u00e9rdida del hogar, la de la familia, o con ambas perdidas, como le pas\u00f3 a Noelia, todo se desmoron\u00f3. Lo vemos hoy. Tiene una causa. Pero la cusa no la queremos ver. Porque nos duele nuestra responsabilidad. Porque todo pudo haberse evitado. Salvo porque no se pudo con la desinformaci\u00f3n, el enga\u00f1o y la codicia. Eso que recibimos con alborozo (\u00bfnadie recuerda ya el 80% de apoyo al prepodemismo -fabricado por Rubalcaba, aqu\u00e9l infame Ministro del Interior constructor del \u00abNuevo Movimiento Nacional\u00bb-, al que llamaron 15M?). Quienes no estaban cancelados, lo fueron de inmediato. Una generaci\u00f3n repleta de m\u00e9rito y capacidad, adquiridos con gran esfuerzo, Cancelada masivamente por adolescentes mediatizados, carentes de cualquier m\u00e9rito y, como resulta evidente, carente de capacidad, mera apariencia vac\u00eda de contenido. Una banda de ni\u00f1atos narcisistas, tan ignorantes como codiciosos, bajo una impuesta direcci\u00f3n psicop\u00e1tica, ocup\u00f3 los lugares que -como resulta hoy, d\u00e9cadas despu\u00e9s, tan evidente como ya irrelevante, por consolidada y definitiva- debieron ocupar sus v\u00edctimas, primero canceladas, luego despojadas de sus Derechos y su personalidad para, despu\u00e9s, ser destruidas. Verdugos de dos generaciones, la que les precedi\u00f3, y la siguiente, la de Noelia. Y hasta hoy, siempre a peor. Noelia pod\u00eda suicidarse por si misma. Pero prefiri\u00f3 avergonzarnos. Y lo consigui\u00f3. Gracias, Noelia. Tu vida son muchas vidas. Y tu muerte anticipa un poco la de todos.<\/a> <\/span><\/figcaption><\/figure>\n<p>&nbsp;<\/p>\n<blockquote>\n<h2 class=\"page-title\" style=\"text-align: center;\"><span dir=\"auto\" style=\"font-size: 24pt;\">La desaparici\u00f3n del padre<\/span><\/h2>\n<div class=\"region region-content\">\n<div class=\"content node-article\">\n<div class=\"field field-name-field-date-view field-type-datetime field-label-hidden\">\n<div class=\"field-items\">\n<div class=\"field-item even\" style=\"text-align: justify;\"><span style=\"font-size: 14pt;\">Por Roberto Giacomelli<\/span><\/div>\n<div style=\"text-align: justify;\"><span class=\"date-display-single\" style=\"font-size: 14pt;\"><span dir=\"auto\"><a href=\"https:\/\/www.2dipicche.news\/la-scomparsa-del-padre\/\" target=\"_blank\" rel=\"noopener\">2dipicche<\/a>, 23 MARZO 2026<\/span><\/span><\/div>\n<\/div>\n<\/div>\n<\/div>\n<\/div>\n<div style=\"text-align: justify;\">\u00a0<\/div>\n<div><a href=\"https:\/\/www.geopolitika.ru\/en\/article\/disappearance-father\" target=\"_blank\" rel=\"noopener\" data-schema-attribute=\"\"><img loading=\"lazy\" decoding=\"async\" class=\"aligncenter wp-image-2318985\" src=\"https:\/\/puntocritico.com\/ausajpuntocritico\/wp-content\/uploads\/2026\/03\/La-desaparicion-del-padre-300x169.jpg\" alt=\"\" width=\"480\" height=\"270\" srcset=\"https:\/\/puntocritico.com\/ausajpuntocritico\/wp-content\/uploads\/2026\/03\/La-desaparicion-del-padre-300x169.jpg 300w, https:\/\/puntocritico.com\/ausajpuntocritico\/wp-content\/uploads\/2026\/03\/La-desaparicion-del-padre-678x381.jpg 678w, https:\/\/puntocritico.com\/ausajpuntocritico\/wp-content\/uploads\/2026\/03\/La-desaparicion-del-padre.jpg 746w\" sizes=\"auto, (max-width: 480px) 100vw, 480px\" \/><\/a><\/div>\n<div style=\"text-align: justify;\">\u00a0<\/div>\n<div class=\"region region-content\" style=\"text-align: justify;\">\n<div class=\"content node-article\">\n<div class=\"field field-name-body field-type-text-with-summary field-label-hidden\">\n<div class=\"field-items\">\n<div class=\"field-item even\">\n<p class=\"rtejustify\"><span dir=\"auto\" style=\"font-size: 14pt;\">Para dominar el mundo, el capitalismo tuvo que eliminar a su adversario m\u00e1s peligroso: la familia, la \u00fanica instituci\u00f3n social que no se basa en el lucro sino en el don.<\/span><\/p>\n<p class=\"rtejustify\"><span dir=\"auto\" style=\"font-size: 14pt;\">La forma m\u00e1s antigua de asociaci\u00f3n humana, donde las emociones unen a las personas y aseguran la continuidad de la especie, se interpuso en el camino de la difusi\u00f3n del nuevo modelo social centrado en la producci\u00f3n y el consumo.<\/span><\/p>\n<p class=\"rtejustify\"><span dir=\"auto\" style=\"font-size: 14pt;\">Para destruir la familia y aislar a sus miembros, convirti\u00e9ndolos en esclavos de las compras, los medicamentos y las drogas, era necesario atacar la piedra angular sobre la que se sustentaba esta instituci\u00f3n primordial: el padre.<\/span><\/p>\n<p class=\"rtejustify\"><span dir=\"auto\" style=\"font-size: 14pt;\">Se podr\u00eda lograr una sociedad individualista y atomizada, compuesta por individuos aislados, aniquilando la figura que proporcionaba orden y protecci\u00f3n.<\/span><\/p>\n<p class=\"rtejustify\"><span dir=\"auto\" style=\"font-size: 14pt;\">Sin la figura paterna, la comunidad es directamente atacada y desmantelada, borrando la identidad construida sobre tradiciones, cultura y folclore.<\/span><\/p>\n<p class=\"rtejustify\"><span dir=\"auto\" style=\"font-size: 14pt;\">Una forma sutil de aniquilar mentes rompiendo los lazos naturales y sustituy\u00e9ndolos por superestructuras artificiales y vac\u00edas: hogares monoparentales construidos sobre la soledad y la alienaci\u00f3n.<\/span><\/p>\n<p>&nbsp;<\/p>\n<h3 class=\"rtejustify\" style=\"text-align: center;\"><span style=\"font-size: 18pt;\"><strong><span dir=\"auto\">S\u00edmbolo de aislamiento<\/span><\/strong><\/span><\/h3>\n<p class=\"rtejustify\"><span dir=\"auto\" style=\"font-size: 14pt;\">Una familia unipersonal no es una verdadera familia, sino un s\u00edmbolo de aislamiento emocional y social, la negaci\u00f3n de los lazos naturales sobre los que se ha desarrollado la civilizaci\u00f3n.<\/span><\/p>\n<p class=\"rtejustify\"><span dir=\"auto\" style=\"font-size: 14pt;\">El fruto envenenado de la soledad es el invierno demogr\u00e1fico, el desplome de las tasas de natalidad y el fin del linaje, con la consiguiente p\u00e9rdida de la familia y la memoria hist\u00f3rica del pueblo.<\/span><\/p>\n<p class=\"rtejustify\"><span dir=\"auto\" style=\"font-size: 14pt;\">Arrancar a los hombres de los campos y convertirlos en esclavos de las m\u00e1quinas industriales fue la primera fase del ataque contra la familia, que qued\u00f3 indefensa y desprovista de gu\u00eda espiritual.<\/span><\/p>\n<p class=\"rtejustify\"><span dir=\"auto\" style=\"font-size: 14pt;\">Tras apropiarse del trabajo masculino, el gran capital explot\u00f3 a mujeres y ni\u00f1os encadenados a los telares como esclavos por salarios de miseria, enriqueciendo desmesuradamente a los due\u00f1os de las hilander\u00edas.<\/span><\/p>\n<p class=\"rtejustify\"><span dir=\"auto\" style=\"font-size: 14pt;\">El ego\u00edsmo que impulsa el capitalismo ha creado una acumulaci\u00f3n masiva de riqueza para unos pocos a expensas de todos los dem\u00e1s, un sentimiento arraigado en la envidia de los comerciantes burgueses que buscaban reemplazar a una nobleza decadente que hab\u00eda perdido todos sus valores.<\/span><\/p>\n<p>&nbsp;<\/p>\n<h3 class=\"rtejustify\" style=\"text-align: center;\"><span style=\"font-size: 18pt;\"><strong><span dir=\"auto\">El enemigo que debe ser eliminado<\/span><\/strong><\/span><\/h3>\n<p class=\"rtejustify\"><span dir=\"auto\" style=\"font-size: 14pt;\">El padre era el enemigo que deb\u00eda ser eliminado para crear un mundo nuevo sin patrias, sin sentimientos, sin familias; una sociedad donde los amigos no se abrazan, ni siquiera los fantasmas de las redes sociales se reconocen.<\/span><\/p>\n<p class=\"rtejustify\"><span dir=\"auto\" style=\"font-size: 14pt;\">El padre, adem\u00e1s de ser una presencia f\u00edsica fundamental en la familia y en la sociedad, es un arquetipo del inconsciente colectivo, una figura simb\u00f3lica que encarna la autoridad y la ley.<\/span><\/p>\n<p class=\"rtejustify\"><span dir=\"auto\" style=\"font-size: 14pt;\">En el desarrollo del ni\u00f1o, se disuelve la relaci\u00f3n simbi\u00f3tica con la madre, convirti\u00e9ndolo en un individuo con identidad propia, una din\u00e1mica esencial para la formaci\u00f3n del futuro adulto.<\/span><\/p>\n<p class=\"rtejustify\"><span dir=\"auto\" style=\"font-size: 14pt;\">El padre protege, disciplina, castiga estableciendo reglas que deben seguirse, apoya y gu\u00eda a sus hijos a lo largo de su vida.<\/span><\/p>\n<p class=\"rtejustify\"><span dir=\"auto\" style=\"font-size: 14pt;\">La desaparici\u00f3n del padre conduce al narcisismo en los ni\u00f1os sobreprotegidos por sus madres: varones d\u00e9biles dominados por las figuras femeninas a las que temen inconscientemente.<\/span><\/p>\n<p class=\"rtejustify\"><span dir=\"auto\" style=\"font-size: 14pt;\">La ausencia de prohibiciones paternas conlleva una falta de normas morales y un sentimiento de culpa, que es la causa del trastorno de personalidad antisocial.<\/span><\/p>\n<p>&nbsp;<\/p>\n<h3 class=\"rtejustify\" style=\"text-align: center;\"><span style=\"font-size: 18pt;\"><strong><span dir=\"auto\">Sociedad ca\u00f3tica<\/span><\/strong><\/span><\/h3>\n<p class=\"rtejustify\"><span dir=\"auto\" style=\"font-size: 14pt;\">La sociedad contempor\u00e1nea es ca\u00f3tica debido a la ausencia de l\u00edmites establecidos por los padres y los valores masculinos que transmiten; valores que son fundamentales no solo para la formaci\u00f3n de la personalidad masculina, sino tambi\u00e9n para el desarrollo del Animus, el inconsciente femenino.<\/span><\/p>\n<p class=\"rtejustify\"><span dir=\"auto\" style=\"font-size: 14pt;\">El arquetipo paterno es similar al del Guerrero; representa el coraje, la fuerza interior, la disciplina y la protecci\u00f3n contra el miedo.<\/span><\/p>\n<p class=\"rtejustify\"><span dir=\"auto\" style=\"font-size: 14pt;\">Y al igual que Senex, el anciano, que representa la sabidur\u00eda, la estabilidad y la experiencia, la fuente del equilibrio.<\/span><\/p>\n<p class=\"rtejustify\"><span dir=\"auto\" style=\"font-size: 14pt;\">Como todo arquetipo, la figura paterna tambi\u00e9n tiene una naturaleza dual; en su aspecto negativo, la autoridad es reemplazada por la coerci\u00f3n y la violencia desp\u00f3tica del autoritarismo.<\/span><\/p>\n<p class=\"rtejustify\"><span dir=\"auto\" style=\"font-size: 14pt;\">Los padres que son devaluados \u2014hijos de hombres sin reglas\u2014 cr\u00edan hijos fr\u00e1giles; la ausencia total de la figura paterna causa el mayor da\u00f1o a los ni\u00f1os peque\u00f1os que nunca llegar\u00e1n a ser hombres.<\/span><\/p>\n<p class=\"rtejustify\"><span dir=\"auto\" style=\"font-size: 14pt;\">Un D\u00eda del Padre comercial, que consiste en regalos y muestras empalagosas de afecto, no es suficiente; la figura paterna debe ser reevaluada en su totalidad.<\/span><\/p>\n<p class=\"rtejustify\"><span dir=\"auto\" style=\"font-size: 14pt;\">Debemos devolver al padre al centro de la familia, del que ha sido expulsado y despojado de autoridad, debido a la diab\u00f3lica estrategia de desmantelar esta instituci\u00f3n y al proceso de culpar a los hombres blancos.<\/span><\/p>\n<p class=\"rtejustify\"><span dir=\"auto\" style=\"font-size: 14pt;\">Una familia fuerte permite retomar los valores espirituales y defender la civilizaci\u00f3n contra la decadencia de la perversi\u00f3n contempor\u00e1nea.<\/span><\/p>\n<p class=\"rtejustify\"><span dir=\"auto\" style=\"font-size: 14pt;\">Salvemos a los padres menospreciados, marginados y olvidados; salvaremos a la familia y a la comunidad.<\/span><\/p>\n<\/div>\n<\/div>\n<\/div>\n<\/div>\n<\/div>\n<p>&nbsp;<\/p>\n<\/blockquote>\n<p><a href=\"https:\/\/puntocritico.com\/2017\/04\/20\/ejecutados-en-indefension-parte-i-por-jesus-diaz-formoso\/\" target=\"_blank\" rel=\"noopener\" data-schema-attribute=\"\"><img loading=\"lazy\" decoding=\"async\" class=\"aligncenter wp-image-9659\" src=\"https:\/\/puntocritico.com\/ausajpuntocritico\/wp-content\/uploads\/2018\/03\/PososAnarquia_Privacidad-300x135.jpg\" alt=\"\" width=\"555\" height=\"250\" srcset=\"https:\/\/puntocritico.com\/ausajpuntocritico\/wp-content\/uploads\/2018\/03\/PososAnarquia_Privacidad-300x135.jpg 300w, https:\/\/puntocritico.com\/ausajpuntocritico\/wp-content\/uploads\/2018\/03\/PososAnarquia_Privacidad-768x346.jpg 768w, https:\/\/puntocritico.com\/ausajpuntocritico\/wp-content\/uploads\/2018\/03\/PososAnarquia_Privacidad.jpg 960w\" sizes=\"auto, (max-width: 555px) 100vw, 555px\" \/><\/a><\/p>\n<p style=\"text-align: center;\"><strong><span style=\"color: #008000; font-size: 18pt;\">*******<\/span><\/strong><\/p>\n<h2 id=\"titulo-articulo\" style=\"text-align: center;\"><span style=\"font-size: 24pt;\">Eutanasia: la guerra espiritual<\/span><\/h2>\n<blockquote>\n<p class=\"art-entradilla\" style=\"text-align: center;\"><span style=\"font-size: 14pt;\"><strong>Primero fue separada de sus padres, a quienes el Estado quit\u00f3 la custodia. <\/strong><\/span><\/p>\n<p class=\"art-entradilla\" style=\"text-align: center;\"><span style=\"font-size: 14pt;\"><strong>Tras el divorcio perdieron la casa, atravesaron dificultades econ\u00f3micas y el Estado se \u201cencarg\u00f3\u201d de ella ingres\u00e1ndola a los 13 a\u00f1os en un centro de menores tutelados. <\/strong><\/span><\/p>\n<p class=\"art-entradilla\" style=\"text-align: center;\"><span style=\"font-size: 14pt;\"><strong>Posteriormente,\u00a0fue v\u00edctima de una violaci\u00f3n grupal por esos seres de luz que el Estado ha tra\u00eddo a nuestras calles. <\/strong><\/span><\/p>\n<p class=\"art-entradilla\" style=\"text-align: center;\"><span style=\"font-size: 14pt;\"><strong>Noelia padec\u00eda una discapacidad por sus problemas mentales, pero tras la agresi\u00f3n sexual m\u00faltiple intent\u00f3 suicidarse tir\u00e1ndose desde un quinto piso y qued\u00f3 en silla de ruedas (es aut\u00f3noma en el resto).<\/strong> <\/span><\/p>\n<\/blockquote>\n<p style=\"text-align: justify;\"><span style=\"font-size: 14pt;\">Por <a href=\"https:\/\/www.vozpopuli.com\/opinion\/eutanasia-la-guerra-espiritual.html\" target=\"_blank\" rel=\"noopener\" data-schema-attribute=\"\">Irene Gonz\u00e1lez<\/a>, 26 MARZO 2026<\/span><\/p>\n<p><a href=\"https:\/\/puntocritico.com\/ausajpuntocritico\/2026\/02\/05\/el-alma-humana-busca-una-meta-por-carl-g-jung\/\" target=\"_blank\" rel=\"noopener\" data-schema-attribute=\"\"><img loading=\"lazy\" decoding=\"async\" class=\"aligncenter wp-image-2317062\" src=\"https:\/\/puntocritico.com\/ausajpuntocritico\/wp-content\/uploads\/2026\/02\/SoulCarriedtoHeaven-Alma-humana-PPAL-300x199.jpg\" alt=\"\" width=\"480\" height=\"319\" srcset=\"https:\/\/puntocritico.com\/ausajpuntocritico\/wp-content\/uploads\/2026\/02\/SoulCarriedtoHeaven-Alma-humana-PPAL-300x199.jpg 300w, https:\/\/puntocritico.com\/ausajpuntocritico\/wp-content\/uploads\/2026\/02\/SoulCarriedtoHeaven-Alma-humana-PPAL-678x452.jpg 678w, https:\/\/puntocritico.com\/ausajpuntocritico\/wp-content\/uploads\/2026\/02\/SoulCarriedtoHeaven-Alma-humana-PPAL.jpg 680w\" sizes=\"auto, (max-width: 480px) 100vw, 480px\" \/><\/a><\/p>\n<p>&nbsp;<\/p>\n<p style=\"text-align: justify;\"><span style=\"font-size: 14pt;\">Como un reo inocente condenado a pena de muerte por inyecci\u00f3n letal,<strong>\u00a0Noelia,<\/strong>\u00a0la chica de 25 a\u00f1os paral\u00edtica con serios problemas de salud mental, hoy ser\u00e1 ejecutada por el Estado en un procedimiento eugen\u00e9sico que llaman eutanasia. La muerte de Noelia parece ser el \u00faltimo paso de un camino de torturas del sistema. <\/span><\/p>\n<p style=\"text-align: justify;\"><span style=\"font-size: 14pt;\">Primero fue separada de sus padres, a quienes el Estado quit\u00f3 la custodia. Tras el divorcio perdieron la casa, atravesaron dificultades econ\u00f3micas y el Estado se \u201cencarg\u00f3\u201d de ella ingres\u00e1ndola a los 13 a\u00f1os en un centro de menores tutelados. Posteriormente,\u00a0<strong>fue v\u00edctima de una violaci\u00f3n grupal por esos seres de luz que el Estado ha tra\u00eddo a nuestras calles<\/strong>. <\/span><\/p>\n<p style=\"text-align: justify;\"><span style=\"font-size: 14pt;\">Noelia padec\u00eda una discapacidad por sus problemas mentales, pero tras la agresi\u00f3n sexual m\u00faltiple intent\u00f3 suicidarse tir\u00e1ndose desde un quinto piso y qued\u00f3 en silla de ruedas (es aut\u00f3noma en el resto). <\/span><\/p>\n<p style=\"text-align: justify;\"><span style=\"font-size: 14pt;\">Noelia es una chica con trastorno l\u00edmite de la personalidad, trastorno obsesivo compulsivo e ideas suicidas. Una chica vulnerable a la que el Estado separ\u00f3 de sus padres que la quer\u00edan y no la protegi\u00f3 ni la ampar\u00f3. <\/span><\/p>\n<p style=\"text-align: justify;\"><span style=\"font-size: 14pt;\">La eutanasia parece ser la ejecuci\u00f3n,\u00a0<strong>el \u00faltimo paso de un caso de secuestro y torturas<\/strong>, con la premura de un sistema que quiere borrar las huellas de lo que hace realmente el \u00abEstado\u00bb en defensa de los vulnerables con lo que llaman \u201cmuerte digna\u201d. \u00a0<\/span><\/p>\n<div id=\"roba_movil_1\">\u00a0<\/div>\n<div>\n<figure id=\"attachment_2319020\" aria-describedby=\"caption-attachment-2319020\" style=\"width: 480px\" class=\"wp-caption aligncenter\"><img loading=\"lazy\" decoding=\"async\" class=\"wp-image-2319020\" src=\"https:\/\/puntocritico.com\/ausajpuntocritico\/wp-content\/uploads\/2026\/03\/Noelia-Castillo-en-el-2015-2-300x169.jpg\" alt=\"\" width=\"480\" height=\"270\" srcset=\"https:\/\/puntocritico.com\/ausajpuntocritico\/wp-content\/uploads\/2026\/03\/Noelia-Castillo-en-el-2015-2-300x169.jpg 300w, https:\/\/puntocritico.com\/ausajpuntocritico\/wp-content\/uploads\/2026\/03\/Noelia-Castillo-en-el-2015-2-1024x576.jpg 1024w, https:\/\/puntocritico.com\/ausajpuntocritico\/wp-content\/uploads\/2026\/03\/Noelia-Castillo-en-el-2015-2-768x432.jpg 768w, https:\/\/puntocritico.com\/ausajpuntocritico\/wp-content\/uploads\/2026\/03\/Noelia-Castillo-en-el-2015-2-678x381.jpg 678w, https:\/\/puntocritico.com\/ausajpuntocritico\/wp-content\/uploads\/2026\/03\/Noelia-Castillo-en-el-2015-2.jpg 1280w\" sizes=\"auto, (max-width: 480px) 100vw, 480px\" \/><figcaption id=\"caption-attachment-2319020\" class=\"wp-caption-text\"><span style=\"color: #008000;\">Noelia Castillo en 2015<\/span><\/figcaption><\/figure>\n<\/div>\n<div>\u00a0<\/div>\n<div id=\"roba_movil_1\">\u00a0<\/div>\n<h3 style=\"text-align: center;\"><span style=\"font-size: 18pt;\">\u00abAcabar con el sufrimiento\u00bb<\/span><\/h3>\n<p style=\"text-align: justify;\"><span style=\"font-size: 14pt;\">Este caso representa c\u00f3mo la sociedad liberal posmoderna crea\u00a0<strong>una trampa de angustia y desesperaci\u00f3n para el d\u00e9bil<\/strong>, nos deja indefensos ante el mundo de barbarie creado y el Estado generador del caos aparece como el salvador para hacerte el favor de quitarte la vida. <\/span><\/p>\n<p style=\"text-align: justify;\"><span style=\"font-size: 14pt;\">Como el Mal se disfraza de palabras de bien para enga\u00f1arnos y llevarnos al verdadero sufrimiento, se vale de la soberbia de los hombres que quieren sentirse superiores al resto desde un pedestal de falso buenismo para que defiendan encolerizados la ejecuci\u00f3n de los d\u00e9biles en nombre de la ley, la \u201clibertad\u201d y de \u201cacabar con el sufrimiento\u201d. <\/span><\/p>\n<p style=\"text-align: justify;\"><span style=\"font-size: 14pt;\">Dos pilares sobre los que se ha construido la sociedad vac\u00eda de la modernidad que son pura falsedad.<strong>\u00a0La eutanasia es una expresi\u00f3n de ese \u00eddolo desvirtuado de las sociedades abiertas, liberales y avanzadas<\/strong>, la \u00abvoluntad\u00bb, pero no podemos hablar de libertad cuando no hay salud mental.<\/span><\/p>\n<p style=\"text-align: justify;\"><span style=\"font-size: 14pt;\">Al principio la propaganda de la eutanasia utilizaba casos extremos terminales para que el emotivismo abriese las puertas de la eutanasia a un n\u00famero ilimitado de \u00abbeneficiarios\u00bb. <\/span><\/p>\n<p style=\"text-align: justify;\"><span style=\"font-size: 14pt;\">Si es un acto de sensibilidad y respeto a la voluntad de otro, \u00bfpor qu\u00e9 limitarlo a situaciones excepcionales cuando otros que sufren pueden gozar de tantas bondades? En Holanda existe una ley hace dos d\u00e9cadas que permite\u00a0<strong>\u00abel derecho a una muerte asistida cuando la persona experimente un sufrimiento insoportable sin perspectivas de mejora\u00bb<\/strong>. <\/span><\/p>\n<p style=\"text-align: justify;\"><span style=\"font-size: 14pt;\">Bajo este supuesto se ha autorizado a recibir la eutanasia psiqui\u00e1trica a j\u00f3venes con problemas de salud mental. En 2018 ya se concedi\u00f3 a Aurelia Brouwers, una joven de 29 a\u00f1os diagnosticada de \u00abdepresi\u00f3n cr\u00f3nica\u00bb porque no funcionaba ning\u00fan tratamiento farmacol\u00f3gico, sin que el Estado cuestionase su capacidad de consentimiento y, por tanto, su verdadera voluntad. <\/span><\/p>\n<p style=\"text-align: justify;\"><span style=\"font-size: 14pt;\">No fue un caso aislado. La cl\u00ednica privada holandesa tiene lista de espera.\u00a0<strong>El caso de Noelia es a\u00fan peor.<\/strong>\u00a0El Estado en Espa\u00f1a no est\u00e1 obligado a ofrecer un tratamiento psicol\u00f3gico para autorizar la eutanasia.\u00a0<strong>\u00bfD\u00f3nde est\u00e1 la \u201cvoluntad\u201d cuando la v\u00edctima tiene un trastorno mental?<\/strong> <\/span><\/p>\n<p style=\"text-align: justify;\"><span style=\"font-size: 14pt;\">Esto no es libertad, ni compasi\u00f3n es la crueldad del abandono, de la pobreza de una casa humilde sin que el Estado generoso en ayudar a los de fuera ofrezca a la pobre Noelia algo m\u00e1s que una inyecci\u00f3n letal.<\/span><\/p>\n<p style=\"text-align: justify;\"><span style=\"font-size: 14pt;\">Resulta siniestro que en el mundo posmoderno donde la depresi\u00f3n se expande entre j\u00f3venes, se presente la eutanasia como una soluci\u00f3n, como una opci\u00f3n del mundo de libertades de la modernidad. <\/span><\/p>\n<p style=\"text-align: justify;\"><span style=\"font-size: 14pt;\">En Canad\u00e1 el 5% de las muertes son por eutanasia y Suiza es el pa\u00eds de la industria del turismo de la muerte. Asociaciones como \u201cDignitas\u201d venden sus servicios con esl\u00f3ganes como \u201c<strong>piensa en tu familia<\/strong>\u201d. La propaganda emotivista presenta la eutanasia como una salvaci\u00f3n al sufrimiento. <\/span><\/p>\n<p style=\"text-align: justify;\"><span style=\"font-size: 14pt;\">Se desprecia la vejez, se condena la enfermedad y la depresi\u00f3n es algo indigno de ser sufrido. Se busca acabar con el dolor y el sufrimiento porque muchos han hallado en \u00e9l la verdadera Salvaci\u00f3n. No son pocos casos los que postrados en una cama de hospital han hallado la plenitud de la vida al encontrarse con el amor de Dios, porque no todos los dolores se calman con una pastilla.\u00a0<\/span><\/p>\n<p style=\"text-align: justify;\"><span style=\"font-size: 14pt;\"><strong>La eutanasia es un acto peligroso y criminal de deshumanizaci\u00f3n<\/strong>\u00a0presentado como un acto de \u201chumanidad\u201d, de compasi\u00f3n. Es un lenguaje que pretende sustituir conceptos cristianos, pero para subvertirlos en el horror, alejados de la misericordia.<\/span><\/p>\n<p>&nbsp;<\/p>\n<figure id=\"attachment_2319021\" aria-describedby=\"caption-attachment-2319021\" style=\"width: 480px\" class=\"wp-caption aligncenter\"><img loading=\"lazy\" decoding=\"async\" class=\"wp-image-2319021\" src=\"https:\/\/puntocritico.com\/ausajpuntocritico\/wp-content\/uploads\/2026\/03\/Noelia-Castillo-en-el-2015-300x169.jpg\" alt=\"\" width=\"480\" height=\"270\" srcset=\"https:\/\/puntocritico.com\/ausajpuntocritico\/wp-content\/uploads\/2026\/03\/Noelia-Castillo-en-el-2015-300x169.jpg 300w, https:\/\/puntocritico.com\/ausajpuntocritico\/wp-content\/uploads\/2026\/03\/Noelia-Castillo-en-el-2015-768x432.jpg 768w, https:\/\/puntocritico.com\/ausajpuntocritico\/wp-content\/uploads\/2026\/03\/Noelia-Castillo-en-el-2015-678x381.jpg 678w, https:\/\/puntocritico.com\/ausajpuntocritico\/wp-content\/uploads\/2026\/03\/Noelia-Castillo-en-el-2015.jpg 960w\" sizes=\"auto, (max-width: 480px) 100vw, 480px\" \/><figcaption id=\"caption-attachment-2319021\" class=\"wp-caption-text\"><span style=\"color: #008000;\">Noelia Castillo en 2015<\/span><\/figcaption><\/figure>\n<h3 style=\"text-align: center;\"><span style=\"font-size: 18pt;\">A sangre fr\u00eda<\/span><\/h3>\n<p style=\"text-align: justify;\"><span style=\"font-size: 14pt;\">El caso de Noelia es una ejecuci\u00f3n a sangre fr\u00eda cuyos verdugos lejos de ser perseguidos son elogiados socialmente como dioses que han concedido un acto de bondad al sacrificarla en el altar de una ideolog\u00eda que nos vac\u00eda de humanidad. Ser hijos amados de Dios nos da la dignidad, la fortaleza y la alegr\u00eda para ser verdaderamente libres en una vida aunque en ella halla dolor.\u00a0<\/span><\/p>\n<p style=\"text-align: justify;\"><span style=\"font-size: 14pt;\"><strong>La sociedad del triunfo posmoderno de la voluntad ofrece todas las facilidades para que una persona se deshaga de s\u00ed misma en su peor momento<\/strong> en lugar de ayudarla y guiarla o simplemente acompa\u00f1arla. Una sociedad que deshumaniza al m\u00e1s d\u00e9bil para poder deshacerse de quien no sea funcional ni productivo es una sociedad miserable. <\/span><\/p>\n<p style=\"text-align: justify;\"><span style=\"font-size: 14pt;\">Nos separaron de Dios, de nuestra comunidad, a los hombres de las mujeres y finalmente de nosotros mismos y nuestra humanidad, para convertirnos en esclavos del consumo y la producci\u00f3n para el nuevo dios de la modernidad, el Estado y el dinero. <\/span><\/p>\n<p style=\"text-align: justify;\"><span style=\"font-size: 14pt;\">El trastorno de Noelia\u00a0<strong>no le permiti\u00f3 percibir que a un padre que luch\u00f3 por ella contra un Estado y un sistema que acab\u00f3 con su vida<\/strong>. La eutanasia es claro ejemplo existencial de c\u00f3mo el Estado busca matar la figura del padre. Es la guerra espiritual. Recemos por Noelia.<\/span><\/p>\n<p>&nbsp;<\/p>\n<p><img loading=\"lazy\" decoding=\"async\" class=\"aligncenter wp-image-2319008\" src=\"https:\/\/puntocritico.com\/ausajpuntocritico\/wp-content\/uploads\/2026\/03\/Noelia-horas-antes-de-morir-del-todo-300x137.jpg\" alt=\"\" width=\"555\" height=\"254\" srcset=\"https:\/\/puntocritico.com\/ausajpuntocritico\/wp-content\/uploads\/2026\/03\/Noelia-horas-antes-de-morir-del-todo-300x137.jpg 300w, https:\/\/puntocritico.com\/ausajpuntocritico\/wp-content\/uploads\/2026\/03\/Noelia-horas-antes-de-morir-del-todo-1024x468.jpg 1024w, https:\/\/puntocritico.com\/ausajpuntocritico\/wp-content\/uploads\/2026\/03\/Noelia-horas-antes-de-morir-del-todo-768x351.jpg 768w, https:\/\/puntocritico.com\/ausajpuntocritico\/wp-content\/uploads\/2026\/03\/Noelia-horas-antes-de-morir-del-todo.jpg 1155w\" sizes=\"auto, (max-width: 555px) 100vw, 555px\" \/><\/p>\n<p style=\"text-align: center;\">\u00a0<\/p>\n<p>&nbsp;<\/p>\n<p>&nbsp;<\/p>\n<p style=\"text-align: justify;\"><a href=\"https:\/\/puntocritico.com\/author\/punto-critico\/\"><img loading=\"lazy\" decoding=\"async\" class=\"aligncenter wp-image-9528\" src=\"https:\/\/puntocritico.com\/ausajpuntocritico\/wp-content\/uploads\/2018\/03\/Mosca_Punto_Cr\u00edtico_40.png\" alt=\"\" width=\"80\" height=\"80\" \/><\/a><\/p>\n<p>&nbsp;<\/p>\n","protected":false},"excerpt":{"rendered":"<div class=\"mh-excerpt\"><p>NOELIA (26 MARZO 2026) \u00a0 &nbsp; La desaparici\u00f3n del padre Por Roberto Giacomelli 2dipicche, 23 MARZO 2026 \u00a0 \u00a0 Para dominar el mundo, el capitalismo tuvo que eliminar a su adversario m\u00e1s peligroso: la familia, <a class=\"mh-excerpt-more\" href=\"https:\/\/puntocritico.com\/ausajpuntocritico\/2026\/03\/26\/matar-a-noelia-victima-de-la-revolucion-de-colores-espanola\/\" title=\"NOELIA (26 de marzo de 2026), VIVIR Y MORIR: V\u00edctima de la Revoluci\u00f3n de Colores espa\u00f1ola. Utilizada por la Pol\u00edtica y destruida por la Justicia: una vida olvidada que merece ser recordada\">[&#8230;]<\/a><\/p>\n<\/div>","protected":false},"author":3,"featured_media":2319006,"comment_status":"closed","ping_status":"closed","sticky":false,"template":"","format":"standard","meta":{"_acf_changed":false,"_exactmetrics_skip_tracking":false,"_exactmetrics_sitenote_active":false,"_exactmetrics_sitenote_note":"","_exactmetrics_sitenote_category":0,"footnotes":""},"categories":[7],"tags":[],"class_list":{"0":"post-2319001","1":"post","2":"type-post","3":"status-publish","4":"format-standard","5":"has-post-thumbnail","7":"category-politica"},"acf":[],"_links":{"self":[{"href":"https:\/\/puntocritico.com\/ausajpuntocritico\/wp-json\/wp\/v2\/posts\/2319001","targetHints":{"allow":["GET"]}}],"collection":[{"href":"https:\/\/puntocritico.com\/ausajpuntocritico\/wp-json\/wp\/v2\/posts"}],"about":[{"href":"https:\/\/puntocritico.com\/ausajpuntocritico\/wp-json\/wp\/v2\/types\/post"}],"author":[{"embeddable":true,"href":"https:\/\/puntocritico.com\/ausajpuntocritico\/wp-json\/wp\/v2\/users\/3"}],"replies":[{"embeddable":true,"href":"https:\/\/puntocritico.com\/ausajpuntocritico\/wp-json\/wp\/v2\/comments?post=2319001"}],"version-history":[{"count":0,"href":"https:\/\/puntocritico.com\/ausajpuntocritico\/wp-json\/wp\/v2\/posts\/2319001\/revisions"}],"wp:featuredmedia":[{"embeddable":true,"href":"https:\/\/puntocritico.com\/ausajpuntocritico\/wp-json\/wp\/v2\/media\/2319006"}],"wp:attachment":[{"href":"https:\/\/puntocritico.com\/ausajpuntocritico\/wp-json\/wp\/v2\/media?parent=2319001"}],"wp:term":[{"taxonomy":"category","embeddable":true,"href":"https:\/\/puntocritico.com\/ausajpuntocritico\/wp-json\/wp\/v2\/categories?post=2319001"},{"taxonomy":"post_tag","embeddable":true,"href":"https:\/\/puntocritico.com\/ausajpuntocritico\/wp-json\/wp\/v2\/tags?post=2319001"}],"curies":[{"name":"wp","href":"https:\/\/api.w.org\/{rel}","templated":true}]}}