{"id":2318984,"date":"2026-04-07T00:05:34","date_gmt":"2026-04-06T22:05:34","guid":{"rendered":"https:\/\/puntocritico.com\/ausajpuntocritico\/?p=2318984"},"modified":"2026-04-06T21:30:42","modified_gmt":"2026-04-06T19:30:42","slug":"el-mono-disfrazado","status":"publish","type":"post","link":"https:\/\/puntocritico.com\/ausajpuntocritico\/2026\/04\/07\/el-mono-disfrazado\/","title":{"rendered":"EL MONO DISFRAZADO, por Roberto Pecchioli. \u00abEl Mono desnudo\u00bb (D. Morris, 1967): \u00abLos simios, desnudos o vestidos, no tienen conciencia moral\u00bb. Mono come Mono"},"content":{"rendered":"<p style=\"text-align: justify;\"><span style=\"color: #008000; font-size: 14pt;\">El mono disfrazado\u00a0<\/span><\/p>\n\n<p style=\"text-align: center;\">\u00a0<\/p>\n<blockquote>\n<div>\n<h2 class=\"c-detail__title\" style=\"text-align: center;\"><span style=\"font-size: 24pt;\">Nada m\u00e1s que podredumbre<\/span><\/h2>\n<p class=\"c-detail__subtitle\" style=\"text-align: center;\"><em><strong><span style=\"font-size: 14pt;\">\u00bfEs a\u00fan posible poner en pie una democracia en la que no roben ni los hermanos, ni las esposas, ni los amigos, ni los ministros del todopoderoso presidente del gobierno de turno?<\/span><\/strong><\/em><\/p>\n<p class=\"c-detail__subtitle\" style=\"text-align: center;\"><em><strong><span style=\"font-size: 14pt;\"> Lo dudo. Ni siquiera lo pido ya<\/span><\/strong><\/em><\/p>\n<p>&nbsp;<\/p>\n<\/div>\n<div class=\"c-detail__toolbar\">\n<p class=\"c-detail__info\" style=\"text-align: justify;\"><span style=\"font-size: 14pt;\"><time class=\"c-detail__info__date\" datetime=\"2024-10-16T01:30:00+02:00\">Por <a href=\"https:\/\/www.eldebate.com\/opinion\/20241016\/nada-podredumbre_236181.html\" target=\"_blank\" rel=\"noopener\">Gabriel Albiac<\/a>, 16\/10\/2024<\/time><\/span><\/p>\n<p><figure id=\"attachment_2290524\" aria-describedby=\"caption-attachment-2290524\" style=\"width: 480px\" class=\"wp-caption aligncenter\"><img loading=\"lazy\" decoding=\"async\" class=\"wp-image-2290524\" src=\"https:\/\/puntocritico.com\/ausajpuntocritico\/wp-content\/uploads\/2023\/11\/impunidad-OK-300x169.jpg\" alt=\"Derecho y Poder\" width=\"480\" height=\"270\" srcset=\"https:\/\/puntocritico.com\/ausajpuntocritico\/wp-content\/uploads\/2023\/11\/impunidad-OK-300x169.jpg 300w, https:\/\/puntocritico.com\/ausajpuntocritico\/wp-content\/uploads\/2023\/11\/impunidad-OK.jpg 678w\" sizes=\"auto, (max-width: 480px) 100vw, 480px\" \/><figcaption id=\"caption-attachment-2290524\" class=\"wp-caption-text\"><span style=\"color: #008000;\">Impunidad<\/span><\/figcaption><\/figure>\n<\/div>\n<\/blockquote>\n<blockquote>\n<p data-mrf-recirculation=\"Enlaces p\u00e1rrafos\">\u00a0<\/p>\n<p class=\"paragraph\" style=\"text-align: justify;\" data-mrf-recirculation=\"Enlaces p\u00e1rrafos\"><span style=\"font-size: 14pt;\"><a href=\"https:\/\/puntocritico.com\/ausajpuntocritico\/2024\/03\/13\/grandes-exitos-de-la-justicia-espanola-1978-2023-delitos-de-politicos\/\" target=\"_blank\" rel=\"noopener\" data-schema-attribute=\"\">Siempre supe que los pol\u00edticos profesionales eran gente corrupta. Sin excepci\u00f3n.<\/a> Y que tal es el precio que los ciudadanos pagamos por el lujo, tan escaso en el mundo, de habitar en un sistema de libertades regladas. Nada, en esta pu\u00f1etera vida, sale gratis. <\/span><\/p>\n<p class=\"paragraph\" style=\"text-align: justify;\" data-mrf-recirculation=\"Enlaces p\u00e1rrafos\"><span style=\"font-size: 14pt;\"><strong>Puede que haya dictaduras que roben menos que esta democracia<\/strong>. A partir de ah\u00ed, uno elige su preferencia. La m\u00eda es que <strong>estoy dispuesto a dejarme robar discretamente, a cambio de quedar exento del Estado en mi vida privada<\/strong>. <\/span><\/p>\n<p class=\"paragraph\" style=\"text-align: justify;\" data-mrf-recirculation=\"Enlaces p\u00e1rrafos\"><span style=\"font-size: 14pt;\"><strong>Los injust\u00edsimos impuestos pagan eso<\/strong>: <\/span><\/p>\n<p class=\"paragraph\" style=\"text-align: justify; padding-left: 40px;\" data-mrf-recirculation=\"Enlaces p\u00e1rrafos\"><span style=\"color: #008000;\"><strong><span style=\"font-size: 14pt;\">nuestra libertad. En contrapartida, cualquier semianalfabeto ministro queda legitimado para gast\u00e1rselos en se\u00f1oritas de \u00ab<em>petite vertu<\/em>\u00bb, que dicen tan elegantemente los franceses; en espa\u00f1ol, somos bastante m\u00e1s groseros con estas cosas.<\/span><\/strong><\/span><\/p>\n<p class=\"paragraph\" style=\"text-align: justify;\" data-mrf-recirculation=\"Enlaces p\u00e1rrafos\"><span style=\"font-size: 14pt;\"><strong>R\u00f3beme sin exceso y d\u00e9jeme en paz<\/strong>: tal es la garant\u00eda b\u00e1sica de quien habita en cualquier pa\u00eds que no sea una dictadura. No es que resulte muy original. <\/span><\/p>\n<p class=\"paragraph\" style=\"text-align: justify;\" data-mrf-recirculation=\"Enlaces p\u00e1rrafos\"><span style=\"font-size: 14pt;\">El nada reaccionario <strong>Saint-Just<\/strong> dejaba anotada esta tesis pocas semanas antes de ser guillotinado: <\/span><\/p>\n<p class=\"paragraph\" style=\"text-align: justify; padding-left: 40px;\" data-mrf-recirculation=\"Enlaces p\u00e1rrafos\"><strong><span style=\"font-size: 14pt;\"><span style=\"color: #008000;\">\u00abLa libertad del pueblo est\u00e1 en su vida privada. No la perturb\u00e9is\u00bb.<\/span> <\/span><\/strong><\/p>\n<p class=\"paragraph\" style=\"text-align: justify;\" data-mrf-recirculation=\"Enlaces p\u00e1rrafos\"><span style=\"font-size: 14pt;\">No hab\u00eda cumplido a\u00fan los veintisiete en aquel verano de 1794. Y ten\u00eda raz\u00f3n en eso.<\/span><\/p>\n<p class=\"paragraph\" style=\"text-align: justify;\" data-mrf-recirculation=\"Enlaces p\u00e1rrafos\"><span style=\"font-size: 14pt;\">Hace mucho \u2013tanto como el inicio de la democracia\u2013 que renunci\u00e9 a cualquier participaci\u00f3n pol\u00edtica: ni voto ni pierdo mi tiempo, que a mi edad es sagrado, con gentes que se dediquen a esa curiosa variedad de bandolerismo. Me dejo sangrar, porque no tengo m\u00e1s remedio. <\/span><\/p>\n<p class=\"paragraph\" style=\"text-align: justify;\" data-mrf-recirculation=\"Enlaces p\u00e1rrafos\"><span style=\"font-size: 14pt;\">Y, en el fondo, <strong>me da exactamente igual que quienes me desvalijen invoquen la sacrosanta letan\u00eda de \u00ab<em>izquierda<\/em>\u00bb o de \u00ab<em>derecha<\/em>\u00bb<\/strong>, esas p\u00e9simas met\u00e1foras. Recuerdo haber escrito, hace la eternidad de un cuarto de siglo, un libro que llamaba a \u00ab<strong><em>Pensar contra la izquierda y la derecha<\/em><\/strong>\u00bb. <\/span><\/p>\n<p class=\"paragraph\" style=\"text-align: justify;\" data-mrf-recirculation=\"Enlaces p\u00e1rrafos\"><span style=\"font-size: 14pt;\">Naturalmente, no sirvi\u00f3 para nada. <strong>En este pa\u00eds la clientela sigue votando hoy contra los que mataron a sus abuelitos o a favor de los que mataron a los que mataron a sus abuelitos<\/strong>. Hace de esas horrendas matanzas casi un siglo. All\u00e1 ellos. Pero que sepan que <strong>hay quienes con esos cad\u00e1veres hacen dinero<\/strong>.<\/span><\/p>\n<p data-mrf-recirculation=\"Enlaces p\u00e1rrafos\">\u00a0<\/p>\n<figure id=\"attachment_2315150\" aria-describedby=\"caption-attachment-2315150\" style=\"width: 480px\" class=\"wp-caption aligncenter\"><img loading=\"lazy\" decoding=\"async\" class=\"wp-image-2315150\" src=\"https:\/\/puntocritico.com\/ausajpuntocritico\/wp-content\/uploads\/2025\/12\/Villar-Mir-Ministro-en-el-gobierno-de-Arias-Navarro-678x381.jpg\" alt=\"\" width=\"480\" height=\"366\" srcset=\"https:\/\/puntocritico.com\/ausajpuntocritico\/wp-content\/uploads\/2025\/12\/Villar-Mir-Ministro-en-el-gobierno-de-Arias-Navarro-300x228.jpg 300w, https:\/\/puntocritico.com\/ausajpuntocritico\/wp-content\/uploads\/2025\/12\/Villar-Mir-Ministro-en-el-gobierno-de-Arias-Navarro-1024x780.jpg 1024w, https:\/\/puntocritico.com\/ausajpuntocritico\/wp-content\/uploads\/2025\/12\/Villar-Mir-Ministro-en-el-gobierno-de-Arias-Navarro-768x585.jpg 768w, https:\/\/puntocritico.com\/ausajpuntocritico\/wp-content\/uploads\/2025\/12\/Villar-Mir-Ministro-en-el-gobierno-de-Arias-Navarro-1536x1170.jpg 1536w, https:\/\/puntocritico.com\/ausajpuntocritico\/wp-content\/uploads\/2025\/12\/Villar-Mir-Ministro-en-el-gobierno-de-Arias-Navarro-2048x1560.jpg 2048w, https:\/\/puntocritico.com\/ausajpuntocritico\/wp-content\/uploads\/2025\/12\/Villar-Mir-Ministro-en-el-gobierno-de-Arias-Navarro-80x60.jpg 80w, https:\/\/puntocritico.com\/ausajpuntocritico\/wp-content\/uploads\/2025\/12\/Villar-Mir-Ministro-en-el-gobierno-de-Arias-Navarro-1320x1005.jpg 1320w\" sizes=\"auto, (max-width: 480px) 100vw, 480px\" \/><figcaption id=\"caption-attachment-2315150\" class=\"wp-caption-text\"><span style=\"color: #008000;\">El primer gobierno de la monarqu\u00eda (diciembre de 1975-junio de 1976)<\/span><\/figcaption><\/figure>\n<p data-mrf-recirculation=\"Enlaces p\u00e1rrafos\">\u00a0<\/p>\n<p class=\"paragraph\" style=\"text-align: justify;\" data-mrf-recirculation=\"Enlaces p\u00e1rrafos\"><span style=\"font-size: 14pt;\"><strong>Cuarenta y seis a\u00f1os despu\u00e9s del 78, en la pol\u00edtica espa\u00f1ola no existe m\u00e1s que podredumbre<\/strong>. Tratar de corregirla es algo as\u00ed como querer hacer de una sentina un palacio de cristal. Una burla. Al cabo,<strong> todo en el sistema espa\u00f1ol reposa sobre la base s\u00f3lida de la corrupci\u00f3n<\/strong>. <\/span><\/p>\n<p class=\"paragraph\" style=\"text-align: justify;\" data-mrf-recirculation=\"Enlaces p\u00e1rrafos\"><span style=\"font-size: 14pt;\"><strong>Desde el inicio, la corrupci\u00f3n nutri\u00f3 las finanzas imposibles de los partidos pol\u00edticos<\/strong>. <strong>Tambi\u00e9n de los sindicatos<\/strong>. Y en esa corrupci\u00f3n pol\u00edtica nacieron y proliferaron las larvas que hoy rigen cada engranaje \u2013min\u00fasculo o inmenso\u2013 del Estado. <\/span><\/p>\n<p class=\"paragraph\" style=\"text-align: justify;\" data-mrf-recirculation=\"Enlaces p\u00e1rrafos\"><span style=\"font-size: 14pt;\">No, lo de <strong>\u00c1balos<\/strong> pag\u00e1ndose \u00ab<em>amigas especiales<\/em>\u00bb con cargo al pecunio p\u00fablico \u2013o a los empresarios beneficiados por el pecunio p\u00fablico\u2013 no es una novedad. <\/span><\/p>\n<p class=\"paragraph\" style=\"text-align: justify;\" data-mrf-recirculation=\"Enlaces p\u00e1rrafos\"><span style=\"font-size: 14pt;\">No hay constructor en Espa\u00f1a que no te cuente en privado cu\u00e1les son las <strong>tarifas regladas a trav\u00e9s de las cuales ha obtenido, en el \u00faltimo medio siglo, la recalificaci\u00f3n de terrenos<\/strong>. <\/span><\/p>\n<p class=\"paragraph\" style=\"text-align: justify;\" data-mrf-recirculation=\"Enlaces p\u00e1rrafos\"><span style=\"font-size: 14pt;\">Y los m\u00e1s viejos todav\u00eda recordamos aquel primer entonces a\u00fan \u00ab<em>esc\u00e1ndalo<\/em>\u00bb de las <strong>contratas de basuras<\/strong>, a trav\u00e9s de cuya concesi\u00f3n prosperaron las finanzas del socialismo madrile\u00f1o. <strong>\u00a11981!<\/strong> A <strong>Alonso Puerta<\/strong> lo decapitaron en su partido por denunciarlo. <strong>Y todo persever\u00f3 en el PSOE viento en popa<\/strong>.<\/span><\/p>\n<p class=\"paragraph\" style=\"text-align: justify;\" data-mrf-recirculation=\"Enlaces p\u00e1rrafos\"><span style=\"font-size: 14pt;\"><strong>\u00bfPodr\u00edamos volver al cero?<\/strong> \u00bfEmpezar con una nueva Constituci\u00f3n que blindase la independencia judicial, que limitase al m\u00ednimo los gastos de partido, que redujese a un par de d\u00edas las campa\u00f1as electorales, que castigase con penas m\u00e1ximas las pr\u00e1cticas parasitarias que hoy hemos visto llegar hasta lo inimaginable? <\/span><\/p>\n<p class=\"paragraph\" style=\"text-align: justify;\" data-mrf-recirculation=\"Enlaces p\u00e1rrafos\"><span style=\"font-size: 14pt;\"><strong>\u00bfEs a\u00fan posible poner en pie una democracia en la que no roben ni los hermanos, ni las esposas, ni los amigos, ni los ministros del todopoderoso presidente del gobierno de turno?<\/strong> <\/span><\/p>\n<p class=\"paragraph\" style=\"text-align: justify;\" data-mrf-recirculation=\"Enlaces p\u00e1rrafos\"><span style=\"font-size: 14pt;\"><strong>Lo dudo. Ni siquiera lo pido ya<\/strong>. Me conformo con que el robo no lo ejecuten en complicidad con narcodictaduras del tipo sanguinario de la venezolana; me conformo con una exacci\u00f3n mesurada y no demasiado envuelta en cad\u00e1veres. <\/span><\/p>\n<p class=\"paragraph\" style=\"text-align: justify;\" data-mrf-recirculation=\"Enlaces p\u00e1rrafos\"><span style=\"font-size: 14pt;\"><strong>Me conformo con que pol\u00edticos, parientes y amigos no exhiban, como nuevos ricos, su desprecio hacia la pobre gente que paga sus rid\u00edculos lujos de pijo hortera<\/strong>. No es gran cosa, \u00bfverdad? \u00bfEs posible? Lo dudo.<\/span><\/p>\n<\/blockquote>\n<p style=\"text-align: justify;\">\u00a0<\/p>\n<p><img loading=\"lazy\" decoding=\"async\" class=\"aligncenter wp-image-2256539\" src=\"https:\/\/puntocritico.com\/ausajpuntocritico\/wp-content\/uploads\/2022\/09\/corrupcion-y-libertad-PPAL-300x199.jpg\" alt=\"\" width=\"400\" height=\"266\" srcset=\"https:\/\/puntocritico.com\/ausajpuntocritico\/wp-content\/uploads\/2022\/09\/corrupcion-y-libertad-PPAL-300x199.jpg 300w, https:\/\/puntocritico.com\/ausajpuntocritico\/wp-content\/uploads\/2022\/09\/corrupcion-y-libertad-PPAL-610x405.jpg 610w, https:\/\/puntocritico.com\/ausajpuntocritico\/wp-content\/uploads\/2022\/09\/corrupcion-y-libertad-PPAL-678x452.jpg 678w, https:\/\/puntocritico.com\/ausajpuntocritico\/wp-content\/uploads\/2022\/09\/corrupcion-y-libertad-PPAL.jpg 680w\" sizes=\"auto, (max-width: 400px) 100vw, 400px\" \/><\/p>\n<p style=\"text-align: center;\"><span style=\"font-size: 18pt; color: #008000;\"><strong>*******<\/strong><\/span><\/p>\n<h2 class=\"page-title\" style=\"text-align: center;\"><span dir=\"auto\" style=\"font-size: 24pt;\">El mono disfrazado<\/span><\/h2>\n<blockquote>\n<p style=\"text-align: center;\"><span style=\"font-size: 14pt;\"><strong><span dir=\"auto\" style=\"text-align: justify;\">En un conciso <\/span><em style=\"text-align: justify;\"><span dir=\"auto\">panfleto<\/span><\/em><span dir=\"auto\" style=\"text-align: justify;\"> de 1943 (<em>Nota Punto Cr\u00edtico: en realidad, una serie de conferencias<\/em>), \u00ab<\/span><em><span dir=\"auto\">La abolici\u00f3n del hombre\u00bb<\/span><\/em><span dir=\"auto\" style=\"text-align: justify;\">, el escritor ingl\u00e9s\u00a0<\/span><span dir=\"auto\">Clive S. Lewis<\/span><span dir=\"auto\" style=\"text-align: justify;\">\u00a0previ\u00f3 el plan para la transformaci\u00f3n antropol\u00f3gica del\u00a0<\/span><em style=\"text-align: justify;\"><span dir=\"auto\">homo sapiens<\/span><\/em><span dir=\"auto\" style=\"text-align: justify;\">\u00a0llevado a cabo por una casta diversa de hombres poderosos, los \u00ab<em>condicionadores<\/em>\u00bb.<\/span><\/strong><\/span><\/p>\n<\/blockquote>\n<div style=\"text-align: justify;\">\n<div class=\"field field-name-body field-type-text-with-summary field-label-hidden\">\n<div class=\"field-items\">\n<div class=\"field-item even\">\n<blockquote>\n<p class=\"rtejustify\" style=\"text-align: center;\"><strong><span style=\"font-size: 14pt;\"><span dir=\"auto\">Atac\u00f3 el relativismo que se extiende como veneno por la sociedad, los modelos educativos, la propaganda y el mercado de consumo, presagiando el siniestro triunfo de la distop\u00eda tecnocr\u00e1tica. <\/span><\/span><\/strong><\/p>\n<p class=\"rtejustify\" style=\"text-align: center;\"><strong><span style=\"font-size: 14pt;\"><span dir=\"auto\">La tiran\u00eda antihumana acecha en un sistema que rompe los lazos con la tradici\u00f3n universal y condiciona las conciencias, predisponi\u00e9ndolas a aceptar cualquier cosa en nombre del placer, de lo inmediato, de la entrega incondicional a los impulsos y las pasiones. <\/span><\/span><\/strong><\/p>\n<p class=\"rtejustify\" style=\"text-align: center;\"><strong><span style=\"font-size: 14pt;\"><span dir=\"auto\">La capacidad de dirigir el deseo y el placer, transform\u00e1ndolos en el centro de la vida, es el paso esencial que dan quienes nos condicionan para conducirnos hacia un destino de adicciones, esclavitud al deseo y al placer inagotables, los \u00fanicos fines de la experiencia humana.<\/span><\/span><\/strong><\/p>\n<p class=\"rtejustify\" style=\"text-align: center;\"><strong><span dir=\"auto\" style=\"font-size: 14pt;\">El simio disfrazado es empujado de nuevo a la animalidad por impulsos, por adicciones, por regresi\u00f3n instintiva. <\/span><\/strong><\/p>\n<p class=\"rtejustify\" style=\"text-align: center;\"><strong><span dir=\"auto\" style=\"font-size: 14pt;\">Ya nadie tiene la fuerza ni la voluntad -ser\u00edan silenciados, ridiculizados y, en muchos casos, castigados- para exigir el libre ejercicio de la virtud, o al menos del sentido com\u00fan que demanda libertad y la capacidad de decidir nuestras propias vidas. <\/span><\/strong><\/p>\n<p class=\"rtejustify\" style=\"text-align: center;\"><strong><span dir=\"auto\" style=\"font-size: 14pt;\">Sin la ayuda de principios y emociones que nos atrevemos a llamar \u00ab<em>buenos<\/em>\u00bb, el intelecto medio es impotente frente al organismo animal que ans\u00eda la fugaz \u00ab<em>sensaci\u00f3n de bienestar<\/em>\u00bb producida por las drogas mentales y morales. <\/span><\/strong><\/p>\n<p class=\"rtejustify\" style=\"text-align: center;\"><strong><span dir=\"auto\" style=\"font-size: 14pt;\">El sistema de las adicciones se ha dado cuenta de que la regresi\u00f3n controlada al instinto es la garant\u00eda de dominaci\u00f3n sobre una humanidad reducida a un estado animal, en el que el Ello triunfa sobre el Yo y rechaza al Supery\u00f3.<\/span><\/strong><\/p>\n<\/blockquote>\n<\/div>\n<\/div>\n<\/div>\n<\/div>\n<div class=\"content node-article\" style=\"text-align: justify;\"><span dir=\"auto\" style=\"font-size: 14pt;\">Por Roberto Pecchioli<\/span><\/div>\n<div><span class=\"date-display-single\" style=\"font-size: 14pt;\"><span dir=\"auto\"><a href=\"https:\/\/www.ereticamente.net\/la-scimmia-vestita-roberto-pecchioli\/\" target=\"_blank\" rel=\"noopener\">ereticamente<\/a>, 25 MARZO 2026<\/span><\/span><\/div>\n<div>\u00a0<\/div>\n<div><img loading=\"lazy\" decoding=\"async\" class=\"aligncenter wp-image-2318986\" src=\"https:\/\/puntocritico.com\/ausajpuntocritico\/wp-content\/uploads\/2026\/03\/El-mono-disfrazado-300x169.jpg\" alt=\"El mono disfrazado \" width=\"480\" height=\"270\" srcset=\"https:\/\/puntocritico.com\/ausajpuntocritico\/wp-content\/uploads\/2026\/03\/El-mono-disfrazado-300x169.jpg 300w, https:\/\/puntocritico.com\/ausajpuntocritico\/wp-content\/uploads\/2026\/03\/El-mono-disfrazado-678x381.jpg 678w, https:\/\/puntocritico.com\/ausajpuntocritico\/wp-content\/uploads\/2026\/03\/El-mono-disfrazado.jpg 746w\" sizes=\"auto, (max-width: 480px) 100vw, 480px\" \/><\/div>\n<div>\u00a0<\/div>\n<div style=\"text-align: justify;\">\n<div class=\"field field-name-body field-type-text-with-summary field-label-hidden\">\n<div class=\"field-items\">\n<div class=\"field-item even\">\n<p class=\"rtejustify\"><span style=\"font-size: 14pt;\"><span dir=\"auto\">El\u00a0estudio del <em>et\u00f3logo\u00a0<\/em><\/span><a href=\"https:\/\/en.wikipedia.org\/wiki\/Desmond_Morris\" target=\"_blank\" rel=\"noopener\" data-schema-attribute=\"\"><span dir=\"auto\"><strong>Desmond Morris<\/strong>,\u00a0<\/span><\/a><a href=\"https:\/\/en.wikipedia.org\/wiki\/The_Naked_Ape\" target=\"_blank\" rel=\"noopener\" data-schema-attribute=\"\"><em><span dir=\"auto\">*<strong>El mono desnudo<\/strong>* (1967),<\/span><\/em><\/a><span dir=\"auto\">\u00a0es famoso. El autor <strong>considera al hombre como nada m\u00e1s que un animal<\/strong>, cuya diferencia con el simio radica m\u00e1s en la <strong>falta de pelo<\/strong> que en cualquier divisi\u00f3n ontol\u00f3gica entre\u00a0<\/span><em><span dir=\"auto\">Homo sapiens<\/span><\/em><span dir=\"auto\">\u00a0y el animal. <strong>Una regresi\u00f3n zool\u00f3gica<\/strong> con consecuencias incalculables. <\/span><\/span><\/p>\n<p class=\"rtejustify\"><span style=\"font-size: 14pt;\"><span dir=\"auto\"><strong>Las adicciones inducidas que nos rodean nos transforman en una especie de mono vestido<\/strong>. Vestido para cubrirnos y pavonearnos tontamente con ropa y accesorios de dise\u00f1ador, pero a\u00fan un mono. No por las razones expuestas por <strong>Morris<\/strong>, sino por la naturaleza imitativa del primate inferior al que conduce el sistema de adicciones. <\/span><\/span><\/p>\n<p class=\"rtejustify\"><span style=\"font-size: 14pt;\"><span dir=\"auto\"><strong>El mono disfrazado es el tipo de ser humano que el poder -orientado a la vigilancia, el control y la inducci\u00f3n de deseos y comportamientos- tiende a crear<\/strong>. <\/span><\/span><\/p>\n<p class=\"rtejustify\"><span style=\"font-size: 14pt;\"><span dir=\"auto\"><strong>Un ser que ya no se caracteriza por el libre albedr\u00edo<\/strong>, por una racionalidad abierta al infinito y por la capacidad de dominar, posponer, aceptar o rechazar instintos, necesidades e impulsos, sino por un imitador compulsivo de comportamientos inducidos.<\/span><\/span><\/p>\n<\/div>\n<\/div>\n<\/div>\n<\/div>\n<p>&nbsp;<\/p>\n<blockquote>\n<p style=\"text-align: center;\"><strong><span style=\"font-size: 14pt; color: #008000;\"><span dir=\"auto\">Un ser que ya no se caracteriza por el libre albedr\u00edo, por una racionalidad abierta al infinito y por la capacidad de dominar, posponer, aceptar o rechazar instintos, necesidades e impulsos, sino por un imitador compulsivo de comportamientos inducidos.<\/span><\/span><\/strong><\/p>\n<\/blockquote>\n<p>&nbsp;<\/p>\n<p><a href=\"https:\/\/puntocritico.com\/ausajpuntocritico\/2022\/12\/15\/derecho-de-resistencia-en-la-teoria-politica-de-la-vindiciae-contra-tiranos-a-la-teoria-de-la-guerra-justa-en-los-siglos-xvi-y-xvii-por-susana-valencia-cardenas\/\" target=\"_blank\" rel=\"noopener\" data-schema-attribute=\"\"><img loading=\"lazy\" decoding=\"async\" class=\"aligncenter wp-image-2240375 size-full\" src=\"https:\/\/puntocritico.com\/ausajpuntocritico\/wp-content\/uploads\/2022\/02\/monos-palamento-banksy-PPAL.jpg\" alt=\"\" width=\"680\" height=\"452\" srcset=\"https:\/\/puntocritico.com\/ausajpuntocritico\/wp-content\/uploads\/2022\/02\/monos-palamento-banksy-PPAL.jpg 680w, https:\/\/puntocritico.com\/ausajpuntocritico\/wp-content\/uploads\/2022\/02\/monos-palamento-banksy-PPAL-300x199.jpg 300w, https:\/\/puntocritico.com\/ausajpuntocritico\/wp-content\/uploads\/2022\/02\/monos-palamento-banksy-PPAL-610x405.jpg 610w, https:\/\/puntocritico.com\/ausajpuntocritico\/wp-content\/uploads\/2022\/02\/monos-palamento-banksy-PPAL-678x452.jpg 678w\" sizes=\"auto, (max-width: 680px) 100vw, 680px\" \/><\/a><\/p>\n<p>&nbsp;<\/p>\n<p style=\"text-align: justify;\"><span dir=\"auto\" style=\"font-size: 14pt; text-align: justify;\">En un conciso <\/span><em style=\"font-size: 14pt; text-align: justify;\"><span dir=\"auto\">panfleto<\/span><\/em><span dir=\"auto\" style=\"font-size: 14pt; text-align: justify;\">\u00a0de 1943,\u00a0<\/span><strong style=\"font-size: 14pt; text-align: justify;\"><a href=\"https:\/\/en.wikipedia.org\/wiki\/The_Abolition_of_Man\" target=\"_blank\" rel=\"noopener\" data-schema-attribute=\"\"><em><span dir=\"auto\">La abolici\u00f3n del hombre<\/span><\/em><\/a><\/strong><span dir=\"auto\" style=\"font-size: 14pt; text-align: justify;\">, el escritor ingl\u00e9s\u00a0<\/span><strong style=\"font-size: 14pt; text-align: justify;\"><a href=\"https:\/\/en.wikipedia.org\/wiki\/C._S._Lewis\" target=\"_blank\" rel=\"noopener\" data-schema-attribute=\"\"><span dir=\"auto\">Clive S. Lewis<\/span><\/a><\/strong><span dir=\"auto\" style=\"font-size: 14pt; text-align: justify;\">\u00a0<strong>previ\u00f3 el plan para la transformaci\u00f3n antropol\u00f3gica del\u00a0<\/strong><\/span><strong><em style=\"font-size: 14pt; text-align: justify;\"><span dir=\"auto\">homo sapiens<\/span><\/em><\/strong><span dir=\"auto\" style=\"font-size: 14pt; text-align: justify;\"><strong>\u00a0llevado a cabo por una casta diversa de hombres poderosos, los \u00ab<em>condicionadores<\/em>\u00bb<\/strong>.<\/span><\/p>\n<div style=\"text-align: justify;\">\n<div class=\"field field-name-body field-type-text-with-summary field-label-hidden\">\n<div class=\"field-items\">\n<div class=\"field-item even\">\n<p class=\"rtejustify\"><span style=\"font-size: 14pt;\"><span dir=\"auto\"><strong>Atac\u00f3 el relativismo<\/strong> que se extiende como veneno por la sociedad, los modelos educativos, la propaganda y el mercado de consumo, presagiando el siniestro triunfo de la distop\u00eda tecnocr\u00e1tica. <\/span><\/span><\/p>\n<p class=\"rtejustify\"><span style=\"font-size: 14pt;\"><span dir=\"auto\">La <strong>tiran\u00eda antihumana acecha en un sistema que rompe los lazos con la tradici\u00f3n universal y condiciona las conciencias<\/strong>, predisponi\u00e9ndolas a aceptar cualquier cosa en nombre del placer, de lo inmediato, de la entrega incondicional a los impulsos y las pasiones.<\/span><\/span><\/p>\n<\/div>\n<\/div>\n<\/div>\n<\/div>\n<p>&nbsp;<\/p>\n<blockquote>\n<p style=\"text-align: center;\"><span style=\"color: #008000;\"><strong><span style=\"font-size: 14pt;\"><span dir=\"auto\">Lewis analiza el deseo, un elemento inherente a la criatura humana, una fuerza ancestral innata, el componente germinal del placer. <\/span><\/span><\/strong><\/span><\/p>\n<p style=\"text-align: center;\"><span style=\"color: #008000;\"><strong><span style=\"font-size: 14pt;\"><span dir=\"auto\">La capacidad de dirigir el deseo y el placer, transform\u00e1ndolos en el centro de la vida, es el paso esencial que dan quienes nos condicionan para conducirnos hacia un destino de adicciones, esclavitud al deseo y al placer inagotables, los \u00fanicos fines de la experiencia humana.<\/span><\/span><\/strong><\/span><\/p>\n<\/blockquote>\n<p>&nbsp;<\/p>\n<div style=\"text-align: justify;\">\n<div class=\"field field-name-body field-type-text-with-summary field-label-hidden\">\n<div class=\"field-items\">\n<div class=\"field-item even\">\n<p class=\"rtejustify\"><span style=\"font-size: 14pt;\"><span dir=\"auto\"><strong>Lewis<\/strong> analiza el <strong>deseo<\/strong>, un elemento inherente a la criatura humana, una fuerza ancestral innata, el componente germinal del placer. <strong>La capacidad de dirigir el deseo y el placer, transform\u00e1ndolos en el centro de la vida, es el paso esencial que dan quienes nos condicionan para conducirnos hacia un destino de adicciones, esclavitud al deseo y al placer inagotables<\/strong>, los \u00fanicos fines de la experiencia humana.<\/span><\/span><\/p>\n<p class=\"rtejustify\"><span dir=\"auto\" style=\"font-size: 14pt;\">Las <strong>adicciones<\/strong> son un <strong>medio sumamente insidioso para erradicar los valores y principios verdaderamente humanos<\/strong> comunes a todas las civilizaciones, lo que <strong>Lewis<\/strong>, con una perspectiva oriental, llama <em>el <strong>Camino<\/strong><\/em>, <em><strong>el <a href=\"https:\/\/puntocritico.com\/ausajpuntocritico\/2018\/11\/08\/el-tao-carl-g-jung-prefacio-al-i-ching\/\" target=\"_blank\" rel=\"noopener\" data-schema-attribute=\"\">Tao<\/a><\/strong><\/em>. <\/span><\/p>\n<p class=\"rtejustify\"><span dir=\"auto\" style=\"font-size: 14pt;\"><strong><a href=\"https:\/\/puntocritico.com\/ausajpuntocritico\/2018\/11\/08\/el-tao-carl-g-jung-prefacio-al-i-ching\/\" target=\"_blank\" rel=\"noopener\" data-schema-attribute=\"\">El <em>Camino<\/em><\/a> constitu\u00eda una iniciaci\u00f3n a la existencia<\/strong> y \u00ab<em>trataba a sus alumnos como las aves adultas a sus cr\u00edas para ense\u00f1arles a volar. El nuevo ser\u00e1 m\u00e1s como un granjero de pollos con sus polluelos, criados de una u otra manera con fines que los peque\u00f1os p\u00e1jaros desconocen por completo<\/em>\u00bb, escribe.<\/span><\/p>\n<\/div>\n<\/div>\n<\/div>\n<\/div>\n<p>&nbsp;<\/p>\n<p><img loading=\"lazy\" decoding=\"async\" class=\"aligncenter wp-image-2319130\" src=\"https:\/\/puntocritico.com\/ausajpuntocritico\/wp-content\/uploads\/2026\/04\/stoned-ape-theory-mckenna-mono-yonky-300x187.jpg\" alt=\"\" width=\"480\" height=\"299\" srcset=\"https:\/\/puntocritico.com\/ausajpuntocritico\/wp-content\/uploads\/2026\/04\/stoned-ape-theory-mckenna-mono-yonky-300x187.jpg 300w, https:\/\/puntocritico.com\/ausajpuntocritico\/wp-content\/uploads\/2026\/04\/stoned-ape-theory-mckenna-mono-yonky-768x478.jpg 768w, https:\/\/puntocritico.com\/ausajpuntocritico\/wp-content\/uploads\/2026\/04\/stoned-ape-theory-mckenna-mono-yonky.jpg 868w\" sizes=\"auto, (max-width: 480px) 100vw, 480px\" \/><\/p>\n<p>&nbsp;<\/p>\n<div style=\"text-align: justify;\">\n<div class=\"field field-name-body field-type-text-with-summary field-label-hidden\">\n<div class=\"field-items\">\n<div class=\"field-item even\">\n<p class=\"rtejustify\"><span dir=\"auto\" style=\"font-size: 14pt;\"><strong>El simio disfrazado es empujado de nuevo a la animalidad por impulsos, por adicciones, por regresi\u00f3n instintiva<\/strong>. Ya nadie tiene la fuerza ni la voluntad -ser\u00edan silenciados, ridiculizados y, en muchos casos, castigados- para exigir el libre ejercicio de la virtud, o al menos del sentido com\u00fan que demanda libertad y la capacidad de decidir nuestras propias vidas.<\/span><\/p>\n<\/div>\n<\/div>\n<\/div>\n<\/div>\n<p>&nbsp;<\/p>\n<blockquote>\n<p style=\"text-align: center;\"><span dir=\"auto\" style=\"font-size: 14pt; color: #008000;\"><strong>Sin la ayuda de principios y emociones que nos atrevemos a llamar \u00ab<em>buenos<\/em>\u00bb, el intelecto medio es impotente frente al organismo animal que ans\u00eda la fugaz \u00ab<em>sensaci\u00f3n de bienestar<\/em>\u00bb producida por las drogas mentales y morales.<\/strong> <\/span><\/p>\n<\/blockquote>\n<p>&nbsp;<\/p>\n<div style=\"text-align: justify;\">\n<div class=\"field field-name-body field-type-text-with-summary field-label-hidden\">\n<div class=\"field-items\">\n<div class=\"field-item even\">\n<p class=\"rtejustify\"><span dir=\"auto\" style=\"font-size: 14pt;\">Sin la ayuda de principios y emociones que nos atrevemos a llamar \u00ab<em>buenos<\/em>\u00bb, el intelecto medio es impotente frente al organismo animal que ans\u00eda la fugaz \u00ab<em>sensaci\u00f3n de bienestar<\/em>\u00bb producida por las drogas mentales y morales. <\/span><\/p>\n<p class=\"rtejustify\"><span dir=\"auto\" style=\"font-size: 14pt;\">El sistema de las adicciones se ha dado cuenta de que <strong>la regresi\u00f3n controlada al instinto es la garant\u00eda de dominaci\u00f3n sobre una humanidad reducida a un estado animal<\/strong>, en el que el <strong>Ello<\/strong> triunfa sobre el <strong>Yo<\/strong> y rechaza al <strong>Supery\u00f3<\/strong>.<\/span><\/p>\n<p class=\"rtejustify\"><span style=\"font-size: 14pt;\"><span dir=\"auto\"><strong>Lewis<\/strong> nos ayuda a comprender: <\/span><\/span><\/p>\n<blockquote>\n<p class=\"rtejustify\" style=\"text-align: justify;\"><span style=\"font-size: 14pt; color: #008000;\"><span dir=\"auto\"><strong>\u00abInstinto es un t\u00e9rmino que se aplica a algo que no sabemos con exactitud qu\u00e9 es, (\u2026) un impulso irreflexivo o espont\u00e1neo ampliamente experimentado por los miembros de una especie determinada\u00bb.<\/strong><\/span><\/span><\/p>\n<\/blockquote>\n<p>&nbsp;<\/p>\n<p class=\"rtejustify\"><span style=\"font-size: 14pt;\"><strong><span dir=\"auto\">\u00bfEs esto todo lo que hay en el Homo\u00a0<\/span><em><span dir=\"auto\">sapiens<\/span><\/em><\/strong><span dir=\"auto\"><strong>\u00a0?<\/strong> \u00bfEs la satisfacci\u00f3n de impulsos transformados en adicci\u00f3n nuestro destino, o, como advirti\u00f3<a href=\"https:\/\/puntocritico.com\/ausajpuntocritico\/2025\/11\/18\/la-tirania-de-la-mayoria-js-mill\/\" target=\"_blank\" rel=\"noopener\" data-schema-attribute=\"\"><strong> John Stuart Mill<\/strong><\/a>, no es mejor resistir, ser un <a href=\"https:\/\/puntocritico.com\/ausajpuntocritico\/2020\/05\/09\/socrates-1970-de-roberto-rossellini\/\" target=\"_blank\" rel=\"noopener\" data-schema-attribute=\"\"><strong>S\u00f3crates<\/strong><\/a> insatisfecho en lugar de un cerdo satisfecho? <\/span><\/span><\/p>\n<p class=\"rtejustify\"><span style=\"font-size: 14pt;\"><span dir=\"auto\"><strong>El surgimiento de un hombre as\u00ed, impulsado por el instinto porcino<\/strong>, significa la rebeli\u00f3n de la rama contra el \u00e1rbol, <strong>la destrucci\u00f3n de lo aut\u00e9nticamente humano<\/strong>: <\/span><\/span><\/p>\n<blockquote>\n<p class=\"rtejustify\" style=\"text-align: justify;\"><span style=\"font-size: 14pt; color: #008000;\"><span dir=\"auto\"><strong>la libertad y el pensamiento.<\/strong><\/span><\/span><\/p>\n<\/blockquote>\n<p>&nbsp;<\/p>\n<p class=\"rtejustify\"><span style=\"font-size: 14pt;\"><span dir=\"auto\">El t\u00edtulo elegido por <strong>Lewis<\/strong> para su obra es verdaderamente significativo, pues<strong> hablamos de la aut\u00e9ntica abolici\u00f3n del hombre<\/strong>. <\/span><\/span><\/p>\n<p class=\"rtejustify\"><span style=\"font-size: 14pt;\"><span dir=\"auto\">E<\/span><\/span><span style=\"font-size: 14pt;\"><span dir=\"auto\">l poder de los \u00ab<strong><em>condicionadores<\/em><\/strong>\u00bb se convierte en un <strong>ataque contra la especie<\/strong>. <\/span><\/span><\/p>\n<p class=\"rtejustify\"><span style=\"font-size: 14pt;\"><span dir=\"auto\">El poder que ejercen al <strong>moldearnos<\/strong> para sus fines y <strong>transformar impulsos e instintos en adicciones<\/strong>, adem\u00e1s de inventar otros nuevos, <strong>se convierte en un poder supremo ejercido contra la naturaleza y, de hecho, contra el futuro de la especie<\/strong>.<\/span><\/span><\/p>\n<\/div>\n<\/div>\n<\/div>\n<\/div>\n<p>&nbsp;<\/p>\n<blockquote>\n<p style=\"text-align: center;\"><span style=\"font-size: 14pt; color: #008000;\"><span dir=\"auto\"><strong>El poder de los condicionamientos altera al ser humano en su esencia misma, en consonancia con el proyecto transhumanista e hipertecnol\u00f3gico, hipotecando el futuro de las generaciones venideras.<\/strong> <\/span><\/span><\/p>\n<\/blockquote>\n<p>&nbsp;<\/p>\n<div style=\"text-align: justify;\">\n<div class=\"field field-name-body field-type-text-with-summary field-label-hidden\">\n<div class=\"field-items\">\n<div class=\"field-item even\">\n<p class=\"rtejustify\"><span style=\"font-size: 14pt;\"><span dir=\"auto\">El <strong>poder de los condicionamientos<\/strong> altera al ser humano en su esencia misma, en consonancia con el proyecto <em><a href=\"https:\/\/puntocritico.com\/ausajpuntocritico\/2019\/07\/23\/transhumanismo-y-posthumanismo-inmortales-e-inhumanos-en-un-futuro-distopico\/\" target=\"_blank\" rel=\"noopener\" data-schema-attribute=\"\">transhumanista<\/a><\/em>e <em>hipertecnol\u00f3gico<\/em>,<strong> hipotecando el futuro de las generaciones venideras<\/strong>. <\/span><\/span><\/p>\n<p class=\"rtejustify\"><span style=\"font-size: 14pt;\"><span dir=\"auto\"><strong>Estas generaciones se debilitar\u00e1n, no se fortalecer\u00e1n; ser\u00e1n menos libres<\/strong>, meras marionetas en manos de una minor\u00eda sumamente peligrosa, si no abiertamente criminal o anticristiana.<\/span><\/span><\/p>\n<\/div>\n<\/div>\n<\/div>\n<\/div>\n<p>&nbsp;<\/p>\n<blockquote>\n<p style=\"text-align: center;\"><span style=\"color: #008000;\"><strong><span style=\"font-size: 14pt;\"><span dir=\"auto\">El poder del ser humano para hacer lo que quiera consigo mismo significa, en realidad, la voluntad de ciertos hombres de hacer lo que quieran con todos los dem\u00e1s.<\/span><\/span><\/strong><\/span><\/p>\n<\/blockquote>\n<p>&nbsp;<\/p>\n<div style=\"text-align: justify;\">\n<div class=\"field field-name-body field-type-text-with-summary field-label-hidden\">\n<div class=\"field-items\">\n<div class=\"field-item even\">\n<p class=\"rtejustify\"><span style=\"font-size: 14pt;\"><span dir=\"auto\">El poder del ser humano para hacer lo que quiera consigo mismo significa, en realidad, la voluntad de ciertos hombres de hacer lo que quieran con todos los dem\u00e1s. <strong>\u00bfAcaso no es esta una raz\u00f3n suficientemente poderosa para rebelarse y rechazar este condicionamiento?<\/strong><\/span><\/span><\/p>\n<p class=\"rtejustify\"><span style=\"font-size: 14pt;\"><strong><span dir=\"auto\">Si esto no sucede, significa que\u00a0<\/span><em><span dir=\"auto\">el homo sapiens<\/span><\/em><\/strong><span dir=\"auto\"><strong>\u00a0ha perdido la capacidad de emitir juicios de valor<\/strong> y, por lo tanto, no tiene raz\u00f3n para preferir un impulso sobre otro, ni para evaluarlo en t\u00e9rminos morales y biol\u00f3gicos, <strong>salvo por la fuerza emocional del impulso mismo, determinada externamente<\/strong>.<\/span><\/span><\/p>\n<p class=\"rtejustify\"><span style=\"font-size: 14pt;\"><span dir=\"auto\">Un factor desconcertante es<strong> el descr\u00e9dito de las virtudes<\/strong>. Con una perspicacia asombrosa, <strong>Lewis<\/strong> advierte: <\/span><\/span><\/p>\n<blockquote>\n<p class=\"rtejustify\" style=\"text-align: justify;\"><span style=\"color: #008000;\"><strong><span style=\"font-size: 14pt;\"><span dir=\"auto\">\u00ab<em>las virtudes de la frugalidad y la templanza, e incluso del sentido com\u00fan, se juzgan ahora como resistencia al consumismo<\/em>\u00bb.<\/span><\/span><\/strong><\/span><\/p>\n<\/blockquote>\n<p>&nbsp;<\/p>\n<p class=\"rtejustify\"><span style=\"font-size: 14pt;\"><span dir=\"auto\"> La consecuencia es el <strong>derrocamiento de milenios de pensamiento moral<\/strong>.\u00a0<\/span><\/span><span style=\"font-size: 14pt;\"><span dir=\"auto\">La idea misma de virtud se descarta como irracional y anacr\u00f3nica. <\/span><\/span><\/p>\n<p class=\"rtejustify\"><span style=\"font-size: 14pt;\"><span dir=\"auto\"><strong>El mono disfrazado est\u00e1 pose\u00eddo por el principio del placer<\/strong> (<em>el\u00a0<\/em><\/span><a href=\"https:\/\/en.wikipedia.org\/wiki\/Pleasure_principle_(psychology)\" target=\"_blank\" rel=\"noopener\" data-schema-attribute=\"\"><em><span dir=\"auto\">lustprinzip<\/span><\/em><\/a> <span dir=\"auto\"><em>de <strong>Freud<\/strong><\/em>), la poderosa sensaci\u00f3n provocada por una percepci\u00f3n psicof\u00edsica positiva, la <strong>satisfacci\u00f3n fisiol\u00f3gica derivada de la satisfacci\u00f3n moment\u00e1nea del deseo<\/strong>, del disfrute f\u00edsico y mental que desencadena <strong>cascadas de <a href=\"https:\/\/puntocritico.com\/ausajpuntocritico\/2023\/11\/08\/hormonas-y-redes-sociales\/\" target=\"_blank\" rel=\"noopener\" data-schema-attribute=\"\">neurotransmisores<\/a><\/strong>: <\/span><\/span><\/p>\n<blockquote>\n<p class=\"rtejustify\" style=\"text-align: justify;\"><span style=\"font-size: 14pt; color: #008000;\"><span dir=\"auto\"><strong>las hormonas del bienestar: dopamina, serotonina, oxitocina. No hay nada negativo en esto: es obvio buscar el placer, pero no a costa de forzar a la criatura racional, abierta al infinito, a la mera satisfacci\u00f3n inmediata de cada deseo o impulso.<\/strong><\/span><\/span><\/p>\n<\/blockquote>\n<p>&nbsp;<\/p>\n<p class=\"rtejustify\"><span style=\"font-size: 14pt;\"><span dir=\"auto\"><strong>En el ser humano, criatura incompleta pero pensante, opera el principio de realidad, posponiendo la gratificaci\u00f3n<\/strong> seg\u00fan las normas sociales y personales de quienes no son <strong>esclavos de sus instintos<\/strong>. <\/span><\/span><\/p>\n<p class=\"rtejustify\"><span style=\"font-size: 14pt;\"><span dir=\"auto\"><strong>La sociedad contempor\u00e1nea, en cambio, se basa en la gratificaci\u00f3n inmediata, orientada al consumo y a la virtual aniquilaci\u00f3n de cualquier perspectiva futura<\/strong>. <\/span><\/span><span style=\"font-size: 14pt;\"><span dir=\"auto\">El hombre moderno es incapaz de posponer el deseo que satisface (<em>y agota<\/em>) de inmediato, s\u00edntoma de debilidad de car\u00e1cter y regresi\u00f3n infantil.<\/span><\/span><\/p>\n<\/div>\n<\/div>\n<\/div>\n<\/div>\n<p>&nbsp;<\/p>\n<blockquote>\n<p style=\"text-align: center;\"><strong><span style=\"font-size: 14pt; color: #008000;\"><span dir=\"auto\">El hombre moderno es incapaz de posponer el deseo que satisface (<em>y agota<\/em>) de inmediato, s\u00edntoma de debilidad de car\u00e1cter y regresi\u00f3n infantil.<\/span><\/span><\/strong><\/p>\n<\/blockquote>\n<p>&nbsp;<\/p>\n<p><img loading=\"lazy\" decoding=\"async\" class=\"aligncenter wp-image-2319129\" src=\"https:\/\/puntocritico.com\/ausajpuntocritico\/wp-content\/uploads\/2026\/04\/australopitecus-yonkys-Alucinados-300x167.jpg\" alt=\"\" width=\"480\" height=\"266\" srcset=\"https:\/\/puntocritico.com\/ausajpuntocritico\/wp-content\/uploads\/2026\/04\/australopitecus-yonkys-Alucinados-300x167.jpg 300w, https:\/\/puntocritico.com\/ausajpuntocritico\/wp-content\/uploads\/2026\/04\/australopitecus-yonkys-Alucinados.jpg 600w\" sizes=\"auto, (max-width: 480px) 100vw, 480px\" \/><\/p>\n<p>&nbsp;<\/p>\n<div style=\"text-align: justify;\">\n<div class=\"field field-name-body field-type-text-with-summary field-label-hidden\">\n<div class=\"field-items\">\n<div class=\"field-item even\">\n<p class=\"rtejustify\"><span style=\"font-size: 14pt;\"><span dir=\"auto\"><strong>El sistema liberal-capitalista necesita crear una demanda insaciable de gratificaci\u00f3n inmediata<\/strong>. <\/span><\/span><\/p>\n<p class=\"rtejustify\"><span style=\"font-size: 14pt;\"><span dir=\"auto\">Una s<strong>ucesi\u00f3n interminable de deseos<\/strong> que, al <strong>eliminar la espera y el dolor<\/strong>, y conceder pr\u00e1cticamente todo a todos a la vez, <strong>crea una sensaci\u00f3n ilusoria de estar impulsado a satisfacer un deseo solo para que le siga otro<\/strong>. Los sentimientos, los valores y las ideas son reemplazados por objetos y comportamientos que brindan una felicidad ilusoria e instant\u00e1nea, seguida inmediatamente por el vac\u00edo.<\/span><\/span><\/p>\n<p>&nbsp;<\/p>\n<blockquote>\n<p class=\"rtejustify\" style=\"text-align: center;\"><span style=\"color: #008000;\"><strong><span style=\"font-size: 14pt;\"><span dir=\"auto\">Los sentimientos, los valores y las ideas son reemplazados por objetos y comportamientos que brindan una felicidad ilusoria e instant\u00e1nea, seguida inmediatamente por el vac\u00edo. <\/span><\/span><\/strong><\/span><\/p>\n<\/blockquote>\n<p>&nbsp;<\/p>\n<p class=\"rtejustify\"><span style=\"font-size: 14pt;\"><span dir=\"auto\"><strong>La mente humana no puede soportar el vac\u00edo<\/strong> (<\/span><em><span dir=\"auto\">horror vacui<\/span><\/em><span dir=\"auto\">) y, abandonada a su suerte en el mundo de papel mach\u00e9 de las adicciones, <strong>se llena de decepci\u00f3n y frustraci\u00f3n, ansiedad y depresi\u00f3n<\/strong>, s\u00edntomas de <a href=\"https:\/\/puntocritico.com\/ausajpuntocritico\/2023\/04\/24\/causas-de-la-infelicidad-1-9-bertrand-russell\/\" target=\"_blank\" rel=\"noopener\" data-schema-attribute=\"\"><em><strong>infelicidad<\/strong><\/em><\/a>. <\/span><\/span><\/p>\n<p class=\"rtejustify\"><span style=\"font-size: 14pt;\"><span dir=\"auto\">No es casualidad que en el Occidente \u00ab<em>saciado y desesperado<\/em>\u00bb (<a href=\"https:\/\/es.wikipedia.org\/wiki\/Giacomo_Biffi\" target=\"_blank\" rel=\"noopener\" data-schema-attribute=\"\"><em>Cardenal<strong> Giacomo Biffi<\/strong><\/em><\/a>), <strong>la segunda causa principal de muerte entre los j\u00f3venes, despu\u00e9s de los accidentes, sea el suicidio, y la quinta, el consumo de drogas<\/strong>.<\/span><\/span><\/p>\n<\/div>\n<\/div>\n<\/div>\n<\/div>\n<p>&nbsp;<\/p>\n<blockquote>\n<p style=\"text-align: center;\"><strong><span style=\"font-size: 14pt; color: #008000;\"><span dir=\"auto\">La adicci\u00f3n al placer inmediato y la envidia de modelos a seguir inalcanzables fomentan la dependencia, mientras que la insatisfacci\u00f3n resultante ya ha creado un encarcelamiento voluntario.<\/span><\/span><\/strong><\/p>\n<p style=\"text-align: center;\"><strong><span style=\"font-size: 14pt; color: #008000;\"><span dir=\"auto\"> La sofocante prenda del mono vestido.<\/span><\/span><\/strong><\/p>\n<\/blockquote>\n<p>&nbsp;<\/p>\n<div style=\"text-align: justify;\">\n<div class=\"field field-name-body field-type-text-with-summary field-label-hidden\">\n<div class=\"field-items\">\n<div class=\"field-item even\">\n<p class=\"rtejustify\"><span style=\"font-size: 14pt;\"><span dir=\"auto\">La adicci\u00f3n al placer inmediato y la envidia de modelos a seguir inalcanzables fomentan la dependencia, mientras que la insatisfacci\u00f3n resultante ya ha creado un <strong>encarcelamiento voluntario<\/strong>. <strong>La sofocante prenda del mono vestido<\/strong>.<\/span><\/span><\/p>\n<p>&nbsp;<\/p>\n<blockquote>\n<p class=\"rtejustify\" style=\"text-align: center;\"><span style=\"color: #008000;\"><strong><span style=\"font-size: 14pt;\"><span dir=\"auto\">La virtud ha sido destronada, junto con la buena vida y la moderaci\u00f3n, porque la adicci\u00f3n al consumo excluye la idea de autodisciplina y autocontrol.<\/span><\/span><\/strong><\/span><\/p>\n<\/blockquote>\n<p>&nbsp;<\/p>\n<p class=\"rtejustify\"><span style=\"font-size: 14pt;\"><span dir=\"auto\"><strong>La virtud ha sido destronada, junto con la buena vida y la moderaci\u00f3n<\/strong>, porque la adicci\u00f3n al consumo excluye la idea de autodisciplina y autocontrol. Vivimos en la era posvirtuosa.\u00a0<\/span><\/span><\/p>\n<p class=\"rtejustify\"><span style=\"font-size: 14pt;\"><strong><a href=\"https:\/\/en.wikipedia.org\/wiki\/After_Virtue\" target=\"_blank\" rel=\"noopener\" data-schema-attribute=\"\"><em><span dir=\"auto\">Despu\u00e9s de la virtud<\/span><\/em><\/a><\/strong><span dir=\"auto\">\u00a0es la obra cumbre del fil\u00f3sofo escoc\u00e9s <a href=\"https:\/\/es.wikipedia.org\/wiki\/Alasdair_MacIntyre\" target=\"_blank\" rel=\"noopener\" data-schema-attribute=\"\"><strong>Alasdair MacIntyre<\/strong><\/a>, <strong>uno de los \u00faltimos textos \u00e9tico-morales de la tradici\u00f3n occidental.\u00a0<\/strong><\/span><\/span><span style=\"font-size: 14pt;\"><span dir=\"auto\"><strong>Un libro cuya conmovedora conclusi\u00f3n todo lector recuerda<\/strong>: <\/span><\/span><\/p>\n<blockquote>\n<p class=\"rtejustify\" style=\"text-align: justify;\"><span style=\"color: #008000;\"><strong><span style=\"font-size: 14pt;\"><span dir=\"auto\">\u00ab<em>No esperamos a un nuevo C\u00e9sar, sino a otro San Benito. <\/em><\/span><\/span><\/strong><\/span><\/p>\n<p class=\"rtejustify\" style=\"text-align: justify;\"><span style=\"color: #008000;\"><strong><span style=\"font-size: 14pt;\"><span dir=\"auto\"><em>No a un l\u00edder, sino a un guardi\u00e1n. <\/em><\/span><\/span><\/strong><\/span><\/p>\n<p class=\"rtejustify\" style=\"text-align: justify;\"><span style=\"color: #008000;\"><strong><span style=\"font-size: 14pt;\"><span dir=\"auto\"><em>Lo que importa en esta etapa es la construcci\u00f3n de formas locales de comunidad dentro de las cuales la civilizaci\u00f3n y la vida intelectual y moral puedan sostenerse durante la nueva era oscura que ya nos acecha. <\/em><\/span><\/span><\/strong><\/span><\/p>\n<p class=\"rtejustify\" style=\"text-align: justify;\"><span style=\"color: #008000;\"><strong><span style=\"font-size: 14pt;\"><span dir=\"auto\"><em>No esperamos a Godot, sino a otro San Benito, sin duda muy diferente<\/em>\u00bb.<\/span><\/span><\/strong><\/span><\/p>\n<\/blockquote>\n<\/div>\n<\/div>\n<\/div>\n<\/div>\n<p>&nbsp;<\/p>\n<figure id=\"attachment_2319170\" aria-describedby=\"caption-attachment-2319170\" style=\"width: 330px\" class=\"wp-caption aligncenter\"><a href=\"https:\/\/es.wikipedia.org\/wiki\/Benito_de_Nursia\" target=\"_blank\" rel=\"noopener\" data-schema-attribute=\"\"><img loading=\"lazy\" decoding=\"async\" class=\"wp-image-2319170 size-mh-magazine-content\" src=\"https:\/\/puntocritico.com\/ausajpuntocritico\/wp-content\/uploads\/2026\/04\/Frari_Venice_-_Sacristy_-_triptych_by_Giovanni_Bellini_-_Saint_Benedict_of_Nursia_and_Saint_Mark-330x381.jpg\" alt=\"\" width=\"330\" height=\"381\" \/><\/a><figcaption id=\"caption-attachment-2319170\" class=\"wp-caption-text\"><span style=\"color: #008000;\"><strong><a style=\"color: #008000;\" href=\"https:\/\/es.wikipedia.org\/wiki\/Benito_de_Nursia\" target=\"_blank\" rel=\"noopener\" data-schema-attribute=\"\">San Benito de Nursia<\/a><\/strong>, \u00abSanto patr\u00f3n de Europa\u00bb. (Benedictus Nursiae; Benedetto da Norcia) (Nursia, Umbr\u00eda, c. 480 &#8211; Montecasino, Lacio, 21 de marzo de 547), conocido a menudo como San Benito, fue un monje y <strong><em>fundador de la Orden de San Benito<\/em><\/strong>. fue un monje cristiano, considerado el iniciador de la vida mon\u00e1stica en Occidente y venerado como santo por la Iglesia cat\u00f3lica, la Iglesia ortodoxa y la Iglesia luterana, la Comuni\u00f3n Anglicana y las Iglesias Cat\u00f3licas Antiguas.<\/span><\/figcaption><\/figure>\n<p>&nbsp;<\/p>\n<div style=\"text-align: justify;\">\n<div class=\"field field-name-body field-type-text-with-summary field-label-hidden\">\n<div class=\"field-items\">\n<div class=\"field-item even\">\n<p class=\"rtejustify\"><span dir=\"auto\" style=\"font-size: 14pt;\"><strong>Tras la disoluci\u00f3n del Imperio Romano<\/strong>, en medio de las invasiones b\u00e1rbaras y el colapso de la civilizaci\u00f3n antigua, el <em><strong>monje de Norcia<\/strong><\/em> revivi\u00f3 el mensaje cristiano combinado con el trabajo diario, convirti\u00e9ndose en uno de los fundadores de la civilizaci\u00f3n europea.<\/span><\/p>\n<p class=\"rtejustify\"><span style=\"font-size: 14pt;\"><span dir=\"auto\">El diagn\u00f3stico de <strong>MacIntyre<\/strong> se centra en la <strong>crisis del juicio \u00e9tico<\/strong>. <\/span><\/span><\/p>\n<p class=\"rtejustify\"><span style=\"font-size: 14pt;\"><span dir=\"auto\">Las primeras l\u00edneas de\u00a0<\/span><strong><em><span dir=\"auto\">Tras la virtud<\/span><\/em><\/strong><span dir=\"auto\">\u00a0son impactantes, pues <strong>el autor evoca una cat\u00e1strofe tras la cual todo, empezando por el conocimiento, ha sido destruido.<\/strong> Lo que queda son fragmentos, retazos, f\u00f3rmulas, lenguajes que se han vuelto incomprensibles. <\/span><\/span><\/p>\n<p class=\"rtejustify\"><span style=\"font-size: 14pt;\"><span dir=\"auto\"><strong>Nuestra condici\u00f3n moral, en una \u00e9poca donde las adicciones se han convertido en la norma, es similar<\/strong>. Algunos a\u00fan usan palabras como bien, justicia, deber, pero nadie conoce ya su significado. El contexto social, civil, comunitario y espiritual que las hac\u00eda inteligibles se ha hecho a\u00f1icos.<\/span><\/span><\/p>\n<\/div>\n<\/div>\n<\/div>\n<\/div>\n<p>&nbsp;<\/p>\n<blockquote>\n<p style=\"text-align: center;\"><span style=\"color: #008000;\"><strong><span style=\"font-size: 14pt;\"><span dir=\"auto\">Algunos a\u00fan usan palabras como bien, justicia, deber, pero nadie conoce ya su significado. <\/span><\/span><\/strong><\/span><\/p>\n<p style=\"text-align: center;\"><span style=\"color: #008000;\"><strong><span style=\"font-size: 14pt;\"><span dir=\"auto\">El contexto social, civil, comunitario y espiritual que las hac\u00eda inteligibles se ha hecho a\u00f1icos. <\/span><\/span><\/strong><\/span><\/p>\n<p style=\"text-align: center;\"><span style=\"color: #008000;\"><strong><span style=\"font-size: 14pt;\"><span dir=\"auto\">La \u00e9tica moderna ha perdido su prop\u00f3sito. <\/span><\/span><\/strong><\/span><\/p>\n<p style=\"text-align: center;\"><span style=\"color: #008000;\"><strong><span style=\"font-size: 14pt;\"><span dir=\"auto\">Incluso tememos mencionarla, dejando al descubierto el sinsentido de la era del mono disfrazado, un d\u00f3cil imitador de quienes la condicionan. <\/span><\/span><\/strong><\/span><\/p>\n<\/blockquote>\n<p>&nbsp;<\/p>\n<div style=\"text-align: justify;\">\n<div class=\"field field-name-body field-type-text-with-summary field-label-hidden\">\n<div class=\"field-items\">\n<div class=\"field-item even\">\n<p class=\"rtejustify\"><span style=\"font-size: 14pt;\"><span dir=\"auto\"><strong>La \u00e9tica moderna ha perdido su prop\u00f3sito<\/strong>. Incluso tememos mencionarla, dejando al descubierto el sinsentido de la era del mono disfrazado, un d\u00f3cil imitador de quienes la condicionan. <strong>Las virtudes de MacIntyre son pr\u00e1cticas sociales, excelencias cultivadas en comunidades concretas, aqu\u00ed y ahora<\/strong>.<\/span><\/span><\/p>\n<\/div>\n<\/div>\n<\/div>\n<\/div>\n<p>&nbsp;<\/p>\n<blockquote>\n<p style=\"text-align: center;\"><strong><span style=\"font-size: 14pt; color: #008000;\"><span dir=\"auto\">Una moralidad sin fin, compuesta de momentos fugaces \u2014donde las adicciones permiten sobrevivir solo hasta la siguiente crisis o el siguiente antojo angustioso\u2014 no puede convertirse en una visi\u00f3n estable de la vida.<\/span><\/span><\/strong><\/p>\n<\/blockquote>\n<p>&nbsp;<\/p>\n<div style=\"text-align: justify;\">\n<div class=\"field field-name-body field-type-text-with-summary field-label-hidden\">\n<div class=\"field-items\">\n<div class=\"field-item even\">\n<p class=\"rtejustify\"><span style=\"font-size: 14pt;\"><span dir=\"auto\"><strong>La crisis de la modernidad es la derrota de un mundo que ha cortado sus ra\u00edces teleol\u00f3gicas<\/strong>. Una moralidad sin fin, compuesta de momentos fugaces \u2014donde las adicciones permiten sobrevivir solo hasta la siguiente crisis o el siguiente antojo angustioso\u2014 no puede convertirse en una visi\u00f3n estable de la vida. <\/span><\/span><\/p>\n<p class=\"rtejustify\"><span style=\"font-size: 14pt;\"><span dir=\"auto\">El juicio se reduce a la mera expresi\u00f3n de preferencias subjetivas, inducidas y exageradas. Es la victoria del emotivismo, la teor\u00eda de que los criterios morales carecen de valor cognitivo. <strong>Y los simios, desnudos o vestidos, no tienen conciencia moral<\/strong>.<\/span><\/span><\/p>\n<\/div>\n<\/div>\n<\/div>\n<\/div>\n<p>&nbsp;<\/p>\n<blockquote>\n<p style=\"text-align: center;\"><strong><span style=\"font-size: 14pt; color: #008000;\"><span dir=\"auto\">El juicio se reduce a la mera expresi\u00f3n de preferencias subjetivas, inducidas y exageradas. <\/span><\/span><\/strong><\/p>\n<p style=\"text-align: center;\"><strong><span style=\"font-size: 14pt; color: #008000;\"><span dir=\"auto\">Es la victoria del emotivismo, la teor\u00eda de que los criterios morales carecen de valor cognitivo. <\/span><\/span><\/strong><\/p>\n<p style=\"text-align: center;\"><strong><span style=\"font-size: 14pt; color: #008000;\"><span dir=\"auto\">Y los simios, desnudos o vestidos, no tienen conciencia moral.<\/span><\/span><\/strong><\/p>\n<\/blockquote>\n<div style=\"text-align: justify;\">\u00a0<\/div>\n<p><img loading=\"lazy\" decoding=\"async\" class=\"aligncenter wp-image-2319128\" src=\"https:\/\/puntocritico.com\/ausajpuntocritico\/wp-content\/uploads\/2026\/04\/Mono-desnudo-sonriente-300x169.jpeg\" alt=\"\" width=\"480\" height=\"270\" srcset=\"https:\/\/puntocritico.com\/ausajpuntocritico\/wp-content\/uploads\/2026\/04\/Mono-desnudo-sonriente-300x169.jpeg 300w, https:\/\/puntocritico.com\/ausajpuntocritico\/wp-content\/uploads\/2026\/04\/Mono-desnudo-sonriente-1024x576.jpeg 1024w, https:\/\/puntocritico.com\/ausajpuntocritico\/wp-content\/uploads\/2026\/04\/Mono-desnudo-sonriente-768x432.jpeg 768w, https:\/\/puntocritico.com\/ausajpuntocritico\/wp-content\/uploads\/2026\/04\/Mono-desnudo-sonriente-678x381.jpeg 678w, https:\/\/puntocritico.com\/ausajpuntocritico\/wp-content\/uploads\/2026\/04\/Mono-desnudo-sonriente.jpeg 1200w\" sizes=\"auto, (max-width: 480px) 100vw, 480px\" \/><\/p>\n<p>&nbsp;<\/p>\n<p>&nbsp;<\/p>\n<p><a href=\"https:\/\/puntocritico.com\/author\/punto-critico\/\"><img loading=\"lazy\" decoding=\"async\" class=\"aligncenter wp-image-48\" src=\"https:\/\/puntocritico.com\/ausajpuntocritico\/wp-content\/uploads\/2016\/11\/Mosca_Punto_Cr\u00edtico_40.png\" alt=\"\" width=\"70\" height=\"70\" \/><\/a><\/p>\n<p>&nbsp;<\/p>\n","protected":false},"excerpt":{"rendered":"<div class=\"mh-excerpt\"><p>El mono disfrazado\u00a0 \u00a0 Nada m\u00e1s que podredumbre \u00bfEs a\u00fan posible poner en pie una democracia en la que no roben ni los hermanos, ni las esposas, ni los amigos, ni los ministros del todopoderoso <a class=\"mh-excerpt-more\" href=\"https:\/\/puntocritico.com\/ausajpuntocritico\/2026\/04\/07\/el-mono-disfrazado\/\" title=\"EL MONO DISFRAZADO, por Roberto Pecchioli. \u00abEl Mono desnudo\u00bb (D. Morris, 1967): \u00abLos simios, desnudos o vestidos, no tienen conciencia moral\u00bb. Mono come Mono\">[&#8230;]<\/a><\/p>\n<\/div>","protected":false},"author":3,"featured_media":2319127,"comment_status":"closed","ping_status":"closed","sticky":false,"template":"","format":"standard","meta":{"_acf_changed":false,"_exactmetrics_skip_tracking":false,"_exactmetrics_sitenote_active":false,"_exactmetrics_sitenote_note":"","_exactmetrics_sitenote_category":0,"footnotes":""},"categories":[15],"tags":[],"class_list":{"0":"post-2318984","1":"post","2":"type-post","3":"status-publish","4":"format-standard","5":"has-post-thumbnail","7":"category-sabiduria_perenne"},"acf":[],"_links":{"self":[{"href":"https:\/\/puntocritico.com\/ausajpuntocritico\/wp-json\/wp\/v2\/posts\/2318984","targetHints":{"allow":["GET"]}}],"collection":[{"href":"https:\/\/puntocritico.com\/ausajpuntocritico\/wp-json\/wp\/v2\/posts"}],"about":[{"href":"https:\/\/puntocritico.com\/ausajpuntocritico\/wp-json\/wp\/v2\/types\/post"}],"author":[{"embeddable":true,"href":"https:\/\/puntocritico.com\/ausajpuntocritico\/wp-json\/wp\/v2\/users\/3"}],"replies":[{"embeddable":true,"href":"https:\/\/puntocritico.com\/ausajpuntocritico\/wp-json\/wp\/v2\/comments?post=2318984"}],"version-history":[{"count":0,"href":"https:\/\/puntocritico.com\/ausajpuntocritico\/wp-json\/wp\/v2\/posts\/2318984\/revisions"}],"wp:featuredmedia":[{"embeddable":true,"href":"https:\/\/puntocritico.com\/ausajpuntocritico\/wp-json\/wp\/v2\/media\/2319127"}],"wp:attachment":[{"href":"https:\/\/puntocritico.com\/ausajpuntocritico\/wp-json\/wp\/v2\/media?parent=2318984"}],"wp:term":[{"taxonomy":"category","embeddable":true,"href":"https:\/\/puntocritico.com\/ausajpuntocritico\/wp-json\/wp\/v2\/categories?post=2318984"},{"taxonomy":"post_tag","embeddable":true,"href":"https:\/\/puntocritico.com\/ausajpuntocritico\/wp-json\/wp\/v2\/tags?post=2318984"}],"curies":[{"name":"wp","href":"https:\/\/api.w.org\/{rel}","templated":true}]}}