{"id":2318868,"date":"2026-04-04T00:05:16","date_gmt":"2026-04-03T22:05:16","guid":{"rendered":"https:\/\/puntocritico.com\/ausajpuntocritico\/?p=2318868"},"modified":"2026-04-03T21:26:01","modified_gmt":"2026-04-03T19:26:01","slug":"9-11-and-israels-great-game-documental-de-laurent-guyenot-2-022-11-de-septiembre-una-operacion-que-se-organizo-desde-adentro-o-una-operacion-del-mosad","status":"publish","type":"post","link":"https:\/\/puntocritico.com\/ausajpuntocritico\/2026\/04\/04\/9-11-and-israels-great-game-documental-de-laurent-guyenot-2-022-11-de-septiembre-una-operacion-que-se-organizo-desde-adentro-o-una-operacion-del-mosad\/","title":{"rendered":"\u00ab9\/11 AND ISRAEL\u2019S GREAT GAME\u00bb (Documental de Laurent Guy\u00e9not, 2.022). \u00ab11 de septiembre: \u00bfUna operaci\u00f3n que se organiz\u00f3 desde adentro o una operaci\u00f3n del MOSAD?\u00bb"},"content":{"rendered":"<p style=\"text-align: justify;\"><span style=\"color: #008000;\"><strong><span style=\"font-size: 14pt;\">9\/11 AND ISRAEL&#8217;S GREAT GAME<\/span><\/strong><\/span><\/p>\n\n<p>&nbsp;<\/p>\n<p><a href=\"https:\/\/puntocritico.com\/ausajpuntocritico\/2025\/09\/16\/ganar-y-perder-la-ultima-etapa\/#ESTOS_SON_LOS_POSTS_MAS_ENCARNIZADAMENTE_CENSURADOS_DE_LA_HISTORIA_DE_PUNTO_CRITICO\" target=\"_blank\" rel=\"noopener\" data-schema-attribute=\"\"><img loading=\"lazy\" decoding=\"async\" class=\"aligncenter wp-image-2312015\" src=\"https:\/\/puntocritico.com\/ausajpuntocritico\/wp-content\/uploads\/2025\/09\/Gaza-14-de-septiembre-de-2025-PPAL-300x199.jpg\" alt=\"\" width=\"440\" height=\"292\" srcset=\"https:\/\/puntocritico.com\/ausajpuntocritico\/wp-content\/uploads\/2025\/09\/Gaza-14-de-septiembre-de-2025-PPAL-300x199.jpg 300w, https:\/\/puntocritico.com\/ausajpuntocritico\/wp-content\/uploads\/2025\/09\/Gaza-14-de-septiembre-de-2025-PPAL-678x452.jpg 678w, https:\/\/puntocritico.com\/ausajpuntocritico\/wp-content\/uploads\/2025\/09\/Gaza-14-de-septiembre-de-2025-PPAL.jpg 680w\" sizes=\"auto, (max-width: 440px) 100vw, 440px\" \/><\/a><\/p>\n<p>&nbsp;<\/p>\n<p style=\"text-align: justify;\"><span style=\"font-size: 14pt;\">El Documental de <strong>Laurent Guy\u00e9not<\/strong>, que hoy volvemos a publicar, est\u00e1 entre los cinco m\u00e1s \u00ab<a href=\"https:\/\/puntocritico.com\/ausajpuntocritico\/2025\/09\/16\/ganar-y-perder-la-ultima-etapa\/#ESTOS_SON_LOS_POSTS_MAS_ENCARNIZADAMENTE_CENSURADOS_DE_LA_HISTORIA_DE_PUNTO_CRITICO\" target=\"_blank\" rel=\"noopener\" data-schema-attribute=\"\"><em><strong>ENCARNIZADAMENTE CENSURADOS DE LA HISTORIA DE PUNTO CR\u00cdTICO<\/strong><\/em><\/a>\u00ab. En el enlace anterior pod\u00e9is acceder a la informaci\u00f3n relativa al asunto, que brevemente podemos describir as\u00ed:<\/span><\/p>\n<blockquote>\n<p style=\"text-align: justify;\"><span style=\"font-size: 14pt;\"><strong><span style=\"color: #008000;\">VIMEO, sin previo aviso, y pese a que siempre estuvimos (tambi\u00e9n en aqu\u00e9l momento), al corriente de los pagos de cada una de sus facturas, BORR\u00d3 LOS ENLACES A TODOS LOS VIDEOS QUE ALOJ\u00c1BAMOS ALL\u00cd, no solo los de Punto Cr\u00edtico, sino tambi\u00e9n los de AUSAJ, lo que es algo m\u00e1s que borrarlos.<\/span><\/strong><\/span><\/p>\n<p style=\"text-align: justify;\"><span style=\"font-size: 14pt;\"><strong><span style=\"color: #008000;\">NOS BORRARON LOS ENLACES Y CON ELLO LOS PUSIERON FUERA DE NUESTRO ALCANCE, PERO TODO SIGUE EN VIMEO. LO NUESTRO, AHORA ES SUYO.<\/span><\/strong><\/span><\/p>\n<p style=\"text-align: justify;\"><span style=\"font-size: 14pt;\"><strong><span style=\"color: #008000;\">Hemos podido recuperar as\u00ed casi todos los videos que publicamos en Punto Cr\u00edtico, pero no los dem\u00e1s.<\/span><\/strong><\/span><\/p>\n<\/blockquote>\n<p>&nbsp;<\/p>\n<p><a href=\"https:\/\/puntocritico.com\/ausajpuntocritico\/2024\/07\/29\/lobotomia\/\" target=\"_blank\" rel=\"noopener\" data-schema-attribute=\"\"><img loading=\"lazy\" decoding=\"async\" class=\"aligncenter wp-image-2300041\" src=\"https:\/\/puntocritico.com\/ausajpuntocritico\/wp-content\/uploads\/2024\/07\/lobotomia-cerebro-wide-PPAL-300x169.jpg\" alt=\"\" width=\"480\" height=\"270\" srcset=\"https:\/\/puntocritico.com\/ausajpuntocritico\/wp-content\/uploads\/2024\/07\/lobotomia-cerebro-wide-PPAL-300x169.jpg 300w, https:\/\/puntocritico.com\/ausajpuntocritico\/wp-content\/uploads\/2024\/07\/lobotomia-cerebro-wide-PPAL.jpg 678w\" sizes=\"auto, (max-width: 480px) 100vw, 480px\" \/><\/a><\/p>\n<p style=\"text-align: center;\"><span style=\"font-size: 18pt;\"><strong><span style=\"color: #008000;\">*******<\/span><\/strong><\/span><\/p>\n<figure id=\"attachment_2319195\" aria-describedby=\"caption-attachment-2319195\" style=\"width: 480px\" class=\"wp-caption aligncenter\"><a href=\"https:\/\/www.youtube.com\/watch?v=xbI2S9wG--o\" target=\"_blank\" rel=\"noopener\" data-schema-attribute=\"\"><img loading=\"lazy\" decoding=\"async\" class=\"wp-image-2319195\" src=\"https:\/\/puntocritico.com\/ausajpuntocritico\/wp-content\/uploads\/2026\/04\/i-am-palestinian-rabbi-haim-sofer-neturei-karta-1-300x169.webp\" alt=\"\" width=\"480\" height=\"270\" srcset=\"https:\/\/puntocritico.com\/ausajpuntocritico\/wp-content\/uploads\/2026\/04\/i-am-palestinian-rabbi-haim-sofer-neturei-karta-1-300x169.webp 300w, https:\/\/puntocritico.com\/ausajpuntocritico\/wp-content\/uploads\/2026\/04\/i-am-palestinian-rabbi-haim-sofer-neturei-karta-1-1024x576.webp 1024w, https:\/\/puntocritico.com\/ausajpuntocritico\/wp-content\/uploads\/2026\/04\/i-am-palestinian-rabbi-haim-sofer-neturei-karta-1-768x432.webp 768w, https:\/\/puntocritico.com\/ausajpuntocritico\/wp-content\/uploads\/2026\/04\/i-am-palestinian-rabbi-haim-sofer-neturei-karta-1-678x381.webp 678w, https:\/\/puntocritico.com\/ausajpuntocritico\/wp-content\/uploads\/2026\/04\/i-am-palestinian-rabbi-haim-sofer-neturei-karta-1.webp 1088w\" sizes=\"auto, (max-width: 480px) 100vw, 480px\" \/><\/a><figcaption id=\"caption-attachment-2319195\" class=\"wp-caption-text\"><span style=\"color: #008000;\"><a href=\"https:\/\/portalcioranbr.wordpress.com\/2025\/12\/26\/jewish-rabbi-islamic-history-lesson-haim-sofer-neturei-karta\/\" target=\"_blank\" rel=\"noopener\" data-schema-attribute=\"\"><strong>Rabbi Haim Sofer<\/strong><\/a>: El genocidio en Gaza ha revelado la peor cara de la humanidad, mientras el racismo y el odio religioso se avivan por doquier. Se equipara una ideolog\u00eda pol\u00edtica moderna con la fe milenaria del juda\u00edsmo. Se afirma que la religi\u00f3n solo divide y que debe descartarse para avanzar. En este contexto, un palestino musulm\u00e1n exiliado y un rabino de Palestina pueden dialogar sobre la historia isl\u00e1mica, el sionismo y la vida bajo el islam. <\/span><\/figcaption><\/figure>\n<h2 style=\"text-align: center;\"><span style=\"font-size: 24pt;\">DOCUMENTAL: 9\/11 AND ISRAEL&#8217;S GREAT GAME (2.022)<\/span><\/h2>\n<p style=\"text-align: center;\"><strong><span style=\"font-size: 18pt;\">Laurent Guy\u00e9not<\/span><\/strong><\/p>\n<div id=\"container\" class=\"style-scope ytd-channel-name\">\n<div id=\"text-container\" class=\"style-scope ytd-channel-name\" style=\"text-align: justify;\"><a href=\"https:\/\/www.youtube.com\/watch?v=B2mHisQT4zM\" target=\"_blank\" rel=\"noopener\"><span style=\"font-size: 14pt;\">Zionist Onslaught<\/span><\/a><\/div>\n<div>\u00a0<\/div>\n<\/div>\n<p style=\"text-align: center;\"><iframe loading=\"lazy\" src=\"https:\/\/mega.nz\/embed\/jQ0AQRDI#5yGKXAPIW9xEcECeVHLmrWVXBbkhD3WdbO-uaDTFxz8\" width=\"640\" height=\"360\" frameborder=\"0\" allowfullscreen=\"allowfullscreen\"><\/iframe><\/p>\n<p>&nbsp;<\/p>\n<p style=\"text-align: center;\"><span style=\"font-size: 14pt;\">https:\/\/x.com\/i\/status\/1802398300743639059<\/span><\/p>\n<p style=\"text-align: center;\">\u00a0<\/p>\n<p><img loading=\"lazy\" decoding=\"async\" class=\"aligncenter wp-image-2245395\" src=\"https:\/\/puntocritico.com\/ausajpuntocritico\/wp-content\/uploads\/2022\/04\/Aznar-y-Bush-pies-en-la-mesa-Foto-de-las-Azores-2.jpg\" alt=\"9\/11 and Israel's great game\" width=\"440\" height=\"331\" data-id=\"2245395\" srcset=\"https:\/\/puntocritico.com\/ausajpuntocritico\/wp-content\/uploads\/2022\/04\/Aznar-y-Bush-pies-en-la-mesa-Foto-de-las-Azores-2.jpg 259w, https:\/\/puntocritico.com\/ausajpuntocritico\/wp-content\/uploads\/2022\/04\/Aznar-y-Bush-pies-en-la-mesa-Foto-de-las-Azores-2-80x60.jpg 80w\" sizes=\"auto, (max-width: 440px) 100vw, 440px\" \/><\/p>\n<p style=\"text-align: center;\"><span style=\"font-size: 18pt;\"><strong><span style=\"color: #008000;\">***<\/span><\/strong><\/span><\/p>\n<blockquote>\n<h3 style=\"text-align: center;\"><span style=\"font-size: 18pt;\"><strong>Laurent Guy\u00e9not<\/strong><\/span><\/h3>\n<p style=\"text-align: justify;\"><a href=\"https:\/\/www.voltairenet.org\/auteur125605.html?lang=es\" target=\"_blank\" rel=\"noopener\"><span style=\"font-size: 14pt;\">Red Voltaire<\/span><\/a><\/p>\n<p><img loading=\"lazy\" decoding=\"async\" class=\"aligncenter size-full wp-image-2289444\" src=\"https:\/\/puntocritico.com\/ausajpuntocritico\/wp-content\/uploads\/2023\/10\/Laurent-Guyenot.jpg\" alt=\"\" width=\"300\" height=\"300\" data-id=\"2289444\" srcset=\"https:\/\/puntocritico.com\/ausajpuntocritico\/wp-content\/uploads\/2023\/10\/Laurent-Guyenot.jpg 300w, https:\/\/puntocritico.com\/ausajpuntocritico\/wp-content\/uploads\/2023\/10\/Laurent-Guyenot-150x150.jpg 150w\" sizes=\"auto, (max-width: 300px) 100vw, 300px\" \/><\/p>\n<\/blockquote>\n<div class=\"mot-chapo\">\n<blockquote>\n<p>&nbsp;<\/p>\n<p style=\"text-align: center;\"><span style=\"font-size: 14pt;\">Ingeniero de la Escuela Nacional de Alta Tecnolog\u00eda, 1982, historiador medievalista (doctor en Estudios Medievales de Par\u00eds IV-Sorbona, 2009). Ha publicado \u201cEl Hada de la muerte: Antropolog\u00eda medieval de lo maravilloso\u201d (XII-XV siglos), ediciones Gallimard (Francia) y \u201cLa Lanza que sangra\u201d &#8211; Metatexto y hipertexto del \u00abCuento del Grial\u00bb del Cristiano de Troyes, editores Champion. Laurent Guy\u00e9not se dedica desde hace tres a\u00f1os a estudiar la historia profunda de los Estados Unidos, pa\u00eds donde vivi\u00f3 durante cinco a\u00f1os.<\/span><\/p>\n<\/blockquote>\n<\/div>\n<div>\n<blockquote>\n<div class=\"article-info-surround\">\n<div class=\"article-info-surround2\" style=\"text-align: justify;\">\u00a0<\/div>\n<\/div>\n<\/blockquote>\n<\/div>\n<blockquote>\n<div>\n<figure id=\"attachment_1847617\" aria-describedby=\"caption-attachment-1847617\" style=\"width: 550px\" class=\"wp-caption aligncenter\"><img loading=\"lazy\" decoding=\"async\" class=\"wp-image-1847617\" src=\"https:\/\/puntocritico.com\/ausajpuntocritico\/wp-content\/uploads\/2021\/02\/investigar11s.org-pentagono-rokstories.jpg\" alt=\"\" width=\"550\" height=\"268\" data-id=\"1847617\" srcset=\"https:\/\/puntocritico.com\/ausajpuntocritico\/wp-content\/uploads\/2021\/02\/investigar11s.org-pentagono-rokstories.jpg 410w, https:\/\/puntocritico.com\/ausajpuntocritico\/wp-content\/uploads\/2021\/02\/investigar11s.org-pentagono-rokstories-300x146.jpg 300w\" sizes=\"auto, (max-width: 550px) 100vw, 550px\" \/><figcaption id=\"caption-attachment-1847617\" class=\"wp-caption-text\"><span style=\"color: #008000;\">fachada del Pent\u00e1gono minutos despu\u00e9s del impacto por el supuesto avi\u00f3n, no se ve ning\u00fan rastro de avi\u00f3n solo un peque\u00f1o hueco de dos metros de di\u00e1metro a la altura del primer piso<\/span><\/figcaption><\/figure>\n<\/div>\n<\/blockquote>\n<blockquote>\n<p style=\"text-align: center;\"><span style=\"font-size: 18pt; color: #008000;\">\u2666<\/span><span style=\"font-size: 18pt;\">\u2666<\/span><span style=\"font-size: 18pt; color: #008000;\">\u2666<\/span><span style=\"font-size: 18pt;\">\u2666<\/span><span style=\"font-size: 18pt; color: #008000;\">\u2666<\/span><\/p>\n<div>\n<figure id=\"attachment_1847670\" aria-describedby=\"caption-attachment-1847670\" style=\"width: 780px\" class=\"wp-caption aligncenter\"><img loading=\"lazy\" decoding=\"async\" class=\"wp-image-1847670\" src=\"https:\/\/puntocritico.com\/ausajpuntocritico\/wp-content\/uploads\/2021\/02\/misilBoeing.jpg\" alt=\"\" width=\"780\" height=\"162\" data-id=\"1847670\" srcset=\"https:\/\/puntocritico.com\/ausajpuntocritico\/wp-content\/uploads\/2021\/02\/misilBoeing.jpg 555w, https:\/\/puntocritico.com\/ausajpuntocritico\/wp-content\/uploads\/2021\/02\/misilBoeing-300x62.jpg 300w\" sizes=\"auto, (max-width: 780px) 100vw, 780px\" \/><figcaption id=\"caption-attachment-1847670\" class=\"wp-caption-text\"><span style=\"color: #008000; font-size: 12pt;\">Se nos ha dicho que el Boeing 757-200 del vuelo 77 de American Airlines, con 64 personas a bordo, se estrell\u00f3 contra el Pent\u00e1gono a las 9,38 h. Pero&#8230; El Departamento de Defensa, en un breve comunicado de unas doce l\u00edneas sacado casi a las diez, afirma que \u201csigue respondiendo al ataque\u201d y expresa su \u201cp\u00e9same a las familias de las v\u00edctimas fallecidas y heridas en este desaprensivo ataque\u201d. Por dos veces, pues, habla de \u201cataque\u201d, pero en ning\u00fan momento menciona que se haya estrellado un Boeing ni siquiera, m\u00e1s en general, un avi\u00f3n. \u00bfAcaso a\u00fan no lo hab\u00edan visto veinte minutos despu\u00e9s, y ello a pesar de que dicho comunicado afirma que \u201cTodo el personal ha sido evacuado del edificio, mientras los servicios de urgencia del Departamento de Defensa y de las poblaciones vecinas se enfrentan a las llamas y a las urgencias m\u00e9dicas\u201d?<\/span><br \/>\n<span style=\"font-size: 12pt; color: #008000;\">\u2022 \u00bfQu\u00e9 proceso hizo que el inicial ataque de naturaleza no explicitada se convirtiese m\u00e1s tarde en el choque de un Boeing? Pero para aceptar que efectivamente se trat\u00f3 del choque de un Boeing, hay que responder importantes cuestiones. Por ejemplo: \u00bfC\u00f3mo pudo llegar un avi\u00f3n a chocar contra el Pent\u00e1gono, que probablemente sea el espacio a\u00e9reo y terrestre m\u00e1s protegido y mejor defendido del mundo, tras, oficialmente, m\u00e1s de 40 minutos de secuestro, en los que recorri\u00f3 casi 500 Km.? \u00bfAcaso estuvo el avi\u00f3n enviando los c\u00f3digos adecuados hasta que se estrell\u00f3, de forma que no despert\u00f3 la alarma de los sofisticados medios de seguridad del Pent\u00e1gono? \u00bfC\u00f3mo es que los cazas que, seg\u00fan se dice oficialmente, salieron en su persecuci\u00f3n llegaron diez minutos tarde? \u2022 \u00bfC\u00f3mo es posible que un avi\u00f3n Boeing 757-200 que pesa unas 100 toneladas, que tiene un fuselaje de cuatro metros de di\u00e1metro, dos solid\u00edsimos motores de m\u00e1s de ocho metros de per\u00edmetro, 38 metros de ancho, 47 metros de largo, 12 metros de alto con la cola incluida, y que se afirma que se estrell\u00f3 a m\u00e1s de 400 km\/h, produjese un agujero casi redondo que atraves\u00f3 limpia y diagonalmente (en \u00e1ngulo de unos 45 \u00ba) tres de los cinco anillos del Pent\u00e1gono dejando en la entrada un agujero rectangular de unos cuatro por seis metros, y en la parte interior (la m\u00e1s alejada del lugar de impacto) del tercer anillo un agujero casi perfectamente circular de unos 2,30 m. de di\u00e1metro? \u2022 \u00bfPor qu\u00e9 no se ha pasado ni una sola vez la filmaci\u00f3n del choque del vuelo 77 contra el Pent\u00e1gono? \u00bfPor qu\u00e9 hasta marzo del 2002 los militares no hicieron p\u00fablicas cinco fotos que afirman que forman parte de la filmaci\u00f3n del choque del avi\u00f3n contra el Pent\u00e1gono, contradiciendo as\u00ed su afirmaci\u00f3n inicial de que no hab\u00eda habido filmaci\u00f3n alguna? \u00bfTiene algo que ver con este cambio y con la presentaci\u00f3n de estas supuestas pruebas el que acabase de aparecer en Francia el libro de Thierry Meyssan \u201cLa gran impostura. Ning\u00fan avi\u00f3n se estrell\u00f3 contra el Pent\u00e1gono\u201d? \u2022 \u00bfC\u00f3mo explicar que, tambi\u00e9n tras la aparici\u00f3n del mencionado libro, medios de comunicaci\u00f3n franceses presentasen como resto del fuselaje una pieza met\u00e1lica de apenas un metro de longitud encontrada a unos cien metros del inmueble, pieza que ni siquiera aparece en la lista oficial de material del vuelo 77 encontrado, lista que se reduce a las dos cajas negras -eso s\u00ed, inutilizables- y un faro? \u00bfY que, en cambio, a fines de marzo del 2002 el FBI declarase al peri\u00f3dico franc\u00e9s Liberation que tienen almacenadas en un hangar las piezas que reconstruyen casi todo el avi\u00f3n?<\/span><br \/>\n<span style=\"font-size: 12pt; color: #008000;\">\u00bfPor qu\u00e9 el agua utilizada por los bomberos es agua normal, por lo que no tiene el color rojizo-parduzco caracter\u00edstico que le dan los productos retardantes que se mezclan con el agua cuando se trata de combatir incendios producidos por hidrocarburos?<\/span><br \/>\n<span style=\"font-size: 12pt; color: #008000;\">\u00bfA qu\u00e9 se debe que la explosi\u00f3n inicial, su din\u00e1mica, su color, etc., no tenga nada que ver con la que hubiese ocurrido si realmente se tratase del choque de un Boeing?<\/span><br \/>\n<span style=\"font-size: 12pt; color: #008000;\">\u00bfC\u00f3mo explicar qu\u00e9 el color de las llamas, del humo y de los residuos de holl\u00edn dejados son de un fuego urbano normal, por lo que tampoco corresponden a un incendio por queroseno?<\/span><br \/>\n<span style=\"font-size: 12pt; color: #008000;\">\u00bfA qu\u00e9 se debi\u00f3 que entre el impacto y la aparici\u00f3n de estas llamas transcurriesen unos segundos en los que s\u00f3lo hab\u00eda creciente humo y ninguna llama, cosa imposible si se tratase del combustible de un avi\u00f3n?<\/span><br \/>\n<span style=\"font-size: 12pt; color: #008000;\">\u00bfQu\u00e9 experimentad\u00edsimo piloto pudo maniobrar el Boeing hasta chocar casi a ras de suelo pero sin tocar la hierba, ni las farolas de alumbrado, ni los cables de electricidad, etc.? \u00bfPor qu\u00e9 preferir el dif\u00edcil choque contra una fachada de 24 metros de altura al facil\u00edsimo impacto contra el techo del Pent\u00e1gono, que tiene una superficie de 29 acres?<\/span><br \/>\n<span style=\"color: #008000; font-size: 12pt;\">\u00bfFue casualidad que el impacto tuviese lugar precisamente en la \u00fanica peque\u00f1a parte del Pent\u00e1gono que estaba en obras, por lo que murieron un general y 124 civiles en lugar de las much\u00edsimas m\u00e1s v\u00edctimas que el mismo impacto hubiese provocado entre las 23.000 personas que ah\u00ed trabajan diariamente si hubiese chocado en cualquier otra parte del Pent\u00e1gono? Sabiendo que en esta zona renovada iba a instalarse el nuevo Centro de Mando de la Armada, \u00bftiene alg\u00fan significado especial que el Jefe del Estado Mayor de la Navy, el almirante Vern Clarck, no se incorporase a la Sala de Mando del National Military Joint Intelligence Center, como hicieron en seguida los otros oficiales de Estado Mayor, sino que abandonase precipitadamente el Pent\u00e1gono?<\/span><\/figcaption><\/figure>\n<\/div>\n<div>\n<p>&nbsp;<\/p>\n<p class=\"title\" style=\"text-align: center;\"><span style=\"font-size: 14pt;\"><strong><a href=\"https:\/\/investigar11s.blogspot.com\/\" target=\"_blank\" rel=\"noopener\">Investigar11s.blogspot.com<\/a><\/strong><\/span><\/p>\n<\/div>\n<div style=\"text-align: center;\"><strong><span style=\"font-size: 14pt;\">Art\u00edculos sobre los auto-atentados del 11 de Septiembre del 2001 y todas las realidades paralelas<\/span><\/strong><\/div>\n<\/blockquote>\n<div>\n<p><img loading=\"lazy\" decoding=\"async\" class=\"aligncenter size-full wp-image-1847698\" src=\"https:\/\/puntocritico.com\/ausajpuntocritico\/wp-content\/uploads\/2021\/02\/bujero.jpg\" alt=\"\" width=\"555\" height=\"115\" data-id=\"1847698\" srcset=\"https:\/\/puntocritico.com\/ausajpuntocritico\/wp-content\/uploads\/2021\/02\/bujero.jpg 555w, https:\/\/puntocritico.com\/ausajpuntocritico\/wp-content\/uploads\/2021\/02\/bujero-300x62.jpg 300w\" sizes=\"auto, (max-width: 555px) 100vw, 555px\" \/><\/p>\n<\/div>\n<div style=\"text-align: center;\"><strong style=\"font-size: 18pt;\"><span style=\"color: #008000;\">*******<\/span><\/strong><\/div>\n<div>\u00a0<\/div>\n<h2 style=\"text-align: center;\"><strong style=\"font-size: 24pt;\">11 DE SEPTIEMBRE: \u00bfUNA OPERACI\u00d3N QUE SE ORGANIZ\u00d3 DESDE ADENTRO O UNA OPERACI\u00d3N DEL MOSAD?<\/strong><\/h2>\n<article class=\"hnews hentry item\">\n<blockquote>\n<div style=\"text-align: center;\"><strong><em><span style=\"font-size: 14pt;\">El papel que jug\u00f3 Israel en los tr\u00e1gicos sucesos del <a class=\"spip_out\" href=\"http:\/\/www.voltairenet.org\/article159257.html\" target=\"_blank\" rel=\"noopener\" data-schema-attribute=\"\">11 de septiembre de 2001<\/a>\u00a0\u2013hechos determinantes que moldearon la geopol\u00edtica del siglo XXI\u2013 ha sido objeto de \u00e1cidas controversias, para convertirse m\u00e1s tarde en un tema tab\u00fa en el seno mismo del Movimiento por la Verdad sobre el 11 de Septiembre (<a class=\"spip_out\" href=\"http:\/\/www.911truth.org\/\" target=\"_blank\" rel=\"noopener\" data-schema-attribute=\"\">9\/11 Truth Movement<\/a>). Por tocar este tema el investigador franc\u00e9s Thierry Meyssan fue marginalizado, a pesar que fue este quien desenmascar\u00f3 las mentiras de Washington. La mayor\u00eda de las asociaciones militantes, movilizadas bajo el lema \u00ab9\/11 was an Inside Job\u00bb (El 11 de septiembre una operaci\u00f3n que se organiz\u00f3 desde adentro), mantienen gran discreci\u00f3n en cuanto a los elementos que prueban y conducen a una implicaci\u00f3n directa de los servicios secretos de Israel. Nuestro colega Laurent Guy\u00e9not pasa en revista varios datos tan incuestionables como desconocidos y analiza los mecanismos de aquellos que contin\u00faan a negar las evidencias.<\/span><\/em><\/strong><\/div>\n<\/blockquote>\n<\/article>\n<div class=\"article-date\">\n<div class=\"article-author author\" style=\"text-align: justify;\"><span style=\"font-size: 14pt;\">Por <span class=\"fn\">Laurent Guy\u00e9not<\/span><\/span><\/div>\n<div style=\"text-align: justify;\"><span style=\"font-size: 14pt;\"><span class=\"source-org dateline\"><span class=\"org fn\"><a href=\"https:\/\/www.voltairenet.org\/article180189.html\" target=\"_blank\" rel=\"noopener\">RED VOLTAIRE<\/a>,<\/span><\/span>\u00a0<span class=\"updated\" title=\"2013-09-25\"><time datetime=\"2013-09-25 01:00:00\">25 SEPTIEMBRE 2013<\/time><\/span><\/span><\/div>\n<\/div>\n<p><img loading=\"lazy\" decoding=\"async\" class=\"aligncenter wp-image-2289457 size-full\" src=\"https:\/\/puntocritico.com\/ausajpuntocritico\/wp-content\/uploads\/2023\/10\/moss390-2-03457.jpg\" alt=\"\" width=\"390\" height=\"270\" data-id=\"2289457\" srcset=\"https:\/\/puntocritico.com\/ausajpuntocritico\/wp-content\/uploads\/2023\/10\/moss390-2-03457.jpg 390w, https:\/\/puntocritico.com\/ausajpuntocritico\/wp-content\/uploads\/2023\/10\/moss390-2-03457-300x208.jpg 300w\" sizes=\"auto, (max-width: 390px) 100vw, 390px\" \/><\/p>\n<p>&nbsp;<\/p>\n<p style=\"text-align: justify;\"><span style=\"font-size: 14pt;\">Mientras se va conociendo poco a poco el papel jugado por Israel en la desestabilizaci\u00f3n del mundo posteriormente al 11 de septiembre 2001, se entiende entonces mejor, la idea de que una facci\u00f3n del\u00a0<a class=\"spip_out\" href=\"http:\/\/es.wikipedia.org\/wiki\/Likud\" target=\"_blank\" rel=\"noopener\" data-schema-attribute=\"\">Likud<\/a>, ayudados por sus aliados infiltrados en el seno del aparato de Estado de los EE.UU., sean los responsables de la\u00a0<a class=\"spip_out\" href=\"http:\/\/es.wikipedia.org\/wiki\/Operaci%C3%B3n_de_bandera_falsa\" target=\"_blank\" rel=\"noopener\" data-schema-attribute=\"\">operaci\u00f3n de bandera falsa<\/a>\u00a0del 11 de septiembre, entonces la idea cuaja, esto se vuelve cre\u00edble y contundente, e incluso hay algunas personas que tuvieron el coraje de denunciar esto p\u00fablicamente. Uno de ellos fue\u00a0<a class=\"spip_out\" href=\"http:\/\/www.voltairenet.org\/article154771.html\" target=\"_blank\" rel=\"noopener\" data-schema-attribute=\"\">Francesco Cossiga<\/a>, presidente de Italia entre 1985 y 1992, quien dijo el 30 de noviembre de 2007, en el diario\u00a0<i>Corriere della Sera<\/i>:\u00a0<i>\u00abNos quieren\u00a0<a class=\"spip_out\" href=\"http:\/\/www.voltairenet.org\/article155919.html\" target=\"_blank\" rel=\"noopener\" data-schema-attribute=\"\">hacer creer que Bin Laden confes\u00f3<\/a>\u00a0ser el autor del atentado del 11 de septiembre de 2001 sobre las torres gemelas de Nueva York \u2014a pesar que los servicios de inteligencia de EE.UU. y europeos sab\u00edan muy bien que el desastroso ataque fue planeado y ejecutado por la CIA y el Mossad con el fin de acusar a los pa\u00edses \u00e1rabes de terrorismo y para poder atacar a Irak y Afganist\u00e1n\u00bb<\/i>.<span class=\"spip_note_ref\">\u00a0<strong>[1]<\/strong><\/span><\/span><\/p>\n<p style=\"text-align: justify;\"><span style=\"font-size: 14pt;\"><a class=\"spip_out\" href=\"http:\/\/www.veteranstoday.com\/author\/sabrosky\/\" target=\"_blank\" rel=\"noopener\" data-schema-attribute=\"\">Alan Sabrosky<\/a>, ex profesor de la Escuela Superior de Guerra del Ej\u00e9rcito de EE.UU. y de la Academia Militar de EE.UU., no dud\u00f3 un solo momento en proclamar su convicci\u00f3n de que el 11 de septiembre es una\u00a0<i>\u00aboperaci\u00f3n cl\u00e1sica orquestada por el Mosad\u00bb<\/i>, operaci\u00f3n llevada a cabo con la complicidad dentro del gobierno estadounidense. La voz de Alan Sabrosky suena, repercute y se transmite con fuerza dentro de los c\u00edrculos de los veteranos del Ej\u00e9rcito de EE.UU., quienes est\u00e1n asqueados por las infames guerras a las cuales se ven implicados y deben cumplir, todo esto a causa de una mentira, la mentira del 11 de septiembre o como fueron tambi\u00e9n las mentiras de las armas de destrucci\u00f3n masiva de\u00a0<a class=\"spip_out\" href=\"http:\/\/es.wikipedia.org\/wiki\/Sadam_Husein\" target=\"_blank\" rel=\"noopener\" data-schema-attribute=\"\">Saddam Hussein<\/a>, es decir mentiras y m\u00e1s mentiras.<span class=\"spip_note_ref\">\u00a0<strong>[2]<\/strong><\/span><\/span><\/p>\n<p style=\"text-align: justify;\"><span style=\"font-size: 14pt;\">Los argumentos a favor de la hip\u00f3tesis de una implicaci\u00f3n del Mosad no se debe a la reputaci\u00f3n [propaganda que goza] como servicio secreto m\u00e1s \u00abpoderoso\u00bb del mundo, sino m\u00e1s bien a un informe del propio\u00a0<i>U.S. Army School for Advanced Military Studies<\/i>\u00a0\u2014 Escuela de Altos Estudios Militares de EEUU\u2014 (citado por el diario\u00a0<i>Washington Times<\/i>\u00a0poco antes del 11 de septiembre), que describe al Mosad como siendo algo\u00a0<i>\u00abC\u00ednico, solapado, despiadado y astuto. Capaz de llevar a cabo\u00a0<a class=\"spip_out\" href=\"http:\/\/es.wikipedia.org\/wiki\/USS_Liberty_(AGTR-5)\" target=\"_blank\" rel=\"noopener\" data-schema-attribute=\"\">un ataque contra las mismas fuerzas estadounidenses<\/a>\u00a0y disfrazarlo como un acto cometido por palestinos \/ \u00e1rabes\u00bb.<\/i><span class=\"spip_note_ref\">\u00a0<strong>[3]<\/strong><\/span><\/span><\/p>\n<p style=\"text-align: justify;\"><span style=\"font-size: 14pt;\">La implicaci\u00f3n del Mosad, junto con otras unidades de elite israel\u00edes, son cosas reales y evidentes por una serie de hechos poco conocidos.<\/span><\/p>\n<p style=\"text-align: justify;\">\u00a0<\/p>\n<figure id=\"attachment_2289455\" aria-describedby=\"caption-attachment-2289455\" style=\"width: 440px\" class=\"wp-caption aligncenter\"><img loading=\"lazy\" decoding=\"async\" class=\"wp-image-2289455\" src=\"https:\/\/puntocritico.com\/ausajpuntocritico\/wp-content\/uploads\/2023\/10\/1moss390-dcb14.jpg\" alt=\"\" width=\"440\" height=\"332\" data-id=\"2289455\" srcset=\"https:\/\/puntocritico.com\/ausajpuntocritico\/wp-content\/uploads\/2023\/10\/1moss390-dcb14.jpg 390w, https:\/\/puntocritico.com\/ausajpuntocritico\/wp-content\/uploads\/2023\/10\/1moss390-dcb14-300x226.jpg 300w, https:\/\/puntocritico.com\/ausajpuntocritico\/wp-content\/uploads\/2023\/10\/1moss390-dcb14-326x245.jpg 326w, https:\/\/puntocritico.com\/ausajpuntocritico\/wp-content\/uploads\/2023\/10\/1moss390-dcb14-80x60.jpg 80w\" sizes=\"auto, (max-width: 440px) 100vw, 440px\" \/><figcaption id=\"caption-attachment-2289455\" class=\"wp-caption-text\"><span style=\"color: #008000;\">El libro en formato digital del autor Hicham Hamza, \u00abIsrael y el 11 de septiembre: el Gran Tab\u00fa\u00bb (2013) recopila la totalidad de los archivos as\u00ed como otros datos del informe policial estadounidense que apunta y pone en causa la responsabilidad de Israel. Esta investigaci\u00f3n est\u00e1 escrita con un rigor period\u00edstico irreprochable, adem\u00e1s las fuentes del libro son de acceso simple para el lector.<\/span><\/figcaption><\/figure>\n<p>&nbsp;<\/p>\n<h3 style=\"text-align: center;\"><span style=\"font-size: 18pt;\"><strong>Los \u00abIsrael\u00edes bailarines\u00bb<\/strong><\/span><\/h3>\n<p style=\"text-align: justify;\"><span style=\"font-size: 14pt;\"><strong>\u00bfSabe por ejemplo, que las \u00fanicas personas que fueron detenidas el mismo d\u00eda en relaci\u00f3n con los ataques terroristas del 11 de septiembre 2001 son todos israel\u00edes?<\/strong><span class=\"spip_note_ref\">\u00a0<strong>[4]<\/strong><\/span><strong>\u00a0<\/strong>La informaci\u00f3n fue dada a conocer al d\u00eda siguiente por el periodista <strong>Paulo Lima<\/strong> en el diario\u00a0<i>The Record<\/i>, cotidiano del\u00a0<a class=\"spip_out\" href=\"http:\/\/es.wikipedia.org\/wiki\/Condado_de_Bergen\" target=\"_blank\" rel=\"noopener\" data-schema-attribute=\"\">condado de Bergen en el Nueva Jersey<\/a>, informaciones bas\u00e1ndose en fuentes policiales estadounidenses locales.<\/span><\/p>\n<p style=\"text-align: justify;\"><span style=\"font-size: 14pt;\">Inmediatamente despu\u00e9s del primer impacto en la Torre Norte, tres individuos fueron vistos por varios testigos [habitantes del condado] subidos en el techo de una camioneta estacionada en el\u00a0<a class=\"spip_out\" href=\"http:\/\/en.wikipedia.org\/wiki\/Liberty_State_Park\" target=\"_blank\" rel=\"noopener\" data-schema-attribute=\"\">Liberty State Park<\/a>\u00a0en Jersey City, estos individuos \u00ab<strong><em>se regocijaban<\/em><\/strong>\u00bb (<i>celebrating<\/i>) \u00ab<em><strong>saltando de alegr\u00eda<\/strong><\/em>\u00bb (<i>jumping up and down<\/i>), y se fotografiaban con las torres gemelas atr\u00e1s en fuego. Luego trasladaron su camioneta a otro parking situado en Jersey City, donde otros testigos los volvieron a ver festejando y celebrando de manera ostentosa [<em>los ataques terroristas<\/em>].<\/span><\/p>\n<p style=\"text-align: justify;\"><span style=\"font-size: 14pt;\"><strong>La polic\u00eda lanz\u00f3 de inmediato una alerta BOLO<\/strong> (<i>be-on-the-look-out<\/i>):\u00a0<i>\u00abVeh\u00edculo posiblemente relacionado con el ataque terrorista en Nueva York. Camioneta Chevrolet modelo 2000, color blanco, con placa de New Jersey y un logo de\u00a0Urban Moving Systems\u00a0en la parte trasera de la camioneta, la cual fue vista en el Liberty State Park, Jersey City, NJ, en el momento del primer impacto del avi\u00f3n contra las Torres Gemelas del WTC (World Trade Center). Tres individuos en la camioneta fueron vistos celebrando y regocij\u00e1ndose despu\u00e9s del impacto inicial y la explosi\u00f3n que sigui\u00f3\u00bb<\/i>.<strong><span class=\"spip_note_ref\">\u00a0[5]<\/span><\/strong>.<\/span><\/p>\n<p style=\"text-align: justify;\"><span style=\"font-size: 14pt;\">La camioneta fue interceptada y detenida por la polic\u00eda unas horas m\u00e1s tarde, a bordo iban cinco j\u00f3venes israel\u00edes: <strong>Sivan<\/strong> y <strong>Paul Kurzberg<\/strong>, <strong>Yaron<\/strong> <strong>Shmuel<\/strong>, <strong>Oded<\/strong> <strong>Ellner<\/strong> y <strong>Omer Marmari<\/strong>. Forzados de salir del veh\u00edculo f\u00edsicamente y obligados de acostarse en el suelo, el conductor, <strong>Sivan Kurzberg<\/strong>, lanz\u00f3 entonces esta enigm\u00e1tica frase:\u00a0<i>\u00abSomos israel\u00edes. No somos su problema. Sus problemas son nuestros problemas. Los palestinos son el problema\u00bb<\/i>.<span class=\"spip_note_ref\">\u00a0<strong>[6]<\/strong><\/span>.<\/span><\/p>\n<p style=\"text-align: justify;\"><span style=\"font-size: 14pt;\">Las fuentes policiales que dieron informaciones y otros detalles al periodista <strong>Paulo Lima<\/strong> estaban convencidos de la implicaci\u00f3n de estos israel\u00edes en los ataques que ocurrieron en la ma\u00f1ana contra las Torres Gemelas:\u00a0<i>\u00abTen\u00edan mapas de la ciudad en la camioneta y en donde hab\u00edan marcado algunos puntos importantes. Parec\u00eda como si supieran todo lo que iba a pasar [&#8230;] daban la impresi\u00f3n que estaban al corriente de los sucesos cuando se encontraban en el Liberty State Park\u00bb<\/i>.<span class=\"spip_note_ref\">\u00a0<strong>[7]<\/strong><\/span><\/span><\/p>\n<p style=\"text-align: justify;\"><span style=\"font-size: 14pt;\">Se encontr\u00f3 adem\u00e1s que estos j\u00f3venes israel\u00edes llevaban consigo diversos pasaportes de varias nacionalidades, casi 6.000 d\u00f3lares en efectivo y billetes de avi\u00f3n abiertos (<i>open<\/i>) para viajar al extranjero. <strong>Los hermanos Kurzberg fueron identificados formalmente como agentes [esp\u00edas] del Mosad<\/strong>. Los cinco israel\u00edes trabajaban oficialmente para una empresa de mudanzas llamada\u00a0<i>Urban Moving Systems<\/i>, cuyos empleados eran en su mayor\u00eda israel\u00edes.\u00a0<i>\u00abYo estaba llorando. Y estos cinco tipos estaban bromeando y jact\u00e1ndose [de los ataques] y eso me molestaba y perturbaba mucho\u00bb<\/i><span class=\"spip_note_ref\">\u00a0<strong>[8]<\/strong><\/span>, confiesa al diario\u00a0<i>The Record<\/i>\u00a0uno de los pocos trabajadores no israel\u00edes de la empresa de mudanzas. El 14 de septiembre, despu\u00e9s de recibir la visita de la polic\u00eda, el due\u00f1o de la empresa de mudanzas, <strong>Dominik Otto Suter<\/strong>, abandonaba r\u00e1pidamente el pa\u00eds [<em>los Estados Unidos<\/em>] con destino a Tel Aviv.<\/span><\/p>\n<p>&nbsp;<\/p>\n<p><img loading=\"lazy\" decoding=\"async\" class=\"aligncenter wp-image-8752\" src=\"https:\/\/puntocritico.com\/ausajpuntocritico\/wp-content\/uploads\/2018\/02\/Hablamos-de-Lucha-de-Clases-300x154.jpg\" alt=\"\" width=\"440\" height=\"226\" data-id=\"8752\" srcset=\"https:\/\/puntocritico.com\/ausajpuntocritico\/wp-content\/uploads\/2018\/02\/Hablamos-de-Lucha-de-Clases-300x154.jpg 300w, https:\/\/puntocritico.com\/ausajpuntocritico\/wp-content\/uploads\/2018\/02\/Hablamos-de-Lucha-de-Clases.jpg 313w\" sizes=\"auto, (max-width: 440px) 100vw, 440px\" \/><\/p>\n<p>&nbsp;<\/p>\n<p style=\"text-align: justify;\"><span style=\"font-size: 14pt;\">La informaci\u00f3n divulgada por el diario\u00a0<i>The Record<\/i>, informaci\u00f3n confirmada por el informe de la polic\u00eda, fue retomada por los sitios de investigaci\u00f3n como el Informe\u00a0<i><a class=\"spip_out\" href=\"http:\/\/www.waynemadsenreport.com\/\" target=\"_blank\" rel=\"noopener\" data-schema-attribute=\"\">Wayne Madsen Report<\/a><\/i>\u00a0(<em>14 de septiembre de 2005<\/em>) y\u00a0<i><a class=\"spip_out\" href=\"http:\/\/www.counterpunch.org\/\" target=\"_blank\" rel=\"noopener\" data-schema-attribute=\"\">Counterpunch<\/a><\/i>\u00a0(<em>7 febrero 2007<\/em>). Dicha informaci\u00f3n fue tambi\u00e9n utilizada por algunos grandes medios de comunicaci\u00f3n, pero de una manera que minimizaba su importancia: el\u00a0<i>New York Times<\/i>\u00a0(21 de noviembre 2001) omiti\u00f3 de mencionar la nacionalidad de las personas arrestadas, al igual que el canal\u00a0<a class=\"spip_out\" href=\"http:\/\/www.voltairenet.org\/article167063.html\" target=\"_blank\" rel=\"noopener\" data-schema-attribute=\"\"><i>Fox News<\/i><\/a>\u00a0y la agencia de noticias\u00a0<i><a class=\"spip_out\" href=\"http:\/\/www.ap.org\/\" target=\"_blank\" rel=\"noopener\" data-schema-attribute=\"\">Associated Press<\/a><\/i>. El diario\u00a0<i>Washington Post<\/i>\u00a0(<em>23 noviembre 2001<\/em>) aunque dijo que eran israel\u00edes no mencion\u00f3 nada acerca del conocimiento [<em>o implicaci\u00f3n<\/em>] que ten\u00edan estos israel\u00edes sobre los tr\u00e1gicos sucesos. En cambio, la revista\u00a0<i>The Forward<\/i>\u00a0(<em>15 de marzo 2002<\/em>), publicaci\u00f3n de la comunidad jud\u00eda de Nueva York, revel\u00f3, citando una fuente an\u00f3nima de la inteligencia de EE.UU., que<strong> la empresa de mudanzas\u00a0<i>Urban Moving Systems<\/i>\u00a0era la cobertura de una antena del Mosad<\/strong> (<em>hecho que no le impidi\u00f3 recibir un pr\u00e9stamo federal de 498,750 d\u00f3lares<\/em>), como lo demuestra los registros y archivos del impuesto y fisco estadounidense.<span class=\"spip_note_ref\">\u00a0<strong>[9]<\/strong><\/span><\/span><\/p>\n<p style=\"text-align: justify;\"><span style=\"font-size: 14pt;\">El <strong>FBI<\/strong> orden\u00f3 una investigaci\u00f3n sobre este caso, investigaci\u00f3n que qued\u00f3 plasmada en un informe de 579 p\u00e1ginas, investigaci\u00f3n parcialmente desclasificada en 2005 (<em>lo ser\u00e1 completamente en el a\u00f1o 2035<\/em>). El periodista independiente <strong>Hisham Hamza<\/strong> \u2014 que analiza este informe en detalle en su libro\u00a0<i>I<strong>srael y el 11 de septiembre: Un Gran Tab\u00fa<\/strong><\/i>\u00a0(<em>publicado en franc\u00e9s<\/em>)\u2014,<strong> demuestra de manera fehaciente y abrumadora, con una serie de elementos, la implicaci\u00f3n de los servicios secretos de Israel en los atentados del 11 de septiembre de 2001<\/strong>. En primer lugar, las fotos que se tomaron estos j\u00f3venes israel\u00edes muestran actitudes de celebraci\u00f3n y festejo delante de la Torre Norte en llamas:\u00a0<i>\u00abEst\u00e1n contentos y sonriendo, se abrazan y se dan palmadas en sus manos\u00bb<\/i>.<\/span><\/p>\n<p style=\"text-align: justify;\"><span style=\"font-size: 14pt;\">Para explicar este comportamiento, los sospechosos israel\u00edes dijeron [<em>a la polic\u00eda<\/em>] que estaban simplemente encantados de saber que\u00a0<i>\u00aben adelante los Estados Unidos deber\u00edan tomar dr\u00e1sticas medidas para luchar contra el terrorismo en el mundo\u00bb<\/i>\u00a0(<em>aunque en este momento preciso, la mayor\u00eda de la gente [y periodistas] pensaban que el avi\u00f3n estrellado en la primera Torre Gemela era un simple accidente de aviaci\u00f3n y no un acto de terrorismo<\/em>).<\/span><\/p>\n<p style=\"text-align: justify;\"><span style=\"font-size: 14pt;\">M\u00e1s grave a\u00fan, <strong>un testigo los vio posicionados ya a las 8:00 de la ma\u00f1ana, es decir mucho antes que el primer avi\u00f3n choque con la primera torre<\/strong>. Por otro lado, otros testigos certifican que <strong>ya estaban tomando fotos justo cinco minutos despu\u00e9s del primer\u00a0<i>crash<\/i>\u00a0a\u00e9reo con la torre<\/strong>, hecho confirmado al verificarse el contenido de sus c\u00e1maras fotogr\u00e1ficas y las fotos tomadas.<strong> Un ex empleado de la empresa de mudanzas\u00a0<i>Urban Moving Systems<\/i>\u00a0certific\u00f3 al FBI el ambiente fan\u00e1ticamente pro-israel\u00ed y anti-estadounidense que reinaba en dicha compa\u00f1\u00eda<\/strong>, repitiendo las palabras que \u00e9l escuch\u00f3 decir de la boca misma del director <strong>Dominik Otto Suter<\/strong>:\u00a0<i>\u00ab<strong>Dame veinte a\u00f1os y\u00a0<a class=\"spip_out\" href=\"http:\/\/www.voltairenet.org\/article154345.html\" target=\"_blank\" rel=\"noopener\" data-schema-attribute=\"\">nos ampararemos de sus medios de comunicaci\u00f3n<\/a>\u00a0y entonces destruiremos los EE.UU<\/strong>\u00bb<\/i>.<\/span><\/p>\n<p style=\"text-align: justify;\"><span style=\"font-size: 14pt;\"><strong>Los cinco israel\u00edes arrestados estaban en contacto con otra empresa de mudanzas llamada\u00a0<i>Classic International Movers<\/i>, cuatro empleados de esta otra compa\u00f1\u00eda de mudanzas fueron interrogados por separado por sus v\u00ednculos con los 19 presuntos piratas secuestradores de aviones implicados en los atentados del 11 de septiembre<\/strong>. Uno de los cuales hab\u00eda telefoneado a\u00a0<i>\u00abun individuo en Sudam\u00e9rica que ten\u00eda verdaderos v\u00ednculos con militantes isl\u00e1micos en el Medio Oriente\u00bb<\/i>.\u00a0Finalmente,\u00a0<i>\u00abun perro polic\u00eda, amaestrado para detectar con su olfato explosivos dio un <strong>resultado positivo de presencia de trazas de substancias explosivas en el veh\u00edculo de los israel\u00edes<\/strong>\u00bb<\/i>.<span class=\"spip_note_ref\">\u00a0<strong>[10]<\/strong><\/span><\/span><\/p>\n<p style=\"text-align: justify;\"><span style=\"font-size: 14pt;\">C\u00f3mo explica el investigador <strong>Hamza<\/strong>, la conclusi\u00f3n del informe nos deja pensativos y perplejos: el <strong>FBI<\/strong> informa a la Polic\u00eda local la cual detiene a los sospechosos de la camioneta,\u00a0<i>\u00abque el FBI no tenga m\u00e1s inter\u00e9s para investigar a estos detenidos israel\u00edes y decide iniciar el procedimiento para una salida del pa\u00eds [repatriados] por migraci\u00f3n com\u00fan y corriente\u00bb<\/i>.<span class=\"spip_note_ref\">\u00a0<strong>[11]<\/strong><\/span><\/span><\/p>\n<p style=\"text-align: justify;\"><span style=\"font-size: 14pt;\"><strong>Una carta del Servicio Federal de Inmigraci\u00f3n y Naturalizaci\u00f3n demuestra que la direcci\u00f3n del FBI hab\u00eda recomendado el cierre de esta investigaci\u00f3n ya desde el d\u00eda 24 de septiembre de 2001<\/strong>. Sin embargo, los cinco israel\u00edes pasaron 71 d\u00edas en prisi\u00f3n en Brooklyn, en la que se negaron a hablar, para pasar finalmente por<strong> el detector de mentiras que detect\u00f3 todas sus incoherencias sentenci\u00e1ndolos como notorios mentirosos<\/strong>. M\u00e1s tarde fueron expulsados bajo la \u00fanica acusaci\u00f3n de violaci\u00f3n de visado [<i>visa violations<\/i>].<\/span><\/p>\n<p>&nbsp;<\/p>\n<figure id=\"attachment_2289511\" aria-describedby=\"caption-attachment-2289511\" style=\"width: 480px\" class=\"wp-caption aligncenter\"><img loading=\"lazy\" decoding=\"async\" class=\"wp-image-2289511\" src=\"https:\/\/puntocritico.com\/ausajpuntocritico\/wp-content\/uploads\/2023\/10\/3-de-los-5-bailarines-israelies-en-laTV-300x201.png\" alt=\"\" width=\"480\" height=\"322\" data-id=\"2289511\" srcset=\"https:\/\/puntocritico.com\/ausajpuntocritico\/wp-content\/uploads\/2023\/10\/3-de-los-5-bailarines-israelies-en-laTV-300x201.png 300w, https:\/\/puntocritico.com\/ausajpuntocritico\/wp-content\/uploads\/2023\/10\/3-de-los-5-bailarines-israelies-en-laTV-768x515.png 768w, https:\/\/puntocritico.com\/ausajpuntocritico\/wp-content\/uploads\/2023\/10\/3-de-los-5-bailarines-israelies-en-laTV.png 806w\" sizes=\"auto, (max-width: 480px) 100vw, 480px\" \/><figcaption id=\"caption-attachment-2289511\" class=\"wp-caption-text\"><span style=\"color: #008000;\">Omer Marmari, Oded Ellner y Yaron Shmuel, tres de los cinco \u00abbailarines israel\u00edes\u00bb fueron invitados a testimoniar en una emisi\u00f3n TV hebrea cuando regresaron a Israel en noviembre de 2001. Negando ser miembros del Mosad, uno de ellos dijo con franqueza: \u00abNuestro objetivo era grabar el evento\u00bb<\/span><\/figcaption><\/figure>\n<p>&nbsp;<\/p>\n<p style=\"text-align: justify;\"><span style=\"font-size: 14pt;\">Finalmente, debemos mencionar un detalle importante de este caso, que puede proporcionar una explicaci\u00f3n adicional al exuberante y extra\u00f1o comportamiento de estos j\u00f3venes israel\u00edes: ciertos testigos indicaron en sus llamadas telef\u00f3nicas a la polic\u00eda, que los individuos [<em>sospechosos<\/em>] regocij\u00e1ndose [<em>de los atentados<\/em>] en el techo de su camioneta parec\u00edan ser \u00ab<em>\u00e1rabes<\/em>\u00bb o \u00ab<em>palestinos<\/em>\u00bb. En particular, poco despu\u00e9s del colapso de las torres, una llamada an\u00f3nima a la polic\u00eda de Jersey City, \u2013informa el mismo d\u00eda la cadena\u00a0<strong><i>NBC News<\/i>\u00a0<\/strong>que\u00a0<i>\u00abuna camioneta de color blanco con dos o tres tipos en el interior, que parecen ser como palestinos y ellos dan vueltas alrededor de un edificio\u00bb<\/i>\u00a0[<em>con su camioneta<\/em>], uno de ellos tiene una \u201c<em>pinta<\/em>\u201d\u00a0<i>\u00abmezcla o combina cosas y tiene esa vestimenta tipo \u2019jeque\u2019 \u00e1rabe. [&#8230;] S\u00ed, est\u00e1 vestido como un \u00e1rabe\u00bb<\/i>.<span class=\"spip_note_ref\">\u00a0<strong>[12]<\/strong><\/span><\/span><\/p>\n<p>&nbsp;<\/p>\n<p><iframe loading=\"lazy\" title=\"Our Purpose Was To Document The Event\" width=\"500\" height=\"375\" src=\"https:\/\/www.youtube.com\/embed\/RI5wTgEHNok?feature=oembed\" frameborder=\"0\" allow=\"accelerometer; autoplay; clipboard-write; encrypted-media; gyroscope; picture-in-picture; web-share\" referrerpolicy=\"strict-origin-when-cross-origin\" allowfullscreen><\/iframe><\/p>\n<p>&nbsp;<\/p>\n<p style=\"text-align: justify;\"><span style=\"font-size: 14pt;\"><strong>Todo apunta a creer que estas personas eran precisamente los cinco israel\u00edes arrestados m\u00e1s tarde. Dos hip\u00f3tesis me vienen a la mente<\/strong>: o bien nuestros falsos trabajadores de mudanzas estaban realmente implicados en una operaci\u00f3n para hacerse pasar por \u00e1rabes palestinos, \u2014la otra hip\u00f3tesis es\u2014 si el testigo que los describi\u00f3 como tales era un c\u00f3mplice de los israel\u00edes. En un caso c\u00f3mo en el otro, est\u00e1 claro que <strong>su objetivo era iniciar un rumor en los medios de comunicaci\u00f3n, para hacer hablar que se hab\u00edan visto a \u00e1rabes musulmanes que no s\u00f3lo estaban regocij\u00e1ndose de los atentados, sino que al mismo tiempo ten\u00edan conocimiento de lo que iba a pasar<\/strong>. Y esa versi\u00f3n fue transmitida en realidad en algunas radios desde el mediod\u00eda y en la\u00a0<i>NBC News<\/i>\u00a0en su emisi\u00f3n de la tarde.<\/span><\/p>\n<p style=\"text-align: justify;\"><span style=\"font-size: 14pt;\">Yo personalmente me inclino hacia la segunda hip\u00f3tesis (<em>informantes \/ falsos testigos c\u00f3mplices en lugar de verdadero disfraz \u00e1rabe<\/em>) debido a que el informe policial no indica ropa ex\u00f3tica encontrado en la camioneta, pero sobre todo porque el [<em>misterioso<\/em>] informador antes mencionado, insiste en ese detalle de la vestimenta, el de la ropa \u00e1rabe, y adem\u00e1s trat\u00f3 de enga\u00f1ar a la polic\u00eda d\u00e1ndole una falsa informaci\u00f3n de donde se encontraba efectivamente la camioneta; la cual fue interceptada porque la polic\u00eda no se content\u00f3 solamente de seguir la direcci\u00f3n que le fue dada por este testigo sino que bloqueo todos los puentes y t\u00faneles subterr\u00e1neos entre Nueva Jersey y Nueva York .<\/span><\/p>\n<p style=\"text-align: justify;\"><span style=\"font-size: 14pt;\"><strong>Pero lo m\u00e1s importante es esto: si los israel\u00edes no hubiesen sido detenidos al atardecer, esta historia probablemente se habr\u00eda transformado en algo sensacional y hubiese sido publicada en las primeras p\u00e1ginas de los diarios estadounidenses con el t\u00edtulo:\u00a0<i>The Dancing Arabs<\/i><\/strong>\u00a0(<em>El Baile de los \u00c1rabes<\/em>), es decir acusando directamente a los \u00e1rabes de los atentados del 11 de septiembre de 2001. <strong>En lugar de esto, la historia fue pasada bajo silencio y no circul\u00f3 que confidencialmente bajo el t\u00edtulo\u00a0<i>The dancing Israelis<\/i>, o\u00a0<i>The highfivers<\/i><\/strong>.<\/span><\/p>\n<p>&nbsp;<\/p>\n<figure id=\"attachment_2289458\" aria-describedby=\"caption-attachment-2289458\" style=\"width: 480px\" class=\"wp-caption aligncenter\"><img loading=\"lazy\" decoding=\"async\" class=\"wp-image-2289458\" src=\"https:\/\/puntocritico.com\/ausajpuntocritico\/wp-content\/uploads\/2023\/10\/E-Barak.jpg\" alt=\"\" width=\"480\" height=\"319\" data-id=\"2289458\" srcset=\"https:\/\/puntocritico.com\/ausajpuntocritico\/wp-content\/uploads\/2023\/10\/E-Barak.jpg 400w, https:\/\/puntocritico.com\/ausajpuntocritico\/wp-content\/uploads\/2023\/10\/E-Barak-300x200.jpg 300w\" sizes=\"auto, (max-width: 480px) 100vw, 480px\" \/><figcaption id=\"caption-attachment-2289458\" class=\"wp-caption-text\"><span style=\"color: #008000;\"><strong>Ehud Barak<\/strong>, ex jefe de la inteligencia militar israel\u00ed (Sayeret Matkal) fue Primer Ministro de Israel entre julio de 1999 y marzo de 2001. Sustituido por Ariel Sharon, se traslad\u00f3 entonces a los Estados Unidos como consultor de Electronic Data Systems y para SCP Partners, una empresa pantalla [cobertura] del Mosad especializada en temas de seguridad que conjuntamente con sus socios de Holdings Metallurg y Advanced Metallurgical, ten\u00edan la capacidad de producir nano-termita. SCP Partners ten\u00eda una oficina a tan s\u00f3lo 10 kil\u00f3metros de la empresa de mudanzas Urban Moving Systems. Tan solo una hora despu\u00e9s de la desintegraci\u00f3n de las torres, Ehud Barak aparece en las pantallas del canal BBC Mundo para se\u00f1alar a Bin Laden como el principal sospechoso (Bollyn, Solving 9\/11, p\u00e1ginas 278-280).<\/span><\/figcaption><\/figure>\n<p>&nbsp;<\/p>\n<h3 style=\"text-align: center;\"><span style=\"font-size: 18pt;\">200 esp\u00edas expertos en explosivos<\/span><\/h3>\n<p style=\"text-align: justify;\"><span style=\"font-size: 14pt;\">Pocas personas, incluso entre los investigadores de la <em>asociaci\u00f3n norteamericana 9\/11 Truthers<\/em>, conoc\u00edan esta historia de los \u00ab<strong><em>israel\u00edes bailarines<\/em><\/strong>\u00bb (<em>todav\u00eda estamos esperando, por ejemplo, que la\u00a0<a class=\"spip_out\" href=\"http:\/\/www.reopen911.info\/\" target=\"_blank\" rel=\"noopener\" data-schema-attribute=\"\">asociaci\u00f3n francesa Reopen 9\/11<\/a>\u00a0hable de esta historia en su sitio web franc\u00e9s, a pesar que son fuertes sobre el tema, \u2014tienen miedo que los acusen de\u00a0<a class=\"spip_out\" href=\"http:\/\/es.wikipedia.org\/wiki\/Antisemitismo\" rel=\"external noopener\" target=\"_blank\">antisemitas<\/a>, sin embargo es algo que no tiene nada que ver con el tema del 11\/S \u2014<\/em>). <strong>Pocas personas saben tambi\u00e9n que en el momento de los ataques del 11 de septiembre de 2001, la polic\u00eda federal de los EEUU estaba muy ocupada desmantelando la mayor red de espionaje israel\u00ed identificada y operando en territorio estadounidense<\/strong>.<\/span><\/p>\n<p style=\"text-align: justify;\"><span style=\"font-size: 14pt;\">En marzo de 2001, el\u00a0<a class=\"spip_out\" href=\"http:\/\/www.ncix.gov\/\" target=\"_blank\" rel=\"noopener\" data-schema-attribute=\"\"><i>National Counter Intelligence Center<\/i><\/a> (<strong>NCIC<\/strong>) public\u00f3 este mensaje en su sitio web: <i>\u00abDurante las \u00faltimas seis semanas, empleados de las oficinas federales ubicadas en diferentes lugares de los Estados Unidos han informado acerca de actividades sospechosas relacionadas con individuos que se presentan como siendo estudiantes extranjeros vendiendo o encargados de entregar obras de arte\u00bb<\/i>. El <strong>NCIC<\/strong> indica que estas personas son ciudadanos de Israel,\u00a0<i>\u00abtambi\u00e9n se han presentando a los domicilios privados de los funcionarios federales con el pretexto de vender objetos de arte\u00bb<\/i>.<span class=\"spip_note_ref\">\u00a0<strong>[13]<\/strong><\/span><\/span><\/p>\n<p style=\"text-align: justify;\"><span style=\"font-size: 14pt;\">Luego, m\u00e1s tarde, en el verano, la\u00a0<a class=\"spip_out\" href=\"http:\/\/es.wikipedia.org\/wiki\/Drug_Enforcement_Administration\" target=\"_blank\" rel=\"noopener\" data-schema-attribute=\"\"><i>Drug Enforcement Agency<\/i><\/a>\u00a0(<strong>DEA<\/strong>) (<em>la Agencia de Control de Drogas en EEUU<\/em>), despu\u00e9s de haber estado bajo el acoso y hostigamiento de un gran n\u00famero de incidentes de este tipo, elabor\u00f3 un informe que fue publicado parcialmente por el diario\u00a0<i>Washington Post<\/i>\u00a0el 23 de noviembre de 2001 y por el diario franc\u00e9s\u00a0<i>Le Monde<\/i>\u00a0el 14 de marzo 2002, antes que dicho informe sea completamente accesible, en su totalidad, por la revista francesa\u00a0<i>Inteligencia Online<\/i>. <strong>Este informe nos dice que 140 israel\u00edes [esp\u00edas] han sido detenidos [en los EEUU] desde marzo de 2001<\/strong>. Sus edades son entre los 20 y 30 a\u00f1os, estos [esp\u00edas] est\u00e1n organizados en equipos de 4 a 8 miembros, estos agentes visitaron por lo menos\u00a0<i>\u00ab36 dependencias sensibles del Departamento de Defensa\u00bb<\/i>. Muchos de ellos fueron identificados como miembros del\u00a0<a class=\"spip_out\" href=\"http:\/\/es.wikipedia.org\/wiki\/Mosad\" target=\"_blank\" rel=\"noopener\" data-schema-attribute=\"\">Mosad<\/a>\u00a0y del\u00a0<a class=\"spip_out\" href=\"http:\/\/es.wikipedia.org\/wiki\/Aman_(Israel)\" target=\"_blank\" rel=\"noopener\" data-schema-attribute=\"\">Aman<\/a>\u00a0(<em>la inteligencia militar israel\u00ed<\/em>), <strong>y seis de [los esp\u00edas] ten\u00edan en su posesi\u00f3n tel\u00e9fonos celulares que hab\u00edan sido comprados [pagados] por un ex-vice c\u00f3nsul israel\u00ed trabajando en los EEUU<\/strong>. <\/span><\/p>\n<p style=\"text-align: justify;\"><span style=\"font-size: 14pt;\"><strong>Despu\u00e9s del 11 de septiembre 2001, sesenta otros esp\u00edas israel\u00edes fueron capturados, llegando a un total de 200 el n\u00famero de esp\u00edas israel\u00edes detenidos por los EEUU<\/strong>. Al final, todos fueron puestos en libertad. El <strong>informe de la DEA<\/strong> lleg\u00f3 a la conclusi\u00f3n que\u00a0<i>\u00abel comportamiento y conducta de estos individuos [&#8230;] nos lleva a pensar que sus acciones tienen que ver con una tarea de recopilaci\u00f3n de datos o de informaci\u00f3n de inteligencia\u00bb<\/i>.<span class=\"spip_note_ref\">\u00a0<strong>[14]<\/strong><\/span>\u00a0Pero la naturaleza exacta de dicha informaci\u00f3n recopilada se desconoce.<\/span><\/p>\n<p style=\"text-align: justify;\"><span style=\"font-size: 14pt;\">Puede ser tambi\u00e9n que su espionaje exhibido haya sido solamente una especie de cobertura \u2014una apariencia deliberada para disimular algo m\u00e1s profundo\u2014, estos supuestos\u00a0<i>Israeli art students<\/i>\u00a0(\u00ab<em>estudiantes israel\u00edes de bellas artes<\/em>\u00bb), si tomamos en cuenta que <strong>varios de ellos han recibido una instrucci\u00f3n militar como la demolici\u00f3n controlada \/ experto en artefactos y explosivos, ingeniero en combate electr\u00f3nico, experto en desactivaci\u00f3n de bombas, operador radio de intercepci\u00f3n \/ activaci\u00f3n de se\u00f1ales electr\u00f3nicas<\/strong>, seg\u00fan las conclusiones de la <strong>DEA<\/strong>. Uno de los esp\u00edas israel\u00edes detenidos, <strong>Peer<\/strong> <strong>Segalovitz<\/strong>,\u00a0<i>\u00ab<strong>reconoci\u00f3 que \u00e9l era capaz de hacer explotar y demoler con bombas a edificios, puentes, autos y todo lo que quer\u00eda<\/strong>\u00bb<\/i>.<span class=\"spip_note_ref\">\u00a0<strong>[15]<\/strong><\/span><\/span><\/p>\n<p style=\"text-align: justify;\"><span style=\"font-size: 14pt;\"><strong>\u00bfPor qu\u00e9 estos agentes esp\u00edas israel\u00edes habr\u00edan hecho diversi\u00f3n sobre su verdadera misi\u00f3n haciendo una campa\u00f1a de espionaje tan ostentosa que improductiva, y curiosamente acosando y centrada en la\u00a0<a class=\"spip_out\" href=\"http:\/\/es.wikipedia.org\/wiki\/Drug_Enforcement_Administration\" target=\"_blank\" rel=\"noopener\" data-schema-attribute=\"\"><i>Drug Enforcement Agency<\/i><\/a> (DEA)? <\/strong><\/span><\/p>\n<p style=\"text-align: justify;\"><span style=\"font-size: 14pt;\">La respuesta a esta pregunta la podemos encontrar por un v\u00ednculo perturbador y sorprendente, que <strong>tiene que ver m\u00e1s con un aspecto geogr\u00e1fico, aspecto que va conectar a esta red de esp\u00edas israel\u00edes con los atentados del 11 de septiembre de 2001<\/strong>.<\/span><\/p>\n<p>&nbsp;<\/p>\n<figure id=\"attachment_2289459\" aria-describedby=\"caption-attachment-2289459\" style=\"width: 480px\" class=\"wp-caption aligncenter\"><img loading=\"lazy\" decoding=\"async\" class=\"wp-image-2289459\" src=\"https:\/\/puntocritico.com\/ausajpuntocritico\/wp-content\/uploads\/2023\/10\/M-Chertoff.jpg\" alt=\"\" width=\"480\" height=\"362\" data-id=\"2289459\" srcset=\"https:\/\/puntocritico.com\/ausajpuntocritico\/wp-content\/uploads\/2023\/10\/M-Chertoff.jpg 390w, https:\/\/puntocritico.com\/ausajpuntocritico\/wp-content\/uploads\/2023\/10\/M-Chertoff-300x226.jpg 300w, https:\/\/puntocritico.com\/ausajpuntocritico\/wp-content\/uploads\/2023\/10\/M-Chertoff-326x245.jpg 326w, https:\/\/puntocritico.com\/ausajpuntocritico\/wp-content\/uploads\/2023\/10\/M-Chertoff-80x60.jpg 80w\" sizes=\"auto, (max-width: 480px) 100vw, 480px\" \/><figcaption id=\"caption-attachment-2289459\" class=\"wp-caption-text\"><span style=\"color: #008000;\"><strong>Michael Chertoff<\/strong>, un ciudadano israel\u00ed-estadounidense, hijo de un rabino ortodoxo y de una fundadora del Mosad. Michael Chertoff dirigi\u00f3 la Divisi\u00f3n Criminal del Departamento de Justicia [de EEUU] en 2001 [administraci\u00f3n Bush], y con ese m\u00e1ximo cargo, fue responsable de la retenci\u00f3n y destrucci\u00f3n de todas las pruebas con respecto al 11 de septiembre 2001 \u2014sean estas las grabaciones de las c\u00e1maras de seguridad que rodean al edificio del Pent\u00e1gono o con respecto a las vigas de acero del World Trade Center [es decir, si se hubiesen conservado las vigas de acero del WTC despu\u00e9s de su destrucci\u00f3n, se hubiese podido determinar cient\u00edficamente si estas hab\u00edan cortadas por la acci\u00f3n de la termita, explosivo para la demolici\u00f3n de edificios]. Es tambi\u00e9n gracias a \u00e9l que los \u00abbailarines israel\u00edes\u00bb pudieron salir de los EEUU sin mayor acusaci\u00f3n y de manera discreta. En 2003, fue nombrado para encabezar el nuevo Department of Homeland Security (Departamento de Seguridad Nacional) \u00f3rgano encargado de la lucha contra-terrorismo en el territorio de EE.UU., puesto que le permite a la vez controlar la disidencia interna [protestas y ciudadanos que reclaman que se respeto la Constituci\u00f3n], por otro lado restringe el acceso al archivo estatal del 11 de septiembre a todo curioso que se interroga de las cosas anormales e inexplicables que ocurrieron en esa fecha gracias a la ley Sensitive Security Information.<\/span><\/figcaption><\/figure>\n<p>&nbsp;<\/p>\n<p style=\"text-align: justify;\"><span style=\"font-size: 14pt;\">Seg\u00fan el informe de la <strong>DEA<\/strong>, \u00ab<em>La localidad de Hollywood en Florida [cuidado no confundir con Hollywood, ciudad del cine en California] parece ser el punto central y de atracci\u00f3n de estos agentes<\/em>\u00bb<strong><span class=\"spip_note_ref\">\u00a0[16]<\/span><\/strong>. <strong>De hecho, m\u00e1s de treinta de estos falsos estudiantes-esp\u00edas israel\u00edes detenidos poco antes del 11 de septiembre 2001 viv\u00edan en Hollywood o cerca de este pueblo en Florida, curiosamente en el mismo lugar donde se hab\u00edan reunido 15 de los 19 futuros y presuntos secuestradores piratas isl\u00e1micos de los aviones que se estrellaron contra las Torres Gemelas (9 israel\u00edes viv\u00edan en Hollywood y 6 muy cerca de este pueblo)<\/strong>. Uno de ellos, llamado <strong>Hanan Serfaty<\/strong>, por cuya cuenta bancaria transit\u00f3 por lo menos 100,000 d\u00f3lares en tres meses, hab\u00eda alquilado dos apartamentos en Hollywood, uno cerqu\u00edsima del apartamento alquilado por\u00a0<a class=\"spip_out\" href=\"http:\/\/es.wikipedia.org\/wiki\/Mohamed_Atta\" target=\"_blank\" rel=\"noopener\" data-schema-attribute=\"\">Mohamed Atta<\/a>\u00a0y de su buz\u00f3n postal en la Oficina de Correos del pueblo. No olvidar que\u00a0<a class=\"spip_out\" href=\"http:\/\/www.voltairenet.org\/article120701.html\" target=\"_blank\" rel=\"noopener\" data-schema-attribute=\"\">Mohammed Atta fue presentado por Washington<\/a>\u00a0como siendo el l\u00edder de la banda de piratas a\u00e9reos suicidas, que se inmolaron en las Torres Gemelas.<\/span><\/p>\n<p style=\"text-align: justify;\"><span style=\"font-size: 14pt;\"><strong>La interrogante es: \u00bfcu\u00e1l es la relaci\u00f3n entre estos \u201c<em>esp\u00edas israel\u00edes<\/em>\u201d y los \u201c<em>terroristas isl\u00e1micos?<\/em>\u201d<\/strong><\/span><\/p>\n<p style=\"text-align: justify;\"><span style=\"font-size: 14pt;\">Seg\u00fan la explicaci\u00f3n difundida en apuros por los medios de comunicaci\u00f3n alineados con la versi\u00f3n oficial de Washington, dec\u00eda que los primeros s\u00f3lo hac\u00edan que vigilar a los segundos. Escuchemos por ejemplo al conocido periodista franc\u00e9s <strong>David Pujadas<\/strong><em> [el periodista en Francia que el gobierno siempre promueve en primera l\u00ednea en el combate medi\u00e1tico]<\/em>. <strong>Pujadas<\/strong> en el noticiero del 5 de marzo de 2002 del <strong>canal de televisi\u00f3n estatal France 2<\/strong>, al momento de comentar la informaci\u00f3n publicada por\u00a0<i>Intelligence Online<\/i>\u00a0dice:\u00a0<\/span><\/p>\n<blockquote>\n<p style=\"text-align: justify;\"><strong><span style=\"font-size: 14pt; color: #008000;\"><i>\u00abOtra vez, se trata de Israel, pero concerniente al Afganist\u00e1n ahora, este caso de espionaje que perturba: una red israel\u00ed ha sido desmantelada en los Estados Unidos, m\u00e1s exactamente en Florida: una de sus misiones habr\u00eda sido hacer un seguimiento de los hombres de Al Qaida (esto era antes del 11 de septiembre). Algunas fuentes van m\u00e1s lejos: indicando que el Mosad no habr\u00eda proporcionado toda la informaci\u00f3n que reten\u00eda en su poder\u00bb<\/i>.<\/span><\/strong><\/p>\n<\/blockquote>\n<p>&nbsp;<\/p>\n<p style=\"text-align: justify;\"><span style=\"font-size: 14pt;\">Esta explicaci\u00f3n eufem\u00edstica<span class=\"spip_note_ref\">\u00a0<strong>[17]<\/strong><\/span>\u00a0es un buen ejemplo del<strong>\u00a0<i>damage control<\/i><\/strong>\u00a0(<em><strong>controlando los da\u00f1os medi\u00e1ticos, es decir tratar de contrarrestar el impacto \u2014en la sociedad civil\u2014 de una verdadera informaci\u00f3n que no debi\u00f3 ser dada a conocer con la desinformaci\u00f3n, para proteger u ocultar lo que se quiere<\/strong><\/em>). La imagen de Israel apenas sale manchada en esta historia, ya que no podemos culpar a un servicio de espionaje por no compartir su informaci\u00f3n secreta. <strong>En el peor de los casos s\u00f3lo se puede acusar a Israel de dejar o \u00ab<em>permitir que suceda<\/em>\u00bb, situaci\u00f3n que garantiza su impunidad<\/strong>. As\u00ed se explica, en mi opini\u00f3n, la actuaci\u00f3n de los esp\u00edas israel\u00edes encubiertos de falsos estudiantes, pero en realidad expertos en ataques de\u00a0<a class=\"spip_out\" href=\"http:\/\/es.wikipedia.org\/wiki\/Operaci%C3%B3n_de_bandera_falsa\" target=\"_blank\" rel=\"noopener\" data-schema-attribute=\"\">bandera falsa<\/a>. De hecho, su cobertura voluntariamente grosera y poco disimulada de estudiantes, estaba destinada \u2014a prop\u00f3sito\u2014 a llamar la atenci\u00f3n de esp\u00edas implicados con el arte, para as\u00ed esconder su segunda cobertura, aquella para la cual estaban trabajando de verdad, es decir su complicidad y entorno con los supuestos piratas isl\u00e1micos secuestradores de aviones. <strong>La primera serv\u00eda de cobertura a la segunda<\/strong>.<\/span><\/p>\n<p>&nbsp;<\/p>\n<blockquote>\n<p style=\"text-align: center;\"><span style=\"font-size: 14pt; color: #008000;\"><strong>\u00bfPor qu\u00e9 el \u201cperiodista\u201d Pujadas presentador TV en el noticiero del canal France 2, (promovido a este importante puesto medi\u00e1tico s\u00f3lo una semana antes de los atentados del 11 de septiembre), (\u2026) por qu\u00e9 Pujadas menciona el Afganist\u00e1n, que no tiene nada que ver con la informaci\u00f3n que va a desarrollar en el telediario? El lapsus s\u00f3lo puede ser voluntario e ilustra bien \u00abel gran tab\u00fa\u00bb, que el investigador Hicham Hamza habla en su libro: nunca mencionar el 11 de septiembre e Israel en la misma frase.<\/strong><\/span><\/p>\n<\/blockquote>\n<p>&nbsp;<\/p>\n<p style=\"text-align: justify;\"><span style=\"font-size: 14pt;\">La verdad es que probablemente no estaban espiando a los piratas isl\u00e1micos implicados \u00aboficialmente por Washington\u00bb en los atentados, sino m\u00e1s bien\u00a0<a class=\"spip_out\" href=\"http:\/\/www.voltairenet.org\/article131278.html\" target=\"_blank\" rel=\"noopener\" data-schema-attribute=\"\">los manipulaban, los financiaban, y probablemente los eliminaron finalmente poco antes del 11 de septiembre 2001<\/a>. Un art\u00edculo en el\u00a0<i>New York Times<\/i>\u00a0del 18 de febrero 2009 revel\u00f3 que\u00a0<a class=\"spip_out\" href=\"http:\/\/en.wikipedia.org\/wiki\/Ali_al-Jarrah\" target=\"_blank\" rel=\"noopener\" data-schema-attribute=\"\">Ali al-Jarrah<\/a>, primo de\u00a0<a class=\"spip_out\" href=\"http:\/\/es.wikipedia.org\/wiki\/Ziad_Jarrah\" target=\"_blank\" rel=\"noopener\" data-schema-attribute=\"\">Ziad al-Jarrah<\/a>\u00a0(<em>uno de los supuestos piratas que secuestraron el vuelo UA93<\/em>) fue durante 25 a\u00f1os un esp\u00eda colaborador informador del <strong>Mosad<\/strong>, infiltrado en la resistencia palestina y en el <strong>Hezbollah<\/strong> liban\u00e9s desde 1983. Actualmente se encuentra en prisi\u00f3n en el L\u00edbano. Recordemos tambi\u00e9n\u00a0<a class=\"spip_out\" href=\"http:\/\/www.elmundo.es\/encuentros\/invitados\/2003\/12\/918\/\" rel=\"external noopener\" target=\"_blank\">que el Mohamed Atta de Florida<\/a>\u00a0[<em>\u00e9l que estudi\u00f3 para piloto<\/em>] era uno falso. El verdadero <strong>Mohamed Atta<\/strong>, quien telefone\u00f3 a su padre al d\u00eda siguiente de los ataques (<em>como lo confirm\u00f3 <strong>Ziad al-Jarrah<\/strong> a la revista alemana\u00a0Bild am Sonntag\u00a0a finales del a\u00f1o 2002<\/em>), es descrito por su familia como reservado, piadoso, evitando las mujeres y teniendo miedo de viajar en avi\u00f3n.<\/span><\/p>\n<p>&nbsp;<\/p>\n<blockquote>\n<p style=\"text-align: center;\"><span style=\"font-size: 14pt;\"><strong><span style=\"color: #008000;\">Un art\u00edculo en el\u00a0<i>New York Times<\/i>\u00a0del 18 de febrero 2009 revel\u00f3 que\u00a0<a class=\"spip_out\" style=\"color: #008000;\" href=\"http:\/\/en.wikipedia.org\/wiki\/Ali_al-Jarrah\" target=\"_blank\" rel=\"noopener\" data-schema-attribute=\"\">Ali al-Jarrah<\/a>, primo de\u00a0<a class=\"spip_out\" style=\"color: #008000;\" href=\"http:\/\/es.wikipedia.org\/wiki\/Ziad_Jarrah\" target=\"_blank\" rel=\"noopener\" data-schema-attribute=\"\">Ziad al-Jarrah<\/a>\u00a0(<em>uno de los supuestos piratas que secuestraron el vuelo UA93<\/em>) fue durante 25 a\u00f1os un esp\u00eda colaborador informador del Mosad, infiltrado en la resistencia palestina y en el Hezbollah liban\u00e9s desde 1983<\/span><\/strong><\/span><\/p>\n<\/blockquote>\n<p>&nbsp;<\/p>\n<p style=\"text-align: justify;\"><span style=\"font-size: 14pt;\">Le hab\u00edan robado su pasaporte en 1999, mientras estudiaba arquitectura en Hamburgo [<em>Alemania<\/em>]. <strong>El falso Mohamed Atta de Florida viv\u00eda con una bailarina de striptease, com\u00eda carne de cerdo, le gustaba los coches de lujo y de sport, los casinos y la coca\u00edna<\/strong>. Seg\u00fan inform\u00f3 el diario\u00a0<i>South Florida Sun-Sentinel<\/i>\u00a0el 16 de septiembre 2001 (bajo el titular: \u00ab<em>Suspects\u2019 Actions Don\u2019t Add Up<\/em>\u00bb (\u00ab<em>El comportamiento de los sospechosos no concuerdan con la versi\u00f3n oficial<\/em>\u00bb), informaci\u00f3n confirmada por muchos peri\u00f3dicos regionales [de EEUU], ese <strong>Atta<\/strong> es un notorio borracho, drogadicto y paga los servicios de varias prostitutas a la semana. D\u00edas antes de los ataques del 11 de septiembre 2001, el falso <strong>Atta<\/strong>, y cuatro otros piratas suicidas tuvieron un comportamiento similar, algo incompatible con el comportamiento de fan\u00e1ticos religiosos isl\u00e1micos prepar\u00e1ndose para inmolarse.<span class=\"spip_note_ref\">\u00a0<strong>[18]<\/strong><\/span><\/span><\/p>\n<p>&nbsp;<\/p>\n<h3 style=\"text-align: center;\" align=\"center\"><span style=\"font-size: 18.0pt;\">La conexi\u00f3n en New York<\/span><\/h3>\n<p style=\"text-align: justify;\"><span style=\"font-size: 14pt;\">Seg\u00fan explica el ex -esp\u00eda<strong>\u00a0<a class=\"spip_out\" href=\"http:\/\/en.wikipedia.org\/wiki\/Victor_Ostrovsky\" target=\"_blank\" rel=\"noopener\" data-schema-attribute=\"\">Victor Ostrovsky<\/a><\/strong>, renegado del <strong>Mosad<\/strong> (<em>quien escribi\u00f3 el ensayo\u00a0<a class=\"spip_out\" href=\"http:\/\/www.amazon.fr\/By-Way-Deception-Making-Officer\/dp\/0971759502\" target=\"_blank\" rel=\"noopener\" data-schema-attribute=\"\">By Way of Deception<\/a>, 1990<\/em>), <strong>Ostrovsky<\/strong> afirma que el <strong>Mosad<\/strong> saca ventaja y eficacia en el espionaje gracias a su\u00a0<a class=\"spip_out\" href=\"http:\/\/www.voltairenet.org\/article173893.html\" target=\"_blank\" rel=\"noopener\" data-schema-attribute=\"\">red de\u00a0<i>sayanim<\/i>\u00a0(colaboradores)<\/a>, t\u00e9rmino en hebreo que designa a <strong>los jud\u00edos que viven fuera de Israel y que est\u00e1n dispuestos a realizar acciones ilegales [<em>si Israel se los pide<\/em>], sin necesariamente saber la finalidad<\/strong>. Se puede contar miles de miles de\u00a0<a class=\"spip_out\" href=\"http:\/\/es.wikipedia.org\/wiki\/Sayanim\" target=\"_blank\" rel=\"noopener\" data-schema-attribute=\"\"><i>sayanim<\/i><\/a>\u00a0en los USA, particularmente en la regi\u00f3n de Nueva York, donde se concentra la comunidad jud\u00eda de EEUU.<\/span><\/p>\n<p style=\"text-align: justify;\"><span style=\"font-size: 14pt;\"><strong><a class=\"spip_out\" href=\"http:\/\/en.wikipedia.org\/wiki\/Larry_Silverstein\" target=\"_blank\" rel=\"noopener\" data-schema-attribute=\"\">Larry Silverstein<\/a>, titular del contrato de alquiler [<em>arrendamiento<\/em>] de las Torres Gemelas [curiosamente] desde abril de 2001, aparece como el prototipo perfecto de\u00a0<i>sayanim<\/i> del 11 de septiembre<\/strong>. <\/span><\/p>\n<p style=\"text-align: justify;\"><span style=\"font-size: 14pt;\"><strong>Larry Silverstein<\/strong> es un destacado miembro de la\u00a0<a class=\"spip_out\" href=\"http:\/\/www.ujafedny.org\/\" target=\"_blank\" rel=\"noopener\" data-schema-attribute=\"\">Jewish Appeal Federation of Jewish Philanthropies<\/a>\u00a0of New York (<em>Asociaci\u00f3n de filantrop\u00eda de jud\u00edos de Nueva York<\/em>), <strong>el mayor recaudador de fondos en territorio estadounidense para Israel<\/strong> (<em>despu\u00e9s del gobierno de EEUU, quien contribuye anualmente con tres mil millones de d\u00f3lares de ayuda financiera y militar a Israel<\/em>). <strong>Silverstein<\/strong> era tambi\u00e9n, en el momento de los ataques a\u00e9reos del 11 de septiembre 2001, un amigo \u00edntimo de\u00a0<a class=\"spip_out\" href=\"http:\/\/es.wikipedia.org\/wiki\/Ariel_Shar%C3%B3n\" target=\"_blank\" rel=\"noopener\" data-schema-attribute=\"\">Ariel Sharon<\/a>\u00a0(y de\u00a0<a class=\"spip_out\" href=\"http:\/\/www.voltairenet.org\/mot121111.html?lang=es\" target=\"_blank\" rel=\"noopener\" data-schema-attribute=\"\">Benjamin Netanyahu<\/a>), con quien est\u00e1 en conversaci\u00f3n telef\u00f3nica todos los domingos, seg\u00fan el diario israel\u00ed\u00a0<a class=\"spip_out\" href=\"http:\/\/www.haaretz.com\/\" target=\"_blank\" rel=\"noopener\" data-schema-attribute=\"\"><i>Haaretz<\/i><\/a>.<\/span><\/p>\n<p style=\"text-align: justify;\"><span style=\"font-size: 14pt;\">El socio de Silverstein en el contrato de arrendamiento [<em>alquiler<\/em>] de los locales adyacentes al <strong>World Trade Center (WTC)<\/strong>, en lo que concierne a los locales comerciales de las galer\u00edas subterr\u00e1neas de las torres gemelas no era otro que <strong>Frank Lowy<\/strong>, sionista \u00ab<em>fil\u00e1ntropo<\/em>\u00bb cercano a <strong>Ehud Barak <\/strong>y <strong><a class=\"spip_out\" href=\"http:\/\/www.voltairenet.org\/article146348.html\" rel=\"external noopener\" target=\"_blank\">Ehud Olmert<\/a><\/strong>, antiguo miembro de la\u00a0<a class=\"spip_out\" href=\"http:\/\/es.wikipedia.org\/wiki\/Hagan%C3%A1\" target=\"_blank\" rel=\"noopener\" data-schema-attribute=\"\">Haganh<\/a>. Por otro lado, <strong>el jefe de la New York Port Authority, que privatiz\u00f3 el WTC y que otorg\u00f3 el contrato de arrendamiento a Silverstein y Lowy era Lewis Eisenberg, un miembro de la\u00a0<i>United Jewish Appeal Federation<\/i>\u00a0y ex vice presidente de\u00a0<a class=\"spip_out\" href=\"http:\/\/www.voltairenet.org\/mot120921.html?lang=es\" target=\"_blank\" rel=\"noopener\" data-schema-attribute=\"\">movimiento sionista AIPAC<\/a><\/strong>. <strong>Silverstein<\/strong>, <strong>Lowy<\/strong> y <strong>Eisenberg<\/strong> son sin duda alguna tres hombres claves en la planificaci\u00f3n de los atentados contra las Torres Gemelas de New York.<\/span><\/p>\n<p>&nbsp;<\/p>\n<figure id=\"attachment_2289460\" aria-describedby=\"caption-attachment-2289460\" style=\"width: 480px\" class=\"wp-caption aligncenter\"><img loading=\"lazy\" decoding=\"async\" class=\"wp-image-2289460\" src=\"https:\/\/puntocritico.com\/ausajpuntocritico\/wp-content\/uploads\/2023\/10\/Larry-Silverstein-Twin-Towers-owner-300x184.png\" alt=\"\" width=\"480\" height=\"295\" data-id=\"2289460\" srcset=\"https:\/\/puntocritico.com\/ausajpuntocritico\/wp-content\/uploads\/2023\/10\/Larry-Silverstein-Twin-Towers-owner-300x184.png 300w, https:\/\/puntocritico.com\/ausajpuntocritico\/wp-content\/uploads\/2023\/10\/Larry-Silverstein-Twin-Towers-owner.png 647w\" sizes=\"auto, (max-width: 480px) 100vw, 480px\" \/><figcaption id=\"caption-attachment-2289460\" class=\"wp-caption-text\"><span style=\"color: #008000;\">\u00a1Suertudo Larry! Todas las ma\u00f1anas, sin excepci\u00f3n,<strong> Larry Silverstein<\/strong> tomaba su desayuno en la cafeter\u00eda del restaurante Windows ubicado en el piso m\u00e1s alto de la torre norte del WTC. Pero en la ma\u00f1ana del 11 de septiembre 2001, Larry no fue ese d\u00eda, ten\u00eda excepcionalmente una cita con el dermat\u00f3logo.<\/span><\/figcaption><\/figure>\n<p>&nbsp;<\/p>\n<p style=\"text-align: justify;\"><span style=\"font-size: 14pt;\"><strong>Otros miembros de esta red en Nueva York pueden ser identificados<\/strong>. De acuerdo con el informe del\u00a0<a class=\"spip_out\" href=\"http:\/\/www.nist.gov\/index.html\" target=\"_blank\" rel=\"noopener\" data-schema-attribute=\"\">NIST<\/a>, el Boeing que se encastr\u00f3 en la torre norte \u201c<em>hizo un corte de m\u00e1s de la mitad del ancho del edificio y de alto iba del piso 93 al piso 99<\/em>\u00ab. Todas estas plantas estaban ocupadas por la compa\u00f1\u00eda <strong>Marsh &amp; McLennan<\/strong>, una compa\u00f1\u00eda internacional de seguros, que tambi\u00e9n ten\u00eda sus oficinas en el piso n\u00famero 100 del WTC.<span class=\"spip_note_ref\">\u00a0<strong>[19]<\/strong><\/span><strong>\u00a0El Director ejecutivo de Marsh &amp; McLennan era en esa entonces\u00a0<a class=\"spip_out\" href=\"http:\/\/en.wikipedia.org\/wiki\/Jeffrey_W._Greenberg\" target=\"_blank\" rel=\"noopener\" data-schema-attribute=\"\">Jeffrey Greenberg<\/a>, miembro de una multimillonaria familia jud\u00eda que contribuy\u00f3 financieramente y en gran medida a la campa\u00f1a presidencial para la elecci\u00f3n de George W. Bush<\/strong>.<\/span><\/p>\n<p style=\"text-align: justify;\"><span style=\"font-size: 14pt;\">Los <strong>Greenberg<\/strong> eran tambi\u00e9n <strong>los reaseguradores [<em>en caso de cat\u00e1strofe<\/em>] de las torres gemelas, pero el 24 de julio de 2001 tomaron la sab\u00eda precauci\u00f3n, de delegar las funciones de reaseguradores [<em>es decir sus responsabilidades a pagar en caso de cat\u00e1strofe<\/em>] otorgando as\u00ed a sus competidores<\/strong> [<em>rivales en el mercado de los seguros<\/em>] la funci\u00f3n de nuevos reaseguradores del <strong>WTC<\/strong>, los cuales se vieron con la costosa tarea de indemnizar millonariamente a <strong>Silverstein<\/strong> y <strong>Lowy<\/strong> despu\u00e9s del 11 de septiembre. Y como el mundo de los neoconservadores es peque\u00f1o, en noviembre del a\u00f1o 2000, el C<strong>onsejo de Administraci\u00f3n de Marsh &amp; McLennan<\/strong> dio la bienvenida a\u00a0<a class=\"spip_out\" href=\"http:\/\/www.voltairenet.org\/article120572.html\" target=\"_blank\" rel=\"noopener\" data-schema-attribute=\"\"><strong>Paul Bremer<\/strong><\/a>, [<em>quien ser\u00eda m\u00e1s tarde<\/em>] presidente de la\u00a0<strong><i>National Commission on Terrorism<\/i>\u00a0<\/strong>(<em>Comisi\u00f3n Nacional contra el Terrorismo<\/em>) en el momento de los ataques a las torres gemelas, y posteriormente nombrado en 2003 como m\u00e1xima autoridad de la\u00a0<a class=\"spip_out\" href=\"http:\/\/es.wikipedia.org\/wiki\/Autoridad_Provisional_de_la_Coalici%C3%B3n\" target=\"_blank\" rel=\"noopener\" data-schema-attribute=\"\"><i>Coalition Provisional Authority<\/i><\/a>\u00a0(<em><strong>CPA<\/strong><\/em>) (<em>Autoridad Provisional de la Coalici\u00f3n<\/em>), es decir\u00a0<a class=\"spip_out\" href=\"http:\/\/www.voltairenet.org\/article124652.html\" target=\"_blank\" rel=\"noopener\" data-schema-attribute=\"\">la estructura que administra el Irak invadido por los EEUU<\/a>.<\/span><\/p>\n<p>&nbsp;<\/p>\n<figure id=\"attachment_2289461\" aria-describedby=\"caption-attachment-2289461\" style=\"width: 300px\" class=\"wp-caption aligncenter\"><img loading=\"lazy\" decoding=\"async\" class=\"size-full wp-image-2289461\" src=\"https:\/\/puntocritico.com\/ausajpuntocritico\/wp-content\/uploads\/2023\/10\/Paul-Bremer-III.jpg\" alt=\"\" width=\"300\" height=\"300\" data-id=\"2289461\" srcset=\"https:\/\/puntocritico.com\/ausajpuntocritico\/wp-content\/uploads\/2023\/10\/Paul-Bremer-III.jpg 300w, https:\/\/puntocritico.com\/ausajpuntocritico\/wp-content\/uploads\/2023\/10\/Paul-Bremer-III-150x150.jpg 150w\" sizes=\"auto, (max-width: 300px) 100vw, 300px\" \/><figcaption id=\"caption-attachment-2289461\" class=\"wp-caption-text\"><span style=\"color: #008000;\"><strong>Paul Bremer<\/strong> apareci\u00f3 en directo el 11 septiembre de 2001 en los estudios de la televisi\u00f3n NBC, donde se dirige al p\u00fablico. Paul Bremer habla tranquilo y relajado, mientras que 400 empleados de su compa\u00f1\u00eda son declarados desaparecidos en las torres gemelas (al final ser\u00e1n s\u00f3lo 295 los empleados fallecidos y m\u00e1s de 60 colaboradores muertos, seg\u00fan el conteo final y oficial entre las v\u00edctimas en lo que concierne \u00fanicamente a la compa\u00f1\u00eda Marsh &amp; McLennan).<\/span><\/figcaption><\/figure>\n<p>&nbsp;<\/p>\n<p style=\"text-align: justify;\"><span style=\"font-size: 14pt;\">La complicidad tambi\u00e9n puede ser buscada en los aeropuertos y las compa\u00f1\u00edas a\u00e9reas relacionadas con los sucesos del atentado. Los dos aeropuertos de donde despegaron los vuelos\u00a0<a class=\"spip_out\" href=\"http:\/\/es.wikipedia.org\/wiki\/Vuelo_11_de_American_Airlines\" target=\"_blank\" rel=\"noopener\" data-schema-attribute=\"\">AA11<\/a>,\u00a0<a class=\"spip_out\" href=\"http:\/\/es.wikipedia.org\/wiki\/Vuelo_175_de_United_Airlines\" target=\"_blank\" rel=\"noopener\" data-schema-attribute=\"\">UA175<\/a>\u00a0y\u00a0<a class=\"spip_out\" href=\"http:\/\/es.wikipedia.org\/wiki\/UA93\" target=\"_blank\" rel=\"noopener\" data-schema-attribute=\"\">UA93<\/a>\u00a0que terminar\u00edan estrell\u00e1ndose en las torres gemelas (<em>es decir el Aeropuerto Logan en Boston y el aeropuerto de Newark Liberty, cerca de Nueva York<\/em>) ambos aeropuertos encargan [<em>o delegan<\/em>] la seguridad del terminal a\u00e9reo a un subcontratista \u2014una agencia de servicios de seguridad\u2014 llamada <strong>International Consultants on Targeted Security (ICTS)<\/strong>, una <strong>empresa cuyos fondos y capital invertido para su creaci\u00f3n vienen de Israel<\/strong>. El presidente de dicha empresa era <strong>Menachem Atzmon<\/strong>, un tesorero del <strong>Likud<\/strong> [partido de extrema derecha en Israel]. Una investigaci\u00f3n a fondo, llevar\u00eda sin duda alguna a descubrir nuevas pistas y desenmascarar a otros c\u00f3mplices y complicidades.<\/span><\/p>\n<p style=\"text-align: justify;\"><span style=\"font-size: 14pt;\">La nueva investigaci\u00f3n se interesar\u00eda mucho por ejemplo en indagar acerca de\u00a0<a class=\"spip_out\" href=\"http:\/\/www.zim.com\/pages\/default.aspx\" target=\"_blank\" rel=\"noopener\" data-schema-attribute=\"\">Zim Israel Navigational<\/a>, una empresa gigante especializada en el transporte mar\u00edtimo, controlado al 48% por el estado de Israel (empresa conocida por servir ocasionalmente como tapadera a los servicios secretos israel\u00edes) y cuya sucursal en los Estados Unidos se encontraba curiosamente en las torres gemelas del WTC. <strong>Zim Israel Navigational y sus 200 empleados abandonaron sus oficinas en las torres gemelas el 04 de septiembre 2001, es decir solamente una semana antes de los ataques<\/strong> \u2014\u00a0<i>\u00abcomo por una bendici\u00f3n de Dios\u00bb<\/i>\u2014<span class=\"spip_note_ref\">\u00a0<strong>[20]<\/strong><\/span>, se\u00f1ala <strong>Shaul Cohen-Mintz<\/strong> director general de la empresa.<\/span><\/p>\n<p>&nbsp;<\/p>\n<p><iframe loading=\"lazy\" title=\"twin towers\" width=\"500\" height=\"375\" src=\"https:\/\/www.youtube.com\/embed\/RPuMwdbQ-jQ?feature=oembed\" frameborder=\"0\" allow=\"accelerometer; autoplay; clipboard-write; encrypted-media; gyroscope; picture-in-picture; web-share\" referrerpolicy=\"strict-origin-when-cross-origin\" allowfullscreen><\/iframe><\/p>\n<p>&nbsp;<\/p>\n<h3 style=\"text-align: center;\" align=\"center\"><span style=\"font-size: 18.0pt;\">\u00a1No es el petr\u00f3leo, est\u00fapido!<\/span><\/h3>\n<p style=\"text-align: justify;\"><span style=\"font-size: 14pt;\">Todos estos hechos dan un nuevo significado a las palabras de un miembro de la Comisi\u00f3n sobre el 11 de septiembre, el <strong>senador Bob Graham<\/strong>, que declar\u00f3 en una entrevista con la PBS en diciembre de 2002:\u00a0<i>\u00ab<strong>hay evidencias que [ciertos] gobiernos extranjeros han contribuido a facilitar las actividades de algunos de los terroristas en los Estados Unidos<\/strong>\u00bb<\/i>.<span class=\"spip_note_ref\">\u00a0<strong>[21]<\/strong><\/span><strong>\u00a0Graham<\/strong>, por supuesto se refer\u00eda a <em>Arabia Saudita<\/em>.<strong> \u00bfPor qu\u00e9 la familia Sa\u00fad habr\u00eda ayudado a Osama Bin Laden despu\u00e9s de haberle retirado su nacionalidad saud\u00ed y poner precio a su cabeza?<\/strong> [<em><strong>Osama<\/strong> era buscado en su pa\u00eds de origen por los ataques que hab\u00eda realizado en Arabia Saud\u00ed<\/em>].<\/span><\/p>\n<p style=\"text-align: justify;\"><span style=\"font-size: 14pt;\">La respuesta que da <strong>Graham<\/strong> como explicaci\u00f3n, formulada en julio de 2011, es la siguiente: \u00ab<em><strong>la amenaza de disturbios y levantamientos sociales contra la monarqu\u00eda reinante en Arabia Saudita, amenaza [y chantaje] de la parte de Al Qaida<\/strong><\/em>\u00bb.<span class=\"spip_note_ref\">\u00a0<strong>[22]<\/strong><\/span><\/span><\/p>\n<p style=\"text-align: justify;\"><span style=\"font-size: 14pt;\"><a class=\"spip_out\" href=\"http:\/\/www.voltairenet.org\/article169867.html\" target=\"_blank\" rel=\"noopener\" data-schema-attribute=\"\">Los <strong>Saud<\/strong><\/a> [<em>el actual rey gobernante en Arabia Saudita es de la familia <strong>Saud<\/strong><\/em>] habr\u00edan ayudado a <strong>Ben Laden<\/strong> a que realice los atentados del 11 de septiembre para \u00ab<em>pagar como cupo<\/em>\u00bb y \u00ab<em>salvarse<\/em>\u00bb de la amenaza formulada por <strong>Bin Laden<\/strong> de generar una revoluci\u00f3n en su reino y en su contra. Esta teor\u00eda es rid\u00edcula (<em>Graham, a falta de argumentos l\u00f3gicos desarrolla esta idea que la incluir\u00e1 en su novela<\/em>)<span class=\"spip_note_ref\">\u00a0<strong>[23]<\/strong><\/span>.<\/span><\/p>\n<p style=\"text-align: justify;\"><span style=\"font-size: 14pt;\"><strong>El argumento de Graham tiene un solo objetivo: desviar las sospechas contra el \u00fanico \u00abgobierno extranjero\u00bb cuyos v\u00ednculos reales y existentes con los presuntos terroristas son concretos y est\u00e1n demostrados, es decir Israel, para as\u00ed desviar las sospechas hacia Arabia Saudita<\/strong>, \u00fanico competidor [<em>geopol\u00edtico<\/em>] de Israel en la regi\u00f3n. <\/span><\/p>\n<p style=\"text-align: justify;\"><span style=\"font-size: 14pt;\">De manera similar \u2014pero esta vez es para morirse de risa\u2014, cuando se lee el resumen del libro\u00a0<i>La Guerre d\u2019apr\u00e8s<\/i>\u00a0(<em>La guerra despu\u00e9s<\/em>) (2003), del anti-\u00e1rabe-saud\u00ed y neoconservador <strong>Laurent<\/strong> <strong>Murawiec<\/strong>, quien escribe:<\/span><\/p>\n<blockquote>\n<p style=\"text-align: justify;\"><span style=\"font-size: 14pt;\"><strong><span style=\"color: #008000;\">\u201c<i>El poder mon\u00e1rquico en Arabia Saud\u00ed ha tenido \u00e9xito en los \u00faltimos a\u00f1os y ha logrado infiltrar agentes de influencia a los niveles m\u00e1s importantes de la administraci\u00f3n del gobierno de los EEUU, organizando un lobby intelectual eficaz que lo tiene a su sueldo, y que ahora controla varias prestigiosas universidades del pa\u00eds<\/i>\u201d.<span class=\"spip_note_ref\">\u00a0[24]<\/span><\/span><\/strong><\/span><\/p>\n<\/blockquote>\n<p>&nbsp;<\/p>\n<p style=\"text-align: justify;\"><span style=\"font-size: 14pt;\">Al afirmar que la pista que conecta a Arabia Saud\u00ed \u2014 [en tanto que pa\u00eds ayudando a los terroristas del 11 de septiembre] \u2014 <strong>ha sido silenciada por la amistad que une a los Bush con la familia real Sa\u00fad<\/strong>, <strong>Graham<\/strong> y sus amigos neoconservadores utilizan a <strong>George W. Bush<\/strong> como un fusible, para hacer recaer sobre \u00e9l la c\u00f3lera popular de los ataques del 11 de septiembre. Dicha estrategia dio buenos resultados a los manipuladores de la verdad ya que el movimiento del\u00a0<i>9\/11 Truth<\/i><span class=\"spip_note_ref\">\u00a0<strong>[25]<\/strong><\/span>\u00a0en su conjunto, centr\u00f3 sus cr\u00edticas contra el presidente <strong>Bush<\/strong> y su administraci\u00f3n, contra los \u00e1rabes y nunca pronunci\u00f3 el nombre de Israel. Hay que reconocer que el arte de\u00a0<a class=\"spip_out\" href=\"http:\/\/es.wikipedia.org\/wiki\/Maquiavelo\" target=\"_blank\" rel=\"noopener\" data-schema-attribute=\"\">Maquiavelo<\/a>\u00a0funciona as\u00ed:\u00a0<i>dar el trabajo sucio a realizar a una persona y luego dirigir que la venganza popular recaiga contra esta misma persona<\/i>.<\/span><\/p>\n<p style=\"text-align: justify;\"><span style=\"font-size: 14pt;\">El d\u00eda en que, bajo la presi\u00f3n de la opini\u00f3n p\u00fablica, los medios de comunicaci\u00f3n se ver\u00e1n obligados de abandonar la versi\u00f3n oficial de Washington, y confesar lo que verdaderamente ocurri\u00f3 el 11 de septiembre, \u2014para esa entonces ya\u2014 el movimiento de contestaci\u00f3n\u00a0<i>9\/11Truth<\/i>\u00a0\u2014completamente infiltrado ya\u2014 y su lema\u00a0<i>\u201c<strong>9\/11 is an inside job<\/strong>\u201d<\/i>\u00a0(<em>El 11 de septiembre es una operaci\u00f3n que se organiz\u00f3 desde adentro<\/em>) habr\u00e1 moldeado los esp\u00edritus para que los ciudadanos arremetan contra <strong>Bush<\/strong>, <strong>Cheney<\/strong> y otros pol\u00edticos de su administraci\u00f3n, mientras que los neoconservadore<em>s [intelectuales con Israel de este diab\u00f3lico plan<\/em>] seguir\u00e1n estando fuera de la furia popular y fuera del alcance de cualquier justicia.<\/span><\/p>\n<p style=\"text-align: justify;\"><span style=\"font-size: 14pt;\">Y s\u00ed, por desgracia, el d\u00eda en que todo sea revelado a la opini\u00f3n p\u00fablica, y que la mayor\u00eda de los medios de comunicaci\u00f3n controlados [<em>hoy<\/em>] por los sionistas no puedan preservar m\u00e1s \u201c<em>la inocencia de Israel<\/em>\u201d por lo ocurrido el 11 de septiembre, el estado hebreo podr\u00e1 siempre jugar la carta de <strong>Noam<\/strong> <strong>Chomsky<\/strong>:\u00a0<strong><i>\u00abIsrael podr\u00e1 decir que los EEUU los oblig\u00f3 a hacerlo\u00bb<\/i><\/strong>.<\/span><\/p>\n<p style=\"text-align: justify;\"><span style=\"font-size: 14pt;\"><strong>Noam Chomsky<span class=\"spip_note_ref\">\u00a0[26]<\/span><\/strong>, el famoso intelectual norteamericano de origen jud\u00edo que se posiciona como pensador de la extrema izquierda desde el d\u00eda en que, el <em>trotskista<\/em><strong>\u00a0<a class=\"spip_out\" href=\"http:\/\/es.wikipedia.org\/wiki\/Irving_Kristol\" target=\"_blank\" rel=\"noopener\" data-schema-attribute=\"\">Irving Kristol<\/a><\/strong>\u00a0pas\u00f3 a ser un importante militante de la extrema derecha estadounidense y fundar el movimiento neoconservador en los EEUU. <strong>Chomsky<\/strong> no ha parado de decir desde entonces,<strong> el argumento de que Israel no hace m\u00e1s que obedecer la voluntad de los Estados Unidos, lo que deja suponer que Israel es el estado n\u00famero 51\u00ba de los EEUU y el polic\u00eda en el Medio Oriente<\/strong>.<\/span><\/p>\n<p>&nbsp;<\/p>\n<figure id=\"attachment_2289462\" aria-describedby=\"caption-attachment-2289462\" style=\"width: 390px\" class=\"wp-caption aligncenter\"><img loading=\"lazy\" decoding=\"async\" class=\"wp-image-2289462 size-full\" src=\"https:\/\/puntocritico.com\/ausajpuntocritico\/wp-content\/uploads\/2023\/10\/moss390x7-759ec.jpg\" alt=\"\" width=\"390\" height=\"294\" data-id=\"2289462\" srcset=\"https:\/\/puntocritico.com\/ausajpuntocritico\/wp-content\/uploads\/2023\/10\/moss390x7-759ec.jpg 390w, https:\/\/puntocritico.com\/ausajpuntocritico\/wp-content\/uploads\/2023\/10\/moss390x7-759ec-300x226.jpg 300w, https:\/\/puntocritico.com\/ausajpuntocritico\/wp-content\/uploads\/2023\/10\/moss390x7-759ec-326x245.jpg 326w, https:\/\/puntocritico.com\/ausajpuntocritico\/wp-content\/uploads\/2023\/10\/moss390x7-759ec-80x60.jpg 80w\" sizes=\"auto, (max-width: 390px) 100vw, 390px\" \/><figcaption id=\"caption-attachment-2289462\" class=\"wp-caption-text\"><span style=\"color: #008000;\">Como lo he demostrado ya en otros lugares, el t\u00e9rmino m\u00e1s apropiado para designar a los \u00abneoconservadores\u00bb ser\u00eda la palabra \u00abMaquiavelo-sionista\u00bb. <strong>Michael Ledeen<\/strong> da la prueba en un art\u00edculo publicado en la revista Jewish World Review del 7 de junio de 1999 en donde \u00e9l defiende la tesis de que Maquiavelo era en \u00absecreto un jud\u00edo\u00bb c\u00f3mo lo fueron en el siglo XV miles de familias originalmente de confesi\u00f3n jud\u00eda convertidos al cristianismo bajo la amenaza de ser expulsados de Espa\u00f1a si no cambiaban de religi\u00f3n (principalmente los denominados despectivamente \u00abMarranos\u00bb en la Pen\u00ednsula Ib\u00e9rica). \u00abEscucha su filosof\u00eda pol\u00edtica y entonces entender\u00e1s la m\u00fasica jud\u00eda\u00bb. Por definici\u00f3n, el maquiavelismo avanza y se mueve enmascarado de un discurso virtuoso (es decir, derecho humanista), curiosamente, cada vez es mayor el n\u00famero de sionistas que se reclaman de esta corriente y de manera abierta: otro ejemplo puede ser dado con el libro de Obadiah Shoher, Samson Blinded: A Machiavellian Perspective on the Middle East Conflict.<\/span><\/figcaption><\/figure>\n<p>&nbsp;<\/p>\n<p style=\"text-align: justify;\"><span style=\"font-size: 14pt;\"><strong>Chomsky<\/strong> y otras celebridades mediatizadas de la izquierda radical en los EEUU como <strong>Michael<\/strong> <strong>Moore<\/strong>, no paran de afirmar que la desestabilizaci\u00f3n [<em>o<\/em> <em>convulsi\u00f3n<\/em>] del Medio Oriente ser\u00eda por voluntad de Washington primeramente y de Tel Aviv en segundo lugar. \u00bfY la causa de la guerra de Irak? Por el petr\u00f3leo, evidentemente:\u00a0<i>\u00abPor supuesto que eran los recursos energ\u00e9ticos de Irak\u00bb<\/i>.<\/span><\/p>\n<p style=\"text-align: justify;\"><span style=\"font-size: 14pt;\">La pregunta no necesita incluso ser planteada.<span class=\"spip_note_ref\">\u00a0<strong>[27]<\/strong><\/span>\u00a0Cosas de estos tiempos, he aqu\u00ed que <strong>Chomsky<\/strong> repite en coro el mismo refr\u00e1n que pronunci\u00f3\u00a0<strong><a class=\"spip_out\" href=\"http:\/\/es.wikipedia.org\/wiki\/Alan_Greenspan\" target=\"_blank\" rel=\"noopener\" data-schema-attribute=\"\">Alan Greenspan<\/a><\/strong>, director de\u00a0<a class=\"spip_out\" href=\"http:\/\/www.voltairenet.org\/article155627.html\" target=\"_blank\" rel=\"noopener\" data-schema-attribute=\"\">la <em>Reserva Federal<\/em><\/a>, quien en su libro\u00a0<i>The Age of Turbulence<\/i>\u00a0(2007) (<em>Tiempos de Turbulencia<\/em>) pretende revelar algo, algo que todo el mundo sabe ya:\u00a0<i>\u00ablo m\u00e1s importante que estaba en juego en la guerra de Irak era el control del petr\u00f3leo en la regi\u00f3n\u00bb<\/i>.<\/span><\/p>\n<p style=\"text-align: justify;\"><span style=\"font-size: 14pt;\">A estas falsedades formuladas hay que responderles con los an\u00e1lisis e investigaciones ver\u00eddicas, como la del profesor\u00a0<a class=\"spip_out\" href=\"http:\/\/www.voltairenet.org\/auteur120017.html?lang=es\" target=\"_blank\" rel=\"noopener\" data-schema-attribute=\"\"><strong>James<\/strong> <strong>Petras<\/strong><\/a>:\u00a0<strong><i>Zionism, Militarism and the Decline of US Power<\/i><\/strong>\u00a0(<em>Sionismo, Militarismo y la decadencia del poder\u00edo de EEUU<\/em>), o con el trabajo de <strong>Stephen Sniegoski<\/strong>\u00a0<i>The Transparent Cabal<\/i>\u00a0o la obra de <strong>Jonathan Cook<\/strong>\u00a0<i>Israel and the Clash of Civilizations<\/i>\u00a0(<em>Israel y el choque de civilizaciones<\/em>): \u201c<em>Big Oil<\/em>\u00bb [<em>el gran lobby del petr\u00f3leo<\/em>] que no promocion\u00f3 la invasi\u00f3n de Irak, y que ni siquiera ha logrado controlar la extracci\u00f3n de un s\u00f3lo pozo de petr\u00f3leo, a pesar de la presencia de 160.000 soldados estadounidenses,\u00a0<a class=\"spip_out\" href=\"http:\/\/www.voltairenet.org\/article156424.html\" target=\"_blank\" rel=\"noopener\" data-schema-attribute=\"\">de 127.000 mercenarios pagados por el Pent\u00e1gono y el Departamento de Estado<\/a>, e incluso con el apoyo de un gobierno t\u00edtere, fantoche y corrupto como lo es el gobierno de Irak.<span class=\"spip_note_ref\">\u00a0[<a id=\"nh28\" class=\"spip_note\" title=\"\u201c \u2018Big Oil\u2019 not only did not promote the invasion, but has failed to\u00a0(...)\" href=\"https:\/\/www.voltairenet.org\/article180189.html#nb28\" rel=\"appendix noopener\" target=\"_blank\">28<\/a>]<\/span><\/span><\/p>\n<p style=\"text-align: justify;\"><span style=\"font-size: 14pt;\">\u00a1No!, el petr\u00f3leo no explica la guerra de Irak, ni explica la guerra en Afganist\u00e1n, tampoco explica la agresi\u00f3n contra Siria por mercenarios fan\u00e1ticos interpuestos, tampoco puede explicar la guerra planeada y programada contra Ir\u00e1n con antelaci\u00f3n.<strong> Y ciertamente no es el lobby del petr\u00f3leo el que tiene el poder de imponer una censura, un \u00ab<em>gran tab\u00fa<\/em>\u00bb [<em>silencio total<\/em>] en lo que respecta a Israel [<em>y su implicaci\u00f3n en el 11 de septiembre<\/em>] en toda la esfera medi\u00e1tica del planeta<\/strong>, sean estos diarios de Espa\u00f1a, por dar un ejemplo:\u00a0<strong><i>El Pa\u00eds<\/i>, o\u00a0<i>El Mundo<\/i>, o\u00a0<i>ABC<\/i>, o\u00a0<i>La Vanguardia<\/i>,<\/strong> o sean estos diarios en otro continente, como el diario\u00a0<strong><i>El Mercurio<\/i><\/strong>\u00a0(Chile),\u00a0<i><strong>El<\/strong> <strong>Comercio<\/strong><\/i>\u00a0(Per\u00fa),\u00a0<strong><i>El Espectador<\/i><\/strong>\u00a0(Colombia), por no citar que algunos en Sudam\u00e9rica, todos repiten la misma cosa pero de diferente manera.<\/span><\/p>\n<div class=\"spip_document_155150 spip_document spip_documents spip_document_image spip_documents_center spip_document_center\">\u00a0<\/div>\n<div>\n<figure id=\"attachment_2289463\" aria-describedby=\"caption-attachment-2289463\" style=\"width: 390px\" class=\"wp-caption aligncenter\"><img loading=\"lazy\" decoding=\"async\" class=\"wp-image-2289463 size-full\" src=\"https:\/\/puntocritico.com\/ausajpuntocritico\/wp-content\/uploads\/2023\/10\/mirros390-4b44d.jpg\" alt=\"\" width=\"390\" height=\"280\" data-id=\"2289463\" srcset=\"https:\/\/puntocritico.com\/ausajpuntocritico\/wp-content\/uploads\/2023\/10\/mirros390-4b44d.jpg 390w, https:\/\/puntocritico.com\/ausajpuntocritico\/wp-content\/uploads\/2023\/10\/mirros390-4b44d-300x215.jpg 300w\" sizes=\"auto, (max-width: 390px) 100vw, 390px\" \/><figcaption id=\"caption-attachment-2289463\" class=\"wp-caption-text\"><span style=\"color: #008000;\">\u00abPersonalmente, yo creo que existe una conexi\u00f3n entre los sucesos del 11 de septiembre y el pico petrolero (peak oil), pero es algo que no puedo probar\u00bb, afirma <strong>Richard Heinberg<\/strong>, especialista en cuestiones de energ\u00eda y m\u00e1s precisamente con respecto a la hip\u00f3tesis del agotamiento del petr\u00f3leo en el mundo que desarrolla en su documental Oil, Smoke and Mirrors (Petr\u00f3leo, Humo y Espejos). Para m\u00ed la tesis de Richard Heinberg tiene que ver m\u00e1s con una fe a lo irracional.<\/span><\/figcaption><\/figure>\n<\/div>\n<div>\u00a0<\/div>\n<blockquote>\n<p style=\"text-align: center;\"><span style=\"color: #008000;\"><strong><span style=\"font-size: 14pt;\">[Ver abajo el documental\u00a0<i>Oil, Smoke and Mirrors<\/i>\u00a0en su versi\u00f3n audio en espa\u00f1ol y podremos sacar interesantes conclusiones en este debate de ideas, entre el autor de este art\u00edculo y el especialista en asuntos de energ\u00eda.]<\/span><\/strong><\/span><\/p>\n<\/blockquote>\n<p>&nbsp;<\/p>\n<p><iframe loading=\"lazy\" title=\"Petroleo, humo y espejos (Oil, smoke &amp; mirrors) (Crisis Libia)\" width=\"500\" height=\"375\" src=\"https:\/\/www.youtube.com\/embed\/egDZRVg40qw?feature=oembed\" frameborder=\"0\" allow=\"accelerometer; autoplay; clipboard-write; encrypted-media; gyroscope; picture-in-picture; web-share\" referrerpolicy=\"strict-origin-when-cross-origin\" allowfullscreen><\/iframe><\/p>\n<p>&nbsp;<\/p>\n<blockquote>\n<p style=\"text-align: center;\"><span style=\"font-size: 14pt; color: #008000;\"><strong>El interesante documental\u00a0<i>Petr\u00f3leo, Humo y Espejos<\/i>\u00a0est\u00e1 divido en tres partes: la primera habla de las consecuencias econ\u00f3micas y sociales que puede tener en nuestras sociedades el agotamiento del petr\u00f3leo y c\u00f3mo afectar\u00eda esta nueva realidad energ\u00e9tica en nuestro cotidiano; la segunda parte habla del 11 de septiembre y su relaci\u00f3n con las fuentes de energ\u00eda tales que el petr\u00f3leo, la tercera parte explica como el terrorismo internacional ha sido creado y manipulado por poderosas y obscuras fuerzas planetarias para generar caos mundial.<\/strong><\/span><\/p>\n<\/blockquote>\n<p>&nbsp;<\/p>\n<h3 style=\"text-align: center;\" align=\"center\"><span style=\"font-size: 18.0pt;\">La cultura israel\u00ed de terrorismo de bandera falsa<\/span><\/h3>\n<p style=\"text-align: justify;\"><span style=\"font-size: 14pt;\"><strong>Se necesita hacer un recordatorio para situar mejor 11 de septiembre en un contexto hist\u00f3rico. Los Estados Unidos tienen una larga historia y tradici\u00f3n en la fabricaci\u00f3n de falsos pretextos para desencadenar guerras<\/strong>. Podr\u00edamos retroceder en el tiempo, al a\u00f1o 1845, con la guerra expansionista emprendida por Washington contra M\u00e9xico. Guerra desencadenada por las provocaciones estadounidenses que comenzaron en la zona de frontera con Texas (<em>el r\u00edo Nueces seg\u00fan M\u00e9xico, el R\u00edo Grande seg\u00fan los Tejanos<\/em>) y los enfrentamientos que tuvieron lugar dieron al presidente\u00a0<strong><a class=\"spip_out\" href=\"http:\/\/es.wikipedia.org\/wiki\/James_Polk\" target=\"_blank\" rel=\"noopener\" data-schema-attribute=\"\">James Polk<\/a><\/strong>\u00a0(<em>un<\/em> <em>tejano<\/em>) la oportunidad para que pudiera decir: \u00ab<em>los mexicanos han derramado sangre americana en el territorio americano<\/em>\u00bb. Despu\u00e9s de la guerra, un diputado del nombre de\u00a0<a class=\"spip_out\" href=\"http:\/\/es.wikipedia.org\/wiki\/Abraham_Lincoln\" target=\"_blank\" rel=\"noopener\" data-schema-attribute=\"\">Abraham Lincoln<\/a>\u00a0hizo reconocer por el Congreso de EEUU el car\u00e1cter falso y mentiroso de este pretexto de\u00a0<i>casus belli<\/i>.<\/span><\/p>\n<p style=\"text-align: justify;\"><span style=\"font-size: 14pt;\">A partir desde esa entonces, todas las guerras libradas por Estados Unidos lo han sido bajo falsos pretextos: la explosi\u00f3n del buque de guerra\u00a0<a class=\"spip_out\" href=\"http:\/\/es.wikipedia.org\/wiki\/USS_Maine_(ACR-1)\" target=\"_blank\" rel=\"noopener\" data-schema-attribute=\"\"><i>USS Maine<\/i><\/a>\u00a0en la bah\u00eda de La Habana para desencadenar la guerra contra Espa\u00f1a por la posesi\u00f3n de Cuba, el hundimiento del cargo\u00a0<i>Lusitania<\/i>\u00a0para entrar en la Primera Guerra Mundial, Pearl Harbor para entrar en la Segunda Guerra Mundial, el incidente del\u00a0<a class=\"spip_out\" href=\"http:\/\/es.wikipedia.org\/wiki\/Golfo_de_Tonkin\" target=\"_blank\" rel=\"noopener\" data-schema-attribute=\"\">Golfo de Tonkin<\/a>\u00a0para entrar en la\u00a0<a class=\"spip_out\" href=\"http:\/\/www.voltairenet.org\/article124562.html\" target=\"_blank\" rel=\"noopener\" data-schema-attribute=\"\">guerra del Vietnam<\/a>. Sin embargo, s\u00f3lo la explosi\u00f3n del\u00a0<i>USS Maine<\/i>, que caus\u00f3 pocas muertes, desvela que se trata propiamente hablando del estratagema<span class=\"spip_note_ref\">\u00a0<strong>[29]<\/strong><\/span><strong>\u00a0<\/strong>de\u00a0<a class=\"spip_out\" href=\"http:\/\/es.wikipedia.org\/wiki\/Operaci%C3%B3n_de_bandera_falsa\" target=\"_blank\" rel=\"noopener\" data-schema-attribute=\"\">bandera falsa<\/a>; a pesar que todos los hechos de estas historias no est\u00e9n todav\u00eda completamente elucidados.<\/span><\/p>\n<p style=\"text-align: justify;\"><span style=\"font-size: 14pt;\"><strong>En cambio, es un hecho fehaciente que Israel tiene un pasado cargado de ataques de bandera falsa, adem\u00e1s de una gran experiencia y peritaje en todo lo que concierne a ataques de falsa bandera<\/strong>. Si se escribiese un libro de historia universal respecto a este estratagema, probablemente el libro deber\u00eda dedicar la mitad de sus p\u00e1ginas a Israel, a pesar de ser una de las m\u00e1s j\u00f3venes naciones modernas [<em>fundada solamente en 1948<\/em>]. <strong>Pero la historia de Israel en cuanto a sus operaciones de bandera falsa comienzan incluso mucho antes de la creaci\u00f3n de mismo estado de Israel, con el atentado a la bomba del\u00a0<a class=\"spip_out\" href=\"http:\/\/en.wikipedia.org\/wiki\/King_David_Hotel\" target=\"_blank\" rel=\"noopener\" data-schema-attribute=\"\">King David Hotel<\/a>, cuartel general de las autoridades brit\u00e1nicas en Jerusal\u00e9n [<em>la Palestina bajo administraci\u00f3n del Reino Unido<\/em>]<\/strong>.<\/span><\/p>\n<p>&nbsp;<\/p>\n<blockquote>\n<p style=\"text-align: center;\"><span style=\"font-size: 14pt;\"><strong><span style=\"color: #008000;\">El 22 de julio 1946 por la ma\u00f1ana, seis terroristas del\u00a0Irgun\u00a0<em>(la milicia terrorista comandada por\u00a0Menahem Begin, futuro Primer Ministro<\/em>) vestidos como \u00e1rabes entran en el edificio y colocan alrededor de la columna central del edificio 225 kg de explosivo de TNT, [<em>dinamita<\/em>] escondida en recipientes de leche, mientras que otros milicianos de esta organizaci\u00f3n terrorista desparraman explosivos a lo largo de las v\u00edas de acceso que conducen al hotel para evitar que llegue socorros o refuerzos<\/span><\/strong><\/span><\/p>\n<\/blockquote>\n<p>&nbsp;<\/p>\n<p style=\"text-align: justify;\"><span style=\"font-size: 14pt;\"><strong>El 22 de julio 1946 por la ma\u00f1ana, seis terroristas del\u00a0<a class=\"spip_out\" href=\"http:\/\/es.wikipedia.org\/wiki\/Irg%C3%BAn\" target=\"_blank\" rel=\"noopener\" data-schema-attribute=\"\">Irgun<\/a>\u00a0<em>(la milicia terrorista comandada por\u00a0<a class=\"spip_out\" href=\"http:\/\/es.wikipedia.org\/wiki\/Men%C3%A1jem_Begu%C3%ADn\" target=\"_blank\" rel=\"noopener\" data-schema-attribute=\"\">Menahem Begin<\/a>, futuro Primer Ministro<\/em>) vestidos como \u00e1rabes entran en el edificio y colocan alrededor de la columna central del edificio 225 kg de explosivo de TNT, [<em>dinamita<\/em>] escondida en recipientes de leche, mientras que otros milicianos de esta organizaci\u00f3n terrorista desparraman explosivos a lo largo de las v\u00edas de acceso que conducen al hotel para evitar que llegue socorros o refuerzos<\/strong>. Cuando un oficial brit\u00e1nico sospecha de lo que est\u00e1n haciendo, se desata un tiroteo en el <strong>David King Hotel<\/strong> y los miembros del comando antes de huir prenden la dinamita. <strong>La explosi\u00f3n mat\u00f3 a 91 personas, en su mayor\u00eda brit\u00e1nicos, pero tambi\u00e9n hab\u00eda 15 jud\u00edos entre los fallecidos<\/strong>.<\/span><\/p>\n<p>&nbsp;<\/p>\n<figure id=\"attachment_2289464\" aria-describedby=\"caption-attachment-2289464\" style=\"width: 390px\" class=\"wp-caption aligncenter\"><img loading=\"lazy\" decoding=\"async\" class=\"wp-image-2289464 size-full\" src=\"https:\/\/puntocritico.com\/ausajpuntocritico\/wp-content\/uploads\/2023\/10\/Lusitania-recuerdalo.jpg\" alt=\"\" width=\"390\" height=\"294\" data-id=\"2289464\" srcset=\"https:\/\/puntocritico.com\/ausajpuntocritico\/wp-content\/uploads\/2023\/10\/Lusitania-recuerdalo.jpg 390w, https:\/\/puntocritico.com\/ausajpuntocritico\/wp-content\/uploads\/2023\/10\/Lusitania-recuerdalo-300x226.jpg 300w, https:\/\/puntocritico.com\/ausajpuntocritico\/wp-content\/uploads\/2023\/10\/Lusitania-recuerdalo-326x245.jpg 326w, https:\/\/puntocritico.com\/ausajpuntocritico\/wp-content\/uploads\/2023\/10\/Lusitania-recuerdalo-80x60.jpg 80w\" sizes=\"auto, (max-width: 390px) 100vw, 390px\" \/><figcaption id=\"caption-attachment-2289464\" class=\"wp-caption-text\"><span style=\"color: #008000;\">El transatl\u00e1ntico RMS Lusitania fue torpedeado el 7 de mayo de 1915 por los alemanes, mientras navegaba en una zona de guerra. Fue gracias a la frase [slogan] <strong>Remember the Lusitania (Recuerde el Lusitania)<\/strong> que el presidente Woodrow Wilson pudo movilizar a la opini\u00f3n p\u00fablica estadounidense a favor de la entrada de EE.UU. en la Primera Guerra Mundial. El hecho de que un s\u00f3lo torpedo fuese suficiente para hundir el inmenso buque-cargo en quince minutos plantea preguntas e interrogantes hasta hoy.<\/span><\/figcaption><\/figure>\n<p>&nbsp;<\/p>\n<p style=\"text-align: justify;\"><span style=\"font-size: 14pt;\">En su diario, el <em>coronel<\/em> <strong>Mendel Edward House<\/strong>, asesor del presidente estadounidense Woodrow Wilson, relata y describe una conversaci\u00f3n que \u00e9l tuvo un poco antes con el <em>canciller<\/em> <em>brit\u00e1nico<\/em> <strong>Edward Grey<\/strong> (<em>quien ser\u00e1 m\u00e1s tarde en 1919 nombrado embajador brit\u00e1nico en los Estados Unidos<\/em>). \u00ab<i>\u00bfQu\u00e9 har\u00edan los americanos si los alemanes hundieran un barco con pasajeros americanos a bordo?<\/i>\u00bb pregunt\u00f3 <strong>Grey<\/strong>. <strong>Mendel Edward House<\/strong> le contest\u00f3: \u00ab<i>Creo que una ola de indignaci\u00f3n correr\u00eda por todo los Estados Unidos y que esto ser\u00eda suficiente para llevarnos a la guerra<\/i>\u00bb.<\/span><\/p>\n<p style=\"text-align: justify;\"><span style=\"font-size: 14pt;\">Este mismo esquema de estratagema se repiti\u00f3 en Egipto durante el verano de 1954, con la\u00a0<strong><i>Operaci\u00f3n Susannah<\/i><\/strong>, cuyo objetivo era complicar la retirada brit\u00e1nica del <em>Canal de Suez<\/em> exigida por el <em>coronel<\/em>\u00a0<a class=\"spip_out\" href=\"http:\/\/es.wikipedia.org\/wiki\/Gamal_Abdel_Nasser\" target=\"_blank\" rel=\"noopener\" data-schema-attribute=\"\"><strong>Gamal Abdul Nasser<\/strong><\/a><strong>\u00a0<\/strong>con el apoyo del presidente estadounidense\u00a0<a class=\"spip_out\" href=\"http:\/\/www.voltairenet.org\/article172548.html\" target=\"_blank\" rel=\"noopener\" data-schema-attribute=\"\">Eisenhower<\/a>. <strong>Esta operaci\u00f3n fue igualmente desenmascarada y es conocida tambi\u00e9n bajo el nombre del caso\u00a0<a class=\"spip_out\" href=\"http:\/\/es.wikipedia.org\/wiki\/Asunto_Lavon\" target=\"_blank\" rel=\"noopener\" data-schema-attribute=\"\">\u00abLavon Affair\u00bb<\/a>, llamada as\u00ed por el nombre del Primer Ministro israel\u00ed de esa \u00e9poca, quien fue se\u00f1alado como responsable<\/strong>.<\/span><\/p>\n<p style=\"text-align: justify;\"><span style=\"font-size: 14pt;\">El \u00ab<em><strong>Lavon Affair<\/strong><\/em>\u00bb sigue siendo el m\u00e1s c\u00e9lebre, calamitoso y desastroso ataque de bandera falsa llevado a cabo por Israel contra un barco de guerra estadounidense de la <strong>NSA<\/strong> el<strong>\u00a0<i>USS Liberty<\/i><\/strong>, el 8 de junio de 1967 a lo largo de las costas mar\u00edtimas de Egipto, dos d\u00edas antes de finalizar la\u00a0<a class=\"spip_out\" href=\"http:\/\/es.wikipedia.org\/wiki\/Guerra_de_los_Seis_D%C3%ADas\" target=\"_blank\" rel=\"noopener\" data-schema-attribute=\"\">Guerra de los Seis D\u00edas<\/a>. Ya desde ese momento se puede ver en acci\u00f3n la colaboraci\u00f3n estrecha y profunda entre Israel y los EE.UU., la <em><strong>administraci\u00f3n<\/strong><\/em> <strong>Johnson<\/strong> habiendo cubierto e incluso alentado este crimen en contra de sus propios ingenieros y soldados. Yo ya he mencionado y explicado estos dos casos en un art\u00edculo anterior, entonces no desarrollar\u00e9 m\u00e1s el tema aqu\u00ed nuevamente.<span class=\"spip_note_ref\">\u00a0<strong>[30]<\/strong><\/span>.<\/span><\/p>\n<p>&nbsp;<\/p>\n<figure id=\"attachment_2289562\" aria-describedby=\"caption-attachment-2289562\" style=\"width: 480px\" class=\"wp-caption aligncenter\"><a href=\"https:\/\/es.wikipedia.org\/wiki\/Incidente_del_USS_Liberty\" target=\"_blank\" rel=\"noopener\"><img loading=\"lazy\" decoding=\"async\" class=\"wp-image-2289562\" src=\"https:\/\/puntocritico.com\/ausajpuntocritico\/wp-content\/uploads\/2023\/10\/USS-Liberty-U17633183766CJN-624x350@abc-300x168.webp\" alt=\"\" width=\"480\" height=\"269\" data-id=\"2289562\" srcset=\"https:\/\/puntocritico.com\/ausajpuntocritico\/wp-content\/uploads\/2023\/10\/USS-Liberty-U17633183766CJN-624x350@abc-300x168.webp 300w, https:\/\/puntocritico.com\/ausajpuntocritico\/wp-content\/uploads\/2023\/10\/USS-Liberty-U17633183766CJN-624x350@abc.webp 624w\" sizes=\"auto, (max-width: 480px) 100vw, 480px\" \/><\/a><figcaption id=\"caption-attachment-2289562\" class=\"wp-caption-text\"><a href=\"https:\/\/es.wikipedia.org\/wiki\/Incidente_del_USS_Liberty\" target=\"_blank\" rel=\"noopener\"><span style=\"color: #008000;\">El USS Liberty, tras el ataque WIKIPEDIA<\/span><\/a><\/figcaption><\/figure>\n<p>&nbsp;<\/p>\n<p style=\"text-align: justify;\"><span style=\"font-size: 14pt;\">En 1986, el <strong>Mosad<\/strong> trat\u00f3 de hacer creer [<em>a otros pa\u00edses<\/em>] que una serie de \u00f3rdenes para acometer atentados terroristas fueron [dadas] transmitidas desde Libia y\/o desde las diversas embajadas libias a trav\u00e9s del mundo. Seg\u00fan el <em>ex agente del Mosad<\/em>, <strong>Victor Ostrovsky<\/strong>, (<i>By Way of Deception<\/i>, 1990) el <strong>Mosad<\/strong> utiliz\u00f3 un sistema especial de comunicaci\u00f3n llamado \u00ab<em>Caballo de Troya<\/em>\u00bb. Este sistema [<em>aparato<\/em>] es implantado por comandos dentro del territorio enemigo. <strong>El sistema act\u00faa como una estaci\u00f3n de transmisi\u00f3n de relevo, para generar falsas transmisiones, las cuales son enviadas originalmente desde un barco israel\u00ed e inmediatamente retransmitidas en una frecuencia utilizada por el gobierno libio<\/strong>.<\/span><\/p>\n<p style=\"text-align: justify;\"><span style=\"font-size: 14pt;\">As\u00ed como el <strong>Mosad<\/strong> lo esperaba,\u00a0<a class=\"spip_out\" href=\"http:\/\/actualidad.rt.com\/themes\/view\/98154-caso-edward-snowden\" target=\"_blank\" rel=\"noopener\" data-schema-attribute=\"\">la <strong>NSA<\/strong><\/a>\u00a0[<em>ingenuamente<\/em>] capt\u00f3 y descifr\u00f3 las transmisiones, que fueron interpretados como una prueba y evidencia de que el gobierno libio apoyaba y fomentaba el terrorismo, como oportunamente lo ven\u00edan diciendo y confirmando ya los informes de inteligencia del <strong>Mosad<\/strong>. Israel contaba con la promesa hecha por el presidente estadounidense\u00a0<strong><a class=\"spip_out\" href=\"http:\/\/www.voltairenet.org\/article125768.html\" target=\"_blank\" rel=\"noopener\" data-schema-attribute=\"\">Ronald Reagan<\/a><\/strong>\u00a0de represalias contra cualquier pa\u00eds descubierto en flagrante delito de apoyo al terrorismo.<\/span><\/p>\n<p style=\"text-align: justify;\"><span style=\"font-size: 14pt;\"><strong>Los estadounidenses cayeron en la trampa del Mosad y los EEUU arrastraron a su vez [<em>a sus aliados<\/em>] brit\u00e1nicos y alemanes: el 14 de abril de 1986, ciento sesenta aviones de EE.UU. arrojaron m\u00e1s de sesenta toneladas de bombas sobre Libia, apuntando principalmente aeropuertos y bases militares<\/strong>. Entre las v\u00edctimas civiles de la parte libia se encontraba la <em>hija adoptiva<\/em> de <strong>Gaddafi<\/strong>, la ni\u00f1a muerta por los bombardeos ten\u00eda cuatro a\u00f1os de edad. El bombardeo hizo fracasar un acuerdo para la liberaci\u00f3n de los rehenes norteamericanos retenidos en el L\u00edbano, hecho que coloc\u00f3 al movimiento <strong>Hezbollah<\/strong> como el enemigo n\u00famero uno ante los ojos de Occidente.<\/span><\/p>\n<p>&nbsp;<\/p>\n<figure id=\"attachment_2289465\" aria-describedby=\"caption-attachment-2289465\" style=\"width: 400px\" class=\"wp-caption aligncenter\"><img loading=\"lazy\" decoding=\"async\" class=\"wp-image-2289465 size-full\" src=\"https:\/\/puntocritico.com\/ausajpuntocritico\/wp-content\/uploads\/2023\/10\/1-3801-64e9d-4-ea00e.jpg\" alt=\"\" width=\"400\" height=\"300\" data-id=\"2289465\" srcset=\"https:\/\/puntocritico.com\/ausajpuntocritico\/wp-content\/uploads\/2023\/10\/1-3801-64e9d-4-ea00e.jpg 400w, https:\/\/puntocritico.com\/ausajpuntocritico\/wp-content\/uploads\/2023\/10\/1-3801-64e9d-4-ea00e-300x225.jpg 300w, https:\/\/puntocritico.com\/ausajpuntocritico\/wp-content\/uploads\/2023\/10\/1-3801-64e9d-4-ea00e-326x245.jpg 326w, https:\/\/puntocritico.com\/ausajpuntocritico\/wp-content\/uploads\/2023\/10\/1-3801-64e9d-4-ea00e-80x60.jpg 80w\" sizes=\"auto, (max-width: 400px) 100vw, 400px\" \/><figcaption id=\"caption-attachment-2289465\" class=\"wp-caption-text\"><span style=\"color: #008000;\"><strong>Isser<\/strong> <strong>Harel<\/strong>, fundador de los servicios secretos israel\u00edes, habr\u00eda pronosticado al cristiano-sionista Michael Evans en 1980 que el terrorismo isl\u00e1mico terminar\u00eda por golpear los EE.UU. \u00abEn la teolog\u00eda isl\u00e1mica, el s\u00edmbolo f\u00e1lico es muy importante. El mayor s\u00edmbolo f\u00e1lico es New York City y el edificio m\u00e1s alto de la ciudad ser\u00e1 el s\u00edmbolo f\u00e1lico que golpear\u00e1n\u00bb. Al informar acerca de esta entrevista en 2004, Evans, autor de \u00abThe American Prophecies, Terrorism and Mid-East Conflict Reveal a Nation\u2019s Destiny\u00bb busca hacer pasar a Isser Harel por profeta. Mentes m\u00e1s racionales y abiertas ver\u00e1n al contrario la prueba que el 11 de septiembre, se trabaja, y madura desde hace ya m\u00e1s de 30 a\u00f1os en el interior del Estado profundo de Israel. <\/span><\/figcaption><\/figure>\n<p>&nbsp;<\/p>\n<p style=\"text-align: justify;\"><span style=\"font-size: 14pt;\"><strong>La capacidad de manipulaci\u00f3n del Mosad en esa \u00e9poca puede ser ilustrada tambi\u00e9n por otras dos historias m\u00e1s, historias estudiadas por el autor Thomas Gordon<\/strong>. El 17 de abril 1986, una joven irlandesa llamada<strong> Ann-Marie Murphy<\/strong>, sin estar enterada se embarca en un vuelo Londres \u2013 Tel-Aviv llevando 1,5 kilos de <em><strong>Semtex<\/strong><\/em> [<em>explosivo sint\u00e9tico<\/em>]. Su novio, un <em>paquistan\u00ed<\/em> llamado <strong>Nezar Hindawi<\/strong>, es arrestado cuando intentaba huir [<em>refugiarse<\/em>] a la Embajada de Siria. Ambos fueron en realidad manipulados por el <strong>Mosad<\/strong>, que obtiene el resultado deseado: <strong>el gobierno de Thatcher rompi\u00f3 las relaciones diplom\u00e1ticas con Siria<\/strong>. Pero a pesar del aparente \u00e9xito de la operaci\u00f3n del <strong>Mosad<\/strong>, esta operaci\u00f3n ser\u00e1 finalmente desenmascarada por una personalidad importante (<em>el presidente franc\u00e9s <strong>Jacques Chirac<\/strong> revel\u00f3 todo a diario<\/em>\u00a0<i>Washington Times<\/i>).<span class=\"spip_note_ref\">\u00a0<strong>[31]<\/strong><\/span><\/span><\/p>\n<p style=\"text-align: justify;\"><span style=\"font-size: 14pt;\"><strong>En enero de 1987 el palestino Ismail Sowan, que trabaja como topo-informador para el Mosad y que ha logrado infiltrar la sede de la OLP (Organizaci\u00f3n para la Liberaci\u00f3n de la Palestina) en Londres, recibe de un desconocido -supuestamente enviado por el jefe de la OLP- dos maletas llenas de armas y explosivos<\/strong>.<strong> Ismail<\/strong> cuenta esto a sus contactos del <strong>Mosad<\/strong> que lo hacen viajar en un vuelo ida y vuelta [Londres]-Tel-Aviv, al mismo tiempo que el <strong>Mosad<\/strong> lo denuncia al <strong>Scotland<\/strong> <strong>Yard,<\/strong> como sospechoso de querer organizar un atentado islamista a Londres. <strong>Ismail<\/strong> es arrestado apenas toca suelo ingl\u00e9s en el aeropuerto de <em>Heathrow<\/em> y acusado con relaci\u00f3n a las armas encontradas en su casa.<strong> Resultado: el Mosad entra en c\u00edrculo de amigos \u00edntimos y aliados del Gobierno [brit\u00e1nico] de Thatcher<\/strong><span class=\"spip_note_ref\"><strong>\u00a0[32]<\/strong><\/span>.<\/span><\/p>\n<p style=\"text-align: justify;\"><span style=\"font-size: 14pt;\"><strong>Despu\u00e9s del primer ataque terrorista contra el World Trade Center el 26 de febrero de 1993, el FBI arrest\u00f3 al palestino Ahmed Ajaj y lo identific\u00f3 como un terrorista vinculado al movimiento Hamas, pero el peri\u00f3dico israel\u00ed <i>Kol Ha\u2019ir<\/i>\u00a0demostr\u00f3 que Ajaj nunca hab\u00eda estado involucrado con el Hamas o al OLP<\/strong>. Seg\u00fan el periodista <strong>Robert Friedman<\/strong>, autor de un art\u00edculo publicado en la revista\u00a0<i>The Village Voice<\/i>\u00a0el 3 de agosto de 1993, <strong>Ajaj era en realidad un ladronzuelo arrestado en 1988 por fabricar d\u00f3lares falsos, y condenado a dos a\u00f1os y medio de prisi\u00f3n, pero puesto en libertad al cabo de un a\u00f1o despu\u00e9s de pasar un acuerdo de colaboraci\u00f3n con el Mosad<\/strong>, se le hab\u00eda ordenado de infiltrar a los grupos palestinos.<\/span><\/p>\n<p style=\"text-align: justify;\"><span style=\"font-size: 14pt;\">Una vez puesto en libertad para que trabaje como \u00ab<em>topo<\/em>\u00bb para el <strong>Mosad<\/strong>, <strong>Ajaj<\/strong> va ser objeto de un cl\u00e1sico utilizado por servicios de espionaje, se le aplica un\u00a0<i>sheep-dipping<\/i>\u00a0[<em>en la jerga del espionaje, esto significa que se le confiere una nueva identidad a la persona<\/em>]. <strong>Ajaj<\/strong> es nuevamente encarcelado por un corto tiempo, esta vez por haber intentado pasar armas en <em>Cisjordania<\/em> para el movimiento\u00a0<strong><a class=\"spip_out\" href=\"http:\/\/es.wikipedia.org\/wiki\/Fatah\" target=\"_blank\" rel=\"noopener\" data-schema-attribute=\"\">Fatah<\/a><\/strong>. Por lo tanto,<strong> tenemos con el [<em>primer<\/em>] atentado de las Torres Gemelas de 1993, un prototipo que anticipa el 11 de septiembre, en el que est\u00e1 demostrado la responsabilidad de Israel en el terrorismo y su voluntad de querer culpabilizar a los palestinos<\/strong>.<\/span><\/p>\n<div class=\"spip_document_155188 spip_document spip_documents spip_document_image spip_documents_center spip_document_center\" style=\"text-align: justify;\">\u00a0<\/div>\n<div>\n<figure id=\"attachment_2289466\" aria-describedby=\"caption-attachment-2289466\" style=\"width: 440px\" class=\"wp-caption aligncenter\"><img loading=\"lazy\" decoding=\"async\" class=\"wp-image-2289466\" src=\"https:\/\/puntocritico.com\/ausajpuntocritico\/wp-content\/uploads\/2023\/10\/atentado-al-explosivo-contra-la-embajada-de-Israel-en-Buenos-Aires-300x200.jpg\" alt=\"\" width=\"440\" height=\"293\" data-id=\"2289466\" srcset=\"https:\/\/puntocritico.com\/ausajpuntocritico\/wp-content\/uploads\/2023\/10\/atentado-al-explosivo-contra-la-embajada-de-Israel-en-Buenos-Aires-300x200.jpg 300w, https:\/\/puntocritico.com\/ausajpuntocritico\/wp-content\/uploads\/2023\/10\/atentado-al-explosivo-contra-la-embajada-de-Israel-en-Buenos-Aires.jpg 400w\" sizes=\"auto, (max-width: 440px) 100vw, 440px\" \/><figcaption id=\"caption-attachment-2289466\" class=\"wp-caption-text\"><span style=\"color: #008000;\">El atentado al explosivo contra la embajada de Israel en Buenos Aires (Argentina) en 1992, que caus\u00f3 29 muertos y 242 heridos, fue atribuido al instante a terroristas suicidas del Hezbol\u00e1, que seg\u00fan los israel\u00edes utilizaron un cami\u00f3n bomba. Pero el juez argentino a cargo de la investigaci\u00f3n denunci\u00f3 que hab\u00edan presiones de los delegados oficiales de Estados Unidos y de Israel, as\u00ed como una manipulaci\u00f3n de las pruebas y falsos testimonios de testigos para guiar la investigaci\u00f3n en direcci\u00f3n de la hip\u00f3tesis del cami\u00f3n-bomba [cosa ficticia] mientras que los hechos fehacientes indicaban que la explosi\u00f3n vino desde el interior del edificio de la misma embajada israel\u00ed. Cuando la Corte Suprema argentina valid\u00f3 estas \u00faltimas afirmaciones, el portavoz de la embajada israel\u00ed acus\u00f3 a los jueces argentinos de Buenos Aires de antisemitismo.<\/span><\/figcaption><\/figure>\n<\/div>\n<p>&nbsp;<\/p>\n<p style=\"text-align: justify;\"><span style=\"font-size: 14pt;\">Es interesante de recordar lo que fue escrito por\u00a0<strong><a class=\"spip_out\" href=\"http:\/\/en.wikipedia.org\/wiki\/Philip_D._Zelikow\" target=\"_blank\" rel=\"noopener\" data-schema-attribute=\"\">Philip Zelikow<\/a><\/strong>\u00a0(<em>quien redact\u00f3 o supervis\u00f3 el\u00a0<a class=\"spip_out\" href=\"http:\/\/es.wikipedia.org\/wiki\/Comisi%C3%B3n_del_11-S\" target=\"_blank\" rel=\"noopener\" data-schema-attribute=\"\">Informe de la Comisi\u00f3n del 11-S<\/a><\/em>) el conjuntamente con <strong>John Deutch<\/strong> en diciembre de <strong>1998<\/strong> en un art\u00edculo en [la revista]\u00a0<i>Foreign Affairs<\/i>\u00a0[<em>publicaci\u00f3n de los neoconservadores<\/em>] cuyo t\u00edtulo es \u00ab<strong><em>Catastrophic Terrorism<\/em><\/strong>\u00bb (<em>Terrorismo Catastr\u00f3fico<\/em>), quien utilizando su desbordante imaginaci\u00f3n \u2014con respecto al [<em>primer<\/em>] <strong>ataque en 1993 al WTC<\/strong> (World Trade Center)\u2014 <strong>trata de suponer que si la bomba colocada hubiese sido en su lugar una bomba nuclear<\/strong>, y habla de un nuevo <strong>Pearl Harbor<\/strong>: <i>\u00abun tal acto de \u201cterrorismo catastr\u00f3fico\u201d matar\u00eda a miles o decenas de miles de personas y afectar\u00edan las necesidades vitales de cientos de miles, tal vez millones de personas, ser\u00eda un punto de no retorno en la historia de los Estados Unidos . Esto podr\u00eda causar p\u00e9rdidas humanas y materiales sin precedentes en tiempos de paz y socavar\u00eda totalmente el sentimiento de seguridad [existente] en los Estados Unidos al interior de sus fronteras, algo similar fue percibido cuando la Uni\u00f3n Sovi\u00e9tica efectu\u00f3 [la explosi\u00f3n de ] su primera bomba at\u00f3mica en 1949, o tal vez sea peor. [&#8230;]. Como Pearl Harbor, este acontecimiento dividir\u00eda a nuestra historia entre un antes y un despu\u00e9s. Los Estados Unidos podr\u00edan responder con medidas draconianas, la reducci\u00f3n de las libertades individuales [fundamentales en la sociedad civil], autorizando una vigilancia m\u00e1s estrecha de los ciudadanos, la detenci\u00f3n de sospechosos [sin recursos legales] y el uso de la fuerza letal.\u00bb<\/i><strong><span class=\"spip_note_ref\">\u00a0[33]<\/span><\/strong><\/span><\/p>\n<p style=\"text-align: justify;\"><span style=\"font-size: 14pt;\">El 12 de enero de 2000, seg\u00fan el diario indio\u00a0<i>The Week<\/i>, los oficiales del inteligencia y espionaje indio detuvieron en el aeropuerto de Calcuta once predicadores islamistas que se preparaban para embarcar en un vuelo con destino a Bangladesh. <strong>Eran sospechosos de pertenecer al grupo de Al-Qaeda y de querer secuestrar el avi\u00f3n<\/strong>. Se presentaron como siendo afganos habiendo vivido en Ir\u00e1n antes de pasar dos meses en India para predicar el Islam. Pero se descubri\u00f3 que todos estos \u00ab<em>predicadores<\/em>\u00bb ten\u00edan pasaportes israel\u00edes. El oficial indio de los servicios de inteligencia declar\u00f3 despu\u00e9s a la revista\u00a0<i>The Week<\/i>\u00a0que <strong>Tel Aviv<\/strong>\u00a0<strong><i>\u00abejerci\u00f3 una presi\u00f3n considerable\u00bb<\/i>\u00a0(\u00ab<em>exerted considerable pressure<\/em>\u00bb) contra Nueva Delhi [<em>capital pol\u00edtica del gobierno en India<\/em>] para que sean liberados r\u00e1pidamente<\/strong>.<\/span><\/p>\n<p style=\"text-align: justify;\"><span style=\"font-size: 14pt;\">Igualmente, un 12 de octubre pero del a\u00f1o 2000, en las \u00faltimas semanas de gobierno de la administraci\u00f3n del presidente <strong>Bill Clinton<\/strong>, el destructor de la marina estadounidense\u00a0<strong><a class=\"spip_out\" href=\"http:\/\/es.wikipedia.org\/wiki\/USS_Cole_(DDG-67)\" target=\"_blank\" rel=\"noopener\" data-schema-attribute=\"\"><i>USS Cole<\/i><\/a><\/strong>, en ruta hacia el Golfo P\u00e9rsico, recibi\u00f3 la orden desde su base situada en el puerto de Norfolk [en EEUU] de hacer un alto y de atracar en el puerto de Ad\u00e9n, en Yemen, para un reabastecimiento en carburante, procedimiento inhabitual, ya que estos destructores son generalmente reabastecidos en alta mar por un petrolero-cargo de la\u00a0<i>Navy<\/i>. El comandante del buque de guerra expres\u00f3 su sorpresa y preocupaci\u00f3n: el\u00a0<i>USS Cole<\/i>\u00a0hab\u00eda sido reabastecido recientemente de combustible en la entrada del Canal de Suez, Yemen era declarada una zona hostil seg\u00fan sus instrucciones.<\/span><\/p>\n<p style=\"text-align: justify;\"><span style=\"font-size: 14pt;\"><strong>El\u00a0<i>USS Cole<\/i>\u00a0estaba en maniobra de atraque, cuando se le acerc\u00f3 un peque\u00f1a lancha, al parecer encargada de evacuar los sacos de basura, cuando la lancha estall\u00f3 contra el casco del buque de guerra, matando a 17 marineros e hiriendo a otros 50<\/strong>. Los dos \u00abkamikazes\u00bb que piloteaban la lancha tambi\u00e9n perecieron en este \u00ab<em>atentado suicida<\/em>\u00bb. El ataque fue atribuido de inmediato a<strong> Al-Qaeda<\/strong>, aunque <strong>Bin Laden<\/strong> no reivindic\u00f3 este ataque y que los <em>Talibanes<\/em> negaron que sus \u00ab<em>hu\u00e9spedes<\/em>\u00bb sean los autores o que hayan podido estar involucrados.<\/span><\/p>\n<p style=\"text-align: justify;\"><span style=\"font-size: 14pt;\">La acusaci\u00f3n dio a Estados Unidos un pretexto para forzar al <em>presidente yemen\u00ed<\/em>, <strong>Ali Abdullah Saleh<\/strong> a cooperar en la lucha contra el islamismo anti-imperialista, cerrando para comenzar trece campamentos paramilitares en su territorio. Todo esto ocurri\u00f3 unas semanas antes de las elecciones presidenciales [en los EEUU], el ataque fue la\u00a0<a class=\"spip_out\" href=\"http:\/\/es.wikipedia.org\/wiki\/Sorpresa_de_octubre%20(%7Bl%E2%80%99October%20Surprise%20%7D)\" target=\"_blank\" rel=\"noopener\" data-schema-attribute=\"\">Sorpresa de Octubre<\/a>\u00a0que llev\u00f3 a <strong>Bush<\/strong> al poder.<\/span><\/p>\n<p style=\"text-align: justify;\"><span style=\"font-size: 14pt;\">E<strong>l inspector\u00a0<a class=\"spip_out\" href=\"http:\/\/en.wikipedia.org\/wiki\/John_P._O&#039;Neill\" target=\"_blank\" rel=\"noopener\" data-schema-attribute=\"\">John O\u2019Neill<\/a>\u00a0estaba a cargo de la investigaci\u00f3n del atentado contra el\u00a0<i>USS Cole<\/i>. Trabajando en el FBI desde hace veinte a\u00f1os, O\u2019Neill era un experimentado especialista de la lucha contra \u2013terrorista<\/strong>. Tambi\u00e9n hab\u00eda trabajado e investigado en 1993 el primer atentado a la bomba contra las Torres Gemelas. Su equipo lleg\u00f3 a sospechar que Israel hab\u00eda disparado un torpedo desde un submarino contra el buque\u00a0<i>USS Cole<\/i>\u00a0en el puerto de Ad\u00e9n, en Yem\u00e9n: el agujero que perfor\u00f3 el casco del buque de guerra ten\u00eda un \u00edndice que indicaba el tipo de carga [<em>o proyectil<\/em>] utilizado y que la sola explosi\u00f3n de la lancha no pod\u00eda explicar l\u00f3gicamente el da\u00f1o hecho al acorazado\u00a0<i>USS Cole<\/i>. Las sospechas fueron compartidas por el <em>presidente yemeni<\/em> <strong>Saleh<\/strong>, quien habl\u00f3 de esto en una entrevista dada a la revista\u00a0<i>Newsweek<\/i>, la posibilidad de que el ataque se haya debido a una operaci\u00f3n encubierta de Israel, \u00ab<em>para degradar y da\u00f1ar<\/em>\u00bb las relaciones entre Yemen y los Estados Unidos [<em>y seguir con la l\u00f3gica del terrorismo isl\u00e1mico internacional<\/em>].<strong><span class=\"spip_note_ref\">\u00a0[34]<\/span><\/strong><\/span><\/p>\n<p>&nbsp;<\/p>\n<p><iframe loading=\"lazy\" title=\"Yemen Ambassador Barbara Bodine Blocked John O&#039;Neill&#039;s USS Cole Investigation\" width=\"500\" height=\"375\" src=\"https:\/\/www.youtube.com\/embed\/3exGDoGAqI4?start=2&#038;feature=oembed\" frameborder=\"0\" allow=\"accelerometer; autoplay; clipboard-write; encrypted-media; gyroscope; picture-in-picture; web-share\" referrerpolicy=\"strict-origin-when-cross-origin\" allowfullscreen><\/iframe><\/p>\n<p>&nbsp;<\/p>\n<p style=\"text-align: justify;\"><span style=\"font-size: 14pt;\"><strong>O\u2019Neill<\/strong> y su equipo sufrieron los ataques y la hostilidad de la misma embajadora de los EE.UU., la <strong>Sra, Barbara Bodine<\/strong>. Se les prohibi\u00f3 entonces a O\u2019Neill y su equipo de investigadores de bucear en el puerto de Ad\u00e9n para inspeccionar los restos [<em>pruebas materiales que podr\u00edan ser encontrados en el fondo marino del puerto y que hubiesen aclarado las cosas<\/em>]. Por \u00faltimo, aprovechando su regreso a Nueva York para festejar la fiesta norteamericana de\u00a0<a class=\"spip_out\" href=\"http:\/\/es.wikipedia.org\/wiki\/Thanksgiving\" rel=\"external noopener\" target=\"_blank\"><i>Thanksgiving<\/i><\/a>, la <em>embajadora<\/em> <strong>Bodine<\/strong> les neg\u00f3 la posibilidad de volver a viajar a Yemen para continuar con las investigaciones. <strong>La tripulaci\u00f3n del buque\u00a0<i>US Cole<\/i>\u00a0recibieron la orden de no hablar [ni de declarar nada] acerca de este atentado al\u00a0<i>Naval Criminal Investigative Service<\/i>\u00a0(NCIS) (Servicio Naval de Investigaci\u00f3n Criminal NCIS)<\/strong>.<\/span><\/p>\n<p style=\"text-align: justify;\"><span style=\"font-size: 14pt;\">En julio de 2001, [<em>ante tantas presiones<\/em>] <strong>O\u2019Neill<\/strong> renunci\u00f3 al <strong>FBI<\/strong>. <strong>Se le ofreci\u00f3 poco despu\u00e9s un puesto como jefe de seguridad en las torres gemelas del WTC, funci\u00f3n que O\u2019Neill deb\u00eda comenzar a asegurar a partir del 11 de septiembre de 2001<\/strong>. <strong>Su cuerpo fue encontrado sin vida en los escombros del World Trade Center despu\u00e9s haber estado desaparecido durante dos d\u00edas<\/strong>. En cuanto a la<strong> Sra. Barbara Bodine<\/strong>, ella entr\u00f3 en 2003 a formar parte del equipo de la nueva\u00a0<a class=\"spip_out\" href=\"http:\/\/es.wikipedia.org\/wiki\/Autoridad_Provisional_de_la_Coalici%C3%B3n\" target=\"_blank\" rel=\"noopener\" data-schema-attribute=\"\"><i>Coalition Provisional Authority<\/i>\u00a0(CPA) (Autoridad Provisional de la Coalici\u00f3n)<\/a>\u00a0en Bagdad.<\/span><\/p>\n<p>&nbsp;<\/p>\n<blockquote>\n<p style=\"text-align: center;\"><strong><span style=\"font-size: 14pt; color: #008000;\">\u00bfCu\u00e1ndo se van a terminar todos estos atentados terrorista isl\u00e1micos de concepci\u00f3n y fabricaci\u00f3n sionista?<\/span><br class=\"manualbr\" \/><br \/>\n<span style=\"font-size: 14pt; color: #008000;\">El diario\u00a0<i>New York Times<\/i>\u00a0y otros peri\u00f3dicos informaron que el 19 de septiembre de 2005, dos agentes de las\u00a0<a class=\"spip_out\" style=\"color: #008000;\" href=\"http:\/\/es.wikipedia.org\/wiki\/Special_Air_Service_(SAS)\" rel=\"external noopener\" target=\"_blank\">fuerzas especiales brit\u00e1nicas (SAS)<\/a>\u00a0fueron arrestados despu\u00e9s de forzar un puesto de control, iban en un coche lleno de armas, municiones, explosivos y detonadores, que ellos conduc\u00edan disfrazados de \u00e1rabes. Se sospecha que planeaban cometer atentados sangrientos en el centro de la ciudad de Basora [Irak] durante un evento religioso, para provocar un conflicto entre las dos comunidades religiosas iraqu\u00edes (<a class=\"spip_out\" style=\"color: #008000;\" href=\"http:\/\/es.wikipedia.org\/wiki\/Chi%C3%ADtas\" rel=\"external noopener\" target=\"_blank\">chi\u00edtas<\/a>\u00a0y\u00a0<a class=\"spip_out\" style=\"color: #008000;\" href=\"http:\/\/es.wikipedia.org\/wiki\/Sunita\" rel=\"external noopener\" target=\"_blank\">sunitas<\/a>). Esa misma noche, una unidad SAS liber\u00f3 a los dos agentes detenidos, para ello no dud\u00f3 en destruir la prisi\u00f3n con la ayuda de una docena de tanques asistidos por helic\u00f3pteros de combate. El\u00a0<a class=\"spip_out\" style=\"color: #008000;\" href=\"https:\/\/www.gov.uk\/government\/fatalities\/death-of-a-british-officer-in-iraq-captain-ken-masters\" rel=\"external noopener\" target=\"_blank\">capit\u00e1n Masters<\/a>, encargados de la investigaci\u00f3n de este asunto embarazoso incidente, muri\u00f3 en Basora el 15 de octubre 2005.<\/span><\/strong><\/p>\n<\/blockquote>\n<p>&nbsp;<\/p>\n<figure id=\"attachment_2289468\" aria-describedby=\"caption-attachment-2289468\" style=\"width: 360px\" class=\"wp-caption aligncenter\"><img loading=\"lazy\" decoding=\"async\" class=\"wp-image-2289468\" src=\"https:\/\/puntocritico.com\/ausajpuntocritico\/wp-content\/uploads\/2023\/10\/NoTube-4-U-300x243.png\" alt=\"\" width=\"360\" height=\"292\" data-id=\"2289468\" srcset=\"https:\/\/puntocritico.com\/ausajpuntocritico\/wp-content\/uploads\/2023\/10\/NoTube-4-U-300x243.png 300w, https:\/\/puntocritico.com\/ausajpuntocritico\/wp-content\/uploads\/2023\/10\/NoTube-4-U.png 473w\" sizes=\"auto, (max-width: 360px) 100vw, 360px\" \/><figcaption id=\"caption-attachment-2289468\" class=\"wp-caption-text\"><span style=\"color: #008000;\">Ver el siguiente documental que demuestra que el 11\/9 [en ingl\u00e9s la forma de decirlo es 9\/11] se ha ido trabajando, poco a poco, en el subconsciente de la gente [del pueblo estadounidense], enviado como mensaje subliminal, mucho antes que esto suceda en realidad el 11 de septiembre de 2001. Ver im\u00e1genes de diversas pel\u00edculas, series de televisi\u00f3n o comics, transmitidas a la sociedad mediante diversas fuentes audio-visuales. <\/span><\/figcaption><\/figure>\n<p>&nbsp;<\/p>\n<h3 style=\"text-align: center;\"><span style=\"font-size: 18pt;\"><strong>\u00bfCree Usted que es una coincidencia?<\/strong><\/span><\/h3>\n<p style=\"text-align: justify;\"><br class=\"manualbr\" \/><br \/>\n<span style=\"font-size: 14pt;\">Por tal raz\u00f3n, psicol\u00f3gicamente, el pueblo norteamericano, no puede aceptar los atentados del 11 de septiembre 2001 porque esto ya ocurri\u00f3 en sus cabezas [<em>mentes<\/em>].<\/span><\/p>\n<p style=\"text-align: justify;\"><span style=\"font-size: 14pt;\">Si todo esto que estamos tratando de mostrar y comprobar, resulta ser verdadero, entonces los atentados del 11 de septiembre 2001, abre la puerta a la \u00ab<em>hip\u00f3tesis<\/em>\u00bb [<em>faltar\u00e1 probarlo, cosa dif\u00edcil ya que estamos frente a servicios secretos con muchos recursos y que esconden o destruyen las pruebas, entonces seguiremos estando siempre en la hip\u00f3tesis\u00a0a falta de pruebas materiales<\/em>], que esto ha sido efectivamente preparado con antelaci\u00f3n, por gente poderosa, desde adentro, con complicidad de afuera, con objetivos claros de dominaci\u00f3n en el mundo [<em>el 11\/9 es el pretexto para ello<\/em>], pero tambi\u00e9n al interior de los Estados Unidos, contra la misma sociedad civil, contra cualquiera que defienda la constituci\u00f3n. <strong>Tambi\u00e9n hay una dimensi\u00f3n que no se ha hablado: esa gente que ha planeado todo esto, al mismo tiempo esta cumpliendo un ritual, celebrando una fecha, que nosotros desconocemos por el momento la raz\u00f3n y el significado<\/strong>, pero estamos igualmente en un\u00a0<a class=\"spip_out\" href=\"http:\/\/www.youtube.com\/watch?v=gbWmPN2I62Y\" target=\"_blank\" rel=\"noopener\" data-schema-attribute=\"\">contexto esot\u00e9rico (ver este link)<\/a> \u2014(<em>pero igualmente las partes\u00a0<a class=\"spip_out\" href=\"http:\/\/www.youtube.com\/watch?v=hSh-pc1voe0\" target=\"_blank\" rel=\"noopener\" data-schema-attribute=\"\">17<\/a>\u00a0;\u00a0<a class=\"spip_out\" href=\"http:\/\/www.youtube.com\/watch?v=73WNkaxU81g\" target=\"_blank\" rel=\"noopener\" data-schema-attribute=\"\">35<\/a>,\u00a0<a class=\"spip_out\" href=\"http:\/\/www.youtube.com\/watch?v=O-qIEf2fOs8\" target=\"_blank\" rel=\"noopener\" data-schema-attribute=\"\">44<\/a><\/em>),\u00a0<a class=\"spip_out\" href=\"https:\/\/www.youtube.com\/watch?v=C0WhshpWwXM\" target=\"_blank\" rel=\"noopener\" data-schema-attribute=\"\">o las extra\u00f1as configuraciones del d\u00f3lar<\/a>, no hay otra palabra para explicarlo mejor por el momento con respecto a esa celebraci\u00f3n de fecha.<\/span><\/p>\n<p>&nbsp;<\/p>\n<p><img loading=\"lazy\" decoding=\"async\" class=\"aligncenter wp-image-2289469\" src=\"https:\/\/puntocritico.com\/ausajpuntocritico\/wp-content\/uploads\/2023\/10\/No-Tube-4-u-2-300x240.png\" alt=\"\" width=\"380\" height=\"304\" data-id=\"2289469\" srcset=\"https:\/\/puntocritico.com\/ausajpuntocritico\/wp-content\/uploads\/2023\/10\/No-Tube-4-u-2-300x240.png 300w, https:\/\/puntocritico.com\/ausajpuntocritico\/wp-content\/uploads\/2023\/10\/No-Tube-4-u-2.png 481w\" sizes=\"auto, (max-width: 380px) 100vw, 380px\" \/><\/p>\n<blockquote>\n<p style=\"text-align: center;\"><span style=\"color: #008000; font-size: 14pt;\">Ver el documental:\u00a0<i>9-11 PRESS FOR TRUTH<\/i><\/span><br class=\"manualbr\" \/><br \/>\n<span style=\"color: #008000; font-size: 14pt;\">Subt\u00edtulos en castellano.<\/span><br class=\"manualbr\" \/><br \/>\n<span style=\"color: #008000; font-size: 14pt;\">Lo interesante de este documental, es la primera parte, que muestra la manipulaci\u00f3n de la investigaci\u00f3n judicial por el poder y la falta de inter\u00e9s de Washington por encontrar la verdad y las respuestas a los atentados del 11\/S.<\/span><br class=\"manualbr\" \/><br \/>\n<span style=\"color: #008000; font-size: 14pt;\">La segunda parte comete el error de seguir falsas pistas, es decir, seguir creyendo que fueron Ben Laden y sus fan\u00e1ticos combatientes isl\u00e1micos, porque como est\u00e1 demostrado, Ben Laden no es m\u00e1s que un espantap\u00e1jaros-colaborador que ha sido utilizado y manipulado [con su acuerdo o sin su acuerdo] por diab\u00f3licas cabezas pensantes, detr\u00e1s de las cortinas.<\/span><\/p>\n<\/blockquote>\n<p style=\"text-align: center;\"><span style=\"font-size: 14pt;\"><strong><span style=\"color: #008000;\">***<\/span><\/strong><\/span><\/p>\n<div class=\"article-text-images crayon article-texte-180189 \">\n<blockquote>\n<p style=\"text-align: center;\"><span style=\"font-size: 14pt; color: #008000;\"><strong>El 3 de noviembre de 2000 una fuente revel\u00f3 que un simulacro, \u00abPent\u00e1gono\u00bb tuvo lugar el 24 de octubre de 2000, es decir unos 10 meses antes del ataque al Pent\u00e1gono del 11 de septiembre de 2001, simulacro efectuado por un \u00f3rgano del ej\u00e9rcito de los EEUU. En dicho simulacro \u2014con una maqueta de dicho edificio\u2014, un avi\u00f3n se estralla o choca contra la fachada del Pent\u00e1gono, para probar la utilizaci\u00f3n de aviones como armas de ataque. En las fotos se ven los restos del avi\u00f3n fragmentado dentro del recinto del Pent\u00e1gono. La informaci\u00f3n\u00a0<a class=\"spip_out\" style=\"color: #008000;\" href=\"http:\/\/www.informationclearinghouse.info\/article3533.htm\" rel=\"external noopener\" target=\"_blank\">proviene del siguiente link<\/a>. \u00bfCasualidad?<\/strong><\/span><\/p>\n<\/blockquote>\n<\/div>\n<p class=\"spip\" style=\"text-align: center;\">\u00a0<\/p>\n<p style=\"text-align: center;\"><span style=\"font-size: 18pt;\"><strong>FIN<\/strong><\/span><\/p>\n<div class=\"article-text-author\" style=\"text-align: justify;\">\u00a0<\/div>\n<p><img loading=\"lazy\" decoding=\"async\" class=\"aligncenter wp-image-2226041\" src=\"https:\/\/puntocritico.com\/ausajpuntocritico\/wp-content\/uploads\/2021\/09\/11s-atentados-aviones-torres-gemelas-aniversario-terrorismo-islamico-estados-unidos-explosion.jpg\" alt=\"ISRAEL'S GREAT GAME \" width=\"440\" height=\"508\" data-id=\"2226041\" srcset=\"https:\/\/puntocritico.com\/ausajpuntocritico\/wp-content\/uploads\/2021\/09\/11s-atentados-aviones-torres-gemelas-aniversario-terrorismo-islamico-estados-unidos-explosion.jpg 624w, https:\/\/puntocritico.com\/ausajpuntocritico\/wp-content\/uploads\/2021\/09\/11s-atentados-aviones-torres-gemelas-aniversario-terrorismo-islamico-estados-unidos-explosion-260x300.jpg 260w, https:\/\/puntocritico.com\/ausajpuntocritico\/wp-content\/uploads\/2021\/09\/11s-atentados-aviones-torres-gemelas-aniversario-terrorismo-islamico-estados-unidos-explosion-610x704.jpg 610w\" sizes=\"auto, (max-width: 440px) 100vw, 440px\" \/><\/p>\n<p style=\"text-align: center;\"><span style=\"font-size: 18pt;\"><strong><span style=\"color: #008000;\">*******<\/span><\/strong><\/span><\/p>\n<blockquote>\n<h3 style=\"text-align: center;\"><span style=\"font-size: 18pt;\"><strong>Notas<\/strong><\/span><\/h3>\n<div id=\"nb1\" style=\"text-align: center;\">\n<p><span style=\"font-size: 14pt;\"><span class=\"spip_note_ref\"><strong>[1]<\/strong>\u00a0<\/span>Ver:\u00a0<a class=\"spip_out\" href=\"http:\/\/www.corriere.it\/politica\/07_novembre_30\/osama_berlusconi_cossiga_27f4ccee-9f55-11dc-8807-0003ba99c53b.shtml\" rel=\"external noopener\" target=\"_blank\">art\u00edculo original en italiano:<\/a>\u00a0<a class=\"spip_out\" href=\"http:\/\/mycatbirdseat.com\/2011\/06\/demystifying-911-israel-and-the-tactics-of-mistake\/\" rel=\"external noopener\" target=\"_blank\"><i>\u00abDemystifying 9\/11: Israel and the Tactics of Mistake\u00bb<\/i><\/a>, (\u00abDesmitificar el 11\/9: Israel y la t\u00e1ctica del error\u00bb).<\/span><\/p>\n<\/div>\n<div id=\"nb2\" style=\"text-align: center;\">\n<p><span style=\"font-size: 14pt;\"><span class=\"spip_note_ref\"><strong>[2]<\/strong>\u00a0<\/span><i>\u201cWildcard. Ruthless and cunning. Has capability to target U.S. forces and make it look like a Palestinian\/Arab act\u201d<\/i>\u00a0(Comod\u00edn. Despiadado y astuto. Tiene capacidad de atacar a las fuerzas estadounidenses y hacer que se vea como un acto palestino \/ \u00e1rabe) de Rowan Scarborough,\u00a0<a class=\"spip_out\" href=\"http:\/\/www.washingtontimes.com\/news\/2001\/sep\/10\/20010910-025319-6906r\/\" rel=\"external noopener\" target=\"_blank\">U.S. troops would enforce peace Under Army study\u00bb<\/a>, (las tropas estadounidenses para imponer la paz. Un estudio del Ej\u00e9rcito), diario\u00a0<i>The Washington Times<\/i>, 10 de septiembre de 2001).<\/span><\/p>\n<\/div>\n<div id=\"nb3\" style=\"text-align: center;\">\n<p><span style=\"font-size: 14pt;\"><span class=\"spip_note_ref\"><strong>[3]<\/strong>\u00a0<\/span>Adem\u00e1s del libro del autor Hicham Hamza y aquel escrito por Christopher Bollyn, consultar igualmente el archivo de Justin Raimondo,\u00a0<i>The Terror Enigma : 9\/11 and the Israeli Connection<\/i>\u00a0(El Enigma Terror: 9\/11 y la conexi\u00f3n israel\u00ed, editorial Universal, 2003). Tambi\u00e9n existe un art\u00edculo interesante de Christopher Ketcham,\u00a0<a class=\"spip_out\" href=\"http:\/\/www.counterpunch.org\/2007\/03\/07\/what-did-israel-know-in-advance-of-the-9-11-attacks\/\" rel=\"external noopener\" target=\"_blank\"><i>\u00abWhat Did Israel Know in Advance of the 9\/11 Attacks?\u00bb<\/i><\/a>\u00a0(\u00ab\u00bfQu\u00e9 hizo Israel sabiendo de antemano de los ataques del 9\/ 11?\u00bb), fuente:\u00a0<i>CounterPunch<\/i>, 2007, vol . 14, p. 1-10.) .<\/span><\/p>\n<\/div>\n<div id=\"nb4\" style=\"text-align: center;\">\n<p><span style=\"font-size: 14pt;\"><span class=\"spip_note_ref\"><strong>[4]<\/strong>\u00a0<\/span><i>\u00abVehicle possibly related to New York terrorist attack. White, 2000 Chevrolet van with New Jersey registration with \u2019Urban Moving Systems\u2019 sign on back seen at Liberty State Park, Jersey City, NJ, at the time of first impact of jetliner into World Trade Center. Three individuals with van were seen celebrating after initial impact and subsequent explosion\u00bb<\/i>\u00a0(Raimondo,\u00a0<i>The Terror Enigma<\/i>, p\u00e1gina xi).<\/span><\/p>\n<\/div>\n<div id=\"nb5\" style=\"text-align: center;\">\n<p><span style=\"font-size: 14pt;\"><span class=\"spip_note_ref\"><strong>[5]<\/strong>\u00a0<\/span><i>\u00abWe are Israelis. We are not your problem. Your problems are our problems. The Palestinians are your problem\u00bb<\/i>\u00a0(Hicham Hamza,\u00a0<i>Le Grand Tabou<\/i>, cap\u00edtulo. 2).<\/span><\/p>\n<\/div>\n<div id=\"nb6\" style=\"text-align: center;\">\n<p><span style=\"font-size: 14pt;\"><span class=\"spip_note_ref\"><strong>[6]<\/strong>\u00a0<\/span><i>\u00abThere are maps of the city in the car with certain places highlighted. It looked like they\u2019re hooked in with this. It looked like they knew what was going to happen when they were at Liberty State Park\u00bb<\/i>\u00a0(Raimondo,\u00a0<i>The Terror Enigma<\/i>, p\u00e1gina xi).<\/span><\/p>\n<\/div>\n<div id=\"nb7\" style=\"text-align: center;\">\n<p><span style=\"font-size: 14pt;\"><span class=\"spip_note_ref\"><strong>[7]<\/strong>\u00a0<\/span><i>\u00abI was in tears. These guys were joking and that bothered me\u00bb<\/i>\u00a0(Raimondo,\u00a0<strong>The Terror Enigma<\/strong>, p\u00e1gina 19). Hamza,\u00a0<i>Le Grand Tabou<\/i>, cap\u00edtulo 2.<\/span><\/p>\n<\/div>\n<div id=\"nb8\" style=\"text-align: center;\">\n<p><span style=\"font-size: 14pt;\"><strong><span class=\"spip_note_ref\">[8]\u00a0<\/span><\/strong><i>\u00abThey smiled, they hugged each other and they appeared to \u2018high five\u2019 one another\u00bb ; \u00abthe United States will take steps to stop terrorism in the world\u00bb ; \u00ab Give us twenty years and we\u2019ll take over your media and destroy your country\u00bb ; \u00aban individual in South America with authentic ties to Islamic militants in the middle east\u00bb ; \u00abThe vehicule was also searched by a trained bomb-sniffing dog which yielded a positive result for the presence of explosive traces\u00bb<\/i>\u00a0(Hamza,\u00a0<i>Le Grand Tabou<\/i>, cap\u00edtulo 2).<\/span><\/p>\n<\/div>\n<div id=\"nb9\" style=\"text-align: center;\">\n<p><span style=\"font-size: 14pt;\"><span class=\"spip_note_ref\"><strong>[9]<\/strong>\u00a0<\/span><i>\u00abthat the FBI no longer has any investigative interests in the detainees and they should proceed with the appropriate immigration proceedings\u00bb<\/i>\u00a0(Hamza,\u00a0<i>Le Grand Tabou<\/i>, cap\u00edtulo 2).<\/span><\/p>\n<\/div>\n<div id=\"nb10\" style=\"text-align: center;\">\n<p><span style=\"font-size: 14pt;\"><strong><span class=\"spip_note_ref\">[10]\u00a0<\/span><\/strong><i>\u201cOur purpose was to document the event\u201d<\/i>\u00a0(voir sur Youtube, \u00abDancing Israelis Our purpose was to document the event\u00bb).<\/span><\/p>\n<\/div>\n<div id=\"nb11\" style=\"text-align: center;\">\n<p><span style=\"font-size: 14pt;\"><span class=\"spip_note_ref\"><strong>[11]<\/strong>\u00a0<\/span><i>\u00abYes, we have a white van, 2 or 3 guys in there, they look like Palestinians and going around a building. [\u2026] I see the guy by Newark Airport mixing some junk and he has those sheikh uniforms. [\u2026] He\u2019s dressed like an Arab\u00bb<\/i>\u00a0(Bollyn, Solving 9-11, p\u00e1ginas 278-80).<\/span><\/p>\n<\/div>\n<div id=\"nb12\" style=\"text-align: center;\">\n<p><span style=\"font-size: 14pt;\"><span class=\"spip_note_ref\"><strong>[12]<\/strong>\u00a0<\/span>\u00cddem.<\/span><\/p>\n<\/div>\n<div id=\"nb13\" style=\"text-align: center;\">\n<p><span style=\"font-size: 14pt;\"><span class=\"spip_note_ref\"><strong>[13]<\/strong>\u00a0<\/span>\u00ab<a class=\"spip_out\" href=\"http:\/\/cryptome.org\/dea-il-spy.htm\" rel=\"external noopener\" target=\"_blank\">In the past six weeks, employees in federal office buildings located throughout the United States have reported suspicious activities connected with individuals representing themselves as foreign students selling or delivering artwork.\u201d \u201cthese individuals have also gone to the private residences of senior federal officials under the guise of selling art.<\/a>\u00bb. El informe completo de la DEA se encuentra en su sitio web.<\/span><\/p>\n<\/div>\n<div id=\"nb14\" style=\"text-align: center;\">\n<p><span style=\"font-size: 14pt;\"><strong><span class=\"spip_note_ref\">[14]\u00a0<\/span><\/strong><i>\u201cThe nature of the individuals\u2019 conducts [\u2026] leads us to believe the incidents may well be an organized intelligence gathering activity\u201d<\/i>\u00a0(Raimondo,\u00a0<i>The Terror Enigma<\/i>, p\u00e1gina x).<\/span><\/p>\n<\/div>\n<div id=\"nb15\" style=\"text-align: center;\">\n<p><span style=\"font-size: 14pt;\"><span class=\"spip_note_ref\"><strong>[15]<\/strong>\u00a0<\/span><i>\u201cacknowledged he could blow up buildings, bridges, cars, and anything else that he needed to\u201d<\/i>\u00a0(Bollyn,\u00a0<i>Solving 9\/11<\/i>, p\u00e1gina 159).<\/span><\/p>\n<\/div>\n<div id=\"nb16\" style=\"text-align: center;\">\n<p><span style=\"font-size: 14pt;\"><span class=\"spip_note_ref\"><strong>[16]<\/strong>\u00a0<\/span><i>\u201cThe Hollywood, Florida, area seems to be a central point for these individuals\u201d<\/i>\u00a0(Raimondo,\u00a0<i>The Terror Enigma\u00a0<\/i>, p\u00e1gina 3).<\/span><\/p>\n<\/div>\n<div id=\"nb17\" style=\"text-align: center;\">\n<p><span style=\"font-size: 14pt;\"><span class=\"spip_note_ref\"><strong>[17]<\/strong>\u00a0<\/span>De eufemismo: Palabra o expresi\u00f3n con que se sustituye a otra m\u00e1s grosera, impertinente, violenta o que se considera tab\u00fa, citado en WordReference.<\/span><\/p>\n<\/div>\n<div id=\"nb18\" style=\"text-align: center;\">\n<p><span style=\"font-size: 14pt;\"><span class=\"spip_note_ref\"><strong>[18]<\/strong>\u00a0<\/span>David Ray Griffin,\u00a0<i>9\/11 Contradictions<\/i>, Arris Books, 2008, p\u00e1ginas 142-156, citando al\u00a0<i>Daily Mail<\/i>, al diario\u00a0<i>Boston Herald<\/i>, al diario\u00a0<i>San Francisco Chronicle<\/i>\u00a0y al diario\u00a0<i>Wall Street Journal<\/i>.<\/span><\/p>\n<\/div>\n<div id=\"nb19\" style=\"text-align: center;\">\n<p><span style=\"font-size: 14pt;\"><span class=\"spip_note_ref\"><strong>[19]<\/strong>\u00a0<\/span><i><a class=\"spip_out\" href=\"http:\/\/www.nist.gov\/customcf\/get_pdf.cfm?pub_id=909236\" rel=\"external noopener\" target=\"_blank\">\u00abThe aircraft cut a gash that was over half the width of the building and extended from the 93rd floor to the 99th floor. All but the lowest of these floors were occupied by Marsh &amp; McLennan, a worldwide insurance company, which also occupied the 100th floor<\/a>\u00bb<\/i>\u00a0(p\u00e1gina 20). Estos elementos han sido analizados por Lalo Vespera en su obra\u00a0<i>La Parenth\u00e8se enchant\u00e9e<\/i>\u00a0(La Par\u00e9ntesis encantada-&gt;\u00a0<a class=\"spip_url spip_out auto\" href=\"http:\/\/www.reopen911.info\/News\/2012\/09\/11\/la-parenthese-enchantee-1011-lucky-guys\/\" rel=\"nofollow external noopener\" target=\"_blank\">http:\/\/www.reopen911.info\/News\/2012\/09\/11\/la-parenthese-enchantee-1011-lucky-guys\/<\/a>] cap\u00edtulo 10.<\/span><\/p>\n<\/div>\n<div id=\"nb20\" style=\"text-align: center;\">\n<p><span style=\"font-size: 14pt;\"><span class=\"spip_note_ref\"><strong>[20]<\/strong>\u00a0<\/span>\u00abLike an act of God, we moved\u00bb (diario\u00a0<i>USA Today<\/i>, 17 de septiembre de 2001).<\/span><\/p>\n<\/div>\n<div id=\"nb21\" style=\"text-align: center;\">\n<p><span style=\"font-size: 14pt;\"><span class=\"spip_note_ref\"><strong>[21]<\/strong>\u00a0<\/span><i>\u201cevidence that there were foreign governments involved in facilitating the activities of at least some of the terrorists in the United States\u201d<\/i>\u00a0(Raimondo,\u00a0<i>The Terror Enigma<\/i>, p\u00e1gina 64).<\/span><\/p>\n<\/div>\n<div id=\"nb22\" style=\"text-align: center;\">\n<p><span style=\"font-size: 14pt;\"><span class=\"spip_note_ref\"><strong>[22]<\/strong>\u00a0<\/span><i>\u00ab the threat of civil unrest against the monarchy, led by al Qaeda \u00bb<\/i>\u00a0(<a class=\"spip_out\" href=\"http:\/\/www.thedailybeast.com\/articles\/2011\/07\/11\/saudi-arabia-fried-or-foe-asks-senator-bob-graham.html\" rel=\"external noopener\" target=\"_blank\">\u00abSaudi Arabia: Friend or Foe ?\u00bb<\/a>, diario\u00a0<i>The Daily Beast<\/i>, 11 de julio de 2011).<\/span><\/p>\n<\/div>\n<div id=\"nb23\" style=\"text-align: center;\">\n<p><span style=\"font-size: 14pt;\"><strong><span class=\"spip_note_ref\">[23]\u00a0<\/span><\/strong><i>The Keys to the Kingdom<\/i>, ediciones Vanguard Press, 2011.<\/span><\/p>\n<\/div>\n<div id=\"nb24\" style=\"text-align: center;\">\n<p><span style=\"font-size: 14pt;\"><strong><span class=\"spip_note_ref\">[24]\u00a0<\/span><\/strong>Resumen de\u00a0<a class=\"spip_out\" href=\"http:\/\/www.amazon.ca\/Guerre-Dapres-La-LAURENT-MURAWIEC\/dp\/2226137548\" rel=\"external noopener\" target=\"_blank\">Amazon.ca<\/a>, ver link.<\/span><\/p>\n<\/div>\n<div id=\"nb25\" style=\"text-align: center;\">\n<p><span style=\"font-size: 14pt;\"><strong><span class=\"spip_note_ref\">[25]\u00a0<\/span><\/strong>No s\u00f3lo el movimiento\u00a0<i>9\/11 Truth<\/i>\u00a0que busca la verdad sobre lo acontecido el 11 de septiembre cay\u00f3 en la trampa de la pista de la monarqu\u00eda de Arabia Saudita, sino que incluso el famoso documentalista y cineasta\u00a0<a class=\"spip_out\" href=\"http:\/\/es.wikipedia.org\/wiki\/Michael_Moore\" rel=\"external noopener\" target=\"_blank\">Michael Moore<\/a>\u00a0repite el mismo error en su c\u00e9lebre film\u00a0<a class=\"spip_out\" href=\"http:\/\/es.wikipedia.org\/wiki\/Fahrenheit_9\/11\" rel=\"external noopener\" target=\"_blank\">Fahrenheit 9\/11<\/a>. Ver ese\u00a0<a class=\"spip_out\" href=\"http:\/\/www.youtube.com\/watch?v=XHrLbOY2s4w\" rel=\"external noopener\" target=\"_blank\">extracto del film<\/a>\u00a0en este link<\/span><\/p>\n<\/div>\n<div id=\"nb26\" style=\"text-align: center;\">\n<p><span style=\"font-size: 14pt;\"><strong><span class=\"spip_note_ref\">[26]\u00a0<\/span><\/strong>\u00ab<a class=\"spip_out\" href=\"http:\/\/www.voltairenet.org\/article144064.html\" rel=\"external noopener\" target=\"_blank\">Controlando la imagen: Noam Chomsky y el conflicto israelo-palestino<\/a>\u00bb y \u00ab<a class=\"spip_out\" href=\"http:\/\/www.voltairenet.org\/article144157.html\" rel=\"external noopener\" target=\"_blank\">En contra de lo que afirma Chomsky en su teor\u00eda, los EEUU no tienen nada que ganar apoyando Israel<\/a>\u00bb, por Jeffrey Blankfort, traducci\u00f3n de\u00a0<i>HV &amp; SC<\/i>, para la Red Voltaire, 22 noviembre y 24 de noviembre de 2006,<\/span><\/p>\n<\/div>\n<div id=\"nb27\" style=\"text-align: center;\">\n<p><span style=\"font-size: 14pt;\"><strong><span class=\"spip_note_ref\">[27]\u00a0<\/span><\/strong><i>\u201cOf course it was Iraq\u2019s energy resources. It\u2019s not even a question\u201d<\/i>\u00a0(citado en Stephen Sniegoski,\u00a0<i>The Transparent Cabal : The Neoconservative Agenda, War in the Middle East, and the National Interest of Israel<\/i>, editorial Enigma, 2008, p\u00e1gina 333).<\/span><\/p>\n<\/div>\n<div id=\"nb28\" style=\"text-align: center;\">\n<p><span style=\"font-size: 14pt;\"><span class=\"spip_note_ref\"><strong>[28]<\/strong>\u00a0<\/span>\u201c \u2018Big Oil\u2019 not only did not promote the invasion, but has failed to secure a single oil field, despite the presence of 160,000 US troops, 127,000 Pentagon\/State Department paid mercenaries and a corrupt puppet r\u00e9gime \u00bb (James Petras,\u00a0<i>Zionism, Militarism and the Decline of US Power<\/i>, ediciones Clarity Press, 2008, p\u00e1gina 18).<\/span><\/p>\n<\/div>\n<div id=\"nb29\" style=\"text-align: center;\">\n<p><span style=\"font-size: 14pt;\"><strong><span class=\"spip_note_ref\">[29]\u00a0<\/span><\/strong>Definici\u00f3n: Acci\u00f3n astuta y enga\u00f1osa para conseguir algo, especialmente en el arte de la guerra, fuente: wordreference.<\/span><\/p>\n<\/div>\n<div id=\"nb30\" style=\"text-align: center;\">\n<p><span style=\"font-size: 14pt;\"><span class=\"spip_note_ref\"><strong>[30]<\/strong>\u00a0<\/span>Ver:\u00a0<a class=\"spip_out\" href=\"http:\/\/www.voltairenet.org\/article178265.html\" rel=\"external noopener\" target=\"_blank\">Kennedy, le lobby et la bombe<\/a>, texto en franc\u00e9s, R\u00e9seau Voltaire.<\/span><\/p>\n<\/div>\n<div id=\"nb31\" style=\"text-align: center;\">\n<p><span style=\"font-size: 14pt;\"><span class=\"spip_note_ref\"><strong>[31]<\/strong>\u00a0<\/span>Gordon Thomas,\u00a0<i>Histoire secr\u00e8te du Mossad: de 1951 \u00e0 nos jours<\/i>, ediciones Nouveau Monde \u00e9ditions, 2006, p\u00e1ginas. 384-5.<\/span><\/p>\n<\/div>\n<div id=\"nb32\" style=\"text-align: center;\">\n<p><span style=\"font-size: 14pt;\"><span class=\"spip_note_ref\"><strong>[32]<\/strong>\u00a0<\/span>Thomas,\u00a0<i>Histoire secr\u00e8te du Mossad<\/i>, p\u00e1ginas. 410-41.<\/span><\/p>\n<\/div>\n<div id=\"nb33\" style=\"text-align: center;\">\n<p><span style=\"font-size: 14pt;\"><span class=\"spip_note_ref\"><strong>[33]<\/strong>\u00a0<\/span><i>\u201cAn act of catastrophic terrorism that killed thousands or tens of thousands of people and\/or disrupted the necessities of life for hundreds of thousands, or even millions, would be a watershed event in America\u2019s history. It could involve loss of life and property unprecedented for peacetime and undermine Americans\u2019 fundamental sense of security within their own borders in a manner akin to the 1949 Soviet atomic bomb test, or perhaps even worse. [\u2026] Like Pearl Harbor, the event would divide our past and future into a before and after. The United States might respond with draconian measures scaling back civil liberties, allowing wider surveillance of citizens, detention of suspects and use of deadly force\u201d<\/i>\u00a0(Griffin,\u00a0<i>9\/11 Contradictions<\/i>, p\u00e1ginas 295-6).<\/span><\/p>\n<\/div>\n<\/blockquote>\n<div id=\"nb34\">\n<blockquote>\n<p style=\"text-align: center;\"><span style=\"font-size: 14pt;\"><span class=\"spip_note_ref\"><strong>[34]<\/strong>\u00a0<\/span><i>\u201ctrying to spoil the U.S.-Yemeni Relationship\u201d<\/i><\/span><\/p>\n<\/blockquote>\n<\/div>\n<p>&nbsp;<\/p>\n<p><img loading=\"lazy\" decoding=\"async\" class=\"aligncenter wp-image-2226037\" src=\"https:\/\/puntocritico.com\/ausajpuntocritico\/wp-content\/uploads\/2021\/09\/11s-atentados-torres-gemelas-destruccion-nueva-york-aniversario-terrorismo-islamista-estados-unidos-xl-1024x682.jpg\" alt=\"\" width=\"750\" height=\"500\" data-id=\"2226037\" srcset=\"https:\/\/puntocritico.com\/ausajpuntocritico\/wp-content\/uploads\/2021\/09\/11s-atentados-torres-gemelas-destruccion-nueva-york-aniversario-terrorismo-islamista-estados-unidos-xl-1024x682.jpg 1024w, https:\/\/puntocritico.com\/ausajpuntocritico\/wp-content\/uploads\/2021\/09\/11s-atentados-torres-gemelas-destruccion-nueva-york-aniversario-terrorismo-islamista-estados-unidos-xl-300x200.jpg 300w, https:\/\/puntocritico.com\/ausajpuntocritico\/wp-content\/uploads\/2021\/09\/11s-atentados-torres-gemelas-destruccion-nueva-york-aniversario-terrorismo-islamista-estados-unidos-xl-768x512.jpg 768w, https:\/\/puntocritico.com\/ausajpuntocritico\/wp-content\/uploads\/2021\/09\/11s-atentados-torres-gemelas-destruccion-nueva-york-aniversario-terrorismo-islamista-estados-unidos-xl-1536x1023.jpg 1536w, https:\/\/puntocritico.com\/ausajpuntocritico\/wp-content\/uploads\/2021\/09\/11s-atentados-torres-gemelas-destruccion-nueva-york-aniversario-terrorismo-islamista-estados-unidos-xl-610x406.jpg 610w, https:\/\/puntocritico.com\/ausajpuntocritico\/wp-content\/uploads\/2021\/09\/11s-atentados-torres-gemelas-destruccion-nueva-york-aniversario-terrorismo-islamista-estados-unidos-xl-1320x879.jpg 1320w, https:\/\/puntocritico.com\/ausajpuntocritico\/wp-content\/uploads\/2021\/09\/11s-atentados-torres-gemelas-destruccion-nueva-york-aniversario-terrorismo-islamista-estados-unidos-xl.jpg 1920w\" sizes=\"auto, (max-width: 750px) 100vw, 750px\" \/><\/p>\n<p style=\"text-align: center;\"><span style=\"font-size: 18pt;\"><strong><span style=\"color: #008000;\">*******<\/span><\/strong><\/span><\/p>\n<figure id=\"attachment_25469\" aria-describedby=\"caption-attachment-25469\" style=\"width: 480px\" class=\"wp-caption aligncenter\"><a href=\"https:\/\/puntocritico.com\/ausajpuntocritico\/2022\/01\/12\/el-11-de-septiembre-y-el-temor\/\"><img loading=\"lazy\" decoding=\"async\" class=\"wp-image-25469\" src=\"https:\/\/puntocritico.com\/ausajpuntocritico\/wp-content\/uploads\/2019\/12\/Bernstein-Principal-OK.jpg\" alt=\"\" width=\"480\" height=\"270\" data-id=\"25469\" srcset=\"https:\/\/puntocritico.com\/ausajpuntocritico\/wp-content\/uploads\/2019\/12\/Bernstein-Principal-OK.jpg 678w, https:\/\/puntocritico.com\/ausajpuntocritico\/wp-content\/uploads\/2019\/12\/Bernstein-Principal-OK-300x169.jpg 300w\" sizes=\"auto, (max-width: 480px) 100vw, 480px\" \/><\/a><figcaption id=\"caption-attachment-25469\" class=\"wp-caption-text\"><a href=\"https:\/\/puntocritico.com\/ausajpuntocritico\/2022\/01\/12\/el-11-de-septiembre-y-el-temor\/\"><span style=\"color: #008000;\">EL 11 DE SEPTIEMBRE Y EL TEMOR , por Maximiliano E. Korstanje. Cr\u00edtica de \u00abEl Abuso del Mal. La Corrupci\u00f3n de la Pol\u00edtica y la Religi\u00f3n desde 11\/9\u00bb (Richard J. Bernstein)<\/span><\/a><\/figcaption><\/figure>\n<p style=\"text-align: center;\"><span style=\"color: #008000;\"><strong><span style=\"font-size: 18pt;\">***<\/span><\/strong><\/span><\/p>\n<h2 style=\"text-align: justify;\"><span style=\"font-size: 14pt;\"><strong>RELACIONADOS:<\/strong><\/span><\/h2>\n<blockquote class=\"wp-embedded-content\" data-secret=\"gI1w3c6Oy8\"><p><a href=\"https:\/\/puntocritico.com\/ausajpuntocritico\/2022\/04\/09\/secretos-de-estado\/\">\u00abSECRETOS DE ESTADO\u00bb, (\u00abOfficial Secrets\u00bb, pel\u00edcula de Gavin Hood, 2019; basada en hechos reales). LA GUERRA DE IRAK: MENTIRAS DE DESTRUCCI\u00d3N MASIVA: La conocida estrategia de EE.UU. para iniciar guerras.<\/a><\/p><\/blockquote>\n<p><iframe loading=\"lazy\" class=\"wp-embedded-content\" sandbox=\"allow-scripts\" security=\"restricted\" style=\"position: absolute; visibility: hidden;\" title=\"\u00ab\u00abSECRETOS DE ESTADO\u00bb, (\u00abOfficial Secrets\u00bb, pel\u00edcula de Gavin Hood, 2019; basada en hechos reales). LA GUERRA DE IRAK: MENTIRAS DE DESTRUCCI\u00d3N MASIVA: La conocida estrategia de EE.UU. para iniciar guerras.\u00bb \u2014 Punto Cr\u00edtico Derechos Humanos\" src=\"https:\/\/puntocritico.com\/ausajpuntocritico\/2022\/04\/09\/secretos-de-estado\/embed\/#?secret=9FqYLcvyid#?secret=gI1w3c6Oy8\" data-secret=\"gI1w3c6Oy8\" width=\"500\" height=\"282\" frameborder=\"0\" marginwidth=\"0\" marginheight=\"0\" scrolling=\"no\"><\/iframe><\/p>\n<blockquote class=\"wp-embedded-content\" data-secret=\"L2RexQBxga\"><p><a href=\"https:\/\/puntocritico.com\/ausajpuntocritico\/2021\/12\/25\/atentado-de-madrid\/\">Un nuevo Dreyfus, Jamal Zougam \u00bfchivo expiatorio del atentado de Madrid?<\/a><\/p><\/blockquote>\n<p><iframe loading=\"lazy\" class=\"wp-embedded-content\" sandbox=\"allow-scripts\" security=\"restricted\" style=\"position: absolute; visibility: hidden;\" title=\"\u00abUn nuevo Dreyfus, Jamal Zougam \u00bfchivo expiatorio del atentado de Madrid?\u00bb \u2014 Punto Cr\u00edtico Derechos Humanos\" src=\"https:\/\/puntocritico.com\/ausajpuntocritico\/2021\/12\/25\/atentado-de-madrid\/embed\/#?secret=cvxrrbzhq8#?secret=L2RexQBxga\" data-secret=\"L2RexQBxga\" width=\"500\" height=\"282\" frameborder=\"0\" marginwidth=\"0\" marginheight=\"0\" scrolling=\"no\"><\/iframe><\/p>\n<blockquote class=\"wp-embedded-content\" data-secret=\"PxtUa0peYu\"><p><a href=\"https:\/\/puntocritico.com\/ausajpuntocritico\/2021\/09\/11\/20-anos-del-11-s\/\">20 A\u00d1OS DEL 11-S: NEW WORLD ORDER: SU IMPLANTACI\u00d3N ES AJENA AL PRINCIPIO DEMOCR\u00c1TICO, SE IMPONE POR MEDIO DE UNA CADENA DE \u00abSHOCKS\u00bb: Documentales \u00ab11-S: ZONA CERO\u00bb y \u00ab11S, Arquitectos e Ingenieros Por la Verdad\u00bb<\/a><\/p><\/blockquote>\n<p><iframe loading=\"lazy\" class=\"wp-embedded-content\" sandbox=\"allow-scripts\" security=\"restricted\" style=\"position: absolute; visibility: hidden;\" title=\"\u00ab20 A\u00d1OS DEL 11-S: NEW WORLD ORDER: SU IMPLANTACI\u00d3N ES AJENA AL PRINCIPIO DEMOCR\u00c1TICO, SE IMPONE POR MEDIO DE UNA CADENA DE \u00abSHOCKS\u00bb: Documentales \u00ab11-S: ZONA CERO\u00bb y \u00ab11S, Arquitectos e Ingenieros Por la Verdad\u00bb\u00bb \u2014 Punto Cr\u00edtico Derechos Humanos\" src=\"https:\/\/puntocritico.com\/ausajpuntocritico\/2021\/09\/11\/20-anos-del-11-s\/embed\/#?secret=iaxBwkz2ny#?secret=PxtUa0peYu\" data-secret=\"PxtUa0peYu\" width=\"500\" height=\"282\" frameborder=\"0\" marginwidth=\"0\" marginheight=\"0\" scrolling=\"no\"><\/iframe><\/p>\n<blockquote class=\"wp-embedded-content\" data-secret=\"OSePoBK3TI\"><p><a href=\"https:\/\/puntocritico.com\/ausajpuntocritico\/2023\/10\/12\/gaza-under-fire\/\">GAZA UNDER FIRE: LA POL\u00cdTICA DEL TERROR: Supervivientes del bombardeo en la Franja de Gaza: \u00abEntraban a las casas a matar a quien fuera. Ha sido una masacre\u00bb<\/a><\/p><\/blockquote>\n<p><iframe loading=\"lazy\" class=\"wp-embedded-content\" sandbox=\"allow-scripts\" security=\"restricted\" style=\"position: absolute; visibility: hidden;\" title=\"\u00abGAZA UNDER FIRE: LA POL\u00cdTICA DEL TERROR: Supervivientes del bombardeo en la Franja de Gaza: \u00abEntraban a las casas a matar a quien fuera. Ha sido una masacre\u00bb\u00bb \u2014 Punto Cr\u00edtico Derechos Humanos\" src=\"https:\/\/puntocritico.com\/ausajpuntocritico\/2023\/10\/12\/gaza-under-fire\/embed\/#?secret=63yrTAtJgB#?secret=OSePoBK3TI\" data-secret=\"OSePoBK3TI\" width=\"500\" height=\"282\" frameborder=\"0\" marginwidth=\"0\" marginheight=\"0\" scrolling=\"no\"><\/iframe><\/p>\n<blockquote class=\"wp-embedded-content\" data-secret=\"6fASn6w7B7\"><p><a href=\"https:\/\/puntocritico.com\/ausajpuntocritico\/2023\/10\/16\/chris-hedges-los-palestinos-hablan-el-lenguaje-de-la-violencia-que-les-enseno-israel\/\">CHRIS HEDGES: \u00abLos palestinos hablan el lenguaje de la violencia que les ense\u00f1\u00f3 Israel\u00bb<\/a><\/p><\/blockquote>\n<p><iframe loading=\"lazy\" class=\"wp-embedded-content\" sandbox=\"allow-scripts\" security=\"restricted\" style=\"position: absolute; visibility: hidden;\" title=\"\u00abCHRIS HEDGES: \u00abLos palestinos hablan el lenguaje de la violencia que les ense\u00f1\u00f3 Israel\u00bb\u00bb \u2014 Punto Cr\u00edtico Derechos Humanos\" src=\"https:\/\/puntocritico.com\/ausajpuntocritico\/2023\/10\/16\/chris-hedges-los-palestinos-hablan-el-lenguaje-de-la-violencia-que-les-enseno-israel\/embed\/#?secret=lyKHmATsDO#?secret=6fASn6w7B7\" data-secret=\"6fASn6w7B7\" width=\"500\" height=\"282\" frameborder=\"0\" marginwidth=\"0\" marginheight=\"0\" scrolling=\"no\"><\/iframe><\/p>\n<blockquote class=\"wp-embedded-content\" data-secret=\"o75ewj4tCH\"><p><a href=\"https:\/\/puntocritico.com\/ausajpuntocritico\/2023\/10\/17\/es-hamas-una-criatura-de-israel-el-11-de-septiembre-del-medio-oriente\/\">\u00bfES HAM\u00c1S UNA CRIATURA DE ISRAEL?: El 11 de septiembre del Medio Oriente<\/a><\/p><\/blockquote>\n<p><iframe loading=\"lazy\" class=\"wp-embedded-content\" sandbox=\"allow-scripts\" security=\"restricted\" style=\"position: absolute; visibility: hidden;\" title=\"\u00ab\u00bfES HAM\u00c1S UNA CRIATURA DE ISRAEL?: El 11 de septiembre del Medio Oriente\u00bb \u2014 Punto Cr\u00edtico Derechos Humanos\" src=\"https:\/\/puntocritico.com\/ausajpuntocritico\/2023\/10\/17\/es-hamas-una-criatura-de-israel-el-11-de-septiembre-del-medio-oriente\/embed\/#?secret=t7JoaIUMEc#?secret=o75ewj4tCH\" data-secret=\"o75ewj4tCH\" width=\"500\" height=\"282\" frameborder=\"0\" marginwidth=\"0\" marginheight=\"0\" scrolling=\"no\"><\/iframe><\/p>\n<blockquote class=\"wp-embedded-content\" data-secret=\"S6iKrvoqpT\"><p><a href=\"https:\/\/puntocritico.com\/ausajpuntocritico\/2018\/05\/24\/palestina-y-el-terrorismo-de-estado\/\">PALESTINA Y EL TERRORISMO DE ESTADO<\/a><\/p><\/blockquote>\n<p><iframe loading=\"lazy\" class=\"wp-embedded-content\" sandbox=\"allow-scripts\" security=\"restricted\" style=\"position: absolute; visibility: hidden;\" title=\"\u00abPALESTINA Y EL TERRORISMO DE ESTADO\u00bb \u2014 Punto Cr\u00edtico Derechos Humanos\" src=\"https:\/\/puntocritico.com\/ausajpuntocritico\/2018\/05\/24\/palestina-y-el-terrorismo-de-estado\/embed\/#?secret=rZHR5Evyhe#?secret=S6iKrvoqpT\" data-secret=\"S6iKrvoqpT\" width=\"500\" height=\"282\" frameborder=\"0\" marginwidth=\"0\" marginheight=\"0\" scrolling=\"no\"><\/iframe><\/p>\n<blockquote class=\"wp-embedded-content\" data-secret=\"0tYHx9wVMT\"><p><a href=\"https:\/\/puntocritico.com\/ausajpuntocritico\/2022\/05\/23\/rusia-y-la-doctrina-del-shock\/\">NOAM CHOMSKY: \u00abEEUU no quiere una salida diplom\u00e1tica (en Ucrania)\u00bb. RUSIA Y LA DOCTRINA DEL SHOCK (privatizaciones corruptas de los 90&#8242;, dise\u00f1adas en la Universidad de Harvard)<\/a><\/p><\/blockquote>\n<p><iframe loading=\"lazy\" class=\"wp-embedded-content\" sandbox=\"allow-scripts\" security=\"restricted\" style=\"position: absolute; visibility: hidden;\" title=\"\u00abNOAM CHOMSKY: \u00abEEUU no quiere una salida diplom\u00e1tica (en Ucrania)\u00bb. RUSIA Y LA DOCTRINA DEL SHOCK (privatizaciones corruptas de los 90&#8242;, dise\u00f1adas en la Universidad de Harvard)\u00bb \u2014 Punto Cr\u00edtico Derechos Humanos\" src=\"https:\/\/puntocritico.com\/ausajpuntocritico\/2022\/05\/23\/rusia-y-la-doctrina-del-shock\/embed\/#?secret=4IDF2M7KUC#?secret=0tYHx9wVMT\" data-secret=\"0tYHx9wVMT\" width=\"500\" height=\"282\" frameborder=\"0\" marginwidth=\"0\" marginheight=\"0\" scrolling=\"no\"><\/iframe><\/p>\n<blockquote class=\"wp-embedded-content\" data-secret=\"MzfE3XZny7\"><p><a href=\"https:\/\/puntocritico.com\/ausajpuntocritico\/2022\/01\/18\/psicosis-de-formacion-masiva\/\">PSICOSIS DE FORMACI\u00d3N MASIVA. COVID-19: \u00abComo los medios corporativos, generando ansiedad, han formado masas que les creen sin cuestionar\u00bb<\/a><\/p><\/blockquote>\n<p><iframe loading=\"lazy\" class=\"wp-embedded-content\" sandbox=\"allow-scripts\" security=\"restricted\" style=\"position: absolute; visibility: hidden;\" title=\"\u00abPSICOSIS DE FORMACI\u00d3N MASIVA. COVID-19: \u00abComo los medios corporativos, generando ansiedad, han formado masas que les creen sin cuestionar\u00bb\u00bb \u2014 Punto Cr\u00edtico Derechos Humanos\" src=\"https:\/\/puntocritico.com\/ausajpuntocritico\/2022\/01\/18\/psicosis-de-formacion-masiva\/embed\/#?secret=99y8jOoNDh#?secret=MzfE3XZny7\" data-secret=\"MzfE3XZny7\" width=\"500\" height=\"282\" frameborder=\"0\" marginwidth=\"0\" marginheight=\"0\" scrolling=\"no\"><\/iframe><\/p>\n<blockquote class=\"wp-embedded-content\" data-secret=\"AHado8eeeY\"><p><a href=\"https:\/\/puntocritico.com\/ausajpuntocritico\/2021\/11\/29\/apartheid-sanitario\/\">\u00abDOSTOIEVSKI, LA LIBERTAD Y EL PASAPORTE COVID\u00bb: EL APARTHEID SANITARIO. Cuando el Miedo se hace cargo de la sociedad, los ciudadanos se convierten en siervos.<\/a><\/p><\/blockquote>\n<p><iframe loading=\"lazy\" class=\"wp-embedded-content\" sandbox=\"allow-scripts\" security=\"restricted\" style=\"position: absolute; visibility: hidden;\" title=\"\u00ab\u00abDOSTOIEVSKI, LA LIBERTAD Y EL PASAPORTE COVID\u00bb: EL APARTHEID SANITARIO. Cuando el Miedo se hace cargo de la sociedad, los ciudadanos se convierten en siervos.\u00bb \u2014 Punto Cr\u00edtico Derechos Humanos\" src=\"https:\/\/puntocritico.com\/ausajpuntocritico\/2021\/11\/29\/apartheid-sanitario\/embed\/#?secret=lBK6wkxkgb#?secret=AHado8eeeY\" data-secret=\"AHado8eeeY\" width=\"500\" height=\"282\" frameborder=\"0\" marginwidth=\"0\" marginheight=\"0\" scrolling=\"no\"><\/iframe><\/p>\n<blockquote class=\"wp-embedded-content\" data-secret=\"sriSzK72fR\"><p><a href=\"https:\/\/puntocritico.com\/ausajpuntocritico\/2019\/09\/23\/la-disonancia-cognitiva-o-como-el-ser-humano-se-convierte-en-esclavo-de-si-mismo-por-miguel-a-vadillo\/\">\u00bfSEGURO QUE HAS TOMADO LA PASTILLA ROJA? \u00abLa Disonancia Cognitiva, o c\u00f3mo el ser humano se convierte en esclavo de s\u00ed mismo\u00bb,  por Miguel A. Vadillo<\/a><\/p><\/blockquote>\n<p><iframe loading=\"lazy\" class=\"wp-embedded-content\" sandbox=\"allow-scripts\" security=\"restricted\" style=\"position: absolute; visibility: hidden;\" title=\"\u00ab\u00bfSEGURO QUE HAS TOMADO LA PASTILLA ROJA? \u00abLa Disonancia Cognitiva, o c\u00f3mo el ser humano se convierte en esclavo de s\u00ed mismo\u00bb,  por Miguel A. Vadillo\u00bb \u2014 Punto Cr\u00edtico Derechos Humanos\" src=\"https:\/\/puntocritico.com\/ausajpuntocritico\/2019\/09\/23\/la-disonancia-cognitiva-o-como-el-ser-humano-se-convierte-en-esclavo-de-si-mismo-por-miguel-a-vadillo\/embed\/#?secret=CNrwIxrgzS#?secret=sriSzK72fR\" data-secret=\"sriSzK72fR\" width=\"500\" height=\"282\" frameborder=\"0\" marginwidth=\"0\" marginheight=\"0\" scrolling=\"no\"><\/iframe><\/p>\n<blockquote class=\"wp-embedded-content\" data-secret=\"8gtmQ46OVD\"><p><a href=\"https:\/\/puntocritico.com\/ausajpuntocritico\/2023\/04\/19\/leon-festinger-disonancia-cognoscitiva-35-anos-despues\/\">LEON FESTINGER Y LA PSICOLOGIA SOCIAL EXPERIMENTAL: LA TEORIA DE LA DISONANCIA COGNOSCITIVA 35 A\u00d1OS DESPU\u00c9S, por Anastasio Ovejero<\/a><\/p><\/blockquote>\n<p><iframe loading=\"lazy\" class=\"wp-embedded-content\" sandbox=\"allow-scripts\" security=\"restricted\" style=\"position: absolute; visibility: hidden;\" title=\"\u00abLEON FESTINGER Y LA PSICOLOGIA SOCIAL EXPERIMENTAL: LA TEORIA DE LA DISONANCIA COGNOSCITIVA 35 A\u00d1OS DESPU\u00c9S, por Anastasio Ovejero\u00bb \u2014 Punto Cr\u00edtico Derechos Humanos\" src=\"https:\/\/puntocritico.com\/ausajpuntocritico\/2023\/04\/19\/leon-festinger-disonancia-cognoscitiva-35-anos-despues\/embed\/#?secret=KP6NUjUjl9#?secret=8gtmQ46OVD\" data-secret=\"8gtmQ46OVD\" width=\"500\" height=\"282\" frameborder=\"0\" marginwidth=\"0\" marginheight=\"0\" scrolling=\"no\"><\/iframe><\/p>\n<blockquote class=\"wp-embedded-content\" data-secret=\"5LVqa49aVF\"><p><a href=\"https:\/\/puntocritico.com\/ausajpuntocritico\/2023\/05\/30\/los-servicios-secretos-y-su-guerra-hibrida-contra-el-mundo\/\">NEW WORLD ORDER, TOTALITARISMO GLOBAL: Los Servicios Secretos y su Guerra H\u00edbrida contra el mundo; del 11-S a los bloqueos de Covid<\/a><\/p><\/blockquote>\n<p><iframe loading=\"lazy\" class=\"wp-embedded-content\" sandbox=\"allow-scripts\" security=\"restricted\" style=\"position: absolute; visibility: hidden;\" title=\"\u00abNEW WORLD ORDER, TOTALITARISMO GLOBAL: Los Servicios Secretos y su Guerra H\u00edbrida contra el mundo; del 11-S a los bloqueos de Covid\u00bb \u2014 Punto Cr\u00edtico Derechos Humanos\" src=\"https:\/\/puntocritico.com\/ausajpuntocritico\/2023\/05\/30\/los-servicios-secretos-y-su-guerra-hibrida-contra-el-mundo\/embed\/#?secret=3oJdbSjy76#?secret=5LVqa49aVF\" data-secret=\"5LVqa49aVF\" width=\"500\" height=\"282\" frameborder=\"0\" marginwidth=\"0\" marginheight=\"0\" scrolling=\"no\"><\/iframe><\/p>\n<p>&nbsp;<\/p>\n<p><a href=\"https:\/\/puntocritico.com\/ausajpuntocritico\/author\/punto-critico\/\"><img loading=\"lazy\" decoding=\"async\" class=\"aligncenter wp-image-9528 smush-detected-img smush-image-1\" src=\"https:\/\/puntocritico.com\/ausajpuntocritico\/wp-content\/uploads\/2018\/03\/Mosca_Punto_Cr%C3%ADtico_40.png\" alt=\"\" width=\"80\" height=\"80\" \/><\/a><\/p>\n<p>&nbsp;<\/p>\n","protected":false},"excerpt":{"rendered":"<div class=\"mh-excerpt\"><p>9\/11 AND ISRAEL&#8217;S GREAT GAME &nbsp; &nbsp; El Documental de Laurent Guy\u00e9not, que hoy volvemos a publicar, est\u00e1 entre los cinco m\u00e1s \u00abENCARNIZADAMENTE CENSURADOS DE LA HISTORIA DE PUNTO CR\u00cdTICO\u00ab. En el enlace anterior pod\u00e9is <a class=\"mh-excerpt-more\" href=\"https:\/\/puntocritico.com\/ausajpuntocritico\/2026\/04\/04\/9-11-and-israels-great-game-documental-de-laurent-guyenot-2-022-11-de-septiembre-una-operacion-que-se-organizo-desde-adentro-o-una-operacion-del-mosad\/\" title=\"\u00ab9\/11 AND ISRAEL\u2019S GREAT GAME\u00bb (Documental de Laurent Guy\u00e9not, 2.022). \u00ab11 de septiembre: \u00bfUna operaci\u00f3n que se organiz\u00f3 desde adentro o una operaci\u00f3n del MOSAD?\u00bb\">[&#8230;]<\/a><\/p>\n<\/div>","protected":false},"author":3,"featured_media":2289430,"comment_status":"closed","ping_status":"closed","sticky":false,"template":"","format":"standard","meta":{"_acf_changed":false,"_exactmetrics_skip_tracking":false,"_exactmetrics_sitenote_active":false,"_exactmetrics_sitenote_note":"","_exactmetrics_sitenote_category":0,"footnotes":""},"categories":[10,25],"tags":[],"class_list":{"0":"post-2318868","1":"post","2":"type-post","3":"status-publish","4":"format-standard","5":"has-post-thumbnail","7":"category-miscelanea","8":"category-documentales"},"acf":[],"_links":{"self":[{"href":"https:\/\/puntocritico.com\/ausajpuntocritico\/wp-json\/wp\/v2\/posts\/2318868","targetHints":{"allow":["GET"]}}],"collection":[{"href":"https:\/\/puntocritico.com\/ausajpuntocritico\/wp-json\/wp\/v2\/posts"}],"about":[{"href":"https:\/\/puntocritico.com\/ausajpuntocritico\/wp-json\/wp\/v2\/types\/post"}],"author":[{"embeddable":true,"href":"https:\/\/puntocritico.com\/ausajpuntocritico\/wp-json\/wp\/v2\/users\/3"}],"replies":[{"embeddable":true,"href":"https:\/\/puntocritico.com\/ausajpuntocritico\/wp-json\/wp\/v2\/comments?post=2318868"}],"version-history":[{"count":0,"href":"https:\/\/puntocritico.com\/ausajpuntocritico\/wp-json\/wp\/v2\/posts\/2318868\/revisions"}],"wp:featuredmedia":[{"embeddable":true,"href":"https:\/\/puntocritico.com\/ausajpuntocritico\/wp-json\/wp\/v2\/media\/2289430"}],"wp:attachment":[{"href":"https:\/\/puntocritico.com\/ausajpuntocritico\/wp-json\/wp\/v2\/media?parent=2318868"}],"wp:term":[{"taxonomy":"category","embeddable":true,"href":"https:\/\/puntocritico.com\/ausajpuntocritico\/wp-json\/wp\/v2\/categories?post=2318868"},{"taxonomy":"post_tag","embeddable":true,"href":"https:\/\/puntocritico.com\/ausajpuntocritico\/wp-json\/wp\/v2\/tags?post=2318868"}],"curies":[{"name":"wp","href":"https:\/\/api.w.org\/{rel}","templated":true}]}}