{"id":2318826,"date":"2026-03-23T00:05:09","date_gmt":"2026-03-22T23:05:09","guid":{"rendered":"https:\/\/puntocritico.com\/ausajpuntocritico\/?p=2318826"},"modified":"2026-03-24T12:14:12","modified_gmt":"2026-03-24T11:14:12","slug":"hacer-la-ignominia-mas-ignominiosa-marandi","status":"publish","type":"post","link":"https:\/\/puntocritico.com\/ausajpuntocritico\/2026\/03\/23\/hacer-la-ignominia-mas-ignominiosa-marandi\/","title":{"rendered":"HACER LA IGNOMINIA M\u00c1S IGNOMINIOSA. La Guerra de Ormuz, contada desde Ir\u00e1n: Seyed M. Marandi (Universidad de Teher\u00e1n), serie de Entrevistas de enero a marzo de 2026"},"content":{"rendered":"<p style=\"text-align: justify;\"><span style=\"color: #008000; font-size: 14pt;\">HACER LA IGNOMINIA M\u00c1S IGNOMINIOSA<\/span><\/p>\n<p style=\"text-align: right;\"><span style=\"font-size: 14pt;\"><em>Un palomar repleto de Palomas<\/em><\/span><br \/>\n<span style=\"font-size: 14pt;\"><em>estremece las regiones del Infierno.<\/em><\/span><\/p>\n<p style=\"text-align: right;\"><span style=\"font-size: 14pt;\">William Blake<\/span><\/p>\n\n<p style=\"text-align: right;\">\u00a0<\/p>\n<h1 style=\"text-align: center;\"><span style=\"font-size: 24pt;\"><strong>(22 marzo 2026) Seyed M. Marandi: Guerra total: Ataque a centrales nucleares, plantas desalinizadoras e infraestructura<\/strong><\/span><\/h1>\n<p>&nbsp;<\/p>\n<p style=\"text-align: center;\"><iframe loading=\"lazy\" title=\"YouTube video player\" src=\"\/\/www.youtube.com\/embed\/H34fxxpcUUs?si=nY6IHAKK1gOXFTUq\" width=\"560\" height=\"315\" frameborder=\"0\" allowfullscreen=\"allowfullscreen\"><\/iframe><\/p>\n<p>&nbsp;<\/p>\n<p style=\"text-align: center;\"><span style=\"font-size: 14pt;\"><a href=\"https:\/\/www.youtube.com\/@GDiesenES\" target=\"_blank\" rel=\"noopener\" data-schema-attribute=\"\">Canal Glenn Diesen Espa\u00f1ol<\/a><\/span><\/p>\n<p style=\"text-align: center;\"><span style=\"font-size: 18pt;\"><strong><span style=\"color: #008000;\">*******<\/span><\/strong><\/span><\/p>\n<div>\n<div id=\"title\" class=\"style-scope ytd-watch-metadata\">\n<h2 class=\"style-scope ytd-watch-metadata\" style=\"text-align: center;\"><span style=\"font-size: 18pt;\">22 marzo 2026: Seyed M. Marandi: Total War: Attacking Nuclear Plants, Desalination &amp; Infrastructure (<em>entrevista original, en Ingl\u00e9s<\/em>)<\/span><\/h2>\n<p style=\"text-align: center;\"><span style=\"font-size: 14pt;\"><strong><em>(Seyed M. Marandi: Guerra total: Ataque a centrales nucleares, plantas desalinizadoras e infraestructura)<\/em><\/strong><\/span><\/p>\n<p style=\"text-align: justify;\"><span style=\"font-size: 14pt;\"><a href=\"https:\/\/www.youtube.com\/watch?v=Fxt8JjPz_Rw\" target=\"_blank\" rel=\"noopener\" data-schema-attribute=\"\">Glenn Diesen<\/a>, 22 MARZO 2026<\/span><\/p>\n<\/div>\n<div id=\"top-row\" class=\"style-scope ytd-watch-metadata\">\n<div id=\"owner\" class=\"item style-scope ytd-watch-metadata\" style=\"text-align: right;\"><em><span style=\"font-size: 14pt;\">Quien duda de lo que ve <\/span><\/em><\/div>\n<div class=\"item style-scope ytd-watch-metadata\" style=\"text-align: right;\"><span style=\"font-size: 14pt;\"><em>jam\u00e1s ha de creer, no importa lo que hagas<\/em>.<\/span><\/div>\n<div class=\"item style-scope ytd-watch-metadata\" style=\"text-align: right;\"><a href=\"https:\/\/puntocritico.com\/ausajpuntocritico\/2025\/08\/17\/poemas-de-william-blake\/#Augurios_de_inocencia\" target=\"_blank\" rel=\"noopener\" data-schema-attribute=\"\"><span style=\"font-size: 14pt;\">William Blake<\/span><\/a><\/div>\n<div>\u00a0<\/div>\n<\/div>\n<\/div>\n<p style=\"text-align: center;\"><iframe loading=\"lazy\" title=\"YouTube video player\" src=\"\/\/www.youtube.com\/embed\/Fxt8JjPz_Rw?si=QLHpXPt1JXx18-0v\" width=\"560\" height=\"315\" frameborder=\"0\" allowfullscreen=\"allowfullscreen\"><\/iframe><\/p>\n<p>&nbsp;<\/p>\n<div>\n<p style=\"text-align: center;\"><span style=\"font-size: 18pt;\"><strong><span style=\"color: #008000;\">*******<\/span><\/strong><\/span><\/p>\n<\/div>\n<blockquote>\n<h1 style=\"text-align: center;\"><span style=\"font-size: 24pt;\">HACER LA IGNOMINIA M\u00c1S IGNOMINIOSA<\/span><\/h1>\n<p style=\"text-align: right;\"><em><span style=\"font-size: 14pt;\">\u00abHay que hacer la opresi\u00f3n real a\u00fan m\u00e1s opresiva, agreg\u00e1ndole la <strong>conciencia de la opresi\u00f3n<\/strong>;\u00a0<\/span><\/em><em><span style=\"font-size: 14pt;\">hay que <strong>hacer la ignominia a\u00fan m\u00e1s ignominiosa<\/strong>, <strong>public\u00e1ndola<\/strong>\u00ab<\/span><\/em><\/p>\n<p style=\"text-align: right;\"><span style=\"font-size: 14pt;\">Karl Marx<\/span><\/p>\n<p style=\"text-align: center;\"><img loading=\"lazy\" decoding=\"async\" class=\"aligncenter wp-image-2318834\" src=\"https:\/\/puntocritico.com\/ausajpuntocritico\/wp-content\/uploads\/2026\/03\/Seyed-Mohammad-Marandi_1920x1028px-300x161.jpg\" alt=\"HACER LA IGNOMINIA M\u00c1S IGNOMINIOSA \" width=\"480\" height=\"257\" srcset=\"https:\/\/puntocritico.com\/ausajpuntocritico\/wp-content\/uploads\/2026\/03\/Seyed-Mohammad-Marandi_1920x1028px-300x161.jpg 300w, https:\/\/puntocritico.com\/ausajpuntocritico\/wp-content\/uploads\/2026\/03\/Seyed-Mohammad-Marandi_1920x1028px-1024x548.jpg 1024w, https:\/\/puntocritico.com\/ausajpuntocritico\/wp-content\/uploads\/2026\/03\/Seyed-Mohammad-Marandi_1920x1028px-768x411.jpg 768w, https:\/\/puntocritico.com\/ausajpuntocritico\/wp-content\/uploads\/2026\/03\/Seyed-Mohammad-Marandi_1920x1028px-1536x822.jpg 1536w, https:\/\/puntocritico.com\/ausajpuntocritico\/wp-content\/uploads\/2026\/03\/Seyed-Mohammad-Marandi_1920x1028px-1320x707.jpg 1320w, https:\/\/puntocritico.com\/ausajpuntocritico\/wp-content\/uploads\/2026\/03\/Seyed-Mohammad-Marandi_1920x1028px.jpg 1920w\" sizes=\"auto, (max-width: 480px) 100vw, 480px\" \/><\/p>\n<h2 style=\"text-align: center;\"><strong><span style=\"font-size: 18pt; color: #008000;\">Seyed Mohammad Marandi, un Propagandista que propaga verdades<\/span><\/strong><\/h2>\n<p>&nbsp;<\/p>\n<p style=\"text-align: center;\"><span style=\"color: #008000;\"><strong><span style=\"font-size: 14pt;\">La Democracia es incompatible con la Desinformaci\u00f3n, masiva y constante, que elimina todo espectro posible para la expresi\u00f3n de las voces disidentes del Pensamiento \u00danico Oficial.<\/span><\/strong><\/span><\/p>\n<p style=\"text-align: center;\"><span style=\"color: #008000;\"><strong><span style=\"font-size: 14pt;\">No vivimos en una Democracia.<\/span><\/strong><\/span><\/p>\n<p style=\"text-align: center;\"><span style=\"font-size: 14pt; color: #008000;\"><strong>Ya no somos Ciudadanos.<\/strong><\/span><\/p>\n<p style=\"text-align: center;\"><span style=\"font-size: 14pt; color: #008000;\"><strong>Ya no disfrutamos de\u00a0 Derechos Humanos.\u00a0<\/strong><\/span><\/p>\n<p style=\"text-align: center;\"><span style=\"color: #008000;\"><strong><span style=\"font-size: 14pt;\">Vivimos en <a href=\"https:\/\/puntocritico.com\/ausajpuntocritico\/2025\/10\/15\/partitocracia\/\" target=\"_blank\" rel=\"noopener\" data-schema-attribute=\"\">Partitocracias, en \u00abDemocracias para Siervos\u00bb<\/a>.<\/span><\/strong><\/span><\/p>\n<p style=\"text-align: center;\"><span style=\"color: #008000;\"><strong><span style=\"font-size: 14pt;\">La actual Guerra de Ir\u00e1n nos hace m\u00e1s evidente lo ya evidente.<\/span><\/strong><\/span><\/p>\n<p style=\"text-align: center;\"><span style=\"color: #008000;\"><strong><span style=\"font-size: 14pt;\">Los preparativos del bloque de Ir\u00e1n para esta Guerra Asim\u00e9trica (<em>H\u00edbrida<\/em>), comenzaron hace m\u00e1s de 20 a\u00f1os, cuando comenz\u00f3 la construcci\u00f3n de f\u00e1bricas de armamento subterr\u00e1neas. Es ahora cuando lo vemos.<\/span><\/strong><\/span><\/p>\n<p style=\"text-align: center;\"><span style=\"font-size: 14pt;\"><strong><span style=\"color: #008000;\">Y hace poco m\u00e1s de 20 a\u00f1os que se produjo la eclosi\u00f3n de las Redes Sociales, unas <a href=\"https:\/\/puntocritico.com\/ausajpuntocritico\/2018\/03\/15\/las-redes-que-pescan-personas\/\" target=\"_blank\" rel=\"noopener\" data-schema-attribute=\"\">redes que pescan personas,<\/a> cuyos ni\u00f1os fundadores consiguieron una exenci\u00f3n mundial, planetaria y Global, en el pago de impuestos. Yes, we can.<\/span><\/strong><\/span><\/p>\n<p style=\"text-align: center;\"><span style=\"color: #008000;\"><strong><span style=\"font-size: 14pt;\">\u00bfCu\u00e1nto tiempo hace que comenz\u00f3 la Guerra Mundial H\u00edbrida en la que estamos inmersos?<\/span><\/strong><\/span><\/p>\n<p style=\"text-align: center;\"><span style=\"color: #008000;\"><strong><span style=\"font-size: 14pt;\"> \u00bfDesde cu\u00e1ndo Estados extranjeros y poderes no democr\u00e1ticos son Due\u00f1os de nuestra Clase Pol\u00edtico-Medi\u00e1tica?<\/span><\/strong><\/span><\/p>\n<p style=\"text-align: center;\"><span style=\"color: #008000;\"><strong><span style=\"font-size: 14pt;\">\u00bfPor qu\u00e9 siempre ha sido negada toda investigaci\u00f3n al respecto? <\/span><\/strong><\/span><\/p>\n<p style=\"text-align: center;\"><span style=\"color: #008000;\"><strong><span style=\"font-size: 14pt;\">Y es que la Financiaci\u00f3n ilegal afecta a todo el arco de ese engendro que se nos presenta como Nueva Pol\u00edtica, con Ir\u00e1n como nexo de lo aparentemente opuesto.<\/span><\/strong><\/span><\/p>\n<p style=\"text-align: center;\"><span style=\"color: #008000;\"><strong><span style=\"font-size: 14pt;\">Desde la evidente financiaci\u00f3n iran\u00ed de Podemos y sus <em>Pedrettes<\/em>, hasta la menos evidente de Vox, v\u00eda Abascal en el Kurdist\u00e1n (<em>incluso se refiere un intento de asesinato a uno de los fundadores de Vox, relacionado con la financiaci\u00f3n iran\u00ed<\/em>).<\/span><\/strong><\/span><\/p>\n<p style=\"text-align: center;\"><span style=\"color: #008000;\"><strong><span style=\"font-size: 14pt;\">\u00bfCu\u00e1ntos de nosotros encarnamos, conscientemente (<em>por maldad<\/em>) o inconscientemente (<em>por Desinformaci\u00f3n<\/em>), Armas H\u00edbridas Humanas?<\/span><\/strong><\/span><\/p>\n<p style=\"text-align: center;\"><span style=\"color: #008000;\"><strong><span style=\"font-size: 14pt;\">El Profesor Marandi pertenece, sin duda, a uno de los Bloques combatientes en esta Primera Guerra Mundial H\u00edbrida.<\/span><\/strong><\/span><\/p>\n<p style=\"text-align: center;\"><span style=\"color: #008000;\"><strong><span style=\"font-size: 14pt;\">Sin embargo, he podido comprobar -en la serie de entrevistas que publicamos a continuaci\u00f3n-, que su discurso se basa en verdades (<em>probablemente con omisiones, razonables, atendidas las circunstancias<\/em>)<em>, <\/em>lo que no parece tener otra procedencia que el patriotismo y la espiritualidad (<em>con un correlativo desinter\u00e9s por lo material<\/em>).<\/span><\/strong><\/span><\/p>\n<p style=\"text-align: center;\"><span style=\"color: #008000;\"><strong><span style=\"font-size: 14pt;\">Una espiritualidad que trasciende al individuo, y solo se produce en presencia de un Pueblo que lo integra en lo colectivo; en lo com\u00fan. <\/span><\/strong><\/span><\/p>\n<p style=\"text-align: center;\"><span style=\"color: #008000;\"><strong><span style=\"font-size: 14pt;\">El esp\u00edritu de todo un Pueblo.<\/span><\/strong><\/span><\/p>\n<p style=\"text-align: center;\"><span style=\"font-size: 14pt;\"><strong><span style=\"color: #008000;\">Algo que en esta Europa, que se dice \u00ab<em>de los Pueblos<\/em>\u00ab, ya nadie recuerda.<\/span><\/strong><\/span><\/p>\n<p style=\"text-align: center;\"><span style=\"color: #008000;\"><strong><span style=\"font-size: 14pt;\">Un Pueblo, el iran\u00ed, capaz, en la necesidad, de sacrificarse individualmente, de sufrir por ese Pueblo, que es, primero, espiritual. Trascendente.<\/span><\/strong><\/span><\/p>\n<p style=\"text-align: center;\"><span style=\"color: #008000;\"><strong><span style=\"font-size: 14pt;\">En palabras del Profesor Marandi, \u201cu<em>n pueblo dispuesto a morir, que se mantiene firme<\/em>\u201d.<\/span><\/strong><\/span><\/p>\n<p style=\"text-align: center;\"><span style=\"color: #008000;\"><strong><span style=\"font-size: 14pt;\">Es esa fuerza espiritual la que revela una gran profundidad en sus creencias, que convierten sus discursos en la verdad que gu\u00eda a uno de los bloques en conflicto.<\/span><\/strong><\/span><\/p>\n<p>&nbsp;<\/p>\n<figure id=\"attachment_1762123\" aria-describedby=\"caption-attachment-1762123\" style=\"width: 440px\" class=\"wp-caption aligncenter\"><a href=\"https:\/\/puntocritico.com\/ausajpuntocritico\/2021\/02\/07\/la-cronologia-de-los-reinos-antiguos-enmendada-3\/\" target=\"_blank\" rel=\"noopener\" data-schema-attribute=\"\"><img loading=\"lazy\" decoding=\"async\" class=\"wp-image-1762123\" src=\"https:\/\/puntocritico.com\/ausajpuntocritico\/wp-content\/uploads\/2021\/02\/dios-Ahura-Mazda-300x206.jpg\" alt=\"\" width=\"440\" height=\"301\" srcset=\"https:\/\/puntocritico.com\/ausajpuntocritico\/wp-content\/uploads\/2021\/02\/dios-Ahura-Mazda-300x206.jpg 300w, https:\/\/puntocritico.com\/ausajpuntocritico\/wp-content\/uploads\/2021\/02\/dios-Ahura-Mazda.jpg 600w\" sizes=\"auto, (max-width: 440px) 100vw, 440px\" \/><\/a><figcaption id=\"caption-attachment-1762123\" class=\"wp-caption-text\"><span style=\"color: #008000;\">Ahura Mazda (dios Persa del Zoroastrismo), tambi\u00e9n conocido como Ormuz.<\/span><\/figcaption><\/figure>\n<p>&nbsp;<\/p>\n<p style=\"text-align: center;\"><span style=\"color: #008000;\"><strong><span style=\"font-size: 14pt;\">El otro, evidentemente, tiene como instrumento la falsedad y la desinformaci\u00f3n, y es, en occidente, absolutamente dominante, hasta el punto de excluir el conocimiento de lo que todos deber\u00edamos poder conocer.<\/span><\/strong><\/span><\/p>\n<p style=\"text-align: center;\"><span style=\"color: #008000;\"><strong><span style=\"font-size: 14pt;\">Como los cr\u00edmenes de guerra &#8211; del Bloque Israel-USA (<em>muy en especial, los cometidos contra civiles<\/em>). Golpistas en Ucrania, genocidas en Gaza y agresores desalmados en Ir\u00e1n.<\/span><\/strong><\/span><\/p>\n<p style=\"text-align: center;\"><span style=\"color: #008000;\"><strong><span style=\"font-size: 14pt;\">En las Redes Sociales, cada pocos minutos tendr\u00e1s que contemplar los \u00ab<em>mensajes<\/em>\u00bb de sus \u00ab<em>anunciantes<\/em>\u00bb que, m\u00e1s que emitir un mensaje publicitario comercial, parecen pagar por su visibilidad en el patrocinio de la Propaganda del Imperio venido a menos.<\/span><\/strong><\/span><\/p>\n<p style=\"text-align: center;\"><span style=\"color: #008000;\"><strong><span style=\"font-size: 14pt;\">Un Imperio en decadencia que, no pudiendo ya ilusionar a sus s\u00fabditos, solo puede intimidarlos.<\/span><\/strong><\/span><\/p>\n<p style=\"text-align: center;\"><span style=\"color: #008000;\"><strong><span style=\"font-size: 14pt;\">Intimidaci\u00f3n y Control, como en sus Estados vasallos, sometidos mediante la Desinformaci\u00f3n m\u00e1s perversa y el establecimiento, en los Virreinatos de sus territorios Coloniales, de una Casta repugnante en el poder.<\/span><\/strong><\/span><\/p>\n<p style=\"text-align: center;\"><span style=\"color: #008000;\"><strong><span style=\"font-size: 14pt;\">Esta Nueva Clase Globalista Corrupta, es denominada \u2013creo que con buen criterio- por el Profesor Marandi, como \u201c<em>Clase Epstein<\/em>\u201d, dir\u00eda que con referencia a las lealtades garantizadas que recluta el Estado Global Profundo, el complejo \u201c<em>MOSSAD-CIA-Pent\u00e1gono<\/em>\u201d.<\/span><\/strong><\/span><\/p>\n<p style=\"text-align: center;\"><span style=\"color: #008000;\"><strong><span style=\"font-size: 14pt;\">Para, al menos, tener la posibilidad de conocer lo que \u201c<em>el otro<\/em>\u201d tiene que decir, publicamos\u00a0 una serie de video entrevistas con el profesor de Literatura occidental, se\u00f1or Marandi.<\/span><\/strong><\/span><\/p>\n<p style=\"text-align: center;\"><span style=\"color: #008000;\"><strong><span style=\"font-size: 14pt;\">M\u00e1s en concreto, os dejamos con una serie consecutiva -de enero a marzo de 2026- de entrevistas realizadas -por el Profesor Glenn Diesen- al Profesor Marandi.<\/span><\/strong><\/span><\/p>\n<p style=\"text-align: center;\"><span style=\"color: #008000;\"><strong><span style=\"font-size: 14pt;\">Valga, tambi\u00e9n esta entrada como reconocimiento a la labor informativa que realiza el Profesor Glenn Diesen, en un medio tan inh\u00f3spito para el ejercicio del \u00ab<em>derecho-unicornio<\/em>\u00bb a las Libertades de Expresi\u00f3n e Informaci\u00f3n. <\/span><\/strong><\/span><\/p>\n<p style=\"text-align: center;\"><span style=\"color: #008000;\"><strong><span style=\"font-size: 14pt;\">Le tengo un especial aprecio a su canal en Youtube, seguramente porque a menudo estoy en desacuerdo con sus entrevistados. Y nadie los interrumpe. Y es posible conocer y comprender.<\/span><\/strong><\/span><\/p>\n<p style=\"text-align: center;\"><span style=\"color: #008000;\"><strong><span style=\"font-size: 14pt;\">Algo que dej\u00f3 de ser normal cuando comenzamos a ser agredidos en nuestras conciencias y mentes, con la desinformaci\u00f3n masiva y sus codiciosos ap\u00f3stoles telem\u00e1ticos<\/span><\/strong><\/span><\/p>\n<p style=\"text-align: center;\"><span style=\"color: #008000;\"><strong><span style=\"font-size: 14pt;\">No ha sido nunca el caso del Profesor Marandi, del que tengo una opini\u00f3n extremadamente favorable, forjada en la continuidad de sus tesis en el tiempo y el singular respeto mostrado hacia la Verdad, como a continuaci\u00f3n se puede comprobar.<\/span><\/strong><\/span><\/p>\n<p style=\"text-align: center;\"><span style=\"color: #008000;\"><strong><span style=\"font-size: 14pt;\">Incluso con eventuales omisiones -e incluso de existir alguna inexactitud en la narraci\u00f3n de los hechos, nunca descartable, dadas las circunstancias-, de sus palabras es posible extraer un gran n\u00famero de verdades objetivas, que aparentaban inexistencia, cuando solo se ocultaban a la opini\u00f3n P\u00fablica, mediante la Desinformaci\u00f3n constante y la Propaganda Masiva.<\/span><\/strong><\/span><\/p>\n<p>&nbsp;<\/p>\n<p style=\"text-align: center;\"><span style=\"color: #008000;\"><strong><span style=\"font-size: 18pt;\">La Guerra de Ormuz, contada desde Ir\u00e1n<\/span><\/strong><\/span><\/p>\n<\/blockquote>\n<p><img loading=\"lazy\" decoding=\"async\" class=\"aligncenter wp-image-2318835 size-full\" src=\"https:\/\/puntocritico.com\/ausajpuntocritico\/wp-content\/uploads\/2026\/03\/seyed-mohammad-marandi-iranian-american-academic-political-analyst-440nw-14455396b.jpg\" alt=\"\" width=\"440\" height=\"294\" srcset=\"https:\/\/puntocritico.com\/ausajpuntocritico\/wp-content\/uploads\/2026\/03\/seyed-mohammad-marandi-iranian-american-academic-political-analyst-440nw-14455396b.jpg 440w, https:\/\/puntocritico.com\/ausajpuntocritico\/wp-content\/uploads\/2026\/03\/seyed-mohammad-marandi-iranian-american-academic-political-analyst-440nw-14455396b-300x200.jpg 300w\" sizes=\"auto, (max-width: 440px) 100vw, 440px\" \/><\/p>\n<p style=\"text-align: center;\"><strong><span style=\"color: #008000; font-size: 18pt;\">*******<\/span><\/strong><\/p>\n<h2 style=\"text-align: center;\"><span style=\"font-size: 18pt;\">Hacer la ignominia m\u00e1s ignominiosa (Public\u00e1ndola y record\u00e1ndola)<\/span><\/h2>\n<p style=\"text-align: center;\"><span style=\"font-size: 14pt;\"><strong>Bombardeando civiles, sin previo aviso, durante las negociaciones entre EE.UU e Ir\u00e1n<\/strong><\/span><\/p>\n<p style=\"text-align: right;\"><span style=\"font-size: 14pt;\"><em>\u00abEl primer ataque de Israel result\u00f3 ser muy doloroso. La c\u00fapula religiosa fue destruida; es pr\u00e1cticamente equivalente a destruir al Papa o al Patriarca Ortodoxo\u00bb\u00a0<\/em><\/span><\/p>\n<p style=\"text-align: right;\"><a href=\"https:\/\/puntocritico.com\/ausajpuntocritico\/2026\/03\/17\/la-esencia-del-sionismo-un-analisis-metafisico-e-historico-por-alexander-dugin\/\" target=\"_blank\" rel=\"noopener\" data-schema-attribute=\"\"><span style=\"font-size: 14pt;\">Alexander Dugin<\/span><\/a><\/p>\n<figure id=\"attachment_2318033\" aria-describedby=\"caption-attachment-2318033\" style=\"width: 512px\" class=\"wp-caption aligncenter\"><a href=\"https:\/\/puntocritico.com\/ausajpuntocritico\/2018\/04\/17\/las-guerras-por-la-paz-se-basan-en-las-mentiras-en-siria-como-en-irak\/\" target=\"_blank\" rel=\"noopener\" data-schema-attribute=\"\"><img loading=\"lazy\" decoding=\"async\" class=\"wp-image-2318033 size-full\" src=\"https:\/\/puntocritico.com\/ausajpuntocritico\/wp-content\/uploads\/2026\/03\/Ali-Jamenei-mano.jpg\" alt=\"\" width=\"512\" height=\"267\" srcset=\"https:\/\/puntocritico.com\/ausajpuntocritico\/wp-content\/uploads\/2026\/03\/Ali-Jamenei-mano.jpg 512w, https:\/\/puntocritico.com\/ausajpuntocritico\/wp-content\/uploads\/2026\/03\/Ali-Jamenei-mano-300x156.jpg 300w\" sizes=\"auto, (max-width: 512px) 100vw, 512px\" \/><\/a><figcaption id=\"caption-attachment-2318033\" class=\"wp-caption-text\"><span style=\"color: #008000;\"><a href=\"https:\/\/es.wikipedia.org\/wiki\/Al%C3%AD_Jamene%C3%AD\" target=\"_blank\" rel=\"noopener\" data-schema-attribute=\"\"><strong>Al\u00ed Jamenei<\/strong><\/a> (1939-2026). Asesinado el 28 de Febrero de 2026. <strong>Descanse en paz<\/strong> <\/span><\/figcaption><\/figure>\n<p>&nbsp;<\/p>\n<blockquote>\n<p style=\"text-align: center;\"><span style=\"color: #008000;\"><span style=\"font-size: 14pt;\"><a style=\"color: #008000;\" href=\"https:\/\/es.wikipedia.org\/wiki\/Al%C3%AD_Jamene%C3%AD\" target=\"_blank\" rel=\"noopener\" data-schema-attribute=\"\"><strong>Al\u00ed Jamenei<\/strong><\/a> (1939-2026). Asesinado el 28 de Febrero de 2026. <strong>Descanse en paz<\/strong>. <\/span><\/span><\/p>\n<p style=\"text-align: center;\"><span style=\"color: #008000;\"><span style=\"font-size: 14pt;\"><strong>Al\u00ed Hosein\u00ed Jamene\u00ed<\/strong> (en persa: \u0639\u0644\u06cc \u062d\u0633\u06cc\u0646\u06cc \u062e\u0627\u0645\u0646\u0647\u200c\u0627\u06cc\u200e; Mashhad, 19 de abril de 1939-Teher\u00e1n, 28 de febrero de 2026)\u200b fue un cl\u00e9rigo y pol\u00edtico iran\u00ed que se desempe\u00f1\u00f3 como l\u00edder supremo de Ir\u00e1n desde 1989 hasta su magnicidio en 2026, cabeza de la clase dirigente clerical isl\u00e1mica de su pa\u00eds y mar\u0177a\u02bf (&#8216;fuente de emulaci\u00f3n&#8217;) del chiismo duodecimano. <\/span><\/span><\/p>\n<p style=\"text-align: center;\"><span style=\"color: #008000;\"><span style=\"font-size: 14pt;\">Su mandato como l\u00edder supremo, que se prolong\u00f3 por m\u00e1s de 36 a\u00f1os, lo convirti\u00f3 en el jefe de Estado con m\u00e1s a\u00f1os en el cargo en Medio Oriente y el segundo l\u00edder iran\u00ed con m\u00e1s a\u00f1os en el cargo de los siglos XX y XXI, despu\u00e9s del sha Mohammad Reza Pahlev\u00ed. <\/span><\/span><\/p>\n<p style=\"text-align: center;\"><span style=\"color: #008000;\"><span style=\"font-size: 14pt;\">Adem\u00e1s, entre 1981 y 1989 fue el tercer presidente de Ir\u00e1n.<\/span><\/span><\/p>\n<\/blockquote>\n<p>&nbsp;<\/p>\n<figure id=\"attachment_1849496\" aria-describedby=\"caption-attachment-1849496\" style=\"width: 240px\" class=\"wp-caption aligncenter\"><img loading=\"lazy\" decoding=\"async\" class=\"wp-image-1849496\" src=\"https:\/\/puntocritico.com\/ausajpuntocritico\/wp-content\/uploads\/2021\/02\/Tomb_of_Artaxerxes_II_Persepolis_Iran_5072587766-200x300.jpg\" alt=\"\" width=\"240\" height=\"360\" srcset=\"https:\/\/puntocritico.com\/ausajpuntocritico\/wp-content\/uploads\/2021\/02\/Tomb_of_Artaxerxes_II_Persepolis_Iran_5072587766-200x300.jpg 200w, https:\/\/puntocritico.com\/ausajpuntocritico\/wp-content\/uploads\/2021\/02\/Tomb_of_Artaxerxes_II_Persepolis_Iran_5072587766-683x1024.jpg 683w, https:\/\/puntocritico.com\/ausajpuntocritico\/wp-content\/uploads\/2021\/02\/Tomb_of_Artaxerxes_II_Persepolis_Iran_5072587766-768x1152.jpg 768w, https:\/\/puntocritico.com\/ausajpuntocritico\/wp-content\/uploads\/2021\/02\/Tomb_of_Artaxerxes_II_Persepolis_Iran_5072587766-1024x1536.jpg 1024w, https:\/\/puntocritico.com\/ausajpuntocritico\/wp-content\/uploads\/2021\/02\/Tomb_of_Artaxerxes_II_Persepolis_Iran_5072587766-610x915.jpg 610w, https:\/\/puntocritico.com\/ausajpuntocritico\/wp-content\/uploads\/2021\/02\/Tomb_of_Artaxerxes_II_Persepolis_Iran_5072587766.jpg 1200w\" sizes=\"auto, (max-width: 240px) 100vw, 240px\" \/><figcaption id=\"caption-attachment-1849496\" class=\"wp-caption-text\"><span style=\"color: #008000;\">Artajerjes Mnemos (Artajerjes II), Pers\u00e9polis, Ir\u00e1n.<\/span><\/figcaption><\/figure>\n<p style=\"text-align: center;\"><span style=\"color: #008000; font-size: 18pt;\"><strong>*******<\/strong><\/span><\/p>\n<blockquote>\n<h2 style=\"text-align: center;\"><span style=\"font-size: 18pt;\">Entierro de las 165 ni\u00f1as asesinadas por Israel y EE.UU., en la escuela de Minab, al sur de Ir\u00e1n<\/span><\/h2>\n<p style=\"text-align: center;\"><span style=\"font-size: 14pt;\"><strong>Sin previo aviso y durante las negociaciones entre EE.UU e Ir\u00e1n<\/strong><\/span><\/p>\n<p><img loading=\"lazy\" decoding=\"async\" class=\"aligncenter wp-image-2318554\" src=\"https:\/\/puntocritico.com\/ausajpuntocritico\/wp-content\/uploads\/2026\/03\/entierro-de-las-165-ninas-asesinadas-en-Iran-por-US-e-Israel.jpg\" alt=\"\" width=\"440\" height=\"267\" \/><\/p>\n<p>&nbsp;<\/p>\n<p style=\"text-align: center;\"><span style=\"font-size: 14pt;\">Entierro de las v\u00edctimas del ataque estadounidense e israel\u00ed a una escuela en Minab. El ataque fue dirigido contra la escuela primaria femenina Shajareh Tayyebeh en la ciudad de<strong>\u00a0Minab<\/strong>, al sur de Ir\u00e1n.<\/span><\/p>\n<p style=\"text-align: center;\"><span style=\"font-size: 14pt;\">La portavoz de la ONU para los derechos humanos,<strong>\u00a0Ravina Shamdasani<\/strong>, ha sido contundente al describir la magnitud de la tragedia:\u00a0<\/span><\/p>\n<p style=\"text-align: center;\"><span style=\"font-size: 14pt;\"><strong><span style=\"color: #008000;\">\u00ab<em>Decenas de ni\u00f1as murieron o resultaron heridas cuando la escuela fue alcanzada en plena jornada escolar, en el ataque m\u00e1s mort\u00edfero y devastador<\/em>\u00ab. <\/span><\/strong><\/span><\/p>\n<p style=\"text-align: center;\"><span style=\"font-size: 14pt;\"><strong><span style=\"color: #008000;\">Adem\u00e1s, ha recordado que los ataques dirigidos contra civiles o bienes de car\u00e1cter civil, \u201c<em>pueden equivaler a cr\u00edmenes de guerra<\/em>\u00ab.<\/span><\/strong><\/span><\/p>\n<p>&nbsp;<\/p>\n<p style=\"text-align: center;\"><span style=\"font-size: 14pt;\">Miles de personas han participado este martes en un multitudinario<strong> funeral en para despedir a las m\u00e1s de 165 v\u00edctimas mortales<\/strong>, con asistentes portando ata\u00fades cubiertos con fotograf\u00edas de las ni\u00f1as mientras la multitud ondeaba banderas iran\u00edes.<\/span><\/p>\n<\/blockquote>\n<p>&nbsp;<\/p>\n<p><img loading=\"lazy\" decoding=\"async\" class=\"aligncenter wp-image-2318560\" src=\"https:\/\/puntocritico.com\/ausajpuntocritico\/wp-content\/uploads\/2026\/03\/entierro-de-las-165-ninas-asesinadas-en-Iran-por-US-e-Israel-PPAL-1-300x199.jpg\" alt=\"\" width=\"480\" height=\"319\" srcset=\"https:\/\/puntocritico.com\/ausajpuntocritico\/wp-content\/uploads\/2026\/03\/entierro-de-las-165-ninas-asesinadas-en-Iran-por-US-e-Israel-PPAL-1-300x199.jpg 300w, https:\/\/puntocritico.com\/ausajpuntocritico\/wp-content\/uploads\/2026\/03\/entierro-de-las-165-ninas-asesinadas-en-Iran-por-US-e-Israel-PPAL-1-678x452.jpg 678w, https:\/\/puntocritico.com\/ausajpuntocritico\/wp-content\/uploads\/2026\/03\/entierro-de-las-165-ninas-asesinadas-en-Iran-por-US-e-Israel-PPAL-1.jpg 680w\" sizes=\"auto, (max-width: 480px) 100vw, 480px\" \/><\/p>\n<p style=\"text-align: center;\"><span style=\"font-size: 18pt;\"><strong><span style=\"color: #008000;\">*******<\/span><\/strong><\/span><\/p>\n<div id=\"title\" class=\"style-scope ytd-watch-metadata\">\n<h2 class=\"style-scope ytd-watch-metadata\" style=\"text-align: center;\"><span style=\"font-size: 18pt;\">\u00a1Estados Unidos ya perdi\u00f3 la guerra\u2026! Esto es lo que no te est\u00e1n contando (traducido al espa\u00f1ol)<\/span><\/h2>\n<p><a style=\"font-size: 14pt; text-align: justify;\" href=\"https:\/\/www.youtube.com\/watch?v=fxBpaeqA-Gc\" target=\"_blank\" rel=\"noopener\">Al Mayadeen Espa\u00f1ol<\/a><span style=\"font-size: 14pt; text-align: justify;\">, 21 MARZO 2026<\/span><\/p>\n<p style=\"text-align: right;\"><span style=\"font-size: 14pt;\">\u00ab<em>Los hombres diferentes persiguen fines diferentes, y en cada caso necesitan una habilidad adecuada. Escultores, m\u00e9dicos, soldados, arquitectos, estadistas, amantes, aventureros, cada quien va en pos de sus propias metas. Para hacer posible que las alcancen se necesitan gobiernos, pues <strong>no hay Mano Oculta que ponga todas estas actividades humanas en armon\u00eda natural<\/strong><\/em>\u00ab<\/span><\/p>\n<p style=\"text-align: right;\"><span style=\"font-size: 14pt;\">Nicol\u00e1s Maquiavelo<\/span><\/p>\n<\/div>\n<p style=\"text-align: center;\"><iframe loading=\"lazy\" title=\"YouTube video player\" src=\"\/\/www.youtube.com\/embed\/fxBpaeqA-Gc?si=HisIBEU5XGERutuG\" width=\"560\" height=\"315\" frameborder=\"0\" allowfullscreen=\"allowfullscreen\" data-mce-fragment=\"1\"><\/iframe><\/p>\n<p>&nbsp;<\/p>\n<blockquote>\n<p style=\"text-align: center;\"><span style=\"font-size: 14pt;\">\u00ab<em>Nadie<\/em><\/span><em><span style=\"font-size: 14pt;\"> deber\u00eda estar deprimido. Nadie deber\u00eda sentirse deprimido, nadie deber\u00eda sentir desesperaci\u00f3n. Tenemos demasiado trabajo que hacer como para tener tiempo libre para sentir desesperaci\u00f3n. Cuando te sientas deprimido y desesperado, si sientes desesperaci\u00f3n, \u00a1act\u00edvate! \u00a1Haz algo!\u00bb <\/span><\/em><\/p>\n<p style=\"text-align: center;\"><strong><span style=\"font-size: 14pt;\">Seyed Mohammad Marandi<\/span><\/strong><\/p>\n<\/blockquote>\n<p style=\"text-align: center;\"><span style=\"font-size: 18pt;\"><strong><span style=\"color: #008000;\">*******<\/span><\/strong><\/span><\/p>\n<h1 style=\"text-align: center;\"><span style=\"font-size: 24pt;\">INDICE DE ENTREVISTAS (<strong>HACER LA IGNOMINIA M\u00c1S IGNOMINIOSA)<\/strong><\/span><\/h1>\n<p style=\"text-align: center;\"><strong><span style=\"font-size: 14pt;\">(HACER LA IGNOMINIA M\u00c1S IGNOMINIOSA. Entrevistas con el Profesor Seyed M. Marandi de la Universidad de Teher\u00e1n, del 12 de enero al 22 de marzo de 2026).<\/span><\/strong><\/p>\n<p style=\"text-align: center;\"><strong><span style=\"font-size: 14pt;\">NOTA: Las siguientes entrevistas son originales y est\u00e1n en ingl\u00e9s. El profesor Diesen suele traducir al espa\u00f1ol las entrevistas por IA y publicarlas en el canal de Youtube <a href=\"https:\/\/www.youtube.com\/@GDiesenES\" target=\"_blank\" rel=\"noopener\" data-schema-attribute=\"\">Glenn Diesen Espa\u00f1ol<\/a> (<em>d\u00f3nde con su titulo traducido se pueden encontrar en su mayor parte<\/em>)<\/span><\/strong><\/p>\n<p>&nbsp;<\/p>\n<p><img loading=\"lazy\" decoding=\"async\" class=\"aligncenter wp-image-2318843\" src=\"https:\/\/puntocritico.com\/ausajpuntocritico\/wp-content\/uploads\/2026\/03\/guerra-es-paz-paloma-300x169.jpg\" alt=\"\" width=\"480\" height=\"270\" srcset=\"https:\/\/puntocritico.com\/ausajpuntocritico\/wp-content\/uploads\/2026\/03\/guerra-es-paz-paloma-300x169.jpg 300w, https:\/\/puntocritico.com\/ausajpuntocritico\/wp-content\/uploads\/2026\/03\/guerra-es-paz-paloma.jpg 678w\" sizes=\"auto, (max-width: 480px) 100vw, 480px\" \/><\/p>\n<p>&nbsp;<\/p>\n<h3 style=\"text-align: center;\"><span style=\"font-size: 18pt;\">(12 ene 2026) Seyed M. Marandi: Violent Riots &amp; a Massive War Coming<\/span><\/h3>\n<div id=\"top-row\" class=\"style-scope ytd-watch-metadata\">\n<div id=\"owner\" class=\"item style-scope ytd-watch-metadata\" style=\"text-align: center;\"><span style=\"font-size: 14pt;\"><em><strong>(Seyed M. Marandi: Disturbios violentos y una guerra masiva en camino)<\/strong><\/em><\/span><\/div>\n<\/div>\n<p>&nbsp;<\/p>\n<p style=\"text-align: center;\"><iframe loading=\"lazy\" title=\"YouTube video player\" src=\"\/\/www.youtube.com\/embed\/dFRO4bXzEQw?si=nw42MIRh7A3DhLiL\" width=\"560\" height=\"315\" frameborder=\"0\" allowfullscreen=\"allowfullscreen\"><\/iframe><\/p>\n<p>&nbsp;<\/p>\n<p style=\"text-align: center;\"><span style=\"font-size: 18pt;\"><strong><span style=\"color: #008000;\">*******<\/span><\/strong><\/span><\/p>\n<h3 style=\"text-align: center;\"><span class=\"style-scope yt-formatted-string\" dir=\"auto\" style=\"font-size: 18pt;\">(30 ene 2026) Seyed M. Marandi: Iran Warns of Overwhelming Retaliation to ANY U.S. Strike<\/span><\/h3>\n<p style=\"text-align: center;\"><span style=\"font-size: 14pt;\"><em><strong>(Seyed M. Marandi: Ir\u00e1n advierte de una represalia abrumadora ante CUALQUIER ataque estadounidense)<\/strong><\/em><\/span><\/p>\n<p>&nbsp;<\/p>\n<p style=\"text-align: center;\"><iframe loading=\"lazy\" title=\"YouTube video player\" src=\"\/\/www.youtube.com\/embed\/I6XHVDtHRX4?si=cN5A00pT_1JfAvBh\" width=\"560\" height=\"315\" frameborder=\"0\" allowfullscreen=\"allowfullscreen\"><\/iframe><\/p>\n<p>&nbsp;<\/p>\n<p style=\"text-align: center;\"><span style=\"color: #008000; font-size: 18pt;\"><strong>*******<\/strong><\/span><\/p>\n<h3 style=\"text-align: center;\"><span style=\"font-size: 18pt;\">(13 feb 2026) Seyed M. Marandi: Ready for War &#8211; Iran&#8217;s Major Retaliation<\/span><\/h3>\n<div id=\"top-row\" class=\"style-scope ytd-watch-metadata\">\n<div id=\"owner\" class=\"item style-scope ytd-watch-metadata\" style=\"text-align: center;\"><span style=\"font-size: 14pt;\"><em><strong>(Seyed M. Marandi: Preparados para la guerra: la importante represalia de Ir\u00e1n)<\/strong><\/em><\/span><\/div>\n<\/div>\n<div>\u00a0<\/div>\n<div>\u00a0<\/div>\n<p style=\"text-align: center;\"><iframe loading=\"lazy\" title=\"YouTube video player\" src=\"\/\/www.youtube.com\/embed\/E6dyFfZCnFU?si=Fk_cr7I-GSuvwzNu\" width=\"560\" height=\"315\" frameborder=\"0\" allowfullscreen=\"allowfullscreen\"><\/iframe><\/p>\n<p>&nbsp;<\/p>\n<p style=\"text-align: center;\"><span style=\"color: #008000; font-size: 18pt;\"><strong>*******<\/strong><\/span><\/p>\n<h3 style=\"text-align: center;\"><span style=\"font-size: 18pt;\">(21 feb 2026) Seyed M. Marandi: \u00abWar for Survival\u00bb &#8211; Iran\u2019s Strategy as War Is Imminent<\/span><\/h3>\n<p style=\"text-align: center;\"><em><strong><span style=\"font-size: 14pt;\">(Seyed M. Marandi: \u00abGuerra por la supervivencia\u00bb: la estrategia de Ir\u00e1n ante la inminencia de la guerra)<\/span><\/strong><\/em><\/p>\n<p>&nbsp;<\/p>\n<p style=\"text-align: center;\"><iframe loading=\"lazy\" title=\"YouTube video player\" src=\"\/\/www.youtube.com\/embed\/yS_b4Yjq_Ps?si=R3NvQtr9X-3xJDT3\" width=\"560\" height=\"315\" frameborder=\"0\" allowfullscreen=\"allowfullscreen\"><\/iframe><\/p>\n<p>&nbsp;<\/p>\n<p style=\"text-align: center;\"><span style=\"color: #008000; font-size: 18pt;\"><strong>*******<\/strong><\/span><\/p>\n<h3 style=\"text-align: center;\"><span class=\"style-scope yt-formatted-string\" dir=\"auto\" style=\"font-size: 18pt;\">(28 feb 2026) Seyed M. Marandi: Israel &amp; U.S. Launch Surprise Attack on Iran<br \/>\n<\/span><\/h3>\n<p style=\"text-align: center;\"><em><strong><span style=\"font-size: 14pt;\">(Seyed M. Marandi: Israel y Estados Unidos lanzan un ataque sorpresa contra Ir\u00e1n)<\/span><\/strong><\/em><\/p>\n<p>&nbsp;<\/p>\n<p style=\"text-align: center;\"><iframe loading=\"lazy\" title=\"YouTube video player\" src=\"\/\/www.youtube.com\/embed\/NEW44Zk7W3g?si=1rD3GQdxWyyl_Hqq\" width=\"560\" height=\"315\" frameborder=\"0\" allowfullscreen=\"allowfullscreen\"><\/iframe><\/p>\n<p>&nbsp;<\/p>\n<p style=\"text-align: center;\"><span style=\"color: #008000; font-size: 18pt;\"><strong>*******<\/strong><\/span><\/p>\n<h3 style=\"text-align: center;\"><span class=\"style-scope yt-formatted-string\" dir=\"auto\" style=\"font-size: 18pt;\">(1 mar 2026) Seyed M. Marandi: War of Attrition &#8211; Iran&#8217;s Retaliatory Strikes<br \/>\n<\/span><\/h3>\n<p style=\"text-align: center;\"><span style=\"font-size: 14pt;\"><em><strong>(Seyed M. Marandi: Guerra de desgaste: los ataques de represalia de Ir\u00e1n)<\/strong><\/em><\/span><\/p>\n<p>&nbsp;<\/p>\n<p style=\"text-align: center;\"><iframe loading=\"lazy\" title=\"YouTube video player\" src=\"\/\/www.youtube.com\/embed\/j19w0ur90jA?si=6DqNDCAFvXRuXkAp\" width=\"560\" height=\"315\" frameborder=\"0\" allowfullscreen=\"allowfullscreen\"><\/iframe><\/p>\n<p>&nbsp;<\/p>\n<p style=\"text-align: center;\"><span style=\"color: #008000; font-size: 18pt;\"><strong>*******<\/strong><\/span><\/p>\n<h3 style=\"text-align: center;\"><span class=\"style-scope yt-formatted-string\" dir=\"auto\" style=\"font-size: 18pt;\">(3 mar 2026) Seyed M. Marandi: Iran&#8217;s Military Strategy &amp; U.S. Miscalculations<br \/>\n<\/span><\/h3>\n<p style=\"text-align: center;\"><em><strong><span style=\"font-size: 14pt;\">(Seyed M. Marandi: La estrategia militar de Ir\u00e1n y los errores de c\u00e1lculo de Estados Unidos)<\/span><\/strong><\/em><\/p>\n<p>&nbsp;<\/p>\n<p style=\"text-align: center;\"><iframe loading=\"lazy\" title=\"YouTube video player\" src=\"\/\/www.youtube.com\/embed\/IZFVTfNQjnA?si=9JZwybtV1T6R6MuS\" width=\"560\" height=\"315\" frameborder=\"0\" allowfullscreen=\"allowfullscreen\"><\/iframe><\/p>\n<p>&nbsp;<\/p>\n<p style=\"text-align: center;\"><span style=\"color: #008000; font-size: 18pt;\"><strong>*******<\/strong><\/span><\/p>\n<h3 style=\"text-align: center;\"><span style=\"font-size: 18pt;\">(10 mar 2026) Seyed M. Marandi: Iran Rejects Ceasefire &#8211; Demands New Status Quo<\/span><\/h3>\n<p style=\"text-align: center;\"><span style=\"font-size: 14pt;\"><em><strong>(Seyed M. Marandi: Ir\u00e1n rechaza el alto el fuego y exige un nuevo statu quo)<\/strong><\/em><\/span><\/p>\n<p>&nbsp;<\/p>\n<p style=\"text-align: center;\"><iframe loading=\"lazy\" title=\"YouTube video player\" src=\"\/\/www.youtube.com\/embed\/0bjW0uh1J60?si=ubVEr4LXgV-btzsx\" width=\"560\" height=\"315\" frameborder=\"0\" allowfullscreen=\"allowfullscreen\"><\/iframe><\/p>\n<p>&nbsp;<\/p>\n<p style=\"text-align: center;\"><span style=\"font-size: 18pt;\"><strong><span style=\"color: #008000;\">*******<\/span><\/strong><\/span><\/p>\n<h3 style=\"text-align: center;\"><span style=\"font-size: 18pt;\">(18 mar 2026) <\/span><span style=\"font-size: 18pt;\">Seyed M. Marandi: U.S. Attacked World&#8217;s Largest Gas Field &amp; Iran Declares Economic War<\/span><\/h3>\n<p class=\"style-scope ytd-watch-metadata\" style=\"text-align: center;\"><em><strong><span style=\"font-size: 14pt;\">(Seyed M. Marandi: EE.\u202fUU. atac\u00f3 el mayor campo de gas del mundo)<\/span><\/strong><\/em><\/p>\n<p>&nbsp;<\/p>\n<p style=\"text-align: center;\"><iframe loading=\"lazy\" title=\"YouTube video player\" src=\"\/\/www.youtube.com\/embed\/AYLACkCWXRA?si=nETYzwt4zng7YN5E\" width=\"560\" height=\"315\" frameborder=\"0\" allowfullscreen=\"allowfullscreen\" data-mce-fragment=\"1\"><\/iframe><\/p>\n<p>&nbsp;<\/p>\n<p style=\"text-align: center;\"><strong><span style=\"color: #008000; font-size: 18pt;\">*******<\/span><\/strong><\/p>\n<div id=\"title\" class=\"style-scope ytd-watch-metadata\">\n<blockquote>\n<h4 class=\"style-scope ytd-watch-metadata\" style=\"text-align: center;\"><span style=\"font-size: 18pt;\">Seyed M. Marandi: EE.\u202fUU. atac\u00f3 el mayor campo de gas del mundo (Traducido a espa\u00f1ol por IA)<\/span><\/h4>\n<\/blockquote>\n<\/div>\n<blockquote>\n<div id=\"top-row\" class=\"style-scope ytd-watch-metadata\">\n<div id=\"owner\" class=\"item style-scope ytd-watch-metadata\">\n<p class=\"dynamicTextViewModelH1\" style=\"text-align: justify;\"><span style=\"font-size: 14pt;\"><a href=\"https:\/\/www.youtube.com\/watch?v=c2koTTfw2cU\" target=\"_blank\" rel=\"noopener\"><span class=\"yt-core-attributed-string yt-core-attributed-string--white-space-pre-wrap\" dir=\"auto\" role=\"text\">Glenn Diesen<\/span><\/a>, 18 mar 2026<\/span><\/p>\n<\/div>\n<\/div>\n<\/blockquote>\n<div id=\"top-row\" class=\"style-scope ytd-watch-metadata\">\n<div id=\"owner\" class=\"item style-scope ytd-watch-metadata\">\n<blockquote>\n<div class=\"yt-content-metadata-view-model__metadata-row yt-content-metadata-view-model__metadata-row--metadata-row-inline\">\u00a0<\/div>\n<\/blockquote>\n<\/div>\n<\/div>\n<blockquote>\n<p style=\"text-align: center;\"><iframe loading=\"lazy\" title=\"YouTube video player\" src=\"\/\/www.youtube.com\/embed\/c2koTTfw2cU?si=c1YI_OODDGh_K0D9\" width=\"560\" height=\"315\" frameborder=\"0\" allowfullscreen=\"allowfullscreen\" data-mce-fragment=\"1\"><\/iframe><\/p>\n<p>&nbsp;<\/p>\n<\/blockquote>\n<div id=\"title\" class=\"style-scope ytd-watch-metadata\">\n<blockquote>\n<p style=\"text-align: center;\"><strong><span style=\"color: #008000; font-size: 18pt;\">*******<\/span><\/strong><\/p>\n<\/blockquote>\n<h3 class=\"style-scope ytd-watch-metadata\" style=\"text-align: center;\"><span style=\"font-size: 18pt;\">(22 mar 2026) Seyed M. Marandi: Total War &#8211; Attacking Nuclear Plants, Desalination &amp; Infrastructure<\/span><\/h3>\n<p style=\"text-align: center;\"><span style=\"font-size: 14pt;\"><strong><em>(Seyed M. Marandi: Guerra total: Ataque a centrales nucleares, plantas desalinizadoras e infraestructura)<\/em><\/strong><\/span><\/p>\n<\/div>\n<div id=\"top-row\" class=\"style-scope ytd-watch-metadata\">\n<div id=\"owner\" class=\"item style-scope ytd-watch-metadata\">\u00a0<\/div>\n<\/div>\n<p style=\"text-align: center;\"><iframe loading=\"lazy\" title=\"YouTube video player\" src=\"\/\/www.youtube.com\/embed\/Fxt8JjPz_Rw?si=hu9DYqRZ9UKBiS_-\" width=\"560\" height=\"315\" frameborder=\"0\" allowfullscreen=\"allowfullscreen\"><\/iframe><\/p>\n<p>&nbsp;<\/p>\n<p style=\"text-align: center;\"><span style=\"font-size: 18pt;\"><strong><span style=\"color: #008000;\">*******<\/span><\/strong><\/span><\/p>\n<div class=\"mceTemp\">\u00a0<\/div>\n<p><img loading=\"lazy\" decoding=\"async\" class=\"aligncenter wp-image-2318836\" src=\"https:\/\/puntocritico.com\/ausajpuntocritico\/wp-content\/uploads\/2026\/03\/Seyed_Mohammad_Marandi_2014-06-30-210x300.jpg\" alt=\"\" width=\"240\" height=\"343\" srcset=\"https:\/\/puntocritico.com\/ausajpuntocritico\/wp-content\/uploads\/2026\/03\/Seyed_Mohammad_Marandi_2014-06-30-210x300.jpg 210w, https:\/\/puntocritico.com\/ausajpuntocritico\/wp-content\/uploads\/2026\/03\/Seyed_Mohammad_Marandi_2014-06-30.jpg 398w\" sizes=\"auto, (max-width: 240px) 100vw, 240px\" \/><\/p>\n<p>&nbsp;<\/p>\n<blockquote>\n<p style=\"text-align: center;\"><span style=\"font-size: 14pt;\"><strong>Marandi<\/strong> es profesor en la <em><strong>Universidad de Teher\u00e1n<\/strong><\/em> y <em><strong>exasesor<\/strong><\/em> del <strong>Equipo de Negociaci\u00f3n Nuclear de Ir\u00e1n<\/strong>.<\/span><\/p>\n<p style=\"text-align: center;\"><span style=\"font-size: 14pt;\">Produced by: Glenn Diesen <\/span><\/p>\n<p style=\"text-align: center;\"><span style=\"font-size: 14pt;\">Originally Published on 2026<\/span><\/p>\n<p style=\"text-align: center;\"><span style=\"font-size: 14pt;\">Translations by: www.video-translations.org <\/span><\/p>\n<p style=\"text-align: center;\"><span style=\"font-size: 14pt;\">Disclaimer: Read by A.I. Voices. Auto-translated.<\/span><\/p>\n<\/blockquote>\n<p>&nbsp;<\/p>\n<figure id=\"attachment_2318908\" aria-describedby=\"caption-attachment-2318908\" style=\"width: 300px\" class=\"wp-caption aligncenter\"><img loading=\"lazy\" decoding=\"async\" class=\"wp-image-2318908 size-medium\" src=\"https:\/\/puntocritico.com\/ausajpuntocritico\/wp-content\/uploads\/2026\/03\/Al-Larijani-300x300.jpg\" alt=\"\" width=\"300\" height=\"300\" srcset=\"https:\/\/puntocritico.com\/ausajpuntocritico\/wp-content\/uploads\/2026\/03\/Al-Larijani-300x300.jpg 300w, https:\/\/puntocritico.com\/ausajpuntocritico\/wp-content\/uploads\/2026\/03\/Al-Larijani-1024x1024.jpg 1024w, https:\/\/puntocritico.com\/ausajpuntocritico\/wp-content\/uploads\/2026\/03\/Al-Larijani-150x150.jpg 150w, https:\/\/puntocritico.com\/ausajpuntocritico\/wp-content\/uploads\/2026\/03\/Al-Larijani-768x768.jpg 768w, https:\/\/puntocritico.com\/ausajpuntocritico\/wp-content\/uploads\/2026\/03\/Al-Larijani-1536x1536.jpg 1536w, https:\/\/puntocritico.com\/ausajpuntocritico\/wp-content\/uploads\/2026\/03\/Al-Larijani-1320x1320.jpg 1320w, https:\/\/puntocritico.com\/ausajpuntocritico\/wp-content\/uploads\/2026\/03\/Al-Larijani.jpg 2048w\" sizes=\"auto, (max-width: 300px) 100vw, 300px\" \/><figcaption id=\"caption-attachment-2318908\" class=\"wp-caption-text\"><span style=\"color: #008000;\"><strong>Al Larijani<\/strong>, asesinado el 17 de marzo de 2026.<\/span><\/figcaption><\/figure>\n<p>&nbsp;<\/p>\n<p>&nbsp;<\/p>\n<p style=\"text-align: justify;\"><a href=\"https:\/\/puntocritico.com\/author\/punto-critico\/\"><img loading=\"lazy\" decoding=\"async\" class=\"aligncenter wp-image-9528\" src=\"https:\/\/puntocritico.com\/ausajpuntocritico\/wp-content\/uploads\/2018\/03\/Mosca_Punto_Cr\u00edtico_40.png\" alt=\"\" width=\"80\" height=\"80\" \/><\/a><\/p>\n<p>&nbsp;<\/p>\n","protected":false},"excerpt":{"rendered":"<div class=\"mh-excerpt\"><p>HACER LA IGNOMINIA M\u00c1S IGNOMINIOSA Un palomar repleto de Palomas estremece las regiones del Infierno. William Blake \u00a0 (22 marzo 2026) Seyed M. Marandi: Guerra total: Ataque a centrales nucleares, plantas desalinizadoras e infraestructura &nbsp; <a class=\"mh-excerpt-more\" href=\"https:\/\/puntocritico.com\/ausajpuntocritico\/2026\/03\/23\/hacer-la-ignominia-mas-ignominiosa-marandi\/\" title=\"HACER LA IGNOMINIA M\u00c1S IGNOMINIOSA. La Guerra de Ormuz, contada desde Ir\u00e1n: Seyed M. Marandi (Universidad de Teher\u00e1n), serie de Entrevistas de enero a marzo de 2026\">[&#8230;]<\/a><\/p>\n<\/div>","protected":false},"author":3,"featured_media":2318842,"comment_status":"closed","ping_status":"closed","sticky":false,"template":"","format":"standard","meta":{"_acf_changed":false,"_exactmetrics_skip_tracking":false,"_exactmetrics_sitenote_active":false,"_exactmetrics_sitenote_note":"","_exactmetrics_sitenote_category":0,"footnotes":""},"categories":[7,12,14],"tags":[44,209,48],"class_list":{"0":"post-2318826","1":"post","2":"type-post","3":"status-publish","4":"format-standard","5":"has-post-thumbnail","7":"category-politica","8":"category-corrupcion","9":"category-corrupcion_informativa","10":"tag-armas-de-destruccion-masiva","11":"tag-glenn-diesen","12":"tag-guerras-hibridas"},"acf":[],"_links":{"self":[{"href":"https:\/\/puntocritico.com\/ausajpuntocritico\/wp-json\/wp\/v2\/posts\/2318826","targetHints":{"allow":["GET"]}}],"collection":[{"href":"https:\/\/puntocritico.com\/ausajpuntocritico\/wp-json\/wp\/v2\/posts"}],"about":[{"href":"https:\/\/puntocritico.com\/ausajpuntocritico\/wp-json\/wp\/v2\/types\/post"}],"author":[{"embeddable":true,"href":"https:\/\/puntocritico.com\/ausajpuntocritico\/wp-json\/wp\/v2\/users\/3"}],"replies":[{"embeddable":true,"href":"https:\/\/puntocritico.com\/ausajpuntocritico\/wp-json\/wp\/v2\/comments?post=2318826"}],"version-history":[{"count":0,"href":"https:\/\/puntocritico.com\/ausajpuntocritico\/wp-json\/wp\/v2\/posts\/2318826\/revisions"}],"wp:featuredmedia":[{"embeddable":true,"href":"https:\/\/puntocritico.com\/ausajpuntocritico\/wp-json\/wp\/v2\/media\/2318842"}],"wp:attachment":[{"href":"https:\/\/puntocritico.com\/ausajpuntocritico\/wp-json\/wp\/v2\/media?parent=2318826"}],"wp:term":[{"taxonomy":"category","embeddable":true,"href":"https:\/\/puntocritico.com\/ausajpuntocritico\/wp-json\/wp\/v2\/categories?post=2318826"},{"taxonomy":"post_tag","embeddable":true,"href":"https:\/\/puntocritico.com\/ausajpuntocritico\/wp-json\/wp\/v2\/tags?post=2318826"}],"curies":[{"name":"wp","href":"https:\/\/api.w.org\/{rel}","templated":true}]}}