{"id":2318765,"date":"2026-03-29T00:05:18","date_gmt":"2026-03-28T23:05:18","guid":{"rendered":"https:\/\/puntocritico.com\/ausajpuntocritico\/?p=2318765"},"modified":"2026-04-09T17:54:43","modified_gmt":"2026-04-09T15:54:43","slug":"nicolas-maquiavelo-y-la-razon-de-estado-la-originalidad-de-maquiavelo-por-isaiah-berlin-3","status":"publish","type":"post","link":"https:\/\/puntocritico.com\/ausajpuntocritico\/2026\/03\/29\/nicolas-maquiavelo-y-la-razon-de-estado-la-originalidad-de-maquiavelo-por-isaiah-berlin-3\/","title":{"rendered":"NICOL\u00c1S MAQUIAVELO Y LA RAZ\u00d3N DE ESTADO: \u00abLa originalidad de Maquiavelo\u00bb, por Isaiah Berlin (3)"},"content":{"rendered":"<p style=\"text-align: justify;\"><span style=\"color: #008000; font-size: 14pt;\">Nicol\u00e1s Maquiavelo y la raz\u00f3n de estado<\/span><\/p>\n<p style=\"text-align: justify;\"><span style=\"font-size: 14pt; color: #008000;\"><a style=\"color: #008000;\" href=\"https:\/\/puntocritico.com\/ausajpuntocritico\/2026\/03\/15\/nicolas-maquiavelo-por-i-berlin-1\/\" target=\"_blank\" rel=\"noopener\" data-schema-attribute=\"\">EL PR\u00cdNCIPE de Nicol\u00e1s Maquiavelo, por Isaiah Berlin (1)<\/a><\/span><\/p>\n<p style=\"text-align: justify;\"><span style=\"font-size: 14pt; color: #008000;\"><a style=\"color: #008000;\" href=\"https:\/\/puntocritico.com\/ausajpuntocritico\/2026\/03\/22\/la-originalidad-de-maquiavelo-berlin-2\/\" target=\"_blank\" rel=\"noopener\" data-schema-attribute=\"\">LA ORIGINALIDAD DE MAQUIAVELO, por Isaiah Berlin (2)<\/a><\/span><\/p>\n<p style=\"text-align: justify;\"><a href=\"https:\/\/puntocritico.com\/ausajpuntocritico\/2026\/03\/29\/nicolas-maquiavelo-y-la-razon-de-estado-la-originalidad-de-maquiavelo-por-isaiah-berlin-3\/\" target=\"_blank\" rel=\"noopener\" data-schema-attribute=\"\"><span style=\"font-size: 14pt; color: #008000;\">NICOL\u00c1S MAQUIAVELO Y LA RAZ\u00d3N DE ESTADO (Introducci\u00f3n), por Isaiah Berlin (3)<\/span><\/a><\/p>\n<p style=\"text-align: justify;\"><a href=\"https:\/\/puntocritico.com\/ausajpuntocritico\/2026\/04\/05\/maquiavelo-isaiah-berlin-y-4\/\" target=\"_blank\" rel=\"noopener\" data-schema-attribute=\"\"><span style=\"font-size: 14pt; color: #008000;\">Nicol\u00e1s Maquiavelo y la raz\u00f3n de estado, por Isaiah Berlin (y 4)<\/span><\/a><\/p>\n<p style=\"text-align: justify;\"><span style=\"color: #008000; font-size: 14pt;\">\u00a0<\/span><\/p>\n\n<p>&nbsp;<\/p>\n<blockquote>\n<h2 style=\"text-align: center;\"><span style=\"font-size: 24pt;\">LA ORIGINALIDAD DE MAQUIAVELO<\/span><\/h2>\n<p style=\"text-align: center;\"><strong><span style=\"font-size: 18pt;\">Isaiah Berlin<\/span><\/strong><\/p>\n<p><img loading=\"lazy\" decoding=\"async\" class=\"aligncenter wp-image-8709\" src=\"https:\/\/puntocritico.com\/ausajpuntocritico\/wp-content\/uploads\/2018\/02\/Maquiavelo-tecno.jpg\" alt=\"Nicol\u00e1s Maquiavelo LA ORIGINALIDAD DE MAQUIAVELO\" width=\"300\" height=\"386\" \/><\/p>\n<p style=\"text-align: center;\"><strong><span style=\"color: #008000; font-size: 14pt;\">Nicol\u00e1s Maquiavelo (1469-1527)<\/span><\/strong><\/p>\n<\/blockquote>\n<p>&nbsp;<\/p>\n<h3 style=\"text-align: center;\"><span style=\"font-size: 18pt;\">-II-<\/span><\/h3>\n<h4 style=\"text-align: center;\"><span style=\"font-size: 14pt;\"><strong>(CONTINUACI\u00d3N)<\/strong><\/span><\/h4>\n<p><a href=\"https:\/\/revistas.ucatolicaluisamigo.edu.co\/index.php\/perseitas\/article\/view\/4461\/4241\" target=\"_blank\" rel=\"noopener\" data-schema-attribute=\"\"><img loading=\"lazy\" decoding=\"async\" class=\"aligncenter wp-image-2318817\" src=\"https:\/\/puntocritico.com\/ausajpuntocritico\/wp-content\/uploads\/2026\/03\/raison-detat-y-leviatan-1.png\" alt=\"\" width=\"440\" height=\"463\" srcset=\"https:\/\/puntocritico.com\/ausajpuntocritico\/wp-content\/uploads\/2026\/03\/raison-detat-y-leviatan-1.png 551w, https:\/\/puntocritico.com\/ausajpuntocritico\/wp-content\/uploads\/2026\/03\/raison-detat-y-leviatan-1-285x300.png 285w\" sizes=\"auto, (max-width: 440px) 100vw, 440px\" \/><\/a><\/p>\n<p>&nbsp;<\/p>\n<blockquote>\n<p style=\"text-align: center;\"><span style=\"color: #008000;\"><strong><span style=\"font-size: 14pt;\">Creo que la gran originalidad y las tr\u00e1gicas implicaciones de las tesis de Maquiavelo residen en su relaci\u00f3n con una civilizaci\u00f3n cristiana<\/span><\/strong><\/span><\/p>\n<\/blockquote>\n<p>&nbsp;<\/p>\n<p style=\"text-align: justify;\"><span style=\"font-size: 14pt;\">Creo que la gran originalidad y las tr\u00e1gicas implicaciones de las tesis de <strong>Maquiavelo<\/strong> residen en su relaci\u00f3n con una civilizaci\u00f3n cristiana. <\/span><\/p>\n<p style=\"text-align: justify;\"><span style=\"font-size: 14pt;\"><strong>Estaba muy bien vivir a la luz de ideales paganos en tiempos paganos<\/strong>; pero predicar el paganismo m\u00e1s de mil a\u00f1os despu\u00e9s del triunfo del cristianismo era hacerlo despu\u00e9s de la p\u00e9rdida de la inocencia, forzando a los hombres a hacer una elecci\u00f3n consciente. <\/span><\/p>\n<p style=\"text-align: justify;\"><span style=\"font-size: 14pt;\"><strong>La elecci\u00f3n es dolorosa porque hay que escoger entre dos mundos<\/strong>. Los hombres han vivido en ambos y han luchado y muerto para salvar a uno del otro. <strong>Maquiavelo<\/strong> ha escogido uno de ellos, y est\u00e1 dispuesto a cometer cr\u00edmenes para salvarlo.<\/span><\/p>\n<blockquote>\n<p style=\"text-align: center;\"><span style=\"color: #008000;\"><strong><span style=\"font-size: 14pt;\">Hay que escoger entre dos mundos. <\/span><\/strong><\/span><\/p>\n<p style=\"text-align: center;\"><span style=\"color: #008000;\"><strong><span style=\"font-size: 14pt;\">Los hombres han vivido en ambos y han luchado y muerto para salvar a uno del otro. <\/span><\/strong><\/span><\/p>\n<p style=\"text-align: center;\"><span style=\"color: #008000;\"><strong><span style=\"font-size: 14pt;\">Maquiavelo ha escogido uno de ellos, y est\u00e1 dispuesto a cometer cr\u00edmenes para salvarlo. <\/span><\/strong><\/span><\/p>\n<p style=\"text-align: center;\"><span style=\"color: #008000;\"><strong><span style=\"font-size: 14pt;\">Al matar, enga\u00f1ar, traicionar, los pr\u00edncipes y republicanos de Maquiavelo est\u00e1n haciendo cosas infames, no condenables en t\u00e9rminos de la moralidad com\u00fan. <\/span><\/strong><\/span><\/p>\n<\/blockquote>\n<p>&nbsp;<\/p>\n<p style=\"text-align: justify;\"><span style=\"font-size: 14pt;\">Al matar, enga\u00f1ar, traicionar, los pr\u00edncipes y republicanos de <strong>Maquiavelo<\/strong> est\u00e1n haciendo cosas infames, no condenables en t\u00e9rminos de la moralidad com\u00fan. <\/span><\/p>\n<p style=\"text-align: justify;\"><span style=\"font-size: 14pt;\">El gran m\u00e9rito de <strong>Maquiavelo<\/strong> es que no lo niega <strong>[101]<\/strong>. <\/span><\/p>\n<p style=\"text-align: justify;\"><span style=\"font-size: 14pt;\"><strong>Marsilio<\/strong>, <a href=\"https:\/\/puntocritico.com\/ausajpuntocritico\/2018\/04\/13\/spinoza-y-hobbes-la-escalera-de-libertades\/\" target=\"_blank\" rel=\"noopener\" data-schema-attribute=\"\"><strong>Hobbes<\/strong><\/a>, <a href=\"https:\/\/puntocritico.com\/ausajpuntocritico\/2026\/03\/13\/individuo-y-estado-el-concepto-de-poder-en-spinoza-1\/\" target=\"_blank\" rel=\"noopener\" data-schema-attribute=\"\"><strong>Spinoza<\/strong><\/a> y, a su manera, <a href=\"https:\/\/puntocritico.com\/ausajpuntocritico\/2022\/12\/30\/el-reino-del-espiritu-o-reino-de-la-libertad-hegel\/\" target=\"_blank\" rel=\"noopener\" data-schema-attribute=\"\"><strong>Hegel<\/strong><\/a> y <a href=\"https:\/\/puntocritico.com\/ausajpuntocritico\/2026\/02\/03\/de-la-critica-del-marxismo-a-la-pastoral-arnault-skornic-2015-parte-3-final\/\" target=\"_blank\" rel=\"noopener\" data-schema-attribute=\"\"><strong>Marx<\/strong><\/a>, trataron de negarlo. As\u00ed lo hicieron muchos defensores de la<em><strong> raison d&#8217;\u00e9tat<\/strong><\/em>, imperialistas y populistas, cat\u00f3licos y protestantes. <\/span><\/p>\n<p style=\"text-align: justify;\"><span style=\"font-size: 14pt;\">Estos pensadores <strong>propugnan un solo sistema moral<\/strong>, y tratan de mostrar que la moralidad que tales hechos\u00a0justifican, y hasta demandan, es continuaci\u00f3n, en una forma m\u00e1s racional, de las confusas creencias \u00e9ticas de la desordenada moralidad que los proh\u00edbe absolutamente.<\/span><\/p>\n<p>&nbsp;<\/p>\n<blockquote>\n<p style=\"text-align: center;\"><span style=\"color: #008000;\"><strong><span style=\"font-size: 14pt;\">Muchos defensores de la<em> raison d&#8217;\u00e9tat<\/em>, imperialistas y populistas, cat\u00f3licos y protestantes, tratan de mostrar que la moralidad que tales hechos justifican, y hasta demandan, es continuaci\u00f3n m\u00e1s racional de la desordenada moralidad que los proh\u00edbe absolutamente. <\/span><\/strong><\/span><\/p>\n<p style=\"text-align: center;\"><span style=\"color: #008000;\"><strong><span style=\"font-size: 14pt;\">Desde la posici\u00f3n ventajosa de los grandes objetivos sociales en nombre de los cuales deben llevarse a cabo estos actos (<em>malvados prima facie<\/em>), se los ver\u00e1 no como malvados, sino como racionales, exigidos por la misma naturaleza de las cosas, por el bien com\u00fan; juzgados err\u00f3neamente por la ceguera espiritual. <\/span><\/strong><\/span><\/p>\n<p style=\"text-align: center;\"><span style=\"color: #008000;\"><strong><span style=\"font-size: 14pt;\">En el peor caso estos \u00ab<em>cr\u00edmenes<\/em>\u00bb son disonancias exigidas por la armon\u00eda mayor y, por lo tanto, por aquellos que oyen esa armon\u00eda, que ya no les resulta discordante.<\/span><\/strong><\/span><\/p>\n<\/blockquote>\n<p>&nbsp;<\/p>\n<figure id=\"attachment_2318860\" aria-describedby=\"caption-attachment-2318860\" style=\"width: 260px\" class=\"wp-caption aligncenter\"><a href=\"https:\/\/es.wikipedia.org\/wiki\/Marsilio_Ficino\" target=\"_blank\" rel=\"noopener\" data-schema-attribute=\"\"><img loading=\"lazy\" decoding=\"async\" class=\"wp-image-2318860\" src=\"https:\/\/puntocritico.com\/ausajpuntocritico\/wp-content\/uploads\/2026\/03\/Marsilio_Ficino_-_Angel_Appearing_to_Zacharias_detail-225x300.jpg\" alt=\"\" width=\"260\" height=\"347\" srcset=\"https:\/\/puntocritico.com\/ausajpuntocritico\/wp-content\/uploads\/2026\/03\/Marsilio_Ficino_-_Angel_Appearing_to_Zacharias_detail-225x300.jpg 225w, https:\/\/puntocritico.com\/ausajpuntocritico\/wp-content\/uploads\/2026\/03\/Marsilio_Ficino_-_Angel_Appearing_to_Zacharias_detail.jpg 300w\" sizes=\"auto, (max-width: 260px) 100vw, 260px\" \/><\/a><figcaption id=\"caption-attachment-2318860\" class=\"wp-caption-text\"><span style=\"color: #008000;\">Detalle de <strong>Marsilio Ficino<\/strong> en el fresco \u00c1ngel que se aparece a Zacar\u00edas pintado por Domenico Ghirlandaio, Bas\u00edlica de Santa Mar\u00eda Novella, Cappella Tornabuoni, Florencia, Italia. 1486-1490.<\/span><\/figcaption><\/figure>\n<p>&nbsp;<\/p>\n<p style=\"text-align: justify;\"><span style=\"font-size: 14pt;\">Desde la <strong>posici\u00f3n ventajosa de los grandes objetivos sociales en nombre de los cuales deben llevarse a cabo estos actos (<em>malvados prima facie<\/em>), se los ver\u00e1 (<em>as\u00ed va el argumento<\/em>) no ya como malvados, sino como racionales<\/strong>, <\/span><\/p>\n<blockquote>\n<p style=\"text-align: justify;\"><span style=\"color: #008000;\"><strong><span style=\"font-size: 14pt;\">exigidos por la misma naturaleza de las cosas, por el bien com\u00fan, o los verdaderos fines del hombre, o la dial\u00e9ctica de la historia, condenados solo por aquellos que no pueden o no quieren ver un segmento suficientemente grande de los patrones l\u00f3gicos o teol\u00f3gicos, o metaf\u00edsicos o hist\u00f3ricos; juzgados err\u00f3neamente, denunciados solo por la miop\u00eda o la ceguera espiritual.<\/span><\/strong><\/span><\/p>\n<\/blockquote>\n<p>&nbsp;<\/p>\n<p style=\"text-align: justify;\"><span style=\"font-size: 14pt;\"><strong>En el peor caso estos \u00ab<em>cr\u00edmenes<\/em>\u00bb son disonancias exigidas por la armon\u00eda mayor<\/strong> y, por lo tanto, por aquellos que oyen esa armon\u00eda, que ya no les resulta discordante.\u00a0<\/span><\/p>\n<p style=\"text-align: justify;\"><span style=\"font-size: 14pt;\"><strong>Maquiavelo<\/strong> <strong>no es defensor de una teor\u00eda abstracta de este tipo<\/strong>. No se le ocurre emplear tal casu\u00edstica. <\/span><\/p>\n<p style=\"text-align: justify;\"><span style=\"font-size: 14pt;\">Es transparentemente franco y claro.\u00a0<\/span><span style=\"font-size: 14pt;\">Al escoger una vida de estadista, o hasta la de un ciudadano con suficiente sentido c\u00edvico como para <strong>querer que su Estado tenga tan buen \u00e9xito y sea tan espl\u00e9ndido como sea posible, uno se compromete a rechazar el comportamiento cristiano<\/strong> <strong>[102]<\/strong>. <\/span><\/p>\n<p style=\"text-align: justify;\"><span style=\"font-size: 14pt;\">Puede que los cristianos tengan raz\u00f3n acerca del bienestar del alma individual tomada fuera del contexto social o pol\u00edtico.<\/span><\/p>\n<p style=\"text-align: justify;\"><span style=\"font-size: 14pt;\"> <strong>Pero el bienestar del Estado no es el mismo que el bienestar del individuo<\/strong>: <\/span><\/p>\n<blockquote>\n<p style=\"text-align: justify;\"><strong><span style=\"font-size: 14pt;\"><span style=\"color: #008000;\">\u00abson gobernados de diferente manera\u00bb.<\/span> <\/span><\/strong><\/p>\n<\/blockquote>\n<p>&nbsp;<\/p>\n<p><img loading=\"lazy\" decoding=\"async\" class=\"aligncenter wp-image-2318820\" src=\"https:\/\/puntocritico.com\/ausajpuntocritico\/wp-content\/uploads\/2026\/03\/DALL\u00b7E-2025-03-13-10.29.48-A-dramatic-Renaissance-style-painting-depicting-a-prince-in-regal-attire-standing-between-a-cunning-fox-and-a-powerful-lion-symbolizing-Machiavelli-300x228.webp\" alt=\"\" width=\"400\" height=\"304\" srcset=\"https:\/\/puntocritico.com\/ausajpuntocritico\/wp-content\/uploads\/2026\/03\/DALL\u00b7E-2025-03-13-10.29.48-A-dramatic-Renaissance-style-painting-depicting-a-prince-in-regal-attire-standing-between-a-cunning-fox-and-a-powerful-lion-symbolizing-Machiavelli-300x228.webp 300w, https:\/\/puntocritico.com\/ausajpuntocritico\/wp-content\/uploads\/2026\/03\/DALL\u00b7E-2025-03-13-10.29.48-A-dramatic-Renaissance-style-painting-depicting-a-prince-in-regal-attire-standing-between-a-cunning-fox-and-a-powerful-lion-symbolizing-Machiavelli-768x584.webp 768w, https:\/\/puntocritico.com\/ausajpuntocritico\/wp-content\/uploads\/2026\/03\/DALL\u00b7E-2025-03-13-10.29.48-A-dramatic-Renaissance-style-painting-depicting-a-prince-in-regal-attire-standing-between-a-cunning-fox-and-a-powerful-lion-symbolizing-Machiavelli-80x60.webp 80w, https:\/\/puntocritico.com\/ausajpuntocritico\/wp-content\/uploads\/2026\/03\/DALL\u00b7E-2025-03-13-10.29.48-A-dramatic-Renaissance-style-painting-depicting-a-prince-in-regal-attire-standing-between-a-cunning-fox-and-a-powerful-lion-symbolizing-Machiavelli.webp 887w\" sizes=\"auto, (max-width: 400px) 100vw, 400px\" \/><\/p>\n<p>&nbsp;<\/p>\n<blockquote>\n<p style=\"text-align: center;\"><strong><span style=\"font-size: 14pt; color: #008000;\">Hay que hacer una elecci\u00f3n, los \u00fanicos delitos son la debilidad, la cobard\u00eda, la estupidez, que pueden hacer que uno retroceda a la mitad del camino y fracase.<\/span><\/strong><\/p>\n<\/blockquote>\n<p>&nbsp;<\/p>\n<p style=\"text-align: justify;\"><span style=\"font-size: 14pt;\"><strong>Hay que hacer una elecci\u00f3n, los \u00fanicos delitos son la debilidad, la cobard\u00eda, la estupidez<\/strong>, que pueden hacer que uno retroceda a la mitad del camino y fracase.<\/span><\/p>\n<p style=\"text-align: justify;\"><span style=\"font-size: 14pt;\">El compromiso con la moralidad actual conduce a la chapucer\u00eda, siempre despreciable, y cuando lo practican los estadistas lleva a los hombres a la ruina.<\/span><\/p>\n<p>&nbsp;<\/p>\n<blockquote>\n<p style=\"text-align: center;\"><span style=\"font-size: 14pt; color: #008000;\"><strong>El compromiso con la moralidad actual conduce a la chapucer\u00eda, siempre despreciable, y cuando lo practican los estadistas lleva a los hombres a la ruina. <\/strong><\/span><\/p>\n<p style=\"text-align: center;\"><span style=\"font-size: 14pt; color: #008000;\"><strong><span style=\"font-size: 14pt;\">El fin, si es suficientemente elevado, \u00ab<em>perdona<\/em>\u00bb los medios, por horribles que puedan parecer.<\/span><\/strong><\/span><\/p>\n<\/blockquote>\n<p>&nbsp;<\/p>\n<p style=\"text-align: justify;\"><span style=\"font-size: 14pt;\"><strong>El fin, si es suficientemente elevado<\/strong> (<em>en t\u00e9rminos de los ideales de <a href=\"https:\/\/puntocritico.com\/ausajpuntocritico\/2022\/06\/14\/se-denomina-democracia-por-tucidides-en-una-democracia-los-que-no-participan-en-los-asuntos-publicos-no-son-despreocupados-sino-inutiles\/\" target=\"_blank\" rel=\"noopener\" data-schema-attribute=\"\"><strong>Tuc\u00eddides<\/strong><\/a> o <a href=\"https:\/\/puntocritico.com\/ausajpuntocritico\/2021\/12\/01\/polibio\/\" target=\"_blank\" rel=\"noopener\" data-schema-attribute=\"\"><strong>Polibio<\/strong><\/a>, <a href=\"https:\/\/puntocritico.com\/ausajpuntocritico\/2023\/01\/30\/busqueda-de-la-verdad-ciceron\/\" target=\"_blank\" rel=\"noopener\" data-schema-attribute=\"\"><strong>Cicer\u00f3n<\/strong><\/a> o <a href=\"https:\/\/puntocritico.com\/ausajpuntocritico\/2026\/03\/09\/si-vis-pacem-para-bellum\/\" target=\"_blank\" rel=\"noopener\" data-schema-attribute=\"\"><strong>Livio<\/strong><\/a><\/em>), \u00ab<em>perdona<\/em>\u00bb los medios, por horribles que puedan parecer, incluso en t\u00e9rminos de la <em>\u00e9tica pagana<\/em>.\u00a0<\/span><\/p>\n<p style=\"text-align: justify;\"><span style=\"font-size: 14pt;\"><strong>Bruto<\/strong> <strong>hizo bien en matar a sus hijos<\/strong>: <\/span><\/p>\n<blockquote>\n<p style=\"text-align: justify;\"><span style=\"color: #008000;\"><strong><span style=\"font-size: 14pt;\">salv\u00f3 a Roma.<\/span><\/strong><\/span><\/p>\n<\/blockquote>\n<p>&nbsp;<\/p>\n<p><a href=\"https:\/\/puntocritico.com\/ausajpuntocritico\/2025\/11\/11\/democracia-o-el-gobierno-de-los-pobres\/\" target=\"_blank\" rel=\"noopener\" data-schema-attribute=\"\"><img loading=\"lazy\" decoding=\"async\" class=\"aligncenter wp-image-2268701\" src=\"https:\/\/puntocritico.com\/ausajpuntocritico\/wp-content\/uploads\/2023\/03\/corrupta-roma_destacado-300x166.webp\" alt=\"\" width=\"480\" height=\"266\" srcset=\"https:\/\/puntocritico.com\/ausajpuntocritico\/wp-content\/uploads\/2023\/03\/corrupta-roma_destacado-300x166.webp 300w, https:\/\/puntocritico.com\/ausajpuntocritico\/wp-content\/uploads\/2023\/03\/corrupta-roma_destacado-610x337.webp 610w, https:\/\/puntocritico.com\/ausajpuntocritico\/wp-content\/uploads\/2023\/03\/corrupta-roma_destacado.webp 640w\" sizes=\"auto, (max-width: 480px) 100vw, 480px\" \/><\/a><\/p>\n<p>&nbsp;<\/p>\n<p style=\"text-align: justify;\"><span style=\"font-size: 14pt;\"><strong>Soderini<\/strong> no tuvo agallas para perpetrar tales hechos y <strong>arruin\u00f3 a <em>Florencia<\/em><\/strong>. <\/span><\/p>\n<p style=\"text-align: justify;\"><span style=\"font-size: 14pt;\"><strong>Savonarola<\/strong>, que ten\u00eda ideas s\u00f3lidas sobre austeridad, fuerza moral y corrupci\u00f3n, <strong>pereci\u00f3 porque no se dio cuenta de que un profeta desarmado va siempre al cadalso<\/strong>.\u00a0<\/span><\/p>\n<p>&nbsp;<\/p>\n<blockquote>\n<p style=\"text-align: center;\"><span style=\"color: #008000;\"><strong><span style=\"font-size: 14pt;\">Si es posible producir el resultado correcto con el uso de la devoci\u00f3n y el afecto de los hombres, as\u00ed debe hacerse. <\/span><\/strong><\/span><\/p>\n<p style=\"text-align: center;\"><span style=\"color: #008000;\"><strong><span style=\"font-size: 14pt;\">De nada sirve provocar sufrimiento por el solo hecho de hacerlo.<\/span><\/strong><\/span><\/p>\n<\/blockquote>\n<p>&nbsp;<\/p>\n<p style=\"text-align: justify;\"><span style=\"font-size: 14pt;\"><strong>Si es posible producir el resultado correcto con el uso de la devoci\u00f3n y el afecto de los hombres, as\u00ed debe hacerse<\/strong>. De nada sirve provocar sufrimiento por el solo hecho de hacerlo.<\/span><\/p>\n<p>&nbsp;<\/p>\n<figure id=\"attachment_2318689\" aria-describedby=\"caption-attachment-2318689\" style=\"width: 240px\" class=\"wp-caption aligncenter\"><img loading=\"lazy\" decoding=\"async\" class=\"wp-image-2318689\" src=\"https:\/\/puntocritico.com\/ausajpuntocritico\/wp-content\/uploads\/2026\/03\/girolamo-savonarola-692x1024-1-203x300.jpg\" alt=\"\" width=\"240\" height=\"355\" srcset=\"https:\/\/puntocritico.com\/ausajpuntocritico\/wp-content\/uploads\/2026\/03\/girolamo-savonarola-692x1024-1-203x300.jpg 203w, https:\/\/puntocritico.com\/ausajpuntocritico\/wp-content\/uploads\/2026\/03\/girolamo-savonarola-692x1024-1.jpg 692w\" sizes=\"auto, (max-width: 240px) 100vw, 240px\" \/><figcaption id=\"caption-attachment-2318689\" class=\"wp-caption-text\"><span style=\"color: #008000;\">Girolamo Savonarola<\/span><\/figcaption><\/figure>\n<p>&nbsp;<\/p>\n<p style=\"text-align: justify;\"><span style=\"font-size: 14pt;\"><strong>Pero si no se puede<\/strong>, entonces los ejemplos son <strong>Mois\u00e9s<\/strong>, <strong>R\u00f3mulo<\/strong>, <strong>Teseo<\/strong>, <strong>Ciro<\/strong>, y <strong>debe emplearse el temor<\/strong>. <\/span><\/p>\n<p style=\"text-align: justify;\"><span style=\"font-size: 14pt;\">No hay <em>satanismo<\/em> siniestro en <strong>Maquiavelo<\/strong>, nada del <em>gran pecador<\/em> de <strong>Dostoievski<\/strong> que va en pos del mal por el mal mismo. A la famosa pregunta de <a href=\"https:\/\/es.wikipedia.org\/wiki\/Los_hermanos_Karamazov\" target=\"_blank\" rel=\"noopener\" data-schema-attribute=\"\"><strong>Dostoievski<\/strong> \u00ab<em><strong>\u00bfTodo est\u00e1 permitido?<\/strong><\/em>\u00bb<\/a>, <strong>Maquiavelo<\/strong> (<em>que para <a href=\"https:\/\/puntocritico.com\/ausajpuntocritico\/2021\/11\/29\/apartheid-sanitario\/\" target=\"_blank\" rel=\"noopener\" data-schema-attribute=\"\"><strong>Dostoievski<\/strong><\/a> ser\u00eda seguramente un ateo<\/em>) <strong>contesta <\/strong><\/span><\/p>\n<blockquote>\n<p style=\"text-align: justify;\"><span style=\"color: #008000;\"><strong><span style=\"font-size: 14pt;\">\u00ab<em>S\u00ed, si el fin esto es, la persecuci\u00f3n de los intereses b\u00e1sicos de la sociedad en una situaci\u00f3n espec\u00edfica, no puede alcanzarse de otra forma<\/em>\u00bb.<\/span><\/strong><\/span><\/p>\n<\/blockquote>\n<p>&nbsp;<\/p>\n<p style=\"text-align: justify;\"><span style=\"font-size: 14pt;\">Esta situaci\u00f3n <strong>no ha sido bien entendida<\/strong> por algunos que declaran no ser contrarios a <strong>Maquiavelo<\/strong>. <\/span><\/p>\n<p style=\"text-align: justify;\"><span style=\"font-size: 14pt;\"><strong>Figgis<\/strong>, por ejemplo, <strong>[103]<\/strong> piensa que <strong>Maquiavelo<\/strong> suspendi\u00f3 permanentemente \u00ab<em>la acci\u00f3n del habeas corpus para toda la raza humana<\/em>\u00bb, es decir que<strong> defendi\u00f3 actos de terrorismo porque para \u00e9l la situaci\u00f3n siempre era cr\u00edtica<\/strong>, siempre desesperada, de modo que confund\u00eda principios pol\u00edticos ordinarios con reglas necesarias, si acaso, solo en casos extremos.<\/span><\/p>\n<p style=\"text-align: justify;\"><span style=\"font-size: 14pt;\">Otros, tal vez <strong>la mayor\u00eda de sus int\u00e9rpretes, lo vieron como el originador o cuando menos el defensor de<\/strong> lo que posteriormente se llamar\u00eda <em><strong>R<\/strong><strong><em>aison <\/em>d&#8217;\u00e9tat<\/strong><\/em>, <em><strong>Staatsr\u00e4son<\/strong><\/em>, <em><strong>Ragion di Stato<\/strong><\/em>: <\/span><\/p>\n<blockquote>\n<p style=\"text-align: justify;\"><strong><span style=\"font-size: 14pt;\"><span style=\"color: #008000;\">la justificaci\u00f3n de actos inmorales cuando se llevan a cabo en apoyo del Estado en circunstancias excepcionales.<\/span> <\/span><\/strong><\/p>\n<\/blockquote>\n<p>&nbsp;<\/p>\n<figure id=\"attachment_2318821\" aria-describedby=\"caption-attachment-2318821\" style=\"width: 400px\" class=\"wp-caption aligncenter\"><a href=\"https:\/\/es.wikipedia.org\/wiki\/Humanismo\" target=\"_blank\" rel=\"noopener\" data-schema-attribute=\"\"><img loading=\"lazy\" decoding=\"async\" class=\"wp-image-2318821\" src=\"https:\/\/puntocritico.com\/ausajpuntocritico\/wp-content\/uploads\/2026\/03\/maquiavelo_principe-raison-detat-300x240.jpg\" alt=\"\" width=\"400\" height=\"320\" srcset=\"https:\/\/puntocritico.com\/ausajpuntocritico\/wp-content\/uploads\/2026\/03\/maquiavelo_principe-raison-detat-300x240.jpg 300w, https:\/\/puntocritico.com\/ausajpuntocritico\/wp-content\/uploads\/2026\/03\/maquiavelo_principe-raison-detat-1024x818.jpg 1024w, https:\/\/puntocritico.com\/ausajpuntocritico\/wp-content\/uploads\/2026\/03\/maquiavelo_principe-raison-detat-768x614.jpg 768w, https:\/\/puntocritico.com\/ausajpuntocritico\/wp-content\/uploads\/2026\/03\/maquiavelo_principe-raison-detat-1536x1227.jpg 1536w, https:\/\/puntocritico.com\/ausajpuntocritico\/wp-content\/uploads\/2026\/03\/maquiavelo_principe-raison-detat-2048x1636.jpg 2048w, https:\/\/puntocritico.com\/ausajpuntocritico\/wp-content\/uploads\/2026\/03\/maquiavelo_principe-raison-detat-1320x1055.jpg 1320w\" sizes=\"auto, (max-width: 400px) 100vw, 400px\" \/><\/a><figcaption id=\"caption-attachment-2318821\" class=\"wp-caption-text\"><span style=\"color: #008000;\">Cuatro fil\u00f3sofos humanistas beneficiados por el mecenazgo de los M\u00e9dicis: Marsilio Ficino, Cristoforo Landino, Angelo Poliziano y Demetrio Calcocondilas. Detalle del fresco <em>Zacar\u00edas en el templo<\/em>, de <strong>Domenico Ghirlandaio<\/strong>, en Santa Maria Novella (Florencia), 1486-1490. <\/span><\/figcaption><\/figure>\n<p>&nbsp;<\/p>\n<blockquote>\n<p style=\"text-align: center;\"><span style=\"color: #008000;\"><strong><span style=\"font-size: 14pt;\">La \u00ab<em>Raz\u00f3n de Estado<\/em>\u00bb supone la justificaci\u00f3n de actos inmorales cuando se llevan a cabo en apoyo del Estado en circunstancias excepcionales. <\/span><\/strong><\/span><\/p>\n<\/blockquote>\n<p>&nbsp;<\/p>\n<p style=\"text-align: justify;\"><span style=\"font-size: 14pt;\">M\u00e1s de un estudioso ha anotado, con suficiente raz\u00f3n, que <strong>la noci\u00f3n de que los casos desesperados requieren remedios desesperados<\/strong> -que la \u00ab<em>necesidad no conoce ley<\/em>\u00bb-, se encuentra no solo en la <em>Antig\u00fcedad<\/em> sino igualmente en <strong>Aquino<\/strong> y en <strong>Dante<\/strong> y en otros escritores medievales, mucho antes que en <strong>Bellarmino<\/strong> o <strong>Maquiavelo<\/strong>.<\/span><\/p>\n<p style=\"text-align: justify;\"><span style=\"font-size: 14pt;\">Creo que estos paralelismos descansan en una <strong>profunda, pero caracter\u00edstica, incomprensi\u00f3n de<\/strong> <strong>las tesis de<\/strong> <strong>Maquiavelo<\/strong>:\u00a0<\/span><\/p>\n<blockquote>\n<p style=\"text-align: justify;\"><strong><span style=\"font-size: 14pt; color: #008000;\">\u00c9l no dice que mientras en situaciones normales debe prevalecer la moralidad imperante -esto es, el c\u00f3digo \u00e9tico cristiano o semicristiano-, pueden acontecer situaciones anormales en las que toda la estructura social, \u00fanica en la que puede funcionar este c\u00f3digo, se ve en peligro, y que en emergencias de esta clase est\u00e1n justificados actos que generalmente se consideran malvados y debidamente prohibidos.<\/span><\/strong><\/p>\n<\/blockquote>\n<p>&nbsp;<\/p>\n<p><img loading=\"lazy\" decoding=\"async\" class=\"aligncenter wp-image-2318818\" src=\"https:\/\/puntocritico.com\/ausajpuntocritico\/wp-content\/uploads\/2026\/03\/raison-detat-en-tiempos-de-maquiavelo-300x171.webp\" alt=\"\" width=\"480\" height=\"274\" srcset=\"https:\/\/puntocritico.com\/ausajpuntocritico\/wp-content\/uploads\/2026\/03\/raison-detat-en-tiempos-de-maquiavelo-300x171.webp 300w, https:\/\/puntocritico.com\/ausajpuntocritico\/wp-content\/uploads\/2026\/03\/raison-detat-en-tiempos-de-maquiavelo-1024x585.webp 1024w, https:\/\/puntocritico.com\/ausajpuntocritico\/wp-content\/uploads\/2026\/03\/raison-detat-en-tiempos-de-maquiavelo-768x439.webp 768w, https:\/\/puntocritico.com\/ausajpuntocritico\/wp-content\/uploads\/2026\/03\/raison-detat-en-tiempos-de-maquiavelo-1320x754.webp 1320w, https:\/\/puntocritico.com\/ausajpuntocritico\/wp-content\/uploads\/2026\/03\/raison-detat-en-tiempos-de-maquiavelo.webp 1450w\" sizes=\"auto, (max-width: 480px) 100vw, 480px\" \/><\/p>\n<p>&nbsp;<\/p>\n<p style=\"text-align: justify;\"><span style=\"font-size: 14pt;\">Esta es la posici\u00f3n, entre otros, de aquellos que <strong>piensan que toda moralidad descansa en \u00faltima instancia en la existencia de ciertas instituciones<\/strong>, digamos los <strong><em>cat\u00f3licos romanos<\/em><\/strong>, que ven la existencia de la <strong><em>Iglesia<\/em> <\/strong>y del <strong><em>papado<\/em> <\/strong>como indispensables para el <em>cristianismo<\/em>, o los <em><strong>nacionalistas<\/strong> <\/em>que consideran que la <strong><em>fuerza pol\u00edtica de una naci\u00f3n<\/em><\/strong> es la <em><strong>\u00fanica fuerza de vida espiritual<\/strong><\/em>. <\/span><\/p>\n<p style=\"text-align: justify;\"><span style=\"font-size: 14pt;\"><strong>Tales personas mantienen que esas medidas extremas y \u00ab<em>espantosas<\/em>\u00bb pueden ser justificadas, necesarias para proteger el <em>Estado<\/em> o la <em>Iglesia<\/em> o la cultura nacional en momentos de crisis agudas<\/strong>, dado que la ruina de estas instituciones puede da\u00f1ar fatalmente la estructura indispensable de todos los otros valores. <\/span><\/p>\n<p style=\"text-align: justify;\"><span style=\"font-size: 14pt;\">Esta es una doctrina en t\u00e9rminos de la cual, <strong>tanto cat\u00f3licos como protestantes, conservadores y comunistas, han defendido enormidades que hielan la sangre<\/strong> de los hombres comunes.<\/span><\/p>\n<p>&nbsp;<\/p>\n<blockquote>\n<p style=\"text-align: center;\"><strong><span style=\"font-size: 14pt; color: #008000;\">Esta es una doctrina en t\u00e9rminos de la cual, tanto cat\u00f3licos como protestantes, conservadores y comunistas, han defendido enormidades que hielan la sangre de los hombres comunes.<\/span><\/strong><\/p>\n<\/blockquote>\n<p>&nbsp;<\/p>\n<p style=\"text-align: justify;\"><span style=\"font-size: 14pt;\">Pero<strong> no es esta la posici\u00f3n de<\/strong> <strong>Maquiavelo<\/strong>.<\/span><\/p>\n<p>&nbsp;<\/p>\n<p><img loading=\"lazy\" decoding=\"async\" class=\"wp-image-2318725 aligncenter\" src=\"https:\/\/puntocritico.com\/ausajpuntocritico\/wp-content\/uploads\/2026\/03\/maquiavelo-escritorio-PPAL-2-300x199.jpg\" alt=\"\" width=\"440\" height=\"292\" srcset=\"https:\/\/puntocritico.com\/ausajpuntocritico\/wp-content\/uploads\/2026\/03\/maquiavelo-escritorio-PPAL-2-300x199.jpg 300w, https:\/\/puntocritico.com\/ausajpuntocritico\/wp-content\/uploads\/2026\/03\/maquiavelo-escritorio-PPAL-2-678x452.jpg 678w, https:\/\/puntocritico.com\/ausajpuntocritico\/wp-content\/uploads\/2026\/03\/maquiavelo-escritorio-PPAL-2.jpg 680w\" sizes=\"auto, (max-width: 440px) 100vw, 440px\" \/><\/p>\n<p>&nbsp;<\/p>\n<p style=\"text-align: justify;\"><span style=\"font-size: 14pt;\">Para los defensores de la <em><strong>Raison d&#8217;\u00e9tat<\/strong><\/em>, la \u00fanica justificaci\u00f3n de estas medidas es que <strong>son excepcionales<\/strong>, que son <strong>necesarias para conservar un sistema cuyo prop\u00f3sito es, precisamente, evitar la necesidad de tan odiosas medidas<\/strong>, as\u00ed que la \u00fanica justificaci\u00f3n de las mismas es que terminar\u00e1n con la situaci\u00f3n que las hace necesarias.<\/span><\/p>\n<p>&nbsp;<\/p>\n<blockquote>\n<p style=\"text-align: center;\"><strong><span style=\"font-size: 14pt; color: #008000;\">Para los defensores de la <em>raison d&#8217;\u00e9tat<\/em> la \u00fanica justificaci\u00f3n de estas medidas es que son excepcionales, que son necesarias para conservar un sistema cuyo prop\u00f3sito es, precisamente, evitar la necesidad de tan odiosas medidas. <\/span><\/strong><\/p>\n<p style=\"text-align: center;\"><strong><span style=\"font-size: 14pt; color: #008000;\"><span style=\"font-size: 14pt;\">As\u00ed, su \u00fanica justificaci\u00f3n es que terminar\u00e1n con la situaci\u00f3n que las hace necesarias. <\/span><\/span><\/strong><\/p>\n<p style=\"text-align: center;\"><strong><span style=\"font-size: 14pt; color: #008000;\"><span style=\"font-size: 14pt;\">Pero para Maquiavelo estas medidas son, en cierto sentido, absolutamente normales, ya que aunque s<\/span><\/span><\/strong><strong><span style=\"font-size: 14pt; color: #008000;\"><span style=\"font-size: 14pt;\">e requieren solo ante la necesidad extrema, la vida pol\u00edtica tiende a generar muchas de tales necesidades.<\/span><\/span><\/strong><\/p>\n<\/blockquote>\n<p>&nbsp;<\/p>\n<p style=\"text-align: justify;\"><span style=\"font-size: 14pt;\">Pero para <strong>Maquiavelo<\/strong> estas medidas son, en cierto sentido, <strong>absolutamente normales<\/strong>.\u00a0<\/span><\/p>\n<p style=\"text-align: justify;\"><span style=\"font-size: 14pt;\">Sin duda <strong>se requieren solo ante la necesidad extrema<\/strong>; sin embargo, <strong>la vida pol\u00edtica tiende a generar muchas de tales necesidades<\/strong>, de diversos grados de \u00ab<em>extremidad<\/em>\u00bb; de aqu\u00ed que <strong>Baglioni<\/strong>, que se asust\u00f3 de las consecuencias l\u00f3gicas de su propia pol\u00edtica, fuese incapaz de gobernar.<\/span><\/p>\n<p>&nbsp;<\/p>\n<p><img loading=\"lazy\" decoding=\"async\" class=\"aligncenter wp-image-2318819\" src=\"https:\/\/puntocritico.com\/ausajpuntocritico\/wp-content\/uploads\/2026\/03\/Maquiavelo-zorro-y-leon-el-principe.jpg\" alt=\"\" width=\"280\" height=\"350\" \/><\/p>\n<p>&nbsp;<\/p>\n<blockquote>\n<p style=\"text-align: center;\"><span style=\"color: #008000;\"><strong><span style=\"font-size: 14pt;\">La noci\u00f3n de <em>raison d&#8217;\u00e9tat<\/em> implica un conflicto de valores que puede resultar un tormento para hombres sensibles y moralmente buenos. <\/span><\/strong><\/span><\/p>\n<p style=\"text-align: center;\"><span style=\"color: #008000;\"><strong><span style=\"font-size: 14pt;\">Para Maquiavelo no hay conflicto. <\/span><\/strong><\/span><\/p>\n<p style=\"text-align: center;\"><span style=\"color: #008000;\"><strong><span style=\"font-size: 14pt;\">La vida p\u00fablica tiene su propia moralidad, frente a la cual los principios cristianos (<em>o cualquier valor personal absoluto<\/em>) tienden a ser un obst\u00e1culo gratuito.<\/span><\/strong><\/span><\/p>\n<\/blockquote>\n<p>&nbsp;<\/p>\n<p style=\"text-align: justify;\"><span style=\"font-size: 14pt;\">La noci\u00f3n de <em><strong>raison d&#8217;\u00e9tat<\/strong><\/em> implica un conflicto de valores que puede resultar un tormento para hombres sensibles y moralmente buenos. <\/span><\/p>\n<p style=\"text-align: justify;\"><span style=\"font-size: 14pt;\">Para <strong>Maquiavelo<\/strong> no hay conflicto.\u00a0<\/span><span style=\"font-size: 14pt;\"><strong>La vida p\u00fablica tiene su propia moralidad<\/strong>, frente a la cual los principios cristianos (<em>o cualquier valor personal absoluto<\/em>) tienden a ser un obst\u00e1culo gratuito. <\/span><\/p>\n<p style=\"text-align: justify;\"><span style=\"font-size: 14pt;\"><strong>Esta vida tiene sus propias normas<\/strong>; no requiere el terror perpetuo, pero <strong>aprueba o cuando menos permite el uso de la fuerza cuando es necesaria para promover los fines de la sociedad pol\u00edtica<\/strong>.<\/span><\/p>\n<p>&nbsp;<\/p>\n<blockquote>\n<p style=\"text-align: center;\"><strong><span style=\"font-size: 14pt; color: #008000;\">Esta vida tiene sus propias normas; no requiere el terror perpetuo, pero aprueba o cuando menos permite el uso de la fuerza cuando es necesaria para promover los fines de la sociedad pol\u00edtica.<\/span><\/strong><\/p>\n<\/blockquote>\n<p>&nbsp;<\/p>\n<figure id=\"attachment_2318889\" aria-describedby=\"caption-attachment-2318889\" style=\"width: 480px\" class=\"wp-caption aligncenter\"><a href=\"https:\/\/www.truthdig.com\/articles\/sheldon-wolin-and-inverted-totalitarianism\/\" target=\"_blank\" rel=\"noopener\" data-schema-attribute=\"\"><img loading=\"lazy\" decoding=\"async\" class=\"wp-image-2318889\" src=\"https:\/\/puntocritico.com\/ausajpuntocritico\/wp-content\/uploads\/2026\/03\/Sheldon-S.-Wolin-300x163.jpg\" alt=\"\" width=\"480\" height=\"260\" srcset=\"https:\/\/puntocritico.com\/ausajpuntocritico\/wp-content\/uploads\/2026\/03\/Sheldon-S.-Wolin-300x163.jpg 300w, https:\/\/puntocritico.com\/ausajpuntocritico\/wp-content\/uploads\/2026\/03\/Sheldon-S.-Wolin.jpg 600w\" sizes=\"auto, (max-width: 480px) 100vw, 480px\" \/><\/a><figcaption id=\"caption-attachment-2318889\" class=\"wp-caption-text\"><a href=\"https:\/\/www.truthdig.com\/articles\/sheldon-wolin-and-inverted-totalitarianism\/\" target=\"_blank\" rel=\"noopener\" data-schema-attribute=\"\"><span style=\"color: #008000;\">Sheldon S. Wolin<\/span><\/a><\/figcaption><\/figure>\n<p>&nbsp;<\/p>\n<blockquote>\n<p style=\"text-align: center;\"><strong><span style=\"font-size: 14pt; color: #008000;\">Maquiavelo cree en una permanente \u00ab<em>econom\u00eda de la violencia<\/em>\u00bb, en la necesidad de mantener siempre en el trasfondo una consistente reserva de\u00a0fuerzas para lograr que todo ocurra de tal forma que sea posible mantener y hacer florecer las virtudes admiradas por \u00e9l<\/span><\/strong><\/p>\n<\/blockquote>\n<p>&nbsp;<\/p>\n<p style=\"text-align: justify;\"><span style=\"font-size: 14pt;\">Me parece que <strong><a href=\"https:\/\/www.truthdig.com\/articles\/sheldon-wolin-and-inverted-totalitarianism\/\" target=\"_blank\" rel=\"noopener\" data-schema-attribute=\"\">Sheldon Wolin<\/a> [104]<\/strong> est\u00e1 en lo correcto al insistir en que <strong>Maquiavelo<\/strong> cree en una permanente \u00ab<em>econom\u00eda de la violencia<\/em>\u00bb, en la necesidad de mantener siempre en el trasfondo una consistente reserva de\u00a0fuerzas para lograr que todo ocurra de tal forma que sea posible mantener y hacer florecer las virtudes admiradas por \u00e9l y por los pensadores cl\u00e1sicos a los que recurre.<\/span><\/p>\n<p style=\"text-align: justify;\"><span style=\"font-size: 14pt;\"><strong>Los hombres educados en una comunidad en la que tal fuerza, o su posibilidad, se use correctamente, llevar\u00e1n la vida feliz de los griegos o los romanos durante sus mejores tiempos<\/strong>. <\/span><\/p>\n<p style=\"text-align: justify;\"><span style=\"font-size: 14pt;\">Los caracterizar\u00e1n la vitalidad, el genio, la variedad, el orgullo, el poder, el \u00e9xito (<em><strong>Maquiavelo<\/strong> apenas habla de arte o ciencia<\/em>), pero nunca ser\u00e1n, en alg\u00fan sentido claro, una comunidad cristiana.<\/span><\/p>\n<p>&nbsp;<\/p>\n<blockquote>\n<p style=\"text-align: center;\"><span style=\"color: #008000;\"><strong><span style=\"font-size: 14pt;\">El conflicto moral que crea esta situaci\u00f3n molestar\u00e1 solo a aquellos que no est\u00e1n dispuestos a abandonar ninguna de las opciones, los que asumen que las dos vidas incompatibles son reconciliables.<\/span><\/strong><\/span><\/p>\n<\/blockquote>\n<p>&nbsp;<\/p>\n<p style=\"text-align: justify;\"><span style=\"font-size: 14pt;\"><strong>El conflicto moral que crea esta situaci\u00f3n molestar\u00e1 solo a aquellos que no est\u00e1n dispuestos a abandonar ninguna de las opciones,<\/strong> los que asumen que las dos vidas incompatibles son reconciliables.<\/span><\/p>\n<p style=\"text-align: justify;\"><span style=\"font-size: 14pt;\">Pero para <strong>Maquiavelo<\/strong> apenas vale la pena discutir las demandas de la moralidad oficial; no es posible traducirlas a la pr\u00e1ctica social: \u00ab<em>Si todos los hombres fueran buenos&#8230;<\/em>\u00bb, pero <strong>est\u00e1 seguro de que los hombres nunca mejorar\u00e1n m\u00e1s all\u00e1 del punto en que tienen pertinencia las consideraciones del poder<\/strong>.<\/span><\/p>\n<p>&nbsp;<\/p>\n<blockquote>\n<p style=\"text-align: center;\"><strong><span style=\"font-size: 14pt; color: #008000;\">Pero para Maquiavelo apenas vale la pena discutir las demandas de la moralidad oficial; no es posible traducirlas a la pr\u00e1ctica social: \u00ab<em>Si todos los hombres fueran buenos&#8230;<\/em>\u00bb, pero est\u00e1 seguro de que los hombres nunca mejorar\u00e1n m\u00e1s all\u00e1 del punto en que tienen pertinencia las consideraciones del poder.<\/span><\/strong><\/p>\n<\/blockquote>\n<p>&nbsp;<\/p>\n<figure id=\"attachment_22853\" aria-describedby=\"caption-attachment-22853\" style=\"width: 330px\" class=\"wp-caption aligncenter\"><img loading=\"lazy\" decoding=\"async\" class=\"wp-image-22853\" src=\"https:\/\/puntocritico.com\/ausajpuntocritico\/wp-content\/uploads\/2019\/10\/La-Florencia-de-Savonarola.jpg\" alt=\"\" width=\"330\" height=\"348\" \/><figcaption id=\"caption-attachment-22853\" class=\"wp-caption-text\"><span style=\"color: #008000;\">La Florencia de Savonarola<\/span><\/figcaption><\/figure>\n<p>&nbsp;<\/p>\n<blockquote>\n<p style=\"text-align: center;\"><span style=\"color: #008000;\"><strong><span style=\"font-size: 14pt;\">Si la moral se relaciona con la conducta humana y los hombres son sociales por naturaleza, la moralidad cristiana no puede ser la gu\u00eda de una existencia social normal. <\/span><\/strong><\/span><\/p>\n<p style=\"text-align: center;\"><span style=\"color: #008000;\"><strong><span style=\"font-size: 14pt;\">Alguien ten\u00eda que decirlo; fue Maquiavelo. <\/span><\/strong><\/span><\/p>\n<p style=\"text-align: center;\"><span style=\"color: #008000;\"><strong><span style=\"font-size: 14pt;\">Uno est\u00e1 obligado a elegir, y al escoger una forma de vida se renuncia a la otra. <\/span><\/strong><\/span><\/p>\n<\/blockquote>\n<p>&nbsp;<\/p>\n<p style=\"text-align: justify;\"><span style=\"font-size: 14pt;\">Si la moral se relaciona con la conducta humana y los hombres son sociales por naturaleza, la moralidad cristiana no puede ser la gu\u00eda de una existencia social normal. Alguien ten\u00eda que decirlo; fue <strong>Maquiavelo<\/strong>.\u00a0<\/span><span style=\"font-size: 14pt;\">Uno est\u00e1 obligado a elegir, y al escoger una forma de vida se renuncia a la otra. Este es el punto central. <\/span><\/p>\n<p style=\"text-align: justify;\"><span style=\"font-size: 14pt;\">Si <strong>Maquiavelo<\/strong> tiene raz\u00f3n,<strong> si en principio<\/strong> (<em>o de hecho: la frontera es imprecisa<\/em>) <strong>es imposible ser moralmente bueno y cumplir con el deber tal como este fue concebido por la \u00e9tica europea vigente<\/strong>, sobre todo cristiana, <strong>y al mismo tiempo construir <em>Esparta<\/em> o la <em>Atenas <\/em>de Pericles o la<\/strong> <em><strong>Roma<\/strong> <\/em><strong>republicana<\/strong>, o tan siquiera la de los <strong>Antoninos<\/strong>, se deriva una <strong>conclusi\u00f3n de primera importancia<\/strong>: <\/span><\/p>\n<blockquote>\n<p style=\"text-align: justify;\"><span style=\"color: #008000;\"><strong><span style=\"font-size: 14pt;\">la creencia de que, en principio, puede descubrirse la soluci\u00f3n correcta, objetiva, v\u00e1lida, al problema de c\u00f3mo deben vivir los hombres, es a su vez, en principio, falsa.<\/span><\/strong><\/span><\/p>\n<\/blockquote>\n<p>&nbsp;<\/p>\n<p style=\"text-align: justify;\"><span style=\"font-size: 14pt;\">Esta fue una proposici\u00f3n verdaderamente <strong><em>erschreckend <\/em><\/strong>(<em>aterradora<\/em>). Perm\u00edtaseme tratar de ponerla en contexto.<\/span><\/p>\n<p style=\"text-align: justify;\"><span style=\"font-size: 14pt;\">Una de las m\u00e1s profundas premisas del pensamiento pol\u00edtico occidental es la <strong>doctrina, escasamente cuestionada<\/strong> durante su larga existencia, de que <strong>hay alg\u00fan principio \u00fanico <\/strong>que no solo regula el curso del sol y de las estrellas, sino <strong>que prescribe el comportamiento adecuado de todas las criaturas animadas<\/strong>.<\/span><\/p>\n<p>&nbsp;<\/p>\n<blockquote>\n<p style=\"text-align: center;\"><strong><span style=\"font-size: 14pt;\"><span style=\"color: #008000;\">Los animales y los seres subracionales de todas clases\u00a0lo siguen por instinto; los seres superiores logran la conciencia de ello y son libres de abandonarlo, pero solo para su perdici\u00f3n.<\/span> <\/span><\/strong><\/p>\n<\/blockquote>\n<p>&nbsp;<\/p>\n<p style=\"text-align: justify;\"><span style=\"font-size: 14pt;\">Los <strong>animales y los seres subracionales<\/strong> de todas clases\u00a0lo siguen por <em>instinto<\/em>; <strong>los seres superiores<\/strong> logran la <strong>conciencia<\/strong> de ello y son <strong>libres<\/strong> de abandonarlo, pero solo para su perdici\u00f3n. <\/span><\/p>\n<figure id=\"attachment_2318897\" aria-describedby=\"caption-attachment-2318897\" style=\"width: 200px\" class=\"wp-caption alignleft\"><img loading=\"lazy\" decoding=\"async\" class=\"wp-image-2318897\" src=\"https:\/\/puntocritico.com\/ausajpuntocritico\/wp-content\/uploads\/2026\/03\/AM_738_4to_Yggdrasill-97x300.png\" alt=\"\" width=\"200\" height=\"621\" srcset=\"https:\/\/puntocritico.com\/ausajpuntocritico\/wp-content\/uploads\/2026\/03\/AM_738_4to_Yggdrasill-97x300.png 97w, https:\/\/puntocritico.com\/ausajpuntocritico\/wp-content\/uploads\/2026\/03\/AM_738_4to_Yggdrasill-330x1024.png 330w, https:\/\/puntocritico.com\/ausajpuntocritico\/wp-content\/uploads\/2026\/03\/AM_738_4to_Yggdrasill-495x1536.png 495w, https:\/\/puntocritico.com\/ausajpuntocritico\/wp-content\/uploads\/2026\/03\/AM_738_4to_Yggdrasill.png 500w\" sizes=\"auto, (max-width: 200px) 100vw, 200px\" \/><figcaption id=\"caption-attachment-2318897\" class=\"wp-caption-text\"><span style=\"color: #008000;\">Analog\u00eda plat\u00f3nico-cristiana del \u00e1rbol del mundo, Yggdrasil<\/span><\/figcaption><\/figure>\n<p style=\"text-align: justify;\"><span style=\"font-size: 14pt;\"><strong>Esta doctrina, en una versi\u00f3n u otra, ha dominado el pensamiento europeo desde<\/strong> <a href=\"https:\/\/puntocritico.com\/ausajpuntocritico\/2021\/11\/22\/prohibido-pensar\/\" target=\"_blank\" rel=\"noopener\" data-schema-attribute=\"\"><strong>Plat\u00f3n<\/strong><\/a>. <\/span><\/p>\n<p style=\"text-align: justify;\"><span style=\"font-size: 14pt;\"><strong>Ha aparecido en diferentes formas, y ha generado muchos s\u00edmiles y alegor\u00edas, en su centro est\u00e1 la visi\u00f3n de una naturaleza, raz\u00f3n o prop\u00f3sito c\u00f3smico impersonal, o de un creador divino<\/strong> cuyo poder ha dotado a cada una de las cosas y criaturas con una funci\u00f3n espec\u00edfica, estas funciones son elementos de <strong>un armonioso todo \u00fanico<\/strong>, y solo son inteligibles en t\u00e9rminos del mismo.<\/span><\/p>\n<p style=\"text-align: justify;\"><span style=\"font-size: 14pt;\"><strong>Esto se expres\u00f3 frecuentemente con im\u00e1genes tomadas de la arquitectura<\/strong>: un gran edificio del que cada parte ajusta de modo \u00fanico en la estructura total; <a href=\"https:\/\/puntocritico.com\/ausajpuntocritico\/2023\/11\/11\/cabala-y-sefirot\/\" target=\"_blank\" rel=\"noopener\" data-schema-attribute=\"\"><strong>o del cuerpo humano<\/strong><\/a>, como un todo org\u00e1nico que lo abarca todo, <strong>o de la vida en sociedad<\/strong>, como una <strong>gran jerarqu\u00eda<\/strong>, con Dios como el <strong><em>ens realissimum<\/em><\/strong> en la c\u00faspide de <strong>dos sistemas paralelos -el orden feudal y el orden natural<\/strong>&#8211; que se prolonga hacia abajo de <em><strong>\u00c9l<\/strong><\/em>, y que hacia arriba lo alcanza obediente a su voluntad.<\/span><\/p>\n<p style=\"text-align: justify;\"><span style=\"font-size: 14pt;\">O es visto como <strong>la gran cadena del ser<\/strong>, la <strong>analog\u00eda <em>plat\u00f3nico-cristiana<\/em> del \u00e1rbol del mundo<\/strong>, <em><strong>Yggdrasil<\/strong><\/em>, que eslabona tiempo y espacio y todo lo que estos contienen. <\/span><\/p>\n<p style=\"text-align: justify;\"><span style=\"font-size: 14pt;\">O ha sido <strong>representado con una analog\u00eda tomada de la m\u00fasica<\/strong>, como una orquesta en la que cada instrumento o grupo de instrumentos tiene su propio tono para tocar la partitura polif\u00f3nica infinitamente rica. <\/span><\/p>\n<p style=\"text-align: justify;\"><span style=\"font-size: 14pt;\">Cuando, despu\u00e9s del siglo XVII, <strong>las met\u00e1foras arm\u00f3nicas remplazaron las im\u00e1genes polif\u00f3nicas<\/strong>, ya no se conceb\u00eda a los instrumentos tocando melod\u00edas espec\u00edficas, sino como productores de sonidos que, aunque no pudieran ser totalmente inteligibles a un grupo dado de int\u00e9rpretes (<em>y hasta pudiesen resultar discordantes o superfluos, tomados aisladamente<\/em>), contribu\u00edan al <strong>dise\u00f1o total<\/strong>, <strong>perceptible solo desde un punto mucho m\u00e1s elevado<\/strong>.<\/span><\/p>\n<p style=\"text-align: justify;\"><span style=\"font-size: 14pt;\"><strong>La idea del mundo y de la sociedad humana como una estructura \u00fanica, inteligible<\/strong>, est\u00e1 en la ra\u00edz de las muchas versiones diferentes de la ley natural: <\/span><\/p>\n<blockquote>\n<p style=\"text-align: justify;\"><span style=\"color: #008000;\"><strong><span style=\"font-size: 14pt;\">las armon\u00edas matem\u00e1ticas de los <em>pitag\u00f3ricos<\/em>, la escala l\u00f3gica de las formas <em>plat\u00f3nicas<\/em>, el dise\u00f1o gen\u00e9tico-l\u00f3gico de <em>Arist\u00f3teles<\/em>, el divino logos de los <em>estoicos <\/em>y de las <em>iglesias<\/em> <em>cristianas<\/em> y sus ramas secularizadas.<\/span><\/strong><\/span><\/p>\n<\/blockquote>\n<p>&nbsp;<\/p>\n<p style=\"text-align: justify;\"><span style=\"font-size: 14pt;\"><strong>El avance de las ciencias naturales gener\u00f3 m\u00e1s versiones de esta imagen, emp\u00edricamente concebidas, as\u00ed como s\u00edmiles antropom\u00f3rficos<\/strong>: <\/span><\/p>\n<blockquote>\n<p style=\"text-align: justify;\"><strong><span style=\"font-size: 14pt; color: #008000;\">la Dama Naturaleza que ajusta las tendencias en conflicto (<em>como en Hume y Adam\u00a0Smith<\/em>), o la Se\u00f1ora Naturaleza, que ense\u00f1a el mejor camino hacia la felicidad (<em>como en las obras de algunos enciclopedistas francese<\/em>s), la naturaleza encamada en las costumbres y h\u00e1bitos reales de conjuntos sociales organizados; <\/span><\/strong><\/p>\n<p style=\"text-align: justify;\"><strong><span style=\"font-size: 14pt; color: #008000;\">los s\u00edmiles biol\u00f3gicos, est\u00e9ticos, psicol\u00f3gicos, han reflejado las ideas dominantes de una \u00e9poca.<\/span><\/strong><\/p>\n<\/blockquote>\n<p style=\"text-align: justify;\">\u00a0<\/p>\n<p style=\"text-align: justify;\"><span style=\"font-size: 14pt;\">Este <em><strong>patr\u00f3n mon\u00edstico unificador<\/strong><\/em> est\u00e1 en el coraz\u00f3n mismo del racionalismo tradicional, religioso y ateo, metaf\u00edsico y cient\u00edfico, trascendental y naturalista que ha sido <strong>caracter\u00edstico de la civilizaci\u00f3n occidental<\/strong>. <\/span><\/p>\n<p style=\"text-align: justify;\"><span style=\"font-size: 14pt;\">Esta es la roca sobre la que se han basado las vidas y creencias occidentales, y <strong>Maquiavelo<\/strong> parece haberla hendido. <strong>Un cambio tan grande no puede, desde luego, deberse a los actos de un solo individuo<\/strong>. <\/span><\/p>\n<p style=\"text-align: justify;\"><span style=\"font-size: 14pt;\">Dif\u00edcilmente hubiera tenido lugar en un orden social y moralmente estable; sin duda muchos otros, esc\u00e9pticos antiguos, nominalistas y secularistas medievales, humanistas del <em>Renacimiento<\/em>, aportaron su porci\u00f3n de dinamita. El prop\u00f3sito de este ensayo es sugerir que fue <strong>Maquiavelo<\/strong> quien encendi\u00f3 la mecha fatal.<\/span><\/p>\n<p style=\"text-align: justify;\"><span style=\"font-size: 14pt;\"><strong>Si preguntar cu\u00e1les son las finalidades de la vida es hacer una verdadera pregunta, debe ser posible contestarla correctamente<\/strong>. Pretender racionalidad en asuntos de conducta es pretender que, en principio, sea posible encontrar soluciones finales y correctas a tal cuesti\u00f3n.<\/span><\/p>\n<p>&nbsp;<\/p>\n<blockquote>\n<p style=\"text-align: center;\"><strong><span style=\"font-size: 14pt; color: #008000;\">Pretender racionalidad en asuntos de conducta es pretender que, en principio, sea posible encontrar soluciones finales y correctas a tal cuesti\u00f3n.<\/span><\/strong><\/p>\n<\/blockquote>\n<p>&nbsp;<\/p>\n<p style=\"text-align: justify;\"><span style=\"font-size: 14pt;\">Cuando esas soluciones se discut\u00edan en periodos anteriores, sol\u00eda aceptarse que cab\u00eda concebir o al menos bosquejar la sociedad perfecta, pues de otra manera, \u00bfqu\u00e9 norma podr\u00eda uno usar para condenar como imperfectos los arreglos existentes? <strong>Tal vez no fuesen realizables aqu\u00ed, en la tierra<\/strong>. <\/span><\/p>\n<p style=\"text-align: justify;\"><span style=\"font-size: 14pt;\">Los hombres pod\u00edan ser <strong>demasiado ignorantes o demasiado d\u00e9biles o demasiado malvados<\/strong> para crearlos. <\/span><\/p>\n<p style=\"text-align: justify;\"><span style=\"font-size: 14pt;\">O dec\u00edan (<em>algunos pensadores materialistas en los siglos que siguieron a <strong>El pr\u00edncipe<\/strong><\/em>) que lo que faltaba eran medios t\u00e9cnicos, que nadie hab\u00eda descubierto todav\u00eda los m\u00e9todos para vencer los obst\u00e1culos materiales hacia la edad de oro; que no est\u00e1bamos lo bastante avanzados ni tecnol\u00f3gica ni educativa ni moralmente. <\/span><\/p>\n<p style=\"text-align: justify;\"><span style=\"font-size: 14pt;\">Pero <strong>nunca se dijo que hab\u00eda algo incoherente en la noci\u00f3n misma<\/strong>.<\/span><\/p>\n<p style=\"text-align: justify;\"><span style=\"font-size: 14pt;\"><strong>Plat\u00f3n<\/strong> y los <em><strong>estoicos<\/strong><\/em>, los<em> profetas hebreos<\/em>, los <em>pensadores cristianos medievales<\/em> y los autores de <em>utop\u00edas<\/em>, de <strong>Moro<\/strong> en adelante, <strong>ten\u00edan una visi\u00f3n de lo que a los hombres les faltaba<\/strong>; <\/span><\/p>\n<blockquote>\n<p style=\"text-align: justify;\"><strong><span style=\"color: #008000;\"><span style=\"font-size: 14pt;\">afirmaban, por decirlo as\u00ed, ser capaces\u00a0<\/span><span style=\"font-size: 14pt;\">de medir la distancia entre la realidad y el ideal.<\/span><\/span><\/strong><\/p>\n<\/blockquote>\n<p>&nbsp;<\/p>\n<figure id=\"attachment_2318906\" aria-describedby=\"caption-attachment-2318906\" style=\"width: 330px\" class=\"wp-caption aligncenter\"><img loading=\"lazy\" decoding=\"async\" class=\"wp-image-2318906\" src=\"https:\/\/puntocritico.com\/ausajpuntocritico\/wp-content\/uploads\/2026\/03\/Emblema-41-Centuria-III-Emblemas-Morales-por-S-de-Covarrubias-Orozco-1610-210x300.jpg\" alt=\"\" width=\"330\" height=\"472\" srcset=\"https:\/\/puntocritico.com\/ausajpuntocritico\/wp-content\/uploads\/2026\/03\/Emblema-41-Centuria-III-Emblemas-Morales-por-S-de-Covarrubias-Orozco-1610-210x300.jpg 210w, https:\/\/puntocritico.com\/ausajpuntocritico\/wp-content\/uploads\/2026\/03\/Emblema-41-Centuria-III-Emblemas-Morales-por-S-de-Covarrubias-Orozco-1610.jpg 576w\" sizes=\"auto, (max-width: 330px) 100vw, 330px\" \/><figcaption id=\"caption-attachment-2318906\" class=\"wp-caption-text\"><span style=\"color: #008000;\">Facs\u00edmil perteneciente al Emblema 74, Centuria I. Tomado de \u201cEmblemas Morales,\u201d por S. de Covarrubias Orozco, 1610 (\u00ab<em>Hay muchos jueces buenos y prudentes, sin pasi\u00f3n, ni malicia, ni intereses, pero sus ministros son serpientes, como hambrientas y libres sanguijuelas. En la sangre del pobre est\u00e1n clavadas, llen\u00e1ndoles la ropa de diversas, de modo que muestran en sus caras una Escila de perros y de avaricia<\/em>\u00ab)<\/span><\/figcaption><\/figure>\n<p>&nbsp;<\/p>\n<p style=\"text-align: justify;\"><span style=\"font-size: 14pt;\"><strong>Pero si Maquiavelo tiene raz\u00f3n, esta tradici\u00f3n -la corriente central del pensamiento es falaz<\/strong>. Pues si su posici\u00f3n es v\u00e1lida resulta imposible construir siquiera la noci\u00f3n de tal sociedad perfecta, pues existen cuando menos dos grupos de <em><strong>virtudes<\/strong> <\/em>llam\u00e9moslas las <em>cristianas<\/em> y las <em>paganas<\/em> que son -no meramente en la pr\u00e1ctica sino en principio- incompatibles.<\/span><\/p>\n<p>&nbsp;<\/p>\n<blockquote>\n<p style=\"text-align: center;\"><span style=\"color: #008000;\"><strong><span style=\"font-size: 14pt;\">Si Maquiavelo tiene raz\u00f3n, resulta imposible construir siquiera la noci\u00f3n de tal sociedad perfecta, pues existen cuando menos dos grupos de <em>virtudes <\/em>llam\u00e9moslas las <em>cristianas<\/em> y las <em>paganas<\/em> que son -no meramente en la pr\u00e1ctica sino en principio- incompatibles.<\/span><\/strong><\/span><\/p>\n<\/blockquote>\n<p>&nbsp;<\/p>\n<p style=\"text-align: justify;\"><span style=\"font-size: 14pt;\"><strong>Si los hombres practican la humildad cristiana no pueden tambi\u00e9n estar inspirados por las ardientes ambiciones de los grandes fundadores cl\u00e1sicos de culturas y religiones<\/strong>, si su mirada se concentra en el mundo del m\u00e1s all\u00e1 -si sus ideas est\u00e1n infectadas aunque sea formalmente con tal visi\u00f3n- no ser\u00e1 probable que den todo lo que tendr\u00edan que dar para el intento de construir una <em>ciudad perfecta<\/em>.<\/span><\/p>\n<p style=\"text-align: justify;\"><span style=\"font-size: 14pt;\">Si <strong>el sufrimiento, el sacrificio y el martirio no siempre son necesidades malas e inescapables<\/strong>, sino que pudieran tener valor supremo por s\u00ed mismas, <strong>las gloriosas victorias sobre la fortuna que alcanzan los audaces, los impetuosos y los j\u00f3venes pudieran no ganarse<\/strong>, ni pensarse que valiera la pena ganarlas.<\/span><\/p>\n<p>&nbsp;<\/p>\n<blockquote>\n<p style=\"text-align: center;\"><strong><span style=\"font-size: 14pt;\"><span style=\"color: #008000;\">Si el sufrimiento, el sacrificio y el martirio no siempre son necesidades malas e inescapables, sino que pudieran tener valor supremo por s\u00ed mismas, las gloriosas victorias sobre la fortuna que alcanzan los audaces, los impetuosos y los j\u00f3venes pudieran no ganarse, ni pensarse que valiera la pena ganarlas.<\/span> <\/span><\/strong><\/p>\n<\/blockquote>\n<p>&nbsp;<\/p>\n<p style=\"text-align: justify;\"><span style=\"font-size: 14pt;\"><strong>Si solo los bienes espirituales merecen la lucha, entonces, \u00bfde qu\u00e9 vale el estudio de la <em>necessit\u00e0<\/em> <\/strong>-de las leyes que gobiernan la naturaleza y las vidas humanas por la manipulaci\u00f3n de la cual los hombres pueden llevar a cabo cosas inauditas en las artes, en las ciencias y en la organizaci\u00f3n de la vida social?<\/span><\/p>\n<p style=\"text-align: justify;\"><strong><span style=\"font-size: 14pt;\">Abandonar la persecuci\u00f3n de metas seculares podr\u00eda conducir a la desintegraci\u00f3n y a una nueva barbarie; pero aun as\u00ed, \u00bfes lo peor que puede suceder? <\/span><\/strong><\/p>\n<p style=\"text-align: justify;\"><span style=\"font-size: 14pt;\">Cualesquiera que sean las diferencias entre <a href=\"https:\/\/puntocritico.com\/ausajpuntocritico\/2024\/10\/14\/la-justicia-en-un-mundo-de-mera-opinion-por-platon\/\" target=\"_blank\" rel=\"noopener\" data-schema-attribute=\"\"><strong>Plat\u00f3n<\/strong><\/a> y <a href=\"https:\/\/puntocritico.com\/ausajpuntocritico\/2019\/05\/28\/el-hombre\/\" target=\"_blank\" rel=\"noopener\" data-schema-attribute=\"\"><strong>Arist\u00f3teles<\/strong><\/a>, o entre cualquiera de ellos y los <em>sofistas<\/em> o los <em>epic\u00fareos<\/em> o las otras escuelas griegas de los siglos IV a. C. y posteriores, ellos y sus disc\u00edpulos, los <em>racionalistas<\/em> y los <em>empiristas<\/em> europeos de la edad moderna, <strong>coincid\u00edan en que el estudio de la realidad por mentes no enga\u00f1adas por las apariencias podr\u00eda revelar los fines correctos en pos de los cuales deb\u00edan ir los hombres, los que los volver\u00eda libres, felices, fuertes y racionales<\/strong>.<\/span><\/p>\n<p>&nbsp;<\/p>\n<blockquote>\n<p style=\"text-align: center;\"><strong><span style=\"font-size: 14pt; color: #008000;\">Algunos pensaban que todos los hombres, en todas las circunstancias, ten\u00edan un mismo fin, otros que hab\u00eda fines diferentes para hombres de diferentes clases o en medios hist\u00f3ricos diferentes.<\/span><\/strong><\/p>\n<\/blockquote>\n<p>&nbsp;<\/p>\n<p style=\"text-align: justify;\"><span style=\"font-size: 14pt;\">Algunos pensaban que todos los hombres, en todas las circunstancias, ten\u00edan un mismo fin, otros que hab\u00eda fines diferentes para hombres de diferentes clases o en medios hist\u00f3ricos diferentes. <strong>A los objetivistas y universalistas se opusieron los relativistas y subjetivistas, a los metaf\u00edsicos los empiristas, a los te\u00edstas los ateos<\/strong>. <\/span><\/p>\n<p style=\"text-align: justify;\"><span style=\"font-size: 14pt;\">Hab\u00eda un profundo desacuerdo en\u00a0<\/span><span style=\"font-size: 14pt;\">cuestiones morales, pero lo que ninguno de estos pensadores, ni siquiera los esc\u00e9pticos, sugiri\u00f3 jam\u00e1s fue que pudieran existir fines -fines en s\u00ed mismos-, en t\u00e9rminos exclusivos de los cuales todo lo dem\u00e1s quedaba justificado que fueran igualmente \u00faltimos, pero incompatibles entre s\u00ed, que pudiera no existir una norma universal \u00fanica que le permitiera a alguien elegir racionalmente entre ellos.<\/span><\/p>\n<p style=\"text-align: justify;\"><span style=\"font-size: 14pt;\">Esta fue sin duda <strong>una conclusi\u00f3n profundamente desconcertante<\/strong>. Implicaba que<strong> si los hombres deseaban vivir y actuar consistentemente, y comprender qu\u00e9 metas persegu\u00edan, estaban obligados a examinar sus valores morales<\/strong>.<\/span><\/p>\n<p>&nbsp;<\/p>\n<blockquote>\n<p style=\"text-align: center;\"><span style=\"color: #008000;\"><strong><span style=\"font-size: 14pt;\">Hab\u00eda un profundo desacuerdo en\u00a0<\/span><span style=\"font-size: 14pt;\">cuestiones morales, pero lo que ninguno de estos pensadores, ni siquiera los esc\u00e9pticos, sugiri\u00f3 jam\u00e1s fue que pudieran existir fines -fines en s\u00ed mismos-, en t\u00e9rminos exclusivos de los cuales todo lo dem\u00e1s quedaba justificado que fueran igualmente \u00faltimos, pero incompatibles entre s\u00ed, que pudiera no existir una norma universal \u00fanica que le permitiera a alguien elegir racionalmente entre ellos.<\/span><\/strong><\/span><\/p>\n<\/blockquote>\n<p>&nbsp;<\/p>\n<figure id=\"attachment_2318904\" aria-describedby=\"caption-attachment-2318904\" style=\"width: 330px\" class=\"wp-caption aligncenter\"><img loading=\"lazy\" decoding=\"async\" class=\"wp-image-2318904\" src=\"https:\/\/puntocritico.com\/ausajpuntocritico\/wp-content\/uploads\/2026\/03\/Emblema-74-Centuria-I-Emblemas-Morales-por-S-de-Covarrubias-Orozco-1610-219x300.jpg\" alt=\"\" width=\"330\" height=\"453\" srcset=\"https:\/\/puntocritico.com\/ausajpuntocritico\/wp-content\/uploads\/2026\/03\/Emblema-74-Centuria-I-Emblemas-Morales-por-S-de-Covarrubias-Orozco-1610-219x300.jpg 219w, https:\/\/puntocritico.com\/ausajpuntocritico\/wp-content\/uploads\/2026\/03\/Emblema-74-Centuria-I-Emblemas-Morales-por-S-de-Covarrubias-Orozco-1610.jpg 526w\" sizes=\"auto, (max-width: 330px) 100vw, 330px\" \/><figcaption id=\"caption-attachment-2318904\" class=\"wp-caption-text\"><span style=\"color: #008000;\">Facs\u00edmil perteneciente al Emblema 74, Centuria I. Tomado de \u201cEmblemas Morales,\u201d por S. de Covarrubias Orozco, 1610 (<em>Horrendo monstruo, bestia prodigiosa. Es la comunidad, y ayuntamiento, De la b\u00e1rbara gente revoltosa, Sin orden sin raz\u00f3n, ni entendimiento. Propone mucho, y no hace ninguna cosa, As\u00ed sobre un caso parece reciente, Cada cual tiene voto diferente, O C\u00e1ncer arrojado, hiedra pestilente<\/em>).<\/span><\/figcaption><\/figure>\n<p>&nbsp;<\/p>\n<p style=\"text-align: justify;\"><span style=\"font-size: 14pt;\">\u00bfQu\u00e9 pasaba <strong>si descubr\u00edan que estaban compelidos a elegir entre dos sistemas inconmensurables<\/strong>, a elegir como lo hac\u00edan, sin la ayuda de una vara de medir infalible que garantizara que una forma de vida era superior a todas las dem\u00e1s y podr\u00eda usarse para demostrar esto a satisfacci\u00f3n de todos los hombres racionales? <\/span><\/p>\n<p style=\"text-align: justify;\"><span style=\"font-size: 14pt;\">\u00bfEstaba impl\u00edcita, tal vez, esta horrible verdad en la exposici\u00f3n de <strong>Maquiavelo<\/strong>, que ha disgustado la conciencia moral de los hombres y ha rondado desde entonces en su mente de manera tan permanente, tan obsesiva?<\/span><\/p>\n<p style=\"text-align: justify;\"><span style=\"font-size: 14pt;\"><strong>Maquiavelo<\/strong> <strong>no se lo plante\u00f3<\/strong>. <\/span><\/p>\n<p style=\"text-align: justify;\"><span style=\"font-size: 14pt;\">No enfrent\u00f3 problemas ni sufrimientos; no mostr\u00f3 se\u00f1ales de <em>escepticismo<\/em> ni <em>relativismo<\/em>; <strong>escogi\u00f3 su lado, y no manifest\u00f3 inter\u00e9s por los valores que esta elecci\u00f3n ignoraba o despreciaba<\/strong>. El conflicto entre su escala de valores y la de la moralidad convencional (<em>para <strong>Croce<\/strong> y los otros defensores de la interpretaci\u00f3n del \u00abhumanista angustiado\u00bb<\/em>) no parece preocupar a <strong>Maquiavelo<\/strong>.<\/span><\/p>\n<p>&nbsp;<\/p>\n<blockquote>\n<p style=\"text-align: center;\"><span style=\"color: #008000;\"><strong><span style=\"font-size: 14pt;\">El conflicto entre su escala de valores y la de la moralidad convencional\u00a0no parece preocupar a Maquiavelo.<\/span><\/strong><\/span><\/p>\n<\/blockquote>\n<p>&nbsp;<\/p>\n<p style=\"text-align: justify;\"><span style=\"font-size: 14pt;\">Disgust\u00f3 solo a quienes vinieron despu\u00e9s de \u00e9l y no estaban dispuestos, por un lado, <strong>a abandonar sus propios valores humanos<\/strong> (<em>cristianos o humanistas<\/em>) junto con todo el modo de pensar y actuar del cual estos eran parte; ni, por otro lado, a <strong>negar la validez de por lo menos la mayor parte del an\u00e1lisis de Maquiavelo sobre los hechos pol\u00edticos, y los valores y perspectivas<\/strong> (<em>en gran medida paganos<\/em>) que lo acompa\u00f1aban, corporizados en la estructura social que \u00e9l pint\u00f3 tan brillante y convincentemente.<\/span><\/p>\n<p style=\"text-align: justify;\"><span style=\"font-size: 14pt;\">Siempre que un pensador, no importa lo distante que est\u00e9 de nuestra \u00e9poca y cultura, a\u00fan despierta pasi\u00f3n, entusiasmo o indignaci\u00f3n, o cualquier tipo de debate intenso, suele ocurrir que haya propuesto una tesis que disgusta una <em>id\u00e9e re\u00e7ue<\/em> hondamente establecida, tesis que aquellos que\u00a0<\/span><span style=\"font-size: 14pt;\">desean aferrarse a las viejas convicciones de todos modos encuentran dif\u00edcil o imposible desechar o refutar. Tal es el caso de <a href=\"https:\/\/puntocritico.com\/ausajpuntocritico\/2024\/12\/18\/pseudovidas-y-desinformacion\/\" target=\"_blank\" rel=\"noopener\" data-schema-attribute=\"\"><strong>Plat\u00f3n<\/strong><\/a>, <a href=\"https:\/\/puntocritico.com\/ausajpuntocritico\/2023\/01\/13\/sobre-la-libertad-y-el-apluso-aristoteles-hobbes-bernstein-y-spinoza-en-perspectiva-parte-1\/\" target=\"_blank\" rel=\"noopener\" data-schema-attribute=\"\"><strong>Hobbes<\/strong><\/a>, <a href=\"https:\/\/puntocritico.com\/ausajpuntocritico\/2020\/05\/14\/el-camino-de-un-pueblo-hacia-su-extrema-corrupcion-por-jean-jacques-rousseau-2\/\" target=\"_blank\" rel=\"noopener\" data-schema-attribute=\"\"><strong>Rousseau<\/strong><\/a>, <a href=\"https:\/\/puntocritico.com\/ausajpuntocritico\/2017\/08\/03\/4332\/\" target=\"_blank\" rel=\"noopener\" data-schema-attribute=\"\"><strong>Marx<\/strong><\/a>.<\/span><\/p>\n<p>&nbsp;<\/p>\n<blockquote>\n<p style=\"text-align: center;\"><strong><span style=\"color: #008000;\"><span style=\"font-size: 14pt;\">Siempre que un pensador, no importa lo distante que est\u00e9 de nuestra \u00e9poca y cultura, a\u00fan despierta pasi\u00f3n, entusiasmo o indignaci\u00f3n, o cualquier tipo de debate intenso, suele ocurrir que haya propuesto una tesis que disgusta una <em>id\u00e9e re\u00e7ue<\/em> hondamente establecida, tesis que aquellos que\u00a0<\/span><span style=\"font-size: 14pt;\">desean aferrarse a las viejas convicciones de todos modos encuentran dif\u00edcil o imposible desechar o refutar.<\/span><\/span><\/strong><\/p>\n<\/blockquote>\n<p>&nbsp;<\/p>\n<figure id=\"attachment_22851\" aria-describedby=\"caption-attachment-22851\" style=\"width: 555px\" class=\"wp-caption aligncenter\"><img loading=\"lazy\" decoding=\"async\" class=\"wp-image-22851\" src=\"https:\/\/puntocritico.com\/ausajpuntocritico\/wp-content\/uploads\/2019\/10\/wondrus-maquiavelo-web-660x330-300x150.jpg\" alt=\"\" width=\"555\" height=\"278\" srcset=\"https:\/\/puntocritico.com\/ausajpuntocritico\/wp-content\/uploads\/2019\/10\/wondrus-maquiavelo-web-660x330-300x150.jpg 300w, https:\/\/puntocritico.com\/ausajpuntocritico\/wp-content\/uploads\/2019\/10\/wondrus-maquiavelo-web-660x330.jpg 660w\" sizes=\"auto, (max-width: 555px) 100vw, 555px\" \/><figcaption id=\"caption-attachment-22851\" class=\"wp-caption-text\"><span style=\"color: #008000;\">\u00ab<em>La monarqu\u00eda con facilidad se convierte en tiran\u00eda; el r\u00e9gimen aristocr\u00e1tico en oligarqu\u00eda, y el democr\u00e1tico en licencia<\/em>\u00bb. Maquiavelo, Discursos sobre la primera d\u00e9cada de Tito Livio. Cap\u00edtulo II, Libro Primero. <\/span><\/figcaption><\/figure>\n<p>&nbsp;<\/p>\n<p style=\"text-align: justify;\"><span style=\"font-size: 14pt;\">Me gustar\u00eda sugerir que es l<strong>a yuxtaposici\u00f3n de las dos perspectivas<\/strong> en <strong>Maquiavelo<\/strong> -los dos mundos moralmente incompatibles, por decirlo as\u00ed- <strong>en la mente de sus lectores<\/strong>, la colisi\u00f3n y la aguda inconformidad moral subsecuentes, lo que, a lo largo de los a\u00f1os, ha sido responsable de <strong>los desesperados esfuerzos por interpretar sus doctrinas a modo de representarlo como un c\u00ednico y por lo tanto, en \u00faltima instancia, como un defensor superficial del poder pol\u00edtico<\/strong>, <\/span><\/p>\n<blockquote>\n<p style=\"text-align: justify;\"><strong><span style=\"font-size: 14pt; color: #008000;\">o como un sat\u00e1nico, o como un patriota que da recetas para situaciones particularmente desesperadas que raras veces se presentan, <\/span><\/strong><\/p>\n<p style=\"text-align: justify;\"><strong><span style=\"font-size: 14pt; color: #008000;\">o como un contemporizador, <\/span><\/strong><\/p>\n<p style=\"text-align: justify;\"><strong><span style=\"font-size: 14pt; color: #008000;\">o como un pol\u00edtico amargado y fracasado, <\/span><\/strong><\/p>\n<p style=\"text-align: justify;\"><strong><span style=\"font-size: 14pt; color: #008000;\">o como mero vocero de verdades que siempre hemos conocido pero no nos gusta expresar, <\/span><\/strong><\/p>\n<p style=\"text-align: justify;\"><strong><span style=\"font-size: 14pt; color: #008000;\">o como el ilustrado traductor a t\u00e9rminos emp\u00edricos de antiguos principios sociales universalmente aceptados, <\/span><\/strong><\/p>\n<p style=\"text-align: justify;\"><strong><span style=\"font-size: 14pt; color: #008000;\">o como un <em>criptorrepublicano<\/em> sat\u00edrico (<em>descendiente de Juvenal, precursor de Orwell<\/em>), <\/span><\/strong><\/p>\n<p style=\"text-align: justify;\"><strong><span style=\"font-size: 14pt; color: #008000;\">o como un fr\u00edo cient\u00edfico, un mero tecn\u00f3logo pol\u00edtico libre de implicaciones morales; <\/span><\/strong><\/p>\n<p style=\"text-align: justify;\"><strong><span style=\"font-size: 14pt; color: #008000;\">o como un t\u00edpico publicista renacentista que practica un g\u00e9nero ahora obsoleto; <\/span><\/strong><\/p>\n<p style=\"text-align: justify;\"><strong><span style=\"font-size: 14pt; color: #008000;\">o en cualquiera de los muchos otros papeles que se le han asignado antes e incluso ahora.<\/span><\/strong><\/p>\n<\/blockquote>\n<p>&nbsp;<\/p>\n<p style=\"text-align: justify;\"><span style=\"font-size: 14pt;\"><strong>Maquiavelo<\/strong>, en todo caso, pudo haber pose\u00eddo algunos de estos atributos, pero me parece que concentrarse en uno u otro como constituyente de su esencial y \u00ab<em>verdadero<\/em>\u00bb car\u00e1cter es un argumento que parte de la renuencia a encarar, a\u00fan m\u00e1s a discutir, <strong>la inc\u00f3moda verdad que descubri\u00f3 inintencional, casi casualmente<\/strong>: <\/span><\/p>\n<blockquote>\n<p style=\"text-align: justify;\"><span style=\"color: #008000;\"><strong><span style=\"font-size: 14pt;\">que no todos los valores \u00faltimos son necesariamente compatibles entre s\u00ed, que puede haber un obst\u00e1culo conceptual (<em>lo que sol\u00eda llamarse \u00abfilos\u00f3fico\u00bb<\/em>) y no meramente material a la noci\u00f3n de una soluci\u00f3n \u00faltima \u00fanica que, de lograrse, crear\u00eda la sociedad perfecta.<\/span><\/strong><\/span><\/p>\n<\/blockquote>\n<p style=\"text-align: justify;\">\u00a0<\/p>\n<figure id=\"attachment_2318688\" aria-describedby=\"caption-attachment-2318688\" style=\"width: 400px\" class=\"wp-caption aligncenter\"><img loading=\"lazy\" decoding=\"async\" class=\"wp-image-2318688\" src=\"https:\/\/puntocritico.com\/ausajpuntocritico\/wp-content\/uploads\/2026\/03\/busto-girolamo-savonarola-museo-san-marco-300x225.webp\" alt=\"Nicol\u00e1s Maquiavelo y la raz\u00f3n de estado \" width=\"400\" height=\"300\" srcset=\"https:\/\/puntocritico.com\/ausajpuntocritico\/wp-content\/uploads\/2026\/03\/busto-girolamo-savonarola-museo-san-marco-300x225.webp 300w, https:\/\/puntocritico.com\/ausajpuntocritico\/wp-content\/uploads\/2026\/03\/busto-girolamo-savonarola-museo-san-marco-1024x768.webp 1024w, https:\/\/puntocritico.com\/ausajpuntocritico\/wp-content\/uploads\/2026\/03\/busto-girolamo-savonarola-museo-san-marco-768x576.webp 768w, https:\/\/puntocritico.com\/ausajpuntocritico\/wp-content\/uploads\/2026\/03\/busto-girolamo-savonarola-museo-san-marco-1536x1152.webp 1536w, https:\/\/puntocritico.com\/ausajpuntocritico\/wp-content\/uploads\/2026\/03\/busto-girolamo-savonarola-museo-san-marco-678x509.webp 678w, https:\/\/puntocritico.com\/ausajpuntocritico\/wp-content\/uploads\/2026\/03\/busto-girolamo-savonarola-museo-san-marco-326x245.webp 326w, https:\/\/puntocritico.com\/ausajpuntocritico\/wp-content\/uploads\/2026\/03\/busto-girolamo-savonarola-museo-san-marco-80x60.webp 80w, https:\/\/puntocritico.com\/ausajpuntocritico\/wp-content\/uploads\/2026\/03\/busto-girolamo-savonarola-museo-san-marco-1320x990.webp 1320w, https:\/\/puntocritico.com\/ausajpuntocritico\/wp-content\/uploads\/2026\/03\/busto-girolamo-savonarola-museo-san-marco.webp 1600w\" sizes=\"auto, (max-width: 400px) 100vw, 400px\" \/><figcaption id=\"caption-attachment-2318688\" class=\"wp-caption-text\"><span style=\"color: #008000;\">Girolamo Savonarola<\/span><\/figcaption><\/figure>\n<p style=\"text-align: center;\"><span style=\"font-size: 18pt;\"><strong><span style=\"color: #008000;\">*******<\/span><\/strong><\/span><\/p>\n<blockquote>\n<h3 style=\"text-align: center;\"><span style=\"font-size: 18pt;\">Notas<\/span><\/h3>\n<p style=\"text-align: justify;\"><span style=\"font-size: 14pt;\"><strong>[101]<\/strong> Esto es reconocido por <strong>Jacques Maritain<\/strong> (<em>v\u00e9ase su Moral Philosophy, Londres, 1964, p. 199<\/em>) que concede que <strong>Maquiavelo<\/strong> \u00ab<em>nunca llam\u00f3 bien al mal o mal al bien<\/em>\u00bb. <em>Machtpolitik<\/em> muestra ser lo que es: el partido con los grandes batallones; no afirma que el Se\u00f1or est\u00e1 de su lado: <em>no Dei gesta per francos<\/em>.\u00a0<\/span><\/p>\n<p style=\"text-align: justify;\"><span style=\"font-size: 14pt;\"><strong>[102]<\/strong> A riesgo de acabar con la paciencia del lector, debo repetir que esto no es un conflicto de una capacidad pagana de gobernar con una moral cristiana, sino de la <em>moral pagana<\/em> (<em>indisolublemente conectada con la vida social e inconcebible sin ella<\/em>) con la<em> \u00e9tica cristiana<\/em> que, cualesquiera que fueran sus implicaciones para la pol\u00edtica, puede ser expuesta independientemente de ellas, lo que no ser\u00eda posible, por ejemplo, con las \u00e9ticas de <strong>Arist\u00f3teles<\/strong> o de <strong>Hegel<\/strong>.\u00a0<\/span><\/p>\n<p style=\"text-align: justify;\"><span style=\"font-size: 14pt;\"><strong>[103]<\/strong> <strong>John Neville Figgis<\/strong>, Studies of Pol\u00edtical Thought from Gerson to Grotius, 2.\u00aa ed., Cambridge, 1916, p. 76.\u00a0<\/span><\/p>\n<p style=\"text-align: justify;\"><span style=\"font-size: 14pt;\"><strong>[104]<\/strong> <strong>Sheldon S. Wolin<\/strong>, Politics and Vision, Londres, 1960, pp. 220-224.<\/span><\/p>\n<\/blockquote>\n<p>&nbsp;<\/p>\n<p><img loading=\"lazy\" decoding=\"async\" class=\"aligncenter wp-image-2213729\" src=\"https:\/\/puntocritico.com\/ausajpuntocritico\/wp-content\/uploads\/2021\/06\/el-principe-de-nicolas-maquiavelo-300x158.jpg\" alt=\"Nicol\u00e1s Maquiavelo y la raz\u00f3n de estado El Principe\" width=\"555\" height=\"291\" srcset=\"https:\/\/puntocritico.com\/ausajpuntocritico\/wp-content\/uploads\/2021\/06\/el-principe-de-nicolas-maquiavelo-300x158.jpg 300w, https:\/\/puntocritico.com\/ausajpuntocritico\/wp-content\/uploads\/2021\/06\/el-principe-de-nicolas-maquiavelo-1024x538.jpg 1024w, https:\/\/puntocritico.com\/ausajpuntocritico\/wp-content\/uploads\/2021\/06\/el-principe-de-nicolas-maquiavelo-768x403.jpg 768w, https:\/\/puntocritico.com\/ausajpuntocritico\/wp-content\/uploads\/2021\/06\/el-principe-de-nicolas-maquiavelo-610x320.jpg 610w, https:\/\/puntocritico.com\/ausajpuntocritico\/wp-content\/uploads\/2021\/06\/el-principe-de-nicolas-maquiavelo.jpg 1200w\" sizes=\"auto, (max-width: 555px) 100vw, 555px\" \/><\/p>\n<p style=\"text-align: center;\"><span style=\"font-size: 18pt;\"><strong><span style=\"color: #008000;\">*******<\/span><\/strong><\/span><\/p>\n<h2 style=\"text-align: justify;\"><span style=\"font-size: 14pt;\"><strong>RELACIONADOS:<\/strong><\/span><\/h2>\n<blockquote class=\"wp-embedded-content\" data-secret=\"R4TOmkWNbQ\"><p><a href=\"https:\/\/puntocritico.com\/ausajpuntocritico\/2026\/04\/05\/maquiavelo-isaiah-berlin-y-4\/\">Nicol\u00e1s Maquiavelo: LA ORIGINALIDAD DE MAQUIAVELO, por Isaiah Berlin (y 4)<\/a><\/p><\/blockquote>\n<p><iframe loading=\"lazy\" class=\"wp-embedded-content\" sandbox=\"allow-scripts\" security=\"restricted\" style=\"position: absolute; visibility: hidden;\" title=\"\u00abNicol\u00e1s Maquiavelo: LA ORIGINALIDAD DE MAQUIAVELO, por Isaiah Berlin (y 4)\u00bb \u2014 Punto Cr\u00edtico Derechos Humanos\" src=\"https:\/\/puntocritico.com\/ausajpuntocritico\/2026\/04\/05\/maquiavelo-isaiah-berlin-y-4\/embed\/#?secret=bN4gUJla14#?secret=R4TOmkWNbQ\" data-secret=\"R4TOmkWNbQ\" width=\"500\" height=\"282\" frameborder=\"0\" marginwidth=\"0\" marginheight=\"0\" scrolling=\"no\"><\/iframe><\/p>\n<blockquote class=\"wp-embedded-content\" data-secret=\"pEPxFoTo1S\"><p><a href=\"https:\/\/puntocritico.com\/ausajpuntocritico\/2026\/03\/22\/la-originalidad-de-maquiavelo-berlin-2\/\">LA ORIGINALIDAD DE MAQUIAVELO, por Isaiah Berlin (2). Introducci\u00f3n a Nicol\u00e1s Maquiavelo y la raz\u00f3n de estado<\/a><\/p><\/blockquote>\n<p><iframe loading=\"lazy\" class=\"wp-embedded-content\" sandbox=\"allow-scripts\" security=\"restricted\" style=\"position: absolute; visibility: hidden;\" title=\"\u00abLA ORIGINALIDAD DE MAQUIAVELO, por Isaiah Berlin (2). Introducci\u00f3n a Nicol\u00e1s Maquiavelo y la raz\u00f3n de estado\u00bb \u2014 Punto Cr\u00edtico Derechos Humanos\" src=\"https:\/\/puntocritico.com\/ausajpuntocritico\/2026\/03\/22\/la-originalidad-de-maquiavelo-berlin-2\/embed\/#?secret=Hx1ibOXvSI#?secret=pEPxFoTo1S\" data-secret=\"pEPxFoTo1S\" width=\"500\" height=\"282\" frameborder=\"0\" marginwidth=\"0\" marginheight=\"0\" scrolling=\"no\"><\/iframe><\/p>\n<blockquote class=\"wp-embedded-content\" data-secret=\"e4ks2VJ9BH\"><p><a href=\"https:\/\/puntocritico.com\/ausajpuntocritico\/2026\/03\/15\/nicolas-maquiavelo-por-i-berlin-1\/\">EL PR\u00cdNCIPE, de Nicol\u00e1s Maquiavelo: \u00abLA ORIGINALIDAD DE MAQUIAVELO\u00bb, por Isaiah Berlin (1)<\/a><\/p><\/blockquote>\n<p><iframe loading=\"lazy\" class=\"wp-embedded-content\" sandbox=\"allow-scripts\" security=\"restricted\" style=\"position: absolute; visibility: hidden;\" title=\"\u00abEL PR\u00cdNCIPE, de Nicol\u00e1s Maquiavelo: \u00abLA ORIGINALIDAD DE MAQUIAVELO\u00bb, por Isaiah Berlin (1)\u00bb \u2014 Punto Cr\u00edtico Derechos Humanos\" src=\"https:\/\/puntocritico.com\/ausajpuntocritico\/2026\/03\/15\/nicolas-maquiavelo-por-i-berlin-1\/embed\/#?secret=Jxsml2TZu6#?secret=e4ks2VJ9BH\" data-secret=\"e4ks2VJ9BH\" width=\"500\" height=\"282\" frameborder=\"0\" marginwidth=\"0\" marginheight=\"0\" scrolling=\"no\"><\/iframe><\/p>\n<blockquote class=\"wp-embedded-content\" data-secret=\"EGSLJsACCA\"><p><a href=\"https:\/\/puntocritico.com\/ausajpuntocritico\/2026\/03\/09\/si-vis-pacem-para-bellum\/\">\u00abSi vis pacem, para bellum\u00bb. El Pr\u00edncipe, la Fortuna y la guerra, por Manuel Tizziani (Parte 1\/2)<\/a><\/p><\/blockquote>\n<p><iframe loading=\"lazy\" class=\"wp-embedded-content\" sandbox=\"allow-scripts\" security=\"restricted\" style=\"position: absolute; visibility: hidden;\" title=\"\u00ab\u00abSi vis pacem, para bellum\u00bb. El Pr\u00edncipe, la Fortuna y la guerra, por Manuel Tizziani (Parte 1\/2)\u00bb \u2014 Punto Cr\u00edtico Derechos Humanos\" src=\"https:\/\/puntocritico.com\/ausajpuntocritico\/2026\/03\/09\/si-vis-pacem-para-bellum\/embed\/#?secret=zVhM2rkutn#?secret=EGSLJsACCA\" data-secret=\"EGSLJsACCA\" width=\"500\" height=\"282\" frameborder=\"0\" marginwidth=\"0\" marginheight=\"0\" scrolling=\"no\"><\/iframe><\/p>\n<blockquote class=\"wp-embedded-content\" data-secret=\"joXgoYk8zJ\"><p><a href=\"https:\/\/puntocritico.com\/ausajpuntocritico\/2026\/03\/10\/si-vis-pacem-para-bellum-y-2\/\">\u00abSi vis pacem, para bellum\u00bb. El Pr\u00edncipe, la Fortuna y la guerra, por Manuel Tizziani (y Parte 2\/2)<\/a><\/p><\/blockquote>\n<p><iframe loading=\"lazy\" class=\"wp-embedded-content\" sandbox=\"allow-scripts\" security=\"restricted\" style=\"position: absolute; visibility: hidden;\" title=\"\u00ab\u00abSi vis pacem, para bellum\u00bb. El Pr\u00edncipe, la Fortuna y la guerra, por Manuel Tizziani (y Parte 2\/2)\u00bb \u2014 Punto Cr\u00edtico Derechos Humanos\" src=\"https:\/\/puntocritico.com\/ausajpuntocritico\/2026\/03\/10\/si-vis-pacem-para-bellum-y-2\/embed\/#?secret=mXM9ZecOSy#?secret=joXgoYk8zJ\" data-secret=\"joXgoYk8zJ\" width=\"500\" height=\"282\" frameborder=\"0\" marginwidth=\"0\" marginheight=\"0\" scrolling=\"no\"><\/iframe><\/p>\n<p>&nbsp;<\/p>\n<p>&nbsp;<\/p>\n<p>&nbsp;<\/p>\n<p style=\"text-align: justify;\"><a href=\"https:\/\/puntocritico.com\/author\/punto-critico\/\"><img loading=\"lazy\" decoding=\"async\" class=\"aligncenter wp-image-9528\" src=\"https:\/\/puntocritico.com\/ausajpuntocritico\/wp-content\/uploads\/2018\/03\/Mosca_Punto_Cr\u00edtico_40.png\" alt=\"\" width=\"80\" height=\"80\" \/><\/a><\/p>\n<p>&nbsp;<\/p>\n<p>&nbsp;<\/p>\n","protected":false},"excerpt":{"rendered":"<div class=\"mh-excerpt\"><p>Nicol\u00e1s Maquiavelo y la raz\u00f3n de estado EL PR\u00cdNCIPE de Nicol\u00e1s Maquiavelo, por Isaiah Berlin (1) LA ORIGINALIDAD DE MAQUIAVELO, por Isaiah Berlin (2) NICOL\u00c1S MAQUIAVELO Y LA RAZ\u00d3N DE ESTADO (Introducci\u00f3n), por Isaiah Berlin <a class=\"mh-excerpt-more\" href=\"https:\/\/puntocritico.com\/ausajpuntocritico\/2026\/03\/29\/nicolas-maquiavelo-y-la-razon-de-estado-la-originalidad-de-maquiavelo-por-isaiah-berlin-3\/\" title=\"NICOL\u00c1S MAQUIAVELO Y LA RAZ\u00d3N DE ESTADO: \u00abLa originalidad de Maquiavelo\u00bb, por Isaiah Berlin (3)\">[&#8230;]<\/a><\/p>\n<\/div>","protected":false},"author":3,"featured_media":2318816,"comment_status":"closed","ping_status":"closed","sticky":false,"template":"","format":"standard","meta":{"_acf_changed":false,"_exactmetrics_skip_tracking":false,"_exactmetrics_sitenote_active":false,"_exactmetrics_sitenote_note":"","_exactmetrics_sitenote_category":0,"footnotes":""},"categories":[8],"tags":[208,131],"class_list":{"0":"post-2318765","1":"post","2":"type-post","3":"status-publish","4":"format-standard","5":"has-post-thumbnail","7":"category-filosofia","8":"tag-isaiah-berlin","9":"tag-maquiavelo"},"acf":[],"_links":{"self":[{"href":"https:\/\/puntocritico.com\/ausajpuntocritico\/wp-json\/wp\/v2\/posts\/2318765","targetHints":{"allow":["GET"]}}],"collection":[{"href":"https:\/\/puntocritico.com\/ausajpuntocritico\/wp-json\/wp\/v2\/posts"}],"about":[{"href":"https:\/\/puntocritico.com\/ausajpuntocritico\/wp-json\/wp\/v2\/types\/post"}],"author":[{"embeddable":true,"href":"https:\/\/puntocritico.com\/ausajpuntocritico\/wp-json\/wp\/v2\/users\/3"}],"replies":[{"embeddable":true,"href":"https:\/\/puntocritico.com\/ausajpuntocritico\/wp-json\/wp\/v2\/comments?post=2318765"}],"version-history":[{"count":0,"href":"https:\/\/puntocritico.com\/ausajpuntocritico\/wp-json\/wp\/v2\/posts\/2318765\/revisions"}],"wp:featuredmedia":[{"embeddable":true,"href":"https:\/\/puntocritico.com\/ausajpuntocritico\/wp-json\/wp\/v2\/media\/2318816"}],"wp:attachment":[{"href":"https:\/\/puntocritico.com\/ausajpuntocritico\/wp-json\/wp\/v2\/media?parent=2318765"}],"wp:term":[{"taxonomy":"category","embeddable":true,"href":"https:\/\/puntocritico.com\/ausajpuntocritico\/wp-json\/wp\/v2\/categories?post=2318765"},{"taxonomy":"post_tag","embeddable":true,"href":"https:\/\/puntocritico.com\/ausajpuntocritico\/wp-json\/wp\/v2\/tags?post=2318765"}],"curies":[{"name":"wp","href":"https:\/\/api.w.org\/{rel}","templated":true}]}}