{"id":2318652,"date":"2026-03-19T00:05:58","date_gmt":"2026-03-18T23:05:58","guid":{"rendered":"https:\/\/puntocritico.com\/ausajpuntocritico\/?p=2318652"},"modified":"2026-03-19T08:26:36","modified_gmt":"2026-03-19T07:26:36","slug":"capitalismo-y-destruccion-de-las-fronteras","status":"publish","type":"post","link":"https:\/\/puntocritico.com\/ausajpuntocritico\/2026\/03\/19\/capitalismo-y-destruccion-de-las-fronteras\/","title":{"rendered":"Capitalismo y destrucci\u00f3n de las fronteras, por Diego Fusaro"},"content":{"rendered":"<p><span style=\"font-size: 14pt; color: #008000;\">Capitalismo y destrucci\u00f3n de las fronteras<\/span><\/p>\n\n<p style=\"text-align: right;\"><span style=\"font-size: 14pt;\"><em>\u00abQuien ha soportado que abuses de \u00e9l, te conoce\u00bb.<\/em><\/span><\/p>\n<p style=\"text-align: right;\"><a href=\"https:\/\/puntocritico.com\/ausajpuntocritico\/2023\/08\/02\/william-blake\/\" target=\"_blank\" rel=\"noopener\" data-schema-attribute=\"\"><span style=\"font-size: 14pt;\">William Blake<\/span><\/a><\/p>\n<p>&nbsp;<\/p>\n<h2 class=\"entry-title\" style=\"text-align: center;\"><span style=\"font-size: 24pt;\">Capitalismo y destrucci\u00f3n de las fronteras<\/span><\/h2>\n<blockquote>\n<p style=\"text-align: center;\"><em><strong><span style=\"font-size: 14pt;\">Para el capital, toda frontera\u00a0se convierte, tarde o temprano, en un\u00a0muro que debe ser derribado.<\/span><\/strong><\/em><\/p>\n<p style=\"text-align: center;\"><em><strong><span style=\"font-size: 14pt;\">El muro es la perversi\u00f3n de la frontera, incluso, la frontera es la \u00fanica garant\u00eda de una relaci\u00f3n entre identidades que no degenere en la opresi\u00f3n del muro o en la de la invasi\u00f3n.<\/span><\/strong><\/em><\/p>\n<p style=\"text-align: center;\"><em><strong><span style=\"font-size: 14pt;\">La globalizaci\u00f3n, en cuanto americanizaci\u00f3n del mundo, coincide con el\u00a0limes\u00a0m\u00f3vil que el Imperio de\u00a0las barras y las estrellas\u00a0mueve, librando a menudo guerras donde encuentra resistencias y tildando con el ep\u00edteto de \u201ccanalla\u201d a cualquier gobierno que reivindique sus propias fronteras, su propia soberan\u00eda y su propia indisponibilidad a la injerencia occidental.\u00a0<\/span><\/strong><\/em><\/p>\n<p style=\"text-align: center;\"><em><span style=\"font-size: 14pt;\"><strong>El muro de Israel, entre tantos otros, responde al m\u00e1ximo a esta l\u00f3gica, ya que se justifica autopresent\u00e1ndose como protector para un\u00a0oasis de civilizaci\u00f3n y democracia\u00a0asediado por hordas de\u00a0b\u00e1rbaros\u00a0que presionan las fronteras.<\/strong> <\/span><\/em><\/p>\n<\/blockquote>\n<p style=\"text-align: justify;\"><span style=\"font-size: 14pt;\">Por Diego Fusaro<\/span><\/p>\n<p style=\"text-align: justify;\"><span style=\"font-size: 14pt;\"><a href=\"https:\/\/posmodernia.com\/capitalismo-y-destruccion-de-las-fronteras\/\" target=\"_blank\" rel=\"noopener\">Posmodernia<\/a>, 23 DIC 2024<\/span><\/p>\n<p><img loading=\"lazy\" decoding=\"async\" class=\"aligncenter wp-image-2318653\" src=\"https:\/\/puntocritico.com\/ausajpuntocritico\/wp-content\/uploads\/2026\/03\/money-and-flag-300x169.jpg\" alt=\"Capitalismo y destrucci\u00f3n de las fronteras \" width=\"480\" height=\"270\" srcset=\"https:\/\/puntocritico.com\/ausajpuntocritico\/wp-content\/uploads\/2026\/03\/money-and-flag-300x169.jpg 300w, https:\/\/puntocritico.com\/ausajpuntocritico\/wp-content\/uploads\/2026\/03\/money-and-flag-768x432.jpg 768w, https:\/\/puntocritico.com\/ausajpuntocritico\/wp-content\/uploads\/2026\/03\/money-and-flag-678x381.jpg 678w, https:\/\/puntocritico.com\/ausajpuntocritico\/wp-content\/uploads\/2026\/03\/money-and-flag.jpg 880w\" sizes=\"auto, (max-width: 480px) 100vw, 480px\" \/><\/p>\n<p>&nbsp;<\/p>\n<blockquote>\n<p style=\"text-align: center;\"><strong><span style=\"font-size: 14pt; color: #008000;\">El capital, en su l\u00f3gica de desarrollo, al final tiende a entrar en conflicto con aquellos l\u00edmites dentro de los cuales se hab\u00eda desarrollado durante la Era Moderna<\/span><\/strong><\/p>\n<\/blockquote>\n<p>&nbsp;<\/p>\n<p style=\"text-align: justify;\"><span style=\"font-size: 14pt;\">El capital, en su l\u00f3gica de desarrollo, al final tiende a entrar en conflicto con aquellos l\u00edmites dentro de los cuales se hab\u00eda desarrollado durante la Era Moderna. <strong>1989 inaugura una \u00e9poca que se autocelebra en tiempo real como marcada por el <em>fin de los muros y las fronteras<\/em><\/strong>; y esto se debe a que, parafraseando a\u00a0<strong>Marx<\/strong>, para el capital toda\u00a0<em>frontera<\/em>\u00a0se convierte, tarde o temprano, en un\u00a0<em>muro<\/em>\u00a0que debe ser derribado.<\/span><\/p>\n<p style=\"text-align: justify;\"><span style=\"font-size: 14pt;\"><strong>La l\u00f3gica del capital es aquella seg\u00fan la cual la <em>frontera<\/em> misma<\/strong>, en cuanto figura espacial de la ontolog\u00eda del l\u00edmite, <strong>es un enemigo al que hay que derrotar<\/strong>; por eso <strong>el capital no puede distinguir entre\u00a0<em>muro<\/em>\u00a0y\u00a0<em>frontera<\/em><\/strong>, y debe combatir a ambos como <strong>figuras indistinguibles de la resistencia a la invasi\u00f3n del propio capital<\/strong>.<\/span><\/p>\n<p>&nbsp;<\/p>\n<blockquote>\n<p style=\"text-align: center;\"><span style=\"color: #008000;\"><strong><span style=\"font-size: 14pt;\">El capital no puede distinguir entre <em>muro<\/em>\u00a0y\u00a0<em>frontera<\/em>, y debe combatir a ambos como figuras indistinguibles de la resistencia a la invasi\u00f3n del propio capital.<\/span><\/strong><\/span><\/p>\n<\/blockquote>\n<p>&nbsp;<\/p>\n<p style=\"text-align: justify;\"><span style=\"font-size: 14pt;\"><strong>Todo l\u00edmite material<\/strong> (<em>como la\u00a0<\/em><strong><em>frontera<\/em><\/strong>)<strong> e inmaterial<\/strong> (<em>como la \u00e9tica de la<\/em>\u00a0<strong><em>justa medida<\/em><\/strong>) <strong>resulta sobrepasado<\/strong>, de modo que se anule toda l\u00ednea divisoria entre lo que es\u00a0<em>interno<\/em>\u00a0y lo que es\u00a0<em>externo<\/em>\u00a0con respecto al orden capitalista mundializado y al \u201c<em>continente invisible<\/em>\u201d de la <strong>finanza planetaria<\/strong>.<\/span><\/p>\n<p>&nbsp;<\/p>\n<blockquote>\n<p style=\"text-align: center;\"><span style=\"color: #008000;\"><strong><span style=\"font-size: 14pt;\">Se anula toda l\u00ednea divisoria entre lo que es <em>interno<\/em>\u00a0y lo que es\u00a0<em>externo<\/em>\u00a0con respecto al orden capitalista mundializado y al \u201c<em>continente invisible<\/em>\u201d de la finanza planetaria.<\/span><\/strong><\/span><\/p>\n<\/blockquote>\n<p>&nbsp;<\/p>\n<p><a href=\"https:\/\/puntocritico.com\/ausajpuntocritico\/2021\/07\/13\/a-proposito-del-proyecto-de-ley-de-seguridad-nacional-las-potestades-ablatorias-a-disposicion-del-gobierno-durante-la-pandemia-potestades-que-permiten-imponer-el-sacrificio-de-nuestros-derechos-civi\/\" target=\"_blank\" rel=\"noopener\" data-schema-attribute=\"\"><img loading=\"lazy\" decoding=\"async\" class=\"aligncenter wp-image-2220348\" src=\"https:\/\/puntocritico.com\/ausajpuntocritico\/wp-content\/uploads\/2021\/07\/Zimbabue-servindi-300x199.jpg\" alt=\"\" width=\"440\" height=\"292\" srcset=\"https:\/\/puntocritico.com\/ausajpuntocritico\/wp-content\/uploads\/2021\/07\/Zimbabue-servindi-300x199.jpg 300w, https:\/\/puntocritico.com\/ausajpuntocritico\/wp-content\/uploads\/2021\/07\/Zimbabue-servindi-610x405.jpg 610w, https:\/\/puntocritico.com\/ausajpuntocritico\/wp-content\/uploads\/2021\/07\/Zimbabue-servindi-678x452.jpg 678w, https:\/\/puntocritico.com\/ausajpuntocritico\/wp-content\/uploads\/2021\/07\/Zimbabue-servindi.jpg 680w\" sizes=\"auto, (max-width: 440px) 100vw, 440px\" \/><\/a><\/p>\n<p>&nbsp;<\/p>\n<p style=\"text-align: justify;\"><span style=\"font-size: 14pt;\">Se produce contextualmente una <strong>deconstrucci\u00f3n de las fronteras conceptuales y de los l\u00edmites simb\u00f3licos<\/strong> (<em>que se determina, entre otras, en la posmoderna evaporaci\u00f3n de la l\u00ednea divisoria entre viejos y j\u00f3venes<\/em>) y una <strong>aniquilaci\u00f3n incluso de las fronteras naturales<\/strong> (<em>como la que existe entre hombres y mujeres y, cada vez m\u00e1s, entre humanos y animales -\u201cantiespecismo\u201d<\/em>). <\/span><\/p>\n<p style=\"text-align: justify;\"><span style=\"font-size: 14pt;\"><strong>El mismo pensamiento binario parece estar en crisis<\/strong>, fundado como est\u00e1 en la distinci\u00f3n irreductible entre diferentes.\u00a0<\/span><\/p>\n<p style=\"text-align: justify;\"><span style=\"font-size: 14pt;\">Seg\u00fan los par\u00e1metros\u00a0<em>marxianos\u00a0<\/em>recogidos en los\u00a0<a href=\"https:\/\/puntocritico.com\/ausajpuntocritico\/2019\/06\/21\/la-obra-de-spinoza-en-el-desarrollo-del-pensamiento-critico-de-marx-por-enrique-carpintero-revista-topia\/\" target=\"_blank\" rel=\"noopener\" data-schema-attribute=\"\"><strong><em>Grundrisse<\/em><\/strong><\/a>, <\/span><\/p>\n<blockquote>\n<p style=\"text-align: justify;\"><strong><span style=\"font-size: 14pt;\"><span style=\"color: #008000;\">\u201cel capital debe luchar para derribar toda barrera espacial para las relaciones, por ejemplo para el intercambio, y conquistar el mundo entero para su comercio\u201d.<\/span> <\/span><\/strong><\/p>\n<\/blockquote>\n<p>&nbsp;<\/p>\n<p><img loading=\"lazy\" decoding=\"async\" class=\"aligncenter wp-image-2318669\" src=\"https:\/\/puntocritico.com\/ausajpuntocritico\/wp-content\/uploads\/2026\/03\/Grundrisse-Marx-210x300.jpg\" alt=\"\" width=\"240\" height=\"344\" srcset=\"https:\/\/puntocritico.com\/ausajpuntocritico\/wp-content\/uploads\/2026\/03\/Grundrisse-Marx-210x300.jpg 210w, https:\/\/puntocritico.com\/ausajpuntocritico\/wp-content\/uploads\/2026\/03\/Grundrisse-Marx.jpg 313w\" sizes=\"auto, (max-width: 240px) 100vw, 240px\" \/><\/p>\n<p>&nbsp;<\/p>\n<p style=\"text-align: justify;\"><span style=\"font-size: 14pt;\">Es decir, debe unificarlo bajo el signo de la\u00a0<strong><em>forma mercanc\u00eda<\/em><\/strong>\u00a0y del <strong>nexo utilitarista<\/strong> entre <strong>m\u00f3nadas\u00a0<em>kantianamente<\/em>\u00a0<\/strong>\u201c<em>insociablemente sociables<\/em>\u201d y\u00a0<strong><em>leibnizianamente<\/em>\u00a0<\/strong>\u201c<em>sin ventanas<\/em>\u201d. <\/span><\/p>\n<p style=\"text-align: justify;\"><span style=\"font-size: 14pt;\">En el <strong>plano simb\u00f3lico<\/strong>, la <em>pr\u00e1xis<\/em> de la invasi\u00f3n capitalista se legitima a trav\u00e9s de la subcultura de la narrativa hollywoodiense\u00a0<em>no border\u00a0<\/em>y la convergente demonizaci\u00f3n integral de la idea misma de frontera, de l\u00edmite y de medida.\u00a0<\/span><span style=\"font-size: 14pt;\"><strong>Esta idea, en todas sus declinaciones posibles, se presenta como inevitablemente autoritaria y excluyente<\/strong>, con la remoci\u00f3n integral de su valor protector de defensa de los derechos frente a la ofensiva de la violencia mundialista.<\/span><\/p>\n<p>&nbsp;<\/p>\n<blockquote>\n<p style=\"text-align: center;\"><strong><span style=\"font-size: 14pt;\"><span style=\"color: #008000;\">En el plano simb\u00f3lico, la <em>pr\u00e1xis<\/em> de la invasi\u00f3n capitalista se legitima a trav\u00e9s de la subcultura de la narrativa hollywoodiense\u00a0<em>no border\u00a0<\/em>y la convergente demonizaci\u00f3n integral de la idea misma de frontera, de l\u00edmite y de medida.<\/span> <\/span><\/strong><\/p>\n<\/blockquote>\n<p>&nbsp;<\/p>\n<p style=\"text-align: justify;\"><span style=\"font-size: 14pt;\">Seg\u00fan la <strong>l\u00f3gica dual y polemol\u00f3gica de la sociedad alienada<\/strong>, el agresor mundialcapitalista, que se determina a s\u00ed mismo mediante la invasi\u00f3n, <strong>ve en los l\u00edmites y en las fronteras otros tantos obst\u00e1culos que deben ser derribados de cara a la invasi\u00f3n del territorio elegido para la acci\u00f3n depredadora<\/strong>.<\/span><\/p>\n<p>&nbsp;<\/p>\n<blockquote>\n<p style=\"text-align: center;\"><strong><span style=\"font-size: 14pt; color: #008000;\">El agresor mundialcapitalista, que se determina a s\u00ed mismo mediante la invasi\u00f3n, ve en los l\u00edmites y en las fronteras otros tantos obst\u00e1culos que deben ser derribados de cara a la invasi\u00f3n del territorio elegido para la acci\u00f3n depredadora.<\/span><\/strong><\/p>\n<\/blockquote>\n<p>&nbsp;<\/p>\n<figure id=\"attachment_2222526\" aria-describedby=\"caption-attachment-2222526\" style=\"width: 480px\" class=\"wp-caption aligncenter\"><a href=\"https:\/\/puntocritico.com\/ausajpuntocritico\/2022\/11\/11\/la-ciencia-politica-frente-a-utopias-y-trampas-por-baruch-de-spinoza-2\/\" target=\"_blank\" rel=\"noopener\" data-schema-attribute=\"\"><img loading=\"lazy\" decoding=\"async\" class=\"wp-image-2222526\" src=\"https:\/\/puntocritico.com\/ausajpuntocritico\/wp-content\/uploads\/2021\/08\/UTOPIA-5.jpg\" alt=\"UTOP\u00cdA\" width=\"480\" height=\"350\" data-id=\"2222526\" \/><\/a><figcaption id=\"caption-attachment-2222526\" class=\"wp-caption-text\"><span style=\"color: #008000;\">Cuando no hay temor de que falte lo que se necesita, cesa la ambici\u00f3n de querer acumular aquella clase de bienes, y como esta ambici\u00f3n no se da en Utop\u00eda, viven perfectamente tranquilos<\/span><\/figcaption><\/figure>\n<p>&nbsp;<\/p>\n<p style=\"text-align: justify;\"><span style=\"font-size: 14pt;\">Aquellos que se consideran obst\u00e1culos para el agresor deber\u00edan, en rigor, ser saludados como protecciones por parte del agredido. En otras palabras, <strong>la\u00a0<em>presa<\/em>\u00a0deber\u00eda amar las protecciones que el\u00a0<em>depredador <\/em>detesta<\/strong>. <\/span><\/p>\n<p style=\"text-align: justify;\"><span style=\"font-size: 14pt;\">Y, en cambio, <strong>tiende tambi\u00e9n a combatirlos como obst\u00e1culos, ya que su imaginario ha sido colonizado por los mapas categoriales de su propio enemigo de clase, gracias al celoso trabajo de la clase intelectual de complemento<\/strong>: <\/span><\/p>\n<blockquote>\n<p style=\"text-align: justify;\"><span style=\"color: #008000;\"><strong><span style=\"font-size: 14pt;\">el secreto est\u00e1 en extender, sin soluci\u00f3n de continuidad, y con una operaci\u00f3n puramente ideol\u00f3gica, las categor\u00edas del\u00a0<em>muro<\/em>\u00a0a las de la\u00a0<em>frontera<\/em>, para as\u00ed poder presentar y promover la lucha contra la segunda como base ineludible para la lucha contra el primero.<\/span><\/strong><\/span><\/p>\n<\/blockquote>\n<p>&nbsp;<\/p>\n<p style=\"text-align: justify;\"><span style=\"font-size: 14pt;\">Evidentemente, este <strong>sofisma ideol\u00f3gico<\/strong> nunca especifica que el muro es la perversi\u00f3n de la frontera o, incluso, que la frontera es la \u00fanica garant\u00eda de una relaci\u00f3n entre identidades que no degenere en la opresi\u00f3n del muro o -\u00e9sta es la cuesti\u00f3n- en la de la invasi\u00f3n.<\/span><\/p>\n<p>&nbsp;<\/p>\n<figure id=\"attachment_10566\" aria-describedby=\"caption-attachment-10566\" style=\"width: 480px\" class=\"wp-caption aligncenter\"><a href=\"https:\/\/puntocritico.com\/ausajpuntocritico\/2018\/04\/03\/la-ley-de-pobres-y-la-revuelta-campesina-inglesa-en-el-siglo-xviii-la-ley-que-obligaba-a-los-trabajadores-a-aceptar-cualquier-salario-que-les-ofrecieran-y-asi-quedar-totalmente-a-merced-del-capital\/\" target=\"_blank\" rel=\"noopener\" data-schema-attribute=\"\"><img loading=\"lazy\" decoding=\"async\" class=\"wp-image-10566\" src=\"https:\/\/puntocritico.com\/ausajpuntocritico\/wp-content\/uploads\/2018\/04\/La-Multitud-en-la-Historia-multitud-2-ip-300x169.jpg\" alt=\"\" width=\"480\" height=\"270\" srcset=\"https:\/\/puntocritico.com\/ausajpuntocritico\/wp-content\/uploads\/2018\/04\/La-Multitud-en-la-Historia-multitud-2-ip-300x169.jpg 300w, https:\/\/puntocritico.com\/ausajpuntocritico\/wp-content\/uploads\/2018\/04\/La-Multitud-en-la-Historia-multitud-2-ip.jpg 678w\" sizes=\"auto, (max-width: 480px) 100vw, 480px\" \/><\/a><figcaption id=\"caption-attachment-10566\" class=\"wp-caption-text\"><a href=\"https:\/\/puntocritico.com\/ausajpuntocritico\/2018\/04\/03\/la-ley-de-pobres-y-la-revuelta-campesina-inglesa-en-el-siglo-xviii-la-ley-que-obligaba-a-los-trabajadores-a-aceptar-cualquier-salario-que-les-ofrecieran-y-asi-quedar-totalmente-a-merced-del-capital\/\" target=\"_blank\" rel=\"noopener\" data-schema-attribute=\"\"><span style=\"color: #008000;\">LA LEY DE POBRES y la Revuelta Campesina Inglesa en el Siglo XVIII: \u00abLa ley que obligaba a los trabajadores a aceptar cualquier salario que les ofrecieran y as\u00ed quedar totalmente a merced del capitalista\u00bb<\/span><\/a><\/figcaption><\/figure>\n<p>&nbsp;<\/p>\n<p style=\"text-align: justify;\"><span style=\"font-size: 14pt;\"><strong>El pensamiento \u00fanico pol\u00edticamente correcto y \u00e9ticamente corrupto nunca explica que<\/strong>: <\/span><\/p>\n<blockquote>\n<p style=\"text-align: justify;\"><strong><span style=\"font-size: 14pt; color: #008000;\">a)\u00a0<em>muro<\/em>\u00a0e\u00a0<em>invasi\u00f3n<\/em>\u00a0son dos modalidades diferentes de opresi\u00f3n; y <\/span><\/strong><\/p>\n<p style=\"text-align: justify;\"><strong><span style=\"font-size: 14pt; color: #008000;\">b) la\u00a0<em>frontera<\/em>, como exclusiva garante de la relaci\u00f3n entre libres e iguales, es la \u00fanica base para contrarrestar ambos modos de opresi\u00f3n.<\/span><\/strong><\/p>\n<\/blockquote>\n<p>&nbsp;<\/p>\n<p style=\"text-align: justify;\"><span style=\"font-size: 14pt;\"><strong>Esto esclarece, adem\u00e1s, otra paradoja<\/strong>: <\/span><\/p>\n<blockquote>\n<p style=\"text-align: justify;\"><span style=\"font-size: 14pt; color: #008000;\"><strong>si la propiedad, como recuerda el\u00a0<em>Contrato Social<\/em>\u00a0de\u00a0<a href=\"https:\/\/puntocritico.com\/ausajpuntocritico\/2020\/05\/14\/el-camino-de-un-pueblo-hacia-su-extrema-corrupcion-por-jean-jacques-rousseau-2\/\" target=\"_blank\" rel=\"noopener\" data-schema-attribute=\"\">Rousseau<\/a>, se basa en la din\u00e1mica de la expropiaci\u00f3n mediante vallado, la invasi\u00f3n, por su parte, no es el fin de ese cercado y, por tanto, de la propiedad.<\/strong> <\/span><\/p>\n<\/blockquote>\n<p>&nbsp;<\/p>\n<p><img loading=\"lazy\" decoding=\"async\" class=\"aligncenter wp-image-2318673\" src=\"https:\/\/puntocritico.com\/ausajpuntocritico\/wp-content\/uploads\/2026\/03\/Capitalismo-y-destruccion-de-las-fronteras-22.jpeg\" alt=\"\" width=\"360\" height=\"257\" \/><\/p>\n<p>&nbsp;<\/p>\n<p style=\"text-align: justify;\"><span style=\"font-size: 14pt;\">Por el contrario, <strong>es la destrucci\u00f3n del l\u00edmite que debe cumplir la apropiaci\u00f3n para poder expropiar lo que todav\u00eda no se ha apropiado<\/strong>, siguiendo la <strong>din\u00e1mica del\u00a0<em>limes<\/em>\u00a0que avanza<\/strong> y que, de ese modo, <strong>incluye lo que no est\u00e1 a\u00fan incluido<\/strong>.<\/span><\/p>\n<p style=\"text-align: justify;\"><span style=\"font-size: 14pt;\">Como sabemos, la pista hermen\u00e9utica del\u00a0<strong><em>Contrato Social<\/em><\/strong>\u00a0del\u00a0<em>ginebrino<\/em>\u00a0ya estaba respaldada por el\u00a0<strong><em>Segundo Tratado sobre el Gobierno Civil<\/em><\/strong>\u00a0de\u00a0<a href=\"https:\/\/puntocritico.com\/ausajpuntocritico\/2018\/09\/27\/el-mundo-de-john-locke\/\" target=\"_blank\" rel=\"noopener\" data-schema-attribute=\"\"><strong>Locke<\/strong><\/a>\u00a0(1690), donde, <strong>con el\u00a0<em>homo oeconomicus<\/em>, toma forma la idea de la propiedad vallada<\/strong>: el hombre -escribe\u00a0<strong>Locke<\/strong>\u2013 <\/span><\/p>\n<blockquote>\n<p style=\"text-align: justify;\"><span style=\"font-size: 14pt; color: #008000;\"><strong>\u201dcon su trabajo la cerca, por as\u00ed decirlo, sustituyendo a la propiedad com\u00fan\u201d.<\/strong> <\/span><\/p>\n<\/blockquote>\n<p>&nbsp;<\/p>\n<p style=\"text-align: justify;\"><span style=\"font-size: 14pt;\">Ha sido\u00a0<strong>Marx<\/strong>, despu\u00e9s de\u00a0<strong>Rousseau<\/strong>, quien llam\u00f3 nuestra atenci\u00f3n, en el <em>cap\u00edtulo vigesimocuarto del primer libro de<\/em>\u00a0<strong><em>El Capital<\/em><\/strong>, sobre el hecho de que <strong>la historia real no sabe nada de la narrativa edulcorante y a ratos m\u00edstica de los liberales<\/strong>, seg\u00fan la cual <\/span><\/p>\n<blockquote>\n<p style=\"text-align: justify;\"><span style=\"color: #008000;\"><strong><span style=\"font-size: 14pt;\">el origen del capital ser\u00eda una pac\u00edfica transacci\u00f3n entre libres vendedores (\u201c<em>Libertad, Igualdad, Propiedad y Bentham<\/em>\u201d); <\/span><\/strong><\/span><\/p>\n<p style=\"text-align: justify;\"><span style=\"color: #008000;\"><strong><span style=\"font-size: 14pt;\">por el contrario, el capital llega al mundo por medio de la inmensa violencia de la \u201c<a style=\"color: #008000;\" href=\"https:\/\/puntocritico.com\/ausajpuntocritico\/2025\/12\/08\/el-estado-corporativo\/\" target=\"_blank\" rel=\"noopener\" data-schema-attribute=\"\"><em>acumulaci\u00f3n originaria<\/em><\/a>\u201d y, por tanto, de la apropiaci\u00f3n mediante exclusi\u00f3n, siguiendo aquella l\u00f3gica descrita en contacto directo tambi\u00e9n por\u00a0<a style=\"color: #008000;\" href=\"https:\/\/puntocritico.com\/ausajpuntocritico\/2023\/01\/16\/utopia-por-tomas-moro-parte-1\/\" target=\"_blank\" rel=\"noopener\" data-schema-attribute=\"\">Tom\u00e1s Moro<\/a>.<\/span><\/strong><\/span><\/p>\n<\/blockquote>\n<p>&nbsp;<\/p>\n<p><a href=\"https:\/\/puntocritico.com\/ausajpuntocritico\/2023\/01\/16\/utopia-por-tomas-moro-parte-1\/\" target=\"_blank\" rel=\"noopener\" data-schema-attribute=\"\"><img loading=\"lazy\" decoding=\"async\" class=\"aligncenter wp-image-2222386\" src=\"https:\/\/puntocritico.com\/ausajpuntocritico\/wp-content\/uploads\/2021\/08\/Utopia-Isla-PPAL-1-300x199.jpg\" alt=\"\" width=\"440\" height=\"292\" srcset=\"https:\/\/puntocritico.com\/ausajpuntocritico\/wp-content\/uploads\/2021\/08\/Utopia-Isla-PPAL-1-300x199.jpg 300w, https:\/\/puntocritico.com\/ausajpuntocritico\/wp-content\/uploads\/2021\/08\/Utopia-Isla-PPAL-1-610x405.jpg 610w, https:\/\/puntocritico.com\/ausajpuntocritico\/wp-content\/uploads\/2021\/08\/Utopia-Isla-PPAL-1-678x452.jpg 678w, https:\/\/puntocritico.com\/ausajpuntocritico\/wp-content\/uploads\/2021\/08\/Utopia-Isla-PPAL-1.jpg 680w\" sizes=\"auto, (max-width: 440px) 100vw, 440px\" \/><\/a><\/p>\n<p>&nbsp;<\/p>\n<p style=\"text-align: justify;\"><span style=\"font-size: 14pt;\"><strong>La\u00a0<em>acumulaci\u00f3n originaria<\/em><\/strong>, al hilo de la urdimbre de\u00a0<strong><em>El Capital<\/em><\/strong>, tambi\u00e9n podr\u00eda entenderse con raz\u00f3n como un \u201c<strong><em>cercado originario<\/em><\/strong>\u201c, incardinado sobre la <strong>praxis brutal de los\u00a0<em>enclosures<\/em>\u00a0y de las expulsiones de las tierras comunales<\/strong>, con arreglo a lo que el propio\u00a0<strong>Marx<\/strong>\u00a0denominaba con mordaz sarcasmo \u201c<strong><em>forma parlamentaria de robo<\/em><\/strong>\u201d.<\/span><\/p>\n<p style=\"text-align: justify;\"><span style=\"font-size: 14pt;\"><strong>Los\u00a0<em>Bills for Inclosures of Commons<\/em>\u00a0son, en el caso que nos ocupa, los decretos mediante los cuales<\/strong><\/span><\/p>\n<blockquote>\n<p style=\"text-align: justify;\"><strong><span style=\"font-size: 14pt;\"><span style=\"color: #008000;\"> \u201clos terratenientes se regalan a s\u00ed mismos, en propiedad privada, las tierras p\u00fablicas; decretos de expropiaci\u00f3n del pueblo\u201d.<\/span> <\/span><\/strong><\/p>\n<\/blockquote>\n<p>&nbsp;<\/p>\n<p><img loading=\"lazy\" decoding=\"async\" class=\"aligncenter wp-image-2318674\" src=\"https:\/\/puntocritico.com\/ausajpuntocritico\/wp-content\/uploads\/2026\/03\/Capitalismo-y-destruccion-de-las-fronteras-11-300x171.webp\" alt=\"\" width=\"480\" height=\"274\" srcset=\"https:\/\/puntocritico.com\/ausajpuntocritico\/wp-content\/uploads\/2026\/03\/Capitalismo-y-destruccion-de-las-fronteras-11-300x171.webp 300w, https:\/\/puntocritico.com\/ausajpuntocritico\/wp-content\/uploads\/2026\/03\/Capitalismo-y-destruccion-de-las-fronteras-11.webp 700w\" sizes=\"auto, (max-width: 480px) 100vw, 480px\" \/><\/p>\n<p>&nbsp;<\/p>\n<blockquote>\n<p style=\"text-align: center;\"><span style=\"color: #008000;\"><strong><span style=\"font-size: 14pt;\">La moderna propiedad privada nace de un solo parto con los muros y con los cercados que la recababan por exclusi\u00f3n y expulsi\u00f3n, es decir, por despojo irreversible de tierras que, hasta ese momento, ten\u00edan la consideraci\u00f3n de\u00a0<em>bonum commune<\/em>.<\/span><\/strong><\/span><\/p>\n<\/blockquote>\n<p>&nbsp;<\/p>\n<p style=\"text-align: justify;\"><span style=\"font-size: 14pt;\"><strong>La moderna propiedad privada nace de un solo parto con los muros y con los cercados que la recababan por exclusi\u00f3n y expulsi\u00f3n<\/strong>, es decir, por despojo irreversible de tierras que, hasta ese momento, ten\u00edan la consideraci\u00f3n de\u00a0<em>bonum commune<\/em>. <\/span><\/p>\n<p style=\"text-align: justify;\"><span style=\"font-size: 14pt;\">E<\/span><span style=\"font-size: 14pt;\">l propio\u00a0<strong>Marx<\/strong>, profundizando una v\u00eda hermen\u00e9utica que proseguir\u00e1 con \u00e9xito\u00a0<a href=\"https:\/\/puntocritico.com\/ausajpuntocritico\/2026\/01\/28\/biopoder-los-origenes-teologico-politicos-del-biopoder-pastoral-y-genealogia-del-estado-por-arnault-skornic-2015-parte-1\/\" target=\"_blank\" rel=\"noopener\" data-schema-attribute=\"\"><strong>Foucault<\/strong><\/a>, se\u00f1ala c\u00f3mo <strong>el vallado de las tierras comunales y la reclusi\u00f3n forzosa de los excluidos se producen simult\u00e1neamente<\/strong>, desde los\u00a0<em>workhouses<\/em>\u00a0hasta el \u201c<em>gran encierro<\/em>\u201d (<em>grand refermement<\/em>), como podr\u00edamos definirlo con la gram\u00e1tica\u00a0<em>foucaultiana<\/em>.<\/span><\/p>\n<p style=\"text-align: justify;\"><span style=\"font-size: 14pt;\">No hay que olvidar, adem\u00e1s, que <strong>el \u00fanico muro que experiment\u00f3 Par\u00eds<\/strong> (<em>le mur murant Paris rend Paris murmurant \u2013el muro que amuralla Par\u00eds vuelve a Par\u00eds murmurante-<\/em>) <strong>fue de car\u00e1cter econ\u00f3mico y de tipo fiscal<\/strong>, el de los\u00a0<em>fermieres generaux<\/em>, de los banqueros y de los hombres de las finanzas. <\/span><\/p>\n<p style=\"text-align: justify;\"><span style=\"font-size: 14pt;\">Con casi cuatro metros de altura y veinticuatro kil\u00f3metros de longitud,<strong> el muro levantado en nombre del sistema fiscal de la ciudad, entre 1784 y 1788, era una aut\u00e9ntica barrera de peaje<\/strong>, con el objetivo expl\u00edcito de impedir la fuga de los evasores de impuestos.<\/span><\/p>\n<p>&nbsp;<\/p>\n<blockquote>\n<p style=\"text-align: center;\"><strong><span style=\"font-size: 14pt; color: #008000;\">El muro levantado en nombre del sistema fiscal de la ciudad de Par\u00eds, entre 1784 y 1788, era una aut\u00e9ntica barrera de peaje, con el objetivo expl\u00edcito de impedir la fuga de los evasores de impuestos.<\/span><\/strong><\/p>\n<\/blockquote>\n<p style=\"text-align: justify;\">\u00a0<\/p>\n<p><a href=\"https:\/\/puntocritico.com\/ausajpuntocritico\/2017\/09\/13\/vhc-el-virus-de-la-hepatitis-c-parte-iv\/\" target=\"_blank\" rel=\"noopener\" data-schema-attribute=\"\"><img loading=\"lazy\" decoding=\"async\" class=\"aligncenter wp-image-5323\" src=\"https:\/\/puntocritico.com\/ausajpuntocritico\/wp-content\/uploads\/2017\/09\/Patente-de-corso-678x381.jpg\" alt=\"\" width=\"440\" height=\"292\" data-id=\"5323\" srcset=\"https:\/\/puntocritico.com\/ausajpuntocritico\/wp-content\/uploads\/2017\/09\/Patente-de-corso-300x199.jpg 300w, https:\/\/puntocritico.com\/ausajpuntocritico\/wp-content\/uploads\/2017\/09\/Patente-de-corso-678x452.jpg 678w, https:\/\/puntocritico.com\/ausajpuntocritico\/wp-content\/uploads\/2017\/09\/Patente-de-corso.jpg 680w\" sizes=\"auto, (max-width: 440px) 100vw, 440px\" \/><\/a><\/p>\n<p>&nbsp;<\/p>\n<p style=\"text-align: justify;\"><span style=\"font-size: 14pt;\">Esta referencia impresionista a la g\u00e9nesis del capital nos permite arrojar luz sobre c\u00f3mo <strong>la tendencia actual de la globalizaci\u00f3n mercadista no abandona la pr\u00e1ctica\u00a0<em>murista<\/em><\/strong>, coesencial a la l\u00f3gica de la propiedad privada, sino que la extiende y l<strong>a impone al mundo entero, mediante su propia invasi\u00f3n ilimitada<\/strong>: <\/span><\/p>\n<blockquote>\n<p style=\"text-align: justify;\"><strong><span style=\"font-size: 14pt; color: #008000;\">desplazando cada vez m\u00e1s lejos el propio\u00a0<em>limes<\/em>, la globalizaci\u00f3n hiperliberal engloba al mundo entero en el sistema de los nuevos\u00a0<em>enclosures<\/em>, activando la doble din\u00e1mica de la\u00a0<em>openness<\/em>\u00a0y del confinamiento\u00a0<em>murista<\/em>.<\/span><\/strong><\/p>\n<\/blockquote>\n<p>&nbsp;<\/p>\n<p style=\"text-align: justify;\"><strong><span style=\"font-size: 14pt;\">No parece entonces convincente la tesis de quienes sostienen, de forma unilateral, que <\/span><\/strong><\/p>\n<blockquote>\n<p style=\"text-align: justify;\"><strong><span style=\"font-size: 14pt; color: #008000;\">\u201cel imperativo de derribar los muros est\u00e1 perdiendo la confrontaci\u00f3n dial\u00e9ctica con la \u2018<em>mentalidad de la fortaleza<\/em>\u2018\u201d.<\/span><\/strong><\/p>\n<\/blockquote>\n<p>&nbsp;<\/p>\n<p style=\"text-align: justify;\"><span style=\"font-size: 14pt;\">En realidad, <strong>las dos tendencias \u2013al confinamiento\u00a0<em>murista<\/em>\u00a0y a la invasi\u00f3n financiera\u2013 coexisten como expresiones antit\u00e9ticas de la misma din\u00e1mica de colonizaci\u00f3n capitalista del planeta<\/strong>.<\/span><\/p>\n<p style=\"text-align: justify;\"><span style=\"font-size: 14pt;\">Podr\u00edamos, entonces, aventurarnos a argumentar que <strong>la globalizaci\u00f3n, correctamente entendida, no anula la frontera en cuanto tal: por el contrario, aniquila el\u00a0<em>finis<\/em>\u00a0para imponer la l\u00f3gica invasiva del\u00a0<em>limes<\/em><\/strong>. <\/span><\/p>\n<p style=\"text-align: justify;\"><span style=\"font-size: 14pt;\">Este \u00faltimo, como se ha subrayado, <strong>no se opone a la invasi\u00f3n, sino que es m\u00e1s bien una expresi\u00f3n de ella<\/strong>, apareciendo como un <strong>l\u00edmite provisional<\/strong>, tal vez incluso en formas amuralladas, que es <strong>preludio de nuevas y cada vez m\u00e1s radicales invasiones<\/strong>.<\/span><\/p>\n<p>&nbsp;<\/p>\n<p><img loading=\"lazy\" decoding=\"async\" class=\"aligncenter size-full wp-image-2220349\" src=\"https:\/\/puntocritico.com\/ausajpuntocritico\/wp-content\/uploads\/2021\/07\/Brasil-expropiacion-a-indigenas.png\" alt=\"\" width=\"455\" height=\"270\" data-id=\"2220349\" srcset=\"https:\/\/puntocritico.com\/ausajpuntocritico\/wp-content\/uploads\/2021\/07\/Brasil-expropiacion-a-indigenas.png 455w, https:\/\/puntocritico.com\/ausajpuntocritico\/wp-content\/uploads\/2021\/07\/Brasil-expropiacion-a-indigenas-300x178.png 300w\" sizes=\"auto, (max-width: 455px) 100vw, 455px\" \/><\/p>\n<p>&nbsp;<\/p>\n<blockquote>\n<p style=\"text-align: center;\"><strong><span style=\"font-size: 14pt;\"><span style=\"color: #008000;\">Si el\u00a0<em>finis<\/em>\u00a0preserva los espacios de las identidades y de las soberan\u00edas, el\u00a0<em>limes<\/em>\u00a0se\u00f1ala el avance de una \u00fanica soberan\u00eda y de una \u00fanica identidad que tienden, con movimiento gradual e incesante, a saturar cada espacio disponible.<\/span> <\/span><\/strong><\/p>\n<\/blockquote>\n<p>&nbsp;<\/p>\n<p style=\"text-align: justify;\"><span style=\"font-size: 14pt;\">Si el\u00a0<em>finis<\/em>\u00a0preserva los espacios de las identidades y de las soberan\u00edas, <strong>el\u00a0<em>limes<\/em>\u00a0se\u00f1ala el avance de una \u00fanica soberan\u00eda y de una \u00fanica identidad<\/strong> que tienden, con movimiento gradual e incesante, a saturar cada espacio disponible. <\/span><\/p>\n<p style=\"text-align: justify;\"><span style=\"font-size: 14pt;\"><strong>El\u00a0<em>finis<\/em>\u00a0aspira a perdurar, el\u00a0<em>limes<\/em>\u00a0en cambio propende a extinguirse<\/strong>, una vez que todo el espacio disponible haya sido anexionado y, por tanto, nada externo haya sobrevivido al\u00a0<em>limes<\/em>\u00a0mismo.<\/span><\/p>\n<p>&nbsp;<\/p>\n<blockquote>\n<p style=\"text-align: center;\"><span style=\"color: #008000;\"><strong><span style=\"font-size: 14pt;\">El\u00a0<em>finis<\/em>\u00a0aspira a perdurar, el\u00a0<em>limes<\/em>\u00a0en cambio propende a extinguirse, una vez que todo el espacio disponible haya sido anexionado y, por tanto, nada externo haya sobrevivido al\u00a0<em>limes<\/em>\u00a0mismo.<\/span><\/strong><\/span><\/p>\n<\/blockquote>\n<p>&nbsp;<\/p>\n<p style=\"text-align: justify;\"><span style=\"font-size: 14pt;\"><strong>El capital act\u00faa dividiendo espacios y tiempos<\/strong> y, sucesivamente, superando su propia divisi\u00f3n (<em>entre <strong>Occidente y\u00a0barbaricum<\/strong>, entre progreso y atraso<\/em>). <\/span><span style=\"font-size: 14pt;\"><strong>A la primera violencia, la del excluir por la fuerza, le sigue la segunda violencia, la del impedir al excluido no ser englobado y asimilado<\/strong>.<\/span><\/p>\n<p>&nbsp;<\/p>\n<blockquote>\n<p style=\"text-align: center;\"><strong><span style=\"font-size: 14pt;\"><span style=\"color: #008000;\">A la primera violencia, la del excluir por la fuerza, le sigue la segunda violencia, la del impedir al excluido no ser englobado y asimilado.<\/span> <\/span><\/strong><\/p>\n<\/blockquote>\n<p>&nbsp;<\/p>\n<p style=\"text-align: justify;\"><span style=\"font-size: 14pt;\">Y <strong>as\u00ed como el delincuente no interioriza la noci\u00f3n del l\u00edmite, as\u00ed el capital tampoco la introyecta y adem\u00e1s la combate, bas\u00e1ndose en su<em>\u00a0ley<\/em>\u00a0<em>del m\u00e1s fuerte<\/em>\u00a0<\/strong>econ\u00f3micamente ennoblecida: <\/span><\/p>\n<blockquote>\n<p style=\"text-align: justify;\"><strong><span style=\"font-size: 14pt; color: #008000;\">poner l\u00edmites y fronteras equivaldr\u00eda a obstaculizar su an\u00f3mica pulsi\u00f3n a la <a style=\"color: #008000;\" href=\"https:\/\/puntocritico.com\/ausajpuntocritico\/2026\/02\/13\/soberbia-spinoza\/\" target=\"_blank\" rel=\"noopener\" data-schema-attribute=\"\">desmesura<\/a>.<\/span><\/strong><\/p>\n<\/blockquote>\n<p>&nbsp;<\/p>\n<p><a href=\"https:\/\/puntocritico.com\/ausajpuntocritico\/2026\/01\/28\/biopoder-los-origenes-teologico-politicos-del-biopoder-pastoral-y-genealogia-del-estado-por-arnault-skornic-2015-parte-1\/\" target=\"_blank\" rel=\"noopener\" data-schema-attribute=\"\"><img loading=\"lazy\" decoding=\"async\" class=\"aligncenter wp-image-2316763\" src=\"https:\/\/puntocritico.com\/ausajpuntocritico\/wp-content\/uploads\/2026\/01\/Poder-Pastoral-ovejas-en-el-camino-PPAL-300x169.jpg\" alt=\"\" width=\"480\" height=\"270\" srcset=\"https:\/\/puntocritico.com\/ausajpuntocritico\/wp-content\/uploads\/2026\/01\/Poder-Pastoral-ovejas-en-el-camino-PPAL-300x169.jpg 300w, https:\/\/puntocritico.com\/ausajpuntocritico\/wp-content\/uploads\/2026\/01\/Poder-Pastoral-ovejas-en-el-camino-PPAL.jpg 678w\" sizes=\"auto, (max-width: 480px) 100vw, 480px\" \/><\/a><\/p>\n<p>&nbsp;<\/p>\n<p style=\"text-align: justify;\"><span style=\"font-size: 14pt;\">En\u00a0<strong><em>Glebalizzazione\u00a0<\/em><\/strong>(2019), hemos propuesto llamar \u201c<strong><em>inglobalizaci\u00f3n<\/em><\/strong>\u201d a la <strong>din\u00e1mica de neutralizaci\u00f3n inclusiva con la que el capital, desplazando sin cesar su propio\u00a0<em>limes<\/em>, obliga a cada pueblo a abandonar las fronteras de su propia identidad y de su propia cultura<\/strong> en nombre de lo que\u00a0<strong>Sloterdijk<\/strong>\u00a0denomina \u201c<em>el ingreso en el espacio homog\u00e9neo<\/em>\u201d del mundo unificado bajo el signo de la cosificaci\u00f3n.<\/span><\/p>\n<p>&nbsp;<\/p>\n<blockquote>\n<p style=\"text-align: center;\"><span style=\"color: #008000;\"><strong><span style=\"font-size: 14pt;\">Hemos propuesto llamar \u201c<em>inglobalizaci\u00f3n<\/em>\u201d a la din\u00e1mica de neutralizaci\u00f3n inclusiva con la que el capital, desplazando sin cesar su propio\u00a0<em>limes<\/em>, obliga a cada pueblo a abandonar las fronteras de su propia identidad y de su propia cultura en nombre de \u201c<em>el ingreso en el espacio homog\u00e9neo<\/em>\u201d del mundo unificado bajo el signo de la cosificaci\u00f3n.<\/span><\/strong><\/span><\/p>\n<\/blockquote>\n<p>&nbsp;<\/p>\n<p style=\"text-align: justify;\"><span style=\"font-size: 14pt;\">El capital, con su propio\u00a0<strong><em>limes\u00a0<\/em><\/strong>en movimiento, <strong>no excluye a los \u201c<em>b\u00e1rbaros<\/em>\u201c<\/strong>, sino que \u201c<em>generosamente<\/em>\u201d los exhorta a superar el umbral de la humanidad, accediendo al <strong>\u201c<em>reino de la civilizaci\u00f3n<\/em>\u201d\u00a0<em>mercadoforme<\/em><\/strong>.\u00a0<\/span><\/p>\n<p style=\"text-align: justify;\"><span style=\"font-size: 14pt;\">De esto tambi\u00e9n se infiere n\u00edtidamente el car\u00e1cter de\u00a0<strong><em>limes<\/em>\u00a0propio de la globalizaci\u00f3n<\/strong> y de su <strong>doble movimiento de invasi\u00f3n\u00a0<em>mercadista<\/em>\u00a0y confinamiento\u00a0<em>murista<\/em><\/strong>. <\/span><\/p>\n<p style=\"text-align: justify;\"><span style=\"font-size: 14pt;\">Hist\u00f3ricamente, <strong>desde la \u00e9poca de los antiguos romanos, el\u00a0<em>limes<\/em>\u00a0ha hecho valer casi siempre la figura de la \u201c<em>frontera como abismo<\/em>\u201d<\/strong>: <\/span><\/p>\n<blockquote>\n<p style=\"text-align: justify;\"><span style=\"color: #008000;\"><strong><span style=\"font-size: 14pt;\">el\u00a0<em>limes<\/em>, de hecho, se percib\u00eda subjetivamente y se justificaba ideol\u00f3gicamente como barrera de separaci\u00f3n de la civilizaci\u00f3n respecto del elemento\u00a0<em>barbaricum<\/em>\u00a0gen\u00e9ricamente entendido; <\/span><\/strong><\/span><\/p>\n<p style=\"text-align: justify;\"><span style=\"color: #008000;\"><strong><span style=\"font-size: 14pt;\">este \u00faltimo, en la era de la globalizaci\u00f3n de las\u00a0<em>barras y estrellas<\/em>, tiende cada vez m\u00e1s obstinadamente a ser presentado como\u00a0<em>barbaricum<\/em>\u00a0de los anacronismos, es decir, de las dictaduras y de la regresi\u00f3n, del fundamentalismo religioso y de los reg\u00edmenes autoritarios no liberales.<\/span><\/strong><\/span><\/p>\n<\/blockquote>\n<p>&nbsp;<\/p>\n<figure id=\"attachment_2289539\" aria-describedby=\"caption-attachment-2289539\" style=\"width: 480px\" class=\"wp-caption aligncenter\"><a href=\"https:\/\/puntocritico.com\/ausajpuntocritico\/2023\/07\/10\/las-perplejidades-de-los-derechos-del-hombre-arendt\/\" target=\"_blank\" rel=\"noopener\" data-schema-attribute=\"\"><img loading=\"lazy\" decoding=\"async\" class=\"wp-image-2289539\" src=\"https:\/\/puntocritico.com\/ausajpuntocritico\/wp-content\/uploads\/2023\/10\/Hannah_Arendt-1-300x192.jpg\" alt=\"\" width=\"480\" height=\"307\" srcset=\"https:\/\/puntocritico.com\/ausajpuntocritico\/wp-content\/uploads\/2023\/10\/Hannah_Arendt-1-300x192.jpg 300w, https:\/\/puntocritico.com\/ausajpuntocritico\/wp-content\/uploads\/2023\/10\/Hannah_Arendt-1-1024x656.jpg 1024w, https:\/\/puntocritico.com\/ausajpuntocritico\/wp-content\/uploads\/2023\/10\/Hannah_Arendt-1-768x492.jpg 768w, https:\/\/puntocritico.com\/ausajpuntocritico\/wp-content\/uploads\/2023\/10\/Hannah_Arendt-1.jpg 1165w\" sizes=\"auto, (max-width: 480px) 100vw, 480px\" \/><\/a><figcaption id=\"caption-attachment-2289539\" class=\"wp-caption-text\"><span style=\"color: #008000;\">\u00abEl mal no es nunca &#8216;radical&#8217;, solo es extremo, y carece de toda profundidad y de cualquier dimensi\u00f3n demoniaca. Puede crecer desmesuradamente y reducir todo el mundo a escombros precisamente porque se extiende como un hongo por la superficie. Eso es la &#8216;banalidad del mal. S\u00f3lo el bien tiene profundidad y puede ser radical\u00bb (Hanna Arendt)<\/span><\/figcaption><\/figure>\n<p>&nbsp;<\/p>\n<p style=\"text-align: justify;\"><span style=\"font-size: 14pt;\">Con esto no s\u00f3lo se justifica ret\u00f3ricamente el <strong>propio\u00a0<em>limes<\/em>\u00a0como frontera infranqueable<\/strong>, muy a menudo materializada y verticalizada en forma de <strong><em>muros<\/em><\/strong>, sino tambi\u00e9n -\u00e9sta es la cuesti\u00f3n- la din\u00e1mica unidireccional de <em><strong>invasi\u00f3n<\/strong> <\/em>por parte del \u00e1rea que <strong>se autoidentifica con la civilizaci\u00f3n y con el progreso<\/strong>; y que,\u00a0<em>eo ipso<\/em>, <strong>ha tenido buen cuidado en presentarse al mundo entero como depositaria de una\u00a0<em>misi\u00f3n especial<\/em>\u00a0de orden civilizador, englobando, mediante el desplazamiento unidireccional del\u00a0<em>limes<\/em>, aquello que todav\u00eda no ha sido invadido o, mejor a\u00fan, anexionado<\/strong>.<\/span><\/p>\n<p>&nbsp;<\/p>\n<blockquote>\n<p style=\"text-align: center;\"><strong><span style=\"font-size: 14pt; color: #008000;\">Esto no s\u00f3lo se justifica ret\u00f3ricamente el propio <em>limes<\/em>\u00a0como frontera infranqueable, muy a menudo materializada y verticalizada en forma de muros, sino tambi\u00e9n -\u00e9sta es la cuesti\u00f3n- la din\u00e1mica unidireccional de invasi\u00f3n por parte del \u00e1rea que se autoidentifica con la civilizaci\u00f3n y con el progreso<\/span><\/strong><\/p>\n<\/blockquote>\n<p>&nbsp;<\/p>\n<p style=\"text-align: justify;\"><span style=\"font-size: 14pt;\">Se genera as\u00ed una <strong>l\u00f3gica descompuesta<\/strong> que, por un lado, es <strong><em>disyuntiva<\/em><\/strong>, si se analiza desde el punto de vista de los confinados\u00a0<em>m\u00e1s all\u00e1<\/em>\u00a0del\u00a0<em>limes<\/em>\u00a0(<em>barbaricum<\/em>), y que, por otro lado, aparece como <strong><em>progresivamente omnienvolvente e invasora<\/em><\/strong>, si es escrutada desde el lado de aquellos que est\u00e1n\u00a0<em>m\u00e1s ac\u00e1<\/em>\u00a0del muro (<em>el autoproclamado reino de la\u00a0<strong>Civilizaci\u00f3n<\/strong>, cuando no directamente del\u00a0<strong>Bien<\/strong><\/em>). <\/span><\/p>\n<p style=\"text-align: justify;\"><span style=\"font-size: 14pt;\">Desde un diferente \u00e1ngulo prospectivo, <strong>quienes est\u00e1n\u00a0<em>m\u00e1s all\u00e1<\/em>\u00a0del\u00a0<em>limes<\/em>\u00a0s\u00f3lo pueden ser anexionados, sin poder nunca por su espont\u00e1nea iniciativa traspasar la barrera u oponerse a la anexi\u00f3n<\/strong>. <\/span><\/p>\n<p style=\"text-align: justify;\"><span style=\"font-size: 14pt;\">Y quienes est\u00e1n\u00a0<em>m\u00e1s ac\u00e1<\/em>, sin embargo, <strong>se presentan como los \u00fanicos legitimados para rechazar a cualquiera que osara por voluntaria iniciativa cruzar la barrera<\/strong> y, al mismo tiempo, ir m\u00e1s lejos del\u00a0<em>limes<\/em>, englobando a la\u00a0<em>altera pars<\/em>\u00a0hasta hacerla finalmente <strong>desaparecer en el\u00a0<em>one world<\/em>\u00a0de lo indiferenciado planetario<\/strong>.<\/span><\/p>\n<p>&nbsp;<\/p>\n<blockquote>\n<p style=\"text-align: center;\"><strong><span style=\"font-size: 14pt; color: #008000;\">Quienes est\u00e1n <em>m\u00e1s ac\u00e1 del limes<\/em>, se presentan como los \u00fanicos legitimados para rechazar a cualquiera que osara por voluntaria iniciativa cruzar la barrera y, al mismo tiempo, ir m\u00e1s lejos del <em>limes<\/em>, englobando a la\u00a0<em>altera pars<\/em>\u00a0hasta hacerla finalmente desaparecer en el\u00a0<em>one world<\/em>\u00a0de lo indiferenciado planetario.<\/span><\/strong><\/p>\n<\/blockquote>\n<p>&nbsp;<\/p>\n<p style=\"text-align: justify;\"><span style=\"font-size: 14pt;\">Tampoco se debe pasar por alto que <strong>el\u00a0<em>limes<\/em>\u00a0tambi\u00e9n figura invariablemente como frontera temporal, ya que desencadena una l\u00f3gica tal que la alteridad del\u00a0<em>externo\u00a0<\/em>est\u00e9 espacialmente connotada pero tambi\u00e9n temporalmente definida<\/strong>: <\/span><\/p>\n<blockquote>\n<p style=\"text-align: justify;\"><span style=\"color: #008000;\"><strong><span style=\"font-size: 14pt;\">coincide siempre, desde el Imperio Romano hasta la invasi\u00f3n globalista, con otro lugar que todav\u00eda no es\u00a0<em>interno<\/em>, pero que inevitablemente, tarde o temprano, est\u00e1 destinado a serlo.<\/span><\/strong><\/span><\/p>\n<\/blockquote>\n<p>&nbsp;<\/p>\n<p><a href=\"https:\/\/puntocritico.com\/ausajpuntocritico\/2023\/05\/06\/corrupta-roma-el-derecho-romano\/\" target=\"_blank\" rel=\"noopener\" data-schema-attribute=\"\"><img loading=\"lazy\" decoding=\"async\" class=\"aligncenter wp-image-2273018\" src=\"https:\/\/puntocritico.com\/ausajpuntocritico\/wp-content\/uploads\/2023\/05\/Para-Portada-PPAL-D-Romano-300x199.jpg\" alt=\"\" width=\"480\" height=\"319\" srcset=\"https:\/\/puntocritico.com\/ausajpuntocritico\/wp-content\/uploads\/2023\/05\/Para-Portada-PPAL-D-Romano-300x199.jpg 300w, https:\/\/puntocritico.com\/ausajpuntocritico\/wp-content\/uploads\/2023\/05\/Para-Portada-PPAL-D-Romano-610x405.jpg 610w, https:\/\/puntocritico.com\/ausajpuntocritico\/wp-content\/uploads\/2023\/05\/Para-Portada-PPAL-D-Romano-678x452.jpg 678w, https:\/\/puntocritico.com\/ausajpuntocritico\/wp-content\/uploads\/2023\/05\/Para-Portada-PPAL-D-Romano.jpg 680w\" sizes=\"auto, (max-width: 480px) 100vw, 480px\" \/><\/a><\/p>\n<p>&nbsp;<\/p>\n<p style=\"text-align: justify;\"><span style=\"font-size: 14pt;\"><strong>Los tecn\u00f3cratas de los espacios <em>cosmopolitizados<\/em> derriban todas las fronteras que podr\u00edan, mediante una pol\u00edtica soberana, gobernar, limitar y disciplinar la libre circulaci\u00f3n y los mecanismos cada vez m\u00e1s desp\u00f3ticos y dist\u00f3picos del mercado<\/strong>, de modo que nada se sustraiga a las garras abstractamente civilizadoras y concretamente colonizadoras del capital cosmopolita y sin fronteras.<\/span><\/p>\n<p>&nbsp;<\/p>\n<blockquote>\n<p style=\"text-align: center;\"><span style=\"font-size: 14pt; color: #008000;\"><strong>Que nada se sustraiga a las garras abstractamente civilizadoras y concretamente colonizadoras del capital cosmopolita y sin fronteras<\/strong><\/span><\/p>\n<\/blockquote>\n<p>&nbsp;<\/p>\n<p style=\"text-align: justify;\"><span style=\"font-size: 14pt;\">La <strong>analog\u00eda con el\u00a0<em>limes<\/em>\u00a0del Imperio Romano<\/strong> <strong>parece heur\u00edsticamente fecunda, a partir de una consideraci\u00f3n de los\u00a0<em>Fasti<\/em>\u00a0de<\/strong>\u00a0<strong>Ovidio<\/strong>: <\/span><\/p>\n<blockquote>\n<p style=\"text-align: justify;\"><span style=\"color: #008000;\"><strong><span style=\"font-size: 14pt;\">\u201c<em>gentibus est aliis tellus data limite certo: Romanae spatium est Urbis et orbis\u00a0\u00eddem<\/em>\u201d.<\/span><\/strong><\/span><\/p>\n<p style=\"text-align: justify;\"><span style=\"color: #008000;\"><strong><span style=\"font-size: 14pt;\">(\u201c<em>a los otros pueblos se les dieron tierras con l\u00edmites ciertos: mientras que el espacio Romano de la Ciudad y el Orbe es lo mismo<\/em>\u201d).<\/span><\/strong><\/span><\/p>\n<\/blockquote>\n<p>&nbsp;<\/p>\n<figure id=\"attachment_2208012\" aria-describedby=\"caption-attachment-2208012\" style=\"width: 440px\" class=\"wp-caption aligncenter\"><img loading=\"lazy\" decoding=\"async\" class=\"wp-image-2208012\" src=\"https:\/\/puntocritico.com\/ausajpuntocritico\/wp-content\/uploads\/2021\/05\/Augusto-1.jpg\" alt=\"\" width=\"440\" height=\"285\" \/><figcaption id=\"caption-attachment-2208012\" class=\"wp-caption-text\"><span style=\"color: #008000;\">Octaviano, el ganador del \u201cSupervivientes\u201d romano que se llam\u00f3 \u201cGuerras civiles\u201d<\/span><\/figcaption><\/figure>\n<p>&nbsp;<\/p>\n<p style=\"text-align: justify;\"><span style=\"font-size: 14pt;\">La globalizaci\u00f3n, en cuanto americanizaci\u00f3n del mundo, coincide con <strong>el\u00a0<em>limes<\/em>\u00a0m\u00f3vil<\/strong> que el Imperio de\u00a0<em>las barras y las estrellas<\/em>\u00a0mueve, <strong>librando a menudo guerras donde encuentra resistencias y tildando con el ep\u00edteto de \u201c<em>canalla<\/em>\u201d a cualquier gobierno que reivindique sus propias fronteras, su propia soberan\u00eda y su propia indisponibilidad a la injerencia occidental<\/strong>.\u00a0<\/span><\/p>\n<p style=\"text-align: justify;\"><span style=\"font-size: 14pt;\">Por eso, <strong>el\u00a0<em>limes\u00a0<\/em>de la globalizaci\u00f3n coincide con la frontera en movimiento de la americanizaci\u00f3n del mundo<\/strong>. <\/span><\/p>\n<p>&nbsp;<\/p>\n<blockquote>\n<p style=\"text-align: center;\"><strong><span style=\"font-size: 14pt; color: #008000;\">Por eso, el\u00a0<em>limes\u00a0<\/em>de la globalizaci\u00f3n coincide con la frontera en movimiento de la americanizaci\u00f3n del mundo.<\/span><\/strong><\/p>\n<\/blockquote>\n<p>&nbsp;<\/p>\n<p style=\"text-align: justify;\"><span style=\"font-size: 14pt;\"><strong>La historia estadounidense es en s\u00ed misma, en gran medida, la historia del mito de la frontera m\u00f3vil<\/strong>, como la cant\u00f3\u00a0<strong>Jackson Turner<\/strong>\u00a0en\u00a0<em>The Frontier in American History<\/em>\u00a0(1920), el creador del mito de la disponibilidad de espacio vac\u00edo e infinito para englobar.<\/span><\/p>\n<p style=\"text-align: justify;\"><span style=\"font-size: 14pt;\"><strong>El hecho de que, en 2001, el\u00a0<em>Imperio del d\u00f3lar<\/em>\u00a0apodase con la etiqueta\u00a0<em>Infinite Justice<\/em>\u00a0su propio proyecto de movimiento ilimitado del\u00a0<em>limes<\/em>\u00a0es, de por s\u00ed, evocador<\/strong>: <\/span><\/p>\n<blockquote>\n<p style=\"text-align: justify;\"><span style=\"color: #008000;\"><strong><span style=\"font-size: 14pt;\">no s\u00f3lo porque la justicia, no por casualidad representada mediante la imagen de la balanza, es por su esencia el arte de la medida y del l\u00edmite, sino tambi\u00e9n porque la celebraci\u00f3n de una justicia contradictoriamente llamada \u201c<em>infinita<\/em>\u201d revelaba el enga\u00f1o de la invasi\u00f3n imperialista festejada como ben\u00e9fica.<\/span><\/strong><\/span><\/p>\n<\/blockquote>\n<p>&nbsp;<\/p>\n<figure id=\"attachment_2311881\" aria-describedby=\"caption-attachment-2311881\" style=\"width: 282px\" class=\"wp-caption aligncenter\"><img loading=\"lazy\" decoding=\"async\" class=\"wp-image-2311881 size-mh-magazine-content\" src=\"https:\/\/puntocritico.com\/ausajpuntocritico\/wp-content\/uploads\/2025\/09\/Clepsidra-Reloj-de-agua-282x381.jpg\" alt=\"\" width=\"282\" height=\"381\" \/><figcaption id=\"caption-attachment-2311881\" class=\"wp-caption-text\"><span style=\"color: #008000;\">En la antigua Roma, las clepsidras se utilizaban para medir el tiempo y regular la duraci\u00f3n de los discursos en juicios y asambleas, as\u00ed como para se\u00f1alar las guardias nocturnas durante las campa\u00f1as militares. Aunque el origen de la clepsidra se remonta a Egipto y Babilonia, los romanos adoptaron y adaptaron esta tecnolog\u00eda para diversas actividades<\/span><\/figcaption><\/figure>\n<p>&nbsp;<\/p>\n<p style=\"text-align: justify;\"><span style=\"font-size: 14pt;\"><strong>El orden mental hoy imperante repite que la frontera favorece las guerras<\/strong>; no obstante, sabemos que, hist\u00f3ricamente, la demarcaci\u00f3n de una frontera clara es casi siempre el gesto que llevan a cabo dos pueblos que, despu\u00e9s de haber combatido, estipulan la paz.<\/span><\/p>\n<p>&nbsp;<\/p>\n<blockquote>\n<p style=\"text-align: center;\"><span style=\"color: #008000;\"><strong><span style=\"font-size: 14pt;\">Hist\u00f3ricamente, la demarcaci\u00f3n de una frontera clara es casi siempre el gesto que llevan a cabo dos pueblos que, despu\u00e9s de haber combatido, estipulan la paz.<\/span><\/strong><\/span><\/p>\n<\/blockquote>\n<p>&nbsp;<\/p>\n<p style=\"text-align: justify;\"><span style=\"font-size: 14pt;\">Como asimismo hemos aprendido la lecci\u00f3n de la historia que nos ha ense\u00f1ado -tambi\u00e9n con la <em>globalizaci\u00f3n<\/em>&#8211; que <strong>la demolici\u00f3n de las fronteras habitualmente coincide con el gesto del conquistador, del colonizador, del imperialista<\/strong>.<\/span><\/p>\n<p style=\"text-align: justify;\"><span style=\"font-size: 14pt;\">El mercado \u00fanico y el modelo monopolista de existencia y de pensamiento son las dos caras del mismo proceso de globalizaci\u00f3n, como desarticulaci\u00f3n del derecho a la diferencia y como simult\u00e1neo despliegue global de\u00a0<em>lo inaut\u00e9ntico<\/em>\u00a0y de\u00a0<em>lo mismo<\/em>.\u00a0<\/span><span style=\"font-size: 14pt;\">En ellos se expresa la <strong>pulsi\u00f3n globalista hacia lo indiferenciado y lo ilimitado<\/strong>, hacia la <strong>aniquilaci\u00f3n de todo lo que a\u00fan no sea af\u00edn al mercado y a su antropolog\u00eda cosificada<\/strong>.<\/span><\/p>\n<p>&nbsp;<\/p>\n<blockquote>\n<p style=\"text-align: center;\"><span style=\"color: #008000;\"><strong><span style=\"font-size: 14pt;\">El mercado \u00fanico y el modelo monopolista de existencia y de pensamiento son las dos caras del mismo proceso de globalizaci\u00f3n, como desarticulaci\u00f3n del derecho a la diferencia y como simult\u00e1neo despliegue global de\u00a0<em>lo inaut\u00e9ntico<\/em>\u00a0y de\u00a0<em>lo mismo.<\/em><\/span><\/strong><\/span><\/p>\n<\/blockquote>\n<p>&nbsp;<\/p>\n<p style=\"text-align: justify;\"><span style=\"font-size: 14pt;\">La aspiraci\u00f3n del sistema de necesidades\u00a0<em>deseticizado<\/em>\u00a0es la creaci\u00f3n de\u00a0<em>a single market without barriers, visible or invisible<\/em>, \u201c<em>un mercado \u00fanico abierto y sin barreras, visibles o invisibles<\/em>\u201d (<em>en palabras de\u00a0<strong>Margaret Thatcher<\/strong>, 18-4-1988<\/em>): por tanto no s\u00f3lo\u00a0<em>sin muros<\/em>, sino tambi\u00e9n\u00a0<em>sin fronteras<\/em>.<\/span><\/p>\n<p style=\"text-align: justify;\"><span style=\"font-size: 14pt;\"><strong>Connatural a la metaf\u00edsica de lo ilimitado, la invasi\u00f3n real y simb\u00f3lica del capital, o sea su praxis ininterrumpida de superaci\u00f3n de <em>fronteras<\/em> y destrucci\u00f3n de barreras, se despliega\u00a0<em>in actu<\/em>\u00a0en la\u00a0<em>desidentificaci\u00f3n<\/em><\/strong>: <\/span><\/p>\n<blockquote>\n<p style=\"text-align: justify;\"><span style=\"color: #008000;\"><strong><span style=\"font-size: 14pt;\">la cual es, por su esencia, aniquilaci\u00f3n de aquellas barreras simb\u00f3licas que, arraigadas en la cultura y en la comunidad, en la historia y la tradici\u00f3n, representan un poderoso dique de resistencia a la propagaci\u00f3n de la forma mercanc\u00eda y del nuevo orden mental.<\/span><\/strong><\/span><\/p>\n<\/blockquote>\n<p>&nbsp;<\/p>\n<p style=\"text-align: justify;\"><span style=\"font-size: 14pt;\"><strong>La aversi\u00f3n globalcapitalista por las <em>fronteras<\/em> es la propia del invasor<\/strong> hacia cada limitaci\u00f3n y cada control que encuentra en su camino.<\/span><\/p>\n<p>&nbsp;<\/p>\n<blockquote>\n<p style=\"text-align: center;\"><span style=\"color: #008000;\"><strong><span style=\"font-size: 14pt;\">Las formas can\u00f3nicas del poder frecuentemente han tratado de marcar, por medio de muros, la diferencia con el\u00a0<em>Otro<\/em>, excluy\u00e9ndolo por considerarlo peligroso, inferior, in\u00fatil<\/span><\/strong><\/span><\/p>\n<\/blockquote>\n<p>&nbsp;<\/p>\n<p style=\"text-align: justify;\"><span style=\"font-size: 14pt;\">Las formas can\u00f3nicas del poder frecuentemente han tratado de marcar, por medio de muros, la diferencia con el\u00a0<em>Otro<\/em>, excluy\u00e9ndolo por considerarlo peligroso, inferior, in\u00fatil. <strong>Con el capital, despu\u00e9s de 1989, se registra la primera forma de poder que asume como eje de su propia violencia la demolici\u00f3n progresiva de todos los muros para s\u00ed y la creaci\u00f3n de cada vez m\u00e1s nuevos muros para los dem\u00e1s<\/strong>.<\/span><\/p>\n<p>&nbsp;<\/p>\n<p><img loading=\"lazy\" decoding=\"async\" class=\"aligncenter wp-image-2310896\" src=\"https:\/\/puntocritico.com\/ausajpuntocritico\/wp-content\/uploads\/2025\/08\/PODER-JUDICIAL-SIN-CONTROL-PPAL-300x199.jpg\" alt=\"\" width=\"440\" height=\"292\" srcset=\"https:\/\/puntocritico.com\/ausajpuntocritico\/wp-content\/uploads\/2025\/08\/PODER-JUDICIAL-SIN-CONTROL-PPAL-300x199.jpg 300w, https:\/\/puntocritico.com\/ausajpuntocritico\/wp-content\/uploads\/2025\/08\/PODER-JUDICIAL-SIN-CONTROL-PPAL-678x452.jpg 678w, https:\/\/puntocritico.com\/ausajpuntocritico\/wp-content\/uploads\/2025\/08\/PODER-JUDICIAL-SIN-CONTROL-PPAL.jpg 680w\" sizes=\"auto, (max-width: 440px) 100vw, 440px\" \/><\/p>\n<p>&nbsp;<\/p>\n<p style=\"text-align: justify;\"><span style=\"font-size: 14pt;\">En otros t\u00e9rminos, <strong>la violencia del capital no radica en la exclusi\u00f3n, sino en la inclusi\u00f3n forzada<\/strong>: <\/span><\/p>\n<blockquote>\n<p style=\"text-align: justify;\"><strong><span style=\"font-size: 14pt; color: #008000;\">no impide\u00a0<em>acceder<\/em>, sino\u00a0<em>no acceder<\/em>.<\/span><\/strong><\/p>\n<\/blockquote>\n<p>&nbsp;<\/p>\n<p style=\"text-align: justify;\"><span style=\"font-size: 14pt;\">Seg\u00fan su l\u00f3gica\u00a0<em>all inclusive<\/em>, <strong>todo debe ser incluido y la exclusi\u00f3n, por motivos estrictamente econ\u00f3micos, debe tener lugar dentro de los muros del mundo sin fronteras<\/strong>. <\/span><\/p>\n<p style=\"text-align: justify;\"><span style=\"font-size: 14pt;\">Es cierto que ni siquiera a<strong> Alejandro Magno<\/strong> y, aunque de manera diferente, al <em>Imperio Romano<\/em>, les result\u00f3 ajena la pulsi\u00f3n a la invasi\u00f3n, que llamar\u00edamos <strong>imperialista<\/strong>: <\/span><\/p>\n<blockquote>\n<p style=\"text-align: justify;\"><span style=\"color: #008000;\"><strong><span style=\"font-size: 14pt;\">pero, en verdad, s\u00f3lo con el imperio del capital post-1989 se hace realidad en su sentido pleno, mediante una l\u00f3gica indeducible del pasado, la<em> cosm\u00f3polis mercadista<\/em>.<\/span><\/strong><\/span><\/p>\n<\/blockquote>\n<p>&nbsp;<\/p>\n<p style=\"text-align: justify;\"><span style=\"font-size: 14pt;\"><strong>El\u00a0<em>Otro de s\u00ed<\/em><\/strong>, que el muro petrifica en<strong> extra\u00f1o con el que no hay m\u00e1s relaci\u00f3n que la de la exclusi\u00f3n<\/strong>, se vuelve con la invasi\u00f3n capitalista\u00a0<em>lo mismo<\/em>, lo homologado, lo asimilado neg\u00e1ndose a\u00a0<em>S\u00ed mismo<\/em>.\u00a0<\/span><\/p>\n<p style=\"text-align: justify;\"><span style=\"font-size: 14pt;\"><strong>El muro niega la relaci\u00f3n del\u00a0<em>S\u00ed<\/em>\u00a0<em>mismo\u00a0<\/em>con el\u00a0<em>Otro<\/em>\u00a0excluyendo a este \u00faltimo, la invasi\u00f3n reduci\u00e9ndolo al grado de duplicaci\u00f3n del\u00a0<em>S\u00ed<\/em>\u00a0<\/strong><em><strong>mismo<\/strong>.<\/em>\u00a0<\/span><\/p>\n<p>&nbsp;<\/p>\n<blockquote>\n<p style=\"text-align: center;\"><strong><span style=\"font-size: 14pt; color: #008000;\">El\u00a0<em>Otro de s\u00ed<\/em>, que el muro petrifica en extra\u00f1o con el que no hay m\u00e1s relaci\u00f3n que la de la exclusi\u00f3n, se vuelve con la invasi\u00f3n capitalista\u00a0<em>lo mismo<\/em>, lo homologado, lo asimilado neg\u00e1ndose a\u00a0<em>S\u00ed mismo<\/em>.<\/span><\/strong><\/p>\n<\/blockquote>\n<p>&nbsp;<\/p>\n<p><img loading=\"lazy\" decoding=\"async\" class=\"aligncenter wp-image-2244939\" src=\"https:\/\/puntocritico.com\/ausajpuntocritico\/wp-content\/uploads\/2022\/04\/Canceladas-las-bailarinas-de-DEGAS-por-ser-RUSAS-300x294.jpg\" alt=\"\" width=\"330\" height=\"324\" srcset=\"https:\/\/puntocritico.com\/ausajpuntocritico\/wp-content\/uploads\/2022\/04\/Canceladas-las-bailarinas-de-DEGAS-por-ser-RUSAS-300x294.jpg 300w, https:\/\/puntocritico.com\/ausajpuntocritico\/wp-content\/uploads\/2022\/04\/Canceladas-las-bailarinas-de-DEGAS-por-ser-RUSAS.jpg 376w\" sizes=\"auto, (max-width: 330px) 100vw, 330px\" \/><\/p>\n<p>&nbsp;<\/p>\n<p style=\"text-align: justify;\"><span style=\"font-size: 14pt;\"><strong>En el primer caso, la relaci\u00f3n es negada por la inaceptabilidad del\u00a0<em>Otro<\/em>; en el segundo, por su ahora consumada indistinci\u00f3n del\u00a0<em>S\u00ed<\/em>\u00a0<\/strong><em><strong>mismo<\/strong>.<\/em>\u00a0<\/span><span style=\"font-size: 14pt;\">Con el muro la relaci\u00f3n se da como negada\u00a0<em>a priori<\/em>, con la invasi\u00f3n como suprimida a trav\u00e9s de la neutralizaci\u00f3n del\u00a0<em>Otro<\/em>.<\/span><\/p>\n<p>&nbsp;<\/p>\n<blockquote>\n<p style=\"text-align: center;\"><span style=\"color: #008000;\"><strong><span style=\"font-size: 14pt;\">Con el muro la relaci\u00f3n se da como negada\u00a0<em>a priori<\/em>, con la invasi\u00f3n como suprimida a trav\u00e9s de la neutralizaci\u00f3n del\u00a0<em>Otro<\/em>.<\/span><\/strong><\/span><\/p>\n<\/blockquote>\n<p>&nbsp;<\/p>\n<p style=\"text-align: justify;\"><span style=\"font-size: 14pt;\">Como vemos, <strong>el capital avanza en conjunto derribando los muros<\/strong> que obstaculizan la <em>omnimercadizaci\u00f3n<\/em> y, a su vez, creando otros nuevos funcionales a la misma l\u00f3gica de <em>autovalorizaci\u00f3n del valor<\/em>. <\/span><\/p>\n<p style=\"text-align: justify;\"><span style=\"font-size: 14pt;\"><strong>En la lucha contra los muros est\u00e1 el coraz\u00f3n del elemento emancipador del capital, en el sentido\u00a0<em>marxiano<\/em><\/strong>; eso hace posible la unificaci\u00f3n del globo (<em>aunque s\u00f3lo sea en forma cosificada<\/em>), abatiendo los tradicionales muros infranqueables. En la eliminaci\u00f3n de las fronteras se halla, sin embargo, el elemento desenmancipador del capital que, de esta forma, pervierte la unificaci\u00f3n del mundo en su homologaci\u00f3n desidentificadora. <\/span><\/p>\n<p>&nbsp;<\/p>\n<blockquote>\n<p style=\"text-align: center;\"><span style=\"font-size: 14pt; color: #008000;\"><strong>En la eliminaci\u00f3n de las fronteras se halla, sin embargo, el elemento desenmancipador del capital que, de esta forma, pervierte la unificaci\u00f3n del mundo en su homologaci\u00f3n desidentificadora.<\/strong> <\/span><\/p>\n<\/blockquote>\n<p>&nbsp;<\/p>\n<p><a href=\"https:\/\/puntocritico.com\/ausajpuntocritico\/2024\/10\/10\/albert-o-hirschman\/\" target=\"_blank\" rel=\"noopener\" data-schema-attribute=\"\"><img loading=\"lazy\" decoding=\"async\" class=\"aligncenter wp-image-2301639\" src=\"https:\/\/puntocritico.com\/ausajpuntocritico\/wp-content\/uploads\/2024\/10\/joaquin.pena_.siles_humanistic_person_measuring_the_world-PPAL-Hirschman-300x169.jpg\" alt=\"\" width=\"480\" height=\"270\" srcset=\"https:\/\/puntocritico.com\/ausajpuntocritico\/wp-content\/uploads\/2024\/10\/joaquin.pena_.siles_humanistic_person_measuring_the_world-PPAL-Hirschman-300x169.jpg 300w, https:\/\/puntocritico.com\/ausajpuntocritico\/wp-content\/uploads\/2024\/10\/joaquin.pena_.siles_humanistic_person_measuring_the_world-PPAL-Hirschman.jpg 678w\" sizes=\"auto, (max-width: 480px) 100vw, 480px\" \/><\/a><\/p>\n<p>&nbsp;<\/p>\n<p style=\"text-align: justify;\"><span style=\"font-size: 14pt;\"><strong>La demolici\u00f3n del muro como negaci\u00f3n de la relaci\u00f3n<\/strong> <strong>deber\u00eda, en cambio, ir acompa\u00f1ada de la protecci\u00f3n de la frontera como demarcaci\u00f3n entre las identidades y las culturas, los modos de vida y de pensamiento<\/strong>.\u00a0<\/span><\/p>\n<p style=\"text-align: justify;\"><span style=\"font-size: 14pt;\">Incluso en esto, <strong>el capital se revela en su esencia como un indisoluble entramado de emancipaci\u00f3n y desemancipaci\u00f3n, de progreso y barbarie, de humanizaci\u00f3n y deshumanizaci\u00f3n<\/strong>: <\/span><\/p>\n<blockquote>\n<p style=\"text-align: justify;\"><strong><span style=\"font-size: 14pt; color: #008000;\">cada una de las dos componentes es inseparable de la otra mientras permanezca dentro del orden de producci\u00f3n capitalista.<\/span><\/strong><\/p>\n<\/blockquote>\n<p>&nbsp;<\/p>\n<p style=\"text-align: justify;\"><span style=\"font-size: 14pt;\">Y as\u00ed, el <strong>capital derriba los muros -que hist\u00f3ricamente ha utilizado- sin poder preservar las fronteras<\/strong>; <strong>combate el nacionalismo<\/strong> -que fue tambi\u00e9n su motor de desarrollo-<strong> sin poder mantener con vida a las naciones<\/strong>; lucha contra la <em>xenofobia<\/em> \u2013que tantas veces ha hecho suya en la historia\u2013 sin ser capaz de mantener vivas las identidades. <\/span><\/p>\n<p style=\"text-align: justify;\"><span style=\"font-size: 14pt;\">En una palabra, <strong>elimina con la patolog\u00eda el cuerpo sano, que siempre parece haber despreciado<\/strong>: <\/span><\/p>\n<blockquote>\n<p style=\"text-align: justify;\"><strong><span style=\"font-size: 14pt; color: #008000;\">destruye la frontera, primero pervirti\u00e9ndola en un muro, luego desintegr\u00e1ndola como si ella misma fuera un muro; <\/span><\/strong><\/p>\n<p style=\"text-align: justify;\"><strong><span style=\"font-size: 14pt; color: #008000;\">disuelve las identidades, primero degener\u00e1ndolas en la xenofobia y luego liquid\u00e1ndolas como si fueran intr\u00ednsecamente xen\u00f3fobas; <\/span><\/strong><\/p>\n<p style=\"text-align: justify;\"><strong><span style=\"font-size: 14pt; color: #008000;\">descompone las naciones, primero transform\u00e1ndolas en nacionalismo beligerante y luego neutraliz\u00e1ndolas como si ellas mismas coincidieran enteramente con el nacionalismo.<\/span><\/strong><\/p>\n<\/blockquote>\n<p>&nbsp;<\/p>\n<p><a href=\"https:\/\/puntocritico.com\/ausajpuntocritico\/2022\/12\/29\/asi-hablo-zarathustra-por-friedrich-nietzsche-2\/\" target=\"_blank\" rel=\"noopener\" data-schema-attribute=\"\"><img loading=\"lazy\" decoding=\"async\" class=\"aligncenter wp-image-2298334\" src=\"https:\/\/puntocritico.com\/ausajpuntocritico\/wp-content\/uploads\/2024\/05\/2016FILOSOFIAFITNESS_Nietzsche-212x300.jpg\" alt=\"\" width=\"260\" height=\"368\" srcset=\"https:\/\/puntocritico.com\/ausajpuntocritico\/wp-content\/uploads\/2024\/05\/2016FILOSOFIAFITNESS_Nietzsche-212x300.jpg 212w, https:\/\/puntocritico.com\/ausajpuntocritico\/wp-content\/uploads\/2024\/05\/2016FILOSOFIAFITNESS_Nietzsche-723x1024.jpg 723w, https:\/\/puntocritico.com\/ausajpuntocritico\/wp-content\/uploads\/2024\/05\/2016FILOSOFIAFITNESS_Nietzsche.jpg 768w\" sizes=\"auto, (max-width: 260px) 100vw, 260px\" \/><\/a><\/p>\n<p>&nbsp;<\/p>\n<p style=\"text-align: justify;\"><span style=\"font-size: 14pt;\">Tambi\u00e9n en esto reside la f<strong>uerza magn\u00e9tica de atracci\u00f3n que la ideolog\u00eda capitalista hoy parece ejercer sobre aquel cuadrante de la pol\u00edtica y de la clase intelectual<\/strong> que, durante parte de su aventura hist\u00f3rica, hab\u00eda mantenido respecto al capital relaciones de ostentosa enemistad: <\/span><\/p>\n<blockquote>\n<p style=\"text-align: justify;\"><span style=\"color: #008000;\"><strong><span style=\"font-size: 14pt;\">la\u00a0<em>new left<\/em>\u00a0liberal y posmoderna, pasada del\u00a0<em>rojo<\/em>\u00a0al\u00a0<em>arco\u00edris<\/em>, se deja seducir por el logo \u00fanico liberal, hasta el punto de hacer suyas las mismas batallas, porque se enga\u00f1a pensando que combate el nacionalismo combatiendo a la naci\u00f3n, la xenofobia luchando contra la identidad y,<em> \u00e7a va sans dire<\/em>, los muros declarando la guerra a las fronteras.<\/span><\/strong><\/span><\/p>\n<\/blockquote>\n<p>&nbsp;<\/p>\n<p style=\"text-align: justify;\"><span style=\"font-size: 14pt;\">Una vez m\u00e1s, l<strong>a nueva izquierda liberal confunde el internacionalismo socialista (<em>que presupone los Estados nacionales<\/em>) con la cosmopolitizaci\u00f3n posnacional del capital, la igualdad socialista con la homologaci\u00f3n capitalista<\/strong> <strong>y<\/strong>,\u00a0<em>dulcis in fundo<\/em>, <strong>la frontera con el muro<\/strong>, convencida de que <strong>la \u00fanica \u201c<em>cura<\/em>\u201d posible para ambos reside en la invasi\u00f3n mercadista<\/strong>.<\/span><\/p>\n<p>&nbsp;<\/p>\n<blockquote>\n<p style=\"text-align: center;\"><span style=\"color: #008000;\"><strong><span style=\"font-size: 14pt;\">Una vez m\u00e1s, la nueva izquierda liberal confunde el internacionalismo socialista\u00a0con la cosmopolitizaci\u00f3n posnacional del capital, la igualdad socialista con la homologaci\u00f3n capitalista y la frontera con el muro<\/span><\/strong><\/span><\/p>\n<\/blockquote>\n<p>&nbsp;<\/p>\n<p style=\"text-align: justify;\"><span style=\"font-size: 14pt;\">Por esta raz\u00f3n -y el presente ofrece una imagen desoladora de ello- <strong>el mundo dentro del capital siempre oscila entre los opuestos igualmente unilaterales de la invasi\u00f3n y el confinamiento<\/strong> <strong>mediante <\/strong><\/span><\/p>\n<blockquote>\n<p style=\"text-align: justify;\"><strong><span style=\"font-size: 14pt; color: #008000;\">la reconstrucci\u00f3n de muros, de la xenofobia y la disoluci\u00f3n de las identidades, del nacionalismo y la aniquilaci\u00f3n de las naciones.<\/span><\/strong><\/p>\n<\/blockquote>\n<p>&nbsp;<\/p>\n<p style=\"text-align: justify;\"><span style=\"font-size: 14pt;\">Como se ha vislumbrado, <strong>la frontera hace posible lo que, por v\u00eda opuesta, neutralizan el muro y la invasi\u00f3n<\/strong>: <\/span><\/p>\n<blockquote>\n<p style=\"text-align: justify;\"><span style=\"color: #008000;\"><strong><span style=\"font-size: 14pt;\">la identidad, como realidad relacional; <\/span><\/strong><\/span><\/p>\n<p style=\"text-align: justify;\"><span style=\"color: #008000;\"><strong><span style=\"font-size: 14pt;\">la unidad como Totalidad diferenciada; <\/span><\/strong><\/span><\/p>\n<p style=\"text-align: justify;\"><span style=\"color: #008000;\"><strong><span style=\"font-size: 14pt;\">y la relaci\u00f3n, no negada por la opresi\u00f3n tanto de la invasi\u00f3n como de la exclusi\u00f3n a causa del muro.<\/span><\/strong><\/span><\/p>\n<\/blockquote>\n<p>&nbsp;<\/p>\n<p><a href=\"https:\/\/puntocritico.com\/ausajpuntocritico\/2022\/12\/05\/conductismo-y-condicionamiento-operante\/\" target=\"_blank\" rel=\"noopener\" data-schema-attribute=\"\"><img loading=\"lazy\" decoding=\"async\" class=\"aligncenter wp-image-2262464\" src=\"https:\/\/puntocritico.com\/ausajpuntocritico\/wp-content\/uploads\/2022\/12\/Conductismo-y-manipulacion-de-menores-300x241.png\" alt=\"\" width=\"400\" height=\"322\" srcset=\"https:\/\/puntocritico.com\/ausajpuntocritico\/wp-content\/uploads\/2022\/12\/Conductismo-y-manipulacion-de-menores-300x241.png 300w, https:\/\/puntocritico.com\/ausajpuntocritico\/wp-content\/uploads\/2022\/12\/Conductismo-y-manipulacion-de-menores.png 449w\" sizes=\"auto, (max-width: 400px) 100vw, 400px\" \/><\/a><\/p>\n<p>&nbsp;<\/p>\n<p style=\"text-align: justify;\"><span style=\"font-size: 14pt;\"><strong>El identitarismo tribal procede con la identidad de manera an\u00e1loga al muro con la frontera<\/strong>. Es el <em>\u03c6\u03ac\u03c1\u03bc\u03b1\u03ba\u03bf\u03bd<\/em> (<em>f\u00e1rmaco<\/em>) que pretende \u201c<em>cu<\/em><\/span><span style=\"font-size: 14pt;\"><em>rar<\/em>\u201d y \u201c<em>proteger<\/em>\u201d lo que, en cambio, acaba por \u201c<em>envenenar<\/em>\u201d y \u201c<em>matar<\/em>\u201d. El muro, como el identitarismo regresivo que lo celebra y a veces empuja a construirlo, <strong>produce, revitaliza o lleva al extremo una figura identitaria no por medio de la relaci\u00f3n con el\u00a0<em>Otro<\/em>, sino a trav\u00e9s de su exclusi\u00f3n<\/strong>. <\/span><\/p>\n<p>&nbsp;<\/p>\n<blockquote>\n<p style=\"text-align: center;\"><strong><span style=\"font-size: 14pt; color: #008000;\">El muro, como el identitarismo regresivo que lo celebra y a veces empuja a construirlo, produce, revitaliza o lleva al extremo una figura identitaria no por medio de la relaci\u00f3n con el\u00a0<em>Otro<\/em>, sino a trav\u00e9s de su exclusi\u00f3n.<\/span><\/strong><\/p>\n<\/blockquote>\n<p>&nbsp;<\/p>\n<p style=\"text-align: justify;\"><span style=\"font-size: 14pt;\"><strong>Si la frontera y la identidad son por esencia una relaci\u00f3n, el muro y el identitarismo son una relaci\u00f3n negada<\/strong>. O, m\u00e1s precisamente, son una frontera y una identidad petrificadas y r\u00edgidas en la forma de la exclusi\u00f3n de la diferencia; pero sin diferencia la identidad no existe, del mismo modo que en ausencia de la relaci\u00f3n con la alteridad no puede existir la frontera.<\/span><\/p>\n<p>&nbsp;<\/p>\n<blockquote>\n<p style=\"text-align: center;\"><span style=\"color: #008000;\"><strong><span style=\"font-size: 14pt;\">El muro y el identitarismo son una relaci\u00f3n negada. <\/span><\/strong><\/span><\/p>\n<p style=\"text-align: center;\"><span style=\"color: #008000;\"><strong><span style=\"font-size: 14pt;\">O, m\u00e1s precisamente, son una frontera y una identidad petrificadas y r\u00edgidas en la forma de la exclusi\u00f3n de la diferencia; pero sin diferencia la identidad no existe, del mismo modo que en ausencia de la relaci\u00f3n con la alteridad no puede existir la frontera.<\/span><\/strong><\/span><\/p>\n<\/blockquote>\n<p>&nbsp;<\/p>\n<figure id=\"attachment_2318755\" aria-describedby=\"caption-attachment-2318755\" style=\"width: 240px\" class=\"wp-caption aligncenter\"><a href=\"https:\/\/libreria.improntacasaeditora.com\/libro\/el-hombre-sin-inconsciente_12984\" target=\"_blank\" rel=\"noopener\" data-schema-attribute=\"\"><img loading=\"lazy\" decoding=\"async\" class=\"wp-image-2318755\" src=\"https:\/\/puntocritico.com\/ausajpuntocritico\/wp-content\/uploads\/2026\/03\/massimo-recalcati-El-hombre-sin-inconsciente-209x300.jpg\" alt=\"\" width=\"240\" height=\"344\" srcset=\"https:\/\/puntocritico.com\/ausajpuntocritico\/wp-content\/uploads\/2026\/03\/massimo-recalcati-El-hombre-sin-inconsciente-209x300.jpg 209w, https:\/\/puntocritico.com\/ausajpuntocritico\/wp-content\/uploads\/2026\/03\/massimo-recalcati-El-hombre-sin-inconsciente.jpg 418w\" sizes=\"auto, (max-width: 240px) 100vw, 240px\" \/><\/a><figcaption id=\"caption-attachment-2318755\" class=\"wp-caption-text\"><span style=\"color: #008000;\">EL HOMBRE SIN INCONSCIENTE, DE MASSIMO RECALCATI <\/span><\/figcaption><\/figure>\n<p>&nbsp;<\/p>\n<p style=\"text-align: justify;\"><span style=\"font-size: 14pt;\">Por eso, <strong>el muro aparece como productor de una alteridad espacial con connotaciones negativas<\/strong>, a menudo sobre la aprior\u00edstica base de<strong> quienes temen al\u00a0<em>Otro<\/em>\u00a0a\u00fan ignorando su identidad<\/strong>. <\/span><\/p>\n<p style=\"text-align: justify;\"><span style=\"font-size: 14pt;\">Se trata de la figura del \u201c<strong><em>delirio de contaminaci\u00f3n<\/em><\/strong>\u201d (<a href=\"https:\/\/ca.wikipedia.org\/wiki\/Massimo_Recalcati\" target=\"_blank\" rel=\"noopener\" data-schema-attribute=\"\"><strong>Massimo Recalcati<\/strong><\/a>), asentado sobre el miedo al\u00a0<em>Otro<\/em>\u00a0como temor a contaminar la propia pureza identitaria. <\/span><\/p>\n<p style=\"text-align: justify;\"><span style=\"font-size: 14pt;\">Pero, como ya deber\u00edamos haber aprendido, <strong>la identidad muere, no por la contaminaci\u00f3n que pudiera hacer posible la frontera, sino por la rigidez que genera el muro o por la disoluci\u00f3n puesta en marcha por la demolici\u00f3n de las fronteras<\/strong>.<\/span><\/p>\n<p style=\"text-align: justify;\"><span style=\"font-size: 14pt;\">En efecto, incluso la <strong><em>antropolog\u00eda<\/em> <\/strong>(<em>un nombre sobre todos: <\/em><a href=\"https:\/\/ca.wikipedia.org\/wiki\/Mary_Douglas\" target=\"_blank\" rel=\"noopener\" data-schema-attribute=\"\"><strong><em>Mary Douglas<\/em><\/strong><\/a>)\u00a0nos hace tomar conciencia del hecho de que <strong>la violaci\u00f3n de las fronteras es casi universalmente asociada a la idea de peligro y contaminaci\u00f3n<\/strong>.<\/span><\/p>\n<p>&nbsp;<\/p>\n<blockquote>\n<p style=\"text-align: center;\"><strong><span style=\"font-size: 14pt; color: #008000;\">El muro responde entonces de manera parox\u00edstica a la necesidad natural de defensa, haciendo valer de forma extrema la idea del extra\u00f1o como amenaza<\/span><\/strong><\/p>\n<\/blockquote>\n<p>&nbsp;<\/p>\n<p style=\"text-align: justify;\"><span style=\"font-size: 14pt;\">El muro responde entonces de manera parox\u00edstica a la necesidad natural de defensa, <strong>haciendo valer de forma extrema la idea del extra\u00f1o como amenaza<\/strong>, seg\u00fan la forma que el <em>mundo post-1989<\/em> ha codificado con la sugesti\u00f3n del<strong>\u00a0<\/strong><em><strong>clash of civilizations<\/strong>\u00a0<\/em>(<strong>Samuel Huntington<\/strong>).<\/span><\/p>\n<p>&nbsp;<\/p>\n<figure id=\"attachment_2318756\" aria-describedby=\"caption-attachment-2318756\" style=\"width: 220px\" class=\"wp-caption aligncenter\"><a href=\"https:\/\/es.wikipedia.org\/wiki\/Samuel_P._Huntington\" target=\"_blank\" rel=\"noopener\" data-schema-attribute=\"\"><img loading=\"lazy\" decoding=\"async\" class=\"wp-image-2318756\" src=\"https:\/\/puntocritico.com\/ausajpuntocritico\/wp-content\/uploads\/2026\/03\/clash-of-civilizations-Samuel-Huntington-197x300.jpg\" alt=\"\" width=\"220\" height=\"334\" srcset=\"https:\/\/puntocritico.com\/ausajpuntocritico\/wp-content\/uploads\/2026\/03\/clash-of-civilizations-Samuel-Huntington-197x300.jpg 197w, https:\/\/puntocritico.com\/ausajpuntocritico\/wp-content\/uploads\/2026\/03\/clash-of-civilizations-Samuel-Huntington-674x1024.jpg 674w, https:\/\/puntocritico.com\/ausajpuntocritico\/wp-content\/uploads\/2026\/03\/clash-of-civilizations-Samuel-Huntington-768x1168.jpg 768w, https:\/\/puntocritico.com\/ausajpuntocritico\/wp-content\/uploads\/2026\/03\/clash-of-civilizations-Samuel-Huntington-1010x1536.jpg 1010w, https:\/\/puntocritico.com\/ausajpuntocritico\/wp-content\/uploads\/2026\/03\/clash-of-civilizations-Samuel-Huntington-1347x2048.jpg 1347w, https:\/\/puntocritico.com\/ausajpuntocritico\/wp-content\/uploads\/2026\/03\/clash-of-civilizations-Samuel-Huntington-1320x2007.jpg 1320w, https:\/\/puntocritico.com\/ausajpuntocritico\/wp-content\/uploads\/2026\/03\/clash-of-civilizations-Samuel-Huntington.jpg 1684w\" sizes=\"auto, (max-width: 220px) 100vw, 220px\" \/><\/a><figcaption id=\"caption-attachment-2318756\" class=\"wp-caption-text\"><span style=\"color: #008000;\">Samuel P. Huntington, \u00abClash of civilizations\u00bb <\/span><\/figcaption><\/figure>\n<p>&nbsp;<\/p>\n<p style=\"text-align: justify;\"><span style=\"font-size: 14pt;\">El muro se convierte, as\u00ed, tambi\u00e9n en lo que era en la <em><strong>caverna<\/strong> <\/em>brumosa de <strong>Plat\u00f3n<\/strong>, vale decir el trasfondo proyectivo sobre el cual toman forma sombr\u00eda los miedos y las derivadas construcciones discursivas sustentadas sobre la idea de pureza y de exclusi\u00f3n del\u00a0<em>Otro<\/em>.<\/span><\/p>\n<p style=\"text-align: justify;\"><span style=\"font-size: 14pt;\">Sobre todo, <strong>concebir al\u00a0<em>Otro<\/em>\u00a0como peligro<\/strong> alimenta una \u201c<strong><em>fantas\u00eda de contenci\u00f3n<\/em><\/strong>\u201c, que encuentra en el <strong><em>muro<\/em> <\/strong>su representaci\u00f3n m\u00e1s s\u00f3lida en todos los sentidos. <\/span><\/p>\n<p style=\"text-align: justify;\"><span style=\"font-size: 14pt;\"><em><strong>El muro de Israel<\/strong><\/em>, entre tantos otros, responde al m\u00e1ximo a esta l\u00f3gica, ya que <strong>se justifica autopresent\u00e1ndose como protector para un\u00a0<em>oasis de civilizaci\u00f3n y democracia<\/em>\u00a0asediado por hordas de\u00a0<em>b\u00e1rbaros<\/em>\u00a0que presionan las fronteras<\/strong>.<\/span><\/p>\n<p>&nbsp;<\/p>\n<blockquote>\n<p style=\"text-align: center;\"><strong><span style=\"font-size: 14pt; color: #008000;\">El muro permite a quienes lo construyen\u00a0no pensarse como agresivos, violentos y violadores de los derechos humanos, porque proyectan estas prerrogativas sobre quienes est\u00e1n m\u00e1s all\u00e1 del muro<\/span><\/strong><\/p>\n<\/blockquote>\n<p>&nbsp;<\/p>\n<p style=\"text-align: justify;\"><span style=\"font-size: 14pt;\">Por lo tanto, <strong>el muro permite a quienes lo construyen<\/strong> -en el caso espec\u00edfico, <em>Israel<\/em>&#8211; <strong>no pensarse como agresivos, violentos y violadores de los derechos humanos<\/strong>, porque proyectan estas prerrogativas sobre quienes est\u00e1n m\u00e1s all\u00e1 del muro, esto es, sobre los palestinos. <\/span><\/p>\n<p style=\"text-align: justify;\"><span style=\"font-size: 14pt;\"><strong>\u00c9sta es la peculiaridad del perfil antropol\u00f3gico del\u00a0<em>homo munitus<\/em><\/strong>, el \u201c<em>sujeto fortificado<\/em>\u201d tematizado por\u00a0<strong>Greg Eghigian<\/strong>. Opuesto y complementario respecto al perfil del\u00a0<em>homo globalis<\/em>\u00a0con apertura ilimitada del imaginario, <strong>el\u00a0<em>homo munitus<\/em>\u00a0est\u00e1 aterrorizado, de forma paranoica<\/strong>, por la contaminaci\u00f3n, por la seguridad y por la decisi\u00f3n de excluir al\u00a0<em>Otro<\/em>.<\/span><\/p>\n<p>&nbsp;<\/p>\n<blockquote>\n<p style=\"text-align: center;\"><span style=\"font-size: 14pt; color: #008000;\"><strong><span style=\"font-size: 14pt;\">El <em>homo munitus<\/em>\u00a0est\u00e1 aterrorizado, de forma paranoica, por la contaminaci\u00f3n, por la seguridad y por la decisi\u00f3n de excluir al\u00a0<em>Otro<\/em>.<\/span><\/strong><\/span><\/p>\n<p style=\"text-align: center;\"><span style=\"font-size: 14pt; color: #008000;\"><strong>Pero, \u00bfpuede existir -debemos preguntarnos seriamente-\u2013 una identidad sin relaci\u00f3n con el <em>Otro<\/em>, sino s\u00f3lo mediante su exclusi\u00f3n?<\/strong> <\/span><\/p>\n<\/blockquote>\n<p>&nbsp;<\/p>\n<p style=\"text-align: justify;\"><span style=\"font-size: 14pt;\">Pero, \u00bfpuede existir -debemos preguntarnos seriamente- una identidad sin relaci\u00f3n con el <em>Otro<\/em>, sino s\u00f3lo mediante su exclusi\u00f3n? <strong>\u00bfPuede el\u00a0<em>Yo<\/em>\u00a0ser tal en ausencia de di\u00e1logo con el\u00a0<em>T\u00fa<\/em>?<\/strong> O, incluso, <strong>\u00bfpuede subsistir la identidad cuando se elimina su conexi\u00f3n con la diferencia? <\/strong><\/span><\/p>\n<p style=\"text-align: justify;\"><span style=\"font-size: 14pt;\">En su\u00a0<a href=\"https:\/\/es.scribd.com\/document\/332044084\/Identitet-i-politika-Furio-Cerutti-pdf\" target=\"_blank\" rel=\"noopener\" data-schema-attribute=\"\"><strong><em>Identit\u00e0 e Politica<\/em><\/strong>\u00a0(1996)<\/a>,\u00a0<strong>Furio Cerutti<\/strong>\u00a0ha esbozado la <strong>esencia de la identidad recordando el espejo y el muro<\/strong>. Variando sobre el tema, podr\u00edamos afirmar que la frontera es un espejo, una relaci\u00f3n mediada por la identificaci\u00f3n con respecto al\u00a0<em>Otro<\/em>\u00a0y por la conexi\u00f3n con su existencia.<\/span><\/p>\n<p>&nbsp;<\/p>\n<blockquote>\n<p style=\"text-align: center;\"><span style=\"color: #008000;\"><strong><span style=\"font-size: 14pt;\">La frontera es un espejo, una relaci\u00f3n mediada por la identificaci\u00f3n con respecto al\u00a0<em>Otro<\/em>\u00a0y por la conexi\u00f3n con su existencia<\/span><\/strong><\/span><\/p>\n<\/blockquote>\n<p>&nbsp;<\/p>\n<figure id=\"attachment_2318757\" aria-describedby=\"caption-attachment-2318757\" style=\"width: 440px\" class=\"wp-caption aligncenter\"><img loading=\"lazy\" decoding=\"async\" class=\"wp-image-2318757\" src=\"https:\/\/puntocritico.com\/ausajpuntocritico\/wp-content\/uploads\/2026\/03\/Identita-e-Politica-Furio-Cerutti-300x169.jpg\" alt=\"\" width=\"440\" height=\"248\" srcset=\"https:\/\/puntocritico.com\/ausajpuntocritico\/wp-content\/uploads\/2026\/03\/Identita-e-Politica-Furio-Cerutti-300x169.jpg 300w, https:\/\/puntocritico.com\/ausajpuntocritico\/wp-content\/uploads\/2026\/03\/Identita-e-Politica-Furio-Cerutti-1024x576.jpg 1024w, https:\/\/puntocritico.com\/ausajpuntocritico\/wp-content\/uploads\/2026\/03\/Identita-e-Politica-Furio-Cerutti-768x432.jpg 768w, https:\/\/puntocritico.com\/ausajpuntocritico\/wp-content\/uploads\/2026\/03\/Identita-e-Politica-Furio-Cerutti-678x381.jpg 678w, https:\/\/puntocritico.com\/ausajpuntocritico\/wp-content\/uploads\/2026\/03\/Identita-e-Politica-Furio-Cerutti.jpg 1280w\" sizes=\"auto, (max-width: 440px) 100vw, 440px\" \/><figcaption id=\"caption-attachment-2318757\" class=\"wp-caption-text\"><span style=\"color: #008000;\">Furio Cerutti\u00a0 <\/span><\/figcaption><\/figure>\n<p>&nbsp;<\/p>\n<blockquote>\n<p style=\"text-align: center;\"><strong><span style=\"font-size: 14pt; color: #008000;\">La identidad del\u00a0<em>Yo<\/em>\u00a0est\u00e1 ligada a lo que ve frente a\u00a0<em>S\u00ed<\/em>\u00a0en el espejo, o sea el juego incesante de intercambios y de referencias con el\u00a0<em>Otro de s\u00ed<\/em>.<\/span><\/strong><\/p>\n<\/blockquote>\n<p>&nbsp;<\/p>\n<p style=\"text-align: justify;\"><span style=\"font-size: 14pt;\">La identidad del\u00a0<em>Yo<\/em>\u00a0est\u00e1 ligada a lo que ve frente a\u00a0<em>S\u00ed<\/em>\u00a0en el espejo, o sea el juego incesante de intercambios y de referencias con el\u00a0<em>Otro de s\u00ed<\/em>.\u00a0<\/span><span style=\"font-size: 14pt;\"><strong>El muro<\/strong>, sin embargo,<strong> niega la dial\u00e9ctica del espejo<\/strong>: <\/span><\/p>\n<blockquote>\n<p style=\"text-align: justify;\"><strong><span style=\"font-size: 14pt; color: #008000;\">si con el espejo soy aquello que soy en base al intercambio con la imagen de la alteridad, con el muro se presume que<em>\u00a0Yo<\/em>\u00a0sea aquello que soy negando cualquier relaci\u00f3n con el\u00a0<em>Otro de m\u00ed<\/em>. En su ontolog\u00eda b\u00e1sica, el muro impide al\u00a0<em>Otro<\/em>\u00a0no s\u00f3lo acceder, sino tambi\u00e9n simplemente ser visto.<\/span><\/strong><\/p>\n<\/blockquote>\n<p>&nbsp;<\/p>\n<p style=\"text-align: justify;\"><span style=\"font-size: 14pt;\">Es decir, <strong>proh\u00edbe cualquier relaci\u00f3n, ya sea t\u00e1ctil o visual, con el cuerpo del\u00a0<em>Otro<\/em><\/strong>. Niega, por tanto, aquel proceso de\u00a0<em>Anerkennung\u00a0<\/em>(<em>reconocimiento<\/em>) que el espejo promueve.\u00a0<\/span><span style=\"font-size: 14pt;\">Con el espejo, la diferencia del\u00a0<em>Otro<\/em>\u00a0es a la vez\u00a0<em>ratio essendi\u00a0<\/em>y\u00a0<em>ratio cognoscendi<\/em>\u00a0de mi identidad. Con el muro, la diferencia del\u00a0<em>Otro<\/em>\u00a0existe, pero simplemente como cada vez de nuevo negada.<\/span><\/p>\n<p>&nbsp;<\/p>\n<blockquote>\n<p style=\"text-align: center;\"><strong><span style=\"font-size: 14pt; color: #008000;\">Con el espejo, la diferencia del\u00a0<em>Otro<\/em>\u00a0es a la vez\u00a0<em>ratio essendi\u00a0<\/em>y\u00a0<em>ratio cognoscendi<\/em>\u00a0de mi identidad. <\/span><\/strong><\/p>\n<p style=\"text-align: center;\"><strong><span style=\"font-size: 14pt; color: #008000;\">Con el muro, la diferencia del\u00a0<em>Otro<\/em>\u00a0existe, pero simplemente como cada vez de nuevo negada.<\/span><\/strong><\/p>\n<\/blockquote>\n<p>&nbsp;<\/p>\n<p style=\"text-align: justify;\"><span style=\"font-size: 14pt;\">Incluso, con el espejo se parte del presupuesto de que mi identidad est\u00e1\u00a0<em>in fieri<\/em>\u00a0y deba construirse en la relaci\u00f3n con el\u00a0<em>Otro<\/em>. <\/span><\/p>\n<p style=\"text-align: justify;\"><span style=\"font-size: 14pt;\"><strong>Con el muro, sin embargo, se presupone que mi identidad ya ha sido edificada para siempre, es decir, es dada y no construida<\/strong>, y que el\u00a0<em>Otro<\/em>, como quiera que se lo entienda (<em>enemigo o agresor, extranjero o inferior<\/em>), no s\u00f3lo no aporta nada de nuevo y de positivo, sino que potencialmente tambi\u00e9n puede constituir un peligro para lo que soy.\u00a0<\/span><span style=\"font-size: 14pt;\"><strong>El\u00a0<em>Yo<\/em>\u00a0de este lado del muro no debe relacionarse con el\u00a0<em>T\u00fa<\/em>\u00a0nada m\u00e1s que por exclusi\u00f3n<\/strong>: <\/span><\/p>\n<blockquote>\n<p style=\"text-align: justify;\"><strong><span style=\"font-size: 14pt; color: #008000;\">el muro debe, entonces, garantizarle inatacabilidad, protecci\u00f3n y seguridad.<\/span><\/strong><\/p>\n<\/blockquote>\n<p>&nbsp;<\/p>\n<p style=\"text-align: justify;\"><span style=\"font-size: 14pt;\"><strong>Para poder\u00a0<em>Ser<\/em>\u00a0necesita del muro y, por tanto, de la exclusi\u00f3n del\u00a0<em>Otro<\/em><\/strong>\u00a0en cada punto del que se compone la continuidad material del muro mismo. <\/span><\/p>\n<p style=\"text-align: justify;\"><span style=\"font-size: 14pt;\">Este \u00faltimo exhibe, en formas ostentosas cuando no <em>espectacularizadas<\/em>, la <strong>dial\u00e9ctica de una hostil negaci\u00f3n del\u00a0<em>Anerkennung<\/em>\u00a0(<em>reconocimiento<\/em>)<\/strong>, que tiene por presupuesto la <strong>idea de que la relaci\u00f3n no constituye la identidad, sino que la desintegra<\/strong>.<\/span><\/p>\n<p>&nbsp;<\/p>\n<p><img loading=\"lazy\" decoding=\"async\" class=\"aligncenter wp-image-20202\" src=\"https:\/\/puntocritico.com\/ausajpuntocritico\/wp-content\/uploads\/2019\/07\/DIEGO-FUSARO-PRINCIPAL-300x199.jpg\" alt=\"\" width=\"480\" height=\"319\" srcset=\"https:\/\/puntocritico.com\/ausajpuntocritico\/wp-content\/uploads\/2019\/07\/DIEGO-FUSARO-PRINCIPAL-300x199.jpg 300w, https:\/\/puntocritico.com\/ausajpuntocritico\/wp-content\/uploads\/2019\/07\/DIEGO-FUSARO-PRINCIPAL-678x452.jpg 678w, https:\/\/puntocritico.com\/ausajpuntocritico\/wp-content\/uploads\/2019\/07\/DIEGO-FUSARO-PRINCIPAL.jpg 680w\" sizes=\"auto, (max-width: 480px) 100vw, 480px\" \/><\/p>\n<p>&nbsp;<\/p>\n<p>&nbsp;<\/p>\n<p style=\"text-align: justify;\"><a href=\"https:\/\/puntocritico.com\/author\/punto-critico\/\"><img loading=\"lazy\" decoding=\"async\" class=\"aligncenter wp-image-9528\" src=\"https:\/\/puntocritico.com\/ausajpuntocritico\/wp-content\/uploads\/2018\/03\/Mosca_Punto_Cr\u00edtico_40.png\" alt=\"\" width=\"80\" height=\"80\" \/><\/a><\/p>\n<p>&nbsp;<\/p>\n","protected":false},"excerpt":{"rendered":"<div class=\"mh-excerpt\"><p>Capitalismo y destrucci\u00f3n de las fronteras \u00abQuien ha soportado que abuses de \u00e9l, te conoce\u00bb. William Blake &nbsp; Capitalismo y destrucci\u00f3n de las fronteras Para el capital, toda frontera\u00a0se convierte, tarde o temprano, en un\u00a0muro <a class=\"mh-excerpt-more\" href=\"https:\/\/puntocritico.com\/ausajpuntocritico\/2026\/03\/19\/capitalismo-y-destruccion-de-las-fronteras\/\" title=\"Capitalismo y destrucci\u00f3n de las fronteras, por Diego Fusaro\">[&#8230;]<\/a><\/p>\n<\/div>","protected":false},"author":3,"featured_media":2318672,"comment_status":"closed","ping_status":"closed","sticky":false,"template":"","format":"standard","meta":{"_acf_changed":false,"_exactmetrics_skip_tracking":false,"_exactmetrics_sitenote_active":false,"_exactmetrics_sitenote_note":"","_exactmetrics_sitenote_category":0,"footnotes":""},"categories":[7],"tags":[56],"class_list":{"0":"post-2318652","1":"post","2":"type-post","3":"status-publish","4":"format-standard","5":"has-post-thumbnail","7":"category-politica","8":"tag-fusaro"},"acf":[],"_links":{"self":[{"href":"https:\/\/puntocritico.com\/ausajpuntocritico\/wp-json\/wp\/v2\/posts\/2318652","targetHints":{"allow":["GET"]}}],"collection":[{"href":"https:\/\/puntocritico.com\/ausajpuntocritico\/wp-json\/wp\/v2\/posts"}],"about":[{"href":"https:\/\/puntocritico.com\/ausajpuntocritico\/wp-json\/wp\/v2\/types\/post"}],"author":[{"embeddable":true,"href":"https:\/\/puntocritico.com\/ausajpuntocritico\/wp-json\/wp\/v2\/users\/3"}],"replies":[{"embeddable":true,"href":"https:\/\/puntocritico.com\/ausajpuntocritico\/wp-json\/wp\/v2\/comments?post=2318652"}],"version-history":[{"count":0,"href":"https:\/\/puntocritico.com\/ausajpuntocritico\/wp-json\/wp\/v2\/posts\/2318652\/revisions"}],"wp:featuredmedia":[{"embeddable":true,"href":"https:\/\/puntocritico.com\/ausajpuntocritico\/wp-json\/wp\/v2\/media\/2318672"}],"wp:attachment":[{"href":"https:\/\/puntocritico.com\/ausajpuntocritico\/wp-json\/wp\/v2\/media?parent=2318652"}],"wp:term":[{"taxonomy":"category","embeddable":true,"href":"https:\/\/puntocritico.com\/ausajpuntocritico\/wp-json\/wp\/v2\/categories?post=2318652"},{"taxonomy":"post_tag","embeddable":true,"href":"https:\/\/puntocritico.com\/ausajpuntocritico\/wp-json\/wp\/v2\/tags?post=2318652"}],"curies":[{"name":"wp","href":"https:\/\/api.w.org\/{rel}","templated":true}]}}