{"id":2318567,"date":"2026-03-18T00:05:07","date_gmt":"2026-03-17T23:05:07","guid":{"rendered":"https:\/\/puntocritico.com\/ausajpuntocritico\/?p=2318567"},"modified":"2026-03-18T10:07:26","modified_gmt":"2026-03-18T09:07:26","slug":"el-senor-charlatan","status":"publish","type":"post","link":"https:\/\/puntocritico.com\/ausajpuntocritico\/2026\/03\/18\/el-senor-charlatan\/","title":{"rendered":"EL SE\u00d1OR CHARLAT\u00c1N, por Khalil Gibran. \u00abNo he de vivir m\u00e1s en \u00e9ste tiempo\u00bb (D. H. Lawrence)"},"content":{"rendered":"<p style=\"text-align: justify;\"><span style=\"font-size: 14pt; color: #008000;\">EL SE\u00d1OR CHARLAT\u00c1N<\/span><\/p>\n\n<p style=\"text-align: center;\">\u00a0<\/p>\n<blockquote>\n<h2 class=\"posttitle\" style=\"text-align: center;\"><span style=\"font-size: 24pt;\">NO HE DE VIVIR M\u00c1S EN ESTE TIEMPO<\/span><\/h2>\n<p style=\"text-align: center;\"><span style=\"font-size: 14pt;\"><strong><em>\u00abUsted no puede hacer realmente nada ahora, nadie puede hacer nada. Ser\u00eda lo mismo tratar de impedir la llegada de la primavera. <\/em><\/strong><\/span><\/p>\n<p style=\"text-align: center;\"><span style=\"font-size: 14pt;\"><strong><em>Este mundo nuestro tiene que desplomarse ahora en la violencia, en la injusticia y la destrucci\u00f3n, y nada podr\u00e1 detenerlo.<\/em><\/strong><\/span><\/p>\n<p style=\"text-align: center;\"><span style=\"font-size: 14pt;\"><strong><em>No he de vivir m\u00e1s en este tiempo. Lo conozco. Lo rechazo. <\/em><\/strong><\/span><\/p>\n<p style=\"text-align: center;\"><span style=\"font-size: 14pt;\"><strong><em>Estar\u00e9 apartado de esta \u00e9poca tanto como pueda, vivir\u00e9 mi vida y en lo posible ser\u00e9 feliz, aunque el mundo entero se deslice horrorizado en un abismo insondable. <\/em><\/strong><\/span><\/p>\n<p style=\"text-align: center;\"><span style=\"font-size: 14pt;\"><strong><em>Existe una verdad m\u00e1s grande que la verdad del presente, existe un Dios por encima de estos dioses de hoy. <\/em><\/strong><\/span><\/p>\n<p style=\"text-align: center;\"><span style=\"font-size: 14pt;\"><strong><em>En cuanto a m\u00ed, en la medida de mis fuerzas, tratar\u00e9 de salvarme, porque yo creo que la virtud m\u00e1s alta es ser feliz, viviendo en la mayor verdad, sin someterse a la falsedad de estos tiempos individualistas\u00bb<\/em><\/strong><\/span><\/p>\n<p class=\"posttitle\" style=\"text-align: justify;\"><span style=\"font-size: 14pt;\">Por <a href=\"https:\/\/puntocritico.com\/ausajpuntocritico\/2017\/11\/15\/haced-una-revolucion-por-d-h-lawrence\/\" target=\"_blank\" rel=\"noopener\" data-schema-attribute=\"\">D. H. Lawrence<\/a><\/span><\/p>\n<p style=\"text-align: justify;\"><a href=\"https:\/\/www.filosofiadigital.com\/no-he-de-vivir-mas-en-este-tiempo-por-d-h-lawrence\/\" target=\"_blank\" rel=\"noopener\"><span style=\"font-size: 14pt;\">Filosof\u00eda Digital<\/span><\/a><\/p>\n<figure id=\"attachment_2318574\" aria-describedby=\"caption-attachment-2318574\" style=\"width: 480px\" class=\"wp-caption aligncenter\"><img loading=\"lazy\" decoding=\"async\" class=\"wp-image-2318574\" src=\"https:\/\/puntocritico.com\/ausajpuntocritico\/wp-content\/uploads\/2026\/03\/Barco-hunde-300x190.jpg\" alt=\"\" width=\"480\" height=\"303\" srcset=\"https:\/\/puntocritico.com\/ausajpuntocritico\/wp-content\/uploads\/2026\/03\/Barco-hunde-300x190.jpg 300w, https:\/\/puntocritico.com\/ausajpuntocritico\/wp-content\/uploads\/2026\/03\/Barco-hunde.jpg 622w\" sizes=\"auto, (max-width: 480px) 100vw, 480px\" \/><figcaption id=\"caption-attachment-2318574\" class=\"wp-caption-text\"><span style=\"color: #008000;\">Barco que se hunde, por Ivan Ivazovsky<\/span><\/figcaption><\/figure>\n<p>&nbsp;<\/p>\n<div id=\"entryContainer\">\n<div class=\"entry post-16800 post type-post status-publish format-standard has-post-thumbnail hentry category-conciencia-vigilante tag-felicidad tag-mentira tag-verdad\">\n<div id=\"attachment_16803\" class=\"wp-caption aligncenter\">\n<p id=\"caption-attachment-16803\" class=\"wp-caption-text\" style=\"text-align: justify;\"><span style=\"font-size: 14pt;\">Usted no puede hacer realmente nada ahora, nadie puede hacer nada. Ser\u00eda lo mismo tratar de impedir la llegada de la primavera. Este mundo nuestro tiene que desplomarse ahora en la violencia, en la injusticia y la destrucci\u00f3n, y nada podr\u00e1 detenerlo.<\/span><\/p>\n<\/div>\n<p style=\"text-align: justify;\"><span style=\"font-size: 14pt;\">Lo \u00fanico que es posible hacer ahora es, o caer con el nav\u00edo, hundirse con la nave, o, en la medida de las propias fuerzas, abandonar la nave y vivir aparte como un paria. En cuanto a m\u00ed, no pertenezco a la nave. Si puedo evitarlo, yo no me hundir\u00e9 con ella.<\/span><\/p>\n<p style=\"text-align: justify;\"><span style=\"font-size: 14pt;\">No he de vivir m\u00e1s en este tiempo. Lo conozco. Lo rechazo. Estar\u00e9 apartado de esta \u00e9poca tanto como pueda, vivir\u00e9 mi vida y en lo posible ser\u00e9 feliz, aunque el mundo entero se deslice horrorizado en un abismo insondable.<\/span><\/p>\n<p style=\"text-align: justify;\"><span style=\"font-size: 14pt;\">Existe una verdad m\u00e1s grande que la verdad del presente, existe un Dios por encima de estos dioses de hoy.<\/span><\/p>\n<p style=\"text-align: justify;\"><span style=\"font-size: 14pt;\">Dejad que luchen y caigan en torno de sus \u00eddolos, amigos m\u00edos, es cosa de ellos.<\/span><\/p>\n<p style=\"text-align: justify;\"><span style=\"font-size: 14pt;\">En cuanto a m\u00ed, en la medida de mis fuerzas, tratar\u00e9 de salvarme, porque yo creo que la virtud m\u00e1s alta es ser feliz, viviendo en la mayor verdad, sin someterse a la falsedad de estos tiempos individualistas.<\/span><\/p>\n<p style=\"text-align: justify;\"><span style=\"font-size: 14pt;\">Ayer hizo un hermoso d\u00eda aqu\u00ed con una brillante, nueva y vasta claridad solar, con deliciosos aromas nuevos como si la nueva sangre estuviera despert\u00e1ndose. Y el mar llegaba en grandes y largas olas atronando espl\u00e9ndidamente desde lo desconocido.<\/span><\/p>\n<p style=\"text-align: justify;\"><span style=\"font-size: 14pt;\">Esto es perfecto: sopla un viento fuerte y puro. \u00bfQu\u00e9 importa ese hervidero revuelto de la humanidad en Europa? Si de seguro fuera esa la \u00fanica verdad, uno podr\u00eda desesperar.<\/span><\/p>\n<p style=\"text-align: justify;\"><span style=\"font-size: 14pt;\">El mundo es muy grande, y el curso de la humanidad, estupendo. \u00bfQu\u00e9 significa ese derrumbe de las naciones aqu\u00ed o all\u00e1? \u00a1Qu\u00e9 importa la muerte individual! No me preocupo si mueren sesenta millones de individuos.<\/span><\/p>\n<p style=\"text-align: justify;\"><span style=\"font-size: 14pt;\">El germen no est\u00e1 en las masas, est\u00e1 en otra parte.<\/span><\/p>\n<\/div>\n<\/div>\n<p>&nbsp;<\/p>\n<figure id=\"attachment_6753\" aria-describedby=\"caption-attachment-6753\" style=\"width: 330px\" class=\"wp-caption aligncenter\"><img loading=\"lazy\" decoding=\"async\" class=\"wp-image-6753\" src=\"https:\/\/puntocritico.com\/ausajpuntocritico\/wp-content\/uploads\/2017\/11\/houxley-y-d.h.-lawrence.jpg\" alt=\"\" width=\"330\" height=\"229\" \/><figcaption id=\"caption-attachment-6753\" class=\"wp-caption-text\"><span style=\"color: #008000;\">Aldous Houxley y D. H. Lawrence<\/span><\/figcaption><\/figure>\n<p style=\"text-align: center;\"><strong><span style=\"color: #008000; font-size: 18pt;\">***<\/span><\/strong><\/p>\n<\/blockquote>\n<div id=\"entryContainer\">\n<div class=\"entry post-16800 post type-post status-publish format-standard has-post-thumbnail hentry category-conciencia-vigilante tag-felicidad tag-mentira tag-verdad\">\n<blockquote>\n<p style=\"text-align: justify;\"><span style=\"font-size: 14pt;\"><strong>AUTOR: <\/strong><\/span><span style=\"font-size: 14pt;\"><strong>D. H. Lawrence.<\/strong>\u00a0<em>Fragmentos de la carta a Lady Ottoline Morrell<\/em>. Padstosw, Cornualles. 7 de Febrero de 1916.\u00a0<strong>FUENTE:<\/strong>\u00a0<em>Cartas recopiladas por <strong>Aldous Huxley<\/strong><\/em>, Tomo II. Ediciones Im\u00e1n, Buenos Aires, 1945. FD, 3 de junio de 2022.<\/span><\/p>\n<\/blockquote>\n<\/div>\n<\/div>\n<p style=\"text-align: justify;\">\u00a0<\/p>\n<p style=\"text-align: justify;\"><img loading=\"lazy\" decoding=\"async\" class=\"aligncenter wp-image-2310492\" src=\"https:\/\/puntocritico.com\/ausajpuntocritico\/wp-content\/uploads\/2025\/08\/Aldous-Huxley-PPAL-300x169.jpg\" alt=\"\" width=\"480\" height=\"270\" srcset=\"https:\/\/puntocritico.com\/ausajpuntocritico\/wp-content\/uploads\/2025\/08\/Aldous-Huxley-PPAL-300x169.jpg 300w, https:\/\/puntocritico.com\/ausajpuntocritico\/wp-content\/uploads\/2025\/08\/Aldous-Huxley-PPAL.jpg 678w\" sizes=\"auto, (max-width: 480px) 100vw, 480px\" \/><\/p>\n<p style=\"text-align: center;\"><strong><span style=\"color: #008000; font-size: 18pt;\">*******<\/span><\/strong><\/p>\n<h2 class=\"posttitle\" style=\"text-align: center;\"><span style=\"font-size: 24pt;\">EL SE\u00d1OR CHARLAT\u00c1N<\/span><\/h2>\n<blockquote>\n<p style=\"text-align: center;\"><span style=\"font-size: 14pt;\"><strong><em>\u00abEstoy aburrido de los charlatanes y de su ch\u00e1chara. Mi alma los odia. <\/em><\/strong><\/span><\/p>\n<p style=\"text-align: center;\"><span style=\"font-size: 14pt;\"><strong><em>Cuando a la ma\u00f1ana me levanto y examino las cartas y revistas, las encuentro llenos de ch\u00e1chara, y todo lo que veo es charla perdida, vac\u00eda de significado, pero henchida de hipocres\u00eda.\u00a0<\/em><\/strong><\/span><\/p>\n<p style=\"text-align: center;\"><span style=\"font-size: 14pt;\"><strong><em>Cuando voy al mercado, el se\u00f1or Charlat\u00e1n se detiene a la puerta de cada comercio y dictamina sobre la gente.\u00a0<\/em><\/strong><\/span><\/p>\n<p style=\"text-align: center;\"><span style=\"font-size: 14pt;\"><strong><em>Si visito templos y otros lugares de culto lo encuentro sentado en un trono, con la cabeza coronada y un cetro refulgente en su mano. <\/em><\/strong><\/span><\/p>\n<p style=\"text-align: center;\"><span style=\"font-size: 14pt;\"><strong><em>Y cuando vuelvo a mi hogar, al caer la tarde, tambi\u00e9n lo encuentro en \u00e9l. <\/em><\/strong><\/span><\/p>\n<p style=\"text-align: center;\"><span style=\"font-size: 14pt;\"><strong><em>El se\u00f1or Charlat\u00e1n est\u00e1 en todas partes. <\/em><\/strong><\/span><\/p>\n<p style=\"text-align: center;\"><span style=\"font-size: 14pt;\"><strong><em>\u00bfD\u00f3nde puede hallar descanso quien ama el silencio? <\/em><\/strong><\/span><\/p>\n<p style=\"text-align: center;\"><span style=\"font-size: 14pt;\"><strong><em>\u00bfHay en este universo un rinc\u00f3n al que pueda ir y vivir felizmente por m\u00ed mismo? <\/em><\/strong><\/span><\/p>\n<p style=\"text-align: center;\"><span style=\"font-size: 14pt;\"><strong><em>\u00bfHay alg\u00fan lugar donde no exista el tr\u00e1fico de la conversaci\u00f3n vac\u00eda? <\/em><\/strong><\/span><\/p>\n<p style=\"text-align: center;\"><span style=\"font-size: 14pt;\"><strong><em>\u00bfHay alguien en el mundo que no se autoadore cuando habla? <\/em><\/strong><\/span><\/p>\n<p style=\"text-align: center;\"><span style=\"font-size: 14pt;\"><strong><em>\u00bfHay alguna persona cuya boca no sea refugio en que se oculta el travieso se\u00f1or Charlat\u00e1n?\u00a0 <\/em><\/strong><\/span><\/p>\n<p style=\"text-align: center;\"><span style=\"font-size: 14pt;\"><strong><em>\u00bfAlguna vez perdonar\u00e1 Dios mis pecados antes de bendecirme y ubicarme en el mundo de las Ideas, la Verdad, y el Afecto, donde los charlatanes no existen?<\/em><\/strong><em><strong>\u00ab<\/strong><\/em><\/span><\/p>\n<\/blockquote>\n<p class=\"posttitle\" style=\"text-align: justify;\"><span style=\"font-size: 14pt;\">Por Khalil Gibran<\/span><\/p>\n<p style=\"text-align: justify;\"><a href=\"https:\/\/www.filosofiadigital.com\/el-senor-charlatan-por-khalil-gibran\/\" target=\"_blank\" rel=\"noopener\"><span style=\"font-size: 14pt;\">Filosof\u00eda Digital<\/span><\/a><\/p>\n<p><img loading=\"lazy\" decoding=\"async\" class=\"aligncenter wp-image-2318568\" src=\"https:\/\/puntocritico.com\/ausajpuntocritico\/wp-content\/uploads\/2026\/03\/Charlatan-2-300x289.jpg\" alt=\"EL SE\u00d1OR CHARLAT\u00c1N \" width=\"330\" height=\"318\" srcset=\"https:\/\/puntocritico.com\/ausajpuntocritico\/wp-content\/uploads\/2026\/03\/Charlatan-2-300x289.jpg 300w, https:\/\/puntocritico.com\/ausajpuntocritico\/wp-content\/uploads\/2026\/03\/Charlatan-2.jpg 322w\" sizes=\"auto, (max-width: 330px) 100vw, 330px\" \/><\/p>\n<p>&nbsp;<\/p>\n<p style=\"text-align: justify;\"><span style=\"font-size: 14pt;\"><span lang=\"ES-TRAD\"><strong>E<\/strong><\/span>stoy aburrido de los charlatanes y de su ch\u00e1chara. Mi alma los odia.<\/span><\/p>\n<p style=\"text-align: justify;\"><span style=\"font-size: 14pt;\"><span lang=\"ES-TRAD\"><strong>C<\/strong><\/span>uando a la ma\u00f1ana me levanto y examino las cartas y revistas que hay al lado de mi cama, las encuentro llenos de ch\u00e1chara, y <strong>todo lo que veo es charla perdida, vac\u00eda de significado, pero henchida de hipocres\u00eda<\/strong>.<\/span><\/p>\n<p style=\"text-align: justify;\"><span style=\"font-size: 14pt;\"><span lang=\"ES-TRAD\"><strong>C<\/strong><\/span>uando me siento a la ventana para desprender el velo de sue\u00f1o que me cubre los ojos y tomar un <em>caf\u00e9 turco<\/em>, delante de m\u00ed se aparece el <em>se\u00f1or Charlat\u00e1n<\/em> saltando, gritando y rezongando, y condesciende a beber mi caf\u00e9 y a fumar mis cigarrillos.<\/span><\/p>\n<p style=\"text-align: justify;\"><span style=\"font-size: 14pt;\"><span lang=\"ES-TRAD\"><strong>C<\/strong><\/span>uando voy a trabajar, el <em>se\u00f1or Charlat\u00e1n<\/em> me sigue, cuchiche\u00e1ndome al o\u00eddo y repiqueteando en mi delicado cerebro. Cuando intento desembarazarme de \u00e9l, pronto vuelve a inundarlo todo con la corriente de su charla sin sentido.<\/span><\/p>\n<p style=\"text-align: justify;\"><span style=\"font-size: 14pt;\"><span lang=\"ES-TRAD\"><strong>C<\/strong><\/span>uando voy al mercado, el <em>se\u00f1or Charlat\u00e1n<\/em> se detiene a la puerta de cada comercio y dictamina sobre la gente. Lo veo hasta en las caras de los que est\u00e1n callados, porque a ellos tambi\u00e9n los acompa\u00f1a. Y, aunque los perturba, ellos no son conscientes de su presencia.<\/span><\/p>\n<p style=\"text-align: justify;\"><span style=\"font-size: 14pt;\"><span lang=\"ES-TRAD\"><strong>S<\/strong><\/span>i me siento con un amigo, el <em>se\u00f1or Charlat\u00e1n<\/em> se incorpora al grupo, aunque no haya sido invitado. Si lo eludo, se las arregla para quedarse cerca, de modo que el eco de su voz me irrita y revuelve el est\u00f3mago como el hedor de la carne podrida.<\/span><\/p>\n<p style=\"text-align: justify;\"><span style=\"font-size: 14pt;\"><span lang=\"ES-TRAD\"><strong>C<\/strong><\/span>uando visito los tribunales y las instituciones de ense\u00f1anza lo encuentro en compa\u00f1\u00eda de su padre y de su madre, adornando la Falsedad con ropajes de seda y la Hipocres\u00eda con un magn\u00edfico manto y un hermoso turbante.<span id=\"more-9025\"><\/span><\/span><\/p>\n<p style=\"text-align: justify;\"><span style=\"font-size: 14pt;\"><span lang=\"ES-TRAD\"><strong>C<\/strong><\/span>uando voy a una f\u00e1brica, para mi gran sorpresa, all\u00ed tambi\u00e9n encuentro al <em>se\u00f1or Charlat\u00e1n<\/em>, a su madre, al t\u00edo y al abuelo, charlando y moviendo sus gruesos labios. Sus parientes lo aplauden y se r\u00eden de m\u00ed.<\/span><\/p>\n<p>&nbsp;<\/p>\n<p><img loading=\"lazy\" decoding=\"async\" class=\"aligncenter wp-image-2318601\" src=\"https:\/\/puntocritico.com\/ausajpuntocritico\/wp-content\/uploads\/2026\/03\/fake-news-filtro-burbuja-periodista-tec-Charlatan-PPAL-300x199.jpg\" alt=\"\" width=\"400\" height=\"266\" srcset=\"https:\/\/puntocritico.com\/ausajpuntocritico\/wp-content\/uploads\/2026\/03\/fake-news-filtro-burbuja-periodista-tec-Charlatan-PPAL-300x199.jpg 300w, https:\/\/puntocritico.com\/ausajpuntocritico\/wp-content\/uploads\/2026\/03\/fake-news-filtro-burbuja-periodista-tec-Charlatan-PPAL-678x452.jpg 678w, https:\/\/puntocritico.com\/ausajpuntocritico\/wp-content\/uploads\/2026\/03\/fake-news-filtro-burbuja-periodista-tec-Charlatan-PPAL.jpg 680w\" sizes=\"auto, (max-width: 400px) 100vw, 400px\" \/><\/p>\n<p>&nbsp;<\/p>\n<p style=\"text-align: justify;\"><span style=\"font-size: 14pt;\"><span lang=\"ES-TRAD\"><strong>S<\/strong><\/span>i visito templos y otros lugares de culto lo encuentro sentado en un trono, con la cabeza coronada y un cetro refulgente en su mano.<\/span><\/p>\n<p style=\"text-align: justify;\"><span style=\"font-size: 14pt;\"><span lang=\"ES-TRAD\"><strong>Y<\/strong><\/span>\u00a0cuando vuelvo a mi hogar, al caer la tarde, tambi\u00e9n lo encuentro en \u00e9l: se desliza del cielorraso como una culebra o repta como una boa por todos los rincones de la casa.<\/span><\/p>\n<p style=\"text-align: justify;\"><span style=\"font-size: 14pt;\"><span lang=\"ES-TRAD\"><strong>E<\/strong><\/span>n resumen, el <em>se\u00f1or Charlat\u00e1n<\/em> est\u00e1 en todas partes, en el cielo y m\u00e1s all\u00e1 de \u00e9l, en la tierra o debajo de ella, en las alas del \u00e9ter o sobre las olas del mar, en bosques y cavernas, en la cima de las monta\u00f1as.<\/span><\/p>\n<p style=\"text-align: justify;\"><span style=\"font-size: 14pt;\">\u00bf<span lang=\"ES-TRAD\"><strong>D<\/strong><\/span>\u00f3nde puede hallar descanso quien ama el silencio? \u00bfAcaso Dios premiar\u00e1 alguna vez mi alma y me otorgar\u00e1 la gracia de la sordera para que pueda vivir en el para\u00edso del Silencio?<\/span><\/p>\n<p style=\"text-align: justify;\"><span style=\"font-size: 14pt;\">\u00bf<span lang=\"ES-TRAD\"><strong>H<\/strong><\/span>ay en este universo un rinc\u00f3n al que pueda ir y vivir felizmente por m\u00ed mismo?<\/span><\/p>\n<p style=\"text-align: justify;\"><span style=\"font-size: 14pt;\">\u00bf<span lang=\"ES-TRAD\"><strong>H<\/strong><\/span>ay alg\u00fan lugar donde no exista el tr\u00e1fico de la conversaci\u00f3n vac\u00eda? \u00bfHay alguien en el mundo que no se autoadore cuando habla? \u00bfHay alguna persona cuya boca no sea refugio en que se oculta el travieso <em>se\u00f1or Charlat\u00e1n<\/em>?<\/span><\/p>\n<p style=\"text-align: justify;\"><span style=\"font-size: 14pt;\"><span lang=\"ES-TRAD\"><strong>M<\/strong><\/span>e conformar\u00eda con que existiera una sola clase de <em>charlatanes<\/em>, pero son innumerables y puede dividirse en clanes y tribus.<\/span><\/p>\n<p style=\"text-align: justify;\"><span style=\"font-size: 14pt;\"><span lang=\"ES-TRAD\"><strong>E<\/strong><\/span>st\u00e1n los que viven todo el d\u00eda en pantanos, y cuando llega la noche se van a la orilla, sacan la cabeza fuera del agua y del cieno y llenan el silencio de la noche con su horrible croar que rompe los t\u00edmpanos.<\/span><\/p>\n<p style=\"text-align: justify;\"><span style=\"font-size: 14pt;\"><span lang=\"ES-TRAD\"><strong>E<\/strong><\/span>st\u00e1 el clan de los que se emborrachan con aguardiente y cerveza, se instalan en las esquinas de la calle y llenan el aire de bramidos m\u00e1s poderosos que los de un b\u00fafalo revolc\u00e1ndose.<\/span><\/p>\n<p style=\"text-align: justify;\">\u00a0<\/p>\n<p><img loading=\"lazy\" decoding=\"async\" class=\"aligncenter wp-image-2318569 size-full\" src=\"https:\/\/puntocritico.com\/ausajpuntocritico\/wp-content\/uploads\/2026\/03\/Charlatan-1.jpg\" alt=\"\" width=\"295\" height=\"370\" srcset=\"https:\/\/puntocritico.com\/ausajpuntocritico\/wp-content\/uploads\/2026\/03\/Charlatan-1.jpg 295w, https:\/\/puntocritico.com\/ausajpuntocritico\/wp-content\/uploads\/2026\/03\/Charlatan-1-239x300.jpg 239w\" sizes=\"auto, (max-width: 295px) 100vw, 295px\" \/><\/p>\n<p>&nbsp;<\/p>\n<div id=\"entryContainer\">\n<div class=\"entry post-9025 post type-post status-publish format-standard has-post-thumbnail hentry category-antologia-de-la-belleza tag-mentira tag-verdad\">\n<p style=\"text-align: justify;\"><span style=\"font-size: 14pt;\"><span lang=\"ES-TRAD\"><strong>H<\/strong><\/span>ay tambi\u00e9n una extra\u00f1a tribu cuya gente pasa el tiempo en las tumbas de la vida, convirtiendo el silencio en una especie de gemido m\u00e1s l\u00fagubre que el chillido de la lechuza.<\/span><\/p>\n<p style=\"text-align: justify;\"><span style=\"font-size: 14pt;\"><span lang=\"ES-TRAD\"><strong>E<\/strong><\/span>xiste adem\u00e1s el grupo de los <em>charlatanes<\/em> que imaginan que la vida es un trozo de madera, y con \u00e9l tratan de labrar algo para ellos, y mientras lo hacen, producen un chillido m\u00e1s feo que el estr\u00e9pito de una sierra.<\/span><\/p>\n<p style=\"text-align: justify;\"><span style=\"font-size: 14pt;\"><span lang=\"ES-TRAD\"><strong>H<\/strong><\/span>ay tambi\u00e9n una partida de criaturas que se golpean entre s\u00ed con mazos, para producir tonos huecos m\u00e1s horribles que los tantanes de los salvajes de la jungla.<\/span><\/p>\n<p style=\"text-align: justify;\"><span style=\"font-size: 14pt;\"><span lang=\"ES-TRAD\"><strong>P<\/strong><\/span>or debajo de estas criaturas hay una secta cuyos miembros no tienen otra cosa que hacer que estar sentados \u2013cuando hay un asiento disponible- y masticar palabras en lugar de pronunciarlas.<\/span><\/p>\n<p style=\"text-align: justify;\"><span style=\"font-size: 14pt;\"><span lang=\"ES-TRAD\"><strong>U<\/strong><\/span>na vez encontramos una facci\u00f3n de <em>charlatanes<\/em> que tej\u00edan aire con aire y no ten\u00edan vestidos.<\/span><\/p>\n<p style=\"text-align: justify;\"><span style=\"font-size: 14pt;\"><span lang=\"ES-TRAD\"><strong>A<\/strong><\/span>\u00a0menudo encontramos un tipo de <em>charlatanes<\/em> cuyos representantes son como estorninos, pero se creen \u00e1guilas cuando se remontan en las corrientes de sus palabras.<\/span><\/p>\n<p style=\"text-align: justify;\"><span style=\"font-size: 14pt;\"><span lang=\"ES-TRAD\"><strong>Y<\/strong><\/span>\u00a0hay tambi\u00e9n <em>charlatanes<\/em> que son como las campanas, que repican llamando al pueblo al culto, pero que nunca entran a la iglesia.<\/span><\/p>\n<p style=\"text-align: justify;\"><span style=\"font-size: 14pt;\"><span lang=\"ES-TRAD\"><strong>H<\/strong><\/span>ay todav\u00eda m\u00e1s tribus y clanes de <em>charlatanes<\/em>, pero ser\u00eda demasiado largo enumerarlos. Seg\u00fan creo, las m\u00e1s extra\u00f1a es una secta de dormilones cuyos miembros perturban el universo con sus ronquidos y, de tanto en tanto, se despiertan diciendo: <\/span><\/p>\n<blockquote>\n<p style=\"text-align: justify;\"><span style=\"color: #008000;\"><strong><span style=\"font-size: 14pt;\">\u201c\u00a1Que eruditos somos!\u201d.<\/span><\/strong><\/span><\/p>\n<\/blockquote>\n<\/div>\n<\/div>\n<p>&nbsp;<\/p>\n<p><img loading=\"lazy\" decoding=\"async\" class=\"aligncenter wp-image-2318709 size-full\" src=\"https:\/\/puntocritico.com\/ausajpuntocritico\/wp-content\/uploads\/2026\/03\/charlatan-212.jpg\" alt=\"\" width=\"640\" height=\"243\" srcset=\"https:\/\/puntocritico.com\/ausajpuntocritico\/wp-content\/uploads\/2026\/03\/charlatan-212.jpg 640w, https:\/\/puntocritico.com\/ausajpuntocritico\/wp-content\/uploads\/2026\/03\/charlatan-212-300x114.jpg 300w\" sizes=\"auto, (max-width: 640px) 100vw, 640px\" \/><\/p>\n<p>&nbsp;<\/p>\n<div id=\"entryContainer\">\n<div class=\"entry post-9025 post type-post status-publish format-standard has-post-thumbnail hentry category-antologia-de-la-belleza tag-mentira tag-verdad\">\n<p style=\"text-align: justify;\"><span style=\"font-size: 14pt;\"><span lang=\"ES-TRAD\"><strong>D<\/strong><\/span>espu\u00e9s de expresar mi horror por el <em>se\u00f1or Charlat\u00e1n<\/em> y sus camaradas, me siento como el m\u00e9dico que no puede curarse o como el presidiario que predica virtud a sus compa\u00f1eros de celda. Satiric\u00e9 al <em>se\u00f1or Charlat\u00e1n<\/em> y a sus amigos <em>charlatanes<\/em> con mi propia charla. <\/span><\/p>\n<p style=\"text-align: justify;\"><span style=\"font-size: 14pt;\"><strong>Yo escapo de los charlatanes, pero soy uno de ellos<\/strong>.<\/span><\/p>\n<p style=\"text-align: justify;\"><span style=\"font-size: 14pt;\">\u00bf<span lang=\"ES-TRAD\"><strong>A<\/strong><\/span>lguna vez perdonar\u00e1 Dios mis pecados antes de bendecirme y ubicarme en el mundo de las Ideas, la Verdad, y el Afecto, donde los <em>charlatanes<\/em> no existen?<\/span><\/p>\n<p>&nbsp;<\/p>\n<\/div>\n<blockquote>\n<p style=\"text-align: center;\"><strong><span style=\"font-size: 14pt; color: #008000;\">\u00bf<span lang=\"ES-TRAD\">A<\/span>lguna vez perdonar\u00e1 Dios mis pecados antes de bendecirme y ubicarme en el mundo de las Ideas, la Verdad, y el Afecto, donde los <em>charlatanes<\/em> no existen?<\/span><\/strong><\/p>\n<\/blockquote>\n<\/div>\n<p>&nbsp;<\/p>\n<p><img loading=\"lazy\" decoding=\"async\" class=\"aligncenter wp-image-2301309\" src=\"https:\/\/puntocritico.com\/ausajpuntocritico\/wp-content\/uploads\/2024\/09\/Adios-demoscopia-todo-el-mundo-miente-300x100-1.jpg\" alt=\"\" width=\"660\" height=\"220\" \/><\/p>\n<div id=\"entryContainer\">\n<div class=\"entry post-9025 post type-post status-publish format-standard has-post-thumbnail hentry category-antologia-de-la-belleza tag-mentira tag-verdad\">\n<p style=\"text-align: center;\"><strong><span style=\"font-size: 18pt; color: #008000;\">* * *<\/span><\/strong><\/p>\n<p style=\"text-align: justify;\"><span style=\"font-size: 14pt;\"><strong>KHALIL GIBRAN<\/strong>,\u00a0<em>Pensamientos y meditaciones<\/em>. Obras completas, tomo II. Ediciones Bosmar, 1980.<\/span><\/p>\n<\/div>\n<\/div>\n<p style=\"text-align: justify;\">\u00a0<\/p>\n<p style=\"text-align: justify;\"><img loading=\"lazy\" decoding=\"async\" class=\"aligncenter wp-image-15332 size-full\" src=\"https:\/\/puntocritico.com\/ausajpuntocritico\/wp-content\/uploads\/2018\/12\/las-guerras-mienten.jpg\" alt=\"\" width=\"580\" height=\"313\" srcset=\"https:\/\/puntocritico.com\/ausajpuntocritico\/wp-content\/uploads\/2018\/12\/las-guerras-mienten.jpg 580w, https:\/\/puntocritico.com\/ausajpuntocritico\/wp-content\/uploads\/2018\/12\/las-guerras-mienten-300x162.jpg 300w, https:\/\/puntocritico.com\/ausajpuntocritico\/wp-content\/uploads\/2018\/12\/las-guerras-mienten-278x150.jpg 278w\" sizes=\"auto, (max-width: 580px) 100vw, 580px\" \/><\/p>\n<p>&nbsp;<\/p>\n<p>&nbsp;<\/p>\n<p style=\"text-align: justify;\"><a href=\"https:\/\/puntocritico.com\/author\/punto-critico\/\"><img loading=\"lazy\" decoding=\"async\" class=\"aligncenter wp-image-9528\" src=\"https:\/\/puntocritico.com\/ausajpuntocritico\/wp-content\/uploads\/2018\/03\/Mosca_Punto_Cr\u00edtico_40.png\" alt=\"\" width=\"80\" height=\"80\" \/><\/a><\/p>\n<p style=\"text-align: justify;\">\u00a0<\/p>\n","protected":false},"excerpt":{"rendered":"<div class=\"mh-excerpt\"><p>EL SE\u00d1OR CHARLAT\u00c1N \u00a0 NO HE DE VIVIR M\u00c1S EN ESTE TIEMPO \u00abUsted no puede hacer realmente nada ahora, nadie puede hacer nada. Ser\u00eda lo mismo tratar de impedir la llegada de la primavera. Este <a class=\"mh-excerpt-more\" href=\"https:\/\/puntocritico.com\/ausajpuntocritico\/2026\/03\/18\/el-senor-charlatan\/\" title=\"EL SE\u00d1OR CHARLAT\u00c1N, por Khalil Gibran. \u00abNo he de vivir m\u00e1s en \u00e9ste tiempo\u00bb (D. H. Lawrence)\">[&#8230;]<\/a><\/p>\n<\/div>","protected":false},"author":3,"featured_media":2318708,"comment_status":"closed","ping_status":"closed","sticky":false,"template":"","format":"standard","meta":{"_acf_changed":false,"_exactmetrics_skip_tracking":false,"_exactmetrics_sitenote_active":false,"_exactmetrics_sitenote_note":"","_exactmetrics_sitenote_category":0,"footnotes":""},"categories":[7],"tags":[67,41],"class_list":{"0":"post-2318567","1":"post","2":"type-post","3":"status-publish","4":"format-standard","5":"has-post-thumbnail","7":"category-politica","8":"tag-huxley","9":"tag-khalil-gibran"},"acf":[],"_links":{"self":[{"href":"https:\/\/puntocritico.com\/ausajpuntocritico\/wp-json\/wp\/v2\/posts\/2318567","targetHints":{"allow":["GET"]}}],"collection":[{"href":"https:\/\/puntocritico.com\/ausajpuntocritico\/wp-json\/wp\/v2\/posts"}],"about":[{"href":"https:\/\/puntocritico.com\/ausajpuntocritico\/wp-json\/wp\/v2\/types\/post"}],"author":[{"embeddable":true,"href":"https:\/\/puntocritico.com\/ausajpuntocritico\/wp-json\/wp\/v2\/users\/3"}],"replies":[{"embeddable":true,"href":"https:\/\/puntocritico.com\/ausajpuntocritico\/wp-json\/wp\/v2\/comments?post=2318567"}],"version-history":[{"count":0,"href":"https:\/\/puntocritico.com\/ausajpuntocritico\/wp-json\/wp\/v2\/posts\/2318567\/revisions"}],"wp:featuredmedia":[{"embeddable":true,"href":"https:\/\/puntocritico.com\/ausajpuntocritico\/wp-json\/wp\/v2\/media\/2318708"}],"wp:attachment":[{"href":"https:\/\/puntocritico.com\/ausajpuntocritico\/wp-json\/wp\/v2\/media?parent=2318567"}],"wp:term":[{"taxonomy":"category","embeddable":true,"href":"https:\/\/puntocritico.com\/ausajpuntocritico\/wp-json\/wp\/v2\/categories?post=2318567"},{"taxonomy":"post_tag","embeddable":true,"href":"https:\/\/puntocritico.com\/ausajpuntocritico\/wp-json\/wp\/v2\/tags?post=2318567"}],"curies":[{"name":"wp","href":"https:\/\/api.w.org\/{rel}","templated":true}]}}