{"id":2318438,"date":"2026-04-05T00:05:29","date_gmt":"2026-04-04T22:05:29","guid":{"rendered":"https:\/\/puntocritico.com\/ausajpuntocritico\/?p=2318438"},"modified":"2026-04-07T11:48:24","modified_gmt":"2026-04-07T09:48:24","slug":"maquiavelo-isaiah-berlin-y-4","status":"publish","type":"post","link":"https:\/\/puntocritico.com\/ausajpuntocritico\/2026\/04\/05\/maquiavelo-isaiah-berlin-y-4\/","title":{"rendered":"Nicol\u00e1s Maquiavelo: LA ORIGINALIDAD DE MAQUIAVELO, por Isaiah Berlin (y 4)"},"content":{"rendered":"<p style=\"text-align: justify;\"><span style=\"color: #008000; font-size: 14pt;\">Maquiavelo<\/span><\/p>\n<p style=\"text-align: justify;\">\u00a0<\/p>\n<p style=\"text-align: justify;\"><span style=\"font-size: 14pt; color: #008000;\"><a style=\"color: #008000;\" href=\"https:\/\/puntocritico.com\/ausajpuntocritico\/2026\/03\/15\/nicolas-maquiavelo-por-i-berlin-1\/\" target=\"_blank\" rel=\"noopener\" data-schema-attribute=\"\">EL PR\u00cdNCIPE de Nicol\u00e1s Maquiavelo, por Isaiah Berlin (1)<\/a><\/span><\/p>\n<p style=\"text-align: justify;\"><span style=\"font-size: 14pt; color: #008000;\"><a style=\"color: #008000;\" href=\"https:\/\/puntocritico.com\/ausajpuntocritico\/2026\/03\/22\/la-originalidad-de-maquiavelo-berlin-2\/\" target=\"_blank\" rel=\"noopener\" data-schema-attribute=\"\">LA ORIGINALIDAD DE MAQUIAVELO, por Isaiah Berlin (2)<\/a><\/span><\/p>\n<p style=\"text-align: justify;\"><a href=\"https:\/\/puntocritico.com\/ausajpuntocritico\/2026\/03\/29\/nicolas-maquiavelo-y-la-razon-de-estado-la-originalidad-de-maquiavelo-por-isaiah-berlin-3\/\" target=\"_blank\" rel=\"noopener\" data-schema-attribute=\"\"><span style=\"font-size: 14pt; color: #008000;\">NICOL\u00c1S MAQUIAVELO Y LA RAZ\u00d3N DE ESTADO (Introducci\u00f3n), por Isaiah Berlin (3)<\/span><\/a><\/p>\n<p style=\"text-align: justify;\"><span style=\"font-size: 14pt; color: #008000;\">Nicol\u00e1s Maquiavelo y la raz\u00f3n de estado, por Isaiah Berlin (y 4)<\/span><\/p>\n\n<p>&nbsp;<\/p>\n<blockquote>\n<h2 style=\"text-align: center;\"><span style=\"font-size: 24pt;\">LA ORIGINALIDAD DE MAQUIAVELO<\/span><\/h2>\n<p style=\"text-align: center;\"><strong><span style=\"font-size: 18pt;\">Isaiah Berlin<\/span><\/strong><\/p>\n<p><img loading=\"lazy\" decoding=\"async\" class=\"aligncenter wp-image-8709\" src=\"https:\/\/puntocritico.com\/ausajpuntocritico\/wp-content\/uploads\/2018\/02\/Maquiavelo-tecno.jpg\" alt=\"Nicol\u00e1s Maquiavelo LA ORIGINALIDAD DE MAQUIAVELO\" width=\"300\" height=\"386\" \/><\/p>\n<h2 style=\"text-align: center;\"><strong><span style=\"color: #008000; font-size: 14pt;\">Nicol\u00e1s Maquiavelo (1469-1527)<\/span><\/strong><\/h2>\n<\/blockquote>\n<p>&nbsp;<\/p>\n<p style=\"text-align: center;\"><span style=\"font-size: 18pt;\"><strong>-III-<\/strong><\/span><\/p>\n<p style=\"text-align: justify;\"><span style=\"font-size: 14pt;\">Pero si tal soluci\u00f3n no puede formularse ni aun en principio, se transforman todos los problemas pol\u00edticos, y de hecho tambi\u00e9n los morales. No es una divisi\u00f3n de la pol\u00edtica y la \u00e9tica. <strong>Es el descubrimiento de la posibilidad de m\u00e1s de un sistema de valores, sin ning\u00fan criterio com\u00fan a los sistemas entre los que se puede hacer una elecci\u00f3n racional<\/strong>. <\/span><\/p>\n<p style=\"text-align: justify;\"><span style=\"font-size: 14pt;\"><strong>No es rechazar el cristianismo en pro del paganismo<\/strong> (<em>aunque <strong>Maquiavelo<\/strong> claramente prefiri\u00f3 a este \u00faltimo<\/em>), <strong>ni al paganismo en favor del cristianismo<\/strong> (<em>que, cuando menos en su forma hist\u00f3rica, le parec\u00eda incompatible con las necesidades b\u00e1sicas de los hombres normales<\/em>), <strong>sino ponerlos uno junto al otro con la impl\u00edcita invitaci\u00f3n a los hombres a escoger entre una vida privada, buena, virtuosa, o una existencia social buena y exitosa, pero no ambas<\/strong>.<\/span><\/p>\n<p style=\"text-align: justify;\"><span style=\"font-size: 14pt;\">Lo que mostr\u00f3 <strong>Maquiavelo<\/strong> (<em>al igual que <strong>Nietzsche<\/strong><\/em>), al que muchas veces se ensalza por arrancar las m\u00e1scaras de hipocres\u00eda, revelando brutalmente la verdad, y cosas por el estilo, no es que los hombres profesen una cosa y hagan otra (<em>aunque sin duda tambi\u00e9n lo hace ver<\/em>), sino que<strong> quienes asumen que ambos ideales son compatibles, o que tal vez son uno y el mismo ideal, y no permiten que esta suposici\u00f3n sea puesta en duda, son culpables de mala fe<\/strong> (<em>como la llaman los existencialistas, o de \u00abfalsa conciencia\u00bb, para usar la f\u00f3rmula marxista<\/em>), como lo revela su verdadero comportamiento.<\/span><\/p>\n<p>&nbsp;<\/p>\n<blockquote>\n<p style=\"text-align: center;\"><span style=\"color: #008000;\"><strong><span style=\"font-size: 14pt;\">Maquiavelo desenmascara no solo a la moralidad oficial -las hipocres\u00edas de la vida cotidiana- sino a uno de los fundamentos de la tradici\u00f3n filos\u00f3fica central occidental, la creencia en la compatibilidad \u00faltima de todos los valores genuinos.<\/span><\/strong><\/span><\/p>\n<\/blockquote>\n<p>&nbsp;<\/p>\n<p style=\"text-align: justify;\"><span style=\"font-size: 14pt;\"><strong>Maquiavelo<\/strong> desenmascara no solo a la moralidad oficial -las hipocres\u00edas de la vida cotidiana- sino a uno de los fundamentos de la tradici\u00f3n filos\u00f3fica central occidental, la creencia en la compatibilidad \u00faltima de todos los valores genuinos.\u00a0<\/span><\/p>\n<p style=\"text-align: justify;\"><span style=\"font-size: 14pt;\"><strong>\u00c9l no siente desilusi\u00f3n. Ha hecho su elecci\u00f3n<\/strong>. Parece totalmente despreocupado, apenas consciente, en realidad, de que <strong>est\u00e1 rompiendo con la moralidad tradicional de Occidente<\/strong>.<\/span><\/p>\n<p>&nbsp;<\/p>\n<p><img loading=\"lazy\" decoding=\"async\" class=\"aligncenter wp-image-2319098\" src=\"https:\/\/puntocritico.com\/ausajpuntocritico\/wp-content\/uploads\/2026\/04\/Maquiavelo-Nitzscheano-1-300x195.jpg\" alt=\"\" width=\"480\" height=\"313\" srcset=\"https:\/\/puntocritico.com\/ausajpuntocritico\/wp-content\/uploads\/2026\/04\/Maquiavelo-Nitzscheano-1-300x195.jpg 300w, https:\/\/puntocritico.com\/ausajpuntocritico\/wp-content\/uploads\/2026\/04\/Maquiavelo-Nitzscheano-1-768x500.jpg 768w, https:\/\/puntocritico.com\/ausajpuntocritico\/wp-content\/uploads\/2026\/04\/Maquiavelo-Nitzscheano-1.jpg 1024w\" sizes=\"auto, (max-width: 480px) 100vw, 480px\" \/><\/p>\n<p>&nbsp;<\/p>\n<p>&nbsp;<\/p>\n<p style=\"text-align: justify;\"><span style=\"font-size: 14pt;\">Pero <strong>lo que sus escritos han dramatizado<\/strong>, si no para \u00e9l mismo s\u00ed para los siglos que siguieron, <strong>es esto<\/strong>: <\/span><\/p>\n<blockquote>\n<p style=\"text-align: justify;\"><strong><span style=\"font-size: 14pt; color: #008000;\">\u00bfqu\u00e9 raz\u00f3n tenemos para suponer que la justicia y la misericordia, la humildad y la <em>Virt\u00f9<\/em>, la felicidad y el conocimiento, la gloria y la libertad, la magnificencia y la santidad, coincidir\u00e1n siempre, o siquiera ser\u00e1n compatibles?<\/span><\/strong><\/p>\n<\/blockquote>\n<p>&nbsp;<\/p>\n<p style=\"text-align: justify;\"><span style=\"font-size: 14pt;\">Despu\u00e9s de todo, la <em>justicia po\u00e9tica<\/em> no se llama as\u00ed porque acontezca sino porque no se da con mucha frecuencia en la prosa de la <strong>vida ordinaria<\/strong>, donde, <em>exhypothesi<\/em>, <strong>funciona un tipo muy diferente de justicia<\/strong>: <\/span><\/p>\n<blockquote>\n<p style=\"text-align: justify;\"><strong><span style=\"font-size: 14pt;\"><span style=\"color: #008000;\">\u00ab<em>un Estado y un pueblo son gobernados en forma diferente que un individuo<\/em>\u00bb.<\/span> <\/span><\/strong><\/p>\n<\/blockquote>\n<p>&nbsp;<\/p>\n<p style=\"text-align: justify;\"><span style=\"font-size: 14pt;\">Entonces, \u00bfc\u00f3mo hablar\u00a0<\/span><span style=\"font-size: 14pt;\">de <strong>derechos indestructibles<\/strong>, ya sea en el sentido <em>medieval<\/em> o en el <em>liberal<\/em>?<\/span><\/p>\n<p>&nbsp;<\/p>\n<figure id=\"attachment_2319102\" aria-describedby=\"caption-attachment-2319102\" style=\"width: 400px\" class=\"wp-caption aligncenter\"><a href=\"https:\/\/mcnbiografias.com\/app-bio\/do\/palmieri-matteo\" target=\"_blank\" rel=\"noopener\" data-schema-attribute=\"\"><img loading=\"lazy\" decoding=\"async\" class=\"wp-image-2319102\" src=\"https:\/\/puntocritico.com\/ausajpuntocritico\/wp-content\/uploads\/2026\/04\/palmieri-matteo-300x200.webp\" alt=\"\" width=\"400\" height=\"267\" srcset=\"https:\/\/puntocritico.com\/ausajpuntocritico\/wp-content\/uploads\/2026\/04\/palmieri-matteo-300x200.webp 300w, https:\/\/puntocritico.com\/ausajpuntocritico\/wp-content\/uploads\/2026\/04\/palmieri-matteo-1024x683.webp 1024w, https:\/\/puntocritico.com\/ausajpuntocritico\/wp-content\/uploads\/2026\/04\/palmieri-matteo-768x512.webp 768w, https:\/\/puntocritico.com\/ausajpuntocritico\/wp-content\/uploads\/2026\/04\/palmieri-matteo-1320x880.webp 1320w, https:\/\/puntocritico.com\/ausajpuntocritico\/wp-content\/uploads\/2026\/04\/palmieri-matteo.webp 1536w\" sizes=\"auto, (max-width: 400px) 100vw, 400px\" \/><\/a><figcaption id=\"caption-attachment-2319102\" class=\"wp-caption-text\"><span style=\"color: #008000;\">Matteo Palmieri (1406-1475)<\/span><\/figcaption><\/figure>\n<p>&nbsp;<\/p>\n<p style=\"text-align: justify;\"><span style=\"font-size: 14pt;\">El hombre sabio debe quitarse las fantas\u00edas de la cabeza y tratar de alejarlas de la cabeza de los dem\u00e1s o, si son demasiado resistentes, cuando menos, como recomendaban <strong>Pareto<\/strong> o el <a href=\"https:\/\/puntocritico.com\/ausajpuntocritico\/2017\/07\/12\/3771\/\" target=\"_blank\" rel=\"noopener\" data-schema-attribute=\"\"><strong>Gran Inquisidor de Dostoievski<\/strong><\/a>, explotarlas como medio hacia una sociedad viable.<\/span><\/p>\n<p style=\"text-align: justify;\"><span style=\"font-size: 14pt;\">\u00ab<em>La marcha de la historia del mundo est\u00e1 fuera de la virtud, el vicio o la justicia<\/em>\u00bb, dijo <a href=\"https:\/\/puntocritico.com\/ausajpuntocritico\/2022\/12\/30\/el-reino-del-espiritu-o-reino-de-la-libertad-hegel\/\" target=\"_blank\" rel=\"noopener\" data-schema-attribute=\"\"><strong>Hegel<\/strong><\/a>. Si se sustituye \u00ab<em>la marcha de la historia<\/em>\u00bb por \u00ab<em>una patria bien gobernada<\/em>\u00bb, y se interpreta la noci\u00f3n de <em>virtud<\/em> de <a href=\"https:\/\/puntocritico.com\/ausajpuntocritico\/2021\/05\/26\/fenomenologia-del-espiritu-prologo-de-hegel-parte-i\/\" target=\"_blank\" rel=\"noopener\" data-schema-attribute=\"\"><strong>Hegel<\/strong><\/a> tal como la entienden los cristianos o los hombres comunes, entonces <strong>Maquiavelo<\/strong> es uno de los primeros en proponer esta doctrina. <\/span><\/p>\n<p style=\"text-align: justify;\"><span style=\"font-size: 14pt;\">Como todos los grandes innovadores, no carece de antecesores. Pero los nombres de <a href=\"https:\/\/mcnbiografias.com\/app-bio\/do\/palmieri-matteo\" target=\"_blank\" rel=\"noopener\" data-schema-attribute=\"\"><strong>Palmieri<\/strong><\/a> y <a href=\"https:\/\/en.wikipedia.org\/wiki\/Giovanni_Pontano\" target=\"_blank\" rel=\"noopener\" data-schema-attribute=\"\"><strong>Pontano<\/strong><\/a>, y aun de <strong>Carneades<\/strong> y <strong>Sexto Emp\u00edrico<\/strong>, han dejado poca huella en el pensamiento europeo.<\/span><\/p>\n<p>&nbsp;<\/p>\n<figure id=\"attachment_2319100\" aria-describedby=\"caption-attachment-2319100\" style=\"width: 200px\" class=\"wp-caption aligncenter\"><a href=\"https:\/\/en.wikipedia.org\/wiki\/Giovanni_Pontano\" target=\"_blank\" rel=\"noopener\" data-schema-attribute=\"\"><img loading=\"lazy\" decoding=\"async\" class=\"wp-image-2319100\" src=\"https:\/\/puntocritico.com\/ausajpuntocritico\/wp-content\/uploads\/2026\/04\/Giovanni-Pontano-196x300.jpg\" alt=\"\" width=\"200\" height=\"306\" srcset=\"https:\/\/puntocritico.com\/ausajpuntocritico\/wp-content\/uploads\/2026\/04\/Giovanni-Pontano-196x300.jpg 196w, https:\/\/puntocritico.com\/ausajpuntocritico\/wp-content\/uploads\/2026\/04\/Giovanni-Pontano.jpg 345w\" sizes=\"auto, (max-width: 200px) 100vw, 200px\" \/><\/a><figcaption id=\"caption-attachment-2319100\" class=\"wp-caption-text\"><span style=\"color: #008000;\">Giovanni Pontano (1426\u20131503) <\/span><\/figcaption><\/figure>\n<p>&nbsp;<\/p>\n<p style=\"text-align: justify;\"><span style=\"font-size: 14pt;\"><strong>Croce<\/strong> insisti\u00f3, atinadamente, en que <strong>Maquiavelo<\/strong> no es indiferente, c\u00ednico ni irresponsable. Su patriotismo, su republicanismo, su dedicaci\u00f3n no est\u00e1n en duda.\u00a0<\/span><span style=\"font-size: 14pt;\"><strong>Sufri\u00f3 por sus convicciones. Pensaba continuamente en <em>Florencia<\/em> y en <em>Italia<\/em>, y en c\u00f3mo salvarlas<\/strong>. <\/span><\/p>\n<p style=\"text-align: justify;\"><span style=\"font-size: 14pt;\">Sin embargo, no son su car\u00e1cter, sus dramas, su poes\u00eda, sus historias, sus actividades diplom\u00e1ticas o pol\u00edticas, lo que le ha dado su fama \u00fanica <strong>[105]<\/strong>.<\/span><\/p>\n<p>&nbsp;<\/p>\n<p><img loading=\"lazy\" decoding=\"async\" class=\"aligncenter wp-image-2318722\" src=\"https:\/\/puntocritico.com\/ausajpuntocritico\/wp-content\/uploads\/2026\/03\/Nicolas-Maquiavelo-PPAL-3-300x199.jpg\" alt=\"\" width=\"440\" height=\"292\" srcset=\"https:\/\/puntocritico.com\/ausajpuntocritico\/wp-content\/uploads\/2026\/03\/Nicolas-Maquiavelo-PPAL-3-300x199.jpg 300w, https:\/\/puntocritico.com\/ausajpuntocritico\/wp-content\/uploads\/2026\/03\/Nicolas-Maquiavelo-PPAL-3-678x452.jpg 678w, https:\/\/puntocritico.com\/ausajpuntocritico\/wp-content\/uploads\/2026\/03\/Nicolas-Maquiavelo-PPAL-3.jpg 680w\" sizes=\"auto, (max-width: 440px) 100vw, 440px\" \/><\/p>\n<p>&nbsp;<\/p>\n<p style=\"text-align: justify;\"><span style=\"font-size: 14pt;\">Ni puede esta deberse solo a su imaginaci\u00f3n psicol\u00f3gica o sociol\u00f3gica. <strong>Con frecuencia su psicolog\u00eda es excesivamente primitiva<\/strong>. <\/span><\/p>\n<p style=\"text-align: justify;\"><span style=\"font-size: 14pt;\"><strong>Apenas parece tener en cuenta la posibilidad de un altruismo sostenido y genuino<\/strong>; se reh\u00fasa a considerar los motivos de quienes est\u00e1n dispuestos a luchar contra enormes desigualdades, los que ignoran la <em><strong>necessit\u00e0<\/strong> <\/em>y no temen perder su vida por una causa sin esperanza.<\/span><\/p>\n<p style=\"text-align: justify;\"><span style=\"font-size: 14pt;\">Su <strong>desconfianza hacia las actitudes no terrenales<\/strong>, los <strong>principios absolutos divorciados de la observaci\u00f3n emp\u00edrica<\/strong>, es fan\u00e1ticamente poderosa casi rom\u00e1ntica en su violencia; <strong>lo embriaga la visi\u00f3n del gran pr\u00edncipe que mueve a los seres humanos como si fuesen teclas de un instrumento<\/strong>.<\/span><\/p>\n<p>&nbsp;<\/p>\n<blockquote>\n<p style=\"text-align: center;\"><strong><span style=\"font-size: 14pt; color: #008000;\">Asume que las sociedades diferentes deben estar siempre en guerra entre s\u00ed, dado que tienen prop\u00f3sitos distintos. Ve la historia como un interminable proceso de competencia implacable<\/span><\/strong><\/p>\n<\/blockquote>\n<p>&nbsp;<\/p>\n<p style=\"text-align: justify;\"><span style=\"font-size: 14pt;\">Asume que las sociedades diferentes deben estar siempre en guerra entre s\u00ed, dado que tienen prop\u00f3sitos distintos. Ve la historia como un interminable proceso de competencia implacable, en la que <strong>la \u00fanica meta que pueden tener los hombres racionales es lograr el \u00e9xito a ojos de sus contempor\u00e1neos y de la posteridad<\/strong>.<\/span><\/p>\n<p>&nbsp;<\/p>\n<figure id=\"attachment_2319105\" aria-describedby=\"caption-attachment-2319105\" style=\"width: 480px\" class=\"wp-caption aligncenter\"><img loading=\"lazy\" decoding=\"async\" class=\"wp-image-2319105\" src=\"https:\/\/puntocritico.com\/ausajpuntocritico\/wp-content\/uploads\/2026\/04\/John-Stuart-Mill-vs-Jeremy-Bentham-300x169.jpg\" alt=\"\" width=\"480\" height=\"270\" srcset=\"https:\/\/puntocritico.com\/ausajpuntocritico\/wp-content\/uploads\/2026\/04\/John-Stuart-Mill-vs-Jeremy-Bentham-300x169.jpg 300w, https:\/\/puntocritico.com\/ausajpuntocritico\/wp-content\/uploads\/2026\/04\/John-Stuart-Mill-vs-Jeremy-Bentham-1024x576.jpg 1024w, https:\/\/puntocritico.com\/ausajpuntocritico\/wp-content\/uploads\/2026\/04\/John-Stuart-Mill-vs-Jeremy-Bentham-768x432.jpg 768w, https:\/\/puntocritico.com\/ausajpuntocritico\/wp-content\/uploads\/2026\/04\/John-Stuart-Mill-vs-Jeremy-Bentham-678x381.jpg 678w, https:\/\/puntocritico.com\/ausajpuntocritico\/wp-content\/uploads\/2026\/04\/John-Stuart-Mill-vs-Jeremy-Bentham.jpg 1280w\" sizes=\"auto, (max-width: 480px) 100vw, 480px\" \/><figcaption id=\"caption-attachment-2319105\" class=\"wp-caption-text\"><span style=\"color: #008000;\"><a href=\"https:\/\/es.wikipedia.org\/wiki\/Jeremy_Bentham\" target=\"_blank\" rel=\"noopener\" data-schema-attribute=\"\"><strong>Jeremy Bentham<\/strong><\/a> fue el fundador del <em><strong>utilitarismo<\/strong><\/em>, una doctrina que buscaba reducir toda la moralidad a un c\u00e1lculo de placer y dolor. <strong>James Mill<\/strong> (<em>el padre<\/em>) fue el disc\u00edpulo m\u00e1s ferviente de <strong>Bentham<\/strong> y cri\u00f3 a su hijo, <strong>John Stuart<\/strong>, bajo un r\u00e9gimen educativo incre\u00edblemente estricto para convertirlo en la \u00ab<em>m\u00e1quina de razonar<\/em>\u00bb perfecta del utilitarismo. Sin embargo, <strong>John Stuart Mill<\/strong> termin\u00f3 \u00abquej\u00e1ndose\u00bb de la visi\u00f3n de su maestro por varias razones que <strong>Berlin<\/strong> destaca: La falta de \u00abmundo interior\u00bb, La \u00abfelicidad\u00bb no es solo cantidad y La libertad como fin, no solo como medio. Para <strong>Bentham<\/strong>, la libertad solo era \u00fatil si tra\u00eda felicidad. Para <strong>Mill<\/strong> (<em>y esto es lo que a Berlin le interesa<\/em>), la libertad y la individualidad tienen un valor por s\u00ed mismas, algo que el sistema r\u00edgido de <strong>Bentham<\/strong> no pod\u00eda explicar.<\/span><\/figcaption><\/figure>\n<p>&nbsp;<\/p>\n<p style=\"text-align: justify;\"><span style=\"font-size: 14pt;\">Sabe hacer bajar las fantas\u00edas a tierra pero asume, como dir\u00eda <a href=\"https:\/\/puntocritico.com\/ausajpuntocritico\/2023\/04\/06\/sobre-la-libertad-de-john-stuart-mill-no-hay-mejor-prueba-del-progreso-de-la-civilizacion-que-el-progreso-del-poder-de-cooperacion\/\" target=\"_blank\" rel=\"noopener\" data-schema-attribute=\"\"><strong>Mill<\/strong><\/a> quej\u00e1ndose de <strong>Bentham<\/strong>, que con eso basta.<\/span><\/p>\n<p style=\"text-align: justify;\"><span style=\"font-size: 14pt;\">Concede demasiado poco a los impulsos ideales de los hombres. <strong>No tiene ning\u00fan sentido hist\u00f3rico y poco sentido de la econom\u00eda<\/strong>. No tiene ni la menor sospecha del progreso tecnol\u00f3gico que est\u00e1 a punto de transformar la vida pol\u00edtica y social, y en particular el arte de la guerra.\u00a0<\/span><span style=\"font-size: 14pt;\"><strong>No entiende c\u00f3mo se desarrollan y transforman individuos, comunidades o culturas<\/strong>. <\/span><\/p>\n<p style=\"text-align: justify;\"><span style=\"font-size: 14pt;\">Al igual que <a href=\"https:\/\/puntocritico.com\/ausajpuntocritico\/2023\/01\/13\/sobre-la-libertad-y-el-apluso-aristoteles-hobbes-bernstein-y-spinoza-en-perspectiva-parte-1\/\" target=\"_blank\" rel=\"noopener\" data-schema-attribute=\"\"><strong>Hobbes<\/strong><\/a>, asume que el argumento o motivo de<strong> la autopreservaci\u00f3n autom\u00e1ticamente se impone<\/strong> por encima de todos los dem\u00e1s.<\/span><\/p>\n<p style=\"text-align: justify;\"><span style=\"font-size: 14pt;\"><strong>Les dice a los hombres que, por sobre todas las cosas, no sean tontos<\/strong>: <\/span><\/p>\n<blockquote>\n<p style=\"text-align: justify;\"><span style=\"color: #008000;\"><strong><span style=\"font-size: 14pt;\">seguir un principio que los puede llevar a la ruina es absurdo, cuando menos si se juzga con normas terrenales; <\/span><\/strong><\/span><\/p>\n<p style=\"text-align: justify;\"><span style=\"color: #008000;\"><strong><span style=\"font-size: 14pt;\">menciona respetuosamente otras normas, pero no muestra inter\u00e9s en ellas, quienes las adoptan no podr\u00e1n crear nada que perpet\u00fae su nombre.<\/span><\/strong><\/span><\/p>\n<\/blockquote>\n<p>&nbsp;<\/p>\n<figure id=\"attachment_2250153\" aria-describedby=\"caption-attachment-2250153\" style=\"width: 280px\" class=\"wp-caption aligncenter\"><img loading=\"lazy\" decoding=\"async\" class=\"wp-image-2250153\" src=\"https:\/\/puntocritico.com\/ausajpuntocritico\/wp-content\/uploads\/2022\/06\/Vitruvian_Man_by_Leonardo_da_Vinci.jpg\" alt=\"\" width=\"280\" height=\"398\" srcset=\"https:\/\/puntocritico.com\/ausajpuntocritico\/wp-content\/uploads\/2022\/06\/Vitruvian_Man_by_Leonardo_da_Vinci.jpg 245w, https:\/\/puntocritico.com\/ausajpuntocritico\/wp-content\/uploads\/2022\/06\/Vitruvian_Man_by_Leonardo_da_Vinci-211x300.jpg 211w\" sizes=\"auto, (max-width: 280px) 100vw, 280px\" \/><figcaption id=\"caption-attachment-2250153\" class=\"wp-caption-text\"><span style=\"color: #008000;\">El Hombre de Vitruvio o Estudio de las proporciones ideales del cuerpo humano es un famoso dibujo acompa\u00f1ado de notas anat\u00f3micas de Leonardo da Vinci realizado alrededor de 1490, , realizado a partir de los textos de arquitectura de Vitruvio, arquitecto de la antigua Roma, del cual el dibujo toma su nombre.<\/span><\/figcaption><\/figure>\n<p>&nbsp;<\/p>\n<p style=\"text-align: justify;\"><span style=\"font-size: 14pt;\"><strong>Sus romanos no son m\u00e1s reales que las estilizadas figuras de sus brillantes comedias.<\/strong> Sus seres humanos tienen tan poca vida interior o capacidad para la cooperaci\u00f3n o la solidaridad social que, como en el caso de las criaturas de <strong>Hobbes<\/strong>, no muy diferentes,<strong> es dif\u00edcil ver c\u00f3mo podr\u00edan desarrollar la suficiente confianza rec\u00edproca para crear un todo social duradero, aunque fuese bajo la perpetua sombra de una violencia cuidadosamente regulada<\/strong>.<\/span><\/p>\n<p style=\"text-align: justify;\"><span style=\"font-size: 14pt;\">Muy pocos podr\u00edan negar que los escritos de <strong>Maquiavelo<\/strong>, en particular <em><strong>El pr\u00edncipe<\/strong><\/em>, han escandalizado a la humanidad m\u00e1s profunda y continuamente que cualquier otro tratado pol\u00edtico.<\/span><\/p>\n<p>&nbsp;<\/p>\n<blockquote>\n<p style=\"text-align: center;\"><strong><span style=\"font-size: 14pt;\"><span style=\"color: #008000;\">Muy pocos podr\u00edan negar que los escritos de Maquiavelo, en particular <em>El pr\u00edncipe<\/em>, han escandalizado a la humanidad m\u00e1s profunda y continuamente que cualquier otro tratado pol\u00edtico.<\/span> <\/span><\/strong><\/p>\n<\/blockquote>\n<p>&nbsp;<\/p>\n<p style=\"text-align: justify;\"><span style=\"font-size: 14pt;\"><strong>La raz\u00f3n de esto<\/strong> -perm\u00edtaseme decirlo una vez m\u00e1s- <strong>no es el descubrimiento de que la pol\u00edtica es el juego del poder<\/strong>, de que las relaciones pol\u00edticas entre comunidades independientes y dentro de ellas involucran el uso de la fuerza y el fraude, y no tienen relaci\u00f3n con los principios profesados por los jugadores. <\/span><\/p>\n<p style=\"text-align: justify;\"><span style=\"font-size: 14pt;\"><strong>Este conocimiento es una idea antigua y consciente acerca de la pol\u00edtica<\/strong>, tan antigua como <strong>Tuc\u00eddides<\/strong> y <strong>Plat\u00f3n<\/strong>. <\/span><\/p>\n<p style=\"text-align: justify;\"><span style=\"font-size: 14pt;\"><strong>Ni se debe solo a los ejemplos que ofrece sobre el \u00e9xito en la adquisici\u00f3n y posesi\u00f3n del poder<\/strong>; la descripci\u00f3n de la <em>masacre de Sinigaglia<\/em> o el comportamiento de <a href=\"https:\/\/es.wikipedia.org\/wiki\/Agatocles\" target=\"_blank\" rel=\"noopener\" data-schema-attribute=\"\"><strong>Ag\u00e1tocles<\/strong><\/a> u <a href=\"https:\/\/mcnbiografias.com\/app-bio\/do\/oliverotto-de-fermo\" target=\"_blank\" rel=\"noopener\" data-schema-attribute=\"\"><strong>Oliverotto da Fermo<\/strong><\/a> no es ni m\u00e1s ni menos horrenda que ciertos relatos similares en <strong>T\u00e1cito<\/strong> o en <strong>Guicciardini<\/strong>. <\/span><\/p>\n<p style=\"text-align: justify;\"><span style=\"font-size: 14pt;\"><strong>La proposici\u00f3n de que el crimen puede pagar no es nada nuevo en la historiograf\u00eda occidental<\/strong>.<\/span><\/p>\n<p>&nbsp;<\/p>\n<figure id=\"attachment_2319111\" aria-describedby=\"caption-attachment-2319111\" style=\"width: 400px\" class=\"wp-caption aligncenter\"><img loading=\"lazy\" decoding=\"async\" class=\"wp-image-2319111\" src=\"https:\/\/puntocritico.com\/ausajpuntocritico\/wp-content\/uploads\/2026\/04\/oliverotto-de-fermo-300x200.webp\" alt=\"\" width=\"400\" height=\"267\" srcset=\"https:\/\/puntocritico.com\/ausajpuntocritico\/wp-content\/uploads\/2026\/04\/oliverotto-de-fermo-300x200.webp 300w, https:\/\/puntocritico.com\/ausajpuntocritico\/wp-content\/uploads\/2026\/04\/oliverotto-de-fermo.webp 600w\" sizes=\"auto, (max-width: 400px) 100vw, 400px\" \/><figcaption id=\"caption-attachment-2319111\" class=\"wp-caption-text\"><span style=\"color: #008000;\">Oliverotto Euffreducci, m\u00e1s conocido como Oliverotto da Fermo (Fermo, 1475-Senigallia, 31 de diciembre de 1502), fue un condotiero italiano y se\u00f1or de Fermo durante el papado de Alejandro VI. Su carrera fue descrita por Nicol\u00e1s Maquiavelo en El Pr\u00edncipe.<\/span><\/figcaption><\/figure>\n<p>&nbsp;<\/p>\n<p style=\"text-align: justify;\"><strong><span style=\"font-size: 14pt;\">Tampoco es meramente su recomendaci\u00f3n de medidas inhumanas lo que tanto disgusta a sus lectores<\/span><\/strong><span style=\"font-size: 14pt;\">:<\/span><\/p>\n<blockquote>\n<p style=\"text-align: justify;\"><strong><span style=\"color: #008000;\"><span style=\"font-size: 14pt;\"><a href=\"https:\/\/puntocritico.com\/ausajpuntocritico\/2019\/05\/28\/el-hombre\/\" target=\"_blank\" rel=\"noopener\" data-schema-attribute=\"\">Arist\u00f3teles<\/a> hab\u00eda concedido mucho antes\u00a0<\/span><span style=\"font-size: 14pt;\">q<\/span><\/span><\/strong><strong><span style=\"color: #008000;\"><span style=\"font-size: 14pt;\">ue se pueden presentar situaciones excepcionales, que los principios y las reglas pod\u00edan no ser aplicables a todas las circunstancias; <\/span><\/span><\/strong><\/p>\n<p style=\"text-align: justify;\"><strong><span style=\"color: #008000;\"><span style=\"font-size: 14pt;\">el consejo a los gobernantes en la Pol\u00edtica es bastante duro; <\/span><\/span><\/strong><\/p>\n<p style=\"text-align: justify;\"><strong><span style=\"color: #008000;\"><span style=\"font-size: 14pt;\"><a style=\"color: #008000;\" href=\"https:\/\/puntocritico.com\/ausajpuntocritico\/2023\/01\/30\/busqueda-de-la-verdad-ciceron\/\" target=\"_blank\" rel=\"noopener\" data-schema-attribute=\"\">Cicer\u00f3n<\/a> es consciente de que las situaciones cr\u00edticas demandan medidas excepcionales;<em> ratio publicae utilitatis, ratio status<\/em>, era algo familiar en el pensamiento de la <em>Edad Media<\/em>.<\/span><\/span><\/strong><\/p>\n<\/blockquote>\n<p>&nbsp;<\/p>\n<p style=\"text-align: justify;\"><span style=\"font-size: 14pt;\">\u00abLa necesidad no conoce ley\u00bb es un sentimiento <em><strong>tomista<\/strong><\/em>; <strong>Pierre de Auvernia<\/strong> dice en gran medida lo mismo. <strong>Harrington<\/strong> lo repiti\u00f3 en el siglo siguiente, y <a href=\"https:\/\/puntocritico.com\/ausajpuntocritico\/2024\/04\/23\/de-la-obligacion-de-las-promesas-por-david-hume\/\" target=\"_blank\" rel=\"noopener\" data-schema-attribute=\"\"><strong>Hume<\/strong><\/a> lo aplaudi\u00f3.\u00a0<\/span><span style=\"font-size: 14pt;\">Ni estos ni tal vez ning\u00fan otro pensador consider\u00f3 que estas opiniones fueran originales. <strong>Maquiavelo<\/strong> no cre\u00f3 la <em><strong>Raison d&#8217;\u00e9tat<\/strong><\/em> ni hizo mucho uso de ella.<\/span><\/p>\n<p>&nbsp;<\/p>\n<blockquote>\n<p style=\"text-align: center;\"><strong><span style=\"font-size: 14pt;\"><span style=\"color: #008000;\">Ni estos ni tal vez ning\u00fan otro pensador consider\u00f3 que estas opiniones fueran originales. <\/span><\/span><\/strong><\/p>\n<p style=\"text-align: center;\"><strong><span style=\"font-size: 14pt;\"><span style=\"color: #008000;\">Maquiavelo no cre\u00f3 la <em>Raison d&#8217;\u00e9tat<\/em> ni hizo mucho uso de ella.<\/span> <\/span><\/strong><\/p>\n<\/blockquote>\n<p>&nbsp;<\/p>\n<p style=\"text-align: justify;\"><span style=\"font-size: 14pt;\">Realz\u00f3 <strong>la importancia de la voluntad, el arrojo, la destreza, a expensas de las reglas trazadas por la <em>tranquila ragione<\/em><\/strong>, a la cual hubiesen acudido sus colegas de la <em>Pratiche Fiorentini<\/em> y tal vez los de los <em>Jardines Oricellari<\/em>. <\/span><\/p>\n<p style=\"text-align: justify;\"><span style=\"font-size: 14pt;\">Eso hizo <strong>Leon Battista Alberti<\/strong> cuando declar\u00f3 que <strong>la fortuna solo aplasta a los d\u00e9biles y a los pobres<\/strong>; eso hicieron poetas contempor\u00e1neos; eso tambi\u00e9n, con su modo propio, hizo <a href=\"https:\/\/puntocritico.com\/ausajpuntocritico\/2025\/04\/03\/pensadores-deslenguados-y-sin-corazon-pico-mirandola\/\" target=\"_blank\" rel=\"noopener\" data-schema-attribute=\"\"><strong>Pico della Mirandola<\/strong><\/a> en su gran ap\u00f3strofe a l<strong>os poderes del hombre que, a diferencia de los \u00e1ngeles, pueden transformarse de cualquier modo<\/strong>, y que representa la imagen ardiente que est\u00e1 en el coraz\u00f3n del <em>humanismo<\/em> <em>europeo<\/em> tanto del norte como del <em>Mediterr\u00e1neo<\/em>.<\/span><\/p>\n<p>&nbsp;<\/p>\n<figure id=\"attachment_2298581\" aria-describedby=\"caption-attachment-2298581\" style=\"width: 300px\" class=\"wp-caption aligncenter\"><a href=\"https:\/\/puntocritico.com\/ausajpuntocritico\/2025\/04\/03\/pensadores-deslenguados-y-sin-corazon-pico-mirandola\/\" target=\"_blank\" rel=\"noopener\" data-schema-attribute=\"\"><img loading=\"lazy\" decoding=\"async\" class=\"wp-image-2298581\" src=\"https:\/\/puntocritico.com\/ausajpuntocritico\/wp-content\/uploads\/2024\/06\/Pico-della-Mirandola-229x300.jpg\" alt=\"\" width=\"300\" height=\"394\" srcset=\"https:\/\/puntocritico.com\/ausajpuntocritico\/wp-content\/uploads\/2024\/06\/Pico-della-Mirandola-229x300.jpg 229w, https:\/\/puntocritico.com\/ausajpuntocritico\/wp-content\/uploads\/2024\/06\/Pico-della-Mirandola.jpg 330w\" sizes=\"auto, (max-width: 300px) 100vw, 300px\" \/><\/a><figcaption id=\"caption-attachment-2298581\" class=\"wp-caption-text\"><span style=\"color: #008000;\">Pico della Mirandola, retrato atribuido a Cristofano dell&#8217;Altissimo (Florencia, Galer\u00eda Uffizi).<\/span><\/figcaption><\/figure>\n<p>&nbsp;<\/p>\n<p style=\"text-align: justify;\"><span style=\"font-size: 14pt;\">Mucho m\u00e1s original, como se ha observado frecuentemente, es el divorcio de <strong>Maquiavelo<\/strong> del <strong>comportamiento pol\u00edtico como campo de estudio de la imagen teol\u00f3gica del mundo<\/strong>, en t\u00e9rminos de la cual este tema se discute antes (<em>aun por <strong>Marsilio<\/strong><\/em>) y despu\u00e9s de \u00e9l. <\/span><\/p>\n<p style=\"text-align: justify;\"><span style=\"font-size: 14pt;\">Sin embargo, no es su secularismo, por audaz que fuese en su d\u00eda, lo que pudo haber perturbado a los contempor\u00e1neos de <a href=\"https:\/\/puntocritico.com\/ausajpuntocritico\/2026\/03\/03\/la-hidra-de-la-supersticion-voltaire\/\" target=\"_blank\" rel=\"noopener\" data-schema-attribute=\"\"><strong>Voltaire<\/strong><\/a> o <strong>Bentham<\/strong>, o a sus sucesores. Lo que los conmocion\u00f3 fue otra cosa.<\/span><\/p>\n<p style=\"text-align: justify;\"><span style=\"font-size: 14pt;\">El logro cardinal de <strong>Maquiavelo<\/strong>, perm\u00edtaseme repetirlo, es el <strong>descubrimiento de un dilema insoluble<\/strong>, la inserci\u00f3n de un signo de interrogaci\u00f3n permanente en la senda de la posteridad.<\/span><\/p>\n<p>&nbsp;<\/p>\n<blockquote>\n<p style=\"text-align: center;\"><strong><span style=\"color: #008000;\"><span style=\"font-size: 14pt;\">El logro cardinal de Maquiavelo es su reconocimiento de que fines igualmente \u00faltimos, igualmente sagrados, pueden contradecirse uno al otro; que sistemas enteros de valores pueden sufrir un choque sin la posibilidad de un arbitrio racional, y no tan solo en circunstancias excepcionales <\/span><span style=\"font-size: 14pt;\">sino (<em>y esto sin duda era nuevo<\/em>) como parte de la situaci\u00f3n humana normal.<\/span><\/span><\/strong><\/p>\n<\/blockquote>\n<p>&nbsp;<\/p>\n<p style=\"text-align: justify;\"><span style=\"font-size: 14pt;\">Emana de su reconocimiento de facto de que <strong>fines igualmente \u00faltimos, igualmente sagrados, pueden contradecirse uno al otro<\/strong>; que s<strong>istemas enteros de valores pueden sufrir un choque sin la posibilidad de un arbitrio racional<\/strong>, y <strong>no tan solo en circunstancias excepcionales<\/strong>, como resultado de una anormalidad,\u00a0<\/span><span style=\"font-size: 14pt;\">accidente o error -el choque de <a href=\"https:\/\/puntocritico.com\/ausajpuntocritico\/2019\/07\/04\/carola-rackete-antigona-reencarnada-yo-la-vi-a-ella-enterrando-al-muerto-que-tu-habias-dicho-que-quedase-insepulto\/\" target=\"_blank\" rel=\"noopener\" data-schema-attribute=\"\"><em><strong>Ant\u00edgona<\/strong><\/em><\/a> y <em><strong>Cre\u00f3n<\/strong> <\/em>o la historia de <em><strong>Trist\u00e1n<\/strong> <\/em>sino (<em>y esto sin duda era nuevo<\/em>) <strong>como parte de la situaci\u00f3n humana normal<\/strong>.<\/span><\/p>\n<p style=\"text-align: justify;\"><span style=\"font-size: 14pt;\">Para quienes creen que esos choques son raros, excepcionales y desastrosos, la elecci\u00f3n que hay que hacer es necesariamente una <strong>experiencia dolorosa para la cual, como ser racional, uno no puede prepararse<\/strong> (<em>dado que no se aplican reglas<\/em>). <\/span><\/p>\n<p style=\"text-align: justify;\"><span style=\"font-size: 14pt;\">Pero para <strong>Maquiavelo<\/strong>, cuando menos en <em><strong>El pr\u00edncipe<\/strong><\/em>, <strong><em>Los discursos<\/em><\/strong>, <em><strong>La mandr\u00e1gora<\/strong><\/em>, no hay dolor. <strong>Uno escoge porque sabe lo que quiere y est\u00e1 dispuesto a pagar el precio<\/strong>. <\/span><\/p>\n<p style=\"text-align: justify;\"><span style=\"font-size: 14pt;\">Se escoge la <em>civilizaci\u00f3n cl\u00e1sica<\/em> antes que el <em>desierto tebano<\/em>, <em>Roma<\/em> y no <em>Jerusal\u00e9n<\/em>, digan lo que digan los <em>sacerdotes<\/em>, porque<strong> esa es su naturaleza<\/strong> -\u00e9l no es existencialista o individualista rom\u00e1ntico <em>avant la parole<\/em>&#8211; <strong>y la de los hombres en general, en todas las \u00e9pocas, por doquier<\/strong>.<\/span><\/p>\n<p>&nbsp;<\/p>\n<figure id=\"attachment_2319112\" aria-describedby=\"caption-attachment-2319112\" style=\"width: 400px\" class=\"wp-caption aligncenter\"><img loading=\"lazy\" decoding=\"async\" class=\"wp-image-2319112\" src=\"https:\/\/puntocritico.com\/ausajpuntocritico\/wp-content\/uploads\/2026\/04\/Basilica-de-santa-Maria-Novella-Florencia-Obra-de-Leon-B-Alberti-300x225.webp\" alt=\"\" width=\"400\" height=\"300\" srcset=\"https:\/\/puntocritico.com\/ausajpuntocritico\/wp-content\/uploads\/2026\/04\/Basilica-de-santa-Maria-Novella-Florencia-Obra-de-Leon-B-Alberti-300x225.webp 300w, https:\/\/puntocritico.com\/ausajpuntocritico\/wp-content\/uploads\/2026\/04\/Basilica-de-santa-Maria-Novella-Florencia-Obra-de-Leon-B-Alberti-768x576.webp 768w, https:\/\/puntocritico.com\/ausajpuntocritico\/wp-content\/uploads\/2026\/04\/Basilica-de-santa-Maria-Novella-Florencia-Obra-de-Leon-B-Alberti-678x509.webp 678w, https:\/\/puntocritico.com\/ausajpuntocritico\/wp-content\/uploads\/2026\/04\/Basilica-de-santa-Maria-Novella-Florencia-Obra-de-Leon-B-Alberti-326x245.webp 326w, https:\/\/puntocritico.com\/ausajpuntocritico\/wp-content\/uploads\/2026\/04\/Basilica-de-santa-Maria-Novella-Florencia-Obra-de-Leon-B-Alberti-80x60.webp 80w, https:\/\/puntocritico.com\/ausajpuntocritico\/wp-content\/uploads\/2026\/04\/Basilica-de-santa-Maria-Novella-Florencia-Obra-de-Leon-B-Alberti.webp 1000w\" sizes=\"auto, (max-width: 400px) 100vw, 400px\" \/><figcaption id=\"caption-attachment-2319112\" class=\"wp-caption-text\"><span style=\"color: #008000;\">Bas\u00edlica de santa Maria Novella, Florencia. Obra de Leon Battista Alberti.<\/span><\/figcaption><\/figure>\n<p>&nbsp;<\/p>\n<p style=\"text-align: justify;\"><span style=\"font-size: 14pt;\"><strong>Si otros prefieren la soledad o el martirio, \u00e9l se encoge de hombros. Esas personas no son para \u00e9l.<\/strong> No tiene nada que decirles, nada que discutir con ellos.<\/span><\/p>\n<p style=\"text-align: justify;\"><span style=\"font-size: 14pt;\"> Todo lo que les importa a quienes concuerdan con \u00e9l, es que<strong> a tales hombres no se les debe permitir mezclarse en pol\u00edtica o en educaci\u00f3n o en cualquiera de los factores cardinales de la vida humana<\/strong>, su perspectiva los hace ineptos para tales tareas.<\/span><\/p>\n<p style=\"text-align: justify;\"><span style=\"font-size: 14pt;\">No quiero decir que <strong>Maquiavelo<\/strong> afirme expl\u00edcitamente que hay un pluralismo ni aun un dualismo de valores entre los que deben hacerse elecciones conscientes. Pero esto se concluye de los contrastes que deriva de la conducta que admira y la que condena. <\/span><\/p>\n<p style=\"text-align: justify;\"><span style=\"font-size: 14pt;\"><strong>Parece dar por hecha la obvia superioridad de las virtudes c\u00edvicas cl\u00e1sicas y hace a un lado los valores cristianos, as\u00ed como la moralidad convencional<\/strong>, con una o dos frases despectivas o paternalistas, o palabras adecuadas acerca de la interpretaci\u00f3n indebida del cristianismo <strong>[106]<\/strong>. <\/span><\/p>\n<p style=\"text-align: justify;\"><span style=\"font-size: 14pt;\">Esto preocupa o enfurece a los que est\u00e1n m\u00e1s en desacuerdo con \u00e9l, sobre todo porque va contra sus convicciones sin dar la impresi\u00f3n de ser consciente de ello, y <strong>recomienda medios perversos como los m\u00e1s obviamente sensatos, algo que solo rechazar\u00e1n los tontos o los visionarios<\/strong>.<\/span><\/p>\n<p style=\"text-align: justify;\"><span style=\"font-size: 14pt;\">Si lo que <strong>Maquiavelo<\/strong> cre\u00eda es verdad, esto<strong> socava un supuesto importante del mundo occidental<\/strong>: <\/span><\/p>\n<blockquote>\n<p style=\"text-align: justify;\"><strong><span style=\"font-size: 14pt; color: #008000;\">que en alg\u00fan punto del pasado o del futuro, en este mundo o en el pr\u00f3ximo, en la <em>Iglesia<\/em> o en el laboratorio, en\u00a0<\/span><span style=\"font-size: 14pt;\"><span style=\"color: #008000;\">las especulaciones del metaf\u00edsico, en los hallazgos del cient\u00edfico social, o en el coraz\u00f3n puro del buen hombre sencillo, habr\u00e1 de encontrarse la soluci\u00f3n final a la cuesti\u00f3n de c\u00f3mo deber\u00e1n vivir los hombres.<\/span> <\/span><\/strong><\/p>\n<\/blockquote>\n<p>&nbsp;<\/p>\n<p style=\"text-align: justify;\"><span style=\"font-size: 14pt;\">Si esto es falso (<em>y si se puede dar m\u00e1s de una respuesta igualmente v\u00e1lida a la pregunta, es falso<\/em>) la idea del ideal humano como verdad \u00fanica, objetiva, universal, se desmorona. <strong>La mera b\u00fasqueda de ese ideal se vuelve no solo ut\u00f3pica en la pr\u00e1ctica, sino conceptualmente incoherente<\/strong>.<\/span><\/p>\n<p style=\"text-align: justify;\"><span style=\"font-size: 14pt;\">Sin duda se puede ver que esto resultar\u00eda insoportable para los hombres, creyentes o ateos, empiristas o aprioristas, educados en el supuesto contrario. <strong>Nada podr\u00eda disgustar m\u00e1s a los que se criaron en religiones o, en todo caso, en un sistema moral, social o pol\u00edtico monista, que ver que muestra una ruptura<\/strong>.<\/span><\/p>\n<p>&nbsp;<\/p>\n<p><img loading=\"lazy\" decoding=\"async\" class=\"aligncenter wp-image-2319113\" src=\"https:\/\/puntocritico.com\/ausajpuntocritico\/wp-content\/uploads\/2026\/04\/Meineke-libro-250x300.jpg\" alt=\"\" width=\"300\" height=\"360\" srcset=\"https:\/\/puntocritico.com\/ausajpuntocritico\/wp-content\/uploads\/2026\/04\/Meineke-libro-250x300.jpg 250w, https:\/\/puntocritico.com\/ausajpuntocritico\/wp-content\/uploads\/2026\/04\/Meineke-libro.jpg 468w\" sizes=\"auto, (max-width: 300px) 100vw, 300px\" \/><\/p>\n<p>&nbsp;<\/p>\n<p style=\"text-align: justify;\"><span style=\"font-size: 14pt;\">Esta es la <em>daga<\/em> de la que habla <strong>Meinecke<\/strong>, y con la que <strong>Maquiavelo<\/strong> infligi\u00f3 la herida que nunca ha cerrado; aun cuando <strong>Felix Gilbert<\/strong> tenga raz\u00f3n al pensar que <strong>Maquiavelo<\/strong> no lleva la <em>cicatriz<\/em> de esta, pues \u00e9l sigui\u00f3 siendo monista, aunque pagano.<\/span><\/p>\n<p style=\"text-align: justify;\"><span style=\"font-size: 14pt;\">Indudablemente <strong>Maquiavelo<\/strong> fue culpable de <strong>mucha confusi\u00f3n y exageraci\u00f3n<\/strong>. <\/span><\/p>\n<blockquote>\n<p style=\"text-align: justify;\"><strong><span style=\"font-size: 14pt; color: #008000;\">Confundi\u00f3 la proposici\u00f3n de que los ideales \u00faltimos pueden ser incompatibles con la proposici\u00f3n totalmente distinta de que los ideales humanos m\u00e1s convencionales -basados en las ideas de ley natural, amor fraterno y bondad humana eran irrealizables, y que los que actuaban a partir del supuesto contrario eran tontos y a veces peligrosos, y atribu\u00eda esta dudosa proposici\u00f3n a la <em>Antig\u00fcedad<\/em>, creyendo que hab\u00eda sido verificada por la historia.<\/span><\/strong><\/p>\n<\/blockquote>\n<p>&nbsp;<\/p>\n<p style=\"text-align: justify;\"><span style=\"font-size: 14pt;\"><strong>La primera de esas aserciones<\/strong> <strong>ataca la ra\u00edz de todas las doctrinas que creen en la posibilidad de alcanzar, o cuando menos de formular, soluciones finales<\/strong>; <strong>la segunda<\/strong> <strong>es emp\u00edrica<\/strong>, un lugar com\u00fan y <strong>no evidente por s\u00ed misma<\/strong>. Las dos proposiciones no son, en todo caso, id\u00e9nticas o l\u00f3gicamente conectadas.<\/span><\/p>\n<p style=\"text-align: justify;\"><span style=\"font-size: 14pt;\">Adem\u00e1s, <strong>exager\u00f3 b\u00e1rbaramente;<\/strong> los <strong>tipos idealizados<\/strong> del <em>griego de <strong>Pericles<\/strong><\/em> o del <em>romano de la antigua rep\u00fablica<\/em> pueden ser irreconciliables con el ciudadano ideal de una comunidad cristiana (<em>suponiendo que tal cosa fuera concebible<\/em>), pero e<strong>n la pr\u00e1ctica sobre todo en la historia a la cual nuestro autor se acerc\u00f3 en busca de ejemplos, si no de pruebas rara vez se presentan tipos puros<\/strong>; <\/span><\/p>\n<blockquote>\n<p style=\"text-align: justify;\"><span style=\"color: #008000;\"><strong><span style=\"font-size: 14pt;\">se pueden concebir sin demasiada dificultad intelectual mezclas y compuestos y compromisos y formas de vida comunal\u00a0<\/span><span style=\"font-size: 14pt;\">que no calzan en las clasificaciones, pero que ni los cristianos, ni los liberales humanistas, ni Maquiavelo se ver\u00edan obligados por sus creencias a rechazar.<\/span><\/strong><\/span><\/p>\n<\/blockquote>\n<p>&nbsp;<\/p>\n<p><img loading=\"lazy\" decoding=\"async\" class=\"aligncenter wp-image-2319103\" src=\"https:\/\/puntocritico.com\/ausajpuntocritico\/wp-content\/uploads\/2026\/04\/Maquiavelo-satanizado-1.jpg\" alt=\"\" width=\"440\" height=\"279\" \/><\/p>\n<p>&nbsp;<\/p>\n<p style=\"text-align: justify;\"><span style=\"font-size: 14pt;\">Sin embargo, <strong>atacar e infligir un da\u00f1o duradero a un supuesto central de toda una civilizaci\u00f3n es un logro de primer orden<\/strong>.\u00a0<\/span><\/p>\n<p>&nbsp;<\/p>\n<blockquote>\n<p style=\"text-align: center;\"><strong><span style=\"font-size: 14pt;\"><span style=\"color: #008000;\">Maquiavelo\u00a0meramente da por sentada la superioridad de la <em>antiqua Virtus romana<\/em> (<em>lo que puede resultar muy exasperante para los que no lo hacen<\/em>) sobre la v<em>ida cristiana<\/em> tal como la ense\u00f1a la <em>Iglesia<\/em>.<\/span> <\/span><\/strong><\/p>\n<\/blockquote>\n<p>&nbsp;<\/p>\n<p style=\"text-align: justify;\"><span style=\"font-size: 14pt;\"><strong>Maquiavelo<\/strong> <strong>no afirma este dualismo<\/strong>. <\/span><\/p>\n<p style=\"text-align: justify;\"><span style=\"font-size: 14pt;\">Meramente <strong>da por sentada la superioridad de la <em>antiqua Virtus romana<\/em><\/strong> (<em>lo que puede resultar muy exasperante para los que no lo hacen<\/em>) <strong>sobre la v<em>ida cristiana<\/em> tal como la ense\u00f1a la <em>Iglesia<\/em><\/strong>. <\/span><\/p>\n<p style=\"text-align: justify;\"><span style=\"font-size: 14pt;\">Menciona unas palabras al pasar acerca de lo que podr\u00eda haber llegado a ser el <em>cristianismo<\/em>, pero no espera que cambie su real car\u00e1cter. Ah\u00ed deja las cosas. <\/span><\/p>\n<p style=\"text-align: justify;\"><span style=\"font-size: 14pt;\">El que crea en la <em>moralidad cristiana<\/em> y vea a la comunidad cristiana como su personificaci\u00f3n, pero al mismo tiempo acepte en gran parte la validez del an\u00e1lisis pol\u00edtico y psicol\u00f3gico de <strong>Maquiavelo<\/strong> y no rechace la herencia secular de <em>Roma<\/em>, est\u00e1 en un predicamento y se enfrenta a un <strong>dilema<\/strong> que, si <strong>Maquiavelo<\/strong> tiene raz\u00f3n, no solo no ha sido resuelto sino que es insoluble.<\/span><\/p>\n<p>&nbsp;<\/p>\n<blockquote>\n<p style=\"text-align: center;\"><span style=\"color: #008000;\"><strong><span style=\"font-size: 14pt;\">El que crea en la <em>moralidad cristiana<\/em> y vea a la comunidad cristiana como su personificaci\u00f3n, pero al mismo tiempo acepte en gran parte la validez del an\u00e1lisis pol\u00edtico y psicol\u00f3gico de Maquiavelo y no rechace la herencia secular de <em>Roma<\/em>, est\u00e1 en un predicamento y se enfrenta a un dilema que, si Maquiavelo tiene raz\u00f3n, no solo no ha sido resuelto sino que es insoluble.<\/span><\/strong><\/span><\/p>\n<\/blockquote>\n<p>&nbsp;<\/p>\n<p style=\"text-align: justify;\"><span style=\"font-size: 14pt;\">Este es el <em>nudo gordiano<\/em> que, de acuerdo con <a href=\"https:\/\/en.wikipedia.org\/wiki\/Lucilio_Vanini\" target=\"_blank\" rel=\"noopener\" data-schema-attribute=\"\"><strong>Vanini<\/strong><\/a> y <a href=\"https:\/\/puntocritico.com\/ausajpuntocritico\/2023\/01\/06\/monada-sustancia-dios-dios-sin-dios-spinoza-y-leibniz-por-oscar-sanchez-vadillo-2\/\" target=\"_blank\" rel=\"noopener\" data-schema-attribute=\"\"><strong>Leibniz<\/strong><\/a>, ha amarrado el autor de <strong><em>El pr\u00edncipe<\/em><\/strong>, un nudo que puede cortarse, pero no desatarse. A eso se deben los esfuerzos por diluir sus doctrinas, o interpretarlas a modo de arrancarles el aguij\u00f3n.<\/span><\/p>\n<p>&nbsp;<\/p>\n<figure id=\"attachment_2319120\" aria-describedby=\"caption-attachment-2319120\" style=\"width: 240px\" class=\"wp-caption aligncenter\"><a href=\"https:\/\/en.wikipedia.org\/wiki\/Lucilio_Vanini\" target=\"_blank\" rel=\"noopener\" data-schema-attribute=\"\"><img loading=\"lazy\" decoding=\"async\" class=\"wp-image-2319120\" src=\"https:\/\/puntocritico.com\/ausajpuntocritico\/wp-content\/uploads\/2026\/04\/Lucilio_Julius_Caesar_Vanini._Line_engraving._Wellcome_V0005991-188x300.jpg\" alt=\"\" width=\"240\" height=\"383\" srcset=\"https:\/\/puntocritico.com\/ausajpuntocritico\/wp-content\/uploads\/2026\/04\/Lucilio_Julius_Caesar_Vanini._Line_engraving._Wellcome_V0005991-188x300.jpg 188w, https:\/\/puntocritico.com\/ausajpuntocritico\/wp-content\/uploads\/2026\/04\/Lucilio_Julius_Caesar_Vanini._Line_engraving._Wellcome_V0005991.jpg 330w\" sizes=\"auto, (max-width: 240px) 100vw, 240px\" \/><\/a><figcaption id=\"caption-attachment-2319120\" class=\"wp-caption-text\"><span style=\"color: #008000;\"><strong>Grabado lineal de Lucilio (Giulio Cesare) Vanini<\/strong>. <strong>Giulio Cesare Vanini<\/strong> (1585\u20131619) y <strong>Gottfried Wilhelm Leibniz<\/strong> (1646\u20131716) representan dos polos opuestos en el pensamiento europeo: <strong>Vanini<\/strong>, un fil\u00f3sofo libertino y pante\u00edsta italiano ejecutado por ate\u00edsmo, y <strong>Leibniz<\/strong>, un racionalista alem\u00e1n que busc\u00f3 armonizar la raz\u00f3n con la fe cristiana. Aunque de \u00e9pocas distintas, sus visiones sobre Dios, la naturaleza y el ate\u00edsmo a menudo se contraponen en los debates de la Ilustraci\u00f3n.<\/span><\/figcaption><\/figure>\n<p>&nbsp;<\/p>\n<p style=\"text-align: justify;\"><span style=\"font-size: 14pt;\">Despu\u00e9s de <strong>Maquiavelo<\/strong> es posible que <strong>la duda infecte a toda construcci\u00f3n <em>monista<\/em><\/strong>. <\/span><\/p>\n<p style=\"text-align: justify;\"><span style=\"font-size: 14pt;\"><strong>El sentido de certidumbre de que en alg\u00fan lado hay un tesoro escondido la soluci\u00f3n final de nuestros males y al que alguna senda debe conducir<\/strong> (<em>pues en principio tiene que ser descubrible<\/em>); o, para alterar la imagen, la convicci\u00f3n de que los fragmentos constituidos por nuestras creencias y h\u00e1bitos son piezas de <strong>un rompecabezas, que<\/strong> (<em>dado que hay una garant\u00eda a priori de esto<\/em>) <strong>puede, en principio, ser resuelto<\/strong>, de modo que si hasta la fecha no hemos hallado la soluci\u00f3n con la que todos los intereses se ver\u00e1n armonizados es solo por falta de habilidad, por estupidez o mala fortuna, <strong>esta creencia fundamental del pensamiento pol\u00edtico de Occidente ha sido severamente sacudida<\/strong>. <\/span><\/p>\n<p style=\"text-align: justify;\"><span style=\"font-size: 14pt;\">Seguramente en una \u00e9poca que busca certidumbres esto deber\u00eda ser suficiente para comprender los interminables esfuerzos, m\u00e1s numerosos hoy que nunca, para explicar <em><strong>El pr\u00edncipe<\/strong><\/em> y <em><strong>Los discursos<\/strong><\/em> o para justificarlos.<\/span><\/p>\n<p>&nbsp;<\/p>\n<blockquote>\n<p style=\"text-align: center;\"><strong><span style=\"font-size: 14pt; color: #008000;\">En una \u00e9poca que busca certidumbres, esto deber\u00eda ser suficiente para comprender los interminables esfuerzos, m\u00e1s numerosos hoy que nunca, para explicar <em>El pr\u00edncipe<\/em> y <em>Los discursos,<\/em> o para justificarlos.<\/span><\/strong><\/p>\n<\/blockquote>\n<p>&nbsp;<\/p>\n<p><a href=\"https:\/\/puntocritico.com\/ausajpuntocritico\/2018\/05\/12\/siete-noches-con-jorge-luis-borges-noche-primera-la-divina-comedia\/\" target=\"_blank\" rel=\"noopener\" data-schema-attribute=\"\"><img loading=\"lazy\" decoding=\"async\" class=\"aligncenter wp-image-2319101\" src=\"https:\/\/puntocritico.com\/ausajpuntocritico\/wp-content\/uploads\/2026\/04\/Dante-cielo-1-300x169.webp\" alt=\"\" width=\"440\" height=\"248\" srcset=\"https:\/\/puntocritico.com\/ausajpuntocritico\/wp-content\/uploads\/2026\/04\/Dante-cielo-1-300x169.webp 300w, https:\/\/puntocritico.com\/ausajpuntocritico\/wp-content\/uploads\/2026\/04\/Dante-cielo-1-1024x576.webp 1024w, https:\/\/puntocritico.com\/ausajpuntocritico\/wp-content\/uploads\/2026\/04\/Dante-cielo-1-768x432.webp 768w, https:\/\/puntocritico.com\/ausajpuntocritico\/wp-content\/uploads\/2026\/04\/Dante-cielo-1-1536x864.webp 1536w, https:\/\/puntocritico.com\/ausajpuntocritico\/wp-content\/uploads\/2026\/04\/Dante-cielo-1-678x381.webp 678w, https:\/\/puntocritico.com\/ausajpuntocritico\/wp-content\/uploads\/2026\/04\/Dante-cielo-1-1320x743.webp 1320w, https:\/\/puntocritico.com\/ausajpuntocritico\/wp-content\/uploads\/2026\/04\/Dante-cielo-1.webp 1920w\" sizes=\"auto, (max-width: 440px) 100vw, 440px\" \/><\/a><\/p>\n<p>&nbsp;<\/p>\n<p style=\"text-align: justify;\"><span style=\"font-size: 14pt;\">Esta es la implicaci\u00f3n negativa. Hay tambi\u00e9n una positiva y que pudiera haber sorprendido y tal vez disgustado a <strong>Maquiavelo<\/strong>. <\/span><\/p>\n<p style=\"text-align: justify;\"><strong><span style=\"font-size: 14pt;\">Mientras la verdadera\u00a0<\/span><span style=\"font-size: 14pt;\">meta sea un solo ideal, siempre les parecer\u00e1 a los hombres que ning\u00fan medio pue<\/span><\/strong><span style=\"font-size: 14pt;\"><strong>de ser demasiado dif\u00edcil, ni el precio demasiado alto<\/strong>, para hacer lo que haga falta para alcanzar la meta final.<\/span><\/p>\n<p style=\"text-align: justify;\"><span style=\"font-size: 14pt;\"><strong> Tal certidumbre es una de las grandes justificaciones del <em>fanatismo<\/em><\/strong>, la <em>compulsi\u00f3n<\/em>, la <em>persecuci\u00f3n<\/em>. <\/span><\/p>\n<p style=\"text-align: justify;\"><span style=\"font-size: 14pt;\"><strong>Pero si no todos los valores son compatibles entre s\u00ed, y se debe elegir sin mejor raz\u00f3n de que cada valor es lo que es y nosotros lo elegimos por lo que es<\/strong> y no porque pueda ser mostrado en alguna escala simple como mayor que otro, si escogemos formas de vida porque creemos en ellas o porque las damos por supuestas o, al examinarlas, descubrimos que no estamos moralmente preparados para vivir de otra manera (<em>aunque otros escojan de modo diferente<\/em>); <\/span><\/p>\n<blockquote>\n<p style=\"text-align: justify;\"><span style=\"color: #008000;\"><strong><span style=\"font-size: 14pt;\">si la racionalidad y el c\u00e1lculo solo pueden aplicarse a medios o fines subordinados, pero nunca a fines \u00faltimos, emerge un cuadro diferente de lo construido alrededor del antiguo principio de que hay un solo bien para los hombres.<\/span><\/strong><\/span><\/p>\n<\/blockquote>\n<p>&nbsp;<\/p>\n<figure id=\"attachment_2294343\" aria-describedby=\"caption-attachment-2294343\" style=\"width: 360px\" class=\"wp-caption aligncenter\"><a href=\"https:\/\/puntocritico.com\/ausajpuntocritico\/2024\/03\/05\/david-hume-tratado-de-la-naturaleza-humana-1\/\" target=\"_blank\" rel=\"noopener\" data-schema-attribute=\"\"><img loading=\"lazy\" decoding=\"async\" class=\"wp-image-2294343\" src=\"https:\/\/puntocritico.com\/ausajpuntocritico\/wp-content\/uploads\/2024\/03\/Tratado-de-la-Naturaleza-Humana-Hume-300x233.png\" alt=\"\" width=\"360\" height=\"279\" srcset=\"https:\/\/puntocritico.com\/ausajpuntocritico\/wp-content\/uploads\/2024\/03\/Tratado-de-la-Naturaleza-Humana-Hume-300x233.png 300w, https:\/\/puntocritico.com\/ausajpuntocritico\/wp-content\/uploads\/2024\/03\/Tratado-de-la-Naturaleza-Humana-Hume.png 513w\" sizes=\"auto, (max-width: 360px) 100vw, 360px\" \/><\/a><figcaption id=\"caption-attachment-2294343\" class=\"wp-caption-text\"><a href=\"https:\/\/puntocritico.com\/ausajpuntocritico\/2024\/03\/05\/david-hume-tratado-de-la-naturaleza-humana-1\/\" target=\"_blank\" rel=\"noopener\" data-schema-attribute=\"\"><span style=\"color: #008000;\">DAVID HUME, Tratado de la naturaleza humana<\/span> <\/a><\/figcaption><\/figure>\n<p>&nbsp;<\/p>\n<p style=\"text-align: justify;\"><span style=\"font-size: 14pt;\"><strong>Si solo hay una soluci\u00f3n al enigma<\/strong>, el \u00fanico problema es entonces, primero, c\u00f3mo encontrarla, luego c\u00f3mo llevarla a cabo y luego c\u00f3mo convertir a los otros a la soluci\u00f3n, por la persuasi\u00f3n o por la fuerza. <\/span><\/p>\n<p style=\"text-align: justify;\"><span style=\"font-size: 14pt;\"><strong>Pero si no es as\u00ed<\/strong> (<em><strong>Maquiavelo<\/strong> contrasta dos formas de vida, pero podr\u00eda haber y, salvo para los monistas fan\u00e1ticos, hay obviamente m\u00e1s de dos<\/em>), la senda se abre al <em><strong>empirismo<\/strong><\/em>, el <strong><em>pluralismo<\/em><\/strong>, la <strong><em>tolerancia<\/em><\/strong>, el <strong><em>arreglo<\/em><\/strong>. <\/span><\/p>\n<p style=\"text-align: justify;\"><span style=\"font-size: 14pt;\"><strong>La tolerancia es hist\u00f3ricamente el producto de la comprensi\u00f3n de la <em>irreconciliabilidad de fes<\/em> igualmente dogm\u00e1ticas, y de la improbabilidad pr\u00e1ctica de la total victoria de una sobre la otra<\/strong>. Los que deseaban sobrevivir se dieron cuenta de que ten\u00edan que tolerar el error.<\/span><\/p>\n<p>&nbsp;<\/p>\n<blockquote>\n<p style=\"text-align: center;\"><strong><span style=\"font-size: 14pt; color: #008000;\">Los que deseaban sobrevivir se dieron cuenta de que ten\u00edan que tolerar el error.<\/span><\/strong><\/p>\n<\/blockquote>\n<p>&nbsp;<\/p>\n<p style=\"text-align: justify;\"><span style=\"font-size: 14pt;\">Gradualmente<strong> llegaron a ver m\u00e9ritos en la diversidad y as\u00ed se volvieron esc\u00e9pticos ante las soluciones definitivas en los asuntos humanos<\/strong>. <\/span><\/p>\n<p style=\"text-align: justify;\"><span style=\"font-size: 14pt;\">Pero <strong>una cosa es aceptar algo en la pr\u00e1ctica, otra es justificarlo racionalmente<\/strong>. Los \u00ab<em>escandalosos<\/em>\u00bb escritos de <strong>Maquiavelo<\/strong> dieron inicio a este \u00faltimo proceso. <\/span><\/p>\n<p style=\"text-align: justify;\"><span style=\"font-size: 14pt;\"><strong>Este fue un parteaguas de gran importancia y sus consecuencias intelectuales, para nada deseadas por su originador, fueron<\/strong>, por una afortunada iron\u00eda de la historia (<em>que algunos llaman su dial\u00e9ctica<\/em>) <strong>las bases del mismo <em>liberalismo<\/em><\/strong> que <strong>Maquiavelo<\/strong> seguramente <strong>hubiera condenado como d\u00e9bil y falto de car\u00e1cter<\/strong>, falto de una resuelta b\u00fasqueda del poder, de esplendor, de organizaci\u00f3n, de <em><strong>Virt\u00f9<\/strong><\/em>, capaz de disciplinar a <\/span><span style=\"font-size: 14pt;\">hombres ingobernables contra fuerzas enormes dentro de un todo en\u00e9rgico. <\/span><\/p>\n<p style=\"text-align: justify;\"><span style=\"font-size: 14pt;\"><strong>Sin embargo, \u00e9l es, a despecho de s\u00ed mismo, uno de los hacedores del <em>pluralismo<\/em>, y de su<\/strong> -para \u00e9l- <strong>peligrosa aceptaci\u00f3n de la tolerancia<\/strong>.<\/span><\/p>\n<p style=\"text-align: justify;\"><span style=\"font-size: 14pt;\">Al romper la unidad original <strong>ayud\u00f3 a que los hombres tomaran conciencia de la necesidad de hacer elecciones dolorosas entre alternativas incompatibles en la vida p\u00fablica y en la privada<\/strong> (<em>pues era obvio que no se pod\u00eda mantener a ambas diferenciadas<\/em>). <\/span><\/p>\n<p style=\"text-align: justify;\"><span style=\"font-size: 14pt;\">Su logro es de primer orden, aunque solo fuera porque el dilema nunca ha dado paz al hombre desde que sali\u00f3 a la luz (<em>sigue sin ser resuelto, pero hemos aprendido a vivir con \u00e9l<\/em>). <\/span><\/p>\n<p style=\"text-align: justify;\"><span style=\"font-size: 14pt;\">Sin duda <strong>los hombres han experimentado con bastante frecuencia en la pr\u00e1ctica el conflicto que hizo expl\u00edcito<\/strong> <strong>Maquiavelo<\/strong>, quien convirti\u00f3 su expresi\u00f3n de una paradoja en algo que se acerca al lugar com\u00fan.\u00a0<\/span><span style=\"font-size: 14pt;\"><strong>La espada<\/strong>, de la cual habl\u00f3 <strong>Meinecke<\/strong>, <strong>no ha perdido su filo<\/strong>: <\/span><\/p>\n<blockquote>\n<p style=\"text-align: justify;\"><span style=\"font-size: 14pt; color: #008000;\"><strong>la herida no ha sanado. Conocer lo peor no siempre es quedar libre de sus consecuencias; de todos modos es preferible a la ignorancia.<\/strong> <\/span><\/p>\n<\/blockquote>\n<p>&nbsp;<\/p>\n<p style=\"text-align: justify;\"><span style=\"font-size: 14pt;\">Esta es la dolorosa verdad sobre la que <strong>Maquiavelo<\/strong> forz\u00f3 nuestra atenci\u00f3n, no formul\u00e1ndola expl\u00edcitamente sino, en forma tal vez m\u00e1s efectiva, <strong>relegando la moral tradicional, nunca criticada, al reino de la <em>utop\u00eda<\/em><\/strong>. <\/span><\/p>\n<p style=\"text-align: justify;\"><span style=\"font-size: 14pt;\">O en todo caso esto es lo que quiero sugerir. <strong>Donde existen m\u00e1s de veinte interpretaciones, la adici\u00f3n de una m\u00e1s no puede considerarse una impertinencia<\/strong>. <\/span><\/p>\n<p style=\"text-align: justify;\"><span style=\"font-size: 14pt;\">En el peor de los casos no ser\u00eda sino otro intento por resolver el problema, ahora de m\u00e1s de cuatrocientos a\u00f1os de antig\u00fcedad, que <strong>Croce<\/strong>, al final de su larga vida, present\u00f3 como <\/span><\/p>\n<blockquote>\n<p style=\"text-align: justify;\"><span style=\"color: #008000;\"><strong><span style=\"font-size: 14pt;\">\u00ab<em>Una questione che forse non si chiuder\u00e0 mai la questione del Machiavelli<\/em>\u00bb (<em>Una cuesti\u00f3n que quiz\u00e1s nunca se resuelva: la cuesti\u00f3n de Maquiavelo<\/em>) [108].\u00a0<\/span><\/strong><\/span><\/p>\n<\/blockquote>\n<p style=\"text-align: justify;\">\u00a0<\/p>\n<p style=\"text-align: justify;\"><img loading=\"lazy\" decoding=\"async\" class=\"aligncenter wp-image-2318468\" src=\"https:\/\/puntocritico.com\/ausajpuntocritico\/wp-content\/uploads\/2026\/03\/maquiavelo-PPAL-berlin-1-300x199.jpg\" alt=\"\" width=\"440\" height=\"292\" srcset=\"https:\/\/puntocritico.com\/ausajpuntocritico\/wp-content\/uploads\/2026\/03\/maquiavelo-PPAL-berlin-1-300x199.jpg 300w, https:\/\/puntocritico.com\/ausajpuntocritico\/wp-content\/uploads\/2026\/03\/maquiavelo-PPAL-berlin-1-678x452.jpg 678w, https:\/\/puntocritico.com\/ausajpuntocritico\/wp-content\/uploads\/2026\/03\/maquiavelo-PPAL-berlin-1.jpg 680w\" sizes=\"auto, (max-width: 440px) 100vw, 440px\" \/><\/p>\n<p style=\"text-align: center;\"><span style=\"font-size: 18pt;\"><strong><span style=\"color: #008000;\">*******<\/span><\/strong><\/span><\/p>\n<blockquote>\n<h2 style=\"text-align: center;\">Notas<\/h2>\n<p style=\"text-align: justify;\"><span style=\"font-size: 14pt;\"><strong>[105]<\/strong> La moraleja de su mejor comedia, <em><strong>La<\/strong> <strong>mandr\u00e1gora<\/strong><\/em>, me parece cercana a la de las obras pol\u00edticas: que las doctrinas \u00e9ticas profesadas por los personajes son completamente distintas de lo que hacen para lograr sus diversos fines, pr\u00e1cticamente cada uno de ellos obtiene al final lo que quiere; si <em><strong>Calimaco<\/strong> <\/em>hubiera resistido la tentaci\u00f3n, o la dama que seduce hubiera sentido remordimientos, o <em><strong>fra Timoteo<\/strong><\/em> intentado practicar las m\u00e1ximas de los padres y los <em>escol\u00e1sticos<\/em> con los cuales sazona liberalmente sus discursos, esto podr\u00eda no haber ocurrido. <\/span><\/p>\n<p style=\"text-align: justify;\"><span style=\"font-size: 14pt;\">Pero todo termina bien, aunque no desde el punto de vista de la moral aceptada. <\/span><\/p>\n<p style=\"text-align: justify;\"><span style=\"font-size: 14pt;\">Si la obra castiga la hipocres\u00eda y la estupidez, el punto de vista no es el de la virtud sino el de un c\u00e1ndido hedonismo. Parece plausible la noci\u00f3n de que <em><strong>Calimaco<\/strong> <\/em>es una especie de pr\u00edncipe en la vida privada, con buen \u00e9xito para crear y mantener su propio mundo mediante el uso correcto de la astucia y el fraude, el ejercicio de la <em><strong>Virt\u00f9<\/strong><\/em>, un osado reto a la fortuna, etc., Para esto v\u00e9ase <strong>Henry Paolucci<\/strong>, <em>\u00abIntroduction a Mandragola<\/em>\u00bb , Nueva York, 1957.\u00a0<\/span><\/p>\n<p>&nbsp;<\/p>\n<p style=\"text-align: justify;\"><span style=\"font-size: 14pt;\"><strong>[106]<\/strong> Por ejemplo en los pasajes de los <em><strong>Discourses<\/strong> <\/em>citados arriba, o cuando dice Creo que el mayor bien se puede hacer y el que m\u00e1s place a Dios es aquel que uno hace a su ciudad natal\u00bb. Debo agradecer a <strong>Myron<\/strong> <strong>Gilbert<\/strong> por esta referencia a <em>A Discourse on Remodelling the Government of Florence<\/em>, Gilbert, op. cit. (v\u00e9ase nota 47 supra), vol. I, pp. 113-114. <\/span><\/p>\n<p style=\"text-align: justify;\"><span style=\"font-size: 14pt;\">En ninguna forma es este sentimiento \u00fanico en las obras de <strong>Maquiavelo<\/strong>, pero, dejando a un lado su deseo de adular a<strong> Le\u00f3n X<\/strong>, o la tendencia de todos los autores a caer en los clich\u00e9s de su propio tiempo, \u00bfdebemos suponer que <strong>Maquiavelo<\/strong> trata de hacemos pensar que cuando <strong>Filipo de Macedonia<\/strong> trasplant\u00f3 las poblaciones en una forma que (<em>inevitable como se dice que fue<\/em>) caus\u00f3 n\u00e1usea aun a <strong>Maquiavelo<\/strong>, lo que hizo, dado que era bueno para <em>Macedonia<\/em>, era grato a Dios y, per contra, el fracaso de <strong>Giampaolo Baglioni<\/strong> en su intento de matar al papa y a la curia, desagrad\u00f3 a Dios? <\/span><\/p>\n<p style=\"text-align: justify;\"><span style=\"font-size: 14pt;\">Tal noci\u00f3n de la deidad es, por decir lo menos, remota de la del <em>Nuevo Testamento<\/em>. \u00bfLas necesidades de la patria son autom\u00e1ticamente id\u00e9nticas a las del <em>Todopoderoso<\/em>? \u00bfHay quienes se permitan dudar de esto por el peligro de caer en herej\u00eda? Pudiera ser que a veces <strong>Maquiavelo<\/strong> haya sido representado como demasiado maquiav\u00e9lico; pero suponer que cre\u00eda que los derechos de Dios y de C\u00e9sar eran perfectamente reconciliables reduce su tesis central al absurdo. <\/span><\/p>\n<p style=\"text-align: justify;\"><span style=\"font-size: 14pt;\">Sin embargo, esto no prueba que careciese por entero de todo sentimiento cristiano: la <strong><em>Esortazione alla penitenza<\/em> <\/strong>compuesta en el \u00faltimo a\u00f1o de su vida (<em>si es genuina y no una falsificaci\u00f3n posterior<\/em>), bien pudiera ser absolutamente sincera, como lo creen <strong>Ridolfo<\/strong> y <strong>Alderisio<\/strong>; <strong>Capponi<\/strong> puede haber exagerado que \u00ab<em>ech\u00f3 a la religi\u00f3n de su coraz\u00f3n, aunque \u00abno estaba totalmente extinguida en su pensamiento<\/em>\u00bb. <\/span><\/p>\n<p style=\"text-align: justify;\"><span style=\"font-size: 14pt;\">El punto es que casi no hay huellas de tales \u00e9tats d&#8217;\u00e2me en sus escritos pol\u00edticos, \u00fanicos de los que nos ocupamos. Hay una discusi\u00f3n interesante de esto en <strong>Giuseppe Prezzolini<\/strong>, \u00ab<em>Machiavelli Anticristo<\/em>\u00bb, Roma, 1954, traducido al ingl\u00e9s como Machiavelli, Nueva York, 1967; Londres, 1968\u00bb, en la que esta actitud se traza hasta <strong>Agust\u00edn<\/strong>, y la tesis de <strong>Croce<\/strong> es, por implicaci\u00f3n, controvertida.<\/span><\/p>\n<p>&nbsp;<\/p>\n<p style=\"text-align: justify;\"><span style=\"font-size: 14pt;\"><strong>[107]<\/strong> Citado por Giuseppe Prezzolini, Machiavelli Anticristo, Roma, 1954, traducido al ingl\u00e9s como Machiavelli, Nueva York, 1967; Londres, 1968, versi\u00f3n inglesa, pp. 222-223.\u00a0<\/span><\/p>\n<p>&nbsp;<\/p>\n<p style=\"text-align: justify;\"><span style=\"font-size: 14pt;\"><strong>[108]<\/strong> Quaderni della \u00abCritica\u00bb: 5, n\u00fam. 14, julio de 1949, 1-9.<\/span><\/p>\n<\/blockquote>\n<blockquote>\n<p>&nbsp;<\/p>\n<\/blockquote>\n<p><img loading=\"lazy\" decoding=\"async\" class=\"aligncenter wp-image-2213729\" src=\"https:\/\/puntocritico.com\/ausajpuntocritico\/wp-content\/uploads\/2021\/06\/el-principe-de-nicolas-maquiavelo-300x158.jpg\" alt=\"Nicol\u00e1s Maquiavelo y la raz\u00f3n de estado El Principe\" width=\"555\" height=\"291\" srcset=\"https:\/\/puntocritico.com\/ausajpuntocritico\/wp-content\/uploads\/2021\/06\/el-principe-de-nicolas-maquiavelo-300x158.jpg 300w, https:\/\/puntocritico.com\/ausajpuntocritico\/wp-content\/uploads\/2021\/06\/el-principe-de-nicolas-maquiavelo-1024x538.jpg 1024w, https:\/\/puntocritico.com\/ausajpuntocritico\/wp-content\/uploads\/2021\/06\/el-principe-de-nicolas-maquiavelo-768x403.jpg 768w, https:\/\/puntocritico.com\/ausajpuntocritico\/wp-content\/uploads\/2021\/06\/el-principe-de-nicolas-maquiavelo-610x320.jpg 610w, https:\/\/puntocritico.com\/ausajpuntocritico\/wp-content\/uploads\/2021\/06\/el-principe-de-nicolas-maquiavelo.jpg 1200w\" sizes=\"auto, (max-width: 555px) 100vw, 555px\" \/><\/p>\n<p style=\"text-align: center;\"><span style=\"font-size: 18pt;\"><strong><span style=\"color: #008000;\">*******<\/span><\/strong><\/span><\/p>\n<h2 style=\"text-align: justify;\"><span style=\"font-size: 14pt;\"><strong>RELACIONADOS:<\/strong><\/span><\/h2>\n<blockquote class=\"wp-embedded-content\" data-secret=\"6WfD5cWzg2\"><p><a href=\"https:\/\/puntocritico.com\/ausajpuntocritico\/2026\/04\/05\/maquiavelo-isaiah-berlin-y-4\/\">Nicol\u00e1s Maquiavelo: LA ORIGINALIDAD DE MAQUIAVELO, por Isaiah Berlin (y 4)<\/a><\/p><\/blockquote>\n<p><iframe loading=\"lazy\" class=\"wp-embedded-content\" sandbox=\"allow-scripts\" security=\"restricted\" style=\"position: absolute; visibility: hidden;\" title=\"\u00abNicol\u00e1s Maquiavelo: LA ORIGINALIDAD DE MAQUIAVELO, por Isaiah Berlin (y 4)\u00bb \u2014 Punto Cr\u00edtico Derechos Humanos\" src=\"https:\/\/puntocritico.com\/ausajpuntocritico\/2026\/04\/05\/maquiavelo-isaiah-berlin-y-4\/embed\/#?secret=r9SfG2DpcN#?secret=6WfD5cWzg2\" data-secret=\"6WfD5cWzg2\" width=\"500\" height=\"282\" frameborder=\"0\" marginwidth=\"0\" marginheight=\"0\" scrolling=\"no\"><\/iframe><\/p>\n<blockquote class=\"wp-embedded-content\" data-secret=\"lrPKYaFcn5\"><p><a href=\"https:\/\/puntocritico.com\/ausajpuntocritico\/2026\/03\/29\/nicolas-maquiavelo-y-la-razon-de-estado-la-originalidad-de-maquiavelo-por-isaiah-berlin-3\/\">NICOL\u00c1S MAQUIAVELO Y LA RAZ\u00d3N DE ESTADO: \u00abLa originalidad de Maquiavelo\u00bb, por Isaiah Berlin (3)<\/a><\/p><\/blockquote>\n<p><iframe loading=\"lazy\" class=\"wp-embedded-content\" sandbox=\"allow-scripts\" security=\"restricted\" style=\"position: absolute; visibility: hidden;\" title=\"\u00abNICOL\u00c1S MAQUIAVELO Y LA RAZ\u00d3N DE ESTADO: \u00abLa originalidad de Maquiavelo\u00bb, por Isaiah Berlin (3)\u00bb \u2014 Punto Cr\u00edtico Derechos Humanos\" src=\"https:\/\/puntocritico.com\/ausajpuntocritico\/2026\/03\/29\/nicolas-maquiavelo-y-la-razon-de-estado-la-originalidad-de-maquiavelo-por-isaiah-berlin-3\/embed\/#?secret=RBMLr9N59b#?secret=lrPKYaFcn5\" data-secret=\"lrPKYaFcn5\" width=\"500\" height=\"282\" frameborder=\"0\" marginwidth=\"0\" marginheight=\"0\" scrolling=\"no\"><\/iframe><\/p>\n<blockquote class=\"wp-embedded-content\" data-secret=\"xOYNy8BScP\"><p><a href=\"https:\/\/puntocritico.com\/ausajpuntocritico\/2026\/03\/22\/la-originalidad-de-maquiavelo-berlin-2\/\">LA ORIGINALIDAD DE MAQUIAVELO, por Isaiah Berlin (2). Introducci\u00f3n a Nicol\u00e1s Maquiavelo y la raz\u00f3n de estado<\/a><\/p><\/blockquote>\n<p><iframe loading=\"lazy\" class=\"wp-embedded-content\" sandbox=\"allow-scripts\" security=\"restricted\" style=\"position: absolute; visibility: hidden;\" title=\"\u00abLA ORIGINALIDAD DE MAQUIAVELO, por Isaiah Berlin (2). Introducci\u00f3n a Nicol\u00e1s Maquiavelo y la raz\u00f3n de estado\u00bb \u2014 Punto Cr\u00edtico Derechos Humanos\" src=\"https:\/\/puntocritico.com\/ausajpuntocritico\/2026\/03\/22\/la-originalidad-de-maquiavelo-berlin-2\/embed\/#?secret=bCUtLUBlqi#?secret=xOYNy8BScP\" data-secret=\"xOYNy8BScP\" width=\"500\" height=\"282\" frameborder=\"0\" marginwidth=\"0\" marginheight=\"0\" scrolling=\"no\"><\/iframe><\/p>\n<blockquote class=\"wp-embedded-content\" data-secret=\"2rmU9HXHCP\"><p><a href=\"https:\/\/puntocritico.com\/ausajpuntocritico\/2026\/03\/15\/nicolas-maquiavelo-por-i-berlin-1\/\">EL PR\u00cdNCIPE, de Nicol\u00e1s Maquiavelo: \u00abLA ORIGINALIDAD DE MAQUIAVELO\u00bb, por Isaiah Berlin (1)<\/a><\/p><\/blockquote>\n<p><iframe loading=\"lazy\" class=\"wp-embedded-content\" sandbox=\"allow-scripts\" security=\"restricted\" style=\"position: absolute; visibility: hidden;\" title=\"\u00abEL PR\u00cdNCIPE, de Nicol\u00e1s Maquiavelo: \u00abLA ORIGINALIDAD DE MAQUIAVELO\u00bb, por Isaiah Berlin (1)\u00bb \u2014 Punto Cr\u00edtico Derechos Humanos\" src=\"https:\/\/puntocritico.com\/ausajpuntocritico\/2026\/03\/15\/nicolas-maquiavelo-por-i-berlin-1\/embed\/#?secret=RaIm68i8wd#?secret=2rmU9HXHCP\" data-secret=\"2rmU9HXHCP\" width=\"500\" height=\"282\" frameborder=\"0\" marginwidth=\"0\" marginheight=\"0\" scrolling=\"no\"><\/iframe><\/p>\n<blockquote class=\"wp-embedded-content\" data-secret=\"GB9UmJIPBb\"><p><a href=\"https:\/\/puntocritico.com\/ausajpuntocritico\/2026\/03\/09\/si-vis-pacem-para-bellum\/\">\u00abSi vis pacem, para bellum\u00bb. El Pr\u00edncipe, la Fortuna y la guerra, por Manuel Tizziani (Parte 1\/2)<\/a><\/p><\/blockquote>\n<p><iframe loading=\"lazy\" class=\"wp-embedded-content\" sandbox=\"allow-scripts\" security=\"restricted\" style=\"position: absolute; visibility: hidden;\" title=\"\u00ab\u00abSi vis pacem, para bellum\u00bb. El Pr\u00edncipe, la Fortuna y la guerra, por Manuel Tizziani (Parte 1\/2)\u00bb \u2014 Punto Cr\u00edtico Derechos Humanos\" src=\"https:\/\/puntocritico.com\/ausajpuntocritico\/2026\/03\/09\/si-vis-pacem-para-bellum\/embed\/#?secret=R0naX9uLsX#?secret=GB9UmJIPBb\" data-secret=\"GB9UmJIPBb\" width=\"500\" height=\"282\" frameborder=\"0\" marginwidth=\"0\" marginheight=\"0\" scrolling=\"no\"><\/iframe><\/p>\n<blockquote class=\"wp-embedded-content\" data-secret=\"4mquC4Kyaq\"><p><a href=\"https:\/\/puntocritico.com\/ausajpuntocritico\/2026\/03\/10\/si-vis-pacem-para-bellum-y-2\/\">\u00abSi vis pacem, para bellum\u00bb. El Pr\u00edncipe, la Fortuna y la guerra, por Manuel Tizziani (y Parte 2\/2)<\/a><\/p><\/blockquote>\n<p><iframe loading=\"lazy\" class=\"wp-embedded-content\" sandbox=\"allow-scripts\" security=\"restricted\" style=\"position: absolute; visibility: hidden;\" title=\"\u00ab\u00abSi vis pacem, para bellum\u00bb. El Pr\u00edncipe, la Fortuna y la guerra, por Manuel Tizziani (y Parte 2\/2)\u00bb \u2014 Punto Cr\u00edtico Derechos Humanos\" src=\"https:\/\/puntocritico.com\/ausajpuntocritico\/2026\/03\/10\/si-vis-pacem-para-bellum-y-2\/embed\/#?secret=fgZnIQMSgD#?secret=4mquC4Kyaq\" data-secret=\"4mquC4Kyaq\" width=\"500\" height=\"282\" frameborder=\"0\" marginwidth=\"0\" marginheight=\"0\" scrolling=\"no\"><\/iframe><\/p>\n<p>&nbsp;<\/p>\n<p>&nbsp;<\/p>\n<p>&nbsp;<\/p>\n<p style=\"text-align: justify;\"><a href=\"https:\/\/puntocritico.com\/author\/punto-critico\/\"><img loading=\"lazy\" decoding=\"async\" class=\"aligncenter wp-image-9528\" src=\"https:\/\/puntocritico.com\/ausajpuntocritico\/wp-content\/uploads\/2018\/03\/Mosca_Punto_Cr\u00edtico_40.png\" alt=\"\" width=\"80\" height=\"80\" \/><\/a><\/p>\n<p>&nbsp;<\/p>\n<p>&nbsp;<\/p>\n","protected":false},"excerpt":{"rendered":"<div class=\"mh-excerpt\"><p>Maquiavelo \u00a0 EL PR\u00cdNCIPE de Nicol\u00e1s Maquiavelo, por Isaiah Berlin (1) LA ORIGINALIDAD DE MAQUIAVELO, por Isaiah Berlin (2) NICOL\u00c1S MAQUIAVELO Y LA RAZ\u00d3N DE ESTADO (Introducci\u00f3n), por Isaiah Berlin (3) Nicol\u00e1s Maquiavelo y la <a class=\"mh-excerpt-more\" href=\"https:\/\/puntocritico.com\/ausajpuntocritico\/2026\/04\/05\/maquiavelo-isaiah-berlin-y-4\/\" title=\"Nicol\u00e1s Maquiavelo: LA ORIGINALIDAD DE MAQUIAVELO, por Isaiah Berlin (y 4)\">[&#8230;]<\/a><\/p>\n<\/div>","protected":false},"author":3,"featured_media":2319097,"comment_status":"closed","ping_status":"closed","sticky":false,"template":"","format":"standard","meta":{"_acf_changed":false,"_exactmetrics_skip_tracking":false,"_exactmetrics_sitenote_active":false,"_exactmetrics_sitenote_note":"","_exactmetrics_sitenote_category":0,"footnotes":""},"categories":[8],"tags":[208,131],"class_list":{"0":"post-2318438","1":"post","2":"type-post","3":"status-publish","4":"format-standard","5":"has-post-thumbnail","7":"category-filosofia","8":"tag-isaiah-berlin","9":"tag-maquiavelo"},"acf":[],"_links":{"self":[{"href":"https:\/\/puntocritico.com\/ausajpuntocritico\/wp-json\/wp\/v2\/posts\/2318438","targetHints":{"allow":["GET"]}}],"collection":[{"href":"https:\/\/puntocritico.com\/ausajpuntocritico\/wp-json\/wp\/v2\/posts"}],"about":[{"href":"https:\/\/puntocritico.com\/ausajpuntocritico\/wp-json\/wp\/v2\/types\/post"}],"author":[{"embeddable":true,"href":"https:\/\/puntocritico.com\/ausajpuntocritico\/wp-json\/wp\/v2\/users\/3"}],"replies":[{"embeddable":true,"href":"https:\/\/puntocritico.com\/ausajpuntocritico\/wp-json\/wp\/v2\/comments?post=2318438"}],"version-history":[{"count":0,"href":"https:\/\/puntocritico.com\/ausajpuntocritico\/wp-json\/wp\/v2\/posts\/2318438\/revisions"}],"wp:featuredmedia":[{"embeddable":true,"href":"https:\/\/puntocritico.com\/ausajpuntocritico\/wp-json\/wp\/v2\/media\/2319097"}],"wp:attachment":[{"href":"https:\/\/puntocritico.com\/ausajpuntocritico\/wp-json\/wp\/v2\/media?parent=2318438"}],"wp:term":[{"taxonomy":"category","embeddable":true,"href":"https:\/\/puntocritico.com\/ausajpuntocritico\/wp-json\/wp\/v2\/categories?post=2318438"},{"taxonomy":"post_tag","embeddable":true,"href":"https:\/\/puntocritico.com\/ausajpuntocritico\/wp-json\/wp\/v2\/tags?post=2318438"}],"curies":[{"name":"wp","href":"https:\/\/api.w.org\/{rel}","templated":true}]}}