{"id":2318437,"date":"2026-03-22T00:05:25","date_gmt":"2026-03-21T23:05:25","guid":{"rendered":"https:\/\/puntocritico.com\/ausajpuntocritico\/?p=2318437"},"modified":"2026-04-09T17:53:51","modified_gmt":"2026-04-09T15:53:51","slug":"la-originalidad-de-maquiavelo-berlin-2","status":"publish","type":"post","link":"https:\/\/puntocritico.com\/ausajpuntocritico\/2026\/03\/22\/la-originalidad-de-maquiavelo-berlin-2\/","title":{"rendered":"LA ORIGINALIDAD DE MAQUIAVELO, por Isaiah Berlin (2). Introducci\u00f3n a Nicol\u00e1s Maquiavelo y la raz\u00f3n de estado"},"content":{"rendered":"<p style=\"text-align: justify;\"><span style=\"color: #008000; font-size: 14pt;\">LA ORIGINALIDAD DE MAQUIAVELO<\/span><\/p>\n<p style=\"text-align: justify;\"><span style=\"font-size: 14pt; color: #008000;\"><a style=\"color: #008000;\" href=\"https:\/\/puntocritico.com\/ausajpuntocritico\/2026\/03\/15\/nicolas-maquiavelo-por-i-berlin-1\/\" target=\"_blank\" rel=\"noopener\" data-schema-attribute=\"\">EL PR\u00cdNCIPE de Nicol\u00e1s Maquiavelo, por Isaiah Berlin (1)<\/a><\/span><\/p>\n<p style=\"text-align: justify;\"><span style=\"font-size: 14pt; color: #008000;\"><a style=\"color: #008000;\" href=\"https:\/\/puntocritico.com\/ausajpuntocritico\/2026\/03\/22\/la-originalidad-de-maquiavelo-berlin-2\/\" target=\"_blank\" rel=\"noopener\" data-schema-attribute=\"\">LA ORIGINALIDAD DE MAQUIAVELO, por Isaiah Berlin (2)<\/a><\/span><\/p>\n<p style=\"text-align: justify;\"><a href=\"https:\/\/puntocritico.com\/ausajpuntocritico\/2026\/03\/29\/nicolas-maquiavelo-y-la-razon-de-estado-la-originalidad-de-maquiavelo-por-isaiah-berlin-3\/\" target=\"_blank\" rel=\"noopener\" data-schema-attribute=\"\"><span style=\"font-size: 14pt; color: #008000;\">NICOL\u00c1S MAQUIAVELO Y LA RAZ\u00d3N DE ESTADO (Introducci\u00f3n), por Isaiah Berlin (3)<\/span><\/a><\/p>\n<p style=\"text-align: justify;\"><a href=\"https:\/\/puntocritico.com\/ausajpuntocritico\/2026\/04\/05\/maquiavelo-isaiah-berlin-y-4\/\" target=\"_blank\" rel=\"noopener\" data-schema-attribute=\"\"><span style=\"font-size: 14pt; color: #008000;\">Nicol\u00e1s Maquiavelo y la raz\u00f3n de estado, por Isaiah Berlin (y 4)<\/span><\/a><\/p>\n<p>&nbsp;<\/p>\n\n<p>&nbsp;<\/p>\n<blockquote>\n<h2 style=\"text-align: center;\"><span style=\"font-size: 24pt;\">LA ORIGINALIDAD DE MAQUIAVELO<\/span><\/h2>\n<p style=\"text-align: center;\"><strong><span style=\"font-size: 18pt;\">Isaiah Berlin<\/span><\/strong><\/p>\n<p><img loading=\"lazy\" decoding=\"async\" class=\"aligncenter wp-image-8709\" src=\"https:\/\/puntocritico.com\/ausajpuntocritico\/wp-content\/uploads\/2018\/02\/Maquiavelo-tecno.jpg\" alt=\"Nicol\u00e1s Maquiavelo LA ORIGINALIDAD DE MAQUIAVELO\" width=\"300\" height=\"386\" \/><\/p>\n<p style=\"text-align: center;\"><strong><span style=\"color: #008000; font-size: 14pt;\">Nicol\u00e1s Maquiavelo (1469-1527)<\/span><\/strong><\/p>\n<\/blockquote>\n<p>&nbsp;<\/p>\n<h3 style=\"text-align: center;\"><span style=\"font-size: 18pt;\">-II-<\/span><\/h3>\n<p style=\"text-align: justify;\"><span style=\"font-size: 14pt;\">Al igual que los escritores romanos cuyos ideales ten\u00eda presentes sin cesar, como <a href=\"https:\/\/puntocritico.com\/ausajpuntocritico\/2023\/01\/30\/busqueda-de-la-verdad-ciceron\/\" target=\"_blank\" rel=\"noopener\" data-schema-attribute=\"\"><strong>Cicer\u00f3n<\/strong><\/a> y <strong>Livio<\/strong>, <strong>Maquiavelo<\/strong> cre\u00eda que lo que buscaban los hombres -en todo caso los hombres superiores era <em>la satisfacci\u00f3n y la gloria provenientes de la creaci\u00f3n y conservaci\u00f3n, a trav\u00e9s del esfuerzo com\u00fan, de un todo social fuerte y bien gobernado<\/em>. <\/span><\/p>\n<p style=\"text-align: justify;\"><span style=\"font-size: 14pt;\">Solo lo lograr\u00e1n quienes conozcan los hechos pertinentes. Si uno comete errores y vive alucinado, fallar\u00e1 en todo lo que intente, pues la realidad mal entendida -o peor a\u00fan, ignorada o despreciada- siempre lo derrotar\u00e1 al final. <\/span><span style=\"font-size: 14pt;\">Solo podemos lograr lo que queremos si nos comprendemos, primero, a nosotros mismos, y luego a la naturaleza del material con el que trabajamos.<\/span><\/p>\n<p>&nbsp;<\/p>\n<blockquote>\n<p style=\"text-align: center;\"><strong><span style=\"font-size: 14pt;\"><span style=\"color: #008000;\">Solo lo lograr\u00e1n quienes conozcan los hechos pertinentes. <\/span><\/span><\/strong><\/p>\n<p style=\"text-align: center;\"><strong><span style=\"font-size: 14pt;\"><span style=\"color: #008000;\">Si uno comete errores y vive alucinado, fallar\u00e1 en todo lo que intente, pues la realidad mal entendida -o peor a\u00fan, ignorada o despreciada- siempre lo derrotar\u00e1 al final. <\/span><\/span><\/strong><\/p>\n<p style=\"text-align: center;\"><strong><span style=\"font-size: 14pt;\"><span style=\"color: #008000;\">Solo podemos lograr lo que queremos si nos comprendemos, primero, a nosotros mismos, y luego a la naturaleza del material con el que trabajamos.<\/span><\/span><\/strong><\/p>\n<\/blockquote>\n<p>&nbsp;<\/p>\n<p style=\"text-align: justify;\"><span style=\"font-size: 14pt;\">Nuestra primera tarea, por lo tanto, es la adquisici\u00f3n de tal conocimiento. <\/span><\/p>\n<p style=\"text-align: justify;\"><span style=\"font-size: 14pt;\">Esto, para <strong>Maquiavelo<\/strong>, era principalmente algo psicol\u00f3gico y sociol\u00f3gico, la mejor fuente de informaci\u00f3n es la observaci\u00f3n sagaz de la realidad contempor\u00e1nea junto con la sabidur\u00eda que pueda recogerse de los mejores observadores del pasado, en particular de las grandes mentes de la <em>Antig\u00fcedad<\/em>, los sabios cuya compa\u00f1\u00eda busca (<em>como dice en su c\u00e9lebre<\/em> <em><strong>carta a Vettori<\/strong><\/em>) cuando escapa de las ocupaciones triviales de su vida diaria; estos nobles esp\u00edritus, en su benevolencia, lo tratan bondadosamente y dan respuesta a sus preguntas: <\/span><\/p>\n<blockquote>\n<p style=\"text-align: justify;\"><strong><span style=\"font-size: 14pt; color: #008000;\">son ellos quienes le han ense\u00f1ado que los hombres necesitan un gobierno civil firme y en\u00e9rgico.<\/span><\/strong><\/p>\n<\/blockquote>\n<p>&nbsp;<\/p>\n<p style=\"text-align: justify;\"><span style=\"font-size: 14pt;\">Los hombres diferentes persiguen fines diferentes, y en cada caso necesitan una habilidad adecuada. Escultores, m\u00e9dicos, soldados, arquitectos, estadistas, amantes, aventureros, cada quien va en pos de sus propias metas.<\/span><\/p>\n<p>&nbsp;<\/p>\n<blockquote>\n<p style=\"text-align: center;\"><strong><span style=\"font-size: 14pt; color: #008000;\">Para hacer posible que las alcancen se necesitan gobiernos, pues no hay Mano Oculta que ponga todas estas actividades humanas en armon\u00eda natural.<\/span><\/strong><\/p>\n<\/blockquote>\n<p>&nbsp;<\/p>\n<figure id=\"attachment_2280762\" aria-describedby=\"caption-attachment-2280762\" style=\"width: 440px\" class=\"wp-caption aligncenter\"><a href=\"https:\/\/puntocritico.com\/ausajpuntocritico\/2023\/06\/21\/de-la-simpatia-la-teoria-de-los-sentimientos-morales-adam-smith\/\" target=\"_blank\" rel=\"noopener\" data-schema-attribute=\"\"><img loading=\"lazy\" decoding=\"async\" class=\"wp-image-2280762\" src=\"https:\/\/puntocritico.com\/ausajpuntocritico\/wp-content\/uploads\/2023\/06\/Adam-Smith-Th-Sent-morales-PPAL-300x199.jpg\" alt=\"\" width=\"440\" height=\"292\" srcset=\"https:\/\/puntocritico.com\/ausajpuntocritico\/wp-content\/uploads\/2023\/06\/Adam-Smith-Th-Sent-morales-PPAL-300x199.jpg 300w, https:\/\/puntocritico.com\/ausajpuntocritico\/wp-content\/uploads\/2023\/06\/Adam-Smith-Th-Sent-morales-PPAL-678x452.jpg 678w, https:\/\/puntocritico.com\/ausajpuntocritico\/wp-content\/uploads\/2023\/06\/Adam-Smith-Th-Sent-morales-PPAL.jpg 680w\" sizes=\"auto, (max-width: 440px) 100vw, 440px\" \/><\/a><figcaption id=\"caption-attachment-2280762\" class=\"wp-caption-text\"><span style=\"color: #008000;\"><a style=\"color: #008000;\" href=\"https:\/\/puntocritico.com\/ausajpuntocritico\/2023\/06\/21\/de-la-simpatia-la-teoria-de-los-sentimientos-morales-adam-smith\/\" target=\"_blank\" rel=\"noopener\" data-schema-attribute=\"\">SOBRE LA EMPAT\u00cdA: \u00abDE LA SIMPAT\u00cdA\u00bb, por Adam Smith (\u00abLa teor\u00eda de los sentimientos morales\u00bb).<\/a><\/span><\/figcaption><\/figure>\n<p>&nbsp;<\/p>\n<p style=\"text-align: justify;\"><span style=\"font-size: 14pt;\">Para hacer posible que las alcancen se necesitan gobiernos, pues <strong>no hay mano oculta<\/strong> <strong>que ponga todas estas actividades humanas en armon\u00eda natural<\/strong>. (<em>Esta clase de abordaje es absolutamente t\u00edpico del humanismo del pa\u00eds y la \u00e9poca de <strong>Maquiavelo<\/strong><\/em>).<\/span><\/p>\n<p>&nbsp;<\/p>\n<blockquote>\n<p style=\"text-align: center;\"><strong><span style=\"font-size: 14pt; color: #008000;\">Para hacer posible que las alcancen se necesitan gobiernos, pues no hay mano oculta que ponga todas estas actividades humanas en armon\u00eda natural<\/span><\/strong><\/p>\n<\/blockquote>\n<p>&nbsp;<\/p>\n<p style=\"text-align: justify;\"><span style=\"font-size: 14pt;\"><strong>Los hombres necesitan dirigentes porque requieren que alguien ordene a los grupos humanos movidos por diversos intereses, para darles <em>seguridad<\/em>, <em>estabilidad<\/em><\/strong>, por encima de todo <strong><em>protecci\u00f3n contra sus enemigos<\/em><\/strong>, y para <strong><em>establecer instituciones sociales<\/em> <\/strong>que los capaciten para satisfacer sus necesidades y aspiraciones. <\/span><\/p>\n<p style=\"text-align: justify;\"><span style=\"font-size: 14pt;\"><strong>Nunca obtendr\u00e1n esto a menos que sean individual y socialmente sanos<\/strong>; solo una educaci\u00f3n adecuada los puede hacer f\u00edsica y mentalmente firmes, vigorosos, ambiciosos y lo\u00a0<\/span><span style=\"font-size: 14pt;\">bastante en\u00e9rgicos para la cooperaci\u00f3n en la consecuci\u00f3n del orden, el poder, la gloria, el buen \u00e9xito.<\/span><\/p>\n<p style=\"text-align: justify;\"><span style=\"font-size: 14pt;\"><strong>Las t\u00e9cnicas de gobierno existen<\/strong> -de esto no tiene duda aunque los hechos, y por lo tanto los m\u00e9todos para tratar con ellos, pudieran parecer diferentes a un gobernante y a sus s\u00fabditos; es cuesti\u00f3n de perspectiva:<\/span><\/p>\n<blockquote>\n<p style=\"text-align: justify;\"><strong><span style=\"font-size: 14pt; color: #008000;\">\u00ab<em>Los que dibujan mapas de los pa\u00edses se ponen abajo, en las llanuras, para observar la naturaleza de las monta\u00f1as&#8230; y para observar los lugares bajos se ponen en lo alto, en las cimas de las monta\u00f1as<\/em>\u00bb [67].<\/span><\/strong><\/p>\n<\/blockquote>\n<p style=\"text-align: center;\">\u00a0<\/p>\n<p style=\"text-align: justify;\"><span style=\"font-size: 14pt;\"><strong>Lo cierto es que si no hay una mano firme en el tim\u00f3n, el nav\u00edo del Estado se hundir\u00e1<\/strong>. La sociedad humana caer\u00e1 en el caos y en la miseria a menos que la dirija un especialista h\u00e1bil; y aunque <strong>Maquiavelo<\/strong> mismo da razones para preferir la libertad y el gobierno republicano, hay situaciones en las cuales un pr\u00edncipe fuerte (<em>el <strong>duque de Valentino<\/strong>, aunque fuese un <strong>Medici<\/strong>, si su alegato ten\u00eda sinceridad<\/em>) es preferible a una rep\u00fablica d\u00e9bil.<\/span><\/p>\n<p>&nbsp;<\/p>\n<blockquote>\n<p style=\"text-align: center;\"><span style=\"color: #008000;\"><strong><span style=\"font-size: 14pt;\">Aunque Maquiavelo mismo da razones para preferir la libertad y el gobierno republicano, hay situaciones en las cuales un pr\u00edncipe fuerte es preferible a una rep\u00fablica d\u00e9bil.<\/span><\/strong><\/span><\/p>\n<\/blockquote>\n<p>&nbsp;<\/p>\n<p style=\"text-align: justify;\"><span style=\"font-size: 14pt;\">Todo esto lo hubieran avalado <a href=\"https:\/\/puntocritico.com\/ausajpuntocritico\/2019\/05\/28\/el-hombre\/\" target=\"_blank\" rel=\"noopener\" data-schema-attribute=\"\"><strong>Arist\u00f3teles<\/strong><\/a> y los \u00faltimos <a href=\"https:\/\/puntocritico.com\/ausajpuntocritico\/2020\/03\/12\/estoicos\/\" target=\"_blank\" rel=\"noopener\" data-schema-attribute=\"\"><em><strong>estoicos<\/strong><\/em><\/a>. Pero del hecho de que existe el arte de gobernar, indispensable para alcanzar las metas que los hombres buscan realmente, no se concluye que a <strong>Maquiavelo<\/strong> no le importara a qu\u00e9 usos se aplicara, y solo produjera un manual de \u00ab<em>directivas<\/em>\u00bb cient\u00edficas pol\u00edticas, moralmente neutrales, <em>wertfrei<\/em>. Pues \u00e9l deja muy claro qu\u00e9 es lo que desea.<\/span><\/p>\n<p style=\"text-align: justify;\"><span style=\"font-size: 14pt;\"><strong>Los hombres deben ser estudiados en su comportamiento as\u00ed como en su profesi\u00f3n<\/strong>. No hay una ruta <em>a priori<\/em> para conocer el material humano con el que un gobernante debe tratar.<\/span><\/p>\n<p>&nbsp;<\/p>\n<blockquote>\n<p style=\"text-align: center;\"><strong><span style=\"font-size: 14pt; color: #008000;\">Existe, sin duda, una naturaleza humana inmutable y es posible determinar la gama de sus respuestas a situaciones cambiantes<\/span><\/strong><\/p>\n<\/blockquote>\n<p>&nbsp;<\/p>\n<figure id=\"attachment_2305953\" aria-describedby=\"caption-attachment-2305953\" style=\"width: 440px\" class=\"wp-caption aligncenter\"><a href=\"https:\/\/puntocritico.com\/ausajpuntocritico\/2023\/04\/21\/spinoza-y-el-estoicismo-matheron\/\" target=\"_blank\" rel=\"noopener\" data-schema-attribute=\"\"><img loading=\"lazy\" decoding=\"async\" class=\"wp-image-2305953\" src=\"https:\/\/puntocritico.com\/ausajpuntocritico\/wp-content\/uploads\/2025\/01\/Spinoza-oleo-PPAL-300x199.jpg\" alt=\"\" width=\"440\" height=\"292\" srcset=\"https:\/\/puntocritico.com\/ausajpuntocritico\/wp-content\/uploads\/2025\/01\/Spinoza-oleo-PPAL-300x199.jpg 300w, https:\/\/puntocritico.com\/ausajpuntocritico\/wp-content\/uploads\/2025\/01\/Spinoza-oleo-PPAL-678x452.jpg 678w, https:\/\/puntocritico.com\/ausajpuntocritico\/wp-content\/uploads\/2025\/01\/Spinoza-oleo-PPAL.jpg 680w\" sizes=\"auto, (max-width: 440px) 100vw, 440px\" \/><\/a><figcaption id=\"caption-attachment-2305953\" class=\"wp-caption-text\"><span style=\"color: #008000;\">Spinoza <\/span><\/figcaption><\/figure>\n<p>&nbsp;<\/p>\n<p style=\"text-align: justify;\"><span style=\"font-size: 14pt;\">Existe, sin duda, <strong>una naturaleza humana inmutable y es posible determinar la gama de sus respuestas a situaciones cambiantes<\/strong> (<em>en el pensamiento de <strong>Maquiavelo<\/strong> no hay rastros de noci\u00f3n alguna de una evoluci\u00f3n sistem\u00e1tica del individuo o de la sociedad, como entidades autotransformadoras<\/em>); solo se puede obtener este conocimiento mediante la <em>observaci\u00f3n emp\u00edrica<\/em>.<\/span><\/p>\n<p>&nbsp;<\/p>\n<blockquote>\n<p style=\"text-align: center;\"><strong><span style=\"font-size: 14pt;\"><span style=\"color: #008000;\">Existe, sin duda, una naturaleza humana inmutable y es posible determinar la gama de sus respuestas a situaciones cambiantes ; solo se puede obtener este conocimiento mediante la observaci\u00f3n emp\u00edrica.<\/span> <\/span><\/strong><\/p>\n<\/blockquote>\n<p>&nbsp;<\/p>\n<p style=\"text-align: justify;\"><span style=\"font-size: 14pt;\">Los hombres no son como los describen quienes los idealizan &#8211;<em>cristianos<\/em> u otros <em>utopistas<\/em>&#8211; ni por quienes los quieren muy diferentes de lo que de hecho son y siempre han sido y no pueden evitar ser.\u00a0<\/span><span style=\"font-size: 14pt;\"><strong>Los hombres<\/strong> (<em>cuando menos sus propios compatriotas, para quienes y acerca de quienes escrib\u00eda<\/em>) <strong>le parecen en su mayor parte <\/strong><\/span><\/p>\n<blockquote>\n<p style=\"text-align: justify;\"><span style=\"color: #008000;\"><strong><span style=\"font-size: 14pt;\">\u00ab<em>ingratos, lascivos, falsos y disimulados, cobardes y codiciosos&#8230; arrogantes y ruines, su impulso natural es ser insolentes cuando sus\u00a0<\/em><\/span><span style=\"font-size: 14pt;\"><em>negocios prosperan y abyectamente serviles cuando la adversidad los golpea<\/em>\u00bb [68].<\/span><\/strong><\/span><\/p>\n<\/blockquote>\n<p>&nbsp;<\/p>\n<p style=\"text-align: justify;\"><span style=\"font-size: 14pt;\"><strong>Les importa poco la libertad<\/strong>, el nombre significa para ellos m\u00e1s que la realidad y <strong>la colocan bien abajo de la seguridad, la propiedad o el deseo de venganza<\/strong>. Esto \u00faltimo el gobernante puede proporcionarlo en un grado razonable.<\/span><\/p>\n<p>&nbsp;<\/p>\n<blockquote>\n<p style=\"text-align: center;\"><span style=\"color: #008000;\"><strong><span style=\"font-size: 14pt;\">Los hombres son f\u00e1cilmente corruptibles y dif\u00edciles de curar. Responden tanto al temor como al amor<\/span><\/strong><\/span><\/p>\n<\/blockquote>\n<p>&nbsp;<\/p>\n<p style=\"text-align: justify;\"><span style=\"font-size: 14pt;\"><strong>Los hombres son f\u00e1cilmente corruptibles y dif\u00edciles de curar<\/strong>. Responden tanto al temor como al amor, ante el <em>cruel<\/em> <strong>An\u00edbal<\/strong> y el <em>justo<\/em> y humano <strong>Escipi\u00f3n<\/strong>. <\/span><\/p>\n<p style=\"text-align: justify;\"><span style=\"font-size: 14pt;\"><strong>Si estas emociones no pueden combinarse, el temor es lo m\u00e1s confiable, siempre que no se convierta en odio<\/strong>, que destruye el m\u00ednimo de respeto que los s\u00fabditos deben conservar para quienes los gobiernan.<\/span><\/p>\n<p>&nbsp;<\/p>\n<blockquote>\n<p style=\"text-align: center;\"><span style=\"color: #008000;\"><strong><span style=\"font-size: 14pt;\">Si estas emociones no pueden combinarse, el temor es lo m\u00e1s confiable, siempre que no se convierta en odio, que destruye el m\u00ednimo de respeto que los s\u00fabditos deben conservar para quienes los gobiernan.<\/span><\/strong><\/span><\/p>\n<\/blockquote>\n<p>&nbsp;<\/p>\n<p style=\"text-align: justify;\"><span style=\"font-size: 14pt;\"><strong>La sociedad es, normalmente, un campo de batalla<\/strong> en el que hay conflictos entre los grupos y dentro de ellos. Estos conflictos solo pueden ser controlados por el <strong>uso juicioso tanto de la persuasi\u00f3n como de la fuerza<\/strong>. \u00bfC\u00f3mo se hace esto?<\/span><\/p>\n<p style=\"text-align: justify;\"><span style=\"font-size: 14pt;\"> Igual que en la medicina, la arquitectura o el arte de la guerra, podemos obtener conocimiento sistem\u00e1tico de la t\u00e9cnica requerida con solo observar <strong>la pr\u00e1ctica (<em>y la teor\u00eda<\/em>) de las sociedades de mayor \u00e9xito que conocemos, es decir, las de los tiempos cl\u00e1sicos<\/strong>.<\/span><\/p>\n<p>&nbsp;<\/p>\n<p><img loading=\"lazy\" decoding=\"async\" class=\"aligncenter wp-image-2304638\" src=\"https:\/\/puntocritico.com\/ausajpuntocritico\/wp-content\/uploads\/2024\/12\/Adquision-de-la-propiedad-en-Roma-PPAL-300x199.jpg\" alt=\"\" width=\"480\" height=\"319\" srcset=\"https:\/\/puntocritico.com\/ausajpuntocritico\/wp-content\/uploads\/2024\/12\/Adquision-de-la-propiedad-en-Roma-PPAL-300x199.jpg 300w, https:\/\/puntocritico.com\/ausajpuntocritico\/wp-content\/uploads\/2024\/12\/Adquision-de-la-propiedad-en-Roma-PPAL-678x452.jpg 678w, https:\/\/puntocritico.com\/ausajpuntocritico\/wp-content\/uploads\/2024\/12\/Adquision-de-la-propiedad-en-Roma-PPAL.jpg 680w\" sizes=\"auto, (max-width: 480px) 100vw, 480px\" \/><\/p>\n<p>&nbsp;<\/p>\n<p style=\"text-align: justify;\"><span style=\"font-size: 14pt;\">Las teor\u00edas de <strong>Maquiavelo<\/strong> no est\u00e1n basadas, ciertamente, sobre los principios cient\u00edficos del siglo XVII. \u00c9l vivi\u00f3 un siglo antes que <a href=\"https:\/\/puntocritico.com\/ausajpuntocritico\/2018\/07\/31\/mumford-y-galileo-mirando-a-la-luna-apuntes-sobre-la-imagen-mecanica-del-mundo\/\" target=\"_blank\" rel=\"noopener\" data-schema-attribute=\"\"><strong>Galileo<\/strong><\/a> y <a href=\"https:\/\/puntocritico.com\/ausajpuntocritico\/2018\/07\/11\/errores-y-prejuicios-por-francis-bacon-y-mi-vision-del-mundo-por-albert-einstein\/\" target=\"_blank\" rel=\"noopener\" data-schema-attribute=\"\"><strong>Bacon<\/strong><\/a>, y su <strong>m\u00e9todo<\/strong> es una <strong>mezcla de reglas emp\u00edricas, observaci\u00f3n, conocimiento hist\u00f3rico y sagacidad general<\/strong>, un tanto como la medicina emp\u00edrica del mundo precient\u00edfico.<\/span><\/p>\n<p>&nbsp;<\/p>\n<blockquote>\n<p style=\"text-align: center;\"><strong><span style=\"font-size: 14pt; color: #008000;\">Las teor\u00edas de Maquiavelo no est\u00e1n basadas, ciertamente, sobre los principios cient\u00edficos del siglo XVII. \u00c9l vivi\u00f3 un siglo antes que Galileo y Bacon.<\/span><\/strong><\/p>\n<\/blockquote>\n<p>&nbsp;<\/p>\n<p style=\"text-align: justify;\"><span style=\"font-size: 14pt;\">Abunda en preceptos, m\u00e1ximas \u00fatiles, consejos pr\u00e1cticos, reflexiones dispersas, especialmente paralelos hist\u00f3ricos, aun cuando afirma haber descubierto<strong> leyes generales<\/strong>, <em>regole generali<\/em>, <strong>eternamente v\u00e1lidas<\/strong>. <\/span><\/p>\n<p style=\"text-align: justify;\"><span style=\"font-size: 14pt;\">El ejemplo de un triunfo o un fracaso en el mundo antiguo, una frase brillante de un autor antiguo, ten\u00eda para \u00e9l m\u00e1s importancia (<em>como advierten atinadamente <strong>Butterfield<\/strong> y <strong>Ramat<\/strong><\/em>) que el an\u00e1lisis hist\u00f3rico del tipo que ya se estaba haciendo com\u00fan incluso en sus propios d\u00edas, y del cual <a href=\"https:\/\/es.wikipedia.org\/wiki\/Francesco_Guicciardini\" target=\"_blank\" rel=\"noopener\" data-schema-attribute=\"\"><strong>Guicciardini<\/strong><\/a> era un maestro.<\/span><\/p>\n<p>&nbsp;<\/p>\n<figure id=\"attachment_2318699\" aria-describedby=\"caption-attachment-2318699\" style=\"width: 240px\" class=\"wp-caption aligncenter\"><img loading=\"lazy\" decoding=\"async\" class=\"wp-image-2318699\" src=\"https:\/\/puntocritico.com\/ausajpuntocritico\/wp-content\/uploads\/2026\/03\/Ritratto_di_Francesco_Guicciardini-228x300.jpg\" alt=\"Nicol\u00e1s Maquiavelo y la raz\u00f3n de estado \" width=\"240\" height=\"316\" srcset=\"https:\/\/puntocritico.com\/ausajpuntocritico\/wp-content\/uploads\/2026\/03\/Ritratto_di_Francesco_Guicciardini-228x300.jpg 228w, https:\/\/puntocritico.com\/ausajpuntocritico\/wp-content\/uploads\/2026\/03\/Ritratto_di_Francesco_Guicciardini.jpg 330w\" sizes=\"auto, (max-width: 240px) 100vw, 240px\" \/><figcaption id=\"caption-attachment-2318699\" class=\"wp-caption-text\"><span style=\"color: #008000;\"><a href=\"https:\/\/es.wikipedia.org\/wiki\/Francesco_Guicciardini\" target=\"_blank\" rel=\"noopener\" data-schema-attribute=\"\"><strong>Francesco Guicciardini<\/strong><\/a> nacido en Florencia el 6 de marzo de 1483. Escritor, historiador, pol\u00edtico y fil\u00f3sofo florentino. Es uno de los principales intelectuales del Renacimiento italiano. <\/span><\/figcaption><\/figure>\n<p>&nbsp;<\/p>\n<p style=\"text-align: justify;\"><span style=\"font-size: 14pt;\">Sobre todo advierte que<strong> hay que estar en guardia contra los que no ven a los hombres como son, y los miran a trav\u00e9s de cristales coloreados por sus propias esperanzas y deseos<\/strong>, sus amores y sus odios, en t\u00e9rminos de un modelo idealizado del hombre que quisieran que fuera, y no como es y fue y ser\u00e1.<\/span><\/p>\n<p>&nbsp;<\/p>\n<blockquote>\n<p style=\"text-align: center;\"><span style=\"color: #008000;\"><strong><span style=\"font-size: 14pt;\">Advierte que hay que estar en guardia contra los que no ven a los hombres como son, y los miran a trav\u00e9s de cristales coloreados por sus propias esperanzas y deseos, sus amores y sus odios, en t\u00e9rminos de un modelo idealizado del hombre que quisieran que fuera, y no como es y fue y ser\u00e1.<\/span><\/strong><\/span><\/p>\n<\/blockquote>\n<p>&nbsp;<\/p>\n<p style=\"text-align: justify;\"><span style=\"font-size: 14pt;\"><strong>Los <em>reformadores honestos<\/em><\/strong>, por valiosos que pudieran ser sus\u00a0<\/span><span style=\"font-size: 14pt;\">ideales, como el digno gu\u00eda de la <em>rep\u00fablica florentina<\/em>, <a href=\"https:\/\/es.wikipedia.org\/wiki\/Piero_Soderini\" target=\"_blank\" rel=\"noopener\" data-schema-attribute=\"\"><strong>Piero Soderini<\/strong><\/a>, a quien <strong>Maquiavelo<\/strong> sirvi\u00f3, o el mucho m\u00e1s talentoso <a href=\"https:\/\/es.wikipedia.org\/wiki\/Girolamo_Savonarola\" target=\"_blank\" rel=\"noopener\" data-schema-attribute=\"\"><strong>Savonarola<\/strong><\/a> (<em>hacia quien se inclinaba marcadamente<\/em>) f<strong>racasaron y causaron la ruina de otros<\/strong>, m\u00e1s que nada porque sustituyeron lo que es la irrealidad por lo que deber\u00eda ser, porque en alg\u00fan momento cayeron en el <em>irrealismo<\/em>.<\/span><\/p>\n<p>&nbsp;<\/p>\n<blockquote>\n<p style=\"text-align: center;\"><strong><span style=\"color: #008000;\"><span style=\"font-size: 14pt;\">Los <em>reformadores honestos<\/em>, por valiosos que pudieran ser sus\u00a0<\/span><span style=\"font-size: 14pt;\">ideales,\u00a0<\/span><span style=\"font-size: 14pt;\">fracasaron y causaron la ruina de otros, m\u00e1s que nada porque sustituyeron lo que es la irrealidad por lo que deber\u00eda ser, porque en alg\u00fan momento cayeron en el <em>irrealismo<\/em>.<\/span><\/span><\/strong><\/p>\n<\/blockquote>\n<p>&nbsp;<\/p>\n<figure id=\"attachment_2318689\" aria-describedby=\"caption-attachment-2318689\" style=\"width: 240px\" class=\"wp-caption aligncenter\"><img loading=\"lazy\" decoding=\"async\" class=\"wp-image-2318689\" src=\"https:\/\/puntocritico.com\/ausajpuntocritico\/wp-content\/uploads\/2026\/03\/girolamo-savonarola-692x1024-1-203x300.jpg\" alt=\"Nicol\u00e1s Maquiavelo y la raz\u00f3n de estado \" width=\"240\" height=\"355\" srcset=\"https:\/\/puntocritico.com\/ausajpuntocritico\/wp-content\/uploads\/2026\/03\/girolamo-savonarola-692x1024-1-203x300.jpg 203w, https:\/\/puntocritico.com\/ausajpuntocritico\/wp-content\/uploads\/2026\/03\/girolamo-savonarola-692x1024-1.jpg 692w\" sizes=\"auto, (max-width: 240px) 100vw, 240px\" \/><figcaption id=\"caption-attachment-2318689\" class=\"wp-caption-text\"><span style=\"color: #008000;\">Girolamo Savonarola<\/span><\/figcaption><\/figure>\n<p>&nbsp;<\/p>\n<p style=\"text-align: justify;\"><span style=\"font-size: 14pt;\">Fueron hombres de calidades muy diferentes. <strong>Savonarola<\/strong> ten\u00eda una voluntad fuerte, mientras <strong>Soderini<\/strong>, en opini\u00f3n de <strong>Maquiavelo<\/strong>, era indeciso y de mente estrecha. Pero <strong>lo que ten\u00edan en com\u00fan era un planteamiento inadecuado de c\u00f3mo usar el poder<\/strong>. <\/span><\/p>\n<p style=\"text-align: justify;\"><span style=\"font-size: 14pt;\">En los momentos cruciales a ambos les falt\u00f3 el sentido de la<em> verit\u00e0 effettuale<\/em> en la pol\u00edtica, de lo que opera en la pr\u00e1ctica, del poder real, de los grandes batallones. <\/span><\/p>\n<p style=\"text-align: justify;\"><span style=\"font-size: 14pt;\">Los textos de <strong>Maquiavelo<\/strong> contienen frecuentes <strong>advertencias contra las fuentes de informaci\u00f3n no confiables<\/strong>, por ejemplo los emigrados, <strong>cuyas mentes est\u00e1n deformadas por sus deseos<\/strong> y no pueden llegar a una opini\u00f3n objetiva de los hechos, y otros cuya raz\u00f3n (<em>esto es un lugar com\u00fan humanista<\/em>) est\u00e1 oscurecida por <strong>las pasiones que distorsionan su visi\u00f3n<\/strong>.<\/span><\/p>\n<p style=\"text-align: justify;\"><span style=\"font-size: 14pt;\">\u00bfQu\u00e9 condujo y conducir\u00e1 a tales estadistas a su condenaci\u00f3n? Con gran frecuencia solo sus ideales. <strong>\u00bfQu\u00e9 hay de malo en los ideales? <\/strong><\/span><\/p>\n<p style=\"text-align: justify;\"><span style=\"font-size: 14pt;\"><strong>Que no pueden alcanzarse<\/strong>. \u00bfC\u00f3mo se sabe esto?\u00a0<\/span><span style=\"font-size: 14pt;\">Este es uno de los fundamentos sobre los que descansa la pretensi\u00f3n de <strong>Maquiavelo<\/strong> de ser un pensador de primer orden.<\/span><\/p>\n<p>&nbsp;<\/p>\n<p><img loading=\"lazy\" decoding=\"async\" class=\"aligncenter wp-image-22851\" src=\"https:\/\/puntocritico.com\/ausajpuntocritico\/wp-content\/uploads\/2019\/10\/wondrus-maquiavelo-web-660x330-300x150.jpg\" alt=\"\" width=\"555\" height=\"278\" srcset=\"https:\/\/puntocritico.com\/ausajpuntocritico\/wp-content\/uploads\/2019\/10\/wondrus-maquiavelo-web-660x330-300x150.jpg 300w, https:\/\/puntocritico.com\/ausajpuntocritico\/wp-content\/uploads\/2019\/10\/wondrus-maquiavelo-web-660x330.jpg 660w\" sizes=\"auto, (max-width: 555px) 100vw, 555px\" \/><\/p>\n<p>&nbsp;<\/p>\n<p style=\"text-align: justify;\"><span style=\"font-size: 14pt;\"><strong>Tiene una visi\u00f3n clara de la sociedad que desea ver realizada sobre la tierra<\/strong> o, si esto suena demasiado grandioso para un pensador tan concreto y aplicado, la sociedad que desea ver lograda en su propio pa\u00eds, tal vez incluso solo en el t\u00e9rmino de su vida; en cualquier caso, dentro del futuro predecible. <\/span><\/p>\n<p style=\"text-align: justify;\"><span style=\"font-size: 14pt;\"><strong>Sabe que puede crearse tal orden porque esto mismo, o algo aproximado, se logr\u00f3 en Italia en el pasado, o en otros pa\u00edses<\/strong>, las ciudades suizas o alemanas, por ejemplo, o los grandes estados centralizados de su propio tiempo. <\/span><\/p>\n<p style=\"text-align: justify;\"><span style=\"font-size: 14pt;\">No es solo que desee crear o restaurar ese orden en Italia, sino que <strong>ve en ello la condici\u00f3n m\u00e1s deseable para ser alcanzada por los hombres<\/strong>, como ense\u00f1an tanto la historia como la observaci\u00f3n.<\/span><\/p>\n<p style=\"text-align: justify;\"><span style=\"font-size: 14pt;\"><strong>Los datos observacionales se extraen principalmente de la Italia contempor\u00e1nea<\/strong>; por lo que toca a la historia, para \u00e9l es lo que ha sido registrado por los grandes historiadores, los escritores que m\u00e1s admira,\u00a0<\/span><span style=\"font-size: 14pt;\"><em>griegos<\/em>, <em>romanos<\/em>, los autores del <em>Antiguo Testamento<\/em>. \u00bfD\u00f3nde se elevaron los hombres a su cabal tama\u00f1o? <\/span><\/p>\n<p style=\"text-align: justify;\"><span style=\"font-size: 14pt;\">En la <em>Atenas<\/em> de <strong>Pericles<\/strong>, y en el m\u00e1s grandioso periodo de la historia humana, la <em>Rep\u00fablica Romana<\/em> antes de su decadencia, cuando <em>Roma<\/em> gobernaba el mundo.\u00a0<\/span><span style=\"font-size: 14pt;\">Pero piensa tambi\u00e9n en los reinados de los \u00ab<em>buenos<\/em>\u00bb emperadores, de <strong>Nerva<\/strong> a <a href=\"https:\/\/puntocritico.com\/ausajpuntocritico\/2018\/05\/31\/meditaciones-de-marco-aurelio\/\" target=\"_blank\" rel=\"noopener\" data-schema-attribute=\"\"><strong>Marco Aurelio<\/strong><\/a>. <\/span><\/p>\n<p style=\"text-align: justify;\"><span style=\"font-size: 14pt;\"><strong>No siente necesidad de demostrar que estas han sido horas doradas en la vida de la humanidad; cree que es evidente por s\u00ed mismo a cualquiera que contemple estas \u00e9pocas y las compare con los periodos malos<\/strong>: <\/span><\/p>\n<blockquote>\n<p style=\"text-align: justify;\"><span style=\"color: #008000;\"><strong><span style=\"font-size: 14pt;\">los \u00faltimos a\u00f1os de la <em>Rep\u00fablica Romana<\/em>, el colapso que le sigui\u00f3, la invasi\u00f3n de los b\u00e1rbaros, la tiniebla medieval (<em>aunque pudo no haber pensado en ella en tales t\u00e9rminos<\/em>), la divisi\u00f3n de <em>Italia<\/em>, la debilidad, la pobreza, la desgracia, la indefensi\u00f3n de los principados italianos agobiados, en sus mismos d\u00edas, por los avasalladores ej\u00e9rcitos de los grandes y bien organizados estados nacionales del norte y el oeste.<\/span><\/strong><\/span><\/p>\n<\/blockquote>\n<p>&nbsp;<\/p>\n<figure id=\"attachment_2273850\" aria-describedby=\"caption-attachment-2273850\" style=\"width: 440px\" class=\"wp-caption aligncenter\"><a href=\"https:\/\/puntocritico.com\/ausajpuntocritico\/2018\/05\/31\/meditaciones-de-marco-aurelio\/\" target=\"_blank\" rel=\"noopener\" data-schema-attribute=\"\"><img loading=\"lazy\" decoding=\"async\" class=\"wp-image-2273850\" src=\"https:\/\/puntocritico.com\/ausajpuntocritico\/wp-content\/uploads\/2023\/05\/Marco-Aurelio-Pontife-1024x683-1-300x200.webp\" alt=\"\" width=\"440\" height=\"293\" srcset=\"https:\/\/puntocritico.com\/ausajpuntocritico\/wp-content\/uploads\/2023\/05\/Marco-Aurelio-Pontife-1024x683-1-300x200.webp 300w, https:\/\/puntocritico.com\/ausajpuntocritico\/wp-content\/uploads\/2023\/05\/Marco-Aurelio-Pontife-1024x683-1-768x512.webp 768w, https:\/\/puntocritico.com\/ausajpuntocritico\/wp-content\/uploads\/2023\/05\/Marco-Aurelio-Pontife-1024x683-1-610x407.webp 610w, https:\/\/puntocritico.com\/ausajpuntocritico\/wp-content\/uploads\/2023\/05\/Marco-Aurelio-Pontife-1024x683-1.webp 1024w\" sizes=\"auto, (max-width: 440px) 100vw, 440px\" \/><\/a><figcaption id=\"caption-attachment-2273850\" class=\"wp-caption-text\"><a href=\"https:\/\/puntocritico.com\/ausajpuntocritico\/2018\/05\/31\/meditaciones-de-marco-aurelio\/\" target=\"_blank\" rel=\"noopener\" data-schema-attribute=\"\"><span style=\"color: #008000;\">El Emperador estoico, Marco Aurelio, en su funci\u00f3n religiosa (Pontifex)<\/span><\/a><\/figcaption><\/figure>\n<p>&nbsp;<\/p>\n<p style=\"text-align: justify;\"><span style=\"font-size: 14pt;\">No se molesta en discutir esto en extenso; le parece perfectamente obvio (<em>como debi\u00f3 haberlo sido para la mayor\u00eda de los hombres de su tiempo<\/em>) que <em>Italia<\/em> estaba mal tanto material como moralmente. <\/span><span style=\"font-size: 14pt;\"><strong>No necesitaba explicar lo que quer\u00eda decir con vicio, corrupci\u00f3n, debilidad, vidas indignas de seres humanos<\/strong>. <\/span><\/p>\n<p style=\"text-align: justify;\"><span style=\"font-size: 14pt;\"><strong>Una buena sociedad es la que goza de estabilidad, armon\u00eda interna, seguridad, justicia, sentido del poder y del esplendor<\/strong>, como <strong><em>Atenas<\/em> <\/strong>en sus mejores d\u00edas, como <strong><em>Esparta<\/em><\/strong>, como los reinos de <strong>David<\/strong> y <strong>Salom\u00f3n<\/strong>, como <em>Venecia<\/em> sol\u00eda ser, pero, por encima de todo, como la <em>Rep\u00fablica Romana:<\/em><\/span><\/p>\n<blockquote>\n<p style=\"text-align: justify;\"><span style=\"color: #008000;\"><strong><span style=\"font-size: 14pt;\">\u00ab<em>Verdaderamente es cosa maravillosa considerar a qu\u00e9 grandeza lleg\u00f3 Atenas en el espacio de cien a\u00f1os despu\u00e9s de que se liber\u00f3 de la tiran\u00eda de Pis\u00edstrato. Pero por encima de todo, es maravilloso observar a qu\u00e9 grandeza lleg\u00f3 Roma despu\u00e9s de que se libr\u00f3 de sus reyes<\/em>\u00bb[69].<\/span><\/strong><\/span><\/p>\n<\/blockquote>\n<p>&nbsp;<\/p>\n<p style=\"text-align: justify;\"><span style=\"font-size: 14pt;\">La raz\u00f3n de esto es que <strong>en estas sociedades hubo hombres que supieron c\u00f3mo hacer grandes a las ciudades<\/strong>. \u00bfC\u00f3mo lo lograron? <\/span><\/p>\n<p style=\"text-align: justify;\"><span style=\"font-size: 14pt;\"><strong>Desarrollando ciertas facultades del ser humano<\/strong>, como fuerza moral interior, magnanimidad, vigor, vitalidad, generosidad, lealtad, y por encima de todo esp\u00edritu p\u00fablico, sentido c\u00edvico, dedicaci\u00f3n a la seguridad, al poder, a la gloria, a la expansi\u00f3n de la patria. <\/span><\/p>\n<p style=\"text-align: justify;\"><span style=\"font-size: 14pt;\"><strong>Los antiguos desarrollaron estas cualidades por toda clase de medios<\/strong>, entre los cuales se contaban espect\u00e1culos deslumbrantes y sacrificios sangrientos que excitaban los sentidos de los hombres y exaltaban sus habilidades marciales, y especialmente por el tipo de <strong>legislaci\u00f3n y educaci\u00f3n que promov\u00eda las <em>virtudes<\/em> <em>paganas:\u00a0<\/em><\/strong><\/span><span style=\"font-size: 14pt;\"><strong>Poder, magnificencia, orgullo, austeridad, b\u00fasqueda de la gloria, vigor, disciplina, <\/strong><em><strong>antiqua<\/strong> <strong>Virtus<\/strong><\/em>: <\/span><\/p>\n<blockquote>\n<p style=\"text-align: justify;\"><strong><span style=\"font-size: 14pt; color: #008000;\">esto es lo que hizo grandes a los estados.<\/span><\/strong><\/p>\n<\/blockquote>\n<p>&nbsp;<\/p>\n<figure id=\"attachment_2317746\" aria-describedby=\"caption-attachment-2317746\" style=\"width: 480px\" class=\"wp-caption aligncenter\"><a href=\"https:\/\/puntocritico.com\/ausajpuntocritico\/2026\/03\/09\/si-vis-pacem-para-bellum\/\" target=\"_blank\" rel=\"noopener\" data-schema-attribute=\"\"><img loading=\"lazy\" decoding=\"async\" class=\"wp-image-2317746\" src=\"https:\/\/puntocritico.com\/ausajpuntocritico\/wp-content\/uploads\/2026\/02\/Pericles-busto-300x169.jpg\" alt=\"\" width=\"480\" height=\"270\" srcset=\"https:\/\/puntocritico.com\/ausajpuntocritico\/wp-content\/uploads\/2026\/02\/Pericles-busto-300x169.jpg 300w, https:\/\/puntocritico.com\/ausajpuntocritico\/wp-content\/uploads\/2026\/02\/Pericles-busto.jpg 678w\" sizes=\"auto, (max-width: 480px) 100vw, 480px\" \/><\/a><figcaption id=\"caption-attachment-2317746\" class=\"wp-caption-text\"><a href=\"https:\/\/puntocritico.com\/ausajpuntocritico\/2026\/03\/09\/si-vis-pacem-para-bellum\/\" target=\"_blank\" rel=\"noopener\" data-schema-attribute=\"\"><span style=\"color: #008000;\">Busto de Pericles <\/span><\/a><\/figcaption><\/figure>\n<p>&nbsp;<\/p>\n<p style=\"text-align: justify;\"><span style=\"font-size: 14pt;\">Sus h\u00e9roes son <strong>Agesilao<\/strong> y <strong>Timole\u00f3n<\/strong>, <strong>Bruto<\/strong> y <strong>Escipi\u00f3n<\/strong>, no <strong>Pis\u00edstrato<\/strong> y <a href=\"https:\/\/puntocritico.com\/ausajpuntocritico\/2019\/02\/09\/discurso-publico-y-manipulacion-el-caso-de-julio-cesar-pelicula\/\" target=\"_blank\" rel=\"noopener\" data-schema-attribute=\"\"><strong>Julio C\u00e9sar<\/strong><\/a>, que extinguieron los reg\u00edmenes republicanos y destruyeron su esp\u00edritu por la explotaci\u00f3n de la debilidad humana. <\/span><\/p>\n<p style=\"text-align: justify;\"><span style=\"font-size: 14pt;\">Pero no hay necesidad de restringirse a los grecorromanos; <strong>Mois\u00e9s<\/strong> y <strong>Ciro<\/strong> son tan merecedores de respeto como <strong>Teseo<\/strong> y <strong>R\u00f3mulo<\/strong>, hombres severos, sagaces e incorruptibles que fundaron naciones y fueron adecuadamente honrados por ellas.<\/span><\/p>\n<p style=\"text-align: justify;\"><span style=\"font-size: 14pt;\">Lo que se hizo una vez puede volverse a hacer. <strong>Maquiavelo<\/strong> no cree en la irreversibilidad del proceso hist\u00f3rico o en la singularidad de cada una de sus fases. <strong>Es posible revivir las glorias de la <em>Antig\u00fcedad<\/em> si se pueden movilizar con ese fin hombres vigorosos, bien dotados y realistas<\/strong>.<\/span><\/p>\n<p>&nbsp;<\/p>\n<blockquote>\n<p style=\"text-align: center;\"><span style=\"color: #008000;\"><strong><span style=\"font-size: 14pt;\">Para curar de sus males a las poblaciones degeneradas, estos fundadores de nuevos estados o iglesias pueden verse obligados a recurrir a medidas despiadadas, a la fuerza y la supercher\u00eda, la astucia, la crueldad, la traici\u00f3n, la matanza de inocentes, medidas quir\u00fargicas que se necesitan para restaurar un cuerpo en decadencia a una condici\u00f3n saludable<\/span><\/strong><\/span><\/p>\n<\/blockquote>\n<p>&nbsp;<\/p>\n<p style=\"text-align: justify;\"><span style=\"font-size: 14pt;\"><strong>Para curar de sus males a las poblaciones degeneradas, estos fundadores de nuevos estados o iglesias pueden verse obligados a recurrir a medidas despiadadas<\/strong>, a la fuerza y la supercher\u00eda, la astucia, la crueldad, la traici\u00f3n, la matanza de inocentes, medidas quir\u00fargicas que se necesitan para restaurar un cuerpo en decadencia a una condici\u00f3n saludable. <\/span><\/p>\n<p style=\"text-align: justify;\"><span style=\"font-size: 14pt;\"><strong>E incluso estas cualidades pueden necesitarse aun cuando una sociedad haya sido vuelta a la salud<\/strong>; <\/span><\/p>\n<blockquote>\n<p style=\"text-align: justify;\"><strong><span style=\"font-size: 14pt; color: #008000;\">pues los hombres son d\u00e9biles y torpes, perpetuamente capaces de abandonar las \u00fanicas normas que los pueden conservar a la altura necesaria.<\/span><\/strong><\/p>\n<\/blockquote>\n<p>&nbsp;<\/p>\n<figure id=\"attachment_2270798\" aria-describedby=\"caption-attachment-2270798\" style=\"width: 480px\" class=\"wp-caption aligncenter\"><a href=\"https:\/\/puntocritico.com\/ausajpuntocritico\/2020\/06\/15\/neolengua-ii\/\" target=\"_blank\" rel=\"noopener\" data-schema-attribute=\"\"><img loading=\"lazy\" decoding=\"async\" class=\"wp-image-2270798\" src=\"https:\/\/puntocritico.com\/ausajpuntocritico\/wp-content\/uploads\/2023\/04\/1984-war-is-peace-libertad-es-esclavitud.jpg\" alt=\"\" width=\"480\" height=\"269\" \/><\/a><figcaption id=\"caption-attachment-2270798\" class=\"wp-caption-text\"><a href=\"https:\/\/puntocritico.com\/ausajpuntocritico\/2020\/06\/15\/neolengua-ii\/\" target=\"_blank\" rel=\"noopener\" data-schema-attribute=\"\"><span style=\"color: #008000;\">Orwell (1984): War is Peace. Libertad es esclavitud.<\/span><\/a><\/figcaption><\/figure>\n<p>&nbsp;<\/p>\n<p style=\"text-align: justify;\"><span style=\"font-size: 14pt;\">De aqu\u00ed que haya que <strong>mantenerlos en la condici\u00f3n adecuada<\/strong> mediante medidas que ciertamente agravian a la moralidad de la \u00e9poca. <\/span><\/p>\n<p style=\"text-align: justify;\"><span style=\"font-size: 14pt;\"><strong>Pero si transgreden esta moralidad, \u00bfen qu\u00e9 sentido se puede decir que se justifican?<\/strong> <\/span><span style=\"font-size: 14pt;\">Me parece que este es el punto nodal de toda la concepci\u00f3n de <strong>Maquiavelo<\/strong>. <\/span><\/p>\n<p style=\"text-align: justify;\"><span style=\"font-size: 14pt;\"><strong>En un sentido se las puede justificar; en otro no<\/strong>. Estos sentidos deben distinguirse de una forma m\u00e1s clara de lo que a \u00e9l le pareci\u00f3 necesario, pues no era fil\u00f3sofo y no se dedic\u00f3 a la tarea de examinar, ni siquiera de explicar, las implicaciones de sus propias ideas.<\/span><\/p>\n<p style=\"text-align: justify;\"><span style=\"font-size: 14pt;\">Perm\u00edtaseme tratar de aclarar m\u00e1s esto. <strong>Suele decirse <\/strong>(<em>en especial por parte de quienes siguen a <strong>Croce<\/strong>)<\/em>\u00a0<strong>que Maquiavelo separ\u00f3 a la pol\u00edtica de la moral<\/strong>, que <strong>recomend\u00f3 como<\/strong> <strong>pol\u00edticamente necesarios ciertos caminos que\u00a0la opini\u00f3n com\u00fan condena desde el punto de vista moral<\/strong>: <\/span><\/p>\n<blockquote>\n<p style=\"text-align: justify;\"><span style=\"color: #008000;\"><strong><span style=\"font-size: 14pt;\">pisar cad\u00e1veres en beneficio del Estado.<\/span><\/strong><\/span><\/p>\n<\/blockquote>\n<p>&nbsp;<\/p>\n<p style=\"text-align: justify;\"><span style=\"font-size: 14pt;\">Dejando a un lado lo que fue para \u00e9l la concepci\u00f3n de Estado, y si de hecho<strong> [70]<\/strong> la tuvo, <strong>me parece que esta es una falsa ant\u00edtesis<\/strong>. <\/span><\/p>\n<p style=\"text-align: justify;\"><span style=\"font-size: 14pt;\"><strong>Maquiavelo<\/strong> considera que los seres humanos inteligentes, los que comprenden la realidad, dedicar\u00e1n su vida a los fines que propone. <strong>Los fines \u00faltimos en este sentido, sean o no sean los de la tradici\u00f3n judeocristiana, son los que usualmente se entienden como <em>valores morales<\/em><\/strong>.<\/span><\/p>\n<p style=\"text-align: justify;\"><span style=\"font-size: 14pt;\">Lo que <strong>Maquiavelo<\/strong> distingue no son los valores espec\u00edficamente morales de los espec\u00edficamente pol\u00edticos;<strong> [71]<\/strong> lo que logra no es emancipar la pol\u00edtica de la \u00e9tica o de la religi\u00f3n, que <strong>Croce<\/strong> y muchos otros ven como su m\u00e1ximo logro;<strong> lo que instituye es algo que va a\u00fan m\u00e1s a fondo<\/strong>: <\/span><\/p>\n<blockquote>\n<p style=\"text-align: justify;\"><span style=\"color: #008000;\"><strong><span style=\"font-size: 14pt;\">una diferenciaci\u00f3n entre dos ideales de vida incompatibles, y por lo tanto entre dos moralidades.<\/span><\/strong><\/span><\/p>\n<\/blockquote>\n<p>&nbsp;<\/p>\n<figure id=\"attachment_2318323\" aria-describedby=\"caption-attachment-2318323\" style=\"width: 260px\" class=\"wp-caption aligncenter\"><img loading=\"lazy\" decoding=\"async\" class=\"wp-image-2318323\" src=\"https:\/\/puntocritico.com\/ausajpuntocritico\/wp-content\/uploads\/2026\/03\/Discursos-sobre-la-primera-decada-de-Tito-Livio-N-Maquiavelo-191x300.jpg\" alt=\"\" width=\"260\" height=\"407\" srcset=\"https:\/\/puntocritico.com\/ausajpuntocritico\/wp-content\/uploads\/2026\/03\/Discursos-sobre-la-primera-decada-de-Tito-Livio-N-Maquiavelo-191x300.jpg 191w, https:\/\/puntocritico.com\/ausajpuntocritico\/wp-content\/uploads\/2026\/03\/Discursos-sobre-la-primera-decada-de-Tito-Livio-N-Maquiavelo.jpg 330w\" sizes=\"auto, (max-width: 260px) 100vw, 260px\" \/><figcaption id=\"caption-attachment-2318323\" class=\"wp-caption-text\"><span style=\"color: #008000;\">Discursos sobre la primera d\u00e9cada de Tito Livio de Nicol\u00e1s Maquiavelo, 1531.<\/span><\/figcaption><\/figure>\n<p>&nbsp;<\/p>\n<p style=\"text-align: justify;\"><span style=\"font-size: 14pt;\"><strong>Una es la moral del mundo pagano<\/strong>; sus valores son el coraje, el vigor, la fortaleza ante la adversidad, el logro p\u00fablico, el orden, la disciplina, la felicidad, la fuerza, la justicia y por encima de todo la afirmaci\u00f3n de las pretensiones adecuadas y el conocimiento y poder necesarios para asegurar su satisfacci\u00f3n, lo que para un lector del <em>Renacimiento<\/em> equival\u00eda a lo que <strong>Pericles<\/strong> hab\u00eda visto personificado en su <em>Atenas<\/em> <em>ideal<\/em>, lo que <strong>Livio<\/strong> hab\u00eda encontrado en la antigua <em>Rep\u00fablica romana<\/em>, lo que <strong>T\u00e1cito<\/strong> y <strong>Juvenal<\/strong> se lamentaron, en su \u00e9poca, de ver en decadencia y muerte. <\/span><\/p>\n<p style=\"text-align: justify;\"><span style=\"font-size: 14pt;\">Estas les parecen a <strong>Maquiavelo<\/strong> las mejores horas de la humanidad y, como <em>humanista renacentista<\/em> que es, desea restaurarlas.<\/span><\/p>\n<p style=\"text-align: justify;\"><span style=\"font-size: 14pt;\"><strong>Contra este universo moral<\/strong> (<em>moral y \u00e9tico no menos en el sentido de <strong>Croce<\/strong> que en el sentido tradicional, esto es, que personifica los fines humanos \u00faltimos como quiera que estos se conciban<\/em>) <strong>se coloca en el primer lugar, antes que otra cosa, la moralidad cristiana<\/strong>. <\/span><\/p>\n<p style=\"text-align: justify;\"><span style=\"font-size: 14pt;\"><strong>Los ideales de la cristiandad<\/strong> son la caridad, la misericordia, el sacrificio, el amor a Dios, el perd\u00f3n a los enemigos, el desprecio a los bienes de este mundo, la fe en la otra vida, la creencia en la salvaci\u00f3n del alma individual, como valores incomparables, m\u00e1s elevados, y de hecho absolutamente inconmensurables con cualquier meta social, pol\u00edtica o cualquier otra terrenal, a cualquier consideraci\u00f3n econ\u00f3mica, militar o est\u00e9tica.<\/span><\/p>\n<p>&nbsp;<\/p>\n<blockquote>\n<p style=\"text-align: center;\"><strong><span style=\"font-size: 14pt; color: #008000;\">Maquiavelo afirma que a partir de los hombres que creen en tales ideales, y los practican, en principio no puede construirse ninguna comunidad humana satisfactoria, en el sentido\u00a0romano.<\/span><\/strong><\/p>\n<\/blockquote>\n<p>&nbsp;<\/p>\n<p style=\"text-align: justify;\"><span style=\"font-size: 14pt;\"><strong>Maquiavelo<\/strong> afirma que a partir de los hombres que creen en tales ideales, y los practican, en principio no puede construirse ninguna comunidad humana satisfactoria, en el sentido\u00a0romano. <strong>No se trata solo de lo inalcanzable de un ideal a causa de la imperfecci\u00f3n humana, el pecado original, la mala suerte, la ignorancia o la insuficiencia de medios materiales<\/strong>. <\/span><\/p>\n<p style=\"text-align: justify;\"><span style=\"font-size: 14pt;\">No es, en otras palabras, la incapacidad de los seres humanos comunes para elevarse a un nivel suficiente en la virtud cristiana (<em>que podr\u00eda ser, de hecho, el sino inescapable de los pecadores sobre la tierra<\/em>) lo que para \u00e9l hace irrealizable establecer, o siquiera buscar, el buen Estado cristiano.<\/span><\/p>\n<p>&nbsp;<\/p>\n<blockquote>\n<p style=\"text-align: center;\"><span style=\"color: #008000;\"><strong><span style=\"font-size: 14pt;\">No es la incapacidad de los seres humanos comunes para elevarse a un nivel suficiente en la virtud cristiana lo que para \u00e9l hace irrealizable establecer, o siquiera buscar, el buen Estado cristiano. <\/span><\/strong><\/span><\/p>\n<p style=\"text-align: center;\"><span style=\"color: #008000;\"><strong><span style=\"font-size: 14pt;\">Es precisamente lo opuesto: las que suelen considerarse <em>virtudes cristianas centrales<\/em>, cualquiera que sea su valor intr\u00ednseco, son obst\u00e1culos insuperables para construir la clase de sociedad que desea ver.<\/span><\/strong><\/span><\/p>\n<\/blockquote>\n<p>&nbsp;<\/p>\n<p><img loading=\"lazy\" decoding=\"async\" class=\"aligncenter wp-image-2300483\" src=\"https:\/\/puntocritico.com\/ausajpuntocritico\/wp-content\/uploads\/2024\/08\/Papa-con-tricornio-de-la-guardia-civil-PPAL-2-300x199.png\" alt=\"\" width=\"400\" height=\"266\" srcset=\"https:\/\/puntocritico.com\/ausajpuntocritico\/wp-content\/uploads\/2024\/08\/Papa-con-tricornio-de-la-guardia-civil-PPAL-2-300x199.png 300w, https:\/\/puntocritico.com\/ausajpuntocritico\/wp-content\/uploads\/2024\/08\/Papa-con-tricornio-de-la-guardia-civil-PPAL-2-678x452.png 678w, https:\/\/puntocritico.com\/ausajpuntocritico\/wp-content\/uploads\/2024\/08\/Papa-con-tricornio-de-la-guardia-civil-PPAL-2.png 680w\" sizes=\"auto, (max-width: 400px) 100vw, 400px\" \/><\/p>\n<p>&nbsp;<\/p>\n<p style=\"text-align: justify;\"><span style=\"font-size: 14pt;\"><strong>Es precisamente lo opuesto<\/strong>; <strong>Maquiavelo<\/strong> est\u00e1 convencido de que <strong>las que suelen considerarse <em>virtudes cristianas centrales<\/em>, cualquiera que sea su valor intr\u00ednseco, son obst\u00e1culos insuperables para construir la clase de sociedad que desea ver<\/strong>; m\u00e1s a\u00fan, la sociedad que supone natural para todos los hombres normales, la clase de comunidad que, en su opini\u00f3n, satisface los intereses y los deseos permanentes de los hombres.<\/span><\/p>\n<p style=\"text-align: justify;\"><span style=\"font-size: 14pt;\"><strong>Si los seres humanos fueran diferentes de lo que son tal vez ser\u00edan capaces de crear una sociedad cristiana ideal<\/strong>. Pero es claro que en tal caso tendr\u00edan que ser muy diferentes de los hombres tal como han sido siempre; y sin duda es ocioso construir o discutir los proyectos de seres que nunca podr\u00e1 haber sobre la tierra; hablar de eso no tiene sentido y solo engendra sue\u00f1os y errores fatales. <\/span><\/p>\n<p style=\"text-align: justify;\"><span style=\"font-size: 14pt;\"><strong>Lo que hay que hacer se debe definir en t\u00e9rminos de lo factible, no de lo imaginario<\/strong>; el arte de gobernar tiene que ver con acciones dentro de los l\u00edmites de las posibilidades humanas, por vastos que sean, se puede cambiar a los hombres, pero no a un grado fant\u00e1stico. <\/span><\/p>\n<p style=\"text-align: justify;\"><span style=\"font-size: 14pt;\"><strong>Propugnar medidas ideales, solo adecuadas para los \u00e1ngeles, como cree que han hecho antes muchos autores pol\u00edticos, es visionario e irresponsable, y conduce a la ruina<\/strong>.<\/span><\/p>\n<p style=\"text-align: justify;\">\u00a0<\/p>\n<blockquote>\n<p style=\"text-align: center;\"><strong><span style=\"color: #008000; font-size: 14pt;\">Maquiavelo no desea negar que lo que los cristianos llaman bien es, en efecto, bien, que lo que llaman virtud y vicio es en verdad virtud y vicio.<\/span><\/strong><\/p>\n<\/blockquote>\n<p>&nbsp;<\/p>\n<p style=\"text-align: justify;\"><span style=\"font-size: 14pt;\">Es importante darse cuenta de que <strong>Maquiavelo<\/strong> no desea negar que lo que los cristianos llaman bien es, en efecto, bien, que lo que llaman virtud y vicio es en verdad virtud y vicio. <\/span><\/p>\n<p style=\"text-align: justify;\"><span style=\"font-size: 14pt;\"><strong>A diferencia de <a href=\"https:\/\/puntocritico.com\/ausajpuntocritico\/2023\/01\/13\/sobre-la-libertad-y-el-apluso-aristoteles-hobbes-bernstein-y-spinoza-en-perspectiva-parte-1\/\" target=\"_blank\" rel=\"noopener\" data-schema-attribute=\"\">Hobbes<\/a> o de<\/strong> <a href=\"https:\/\/puntocritico.com\/ausajpuntocritico\/2018\/04\/13\/spinoza-y-hobbes-la-escalera-de-libertades\/\" target=\"_blank\" rel=\"noopener\" data-schema-attribute=\"\"><strong>Spinoza<\/strong><\/a> (<em>o de los philosophes del siglo XVIII o, para el caso, los primeros <strong>estoicos<\/strong><\/em>), que tratan de definir (<em>o redefinir<\/em>) nociones morales en forma tal que concuerden con la clase de comunidad que, en su opini\u00f3n, los hombres racionales, si son consistentes, deben desear erigir, <strong>Maquiavelo<\/strong> <strong>no huye de las nociones comunes, del vocabulario tradicional, moralmente aceptado, de la humanidad<\/strong>:<\/span><\/p>\n<blockquote>\n<p style=\"text-align: justify;\"><strong><span style=\"font-size: 14pt; color: #008000;\">No dice, ni implica (<em>como hicieran diversos reformadores\u00a0filos\u00f3ficos radicales<\/em>) que la humildad, la bondad, la espiritualidad, la fe en Dios, la santidad, el amor cristiano, la franqueza inalterable, la compasi\u00f3n, sean atributos malos o sin importancia; o que la crueldad, la mala fe, el poder pol\u00edtico, el sacrificio de hombres inocentes a las necesidades sociales, etc., sean buenos.<\/span><\/strong><\/p>\n<\/blockquote>\n<p>&nbsp;<\/p>\n<p><a href=\"https:\/\/puntocritico.com\/ausajpuntocritico\/tag\/hobbes\/\" target=\"_blank\" rel=\"noopener\" data-schema-attribute=\"\"><img loading=\"lazy\" decoding=\"async\" class=\"aligncenter wp-image-2232592\" src=\"https:\/\/puntocritico.com\/ausajpuntocritico\/wp-content\/uploads\/2021\/11\/Leviatan-Londres-1651-PPAL-300x199.jpg\" alt=\"\" width=\"440\" height=\"292\" srcset=\"https:\/\/puntocritico.com\/ausajpuntocritico\/wp-content\/uploads\/2021\/11\/Leviatan-Londres-1651-PPAL-300x199.jpg 300w, https:\/\/puntocritico.com\/ausajpuntocritico\/wp-content\/uploads\/2021\/11\/Leviatan-Londres-1651-PPAL-610x405.jpg 610w, https:\/\/puntocritico.com\/ausajpuntocritico\/wp-content\/uploads\/2021\/11\/Leviatan-Londres-1651-PPAL-678x452.jpg 678w, https:\/\/puntocritico.com\/ausajpuntocritico\/wp-content\/uploads\/2021\/11\/Leviatan-Londres-1651-PPAL.jpg 680w\" sizes=\"auto, (max-width: 440px) 100vw, 440px\" \/><\/a><\/p>\n<p>&nbsp;<\/p>\n<p style=\"text-align: justify;\"><span style=\"font-size: 14pt;\"><strong>Pero si han de guiarnos la historia y las ideas de los estadistas sabios, especialmente del mundo antiguo, verificadas como lo han sido en la pr\u00e1ctica<\/strong> (<em>verit\u00e0 effettuale<\/em>), se ver\u00e1 que de hecho <strong>es imposible combinar las virtudes cristianas<\/strong>, por ejemplo la mansedumbre o la b\u00fasqueda de la salvaci\u00f3n espiritual, <strong>con una sociedad terrena satisfactoria, estable, vigorosa, fuerte<\/strong>.<\/span><\/p>\n<p>&nbsp;<\/p>\n<blockquote>\n<p style=\"text-align: center;\"><span style=\"color: #008000;\"><strong><span style=\"font-size: 14pt;\">Es imposible combinar las virtudes cristianas, por ejemplo la mansedumbre o la b\u00fasqueda de la salvaci\u00f3n espiritual, con una sociedad terrena satisfactoria, estable, vigorosa, fuerte.<\/span><\/strong><\/span><\/p>\n<\/blockquote>\n<p>&nbsp;<\/p>\n<p style=\"text-align: justify;\"><span style=\"font-size: 14pt;\"><strong>Por consiguiente el hombre debe escoger<\/strong>. Elegir llevar una vida cristiana lo condena a la impotencia pol\u00edtica, a ser usado y aplastado por hombres poderosos, ambiciosos, inteligentes, inescrupulosos; <strong>si desea construir una comunidad gloriosa como la de <em>Atenas<\/em> o <em>Roma<\/em> en su punto culminante, debe abandonar la educaci\u00f3n cristiana y sustituirla por una mejor adaptada para el caso<\/strong>.<\/span><\/p>\n<p>&nbsp;<\/p>\n<blockquote>\n<p style=\"text-align: center;\"><span style=\"color: #008000;\"><strong><span style=\"font-size: 14pt;\">Elegir llevar una vida cristiana lo condena a la impotencia pol\u00edtica, a ser usado y aplastado por hombres poderosos, ambiciosos, inteligentes, inescrupulosos.<\/span><\/strong><\/span><\/p>\n<\/blockquote>\n<p>&nbsp;<\/p>\n<p style=\"text-align: justify;\"><span style=\"font-size: 14pt;\"><strong>Maquiavelo<\/strong> no es un fil\u00f3sofo y no se ocupa de abstracciones, pero <strong>su tesis llega a un punto de importancia central para la teor\u00eda pol\u00edtica<\/strong>: <\/span><\/p>\n<blockquote>\n<p style=\"text-align: justify;\"><span style=\"color: #008000;\"><strong><span style=\"font-size: 14pt;\">un hecho que los hombres no quieren enfrentar es que estas dos metas, en las que evidentemente pueden creer los seres humanos,\u00a0no son compatibles entre s\u00ed.<\/span><\/strong><\/span><\/p>\n<\/blockquote>\n<p>&nbsp;<\/p>\n<p><img loading=\"lazy\" decoding=\"async\" class=\"aligncenter wp-image-2308804\" src=\"https:\/\/puntocritico.com\/ausajpuntocritico\/wp-content\/uploads\/2025\/04\/ETICA-WOKE-PPAL-300x169.jpg\" alt=\"\" width=\"480\" height=\"270\" srcset=\"https:\/\/puntocritico.com\/ausajpuntocritico\/wp-content\/uploads\/2025\/04\/ETICA-WOKE-PPAL-300x169.jpg 300w, https:\/\/puntocritico.com\/ausajpuntocritico\/wp-content\/uploads\/2025\/04\/ETICA-WOKE-PPAL.jpg 678w\" sizes=\"auto, (max-width: 480px) 100vw, 480px\" \/><\/p>\n<p>&nbsp;<\/p>\n<p style=\"text-align: justify;\"><span style=\"font-size: 14pt;\">Lo que suele ocurrir, en su opini\u00f3n, es que <strong>dado que los hombres no pueden decidirse a seguir cualquiera de estas dos sendas, a dondequiera que conduzcan<\/strong> (<em>\u00ablos hombres toman ciertos caminos medios que son muy lesivos; de hecho son incapaces de ser completamente buenos o completamente malos\u00bb<\/em>), <strong>[72]<\/strong> tratan de llegar a arreglos, <strong>vacilan, caen entre dos opciones y terminan en la debilidad y en el fracaso<\/strong>.<\/span><\/p>\n<p style=\"text-align: justify;\"><span style=\"font-size: 14pt;\"><strong>Condena todo lo que conduzca a la inefectividad pol\u00edtica<\/strong>. En un famoso pasaje de los <em><strong>Discursos<\/strong> <\/em>dice que<strong> la fe cristiana ha hecho \u00ab<em>d\u00e9biles a los seres humanos, presa f\u00e1cil de los hombres malvados<\/em>\u00bb, ya que <\/strong><\/span><\/p>\n<blockquote>\n<p style=\"text-align: justify;\"><span style=\"font-size: 14pt; color: #008000;\"><strong>\u00ab<em>piensan m\u00e1s en soportar los agravios que en vengarlos<\/em>\u00bb [73].<\/strong> <\/span><\/p>\n<\/blockquote>\n<p>&nbsp;<\/p>\n<p><a href=\"https:\/\/puntocritico.com\/ausajpuntocritico\/2023\/08\/25\/la-compatibilidad-de-la-libertad-individual-con-la-seguridad-estatal\/\" target=\"_blank\" rel=\"noopener\" data-schema-attribute=\"\"><img loading=\"lazy\" decoding=\"async\" class=\"aligncenter wp-image-2285529\" src=\"https:\/\/puntocritico.com\/ausajpuntocritico\/wp-content\/uploads\/2023\/08\/La-compatibilidad-de-la-libertad-individual-con-la-seguridad-estatal-OK-300x199.jpg\" alt=\"\" width=\"440\" height=\"292\" srcset=\"https:\/\/puntocritico.com\/ausajpuntocritico\/wp-content\/uploads\/2023\/08\/La-compatibilidad-de-la-libertad-individual-con-la-seguridad-estatal-OK-300x199.jpg 300w, https:\/\/puntocritico.com\/ausajpuntocritico\/wp-content\/uploads\/2023\/08\/La-compatibilidad-de-la-libertad-individual-con-la-seguridad-estatal-OK-678x452.jpg 678w, https:\/\/puntocritico.com\/ausajpuntocritico\/wp-content\/uploads\/2023\/08\/La-compatibilidad-de-la-libertad-individual-con-la-seguridad-estatal-OK.jpg 680w\" sizes=\"auto, (max-width: 440px) 100vw, 440px\" \/><\/a><\/p>\n<p>&nbsp;<\/p>\n<p style=\"text-align: justify;\"><span style=\"font-size: 14pt;\">En general el <strong>efecto de la ense\u00f1anza cristiana<\/strong> ha sido<strong> aplastar el esp\u00edritu c\u00edvico de los hombres y hacerlos soportar con resignaci\u00f3n las humillaciones<\/strong>, as\u00ed que los destructores y los d\u00e9spotas hallan muy poca resistencia. De aqu\u00ed que en este respecto el cristianismo resulte peor que la religi\u00f3n romana, que hizo a los hombres m\u00e1s fuertes y m\u00e1s \u00ab<em>feroces<\/em>\u00bb.<\/span><\/p>\n<p>&nbsp;<\/p>\n<blockquote>\n<p style=\"text-align: center;\"><span style=\"color: #008000;\"><strong><span style=\"font-size: 14pt;\">De aqu\u00ed que el cristianismo resulte peor que la religi\u00f3n romana, que hizo a los hombres m\u00e1s fuertes y m\u00e1s \u00ab<em>feroces<\/em>\u00bb.<\/span><\/strong><\/span><\/p>\n<\/blockquote>\n<p>&nbsp;<\/p>\n<p style=\"text-align: justify;\"><span style=\"font-size: 14pt;\"><strong>Maquiavelo<\/strong> <strong>modifica este juicio acerca del cristianismo cuando menos en dos pasajes de los discursos<\/strong>. <\/span><\/p>\n<blockquote>\n<p style=\"text-align: justify;\"><strong><span style=\"font-size: 14pt; color: #008000;\"><em>En el primero<\/em> observa que solo ha tenido este efecto infortunado porque ha sido malinterpretado con un esp\u00edritu de <em>ozio<\/em> -quietismo o indolencia-, pues desde luego no contiene nada que proh\u00edba \u00ab<em>el mejoramiento y la defensa de nuestro pa\u00eds<\/em>\u00bb [74]. <\/span><\/strong><\/p>\n<p style=\"text-align: justify;\"><strong><span style=\"font-size: 14pt; color: #008000;\"><em>En el segundo<\/em> pasaje declara que \u00ab<em>Si los pr\u00edncipes de la cristiandad hubieran mantenido este tipo de religi\u00f3n, tal como la fund\u00f3 quien nos la dio, los estados y rep\u00fablicas cristianos estar\u00edan m\u00e1s unidos, mucho m\u00e1s felices de lo que son<\/em>\u00bb, [75] <\/span><\/strong><\/p>\n<p style=\"text-align: justify;\"><strong><span style=\"font-size: 14pt; color: #008000;\">pero el <em>cristianismo decadente de la Iglesia de Roma<\/em> ha tenido el efecto opuesto:\u00a0<\/span><\/strong><strong><span style=\"font-size: 14pt; color: #008000;\">el papado ha destruido \u00ab<em>toda piedad y toda religi\u00f3n<\/em>\u00bb en Italia, y tambi\u00e9n su unidad.<\/span><\/strong><\/p>\n<\/blockquote>\n<p>&nbsp;<\/p>\n<figure id=\"attachment_2308640\" aria-describedby=\"caption-attachment-2308640\" style=\"width: 330px\" class=\"wp-caption aligncenter\"><img loading=\"lazy\" decoding=\"async\" class=\"wp-image-2308640 size-mh-magazine-content\" src=\"https:\/\/puntocritico.com\/ausajpuntocritico\/wp-content\/uploads\/2025\/04\/Portrait_of_Pope_Leo_X_and_his_cousins_cardinals_Giulio_de_Medici_and_Luigi_de_Rossi_by_Raphael-330x381.jpg\" alt=\"\" width=\"330\" height=\"381\" \/><figcaption id=\"caption-attachment-2308640\" class=\"wp-caption-text\"><span style=\"color: #008000;\">Retrato del papa Le\u00f3n X con sus primos, los cardenales Julio de M\u00e9dicis (futuro papa Clemente VII, a la izquierda) y Luis de Rossi (a la derecha), obra de Rafael Sanzio.<\/span><\/figcaption><\/figure>\n<p>&nbsp;<\/p>\n<blockquote>\n<p style=\"text-align: center;\"><span style=\"color: #008000;\"><strong><span style=\"font-size: 14pt;\">Si la <em>Iglesia<\/em> hubiera desarrollado un concepto patri\u00f3tico y absolutamente militante, sobre las l\u00edneas de la <em>antiqua virtus romana<\/em>, y hubiese producido hombres viriles, austeros, devotos, con esp\u00edritu p\u00fablico, sus consecuencias sociales hubieran sido m\u00e1s satisfactorias.<\/span><\/strong><\/span><\/p>\n<\/blockquote>\n<p>&nbsp;<\/p>\n<p style=\"text-align: justify;\"><span style=\"font-size: 14pt;\"><strong>Aun si estos pasajes se toman literalmente, y no se ven como piezas m\u00ednimamente destinadas a evitar la censura o la persecuci\u00f3n eclesi\u00e1stica<\/strong>, lo que afirman es que si la <em>Iglesia<\/em> hubiera desarrollado un concepto patri\u00f3tico y absolutamente militante, sobre las l\u00edneas de la <em><strong>antiqua virtus romana<\/strong><\/em>, y hubiese producido hombres viriles, austeros, devotos, con esp\u00edritu p\u00fablico, sus consecuencias sociales hubieran sido m\u00e1s satisfactorias. <\/span><\/p>\n<p style=\"text-align: justify;\"><span style=\"font-size: 14pt;\"><strong>Pero lo que ha hecho es conducir, por una parte, a la corrupci\u00f3n y a la divisi\u00f3n pol\u00edtica culpa del papado, y por la otra a vivir fuera de este mundo y a soportar mansamente el sufrimiento sobre la tierra en pro de la vida eterna m\u00e1s all\u00e1 de la tumba<\/strong>. Esta \u00faltima corriente disuelve el edificio social y ayuda a los malvados y a los opresores.<\/span><\/p>\n<p style=\"text-align: justify;\"><span style=\"font-size: 14pt;\">En su ataque pol\u00edtico contra la <em>Iglesia de Roma<\/em>, compartido por <a href=\"https:\/\/es.wikipedia.org\/wiki\/Francesco_Guicciardini\" target=\"_blank\" rel=\"noopener\" data-schema-attribute=\"\"><strong>Guicciardini<\/strong><\/a> y otros en su tiempo, <strong>Maquiavelo<\/strong> pudo haber encontrado <strong>entusiastas aliados en la <em>Reforma<\/em> <\/strong>(<em>por lo que s\u00e9 no hay pruebas de que a sus o\u00eddos llegaran noticias de la \u00abreyerta de los monjes\u00bb<\/em>).<\/span><\/p>\n<p>&nbsp;<\/p>\n<blockquote>\n<p style=\"text-align: center;\"><span style=\"font-size: 14pt; color: #008000;\"><strong>En su ataque pol\u00edtico contra la <em>Iglesia de Roma<\/em>, Maquiavelo pudo haber encontrado entusiastas aliados en la <em>Reforma<\/em> (<em>la \u00abreyerta de los monjes\u00bb<\/em>).<\/strong> <\/span><\/p>\n<\/blockquote>\n<p>&nbsp;<\/p>\n<p style=\"text-align: justify;\"><span style=\"font-size: 14pt;\">Su <strong>exigencia de un cristianismo que no pusiera la bendici\u00f3n de la fe en el cielo y la conciencia pura por encima del \u00e9xito en la tierra<\/strong>, y que exaltara <strong>m\u00e1s el amor a la gloria y la autoafirmaci\u00f3n que la mansedumbre y la resignaci\u00f3n<\/strong>, podr\u00eda haber sido m\u00e1s dif\u00edcil de satisfacer. <\/span><\/p>\n<p style=\"text-align: justify;\"><span style=\"font-size: 14pt;\"><strong>Maquiavelo<\/strong> no halla nada que criticar en la <em>religi\u00f3n pagana romana<\/em> en su momento de m\u00e1s vigor, <strong>exige una religi\u00f3n similar, no necesariamente del todo anticristiana, pero s\u00ed lo bastante\u00a0vigorosa<\/strong> como para no ser menos efectiva con fines pr\u00e1cticos.<\/span><\/p>\n<p>&nbsp;<\/p>\n<figure id=\"attachment_25531\" aria-describedby=\"caption-attachment-25531\" style=\"width: 280px\" class=\"wp-caption aligncenter\"><img loading=\"lazy\" decoding=\"async\" class=\"wp-image-25531\" src=\"https:\/\/puntocritico.com\/ausajpuntocritico\/wp-content\/uploads\/2020\/01\/11366235-Johann-Gottlieb-Fichte-Picture-from-Meyers-Lexicon-books-written-in-German-language-Collection-of-21-Stock-Photo-858x1024-251x300.jpg\" alt=\"\" width=\"280\" height=\"334\" srcset=\"https:\/\/puntocritico.com\/ausajpuntocritico\/wp-content\/uploads\/2020\/01\/11366235-Johann-Gottlieb-Fichte-Picture-from-Meyers-Lexicon-books-written-in-German-language-Collection-of-21-Stock-Photo-858x1024-251x300.jpg 251w, https:\/\/puntocritico.com\/ausajpuntocritico\/wp-content\/uploads\/2020\/01\/11366235-Johann-Gottlieb-Fichte-Picture-from-Meyers-Lexicon-books-written-in-German-language-Collection-of-21-Stock-Photo-858x1024-768x917.jpg 768w, https:\/\/puntocritico.com\/ausajpuntocritico\/wp-content\/uploads\/2020\/01\/11366235-Johann-Gottlieb-Fichte-Picture-from-Meyers-Lexicon-books-written-in-German-language-Collection-of-21-Stock-Photo-858x1024.jpg 858w\" sizes=\"auto, (max-width: 280px) 100vw, 280px\" \/><figcaption id=\"caption-attachment-25531\" class=\"wp-caption-text\"><span style=\"color: #008000;\">Johann Gottlieb Fichte <\/span><\/figcaption><\/figure>\n<p>&nbsp;<\/p>\n<p><span style=\"font-size: 14pt;\">No parece irrazonable concluir (<em>como nos lo dicen<\/em><\/span><em><strong><span class=\"mw-page-title-main\" style=\"font-size: 14pt;\"> Fichte\u00a0<\/span><\/strong><\/em><span style=\"font-size: 14pt;\"><em><strong><em>\u00a0<\/em>[76]<\/strong> y <strong>Prezzolini [77]<\/strong><\/em>) que es un cr\u00edtico implacable de las verdaderas instituciones cristianas, m\u00e1s que su campe\u00f3n.<\/span><\/p>\n<p style=\"text-align: justify;\"><span style=\"font-size: 14pt;\">En esto lo siguen todos aquellos pensadores posteriores que comparten con \u00e9l su concepci\u00f3n del hombre y sus necesidades naturales (<em>materialistas del siglo XVIII, <a href=\"https:\/\/puntocritico.com\/ausajpuntocritico\/2026\/02\/02\/ineptocracia\/\" target=\"_blank\" rel=\"noopener\" data-schema-attribute=\"\"><strong>Nietzsche<\/strong><\/a><\/em>, <em>darwinistas <\/em><em>sociales<\/em>) o (<em>como <a href=\"https:\/\/puntocritico.com\/ausajpuntocritico\/2024\/05\/07\/jean-jacques-rousseau-discurso-sobre-las-ciencias-y-las-artes-parte-1\/\" target=\"_blank\" rel=\"noopener\" data-schema-attribute=\"\"><strong>Rousseau<\/strong><\/a> y algunos positivistas del siglo XIX<\/em>) sus ideales c\u00edvicos.<\/span><\/p>\n<p style=\"text-align: justify;\"><span style=\"font-size: 14pt;\">Es importante advertir que <strong>Maquiavelo<\/strong> no condena formalmente la moralidad cristiana o los valores aprobados de su propia sociedad.<\/span><\/p>\n<p>&nbsp;<\/p>\n<blockquote>\n<p style=\"text-align: center;\"><span style=\"color: #008000;\"><strong><span style=\"font-size: 14pt;\">Maquiavelo no condena formalmente la moralidad cristiana o los valores aprobados de su propia sociedad.<\/span><\/strong><\/span><\/p>\n<\/blockquote>\n<p>&nbsp;<\/p>\n<p style=\"text-align: justify;\"><span style=\"font-size: 14pt;\">A diferencia de moralistas sistem\u00e1ticos como <strong>Hobbes<\/strong> o <strong>Spinoza<\/strong>, \u00e9l no intenta redefinir los t\u00e9rminos para adaptarse a un racionalismo ego\u00edsta, a fin de que <em><strong>virtudes cristianas<\/strong> <\/em>tales como, digamos, piedad, humildad, sacrificio, obediencia, sean vistas como debilidades o vicios. <\/span><\/p>\n<p style=\"text-align: justify;\"><span style=\"font-size: 14pt;\"><strong>No traspone nada: las cosas que los hombres llaman buenas en efecto lo son<\/strong>. Usaba palabras como <em>buono, cattivo, onesto, inumano<\/em>, etc., tal como se empleaban en el habla com\u00fan de su tiempo, y de hecho en el nuestro. <\/span><\/p>\n<p style=\"text-align: justify;\"><span style=\"font-size: 14pt;\">Se limita a decir que la pr\u00e1ctica de esas virtudes hace imposible construir una sociedad que, cuando se la contempla en las p\u00e1ginas de la historia o por medio de la imaginaci\u00f3n pol\u00edtica, despierte en nosotros -en cualquier hombre- una gran nostalgia.<\/span><\/p>\n<p style=\"text-align: justify;\"><span style=\"font-size: 14pt;\"><strong>Uno de los pasajes cruciales se encuentra en el <em>cap\u00edtulo d\u00e9cimo<\/em> del<em> primer libro<\/em> de los<\/strong> <em><strong>Discursos<\/strong><\/em>; en \u00e9l distingue, sobre las l\u00edneas de <strong>T\u00e1cito<\/strong> o <strong>Dion<\/strong>, entre <strong>los buenos y los malos emperadores romanos<\/strong>, y a\u00f1ade: \u00ab<em>si un pr\u00edncipe es de estirpe humana, se atemorizar\u00e1 ante cualquier imitaci\u00f3n de los malos tiempos y se sentir\u00e1 encendido por un inmenso deseo (immenso desiderio) de seguir la senda de los buenos<\/em>\u00bb; \u00ab<em>bueno<\/em>\u00bb, evidentemente, en alg\u00fan sentido no cristiano. <strong>Whitfield<\/strong> piensa que <strong>Maquiavelo<\/strong> no es pesimista ni c\u00ednico. <\/span><\/p>\n<p style=\"text-align: justify;\"><span style=\"font-size: 14pt;\">Tal vez no sea c\u00ednico, esto es hilar fino: muchas veces es dif\u00edcil trazar la l\u00ednea entre el cinismo (<em>y de hecho tambi\u00e9n el pesimismo<\/em>) y un realismo inconmovible. <\/span><span style=\"font-size: 14pt;\">Pero <strong>Maquiavelo<\/strong> no es una persona esperanzada en el sentido usual del t\u00e9rmino. <\/span><\/p>\n<p style=\"text-align: justify;\"><span style=\"font-size: 14pt;\">Sin embargo, como todo pensador humanista desde sus d\u00edas hasta los nuestros, <strong>cree que el solo conocimiento de la verdad la verdadera verdad<\/strong>, no los cuentos de hadas de los moralistas superficiales, <strong>ayudar\u00eda a los hombres a entenderse y los har\u00eda ir m\u00e1s lejos<\/strong>.\u00a0<\/span><\/p>\n<p>&nbsp;<\/p>\n<p><a href=\"https:\/\/puntocritico.com\/ausajpuntocritico\/2026\/03\/04\/el-arte-de-ser-libre-tocqueville\/\" target=\"_blank\" rel=\"noopener\" data-schema-attribute=\"\"><img loading=\"lazy\" decoding=\"async\" class=\"aligncenter wp-image-2318074\" src=\"https:\/\/puntocritico.com\/ausajpuntocritico\/wp-content\/uploads\/2026\/03\/educar-en-libertad-PPAL-300x199.jpg\" alt=\"\" width=\"440\" height=\"292\" srcset=\"https:\/\/puntocritico.com\/ausajpuntocritico\/wp-content\/uploads\/2026\/03\/educar-en-libertad-PPAL-300x199.jpg 300w, https:\/\/puntocritico.com\/ausajpuntocritico\/wp-content\/uploads\/2026\/03\/educar-en-libertad-PPAL-678x452.jpg 678w, https:\/\/puntocritico.com\/ausajpuntocritico\/wp-content\/uploads\/2026\/03\/educar-en-libertad-PPAL.jpg 680w\" sizes=\"auto, (max-width: 440px) 100vw, 440px\" \/><\/a><\/p>\n<p>&nbsp;<\/p>\n<p style=\"text-align: justify;\"><span style=\"font-size: 14pt;\"><strong>Cree tambi\u00e9n que las cualidades que los hombres necesitan para revivir esos <em>buoni tempi<\/em> no son compatibles con las que le exige la educaci\u00f3n cristiana<\/strong>. No trata de corregir la concepci\u00f3n cristiana del hombre bueno. <\/span><\/p>\n<p style=\"text-align: justify;\"><span style=\"font-size: 14pt;\"><strong>No dice que los santos no son santos, o que ese comportamiento honorable no es honorable o no tiene que ser admirado<\/strong>; solo afirma que ese tipo de bondad, cuando menos en sus formas tradicionalmente aceptadas, no puede crear o mantener una sociedad fuerte, segura y vigorosa, y que de hecho resulta fatal para ella. <\/span><\/p>\n<p style=\"text-align: justify;\"><span style=\"font-size: 14pt;\"><strong>Se\u00f1ala que en nuestro mundo, quienes persiguen tales ideales, est\u00e1n destinados a la derrota y a conducir a otros a la ruina<\/strong>, dado que <strong>su perspectiva del mundo no est\u00e1 basada en la verdad<\/strong>, cuando menos no en la <em>verit\u00e0 effettuale<\/em>, la verdad que es probada por el buen \u00e9xito y la experiencia que (<em>por cruel que sea<\/em>), siempre es, al final, menos destructiva que la otra (<em>por muy noble que pueda ser<\/em>).<\/span><\/p>\n<p style=\"text-align: justify;\"><span style=\"font-size: 14pt;\">Si los dos pasajes mencionados arriba <strong>[78] <\/strong>se toman literalmente, el <em>cristianismo<\/em>, cuando menos en teor\u00eda, pudo haber adquirido una forma compatible con las cualidades que \u00e9l celebra, pero y no sorprende- \u00e9l no sigue esta l\u00ednea de pensamiento. <\/span><\/p>\n<p style=\"text-align: justify;\"><span style=\"font-size: 14pt;\"><strong>La historia tom\u00f3 otro camino<\/strong>. La idea de una <em>comunidad cristiana<\/em> si pes\u00f3 seriamente en esto debe de haberle parecido <strong>tan ut\u00f3pica como un mundo en el que todos los seres humanos, o cuando menos la mayor\u00eda, fueran buenos<\/strong>.<\/span><\/p>\n<p style=\"text-align: justify;\"><span style=\"font-size: 14pt;\"><strong>Los principios cristianos han debilitado las virtudes c\u00edvicas de los hombres<\/strong>. Especular acerca de la forma que el cristianismo podr\u00eda haber asumido, o que, en circunstancias improbables, a\u00fan podr\u00eda adquirir, no es para \u00e9l m\u00e1s que un pasatiempo ocioso (<em>y peligroso<\/em>).<\/span><\/p>\n<p style=\"text-align: justify;\"><span style=\"font-size: 14pt;\">Los <em>cristianos<\/em>, tal como los conoc\u00eda en la historia y en su propia experiencia, esto es, los que en la pr\u00e1ctica realmente siguen los <em>preceptos cristianos<\/em>, son buenos, pero si gobiernan estados a la luz de tales principios los llevan a la destrucci\u00f3n.<\/span><\/p>\n<p>&nbsp;<\/p>\n<blockquote>\n<p style=\"text-align: center;\"><span style=\"color: #008000;\"><strong><span style=\"font-size: 14pt;\">Los <em>cristianos<\/em>, tal como los conoc\u00eda en la historia y en su propia experiencia, esto es, los que en la pr\u00e1ctica realmente siguen los <em>preceptos cristianos<\/em>, son buenos, pero si gobiernan estados a la luz de tales principios los llevan a la destrucci\u00f3n.<\/span><\/strong><\/span><\/p>\n<\/blockquote>\n<p>&nbsp;<\/p>\n<figure id=\"attachment_3774\" aria-describedby=\"caption-attachment-3774\" style=\"width: 440px\" class=\"wp-caption aligncenter\"><a href=\"https:\/\/puntocritico.com\/ausajpuntocritico\/2021\/03\/15\/el-gran-inquisidor-por-fiodor-m-dostoyevski\/\" target=\"_blank\" rel=\"noopener\" data-schema-attribute=\"\"><img loading=\"lazy\" decoding=\"async\" class=\"wp-image-3774\" src=\"https:\/\/puntocritico.com\/ausajpuntocritico\/wp-content\/uploads\/2017\/07\/DOSTOYEVSKI-Inquisidor-300x199.jpg\" alt=\"\" width=\"440\" height=\"292\" srcset=\"https:\/\/puntocritico.com\/ausajpuntocritico\/wp-content\/uploads\/2017\/07\/DOSTOYEVSKI-Inquisidor-300x199.jpg 300w, https:\/\/puntocritico.com\/ausajpuntocritico\/wp-content\/uploads\/2017\/07\/DOSTOYEVSKI-Inquisidor-678x452.jpg 678w, https:\/\/puntocritico.com\/ausajpuntocritico\/wp-content\/uploads\/2017\/07\/DOSTOYEVSKI-Inquisidor.jpg 680w\" sizes=\"auto, (max-width: 440px) 100vw, 440px\" \/><\/a><figcaption id=\"caption-attachment-3774\" class=\"wp-caption-text\"><a href=\"https:\/\/puntocritico.com\/ausajpuntocritico\/2021\/03\/15\/el-gran-inquisidor-por-fiodor-m-dostoyevski\/\" target=\"_blank\" rel=\"noopener\" data-schema-attribute=\"\"><span style=\"color: #008000;\">EL GRAN INQUISIDOR, por Fiodor M. Dostoievski <\/span><\/a><\/figcaption><\/figure>\n<p>&nbsp;<\/p>\n<p style=\"text-align: justify;\"><span style=\"font-size: 14pt;\">Como el <strong><em>pr\u00edncipe<\/em> <em>Mishkin<\/em><\/strong>, en <strong><em>El idiota<\/em><\/strong> de <a href=\"https:\/\/puntocritico.com\/ausajpuntocritico\/2021\/11\/29\/apartheid-sanitario\/\" target=\"_blank\" rel=\"noopener\" data-schema-attribute=\"\"><strong>Dostoievski<\/strong><\/a>, como los bien intencionados <em>gonfalonieri<\/em> de la Rep\u00fablica Florentina, como <strong>Savonarola<\/strong>, est\u00e1n destinados a ser derrotados por los realistas (<em>los Medici, o el papa, o el rey Fernando de Espa\u00f1a<\/em>) que <strong>comprendieron c\u00f3mo crear instituciones duraderas: erigirlas, si es necesario, sobre los huesos de v\u00edctimas inocentes<\/strong>. <\/span><\/p>\n<p style=\"text-align: justify;\"><span style=\"font-size: 14pt;\">Me gustar\u00eda volver a hacer hincapi\u00e9 en que \u00e9l <strong>no condena expl\u00edcitamente la moralidad cristiana<\/strong>;\u00a0<\/span><span style=\"font-size: 14pt;\">solo anota que esto, cuando menos en los gobernantes (<em>pero en alg\u00fan grado tambi\u00e9n para los s\u00fabditos<\/em>), es incompatible con esos fines sociales que, seg\u00fan piensa, es natural y sabio que busquen los hombres. <\/span><span style=\"font-size: 14pt;\"><strong>Uno puede salvar su alma o puede uno mantener o servir a un Estado grande y glorioso, pero no siempre hacer ambas cosas a la vez<\/strong>.<\/span><\/p>\n<p>&nbsp;<\/p>\n<blockquote>\n<p style=\"text-align: center;\"><strong><span style=\"font-size: 14pt; color: #008000;\">Uno puede salvar su alma o puede uno mantener o servir a un Estado grande y glorioso, pero no siempre hacer ambas cosas a la vez.<\/span><\/strong><\/p>\n<\/blockquote>\n<p>&nbsp;<\/p>\n<p style=\"text-align: justify;\"><span style=\"font-size: 14pt;\">Este es un desarrollo vasto y elocuente del <em>obiter dictum<\/em> de <strong>Arist\u00f3teles<\/strong> en la <strong><em>Pol\u00edtica<\/em><\/strong>, donde dice que un buen hombre puede no ser lo mismo que un buen ciudadano (<em>aunque <strong>Arist\u00f3teles<\/strong> no hablaba en t\u00e9rminos de la salvaci\u00f3n espiritual<\/em>). <strong>Maquiavelo<\/strong> no valora expl\u00edcitamente una forma de vida m\u00e1s que otra. <\/span><\/p>\n<p style=\"text-align: justify;\"><span style=\"font-size: 14pt;\">Cuando dice \u00ab<em>se incurre en el odio tanto por medio de los buenos actos como por los malos<\/em>\u00bb,<strong> [79]<\/strong> por \u00ab<em>buenos actos<\/em>\u00bb quiere decir lo que dir\u00eda cualquiera educado dentro de los valores cristianos. <\/span><\/p>\n<p style=\"text-align: justify;\"><span style=\"font-size: 14pt;\">Y cuando afirma que <strong>la buena fe y la integridad<\/strong> son \u00ab<em>laudables aun si terminan en fracaso, por laudables<\/em>\u00bb <strong>[80]<\/strong> entiende que es adecuado alabarlas pues, desde luego,<strong> lo que es bueno (<em>en el sentido ordinario<\/em>) es bueno<\/strong>. <\/span><\/p>\n<p style=\"text-align: justify;\"><span style=\"font-size: 14pt;\">Cuando elogia la \u00ab<em>castidad, afabilidad, cortes\u00eda y liberalidad<\/em>\u00bb <strong>[81]<\/strong> de <strong>Escipi\u00f3n<\/strong>, o <strong>Ciro<\/strong>, o <strong>Timole\u00f3n<\/strong>, o aun la \u00ab<em>bondad<\/em>\u00bb del<em><strong> papa Medici,<\/strong><\/em> <strong>Le\u00f3n X<\/strong>, habla (<em>sea sincero o no<\/em>) en t\u00e9rminos de valores que son comunes a <strong>Cicer\u00f3n<\/strong> y a <a href=\"https:\/\/puntocritico.com\/ausajpuntocritico\/2023\/06\/06\/los-traidores-del-noveno-circulo-del-infierno-la-tactica-trotskista-del-entrismo-por-rolando-astarita-2\/\" target=\"_blank\" rel=\"noopener\" data-schema-attribute=\"\"><strong>Dante<\/strong><\/a>, a <a href=\"https:\/\/puntocritico.com\/ausajpuntocritico\/2025\/01\/22\/para-que-sirve-un-filosofo-por-erasmo-de-rotterdam\/\" target=\"_blank\" rel=\"noopener\" data-schema-attribute=\"\"><strong>Erasmo<\/strong><\/a> y a nosotros. <\/span><\/p>\n<p style=\"text-align: justify;\"><span style=\"font-size: 14pt;\">En el famoso <em>cap\u00edtulo decimoquinto<\/em> de <em><strong>El pr\u00edncipe<\/strong><\/em> dice que sin duda la liberalidad, la misericordia, el honor, la humanidad, la franqueza, la castidad, la religi\u00f3n, etc., son virtudes, y <strong>una vida vivida en el ejercicio de estas virtudes deber\u00eda tener buen \u00e9xito si todos los hombres fueran buenos<\/strong>. <\/span><\/p>\n<p style=\"text-align: justify;\"><span style=\"font-size: 14pt;\"><strong>Pero no lo son<\/strong>, y <strong>es ocioso esperar que lleguen a serlo<\/strong>. Debemos tomarlos tal como los encontramos y buscar mejorarlos en t\u00e9rminos de lo posible, no de lo imposible.<\/span><\/p>\n<p style=\"text-align: justify;\"><span style=\"font-size: 14pt;\"><strong>Esto puede implicar a los benefactores de los hombres-fundadores, educadores, legisladores, gobernantes en terribles crueldades<\/strong>. \u00ab<em>Soy consciente de que todos admitir\u00e1n que ser\u00eda de lo m\u00e1s laudable en un pr\u00edncipe exhibir cualidades tales como las mencionadas, pues son consideradas buenas. <\/em><\/span><span style=\"font-size: 14pt;\"><em>Pero como ning\u00fan gobernante puede poseerlas o practicarlas totalmente, dado que las condiciones humanas no lo permiten<\/em>\u00bb, <strong>[82]<\/strong> a veces debe comportarse de modo muy diferente para lograr sus fines. <\/span><\/p>\n<p style=\"text-align: justify;\"><span style=\"font-size: 14pt;\"><strong>Mois\u00e9s<\/strong> y <strong>Teseo<\/strong>, <strong>R\u00f3mulo<\/strong> y <strong>Ciro<\/strong>, <strong>todos mataron; lo que crearon dur\u00f3 y fue glorioso<\/strong>:<\/span><\/p>\n<blockquote>\n<p style=\"text-align: justify;\"><span style=\"color: #008000;\"><strong><span style=\"font-size: 14pt;\"> \u00ab&#8230; <em>el que en tales condiciones insista en que tiene que ser bueno\u00a0<\/em><\/span><\/strong><span style=\"font-size: 14pt;\"><strong><em>seguramente ser\u00e1 destruido entre tantos que no lo son. De aqu\u00ed que un pr\u00edncipe&#8230; debe adquirir el poder de ser bueno, y entender cu\u00e1ndo usarlo y cu\u00e1ndo no usarlo, de acuerdo con la necesidad<\/em>\u00bb [83].<\/strong> <\/span><\/span><\/p>\n<p style=\"text-align: justify;\"><span style=\"font-size: 14pt; color: #008000;\"><strong>\u00ab<em>Si todos los hombres fueran buenos esta m\u00e1xima [faltar a lo prometido si el inter\u00e9s lo dicta] no ser\u00eda buena, pero&#8230; son malos<\/em>\u00bb [84].<\/strong> <\/span><\/p>\n<\/blockquote>\n<p>&nbsp;<\/p>\n<p><a href=\"https:\/\/puntocritico.com\/ausajpuntocritico\/2026\/01\/28\/biopoder-los-origenes-teologico-politicos-del-biopoder-pastoral-y-genealogia-del-estado-por-arnault-skornic-2015-parte-1\/\" target=\"_blank\" rel=\"noopener\" data-schema-attribute=\"\"><img loading=\"lazy\" decoding=\"async\" class=\"aligncenter wp-image-2313614\" src=\"https:\/\/puntocritico.com\/ausajpuntocritico\/wp-content\/uploads\/2025\/10\/becerro-de-oro-Moises-300x205.jpg\" alt=\"\" width=\"440\" height=\"300\" srcset=\"https:\/\/puntocritico.com\/ausajpuntocritico\/wp-content\/uploads\/2025\/10\/becerro-de-oro-Moises-300x205.jpg 300w, https:\/\/puntocritico.com\/ausajpuntocritico\/wp-content\/uploads\/2025\/10\/becerro-de-oro-Moises-1024x698.jpg 1024w, https:\/\/puntocritico.com\/ausajpuntocritico\/wp-content\/uploads\/2025\/10\/becerro-de-oro-Moises-768x524.jpg 768w, https:\/\/puntocritico.com\/ausajpuntocritico\/wp-content\/uploads\/2025\/10\/becerro-de-oro-Moises.jpg 1056w\" sizes=\"auto, (max-width: 440px) 100vw, 440px\" \/><\/a><\/p>\n<p>&nbsp;<\/p>\n<p style=\"text-align: justify;\"><span style=\"font-size: 14pt;\"><strong>La fuerza y el enga\u00f1o deben enfrentarse con fuerza y enga\u00f1o<\/strong>.<\/span><\/p>\n<p style=\"text-align: justify;\"><span style=\"font-size: 14pt;\">Las <strong>cualidades del le\u00f3n y de la zorra<\/strong> no son en s\u00ed mismas moralmente admirables, pero si, por s\u00ed misma, una combinaci\u00f3n de estas cualidades preservara a la ciudad de la destrucci\u00f3n, estas serian las cualidades que los gobernantes deber\u00edan cultivar. <\/span><\/p>\n<p style=\"text-align: justify;\"><span style=\"font-size: 14pt;\"><strong>Tienen que hacerlo no simplemente por sus propios intereses<\/strong>, esto es, porque as\u00ed es como uno puede llegar a ser l\u00edder -aunque el hecho de que los hombres se vuelvan o no l\u00edderes merece la indiferencia del autor, <strong>sino porque las sociedades humanas realmente necesitan la jefatura<\/strong> y no pueden llegar a ser lo que deber\u00edan salvo por la persecuci\u00f3n efectiva del poder, la estabilidad, la <em><strong>Virt\u00f9<\/strong><\/em>, la grandeza. <\/span><\/p>\n<p style=\"text-align: justify;\"><span style=\"font-size: 14pt;\">Esto puede lograrse cuando los hombres est\u00e1n conducidos por <strong>Escipiones<\/strong> o <strong>Timoleones<\/strong> o, si los tiempos son malos, por hombres de car\u00e1cter m\u00e1s despiadado. <\/span><\/p>\n<p style=\"text-align: justify;\"><span style=\"font-size: 14pt;\"><strong>An\u00edbal<\/strong> fue cruel, y la crueldad no es una cualidad laudable, <strong>pero si solo se puede crear una sociedad sana por medio de la conquista, y si la crueldad es necesaria para ello, entonces no debe evitarse<\/strong>.<\/span><\/p>\n<p style=\"text-align: justify;\"><span style=\"font-size: 14pt;\"><strong>Maquiavelo<\/strong> no es s\u00e1dico; <strong>no se deleita en la necesidad de emplear la crueldad o el fraude para crear o mantener la clase de sociedad que admira y recomienda<\/strong>.<\/span><\/p>\n<p>&nbsp;<\/p>\n<blockquote>\n<p style=\"text-align: center;\"><span style=\"color: #008000;\"><strong><span style=\"font-size: 14pt;\">Maquiavelo no es s\u00e1dico; sus ejemplos y preceptos m\u00e1s b\u00e1rbaros se aplican solo a situaciones en las que la poblaci\u00f3n es absolutamente corrupta, y necesitan medidas violentas para devolverla a la salud.<\/span><\/strong><\/span><\/p>\n<\/blockquote>\n<p>&nbsp;<\/p>\n<p style=\"text-align: justify;\"><span style=\"font-size: 14pt;\">Sus ejemplos y preceptos m\u00e1s b\u00e1rbaros se aplican solo a situaciones en las que la poblaci\u00f3n es absolutamente corrupta, y necesitan medidas violentas para devolverla a la salud, esto es, donde un nuevo pr\u00edncipe toma el poder o debe llevarse a cabo una revoluci\u00f3n contra un mal pr\u00edncipe. <\/span><\/p>\n<p style=\"text-align: justify;\"><span style=\"font-size: 14pt;\"><strong>Donde una sociedad es relativamente sana, o el gobierno es tradicional y hereditario y est\u00e1 apoyado por el sentimiento p\u00fablico, ser\u00eda totalmente err\u00f3neo practicar la violencia por la violencia misma<\/strong>, dado que sus consecuencias ser\u00edan destructivas para el orden social, mientras el prop\u00f3sito del gobierno es crear orden, armon\u00eda, fuerza. <\/span><\/p>\n<p style=\"text-align: justify;\"><span style=\"font-size: 14pt;\"><strong>El que es un le\u00f3n y una zorra puede permitirse la virtud<\/strong> -castidad, afabilidad, misericordia, humanidad, liberalidad, honor-, como <strong>Agesilao<\/strong> y <strong>Timole\u00f3n<\/strong>, <strong>Camilo<\/strong>, <strong>Escipi\u00f3n<\/strong> y <strong>Marco<\/strong> hicieron. Pero si las circunstancias son adversas, si se encuentra rodeado por la traici\u00f3n, \u00bfqu\u00e9 puede hacer sino emular a <strong>Filipo<\/strong>, a <strong>An\u00edbal<\/strong> y a <strong>Severo<\/strong>?<\/span><\/p>\n<p style=\"text-align: justify;\"><span style=\"font-size: 14pt;\">La mera ansia de poder es destructiva: <strong>Pisistrato<\/strong>, <strong>Dionisio<\/strong>, <strong>C\u00e9sar<\/strong>, fueron tiranos e hicieron da\u00f1o. <strong>Ag\u00e1tocles<\/strong>, el <em><strong>tirano de Siracusa<\/strong><\/em>, que gan\u00f3 el poder asesinando a sus conciudadanos, traicionando a sus amigos \u00ab<em>sin fidelidad, sin misericordia, sin religi\u00f3n<\/em>\u00bb, <strong>[85]<\/strong> fue demasiado lejos, y as\u00ed no gan\u00f3 gloria, \u00ab<em>su ultrajante crueldad e inhumanidad, juntamente con sus incontables actos malvados<\/em>\u00bb, <strong>[86]<\/strong> lo condujeron al triunfo, pero dado que no era necesaria tanta maldad para ello, fue excluido del <em>pante\u00f3n<\/em>; lo mismo ocurri\u00f3 con <strong>Oliverotto da Fermo<\/strong>, su moderna contraparte, muerto por <strong>Cesare Borgia<\/strong>. <\/span><\/p>\n<p style=\"text-align: justify;\"><span style=\"font-size: 14pt;\">No obstante, <strong>carecer completamente de estas cualidades garantiza el fracaso<\/strong>, y eso hace imposibles las \u00fanicas condiciones en las que para <strong>Maquiavelo<\/strong> los hombres normales pod\u00edan desarrollarse con buen \u00e9xito. <\/span><\/p>\n<p style=\"text-align: justify;\"><span style=\"font-size: 14pt;\"><strong>Los santos podr\u00edan no necesitarlas<\/strong>; posiblemente los <em>anacoretas<\/em> podr\u00edan practicar sus virtudes en el desierto; los <em>m\u00e1rtires<\/em> obtendr\u00edan su recompensa en la otra vida; pero es claro <strong>Maquiavelo<\/strong> no est\u00e1 interesado en esas formas de vida y no habla de ellas. <\/span><\/p>\n<p style=\"text-align: justify;\"><span style=\"font-size: 14pt;\"><strong>Escribe sobre el gobierno, est\u00e1 interesado en los asuntos p\u00fablicos<\/strong>; <\/span><\/p>\n<blockquote>\n<p style=\"text-align: justify;\"><strong><span style=\"font-size: 14pt;\"><span style=\"color: #008000;\">en la seguridad, la independencia, el \u00e9xito, la gloria, la fuerza, el vigor, la felicidad sobre la tierra, no en el cielo; en el presente y en el futuro as\u00ed como en el pasado; en el mundo real, no en uno imaginario.<\/span> <\/span><\/strong><\/p>\n<\/blockquote>\n<p>&nbsp;<\/p>\n<p style=\"text-align: justify;\"><span style=\"font-size: 14pt;\"><strong>Y para esto<\/strong>, dadas las inalterables limitaciones humanas, <strong>el c\u00f3digo predicado por la Iglesia cristiana no funciona<\/strong>.<\/span><\/p>\n<p>&nbsp;<\/p>\n<figure id=\"attachment_2318802\" aria-describedby=\"caption-attachment-2318802\" style=\"width: 260px\" class=\"wp-caption aligncenter\"><a href=\"https:\/\/es.wikipedia.org\/wiki\/Benedetto_Croce\" target=\"_blank\" rel=\"noopener\" data-schema-attribute=\"\"><img loading=\"lazy\" decoding=\"async\" class=\"wp-image-2318802\" src=\"https:\/\/puntocritico.com\/ausajpuntocritico\/wp-content\/uploads\/2026\/03\/Benedetto-Croce-wk-210x300.jpg\" alt=\"\" width=\"260\" height=\"372\" srcset=\"https:\/\/puntocritico.com\/ausajpuntocritico\/wp-content\/uploads\/2026\/03\/Benedetto-Croce-wk-210x300.jpg 210w, https:\/\/puntocritico.com\/ausajpuntocritico\/wp-content\/uploads\/2026\/03\/Benedetto-Croce-wk-716x1024.jpg 716w, https:\/\/puntocritico.com\/ausajpuntocritico\/wp-content\/uploads\/2026\/03\/Benedetto-Croce-wk-768x1099.jpg 768w, https:\/\/puntocritico.com\/ausajpuntocritico\/wp-content\/uploads\/2026\/03\/Benedetto-Croce-wk-1074x1536.jpg 1074w, https:\/\/puntocritico.com\/ausajpuntocritico\/wp-content\/uploads\/2026\/03\/Benedetto-Croce-wk-1432x2048.jpg 1432w, https:\/\/puntocritico.com\/ausajpuntocritico\/wp-content\/uploads\/2026\/03\/Benedetto-Croce-wk-1320x1888.jpg 1320w, https:\/\/puntocritico.com\/ausajpuntocritico\/wp-content\/uploads\/2026\/03\/Benedetto-Croce-wk.jpg 1672w\" sizes=\"auto, (max-width: 260px) 100vw, 260px\" \/><\/a><figcaption id=\"caption-attachment-2318802\" class=\"wp-caption-text\"><a href=\"https:\/\/es.wikipedia.org\/wiki\/Benedetto_Croce\" target=\"_blank\" rel=\"noopener\" data-schema-attribute=\"\"><span style=\"color: #008000;\">Benedetto Croce<\/span><\/a><\/figcaption><\/figure>\n<p>&nbsp;<\/p>\n<p style=\"text-align: justify;\"><span style=\"font-size: 14pt;\"><strong>Maquiavelo<\/strong>, suelen decimos, <strong>no se ocupaba de la moral<\/strong>. <\/span><\/p>\n<p style=\"text-align: justify;\"><span style=\"font-size: 14pt;\">La m\u00e1s influyente de todas las interpretaciones modernas -la de <strong>Benedetto Croce<\/strong>, seguido hasta cierto punto por <strong>Chabod<\/strong>, <strong>Russo<\/strong> y otros, afirma que <strong>Maquiavelo<\/strong>, en palabras de <strong>Cochrane<\/strong>,<strong> [87]<\/strong> <\/span><\/p>\n<blockquote>\n<p style=\"text-align: justify;\"><span style=\"color: #008000;\"><strong><span style=\"font-size: 14pt;\">\u00abno niega la validez de la moral cristiana, y no pretende que un delito requerido por necesidad pol\u00edtica sea por eso menos un delito. <\/span><\/strong><\/span><\/p>\n<p style=\"text-align: justify;\"><span style=\"color: #008000;\"><strong><span style=\"font-size: 14pt;\">M\u00e1s bien descubri\u00f3&#8230; que esta moralidad simplemente no se sosten\u00eda en los asuntos pol\u00edticos y que cualquier pol\u00edtica con base en tal suposici\u00f3n terminar\u00eda en desastre. <\/span><\/strong><\/span><\/p>\n<p style=\"text-align: justify;\"><span style=\"color: #008000;\"><strong><span style=\"font-size: 14pt;\">Su descripci\u00f3n objetiva de los hechos, de las pr\u00e1cticas pol\u00edticas contempor\u00e1neas, no es c\u00ednica o despreocupada, sino angustiosa\u00bb.<\/span><\/strong><\/span><\/p>\n<\/blockquote>\n<p>&nbsp;<\/p>\n<p style=\"text-align: justify;\"><span style=\"font-size: 14pt;\"><strong>Esta presentaci\u00f3n, me parece, contiene dos interpretaciones err\u00f3neas<\/strong>. La primera es que el choque es entre \u00ab<em>esta moralidad (es decir la cristiana)<\/em>\u00bb y\u00a0<\/span><span style=\"font-size: 14pt;\">la \u00ab<em>necesidad pol\u00edtica<\/em>\u00bb. <\/span><\/p>\n<p style=\"text-align: justify;\"><span style=\"font-size: 14pt;\">La implicaci\u00f3n es que <strong>hay incompatibilidad entre, por una parte, la moralidad<\/strong>, la regi\u00f3n de valores \u00faltimos que se buscan por su propia importancia, el reconocimiento de valores que solo nos capacitan para hablar de \u00ab<em>cr\u00edmenes<\/em>\u00bb, la moralidad para justificar y condenar cualquier cosa, <strong>y por la otra, la pol\u00edtica<\/strong>: <\/span><\/p>\n<blockquote>\n<p style=\"text-align: justify;\"><strong><span style=\"font-size: 14pt; color: #008000;\">el arte de adaptar los medios a los fines, la regi\u00f3n de habilidades t\u00e9cnicas, de lo que Kant iba a llamar \u00ab<em>imperativos hipot\u00e9ticos<\/em>\u00bb que toman la forma \u00ab<em>si quiere lograr x haga y (esto es, traicione a un amigo, mate a un inocente<\/em>)\u00bb, sin necesidad de preguntarse si x es o no intr\u00ednsecamente deseable.<\/span><\/strong><\/p>\n<\/blockquote>\n<p>&nbsp;<\/p>\n<p style=\"text-align: justify;\"><span style=\"font-size: 14pt;\">Este es el meollo del divorcio entre la pol\u00edtica y la \u00e9tica que <strong>Croce<\/strong> y muchos otros atribuyen a <strong>Maquiavelo<\/strong>. Pero me parece que esto <strong>se basa en un<\/strong> <strong>error<\/strong>.<\/span><\/p>\n<p style=\"text-align: justify;\"><span style=\"font-size: 14pt;\">Si la \u00e9tica se confina, digamos, a la <em>estoica<\/em>, la <em>cristiana<\/em>, la <em>kantiana<\/em> e incluso a algunos tipos de \u00e9tica <em>utilitaria<\/em>, en los cuales la fuente y el criterio de valor es la palabra de Dios, o la raz\u00f3n eterna, o alg\u00fan otro sentido interno del conocimiento del bien y del mal, de lo correcto o lo err\u00f3neo, voces que hablan directamente a la conciencia individual con autoridad absoluta, esto podr\u00eda ser defendible. <\/span><\/p>\n<p style=\"text-align: justify;\"><span style=\"font-size: 14pt;\">Pero existe una \u00e9tica consagrada por el tiempo, la de la <em>polis griega<\/em>, de la que <strong>Arist\u00f3teles<\/strong> proporcion\u00f3 la m\u00e1s clara exposici\u00f3n. <\/span><\/p>\n<p style=\"text-align: justify;\"><span style=\"font-size: 14pt;\"><strong>Dado que los hombres son seres hechos por la naturaleza para convivir en comunidades, sus prop\u00f3sitos comunitarios son los valores \u00faltimos de los que se derivan los dem\u00e1s<\/strong>, o con los cuales se identifican sus fines como individuos. <\/span><\/p>\n<p style=\"text-align: justify;\"><span style=\"font-size: 14pt;\"><strong>La pol\u00edtica, el arte de vivir en la <em>polis<\/em>, no es una actividad de la que puedan prescindir los que prefieren la vida privada<\/strong>, no es como navegar o esculpir, casos en los que quienes no desean hacerlo pueden, simplemente, abstenerse. La conducta pol\u00edtica es intr\u00ednseca al ser humano en cierto estadio de civilizaci\u00f3n, y lo que demanda es intr\u00ednseco a una vida humana realizada.<\/span><\/p>\n<p>&nbsp;<\/p>\n<blockquote>\n<p style=\"text-align: center;\"><span style=\"color: #008000;\"><strong><span style=\"font-size: 14pt;\">La conducta pol\u00edtica es intr\u00ednseca al ser humano en cierto estadio de civilizaci\u00f3n, y lo que demanda es intr\u00ednseco a una vida humana realizada.<\/span><\/strong><\/span><\/p>\n<\/blockquote>\n<p>&nbsp;<\/p>\n<p style=\"text-align: justify;\"><span style=\"font-size: 14pt;\"><strong>La \u00e9tica as\u00ed concebida<\/strong> -el c\u00f3digo de conducta o el ideal que debe perseguir el individuo- <strong>no puede conocerse m\u00e1s que por la comprensi\u00f3n del prop\u00f3sito y el car\u00e1cter de su <em>polis<\/em><\/strong>; todav\u00eda menos es posible divorciarse de ella, ni siquiera en pensamiento. <\/span><\/p>\n<p style=\"text-align: justify;\"><span style=\"font-size: 14pt;\">Esta es la clase de <strong>moralidad precristiana<\/strong> que <strong>Maquiavelo<\/strong> da por sentada: <\/span><\/p>\n<blockquote>\n<p style=\"text-align: justify;\"><strong><span style=\"font-size: 14pt;\"><span style=\"color: #008000;\">\u00abEs bien sabido -dice Benedetto Croce [88] que Maquiavelo descubri\u00f3 la necesidad y la autonom\u00eda de la pol\u00edtica, pol\u00edtica que est\u00e1 m\u00e1s all\u00e1 del bien y el mal\u00a0morales, que tiene sus propias leyes contra las cuales es in\u00fatil rebelarse, que no puede ser exorcizada y desterrada del mundo con agua bendita\u00bb.<\/span> <\/span><\/strong><\/p>\n<\/blockquote>\n<p>&nbsp;<\/p>\n<p><a href=\"https:\/\/puntocritico.com\/ausajpuntocritico\/2022\/10\/30\/los-papalagi-quieren-arrastrarnos-a-su-oscuridad-2\/\" target=\"_blank\" rel=\"noopener\" data-schema-attribute=\"\"><img loading=\"lazy\" decoding=\"async\" class=\"aligncenter wp-image-2102749\" src=\"https:\/\/puntocritico.com\/ausajpuntocritico\/wp-content\/uploads\/2021\/03\/Los_papalagi-Muchos-papele-PPAL-1-300x199.jpg\" alt=\"\" width=\"480\" height=\"319\" srcset=\"https:\/\/puntocritico.com\/ausajpuntocritico\/wp-content\/uploads\/2021\/03\/Los_papalagi-Muchos-papele-PPAL-1-300x199.jpg 300w, https:\/\/puntocritico.com\/ausajpuntocritico\/wp-content\/uploads\/2021\/03\/Los_papalagi-Muchos-papele-PPAL-1-610x405.jpg 610w, https:\/\/puntocritico.com\/ausajpuntocritico\/wp-content\/uploads\/2021\/03\/Los_papalagi-Muchos-papele-PPAL-1-678x452.jpg 678w, https:\/\/puntocritico.com\/ausajpuntocritico\/wp-content\/uploads\/2021\/03\/Los_papalagi-Muchos-papele-PPAL-1.jpg 680w\" sizes=\"auto, (max-width: 480px) 100vw, 480px\" \/><\/a><\/p>\n<p>&nbsp;<\/p>\n<blockquote>\n<p style=\"text-align: center;\"><span style=\"font-size: 14pt; color: #008000;\"><strong>M\u00e1s all\u00e1 del bien y del mal en alg\u00fan sentido no <em>aristot\u00e9lico<\/em>, religioso o <em>liberal-kantiano<\/em>; pero no m\u00e1s all\u00e1 del bien y del mal de esas comunidades, antiguas o modernas, cuyos valores sagrados son sociales hasta la m\u00e9dula.<\/strong> <\/span><\/p>\n<\/blockquote>\n<p>&nbsp;<\/p>\n<p style=\"text-align: justify;\"><span style=\"font-size: 14pt;\">M\u00e1s all\u00e1 del bien y del mal en alg\u00fan sentido no <em>aristot\u00e9lico<\/em>, religioso o <em>liberal-kantiano<\/em>; pero no m\u00e1s all\u00e1 del bien y del mal de esas comunidades, antiguas o modernas, cuyos valores sagrados son sociales hasta la m\u00e9dula. <\/span><\/p>\n<p style=\"text-align: justify;\"><span style=\"font-size: 14pt;\">El arte de <strong>la colonizaci\u00f3n o el del asesinato masivo<\/strong> (<em>digamos<\/em>), pueden tambi\u00e9n tener sus \u00ab<em>propias leyes contra las cuales es in\u00fatil rebelarse\u00bb<\/em> para aquellos que desean practicarlo con \u00e9xito.<strong> Pero cuando esas leyes chocan con las de la moral es posible, y de hecho moralmente imperativo, abandonar tales actividades<\/strong>.<\/span><\/p>\n<p>&nbsp;<\/p>\n<blockquote>\n<p style=\"text-align: center;\"><span style=\"color: #008000;\"><strong><span style=\"font-size: 14pt;\"> El arte de la colonizaci\u00f3n o el del asesinato masivo (<em>digamos<\/em>), pueden tambi\u00e9n tener sus \u00ab<em>propias leyes contra las cuales es in\u00fatil rebelarse\u00bb<\/em> para aquellos que desean practicarlo con \u00e9xito. <\/span><\/strong><\/span><\/p>\n<p style=\"text-align: center;\"><span style=\"color: #008000;\"><strong><span style=\"font-size: 14pt;\">Pero cuando esas leyes chocan con las de la moral es posible, y de hecho moralmente imperativo, abandonar tales actividades.<\/span><\/strong><\/span><\/p>\n<\/blockquote>\n<p>&nbsp;<\/p>\n<p style=\"text-align: justify;\"><span style=\"font-size: 14pt;\">Pero si <strong>Arist\u00f3teles<\/strong> y <strong>Maquiavelo<\/strong> tienen raz\u00f3n acerca de lo que los hombres son (<em>y deber\u00edan ser, y el ideal de <strong>Maquiavelo<\/strong>, sobre todo en los <strong>Discursos<\/strong>, se presenta con vivos colores<\/em>), <strong>la actividad pol\u00edtica es intr\u00ednseca a la naturaleza humana<\/strong>, y aunque los individuos, aqu\u00ed o all\u00e1, pueden optar por apartarse, la masa de la humanidad no puede hacerlo, y <strong>la vida comunal determina los deberes morales de sus miembros<\/strong>. <\/span><\/p>\n<p style=\"text-align: justify;\"><span style=\"font-size: 14pt;\">De aqu\u00ed que al oponer las \u00ab<em>leyes de la pol\u00edtica<\/em>\u00bb a \u00ab<em>el bien y el mal<\/em>\u00bb, <strong>Maquiavelo<\/strong> no contrasta dos esferas \u00ab<em>aut\u00f3nomas<\/em>\u00bb de acci\u00f3n, la \u00ab<em>pol\u00edtica<\/em>\u00bb y la \u00ab<em>moral<\/em>\u00bb, sino su propia <strong>\u00e9tica \u00ab<em>pol\u00edtica<\/em>\u00bb<\/strong> con otra concepci\u00f3n de \u00e9tica que gobierna la vida de personas que no le interesan. <\/span><\/p>\n<p style=\"text-align: justify;\"><span style=\"font-size: 14pt;\"><strong>De hecho est\u00e1 rechazando una moral -la cristiana-<\/strong>, pero no en favor de algo que de ninguna manera puede describirse como moralidad, sino solo como un juego de destreza, <strong><em>una actividad llamada pol\u00edtica<\/em>, que no se ocupa de los fines humanos \u00faltimos y por lo tanto no es \u00e9tica en forma alguna<\/strong>.<\/span><\/p>\n<p style=\"text-align: justify;\"><span style=\"font-size: 14pt;\"><strong>Sin duda rechaza la \u00e9tica cristiana, pero en favor de otro sistema, otro universo moral<\/strong>: <\/span><\/p>\n<blockquote>\n<p style=\"text-align: justify;\"><strong><span style=\"font-size: 14pt; color: #008000;\">el mundo de Pericles o de Escipi\u00f3n, aun el del <em>duque de<\/em> Valentino, una sociedad dirigida a fines tan \u00faltimos como la fe cristiana, una sociedad en la que los hombres luchan y est\u00e1n dispuestos a morir por fines (<em>p\u00fablicos<\/em>) que persiguen por su propio bien.<\/span><\/strong><\/p>\n<\/blockquote>\n<p>&nbsp;<\/p>\n<p style=\"text-align: justify;\"><span style=\"font-size: 14pt;\"><strong>No est\u00e1n eligiendo una esfera de medios<\/strong> (<em>llamada pol\u00edtica<\/em>) <strong>en oposici\u00f3n a una esfera de fines<\/strong> (<em>llamada moral<\/em>), sino que <strong>optan por una moralidad rival<\/strong> (<em>romana o cl\u00e1sica<\/em>), <strong>una esfera alternativa de fines<\/strong>. <\/span><\/p>\n<p style=\"text-align: justify;\"><span style=\"font-size: 14pt;\">En otras palabras, <strong>el conflicto es entre dos moralidades, cristiana y pagana<\/strong> (<em>o como algunos desean llamarla, <strong>est\u00e9tica<\/strong><\/em>), <strong>no entre esferas aut\u00f3nomas de moral y pol\u00edtica<\/strong>.<\/span><\/p>\n<p>&nbsp;<\/p>\n<figure id=\"attachment_2308642\" aria-describedby=\"caption-attachment-2308642\" style=\"width: 330px\" class=\"wp-caption aligncenter\"><img loading=\"lazy\" decoding=\"async\" class=\"wp-image-2308642\" src=\"https:\/\/puntocritico.com\/ausajpuntocritico\/wp-content\/uploads\/2025\/04\/Tizian_068-PAPA-Pablo-III-con-sus-Nepotes-258x300.jpg\" alt=\"\" width=\"330\" height=\"383\" srcset=\"https:\/\/puntocritico.com\/ausajpuntocritico\/wp-content\/uploads\/2025\/04\/Tizian_068-PAPA-Pablo-III-con-sus-Nepotes-258x300.jpg 258w, https:\/\/puntocritico.com\/ausajpuntocritico\/wp-content\/uploads\/2025\/04\/Tizian_068-PAPA-Pablo-III-con-sus-Nepotes.jpg 330w\" sizes=\"auto, (max-width: 330px) 100vw, 330px\" \/><figcaption id=\"caption-attachment-2308642\" class=\"wp-caption-text\"><span style=\"color: #008000;\">El papa Pablo III junto a sus nepotes, el cardenal Alejandro Farnesio y el duque Octavio Farnesio, en una pintura de Tiziano del siglo XVI.<\/span><\/figcaption><\/figure>\n<p>&nbsp;<\/p>\n<p style=\"text-align: justify;\"><span style=\"font-size: 14pt;\"><strong>No se trata de una mera cuesti\u00f3n de nomenclatura<\/strong>, a menos que se conciba que la pol\u00edtica no se ocupa (<em>como suele ocurrir<\/em>) de medios, habilidades, m\u00e9todos, t\u00e9cnica, <em>know how<\/em>, la pr\u00e1ctica (<em>est\u00e9 o no regida por reglas inquebrantables propias<\/em>) de <strong>Croce<\/strong>, sino de<strong> un reino independiente de fines propios, a los que se busca por s\u00ed mismos, un sustituto de la \u00e9tica [89]<\/strong>. <\/span><\/p>\n<p style=\"text-align: justify;\"><span style=\"font-size: 14pt;\">Cuando <strong>Maquiavelo<\/strong> (<em>en una carta a <\/em><\/span><em style=\"font-size: 18.6667px;\"><strong>Francesco Vettori<\/strong><\/em><span style=\"font-size: 14pt;\">) dec\u00eda que amaba a su ciudad nativa m\u00e1s que a su propia alma, revelaba sus creencias morales b\u00e1sicas, posici\u00f3n que <strong>Croce<\/strong> no le reconoce <\/span><strong style=\"font-size: 14pt;\">[90]<\/strong><span style=\"font-size: 14pt;\">.<\/span><\/p>\n<p style=\"text-align: justify;\"><span style=\"font-size: 14pt;\"><strong>La segunda tesis relacionada con esto me parece equivocada<\/strong>; es la idea de que <strong>Maquiavelo<\/strong> ve\u00eda con angustia los cr\u00edmenes de su sociedad. (<em><strong>Chabod<\/strong>, en su excelente estudio, a diferencia de <strong>Croce<\/strong> y de otros croceanos, no insiste en esto<\/em>).<\/span><\/p>\n<p>&nbsp;<\/p>\n<blockquote>\n<p style=\"text-align: center;\"><span style=\"color: #008000;\"><strong><span style=\"font-size: 14pt;\">Maquiavelo acepta a rega\u00f1adientes las extremas necesidades de la <em>raison d&#8217;\u00e9tat<\/em>, porque no ve alternativa. Pero no hay prueba de ello; no hay trazas de congoja en sus obras pol\u00edticas ni en su teatro o cartas.<\/span><\/strong><\/span><\/p>\n<\/blockquote>\n<p>&nbsp;<\/p>\n<p style=\"text-align: justify;\"><span style=\"font-size: 14pt;\">Esto implica que acepta a rega\u00f1adientes las extremas necesidades de la <strong><em>raison d&#8217;\u00e9tat<\/em><\/strong>, porque no ve alternativa. Pero no hay prueba de ello; no hay trazas de congoja en sus obras pol\u00edticas ni en su teatro o cartas.<\/span><\/p>\n<p style=\"text-align: justify;\"><span style=\"font-size: 14pt;\">El mundo pagano que <strong>Maquiavelo<\/strong> prefiere est\u00e1 construido sobre el<strong> reconocimiento de la necesidad de astucia y fuerza sistem\u00e1ticas por parte de los gobernantes<\/strong>, y parece pensar que es natural y en ninguna forma excepcional, o moralmente penoso, que emplearan estas armas siempre que las necesitaran. <\/span><\/p>\n<p style=\"text-align: justify;\"><span style=\"font-size: 14pt;\">Ni lo es la distinci\u00f3n que traza entre los <strong>gobernantes<\/strong> y los <strong>gobernados<\/strong>. <\/span><\/p>\n<p style=\"text-align: justify;\"><span style=\"font-size: 14pt;\"><strong>Los s\u00fabditos o ciudadanos tambi\u00e9n deben ser romanos<\/strong>: <\/span><\/p>\n<blockquote>\n<p style=\"text-align: justify;\"><strong><span style=\"font-size: 14pt; color: #008000;\">no necesitan la <em>Virt\u00f9 <\/em>de los gobernantes, pero si hacen trampa las m\u00e1ximas de Maquiavelo no funcionar\u00e1n;\u00a0<\/span><\/strong><strong><span style=\"font-size: 14pt; color: #008000;\">tienen que ser pobres, militarizados, honrados y obedientes, si llevan una vida cristiana aceptar\u00e1n sin queja alguna el dominio de meros intimidadores y pillos.<\/span><\/strong><\/p>\n<\/blockquote>\n<p>&nbsp;<\/p>\n<p style=\"text-align: justify;\"><span style=\"font-size: 14pt;\"><strong>Ninguna rep\u00fablica sana puede construirse con esos materiales<\/strong>. <\/span><\/p>\n<p style=\"text-align: justify;\"><span style=\"font-size: 14pt;\"><strong>Teseo<\/strong> y <strong>R\u00f3mulo<\/strong>, <strong>Mois\u00e9s<\/strong> y <strong>Ciro<\/strong>, no predicaron a sus s\u00fabditos la humildad ni una visi\u00f3n de este mundo como un lugar de descanso temporal.<\/span><\/p>\n<p style=\"text-align: justify;\"><span style=\"font-size: 14pt;\">Pero <strong>es la primera interpretaci\u00f3n err\u00f3nea la que va m\u00e1s a fondo<\/strong>, la que representa a <strong>Maquiavelo<\/strong> como si le importaran poco o nada los asuntos morales.\u00a0<\/span><span style=\"font-size: 14pt;\">Sin duda esto no lo corrobora su mismo lenguaje. <\/span><\/p>\n<p style=\"text-align: justify;\"><span style=\"font-size: 14pt;\">Cualquiera cuyo pensamiento gire alrededor de conceptos centrales tales como el bien y el mal, lo corrupto y lo puro, tiene en mente una escala \u00e9tica, en t\u00e9rminos de la\u00a0cual censura o ensalza moralmente. <strong>Los valores de Maquiavelo no son cristianos, pero son valores morales<\/strong>.<\/span><\/p>\n<p>&nbsp;<\/p>\n<blockquote>\n<p style=\"text-align: center;\"><strong><span style=\"font-size: 14pt; color: #008000;\">Cualquiera cuyo pensamiento gire alrededor de conceptos centrales tales como el bien y el mal, lo corrupto y lo puro, tiene en mente una escala \u00e9tica, en t\u00e9rminos de la\u00a0cual censura o ensalza moralmente.<\/span><\/strong><\/p>\n<p style=\"text-align: center;\"><strong><span style=\"font-size: 14pt; color: #008000;\"> Los valores de Maquiavelo no son cristianos, pero son valores morales.<\/span><\/strong><\/p>\n<\/blockquote>\n<p>&nbsp;<\/p>\n<p><a href=\"https:\/\/puntocritico.com\/ausajpuntocritico\/2019\/09\/21\/la-via-lactea-pelicula-de-luis-bunuel-1969\/\" target=\"_blank\" rel=\"noopener\" data-schema-attribute=\"\"><img loading=\"lazy\" decoding=\"async\" class=\"aligncenter wp-image-22113\" src=\"https:\/\/puntocritico.com\/ausajpuntocritico\/wp-content\/uploads\/2019\/09\/Bu\u00f1uel-La-V\u00eda-L\u00e1ctea-Papa-fusilado-300x179.jpg\" alt=\"\" width=\"480\" height=\"286\" srcset=\"https:\/\/puntocritico.com\/ausajpuntocritico\/wp-content\/uploads\/2019\/09\/Bu\u00f1uel-La-V\u00eda-L\u00e1ctea-Papa-fusilado-300x179.jpg 300w, https:\/\/puntocritico.com\/ausajpuntocritico\/wp-content\/uploads\/2019\/09\/Bu\u00f1uel-La-V\u00eda-L\u00e1ctea-Papa-fusilado-768x458.jpg 768w, https:\/\/puntocritico.com\/ausajpuntocritico\/wp-content\/uploads\/2019\/09\/Bu\u00f1uel-La-V\u00eda-L\u00e1ctea-Papa-fusilado-1024x610.jpg 1024w, https:\/\/puntocritico.com\/ausajpuntocritico\/wp-content\/uploads\/2019\/09\/Bu\u00f1uel-La-V\u00eda-L\u00e1ctea-Papa-fusilado.jpg 1200w\" sizes=\"auto, (max-width: 480px) 100vw, 480px\" \/><\/a><\/p>\n<p>&nbsp;<\/p>\n<p style=\"text-align: justify;\"><span style=\"font-size: 14pt;\">Sobre este punto crucial me parece correcta la cr\u00edtica de <strong>Hans Baron<\/strong> a la <strong><em>tesis Croce-Russo<\/em><\/strong> <strong>[91]<\/strong>. Contra la opini\u00f3n de que para <strong>Maquiavelo<\/strong> la pol\u00edtica estaba m\u00e1s all\u00e1 de la cr\u00edtica moral, <strong>Baron<\/strong> cita algunos de los <strong>pasajes apasionadamente patri\u00f3ticos, republicanos y libertarios<\/strong> de los <em><strong>Discursos<\/strong> <\/em>en los que <strong>las cualidades (<em>morales<\/em>) de los ciudadanos de una rep\u00fablica se comparan favorablemente con las de los s\u00fabditos de un pr\u00edncipe desp\u00f3tico<\/strong>. <\/span><\/p>\n<p style=\"text-align: justify;\"><span style=\"font-size: 14pt;\">No puede decirse que el<em> \u00faltimo cap\u00edtulo<\/em> de <em><strong>El pr\u00edncipe<\/strong><\/em> sea obra de un observador indiferente, moralmente neutral, o de un hombre absorto en s\u00ed mismo, preocupado con sus propios problemas interiores personales, que ve la vida p\u00fablica \u00ab<em>con angustia<\/em>\u00bb como el cementerio de los principios morales.<\/span><\/p>\n<p>&nbsp;<\/p>\n<blockquote>\n<p style=\"text-align: center;\"><strong><span style=\"font-size: 14pt; color: #008000;\">La moralidad de Maquiavelo, tal como la de Arist\u00f3teles o Cicer\u00f3n, era social, no individual. Pero no es menos moralidad que la de ellos; no se trata de una regi\u00f3n amoral, m\u00e1s all\u00e1 del bien y del mal.<\/span><\/strong><\/p>\n<\/blockquote>\n<p>&nbsp;<\/p>\n<p style=\"text-align: justify;\"><span style=\"font-size: 14pt;\">La moralidad de <strong>Maquiavelo<\/strong>, tal como la de <strong>Arist\u00f3teles<\/strong> o <strong>Cicer\u00f3n<\/strong>, era social, no individual. Pero no es menos moralidad que la de ellos; no se trata de una regi\u00f3n amoral, m\u00e1s all\u00e1 del bien y del mal.\u00a0<\/span><span style=\"font-size: 14pt;\"><strong>De esto no se concluye, desde luego, que con frecuencia no se viera fascinado por las t\u00e9cnicas de la vida pol\u00edtica como tal<\/strong>. <\/span><\/p>\n<p style=\"text-align: justify;\"><span style=\"font-size: 14pt;\"><strong>El consejo que da por igual a los conspiradores y a sus enemigos<\/strong>, la apreciaci\u00f3n profesional de los m\u00e9todos de <strong>Oliverotto<\/strong>, <strong>Sforza<\/strong> o <strong>Baglioni<\/strong>, emanan de una <strong>curiosidad t\u00edpicamente humanista, de la b\u00fasqueda de una ciencia aplicada de la pol\u00edtica, de la fascinaci\u00f3n del conocimiento por el conocimiento<\/strong>, cualesquiera pudieran ser las implicaciones. <\/span><\/p>\n<p style=\"text-align: justify;\"><span style=\"font-size: 14pt;\"><strong>Pero el ideal moral, el del ciudadano de la rep\u00fablica romana, nunca est\u00e1 lejos<\/strong>. <\/span><\/p>\n<p style=\"text-align: justify;\"><span style=\"font-size: 14pt;\">L<strong>as habilidades pol\u00edticas se aprecian solo como medios<\/strong>, por su efectividad para recrear condiciones en las que los hombres enfermos recuperen su salud y puedan florecer. Y esto es precisamente lo que <strong>Arist\u00f3teles<\/strong> habr\u00eda llamado el<em> fin moral propio del hombre<\/em>.<\/span><\/p>\n<p style=\"text-align: justify;\"><span style=\"font-size: 14pt;\">Esto nos deja todav\u00eda con<strong> el espinoso problema de la relaci\u00f3n de <em>El pr\u00edncipe<\/em> con los<\/strong> <em><strong>Discursos<\/strong><\/em>. Pero cualesquiera que fueran las disparidades, <strong>la corriente central que corre a trav\u00e9s de ambos es la misma<\/strong>.<\/span><\/p>\n<p style=\"text-align: justify;\"><span style=\"font-size: 14pt;\"> La visi\u00f3n -el sue\u00f1o t\u00edpica de muchos autores que se ven a s\u00ed mismos como realistas inflexibles, de la patria fuerte, unida, efectiva, moralmente regenerada, espl\u00e9ndida y victoriosa, salvada por la <em><strong>Virt\u00f9<\/strong> <\/em>de un hombre o de muchos, permanece central y constante.<\/span><\/p>\n<p>&nbsp;<\/p>\n<figure id=\"attachment_2318306\" aria-describedby=\"caption-attachment-2318306\" style=\"width: 280px\" class=\"wp-caption aligncenter\"><a href=\"https:\/\/puntocritico.com\/ausajpuntocritico\/2026\/03\/10\/si-vis-pacem-para-bellum-y-2\/\" target=\"_blank\" rel=\"noopener\" data-schema-attribute=\"\"><img loading=\"lazy\" decoding=\"async\" class=\"wp-image-2318306\" src=\"https:\/\/puntocritico.com\/ausajpuntocritico\/wp-content\/uploads\/2026\/03\/roman_marble_fortuna_circa_1st-2nd_century-Fortuna-diosa-romana-224x300.jpg\" alt=\"\" width=\"280\" height=\"376\" srcset=\"https:\/\/puntocritico.com\/ausajpuntocritico\/wp-content\/uploads\/2026\/03\/roman_marble_fortuna_circa_1st-2nd_century-Fortuna-diosa-romana-224x300.jpg 224w, https:\/\/puntocritico.com\/ausajpuntocritico\/wp-content\/uploads\/2026\/03\/roman_marble_fortuna_circa_1st-2nd_century-Fortuna-diosa-romana.jpg 477w\" sizes=\"auto, (max-width: 280px) 100vw, 280px\" \/><\/a><figcaption id=\"caption-attachment-2318306\" class=\"wp-caption-text\"><a href=\"https:\/\/puntocritico.com\/ausajpuntocritico\/2026\/03\/10\/si-vis-pacem-para-bellum-y-2\/\" target=\"_blank\" rel=\"noopener\" data-schema-attribute=\"\"><span style=\"color: #008000;\"><strong>Fortuna,<\/strong>\u00a0Diosa romana<\/span><\/a><\/figcaption><\/figure>\n<p>&nbsp;<\/p>\n<p style=\"text-align: justify;\"><span style=\"font-size: 14pt;\">Los juicios pol\u00edticos, las actitudes hacia\u00a0<\/span><span style=\"font-size: 14pt;\">individuos o estados, la <strong><em>fortuna<\/em> <\/strong>y la <strong><em>necessit\u00e0<\/em><\/strong>, la evaluaci\u00f3n de m\u00e9todos, el grado de optimismo, el temperamento fundamental, cambian de una obra a otra, tal vez dentro de la misma exposici\u00f3n.\u00a0<\/span><span style=\"font-size: 14pt;\">Pero <strong>los valores b\u00e1sicos, el fin \u00faltimo<\/strong> -la beatifica visi\u00f3n de <strong>Maquiavelo<\/strong>&#8211; <strong>no var\u00eda<\/strong>.\u00a0<\/span><\/p>\n<p style=\"text-align: justify;\"><span style=\"font-size: 14pt;\"><strong>Su visi\u00f3n es social y pol\u00edtica<\/strong>. De aqu\u00ed que <strong>la tradicional opini\u00f3n que lo considera simplemente como un especialista en c\u00f3mo aprovecharse de los dem\u00e1s<\/strong>, un vulgar c\u00ednico que dice que los preceptos de la escuela dominical est\u00e1n muy bien, pero en un mundo lleno de hombres malvados uno tiene que mentir, matar, etc., si se quiere lograr algo, <strong>es incorrecta<\/strong>. <\/span><\/p>\n<p style=\"text-align: justify;\"><span style=\"font-size: 14pt;\">La filosof\u00eda que se compendia en \u00ab<em>comer o ser comido, golpear o ser golpeado<\/em>\u00bb, la clase de sabidur\u00eda mundana que se encuentra en, digamos, <strong>Mazzei [92]<\/strong> o en <strong>Giovanni Morelli<\/strong>, <strong>[93]<\/strong> con los que ha sido comparado, no es lo central en \u00e9l.<\/span><\/p>\n<p>&nbsp;<\/p>\n<blockquote>\n<p style=\"text-align: center;\"><strong><span style=\"font-size: 14pt; color: #008000;\">Maquiavelo no est\u00e1 especialmente preocupado por el oportunismo de individuos ambiciosos, es un t\u00edpico humanista apasionado del <em>Renacimiento<\/em>, salvo que su ideal no es art\u00edstico o cultural sino pol\u00edtico<\/span><\/strong><\/p>\n<\/blockquote>\n<p>&nbsp;<\/p>\n<p style=\"text-align: justify;\"><span style=\"font-size: 14pt;\"><strong>Maquiavelo<\/strong> no est\u00e1 especialmente preocupado por el oportunismo de individuos ambiciosos; a sus ojos el ideal es una refulgente visi\u00f3n de <em>Florencia<\/em> o de <em>Italia<\/em>, a este respecto es un t\u00edpico humanista apasionado del <em>Renacimiento<\/em>, salvo que su ideal no es art\u00edstico o cultural sino pol\u00edtico, a menos que el Estado o la Italia regenerada se considere, en el sentido de <strong>Burckhardt<\/strong>, como una <strong><em>meta art\u00edstica<\/em><\/strong>. <\/span><\/p>\n<p style=\"text-align: justify;\"><span style=\"font-size: 14pt;\"><strong>Esto es muy diferente de la mera defensa de la inclemencia como tal, o de un realismo que no se preocupa por su meta<\/strong>.\u00a0<\/span><span style=\"font-size: 14pt;\">Los valores de <strong>Maquiavelo<\/strong>, me gustar\u00eda repetirlo, no son instrumentales sino morales y finales, y pide grandes sacrificios en su nombre.<\/span><\/p>\n<p>&nbsp;<\/p>\n<blockquote>\n<p style=\"text-align: center;\"><span style=\"color: #008000;\"><strong><span style=\"font-size: 14pt;\">Los valores de Maquiavelo no son instrumentales, sino morales y finales; y pide grandes sacrificios en su nombre.<\/span><\/strong><\/span><\/p>\n<\/blockquote>\n<p>&nbsp;<\/p>\n<p style=\"text-align: justify;\"><span style=\"font-size: 14pt;\">Por ellos rechaza la escala rival -los <strong>principios cristianos de <em>ozio<\/em> y <em>mansedumbre<\/em><\/strong>-, no por cierto como defectuosos en s\u00ed mismos, sino como inaplicables a las condiciones de la vida real; y<strong> la vida real para \u00e9l quiere decir no solo <em>(como a veces se afirma<\/em>) la vida como se viv\u00eda en torno suyo en <em>Italia<\/em><\/strong>: <\/span><\/p>\n<blockquote>\n<p style=\"text-align: justify;\"><strong><span style=\"font-size: 14pt; color: #008000;\">los cr\u00edmenes, hipocres\u00edas, brutalidades, locuras de <em>Florencia<\/em>, <em>Roma<\/em>, <em>Mil\u00e1n<\/em>, <em>Venecia<\/em>.<\/span><\/strong><\/p>\n<\/blockquote>\n<p>&nbsp;<\/p>\n<p style=\"text-align: justify;\"><span style=\"font-size: 14pt;\"><strong>Esta no es la piedra de toque de la realidad<\/strong>. <strong>Su prop\u00f3sito es no dejar inalterada esta clase de vida ni reproducirla, sino elevarla a un nuevo plano,<\/strong> rescatar a <em>Italia<\/em> de la miseria y la esclavitud, restaurar su salud y su cordura.<\/span><\/p>\n<p>&nbsp;<\/p>\n<blockquote>\n<p style=\"text-align: center;\"><strong><span style=\"font-size: 14pt; color: #008000;\">Su prop\u00f3sito es no dejar inalterada esta clase de vida ni reproducirla, sino elevarla a un nuevo plano,<\/span><\/strong><\/p>\n<\/blockquote>\n<p>&nbsp;<\/p>\n<p style=\"text-align: justify;\"><span style=\"font-size: 14pt;\"><strong>La idea moral para la que cree no hay sacrificio demasiado grande &#8211;<em>el bienestar de la patria<\/em>&#8211; es para \u00e9l la forma m\u00e1s elevada de existencia social que puede alcanzar el hombre, pero debe ser alcanzable, no inalcanzable<\/strong>;\u00a0no un mundo fuera de los l\u00edmites de la capacidad humana, de los seres humanos tal como los conocemos, esto es, como criaturas compuestas de esas propiedades emocionales, intelectuales y f\u00edsicas de las que la historia y la observaci\u00f3n proporcionan ejemplos.<\/span><\/p>\n<p>&nbsp;<\/p>\n<figure id=\"attachment_2316763\" aria-describedby=\"caption-attachment-2316763\" style=\"width: 480px\" class=\"wp-caption aligncenter\"><img loading=\"lazy\" decoding=\"async\" class=\"wp-image-2316763\" src=\"https:\/\/puntocritico.com\/ausajpuntocritico\/wp-content\/uploads\/2026\/01\/Poder-Pastoral-ovejas-en-el-camino-PPAL-300x169.jpg\" alt=\"\" width=\"480\" height=\"270\" srcset=\"https:\/\/puntocritico.com\/ausajpuntocritico\/wp-content\/uploads\/2026\/01\/Poder-Pastoral-ovejas-en-el-camino-PPAL-300x169.jpg 300w, https:\/\/puntocritico.com\/ausajpuntocritico\/wp-content\/uploads\/2026\/01\/Poder-Pastoral-ovejas-en-el-camino-PPAL.jpg 678w\" sizes=\"auto, (max-width: 480px) 100vw, 480px\" \/><figcaption id=\"caption-attachment-2316763\" class=\"wp-caption-text\"><span style=\"color: #008000;\">BIOPODER. \u00abLos or\u00edgenes teol\u00f3gico-pol\u00edticos del Biopoder. Pastoral y genealog\u00eda del Estado\u00bb<\/span><\/figcaption><\/figure>\n<p>&nbsp;<\/p>\n<p style=\"text-align: justify;\"><span style=\"font-size: 14pt;\"><strong>Pide hombres mejorados, no transfigurados, no sobrehumanos<\/strong>, ni un mundo de seres ideales desconocidos en esta tierra que, aun si pudieran ser creados, no podr\u00edan ser llamados humanos.<\/span><\/p>\n<p style=\"text-align: justify;\"><span style=\"font-size: 14pt;\">Si alguien objeta a los m\u00e9todos pol\u00edticos recomendados porque parecen moralmente detestables, si se reh\u00fasa a embarcarse en ellos porque son, para usar la palabra de <strong>Ritter<\/strong>, <strong><em>erschreckend<\/em><\/strong>, <em>demasiado atemorizantes<\/em>, <strong>Maquiavelo<\/strong> no tiene respuesta ni argumento. <\/span><\/p>\n<p style=\"text-align: justify;\"><span style=\"font-size: 14pt;\">En tal caso <strong>se est\u00e1 perfectamente capacitado para llevar una vida moralmente buena, para ser un ciudadano privado<\/strong> (<em>o un monje<\/em>), para buscarse alg\u00fan rinc\u00f3n propio. <strong>Pero no debe hacerse responsable de las vidas de otros, ni esperar buena fortuna<\/strong>; en un sentido material lo que cabe esperar es ser ignorado o destruido.<\/span><\/p>\n<p style=\"text-align: justify;\"><span style=\"font-size: 14pt;\">En otras palabras, se puede optar por salir del mundo p\u00fablico, pero en ese caso <strong>Maquiavelo<\/strong> no tiene nada que decir, pues \u00e9l se dirige al mundo p\u00fablico y a sus hombres. <\/span><\/p>\n<p style=\"text-align: justify;\"><span style=\"font-size: 14pt;\">Esto se expresa m\u00e1s claramente en su famoso<strong> consejo al victorioso<\/strong> que tiene que dominar una provincia conquistada.<strong> Le recomienda hacer tabla rasa: nuevos gobernadores, nuevos t\u00edtulos, nuevos poderes y nuevos hombres<\/strong>: <\/span><\/p>\n<blockquote>\n<p style=\"text-align: justify;\"><span style=\"color: #008000;\"><strong><span style=\"font-size: 14pt;\">\u00abh<em>acer pobres a los ricos, ricos a los pobres, como hizo David cuando lleg\u00f3 a ser rey: \u00aba los pobres los llen\u00f3 de buenas cosas y a los ricos los dej\u00f3 sin cosa alguna<\/em>\u00ab.<\/span><\/strong><\/span><\/p>\n<p style=\"text-align: justify;\"><em><span style=\"color: #008000;\"><strong><span style=\"font-size: 14pt;\">Adem\u00e1s de esto deber\u00e1s construir nuevas ciudades, derribar las ya construidas, cambiar a los habitantes de un lugar a otro; en breve, no deber\u00e1s dejar nada intacto en esta provincia, y habr\u00e1s de asegurarte de que nadie deber\u00e1 tener ninguna jerarqu\u00eda, posici\u00f3n, cargo o riqueza que no reconozca como tuya\u00bb <\/span><\/strong><\/span><\/em><span style=\"color: #008000;\"><strong><span style=\"font-size: 14pt;\">[94]<\/span><\/strong><\/span><span style=\"color: #008000;\"><strong><span style=\"font-size: 14pt;\">.<\/span><\/strong><\/span><\/p>\n<p style=\"text-align: justify;\"><em><span style=\"color: #008000;\"><strong><span style=\"font-size: 14pt;\">Deber\u00e1 tomar como modelo a Filipo de Macedonia, quien \u00abcreci\u00f3 de esta forma hasta que lleg\u00f3 a ser se\u00f1or de Grecia\u00bb.<\/span><\/strong><\/span><\/em><\/p>\n<\/blockquote>\n<p>&nbsp;<\/p>\n<p><a href=\"https:\/\/puntocritico.com\/ausajpuntocritico\/2019\/07\/03\/isaiah-berlin-dos-conceptos-de-libertad\/\" target=\"_blank\" rel=\"noopener\" data-schema-attribute=\"\"><img loading=\"lazy\" decoding=\"async\" class=\"aligncenter wp-image-19720\" src=\"https:\/\/puntocritico.com\/ausajpuntocritico\/wp-content\/uploads\/2019\/07\/frase-la-libertad-de-los-lobos-es-la-muerte-para-los-corderos-isaiah-berlin-170722-300x141.jpg\" alt=\"\" width=\"480\" height=\"226\" srcset=\"https:\/\/puntocritico.com\/ausajpuntocritico\/wp-content\/uploads\/2019\/07\/frase-la-libertad-de-los-lobos-es-la-muerte-para-los-corderos-isaiah-berlin-170722-300x141.jpg 300w, https:\/\/puntocritico.com\/ausajpuntocritico\/wp-content\/uploads\/2019\/07\/frase-la-libertad-de-los-lobos-es-la-muerte-para-los-corderos-isaiah-berlin-170722-768x361.jpg 768w, https:\/\/puntocritico.com\/ausajpuntocritico\/wp-content\/uploads\/2019\/07\/frase-la-libertad-de-los-lobos-es-la-muerte-para-los-corderos-isaiah-berlin-170722.jpg 850w\" sizes=\"auto, (max-width: 480px) 100vw, 480px\" \/><\/a><\/p>\n<p>&nbsp;<\/p>\n<p style=\"text-align: justify;\"><span style=\"font-size: 14pt;\">Ahora los historiadores de <strong>Filipo<\/strong> nos informan sigue diciendo <strong>Maquiavelo<\/strong> que traslad\u00f3 a los habitantes de una provincia a otra, \u00ab<em>como los pastores trasladan sus ganados<\/em>\u00bb de un lugar a otro. Indudablemente, contin\u00faa <strong>Maquiavelo<\/strong>,\u00a0<\/span><\/p>\n<blockquote>\n<p style=\"text-align: justify;\"><span style=\"color: #008000; font-size: 14pt;\"><strong>Estos m\u00e9todos son muy crueles, y enemistan a todo gobierno, no solo cristiano sino humano, y todo hombre debe evitarlos y preferir llevar una vida privada que ser un rey que acarrea tal ruina a los hombres. <\/strong><\/span><\/p>\n<p style=\"text-align: justify;\"><span style=\"color: #008000; font-size: 14pt;\"><strong>Sin embargo, un gobernante que no desee tomar ese primer buen camino del gobierno legal, si quiere mantenerse, ha de seguir en esta senda de maldad. <\/strong><\/span><\/p>\n<p style=\"text-align: justify;\"><span style=\"color: #008000; font-size: 14pt;\"><strong>Pero los hombres toman ciertos caminos intermedios que son muy da\u00f1inos; de hecho son incapaces de ser del todo buenos o del todo malos, [95]<\/strong><\/span><\/p>\n<\/blockquote>\n<p>&nbsp;<\/p>\n<p style=\"text-align: justify;\"><span style=\"font-size: 14pt;\">Esto est\u00e1 muy claro. Hay dos mundos, el de la moralidad personal y el de la organizaci\u00f3n p\u00fablica.<strong> Hay dos c\u00f3digos \u00e9ticos, ambos \u00faltimos<\/strong>; no dos regiones \u00ab<em>aut\u00f3nomas<\/em>\u00bb, una de \u00ab<em>\u00e9tica<\/em>\u00bb, otra de \u00ab<em>pol\u00edtica<\/em>\u00bb, sino (<em>para \u00e9l<\/em>), <strong>dos alternativas exhaustivas entre dos sistemas de valores conflictivos entre s\u00ed<\/strong>.<\/span><\/p>\n<p>&nbsp;<\/p>\n<blockquote>\n<p style=\"text-align: center;\"><strong><span style=\"font-size: 14pt; color: #008000;\">Si un hombre escoge el \u00ab<em>primer buen camino<\/em>\u00bb, debe, presumiblemente, abandonar toda esperanza de <em>Atenas<\/em> y <em>Roma<\/em>, de una sociedad noble y gloriosa en que los seres humanos puedan medrar y lleguen a ser fuertes, orgullosos, sabios y productivos. <\/span><\/strong><\/p>\n<p style=\"text-align: center;\"><strong><span style=\"font-size: 14pt; color: #008000;\">Pero si escoge la segunda v\u00eda, debe suprimir sus escr\u00fapulos privados, si los tiene, pues es seguro que quienes son demasiado escrupulosos durante la remodelaci\u00f3n de una sociedad, y aun durante la persecuci\u00f3n y conservaci\u00f3n de su gloria y su poder, ir\u00e1n al fracaso.<\/span><\/strong><\/p>\n<\/blockquote>\n<p>&nbsp;<\/p>\n<p style=\"text-align: justify;\"><span style=\"font-size: 14pt;\">Si un hombre escoge el \u00ab<em>primer buen camino<\/em>\u00bb, debe, presumiblemente, abandonar toda esperanza de <em>Atenas<\/em> y <em>Roma<\/em>, de una sociedad noble y gloriosa en que los seres humanos puedan medrar y lleguen a ser fuertes, orgullosos, sabios y productivos; de hecho, deben abandonar toda esperanza de una vida tolerable sobre la tierra, pues los hombres no pueden vivir fuera de la sociedad, si son conducidos por hombres que (<em>como <strong>Soderini<\/strong><\/em>) son influidos por la primera, la moralidad \u00ab<em>privada<\/em>\u00bb, no sobrevivir\u00e1n colectivamente; <\/span><\/p>\n<blockquote>\n<p style=\"text-align: justify;\"><span style=\"color: #008000;\"><strong><span style=\"font-size: 14pt;\">no ser\u00e1n capaces de llevar a cabo sus m\u00ednimas metas como hombres; terminar\u00e1n en un estado de degradaci\u00f3n no solo pol\u00edtica sino moral.<\/span><\/strong><\/span><\/p>\n<\/blockquote>\n<p>&nbsp;<\/p>\n<p style=\"text-align: justify;\"><span style=\"font-size: 14pt;\">Pero si un hombre, como lo hizo el mismo <strong>Maquiavelo<\/strong>, escoge la segunda v\u00eda, debe suprimir sus escr\u00fapulos privados, si los tiene, pues <strong>es seguro que quienes son demasiado escrupulosos durante la remodelaci\u00f3n de una sociedad, y aun durante la persecuci\u00f3n y conservaci\u00f3n de su gloria y su poder, ir\u00e1n al fracaso<\/strong>. <\/span><span style=\"font-size: 14pt;\">Quien haya elegido hacer una tortilla no podr\u00e1 hacerla sin romper los huevos.<\/span><\/p>\n<p>&nbsp;<\/p>\n<blockquote>\n<p style=\"text-align: center;\"><strong><span style=\"font-size: 14pt; color: #008000;\">Quien haya elegido hacer una tortilla no podr\u00e1 hacerla sin romper los huevos.<\/span><\/strong><\/p>\n<\/blockquote>\n<p>&nbsp;<\/p>\n<p style=\"text-align: justify;\"><span style=\"font-size: 14pt;\">Se acusa a veces a <strong>Maquiavelo<\/strong> de gustar mucho de la posibilidad de romper huevos&#8230; casi por el gusto mismo. Esto es injusto. <strong>\u00c9l piensa que estos m\u00e9todos inhumanos son necesarios<\/strong>; necesarios como medio para proporcionar buenos resultados, <strong>buenos no en t\u00e9rminos cristianos, sino de una moralidad secular, humanista, naturalista<\/strong>. Sus ejemplos m\u00e1s notables muestran esto. <\/span><\/p>\n<p style=\"text-align: justify;\"><span style=\"font-size: 14pt;\">El m\u00e1s famoso, tal vez, es el de <strong>Giampaolo Baglioni<\/strong>, que captur\u00f3 a <strong>Julio II<\/strong> durante una de sus campa\u00f1as, y lo dej\u00f3 escapar, cuando en opini\u00f3n de <strong>Maquiavelo<\/strong> pudo haberlos destruido a \u00e9l y a sus cardenales, y\u00a0por lo tanto cometido un crimen \u00ab<em>cuya grandeza pudo haber trascendido toda infamia, todo peligro que podr\u00eda haberse derivado de \u00e9l<\/em>\u00bb <strong>[96]<\/strong>.<\/span><\/p>\n<p style=\"text-align: justify;\"><span style=\"font-size: 14pt;\">Como <strong>Federico el Grande<\/strong> (<em>que llam\u00f3 a <strong>Maquiavelo<\/strong> \u00abenemigo de la humanidad\u00bb, y sigui\u00f3 sus consejos<\/em>), <strong>[97]<\/strong> <strong>Maquiavelo<\/strong> est\u00e1 diciendo, en efecto, \u00ab<em>Le vin est tir\u00e9: il faut le boire<\/em>\u00bb. <strong>Una vez que uno se embarca en un plan para la transformaci\u00f3n de la sociedad debe llevarlo a cabo sin importar a qu\u00e9 costo<\/strong>: titubear, dar marcha atr\u00e1s, dejarse vencer por los escr\u00fapulos, es traicionar la causa elegida. <\/span><\/p>\n<p style=\"text-align: justify;\"><span style=\"font-size: 14pt;\">Un <em>m\u00e9dico<\/em> es un profesional dispuesto a quemar, cauterizar, amputar, si eso es lo que la enfermedad requiere, de modo que detenerse a medio camino por escr\u00fapulos personales, o por alg\u00fan principio sin relaci\u00f3n con su arte y su t\u00e9cnica, es signo de confusi\u00f3n y debilidad, y siempre acarrear\u00e1 lo peor de ambos mundos.<\/span><\/p>\n<p>&nbsp;<\/p>\n<p><a href=\"https:\/\/puntocritico.com\/ausajpuntocritico\/2022\/02\/22\/la-filosofia-y-los-mitos-politicos-por-ernst-cassirer-2\/\" target=\"_blank\" rel=\"noopener\" data-schema-attribute=\"\"><img loading=\"lazy\" decoding=\"async\" class=\"aligncenter wp-image-21750\" src=\"https:\/\/puntocritico.com\/ausajpuntocritico\/wp-content\/uploads\/2019\/09\/No-Dualidad-Meister-Eckart-300x193.jpg\" alt=\"\" width=\"440\" height=\"283\" srcset=\"https:\/\/puntocritico.com\/ausajpuntocritico\/wp-content\/uploads\/2019\/09\/No-Dualidad-Meister-Eckart-300x193.jpg 300w, https:\/\/puntocritico.com\/ausajpuntocritico\/wp-content\/uploads\/2019\/09\/No-Dualidad-Meister-Eckart.jpg 690w\" sizes=\"auto, (max-width: 440px) 100vw, 440px\" \/><\/a><\/p>\n<p>&nbsp;<\/p>\n<blockquote>\n<p style=\"text-align: center;\"><strong><span style=\"font-size: 14pt; color: #008000;\">Y hay cuando menos dos mundos; cada uno de ellos tiene mucho, todo, de hecho, a su favor. Hay que aprender a elegir entre ambos y, habiendo elegido, no mirar atr\u00e1s.<\/span><\/strong><\/p>\n<\/blockquote>\n<p>&nbsp;<\/p>\n<p style=\"text-align: justify;\"><span style=\"font-size: 14pt;\"> Y <strong>hay cuando menos dos mundos<\/strong>; cada uno de ellos tiene mucho, todo, de hecho, a su favor. Hay que aprender a elegir entre ambos y, habiendo elegido, no mirar atr\u00e1s.<\/span><\/p>\n<p style=\"text-align: justify;\"><span style=\"font-size: 14pt;\"><strong>Hay m\u00e1s de un mundo y m\u00e1s de un conjunto de virtudes, la confusi\u00f3n entre ellos es desastrosa<\/strong>. Una de las principales ilusiones causadas por la ignorancia de esto es la opini\u00f3n <em>plat\u00f3nica-hebraica-cristiana<\/em> en el sentido de que los gobernantes virtuosos crean hombres virtuosos. <\/span><\/p>\n<p style=\"text-align: justify;\"><span style=\"font-size: 14pt;\">Seg\u00fan <strong>Maquiavelo<\/strong> esto no es verdad. <strong>La generosidad es una virtud, pero no en los pr\u00edncipes<\/strong>. <\/span><\/p>\n<p style=\"text-align: justify;\"><span style=\"font-size: 14pt;\">Un pr\u00edncipe generoso arruinar\u00e1 a sus ciudadanos con impuestos demasiado gravosos, un pr\u00edncipe mezquino (<em>y <strong>Maquiavelo<\/strong> no dice que la mezquindad sea una buena cualidad en los hombres privados<\/em>) cuidar\u00e1 los bolsillos de los ciudadanos y as\u00ed se sumar\u00e1 al bienestar p\u00fablico.<\/span><\/p>\n<p>&nbsp;<\/p>\n<p><a href=\"https:\/\/puntocritico.com\/ausajpuntocritico\/2026\/03\/09\/si-vis-pacem-para-bellum\/\" target=\"_blank\" rel=\"noopener\" data-schema-attribute=\"\"><img loading=\"lazy\" decoding=\"async\" class=\"aligncenter wp-image-24217\" src=\"https:\/\/puntocritico.com\/ausajpuntocritico\/wp-content\/uploads\/2019\/11\/Boecio-7-OK.jpg\" alt=\"\" width=\"280\" height=\"281\" srcset=\"https:\/\/puntocritico.com\/ausajpuntocritico\/wp-content\/uploads\/2019\/11\/Boecio-7-OK.jpg 224w, https:\/\/puntocritico.com\/ausajpuntocritico\/wp-content\/uploads\/2019\/11\/Boecio-7-OK-150x150.jpg 150w\" sizes=\"auto, (max-width: 280px) 100vw, 280px\" \/><\/a><\/p>\n<p>&nbsp;<\/p>\n<blockquote>\n<p style=\"text-align: center;\"><span style=\"color: #008000;\"><strong><span style=\"font-size: 14pt;\">Un gobernante bondadoso -y la bondad es una virtud- puede dejar que los intrigantes y los de car\u00e1cter m\u00e1s fuerte lo dominen, y as\u00ed causar caos y corrupci\u00f3n.<\/span><\/strong><\/span><\/p>\n<\/blockquote>\n<p>&nbsp;<\/p>\n<p style=\"text-align: justify;\"><span style=\"font-size: 14pt;\">Un gobernante bondadoso -y la bondad es una virtud- puede dejar que los intrigantes y los de car\u00e1cter m\u00e1s fuerte lo dominen, y as\u00ed causar caos y corrupci\u00f3n.<\/span><\/p>\n<p style=\"text-align: justify;\"><span style=\"font-size: 14pt;\"><strong>Otros autores de \u00ab<em>espejos de pr\u00edncipes<\/em>\u00bb tambi\u00e9n abundan en tales m\u00e1ximas<\/strong>, pero no sacan las implicaciones correspondientes; <strong>Maquiavelo<\/strong> no usa esas generalizaciones como ellos, <strong>no moraliza en general, sino ilustra una tesis espec\u00edfica<\/strong>:<\/span><\/p>\n<blockquote>\n<p style=\"text-align: justify;\"><span style=\"color: #008000;\"><strong><span style=\"font-size: 14pt;\">que la naturaleza de los hombres dicta una moralidad p\u00fablica diferente de las virtudes de los hombres que profesan creer en los preceptos cristianos, y tratan de actuar seg\u00fan ellos, y que puede entrar en conflicto con esas virtudes.<\/span><\/strong><\/span><\/p>\n<\/blockquote>\n<p>&nbsp;<\/p>\n<p style=\"text-align: justify;\"><span style=\"font-size: 14pt;\">Estos preceptos podr\u00edan no ser completamente irrealizables en tiempos tranquilos, en la vida privada. Pero fuera de esta\u00a0<\/span><span style=\"font-size: 14pt;\">llevan a la ruina.\u00a0<\/span><\/p>\n<p style=\"text-align: justify;\"><span style=\"font-size: 14pt;\"><strong>La analog\u00eda entre un Estado y el pueblo y un individuo es falaz<\/strong>: <\/span><\/p>\n<blockquote>\n<p style=\"text-align: justify;\"><span style=\"color: #008000;\"><strong><span style=\"font-size: 14pt;\">\u00ab<em>un Estado y un pueblo son gobernados en forma diferente que un individuo<\/em>\u00bb; [98] \u00ab<em>lo que hace grandes a las ciudades no es el bien individual sino el bien com\u00fan<\/em>\u00bb [99].<\/span><\/strong><\/span><\/p>\n<\/blockquote>\n<p>&nbsp;<\/p>\n<figure id=\"attachment_2305109\" aria-describedby=\"caption-attachment-2305109\" style=\"width: 300px\" class=\"wp-caption aligncenter\"><a href=\"https:\/\/puntocritico.com\/ausajpuntocritico\/2024\/12\/29\/proudhon-que-es-la-propiedad-de-la-ley-civil-como-fundamento-y-sancion-de-la-propiedad\/\" target=\"_blank\" rel=\"noopener\" data-schema-attribute=\"\"><img loading=\"lazy\" decoding=\"async\" class=\"wp-image-2305109\" src=\"https:\/\/puntocritico.com\/ausajpuntocritico\/wp-content\/uploads\/2024\/12\/330px-Jean_Charles_Simonde_de_Sismondi_1773-1842-262x300.png\" alt=\"\" width=\"300\" height=\"344\" srcset=\"https:\/\/puntocritico.com\/ausajpuntocritico\/wp-content\/uploads\/2024\/12\/330px-Jean_Charles_Simonde_de_Sismondi_1773-1842-262x300.png 262w, https:\/\/puntocritico.com\/ausajpuntocritico\/wp-content\/uploads\/2024\/12\/330px-Jean_Charles_Simonde_de_Sismondi_1773-1842.png 330w\" sizes=\"auto, (max-width: 300px) 100vw, 300px\" \/><\/a><figcaption id=\"caption-attachment-2305109\" class=\"wp-caption-text\"><span style=\"color: #008000;\"><strong>Jean Charles Leonard Simonde de Sismondi<\/strong> (Ginebra, 9 de mayo de 1773-25 de junio de 1842) fue un escritor, economista e historiador suizo<\/span><\/figcaption><\/figure>\n<p>&nbsp;<\/p>\n<blockquote>\n<p style=\"text-align: center;\"><strong><span style=\"font-size: 14pt; color: #008000;\">Se puede arg\u00fcir que la grandeza, la gloria y la riqueza de un Estado son ideales vacuos, o detestables, si los ciudadanos son oprimidos o tratados como meros medios para la grandeza del todo.<\/span><\/strong><\/p>\n<\/blockquote>\n<p>&nbsp;<\/p>\n<p style=\"text-align: justify;\"><span style=\"font-size: 14pt;\"><strong>Se puede estar en desacuerdo con esto<\/strong>. Se puede arg\u00fcir que la grandeza, la gloria y la riqueza de un Estado son ideales vacuos, o detestables, si los ciudadanos son oprimidos o tratados como meros medios para la grandeza del todo. <\/span><\/p>\n<p style=\"text-align: justify;\"><span style=\"font-size: 14pt;\">Como los <em>pensadores cristianos<\/em>, o como <a href=\"https:\/\/puntocritico.com\/ausajpuntocritico\/2017\/03\/25\/discurso-sobre-la-libertad-de-los-antiguos-comparada-con-la-de-los-modernos-benjamin-constant\/\" target=\"_blank\" rel=\"noopener\" data-schema-attribute=\"\"><strong>Constant<\/strong><\/a> y los <em>liberales<\/em>, o como <a href=\"https:\/\/puntocritico.com\/ausajpuntocritico\/2025\/02\/16\/la-propiedad-es-imposible-porque-la-sociedad-se-devora-con-ella\/\" target=\"_blank\" rel=\"noopener\" data-schema-attribute=\"\"><strong>Sismondi<\/strong><\/a> y los <em>te\u00f3ricos del Estado benefactor<\/em>, <strong>se podr\u00eda preferir un Estado en el que los ciudadanos sean <\/strong><\/span><span style=\"font-size: 14pt;\"><strong>pr\u00f3speros aun cuando el tesoro p\u00fablico sea pobre<\/strong>, en el que el gobierno no sea ni centralizado ni omnipotente ni, tal vez, del todo soberano, <strong>pero donde los ciudadanos gocen un amplio grado de libertad individual<\/strong>, <\/span><\/p>\n<blockquote>\n<p style=\"text-align: justify;\"><span style=\"color: #008000;\"><strong><span style=\"font-size: 14pt;\">se podr\u00eda contrastar favorablemente esto con las grandes concentraciones autoritarias de poder erigidas por Alejandro o Federico el Grande o <a style=\"color: #008000;\" href=\"https:\/\/puntocritico.com\/ausajpuntocritico\/2025\/07\/26\/napoleon\/\" target=\"_blank\" rel=\"noopener\" data-schema-attribute=\"\">Napole\u00f3n<\/a>, o por los grandes aut\u00f3cratas del siglo XX.<\/span><\/strong><\/span><\/p>\n<\/blockquote>\n<p>&nbsp;<\/p>\n<p style=\"text-align: justify;\"><span style=\"font-size: 14pt;\">En este caso simplemente <strong>se est\u00e1 contradiciendo la tesis de<\/strong> <strong>Maquiavelo<\/strong>: <\/span><\/p>\n<blockquote>\n<p style=\"text-align: justify;\"><strong><span style=\"font-size: 14pt; color: #008000;\">\u00e9l no ve m\u00e9rito en texturas pol\u00edticas tan laxas. No pueden durar. Los hombres no pueden sobrevivir mucho tiempo en tales condiciones.<\/span><\/strong><\/p>\n<\/blockquote>\n<p>&nbsp;<\/p>\n<p style=\"text-align: justify;\"><span style=\"font-size: 14pt;\">Est\u00e1 convencido de que <strong>los estados que han perdido el apetito de poder est\u00e1n condenados a la decadencia y probablemente sean destruidos por sus vecinos m\u00e1s vigorosos<\/strong> y mejor armados; <strong>Vico<\/strong> y los modernos pensadores \u00ab<em>realistas<\/em>\u00ab se hicieron eco de esto.<\/span><\/p>\n<p style=\"text-align: justify;\"><span style=\"font-size: 14pt;\"><strong>Maquiavelo<\/strong> est\u00e1 pose\u00eddo por una visi\u00f3n clara, intensa y focalizada de una sociedad en la cual ser\u00eda posible adaptar los talentos humanos para contribuir a un todo poderoso y espl\u00e9ndido. <strong>Prefiere el gobierno republicano en el que los intereses de los gobernantes no entran en conflicto con los de los gobernados<\/strong>.<\/span><\/p>\n<p>&nbsp;<\/p>\n<blockquote>\n<p style=\"text-align: center;\"><strong><span style=\"color: #008000;\"><span style=\"font-size: 14pt;\">Prefiere el gobierno republicano en el que los intereses de los gobernantes no entran en conflicto con los de los gobernados.\u00a0<\/span><\/span><\/strong><\/p>\n<p style=\"text-align: center;\"><strong><span style=\"color: #008000;\"><span style=\"font-size: 14pt;\">Pero prefiere un principado bien gobernado que una rep\u00fablica decadente.<\/span><\/span><\/strong><\/p>\n<\/blockquote>\n<p>&nbsp;<\/p>\n<p style=\"text-align: justify;\"><span style=\"font-size: 14pt;\">Pero (<em>como lo percibi\u00f3<\/em> <strong><em>Macaulay<\/em><\/strong>) <strong>prefiere un principado bien gobernado que una rep\u00fablica decadente<\/strong>; y <strong>las cualidades que admira y cree posibles de consolidar<\/strong> -cosa indispensable- dentro de una sociedad perdurable <strong>no son diferentes<\/strong> en <em><strong>El pr\u00edncipe<\/strong><\/em> y en <strong><em>Los discursos<\/em><\/strong>: <\/span><\/p>\n<blockquote>\n<p style=\"text-align: justify;\"><span style=\"font-size: 14pt; color: #008000;\"><strong>energ\u00eda, <em>audacia<\/em>, esp\u00edritu pr\u00e1ctico, imaginaci\u00f3n, vitalidad, disciplina, astucia, esp\u00edritu p\u00fablico, buena <em>fortuna<\/em>, <em>antiqua virtus, virt\u00f9<\/em>, firmeza en la adversidad, fuerza de car\u00e1cter, como las celebradas por\u00a0Jenofonte o Livio.<\/strong> <\/span><\/p>\n<\/blockquote>\n<p>&nbsp;<\/p>\n<figure id=\"attachment_2318324\" aria-describedby=\"caption-attachment-2318324\" style=\"width: 260px\" class=\"wp-caption aligncenter\"><img loading=\"lazy\" decoding=\"async\" class=\"wp-image-2318324\" src=\"https:\/\/puntocritico.com\/ausajpuntocritico\/wp-content\/uploads\/2026\/03\/Bust_of_Tito_Livio._Panteon_Veneto_Istituto_Veneto_di_Scienze_Lettere_ed_Arti-225x300.jpg\" alt=\"\" width=\"260\" height=\"347\" srcset=\"https:\/\/puntocritico.com\/ausajpuntocritico\/wp-content\/uploads\/2026\/03\/Bust_of_Tito_Livio._Panteon_Veneto_Istituto_Veneto_di_Scienze_Lettere_ed_Arti-225x300.jpg 225w, https:\/\/puntocritico.com\/ausajpuntocritico\/wp-content\/uploads\/2026\/03\/Bust_of_Tito_Livio._Panteon_Veneto_Istituto_Veneto_di_Scienze_Lettere_ed_Arti.jpg 330w\" sizes=\"auto, (max-width: 260px) 100vw, 260px\" \/><figcaption id=\"caption-attachment-2318324\" class=\"wp-caption-text\"><span style=\"color: #008000;\"><strong>Tito Livio<\/strong> (Patavium, 59 a. C.-Padua, 17 d. C.)\u200b fue un historiador romano que escribi\u00f3 una monumental historia del Estado romano en ciento cuarenta y dos libros (el <em>Ab urbe condita<\/em>), desde la legendaria llegada de Eneas a las costas del Lacio hasta la muerte del cuestor y pretor Druso el Mayor.<\/span><\/figcaption><\/figure>\n<p>&nbsp;<\/p>\n<p style=\"text-align: justify;\"><span style=\"font-size: 14pt;\">Sus m\u00e1ximas m\u00e1s escandalosas las responsables del \u00ab<strong><em>asesino Maquiavelo<\/em><\/strong>\u00bb -de la escena <em>isabelina<\/em>&#8211; son descripciones de <strong>m\u00e9todos para alcanzar ese<\/strong> <em><strong>\u00fanico fin<\/strong><\/em>: <strong>la visi\u00f3n cl\u00e1sica, humanista y patri\u00f3tica que lo domina<\/strong>. <\/span><\/p>\n<p style=\"text-align: justify;\"><strong><span style=\"font-size: 14pt;\">Perm\u00edtaseme citar unas cuantas de sus m\u00e1s famosas muestras de consejos perversos a los pr\u00edncipes. <\/span><\/strong><\/p>\n<blockquote>\n<p style=\"text-align: justify;\"><span style=\"color: #008000;\"><strong><span style=\"font-size: 14pt;\">Se debe emplear el terror o la bondad, seg\u00fan el caso lo dicte. La severidad suele ser m\u00e1s efectiva, pero la humanidad, en algunos casos, da mejores frutos. <\/span><\/strong><\/span><\/p>\n<p style=\"text-align: justify;\"><span style=\"color: #008000;\"><strong><span style=\"font-size: 14pt;\">Se puede excitar el miedo, pero no el odio, pues el odio termina por destruir. <\/span><\/strong><\/span><\/p>\n<p style=\"text-align: justify;\"><span style=\"color: #008000;\"><strong><span style=\"font-size: 14pt;\">Es mejor conservar a los hombres pobres y en pie de guerra permanente, pues esto ser\u00e1 el ant\u00eddoto para los dos grandes enemigos de la obediencia activa: la ambici\u00f3n y el aburrimiento, y los gobernados se sentir\u00e1n en constante necesidad de tener grandes hombres que los dirijan (<em>el siglo XX nos ofrece numerosas muestras de esta aguda intuici\u00f3n<\/em>). <\/span><\/strong><\/span><\/p>\n<p style=\"text-align: justify;\"><span style=\"color: #008000;\"><strong><span style=\"font-size: 14pt;\">La competencia -las divisiones entre clases- es deseable en una sociedad, pues genera el grado adecuado de energ\u00eda y ambici\u00f3n.<\/span><\/strong><\/span><\/p>\n<p style=\"text-align: justify;\"><span style=\"color: #008000;\"><strong><span style=\"font-size: 14pt;\">La religi\u00f3n debe ser promovida aunque pueda ser falsa, con tal de que sea de un tipo que conserve la solidaridad social y promueva virtudes viriles, cosa que hist\u00f3ricamente el cristianismo no ha logrado hacer. <\/span><\/strong><\/span><\/p>\n<p style=\"text-align: justify;\"><span style=\"color: #008000;\"><strong><span style=\"font-size: 14pt;\">Cuando se confieran beneficios (<em>dice, siguiendo a<\/em> <em>Arist\u00f3teles<\/em>) hay que hacerlo en persona, pero si hay que hacer algo sucio conviene dejar que lo hagan otros, pues entonces ser\u00e1n culpados esos otros, no el pr\u00edncipe, y este puede ganar favor si les manda cortar la cabeza oportunamente, pues los hombres prefieren la venganza y la seguridad que la libertad. <\/span><\/strong><\/span><\/p>\n<p style=\"text-align: justify;\"><span style=\"color: #008000;\"><strong><span style=\"font-size: 14pt;\">En todos los casos hay que hacer lo necesario, pero se debe tratar de presentarlo como un favor especial al pueblo. Si se requiere cometer un crimen no hay que anunciarlo de antemano, dado que de otra manera los enemigos podr\u00edan destruirlo antes de que hubiera tiempo de destruirlos a ellos. <\/span><\/strong><\/span><\/p>\n<p style=\"text-align: justify;\"><span style=\"color: #008000;\"><strong><span style=\"font-size: 14pt;\">Si la acci\u00f3n tiene que ser tajante, debe llevarse a cabo de golpe, no en etapas dolorosas. No hay que rodearse de sirvientes demasiado poderosos; es mejor deshacerse de los generales, o se corre el riesgo de que ellos se libren del pr\u00edncipe.<\/span><\/strong><\/span><\/p>\n<p style=\"text-align: justify;\"><span style=\"color: #008000;\"><strong><span style=\"font-size: 14pt;\">Se puede ser violento y usar la fuerza para aterrorizar, pero no hay que quebrantar las propias leyes, pues eso destruye la confianza y desintegra la trama social. Los hombres deben ser acariciados o aniquilados; el\u00a0apaciguamiento y la neutralidad siempre son fatales. <\/span><\/strong><\/span><\/p>\n<p style=\"text-align: justify;\"><span style=\"color: #008000;\"><strong><span style=\"font-size: 14pt;\">Los planes excelentes, sin armas, no son suficientes, de otra manera <em>Florencia<\/em> ser\u00eda a\u00fan una <em>rep\u00fablica<\/em>. Los gobernantes deben vivir en una constante expectativa de guerra. El \u00e9xito crea m\u00e1s devoci\u00f3n que un car\u00e1cter amable; recu\u00e9rdese el destino de Pertinax, Savonarola, Soderini.<\/span><\/strong><\/span><\/p>\n<p style=\"text-align: justify;\"><span style=\"color: #008000;\"><strong><span style=\"font-size: 14pt;\">Severo fue inescrupuloso y cruel, Fernando de Espa\u00f1a traicionero y ma\u00f1oso; pero practicando las artes tanto del le\u00f3n como de la zorra escaparon de las trampas y tambi\u00e9n de los lobos. <\/span><\/strong><\/span><\/p>\n<p style=\"text-align: justify;\"><span style=\"color: #008000;\"><strong><span style=\"font-size: 14pt;\">Los hombres ser\u00e1n falsos a menos que se los fuerce a ser veraces creando circunstancias en las que la falsedad no d\u00e9 buenos resultados. Y as\u00ed por el estilo.\u00a0<\/span><\/strong><\/span><\/p>\n<p style=\"text-align: justify;\"><span style=\"font-size: 14pt;\"><span style=\"color: #008000;\"><strong>Estos ejemplos son t\u00edpicos del \u00ab<em>compa\u00f1ero del diablo<\/em>\u00bb<\/strong>.<\/span> <\/span><\/p>\n<\/blockquote>\n<p>&nbsp;<\/p>\n<p><img loading=\"lazy\" decoding=\"async\" class=\"aligncenter wp-image-2318722\" src=\"https:\/\/puntocritico.com\/ausajpuntocritico\/wp-content\/uploads\/2026\/03\/Nicolas-Maquiavelo-PPAL-3-300x199.jpg\" alt=\"\" width=\"440\" height=\"292\" srcset=\"https:\/\/puntocritico.com\/ausajpuntocritico\/wp-content\/uploads\/2026\/03\/Nicolas-Maquiavelo-PPAL-3-300x199.jpg 300w, https:\/\/puntocritico.com\/ausajpuntocritico\/wp-content\/uploads\/2026\/03\/Nicolas-Maquiavelo-PPAL-3-678x452.jpg 678w, https:\/\/puntocritico.com\/ausajpuntocritico\/wp-content\/uploads\/2026\/03\/Nicolas-Maquiavelo-PPAL-3.jpg 680w\" sizes=\"auto, (max-width: 440px) 100vw, 440px\" \/><\/p>\n<p>&nbsp;<\/p>\n<blockquote>\n<p style=\"text-align: center;\"><span style=\"color: #008000;\"><strong><span style=\"font-size: 14pt;\">El bien p\u00fablico\u00a0es el \u00fanico que justifica los medios malvados<\/span><\/strong><\/span><\/p>\n<\/blockquote>\n<p>&nbsp;<\/p>\n<p style=\"text-align: justify;\"><span style=\"font-size: 14pt;\">De vez en cuando la duda asalta a nuestro autor, <strong>se pregunta si un hombre de nobles ideales<\/strong>, lo bastante como para esforzarse por crear un Estado admirable seg\u00fan las normas romanas, <strong>ser\u00e1 lo suficientemente duro como para usar los medios perversos y violentos que se prescriben<\/strong>; y a la inversa, <strong>si un hombre inhumano y brutal ser\u00e1 lo bastante desinteresado como para lograr el bien p\u00fablico<\/strong>, que es <strong>el \u00fanico que justifica los medios malvados<\/strong>. <\/span><\/p>\n<p style=\"text-align: justify;\"><span style=\"font-size: 14pt;\">Sin embargo <strong>Mois\u00e9s<\/strong> y <strong>Teseo<\/strong>, <strong>R\u00f3mulo<\/strong> y <strong>Ciro<\/strong>, combinaron esas propiedades <strong>[100]<\/strong>.\u00a0<\/span><span style=\"font-size: 14pt;\">Lo que ha sido una vez puede volver a ser la implicaci\u00f3n es optimista.<\/span><\/p>\n<p style=\"text-align: justify;\"><span style=\"font-size: 14pt;\"><strong>Todas estas m\u00e1ximas tienen una propiedad en com\u00fan<\/strong>: <\/span><\/p>\n<blockquote>\n<p style=\"text-align: justify;\"><span style=\"font-size: 14pt; color: #008000;\"><strong>est\u00e1n dise\u00f1adas para crear, revivir o mantener un orden que satisfaga lo que para el autor son los intereses m\u00e1s permanentes entre los hombres.<\/strong> <\/span><\/p>\n<\/blockquote>\n<p>&nbsp;<\/p>\n<p style=\"text-align: justify;\"><span style=\"font-size: 14pt;\">Los valores de <strong>Maquiavelo<\/strong> pueden ser err\u00f3neos, peligrosos, odiosos; pero son sinceros.\u00a0<\/span><span style=\"font-size: 14pt;\"><strong>No es c\u00ednico. El fin es siempre el mismo<\/strong>: <\/span><\/p>\n<blockquote>\n<p style=\"text-align: justify;\"><span style=\"color: #008000;\"><strong><span style=\"font-size: 14pt;\">un Estado concebido por analog\u00eda con la <em>Atenas <\/em>de Pericles, o <em>Esparta<\/em>, pero por encima de todo de la <em>Rep\u00fablica Romana<\/em>.<\/span><\/strong><\/span><\/p>\n<\/blockquote>\n<p>&nbsp;<\/p>\n<p style=\"text-align: justify;\"><span style=\"font-size: 14pt;\"><strong>Tal fin, que los hombres ans\u00edan naturalmente<\/strong> (<em>\u00e9l piensa que la historia y la observaci\u00f3n proporcionan pruebas concluyentes de esto<\/em>), <strong>\u00ab<em>disculpa<\/em>\u00ab cualquier medio; al juzgar los medios ve solo el fin<\/strong>: <\/span><\/p>\n<blockquote>\n<p style=\"text-align: justify;\"><strong><span style=\"font-size: 14pt;\"><span style=\"color: #008000;\">si el Estado se hunde todo est\u00e1 perdido.<\/span> <\/span><\/strong><\/p>\n<\/blockquote>\n<p>&nbsp;<\/p>\n<p style=\"text-align: justify;\"><span style=\"font-size: 14pt;\"><strong>De aqu\u00ed el famoso p\u00e1rrafo del <em>cap\u00edtulo 41 del tercer libro de Los discursos<\/em>, donde dice<\/strong>: <\/span><\/p>\n<blockquote>\n<p style=\"text-align: justify;\"><strong><span style=\"font-size: 14pt;\"><span style=\"color: #008000;\">\u00abcuando es absolutamente cuesti\u00f3n de la seguridad del pa\u00eds de uno, no debe haber consideraci\u00f3n de lo justo o lo injusto, de lo misericordioso o cruel, de lo laudable o vergonzoso; en lugar de ello, poniendo a un lado todo escr\u00fapulo, debe uno seguir hasta el final cualquier plan que salve su vida y conserve su libertad\u00bb.<\/span> <\/span><\/strong><\/p>\n<\/blockquote>\n<p>&nbsp;<\/p>\n<p><a href=\"https:\/\/puntocritico.com\/ausajpuntocritico\/2019\/03\/06\/j-j-rousseau-notas-al-discurso-sobre-el-origen-de-la-desigualdad-entre-los-hombres-1754-parte-ii\/\" target=\"_blank\" rel=\"noopener\" data-schema-attribute=\"\"><img loading=\"lazy\" decoding=\"async\" class=\"aligncenter wp-image-17137\" src=\"https:\/\/puntocritico.com\/ausajpuntocritico\/wp-content\/uploads\/2019\/03\/romulo-y-remo-Rousseau-IP-300x169.jpg\" alt=\"\" width=\"480\" height=\"270\" srcset=\"https:\/\/puntocritico.com\/ausajpuntocritico\/wp-content\/uploads\/2019\/03\/romulo-y-remo-Rousseau-IP-300x169.jpg 300w, https:\/\/puntocritico.com\/ausajpuntocritico\/wp-content\/uploads\/2019\/03\/romulo-y-remo-Rousseau-IP.jpg 678w\" sizes=\"auto, (max-width: 480px) 100vw, 480px\" \/><\/a><\/p>\n<p>&nbsp;<\/p>\n<p style=\"text-align: justify;\"><span style=\"font-size: 14pt;\">Los\u00a0franceses han razonado as\u00ed, y la \u00ab<em>majestad de su rey y el poder de su reino<\/em>\u00ab vienen de esto. <strong>R\u00f3mulo<\/strong> no pudo haber fundado <em>Roma<\/em> sin matar a <strong>Remo<\/strong>. <strong>Bruto<\/strong> no pudo haber salvado la rep\u00fablica sin matar a sus hijos. <\/span><\/p>\n<p style=\"text-align: justify;\"><span style=\"font-size: 14pt;\"><strong>Mois\u00e9s<\/strong> y <strong>Teseo<\/strong>, <strong>R\u00f3mulo<\/strong>, <strong>Ciro<\/strong> y los liberadores de <em>Atenas<\/em> tuvieron que destruir para construir. Tal conducta, lejos de ser condenada, es vista con admiraci\u00f3n por los historiadores cl\u00e1sicos y la <em>Biblia<\/em>. <strong>Maquiavelo<\/strong> es su admirador y fiel vocero.<\/span><\/p>\n<p style=\"text-align: justify;\"><span style=\"font-size: 14pt;\">\u00bfQu\u00e9 hay, entonces, en sus palabras, en su tono, que ha causado tales estremecimientos entre sus lectores? No, por cierto, en la \u00e9poca en que vivi\u00f3; <strong>el efecto se retras\u00f3 un cuarto de siglo<\/strong>, pero despu\u00e9s se convirti\u00f3 en un horror continuo y creciente. <\/span><\/p>\n<p style=\"text-align: justify;\"><span style=\"font-size: 14pt;\"><strong>Fichte<\/strong>, <strong>Hegel<\/strong>, <strong>Treitschke<\/strong>, \u00ab<em>reinterpretaron<\/em>\u00bb sus doctrinas y las asimilaron a sus propias opiniones. <\/span><\/p>\n<p style=\"text-align: justify;\"><span style=\"font-size: 14pt;\">Pero el sentido del horror no se mitig\u00f3 demasiado. Es evidente que <strong>el efecto de la conmoci\u00f3n que caus\u00f3 no fue temporal: ha durado casi hasta nuestros d\u00edas<\/strong>.<\/span><\/p>\n<p style=\"text-align: justify;\"><span style=\"font-size: 14pt;\">Dejemos a un lado el problema hist\u00f3rico de por qu\u00e9 no hubo inmediata cr\u00edtica contempor\u00e1nea para considerar la continua molestia causada a sus lectores durante los cuatro siglos que han pasado desde que <em><strong>El pr\u00edncipe<\/strong> <\/em>fue incluido en el <em><strong>Index<\/strong><\/em>.<\/span><\/p>\n<p>&nbsp;<\/p>\n<p><img loading=\"lazy\" decoding=\"async\" class=\"aligncenter wp-image-2318762\" src=\"https:\/\/puntocritico.com\/ausajpuntocritico\/wp-content\/uploads\/2026\/03\/Machiavelli_Principe_Cover_Page-213x300.jpg\" alt=\"\" width=\"300\" height=\"423\" srcset=\"https:\/\/puntocritico.com\/ausajpuntocritico\/wp-content\/uploads\/2026\/03\/Machiavelli_Principe_Cover_Page-213x300.jpg 213w, https:\/\/puntocritico.com\/ausajpuntocritico\/wp-content\/uploads\/2026\/03\/Machiavelli_Principe_Cover_Page.jpg 601w\" sizes=\"auto, (max-width: 300px) 100vw, 300px\" \/><\/p>\n<p style=\"text-align: center;\"><span style=\"font-size: 18pt;\"><strong><span style=\"color: #008000;\">*******<\/span><\/strong><\/span><\/p>\n<blockquote>\n<h2 style=\"text-align: center;\">Notas<\/h2>\n<p style=\"text-align: justify;\"><span style=\"font-size: 14pt;\"><strong>[67]<\/strong> El pr\u00edncipe, dedicatoria.<\/span><\/p>\n<p style=\"text-align: justify;\"><span style=\"font-size: 14pt;\"><strong>[68]<\/strong> Este celebrado pasaje del cap\u00edtulo 17 de El pr\u00edncipe se da aqu\u00ed en la vivida traducci\u00f3n de Prezzolini: v\u00e9ase su \u00abThe Christian roots of Machiavelli&#8217;s moral pessimism\u00bb, Review of National Literatures 1, 1970, 26-37:27.\u00a0<\/span><\/p>\n<p style=\"text-align: justify;\"><span style=\"font-size: 14pt;\"><strong>[69]<\/strong> Discourses II 2.<\/span><\/p>\n<p style=\"text-align: justify;\"><span style=\"font-size: 14pt;\"><strong>[70]<\/strong> V\u00e9anse acerca de este tan discutido asunto las pertinentes tesis de J. H. Whitfield en Machiavelli, Oxford, 1947, especialmente pp. 93-95, \u0443 J. H. Hexter, en \u00abIl principe and lo stato\u00bb, Studies in the Renaissance 4,1957, pp. 113-135, y las opiniones opuestas de Fredi Chiapelli en Studi sul linguaggio del Machiavelli, Florencia, 1952, pp. 59-73. <\/span><\/p>\n<p style=\"text-align: justify;\"><span style=\"font-size: 14pt;\">Francesco Ercole en La politica di Machiavelli, Roma, 1926 y Felix Gilbert, op. cit., (v\u00e9ase p. 89, nota 2), pp. 328-330. Para una versi\u00f3n anterior de la tesis antiercoliana de Gilbert v\u00e9ase su \u00abThe concept of nationalism in Machiavelli&#8217;s Prince\u00bb, Studies in the Renaissance II, 1954, pp. 38-48. <\/span><\/p>\n<p style=\"text-align: justify;\"><span style=\"font-size: 14pt;\">\u041d. \u0421. Dowdall va m\u00e1s all\u00e1 y parece mantener que, en efecto, al inventar la palabra \u00abEstado\u00bb Maquiavelo fund\u00f3 la moderna ciencia pol\u00edtica [\u00abThe word \u00abState\u00bb\u00bb, Law Quarterly Review 39, 1923, pp. 98-125].\u00a0<\/span><\/p>\n<p style=\"text-align: justify;\"><span style=\"font-size: 14pt;\"><strong>[71]<\/strong> Por lo cual es recomendado por De Sanctis y (como lo anota Prezzolini, op. cit., nota 2), condenado por Maurice Joly en el famoso <strong><em>Dialogue aux enfers entre Machiavel et Montesquieu<\/em><\/strong>, Bruselas, 1864, que sirvi\u00f3 como el original de los falsificados Protocols of the Learned Elders of Zion, Londres, 1920.\u00a0<\/span><\/p>\n<p style=\"text-align: justify;\"><span style=\"font-size: 14pt;\"><strong>[72]<\/strong> Discourses 1 26.<\/span><\/p>\n<p style=\"text-align: justify;\"><span style=\"font-size: 14pt;\"><strong>[73]<\/strong> Discourses II 2.<\/span><\/p>\n<p style=\"text-align: justify;\"><span style=\"font-size: 14pt;\"><strong>[74]<\/strong> Discourses II 2.<\/span><\/p>\n<p style=\"text-align: justify;\"><span style=\"font-size: 14pt;\"><strong>[75]<\/strong> Discourses I 12.<\/span><\/p>\n<p style=\"text-align: justify;\"><span style=\"font-size: 14pt;\"><strong>[76]<\/strong> Fichte&#8217;s Werke, ed. Immanuel Hermann Fichte, Berlin, 1971, vol. II, pp. 411-413.\u00a0<\/span><\/p>\n<p style=\"text-align: justify;\"><span style=\"font-size: 14pt;\"><strong>[77]<\/strong> Giuseppe Prezzolini, Machiavelli Anticristo, Roma, 1954, traducido al ingl\u00e9s como Machiavelli, Nueva York, 1967; Londres, 1968, versi\u00f3n inglesa, p. 43.\u00a0<\/span><\/p>\n<p style=\"text-align: justify;\"><span style=\"font-size: 14pt;\"><strong>[78]<\/strong> Discourses II 2 y Discourses 1 12.<\/span><\/p>\n<p style=\"text-align: justify;\"><span style=\"font-size: 14pt;\"><strong>[79]<\/strong> El Pr\u00edncipe, cap. 19.<\/span><\/p>\n<p style=\"text-align: justify;\"><span style=\"font-size: 14pt;\"><strong>[80]<\/strong> El Pr\u00edncipe, c\u0430\u0440. 18.<\/span><\/p>\n<p style=\"text-align: justify;\"><span style=\"font-size: 14pt;\"><strong>[81]<\/strong> El Pr\u00edncipe, c\u0430\u0440. 14.<\/span><\/p>\n<p style=\"text-align: justify;\"><span style=\"font-size: 14pt;\"><strong>[82]<\/strong> El Pr\u00edncipe, cap. 15.<\/span><\/p>\n<p style=\"text-align: justify;\"><span style=\"font-size: 14pt;\"><strong>[83]<\/strong> El Pr\u00edncipe, cap. 15.<\/span><\/p>\n<p style=\"text-align: justify;\"><span style=\"font-size: 14pt;\"><strong>[84]<\/strong> El Pr\u00edncipe, cap. 18.<\/span><\/p>\n<p style=\"text-align: justify;\"><span style=\"font-size: 14pt;\"><strong>[85]<\/strong> El Pr\u00edncipe, cap. 8.<\/span><\/p>\n<p style=\"text-align: justify;\"><span style=\"font-size: 14pt;\"><strong>[86]<\/strong> El Pr\u00edncipe, cap. 8.<\/span><\/p>\n<p style=\"text-align: justify;\"><span style=\"font-size: 14pt;\"><strong>[87]<\/strong> Eric W. Cochrane, \u00abMachiavelli: 1940-1960\u00bb Journal of Modem History 33,1961, p. 115.\u00a0<\/span><\/p>\n<p style=\"text-align: justify;\"><span style=\"font-size: 14pt;\"><strong>[88]<\/strong> Benedetto Croce, Elementi di pol\u00edtica, Bari, 1925.<\/span><\/p>\n<p style=\"text-align: justify;\"><span style=\"font-size: 14pt;\"><strong>[89]<\/strong> Meinecke, Prezzolini, op. cit. (v\u00e9ase p. 89, nota 2), versi\u00f3n inglesa, p. 43, Ernesto Landi, \u00abThe political philosophy of Machiavelli\u00bb, traducci\u00f3n de Maurice Cranston, History Today 14, 1964, pp. 550-555, tienen, me parece, un acercamiento m\u00e1s inmediato a esta posici\u00f3n.\u00a0<\/span><\/p>\n<p style=\"text-align: justify;\"><span style=\"font-size: 14pt;\"><strong>[90]<\/strong> Benedetto Croce, \u00abPer un detto del Machiavelli\u00bb, La Cr\u00edtica 28,1930, pp. 310-312.\u00a0<\/span><\/p>\n<p style=\"text-align: justify;\"><span style=\"font-size: 14pt;\"><strong>[91]<\/strong> Hans Baron, \u00abMachiavelli: The republican citizen and the author of \u00abThe Prince\u00bb\u00bb, English Historical Review 76,1961, pp. 217-253, passim.\u00a0<\/span><\/p>\n<p style=\"text-align: justify;\"><span style=\"font-size: 14pt;\"><strong>[92]<\/strong> Ser Lapo Mazzei, Lettere di un notaro a un mercante del secolo XIV, Cesare Guasti (ed.), 2 vols., Florencia, 1880.\u00a0<\/span><\/p>\n<p style=\"text-align: justify;\"><span style=\"font-size: 14pt;\"><strong>[93]<\/strong> Giovanni di Pagolo Morelli, Ricordi, Vittore Branca (ed.), Florencia, 1956.\u00a0<\/span><\/p>\n<p style=\"text-align: justify;\"><span style=\"font-size: 14pt;\"><strong>[94]<\/strong> Discourses 1 26.<\/span><\/p>\n<p style=\"text-align: justify;\"><span style=\"font-size: 14pt;\"><strong>[95]<\/strong> Discourses 1 26.<\/span><\/p>\n<p style=\"text-align: justify;\"><span style=\"font-size: 14pt;\"><strong>[96]<\/strong> Discourses 1 27.<\/span><\/p>\n<p style=\"text-align: justify;\"><span style=\"font-size: 14pt;\"><strong>[97]<\/strong> A\u00fan no est\u00e1 claro cu\u00e1nto de esto se lo deb\u00eda Federico a su mentor Voltaire.\u00a0<\/span><\/p>\n<p style=\"text-align: justify;\"><span style=\"font-size: 14pt;\"><strong>[98]<\/strong> \u00ab&#8230; una repubblica e un popolo si governa altrimenti che un privato\u00bb, Legazion all&#8217;imperatore, citado por L. Burd, The Prince, Oxford, 1891, p. 298, nota 17.\u00a0<\/span><\/p>\n<p style=\"text-align: justify;\"><span style=\"font-size: 14pt;\"><strong>[99]<\/strong> Discourses II 2. Esto es un eco de lo que escribe Francesco Patrizzi, \u00abaliae sunt regis virtutes, aliae privatorum\u00bb, De regno et regis institutione, citado por Felix Gilbert en \u00abThe humanist concept of the prince and The Prince of Machiavelli\u00bb, Journal of Modern History II, 1939, pp. 449-483; 464, nota 34.\u00a0<\/span><\/p>\n<p style=\"text-align: justify;\"><span style=\"font-size: 14pt;\"><strong>[100]<\/strong> Hugh Trevor-Roper me se\u00f1al\u00f3 la iron\u00eda del hecho de que todos los h\u00e9roes de este realista supremo son, totalmente o en parte, m\u00edticos.<\/span><\/p>\n<\/blockquote>\n<p>&nbsp;<\/p>\n<p><img loading=\"lazy\" decoding=\"async\" class=\"aligncenter wp-image-2213729\" src=\"https:\/\/puntocritico.com\/ausajpuntocritico\/wp-content\/uploads\/2021\/06\/el-principe-de-nicolas-maquiavelo-300x158.jpg\" alt=\"\" width=\"555\" height=\"291\" srcset=\"https:\/\/puntocritico.com\/ausajpuntocritico\/wp-content\/uploads\/2021\/06\/el-principe-de-nicolas-maquiavelo-300x158.jpg 300w, https:\/\/puntocritico.com\/ausajpuntocritico\/wp-content\/uploads\/2021\/06\/el-principe-de-nicolas-maquiavelo-1024x538.jpg 1024w, https:\/\/puntocritico.com\/ausajpuntocritico\/wp-content\/uploads\/2021\/06\/el-principe-de-nicolas-maquiavelo-768x403.jpg 768w, https:\/\/puntocritico.com\/ausajpuntocritico\/wp-content\/uploads\/2021\/06\/el-principe-de-nicolas-maquiavelo-610x320.jpg 610w, https:\/\/puntocritico.com\/ausajpuntocritico\/wp-content\/uploads\/2021\/06\/el-principe-de-nicolas-maquiavelo.jpg 1200w\" sizes=\"auto, (max-width: 555px) 100vw, 555px\" \/><\/p>\n<p style=\"text-align: center;\"><span style=\"font-size: 18pt;\"><strong><span style=\"color: #008000;\">*******<\/span><\/strong><\/span><\/p>\n<h2 style=\"text-align: justify;\"><span style=\"font-size: 14pt;\"><strong>RELACIONADOS:<\/strong><\/span><\/h2>\n<blockquote class=\"wp-embedded-content\" data-secret=\"U09KWzygxv\"><p><a href=\"https:\/\/puntocritico.com\/ausajpuntocritico\/2026\/04\/05\/maquiavelo-isaiah-berlin-y-4\/\">Nicol\u00e1s Maquiavelo: LA ORIGINALIDAD DE MAQUIAVELO, por Isaiah Berlin (y 4)<\/a><\/p><\/blockquote>\n<p><iframe loading=\"lazy\" class=\"wp-embedded-content\" sandbox=\"allow-scripts\" security=\"restricted\" style=\"position: absolute; visibility: hidden;\" title=\"\u00abNicol\u00e1s Maquiavelo: LA ORIGINALIDAD DE MAQUIAVELO, por Isaiah Berlin (y 4)\u00bb \u2014 Punto Cr\u00edtico Derechos Humanos\" src=\"https:\/\/puntocritico.com\/ausajpuntocritico\/2026\/04\/05\/maquiavelo-isaiah-berlin-y-4\/embed\/#?secret=a2hivoPoj5#?secret=U09KWzygxv\" data-secret=\"U09KWzygxv\" width=\"500\" height=\"282\" frameborder=\"0\" marginwidth=\"0\" marginheight=\"0\" scrolling=\"no\"><\/iframe><\/p>\n<blockquote class=\"wp-embedded-content\" data-secret=\"TX4qcNNjZ5\"><p><a href=\"https:\/\/puntocritico.com\/ausajpuntocritico\/2026\/03\/29\/nicolas-maquiavelo-y-la-razon-de-estado-la-originalidad-de-maquiavelo-por-isaiah-berlin-3\/\">NICOL\u00c1S MAQUIAVELO Y LA RAZ\u00d3N DE ESTADO: \u00abLa originalidad de Maquiavelo\u00bb, por Isaiah Berlin (3)<\/a><\/p><\/blockquote>\n<p><iframe loading=\"lazy\" class=\"wp-embedded-content\" sandbox=\"allow-scripts\" security=\"restricted\" style=\"position: absolute; visibility: hidden;\" title=\"\u00abNICOL\u00c1S MAQUIAVELO Y LA RAZ\u00d3N DE ESTADO: \u00abLa originalidad de Maquiavelo\u00bb, por Isaiah Berlin (3)\u00bb \u2014 Punto Cr\u00edtico Derechos Humanos\" src=\"https:\/\/puntocritico.com\/ausajpuntocritico\/2026\/03\/29\/nicolas-maquiavelo-y-la-razon-de-estado-la-originalidad-de-maquiavelo-por-isaiah-berlin-3\/embed\/#?secret=O14kyXbBpe#?secret=TX4qcNNjZ5\" data-secret=\"TX4qcNNjZ5\" width=\"500\" height=\"282\" frameborder=\"0\" marginwidth=\"0\" marginheight=\"0\" scrolling=\"no\"><\/iframe><\/p>\n<blockquote class=\"wp-embedded-content\" data-secret=\"UUuBv6RGIV\"><p><a href=\"https:\/\/puntocritico.com\/ausajpuntocritico\/2026\/03\/22\/la-originalidad-de-maquiavelo-berlin-2\/\">LA ORIGINALIDAD DE MAQUIAVELO, por Isaiah Berlin (2). Introducci\u00f3n a Nicol\u00e1s Maquiavelo y la raz\u00f3n de estado<\/a><\/p><\/blockquote>\n<p><iframe loading=\"lazy\" class=\"wp-embedded-content\" sandbox=\"allow-scripts\" security=\"restricted\" style=\"position: absolute; visibility: hidden;\" title=\"\u00abLA ORIGINALIDAD DE MAQUIAVELO, por Isaiah Berlin (2). Introducci\u00f3n a Nicol\u00e1s Maquiavelo y la raz\u00f3n de estado\u00bb \u2014 Punto Cr\u00edtico Derechos Humanos\" src=\"https:\/\/puntocritico.com\/ausajpuntocritico\/2026\/03\/22\/la-originalidad-de-maquiavelo-berlin-2\/embed\/#?secret=Rs2iqdpIdk#?secret=UUuBv6RGIV\" data-secret=\"UUuBv6RGIV\" width=\"500\" height=\"282\" frameborder=\"0\" marginwidth=\"0\" marginheight=\"0\" scrolling=\"no\"><\/iframe><\/p>\n<blockquote class=\"wp-embedded-content\" data-secret=\"ILy2xoTPCV\"><p><a href=\"https:\/\/puntocritico.com\/ausajpuntocritico\/2026\/03\/15\/nicolas-maquiavelo-por-i-berlin-1\/\">EL PR\u00cdNCIPE, de Nicol\u00e1s Maquiavelo: \u00abLA ORIGINALIDAD DE MAQUIAVELO\u00bb, por Isaiah Berlin (1)<\/a><\/p><\/blockquote>\n<p><iframe loading=\"lazy\" class=\"wp-embedded-content\" sandbox=\"allow-scripts\" security=\"restricted\" style=\"position: absolute; visibility: hidden;\" title=\"\u00abEL PR\u00cdNCIPE, de Nicol\u00e1s Maquiavelo: \u00abLA ORIGINALIDAD DE MAQUIAVELO\u00bb, por Isaiah Berlin (1)\u00bb \u2014 Punto Cr\u00edtico Derechos Humanos\" src=\"https:\/\/puntocritico.com\/ausajpuntocritico\/2026\/03\/15\/nicolas-maquiavelo-por-i-berlin-1\/embed\/#?secret=0ILRqCtJN9#?secret=ILy2xoTPCV\" data-secret=\"ILy2xoTPCV\" width=\"500\" height=\"282\" frameborder=\"0\" marginwidth=\"0\" marginheight=\"0\" scrolling=\"no\"><\/iframe><\/p>\n<blockquote class=\"wp-embedded-content\" data-secret=\"FqmaMSAOUa\"><p><a href=\"https:\/\/puntocritico.com\/ausajpuntocritico\/2026\/03\/09\/si-vis-pacem-para-bellum\/\">\u00abSi vis pacem, para bellum\u00bb. El Pr\u00edncipe, la Fortuna y la guerra, por Manuel Tizziani (Parte 1\/2)<\/a><\/p><\/blockquote>\n<p><iframe loading=\"lazy\" class=\"wp-embedded-content\" sandbox=\"allow-scripts\" security=\"restricted\" style=\"position: absolute; visibility: hidden;\" title=\"\u00ab\u00abSi vis pacem, para bellum\u00bb. El Pr\u00edncipe, la Fortuna y la guerra, por Manuel Tizziani (Parte 1\/2)\u00bb \u2014 Punto Cr\u00edtico Derechos Humanos\" src=\"https:\/\/puntocritico.com\/ausajpuntocritico\/2026\/03\/09\/si-vis-pacem-para-bellum\/embed\/#?secret=8en0Cqk3VE#?secret=FqmaMSAOUa\" data-secret=\"FqmaMSAOUa\" width=\"500\" height=\"282\" frameborder=\"0\" marginwidth=\"0\" marginheight=\"0\" scrolling=\"no\"><\/iframe><\/p>\n<blockquote class=\"wp-embedded-content\" data-secret=\"a2ivCfM8cG\"><p><a href=\"https:\/\/puntocritico.com\/ausajpuntocritico\/2026\/03\/10\/si-vis-pacem-para-bellum-y-2\/\">\u00abSi vis pacem, para bellum\u00bb. El Pr\u00edncipe, la Fortuna y la guerra, por Manuel Tizziani (y Parte 2\/2)<\/a><\/p><\/blockquote>\n<p><iframe loading=\"lazy\" class=\"wp-embedded-content\" sandbox=\"allow-scripts\" security=\"restricted\" style=\"position: absolute; visibility: hidden;\" title=\"\u00ab\u00abSi vis pacem, para bellum\u00bb. El Pr\u00edncipe, la Fortuna y la guerra, por Manuel Tizziani (y Parte 2\/2)\u00bb \u2014 Punto Cr\u00edtico Derechos Humanos\" src=\"https:\/\/puntocritico.com\/ausajpuntocritico\/2026\/03\/10\/si-vis-pacem-para-bellum-y-2\/embed\/#?secret=yKEKMg9YJE#?secret=a2ivCfM8cG\" data-secret=\"a2ivCfM8cG\" width=\"500\" height=\"282\" frameborder=\"0\" marginwidth=\"0\" marginheight=\"0\" scrolling=\"no\"><\/iframe><\/p>\n<p>&nbsp;<\/p>\n<p>&nbsp;<\/p>\n<p>&nbsp;<\/p>\n<p style=\"text-align: justify;\"><a href=\"https:\/\/puntocritico.com\/author\/punto-critico\/\"><img loading=\"lazy\" decoding=\"async\" class=\"aligncenter wp-image-9528\" src=\"https:\/\/puntocritico.com\/ausajpuntocritico\/wp-content\/uploads\/2018\/03\/Mosca_Punto_Cr\u00edtico_40.png\" alt=\"\" width=\"80\" height=\"80\" \/><\/a><\/p>\n<p>&nbsp;<\/p>\n<p>&nbsp;<\/p>\n","protected":false},"excerpt":{"rendered":"<div class=\"mh-excerpt\"><p>LA ORIGINALIDAD DE MAQUIAVELO EL PR\u00cdNCIPE de Nicol\u00e1s Maquiavelo, por Isaiah Berlin (1) LA ORIGINALIDAD DE MAQUIAVELO, por Isaiah Berlin (2) NICOL\u00c1S MAQUIAVELO Y LA RAZ\u00d3N DE ESTADO (Introducci\u00f3n), por Isaiah Berlin (3) Nicol\u00e1s Maquiavelo <a class=\"mh-excerpt-more\" href=\"https:\/\/puntocritico.com\/ausajpuntocritico\/2026\/03\/22\/la-originalidad-de-maquiavelo-berlin-2\/\" title=\"LA ORIGINALIDAD DE MAQUIAVELO, por Isaiah Berlin (2). Introducci\u00f3n a Nicol\u00e1s Maquiavelo y la raz\u00f3n de estado\">[&#8230;]<\/a><\/p>\n<\/div>","protected":false},"author":3,"featured_media":2318725,"comment_status":"closed","ping_status":"closed","sticky":false,"template":"","format":"standard","meta":{"_acf_changed":false,"_exactmetrics_skip_tracking":false,"_exactmetrics_sitenote_active":false,"_exactmetrics_sitenote_note":"","_exactmetrics_sitenote_category":0,"footnotes":""},"categories":[8,7],"tags":[208,131],"class_list":{"0":"post-2318437","1":"post","2":"type-post","3":"status-publish","4":"format-standard","5":"has-post-thumbnail","7":"category-filosofia","8":"category-politica","9":"tag-isaiah-berlin","10":"tag-maquiavelo"},"acf":[],"_links":{"self":[{"href":"https:\/\/puntocritico.com\/ausajpuntocritico\/wp-json\/wp\/v2\/posts\/2318437","targetHints":{"allow":["GET"]}}],"collection":[{"href":"https:\/\/puntocritico.com\/ausajpuntocritico\/wp-json\/wp\/v2\/posts"}],"about":[{"href":"https:\/\/puntocritico.com\/ausajpuntocritico\/wp-json\/wp\/v2\/types\/post"}],"author":[{"embeddable":true,"href":"https:\/\/puntocritico.com\/ausajpuntocritico\/wp-json\/wp\/v2\/users\/3"}],"replies":[{"embeddable":true,"href":"https:\/\/puntocritico.com\/ausajpuntocritico\/wp-json\/wp\/v2\/comments?post=2318437"}],"version-history":[{"count":0,"href":"https:\/\/puntocritico.com\/ausajpuntocritico\/wp-json\/wp\/v2\/posts\/2318437\/revisions"}],"wp:featuredmedia":[{"embeddable":true,"href":"https:\/\/puntocritico.com\/ausajpuntocritico\/wp-json\/wp\/v2\/media\/2318725"}],"wp:attachment":[{"href":"https:\/\/puntocritico.com\/ausajpuntocritico\/wp-json\/wp\/v2\/media?parent=2318437"}],"wp:term":[{"taxonomy":"category","embeddable":true,"href":"https:\/\/puntocritico.com\/ausajpuntocritico\/wp-json\/wp\/v2\/categories?post=2318437"},{"taxonomy":"post_tag","embeddable":true,"href":"https:\/\/puntocritico.com\/ausajpuntocritico\/wp-json\/wp\/v2\/tags?post=2318437"}],"curies":[{"name":"wp","href":"https:\/\/api.w.org\/{rel}","templated":true}]}}