{"id":2318393,"date":"2026-03-17T00:05:46","date_gmt":"2026-03-16T23:05:46","guid":{"rendered":"https:\/\/puntocritico.com\/ausajpuntocritico\/?p=2318393"},"modified":"2026-03-18T19:59:42","modified_gmt":"2026-03-18T18:59:42","slug":"la-esencia-del-sionismo-un-analisis-metafisico-e-historico-por-alexander-dugin","status":"publish","type":"post","link":"https:\/\/puntocritico.com\/ausajpuntocritico\/2026\/03\/17\/la-esencia-del-sionismo-un-analisis-metafisico-e-historico-por-alexander-dugin\/","title":{"rendered":"LA ESENCIA DEL SIONISMO: un an\u00e1lisis Metaf\u00edsico e Hist\u00f3rico, por Alexander Dugin. El Sionismo del actual Estado Israel\u00ed es la refutaci\u00f3n de la Religi\u00f3n Jud\u00eda."},"content":{"rendered":"<p class=\"page-title\" style=\"text-align: justify;\"><span dir=\"auto\" style=\"font-size: 14pt; color: #008000;\">La esencia del sionismo: un an\u00e1lisis metaf\u00edsico e hist\u00f3rico<\/span><\/p>\n\n<p>&nbsp;<\/p>\n<p style=\"text-align: right;\"><em><span class=\"T286Pc\" style=\"font-size: 14pt;\" data-sfc-cp=\"\" data-sfc-cb=\"\" data-complete=\"true\">\u00abO\u00edsteis que fue dicho: Ojo por ojo, y diente por diente. <\/span><\/em><\/p>\n<p style=\"text-align: right;\"><em><span class=\"T286Pc\" style=\"font-size: 14pt;\" data-sfc-cp=\"\" data-sfc-cb=\"\" data-complete=\"true\">Pero yo os digo: No resist\u00e1is al que es malo; antes, a cualquiera que te hiera en la mejilla derecha, vu\u00e9lvele tambi\u00e9n la otra\u00bb. <\/span><\/em><\/p>\n<p style=\"text-align: right;\"><span class=\"T286Pc\" style=\"font-size: 14pt;\" data-sfc-cp=\"\" data-sfc-cb=\"\" data-complete=\"true\">Mateo 5:38-39<\/span><\/p>\n<p style=\"text-align: right;\"><em><span class=\"T286Pc\" style=\"font-size: 14pt;\" data-sfc-cp=\"\" data-sfc-cb=\"\" data-complete=\"true\" aria-owns=\"action-menu-parent-container\">\u00abAl que te hiera en una mejilla, pres\u00e9ntale tambi\u00e9n la otra; y al que te quite la capa, ni aun la t\u00fanica le niegues\u00bb. <\/span><\/em><\/p>\n<p style=\"text-align: right;\"><span class=\"T286Pc\" style=\"font-size: 14pt;\" data-sfc-cp=\"\" data-sfc-cb=\"\" data-complete=\"true\" aria-owns=\"action-menu-parent-container\">Lucas 6:29<\/span><\/p>\n<p><a href=\"https:\/\/puntocritico.com\/ausajpuntocritico\/2024\/06\/19\/jose-maria-de-labra\/\" target=\"_blank\" rel=\"noopener\" data-schema-attribute=\"\"><img loading=\"lazy\" decoding=\"async\" class=\"aligncenter wp-image-2299218\" src=\"https:\/\/puntocritico.com\/ausajpuntocritico\/wp-content\/uploads\/2024\/06\/Labra-EH-PPAL-3-300x199.png\" alt=\"\" width=\"440\" height=\"292\" srcset=\"https:\/\/puntocritico.com\/ausajpuntocritico\/wp-content\/uploads\/2024\/06\/Labra-EH-PPAL-3-300x199.png 300w, https:\/\/puntocritico.com\/ausajpuntocritico\/wp-content\/uploads\/2024\/06\/Labra-EH-PPAL-3-678x452.png 678w, https:\/\/puntocritico.com\/ausajpuntocritico\/wp-content\/uploads\/2024\/06\/Labra-EH-PPAL-3.png 680w\" sizes=\"auto, (max-width: 440px) 100vw, 440px\" \/><\/a><\/p>\n<blockquote>\n<p style=\"text-align: center;\"><span style=\"color: #008000; font-size: 14pt;\"><strong class=\"Yjhzub\" data-sfc-cb=\"\" aria-owns=\"action-menu-parent-container\">Nab\u012b \u2018\u012as\u0101 ibn Maryam, Al-Mas\u012b\u1e25, <strong class=\"Yjhzub\" data-sfc-cb=\"\">Alayhi as-Sal\u0101m<\/strong><\/strong><\/span><\/p>\n<p style=\"text-align: center;\"><span style=\"color: #008000; font-size: 14pt;\"><strong class=\"Yjhzub\" data-sfc-cb=\"\" aria-owns=\"action-menu-parent-container\">(Profeta Jes\u00fas, Hijo de Mar\u00eda, El Mes\u00edas, la paz sea con \u00e9l)\u00a0<\/strong><\/span><\/p>\n<\/blockquote>\n<p style=\"text-align: center;\"><strong><span style=\"color: #008000; font-size: 18pt;\">*******<\/span><\/strong><\/p>\n<blockquote>\n<h2 class=\"post-title published title-X77sOw\" dir=\"auto\" style=\"text-align: center;\"><span dir=\"auto\" style=\"font-size: 24pt;\">El arsenal sovi\u00e9tico contra Occidente<\/span><\/h2>\n<p class=\"subtitle subtitle-HEEcLo\" dir=\"auto\" style=\"text-align: center;\"><span style=\"font-size: 14pt;\"><em><strong><span dir=\"auto\">El capitalismo, Occidente y la contradicci\u00f3n civilizatoria de Rusia<\/span><\/strong><\/em><\/span><\/p>\n<p style=\"text-align: justify;\"><span style=\"font-size: 14pt;\">Por <a href=\"https:\/\/www.multipolarpress.com\/p\/the-soviet-arsenal-against-the-west\" target=\"_blank\" rel=\"noopener\">Alexander Dugin<\/a>, 11 MARZO 2026<\/span><\/p>\n<p><img loading=\"lazy\" decoding=\"async\" class=\"aligncenter wp-image-2318541\" src=\"https:\/\/puntocritico.com\/ausajpuntocritico\/wp-content\/uploads\/2026\/03\/Sovietic-300x194.webp\" alt=\"\" width=\"480\" height=\"310\" srcset=\"https:\/\/puntocritico.com\/ausajpuntocritico\/wp-content\/uploads\/2026\/03\/Sovietic-300x194.webp 300w, https:\/\/puntocritico.com\/ausajpuntocritico\/wp-content\/uploads\/2026\/03\/Sovietic.webp 750w\" sizes=\"auto, (max-width: 480px) 100vw, 480px\" \/><\/p>\n<p>&nbsp;<\/p>\n<p style=\"text-align: center;\"><span style=\"font-size: 14pt;\"><em><span dir=\"auto\">Alexander Dugin sobre la contradicci\u00f3n fatal entre el capitalismo y la guerra de Rusia contra Occidente.<\/span><\/em><\/span><\/p>\n<p style=\"text-align: justify;\"><span dir=\"auto\" style=\"font-size: 14pt;\">Existe una paradoja. En realidad, nos opusimos a Occidente y le dimos a esa oposici\u00f3n un car\u00e1cter te\u00f3rico solo durante el <em>per\u00edodo sovi\u00e9tico<\/em>. Fue precisamente entonces cuando la tensi\u00f3n civilizatoria entre Oriente y Occidente alcanz\u00f3 su culminaci\u00f3n hist\u00f3rica. Sin embargo, durante ese mismo per\u00edodo, la ideolog\u00eda dominante en Rusia era occidental: el marxismo (<em>aunque anticapitalista<\/em>). <\/span><\/p>\n<p style=\"text-align: justify;\"><span dir=\"auto\" style=\"font-size: 14pt;\">La doctrina del progreso, la <em>Ilustraci\u00f3n<\/em>, el <em>ate\u00edsmo<\/em> y el <em>materialismo<\/em> eran elementos que compart\u00edamos con Occidente. Fue sobre esta base que ca\u00edmos en la trampa de la <em><strong>perestroika<\/strong><\/em>, creyendo en la teor\u00eda de la convergencia.<\/span><\/p>\n<p style=\"text-align: justify;\"><span dir=\"auto\" style=\"font-size: 14pt;\">Sin embargo, fue en la URSS donde la cr\u00edtica de Occidente adquiri\u00f3 un car\u00e1cter sistem\u00e1tico.<\/span><\/p>\n<p style=\"text-align: justify;\"><span dir=\"auto\" style=\"font-size: 14pt;\">Hay una especie de enigma hist\u00f3rico en esto. Se bloque\u00f3 una apelaci\u00f3n directa a los fundamentos de nuestra civilizaci\u00f3n: la <em>ortodoxia<\/em>, el <em>Imperio<\/em>, la<em> Tercera Roma<\/em>, el pueblo ruso como portador de Dios. Y, sin embargo, fue precisamente bajo el socialismo que Occidente y su sistema capitalista (<em>que es el mal supremo: capitalismo = Epstein<\/em>) fueron rechazados de la manera m\u00e1s radical.<\/span><\/p>\n<p style=\"text-align: justify;\"><span dir=\"auto\" style=\"font-size: 14pt;\">En el <em>Zarato Moscovita<\/em>, tambi\u00e9n nos mantuvimos alejados de Occidente, pero no comprend\u00edamos con claridad penetrante lo monstruoso que era. Lo consider\u00e1bamos m\u00e1s una tierra de herejes que el <em>Anticristo<\/em>. Sin embargo, ya era el <em>Anticristo<\/em> incluso entonces.<\/span><\/p>\n<p style=\"text-align: justify;\"><span dir=\"auto\" style=\"font-size: 14pt;\">En el <em>Imperio ruso<\/em>, generalmente nos consider\u00e1bamos parte de Europa: algunos nos ve\u00edan como su parte atrasada, otros como su parte conservadora (<em>reaccionaria<\/em>). Solo los <em>eslav\u00f3filos<\/em> comenzaron a sospechar la verdadera naturaleza de esta civilizaci\u00f3n <em>sat\u00e1nica<\/em>, e incluso ellos lo hicieron con cautela.<\/span><\/p>\n<p style=\"text-align: justify;\"><span dir=\"auto\" style=\"font-size: 14pt;\"><strong>Solo los <em>bolcheviques ultraoccidentalistas<\/em> llegaron, en la pr\u00e1ctica, al punto de lanzar una guerra civilizatoria total contra Occidente<\/strong>. Aunque lo explicaron a su manera, en t\u00e9rminos <em>marxistas<\/em>, hoy es totalmente evidente su acierto en el fondo. Geopol\u00edticamente. E incluso escatol\u00f3gicamente.<\/span><\/p>\n<p style=\"text-align: justify;\"><span dir=\"auto\" style=\"font-size: 14pt;\">Occidente \u2014especialmente el Occidente de la Era Moderna, de la Modernidad\u2014 es un proyecto del <em>Anticristo<\/em>. No sorprende que su culminaci\u00f3n sean las \u00e9lites de <strong>Epstein<\/strong> y los maniacos de la gran destrucci\u00f3n, como <a href=\"https:\/\/www.geopolitika.ru\/en\/article\/trump-destroyer\" target=\"_blank\" rel=\"noopener\" data-schema-attribute=\"\"><strong>Trump<\/strong> (<em>el Gran Destructor<\/em>)<\/a>. <\/span><\/p>\n<p style=\"text-align: justify;\"><span dir=\"auto\" style=\"font-size: 14pt;\"><strong>Esta es simplemente la \u00faltima estaci\u00f3n de una ruta cuyo boleto se compr\u00f3 hace mucho tiempo<\/strong>. <strong><em>Canibalizar personas, violar ni\u00f1os y adorar al diablo<\/em><\/strong>: <\/span><\/p>\n<p style=\"text-align: justify; padding-left: 40px;\"><strong><span dir=\"auto\" style=\"font-size: 14pt;\"><span style=\"color: #008000;\">este es el inevitable final de una sociedad que rechaza a <em>Cristo<\/em>, la <em>Iglesia<\/em>, el <em>Imperio<\/em>, lo <em>sagrado<\/em> y el trabajo espiritual honesto.<\/span><\/span><\/strong><\/p>\n<p style=\"text-align: justify;\"><span dir=\"auto\" style=\"font-size: 14pt;\"><strong>El capitalismo no puede ser otra cosa<\/strong>.<\/span><\/p>\n<p style=\"text-align: justify;\"><span dir=\"auto\" style=\"font-size: 14pt;\"><strong>Hoy, solo somos capaces de resistir a Occidente bas\u00e1ndonos en los recursos creados en la URSS como instrumentos necesarios para la guerra con Occidente<\/strong>, una guerra para la que nos preparamos durante d\u00e9cadas. <\/span><\/p>\n<p style=\"text-align: justify;\"><span dir=\"auto\" style=\"font-size: 14pt;\">Lo que hicimos despu\u00e9s (<em>incluso despu\u00e9s de que Putin corrigiera el rumbo que, antes de \u00e9l, se dirig\u00eda directamente al abismo<\/em>) se puede ver claramente en el destino de dos ex y recientes viceministros de defensa. <\/span><\/p>\n<p style=\"text-align: justify;\"><span dir=\"auto\" style=\"font-size: 14pt;\"><strong>Nada personal: es simplemente capitalismo<\/strong>. <\/span><\/p>\n<p style=\"text-align: justify;\"><span dir=\"auto\" style=\"font-size: 14pt;\">Si aceptamos incluso una dosis, estamos acabados. <strong>China maneja este veneno solo preservando el poder radical del Partido Comunista<\/strong>. Incluso en ese caso, no est\u00e1 claro cu\u00e1nto durar\u00e1 esto.<\/span><\/p>\n<p style=\"text-align: justify;\"><span dir=\"auto\" style=\"font-size: 14pt;\">Si comparamos nuestra orientaci\u00f3n capitalista general (<em>que implica el occidentalismo en una u otra forma<\/em>) con la exigencia de oponernos militarmente a toda la <strong><em>civilizaci\u00f3n sat\u00e1nica<\/em><\/strong> (<em>tanto en su versi\u00f3n globalista como en su versi\u00f3n neoconservadora y trumpista<\/em>), llegamos a una profunda contradicci\u00f3n. <\/span><\/p>\n<p style=\"text-align: justify;\"><span dir=\"auto\" style=\"font-size: 14pt;\"><strong>No se puede librar una guerra contra un enemigo y al mismo tiempo venderle los recursos para que la lleve a cabo contra uno mismo<\/strong>. Nos est\u00e1n librando una guerra, mientras nosotros fingimos que apenas nos damos cuenta.<\/span><\/p>\n<p style=\"text-align: justify;\"><span dir=\"auto\" style=\"font-size: 14pt;\">Las posibilidades del \u00ab<em>plan astuto<\/em>\u00bb, en todas sus variantes, ya se han agotado por completo. Algo debe cambiar, y r\u00e1pido.<\/span><\/p>\n<p>&nbsp;<\/p>\n<p style=\"text-align: center;\"><span style=\"color: #008000;\"><strong><span dir=\"auto\" style=\"font-size: 14pt;\">Las posibilidades del \u00ab<em>plan astuto<\/em>\u00bb, en todas sus variantes, ya se han agotado por completo. Algo debe cambiar, y r\u00e1pido.<\/span><\/strong><\/span><\/p>\n<\/blockquote>\n<p>&nbsp;<\/p>\n<p><img loading=\"lazy\" decoding=\"async\" class=\"aligncenter wp-image-2311898\" src=\"https:\/\/puntocritico.com\/ausajpuntocritico\/wp-content\/uploads\/2025\/09\/dugin-map-antique-300x128.webp\" alt=\"\" width=\"660\" height=\"282\" srcset=\"https:\/\/puntocritico.com\/ausajpuntocritico\/wp-content\/uploads\/2025\/09\/dugin-map-antique-300x128.webp 300w, https:\/\/puntocritico.com\/ausajpuntocritico\/wp-content\/uploads\/2025\/09\/dugin-map-antique-768x329.webp 768w, https:\/\/puntocritico.com\/ausajpuntocritico\/wp-content\/uploads\/2025\/09\/dugin-map-antique.webp 1024w\" sizes=\"auto, (max-width: 660px) 100vw, 660px\" \/><\/p>\n<p style=\"text-align: center;\"><strong><span style=\"color: #008000; font-size: 18pt;\">*******<\/span><\/strong><\/p>\n<p style=\"text-align: justify;\"><em><span style=\"color: #008000; font-size: 14pt;\">\u00abEl primer ataque de Israel result\u00f3 ser muy doloroso. La c\u00fapula religiosa fue destruida; es pr\u00e1cticamente equivalente a destruir al Papa o al Patriarca Ortodoxo\u00bb <\/span><\/em><span style=\"color: #008000; font-size: 14pt;\">(A. Dugin)<\/span><\/p>\n<h2 class=\"page-title\" style=\"text-align: center;\"><span dir=\"auto\" style=\"font-size: 24pt;\">La esencia del sionismo: un an\u00e1lisis metaf\u00edsico e hist\u00f3rico<\/span><\/h2>\n<div class=\"region region-content\">\n<div id=\"block-system-main\" class=\"block block-system\">\n<div class=\"content\">\n<div class=\"content node-article\" style=\"text-align: justify;\"><span style=\"font-size: 14pt;\">Por <a href=\"https:\/\/www.multipolarpress.com\/p\/the-essence-of-zionism\" data-schema-attribute=\"\" target=\"_blank\" rel=\"noopener\">Alexander Dugin<\/a>, 9 MARZO 2026<\/span><\/div>\n<div>\u00a0<\/div>\n<\/div>\n<\/div>\n<\/div>\n<div class=\"field field-name-field-date-view field-type-datetime field-label-hidden\">\n<div class=\"field-items\">\u00a0<\/div>\n<\/div>\n<div><img loading=\"lazy\" decoding=\"async\" class=\"aligncenter wp-image-2318395 size-mh-magazine-content\" src=\"https:\/\/puntocritico.com\/ausajpuntocritico\/wp-content\/uploads\/2026\/03\/Baal-becerrooro-678x381.jpg\" alt=\"La esencia del sionismo \" width=\"678\" height=\"381\" srcset=\"https:\/\/puntocritico.com\/ausajpuntocritico\/wp-content\/uploads\/2026\/03\/Baal-becerrooro-678x381.jpg 678w, https:\/\/puntocritico.com\/ausajpuntocritico\/wp-content\/uploads\/2026\/03\/Baal-becerrooro-300x169.jpg 300w, https:\/\/puntocritico.com\/ausajpuntocritico\/wp-content\/uploads\/2026\/03\/Baal-becerrooro.jpg 746w\" sizes=\"auto, (max-width: 678px) 100vw, 678px\" \/><\/div>\n<div>\u00a0<\/div>\n<div>\u00a0<\/div>\n<div class=\"field field-name-field-subtitle field-type-text-long field-label-hidden\">\n<div class=\"field-items\">\n<div class=\"field-item even\" style=\"text-align: center;\"><em><span dir=\"auto\" style=\"font-size: 14pt;\"><strong>Alexander Dugin<\/strong> sostiene que el <strong>sionismo <\/strong>es la rebeli\u00f3n her\u00e9tica del juda\u00edsmo donde los jud\u00edos se declaran Dios, se apoderan de la Tierra Santa por la fuerza y \u200b\u200bsumergen la tradici\u00f3n en una agitaci\u00f3n apocal\u00edptica.<\/span><\/em><\/div>\n<\/div>\n<\/div>\n<div class=\"field field-name-body field-type-text-with-summary field-label-hidden\">\n<div class=\"field-items\">\n<div class=\"field-item even\">\n<p>&nbsp;<\/p>\n<p class=\"rtejustify\" style=\"text-align: justify;\"><span dir=\"auto\" style=\"font-size: 14pt;\">En el mundo moderno, <strong>Oriente Medio<\/strong> sigue siendo el epicentro de conflictos geopol\u00edticos, donde se entrecruzan los intereses de diversas fuerzas, como el islam, el juda\u00edsmo y las potencias mundiales. Se presta especial atenci\u00f3n al <strong>sionismo como ideolog\u00eda estatal de Israel<\/strong>, que, en opini\u00f3n de muchos analistas, conlleva una <em>dimensi\u00f3n escatol\u00f3gica vinculada al fin de los tiempos<\/em>.<\/span><\/p>\n<p class=\"rtejustify\" style=\"text-align: justify;\"><span dir=\"auto\" style=\"font-size: 14pt;\">Como cualquier religi\u00f3n, el <strong>juda\u00edsmo<\/strong> es un fen\u00f3meno complejo que abarca la metaf\u00edsica, la historia y la filosof\u00eda, con numerosas interpretaciones que a veces se contradicen. Examinaremos c\u00f3mo el <em><strong>sionismo <\/strong><\/em>se integra en esta tradici\u00f3n y por qu\u00e9 puede percibirse como su continuaci\u00f3n y, al mismo tiempo, su refutaci\u00f3n.<\/span><\/p>\n<\/div>\n<\/div>\n<\/div>\n<p>&nbsp;<\/p>\n<figure id=\"attachment_3774\" aria-describedby=\"caption-attachment-3774\" style=\"width: 440px\" class=\"wp-caption aligncenter\"><a href=\"https:\/\/puntocritico.com\/ausajpuntocritico\/2017\/07\/12\/3771\/\" target=\"_blank\" rel=\"noopener\" data-schema-attribute=\"\"><img loading=\"lazy\" decoding=\"async\" class=\"wp-image-3774\" src=\"https:\/\/puntocritico.com\/ausajpuntocritico\/wp-content\/uploads\/2017\/07\/DOSTOYEVSKI-Inquisidor-300x199.jpg\" alt=\"\" width=\"440\" height=\"292\" srcset=\"https:\/\/puntocritico.com\/ausajpuntocritico\/wp-content\/uploads\/2017\/07\/DOSTOYEVSKI-Inquisidor-300x199.jpg 300w, https:\/\/puntocritico.com\/ausajpuntocritico\/wp-content\/uploads\/2017\/07\/DOSTOYEVSKI-Inquisidor-678x452.jpg 678w, https:\/\/puntocritico.com\/ausajpuntocritico\/wp-content\/uploads\/2017\/07\/DOSTOYEVSKI-Inquisidor.jpg 680w\" sizes=\"auto, (max-width: 440px) 100vw, 440px\" \/><\/a><figcaption id=\"caption-attachment-3774\" class=\"wp-caption-text\"><a href=\"https:\/\/puntocritico.com\/ausajpuntocritico\/2017\/07\/12\/3771\/\" target=\"_blank\" rel=\"noopener\" data-schema-attribute=\"\"><span style=\"color: #008000;\">EL GRAN INQUISIDOR, por Fiodor M. Dostoievski <\/span><\/a><\/figcaption><\/figure>\n<p>&nbsp;<\/p>\n<div class=\"field field-name-body field-type-text-with-summary field-label-hidden\">\n<div class=\"field-items\">\n<div class=\"field-item even\">\n<p class=\"rtejustify\" style=\"text-align: justify;\"><span dir=\"auto\" style=\"font-size: 14pt;\"><strong>El juda\u00edsmo como religi\u00f3n est\u00e1 ligado a la idea de que los jud\u00edos son el pueblo elegido<\/strong>. Principalmente en un sentido religioso, porque este pueblo fue elegido para:<\/span><\/p>\n<blockquote>\n<p style=\"text-align: justify;\"><span style=\"color: #008000;\"><strong><span dir=\"auto\" style=\"font-size: 14pt;\">permanecer fieles al \u00fanico Dios en un momento en que otras naciones, seg\u00fan el juda\u00edsmo, se hab\u00edan apartado de este monote\u00edsmo, y\u00a0<\/span><\/strong><\/span><span style=\"color: #008000;\"><strong><span dir=\"auto\" style=\"font-size: 14pt;\">aguardad a Su mensajero, el Mes\u00edas (Mashiaj), que ser\u00e1 coronado Rey de Israel y Gobernante del mundo.<\/span><\/strong><\/span><\/p>\n<\/blockquote>\n<\/div>\n<\/div>\n<\/div>\n<p>&nbsp;<\/p>\n<div class=\"field field-name-body field-type-text-with-summary field-label-hidden\">\n<div class=\"field-items\">\n<div class=\"field-item even\">\n<p class=\"rtejustify\" style=\"text-align: justify;\"><span dir=\"auto\" style=\"font-size: 14pt;\">La palabra hebrea <em><strong>mashiach <\/strong><\/em>significa <strong>\u00ab<em>ungido<\/em>\u00bb o \u00ab<em>ungido para reinar<\/em>\u00ab<\/strong>. La misma palabra <strong>en griego es <em>Cristo<\/em><\/strong>. Pero el <em>cristianismo<\/em> se basa en la convicci\u00f3n de que el <em>Mes\u00edas<\/em> ya vino al mundo. <\/span><\/p>\n<p class=\"rtejustify\" style=\"text-align: justify;\"><span dir=\"auto\" style=\"font-size: 14pt;\">Esa es nuestra religi\u00f3n. <strong>La diferencia fundamental con el juda\u00edsmo radica en que los jud\u00edos creen que el <em>Mes\u00edas<\/em> a\u00fan no ha venido y no reconocen a Jesucristo como el Mes\u00edas.<\/strong> Esta es la distinci\u00f3n fundamental.<\/span><\/p>\n<p class=\"rtejustify\" style=\"text-align: justify;\"><span dir=\"auto\" style=\"font-size: 14pt;\">A continuaci\u00f3n surge un punto sumamente interesante. <strong>Seg\u00fan la religi\u00f3n jud\u00eda, los jud\u00edos se exiliaron a principios del primer milenio, en la d\u00e9cada de los a\u00f1os 70 d.c. (el cuarto exilio)<\/strong>. <\/span><\/p>\n<p class=\"rtejustify\" style=\"text-align: justify;\"><span dir=\"auto\" style=\"font-size: 14pt;\">Esto ocurri\u00f3 despu\u00e9s de que los romanos llevaran a cabo una operaci\u00f3n punitiva contra la provincia rebelde. <strong>El Segundo Templo fue destruido<\/strong>. Los jud\u00edos abandonaron <em><strong>Palestina<\/strong><\/em> (<em>Tierra Santa<\/em>). Y as\u00ed comenz\u00f3 la era de<strong> dos mil a\u00f1os de dispersi\u00f3n<\/strong>.<\/span><\/p>\n<p>&nbsp;<\/p>\n<figure id=\"attachment_2318603\" aria-describedby=\"caption-attachment-2318603\" style=\"width: 640px\" class=\"wp-caption aligncenter\"><img loading=\"lazy\" decoding=\"async\" class=\"wp-image-2318603 size-full\" src=\"https:\/\/puntocritico.com\/ausajpuntocritico\/wp-content\/uploads\/2026\/03\/ASEDIO-MASADA.webp\" alt=\"\" width=\"640\" height=\"337\" srcset=\"https:\/\/puntocritico.com\/ausajpuntocritico\/wp-content\/uploads\/2026\/03\/ASEDIO-MASADA.webp 640w, https:\/\/puntocritico.com\/ausajpuntocritico\/wp-content\/uploads\/2026\/03\/ASEDIO-MASADA-300x158.webp 300w\" sizes=\"auto, (max-width: 640px) 100vw, 640px\" \/><figcaption id=\"caption-attachment-2318603\" class=\"wp-caption-text\"><span style=\"color: #008000;\">El asedio de Masada (73-74 d.C.), episodio final de la Primera Guerra Judeo-Romana<\/span><\/figcaption><\/figure>\n<p class=\"rtejustify\" style=\"text-align: justify;\">\u00a0<\/p>\n<p class=\"rtejustify\" style=\"text-align: justify;\"><span dir=\"auto\" style=\"font-size: 14pt;\">Esta era tiene un significado religioso, como se detalla en la tradici\u00f3n jud\u00eda. <strong>El prop\u00f3sito de la dispersi\u00f3n es expiar los pecados de Israel acumulados en etapas hist\u00f3ricas anteriores<\/strong>. <\/span><\/p>\n<p class=\"rtejustify\" style=\"text-align: justify;\"><span dir=\"auto\" style=\"font-size: 14pt;\">Si esta expiaci\u00f3n es genuina y el arrepentimiento (<em>teshuv\u00e1<\/em>) es profundo, seg\u00fan la tradici\u00f3n jud\u00eda, el <strong><em>Mash\u00edaj <\/em><\/strong>aparecer\u00e1 como una bendici\u00f3n del Dios jud\u00edo por las obras de su pueblo elegido. <\/span><\/p>\n<p class=\"rtejustify\" style=\"text-align: justify;\"><span dir=\"auto\" style=\"font-size: 14pt;\">En tal caso, la aparici\u00f3n del <strong>Mash\u00edaj<\/strong> ser\u00e1 una se\u00f1al celestial para el regreso de los jud\u00edos a <em>Israel<\/em>, el establecimiento de un estado independiente y la construcci\u00f3n del <strong>Tercer Templo<\/strong> en <em>Jerusal\u00e9n<\/em>, en el sitio del<strong> Segundo Templo<\/strong> destruido.<\/span><\/p>\n<p class=\"rtejustify\" style=\"text-align: justify;\"><span dir=\"auto\" style=\"font-size: 14pt;\">En principio, los representantes m\u00e1s consecuentes de este enfoque jud\u00edo son ciertos <em>fundamentalistas<\/em> del movimiento <em><strong>Neturei Karta <\/strong><\/em>o los <strong><em>jasidim de Satmar<\/em><\/strong>, quienes dicen algo as\u00ed como: <\/span><\/p>\n<blockquote>\n<p class=\"rtejustify\" style=\"text-align: justify;\"><span style=\"color: #008000;\"><strong><span dir=\"auto\" style=\"font-size: 14pt;\">\u00abNuestro Dios jud\u00edo nos orden\u00f3 soportar las penurias del exilio; esperemos su fin, expiemos nuestros pecados, y cuando llegue el <em>Mashiaj <\/em>(<em>\u00a1pero no antes!<\/em>), regresaremos a Israel, la Tierra Prometida\u00bb.<\/span><\/strong><\/span><\/p>\n<\/blockquote>\n<p>&nbsp;<\/p>\n<p class=\"rtejustify\" style=\"text-align: justify;\"><span dir=\"auto\" style=\"font-size: 14pt;\">Se basan en el hecho de que el <strong>Talmud<\/strong> contiene una clara prohibici\u00f3n contra el regreso masivo a <em>Palestina<\/em> antes de la llegada del <strong><em>Mashiaj<\/em><\/strong>, y especialmente contra su consecuci\u00f3n por la fuerza.<\/span><\/p>\n<\/div>\n<\/div>\n<\/div>\n<p>&nbsp;<\/p>\n<p><img loading=\"lazy\" decoding=\"async\" class=\"aligncenter wp-image-2318622\" src=\"https:\/\/puntocritico.com\/ausajpuntocritico\/wp-content\/uploads\/2026\/03\/Talmud-book-200x300.jpg\" alt=\"\" width=\"240\" height=\"360\" srcset=\"https:\/\/puntocritico.com\/ausajpuntocritico\/wp-content\/uploads\/2026\/03\/Talmud-book-200x300.jpg 200w, https:\/\/puntocritico.com\/ausajpuntocritico\/wp-content\/uploads\/2026\/03\/Talmud-book.jpg 667w\" sizes=\"auto, (max-width: 240px) 100vw, 240px\" \/><\/p>\n<p>&nbsp;<\/p>\n<div class=\"field field-name-body field-type-text-with-summary field-label-hidden\">\n<div class=\"field-items\">\n<div class=\"field-item even\">\n<p class=\"rtejustify\" style=\"text-align: justify;\"><span dir=\"auto\" style=\"font-size: 14pt;\">El <strong>Talmud<\/strong> lo proh\u00edbe y afirma firmemente: <\/span><\/p>\n<blockquote>\n<p class=\"rtejustify\" style=\"text-align: justify;\"><span style=\"color: #008000;\"><strong><span dir=\"auto\" style=\"font-size: 14pt;\">primero el Mashiaj, luego el retorno a Israel, y ning\u00fan otro camino.<\/span><\/strong><\/span><\/p>\n<\/blockquote>\n<p>&nbsp;<\/p>\n<p class=\"rtejustify\" style=\"text-align: justify;\"><span dir=\"auto\" style=\"font-size: 14pt;\">Aqu\u00ed surge una pregunta: <\/span><\/p>\n<blockquote>\n<p class=\"rtejustify\" style=\"text-align: justify;\"><span dir=\"auto\" style=\"font-size: 14pt; color: #008000;\"><strong>\u00bfc\u00f3mo, entonces, se cre\u00f3 el Estado de Israel cuando, aparentemente, el Mash\u00edaj a\u00fan no ha llegado?<\/strong><\/span><\/p>\n<\/blockquote>\n<\/div>\n<\/div>\n<p>&nbsp;<\/p>\n<div class=\"field-items\">\n<div class=\"field-item even\">\n<p class=\"rtejustify\" style=\"text-align: justify;\"><span dir=\"auto\" style=\"font-size: 14pt;\">Ni siquiera los <em><strong>sionistas <\/strong><\/em>m\u00e1s extremistas afirman que haya llegado.<\/span><\/p>\n<\/div>\n<\/div>\n<\/div>\n<p style=\"text-align: justify;\">\u00a0<\/p>\n<p><img loading=\"lazy\" decoding=\"async\" class=\"aligncenter wp-image-2318551\" src=\"https:\/\/puntocritico.com\/ausajpuntocritico\/wp-content\/uploads\/2026\/03\/sionismo-1310x561-1-300x128.webp\" alt=\"\" width=\"555\" height=\"238\" srcset=\"https:\/\/puntocritico.com\/ausajpuntocritico\/wp-content\/uploads\/2026\/03\/sionismo-1310x561-1-300x128.webp 300w, https:\/\/puntocritico.com\/ausajpuntocritico\/wp-content\/uploads\/2026\/03\/sionismo-1310x561-1-1024x439.webp 1024w, https:\/\/puntocritico.com\/ausajpuntocritico\/wp-content\/uploads\/2026\/03\/sionismo-1310x561-1-768x329.webp 768w, https:\/\/puntocritico.com\/ausajpuntocritico\/wp-content\/uploads\/2026\/03\/sionismo-1310x561-1.webp 1310w\" sizes=\"auto, (max-width: 555px) 100vw, 555px\" \/><\/p>\n<p>&nbsp;<\/p>\n<div class=\"field field-name-body field-type-text-with-summary field-label-hidden\">\n<div class=\"field-items\">\n<div class=\"field-item even\">\n<p class=\"rtejustify\" style=\"text-align: justify;\"><span dir=\"auto\" style=\"font-size: 14pt;\">Para comprender c\u00f3mo<strong> el Estado israel\u00ed moderno contradice por completo la religi\u00f3n jud\u00eda en su formulaci\u00f3n talm\u00fadica ortodoxa<\/strong>, debemos profundizar y remontarnos al menos al siglo XVII, a la \u00e9poca del <em>pseudomes\u00edas<\/em><strong> Sabbatai Zevi<\/strong>. <\/span><\/p>\n<p class=\"rtejustify\" style=\"text-align: justify;\"><span dir=\"auto\" style=\"font-size: 14pt;\">Como escribe <strong>Gershom Scholem<\/strong>, fue el primer precursor del sionismo.<\/span><\/p>\n<p class=\"rtejustify\" style=\"text-align: justify;\"><span dir=\"auto\" style=\"font-size: 14pt;\"><strong>Sabbatai Zevi<\/strong> declar\u00f3 que \u00e9l mismo era el <strong>Mashiaj<\/strong> y, por lo tanto, los jud\u00edos ahora ten\u00edan derecho a regresar a la <em>Tierra Prometida<\/em>.<\/span><\/p>\n<p class=\"rtejustify\" style=\"text-align: justify;\"><span dir=\"auto\" style=\"font-size: 14pt;\"><strong>Sabbatai Zevi tuvo un final tr\u00e1gico<\/strong>. <\/span><\/p>\n<p class=\"rtejustify\" style=\"text-align: justify;\"><span dir=\"auto\" style=\"font-size: 14pt;\">Cuando se present\u00f3 ante el <em>sult\u00e1n otomano<\/em> exigiendo que le entregaran <em>Palestina<\/em> como el <strong><em>Mes\u00edas<\/em><\/strong>, este le dijo: <\/span><\/p>\n<blockquote>\n<p class=\"rtejustify\" style=\"text-align: justify;\"><strong><span style=\"color: #008000;\"><span dir=\"auto\" style=\"font-size: 14pt;\">\u00abTengo otra propuesta para usted, Sr. Sabbatai Zevi: <\/span><span dir=\"auto\" style=\"font-size: 14pt;\">si sigue diciendo estas tonter\u00edas, le cortar\u00e9 la cabeza. Pero si quiere sobrevivir, acepte el islam de inmediato\u00bb.<\/span><\/span><\/strong><\/p>\n<\/blockquote>\n<p>&nbsp;<\/p>\n<p class=\"rtejustify\" style=\"text-align: justify;\"><span dir=\"auto\" style=\"font-size: 14pt;\">En ese momento, <strong>Sabbatai Zevi<\/strong> hace un gesto extra\u00f1o. Se pone un turbante y dice: <\/span><\/p>\n<blockquote>\n<p class=\"rtejustify\" style=\"text-align: justify;\"><span style=\"color: #008000;\"><strong><span dir=\"auto\" style=\"font-size: 14pt;\">\u00abTienes raz\u00f3n, ganas; no soy el Mes\u00edas; d\u00e9jame predicar el islam\u00bb.<\/span><\/strong><\/span><\/p>\n<\/blockquote>\n<p>&nbsp;<\/p>\n<p class=\"rtejustify\" style=\"text-align: justify;\"><span dir=\"auto\" style=\"font-size: 14pt;\">Se salv\u00f3, pero \u00a1qu\u00e9 decepci\u00f3n, qu\u00e9 golpe para la comunidad jud\u00eda que ya estaba preparada para abrazar el <strong><em>sabate\u00edsmo<\/em><\/strong>! <\/span><\/p>\n<p class=\"rtejustify\" style=\"text-align: justify;\"><span dir=\"auto\" style=\"font-size: 14pt;\">El <em><strong>sabate\u00edsmo <\/strong><\/em>fue rechazado por el <em>juda\u00edsmo ortodoxo<\/em>, pero no desapareci\u00f3 por completo y continu\u00f3 extendi\u00e9ndose, especialmente entre los <strong>jud\u00edos asquenaz\u00edes<\/strong> de Europa del Este, casi de forma clandestina. <\/span><\/p>\n<p class=\"rtejustify\" style=\"text-align: justify;\"><span dir=\"auto\" style=\"font-size: 14pt;\">En las mismas regiones donde se extendi\u00f3, comenz\u00f3 a gestarse el <em><strong>jasidismo<\/strong><\/em>, un movimiento que carec\u00eda de una clara orientaci\u00f3n escatol\u00f3gica y mesi\u00e1nica, pero que enfatizaba la difusi\u00f3n de la <strong><em>C\u00e1bala <\/em><\/strong>entre la gente com\u00fan.<\/span><\/p>\n<\/div>\n<\/div>\n<\/div>\n<p>&nbsp;<\/p>\n<p><img loading=\"lazy\" decoding=\"async\" class=\"aligncenter wp-image-2318621\" src=\"https:\/\/puntocritico.com\/ausajpuntocritico\/wp-content\/uploads\/2026\/03\/Talmud-studio-300x180.webp\" alt=\"\" width=\"480\" height=\"288\" srcset=\"https:\/\/puntocritico.com\/ausajpuntocritico\/wp-content\/uploads\/2026\/03\/Talmud-studio-300x180.webp 300w, https:\/\/puntocritico.com\/ausajpuntocritico\/wp-content\/uploads\/2026\/03\/Talmud-studio.webp 500w\" sizes=\"auto, (max-width: 480px) 100vw, 480px\" \/><\/p>\n<p>&nbsp;<\/p>\n<div class=\"field field-name-body field-type-text-with-summary field-label-hidden\">\n<div class=\"field-items\">\n<div class=\"field-item even\">\n<p class=\"rtejustify\" style=\"text-align: justify;\"><span dir=\"auto\" style=\"font-size: 14pt;\">Tradicionalmente, la <em><strong>C\u00e1bala <\/strong><\/em>s\u00f3lo pod\u00eda ser estudiada por <em>rabinos<\/em> de edad avanzada que dominaban todas las dem\u00e1s formas de conocimiento <em>talm\u00fadico<\/em>.<\/span><\/p>\n<p class=\"rtejustify\" style=\"text-align: justify;\"><span dir=\"auto\" style=\"font-size: 14pt;\">Pero \u00bfqu\u00e9 ocurri\u00f3 en algunas <strong><em>sectas sabateanas<\/em><\/strong>? <\/span><\/p>\n<p class=\"rtejustify\" style=\"text-align: justify;\"><span dir=\"auto\" style=\"font-size: 14pt;\">Surgi\u00f3 la teor\u00eda de que<strong> Sabbatai Zevi<\/strong> era, de hecho, el verdadero <strong><em>Mes\u00edas<\/em><\/strong>, y que se hab\u00eda unido al <em>islam<\/em> deliberadamente por haber cometido una traici\u00f3n sagrada. <strong>\u00bfQu\u00e9 es la traici\u00f3n sagrada? <\/strong><\/span><\/p>\n<p class=\"rtejustify\" style=\"text-align: justify;\"><span dir=\"auto\" style=\"font-size: 14pt;\">Se desarroll\u00f3 toda una teolog\u00eda de la <strong>traici\u00f3n sagrada<\/strong>, que afirmaba que <strong>los jud\u00edos pod\u00edan renunciar a su fe y unirse a otra religi\u00f3n, pero solo por apariencia, para socavarla desde dentro,<\/strong> mientras continuaban profesando el juda\u00edsmo en secreto.<\/span><\/p>\n<p class=\"rtejustify\" style=\"text-align: justify;\"><span dir=\"auto\" style=\"font-size: 14pt;\">M\u00e1s tarde, el <strong><em>sabateo <\/em>Jacob Frank<\/strong> se convirti\u00f3 al <em>catolicismo<\/em>. Adem\u00e1s,<strong> proporcion\u00f3 a los censores cat\u00f3licos la supuesta evidencia del \u00ab<em>libelo de sangre<\/em>\u00ab<\/strong>: <\/span><\/p>\n<blockquote>\n<p class=\"rtejustify\" style=\"text-align: justify;\"><span dir=\"auto\" style=\"font-size: 14pt; color: #008000;\"><strong>la leyenda de que \u00ab<em>los jud\u00edos se comen a los ni\u00f1os cristianos<\/em>\u00ab.<\/strong><\/span><\/p>\n<\/blockquote>\n<p>&nbsp;<\/p>\n<p style=\"text-align: justify;\"><span dir=\"auto\" style=\"font-size: 14pt;\">Insisti\u00f3 en ello como jud\u00edo converso y proporcion\u00f3 \u00ab<em>pruebas irrefutables<\/em>\u00ab.<\/span><\/p>\n<\/div>\n<\/div>\n<\/div>\n<p>&nbsp;<\/p>\n<figure id=\"attachment_2318625\" aria-describedby=\"caption-attachment-2318625\" style=\"width: 330px\" class=\"wp-caption aligncenter\"><a href=\"https:\/\/en.wikipedia.org\/wiki\/Sabbatai_Zevi\" target=\"_blank\" rel=\"noopener\" data-schema-attribute=\"\"><img loading=\"lazy\" decoding=\"async\" class=\"wp-image-2318625\" src=\"https:\/\/puntocritico.com\/ausajpuntocritico\/wp-content\/uploads\/2026\/03\/Sabbatai-Zevi-movement-300x300.webp\" alt=\"\" width=\"330\" height=\"330\" srcset=\"https:\/\/puntocritico.com\/ausajpuntocritico\/wp-content\/uploads\/2026\/03\/Sabbatai-Zevi-movement-300x300.webp 300w, https:\/\/puntocritico.com\/ausajpuntocritico\/wp-content\/uploads\/2026\/03\/Sabbatai-Zevi-movement-150x150.webp 150w, https:\/\/puntocritico.com\/ausajpuntocritico\/wp-content\/uploads\/2026\/03\/Sabbatai-Zevi-movement.webp 400w\" sizes=\"auto, (max-width: 330px) 100vw, 330px\" \/><\/a><figcaption id=\"caption-attachment-2318625\" class=\"wp-caption-text\"><span style=\"color: #008000;\">Sabbatai Zevi.<\/span><\/figcaption><\/figure>\n<p>&nbsp;<\/p>\n<div class=\"field field-name-body field-type-text-with-summary field-label-hidden\">\n<div class=\"field-items\">\n<div class=\"field-item even\">\n<p class=\"rtejustify\" style=\"text-align: justify;\"><span dir=\"auto\" style=\"font-size: 14pt;\"><strong>Frank<\/strong> abandon\u00f3 por completo toda forma de <em>talmudismo<\/em> y renunci\u00f3 a su fe, traicionando a sus correligionarios. Sin embargo, ten\u00eda justificaci\u00f3n. <\/span><\/p>\n<p class=\"rtejustify\" style=\"text-align: justify;\"><span dir=\"auto\" style=\"font-size: 14pt;\">La doctrina secreta de <strong>Frank<\/strong>, al igual que la de <strong>Sabbatai Zevi<\/strong>, afirmaba que despu\u00e9s del siglo XVII, el concepto mismo del <em><strong>Mash\u00edaj <\/strong><\/em>hab\u00eda cambiado.\u00a0<\/span><span dir=\"auto\" style=\"font-size: 14pt;\"><strong>Ahora el <em>Mash\u00edaj<\/em> son los propios jud\u00edos<\/strong>. No hay necesidad de esperar a un <em><strong>Mash\u00edaj <\/strong><\/em>aparte: los jud\u00edos son el <em><strong>Mash\u00edaj<\/strong><\/em>.<\/span><\/p>\n<p class=\"rtejustify\" style=\"text-align: justify;\"><span dir=\"auto\" style=\"font-size: 14pt;\">Por lo tanto, <strong>incluso si un jud\u00edo traiciona su religi\u00f3n, sigue siendo santo porque es la santidad misma<\/strong>: es Dios.<\/span><\/p>\n<p class=\"rtejustify\" style=\"text-align: justify;\"><span dir=\"auto\" style=\"font-size: 14pt;\">De esta manera se cre\u00f3 un <strong>ambiente intelectual para el <em>sionismo<\/em><\/strong>.<\/span><\/p>\n<p class=\"rtejustify\" style=\"text-align: justify;\"><span dir=\"auto\" style=\"font-size: 14pt;\">La esencia del <strong><em>sionismo <\/em><\/strong>reside en ser una especie de \u00ab<strong><em>satanismo jud\u00edo<\/em><\/strong>\u00ab. No se trata de satanismo en relaci\u00f3n con otros pueblos o culturas, sino de satanismo dentro del juda\u00edsmo; es decir, una inversi\u00f3n de valores. <\/span><\/p>\n<p class=\"rtejustify\" style=\"text-align: justify;\"><span dir=\"auto\" style=\"font-size: 14pt;\">Si el <em>juda\u00edsmo <\/em><em>ortodoxo cl\u00e1sico<\/em> insiste en que el sentido de la existencia jud\u00eda en la <strong>dispersi\u00f3n<\/strong> (<em>galut<\/em>) consiste en esperar al <em><strong>Mash\u00edaj<\/strong><\/em>, que vendr\u00e1 de fuera, y solo entonces se debe regresar a la <em>Tierra Prometida<\/em>, el sionismo se basa en el principio de que los jud\u00edos mismos son Dios. <\/span><\/p>\n<p class=\"rtejustify\" style=\"text-align: justify;\"><span dir=\"auto\" style=\"font-size: 14pt;\">Por lo tanto, pueden regresar a <em>Palestina<\/em> ahora mismo y pueden hacerlo por la fuerza, rechazando as\u00ed la prohibici\u00f3n <em>talm\u00fadica<\/em> y procediendo a construir el <strong>Tercer Templo<\/strong>. La aparici\u00f3n del <em><strong>Mash\u00edaj <\/strong><\/em>ser\u00e1 la culminaci\u00f3n de este proceso mesi\u00e1nico, pero en esencia, cada israel\u00ed es el <em><strong>Mash\u00edaj<\/strong><\/em>.<\/span><\/p>\n<p class=\"rtejustify\" style=\"text-align: justify;\"><span dir=\"auto\" style=\"font-size: 14pt;\">De ah\u00ed la relaci\u00f3n tan espec\u00edfica entre el <strong><em>sionismo <\/em><\/strong>y el <em><strong>juda\u00edsmo<\/strong><\/em>. Por un lado, el <em><strong>sionismo <\/strong><\/em>es una continuaci\u00f3n del <em><strong>juda\u00edsmo<\/strong><\/em>; por otro, <strong>es una refutaci\u00f3n del juda\u00edsmo, pues rechaza sus principios m\u00e1s fundamentales<\/strong>: <\/span><\/p>\n<blockquote>\n<p class=\"rtejustify\" style=\"text-align: justify;\"><strong><span dir=\"auto\" style=\"font-size: 14pt; color: #008000;\">la cultura de la espera piadosa y la cultura del arrepentimiento (<em>teshuv\u00e1<\/em>).<\/span><\/strong><\/p>\n<\/blockquote>\n<\/div>\n<\/div>\n<\/div>\n<p>&nbsp;<\/p>\n<figure id=\"attachment_2318626\" aria-describedby=\"caption-attachment-2318626\" style=\"width: 240px\" class=\"wp-caption aligncenter\"><a href=\"https:\/\/en.wikipedia.org\/wiki\/Sabbatai_Zevi\" target=\"_blank\" rel=\"noopener\" data-schema-attribute=\"\"><img loading=\"lazy\" decoding=\"async\" class=\"wp-image-2318626\" src=\"https:\/\/puntocritico.com\/ausajpuntocritico\/wp-content\/uploads\/2026\/03\/120px-Shabbatai2.jpg\" alt=\"\" width=\"240\" height=\"428\" \/><\/a><figcaption id=\"caption-attachment-2318626\" class=\"wp-caption-text\"><span style=\"color: #008000;\">\u00abSabbatai Zevi entronizado\u00bb (imagen de la publicaci\u00f3n jud\u00eda de \u00c1msterdam Tikkun , \u00c1msterdam, 1666).<\/span><\/figcaption><\/figure>\n<p>&nbsp;<\/p>\n<div class=\"field field-name-body field-type-text-with-summary field-label-hidden\">\n<div class=\"field-items\">\n<div class=\"field-item even\">\n<p class=\"rtejustify\" style=\"text-align: justify;\"><span dir=\"auto\" style=\"font-size: 14pt;\">Adem\u00e1s, los <em><strong>sionistas <\/strong><\/em>afirman que los jud\u00edos no <em>tienen<\/em> nada de qu\u00e9 arrepentirse; ya han sufrido bastante. <strong>Los jud\u00edos son Dios, no solo \u00ab<em>el pueblo de Dios<\/em>\u00bb, sino Dios mismo<\/strong>. Por lo tanto, ninguna ley les aplica; son su propia ley.<\/span><\/p>\n<p class=\"rtejustify\" style=\"text-align: justify;\"><span dir=\"auto\" style=\"font-size: 14pt;\">Esto explica la caracter\u00edstica fundamental del <strong>movimiento <em>sionista<\/em> moderno<\/strong>, que se apoya no solo en <em>Israel<\/em>, sino tambi\u00e9n en un gran n\u00famero de jud\u00edos seculares, liberales, ateos, comunistas, capitalistas, cristianos, protestantes, cat\u00f3licos, ortodoxos, musulmanes, Hare Krishna, neoespiritualistas y ocultistas; todos ellos, que de hecho representan una red de franquismo generalizado. <\/span><\/p>\n<p class=\"rtejustify\" style=\"text-align: justify;\"><span dir=\"auto\" style=\"font-size: 14pt;\">Precisamente porque, colectiva e individualmente, son ahora el <em><strong>Mash\u00edaj,<\/strong><\/em> cada uno <strong>puede participar con tranquilidad en la traici\u00f3n sagrada sin pecar<\/strong> contra su esencia.<\/span><\/p>\n<p class=\"rtejustify\" style=\"text-align: justify;\"><span dir=\"auto\" style=\"font-size: 14pt;\">Este es un <em>mesianismo inmanente<\/em> en el que los conceptos de <em><strong>Mash\u00edaj<\/strong><\/em> y los propios jud\u00edos se han intercambiado. Los sionistas ya no esperan al <em><strong>Mash\u00edaj<\/strong><\/em>; ellos mismos son el <em><strong>Mash\u00edaj<\/strong><\/em>, y por lo tanto, no hay nadie ni nada que esperar. <\/span><\/p>\n<p class=\"rtejustify\" style=\"text-align: justify;\"><span dir=\"auto\" style=\"font-size: 14pt;\">Solo les queda confiar en su propia fuerza y \u200b\u200bsus redes globales para afirmar su dominio mundial y construir su estado de Israel, sin importar la poblaci\u00f3n local ni ning\u00fan otro costo.<\/span><\/p>\n<\/div>\n<\/div>\n<\/div>\n<div class=\"field field-name-body field-type-text-with-summary field-label-hidden\">\n<div class=\"field-items\">\n<div class=\"field-item even\">\n<p class=\"rtejustify\" style=\"text-align: justify;\"><span dir=\"auto\" style=\"font-size: 14pt;\">A esto contribuye la <strong>prohibici\u00f3n formal de criticar al <em>sionismo<\/em><\/strong> que rige en algunos estados norteamericanos, donde el <em><strong>antisionismo <\/strong><\/em>se equipara al <strong><em>antisemitismo<\/em><\/strong>.<\/span><\/p>\n<p class=\"rtejustify\" style=\"text-align: justify;\"><span dir=\"auto\" style=\"font-size: 14pt;\">Si observamos con atenci\u00f3n, observamos que <strong>el propio Estado de Israel libra una guerra contra los semitas, es decir, contra los palestinos, \u00e1rabes que son semitas puros<\/strong>. <\/span><\/p>\n<p class=\"rtejustify\" style=\"text-align: justify;\"><span dir=\"auto\" style=\"font-size: 14pt;\">Adem\u00e1s, la <em>ideolog\u00eda <strong>sionista <\/strong><\/em>ni siquiera puede considerarse plenamente \u00ab<em>jud\u00eda<\/em>\u00bb, ya que se basa en la refutaci\u00f3n de los principios b\u00e1sicos del <em><strong>juda\u00edsmo<\/strong><\/em>. Si no se espera al <em><strong>Mash\u00edaj<\/strong><\/em>, <strong>\u00bfqu\u00e9 juda\u00edsmo existe?<\/strong><\/span><\/p>\n<p class=\"rtejustify\" style=\"text-align: justify;\"><span dir=\"auto\" style=\"font-size: 14pt;\">La mera existencia del Estado de Israel es, a ojos de los <em><strong>sionistas<\/strong><\/em>, prueba de que ellos son el <em><strong>Mash\u00edaj<\/strong><\/em>. De lo contrario, el Estado no habr\u00eda surgido. Atribuyen todo el m\u00e9rito de su creaci\u00f3n exclusivamente a ellos mismos y a sus redes. Dado que tuvo \u00e9xito, creen que fue gracias a la ayuda de Dios.<\/span><\/p>\n<div class=\"field field-name-body field-type-text-with-summary field-label-hidden\">\n<div class=\"field-items\">\n<div class=\"field-item even\">\n<p class=\"rtejustify\" style=\"text-align: justify;\">\u00a0<\/p>\n<\/div>\n<\/div>\n<\/div>\n<p><img loading=\"lazy\" decoding=\"async\" class=\"aligncenter wp-image-2318623\" src=\"https:\/\/puntocritico.com\/ausajpuntocritico\/wp-content\/uploads\/2026\/03\/escatologico-FIn-de-los-tiempos.webp\" alt=\"\" width=\"360\" height=\"271\" srcset=\"https:\/\/puntocritico.com\/ausajpuntocritico\/wp-content\/uploads\/2026\/03\/escatologico-FIn-de-los-tiempos.webp 259w, https:\/\/puntocritico.com\/ausajpuntocritico\/wp-content\/uploads\/2026\/03\/escatologico-FIn-de-los-tiempos-80x60.webp 80w\" sizes=\"auto, (max-width: 360px) 100vw, 360px\" \/><\/p>\n<p>&nbsp;<\/p>\n<p class=\"rtejustify\" style=\"text-align: justify;\"><span dir=\"auto\" style=\"font-size: 14pt;\">Entonces solo queda un paso: volar la <em><strong>Mezquita de Al-Aqsa<\/strong><\/em> y proceder a la construcci\u00f3n del <strong>Tercer Templo<\/strong>, que es precisamente lo que exige el <strong><em>grupo sionista extremista<\/em><\/strong>, el movimiento <em><strong>Fieles del Monte del Templo<\/strong><\/em>. Recientemente se han asignado enormes fondos para la investigaci\u00f3n sobre el <em><strong>Monte del Templo<\/strong><\/em>.<\/span><\/p>\n<p class=\"rtejustify\" style=\"text-align: justify;\"><span dir=\"auto\" style=\"font-size: 14pt;\">Dado que el <em><strong>sionismo <\/strong><\/em>tiene una base <em><strong>metaf\u00edsica <\/strong><\/em>tan profunda, no tiene sentido intentar dominarlo con llamamientos a la ONU o con gritos in\u00fatiles de \u201c<em>hagamos la paz, respetemos los derechos humanos<\/em>\u201d.<\/span><\/p>\n<\/div>\n<\/div>\n<\/div>\n<div class=\"field field-name-body field-type-text-with-summary field-label-hidden\">\n<div class=\"field-items\">\n<div class=\"field-item even\">\n<p class=\"rtejustify\" style=\"text-align: justify;\"><span dir=\"auto\" style=\"font-size: 14pt;\">Nos encontramos en medio de <strong>escenarios escatol\u00f3gicos con una profunda base metaf\u00edsica<\/strong>. La situaci\u00f3n se torna cada vez m\u00e1s alarmante, superando con creces las explicaciones banales habituales -econom\u00eda, mercados, precios del petr\u00f3leo, bolsas de valores, intereses nacionales, etc.-, que se tornan cada vez m\u00e1s contradictorias e incluso absurdas.<\/span><\/p>\n<p class=\"rtejustify\" style=\"text-align: justify;\"><span dir=\"auto\" style=\"font-size: 14pt;\"><strong>Vivimos en tiempos muy interesantes, pero el precio de la oportunidad de vivir en ellos es que partes de nuestra conciencia simplemente quedan bloqueadas o paralizadas<\/strong>. Si superamos la hipnosis, la niebla, el sinsentido, el absurdo y la fragmentaci\u00f3n posmoderna de la conciencia, veremos un panorama muy interesante y aterrador de lo que est\u00e1 sucediendo en Oriente Medio.<\/span><\/p>\n<\/div>\n<\/div>\n<\/div>\n<p>&nbsp;<\/p>\n<p><img loading=\"lazy\" decoding=\"async\" class=\"aligncenter wp-image-20663\" src=\"https:\/\/puntocritico.com\/ausajpuntocritico\/wp-content\/uploads\/2019\/08\/SOROS-sionista-300x174.jpg\" alt=\"\" width=\"480\" height=\"278\" srcset=\"https:\/\/puntocritico.com\/ausajpuntocritico\/wp-content\/uploads\/2019\/08\/SOROS-sionista-300x174.jpg 300w, https:\/\/puntocritico.com\/ausajpuntocritico\/wp-content\/uploads\/2019\/08\/SOROS-sionista.jpg 600w\" sizes=\"auto, (max-width: 480px) 100vw, 480px\" \/><\/p>\n<p style=\"text-align: center;\"><span style=\"font-size: 18pt;\"><strong><span style=\"color: #008000;\">***<\/span><\/strong><\/span><\/p>\n<div class=\"field field-name-body field-type-text-with-summary field-label-hidden\">\n<div class=\"field-items\">\n<div class=\"field-item even\">\n<blockquote>\n<h3 class=\"rtejustify\" style=\"text-align: center;\"><span dir=\"auto\" style=\"font-size: 18pt;\">Las cifras mencionadas<\/span><\/h3>\n<p style=\"text-align: justify;\"><span dir=\"auto\" style=\"font-size: 14pt;\"><span style=\"text-decoration: underline;\">Gershom Scholem (1897\u20131982)<\/span>: Historiador israel\u00ed y especialista en misticismo jud\u00edo (C\u00e1bala). Considerado el fundador del estudio acad\u00e9mico moderno de la C\u00e1bala. Scholem describi\u00f3 a Sabbatai Zevi como un precursor del sionismo, enfatizando c\u00f3mo los movimientos mesi\u00e1nicos influyeron en la historia jud\u00eda.<\/span><\/p>\n<p style=\"text-align: justify;\"><span dir=\"auto\" style=\"font-size: 14pt;\"><span style=\"text-decoration: underline;\">Sabbatai Zevi (1626-1676)<\/span>: M\u00edstico jud\u00edo y falso mes\u00edas que se autoproclam\u00f3 Mash\u00edaj en el siglo XVII. Su movimiento (sabate\u00edsmo) gener\u00f3 un gran entusiasmo entre los jud\u00edos, pero culmin\u00f3 con su conversi\u00f3n al islam. Este acontecimiento influy\u00f3 en el desarrollo del antinomianismo (violaci\u00f3n de las leyes para la \u00abpurificaci\u00f3n espiritual\u00bb) en las sectas jud\u00edas.<\/span><\/p>\n<p style=\"text-align: justify;\"><span dir=\"auto\" style=\"font-size: 14pt;\"><span style=\"text-decoration: underline;\">Jacob Frank (1726-1791)<\/span>: Fundador del Frankismo, un movimiento religioso que combina elementos del juda\u00edsmo, el cristianismo y el islam. Frank afirm\u00f3 ser la reencarnaci\u00f3n de Sabbatai Zevi y predic\u00f3 la \u00abpurificaci\u00f3n mediante la transgresi\u00f3n\u00bb (traici\u00f3n sagrada), incluyendo el rechazo del juda\u00edsmo tradicional. Sus seguidores (los frankistas) contribuyeron a campa\u00f1as antisemitas, como las acusaciones de libelo de sangre.<\/span><\/p>\n<p style=\"text-align: justify;\"><span dir=\"auto\" style=\"font-size: 14pt;\"><span style=\"text-decoration: underline;\">Neturei Karta<\/span>: Grupo jud\u00edo ultraortodoxo antisionista fundado en 1938. Consideran el sionismo una afrenta a Dios, ya que los jud\u00edos no deben regresar a Israel en masa ni por la fuerza antes de la llegada del Mash\u00edaj. El grupo aboga por la disoluci\u00f3n pac\u00edfica del Estado de Israel y apoya a los palestinos.<\/span><\/p>\n<\/blockquote>\n<\/div>\n<\/div>\n<\/div>\n<blockquote>\n<p>&nbsp;<\/p>\n<\/blockquote>\n<figure id=\"attachment_2312954\" aria-describedby=\"caption-attachment-2312954\" style=\"width: 480px\" class=\"wp-caption aligncenter\"><img loading=\"lazy\" decoding=\"async\" class=\"wp-image-2312954\" src=\"https:\/\/puntocritico.com\/ausajpuntocritico\/wp-content\/uploads\/2025\/10\/A_1936_caricature_published_in_the_Falastin_newspaper_on_Zionism_and_Palestine-300x245.png\" alt=\"\" width=\"480\" height=\"392\" srcset=\"https:\/\/puntocritico.com\/ausajpuntocritico\/wp-content\/uploads\/2025\/10\/A_1936_caricature_published_in_the_Falastin_newspaper_on_Zionism_and_Palestine-300x245.png 300w, https:\/\/puntocritico.com\/ausajpuntocritico\/wp-content\/uploads\/2025\/10\/A_1936_caricature_published_in_the_Falastin_newspaper_on_Zionism_and_Palestine-1024x837.png 1024w, https:\/\/puntocritico.com\/ausajpuntocritico\/wp-content\/uploads\/2025\/10\/A_1936_caricature_published_in_the_Falastin_newspaper_on_Zionism_and_Palestine-768x628.png 768w, https:\/\/puntocritico.com\/ausajpuntocritico\/wp-content\/uploads\/2025\/10\/A_1936_caricature_published_in_the_Falastin_newspaper_on_Zionism_and_Palestine.png 1099w\" sizes=\"auto, (max-width: 480px) 100vw, 480px\" \/><figcaption id=\"caption-attachment-2312954\" class=\"wp-caption-text\"><span style=\"color: #008000;\">El peri\u00f3dico palestino \u00e1rabe cristiano Falastin, de propiedad cristiana, presenta una caricatura en su edici\u00f3n del 18 de junio de 1936 que muestra al sionismo como un cocodrilo bajo la protecci\u00f3n de un oficial brit\u00e1nico que dice a los \u00e1rabes palestinos: \u00ab\u00a1No tengan miedo! Los tragar\u00e9 pac\u00edficamente&#8230;\u00bb<\/span><\/figcaption><\/figure>\n<div class=\"field field-name-body field-type-text-with-summary field-label-hidden\">\n<p style=\"text-align: center;\"><strong><span style=\"color: #008000; font-size: 18pt;\">***<\/span><\/strong><\/p>\n<div class=\"field-items\">\n<div class=\"field-item even\">\n<blockquote>\n<h3 class=\"rtejustify\" style=\"text-align: center;\"><span dir=\"auto\" style=\"font-size: 18pt;\">Referencias a libros y fuentes<\/span><\/h3>\n<p class=\"rtejustify\" style=\"text-align: justify;\"><span dir=\"auto\" style=\"font-size: 14pt;\">Gershom Scholem, Sabbatai Sevi: El Mes\u00edas M\u00edstico, 1626-1676 (Princeton University Press, 1973): Una biograf\u00eda cl\u00e1sica de Sabbatai Zevi, donde Scholem lo analiza como precursor del sionismo. El libro enfatiza c\u00f3mo las expectativas mesi\u00e1nicas evolucionaron hacia movimientos pol\u00edticos.<\/span><\/p>\n<p class=\"rtejustify\" style=\"text-align: justify;\"><span dir=\"auto\" style=\"font-size: 14pt;\">Pawe\u0142 Maciejko, The Mixed Multitude: Jacob Frank and the Frankist Movement, 1755-1816 (University of Pennsylvania Press, 2011): El primer estudio exhaustivo sobre Frank y el frankismo, que muestra su influencia en las relaciones judeo-cristianas.<\/span><\/p>\n<p class=\"rtejustify\" style=\"text-align: justify;\"><span dir=\"auto\" style=\"font-size: 14pt;\">Talmud (Ketubot 111a): Contiene los \u00abTres Juramentos\u00bb, una met\u00e1fora en la que los jud\u00edos juran no \u00abascender como un muro\u00bb (retorno en masa) a la Tierra de Israel antes del Mash\u00edaj, no rebelarse contra las naciones y no acelerar el fin de los tiempos. Esto se interpreta como una prohibici\u00f3n de crear Israel.<\/span><\/p>\n<p class=\"rtejustify\" style=\"text-align: justify;\"><span dir=\"auto\" style=\"font-size: 14pt;\">Yotav Eliach, Juda\u00edsmo, sionismo y la Tierra de Israel (Wise Path Books, 2018): Una descripci\u00f3n general de 4.000 a\u00f1os de historia jud\u00eda, centr\u00e1ndose en los aspectos religiosos e ideol\u00f3gicos del sionismo.<\/span><\/p>\n<p class=\"rtejustify\" style=\"text-align: justify;\"><span dir=\"auto\" style=\"font-size: 14pt;\">Yitzhak Conforti, Sionismo y cultura jud\u00eda: un estudio sobre los or\u00edgenes de un movimiento nacional (Academic Studies Press, 2024): Un estudio de las ra\u00edces culturales del sionismo, incluido el equilibrio entre la tradici\u00f3n y la modernidad.<\/span><\/p>\n<p class=\"rtejustify\" style=\"text-align: justify;\"><span dir=\"auto\" style=\"font-size: 14pt;\">Yossi Shain, El siglo israel\u00ed: c\u00f3mo la revoluci\u00f3n sionista cambi\u00f3 la historia y reinvent\u00f3 el juda\u00edsmo (Post Hill Press, 2021): Un an\u00e1lisis de c\u00f3mo el sionismo transform\u00f3 la identidad jud\u00eda de la di\u00e1spora a la soberan\u00eda.<\/span><\/p>\n<p class=\"rtejustify\" style=\"text-align: justify;\"><span dir=\"auto\" style=\"font-size: 14pt;\">Derek Penslar, Sionismo: un estado emocional (Rutgers University Press, 2023), sobre los aspectos emocionales del sionismo.<\/span><\/p>\n<p class=\"rtejustify\" style=\"text-align: justify;\"><span dir=\"auto\" style=\"font-size: 14pt;\">Marjorie N. Feld, El umbral de la disidencia: una historia de los cr\u00edticos jud\u00edos estadounidenses del sionismo (NYU Press, 2024), sobre los cr\u00edticos jud\u00edos del sionismo.<\/span><\/p>\n<\/blockquote>\n<\/div>\n<\/div>\n<\/div>\n<div>\u00a0<\/div>\n<div>\n<figure id=\"attachment_2312937\" aria-describedby=\"caption-attachment-2312937\" style=\"width: 260px\" class=\"wp-caption aligncenter\"><img loading=\"lazy\" decoding=\"async\" class=\"wp-image-2312937\" src=\"https:\/\/puntocritico.com\/ausajpuntocritico\/wp-content\/uploads\/2025\/10\/Theodor_Herzl_portrait-284x300.jpg\" alt=\"\" width=\"260\" height=\"275\" srcset=\"https:\/\/puntocritico.com\/ausajpuntocritico\/wp-content\/uploads\/2025\/10\/Theodor_Herzl_portrait-284x300.jpg 284w, https:\/\/puntocritico.com\/ausajpuntocritico\/wp-content\/uploads\/2025\/10\/Theodor_Herzl_portrait.jpg 500w\" sizes=\"auto, (max-width: 260px) 100vw, 260px\" \/><figcaption id=\"caption-attachment-2312937\" class=\"wp-caption-text\"><span style=\"color: #008000;\">Theodor Herzl, padre del sionismo pol\u00edtico.<\/span><\/figcaption><\/figure>\n<\/div>\n<p style=\"text-align: center;\"><strong><span style=\"color: #008000; font-size: 18pt;\">*******<\/span><\/strong><\/p>\n<blockquote>\n<h2 class=\"page-title\" style=\"text-align: center;\"><span dir=\"auto\" style=\"font-size: 24pt;\">Ir\u00e1n: La \u00faltima batalla contra Baal<\/span><\/h2>\n<p style=\"text-align: justify;\"><span style=\"font-size: 14pt;\">Por <a href=\"https:\/\/www.geopolitika.ru\/en\/person\/alexander-dugin\" target=\"_blank\" rel=\"noopener\">Alexander Dugin<\/a>, 6 MARZO 2026<\/span><\/p>\n<p style=\"text-align: justify;\"><em><span dir=\"auto\" style=\"font-size: 14pt;\">Traducci\u00f3n: Economou Dimitrios<\/span><\/em><\/p>\n<div class=\"content node-article\"><a href=\"https:\/\/puntocritico.com\/ausajpuntocritico\/2025\/09\/23\/jiang-shigong\/\" target=\"_blank\" rel=\"noopener\" data-schema-attribute=\"\"><img loading=\"lazy\" decoding=\"async\" class=\"aligncenter wp-image-2318394\" src=\"https:\/\/puntocritico.com\/ausajpuntocritico\/wp-content\/uploads\/2026\/03\/Dugin-baal-300x169.jpg\" alt=\"\" width=\"480\" height=\"270\" srcset=\"https:\/\/puntocritico.com\/ausajpuntocritico\/wp-content\/uploads\/2026\/03\/Dugin-baal-300x169.jpg 300w, https:\/\/puntocritico.com\/ausajpuntocritico\/wp-content\/uploads\/2026\/03\/Dugin-baal-678x381.jpg 678w, https:\/\/puntocritico.com\/ausajpuntocritico\/wp-content\/uploads\/2026\/03\/Dugin-baal.jpg 746w\" sizes=\"auto, (max-width: 480px) 100vw, 480px\" \/><\/a><\/div>\n<div>\u00a0<\/div>\n<div>\u00a0<\/div>\n<div>\u00a0<\/div>\n<div style=\"text-align: center;\"><em><span style=\"font-size: 14pt;\"> <span dir=\"auto\">Alexander Dugin\u00a0 <\/span>argumenta que el ataque estadounidense e israel\u00ed contra Ir\u00e1n marca el colapso del derecho internacional y el inicio de una nueva era en la que la pol\u00edtica mundial se rige por la fuerza bruta. Si Ir\u00e1n cae, podr\u00eda fomentar acciones similares contra otros Estados, especialmente Rusia.<\/span><\/em><\/div>\n<\/blockquote>\n<div>\n<div class=\"field field-name-body field-type-text-with-summary field-label-hidden\">\n<div class=\"field-items\">\n<div class=\"field-item even\">\n<blockquote>\n<p>&nbsp;<\/p>\n<p class=\"rtejustify\" style=\"text-align: justify;\"><span dir=\"auto\" style=\"font-size: 14pt;\">Lo ocurrido el primer d\u00eda de la guerra entre Estados Unidos e Israel contra Ir\u00e1n cambia fundamentalmente el equilibrio de poder mundial y las reglas de la pol\u00edtica internacional. <strong>Trump ya ha declarado que el derecho internacional no existe<\/strong>: <\/span><\/p>\n<p class=\"rtejustify\" style=\"text-align: justify; padding-left: 40px;\"><span dir=\"auto\" style=\"font-size: 14pt; color: #008000;\"><strong>\u00abLa moral es lo que considero moral\u00bb.<\/strong><\/span><\/p>\n<p>&nbsp;<\/p>\n<p class=\"rtejustify\" style=\"text-align: justify;\"><span dir=\"auto\" style=\"font-size: 14pt;\">Primero, tras el secuestro de <strong>Maduro<\/strong> y el establecimiento de un control externo directo en <em>Venezuela,<\/em> y ahora tras los ataques contra <em>Ir\u00e1n<\/em>, con la destrucci\u00f3n selectiva del liderazgo pol\u00edtico-militar y religioso del pa\u00eds -una potencia soberana que negociaba voluntariamente con Estados Unidos-, ya \u200b\u200bno es posible hablar de reglas, leyes ni normas de las relaciones internacionales en el mundo.<\/span><\/p>\n<p class=\"rtejustify\" style=\"text-align: justify;\"><span dir=\"auto\" style=\"font-size: 14pt;\">De hecho, ahora solo se aplica la ley del m\u00e1s fuerte, la ley del m\u00e1s r\u00e1pido. Quien golpea o act\u00faa m\u00e1s r\u00e1pido tiene raz\u00f3n. Todo lo dem\u00e1s se convierte en una justificaci\u00f3n adicional. <\/span><\/p>\n<p class=\"rtejustify\" style=\"text-align: justify;\"><span dir=\"auto\" style=\"font-size: 14pt;\">Es decir, ahora es importante asestar un golpe decisivo al enemigo, quebrar su resistencia, destruir su liderazgo y atacar sus principales instalaciones militares y energ\u00e9ticas. Despu\u00e9s, pueden formularlo como quieran, justificarlo como quieran y discutirlo durante largo rato.<\/span><\/p>\n<p class=\"rtejustify\" style=\"text-align: justify;\"><span dir=\"auto\" style=\"font-size: 14pt;\">Creo que ahora casi todo depende de cu\u00e1nto tiempo y con qu\u00e9 decisi\u00f3n pueda resistir <em>Ir\u00e1n<\/em>. Si contin\u00faa librando la guerra incluso despu\u00e9s de la destrucci\u00f3n de su liderazgo pol\u00edtico, si no se rinde, no levanta bandera blanca ni capitula, esto podr\u00eda tener un mal final para Occidente. <\/span><\/p>\n<p class=\"rtejustify\" style=\"text-align: justify;\"><span dir=\"auto\" style=\"font-size: 14pt;\">Porque entonces todos los dem\u00e1s empezar\u00e1n a actuar exactamente de la misma manera, sin prestar atenci\u00f3n a nada y sobreestimando sus capacidades, independientemente de su estatus legal. Esto dar\u00e1 v\u00eda libre a muchas potencias regionales, que har\u00e1n lo que quieran. <\/span><\/p>\n<p class=\"rtejustify\" style=\"text-align: justify;\"><span dir=\"auto\" style=\"font-size: 14pt;\">Esto podr\u00eda conducir muy r\u00e1pidamente al <strong>uso de armas nucleares<\/strong>, tal vez en el conflicto entre <em>Pakist\u00e1n<\/em> y <em>Afganist\u00e1n<\/em>, o tal vez en otros lugares. Ciertamente, ahora no hay reglas.<\/span><\/p>\n<p class=\"rtejustify\" style=\"text-align: justify;\"><span dir=\"auto\" style=\"font-size: 14pt;\">En resumen, si <em>Ir\u00e1n<\/em> contin\u00faa su resistencia bajo un nuevo liderazgo, esto podr\u00eda tener consecuencias muy graves para <em>Occidente<\/em>, afectando a <strong>Trump<\/strong>, <em>Estados Unidos<\/em> y los pa\u00edses de la OTAN. Pero si se repite el escenario <em>venezolano<\/em> \u2014ya sea que el nuevo liderazgo se rinda o que el ej\u00e9rcito simplemente deje de luchar\u2014, la guerra ser\u00e1 breve. <\/span><\/p>\n<p class=\"rtejustify\" style=\"text-align: justify;\"><span dir=\"auto\" style=\"font-size: 14pt;\">De ser as\u00ed, deber\u00edamos esperar un escenario similar. No cabe duda de que <strong>Trump<\/strong> y <em>Occidente<\/em>, al ver que este plan funciona, simplemente optar\u00e1n por eliminar al principal liderazgo pol\u00edtico y pol\u00edtico-militar de <em>Rusia<\/em> como siguiente paso.<\/span><\/p>\n<p class=\"rtejustify\" style=\"text-align: justify;\"><span dir=\"auto\" style=\"font-size: 14pt;\">Hoy ya es evidente que actuamos con indecisi\u00f3n. Siguiendo el mismo modelo, podr\u00edamos ser atacados en medio de las pr\u00f3ximas negociaciones con <strong>Kushner<\/strong> y <strong>Witkoff<\/strong>. <\/span><\/p>\n<p class=\"rtejustify\" style=\"text-align: justify;\"><span dir=\"auto\" style=\"font-size: 14pt;\">Quiz\u00e1s incluso con un arma nuclear. Por eso creo que la situaci\u00f3n es cr\u00edtica para nosotros. No defendimos a <em>Venezuela<\/em> ni a <em>Ir\u00e1n<\/em>, y <em>China<\/em> tambi\u00e9n se mantiene neutral. Pero en tal caso, <em>China<\/em> ser\u00e1 la siguiente. Y entonces el \u00ab<strong><em>reino de Epstein<\/em><\/strong>\u00bb dominar\u00e1 a toda la humanidad.<\/span><\/p>\n<p>&nbsp;<\/p>\n<p><img loading=\"lazy\" decoding=\"async\" class=\"aligncenter wp-image-2318555\" src=\"https:\/\/puntocritico.com\/ausajpuntocritico\/wp-content\/uploads\/2026\/03\/evolucion-historica-sionista-conflicto-palestina-israel-300x169.jpg\" alt=\"\" width=\"480\" height=\"270\" srcset=\"https:\/\/puntocritico.com\/ausajpuntocritico\/wp-content\/uploads\/2026\/03\/evolucion-historica-sionista-conflicto-palestina-israel-300x169.jpg 300w, https:\/\/puntocritico.com\/ausajpuntocritico\/wp-content\/uploads\/2026\/03\/evolucion-historica-sionista-conflicto-palestina-israel-1024x576.jpg 1024w, https:\/\/puntocritico.com\/ausajpuntocritico\/wp-content\/uploads\/2026\/03\/evolucion-historica-sionista-conflicto-palestina-israel-768x432.jpg 768w, https:\/\/puntocritico.com\/ausajpuntocritico\/wp-content\/uploads\/2026\/03\/evolucion-historica-sionista-conflicto-palestina-israel-1536x864.jpg 1536w, https:\/\/puntocritico.com\/ausajpuntocritico\/wp-content\/uploads\/2026\/03\/evolucion-historica-sionista-conflicto-palestina-israel-678x381.jpg 678w, https:\/\/puntocritico.com\/ausajpuntocritico\/wp-content\/uploads\/2026\/03\/evolucion-historica-sionista-conflicto-palestina-israel-1320x743.jpg 1320w, https:\/\/puntocritico.com\/ausajpuntocritico\/wp-content\/uploads\/2026\/03\/evolucion-historica-sionista-conflicto-palestina-israel.jpg 1920w\" sizes=\"auto, (max-width: 480px) 100vw, 480px\" \/><\/p>\n<p>&nbsp;<\/p>\n<p class=\"rtejustify\" style=\"text-align: justify;\"><span dir=\"auto\" style=\"font-size: 14pt;\">Quisiera enfatizar que hoy ya podemos decir que ya no nos enfrentamos solo al Occidente liberal. <strong>El liberalismo se ha desvanecido r\u00e1pidamente<\/strong> y ha desaparecido de la agenda. <\/span><\/p>\n<p class=\"rtejustify\" style=\"text-align: justify;\"><span dir=\"auto\" style=\"font-size: 14pt;\"><strong>Ya nadie habla de valores liberales ni de democracia<\/strong>; todo eso es cosa del pasado. Ahora predominan la adoraci\u00f3n a <em><strong>Baal<\/strong><\/em>, la adoraci\u00f3n al <em>becerro de oro<\/em>, la adoraci\u00f3n a las potencias mundiales, la adoraci\u00f3n a <em>Estados Unidos<\/em> e <em>Israel<\/em>. <\/span><\/p>\n<p class=\"rtejustify\" style=\"text-align: justify;\"><span dir=\"auto\" style=\"font-size: 14pt;\">Esta <strong>es una cultura de violencia, satanismo, canibalismo, perversi\u00f3n y pedofilia<\/strong>. Y esta \u00ab<em><strong>cultura ped\u00f3fila de Baal<\/strong><\/em>\u00bb se est\u00e1 despojando de sus m\u00e1scaras ante nuestros ojos y atacando abiertamente.<\/span><\/p>\n<p class=\"rtejustify\" style=\"text-align: justify;\"><span dir=\"auto\" style=\"font-size: 14pt;\">En todos los sentidos, lo que est\u00e1 sucediendo ahora nos recuerda mucho al <em>Fin de los Tiempos<\/em>. Si no encontramos la fuerza interior para comprender la situaci\u00f3n, nos encontraremos en una situaci\u00f3n desastrosa. <\/span><\/p>\n<p class=\"rtejustify\" style=\"text-align: justify;\"><span dir=\"auto\" style=\"font-size: 14pt;\">Muchos insisten en que \u00ab<em>no es momento de entrar en p\u00e1nico<\/em>\u00bb, pero <strong>a veces es mejor tomar en serio lo que est\u00e1 sucediendo que asumir que saldremos ilesos<\/strong>. <\/span><\/p>\n<p class=\"rtejustify\" style=\"text-align: justify;\"><span dir=\"auto\" style=\"font-size: 14pt;\"><strong>Ahora est\u00e1 claro que no saldremos ilesos: <\/strong><em>Ir\u00e1n<\/em> es el \u00faltimo obst\u00e1culo que se interpone en el camino de una guerra directa entre la <em>civilizaci\u00f3n de <\/em><em><strong>Baal <\/strong><\/em>y <em>Rusia<\/em>.<\/span><\/p>\n<p>&nbsp;<\/p>\n<p style=\"text-align: center;\"><strong><span dir=\"auto\" style=\"font-size: 14pt; color: #008000;\">Si tuvi\u00e9ramos suficiente voluntad y determinaci\u00f3n (<em>aunque tengo serias dudas al respecto<\/em>), tendr\u00edamos que empezar a actuar seg\u00fan las mismas reglas que ya siguen todos los dem\u00e1s, excepto nosotros.<\/span><\/strong><\/p>\n<p>&nbsp;<\/p>\n<\/blockquote>\n<\/div>\n<div class=\"field-item even\">\n<blockquote>\n<p class=\"rtejustify\" style=\"text-align: justify;\"><span dir=\"auto\" style=\"font-size: 14pt;\">Si tuvi\u00e9ramos suficiente voluntad y determinaci\u00f3n (<em>aunque tengo serias dudas al respecto<\/em>), tendr\u00edamos que empezar a actuar seg\u00fan las mismas reglas que ya siguen todos los dem\u00e1s, excepto nosotros. <\/span><\/p>\n<p class=\"rtejustify\" style=\"text-align: justify;\"><span dir=\"auto\" style=\"font-size: 14pt;\">Es decir, podr\u00edamos eliminar el liderazgo militar y pol\u00edtico de <em>Ucrania<\/em> y, sin importar el coste, resolver las tareas de la <em><strong>Operaci\u00f3n Militar Especial.<\/strong><\/em><\/span><\/p>\n<p class=\"rtejustify\" style=\"text-align: justify;\"><span dir=\"auto\" style=\"font-size: 14pt;\">Por cierto, en el contexto de los nombres utilizados por las potencias globales, como \u00ab<em>Escudo de Jud\u00e1<\/em>\u00bb, \u00ab<em>Operaci\u00f3n Furia \u00c9pica<\/em>\u00bb y \u00ab<em>Sello del Diluvio<\/em>\u00bb, yo cambiar\u00eda el nombre de nuestra humilde <em>Operaci\u00f3n Militar Especial<\/em> a \u00ab<em>Espada del Ocupante<\/em>\u00bb. Y eso cambiar\u00eda mucho de inmediato.<\/span><\/p>\n<p class=\"rtejustify\" style=\"text-align: justify;\"><span dir=\"auto\" style=\"font-size: 14pt;\">Pero me temo que no nos atreveremos a hacerlo y seguiremos con el mismo clich\u00e9. <strong>Y entonces, repito, caer\u00e1n misiles sobre <em>Mosc\u00fa<\/em> en plena negociaci\u00f3n con Kushner y Witkoff, literalmente seg\u00fan el guion <em>iran\u00ed<\/em><\/strong>. <\/span><\/p>\n<p class=\"rtejustify\" style=\"text-align: justify;\"><span dir=\"auto\" style=\"font-size: 14pt;\"><strong>La cultura de Baal es simple<\/strong>: <\/span><\/p>\n<p class=\"rtejustify\" style=\"text-align: justify; padding-left: 40px;\"><span dir=\"auto\" style=\"font-size: 14pt; color: #008000;\"><strong>repite los mismos guiones una y otra vez, y siempre funcionan, porque todos creen que esto solo afecta a Gadafi, Hussein, Milosevic, Mubarak, Nasrallah, Assad o Jamenei, pero no a ellos mismos.<\/strong><\/span><\/p>\n<p>&nbsp;<\/p>\n<p class=\"rtejustify\" style=\"text-align: justify;\"><span dir=\"auto\" style=\"font-size: 14pt;\">As\u00ed, paso a paso, la <strong><em>cultura de Baal<\/em><\/strong> logra sus objetivos.<\/span><\/p>\n<p class=\"rtejustify\" style=\"text-align: justify;\"><span dir=\"auto\" style=\"font-size: 14pt;\">Por lo tanto, <strong>o nos movilizamos urgentemente o la situaci\u00f3n se tornar\u00e1 extremadamente dif\u00edcil<\/strong>. Y si seguimos haci\u00e9ndonos ilusiones, entonces hay una profunda mentira dentro de nosotros mismos. Esto es especialmente evidente en el contexto de lo ocurrido en <em>Ir\u00e1n<\/em>, una cat\u00e1strofe de escala global. <strong>Personas maravillosas, admirables l\u00edderes espirituales, fueron asesinados<\/strong>.<\/span><\/p>\n<p>&nbsp;<\/p>\n<p style=\"text-align: center;\"><strong><span dir=\"auto\" style=\"font-size: 14pt; color: #008000;\">Esto es especialmente evidente en el contexto de lo ocurrido en Ir\u00e1n, una cat\u00e1strofe de escala global. Personas maravillosas, admirables l\u00edderes espirituales, fueron asesinados.<\/span><\/strong><\/p>\n<p>&nbsp;<\/p>\n<p class=\"rtejustify\" style=\"text-align: justify;\"><span dir=\"auto\" style=\"font-size: 14pt;\">En comparaci\u00f3n, <strong>ser\u00eda como si el Patriarca de Mosc\u00fa, el Presidente, el Jefe del Estado Mayor y todos los ministros clave fueran asesinados al mismo tiempo, junto con m\u00e1s de cien colegialas, almas inocentes, asesinadas por misiles<\/strong>. <\/span><\/p>\n<p class=\"rtejustify\" style=\"text-align: justify;\"><span dir=\"auto\" style=\"font-size: 14pt;\">Despu\u00e9s de un suceso as\u00ed, \u00bfes posible permanecer indiferente y fingir que no le preocupa especialmente, que no es asunto suyo?<\/span><\/p>\n<p>&nbsp;<\/p>\n<p style=\"text-align: center;\"><span style=\"color: #008000;\"><strong><span dir=\"auto\" style=\"font-size: 14pt;\">Despu\u00e9s de un suceso as\u00ed, \u00bfes posible permanecer indiferente y fingir que no le preocupa especialmente, que no es asunto suyo?<\/span><\/strong><\/span><\/p>\n<p>&nbsp;<\/p>\n<\/blockquote>\n<\/div>\n<div class=\"field-item even\">\n<blockquote>\n<p class=\"rtejustify\" style=\"text-align: justify;\"><span dir=\"auto\" style=\"font-size: 14pt;\">Por lo tanto, <strong>si aguantamos todo esto y guardamos silencio, la pr\u00f3xima vez nos har\u00e1n lo mismo<\/strong>. <\/span><\/p>\n<p class=\"rtejustify\" style=\"text-align: justify;\"><span dir=\"auto\" style=\"font-size: 14pt;\">Por eso estoy absolutamente seguro de que, dada la situaci\u00f3n actual, <strong>deber\u00edamos declarar inmediatamente el estado de emergencia, al menos al m\u00e1s alto nivel del gobierno<\/strong>.\u00a0<\/span><span dir=\"auto\" style=\"font-size: 14pt;\">Porque la situaci\u00f3n se est\u00e1 volviendo extremadamente cr\u00edtica para nosotros.<\/span><\/p>\n<\/blockquote>\n<p>&nbsp;<\/p>\n<\/div>\n<\/div>\n<\/div>\n<\/div>\n<figure id=\"attachment_2312260\" aria-describedby=\"caption-attachment-2312260\" style=\"width: 480px\" class=\"wp-caption aligncenter\"><a href=\"https:\/\/puntocritico.com\/ausajpuntocritico\/2025\/09\/22\/multipolaridad-dugin-shigong\/\" target=\"_blank\" rel=\"noopener\" data-schema-attribute=\"\"><img loading=\"lazy\" decoding=\"async\" class=\"wp-image-2312260\" src=\"https:\/\/puntocritico.com\/ausajpuntocritico\/wp-content\/uploads\/2025\/09\/multipolarity-Dugin-Shigong-PPAL-300x169.jpg\" alt=\"\" width=\"480\" height=\"270\" srcset=\"https:\/\/puntocritico.com\/ausajpuntocritico\/wp-content\/uploads\/2025\/09\/multipolarity-Dugin-Shigong-PPAL-300x169.jpg 300w, https:\/\/puntocritico.com\/ausajpuntocritico\/wp-content\/uploads\/2025\/09\/multipolarity-Dugin-Shigong-PPAL.jpg 678w\" sizes=\"auto, (max-width: 480px) 100vw, 480px\" \/><\/a><figcaption id=\"caption-attachment-2312260\" class=\"wp-caption-text\"><span style=\"color: #008000;\"><a style=\"color: #008000;\" href=\"https:\/\/puntocritico.com\/ausajpuntocritico\/2025\/09\/22\/multipolaridad-dugin-shigong\/\" target=\"_blank\" rel=\"noopener\" data-schema-attribute=\"\">Alexander Dugin y Jiang Shigong<\/a><\/span><\/figcaption><\/figure>\n<p style=\"text-align: center;\"><span style=\"font-size: 18pt; color: #008000;\"><strong>*******<\/strong><\/span><\/p>\n<div id=\"title\" class=\"style-scope ytd-watch-metadata\">\n<h2 class=\"style-scope ytd-watch-metadata\" style=\"text-align: center;\"><span style=\"font-size: 24pt;\">Zionism&#8217;s Biggest MISTAKE In 300 Years. End Of Project. Profs. J. Sachs &amp; Y. Rabkin (Video entrevista)<\/span><\/h2>\n<p class=\"dynamicTextViewModelH1\" style=\"text-align: justify;\" aria-label=\"Neutrality Studies, verificado\"><span style=\"font-size: 14pt;\"><a href=\"https:\/\/www.youtube.com\/watch?v=evtMRyCWBo8\" target=\"_blank\" rel=\"noopener\"><span class=\"yt-core-attributed-string yt-core-attributed-string--white-space-pre-wrap\" dir=\"auto\" role=\"text\">Neutrality Studies<\/span><\/a>, 17 MARZO 2026<\/span><\/p>\n<\/div>\n<div id=\"top-row\" class=\"style-scope ytd-watch-metadata\">\n<div id=\"owner\" class=\"item style-scope ytd-watch-metadata\">\u00a0<\/div>\n<\/div>\n<p style=\"text-align: center;\"><iframe loading=\"lazy\" title=\"YouTube video player\" src=\"\/\/www.youtube.com\/embed\/evtMRyCWBo8?si=nnK_-Y-mJWtWeQWf\" width=\"560\" height=\"315\" frameborder=\"0\" allowfullscreen=\"allowfullscreen\"><\/iframe><\/p>\n<p>&nbsp;<\/p>\n<p style=\"text-align: center;\"><a href=\"https:\/\/www.youtube.com\/watch?v=uXcBiIkDKOk\" target=\"_blank\" rel=\"noopener\" data-schema-attribute=\"\"><span style=\"font-size: 14pt;\"><strong>Ver traducido al espa\u00f1ol (IA)<\/strong><\/span><\/a><\/p>\n<p>&nbsp;<\/p>\n<p style=\"text-align: center;\"><span style=\"font-size: 18pt; color: #008000;\"><strong>*******<\/strong><\/span><\/p>\n<h2 style=\"text-align: center;\"><span style=\"font-size: 18pt;\">Imagen Principal (Detalle de \u00ab<em>El triunfo de la Muerte<\/em>\u00ab)<\/span><\/h2>\n<p style=\"text-align: center;\"><img loading=\"lazy\" decoding=\"async\" class=\"aligncenter wp-image-2318557 size-large\" src=\"https:\/\/puntocritico.com\/ausajpuntocritico\/wp-content\/uploads\/2026\/03\/The_Triumph_of_Death_by_Pieter_Bruegel_the_Elder-1024x731.jpg\" alt=\"\" width=\"1024\" height=\"731\" srcset=\"https:\/\/puntocritico.com\/ausajpuntocritico\/wp-content\/uploads\/2026\/03\/The_Triumph_of_Death_by_Pieter_Bruegel_the_Elder-1024x731.jpg 1024w, https:\/\/puntocritico.com\/ausajpuntocritico\/wp-content\/uploads\/2026\/03\/The_Triumph_of_Death_by_Pieter_Bruegel_the_Elder-300x214.jpg 300w, https:\/\/puntocritico.com\/ausajpuntocritico\/wp-content\/uploads\/2026\/03\/The_Triumph_of_Death_by_Pieter_Bruegel_the_Elder-768x548.jpg 768w, https:\/\/puntocritico.com\/ausajpuntocritico\/wp-content\/uploads\/2026\/03\/The_Triumph_of_Death_by_Pieter_Bruegel_the_Elder-1536x1096.jpg 1536w, https:\/\/puntocritico.com\/ausajpuntocritico\/wp-content\/uploads\/2026\/03\/The_Triumph_of_Death_by_Pieter_Bruegel_the_Elder-2048x1461.jpg 2048w, https:\/\/puntocritico.com\/ausajpuntocritico\/wp-content\/uploads\/2026\/03\/The_Triumph_of_Death_by_Pieter_Bruegel_the_Elder-1320x942.jpg 1320w\" sizes=\"auto, (max-width: 1024px) 100vw, 1024px\" \/><\/p>\n<p>&nbsp;<\/p>\n<p style=\"text-align: center;\"><span style=\"font-size: 14pt;\">\u00ab<em>El triunfo de la Muerte<\/em>\u00bb pintada por <strong>Pieter Bruegel <em>el Viejo<\/em><\/strong>, alrededor de 1562<\/span><\/p>\n<p>&nbsp;<\/p>\n<p>&nbsp;<\/p>\n<blockquote class=\"wp-embedded-content\" data-secret=\"fOSal3aJD3\"><p><a href=\"https:\/\/puntocritico.com\/ausajpuntocritico\/2017\/07\/12\/3771\/\">EL GRAN INQUISIDOR, por Fiodor M. Dostoievski<\/a><\/p><\/blockquote>\n<p><iframe loading=\"lazy\" class=\"wp-embedded-content\" sandbox=\"allow-scripts\" security=\"restricted\" style=\"position: absolute; visibility: hidden;\" title=\"\u00abEL GRAN INQUISIDOR, por Fiodor M. Dostoievski\u00bb \u2014 Punto Cr\u00edtico Derechos Humanos\" src=\"https:\/\/puntocritico.com\/ausajpuntocritico\/2017\/07\/12\/3771\/embed\/#?secret=7G1OK9MPDG#?secret=fOSal3aJD3\" data-secret=\"fOSal3aJD3\" width=\"500\" height=\"282\" frameborder=\"0\" marginwidth=\"0\" marginheight=\"0\" scrolling=\"no\"><\/iframe><\/p>\n<p>&nbsp;<\/p>\n<div>\n<p style=\"text-align: justify;\"><a href=\"https:\/\/puntocritico.com\/author\/punto-critico\/\"><img loading=\"lazy\" decoding=\"async\" class=\"aligncenter wp-image-9528\" src=\"https:\/\/puntocritico.com\/ausajpuntocritico\/wp-content\/uploads\/2018\/03\/Mosca_Punto_Cr\u00edtico_40.png\" alt=\"\" width=\"80\" height=\"80\" \/><\/a><\/p>\n<\/div>\n<p>&nbsp;<\/p>\n","protected":false},"excerpt":{"rendered":"<div class=\"mh-excerpt\"><p>La esencia del sionismo: un an\u00e1lisis metaf\u00edsico e hist\u00f3rico &nbsp; \u00abO\u00edsteis que fue dicho: Ojo por ojo, y diente por diente. Pero yo os digo: No resist\u00e1is al que es malo; antes, a cualquiera que <a class=\"mh-excerpt-more\" href=\"https:\/\/puntocritico.com\/ausajpuntocritico\/2026\/03\/17\/la-esencia-del-sionismo-un-analisis-metafisico-e-historico-por-alexander-dugin\/\" title=\"LA ESENCIA DEL SIONISMO: un an\u00e1lisis Metaf\u00edsico e Hist\u00f3rico, por Alexander Dugin. El Sionismo del actual Estado Israel\u00ed es la refutaci\u00f3n de la Religi\u00f3n Jud\u00eda.\">[&#8230;]<\/a><\/p>\n<\/div>","protected":false},"author":3,"featured_media":2318552,"comment_status":"closed","ping_status":"closed","sticky":false,"template":"","format":"standard","meta":{"_acf_changed":false,"_exactmetrics_skip_tracking":false,"_exactmetrics_sitenote_active":false,"_exactmetrics_sitenote_note":"","_exactmetrics_sitenote_category":0,"footnotes":""},"categories":[7],"tags":[184],"class_list":{"0":"post-2318393","1":"post","2":"type-post","3":"status-publish","4":"format-standard","5":"has-post-thumbnail","7":"category-politica","8":"tag-dugin"},"acf":[],"_links":{"self":[{"href":"https:\/\/puntocritico.com\/ausajpuntocritico\/wp-json\/wp\/v2\/posts\/2318393","targetHints":{"allow":["GET"]}}],"collection":[{"href":"https:\/\/puntocritico.com\/ausajpuntocritico\/wp-json\/wp\/v2\/posts"}],"about":[{"href":"https:\/\/puntocritico.com\/ausajpuntocritico\/wp-json\/wp\/v2\/types\/post"}],"author":[{"embeddable":true,"href":"https:\/\/puntocritico.com\/ausajpuntocritico\/wp-json\/wp\/v2\/users\/3"}],"replies":[{"embeddable":true,"href":"https:\/\/puntocritico.com\/ausajpuntocritico\/wp-json\/wp\/v2\/comments?post=2318393"}],"version-history":[{"count":0,"href":"https:\/\/puntocritico.com\/ausajpuntocritico\/wp-json\/wp\/v2\/posts\/2318393\/revisions"}],"wp:featuredmedia":[{"embeddable":true,"href":"https:\/\/puntocritico.com\/ausajpuntocritico\/wp-json\/wp\/v2\/media\/2318552"}],"wp:attachment":[{"href":"https:\/\/puntocritico.com\/ausajpuntocritico\/wp-json\/wp\/v2\/media?parent=2318393"}],"wp:term":[{"taxonomy":"category","embeddable":true,"href":"https:\/\/puntocritico.com\/ausajpuntocritico\/wp-json\/wp\/v2\/categories?post=2318393"},{"taxonomy":"post_tag","embeddable":true,"href":"https:\/\/puntocritico.com\/ausajpuntocritico\/wp-json\/wp\/v2\/tags?post=2318393"}],"curies":[{"name":"wp","href":"https:\/\/api.w.org\/{rel}","templated":true}]}}