{"id":2318364,"date":"2026-03-12T00:05:01","date_gmt":"2026-03-11T23:05:01","guid":{"rendered":"https:\/\/puntocritico.com\/ausajpuntocritico\/?p=2318364"},"modified":"2026-03-12T13:16:02","modified_gmt":"2026-03-12T12:16:02","slug":"adiccion-tecnologica","status":"publish","type":"post","link":"https:\/\/puntocritico.com\/ausajpuntocritico\/2026\/03\/12\/adiccion-tecnologica\/","title":{"rendered":"ADICCI\u00d3N TECNOL\u00d3GICA Y &#8230; \u00bfCONSPIRANOIA? \u00abCiencia y tecnolog\u00eda: fraude y pacto secreto\u00bb, por Paul H. Koch"},"content":{"rendered":"<p class=\"page-title\" style=\"text-align: justify;\"><span dir=\"auto\" style=\"font-size: 14pt; color: #008000;\">Adicci\u00f3n tecnol\u00f3gica<\/span><\/p>\n\n<p>&nbsp;<\/p>\n<p><img loading=\"lazy\" decoding=\"async\" class=\"aligncenter wp-image-2234674 size-full\" src=\"https:\/\/puntocritico.com\/ausajpuntocritico\/wp-content\/uploads\/2021\/11\/Periodicos-y-telefonos-un-siglo-despues.jpg\" alt=\"Adicci\u00f3n tecnol\u00f3gica \" width=\"639\" height=\"623\" srcset=\"https:\/\/puntocritico.com\/ausajpuntocritico\/wp-content\/uploads\/2021\/11\/Periodicos-y-telefonos-un-siglo-despues.jpg 639w, https:\/\/puntocritico.com\/ausajpuntocritico\/wp-content\/uploads\/2021\/11\/Periodicos-y-telefonos-un-siglo-despues-300x292.jpg 300w, https:\/\/puntocritico.com\/ausajpuntocritico\/wp-content\/uploads\/2021\/11\/Periodicos-y-telefonos-un-siglo-despues-610x595.jpg 610w\" sizes=\"auto, (max-width: 639px) 100vw, 639px\" \/><\/p>\n<p style=\"text-align: center;\"><span style=\"font-size: 18pt;\"><strong><span style=\"color: #008000;\">*******<\/span><\/strong><\/span><\/p>\n<blockquote>\n<h2 style=\"text-align: center;\"><span style=\"font-size: 24pt;\">NO PAGAN IMPUESTOS EN ESPA\u00d1A (ni en ning\u00fan otro sitio)<\/span><\/h2>\n<p style=\"text-align: center;\"><strong><span style=\"font-size: 18pt;\">TRIBUTAN EN LAS CORRUPTAS MONARQU\u00cdAS MEDIEVALES DEL GOLFO P\u00c9RSICO, AL TIPO IMPOSITIVO DEL 0%.<\/span><\/strong><\/p>\n<p style=\"text-align: center;\"><strong><span style=\"font-size: 14pt;\"><em>Pero Espa\u00f1a est\u00e1 a su disposici\u00f3n para pagarles, con nuestros impuestos, su Seguridad. La Libertad ya la disfrutan.<\/em><\/span><\/strong><\/p>\n<p style=\"text-align: center;\"><span style=\"font-size: 14pt;\"><strong><em>Ellos tienen, a tu costa, Seguridad y Libertad. Mientras, t\u00fa no tienes ni lo uno, ni lo otro.<\/em><\/strong><\/span><\/p>\n<p style=\"text-align: center;\"><strong><span style=\"font-size: 14pt;\"><em>Y ahora viene todo el rollo de que hacienda somos todos &#8230; los que pagamos a los ricos de Franco, y a sus descendientes, los mucho m\u00e1s ricos del R\u00e9gimen del 78&#8242;.<\/em><\/span><\/strong><\/p>\n<p>&nbsp;<\/p>\n<figure id=\"attachment_2318489\" aria-describedby=\"caption-attachment-2318489\" style=\"width: 400px\" class=\"wp-caption aligncenter\"><a href=\"https:\/\/www.libertaddigital.com\/chic\/corazon\/2026-03-10\/ana-boyer-y-su-familia-evacuados-urgentemente-a-espana-desde-doha-7371703\/\" target=\"_blank\" rel=\"noopener\" data-schema-attribute=\"\"><img loading=\"lazy\" decoding=\"async\" class=\"wp-image-2318489\" src=\"https:\/\/puntocritico.com\/ausajpuntocritico\/wp-content\/uploads\/2026\/03\/ana-boyer-fernando-verdasco-NO-pagan-impuestos-en-Espana-pero-Espana-les-paga-a-ellos-300x200.jpg\" alt=\"\" width=\"400\" height=\"267\" srcset=\"https:\/\/puntocritico.com\/ausajpuntocritico\/wp-content\/uploads\/2026\/03\/ana-boyer-fernando-verdasco-NO-pagan-impuestos-en-Espana-pero-Espana-les-paga-a-ellos-300x200.jpg 300w, https:\/\/puntocritico.com\/ausajpuntocritico\/wp-content\/uploads\/2026\/03\/ana-boyer-fernando-verdasco-NO-pagan-impuestos-en-Espana-pero-Espana-les-paga-a-ellos-1024x684.jpg 1024w, https:\/\/puntocritico.com\/ausajpuntocritico\/wp-content\/uploads\/2026\/03\/ana-boyer-fernando-verdasco-NO-pagan-impuestos-en-Espana-pero-Espana-les-paga-a-ellos-768x513.jpg 768w, https:\/\/puntocritico.com\/ausajpuntocritico\/wp-content\/uploads\/2026\/03\/ana-boyer-fernando-verdasco-NO-pagan-impuestos-en-Espana-pero-Espana-les-paga-a-ellos-1536x1025.jpg 1536w, https:\/\/puntocritico.com\/ausajpuntocritico\/wp-content\/uploads\/2026\/03\/ana-boyer-fernando-verdasco-NO-pagan-impuestos-en-Espana-pero-Espana-les-paga-a-ellos-1320x881.jpg 1320w, https:\/\/puntocritico.com\/ausajpuntocritico\/wp-content\/uploads\/2026\/03\/ana-boyer-fernando-verdasco-NO-pagan-impuestos-en-Espana-pero-Espana-les-paga-a-ellos.jpg 1618w\" sizes=\"auto, (max-width: 400px) 100vw, 400px\" \/><\/a><figcaption id=\"caption-attachment-2318489\" class=\"wp-caption-text\"><span style=\"color: #008000;\">La hija de Isabel Preysler y <strong>Miguel Boyer<\/strong>, Ministro de Hacienda, h\u00e9roe de la Santa Tra(<em>ns<\/em>)ici\u00f3n.<\/span><\/figcaption><\/figure>\n<h3 style=\"text-align: center;\"><span style=\"font-size: 18pt;\">Ana Boyer y su familia, evacuados urgentemente a Espa\u00f1a desde Doha<\/span><\/h3>\n<p class=\"lede\" style=\"text-align: center;\"><a href=\"https:\/\/www.libertaddigital.com\/chic\/corazon\/2026-03-10\/ana-boyer-y-su-familia-evacuados-urgentemente-a-espana-desde-doha-7371703\/\" target=\"_blank\" rel=\"noopener\" data-schema-attribute=\"\"><em><span style=\"font-size: 14pt;\"><strong>La hija de Isabel Preysler huye del conflicto en Oriente Pr\u00f3ximo<\/strong><\/span><\/em><\/a><\/p>\n<p style=\"text-align: center;\">\u00a0<\/p>\n<figure id=\"attachment_2318491\" aria-describedby=\"caption-attachment-2318491\" style=\"width: 400px\" class=\"wp-caption aligncenter\"><a href=\"https:\/\/puntocritico.com\/ausajpuntocritico\/2021\/07\/06\/el-psoe-y-el-tardofranquismo-en-espana-suresnes-el-asalto-de-los-jovenes-lobos-a-la-direccion-del-psoe\/\" target=\"_blank\" rel=\"noopener\" data-schema-attribute=\"\"><img loading=\"lazy\" decoding=\"async\" class=\"wp-image-2318491\" src=\"https:\/\/puntocritico.com\/ausajpuntocritico\/wp-content\/uploads\/2026\/03\/Felipe-Gonzalez-y-Miguel-Boyer-300x222.jpg\" alt=\"\" width=\"400\" height=\"296\" srcset=\"https:\/\/puntocritico.com\/ausajpuntocritico\/wp-content\/uploads\/2026\/03\/Felipe-Gonzalez-y-Miguel-Boyer-300x222.jpg 300w, https:\/\/puntocritico.com\/ausajpuntocritico\/wp-content\/uploads\/2026\/03\/Felipe-Gonzalez-y-Miguel-Boyer-80x60.jpg 80w, https:\/\/puntocritico.com\/ausajpuntocritico\/wp-content\/uploads\/2026\/03\/Felipe-Gonzalez-y-Miguel-Boyer.jpg 640w\" sizes=\"auto, (max-width: 400px) 100vw, 400px\" \/><\/a><figcaption id=\"caption-attachment-2318491\" class=\"wp-caption-text\"><span style=\"color: #008000;\">Felipe Gonz\u00e1lez y Miguel Boyer, el conseguidor de RUMASA, uno de los que se agenciaron Galer\u00edas Preciados. El creador de LOS PELOTAZOS, impulsor de las NUEVAS \u00c9LITES CORRUPTAS, herederas del franquismo, de las que formaba parte.<\/span><\/figcaption><\/figure>\n<p style=\"text-align: center;\"><strong><span style=\"color: #008000; font-size: 18pt;\">***<\/span><\/strong><\/p>\n<h3 style=\"text-align: center;\" align=\"center\"><span style=\"font-size: 18.0pt;\">Espa\u00f1oles, s\u00ed. Pero en Espa\u00f1a, no somos todos iguales<\/span><\/h3>\n<p style=\"text-align: center;\"><span style=\"font-size: 14pt;\">Recordar, entre muchos otros, el caso reciente de <strong><a href=\"https:\/\/www.abc.es\/espana\/comunidad-valenciana\/angela-agudo-espanola-accidentada-tailandia-continua-hospitalizada-20251005054956-nt.html\" target=\"_blank\" rel=\"noopener\" data-schema-attribute=\"\">\u00c1ngela Agudo<\/a><\/strong>, una joven valenciana de 24 a\u00f1os, que sufri\u00f3 un grave accidente de moto en Koh Tao, Tailandia, el 6 de octubre de 2024, quedando en coma inducido por un traumatismo craneoencef\u00e1lico. <\/span><\/p>\n<p style=\"text-align: center;\"><span style=\"font-size: 14pt;\">El Gobierno espa\u00f1ol no prest\u00f3 ayuda a esta familia de espa\u00f1oles, residentes -y contribuyentes- en Espa\u00f1a. La familia tuvo que recurrir a un Crowfunding.<\/span><\/p>\n<p style=\"text-align: center;\"><span style=\"font-size: 14pt;\">Como informa el <a href=\"https:\/\/www.abc.es\/espana\/comunidad-valenciana\/angela-agudo-espanola-accidentada-tailandia-continua-hospitalizada-20251005054956-nt.html\" target=\"_blank\" rel=\"noopener\" data-schema-attribute=\"\">diario ABC, de 5 de octubre de 2025<\/a>, \u00ab<em><strong>\u00c1ngela Agudo<\/strong>, la espa\u00f1ola accidentada en Tailandia, contin\u00faa en el hospital un a\u00f1o despu\u00e9s. La familia lleg\u00f3 a recaudar m\u00e1s de 300.000 euros en donaciones para traerla de vuelta a Valencia tras la negativa del Gobierno de enviar un avi\u00f3n militar medicalizado<\/em>\u00ab.<\/span><\/p>\n<p style=\"text-align: center;\"><span style=\"font-size: 14pt;\">Tras semanas en estado cr\u00edtico y una costosa campa\u00f1a de recaudaci\u00f3n, regres\u00f3 a Espa\u00f1a en noviembre de 2024 y contin\u00faa su recuperaci\u00f3n.<\/span><\/p>\n<p style=\"text-align: center;\"><strong><span style=\"color: #008000; font-size: 18pt;\">***<\/span><\/strong><\/p>\n<h3 style=\"text-align: center;\"><strong><span style=\"font-size: 18pt;\">COMO ELLOS, HAY M\u00c1S DE 30.000<\/span><\/strong><\/h3>\n<p style=\"text-align: center;\"><span style=\"font-size: 14pt;\">El Gobierno de Espa\u00f1a, bajo la direcci\u00f3n del Ministerio de Defensa y la presidencia de Pedro S\u00e1nchez, inici\u00f3 un dispositivo de evacuaci\u00f3n utilizando capacidades de transporte estrat\u00e9gico del Ej\u00e9rcito del Aire y del Espacio. Se est\u00e1 llevando a cabo por aeronaves del Gobierno espa\u00f1ol, en especial el Airbus A330 MRTT ha sido el pilar de estas operaciones para extraer a ciudadanos desde ciudades como Abu Dabi y Mascate.<\/span><\/p>\n<p style=\"text-align: center;\"><span style=\"font-size: 14pt;\">La comunidad espa\u00f1ola en el Golfo P\u00e9rsico se caracteriza por un perfil profesional altamente cualificado que, en su gran mayor\u00eda, ha establecido su residencia fiscal fuera de Espa\u00f1a. <\/span><\/p>\n<p style=\"text-align: center;\"><span style=\"font-size: 14pt;\">Para que un ciudadano espa\u00f1ol no pague impuestos en Espa\u00f1a por su renta mundial, debe perder la condici\u00f3n de residente fiscal en territorio espa\u00f1ol. Seg\u00fan el <strong>Art\u00edculo 9 de la Ley 35\/2006 del IRPF<\/strong>, una persona es residente en Espa\u00f1a si permanece <strong>m\u00e1s de 183 d\u00edas<\/strong> durante el a\u00f1o natural en territorio espa\u00f1ol o si el n\u00facleo principal de sus intereses econ\u00f3micos o vitales reside en el pa\u00eds.<\/span><\/p>\n<p style=\"text-align: center;\"><span style=\"font-size: 14pt;\">En los pa\u00edses del Golfo P\u00e9rsico, como Emiratos \u00c1rabes Unidos (<em>7.606 espa\u00f1oles registrados<\/em>), Qatar (<em>aprox. 2.500<\/em>) y Arabia Saud\u00ed, la mayor\u00eda de los espa\u00f1oles desplazados trabajan para empresas locales o sucursales de multinacionales bajo contratos de derecho local. <\/span><\/p>\n<p style=\"text-align: center;\"><span style=\"font-size: 14pt;\">Estos trabajadores, al haber trasladado su centro de intereses econ\u00f3micos y pasar la mayor parte del a\u00f1o en el extranjero, dejan de tributar en Espa\u00f1a, benefici\u00e1ndose de los reg\u00edmenes fiscales de destino que, en la mayor\u00eda de los casos, <strong>no aplican impuestos sobre la renta personal<\/strong>.<\/span><\/p>\n<p style=\"text-align: center;\"><span style=\"font-size: 14pt;\">El retorno precipitado a causa del conflicto b\u00e9lico en marzo de 2026 plantea un desaf\u00edo jur\u00eddico significativo. Si un espa\u00f1ol evacuado permanece en Espa\u00f1a m\u00e1s de<strong> 183 d\u00edas<\/strong> durante el ejercicio 2026, la Agencia Tributaria podr\u00eda considerarlo residente fiscal por todo el a\u00f1o, oblig\u00e1ndole a declarar en el IRPF sus ingresos obtenidos en el Golfo antes de la huida. <\/span><\/p>\n<p style=\"text-align: center;\"><span style=\"font-size: 14pt;\">Sin embargo, la normativa permite aplicar exenciones como la del <strong>Art\u00edculo 7p<\/strong>, que deja exentos hasta 60.100 euros anuales por trabajos realizados efectivamente en el extranjero, siempre que en el pa\u00eds de destino exista un impuesto an\u00e1logo o un convenio de doble imposici\u00f3n con cl\u00e1usula de intercambio de informaci\u00f3n.<\/span><\/p>\n<p style=\"text-align: center;\"><span style=\"font-size: 14pt;\">La calificaci\u00f3n de un pa\u00eds como para\u00edso fiscal (<em>actualmente denominados \u00abjurisdicciones no cooperativas\u00bb en la terminolog\u00eda espa\u00f1ola<\/em>) es determinante para el tratamiento de los capitales y la residencia de los espa\u00f1oles. La normativa espa\u00f1ola, actualizada mediante la <strong>Orden HFP\/115\/2023<\/strong>, ha evolucionado para excluir a varios de los principales socios comerciales del Golfo P\u00e9rsico tras la firma de convenios de doble imposici\u00f3n.<\/span><\/p>\n<p>&nbsp;<\/p>\n<figure id=\"attachment_23368\" aria-describedby=\"caption-attachment-23368\" style=\"width: 400px\" class=\"wp-caption aligncenter\"><img loading=\"lazy\" decoding=\"async\" class=\"wp-image-23368\" src=\"https:\/\/puntocritico.com\/ausajpuntocritico\/wp-content\/uploads\/2019\/11\/Desmemoriados-hist\u00f3ricos-OK-300x166.jpg\" alt=\"\" width=\"400\" height=\"221\" srcset=\"https:\/\/puntocritico.com\/ausajpuntocritico\/wp-content\/uploads\/2019\/11\/Desmemoriados-hist\u00f3ricos-OK-300x166.jpg 300w, https:\/\/puntocritico.com\/ausajpuntocritico\/wp-content\/uploads\/2019\/11\/Desmemoriados-hist\u00f3ricos-OK.jpg 302w\" sizes=\"auto, (max-width: 400px) 100vw, 400px\" \/><figcaption id=\"caption-attachment-23368\" class=\"wp-caption-text\"><span style=\"color: #008000;\">Desmemoria Hist\u00f3rica<\/span><\/figcaption><\/figure>\n<p style=\"text-align: center;\"><strong><span style=\"color: #008000; font-size: 18pt;\">***<\/span><\/strong><\/p>\n<h3 style=\"text-align: center;\" align=\"center\"><span style=\"font-size: 18.0pt;\">En lugar de pagar impuestos en Espa\u00f1a, se los gastan en para\u00edsos de lujo \u00abasi\u00e1tico\u00bb. Y adem\u00e1s ahorran; e invierten lo escaqueado.<\/span><\/h3>\n<p style=\"text-align: center;\"><span style=\"font-size: 14pt;\">Piensa en un extractor de Rentas espa\u00f1ol que, por ejemplo, se hace con contratos p\u00fablicos por importe de 2.000.000 de euros al a\u00f1o (cualquier Ayuntamiento puede hacerlo). Deber\u00eda pagar un mill\u00f3n en impuestos a Espa\u00f1a. Pero prefiere gast\u00e1rselos en lujo asi\u00e1tico. Contribuir es de pobres.<\/span><\/p>\n<p style=\"text-align: center;\"><span style=\"font-size: 14pt;\">A\u00fan as\u00ed, ahorra. Con 500.000 al a\u00f1o en Dubai se vive de lujo. Y sobra otro medio mill\u00f3n -expoliado a Hacienda y a los espa\u00f1oles-, que puede invertir en Organizaciones Criminales Transnacionales, y seguir ganado dinero con \u00e9l. Free Taxes.<\/span><\/p>\n<p style=\"text-align: center;\"><span style=\"font-size: 14pt;\">Ahora piensa, no en un par de millones, sino en varios cientos.<\/span><\/p>\n<p style=\"text-align: center;\"><span style=\"font-size: 14pt;\">Y es que HACIENDA NO SOMOS TODOS; HACIENDA ES SU PUTA MADRE.<\/span><\/p>\n<\/blockquote>\n<p>&nbsp;<\/p>\n<p style=\"text-align: center;\"><a href=\"https:\/\/puntocritico.com\/ausajpuntocritico\/2024\/05\/13\/el-tonto-del-balcon\/\" target=\"_blank\" rel=\"noopener\" data-schema-attribute=\"\"><img loading=\"lazy\" decoding=\"async\" class=\"aligncenter wp-image-2298045\" src=\"https:\/\/puntocritico.com\/ausajpuntocritico\/wp-content\/uploads\/2024\/05\/De-mayor-lameculos-del-regimen-como-papi-PPAL-300x169.jpg\" alt=\"\" width=\"440\" height=\"247\" srcset=\"https:\/\/puntocritico.com\/ausajpuntocritico\/wp-content\/uploads\/2024\/05\/De-mayor-lameculos-del-regimen-como-papi-PPAL-300x169.jpg 300w, https:\/\/puntocritico.com\/ausajpuntocritico\/wp-content\/uploads\/2024\/05\/De-mayor-lameculos-del-regimen-como-papi-PPAL.jpg 678w\" sizes=\"auto, (max-width: 440px) 100vw, 440px\" \/><\/a><\/p>\n<p style=\"text-align: center;\"><strong><span style=\"color: #008000; font-size: 18pt;\">*******<\/span><\/strong><\/p>\n<blockquote>\n<p style=\"text-align: justify;\"><a href=\"https:\/\/puntocritico.com\/ausajpuntocritico\/2020\/11\/15\/armas-silenciosas-para-guerras-tranquilas-literatura-conspiranoica-el-ensayo-ficcion-como-genero-literario-republicado\/\" target=\"_blank\" rel=\"noopener\" data-schema-attribute=\"\"><span style=\"font-size: 14pt; color: #008000;\">Literatura Conspiranoica<\/span><\/a><\/p>\n<\/blockquote>\n<h2 style=\"text-align: center;\" align=\"center\"><span style=\"font-size: 24.0pt; line-height: 107%;\">CIENCIA Y TECNOLOG\u00cdA: FRAUDE Y PACTO SECRETO<\/span><\/h2>\n<p style=\"text-align: center;\"><span style=\"font-size: 14pt;\"><strong><em>\u00abNosotros enfocaremos su atenci\u00f3n hacia el dinero y las cosas materiales; as\u00ed jam\u00e1s se conectar\u00e1n con su yo interno. <\/em><\/strong><\/span><\/p>\n<p style=\"text-align: center;\"><span style=\"font-size: 14pt;\"><strong><em>Los distraeremos con la fornicaci\u00f3n, los placeres externos y todo tipo de juegos para que jam\u00e1s puedan ser uno con la unidad de Todo. <\/em><\/strong><\/span><\/p>\n<p style=\"text-align: center;\"><span style=\"font-size: 14pt;\"><strong><em>Sus mentes nos pertenecer\u00e1n y har\u00e1n todo aquello que digamos. <\/em><\/strong><\/span><\/p>\n<p style=\"text-align: center;\"><span style=\"font-size: 14pt;\"><strong><em>Si ellos se negasen, encontraremos maneras de usar t\u00e9cnicas de alteraci\u00f3n de la mente en sus vidas. <\/em><\/strong><\/span><\/p>\n<p style=\"text-align: center;\"><span style=\"font-size: 14pt;\"><strong><em>Usaremos el miedo como nuestra arma. <\/em><\/strong><\/span><\/p>\n<p style=\"text-align: center;\"><span style=\"font-size: 14pt;\"><strong><em>Estableceremos sus gobiernos y estableceremos la oposici\u00f3n a sus gobiernos. <\/em><\/strong><\/span><\/p>\n<p style=\"text-align: center;\"><span style=\"font-size: 14pt;\"><strong><em>Poseeremos ambos lados. <\/em><\/strong><\/span><\/p>\n<p style=\"text-align: center;\"><span style=\"font-size: 14pt;\"><strong><em>Siempre esconderemos nuestros objetivos, pero llevaremos a cabo nuestro plan. <\/em><\/strong><\/span><\/p>\n<p style=\"text-align: center;\"><span style=\"font-size: 14pt;\"><strong><em>Realizar\u00e1n la labor para nosotros y prosperaremos de su trabajo. <\/em><\/strong><\/span><\/p>\n<p style=\"text-align: center;\"><span style=\"font-size: 14pt;\"><strong><em>Nuestras familias nunca se mezclar\u00e1n con las suyas. <\/em><\/strong><\/span><\/p>\n<p style=\"text-align: center;\"><span style=\"font-size: 14pt;\"><strong><em>Nuestra sangre deber\u00e1 ser pura, siempre: \u00e9sa es la f\u00f3rmula\u00bb<\/em><\/strong><\/span><\/p>\n<p style=\"text-align: justify;\"><span style=\"font-size: 14pt;\">Por <a href=\"https:\/\/es.wikipedia.org\/wiki\/Teor%C3%ADa_conspirativa\" target=\"_blank\" rel=\"noopener\" data-schema-attribute=\"\">Paul H. Koch<\/a><\/span><\/p>\n<p style=\"text-align: justify;\"><span style=\"font-size: 14pt;\"><a href=\"https:\/\/www.filosofiadigital.com\/el-pacto-secreto-por-paul-h-koch\/\">Filosof\u00eda Digital<\/a>, 14 FEBRERO 2023<\/span><\/p>\n<figure id=\"attachment_2318413\" aria-describedby=\"caption-attachment-2318413\" style=\"width: 480px\" class=\"wp-caption aligncenter\"><img loading=\"lazy\" decoding=\"async\" class=\"wp-image-2318413\" src=\"https:\/\/puntocritico.com\/ausajpuntocritico\/wp-content\/uploads\/2026\/03\/Estatuas-de-la-Isla-de-Pascua-MOAI-300x177.jpg\" alt=\"\" width=\"480\" height=\"284\" srcset=\"https:\/\/puntocritico.com\/ausajpuntocritico\/wp-content\/uploads\/2026\/03\/Estatuas-de-la-Isla-de-Pascua-MOAI-300x177.jpg 300w, https:\/\/puntocritico.com\/ausajpuntocritico\/wp-content\/uploads\/2026\/03\/Estatuas-de-la-Isla-de-Pascua-MOAI.jpg 750w\" sizes=\"auto, (max-width: 480px) 100vw, 480px\" \/><figcaption id=\"caption-attachment-2318413\" class=\"wp-caption-text\"><span style=\"color: #008000;\">Los moai, nombre local de las gigantescas estatuas de la Isla de Pascua.<\/span><\/figcaption><\/figure>\n<p>&nbsp;<\/p>\n<div class=\"ff4\">\n<h3 style=\"text-align: center;\"><span style=\"font-size: 18pt;\"><strong>LAS TRAVESURAS DE LA CIENCIA<\/strong><\/span><\/h3>\n<p style=\"text-align: justify;\"><span style=\"font-size: 14pt;\">La situaci\u00f3n empieza a ser preocupante\u2026<\/span><\/p>\n<blockquote>\n<p style=\"text-align: justify;\"><strong><span style=\"color: #008000; font-size: 14pt;\">Pero alguien tiene que existir en el mundo en quien podamos creer sin miedo a que nos enga\u00f1e. Alguien que nos facilite informaci\u00f3n real, que luche por conocer la verdad, que obtenga sus conocimientos de la experiencia misma porque el empirismo sea su m\u00e9todo de trabajo\u2026 La ciencia, \u00bfno?<\/span><\/strong><\/p>\n<\/blockquote>\n<p>&nbsp;<\/p>\n<p style=\"text-align: justify;\"><span style=\"font-size: 14pt;\">Muchas personas, sobre todo las de car\u00e1cter materialista m\u00e1s marcado, han sustituido la falta de una gu\u00eda personal en la religi\u00f3n o la \u00e9tica por esta otra fuerza en teor\u00eda confiable por su misma naturaleza, que consiste en no conceder cr\u00e9dito a nada que no sea tangible y experimentable en repetidas ocasiones. Sin embargo,<\/span><\/p>\n<blockquote>\n<p style=\"text-align: justify;\"><strong><span style=\"font-size: 14pt; color: #008000;\">a la ciencia le ocurre lo mismo que a los otros conceptos: al ser una actividad humana, est\u00e1 tambi\u00e9n sujeta a la manipulaci\u00f3n humana.<\/span><\/strong><\/p>\n<\/blockquote>\n<p>&nbsp;<\/p>\n<p style=\"text-align: justify;\"><span style=\"font-size: 14pt;\">Y m\u00e1s si tenemos en cuenta que el cient\u00edfico ha adquirido en los \u00faltimos a\u00f1os un gran prestigio, basado precisamente en su contribuci\u00f3n al desarrollo de nuestra civilizaci\u00f3n, que ha sido espectacular\u2026desde el punto de vista tecnol\u00f3gico.<\/span><\/p>\n<blockquote>\n<p style=\"text-align: justify;\"><strong><span style=\"font-size: 14pt; color: #008000;\">Desde el punto de vista moral o puramente humano, casi nada nos diferencia en el fondo de nuestros antepasados: sufrimos los mismos vicios, disfrutamos las mismas virtudes y anhelamos las mismas cosas.<\/span><\/strong><\/p>\n<\/blockquote>\n<p style=\"text-align: justify;\">\u00a0<\/p>\n<p style=\"text-align: justify;\"><span style=\"font-size: 14pt;\">Si bien es cierto que existen numerosos cient\u00edficos honrados que creen en su trabajo (<em>igual que tantos historiadores, educadores, periodistas y directores de cine tambi\u00e9n honrados, a pesar de cuanto hemos comentado hasta el momento<\/em>), no lo es menos que tambi\u00e9n los hay dispuestos a lo que haga falta con tal de alcanzar el \u00e9xito y el reconocimiento p\u00fablico. Y suelen ser \u00e9stos los que m\u00e1s influencia ejercen en la sociedad. <\/span><\/p>\n<p style=\"text-align: justify;\"><span style=\"font-size: 14pt;\">Por lo dem\u00e1s, no son pocas las ocasiones en las que la ciencia ha dictaminado que sus ideas e hip\u00f3tesis son ciertas simplemente porque parecen las m\u00e1s razonables y las m\u00e1s probables de acuerdo con el conocimiento de la \u00e9poca. Pero a medida que ese conocimiento se enriquece y cambia, cambian tambi\u00e9n la perspectiva y las hip\u00f3tesis aceptadas hasta entonces como correctas.<\/span><\/p>\n<blockquote>\n<p style=\"text-align: justify;\"><strong><span style=\"font-size: 14pt; color: #008000;\">Y un cient\u00edfico de un momento hist\u00f3rico determinado no pide perd\u00f3n por los errores cometidos por sus predecesores, ya que no se siente responsable de ellos, aunque s\u00ed suele sentirse heredero de sus aciertos.<\/span><\/strong><\/p>\n<\/blockquote>\n<p>&nbsp;<\/p>\n<p style=\"text-align: justify;\"><span style=\"font-size: 14pt;\">Hoy en d\u00eda usamos trenes que superan los trescientos kil\u00f3metros por hora, pero nadie pidi\u00f3 perd\u00f3n al escoc\u00e9s <strong>James Watt<\/strong> por las burlas y humillaciones que sufri\u00f3 a manos de los cient\u00edficos contempor\u00e1neos cuando present\u00f3 la primera m\u00e1quina de vapor y \u00e9stos la calificaron de locura porque dec\u00edan que, aun en el remoto caso de que llegara a funcionar, un medio de transporte que desarrollaba una velocidad de cuarenta kil\u00f3metros por hora matar\u00eda a sus pasajeros, que no resistir\u00edan la presi\u00f3n ni la falta de aire.<\/span><\/p>\n<blockquote>\n<p style=\"text-align: justify;\"><span style=\"color: #008000;\"><strong><span style=\"font-size: 14pt;\">La necesidad de estar en vanguardia de la sociedad, la b\u00fasqueda del \u00e9xito lleva a muchos cient\u00edficos a caer en la tentaci\u00f3n del plagio o de la invenci\u00f3n pura y dura.<\/span><\/strong><\/span><\/p>\n<\/blockquote>\n<p>&nbsp;<\/p>\n<p style=\"text-align: justify;\"><span style=\"font-size: 14pt;\">El profesor de la <em>Universidad de Se\u00fal<\/em> y responsable de la<strong><em> Fundaci\u00f3n Mundial de C\u00e9lulas Madre<\/em><\/strong>, el coreano\u00a0<strong>Hwang Woo Suk<\/strong>, protagoniz\u00f3 uno de los grandes esc\u00e1ndalos de los \u00faltimos a\u00f1os tras anunciar que hab\u00eda logrado clonar por primera vez c\u00e9lulas madre de un ser humano y descubrirse m\u00e1s tarde la falsedad de sus l\u00edneas de investigaci\u00f3n. Pero no es un caso aislado: entre 2001 y 2006, el m\u00e9dico noruego Jon Subdo, vinculado al Hospital Radiol\u00f3gico de Oslo, public\u00f3 varios estudios en revistas cient\u00edficas tan importantes como Lancet, The New England Journal of Medicine y Journal of Clinical Oncology, invent\u00e1ndose unos resultados sobre el c\u00e1ncer de boca que, seg\u00fan reconocieron despu\u00e9s varios expertos, eran\u00a0<em>\u00abtan chapuceros que podr\u00edan haber sido detectados por un profano\u00bb.<\/em><\/span><\/p>\n<p style=\"text-align: justify;\"><span style=\"font-size: 14pt;\">Desde luego, algunas de sus conclusiones no parec\u00edan muy trabajadas, como cuando afirm\u00f3 con total seriedad en uno de sus art\u00edculos que\u00a0<em>\u00abla extracci\u00f3n de unas cuantas c\u00e9lulas de la boca no tiene ning\u00fan efecto en la mortalidad de los pacientes\u00bb<\/em>. S\u00f3lo se descubri\u00f3 su peculiar manera de entender la investigaci\u00f3n cuando\u00a0<strong>Camilla Stoltenberg<\/strong>, la directora de epidemiolog\u00eda del instituto Noruego de Salud P\u00fablica, se extra\u00f1\u00f3 al leer su \u00faltimo trabajo publicado, en el que la principal conclusi\u00f3n era que varios\u00a0<em>\u00abf\u00e1rmacos antiinflamatorios de uso com\u00fan reducen el riesgo de c\u00e1ncer de boca en los fumadores\u00bb<\/em>.\u00a0<strong>Subdo<\/strong>\u00a0dec\u00eda haber obtenido sus irrelevantes resultados de los h\u00e1bitos de vida registrados en una base de datos de la cual\u00a0<strong>Stoltenberg<\/strong>\u00a0era la principal responsable. Ella los comprob\u00f3 y se dio cuenta de que ment\u00eda.<\/span><\/p>\n<p style=\"text-align: justify;\"><span style=\"font-size: 14pt;\"><strong>Stein Vaaler<\/strong>, director del hospital donde trabajaba desde hac\u00eda diez a\u00f1os el peculiar investigador, acab\u00f3 confirmando la inanidad de sus art\u00edculos al tiempo que confesaba compungido haber recibido donaciones por valor de cerca de nueve millones de euros por parte de diversas instituciones, incluido el Instituto Nacional del C\u00e1ncer de Estados Unidos, para apoyar los\u00a0<em>\u00abprogresos\u00bb<\/em>\u00a0de\u00a0<strong>Subdo<\/strong>. No se sabe que haya devuelto un solo euro.<\/span><\/p>\n<p style=\"text-align: justify;\"><span style=\"font-size: 14pt;\">Otro fraude sonado lo protagoniz\u00f3 el doctor indio\u00a0<strong>Ram B. Singh<\/strong>, especialista en alimentaci\u00f3n y su relaci\u00f3n con el funcionamiento del coraz\u00f3n. En 1992 hab\u00eda publicado un conocido y valorado trabajo en el que aseguraba demostrar c\u00f3mo el consumo de fibra, a trav\u00e9s de las frutas y los vegetales, disminu\u00eda a la mitad los infartos de miocardio en personas con este tipo de problema. Pocos a\u00f1os despu\u00e9s se demostr\u00f3 que hab\u00eda falsificado los datos para que le dieran la raz\u00f3n.<\/span><\/p>\n<blockquote>\n<p style=\"text-align: justify;\"><span style=\"color: #008000;\"><strong><span style=\"font-size: 14pt;\">Hay muchos m\u00e1s casos, demasiados, en los que la presunta autoridad del cient\u00edfico basta para imponer ideas no comprobadas o simples fraudes a una mayor\u00eda de la poblaci\u00f3n analfabeta desde el punto de vista del conocimiento profundo de la ciencia.<\/span><\/strong><\/span><\/p>\n<\/blockquote>\n<p>&nbsp;<\/p>\n<p style=\"text-align: justify;\"><span style=\"font-size: 14pt;\">Desde los experimentos que falsific\u00f3\u00a0<strong>Gregor Mendel<\/strong>\u00a0a mediados del siglo XIX para apoyar con mayor rotundidad su formulaci\u00f3n de las leyes fundamentales de la herencia hasta el hallazgo del\u00a0<em>Hombre de Piltdown<\/em>, un supuesto f\u00f3sil del eslab\u00f3n perdido datado en el Pleistoceno tard\u00edo y con el que el paleont\u00f3logo\u00a0<strong>Charles Dawson<\/strong>\u00a0logr\u00f3 enga\u00f1ar durante cuarenta a\u00f1os a la comunidad cient\u00edfica, pasando por el presunto\u00a0<em>f\u00f3sil de Archaeoraptor<\/em>\u00a0obtenido en China y presentado por National Geographic como\u00a0<em>\u00abprueba definitiva\u00bb<\/em>\u00a0del parentesco entre dinosaurios y p\u00e1jaros, hasta que se descubri\u00f3 que era otra h\u00e1bil falsificaci\u00f3n.<\/span><\/p>\n<p style=\"text-align: justify;\"><span style=\"font-size: 14pt;\">\u00bfC\u00f3mo saber que un estudio cient\u00edfico es fiable? \u00bfCu\u00e1ntas de las cosas que los cient\u00edficos dicen ser ciertas lo son de verdad?<\/span><\/p>\n<blockquote>\n<p style=\"text-align: justify;\"><span style=\"color: #008000;\"><strong><span style=\"font-size: 14pt;\">En los \u00faltimos a\u00f1os, el n\u00famero de art\u00edculos falsos o absurdos, a veces pagados por la industria farmac\u00e9utica o sanitaria para promocionar sus productos, a veces por prosperar en la carrera personal y a veces incluso por pura diversi\u00f3n, se han multiplicado de forma escandalosa.<\/span><\/strong><\/span><\/p>\n<\/blockquote>\n<p>&nbsp;<\/p>\n<p style=\"text-align: justify;\"><span style=\"font-size: 14pt;\">En un sector en el que los fondos y el prestigio se ganan publicando trabajos novedosos en las revistas especializadas, esta avalancha de investigaciones parciales, incompletas, err\u00f3neas o falsificadas se ha convertido en un verdadero quebradero de cabeza para dichas revistas. Algunas de ellas, como\u00a0<em>The Journal of Cell Biology<\/em>, utilizan desde 2002 un test espec\u00edfico que ha permitido descubrir que<\/span><\/p>\n<blockquote>\n<p style=\"text-align: justify;\"><span style=\"color: #008000;\"><strong><span style=\"font-size: 14pt;\">el veinticinco por ciento de las investigaciones presentadas para su publicaci\u00f3n conten\u00eda im\u00e1genes o ilustraciones (<em>importantes para demostrar algunos resultados cient\u00edficos<\/em>) manipuladas.<\/span><\/strong><\/span><\/p>\n<\/blockquote>\n<p>&nbsp;<\/p>\n<p style=\"text-align: justify;\"><span style=\"font-size: 14pt;\">En 2005, un grupo de expertos dirigido por\u00a0<strong>Brian C. Martinson<\/strong>, de la fundaci\u00f3n <em><strong>Health Parmers<\/strong><\/em>, elabor\u00f3 con el apoyo del sistema sanitario norteamericano el primer an\u00e1lisis cuantitativo sobre conductas de la Oficina de Pol\u00edtica Cient\u00edfica y Tecnol\u00f3gica. Esta oficina fijaba como pr\u00e1cticas censurables\u00a0<em>\u00abla producci\u00f3n, falsificaci\u00f3n y plagio a la hora de proponer, realizar o revisar la investigaci\u00f3n o dar a conocer los resultados\u00bb<\/em>\u00a0de un trabajo cient\u00edfico. Y los resultados fueron desoladores.<\/span><\/p>\n<blockquote>\n<p style=\"text-align: justify;\"><span style=\"color: #008000;\"><strong><span style=\"font-size: 14pt;\">Uno de cada tres cient\u00edficos estadounidenses reconoci\u00f3 haber falseado en alguna ocasi\u00f3n sus estudios o los resultados de los mismos (<em>habr\u00eda que a\u00f1adir al porcentaje de estafadores aquellos que lo hicieron, pero no lo reconocieron<\/em>).<\/span><\/strong><\/span><\/p>\n<\/blockquote>\n<p>&nbsp;<\/p>\n<p style=\"text-align: justify;\"><span style=\"font-size: 14pt;\">La conclusi\u00f3n de\u00a0<strong>Martinson:<\/strong><\/span><\/p>\n<blockquote>\n<p style=\"text-align: justify;\"><strong><span style=\"font-size: 14pt; color: #008000;\">este tipo de comportamiento deshonesto supone\u00a0<em>\u00abuna mayor amenaza para el campo cient\u00edfico que el causado por malas conductas de m\u00e1s alto nivel, como el fraude\u00bb<\/em>.<\/span><\/strong><\/p>\n<\/blockquote>\n<p>&nbsp;<\/p>\n<p style=\"text-align: justify;\"><span style=\"font-size: 14pt;\">Seg\u00fan los expertos,<\/span><\/p>\n<blockquote>\n<p style=\"text-align: justify;\"><strong><span style=\"font-size: 14pt; color: #008000;\">los campos m\u00e1s propensos para presentar trabajos poco veraces son los elaborados en laboratorios de medicina y biolog\u00eda.<\/span><\/strong><\/p>\n<\/blockquote>\n<p>&nbsp;<\/p>\n<p style=\"text-align: justify;\"><span style=\"font-size: 14pt;\">Eso, cuando no son las propias revistas las que manipulan su contenido, como denunci\u00f3\u00a0<strong>Richard Smith,<\/strong>\u00a0director entre 1991 y 2004 de una de las mejores revistas m\u00e9dicas del mundo,\u00a0<em>British Medical Journal.<\/em>\u00a0Seg\u00fan Smith,<\/span><\/p>\n<blockquote>\n<p style=\"text-align: justify;\"><span style=\"color: #008000;\"><strong><span style=\"font-size: 14pt;\">estas publicaciones no son m\u00e1s que\u00a0<em>\u00abuna extensi\u00f3n del departamento de marketing de las compa\u00f1\u00edas farmac\u00e9uticas\u00bb<\/em>.<\/span><\/strong><\/span><\/p>\n<\/blockquote>\n<p>&nbsp;<\/p>\n<p style=\"text-align: justify;\"><span style=\"font-size: 14pt;\">En su opini\u00f3n,<\/span><\/p>\n<blockquote>\n<p style=\"text-align: justify;\"><strong><span style=\"font-size: 14pt; color: #008000;\">no es que estas empresas se inventen los datos que publican, sino que se limitan a\u00a0<em>\u00abhacer las preguntas adecuadas para obtener las respuestas que desean\u00bb<\/em>\u00a0y organizar la investigaci\u00f3n de forma que se obtengan diversas conclusiones, con lo cual basta con publicar \u00fanicamente las que resultan favorables.<\/span><\/strong><\/p>\n<\/blockquote>\n<p>&nbsp;<\/p>\n<p style=\"text-align: justify;\"><span style=\"font-size: 14pt;\">Esto explica<\/span><\/p>\n<blockquote>\n<p style=\"text-align: justify;\"><span style=\"color: #008000;\"><strong><span style=\"font-size: 14pt;\">por qu\u00e9 los estudios cient\u00edficos que aparecen en la prensa cambian de opini\u00f3n con frecuencia: depende de qui\u00e9n los pague.<\/span><\/strong><\/span><\/p>\n<\/blockquote>\n<p>&nbsp;<\/p>\n<p style=\"text-align: justify;\"><span style=\"font-size: 14pt;\">Hace unos a\u00f1os, todas las investigaciones apuntaban hacia\u00a0<strong>la maldad intr\u00ednseca de la grasa<\/strong>\u00a0y, en especial, del colesterol; ahora resulta que hay\u00a0<em>\u00abgrasas buenas\u00bb<\/em>\u00a0y\u00a0<em>\u00abgrasas malas\u00bb<\/em>.<\/span><\/p>\n<p style=\"text-align: justify;\"><span style=\"font-size: 14pt;\">Antes,\u00a0<strong>comer huevos<\/strong>\u00a0era una amenaza para la salud, igual que tornar alcohol. Ahora resulta que tanto los unos como el otro no s\u00f3lo no son malos sino que, tornados con moderaci\u00f3n, parecen casi imprescindibles en una dieta sana.<\/span><\/p>\n<p style=\"text-align: justify;\"><span style=\"font-size: 14pt;\"><strong>El chocolate<\/strong>, del que siempre se dijo que lo \u00fanico malo que ten\u00eda era que engordaba, pero por lo dem\u00e1s era un alimento muy completo, ahora ha entrado en la lista de nuevos\u00a0<em>\u00absospechosos\u00bb<\/em>\u00a0de afectar nuestra salud, entre otras cosas por su excesivo aporte en az\u00facares y por contener un principio adictivo similar al de la marihuana\u2026<\/span><\/p>\n<p style=\"text-align: justify;\"><span style=\"font-size: 14pt;\">Pero los pagos no se limitan a financiar pruebas. A menudo, las compa\u00f1\u00edas del sector, sobre todo las farmac\u00e9uticas, pagan a profesionales m\u00e9dicos para que trabajen como consultores y, por supuesto, apoyen el lanzamiento de sus nuevos medicamentos.<\/span><\/p>\n<blockquote>\n<p style=\"text-align: justify;\"><strong><span style=\"font-size: 14pt; color: #008000;\">Lo cierto es que la industria farmac\u00e9utica se ha ganado a pulso su actual mala fama con una serie de actuaciones concretas que muestran hasta qu\u00e9 punto parece interesarles m\u00e1s mantener el negocio que contribuir a la salud de los consumidores de sus productos.<\/span><\/strong><\/p>\n<\/blockquote>\n<p>&nbsp;<\/p>\n<p style=\"text-align: justify;\"><span style=\"font-size: 14pt;\"><strong>Por ejemplo<\/strong>, apenas un mes antes de que el presidente norteamericano\u00a0<strong>George W. Bush<\/strong>\u00a0anunciara en 2002 una partida presupuestaria contra el SIDA en \u00c1frica \u2014donde viven dos de cada tres enfermos de esta afecci\u00f3n\u2014, los responsables sanitarios modificaron un informe para esconder los riesgos del f\u00e1rmaco que iba a ser financiado para su distribuci\u00f3n:\u00a0<strong>la nevirapina<\/strong>. Experimentos previos en Uganda con este medicamento demostraron que pod\u00eda tener efectos letales, pero la industria ten\u00eda ya fabricado un stock importante que necesitaba distribuir para no perder la inversi\u00f3n, y no se par\u00f3 a considerar este detalle.<\/span><\/p>\n<p style=\"text-align: justify;\"><span style=\"font-size: 14pt;\">Cuando se conoci\u00f3 el caso, el activista negro\u00a0<strong>Jesse Jackson<\/strong>\u00a0calific\u00f3 el env\u00edo de la nevirapina de\u00a0<em>\u00abcrimen contra la humanidad\u00bb<\/em>, mientras la Casa Blanca se deshac\u00eda en excusas diciendo que desconoc\u00eda los problemas del f\u00e1rmaco. Es la misma industria que present\u00f3 una demanda judicial contra el gobierno sudafricano por su intenci\u00f3n de fabricar e importar medicamentos gen\u00e9ricos (mucho m\u00e1s baratos que los elaborados por los grandes laboratorios) para tratar a los enfermos de SIDA en su pa\u00eds.<\/span><\/p>\n<p style=\"text-align: justify;\"><span style=\"font-size: 14pt;\"><strong>Otro ejemplo:<\/strong>\u00a0recientemente,\u00a0<strong>la farmac\u00e9utica Schering-Plough<\/strong>\u00a0lleg\u00f3 a un acuerdo para pagar 435 millones de d\u00f3lares tras declararse culpable de conspiraci\u00f3n por realizar declaraciones falsas al gobierno de Estados Unidos y de esa forma cerrar su caso, que estaba en manos del Departamento de Justicia y la oficina del fiscal general en Boston. Es la m\u00e1s alta compensaci\u00f3n econ\u00f3mica de este tipo hasta la fecha. Schering-Plough hab\u00eda sido acusada de sobornar a los m\u00e9dicos para prescribir f\u00e1rmacos concretos contra el c\u00e1ncer y la hepatitis: pagaba quinientos d\u00f3lares por cada paciente que comenzara un tratamiento con sus f\u00e1rmacos.<\/span><\/p>\n<blockquote>\n<p style=\"text-align: justify;\"><span style=\"color: #008000;\"><strong><span style=\"font-size: 14pt;\">Se calcula que el sector farmac\u00e9utico gasta cada a\u00f1o entre ocho mil y trece mil euros por m\u00e9dico en marketing y regalos.<\/span><\/strong><\/span><\/p>\n<\/blockquote>\n<p>&nbsp;<\/p>\n<p style=\"text-align: justify;\"><span style=\"font-size: 14pt;\">Adem\u00e1s,<\/span><\/p>\n<blockquote>\n<p style=\"text-align: justify;\"><strong><span style=\"font-size: 14pt; color: #008000;\">los laboratorios hacen generosas donaciones a los partidos pol\u00edticos (<em>s\u00f3lo en Estados Unidos, los diez laboratorios m\u00e1s grandes del pa\u00eds contribuyeron con diez millones de d\u00f3lares a la campa\u00f1a electoral1999-2000<\/em>) para adquirir influencia sobre ellos cuando alcanzan el gobierno y orientar la puesta en marcha de leyes que los favorezcan, como por ejemplo las estrictas regulaciones en contra de los herbolarios y otros peque\u00f1os comercios que venden o promocionan terapias eficaces y alternativas a la cara medicina oficial.<\/span><\/strong><\/p>\n<\/blockquote>\n<p>&nbsp;<\/p>\n<p style=\"text-align: justify;\"><span style=\"font-size: 14pt;\">As\u00ed se consigue, por ejemplo, que los ciudadanos alemanes inviertan una media de hasta el catorce por ciento de su salario en medicinas que, quiz\u00e1, no necesitan en realidad.<\/span><\/p>\n<blockquote>\n<p style=\"text-align: justify;\"><span style=\"color: #008000;\"><strong><span style=\"font-size: 14pt;\">Porque para mantener el negocio, las empresas farmac\u00e9uticas tienen que tratar cada vez a m\u00e1s personas, est\u00e9n o no est\u00e9n enfermas. Es por ello por lo que surgen enfermedades nuevas con una pasmosa rapidez: al terminar la segunda guerra mundial, exist\u00edan veintis\u00e9is enfermedades an\u00edmicas, hoy hay casi cuatrocientas.<\/span><\/strong><\/span><\/p>\n<\/blockquote>\n<p>&nbsp;<\/p>\n<p style=\"text-align: justify;\"><span style=\"font-size: 14pt;\"><strong>J\u00f6rg Blech,<\/strong>\u00a0redactor de <em>Der Spiegel<\/em>, denuncia este miserable negocio con la salud humana en su m\u00e1s que interesante\u00a0<em>\u00ab<strong>Los inventores de enfermedades<\/strong>\u00bb<\/em>, donde pasa revista a dolencias de moda \u2014y de dudosa existencia\u2014 como la\u00a0<strong><em>fobia social<\/em>,<\/strong>\u00a0una supuesta forma patol\u00f3gica de timidez que le permiti\u00f3 a <strong><em>Roche<\/em><\/strong>poner en circulaci\u00f3n su antidepresivo <strong><em>Aurorix<\/em><\/strong>.<\/span><\/p>\n<p style=\"text-align: justify;\"><span style=\"font-size: 14pt;\">O el llamado\u00a0<strong><em>s\u00edndrome de Siss\u00ed<\/em>,<\/strong>\u00a0una extra\u00f1a depresi\u00f3n que se manifiesta en personas activas (!), que se dio a conocer en 1998 y de la que s\u00f3lo en Alemania existen hoy tres millones de personas en tratamiento.<\/span><\/p>\n<p style=\"text-align: justify;\"><span style=\"font-size: 14pt;\">O el\u00a0<strong><em>trastorno por d\u00e9ficit de atenci\u00f3n con hiperactividad<\/em><\/strong>, para el cual <em><strong>Novareis<\/strong><\/em>ten\u00eda una pastilla, <strong><em>Ritalin<\/em><\/strong>, lista para el mercado desde 2002: con ella se trata hoy a m\u00e1s de cinco millones de ni\u00f1os estadounidenses.<\/span><\/p>\n<p style=\"text-align: justify;\"><span style=\"font-size: 14pt;\">Una de las \u00faltimas enfermedades \u00ab<em>descubiertas<\/em>\u00bb es el\u00a0<strong><em>s\u00edndrome posvacacional<\/em><\/strong>, una presunta depresi\u00f3n que se supone afecta a las personas cuando terminan su per\u00edodo de vacaciones y se enfrentan con la vuelta al trabajo. Para solucionarlo de inmediato, lo mejor es comprar las pastillas adecuadas.<\/span><\/p>\n<blockquote>\n<p style=\"text-align: justify;\"><span style=\"color: #008000;\"><strong><span style=\"font-size: 14pt;\">Ninguno de los afectados por estas\u00a0<em>dolencias de dise\u00f1o<\/em>\u00a0se pregunta nunca c\u00f3mo es posible que las personas del Tercer Mundo, que tienen muchos m\u00e1s motivos para estar deprimidas que los de pa\u00edses del primero, siguen viviendo sin necesidad de drogas legales.<\/span><\/strong><\/span><\/p>\n<\/blockquote>\n<p>&nbsp;<\/p>\n<p style=\"text-align: justify;\"><span style=\"font-size: 14pt;\">Un estudio de <strong><em>Consumers International<\/em><\/strong>, una organizaci\u00f3n que agrupa a 230 asociaciones de consumidores de 113 pa\u00edses, demostr\u00f3 en 2006 cuatro cosas concretas:<\/span><\/p>\n<blockquote>\n<p style=\"text-align: justify;\"><span style=\"color: #008000;\"><strong><span style=\"font-size: 14pt;\">primera, que las compa\u00f1\u00edas farmac\u00e9uticas hacen gala de una escasa transparencia al informar sobre aspectos clave de su pol\u00edtica de responsabilidad social corporativa;<\/span><\/strong><\/span><\/p>\n<p style=\"text-align: justify;\"><span style=\"color: #008000;\"><strong><span style=\"font-size: 14pt;\">segunda, que las nuevas t\u00e9cnicas de mercadotecnia no favorecen un uso racional de los f\u00e1rmacos por parte de los consumidores;<\/span><\/strong><\/span><\/p>\n<p style=\"text-align: justify;\"><span style=\"color: #008000;\"><strong><span style=\"font-size: 14pt;\">tercera, que el mecanismo de autorregulaci\u00f3n de la industria es fr\u00e1gil o inexistente seg\u00fan los casos; <\/span><\/strong><\/span><\/p>\n<p style=\"text-align: justify;\"><span style=\"color: #008000;\"><strong><span style=\"font-size: 14pt;\">cuarta, que las compa\u00f1\u00edas tienen una relaci\u00f3n \u00ab<em>poco clara<\/em>\u00bb con los investigadores m\u00e9dicos.<\/span><\/strong><\/span><\/p>\n<\/blockquote>\n<p>&nbsp;<\/p>\n<p style=\"text-align: justify;\"><span style=\"font-size: 14pt;\">Son conclusiones similares a las que hab\u00eda llegado un informe de la organizaci\u00f3n <strong><em>Health Action International<\/em><\/strong> ocho a\u00f1os antes.<\/span><\/p>\n<p style=\"text-align: justify;\"><span style=\"font-size: 14pt;\">Y como es natural,<\/span><\/p>\n<blockquote>\n<p style=\"text-align: justify;\"><span style=\"color: #008000;\"><strong><span style=\"font-size: 14pt;\">la industria apoya s\u00f3lo la lucha contra las enfermedades para las cuales tiene su propio remedio preparado.<\/span><\/strong><\/span><\/p>\n<\/blockquote>\n<p>&nbsp;<\/p>\n<p style=\"text-align: justify;\"><span style=\"font-size: 14pt;\">El caso del m\u00e9dico\u00a0<strong>Manuel Elkin Patarroyo<\/strong>\u00a0es especialmente sangrante en este sentido.<\/span><\/p>\n<blockquote>\n<p style=\"text-align: justify;\"><span style=\"color: #008000;\"><strong><span style=\"font-size: 14pt;\">Este colombiano extraordinario, que entre otras cosas es el fundador del Instituto de Inmunolog\u00eda de su pa\u00eds, dise\u00f1\u00f3 una vacuna sint\u00e9tica, barata y eficaz para luchar contra la malaria, una de las enfermedades que mayores estragos ha causado en los pa\u00edses menos favorecidos del mundo.<\/span><\/strong><\/span><\/p>\n<\/blockquote>\n<p>&nbsp;<\/p>\n<p style=\"text-align: justify;\"><span style=\"font-size: 14pt;\">Pero en lugar de recibir el aplauso de sus colegas y el apoyo incondicional de las grandes compa\u00f1\u00edas para desarrollarla, se encontr\u00f3 con el g\u00e9lido desprecio de sus envidiosos colegas y la escandalosa propuesta econ\u00f3mica para que vendiera la patente a las multinacionales a fin de que \u00e9stas produjeran la vacuna a escala mundial, respetando sus adjetivos de\u00a0<em>\u00absint\u00e9tica\u00bb<\/em>\u00a0y\u00a0<em>\u00abeficaz\u00bb<\/em>, pero eliminando el de\u00a0<em>\u00abbarata\u00bb<\/em>.\u00a0<\/span><\/p>\n<p style=\"text-align: justify;\"><span style=\"font-size: 14pt;\"><strong>Patarroyo<\/strong>\u00a0insisti\u00f3 en que la idea desde un primer momento hab\u00eda sido la de crear una medicaci\u00f3n asequible a todos los bolsillos y en especial a los de los m\u00e1s pobres, as\u00ed que don\u00f3 su descubrimiento a la Organizaci\u00f3n Mundial de la Salud para que la fabricara y comercializara en beneficio de roda la humanidad.<\/span><\/p>\n<blockquote>\n<p style=\"text-align: justify;\"><span style=\"color: #008000;\"><strong><span style=\"font-size: 14pt;\">Jam\u00e1s se lo perdonaron: su vacuna, sus dem\u00e1s investigaciones y su misma persona han sido cuestionadas sistem\u00e1ticamente desde entonces, incluso desde dentro de la propia OMS, mientras los laboratorios de las compa\u00f1\u00edas continuaban \u2014y contin\u00faan hoy\u2014 buscando su propia vacuna para venderla a su precio.<\/span><\/strong><\/span><\/p>\n<\/blockquote>\n<p>&nbsp;<\/p>\n<p style=\"text-align: justify;\"><span style=\"font-size: 14pt;\">Recientemente,<\/span><\/p>\n<blockquote>\n<p style=\"text-align: justify;\"><strong><span style=\"font-size: 14pt; color: #008000;\">una docena de especialistas en malaria oriundos de varios pa\u00edses, encabezados por el abogado y especialista de la Universidad de Ottawa Amir Attaran, acusaban a las instituciones internacionales, en especial al Banco Mundial, de enga\u00f1ar al mundo y propiciar todo tipo de errores en sus campa\u00f1as \u2014que no incluyen la vacuna de Pararrayo\u2014 contra la enfermedad. Traducci\u00f3n: la muerte de \u00abcentenares de miles de ni\u00f1os\u00bb.<\/span><\/strong><\/p>\n<\/blockquote>\n<p>&nbsp;<\/p>\n<p style=\"text-align: justify;\"><span style=\"font-size: 14pt;\">El \u00faltimo caso de este tipo del que tengo noticia hace referencia a las investigaciones de un doctor en f\u00edsica espa\u00f1ol,\u00a0<strong>Antonio Br\u00fa<\/strong>,<\/span><\/p>\n<blockquote>\n<p style=\"text-align: justify;\"><strong><span style=\"font-size: 14pt; color: #008000;\">que ha dise\u00f1ado una nueva terapia contra el c\u00e1ncer que prescinde de la devastadora quimioterapia y, en su lugar, potencia el sistema inmunol\u00f3gico del paciente.<\/span><\/strong><\/p>\n<\/blockquote>\n<p>&nbsp;<\/p>\n<p style=\"text-align: justify;\"><span style=\"font-size: 14pt;\">Los estudios presentados, incluyendo el tratamiento de dos pacientes inicialmente desahuciados que consiguieron recuperarse a plena satisfacci\u00f3n, aparecieron en la prensa como curaciones casi milagrosas. Sin embargo, la investigaci\u00f3n necesita dinero y confianza de las autoridades sanitarias, y no parece que <strong>Br\u00fa<\/strong> ande sobrado de ellas.<\/span><\/p>\n<blockquote>\n<p style=\"text-align: justify;\"><span style=\"color: #008000;\"><strong><span style=\"font-size: 14pt;\">Los onc\u00f3logos en general no apoyan sus trabajos, por no ser \u00e9l mismo un cient\u00edfico del sector. Y las multinacionales miran para otro lado porque si desaparecieran los tratamientos de quimioterapia y radioterapia, dejar\u00edan de ganar miles de millones.<\/span><\/strong><\/span><\/p>\n<\/blockquote>\n<p>&nbsp;<\/p>\n<p style=\"text-align: justify;\"><span style=\"font-size: 14pt;\">A estas alturas,<\/span><\/p>\n<blockquote>\n<p style=\"text-align: justify;\"><strong><span style=\"font-size: 14pt; color: #008000;\">parece bastante claro que la ciencia tampoco es algo de lo que podamos fiarnos plenamente, aunque a primera vista no se advierta ninguna mano negra detr\u00e1s de ella; simplemente, personas cegadas por el dinero y el \u00e9xito.<\/span><\/strong><\/p>\n<\/blockquote>\n<p>&nbsp;<\/p>\n<p style=\"text-align: justify;\"><span style=\"font-size: 14pt;\">Mas preg\u00fantese, igual que lo hizo con la Historia o los medios de comunicaci\u00f3n:<\/span><\/p>\n<blockquote>\n<p style=\"text-align: justify;\"><span style=\"color: #008000;\"><strong><span style=\"font-size: 14pt;\">\u00bfQu\u00e9 descubrimientos, qu\u00e9 conocimientos que podr\u00edan cambiar la mente de la Humanidad \u2014y su vida diaria\u2014 no han sido silenciados durante todos estos a\u00f1os y por motivos no aclarados?<\/span><\/strong><\/span><\/p>\n<\/blockquote>\n<p>&nbsp;<\/p>\n<p style=\"text-align: justify;\"><span style=\"font-size: 14pt;\">Entre los numerosos textos conspiranoicos que circulan por el mundo, el \u00faltimo que ha conseguido cierto impacto ha sido\u00a0<strong><em>The Secret Covenant<\/em><\/strong>\u00a0\u00a0(\u00ab<em>El pacto secreto<\/em>\u00bb), publicado por primera vez en junio de 2002 en Internet, a trav\u00e9s de la web de <strong><em>Bankindex<\/em><\/strong>, una compa\u00f1\u00eda punto.com de origen estadounidense dedicada a la consultor\u00eda financiera. <\/span><\/p>\n<p style=\"text-align: justify;\"><span style=\"font-size: 14pt;\">Alguien remiti\u00f3 el texto de manera an\u00f3nima y desde all\u00ed fue difundido y traducido a diversos idiomas.\u00a0<\/span><span style=\"font-size: 14pt;\">Los profesionales de <em><strong>Bankindex<\/strong><\/em>recibieron una avalancha de correos electr\u00f3nicos solicitando informaci\u00f3n sobre el texto: qui\u00e9n lo hab\u00eda publicado, por qu\u00e9 y con qu\u00e9 intenciones. <\/span><\/p>\n<p style=\"text-align: justify;\"><span style=\"font-size: 14pt;\">Pero la empresa no pudo facilitar datos adicionales porque quienquiera que fuese el autor de aquellas l\u00edneas las hab\u00eda hecho llegar an\u00f3nimamente mediante uno de sus formularios y aportando una direcci\u00f3n de correo electr\u00f3nico no utilizable.<\/span><\/p>\n<blockquote>\n<p style=\"text-align: justify;\"><span style=\"font-size: 14pt; color: #008000;\"><strong>Lo que nos interesa aqu\u00ed de este escrito es el hecho de que cita reiteradamente el uso de la ciencia como un arma para que los miembros de la sociedad secreta oscura a los que parece ir dirigido consigan su prop\u00f3sito, que, por cierto, es el de costumbre.<\/strong><\/span><\/p>\n<\/blockquote>\n<p>&nbsp;<\/p>\n<p style=\"text-align: justify;\"><span style=\"font-size: 14pt;\">Despu\u00e9s de lo que hemos visto hasta el momento, el documento resulta lo bastante inquietante como para ser una mera broma. Y lo bastante breve como para reproducirlo \u00edntegro a continuaci\u00f3n:<\/span><\/p>\n<\/div>\n<p>&nbsp;<\/p>\n<p><a href=\"https:\/\/es.wikipedia.org\/wiki\/Teor%C3%ADa_conspirativa\" target=\"_blank\" rel=\"noopener\" data-schema-attribute=\"\"><img loading=\"lazy\" decoding=\"async\" class=\"aligncenter wp-image-2318417\" src=\"https:\/\/puntocritico.com\/ausajpuntocritico\/wp-content\/uploads\/2026\/03\/ILLUMINATI-Paul-H-Koch-194x300.webp\" alt=\"\" width=\"240\" height=\"371\" srcset=\"https:\/\/puntocritico.com\/ausajpuntocritico\/wp-content\/uploads\/2026\/03\/ILLUMINATI-Paul-H-Koch-194x300.webp 194w, https:\/\/puntocritico.com\/ausajpuntocritico\/wp-content\/uploads\/2026\/03\/ILLUMINATI-Paul-H-Koch.webp 360w\" sizes=\"auto, (max-width: 240px) 100vw, 240px\" \/><\/a><\/p>\n<p>&nbsp;<\/p>\n<div class=\"ff4\">\n<h3 style=\"text-align: center;\"><span style=\"font-size: 18pt;\"><strong>EL PACTO SECRETO<\/strong><\/span><\/h3>\n<blockquote>\n<p style=\"text-align: justify;\"><span style=\"color: #008000;\"><strong><span style=\"font-size: 14pt;\"><em>\u00abUna ilusi\u00f3n que ser\u00e1 tan grande, tan inmensa, que escapar\u00e1 a la percepci\u00f3n normal. Aquellos que la vean ser\u00e1n acusados de dementes. Crearemos frentes separados para impedirles ver la conexi\u00f3n entre nosotros. Nos comportaremos como si no estuvi\u00e9ramos conectados, para mantener viva\u00a0 la ilusi\u00f3n. <\/em><\/span><\/strong><\/span><\/p>\n<p style=\"text-align: justify;\"><span style=\"color: #008000;\"><strong><span style=\"font-size: 14pt;\"><em>As\u00ed lograremos nuestro objetivo, paso a paso, de tal manera que jam\u00e1s nadie sospechar\u00e1 de nosotros. Esto tambi\u00e9n les impedir\u00e1 ver los\u00a0 cambios cuando se produzcan\u2026 <\/em><\/span><\/strong><\/span><\/p>\n<p style=\"text-align: justify;\"><span style=\"color: #008000;\"><strong><span style=\"font-size: 14pt;\"><em>Siempre estaremos por encima de su parcial campo de experiencia, porque conocemos los secretos del Absoluto.<\/em><\/span><\/strong><\/span><\/p>\n<p style=\"text-align: justify;\"><span style=\"color: #008000;\"><strong><span style=\"font-size: 14pt;\"><em>Trabajaremos juntos y permaneceremos unidos por la sangre y el secreto. La muerte llegar\u00e1 a todo aquel que hable.<\/em><\/span><\/strong><\/span><\/p>\n<p style=\"text-align: justify;\"><span style=\"color: #008000;\"><strong><span style=\"font-size: 14pt;\"><em>Reduciremos sus expectativas de vida y debilitaremos sus mentes, mientras pretendemos hacer lo contrario. Usaremos nuestro conocimiento de ciencia y tecnolog\u00eda en forma sutil, de tal forma que ellos jam\u00e1s ver\u00e1n lo que est\u00e1 pasando. <\/em><\/span><\/strong><\/span><\/p>\n<p style=\"text-align: justify;\"><span style=\"color: #008000;\"><strong><span style=\"font-size: 14pt;\"><em>Utilizaremos los metales, aceleradores de envejecimiento y tranquilizantes en la comida, el agua y tambi\u00e9n en el aire. Ellos se ver\u00e1n rodeados de venenos por todas partes, miren a donde miren. Los metales les har\u00e1n perder sus mentes. <\/em><\/span><\/strong><\/span><\/p>\n<p style=\"text-align: justify;\"><span style=\"color: #008000;\"><strong><span style=\"font-size: 14pt;\"><em>Prometeremos encontrar la cura en algunos de nuestros campos de experimentaci\u00f3n y, en realidad, les proporcionaremos nuevos venenos. Estos venenos los absorber\u00e1n por su piel y sus bocas, y destruir\u00e1n sus mentes y sus sistemas reproductores. <\/em><\/span><\/strong><\/span><\/p>\n<p style=\"text-align: justify;\"><span style=\"color: #008000;\"><strong><span style=\"font-size: 14pt;\"><em>Por todo esto, sus ni\u00f1os nacer\u00e1n muertos, y nosotros ocultaremos esta informaci\u00f3n. Los venenos se esconder\u00e1n en todo lo que los rodea: en lo que ellos beban, coman, respiren y vistan. <\/em><\/span><\/strong><\/span><\/p>\n<p style=\"text-align: justify;\"><span style=\"color: #008000;\"><strong><span style=\"font-size: 14pt;\"><em>Debemos ser ingeniosos distribuy\u00e9ndolos porque ellos pueden darse cuenta. Les ense\u00f1aremos que los venenos son buenos, con im\u00e1genes divertidas y tonos musicales.<\/em><\/span><\/strong><\/span><\/p>\n<p style=\"text-align: justify;\"><span style=\"color: #008000;\"><strong><span style=\"font-size: 14pt;\"><em>Aquellos que pudieran ayudar ser\u00e1n reclutados por nosotros para empujarlos hacia nuestros venenos. Ver\u00e1n c\u00f3mo nuestros productos se usan en las pel\u00edculas, crecer\u00e1n acostumbrados a ellos y nunca sabr\u00e1n su verdadero efecto. <\/em><\/span><\/strong><\/span><\/p>\n<p style=\"text-align: justify;\"><span style=\"color: #008000;\"><strong><span style=\"font-size: 14pt;\"><em>Cuando ellos den a luz, inyectaremos los venenos en la sangre de sus ni\u00f1os y los convenceremos de su utilidad. Comenzaremos a edad temprana, cuando sus mentes son a\u00fan j\u00f3venes. <\/em><\/span><\/strong><\/span><\/p>\n<p style=\"text-align: justify;\"><span style=\"color: #008000;\"><strong><span style=\"font-size: 14pt;\"><em>Tendremos a los ni\u00f1os como objetivo con lo que ellos m\u00e1s desean: las cosas dulces. Cuando sus dientes se deterioren, los llenaremos de metales que matar\u00e1n sus mentes y robar\u00e1n su futuro. <\/em><\/span><\/strong><\/span><\/p>\n<p style=\"text-align: justify;\"><span style=\"color: #008000;\"><strong><span style=\"font-size: 14pt;\"><em>Cuando su habilidad de aprender haya sido afectada, crearemos medicinas que los enfermar\u00e1n a\u00fan m\u00e1s y que causar\u00e1n nuevas dolencias para las cuales crearemos m\u00e1s medicinas. <\/em><\/span><\/strong><\/span><\/p>\n<p style=\"text-align: justify;\"><span style=\"color: #008000;\"><strong><span style=\"font-size: 14pt;\"><em>Mediante nuestro poder, los haremos d\u00f3ciles y d\u00e9biles ante nosotros. Crecer\u00e1n deprimidos, lentos y obesos y, cuando ellos vengan a nosotros pidiendo ayuda, les daremos m\u00e1s venenos.<\/em><\/span><\/strong><\/span><\/p>\n<p style=\"text-align: justify;\"><span style=\"color: #008000;\"><strong><span style=\"font-size: 14pt;\"><em>Nosotros enfocaremos su atenci\u00f3n hacia el dinero y las cosas materiales; as\u00ed jam\u00e1s se conectar\u00e1n con su yo interno. <\/em><\/span><\/strong><\/span><\/p>\n<p style=\"text-align: justify;\"><span style=\"color: #008000;\"><strong><span style=\"font-size: 14pt;\"><em>Los distraeremos con la fornicaci\u00f3n, los placeres externos y todo tipo de juegos para que jam\u00e1s puedan ser uno con la unidad de Todo. <\/em><\/span><\/strong><\/span><\/p>\n<p style=\"text-align: justify;\"><span style=\"color: #008000;\"><strong><span style=\"font-size: 14pt;\"><em>Sus mentes nos pertenecer\u00e1n y har\u00e1n todo aquello que digamos. Si ellos se negasen, encontraremos maneras de usar t\u00e9cnicas de alteraci\u00f3n de la mente en sus vidas. Usaremos el miedo como nuestra arma. <\/em><\/span><\/strong><\/span><\/p>\n<p style=\"text-align: justify;\"><span style=\"color: #008000;\"><strong><span style=\"font-size: 14pt;\"><em>Estableceremos sus gobiernos y estableceremos la oposici\u00f3n a sus gobiernos. Poseeremos ambos lados. <\/em><\/span><\/strong><\/span><\/p>\n<p style=\"text-align: justify;\"><span style=\"color: #008000;\"><strong><span style=\"font-size: 14pt;\"><em>Siempre esconderemos nuestros objetivos, pero llevaremos a cabo nuestro plan. Realizar\u00e1n la labor para nosotros y prosperaremos de su trabajo. <\/em><\/span><\/strong><\/span><\/p>\n<p style=\"text-align: justify;\"><span style=\"color: #008000;\"><strong><span style=\"font-size: 14pt;\"><em>Nuestras familias nunca se mezclar\u00e1n con las suyas. Nuestra sangre deber\u00e1 ser pura, siempre: \u00e9sa es la f\u00f3rmula.<\/em><\/span><\/strong><\/span><\/p>\n<p style=\"text-align: justify;\"><span style=\"color: #008000;\"><strong><span style=\"font-size: 14pt;\"><em>Nosotros los haremos matarse entre ellos cuando nos convenga. Los mantendremos separados gracias a los dogmas y la religi\u00f3n. <\/em><\/span><\/strong><\/span><\/p>\n<p style=\"text-align: justify;\"><span style=\"color: #008000;\"><strong><span style=\"font-size: 14pt;\"><em>Controlaremos todos los aspectos de sus vidas, les diremos c\u00f3mo y qu\u00e9 pensar. Los guiaremos suave y amablemente, dej\u00e1ndolos pensar que se gu\u00edan a s\u00ed mismos. <\/em><\/span><\/strong><\/span><\/p>\n<p style=\"text-align: justify;\"><span style=\"color: #008000;\"><strong><span style=\"font-size: 14pt;\"><em>Fomentaremos la animosidad entre ellos a trav\u00e9s de nuestras diversas facciones. Y cuando una luz brille entre ellos, la extinguiremos por medio del rid\u00edculo o de la muerte: lo que nos satisfaga m\u00e1s. <\/em><\/span><\/strong><\/span><\/p>\n<p style=\"text-align: justify;\"><span style=\"color: #008000;\"><strong><span style=\"font-size: 14pt;\"><em>Haremos que rompan los corazones de sus padres y que maten a sus propios hijos. Nosotros lograremos esto, usando el odio como nuestro aliado y la ira como nuestro amigo. <\/em><\/span><\/strong><\/span><\/p>\n<p style=\"text-align: justify;\"><span style=\"color: #008000;\"><strong><span style=\"font-size: 14pt;\"><em>El odio los cegar\u00e1 totalmente y nunca ver\u00e1n que, de sus conflictos, saldremos triunfadores y gobern\u00e1ndolos. Estar\u00e1n demasiado ocupados mat\u00e1ndose unos a otros. <\/em><\/span><\/strong><\/span><\/p>\n<p style=\"text-align: justify;\"><span style=\"color: #008000;\"><strong><span style=\"font-size: 14pt;\"><em>Se ba\u00f1ar\u00e1n en su propia sangre y matar\u00e1n a sus vecinos hasta el momento que lo consideremos propicio para nuestro ataque.<\/em><\/span><\/strong><\/span><\/p>\n<p style=\"text-align: justify;\"><span style=\"color: #008000;\"><strong><span style=\"font-size: 14pt;\"><em>Nos beneficiaremos enormemente de esto, porque no nos ver\u00e1n, porque no pueden vernos. Continuaremos prosperando gracias a sus guerras y sus muertes. Y repetiremos esto una y otra vez hasta que nuestra \u00faltima meta sea\u00a0 lograda. <\/em><\/span><\/strong><\/span><\/p>\n<p style=\"text-align: justify;\"><span style=\"color: #008000;\"><strong><span style=\"font-size: 14pt;\"><em>Seguiremos haci\u00e9ndolos vivir en medio del miedo y de la ira mediante im\u00e1genes y sonidos apropiados. Usaremos todas las herramientas que tenemos para lograr esto, que ser\u00e1n proporcionadas por su propio trabajo. <\/em><\/span><\/strong><\/span><\/p>\n<p style=\"text-align: justify;\"><span style=\"color: #008000;\"><strong><span style=\"font-size: 14pt;\"><em>Los haremos odiarse a s\u00ed mismos y a sus vecinos. Esconderemos siempre la verdad divina ante ellos: que nosotros somos todos Uno. \u00a1Esto es Lo que ellos nunca deber\u00e1n saber! <\/em><\/span><\/strong><\/span><\/p>\n<p style=\"text-align: justify;\"><span style=\"color: #008000;\"><strong><span style=\"font-size: 14pt;\"><em>Ellos nunca deber\u00e1n saber que el color es una ilusi\u00f3n; siempre deber\u00e1n pensar que ellos no son iguales entre si. Paso a paso, paso a paso avanzaremos hacia nuestra meta. <\/em><\/span><\/strong><\/span><\/p>\n<p style=\"text-align: justify;\"><span style=\"color: #008000;\"><strong><span style=\"font-size: 14pt;\"><em>Tomaremos sus tierras, sus recursos y riquezas para ejercer el control total sobre ellos. Los enga\u00f1aremos para que acepten leyes que robar\u00e1n la peque\u00f1a libertad que puedan tener. <\/em><\/span><\/strong><\/span><\/p>\n<p style=\"text-align: justify;\"><span style=\"color: #008000;\"><strong><span style=\"font-size: 14pt;\"><em>Estableceremos un sistema de dinero que los encarcelar\u00e1 para siempre, manteni\u00e9ndolos a ellos y a sus hijos en la deuda permanente.<\/em><\/span><\/strong><\/span><\/p>\n<p style=\"text-align: justify;\"><span style=\"color: #008000;\"><strong><span style=\"font-size: 14pt;\"><em>Si ellos logran unirse en alg\u00fan momento, acusaremos a quien lo haga de muchos cr\u00edmenes y presentaremos una historia diferente al mundo, porque nosotros poseeremos todos los medios de comunicaci\u00f3n. <\/em><\/span><\/strong><\/span><\/p>\n<p style=\"text-align: justify;\"><span style=\"color: #008000;\"><strong><span style=\"font-size: 14pt;\"><em>Los usaremos para controlar el flujo de informaci\u00f3n y su sentimiento en nuestro favor. Si ellos luchan contra nosotros. Los aplastaremos como insectos, porque son menos que eso. <\/em><\/span><\/strong><\/span><\/p>\n<p style=\"text-align: justify;\"><span style=\"color: #008000;\"><strong><span style=\"font-size: 14pt;\"><em>Ellos carecer\u00e1n de poder para hacer algo porque no tendr\u00e1n ninguna arma. Reclutaremos algunos de los suyos para llevar a cabo nuestros planes: les prometeremos la vida eterna, aunque nunca la tendr\u00e1n porque ellos no son de los nuestros. <\/em><\/span><\/strong><\/span><\/p>\n<p style=\"text-align: justify;\"><span style=\"color: #008000;\"><strong><span style=\"font-size: 14pt;\"><em>Los reclutas se adoctrinar\u00e1n para creer en falsos ritos de paso a Los m\u00e1s altos reinos. Los miembros de estos grupos pensar\u00e1n que ellos son uno con nosotros, pero nunca sabr\u00e1n la verdad. <\/em><\/span><\/strong><\/span><\/p>\n<p style=\"text-align: justify;\"><span style=\"color: #008000;\"><strong><span style=\"font-size: 14pt;\"><em>Jam\u00e1s deber\u00e1n aprender esta verdad o de lo contrario se volver\u00e1n en contra de nosotros. Por su trabajo se los premiar\u00e1 con objetos materiales y con grandes t\u00edtulos, pero nunca ser\u00e1n inmortales y nunca se nos unir\u00e1n. <\/em><\/span><\/strong><\/span><\/p>\n<p style=\"text-align: justify;\"><span style=\"color: #008000;\"><strong><span style=\"font-size: 14pt;\"><em>Nunca recibir\u00e1n la luz ni viajar\u00e1n a las estrellas. Ellos nunca alcanzar\u00e1n los reinos m\u00e1s altos: los cr\u00edmenes contra su propio g\u00e9nero impedir\u00e1n el paso al reino del esclarecimiento. Esto nunca lo sabr\u00e1n. <\/em><\/span><\/strong><\/span><\/p>\n<p style=\"text-align: justify;\"><span style=\"color: #008000;\"><strong><span style=\"font-size: 14pt;\"><em>La verdad se ocultar\u00e1 en sus rostros: tan cerca, que ser\u00e1n incapaces de enfocarla hasta que sea demasiado tarde. Oh, s\u00ed: tan grande ser\u00e1 la ilusi\u00f3n de libertad que nunca sabr\u00e1n que son nuestros esclavos. <\/em><\/span><\/strong><\/span><\/p>\n<p style=\"text-align: justify;\"><span style=\"color: #008000;\"><strong><span style=\"font-size: 14pt;\"><em>Cuando todo est\u00e9 en su lugar, la realidad que nosotros habremos creado para ellos los poseer\u00e1. Esta realidad ser\u00e1 su prisi\u00f3n. Ellos vivir\u00e1n en el autoenga\u00f1o.<\/em><\/span><\/strong><\/span><\/p>\n<p style=\"text-align: justify;\"><span style=\"color: #008000;\"><strong><span style=\"font-size: 14pt;\"><em>Y cuando nuestra meta est\u00e9 cumplida, una nueva era de dominaci\u00f3n comenzar\u00e1. Sus mentes se limitar\u00e1n por sus creencias; las creencias que nosotros hemos establecido, desde tiempo inmemorial. <\/em><\/span><\/strong><\/span><\/p>\n<p style=\"text-align: justify;\"><span style=\"color: #008000;\"><strong><span style=\"font-size: 14pt;\"><em>Pero si ellos alguna vez averiguan que son iguales a nosotros, entonces pereceremos. ELLOS NUNCA DEBER\u00c1N SABER ESTO. Si ellos alguna vez averiguan que juntos pueden vencernos, tomar\u00e1n la iniciativa. <\/em><\/span><\/strong><\/span><\/p>\n<p style=\"text-align: justify;\"><span style=\"color: #008000;\"><strong><span style=\"font-size: 14pt;\"><em>Ellos nunca deben, en toda su vida, averiguar lo que hemos hecho, porque si lo hacen, no tendremos lugar adonde huir. Para ellos ser\u00e1 f\u00e1cil ver qui\u00e9nes somos una vez que el velo que los ciega haya ca\u00eddo. <\/em><\/span><\/strong><\/span><\/p>\n<p style=\"text-align: justify;\"><span style=\"color: #008000;\"><strong><span style=\"font-size: 14pt;\"><em>Nuestras acciones se habr\u00e1n revelado, sabr\u00e1n qui\u00e9nes somos, nos cazar\u00e1n y ninguna persona nos dar\u00e1 cobijo. \u00c9ste es el Pacto Secreto por el cual viviremos el resto de nuestra vida actual y las futuras; para esta realidad, trascender\u00e1n muchas generaciones y esperanzas de vida. <\/em><\/span><\/strong><\/span><\/p>\n<p style=\"text-align: justify;\"><span style=\"color: #008000;\"><strong><span style=\"font-size: 14pt;\"><em>Este convenio se sella por sangre, nuestra sangre. Nosotros, los \u00fanicos que vinimos del Cielo a la Tierra. La existencia de este pacto NUNCA deber\u00e1, en ning\u00fan caso, ser conocida. <\/em><\/span><\/strong><\/span><\/p>\n<p style=\"text-align: justify;\"><span style=\"color: #008000;\"><strong><span style=\"font-size: 14pt;\"><em>Nunca deber\u00e1 escribirse o hablar de \u00e9l, si no queremos tener en cuenta que la conciencia que generar\u00eda soltar\u00e1 la furia del Creador sobre nosotros y ser\u00edamos lanzados a las profundidades de donde venimos para permanecer all\u00ed hasta el fin de los tiempos o la infinidad misma\u00bb<\/em><\/span><\/strong><\/span><\/p>\n<\/blockquote>\n<p>&nbsp;<\/p>\n<p style=\"text-align: justify;\"><span style=\"font-size: 14pt;\">Dos opiniones autorizadas para terminar este ep\u00edgrafe sobre la relaci\u00f3n del ciudadano corriente con la ciencia.<\/span><\/p>\n<p style=\"text-align: justify;\"><span style=\"font-size: 14pt;\">El <em>catedr\u00e1tico de la Universidad de Stanford y premio Nobel de F\u00edsica 1996<\/em>, el estadounidense\u00a0<strong>Douglas Osheroff<\/strong>, advirti\u00f3 durante un seminario en <em>Kuala Lumpur<\/em> en 2004:<\/span><\/p>\n<blockquote>\n<p style=\"text-align: justify;\"><strong><span style=\"font-size: 14pt; color: #008000;\"><em>\u00abCada vez hay m\u00e1s gente analfabeta en asuntos cient\u00edficos, a pesar de la conciencia creciente de la importancia que tiene la educaci\u00f3n en esta materia; y la tendencia no es exclusiva de Estados Unidos, sino que constituye un fen\u00f3meno mundial.\u00bb<\/em><\/span><\/strong><\/p>\n<\/blockquote>\n<p>&nbsp;<\/p>\n<p style=\"text-align: justify;\"><span style=\"font-size: 14pt;\">El\u00a0<em>hacker<\/em>\u00a0m\u00e1s famoso del mundo, el norteamericano\u00a0<strong>Kevin Mitnick<\/strong>\u00a0\u2014cuyo historial arranca con su afici\u00f3n a los sistemas telef\u00f3nicos e inform\u00e1ticos a los trece a\u00f1os de edad y que lleg\u00f3 a encabezar la lista de los m\u00e1s buscados del FBI hasta que fue detenido y encarcelado\u2014, sentenci\u00f3 en una entrevista reciente:<\/span><\/p>\n<blockquote>\n<p style=\"text-align: justify;\"><strong><span style=\"font-size: 14pt; color: #008000;\"><em>\u00abLa gente no est\u00e1 entrenada contra el enga\u00f1o a trav\u00e9s de la tecnolog\u00eda.\u00bb<\/em><\/span><\/strong><\/p>\n<\/blockquote>\n<\/div>\n<p>&nbsp;<\/p>\n<p>&nbsp;<\/p>\n<p><img loading=\"lazy\" decoding=\"async\" class=\"aligncenter wp-image-2266585 size-full\" src=\"https:\/\/puntocritico.com\/ausajpuntocritico\/wp-content\/uploads\/2023\/02\/narcisismo-tecnologia-y-politica-enchufe.jpg\" alt=\"\" width=\"440\" height=\"287\" srcset=\"https:\/\/puntocritico.com\/ausajpuntocritico\/wp-content\/uploads\/2023\/02\/narcisismo-tecnologia-y-politica-enchufe.jpg 440w, https:\/\/puntocritico.com\/ausajpuntocritico\/wp-content\/uploads\/2023\/02\/narcisismo-tecnologia-y-politica-enchufe-300x196.jpg 300w\" sizes=\"auto, (max-width: 440px) 100vw, 440px\" \/><\/p>\n<div class=\"ff4\">\n<p style=\"text-align: center;\"><strong><span style=\"font-size: 18pt; color: #008000;\">* * *<\/span><\/strong><\/p>\n<\/div>\n<p style=\"text-align: justify;\"><span style=\"font-size: 14pt;\"><strong>AUTOR:<\/strong>\u00a0<strong>Paul H. Koch<\/strong>.\u00a0<strong>FUENTE:<\/strong>\u00a0<em>El pacto secreto,\u00a0<\/em>documento intercalado en el ep\u00edgrafe<em>\u00a0Las travesuras de la ciencia\u00bb.\u00a0<\/em>La historia oculta del mundo. De la prehistoria al terrorismo internacional. Editorial Planeta, 2007.<\/span><\/p>\n<p style=\"text-align: justify;\">\u00a0<\/p>\n<p><img loading=\"lazy\" decoding=\"async\" class=\"aligncenter wp-image-2225045\" src=\"https:\/\/puntocritico.com\/ausajpuntocritico\/wp-content\/uploads\/2021\/09\/cambios-tecnologicos-pandemia-300x208.jpg\" alt=\"\" width=\"440\" height=\"305\" srcset=\"https:\/\/puntocritico.com\/ausajpuntocritico\/wp-content\/uploads\/2021\/09\/cambios-tecnologicos-pandemia-300x208.jpg 300w, https:\/\/puntocritico.com\/ausajpuntocritico\/wp-content\/uploads\/2021\/09\/cambios-tecnologicos-pandemia-768x532.jpg 768w, https:\/\/puntocritico.com\/ausajpuntocritico\/wp-content\/uploads\/2021\/09\/cambios-tecnologicos-pandemia-610x422.jpg 610w, https:\/\/puntocritico.com\/ausajpuntocritico\/wp-content\/uploads\/2021\/09\/cambios-tecnologicos-pandemia.jpg 800w\" sizes=\"auto, (max-width: 440px) 100vw, 440px\" \/><\/p>\n<p style=\"text-align: center;\"><strong><span style=\"color: #008000; font-size: 18pt;\">*******<\/span><\/strong><\/p>\n<h2 class=\"page-title\" style=\"text-align: center;\"><span dir=\"auto\" style=\"font-size: 24pt;\">ADICCI\u00d3N TECNOL\u00d3GICA<\/span><\/h2>\n<p style=\"text-align: justify;\"><span style=\"font-size: 14pt;\">Por <span dir=\"auto\">Roberto Giacomelli<\/span><\/span><\/p>\n<div class=\"field field-name-field-date-view field-type-datetime field-label-hidden\" style=\"text-align: justify;\">\n<div class=\"field-items\">\n<div class=\"field-item even\"><span class=\"date-display-single\" style=\"font-size: 14pt;\"><span dir=\"auto\"><a href=\"https:\/\/www.2dipicche.news\/la-dipendenza-tecnologica\/\">2dipicche<\/a>, 26 FEBRERO 2026<\/span><\/span><\/div>\n<\/div>\n<\/div>\n<div>\u00a0<\/div>\n<div><img loading=\"lazy\" decoding=\"async\" class=\"aligncenter wp-image-2318365 size-mh-magazine-content\" src=\"https:\/\/puntocritico.com\/ausajpuntocritico\/wp-content\/uploads\/2026\/03\/La-dipendenza-tecnologica-1140x570-1-678x381.webp\" alt=\"\" width=\"678\" height=\"381\" \/><\/div>\n<div class=\"field field-name-field-autor field-type-entityreference field-label-hidden\">\n<div class=\"field-items\">\n<div class=\"field-item even\" style=\"text-align: justify;\">\u00a0<\/div>\n<\/div>\n<\/div>\n<div class=\"field field-name-body field-type-text-with-summary field-label-hidden\">\n<div class=\"field-items\">\n<div class=\"field-item even\">\n<p>&nbsp;<\/p>\n<p style=\"text-align: justify;\"><span dir=\"auto\" style=\"font-size: 14pt;\"><strong>Las adicciones son un trastorno psicof\u00edsico que siempre ha afectado a la humanidad<\/strong>, desde los <strong><em>lot\u00f3fagos<\/em><\/strong> de los poemas \u00e9picos y los drogadictos de la antig\u00fcedad hasta los <a href=\"https:\/\/puntocritico.com\/ausajpuntocritico\/2020\/08\/02\/los-poetas-malditos-villiers-de-lisle-adam%e2%80%8b%e2%80%8b-por-paul-verlaine\/\" target=\"_blank\" rel=\"noopener\" data-schema-attribute=\"\"><em><strong>poetas malditos<\/strong><\/em><\/a> adictos a la absenta. La adicci\u00f3n al alcohol, la comida, las drogas, la nicotina y la dependencia emocional son <strong>causadas por la b\u00fasqueda del placer y la privaci\u00f3n emocional, y son s\u00edntomas de trastornos depresivos<\/strong>.<\/span><\/p>\n<p style=\"text-align: justify;\"><span dir=\"auto\" style=\"font-size: 14pt;\">En la sociedad contempor\u00e1nea, <strong>nuevas formas de adicci\u00f3n provocan conductas compulsivas,<\/strong> como la compra de objetos in\u00fatiles que se desechan inmediatamente.<\/span><\/p>\n<\/div>\n<\/div>\n<\/div>\n<p>&nbsp;<\/p>\n<figure id=\"attachment_2318406\" aria-describedby=\"caption-attachment-2318406\" style=\"width: 400px\" class=\"wp-caption aligncenter\"><img loading=\"lazy\" decoding=\"async\" class=\"wp-image-2318406\" src=\"https:\/\/puntocritico.com\/ausajpuntocritico\/wp-content\/uploads\/2026\/03\/Lotofagos-Ulises-y-sus-companeros-huyen-de-los-lotofagos-comedores-de-la-flor-del-olvido-300x228.png\" alt=\"\" width=\"400\" height=\"304\" srcset=\"https:\/\/puntocritico.com\/ausajpuntocritico\/wp-content\/uploads\/2026\/03\/Lotofagos-Ulises-y-sus-companeros-huyen-de-los-lotofagos-comedores-de-la-flor-del-olvido-300x228.png 300w, https:\/\/puntocritico.com\/ausajpuntocritico\/wp-content\/uploads\/2026\/03\/Lotofagos-Ulises-y-sus-companeros-huyen-de-los-lotofagos-comedores-de-la-flor-del-olvido-80x60.png 80w, https:\/\/puntocritico.com\/ausajpuntocritico\/wp-content\/uploads\/2026\/03\/Lotofagos-Ulises-y-sus-companeros-huyen-de-los-lotofagos-comedores-de-la-flor-del-olvido.png 640w\" sizes=\"auto, (max-width: 400px) 100vw, 400px\" \/><figcaption id=\"caption-attachment-2318406\" class=\"wp-caption-text\"><span style=\"color: #008000;\">Ulises y sus compa\u00f1eros huyen de los lot\u00f3fagos (comedores de la flor del olvido)<\/span><\/figcaption><\/figure>\n<p>&nbsp;<\/p>\n<div class=\"field field-name-body field-type-text-with-summary field-label-hidden\">\n<div class=\"field-items\">\n<div class=\"field-item even\">\n<p style=\"text-align: justify;\"><span dir=\"auto\" style=\"font-size: 14pt;\"><strong>Tras la revoluci\u00f3n tecnol\u00f3gica de la d\u00e9cada del 2000<\/strong>, se ha producido una <strong>epidemia masiva de adicci\u00f3n a internet, las redes sociales y las herramientas digitales<\/strong>. Mientras que las adicciones a sustancias reflejan vac\u00edo emocional y falta de ideales, las adicciones a las compras reflejan una sociedad que se nutre de las apariencias.<\/span><\/p>\n<\/div>\n<\/div>\n<\/div>\n<p>&nbsp;<\/p>\n<blockquote>\n<p style=\"text-align: center;\"><strong><span dir=\"auto\" style=\"font-size: 14pt; color: #008000;\">Mientras que las adicciones a sustancias reflejan vac\u00edo emocional y falta de ideales, las adicciones a las compras reflejan una sociedad que se nutre de las apariencias.<\/span><\/strong><\/p>\n<\/blockquote>\n<p>&nbsp;<\/p>\n<div class=\"field field-name-body field-type-text-with-summary field-label-hidden\">\n<div class=\"field-items\">\n<div class=\"field-item even\">\n<p style=\"text-align: justify;\"><span dir=\"auto\" style=\"font-size: 14pt;\"><strong>La adicci\u00f3n a la tecnolog\u00eda expresa el gran aislamiento de una sociedad liberal<\/strong>, donde los espacios f\u00edsicos son limitados y las personas viven en <em>colmenas de hormig\u00f3n<\/em> en ciudades congestionadas con un ritmo fren\u00e9tico.<\/span><\/p>\n<p style=\"text-align: justify;\"><span dir=\"auto\" style=\"font-size: 14pt;\">Profundamente solos, con <strong>familias destruidas, gremios artesanales, hermandades y todas las grandes instituciones sociales de sociedades pasadas desaparecidas<\/strong>, lo que queda es la <strong>soledad<\/strong>. <\/span><\/p>\n<p style=\"text-align: justify;\"><span dir=\"auto\" style=\"font-size: 14pt;\">El <em>individualismo<\/em>, el <em>ego\u00edsmo<\/em> y el <em>narcisismo<\/em> han creado un vac\u00edo insalvable, llenado por contactos virtuales esenciales para la supervivencia emocional y afectiva de los j\u00f3venes.<\/span><\/p>\n<\/div>\n<\/div>\n<\/div>\n<p>&nbsp;<\/p>\n<blockquote>\n<p style=\"text-align: center;\"><strong><span dir=\"auto\" style=\"font-size: 14pt; color: #008000;\">Profundamente solos, con familias destruidas, gremios artesanales, hermandades y todas las grandes instituciones sociales de sociedades pasadas desaparecidas, lo que queda es la soledad. <\/span><\/strong><\/p>\n<p style=\"text-align: center;\"><strong><span dir=\"auto\" style=\"font-size: 14pt; color: #008000;\">El individualismo, el ego\u00edsmo y el narcisismo han creado un vac\u00edo insalvable, llenado por contactos virtuales esenciales para la supervivencia emocional y afectiva de los j\u00f3venes.<\/span><\/strong><\/p>\n<\/blockquote>\n<p>&nbsp;<\/p>\n<div class=\"field field-name-body field-type-text-with-summary field-label-hidden\">\n<div class=\"field-items\">\n<div class=\"field-item even\">\n<p style=\"text-align: justify;\"><span dir=\"auto\" style=\"font-size: 14pt;\">El coste de esta dependencia es elevado, lo que fomenta el aislamiento f\u00edsico y el <em>hikikomori<\/em> entre los j\u00f3venes, que se encierran en sus habitaciones durante meses frente a una pantalla. <\/span><\/p>\n<p style=\"text-align: justify;\"><span dir=\"auto\" style=\"font-size: 14pt;\">Los efectos en el comportamiento incluyen un aumento de la agresividad y la alteraci\u00f3n de los patrones de sue\u00f1o, mientras que en la esfera cognitiva se produce un deterioro de la memoria y la concentraci\u00f3n, y un estado de apat\u00eda constante. Los da\u00f1os f\u00edsicos incluyen miop\u00eda, aumento de peso debido al sedentarismo y dolor articular.<\/span><\/p>\n<p style=\"text-align: justify;\"><span dir=\"auto\" style=\"font-size: 14pt;\">La adicci\u00f3n tecnol\u00f3gica conduce a trastornos del estado de \u00e1nimo, desde la distimia hasta la depresi\u00f3n, destruyendo las vidas de quienes vegetan en un mundo que s\u00f3lo existe en sus mentes.<\/span><\/p>\n<\/div>\n<\/div>\n<\/div>\n<p>&nbsp;<\/p>\n<p><a href=\"https:\/\/www.adelante.cu\/index.php\/es\/opinion\/22360-adiccion-tecnologica-realidad-inevitable\" target=\"_blank\" rel=\"noopener\" data-schema-attribute=\"\"><img loading=\"lazy\" decoding=\"async\" class=\"aligncenter wp-image-2318373\" src=\"https:\/\/puntocritico.com\/ausajpuntocritico\/wp-content\/uploads\/2026\/03\/tecnofilia-adictos-a-la-tecnologia-300x225.jpg\" alt=\"\" width=\"400\" height=\"300\" srcset=\"https:\/\/puntocritico.com\/ausajpuntocritico\/wp-content\/uploads\/2026\/03\/tecnofilia-adictos-a-la-tecnologia-300x225.jpg 300w, https:\/\/puntocritico.com\/ausajpuntocritico\/wp-content\/uploads\/2026\/03\/tecnofilia-adictos-a-la-tecnologia-326x245.jpg 326w, https:\/\/puntocritico.com\/ausajpuntocritico\/wp-content\/uploads\/2026\/03\/tecnofilia-adictos-a-la-tecnologia-80x60.jpg 80w, https:\/\/puntocritico.com\/ausajpuntocritico\/wp-content\/uploads\/2026\/03\/tecnofilia-adictos-a-la-tecnologia.jpg 500w\" sizes=\"auto, (max-width: 400px) 100vw, 400px\" \/><\/a><\/p>\n<div class=\"field field-name-body field-type-text-with-summary field-label-hidden\">\n<div class=\"field-items\">\n<div class=\"field-item even\">\n<p>&nbsp;<\/p>\n<h3 style=\"text-align: center;\"><span style=\"font-size: 18pt;\"><strong><span dir=\"auto\">Sociedad supercompetitiva<\/span><\/strong><\/span><\/h3>\n<p style=\"text-align: justify;\"><span dir=\"auto\" style=\"font-size: 14pt;\">Escapar de la realidad a trav\u00e9s de im\u00e1genes es muestra de <strong>la dificultad de vivir en una sociedad supercompetitiva, \u00e1rida por falta de ideales y espiritualidad<\/strong>, hu\u00e9rfana de rituales que proporcionen equilibrio y contacto con la esfera sagrada.<\/span><\/p>\n<p style=\"text-align: justify;\"><span dir=\"auto\" style=\"font-size: 14pt;\">Tras d\u00e9cadas de <strong><em>materialismo<\/em><\/strong>y <strong><em>consumismo<\/em><\/strong>, los m\u00e1s fr\u00e1giles se refugian en dimensiones virtuales, nuevos para\u00edsos artificiales no provocados por sustancias psicotr\u00f3picas, sino por pantallas de ordenador.<\/span><\/p>\n<\/div>\n<\/div>\n<\/div>\n<p>&nbsp;<\/p>\n<blockquote>\n<p style=\"text-align: center;\"><strong><span dir=\"auto\" style=\"font-size: 14pt; color: #008000;\">Tras d\u00e9cadas de <em>materialismo<\/em> y <em>consumismo<\/em>, los m\u00e1s fr\u00e1giles se refugian en dimensiones virtuales, nuevos para\u00edsos artificiales no provocados por sustancias psicotr\u00f3picas, sino por pantallas de ordenador.<\/span><\/strong><\/p>\n<\/blockquote>\n<p>&nbsp;<\/p>\n<div class=\"field field-name-body field-type-text-with-summary field-label-hidden\">\n<div class=\"field-items\">\n<div class=\"field-item even\">\n<p style=\"text-align: justify;\"><span dir=\"auto\" style=\"font-size: 14pt;\">Varios pa\u00edses han prohibido o restringido el <strong>acceso de los menores a Internet, especialmente a las redes sociales<\/strong>, lo que desencadena peligrosos sentimientos de emulaci\u00f3n, envidia, frustraci\u00f3n y complejos de inferioridad respecto a los modelos presentados.<\/span><\/p>\n<p style=\"text-align: justify;\"><span dir=\"auto\" style=\"font-size: 14pt;\">Al ver a <em>influencers narcisistas<\/em>, personalidades <em>inmerecidamente exitosas<\/em> y <em>exhibicionistas<\/em> haciendo alarde de una riqueza improbable, <strong>los mirones compulsivos de las redes sociales se sienten como fracasados<\/strong>.<\/span><\/p>\n<\/div>\n<\/div>\n<\/div>\n<p>&nbsp;<\/p>\n<p><img loading=\"lazy\" decoding=\"async\" class=\"aligncenter wp-image-2318372\" src=\"https:\/\/puntocritico.com\/ausajpuntocritico\/wp-content\/uploads\/2026\/03\/adictos-a-la-tecnologia-para-PPAL-300x147.jpg\" alt=\"\" width=\"440\" height=\"216\" srcset=\"https:\/\/puntocritico.com\/ausajpuntocritico\/wp-content\/uploads\/2026\/03\/adictos-a-la-tecnologia-para-PPAL-300x147.jpg 300w, https:\/\/puntocritico.com\/ausajpuntocritico\/wp-content\/uploads\/2026\/03\/adictos-a-la-tecnologia-para-PPAL.jpg 320w\" sizes=\"auto, (max-width: 440px) 100vw, 440px\" \/><\/p>\n<p>&nbsp;<\/p>\n<div class=\"field field-name-body field-type-text-with-summary field-label-hidden\">\n<div class=\"field-items\">\n<div class=\"field-item even\">\n<h3 style=\"text-align: center;\"><span style=\"font-size: 18pt;\"><strong><span dir=\"auto\">La prohibici\u00f3n como afirmaci\u00f3n<\/span><\/strong><\/span><\/h3>\n<p style=\"text-align: justify;\"><span dir=\"auto\" style=\"font-size: 14pt;\">La prohibici\u00f3n no resuelve el problema porque se vive como un desaf\u00edo, que excita los centros corticales del placer y genera<em> explosiones de <strong>dopamina<\/strong><\/em>, <strong>el neurotransmisor de la recompensa y la alegr\u00eda, la hormona de la felicidad<\/strong>.<\/span><\/p>\n<p style=\"text-align: justify;\"><span dir=\"auto\" style=\"font-size: 14pt;\"><strong>Romper las reglas<\/strong> es una se\u00f1al de afirmaci\u00f3n que fortalece el <strong>sentido de identidad y autonom\u00eda<\/strong> respecto a los adultos. <strong>Freud<\/strong>, el padre del <em>psicoan\u00e1lisis<\/em>, afirm\u00f3 que la pulsi\u00f3n se enciende cuando se transgrede la prohibici\u00f3n.<\/span><\/p>\n<p style=\"text-align: justify;\"><span dir=\"auto\" style=\"font-size: 14pt;\"><strong>Para quienes viven vidas sin est\u00edmulos y sin sue\u00f1os<\/strong>, romper una prohibici\u00f3n proporciona emoci\u00f3n y la transgresi\u00f3n se convierte en un desaf\u00edo estimulante.<\/span><\/p>\n<p style=\"text-align: justify;\"><span dir=\"auto\" style=\"font-size: 14pt;\"><strong>Desprovistas de ideolog\u00eda pol\u00edtica, de aspiraciones sociales y de voluntad de poder, con dificultades en las relaciones afectivas y desacostumbrados a los desaf\u00edos<\/strong> del deporte y de la militancia, estos j\u00f3venes se conforman con gustos.<\/span><\/p>\n<\/div>\n<\/div>\n<\/div>\n<p>&nbsp;<\/p>\n<blockquote>\n<p style=\"text-align: center;\"><span style=\"color: #008000;\"><strong><span dir=\"auto\" style=\"font-size: 14pt;\">No prohibici\u00f3n, sino educaci\u00f3n sobre la realidad, sobre el placer de luchar por una idea que da sentido a la vida, de redescubrir las ra\u00edces del propio linaje y las tradiciones de la tierra de los padres.<\/span><\/strong><\/span><\/p>\n<\/blockquote>\n<p>&nbsp;<\/p>\n<div class=\"field field-name-body field-type-text-with-summary field-label-hidden\">\n<div class=\"field-items\">\n<div class=\"field-item even\">\n<p style=\"text-align: justify;\"><span dir=\"auto\" style=\"font-size: 14pt;\">No prohibici\u00f3n, sino educaci\u00f3n sobre la realidad, sobre el placer de luchar por una idea que da sentido a la vida, de redescubrir las ra\u00edces del propio linaje y las tradiciones de la tierra de los padres.<\/span><\/p>\n<p style=\"text-align: justify;\"><span dir=\"auto\" style=\"font-size: 14pt;\"><strong>Europa est\u00e1 desapareciendo, abrumada por una invasi\u00f3n de culturas feroces y for\u00e1neas<\/strong>. Solo una juventud valiente y consciente puede salvar al viejo continente. Dejando atr\u00e1s la tentaci\u00f3n de la nutritiva y narcisista sociedad del espect\u00e1culo, nos adentramos en el mundo de la realidad, donde cada d\u00eda es una lucha por afirmar el mito de Europa: la cuna de la civilizaci\u00f3n occidental.<\/span><\/p>\n<p>&nbsp;<\/p>\n<\/div>\n<blockquote>\n<p style=\"text-align: center;\"><strong><span dir=\"auto\" style=\"font-size: 14pt; color: #008000;\">Dejando atr\u00e1s la tentaci\u00f3n de la nutritiva y narcisista sociedad del espect\u00e1culo, nos adentramos en el mundo de la realidad, donde cada d\u00eda es una lucha por afirmar el mito de Europa: la cuna de la civilizaci\u00f3n occidental<\/span><\/strong><\/p>\n<\/blockquote>\n<\/div>\n<\/div>\n<p>&nbsp;<\/p>\n<p><a href=\"https:\/\/puntocritico.com\/ausajpuntocritico\/2023\/11\/08\/hormonas-y-redes-sociales\/\" target=\"_blank\" rel=\"noopener\" data-schema-attribute=\"\"><img loading=\"lazy\" decoding=\"async\" class=\"aligncenter wp-image-2290264\" src=\"https:\/\/puntocritico.com\/ausajpuntocritico\/wp-content\/uploads\/2023\/11\/Redes-sociales-y-cerebrales-OK-300x169.jpg\" alt=\"\" width=\"480\" height=\"270\" srcset=\"https:\/\/puntocritico.com\/ausajpuntocritico\/wp-content\/uploads\/2023\/11\/Redes-sociales-y-cerebrales-OK-300x169.jpg 300w, https:\/\/puntocritico.com\/ausajpuntocritico\/wp-content\/uploads\/2023\/11\/Redes-sociales-y-cerebrales-OK.jpg 678w\" sizes=\"auto, (max-width: 480px) 100vw, 480px\" \/><\/a><\/p>\n<p style=\"text-align: center;\"><span style=\"font-size: 18pt; color: #008000;\"><strong>*******<\/strong><\/span><\/p>\n<h2 style=\"text-align: justify;\"><span style=\"font-size: 14pt;\"><strong>RELACIONADOS:<\/strong><\/span><\/h2>\n<blockquote class=\"wp-embedded-content\" data-secret=\"8EckVvpqbW\"><p><a href=\"https:\/\/puntocritico.com\/ausajpuntocritico\/2021\/10\/05\/rene-guenon-supersticion-ciencia\/\">La Superstici\u00f3n de la Vida y la Superstici\u00f3n de la Ciencia, por Ren\u00e9 Gu\u00e9non (\u00abOriente y Occidente\u00bb, 1924). Parte 2: Ilusiones Occidentales\u00bb: \u00abLa Superstici\u00f3n de la Ciencia\u00bb.<\/a><\/p><\/blockquote>\n<p><iframe loading=\"lazy\" class=\"wp-embedded-content\" sandbox=\"allow-scripts\" security=\"restricted\" style=\"position: absolute; visibility: hidden;\" title=\"\u00abLa Superstici\u00f3n de la Vida y la Superstici\u00f3n de la Ciencia, por Ren\u00e9 Gu\u00e9non (\u00abOriente y Occidente\u00bb, 1924). Parte 2: Ilusiones Occidentales\u00bb: \u00abLa Superstici\u00f3n de la Ciencia\u00bb.\u00bb \u2014 Punto Cr\u00edtico Derechos Humanos\" src=\"https:\/\/puntocritico.com\/ausajpuntocritico\/2021\/10\/05\/rene-guenon-supersticion-ciencia\/embed\/#?secret=25NNALM44u#?secret=8EckVvpqbW\" data-secret=\"8EckVvpqbW\" width=\"500\" height=\"282\" frameborder=\"0\" marginwidth=\"0\" marginheight=\"0\" scrolling=\"no\"><\/iframe><\/p>\n<blockquote class=\"wp-embedded-content\" data-secret=\"jFwI0OnYwf\"><p><a href=\"https:\/\/puntocritico.com\/ausajpuntocritico\/2024\/05\/20\/la-comision-europea-suspende-la-comercializacion-de-la-vacuna-covid-de-astrazeneca\/\">LA SUPERSTICI\u00d3N CIENT\u00cdFICA, UNA NUEVA ESPECIE DE OPIO, por Antonio Gramsci. La Comisi\u00f3n Europea suspende la comercializaci\u00f3n de la VACUNA COVID de ASTRAZENECA (Vaxzevria)<\/a><\/p><\/blockquote>\n<p><iframe loading=\"lazy\" class=\"wp-embedded-content\" sandbox=\"allow-scripts\" security=\"restricted\" style=\"position: absolute; visibility: hidden;\" title=\"\u00abLA SUPERSTICI\u00d3N CIENT\u00cdFICA, UNA NUEVA ESPECIE DE OPIO, por Antonio Gramsci. La Comisi\u00f3n Europea suspende la comercializaci\u00f3n de la VACUNA COVID de ASTRAZENECA (Vaxzevria)\u00bb \u2014 Punto Cr\u00edtico Derechos Humanos\" src=\"https:\/\/puntocritico.com\/ausajpuntocritico\/2024\/05\/20\/la-comision-europea-suspende-la-comercializacion-de-la-vacuna-covid-de-astrazeneca\/embed\/#?secret=9JxvGe4rem#?secret=jFwI0OnYwf\" data-secret=\"jFwI0OnYwf\" width=\"500\" height=\"282\" frameborder=\"0\" marginwidth=\"0\" marginheight=\"0\" scrolling=\"no\"><\/iframe><\/p>\n<blockquote class=\"wp-embedded-content\" data-secret=\"AEBV4I3tFO\"><p><a href=\"https:\/\/puntocritico.com\/ausajpuntocritico\/2025\/11\/05\/imperativo-tecnologico-la-creencia-irracional-en-el-poder-de-la-ciencia-y-la-tecnologia-la-necesidad-de-un-techo-comun-por-ivan-illich\/\">LA NECESIDAD DE UN TECHO COM\u00daN, por Iv\u00e1n Illich (1926-2002): El Imperativo Tecnol\u00f3gico (La creencia irracional en el poder de la ciencia y la tecnolog\u00eda)<\/a><\/p><\/blockquote>\n<p><iframe loading=\"lazy\" class=\"wp-embedded-content\" sandbox=\"allow-scripts\" security=\"restricted\" style=\"position: absolute; visibility: hidden;\" title=\"\u00abLA NECESIDAD DE UN TECHO COM\u00daN, por Iv\u00e1n Illich (1926-2002): El Imperativo Tecnol\u00f3gico (La creencia irracional en el poder de la ciencia y la tecnolog\u00eda)\u00bb \u2014 Punto Cr\u00edtico Derechos Humanos\" src=\"https:\/\/puntocritico.com\/ausajpuntocritico\/2025\/11\/05\/imperativo-tecnologico-la-creencia-irracional-en-el-poder-de-la-ciencia-y-la-tecnologia-la-necesidad-de-un-techo-comun-por-ivan-illich\/embed\/#?secret=0w5r2KySW0#?secret=AEBV4I3tFO\" data-secret=\"AEBV4I3tFO\" width=\"500\" height=\"282\" frameborder=\"0\" marginwidth=\"0\" marginheight=\"0\" scrolling=\"no\"><\/iframe><\/p>\n<blockquote class=\"wp-embedded-content\" data-secret=\"JgCRJb9tEO\"><p><a href=\"https:\/\/puntocritico.com\/ausajpuntocritico\/2020\/11\/15\/armas-silenciosas-para-guerras-tranquilas-literatura-conspiranoica-el-ensayo-ficcion-como-genero-literario-republicado\/\">ARMAS SILENCIOSAS PARA GUERRAS TRANQUILAS: LITERATURA CONSPIRANOICA; EL ENSAYO FICCI\u00d3N COMO G\u00c9NERO LITERARIO<\/a><\/p><\/blockquote>\n<p><iframe loading=\"lazy\" class=\"wp-embedded-content\" sandbox=\"allow-scripts\" security=\"restricted\" style=\"position: absolute; visibility: hidden;\" title=\"\u00abARMAS SILENCIOSAS PARA GUERRAS TRANQUILAS: LITERATURA CONSPIRANOICA; EL ENSAYO FICCI\u00d3N COMO G\u00c9NERO LITERARIO\u00bb \u2014 Punto Cr\u00edtico Derechos Humanos\" src=\"https:\/\/puntocritico.com\/ausajpuntocritico\/2020\/11\/15\/armas-silenciosas-para-guerras-tranquilas-literatura-conspiranoica-el-ensayo-ficcion-como-genero-literario-republicado\/embed\/#?secret=xdJ40P1fHo#?secret=JgCRJb9tEO\" data-secret=\"JgCRJb9tEO\" width=\"500\" height=\"282\" frameborder=\"0\" marginwidth=\"0\" marginheight=\"0\" scrolling=\"no\"><\/iframe><\/p>\n<blockquote class=\"wp-embedded-content\" data-secret=\"kulQz5yzpO\"><p><a href=\"https:\/\/puntocritico.com\/ausajpuntocritico\/2024\/01\/16\/conspiranoia-y-desinformacion\/\">CONSPIRANOIA Y DESINFORMACI\u00d3N: Garant\u00edas de la Impunidad del Poder<\/a><\/p><\/blockquote>\n<p><iframe loading=\"lazy\" class=\"wp-embedded-content\" sandbox=\"allow-scripts\" security=\"restricted\" style=\"position: absolute; visibility: hidden;\" title=\"\u00abCONSPIRANOIA Y DESINFORMACI\u00d3N: Garant\u00edas de la Impunidad del Poder\u00bb \u2014 Punto Cr\u00edtico Derechos Humanos\" src=\"https:\/\/puntocritico.com\/ausajpuntocritico\/2024\/01\/16\/conspiranoia-y-desinformacion\/embed\/#?secret=fsKisAkleL#?secret=kulQz5yzpO\" data-secret=\"kulQz5yzpO\" width=\"500\" height=\"282\" frameborder=\"0\" marginwidth=\"0\" marginheight=\"0\" scrolling=\"no\"><\/iframe><\/p>\n<blockquote class=\"wp-embedded-content\" data-secret=\"qxspSjcX6x\"><p><a href=\"https:\/\/puntocritico.com\/ausajpuntocritico\/2023\/11\/08\/hormonas-y-redes-sociales\/\">COMPORTAMIENTO, HORMONAS Y REDES SOCIALES. \u00abDopamina y recompensa: la historia de las redes sociales\u00bb<\/a><\/p><\/blockquote>\n<p><iframe loading=\"lazy\" class=\"wp-embedded-content\" sandbox=\"allow-scripts\" security=\"restricted\" style=\"position: absolute; visibility: hidden;\" title=\"\u00abCOMPORTAMIENTO, HORMONAS Y REDES SOCIALES. \u00abDopamina y recompensa: la historia de las redes sociales\u00bb\u00bb \u2014 Punto Cr\u00edtico Derechos Humanos\" src=\"https:\/\/puntocritico.com\/ausajpuntocritico\/2023\/11\/08\/hormonas-y-redes-sociales\/embed\/#?secret=NNXSumP3cH#?secret=qxspSjcX6x\" data-secret=\"qxspSjcX6x\" width=\"500\" height=\"282\" frameborder=\"0\" marginwidth=\"0\" marginheight=\"0\" scrolling=\"no\"><\/iframe><\/p>\n<blockquote class=\"wp-embedded-content\" data-secret=\"cwWSjMxVBx\"><p><a href=\"https:\/\/puntocritico.com\/ausajpuntocritico\/2022\/12\/10\/your-brain-on-porn\/\">\u00abYOUR BRAIN ON PORN\u00bb. Los Efectos de la Pornograf\u00eda en el Cerebro.<\/a><\/p><\/blockquote>\n<p><iframe loading=\"lazy\" class=\"wp-embedded-content\" sandbox=\"allow-scripts\" security=\"restricted\" style=\"position: absolute; visibility: hidden;\" title=\"\u00ab\u00abYOUR BRAIN ON PORN\u00bb. Los Efectos de la Pornograf\u00eda en el Cerebro.\u00bb \u2014 Punto Cr\u00edtico Derechos Humanos\" src=\"https:\/\/puntocritico.com\/ausajpuntocritico\/2022\/12\/10\/your-brain-on-porn\/embed\/#?secret=TNBBUd9fsW#?secret=cwWSjMxVBx\" data-secret=\"cwWSjMxVBx\" width=\"500\" height=\"282\" frameborder=\"0\" marginwidth=\"0\" marginheight=\"0\" scrolling=\"no\"><\/iframe><\/p>\n<blockquote class=\"wp-embedded-content\" data-secret=\"rROlBPejc0\"><p><a href=\"https:\/\/puntocritico.com\/ausajpuntocritico\/2023\/05\/27\/hipercapitalismo-y-posdemocracia-yo-soy-generacion-z-documental-de-liz-smith-para-la-gen-z-morfeo-es-solo-el-cabron-que-desconecto-a-neo-de-la-matrix\/\">HIPERCAPITALISMO Y POSDEMOCRACIA: \u00abYo soy generaci\u00f3n Z\u00bb (Documental de Liz Smith). \u00abPara la Gen Z, Morfeo es s\u00f3lo el cabr\u00f3n que desconect\u00f3 a Neo de la Matrix\u00bb.<\/a><\/p><\/blockquote>\n<p><iframe loading=\"lazy\" class=\"wp-embedded-content\" sandbox=\"allow-scripts\" security=\"restricted\" style=\"position: absolute; visibility: hidden;\" title=\"\u00abHIPERCAPITALISMO Y POSDEMOCRACIA: \u00abYo soy generaci\u00f3n Z\u00bb (Documental de Liz Smith). \u00abPara la Gen Z, Morfeo es s\u00f3lo el cabr\u00f3n que desconect\u00f3 a Neo de la Matrix\u00bb.\u00bb \u2014 Punto Cr\u00edtico Derechos Humanos\" src=\"https:\/\/puntocritico.com\/ausajpuntocritico\/2023\/05\/27\/hipercapitalismo-y-posdemocracia-yo-soy-generacion-z-documental-de-liz-smith-para-la-gen-z-morfeo-es-solo-el-cabron-que-desconecto-a-neo-de-la-matrix\/embed\/#?secret=ExAwfhdfsM#?secret=rROlBPejc0\" data-secret=\"rROlBPejc0\" width=\"500\" height=\"282\" frameborder=\"0\" marginwidth=\"0\" marginheight=\"0\" scrolling=\"no\"><\/iframe><\/p>\n<blockquote class=\"wp-embedded-content\" data-secret=\"XIcX0O6UYs\"><p><a href=\"https:\/\/puntocritico.com\/ausajpuntocritico\/2017\/02\/25\/la-servidumbre-voluntaria-por-esteban-de-la-boetie\/\">LA SERVIDUMBRE VOLUNTARIA, por Esteban de La Bo\u00e9tie<\/a><\/p><\/blockquote>\n<p><iframe loading=\"lazy\" class=\"wp-embedded-content\" sandbox=\"allow-scripts\" security=\"restricted\" style=\"position: absolute; visibility: hidden;\" title=\"\u00abLA SERVIDUMBRE VOLUNTARIA, por Esteban de La Bo\u00e9tie\u00bb \u2014 Punto Cr\u00edtico Derechos Humanos\" src=\"https:\/\/puntocritico.com\/ausajpuntocritico\/2017\/02\/25\/la-servidumbre-voluntaria-por-esteban-de-la-boetie\/embed\/#?secret=fg8FB6VyAP#?secret=XIcX0O6UYs\" data-secret=\"XIcX0O6UYs\" width=\"500\" height=\"282\" frameborder=\"0\" marginwidth=\"0\" marginheight=\"0\" scrolling=\"no\"><\/iframe><\/p>\n<blockquote class=\"wp-embedded-content\" data-secret=\"bUPU4KGALD\"><p><a href=\"https:\/\/puntocritico.com\/ausajpuntocritico\/2025\/10\/16\/el-bienestar-y-el-despotismo-de-los-partidos\/\">EL BIENESTAR Y EL DESPOTISMO DE LOS PARTIDOS, por Alexis de Tocqueville (1805-1859)<\/a><\/p><\/blockquote>\n<p><iframe loading=\"lazy\" class=\"wp-embedded-content\" sandbox=\"allow-scripts\" security=\"restricted\" style=\"position: absolute; visibility: hidden;\" title=\"\u00abEL BIENESTAR Y EL DESPOTISMO DE LOS PARTIDOS, por Alexis de Tocqueville (1805-1859)\u00bb \u2014 Punto Cr\u00edtico Derechos Humanos\" src=\"https:\/\/puntocritico.com\/ausajpuntocritico\/2025\/10\/16\/el-bienestar-y-el-despotismo-de-los-partidos\/embed\/#?secret=YDWX2JubrS#?secret=bUPU4KGALD\" data-secret=\"bUPU4KGALD\" width=\"500\" height=\"282\" frameborder=\"0\" marginwidth=\"0\" marginheight=\"0\" scrolling=\"no\"><\/iframe><\/p>\n<blockquote class=\"wp-embedded-content\" data-secret=\"NnSmp1mmU3\"><p><a href=\"https:\/\/puntocritico.com\/ausajpuntocritico\/2022\/12\/20\/sapere-aude-que-es-la-ilustracion-por-inmanuel-kant\/\">\u00a1SAPERE AUDE! \u2013 \u00bfQUE ES LA ILUSTRACION? por INMANUEL KANT.<\/a><\/p><\/blockquote>\n<p><iframe loading=\"lazy\" class=\"wp-embedded-content\" sandbox=\"allow-scripts\" security=\"restricted\" style=\"position: absolute; visibility: hidden;\" title=\"\u00ab\u00a1SAPERE AUDE! \u2013 \u00bfQUE ES LA ILUSTRACION? por INMANUEL KANT.\u00bb \u2014 Punto Cr\u00edtico Derechos Humanos\" src=\"https:\/\/puntocritico.com\/ausajpuntocritico\/2022\/12\/20\/sapere-aude-que-es-la-ilustracion-por-inmanuel-kant\/embed\/#?secret=lHxut64fpn#?secret=NnSmp1mmU3\" data-secret=\"NnSmp1mmU3\" width=\"500\" height=\"282\" frameborder=\"0\" marginwidth=\"0\" marginheight=\"0\" scrolling=\"no\"><\/iframe><\/p>\n<blockquote class=\"wp-embedded-content\" data-secret=\"HP7STxXw05\"><p><a href=\"https:\/\/puntocritico.com\/ausajpuntocritico\/2023\/04\/12\/inteligencia-artificial\/\">INTELIGENCIA ARTIFICIAL: \u00abYo, robot\u00bb, o las tribulaciones de un robot kantiano.<\/a><\/p><\/blockquote>\n<p><iframe loading=\"lazy\" class=\"wp-embedded-content\" sandbox=\"allow-scripts\" security=\"restricted\" style=\"position: absolute; visibility: hidden;\" title=\"\u00abINTELIGENCIA ARTIFICIAL: \u00abYo, robot\u00bb, o las tribulaciones de un robot kantiano.\u00bb \u2014 Punto Cr\u00edtico Derechos Humanos\" src=\"https:\/\/puntocritico.com\/ausajpuntocritico\/2023\/04\/12\/inteligencia-artificial\/embed\/#?secret=XSDDa6hyjK#?secret=HP7STxXw05\" data-secret=\"HP7STxXw05\" width=\"500\" height=\"282\" frameborder=\"0\" marginwidth=\"0\" marginheight=\"0\" scrolling=\"no\"><\/iframe><\/p>\n<p>&nbsp;<\/p>\n<p style=\"text-align: justify;\"><a href=\"https:\/\/puntocritico.com\/author\/punto-critico\/\"><img loading=\"lazy\" decoding=\"async\" class=\"aligncenter wp-image-9528\" src=\"https:\/\/puntocritico.com\/ausajpuntocritico\/wp-content\/uploads\/2018\/03\/Mosca_Punto_Cr\u00edtico_40.png\" alt=\"\" width=\"80\" height=\"80\" \/><\/a><\/p>\n<p>&nbsp;<\/p>\n<p>&nbsp;<\/p>\n","protected":false},"excerpt":{"rendered":"<div class=\"mh-excerpt\"><p>Adicci\u00f3n tecnol\u00f3gica &nbsp; ******* NO PAGAN IMPUESTOS EN ESPA\u00d1A (ni en ning\u00fan otro sitio) TRIBUTAN EN LAS CORRUPTAS MONARQU\u00cdAS MEDIEVALES DEL GOLFO P\u00c9RSICO, AL TIPO IMPOSITIVO DEL 0%. Pero Espa\u00f1a est\u00e1 a su disposici\u00f3n para <a class=\"mh-excerpt-more\" href=\"https:\/\/puntocritico.com\/ausajpuntocritico\/2026\/03\/12\/adiccion-tecnologica\/\" title=\"ADICCI\u00d3N TECNOL\u00d3GICA Y &#8230; \u00bfCONSPIRANOIA? \u00abCiencia y tecnolog\u00eda: fraude y pacto secreto\u00bb, por Paul H. Koch\">[&#8230;]<\/a><\/p>\n<\/div>","protected":false},"author":3,"featured_media":2318375,"comment_status":"closed","ping_status":"closed","sticky":false,"template":"","format":"standard","meta":{"_acf_changed":false,"_exactmetrics_skip_tracking":false,"_exactmetrics_sitenote_active":false,"_exactmetrics_sitenote_note":"","_exactmetrics_sitenote_category":0,"footnotes":""},"categories":[10],"tags":[],"class_list":{"0":"post-2318364","1":"post","2":"type-post","3":"status-publish","4":"format-standard","5":"has-post-thumbnail","7":"category-miscelanea"},"acf":[],"_links":{"self":[{"href":"https:\/\/puntocritico.com\/ausajpuntocritico\/wp-json\/wp\/v2\/posts\/2318364","targetHints":{"allow":["GET"]}}],"collection":[{"href":"https:\/\/puntocritico.com\/ausajpuntocritico\/wp-json\/wp\/v2\/posts"}],"about":[{"href":"https:\/\/puntocritico.com\/ausajpuntocritico\/wp-json\/wp\/v2\/types\/post"}],"author":[{"embeddable":true,"href":"https:\/\/puntocritico.com\/ausajpuntocritico\/wp-json\/wp\/v2\/users\/3"}],"replies":[{"embeddable":true,"href":"https:\/\/puntocritico.com\/ausajpuntocritico\/wp-json\/wp\/v2\/comments?post=2318364"}],"version-history":[{"count":0,"href":"https:\/\/puntocritico.com\/ausajpuntocritico\/wp-json\/wp\/v2\/posts\/2318364\/revisions"}],"wp:featuredmedia":[{"embeddable":true,"href":"https:\/\/puntocritico.com\/ausajpuntocritico\/wp-json\/wp\/v2\/media\/2318375"}],"wp:attachment":[{"href":"https:\/\/puntocritico.com\/ausajpuntocritico\/wp-json\/wp\/v2\/media?parent=2318364"}],"wp:term":[{"taxonomy":"category","embeddable":true,"href":"https:\/\/puntocritico.com\/ausajpuntocritico\/wp-json\/wp\/v2\/categories?post=2318364"},{"taxonomy":"post_tag","embeddable":true,"href":"https:\/\/puntocritico.com\/ausajpuntocritico\/wp-json\/wp\/v2\/tags?post=2318364"}],"curies":[{"name":"wp","href":"https:\/\/api.w.org\/{rel}","templated":true}]}}