{"id":2315902,"date":"2026-01-10T00:05:50","date_gmt":"2026-01-09T23:05:50","guid":{"rendered":"https:\/\/puntocritico.com\/ausajpuntocritico\/?p=2315902"},"modified":"2026-01-06T16:00:20","modified_gmt":"2026-01-06T15:00:20","slug":"sed-de-mal-orson-wells","status":"publish","type":"post","link":"https:\/\/puntocritico.com\/ausajpuntocritico\/2026\/01\/10\/sed-de-mal-orson-wells\/","title":{"rendered":"SED DE MAL, dirigida por Orson Wells (pel\u00edcula de 1958)"},"content":{"rendered":"<p style=\"text-align: justify;\"><span style=\"font-size: 14pt; color: #008000;\">SED DE MAL<\/span><\/p>\n\n<p>&nbsp;<\/p>\n<header id=\"articulo-encabezado\" class=\"articulo-encabezado \">\n<div class=\"articulo-encabezado-texto\">\n<div id=\"articulo-titulares\" class=\"articulo-titulares\">\n<blockquote>\n<h2 id=\"articulo-titulo\" class=\"articulo-titulo \" style=\"text-align: center;\"><span style=\"font-size: 24pt;\">Presenciar el pasado<\/span><\/h2>\n<p style=\"text-align: center;\"><strong><em><span style=\"font-size: 14pt;\">Somos la primera gente en la historia con la capacidad y el privilegio de ver la vida de hace d\u00e9cadas, de asomarnos a mundos caducados a trav\u00e9s del cine<\/span><\/em><\/strong><\/p>\n<\/blockquote>\n<\/div>\n<blockquote>\n<div class=\"firma firma--vertical\">\n<div class=\"autor\">\n<div class=\"autor-texto\" style=\"text-align: justify;\"><span class=\"autor-nombre\" style=\"font-size: 14pt;\">Por Javier Mar\u00edas\u00a0<\/span><\/div>\n<div style=\"text-align: justify;\">\u00a0<\/div>\n<div class=\"autor-texto\" style=\"text-align: justify;\"><a href=\"https:\/\/elpais.com\/elpais\/2019\/05\/21\/eps\/1558427369_247929.html\" target=\"_blank\" rel=\"noopener\">El Pa\u00eds<\/a>, 26 MAY 2019\u00a0<\/div>\n<\/div>\n<\/div>\n<\/blockquote>\n<\/div>\n<\/header>\n<blockquote>\n<div class=\"articulo-apertura \">\n<div><img loading=\"lazy\" decoding=\"async\" class=\"aligncenter wp-image-2315941\" src=\"https:\/\/puntocritico.com\/ausajpuntocritico\/wp-content\/uploads\/2026\/01\/Sed-de-Mal-4-300x167.png\" alt=\"\" width=\"480\" height=\"267\" srcset=\"https:\/\/puntocritico.com\/ausajpuntocritico\/wp-content\/uploads\/2026\/01\/Sed-de-Mal-4-300x167.png 300w, https:\/\/puntocritico.com\/ausajpuntocritico\/wp-content\/uploads\/2026\/01\/Sed-de-Mal-4-1024x569.png 1024w, https:\/\/puntocritico.com\/ausajpuntocritico\/wp-content\/uploads\/2026\/01\/Sed-de-Mal-4-768x426.png 768w, https:\/\/puntocritico.com\/ausajpuntocritico\/wp-content\/uploads\/2026\/01\/Sed-de-Mal-4-1536x853.png 1536w, https:\/\/puntocritico.com\/ausajpuntocritico\/wp-content\/uploads\/2026\/01\/Sed-de-Mal-4-2048x1137.png 2048w, https:\/\/puntocritico.com\/ausajpuntocritico\/wp-content\/uploads\/2026\/01\/Sed-de-Mal-4-1320x733.png 1320w\" sizes=\"auto, (max-width: 480px) 100vw, 480px\" \/><\/div>\n<div id=\"articulo-introduccion\" class=\"articulo-introduccion\">\n<p>&nbsp;<\/p>\n<p style=\"text-align: justify;\"><span style=\"font-size: 14pt;\">COMO TANTOS OTROS cambios para mal, creo que este se produjo con la llegada del obtuso siglo XXI, o quiz\u00e1 poco antes. Las televisiones ten\u00edan la grata costumbre de emitir pel\u00edculas cl\u00e1sicas o simplemente antiguas, muchas de ellas en blanco y negro. El odio a esta combinaci\u00f3n llev\u00f3, durante una temporada, a la b\u00e1rbara pr\u00e1ctica de \u201c<em>colorear<\/em>\u201d <em>Casablanca<\/em>,\u00a0<em>Con faldas y a lo loco<\/em>\u00a0y puede que hasta\u00a0<em>Psicosis<\/em>. <\/span><\/p>\n<p style=\"text-align: justify;\"><span style=\"font-size: 14pt;\">La cosa no prosper\u00f3, por fortuna, pero muchos de los que apreciamos la maravillosa fotograf\u00eda en blanco y negro nos vimos obligados a veces a quitar por completo el color de nuestros televisores, a fin de ver esas pel\u00edculas como hab\u00edan sido concebidas y rodadas, y no convertidas en grotescos cromos. Hubo DVDs que hubieron de anunciar, en sus car\u00e1tulas, \u201c<em>en glorioso blanco y negro<\/em>\u201d, para que los cin\u00e9filos estuvi\u00e9ramos tranquilos cuando los compr\u00e1bamos. <\/span><\/p>\n<p style=\"text-align: justify;\"><span style=\"font-size: 14pt;\">Lo cierto es que ese cine desapareci\u00f3 de golpe de las programaciones, y as\u00ed se perdi\u00f3 un importante factor de la educaci\u00f3n de la gente. El resultado es que, como en otros \u00e1mbitos (<em>el literario, el musical, el art\u00edstico<\/em>), contamos ya con varias generaciones de analfabetos. <\/span><\/p>\n<p style=\"text-align: justify;\"><span style=\"font-size: 14pt;\">Mis amigos cineastas Tano D\u00edaz Yanes y Jaime Ch\u00e1varri, o mi hermano el cr\u00edtico Miguel Mar\u00edas, me han contado c\u00f3mo, en los cursos que daban a estudiantes, se encontraban con que para muchos de \u00e9stos el cine empezaba con\u00a0<em>El Padrino<\/em>. Esa creencia fue de corta vida, porque poco despu\u00e9s tambi\u00e9n ese cl\u00e1sico pas\u00f3 a ser una \u201c<em>antigualla<\/em>\u201d y los j\u00f3venes cre\u00edan que se iniciaba todo con\u00a0Tarantino. <\/span><\/p>\n<p style=\"text-align: justify;\"><span style=\"font-size: 14pt;\">Me imagino que hoy\u00a0<em>Pulp Fiction <\/em>les parecer\u00e1 antediluviana y no s\u00e9 d\u00f3nde situar\u00e1n el nacimiento de ese arte. Los hay cultos, claro, pero muchos no han o\u00eddo hablar de\u00a0<em>Ciudadano Kane<\/em>\u00a0ni de\u00a0<em>La regla del juego<\/em>\u00a0ni de\u00a0<em>La noche del cazador<\/em>, de\u00a0<em>Amanecer<\/em>\u00a0ni de\u00a0<em>Metr\u00f3polis<\/em>\u00a0(<em>que encima son mudas<\/em>), de\u00a0<em>Perdici\u00f3n<\/em>\u00a0ni de\u00a0<em>El hombre que mat\u00f3 a Liberty Valance<\/em>\u00a0ni de\u00a0<em>Sed de mal<\/em>, por no salirnos del desterrado blanco y negro.<\/span><\/p>\n<p style=\"text-align: justify;\"><span style=\"font-size: 14pt;\">Pero este desd\u00e9n hacia el pasado, que est\u00e1 a la orden del d\u00eda en todos los campos con el fin de crear ciudadanos no ya ignorantes, sino mentalmente lisiados e intelectualmente indigentes, no trae consigo tan s\u00f3lo una pobre cultura general y cinematogr\u00e1fica en particular.<\/span><\/p>\n<p style=\"text-align: justify;\"><span style=\"font-size: 14pt;\"> Si algo me asombra es lo siguiente: somos la primera gente en la historia con la capacidad y el privilegio de\u00a0<em>ver y o\u00edr<\/em>\u00a0el pasado, un pasado que ya es lejano si pensamos que este a\u00f1o cumplen ochenta, por ejemplo,\u00a0<em>Lo que el viento se llev\u00f3<\/em>\u00a0y\u00a0<em>La diligencia<\/em>. <\/span><\/p>\n<p style=\"text-align: justify;\"><span style=\"font-size: 14pt;\">Hasta ahora la humanidad dispon\u00eda de cuadros est\u00e1ticos, cr\u00f3nicas, luego fotograf\u00edas, y por supuesto novelas para hacerse una idea aproximada de c\u00f3mo hab\u00edan sido las personas de otros siglos y de c\u00f3mo se viv\u00eda en ellos. Pero no pod\u00edamos verlas en movimiento, ni desde luego o\u00edr sus voces y saber c\u00f3mo hablaban. Es decir, no pod\u00edamos\u00a0<em>asistir<\/em>\u00a0a los tiempos pasados, no pod\u00edamos\u00a0<em>presenciarlos<\/em>. <\/span><\/p>\n<p style=\"text-align: justify;\"><span style=\"font-size: 14pt;\">Ahora tenemos la inmensa suerte de ver la vida de hace d\u00e9cadas, de asomarnos a mundos no lejan\u00edsimos, pero que est\u00e1n ya caducados. No es que el material documental abunde (<em>aunque m\u00e1s de lo que parece<\/em>), pero cada vez que me surgen en una pantalla im\u00e1genes \u201c<em>reales<\/em>\u201d, siento una absoluta fascinaci\u00f3n y una curiosidad ilimitada. <\/span><\/p>\n<p style=\"text-align: justify;\"><span style=\"font-size: 14pt;\">Hoy mismo, en el telediario, he visto un fugaz plano de una calle de Barcelona hacia 1920. El motivo de que lo insertaran era la inauguraci\u00f3n del\u00a0<em>Automobile\u00a0<\/em>en esa ciudad. Se ve\u00edan coches de caballos, burros y mulas, unos cuantos autom\u00f3viles en coexistencia con ellos, bicis que giraban veloz y \u00e1gilmente y, en medio de la calzada, transe\u00fantes que esquivaban con naturalidad y pericia a la c\u00e1mara: \u00e9sta, probablemente, viajaba a bordo de un tranv\u00eda, que era de lo que se apartaban. <\/span><\/p>\n<p style=\"text-align: justify;\"><span style=\"font-size: 14pt;\">Las ganas de ver m\u00e1s, de que ese plano se prolongara, de seguir contemplando el espect\u00e1culo callejero de un d\u00eda cualquiera de hace un siglo, se me han hecho irresistibles. Como no me considero raro, sino com\u00fan y corriente, me pregunto c\u00f3mo es que tant\u00edsima gente no siente esa curiosidad, esa fascinaci\u00f3n, y da la espalda a \u201c<em>lo antiguo<\/em>\u201d.<\/span><\/p>\n<p style=\"text-align: justify;\"><span style=\"font-size: 14pt; text-align: justify;\">Claro que las pel\u00edculas son ficciones, pero en ellas, hasta en las no \u201c<em>realistas<\/em>\u201d y endulzadas, se observa c\u00f3mo era la vida en los a\u00f1os treinta, cuarenta, cincuenta, sesenta. C\u00f3mo se vest\u00edan y se comportaban las personas, c\u00f3mo se trataban y hablaban (<em>aunque los di\u00e1logos sean siempre una estilizaci\u00f3n del habla, incluidos los \u201cnaturalistas\u201d<\/em>), qu\u00e9 aspecto ten\u00edan las ciudades y los pueblos; cu\u00e1les eran sus tribulaciones, c\u00f3mo se organizaban, qu\u00e9 dificultades e ilusiones ten\u00edan, cu\u00e1les eran sus reglas y sus modales, cu\u00e1l era la pasta de la que estaba hecha la mayor\u00eda. <\/span><\/p>\n<p style=\"text-align: justify;\"><span style=\"font-size: 14pt; text-align: justify;\">Los autollamados \u201c<\/span><em style=\"font-size: 14pt; text-align: justify;\">millennials<\/em><span style=\"font-size: 14pt; text-align: justify;\">\u201d (<em>no recuerdo una generaci\u00f3n tan rid\u00edculamente orgullosa de haber nacido en unas fechas tan azarosas como el resto de fechas<\/em>) juzgan que cuanto los antecedi\u00f3 es \u201c<em>atrasado<\/em>\u201d, despreciable y err\u00f3neo, y carecen de inter\u00e9s por ello. <\/span><\/p>\n<p style=\"text-align: justify;\"><span style=\"font-size: 14pt; text-align: justify;\">Un s\u00edntoma m\u00e1s de ignorancia: la historia nunca progresa linealmente, y hay \u00e9pocas remotas mucho m\u00e1s avanzadas, inteligentes, modernas y libres que la actual, cada d\u00eda m\u00e1s puritana, autoritaria, boba y amedrentada. Otros mundos existieron, y contamos con el privilegio de visitarlos. Es m\u00e1s, cada vez que vemos una pel\u00edcula cl\u00e1sica, ah\u00ed est\u00e1n y existen de nuevo.<\/span><\/p>\n<p>&nbsp;<\/p>\n<\/div>\n<p style=\"text-align: center;\"><strong><span style=\"font-size: 14pt; text-align: justify; color: #008000;\">Otros mundos existieron, y contamos con el privilegio de visitarlos. Es m\u00e1s, cada vez que vemos una pel\u00edcula cl\u00e1sica, ah\u00ed est\u00e1n y existen de nuevo.<\/span><\/strong><\/p>\n<\/div>\n<\/blockquote>\n<p style=\"text-align: justify;\">\u00a0<\/p>\n<p><img loading=\"lazy\" decoding=\"async\" class=\"aligncenter wp-image-2315942\" src=\"https:\/\/puntocritico.com\/ausajpuntocritico\/wp-content\/uploads\/2026\/01\/Sed-de-mal-Janet-leigh-y-heston-300x169.jpg\" alt=\"\" width=\"480\" height=\"270\" srcset=\"https:\/\/puntocritico.com\/ausajpuntocritico\/wp-content\/uploads\/2026\/01\/Sed-de-mal-Janet-leigh-y-heston-300x169.jpg 300w, https:\/\/puntocritico.com\/ausajpuntocritico\/wp-content\/uploads\/2026\/01\/Sed-de-mal-Janet-leigh-y-heston-1024x576.jpg 1024w, https:\/\/puntocritico.com\/ausajpuntocritico\/wp-content\/uploads\/2026\/01\/Sed-de-mal-Janet-leigh-y-heston-768x432.jpg 768w, https:\/\/puntocritico.com\/ausajpuntocritico\/wp-content\/uploads\/2026\/01\/Sed-de-mal-Janet-leigh-y-heston-1536x864.jpg 1536w, https:\/\/puntocritico.com\/ausajpuntocritico\/wp-content\/uploads\/2026\/01\/Sed-de-mal-Janet-leigh-y-heston-678x381.jpg 678w, https:\/\/puntocritico.com\/ausajpuntocritico\/wp-content\/uploads\/2026\/01\/Sed-de-mal-Janet-leigh-y-heston-1320x743.jpg 1320w, https:\/\/puntocritico.com\/ausajpuntocritico\/wp-content\/uploads\/2026\/01\/Sed-de-mal-Janet-leigh-y-heston.jpg 1600w\" sizes=\"auto, (max-width: 480px) 100vw, 480px\" \/><\/p>\n<p style=\"text-align: center;\"><span style=\"font-size: 18pt; color: #008000;\">\u2666\u2666\u2666\u2666\u2666<\/span><\/p>\n<figure id=\"attachment_19143\" aria-describedby=\"caption-attachment-19143\" style=\"width: 360px\" class=\"wp-caption aligncenter\"><img loading=\"lazy\" decoding=\"async\" class=\"wp-image-19143 size-full\" src=\"https:\/\/puntocritico.com\/ausajpuntocritico\/wp-content\/uploads\/2019\/05\/WELLS-Y-HESTON.jpg\" alt=\"\" width=\"360\" height=\"450\" srcset=\"https:\/\/puntocritico.com\/ausajpuntocritico\/wp-content\/uploads\/2019\/05\/WELLS-Y-HESTON.jpg 360w, https:\/\/puntocritico.com\/ausajpuntocritico\/wp-content\/uploads\/2019\/05\/WELLS-Y-HESTON-240x300.jpg 240w\" sizes=\"auto, (max-width: 360px) 100vw, 360px\" \/><figcaption id=\"caption-attachment-19143\" class=\"wp-caption-text\"><span style=\"color: #008000;\">Orson Wells y Charlton Heston durante el rodaje<\/span><\/figcaption><\/figure>\n<p style=\"text-align: center;\"><span style=\"font-size: 18pt; color: #008000;\">\u2666\u2666\u2666\u2666\u2666<\/span><\/p>\n<h2 style=\"text-align: center;\"><strong><span style=\"font-size: 24pt;\">SED DE MAL (1958)<\/span><\/strong><\/h2>\n<p style=\"text-align: center;\"><span style=\"font-size: 18pt; color: #008000;\"><strong>Dirigida por Orson Wells\u00a0<\/strong><\/span><\/p>\n<p>&nbsp;<\/p>\n<p style=\"text-align: center;\"><iframe loading=\"lazy\" src=\"https:\/\/mega.nz\/embed\/TIdW1RZD#7OIz9fwwNrAQkCe4buAczKk-dK1ND0QeACX7KINt70o\" width=\"640\" height=\"360\" frameborder=\"0\" allowfullscreen=\"allowfullscreen\"><\/iframe><\/p>\n<p>&nbsp;<\/p>\n<blockquote>\n<h3 style=\"text-align: center;\"><strong><span style=\"font-size: 14pt;\">FICHA T\u00c9CNICA<\/span><\/strong><\/h3>\n<p><img loading=\"lazy\" decoding=\"async\" class=\"alignright wp-image-19141\" src=\"https:\/\/puntocritico.com\/ausajpuntocritico\/wp-content\/uploads\/2019\/05\/touch_of_evil-409548235-large-199x300.jpg\" alt=\"\" width=\"220\" height=\"331\" srcset=\"https:\/\/puntocritico.com\/ausajpuntocritico\/wp-content\/uploads\/2019\/05\/touch_of_evil-409548235-large-199x300.jpg 199w, https:\/\/puntocritico.com\/ausajpuntocritico\/wp-content\/uploads\/2019\/05\/touch_of_evil-409548235-large.jpg 640w\" sizes=\"auto, (max-width: 220px) 100vw, 220px\" \/><span style=\"font-size: 14pt;\">T\u00edtulo original: Touch of Evil<\/span><\/p>\n<p><span style=\"font-size: 14pt;\">A\u00f1o: 1958 Duraci\u00f3n 108 min. Pa\u00eds Estados Unidos<\/span><\/p>\n<p><span style=\"font-size: 14pt;\">Direcci\u00f3n: <span class=\"director\">Orson Welles<\/span><\/span><\/p>\n<p><span style=\"font-size: 14pt;\">Guion: <span class=\"nb\">Orson Welles (Novela: Whit Masterson)<\/span><\/span><\/p>\n<p><span style=\"font-size: 14pt;\">M\u00fasica: <span class=\"nb\">Henry Mancini<\/span><\/span><\/p>\n<p><span style=\"font-size: 14pt;\">Fotograf\u00eda: <span class=\"nb\">Russell Metty (B&amp;W)<\/span><\/span><\/p>\n<p><span style=\"font-size: 14pt;\">Reparto:<\/span><\/p>\n<p><span style=\"font-size: 14pt;\"><span class=\"cast\">Charlton Heston,<\/span>\u00a0<span class=\"cast\">Janet Leigh,<\/span>\u00a0<span class=\"cast\">Orson Welles,<\/span>\u00a0<span class=\"cast\">Marlene Dietrich,<\/span>\u00a0<span class=\"cast\">Joseph Calleia, <\/span><span class=\"cast\">Akim Tamiroff,<\/span>\u00a0<span class=\"cast\">Dennis Weaver,<\/span>\u00a0<span class=\"cast\">Ray Collins,<\/span>\u00a0<span class=\"cast\">Mercedes McCambridge, <\/span><span class=\"cast\">Joseph Cotten,<\/span>\u00a0<span class=\"cast\">Zsa Zsa Gabor<\/span><\/span><\/p>\n<p><span style=\"font-size: 14pt;\">Productora\u00a0<span class=\"nb\">Universal Pictures<\/span><\/span><\/p>\n<p style=\"text-align: justify;\"><span style=\"font-size: 14pt;\">G\u00e9nero: Cine negro.<\/span><\/p>\n<p style=\"text-align: justify;\"><span style=\"font-size: 14pt;\">Sinopsis:<\/span><\/p>\n<p style=\"text-align: justify;\"><span style=\"font-size: 14pt;\">Un agente de la polic\u00eda de narc\u00f3ticos (Heston) llega a la frontera mexicana con su esposa justo en el momento en que explota una bomba. Inmediatamente se hace cargo de la investigaci\u00f3n contando con la colaboraci\u00f3n de Quinlan (Welles), el jefe de la polic\u00eda local, muy conocido en la zona por sus m\u00e9todos expeditivos y poco ortodoxos. Una lucha feroz se desata entre los dos hombres, pues cada uno de ellos tiene pruebas contra el otro. (<a href=\"https:\/\/www.filmaffinity.com\/es\/film127610.html\" target=\"_blank\" rel=\"noopener\" data-schema-attribute=\"\">FILMAFFINITY<\/a>)<\/span><\/p>\n<\/blockquote>\n<p>&nbsp;<\/p>\n<p><img loading=\"lazy\" decoding=\"async\" class=\"size-medium wp-image-2315946 aligncenter\" src=\"https:\/\/puntocritico.com\/ausajpuntocritico\/wp-content\/uploads\/2026\/01\/foto1-cartel-de-sed-de-mal-tc3adtulo-espac3b1ol-de-touch-of-evil-212x300.webp\" alt=\"\" width=\"212\" height=\"300\" srcset=\"https:\/\/puntocritico.com\/ausajpuntocritico\/wp-content\/uploads\/2026\/01\/foto1-cartel-de-sed-de-mal-tc3adtulo-espac3b1ol-de-touch-of-evil-212x300.webp 212w, https:\/\/puntocritico.com\/ausajpuntocritico\/wp-content\/uploads\/2026\/01\/foto1-cartel-de-sed-de-mal-tc3adtulo-espac3b1ol-de-touch-of-evil.webp 353w\" sizes=\"auto, (max-width: 212px) 100vw, 212px\" \/><\/p>\n<p style=\"text-align: center;\"><span style=\"color: #008000;\"><strong><span style=\"font-size: 18pt;\">*******<\/span><\/strong><\/span><\/p>\n<p><img loading=\"lazy\" decoding=\"async\" class=\"aligncenter wp-image-19142 size-mh-magazine-content\" src=\"https:\/\/puntocritico.com\/ausajpuntocritico\/wp-content\/uploads\/2019\/05\/SED-DE-MAL-2-678x381.jpg\" alt=\"\" width=\"678\" height=\"381\" srcset=\"https:\/\/puntocritico.com\/ausajpuntocritico\/wp-content\/uploads\/2019\/05\/SED-DE-MAL-2-678x381.jpg 678w, https:\/\/puntocritico.com\/ausajpuntocritico\/wp-content\/uploads\/2019\/05\/SED-DE-MAL-2-300x169.jpg 300w, https:\/\/puntocritico.com\/ausajpuntocritico\/wp-content\/uploads\/2019\/05\/SED-DE-MAL-2-768x432.jpg 768w, https:\/\/puntocritico.com\/ausajpuntocritico\/wp-content\/uploads\/2019\/05\/SED-DE-MAL-2-1024x576.jpg 1024w, https:\/\/puntocritico.com\/ausajpuntocritico\/wp-content\/uploads\/2019\/05\/SED-DE-MAL-2.jpg 1280w\" sizes=\"auto, (max-width: 678px) 100vw, 678px\" \/><\/p>\n<p>&nbsp;<\/p>\n<blockquote>\n<p style=\"text-align: center;\"><span style=\"font-size: 14pt; color: #008000;\"><em><strong>Fue Charlton Heston el que propuso a Welles como director del film a Universal, pues al principio s\u00f3lo deb\u00eda intervenir como actor, haciendo el papel del detective. <\/strong><\/em><\/span><\/p>\n<p style=\"text-align: center;\"><span style=\"font-size: 14pt; color: #008000;\"><em><strong>Heston dijo de Welles que \u201cfue el hombre con m\u00e1s talento que he conocido, lo cual no quiere decir que fuera el mejor actor o el mejor director. No pienso que lo fuera. Pero eso que llamamos \u2018talento\u2019, esa capacidad de crear arte, Orson la ten\u00eda a punta pala.\u201d <\/strong><\/em><\/span><\/p>\n<p style=\"text-align: center;\"><span style=\"font-size: 14pt; color: #008000;\"><em><strong>Qued\u00f3 para la posteridad, y ha sido requeteestudiado en las escuelas de cine el plano secuencia con que se abre el film, en que somos testigos de c\u00f3mo un tipo pone una bomba. Las acrobacias que hace la c\u00e1mara son sencillamente incre\u00edbles. <\/strong><\/em><\/span><\/p>\n<p style=\"text-align: center;\"><span style=\"font-size: 14pt; color: #008000;\"><em><strong>Otro arranque de genialidad ocurri\u00f3 el primer d\u00eda de rodaje: Welles estuvo casi todo el d\u00eda preparando un plano, sin rodar nada, para desesperaci\u00f3n de los ejecutivos del estudio. Cuando al fin lo hizo, declar\u00f3 que ese plano correspond\u00eda a doce p\u00e1ginas del gui\u00f3n, y que por tanto iban con dos d\u00edas de adelanto con respecto al calendario previsto. (<a href=\"https:\/\/decine21.com\/peliculas\/sed-de-mal-1451\" target=\"_blank\" rel=\"noopener\" data-schema-attribute=\"\">decine21<\/a>)<\/strong><\/em><\/span><\/p>\n<\/blockquote>\n<p>&nbsp;<\/p>\n<p><img loading=\"lazy\" decoding=\"async\" class=\"aligncenter wp-image-2315943\" src=\"https:\/\/puntocritico.com\/ausajpuntocritico\/wp-content\/uploads\/2026\/01\/Sed-de-mal-1233-300x216.webp\" alt=\"\" width=\"400\" height=\"287\" srcset=\"https:\/\/puntocritico.com\/ausajpuntocritico\/wp-content\/uploads\/2026\/01\/Sed-de-mal-1233-300x216.webp 300w, https:\/\/puntocritico.com\/ausajpuntocritico\/wp-content\/uploads\/2026\/01\/Sed-de-mal-1233-768x552.webp 768w, https:\/\/puntocritico.com\/ausajpuntocritico\/wp-content\/uploads\/2026\/01\/Sed-de-mal-1233.webp 789w\" sizes=\"auto, (max-width: 400px) 100vw, 400px\" \/><\/p>\n<p style=\"text-align: center;\"><span style=\"color: #008000;\"><strong><span style=\"font-size: 18pt;\">*******<\/span><\/strong><\/span><\/p>\n<h2 class=\"vw-title page-title entry-title \" style=\"text-align: center;\"><span style=\"font-size: 24pt;\">Orson Welles y el mejor plano secuencia de la historia del cine<\/span><\/h2>\n<p style=\"text-align: justify;\"><span style=\"font-size: 14pt;\"><a href=\"https:\/\/macguffin007.com\/2015\/08\/27\/orson-welles-y-el-mejor-plano-secuencia-de-la-historia-del-cine\/\" target=\"_blank\" rel=\"noopener\">Ra\u00fal Macguffin007<\/a>, 2015<\/span><\/p>\n<figure id=\"attachment_2315940\" aria-describedby=\"caption-attachment-2315940\" style=\"width: 678px\" class=\"wp-caption aligncenter\"><img loading=\"lazy\" decoding=\"async\" class=\"wp-image-2315940 size-mh-magazine-content\" src=\"https:\/\/puntocritico.com\/ausajpuntocritico\/wp-content\/uploads\/2026\/01\/sed-de-mal-plano-incial-678x381.jpg\" alt=\"Sed de mal \" width=\"678\" height=\"381\" srcset=\"https:\/\/puntocritico.com\/ausajpuntocritico\/wp-content\/uploads\/2026\/01\/sed-de-mal-plano-incial-678x381.jpg 678w, https:\/\/puntocritico.com\/ausajpuntocritico\/wp-content\/uploads\/2026\/01\/sed-de-mal-plano-incial-300x169.jpg 300w, https:\/\/puntocritico.com\/ausajpuntocritico\/wp-content\/uploads\/2026\/01\/sed-de-mal-plano-incial-1024x576.jpg 1024w, https:\/\/puntocritico.com\/ausajpuntocritico\/wp-content\/uploads\/2026\/01\/sed-de-mal-plano-incial-768x432.jpg 768w, https:\/\/puntocritico.com\/ausajpuntocritico\/wp-content\/uploads\/2026\/01\/sed-de-mal-plano-incial.jpg 1080w\" sizes=\"auto, (max-width: 678px) 100vw, 678px\" \/><figcaption id=\"caption-attachment-2315940\" class=\"wp-caption-text\"><span style=\"color: #008000;\">Fotogramas del plano secuencia de \u00abSed de mal\u00bb dirigido por Orson Welles<\/span><\/figcaption><\/figure>\n<p>&nbsp;<\/p>\n<p style=\"text-align: justify;\"><span style=\"font-size: 14pt;\">Que mejor forma de homenajear a\u00a0<strong>Orson Welles<\/strong>\u00a0que hablar del magn\u00edfico plano secuencia con el que comienza \u2018<strong>Sed de mal<\/strong>\u2018. El director estadounidense nos dio una visi\u00f3n del cine en estado puro, al conseguir solo a trav\u00e9s de las im\u00e1genes y de la banda sonora, y sin apenas di\u00e1logos, crear una atm\u00f3sfera de suspense desde el primer momento.<\/span><\/p>\n<p style=\"text-align: justify;\"><span style=\"font-size: 14pt;\"><strong>\u2018Sed de mal\u2019 (1958)<\/strong> cuenta el enfrentamiento entre el inspector <strong><em>Manuel Vargas<\/em><\/strong> (<strong>Charlton Heston<\/strong>), un serio polic\u00eda mexicano y el comisario <em><strong>Hank Quinlan<\/strong> <\/em>(<strong>Orson Welles<\/strong>), un tan fascinante como repulsivo polic\u00eda norteamericano que se deja llevar por su instinto durante un caso de tr\u00e1fico de estupefacientes que se desarrolla en la frontera entre M\u00e9xico y Estados Unidos.<\/span><\/p>\n<p>&nbsp;<\/p>\n<figure id=\"attachment_2315951\" aria-describedby=\"caption-attachment-2315951\" style=\"width: 490px\" class=\"wp-caption aligncenter\"><img loading=\"lazy\" decoding=\"async\" class=\"wp-image-2315951 size-full\" src=\"https:\/\/puntocritico.com\/ausajpuntocritico\/wp-content\/uploads\/2026\/01\/foto-11-el-famosc3adsimo-plano-secuencia-con-el-que-comienza-la-pelc3adcula.jpg\" alt=\"\" width=\"490\" height=\"265\" srcset=\"https:\/\/puntocritico.com\/ausajpuntocritico\/wp-content\/uploads\/2026\/01\/foto-11-el-famosc3adsimo-plano-secuencia-con-el-que-comienza-la-pelc3adcula.jpg 490w, https:\/\/puntocritico.com\/ausajpuntocritico\/wp-content\/uploads\/2026\/01\/foto-11-el-famosc3adsimo-plano-secuencia-con-el-que-comienza-la-pelc3adcula-300x162.jpg 300w\" sizes=\"auto, (max-width: 490px) 100vw, 490px\" \/><figcaption id=\"caption-attachment-2315951\" class=\"wp-caption-text\"><span style=\"color: #008000;\">El famos\u00edsimo plano-secuencia con el que comienza la pel\u00edcula.<\/span><\/figcaption><\/figure>\n<p>&nbsp;<\/p>\n<p style=\"text-align: justify;\"><span style=\"font-size: 14pt;\">Dirigida 17 a\u00f1os despu\u00e9s de \u2018Ciudadano Kane\u2019, pel\u00edcula considerada por muchos su obra maestra, Welles nos sorprende con \u2018Sed de mal\u2019,\u00a0<strong>una brillante muestra de cine negro<\/strong>\u00a0y sin lugar a dudas una de sus mejores y m\u00e1s originales pel\u00edculas, que el mismo escribi\u00f3, dirigi\u00f3 y protagoniz\u00f3.<\/span><\/p>\n<p style=\"text-align: justify;\"><span style=\"font-size: 14pt;\">Orson Welles consigue convertir una insignificante novela de\u00a0<strong>Whit Masterson,<\/strong>\u00a0planteada como una producci\u00f3n de serie B, en un ambiguo y genial conflicto dram\u00e1tico con planos de gran complejidad, como el inicial de 3 minutos de duraci\u00f3n en el que la c\u00e1mara no deja de moverse.<\/span><\/p>\n<p style=\"text-align: justify;\"><span style=\"font-size: 14pt;\"><img loading=\"lazy\" decoding=\"async\" class=\"size-medium wp-image-2315944 alignleft\" src=\"https:\/\/puntocritico.com\/ausajpuntocritico\/wp-content\/uploads\/2026\/01\/Sed-de-mal-234-300x169.jpg\" alt=\"\" width=\"300\" height=\"169\" srcset=\"https:\/\/puntocritico.com\/ausajpuntocritico\/wp-content\/uploads\/2026\/01\/Sed-de-mal-234-300x169.jpg 300w, https:\/\/puntocritico.com\/ausajpuntocritico\/wp-content\/uploads\/2026\/01\/Sed-de-mal-234-768x433.jpg 768w, https:\/\/puntocritico.com\/ausajpuntocritico\/wp-content\/uploads\/2026\/01\/Sed-de-mal-234-678x381.jpg 678w, https:\/\/puntocritico.com\/ausajpuntocritico\/wp-content\/uploads\/2026\/01\/Sed-de-mal-234.jpg 800w\" sizes=\"auto, (max-width: 300px) 100vw, 300px\" \/>El mecanismo de la secuencia es muy sencillo. El espectador sabe desde un principio que la bomba ha sido situada en el maletero del coche por un desconocido. Sin embargo tanto la pareja del coche como el resto de los personajes lo ignoran por completo. <\/span><\/p>\n<p style=\"text-align: justify;\"><span style=\"font-size: 14pt;\">Esto provoca en el espectador un mayor estado de angustia al habernos dado una informaci\u00f3n que desconocen los protagonistas.<\/span><\/p>\n<p style=\"text-align: justify;\"><span style=\"font-size: 14pt;\">A medida que se va desarrollando este plano secuencia\u00a0<strong>se va acumulando la tensi\u00f3n en el espectador<\/strong>, qui\u00e9n sabe que en un momento dado la bomba estallar\u00e1.<\/span><\/p>\n<p style=\"text-align: justify;\"><span style=\"font-size: 14pt;\"> Para remarcar este hecho la banda sonora simula el sonido del mecanismo del reloj que se inicia en el momento en que va a colocarla dentro del maletero y vuelve a incidir sobre ello cuando la se\u00f1ora del coche se percata de que hay un extra\u00f1o ruido procedente de la parte trasera del veh\u00edculo.<\/span><\/p>\n<p style=\"text-align: justify;\"><span style=\"font-size: 14pt;\">El juego de paralelismos que plasma el cineasta estadounidense en su realizaci\u00f3n cobra pleno sentido. Las dos parejas que van altern\u00e1ndose en la pantalla en esta secuencia inicial van a ver truncado su destino de forma tr\u00e1gica.\u00a0<\/span><span style=\"font-size: 14pt;\">La pareja americana van a ser asesinados; el matrimonio Vargas, que se dispon\u00eda a pasar su luna de miel de forma apacible, va a acabar involucr\u00e1ndose en el asesinato peligrosamente. <\/span><\/p>\n<p style=\"text-align: justify;\"><span style=\"font-size: 14pt;\">\u00c9l tendr\u00e1 que defender la honradez y la integridad frente a los polic\u00edas americanos y el corrupto Quinlan. Mientras que ella ser\u00e1 drogada y acusada de un asesinato en la parte central<img loading=\"lazy\" decoding=\"async\" class=\"size-medium wp-image-2315945 alignright\" src=\"https:\/\/puntocritico.com\/ausajpuntocritico\/wp-content\/uploads\/2026\/01\/seddemal2-300x225.jpg\" alt=\"\" width=\"300\" height=\"225\" srcset=\"https:\/\/puntocritico.com\/ausajpuntocritico\/wp-content\/uploads\/2026\/01\/seddemal2-300x225.jpg 300w, https:\/\/puntocritico.com\/ausajpuntocritico\/wp-content\/uploads\/2026\/01\/seddemal2-1024x767.jpg 1024w, https:\/\/puntocritico.com\/ausajpuntocritico\/wp-content\/uploads\/2026\/01\/seddemal2-768x576.jpg 768w, https:\/\/puntocritico.com\/ausajpuntocritico\/wp-content\/uploads\/2026\/01\/seddemal2-1536x1151.jpg 1536w, https:\/\/puntocritico.com\/ausajpuntocritico\/wp-content\/uploads\/2026\/01\/seddemal2-678x509.jpg 678w, https:\/\/puntocritico.com\/ausajpuntocritico\/wp-content\/uploads\/2026\/01\/seddemal2-326x245.jpg 326w, https:\/\/puntocritico.com\/ausajpuntocritico\/wp-content\/uploads\/2026\/01\/seddemal2-80x60.jpg 80w, https:\/\/puntocritico.com\/ausajpuntocritico\/wp-content\/uploads\/2026\/01\/seddemal2-1320x989.jpg 1320w, https:\/\/puntocritico.com\/ausajpuntocritico\/wp-content\/uploads\/2026\/01\/seddemal2.jpg 1600w\" sizes=\"auto, (max-width: 300px) 100vw, 300px\" \/> de la trama. <\/span><\/p>\n<p style=\"text-align: justify;\"><span style=\"font-size: 14pt;\">Como vemos, partiendo de una situaci\u00f3n de aparente felicidad\u00a0<strong>se va a producir una tragedia que cambiar\u00e1 la vida de ambas parejas<\/strong>.<\/span><\/p>\n<p style=\"text-align: justify;\"><span style=\"font-size: 14pt;\">Si se hubiese optado por la fragmentaci\u00f3n de esta secuencia, probablemente hubiese perdido mucha fuerza dram\u00e1tica. <\/span><\/p>\n<p style=\"text-align: justify;\"><span style=\"font-size: 14pt;\">En primer lugar, la sensaci\u00f3n que causa dicha acumulaci\u00f3n de tiempo ser\u00eda mucho m\u00e1s falseada en el sentido de que no nos dar\u00eda la misma impresi\u00f3n de reproducci\u00f3n de tiempo real. <\/span><\/p>\n<p style=\"text-align: justify;\"><span style=\"font-size: 14pt;\">En segundo lugar, el entrecruce de l\u00edneas argumentales que podr\u00eda presentarse <strong>con un montaje en paralelo producir\u00eda un efecto totalmente diferente<\/strong>.<\/span><\/p>\n<p style=\"text-align: justify;\"><span style=\"font-size: 14pt;\">Aqu\u00ed pueden ver \u00edntegramente este grandioso plano secuencia, que demostr\u00f3 el virtuosismo detr\u00e1s de la c\u00e1mara de Orson Welles, uno de los m\u00e1s importantes cineastas de la\u00a0historia del cine.<\/span><\/p>\n<p>&nbsp;<\/p>\n<p><img loading=\"lazy\" decoding=\"async\" class=\"aligncenter wp-image-2315948\" src=\"https:\/\/puntocritico.com\/ausajpuntocritico\/wp-content\/uploads\/2026\/01\/Sed-de-mal-orson-bn-300x169.avif\" alt=\"\" width=\"480\" height=\"270\" srcset=\"https:\/\/puntocritico.com\/ausajpuntocritico\/wp-content\/uploads\/2026\/01\/Sed-de-mal-orson-bn-300x169.avif 300w, https:\/\/puntocritico.com\/ausajpuntocritico\/wp-content\/uploads\/2026\/01\/Sed-de-mal-orson-bn-1024x576.avif 1024w, https:\/\/puntocritico.com\/ausajpuntocritico\/wp-content\/uploads\/2026\/01\/Sed-de-mal-orson-bn-768x432.avif 768w, https:\/\/puntocritico.com\/ausajpuntocritico\/wp-content\/uploads\/2026\/01\/Sed-de-mal-orson-bn-1536x864.avif 1536w, https:\/\/puntocritico.com\/ausajpuntocritico\/wp-content\/uploads\/2026\/01\/Sed-de-mal-orson-bn-678x381.avif 678w, https:\/\/puntocritico.com\/ausajpuntocritico\/wp-content\/uploads\/2026\/01\/Sed-de-mal-orson-bn-1320x743.avif 1320w, https:\/\/puntocritico.com\/ausajpuntocritico\/wp-content\/uploads\/2026\/01\/Sed-de-mal-orson-bn.avif 1960w\" sizes=\"auto, (max-width: 480px) 100vw, 480px\" \/><\/p>\n<p>&nbsp;<\/p>\n<p><a href=\"https:\/\/puntocritico.com\/author\/punto-critico\/\"><img loading=\"lazy\" decoding=\"async\" class=\"aligncenter wp-image-48\" src=\"https:\/\/puntocritico.com\/ausajpuntocritico\/wp-content\/uploads\/2016\/11\/Mosca_Punto_Cr\u00edtico_40.png\" alt=\"\" width=\"80\" height=\"80\" \/><\/a><\/p>\n<p>&nbsp;<\/p>\n","protected":false},"excerpt":{"rendered":"<div class=\"mh-excerpt\"><p>SED DE MAL &nbsp; Presenciar el pasado Somos la primera gente en la historia con la capacidad y el privilegio de ver la vida de hace d\u00e9cadas, de asomarnos a mundos caducados a trav\u00e9s del <a class=\"mh-excerpt-more\" href=\"https:\/\/puntocritico.com\/ausajpuntocritico\/2026\/01\/10\/sed-de-mal-orson-wells\/\" title=\"SED DE MAL, dirigida por Orson Wells (pel\u00edcula de 1958)\">[&#8230;]<\/a><\/p>\n<\/div>","protected":false},"author":3,"featured_media":19144,"comment_status":"closed","ping_status":"closed","sticky":false,"template":"","format":"standard","meta":{"_acf_changed":false,"_exactmetrics_skip_tracking":false,"_exactmetrics_sitenote_active":false,"_exactmetrics_sitenote_note":"","_exactmetrics_sitenote_category":0,"footnotes":""},"categories":[10],"tags":[],"class_list":{"0":"post-2315902","1":"post","2":"type-post","3":"status-publish","4":"format-standard","5":"has-post-thumbnail","7":"category-miscelanea"},"acf":[],"_links":{"self":[{"href":"https:\/\/puntocritico.com\/ausajpuntocritico\/wp-json\/wp\/v2\/posts\/2315902","targetHints":{"allow":["GET"]}}],"collection":[{"href":"https:\/\/puntocritico.com\/ausajpuntocritico\/wp-json\/wp\/v2\/posts"}],"about":[{"href":"https:\/\/puntocritico.com\/ausajpuntocritico\/wp-json\/wp\/v2\/types\/post"}],"author":[{"embeddable":true,"href":"https:\/\/puntocritico.com\/ausajpuntocritico\/wp-json\/wp\/v2\/users\/3"}],"replies":[{"embeddable":true,"href":"https:\/\/puntocritico.com\/ausajpuntocritico\/wp-json\/wp\/v2\/comments?post=2315902"}],"version-history":[{"count":0,"href":"https:\/\/puntocritico.com\/ausajpuntocritico\/wp-json\/wp\/v2\/posts\/2315902\/revisions"}],"wp:featuredmedia":[{"embeddable":true,"href":"https:\/\/puntocritico.com\/ausajpuntocritico\/wp-json\/wp\/v2\/media\/19144"}],"wp:attachment":[{"href":"https:\/\/puntocritico.com\/ausajpuntocritico\/wp-json\/wp\/v2\/media?parent=2315902"}],"wp:term":[{"taxonomy":"category","embeddable":true,"href":"https:\/\/puntocritico.com\/ausajpuntocritico\/wp-json\/wp\/v2\/categories?post=2315902"},{"taxonomy":"post_tag","embeddable":true,"href":"https:\/\/puntocritico.com\/ausajpuntocritico\/wp-json\/wp\/v2\/tags?post=2315902"}],"curies":[{"name":"wp","href":"https:\/\/api.w.org\/{rel}","templated":true}]}}