{"id":2315852,"date":"2026-01-11T00:05:19","date_gmt":"2026-01-10T23:05:19","guid":{"rendered":"https:\/\/puntocritico.com\/ausajpuntocritico\/?p=2315852"},"modified":"2026-01-25T10:58:35","modified_gmt":"2026-01-25T09:58:35","slug":"el-proyecto-atomico-nazi","status":"publish","type":"post","link":"https:\/\/puntocritico.com\/ausajpuntocritico\/2026\/01\/11\/el-proyecto-atomico-nazi\/","title":{"rendered":"EL PROYECTO AT\u00d3MICO NAZI (\u00abWunder Waffen\u00bb, arma maravillosa): Partes 1 y 2"},"content":{"rendered":"<p style=\"text-align: justify;\"><span style=\"font-size: 14pt; color: #008000;\">El Proyecto At\u00f3mico Nazi <\/span><\/p>\n\n<p style=\"text-align: center;\">\u00a0<\/p>\n<blockquote>\n<h2 style=\"text-align: center;\"><span style=\"font-size: 24pt;\"><i><b>Wunderwaffe<\/b><\/i> (<em>arma maravillosa<\/em>): El Proyecto At\u00f3mico Nazi\u00a0<\/span><\/h2>\n<figure id=\"attachment_2315853\" aria-describedby=\"caption-attachment-2315853\" style=\"width: 240px\" class=\"wp-caption aligncenter\"><a href=\"https:\/\/es.wikipedia.org\/wiki\/Wunderwaffe\" target=\"_blank\" rel=\"noopener\" data-schema-attribute=\"\"><img loading=\"lazy\" decoding=\"async\" class=\"wp-image-2315853\" src=\"https:\/\/puntocritico.com\/ausajpuntocritico\/wp-content\/uploads\/2026\/01\/Fusee_V2-215x300.jpg\" alt=\"Wunderwaffe (arma maravillosa): El Proyecto At\u00f3mico Nazi\u00a0 \" width=\"240\" height=\"336\" srcset=\"https:\/\/puntocritico.com\/ausajpuntocritico\/wp-content\/uploads\/2026\/01\/Fusee_V2-215x300.jpg 215w, https:\/\/puntocritico.com\/ausajpuntocritico\/wp-content\/uploads\/2026\/01\/Fusee_V2.jpg 500w\" sizes=\"auto, (max-width: 240px) 100vw, 240px\" \/><\/a><figcaption id=\"caption-attachment-2315853\" class=\"wp-caption-text\"><a href=\"https:\/\/es.wikipedia.org\/wiki\/Wunderwaffe\" target=\"_blank\" rel=\"noopener\" data-schema-attribute=\"\"><span style=\"color: #008000;\">R\u00e9plica de un Cohete V2 en Usedom, Alemania.<\/span><\/a><\/figcaption><\/figure>\n<p>&nbsp;<\/p>\n<p style=\"text-align: justify;\"><span style=\"font-size: 14pt;\"><a href=\"https:\/\/es.wikipedia.org\/wiki\/Wunderwaffe\" target=\"_blank\" rel=\"noopener\" data-schema-attribute=\"\"><i><b>Wunderwaffe<\/b><\/i><\/a>\u00a0(<em>en\u00a0alem\u00e1n\u00a0&#8216;<strong>arma maravillosa<\/strong>&#8216;<\/em>) fue un t\u00e9rmino asignado durante la\u00a0Segunda Guerra Mundial\u00a0por el\u00a0<strong>Ministerio de propaganda\u00a0de la\u00a0Alemania nazi\u00a0<\/strong>a cada una de las nuevas armas de guerra proyectadas para ser usadas por el ej\u00e9rcito alem\u00e1n. <\/span><\/p>\n<p style=\"text-align: justify;\"><span style=\"font-size: 14pt;\">Hipot\u00e9ticamente, este armamento cambiar\u00eda el curso de la guerra y dar\u00eda la victoria final a Alemania. En ocasiones han sido llamadas as\u00ed las\u00a0<strong>Vergeltungswaffen\u00a0<\/strong>(&#8216;<em>armas de represalia<\/em>&#8216;), cuyo objetivo era el bombardeo estrat\u00e9gico de posiciones enemigas a gran distancia.<\/span><\/p>\n<p style=\"text-align: justify;\"><span style=\"font-size: 14pt;\">Despu\u00e9s del colapso del\u00a0r\u00e9gimen nazi\u00a0al final de la guerra, los\u00a0cient\u00edficos\u00a0alemanes especializados en las\u00a0<i>Armas maravillosas<\/i>\u00a0fueron llevados secretamente a Estados Unidos (<a title=\"Operaci\u00f3n Paperclip\" href=\"https:\/\/es.wikipedia.org\/wiki\/Operaci%C3%B3n_Paperclip\" target=\"_blank\" rel=\"noopener\" data-schema-attribute=\"\">Operaci\u00f3n Paperclip<\/a>) y la Uni\u00f3n Sovi\u00e9tica (<a title=\"Operaci\u00f3n Osoaviajim\" href=\"https:\/\/es.wikipedia.org\/wiki\/Operaci%C3%B3n_Osoaviajim\" target=\"_blank\" rel=\"noopener\" data-schema-attribute=\"\">Operaci\u00f3n Osoaviajim<\/a>).\u200b<\/span><\/p>\n<p>&nbsp;<\/p>\n<p style=\"text-align: center;\"><strong><span style=\"font-size: 14pt; color: #008000;\">Despu\u00e9s del colapso del\u00a0r\u00e9gimen nazi\u00a0al final de la guerra, los\u00a0cient\u00edficos\u00a0alemanes especializados en las\u00a0<i>Armas maravillosas<\/i>\u00a0fueron llevados secretamente a Estados Unidos (Operaci\u00f3n Paperclip) y la Uni\u00f3n Sovi\u00e9tica (Operaci\u00f3n Osoaviajim).\u200b<\/span><\/strong><\/p>\n<\/blockquote>\n<p>&nbsp;<\/p>\n<p><a href=\"https:\/\/www.youtube.com\/watch?v=_7vfcaCOXe0\" target=\"_blank\" rel=\"noopener\" data-schema-attribute=\"\"><img loading=\"lazy\" decoding=\"async\" class=\"aligncenter wp-image-2315874\" src=\"https:\/\/puntocritico.com\/ausajpuntocritico\/wp-content\/uploads\/2026\/01\/Tintin-luna-2.jpg\" alt=\"\" width=\"280\" height=\"280\" srcset=\"https:\/\/puntocritico.com\/ausajpuntocritico\/wp-content\/uploads\/2026\/01\/Tintin-luna-2.jpg 225w, https:\/\/puntocritico.com\/ausajpuntocritico\/wp-content\/uploads\/2026\/01\/Tintin-luna-2-150x150.jpg 150w\" sizes=\"auto, (max-width: 280px) 100vw, 280px\" \/><\/a><\/p>\n<p style=\"text-align: center;\"><span style=\"font-size: 18pt; color: #008000;\"><strong>*******<\/strong><\/span><\/p>\n<h2 style=\"text-align: center;\"><span style=\"font-size: 24pt;\"><strong>WunderWaffen: El Proyecto At\u00f3mico Nazi<\/strong><\/span><\/h2>\n<blockquote>\n<p style=\"text-align: center;\"><em><strong><span style=\"font-size: 14pt;\">En el ocaso de la guerra corri\u00f3 el rumor de que los alemanes dispon\u00edan de una mort\u00edfera arma que cambiar\u00eda el signo de la contienda. \u00bfA qu\u00e9 arma se refer\u00edan? <\/span><\/strong><\/em><\/p>\n<p style=\"text-align: center;\"><em><strong><span style=\"font-size: 14pt;\">Cada d\u00eda, un mayor n\u00famero de estudiosos consideran que el arma letal a la que se refer\u00edan era nada menos que la bomba at\u00f3mica. \u00bfLlegaron a construirla? Descubrimos algunas claves.<\/span><\/strong><\/em><\/p>\n<\/blockquote>\n<p><span style=\"font-size: 14pt;\">Por <a href=\"https:\/\/web.archive.org\/web\/20090326211931\/http:\/\/sgm.casposidad.com\/ultrasecreto\/bombatomica.htm\" target=\"_blank\" rel=\"noopener\" data-schema-attribute=\"\">Arthur T. Wheeler<\/a><\/span><\/p>\n<figure id=\"attachment_2315910\" aria-describedby=\"caption-attachment-2315910\" style=\"width: 408px\" class=\"wp-caption aligncenter\"><img loading=\"lazy\" decoding=\"async\" class=\"wp-image-2315910 size-full\" src=\"https:\/\/puntocritico.com\/ausajpuntocritico\/wp-content\/uploads\/2026\/01\/Wunder-waffen-Arthur-Weeler.jpg\" alt=\"\" width=\"408\" height=\"548\" srcset=\"https:\/\/puntocritico.com\/ausajpuntocritico\/wp-content\/uploads\/2026\/01\/Wunder-waffen-Arthur-Weeler.jpg 408w, https:\/\/puntocritico.com\/ausajpuntocritico\/wp-content\/uploads\/2026\/01\/Wunder-waffen-Arthur-Weeler-223x300.jpg 223w\" sizes=\"auto, (max-width: 408px) 100vw, 408px\" \/><figcaption id=\"caption-attachment-2315910\" class=\"wp-caption-text\"><span style=\"color: #008000;\">Una aproximaci\u00f3n definitiva a la historia de la bomba at\u00f3mica nazi, realizada gracias a documentos rusos, japoneses, de Alemania Oriental y estadounidenses recientemente desclasificados. Los nazis pose\u00edan la bomba en 1943, y las bombas de Hiroshima y Nagasaki fueron capturadas en Noruega por los aliados en mayo de 1945. La Uni\u00f3n Sovi\u00e9tica de Stalin tambi\u00e9n sufri\u00f3 una \u00abprueba nuclear a distancia\u00bb en febrero pasado. Posteriormente, el dictador ruso se vio obligado a crear la \u00abfalsificaci\u00f3n del meteorito de Tunguska de 1908\u00bb, ocultando los hechos&#8230; Por fin, este libro ofrece una explicaci\u00f3n racional de muchas leyendas pseudoesot\u00e9ricas sobre ovnis de los \u00faltimos 60 a\u00f1os&#8230; (del pr\u00f3logo del libro).<\/span><\/figcaption><\/figure>\n<p style=\"text-align: center;\"><strong><span style=\"color: #008000; font-size: 18pt;\">*******<\/span><\/strong><\/p>\n<blockquote>\n<h3 style=\"text-align: center;\"><span style=\"font-size: 18pt;\">\u00cdndice<\/span><\/h3>\n<figure id=\"attachment_2315912\" aria-describedby=\"caption-attachment-2315912\" style=\"width: 572px\" class=\"wp-caption aligncenter\"><img loading=\"lazy\" decoding=\"async\" class=\"wp-image-2315912 size-full\" src=\"https:\/\/puntocritico.com\/ausajpuntocritico\/wp-content\/uploads\/2026\/01\/Campo-de-concentracion-nazi-1945.jpg\" alt=\"\" width=\"572\" height=\"473\" srcset=\"https:\/\/puntocritico.com\/ausajpuntocritico\/wp-content\/uploads\/2026\/01\/Campo-de-concentracion-nazi-1945.jpg 572w, https:\/\/puntocritico.com\/ausajpuntocritico\/wp-content\/uploads\/2026\/01\/Campo-de-concentracion-nazi-1945-300x248.jpg 300w\" sizes=\"auto, (max-width: 572px) 100vw, 572px\" \/><figcaption id=\"caption-attachment-2315912\" class=\"wp-caption-text\"><span style=\"color: #008000;\">Campo de concentraci\u00f3n de Nordhausen (F\u00e1brica de cohetes V-2), tras el bombardeo de abril de 1945. En el suelo, miles de prisioneros de guerra y soldados alemanes muertos. \u00abEsto no debe volver a suceder\u00bb. El Libro negro del horror fascista, Pilot Press junio 1945. <\/span><\/figcaption><\/figure>\n<p style=\"text-align: center;\"><span style=\"font-family: georgia, palatino, serif; font-size: 14pt;\"><strong>Parte I<\/strong><\/span><\/p>\n<\/blockquote>\n<blockquote>\n<p style=\"text-align: center;\"><span style=\"font-family: georgia, palatino, serif; font-size: 14pt;\">La historia oficial.<\/span><\/p>\n<p style=\"text-align: center;\"><span style=\"font-family: georgia, palatino, serif; font-size: 14pt;\">Farm Hall: los cient\u00edficos alemanes hablan.<\/span><\/p>\n<p style=\"text-align: center;\"><span style=\"font-family: georgia, palatino, serif; font-size: 14pt;\">Los recortados poderes de Speer.<\/span><\/p>\n<p style=\"text-align: center;\"><span style=\"font-family: georgia, palatino, serif; font-size: 14pt;\">Heisenberg, el \u00abjud\u00edo blanco\u00bb.<\/span><\/p>\n<p style=\"text-align: center;\"><span style=\"font-family: georgia, palatino, serif; font-size: 14pt;\">Trabajo en paralelo: tres proyectos at\u00f3micos nazis.<\/span><\/p>\n<p style=\"text-align: center;\"><span style=\"font-family: georgia, palatino, serif; font-size: 14pt;\">General Kammler: las SS se quedan con los proyectos Wunderwaffe.<\/span><\/p>\n<p style=\"text-align: center;\"><span style=\"font-family: georgia, palatino, serif; font-size: 14pt;\">El brillante Baron von Ardenne.<\/span><\/p>\n<p style=\"text-align: center;\"><span style=\"font-size: 18pt;\"><strong><span style=\"color: #008000;\">*<\/span><\/strong><\/span><\/p>\n<p style=\"text-align: center;\"><span style=\"font-family: georgia, palatino, serif; font-size: 14pt;\"><strong>Parte II<\/strong><\/span><\/p>\n<p style=\"text-align: center;\"><span style=\"font-family: georgia, palatino, serif; font-size: 14pt;\">Uranio enriquecido U-235: \u00bfqui\u00e9n lleg\u00f3 antes?<\/span><\/p>\n<p style=\"text-align: center;\"><span style=\"font-family: georgia, palatino, serif; font-size: 14pt;\">Una prueba antes de la ofensiva de Kursk.<\/span><\/p>\n<p style=\"text-align: center;\"><span style=\"font-family: georgia, palatino, serif; font-size: 14pt;\">\u00abZielvorschlag New York\u00bb (Objetivo Nueva York).<\/span><\/p>\n<p style=\"text-align: center;\"><span style=\"font-family: georgia, palatino, serif; font-size: 14pt;\">Hitler tranquiliza a Mussolini.<\/span><\/p>\n<p style=\"text-align: center;\"><span style=\"font-size: 18pt;\"><strong><span style=\"color: #008000;\">*<\/span><\/strong><\/span><\/p>\n<p style=\"text-align: center;\"><span style=\"font-family: georgia, palatino, serif; font-size: 14pt;\"><strong>Parte III<\/strong><\/span><\/p>\n<p style=\"text-align: center;\"><span style=\"font-family: georgia, palatino, serif; font-size: 14pt;\">Test at\u00f3mico en la Isla de R\u00fcgen.<\/span><\/p>\n<p style=\"text-align: center;\"><span style=\"font-family: georgia, palatino, serif; font-size: 14pt;\">Jonastal III C: La fortaleza subterr\u00e1nea de Turingia.<\/span><\/p>\n<p style=\"text-align: center;\"><span style=\"font-family: georgia, palatino, serif; font-size: 14pt;\">Un He177 preparado para la guerra at\u00f3mica:<\/span><\/p>\n<p style=\"text-align: center;\"><span style=\"font-family: georgia, palatino, serif; font-size: 14pt;\">La misteriosa explosi\u00f3n de Tunguska.<\/span><\/p>\n<p style=\"text-align: center;\"><span style=\"font-family: georgia, palatino, serif; font-size: 14pt;\">La Hiroshima Siberiana.<\/span><\/p>\n<p style=\"text-align: center;\"><span style=\"font-size: 18pt;\"><strong><span style=\"color: #008000;\">*<\/span><\/strong><\/span><\/p>\n<p style=\"text-align: center;\"><span style=\"font-family: georgia, palatino, serif; font-size: 14pt;\"><strong>Parte IV<\/strong><\/span><\/p>\n<p style=\"text-align: center;\"><span style=\"font-family: georgia, palatino, serif; font-size: 14pt;\">Stalin y la fabricaci\u00f3n del mito de Tunguska.<\/span><\/p>\n<p style=\"text-align: center;\"><span style=\"font-family: georgia, palatino, serif; font-size: 14pt;\">\u00bfPorqu\u00e9 atacar Tunguska?<\/span><\/p>\n<p style=\"text-align: center;\"><span style=\"font-family: georgia, palatino, serif; font-size: 14pt;\">Hitler promete la victoria final.<\/span><\/p>\n<p style=\"text-align: center;\"><span style=\"font-family: georgia, palatino, serif; font-size: 14pt;\">Hitler no usa la bomba.<\/span><\/p>\n<p style=\"text-align: center;\"><span style=\"font-size: 18pt;\"><strong><span style=\"color: #008000;\">*<\/span><\/strong><\/span><\/p>\n<p style=\"text-align: center;\"><span style=\"font-family: georgia, palatino, serif; font-size: 14pt;\"><strong>Parte V<\/strong><\/span><\/p>\n<p style=\"text-align: center;\"><span style=\"font-family: georgia, palatino, serif; font-size: 14pt;\">El Submarino U-234.<\/span><\/p>\n<p style=\"text-align: center;\"><span style=\"font-family: georgia, palatino, serif; font-size: 14pt;\">Los Hechos Hist\u00f3ricamente Comprobados.<\/span><\/p>\n<p style=\"text-align: center;\"><span style=\"font-family: georgia, palatino, serif; font-size: 14pt;\">La pista nuclear se confirma.<\/span><\/p>\n<p style=\"text-align: center;\"><span style=\"font-family: georgia, palatino, serif; font-size: 14pt;\">La Verdadera Carga.<\/span><\/p>\n<p style=\"text-align: center;\"><span style=\"font-family: georgia, palatino, serif; font-size: 14pt;\">560 kilos de uranio 235: El caso Carter Hydrick.<\/span><\/p>\n<p style=\"text-align: center;\"><span style=\"font-size: 18pt;\"><strong><span style=\"color: #008000;\">*<\/span><\/strong><\/span><\/p>\n<p style=\"text-align: center;\"><span style=\"font-family: georgia, palatino, serif; font-size: 14pt;\"><strong>Parte VI<\/strong><\/span><\/p>\n<p style=\"text-align: center;\"><span style=\"font-family: georgia, palatino, serif; font-size: 14pt;\">Proyecto Manhattan, mayo de 1945: No hay bomba.<\/span><\/p>\n<p style=\"text-align: center;\"><span style=\"font-family: georgia, palatino, serif; font-size: 14pt;\">Los fusibles infrarrojos de von Ardenne y la bomba de plutonio.<\/span><\/p>\n<p style=\"text-align: center;\"><span style=\"font-family: georgia, palatino, serif; font-size: 14pt;\">60 kilos de U235 sobre Jap\u00f3n.<\/span><\/p>\n<p style=\"text-align: center;\"><span style=\"font-family: georgia, palatino, serif; font-size: 14pt;\">Oppenheimer, Churchill y el General Putt hablan.<\/span><\/p>\n<p style=\"text-align: center;\"><span style=\"font-family: georgia, palatino, serif; font-size: 14pt;\">Cruzar el atl\u00e1ntico en 17 minutos.<\/span><\/p>\n<p style=\"text-align: center;\"><span style=\"font-family: georgia, palatino, serif; font-size: 14pt;\">Preguntas sin contestar.<\/span><\/p>\n<\/blockquote>\n<p>&nbsp;<\/p>\n<p><img loading=\"lazy\" decoding=\"async\" class=\"aligncenter wp-image-2315873\" src=\"https:\/\/puntocritico.com\/ausajpuntocritico\/wp-content\/uploads\/2026\/01\/album-tintin-objectif-c15-44-a1-300x135.png\" alt=\"\" width=\"660\" height=\"298\" srcset=\"https:\/\/puntocritico.com\/ausajpuntocritico\/wp-content\/uploads\/2026\/01\/album-tintin-objectif-c15-44-a1-300x135.png 300w, https:\/\/puntocritico.com\/ausajpuntocritico\/wp-content\/uploads\/2026\/01\/album-tintin-objectif-c15-44-a1-1024x462.png 1024w, https:\/\/puntocritico.com\/ausajpuntocritico\/wp-content\/uploads\/2026\/01\/album-tintin-objectif-c15-44-a1-768x346.png 768w, https:\/\/puntocritico.com\/ausajpuntocritico\/wp-content\/uploads\/2026\/01\/album-tintin-objectif-c15-44-a1-1536x693.png 1536w, https:\/\/puntocritico.com\/ausajpuntocritico\/wp-content\/uploads\/2026\/01\/album-tintin-objectif-c15-44-a1-1320x595.png 1320w, https:\/\/puntocritico.com\/ausajpuntocritico\/wp-content\/uploads\/2026\/01\/album-tintin-objectif-c15-44-a1.png 2000w\" sizes=\"auto, (max-width: 660px) 100vw, 660px\" \/><\/p>\n<p>&nbsp;<\/p>\n<blockquote>\n<p style=\"text-align: center;\"><span style=\"color: #008000;\"><strong><span style=\"text-decoration: underline;\"><span style=\"font-family: georgia, palatino, serif; font-size: 14pt;\">Parte I<\/span><\/span><span style=\"font-family: georgia, palatino, serif; font-size: 14pt;\">:\u00a0<\/span><\/strong><\/span><\/p>\n<p style=\"text-align: center;\"><span style=\"color: #008000;\"><strong><span style=\"font-family: georgia, palatino, serif; font-size: 14pt;\">La historia oficial.\u00a0Farm Hall: los cient\u00edficos alemanes hablan.\u00a0Los recortados poderes de Speer.\u00a0Heisenberg, el \u00abjud\u00edo blanco\u00bb.\u00a0Trabajo en paralelo: tres proyectos at\u00f3micos nazis.\u00a0General Kammler: las SS se quedan con los proyectos Wunderwaffe.\u00a0El brillante Baron von Ardenne.<\/span><\/strong><\/span><\/p>\n<\/blockquote>\n<p>&nbsp;<\/p>\n<p style=\"text-align: justify;\"><img loading=\"lazy\" decoding=\"async\" class=\"aligncenter wp-image-2315875\" src=\"https:\/\/puntocritico.com\/ausajpuntocritico\/wp-content\/uploads\/2026\/01\/titinluna-1-300x168.webp\" alt=\"\" width=\"480\" height=\"269\" srcset=\"https:\/\/puntocritico.com\/ausajpuntocritico\/wp-content\/uploads\/2026\/01\/titinluna-1-300x168.webp 300w, https:\/\/puntocritico.com\/ausajpuntocritico\/wp-content\/uploads\/2026\/01\/titinluna-1-1024x574.webp 1024w, https:\/\/puntocritico.com\/ausajpuntocritico\/wp-content\/uploads\/2026\/01\/titinluna-1-768x431.webp 768w, https:\/\/puntocritico.com\/ausajpuntocritico\/wp-content\/uploads\/2026\/01\/titinluna-1-678x381.webp 678w, https:\/\/puntocritico.com\/ausajpuntocritico\/wp-content\/uploads\/2026\/01\/titinluna-1.webp 1245w\" sizes=\"auto, (max-width: 480px) 100vw, 480px\" \/><\/p>\n<p style=\"text-align: justify;\">\u00a0<\/p>\n<h3 style=\"text-align: center;\"><span style=\"font-family: georgia, palatino, serif; font-size: 18pt;\"><strong>Parte I<\/strong><\/span><\/h3>\n<h4 style=\"text-align: justify;\" align=\"justify\"><span style=\"font-size: 14pt; font-family: georgia, palatino, serif;\"><strong>La historia oficial.<\/strong><\/span><\/h4>\n<p style=\"text-align: justify;\" align=\"justify\"><span style=\"font-size: 14pt; font-family: georgia, palatino, serif;\">En su wagneriana ca\u00edda, el tercer Reich mantiene el \u00e1nimo combativo de millones de alemanes con una promesa: la existencia de <strong>WuWa<\/strong>, la <strong>WunderWaffen<\/strong>, un \u00ab<strong><em>arma maravillosa<\/em><\/strong>\u00bb definitiva que cambiar\u00e1 para siempre el rumbo desfavorable de la guerra. <\/span><\/p>\n<p style=\"text-align: justify;\" align=\"justify\"><span style=\"font-size: 14pt; font-family: georgia, palatino, serif;\">Simult\u00e1neamente desde 1942 se desarrolla en Estados Unidos un esfuerzo industrial y cient\u00edfico sin precedentes: el llamado \u00ab<em><strong>proyecto Manhattan<\/strong><\/em>\u00ab, destinado a crear la bomba at\u00f3mica.\u00a0<\/span><\/p>\n<p style=\"text-align: justify;\" align=\"justify\"><span style=\"font-size: 14pt; font-family: georgia, palatino, serif;\">Estados Unidos sabe que Alemania tiene los t\u00e9cnicos, los cient\u00edficos y el poder industrial necesario para abordar la fabricaci\u00f3n de la bomba at\u00f3mica, pero aparentemente desconoce el grado de desarrollo at\u00f3mico del r\u00e9gimen nazi. <\/span><\/p>\n<p style=\"text-align: justify;\" align=\"justify\"><span style=\"font-size: 14pt; font-family: georgia, palatino, serif;\">La guerra transcurre, y a excepci\u00f3n de los ataques efectuados por los <strong>cohetes V-1\u00a0y\u00a0V-2<\/strong>, y de los <strong>aviones a reacci\u00f3n\u00a0Me-262<\/strong>, no hay rastro de las anunciadas armas definitivas alemanas.<\/span><\/p>\n<p style=\"text-align: justify;\" align=\"justify\"><span style=\"font-size: 14pt; font-family: georgia, palatino, serif;\">A principios de 1945 el colapso del ej\u00e9rcito nazi es inminente, sus comunicaciones y suministros han quedado destruidos y en mayo el fin llega tras el suicidio de <strong>Adolf Hitler<\/strong>. <\/span><\/p>\n<p style=\"text-align: justify;\" align=\"justify\"><span style=\"font-size: 14pt; font-family: georgia, palatino, serif;\">Un comando especial del servicio de inteligencia americano, al que se conoce como \u00ab<em><strong>ALSOS<\/strong><\/em>\u00ab, se encarga de investigar y recopilar cualquier informaci\u00f3n referente al programa de la hipot\u00e9tica bomba at\u00f3mica nazi.<\/span><\/p>\n<p style=\"text-align: justify;\" align=\"justify\"><span style=\"font-size: 14pt; font-family: georgia, palatino, serif;\">Finalmente el comando encuentra, escondido en una gruta excavada bajo una <em>iglesia de <strong>Haigerloch<\/strong><\/em>, el reactor experimental B-VIII, un tosco recipiente de agua pesada, con un par de inservibles reactores sumergidos en su interior.<\/span><\/p>\n<p style=\"text-align: justify;\" align=\"justify\"><span style=\"font-size: 14pt; font-family: georgia, palatino, serif;\"> <strong>Samuel Gouldsmit<\/strong>, jefe de la operaci\u00f3n \u00ab<strong><em>ALSOS<\/em><\/strong>\u00ab, es tajante en sus conclusiones: el proyecto de la bomba at\u00f3mica de <strong>Hitler<\/strong> fue un mito creado para someter la voluntad de millones de alemanes a una resistencia sin esperanza en una guerra suicida . <strong>La prometida WuWa no existi\u00f3 jam\u00e1s<\/strong>.<\/span><\/p>\n<p style=\"text-align: justify;\" align=\"justify\">\u00a0<\/p>\n<p align=\"justify\"><img loading=\"lazy\" decoding=\"async\" class=\"aligncenter wp-image-2315913 size-full\" src=\"https:\/\/puntocritico.com\/ausajpuntocritico\/wp-content\/uploads\/2026\/01\/Hiroshima-y-Nagasaki-nazis-Wunder-waffen-555.jpg\" alt=\"\" width=\"685\" height=\"261\" srcset=\"https:\/\/puntocritico.com\/ausajpuntocritico\/wp-content\/uploads\/2026\/01\/Hiroshima-y-Nagasaki-nazis-Wunder-waffen-555.jpg 685w, https:\/\/puntocritico.com\/ausajpuntocritico\/wp-content\/uploads\/2026\/01\/Hiroshima-y-Nagasaki-nazis-Wunder-waffen-555-300x114.jpg 300w\" sizes=\"auto, (max-width: 685px) 100vw, 685px\" \/><\/p>\n<p style=\"text-align: justify;\" align=\"justify\">\u00a0<\/p>\n<h4 style=\"text-align: justify;\" align=\"justify\"><span style=\"font-size: 14pt;\"><span style=\"font-family: georgia, palatino, serif;\"><strong>Farm\u00a0<\/strong><strong>Hall: Los cient\u00edficos alemanes hablan.<\/strong><\/span><\/span><\/h4>\n<p style=\"text-align: justify;\" align=\"justify\"><span style=\"font-size: 14pt; font-family: georgia, palatino, serif;\">Uno de los objetivos principales de la <strong>operaci\u00f3n ALSOS<\/strong> era capturar a aquellos cient\u00edficos alemanes que pod\u00edan haber jugado un papel considerable en el desarrollo del hipot\u00e9tico programa at\u00f3mico nazi. <\/span><\/p>\n<p style=\"text-align: justify;\" align=\"justify\"><span style=\"font-size: 14pt; font-family: georgia, palatino, serif;\">Sin demasiado esfuerzo, son encontrados <strong>Heisenberg<\/strong>, creador del principio de incertidumbre y premio N\u00f3bel de F\u00edsica, y <strong>Otto Hahn<\/strong>, descubridor en 1938 de la fisi\u00f3n nuclear, clave para el futuro desarrollo de la bomba at\u00f3mica.<\/span><\/p>\n<p style=\"text-align: justify;\" align=\"justify\"><span style=\"font-size: 14pt; font-family: georgia, palatino, serif;\">Tambi\u00e9n son detenidos <strong>Kurt Diebner <\/strong>y <strong>Walter Gerlach<\/strong>, principales responsables pol\u00edticos del \u00ab<strong><em>uraniorum<\/em><\/strong>\u00ab, el programa \u00ab<em>oficial<\/em>\u00bb de energ\u00eda nuclear alem\u00e1n, con sede en la llamada \u00ab<strong><em>Virus House<\/em><\/strong>\u00bb de Berl\u00edn. <\/span><\/p>\n<p style=\"text-align: justify;\" align=\"justify\"><span style=\"font-size: 14pt; font-family: georgia, palatino, serif;\">Poco despu\u00e9s de la guerra, el pu\u00f1ado de cient\u00edficos capturados son internados en una casa de campo equipada con micr\u00f3fonos, a la que se conoce como \u00ab<strong><em>Farm Hall<\/em><\/strong>\u00ab.<\/span><\/p>\n<p style=\"text-align: justify;\" align=\"justify\"><span style=\"font-size: 14pt; font-family: georgia, palatino, serif;\">All\u00ed se observan atentamente las reacciones y conversaciones de los sabios, con objeto de conocer en profundidad el estado de las investigaciones nucleares durante el tercer Reich.<\/span><\/p>\n<p style=\"text-align: justify;\" align=\"justify\"><span style=\"font-size: 14pt; font-family: georgia, palatino, serif;\">Se obtienen algunos datos: en 1942, se re\u00fanen en Berl\u00edn <strong>Heisenberg<\/strong> y <strong>Albert Speer<\/strong>, entonces flamante <em><strong>ministro de armamento del Reich<\/strong><\/em>, en sustituci\u00f3n del recientemente fallecido <strong>Dr. Todt<\/strong>. <\/span><\/p>\n<p style=\"text-align: justify;\" align=\"justify\"><span style=\"font-size: 14pt; font-family: georgia, palatino, serif;\"><strong>Heisenberg<\/strong> le comunica a <strong>Speer<\/strong> que no es posible t\u00e9cnicamente una bomba at\u00f3mica en un plazo inferior a tres o cuatro a\u00f1os, y que solo es interesante y practico un esfuerzo orientado al desarrollo de un reactor nuclear que permita la propulsi\u00f3n de submarinos. <\/span><\/p>\n<p style=\"text-align: justify;\" align=\"justify\"><span style=\"font-size: 14pt; font-family: georgia, palatino, serif;\">En consecuencia <strong>Albert Speer<\/strong> otorga al grupo de <strong>Heisenberg<\/strong> la escasa cantidad de dos millones de marcos, cifra veinte veces superior al rid\u00edculo presupuesto inicial solicitado por el propio <strong>Heisenberg<\/strong>. <\/span><\/p>\n<p style=\"text-align: justify;\" align=\"justify\"><span style=\"font-size: 14pt; font-family: georgia, palatino, serif;\">Despu\u00e9s de tres a\u00f1os, los resultados de dicha investigaci\u00f3n nuclear son pr\u00e1cticamente nulos. No hay reactor, no hay bomba. Tan solo un <strong>ciclotr\u00f3n<\/strong> que es r\u00e1pidamente incautado por los rusos en su avance hacia Berl\u00edn, y <strong>un reactor no operativo<\/strong> en el peque\u00f1o pueblo de <em>Haigerloch<\/em>.<\/span><\/p>\n<p style=\"text-align: justify;\" align=\"justify\"><span style=\"font-size: 14pt; font-family: georgia, palatino, serif;\">Cuando el 6 de agosto de 1945 les es comunicada la e<strong>xplosi\u00f3n de la bomba at\u00f3mica de Hiroshima<\/strong> a los retenidos en <em><strong>Farm Hall<\/strong> <\/em>(<em>Reino Unido<\/em>), la incredulidad y sorpresa de los alemanes es absoluta.<\/span><\/p>\n<p style=\"text-align: justify;\" align=\"justify\"><span style=\"font-size: 14pt; font-family: georgia, palatino, serif;\">Todo quedara reflejado finalmente en un libro escrito por el propio <strong>Samuel Gouldsmit<\/strong>: \u00ab<em>Myths around the german atomic Bomb<\/em>\u00ab, en el que se concluye que la investigaci\u00f3n cient\u00edfica y tecnol\u00f3gica era inviable en la tir\u00e1nica Alemania nazi, y que dicho avance solo es posible en los pa\u00edses que se ajustan a los esquemas de la democracia liberal angloamericana. Punto final.<\/span><\/p>\n<p style=\"text-align: justify;\" align=\"justify\">\u00a0<\/p>\n<figure id=\"attachment_2315922\" aria-describedby=\"caption-attachment-2315922\" style=\"width: 442px\" class=\"wp-caption aligncenter\"><img loading=\"lazy\" decoding=\"async\" class=\"wp-image-2315922 size-full\" src=\"https:\/\/puntocritico.com\/ausajpuntocritico\/wp-content\/uploads\/2026\/01\/Opemheimer-y-general-US.jpg\" alt=\"\" width=\"442\" height=\"311\" srcset=\"https:\/\/puntocritico.com\/ausajpuntocritico\/wp-content\/uploads\/2026\/01\/Opemheimer-y-general-US.jpg 442w, https:\/\/puntocritico.com\/ausajpuntocritico\/wp-content\/uploads\/2026\/01\/Opemheimer-y-general-US-300x211.jpg 300w\" sizes=\"auto, (max-width: 442px) 100vw, 442px\" \/><figcaption id=\"caption-attachment-2315922\" class=\"wp-caption-text\"><span style=\"color: #008000;\">Openheimer y el general Groves, New Mexico, 1945 <\/span><\/figcaption><\/figure>\n<p style=\"text-align: justify;\" align=\"justify\">\u00a0<\/p>\n<h4 style=\"text-align: justify;\" align=\"justify\"><span style=\"font-size: 14pt;\"><span style=\"font-family: georgia, palatino, serif;\"><strong>Los recortados poderes de Speer.<\/strong><\/span><\/span><\/h4>\n<p style=\"text-align: justify;\" align=\"justify\"><span style=\"font-size: 14pt; font-family: georgia, palatino, serif;\">Para comprender la complejidad y misterio de la existencia de un posible programa at\u00f3mico nazi, es necesario entender primeramente los <strong>mecanismos de poder que se establec\u00edan en el tercer Reich<\/strong>: <\/span><\/p>\n<blockquote>\n<p style=\"text-align: justify;\" align=\"justify\"><span style=\"color: #008000;\"><strong><span style=\"font-size: 14pt; font-family: georgia, palatino, serif;\">Adolf Hitler era el jefe supremo e indiscutible de Alemania, y era extremadamente dif\u00edcil determinar quien pod\u00eda ser, alg\u00fan d\u00eda, su sucesor en el cargo. <\/span><\/strong><\/span><\/p>\n<p style=\"text-align: justify;\" align=\"justify\"><span style=\"color: #008000;\"><strong><span style=\"font-size: 14pt; font-family: georgia, palatino, serif;\">En la Alemania nazi no hab\u00eda segundo de a bordo, no hab\u00eda un verdadero palad\u00edn.\u00a0<\/span><\/strong><\/span><\/p>\n<\/blockquote>\n<p align=\"justify\">\u00a0<\/p>\n<p align=\"justify\"><img loading=\"lazy\" decoding=\"async\" class=\"aligncenter wp-image-2316004 size-full\" src=\"https:\/\/puntocritico.com\/ausajpuntocritico\/wp-content\/uploads\/2026\/01\/infrarojos-night-nazi-wunderwaffen.jpg\" alt=\"\" width=\"336\" height=\"258\" srcset=\"https:\/\/puntocritico.com\/ausajpuntocritico\/wp-content\/uploads\/2026\/01\/infrarojos-night-nazi-wunderwaffen.jpg 336w, https:\/\/puntocritico.com\/ausajpuntocritico\/wp-content\/uploads\/2026\/01\/infrarojos-night-nazi-wunderwaffen-300x230.jpg 300w, https:\/\/puntocritico.com\/ausajpuntocritico\/wp-content\/uploads\/2026\/01\/infrarojos-night-nazi-wunderwaffen-80x60.jpg 80w\" sizes=\"auto, (max-width: 336px) 100vw, 336px\" \/><\/p>\n<p align=\"justify\">\u00a0<\/p>\n<p style=\"text-align: justify;\" align=\"justify\"><span style=\"font-size: 14pt; font-family: georgia, palatino, serif;\">Desde antes de la ascensi\u00f3n de <strong>Hitler<\/strong> al poder hubo violentas luchas internas en el partido nacional socialista, con objeto de acaparar el control no solo de los mecanismos para el beneficio propio de cada contendiente, sino para una posible futura herencia del poder total en la cabeza del <em>Reich<\/em>. <\/span><\/p>\n<p style=\"text-align: justify;\" align=\"justify\"><span style=\"font-size: 14pt; font-family: georgia, palatino, serif;\">Mucho se ha criticado la ineficacia de la investigaci\u00f3n de guerra nazi, al provocar que muchos proyectos con un objetivo aparentemente com\u00fan se desarrollaran en paralelo y sin ninguna colaboraci\u00f3n mutua. <\/span><\/p>\n<p style=\"text-align: justify;\" align=\"justify\"><span style=\"font-size: 14pt; font-family: georgia, palatino, serif;\">La inmensa variedad de tipos de armas, aviones, tanques e incluso ej\u00e9rcitos y uniformes, produjo una f\u00e9rtil competencia entre las diferentes partes de la maquinaria de guerra nazi, dando lugar a <strong>un incre\u00edble avance tecnol\u00f3gico en todos los ordenes y actividades, sobre todo si los comparamos con las pobres y conservadoras innovaciones realizadas por los aliados<\/strong>, <\/span><\/p>\n<blockquote>\n<p style=\"text-align: justify;\" align=\"justify\"><span style=\"color: #008000;\"><strong><span style=\"font-size: 14pt; font-family: georgia, palatino, serif;\">siempre preocupados en copiar mediante el masivo uso de organizaciones de espionaje las invenciones realizadas en la Alemania nazi, aunque a la postre dicha variedad t\u00e9cnica fuera finalmente uno de los factores de m\u00e1s peso en la derrota final del Reich, provocando un derroche prohibitivamente caro de los recursos disponibles.<\/span><\/strong><\/span><\/p>\n<\/blockquote>\n<p align=\"justify\">\u00a0<\/p>\n<p align=\"justify\"><img loading=\"lazy\" decoding=\"async\" class=\"aligncenter wp-image-2315963 size-full\" src=\"https:\/\/puntocritico.com\/ausajpuntocritico\/wp-content\/uploads\/2026\/01\/Heisemberg-nuclear-lab.jpg\" alt=\"\" width=\"682\" height=\"257\" srcset=\"https:\/\/puntocritico.com\/ausajpuntocritico\/wp-content\/uploads\/2026\/01\/Heisemberg-nuclear-lab.jpg 682w, https:\/\/puntocritico.com\/ausajpuntocritico\/wp-content\/uploads\/2026\/01\/Heisemberg-nuclear-lab-300x113.jpg 300w\" sizes=\"auto, (max-width: 682px) 100vw, 682px\" \/><\/p>\n<p align=\"justify\">\u00a0<\/p>\n<p style=\"text-align: justify;\" align=\"justify\"><span style=\"font-size: 14pt; font-family: georgia, palatino, serif;\"><a href=\"https:\/\/es.wikipedia.org\/wiki\/Albert_Speer\" target=\"_blank\" rel=\"noopener\" data-schema-attribute=\"\"><strong>Albert Speer<\/strong> <\/a>no se libro de la mec\u00e1nica de funcionamiento del r\u00e9gimen, y en su labor como ministro de armamento sus atribuciones se encontraban fuertemente limitadas a garantizar a la industria de guerra alemana las materias primas, la energ\u00eda y la mano de obra necesarias para que el motor siguiera en marcha. <\/span><\/p>\n<p style=\"text-align: justify;\" align=\"justify\"><span style=\"font-size: 14pt; font-family: georgia, palatino, serif;\"><strong>Speer<\/strong> permaneci\u00f3 desde 1943 totalmente ajeno a la verdadera naturaleza del programa de cohetes, que depend\u00eda desde ese a\u00f1o de la estructura de las <strong><em>SS<\/em> <\/strong>de <strong>Himmler<\/strong>, con quien <strong>Speer<\/strong> manten\u00eda una mutua y profunda enemistad personal. <\/span><\/p>\n<p style=\"text-align: justify;\" align=\"justify\"><span style=\"font-size: 14pt; font-family: georgia, palatino, serif;\">Jam\u00e1s hubo intercambio alguno de informaci\u00f3n entre ambas partes, a excepci\u00f3n de los requerimientos imprescindibles para la entrega de materias primas. <\/span><\/p>\n<p style=\"text-align: justify;\" align=\"justify\"><span style=\"font-size: 14pt; font-family: georgia, palatino, serif;\">En sus memorias <strong>Speer<\/strong> consideraba que el <strong>programa de cohetes V-2<\/strong> era una total estupidez, un capricho m\u00e1s de la compleja fantas\u00eda geopol\u00edtica de <strong>Hitler<\/strong>, aunque el propio <strong>Speer<\/strong> lo hab\u00eda apoyado mientras estaban las <strong>V-2<\/strong> bajo el control del ejercito. <\/span><\/p>\n<p style=\"text-align: justify;\" align=\"justify\"><span style=\"font-size: 14pt; font-family: georgia, palatino, serif;\">Como resultado del escepticismo de <strong>Speer<\/strong>, <strong>Hitler<\/strong> desde 1943 no le comentaba a \u00e9ste nada sobre el programa de investigaci\u00f3n sobre cohetes, ya que el <em>f\u00fchrer<\/em> conoc\u00eda por anticipado la respuesta de <strong>Speer<\/strong>.<\/span><\/p>\n<p align=\"justify\">\u00a0<\/p>\n<figure id=\"attachment_2315974\" aria-describedby=\"caption-attachment-2315974\" style=\"width: 220px\" class=\"wp-caption aligncenter\"><img loading=\"lazy\" decoding=\"async\" class=\"wp-image-2315974\" src=\"https:\/\/puntocritico.com\/ausajpuntocritico\/wp-content\/uploads\/2026\/01\/Hitler-y-Speer.jpg\" alt=\"\" width=\"220\" height=\"366\" \/><figcaption id=\"caption-attachment-2315974\" class=\"wp-caption-text\"><span style=\"color: #008000;\">Hitler y Speer<\/span><\/figcaption><\/figure>\n<p align=\"justify\">\u00a0<\/p>\n<p style=\"text-align: justify;\" align=\"justify\"><span style=\"font-size: 14pt; font-family: georgia, palatino, serif;\">Igual ocurri\u00f3 con el programa de aviones secretos a reacci\u00f3n, dependientes por entero de la <em>Luftwaffe<\/em> de <strong>Goering<\/strong>, con quien <strong>Speer<\/strong> manten\u00eda a su vez una relaci\u00f3n tensa. <\/span><\/p>\n<p style=\"text-align: justify;\" align=\"justify\"><span style=\"font-size: 14pt; font-family: georgia, palatino, serif;\"><strong>Speer<\/strong> lleg\u00f3 a presenciar el despegue de una <em><strong>V-2<\/strong><\/em>, pero aun despu\u00e9s de la guerra <strong>Speer<\/strong> permaneci\u00f3 absolutamente ignorante respecto a los proyectos de bombarderos intercontinentales a reacci\u00f3n, como los <em><strong>Horten XVIII<\/strong><\/em> o el <em><strong>Arado E 555<\/strong><\/em>, as\u00ed como desconoc\u00eda la mera existencia de los aviones caza de despegue vertical como el<em><strong> Focke-Wulf Triebflugel<\/strong><\/em> o el <em><strong>Natter<\/strong><\/em>. <\/span><\/p>\n<p style=\"text-align: justify;\" align=\"justify\"><span style=\"font-size: 14pt; font-family: georgia, palatino, serif;\">Incluso las V-1, construidas por la <em>Luftwaffe<\/em> de <strong>Goering<\/strong>, y las <em><strong>V-2<\/strong><\/em>, dependientes del ej\u00e9rcito y luego de las <em><strong>SS<\/strong><\/em>, crecieron y se desarrollaron de forma separada y en competencia. <\/span><\/p>\n<p style=\"text-align: justify;\" align=\"justify\"><span style=\"font-size: 14pt; font-family: georgia, palatino, serif;\">Quien piense en una estructura de mando estratificada y unitaria en la direcci\u00f3n de armamentos al estilo de lo que ocurr\u00eda entonces en los Estados Unidos, en Inglaterra o en Rusia, una estructura que estuviera bajo el control total de <strong>Albert Speer<\/strong>, se equivoca: <\/span><\/p>\n<blockquote>\n<p style=\"text-align: justify;\" align=\"justify\"><span style=\"color: #008000;\"><strong><span style=\"font-size: 14pt; font-family: georgia, palatino, serif;\">solo Hitler estaba en conocimiento de la totalidad de las acciones y proyectos que se realizaban en su Reich, informaci\u00f3n valios\u00edsima que el <em>f\u00fchrer<\/em> no dudaba en usar y administrar para fomentar una dura competencia entre los diferentes grupos y reforzar su poder personal.<\/span><\/strong><\/span><\/p>\n<\/blockquote>\n<p align=\"justify\">\u00a0<\/p>\n<p align=\"justify\"><img loading=\"lazy\" decoding=\"async\" class=\"aligncenter wp-image-2316003 size-full\" src=\"https:\/\/puntocritico.com\/ausajpuntocritico\/wp-content\/uploads\/2026\/01\/varias-wunderwaffen-nazis-aviones.jpg\" alt=\"\" width=\"711\" height=\"267\" srcset=\"https:\/\/puntocritico.com\/ausajpuntocritico\/wp-content\/uploads\/2026\/01\/varias-wunderwaffen-nazis-aviones.jpg 711w, https:\/\/puntocritico.com\/ausajpuntocritico\/wp-content\/uploads\/2026\/01\/varias-wunderwaffen-nazis-aviones-300x113.jpg 300w\" sizes=\"auto, (max-width: 711px) 100vw, 711px\" \/><\/p>\n<p align=\"justify\">\u00a0<\/p>\n<p style=\"text-align: justify;\" align=\"justify\"><span style=\"font-size: 14pt; font-family: georgia, palatino, serif;\"><strong>Por eso la muerte de Hitler signific\u00f3 la desaparici\u00f3n instant\u00e1nea de la estructura pol\u00edtica del nazismo, a pesar de que el apoyo social a dicha ideolog\u00eda era extremadamente fuerte entre la poblaci\u00f3n alemana, a\u00fan muchos meses despu\u00e9s de la derrota militar<\/strong>. <\/span><\/p>\n<p style=\"text-align: justify;\" align=\"justify\"><span style=\"font-size: 14pt; font-family: georgia, palatino, serif;\">Por ultimo el <strong>atentado del 20 de Julio de 1944 contra Hitler<\/strong> supuso otro duro rev\u00e9s para el poder de <strong>Speer<\/strong>: aunque nunca se demostr\u00f3 su participaci\u00f3n directa en el complot, su nombre figuraba en el futuro gobierno de los golpistas. Solo la intervenci\u00f3n personal de <strong>Hitler<\/strong> evit\u00f3 su encarcelamiento y juicio por alta traici\u00f3n.<\/span><\/p>\n<p style=\"text-align: justify;\" align=\"justify\">\u00a0<\/p>\n<figure id=\"attachment_2315867\" aria-describedby=\"caption-attachment-2315867\" style=\"width: 180px\" class=\"wp-caption aligncenter\"><img loading=\"lazy\" decoding=\"async\" class=\"wp-image-2315867\" src=\"https:\/\/puntocritico.com\/ausajpuntocritico\/wp-content\/uploads\/2026\/01\/heisenberg-El-Proyecto-Atomico-Nazi.gif\" alt=\"\" width=\"180\" height=\"255\" \/><figcaption id=\"caption-attachment-2315867\" class=\"wp-caption-text\"><span style=\"color: #008000; font-size: 14pt;\">Heisenberg<\/span><\/figcaption><\/figure>\n<h4 style=\"text-align: justify;\" align=\"justify\"><span style=\"font-family: georgia, palatino, serif; font-size: 14pt;\"><strong>Heisenberg, el \u00abjud\u00edo blanco\u00bb.<\/strong><\/span><\/h4>\n<p style=\"text-align: justify;\" align=\"justify\"><span style=\"font-family: georgia, palatino, serif; font-size: 14pt;\">Tal y como puede leerse en el libro de <strong>Samuel Goudsmit<\/strong>, en las memorias de <strong>Heisenberg<\/strong> y en numerosas declaraciones hechas tras la guerra, <strong>Heisenberg<\/strong> nunca trabajo en el proyecto de una bomba at\u00f3mica alemana. Tal circunstancia era un imposible en la Alemania nazi. <\/span><\/p>\n<p style=\"text-align: justify;\" align=\"justify\"><span style=\"font-family: georgia, palatino, serif; font-size: 14pt;\">El prestigio del premio N\u00f3bel era grande en Alemania, pero todos sab\u00edan que el famoso cient\u00edfico era tambi\u00e9n el antiguo amigo y compa\u00f1ero de <strong>Einstein<\/strong>, de <a href=\"https:\/\/puntocritico.com\/ausajpuntocritico\/2020\/09\/13\/que-es-la-vida-de-erwin-schrodinger-parte-i\/\" target=\"_blank\" rel=\"noopener\" data-schema-attribute=\"\"><strong>Niels Bohr<\/strong><\/a>, o de <strong>Lise<\/strong> <strong>Mietner<\/strong>, todos ellos embarcados en el ambicioso <em><strong>proyecto Manhattan<\/strong><\/em> americano. <\/span><\/p>\n<p style=\"text-align: justify;\" align=\"justify\"><span style=\"font-family: georgia, palatino, serif; font-size: 14pt;\">El r\u00e9gimen nacional-socialista desconfiaba de <strong>Heisenberg<\/strong>, a quien los dirigentes nazis llamaban \u00ab<em>el jud\u00edo blanco<\/em>\u00ab, como tambi\u00e9n desconfiaban de los f\u00edsicos te\u00f3ricos en general, por considerar que la f\u00edsica at\u00f3mica se hab\u00eda convertido en un asunto de \u00ab<em>ciencia especulativa<\/em>\u00ab, \u00ab<em>ciencia jud\u00eda<\/em>\u00ab, in\u00fatil al desarrollo pr\u00e1ctico de soluciones militares de uso inmediato. <\/span><\/p>\n<p style=\"text-align: justify;\" align=\"justify\"><span style=\"font-family: georgia, palatino, serif; font-size: 14pt;\">El <em>tercer Reich<\/em> era esencialmente un r\u00e9gimen pragm\u00e1tico, basado en la ingenier\u00eda y la tecnolog\u00eda, y la totalidad de sus desarrollos cr\u00edticos estaban en manos de ingenieros, no de cient\u00edficos. <\/span><\/p>\n<p style=\"text-align: justify;\" align=\"justify\"><span style=\"font-family: georgia, palatino, serif; font-size: 14pt;\">El descubridor de la fisi\u00f3n nuclear en 1938, <strong>Otto<\/strong> <strong>Hahn<\/strong>, tambi\u00e9n estaba descartado para encabezar el programa de un arma nuclear para Alemania. <\/span><\/p>\n<p style=\"text-align: justify;\" align=\"justify\"><span style=\"font-family: georgia, palatino, serif; font-size: 14pt;\"><strong>Hahn<\/strong> era un pacifista radical, que mostraba una fuerte oposici\u00f3n al desarrollo de cualquier tipo de armas, tras haber colaborado durante la primera guerra mundial en la producci\u00f3n de armas qu\u00edmicas y gases, circunstancia que le dejo profundamente marcado para el resto de su vida. <\/span><\/p>\n<p style=\"text-align: justify;\" align=\"justify\"><span style=\"font-family: georgia, palatino, serif; font-size: 14pt;\">Tanto el ej\u00e9rcito como las <em><strong>SS<\/strong> <\/em>consideraron que era peligroso forzar a <strong>Hahn<\/strong> a construir la bomba at\u00f3mica, ya que tem\u00edan que este falsificara o boicoteara \u00edntimamente el desarrollo del programa nuclear militar.<\/span><\/p>\n<p style=\"text-align: justify;\" align=\"justify\">\u00a0<\/p>\n<figure id=\"attachment_2315968\" aria-describedby=\"caption-attachment-2315968\" style=\"width: 280px\" class=\"wp-caption aligncenter\"><a href=\"https:\/\/upload.wikimedia.org\/wikipedia\/commons\/9\/9b\/Otto_Hahn_%28Nobel%29.jpg\" target=\"_blank\"  rel=\"lightbox[2315852] noopener\" data-schema-attribute=\"\"><img loading=\"lazy\" decoding=\"async\" class=\"wp-image-2315968\" src=\"https:\/\/puntocritico.com\/ausajpuntocritico\/wp-content\/uploads\/2026\/01\/Hahn_Otto_Atomo-768x922-1-250x300.webp\" alt=\"\" width=\"280\" height=\"336\" srcset=\"https:\/\/puntocritico.com\/ausajpuntocritico\/wp-content\/uploads\/2026\/01\/Hahn_Otto_Atomo-768x922-1-250x300.webp 250w, https:\/\/puntocritico.com\/ausajpuntocritico\/wp-content\/uploads\/2026\/01\/Hahn_Otto_Atomo-768x922-1.webp 768w\" sizes=\"auto, (max-width: 280px) 100vw, 280px\" \/><\/a><figcaption id=\"caption-attachment-2315968\" class=\"wp-caption-text\"><span style=\"color: #008000;\">Otto Hahn, descubridor de la fisi\u00f3n nuclear del uranio y del torio<\/span><\/figcaption><\/figure>\n<p style=\"text-align: justify;\" align=\"justify\">\u00a0<\/p>\n<h4 style=\"text-align: justify;\" align=\"justify\"><span style=\"font-size: 14pt; font-family: georgia, palatino, serif;\"><strong>Trabajo en paralelo: tres proyectos at\u00f3micos nazis.<\/strong><\/span><\/h4>\n<p style=\"text-align: justify;\" align=\"justify\"><span style=\"font-size: 14pt; font-family: georgia, palatino, serif;\"><strong>Al menos tres grupos de trabajo sobre el proyecto at\u00f3mico se estaban desarrollando simult\u00e1neamente en la Alemania nazi<\/strong>: <strong>el oficial<\/strong>, financiado por el propio ministro <strong>Albert<\/strong> <strong>Speer<\/strong>, y que bajo la direcci\u00f3n de <strong>Walter Gerlach <\/strong>y <strong>Kurt Diebner<\/strong> inclu\u00eda tambi\u00e9n a <strong>Werner Heisenberg <\/strong>y a <strong>Otto Hahn<\/strong>.<\/span><\/p>\n<p style=\"text-align: justify;\" align=\"justify\"><span style=\"font-size: 14pt; font-family: georgia, palatino, serif;\"><img loading=\"lazy\" decoding=\"async\" class=\"alignleft wp-image-2315936 size-full\" src=\"https:\/\/puntocritico.com\/ausajpuntocritico\/wp-content\/uploads\/2026\/01\/von-Ardenne-en-1997.jpg\" alt=\"\" width=\"340\" height=\"220\" srcset=\"https:\/\/puntocritico.com\/ausajpuntocritico\/wp-content\/uploads\/2026\/01\/von-Ardenne-en-1997.jpg 340w, https:\/\/puntocritico.com\/ausajpuntocritico\/wp-content\/uploads\/2026\/01\/von-Ardenne-en-1997-300x194.jpg 300w\" sizes=\"auto, (max-width: 340px) 100vw, 340px\" \/>Su trabajo estaba orientado a la <strong>f\u00edsica te\u00f3rica pura<\/strong>, sin conexi\u00f3n directa con el esfuerzo militar alem\u00e1n, salvo para la creaci\u00f3n a largo plazo de un reactor para motores submarinos. <\/span><\/p>\n<p style=\"text-align: justify;\" align=\"justify\"><span style=\"font-size: 14pt; font-family: georgia, palatino, serif;\">Tal como reflejan los diarios de <strong>Speer<\/strong>, un <strong>segundo grupo<\/strong> lo constitu\u00eda el <strong><em>ministro de Telecomunicaciones<\/em><\/strong>, Dr. Ingeniero <strong>Wilhem Ohnesorge<\/strong>, en colaboraci\u00f3n con la <em>Wehrmacht<\/em> y posteriormente con las <em><strong>SS<\/strong><\/em>, tutelando el trabajo del famoso f\u00edsico <strong>Baron Von Ardenne<\/strong>, quien desarrollar\u00eda la separaci\u00f3n del uranio enriquecido 235 mediante una t\u00e9cnica de <strong>centrifugaci\u00f3n del hexafluoruro de uranio<\/strong> en sus laboratorios subterr\u00e1neos de Berl\u00edn.<\/span><\/p>\n<figure id=\"attachment_2315934\" aria-describedby=\"caption-attachment-2315934\" style=\"width: 215px\" class=\"wp-caption alignright\"><img loading=\"lazy\" decoding=\"async\" class=\"size-full wp-image-2315934\" src=\"https:\/\/puntocritico.com\/ausajpuntocritico\/wp-content\/uploads\/2026\/01\/Dr-Ingeniero-Wilhelm-Ohnesorge-Ministro-del-Reichpost-y-lider-atomico.jpg\" alt=\"\" width=\"215\" height=\"227\" \/><figcaption id=\"caption-attachment-2315934\" class=\"wp-caption-text\"><span style=\"color: #008000;\">Dr Ingeniero Wilhelm Ohnesorge &#8211; Ministro del Reichpost y l\u00edder at\u00f3mico<\/span><\/figcaption><\/figure>\n<p style=\"text-align: justify;\" align=\"justify\"><span style=\"font-size: 14pt; font-family: georgia, palatino, serif;\">Este grupo firmar\u00eda un <strong>contrato con la compa\u00f1\u00eda <em>Auer<\/em><\/strong>, en donde otro ingeniero llamado <strong>Nikolaus Riehl\u00a0<\/strong><\/span><span style=\"font-size: 14pt; font-family: georgia, palatino, serif;\"> inventar\u00eda un sistema de refinado r\u00e1pido del oxido de uranio. <\/span><\/p>\n<p style=\"text-align: justify;\" align=\"justify\"><span style=\"font-size: 14pt; font-family: georgia, palatino, serif;\">Un <strong>tercer grupo<\/strong>, comandado por el eficaz general <strong>Kammler<\/strong> y controlado por las <em><strong>SS<\/strong><\/em>, colaboraba con la <em>Luftwaffe<\/em> en la creaci\u00f3n de un programa nuclear independiente, en el que obtendr\u00edan resultados operativos a mediados de 1943. <\/span><\/p>\n<p style=\"text-align: justify;\" align=\"justify\"><span style=\"font-size: 14pt; font-family: georgia, palatino, serif;\">Dicho grupo trabajaba con un grado extremo de secretismo, y a partir de 1943 se fusionar\u00eda con el proyecto nuclear del <em>Reichpost<\/em> de <strong>Ohnesorge<\/strong>. <\/span><\/p>\n<p style=\"text-align: justify;\" align=\"justify\"><span style=\"font-size: 14pt; font-family: georgia, palatino, serif;\">Ese mismo a\u00f1o las <em><strong>SS<\/strong> <\/em>se har\u00edan con <strong>el emporio industrial h\u00fangaro \u00ab<em>Arden-Weiss<\/em>\u00ab, donde se montar\u00edan todas las bombas at\u00f3micas nazis<\/strong>.<\/span><\/p>\n<p style=\"text-align: justify;\" align=\"justify\">\u00a0<\/p>\n<p align=\"justify\"><img loading=\"lazy\" decoding=\"async\" class=\"aligncenter wp-image-2315967 size-full\" src=\"https:\/\/puntocritico.com\/ausajpuntocritico\/wp-content\/uploads\/2026\/01\/Cyclotron-and-atomic-bomb.jpg\" alt=\"\" width=\"618\" height=\"275\" srcset=\"https:\/\/puntocritico.com\/ausajpuntocritico\/wp-content\/uploads\/2026\/01\/Cyclotron-and-atomic-bomb.jpg 618w, https:\/\/puntocritico.com\/ausajpuntocritico\/wp-content\/uploads\/2026\/01\/Cyclotron-and-atomic-bomb-300x133.jpg 300w\" sizes=\"auto, (max-width: 618px) 100vw, 618px\" \/><\/p>\n<p align=\"justify\">\u00a0<\/p>\n<h4 style=\"text-align: justify;\" align=\"justify\"><span style=\"font-family: Arial, Helvetica, sans-serif; font-size: 14pt;\"><span style=\"font-family: georgia, palatino, serif;\"><strong>General Kammler: las SS se quedan con los proyectos Wunderwaffe.<\/strong><\/span><\/span><\/h4>\n<p style=\"text-align: justify;\" align=\"justify\"><span style=\"font-family: Arial, Helvetica, sans-serif; font-size: 14pt;\"><span style=\"font-family: georgia, palatino, serif;\">A ra\u00edz del <strong>atentado del 19 de Julio de 1944<\/strong> contra <strong>Adolf Hitler<\/strong>, la totalidad de los proyectos considerados como alto secreto son absorbidos por las SS, en un proyecto finalmente unificado bajo el mando del <em><strong>general<\/strong> <\/em><strong>Kammler<\/strong>. <\/span><\/span><\/p>\n<p style=\"text-align: justify;\" align=\"justify\"><span style=\"font-family: Arial, Helvetica, sans-serif; font-size: 14pt;\"><span style=\"font-family: georgia, palatino, serif;\">Seria este general el que arrebatar\u00eda al ej\u00e9rcito no solo el <strong>proyecto nuclear WuWa<\/strong>, sino tambi\u00e9n el control del programa de cohetes V-2 y los futuros <strong>A-9 <\/strong>y <strong>A-10<\/strong> de misiles intercontinentales.<\/span><\/span><\/p>\n<p align=\"justify\">\u00a0<\/p>\n<figure id=\"attachment_2315935\" aria-describedby=\"caption-attachment-2315935\" style=\"width: 340px\" class=\"wp-caption aligncenter\"><img loading=\"lazy\" decoding=\"async\" class=\"wp-image-2315935 size-full\" src=\"https:\/\/puntocritico.com\/ausajpuntocritico\/wp-content\/uploads\/2026\/01\/SS-HANS-KAMMEL-1945.jpg\" alt=\"\" width=\"340\" height=\"255\" srcset=\"https:\/\/puntocritico.com\/ausajpuntocritico\/wp-content\/uploads\/2026\/01\/SS-HANS-KAMMEL-1945.jpg 340w, https:\/\/puntocritico.com\/ausajpuntocritico\/wp-content\/uploads\/2026\/01\/SS-HANS-KAMMEL-1945-300x225.jpg 300w, https:\/\/puntocritico.com\/ausajpuntocritico\/wp-content\/uploads\/2026\/01\/SS-HANS-KAMMEL-1945-326x245.jpg 326w, https:\/\/puntocritico.com\/ausajpuntocritico\/wp-content\/uploads\/2026\/01\/SS-HANS-KAMMEL-1945-80x60.jpg 80w\" sizes=\"auto, (max-width: 340px) 100vw, 340px\" \/><figcaption id=\"caption-attachment-2315935\" class=\"wp-caption-text\"><span style=\"color: #008000;\">El general de las SS, HANS KAMMEL, en 1945<\/span><\/figcaption><\/figure>\n<p align=\"justify\">\u00a0<\/p>\n<p style=\"text-align: justify;\" align=\"justify\"><span style=\"font-family: Arial, Helvetica, sans-serif; font-size: 14pt;\"><span style=\"font-family: georgia, palatino, serif;\">Poco se sabe del <strong><em>General &#8211; Ingeniero<\/em><\/strong> <strong>Hans Kammler<\/strong>, salvo que viv\u00eda en el mismo edificio que el <strong><em>Baron<\/em> Manfred<\/strong> <strong>Von Ardenne<\/strong>, y que visitaba frecuentemente los laboratorios subterr\u00e1neos de <strong>Von Ardenne<\/strong> situados en los s\u00f3tanos anti-a\u00e9reos de ese mismo edificio. <\/span><\/span><\/p>\n<p style=\"text-align: justify;\" align=\"justify\"><span style=\"font-family: georgia, palatino, serif; font-size: 14pt;\"><strong>Kammler<\/strong> sustituir\u00eda a <strong>Speer<\/strong> en muchas \u00e1reas de la organizaci\u00f3n de trabajo <em>Todt<\/em>, y desarrollar\u00eda un sistema administrativo paralelo al estado, totalmente computerizado. <\/span><\/p>\n<p style=\"text-align: justify;\" align=\"justify\"><span style=\"font-family: georgia, palatino, serif; font-size: 14pt;\">Construir\u00eda a espaldas del ej\u00e9rcito y del ministerio de armamento las fabulosas instalaciones subterr\u00e1neas de <em>Turingia<\/em>, en donde tambi\u00e9n se localizaban el grueso de las minas de uranio de Alemania y Checoslovaquia. <\/span><\/p>\n<p style=\"text-align: justify;\" align=\"justify\"><span style=\"font-family: georgia, palatino, serif; font-size: 14pt;\">Tras la guerra, el <em><strong>General Dr.<\/strong> <\/em><strong>Hans Kammler<\/strong> desapareci\u00f3 sin dejar rastro. Aunque seg\u00fan informes de la CIA desclasificados recientemente, existen indicios suficientes de su supervivencia tras la guerra y de su participaci\u00f3n, con otra identidad, en el programa nuclear ruso a partir de 1945.<\/span><\/p>\n<p style=\"text-align: justify;\" align=\"justify\">\u00a0<\/p>\n<figure id=\"attachment_2315971\" aria-describedby=\"caption-attachment-2315971\" style=\"width: 260px\" class=\"wp-caption aligncenter\"><a href=\"https:\/\/es.wikipedia.org\/wiki\/Manfred_von_Ardenne\" target=\"_blank\" rel=\"noopener\" data-schema-attribute=\"\"><img loading=\"lazy\" decoding=\"async\" class=\"wp-image-2315971\" src=\"https:\/\/puntocritico.com\/ausajpuntocritico\/wp-content\/uploads\/2026\/01\/Bundesarchiv_Bild_183-K0917-501_Prof._Manfred_v._Ardenne-205x300.jpg\" alt=\"\" width=\"260\" height=\"381\" srcset=\"https:\/\/puntocritico.com\/ausajpuntocritico\/wp-content\/uploads\/2026\/01\/Bundesarchiv_Bild_183-K0917-501_Prof._Manfred_v._Ardenne-205x300.jpg 205w, https:\/\/puntocritico.com\/ausajpuntocritico\/wp-content\/uploads\/2026\/01\/Bundesarchiv_Bild_183-K0917-501_Prof._Manfred_v._Ardenne.jpg 545w\" sizes=\"auto, (max-width: 260px) 100vw, 260px\" \/><\/a><figcaption id=\"caption-attachment-2315971\" class=\"wp-caption-text\"><span style=\"color: #008000;\"><a href=\"https:\/\/es.wikipedia.org\/wiki\/Manfred_von_Ardenne\" target=\"_blank\" rel=\"noopener\" data-schema-attribute=\"\">Prof. Manfred von Ardenne<\/a>, en 1933. Manfred von Ardenne (1907\u20131997) fue un f\u00edsico, investigador e inventor alem\u00e1n. Obtuvo aproximadamente 600 patentes en campos como la microscop\u00eda electr\u00f3nica, tecnolog\u00eda m\u00e9dica, tecnolog\u00eda nuclear, f\u00edsica del plasma y tecnolog\u00eda de la radio y la televisi\u00f3n. Durante diez a\u00f1os posteriores a la Segunda Guerra Mundial, trabaj\u00f3 en la Uni\u00f3n Sovi\u00e9tica en el programa nuclear de la Uni\u00f3n Sovi\u00e9tica y fue galardonado dos veces con el premio Stalin (1947 y 1953). A su regreso a Alemania, comenz\u00f3 otro laboratorio privado, el Forschungsinstitut Manfred von Ardenne.<\/span><\/figcaption><\/figure>\n<h4 style=\"text-align: justify;\" align=\"justify\"><span style=\"font-family: georgia, palatino, serif; font-size: 14pt;\"><\/p>\n<p><strong>El brillante Baron von Ardenne.<\/strong><\/span><\/h4>\n<p style=\"text-align: justify;\" align=\"justify\"><span style=\"font-family: georgia, palatino, serif; font-size: 14pt;\">Es in\u00fatil buscar en una enciclopedia occidental alguna informaci\u00f3n sobre el <strong>Baron von Ardenne<\/strong>. Sin embargo, en la extinta Alemania oriental era una especie de <strong>Edison<\/strong> a la alemana. <\/span><\/p>\n<p style=\"text-align: justify;\" align=\"justify\">\u00a0<\/p>\n<p style=\"text-align: justify;\" align=\"justify\"><span style=\"font-family: georgia, palatino, serif; font-size: 14pt;\"><img loading=\"lazy\" decoding=\"async\" class=\"aligncenter wp-image-2316008 size-full\" src=\"https:\/\/puntocritico.com\/ausajpuntocritico\/wp-content\/uploads\/2026\/01\/URANIO-centrifugadoras-en-cascada-nazis.jpg\" alt=\"\" width=\"337\" height=\"252\" srcset=\"https:\/\/puntocritico.com\/ausajpuntocritico\/wp-content\/uploads\/2026\/01\/URANIO-centrifugadoras-en-cascada-nazis.jpg 337w, https:\/\/puntocritico.com\/ausajpuntocritico\/wp-content\/uploads\/2026\/01\/URANIO-centrifugadoras-en-cascada-nazis-300x224.jpg 300w, https:\/\/puntocritico.com\/ausajpuntocritico\/wp-content\/uploads\/2026\/01\/URANIO-centrifugadoras-en-cascada-nazis-326x245.jpg 326w, https:\/\/puntocritico.com\/ausajpuntocritico\/wp-content\/uploads\/2026\/01\/URANIO-centrifugadoras-en-cascada-nazis-80x60.jpg 80w\" sizes=\"auto, (max-width: 337px) 100vw, 337px\" \/><\/span><\/p>\n<p style=\"text-align: justify;\" align=\"justify\">\u00a0<\/p>\n<p style=\"text-align: justify;\" align=\"justify\"><span style=\"font-family: georgia, palatino, serif; font-size: 14pt;\">Cientos de calles, colegios y edificios p\u00fablicos llevan aun hoy su nombre. <strong>Von Ardenne<\/strong>, prol\u00edfico inventor alem\u00e1n, adquirir\u00eda fama mundial antes de la guerra gracias a sus descubrimientos en el terreno de la emisi\u00f3n televisiva, desarrollando el sistema de transmisi\u00f3n de las olimpiadas de Berl\u00edn de 1936. <\/span><\/p>\n<p style=\"text-align: justify;\" align=\"justify\"><span style=\"font-family: georgia, palatino, serif; font-size: 14pt;\">Durante la guerra inventar\u00eda el microscopio electr\u00f3nico y los visores nocturnos de infrarrojos, as\u00ed como los fusibles infrarrojos para explosivos que fueron finalmente usados para implosionar bombas como la de plutonio lanzada en Nagasaki.<\/span><\/p>\n<p align=\"justify\"><span style=\"font-family: georgia, palatino, serif; font-size: 14pt;\"><strong>Von Ardenne<\/strong> fue clave para el desarrollo del<strong> sistema de separaci\u00f3n de los is\u00f3topos U238 y U235<\/strong> mediante <strong>s\u00faper centrifugadoras<\/strong>. <\/span><\/p>\n<p align=\"justify\">\u00a0<\/p>\n<p align=\"justify\"><img loading=\"lazy\" decoding=\"async\" class=\"aligncenter wp-image-2315931 size-full\" src=\"https:\/\/puntocritico.com\/ausajpuntocritico\/wp-content\/uploads\/2026\/01\/Nazis-working-1942-WUnder-wuffen.jpg\" alt=\"\" width=\"357\" height=\"293\" srcset=\"https:\/\/puntocritico.com\/ausajpuntocritico\/wp-content\/uploads\/2026\/01\/Nazis-working-1942-WUnder-wuffen.jpg 357w, https:\/\/puntocritico.com\/ausajpuntocritico\/wp-content\/uploads\/2026\/01\/Nazis-working-1942-WUnder-wuffen-300x246.jpg 300w\" sizes=\"auto, (max-width: 357px) 100vw, 357px\" \/><\/p>\n<p align=\"justify\">\u00a0<\/p>\n<p style=\"text-align: justify;\" align=\"justify\"><span style=\"font-family: georgia, palatino, serif; font-size: 14pt;\">Tras la guerra seria entregado a los rusos por el <strong><em>general<\/em> Kammler<\/strong>, desarrollando el programa nuclear sovi\u00e9tico dentro de la empresa ruso-germano-oriental WISMUT, localizada en <em>Turingia<\/em>. M\u00e1s tarde trabaj\u00f3 en el Instituto para la separaci\u00f3n industrial de is\u00f3topos (SUCHUMI) en la Uni\u00f3n Sovi\u00e9tica. <\/span><\/p>\n<p style=\"text-align: justify;\" align=\"justify\"><span style=\"font-family: georgia, palatino, serif; font-size: 14pt;\">Desde 1955 fue fundador y director del <strong>instituto de investigaci\u00f3n germano oriental de Dresde de lucha contra el c\u00e1ncer<\/strong>, donde desarroll\u00f3 un sistema de tratamiento de tumores por radiaci\u00f3n at\u00f3mica. <strong>Von Ardenne<\/strong> muri\u00f3 el 26 de mayo de 1997. Su compa\u00f1\u00eda aun existe y es clave para la econom\u00eda de la antigua Alemania oriental.<\/span><\/p>\n<p style=\"text-align: justify;\">\u00a0<\/p>\n<p><img loading=\"lazy\" decoding=\"async\" class=\"aligncenter wp-image-2315928 size-full\" src=\"https:\/\/puntocritico.com\/ausajpuntocritico\/wp-content\/uploads\/2026\/01\/Hiroshima-y-Tunguska.jpg\" alt=\"\" width=\"687\" height=\"255\" srcset=\"https:\/\/puntocritico.com\/ausajpuntocritico\/wp-content\/uploads\/2026\/01\/Hiroshima-y-Tunguska.jpg 687w, https:\/\/puntocritico.com\/ausajpuntocritico\/wp-content\/uploads\/2026\/01\/Hiroshima-y-Tunguska-300x111.jpg 300w\" sizes=\"auto, (max-width: 687px) 100vw, 687px\" \/><\/p>\n<p style=\"text-align: center;\"><strong><span style=\"color: #008000; font-size: 18pt;\">*******<\/span><\/strong><\/p>\n<p style=\"text-align: center;\"><span style=\"font-size: 24pt;\"><strong>WunderWaffen: El Proyecto At\u00f3mico Nazi<\/strong><\/span><\/p>\n<p style=\"text-align: center;\"><strong><span style=\"font-size: 18pt;\">Parte II<\/span><\/strong><\/p>\n<blockquote>\n<p style=\"text-align: center;\"><em><strong><span style=\"font-size: 14pt;\">En el ocaso de la guerra corri\u00f3 el rumor de que los alemanes dispon\u00edan de una mort\u00edfera arma que cambiar\u00eda el signo de la contienda. \u00bfA qu\u00e9 arma se refer\u00edan? Cada d\u00eda, un mayor n\u00famero de estudiosos consideran que el arma letal a la que se refer\u00edan era nada menos que la bomba at\u00f3mica. \u00bfLlegaron a construirla? Descubrimos algunas claves.<\/span><\/strong><\/em><\/p>\n<\/blockquote>\n<p><span style=\"font-size: 14pt;\">Por <a href=\"https:\/\/web.archive.org\/web\/20090326211931\/http:\/\/sgm.casposidad.com\/ultrasecreto\/bombatomica.htm\" target=\"_blank\" rel=\"noopener\" data-schema-attribute=\"\">Arthur T. Wheeler<\/a><\/span><\/p>\n<div align=\"justify\">\n<figure id=\"attachment_2315977\" aria-describedby=\"caption-attachment-2315977\" style=\"width: 800px\" class=\"wp-caption aligncenter\"><a href=\"https:\/\/www.beachesmuseum.org\/operation-pastorius\/\" target=\"_blank\" rel=\"noopener\" data-schema-attribute=\"\"><img loading=\"lazy\" decoding=\"async\" class=\"wp-image-2315977 size-full\" src=\"https:\/\/puntocritico.com\/ausajpuntocritico\/wp-content\/uploads\/2026\/01\/Operacion-Pastorius-222.jpg\" alt=\"\" width=\"800\" height=\"657\" srcset=\"https:\/\/puntocritico.com\/ausajpuntocritico\/wp-content\/uploads\/2026\/01\/Operacion-Pastorius-222.jpg 800w, https:\/\/puntocritico.com\/ausajpuntocritico\/wp-content\/uploads\/2026\/01\/Operacion-Pastorius-222-300x246.jpg 300w, https:\/\/puntocritico.com\/ausajpuntocritico\/wp-content\/uploads\/2026\/01\/Operacion-Pastorius-222-768x631.jpg 768w\" sizes=\"auto, (max-width: 800px) 100vw, 800px\" \/><\/a><figcaption id=\"caption-attachment-2315977\" class=\"wp-caption-text\"><span style=\"color: #008000;\">Operaci\u00f3n Pastorius<\/span><\/figcaption><\/figure>\n<\/div>\n<blockquote>\n<p style=\"text-align: center;\"><strong><span style=\"font-family: georgia, palatino, serif; font-size: 14pt; color: #008000;\">Parte II<\/span><\/strong><\/p>\n<p style=\"text-align: center;\"><strong><span style=\"color: #008000;\"><span style=\"font-family: georgia, palatino, serif; font-size: 14pt;\">Uranio enriquecido U-235: \u00bfqui\u00e9n lleg\u00f3 antes? <\/span><span style=\"font-family: georgia, palatino, serif; font-size: 14pt;\">Una prueba antes de la ofensiva de Kursk.\u00a0<\/span><span style=\"font-family: georgia, palatino, serif; font-size: 14pt;\">\u00abZielvorschlag New York\u00bb (Objetivo Nueva York).\u00a0<\/span><span style=\"font-family: georgia, palatino, serif; font-size: 14pt;\">Hitler tranquiliza a Mussolini.<\/span><\/span><\/strong><\/p>\n<\/blockquote>\n<p>&nbsp;<\/p>\n<p><img loading=\"lazy\" decoding=\"async\" class=\"aligncenter wp-image-2315932 size-full\" src=\"https:\/\/puntocritico.com\/ausajpuntocritico\/wp-content\/uploads\/2026\/01\/V-2-enero-de-1945.jpg\" alt=\"\" width=\"356\" height=\"291\" srcset=\"https:\/\/puntocritico.com\/ausajpuntocritico\/wp-content\/uploads\/2026\/01\/V-2-enero-de-1945.jpg 356w, https:\/\/puntocritico.com\/ausajpuntocritico\/wp-content\/uploads\/2026\/01\/V-2-enero-de-1945-300x245.jpg 300w\" sizes=\"auto, (max-width: 356px) 100vw, 356px\" \/><\/p>\n<p>&nbsp;<\/p>\n<h3 style=\"text-align: center;\"><span style=\"font-family: georgia, palatino, serif; font-size: 18pt;\"><strong>Parte II<\/strong><\/span><\/p>\n<\/h3>\n<h4 style=\"text-align: justify;\" align=\"justify\"><span style=\"font-family: georgia, palatino, serif; font-size: 14pt;\"><strong>Uranio enriquecido U-235: \u00bfqui\u00e9n lleg\u00f3 antes?<\/strong><\/span><\/h4>\n<div style=\"text-align: justify;\" align=\"justify\"><span style=\"font-family: georgia, palatino, serif; font-size: 14pt;\">El uranio que puede encontrarse en la naturaleza esta compuesto en un 99% de <strong>uranio 238<\/strong>, no fisionable y por tanto no apto para hacer bombas at\u00f3micas, y un 1% de <strong>uranio 235<\/strong>, f\u00e1cilmente fisionable. <\/span><\/div>\n<div align=\"justify\">\u00a0<\/div>\n<div style=\"text-align: justify;\" align=\"justify\"><span style=\"font-family: georgia, palatino, serif; font-size: 14pt;\">Una excepci\u00f3n son las <em>minas de Oklo<\/em>, en el pa\u00eds centroafricano de <em>Gab\u00f3n<\/em>, en donde en 1972 se encontr\u00f3 uranio natural con un 70% de <strong>is\u00f3topo U235<\/strong> y vetas de mineral que generaban reacciones sostenidas espont\u00e1neas, as\u00ed como cantidades significativas de<strong> plutonio 239<\/strong> en estado natural.<\/span><\/div>\n<div align=\"justify\">\u00a0<\/div>\n<div align=\"justify\"><img loading=\"lazy\" decoding=\"async\" class=\"aligncenter wp-image-2316006 size-full\" src=\"https:\/\/puntocritico.com\/ausajpuntocritico\/wp-content\/uploads\/2026\/01\/URANIO-separador-isotopos-nazis.jpg\" alt=\"\" width=\"328\" height=\"251\" srcset=\"https:\/\/puntocritico.com\/ausajpuntocritico\/wp-content\/uploads\/2026\/01\/URANIO-separador-isotopos-nazis.jpg 328w, https:\/\/puntocritico.com\/ausajpuntocritico\/wp-content\/uploads\/2026\/01\/URANIO-separador-isotopos-nazis-300x230.jpg 300w, https:\/\/puntocritico.com\/ausajpuntocritico\/wp-content\/uploads\/2026\/01\/URANIO-separador-isotopos-nazis-80x60.jpg 80w\" sizes=\"auto, (max-width: 328px) 100vw, 328px\" \/><\/div>\n<div align=\"justify\">\u00a0<\/div>\n<div align=\"justify\">\u00a0<\/div>\n<div style=\"text-align: justify;\" align=\"justify\"><span style=\"font-family: georgia, palatino, serif; font-size: 14pt;\"><strong>El proceso de separaci\u00f3n de los is\u00f3topos de uranio es muy complejo, ya que no puede hacerse por v\u00eda qu\u00edmica, solo mec\u00e1nicamente<\/strong>. <\/span><\/div>\n<div align=\"justify\">\u00a0<\/div>\n<div style=\"text-align: justify;\" align=\"justify\"><span style=\"font-family: georgia, palatino, serif; font-size: 14pt;\">Los norteamericanos del <a href=\"https:\/\/es.wikipedia.org\/wiki\/Proyecto_Manhattan\" target=\"_blank\" rel=\"noopener\" data-schema-attribute=\"\"><em><strong>proyecto Manhattan<\/strong><\/em><\/a> usaron un sistema de confinamiento electromagn\u00e9tico de separaci\u00f3n de is\u00f3topos, llamado <em><strong>calutr\u00f3n<\/strong><\/em>, que <strong>tras dos a\u00f1os de arduos trabajos y un gasto cercano al bill\u00f3n de d\u00f3lares, solo hab\u00eda producido dos gramos de U235 a finales de 1944<\/strong>.\u00a0<\/span><\/div>\n<div align=\"justify\">\u00a0<\/div>\n<div align=\"justify\">\u00a0<\/div>\n<div align=\"justify\"><img loading=\"lazy\" decoding=\"async\" class=\"aligncenter wp-image-2316007 size-full\" src=\"https:\/\/puntocritico.com\/ausajpuntocritico\/wp-content\/uploads\/2026\/01\/URANIO-preparacion-bombs-nazis.jpg\" alt=\"\" width=\"346\" height=\"255\" srcset=\"https:\/\/puntocritico.com\/ausajpuntocritico\/wp-content\/uploads\/2026\/01\/URANIO-preparacion-bombs-nazis.jpg 346w, https:\/\/puntocritico.com\/ausajpuntocritico\/wp-content\/uploads\/2026\/01\/URANIO-preparacion-bombs-nazis-300x221.jpg 300w, https:\/\/puntocritico.com\/ausajpuntocritico\/wp-content\/uploads\/2026\/01\/URANIO-preparacion-bombs-nazis-80x60.jpg 80w\" sizes=\"auto, (max-width: 346px) 100vw, 346px\" \/><\/div>\n<div align=\"justify\">\u00a0<\/div>\n<div align=\"justify\">\u00a0<\/div>\n<div style=\"text-align: justify;\" align=\"justify\"><span style=\"font-family: georgia, palatino, serif; font-size: 14pt;\">Posteriormente, en enero de 1945 los americanos iniciaron otro procedimiento de separaci\u00f3n basado en un costoso sistema de filtrado mediante membranas de polvo de n\u00edquel comprimido del <strong>gas hexafluoruro de Uranio<\/strong>, que, aun siendo m\u00e1s eficaz, apenas permiti\u00f3 tener disponibles <strong>dos kilogramos de<\/strong> <strong>U235<\/strong> en Julio de 1945.<\/span><\/div>\n<div align=\"justify\">\u00a0<\/div>\n<div style=\"text-align: justify;\" align=\"justify\"><span style=\"font-family: georgia, palatino, serif; font-size: 14pt;\">El tercer sistema basado en un <strong>sistema s\u00faper-centr\u00edfugo, inventado por el alem\u00e1n Von Ardenne para la producci\u00f3n masiva de U235 fue un \u00e9xito<\/strong>, pero dicho sistema solo fue conocido por los americanos desde 1958 y usado por los rusos desde 1946, despu\u00e9s de la guerra. <\/span><\/div>\n<div align=\"justify\">\u00a0<\/div>\n<div style=\"text-align: justify;\" align=\"justify\"><span style=\"font-family: georgia, palatino, serif; font-size: 14pt;\">El sistema consiste en <strong>una cadena de tubos en cascada de unos 10 a 15 cent\u00edmetros de di\u00e1metro que se hacen girar a una 30.000 revoluciones por segundo<\/strong>. <strong><em>El hexafluoruro de uranio con U235<\/em><\/strong>, m\u00e1s ligero que el que contiene <strong>U238<\/strong>, permanece en el centro del cilindro, de donde es absorbido e inyectado en un nuevo cilindro centr\u00edfugo, y as\u00ed sucesivamente hasta conseguir una pureza de <strong>U235<\/strong> del 95%.<\/span><\/div>\n<div align=\"justify\">\u00a0<\/div>\n<div align=\"justify\">\u00a0<\/div>\n<div align=\"justify\">\n<figure id=\"attachment_2315978\" aria-describedby=\"caption-attachment-2315978\" style=\"width: 300px\" class=\"wp-caption aligncenter\"><a href=\"https:\/\/www.bbc.com\/mundo\/noticias-47308687\" target=\"_blank\" rel=\"noopener\" data-schema-attribute=\"\"><img loading=\"lazy\" decoding=\"async\" class=\"wp-image-2315978 size-medium\" src=\"https:\/\/puntocritico.com\/ausajpuntocritico\/wp-content\/uploads\/2026\/01\/Instituto-Ilia-Vekua-de-Sujumi-de-Fisica-y-Tecnologia-SIPT-300x300.webp\" alt=\"\" width=\"300\" height=\"300\" srcset=\"https:\/\/puntocritico.com\/ausajpuntocritico\/wp-content\/uploads\/2026\/01\/Instituto-Ilia-Vekua-de-Sujumi-de-Fisica-y-Tecnologia-SIPT-300x300.webp 300w, https:\/\/puntocritico.com\/ausajpuntocritico\/wp-content\/uploads\/2026\/01\/Instituto-Ilia-Vekua-de-Sujumi-de-Fisica-y-Tecnologia-SIPT-150x150.webp 150w, https:\/\/puntocritico.com\/ausajpuntocritico\/wp-content\/uploads\/2026\/01\/Instituto-Ilia-Vekua-de-Sujumi-de-Fisica-y-Tecnologia-SIPT.webp 549w\" sizes=\"auto, (max-width: 300px) 100vw, 300px\" \/><\/a><figcaption id=\"caption-attachment-2315978\" class=\"wp-caption-text\"><span style=\"color: #008000;\">El \u00abInstituto A\u00bb es hoy el Instituto Ilia Vekua de Sujumi de F\u00edsica y Tecnolog\u00eda (SIPT). En su p\u00e1gina web cuenta que \u00abse fund\u00f3 en 1945 (&#8230;) sobre la base del n\u00facleo de famosos cient\u00edficos alemanes\u00bb.<\/span><\/figcaption><\/figure>\n<\/div>\n<div align=\"justify\">\u00a0<\/div>\n<div align=\"justify\">\u00a0<\/div>\n<div style=\"text-align: justify;\" align=\"justify\"><span style=\"font-family: georgia, palatino, serif; font-size: 14pt;\">Otro ingeniero austriaco llamado <strong>Gernot Zippe<\/strong> que colaboro con <strong>Von Ardenne<\/strong> y que fue capturado tambi\u00e9n por los rusos, consigui\u00f3 emigrar a los estados unidos en 1958, atribuy\u00e9ndose la invenci\u00f3n del sistema centr\u00edfugo y patent\u00e1ndolo en occidente en 1960, en donde se conoce como <strong><em>M\u00e9todo Zippe de enriquecimiento de Uranio<\/em><\/strong>. <\/span><\/div>\n<div align=\"justify\">\u00a0<\/div>\n<div style=\"text-align: justify;\" align=\"justify\"><span style=\"font-family: georgia, palatino, serif; font-size: 14pt;\"><strong>Desde 1960 hasta 1985 el sistema centr\u00edfugo fue usado tambi\u00e9n en Estados Unidos<\/strong>. Es diez veces m\u00e1s eficaz y de mucho menor consumo el\u00e9ctrico que el sistema de filtrado americano. <\/span><\/div>\n<div align=\"justify\">\u00a0<\/div>\n<div style=\"text-align: justify;\" align=\"justify\"><span style=\"font-family: georgia, palatino, serif; font-size: 14pt;\"><strong>Aun hoy los rusos siguen usando el sistema centr\u00edfugo<\/strong>, y de hecho son los mayores productores del mundo de<strong> U235<\/strong>. <\/span><\/div>\n<div align=\"justify\">\u00a0<\/div>\n<div style=\"text-align: justify;\" align=\"justify\"><span style=\"font-family: georgia, palatino, serif; font-size: 14pt;\">El <strong>sistema de enriquecimiento mediante cascada de s\u00faper-centrifugadoras<\/strong> es usado adem\u00e1s en Holanda, Corea del Norte, China, Ir\u00e1n, Irak e Israel. <\/span><\/div>\n<div align=\"justify\">\u00a0<\/div>\n<div style=\"text-align: justify;\" align=\"justify\"><span style=\"font-family: georgia, palatino, serif; font-size: 14pt;\">Como resultado de lo anterior, y <strong>ante la imposibilidad del proyecto americano de realizar una bomba de uranio 235, enfocaron todos sus esfuerzos en la fabricaci\u00f3n de una bomba de plutonio 239<\/strong>, elemento artificial tambi\u00e9n fisionable apto para la fabricaci\u00f3n de bombas. <\/span><\/div>\n<div align=\"justify\">\u00a0<\/div>\n<div style=\"text-align: justify;\" align=\"justify\"><span style=\"font-family: georgia, palatino, serif; font-size: 14pt;\">En 1942 el f\u00edsico italiano del <a href=\"https:\/\/es.wikipedia.org\/wiki\/Proyecto_Manhattan\" target=\"_blank\" rel=\"noopener\" data-schema-attribute=\"\"><em><strong>proyecto Manhattan<\/strong><\/em><\/a>, <strong>Enrico Fermi<\/strong>, consigui\u00f3 poner en funcionamiento sostenido un reactor nuclear que permit\u00eda la fabricaci\u00f3n de <strong>plutonio Pu239<\/strong>, mediante la radiaci\u00f3n intensiva del <strong>uranio 238<\/strong>. <\/span><\/div>\n<div align=\"justify\">\u00a0<\/div>\n<div style=\"text-align: justify;\" align=\"justify\"><span style=\"font-family: georgia, palatino, serif; font-size: 14pt;\">A pesar de todo, <strong>los Estados Unidos solo dispon\u00edan de 6 kilogramos de plutonio a mediados de Julio de 1945<\/strong>.<\/span><\/div>\n<div align=\"justify\">\n<p align=\"justify\">\u00a0<\/p>\n<figure id=\"attachment_2315985\" aria-describedby=\"caption-attachment-2315985\" style=\"width: 440px\" class=\"wp-caption aligncenter\"><img loading=\"lazy\" decoding=\"async\" class=\"wp-image-2315985\" src=\"https:\/\/puntocritico.com\/ausajpuntocritico\/wp-content\/uploads\/2026\/01\/Los_Alamos_colloquium-Arma-maravillosa-300x233.jpg\" alt=\"\" width=\"440\" height=\"342\" srcset=\"https:\/\/puntocritico.com\/ausajpuntocritico\/wp-content\/uploads\/2026\/01\/Los_Alamos_colloquium-Arma-maravillosa-300x233.jpg 300w, https:\/\/puntocritico.com\/ausajpuntocritico\/wp-content\/uploads\/2026\/01\/Los_Alamos_colloquium-Arma-maravillosa-1024x796.jpg 1024w, https:\/\/puntocritico.com\/ausajpuntocritico\/wp-content\/uploads\/2026\/01\/Los_Alamos_colloquium-Arma-maravillosa-768x597.jpg 768w, https:\/\/puntocritico.com\/ausajpuntocritico\/wp-content\/uploads\/2026\/01\/Los_Alamos_colloquium-Arma-maravillosa.jpg 1280w\" sizes=\"auto, (max-width: 440px) 100vw, 440px\" \/><figcaption id=\"caption-attachment-2315985\" class=\"wp-caption-text\"><span style=\"color: #008000;\">F\u00edsicos en un coloquio patrocinado por el Distrito Manhattan en el Laboratorio de Los \u00c1lamos en abril de 1946. En la primera fila est\u00e1n Norris Bradbury, John Manley, Enrico Fermi y J. M. B. Kellogg. Robert Oppenheimer, con abrigo oscuro, est\u00e1 detr\u00e1s de Manley; a la izquierda de Oppenheimer est\u00e1 Richard Feynman. El oficial del ej\u00e9rcito a la izquierda es el coronel Oliver Haywood.<\/span><\/figcaption><\/figure>\n<p align=\"justify\">\u00a0<\/p>\n<h4 style=\"text-align: justify;\" align=\"justify\"><strong style=\"font-family: georgia, palatino, serif; font-size: 14pt;\">Una prueba antes de la ofensiva de Kursk.<\/strong><\/h4>\n<\/div>\n<p style=\"text-align: justify;\" align=\"justify\"><span style=\"font-family: georgia, palatino, serif; font-size: 14pt;\">En las <strong>v\u00edsperas de la batalla de Kursk<\/strong>, un teletipo por valija diplom\u00e1tica fue enviado a todas las embajadas alemanas en Europa. En dicho comunicado <strong>se informaba de que hab\u00eda sido realizada con \u00e9xito la prueba de una bomba nueva<\/strong>, de poco tama\u00f1o y formidable potencia. <\/span><\/p>\n<p style=\"text-align: justify;\" align=\"justify\"><span style=\"font-family: georgia, palatino, serif; font-size: 14pt;\">Se trataba de una<strong> bomba mixta<\/strong> de explosivo convencional y una peque\u00f1a cantidad de material fisionable que habr\u00eda hecho las veces de fulminante de alto poder sobre la carga de explosivo convencional. <\/span><\/p>\n<p style=\"text-align: justify;\" align=\"justify\"><span style=\"font-family: georgia, palatino, serif; font-size: 14pt;\">Pero l<strong>os alemanes ya ten\u00edan una prueba de la eficacia de sus m\u00e9todos en el manejo de material nuclear<\/strong>. Y lo que es m\u00e1s importante: <\/span><\/p>\n<blockquote>\n<p style=\"text-align: justify;\" align=\"justify\"><span style=\"color: #008000;\"><strong><span style=\"font-family: georgia, palatino, serif; font-size: 14pt;\">ya en 1943 los alemanes hicieron acertadas estimaciones de la potencia de una bomba at\u00f3mica de uranio.<\/span><\/strong><\/span><\/p>\n<\/blockquote>\n<p align=\"justify\">\u00a0<\/p>\n<figure id=\"attachment_2315976\" aria-describedby=\"caption-attachment-2315976\" style=\"width: 555px\" class=\"wp-caption aligncenter\"><a href=\"https:\/\/www.abc.es\/historia\/abci-extrano-comando-nazi-llego-nueva-york-plena-iigm-para-sembrar-panico-estados-unidos-202003300203_noticia.html\" target=\"_blank\" rel=\"noopener\" data-schema-attribute=\"\"><img loading=\"lazy\" decoding=\"async\" class=\"wp-image-2315976\" src=\"https:\/\/puntocritico.com\/ausajpuntocritico\/wp-content\/uploads\/2026\/01\/Operacion-Pastorius-Nazis-Nueva-York-atentados-kGCI-300x168.webp\" alt=\"\" width=\"555\" height=\"311\" srcset=\"https:\/\/puntocritico.com\/ausajpuntocritico\/wp-content\/uploads\/2026\/01\/Operacion-Pastorius-Nazis-Nueva-York-atentados-kGCI-300x168.webp 300w, https:\/\/puntocritico.com\/ausajpuntocritico\/wp-content\/uploads\/2026\/01\/Operacion-Pastorius-Nazis-Nueva-York-atentados-kGCI-1024x574.webp 1024w, https:\/\/puntocritico.com\/ausajpuntocritico\/wp-content\/uploads\/2026\/01\/Operacion-Pastorius-Nazis-Nueva-York-atentados-kGCI-768x431.webp 768w, https:\/\/puntocritico.com\/ausajpuntocritico\/wp-content\/uploads\/2026\/01\/Operacion-Pastorius-Nazis-Nueva-York-atentados-kGCI-678x381.webp 678w, https:\/\/puntocritico.com\/ausajpuntocritico\/wp-content\/uploads\/2026\/01\/Operacion-Pastorius-Nazis-Nueva-York-atentados-kGCI.webp 1245w\" sizes=\"auto, (max-width: 555px) 100vw, 555px\" \/><\/a><figcaption id=\"caption-attachment-2315976\" class=\"wp-caption-text\"><span style=\"color: #008000;\">El comando nazi que lleg\u00f3 a Nueva York en 1942 para llevar a cabo la Operaci\u00f3n Pastorius<\/span><\/figcaption><\/figure>\n<p align=\"justify\">\u00a0<\/p>\n<p style=\"text-align: justify;\" align=\"justify\"><span style=\"font-family: georgia, palatino, serif; font-size: 14pt;\"><strong>De 1943 son los detallados planes nazis de ataque nuclear contra Nueva York ideados por la OKL<\/strong>, la oficina de la <strong><em>Luftwaffe<\/em> <\/strong>de <strong>Hermann Goering<\/strong>, <\/span><\/p>\n<blockquote>\n<p style=\"text-align: justify;\" align=\"justify\"><strong><span style=\"font-family: georgia, palatino, serif; font-size: 14pt; color: #008000;\">en donde se especificaban exactamente los valores en kilocalor\u00edas por kil\u00f3metro c\u00fabico del efecto de una explosi\u00f3n nuclear en Manhattan, y que coincid\u00edan por completo con la cantidad de kilotones de la bomba que seria usada el 6 de agosto de 1945 sobre Hiroshima.<\/span><\/strong><\/p>\n<\/blockquote>\n<p align=\"justify\">\u00a0<\/p>\n<figure id=\"attachment_2315975\" aria-describedby=\"caption-attachment-2315975\" style=\"width: 400px\" class=\"wp-caption aligncenter\"><img loading=\"lazy\" decoding=\"async\" class=\"wp-image-2315975\" src=\"https:\/\/puntocritico.com\/ausajpuntocritico\/wp-content\/uploads\/2026\/01\/Hermann-Goring-con-Adolf-Hitler-y-Albert-Speer-10-August-1943-300x199.webp\" alt=\"\" width=\"400\" height=\"265\" srcset=\"https:\/\/puntocritico.com\/ausajpuntocritico\/wp-content\/uploads\/2026\/01\/Hermann-Goring-con-Adolf-Hitler-y-Albert-Speer-10-August-1943-300x199.webp 300w, https:\/\/puntocritico.com\/ausajpuntocritico\/wp-content\/uploads\/2026\/01\/Hermann-Goring-con-Adolf-Hitler-y-Albert-Speer-10-August-1943.webp 640w\" sizes=\"auto, (max-width: 400px) 100vw, 400px\" \/><figcaption id=\"caption-attachment-2315975\" class=\"wp-caption-text\"><span style=\"color: #008000;\">Hermann G\u00f6ring, Adolf Hitler y Albert Speer, 10 Agosto 1943<\/span><\/figcaption><\/figure>\n<p align=\"justify\">\u00a0<\/p>\n<h4 style=\"text-align: justify;\" align=\"justify\"><span style=\"font-family: georgia, palatino, serif; font-size: 14pt;\"><strong>\u00abZielvorschlag New York\u00bb (Objetivo Nueva York).<\/strong><\/span><\/h4>\n<p style=\"text-align: justify;\" align=\"justify\"><span style=\"font-family: georgia, palatino, serif; font-size: 14pt;\">En 1987 se public\u00f3 una obra que hoy es ya un cl\u00e1sico: \u00ab<strong><em>Waffen und Geheimwaffen des deutschen Heeres. 1933-1945<\/em><\/strong>\u00ab. El autor es el historiador <strong>Fritz Hahn<\/strong> que pertenece sin la m\u00e1s m\u00ednima duda al campo de la historiograf\u00eda m\u00e1s acad\u00e9mica y oficial. <\/span><\/p>\n<p style=\"text-align: justify;\" align=\"justify\"><span style=\"font-family: georgia, palatino, serif; font-size: 14pt;\">En la p\u00e1gina 168 del tomo II <strong>se encuentra reproducido el siguiente documento<\/strong>:<\/span><\/p>\n<p style=\"text-align: justify;\">\u00a0<\/p>\n<p><img loading=\"lazy\" decoding=\"async\" class=\"aligncenter wp-image-2316009 size-full\" src=\"https:\/\/puntocritico.com\/ausajpuntocritico\/wp-content\/uploads\/2026\/01\/Pastorius-nazis-bombs-in-new-york.jpg\" alt=\"\" width=\"341\" height=\"267\" srcset=\"https:\/\/puntocritico.com\/ausajpuntocritico\/wp-content\/uploads\/2026\/01\/Pastorius-nazis-bombs-in-new-york.jpg 341w, https:\/\/puntocritico.com\/ausajpuntocritico\/wp-content\/uploads\/2026\/01\/Pastorius-nazis-bombs-in-new-york-300x235.jpg 300w\" sizes=\"auto, (max-width: 341px) 100vw, 341px\" \/><\/p>\n<p style=\"text-align: justify;\">\u00a0<\/p>\n<p style=\"text-align: justify;\" align=\"justify\"><span style=\"font-family: georgia, palatino, serif; font-size: 14pt;\">Nos encontramos pues, ante un <strong>documento perfectamente conocido y aceptado como aut\u00e9ntico<\/strong>, por la m\u00e1s rigurosa historiograf\u00eda oficial. <\/span><\/p>\n<p style=\"text-align: justify;\" align=\"justify\"><span style=\"font-family: georgia, palatino, serif; font-size: 14pt;\">Este plano se realiz\u00f3 en Alemania en 1944 y se le relaciona en todo momento con los <strong>proyectos que surgieron aquel a\u00f1o para bombardear Nueva York con cohetes como el A-9\/A-10 o con aviones espaciales como los concebidos por Eugen S\u00e4nger<\/strong>. Seg\u00fan los historiadores oficiales, estos ingenios habr\u00edan transportado cargas explosivas convencionales de una o dos toneladas. <\/span><\/p>\n<p style=\"text-align: justify;\" align=\"justify\"><span style=\"font-family: georgia, palatino, serif; font-size: 14pt;\">Pero para lanzar esas dos toneladas sobre Am\u00e9rica se requer\u00eda un costoso cohete de 100 toneladas de peso. Un arma tan antiecon\u00f3mica s\u00f3lo podr\u00eda haberse usado a muy peque\u00f1a escala y con un impacto m\u00e1s psicol\u00f3gico que militar. He aqu\u00ed el motivo de que todos estos proyectos fuesen cancelados, concluyen los historiadores ortodoxos. <\/span><\/p>\n<p style=\"text-align: justify;\" align=\"justify\"><span style=\"font-family: georgia, palatino, serif; font-size: 14pt;\">Pero si se fijan con atenci\u00f3n en el documento, ver\u00e1n que \u00e9ste <strong>nos cuenta una historia MUY DIFERENTE<\/strong>. <\/span><\/p>\n<p style=\"text-align: justify;\" align=\"justify\"><span style=\"font-family: georgia, palatino, serif; font-size: 14pt;\">Como se puede ver nos encontramos ante un <strong>mapa que indica la densidad de distribuci\u00f3n calor\u00edfica (<em>en kilocalor\u00edas por kil\u00f3metro cuadrado<\/em>) que generar\u00eda cierto bombardeo de la ciudad de Nueva York<\/strong>. Se indica:<\/span><\/p>\n<blockquote>\n<div style=\"text-align: justify;\" align=\"justify\"><span style=\"color: #008000;\"><strong><span style=\"font-family: georgia, palatino, serif; font-size: 14pt;\">La zona circular de da\u00f1o m\u00e1ximo, que llega hasta los 1,35 km de distancia del centro de impacto.<\/span><\/strong><\/span><\/div>\n<div style=\"text-align: justify;\" align=\"justify\"><span style=\"color: #008000;\"><strong><span style=\"font-family: georgia, palatino, serif; font-size: 14pt;\">La zona de da\u00f1o secundario que alcanza hasta un radio de 4,35 km del centro te\u00f3rico de impacto.<\/span><\/strong><\/span><\/div>\n<div style=\"text-align: justify;\" align=\"justify\"><span style=\"color: #008000;\"><strong><span style=\"font-family: georgia, palatino, serif; font-size: 14pt;\">Un c\u00edrculo punteado de 2 km de radio, que indica la zona de dispersi\u00f3n probable del impacto, es decir, la zona alrededor del centro te\u00f3rico de impacto donde el misil caer\u00e1 probablemente de modo efectivo.<\/span><\/strong><\/span><\/div>\n<\/blockquote>\n<p>&nbsp;<\/p>\n<figure id=\"attachment_2315981\" aria-describedby=\"caption-attachment-2315981\" style=\"width: 555px\" class=\"wp-caption aligncenter\"><img loading=\"lazy\" decoding=\"async\" class=\"wp-image-2315981\" src=\"https:\/\/puntocritico.com\/ausajpuntocritico\/wp-content\/uploads\/2026\/01\/little-boy-la-bomba-de-hiroshima-300x169.webp\" alt=\"\" width=\"555\" height=\"312\" srcset=\"https:\/\/puntocritico.com\/ausajpuntocritico\/wp-content\/uploads\/2026\/01\/little-boy-la-bomba-de-hiroshima-300x169.webp 300w, https:\/\/puntocritico.com\/ausajpuntocritico\/wp-content\/uploads\/2026\/01\/little-boy-la-bomba-de-hiroshima-768x432.webp 768w, https:\/\/puntocritico.com\/ausajpuntocritico\/wp-content\/uploads\/2026\/01\/little-boy-la-bomba-de-hiroshima-678x381.webp 678w, https:\/\/puntocritico.com\/ausajpuntocritico\/wp-content\/uploads\/2026\/01\/little-boy-la-bomba-de-hiroshima.webp 800w\" sizes=\"auto, (max-width: 555px) 100vw, 555px\" \/><figcaption id=\"caption-attachment-2315981\" class=\"wp-caption-text\"><span style=\"color: #008000;\">Una r\u00e9plica de \u00abLittle Boy\u00bb, la bomba at\u00f3mica lanzada desde el avi\u00f3n B-29 Enola Gay contra Hiroshima el 6 de agosto de 1945.<\/span><\/figcaption><\/figure>\n<p>&nbsp;<\/p>\n<p style=\"text-align: justify;\" align=\"justify\"><span style=\"font-family: georgia, palatino, serif; font-size: 14pt;\"><strong>Lo importante es fijarse ahora en las cifras indicadas<\/strong>. La <em>densidad de cobertura calor\u00edfica media<\/em> en la zona de da\u00f1o m\u00e1ximo es de 1,4 por 10E8 kcal\/kmE2 y en la zona de da\u00f1o secundario de 7 x 10E6 kcal\/kmE2. <\/span><\/p>\n<p style=\"text-align: justify;\" align=\"justify\"><span style=\"font-family: georgia, palatino, serif; font-size: 14pt;\">Es decir, que en un c\u00edrculo de 1,35 km se depositar\u00edan 140.000.000 kcal por cada kil\u00f3metro cuadrado; o lo que es lo mismo 140.000.000.000 calor\u00edas por kil\u00f3metro cuadrado (<em>140 mil millones<\/em>). <\/span><\/p>\n<p style=\"text-align: justify;\" align=\"justify\"><span style=\"font-family: georgia, palatino, serif; font-size: 14pt;\">Con ayuda del gr\u00e1fico es f\u00e1cil calcular la<strong> energ\u00eda calor\u00edfica total<\/strong> que se habr\u00eda depositado:<\/span><\/p>\n<blockquote>\n<p style=\"text-align: justify;\" align=\"justify\"><strong><span style=\"font-family: georgia, palatino, serif; font-size: 14pt; color: #008000;\">Zona de da\u00f1o m\u00e1ximo 7,435 x 10E8 kcal.<br \/>\nZona de da\u00f1o secundario 3,695 x 10E8 kcal.<br \/>\nEnerg\u00eda calor\u00edfica total depositada 11,130 x 10E8 kcal.<\/span><\/strong><\/p>\n<\/blockquote>\n<p style=\"text-align: justify;\">\u00a0<\/p>\n<figure id=\"attachment_2315866\" aria-describedby=\"caption-attachment-2315866\" style=\"width: 220px\" class=\"wp-caption aligncenter\"><img loading=\"lazy\" decoding=\"async\" class=\"wp-image-2315866\" src=\"https:\/\/puntocritico.com\/ausajpuntocritico\/wp-content\/uploads\/2026\/01\/graficob-Parte-2-El-Proyecto-Atomico-Nazi.jpg\" alt=\"\" width=\"220\" height=\"361\" \/><figcaption id=\"caption-attachment-2315866\" class=\"wp-caption-text\"><span style=\"color: #008000;\">Mapa original del Oberkomando der Luftwaffe (OKL) de 1943. Bombardeo at\u00f3mico de Nueva York. La gaussiana muestra los valores de kilocalor\u00edas por km\u00b3, equivalentes a una bomba de 18 kilotones. <\/span><\/figcaption><\/figure>\n<p align=\"justify\">\u00a0<\/p>\n<p style=\"text-align: justify;\" align=\"justify\"><span style=\"font-family: georgia, palatino, serif; font-size: 14pt;\"><strong>En una explosi\u00f3n nuclear t\u00edpica, aproximadamente entre el 6 y el 8% de la energ\u00eda desprendida se irradia sobre las superficies adyacentes<\/strong>. <\/span><\/p>\n<p style=\"text-align: justify;\" align=\"justify\"><span style=\"font-family: georgia, palatino, serif; font-size: 14pt;\">Sabido esto y conociendo la equivalencia en calor\u00edas de un kilot\u00f3n (<em>un kilot\u00f3n o kt equivale a la fuerza explosiva de 1.000 toneladas de TNT, que equivalen a su vez aproximadamente a 1,12 x 10E12 calor\u00edas<\/em>) <strong>es f\u00e1cil estimar la potencia de la bomba que habr\u00eda generado la onda de choque t\u00e9rmica del mapa<\/strong>. Los valores que se obtienen est\u00e1n entre los 14 y los 18,8 kt.<br \/>\n<\/span><\/p>\n<p align=\"justify\">\u00a0<\/p>\n<figure id=\"attachment_2315979\" aria-describedby=\"caption-attachment-2315979\" style=\"width: 480px\" class=\"wp-caption aligncenter\"><img loading=\"lazy\" decoding=\"async\" class=\"wp-image-2315979\" src=\"https:\/\/puntocritico.com\/ausajpuntocritico\/wp-content\/uploads\/2026\/01\/Mineral-de-Uranio-300x169.webp\" alt=\"\" width=\"480\" height=\"270\" srcset=\"https:\/\/puntocritico.com\/ausajpuntocritico\/wp-content\/uploads\/2026\/01\/Mineral-de-Uranio-300x169.webp 300w, https:\/\/puntocritico.com\/ausajpuntocritico\/wp-content\/uploads\/2026\/01\/Mineral-de-Uranio-768x432.webp 768w, https:\/\/puntocritico.com\/ausajpuntocritico\/wp-content\/uploads\/2026\/01\/Mineral-de-Uranio-678x381.webp 678w, https:\/\/puntocritico.com\/ausajpuntocritico\/wp-content\/uploads\/2026\/01\/Mineral-de-Uranio.webp 800w\" sizes=\"auto, (max-width: 480px) 100vw, 480px\" \/><figcaption id=\"caption-attachment-2315979\" class=\"wp-caption-text\"><span style=\"color: #008000;\">Mineral de Uranio<\/span><\/figcaption><\/figure>\n<p style=\"text-align: justify;\" align=\"justify\"><span style=\"font-family: georgia, palatino, serif; font-size: 14pt;\"><br \/>\n<strong>Algunas consideraciones:<\/strong><\/span><\/p>\n<blockquote>\n<p style=\"text-align: justify;\" align=\"justify\"><strong><span style=\"font-family: georgia, palatino, serif; font-size: 14pt; color: #008000;\">a)\u00a0Es por supuesto completamente imposible producir los estragos que muestra el plano usando cohetes con cabezas convencionales de una o dos toneladas, a no ser que se usen muchos miles simult\u00e1neamente.<\/span><\/strong><\/p>\n<p style=\"text-align: justify;\" align=\"justify\"><strong><span style=\"font-family: georgia, palatino, serif; font-size: 14pt; color: #008000;\">b) Toda explosi\u00f3n at\u00f3mica produce tres efectos principales: onda de choque, efecto t\u00e9rmico y radiaciones. Pero es el calor el que causa el 60% de las muertes en toda explosi\u00f3n mayor de 10 kt. <\/span><\/strong><\/p>\n<p style=\"text-align: justify;\" align=\"justify\"><strong><span style=\"font-family: georgia, palatino, serif; font-size: 14pt; color: #008000;\">Este es el motivo por el que los cient\u00edficos alemanes se limitaron a indicar el alcance letal de los efectos t\u00e9rmicos. En la zona de da\u00f1o m\u00e1ximo se depositan 14 calor\u00edas por cent\u00edmetro cuadrado (14 cal\/cmE2). <\/span><\/strong><\/p>\n<p style=\"text-align: justify;\" align=\"justify\"><strong><span style=\"font-family: georgia, palatino, serif; font-size: 14pt; color: #008000;\">Dado que con 10 cal\/cmE2 ya se producen quemaduras mortales de tercer grado, se comprende que lo que el mapa nos indica es el \u00e1rea en el que la tasa de mortalidad habr\u00eda sido pr\u00e1cticamente del 100% (toda la parte central y sur de la isla de Manhattan).<\/span><\/strong><\/p>\n<p style=\"text-align: justify;\" align=\"justify\"><strong><span style=\"font-family: georgia, palatino, serif; font-size: 14pt; color: #008000;\">c)\u00a0Los par\u00e1metros de este artefacto se parecen a los de la bomba de Hiroshima de modo \u00abasombroso\u00bb:<\/span><\/strong><\/p>\n<ul style=\"text-align: justify;\">\n<li><strong><span style=\"font-family: georgia, palatino, serif; font-size: 14pt; color: #008000;\">La mayor\u00eda de autores estiman la potencia de Little Boy entre 15 y 20 kt.<\/span><\/strong><\/li>\n<li><strong><span style=\"font-family: georgia, palatino, serif; font-size: 14pt; color: #008000;\">En Hiroshima se depositaron 10 cal\/cmE2 hasta un radio de 1,6 km (Encyclopedia of Sciencie &amp; Technology. Volumen 12, p\u00e1gina 130. Editorial Mc Graw Hill).<\/span><\/strong><\/li>\n<\/ul>\n<p style=\"text-align: justify;\" align=\"justify\"><strong><span style=\"font-family: georgia, palatino, serif; font-size: 14pt; color: #008000;\">Haciendo una breve extrapolaci\u00f3n lineal vemos que este artefacto habr\u00eda liberado unos 11 cal\/cmE2 en ese mismo radio.<\/span><\/strong><\/p>\n<p style=\"text-align: justify;\" align=\"justify\"><span style=\"font-family: georgia, palatino, serif; font-size: 14pt;\"><strong><span style=\"color: #008000;\">d) En definitiva podemos ver que los autores del documento que nos ocupa ten\u00edan un conocimiento preciso de los efectos del artefacto que hab\u00edan planeado lanzar. <\/span><\/strong><\/span><\/p>\n<p style=\"text-align: justify;\" align=\"justify\"><span style=\"font-family: georgia, palatino, serif; font-size: 14pt;\"><strong><span style=\"color: #008000;\">Pero la bomba at\u00f3mica era un arma completamente nueva y revolucionaria cuyos efectos exactos no se pod\u00edan prever con tanta precisi\u00f3n.<\/span><\/strong><br \/>\n<\/span><\/p>\n<\/blockquote>\n<p align=\"justify\">\u00a0<\/p>\n<p align=\"justify\"><span style=\"font-family: georgia, palatino, serif; font-size: 14pt;\"><img loading=\"lazy\" decoding=\"async\" class=\"aligncenter wp-image-2315865\" src=\"https:\/\/puntocritico.com\/ausajpuntocritico\/wp-content\/uploads\/2026\/01\/hitlermussolinib-Parte-2-El-Proyecto-Atomico-Nazi.jpg\" alt=\"\" width=\"360\" height=\"274\" srcset=\"https:\/\/puntocritico.com\/ausajpuntocritico\/wp-content\/uploads\/2026\/01\/hitlermussolinib-Parte-2-El-Proyecto-Atomico-Nazi.jpg 150w, https:\/\/puntocritico.com\/ausajpuntocritico\/wp-content\/uploads\/2026\/01\/hitlermussolinib-Parte-2-El-Proyecto-Atomico-Nazi-80x60.jpg 80w\" sizes=\"auto, (max-width: 360px) 100vw, 360px\" \/><\/span><\/p>\n<p align=\"justify\">\u00a0<\/p>\n<h4 style=\"text-align: justify;\" align=\"justify\"><span style=\"font-family: georgia, palatino, serif; font-size: 14pt;\"><strong>Hitler tranquiliza a Mussolini.<\/strong><\/span><\/h4>\n<p style=\"text-align: justify;\"><span style=\"font-family: georgia, palatino, serif; font-size: 14pt;\">En Abril de 1944 tuvo lugar una importante reuni\u00f3n en el c<em>astillo de Klessheim de Salzburgo<\/em>, a la que asistieron <strong>Benito<\/strong> <strong>Mussolini<\/strong>, <strong>Adolf Hitler<\/strong>, el mariscal <strong>Rodolfo Graziani<\/strong>, <strong>Von Ribbentrop<\/strong>, <strong>Keitel<\/strong>, <strong>Dollman<\/strong> y el embajador de Alemania en Italia, <strong>Rhan<\/strong>. <\/span><\/p>\n<p style=\"text-align: justify;\"><span style=\"font-family: georgia, palatino, serif; font-size: 14pt;\">Con objeto de tranquilizar a su aliado, <strong>Hitler<\/strong> le transmiti\u00f3 una informaci\u00f3n extraordinaria, corroborada por varios testigos en declaraciones hechas tras la guerra. <\/span><\/p>\n<p style=\"text-align: justify;\"><span style=\"font-family: georgia, palatino, serif; font-size: 14pt;\"><strong>Hitler<\/strong> dijo: <\/span><\/p>\n<blockquote>\n<p style=\"text-align: justify;\"><span style=\"color: #008000;\"><strong><span style=\"font-family: georgia, palatino, serif; font-size: 14pt;\">\u00ab<em>&#8230;tenemos aeroplanos a reacci\u00f3n, tenemos submarinos no interceptables, artiller\u00eda y carros colosales, sistemas de visi\u00f3n nocturna, cohetes de potencia excepcional y una bomba cuyo efecto asombrara al mundo. <\/em><\/span><\/strong><\/span><\/p>\n<p style=\"text-align: justify;\"><span style=\"color: #008000;\"><strong><span style=\"font-family: georgia, palatino, serif; font-size: 14pt;\"><em>Todo esto se acumula en nuestros talleres subterr\u00e1neos con rapidez sorprendente. El enemigo lo sabe, nos golpea, nos destruye, pero a su destrucci\u00f3n responderemos con el hurac\u00e1n y sin necesidad de recurrir a la guerra bacteriol\u00f3gica para la cual nos encontramos igualmente a punto. <\/em><\/span><\/strong><\/span><\/p>\n<p style=\"text-align: justify;\"><span style=\"color: #008000;\"><strong><span style=\"font-family: georgia, palatino, serif; font-size: 14pt;\"><em>No hay una sola de mis palabras que no tenga el sufragio de la verdad. \u00a1Ver\u00e9is!..<\/em><\/span><\/strong><\/span><\/p>\n<\/blockquote>\n<p style=\"text-align: justify;\">\u00a0<\/p>\n<div class=\"mceTemp\">\u00a0<\/div>\n<p><img loading=\"lazy\" decoding=\"async\" class=\"aligncenter wp-image-2315927 size-full\" src=\"https:\/\/puntocritico.com\/ausajpuntocritico\/wp-content\/uploads\/2026\/01\/Hitler-wonderwuffen.jpg\" alt=\"\" width=\"692\" height=\"253\" srcset=\"https:\/\/puntocritico.com\/ausajpuntocritico\/wp-content\/uploads\/2026\/01\/Hitler-wonderwuffen.jpg 692w, https:\/\/puntocritico.com\/ausajpuntocritico\/wp-content\/uploads\/2026\/01\/Hitler-wonderwuffen-300x110.jpg 300w\" sizes=\"auto, (max-width: 692px) 100vw, 692px\" \/><\/p>\n<p>&nbsp;<\/p>\n<p style=\"text-align: justify;\"><a href=\"https:\/\/puntocritico.com\/ausajpuntocritico\/2026\/01\/18\/wunder-waffen-proyecto-atomico-nazi-3-y-4\/\" target=\"_blank\" rel=\"noopener\" data-schema-attribute=\"\"><span style=\"color: #008000; font-size: 14pt;\">EL PROYECTO AT\u00d3MICO NAZI (\u00abWunder Waffen\u00bb, arma maravillosa): Partes 3 y 4<\/span><\/a><\/p>\n<p style=\"text-align: justify;\"><a href=\"https:\/\/puntocritico.com\/ausajpuntocritico\/2026\/01\/25\/el-proyecto-atomico-nazi-wunderwaffen-arma-maravillosa-parte-3\/\" target=\"_blank\" rel=\"noopener\" data-schema-attribute=\"\"><span style=\"color: #008000; font-size: 14pt;\">EL PROYECTO AT\u00d3MICO NAZI (\u00abWunder Waffen\u00bb, arma maravillosa): Partes 5 y 6 (final)<\/span><\/a><\/p>\n<p>&nbsp;<\/p>\n<p><a href=\"https:\/\/puntocritico.com\/ausajpuntocritico\/author\/punto-critico\/\" target=\"_blank\" rel=\"noopener\"><img loading=\"lazy\" decoding=\"async\" class=\"wp-image-9528 aligncenter\" src=\"https:\/\/puntocritico.com\/ausajpuntocritico\/wp-content\/uploads\/2018\/03\/Mosca_Punto_Cr\u00edtico_40.png\" alt=\"\" width=\"80\" height=\"80\" data-id=\"9528\" \/><\/a><\/p>\n<p>&nbsp;<\/p>\n","protected":false},"excerpt":{"rendered":"<div class=\"mh-excerpt\"><p>El Proyecto At\u00f3mico Nazi \u00a0 Wunderwaffe (arma maravillosa): El Proyecto At\u00f3mico Nazi\u00a0 &nbsp; Wunderwaffe\u00a0(en\u00a0alem\u00e1n\u00a0&#8216;arma maravillosa&#8216;) fue un t\u00e9rmino asignado durante la\u00a0Segunda Guerra Mundial\u00a0por el\u00a0Ministerio de propaganda\u00a0de la\u00a0Alemania nazi\u00a0a cada una de las nuevas armas de <a class=\"mh-excerpt-more\" href=\"https:\/\/puntocritico.com\/ausajpuntocritico\/2026\/01\/11\/el-proyecto-atomico-nazi\/\" title=\"EL PROYECTO AT\u00d3MICO NAZI (\u00abWunder Waffen\u00bb, arma maravillosa): Partes 1 y 2\">[&#8230;]<\/a><\/p>\n<\/div>","protected":false},"author":3,"featured_media":2315872,"comment_status":"closed","ping_status":"closed","sticky":false,"template":"","format":"standard","meta":{"_acf_changed":false,"_exactmetrics_skip_tracking":false,"_exactmetrics_sitenote_active":false,"_exactmetrics_sitenote_note":"","_exactmetrics_sitenote_category":0,"footnotes":""},"categories":[10],"tags":[],"class_list":{"0":"post-2315852","1":"post","2":"type-post","3":"status-publish","4":"format-standard","5":"has-post-thumbnail","7":"category-miscelanea"},"acf":[],"_links":{"self":[{"href":"https:\/\/puntocritico.com\/ausajpuntocritico\/wp-json\/wp\/v2\/posts\/2315852","targetHints":{"allow":["GET"]}}],"collection":[{"href":"https:\/\/puntocritico.com\/ausajpuntocritico\/wp-json\/wp\/v2\/posts"}],"about":[{"href":"https:\/\/puntocritico.com\/ausajpuntocritico\/wp-json\/wp\/v2\/types\/post"}],"author":[{"embeddable":true,"href":"https:\/\/puntocritico.com\/ausajpuntocritico\/wp-json\/wp\/v2\/users\/3"}],"replies":[{"embeddable":true,"href":"https:\/\/puntocritico.com\/ausajpuntocritico\/wp-json\/wp\/v2\/comments?post=2315852"}],"version-history":[{"count":0,"href":"https:\/\/puntocritico.com\/ausajpuntocritico\/wp-json\/wp\/v2\/posts\/2315852\/revisions"}],"wp:featuredmedia":[{"embeddable":true,"href":"https:\/\/puntocritico.com\/ausajpuntocritico\/wp-json\/wp\/v2\/media\/2315872"}],"wp:attachment":[{"href":"https:\/\/puntocritico.com\/ausajpuntocritico\/wp-json\/wp\/v2\/media?parent=2315852"}],"wp:term":[{"taxonomy":"category","embeddable":true,"href":"https:\/\/puntocritico.com\/ausajpuntocritico\/wp-json\/wp\/v2\/categories?post=2315852"},{"taxonomy":"post_tag","embeddable":true,"href":"https:\/\/puntocritico.com\/ausajpuntocritico\/wp-json\/wp\/v2\/tags?post=2315852"}],"curies":[{"name":"wp","href":"https:\/\/api.w.org\/{rel}","templated":true}]}}