{"id":2314889,"date":"2025-12-21T00:05:36","date_gmt":"2025-12-20T23:05:36","guid":{"rendered":"https:\/\/puntocritico.com\/ausajpuntocritico\/?p=2314889"},"modified":"2025-12-21T07:30:15","modified_gmt":"2025-12-21T06:30:15","slug":"conclusion-esbozos-de-una-moral-sin-sancion-ni-obligacion-guyau-parte-16-final-2","status":"publish","type":"post","link":"https:\/\/puntocritico.com\/ausajpuntocritico\/2025\/12\/21\/conclusion-esbozos-de-una-moral-sin-sancion-ni-obligacion-guyau-parte-16-final-2\/","title":{"rendered":"CONCLUSI\u00d3N (\u00abEsbozos de una moral sin sanci\u00f3n ni obligaci\u00f3n, de Jean-Marie Guyau\u00bb), PARTE 16 (final)"},"content":{"rendered":"<p style=\"text-align: justify;\"><span style=\"color: #008000; font-size: 14pt;\">CONCLUSI\u00d3N <\/span><\/p>\n<p style=\"text-align: justify;\"><span style=\"font-size: 14pt; color: #008000;\"><a style=\"color: #008000;\" href=\"https:\/\/puntocritico.com\/ausajpuntocritico\/2025\/08\/31\/esbozos-de-una-moral-sin-sancion-ni-obligacion-de-jean-marie-guyau\/\" target=\"_blank\" rel=\"noopener\" data-schema-attribute=\"\">INDICE de CAPITULOS\u00a0 \u00abESBOZOS DE UNA MORAL SIN SANCI\u00f3N NI OBLIGACI\u00f3N\u00bb, J. M. Guyau<\/a><\/span><\/p>\n\n<p style=\"text-align: center;\"><span style=\"font-size: 18pt;\"><strong>*<span style=\"color: #008000;\">*<\/span>*<\/strong><\/span><\/p>\n<p><img loading=\"lazy\" decoding=\"async\" class=\"aligncenter wp-image-24623\" src=\"https:\/\/puntocritico.com\/ausajpuntocritico\/wp-content\/uploads\/2019\/12\/GUYEAU-9-6-300x289.jpg\" alt=\"\u00daltimos equivalentes posibles del deber para el sostenimiento de la moralidad\" width=\"400\" height=\"385\" data-id=\"24623\" srcset=\"https:\/\/puntocritico.com\/ausajpuntocritico\/wp-content\/uploads\/2019\/12\/GUYEAU-9-6-300x289.jpg 300w, https:\/\/puntocritico.com\/ausajpuntocritico\/wp-content\/uploads\/2019\/12\/GUYEAU-9-6-768x739.jpg 768w, https:\/\/puntocritico.com\/ausajpuntocritico\/wp-content\/uploads\/2019\/12\/GUYEAU-9-6.jpg 800w\" sizes=\"auto, (max-width: 400px) 100vw, 400px\" \/><\/p>\n<h1 style=\"text-align: center;\"><span style=\"font-size: 24pt;\"><strong><em>Esbozos de una moral sin sanci\u00f3n ni obligaci\u00f3n<\/em><\/strong><\/span><\/h1>\n<p style=\"text-align: center;\"><strong><a id=\"ref5a\"><\/a><span style=\"font-size: 18pt; color: #008000;\"><a style=\"color: #008000;\" href=\"#ref5\">Jean-Marie Guyau<\/a><\/span><\/strong><\/p>\n<p style=\"text-align: center;\"><span style=\"font-size: 18pt;\"><strong>PARTE 16<\/strong><\/span><\/p>\n<p><strong>\u00a0<\/strong><strong>\u00a0<\/strong><img loading=\"lazy\" decoding=\"async\" class=\"aligncenter wp-image-2311369\" src=\"https:\/\/puntocritico.com\/ausajpuntocritico\/wp-content\/uploads\/2025\/08\/Guyau-con-firma.jpg\" alt=\"\" width=\"240\" height=\"353\" \/><\/p>\n<h1 class=\"entry-title\" style=\"text-align: center;\">Esbozos de una moral sin sanci\u00f3n ni obligaci\u00f3n<\/h1>\n<p class=\"entry-title\" style=\"text-align: center;\"><span style=\"color: #008000; font-size: 18pt;\"><strong>Jean-Marie Guyau\u00a0<\/strong><\/span><\/p>\n<p class=\"entry-title\" style=\"text-align: center;\"><strong><span style=\"font-size: 18pt;\">PARTE 16<\/span><\/strong><\/p>\n<h2 style=\"text-align: center;\"><span style=\"font-size: 24pt;\">Conclusi\u00f3n<\/span><\/h2>\n<p>&nbsp;<\/p>\n<p><img loading=\"lazy\" decoding=\"async\" class=\"aligncenter wp-image-26067\" src=\"https:\/\/puntocritico.com\/ausajpuntocritico\/wp-content\/uploads\/2020\/01\/GUYUAU-FINAL-300x225.jpg\" alt=\"CONCLUSI\u00d3N (&quot;Esbozos de una moral sin sanci\u00f3n ni obligaci\u00f3n, de Jean-Marie Guyau&quot;) \" width=\"480\" height=\"360\" data-id=\"26067\" srcset=\"https:\/\/puntocritico.com\/ausajpuntocritico\/wp-content\/uploads\/2020\/01\/GUYUAU-FINAL-300x225.jpg 300w, https:\/\/puntocritico.com\/ausajpuntocritico\/wp-content\/uploads\/2020\/01\/GUYUAU-FINAL-768x576.jpg 768w, https:\/\/puntocritico.com\/ausajpuntocritico\/wp-content\/uploads\/2020\/01\/GUYUAU-FINAL-678x509.jpg 678w, https:\/\/puntocritico.com\/ausajpuntocritico\/wp-content\/uploads\/2020\/01\/GUYUAU-FINAL-326x245.jpg 326w, https:\/\/puntocritico.com\/ausajpuntocritico\/wp-content\/uploads\/2020\/01\/GUYUAU-FINAL-80x60.jpg 80w, https:\/\/puntocritico.com\/ausajpuntocritico\/wp-content\/uploads\/2020\/01\/GUYUAU-FINAL.jpg 992w\" sizes=\"auto, (max-width: 480px) 100vw, 480px\" \/><\/p>\n<p><strong>\u00a0<\/strong><\/p>\n<p style=\"text-align: justify;\"><span style=\"font-size: 14pt;\">Al concluir, no ser\u00e1 in\u00fatil que <strong>resumamos las principales ideas que hemos desarrollado<\/strong> en el presente trabajo.<\/span><\/p>\n<p style=\"text-align: justify;\"><span style=\"font-size: 14pt;\">Nuestro <strong>objeto<\/strong> consist\u00eda en investigar lo que ser\u00eda <strong>una moral sin ninguna sanci\u00f3n ni obligaci\u00f3n absoluta<\/strong>; hasta donde puede llegar la <em>ciencia positiva<\/em> por este camino y donde comienza el dominio de las <em>especulaciones metaf\u00edsicas<\/em>.<\/span><\/p>\n<p style=\"text-align: justify;\"><span style=\"font-size: 14pt;\">Evitando met\u00f3dicamente toda ley anterior y superior a los hechos, por consecuencia <em>a priori <\/em>y <em>categ\u00f3rica<\/em>, hemos debido <strong>partir de los hechos mismos para extraer de ellos una ley<\/strong>, <strong>de la realidad para obtener un ideal<\/strong>, <strong>de la naturaleza para deducir una moralidad<\/strong>. <\/span><\/p>\n<p style=\"text-align: justify;\"><span style=\"font-size: 14pt;\">Ahora bien, el hecho esencial y constitutivo de <strong>nuestra naturaleza, es que somos seres vivos, sensibles y pensantes<\/strong>; a la vida en su aspecto a la vez f\u00edsico y moral, hemos debido pedir <strong>el <em>principio de la conducta<\/em><\/strong>.<\/span><\/p>\n<p style=\"text-align: justify;\"><span style=\"font-size: 14pt;\">Es indispensable que ese principio ofrezca un doble car\u00e1cter, porque en el hombre, la vida misma se desdobla, por as\u00ed decirlo, en <strong>inconsciente<\/strong> y <strong>consciente<\/strong>.<\/span><\/p>\n<p>&nbsp;<\/p>\n<blockquote>\n<p style=\"text-align: center;\"><span style=\"font-size: 14pt; color: #008000;\"><strong>La mayor\u00eda de los moralistas no ve casi m\u00e1s que el dominio de la conciencia; no obstante, el verdadero fondo de la actividad es el inconsciente o el subconsciente.<\/strong> <\/span><\/p>\n<\/blockquote>\n<p>&nbsp;<\/p>\n<p style=\"text-align: justify;\"><span style=\"font-size: 14pt;\"><strong>La mayor\u00eda de los moralistas no ve casi m\u00e1s que el dominio de la conciencia<\/strong>; no obstante, <strong>el verdadero fondo de la actividad es el inconsciente o el subconsciente<\/strong>. <\/span><\/p>\n<p style=\"text-align: justify;\"><span style=\"font-size: 14pt;\">Es cierto que la conciencia puede reaccionar a la larga y destruir gradualmente, mediante la <strong>claridad del an\u00e1lisis<\/strong>, lo que la <em>s\u00edntesis obscura de la herencia<\/em> hab\u00eda acumulado en los individuos o en los pueblos. <\/span><\/p>\n<p style=\"text-align: justify;\"><span style=\"font-size: 14pt;\">La conciencia tiene una <strong>fuerza disolvente<\/strong> con la que no ha contado bastante la escuela utilitaria, ni a\u00fan la evolucionista. <\/span><\/p>\n<p style=\"text-align: justify;\"><span style=\"font-size: 14pt;\">De ah\u00ed la necesidad de <strong>restablecer la armon\u00eda entre la reflexi\u00f3n de la conciencia y la espontaneidad del instinto inconsciente<\/strong>; es preciso hallar un <strong>principio de acci\u00f3n que sea com\u00fan a ambas esferas<\/strong> y que, en consecuencia, <strong>al tomar conciencia de s\u00ed, llegue antes a fortificarse que a destruirse<\/strong>.<\/span><\/p>\n<p>&nbsp;<\/p>\n<blockquote>\n<p style=\"text-align: center;\"><span style=\"color: #008000;\"><strong><span style=\"font-size: 14pt;\">Es preciso hallar un principio de acci\u00f3n que sea com\u00fan a ambas esferas y que, en consecuencia, al tomar conciencia de s\u00ed, llegue antes a fortificarse que a destruirse.<\/span><\/strong><\/span><\/p>\n<\/blockquote>\n<p>&nbsp;<\/p>\n<p><a href=\"https:\/\/puntocritico.com\/ausajpuntocritico\/2024\/07\/29\/lobotomia\/\" target=\"_blank\" rel=\"noopener\" data-schema-attribute=\"\"><img loading=\"lazy\" decoding=\"async\" class=\"aligncenter wp-image-2315420\" src=\"https:\/\/puntocritico.com\/ausajpuntocritico\/wp-content\/uploads\/2025\/12\/struggle-for-life.jpeg\" alt=\"\" width=\"480\" height=\"238\" srcset=\"https:\/\/puntocritico.com\/ausajpuntocritico\/wp-content\/uploads\/2025\/12\/struggle-for-life.jpeg 526w, https:\/\/puntocritico.com\/ausajpuntocritico\/wp-content\/uploads\/2025\/12\/struggle-for-life-300x149.jpeg 300w\" sizes=\"auto, (max-width: 480px) 100vw, 480px\" \/><\/a><\/p>\n<p>&nbsp;<\/p>\n<p style=\"text-align: justify;\"><span style=\"font-size: 14pt;\">Hemos cre\u00eddo haber hallado ese principio en la vida m\u00e1s intensiva y m\u00e1s extensiva posible, en el aspecto f\u00edsico y mental. <strong>La vida, al tomar conciencia de s\u00ed, de su intensidad y de su extensi\u00f3n, no tiende a destruirse: no hace m\u00e1s que acrecentar su propia fuerza<\/strong>.<\/span><\/p>\n<p style=\"text-align: justify;\"><span style=\"font-size: 14pt;\">En el dominio de la vida <strong>hay tambi\u00e9n, sin embargo, antinomias que se producen debido a la lucha de las individualidades y a la competici\u00f3n de todos los seres por la felicidad\u00a0 y, a veces, por la existencia<\/strong>. <\/span><\/p>\n<p style=\"text-align: justify;\"><span style=\"font-size: 14pt;\">En la naturaleza la antinomia del <strong><em>struggle for life<\/em><\/strong>, no ha sido resuelta en ninguna parte; el sue\u00f1o del moralista es resolverla o, por lo menos, reducirla lo m\u00e1s posible. Para ello, <strong>el moralista se ve tentado a invocar una ley superior a la vida misma, una ley inteligible, eterna, supranatural<\/strong>. <\/span><\/p>\n<p style=\"text-align: justify;\"><span style=\"font-size: 14pt;\">Nosotros <strong>hemos renunciado a invocar esta ley, por lo menos como ley<\/strong>; hemos vuelto a colocar el mundo inteligible en el mundo de las hip\u00f3tesis, y no es de una hip\u00f3tesis que puede deducirse una ley. Por consiguiente, hemos estado de nuevo obligados a recurrir a la vida para que se rigiera a s\u00ed misma. <\/span><\/p>\n<p style=\"text-align: justify;\"><span style=\"font-size: 14pt;\">Pero <strong>entonces es una vida m\u00e1s completa y m\u00e1s amplia la que puede regir a una vida menos completa y menos amplia<\/strong>. Tal es, en efecto, la \u00fanica regla posible para una moral exclusivamente cient\u00edfica.<\/span><\/p>\n<p>&nbsp;<\/p>\n<blockquote>\n<p style=\"text-align: center;\"><strong><span style=\"font-size: 14pt;\"><span style=\"color: #008000;\">Hemos renunciado a invocar esta ley, por lo menos como ley; hemos vuelto a colocar el mundo inteligible en el mundo de las hip\u00f3tesis, y no es de una hip\u00f3tesis que puede deducirse una ley.<\/span><\/span><\/strong><\/p>\n<p style=\"text-align: center;\"><strong><span style=\"font-size: 14pt;\"><span style=\"color: #008000;\"> Por consiguiente, hemos estado de nuevo obligados a recurrir a la vida para que se rigiera a s\u00ed misma.<\/span> <\/span><\/strong><\/p>\n<\/blockquote>\n<p>&nbsp;<\/p>\n<p><img loading=\"lazy\" decoding=\"async\" class=\"aligncenter wp-image-26074\" src=\"https:\/\/puntocritico.com\/ausajpuntocritico\/wp-content\/uploads\/2020\/01\/diferencia-etica-moral-large-300x200.jpg\" alt=\"\" width=\"480\" height=\"320\" data-id=\"26074\" srcset=\"https:\/\/puntocritico.com\/ausajpuntocritico\/wp-content\/uploads\/2020\/01\/diferencia-etica-moral-large-300x200.jpg 300w, https:\/\/puntocritico.com\/ausajpuntocritico\/wp-content\/uploads\/2020\/01\/diferencia-etica-moral-large-768x512.jpg 768w, https:\/\/puntocritico.com\/ausajpuntocritico\/wp-content\/uploads\/2020\/01\/diferencia-etica-moral-large.jpg 990w\" sizes=\"auto, (max-width: 480px) 100vw, 480px\" \/><\/p>\n<p>&nbsp;<\/p>\n<blockquote>\n<p style=\"text-align: center;\"><span style=\"font-size: 14pt; color: #008000;\"><strong>El car\u00e1cter de la vida que en cierta medida nos ha permitido unir al ego\u00edsmo y al altruismo -uni\u00f3n que es la piedra filosofal de los moralistas- es lo que hemos llamado <em>la fecundidad moral.<\/em><\/strong><\/span><\/p>\n<\/blockquote>\n<p>&nbsp;<\/p>\n<p style=\"text-align: justify;\"><span style=\"font-size: 14pt;\">El car\u00e1cter de la vida que en cierta medida nos ha permitido <strong>unir al ego\u00edsmo y al altruismo <\/strong>-uni\u00f3n que es la piedra filosofal de los moralistas- es lo <strong>que hemos llamado <em>la fecundidad moral<\/em><\/strong>. <\/span><\/p>\n<p style=\"text-align: justify;\"><span style=\"font-size: 14pt;\"><strong>Es preciso que la vida individual se prodigue para los dem\u00e1s, en los dem\u00e1s, y, en caso de necesidad, se d\u00e9<\/strong>; pues bien, esta expansi\u00f3n no es contra su naturaleza, por el contrario, est\u00e1 de acuerdo con ella; mucho m\u00e1s: es la condici\u00f3n misma de la verdadera vida. <\/span><\/p>\n<p style=\"text-align: justify;\"><span style=\"font-size: 14pt;\"><strong>La <em>escuela utilitaria<\/em> se ha visto forzada a detenerse<\/strong>, con alg\u00fan titubeo, frente a esta ant\u00edtesis perpetua del yo y del t\u00fa, de lo m\u00edo y de lo tuyo, del inter\u00e9s personal y de nuestro inter\u00e9s general; pero <strong>la naturaleza viviente no se detiene ante esta divisi\u00f3n abierta y l\u00f3gicamente inflexible<\/strong>: <\/span><\/p>\n<blockquote>\n<p style=\"text-align: justify;\"><strong><span style=\"font-size: 14pt; color: #008000;\">la vida individual es pr\u00f3diga para los dem\u00e1s porque es fecunda, y es fecunda por lo mismo que es vida.<\/span><\/strong><\/p>\n<\/blockquote>\n<p>&nbsp;<\/p>\n<figure id=\"attachment_2311392\" aria-describedby=\"caption-attachment-2311392\" style=\"width: 480px\" class=\"wp-caption aligncenter\"><a href=\"https:\/\/puntocritico.com\/ausajpuntocritico\/2025\/09\/04\/ouroboros\/\" target=\"_blank\" rel=\"noopener\" data-schema-attribute=\"\"><img loading=\"lazy\" decoding=\"async\" class=\"wp-image-2311392\" src=\"https:\/\/puntocritico.com\/ausajpuntocritico\/wp-content\/uploads\/2025\/09\/ouroboros-og-300x225.webp\" alt=\"\" width=\"480\" height=\"360\" srcset=\"https:\/\/puntocritico.com\/ausajpuntocritico\/wp-content\/uploads\/2025\/09\/ouroboros-og-300x225.webp 300w, https:\/\/puntocritico.com\/ausajpuntocritico\/wp-content\/uploads\/2025\/09\/ouroboros-og-1024x768.webp 1024w, https:\/\/puntocritico.com\/ausajpuntocritico\/wp-content\/uploads\/2025\/09\/ouroboros-og-768x576.webp 768w, https:\/\/puntocritico.com\/ausajpuntocritico\/wp-content\/uploads\/2025\/09\/ouroboros-og-678x509.webp 678w, https:\/\/puntocritico.com\/ausajpuntocritico\/wp-content\/uploads\/2025\/09\/ouroboros-og-326x245.webp 326w, https:\/\/puntocritico.com\/ausajpuntocritico\/wp-content\/uploads\/2025\/09\/ouroboros-og-80x60.webp 80w, https:\/\/puntocritico.com\/ausajpuntocritico\/wp-content\/uploads\/2025\/09\/ouroboros-og-1320x990.webp 1320w, https:\/\/puntocritico.com\/ausajpuntocritico\/wp-content\/uploads\/2025\/09\/ouroboros-og.webp 1400w\" sizes=\"auto, (max-width: 480px) 100vw, 480px\" \/><\/a><figcaption id=\"caption-attachment-2311392\" class=\"wp-caption-text\"><span style=\"color: #008000;\">UROBOROS (el que se come la cola): El nombre proviene del griego antiguo \u03bf\u1f50\u03c1\u03bf\u03b2\u03cc\u03c1\u03bf\u03c2 (ouroboros), un compuesto de \u03bf\u1f50\u03c1\u03ac (our\u00e1), que significa \u00abcola\u00bb, y \u03b2\u03cc\u03c1\u03bf\u03c2 (b\u00f3ros), que significa \u00abque come\u00bb o \u00abque devora\u00bb. Por lo tanto, su traducci\u00f3n literal es \u00abel que se come la cola\u00bb. Este poderoso \u00edcono ha sido adoptado y reinterpretado por numerosas culturas a lo largo de la historia, desde el antiguo Egipto, donde se han encontrado algunas de sus primeras representaciones, hasta la alquimia, el gnosticismo y la mitolog\u00eda n\u00f3rdica. Independientemente de si se escribe con \u00abO\u00bb o con \u00abU\u00bb, el s\u00edmbolo del Ouroboros o Uroboros representa universalmente: El ciclo eterno de la vida, la muerte y el renacimiento: La serpiente que se consume a s\u00ed misma para renacer de su propia sustancia. La infinidad y la totalidad: El c\u00edrculo cerrado sin principio ni fin.<\/span><br \/>\n<span style=\"color: #008000;\">La unidad de los opuestos: La idea de que la creaci\u00f3n y la destrucci\u00f3n, la vida y la muerte, son partes inseparables de un mismo ciclo. La autosuficiencia y la renovaci\u00f3n constante.<\/span><br \/>\n<span style=\"color: #008000;\">En resumen, la elecci\u00f3n entre \u00abOuroboros\u00bb y \u00abUroboros\u00bb es una preferencia ortogr\u00e1fica sin impacto en el rico y complejo simbolismo que encierra esta figura milenaria. Ambas palabras designan a la misma serpiente que, en su eterno girar, ha fascinado a la humanidad desde tiempos inmemoriales.<\/span><\/figcaption><\/figure>\n<p>&nbsp;<\/p>\n<blockquote>\n<p style=\"text-align: center;\"><span style=\"color: #008000;\"><strong><span style=\"font-size: 14pt;\">Desde el punto de vista f\u00edsico, es una necesidad individual engendrar otro individuo; de tal manera que este otro resulta ser como una condici\u00f3n de nosotros mismos.<\/span><\/strong><\/span><\/p>\n<\/blockquote>\n<p>&nbsp;<\/p>\n<p style=\"text-align: justify;\"><span style=\"font-size: 14pt;\">Hemos visto que <strong>desde el punto de vista f\u00edsico, es una necesidad individual engendrar otro individuo<\/strong>; de tal manera que <strong>este otro resulta ser como una condici\u00f3n de nosotros mismos<\/strong>. <\/span><\/p>\n<p style=\"text-align: justify;\"><span style=\"font-size: 14pt;\"><strong>La vida,\u00a0 como el fuego, s\u00f3lo se conserva al comunicarse<\/strong>. Y esto es tan verdadero para la inteligencia como para el cuerpo; <strong>es tan imposible encerrar en si a la inteligencia como\u00a0 a la llama<\/strong>: Est\u00e1 hecha para resplandecer. <\/span><\/p>\n<p style=\"text-align: justify;\"><span style=\"font-size: 14pt;\"><strong>Igual fuerza de expansi\u00f3n en la sensibilidad<\/strong>: es necesario que compartamos nuestra alegr\u00eda, es necesario que compartamos nuestro dolor. <\/span><\/p>\n<p style=\"text-align: justify;\"><span style=\"font-size: 14pt;\"><strong>Todo nuestro ser es sociable<\/strong>: la vida desconoce las clasificaciones y las divisiones absolutas de los l\u00f3gicos y los metaf\u00edsicos; <strong>no puede ser completamente ego\u00edsta, aun cuando lo quisiese<\/strong>. <\/span><\/p>\n<p style=\"text-align: justify;\"><span style=\"font-size: 14pt;\">Estamos abiertos por todas partes, y por todas somos invasores e invadidos. Esto se debe a la ley fundamental que la biolog\u00eda nos ha proporcionado: <strong>La vida no es s\u00f3lo nutrici\u00f3n, es producci\u00f3n y fecundidad. Vivir es tanto gastar como adquirir<\/strong>.<\/span><\/p>\n<p>&nbsp;<\/p>\n<blockquote>\n<p style=\"text-align: center;\"><span style=\"font-size: 14pt; color: #008000;\"><em><strong>\u00ab&#8230;Todo nuestro ser es sociable: la vida desconoce las clasificaciones y las divisiones absolutas de los l\u00f3gicos y los metaf\u00edsicos; no puede ser completamente ego\u00edsta, aun cuando lo quisiese. <\/strong><\/em><\/span><\/p>\n<p style=\"text-align: center;\"><span style=\"font-size: 14pt; color: #008000;\"><em><strong>Estamos abiertos por todas partes, y por todas somos invasores e invadidos. Esto se debe a la ley fundamental que la biolog\u00eda nos ha proporcionado: <\/strong><\/em><\/span><\/p>\n<p style=\"text-align: center;\"><span style=\"font-size: 14pt; color: #008000;\"><em><strong>La vida no es s\u00f3lo nutrici\u00f3n, es producci\u00f3n y fecundidad. Vivir es tanto gastar como adquirir&#8230;\u00bb<\/strong><\/em><\/span><\/p>\n<\/blockquote>\n<p>&nbsp;<\/p>\n<p><a href=\"https:\/\/puntocritico.com\/ausajpuntocritico\/2021\/09\/05\/que-es-la-vida-de-erwin-schrodinger-parte-i-2\/\" target=\"_blank\" rel=\"noopener\" data-schema-attribute=\"\"><img loading=\"lazy\" decoding=\"async\" class=\"aligncenter wp-image-5130\" src=\"https:\/\/puntocritico.com\/ausajpuntocritico\/wp-content\/uploads\/2017\/09\/ErwinSch-300x199.jpg\" alt=\"Erwin Schr\u00f6dinger\" width=\"440\" height=\"292\" srcset=\"https:\/\/puntocritico.com\/ausajpuntocritico\/wp-content\/uploads\/2017\/09\/ErwinSch-300x199.jpg 300w, https:\/\/puntocritico.com\/ausajpuntocritico\/wp-content\/uploads\/2017\/09\/ErwinSch-678x452.jpg 678w, https:\/\/puntocritico.com\/ausajpuntocritico\/wp-content\/uploads\/2017\/09\/ErwinSch.jpg 680w\" sizes=\"auto, (max-width: 440px) 100vw, 440px\" \/><\/a><\/p>\n<p>&nbsp;<\/p>\n<p style=\"text-align: justify;\"><span style=\"font-size: 14pt;\">Despu\u00e9s de haber planteado esta ley general de la vida f\u00edsica y ps\u00edquica, <strong>hemos investigado c\u00f3mo se pod\u00eda extraer de ella una especie de equivalente de la obligaci\u00f3n<\/strong>.<\/span><\/p>\n<p style=\"text-align: justify;\"><span style=\"font-size: 14pt;\"><strong>\u00bfQu\u00e9 es, en suma, la obligaci\u00f3n para quien no admite imperativo absoluto, ni ley trascendente?<\/strong> Una determinada <strong>forma de impulso<\/strong>. <\/span><\/p>\n<p style=\"text-align: justify;\"><span style=\"font-size: 14pt;\">En efecto, anal\u00edcese <em>la obligaci\u00f3n moral<\/em>, <em>el deber<\/em>, <em>la ley moral<\/em>; lo que les da el car\u00e1cter activo es el impulso inseparable de ellos, la fuerza que exige ser utilizada.\u00a0<\/span><span style=\"font-size: 14pt;\">Pues bien, <strong>esta fuerza impulsiva nos ha parecido el primer equivalente natural del deber <em>supranatural<\/em><\/strong>.<\/span><\/p>\n<p>&nbsp;<\/p>\n<blockquote>\n<p style=\"text-align: center;\"><span style=\"color: #008000;\"><strong><span style=\"font-size: 14pt;\">Anal\u00edcese <em>la obligaci\u00f3n moral<\/em>, <em>el deber<\/em>, <em>la ley moral<\/em>; lo que les da el car\u00e1cter activo es el impulso inseparable de ellos, la fuerza que exige ser utilizada.\u00a0<\/span><\/strong><\/span><\/p>\n<p style=\"text-align: center;\"><span style=\"color: #008000;\"><strong><span style=\"font-size: 14pt;\">Pues bien, esta fuerza impulsiva nos ha parecido el primer equivalente natural del deber <em>supranatural<\/em>.<\/span><\/strong><\/span><\/p>\n<\/blockquote>\n<p>&nbsp;<\/p>\n<p style=\"text-align: justify;\"><span style=\"font-size: 14pt;\">Los <em>utilitarios<\/em> est\u00e1n demasiado absorbidos todav\u00eda por consideraciones de finalidad; no miran m\u00e1s que el fin que es para ellos <strong>la utilidad, a su vez reductible al placer<\/strong>. <strong>Son <em>hedonistas<\/em><\/strong>, es decir, <strong>hacen de los placeres, bajo una forma ego\u00edsta o simp\u00e1tica el gran resorte de la vida mental<\/strong>. <\/span><\/p>\n<p style=\"text-align: justify;\"><span style=\"font-size: 14pt;\">Nosotros, por el contrario, nos. colocamos en el punto de vista de la <strong>causalidad eficiente<\/strong> y no de la <em>finalidad<\/em>; <strong>comprobamos en nosotros la existencia de una causa que obra a\u00fan antes que el atractivo del placer como fin<\/strong>: <\/span><\/p>\n<blockquote>\n<p style=\"text-align: justify;\"><strong><span style=\"font-size: 14pt;\"><span style=\"color: #008000;\">esta causa es la vida, que por ser naturaleza misma tiende a crecer y a prodigarse, hallando as\u00ed, como consecuencia, al placer, pero sin tomarlo como fin.<\/span> <\/span><\/strong><\/p>\n<\/blockquote>\n<p>&nbsp;<\/p>\n<p style=\"text-align: justify;\"><span style=\"font-size: 14pt;\"><strong>El ser vivo, no es pura y simplemente un calculador<\/strong>, como quiere <a href=\"https:\/\/www.britannica.com\/money\/Jeremy-Bentham\" target=\"_blank\" rel=\"noopener\" data-schema-attribute=\"\"><strong>Bentham<\/strong><\/a>, un financiero que hace en su libro mayor el balance de los beneficios y las p\u00e9rdidas: <\/span><\/p>\n<blockquote>\n<p style=\"text-align: justify;\"><span style=\"color: #008000;\"><strong><span style=\"font-size: 14pt;\">vivir no es calcular, es obrar.<\/span><\/strong><\/span><\/p>\n<\/blockquote>\n<p>&nbsp;<\/p>\n<figure id=\"attachment_1650834\" aria-describedby=\"caption-attachment-1650834\" style=\"width: 400px\" class=\"wp-caption aligncenter\"><img loading=\"lazy\" decoding=\"async\" class=\"wp-image-1650834\" src=\"https:\/\/puntocritico.com\/ausajpuntocritico\/wp-content\/uploads\/2021\/01\/panoptico-bentham.png\" alt=\"\" width=\"400\" height=\"289\" \/><figcaption id=\"caption-attachment-1650834\" class=\"wp-caption-text\"><span style=\"color: #008000;\">Pan\u00f3ptico (Bentham)<\/span><\/figcaption><\/figure>\n<p>&nbsp;<\/p>\n<blockquote>\n<p style=\"text-align: center;\"><span style=\"color: #008000;\"><strong><span style=\"font-size: 14pt;\">Hay en el ser vivo una acumulaci\u00f3n de fuerza, una reserva de actividad que se utiliza no por el placer de gastarla, sino porque es preciso gastarla: una causa no puede dejar de producir sus efectos, a\u00fan sin consideraci\u00f3n de fin.<\/span><\/strong><\/span><\/p>\n<\/blockquote>\n<p>&nbsp;<\/p>\n<p style=\"text-align: justify;\"><span style=\"font-size: 14pt;\">Hay en el ser vivo una acumulaci\u00f3n de fuerza, una reserva de actividad que se utiliza no por el placer de gastarla, sino porque es preciso gastarla: una causa no puede dejar de producir sus efectos, a\u00fan sin consideraci\u00f3n de fin.<\/span><\/p>\n<p style=\"text-align: justify;\"><span style=\"font-size: 14pt;\"><strong>Hemos llegado as\u00ed a nuestra f\u00f3rmula fundamental<\/strong>: <\/span><\/p>\n<blockquote>\n<p style=\"text-align: justify;\"><strong><span style=\"font-size: 14pt; color: #008000;\">el deber es s\u00f3lo una expresi\u00f3n derivada del poder que tiende a pasar necesariamente al acto. <\/span><\/strong><\/p>\n<\/blockquote>\n<p>&nbsp;<\/p>\n<p style=\"text-align: justify;\"><span style=\"font-size: 14pt;\"><strong>No llamamos deber m\u00e1s que al poder que supera a la realidad<\/strong>, que llega a ser en relaci\u00f3n a ella un ideal, convirti\u00e9ndose en lo que debe ser, porque es lo que puede ser, porque es el germen del porvenir que desborda ya del presente.<\/span><\/p>\n<p>&nbsp;<\/p>\n<blockquote>\n<p style=\"text-align: center;\"><strong><span style=\"font-size: 14pt;\"><span style=\"color: #008000;\">No llamamos deber m\u00e1s que al poder que supera a la realidad, que llega a ser en relaci\u00f3n a ella un ideal, convirti\u00e9ndose en lo que debe ser, porque es lo que puede ser, porque es el germen del porvenir que desborda ya del presente.<\/span> <\/span><\/strong><\/p>\n<\/blockquote>\n<p>&nbsp;<\/p>\n<p><img loading=\"lazy\" decoding=\"async\" class=\"aligncenter wp-image-21134\" src=\"https:\/\/puntocritico.com\/ausajpuntocritico\/wp-content\/uploads\/2019\/08\/ROTO-ideales.jpg\" alt=\"\" width=\"380\" height=\"430\" \/><\/p>\n<p>&nbsp;<\/p>\n<p style=\"text-align: justify;\"><span style=\"font-size: 14pt;\"><strong>Ning\u00fan principio sobrenatural en nuestra moral; todo se deriva de la vida misma y de la fuerza inherente a la vida<\/strong>: <\/span><\/p>\n<blockquote>\n<p style=\"text-align: justify;\"><span style=\"color: #008000;\"><strong><span style=\"font-size: 14pt;\">la vida se dicta su\u00a0misma ley por su aspiraci\u00f3n a desarrollarse incesantemente; por su poder de acci\u00f3n se dicta su obligaci\u00f3n a obrar.<\/span><\/strong><\/span><\/p>\n<\/blockquote>\n<p>&nbsp;<\/p>\n<p style=\"text-align: justify;\"><span style=\"font-size: 14pt;\">Hemos demostrado que, en lugar de decir: <strong><em>debo, luego puedo<\/em>, es m\u00e1s cierto decir: <em>puedo, luego debo<\/em><\/strong>. <\/span><span style=\"font-size: 14pt;\">De ah\u00ed la <strong>existencia de un determinado deber impersonal creado por el poder mismo para obrar<\/strong>. Tal es el primer equivalente natural del deber m\u00edstico y trascendente.<\/span><\/p>\n<p style=\"text-align: justify;\"><span style=\"font-size: 14pt;\"><strong>Hemos hallado el segundo equivalente en la teor\u00eda de las ideas-fuerzas sostenida por un fil\u00f3sofo contempor\u00e1neo<\/strong>: <\/span><\/p>\n<blockquote>\n<p style=\"text-align: justify;\"><span style=\"font-size: 14pt; color: #008000;\"><strong>la idea misma de la acci\u00f3n superior, como la de toda acci\u00f3n, es una fuerza que tiende a realizarla.<\/strong> <\/span><\/p>\n<\/blockquote>\n<p>&nbsp;<\/p>\n<p style=\"text-align: justify;\"><span style=\"font-size: 14pt;\">Ya la idea misma es el comienzo de la realizaci\u00f3n de la acci\u00f3n superior; desde ese punto de vista, <strong>la obligaci\u00f3n no es m\u00e1s que el sentimiento de la profunda identidad que existe entre el pensamiento y la acci\u00f3n<\/strong>; es por esto mismo el sentimiento de la unidad del ser, de la unidad de la vida.\u00a0<\/span><span style=\"font-size: 14pt;\"><strong>El que no adecua su acci\u00f3n a su m\u00e1s alto pensamiento, est\u00e1 en lucha consigo mismo, dividido interiormente<\/strong>.<\/span><\/p>\n<p>&nbsp;<\/p>\n<blockquote>\n<p style=\"text-align: center;\"><strong><span style=\"font-size: 14pt;\"><span style=\"color: #008000;\">El que no adecua su acci\u00f3n a su m\u00e1s alto pensamiento, est\u00e1 en lucha consigo mismo, dividido interiormente.<\/span> <\/span><\/strong><\/p>\n<\/blockquote>\n<p>&nbsp;<\/p>\n<p><a href=\"https:\/\/puntocritico.com\/ausajpuntocritico\/2024\/10\/02\/rene-magritte\/\" target=\"_blank\" rel=\"noopener\" data-schema-attribute=\"\"><img loading=\"lazy\" decoding=\"async\" class=\"aligncenter wp-image-1248230\" src=\"https:\/\/puntocritico.com\/ausajpuntocritico\/wp-content\/uploads\/2020\/10\/Lucha-por-el-derecho-6-300x161.jpg\" alt=\"\" width=\"480\" height=\"258\" srcset=\"https:\/\/puntocritico.com\/ausajpuntocritico\/wp-content\/uploads\/2020\/10\/Lucha-por-el-derecho-6-300x161.jpg 300w, https:\/\/puntocritico.com\/ausajpuntocritico\/wp-content\/uploads\/2020\/10\/Lucha-por-el-derecho-6-610x327.jpg 610w, https:\/\/puntocritico.com\/ausajpuntocritico\/wp-content\/uploads\/2020\/10\/Lucha-por-el-derecho-6-678x365.jpg 678w, https:\/\/puntocritico.com\/ausajpuntocritico\/wp-content\/uploads\/2020\/10\/Lucha-por-el-derecho-6.jpg 680w\" sizes=\"auto, (max-width: 480px) 100vw, 480px\" \/><\/a><\/p>\n<p>&nbsp;<\/p>\n<p style=\"text-align: justify;\"><span style=\"font-size: 14pt;\">Tambi\u00e9n en ese punto es sobrepasado el <strong><em>hedonismo<\/em><\/strong>; <strong>no se trata de calcular los placeres, de llevar una contabilidad y perseguir una finalidad; se trata de ser y de vivir, de sentirse existir y vivir, de obrar como se es y como se vive, de no ser una especie de mentira en acci\u00f3n, sino una verdad en acci\u00f3n<\/strong>.<\/span><\/p>\n<p>&nbsp;<\/p>\n<blockquote>\n<p style=\"text-align: center;\"><strong><span style=\"font-size: 14pt; color: #008000;\">no se trata de calcular los placeres, de llevar una contabilidad y perseguir una finalidad; se trata de ser y de vivir, de sentirse existir y vivir, de obrar como se es y como se vive, de no ser una especie de mentira en acci\u00f3n, sino una verdad en acci\u00f3n.<\/span><\/strong><\/p>\n<\/blockquote>\n<p>&nbsp;<\/p>\n<p style=\"text-align: justify;\"><span style=\"font-size: 14pt;\"><strong>Un tercer equivalente del deber est\u00e1 tomado de la sensibilidad, no ya, como los precedentes, de la inteligencia y la actividad<\/strong>. <\/span><\/p>\n<p style=\"text-align: justify;\"><span style=\"font-size: 14pt;\">De la fusi\u00f3n creciente de las sensibilidades y el car\u00e1cter cada vez m\u00e1s sociable de los placeres elevados, surge una especie de deber o necesidad superior, que nos impulsa tambi\u00e9n natural y racionalmente hacia los dem\u00e1s.<\/span><\/p>\n<p>&nbsp;<\/p>\n<blockquote>\n<p style=\"text-align: center;\"><strong><span style=\"font-size: 14pt;\"><span style=\"color: #008000;\">De la fusi\u00f3n creciente de las sensibilidades y el car\u00e1cter cada vez m\u00e1s sociable de los placeres elevados, surge una especie de deber o necesidad superior, que nos impulsa tambi\u00e9n natural y racionalmente hacia los dem\u00e1s.<\/span> <\/span><\/strong><\/p>\n<p style=\"text-align: center;\"><span style=\"color: #008000;\"><strong><span style=\"font-size: 14pt;\">Nuestro medio, al que mejor nos adaptamos cada d\u00eda, es la sociedad humana, y ya no podemos ser dichosos fuera de ella, como no podemos respirar fuera del aire.<\/span><\/strong><\/span><\/p>\n<\/blockquote>\n<p>&nbsp;<\/p>\n<p style=\"text-align: justify;\"><span style=\"font-size: 14pt;\">E<strong>n virtud de la evoluci\u00f3n nuestros placeres se ampl\u00edan y llegan a ser cada vez m\u00e1s impersonales; no podemos gozar en nuestro yo como en una isla cerrada<\/strong>; nuestro medio, al que mejor nos adaptamos cada d\u00eda, es la sociedad humana, y ya <strong>no podemos ser dichosos fuera de ella<\/strong>, como no podemos respirar fuera del aire. <\/span><\/p>\n<p style=\"text-align: justify;\"><span style=\"font-size: 14pt;\">La felicidad puramente ego\u00edsta de ciertos <em>epic\u00fareos<\/em>, es una quimera, una abstracci\u00f3n, una imposibilidad; los verdaderos placeres humanos son todos m\u00e1s o menos sociales. <strong>El ego\u00edsmo puro, como lo hemos dicho, en lugar de ser una real afirmaci\u00f3n del yo, es una mutilaci\u00f3n del yo<\/strong>.<\/span><\/p>\n<p>&nbsp;<\/p>\n<p><a href=\"https:\/\/puntocritico.com\/ausajpuntocritico\/2025\/10\/22\/egoismo-y-soledad-tocqueville\/\" target=\"_blank\" rel=\"noopener\" data-schema-attribute=\"\"><img loading=\"lazy\" decoding=\"async\" class=\"aligncenter wp-image-2313502\" src=\"https:\/\/puntocritico.com\/ausajpuntocritico\/wp-content\/uploads\/2025\/10\/EGOISMO-Y-SOLEDAD-dibujo-PPAL-300x169.jpg\" alt=\"\" width=\"480\" height=\"270\" srcset=\"https:\/\/puntocritico.com\/ausajpuntocritico\/wp-content\/uploads\/2025\/10\/EGOISMO-Y-SOLEDAD-dibujo-PPAL-300x169.jpg 300w, https:\/\/puntocritico.com\/ausajpuntocritico\/wp-content\/uploads\/2025\/10\/EGOISMO-Y-SOLEDAD-dibujo-PPAL.jpg 678w\" sizes=\"auto, (max-width: 480px) 100vw, 480px\" \/><\/a><\/p>\n<p>&nbsp;<\/p>\n<p style=\"text-align: justify;\"><span style=\"font-size: 14pt;\">De esta forma, hay en nuestra actividad, en nuestra inteligencia, en nuestra sensibilidad, <strong>una presi\u00f3n que se ejerce en el sentido altruista, hay una fuerza de expansi\u00f3n tan potente, como la que obra en los astros<\/strong>; y es esta fuerza de expansi\u00f3n, la que, <strong>al tomar conciencia de su poder, se designa a s\u00ed misma con el nombre de <em>deber<\/em><\/strong>.<\/span><\/p>\n<p>&nbsp;<\/p>\n<blockquote>\n<p style=\"text-align: center;\"><span style=\"color: #008000;\"><em><strong><span style=\"font-size: 14pt;\">\u00ab&#8230;hay en nuestra actividad, en nuestra inteligencia, en nuestra sensibilidad, una presi\u00f3n que se ejerce en el sentido altruista, hay una fuerza de expansi\u00f3n tan potente, como la que obra en los astros; y es esta fuerza de expansi\u00f3n, la que, al tomar conciencia de su poder, se designa a s\u00ed misma con el nombre de deber&#8230;\u00bb<\/span><\/strong><\/em><\/span><\/p>\n<\/blockquote>\n<p>&nbsp;<\/p>\n<p style=\"text-align: justify;\"><span style=\"font-size: 14pt;\"><strong>He aqu\u00ed el tesoro de espontaneidad natural que es la vida, y que crea al mismo tiempo la riqueza moral<\/strong>. <\/span><\/p>\n<p style=\"text-align: justify;\"><span style=\"font-size: 14pt;\">Pero, como lo hemos visto,<strong> la reflexi\u00f3n puede hallarse en oposici\u00f3n a la espontaneidad natural<\/strong>, <strong>puede trabajar para restringir en conjunto el poder y el deber de sociabilidad<\/strong>, cuando la fuerza de expansi\u00f3n hacia los dem\u00e1s se halla, por azar, en oposici\u00f3n con la fuerza de gravitaci\u00f3n sobre s\u00ed. <\/span><\/p>\n<p style=\"text-align: justify;\"><span style=\"font-size: 14pt;\">A pesar de que la lucha por la vida ha disminuido con el progreso de la evoluci\u00f3n, reaparece en ciertas circunstancias que son todav\u00eda frecuentes en nuestros d\u00edas. <strong>\u00bfC\u00f3mo llevar entonces al individuo, sin ley imperativa, a un desinter\u00e9s definitivo y, a veces, al sacrificio de s\u00ed mismo?<\/strong><\/span><\/p>\n<p>&nbsp;<\/p>\n<blockquote>\n<p style=\"text-align: center;\"><span style=\"color: #008000;\"><strong><span style=\"font-size: 14pt;\">A pesar de que la lucha por la vida ha disminuido con el progreso de la evoluci\u00f3n, reaparece en ciertas circunstancias que son todav\u00eda frecuentes en nuestros d\u00edas. <\/span><\/strong><\/span><\/p>\n<p style=\"text-align: center;\"><span style=\"color: #008000;\"><strong><span style=\"font-size: 14pt;\">\u00bfC\u00f3mo llevar entonces al individuo, sin ley imperativa, a un desinter\u00e9s definitivo y, a veces, al sacrificio de s\u00ed mismo?<\/span><\/strong><\/span><\/p>\n<\/blockquote>\n<p>&nbsp;<\/p>\n<p><img loading=\"lazy\" decoding=\"async\" class=\"aligncenter wp-image-26070\" src=\"https:\/\/puntocritico.com\/ausajpuntocritico\/wp-content\/uploads\/2020\/01\/GUYUAU-FINAL-2.png\" alt=\"\" width=\"330\" height=\"326\" data-id=\"26070\" srcset=\"https:\/\/puntocritico.com\/ausajpuntocritico\/wp-content\/uploads\/2020\/01\/GUYUAU-FINAL-2.png 450w, https:\/\/puntocritico.com\/ausajpuntocritico\/wp-content\/uploads\/2020\/01\/GUYUAU-FINAL-2-300x296.png 300w\" sizes=\"auto, (max-width: 330px) 100vw, 330px\" \/><\/p>\n<p>&nbsp;<\/p>\n<p style=\"text-align: justify;\"><span style=\"font-size: 14pt;\"><strong>Adem\u00e1s de esos m\u00f3viles<\/strong> que hemos examinado con anterioridad y que, en circunstancias normales, obran constantemente, <strong>hallamos otros que hemos llamado <em>amor al riesgo f\u00edsico y amor al riesgo moral<\/em><\/strong>. <\/span><\/p>\n<p style=\"text-align: justify;\"><span style=\"font-size: 14pt;\"><strong>El hombre es un ser inclinado a la especulaci\u00f3n, no s\u00f3lo en teor\u00eda, sino en la pr\u00e1ctica<\/strong>. Su pensamiento y su acci\u00f3n no desaparecen porque acabe la certidumbre.<\/span><\/p>\n<p>&nbsp;<\/p>\n<blockquote>\n<p style=\"text-align: center;\"><strong><span style=\"font-size: 14pt;\"><span style=\"color: #008000;\">El hombre es un ser inclinado a la especulaci\u00f3n, no s\u00f3lo en teor\u00eda, sino en la pr\u00e1ctica. <\/span><\/span><\/strong><\/p>\n<p style=\"text-align: center;\"><strong><span style=\"font-size: 14pt;\"><span style=\"color: #008000;\">Su pensamiento y su acci\u00f3n no desaparecen porque acabe la certidumbre.<\/span> <\/span><\/strong><\/p>\n<\/blockquote>\n<p>&nbsp;<\/p>\n<p style=\"text-align: justify;\"><span style=\"font-size: 14pt;\"><strong>La ley categ\u00f3rica puede ser sustituida por una pura hip\u00f3tesis especulativa<\/strong>; de la misma forma, <strong>la fe dogm\u00e1tica es sustituida por una pura esperanza, y la afirmaci\u00f3n, por la acci\u00f3n<\/strong>. <\/span><\/p>\n<p style=\"text-align: justify;\"><span style=\"font-size: 14pt;\"><strong>La hip\u00f3tesis especulativa es un\u00a0 riesgo para el pensamiento, la acci\u00f3n ejecutada de acuerdo a esa hip\u00f3tesis es un riesgo para la voluntad<\/strong>; el <strong><em>ser superior<\/em><\/strong> es quien m\u00e1s emprende y m\u00e1s arriesga, ya sea con su pensamiento, ya con sus actos. <\/span><\/p>\n<p style=\"text-align: justify;\"><span style=\"font-size: 14pt;\"><strong>Esta superioridad es producto de un mayor tesoro de fuerza interior<\/strong>. del mayor poder que el individuo posee; por eso mismo, tiene un deber superior.<\/span><\/p>\n<p>&nbsp;<\/p>\n<blockquote>\n<p style=\"text-align: center;\"><span style=\"color: #008000;\"><strong><span style=\"font-size: 14pt;\">El <em>ser superior<\/em> es quien m\u00e1s emprende y m\u00e1s arriesga, ya sea con su pensamiento, ya con sus actos. <\/span><\/strong><\/span><\/p>\n<p style=\"text-align: center;\"><span style=\"color: #008000;\"><strong><span style=\"font-size: 14pt;\">Esta superioridad es producto de un mayor tesoro de fuerza interior. del mayor poder que el individuo posee; por eso mismo, tiene un deber superior.<\/span><\/strong><\/span><\/p>\n<\/blockquote>\n<p>&nbsp;<\/p>\n<p><a href=\"https:\/\/puntocritico.com\/ausajpuntocritico\/2023\/08\/25\/la-compatibilidad-de-la-libertad-individual-con-la-seguridad-estatal\/\" target=\"_blank\" rel=\"noopener\" data-schema-attribute=\"\"><img loading=\"lazy\" decoding=\"async\" class=\"aligncenter wp-image-2285529\" src=\"https:\/\/puntocritico.com\/ausajpuntocritico\/wp-content\/uploads\/2023\/08\/La-compatibilidad-de-la-libertad-individual-con-la-seguridad-estatal-OK-300x199.jpg\" alt=\"\" width=\"440\" height=\"292\" srcset=\"https:\/\/puntocritico.com\/ausajpuntocritico\/wp-content\/uploads\/2023\/08\/La-compatibilidad-de-la-libertad-individual-con-la-seguridad-estatal-OK-300x199.jpg 300w, https:\/\/puntocritico.com\/ausajpuntocritico\/wp-content\/uploads\/2023\/08\/La-compatibilidad-de-la-libertad-individual-con-la-seguridad-estatal-OK-678x452.jpg 678w, https:\/\/puntocritico.com\/ausajpuntocritico\/wp-content\/uploads\/2023\/08\/La-compatibilidad-de-la-libertad-individual-con-la-seguridad-estatal-OK.jpg 680w\" sizes=\"auto, (max-width: 440px) 100vw, 440px\" \/><\/a><\/p>\n<p>&nbsp;<\/p>\n<p style=\"text-align: justify;\"><span style=\"font-size: 14pt;\"><strong>Hasta el mismo sacrificio de la vida puede ser tambi\u00e9n, en ciertos casos, una expansi\u00f3n de \u00e9sta<\/strong>, que ha llegado a ser lo suficientemente intensa como para preferir un impulso\u00a0 de sublime exaltaci\u00f3n, a a\u00f1os a ras de tierra. <\/span><\/p>\n<p style=\"text-align: justify;\"><span style=\"font-size: 14pt;\">C<\/span><span style=\"font-size: 14pt;\">omo hemos visto, <strong>hay momentos en que es posible decir a la vez: <em>vivo, he vivido<\/em><\/strong>. Si algunas agon\u00edas f\u00edsicas y morales duran a\u00f1os, y si se puede, por as\u00ed decirlo, morir por s\u00ed mismo durante toda una existencia, lo inverso es tambi\u00e9n verdadero, y <strong>se puede concentrar una vida en un momento de amor y de sacrificio<\/strong>.<\/span><\/p>\n<p style=\"text-align: justify;\"><span style=\"font-size: 14pt;\">Finalmente, <strong>de la misma forma que la vida se dicta su obligaci\u00f3n de obrar debido a su poder mismo para obrar, se dicta tambi\u00e9n su sanci\u00f3n por su acci\u00f3n misma<\/strong>, porque al obrar goza, al obrar menos goza menos y al obrar m\u00e1s, goza m\u00e1s. <\/span><\/p>\n<p style=\"text-align: justify;\"><span style=\"font-size: 14pt;\">Aun al darse, la vida se recupera, hasta al morir tiene conciencia de su plenitud que, por lo dem\u00e1s, reaparecer\u00e1 como indestructible bajo otras formas, porque <strong>en el mundo nada se pierde<\/strong>.<\/span><\/p>\n<p style=\"text-align: justify;\"><span style=\"font-size: 14pt;\">En suma, <strong>la potencia de la vida y la acci\u00f3n son los \u00fanicos que pueden resolver, sino enteramente, por lo menos en parte, los problemas que se plantea el pensamiento abstracto<\/strong>.<\/span><\/p>\n<p>&nbsp;<\/p>\n<blockquote>\n<p style=\"text-align: center;\"><span style=\"color: #008000;\"><strong><span style=\"font-size: 14pt;\">El esc\u00e9ptico, tanto en moral como en metaf\u00edsica, cree que se equivoca, y, con \u00e9l, todos los dem\u00e1s, que la humanidad se equivocar\u00e1 siempre, que el pretendido progreso es un pataleo sobre el mismo sitio; est\u00e1 equivocado.<\/span><\/strong><\/span><\/p>\n<\/blockquote>\n<p>&nbsp;<\/p>\n<p><a href=\"https:\/\/puntocritico.com\/ausajpuntocritico\/2025\/12\/12\/de-la-esclavitud-humana-o-de-la-fuerza-de-los-afectos-por-baruch-spinoza-etica-capitulo-4-prologo\/\" target=\"_blank\" rel=\"noopener\" data-schema-attribute=\"\"><img loading=\"lazy\" decoding=\"async\" class=\"aligncenter wp-image-22388\" src=\"https:\/\/puntocritico.com\/ausajpuntocritico\/wp-content\/uploads\/2019\/10\/Animal-piensa-principal-300x169.jpg\" alt=\"\" width=\"440\" height=\"247\" srcset=\"https:\/\/puntocritico.com\/ausajpuntocritico\/wp-content\/uploads\/2019\/10\/Animal-piensa-principal-300x169.jpg 300w, https:\/\/puntocritico.com\/ausajpuntocritico\/wp-content\/uploads\/2019\/10\/Animal-piensa-principal.jpg 678w\" sizes=\"auto, (max-width: 440px) 100vw, 440px\" \/><\/a><\/p>\n<p>&nbsp;<\/p>\n<p style=\"text-align: justify;\"><span style=\"font-size: 14pt;\"><strong>El esc\u00e9ptico, tanto en moral como en metaf\u00edsica, cree que se equivoca, y, con \u00e9l, todos los dem\u00e1s<\/strong>, que la humanidad se equivocar\u00e1 siempre, que el pretendido progreso es un pataleo sobre el mismo sitio; est\u00e1 equivocado. <\/span><\/p>\n<p style=\"text-align: justify;\"><span style=\"font-size: 14pt;\"><strong>No ve que nuestros padres nos han ahorrado los mismos errores en que ellos cayeron y que nosotros ahorraremos los nuestros a nuestros descendientes<\/strong>; no ve que, por otra parte, en todos los errores hay algo de verdad y que esa peque\u00f1a parte de verdad va creciendo poco a poco y afirm\u00e1ndose. <\/span><\/p>\n<p style=\"text-align: justify;\"><span style=\"font-size: 14pt;\">Por otro lado, <strong>el que tiene la fe dogm\u00e1tica cree poseer, con exclusi\u00f3n de todos, la verdad completa, definida e imperativa<\/strong>; no tiene raz\u00f3n. No ve que <strong>con toda verdad hay errores mezclados<\/strong>, que en el pensamiento del hombre <strong>no hay todav\u00eda nada suficientemente perfecto como para ser definitivo<\/strong>. <\/span><\/p>\n<p style=\"text-align: justify;\"><span style=\"font-size: 14pt;\"><strong>El primero cree que la humanidad no avanza, el segundo que ha llegado a su destino; hay un t\u00e9rmino medio entre ambas hip\u00f3tesis<\/strong>: <\/span><\/p>\n<blockquote>\n<p style=\"text-align: justify;\"><span style=\"color: #008000;\"><strong><span style=\"font-size: 14pt;\">es preciso decirse que la humanidad est\u00e1 en marcha y marchar uno mismo. El trabajo, como se ha dicho, vale por la oraci\u00f3n; vale m\u00e1s que la oraci\u00f3n, o, mejor a\u00fan, es la verdadera oraci\u00f3n, la verdadera providencia humana: obremos en lugar de orar.<\/span><\/strong><\/span><\/p>\n<\/blockquote>\n<p>&nbsp;<\/p>\n<p><a href=\"https:\/\/puntocritico.com\/ausajpuntocritico\/2025\/08\/04\/el-fin-y-los-medios\/\" target=\"_blank\" rel=\"noopener\" data-schema-attribute=\"\"><img loading=\"lazy\" decoding=\"async\" class=\"aligncenter wp-image-2287691\" src=\"https:\/\/puntocritico.com\/ausajpuntocritico\/wp-content\/uploads\/2023\/09\/EL-FIN-JUSTIFICA-LOS-MEDIOS-puerta-catedral-OK-300x199.jpg\" alt=\"\" width=\"440\" height=\"292\" srcset=\"https:\/\/puntocritico.com\/ausajpuntocritico\/wp-content\/uploads\/2023\/09\/EL-FIN-JUSTIFICA-LOS-MEDIOS-puerta-catedral-OK-300x199.jpg 300w, https:\/\/puntocritico.com\/ausajpuntocritico\/wp-content\/uploads\/2023\/09\/EL-FIN-JUSTIFICA-LOS-MEDIOS-puerta-catedral-OK-678x452.jpg 678w, https:\/\/puntocritico.com\/ausajpuntocritico\/wp-content\/uploads\/2023\/09\/EL-FIN-JUSTIFICA-LOS-MEDIOS-puerta-catedral-OK.jpg 680w\" sizes=\"auto, (max-width: 440px) 100vw, 440px\" \/><\/a><\/p>\n<p>&nbsp;<\/p>\n<p style=\"text-align: justify;\"><span style=\"font-size: 14pt;\">No confiemos m\u00e1s que en nosotros mismos y en los otros hombres; contemos con nosotros. <strong>La esperanza, como la Providencia, ve a veces m\u00e1s adelante (<em>providere<\/em>)<\/strong>. <\/span><\/p>\n<p style=\"text-align: justify;\"><span style=\"font-size: 14pt;\"><strong>La diferencia entre la providencia sobrenatural y la esperanza natural<\/strong>, consiste en que la <strong>una pretende modificar inmediatamente a la naturaleza mediante medios sobrenaturales como ella,<\/strong> y <strong>la otra<\/strong>, en principio, <strong>s\u00f3lo nos modifica a nosotros<\/strong>; es una fuerza que no es superior a nosotros, una fuerza interior: es a nosotros a quienes lleva hacia adelante.<\/span><\/p>\n<p>&nbsp;<\/p>\n<blockquote>\n<p style=\"text-align: center;\"><span style=\"color: #008000;\"><strong><span style=\"font-size: 14pt;\">La diferencia entre la providencia sobrenatural y la esperanza natural, consiste en que la una pretende modificar inmediatamente a la naturaleza mediante medios sobrenaturales como ella, y la otra, en principio, s\u00f3lo nos modifica a nosotros<\/span><\/strong><\/span><\/p>\n<\/blockquote>\n<p>&nbsp;<\/p>\n<figure id=\"attachment_2227061\" aria-describedby=\"caption-attachment-2227061\" style=\"width: 400px\" class=\"wp-caption aligncenter\"><a href=\"https:\/\/puntocritico.com\/ausajpuntocritico\/2021\/09\/20\/quien-quiere-vivir-para-siempre\/\" target=\"_blank\" rel=\"noopener\" data-schema-attribute=\"\"><img loading=\"lazy\" decoding=\"async\" class=\"wp-image-2227061\" src=\"https:\/\/puntocritico.com\/ausajpuntocritico\/wp-content\/uploads\/2021\/09\/La-Fuente-de-la-Vida-1-300x199.jpg\" alt=\"\" width=\"400\" height=\"266\" srcset=\"https:\/\/puntocritico.com\/ausajpuntocritico\/wp-content\/uploads\/2021\/09\/La-Fuente-de-la-Vida-1-300x199.jpg 300w, https:\/\/puntocritico.com\/ausajpuntocritico\/wp-content\/uploads\/2021\/09\/La-Fuente-de-la-Vida-1-610x405.jpg 610w, https:\/\/puntocritico.com\/ausajpuntocritico\/wp-content\/uploads\/2021\/09\/La-Fuente-de-la-Vida-1-678x452.jpg 678w, https:\/\/puntocritico.com\/ausajpuntocritico\/wp-content\/uploads\/2021\/09\/La-Fuente-de-la-Vida-1.jpg 680w\" sizes=\"auto, (max-width: 400px) 100vw, 400px\" \/><\/a><figcaption id=\"caption-attachment-2227061\" class=\"wp-caption-text\"><span style=\"color: #008000;\">La fuente de la vida, de Jan Van Eyck (1390 \u2013 1441)<\/span><\/figcaption><\/figure>\n<p>&nbsp;<\/p>\n<p style=\"text-align: justify;\"><span style=\"font-size: 14pt;\"><strong>Queda por saber si vamos solos, si el mundo nos sigue<\/strong>, si el pensamiento podr\u00e1 alg\u00fan d\u00eda arrastrar a la <em>naturaleza<\/em>; avancemos siempre.<\/span><\/p>\n<p style=\"text-align: justify;\"><span style=\"font-size: 14pt;\">Estamos como sobre el <em><strong>Leviat\u00e1n<\/strong> <\/em>al que una ola hab\u00eda arrancado el tim\u00f3n y un golpe de viento roto el m\u00e1stil. <\/span><\/p>\n<p style=\"text-align: justify;\"><span style=\"font-size: 14pt;\"><strong>Estaba perdido en el oc\u00e9ano, lo mismo que nuestra Tierra en el espacio. Anduvo as\u00ed, al azar<\/strong>, empujado por la\u00a0tempestad, como un gran madero, resto de un naufragio, portador de los hombres; <strong>sin embargo lleg\u00f3<\/strong>.<\/span><\/p>\n<p>&nbsp;<\/p>\n<blockquote>\n<p style=\"text-align: center;\"><span style=\"font-size: 14pt;\"><strong><span style=\"color: #008000;\">Quiz\u00e1s nuestra Tierra y la humanidad llegar\u00e1n tambi\u00e9n a un fin ignorado que se habr\u00e1n creado a si mismas.<\/span> <\/strong><\/span><\/p>\n<\/blockquote>\n<p>&nbsp;<\/p>\n<p style=\"text-align: justify;\"><span style=\"font-size: 14pt;\"><strong>Quiz\u00e1s nuestra Tierra y la humanidad llegar\u00e1n tambi\u00e9n a un fin ignorado que se habr\u00e1n creado a si mismas<\/strong>.\u00a0<\/span><span style=\"font-size: 14pt;\"><strong>Ninguna mano nos dirige, ning\u00fan ojo vela por nosotros<\/strong>; el tim\u00f3n est\u00e1 roto hace mucho tiempo, o, m\u00e1s bien, no lo ha habido nunca, <strong>est\u00e1 por hacer: es una gran tarea, y es nuestra tarea<\/strong>.<\/span><\/p>\n<p>&nbsp;<\/p>\n<blockquote>\n<p style=\"text-align: center;\"><strong><span style=\"color: #008000;\"><span style=\"font-size: 14pt;\">N<\/span><\/span><\/strong><strong><span style=\"color: #008000;\"><span style=\"font-size: 14pt;\">inguna mano nos dirige, ning\u00fan ojo vela por nosotros; el tim\u00f3n est\u00e1 roto hace mucho tiempo, o, m\u00e1s bien, no lo ha habido nunca, est\u00e1 por hacer: es una gran tarea, y es nuestra tarea.<\/span><\/span><\/strong><\/p>\n<\/blockquote>\n<p>&nbsp;<\/p>\n<p>&nbsp;<\/p>\n<p><img loading=\"lazy\" decoding=\"async\" class=\"aligncenter wp-image-26068\" src=\"https:\/\/puntocritico.com\/ausajpuntocritico\/wp-content\/uploads\/2020\/01\/Arbol-de-la-Vida-300x156.jpg\" alt=\"\" width=\"690\" height=\"360\" data-id=\"26068\" srcset=\"https:\/\/puntocritico.com\/ausajpuntocritico\/wp-content\/uploads\/2020\/01\/Arbol-de-la-Vida-300x156.jpg 300w, https:\/\/puntocritico.com\/ausajpuntocritico\/wp-content\/uploads\/2020\/01\/Arbol-de-la-Vida-768x400.jpg 768w, https:\/\/puntocritico.com\/ausajpuntocritico\/wp-content\/uploads\/2020\/01\/Arbol-de-la-Vida.jpg 800w\" sizes=\"auto, (max-width: 690px) 100vw, 690px\" \/><\/p>\n<p>&nbsp;<\/p>\n<p class=\"entry-title\" style=\"text-align: center;\"><strong><span style=\"font-size: 18pt;\">Esbozos de una moral sin sanci\u00f3n ni obligaci\u00f3n<\/span><\/strong><\/p>\n<p style=\"text-align: center;\"><strong><span style=\"font-size: 18pt;\">FIN<\/span><\/strong><\/p>\n<p>&nbsp;<\/p>\n<p><a href=\"https:\/\/puntocritico.com\/ausajpuntocritico\/author\/punto-critico\/\"><img loading=\"lazy\" decoding=\"async\" class=\"aligncenter wp-image-48\" src=\"https:\/\/puntocritico.com\/ausajpuntocritico\/wp-content\/uploads\/2016\/11\/Mosca_Punto_Cr\u00edtico_40.png\" alt=\"\" width=\"80\" height=\"80\" data-id=\"48\" \/><\/a><\/p>\n<p>&nbsp;<\/p>\n","protected":false},"excerpt":{"rendered":"<div class=\"mh-excerpt\"><p>CONCLUSI\u00d3N INDICE de CAPITULOS\u00a0 \u00abESBOZOS DE UNA MORAL SIN SANCI\u00f3N NI OBLIGACI\u00f3N\u00bb, J. M. Guyau *** Esbozos de una moral sin sanci\u00f3n ni obligaci\u00f3n Jean-Marie Guyau PARTE 16 \u00a0\u00a0 Esbozos de una moral sin sanci\u00f3n <a class=\"mh-excerpt-more\" href=\"https:\/\/puntocritico.com\/ausajpuntocritico\/2025\/12\/21\/conclusion-esbozos-de-una-moral-sin-sancion-ni-obligacion-guyau-parte-16-final-2\/\" title=\"CONCLUSI\u00d3N (\u00abEsbozos de una moral sin sanci\u00f3n ni obligaci\u00f3n, de Jean-Marie Guyau\u00bb), PARTE 16 (final)\">[&#8230;]<\/a><\/p>\n<\/div>","protected":false},"author":3,"featured_media":26073,"comment_status":"closed","ping_status":"closed","sticky":false,"template":"","format":"standard","meta":{"_acf_changed":false,"_exactmetrics_skip_tracking":false,"_exactmetrics_sitenote_active":false,"_exactmetrics_sitenote_note":"","_exactmetrics_sitenote_category":0,"footnotes":""},"categories":[8],"tags":[180],"class_list":{"0":"post-2314889","1":"post","2":"type-post","3":"status-publish","4":"format-standard","5":"has-post-thumbnail","7":"category-filosofia","8":"tag-guyau"},"acf":[],"_links":{"self":[{"href":"https:\/\/puntocritico.com\/ausajpuntocritico\/wp-json\/wp\/v2\/posts\/2314889","targetHints":{"allow":["GET"]}}],"collection":[{"href":"https:\/\/puntocritico.com\/ausajpuntocritico\/wp-json\/wp\/v2\/posts"}],"about":[{"href":"https:\/\/puntocritico.com\/ausajpuntocritico\/wp-json\/wp\/v2\/types\/post"}],"author":[{"embeddable":true,"href":"https:\/\/puntocritico.com\/ausajpuntocritico\/wp-json\/wp\/v2\/users\/3"}],"replies":[{"embeddable":true,"href":"https:\/\/puntocritico.com\/ausajpuntocritico\/wp-json\/wp\/v2\/comments?post=2314889"}],"version-history":[{"count":0,"href":"https:\/\/puntocritico.com\/ausajpuntocritico\/wp-json\/wp\/v2\/posts\/2314889\/revisions"}],"wp:featuredmedia":[{"embeddable":true,"href":"https:\/\/puntocritico.com\/ausajpuntocritico\/wp-json\/wp\/v2\/media\/26073"}],"wp:attachment":[{"href":"https:\/\/puntocritico.com\/ausajpuntocritico\/wp-json\/wp\/v2\/media?parent=2314889"}],"wp:term":[{"taxonomy":"category","embeddable":true,"href":"https:\/\/puntocritico.com\/ausajpuntocritico\/wp-json\/wp\/v2\/categories?post=2314889"},{"taxonomy":"post_tag","embeddable":true,"href":"https:\/\/puntocritico.com\/ausajpuntocritico\/wp-json\/wp\/v2\/tags?post=2314889"}],"curies":[{"name":"wp","href":"https:\/\/api.w.org\/{rel}","templated":true}]}}