{"id":2314649,"date":"2025-12-13T00:05:26","date_gmt":"2025-12-12T23:05:26","guid":{"rendered":"https:\/\/puntocritico.com\/ausajpuntocritico\/?p=2314649"},"modified":"2025-12-13T14:50:15","modified_gmt":"2025-12-13T13:50:15","slug":"la-muerte-y-la-doncella-polansky","status":"publish","type":"post","link":"https:\/\/puntocritico.com\/ausajpuntocritico\/2025\/12\/13\/la-muerte-y-la-doncella-polansky\/","title":{"rendered":"LA MUERTE Y LA DONCELLA, pel\u00edcula de Roman Polansky (1994)"},"content":{"rendered":"<p>&nbsp;<\/p>\n<blockquote>\n<h2 class=\"elementor-heading-title elementor-size-default\" style=\"text-align: center;\"><span style=\"font-size: 24pt;\">La muerte y la doncella<\/span><\/h2>\n<p style=\"text-align: center;\"><span style=\"font-size: 14pt;\"><em><strong>Director: Roman Polanski. <\/strong><\/em><em><strong>Int\u00e9rpretes: Sigourney Weaver, Ben Kingsley, Stuart Gordon.<\/strong><\/em><\/span><\/p>\n<p style=\"text-align: justify;\"><span style=\"font-size: 14pt;\">Por Jos\u00e9 Mar\u00eda Arest\u00e9<\/span><\/p>\n<p style=\"text-align: justify;\"><span style=\"font-size: 14pt;\"><a href=\"https:\/\/www.aceprensa.com\/resenas-cine-series\/la-muerte-y-la-doncella\/\" target=\"_blank\" rel=\"noopener\">ACPrensa<\/a>, 1995<\/span><\/p>\n<p><img loading=\"lazy\" decoding=\"async\" class=\"aligncenter wp-image-2315202 size-mh-magazine-content\" src=\"https:\/\/puntocritico.com\/ausajpuntocritico\/wp-content\/uploads\/2025\/12\/Death-and-the-Maiden-678x381.jpg\" alt=\"La muerte y la doncella \" width=\"678\" height=\"381\" srcset=\"https:\/\/puntocritico.com\/ausajpuntocritico\/wp-content\/uploads\/2025\/12\/Death-and-the-Maiden-678x381.jpg 678w, https:\/\/puntocritico.com\/ausajpuntocritico\/wp-content\/uploads\/2025\/12\/Death-and-the-Maiden-300x169.jpg 300w, https:\/\/puntocritico.com\/ausajpuntocritico\/wp-content\/uploads\/2025\/12\/Death-and-the-Maiden.jpg 680w\" sizes=\"auto, (max-width: 678px) 100vw, 678px\" \/><\/p>\n<p>&nbsp;<\/p>\n<p style=\"text-align: justify;\"><span style=\"font-size: 14pt;\"><strong>Roman Polanski<\/strong> ha realizado con La muerte y la doncella, probablemente, su mejor <strong>pel\u00edcula<\/strong>. Se trata de la poderosa <strong>adaptaci\u00f3n de una obra teatral del chileno Ariel Dorfman<\/strong>, en la que <strong>Polanski<\/strong> sortea el peligro de evidenciar el origen esc\u00e9nico del argumento. Y lo hace sin renunciar a la unidad de acci\u00f3n, espacio y tiempo, que en esta ocasi\u00f3n confiere a la historia un particular sentido claustrof\u00f3bico.<\/span><\/p>\n<p style=\"text-align: justify;\"><span style=\"font-size: 14pt;\">Una casa de campo en una costa perdida de un innombrado pa\u00eds iberamericano. Noche de tormenta. <strong>Paulina<\/strong> (<strong>Sigourney Weaver<\/strong>) espera el regreso de <strong>Gerardo<\/strong> (<strong>Stuart Gordon<\/strong>), su marido. El retraso, el estallido de la tormenta y un oscuro suceso del pasado ponen sus nervios a flor de piel. Al fin llega <strong>Gerardo<\/strong>, cuyo coche ha sufrido un pinchazo. <\/span><\/p>\n<p style=\"text-align: justify;\"><span style=\"font-size: 14pt;\">Durante el percance le ha ayudado un tal doctor <strong>Miranda<\/strong> (<strong>Ben Kingsley<\/strong>). Paulina cree reconocer en \u00e9l al hombre que la tortur\u00f3 y viol\u00f3 durante la \u00e9poca dictatorial del pa\u00eds. De modo que lo retiene por la fuerza con el prop\u00f3sito de arrancarle una confesi\u00f3n, ante la mirada at\u00f3nita del marido.<\/span><\/p>\n<p style=\"text-align: justify;\"><span style=\"font-size: 14pt;\">El director sabe jugar con acierto la carta del suspense. \u00bfEs <strong>Paulina<\/strong> una desequilibrada? \u00bfO el doctor <strong>Miranda<\/strong> un c\u00ednico que negar\u00e1 a toda costa su crimen? A cada momento parece que la tortilla puede dar la vuelta. <\/span><\/p>\n<p style=\"text-align: justify;\"><span style=\"font-size: 14pt;\">A la vez que <strong>Polanski<\/strong> plantea estas cuestiones concretas, hace que floten en el ambiente otras m\u00e1s inquietantes, sobre la moralidad del comportamiento de los personajes.<\/span><\/p>\n<p style=\"text-align: justify;\"><span style=\"font-size: 14pt;\">La pel\u00edcula es de una dureza y violencia verbal inusitadas, al servicio de un fascinante cuadro de hasta d\u00f3nde puede llegar la degradaci\u00f3n humana. Los tres personajes son individuos corrientes, y, sin embargo, hay algo oscuro en ellos, la misteriosa grandeza del hombre capaz de lo mejor y lo peor\u2026 <\/span><\/p>\n<p style=\"text-align: justify;\"><span style=\"font-size: 14pt;\"><strong>Polanski<\/strong> -a partir del guion de <strong>Dorfman<\/strong> y de <strong>Rafael Yglesias<\/strong>&#8211; sugiere muchos temas: no s\u00f3lo el evidente de la conculcaci\u00f3n de los derechos humanos por parte de determinados reg\u00edmenes pol\u00edticos. Habla de tortura, perd\u00f3n y venganza, de confianza y matrimonio, de la lucha por la supervivencia, de la debilidad del ser humano\u2026<\/span><\/p>\n<p style=\"text-align: justify;\"><span style=\"font-size: 14pt;\">Una historia como \u00e9sta necesitaba tres grandes actores. La pel\u00edcula los tiene: <strong>Gordon<\/strong>, y sobre todo, <strong>Weaver<\/strong> y <strong>Kingsley<\/strong>, dan un recital de buena interpretaci\u00f3n, de saber meterse en la piel de sus personajes.<\/span><\/p>\n<p style=\"text-align: center;\"><strong><span style=\"font-size: 14pt; color: #008000;\">Habla de tortura, perd\u00f3n y venganza, de confianza y matrimonio, de la lucha por la supervivencia, de la debilidad del ser humano\u2026<\/span><\/strong><\/p>\n<\/blockquote>\n<p>&nbsp;<\/p>\n<p><img loading=\"lazy\" decoding=\"async\" class=\"aligncenter wp-image-2315203 size-full\" src=\"https:\/\/puntocritico.com\/ausajpuntocritico\/wp-content\/uploads\/2025\/12\/La-muerte-y-la-doncella-11.jpg\" alt=\"\" width=\"512\" height=\"296\" srcset=\"https:\/\/puntocritico.com\/ausajpuntocritico\/wp-content\/uploads\/2025\/12\/La-muerte-y-la-doncella-11.jpg 512w, https:\/\/puntocritico.com\/ausajpuntocritico\/wp-content\/uploads\/2025\/12\/La-muerte-y-la-doncella-11-300x173.jpg 300w\" sizes=\"auto, (max-width: 512px) 100vw, 512px\" \/><\/p>\n<p style=\"text-align: center;\"><strong><span style=\"color: #008000; font-size: 18pt;\">*******<\/span><\/strong><\/p>\n<h2 style=\"text-align: center;\"><span style=\"font-size: 24pt;\">LA MUERTE Y LA DONCELLA, pel\u00edcula de Roman Polansky (1994)<\/span><\/h2>\n<p>&nbsp;<\/p>\n<p style=\"text-align: center;\"><iframe loading=\"lazy\" src=\"https:\/\/mega.nz\/embed\/fRlw1YSb#KrsJgd1pSaP8ZlQ8Q6VlKhJLhdAxxZr5lNaagLNcWFw\" width=\"640\" height=\"360\" frameborder=\"0\" allowfullscreen=\"allowfullscreen\"><\/iframe><\/p>\n<dl class=\"movie-info\">\n<dd class=\"\"><\/dd>\n<\/dl>\n<blockquote>\n<p style=\"text-align: center;\"><span style=\"font-size: 14pt;\"><strong><span style=\"color: #008000;\">En un pa\u00eds imaginario que acaba de sufrir una terrible dictadura, viven Paulina Escobar y su marido Gerardo, un prestigioso abogado. Una noche, Gerardo tiene una aver\u00eda con su coche, pero un hombre se ofrece a ayudarle&#8230; (<a href=\"https:\/\/www.filmaffinity.com\/es\/film783685.html\" target=\"_blank\" rel=\"noopener\" data-schema-attribute=\"\">FILMAFFINITY<\/a>)<\/span><\/strong><\/span><\/p>\n<\/blockquote>\n<p>&nbsp;<\/p>\n<p><img loading=\"lazy\" decoding=\"async\" class=\"aligncenter wp-image-2315204\" src=\"https:\/\/puntocritico.com\/ausajpuntocritico\/wp-content\/uploads\/2025\/12\/xla-muerte-y-la-doncella-cartel-apaisado-300x201.jpg\" alt=\"\" width=\"400\" height=\"268\" srcset=\"https:\/\/puntocritico.com\/ausajpuntocritico\/wp-content\/uploads\/2025\/12\/xla-muerte-y-la-doncella-cartel-apaisado-300x201.jpg 300w, https:\/\/puntocritico.com\/ausajpuntocritico\/wp-content\/uploads\/2025\/12\/xla-muerte-y-la-doncella-cartel-apaisado.jpg 608w\" sizes=\"auto, (max-width: 400px) 100vw, 400px\" \/><\/p>\n<p>&nbsp;<\/p>\n<p style=\"text-align: center;\"><strong><span style=\"color: #008000; font-size: 18pt;\">*******<\/span><\/strong><\/p>\n<h2 style=\"text-align: center;\"><span style=\"font-size: 24pt;\">La muerte y la doncella<\/span><\/h2>\n<p class=\"subtitle\" style=\"text-align: center;\"><span style=\"font-size: 14pt;\"><em><strong>Sus mismos tiempos y espacios\u00a0<\/strong><\/em><\/span><\/p>\n<p class=\"subtitle\" style=\"text-align: justify;\"><span class=\"credit\" style=\"font-size: 14pt;\">Por Aar\u00f3n Rodr\u00edguez<\/span><\/p>\n<p style=\"text-align: justify;\"><span style=\"font-size: 14pt;\"><a href=\"https:\/\/cinedivergente.com\/la-muerte-y-la-doncella\/\" target=\"_blank\" rel=\"noopener\">Cine Divergente<\/a><\/span><\/p>\n<p><img loading=\"lazy\" decoding=\"async\" class=\"aligncenter wp-image-2315199 size-full\" src=\"https:\/\/puntocritico.com\/ausajpuntocritico\/wp-content\/uploads\/2025\/12\/la-muerte-y-la-doncella-4-e1460361720892.png\" alt=\"\" width=\"700\" height=\"194\" srcset=\"https:\/\/puntocritico.com\/ausajpuntocritico\/wp-content\/uploads\/2025\/12\/la-muerte-y-la-doncella-4-e1460361720892.png 700w, https:\/\/puntocritico.com\/ausajpuntocritico\/wp-content\/uploads\/2025\/12\/la-muerte-y-la-doncella-4-e1460361720892-300x83.png 300w\" sizes=\"auto, (max-width: 700px) 100vw, 700px\" \/><\/p>\n<p>&nbsp;<\/p>\n<p style=\"text-align: center;\"><span style=\"font-size: 18pt;\"><strong>-1-<\/strong><\/span><\/p>\n<p class=\"initial\" style=\"text-align: justify;\"><span style=\"font-size: 14pt;\">En los tiempos de la espectacularidad visual y los alardes del plano secuencia, resulta extra\u00f1a la comodidad con la que <strong>Roman Polanski<\/strong> es capaz de trabajar en espacios cerrados, con planos individuales, d\u00e1ndole a cada l\u00ednea de di\u00e1logo una traducci\u00f3n precisa en t\u00e9rminos de encuadre. <\/span><\/p>\n<p class=\"initial\" style=\"text-align: justify;\"><span style=\"font-size: 14pt;\">La versatilidad con la que ha encarado sus \u00faltimos trabajos teatrales es el proceso de d\u00e9cadas y d\u00e9cadas de reflexi\u00f3n sobre la manera en la que la c\u00e1mara habla del cuerpo <em>atrapado<\/em>\u00a0en un espacio.<\/span><\/p>\n<p style=\"text-align: justify;\"><span style=\"font-size: 14pt;\"><em><strong>La muerte y la doncella<\/strong><\/em>\u00a0se desarrolla en torno a tres espacios clave: la peque\u00f1a casa junto a la playa en la que acontece la acci\u00f3n, la sala del teatro en la que se abre y se cierra la pel\u00edcula, y por \u00faltimo, la sala de interrogatorios en la que <strong>Paulina Lorca<\/strong> (<strong>Sigourney Weaver<\/strong>) fue torturada y violada durante una inconcreta dictadura sudamericana de la segunda mitad del siglo XX. <\/span><\/p>\n<p style=\"text-align: justify;\"><span style=\"font-size: 14pt;\">El primer espacio corresponde al presente, al verbo, a la palabra. El segundo se anuda en torno al futuro, pero tambi\u00e9n en torno a la mascarada, a la representaci\u00f3n, a lo ficcional. El tercero se gestiona en torno al pasado, a lo imposible de reprimir, a aquello tan brutal que, en buena l\u00f3gica, no puede ser mostrado por la imagen. <\/span><\/p>\n<p style=\"text-align: justify;\"><span style=\"font-size: 14pt;\"><strong>Polanski<\/strong> tiene buen cuidado en no jugar jam\u00e1s a los\u00a0<em>flashback,<\/em>\u00a0no ofrecer planos detalle ni materiales expl\u00edcitos \u2013para ello se recomienda la consulta de \u2018<em>El bot\u00f3n de n\u00e1car<\/em> (Patricio Guzm\u00e1n, 2015)\u2019-. <\/span><\/p>\n<p style=\"text-align: justify;\"><span style=\"font-size: 14pt;\">Lo que queda de los tiempos de la barbarie es el\u00a0<em>recuerdo,<\/em>\u00a0y en su \u00fanica traducci\u00f3n posible, la\u00a0<em>palabra.<\/em><\/span><\/p>\n<p>&nbsp;<\/p>\n<p><img loading=\"lazy\" decoding=\"async\" class=\"aligncenter wp-image-2315197 size-full\" src=\"https:\/\/puntocritico.com\/ausajpuntocritico\/wp-content\/uploads\/2025\/12\/la-muerte-y-la-doncella-1-e1460361398373.png\" alt=\"\" width=\"700\" height=\"194\" srcset=\"https:\/\/puntocritico.com\/ausajpuntocritico\/wp-content\/uploads\/2025\/12\/la-muerte-y-la-doncella-1-e1460361398373.png 700w, https:\/\/puntocritico.com\/ausajpuntocritico\/wp-content\/uploads\/2025\/12\/la-muerte-y-la-doncella-1-e1460361398373-300x83.png 300w\" sizes=\"auto, (max-width: 700px) 100vw, 700px\" \/><\/p>\n<p>&nbsp;<\/p>\n<p style=\"text-align: center;\"><strong><span style=\"font-size: 18pt;\">-2-<\/span><\/strong><\/p>\n<p style=\"text-align: justify;\"><span style=\"font-size: 14pt;\">Pero es necesario ir todav\u00eda m\u00e1s despacio.<\/span><\/p>\n<p class=\"destacado\" style=\"text-align: justify;\"><span style=\"font-size: 14pt;\">A diferencia de otras pel\u00edculas en las que la hipot\u00e9tica b\u00fasqueda documental predomina sobre el resto del dispositivo,\u00a0<em><strong>La muerte y la doncella<\/strong><\/em>\u00a0se pasea con elegancia alrededor de los lugares comunes del g\u00e9nero de suspense al proponer una relaci\u00f3n indeterminada entre la v\u00edctima, sus recuerdos, la imposibilidad del perd\u00f3n y la identidad de los culpables.<\/span><\/p>\n<p style=\"text-align: justify;\"><span style=\"font-size: 14pt;\">Quiz\u00e1 se trate de una cierta instrumentalizaci\u00f3n, de una cierta manera de reducir a culpa narrativa el apilamiento de una serie de recursos propios de cualquier narraci\u00f3n s\u00f3lida de aromas cl\u00e1sicos: <\/span><\/p>\n<blockquote>\n<p style=\"text-align: justify;\"><strong><span style=\"font-size: 14pt;\"><span style=\"color: #008000;\">puntos de giro, cambios en el punto de vista y el enfoque, evoluci\u00f3n e involuci\u00f3n de los roles protagonista y antagonista.<\/span> <\/span><\/strong><\/p>\n<\/blockquote>\n<p>&nbsp;<\/p>\n<p style=\"text-align: justify;\"><span style=\"font-size: 14pt;\">Sin embargo, nos gustar\u00eda proponer una lectura de mayor profundidad. <\/span><\/p>\n<p style=\"text-align: justify;\"><span style=\"font-size: 14pt;\">El hecho de que <strong>Polanski<\/strong> genere una serie de dobleces con respecto a la hipot\u00e9tica identidad del verdugo, genera una torsi\u00f3n experiencial que traduce con mayor precisi\u00f3n que cualquier l\u00ednea de di\u00e1logo la verdadera angustia experimentada por los protagonistas.<\/span><\/p>\n<p style=\"text-align: justify;\"><span style=\"font-size: 14pt;\">Dicho con otras palabras, en el centro de<strong>\u00a0La muerte y la doncella<\/strong> no hay \u00fanicamente un ejercicio de memoria hist\u00f3rica, sino antes bien, una profunda exploraci\u00f3n con respecto a las l\u00edneas inocultables entre la culpa y la venganza. Esto se aprecia al menos en dos escenas. <\/span><\/p>\n<p style=\"text-align: justify;\"><span style=\"font-size: 14pt;\">En la primera de ellas, cuando la protagonista decide secuestrar al extra\u00f1o reci\u00e9n llegado a su casa (<strong>Ben Kingsley<\/strong>), <strong>Polanski<\/strong> rueda cada plano como si se tratara de una cinta eminentemente sexual. <\/span><\/p>\n<p style=\"text-align: justify;\"><span style=\"font-size: 14pt;\">Los elementos violentos establecen una danza de significaciones difusa en la que las agrupaciones, las colisiones de los cuerpos hablan tanto del desgarro como del placer. En un movimiento inicial, el cuerpo de la mujer emerge de las sombras apuntando con su pistola al verdugo que duerme. <\/span><\/p>\n<p style=\"text-align: justify;\"><span style=\"font-size: 14pt;\">La fabulosa iluminaci\u00f3n de la cinta genera espacios de luz y sombra, profundos choques significantes en los que se introduce ese pasado oscuro que, escrito de manera literal, impactar\u00e1 sobre el presente. <\/span><\/p>\n<p style=\"text-align: justify;\"><span style=\"font-size: 14pt;\">El verdugo est\u00e1 situado en una zona preferente de luz, mientras que el cuerpo de ella es el que genera movimiento a su alrededor mediante un aprovechamiento del plano casi circular. <\/span><\/p>\n<p style=\"text-align: justify;\"><span style=\"font-size: 14pt;\"><strong>El mal descansa, la venganza acecha<\/strong>. El mal reposa en horizontal, la venganza se desliza en vertical.<\/span><\/p>\n<p>&nbsp;<\/p>\n<p><img loading=\"lazy\" decoding=\"async\" class=\"aligncenter wp-image-2315196\" src=\"https:\/\/puntocritico.com\/ausajpuntocritico\/wp-content\/uploads\/2025\/12\/la-muerte-y-la-doncella-2-300x166.jpg\" alt=\"\" width=\"480\" height=\"265\" srcset=\"https:\/\/puntocritico.com\/ausajpuntocritico\/wp-content\/uploads\/2025\/12\/la-muerte-y-la-doncella-2-300x166.jpg 300w, https:\/\/puntocritico.com\/ausajpuntocritico\/wp-content\/uploads\/2025\/12\/la-muerte-y-la-doncella-2.jpg 608w\" sizes=\"auto, (max-width: 480px) 100vw, 480px\" \/><\/p>\n<p>&nbsp;<\/p>\n<p style=\"text-align: justify;\"><span style=\"font-size: 14pt;\">Podr\u00eda tratarse de una escena de seducci\u00f3n, como muestra el siguiente plano en el que los dos cuerpos quedan acercados hacia la posici\u00f3n del espectador, con especial relevancia de esos dos rostros que generan una diagonal ascendente dentro del encuadre. <\/span><\/p>\n<p style=\"text-align: justify;\"><span style=\"font-size: 14pt;\">La l\u00ednea, adem\u00e1s, queda reforzada por la presencia en plano de la pistola. El hipot\u00e9tico disparo que no llega a realizarse es una marca directa sobre el encuadre, una especie de l\u00ednea de puntos invisible que conecta las dos miradas de los protagonistas: <\/span><\/p>\n<blockquote>\n<p style=\"text-align: justify;\"><strong><span style=\"font-size: 14pt;\"><span style=\"color: #008000;\">los ojos cerrados de aquel que duerme, entre los ojos bien abiertos de aquella que contempla a su enemigo.<\/span> <\/span><\/strong><\/p>\n<\/blockquote>\n<p>&nbsp;<\/p>\n<p style=\"text-align: justify;\"><span style=\"font-size: 14pt;\">Y hablando de enemigos, no se nos puede escapar que despu\u00e9s del acecho, ella remarca su naturaleza predatoria con un fascinante gesto casi felino, profundamente sexual y doloroso, al deslizarse junto al cuello de \u00e9l para poder oler su perfume.<\/span><\/p>\n<p style=\"text-align: justify;\"><span style=\"font-size: 14pt;\">A partir de este momento, <strong>Polanski<\/strong> acelerar\u00e1 el ritmo de montaje para que la violencia del secuestro quede reflejada en el propio devenir enunciativo. Si bien hasta el momento la c\u00e1mara hab\u00eda mantenido una cierta posici\u00f3n equilibrada en torno a la escala de los personajes, el cambio de las fuerzas de poder tambi\u00e9n se ver\u00e1 reflejada en la manera en la que la protagonista queda literalmente engrandecida en su acto violento.<\/span><\/p>\n<p style=\"text-align: justify;\"><span style=\"font-size: 14pt;\">Ella ser\u00e1 representada varias veces o bien mediante planos cercanos, o bien mediante planos detalle de los gestos concretos que realiza para atar a su torturador, o bien mediante contra picados que realcen el tremendo poder de su acci\u00f3n en t\u00e9rminos hist\u00f3ricos y narrativos. <\/span><\/p>\n<p style=\"text-align: justify;\"><span style=\"font-size: 14pt;\">Ser\u00eda una simple\u00a0<em>boutade<\/em>\u00a0decir que <strong>Polanski<\/strong> utiliza una serie de iconos m\u00e1s o menos relacionados con el sadomasoquismo para hacer un ejercicio de replanteamiento historiogr\u00e1fico. <\/span><\/p>\n<p style=\"text-align: justify;\"><span style=\"font-size: 14pt;\">Antes bien, para entender correctamente esta secuencia, para entender por qu\u00e9 la v\u00edctima utiliza sus bragas como mordaza o por qu\u00e9 sus ademanes remiten directamente al campo de lo sexual, tenemos que tomar muy en serio una afirmaci\u00f3n de la propia protagonista apenas unos minutos despu\u00e9s:\u00a0<\/span><\/p>\n<blockquote>\n<p style=\"text-align: justify;\"><span style=\"color: #008000;\"><strong><span style=\"font-size: 14pt;\"><em>\u00abLo primero que quise fue violarle\u00bb<\/em>.<\/span><\/strong><\/span><\/p>\n<\/blockquote>\n<div class=\"post-picture\">\u00a0<\/div>\n<div class=\"post-picture\">\u00a0<\/div>\n<p><img loading=\"lazy\" decoding=\"async\" class=\"aligncenter wp-image-2315198 size-full\" src=\"https:\/\/puntocritico.com\/ausajpuntocritico\/wp-content\/uploads\/2025\/12\/la-muerte-y-la-doncella-3-e1460361601331.png\" alt=\"\" width=\"700\" height=\"194\" srcset=\"https:\/\/puntocritico.com\/ausajpuntocritico\/wp-content\/uploads\/2025\/12\/la-muerte-y-la-doncella-3-e1460361601331.png 700w, https:\/\/puntocritico.com\/ausajpuntocritico\/wp-content\/uploads\/2025\/12\/la-muerte-y-la-doncella-3-e1460361601331-300x83.png 300w\" sizes=\"auto, (max-width: 700px) 100vw, 700px\" \/><\/p>\n<p>&nbsp;<\/p>\n<p style=\"text-align: justify;\"><span style=\"font-size: 14pt;\"><strong>Polanski<\/strong>, sin duda, se tom\u00f3 muy en serio esa l\u00ednea de la obra de teatro original, hasta el punto de hacer orbitar una gran parte de la puesta en escena a su alrededor. Ah\u00ed se encuentran, precisamente, las l\u00edneas invisibles que mencion\u00e1bamos antes alrededor de la\u00a0<em>culpa<\/em>\u00a0y la\u00a0<em>venganza.<\/em>\u00a0<\/span><\/p>\n<p style=\"text-align: justify;\"><span style=\"font-size: 14pt;\">El verdadero drama representado en\u00a0<em><strong>La muerte y la doncella<\/strong><\/em>\u00a0es la imposibilidad de devolver expl\u00edcitamente el mal recibido. <\/span><\/p>\n<p style=\"text-align: justify;\"><span style=\"font-size: 14pt;\">Y es, por cierto, una tesis radicalmente importante en el caso concreto de las dictaduras homicidas de sabor totalitario. El cuerpo herido, el cuerpo violado, el cuerpo que ha hecho suya una laceraci\u00f3n hist\u00f3rica no puede tener de ninguna de las maneras una reconciliaci\u00f3n en el presente. <\/span><\/p>\n<p style=\"text-align: justify;\"><span style=\"font-size: 14pt;\">Ni siquiera aunque la protagonista intente con todas sus fuerzas recrear esa violaci\u00f3n a la que se vio sometida puede torcer la verdad del presente de tal manera que encuentre a la vez consuelo, paz y justicia. <\/span><\/p>\n<p style=\"text-align: justify;\"><span style=\"font-size: 14pt;\">Muy al contrario, lo que los encuadres de <strong>Polanski<\/strong> est\u00e1n mostrando es que toda esa tramoya sexual en realidad se vuelve en contra de aquella que lo ejecuta, genera un nuevo tipo de dolor a su alrededor, un nuevo tipo de angustia que se suma al hecho mismo de convivir, de hacer el amor, de tener que recordar o de no poder escuchar su pieza favorita de m\u00fasica cl\u00e1sica.<\/span><\/p>\n<p>&nbsp;<\/p>\n<p><img loading=\"lazy\" decoding=\"async\" class=\"aligncenter wp-image-2315200 size-full\" src=\"https:\/\/puntocritico.com\/ausajpuntocritico\/wp-content\/uploads\/2025\/12\/la-muerte-y-la-doncella-5-e1460361817917.png\" alt=\"\" width=\"700\" height=\"194\" srcset=\"https:\/\/puntocritico.com\/ausajpuntocritico\/wp-content\/uploads\/2025\/12\/la-muerte-y-la-doncella-5-e1460361817917.png 700w, https:\/\/puntocritico.com\/ausajpuntocritico\/wp-content\/uploads\/2025\/12\/la-muerte-y-la-doncella-5-e1460361817917-300x83.png 300w\" sizes=\"auto, (max-width: 700px) 100vw, 700px\" \/><\/p>\n<p>&nbsp;<\/p>\n<p style=\"text-align: center;\"><strong><span style=\"font-size: 18pt;\">-3-<\/span><\/strong><\/p>\n<p style=\"text-align: justify;\"><span style=\"font-size: 14pt;\">No hay pasado, por lo tanto, que pueda ser perdonado, ni acci\u00f3n en el presente cuya eficacia simb\u00f3lica sea tal que borre o que cure la desesperaci\u00f3n absoluta que emerge en cada herida hist\u00f3rica. <\/span><\/p>\n<p style=\"text-align: justify;\"><span style=\"font-size: 14pt;\">La tesis de <strong>Polanski<\/strong> habla de una dictadura indeterminada, pero es f\u00e1cilmente traducible en la experiencia cotidiana de cualquier sujeto espectador. La venganza es un espejismo literario que se ha situado siempre m\u00e1s all\u00e1 del alcance de los hombres. <\/span><\/p>\n<p style=\"text-align: justify;\"><span style=\"font-size: 14pt;\">La <strong>l\u00f3gica del Estado<\/strong>, en tanto haz y control de voluntades dispares, en tanto aparente suma de intereses tras los que late un simple control de lo pulsional, resulta del todo ineficaz a la hora de ofrecer una respuesta coherente al enigma que surge de los cementerios, las fosas comunes, museos que anteriormente eran salas de tortura, o en el l\u00edmite, nuestro propio cuerpo y nuestro dolor por tener que habitar aqu\u00ed y ahora.<\/span><\/p>\n<p style=\"text-align: justify;\"><span style=\"font-size: 14pt;\"><strong>La \u00faltima escena de la cinta es, sin duda, uno de los cierres m\u00e1s terribles, y uno de los momentos visuales m\u00e1s dolorosos de toda la filmograf\u00eda del director polaco<\/strong>. <em>El verdugo ocupa un lugar superior en el teatro<\/em>. <\/span><\/p>\n<p style=\"text-align: justify;\"><span style=\"font-size: 14pt;\">Su palco est\u00e1 protegido de las inclemencias de la verdad y de la justicia. Su cuerpo est\u00e1 rodeado por los de su mujer y sus hijos, la mayor garant\u00eda de que pese a las atrocidades cometidas en el pasado, ha alcanzado un estatuto socialmente aceptable, narrativamente perfecto. <\/span><\/p>\n<p style=\"text-align: justify;\"><span style=\"font-size: 14pt;\">De igual manera que el relato cl\u00e1sico premiaba al h\u00e9roe con el retorno a la sociedad y el disfrute de las estructuras familiares, aqu\u00ed <strong>Polanski<\/strong> invierte las normas del juego y dice espec\u00edficamente lo contrario: <\/span><\/p>\n<blockquote>\n<p style=\"text-align: justify;\"><strong><span style=\"font-size: 14pt; color: #008000;\">ese hombre brutal, mezquino, ese hombre culto que realiz\u00f3 su juramento hipocr\u00e1tico y que lleva en su coche las m\u00e1s exquisitas grabaciones musicales de la alta cultura, ser\u00e1 amnistiado por la historia y morir\u00e1, como tantos otros villanos, en la paz de su hogar y rodeado de los suyos.<\/span><\/strong><\/p>\n<\/blockquote>\n<p>&nbsp;<\/p>\n<p style=\"text-align: justify;\"><span style=\"font-size: 14pt;\">Bajo \u00e9l, -y esto queda escrito en plano literalmente-, est\u00e1n sus v\u00edctimas, cuya \u00fanica alternativa es intentar alzar la mirada en busca de una suerte de reconocimiento tras el que no late paz alguna. Dolor, y m\u00e1s dolor, como \u00fanica moneda por la laceraci\u00f3n y la explotaci\u00f3n de sus cuerpos.<\/span><\/p>\n<p style=\"text-align: justify;\"><span style=\"font-size: 14pt;\">Habr\u00eda muchas maneras de contarlo, pero <strong>Polanski<\/strong> elige sin duda<strong> la m\u00e1s dolorosa: un \u00fanico plano<\/strong>. Un movimiento de gr\u00faa que recoge ambas miradas y que las obliga a convivir en el interior del mismo tiempo f\u00edlmico. Su gesto es al mismo tiempo pasional y doloroso, emp\u00e1tico y acusador. <\/span><\/p>\n<p style=\"text-align: justify;\"><span style=\"font-size: 14pt;\"><strong>Polanski<\/strong> utiliza cada segundo de duraci\u00f3n de su escritura para remarcar la violencia y la desesperaci\u00f3n inherente a otra de las ideas principales de la pel\u00edcula, y por cierto, de la m\u00e1xima urgencia para todas nuestras sociedades: <\/span><\/p>\n<blockquote>\n<p style=\"text-align: justify;\"><strong><span style=\"font-size: 14pt; color: #008000;\">v\u00edctimas y verdugos est\u00e1n obligados a convivir, est\u00e1n obligados a que sus cuerpos mismos ocupen sus mismos tiempos y espacios.<\/span><\/strong><\/p>\n<\/blockquote>\n<p>&nbsp;<\/p>\n<p>&nbsp;<\/p>\n<p><img loading=\"lazy\" decoding=\"async\" class=\"aligncenter wp-image-2315201\" src=\"https:\/\/puntocritico.com\/ausajpuntocritico\/wp-content\/uploads\/2025\/12\/La-muerte-y-la-doncella-cartel-largo-1-225x300.jpg\" alt=\"\" width=\"260\" height=\"347\" srcset=\"https:\/\/puntocritico.com\/ausajpuntocritico\/wp-content\/uploads\/2025\/12\/La-muerte-y-la-doncella-cartel-largo-1-225x300.jpg 225w, https:\/\/puntocritico.com\/ausajpuntocritico\/wp-content\/uploads\/2025\/12\/La-muerte-y-la-doncella-cartel-largo-1-768x1024.jpg 768w, https:\/\/puntocritico.com\/ausajpuntocritico\/wp-content\/uploads\/2025\/12\/La-muerte-y-la-doncella-cartel-largo-1-1152x1536.jpg 1152w, https:\/\/puntocritico.com\/ausajpuntocritico\/wp-content\/uploads\/2025\/12\/La-muerte-y-la-doncella-cartel-largo-1.jpg 1200w\" sizes=\"auto, (max-width: 260px) 100vw, 260px\" \/><\/p>\n<p>&nbsp;<\/p>\n<p>&nbsp;<\/p>\n<p><a href=\"https:\/\/puntocritico.com\/ausajpuntocritico\/author\/punto-critico\/\" target=\"_blank\" rel=\"noopener\" data-schema-attribute=\"\"><img loading=\"lazy\" decoding=\"async\" class=\"aligncenter wp-image-9528\" src=\"https:\/\/puntocritico.com\/ausajpuntocritico\/wp-content\/uploads\/2018\/03\/Mosca_Punto_Cr\u00edtico_40.png\" alt=\"\" width=\"80\" height=\"80\" data-id=\"9528\" \/><\/a><\/p>\n<p>&nbsp;<\/p>\n","protected":false},"excerpt":{"rendered":"<div class=\"mh-excerpt\"><p>&nbsp; La muerte y la doncella Director: Roman Polanski. Int\u00e9rpretes: Sigourney Weaver, Ben Kingsley, Stuart Gordon. Por Jos\u00e9 Mar\u00eda Arest\u00e9 ACPrensa, 1995 &nbsp; Roman Polanski ha realizado con La muerte y la doncella, probablemente, su <a class=\"mh-excerpt-more\" href=\"https:\/\/puntocritico.com\/ausajpuntocritico\/2025\/12\/13\/la-muerte-y-la-doncella-polansky\/\" title=\"LA MUERTE Y LA DONCELLA, pel\u00edcula de Roman Polansky (1994)\">[&#8230;]<\/a><\/p>\n<\/div>","protected":false},"author":3,"featured_media":2315207,"comment_status":"closed","ping_status":"closed","sticky":false,"template":"","format":"standard","meta":{"_acf_changed":false,"_exactmetrics_skip_tracking":false,"_exactmetrics_sitenote_active":false,"_exactmetrics_sitenote_note":"","_exactmetrics_sitenote_category":0,"footnotes":""},"categories":[10],"tags":[],"class_list":{"0":"post-2314649","1":"post","2":"type-post","3":"status-publish","4":"format-standard","5":"has-post-thumbnail","7":"category-miscelanea"},"acf":[],"_links":{"self":[{"href":"https:\/\/puntocritico.com\/ausajpuntocritico\/wp-json\/wp\/v2\/posts\/2314649","targetHints":{"allow":["GET"]}}],"collection":[{"href":"https:\/\/puntocritico.com\/ausajpuntocritico\/wp-json\/wp\/v2\/posts"}],"about":[{"href":"https:\/\/puntocritico.com\/ausajpuntocritico\/wp-json\/wp\/v2\/types\/post"}],"author":[{"embeddable":true,"href":"https:\/\/puntocritico.com\/ausajpuntocritico\/wp-json\/wp\/v2\/users\/3"}],"replies":[{"embeddable":true,"href":"https:\/\/puntocritico.com\/ausajpuntocritico\/wp-json\/wp\/v2\/comments?post=2314649"}],"version-history":[{"count":0,"href":"https:\/\/puntocritico.com\/ausajpuntocritico\/wp-json\/wp\/v2\/posts\/2314649\/revisions"}],"wp:featuredmedia":[{"embeddable":true,"href":"https:\/\/puntocritico.com\/ausajpuntocritico\/wp-json\/wp\/v2\/media\/2315207"}],"wp:attachment":[{"href":"https:\/\/puntocritico.com\/ausajpuntocritico\/wp-json\/wp\/v2\/media?parent=2314649"}],"wp:term":[{"taxonomy":"category","embeddable":true,"href":"https:\/\/puntocritico.com\/ausajpuntocritico\/wp-json\/wp\/v2\/categories?post=2314649"},{"taxonomy":"post_tag","embeddable":true,"href":"https:\/\/puntocritico.com\/ausajpuntocritico\/wp-json\/wp\/v2\/tags?post=2314649"}],"curies":[{"name":"wp","href":"https:\/\/api.w.org\/{rel}","templated":true}]}}