{"id":2314156,"date":"2025-11-17T00:20:29","date_gmt":"2025-11-16T23:20:29","guid":{"rendered":"https:\/\/puntocritico.com\/ausajpuntocritico\/?p=2314156"},"modified":"2025-11-17T00:23:26","modified_gmt":"2025-11-16T23:23:26","slug":"hesiodo-callabed","status":"publish","type":"post","link":"https:\/\/puntocritico.com\/ausajpuntocritico\/2025\/11\/17\/hesiodo-callabed\/","title":{"rendered":"\u00abHes\u00edodo y el nacimiento de los mitos griegos\u00bb, por Joaqu\u00edn Callabed"},"content":{"rendered":"<p style=\"text-align: justify;\"><span style=\"font-size: 14pt; color: #008000;\">Hes\u00edodo<\/span><\/p>\n\n<p>&nbsp;<\/p>\n<div class=\"article-top-titles\">\n<div class=\"title-container\">\n<blockquote>\n<h2 class=\"title\" style=\"text-align: center;\"><span style=\"font-size: 24pt;\">Homero y los aqueos<\/span><\/h2>\n<\/blockquote>\n<\/div>\n<\/div>\n<blockquote>\n<div class=\"epigraph-container\" data-gtm-element-container=\"modulo-texto-link\" data-mrf-recirculation=\"Ep\u00edgrafe noticia\">\n<p class=\"epigraph\" style=\"text-align: center;\"><span style=\"font-size: 14pt;\"><em><strong>Su obra literaria nos permite conocer la sociedad aquea y es un importante documento socio-antropol\u00f3gico<\/strong><\/em><\/span><\/p>\n<div class=\"article-media-main\" style=\"text-align: justify;\"><span style=\"font-size: 14pt;\">Por Joaqu\u00edn Callabed<\/span><\/div>\n<div style=\"text-align: justify;\"><span style=\"font-size: 14pt;\"><a href=\"https:\/\/www.lavanguardia.com\/participacion\/red-lectores\/20250628\/10832380\/homero-aqueos.html#foto-7\" target=\"_blank\" rel=\"noopener\">La Vanguardia,<\/a> 28 JUNIO 2025<\/span><\/div>\n<div>\u00a0<\/div>\n<\/div>\n<figure id=\"attachment_2314425\" aria-describedby=\"caption-attachment-2314425\" style=\"width: 400px\" class=\"wp-caption aligncenter\"><img loading=\"lazy\" decoding=\"async\" class=\"wp-image-2314425\" src=\"https:\/\/puntocritico.com\/ausajpuntocritico\/wp-content\/uploads\/2025\/11\/La-apoteosis-de-Homero-Jean-Auguste-Dominique-Ingres-1827-300x229.jpeg\" alt=\"\" width=\"400\" height=\"306\" srcset=\"https:\/\/puntocritico.com\/ausajpuntocritico\/wp-content\/uploads\/2025\/11\/La-apoteosis-de-Homero-Jean-Auguste-Dominique-Ingres-1827-300x229.jpeg 300w, https:\/\/puntocritico.com\/ausajpuntocritico\/wp-content\/uploads\/2025\/11\/La-apoteosis-de-Homero-Jean-Auguste-Dominique-Ingres-1827-1024x783.jpeg 1024w, https:\/\/puntocritico.com\/ausajpuntocritico\/wp-content\/uploads\/2025\/11\/La-apoteosis-de-Homero-Jean-Auguste-Dominique-Ingres-1827-768x587.jpeg 768w, https:\/\/puntocritico.com\/ausajpuntocritico\/wp-content\/uploads\/2025\/11\/La-apoteosis-de-Homero-Jean-Auguste-Dominique-Ingres-1827-1536x1175.jpeg 1536w, https:\/\/puntocritico.com\/ausajpuntocritico\/wp-content\/uploads\/2025\/11\/La-apoteosis-de-Homero-Jean-Auguste-Dominique-Ingres-1827-80x60.jpeg 80w, https:\/\/puntocritico.com\/ausajpuntocritico\/wp-content\/uploads\/2025\/11\/La-apoteosis-de-Homero-Jean-Auguste-Dominique-Ingres-1827-1320x1009.jpeg 1320w, https:\/\/puntocritico.com\/ausajpuntocritico\/wp-content\/uploads\/2025\/11\/La-apoteosis-de-Homero-Jean-Auguste-Dominique-Ingres-1827.jpeg 1870w\" sizes=\"auto, (max-width: 400px) 100vw, 400px\" \/><figcaption id=\"caption-attachment-2314425\" class=\"wp-caption-text\"><span style=\"color: #008000;\">La apoteosis de Homero, obra de Jean Auguste Dominique Ingres, 1827, Museo del Louvre. Dominio p\u00fablico<\/span><\/figcaption><\/figure>\n<p data-gtm-element-container=\"modulo-texto-link\" data-mrf-recirculation=\"Enlaces en p\u00e1rrafos\">\u00a0<\/p>\n<p class=\"paragraph\" style=\"text-align: justify;\" data-gtm-element-container=\"modulo-texto-link\" data-mrf-recirculation=\"Enlaces en p\u00e1rrafos\"><span style=\"font-size: 14pt;\">La historia de los aqueos est\u00e1 inmersa en la mitolog\u00eda de <strong>Hes\u00edodo<\/strong>. Aparecen <strong>Zeus<\/strong>, <strong>T\u00e1ntalo<\/strong>, <strong>P\u00e9lope<\/strong>, <strong>Enomaos<\/strong>, <strong>Hipodamia<\/strong>, <strong>Atreo<\/strong>, <strong>Agamen\u00f3n<\/strong>, <strong>Menelao<\/strong>, <strong>Clitemnestra<\/strong> y <strong>Helena<\/strong>.\u00a0El rapto o la seducci\u00f3n de <strong>Helena<\/strong> por <strong>Paris<\/strong> desencadena la <em><strong>guerra de Troya<\/strong><\/em> y aqu\u00ed <strong>Homero<\/strong> comienza su\u00a0<strong><i>Odisea<\/i><\/strong>.<\/span><\/p>\n<p class=\"paragraph\" style=\"text-align: justify;\" data-gtm-element-container=\"modulo-texto-link\" data-mrf-recirculation=\"Enlaces en p\u00e1rrafos\"><span style=\"font-size: 14pt;\">La obra literaria de <strong>Homero<\/strong> nos permite conocer caracter\u00edsticas de la <em><strong>sociedad aquea<\/strong> de su \u00e9poca<\/em> que constituye un importante documento socio-antropol\u00f3gico .<\/span><\/p>\n<h3 class=\"subtitle\" style=\"text-align: center;\"><span style=\"font-size: 18pt;\">La mitolog\u00eda relacionada con los aqueos<\/span><\/h3>\n<p class=\"paragraph\" style=\"text-align: justify;\" data-gtm-element-container=\"modulo-texto-link\" data-mrf-recirculation=\"Enlaces en p\u00e1rrafos\"><span style=\"font-size: 14pt;\">La mitolog\u00eda griega considera que la historia de los <em><strong>aqueos<\/strong> <\/em>comienza por un dios llamado <strong>Zeus<\/strong> que les dio su primer rey en la persona de su hijo <strong>T\u00e1ntalo<\/strong> que divulg\u00f3 secretos de los dioses y rob\u00f3 el n\u00e9ctar y la ambros\u00eda de sus despensas. Este rey <em><strong>para aplicar la ira de los dioses ofreci\u00f3 en sacrificio a su hijo<\/strong><\/em> <strong>P\u00e9lope<\/strong>.<\/span><\/p>\n<div>\n<p class=\"paragraph\" style=\"text-align: justify;\" data-gtm-element-container=\"modulo-texto-link\" data-mrf-recirculation=\"Enlaces en p\u00e1rrafos\"><span style=\"font-size: 14pt;\"><strong>Zeus<\/strong> afectado por la desgracia de su nieto lo resucit\u00f3 y precipit\u00f3 al infierno al hijo parricida <strong>T\u00e1ntalo<\/strong>.\u00a0<\/span><\/p>\n<p class=\"paragraph\" style=\"text-align: justify;\" data-gtm-element-container=\"modulo-texto-link\" data-mrf-recirculation=\"Enlaces en p\u00e1rrafos\"><span style=\"font-size: 14pt;\"><strong>P\u00e9lope<\/strong>, resucitado, recibi\u00f3 de su padre el trono de <em>Frigia<\/em>. Su forma de gobierno no fue aceptado por los s\u00fabditos y sufri\u00f3 el exilio en <em>Elida<\/em>, regi\u00f3n de Grecia que despu\u00e9s se llam\u00f3 <strong><em>Peloponeso<\/em><\/strong>.<\/span><\/p>\n<p class=\"paragraph\" style=\"text-align: justify;\" data-gtm-element-container=\"modulo-texto-link\" data-mrf-recirculation=\"Enlaces en p\u00e1rrafos\"><span style=\"font-size: 14pt;\">En <em>\u00c9lida<\/em> reinaba <strong>Enomaos<\/strong>, hijo de <strong>Ares<\/strong> y padre de <strong>Hipodamia<\/strong> que ten\u00eda muchos cortejadores.\u00a0<strong>Enomaos<\/strong> sol\u00eda desafiar a los cortejadores con carreras de carros regalo de <strong>Ares<\/strong> con los que los alcanzaba y eliminaba.<\/span><\/p>\n<\/div>\n<p data-gtm-element-container=\"modulo-texto-link\" data-mrf-recirculation=\"Enlaces en p\u00e1rrafos\">\u00a0<\/p>\n<figure id=\"attachment_1448160\" aria-describedby=\"caption-attachment-1448160\" style=\"width: 280px\" class=\"wp-caption aligncenter\"><img loading=\"lazy\" decoding=\"async\" class=\"wp-image-1448160\" src=\"https:\/\/puntocritico.com\/ausajpuntocritico\/wp-content\/uploads\/2020\/11\/200px-Homer_British_Museum.jpg\" alt=\"\" width=\"280\" height=\"353\" \/><figcaption id=\"caption-attachment-1448160\" class=\"wp-caption-text\"><span style=\"color: #008000;\">Busto de Homero expuesto en el British Museum de Londres. British Museum \/ Dominio p\u00fablico<\/span><\/figcaption><\/figure>\n<p data-gtm-element-container=\"modulo-texto-link\" data-mrf-recirculation=\"Enlaces en p\u00e1rrafos\">\u00a0<\/p>\n<div>\n<p class=\"paragraph\" style=\"text-align: justify;\" data-gtm-element-container=\"modulo-texto-link\" data-mrf-recirculation=\"Enlaces en p\u00e1rrafos\"><span style=\"font-size: 14pt;\">P\u00e9lope seg\u00fan algunas fuentes se puso de acuerdo con el <em>caballerizo del rey<\/em> <strong>Mirtilo<\/strong>, proponi\u00e9ndole repartir el trono de <strong>Enomaos<\/strong> si hallaba el modo de vencerle en la carrera.<\/span><\/p>\n<p class=\"paragraph\" style=\"text-align: justify;\" data-gtm-element-container=\"modulo-texto-link\" data-mrf-recirculation=\"Enlaces en p\u00e1rrafos\"><span style=\"font-size: 14pt;\">Fue derrotado por <strong>Pelope<\/strong>, gracias a la ayuda de <strong>Hipodamia<\/strong> haciendo que los caballos de <strong>Enomao<\/strong> se desbocaran caus\u00e1ndole la muerte.\u00a0<strong>P\u00e9lope<\/strong> habiendo desposado a <strong>Hipodamia<\/strong> le sucedi\u00f3 en el trono pero en lugar de compartirlo con <strong>Mirtilo<\/strong> como hab\u00eda prometido lo arroj\u00f3 al mar.<\/span><\/p>\n<p class=\"paragraph\" style=\"text-align: justify;\" data-gtm-element-container=\"modulo-texto-link\" data-mrf-recirculation=\"Enlaces en p\u00e1rrafos\"><span style=\"font-size: 14pt;\">Entre los descendientes estuvo <strong>Atreo<\/strong> que tuvo como hijos a <strong>Agamen\u00f3n<\/strong> y <strong>Menelao<\/strong> que casaron respectivamente con <strong>Clitemnestra<\/strong> y <strong>Helena<\/strong>, hijas \u00fanicas del <em><strong>rey de esparta<\/strong><\/em> <strong>T\u00edndaro<\/strong>.<\/span><\/p>\n<p class=\"paragraph\" style=\"text-align: justify;\" data-gtm-element-container=\"modulo-texto-link\" data-mrf-recirculation=\"Enlaces en p\u00e1rrafos\"><span style=\"font-size: 14pt;\">Pareci\u00f3 que se hab\u00eda conseguido unos grandes matrimonios y cuando <strong>Atreo<\/strong> y <strong>T\u00edndaro<\/strong> murieron los dos hermanos <strong>Agamen\u00f3n<\/strong> como <em><strong>rey de Micenas<\/strong> <\/em>y <strong>Menelao<\/strong> como <em><strong>rey de Esparta<\/strong><\/em> fueron los due\u00f1os de todo el <em><strong>Peloponeso<\/strong><\/em>.<\/span><\/p>\n<p class=\"paragraph\" style=\"text-align: justify;\" data-gtm-element-container=\"modulo-texto-link\" data-mrf-recirculation=\"Enlaces en p\u00e1rrafos\"><span style=\"font-size: 14pt;\">Pasado el tiempo <strong>Paris<\/strong>, hijo de <strong>Priamo<\/strong> <em><strong>rey de Troya,<\/strong><\/em> se enamor\u00f3 de <strong>Helena<\/strong>. Hay quien asegura que le rapt\u00f3. Esta fue la versi\u00f3n que dio <strong>Menelao<\/strong> para salvar la reputaci\u00f3n de su esposa y todos los reyes aqueos al un\u00edsono acudieron al castigo del culpable.<\/span><\/p>\n<p class=\"paragraph\" style=\"text-align: justify;\" data-gtm-element-container=\"modulo-texto-link\" data-mrf-recirculation=\"Enlaces en p\u00e1rrafos\"><span style=\"font-size: 14pt;\">Aqu\u00ed comienza, con el <em><strong>rapto de Helena<\/strong><\/em>,\u00a0 la historia que narr\u00f3 <strong>Homero<\/strong> en<i>\u00a0<strong>La Odisea<\/strong><\/i><strong>.<\/strong><\/span><\/p>\n<h3 class=\"subtitle\" style=\"text-align: center;\"><span style=\"font-size: 18pt;\">\u00bfQuieres eran los aqueos?<\/span><\/h3>\n<p class=\"paragraph\" style=\"text-align: justify;\" data-gtm-element-container=\"modulo-texto-link\" data-mrf-recirculation=\"Enlaces en p\u00e1rrafos\"><span style=\"font-size: 14pt;\">Durante tres o cuatro siglos los aqueos fueron sin\u00f3nimo de griegos porque dominaron completamente al pa\u00eds.\u00a0Seg\u00fan algunos historiadores, se trata de una tribu que en un momento determinado tomaron el poder desde su cuna de <em>Tesalia<\/em> y cayeron sobre el <em><strong>Peloponeso<\/strong> <\/em>y constituyeron una clase dirigente. <\/span><\/p>\n<p class=\"paragraph\" style=\"text-align: justify;\" data-gtm-element-container=\"modulo-texto-link\" data-mrf-recirculation=\"Enlaces en p\u00e1rrafos\"><span style=\"font-size: 14pt;\">Seg\u00fan esta tesis, fueron los <strong>continuadores de la civilizaci\u00f3n minoica de Creta<\/strong>, primer pueblo alfabetizado de Europa.<\/span><\/p>\n<p class=\"paragraph\" style=\"text-align: justify;\" data-gtm-element-container=\"modulo-texto-link\" data-mrf-recirculation=\"Enlaces en p\u00e1rrafos\"><span style=\"font-size: 14pt;\">La <strong>civilizaci\u00f3n mic\u00e9nica<\/strong> se desarroll\u00f3 en Grecia continental en el segundo milenio a.C.\u00a0Los <em><strong>aqueos<\/strong> <\/em>eran pueblo de tierra y lo cierto es que hasta la <em><strong>guerra de Troya<\/strong><\/em> no intentaron empresas de mar.\u00a0Los <em><strong>troyanos<\/strong> <\/em>posiblemente eran <em>cretenses<\/em> emigrantes de los <em>D\u00e1rdanos<\/em> del Asia Menor.<\/span><\/p>\n<\/div>\n<p data-gtm-element-container=\"modulo-texto-link\" data-mrf-recirculation=\"Enlaces en p\u00e1rrafos\">\u00a0<\/p>\n<figure id=\"attachment_2314428\" aria-describedby=\"caption-attachment-2314428\" style=\"width: 240px\" class=\"wp-caption aligncenter\"><img loading=\"lazy\" decoding=\"async\" class=\"wp-image-2314428\" src=\"https:\/\/puntocritico.com\/ausajpuntocritico\/wp-content\/uploads\/2025\/11\/Homero-y-su-lazarillo-205x300.jpeg\" alt=\"\" width=\"240\" height=\"352\" srcset=\"https:\/\/puntocritico.com\/ausajpuntocritico\/wp-content\/uploads\/2025\/11\/Homero-y-su-lazarillo-205x300.jpeg 205w, https:\/\/puntocritico.com\/ausajpuntocritico\/wp-content\/uploads\/2025\/11\/Homero-y-su-lazarillo-698x1024.jpeg 698w, https:\/\/puntocritico.com\/ausajpuntocritico\/wp-content\/uploads\/2025\/11\/Homero-y-su-lazarillo-768x1126.jpeg 768w, https:\/\/puntocritico.com\/ausajpuntocritico\/wp-content\/uploads\/2025\/11\/Homero-y-su-lazarillo.jpeg 800w\" sizes=\"auto, (max-width: 240px) 100vw, 240px\" \/><figcaption id=\"caption-attachment-2314428\" class=\"wp-caption-text\"><span style=\"color: #008000;\">Homero y su lazarillo (1874), de William-Adolphe Bouguereau. Dominio P\u00fablico<\/span><\/figcaption><\/figure>\n<p data-gtm-element-container=\"modulo-texto-link\" data-mrf-recirculation=\"Enlaces en p\u00e1rrafos\">\u00a0<\/p>\n<p class=\"paragraph\" style=\"text-align: justify;\" data-gtm-element-container=\"modulo-texto-link\" data-mrf-recirculation=\"Enlaces en p\u00e1rrafos\"><span style=\"font-size: 14pt;\">Seg\u00fan <strong>Homero<\/strong>, hablaban la misma lengua que los griegos y veneraban al <em><strong>monte Ida<\/strong><\/em> en el que seg\u00fan la mitolog\u00eda griega naci\u00f3 <strong>Zeus<\/strong>. Su madre <strong>Rea<\/strong> lo ocult\u00f3 all\u00ed para protegerle de su padre <strong>Cronos<\/strong> que devoraba a sus hijos. Tuvo como nodriza a la<em> cabra Amaltea<\/em>, las <em><strong>ninfas<\/strong> <\/em>le alimentaron con leche y miel, mientras los <em>curetes<\/em> o geniecillos servidores de los dioses entrechocaban sus escudos para hacer ruido y evitar que los llantos del ni\u00f1o llegaran a los o\u00eddos de su padre.<\/span><\/p>\n<p class=\"paragraph\" style=\"text-align: justify;\" data-gtm-element-container=\"modulo-texto-link\" data-mrf-recirculation=\"Enlaces en p\u00e1rrafos\"><span style=\"font-size: 14pt;\"><em><strong>Troya<\/strong> <\/em>era un gran emporio comercial de oro, plata y madera e incluso en jade de China.\u00a0Las dudas sobre la existencia de <em><strong>Troya<\/strong> <\/em>fueron resueltas con los trabajos arqueol\u00f3gicos de <strong>Schlieman<\/strong>.<\/span><\/p>\n<p data-gtm-element-container=\"modulo-texto-link\" data-mrf-recirculation=\"Enlaces en p\u00e1rrafos\">\u00a0<\/p>\n<p class=\"subtitle\" style=\"text-align: center;\"><span style=\"color: #008000;\"><strong><span style=\"font-size: 14pt;\">Troya era un gran emporio comercial de oro, plata y madera e incluso en jade de China.<\/span><\/strong><\/span><\/p>\n<p data-gtm-element-container=\"modulo-texto-link\" data-mrf-recirculation=\"Enlaces en p\u00e1rrafos\">\u00a0<\/p>\n<p class=\"paragraph\" style=\"text-align: justify;\" data-gtm-element-container=\"modulo-texto-link\" data-mrf-recirculation=\"Enlaces en p\u00e1rrafos\"><span style=\"font-size: 14pt;\">De alg\u00fan modo la <em><strong>guerra de Troya<\/strong><\/em> se considera un <em><strong>conflicto no resuelto entre Oriente y Occidente<\/strong><\/em>. Por medio de Grecia <strong>los aqueos u occidente ganaron la primera batalla<\/strong>.<\/span><\/p>\n<p data-gtm-element-container=\"modulo-texto-link\" data-mrf-recirculation=\"Enlaces en p\u00e1rrafos\">\u00a0<\/p>\n<figure id=\"attachment_2314429\" aria-describedby=\"caption-attachment-2314429\" style=\"width: 330px\" class=\"wp-caption aligncenter\"><img loading=\"lazy\" decoding=\"async\" class=\"wp-image-2314429\" src=\"https:\/\/puntocritico.com\/ausajpuntocritico\/wp-content\/uploads\/2025\/11\/Mascara-de-Agamenon-297x300.jpeg\" alt=\"\" width=\"330\" height=\"333\" srcset=\"https:\/\/puntocritico.com\/ausajpuntocritico\/wp-content\/uploads\/2025\/11\/Mascara-de-Agamenon-297x300.jpeg 297w, https:\/\/puntocritico.com\/ausajpuntocritico\/wp-content\/uploads\/2025\/11\/Mascara-de-Agamenon-150x150.jpeg 150w, https:\/\/puntocritico.com\/ausajpuntocritico\/wp-content\/uploads\/2025\/11\/Mascara-de-Agamenon.jpeg 544w\" sizes=\"auto, (max-width: 330px) 100vw, 330px\" \/><figcaption id=\"caption-attachment-2314429\" class=\"wp-caption-text\"><span style=\"color: #008000;\">La m\u00e1scara de Agamen\u00f3n se conserva en la colecci\u00f3n del Museo Arqueol\u00f3gico Nacional de Atenas. Fine Art Images\/Heritage Images\/Getty Images<\/span><\/figcaption><\/figure>\n<p data-gtm-element-container=\"modulo-texto-link\" data-mrf-recirculation=\"Enlaces en p\u00e1rrafos\">\u00a0<\/p>\n<h3 class=\"subtitle\" style=\"text-align: center;\"><span style=\"font-size: 18pt;\">Homero y los aqueos<\/span><\/h3>\n<p class=\"paragraph\" style=\"text-align: justify;\" data-gtm-element-container=\"modulo-texto-link\" data-mrf-recirculation=\"Enlaces en p\u00e1rrafos\"><span style=\"font-size: 14pt;\">Sabemos poco de <strong>Homero<\/strong> pero \u201c<em>vive entre nosotros<\/em>\u201d. Seg\u00fan la leyenda fue un trovador ciego del siglo VIII a.C. que era contratado por los se\u00f1ores para o\u00edrle cantar sus historias maravillosas. Se dice que <strong>Homero<\/strong> recogi\u00f3 su materia po\u00e9tica de manos del pueblo y la iba transformando seg\u00fan el gusto de los arist\u00f3cratas auditores.<\/span><\/p>\n<p class=\"paragraph\" style=\"text-align: justify;\" data-gtm-element-container=\"modulo-texto-link\" data-mrf-recirculation=\"Enlaces en p\u00e1rrafos\"><span style=\"font-size: 14pt;\">Muchos de sus clientes eran de raza aquea y quiz\u00e1 no fue un soci\u00f3logo estricto en sus poemas que resultaban transfigurados muchos personajes, aunque desde el punto de vista general y documental tiene un gran valor.<\/span><\/p>\n<p class=\"paragraph\" style=\"text-align: justify;\" data-gtm-element-container=\"modulo-texto-link\" data-mrf-recirculation=\"Enlaces en p\u00e1rrafos\"><span style=\"font-size: 14pt;\"><strong>Homero<\/strong> nos transmite que los aqueos eran un pueblo de gran belleza f\u00edsica: atletas y reinas de belleza. Habla de elegancia y que la ropa habitual era el lino. Nos dice que las casas eran de adobe y paja para los pobres y de ladrillo y cimientos de piedra para los ricos. En la mayor\u00eda de los casos no hab\u00eda divisiones de habitaciones ni ventanas. La cocina no exist\u00eda. Se guisaba en medio de la \u00fanica estancia que ten\u00eda agujero en el techo para que saliera el humo. El cuarto de ba\u00f1o era para los grandes se\u00f1ores.<\/span><\/p>\n<p class=\"paragraph\" style=\"text-align: justify;\" data-gtm-element-container=\"modulo-texto-link\" data-mrf-recirculation=\"Enlaces en p\u00e1rrafos\"><span style=\"font-size: 14pt;\">No describe templos. Se derrochaba mucho en propios palacios pero los dioses no eran dignamente hospedados. <em><strong>Ulises<\/strong> <\/em>en su vejez se construy\u00f3 un patio con arriates, \u00e1rboles y caballeriza.<\/span><\/p>\n<p class=\"paragraph\" style=\"text-align: justify;\" data-gtm-element-container=\"modulo-texto-link\" data-mrf-recirculation=\"Enlaces en p\u00e1rrafos\"><span style=\"font-size: 14pt;\">Sobre alimentaci\u00f3n nos dice que los <strong><em>generales de Troya<\/em><\/strong> eran carn\u00edvoros, los suboficiales y soldados ten\u00edan alimentaci\u00f3n vegetariana y se alimentaban de trigo tostado. Se usaba el cuchillo como \u00fanico cubierto.<\/span><\/p>\n<p>&nbsp;<\/p>\n<figure id=\"attachment_2314427\" aria-describedby=\"caption-attachment-2314427\" style=\"width: 280px\" class=\"wp-caption aligncenter\"><img loading=\"lazy\" decoding=\"async\" class=\"wp-image-2314427\" src=\"https:\/\/puntocritico.com\/ausajpuntocritico\/wp-content\/uploads\/2025\/11\/Guerra-de-Troya-tapices-flamencos-250x300.jpeg\" alt=\"\" width=\"280\" height=\"336\" srcset=\"https:\/\/puntocritico.com\/ausajpuntocritico\/wp-content\/uploads\/2025\/11\/Guerra-de-Troya-tapices-flamencos-250x300.jpeg 250w, https:\/\/puntocritico.com\/ausajpuntocritico\/wp-content\/uploads\/2025\/11\/Guerra-de-Troya-tapices-flamencos.jpeg 500w\" sizes=\"auto, (max-width: 280px) 100vw, 280px\" \/><figcaption id=\"caption-attachment-2314427\" class=\"wp-caption-text\"><span style=\"color: #008000;\">Tapices flamencos con escenas de la guerra de Troya. Photo: Paul M.R. Maeyaert <\/span><\/figcaption><\/figure>\n<p>&nbsp;<\/p>\n<p class=\"subtitle\" style=\"text-align: center;\"><span style=\"color: #008000;\"><strong><span style=\"font-size: 14pt;\">Sobre alimentaci\u00f3n nos dice que los generales de Troya eran carn\u00edvoros, los suboficiales y soldados, vegetarianos<\/span><\/strong><\/span><\/p>\n<p data-gtm-element-container=\"modulo-texto-link\" data-mrf-recirculation=\"Enlaces en p\u00e1rrafos\">\u00a0<\/p>\n<p class=\"paragraph\" style=\"text-align: justify;\" data-gtm-element-container=\"modulo-texto-link\" data-mrf-recirculation=\"Enlaces en p\u00e1rrafos\"><span style=\"font-size: 14pt;\"><strong>Nadie es propietario de tierras a t\u00edtulo personal. La propiedad es de la familia<\/strong> que es la que vende, compra y distribuye honores y ganancias. La familia que suele ser amplia es autosuficiente desde el punto de vista artesano y profesional. No se labran aceros, se prefiere importarlos manufacturados. Esta carencia se considera que fue determinante cuando se enfrentaron a los dorios. Pose\u00edan carros.<\/span><\/p>\n<p class=\"paragraph\" style=\"text-align: justify;\" data-gtm-element-container=\"modulo-texto-link\" data-mrf-recirculation=\"Enlaces en p\u00e1rrafos\"><span style=\"font-size: 14pt;\"><strong>Dentro de la familia tambi\u00e9n se admiten esclavos<\/strong>. En general son mujeres y al final se tratan como familia.\u00a0<strong>El dinero es un medio de cambio, no un \u00edndice de riqueza que se mide por hect\u00e1reas de terreno y por ganado<\/strong>. El lingote de oro se utiliza en transacciones importantes, otros medios son el pollo, medida de trigo o el cerdo.<\/span><\/p>\n<p class=\"paragraph\" style=\"text-align: justify;\" data-gtm-element-container=\"modulo-texto-link\" data-mrf-recirculation=\"Enlaces en p\u00e1rrafos\"><span style=\"font-size: 14pt;\"><strong>El nivel moral no es muy elevado y la medida de su grandeza es el \u00e9xito prescindiendo de los medios para conseguirlo<\/strong>. <\/span><\/p>\n<p class=\"paragraph\" style=\"text-align: justify;\" data-gtm-element-container=\"modulo-texto-link\" data-mrf-recirculation=\"Enlaces en p\u00e1rrafos\"><span style=\"font-size: 14pt;\">Una virtud muy practicada es la <strong><em>hospitalidad<\/em><\/strong>.<\/span><\/p>\n<p data-gtm-element-container=\"modulo-texto-link\" data-mrf-recirculation=\"Enlaces en p\u00e1rrafos\">\u00a0<\/p>\n<figure id=\"attachment_2313622\" aria-describedby=\"caption-attachment-2313622\" style=\"width: 540px\" class=\"wp-caption aligncenter\"><img loading=\"lazy\" decoding=\"async\" class=\"wp-image-2313622 size-full\" src=\"https:\/\/puntocritico.com\/ausajpuntocritico\/wp-content\/uploads\/2025\/10\/Puerta-de-los-leones-de-Micenas.jpg\" alt=\"\" width=\"540\" height=\"304\" srcset=\"https:\/\/puntocritico.com\/ausajpuntocritico\/wp-content\/uploads\/2025\/10\/Puerta-de-los-leones-de-Micenas.jpg 540w, https:\/\/puntocritico.com\/ausajpuntocritico\/wp-content\/uploads\/2025\/10\/Puerta-de-los-leones-de-Micenas-300x169.jpg 300w\" sizes=\"auto, (max-width: 540px) 100vw, 540px\" \/><figcaption id=\"caption-attachment-2313622\" class=\"wp-caption-text\"><span style=\"color: #008000;\">La Puerta de los Leones de Micenas. Andreas Trepte \/ CC BY-SA 2.5<\/span><\/figcaption><\/figure>\n<p data-gtm-element-container=\"modulo-texto-link\" data-mrf-recirculation=\"Enlaces en p\u00e1rrafos\">\u00a0<\/p>\n<p class=\"paragraph\" style=\"text-align: justify;\" data-gtm-element-container=\"modulo-texto-link\" data-mrf-recirculation=\"Enlaces en p\u00e1rrafos\"><span style=\"font-size: 14pt;\"><strong>La estructura de la familia es patriarcal y la mujer ocupa un lugar m\u00e1s elevado que el que tendr\u00e1 en Roma<\/strong>. Pensemos lo que supuso <strong>Helena<\/strong> en el imaginario griego.<\/span><\/p>\n<p class=\"paragraph\" style=\"text-align: justify;\" data-gtm-element-container=\"modulo-texto-link\" data-mrf-recirculation=\"Enlaces en p\u00e1rrafos\"><span style=\"font-size: 14pt;\">En el <strong>matrimonio<\/strong>, la muchacha no tiene elecci\u00f3n. La fiesta nupcial es de car\u00e1cter religioso. Se celebra con comilonas y danzas con flautas y liras. La mujer goza de la confianza del marido y educa a los hijos en disciplina. <strong>Nadie ense\u00f1a a leer o escribir<\/strong>.<\/span><\/p>\n<p class=\"paragraph\" style=\"text-align: justify;\" data-gtm-element-container=\"modulo-texto-link\" data-mrf-recirculation=\"Enlaces en p\u00e1rrafos\"><span style=\"font-size: 14pt;\">La <em><strong>polis<\/strong> <\/em>o ciudad propiamente dicha <strong>no ha nacido a\u00fan<\/strong>. As\u00ed se llama solamente el palacio o el castillo del Se\u00f1or aqueo que al principio tiene un poder limitado sobre los <em><strong>geni<\/strong> <\/em>o grupos de familia con un antepasado com\u00fan. <strong>Ante amenazas b\u00e9licas las familias se unir\u00e1n con el Se\u00f1or que las reunir\u00e1 y tomar\u00e1 decisiones democr\u00e1ticas<\/strong>.<\/span><\/p>\n<p class=\"paragraph\" style=\"text-align: justify;\" data-gtm-element-container=\"modulo-texto-link\" data-mrf-recirculation=\"Enlaces en p\u00e1rrafos\"><span style=\"font-size: 14pt;\">Poco a poco de esta <strong>Asamblea<\/strong> se deriv\u00f3 a un <em><strong>Consejo<\/strong> <\/em>que fue una especie de <em>Senado<\/em>.\u00a0La ley no exist\u00eda, tal era considerado el <em>edicto del rey<\/em>. <strong>No hab\u00eda impuestos<\/strong>. El <em><strong>erario<\/strong> <\/em>se consegu\u00eda con donativos o \u201c<em>botines de guerra<\/em>\u201d. Por este motivo <strong>los aqueos eran conquistadores<\/strong> y algunas guerras podr\u00edan ser debidas a agobios financieros.<\/span><\/p>\n<p data-gtm-element-container=\"modulo-texto-link\" data-mrf-recirculation=\"Enlaces en p\u00e1rrafos\">\u00a0<\/p>\n<figure id=\"attachment_1475718\" aria-describedby=\"caption-attachment-1475718\" style=\"width: 240px\" class=\"wp-caption aligncenter\"><img loading=\"lazy\" decoding=\"async\" class=\"wp-image-1475718\" src=\"https:\/\/puntocritico.com\/ausajpuntocritico\/wp-content\/uploads\/2020\/12\/Helena-de-Troya-OK.jpg\" alt=\"\" width=\"240\" height=\"293\" \/><figcaption id=\"caption-attachment-1475718\" class=\"wp-caption-text\"><span style=\"color: #008000;\">Helena de Troya<\/span><\/figcaption><\/figure>\n<p data-gtm-element-container=\"modulo-texto-link\" data-mrf-recirculation=\"Enlaces en p\u00e1rrafos\">\u00a0<\/p>\n<h3 class=\"subtitle\" style=\"text-align: center;\"><span style=\"font-size: 18pt;\">Otras obras de Homero<\/span><\/h3>\n<p class=\"paragraph\" style=\"text-align: justify;\" data-gtm-element-container=\"modulo-texto-link\" data-mrf-recirculation=\"Enlaces en p\u00e1rrafos\"><span style=\"font-size: 14pt;\">Adem\u00e1s de\u00a0<i>La Odisea<\/i>\u00a0y\u00a0<i>La Il\u00edada,\u00a0<\/i>a <strong>Homero<\/strong> se le atribuye<strong>\u00a0<i>La Batracomiomaquia<\/i><\/strong>\u00a0(<em>guerra de ranas y ratones<\/em>), el\u00a0<i>Corpus de los Himnos Hom\u00e9ricos<\/i>. <\/span><\/p>\n<p class=\"paragraph\" style=\"text-align: justify;\" data-gtm-element-container=\"modulo-texto-link\" data-mrf-recirculation=\"Enlaces en p\u00e1rrafos\"><span style=\"font-size: 14pt;\">Tambi\u00e9n otras obras perdidas como\u00a0<strong><i>Margites<\/i><\/strong>. Algunos autores le atribuyen el\u00a0<strong><i>Ciclo \u00c9pico<\/i>\u00a0<\/strong>con poemas sobre la <em><strong>guerra de Troya<\/strong> <\/em>y <em><strong>Epopeyas<\/strong> <\/em>que narraban la vida de <strong>Edipo<\/strong> y<em> guerras de argivos y tebanos<\/em>.<\/span><\/p>\n<p class=\"paragraph\" style=\"text-align: justify;\" data-gtm-element-container=\"modulo-texto-link\" data-mrf-recirculation=\"Enlaces en p\u00e1rrafos\"><span style=\"font-size: 14pt;\">Hay algo muy importante que nos aporta <strong>Homero<\/strong> con su obra:\u00a0<strong><i>La Il\u00edada<\/i><\/strong>\u00a0y<i>\u00a0<strong>La Odisea<\/strong><\/i><strong>\u00a0<\/strong>son el pilar donde se apoya la \u00e9pica greco-latina y gran parte de la literatura universal.<\/span><\/p>\n<\/blockquote>\n<p style=\"text-align: justify;\">\u00a0<\/p>\n<figure id=\"attachment_2314426\" aria-describedby=\"caption-attachment-2314426\" style=\"width: 555px\" class=\"wp-caption aligncenter\"><img loading=\"lazy\" decoding=\"async\" class=\"wp-image-2314426\" src=\"https:\/\/puntocritico.com\/ausajpuntocritico\/wp-content\/uploads\/2025\/11\/Iliada-de-Homero-300x150.jpeg\" alt=\"\" width=\"555\" height=\"278\" srcset=\"https:\/\/puntocritico.com\/ausajpuntocritico\/wp-content\/uploads\/2025\/11\/Iliada-de-Homero-300x150.jpeg 300w, https:\/\/puntocritico.com\/ausajpuntocritico\/wp-content\/uploads\/2025\/11\/Iliada-de-Homero.jpeg 656w\" sizes=\"auto, (max-width: 555px) 100vw, 555px\" \/><figcaption id=\"caption-attachment-2314426\" class=\"wp-caption-text\"><span style=\"color: #008000;\">Escena de &#8216;La Iliada&#8217; de Homero Otras Fuentes<\/span><\/figcaption><\/figure>\n<p style=\"text-align: center;\"><strong><span style=\"color: #008000; font-size: 18pt;\">*******<\/span><\/strong><\/p>\n<div class=\"article-top-titles\">\n<div class=\"title-container\">\n<h2 class=\"title\" style=\"text-align: center;\"><span style=\"font-size: 24pt;\">Hes\u00edodo y el nacimiento de los mitos griegos<\/span><\/h2>\n<\/div>\n<\/div>\n<div class=\"epigraph-container\" data-gtm-element-container=\"modulo-texto-link\" data-mrf-recirculation=\"Ep\u00edgrafe noticia\">\n<p class=\"epigraph\" style=\"text-align: center;\"><em><strong><span style=\"font-size: 14pt;\">Poeta, escritor y mit\u00f3grafo es considerado el m\u00e1s antiguo autor de la Grecia cl\u00e1sica despu\u00e9s de Homero<\/span><\/strong><\/em><\/p>\n<\/div>\n<div class=\"article-media-main\" style=\"text-align: justify;\"><span style=\"font-size: 14pt;\">Por <a href=\"https:\/\/puntocritico.com\/ausajpuntocritico\/2024\/03\/29\/la-utilidad-del-racionalismo-de-spinoza-por-joaquin-callabed\/\" target=\"_blank\" rel=\"noopener\" data-schema-attribute=\"\">Joaqu\u00edn Callabed<\/a><\/span><\/div>\n<div style=\"text-align: justify;\"><span style=\"font-size: 14pt;\"><a href=\"https:\/\/www.lavanguardia.com\/participacion\/red-lectores\/20241128\/10145386\/hesiodo-nacimiento-mitos-griegos.html\" target=\"_blank\" rel=\"noopener\">La Vanguardia<\/a>, 28 NOV 2024<\/span><\/div>\n<div>\u00a0<\/div>\n<figure id=\"attachment_2312721\" aria-describedby=\"caption-attachment-2312721\" style=\"width: 480px\" class=\"wp-caption aligncenter\"><img loading=\"lazy\" decoding=\"async\" class=\"wp-image-2312721\" src=\"https:\/\/puntocritico.com\/ausajpuntocritico\/wp-content\/uploads\/2025\/11\/Hesiodo-y-la-Musa-300x147.jpeg\" alt=\"\" width=\"480\" height=\"235\" srcset=\"https:\/\/puntocritico.com\/ausajpuntocritico\/wp-content\/uploads\/2025\/11\/Hesiodo-y-la-Musa-300x147.jpeg 300w, https:\/\/puntocritico.com\/ausajpuntocritico\/wp-content\/uploads\/2025\/11\/Hesiodo-y-la-Musa-768x375.jpeg 768w, https:\/\/puntocritico.com\/ausajpuntocritico\/wp-content\/uploads\/2025\/11\/Hesiodo-y-la-Musa.jpeg 990w\" sizes=\"auto, (max-width: 480px) 100vw, 480px\" \/><figcaption id=\"caption-attachment-2312721\" class=\"wp-caption-text\"><span style=\"color: #008000;\">Hes\u00edodo y la Musa, por Gustave Moreau (Museo de Orsay, Par\u00eds).<\/span><\/figcaption><\/figure>\n<p>&nbsp;<\/p>\n<p class=\"paragraph\" style=\"text-align: justify;\" data-gtm-element-container=\"modulo-texto-link\" data-mrf-recirculation=\"Enlaces en p\u00e1rrafos\"><span style=\"font-size: 14pt;\"><strong>Hes\u00edodo<\/strong>, poeta, escritor y mit\u00f3grafo es <strong>considerado el m\u00e1s antiguo autor de Grecia despu\u00e9s de Homero<\/strong>. Pudo vivir en los siglos IX y VIII a.C.\u00a0Naci\u00f3 en <em>Beocia<\/em>, cuya capital era <em>Tebas<\/em>, enemiga de <em>Atenas<\/em> y tierra de personalidades como <strong>Epaminondas<\/strong>, <strong>P\u00edndaro<\/strong> y <strong>Plutarco<\/strong>.<\/span><\/p>\n<p class=\"paragraph\" style=\"text-align: justify;\" data-gtm-element-container=\"modulo-texto-link\" data-mrf-recirculation=\"Enlaces en p\u00e1rrafos\"><span style=\"font-size: 14pt;\">Labr\u00f3 un campo poco generoso en <em>Asora<\/em>, cerca de <em>Tespias<\/em>, donde se reco<\/span><span style=\"font-size: 14pt;\">rtan en el horizonte el <em>Parnaso<\/em> y <em>Helicon<\/em> y el <em><strong>caballo Pegaso<\/strong><\/em> hab\u00eda emprendido el vuelo hacia el Cielo. Muy cerca la fuente en la que <em><strong>Narciso<\/strong> <\/em>contemplaba su propia imagen.<\/span><\/p>\n<p class=\"paragraph\" style=\"text-align: justify;\" data-gtm-element-container=\"modulo-texto-link\" data-mrf-recirculation=\"Enlaces en p\u00e1rrafos\"><span style=\"font-size: 14pt;\">Cuenta que <strong>decidi\u00f3 hacerse poeta cuando las musas se le aparecieron<\/strong> mientras estaba con su reba\u00f1o al pie del <em>monte Helicon<\/em>.<\/span><\/p>\n<p class=\"paragraph\" style=\"text-align: justify;\" data-gtm-element-container=\"modulo-texto-link\" data-mrf-recirculation=\"Enlaces en p\u00e1rrafos\"><span style=\"font-size: 14pt;\"><strong>Hes\u00edodo<\/strong> recibi\u00f3 el don de la poes\u00eda por las musas. <strong>Gan\u00f3 un premio literario en <em>Calcis<\/em> con este poema<\/strong>:<\/span><\/p>\n<blockquote>\n<p class=\"paragraph\" style=\"text-align: justify;\" data-gtm-element-container=\"modulo-texto-link\" data-mrf-recirculation=\"Enlaces en p\u00e1rrafos\"><span style=\"color: #008000;\"><strong><span style=\"font-size: 14pt;\"><i>\u00abAl surgir las pl\u00e9yades descendientes de Atlas, empieza la siega; y la labranza cuando se oculten. Desde ese momento est\u00e1n escondidas durante cuarenta noches y cuarenta d\u00edas y de nuevo al completarse el a\u00f1o empiezan a aparecer cuando se afila la hoz.<\/i><\/span><\/strong><\/span><\/p>\n<p class=\"paragraph\" style=\"text-align: justify;\" data-gtm-element-container=\"modulo-texto-link\" data-mrf-recirculation=\"Enlaces en p\u00e1rrafos\"><span style=\"color: #008000;\"><strong><span style=\"font-size: 14pt;\"><i>Esta es la ley de los campos para quienes viven cerca del mar y para quienes en frondosos valles, lejos del ondulado ponto habitan ricos lugares. Siembra desnudo, ara desnudo y siega cuando a cada cosa le llegue su momento\u00bb.<\/i><\/span><\/strong><\/span><\/p>\n<p class=\"paragraph\" style=\"text-align: justify;\" data-gtm-element-container=\"modulo-texto-link\" data-mrf-recirculation=\"Enlaces en p\u00e1rrafos\"><span style=\"color: #008000;\"><strong><span style=\"font-size: 14pt;\"><i>(Trabajos 383-92)<\/i><\/span><\/strong><\/span><\/p>\n<p data-gtm-element-container=\"modulo-texto-link\" data-mrf-recirculation=\"Enlaces en p\u00e1rrafos\">\u00a0<\/p>\n<\/blockquote>\n<p class=\"paragraph\" style=\"text-align: justify;\" data-gtm-element-container=\"modulo-texto-link\" data-mrf-recirculation=\"Enlaces en p\u00e1rrafos\"><span style=\"font-size: 14pt;\">En\u00a0<strong><i>La Teogon\u00eda<\/i><\/strong>\u00a0cuenta el <strong>nacimiento de los dioses<\/strong> y da cuenta de <strong>c\u00f3mo se estructura el cosmos<\/strong>.\u00a0<\/span><\/p>\n<p class=\"paragraph\" style=\"text-align: justify;\" data-gtm-element-container=\"modulo-texto-link\" data-mrf-recirculation=\"Enlaces en p\u00e1rrafos\"><span style=\"font-size: 14pt;\">En su obra<strong>\u00a0<i>Los trabajos y los d\u00edas<\/i>\u00a0<\/strong>hace un canto a la vida campesina en Grecia. Tambi\u00e9n abarca temas morales, aconsejando a su hermano <strong>Perses<\/strong> c\u00f3mo llevar una vida virtuosa y exitosa.<\/span><\/p>\n<p data-gtm-element-container=\"modulo-texto-link\" data-mrf-recirculation=\"Enlaces en p\u00e1rrafos\">\u00a0<\/p>\n<p data-gtm-element-container=\"modulo-texto-link\" data-mrf-recirculation=\"Enlaces en p\u00e1rrafos\"><img loading=\"lazy\" decoding=\"async\" class=\"aligncenter wp-image-1448620\" src=\"https:\/\/puntocritico.com\/ausajpuntocritico\/wp-content\/uploads\/2020\/11\/Mapa-de-Grecia-y-Troya-300x158.jpg\" alt=\"\" width=\"555\" height=\"291\" srcset=\"https:\/\/puntocritico.com\/ausajpuntocritico\/wp-content\/uploads\/2020\/11\/Mapa-de-Grecia-y-Troya-300x158.jpg 300w, https:\/\/puntocritico.com\/ausajpuntocritico\/wp-content\/uploads\/2020\/11\/Mapa-de-Grecia-y-Troya.jpg 600w\" sizes=\"auto, (max-width: 555px) 100vw, 555px\" \/><\/p>\n<p data-gtm-element-container=\"modulo-texto-link\" data-mrf-recirculation=\"Enlaces en p\u00e1rrafos\">\u00a0<\/p>\n<p style=\"text-align: justify;\" data-gtm-element-container=\"modulo-texto-link\" data-mrf-recirculation=\"Enlaces en p\u00e1rrafos\"><span style=\"font-size: 14pt;\">La \u00e9poca de <strong>Hes\u00edodo<\/strong> es la <strong>antesala del pensamiento filos\u00f3fico que comenzar\u00e1 a darse en <em>Mileto<\/em> (<em>Jonia<\/em>) en el siglo VI a.C.<\/strong><\/span><\/p>\n<p data-gtm-element-container=\"modulo-texto-link\" data-mrf-recirculation=\"Enlaces en p\u00e1rrafos\">\u00a0<\/p>\n<h3 class=\"subtitle\" style=\"text-align: center;\"><span style=\"font-size: 18pt;\">1. &#8216;La Teogon\u00eda&#8217;<\/span><\/h3>\n<p><span style=\"font-size: 14pt;\">En esta obra <strong>orden\u00f3 los mitos griegos que hasta entonces eran transmitido de forma oral<\/strong>. <strong>Zeus<\/strong> asciende como rey del mundo.\u00a0La historia del origen del mundo se inicia.<\/span><\/p>\n<p>&nbsp;<\/p>\n<p data-gtm-element-container=\"modulo-texto-link\" data-mrf-recirculation=\"Enlaces en p\u00e1rrafos\"><img loading=\"lazy\" decoding=\"async\" class=\"aligncenter wp-image-2314487 size-full\" src=\"https:\/\/puntocritico.com\/ausajpuntocritico\/wp-content\/uploads\/2025\/11\/La-Teogonia-de-Hesiodo-1.jpg\" alt=\"\" width=\"686\" height=\"386\" srcset=\"https:\/\/puntocritico.com\/ausajpuntocritico\/wp-content\/uploads\/2025\/11\/La-Teogonia-de-Hesiodo-1.jpg 686w, https:\/\/puntocritico.com\/ausajpuntocritico\/wp-content\/uploads\/2025\/11\/La-Teogonia-de-Hesiodo-1-300x169.jpg 300w, https:\/\/puntocritico.com\/ausajpuntocritico\/wp-content\/uploads\/2025\/11\/La-Teogonia-de-Hesiodo-1-678x381.jpg 678w\" sizes=\"auto, (max-width: 686px) 100vw, 686px\" \/><\/p>\n<p class=\"paragraph\" style=\"text-align: justify;\" data-gtm-element-container=\"modulo-texto-link\" data-mrf-recirculation=\"Enlaces en p\u00e1rrafos\">\u00a0<\/p>\n<ul style=\"text-align: justify;\">\n<li><span style=\"font-size: 14pt;\"><strong>Nacimiento de los dioses<\/strong><\/span><\/li>\n<\/ul>\n<p class=\"paragraph\" style=\"text-align: justify;\" data-gtm-element-container=\"modulo-texto-link\" data-mrf-recirculation=\"Enlaces en p\u00e1rrafos\"><span style=\"font-size: 14pt;\"><strong>Primero solo existi\u00f3 el Caos<\/strong>. Despu\u00e9s del Caos surge la tierra (<strong>Gea<\/strong>), el <strong>Tartaro<\/strong> en las profundidades de la tierra y <strong>Eros<\/strong>, el mas bello de los inmortales dioses, que libra de peligros a todas las deidades y todos los hombres y triunfa con su inteligencia y sus prudentes decisiones.<\/span><\/p>\n<p class=\"paragraph\" style=\"text-align: justify;\" data-gtm-element-container=\"modulo-texto-link\" data-mrf-recirculation=\"Enlaces en p\u00e1rrafos\"><span style=\"font-size: 14pt;\"><strong>Del Caos nacieron el Erebo y la Noche<\/strong>. <strong>Del Erebo y la Noche el Eter y el D\u00eda<\/strong>.<\/span><\/p>\n<p class=\"paragraph\" style=\"text-align: justify;\" data-gtm-element-container=\"modulo-texto-link\" data-mrf-recirculation=\"Enlaces en p\u00e1rrafos\"><span style=\"font-size: 14pt;\"><strong>De la tierra surge el Cielo<\/strong> (<strong>Urano<\/strong>). <\/span><\/p>\n<p class=\"paragraph\" style=\"text-align: justify;\" data-gtm-element-container=\"modulo-texto-link\" data-mrf-recirculation=\"Enlaces en p\u00e1rrafos\"><span style=\"font-size: 14pt;\">Entre ambos engendran a los <strong>Titanes<\/strong> con 50 cabezas y cien manos.<\/span><\/p>\n<p class=\"paragraph\" style=\"text-align: justify;\" data-gtm-element-container=\"modulo-texto-link\" data-mrf-recirculation=\"Enlaces en p\u00e1rrafos\"><span style=\"font-size: 14pt;\">Ante el <strong>temor de ser destronado<\/strong> por alguno de sus hijos, <strong>Urano<\/strong> los encerraba en el interior de la tierra. <strong>Cronos<\/strong> agrede a <strong>Urano<\/strong> en sus genitales y de su sangre nacen las <strong>Furias<\/strong>, <strong>Ninfas<\/strong> y <strong>Gigantes<\/strong>.<\/span><\/p>\n<p class=\"paragraph\" style=\"text-align: justify;\" data-gtm-element-container=\"modulo-texto-link\" data-mrf-recirculation=\"Enlaces en p\u00e1rrafos\"><span style=\"font-size: 14pt;\"> Tambi\u00e9n de la sangre de <strong>Urano<\/strong>, en contacto con el mar, nace <strong>Afrodita<\/strong> que no tiene sexo.<\/span><\/p>\n<p class=\"paragraph\" style=\"text-align: justify;\" data-gtm-element-container=\"modulo-texto-link\" data-mrf-recirculation=\"Enlaces en p\u00e1rrafos\"><span style=\"font-size: 14pt;\">El hijo sustituye al padre. <strong>Cronos<\/strong> se casa con <strong>Rea<\/strong>, su hermana. El <em>or\u00e1culo<\/em> le dice que uno de sus hijos atentar\u00e1 contra su primac\u00eda en el reino. <strong>Cronos<\/strong> decide tragarse a cada uno de sus hijos (<em>el <strong>Saturno<\/strong> devorando a sus hijos, de <strong>Goya<\/strong><\/em>). <strong>Rea<\/strong>, aconsejada por su madre <strong>Gea<\/strong>, oculta a <strong>Zeus<\/strong>, su hijo menor y le da a <strong>Cronos<\/strong> una piedra envuelta en pa\u00f1ales, en sustituci\u00f3n de <strong>Zeus<\/strong>. La lucha desatada entre <strong>Cronos<\/strong> y <strong>Zeus<\/strong> dura 10 a\u00f1os.\u00a0<\/span><\/p>\n<p style=\"text-align: justify;\" data-gtm-element-container=\"modulo-texto-link\" data-mrf-recirculation=\"Enlaces en p\u00e1rrafos\">\u00a0<\/p>\n<figure id=\"attachment_2312720\" aria-describedby=\"caption-attachment-2312720\" style=\"width: 240px\" class=\"wp-caption aligncenter\"><img loading=\"lazy\" decoding=\"async\" class=\"wp-image-2312720\" src=\"https:\/\/puntocritico.com\/ausajpuntocritico\/wp-content\/uploads\/2025\/11\/Busto-que-representaria-supuestamente-a-la-figura-de-Hesiodo-200x300.jpeg\" alt=\"\" width=\"240\" height=\"360\" srcset=\"https:\/\/puntocritico.com\/ausajpuntocritico\/wp-content\/uploads\/2025\/11\/Busto-que-representaria-supuestamente-a-la-figura-de-Hesiodo-200x300.jpeg 200w, https:\/\/puntocritico.com\/ausajpuntocritico\/wp-content\/uploads\/2025\/11\/Busto-que-representaria-supuestamente-a-la-figura-de-Hesiodo.jpeg 566w\" sizes=\"auto, (max-width: 240px) 100vw, 240px\" \/><figcaption id=\"caption-attachment-2312720\" class=\"wp-caption-text\"><span style=\"color: #008000;\">Busto que representar\u00eda supuestamente a la figura de Hes\u00edodo<\/span><\/figcaption><\/figure>\n<p style=\"text-align: justify;\" data-gtm-element-container=\"modulo-texto-link\" data-mrf-recirculation=\"Enlaces en p\u00e1rrafos\">\u00a0<\/p>\n<p class=\"paragraph\" style=\"text-align: justify;\" data-gtm-element-container=\"modulo-texto-link\" data-mrf-recirculation=\"Enlaces en p\u00e1rrafos\"><span style=\"font-size: 14pt;\"><strong>Finalmente, Zeus destituye a Cronos y los perdedores de la batalla son confinados en el <em>Tartaro<\/em>, una zona situada en los confines del mundo<\/strong>. <strong>Zeus<\/strong> establece definitivamente el orden, la paz y la justicia en el Universo y fija distancias entre los hombre y los dioses.<\/span><\/p>\n<p class=\"paragraph\" style=\"text-align: justify;\" data-gtm-element-container=\"modulo-texto-link\" data-mrf-recirculation=\"Enlaces en p\u00e1rrafos\"><span style=\"font-size: 14pt;\">Tambi\u00e9n describe <strong>Hesiodo<\/strong>, la aparici\u00f3n de la mujer en <strong>Pandora<\/strong> que trae todos los males a la tierra excepto la esperanza y el mito de <strong>Prometeo<\/strong> que quit\u00f3 el fuego a <strong>Zeus<\/strong> para d\u00e1rselo a los hombres y fue severamente castigado.<\/span><\/p>\n<p>&nbsp;<\/p>\n<figure id=\"attachment_1476157\" aria-describedby=\"caption-attachment-1476157\" style=\"width: 400px\" class=\"wp-caption aligncenter\"><img loading=\"lazy\" decoding=\"async\" class=\"wp-image-1476157\" src=\"https:\/\/puntocritico.com\/ausajpuntocritico\/wp-content\/uploads\/2020\/12\/Apollo_and_the_Muses_by_John_Singer_Sargent_1921-300x206.jpg\" alt=\"\" width=\"400\" height=\"274\" srcset=\"https:\/\/puntocritico.com\/ausajpuntocritico\/wp-content\/uploads\/2020\/12\/Apollo_and_the_Muses_by_John_Singer_Sargent_1921-300x206.jpg 300w, https:\/\/puntocritico.com\/ausajpuntocritico\/wp-content\/uploads\/2020\/12\/Apollo_and_the_Muses_by_John_Singer_Sargent_1921-768x526.jpg 768w, https:\/\/puntocritico.com\/ausajpuntocritico\/wp-content\/uploads\/2020\/12\/Apollo_and_the_Muses_by_John_Singer_Sargent_1921-610x418.jpg 610w, https:\/\/puntocritico.com\/ausajpuntocritico\/wp-content\/uploads\/2020\/12\/Apollo_and_the_Muses_by_John_Singer_Sargent_1921.jpg 870w\" sizes=\"auto, (max-width: 400px) 100vw, 400px\" \/><figcaption id=\"caption-attachment-1476157\" class=\"wp-caption-text\"><span style=\"color: #008000;\">Apolo y las Musas, de John Singer Sargent (1921)<\/span><\/figcaption><\/figure>\n<p>&nbsp;<\/p>\n<ul style=\"text-align: justify;\">\n<li><span style=\"font-size: 14pt;\"><strong>Las musas<\/strong><\/span><\/li>\n<\/ul>\n<p class=\"paragraph\" style=\"text-align: justify;\" data-gtm-element-container=\"modulo-texto-link\" data-mrf-recirculation=\"Enlaces en p\u00e1rrafos\"><span style=\"font-size: 14pt;\">Quedan <strong>convertidas en diosas por la magia de la palabra<\/strong>.<\/span><\/p>\n<ol style=\"text-align: justify;\">\n<li>\n<blockquote><p><strong><span style=\"font-size: 14pt; color: #008000;\">Clio, la que celebra o da fama<\/span><\/strong><\/p><\/blockquote>\n<\/li>\n<li>\n<blockquote><p><strong><span style=\"font-size: 14pt; color: #008000;\">Euterpe, la que nos alegra<\/span><\/strong><\/p><\/blockquote>\n<\/li>\n<li>\n<blockquote><p><strong><span style=\"font-size: 14pt; color: #008000;\">Tal\u00eda, es la fiesta misma<\/span><\/strong><\/p><\/blockquote>\n<\/li>\n<li>\n<blockquote><p><strong><span style=\"font-size: 14pt; color: #008000;\">Melp\u00f3mene, la que canta<\/span><\/strong><\/p><\/blockquote>\n<\/li>\n<li>\n<blockquote><p><strong><span style=\"font-size: 14pt; color: #008000;\">Terps\u00edcore, la que disfruta con los coros<\/span><\/strong><\/p><\/blockquote>\n<\/li>\n<li>\n<blockquote><p><strong><span style=\"font-size: 14pt; color: #008000;\">Polimnia, la de muchos himnos<\/span><\/strong><\/p><\/blockquote>\n<\/li>\n<li>\n<blockquote><p><strong><span style=\"font-size: 14pt; color: #008000;\">Urania, la celeste<\/span><\/strong><\/p><\/blockquote>\n<\/li>\n<li>\n<blockquote><p><strong><span style=\"font-size: 14pt; color: #008000;\">Cal\u00edope, la de la bella voz<\/span><\/strong><\/p><\/blockquote>\n<\/li>\n<\/ol>\n<p class=\"paragraph\" style=\"text-align: justify;\" data-gtm-element-container=\"modulo-texto-link\" data-mrf-recirculation=\"Enlaces en p\u00e1rrafos\">\u00a0<\/p>\n<ul style=\"text-align: justify;\">\n<li><span style=\"font-size: 14pt;\"><strong>Nereidas<\/strong><\/span><\/li>\n<\/ul>\n<p class=\"paragraph\" style=\"text-align: justify;\" data-gtm-element-container=\"modulo-texto-link\" data-mrf-recirculation=\"Enlaces en p\u00e1rrafos\"><span style=\"font-size: 14pt;\"><strong>Descubren un mundo de marinos<\/strong>.<\/span><\/p>\n<ol style=\"text-align: justify;\">\n<li>\n<blockquote><p><span style=\"color: #008000;\"><strong><span style=\"font-size: 14pt;\">Glauca, la azulada<\/span><\/strong><\/span><\/p><\/blockquote>\n<\/li>\n<li>\n<blockquote><p><span style=\"color: #008000;\"><strong><span style=\"font-size: 14pt;\">Agave, la resplandeciente<\/span><\/strong><\/span><\/p><\/blockquote>\n<\/li>\n<li>\n<blockquote><p><span style=\"color: #008000;\"><strong><span style=\"font-size: 14pt;\">Glauc\u00f3noma, la de azulado prado<\/span><\/strong><\/span><\/p><\/blockquote>\n<\/li>\n<li>\n<blockquote><p><span style=\"color: #008000;\"><strong><span style=\"font-size: 14pt;\">Halia, la salada<\/span><\/strong><\/span><\/p><\/blockquote>\n<\/li>\n<li>\n<blockquote><p><span style=\"color: #008000;\"><strong><span style=\"font-size: 14pt;\">Cim\u00f3toa, las r\u00e1pidas olas<\/span><\/strong><\/span><\/p><\/blockquote>\n<\/li>\n<li>\n<blockquote><p><span style=\"color: #008000;\"><strong><span style=\"font-size: 14pt;\">Cim\u00f3doca, la que recibe el oleaje<\/span><\/strong><\/span><\/p><\/blockquote>\n<\/li>\n<li>\n<blockquote><p><span style=\"color: #008000;\"><strong><span style=\"font-size: 14pt;\">Galena, la calma<\/span><\/strong><\/span><\/p><\/blockquote>\n<\/li>\n<li>\n<blockquote><p><span style=\"color: #008000;\"><strong><span style=\"font-size: 14pt;\">Din\u00e1neme, la potente<\/span><\/strong><\/span><\/p><\/blockquote>\n<\/li>\n<\/ol>\n<p class=\"paragraph\" style=\"text-align: justify;\" data-gtm-element-container=\"modulo-texto-link\" data-mrf-recirculation=\"Enlaces en p\u00e1rrafos\">\u00a0<\/p>\n<ul style=\"text-align: justify;\">\n<li><span style=\"font-size: 14pt;\"><strong>El mundo geogr\u00e1fico<\/strong><\/span><\/li>\n<\/ul>\n<ol style=\"text-align: justify;\">\n<li>\n<blockquote><p><span style=\"color: #008000;\"><strong><span style=\"font-size: 14pt;\">Espeo, la de las grutas<\/span><\/strong><\/span><\/p><\/blockquote>\n<\/li>\n<li>\n<blockquote><p><span style=\"color: #008000;\"><strong><span style=\"font-size: 14pt;\">Actea, de los acantilados<\/span><\/strong><\/span><\/p><\/blockquote>\n<\/li>\n<li>\n<blockquote><p><span style=\"color: #008000;\"><strong><span style=\"font-size: 14pt;\">Nerea, la isle\u00f1a<\/span><\/strong><\/span><\/p><\/blockquote>\n<\/li>\n<li>\n<blockquote><p><span style=\"color: #008000;\"><strong><span style=\"font-size: 14pt;\">Ps\u00e1mata, la arenosa<\/span><\/strong><\/span><\/p><\/blockquote>\n<\/li>\n<li>\n<blockquote><p><span style=\"color: #008000;\"><strong><span style=\"font-size: 14pt;\">Neso, la isla<\/span><\/strong><\/span><\/p><\/blockquote>\n<\/li>\n<\/ol>\n<p class=\"paragraph\" style=\"text-align: justify;\" data-gtm-element-container=\"modulo-texto-link\" data-mrf-recirculation=\"Enlaces en p\u00e1rrafos\">\u00a0<\/p>\n<ul style=\"text-align: justify;\">\n<li><span style=\"font-size: 14pt;\"><strong>Sobre los viajes<\/strong><\/span><\/li>\n<\/ul>\n<ol style=\"text-align: justify;\">\n<li>\n<blockquote><p><span style=\"color: #008000;\"><strong><span style=\"font-size: 14pt;\">Ploto, es la naviera<\/span><\/strong><\/span><\/p><\/blockquote>\n<\/li>\n<li>\n<blockquote><p><span style=\"color: #008000;\"><strong><span style=\"font-size: 14pt;\">Eucrania, la que llega a buen fin<\/span><\/strong><\/span><\/p><\/blockquote>\n<\/li>\n<li>\n<blockquote><p><span style=\"color: #008000;\"><strong><span style=\"font-size: 14pt;\">Sao, la salvadora<\/span><\/strong><\/span><\/p><\/blockquote>\n<\/li>\n<li>\n<blockquote><p><span style=\"color: #008000;\"><strong><span style=\"font-size: 14pt;\">Eudora, la que da prosperidad<\/span><\/strong><\/span><\/p><\/blockquote>\n<\/li>\n<li>\n<blockquote><p><span style=\"color: #008000;\"><strong><span style=\"font-size: 14pt;\">Eul\u00edmene, la de buen puerto<\/span><\/strong><\/span><\/p><\/blockquote>\n<\/li>\n<li>\n<blockquote><p><span style=\"color: #008000;\"><strong><span style=\"font-size: 14pt;\">\u00c9yone, la del fondeadero<\/span><\/strong><\/span><\/p><\/blockquote>\n<\/li>\n<li>\n<blockquote><p><span style=\"color: #008000;\"><strong><span style=\"font-size: 14pt;\">Doto, la dadivosa<\/span><\/strong><\/span><\/p><\/blockquote>\n<\/li>\n<li>\n<blockquote><p><span style=\"color: #008000;\"><strong><span style=\"font-size: 14pt;\">Doris, la que regala<\/span><\/strong><\/span><\/p><\/blockquote>\n<\/li>\n<li>\n<blockquote><p><span style=\"color: #008000;\"><strong><span style=\"font-size: 14pt;\">Ferusa, la que lleva<\/span><\/strong><\/span><\/p><\/blockquote>\n<\/li>\n<li>\n<blockquote><p><span style=\"color: #008000;\"><strong><span style=\"font-size: 14pt;\">Pontporea, la que atraviesa el Ponto<\/span><\/strong><\/span><\/p><\/blockquote>\n<\/li>\n<\/ol>\n<p class=\"paragraph\" style=\"text-align: justify;\" data-gtm-element-container=\"modulo-texto-link\" data-mrf-recirculation=\"Enlaces en p\u00e1rrafos\">\u00a0<\/p>\n<ul style=\"text-align: justify;\">\n<li><span style=\"font-size: 14pt;\"><strong>Sobre sabidur\u00eda e inteligencia<\/strong><\/span><\/li>\n<\/ul>\n<ol style=\"text-align: justify;\">\n<li>\n<blockquote><p><strong><span style=\"font-size: 14pt; color: #008000;\">Proto, la primera<\/span><\/strong><\/p><\/blockquote>\n<\/li>\n<li>\n<blockquote><p><strong><span style=\"font-size: 14pt; color: #008000;\">Promedea, la primera en pensamientos<\/span><\/strong><\/p><\/blockquote>\n<\/li>\n<li>\n<blockquote><p><strong><span style=\"font-size: 14pt; color: #008000;\">P\u00e1nope, la que todo lo ve<\/span><\/strong><\/p><\/blockquote>\n<\/li>\n<li>\n<blockquote><p><strong><span style=\"font-size: 14pt; color: #008000;\">Halimeda, la que cuida el mar<\/span><\/strong><\/p><\/blockquote>\n<\/li>\n<li>\n<blockquote><p><strong><span style=\"font-size: 14pt; color: #008000;\">Polinoe, la muy inteligente<\/span><\/strong><\/p><\/blockquote>\n<\/li>\n<li>\n<blockquote><p><strong><span style=\"font-size: 14pt; color: #008000;\">Aut\u00f3noe, la que se comprende a s\u00ed misma<\/span><\/strong><\/p><\/blockquote>\n<\/li>\n<li>\n<blockquote><p><strong><span style=\"font-size: 14pt; color: #008000;\">Temisto, la que guarda las leyes<\/span><\/strong><\/p><\/blockquote>\n<\/li>\n<li>\n<blockquote><p><strong><span style=\"font-size: 14pt; color: #008000;\">Pr\u00f3moe, la previsora<\/span><\/strong><\/p><\/blockquote>\n<\/li>\n<li>\n<blockquote><p><strong><span style=\"font-size: 14pt; color: #008000;\">Nemertes, la sin tacha<\/span><\/strong><\/p><\/blockquote>\n<\/li>\n<\/ol>\n<p class=\"paragraph\" style=\"text-align: justify;\" data-gtm-element-container=\"modulo-texto-link\" data-mrf-recirculation=\"Enlaces en p\u00e1rrafos\">\u00a0<\/p>\n<ul style=\"text-align: justify;\">\n<li><span style=\"font-size: 14pt;\"><strong>Con la ra\u00edz Hippo<\/strong><\/span><\/li>\n<\/ul>\n<ol style=\"text-align: justify;\">\n<li>\n<blockquote><p><span style=\"color: #008000;\"><strong><span style=\"font-size: 14pt;\">Hip\u00f3toa, r\u00e1pida como el caballo<\/span><\/strong><\/span><\/p><\/blockquote>\n<\/li>\n<li>\n<blockquote><p><span style=\"color: #008000;\"><strong><span style=\"font-size: 14pt;\">Hip\u00f3noe, inteligente como el caballo<\/span><\/strong><\/span><\/p><\/blockquote>\n<\/li>\n<li>\n<blockquote><p><span style=\"color: #008000;\"><strong><span style=\"font-size: 14pt;\">Menima, con la fuerza del caballo<\/span><\/strong><\/span><\/p><\/blockquote>\n<\/li>\n<\/ol>\n<blockquote>\n<p class=\"paragraph\" style=\"text-align: justify;\" data-gtm-element-container=\"modulo-texto-link\" data-mrf-recirculation=\"Enlaces en p\u00e1rrafos\">\u00a0<\/p>\n<\/blockquote>\n<ul style=\"text-align: justify;\">\n<li><span style=\"font-size: 14pt;\"><strong>Otras actividades humanas<\/strong><\/span><\/li>\n<\/ul>\n<ol style=\"text-align: justify;\">\n<li style=\"text-align: justify;\">\n<blockquote><p><span style=\"color: #008000;\"><strong><span style=\"font-size: 14pt;\">Eunice, la de f\u00e1cil victoria<\/span><\/strong><\/span><\/p><\/blockquote>\n<\/li>\n<li style=\"text-align: justify;\">\n<blockquote><p><span style=\"color: #008000;\"><strong><span style=\"font-size: 14pt;\">Le\u00e1gora, la de suave palabra<\/span><\/strong><\/span><\/p><\/blockquote>\n<\/li>\n<li style=\"text-align: justify;\">\n<blockquote><p><span style=\"color: #008000;\"><strong><span style=\"font-size: 14pt;\">Ev\u00e1gora, la elocuente<\/span><\/strong><\/span><\/p><\/blockquote>\n<\/li>\n<li style=\"text-align: justify;\">\n<blockquote><p><span style=\"color: #008000;\"><strong><span style=\"font-size: 14pt;\">Lisianasa, se\u00f1ora de la libertad<\/span><\/strong><\/span><\/p><\/blockquote>\n<\/li>\n<li style=\"text-align: justify;\">\n<blockquote><p><span style=\"color: #008000;\"><strong><span style=\"font-size: 14pt;\">Evarna, rica en ganado<\/span><\/strong><\/span><\/p><\/blockquote>\n<\/li>\n<li style=\"text-align: justify;\">\n<blockquote><p><span style=\"color: #008000;\"><strong><span style=\"font-size: 14pt;\">Laomedea, la que se preocupa del pueblo<\/span><\/strong><\/span><\/p><\/blockquote>\n<\/li>\n<\/ol>\n<blockquote>\n<p class=\"paragraph\" style=\"text-align: justify;\" data-gtm-element-container=\"modulo-texto-link\" data-mrf-recirculation=\"Enlaces en p\u00e1rrafos\">\u00a0<\/p>\n<\/blockquote>\n<ul style=\"text-align: justify;\">\n<li><span style=\"font-size: 14pt;\"><strong>Oce\u00e1nides<\/strong><\/span><\/li>\n<\/ul>\n<p class=\"paragraph\" style=\"text-align: justify;\" data-gtm-element-container=\"modulo-texto-link\" data-mrf-recirculation=\"Enlaces en p\u00e1rrafos\"><span style=\"font-size: 14pt;\">Son <strong>hijas del rio de agua dulce<\/strong>.<\/span><\/p>\n<ol style=\"text-align: justify;\">\n<li>\n<blockquote><p><span style=\"color: #008000;\"><strong><span style=\"font-size: 14pt;\">Calirroe, la de bellas corrientes<\/span><\/strong><\/span><\/p><\/blockquote>\n<\/li>\n<li>\n<blockquote><p><span style=\"color: #008000;\"><strong><span style=\"font-size: 14pt;\">Plexaura, la que golpea el agua<\/span><\/strong><\/span><\/p><\/blockquote>\n<\/li>\n<li>\n<blockquote><p><span style=\"color: #008000;\"><strong><span style=\"font-size: 14pt;\">Galaxaura, del agua como la leche<\/span><\/strong><\/span><\/p><\/blockquote>\n<\/li>\n<li>\n<blockquote><p><span style=\"color: #008000;\"><strong><span style=\"font-size: 14pt;\">Anfiro, la que rodea de corrientes<\/span><\/strong><\/span><\/p><\/blockquote>\n<\/li>\n<li>\n<blockquote><p><span style=\"color: #008000;\"><strong><span style=\"font-size: 14pt;\">Ocirroe, de r\u00e1pida corriente<\/span><\/strong><\/span><\/p><\/blockquote>\n<\/li>\n<\/ol>\n<p class=\"paragraph\" style=\"text-align: justify;\" data-gtm-element-container=\"modulo-texto-link\" data-mrf-recirculation=\"Enlaces en p\u00e1rrafos\">\u00a0<\/p>\n<ul style=\"text-align: justify;\">\n<li><span style=\"font-size: 14pt;\"><strong>Monta\u00f1as<\/strong><\/span><\/li>\n<\/ul>\n<ol style=\"text-align: justify;\">\n<li>\n<blockquote><p><span style=\"color: #008000;\"><strong><span style=\"font-size: 14pt;\">Primmo, la que nace al pie de las monta\u00f1as<\/span><\/strong><\/span><\/p><\/blockquote>\n<\/li>\n<li>\n<blockquote><p><span style=\"color: #008000;\"><strong><span style=\"font-size: 14pt;\">Petrea, la rocosa<\/span><\/strong><\/span><\/p><\/blockquote>\n<\/li>\n<li>\n<blockquote><p><span style=\"color: #008000;\"><strong><span style=\"font-size: 14pt;\">Eurinome, la de anchos prados<\/span><\/strong><\/span><\/p><\/blockquote>\n<\/li>\n<li>\n<blockquote><p><span style=\"color: #008000;\"><strong><span style=\"font-size: 14pt;\">Electra, color de \u00e1mbar<\/span><\/strong><\/span><\/p><\/blockquote>\n<\/li>\n<li>\n<blockquote><p><span style=\"color: #008000;\"><strong><span style=\"font-size: 14pt;\">Yanta, la viol\u00e1cea<\/span><\/strong><\/span><\/p><\/blockquote>\n<\/li>\n<li>\n<blockquote><p><span style=\"color: #008000;\"><strong><span style=\"font-size: 14pt;\">Rodea, la rosada<\/span><\/strong><\/span><\/p><\/blockquote>\n<\/li>\n<li>\n<blockquote><p><span style=\"color: #008000;\"><strong><span style=\"font-size: 14pt;\">Janta, la rubia<\/span><\/strong><\/span><\/p><\/blockquote>\n<\/li>\n<li>\n<blockquote><p><span style=\"color: #008000;\"><strong><span style=\"font-size: 14pt;\">Criseida, la dorada<\/span><\/strong><\/span><\/p><\/blockquote>\n<\/li>\n<\/ol>\n<p class=\"paragraph\" style=\"text-align: justify;\" data-gtm-element-container=\"modulo-texto-link\" data-mrf-recirculation=\"Enlaces en p\u00e1rrafos\">\u00a0<\/p>\n<ul style=\"text-align: justify;\">\n<li><span style=\"font-size: 14pt;\"><strong>Cualidades femeninas<\/strong><\/span><\/li>\n<\/ul>\n<ol style=\"text-align: justify;\">\n<li>\n<blockquote><p><span style=\"color: #008000;\"><strong><span style=\"font-size: 14pt;\">Peito, la persuasiva<\/span><\/strong><\/span><\/p><\/blockquote>\n<\/li>\n<li>\n<blockquote><p><span style=\"color: #008000;\"><strong><span style=\"font-size: 14pt;\">Pis\u00edtoe, la que obedece<\/span><\/strong><\/span><\/p><\/blockquote>\n<\/li>\n<li>\n<blockquote><p><span style=\"color: #008000;\"><strong><span style=\"font-size: 14pt;\">Clitia, la ilustre<\/span><\/strong><\/span><\/p><\/blockquote>\n<\/li>\n<li>\n<blockquote><p><span style=\"color: #008000;\"><strong><span style=\"font-size: 14pt;\">Climene, la celebrada<\/span><\/strong><\/span><\/p><\/blockquote>\n<\/li>\n<li>\n<blockquote><p><span style=\"color: #008000;\"><strong><span style=\"font-size: 14pt;\">Admeta, la virgen<\/span><\/strong><\/span><\/p><\/blockquote>\n<\/li>\n<li>\n<blockquote><p><span style=\"color: #008000;\"><strong><span style=\"font-size: 14pt;\">Zeuxo, la que se une en matrimonio<\/span><\/strong><\/span><\/p><\/blockquote>\n<\/li>\n<li>\n<blockquote><p><span style=\"color: #008000;\"><strong><span style=\"font-size: 14pt;\">Idia, la experta<\/span><\/strong><\/span><\/p><\/blockquote>\n<\/li>\n<li>\n<blockquote><p><span style=\"color: #008000;\"><strong><span style=\"font-size: 14pt;\">Metis, la inteligencia<\/span><\/strong><\/span><\/p><\/blockquote>\n<\/li>\n<li>\n<blockquote><p><span style=\"color: #008000;\"><strong><span style=\"font-size: 14pt;\">Telesto, la perfecta<\/span><\/strong><\/span><\/p><\/blockquote>\n<\/li>\n<\/ol>\n<p class=\"paragraph\" style=\"text-align: justify;\" data-gtm-element-container=\"modulo-texto-link\" data-mrf-recirculation=\"Enlaces en p\u00e1rrafos\">\u00a0<\/p>\n<ul style=\"text-align: justify;\">\n<li><span style=\"font-size: 14pt;\"><strong>Otras actividades humanas<\/strong><\/span><\/li>\n<\/ul>\n<ol style=\"text-align: justify;\">\n<li>\n<blockquote><p><span style=\"color: #008000;\"><strong><span style=\"font-size: 14pt;\">Mel\u00f3bosis, apacienta el ganado<\/span><\/strong><\/span><\/p><\/blockquote>\n<\/li>\n<li>\n<blockquote><p><span style=\"color: #008000;\"><strong><span style=\"font-size: 14pt;\">Doris, la dadivosa<\/span><\/strong><\/span><\/p><\/blockquote>\n<\/li>\n<li>\n<blockquote><p><span style=\"color: #008000;\"><strong><span style=\"font-size: 14pt;\">Polidora, la de muchos regalos<\/span><\/strong><\/span><\/p><\/blockquote>\n<\/li>\n<li>\n<blockquote><p><span style=\"color: #008000;\"><strong><span style=\"font-size: 14pt;\">Pluto, la riqueza<\/span><\/strong><\/span><\/p><\/blockquote>\n<\/li>\n<li>\n<blockquote><p><span style=\"color: #008000;\"><strong><span style=\"font-size: 14pt;\">Tyche, la suerte<\/span><\/strong><\/span><\/p><\/blockquote>\n<\/li>\n<\/ol>\n<p class=\"paragraph\" style=\"text-align: justify;\" data-gtm-element-container=\"modulo-texto-link\" data-mrf-recirculation=\"Enlaces en p\u00e1rrafos\">\u00a0<\/p>\n<ul style=\"text-align: justify;\">\n<li><span style=\"font-size: 14pt;\"><strong>Matrimonios de Zeus<\/strong><\/span><\/li>\n<\/ul>\n<p class=\"paragraph\" style=\"text-align: justify;\" data-gtm-element-container=\"modulo-texto-link\" data-mrf-recirculation=\"Enlaces en p\u00e1rrafos\"><span style=\"font-size: 14pt;\"><strong>Zeus<\/strong> se traga a <strong>Metis<\/strong>, esposa de <strong>Cronos<\/strong>, con lo que evita el nacimiento del hijo que deb\u00eda destronarlo.\u00a0Los dem\u00e1s matrimonios son de armon\u00eda.<\/span><\/p>\n<ol style=\"text-align: justify;\">\n<li>\n<blockquote><p><strong><span style=\"font-size: 14pt; color: #008000;\">Con Temis a Eumonia, Dike, Eirene y las tres Moiras<\/span><\/strong><\/p><\/blockquote>\n<\/li>\n<li>\n<blockquote><p><strong><span style=\"font-size: 14pt; color: #008000;\">Con Eurinome a las tres Gracias<\/span><\/strong><\/p><\/blockquote>\n<\/li>\n<li>\n<blockquote><p><strong><span style=\"font-size: 14pt; color: #008000;\">Con D\u00e9meter a Pers\u00e9fone, casada con Hades<\/span><\/strong><\/p><\/blockquote>\n<\/li>\n<li>\n<blockquote><p><strong><span style=\"font-size: 14pt; color: #008000;\">Con <a href=\"https:\/\/puntocritico.com\/ausajpuntocritico\/2025\/09\/02\/mnemosine\/\" target=\"_blank\" rel=\"noopener\" data-schema-attribute=\"\">Mnem\u00f3sine<\/a> a las Musas<\/span><\/strong><\/p><\/blockquote>\n<\/li>\n<li>\n<blockquote><p><strong><span style=\"font-size: 14pt; color: #008000;\">Con Leto a Apolo y Artemis<\/span><\/strong><\/p><\/blockquote>\n<\/li>\n<li>\n<blockquote><p><strong><span style=\"font-size: 14pt; color: #008000;\">Con Hera a Hebes, Ares e Ilitias<\/span><\/strong><\/p><\/blockquote>\n<\/li>\n<\/ol>\n<p class=\"paragraph\" style=\"text-align: justify;\" data-gtm-element-container=\"modulo-texto-link\" data-mrf-recirculation=\"Enlaces en p\u00e1rrafos\">\u00a0<\/p>\n<ul style=\"text-align: justify;\">\n<li><span style=\"font-size: 14pt;\"><strong>Matrimonios de Poseid\u00f3n y Anfititre<\/strong><\/span><\/li>\n<\/ul>\n<p class=\"paragraph\" style=\"text-align: justify;\" data-gtm-element-container=\"modulo-texto-link\" data-mrf-recirculation=\"Enlaces en p\u00e1rrafos\"><span style=\"font-size: 14pt;\">Padres de <strong>Trit\u00f3n<\/strong>, <strong>Ares<\/strong> y <strong>Afrodita<\/strong>, <strong>padres del Miedo y el Terror y la Armon\u00eda<\/strong>. <\/span><\/p>\n<p class=\"paragraph\" style=\"text-align: justify;\" data-gtm-element-container=\"modulo-texto-link\" data-mrf-recirculation=\"Enlaces en p\u00e1rrafos\"><span style=\"font-size: 14pt;\">Se establece finalmente la f<strong>iliaci\u00f3n de los dioses mas j\u00f3venes como y de h\u00e9roes convertidos en dioses<\/strong> (<strong>Heracles<\/strong>) <strong>o casi divinos<\/strong> (<strong>Circe<\/strong>, <strong>Eetes<\/strong> y <strong>Medea<\/strong>).<\/span><\/p>\n<p style=\"text-align: justify;\" data-gtm-element-container=\"modulo-texto-link\" data-mrf-recirculation=\"Enlaces en p\u00e1rrafos\">\u00a0<\/p>\n<figure id=\"attachment_2312719\" aria-describedby=\"caption-attachment-2312719\" style=\"width: 200px\" class=\"wp-caption aligncenter\"><img loading=\"lazy\" decoding=\"async\" class=\"wp-image-2312719\" src=\"https:\/\/puntocritico.com\/ausajpuntocritico\/wp-content\/uploads\/2025\/11\/Hesiodi-Ascraei-quaecumque-exstant-Escritos-reunidos-de-Hesiodo-el-ascreo-1701-175x300.jpeg\" alt=\"\" width=\"200\" height=\"343\" srcset=\"https:\/\/puntocritico.com\/ausajpuntocritico\/wp-content\/uploads\/2025\/11\/Hesiodi-Ascraei-quaecumque-exstant-Escritos-reunidos-de-Hesiodo-el-ascreo-1701-175x300.jpeg 175w, https:\/\/puntocritico.com\/ausajpuntocritico\/wp-content\/uploads\/2025\/11\/Hesiodi-Ascraei-quaecumque-exstant-Escritos-reunidos-de-Hesiodo-el-ascreo-1701.jpeg 566w\" sizes=\"auto, (max-width: 200px) 100vw, 200px\" \/><figcaption id=\"caption-attachment-2312719\" class=\"wp-caption-text\"><span style=\"color: #008000;\">&#8216;Hesiodi Ascraei quaecumque exstant&#8217; (Escritos reunidos de Hes\u00edodo el ascreo), 1701.<\/span><\/figcaption><\/figure>\n<p data-gtm-element-container=\"modulo-texto-link\" data-mrf-recirculation=\"Enlaces en p\u00e1rrafos\">\u00a0<\/p>\n<h3 class=\"subtitle\" style=\"text-align: center;\"><span style=\"font-size: 18pt;\">2. &#8216;Los trabajos y los d\u00edas&#8217;<\/span><\/h3>\n<p class=\"paragraph\" style=\"text-align: justify;\" data-gtm-element-container=\"modulo-texto-link\" data-mrf-recirculation=\"Enlaces en p\u00e1rrafos\"><span style=\"font-size: 14pt;\"><strong>Hes\u00edodo<\/strong> es un cronista escrupuloso de la sociedad proletaria y campesina muy diferente a la de <strong>Homero<\/strong> donde da vida a los peones de <em>Beocia<\/em> arcaica, pobres villanos vejados por los latifundistas que no viven ni conocen el campo.<\/span><\/p>\n<p class=\"paragraph\" style=\"text-align: justify;\" data-gtm-element-container=\"modulo-texto-link\" data-mrf-recirculation=\"Enlaces en p\u00e1rrafos\"><span style=\"font-size: 14pt;\">Las casas donde vive <strong>Hes\u00edodo<\/strong> son de adobe, de una sola estancia para b\u00edpedos y cuadr\u00fapedos. Entrega una parte de su cosecha al amo y otra al gobierno, debe alistarse en el ej\u00e9rcito y a veces morir por motivos que no conoce en las guerras entre <em>Onc\u00f3menes<\/em> y <em>Tebas<\/em> o entre <em>Tebas<\/em> y <em>Queronea<\/em>.<\/span><\/p>\n<p class=\"paragraph\" style=\"text-align: justify;\" data-gtm-element-container=\"modulo-texto-link\" data-mrf-recirculation=\"Enlaces en p\u00e1rrafos\"><span style=\"font-size: 14pt;\">La dieta alimentaria es grano torrefacto, cebollas, alubias queso y miel dos veces al d\u00eda. El paludismo causaba estragos en los terrenos pantanosos del <em>lago Copais<\/em>. No exist\u00eda la moneda.<\/span><\/p>\n<p class=\"paragraph\" style=\"text-align: justify;\" data-gtm-element-container=\"modulo-texto-link\" data-mrf-recirculation=\"Enlaces en p\u00e1rrafos\"><span style=\"font-size: 14pt;\">Nadie so\u00f1aba en la instrucci\u00f3n. La categor\u00eda mas alta a la que aspiraban era la de peque\u00f1os artesanos de pueblo. En las ciudades hab\u00eda mas evoluci\u00f3n. En los pueblos era estilo arcaico.<\/span><\/p>\n<p class=\"paragraph\" style=\"text-align: justify;\" data-gtm-element-container=\"modulo-texto-link\" data-mrf-recirculation=\"Enlaces en p\u00e1rrafos\"><span style=\"font-size: 14pt;\">Se describe a <strong>Hes\u00edodo<\/strong> como un gran cantor de la Grecia campesina, tiranizada por los conquistadores n\u00f3rdicos y reprodujo fielmente sus miserias.<\/span><\/p>\n<p class=\"paragraph\" style=\"text-align: justify;\" data-gtm-element-container=\"modulo-texto-link\" data-mrf-recirculation=\"Enlaces en p\u00e1rrafos\"><span style=\"font-size: 14pt;\"><strong>En las\u00a0<i>Edades\u00a0<\/i>cuenta la historia de la humanidad en cinco etapas<\/strong>.<\/span><\/p>\n<blockquote>\n<p style=\"text-align: justify;\"><strong><span style=\"font-size: 14pt; color: #008000;\">La edad de oro regida por Crono y caracterizada por la felicidad y abundancia.<\/span><\/strong><\/p>\n<p style=\"text-align: justify;\"><strong><span style=\"font-size: 14pt; color: #008000;\">En la edad de plata describe una raza destru\u00edda por su impiedad.<\/span><\/strong><\/p>\n<p style=\"text-align: justify;\"><strong><span style=\"font-size: 14pt; color: #008000;\">La de bronce dominada por la guerra que acab\u00f3 con ellos.<\/span><\/strong><\/p>\n<p style=\"text-align: justify;\"><strong><span style=\"font-size: 14pt; color: #008000;\">La de h\u00e9roes, que representa un progreso moral respecto a la anterior y en parte viven felices en las islas de los Afortunados.<\/span><\/strong><\/p>\n<p style=\"text-align: justify;\"><strong><span style=\"font-size: 14pt; color: #008000;\">La \u00e9poca de Hes\u00edodo azotada por fatigas y miserias que ser\u00e1 destruida por injusticias.<\/span><\/strong><\/p>\n<\/blockquote>\n<p data-gtm-element-container=\"modulo-texto-link\" data-mrf-recirculation=\"Enlaces en p\u00e1rrafos\">\u00a0<\/p>\n<p class=\"paragraph\" style=\"text-align: justify;\" data-gtm-element-container=\"modulo-texto-link\" data-mrf-recirculation=\"Enlaces en p\u00e1rrafos\"><span style=\"font-size: 14pt;\">As\u00ed <strong>Hes\u00edodo<\/strong> explica a su hermano el origen del mal y del trabajo con la f\u00e1bula del halc\u00f3n y el ruise\u00f1or y pone en guardia sobre el peligro de la injusticia.<\/span><\/p>\n<p class=\"paragraph\" style=\"text-align: justify;\" data-gtm-element-container=\"modulo-texto-link\" data-mrf-recirculation=\"Enlaces en p\u00e1rrafos\"><span style=\"font-size: 14pt;\"><strong>Hes\u00edodo<\/strong> propone una moral pol\u00edtica a la que deben someterse los jueces, los nobles, los <em>basileis<\/em> como \u00e9l los llamaba.<\/span><\/p>\n<p class=\"paragraph\" style=\"text-align: justify;\" data-gtm-element-container=\"modulo-texto-link\" data-mrf-recirculation=\"Enlaces en p\u00e1rrafos\"><span style=\"font-size: 14pt;\">Aporta las excelencias del <strong>trabajo como un medio de superaci\u00f3n de las dificultades de la vida humana adem\u00e1s de la gloria de Zeus, garante de la justicia<\/strong>.<\/span><\/p>\n<blockquote>\n<p class=\"paragraph\" style=\"text-align: justify;\" data-gtm-element-container=\"modulo-texto-link\" data-mrf-recirculation=\"Enlaces en p\u00e1rrafos\"><span style=\"color: #008000;\"><strong><span style=\"font-size: 14pt;\"><i>\u201cFeliz y dichoso el que conociendo todas estas propiedades de los<\/i> d\u00edas<i> trabaja sin ofender a los inmortales consultando las aves y evitando transgresiones\u201d.<\/i><\/span><\/strong><\/span><\/p>\n<\/blockquote>\n<p data-gtm-element-container=\"modulo-texto-link\" data-mrf-recirculation=\"Enlaces en p\u00e1rrafos\">\u00a0<\/p>\n<p class=\"paragraph\" style=\"text-align: justify;\" data-gtm-element-container=\"modulo-texto-link\" data-mrf-recirculation=\"Enlaces en p\u00e1rrafos\"><span style=\"font-size: 14pt;\"><strong>Sobre la justicia dijo<\/strong>:<\/span><\/p>\n<blockquote>\n<p class=\"paragraph\" style=\"text-align: justify;\" data-gtm-element-container=\"modulo-texto-link\" data-mrf-recirculation=\"Enlaces en p\u00e1rrafos\"><span style=\"color: #008000;\"><strong><span style=\"font-size: 14pt;\"><i>\u201cCuando se difunde la justicia la ciudad florece, el pueblo es esplendoroso, hay paz y prosperidad, las encinas de los montes se llenan de bellotas y las ovejas de cargan de lana\u201d.<\/i><\/span><\/strong><\/span><\/p>\n<\/blockquote>\n<p data-gtm-element-container=\"modulo-texto-link\" data-mrf-recirculation=\"Enlaces en p\u00e1rrafos\">\u00a0<\/p>\n<p class=\"paragraph\" style=\"text-align: justify;\" data-gtm-element-container=\"modulo-texto-link\" data-mrf-recirculation=\"Enlaces en p\u00e1rrafos\"><span style=\"font-size: 14pt;\"><strong>Hes\u00edodo<\/strong> muri\u00f3 en <em>Asora<\/em>. Poco tiempo despu\u00e9s, <em>Asora<\/em> fue atacada por los <em>tespios<\/em> que la destruyeron. Los supervivientes se fueron a <em>Onc\u00f3mero<\/em> y se llevaron las cenizas de <strong>Hes\u00edodo<\/strong> y las colocaron al lado de la tumba de <strong>Mimias<\/strong>, h\u00e9roe ep\u00f3nimo de la ciudad.<\/span><\/p>\n<p style=\"text-align: justify;\">\u00a0<\/p>\n<p style=\"text-align: justify;\"><img loading=\"lazy\" decoding=\"async\" class=\"aligncenter wp-image-2314483\" src=\"https:\/\/puntocritico.com\/ausajpuntocritico\/wp-content\/uploads\/2025\/11\/quien_fue_y_que_hizo_hesiodo_6192_0_600-300x225.jpg\" alt=\"Hes\u00edodo \" width=\"400\" height=\"300\" srcset=\"https:\/\/puntocritico.com\/ausajpuntocritico\/wp-content\/uploads\/2025\/11\/quien_fue_y_que_hizo_hesiodo_6192_0_600-300x225.jpg 300w, https:\/\/puntocritico.com\/ausajpuntocritico\/wp-content\/uploads\/2025\/11\/quien_fue_y_que_hizo_hesiodo_6192_0_600-326x245.jpg 326w, https:\/\/puntocritico.com\/ausajpuntocritico\/wp-content\/uploads\/2025\/11\/quien_fue_y_que_hizo_hesiodo_6192_0_600-80x60.jpg 80w, https:\/\/puntocritico.com\/ausajpuntocritico\/wp-content\/uploads\/2025\/11\/quien_fue_y_que_hizo_hesiodo_6192_0_600.jpg 600w\" sizes=\"auto, (max-width: 400px) 100vw, 400px\" \/><\/p>\n<p style=\"text-align: center;\"><span style=\"font-size: 18pt;\"><strong><span style=\"color: #008000;\">*******<\/span><\/strong><\/span><\/p>\n<h2><span style=\"font-size: 14pt;\"><strong>RELACIONADOS:<\/strong><\/span><\/h2>\n<blockquote class=\"wp-embedded-content\" data-secret=\"GymdwonkSr\"><p><a href=\"https:\/\/puntocritico.com\/ausajpuntocritico\/2025\/09\/02\/mnemosine\/\">MNEM\u00d3SINE, Divina Memoria, madre de las 9 Musas: \u00abLa falta de memoria es como un tonel agujereado, en el que todo lo que entra, sale\u2026\u00bb (Anamnesis, por Mar\u00eda Dolores Mu\u00f1oz)<\/a><\/p><\/blockquote>\n<p><iframe loading=\"lazy\" class=\"wp-embedded-content\" sandbox=\"allow-scripts\" security=\"restricted\" style=\"position: absolute; visibility: hidden;\" title=\"\u00abMNEM\u00d3SINE, Divina Memoria, madre de las 9 Musas: \u00abLa falta de memoria es como un tonel agujereado, en el que todo lo que entra, sale\u2026\u00bb (Anamnesis, por Mar\u00eda Dolores Mu\u00f1oz)\u00bb \u2014 Punto Cr\u00edtico Derechos Humanos\" src=\"https:\/\/puntocritico.com\/ausajpuntocritico\/2025\/09\/02\/mnemosine\/embed\/#?secret=t9P6aHqscX#?secret=GymdwonkSr\" data-secret=\"GymdwonkSr\" width=\"500\" height=\"282\" frameborder=\"0\" marginwidth=\"0\" marginheight=\"0\" scrolling=\"no\"><\/iframe><\/p>\n<blockquote class=\"wp-embedded-content\" data-secret=\"uH9VOvcjYr\"><p><a href=\"https:\/\/puntocritico.com\/ausajpuntocritico\/2023\/02\/26\/la-cronologia-de-newton-the-chronology-of-ancient-kingdoms-amended-sir-isaac-newton-1728-traduccion-de-maria-jose-carrasco-garcia\/\">LA CRONOLOG\u00cdA DE NEWTON: \u00abThe Chronology of Ancient Kingdoms Amended\u00bb, Sir Isaac Newton (1728), traducci\u00f3n de Mar\u00eda Jos\u00e9 Carrasco Garc\u00eda<\/a><\/p><\/blockquote>\n<p><iframe loading=\"lazy\" class=\"wp-embedded-content\" sandbox=\"allow-scripts\" security=\"restricted\" style=\"position: absolute; visibility: hidden;\" title=\"\u00abLA CRONOLOG\u00cdA DE NEWTON: \u00abThe Chronology of Ancient Kingdoms Amended\u00bb, Sir Isaac Newton (1728), traducci\u00f3n de Mar\u00eda Jos\u00e9 Carrasco Garc\u00eda\u00bb \u2014 Punto Cr\u00edtico Derechos Humanos\" src=\"https:\/\/puntocritico.com\/ausajpuntocritico\/2023\/02\/26\/la-cronologia-de-newton-the-chronology-of-ancient-kingdoms-amended-sir-isaac-newton-1728-traduccion-de-maria-jose-carrasco-garcia\/embed\/#?secret=9UzOVd1TZt#?secret=uH9VOvcjYr\" data-secret=\"uH9VOvcjYr\" width=\"500\" height=\"282\" frameborder=\"0\" marginwidth=\"0\" marginheight=\"0\" scrolling=\"no\"><\/iframe><\/p>\n<blockquote class=\"wp-embedded-content\" data-secret=\"9P95i1Bo9F\"><p><a href=\"https:\/\/puntocritico.com\/ausajpuntocritico\/2025\/11\/10\/diogenes-heraclito-y-hesiodo-por-joaquin-callabed\/\">DI\u00d3GENES (\u00abLas ense\u00f1anzas de la escuela c\u00ednica\u00bb) y HER\u00c1CLITO (\u00abHer\u00e1clito de \u00c9feso y el fuego\u00bb), por Joaqu\u00edn Callabed<\/a><\/p><\/blockquote>\n<p><iframe loading=\"lazy\" class=\"wp-embedded-content\" sandbox=\"allow-scripts\" security=\"restricted\" style=\"position: absolute; visibility: hidden;\" title=\"\u00abDI\u00d3GENES (\u00abLas ense\u00f1anzas de la escuela c\u00ednica\u00bb) y HER\u00c1CLITO (\u00abHer\u00e1clito de \u00c9feso y el fuego\u00bb), por Joaqu\u00edn Callabed\u00bb \u2014 Punto Cr\u00edtico Derechos Humanos\" src=\"https:\/\/puntocritico.com\/ausajpuntocritico\/2025\/11\/10\/diogenes-heraclito-y-hesiodo-por-joaquin-callabed\/embed\/#?secret=1FCETcEeDd#?secret=9P95i1Bo9F\" data-secret=\"9P95i1Bo9F\" width=\"500\" height=\"282\" frameborder=\"0\" marginwidth=\"0\" marginheight=\"0\" scrolling=\"no\"><\/iframe><\/p>\n<blockquote class=\"wp-embedded-content\" data-secret=\"LOj9Lm2DnK\"><p><a href=\"https:\/\/puntocritico.com\/ausajpuntocritico\/2025\/10\/27\/anaximenes-anaxagoras-y-anaximandro-por-joaquin-callabed\/\">Anax\u00edmenes, Anax\u00e1goras y Anaximandro, por Joaqu\u00edn Callabed<\/a><\/p><\/blockquote>\n<p><iframe loading=\"lazy\" class=\"wp-embedded-content\" sandbox=\"allow-scripts\" security=\"restricted\" style=\"position: absolute; visibility: hidden;\" title=\"\u00abAnax\u00edmenes, Anax\u00e1goras y Anaximandro, por Joaqu\u00edn Callabed\u00bb \u2014 Punto Cr\u00edtico Derechos Humanos\" src=\"https:\/\/puntocritico.com\/ausajpuntocritico\/2025\/10\/27\/anaximenes-anaxagoras-y-anaximandro-por-joaquin-callabed\/embed\/#?secret=7SBZbOnrWR#?secret=LOj9Lm2DnK\" data-secret=\"LOj9Lm2DnK\" width=\"500\" height=\"282\" frameborder=\"0\" marginwidth=\"0\" marginheight=\"0\" scrolling=\"no\"><\/iframe><\/p>\n<blockquote class=\"wp-embedded-content\" data-secret=\"29zrNKC4yJ\"><p><a href=\"https:\/\/puntocritico.com\/ausajpuntocritico\/2024\/05\/03\/igualdad-libertad-y-verdad-por-spinoza-y-parmenides-2\/\">IGUALDAD, LIBERTAD Y VERDAD, por Spinoza y Parm\u00e9nides<\/a><\/p><\/blockquote>\n<p><iframe loading=\"lazy\" class=\"wp-embedded-content\" sandbox=\"allow-scripts\" security=\"restricted\" style=\"position: absolute; visibility: hidden;\" title=\"\u00abIGUALDAD, LIBERTAD Y VERDAD, por Spinoza y Parm\u00e9nides\u00bb \u2014 Punto Cr\u00edtico Derechos Humanos\" src=\"https:\/\/puntocritico.com\/ausajpuntocritico\/2024\/05\/03\/igualdad-libertad-y-verdad-por-spinoza-y-parmenides-2\/embed\/#?secret=oq5c9orEWG#?secret=29zrNKC4yJ\" data-secret=\"29zrNKC4yJ\" width=\"500\" height=\"282\" frameborder=\"0\" marginwidth=\"0\" marginheight=\"0\" scrolling=\"no\"><\/iframe><\/p>\n<blockquote class=\"wp-embedded-content\" data-secret=\"a96ehgZvAo\"><p><a href=\"https:\/\/puntocritico.com\/ausajpuntocritico\/2025\/11\/03\/democrito\/\">DEM\u00d3CRITO, por Joaqu\u00edn Callabed<\/a><\/p><\/blockquote>\n<p><iframe loading=\"lazy\" class=\"wp-embedded-content\" sandbox=\"allow-scripts\" security=\"restricted\" style=\"position: absolute; visibility: hidden;\" title=\"\u00abDEM\u00d3CRITO, por Joaqu\u00edn Callabed\u00bb \u2014 Punto Cr\u00edtico Derechos Humanos\" src=\"https:\/\/puntocritico.com\/ausajpuntocritico\/2025\/11\/03\/democrito\/embed\/#?secret=rarmg0v6cU#?secret=a96ehgZvAo\" data-secret=\"a96ehgZvAo\" width=\"500\" height=\"282\" frameborder=\"0\" marginwidth=\"0\" marginheight=\"0\" scrolling=\"no\"><\/iframe><\/p>\n<p>&nbsp;<\/p>\n<p>&nbsp;<\/p>\n<p><a href=\"https:\/\/puntocritico.com\/ausajpuntocritico\/author\/punto-critico\/\"><img loading=\"lazy\" decoding=\"async\" class=\"aligncenter wp-image-48\" src=\"https:\/\/puntocritico.com\/ausajpuntocritico\/wp-content\/uploads\/2016\/11\/Mosca_Punto_Cr\u00edtico_40.png\" alt=\"\" width=\"80\" height=\"80\" data-id=\"48\" \/><\/a><\/p>\n<p>&nbsp;<\/p>\n","protected":false},"excerpt":{"rendered":"<div class=\"mh-excerpt\"><p>Hes\u00edodo &nbsp; Homero y los aqueos Su obra literaria nos permite conocer la sociedad aquea y es un importante documento socio-antropol\u00f3gico Por Joaqu\u00edn Callabed La Vanguardia, 28 JUNIO 2025 \u00a0 \u00a0 La historia de los <a class=\"mh-excerpt-more\" href=\"https:\/\/puntocritico.com\/ausajpuntocritico\/2025\/11\/17\/hesiodo-callabed\/\" title=\"\u00abHes\u00edodo y el nacimiento de los mitos griegos\u00bb, por Joaqu\u00edn Callabed\">[&#8230;]<\/a><\/p>\n<\/div>","protected":false},"author":3,"featured_media":2314480,"comment_status":"closed","ping_status":"closed","sticky":false,"template":"","format":"standard","meta":{"_acf_changed":false,"_exactmetrics_skip_tracking":false,"_exactmetrics_sitenote_active":false,"_exactmetrics_sitenote_note":"","_exactmetrics_sitenote_category":0,"footnotes":""},"categories":[10],"tags":[188],"class_list":{"0":"post-2314156","1":"post","2":"type-post","3":"status-publish","4":"format-standard","5":"has-post-thumbnail","7":"category-miscelanea","8":"tag-joaquin-callabed"},"acf":[],"_links":{"self":[{"href":"https:\/\/puntocritico.com\/ausajpuntocritico\/wp-json\/wp\/v2\/posts\/2314156","targetHints":{"allow":["GET"]}}],"collection":[{"href":"https:\/\/puntocritico.com\/ausajpuntocritico\/wp-json\/wp\/v2\/posts"}],"about":[{"href":"https:\/\/puntocritico.com\/ausajpuntocritico\/wp-json\/wp\/v2\/types\/post"}],"author":[{"embeddable":true,"href":"https:\/\/puntocritico.com\/ausajpuntocritico\/wp-json\/wp\/v2\/users\/3"}],"replies":[{"embeddable":true,"href":"https:\/\/puntocritico.com\/ausajpuntocritico\/wp-json\/wp\/v2\/comments?post=2314156"}],"version-history":[{"count":0,"href":"https:\/\/puntocritico.com\/ausajpuntocritico\/wp-json\/wp\/v2\/posts\/2314156\/revisions"}],"wp:featuredmedia":[{"embeddable":true,"href":"https:\/\/puntocritico.com\/ausajpuntocritico\/wp-json\/wp\/v2\/media\/2314480"}],"wp:attachment":[{"href":"https:\/\/puntocritico.com\/ausajpuntocritico\/wp-json\/wp\/v2\/media?parent=2314156"}],"wp:term":[{"taxonomy":"category","embeddable":true,"href":"https:\/\/puntocritico.com\/ausajpuntocritico\/wp-json\/wp\/v2\/categories?post=2314156"},{"taxonomy":"post_tag","embeddable":true,"href":"https:\/\/puntocritico.com\/ausajpuntocritico\/wp-json\/wp\/v2\/tags?post=2314156"}],"curies":[{"name":"wp","href":"https:\/\/api.w.org\/{rel}","templated":true}]}}