{"id":2314074,"date":"2025-11-13T00:05:40","date_gmt":"2025-11-12T23:05:40","guid":{"rendered":"https:\/\/puntocritico.com\/ausajpuntocritico\/?p=2314074"},"modified":"2025-11-13T07:27:37","modified_gmt":"2025-11-13T06:27:37","slug":"la-recuperacion-y-el-reciclaje-rsu-4","status":"publish","type":"post","link":"https:\/\/puntocritico.com\/ausajpuntocritico\/2025\/11\/13\/la-recuperacion-y-el-reciclaje-rsu-4\/","title":{"rendered":"LA RECUPERACION Y EL RECICLAJE (\u00abResiduos S\u00f3lidos Urbanos: Historia de su Regulaci\u00f3n en Espa\u00f1a\u00bb, por Jes\u00fas D\u00edaz Formoso, 1994) PARTE 4"},"content":{"rendered":"<p style=\"text-align: justify;\"><span style=\"font-size: 14pt; color: #008000;\">LA RECUPERACION Y EL RECICLAJE (RESIDUOS S\u00d3LIDOS URBANOS) Parte 4<\/span><\/p>\n<p><a href=\"https:\/\/puntocritico.com\/ausajpuntocritico\/2025\/10\/23\/residuos-solidos-urbanos-parte-1-intro\/\" target=\"_blank\" rel=\"noopener\" data-schema-attribute=\"\"><span style=\"color: #008000; font-size: 14pt;\">RSU (RESIDUOS S\u00d3LIDOS URBANOS), Parte 1<\/span><\/a><\/p>\n<p><a href=\"https:\/\/puntocritico.com\/ausajpuntocritico\/2025\/10\/30\/los-rsu-por-jesus-diaz-formoso-parte-2\/\" target=\"_blank\" rel=\"noopener\" data-schema-attribute=\"\"><span style=\"color: #008000; font-size: 14pt;\">RSU (RESIDUOS S\u00d3LIDOS URBANOS), Parte 2<\/span><\/a><\/p>\n<p style=\"text-align: justify;\"><span style=\"color: #008000;\"><a style=\"color: #008000;\" href=\"https:\/\/puntocritico.com\/ausajpuntocritico\/2025\/11\/06\/vertido-controlado-e-incineracion-rsu-parte-3\/\" target=\"_blank\" rel=\"noopener\" data-schema-attribute=\"\"><span style=\"font-size: 14pt;\">RSU (RESIDUOS S\u00d3LIDOS URBANOS), Parte 3<\/span><\/a><\/span><\/p>\n\n<p>&nbsp;<\/p>\n<blockquote>\n<p style=\"text-align: center;\"><strong><span style=\"font-size: 14pt; color: #008000;\">En la anterior entrada (Parte 3), tratamos los dos primeros sistemas de <span style=\"font-size: 14pt;\"><span class=\"ng-star-inserted\" data-start-index=\"114\">tratamiento de residuos s\u00f3lidos urbanos (RSU):<\/span><\/span> VERTIDO CONTROLADO e INCINERACI\u00d3N. <\/span><\/strong><\/p>\n<p style=\"text-align: center;\"><strong><span style=\"font-size: 14pt; color: #008000;\">En esta entrada (Parte 4) abordaremos la RECUPERACION: el RECICLAJE y el \u00a0COMPOSTAJE. Finalmente nos referiremos a las \u00abPlantas de reciclado y transformaci\u00f3n\u00bb de RSU (unir a una planta de reciclado otra planta de incineraci\u00f3n).<\/span><\/strong><\/p>\n<\/blockquote>\n<p>&nbsp;<\/p>\n<h1 style=\"text-align: center;\"><span style=\"font-size: 24pt;\"><strong>CAPITULO IV: <\/strong>SISTEMAS DE GESTI\u00d3N (TRATAMIENTO)<\/span><\/h1>\n<blockquote>\n<p style=\"text-align: center;\"><span style=\"font-size: 14pt;\"><b class=\"ng-star-inserted\" data-start-index=\"0\">Gesti\u00f3n Integral de Residuos S\u00f3lidos Urbanos (RSU): Sistemas, Desaf\u00edos y la Necesidad de la Recuperaci\u00f3n Selectiva.<\/b>\u00a0<\/span><\/p>\n<p style=\"text-align: center;\"><span style=\"font-size: 14pt;\"><span class=\"ng-star-inserted\" data-start-index=\"114\">El tratamiento de residuos s\u00f3lidos urbanos (RSU) abarca el conjunto de operaciones orientadas tanto a su eliminaci\u00f3n como al aprovechamiento de los recursos que contienen<\/span><span class=\"ng-star-inserted\" data-start-index=\"284\">. <\/span><\/span><\/p>\n<p style=\"text-align: center;\"><span style=\"font-size: 14pt;\"><span class=\"ng-star-inserted\" data-start-index=\"284\">Los sistemas de gesti\u00f3n m\u00e1s utilizados actualmente son el <\/span><b class=\"ng-star-inserted\" data-start-index=\"344\">vertido controlado<\/b><span class=\"ng-star-inserted\" data-start-index=\"362\">, la <\/span><b class=\"ng-star-inserted\" data-start-index=\"367\">incineraci\u00f3n<\/b><span class=\"ng-star-inserted\" data-start-index=\"379\">, el <\/span><b class=\"ng-star-inserted\" data-start-index=\"384\">reciclado<\/b><span class=\"ng-star-inserted\" data-start-index=\"393\"> y el <\/span><b class=\"ng-star-inserted\" data-start-index=\"399\">compostaje<\/b><span class=\"ng-star-inserted\" data-start-index=\"409\">. <\/span><\/span><\/p>\n<p style=\"text-align: center;\"><span style=\"font-size: 14pt;\"><span class=\"ng-star-inserted\" data-start-index=\"409\">Es crucial notar que el vertido incontrolado no debe considerarse un sistema de tratamiento, sino un simple abandono de las basuras, a pesar de ser el m\u00e9todo m\u00e1s empleado por los municipios espa\u00f1oles para eliminar residuos.<\/span><\/span><\/p>\n<\/blockquote>\n<p><img loading=\"lazy\" decoding=\"async\" class=\"aligncenter wp-image-2314066\" src=\"https:\/\/puntocritico.com\/ausajpuntocritico\/wp-content\/uploads\/2025\/11\/COMPOSICION-DE-LOS-RESIDUOS-DOMESTICOS-2-ok.jpg\" alt=\"\" width=\"555\" height=\"370\" srcset=\"https:\/\/puntocritico.com\/ausajpuntocritico\/wp-content\/uploads\/2025\/11\/COMPOSICION-DE-LOS-RESIDUOS-DOMESTICOS-2-ok.jpg 480w, https:\/\/puntocritico.com\/ausajpuntocritico\/wp-content\/uploads\/2025\/11\/COMPOSICION-DE-LOS-RESIDUOS-DOMESTICOS-2-ok-300x200.jpg 300w\" sizes=\"auto, (max-width: 555px) 100vw, 555px\" \/><\/p>\n<blockquote>\n<p style=\"text-align: center;\"><span style=\"font-size: 14pt; color: #008000;\"><span dir=\"auto\">El gr\u00e1fico ilustra la distribuci\u00f3n porcentual de los diferentes tipos de residuos que componen la basura dom\u00e9stica. Los datos reflejan que la <\/span><b><span dir=\"auto\">materia org\u00e1nica<\/span><\/b><span dir=\"auto\"> constituye la fracci\u00f3n m\u00e1s grande, representando un <\/span><b><span dir=\"auto\">44,06%<\/span><\/b><span dir=\"auto\"> del total, lo que subraya su potencial para el compostaje y la reducci\u00f3n del volumen de desechos. El <\/span><b><span dir=\"auto\">papel<\/span><\/b><span dir=\"auto\"> es el segundo componente m\u00e1s significativo, con un <\/span><b><span dir=\"auto\">21,18%<\/span><\/b><span dir=\"auto\"> , destacando la importancia de su reciclaje para la conservaci\u00f3n de recursos forestales.<\/span><\/span><\/p>\n<p style=\"text-align: center;\"><span style=\"font-size: 14pt; color: #008000;\"><span dir=\"auto\">Otros materiales reciclables como el <\/span><b><span dir=\"auto\">pl\u00e1stico (10,59%)<\/span><\/b><span dir=\"auto\"> , el <\/span><b><span dir=\"auto\">vidrio (6,93%)<\/span><\/b><span dir=\"auto\"> y los <\/span><b><span dir=\"auto\">metales (4,11%)<\/span><\/b><span dir=\"auto\"> tambi\u00e9n poseen una presencia considerable, lo que enfatiza la necesidad de una adecuada separaci\u00f3n en origen para su recuperaci\u00f3n. Categor\u00edas como el <\/span><b><span dir=\"auto\">textil (4,81%)<\/span><\/b><span dir=\"auto\"> , <\/span><b><span dir=\"auto\">goma y caucho (1,01%)<\/span><\/b><span dir=\"auto\"> , <\/span><b><span dir=\"auto\">madera (0,96%)<\/span><\/b><span dir=\"auto\"> y, en menor medida, <\/span><b><span dir=\"auto\">pilas y bater\u00edas (0,2%)<\/span><\/b><span dir=\"auto\"> , completan el panorama junto con una fracci\u00f3n de \u00abVarios\u00bb (6,17%). Esta distribuci\u00f3n pone de manifiesto las oportunidades para optimizar la gesti\u00f3n de residuos mediante estrategias de reducci\u00f3n, reutilizaci\u00f3n y reciclaje.<\/span><\/span><\/p>\n<\/blockquote>\n<p>&nbsp;<\/p>\n<blockquote>\n<p><img loading=\"lazy\" decoding=\"async\" class=\"aligncenter wp-image-2314298\" src=\"https:\/\/puntocritico.com\/ausajpuntocritico\/wp-content\/uploads\/2025\/11\/anverso-triptico-curso-Puntocritico-xunta-arteixo-prueba-1.jpg\" alt=\"\" width=\"750\" height=\"563\" srcset=\"https:\/\/puntocritico.com\/ausajpuntocritico\/wp-content\/uploads\/2025\/11\/anverso-triptico-curso-Puntocritico-xunta-arteixo-prueba-1.jpg 1000w, https:\/\/puntocritico.com\/ausajpuntocritico\/wp-content\/uploads\/2025\/11\/anverso-triptico-curso-Puntocritico-xunta-arteixo-prueba-1-300x225.jpg 300w, https:\/\/puntocritico.com\/ausajpuntocritico\/wp-content\/uploads\/2025\/11\/anverso-triptico-curso-Puntocritico-xunta-arteixo-prueba-1-768x576.jpg 768w, https:\/\/puntocritico.com\/ausajpuntocritico\/wp-content\/uploads\/2025\/11\/anverso-triptico-curso-Puntocritico-xunta-arteixo-prueba-1-678x509.jpg 678w, https:\/\/puntocritico.com\/ausajpuntocritico\/wp-content\/uploads\/2025\/11\/anverso-triptico-curso-Puntocritico-xunta-arteixo-prueba-1-326x245.jpg 326w, https:\/\/puntocritico.com\/ausajpuntocritico\/wp-content\/uploads\/2025\/11\/anverso-triptico-curso-Puntocritico-xunta-arteixo-prueba-1-80x60.jpg 80w\" sizes=\"auto, (max-width: 750px) 100vw, 750px\" \/><\/p>\n<p style=\"text-align: center;\"><span style=\"color: #008000; font-size: 14pt;\"><strong>Curso de Formaci\u00f3n en Xesti\u00f3n Ambiental para a Industria (1997)<\/strong>. XUNTA DE GALICIA. <strong>ORGANIZA<\/strong>: CONCELLO DE ARTEIXO <strong>COLABORA<\/strong>: PUNTO CR\u00cdTICO <\/span><\/p>\n<p style=\"text-align: center;\"><span style=\"color: #008000; font-size: 14pt;\">Inauguraci\u00f3n a cargo de: <strong>Ilmo. Sr. D. Manuel Pose Mi\u00f1ones<\/strong>, Alcalde &#8211; Presidente do Concello de Arteixo. <strong>Excmo. Sr. D. Antonio Couceiro M\u00e9ndez<\/strong>, Conselleiro de Industria e Comercio. Xunta de Galicia <strong>Excmo. Sr. D. Jos\u00e9 Carlos del \u00c1lamo Jim\u00e9nez<\/strong> Conselleiro de Medio Ambiente Xunta de Galicia <\/span><\/p>\n<p style=\"text-align: center;\"><span style=\"color: #008000; font-size: 14pt;\"><strong>DIRECTOR<\/strong>: <strong>D. Jes\u00fas D\u00edaz Formoso<\/strong> Avogado Director do Bufete Jes\u00fas D\u00edaz. Consultor da Uni\u00f3n Europea en materia de Medio Ambiente Industrial. M\u00e1ster en Xesti\u00f3n Ambiental. Editor de Punto Cr\u00edtico, Revista de medio ambiente, derecho y empresa\u201d. <\/span><\/p>\n<p style=\"text-align: center;\"><span style=\"color: #008000; font-size: 14pt;\"><strong>PROFESORADO<\/strong>: <\/span><\/p>\n<p style=\"text-align: center;\"><span style=\"color: #008000; font-size: 14pt;\"><strong>Atm\u00f3sfera<\/strong>: <\/span><\/p>\n<p style=\"text-align: center;\"><span style=\"font-size: 14pt;\"><span style=\"color: #008000;\"><strong>Mar\u00eda J. Casais Mira<\/strong>&#8211; Directora Xeral de Tributos. Conseller\u00eda Econom\u00eda e Facenda da Xunta de Galicia <strong>Xos\u00e9 Lu\u00eds Valcarcel Valcarcel<\/strong>&#8211; Avogado Punto Critico <\/span><\/span><\/p>\n<p style=\"text-align: center;\"><span style=\"font-size: 14pt;\"><span style=\"color: #008000;\"><strong>A<\/strong><\/span><span style=\"color: #008000;\"><strong>ugas<\/strong>: <\/span><\/span><\/p>\n<p style=\"text-align: center;\"><span style=\"color: #008000; font-size: 14pt;\"><strong>Ricardo<\/strong> <strong>Bab\u00edo Arcay-<\/strong> Xefe Demarcaci\u00f3n Costas de Galicia <strong>Jes\u00fas D\u00edaz Formoso &#8211;<\/strong>\u00a0Avogado. M\u00e1ster. Editor Punto Cr\u00edtico <\/span><\/p>\n<p style=\"text-align: center;\"><span style=\"color: #008000; font-size: 14pt;\"><strong>Residuos<\/strong>: <\/span><\/p>\n<p style=\"text-align: center;\"><span style=\"color: #008000; font-size: 14pt;\"><strong>Natalia Crespo Gonz\u00e1lez<\/strong>&#8211; Subdirectora Xeral de Calidad Ambiental de Conseller\u00eda de Medio Ambiente <strong>Germ\u00e1n Fern\u00e1ndez Freire<\/strong>&#8211; Avogado. Director Punto Cr\u00edtico <strong>Juan Ram\u00f3n Mel\u00e9ndez<\/strong>&#8211; Economista. ANFEVI-ECOVIDRIO<strong> Juan Mog\u00edn del Pozo<\/strong>&#8211; Director Comercial de SOGARISA <\/span><\/p>\n<p style=\"text-align: center;\"><span style=\"color: #008000; font-size: 14pt;\"><strong>Dereito Ambiental<\/strong>: <\/span><\/p>\n<p style=\"text-align: center;\"><span style=\"color: #008000; font-size: 14pt;\"><strong>Jos\u00e9 Lu\u00eds Carbajo Romero<\/strong>&#8211; Xefe Serv. T\u00e9cnico-Xur\u00eddico Conseller\u00eda Medio Ambiente. <strong>Francisco Javier Sanz Larruga<\/strong>&#8211; Prof. Titular D. Adm. Urban Univ A Coru\u00f1a <strong>C\u00e9sar<\/strong> <strong>Garc\u00eda Novoa<\/strong>&#8211; Prof. Titular D. Tribut. Univ. Santiago <strong>Jes\u00fas D\u00edaz Formoso<\/strong>&#8211; Avogado. M\u00e1ster. Editor Punto Cr\u00edtico <strong>Marta Xos\u00e9 Santos Zas<\/strong>&#8211; Avogado. T\u00e9cnico Superior Prev. Riscos <\/span><\/p>\n<p style=\"text-align: center;\"><span style=\"color: #008000; font-size: 14pt;\"><strong>Conceptos Fundamentais da Xesti\u00f3n Ambiental<\/strong>: <\/span><\/p>\n<p style=\"text-align: center;\"><span style=\"color: #008000; font-size: 14pt;\"><strong>Mar\u00eda Loreto Celada Penedo<\/strong>&#8211; Bi\u00f3loga. M\u00e1ster EOI <strong>Mar\u00eda Isabel Prado G\u00f3mez<\/strong>&#8211; Bi\u00f3loga. M\u00e1ster EOI <strong>Jos\u00e9 Manuel Varela Senra<\/strong>&#8211; Enxe\u00f1eiro T\u00e9cnico Forestal <\/span><\/p>\n<p style=\"text-align: center;\"><span style=\"color: #008000; font-size: 14pt;\"><strong>Instrumentos da Xesti\u00f3n Ambiental<\/strong>: <\/span><\/p>\n<p style=\"text-align: center;\"><span style=\"color: #008000; font-size: 14pt;\"><strong>Anxo Mourelle Alvarez<\/strong>&#8211; Delegado zona Norte AMB\u00cdO S.A. <strong>Francisco L. Serrano Camb\u00f3<\/strong>&#8211; Auditor Medioambiental BOUREAU VERITAS <strong>Jos\u00e9 Manuel Varela Senra<\/strong>&#8211; Enxe\u00f1eiro T\u00e9cnico Forestal <strong>Eliseo Le\u00f3n Gonz\u00e1lez<\/strong>&#8211; Enxe\u00f1eiro Agr\u00f3nomo. Norcontrol. M\u00e1ster <strong>Sen\u00e9n Ferreiro P\u00e1ramo<\/strong>&#8211; CC.- Empresariais. Norcontrol. M\u00e1ster <\/span><\/p>\n<p style=\"text-align: center;\"><span style=\"color: #008000; font-size: 14pt;\"><strong>Caso Pr\u00e1ctico<\/strong>: <\/span><\/p>\n<p style=\"text-align: center;\"><span style=\"color: #008000; font-size: 14pt;\"><strong>Jos\u00e9 Antonio Varela Agrelo<\/strong>, Juez de Instrucci\u00f3n. <strong>Jes\u00fas D\u00edaz Formoso<\/strong>&#8211; Avogado. M\u00e1ster EIA-GA. Editor Punto Cr\u00edtico. <strong>Anxo Mourelle Alvarez<\/strong>&#8211; Delegado zona Norte AMB\u00cdO, S.A. <strong>. Ilmo. Sr. D. Jos\u00e9 Antonio Varela Agrelo<\/strong>, Magistrado-Juez titular del Juzgado de Instrucci\u00f3n num 5, Lugo<\/span><\/p>\n<\/blockquote>\n<p>&nbsp;<\/p>\n<p><a href=\"https:\/\/www.xunta.gal\/\" target=\"_blank\" rel=\"noopener\" data-schema-attribute=\"\"><img loading=\"lazy\" decoding=\"async\" class=\"aligncenter wp-image-2313708\" src=\"https:\/\/puntocritico.com\/ausajpuntocritico\/wp-content\/uploads\/2025\/10\/gestion-residuos-peligrosos-radiactivos-1-300x181.jpg\" alt=\"\" width=\"480\" height=\"290\" srcset=\"https:\/\/puntocritico.com\/ausajpuntocritico\/wp-content\/uploads\/2025\/10\/gestion-residuos-peligrosos-radiactivos-1-300x181.jpg 300w, https:\/\/puntocritico.com\/ausajpuntocritico\/wp-content\/uploads\/2025\/10\/gestion-residuos-peligrosos-radiactivos-1-1024x619.jpg 1024w, https:\/\/puntocritico.com\/ausajpuntocritico\/wp-content\/uploads\/2025\/10\/gestion-residuos-peligrosos-radiactivos-1-768x464.jpg 768w, https:\/\/puntocritico.com\/ausajpuntocritico\/wp-content\/uploads\/2025\/10\/gestion-residuos-peligrosos-radiactivos-1-1536x928.jpg 1536w, https:\/\/puntocritico.com\/ausajpuntocritico\/wp-content\/uploads\/2025\/10\/gestion-residuos-peligrosos-radiactivos-1-1320x797.jpg 1320w, https:\/\/puntocritico.com\/ausajpuntocritico\/wp-content\/uploads\/2025\/10\/gestion-residuos-peligrosos-radiactivos-1.jpg 1788w\" sizes=\"auto, (max-width: 480px) 100vw, 480px\" \/><\/a><\/p>\n<p style=\"text-align: center;\"><strong><span style=\"color: #008000; font-size: 18pt;\">*******<\/span><\/strong><\/p>\n<h2 style=\"text-align: center;\"><span style=\"font-size: 24pt;\">\u00a0LA RECUPERACION Y EL RECICLAJE<\/span><\/h2>\n<p><img loading=\"lazy\" decoding=\"async\" class=\"aligncenter wp-image-2313780\" src=\"https:\/\/puntocritico.com\/ausajpuntocritico\/wp-content\/uploads\/2025\/10\/contenedores-rsu-copyright-RESIDUOS-PROFESIONAL-300x128.jpg\" alt=\"\" width=\"555\" height=\"237\" srcset=\"https:\/\/puntocritico.com\/ausajpuntocritico\/wp-content\/uploads\/2025\/10\/contenedores-rsu-copyright-RESIDUOS-PROFESIONAL-300x128.jpg 300w, https:\/\/puntocritico.com\/ausajpuntocritico\/wp-content\/uploads\/2025\/10\/contenedores-rsu-copyright-RESIDUOS-PROFESIONAL-768x329.jpg 768w, https:\/\/puntocritico.com\/ausajpuntocritico\/wp-content\/uploads\/2025\/10\/contenedores-rsu-copyright-RESIDUOS-PROFESIONAL.jpg 900w\" sizes=\"auto, (max-width: 555px) 100vw, 555px\" \/><\/p>\n<p>&nbsp;<\/p>\n<h3 style=\"text-align: center;\"><span style=\"font-size: 24pt;\">RECICLADO<\/span><\/h3>\n<p style=\"text-align: justify;\"><span style=\"font-size: 14pt;\"><strong>Es posible el reaprovechamiento de gran parte de los residuos mediante la alternativa de la RECUPERACION y el RECICLAJE<\/strong>:<\/span><\/p>\n<blockquote>\n<p style=\"text-align: justify;\"><span style=\"color: #008000;\"><strong><span style=\"font-size: 14pt;\">Reutilizaci\u00f3n.<\/span><\/strong><\/span><\/p>\n<p style=\"text-align: justify;\"><span style=\"color: #008000;\"><strong><span style=\"font-size: 14pt;\">Recuperaci\u00f3n de energ\u00eda.<\/span><\/strong><\/span><\/p>\n<p style=\"text-align: justify;\"><span style=\"color: #008000;\"><strong><span style=\"font-size: 14pt;\">Regeneraci\u00f3n.<\/span><\/strong><\/span><\/p>\n<p style=\"text-align: justify;\"><span style=\"color: #008000;\"><strong><span style=\"font-size: 14pt;\">Transformaci\u00f3n en materias primas.<\/span><\/strong><\/span><\/p>\n<\/blockquote>\n<p>&nbsp;<\/p>\n<p style=\"text-align: justify;\"><span style=\"font-size: 14pt;\">La elecci\u00f3n debe dirigirse a reducir el volumen de residuos, ahorrando materias primas y energ\u00eda. <strong>EL RECICLAJE supone una serie de ventajas<\/strong>:<\/span><\/p>\n<blockquote>\n<p style=\"text-align: justify;\">\u00a0\u00a0<span style=\"font-size: 14pt;\"><strong><span style=\"color: #008000;\">\u00a0 Aprovecha el residuo.<\/span><\/strong><\/span><\/p>\n<p style=\"text-align: justify;\"><span style=\"font-size: 14pt;\"><strong><span style=\"color: #008000;\">\u00a0\u00a0\u00a0 Reduce el impacto medio ambiental.<\/span><\/strong><\/span><\/p>\n<p style=\"text-align: justify;\"><span style=\"font-size: 14pt;\"><strong><span style=\"color: #008000;\">\u00a0\u00a0\u00a0 Disminuye el volumen de los residuos.<\/span><\/strong><\/span><\/p>\n<p style=\"text-align: justify;\"><span style=\"font-size: 14pt;\"><strong><span style=\"color: #008000;\">\u00a0\u00a0\u00a0 AHORRO DE MATERIA PRIMA.<\/span><\/strong><\/span><\/p>\n<p style=\"text-align: justify;\"><span style=\"font-size: 14pt;\"><strong><span style=\"color: #008000;\">\u00a0\u00a0\u00a0 AHORRO ENERGETICO.<\/span><\/strong><\/span><\/p>\n<p style=\"text-align: justify;\"><span style=\"font-size: 14pt;\"><strong><span style=\"color: #008000;\">\u00a0\u00a0\u00a0 AHORRO DE RECURSOS NATURALES.<\/span><\/strong><\/span><\/p>\n<p style=\"text-align: justify;\">\u00a0<\/p>\n<\/blockquote>\n<p style=\"text-align: justify;\"><strong><span style=\"font-size: 14pt;\">Pero tambi\u00e9n tiene sus inconvenientes<\/span><\/strong><span style=\"font-size: 14pt;\">:<\/span><\/p>\n<blockquote>\n<p style=\"text-align: justify;\"><span style=\"font-size: 14pt;\"><strong><span style=\"color: #008000;\">Si no se separa en origen tiene unos mayores costos y una menor utilidad.<\/span><\/strong><\/span><\/p>\n<p style=\"text-align: justify;\"><span style=\"font-size: 14pt;\"><strong><span style=\"color: #008000;\">Es necesaria una sensibilizaci\u00f3n ciudadana.<\/span><\/strong><\/span><\/p>\n<\/blockquote>\n<p>&nbsp;<\/p>\n<figure id=\"attachment_2314385\" aria-describedby=\"caption-attachment-2314385\" style=\"width: 555px\" class=\"wp-caption aligncenter\"><img loading=\"lazy\" decoding=\"async\" class=\"wp-image-2314385\" src=\"https:\/\/puntocritico.com\/ausajpuntocritico\/wp-content\/uploads\/2025\/11\/clasificacion-residuos-urbanos-1-300x144.webp\" alt=\"\" width=\"555\" height=\"267\" srcset=\"https:\/\/puntocritico.com\/ausajpuntocritico\/wp-content\/uploads\/2025\/11\/clasificacion-residuos-urbanos-1-300x144.webp 300w, https:\/\/puntocritico.com\/ausajpuntocritico\/wp-content\/uploads\/2025\/11\/clasificacion-residuos-urbanos-1-768x369.webp 768w, https:\/\/puntocritico.com\/ausajpuntocritico\/wp-content\/uploads\/2025\/11\/clasificacion-residuos-urbanos-1.webp 1021w\" sizes=\"auto, (max-width: 555px) 100vw, 555px\" \/><figcaption id=\"caption-attachment-2314385\" class=\"wp-caption-text\"><span style=\"color: #008000;\">Clasificaci\u00f3n RSU <\/span><\/figcaption><\/figure>\n<p>&nbsp;<\/p>\n<h3 style=\"text-align: center;\"><span style=\"font-size: 18pt;\">Plantas de reciclado<\/span><\/h3>\n<p style=\"text-align: justify;\"><span style=\"font-size: 14pt;\">Permiten <strong>separar residuos comercializables<\/strong> existentes en los residuos y obtener otros derivados. <strong>Podemos agruparlas, seg\u00fan sus prestaciones<\/strong>:<\/span><\/p>\n<blockquote>\n<p style=\"text-align: justify;\"><span style=\"font-size: 14pt; color: #008000;\"><strong>Plantas de Recuperaci\u00f3n o reciclaje.<\/strong><\/span><\/p>\n<p style=\"text-align: justify;\"><span style=\"font-size: 14pt; color: #008000;\"><strong>Plantas de Compostaje.<\/strong><\/span><\/p>\n<p style=\"text-align: justify;\"><span style=\"font-size: 14pt; color: #008000;\"><strong>Plantas de Reciclaje y Compostaje.<\/strong><\/span><\/p>\n<\/blockquote>\n<p>&nbsp;<\/p>\n<p style=\"text-align: justify;\"><span style=\"font-size: 14pt;\"><strong>Plantas de Reciclaje con obtenci\u00f3n de Compost y RDF (<em>refused derived fuel- combustible residual<\/em>)<\/strong>, sin extendernos, mencionar el \u00abSIBERCOM\u00bb, elaborado por SIBER, S.A. proveniente de la esterilizaci\u00f3n por microondas, que tras ser triado y triturado, es enfardado para quemar, produciendo energ\u00eda. Existen plantas en algunos pa\u00edses, como Suiza, pero son de muy alto coste, del orden de los 1.500 millones.<\/span><\/p>\n<p style=\"text-align: justify;\"><span style=\"font-size: 14pt;\"><strong>Plantas de Reciclaje con obtenci\u00f3n de BIOGAS, RDF y\u00a0 DIGESTADO<\/strong>, El reciclado es un proceso que tiene por objeto la <strong>recuperaci\u00f3n de forma directa o indirecta de los componentes que contienen los residuos urbanos<\/strong>, teniendo como consecuencia la <strong>reducci\u00f3n<\/strong> de los mismos.\u00a0<\/span><span style=\"font-size: 14pt;\">Sin embargo, <strong>no incide directamente en el problema del consumo<\/strong>.<\/span><\/p>\n<p>&nbsp;<\/p>\n<p><img loading=\"lazy\" decoding=\"async\" class=\"aligncenter wp-image-2314387\" src=\"https:\/\/puntocritico.com\/ausajpuntocritico\/wp-content\/uploads\/2025\/11\/produccion-de-biogas-1527690614-300x160.png\" alt=\"\" width=\"555\" height=\"295\" srcset=\"https:\/\/puntocritico.com\/ausajpuntocritico\/wp-content\/uploads\/2025\/11\/produccion-de-biogas-1527690614-300x160.png 300w, https:\/\/puntocritico.com\/ausajpuntocritico\/wp-content\/uploads\/2025\/11\/produccion-de-biogas-1527690614.png 750w\" sizes=\"auto, (max-width: 555px) 100vw, 555px\" \/><\/p>\n<p>&nbsp;<\/p>\n<p style=\"text-align: justify;\"><span style=\"font-size: 14pt;\">Adem\u00e1s, <strong>requiere la adopci\u00f3n en muchos casos de tecnolog\u00edas complejas para la separaci\u00f3n de las fracciones de la basura<\/strong>, adaptando en ocasiones t\u00e9cnicas de la<em> industria minera<\/em>, de muy alto coste, por lo que para su rentabilidad se requiere en muchos casos una producci\u00f3n m\u00ednima de RSU. Al margen, <strong>estudiaremos posteriormente el sistema de la Separaci\u00f3n en origen<\/strong> (<em><strong>Recuperaci\u00f3n Selectiva<\/strong><\/em>).<\/span><\/p>\n<p style=\"text-align: justify;\"><span style=\"font-size: 14pt;\"><strong>Los procesos de recuperaci\u00f3n se orientan unas veces hacia la obtenci\u00f3n directa de ciertos componentes de las basuras<\/strong> como papel y cart\u00f3n, vidrio, pl\u00e1sticos, metales, que a su vez son separados con pocas o simples operaciones de preparaci\u00f3n, <strong>o bi\u00e9n, como en el caso del aprovechamiento de la fracci\u00f3n org\u00e1nica, hay que emplear procedimientos m\u00e1s complejos, f\u00edsicos, qu\u00edmicos, y bioqu\u00edmicos<\/strong>, para obtener productos distintos de los iniciales, como pueden ser el compost, alimentos para el ganado, gases y l\u00edquidos combustibles.<\/span><\/p>\n<p style=\"text-align: justify;\"><span style=\"font-size: 14pt;\">Podemos clasificar <strong>tres grandes bloques de componentes entre los RSU<\/strong>, atendiendo a su potencial incorporaci\u00f3n al proceso de recuperaci\u00f3n:<\/span><\/p>\n<blockquote>\n<p style=\"text-align: justify;\"><strong><span style=\"font-size: 14pt; color: #008000;\"><span style=\"text-decoration: underline;\">Recuperables<\/span>: Metales, papel y cart\u00f3n, vidrio y determinados pl\u00e1sticos, que pueden suponer en Espa\u00f1a entre el 30 y el 60% de los RSU.<\/span><\/strong><\/p>\n<p style=\"text-align: justify;\"><strong><span style=\"font-size: 14pt; color: #008000;\"><span style=\"text-decoration: underline;\">Recuperables-transformables<\/span>: Papel y pl\u00e1sticos fundamentalmente, que pueden suponer del 20 al 30% de los RSU.<\/span><\/strong><\/p>\n<p style=\"text-align: justify;\"><strong><span style=\"font-size: 14pt; color: #008000;\"><span style=\"text-decoration: underline;\">Transformables<\/span>: Materia org\u00e1nica, en gran parte fermentable (e<span style=\"font-size: 14pt;\">n Espa\u00f1a, puede alcanzar un 60%)<\/span>. <\/span><\/strong><\/p>\n<\/blockquote>\n<p>&nbsp;<\/p>\n<figure id=\"attachment_2314386\" aria-describedby=\"caption-attachment-2314386\" style=\"width: 555px\" class=\"wp-caption aligncenter\"><img loading=\"lazy\" decoding=\"async\" class=\"wp-image-2314386\" src=\"https:\/\/puntocritico.com\/ausajpuntocritico\/wp-content\/uploads\/2025\/11\/esquema-biogas-metano-hecho-con-purines-300x169.jpg\" alt=\"\" width=\"555\" height=\"312\" srcset=\"https:\/\/puntocritico.com\/ausajpuntocritico\/wp-content\/uploads\/2025\/11\/esquema-biogas-metano-hecho-con-purines-300x169.jpg 300w, https:\/\/puntocritico.com\/ausajpuntocritico\/wp-content\/uploads\/2025\/11\/esquema-biogas-metano-hecho-con-purines.jpg 484w\" sizes=\"auto, (max-width: 555px) 100vw, 555px\" \/><figcaption id=\"caption-attachment-2314386\" class=\"wp-caption-text\">Planta de metano producido con purines agr\u00edcolas<\/figcaption><\/figure>\n<p>&nbsp;<\/p>\n<p style=\"text-align: justify;\"><span style=\"font-size: 14pt;\"><strong>Las operaciones de reciclado se dividen en dos grandes fases<\/strong>: <strong>Separaci\u00f3n<\/strong> y concentraci\u00f3n de materiales, <strong>recuperaci\u00f3n<\/strong> o aprovechamiento de los elementos \u00fatiles.<\/span><\/p>\n<p>&nbsp;<\/p>\n<blockquote>\n<p style=\"text-align: center;\"><strong><span style=\"font-size: 14pt; color: #008000;\">Las operaciones de reciclado se dividen en dos grandes fases: Separaci\u00f3n y concentraci\u00f3n de materiales, recuperaci\u00f3n o aprovechamiento de los elementos \u00fatiles<\/span><\/strong><\/p>\n<\/blockquote>\n<p>&nbsp;<\/p>\n<figure id=\"attachment_2314384\" aria-describedby=\"caption-attachment-2314384\" style=\"width: 440px\" class=\"wp-caption aligncenter\"><img loading=\"lazy\" decoding=\"async\" class=\"wp-image-2314384\" src=\"https:\/\/puntocritico.com\/ausajpuntocritico\/wp-content\/uploads\/2025\/11\/empleada-bolsas-planta-reciclaje-300x210.jpg\" alt=\"\" width=\"440\" height=\"308\" srcset=\"https:\/\/puntocritico.com\/ausajpuntocritico\/wp-content\/uploads\/2025\/11\/empleada-bolsas-planta-reciclaje-300x210.jpg 300w, https:\/\/puntocritico.com\/ausajpuntocritico\/wp-content\/uploads\/2025\/11\/empleada-bolsas-planta-reciclaje-1024x716.jpg 1024w, https:\/\/puntocritico.com\/ausajpuntocritico\/wp-content\/uploads\/2025\/11\/empleada-bolsas-planta-reciclaje-768x537.jpg 768w, https:\/\/puntocritico.com\/ausajpuntocritico\/wp-content\/uploads\/2025\/11\/empleada-bolsas-planta-reciclaje-1536x1074.jpg 1536w, https:\/\/puntocritico.com\/ausajpuntocritico\/wp-content\/uploads\/2025\/11\/empleada-bolsas-planta-reciclaje-1320x923.jpg 1320w, https:\/\/puntocritico.com\/ausajpuntocritico\/wp-content\/uploads\/2025\/11\/empleada-bolsas-planta-reciclaje.jpg 1920w\" sizes=\"auto, (max-width: 440px) 100vw, 440px\" \/><figcaption id=\"caption-attachment-2314384\" class=\"wp-caption-text\"><span style=\"color: #008000;\">Reciclaje de pl\u00e1sticos (separaci\u00f3n)<\/span><\/figcaption><\/figure>\n<p>&nbsp;<\/p>\n<p style=\"text-align: justify;\"><span style=\"font-size: 14pt;\">Este sistema de tratamiento (<em><strong>Reciclado<\/strong><\/em>) viene <strong>impuesto por el nuevo concepto de gesti\u00f3n de los residuos s\u00f3lidos que debe tender a lograr los objetivos siguientes<\/strong>:<\/span><\/p>\n<blockquote>\n<p style=\"text-align: justify;\"><span style=\"color: #008000;\"><strong><span style=\"font-size: 14pt;\">Conservaci\u00f3n o ahorro de energ\u00eda.<\/span><\/strong><\/span><\/p>\n<p style=\"text-align: justify;\"><span style=\"color: #008000;\"><strong><span style=\"font-size: 14pt;\">Conservaci\u00f3n o ahorro de recursos naturales.<\/span><\/strong><\/span><\/p>\n<p style=\"text-align: justify;\"><span style=\"color: #008000;\"><strong><span style=\"font-size: 14pt;\">Disminuci\u00f3n del volumen de residuos que hay que eliminar.<\/span><\/strong><\/span><\/p>\n<p style=\"text-align: justify;\"><span style=\"color: #008000;\"><strong><span style=\"font-size: 14pt;\">Protecci\u00f3n del medio ambiente.<\/span><\/strong><\/span><\/p>\n<\/blockquote>\n<p>&nbsp;<\/p>\n<p style=\"text-align: justify;\"><span style=\"font-size: 14pt;\"><strong>El reciclado puede efectuarse de dos formas<\/strong>. <strong>La primera consiste en la separaci\u00f3n de los componentes presentes en las basuras, para su recuperaci\u00f3n directa<\/strong>, dando as\u00ed origen a lo que se conoce como \u00ab<em><strong>recogida selectiva<\/strong><\/em>\u00ab. <\/span><\/p>\n<p style=\"text-align: justify;\"><span style=\"font-size: 14pt;\">Para la efectividad de este sistema se necesita, por un lado, la <strong><em>participaci\u00f3n ciudadana<\/em><\/strong> al tener que depositar en recipientes distintos los diferentes componentes de los residuos que intentan recuperarse (<em>habitualmente se usan tres recipientes, uno para el vidrio, otro para los papeles y un tercero para el resto de la basura<\/em>); y por otro lado <strong><em>la recogida de dichos componentes ha de realizarse por separado<\/em><\/strong> bien en veh\u00edculos distintos o en veh\u00edculos especiales compartimentados.<\/span><\/p>\n<p style=\"text-align: justify;\"><span style=\"font-size: 14pt;\"><strong>La segunda forma de efectuar el reciclado es partiendo de las basuras brutas, o sea efectuando un tratamiento global de los residuos s\u00f3lidos urbanos mediante t\u00e9cnicas comunales de la industria minera y metal\u00fargica<\/strong>, tales como la trituraci\u00f3n, cribado y clasificaci\u00f3n neum\u00e1tica para lo concerniente a la preparaci\u00f3n del residuo y separaci\u00f3n de las fracciones ligeras; sistemas de clasificaci\u00f3n por v\u00eda h\u00fameda, electromagn\u00e9tica, electrost\u00e1ticos, \u00f3pticos y flotaci\u00f3n por espumas para la obtenci\u00f3n y depuraci\u00f3n de metales y vidrio.<\/span><\/p>\n<p>&nbsp;<\/p>\n<figure id=\"attachment_2314381\" aria-describedby=\"caption-attachment-2314381\" style=\"width: 400px\" class=\"wp-caption aligncenter\"><img loading=\"lazy\" decoding=\"async\" class=\"wp-image-2314381\" src=\"https:\/\/puntocritico.com\/ausajpuntocritico\/wp-content\/uploads\/2025\/11\/WASTX-Plastic-The-Worlds-Largest-Plastic-Recycling-Plant-1-300x225.jpg\" alt=\"\" width=\"400\" height=\"300\" srcset=\"https:\/\/puntocritico.com\/ausajpuntocritico\/wp-content\/uploads\/2025\/11\/WASTX-Plastic-The-Worlds-Largest-Plastic-Recycling-Plant-1-300x225.jpg 300w, https:\/\/puntocritico.com\/ausajpuntocritico\/wp-content\/uploads\/2025\/11\/WASTX-Plastic-The-Worlds-Largest-Plastic-Recycling-Plant-1-1024x768.jpg 1024w, https:\/\/puntocritico.com\/ausajpuntocritico\/wp-content\/uploads\/2025\/11\/WASTX-Plastic-The-Worlds-Largest-Plastic-Recycling-Plant-1-768x576.jpg 768w, https:\/\/puntocritico.com\/ausajpuntocritico\/wp-content\/uploads\/2025\/11\/WASTX-Plastic-The-Worlds-Largest-Plastic-Recycling-Plant-1-678x509.jpg 678w, https:\/\/puntocritico.com\/ausajpuntocritico\/wp-content\/uploads\/2025\/11\/WASTX-Plastic-The-Worlds-Largest-Plastic-Recycling-Plant-1-326x245.jpg 326w, https:\/\/puntocritico.com\/ausajpuntocritico\/wp-content\/uploads\/2025\/11\/WASTX-Plastic-The-Worlds-Largest-Plastic-Recycling-Plant-1-80x60.jpg 80w, https:\/\/puntocritico.com\/ausajpuntocritico\/wp-content\/uploads\/2025\/11\/WASTX-Plastic-The-Worlds-Largest-Plastic-Recycling-Plant-1.jpg 1200w\" sizes=\"auto, (max-width: 400px) 100vw, 400px\" \/><figcaption id=\"caption-attachment-2314381\" class=\"wp-caption-text\"><span style=\"color: #008000;\">La mayor Planta de reciclaje de pl\u00e1sticos del mundo<\/span><\/figcaption><\/figure>\n<p>&nbsp;<\/p>\n<p style=\"text-align: justify;\"><span style=\"font-size: 14pt;\">Teniendo en cuenta la composici\u00f3n media de nuestros residuos se puede afirmar que <strong>anualmente tiramos a la basura m\u00e1s de 480.000 toneladas de metales, casi un mill\u00f3n de toneladas de vidrio, unos 2 millones y medio de toneladas de papel y cart\u00f3n, y casi 6 millones y medio de toneladas de materia org\u00e1nica<\/strong>, cifras que oscilan <strong>entre el 40 y el 75% de la producci\u00f3n de dichos materiales<\/strong>, por lo que dif\u00edcilmente podr\u00e1 justificarse una pol\u00edtica basada simplemente en la eliminaci\u00f3n de los residuos s\u00f3lidos.<\/span><\/p>\n<p style=\"text-align: justify;\"><span style=\"font-size: 14pt;\">Pero no s\u00f3lo perderemos estos recursos, sino que, al no hacer uso de la industria de la recuperaci\u00f3n, el consumo de materias primas y energ\u00eda va en constante aumento con el consiguiente efecto sobre la econom\u00eda nacional.\u00a0<\/span><\/p>\n<p style=\"text-align: justify;\"><span style=\"font-size: 14pt;\"><strong>Como ejemplos gr\u00e1ficos bastan los siguientes datos<\/strong>: <\/span><\/p>\n<blockquote>\n<p style=\"text-align: justify;\"><strong><span style=\"font-size: 14pt; color: #008000;\">para conseguir una tonelada de pasta para la fabricaci\u00f3n de papel son necesarios 14 \u00e1rboles y cada uno tarda en crecer 20 a\u00f1os; <\/span><\/strong><\/p>\n<p style=\"text-align: justify;\"><strong><span style=\"font-size: 14pt; color: #008000;\">con la recuperaci\u00f3n de 2 toneladas de pl\u00e1sticos ahorraremos una tonelada de crudo importado; <\/span><\/strong><\/p>\n<p style=\"text-align: justify;\"><strong><span style=\"font-size: 14pt; color: #008000;\">para la producci\u00f3n de una tonelada de acero, si utilizamos recuperado evitamos un barril y medio de petr\u00f3leo; <\/span><\/strong><\/p>\n<p style=\"text-align: justify;\"><strong><span style=\"font-size: 14pt; color: #008000;\">en la fabricaci\u00f3n de una tonelada de aluminio se invierten 29 barriles de crudo que igualmente podemos ahorrar; <\/span><\/strong><\/p>\n<p style=\"text-align: justify;\"><strong><span style=\"font-size: 14pt; color: #008000;\">si incluimos material recuperado en la producci\u00f3n de una tonelada de cobre evitamos 7 barriles y medio de petr\u00f3leo; <\/span><\/strong><\/p>\n<p style=\"text-align: justify;\"><strong><span style=\"font-size: 14pt; color: #008000;\">para fabricar una tonelada de vidrio se consumen 0,5 toneladas de fuel-oil, pero aportando calc\u00edn, el consumo se puede reducir en un 20% al tiempo que se disminuye el consumo de materias primas generadoras su vez de contaminantes.<\/span><\/strong><\/p>\n<\/blockquote>\n<p>&nbsp;<\/p>\n<p><img loading=\"lazy\" decoding=\"async\" class=\"aligncenter wp-image-2314382 size-full\" src=\"https:\/\/puntocritico.com\/ausajpuntocritico\/wp-content\/uploads\/2025\/11\/Plantas-de-reciclado-packs.avif\" alt=\"\" width=\"400\" height=\"314\" srcset=\"https:\/\/puntocritico.com\/ausajpuntocritico\/wp-content\/uploads\/2025\/11\/Plantas-de-reciclado-packs.avif 400w, https:\/\/puntocritico.com\/ausajpuntocritico\/wp-content\/uploads\/2025\/11\/Plantas-de-reciclado-packs-300x236.avif 300w\" sizes=\"auto, (max-width: 400px) 100vw, 400px\" \/><\/p>\n<p>&nbsp;<\/p>\n<p style=\"text-align: justify;\"><span style=\"font-size: 14pt;\">Sin embargo, <strong>los procesos industriales de reciclaje suponen un consumo energ\u00e9tico a tener en cuenta<\/strong>. Cuanto mayor sea la fracci\u00f3n de subproducto a recuperar, mayores y m\u00e1s sofisticados ser\u00e1n los medios necesarios para su recuperaci\u00f3n.\u00a0<\/span><\/p>\n<p style=\"text-align: justify;\"><span style=\"font-size: 14pt;\">Resumiendo, <strong>la recuperaci\u00f3n presenta ventajas e inconvenientes<\/strong> que podemos resumir as\u00ed:<\/span><\/p>\n<p style=\"text-align: justify;\"><span style=\"font-size: 14pt;\">Las <strong>ventajas<\/strong> se derivan del aprovechamiento de materias primas, econom\u00eda energ\u00e9tica, uso racional de los recursos naturales y devoluci\u00f3n a la tierra de su riqueza org\u00e1nica. <\/span><\/p>\n<p style=\"text-align: justify;\"><span style=\"font-size: 14pt;\">Los <strong>inconvenientes<\/strong> pueden ser: las fuertes inversiones iniciales; el sometimiento a paros y aver\u00edas, que impone un sistema alternativo; la producci\u00f3n de rechazos, que exige un vertedero complementario; la gesti\u00f3n especializada y cuidadosa, etc.<\/span><\/p>\n<p>&nbsp;<\/p>\n<p><img loading=\"lazy\" decoding=\"async\" class=\"aligncenter wp-image-2314383\" src=\"https:\/\/puntocritico.com\/ausajpuntocritico\/wp-content\/uploads\/2025\/11\/basura-compostada-planta-reciclaje-300x200.jpg\" alt=\"\" width=\"440\" height=\"293\" srcset=\"https:\/\/puntocritico.com\/ausajpuntocritico\/wp-content\/uploads\/2025\/11\/basura-compostada-planta-reciclaje-300x200.jpg 300w, https:\/\/puntocritico.com\/ausajpuntocritico\/wp-content\/uploads\/2025\/11\/basura-compostada-planta-reciclaje-1024x683.jpg 1024w, https:\/\/puntocritico.com\/ausajpuntocritico\/wp-content\/uploads\/2025\/11\/basura-compostada-planta-reciclaje-768x512.jpg 768w, https:\/\/puntocritico.com\/ausajpuntocritico\/wp-content\/uploads\/2025\/11\/basura-compostada-planta-reciclaje-1536x1024.jpg 1536w, https:\/\/puntocritico.com\/ausajpuntocritico\/wp-content\/uploads\/2025\/11\/basura-compostada-planta-reciclaje-1320x880.jpg 1320w, https:\/\/puntocritico.com\/ausajpuntocritico\/wp-content\/uploads\/2025\/11\/basura-compostada-planta-reciclaje.jpg 1920w\" sizes=\"auto, (max-width: 440px) 100vw, 440px\" \/><\/p>\n<p>&nbsp;<\/p>\n<h3 style=\"text-align: center;\"><span style=\"font-size: 14pt;\"><span style=\"font-size: 18pt;\">VALORIZACION ENERGETICA (Biog\u00e1s)<\/span><\/span><\/h3>\n<p style=\"text-align: justify;\"><span style=\"font-size: 14pt;\">Explotaci\u00f3n de los gases que se producen en los vertederos por la fermentaci\u00f3n de la materia org\u00e1nica, canalizando las emanaciones de gas, que est\u00e1 formado fundamentalmente por metano Y CO2. En Espa\u00f1a, (fuente: MOPU 1.992) hay dos vertederos que captan este gas para su aprovechamiento y transformaci\u00f3n el\u00e9ctrica: SERIN (Asturias) y ARTGAS (Bilbao).<\/span><\/p>\n<p>&nbsp;<\/p>\n<p><img loading=\"lazy\" decoding=\"async\" class=\"aligncenter wp-image-2314239\" src=\"https:\/\/puntocritico.com\/ausajpuntocritico\/wp-content\/uploads\/2025\/11\/Captura.jpg\" alt=\"LA RECUPERACION Y EL RECICLAJE\" width=\"800\" height=\"624\" srcset=\"https:\/\/puntocritico.com\/ausajpuntocritico\/wp-content\/uploads\/2025\/11\/Captura.jpg 671w, https:\/\/puntocritico.com\/ausajpuntocritico\/wp-content\/uploads\/2025\/11\/Captura-300x234.jpg 300w\" sizes=\"auto, (max-width: 800px) 100vw, 800px\" \/><\/p>\n<p>&nbsp;<\/p>\n<h3 style=\"text-align: center;\"><span style=\"font-size: 24pt;\">COMPOSTAJE<\/span><\/h3>\n<p style=\"text-align: justify;\"><span style=\"font-size: 14pt;\">El <strong>compost<\/strong> es un producto org\u00e1nico que aporta al suelo <strong>materia org\u00e1nica.<\/strong> Se basa en la<strong> fermentaci\u00f3n bacteriana<\/strong> de las materias org\u00e1nicas contenidas en la basura <strong>en presencia de aire<\/strong>. Los microorganismos que realizan este proceso de fermentaci\u00f3n aerobia son <em>term\u00f3filos<\/em> y el producto resultante de esta composici\u00f3n de la materia es un <em><strong>humus<\/strong><\/em>. El <strong>compost no es exactamente un abono sino un regenerador org\u00e1nico del suelo<\/strong>.<\/span><\/p>\n<p>&nbsp;<\/p>\n<p><img loading=\"lazy\" decoding=\"async\" class=\"aligncenter wp-image-2314389 size-mh-magazine-content\" src=\"https:\/\/puntocritico.com\/ausajpuntocritico\/wp-content\/uploads\/2025\/11\/distribucion-de-planta-de-compostaje-678x381.jpg\" alt=\"\" width=\"678\" height=\"381\" \/><\/p>\n<p>&nbsp;<\/p>\n<h3 style=\"text-align: center;\"><span style=\"font-size: 18pt;\">PLANTAS DE COMPOSTAJE<\/span><\/h3>\n<p style=\"text-align: justify;\"><span style=\"font-size: 14pt;\"><strong>Una planta de compostaje se compone de las siguientes instalaciones<\/strong>:<\/span><\/p>\n<blockquote>\n<p style=\"text-align: justify;\"><span style=\"color: #008000;\"><strong><span style=\"font-size: 14pt;\">Recepci\u00f3n de basuras.<\/span><\/strong><\/span><\/p>\n<p style=\"text-align: justify;\"><span style=\"color: #008000;\"><strong><span style=\"font-size: 14pt;\">Tratamiento previo de separaci\u00f3n de materias inertes, si se realiza. Triaje.<\/span><\/strong><\/span><\/p>\n<p style=\"text-align: justify;\"><span style=\"color: #008000;\"><strong><span style=\"font-size: 14pt;\">Tratamiento f\u00edsico primario (trituraci\u00f3n, cribado clasificaci\u00f3n). Esta tratamiento se repite una vez se ha producido la fermentaci\u00f3n.<\/span><\/strong><\/span><\/p>\n<p style=\"text-align: justify;\"><span style=\"color: #008000;\"><strong><span style=\"font-size: 14pt;\">Fermentaci\u00f3n.<\/span><\/strong><\/span><\/p>\n<p style=\"text-align: justify;\"><span style=\"color: #008000;\"><strong><span style=\"font-size: 14pt;\">Acondicionamiento del producto.<\/span><\/strong><\/span><\/p>\n<\/blockquote>\n<p style=\"text-align: justify;\">\u00a0<\/p>\n<p style=\"text-align: justify;\"><span style=\"font-size: 14pt;\">Los <strong>elementos b\u00e1sicos de una planta de compostaje<\/strong>:<\/span><\/p>\n<blockquote>\n<p style=\"text-align: justify;\"><span style=\"font-size: 14pt;\"><strong><span style=\"color: #008000;\">Un foso o tolva de recepci\u00f3n.<\/span><\/strong><\/span><\/p>\n<p style=\"text-align: justify;\"><span style=\"font-size: 14pt;\"><strong><span style=\"color: #008000;\">Sistema de selecci\u00f3n que permite reciclar productos (papel, cart\u00f3n, trapos, chatarra, vidrio, pl\u00e1sticos), es una cinta de la magn\u00e9ticamente se pueden separar los metales f\u00e9rricos.<\/span><\/strong><\/span><\/p>\n<p style=\"text-align: justify;\"><span style=\"font-size: 14pt;\"><strong><span style=\"color: #008000;\">Tambi\u00e9n cabe la posibilidad de un sistema que repele los metales no f\u00e9rricos.<\/span><\/strong><\/span><\/p>\n<p style=\"text-align: justify;\"><span style=\"font-size: 14pt;\"><strong><span style=\"color: #008000;\">Trituraci\u00f3n por molinos, siendo los cl\u00e1sicos los de martillo.<\/span><\/strong><\/span><\/p>\n<p style=\"text-align: justify;\"><span style=\"font-size: 14pt;\"><strong><span style=\"color: #008000;\">Selecci\u00f3n definitiva. Se puede utilizar una cinta vibrante, aprovech\u00e1ndose para la producci\u00f3n del compost aquellos contenidos org\u00e1nicos.<\/span><\/strong><\/span><\/p>\n<\/blockquote>\n<p>&nbsp;<\/p>\n<p><img loading=\"lazy\" decoding=\"async\" class=\"aligncenter wp-image-2314388\" src=\"https:\/\/puntocritico.com\/ausajpuntocritico\/wp-content\/uploads\/2025\/11\/PLANTAS-DE-COMPOSTAJE-22-300x162.jpg\" alt=\"\" width=\"555\" height=\"300\" srcset=\"https:\/\/puntocritico.com\/ausajpuntocritico\/wp-content\/uploads\/2025\/11\/PLANTAS-DE-COMPOSTAJE-22-300x162.jpg 300w, https:\/\/puntocritico.com\/ausajpuntocritico\/wp-content\/uploads\/2025\/11\/PLANTAS-DE-COMPOSTAJE-22.jpg 305w\" sizes=\"auto, (max-width: 555px) 100vw, 555px\" \/><\/p>\n<p>&nbsp;<\/p>\n<p style=\"text-align: justify;\"><span style=\"font-size: 14pt;\"><strong>Hay experiencias en cuanto a la mezcla de compost con fangos procedentes de depuradoras, ricos en nitr\u00f3geno<\/strong>. Su inconveniente es que pueden contener residuos industriales y dom\u00e9sticos, contaminados con metales pesados, con lo que quedan inutilizados como abono.<\/span><\/p>\n<p style=\"text-align: justify;\"><span style=\"font-size: 14pt;\"><strong>Una vez conseguida la fermentaci\u00f3n, el producto se afina y criba, con el fin de mejorar la granulometr\u00eda del compost y eliminar ciertos productos indeseables<\/strong>, como residuos pl\u00e1sticos, trapos, caucho o vidrio. El cribado se realiza con cintas vibrantes o cribas rotativas, y permite a trav\u00e9s de los tamices obtener un compost fino, otro mediano y el rechazo. <\/span><\/p>\n<p style=\"text-align: justify;\"><span style=\"font-size: 14pt;\"><strong>El compostaje es un proceso de descomposici\u00f3n biol\u00f3gica, por v\u00eda aerobia, de la materia org\u00e1nica contenida en los residuos s\u00f3lidos urbanos en condiciones controladas<\/strong>. Las bacterias actuantes son <strong><em>termof\u00edlicas<\/em><\/strong>, desarroll\u00e1ndose el proceso a <strong>temperaturas comprendidas entre 50 y 70\u00ba C<\/strong>, lo que produce la <strong>eliminaci\u00f3n de los g\u00e9rmenes pat\u00f3genos y la inocuidad del producto<\/strong>.<\/span><\/p>\n<p style=\"text-align: justify;\"><span style=\"font-size: 14pt;\"><strong>El proceso lleva consigo la separaci\u00f3n manual mecanizada de la mayor parte de los metales, vidrio y<\/strong> <strong>pl\u00e1sticos<\/strong>. <\/span><\/p>\n<p style=\"text-align: justify;\"><span style=\"font-size: 14pt;\">La<strong> fermentaci\u00f3n puede ser natural (<em>al aire libre<\/em>) o acelerada (<em>en digestores<\/em>)<\/strong>. En el primer caso tiene una duraci\u00f3n de tres meses, y de 15 d\u00edas en el segundo.<\/span><\/p>\n<p style=\"text-align: justify;\"><span style=\"font-size: 14pt;\">Realmente se puede considerar como <strong>un proceso de reciclaje en el que se recupera la fracci\u00f3n org\u00e1nica para su empleo en la agricultura, lo que implica una vuelta a la naturaleza de las sustancias extra\u00eddas<\/strong>. El tratar el compostaje como un proceso independiente de los incluidos en el reciclaje, se debe a ser un proceso con identidad propia, ya desarrollado cuando han hecho su aparici\u00f3n los sistemas de recuperaci\u00f3n integral.<\/span><\/p>\n<p style=\"text-align: justify;\"><span style=\"font-size: 14pt;\">El material resultante del proceso, llamado <strong>compost<\/strong>, no es enteramente abono, aunque contiene nutrientes Y oligoelementos, sino m\u00e1s bien un <strong>regenerador org\u00e1nico del terreno<\/strong>, raz\u00f3n por la que se le ha denominado \u00ab<em><strong>abono org\u00e1nico<\/strong><\/em>\u00ab. <\/span><\/p>\n<p style=\"text-align: justify;\"><span style=\"font-size: 14pt;\"><strong>Sus efectos positivos sobre el suelo son<\/strong>:<\/span><\/p>\n<blockquote>\n<p style=\"text-align: justify;\"><span style=\"color: #008000;\"><strong><span style=\"font-size: 14pt;\">Suelta los terrenos compactados y compacta los demasiado sueltos.<\/span><\/strong><\/span><\/p>\n<p style=\"text-align: justify;\"><span style=\"color: #008000;\"><strong><span style=\"font-size: 14pt;\">Favorece el abonado qu\u00edmico al evitar la percolaci\u00f3n.<\/span><\/strong><\/span><\/p>\n<p style=\"text-align: justify;\"><span style=\"color: #008000;\"><strong><span style=\"font-size: 14pt;\">Aumenta la capacidad de retenci\u00f3n de agua por el suelo. <\/span><\/strong><\/span><\/p>\n<p style=\"text-align: justify;\"><span style=\"color: #008000;\"><strong><span style=\"font-size: 14pt;\">Es fuente de elementos nutritivos (<em>nutrientes m\u00e1s oligoelementos<\/em>). <\/span><\/strong><\/span><\/p>\n<p style=\"text-align: justify;\"><span style=\"color: #008000;\"><strong><span style=\"font-size: 14pt;\">Aumenta el contenido de materia org\u00e1nica del suelo. Esto es fundamental en los suelos de nuestro pa\u00eds, cuyo d\u00e9ficit en materia org\u00e1nica es enorme (<em>baste decir que su contenido medio se estima en un 1%, siendo el \u00f3ptimo del 3%<\/em>). <\/span><\/strong><\/span><\/p>\n<\/blockquote>\n<p>&nbsp;<\/p>\n<p><img loading=\"lazy\" decoding=\"async\" class=\"aligncenter wp-image-2314394\" src=\"https:\/\/puntocritico.com\/ausajpuntocritico\/wp-content\/uploads\/2025\/11\/Proceso-de-compostaje-111.jpg\" alt=\"\" width=\"360\" height=\"261\" \/><\/p>\n<p>&nbsp;<\/p>\n<p style=\"text-align: justify;\"><span style=\"font-size: 14pt;\">Hasta el momento, <strong>el medio principal de enmienda org\u00e1nica de los suelos en Espa\u00f1a ha sido el esti\u00e9rcol<\/strong>. Dada la disminuci\u00f3n de producci\u00f3n de este material, debido a la cada vez menor utilizaci\u00f3n de animales en las faenas del campo, <strong>el compost puede ser sustituto adecuado<\/strong> para esta importante funci\u00f3n.<\/span><\/p>\n<p style=\"text-align: justify;\"><span style=\"font-size: 14pt;\"><strong>Las causas de su escasa utilizaci\u00f3n en nuestro pa\u00eds, y el fracaso experimentado por algunas plantas de fabricaci\u00f3n, han sido las siguientes<\/strong>:<\/span><\/p>\n<blockquote>\n<p style=\"text-align: justify;\"><strong><span style=\"font-size: 14pt; color: #008000;\">Mala calidad del producto ofrecido al agricultor.<\/span><\/strong><\/p>\n<p style=\"text-align: justify;\"><strong><span style=\"font-size: 14pt; color: #008000;\">Inestabilidad en el tiempo de la fermentaci\u00f3n.<\/span><\/strong><\/p>\n<p style=\"text-align: justify;\"><strong><span style=\"font-size: 14pt; color: #008000;\">Fabricaci\u00f3n de una sola calidad.<\/span><\/strong><\/p>\n<p style=\"text-align: justify;\"><strong><span style=\"font-size: 14pt; color: #008000;\">Falta de informaci\u00f3n al agricultor para su uso.<\/span><\/strong><\/p>\n<p style=\"text-align: justify;\"><strong><span style=\"font-size: 14pt; color: #008000;\">Montaje de las f\u00e1bricas pensando en su rentabilidad absoluta.<\/span><\/strong><\/p>\n<p style=\"text-align: justify;\"><strong><span style=\"font-size: 14pt; color: #008000;\">Distancias de suministro excesivas.<\/span><\/strong><\/p>\n<p style=\"text-align: justify;\"><strong><span style=\"font-size: 14pt; color: #008000;\">Capacidades de producci\u00f3n peque\u00f1as.<\/span><\/strong><\/p>\n<\/blockquote>\n<p style=\"text-align: justify;\">\u00a0<\/p>\n<p style=\"text-align: justify;\"><span style=\"font-size: 14pt;\"><strong>Las plantas comienzan a ser rentables<\/strong> (<em>teniendo en cuenta la percepci\u00f3n del canon municipal por tratamiento<\/em>) <strong>a partir de 300 t\/d\u00eda<\/strong>. El l\u00edmite inferior de viabilidad puede estimarse en 150 t\/d\u00eda y nunca se deben montar plantas para producciones menores de 100 t\/d\u00eda. En general <strong>se establece su rentabilidad para poblaciones superiores a 100.000 habitantes<\/strong>.<\/span><\/p>\n<p style=\"text-align: justify;\"><span style=\"font-size: 14pt;\"><strong>Si se pretende generalizar la utilizaci\u00f3n del compost se deben establecer unos criterios de calidad, fabricando diferentes clases para distintas utilizaciones<\/strong>; deben establecerse<strong> factores limitantes<\/strong>, como <em>salinidad<\/em>, condiciones sanitarias, contenido en <em>metales pesados<\/em>, etc.; se deben situar las plantas a distancias menores de 50 kil\u00f3metros de los centros de consumo; debe informarse a los agricultores de las condiciones de empleo de este abono org\u00e1nico; y, por \u00faltimo, deben establecerse precios que le hagan <strong>competitivo<\/strong> con otros productos.<\/span><\/p>\n<p style=\"text-align: justify;\"><span style=\"font-size: 14pt;\"><strong>Como resumen, podemos decir del compost que<\/strong>:<\/span><\/p>\n<blockquote>\n<p style=\"text-align: justify;\"><span style=\"color: #008000;\"><strong><span style=\"font-size: 14pt;\">Tiene doble car\u00e1cter, de enmienda y abono org\u00e1nico.<\/span><\/strong><\/span><\/p>\n<p style=\"text-align: justify;\"><span style=\"color: #008000;\"><strong><span style=\"font-size: 14pt;\">Es as\u00e9ptico, libre de bacterias pat\u00f3genas, semillas, huevos de ac\u00e1ridos, larvas, etc., pero con intens\u00edsima vida bacteriana que activa los procesos bioqu\u00edmicos del suelo.<\/span><\/strong><\/span><\/p>\n<p style=\"text-align: justify;\"><span style=\"color: #008000;\"><strong><span style=\"font-size: 14pt;\">Sus elementos nutritivos est\u00e1n en forma de humus, f\u00e1cilmente asimilable.<\/span><\/strong><\/span><\/p>\n<p style=\"text-align: justify;\"><span style=\"color: #008000;\"><strong><span style=\"font-size: 14pt;\">Mejora qu\u00edmica, f\u00edsica y biol\u00f3gicamente el suelo, ahorrando fertilizantes, pero no sustituy\u00e9ndolos. Recuperaci\u00f3n de recursos contenidos en los residuos. Planta de compostaje.<\/span><\/strong><\/span><\/p>\n<\/blockquote>\n<p>&nbsp;<\/p>\n<figure id=\"attachment_2314393\" aria-describedby=\"caption-attachment-2314393\" style=\"width: 330px\" class=\"wp-caption aligncenter\"><img loading=\"lazy\" decoding=\"async\" class=\"wp-image-2314393\" src=\"https:\/\/puntocritico.com\/ausajpuntocritico\/wp-content\/uploads\/2025\/11\/jtrrbio300g-RSU-Compost-1-300x300.jpg\" alt=\"\" width=\"330\" height=\"330\" srcset=\"https:\/\/puntocritico.com\/ausajpuntocritico\/wp-content\/uploads\/2025\/11\/jtrrbio300g-RSU-Compost-1-300x300.jpg 300w, https:\/\/puntocritico.com\/ausajpuntocritico\/wp-content\/uploads\/2025\/11\/jtrrbio300g-RSU-Compost-1-150x150.jpg 150w, https:\/\/puntocritico.com\/ausajpuntocritico\/wp-content\/uploads\/2025\/11\/jtrrbio300g-RSU-Compost-1-768x768.jpg 768w, https:\/\/puntocritico.com\/ausajpuntocritico\/wp-content\/uploads\/2025\/11\/jtrrbio300g-RSU-Compost-1.jpg 800w\" sizes=\"auto, (max-width: 330px) 100vw, 330px\" \/><figcaption id=\"caption-attachment-2314393\" class=\"wp-caption-text\"><span style=\"color: #008000;\">Esta m\u00e1quina es el primer paso. Recibe los residuos org\u00e1nicos (ramas, restos de poda, etc.) y los desmenuza en trozos peque\u00f1os para acelerar el procesamiento.<\/span><\/figcaption><\/figure>\n<p>&nbsp;<\/p>\n<h3 style=\"text-align: center;\"><span style=\"font-size: 18pt;\">Plantas de reciclado y transformaci\u00f3n:<\/span><\/h3>\n<p style=\"text-align: justify;\"><span style=\"font-size: 14pt;\">Supone <strong>unir a una planta de reciclado otra planta de incineraci\u00f3n<\/strong>.<\/span><\/p>\n<p style=\"text-align: justify;\"><span style=\"font-size: 14pt;\">De acuerdo con el mercado o la legislaci\u00f3n se reciclan, recuperan y transforman los productos con salida \u00fatil. <strong>El rechazo combustible sin valor comercial se transforma en calor y cenizas<\/strong>, las cuales unidas a los inertes que contienen los RSU, que se han separado a lo largo del proceso, se vierten en un <strong>vertedero de escombros<\/strong>, o se utilizan como <strong>material de relleno<\/strong>, en restauraciones de explotaciones mineras, o como subbase de carreteras. <\/span><\/p>\n<p style=\"text-align: justify;\"><span style=\"font-size: 14pt;\">Esta aplicaci\u00f3n se est\u00e1 imponiendo en varios pa\u00edses europeos, y una de sus ventajas se da <strong>cuando la demanda de compost es peque\u00f1a y la producci\u00f3n sobrante se incinera<\/strong>, mezcl\u00e1ndola con los rechazos, ya que <strong>el poder calor\u00edfico del compost es muy superior al de los RSU<\/strong>, con una humedad mayor en conjunto.<\/span><\/p>\n<p style=\"text-align: justify;\"><strong><span style=\"font-size: 14pt;\">Las plantas de reciclado y transformaci\u00f3n consisten en separar, recuperando productos comercializables contenidos en los RSU, o en transformarlos en otros productos derivados, o en obtener calor mediante la combusti\u00f3n directa de los RSU, de los rechazos o del combustible residual (RDF).<\/span><\/strong><\/p>\n<p style=\"text-align: justify;\"><span style=\"font-size: 14pt;\"><strong>Hay dos grandes grupos de actividades<\/strong>: <strong>RECICLADO<\/strong> (<em>vidrio, metales, pl\u00e1sticos, papel y cart\u00f3n, esencialmente<\/em>), y la <strong>TRANSFORMACI\u00d3N<\/strong> (<em>producci\u00f3n de compost digestado, de combustible residual RDF, de Gas, o la Incineraci\u00f3n directa o solo del rechazo, con recuperaci\u00f3n de calor)<\/em>.<\/span><\/p>\n<p style=\"text-align: justify;\"><span style=\"font-size: 14pt;\"><strong>El proceso b\u00e1sico, consiste en las siguientes l\u00edneas<\/strong>:<\/span><\/p>\n<blockquote>\n<p style=\"text-align: justify;\"><strong><span style=\"font-size: 14pt; color: #008000;\">Almacenamiento.<\/span><\/strong><\/p>\n<p style=\"text-align: justify;\"><strong><span style=\"font-size: 14pt; color: #008000;\">Alimentaci\u00f3n.<\/span><\/strong><\/p>\n<p style=\"text-align: justify;\"><strong><span style=\"font-size: 14pt; color: #008000;\">Disgregaci\u00f3n.<\/span><\/strong><\/p>\n<p style=\"text-align: justify;\"><strong><span style=\"font-size: 14pt; color: #008000;\">Separaci\u00f3n por tama\u00f1os o densidades.<\/span><\/strong><\/p>\n<p style=\"text-align: justify;\"><strong><span style=\"font-size: 14pt; color: #008000;\">Reciclado, con clasificaci\u00f3n y tratamiento de los productos recuperados.<\/span><\/strong><\/p>\n<p style=\"text-align: justify;\"><strong><span style=\"font-size: 14pt; color: #008000;\">Transformaci\u00f3n, por fermentaci\u00f3n de la materia org\u00e1nica, y su \u00ab<em>afinado<\/em>\u00ab, tratando el combustible residual, o la incineraci\u00f3n con recuperaci\u00f3n de calor, que como vimos puede ser directa o del rechazo.<\/span><\/strong><\/p>\n<\/blockquote>\n<p>&nbsp;<\/p>\n<figure id=\"attachment_2314392\" aria-describedby=\"caption-attachment-2314392\" style=\"width: 360px\" class=\"wp-caption aligncenter\"><img loading=\"lazy\" decoding=\"async\" class=\"wp-image-2314392\" src=\"https:\/\/puntocritico.com\/ausajpuntocritico\/wp-content\/uploads\/2025\/11\/Compost-maquina-volteadora-de-apilados.jpg\" alt=\"\" width=\"360\" height=\"288\" \/><figcaption id=\"caption-attachment-2314392\" class=\"wp-caption-text\"><span style=\"color: #008000;\">Esta m\u00e1quina remueve y mezcla las largas hileras de compost. Su funci\u00f3n principal es introducir ox\u00edgeno (aireaci\u00f3n) en la pila, lo cual es vital para controlar la temperatura y asegurar un desequilibrio uniforme.<\/span><\/figcaption><\/figure>\n<p>&nbsp;<\/p>\n<p style=\"text-align: justify;\"><span style=\"font-size: 14pt;\"><strong>En cuanto a la FERMENTACION DE LA FRACCION ORGANICA, caben 2 tipos de procesos: AEROBIOS O ANAEROBIOS, seg\u00fan se haga en presencia o en ausencia de Ox\u00edgeno<\/strong>.<\/span><\/p>\n<p style=\"text-align: justify;\"><span style=\"font-size: 14pt;\">De ellos, los <strong>sistemas AEROBIOS<\/strong> son los m\u00e1s desarrollados, y <strong>pueden ser divididos en: <\/strong><\/span><\/p>\n<blockquote>\n<p style=\"text-align: justify;\"><span style=\"color: #008000;\"><strong><span style=\"font-size: 14pt;\">Compostaje abierto o tradicional, en montones al aire libre, cerrado en bodegas, que permite controlar las emisiones, cerrado en t\u00faneles, que deriva de los m\u00e9todos para preparar el sustrato con destino al cultivo de setas, cerrado en contenedores, desarrollado para la transformaci\u00f3n de residuos h\u00famedos, como los de cocina y jard\u00edn.<\/span><\/strong><\/span><\/p>\n<\/blockquote>\n<p>&nbsp;<\/p>\n<p style=\"text-align: justify;\"><span style=\"font-size: 14pt;\">Los <strong>sistemas ANAEROBICOS<\/strong>, de reciente implantaci\u00f3n, obtienen adem\u00e1s se los productos normales, un abono org\u00e1nico llamado \u00ab<strong><em>digestado<\/em><\/strong>\u00ab, as\u00ed como \u00ab<strong><em>biogas<\/em><\/strong>\u00bb de gran riqueza energ\u00e9tica, que generalmente se utiliza para generar el calor y la energ\u00eda el\u00e9ctrica requerida para la planta.<\/span><\/p>\n<p style=\"text-align: justify;\"><span style=\"font-size: 14pt;\">Podemos distinguir <strong>dos tipos de DIGESTION<\/strong>:<\/span><\/p>\n<p style=\"text-align: justify; padding-left: 40px;\"><span style=\"font-size: 14pt;\"><strong>En seco<\/strong>: Tras una separaci\u00f3n, el material org\u00e1nico es mezclado con Compost y llevado a un estanque herm\u00e9tico, donde es tratado durante un periodo de unos 30 d\u00edas. Despu\u00e9s de un post-compostaje aer\u00f3bico, se obtiene un producto comparable al compost tradicional.<\/span><\/p>\n<p style=\"text-align: justify; padding-left: 40px;\"><span style=\"font-size: 14pt;\"><strong>H\u00fameda<\/strong>: Tras una separaci\u00f3n, el material org\u00e1nico es triturado y homogeneizado en agua, generalmente en tanques \u00ab<em>de acidificaci\u00f3n\u00bb<\/em> y en tanques de \u00ab<em>mecanizaci\u00f3n<\/em>\u00ab, separados. El producto necesita de un post-compostaje aer\u00f3bico, para obtener un resultado comparable al compost tradicional.<\/span><\/p>\n<p>&nbsp;<\/p>\n<p><img loading=\"lazy\" decoding=\"async\" class=\"aligncenter wp-image-2314136\" src=\"https:\/\/puntocritico.com\/ausajpuntocritico\/wp-content\/uploads\/2025\/11\/waste-and-landfill-image-used-for-energy-300x200.jpeg\" alt=\"\" width=\"400\" height=\"267\" srcset=\"https:\/\/puntocritico.com\/ausajpuntocritico\/wp-content\/uploads\/2025\/11\/waste-and-landfill-image-used-for-energy-300x200.jpeg 300w, https:\/\/puntocritico.com\/ausajpuntocritico\/wp-content\/uploads\/2025\/11\/waste-and-landfill-image-used-for-energy-1024x683.jpeg 1024w, https:\/\/puntocritico.com\/ausajpuntocritico\/wp-content\/uploads\/2025\/11\/waste-and-landfill-image-used-for-energy-768x512.jpeg 768w, https:\/\/puntocritico.com\/ausajpuntocritico\/wp-content\/uploads\/2025\/11\/waste-and-landfill-image-used-for-energy-1536x1024.jpeg 1536w, https:\/\/puntocritico.com\/ausajpuntocritico\/wp-content\/uploads\/2025\/11\/waste-and-landfill-image-used-for-energy-1320x880.jpeg 1320w, https:\/\/puntocritico.com\/ausajpuntocritico\/wp-content\/uploads\/2025\/11\/waste-and-landfill-image-used-for-energy.jpeg 1900w\" sizes=\"auto, (max-width: 400px) 100vw, 400px\" \/><\/p>\n<p style=\"text-align: center;\"><span style=\"color: #008000;\"><strong><span style=\"font-size: 18pt;\">*******<\/span><\/strong><\/span><\/p>\n<h2 style=\"text-align: center;\"><span style=\"font-size: 18pt;\">SITUACION EN ESPA\u00d1A (Datos del MOPU, 1.992)<\/span><\/h2>\n<p style=\"text-align: center;\"><strong><span style=\"font-size: 18pt;\">Operaciones de reciclado<\/span><\/strong><\/p>\n<h4 style=\"text-align: center;\"><span style=\"font-size: 14pt;\"> COMPOST<\/span><\/h4>\n<figure id=\"attachment_2314391\" aria-describedby=\"caption-attachment-2314391\" style=\"width: 360px\" class=\"wp-caption aligncenter\"><img loading=\"lazy\" decoding=\"async\" class=\"wp-image-2314391\" src=\"https:\/\/puntocritico.com\/ausajpuntocritico\/wp-content\/uploads\/2025\/11\/RSU-Compost-TAMIZ.jpg\" alt=\"\" width=\"360\" height=\"288\" \/><figcaption id=\"caption-attachment-2314391\" class=\"wp-caption-text\"><span style=\"color: #008000;\">Tamiz: Se usa al final del proceso. Funciona como un gran colador para separar el compost fino y listo para usar de los trozos m\u00e1s grandes o impurezas, que se pueden volver a procesar.<\/span><\/figcaption><\/figure>\n<p>&nbsp;<\/p>\n<p style=\"text-align: justify;\"><span style=\"font-size: 14pt;\">Aproximadamente el 80% de las instalaciones est\u00e1n ubicadas en Levante y Sur de Espa\u00f1a. <strong>Se trata casi un mill\u00f3n y medio de Toneladas de RSU, de las cuales se obtienen 385.000 Toneladas de Compost<\/strong>, lo que supone un rendimiento de algo m\u00e1s del 25%.<\/span><\/p>\n<p>&nbsp;<\/p>\n<h4 style=\"text-align: center;\"><span style=\"font-size: 14pt;\">VIDRIO<\/span><\/h4>\n<figure id=\"attachment_2314399\" aria-describedby=\"caption-attachment-2314399\" style=\"width: 360px\" class=\"wp-caption aligncenter\"><a href=\"https:\/\/www.anfevi.com\/\" target=\"_blank\" rel=\"noopener\" data-schema-attribute=\"\"><img loading=\"lazy\" decoding=\"async\" class=\"wp-image-2314399\" src=\"https:\/\/puntocritico.com\/ausajpuntocritico\/wp-content\/uploads\/2025\/11\/ANFEVI-NdP-Cierre-300x199.jpg\" alt=\"\" width=\"360\" height=\"239\" srcset=\"https:\/\/puntocritico.com\/ausajpuntocritico\/wp-content\/uploads\/2025\/11\/ANFEVI-NdP-Cierre-300x199.jpg 300w, https:\/\/puntocritico.com\/ausajpuntocritico\/wp-content\/uploads\/2025\/11\/ANFEVI-NdP-Cierre.jpg 512w\" sizes=\"auto, (max-width: 360px) 100vw, 360px\" \/><\/a><figcaption id=\"caption-attachment-2314399\" class=\"wp-caption-text\"><span style=\"color: #008000;\">ANFEVI (Asociaci\u00f3n Nacional de Fabricantes de Envases de Vidrio)<\/span><\/figcaption><\/figure>\n<p>&nbsp;<\/p>\n<p style=\"text-align: justify;\"><span style=\"font-size: 14pt;\">En Espa\u00f1a hab\u00eda -en 1.992- 13.507 contenedores para la recogida selectiva de vidrio, y se recogieron m\u00e1s de 54 Toneladas. (<em>en Galicia, 38 contenedores y 88.090 Kilos<\/em>). En toda Espa\u00f1a, se recogieron adem\u00e1s casi 31 toneladas m\u00e1s por otros medios.<\/span><\/p>\n<h4 style=\"text-align: center;\"><span style=\"font-size: 14pt;\">PAPEL <\/span><\/h4>\n<figure id=\"attachment_2314400\" aria-describedby=\"caption-attachment-2314400\" style=\"width: 360px\" class=\"wp-caption aligncenter\"><a href=\"https:\/\/www.repacar.org\/\" target=\"_blank\" rel=\"noopener\" data-schema-attribute=\"\"><img loading=\"lazy\" decoding=\"async\" class=\"wp-image-2314400\" src=\"https:\/\/puntocritico.com\/ausajpuntocritico\/wp-content\/uploads\/2025\/11\/REPACAR-\u2013-Asociacion-Espanola-de-Recicladores-Recuperadores-de-papel-y-Carton.jpg\" alt=\"\" width=\"360\" height=\"239\" \/><\/a><figcaption id=\"caption-attachment-2314400\" class=\"wp-caption-text\"><span style=\"color: #008000;\">REPACAR (Asociaci\u00f3n Espa\u00f1ola de Recicladores Recuperadores de papel y Cart\u00f3n)<\/span><\/figcaption><\/figure>\n<p>&nbsp;<\/p>\n<p style=\"text-align: justify;\"><span style=\"font-size: 14pt;\">Su recuperaci\u00f3n alcanza unos buenos niveles en las <strong>calidades altas<\/strong> (<em>papel de oficina, ordenador,<\/em> ), por su mayor valor. Sin embargo las <strong>calidades bajas<\/strong> (<em>prensa, cartoncillo<\/em>,&#8230;), no est\u00e1n suficientemente valoradas para incentivar una recuperaci\u00f3n mayor. A\u00fan as\u00ed, <strong>Espa\u00f1a ocupaba en 1.991 el quinto lugar en la CEE en cuanto a la tasa de recuperaci\u00f3n, y el tercero en tasa de reutilizaci\u00f3n<\/strong>.<\/span><\/p>\n<p>&nbsp;<\/p>\n<p style=\"text-align: center;\"><strong><span style=\"font-size: 14pt;\">PAPEL: SITUACION A FINALES DE 1.992: (datos del MOPU: Medio ambiente en Espa\u00f1a, 1.992):<\/span><\/strong><\/p>\n<blockquote>\n<p style=\"text-align: center;\"><span style=\"color: #008000;\"><strong><span style=\"font-size: 14pt;\">\u00abConsumo de papel y cart\u00f3n usado 2.273.600 Ton. \u00ab<\/span><\/strong><\/span><\/p>\n<p style=\"text-align: center;\"><span style=\"color: #008000;\"><strong><span style=\"font-size: 14pt;\">\u00abRecogida de papel y cart\u00f3n usado 1.776.700 Ton. \u00ab<\/span><\/strong><\/span><\/p>\n<p style=\"text-align: center;\"><span style=\"color: #008000;\"><strong><span style=\"font-size: 14pt;\">\u00abPapel-cart\u00f3n usado importado 522.600 Ton. \u00ab<\/span><\/strong><\/span><\/p>\n<p style=\"text-align: center;\"><span style=\"color: #008000;\"><strong><span style=\"font-size: 14pt;\">\u00abPapel-cart\u00f3n usado exportado 25.700 Ton. \u00ab<\/span><\/strong><\/span><\/p>\n<p style=\"text-align: center;\"><span style=\"color: #008000;\"><strong><span style=\"font-size: 14pt;\">\u00abTasa de reutilizaci\u00f3n sobre el 66% \u00ab<\/span><\/strong><\/span><\/p>\n<p style=\"text-align: center;\"><span style=\"color: #008000;\"><strong><span style=\"font-size: 14pt;\">\u00abTasa de recuperaci\u00f3n sobre el 36&#8217;5%<\/span><\/strong><\/span><\/p>\n<\/blockquote>\n<p>&nbsp;<\/p>\n<h4 style=\"text-align: center;\"><span style=\"font-size: 14pt;\">PLASTICOS<\/span><\/h4>\n<figure id=\"attachment_2314401\" aria-describedby=\"caption-attachment-2314401\" style=\"width: 360px\" class=\"wp-caption aligncenter\"><a href=\"https:\/\/es.wikipedia.org\/wiki\/Ecoembes\" target=\"_blank\" rel=\"noopener\" data-schema-attribute=\"\"><img loading=\"lazy\" decoding=\"async\" class=\"wp-image-2314401\" src=\"https:\/\/puntocritico.com\/ausajpuntocritico\/wp-content\/uploads\/2025\/11\/punto-verde-ecoembes-300x200.jpg\" alt=\"\" width=\"360\" height=\"240\" srcset=\"https:\/\/puntocritico.com\/ausajpuntocritico\/wp-content\/uploads\/2025\/11\/punto-verde-ecoembes-300x200.jpg 300w, https:\/\/puntocritico.com\/ausajpuntocritico\/wp-content\/uploads\/2025\/11\/punto-verde-ecoembes-768x512.jpg 768w, https:\/\/puntocritico.com\/ausajpuntocritico\/wp-content\/uploads\/2025\/11\/punto-verde-ecoembes.jpg 960w\" sizes=\"auto, (max-width: 360px) 100vw, 360px\" \/><\/a><figcaption id=\"caption-attachment-2314401\" class=\"wp-caption-text\"><span style=\"color: #008000;\">ECOEMBES (punto verde)<\/span><\/figcaption><\/figure>\n<p>&nbsp;<\/p>\n<p style=\"text-align: justify;\"><span style=\"font-size: 14pt;\"><strong>El porcentaje de pl\u00e1sticos en las basuras es del orden del 10%, lo que supone un notable incremento sobre a\u00f1os anteriores, en que se cifraba en un 7%<\/strong>. En 1.991 se generaron 1.543.355 Toneladas de pl\u00e1sticos, y se reciclaron 150.000 Toneladas, casi todas de polietileno, especialmente de Alta densidad.<\/span><\/p>\n<p style=\"text-align: justify;\"><span style=\"font-size: 14pt;\">En Febrero de 1.992 entr\u00f3 en funcionamiento la primera planta de reciclado de pl\u00e1sticos agr\u00edcolas (invernaderos especialmente), en Los Palacios Sevilla, con una capacidad de tratamiento de unas 5.000 Toneladas al a\u00f1o. <\/span><\/p>\n<p>&nbsp;<\/p>\n<h4 style=\"text-align: center;\"><span style=\"font-size: 14pt;\">CHATARRA<\/span><\/h4>\n<figure id=\"attachment_2314402\" aria-describedby=\"caption-attachment-2314402\" style=\"width: 400px\" class=\"wp-caption aligncenter\"><img loading=\"lazy\" decoding=\"async\" class=\"wp-image-2314402\" src=\"https:\/\/puntocritico.com\/ausajpuntocritico\/wp-content\/uploads\/2025\/11\/reciclaje_de_metales_en_madrid_sur-300x169.jpg\" alt=\"\" width=\"400\" height=\"225\" srcset=\"https:\/\/puntocritico.com\/ausajpuntocritico\/wp-content\/uploads\/2025\/11\/reciclaje_de_metales_en_madrid_sur-300x169.jpg 300w, https:\/\/puntocritico.com\/ausajpuntocritico\/wp-content\/uploads\/2025\/11\/reciclaje_de_metales_en_madrid_sur-768x432.jpg 768w, https:\/\/puntocritico.com\/ausajpuntocritico\/wp-content\/uploads\/2025\/11\/reciclaje_de_metales_en_madrid_sur-678x381.jpg 678w, https:\/\/puntocritico.com\/ausajpuntocritico\/wp-content\/uploads\/2025\/11\/reciclaje_de_metales_en_madrid_sur.jpg 800w\" sizes=\"auto, (max-width: 400px) 100vw, 400px\" \/><figcaption id=\"caption-attachment-2314402\" class=\"wp-caption-text\"><span style=\"color: #008000;\">Reciclaje de metales (Madrid)<\/span><\/figcaption><\/figure>\n<p>&nbsp;<\/p>\n<p style=\"text-align: justify;\"><span style=\"font-size: 14pt;\">Del total de RSU generados en Espa\u00f1a, unas 13.800.000 Toneladas, un 4% corresponden a metales (<em>unas 552.000 Toneladas<\/em>). De esas chatarras generadas son recuperadas en centros de tratamiento de RSU unas 24.000 Ton., siendo el sistema empleado el de la extracci\u00f3n magn\u00e9tica.<\/span><\/p>\n<p>&nbsp;<\/p>\n<p><img loading=\"lazy\" decoding=\"async\" class=\"aligncenter wp-image-2313405 size-mh-magazine-content\" src=\"https:\/\/puntocritico.com\/ausajpuntocritico\/wp-content\/uploads\/2025\/10\/foto_monton-basura-en-landfill_recortada-678x343.jpg\" alt=\"\" width=\"678\" height=\"343\" \/><\/p>\n<p style=\"text-align: center;\"><strong><span style=\"color: #008000; font-size: 18pt;\">*******<\/span><\/strong><\/p>\n<h2 style=\"text-align: justify;\"><span style=\"font-size: 14pt;\">RELACIONADOS:<\/span><\/h2>\n<blockquote class=\"wp-embedded-content\" data-secret=\"wDXoLOQhot\"><p><a href=\"https:\/\/puntocritico.com\/ausajpuntocritico\/2025\/10\/23\/residuos-solidos-urbanos-parte-1-intro\/\">RESIDUOS S\u00d3LIDOS URBANOS: HISTORIA DE SU REGULACI\u00d3N EN ESPA\u00d1A, por Jes\u00fas D\u00edaz Formoso (Parte 1: Introducci\u00f3n)<\/a><\/p><\/blockquote>\n<p><iframe loading=\"lazy\" class=\"wp-embedded-content\" sandbox=\"allow-scripts\" security=\"restricted\" style=\"position: absolute; visibility: hidden;\" title=\"\u00abRESIDUOS S\u00d3LIDOS URBANOS: HISTORIA DE SU REGULACI\u00d3N EN ESPA\u00d1A, por Jes\u00fas D\u00edaz Formoso (Parte 1: Introducci\u00f3n)\u00bb \u2014 Punto Cr\u00edtico Derechos Humanos\" src=\"https:\/\/puntocritico.com\/ausajpuntocritico\/2025\/10\/23\/residuos-solidos-urbanos-parte-1-intro\/embed\/#?secret=raCq0k2Ekk#?secret=wDXoLOQhot\" data-secret=\"wDXoLOQhot\" width=\"500\" height=\"282\" frameborder=\"0\" marginwidth=\"0\" marginheight=\"0\" scrolling=\"no\"><\/iframe><\/p>\n<blockquote class=\"wp-embedded-content\" data-secret=\"aTtM8io6M0\"><p><a href=\"https:\/\/puntocritico.com\/ausajpuntocritico\/2025\/10\/30\/los-rsu-por-jesus-diaz-formoso-parte-2\/\">RSU (RESIDUOS S\u00d3LIDOS URBANOS): HISTORIA DE SU REGULACI\u00d3N EN ESPA\u00d1A, por Jes\u00fas D\u00edaz Formoso (PARTE 2)<\/a><\/p><\/blockquote>\n<p><iframe loading=\"lazy\" class=\"wp-embedded-content\" sandbox=\"allow-scripts\" security=\"restricted\" style=\"position: absolute; visibility: hidden;\" title=\"\u00abRSU (RESIDUOS S\u00d3LIDOS URBANOS): HISTORIA DE SU REGULACI\u00d3N EN ESPA\u00d1A, por Jes\u00fas D\u00edaz Formoso (PARTE 2)\u00bb \u2014 Punto Cr\u00edtico Derechos Humanos\" src=\"https:\/\/puntocritico.com\/ausajpuntocritico\/2025\/10\/30\/los-rsu-por-jesus-diaz-formoso-parte-2\/embed\/#?secret=HuRsXFcPsF#?secret=aTtM8io6M0\" data-secret=\"aTtM8io6M0\" width=\"500\" height=\"282\" frameborder=\"0\" marginwidth=\"0\" marginheight=\"0\" scrolling=\"no\"><\/iframe><\/p>\n<blockquote class=\"wp-embedded-content\" data-secret=\"VbEKFaGjLG\"><p><a href=\"https:\/\/puntocritico.com\/ausajpuntocritico\/2025\/11\/06\/vertido-controlado-e-incineracion-rsu-parte-3\/\">VERTIDO CONTROLADO E INCINERACI\u00d3N (\u00abResiduos S\u00f3lidos Urbanos: Historia de su Regulaci\u00f3n en Espa\u00f1a\u00bb, por Jes\u00fas D\u00edaz Formoso, 1994), PARTE 3<\/a><\/p><\/blockquote>\n<p><iframe loading=\"lazy\" class=\"wp-embedded-content\" sandbox=\"allow-scripts\" security=\"restricted\" style=\"position: absolute; visibility: hidden;\" title=\"\u00abVERTIDO CONTROLADO E INCINERACI\u00d3N (\u00abResiduos S\u00f3lidos Urbanos: Historia de su Regulaci\u00f3n en Espa\u00f1a\u00bb, por Jes\u00fas D\u00edaz Formoso, 1994), PARTE 3\u00bb \u2014 Punto Cr\u00edtico Derechos Humanos\" src=\"https:\/\/puntocritico.com\/ausajpuntocritico\/2025\/11\/06\/vertido-controlado-e-incineracion-rsu-parte-3\/embed\/#?secret=fMptyHVXvU#?secret=VbEKFaGjLG\" data-secret=\"VbEKFaGjLG\" width=\"500\" height=\"282\" frameborder=\"0\" marginwidth=\"0\" marginheight=\"0\" scrolling=\"no\"><\/iframe><\/p>\n<p>&nbsp;<\/p>\n<p>&nbsp;<\/p>\n<p>&nbsp;<\/p>\n<p><a href=\"https:\/\/puntocritico.com\/ausajpuntocritico\/author\/punto-critico\/\"><img loading=\"lazy\" decoding=\"async\" class=\"aligncenter wp-image-48\" src=\"https:\/\/puntocritico.com\/ausajpuntocritico\/wp-content\/uploads\/2016\/11\/Mosca_Punto_Cr%C3%ADtico_40.png\" alt=\"\" width=\"80\" height=\"80\" data-id=\"48\" \/><\/a><\/p>\n<p>&nbsp;<\/p>\n<p>&nbsp;<\/p>\n<p>&nbsp;<\/p>\n","protected":false},"excerpt":{"rendered":"<div class=\"mh-excerpt\"><p>LA RECUPERACION Y EL RECICLAJE (RESIDUOS S\u00d3LIDOS URBANOS) Parte 4 RSU (RESIDUOS S\u00d3LIDOS URBANOS), Parte 1 RSU (RESIDUOS S\u00d3LIDOS URBANOS), Parte 2 RSU (RESIDUOS S\u00d3LIDOS URBANOS), Parte 3 &nbsp; En la anterior entrada (Parte 3), <a class=\"mh-excerpt-more\" href=\"https:\/\/puntocritico.com\/ausajpuntocritico\/2025\/11\/13\/la-recuperacion-y-el-reciclaje-rsu-4\/\" title=\"LA RECUPERACION Y EL RECICLAJE (\u00abResiduos S\u00f3lidos Urbanos: Historia de su Regulaci\u00f3n en Espa\u00f1a\u00bb, por Jes\u00fas D\u00edaz Formoso, 1994) PARTE 4\">[&#8230;]<\/a><\/p>\n<\/div>","protected":false},"author":3,"featured_media":2314397,"comment_status":"closed","ping_status":"closed","sticky":false,"template":"","format":"standard","meta":{"_acf_changed":false,"_exactmetrics_skip_tracking":false,"_exactmetrics_sitenote_active":false,"_exactmetrics_sitenote_note":"","_exactmetrics_sitenote_category":0,"footnotes":""},"categories":[7],"tags":[189],"class_list":{"0":"post-2314074","1":"post","2":"type-post","3":"status-publish","4":"format-standard","5":"has-post-thumbnail","7":"category-politica","8":"tag-residuos-solidos-urbanos"},"acf":[],"_links":{"self":[{"href":"https:\/\/puntocritico.com\/ausajpuntocritico\/wp-json\/wp\/v2\/posts\/2314074","targetHints":{"allow":["GET"]}}],"collection":[{"href":"https:\/\/puntocritico.com\/ausajpuntocritico\/wp-json\/wp\/v2\/posts"}],"about":[{"href":"https:\/\/puntocritico.com\/ausajpuntocritico\/wp-json\/wp\/v2\/types\/post"}],"author":[{"embeddable":true,"href":"https:\/\/puntocritico.com\/ausajpuntocritico\/wp-json\/wp\/v2\/users\/3"}],"replies":[{"embeddable":true,"href":"https:\/\/puntocritico.com\/ausajpuntocritico\/wp-json\/wp\/v2\/comments?post=2314074"}],"version-history":[{"count":0,"href":"https:\/\/puntocritico.com\/ausajpuntocritico\/wp-json\/wp\/v2\/posts\/2314074\/revisions"}],"wp:featuredmedia":[{"embeddable":true,"href":"https:\/\/puntocritico.com\/ausajpuntocritico\/wp-json\/wp\/v2\/media\/2314397"}],"wp:attachment":[{"href":"https:\/\/puntocritico.com\/ausajpuntocritico\/wp-json\/wp\/v2\/media?parent=2314074"}],"wp:term":[{"taxonomy":"category","embeddable":true,"href":"https:\/\/puntocritico.com\/ausajpuntocritico\/wp-json\/wp\/v2\/categories?post=2314074"},{"taxonomy":"post_tag","embeddable":true,"href":"https:\/\/puntocritico.com\/ausajpuntocritico\/wp-json\/wp\/v2\/tags?post=2314074"}],"curies":[{"name":"wp","href":"https:\/\/api.w.org\/{rel}","templated":true}]}}