{"id":2314049,"date":"2025-11-16T00:05:20","date_gmt":"2025-11-15T23:05:20","guid":{"rendered":"https:\/\/puntocritico.com\/ausajpuntocritico\/?p=2314049"},"modified":"2025-11-16T18:36:48","modified_gmt":"2025-11-16T17:36:48","slug":"sancion-moral-y-justicia-distributiva-guyau-parte-12","status":"publish","type":"post","link":"https:\/\/puntocritico.com\/ausajpuntocritico\/2025\/11\/16\/sancion-moral-y-justicia-distributiva-guyau-parte-12\/","title":{"rendered":"SANCI\u00d3N MORAL Y JUSTICIA DISTRIBUTIVA (\u00abEsbozos de una moral sin sanci\u00f3n ni obligaci\u00f3n, de Jean-Marie Guyau\u00bb), PARTE 12"},"content":{"rendered":"<p style=\"text-align: justify;\"><span style=\"font-size: 14pt; color: #008000;\">\u00a0Sanci\u00f3n moral y justicia distributiva<\/span><\/p>\n<p style=\"text-align: justify;\"><a href=\"https:\/\/puntocritico.com\/ausajpuntocritico\/2025\/08\/31\/esbozos-de-una-moral-sin-sancion-ni-obligacion-de-jean-marie-guyau\/\" target=\"_blank\" rel=\"noopener\" data-schema-attribute=\"\"><span style=\"font-size: 14pt;\">INDICE de CAPITULOS\u00a0 \u00abESBOZOS DE UNA MORAL SIN SANCI\u00f3N NI OBLIGACI\u00f3N\u00bb, J. M. Guyau<\/span><\/a><\/p>\n<p style=\"text-align: justify;\"><\/p>\n<p>&nbsp;<\/p>\n<p style=\"text-align: center;\"><span style=\"font-size: 18pt;\"><strong>*<span style=\"color: #008000;\">*<\/span>*<\/strong><\/span><\/p>\n<p><img loading=\"lazy\" decoding=\"async\" class=\"aligncenter wp-image-24623\" src=\"https:\/\/puntocritico.com\/ausajpuntocritico\/wp-content\/uploads\/2019\/12\/GUYEAU-9-6-300x289.jpg\" alt=\"\u00daltimos equivalentes posibles del deber para el sostenimiento de la moralidad\" width=\"400\" height=\"385\" data-id=\"24623\" srcset=\"https:\/\/puntocritico.com\/ausajpuntocritico\/wp-content\/uploads\/2019\/12\/GUYEAU-9-6-300x289.jpg 300w, https:\/\/puntocritico.com\/ausajpuntocritico\/wp-content\/uploads\/2019\/12\/GUYEAU-9-6-768x739.jpg 768w, https:\/\/puntocritico.com\/ausajpuntocritico\/wp-content\/uploads\/2019\/12\/GUYEAU-9-6.jpg 800w\" sizes=\"auto, (max-width: 400px) 100vw, 400px\" \/><\/p>\n<h1 style=\"text-align: center;\"><span style=\"font-size: 24pt;\"><strong><em>Esbozos de una moral sin sanci\u00f3n ni obligaci\u00f3n<\/em><\/strong><\/span><\/h1>\n<p style=\"text-align: center;\"><strong><a id=\"ref5a\"><\/a><span style=\"font-size: 18pt; color: #008000;\"><a style=\"color: #008000;\" href=\"#ref5\">Jean-Marie Guyau<\/a><\/span><\/strong><\/p>\n<p style=\"text-align: center;\"><span style=\"font-size: 18pt;\"><strong>PARTE 12<\/strong><\/span><\/p>\n<p style=\"text-align: center;\"><span style=\"font-size: 24pt;\"><strong>Libro Tercero<\/strong><\/span><\/p>\n<p style=\"text-align: center;\"><span style=\"font-size: 24pt;\"><strong>La idea de sanci\u00f3n.<\/strong><\/span><\/p>\n<p><strong>\u00a0<\/strong><strong>\u00a0<\/strong><\/p>\n<p><img loading=\"lazy\" decoding=\"async\" class=\"aligncenter wp-image-22096\" src=\"https:\/\/puntocritico.com\/ausajpuntocritico\/wp-content\/uploads\/2019\/09\/Jean-Marie-Guyau-Principal-300x152.jpeg\" alt=\"\" width=\"480\" height=\"243\" srcset=\"https:\/\/puntocritico.com\/ausajpuntocritico\/wp-content\/uploads\/2019\/09\/Jean-Marie-Guyau-Principal-300x152.jpeg 300w, https:\/\/puntocritico.com\/ausajpuntocritico\/wp-content\/uploads\/2019\/09\/Jean-Marie-Guyau-Principal.jpeg 591w\" sizes=\"auto, (max-width: 480px) 100vw, 480px\" \/><\/p>\n<h2 style=\"text-align: center;\"><strong><span style=\"font-size: 24pt;\">\u00cdNDICE LIBRO TERCERO<\/span><\/strong><\/h2>\n<p style=\"text-align: center;\"><strong><span style=\"font-size: 14pt;\"><u>Libro Tercero<\/u><\/span><\/strong><\/p>\n<p style=\"text-align: center;\"><span style=\"font-size: 14pt;\"><strong>La idea de sanci\u00f3n.<\/strong><\/span><\/p>\n<p style=\"text-align: center;\"><span style=\"font-size: 14pt;\"><strong><u>Cap\u00edtulo primero.<\/u><\/strong>\u00a0<\/span><\/p>\n<p style=\"text-align: center;\"><span style=\"font-size: 14pt;\"><strong>Cr\u00edtica de la sanci\u00f3n natural y de la sanci\u00f3n moral.<\/strong> <\/span><\/p>\n<p style=\"text-align: center;\"><span style=\"font-size: 14pt;\">I. Sanci\u00f3n natural. <\/span><\/p>\n<p style=\"text-align: center;\"><strong><span style=\"font-size: 14pt;\">II. Sanci\u00f3n moral y justicia distributiva.<\/span><\/strong><\/p>\n<p style=\"text-align: center;\"><span style=\"font-size: 14pt;\"><u>Cap\u00edtulo II<\/u>. <\/span><\/p>\n<p style=\"text-align: center;\"><span style=\"font-size: 14pt;\">Principios de la justicia penal o defensiva en la sociedad.\u00a0<\/span><\/p>\n<p style=\"text-align: center;\"><span style=\"font-size: 14pt;\"><u>Cap\u00edtulo III<\/u>. <\/span><\/p>\n<p style=\"text-align: center;\"><span style=\"font-size: 14pt;\">Cr\u00edtica de la sanci\u00f3n interior y del remordimiento.<\/span><\/p>\n<p style=\"text-align: center;\"><span style=\"font-size: 14pt;\"><u>Cap\u00edtulo IV<\/u>. <\/span><\/p>\n<p style=\"text-align: center;\"><span style=\"font-size: 14pt;\">Cr\u00edtica de la sanci\u00f3n religiosa y metaf\u00edsica. <\/span><\/p>\n<p style=\"text-align: center;\"><span style=\"font-size: 14pt;\">I. Sanci\u00f3n religiosa. <\/span><\/p>\n<p style=\"text-align: center;\"><span style=\"font-size: 14pt;\">II. Sanci\u00f3n de amor y de fraternidad.<\/span><\/p>\n<p>&nbsp;<\/p>\n<p><img loading=\"lazy\" decoding=\"async\" class=\"aligncenter wp-image-2311369\" src=\"https:\/\/puntocritico.com\/ausajpuntocritico\/wp-content\/uploads\/2025\/08\/Guyau-con-firma.jpg\" alt=\"\" width=\"240\" height=\"353\" \/><\/p>\n<p>&nbsp;<\/p>\n<p class=\"entry-title\" style=\"text-align: center;\"><strong><span style=\"font-size: 24pt;\">Esbozos de una moral sin sanci\u00f3n ni obligaci\u00f3n<\/span><\/strong><\/p>\n<p class=\"entry-title\" style=\"text-align: center;\"><span style=\"font-size: 18pt;\">\u00a0<strong><a id=\"ref4a\"><\/a><span style=\"color: #008000;\"><a style=\"color: #008000;\" href=\"#ref4\">Jean-Marie Guyau<\/a><\/span><\/strong><\/span><\/p>\n<p class=\"entry-title\" style=\"text-align: center;\"><span style=\"font-size: 18pt;\"><strong> PARTE 12<\/strong><\/span><\/p>\n<p style=\"text-align: center;\"><strong><span style=\"font-size: 24pt;\">Libro tercero<\/span><\/strong><\/p>\n<h2 style=\"text-align: center;\"><span style=\"font-size: 24pt;\"><strong> La idea de sanci\u00f3n<\/strong><\/span><\/h2>\n<p><img loading=\"lazy\" decoding=\"async\" class=\"aligncenter wp-image-24869\" src=\"https:\/\/puntocritico.com\/ausajpuntocritico\/wp-content\/uploads\/2019\/12\/sociedade-julga-678x381.jpg\" alt=\"La idea de sanci\u00f3n\n\" width=\"480\" height=\"251\" data-id=\"24869\" srcset=\"https:\/\/puntocritico.com\/ausajpuntocritico\/wp-content\/uploads\/2019\/12\/sociedade-julga-300x157.jpg 300w, https:\/\/puntocritico.com\/ausajpuntocritico\/wp-content\/uploads\/2019\/12\/sociedade-julga.jpg 768w\" sizes=\"auto, (max-width: 480px) 100vw, 480px\" \/><\/p>\n<p style=\"text-align: center;\"><span style=\"font-size: 24pt;\"><strong>\u00a0Cap\u00edtulo primero<\/strong><\/span><\/p>\n<h3 style=\"text-align: center;\"><span style=\"font-size: 24pt;\"><strong>Cr\u00edtica de la sanci\u00f3n natural y de la sanci\u00f3n moral<\/strong><\/span><\/h3>\n<p>&nbsp;<\/p>\n<p><img loading=\"lazy\" decoding=\"async\" class=\"aligncenter wp-image-25125\" src=\"https:\/\/puntocritico.com\/ausajpuntocritico\/wp-content\/uploads\/2019\/12\/Don-Quixote-sancion-moral-y-justicia-retributiva-6.jpg\" alt=\"\u00a0Sanci\u00f3n moral y justicia distributiva\n\" width=\"400\" height=\"463\" data-id=\"25125\" srcset=\"https:\/\/puntocritico.com\/ausajpuntocritico\/wp-content\/uploads\/2019\/12\/Don-Quixote-sancion-moral-y-justicia-retributiva-6.jpg 490w, https:\/\/puntocritico.com\/ausajpuntocritico\/wp-content\/uploads\/2019\/12\/Don-Quixote-sancion-moral-y-justicia-retributiva-6-259x300.jpg 259w\" sizes=\"auto, (max-width: 400px) 100vw, 400px\" \/><\/p>\n<p>&nbsp;<\/p>\n<p style=\"text-align: center;\"><strong><span style=\"font-size: 18pt;\">-II-<\/span><\/strong><\/p>\n<h4 style=\"text-align: center;\"><span style=\"font-size: 18pt;\"><strong>Sanci\u00f3n moral y justicia distributiva<\/strong><\/span><\/h4>\n<p style=\"text-align: justify;\"><span style=\"font-size: 14pt;\"><strong>Bentham<\/strong>, <strong>Mill<\/strong>, <strong>Maudsley<\/strong>, <a href=\"https:\/\/puntocritico.com\/ausajpuntocritico\/2025\/08\/31\/esbozos-de-una-moral-sin-sancion-ni-obligacion-de-jean-marie-guyau\/\" target=\"_blank\" rel=\"noopener\" data-schema-attribute=\"\"><strong>Fouill\u00e9e<\/strong><\/a>, <a href=\"https:\/\/es.wikipedia.org\/wiki\/Cesare_Lombroso\" target=\"_blank\" rel=\"noopener\" data-schema-attribute=\"\"><strong>Lombroso<\/strong><\/a>, han atacado ya la idea del castigo moral; <strong>han querido quitar a la pena todo car\u00e1cter expiatorio y han hecho de ella un simple medio social de represi\u00f3n y reparaci\u00f3n<\/strong>; para llegar a ello se han apoyado generalmente en las <em>doctrinas deterministas o materialistas<\/em>, a\u00fan discutidas hoy d\u00eda; tambi\u00e9n <strong>Janet<\/strong>, en nombre del <em>espiritualismo cl\u00e1sico<\/em>, ha cre\u00eddo deber mantener, a pesar de todo, en su \u00faltima obra, el <strong>principio de expiaci\u00f3n reparador de los cr\u00edmenes libremente cometidos<\/strong>.<\/span><\/p>\n<p>&nbsp;<\/p>\n<blockquote>\n<p style=\"text-align: center;\"><span style=\"color: #008000;\"><strong><span style=\"font-size: 14pt;\">El castigo no debe ser solamente una amenaza que asegura la ejecuci\u00f3n de la ley, sino una reparaci\u00f3n o una expiaci\u00f3n que corrige su violaci\u00f3n (Janet)<\/span><\/strong><\/span><\/p>\n<\/blockquote>\n<p>&nbsp;<\/p>\n<p style=\"text-align: justify;\"><span style=\"font-size: 14pt;\">El castigo, dice, no debe ser solamente una amenaza que asegura la ejecuci\u00f3n de la ley, sino una reparaci\u00f3n o una expiaci\u00f3n que corrige su violaci\u00f3n. <strong>El orden alterado por una voluntad rebelde es restablecido por el sufrimiento que es la consecuencia de la falta cometida<\/strong> <strong>(4)<\/strong>. <\/span><\/p>\n<p style=\"text-align: justify;\"><span style=\"font-size: 14pt;\">Es, sobre todo, <strong>la ley moral<\/strong>, se ha dicho tambi\u00e9n, la que <strong>necesita una sanci\u00f3n<\/strong> <strong>(5)<\/strong>.\u00a0<\/span><span style=\"font-size: 14pt;\">S\u00f3lo es una ley severa y santa, a condici\u00f3n de que el castigo se halle unido a su violaci\u00f3n y la felicidad al cuidado que se pone en observarla.<\/span><\/p>\n<p>&nbsp;<\/p>\n<p style=\"text-align: center;\"><span style=\"color: #008000;\"><strong><span style=\"font-size: 14pt;\">La Ley moral s\u00f3lo es una ley severa y santa, a condici\u00f3n de que el castigo se halle unido a su violaci\u00f3n y la felicidad al cuidado que se pone en observarla.<\/span><\/strong><\/span><\/p>\n<p>&nbsp;<\/p>\n<figure id=\"attachment_2314442\" aria-describedby=\"caption-attachment-2314442\" style=\"width: 730px\" class=\"wp-caption aligncenter\"><img loading=\"lazy\" decoding=\"async\" class=\"wp-image-2314442 size-full\" src=\"https:\/\/puntocritico.com\/ausajpuntocritico\/wp-content\/uploads\/2025\/11\/o-criminoso-nato-e-cesare-lombroso.jpg\" alt=\"\" width=\"730\" height=\"286\" srcset=\"https:\/\/puntocritico.com\/ausajpuntocritico\/wp-content\/uploads\/2025\/11\/o-criminoso-nato-e-cesare-lombroso.jpg 730w, https:\/\/puntocritico.com\/ausajpuntocritico\/wp-content\/uploads\/2025\/11\/o-criminoso-nato-e-cesare-lombroso-300x118.jpg 300w\" sizes=\"auto, (max-width: 730px) 100vw, 730px\" \/><figcaption id=\"caption-attachment-2314442\" class=\"wp-caption-text\"><span style=\"color: #008000;\">Ezechia Marco Lombroso (1835-1909), conocido con el pseud\u00f3nimo Cesare Lombroso, fue un crimin\u00f3logo y m\u00e9dico italiano, que conceb\u00eda el delito como resultado de tendencias innatas, de orden gen\u00e9tico, observables en ciertos rasgos f\u00edsicos o fison\u00f3micos de los delincuentes habituales (asimetr\u00edas craneales, determinadas formas de mand\u00edbula, orejas, arcos superciliares, etc.).<\/span><\/figcaption><\/figure>\n<p>&nbsp;<\/p>\n<p style=\"text-align: justify;\"><span style=\"font-size: 14pt;\">Creemos que<strong> esta doctrina de la remuneraci\u00f3n sensible, y sobre todo la de la expiaci\u00f3n, es insostenible<\/strong> desde cualquier punto de vista que uno se coloque y <strong>a\u00fan suponiendo que existe una <em>ley moral <\/em>que se dirige imperativamente a seres dotados de libertad<\/strong>. Es una doctrina materialista inadecuadamente opuesta al pretendido materialismo de sus adversarios.<\/span><\/p>\n<p style=\"text-align: justify;\"><span style=\"font-size: 14pt;\">Investiguemos, fuera de todo prejuicio, de toda idea preconcebida, <strong>qu\u00e9 raz\u00f3n moral existir\u00eda para que un ser moralmente malo recibiese un sufrimiento sensible, y uno bueno un exceso de goces<\/strong>; veremos que <strong>no hay ninguna raz\u00f3n<\/strong>, y que, en lugar de hallarnos frente a una proposici\u00f3n evidente <em>a priori<\/em>, <strong>estamos ante una inducci\u00f3n groseramente emp\u00edrica y f\u00edsica<\/strong> extra\u00edda de los principios del <em>tali\u00f3n <\/em>o del inter\u00e9s bien entendido. <\/span><\/p>\n<p style=\"text-align: justify;\"><span style=\"font-size: 14pt;\"><strong>Esta inducci\u00f3n se oculta bajo tres nociones pretendidamente racionales<\/strong>: <\/span><\/p>\n<blockquote>\n<p style=\"text-align: center;\"><span style=\"color: #008000;\"><strong><span style=\"font-size: 14pt;\">1) La del m\u00e9rito; <\/span><\/strong><\/span><\/p>\n<p style=\"text-align: center;\"><span style=\"color: #008000;\"><strong><span style=\"font-size: 14pt;\">2) La de orden; <\/span><\/strong><\/span><\/p>\n<p style=\"text-align: center;\"><span style=\"color: #008000;\"><strong><span style=\"font-size: 14pt;\">3) La de Justicia distributiva.<\/span><\/strong><\/span><\/p>\n<p style=\"text-align: center;\">\u00a0<\/p>\n<\/blockquote>\n<p><img loading=\"lazy\" decoding=\"async\" class=\"aligncenter wp-image-25136\" src=\"https:\/\/puntocritico.com\/ausajpuntocritico\/wp-content\/uploads\/2019\/12\/sancion-moral-y-justicia-retributiva-8-OK.jpg\" alt=\"\" width=\"480\" height=\"319\" data-id=\"25136\" \/><\/p>\n<p>&nbsp;<\/p>\n<h5 style=\"text-align: justify;\"><span style=\"font-size: 14pt;\"><strong>1.- En la teor\u00eda cl\u00e1sica del m\u00e9rito:<\/strong> <\/span><\/h5>\n<p style=\"text-align: justify;\"><span style=\"font-size: 14pt;\"><strong><em>No he merecido<\/em><\/strong>, que expresaba en un principio el valor intr\u00ednseco del querer, toma el siguiente sentido: <strong><em>He merecido un castigo <\/em><\/strong>y expresa en lo sucesivo <strong>una relaci\u00f3n de dentro a fuera<\/strong>. Ese tr\u00e1nsito brusco de lo moral a lo sensible, de las partes profundas de nuestro ser, a las superficiales, <strong>nos parece\u00a0injustificable<\/strong>. Y aun lo es <strong>m\u00e1s en la hip\u00f3tesis del libre albedr\u00edo<\/strong> que en las otras.<\/span><\/p>\n<p>&nbsp;<\/p>\n<blockquote>\n<p style=\"text-align: center;\"><strong><span style=\"font-size: 14pt; color: #008000;\">Ese tr\u00e1nsito brusco de lo moral a lo sensible, de las partes profundas de nuestro ser, a las superficiales, nos parece\u00a0injustificable. <\/span><\/strong><\/p>\n<p style=\"text-align: center;\"><strong><span style=\"font-size: 14pt; color: #008000;\">Y aun lo es m\u00e1s en la hip\u00f3tesis del libre albedr\u00edo que en las otras.<\/span><\/strong><\/p>\n<\/blockquote>\n<p>&nbsp;<\/p>\n<p style=\"text-align: justify;\"><span style=\"font-size: 14pt;\">En efecto, <strong>de acuerdo a esta hip\u00f3tesis, las diversas facultades del hombre no est\u00e1n verdaderamente ligadas y determinadas las unas por las otras<\/strong>: la voluntad no es el producto puro de la inteligencia, salida a su vez de la sensibilidad; la sensibilidad no es, pues, ya el verdadero centro del ser, y resulta dif\u00edcil comprender c\u00f3mo puede responder por la voluntad.<\/span><\/p>\n<p>&nbsp;<\/p>\n<blockquote>\n<p style=\"text-align: center;\"><span style=\"color: #008000;\"><strong><span style=\"font-size: 14pt;\">La voluntad no es el producto puro de la inteligencia, salida a su vez de la sensibilidad; la sensibilidad no es, pues, ya el verdadero centro del ser, y resulta dif\u00edcil comprender c\u00f3mo puede responder por la voluntad.<\/span><\/strong><\/span><\/p>\n<\/blockquote>\n<p>&nbsp;<\/p>\n<p style=\"text-align: justify;\"><span style=\"font-size: 14pt;\">Si \u00e9sta ha querido libremente el mal, la falta no es de la sensibilidad, que ha desempe\u00f1ado el papel de m\u00f3vil y no de causa. Agr\u00e9guese el mal sensible del castigo al mal moral de la falta, con pretexto de expiaci\u00f3n, y se habr\u00e1 duplicado la suma de los males sin reparar nada: resultar\u00e1 semejarse a un m\u00e9dico de <strong>Moli\u00e8re<\/strong> que, llamado para curar un brazo enfermo, cortase el otro a su paciente. <\/span><\/p>\n<p style=\"text-align: justify;\"><span style=\"font-size: 14pt;\"><strong>Sin las razones de defensa social <\/strong>(<em>de las que nos ocuparemos m\u00e1s tarde<\/em>)<strong> el castigo ser\u00eda tan condenable como el crimen, y la prisi\u00f3n no valdr\u00eda m\u00e1s que los que la habitan<\/strong>; digamos m\u00e1s: <\/span><\/p>\n<blockquote>\n<p style=\"text-align: justify;\"><strong><span style=\"font-size: 14pt; color: #008000;\">los legisladores y los jueces, al herir a los culpables con prop\u00f3sito deliberado, se convertir\u00edan en sus iguales.<\/span><\/strong><\/p>\n<\/blockquote>\n<p>&nbsp;<\/p>\n<p style=\"text-align: justify;\"><strong><span style=\"font-size: 14pt;\">Si se prescinde de la utilidad social, \u00bfqu\u00e9 diferencia habr\u00e1 entre el crimen cometido por el asesino y el cometido por el verdugo? <\/span><\/strong><\/p>\n<p style=\"text-align: justify;\"><span style=\"font-size: 14pt;\">Este \u00faltimo, ni siquiera tiene, como circunstancia atenuante, alguna raz\u00f3n de inter\u00e9s personal o de venganza; <strong>el homicidio legal resulta completamente m\u00e1s absurdo que el ilegal<\/strong>.<\/span><\/p>\n<p>&nbsp;<\/p>\n<p><img loading=\"lazy\" decoding=\"async\" class=\"aligncenter wp-image-2239917\" src=\"https:\/\/puntocritico.com\/ausajpuntocritico\/wp-content\/uploads\/2022\/02\/ROTO-Verdugos.png\" alt=\"\" width=\"480\" height=\"332\" \/><\/p>\n<p>&nbsp;<\/p>\n<p style=\"text-align: justify;\"><span style=\"font-size: 14pt;\"><strong>El verdugo imita al asesino, como otros asesinos lo imitar\u00e1n a \u00e9l mismo<\/strong>, sufriendo a su vez esa especie de fascinaci\u00f3n que ejerce el asesinato y que, pr\u00e1cticamente, hace del cadalso una escuela del crimen. <strong>Es imposible ver en la <em>sanci\u00f3n expiadora <\/em>algo semejante a una consecuencia racional de la falta<\/strong>; es una simple secuela mec\u00e1nica, o, para decirlo mejor, una repetici\u00f3n material, una copia cuyo modelo es la falta.<\/span><\/p>\n<p>&nbsp;<\/p>\n<blockquote>\n<p style=\"text-align: center;\"><strong><span style=\"font-size: 14pt; color: #008000;\">Es imposible ver en la <em>sanci\u00f3n expiadora <\/em>algo semejante a una consecuencia racional de la falta; es una simple secuela mec\u00e1nica, o, para decirlo mejor, una repetici\u00f3n material, una copia cuyo modelo es la falta.<\/span><\/strong><\/p>\n<\/blockquote>\n<p style=\"text-align: justify;\">\u00a0<\/p>\n<p><img loading=\"lazy\" decoding=\"async\" class=\"aligncenter wp-image-25119\" src=\"https:\/\/puntocritico.com\/ausajpuntocritico\/wp-content\/uploads\/2019\/12\/sancion-moral-y-justicia-retributiva-1-OK.jpg\" alt=\"\" width=\"380\" height=\"253\" data-id=\"25119\" \/><\/p>\n<p>&nbsp;<\/p>\n<h5 style=\"text-align: justify;\"><strong><span style=\"font-size: 14pt;\">2.- Se invocar\u00e1 con V. Cousin y Janet ese extra\u00f1o principio del orden que una <em>voluntad rebelde <\/em>altera y que s\u00f3lo el sufrimiento puede restablecer? Se olvida distinguir aqu\u00ed entre la cuesti\u00f3n social y la cuesti\u00f3n moral.<\/span><\/strong><\/h5>\n<p style=\"text-align: justify;\"><span style=\"font-size: 14pt;\"><strong>El orden social ha sido<\/strong>, en efecto,<strong> el origen hist\u00f3rico del castigo<\/strong> y, al principio, la pena, como lo ha hecho ver <strong>Littr\u00e9<\/strong>, no era m\u00e1s que una compensaci\u00f3n, una indemnizaci\u00f3n material exigida por la v\u00edctima o por sus parientes; pero, <strong>\u00bfpuede compensar algo la pena cuando uno se coloca fuera del punto de vista social?<\/strong><\/span><\/p>\n<p>&nbsp;<\/p>\n<figure id=\"attachment_2305110\" aria-describedby=\"caption-attachment-2305110\" style=\"width: 300px\" class=\"wp-caption aligncenter\"><a href=\"https:\/\/puntocritico.com\/ausajpuntocritico\/2025\/09\/14\/esbozos-de-una-moral-sin-sancion-ni-obligacion-de-jean-marie-guyau-parte-3-2\/\" target=\"_blank\" rel=\"noopener\" data-schema-attribute=\"\"><img loading=\"lazy\" decoding=\"async\" class=\"wp-image-2305110\" src=\"https:\/\/puntocritico.com\/ausajpuntocritico\/wp-content\/uploads\/2024\/12\/Victor-Cousin-joven-285x300.jpg\" alt=\"\" width=\"300\" height=\"316\" srcset=\"https:\/\/puntocritico.com\/ausajpuntocritico\/wp-content\/uploads\/2024\/12\/Victor-Cousin-joven-285x300.jpg 285w, https:\/\/puntocritico.com\/ausajpuntocritico\/wp-content\/uploads\/2024\/12\/Victor-Cousin-joven.jpg 338w\" sizes=\"auto, (max-width: 300px) 100vw, 300px\" \/><\/a><figcaption id=\"caption-attachment-2305110\" class=\"wp-caption-text\"><span style=\"color: #008000;\"><strong>Victor Cousin<\/strong> (Par\u00eds, 1792 &#8211; Cannes, 1867) Fil\u00f3sofo franc\u00e9s fundador del eclecticismo, corriente filos\u00f3fica cuya ef\u00edmera influencia se circunscribi\u00f3 al reinado de Luis Felipe de Orleans (1830-1848). Disc\u00edpulo de Pierre Paul Royer-Collard (a quien sucedi\u00f3 en la escuela Normal y en la facultad de Letras) y de Maine de Biran, estudi\u00f3 a Kant y, en Alemania, conoci\u00f3 a Hegel, Carl Jacobi y Friedrich Schelling. Fue consejero de Estado, par de Francia y ministro de Educaci\u00f3n (1840) y miembro de la Academia francesa (1830) y de la de ciencias morales y pol\u00edticas (1832); en 1855 abandon\u00f3 su c\u00e1tedra de la Sorbona.<\/span><\/figcaption><\/figure>\n<p>&nbsp;<\/p>\n<p style=\"text-align: justify;\"><span style=\"font-size: 14pt;\"><strong>Ser\u00eda demasiado c\u00f3modo que un crimen pudiera ser reparado f\u00edsicamente mediante el castigo, y que se pudiera pagar el precio de una mala acci\u00f3n con una cierta dosis de sufrimiento f\u00edsico<\/strong>, como se compraban las indulgencias de la Iglesia con dinero sonante. No, lo hecho, hecho est\u00e1; <strong>el mal moral persiste pese a todo el mal f\u00edsico que se le pueda a\u00f1adir<\/strong>.<\/span><\/p>\n<p style=\"text-align: justify;\"><span style=\"font-size: 14pt;\">Tan racional ser\u00eda, tratar de lograr, con los <em>deterministas<\/em>, la curaci\u00f3n del culpable, como irracional es buscar el castigo o la compensaci\u00f3n del crimen. <strong>Esta idea es el resultado de una especie de matem\u00e1tica y de balanza infantil. <em>Ojo por ojo, diente; por diente <\/em>(6)<\/strong>.<\/span><\/p>\n<p>&nbsp;<\/p>\n<blockquote>\n<p style=\"text-align: center;\"><strong><span style=\"font-size: 14pt; color: #008000;\">Para quien admite la hip\u00f3tesis del libre albedr\u00edo, uno de los platillos de la balanza est\u00e1 en el mundo moral, el otro en el mundo sensible, uno en el cielo, el otro en la tierra; en el primero est\u00e1 una voluntad libre, en el segundo una sensibilidad completamente determinada<\/span><\/strong><\/p>\n<\/blockquote>\n<p>&nbsp;<\/p>\n<p style=\"text-align: justify;\"><span style=\"font-size: 14pt;\"><img loading=\"lazy\" decoding=\"async\" class=\"alignright wp-image-25120\" src=\"https:\/\/puntocritico.com\/ausajpuntocritico\/wp-content\/uploads\/2019\/12\/sancion-moral-y-justicia-retributiva-2-OK.jpg\" alt=\"\" width=\"440\" height=\"262\" data-id=\"25120\" \/>Para quien admite <strong>la hip\u00f3tesis del libre albedr\u00edo, uno de los platillos de la balanza est\u00e1 en el mundo moral, el otro en el mundo sensible<\/strong>, uno en el cielo, el otro en la tierra; en el primero est\u00e1 una voluntad libre, en el segundo una sensibilidad completamente determinada; <\/span><strong><span style=\"font-size: 14pt;\">\u00bfc\u00f3mo establecer entre ellas el equilibrio?<\/span><\/strong><\/p>\n<p style=\"text-align: justify;\"><span style=\"font-size: 14pt;\"><strong>Si el libre albedr\u00edo existe, es para nosotros completamente inalcanzable; es un absoluto<\/strong>, y el absoluto no tiene agarradero para nosotros; sus resoluciones son, pues, en s\u00ed mismas irreparables, inexplicables; se las ha comparado a rel\u00e1mpagos y, en efecto, brillan y desaparecen; <strong>la acci\u00f3n, buena o mala, desciende misteriosamente de la voluntad al dominio de los sentidos, pero despu\u00e9s, es imposible volver a subir desde ese dominio al del libre arbitrio para alcanzarla all\u00ed y castigarla<\/strong>; el rel\u00e1mpago desciende y no vuelve a subir.<\/span><\/p>\n<p>&nbsp;<\/p>\n<blockquote>\n<p style=\"text-align: center;\"><span style=\"font-size: 14pt; color: #008000;\"><strong>Si el libre albedr\u00edo existe, es para nosotros completamente inalcanzable; es un absoluto<\/strong><\/span><\/p>\n<\/blockquote>\n<p>&nbsp;<\/p>\n<p style=\"text-align: justify;\"><span style=\"font-size: 14pt;\"><strong>Entre el libre arbitrio y los objetos del mundo sensible, no existe otro lazo racional que la propia voluntad del agente<\/strong>; para que el castigo sea posible es preciso,\u00a0 pues,\u00a0 que\u00a0 el\u00a0 mismo\u00a0 <em><strong>libre\u00a0 arbitrio<\/strong><\/em> lo\u00a0<\/span><span style=\"font-size: 14pt;\">quiera y s\u00f3lo lo puede querer, si se halla ya bastante profundamente mejorado, como para, en parte, haber dejado de merecerlo; <strong>tal es la antinomia en que desemboca la doctrina de la expiaci\u00f3n cuando se propone, no solamente corregir, sino castigar<\/strong>. <\/span><\/p>\n<p style=\"text-align: justify;\"><span style=\"font-size: 14pt;\"><strong>Mientras un criminal sigue siendo verdaderamente tal, se coloca, por eso mismo, por encima de toda sanci\u00f3n moral<\/strong>; ser\u00eda preciso convertirlo antes de castigarlo, y, si se ha convertido \u00bfpor qu\u00e9 castigarlo?<\/span><\/p>\n<p>&nbsp;<\/p>\n<blockquote>\n<p style=\"text-align: center;\"><strong><span style=\"font-size: 14pt;\"><span style=\"color: #008000;\">Mientras un criminal sigue siendo verdaderamente tal, se coloca, por eso mismo, por encima de toda sanci\u00f3n moral; ser\u00eda preciso convertirlo antes de castigarlo, y, si se ha convertido \u00bfpor qu\u00e9 castigarlo?<\/span> <\/span><\/strong><\/p>\n<\/blockquote>\n<p>&nbsp;<\/p>\n<p style=\"text-align: justify;\"><span style=\"font-size: 14pt;\"><strong>Culpable o no, la voluntad dotada de libre arbitrio se sobrepondr\u00eda hasta tal punto al mundo sensible, que la \u00fanica conducta posible frente a ella ser\u00eda la de doblegarse<\/strong>; una voluntad de ese g\u00e9nero es un <em><strong>C\u00e9sar<\/strong> <\/em>irresponsable, que podr\u00eda ser perfectamente condenado por su defecto y ejecutado, en efigie, para satisfacer la pasi\u00f3n popular, pero que, realmente, escapa a toda acci\u00f3n exterior. <\/span><\/p>\n<p style=\"text-align: justify;\"><span style=\"font-size: 14pt;\"><strong>Durante el <em>Terror blanco<\/em>, se quemaron \u00e1guilas vivas a falta de aquel a quien simbolizaban<\/strong>; los jueces humanos, en la hip\u00f3tesis de una expiaci\u00f3n infligida al libre arbitrio, no se fundan en otra cosa, su crueldad es igualmente vana e irracional; mientras el cuerpo inocente del acusado se agita entre sus manos, su voluntad, que es el \u00e1guila verdadera, el \u00e1guila soberana de libre vuelo, se cierne, inalcanzable, por encima de ellos.<\/span><\/p>\n<p>&nbsp;<\/p>\n<blockquote>\n<p style=\"text-align: center;\"><strong><span style=\"font-size: 14pt; color: #008000;\">Los jueces, en la hip\u00f3tesis de una expiaci\u00f3n infligida al libre arbitrio, no se fundan en otra cosa, su crueldad es igualmente vana e irracional. <\/span><\/strong><\/p>\n<p style=\"text-align: center;\"><strong><span style=\"font-size: 14pt; color: #008000;\">Mientras el cuerpo inocente del acusado se agita entre sus manos, su voluntad, que es el \u00e1guila verdadera, el \u00e1guila soberana de libre vuelo, se cierne, inalcanzable, por encima de ellos.<\/span><\/strong><\/p>\n<\/blockquote>\n<p style=\"text-align: justify;\">\u00a0<\/p>\n<p><img loading=\"lazy\" decoding=\"async\" class=\"aligncenter wp-image-25124\" src=\"https:\/\/puntocritico.com\/ausajpuntocritico\/wp-content\/uploads\/2019\/12\/sancion-moral-y-justicia-retributiva-5-OK.jpg\" alt=\"\" width=\"410\" height=\"307\" data-id=\"25124\" srcset=\"https:\/\/puntocritico.com\/ausajpuntocritico\/wp-content\/uploads\/2019\/12\/sancion-moral-y-justicia-retributiva-5-OK.jpg 259w, https:\/\/puntocritico.com\/ausajpuntocritico\/wp-content\/uploads\/2019\/12\/sancion-moral-y-justicia-retributiva-5-OK-80x60.jpg 80w\" sizes=\"auto, (max-width: 410px) 100vw, 410px\" \/><\/p>\n<p>&nbsp;<\/p>\n<h5 style=\"text-align: justify;\"><strong><span style=\"font-size: 14pt;\">3.- Si se trata de profundizar ese principio inocente o cruel del orden propuesto por los espiritualistas, y que recuerda demasiado al <em>orden reinante en Varsovia<\/em>, se transforma en el de una pretendida justicia distributiva. <\/span><\/strong><\/h5>\n<p style=\"text-align: justify;\"><span style=\"font-size: 14pt;\"><em>A cada uno de acuerdo a sus obras<\/em>, tal es el ideal social de la escuela sansimoniana, tal es tambi\u00e9n el ideal moral, seg\u00fan <strong>Janet<\/strong>.\u00a0<\/span><span style=\"font-size: 14pt;\"><strong>La sanci\u00f3n no es ya entonces m\u00e1s que un simple caso de la proporci\u00f3n general establecida entre todo trabajo y su remuneraci\u00f3n<\/strong>: <\/span><\/p>\n<blockquote>\n<p style=\"text-align: justify;\"><strong><span style=\"font-size: 14pt; color: #008000;\">1) El que hace mucho debe recibir mucho; <\/span><\/strong><\/p>\n<p style=\"text-align: justify;\"><strong><span style=\"font-size: 14pt; color: #008000;\">2) El que hace poco debe recibir poco; <\/span><\/strong><\/p>\n<p style=\"text-align: justify;\"><strong><span style=\"font-size: 14pt; color: #008000;\">3) El que hace el mal, debe recibir el mal. <\/span><\/strong><\/p>\n<\/blockquote>\n<p>&nbsp;<\/p>\n<p style=\"text-align: justify;\"><span style=\"font-size: 14pt;\">Hagamos notar, ante todo, que este \u00faltimo principio no puede deducirse en absoluto de los precedentes; <strong>si un beneficio menor parece exigir un reconocimiento menor, no se sigue de ello que una ofensa deba exigir la venganza como consecuencia<\/strong>. Adem\u00e1s, los otros dos principios nos parecen discutibles, por lo menos, como f\u00f3rmulas del ideal moral.<\/span><\/p>\n<p style=\"text-align: justify;\"><span style=\"font-size: 14pt;\"><strong>Todav\u00eda aqu\u00ed se confunden los puntos de vista moral y social<\/strong>. <\/span><\/p>\n<p style=\"text-align: justify;\"><span style=\"font-size: 14pt;\">El principio: <\/span><\/p>\n<blockquote>\n<p style=\"text-align: justify;\"><strong><span style=\"font-size: 14pt;\"><span style=\"color: #008000;\">a cada uno de acuerdo a sus obras<\/span><\/span><\/strong><\/p>\n<\/blockquote>\n<p>&nbsp;<\/p>\n<p style=\"text-align: justify;\"><strong><span style=\"font-size: 14pt;\">, es un simple principio econ\u00f3mico;\u00a0<\/span><\/strong><span style=\"font-size: 14pt;\">resume muy bien el <strong>ideal de la justicia conmutativa y de los contratos sociales<\/strong>, en modo alguno el de una <em>justicia absoluta que dar\u00eda a cada uno de acuerdo a su intenci\u00f3n moral<\/em><\/span><span style=\"font-size: 14pt;\">. <\/span><\/p>\n<p style=\"text-align: justify;\"><span style=\"font-size: 14pt;\"><strong>Quiere decir simplemente esto<\/strong>: <\/span><\/p>\n<blockquote>\n<p style=\"text-align: justify;\"><span style=\"color: #008000;\"><strong><span style=\"font-size: 14pt;\">independientemente de las intenciones, es preciso que los objetos que se cambian en la sociedad sean del mismo valor, y que un individuo que produce un objeto de precio considerable no reciba en cambio un salario insignificante; es la regla del cambio, es la de toda labor interesada, no la del esfuerzo desinteresado que exigir\u00eda como hip\u00f3tesis a la virtud.<\/span><\/strong><\/span><\/p>\n<\/blockquote>\n<p>&nbsp;<\/p>\n<figure id=\"attachment_2314536\" aria-describedby=\"caption-attachment-2314536\" style=\"width: 360px\" class=\"wp-caption aligncenter\"><a href=\"https:\/\/www.biografiasyvidas.com\/biografia\/r\/renouvier.htm\" target=\"_blank\" rel=\"noopener\" data-schema-attribute=\"\"><img loading=\"lazy\" decoding=\"async\" class=\"wp-image-2314536\" src=\"https:\/\/puntocritico.com\/ausajpuntocritico\/wp-content\/uploads\/2025\/11\/renouvier-300x281.jpg\" alt=\"\" width=\"360\" height=\"338\" srcset=\"https:\/\/puntocritico.com\/ausajpuntocritico\/wp-content\/uploads\/2025\/11\/renouvier-300x281.jpg 300w, https:\/\/puntocritico.com\/ausajpuntocritico\/wp-content\/uploads\/2025\/11\/renouvier.jpg 340w\" sizes=\"auto, (max-width: 360px) 100vw, 360px\" \/><\/a><figcaption id=\"caption-attachment-2314536\" class=\"wp-caption-text\"><span style=\"color: #008000;\"><strong>Charles Bernard Renouvier<\/strong> (1815-1903), fil\u00f3sofo franc\u00e9s, disc\u00edpulo de\u00a0Auguste Comte. Influido por Leibniz y por Kant, es autor de Ensayos de cr\u00edtica general (1854-1864), Filosof\u00eda anal\u00edtica de la historia (1896-1898), La nueva monadolog\u00eda (1899) y El personalismo (1903). Charles Renouvier fue el principal representante en Francia del neocriticismo, corriente de pensamiento surgida en Alemania con un sentido de retorno a la filosof\u00eda de Kant. La interpretaci\u00f3n kantiana de Renouvier asumi\u00f3 aspectos originales y fecundos que revelan en el autor una rica personalidad. <\/span><\/figcaption><\/figure>\n<p>&nbsp;<\/p>\n<p style=\"text-align: justify;\"><span style=\"font-size: 14pt;\"><strong>En las relaciones sociales, hay y debe haber una cierta tarifa de las acciones, no de las intenciones<\/strong>; todos velamos porque esta tarifa sea observada, para que un comerciante que da mercader\u00eda falsificada o un ciudadano que no cumple su deber c\u00edvico, no reciban en cambio la cantidad normal de dinero o de reputaci\u00f3n. <\/span><\/p>\n<p style=\"text-align: justify;\"><span style=\"font-size: 14pt;\">Nada mejor; <strong>pero, \u00bfc\u00f3mo valuar la virtud que ser\u00eda verdaderamente <em>moral<\/em>?<\/strong> All\u00ed donde ya no se consideran los contratos econ\u00f3micos y los cambios materiales, sino la voluntad en s\u00ed misma, esta ley pierde todo su valor.<\/span><\/p>\n<p>&nbsp;<\/p>\n<blockquote>\n<p style=\"text-align: center;\"><strong><span style=\"font-size: 14pt; color: #008000;\">All\u00ed donde ya no se consideran los contratos econ\u00f3micos y los cambios materiales, sino la voluntad en s\u00ed misma, esta ley pierde todo su valor. <\/span><\/strong><\/p>\n<p style=\"text-align: center;\"><strong><span style=\"font-size: 14pt; color: #008000;\"><span style=\"font-size: 14pt;\">La justicia distributiva es una regla puramente social, puramente utilitaria y que carece de sentido fuera de una sociedad cualquiera. <\/span><\/span><\/strong><\/p>\n<\/blockquote>\n<p>&nbsp;<\/p>\n<p style=\"text-align: justify;\"><span style=\"font-size: 14pt;\">La <strong>justicia distributiva<\/strong> es, pues, en lo que tiene de plausible, <strong>una regla puramente social, puramente utilitaria y que carece de sentido fuera de una sociedad cualquiera<\/strong>. <\/span><\/p>\n<p style=\"text-align: justify;\"><span style=\"font-size: 14pt;\"><strong>La sociedad reposa por completo en el principio de reciprocidad<\/strong>, que es decir, que, si se produce en ella el bien o lo \u00fatil, se aguarda el bien en cambio, y si se produce lo perjudicial es eso mismo lo que se espera; de esta reciprocidad completamente mec\u00e1nica, y que se halla tanto en el cuerpo social como en los otros organismos, <strong>resulta una proporcionalidad grosera entre el bien sensible de un individuo y el bien sensible de los otros<\/strong>, <strong>una solidaridad mutua, que toma la forma de\u00a0una especie de justicia distributiva<\/strong>; pero, una vez m\u00e1s, <em>en lugar de una equidad moral de distribuci\u00f3n, hay aqu\u00ed m\u00e1s bien un equilibrio natural<\/em>.<\/span><\/p>\n<p>&nbsp;<\/p>\n<blockquote>\n<p style=\"text-align: center;\"><strong><span style=\"font-size: 14pt; color: #008000;\">De esta reciprocidad completamente mec\u00e1nica, y que se halla tanto en el cuerpo social como en los otros organismos, resulta una proporcionalidad grosera entre el bien sensible de un individuo y el bien sensible de los otros, una solidaridad mutua, que toma la forma de una especie de justicia distributiva.<\/span><\/strong><\/p>\n<p style=\"text-align: center;\"><strong><span style=\"font-size: 14pt; color: #008000;\">Pero, una vez m\u00e1s, <em>en lugar de una equidad moral de distribuci\u00f3n, hay aqu\u00ed m\u00e1s bien un equilibrio natural<\/em>.<\/span><\/strong><\/p>\n<\/blockquote>\n<p>&nbsp;<\/p>\n<p style=\"text-align: justify;\"><span style=\"font-size: 14pt;\"><strong>El bien no recompensado, no valuado, por as\u00ed decirlo, en su verdadero precio, el mal no castigado, nos disgustan simplemente como una cosa antisocial<\/strong>, como una monstruosidad econ\u00f3mica y pol\u00edtica, como una relaci\u00f3n perjudicial entre los seres; pero, <strong>desde un punto de vista moral, no es ya as\u00ed<\/strong>.<\/span><\/p>\n<p style=\"text-align: justify;\"><span style=\"font-size: 14pt;\"><img loading=\"lazy\" decoding=\"async\" class=\"alignleft wp-image-25137\" src=\"https:\/\/puntocritico.com\/ausajpuntocritico\/wp-content\/uploads\/2019\/12\/sancion-moral-y-justicia-retributiva-7-OK.jpg\" alt=\"\" width=\"360\" height=\"312\" data-id=\"25137\" \/>En el fondo, el principio:<strong> <em>A cada uno de acuerdo a sus obras<\/em><\/strong>, es una excelente f\u00f3rmula social de est\u00edmulo para el trabajador o el agente moral; <strong>le impone como ideal una especie de <em>trabajo a destajo <\/em>que es siempre mucho m\u00e1s productivo que el <em>trabajo a jornal<\/em><\/strong>, y, sobre todo, que el trabajo <em>a la intenci\u00f3n<\/em>; <strong>es una regla eminentemente pr\u00e1ctica, no una sanci\u00f3n<\/strong>. <\/span><\/p>\n<p style=\"text-align: justify;\"><span style=\"font-size: 14pt;\"><strong>El car\u00e1cter esencial de una verdadera sanci\u00f3n moral ser\u00eda, en efecto, el de no constituir jam\u00e1s un fin, un objeto<\/strong>; el ni\u00f1o que repite correctamente su lecci\u00f3n con el simple objeto de recibir confites de inmediato, <em>ya no los merece, desde el punto de vista moral, precisamente porque los ha tomado como fin<\/em>. <\/span><\/p>\n<p style=\"text-align: justify;\"><span style=\"font-size: 14pt;\"><strong>La sanci\u00f3n debe, pues, hallarse completamente afuera de las regiones de la finalidad, con mayor raz\u00f3n de las de la utilidad<\/strong>; su pretensi\u00f3n es alcanzar a la voluntad como causa, sin querer dirigirla de acuerdo a un fin.<\/span><\/p>\n<p>&nbsp;<\/p>\n<blockquote>\n<p style=\"text-align: center;\"><span style=\"color: #008000;\"><strong><span style=\"font-size: 14pt;\">La pretensi\u00f3n de la sanci\u00f3n es alcanzar a la voluntad como causa, sin querer dirigirla de acuerdo a un fin.<\/span><\/strong><\/span><\/p>\n<\/blockquote>\n<p>&nbsp;<\/p>\n<p style=\"text-align: justify;\"><span style=\"font-size: 14pt;\"><strong>Ning\u00fan artificio puede tampoco transformar al principio pr\u00e1ctico de la justicia social<\/strong>: <em>Esperad recibir de los hombres en proporci\u00f3n a lo que les deis<\/em>, en este <strong>principio metaf\u00edsico<\/strong>: <\/span><\/p>\n<blockquote>\n<p style=\"text-align: justify;\"><strong><span style=\"font-size: 14pt; color: #008000;\">Si la causa misteriosa que obra en vosotros es buena en s\u00ed misma y por s\u00ed misma, produciremos un efecto agradable en vuestra sensibilidad; si es mala, haremos sufrir a vuestra sensibilidad.<\/span><\/strong><\/p>\n<\/blockquote>\n<p>&nbsp;<\/p>\n<p style=\"text-align: justify;\"><span style=\"font-size: 14pt;\"><strong>La primera f\u00f3rmula -proporcionalidad de los cambios- era racional<\/strong>, porque <strong>constitu\u00eda un m\u00f3vil pr\u00e1ctico<\/strong> <strong>para la voluntad<\/strong> y alcanzaba al porvenir: <strong>la segunda, que no contiene ning\u00fan motivo de acci\u00f3n<\/strong>, y que, por un efecto retroactivo, <em>recae sobre el pasado en lugar de modificar el porvenir<\/em>, <strong>es pr\u00e1cticamente est\u00e9ril y moralmente vac\u00eda<\/strong>.<\/span><\/p>\n<p style=\"text-align: justify;\"><span style=\"font-size: 14pt;\"><strong>La noci\u00f3n de justicia distributiva s\u00f3lo tiene, pues, valor, en tanto expresa un ideal completamente social, cuya realizaci\u00f3n tienden a producir las leyes econ\u00f3micas por s\u00ed mismas<\/strong>; se convierte en inmoral si, d\u00e1ndole un car\u00e1cter absoluto y metaf\u00edsico, se quiere hacer de ella el principio de un castigo o de una recompensa.<\/span><\/p>\n<p>&nbsp;<\/p>\n<blockquote>\n<p style=\"text-align: center;\"><span style=\"color: #008000;\"><strong><span style=\"font-size: 14pt;\">La noci\u00f3n de justicia distributiva se convierte en inmoral si, d\u00e1ndole un car\u00e1cter absoluto y metaf\u00edsico, se quiere hacer de ella el principio de un castigo o de una recompensa.<\/span><\/strong><\/span><\/p>\n<\/blockquote>\n<p>&nbsp;<\/p>\n<p style=\"text-align: justify;\"><span style=\"font-size: 14pt;\"><strong>Nada m\u00e1s racional que la virtud tenga a su favor el juicio moral de todos los seres y el crimen lo tenga en contra<\/strong>; pero ese juicio no puede salir de los l\u00edmites del mundo moral para transformarse en la menor acci\u00f3n coercitiva y aflictiva. <\/span><\/p>\n<p style=\"text-align: justify;\"><span style=\"font-size: 14pt;\">Esta afirmaci\u00f3n: <\/span><\/p>\n<blockquote>\n<p style=\"text-align: justify;\"><span style=\"color: #008000;\"><strong><span style=\"font-size: 14pt;\"><em>-Eres bueno, eres malo-<\/em>,<\/span><\/strong><\/span><\/p>\n<\/blockquote>\n<p>&nbsp;<\/p>\n<p style=\"text-align: justify;\"><span style=\"font-size: 14pt;\">nunca podr\u00e1 convertirse en esta otra: <\/span><\/p>\n<blockquote>\n<p style=\"text-align: justify;\"><strong><span style=\"font-size: 14pt;\"><em><span style=\"color: #008000;\">-Es necesario hacerte gozar o sufrir.<\/span> <\/em><\/span><\/strong><\/p>\n<\/blockquote>\n<p>&nbsp;<\/p>\n<p style=\"text-align: justify;\"><span style=\"font-size: 14pt;\"><strong>El culpable no podr\u00eda llegar a tener el privilegio de forzar al hombre de bien a hacerle mal<\/strong>. <\/span><\/p>\n<p style=\"text-align: justify;\"><span style=\"font-size: 14pt;\"><strong>El vicio como la virtud no son, pues, responsables m\u00e1s que ante s\u00ed mismos y, cuando m\u00e1s, ante la conciencia ajena<\/strong>; despu\u00e9s de todo, el vicio y la virtud son s\u00f3lo formas que toma la voluntad y sobre las cuales subsiste siempre la voluntad misma, cuya naturaleza parece consistir en aspirar a la felicidad.<\/span><\/p>\n<p>&nbsp;<\/p>\n<blockquote>\n<p style=\"text-align: center;\"><span style=\"color: #008000;\"><strong><span style=\"font-size: 14pt;\">El vicio y la virtud son s\u00f3lo formas que toma la voluntad y sobre las cuales subsiste siempre la voluntad misma, cuya naturaleza parece consistir en aspirar a la felicidad.<\/span><\/strong><\/span><\/p>\n<\/blockquote>\n<p>&nbsp;<\/p>\n<p><a href=\"https:\/\/puntocritico.com\/ausajpuntocritico\/2020\/03\/20\/27851\/\" target=\"_blank\" rel=\"noopener\" data-schema-attribute=\"\"><img loading=\"lazy\" decoding=\"async\" class=\"aligncenter wp-image-15173\" src=\"https:\/\/puntocritico.com\/ausajpuntocritico\/wp-content\/uploads\/2018\/11\/deseo-patologico-kant-spinoza-IP-300x169.jpg\" alt=\"\" width=\"480\" height=\"270\" srcset=\"https:\/\/puntocritico.com\/ausajpuntocritico\/wp-content\/uploads\/2018\/11\/deseo-patologico-kant-spinoza-IP-300x169.jpg 300w, https:\/\/puntocritico.com\/ausajpuntocritico\/wp-content\/uploads\/2018\/11\/deseo-patologico-kant-spinoza-IP-267x150.jpg 267w, https:\/\/puntocritico.com\/ausajpuntocritico\/wp-content\/uploads\/2018\/11\/deseo-patologico-kant-spinoza-IP.jpg 678w\" sizes=\"auto, (max-width: 480px) 100vw, 480px\" \/><\/a><\/p>\n<p>&nbsp;<\/p>\n<p style=\"text-align: justify;\"><span style=\"font-size: 14pt;\"><strong>No se comprende por qu\u00e9 ese deseo eterno no ha de ser satisfecho en todos<\/strong>. Las bestias feroces humanas deben ser, en absoluto, tratadas con indulgencia y piedad como todos los dem\u00e1s seres; <strong>poco importa que se considere su ferocidad como fatal o como libre; moralmente, son siempre dignas de compasi\u00f3n; \u00bfpor qu\u00e9 se ha de querer que lleguen a serlo f\u00edsicamente? <\/strong><\/span><\/p>\n<p style=\"text-align: justify;\"><span style=\"font-size: 14pt;\"><strong>Ense\u00f1aban a una ni\u00f1a una gran imagen coloreada que representaba algunos m\u00e1rtires<\/strong>; en la arena leones y tigres se saciaban de sangre humana; separado otro tigre que hab\u00eda quedado en la jaula miraba con aire de tristeza. <\/span><\/p>\n<blockquote>\n<p style=\"text-align: justify;\"><strong><span style=\"font-size: 14pt; color: #008000;\"><em>\u00bfNo compadeces a esos pobres m\u00e1rtires? <\/em>&#8211; preguntaron a la ni\u00f1a. &#8211; <em>\u00bfY ese pobre tigre que no tiene ning\u00fan cristiano para comer? <\/em>&#8211; repuso ella.<\/span><\/strong><\/p>\n<\/blockquote>\n<p>&nbsp;<\/p>\n<p style=\"text-align: justify;\"><span style=\"font-size: 14pt;\"><strong>Un sabio desprovisto de todo prejuicio sentir\u00eda, seguramente, piedad por los m\u00e1rtires, pero eso no le impedir\u00eda experimentarla tambi\u00e9n por el tigre hambriento<\/strong>. Se conoce la leyenda hind\u00fa, seg\u00fan la cual <strong>Buda<\/strong> dio su propio cuerpo como alimento a una fiera que se mor\u00eda de hambre.<\/span><\/p>\n<p>&nbsp;<\/p>\n<blockquote>\n<p style=\"text-align: center;\"><strong><span style=\"font-size: 14pt; color: #008000;\">Se conoce la leyenda hind\u00fa, seg\u00fan la cual Buda dio su propio cuerpo como alimento a una fiera que se mor\u00eda de hambre. <\/span><\/strong><\/p>\n<p style=\"text-align: center;\"><strong><span style=\"font-size: 14pt; color: #008000;\"><span style=\"font-size: 14pt;\">Una conducta tal, absurda desde el punto de vista pr\u00e1ctico y social, es la \u00fanica leg\u00edtima desde el punto de vista de la moralidad pura.<\/span><\/span><\/strong><\/p>\n<\/blockquote>\n<p>&nbsp;<\/p>\n<p style=\"text-align: justify;\"><span style=\"font-size: 14pt;\"><strong>Es \u00e9sa la piedad suprema, la \u00fanica que no encierra\u00a0ninguna injusticia oculta<\/strong>. Una conducta tal, absurda desde el punto de vista pr\u00e1ctico y social, es la \u00fanica leg\u00edtima desde el punto de vista de la moralidad pura. <\/span><\/p>\n<p style=\"text-align: justify;\"><span style=\"font-size: 14pt;\"><strong>Es preciso reemplazar la justicia estrecha y completamente humana<\/strong>, que reh\u00fasa el bien a quien es ya bastante desdichado como para ser culpable,<strong> por otra m\u00e1s amplia que d\u00e9 a todos el bien, y que ignore, no solamente con cual mano lo da, sino tambi\u00e9n cual lo recibe<\/strong>.<\/span><\/p>\n<p style=\"text-align: justify;\"><span style=\"font-size: 14pt;\"><img loading=\"lazy\" decoding=\"async\" class=\"alignright wp-image-25122\" src=\"https:\/\/puntocritico.com\/ausajpuntocritico\/wp-content\/uploads\/2019\/12\/sancion-moral-y-justicia-retributiva-4-OK.jpg\" alt=\"\" width=\"400\" height=\"224\" data-id=\"25122\" \/>Esta especie de <strong>derecho a la felicidad que se reserva \u00fanicamente para el hombre de bien<\/strong>, que deber\u00eda tener como correlativo un verdadero <strong>derecho a la desgracia para todos los seres inferiores<\/strong>, es un <strong>vestigio de los antiguos prejuicios aristocr\u00e1ticos<\/strong> (<em>en el sentido etimol\u00f3gico de la palabra<\/em>). <\/span><\/p>\n<p style=\"text-align: justify;\"><span style=\"font-size: 14pt;\"><strong>La raz\u00f3n puede complacerse en suponer un cierto lazo entre la sensibilidad y la dicha<\/strong>, porque todo ser sensible desea el goce y odia la pena por su misma naturaleza y definici\u00f3n.\u00a0<\/span><\/p>\n<p>&nbsp;<\/p>\n<blockquote>\n<p style=\"text-align: center;\"><span style=\"color: #008000;\"><strong><span style=\"font-size: 14pt;\">La raz\u00f3n puede complacerse en suponer un cierto lazo entre la sensibilidad y la dicha, porque todo ser sensible desea el goce y odia la pena por su misma naturaleza y definici\u00f3n.\u00a0<\/span><\/strong><\/span><\/p>\n<\/blockquote>\n<p>&nbsp;<\/p>\n<p style=\"text-align: justify;\"><span style=\"font-size: 14pt;\"><strong>La raz\u00f3n puede tambi\u00e9n imaginar un lazo entre toda voluntad y la felicidad<\/strong>, porque todo ser capaz de voluntad, aspira espont\u00e1neamente a sentirse dichoso. <\/span><\/p>\n<p style=\"text-align: justify;\"><span style=\"font-size: 14pt;\"><strong>Las diferencias entre las voluntades no se introducen m\u00e1s que cuando se trata de elegir los caminos y los medios para alcanzar la felicidad<\/strong>; ciertos hombres creen incompatible su dicha con la ajena; ciertos otros buscan su felicidad en la de los dem\u00e1s: he aqu\u00ed lo que distingue a los buenos de los malos. <\/span><\/p>\n<p style=\"text-align: justify;\"><span style=\"font-size: 14pt;\"><strong>A esta divergencia en la direcci\u00f3n de tal o cual voluntad, corresponder\u00eda, seg\u00fan la moral ortodoxa, una diferencia esencial en su naturaleza misma<\/strong>, en la <em>causa profunda e independiente que pone en manifiesto exteriormente<\/em>; sea, pero <strong>esa diferencia no puede hacer desaparecer la relaci\u00f3n permanente entre la voluntad y la dicha<\/strong>.<\/span><\/p>\n<p>&nbsp;<\/p>\n<blockquote>\n<p style=\"text-align: center;\"><span style=\"color: #008000;\"><strong><span style=\"font-size: 14pt;\">Ciertos hombres creen incompatible su dicha con la ajena; ciertos otros buscan su felicidad en la de los dem\u00e1s: he aqu\u00ed lo que distingue a los buenos de los malos.<\/span><\/strong><\/span><\/p>\n<\/blockquote>\n<p>&nbsp;<\/p>\n<p><a href=\"https:\/\/puntocritico.com\/ausajpuntocritico\/2025\/10\/07\/cesare-beccaria-1733-1781-como-se-evitan-los-delitos-de-los-delitos-y-de-las-penas\/\" target=\"_blank\" rel=\"noopener\" data-schema-attribute=\"\"><img loading=\"lazy\" decoding=\"async\" class=\"aligncenter wp-image-2313026\" src=\"https:\/\/puntocritico.com\/ausajpuntocritico\/wp-content\/uploads\/2025\/10\/beccaria_delitos_penas-300x215.jpg\" alt=\"\" width=\"400\" height=\"287\" srcset=\"https:\/\/puntocritico.com\/ausajpuntocritico\/wp-content\/uploads\/2025\/10\/beccaria_delitos_penas-300x215.jpg 300w, https:\/\/puntocritico.com\/ausajpuntocritico\/wp-content\/uploads\/2025\/10\/beccaria_delitos_penas.jpg 340w\" sizes=\"auto, (max-width: 400px) 100vw, 400px\" \/><\/a><\/p>\n<p>&nbsp;<\/p>\n<blockquote>\n<p style=\"text-align: center;\"><span style=\"font-size: 14pt; color: #008000;\"><strong>Los culpables conservan hoy mismo, ante nuestras leyes un cierto n\u00famero de derechos. <\/strong><\/span><\/p>\n<p style=\"text-align: center;\"><span style=\"font-size: 14pt; color: #008000;\"><strong>P<span style=\"font-size: 14pt;\">or lo mismo que un hombre no puede venderse a s\u00ed mismo como esclavo, no puede tampoco desprenderse \u00e9l mismo de esa especie de derecho natural que todo ser sensible cree poseer a la felicidad final.<\/span><\/strong><\/span><\/p>\n<\/blockquote>\n<p>&nbsp;<\/p>\n<p style=\"text-align: justify;\"><span style=\"font-size: 14pt;\"><strong>Los culpables conservan hoy mismo, ante nuestras leyes un cierto n\u00famero de derechos<\/strong>; conservan todos esos derechos en lo absoluto (<em>para quien admite un absoluto<\/em>); por lo mismo que <strong>un hombre no puede venderse a s\u00ed mismo como esclavo<\/strong>, no puede tampoco desprenderse \u00e9l mismo de <strong>esa especie de derecho natural que todo ser sensible cree poseer a la felicidad final. <\/strong><\/span><\/p>\n<p style=\"text-align: justify;\"><span style=\"font-size: 14pt;\"><strong>Mientras los seres libres o fatalmente malos persistan en querer la felicidad, no veo que raz\u00f3n se puede invocar para quit\u00e1rsela<\/strong>. <\/span><\/p>\n<blockquote>\n<p style=\"text-align: justify;\"><span style=\"color: #008000;\"><strong><span style=\"font-size: 14pt;\">-Existe -dir\u00e9is- la raz\u00f3n suficiente por s\u00ed sola de que son malos. <\/span><\/strong><\/span><\/p>\n<p style=\"text-align: justify;\"><span style=\"color: #008000;\"><strong><span style=\"font-size: 14pt;\">-\u00bfEs, pues, solamente para hacerlos mejores. que hab\u00e9is recurrido al sufrimiento? <\/span><\/strong><\/span><\/p>\n<p><span style=\"color: #008000;\"><strong><span style=\"font-size: 14pt;\">-No; eso no es para vosotros m\u00e1s que un fin secundario, que podr\u00eda ser alcanzado por otros medios; vuestro objeto principal es producir en ellos la expiaci\u00f3n, es decir la desdicha sin utilidad y sin objeto. \u00a1Como si no fuese suficiente para ellos con ser malos! <\/span><\/strong><\/span><\/p>\n<\/blockquote>\n<p>&nbsp;<\/p>\n<p style=\"text-align: justify;\"><span style=\"font-size: 14pt;\">Nuestros moralistas est\u00e1n todav\u00eda respecto a esto de acuerdo a <strong>la arbitraria distribuci\u00f3n que parece admitir el evangelio<\/strong>: <\/span><\/p>\n<blockquote>\n<p style=\"text-align: justify;\"><span style=\"color: #008000;\"><strong><span style=\"font-size: 14pt;\"><em>A los que ya tienen les ser\u00e1 dado todav\u00eda, y a los que no tienen nada les ser\u00e1 quitado hasta lo poco que poseen<\/em>.<\/span><\/strong><\/span><\/p>\n<\/blockquote>\n<p>&nbsp;<\/p>\n<figure id=\"attachment_2216259\" aria-describedby=\"caption-attachment-2216259\" style=\"width: 440px\" class=\"wp-caption aligncenter\"><a href=\"https:\/\/puntocritico.com\/ausajpuntocritico\/2021\/06\/20\/historia-de-las-persecuciones-politicas-y-religiosas-en-europa-los-maniqueos-y-los-albigenses-capitulos-v-y-vi-como-reconoceremos-a-los-cataros\/\" target=\"_blank\" rel=\"noopener\" data-schema-attribute=\"\"><img loading=\"lazy\" decoding=\"async\" class=\"wp-image-2216259\" src=\"https:\/\/puntocritico.com\/ausajpuntocritico\/wp-content\/uploads\/2021\/06\/Ppal-CATAROS-Cap-5-y-6-300x199.jpg\" alt=\"\" width=\"440\" height=\"292\" srcset=\"https:\/\/puntocritico.com\/ausajpuntocritico\/wp-content\/uploads\/2021\/06\/Ppal-CATAROS-Cap-5-y-6-300x199.jpg 300w, https:\/\/puntocritico.com\/ausajpuntocritico\/wp-content\/uploads\/2021\/06\/Ppal-CATAROS-Cap-5-y-6-610x405.jpg 610w, https:\/\/puntocritico.com\/ausajpuntocritico\/wp-content\/uploads\/2021\/06\/Ppal-CATAROS-Cap-5-y-6-678x452.jpg 678w, https:\/\/puntocritico.com\/ausajpuntocritico\/wp-content\/uploads\/2021\/06\/Ppal-CATAROS-Cap-5-y-6.jpg 680w\" sizes=\"auto, (max-width: 440px) 100vw, 440px\" \/><\/a><figcaption id=\"caption-attachment-2216259\" class=\"wp-caption-text\"><a href=\"https:\/\/puntocritico.com\/ausajpuntocritico\/2021\/06\/20\/historia-de-las-persecuciones-politicas-y-religiosas-en-europa-los-maniqueos-y-los-albigenses-capitulos-v-y-vi-como-reconoceremos-a-los-cataros\/\" target=\"_blank\" rel=\"noopener\" data-schema-attribute=\"\"><span style=\"color: #008000;\">\u00bfC\u00f3mo reconoceremos a los C\u00e1taros? \u00abMatadlos a todos, que Dios conocer\u00e1 a los suyos\u00bb, fue la respuesta del Nuncio papal.<\/span><\/a><\/figcaption><\/figure>\n<p>&nbsp;<\/p>\n<blockquote>\n<p style=\"text-align: center;\"><span style=\"font-size: 14pt; color: #008000;\"><strong>La idea cristiana de <em>gracia <\/em>ser\u00eda, sin embargo, aceptable con una condici\u00f3n: la de ser universalizada, extendida a todos los hombres y a todos los seres<\/strong><\/span><\/p>\n<\/blockquote>\n<p>&nbsp;<\/p>\n<p style=\"text-align: justify;\"><span style=\"font-size: 14pt;\"><strong> La idea cristiana de <em>gracia <\/em>ser\u00eda, sin embargo, aceptable con una condici\u00f3n: la de ser universalizada, extendida a todos los hombres y a todos los seres<\/strong>; se har\u00eda as\u00ed de ella, en lugar de una <em>gracia<\/em>, una especie de <em>deuda divina<\/em>; pero lo que lastima profundamente en toda moral m\u00e1s o menos similar al cristianismo, es la idea de una elecci\u00f3n, de un favor, de una distribuci\u00f3n de la <em>gracia<\/em>.<\/span><\/p>\n<p>&nbsp;<\/p>\n<blockquote>\n<p style=\"text-align: center;\"><span style=\"color: #008000;\"><strong><span style=\"font-size: 14pt;\">Lo que lastima profundamente en toda moral m\u00e1s o menos similar al cristianismo, es la idea de una elecci\u00f3n, de un favor, de una distribuci\u00f3n de la <em>gracia<\/em>.<\/span><\/strong><\/span><\/p>\n<\/blockquote>\n<p>&nbsp;<\/p>\n<p style=\"text-align: justify;\"><span style=\"font-size: 14pt;\"><strong>Un dios no tiene que escoger entre los seres para ver a quienes quiere hacer finalmente felices<\/strong>; hasta un legislador humano si pretendiese dar un valor absoluto y verdaderamente divino a sus leyes, se ver\u00eda tambi\u00e9n <strong>forzado a renunciar a todo lo que sea semejante a una <em>elecci\u00f3n<\/em>, una <em>preferencia<\/em>, una pretendida distribuci\u00f3n y sanci\u00f3n<\/strong>. Todo don parcial es tambi\u00e9n necesariamente parcial y en la Tierra, como en el cielo, no puede existir el favor.<\/span><\/p>\n<p>&nbsp;<\/p>\n<blockquote>\n<p style=\"text-align: center;\"><strong><span style=\"font-size: 14pt; color: #008000;\">Todo don parcial es tambi\u00e9n necesariamente parcial y en la Tierra, como en el cielo, no puede existir el favor.<\/span><\/strong><\/p>\n<\/blockquote>\n<p style=\"text-align: justify;\">\u00a0<\/p>\n<p><img loading=\"lazy\" decoding=\"async\" class=\"wp-image-25121 aligncenter\" src=\"https:\/\/puntocritico.com\/ausajpuntocritico\/wp-content\/uploads\/2019\/12\/sancion-moral-y-justicia-retributiva-3-OK.jpg\" alt=\"\" width=\"320\" height=\"456\" data-id=\"25121\" \/><\/p>\n<p style=\"text-align: center;\"><span style=\"font-size: 18pt;\"><strong><span style=\"color: #008000;\">*******<\/span><\/strong><\/span><\/p>\n<blockquote>\n<h3 style=\"text-align: center;\"><span style=\"background-color: #ccffcc; font-size: 18pt;\"><strong><span style=\"background-color: #ccffcc;\">Notas<\/span><\/strong><\/span><\/h3>\n<p style=\"text-align: justify;\"><span style=\"font-size: 14pt;\"><strong>*\u00a0<\/strong>Segunda edici\u00f3n cibern\u00e9tica, enero del 2003 Captura y dise\u00f1o: Chantal L\u00f3pez y Omar Cort\u00e9s<\/span><\/p>\n<p style=\"text-align: justify;\"><span style=\"font-size: 14pt;\">Nueva digitalizaci\u00f3n desde la p\u00e1gina\u00a0<a href=\"http:\/\/www.antorcha.net\/\" target=\"_blank\" rel=\"noopener\" data-schema-attribute=\"\">www.antorcha.net<\/a>\u00a0Junio de 2009, para formato\u00a0<em>.pdf<\/em>, por\u00a0<strong>R.M<\/strong>.<\/span><\/p>\n<p style=\"text-align: justify;\"><span style=\"font-size: 14pt;\"><strong>[4]<\/strong> Janet, <em>Tratado de filosofa<\/em>, p\u00e1g. 707: La primera ley del orden, hab\u00eda dicho <strong>V. Cousin,<\/strong> es ser fiel a la virtud; si se falta a ella, la segunda ley del orden es expiar la falta mediante el castigo &#8230; En la inteligencia, a la idea de injusticia corresponde la de pena. <\/span><\/p>\n<p style=\"text-align: justify;\"><span style=\"font-size: 14pt;\">Dos de los fil\u00f3sofos que m\u00e1s han protestado en Francia contra la doctrina de que las leyes sociales han de ser expiatorias y no simplemente defensivas, <strong>Franck<\/strong> y <strong>Renouvier<\/strong>, parecen sin embargo, admitir como evidente el principio de una remuneraci\u00f3n unida a la ley moral. <\/span><\/p>\n<p style=\"text-align: justify;\"><span style=\"font-size: 14pt;\">No se trata de saber, dice <strong>Franck<\/strong>, si el mal merece ser castigado, porque esta proposici\u00f3n es evidente por si misma. (<em>Filosof\u00eda del derecho penal<\/em>, p\u00e1g. 79). Seria ir contra la naturaleza de las cosas, dice <strong>Renouvier<\/strong>, exigir que la virtud no espere ninguna remuneraci\u00f3n. (<em>Ciencia de la moral<\/em>, p\u00e1g. 286). Caro, va m\u00e1s lejos, y, en dos capitulos de los <em>Problemas de moral social<\/em>, apoy\u00e1ndose en <strong>Broglie<\/strong>, se esfuerza por mantener a la vez el derecho moral y el derecho social de castigar a los<\/span><\/p>\n<p style=\"text-align: justify;\"><span style=\"font-size: 14pt;\"><strong>[5]<\/strong> Marion, <em>Lecciones de moral<\/em>, p\u00e1g.<\/span><\/p>\n<p style=\"text-align: justify;\"><span style=\"font-size: 14pt;\"><strong>[6]<\/strong> Uno de los principales representantes franceses de la moral del deber, <strong>Renouvier<\/strong>, despu\u00e9s de haber criticado la idea vulgar del castigo, ha hecho, sin embargo, grandes esfuerzos para salvar el principio del <em>tali\u00f3n<\/em>, interpret\u00e1ndolo en mejor sentido. <\/span><\/p>\n<p style=\"text-align: justify;\"><span style=\"font-size: 14pt;\">Tomado en s\u00ed mismo y como expresi\u00f3n de un sentimiento del alma ante el crimen, el <em>tali\u00f3n <\/em>estar\u00eda lejos de merecer el desprecio o la indignaci\u00f3n con que lo abruman publicistas cuyas teor\u00edas penales est\u00e1n con frecuencia, en estricta justicia, peor fundadas. (<em>Ciencia de la moral<\/em>, tomo II, p\u00e1g. 296). <\/span><\/p>\n<p style=\"text-align: justify;\"><span style=\"font-size: 14pt;\">Seg\u00fan <strong>Renouvier<\/strong>, no estar\u00eda mal que el culpable sufriese el efecto de su m\u00e1xima erigida en regla general; lo que es irrealizable es la equivalencia matem\u00e1tica que el <em>tali\u00f3n <\/em>presupone entre la pena y el delito. <\/span><\/p>\n<p style=\"text-align: justify;\"><span style=\"font-size: 14pt;\">Pero responderemos que si esta equivalencia fuese realizable, el <em>tali\u00f3n <\/em>no ser\u00eda por ello m\u00e1s justo, porque, diga lo que quiera <strong>Renouvier<\/strong>, no podemos erigir en ley general la m\u00e1xima y la intenci\u00f3n moral del que ha provocado el <em>tali\u00f3n<\/em>, no podemos tampoco erigir en ley general la m\u00e1xima de la venganza, que devuelve los golpes recibidos; no podr\u00edamos generalizar m\u00e1s que el mal f\u00edsico y el efecto doloroso, pero la generalizaci\u00f3n de un mal es moralmente, en s\u00ed misma, un mal; no quedan, pues, m\u00e1s que razones personales o sociales, de defensa, de precauci\u00f3n o de utilidad.<\/span><\/p>\n<p style=\"text-align: justify;\"><span style=\"font-size: 14pt;\">De acuerdo con <strong>Renouvier<\/strong>, el <em>tali\u00f3n<\/em>, una vez purificado, puede expresarse en esta f\u00f3rmula que declara aceptable: Todo el que haya violado la libertad ajena, ha merecido sufrir en la suya. Pero esta f\u00f3rmula misma, es, de acuerdo a nosotros, inadmisible desde el punto de vista de la generalizaci\u00f3n <em>kantiana<\/em> de las intenciones. <\/span><\/p>\n<p style=\"text-align: justify;\"><span style=\"font-size: 14pt;\"><strong>De ninguna forma se debe hacer sufrir al culpable ni restringir su libertad por el hecho de que, en el pasado, haya violado la libertad ajena, sino porque es capaz de violarla nuevamente<\/strong>; no se puede, pues, decir de ning\u00fan acto pasado que merezca pena, y la pena s\u00f3lo se justifica como previsi\u00f3n contra actos semejantes en el futuro; no se aplica a las realidades, sino a simples posibilidades que se esfuerza por modificar. <\/span><\/p>\n<p style=\"text-align: justify;\"><span style=\"font-size: 14pt;\">Si el culpable se exilase libremente en una isla desierta de la que el retorno le fuera imposible, la sociedad humana (<em>y, en general, toda sociedad de seres morales<\/em>), se encontrar\u00eda desarmada contra \u00e9l; ninguna ley moral podr\u00eda exigir que sufriese en su libertad por haber violado la de los otros.<\/span><\/p>\n<\/blockquote>\n<p style=\"text-align: center;\">\u00a0<\/p>\n<figure id=\"attachment_25118\" aria-describedby=\"caption-attachment-25118\" style=\"width: 260px\" class=\"wp-caption aligncenter\"><img loading=\"lazy\" decoding=\"async\" class=\"wp-image-25118\" src=\"https:\/\/puntocritico.com\/ausajpuntocritico\/wp-content\/uploads\/2019\/12\/Statue_Nemesis_Louvre_Ma4873-OK.jpg\" alt=\"\" width=\"260\" height=\"599\" data-id=\"25118\" srcset=\"https:\/\/puntocritico.com\/ausajpuntocritico\/wp-content\/uploads\/2019\/12\/Statue_Nemesis_Louvre_Ma4873-OK.jpg 1800w, https:\/\/puntocritico.com\/ausajpuntocritico\/wp-content\/uploads\/2019\/12\/Statue_Nemesis_Louvre_Ma4873-OK-130x300.jpg 130w, https:\/\/puntocritico.com\/ausajpuntocritico\/wp-content\/uploads\/2019\/12\/Statue_Nemesis_Louvre_Ma4873-OK-768x1771.jpg 768w, https:\/\/puntocritico.com\/ausajpuntocritico\/wp-content\/uploads\/2019\/12\/Statue_Nemesis_Louvre_Ma4873-OK-444x1024.jpg 444w\" sizes=\"auto, (max-width: 260px) 100vw, 260px\" \/><figcaption id=\"caption-attachment-25118\" class=\"wp-caption-text\"><span style=\"color: #008000;\">N\u00e9mesis (Louvre)<\/span><\/figcaption><\/figure>\n<p style=\"text-align: left;\">\u00a0<\/p>\n<p>&nbsp;<\/p>\n<p><a href=\"https:\/\/puntocritico.com\/ausajpuntocritico\/author\/punto-critico\/\" target=\"_blank\" rel=\"noopener\" data-schema-attribute=\"\"><img loading=\"lazy\" decoding=\"async\" class=\"aligncenter wp-image-9528\" src=\"https:\/\/puntocritico.com\/ausajpuntocritico\/wp-content\/uploads\/2018\/03\/Mosca_Punto_Cr\u00edtico_40.png\" alt=\"\" width=\"80\" height=\"80\" data-id=\"9528\" \/><\/a><\/p>\n<p>&nbsp;<\/p>\n","protected":false},"excerpt":{"rendered":"<div class=\"mh-excerpt\"><p>\u00a0Sanci\u00f3n moral y justicia distributiva INDICE de CAPITULOS\u00a0 \u00abESBOZOS DE UNA MORAL SIN SANCI\u00f3N NI OBLIGACI\u00f3N\u00bb, J. M. Guyau &nbsp; *** Esbozos de una moral sin sanci\u00f3n ni obligaci\u00f3n Jean-Marie Guyau PARTE 12 Libro Tercero <a class=\"mh-excerpt-more\" href=\"https:\/\/puntocritico.com\/ausajpuntocritico\/2025\/11\/16\/sancion-moral-y-justicia-distributiva-guyau-parte-12\/\" title=\"SANCI\u00d3N MORAL Y JUSTICIA DISTRIBUTIVA (\u00abEsbozos de una moral sin sanci\u00f3n ni obligaci\u00f3n, de Jean-Marie Guyau\u00bb), PARTE 12\">[&#8230;]<\/a><\/p>\n<\/div>","protected":false},"author":3,"featured_media":25130,"comment_status":"closed","ping_status":"closed","sticky":false,"template":"","format":"standard","meta":{"_acf_changed":false,"_exactmetrics_skip_tracking":false,"_exactmetrics_sitenote_active":false,"_exactmetrics_sitenote_note":"","_exactmetrics_sitenote_category":0,"footnotes":""},"categories":[8],"tags":[],"class_list":{"0":"post-2314049","1":"post","2":"type-post","3":"status-publish","4":"format-standard","5":"has-post-thumbnail","7":"category-filosofia"},"acf":[],"_links":{"self":[{"href":"https:\/\/puntocritico.com\/ausajpuntocritico\/wp-json\/wp\/v2\/posts\/2314049","targetHints":{"allow":["GET"]}}],"collection":[{"href":"https:\/\/puntocritico.com\/ausajpuntocritico\/wp-json\/wp\/v2\/posts"}],"about":[{"href":"https:\/\/puntocritico.com\/ausajpuntocritico\/wp-json\/wp\/v2\/types\/post"}],"author":[{"embeddable":true,"href":"https:\/\/puntocritico.com\/ausajpuntocritico\/wp-json\/wp\/v2\/users\/3"}],"replies":[{"embeddable":true,"href":"https:\/\/puntocritico.com\/ausajpuntocritico\/wp-json\/wp\/v2\/comments?post=2314049"}],"version-history":[{"count":0,"href":"https:\/\/puntocritico.com\/ausajpuntocritico\/wp-json\/wp\/v2\/posts\/2314049\/revisions"}],"wp:featuredmedia":[{"embeddable":true,"href":"https:\/\/puntocritico.com\/ausajpuntocritico\/wp-json\/wp\/v2\/media\/25130"}],"wp:attachment":[{"href":"https:\/\/puntocritico.com\/ausajpuntocritico\/wp-json\/wp\/v2\/media?parent=2314049"}],"wp:term":[{"taxonomy":"category","embeddable":true,"href":"https:\/\/puntocritico.com\/ausajpuntocritico\/wp-json\/wp\/v2\/categories?post=2314049"},{"taxonomy":"post_tag","embeddable":true,"href":"https:\/\/puntocritico.com\/ausajpuntocritico\/wp-json\/wp\/v2\/tags?post=2314049"}],"curies":[{"name":"wp","href":"https:\/\/api.w.org\/{rel}","templated":true}]}}