{"id":2313920,"date":"2025-11-10T00:05:43","date_gmt":"2025-11-09T23:05:43","guid":{"rendered":"https:\/\/puntocritico.com\/ausajpuntocritico\/?p=2313920"},"modified":"2025-11-09T15:41:45","modified_gmt":"2025-11-09T14:41:45","slug":"diogenes-heraclito-y-hesiodo-por-joaquin-callabed","status":"publish","type":"post","link":"https:\/\/puntocritico.com\/ausajpuntocritico\/2025\/11\/10\/diogenes-heraclito-y-hesiodo-por-joaquin-callabed\/","title":{"rendered":"DI\u00d3GENES (\u00abLas ense\u00f1anzas de la escuela c\u00ednica\u00bb) y HER\u00c1CLITO (\u00abHer\u00e1clito de \u00c9feso y el fuego\u00bb), por Joaqu\u00edn Callabed"},"content":{"rendered":"<p style=\"text-align: justify;\"><span style=\"color: #008000; font-size: 14pt;\">DI\u00d3GENES Y HER\u00c1CLITO\u00a0<\/span><\/p>\n\n<p>&nbsp;<\/p>\n<div class=\"article-top-titles\">\n<div class=\"title-container\">\n<h2 class=\"title\" style=\"text-align: center;\"><span style=\"font-size: 24pt;\">Las ense\u00f1anzas de la escuela c\u00ednica<\/span><\/h2>\n<\/div>\n<\/div>\n<div class=\"epigraph-container\" data-gtm-element-container=\"modulo-texto-link\" data-mrf-recirculation=\"Ep\u00edgrafe noticia\">\n<p class=\"epigraph\" style=\"text-align: center;\"><em><strong><span style=\"font-size: 14pt;\">Los fil\u00f3sofos c\u00ednicos como\u00a0Di\u00f3genes reinterpretaron la doctrina socr\u00e1tica considerando que la civilizaci\u00f3n y su forma de vida eran un mal y que la felicidad ven\u00eda dada por una vivencia simple y acorde con la naturaleza<\/span><\/strong><\/em><\/p>\n<\/div>\n<div class=\"article-media-main\" style=\"text-align: justify;\"><span style=\"font-size: 14pt;\">Por Joaqu\u00edn Callabed<\/span><\/div>\n<div style=\"text-align: justify;\"><span style=\"font-size: 14pt;\"><a href=\"https:\/\/www.lavanguardia.com\/participacion\/red-lectores\/20240613\/9725470\/ensenanzas-escuela-cinica.html\" target=\"_blank\" rel=\"noopener\">La Vanguardia<\/a>, 13 JUNIO 2024<\/span><\/div>\n<div>\u00a0<\/div>\n<figure id=\"attachment_2312713\" aria-describedby=\"caption-attachment-2312713\" style=\"width: 480px\" class=\"wp-caption aligncenter\"><img loading=\"lazy\" decoding=\"async\" class=\"wp-image-2312713\" src=\"https:\/\/puntocritico.com\/ausajpuntocritico\/wp-content\/uploads\/2025\/11\/Diogenes-sentado-en-su-tinaja-Jean-Leon-Gerome-1860-300x147.jpeg\" alt=\"DI\u00d3GENES Y HER\u00c1CLITO\u00a0\" width=\"480\" height=\"235\" srcset=\"https:\/\/puntocritico.com\/ausajpuntocritico\/wp-content\/uploads\/2025\/11\/Diogenes-sentado-en-su-tinaja-Jean-Leon-Gerome-1860-300x147.jpeg 300w, https:\/\/puntocritico.com\/ausajpuntocritico\/wp-content\/uploads\/2025\/11\/Diogenes-sentado-en-su-tinaja-Jean-Leon-Gerome-1860-768x375.jpeg 768w, https:\/\/puntocritico.com\/ausajpuntocritico\/wp-content\/uploads\/2025\/11\/Diogenes-sentado-en-su-tinaja-Jean-Leon-Gerome-1860.jpeg 990w\" sizes=\"auto, (max-width: 480px) 100vw, 480px\" \/><figcaption id=\"caption-attachment-2312713\" class=\"wp-caption-text\"><span style=\"color: #008000;\">Di\u00f3genes sentado en su tinaja. Jean-L\u00e9on G\u00e9r\u00f4me (1860).<\/span><\/figcaption><\/figure>\n<p style=\"text-align: justify;\">\u00a0<\/p>\n<p class=\"paragraph\" style=\"text-align: justify;\" data-gtm-element-container=\"modulo-texto-link\" data-mrf-recirculation=\"Enlaces en p\u00e1rrafos\"><span style=\"font-size: 14pt;\"><strong>Di\u00f3genes<\/strong> naci\u00f3 en <em>Sinope<\/em> (<em>Asia Menor<\/em>) hacia 412 a. C. y muri\u00f3 en <em>Corinto<\/em> en el a\u00f1o 323 a. C. Fue disc\u00edpulo de <strong>Ant\u00edstenes<\/strong>.<\/span><\/p>\n<p class=\"paragraph\" style=\"text-align: justify;\" data-gtm-element-container=\"modulo-texto-link\" data-mrf-recirculation=\"Enlaces en p\u00e1rrafos\"><span style=\"font-size: 14pt;\"><img loading=\"lazy\" decoding=\"async\" class=\"alignleft wp-image-2314225\" src=\"https:\/\/puntocritico.com\/ausajpuntocritico\/wp-content\/uploads\/2025\/11\/Diogenes-statue-Sinop-enhanced-225x300.jpg\" alt=\"\" width=\"280\" height=\"373\" srcset=\"https:\/\/puntocritico.com\/ausajpuntocritico\/wp-content\/uploads\/2025\/11\/Diogenes-statue-Sinop-enhanced-225x300.jpg 225w, https:\/\/puntocritico.com\/ausajpuntocritico\/wp-content\/uploads\/2025\/11\/Diogenes-statue-Sinop-enhanced.jpg 720w\" sizes=\"auto, (max-width: 280px) 100vw, 280px\" \/>Fue <strong>desterrado<\/strong> de su localidad. Forzado por estas circunstancias, deambul\u00f3 por <em>Esparta<\/em>, <em>Corinto<\/em> y <em>Atenas<\/em>. Y en esta ciudad frecuent\u00f3 el <em>Gimnasio<\/em> de <strong>Cinosarges<\/strong> y se hizo disc\u00edpulo de <strong>Ant\u00edstenes<\/strong>.<\/span><\/p>\n<p class=\"paragraph\" style=\"text-align: justify;\" data-gtm-element-container=\"modulo-texto-link\" data-mrf-recirculation=\"Enlaces en p\u00e1rrafos\"><span style=\"font-size: 14pt;\">Opt\u00f3 por llevar una <strong>vida austera <\/strong>y <strong>adopt\u00f3 la indumentaria c\u00ednica<\/strong>, como su maestro. Se proclam\u00f3 <strong>cosmopolita<\/strong>, que no es el concepto de viajero interesado en otras culturas, sino una reacci\u00f3n contra cualquier coerci\u00f3n impuesta por la comunidad contra el individuo.<\/span><\/p>\n<p class=\"paragraph\" style=\"text-align: justify;\" data-gtm-element-container=\"modulo-texto-link\" data-mrf-recirculation=\"Enlaces en p\u00e1rrafos\"><span style=\"font-size: 14pt;\"><strong>Estos fil\u00f3sofos aspiraban a identificarse con la figura del perro, por la sencillez y espontaneidad de la vida canina<\/strong>. Usaban barba, llevaban <em>tabardo de estame\u00f1a<\/em> (<em>el trib\u00f3n ya usado por <strong>S\u00f3crates<\/strong><\/em>), alforja y cayado, practicaban juegos de palabras a manera de metodolog\u00eda: a aquellos que propon\u00edan ideas y teor\u00edas incomprensibles, ellos pon\u00edan el gesto, el humor y la iron\u00eda.<\/span><\/p>\n<p class=\"paragraph\" style=\"text-align: justify;\" data-gtm-element-container=\"modulo-texto-link\" data-mrf-recirculation=\"Enlaces en p\u00e1rrafos\"><span style=\"font-size: 14pt;\"><strong>Crates<\/strong>, disc\u00edpulo predilecto de <strong>Di\u00f3genes<\/strong>, que proced\u00eda\u00a0de <em>Tebas<\/em>, dej\u00f3 escritas unas hermosas palabras:<\/span><\/p>\n<blockquote>\n<p class=\"paragraph\" style=\"text-align: justify;\" data-gtm-element-container=\"modulo-texto-link\" data-mrf-recirculation=\"Enlaces en p\u00e1rrafos\"><strong><span style=\"font-size: 14pt; color: #008000;\"><i>\u201cMi patria es mi peque\u00f1ez y mi pobreza, a las cuales ning\u00fan cambio de fortuna les puede afectar, mi ciudad es la de Di\u00f3genes, a quien la envidia nunca quiso acecharme\u201d.<\/i><\/span><\/strong><\/p>\n<\/blockquote>\n<p style=\"text-align: justify;\" data-gtm-element-container=\"modulo-texto-link\" data-mrf-recirculation=\"Enlaces en p\u00e1rrafos\">\u00a0<\/p>\n<p class=\"paragraph\" style=\"text-align: justify;\" data-gtm-element-container=\"modulo-texto-link\" data-mrf-recirculation=\"Enlaces en p\u00e1rrafos\"><span style=\"font-size: 14pt;\"><strong>Los fil\u00f3sofos c\u00ednicos reinterpretaron la doctrina socr\u00e1tica considerando que la civilizaci\u00f3n y su forma de vida eran un mal y que la felicidad ven\u00eda dada siguiendo una vida simple y acorde con la naturaleza<\/strong>. El hombre llevaba ya en s\u00ed mismo los elementos para <strong>ser feliz y conquistar su autonom\u00eda<\/strong>; era de hecho el verdadero bien. El hombre con menos necesidades era el m\u00e1s libre y el m\u00e1s feliz.<\/span><\/p>\n<p data-gtm-element-container=\"modulo-texto-link\" data-mrf-recirculation=\"Enlaces en p\u00e1rrafos\">\u00a0<\/p>\n<blockquote>\n<p style=\"text-align: center;\" data-gtm-element-container=\"modulo-texto-link\" data-mrf-recirculation=\"Enlaces en p\u00e1rrafos\"><strong><span style=\"font-size: 14pt; color: #008000;\">El hombre con menos necesidades era el m\u00e1s libre y el m\u00e1s feliz<\/span><\/strong><\/p>\n<\/blockquote>\n<p data-gtm-element-container=\"modulo-texto-link\" data-mrf-recirculation=\"Enlaces en p\u00e1rrafos\">\u00a0<\/p>\n<p class=\"paragraph\" style=\"text-align: justify;\" data-gtm-element-container=\"modulo-texto-link\" data-mrf-recirculation=\"Enlaces en p\u00e1rrafos\"><span style=\"font-size: 14pt;\"><strong>Los c\u00ednicos fueron famosos por sus excentricidades y por la composici\u00f3n de numerosas s\u00e1tiras o diatribas contra la corrupci\u00f3n de las costumbres y los vicios de la sociedad griega de su tiempo<\/strong>, practicando una actitud muchas veces irreverente. Ciertos aspectos de la moral c\u00ednica c\u00ednica influyeron en el <a href=\"https:\/\/puntocritico.com\/ausajpuntocritico\/2020\/03\/12\/estoicos\/\" target=\"_blank\" rel=\"noopener\" data-schema-attribute=\"\"><strong><em>Estoicismo<\/em><\/strong><\/a>.<\/span><\/p>\n<p data-gtm-element-container=\"modulo-texto-link\" data-mrf-recirculation=\"Enlaces en p\u00e1rrafos\">\u00a0<\/p>\n<p data-gtm-element-container=\"modulo-texto-link\" data-mrf-recirculation=\"Enlaces en p\u00e1rrafos\"><img loading=\"lazy\" decoding=\"async\" class=\"aligncenter wp-image-2314224\" src=\"https:\/\/puntocritico.com\/ausajpuntocritico\/wp-content\/uploads\/2025\/11\/Diogenes-paint.jpg\" alt=\"\" width=\"400\" height=\"264\" \/><\/p>\n<p data-gtm-element-container=\"modulo-texto-link\" data-mrf-recirculation=\"Enlaces en p\u00e1rrafos\">\u00a0<\/p>\n<h3 class=\"subtitle\" style=\"text-align: center;\"><span style=\"font-size: 18pt;\">Teor\u00edas de Ant\u00edstenes<\/span><\/h3>\n<p class=\"paragraph\" style=\"text-align: justify;\" data-gtm-element-container=\"modulo-texto-link\" data-mrf-recirculation=\"Enlaces en p\u00e1rrafos\"><span style=\"font-size: 14pt;\"><strong>Di\u00f3genes<\/strong>, desde sus comienzos en <em>Atenas<\/em>, mostr\u00f3 un car\u00e1cter apasionado y puso en pr\u00e1ctica de una manera radical las teor\u00edas de su maestro <strong>Ant\u00edstenes<\/strong>.<\/span><\/p>\n<blockquote>\n<p style=\"text-align: justify;\"><span style=\"color: #008000;\"><strong><span style=\"font-size: 14pt;\">1. Lleva al extremo la libertad de palabra, su dedicaci\u00f3n es criticar y denunciar todo aquello que limita al hombre, en particular las instituciones.<\/span><\/strong><\/span><\/p>\n<p style=\"text-align: justify;\"><span style=\"color: #008000;\"><strong><span style=\"font-size: 14pt;\">2. Propone una nueva valoraci\u00f3n frente a lo tradicional y se enfrenta constantemente a las normas sociales.<\/span><\/strong><\/span><\/p>\n<p style=\"text-align: justify;\"><span style=\"color: #008000;\"><strong><span style=\"font-size: 14pt;\">3. Se considera cosmopolita, es decir, ciudadano del mundo, en cualquier parte se encuentra el c\u00ednico como en su casa y reconoce esto mismo en los dem\u00e1s, por tanto el mundo es de todos.<\/span><\/strong><\/span><\/p>\n<p style=\"text-align: justify;\"><span style=\"color: #008000;\"><strong><span style=\"font-size: 14pt;\">4. Recomienda el entrenamiento para adquirir la \u201c<em>aret\u00e9<\/em>\u201d (<em>excelencia<\/em>) ejercitarse tanto f\u00edsica como mentalmente, para endurecerse y llegar a la impasibilidad y a la autosuficiencia. La independencia se consigue con el esfuerzo.<\/span><\/strong><\/span><\/p>\n<\/blockquote>\n<p style=\"text-align: justify;\" data-gtm-element-container=\"modulo-texto-link\" data-mrf-recirculation=\"Enlaces en p\u00e1rrafos\">\u00a0<\/p>\n<p class=\"paragraph\" style=\"text-align: justify;\" data-gtm-element-container=\"modulo-texto-link\" data-mrf-recirculation=\"Enlaces en p\u00e1rrafos\"><span style=\"font-size: 14pt;\">La leyenda cuenta que se deshizo de todo lo que no era indispensable, incluso abandon\u00f3 su escudilla cuando vio que un muchacho beb\u00eda agua en el hueco de las manos.<\/span><\/p>\n<p class=\"paragraph\" style=\"text-align: justify;\" data-gtm-element-container=\"modulo-texto-link\" data-mrf-recirculation=\"Enlaces en p\u00e1rrafos\"><span style=\"font-size: 14pt;\"><strong>Di\u00f3genes<\/strong> radicaliz\u00f3 la cr\u00edtica de su maestro <strong>Ant\u00edstenes<\/strong> a los convencionalismos sociales, oponi\u00e9ndose a los refinamientos de la civilizaci\u00f3n hel\u00e9nica.<\/span><\/p>\n<p style=\"text-align: justify;\" data-gtm-element-container=\"modulo-texto-link\" data-mrf-recirculation=\"Enlaces en p\u00e1rrafos\">\u00a0<\/p>\n<figure id=\"attachment_2312714\" aria-describedby=\"caption-attachment-2312714\" style=\"width: 300px\" class=\"wp-caption aligncenter\"><img loading=\"lazy\" decoding=\"async\" class=\"wp-image-2312714\" src=\"https:\/\/puntocritico.com\/ausajpuntocritico\/wp-content\/uploads\/2025\/11\/Diogenes-1882-por-John-William-Waterhouse-192x300.jpeg\" alt=\"\" width=\"300\" height=\"469\" srcset=\"https:\/\/puntocritico.com\/ausajpuntocritico\/wp-content\/uploads\/2025\/11\/Diogenes-1882-por-John-William-Waterhouse-192x300.jpeg 192w, https:\/\/puntocritico.com\/ausajpuntocritico\/wp-content\/uploads\/2025\/11\/Diogenes-1882-por-John-William-Waterhouse.jpeg 566w\" sizes=\"auto, (max-width: 300px) 100vw, 300px\" \/><figcaption id=\"caption-attachment-2312714\" class=\"wp-caption-text\"><span style=\"color: #008000;\">Di\u00f3genes (1882) por John William Waterhouse<\/span><\/figcaption><\/figure>\n<p>&nbsp;<\/p>\n<h3 class=\"subtitle\" style=\"text-align: center;\"><span style=\"font-size: 18pt;\">Ideas atribuidas a Di\u00f3genes<\/span><\/h3>\n<blockquote>\n<p style=\"text-align: center;\"><span style=\"font-size: 14pt;\"><strong><span style=\"color: #008000;\">1 \u00bfDe qu\u00e9 sirve un fil\u00f3sofo que no hiere los sentimientos\u00a0de nadie?<\/span><\/strong><\/span><\/p>\n<p style=\"text-align: center;\"><span style=\"font-size: 14pt;\"><strong><span style=\"color: #008000;\">2. Un pensamiento original vale mil citas insignificantes.<\/span><\/strong><\/span><\/p>\n<p style=\"text-align: center;\"><span style=\"font-size: 14pt;\"><strong><span style=\"color: #008000;\">3. Los grandes son como el fuego, al que conviene no\u00a0acercarse mucho ni alejarse de \u00e9l.<\/span><\/strong><\/span><\/p>\n<p style=\"text-align: center;\"><span style=\"font-size: 14pt;\"><strong><span style=\"color: #008000;\">4. Si t\u00fa aprendieras a comer lentejas no tendr\u00edas que ser\u00a0sumiso y adular tanto al emperador.<\/span><\/strong><\/span><\/p>\n<p style=\"text-align: center;\"><span style=\"font-size: 14pt;\"><strong><span style=\"color: #008000;\">5. El fundamento de cada Estado es la educaci\u00f3n de sus\u00a0j\u00f3venes.<\/span><\/strong><\/span><\/p>\n<p style=\"text-align: center;\"><span style=\"font-size: 14pt;\"><strong><span style=\"color: #008000;\">6. La sabidur\u00eda sirve de freno a la juventud, de consuelo a\u00a0los viejos, de riqueza a los pobres y de adorno a los ricos.<\/span><\/strong><\/span><\/p>\n<p style=\"text-align: center;\"><span style=\"font-size: 14pt;\"><strong><span style=\"color: #008000;\">7. Gente mucha, personas pocas.<\/span><\/strong><\/span><\/p>\n<p style=\"text-align: center;\"><span style=\"font-size: 14pt;\"><strong><span style=\"color: #008000;\">8. El \u00fanico medio para que el hombre conserve su libertad\u00a0es estar siempre dispuesto a morir por ella.<\/span><\/strong><\/span><\/p>\n<p style=\"text-align: center;\"><span style=\"font-size: 14pt;\"><strong><span style=\"color: #008000;\">9. El insulto deshonra a quien lo infiere, no a quien lo\u00a0recibe.<\/span><\/strong><\/span><\/p>\n<p style=\"text-align: center;\"><span style=\"font-size: 14pt;\"><strong><span style=\"color: #008000;\">10. El \u00fanico bien es el conocimiento, y el \u00fanico mal la\u00a0ignorancia.<\/span><\/strong><\/span><\/p>\n<p style=\"text-align: center;\"><span style=\"font-size: 14pt;\"><strong><span style=\"color: #008000;\">11. Cuando estoy entre locos, me hago el loco.<\/span><\/strong><\/span><\/p>\n<p style=\"text-align: center;\"><span style=\"font-size: 14pt;\"><strong><span style=\"color: #008000;\">12. Probablemente los asnos se r\u00edan de ti, pero no te\u00a0importa. As\u00ed, a m\u00ed no me importa que los dem\u00e1s se r\u00edan de\u00a0m\u00ed.<\/span><\/strong><\/span><\/p>\n<\/blockquote>\n<p>&nbsp;<\/p>\n<figure id=\"attachment_2312715\" aria-describedby=\"caption-attachment-2312715\" style=\"width: 566px\" class=\"wp-caption aligncenter\"><img loading=\"lazy\" decoding=\"async\" class=\"wp-image-2312715 size-full\" src=\"https:\/\/puntocritico.com\/ausajpuntocritico\/wp-content\/uploads\/2025\/11\/Diogenes-buscando-a-un-hombre.jpeg\" alt=\"\" width=\"566\" height=\"376\" srcset=\"https:\/\/puntocritico.com\/ausajpuntocritico\/wp-content\/uploads\/2025\/11\/Diogenes-buscando-a-un-hombre.jpeg 566w, https:\/\/puntocritico.com\/ausajpuntocritico\/wp-content\/uploads\/2025\/11\/Diogenes-buscando-a-un-hombre-300x199.jpeg 300w\" sizes=\"auto, (max-width: 566px) 100vw, 566px\" \/><figcaption id=\"caption-attachment-2312715\" class=\"wp-caption-text\"><span style=\"color: #008000;\">Di\u00f3genes buscando a un hombre, de G. B. C. Castiglione (ca. 1645 &#8211; 1655), en el Museo del Prado.<\/span><\/figcaption><\/figure>\n<p>&nbsp;<\/p>\n<h3 class=\"subtitle\" style=\"text-align: center;\"><span style=\"font-size: 18pt;\">El cinismo antiguo y el moderno<\/span><\/h3>\n<p class=\"paragraph\" style=\"text-align: justify;\" data-gtm-element-container=\"modulo-texto-link\" data-mrf-recirculation=\"Enlaces en p\u00e1rrafos\"><span style=\"font-size: 14pt;\">Con el tiempo, el concepto de cinismo fue mutando, y hoy se asocia a la tendencia a no creer en la sinceridad o bondad humana, ni en sus motivaciones ni en sus acciones, as\u00ed como una tendencia a expresar esta actitud mediante la iron\u00eda, el sarcasmo y la burla.<\/span><\/p>\n<p class=\"paragraph\" style=\"text-align: justify;\" data-gtm-element-container=\"modulo-texto-link\" data-mrf-recirculation=\"Enlaces en p\u00e1rrafos\"><span style=\"font-size: 14pt;\">Casi 2000 a\u00f1os despu\u00e9s de que ciertos fil\u00f3sofos griegos hubieran abrazado el cinismo cl\u00e1sico, en el siglo XVII y XVIII<img loading=\"lazy\" decoding=\"async\" class=\"alignright wp-image-2314223\" src=\"https:\/\/puntocritico.com\/ausajpuntocritico\/wp-content\/uploads\/2025\/11\/diogenes-550x807-1-204x300.jpg\" alt=\"\" width=\"260\" height=\"381\" srcset=\"https:\/\/puntocritico.com\/ausajpuntocritico\/wp-content\/uploads\/2025\/11\/diogenes-550x807-1-204x300.jpg 204w, https:\/\/puntocritico.com\/ausajpuntocritico\/wp-content\/uploads\/2025\/11\/diogenes-550x807-1.jpg 550w\" sizes=\"auto, (max-width: 260px) 100vw, 260px\" \/> escritores como <a href=\"https:\/\/puntocritico.com\/ausajpuntocritico\/2022\/06\/16\/camilo-jose-cela-y-el-plagio-el-plagio-del-siglo-del-que-esta-prohibido-hablar-parte-5-teatro-dentro-del-teatro-el-asesinato-de-gonzago-la-ratonera-hamlet-por-william-shakespeare\/\" target=\"_blank\" rel=\"noopener\" data-schema-attribute=\"\"><strong>Shakespeare<\/strong><\/a>, <a href=\"https:\/\/puntocritico.com\/ausajpuntocritico\/2020\/08\/25\/el-arte-de-la-mentira-politica-por-jonathan-swift-parte-i\/\" target=\"_blank\" rel=\"noopener\" data-schema-attribute=\"\"><strong>Swift<\/strong><\/a> y <a href=\"https:\/\/puntocritico.com\/ausajpuntocritico\/tag\/voltaire\/\" target=\"_blank\" rel=\"noopener\" data-schema-attribute=\"\"><strong>Voltaire<\/strong><\/a>, siguiendo las tradiciones de <strong>Chaucer<\/strong> y <a href=\"https:\/\/puntocritico.com\/ausajpuntocritico\/2023\/10\/22\/calamandrei-de-la-predileccion-de-abogados-y-jueces-por-las-cuestiones-de-derecho-o-por-las-de-hecho\/\" target=\"_blank\" rel=\"noopener\" data-schema-attribute=\"\"><strong>Rabelais<\/strong><\/a>, utilizan la iron\u00eda, el sarcasmo y la s\u00e1tira para ridiculizar la conducta humana y reactivar el cinismo.\u00a0<\/span><\/p>\n<p class=\"paragraph\" style=\"text-align: justify;\" data-gtm-element-container=\"modulo-texto-link\" data-mrf-recirculation=\"Enlaces en p\u00e1rrafos\"><span style=\"font-size: 14pt;\">En el aspecto literario, figuras del siglo XIX y XX como <a href=\"https:\/\/puntocritico.com\/ausajpuntocritico\/2024\/11\/04\/espana-nihilismo-de-estado\/\" target=\"_blank\" rel=\"noopener\" data-schema-attribute=\"\"><strong>Oscar Wilde <\/strong><\/a>y <a href=\"https:\/\/puntocritico.com\/ausajpuntocritico\/2023\/07\/23\/mark-twain-autobiografia\/\" target=\"_blank\" rel=\"noopener\" data-schema-attribute=\"\"><strong>Mark Twain<\/strong><\/a>, utilizaron el cinismo como forma de comunicar sus opiniones.\u00a0<\/span><\/p>\n<p class=\"paragraph\" style=\"text-align: justify;\" data-gtm-element-container=\"modulo-texto-link\" data-mrf-recirculation=\"Enlaces en p\u00e1rrafos\"><span style=\"font-size: 14pt;\">En 1930, <a href=\"https:\/\/puntocritico.com\/ausajpuntocritico\/2023\/05\/01\/causas-de-la-felicidad-bertrand-russell-1930\/\" target=\"_blank\" rel=\"noopener\" data-schema-attribute=\"\"><strong>Bertrand Russell<\/strong><\/a>, en el ensayo <i>Sobre el cinismo de la juventud<\/i>, pudo describir como el <em><strong>cinismo<\/strong> <\/em>hab\u00eda penetrado en las conciencias occidentales en masa, y puso acento especial en las <strong>\u00e1reas parcialmente influidas por el cinismo: la religi\u00f3n, la patria (<em>el patriotismo<\/em>), el progreso, la belleza y la verdad<\/strong>.<\/span><\/p>\n<p class=\"paragraph\" style=\"text-align: justify;\" data-gtm-element-container=\"modulo-texto-link\" data-mrf-recirculation=\"Enlaces en p\u00e1rrafos\"><span style=\"font-size: 14pt;\">Muchos fil\u00f3sofos modernos y contempor\u00e1neos han tenido una influencia notable del cinismo antiguo. En la filosof\u00eda de <a href=\"https:\/\/puntocritico.com\/ausajpuntocritico\/2025\/03\/07\/spinoza-y-rousseau-parte-1\/\" target=\"_blank\" rel=\"noopener\" data-schema-attribute=\"\"><strong>Rousseau<\/strong><\/a>, <a href=\"https:\/\/puntocritico.com\/ausajpuntocritico\/2022\/12\/29\/asi-hablo-zarathustra-por-friedrich-nietzsche-2\/\" target=\"_blank\" rel=\"noopener\" data-schema-attribute=\"\"><strong>Nietzsche<\/strong><\/a>, <strong>Onfray<\/strong> o <strong>Sloterdijk<\/strong> se puede notar un influjo del cinismo de <strong>Ant\u00edstenes<\/strong> y <strong>Di\u00f3genes<\/strong> muy marcado.<\/span><\/p>\n<p class=\"paragraph\" style=\"text-align: justify;\" data-gtm-element-container=\"modulo-texto-link\" data-mrf-recirculation=\"Enlaces en p\u00e1rrafos\"><span style=\"font-size: 14pt;\">De este modo, a trav\u00e9s de ellos perviven en el pensamiento posterior ideas y propuestas del cinismo antiguo, como preferir la naturaleza frente a la convenci\u00f3n, la necesidad de transformaci\u00f3n de los valores de la sociedad, la libertad de palabra o el valor de la autarqu\u00eda.<\/span><\/p>\n<p>&nbsp;<\/p>\n<figure id=\"attachment_2314222\" aria-describedby=\"caption-attachment-2314222\" style=\"width: 440px\" class=\"wp-caption aligncenter\"><img loading=\"lazy\" decoding=\"async\" class=\"wp-image-2314222\" src=\"https:\/\/puntocritico.com\/ausajpuntocritico\/wp-content\/uploads\/2025\/11\/Nicolas-Andre-Monsiau-Alexander-and-Diogenes-1818-300x246.jpg\" alt=\"\" width=\"440\" height=\"361\" srcset=\"https:\/\/puntocritico.com\/ausajpuntocritico\/wp-content\/uploads\/2025\/11\/Nicolas-Andre-Monsiau-Alexander-and-Diogenes-1818-300x246.jpg 300w, https:\/\/puntocritico.com\/ausajpuntocritico\/wp-content\/uploads\/2025\/11\/Nicolas-Andre-Monsiau-Alexander-and-Diogenes-1818-1024x841.jpg 1024w, https:\/\/puntocritico.com\/ausajpuntocritico\/wp-content\/uploads\/2025\/11\/Nicolas-Andre-Monsiau-Alexander-and-Diogenes-1818-768x631.jpg 768w, https:\/\/puntocritico.com\/ausajpuntocritico\/wp-content\/uploads\/2025\/11\/Nicolas-Andre-Monsiau-Alexander-and-Diogenes-1818.jpg 1260w\" sizes=\"auto, (max-width: 440px) 100vw, 440px\" \/><figcaption id=\"caption-attachment-2314222\" class=\"wp-caption-text\"><span style=\"color: #008000;\">Alexander and Diogenes, 1818 (Nicolas Andre Monsiau)<\/span><\/figcaption><\/figure>\n<p style=\"text-align: center;\"><span style=\"font-size: 18pt;\"><strong><span style=\"color: #008000;\">*******<\/span><\/strong><\/span><\/p>\n<div class=\"article-top-titles\">\n<div class=\"title-container\">\n<h2 class=\"title\" style=\"text-align: center;\"><span style=\"font-size: 24pt;\">Her\u00e1clito de \u00c9feso y el fuego<\/span><\/h2>\n<\/div>\n<\/div>\n<div class=\"epigraph-container\" data-gtm-element-container=\"modulo-texto-link\" data-mrf-recirculation=\"Ep\u00edgrafe noticia\">\n<p class=\"epigraph\" style=\"text-align: center;\"><strong><span style=\"font-size: 14pt;\"><em>Uno de los primeros fil\u00f3sofos presocr\u00e1ticos que trat\u00f3 de identificar la primera causa de creaci\u00f3n del mundo<\/em><\/span><\/strong><\/p>\n<\/div>\n<div class=\"article-media-main\" style=\"text-align: justify;\"><span style=\"font-size: 14pt;\">Por <a href=\"https:\/\/puntocritico.com\/ausajpuntocritico\/2024\/03\/29\/la-utilidad-del-racionalismo-de-spinoza-por-joaquin-callabed\/\" target=\"_blank\" rel=\"noopener\" data-schema-attribute=\"\">Joaqu\u00edn Callabed<\/a><\/span><\/div>\n<div>\u00a0<\/div>\n<div style=\"text-align: justify;\"><span style=\"font-size: 14pt;\"><a href=\"https:\/\/www.lavanguardia.com\/participacion\/red-lectores\/20250609\/10760663\/heraclito-efeso-fuego.html\" target=\"_blank\" rel=\"noopener\">La Vanguardia<\/a>, 09 JUNIO 2025<\/span><\/div>\n<div>\u00a0<\/div>\n<figure id=\"attachment_2312716\" aria-describedby=\"caption-attachment-2312716\" style=\"width: 555px\" class=\"wp-caption aligncenter\"><img loading=\"lazy\" decoding=\"async\" class=\"wp-image-2312716\" src=\"https:\/\/puntocritico.com\/ausajpuntocritico\/wp-content\/uploads\/2025\/11\/Heraclito-por-Hendrick-ter-Brugghen-1628-300x147.jpeg\" alt=\"\" width=\"555\" height=\"271\" srcset=\"https:\/\/puntocritico.com\/ausajpuntocritico\/wp-content\/uploads\/2025\/11\/Heraclito-por-Hendrick-ter-Brugghen-1628-300x147.jpeg 300w, https:\/\/puntocritico.com\/ausajpuntocritico\/wp-content\/uploads\/2025\/11\/Heraclito-por-Hendrick-ter-Brugghen-1628-768x375.jpeg 768w, https:\/\/puntocritico.com\/ausajpuntocritico\/wp-content\/uploads\/2025\/11\/Heraclito-por-Hendrick-ter-Brugghen-1628.jpeg 990w\" sizes=\"auto, (max-width: 555px) 100vw, 555px\" \/><figcaption id=\"caption-attachment-2312716\" class=\"wp-caption-text\"><span style=\"color: #008000;\">Her\u00e1clito, seg\u00fan el pintor Hendrick ter Brugghen (1628).<\/span><\/figcaption><\/figure>\n<p>&nbsp;<\/p>\n<p class=\"paragraph\" style=\"text-align: justify;\" data-gtm-element-container=\"modulo-texto-link\" data-mrf-recirculation=\"Enlaces en p\u00e1rrafos\"><span style=\"font-size: 14pt;\"><strong>Her\u00e1clito<\/strong> (c. 535 a. C.- c. 480 a. C.), fue un fil\u00f3sofo escritor y f\u00edsico griego <em><strong>presocr\u00e1tico<\/strong> <\/em>nativo de <em>\u00c9feso<\/em>, ciudad de <em>Jonia<\/em>, en la costa occidental del Asia Menor. Ciudad amada por <em><strong>Artemi<\/strong> <\/em>y su templo fue considerado una de las siete <img loading=\"lazy\" decoding=\"async\" class=\"alignleft wp-image-2314216\" src=\"https:\/\/puntocritico.com\/ausajpuntocritico\/wp-content\/uploads\/2025\/11\/Rubens-heraclito-prado.jpg\" alt=\"\" width=\"150\" height=\"425\" srcset=\"https:\/\/puntocritico.com\/ausajpuntocritico\/wp-content\/uploads\/2025\/11\/Rubens-heraclito-prado.jpg 250w, https:\/\/puntocritico.com\/ausajpuntocritico\/wp-content\/uploads\/2025\/11\/Rubens-heraclito-prado-106x300.jpg 106w\" sizes=\"auto, (max-width: 150px) 100vw, 150px\" \/>maravillas del mundo.<\/span><\/p>\n<p class=\"paragraph\" style=\"text-align: justify;\" data-gtm-element-container=\"modulo-texto-link\" data-mrf-recirculation=\"Enlaces en p\u00e1rrafos\"><span style=\"font-size: 14pt;\">La fuente principal de la vida de <strong>Her\u00e1clito<\/strong> nos llega a trav\u00e9s del historiador <strong>Di\u00f3genes Laercio<\/strong> en su obra\u00a0<i>Vidas, opiniones y sentencias de los fil\u00f3sofos m\u00e1s ilustres<\/i>.<\/span><\/p>\n<p class=\"paragraph\" style=\"text-align: justify;\" data-gtm-element-container=\"modulo-texto-link\" data-mrf-recirculation=\"Enlaces en p\u00e1rrafos\"><span style=\"font-size: 14pt;\"><strong>Fue uno de los primeros fil\u00f3sofos presocr\u00e1ticos que trat\u00f3 de identificar la primera causa de la creaci\u00f3n del mundo<\/strong>. <\/span><\/p>\n<p class=\"paragraph\" style=\"text-align: justify;\" data-gtm-element-container=\"modulo-texto-link\" data-mrf-recirculation=\"Enlaces en p\u00e1rrafos\"><span style=\"font-size: 14pt;\">Rechaz\u00f3 anteriores opiniones como la de <strong>Tales<\/strong> que consideraba que era el agua, o la de <strong>Anaximandro<\/strong> que consideraba que era el aire. <strong>Anax\u00edmenes<\/strong> opin\u00f3 que era el aire. Consider\u00f3 <strong>Her\u00e1clito<\/strong> que el fuego es la causa primera.<\/span><\/p>\n<p class=\"paragraph\" style=\"text-align: justify;\" data-gtm-element-container=\"modulo-texto-link\" data-mrf-recirculation=\"Enlaces en p\u00e1rrafos\"><span style=\"font-size: 14pt;\"><strong>Naci\u00f3 en el seno de una familia arist\u00f3crata, pero evit\u00f3 su posible proyecci\u00f3n pol\u00edtica y social convirti\u00e9ndose en un fil\u00f3sofo ermita\u00f1o autodidacta<\/strong>. <\/span><\/p>\n<p class=\"paragraph\" style=\"text-align: justify;\" data-gtm-element-container=\"modulo-texto-link\" data-mrf-recirculation=\"Enlaces en p\u00e1rrafos\"><span style=\"font-size: 14pt;\">La obra de <strong>Her\u00e1clito<\/strong> es completamente afor\u00edstica y se le atribuye un libro titulado <i>Sobre la naturaleza<\/i>.<\/span><\/p>\n<p class=\"paragraph\" style=\"text-align: justify;\" data-gtm-element-container=\"modulo-texto-link\" data-mrf-recirculation=\"Enlaces en p\u00e1rrafos\"><span style=\"font-size: 14pt;\">Fue conocido tambi\u00e9n como\u00a0<strong><i>El Oscuro de \u00c9feso <\/i><\/strong>y\u00a0<strong><i>El Adivinador <\/i><\/strong>debido a la naturaleza oracular y parad\u00f3jica de su filosof\u00eda, y\u00a0<i><strong>El fil\u00f3sofo llor\u00f3n<\/strong>\u00a0<\/i>(<em>en contraste con <strong>Dem\u00f3crito<\/strong>, \u201c<strong>el fil\u00f3sofo risue\u00f1o<\/strong>\u201d<\/em>), debido a una supuesta personalidad melanc\u00f3lica y tristona.<\/span><\/p>\n<p data-gtm-element-container=\"modulo-texto-link\" data-mrf-recirculation=\"Enlaces en p\u00e1rrafos\">\u00a0<\/p>\n<figure id=\"attachment_27102\" aria-describedby=\"caption-attachment-27102\" style=\"width: 400px\" class=\"wp-caption aligncenter\"><img loading=\"lazy\" decoding=\"async\" class=\"wp-image-27102\" src=\"https:\/\/puntocritico.com\/ausajpuntocritico\/wp-content\/uploads\/2020\/02\/DEMOCRITO-Y-HERACLITO-RUBENS-300x225.jpg\" alt=\"\" width=\"400\" height=\"300\" srcset=\"https:\/\/puntocritico.com\/ausajpuntocritico\/wp-content\/uploads\/2020\/02\/DEMOCRITO-Y-HERACLITO-RUBENS-300x225.jpg 300w, https:\/\/puntocritico.com\/ausajpuntocritico\/wp-content\/uploads\/2020\/02\/DEMOCRITO-Y-HERACLITO-RUBENS-768x576.jpg 768w, https:\/\/puntocritico.com\/ausajpuntocritico\/wp-content\/uploads\/2020\/02\/DEMOCRITO-Y-HERACLITO-RUBENS-678x509.jpg 678w, https:\/\/puntocritico.com\/ausajpuntocritico\/wp-content\/uploads\/2020\/02\/DEMOCRITO-Y-HERACLITO-RUBENS-326x245.jpg 326w, https:\/\/puntocritico.com\/ausajpuntocritico\/wp-content\/uploads\/2020\/02\/DEMOCRITO-Y-HERACLITO-RUBENS-80x60.jpg 80w, https:\/\/puntocritico.com\/ausajpuntocritico\/wp-content\/uploads\/2020\/02\/DEMOCRITO-Y-HERACLITO-RUBENS.jpg 800w\" sizes=\"auto, (max-width: 400px) 100vw, 400px\" \/><figcaption id=\"caption-attachment-27102\" class=\"wp-caption-text\"><span style=\"color: #008000;\">DEMOCRITO Y HERACLITO (Rubens)<\/span><\/figcaption><\/figure>\n<p data-gtm-element-container=\"modulo-texto-link\" data-mrf-recirculation=\"Enlaces en p\u00e1rrafos\">\u00a0<\/p>\n<blockquote>\n<h3 class=\"subtitle\" style=\"text-align: center;\"><strong><span style=\"color: #008000;\">Fue conocido como &#8216;El Oscuro de \u00c9feso&#8217; y &#8216;El Adivinador&#8217; debido a la naturaleza oracular y parad\u00f3jica de su filosof\u00eda<\/span><\/strong><\/h3>\n<\/blockquote>\n<p data-gtm-element-container=\"modulo-texto-link\" data-mrf-recirculation=\"Enlaces en p\u00e1rrafos\">\u00a0<\/p>\n<p class=\"paragraph\" style=\"text-align: justify;\" data-gtm-element-container=\"modulo-texto-link\" data-mrf-recirculation=\"Enlaces en p\u00e1rrafos\"><span style=\"font-size: 14pt;\">La idea central de la filosof\u00eda de <strong>Her\u00e1clito<\/strong> es la unidad de los opuestos. <strong>Her\u00e1clito<\/strong> cre\u00eda que el devenir del mundo estaba regido de acuerdo con lo que denomin\u00f3 el <em><strong>Logos<\/strong> <\/em>(<em>\u201cpalabra\u201d, \u201craz\u00f3n\u201d o \u201cdiscurso\u201d<\/em>). Tambi\u00e9n cre\u00eda que e<strong>l cosmos era una transmutaci\u00f3n de fuego<\/strong>.<\/span><\/p>\n<p data-gtm-element-container=\"modulo-texto-link\" data-mrf-recirculation=\"Enlaces en p\u00e1rrafos\">\u00a0<\/p>\n<p data-gtm-element-container=\"modulo-texto-link\" data-mrf-recirculation=\"Enlaces en p\u00e1rrafos\"><a href=\"https:\/\/puntocritico.com\/ausajpuntocritico\/2024\/05\/03\/igualdad-libertad-y-verdad-por-spinoza-y-parmenides-2\/\" target=\"_blank\" rel=\"noopener\" data-schema-attribute=\"\"><img loading=\"lazy\" decoding=\"async\" class=\"wp-image-21921 aligncenter\" src=\"https:\/\/puntocritico.com\/ausajpuntocritico\/wp-content\/uploads\/2019\/09\/057-THE_VESTAL_VIRGINS-678x381-300x169.jpg\" alt=\"\" width=\"480\" height=\"270\" srcset=\"https:\/\/puntocritico.com\/ausajpuntocritico\/wp-content\/uploads\/2019\/09\/057-THE_VESTAL_VIRGINS-678x381-300x169.jpg 300w, https:\/\/puntocritico.com\/ausajpuntocritico\/wp-content\/uploads\/2019\/09\/057-THE_VESTAL_VIRGINS-678x381.jpg 678w\" sizes=\"auto, (max-width: 480px) 100vw, 480px\" \/><\/a><\/p>\n<p data-gtm-element-container=\"modulo-texto-link\" data-mrf-recirculation=\"Enlaces en p\u00e1rrafos\">\u00a0<\/p>\n<p class=\"paragraph\" style=\"text-align: justify;\" data-gtm-element-container=\"modulo-texto-link\" data-mrf-recirculation=\"Enlaces en p\u00e1rrafos\"><span style=\"font-size: 14pt;\"><strong>Her\u00e1clito<\/strong> fue famoso por su insistencia en el cambio; <strong>vio el mundo en constante flujo, cambiando mientras permanec\u00eda igual<\/strong>, lo que expres\u00f3 en el dicho: <\/span><\/p>\n<blockquote>\n<p class=\"paragraph\" style=\"text-align: justify;\" data-gtm-element-container=\"modulo-texto-link\" data-mrf-recirculation=\"Enlaces en p\u00e1rrafos\"><span style=\"color: #008000;\"><strong><span style=\"font-size: 14pt;\">\u201cNing\u00fan hombre se sumerge dos veces en el mismo r\u00edo\u201d.<\/span><\/strong><\/span><\/p>\n<\/blockquote>\n<p data-gtm-element-container=\"modulo-texto-link\" data-mrf-recirculation=\"Enlaces en p\u00e1rrafos\">\u00a0<\/p>\n<p class=\"paragraph\" style=\"text-align: justify;\" data-gtm-element-container=\"modulo-texto-link\" data-mrf-recirculation=\"Enlaces en p\u00e1rrafos\"><span style=\"font-size: 14pt;\"><strong>Her\u00e1clito<\/strong> es considerado como <strong>uno de los fundadores de la dial\u00e9ctica y en parte, de la metaf\u00edsica y la moral<\/strong>.<\/span><\/p>\n<p data-gtm-element-container=\"modulo-texto-link\" data-mrf-recirculation=\"Enlaces en p\u00e1rrafos\">\u00a0<\/p>\n<blockquote>\n<h3 class=\"subtitle\" style=\"text-align: center;\"><strong><span style=\"color: #008000;\">Her\u00e1clito cre\u00eda que el cosmos era una transmutaci\u00f3n de fuego<\/span><\/strong><\/h3>\n<\/blockquote>\n<p data-gtm-element-container=\"modulo-texto-link\" data-mrf-recirculation=\"Enlaces en p\u00e1rrafos\">\u00a0<\/p>\n<figure id=\"attachment_2312717\" aria-describedby=\"caption-attachment-2312717\" style=\"width: 260px\" class=\"wp-caption aligncenter\"><img loading=\"lazy\" decoding=\"async\" class=\"wp-image-2312717\" src=\"https:\/\/puntocritico.com\/ausajpuntocritico\/wp-content\/uploads\/2025\/11\/Heraclito-por-Jose-de-Ribera-1630-236x300.jpeg\" alt=\"\" width=\"260\" height=\"330\" srcset=\"https:\/\/puntocritico.com\/ausajpuntocritico\/wp-content\/uploads\/2025\/11\/Heraclito-por-Jose-de-Ribera-1630-236x300.jpeg 236w, https:\/\/puntocritico.com\/ausajpuntocritico\/wp-content\/uploads\/2025\/11\/Heraclito-por-Jose-de-Ribera-1630-768x974.jpeg 768w, https:\/\/puntocritico.com\/ausajpuntocritico\/wp-content\/uploads\/2025\/11\/Heraclito-por-Jose-de-Ribera-1630.jpeg 800w\" sizes=\"auto, (max-width: 260px) 100vw, 260px\" \/><figcaption id=\"caption-attachment-2312717\" class=\"wp-caption-text\"><span style=\"color: #008000;\">Her\u00e1clito, seg\u00fan la visi\u00f3n del pintor Jos\u00e9 de Ribera (1630)<\/span><\/figcaption><\/figure>\n<p data-gtm-element-container=\"modulo-texto-link\" data-mrf-recirculation=\"Enlaces en p\u00e1rrafos\">\u00a0<\/p>\n<h3 class=\"subtitle\" style=\"text-align: center;\"><span style=\"font-size: 18pt;\">&#8216;Sobre la naturaleza&#8217;<\/span><\/h3>\n<p class=\"paragraph\" style=\"text-align: justify;\" data-gtm-element-container=\"modulo-texto-link\" data-mrf-recirculation=\"Enlaces en p\u00e1rrafos\"><span style=\"font-size: 14pt;\">En su obra<i>\u00a0Sobre la naturaleza<\/i>\u00a0se confiesa desde\u00f1oso con la vana erudici\u00f3n. Fund\u00f3 su investigaci\u00f3n filos\u00f3fica en la intuici\u00f3n especulativa. Ve la guerra en el origen de todo \u201d el combate es el padre de todo y rey de todo\u201d; el convirti\u00f3 a algunos individuos en dioses y a otros en hombres; a unos en esclavos y a otros en hombres libres.<\/span><\/p>\n<p class=\"paragraph\" style=\"text-align: justify;\" data-gtm-element-container=\"modulo-texto-link\" data-mrf-recirculation=\"Enlaces en p\u00e1rrafos\"><span style=\"font-size: 14pt;\">Sobre Homero dice: se equivoc\u00f3 al desear que la guerra desapareciese entre los dioses y los hombres.<\/span><\/p>\n<p class=\"paragraph\" style=\"text-align: justify;\" data-gtm-element-container=\"modulo-texto-link\" data-mrf-recirculation=\"Enlaces en p\u00e1rrafos\"><span style=\"font-size: 14pt;\">Este necesario conflicto de opuestos se limitan y se unen como las que mantienen tensa la cuerda del arco. Las fuerzas se nivelan en el universo y nace el equilibrio.\u00a0Por tanto, es posible concebir en el mas all\u00e1 una unidad de todas las cosas, un principio eterno y una fuerza incesantemente activa.<\/span><\/p>\n<p class=\"paragraph\" style=\"text-align: justify;\" data-gtm-element-container=\"modulo-texto-link\" data-mrf-recirculation=\"Enlaces en p\u00e1rrafos\"><span style=\"font-size: 14pt;\">La obra de Her\u00e1clito es completamente afor\u00edstica. Su estilo remite a las sentencias del or\u00e1culo de Delfos y reproduce la realidad ambigua y confusa que explica, usando el ox\u00edmoron y la ant\u00edtesis para dar idea de la misma. Su libro Sobre la naturaleza est\u00e1 dividido en tres secciones:\u00a0<i>Cosmolog\u00eda<\/i>,\u00a0<i>Pol\u00edtic<\/i>a y\u00a0<i>Teolog\u00eda<\/i>.<\/span><\/p>\n<p class=\"paragraph\" style=\"text-align: justify;\" data-gtm-element-container=\"modulo-texto-link\" data-mrf-recirculation=\"Enlaces en p\u00e1rrafos\"><span style=\"font-size: 14pt;\">El libro de Her\u00e1clito estaba disponible en su forma original para cualquier lector que quisiera buscarlo. Laercio comenta sobre la notabilidad del texto, declarando: \u201cSu libro se hizo tan c\u00e9lebre, que lleg\u00f3 a tener importantes seguidores, como Cr\u00e1tilo \u201d.<\/span><\/p>\n<p style=\"text-align: justify;\" data-gtm-element-container=\"modulo-texto-link\" data-mrf-recirculation=\"Enlaces en p\u00e1rrafos\">\u00a0<\/p>\n<figure id=\"attachment_2312718\" aria-describedby=\"caption-attachment-2312718\" style=\"width: 240px\" class=\"wp-caption aligncenter\"><img loading=\"lazy\" decoding=\"async\" class=\"wp-image-2312718\" src=\"https:\/\/puntocritico.com\/ausajpuntocritico\/wp-content\/uploads\/2025\/11\/Detalle-de-Heraclito-La-Escuela-de-Atenas-de-Rafael-208x300.jpeg\" alt=\"\" width=\"240\" height=\"347\" srcset=\"https:\/\/puntocritico.com\/ausajpuntocritico\/wp-content\/uploads\/2025\/11\/Detalle-de-Heraclito-La-Escuela-de-Atenas-de-Rafael-208x300.jpeg 208w, https:\/\/puntocritico.com\/ausajpuntocritico\/wp-content\/uploads\/2025\/11\/Detalle-de-Heraclito-La-Escuela-de-Atenas-de-Rafael-709x1024.jpeg 709w, https:\/\/puntocritico.com\/ausajpuntocritico\/wp-content\/uploads\/2025\/11\/Detalle-de-Heraclito-La-Escuela-de-Atenas-de-Rafael.jpeg 720w\" sizes=\"auto, (max-width: 240px) 100vw, 240px\" \/><figcaption id=\"caption-attachment-2312718\" class=\"wp-caption-text\"><span style=\"color: #008000;\">Detalle de Her\u00e1clito (usando de modelo a Miguel \u00c1ngel) en &#8216;La Escuela de Atenas&#8217; de Rafael.<\/span><\/figcaption><\/figure>\n<p data-gtm-element-container=\"modulo-texto-link\" data-mrf-recirculation=\"Enlaces en p\u00e1rrafos\">\u00a0<\/p>\n<h3 class=\"subtitle\" style=\"text-align: center;\"><span style=\"font-size: 18pt;\">El fuego<\/span><\/h3>\n<p class=\"paragraph\" style=\"text-align: justify;\" data-gtm-element-container=\"modulo-texto-link\" data-mrf-recirculation=\"Enlaces en p\u00e1rrafos\"><span style=\"font-size: 14pt;\">\u201d\u00bfQu\u00e9 elemento mejor que el fuego podr\u00eda representar esa fuerza?\u201d, dice Her\u00e1clito.\u00a0\u201cEste mundo -escribe el fil\u00f3sofo-que es el mismo para todos los seres, no ha sido hecho por ning\u00fan dios ni por ning\u00fan hombre, sino que ha sido es y ser\u00e1 un fuego siempre vivo que se enciende con mesura y se apaga con mesura. <\/span><\/p>\n<p class=\"paragraph\" style=\"text-align: justify;\" data-gtm-element-container=\"modulo-texto-link\" data-mrf-recirculation=\"Enlaces en p\u00e1rrafos\"><span style=\"font-size: 14pt;\">Hay un intercambio de todas las cosas con el fuego y del fuego con todas las cosas, como de mercanc\u00edas con el oro y del oro con mercanc\u00edas. Este fuego siempre vivo es s\u00edmbolo del nacimiento continuo, del perfecto fluir de las cosas. Todo fluye, todo escapa y nada permanece; son aguas distintas las que cada vez nos ba\u00f1an en el mismo r\u00edo\u201d.<\/span><\/p>\n<p class=\"paragraph\" style=\"text-align: justify;\" data-gtm-element-container=\"modulo-texto-link\" data-mrf-recirculation=\"Enlaces en p\u00e1rrafos\"><span style=\"font-size: 14pt;\"><strong>Her\u00e1clito<\/strong> desemboca en una moral asc\u00e9tica diciendo:\u00a0\u201c<em>No es bueno para el hombre el obtener todo lo que desea<\/em>\u201d, y en una religi\u00f3n purificada, hostil a los vendedores de misterios y a \u00ab<em>quienes creen purificarse manch\u00e1ndose de sangre como si un hombre que se ha manchado de barro fuese a lavarse los pies en el barro<\/em>\u201d.<\/span><\/p>\n<p class=\"paragraph\" style=\"text-align: justify;\" data-gtm-element-container=\"modulo-texto-link\" data-mrf-recirculation=\"Enlaces en p\u00e1rrafos\"><span style=\"font-size: 14pt;\">Tambi\u00e9n ve una visi\u00f3n ir\u00f3nica de los contrastes del universo, incomprensibles para el com\u00fan de los mortales; para los cerdos el fango vale m\u00e1s que las aguas limpias; para los asnos la paja es superior al oro; el agua del mar es la m\u00e1s pura y la m\u00e1s impura ya que es saludable a los peces y perjudicial a los hombres.<\/span><\/p>\n<p data-gtm-element-container=\"modulo-texto-link\" data-mrf-recirculation=\"Enlaces en p\u00e1rrafos\">\u00a0<\/p>\n<blockquote>\n<h3 class=\"subtitle\" style=\"text-align: center;\"><span style=\"color: #008000;\"><strong><span style=\"font-size: 14pt;\">Tambi\u00e9n ve una visi\u00f3n ir\u00f3nica de los contrastes del universo, incomprensibles para el com\u00fan de los mortales<\/span><\/strong><\/span><\/h3>\n<\/blockquote>\n<p data-gtm-element-container=\"modulo-texto-link\" data-mrf-recirculation=\"Enlaces en p\u00e1rrafos\">\u00a0<\/p>\n<p class=\"paragraph\" style=\"text-align: justify;\" data-gtm-element-container=\"modulo-texto-link\" data-mrf-recirculation=\"Enlaces en p\u00e1rrafos\"><span style=\"font-size: 14pt;\"><strong>Her\u00e1clito<\/strong> es <strong>el primero que con que con gran vigor concibe la oposici\u00f3n de los contrarios y la ley del devenir como lazo de uni\u00f3n entre dichos contrarios<\/strong>, mejor que ning\u00fan otro fil\u00f3sofo de la antig\u00fcedad.<\/span><\/p>\n<p class=\"paragraph\" style=\"text-align: justify;\" data-gtm-element-container=\"modulo-texto-link\" data-mrf-recirculation=\"Enlaces en p\u00e1rrafos\"><span style=\"font-size: 14pt;\">Influy\u00f3 en <strong>Plat\u00f3n<\/strong> y se han encontrado huellas de <strong>Her\u00e1clito<\/strong> en el pensamiento de <strong>Hegel<\/strong> e incluso la <em>dial\u00e9ctica marxista<\/em>.<\/span><\/p>\n<p data-gtm-element-container=\"modulo-texto-link\" data-mrf-recirculation=\"Enlaces en p\u00e1rrafos\">\u00a0<\/p>\n<figure id=\"attachment_2314217\" aria-describedby=\"caption-attachment-2314217\" style=\"width: 280px\" class=\"wp-caption aligncenter\"><img loading=\"lazy\" decoding=\"async\" class=\"wp-image-2314217\" src=\"https:\/\/puntocritico.com\/ausajpuntocritico\/wp-content\/uploads\/2025\/11\/Heraclito-card-medieval-233x300.jpg\" alt=\"\" width=\"280\" height=\"361\" srcset=\"https:\/\/puntocritico.com\/ausajpuntocritico\/wp-content\/uploads\/2025\/11\/Heraclito-card-medieval-233x300.jpg 233w, https:\/\/puntocritico.com\/ausajpuntocritico\/wp-content\/uploads\/2025\/11\/Heraclito-card-medieval-795x1024.jpg 795w, https:\/\/puntocritico.com\/ausajpuntocritico\/wp-content\/uploads\/2025\/11\/Heraclito-card-medieval-768x989.jpg 768w, https:\/\/puntocritico.com\/ausajpuntocritico\/wp-content\/uploads\/2025\/11\/Heraclito-card-medieval-1193x1536.jpg 1193w, https:\/\/puntocritico.com\/ausajpuntocritico\/wp-content\/uploads\/2025\/11\/Heraclito-card-medieval-1590x2048.jpg 1590w, https:\/\/puntocritico.com\/ausajpuntocritico\/wp-content\/uploads\/2025\/11\/Heraclito-card-medieval-1320x1700.jpg 1320w, https:\/\/puntocritico.com\/ausajpuntocritico\/wp-content\/uploads\/2025\/11\/Heraclito-card-medieval-scaled.jpg 1988w\" sizes=\"auto, (max-width: 280px) 100vw, 280px\" \/><figcaption id=\"caption-attachment-2314217\" class=\"wp-caption-text\"><span style=\"color: #008000;\">Heraclitus <\/span><\/figcaption><\/figure>\n<p data-gtm-element-container=\"modulo-texto-link\" data-mrf-recirculation=\"Enlaces en p\u00e1rrafos\">\u00a0<\/p>\n<h3 class=\"subtitle\" style=\"text-align: center;\"><span style=\"font-size: 18pt;\">Algunas frases de Her\u00e1clito<\/span><\/h3>\n<blockquote>\n<p style=\"text-align: center;\"><span style=\"font-size: 14pt; color: #008000;\"><strong>\u00abEl sol es nuevo todos los d\u00edas\u00bb.<\/strong><\/span><\/p>\n<p style=\"text-align: center;\"><span style=\"font-size: 14pt; color: #008000;\"><strong>\u00abEn la circunferencia, el principio y el fin coinciden\u00bb.<\/strong><\/span><\/p>\n<p style=\"text-align: center;\"><span style=\"font-size: 14pt; color: #008000;\"><strong>\u00abEste mundo, el mismo para todos, no lo hizo ninguno de los dioses ni de los hombres, sino que ha sido eternamente y es y ser\u00e1 un fuego eternamente viviente, que se enciende seg\u00fan medidas y se apaga seg\u00fan medidas\u00bb.<\/strong><\/span><\/p>\n<p style=\"text-align: center;\"><span style=\"font-size: 14pt; color: #008000;\"><strong>\u00abNi a\u00fan recorriendo todo camino llegar\u00e1s a encontrar los l\u00edmites del alma; tan profundo Logos tiene\u00bb.<\/strong><\/span><\/p>\n<p style=\"text-align: center;\"><span style=\"font-size: 14pt; color: #008000;\"><strong>\u00abPero aunque el Logos es com\u00fan, casi todos viven como si tuvieran un inteligencia particular\u00bb.<\/strong><\/span><\/p>\n<p style=\"text-align: center;\"><span style=\"font-size: 14pt; color: #008000;\"><strong>\u00abLa armon\u00eda invisible es mayor que la armon\u00eda visible\u00bb.<\/strong><\/span><\/p>\n<\/blockquote>\n<p>&nbsp;<\/p>\n<figure id=\"attachment_2314219\" aria-describedby=\"caption-attachment-2314219\" style=\"width: 280px\" class=\"wp-caption aligncenter\"><img loading=\"lazy\" decoding=\"async\" class=\"wp-image-2314219\" src=\"https:\/\/puntocritico.com\/ausajpuntocritico\/wp-content\/uploads\/2025\/11\/Heraclitus_b_4_compressed-239x300.jpg\" alt=\"\" width=\"280\" height=\"351\" srcset=\"https:\/\/puntocritico.com\/ausajpuntocritico\/wp-content\/uploads\/2025\/11\/Heraclitus_b_4_compressed-239x300.jpg 239w, https:\/\/puntocritico.com\/ausajpuntocritico\/wp-content\/uploads\/2025\/11\/Heraclitus_b_4_compressed.jpg 320w\" sizes=\"auto, (max-width: 280px) 100vw, 280px\" \/><figcaption id=\"caption-attachment-2314219\" class=\"wp-caption-text\"><span style=\"color: #008000;\">Heraclitus<\/span><\/figcaption><\/figure>\n<p style=\"text-align: center;\"><span style=\"font-size: 18pt;\"><strong><span style=\"color: #008000;\">*******<\/span><\/strong><\/span><\/p>\n<blockquote class=\"wp-embedded-content\" data-secret=\"adri38Pseg\"><p><a href=\"https:\/\/puntocritico.com\/ausajpuntocritico\/2025\/11\/03\/democrito\/\">DEM\u00d3CRITO, por Joaqu\u00edn Callabed<\/a><\/p><\/blockquote>\n<p><iframe loading=\"lazy\" class=\"wp-embedded-content\" sandbox=\"allow-scripts\" security=\"restricted\" style=\"position: absolute; visibility: hidden;\" title=\"\u00abDEM\u00d3CRITO, por Joaqu\u00edn Callabed\u00bb \u2014 Punto Cr\u00edtico Derechos Humanos\" src=\"https:\/\/puntocritico.com\/ausajpuntocritico\/2025\/11\/03\/democrito\/embed\/#?secret=qMjeLEL0od#?secret=adri38Pseg\" data-secret=\"adri38Pseg\" width=\"500\" height=\"282\" frameborder=\"0\" marginwidth=\"0\" marginheight=\"0\" scrolling=\"no\"><\/iframe><\/p>\n<blockquote class=\"wp-embedded-content\" data-secret=\"SPkdzRgdWB\"><p><a href=\"https:\/\/puntocritico.com\/ausajpuntocritico\/2024\/05\/03\/igualdad-libertad-y-verdad-por-spinoza-y-parmenides-2\/\">IGUALDAD, LIBERTAD Y VERDAD, por Spinoza y Parm\u00e9nides<\/a><\/p><\/blockquote>\n<p><iframe loading=\"lazy\" class=\"wp-embedded-content\" sandbox=\"allow-scripts\" security=\"restricted\" style=\"position: absolute; visibility: hidden;\" title=\"\u00abIGUALDAD, LIBERTAD Y VERDAD, por Spinoza y Parm\u00e9nides\u00bb \u2014 Punto Cr\u00edtico Derechos Humanos\" src=\"https:\/\/puntocritico.com\/ausajpuntocritico\/2024\/05\/03\/igualdad-libertad-y-verdad-por-spinoza-y-parmenides-2\/embed\/#?secret=Tv8Ij41lvw#?secret=SPkdzRgdWB\" data-secret=\"SPkdzRgdWB\" width=\"500\" height=\"282\" frameborder=\"0\" marginwidth=\"0\" marginheight=\"0\" scrolling=\"no\"><\/iframe><\/p>\n<blockquote class=\"wp-embedded-content\" data-secret=\"T4A1C23bkR\"><p><a href=\"https:\/\/puntocritico.com\/ausajpuntocritico\/2025\/10\/27\/anaximenes-anaxagoras-y-anaximandro-por-joaquin-callabed\/\">Anax\u00edmenes, Anax\u00e1goras y Anaximandro, por Joaqu\u00edn Callabed<\/a><\/p><\/blockquote>\n<p><iframe loading=\"lazy\" class=\"wp-embedded-content\" sandbox=\"allow-scripts\" security=\"restricted\" style=\"position: absolute; visibility: hidden;\" title=\"\u00abAnax\u00edmenes, Anax\u00e1goras y Anaximandro, por Joaqu\u00edn Callabed\u00bb \u2014 Punto Cr\u00edtico Derechos Humanos\" src=\"https:\/\/puntocritico.com\/ausajpuntocritico\/2025\/10\/27\/anaximenes-anaxagoras-y-anaximandro-por-joaquin-callabed\/embed\/#?secret=OA89fjqtxU#?secret=T4A1C23bkR\" data-secret=\"T4A1C23bkR\" width=\"500\" height=\"282\" frameborder=\"0\" marginwidth=\"0\" marginheight=\"0\" scrolling=\"no\"><\/iframe><\/p>\n<p>&nbsp;<\/p>\n<p>&nbsp;<\/p>\n<p><a href=\"https:\/\/puntocritico.com\/ausajpuntocritico\/author\/punto-critico\/\"><img loading=\"lazy\" decoding=\"async\" class=\"aligncenter wp-image-48\" src=\"https:\/\/puntocritico.com\/ausajpuntocritico\/wp-content\/uploads\/2016\/11\/Mosca_Punto_Cr%C3%ADtico_40.png\" alt=\"\" width=\"80\" height=\"80\" data-id=\"48\" \/><\/a><\/p>\n<p>&nbsp;<\/p>\n","protected":false},"excerpt":{"rendered":"<div class=\"mh-excerpt\"><p>DI\u00d3GENES Y HER\u00c1CLITO\u00a0 &nbsp; Las ense\u00f1anzas de la escuela c\u00ednica Los fil\u00f3sofos c\u00ednicos como\u00a0Di\u00f3genes reinterpretaron la doctrina socr\u00e1tica considerando que la civilizaci\u00f3n y su forma de vida eran un mal y que la felicidad ven\u00eda <a class=\"mh-excerpt-more\" href=\"https:\/\/puntocritico.com\/ausajpuntocritico\/2025\/11\/10\/diogenes-heraclito-y-hesiodo-por-joaquin-callabed\/\" title=\"DI\u00d3GENES (\u00abLas ense\u00f1anzas de la escuela c\u00ednica\u00bb) y HER\u00c1CLITO (\u00abHer\u00e1clito de \u00c9feso y el fuego\u00bb), por Joaqu\u00edn Callabed\">[&#8230;]<\/a><\/p>\n<\/div>","protected":false},"author":3,"featured_media":2314214,"comment_status":"closed","ping_status":"closed","sticky":false,"template":"","format":"standard","meta":{"_acf_changed":false,"_exactmetrics_skip_tracking":false,"_exactmetrics_sitenote_active":false,"_exactmetrics_sitenote_note":"","_exactmetrics_sitenote_category":0,"footnotes":""},"categories":[8],"tags":[188],"class_list":{"0":"post-2313920","1":"post","2":"type-post","3":"status-publish","4":"format-standard","5":"has-post-thumbnail","7":"category-filosofia","8":"tag-joaquin-callabed"},"acf":[],"_links":{"self":[{"href":"https:\/\/puntocritico.com\/ausajpuntocritico\/wp-json\/wp\/v2\/posts\/2313920","targetHints":{"allow":["GET"]}}],"collection":[{"href":"https:\/\/puntocritico.com\/ausajpuntocritico\/wp-json\/wp\/v2\/posts"}],"about":[{"href":"https:\/\/puntocritico.com\/ausajpuntocritico\/wp-json\/wp\/v2\/types\/post"}],"author":[{"embeddable":true,"href":"https:\/\/puntocritico.com\/ausajpuntocritico\/wp-json\/wp\/v2\/users\/3"}],"replies":[{"embeddable":true,"href":"https:\/\/puntocritico.com\/ausajpuntocritico\/wp-json\/wp\/v2\/comments?post=2313920"}],"version-history":[{"count":0,"href":"https:\/\/puntocritico.com\/ausajpuntocritico\/wp-json\/wp\/v2\/posts\/2313920\/revisions"}],"wp:featuredmedia":[{"embeddable":true,"href":"https:\/\/puntocritico.com\/ausajpuntocritico\/wp-json\/wp\/v2\/media\/2314214"}],"wp:attachment":[{"href":"https:\/\/puntocritico.com\/ausajpuntocritico\/wp-json\/wp\/v2\/media?parent=2313920"}],"wp:term":[{"taxonomy":"category","embeddable":true,"href":"https:\/\/puntocritico.com\/ausajpuntocritico\/wp-json\/wp\/v2\/categories?post=2313920"},{"taxonomy":"post_tag","embeddable":true,"href":"https:\/\/puntocritico.com\/ausajpuntocritico\/wp-json\/wp\/v2\/tags?post=2313920"}],"curies":[{"name":"wp","href":"https:\/\/api.w.org\/{rel}","templated":true}]}}