{"id":2313488,"date":"2025-10-30T00:05:27","date_gmt":"2025-10-29T23:05:27","guid":{"rendered":"https:\/\/puntocritico.com\/ausajpuntocritico\/?p=2313488"},"modified":"2025-11-04T22:36:19","modified_gmt":"2025-11-04T21:36:19","slug":"los-rsu-por-jesus-diaz-formoso-parte-2","status":"publish","type":"post","link":"https:\/\/puntocritico.com\/ausajpuntocritico\/2025\/10\/30\/los-rsu-por-jesus-diaz-formoso-parte-2\/","title":{"rendered":"RSU (RESIDUOS S\u00d3LIDOS URBANOS): HISTORIA DE SU REGULACI\u00d3N EN ESPA\u00d1A, por Jes\u00fas D\u00edaz Formoso (PARTE 2)"},"content":{"rendered":"<p style=\"text-align: justify;\"><span style=\"color: #008000; font-size: 14pt;\">RSU (<\/span><span style=\"font-size: 14pt; color: #008000;\">RESIDUOS S\u00d3LIDOS URBANOS), Parte 2<\/span><\/p>\n<p><a href=\"https:\/\/puntocritico.com\/ausajpuntocritico\/2025\/10\/23\/residuos-solidos-urbanos-parte-1-intro\/\" target=\"_blank\" rel=\"noopener\" data-schema-attribute=\"\"><span style=\"color: #008000; font-size: 14pt;\">RSU (RESIDUOS S\u00d3LIDOS URBANOS), Parte 1<\/span><\/a><\/p>\n\n<p>&nbsp;<\/p>\n<blockquote>\n<h2 style=\"text-align: center;\"><span style=\"font-size: 24pt;\"><strong>RESUMEN<\/strong><\/span><\/h2>\n<p style=\"text-align: center;\"><span style=\"font-size: 18pt;\"><strong>R\u00e9gimen Jur\u00eddico de la Gesti\u00f3n de Residuos S\u00f3lidos Urbanos (RSU) en Espa\u00f1a y la Uni\u00f3n Europea (Parte 2)<\/strong><\/span><\/p>\n<p><img loading=\"lazy\" decoding=\"async\" class=\"aligncenter wp-image-2313694\" src=\"https:\/\/puntocritico.com\/ausajpuntocritico\/wp-content\/uploads\/2025\/10\/RSU-seleccion-1-300x165.webp\" alt=\"\" width=\"480\" height=\"264\" srcset=\"https:\/\/puntocritico.com\/ausajpuntocritico\/wp-content\/uploads\/2025\/10\/RSU-seleccion-1-300x165.webp 300w, https:\/\/puntocritico.com\/ausajpuntocritico\/wp-content\/uploads\/2025\/10\/RSU-seleccion-1-1024x563.webp 1024w, https:\/\/puntocritico.com\/ausajpuntocritico\/wp-content\/uploads\/2025\/10\/RSU-seleccion-1-768x422.webp 768w, https:\/\/puntocritico.com\/ausajpuntocritico\/wp-content\/uploads\/2025\/10\/RSU-seleccion-1.webp 1200w\" sizes=\"auto, (max-width: 480px) 100vw, 480px\" \/><\/p>\n<p>&nbsp;<\/p>\n<h3 style=\"text-align: center;\"><span style=\"font-size: 18pt;\"><strong>Introducci\u00f3n: Conceptualizaci\u00f3n del Residuo S\u00f3lido Urbano como Objeto de Regulaci\u00f3n<\/strong><\/span><\/h3>\n<p><img loading=\"lazy\" decoding=\"async\" class=\"aligncenter wp-image-2313700\" src=\"https:\/\/puntocritico.com\/ausajpuntocritico\/wp-content\/uploads\/2025\/10\/RSU-Recogida-selectiva-Hospitalet-300x169.jpg\" alt=\"\" width=\"480\" height=\"270\" srcset=\"https:\/\/puntocritico.com\/ausajpuntocritico\/wp-content\/uploads\/2025\/10\/RSU-Recogida-selectiva-Hospitalet-300x169.jpg 300w, https:\/\/puntocritico.com\/ausajpuntocritico\/wp-content\/uploads\/2025\/10\/RSU-Recogida-selectiva-Hospitalet-1024x576.jpg 1024w, https:\/\/puntocritico.com\/ausajpuntocritico\/wp-content\/uploads\/2025\/10\/RSU-Recogida-selectiva-Hospitalet-768x432.jpg 768w, https:\/\/puntocritico.com\/ausajpuntocritico\/wp-content\/uploads\/2025\/10\/RSU-Recogida-selectiva-Hospitalet-678x381.jpg 678w, https:\/\/puntocritico.com\/ausajpuntocritico\/wp-content\/uploads\/2025\/10\/RSU-Recogida-selectiva-Hospitalet.jpg 1200w\" sizes=\"auto, (max-width: 480px) 100vw, 480px\" \/><\/p>\n<p>&nbsp;<\/p>\n<p style=\"text-align: justify;\"><span style=\"font-size: 14pt;\">La eficacia de cualquier sistema de gesti\u00f3n ambiental depende de la claridad y precisi\u00f3n de sus fundamentos jur\u00eddicos. En el \u00e1mbito de los Residuos S\u00f3lidos Urbanos (RSU), la conceptualizaci\u00f3n t\u00e9cnica y legal del \u00abresiduo\u00bb es el pilar sobre el que se edifica toda la arquitectura normativa. <\/span><\/p>\n<p style=\"text-align: justify;\"><span style=\"font-size: 14pt;\">Una definici\u00f3n precisa permite delimitar el objeto de la regulaci\u00f3n, asignar responsabilidades, establecer obligaciones y dise\u00f1ar pol\u00edticas p\u00fablicas coherentes. Esta conceptualizaci\u00f3n fundamental es la que articula el marco de gesti\u00f3n, tratamiento y responsabilidad, tanto en el ordenamiento espa\u00f1ol como en el supranacional de la Uni\u00f3n Europea.<\/span><\/p>\n<p style=\"text-align: justify;\"><span style=\"font-size: 14pt;\">El desarrollo normativo de este concepto ilustra una clara evoluci\u00f3n jur\u00eddica. Inicialmente, el ordenamiento espa\u00f1ol, a trav\u00e9s de la <a href=\"https:\/\/www.boe.es\/buscar\/doc.php?id=BOE-A-1975-23921\" target=\"_blank\" rel=\"noopener\" data-schema-attribute=\"\"><strong>Ley de Desechos y R.S.U. de 19\/11\/1.975<\/strong><\/a>, defini\u00f3 los RSU a partir de su origen, abarcando aquellos procedentes de actividades domiciliarias, comerciales, servicios, sanitarias (en hospitales y cl\u00ednicas), y limpieza viaria, entre otros. <\/span><\/p>\n<p style=\"text-align: justify;\"><span style=\"font-size: 14pt;\">Esta norma fundacional exclu\u00eda expl\u00edcitamente residuos con reg\u00edmenes especiales, como los mineros, agr\u00edcolas y radioactivos.<\/span><\/p>\n<p style=\"text-align: justify;\"><span style=\"font-size: 14pt;\">Posteriormente, como respuesta legislativa directa a las incipientes presiones del ordenamiento comunitario, el <a href=\"https:\/\/www.boe.es\/buscar\/doc.php?id=BOE-A-1986-16578\" target=\"_blank\" rel=\"noopener\" data-schema-attribute=\"\"><strong>Real Decreto legislativo 1163\/1986<\/strong><\/a> supuso un primer paso hacia la armonizaci\u00f3n. Adapt\u00f3 el <strong>concepto de<\/strong> <strong>residuo<\/strong>, defini\u00e9ndolo como <\/span><\/p>\n<p style=\"text-align: justify;\"><span style=\"font-size: 14pt; color: #008000;\"><strong>\u00abcualquier sustancia u objeto del cual se desprenda su poseedor, o tenga la obligaci\u00f3n de desprenderse en virtud de las disposiciones en vigor\u00bb.<\/strong> <\/span><\/p>\n<p>&nbsp;<\/p>\n<p style=\"text-align: justify;\"><span style=\"font-size: 14pt;\">Este cambio fue fundamental, pues <strong>desplaz\u00f3 el foco del origen del material a la acci\u00f3n o la obligaci\u00f3n de desprenderse de \u00e9l<\/strong> por parte de su poseedor.<\/span><\/p>\n<p style=\"text-align: justify;\"><span style=\"font-size: 14pt;\">Finalmente, la <a href=\"https:\/\/www.boe.es\/buscar\/doc.php?id=DOUE-L-1991-80313\" target=\"_blank\" rel=\"noopener\" data-schema-attribute=\"\"><strong>Directiva 91\/156\/CEE<\/strong><\/a> consolid\u00f3 un marco europeo m\u00e1s maduro y detallado, que oblig\u00f3 a una armonizaci\u00f3n m\u00e1s profunda. <strong>Considera residuo a<\/strong> <\/span><\/p>\n<p style=\"text-align: justify;\"><span style=\"font-size: 14pt; color: #008000;\"><strong>\u00abcualquier sustancia u objeto perteneciente a una de las categor\u00edas que se recogen en el Anexo I, del cual su poseedor se desprenda o tenga la intenci\u00f3n u obligaci\u00f3n de desprenderse\u00bb.<\/strong> <\/span><\/p>\n<p>&nbsp;<\/p>\n<p style=\"text-align: justify;\"><span style=\"font-size: 14pt;\">Esta definici\u00f3n comunitaria, centrada en la voluntad u obligaci\u00f3n del poseedor, se convirti\u00f3 en el est\u00e1ndar que renderiz\u00f3 incompletas las definiciones nacionales previas y forz\u00f3 la plena integraci\u00f3n del derecho espa\u00f1ol en el marco europeo.<\/span><\/p>\n<p style=\"text-align: justify;\"><span style=\"font-size: 14pt;\">A partir de este marco, <strong>los Residuos S\u00f3lidos Urbanos se perfilan como una categor\u00eda singular con caracter\u00edsticas determinantes que gu\u00edan su gesti\u00f3n espec\u00edfica<\/strong>:<\/span><\/p>\n<ul style=\"text-align: justify;\">\n<li><span style=\"font-size: 14pt;\"><strong>Predominantemente s\u00f3lidos:<\/strong> Aunque se incluyen los l\u00edquidos no trasladables al alcantarillado, los gaseosos en contenedores, y los pastosos de lodos de depuraci\u00f3n, su naturaleza es mayoritariamente s\u00f3lida.<\/span><\/li>\n<li><span style=\"font-size: 14pt;\"><strong>Determinados por exclusi\u00f3n:<\/strong> El \u00e1mbito de aplicaci\u00f3n de la normativa de RSU no afecta a residuos gaseosos que van a la atm\u00f3sfera, ni a las aguas residuales, ni a los residuos agr\u00edcolas, mineros o explosivos, que disponen de reg\u00edmenes jur\u00eddicos propios.<\/span><\/li>\n<li><span style=\"font-size: 14pt;\"><strong>Responsabilizaci\u00f3n de las autoridades:<\/strong> La gesti\u00f3n de los RSU es una competencia fundamental de las autoridades locales, ya sean Municipios o, en ocasiones, agrupaciones supramunicipales como las mancomunidades.<\/span><\/li>\n<li><span style=\"font-size: 14pt;\"><strong>Origen:<\/strong> Su procedencia es principalmente urbana y se genera en hogares, comercios, hosteler\u00eda, oficinas y servicios en general.<\/span><\/li>\n<\/ul>\n<p style=\"text-align: justify;\"><span style=\"font-size: 14pt;\">Esta delimitaci\u00f3n conceptual de los RSU es indispensable para comprender el r\u00e9gimen jur\u00eddico que regula su recogida y tratamiento en el ordenamiento espa\u00f1ol, el cual se analiza a continuaci\u00f3n.<\/span><\/p>\n<p>&nbsp;<\/p>\n<p><img loading=\"lazy\" decoding=\"async\" class=\"aligncenter wp-image-2313701\" src=\"https:\/\/puntocritico.com\/ausajpuntocritico\/wp-content\/uploads\/2025\/10\/recogida-papel-carton-contenedor-camion-reciclaje-300x200.jpg\" alt=\"\" width=\"400\" height=\"267\" srcset=\"https:\/\/puntocritico.com\/ausajpuntocritico\/wp-content\/uploads\/2025\/10\/recogida-papel-carton-contenedor-camion-reciclaje-300x200.jpg 300w, https:\/\/puntocritico.com\/ausajpuntocritico\/wp-content\/uploads\/2025\/10\/recogida-papel-carton-contenedor-camion-reciclaje-1024x683.jpg 1024w, https:\/\/puntocritico.com\/ausajpuntocritico\/wp-content\/uploads\/2025\/10\/recogida-papel-carton-contenedor-camion-reciclaje-768x512.jpg 768w, https:\/\/puntocritico.com\/ausajpuntocritico\/wp-content\/uploads\/2025\/10\/recogida-papel-carton-contenedor-camion-reciclaje-1320x880.jpg 1320w, https:\/\/puntocritico.com\/ausajpuntocritico\/wp-content\/uploads\/2025\/10\/recogida-papel-carton-contenedor-camion-reciclaje.jpg 1500w\" sizes=\"auto, (max-width: 400px) 100vw, 400px\" \/><\/p>\n<p>&nbsp;<\/p>\n<h3 style=\"text-align: center;\"><span style=\"font-size: 18pt;\"><strong>2. El R\u00e9gimen Jur\u00eddico de los RSU en el Ordenamiento Espa\u00f1ol<\/strong><\/span><\/h3>\n<p style=\"text-align: justify;\"><span style=\"font-size: 14pt;\">El marco jur\u00eddico espa\u00f1ol para la gesti\u00f3n de los Residuos S\u00f3lidos Urbanos se configura como un <strong>sistema complejo de competencias compartidas<\/strong> entre los distintos niveles de la administraci\u00f3n p\u00fablica. <\/span><\/p>\n<p style=\"text-align: justify;\"><span style=\"font-size: 14pt;\">La recogida de estos residuos no es una mera actividad econ\u00f3mica, sino que se le atribuye el car\u00e1cter de <strong>servicio p\u00fablico esencial<\/strong>, lo que determina un r\u00e9gimen espec\u00edfico de obligaciones y derechos tanto para la administraci\u00f3n como para los ciudadanos. <\/span><\/p>\n<p style=\"text-align: justify;\"><span style=\"font-size: 14pt;\">Esta <strong>estructura administrativa multinivel<\/strong>, que involucra al Estado, las Comunidades Aut\u00f3nomas y, de forma preeminente, a los Municipios, es la clave para entender el modelo de gobernanza de los residuos en Espa\u00f1a.<\/span><\/p>\n<h4 style=\"text-align: justify;\"><span style=\"font-size: 14pt;\"><strong>El Dispositivo Administrativo: Distribuci\u00f3n de Competencias<\/strong><\/span><\/h4>\n<p style=\"text-align: justify;\"><span style=\"font-size: 14pt;\">La organizaci\u00f3n de la gesti\u00f3n de RSU en Espa\u00f1a responde a una <strong>distribuci\u00f3n jer\u00e1rquica de responsabilidades que busca coordinar la acci\u00f3n de las diferentes administraciones<\/strong>:<\/span><\/p>\n<ul>\n<li style=\"text-align: justify;\"><span style=\"font-size: 14pt;\"><strong><span style=\"color: #008000;\"><span style=\"text-decoration: underline;\">El Estado<\/span>: Ejerce la potestad de dictar la legislaci\u00f3n b\u00e1sica en materia de protecci\u00f3n del medio ambiente, sin perjuicio de las facultades de las Comunidades Aut\u00f3nomas de establecer normas adicionales de protecci\u00f3n. Asegura un marco normativo com\u00fan y la transposici\u00f3n de las directivas europeas.<\/span><\/strong><\/span><\/li>\n<li style=\"text-align: justify;\"><span style=\"font-size: 14pt;\"><strong><span style=\"color: #008000;\"><span style=\"text-decoration: underline;\">Las Comunidades Aut\u00f3nomas<\/span>: Desarrollan la legislaci\u00f3n b\u00e1sica estatal, adapt\u00e1ndola a las particularidades de su territorio. Tienen competencias en la planificaci\u00f3n, autorizaci\u00f3n y control de las instalaciones de tratamiento de residuos.<\/span><\/strong><\/span><\/li>\n<li style=\"text-align: justify;\"><span style=\"font-size: 14pt;\"><strong><span style=\"color: #008000;\"><span style=\"text-decoration: underline;\">La Administraci\u00f3n Ambiental Municipal<\/span>: Constituye el eslab\u00f3n fundamental en la gesti\u00f3n directa de los RSU. Los Ayuntamientos son los responsables primarios de la recogida, el transporte y, en muchos casos, el tratamiento de los residuos generados en su t\u00e9rmino municipal.<\/span><\/strong><\/span><\/li>\n<\/ul>\n<p>&nbsp;<\/p>\n<p style=\"text-align: justify;\"><span style=\"font-size: 14pt;\">Esta distribuci\u00f3n competencial configura un sistema en el que<strong> la planificaci\u00f3n estrat\u00e9gica y la regulaci\u00f3n de alto nivel corresponden a las administraciones estatal y auton\u00f3mica,<\/strong> mientras que <strong>la prestaci\u00f3n efectiva del servicio recae sobre las entidades locales<\/strong>.<\/span><\/p>\n<h4 style=\"text-align: justify;\"><span style=\"font-size: 14pt;\"><strong>El Servicio P\u00fablico de Recogida: Monopolio y Obligaciones<\/strong><\/span><\/h4>\n<p style=\"text-align: justify;\"><span style=\"font-size: 14pt;\"><strong>La naturaleza de servicio p\u00fablico de la recogida de RSU se manifiesta en un conjunto de principios y obligaciones<\/strong> que definen la relaci\u00f3n entre la administraci\u00f3n y los productores de residuos:<\/span><\/p>\n<ul>\n<li style=\"text-align: justify;\"><strong><span style=\"color: #008000; font-size: 14pt;\"><span style=\"text-decoration: underline;\">Regla General<\/span>: <span style=\"text-decoration: underline;\">Monopolio Municipal<\/span>: Como norma general, la prestaci\u00f3n del servicio de recogida de RSU se configura como un monopolio municipal. Esto significa que es la entidad local la \u00fanica habilitada para gestionar estos residuos ordinarios, ya sea de forma directa o a trav\u00e9s de empresas concesionarias. <\/span><\/strong><\/li>\n<\/ul>\n<p style=\"padding-left: 40px;\"><strong><span style=\"color: #008000; font-size: 14pt;\">Esta figura garantiza una cobertura universal y un control p\u00fablico sobre una actividad esencial, sin perjuicio de la existencia de sistemas de gesti\u00f3n especializados para flujos de residuos espec\u00edficos (<em>p. ej., industriales o peligrosos<\/em>) que operan fuera de este servicio p\u00fablico.<\/span><\/strong><\/p>\n<ul>\n<li style=\"text-align: justify;\"><strong><span style=\"color: #008000; font-size: 14pt;\"><span style=\"text-decoration: underline;\">Obligatoriedad de la Entrega<\/span>: Los ciudadanos y los productores de residuos (<em>comercios, oficinas, etc.<\/em>) tienen la obligaci\u00f3n legal de entregar sus residuos al servicio municipal en las condiciones que este establezca (<em>horarios, tipo de contenedor, etc.<\/em>). <\/span><\/strong><\/li>\n<\/ul>\n<p style=\"padding-left: 40px;\"><strong><span style=\"color: #008000; font-size: 14pt;\">No pueden optar por gestionarlos por v\u00edas alternativas al margen del sistema p\u00fablico.<\/span><\/strong><\/p>\n<ul>\n<li style=\"text-align: justify;\"><strong><span style=\"color: #008000; font-size: 14pt;\"><span style=\"text-decoration: underline;\">Obligatoriedad de la Recepci\u00f3n<\/span>: Como contrapartida, la administraci\u00f3n municipal tiene la obligaci\u00f3n ineludible de aceptar y hacerse cargo de todos los residuos urbanos que se generen en su territorio y sean entregados conforme a las ordenanzas. <\/span><\/strong><\/li>\n<\/ul>\n<p style=\"padding-left: 40px;\"><strong><span style=\"color: #008000; font-size: 14pt;\">Esta obligaci\u00f3n asegura que ning\u00fan residuo quede sin gestionar.<\/span><\/strong><\/p>\n<p>&nbsp;<\/p>\n<p><img loading=\"lazy\" decoding=\"async\" class=\"aligncenter wp-image-2313704\" src=\"https:\/\/puntocritico.com\/ausajpuntocritico\/wp-content\/uploads\/2025\/10\/ley-envases-1-300x200.jpg\" alt=\"\" width=\"400\" height=\"267\" srcset=\"https:\/\/puntocritico.com\/ausajpuntocritico\/wp-content\/uploads\/2025\/10\/ley-envases-1-300x200.jpg 300w, https:\/\/puntocritico.com\/ausajpuntocritico\/wp-content\/uploads\/2025\/10\/ley-envases-1.jpg 768w\" sizes=\"auto, (max-width: 400px) 100vw, 400px\" \/><\/p>\n<p>&nbsp;<\/p>\n<p style=\"text-align: justify;\"><span style=\"font-size: 14pt;\">Este robusto marco nacional, centrado en la figura del <strong>servicio p\u00fablico municipal<\/strong>, no opera de forma aislada, sino que debe insertarse y evolucionar <strong>en consonancia con el contexto m\u00e1s amplio de la pol\u00edtica y la legislaci\u00f3n de la Uni\u00f3n Europea<\/strong>.<\/span><\/p>\n<p>&nbsp;<\/p>\n<p><img loading=\"lazy\" decoding=\"async\" class=\"aligncenter wp-image-2313698\" src=\"https:\/\/puntocritico.com\/ausajpuntocritico\/wp-content\/uploads\/2025\/10\/Residuos-Peligrosos-manejo-1.jpg\" alt=\"\" width=\"360\" height=\"240\" \/><\/p>\n<p>&nbsp;<\/p>\n<h3 style=\"text-align: center;\"><span style=\"font-size: 18pt;\"><strong>3. Pol\u00edtica y Legislaci\u00f3n de la Uni\u00f3n Europea en Materia de Residuos<\/strong><\/span><\/h3>\n<p style=\"text-align: justify;\"><span style=\"font-size: 14pt;\"><strong>La legislaci\u00f3n comunitaria en materia de residuos representa un pilar fundamental que trasciende las fronteras nacionales<\/strong>. Las pol\u00edticas y directivas de la Uni\u00f3n Europea no solo buscan armonizar las normativas entre los Estados miembros para garantizar un mercado \u00fanico sin distorsiones, sino que, de forma creciente, <strong>impulsan una agenda ambiental<\/strong> ambiciosa. <\/span><\/p>\n<p style=\"text-align: justify;\"><span style=\"font-size: 14pt;\"><strong>Este marco supranacional define los principios rectores<\/strong>, como la jerarqu\u00eda de residuos o la responsabilidad del productor, que Espa\u00f1a y los dem\u00e1s miembros est\u00e1n obligados a incorporar en sus ordenamientos internos, actuando como un motor de modernizaci\u00f3n y mejora continua en la gesti\u00f3n ambiental.<\/span><\/p>\n<h4 style=\"text-align: justify;\"><span style=\"font-size: 14pt;\"><strong>Marco Institucional y Tipos de Normas Comunitarias<\/strong><\/span><\/h4>\n<p style=\"text-align: justify;\"><span style=\"font-size: 14pt;\">La creaci\u00f3n de la <strong>legislaci\u00f3n ambiental en la UE<\/strong> es un proceso complejo en el que intervienen diversas instituciones, cada una con un rol definido:<\/span><\/p>\n<ul>\n<li style=\"text-align: justify;\"><strong><span style=\"font-size: 14pt; color: #008000;\"><span style=\"text-decoration: underline;\">Normas Comunitarias<\/span>: Incluyen reglamentos, directivas y decisiones, siendo las directivas el instrumento m\u00e1s com\u00fan en pol\u00edtica ambiental. Estas obligan a los Estados miembros a alcanzar determinados objetivos, pero les conceden libertad para elegir la forma y los medios para hacerlo.<\/span><\/strong><\/li>\n<li style=\"text-align: justify;\"><strong><span style=\"font-size: 14pt; color: #008000;\"><span style=\"text-decoration: underline;\">La Comisi\u00f3n<\/span>: Act\u00faa como el poder ejecutivo de la UE. Tiene el derecho de iniciativa legislativa, por lo que propone nuevas leyes y supervisa que los Estados miembros apliquen correctamente la legislaci\u00f3n comunitaria.<\/span><\/strong><\/li>\n<li style=\"text-align: justify;\"><strong><span style=\"font-size: 14pt; color: #008000;\"><span style=\"text-decoration: underline;\">El Consejo<\/span>: Representa a los gobiernos de los Estados miembros y es, junto con el Parlamento, el principal \u00f3rgano decisorio y legislativo de la Uni\u00f3n.<\/span><\/strong><\/li>\n<li style=\"text-align: justify;\"><strong><span style=\"font-size: 14pt; color: #008000;\"><span style=\"text-decoration: underline;\">El Parlamento Europeo<\/span>: Representa a los ciudadanos de la UE y es elegido por sufragio directo. Comparte el poder legislativo con el Consejo y ejerce un control democr\u00e1tico sobre las dem\u00e1s instituciones.<\/span><\/strong><\/li>\n<li style=\"text-align: justify;\"><strong><span style=\"font-size: 14pt; color: #008000;\"><span style=\"text-decoration: underline;\">El Tribunal de Justicia de la Uni\u00f3n Europea (TJUE)<\/span>: Garantiza que la legislaci\u00f3n de la UE se interprete y aplique de la misma manera en todos los pa\u00edses miembros; vela por que los pa\u00edses y las instituciones de la UE cumplan la legislaci\u00f3n comunitaria.<\/span><\/strong><\/li>\n<li style=\"text-align: justify;\"><strong><span style=\"font-size: 14pt; color: #008000;\"><span style=\"text-decoration: underline;\">Derechos de los Ciudadanos<\/span>: El marco comunitario reconoce y protege los derechos de los ciudadanos a acceder a la informaci\u00f3n ambiental, a participar en la toma de decisiones y a acceder a la justicia en materia de medio ambiente.<\/span><\/strong><\/li>\n<\/ul>\n<p>&nbsp;<\/p>\n<p><img loading=\"lazy\" decoding=\"async\" class=\"aligncenter wp-image-2313699\" src=\"https:\/\/puntocritico.com\/ausajpuntocritico\/wp-content\/uploads\/2025\/10\/Madrid-contenedores-RSU-Seleccion-por-contenedores-hidraulicos-300x200.jpg\" alt=\"\" width=\"400\" height=\"267\" srcset=\"https:\/\/puntocritico.com\/ausajpuntocritico\/wp-content\/uploads\/2025\/10\/Madrid-contenedores-RSU-Seleccion-por-contenedores-hidraulicos-300x200.jpg 300w, https:\/\/puntocritico.com\/ausajpuntocritico\/wp-content\/uploads\/2025\/10\/Madrid-contenedores-RSU-Seleccion-por-contenedores-hidraulicos-768x512.jpg 768w, https:\/\/puntocritico.com\/ausajpuntocritico\/wp-content\/uploads\/2025\/10\/Madrid-contenedores-RSU-Seleccion-por-contenedores-hidraulicos.jpg 900w\" sizes=\"auto, (max-width: 400px) 100vw, 400px\" \/><\/p>\n<p>&nbsp;<\/p>\n<\/blockquote>\n<blockquote>\n<h4 style=\"text-align: justify;\"><span style=\"font-size: 14pt;\"><strong>Evoluci\u00f3n y Ejes de la Pol\u00edtica Ambiental Comunitaria<\/strong><\/span><\/h4>\n<p style=\"text-align: justify;\"><span style=\"font-size: 14pt;\"><strong>La pol\u00edtica medioambiental de la Uni\u00f3n Europea ha experimentado una notable evoluci\u00f3n desde sus inicios, pasando de un enfoque reactivo a uno preventivo y estrat\u00e9gico.<\/strong><\/span><\/p>\n<p>&nbsp;<\/p>\n<p style=\"text-align: center;\"><strong><span style=\"font-size: 14pt; color: #008000;\">La pol\u00edtica medioambiental de la Uni\u00f3n Europea ha experimentado una notable evoluci\u00f3n desde sus inicios, pasando de un enfoque reactivo a uno preventivo y estrat\u00e9gico.<\/span><\/strong><\/p>\n<p>&nbsp;<\/p>\n<\/blockquote>\n<blockquote>\n<p><img loading=\"lazy\" decoding=\"async\" class=\"aligncenter wp-image-2300679\" src=\"https:\/\/puntocritico.com\/ausajpuntocritico\/wp-content\/uploads\/2024\/08\/ALERTADORES-EN-EUROPA-300x168.jpeg\" alt=\"\" width=\"440\" height=\"246\" srcset=\"https:\/\/puntocritico.com\/ausajpuntocritico\/wp-content\/uploads\/2024\/08\/ALERTADORES-EN-EUROPA-300x168.jpeg 300w, https:\/\/puntocritico.com\/ausajpuntocritico\/wp-content\/uploads\/2024\/08\/ALERTADORES-EN-EUROPA-1024x573.jpeg 1024w, https:\/\/puntocritico.com\/ausajpuntocritico\/wp-content\/uploads\/2024\/08\/ALERTADORES-EN-EUROPA-768x429.jpeg 768w, https:\/\/puntocritico.com\/ausajpuntocritico\/wp-content\/uploads\/2024\/08\/ALERTADORES-EN-EUROPA-678x381.jpeg 678w, https:\/\/puntocritico.com\/ausajpuntocritico\/wp-content\/uploads\/2024\/08\/ALERTADORES-EN-EUROPA.jpeg 1200w\" sizes=\"auto, (max-width: 440px) 100vw, 440px\" \/><\/p>\n<p>&nbsp;<\/p>\n<p style=\"text-align: justify;\"><span style=\"font-size: 14pt;\">Las <strong>principales l\u00edneas de actuaci\u00f3n<\/strong> que definen la pol\u00edtica actual <strong>se articulan en torno a varios ejes<\/strong>:<\/span><\/p>\n<ol>\n<li style=\"text-align: justify;\"><strong><span style=\"color: #008000; font-size: 14pt;\"><span style=\"text-decoration: underline;\">Actuaciones de Car\u00e1cter General<\/span>: Incluyen el desarrollo de principios rectores como \u00ab<em>quien contamina paga<\/em>\u00ab, la prevenci\u00f3n en origen, la integraci\u00f3n de la pol\u00edtica ambiental en otras pol\u00edticas sectoriales y la promoci\u00f3n del desarrollo sostenible.<\/span><\/strong><\/li>\n<li style=\"text-align: justify;\"><strong><span style=\"color: #008000; font-size: 14pt;\"><span style=\"text-decoration: underline;\">Actuaciones en Materia de RSU<\/span>: Se centran en establecer una jerarqu\u00eda clara para la gesti\u00f3n de residuos: prevenci\u00f3n, preparaci\u00f3n para la reutilizaci\u00f3n, reciclado, otros tipos de valorizaci\u00f3n (<em>como la energ\u00e9tica<\/em>) y, como \u00faltima opci\u00f3n, la eliminaci\u00f3n segura.<\/span><\/strong><\/li>\n<li style=\"text-align: justify;\"><strong><span style=\"color: #008000; font-size: 14pt;\"><span style=\"text-decoration: underline;\">Instrumentos Econ\u00f3micos<\/span>: La UE promueve activamente el uso de herramientas de mercado. <\/span><\/strong><strong><span style=\"color: #008000; font-size: 14pt;\">Este eje refleja una evoluci\u00f3n fundamental en la estrategia pol\u00edtica comunitaria: un tr\u00e1nsito desde un enfoque puramente regulatorio de \u00ab<em>comando y control<\/em>\u00bb hacia uno que utiliza mecanismos econ\u00f3micos (<em>c\u00e1nones de vertido, fiscalidad verde, sistemas de dep\u00f3sito y retorno<\/em>) para internalizar los costes ambientales e incentivar comportamientos sostenibles, logrando objetivos de forma m\u00e1s eficiente.<\/span><\/strong><\/li>\n<\/ol>\n<p>&nbsp;<\/p>\n<p><img loading=\"lazy\" decoding=\"async\" class=\"aligncenter wp-image-2313703\" src=\"https:\/\/puntocritico.com\/ausajpuntocritico\/wp-content\/uploads\/2025\/10\/Envases-y-embalajes-2-300x168.jpeg\" alt=\"\" width=\"480\" height=\"269\" srcset=\"https:\/\/puntocritico.com\/ausajpuntocritico\/wp-content\/uploads\/2025\/10\/Envases-y-embalajes-2-300x168.jpeg 300w, https:\/\/puntocritico.com\/ausajpuntocritico\/wp-content\/uploads\/2025\/10\/Envases-y-embalajes-2-1024x573.jpeg 1024w, https:\/\/puntocritico.com\/ausajpuntocritico\/wp-content\/uploads\/2025\/10\/Envases-y-embalajes-2-768x430.jpeg 768w, https:\/\/puntocritico.com\/ausajpuntocritico\/wp-content\/uploads\/2025\/10\/Envases-y-embalajes-2-678x381.jpeg 678w, https:\/\/puntocritico.com\/ausajpuntocritico\/wp-content\/uploads\/2025\/10\/Envases-y-embalajes-2-1320x739.jpeg 1320w, https:\/\/puntocritico.com\/ausajpuntocritico\/wp-content\/uploads\/2025\/10\/Envases-y-embalajes-2.jpeg 1440w\" sizes=\"auto, (max-width: 480px) 100vw, 480px\" \/><\/p>\n<p>&nbsp;<\/p>\n<h4 style=\"text-align: justify;\"><span style=\"font-size: 14pt;\"><strong>Perspectivas Normativas (a\u00f1o 1994): La Futura <a href=\"https:\/\/www.boe.es\/buscar\/doc.php?id=DOUE-L-2025-80087\" target=\"_blank\" rel=\"noopener\" data-schema-attribute=\"\">Directiva sobre Envases y Embalajes<\/a><\/strong><\/span><\/h4>\n<p style=\"text-align: justify;\"><span style=\"font-size: 14pt;\">Un claro ejemplo de la direcci\u00f3n proactiva y evolutiva de la legislaci\u00f3n comunitaria es la futura <strong>directiva sobre envases y embalajes mencionada en el contexto de la \u00e9poca<\/strong>. Este tipo de normativas espec\u00edficas demuestra el i<strong>nter\u00e9s de la UE por abordar problemas concretos en la fuente<\/strong>, promoviendo la <strong>prevenci\u00f3n, el ecodise\u00f1o y la responsabilidad ampliada del productor<\/strong>. <\/span><\/p>\n<p style=\"text-align: justify;\"><span style=\"font-size: 14pt;\">Estas futuras regulaciones <strong>anticipan las tendencias y marcan el camino<\/strong> que deber\u00e1n seguir los Estados miembros en su legislaci\u00f3n y sus pr\u00e1cticas de gesti\u00f3n de residuos.<\/span><\/p>\n<p style=\"text-align: justify;\"><span style=\"font-size: 14pt;\"><strong>La interacci\u00f3n entre el detallado marco nacional espa\u00f1ol y las directrices estrat\u00e9gicas de la Uni\u00f3n Europea crea un sistema de gobernanza complejo<\/strong> cuyas implicaciones pr\u00e1cticas merecen una <strong>s\u00edntesis final<\/strong>.<\/span><\/p>\n<p>&nbsp;<\/p>\n<p><img loading=\"lazy\" decoding=\"async\" class=\"aligncenter wp-image-2313697\" src=\"https:\/\/puntocritico.com\/ausajpuntocritico\/wp-content\/uploads\/2025\/10\/residuos-amb-retema-2.jpg-300x193.webp\" alt=\"\" width=\"400\" height=\"257\" srcset=\"https:\/\/puntocritico.com\/ausajpuntocritico\/wp-content\/uploads\/2025\/10\/residuos-amb-retema-2.jpg-300x193.webp 300w, https:\/\/puntocritico.com\/ausajpuntocritico\/wp-content\/uploads\/2025\/10\/residuos-amb-retema-2.jpg.webp 700w\" sizes=\"auto, (max-width: 400px) 100vw, 400px\" \/><\/p>\n<p>&nbsp;<\/p>\n<h3 style=\"text-align: center;\"><span style=\"font-size: 18pt;\"><strong>4. Conclusi\u00f3n: Convergencia de los Marcos Normativos y su Implicaci\u00f3n Pr\u00e1ctica<\/strong><\/span><\/h3>\n<p style=\"text-align: justify;\"><span style=\"font-size: 14pt;\"><strong>La gesti\u00f3n de los Residuos S\u00f3lidos Urbanos se desenvuelve en un escenario regulatorio de doble nivel<\/strong>, donde la <strong>normativa nacional espa\u00f1ola coexiste e interact\u00faa con el marco comunitario de la Uni\u00f3n Europea<\/strong>. <\/span><\/p>\n<p style=\"text-align: justify;\"><span style=\"font-size: 14pt;\">A continuaci\u00f3n, se sintetizan las implicaciones pr\u00e1cticas de esta convergencia para los profesionales y operadores del sector medioambiental, delineando un panorama de obligaciones y oportunidades en constante evoluci\u00f3n. <\/span><span style=\"font-size: 14pt;\"><strong>La interacci\u00f3n entre ambos ordenamientos jur\u00eddicos conforma un sistema de gobernanza de tensiones y sinergias<\/strong>. <\/span><\/p>\n<p style=\"text-align: justify;\"><span style=\"font-size: 14pt;\">El <strong>modelo espa\u00f1ol, fundamentado en la distribuci\u00f3n de competencias y la concepci\u00f3n de la recogida como un servicio p\u00fablico de monopolio local<\/strong>, debe operar en estricta consonancia con los principios y directivas de la UE. <\/span><\/p>\n<p style=\"text-align: justify;\"><span style=\"font-size: 14pt;\">Esta convergencia no es un mero acto de cumplimiento, sino una <strong>fuerza transformadora: obliga a las administraciones locales a reevaluar su rol tradicional<\/strong>. <\/span><\/p>\n<p style=\"text-align: justify;\"><span style=\"font-size: 14pt;\"><strong>El servicio municipal debe evolucionar desde su concepci\u00f3n hist\u00f3rica como un servicio de salud p\u00fablica (<em>mera recogida<\/em>) hacia un modelo integral de gesti\u00f3n de recursos<\/strong>, lo que constituye un imperativo ambiental y econ\u00f3mico dictado por principios europeos como la <strong>jerarqu\u00eda de residuos y la econom\u00eda circular<\/strong>.<\/span><\/p>\n<p style=\"text-align: justify;\"><span style=\"font-size: 14pt;\">En consecuencia, para los profesionales jur\u00eddicos y t\u00e9cnicos del sector, <strong>una postura pasiva y meramente reactiva al cumplimiento normativo ya no es suficiente<\/strong>. La vigilancia regulatoria proactiva y la adaptaci\u00f3n estrat\u00e9gica a la agenda europea son ahora requisitos fundamentales para garantizar la legalidad operativa, la eficacia ambiental y la viabilidad econ\u00f3mica a largo plazo de cualquier proyecto o servicio en el \u00e1mbito de la gesti\u00f3n de residuos.<\/span><\/p>\n<p>&nbsp;<\/p>\n<p style=\"text-align: center;\"><span style=\"color: #008000;\"><strong><span style=\"font-size: 14pt;\">La vigilancia regulatoria proactiva y la adaptaci\u00f3n estrat\u00e9gica a la agenda europea son ahora requisitos fundamentales para garantizar la legalidad operativa, la eficacia ambiental y la viabilidad econ\u00f3mica a largo plazo de cualquier proyecto o servicio en el \u00e1mbito de la gesti\u00f3n de residuos.<\/span><\/strong><\/span><\/p>\n<\/blockquote>\n<p>&nbsp;<\/p>\n<p><img loading=\"lazy\" decoding=\"async\" class=\"aligncenter wp-image-2313696\" src=\"https:\/\/puntocritico.com\/ausajpuntocritico\/wp-content\/uploads\/2025\/10\/RSU-seleccion-nave.jpg\" alt=\"\" width=\"440\" height=\"255\" \/><\/p>\n<p style=\"text-align: center;\"><span style=\"font-size: 18pt;\"><strong><span style=\"color: #008000;\">*******<\/span><\/strong><\/span><\/p>\n<p><img loading=\"lazy\" decoding=\"async\" class=\"aligncenter wp-image-2313407 size-large\" src=\"https:\/\/puntocritico.com\/ausajpuntocritico\/wp-content\/uploads\/2025\/10\/1996-11-10-peligrobasurarevistaelmundo1-scaled-1-1024x697.jpg\" alt=\"RSU\" width=\"1024\" height=\"697\" srcset=\"https:\/\/puntocritico.com\/ausajpuntocritico\/wp-content\/uploads\/2025\/10\/1996-11-10-peligrobasurarevistaelmundo1-scaled-1-1024x697.jpg 1024w, https:\/\/puntocritico.com\/ausajpuntocritico\/wp-content\/uploads\/2025\/10\/1996-11-10-peligrobasurarevistaelmundo1-scaled-1-300x204.jpg 300w, https:\/\/puntocritico.com\/ausajpuntocritico\/wp-content\/uploads\/2025\/10\/1996-11-10-peligrobasurarevistaelmundo1-scaled-1-768x523.jpg 768w, https:\/\/puntocritico.com\/ausajpuntocritico\/wp-content\/uploads\/2025\/10\/1996-11-10-peligrobasurarevistaelmundo1-scaled-1-1536x1046.jpg 1536w, https:\/\/puntocritico.com\/ausajpuntocritico\/wp-content\/uploads\/2025\/10\/1996-11-10-peligrobasurarevistaelmundo1-scaled-1-2048x1394.jpg 2048w, https:\/\/puntocritico.com\/ausajpuntocritico\/wp-content\/uploads\/2025\/10\/1996-11-10-peligrobasurarevistaelmundo1-scaled-1-1320x899.jpg 1320w\" sizes=\"auto, (max-width: 1024px) 100vw, 1024px\" \/><\/p>\n<p>&nbsp;<\/p>\n<h2 style=\"text-align: center;\"><span style=\"font-size: 24pt;\">LOS RSU: RESIDUOS S\u00d3LIDOS URBANOS: HISTORIA DE SU REGULACI\u00d3N EN ESPA\u00d1A<\/span><\/h2>\n<p style=\"text-align: center;\"><strong><span style=\"font-size: 18pt;\">PARTE 2<\/span><\/strong><\/p>\n<p style=\"text-align: justify;\"><span style=\"font-size: 14pt;\">Por\u00a0<\/span><span style=\"font-size: 14pt;\"><span style=\"font-family: arial, helvetica, sans-serif;\"><a href=\"https:\/\/puntocritico.com\/ausaj\/documentos\/Curriculum_Vitae_JDF.pdf\" target=\"_blank\" rel=\"noopener noreferrer\">Jes\u00fas D\u00edaz Formoso<\/a><\/span>, 1994<\/span><\/p>\n<p style=\"text-align: justify;\"><span style=\"font-size: 14pt;\">Punto Cr\u00edtico Abogados<\/span><\/p>\n<p><img loading=\"lazy\" decoding=\"async\" class=\"aligncenter wp-image-2313707 size-full\" src=\"https:\/\/puntocritico.com\/ausajpuntocritico\/wp-content\/uploads\/2025\/10\/residuos-peligrosos-1.jpg\" alt=\"\" width=\"500\" height=\"232\" srcset=\"https:\/\/puntocritico.com\/ausajpuntocritico\/wp-content\/uploads\/2025\/10\/residuos-peligrosos-1.jpg 500w, https:\/\/puntocritico.com\/ausajpuntocritico\/wp-content\/uploads\/2025\/10\/residuos-peligrosos-1-300x139.jpg 300w\" sizes=\"auto, (max-width: 500px) 100vw, 500px\" \/><\/p>\n<h3 style=\"text-align: center;\"><span style=\"font-size: 18pt;\"><strong>CAPITULO III: LOS R.S.U.<\/strong><\/span><\/h3>\n<blockquote>\n<p style=\"text-align: center;\"><span style=\"font-size: 14pt; color: #008000;\"><strong>3.1.-<\/strong> CUESTIONES GENERALES.\u00a0<\/span><span style=\"font-size: 14pt; color: #008000;\"><strong>3.1.1.-<\/strong> Definici\u00f3n. <strong>3.1.2.-<\/strong> Producci\u00f3n y composici\u00f3n. <strong>3.1.3.-<\/strong> Gesti\u00f3n: fases y sistemas. * Vertedero. * Incineraci\u00f3n. * Reciclaje. * Compostaje. <strong>3.2.-<\/strong> LA RECUPERACION SELECTIVA. <strong>3.3.-<\/strong> ESPECIAL REFERENCIA A LA RECUPERACION DE PAPEL Y CARTON.<\/span><\/p>\n<\/blockquote>\n<p>&nbsp;<\/p>\n<p><img loading=\"lazy\" decoding=\"async\" class=\"aligncenter wp-image-2313708\" src=\"https:\/\/puntocritico.com\/ausajpuntocritico\/wp-content\/uploads\/2025\/10\/gestion-residuos-peligrosos-radiactivos-1-300x181.jpg\" alt=\"\" width=\"480\" height=\"290\" srcset=\"https:\/\/puntocritico.com\/ausajpuntocritico\/wp-content\/uploads\/2025\/10\/gestion-residuos-peligrosos-radiactivos-1-300x181.jpg 300w, https:\/\/puntocritico.com\/ausajpuntocritico\/wp-content\/uploads\/2025\/10\/gestion-residuos-peligrosos-radiactivos-1-1024x619.jpg 1024w, https:\/\/puntocritico.com\/ausajpuntocritico\/wp-content\/uploads\/2025\/10\/gestion-residuos-peligrosos-radiactivos-1-768x464.jpg 768w, https:\/\/puntocritico.com\/ausajpuntocritico\/wp-content\/uploads\/2025\/10\/gestion-residuos-peligrosos-radiactivos-1-1536x928.jpg 1536w, https:\/\/puntocritico.com\/ausajpuntocritico\/wp-content\/uploads\/2025\/10\/gestion-residuos-peligrosos-radiactivos-1-1320x797.jpg 1320w, https:\/\/puntocritico.com\/ausajpuntocritico\/wp-content\/uploads\/2025\/10\/gestion-residuos-peligrosos-radiactivos-1.jpg 1788w\" sizes=\"auto, (max-width: 480px) 100vw, 480px\" \/><\/p>\n<p>&nbsp;<\/p>\n<h4 style=\"text-align: center;\"><span style=\"font-size: 18pt;\"><strong>3.1.- CUESTIONES GENERALES.<\/strong><\/span><\/h4>\n<h5><span style=\"font-size: 14pt;\"><strong>LOS R.S.U.<\/strong><\/span><\/h5>\n<p style=\"text-align: justify;\"><span style=\"font-size: 14pt;\"><strong>En la naturaleza, los deshechos son constantemente\u00a0reutilizados, existiendo una circulaci\u00f3n de la materia, por lo\u00a0que no existen residuos<\/strong>, pues todo posee utilidad y es\u00a0reciclado. <strong>Los residuos son el resultado de las sociedades\u00a0humanas<\/strong>. Constituyen un <strong>problema creciente<\/strong>, al que tiene que\u00a0enfrentarse la sociedad moderna.<\/span><\/p>\n<p style=\"text-align: justify;\"><span style=\"font-size: 14pt;\">En los pa\u00edses occidentales, en la medida que aumenta el\u00a0desarrollo y mejora la calidad de vida, se contempla con\u00a0preocupaci\u00f3n las crecientes monta\u00f1as de basuras que ocupan\u00a0espacios inmensos, con efecto negativo sobre el medio\u00a0ambiente. <\/span><\/p>\n<p style=\"text-align: justify;\"><span style=\"font-size: 14pt;\">Es la otra cara de la moneda: <strong>a m\u00e1s crecimiento\u00a0econ\u00f3mico y bienestar, mayor volumen de basura y mayor coste\u00a0de tratamiento y eliminaci\u00f3n<\/strong>, adem\u00e1s del creciente rechazo de\u00a0la sociedad consciente del peligro de contaminaci\u00f3n de su\u00a0medio ambiente.<\/span><\/p>\n<p>&nbsp;<\/p>\n<figure id=\"attachment_2313750\" aria-describedby=\"caption-attachment-2313750\" style=\"width: 360px\" class=\"wp-caption aligncenter\"><img loading=\"lazy\" decoding=\"async\" class=\"wp-image-2313750\" src=\"https:\/\/puntocritico.com\/ausajpuntocritico\/wp-content\/uploads\/2025\/10\/NimbY.jpg\" alt=\"\" width=\"360\" height=\"270\" srcset=\"https:\/\/puntocritico.com\/ausajpuntocritico\/wp-content\/uploads\/2025\/10\/NimbY.jpg 259w, https:\/\/puntocritico.com\/ausajpuntocritico\/wp-content\/uploads\/2025\/10\/NimbY-80x60.jpg 80w\" sizes=\"auto, (max-width: 360px) 100vw, 360px\" \/><figcaption id=\"caption-attachment-2313750\" class=\"wp-caption-text\"><span style=\"color: #008000;\">Nimby: \u00abNot in my back yard\u00bb (en mi patio no)<\/span><\/figcaption><\/figure>\n<p>&nbsp;<\/p>\n<p style=\"text-align: justify;\"><span style=\"font-size: 14pt;\"><strong>Los tipos de basuras dom\u00e9sticas:<\/strong>\u00a0En cuanto a su composici\u00f3n, est\u00e1n las formadas por\u00a0elementos\u00a0<strong>putrescibles o fermentables<\/strong>\u00a0a base de materia\u00a0org\u00e1nica; las constituidas por elementos\u00a0<strong>inertes<\/strong>; y en\u00a0cantidades menores, los restos de productos qu\u00edmicos <strong>t\u00f3xicos\u00a0y peligrosos<\/strong>.<\/span><\/p>\n<p style=\"text-align: justify;\"><span style=\"font-size: 14pt;\">Pero adem\u00e1s de estos residuos domiciliarios, se producen\u00a0otros tipos:\u00a0<strong>voluminosos<\/strong> (<em>muebles, electrodom\u00e9sticos, etc.<\/em>),\u00a0autom\u00f3viles abandonados, escombros, y los procedentes de la\u00a0limpieza de calles, de solares, de fachadas, retirada de\u00a0vallas publicitarias, m\u00e1s otros especiales, como los de\u00a0hospitales y laboratorios, etc., muchos de los cuales exigen\u00a0servicios de <strong>recogida y eliminaci\u00f3n exprofeso y costosos<\/strong>.<\/span><\/p>\n<p style=\"text-align: justify;\"><span style=\"font-size: 14pt;\">En la actualidad no puede decirse que existan, salvo en\u00a0algunos ayuntamientos aislados,\u00a0<strong>servicios municipales de<\/strong>\u00a0<strong>recogidas especiales de los residuos t\u00f3xicos y peligrosos<\/strong>\u00a0que\u00a0se generan en las ciudades, en el sentido de medicinas,\u00a0productos abrasivos, lej\u00edas, pinturas, disolventes, etc. que\u00a0deber\u00edan recogerse todos ellos en recipientes especiales y ser\u00a0eliminados o neutralizados aparte del resto de las basuras,\u00a0para evitar su contaminaci\u00f3n.<\/span><\/p>\n<p style=\"text-align: justify;\"><span style=\"font-size: 14pt;\">La \u00fanica excepci\u00f3n significativa es la reciente recogida\u00a0de la pilas de \u00ab<em><strong>bot\u00f3n<\/strong><\/em>\u00bb el\u00e9ctricas que se est\u00e1 llevando a cabo\u00a0en muchos municipios en colaboraci\u00f3n con la Cruz Roja, el\u00a0servicio de Correos y los establecimientos comerciales.<\/span><\/p>\n<p style=\"text-align: justify;\"><span style=\"font-size: 14pt;\">En cuanto a los\u00a0<strong>residuos radioactivos<\/strong>\u00a0producidos en\u00a0hospitales, laboratorios y centros de investigaci\u00f3n, la\u00a0situaci\u00f3n es mucho m\u00e1s grave a\u00fan debido a su mayor\u00a0peligrosidad y falta de recogida seria y efectiva.<\/span><\/p>\n<p>&nbsp;<\/p>\n<figure id=\"attachment_2313756\" aria-describedby=\"caption-attachment-2313756\" style=\"width: 400px\" class=\"wp-caption aligncenter\"><img loading=\"lazy\" decoding=\"async\" class=\"wp-image-2313756\" src=\"https:\/\/puntocritico.com\/ausajpuntocritico\/wp-content\/uploads\/2025\/10\/enresa-300x200.jpg\" alt=\"\" width=\"400\" height=\"267\" srcset=\"https:\/\/puntocritico.com\/ausajpuntocritico\/wp-content\/uploads\/2025\/10\/enresa-300x200.jpg 300w, https:\/\/puntocritico.com\/ausajpuntocritico\/wp-content\/uploads\/2025\/10\/enresa.jpg 690w\" sizes=\"auto, (max-width: 400px) 100vw, 400px\" \/><figcaption id=\"caption-attachment-2313756\" class=\"wp-caption-text\"><span style=\"color: #008000;\">Central nuclear de Garo\u00f1a<\/span><\/figcaption><\/figure>\n<p>&nbsp;<\/p>\n<p style=\"text-align: justify;\"><span style=\"font-size: 14pt;\"><em>La\u00a0competencia de la recogida y tratamiento corresponde a la\u00a0<strong>empresa estatal<\/strong> <a href=\"https:\/\/www.enresa.es\/esp\/\" target=\"_blank\" rel=\"noopener\" data-schema-attribute=\"\"><strong>ENRESA<\/strong><\/a><\/em>, ignor\u00e1ndose por parte municipal, en la\u00a0mayor\u00eda de las ciudades espa\u00f1olas, la producci\u00f3n, tipos y\u00a0peligrosidad de los residuos radioactivos que en ellas se\u00a0generan, muchos de los cuales simplemente arrojados a las\u00a0cloacas o sistemas se evacuaci\u00f3n de residuos urbanos normales.<\/span><\/p>\n<p style=\"text-align: justify;\"><span style=\"font-size: 14pt;\">Por desconocer, no sabemos, ni lo saben quiz\u00e1s la mayor\u00eda de\u00a0los ayuntamientos, la <strong>contaminaci\u00f3n radiactiva<\/strong> existente,\u00a0aunque ya ha sido denunciada por algunos ayuntamientos como\u00a0algo extremadamente peligroso.<\/span><\/p>\n<p style=\"text-align: justify;\"><span style=\"font-size: 14pt;\">En estas condiciones no es extra\u00f1o o\u00edr a m\u00e1s de un investigador madrile\u00f1o que, harto de llevar a la antigua J<em>unta de Energ\u00eda Nuclear<\/em> en su propio coche los residuos radiactivos que genera en su labor diaria, y ante el peligro y riesgo que esto supone sin compensaci\u00f3n alguna, decide <strong>verterlos por el fregadero del laboratorio<\/strong> \u00ab<em>como hacen los dem\u00e1s<\/em>\u00ab.<\/span><\/p>\n<p style=\"text-align: justify;\"><span style=\"font-size: 14pt;\">Es tambi\u00e9n grave la situaci\u00f3n de los <strong>residuos sanitarios<\/strong>\u00a0procedentes de quir\u00f3fano, laboratorios m\u00e9dicos, etc., y cuyo\u00a0destino te\u00f3ricamente deber\u00eda ser la <strong>incineraci\u00f3n<\/strong> en hornos\u00a0especiales de gesti\u00f3n municipal para garantizar su destrucci\u00f3n\u00a0real.<\/span><\/p>\n<p>&nbsp;<\/p>\n<p><img loading=\"lazy\" decoding=\"async\" class=\"aligncenter wp-image-2313759\" src=\"https:\/\/puntocritico.com\/ausajpuntocritico\/wp-content\/uploads\/2025\/10\/residuos-sanitarios-1-300x200.jpg\" alt=\"\" width=\"440\" height=\"293\" srcset=\"https:\/\/puntocritico.com\/ausajpuntocritico\/wp-content\/uploads\/2025\/10\/residuos-sanitarios-1-300x200.jpg 300w, https:\/\/puntocritico.com\/ausajpuntocritico\/wp-content\/uploads\/2025\/10\/residuos-sanitarios-1-1024x683.jpg 1024w, https:\/\/puntocritico.com\/ausajpuntocritico\/wp-content\/uploads\/2025\/10\/residuos-sanitarios-1-768x512.jpg 768w, https:\/\/puntocritico.com\/ausajpuntocritico\/wp-content\/uploads\/2025\/10\/residuos-sanitarios-1-1536x1024.jpg 1536w, https:\/\/puntocritico.com\/ausajpuntocritico\/wp-content\/uploads\/2025\/10\/residuos-sanitarios-1-2048x1365.jpg 2048w, https:\/\/puntocritico.com\/ausajpuntocritico\/wp-content\/uploads\/2025\/10\/residuos-sanitarios-1-1320x880.jpg 1320w\" sizes=\"auto, (max-width: 440px) 100vw, 440px\" \/><\/p>\n<p>&nbsp;<\/p>\n<p style=\"text-align: justify;\"><span style=\"font-size: 14pt;\">La confusa situaci\u00f3n actual, sin censos de producci\u00f3n de\u00a0estos residuos, permite que parte de ellos, en el mejor de los\u00a0casos, sea incinerada en hornos de los propios hospitales,\u00a0otra parte sea recogida por los servicios municipales en\u00a0algunas ciudades y otra parte sea simplemente arrojada a la\u00a0basura e incluso quemada al aire libre cerca del hospital.<\/span><\/p>\n<p style=\"text-align: justify;\"><span style=\"font-size: 14pt;\">En algunas ciudades existen <strong>recogidas especiales de\u00a0residuos de hospitales, f\u00e1rmacos caducados y pilas el\u00e9ctricas\u00a0corrientes<\/strong> (<em>Barcelona, en 1.988 recogi\u00f3 4.071 kg de f\u00e1rmacos,\u00a0incluida la recogida especial en hospitales<\/em>).<\/span><\/p>\n<p style=\"text-align: justify;\"><span style=\"font-size: 14pt;\"><strong>Cada ciudad habr\u00eda de contar con un inventario de los\u00a0residuos peligrosos<\/strong> que producen, sus tipos, periodicidad,\u00a0cantidades peligrosas, etc. <\/span><\/p>\n<p style=\"text-align: justify;\"><span style=\"font-size: 14pt;\">Es la \u00fanica forma de poder\u00a0establecer una recogida y tratamiento municipal correcto y\u00a0efectivo, dado <strong>el enorme perjuicio que su vertido ocasiona\u00a0tanto a la fabricaci\u00f3n de abono a partir de la basura, como a\u00a0las depuradoras de agua, la salud de los ciudadanos y al\u00a0entorno en general<\/strong>.<\/span><\/p>\n<p style=\"text-align: justify;\"><span style=\"font-size: 14pt;\">Este grave problema, exige el inter\u00e9s de todos los estamentos de la sociedad (<em>Administraci\u00f3n Central, Provincial y Local, centros de investigaci\u00f3n, y especialmente, de los ciudadanos, mediante la <strong>corresponsabilidad<\/strong>, y de los\u00a0productores y comercializadores, mediante la\u00a0<strong>internalizaci\u00f3n<\/strong>\u00a0de los\u00a0<strong>costes ambientales<\/strong><\/em>), requiriendo medidas preventivas y\u00a0soluciones positivas que permitan hacer compatible el\u00a0<strong>desarrollo econ\u00f3mico<\/strong>\u00a0con una\u00a0<strong>mejora del medio ambiente<\/strong>,\u00a0evitando el despilfarro que supone el tratamiento tradicional\u00a0de los residuos.<\/span><\/p>\n<p>&nbsp;<\/p>\n<p><a href=\"https:\/\/gestorderesiduosmadrid.es\/codigos-ler-gestion-residuos\/\" target=\"_blank\" rel=\"noopener\" data-schema-attribute=\"\"><img loading=\"lazy\" decoding=\"async\" class=\"aligncenter wp-image-2313741 size-full\" src=\"https:\/\/puntocritico.com\/ausajpuntocritico\/wp-content\/uploads\/2025\/10\/codigos-ler-gestion-residuos-PPAL.jpg\" alt=\"\" width=\"678\" height=\"381\" srcset=\"https:\/\/puntocritico.com\/ausajpuntocritico\/wp-content\/uploads\/2025\/10\/codigos-ler-gestion-residuos-PPAL.jpg 678w, https:\/\/puntocritico.com\/ausajpuntocritico\/wp-content\/uploads\/2025\/10\/codigos-ler-gestion-residuos-PPAL-300x169.jpg 300w\" sizes=\"auto, (max-width: 678px) 100vw, 678px\" \/><\/a><\/p>\n<p>&nbsp;<\/p>\n<h4 style=\"text-align: center;\"><span style=\"font-size: 14pt;\"><strong>LA GESTI\u00d3N DE RSU EN LOS PAISES DE LA CE<\/strong><\/span><\/h4>\n<blockquote>\n<table style=\"width: 96%; height: 808px;\" width=\"96%\">\n<tbody>\n<tr style=\"height: 80px;\">\n<td style=\"width: 7%; height: 80px;\" width=\"7%\">\n<p><span style=\"font-size: 14pt;\"><strong>Pa\u00edses<\/strong><\/span><\/p>\n<\/td>\n<td style=\"width: 5%; height: 80px;\" width=\"5%\">\n<p><span style=\"font-size: 14pt;\"><strong>A\u00f1o<\/strong><\/span><\/p>\n<\/td>\n<td style=\"width: 14%; height: 80px;\" width=\"14%\">\n<p><span style=\"font-size: 14pt;\"><strong>PRODUCCI\u00d3N RSU (M\/a\u00f1o)<\/strong><\/span><\/p>\n<\/td>\n<td style=\"width: 10%; height: 80px;\" width=\"10%\">\n<p><span style=\"font-size: 14pt;\"><strong>(kg\/hab. a\u00f1o)<\/strong><\/span><\/p>\n<\/td>\n<td style=\"width: 6%; height: 80px;\" width=\"6%\">\n<p><span style=\"font-size: 14pt;\"><strong>Vertido (M\/a\u00f1o)<\/strong><\/span><\/p>\n<\/td>\n<td style=\"width: 10%; height: 80px;\" width=\"10%\">\n<p><span style=\"font-size: 14pt;\"><strong>Reciclaje (M\/a\u00f1o)<\/strong><\/span><\/p>\n<\/td>\n<\/tr>\n<tr style=\"height: 56px;\">\n<td style=\"width: 7%; height: 56px;\" width=\"7%\">\n<p><span style=\"font-size: 14pt;\"><strong>Alemania<\/strong><\/span><\/p>\n<\/td>\n<td style=\"width: 5%; height: 56px;\" width=\"5%\">\n<p><span style=\"font-size: 14pt;\">1984<\/span><\/p>\n<\/td>\n<td style=\"width: 14%; height: 56px;\" width=\"14%\">\n<p><span style=\"font-size: 14pt;\">19,387<\/span><\/p>\n<\/td>\n<td style=\"width: 10%; height: 56px;\" width=\"10%\">\n<p><span style=\"font-size: 14pt;\">318<\/span><\/p>\n<\/td>\n<td style=\"width: 6%; height: 56px;\" width=\"6%\">\n<p><span style=\"font-size: 14pt;\">13,377<\/span><\/p>\n<\/td>\n<td style=\"width: 10%; height: 56px;\" width=\"10%\">\n<p><span style=\"font-size: 14pt;\">&#8211;<\/span><\/p>\n<\/td>\n<\/tr>\n<tr style=\"height: 56px;\">\n<td style=\"width: 7%; height: 56px;\" width=\"7%\">\n<p><span style=\"font-size: 14pt;\"><strong>B\u00e9lgica<\/strong><\/span><\/p>\n<\/td>\n<td style=\"width: 5%; height: 56px;\" width=\"5%\">\n<p><span style=\"font-size: 14pt;\">1985<\/span><\/p>\n<\/td>\n<td style=\"width: 14%; height: 56px;\" width=\"14%\">\n<p><span style=\"font-size: 14pt;\">3,320<\/span><\/p>\n<\/td>\n<td style=\"width: 10%; height: 56px;\" width=\"10%\">\n<p><span style=\"font-size: 14pt;\">335<\/span><\/p>\n<\/td>\n<td style=\"width: 6%; height: 56px;\" width=\"6%\">\n<p><span style=\"font-size: 14pt;\">1,845<\/span><\/p>\n<\/td>\n<td style=\"width: 10%; height: 56px;\" width=\"10%\">\n<p><span style=\"font-size: 14pt;\">0,028<\/span><\/p>\n<\/td>\n<\/tr>\n<tr style=\"height: 56px;\">\n<td style=\"width: 7%; height: 56px;\" width=\"7%\">\n<p><span style=\"font-size: 14pt;\"><strong>Dinamarca<\/strong><\/span><\/p>\n<\/td>\n<td style=\"width: 5%; height: 56px;\" width=\"5%\">\n<p><span style=\"font-size: 14pt;\">1984<\/span><\/p>\n<\/td>\n<td style=\"width: 14%; height: 56px;\" width=\"14%\">\n<p><span style=\"font-size: 14pt;\">2,149<\/span><\/p>\n<\/td>\n<td style=\"width: 10%; height: 56px;\" width=\"10%\">\n<p><span style=\"font-size: 14pt;\">423<\/span><\/p>\n<\/td>\n<td style=\"width: 6%; height: 56px;\" width=\"6%\">\n<p><span style=\"font-size: 14pt;\">1,361<\/span><\/p>\n<\/td>\n<td style=\"width: 10%; height: 56px;\" width=\"10%\">\n<p><span style=\"font-size: 14pt;\">&#8211;<\/span><\/p>\n<\/td>\n<\/tr>\n<tr style=\"height: 56px;\">\n<td style=\"width: 7%; height: 56px;\" width=\"7%\">\n<p><span style=\"font-size: 14pt;\"><strong>Espa\u00f1a<\/strong><\/span><\/p>\n<\/td>\n<td style=\"width: 5%; height: 56px;\" width=\"5%\">\n<p><span style=\"font-size: 14pt;\"><strong>1986<\/strong><\/span><\/p>\n<\/td>\n<td style=\"width: 14%; height: 56px;\" width=\"14%\">\n<p><span style=\"font-size: 14pt;\"><strong>10,086<\/strong><\/span><\/p>\n<\/td>\n<td style=\"width: 10%; height: 56px;\" width=\"10%\">\n<p><span style=\"font-size: 14pt;\"><strong>272<\/strong><\/span><\/p>\n<\/td>\n<td style=\"width: 6%; height: 56px;\" width=\"6%\">\n<p><span style=\"font-size: 14pt;\"><strong>8,024<\/strong><\/span><\/p>\n<\/td>\n<td style=\"width: 10%; height: 56px;\" width=\"10%\">\n<p><span style=\"font-size: 14pt;\"><strong>0,098<\/strong><\/span><\/p>\n<\/td>\n<\/tr>\n<tr style=\"height: 56px;\">\n<td style=\"width: 7%; height: 56px;\" width=\"7%\">\n<p><span style=\"font-size: 14pt;\"><strong>Francia<\/strong><\/span><\/p>\n<\/td>\n<td style=\"width: 5%; height: 56px;\" width=\"5%\">\n<p><span style=\"font-size: 14pt;\">1986<\/span><\/p>\n<\/td>\n<td style=\"width: 14%; height: 56px;\" width=\"14%\">\n<p><span style=\"font-size: 14pt;\">15,271<\/span><\/p>\n<\/td>\n<td style=\"width: 10%; height: 56px;\" width=\"10%\">\n<p><span style=\"font-size: 14pt;\">272<\/span><\/p>\n<\/td>\n<td style=\"width: 6%; height: 56px;\" width=\"6%\">\n<p><span style=\"font-size: 14pt;\">6,639<\/span><\/p>\n<\/td>\n<td style=\"width: 10%; height: 56px;\" width=\"10%\">\n<p><span style=\"font-size: 14pt;\">&#8211;<\/span><\/p>\n<\/td>\n<\/tr>\n<tr style=\"height: 56px;\">\n<td style=\"width: 7%; height: 56px;\" width=\"7%\">\n<p><span style=\"font-size: 14pt;\"><strong>Grecia<\/strong><\/span><\/p>\n<\/td>\n<td style=\"width: 5%; height: 56px;\" width=\"5%\">\n<p><span style=\"font-size: 14pt;\">1980<\/span><\/p>\n<\/td>\n<td style=\"width: 14%; height: 56px;\" width=\"14%\">\n<p><span style=\"font-size: 14pt;\">3,800<\/span><\/p>\n<\/td>\n<td style=\"width: 10%; height: 56px;\" width=\"10%\">\n<p><span style=\"font-size: 14pt;\">400<\/span><\/p>\n<\/td>\n<td style=\"width: 6%; height: 56px;\" width=\"6%\">\n<p><span style=\"font-size: 14pt;\">3,477<\/span><\/p>\n<\/td>\n<td style=\"width: 10%; height: 56px;\" width=\"10%\">\n<p><span style=\"font-size: 14pt;\">&#8211;<\/span><\/p>\n<\/td>\n<\/tr>\n<tr style=\"height: 56px;\">\n<td style=\"width: 7%; height: 56px;\" width=\"7%\">\n<p><span style=\"font-size: 14pt;\"><strong>Holanda<\/strong><\/span><\/p>\n<\/td>\n<td style=\"width: 5%; height: 56px;\" width=\"5%\">\n<p><span style=\"font-size: 14pt;\">1985<\/span><\/p>\n<\/td>\n<td style=\"width: 14%; height: 56px;\" width=\"14%\">\n<p><span style=\"font-size: 14pt;\">6,510<\/span><\/p>\n<\/td>\n<td style=\"width: 10%; height: 56px;\" width=\"10%\">\n<p><span style=\"font-size: 14pt;\">449<\/span><\/p>\n<\/td>\n<td style=\"width: 6%; height: 56px;\" width=\"6%\">\n<p><span style=\"font-size: 14pt;\">3,580<\/span><\/p>\n<\/td>\n<td style=\"width: 10%; height: 56px;\" width=\"10%\">\n<p><span style=\"font-size: 14pt;\">0,065<\/span><\/p>\n<\/td>\n<\/tr>\n<tr style=\"height: 56px;\">\n<td style=\"width: 7%; height: 56px;\" width=\"7%\">\n<p><span style=\"font-size: 14pt;\"><strong>Irlanda<\/strong><\/span><\/p>\n<\/td>\n<td style=\"width: 5%; height: 56px;\" width=\"5%\">\n<p><span style=\"font-size: 14pt;\">1985<\/span><\/p>\n<\/td>\n<td style=\"width: 14%; height: 56px;\" width=\"14%\">\n<p><span style=\"font-size: 14pt;\">1,700<\/span><\/p>\n<\/td>\n<td style=\"width: 10%; height: 56px;\" width=\"10%\">\n<p><span style=\"font-size: 14pt;\">312<\/span><\/p>\n<\/td>\n<td style=\"width: 6%; height: 56px;\" width=\"6%\">\n<p><span style=\"font-size: 14pt;\">1,210<\/span><\/p>\n<\/td>\n<td style=\"width: 10%; height: 56px;\" width=\"10%\">\n<p><span style=\"font-size: 14pt;\">&#8211;<\/span><\/p>\n<\/td>\n<\/tr>\n<tr style=\"height: 56px;\">\n<td style=\"width: 7%; height: 56px;\" width=\"7%\">\n<p><span style=\"font-size: 14pt;\"><strong>Italia<\/strong><\/span><\/p>\n<\/td>\n<td style=\"width: 5%; height: 56px;\" width=\"5%\">\n<p><span style=\"font-size: 14pt;\">1985<\/span><\/p>\n<\/td>\n<td style=\"width: 14%; height: 56px;\" width=\"14%\">\n<p><span style=\"font-size: 14pt;\">15,100<\/span><\/p>\n<\/td>\n<td style=\"width: 10%; height: 56px;\" width=\"10%\">\n<p><span style=\"font-size: 14pt;\">263<\/span><\/p>\n<\/td>\n<td style=\"width: 6%; height: 56px;\" width=\"6%\">\n<p><span style=\"font-size: 14pt;\">6,700<\/span><\/p>\n<\/td>\n<td style=\"width: 10%; height: 56px;\" width=\"10%\">\n<p><span style=\"font-size: 14pt;\">0,450<\/span><\/p>\n<\/td>\n<\/tr>\n<tr style=\"height: 56px;\">\n<td style=\"width: 7%; height: 56px;\" width=\"7%\">\n<p><span style=\"font-size: 14pt;\"><strong>Luxemburgo<\/strong><\/span><\/p>\n<\/td>\n<td style=\"width: 5%; height: 56px;\" width=\"5%\">\n<p><span style=\"font-size: 14pt;\">1983<\/span><\/p>\n<\/td>\n<td style=\"width: 14%; height: 56px;\" width=\"14%\">\n<p><span style=\"font-size: 14pt;\">0,211<\/span><\/p>\n<\/td>\n<td style=\"width: 10%; height: 56px;\" width=\"10%\">\n<p><span style=\"font-size: 14pt;\">352<\/span><\/p>\n<\/td>\n<td style=\"width: 6%; height: 56px;\" width=\"6%\">\n<p><span style=\"font-size: 14pt;\">0,087<\/span><\/p>\n<\/td>\n<td style=\"width: 10%; height: 56px;\" width=\"10%\">\n<p><span style=\"font-size: 14pt;\">&#8211;<\/span><\/p>\n<\/td>\n<\/tr>\n<tr style=\"height: 56px;\">\n<td style=\"width: 7%; height: 56px;\" width=\"7%\">\n<p><span style=\"font-size: 14pt;\"><strong>Portugal<\/strong><\/span><\/p>\n<\/td>\n<td style=\"width: 5%; height: 56px;\" width=\"5%\">\n<p><span style=\"font-size: 14pt;\">1985<\/span><\/p>\n<\/td>\n<td style=\"width: 14%; height: 56px;\" width=\"14%\">\n<p><span style=\"font-size: 14pt;\">2,246<\/span><\/p>\n<\/td>\n<td style=\"width: 10%; height: 56px;\" width=\"10%\">\n<p><span style=\"font-size: 14pt;\">221<\/span><\/p>\n<\/td>\n<td style=\"width: 6%; height: 56px;\" width=\"6%\">\n<p><span style=\"font-size: 14pt;\">0,539<\/span><\/p>\n<\/td>\n<td style=\"width: 10%; height: 56px;\" width=\"10%\">\n<p><span style=\"font-size: 14pt;\">&#8211;<\/span><\/p>\n<\/td>\n<\/tr>\n<tr style=\"height: 56px;\">\n<td style=\"width: 7%; height: 56px;\" width=\"7%\">\n<p><span style=\"font-size: 14pt;\"><strong>Reino Unido<\/strong><\/span><\/p>\n<\/td>\n<td style=\"width: 5%; height: 56px;\" width=\"5%\">\n<p><span style=\"font-size: 14pt;\">1987<\/span><\/p>\n<\/td>\n<td style=\"width: 14%; height: 56px;\" width=\"14%\">\n<p><span style=\"font-size: 14pt;\">17,737<\/span><\/p>\n<\/td>\n<td style=\"width: 10%; height: 56px;\" width=\"10%\">\n<p><span style=\"font-size: 14pt;\">355<\/span><\/p>\n<\/td>\n<td style=\"width: 6%; height: 56px;\" width=\"6%\">\n<p><span style=\"font-size: 14pt;\">13,835<\/span><\/p>\n<\/td>\n<td style=\"width: 10%; height: 56px;\" width=\"10%\">\n<p><span style=\"font-size: 14pt;\">&#8211;<\/span><\/p>\n<\/td>\n<\/tr>\n<tr style=\"height: 56px;\">\n<td style=\"width: 7%; height: 56px;\" width=\"7%\">\n<p><span style=\"font-size: 14pt;\"><strong>TOTAL CE<\/strong><\/span><\/p>\n<\/td>\n<td style=\"width: 5%; height: 56px;\" width=\"5%\">\n<p>&nbsp;<\/p>\n<\/td>\n<td style=\"width: 14%; height: 56px;\" width=\"14%\">\n<p><span style=\"font-size: 14pt;\"><strong>96,511<\/strong><\/span><\/p>\n<\/td>\n<td style=\"width: 10%; height: 56px;\" width=\"10%\">\n<p><span style=\"font-size: 14pt;\"><strong>305<\/strong><\/span><\/p>\n<\/td>\n<td style=\"width: 6%; height: 56px;\" width=\"6%\">\n<p><span style=\"font-size: 14pt;\"><strong>57,716<\/strong><\/span><\/p>\n<\/td>\n<td style=\"width: 10%; height: 56px;\" width=\"10%\">\n<p><span style=\"font-size: 14pt;\"><strong>0,515<\/strong><\/span><\/p>\n<\/td>\n<\/tr>\n<\/tbody>\n<\/table>\n<p><span style=\"font-size: 14pt;\"><strong>\u00a0<\/strong><strong>\u00a0<\/strong><\/span><\/p>\n<table style=\"width: 96%; height: 873px;\" width=\"96%\">\n<tbody>\n<tr style=\"height: 87px;\">\n<td style=\"width: 7%; height: 87px;\" width=\"7%\">\n<p><span style=\"font-size: 14pt;\"><strong>Pa\u00edses<\/strong><\/span><\/p>\n<\/td>\n<td style=\"width: 6.81612%; height: 87px;\" width=\"5%\">\n<p><span style=\"font-size: 14pt;\"><strong>A\u00f1o<\/strong><\/span><\/p>\n<\/td>\n<td style=\"width: 10.1839%; height: 87px;\" width=\"12%\">\n<p><span style=\"font-size: 14pt;\"><strong>Compostaje (M\/a\u00f1o)<\/strong><\/span><\/p>\n<\/td>\n<td style=\"width: 14%; height: 87px;\" width=\"14%\">\n<p><span style=\"font-size: 14pt;\"><strong>INCINERACION<\/strong><\/span><\/p>\n<\/td>\n<td style=\"width: 13%; height: 87px;\" width=\"13%\">\n<p><strong>Otros (M\/a\u00f1o)<\/strong><\/p>\n<\/td>\n<\/tr>\n<tr style=\"height: 56px;\">\n<td style=\"width: 7%; height: 56px;\" width=\"7%\">\n<p>&nbsp;<\/p>\n<\/td>\n<td style=\"width: 6.81612%; height: 56px;\" width=\"5%\">\n<p>&nbsp;<\/p>\n<\/td>\n<td style=\"width: 10.1839%; height: 56px;\" width=\"12%\">\n<p>&nbsp;<\/p>\n<\/td>\n<td style=\"width: 14%; height: 56px;\" width=\"14%\">\n<p><span style=\"font-size: 14pt;\">Sin recup. Ene. (M\/a\u00f1o)<\/span><\/p>\n<\/td>\n<td style=\"width: 13%; height: 56px;\" width=\"13%\">\n<p><span style=\"font-size: 14pt;\">Con recup. Ene. (M\/a\u00f1o)<\/span><\/p>\n<\/td>\n<\/tr>\n<tr style=\"height: 56px;\">\n<td style=\"width: 7%; height: 56px;\" width=\"7%\">\n<p><span style=\"font-size: 14pt;\"><strong>Alemania<\/strong><\/span><\/p>\n<\/td>\n<td style=\"width: 6.81612%; height: 56px;\" width=\"5%\">\n<p><span style=\"font-size: 14pt;\">1984<\/span><\/p>\n<\/td>\n<td style=\"width: 10.1839%; height: 56px;\" width=\"12%\">\n<p><span style=\"font-size: 14pt;\">0,388<\/span><\/p>\n<\/td>\n<td style=\"width: 14%; height: 56px;\" width=\"14%\">\n<p><span style=\"font-size: 14pt;\">5,428<\/span><\/p>\n<\/td>\n<td style=\"width: 13%; height: 56px;\" width=\"13%\">\n<p><span style=\"font-size: 14pt;\">194<\/span><\/p>\n<\/td>\n<\/tr>\n<tr style=\"height: 56px;\">\n<td style=\"width: 7%; height: 56px;\" width=\"7%\">\n<p><span style=\"font-size: 14pt;\"><strong>B\u00e9lgica<\/strong><\/span><\/p>\n<\/td>\n<td style=\"width: 6.81612%; height: 56px;\" width=\"5%\">\n<p><span style=\"font-size: 14pt;\">1985<\/span><\/p>\n<\/td>\n<td style=\"width: 10.1839%; height: 56px;\" width=\"12%\">\n<p><span style=\"font-size: 14pt;\">0,119<\/span><\/p>\n<\/td>\n<td style=\"width: 14%; height: 56px;\" width=\"14%\">\n<p><span style=\"font-size: 14pt;\">1,291<\/span><\/p>\n<\/td>\n<td style=\"width: 13%; height: 56px;\" width=\"13%\">\n<p><span style=\"font-size: 14pt;\">0,050<\/span><\/p>\n<\/td>\n<\/tr>\n<tr style=\"height: 56px;\">\n<td style=\"width: 7%; height: 56px;\" width=\"7%\">\n<p><span style=\"font-size: 14pt;\"><strong>Dinamarca<\/strong><\/span><\/p>\n<\/td>\n<td style=\"width: 6.81612%; height: 56px;\" width=\"5%\">\n<p><span style=\"font-size: 14pt;\">1984<\/span><\/p>\n<\/td>\n<td style=\"width: 10.1839%; height: 56px;\" width=\"12%\">\n<p><span style=\"font-size: 14pt;\">0,108<\/span><\/p>\n<\/td>\n<td style=\"width: 14%; height: 56px;\" width=\"14%\">\n<p><span style=\"font-size: 14pt;\">0,692<\/span><\/p>\n<\/td>\n<td style=\"width: 13%; height: 56px;\" width=\"13%\">\n<p><span style=\"font-size: 14pt;\">&#8211;<\/span><\/p>\n<\/td>\n<\/tr>\n<tr style=\"height: 56px;\">\n<td style=\"width: 7%; height: 56px;\" width=\"7%\">\n<p><span style=\"font-size: 14pt;\"><strong>Espa\u00f1a<\/strong><\/span><\/p>\n<\/td>\n<td style=\"width: 6.81612%; height: 56px;\" width=\"5%\">\n<p><span style=\"font-size: 14pt;\"><strong>1986<\/strong><\/span><\/p>\n<\/td>\n<td style=\"width: 10.1839%; height: 56px;\" width=\"12%\">\n<p><span style=\"font-size: 14pt;\"><strong>0,250<\/strong><\/span><\/p>\n<\/td>\n<td style=\"width: 14%; height: 56px;\" width=\"14%\">\n<p><span style=\"font-size: 14pt;\"><strong>0,330<\/strong><\/span><\/p>\n<\/td>\n<td style=\"width: 13%; height: 56px;\" width=\"13%\">\n<p><span style=\"font-size: 14pt;\"><strong>0,289<\/strong><\/span><\/p>\n<\/td>\n<\/tr>\n<tr style=\"height: 56px;\">\n<td style=\"width: 7%; height: 56px;\" width=\"7%\">\n<p><span style=\"font-size: 14pt;\"><strong>Francia<\/strong><\/span><\/p>\n<\/td>\n<td style=\"width: 6.81612%; height: 56px;\" width=\"5%\">\n<p><span style=\"font-size: 14pt;\">1986<\/span><\/p>\n<\/td>\n<td style=\"width: 10.1839%; height: 56px;\" width=\"12%\">\n<p><span style=\"font-size: 14pt;\">0,309<\/span><\/p>\n<\/td>\n<td style=\"width: 14%; height: 56px;\" width=\"14%\">\n<p><span style=\"font-size: 14pt;\">2,305<\/span><\/p>\n<\/td>\n<td style=\"width: 13%; height: 56px;\" width=\"13%\">\n<p><span style=\"font-size: 14pt;\">3,972<\/span><\/p>\n<\/td>\n<\/tr>\n<tr style=\"height: 56px;\">\n<td style=\"width: 7%; height: 56px;\" width=\"7%\">\n<p><span style=\"font-size: 14pt;\"><strong>Grecia<\/strong><\/span><\/p>\n<\/td>\n<td style=\"width: 6.81612%; height: 56px;\" width=\"5%\">\n<p><span style=\"font-size: 14pt;\">1980<\/span><\/p>\n<\/td>\n<td style=\"width: 10.1839%; height: 56px;\" width=\"12%\">\n<p><span style=\"font-size: 14pt;\">&#8211;<\/span><\/p>\n<\/td>\n<td style=\"width: 14%; height: 56px;\" width=\"14%\">\n<p><span style=\"font-size: 14pt;\">0,273<\/span><\/p>\n<\/td>\n<td style=\"width: 13%; height: 56px;\" width=\"13%\">\n<p><span style=\"font-size: 14pt;\">&#8211;<\/span><\/p>\n<\/td>\n<\/tr>\n<tr style=\"height: 56px;\">\n<td style=\"width: 7%; height: 56px;\" width=\"7%\">\n<p><span style=\"font-size: 14pt;\"><strong>Holanda<\/strong><\/span><\/p>\n<\/td>\n<td style=\"width: 6.81612%; height: 56px;\" width=\"5%\">\n<p><span style=\"font-size: 14pt;\">1985<\/span><\/p>\n<\/td>\n<td style=\"width: 10.1839%; height: 56px;\" width=\"12%\">\n<p><span style=\"font-size: 14pt;\">0,326<\/span><\/p>\n<\/td>\n<td style=\"width: 14%; height: 56px;\" width=\"14%\">\n<p><span style=\"font-size: 14pt;\">0,680<\/span><\/p>\n<\/td>\n<td style=\"width: 13%; height: 56px;\" width=\"13%\">\n<p><span style=\"font-size: 14pt;\">1,664<\/span><\/p>\n<\/td>\n<\/tr>\n<tr style=\"height: 56px;\">\n<td style=\"width: 7%; height: 56px;\" width=\"7%\">\n<p><span style=\"font-size: 14pt;\"><strong>Irlanda<\/strong><\/span><\/p>\n<\/td>\n<td style=\"width: 6.81612%; height: 56px;\" width=\"5%\">\n<p><span style=\"font-size: 14pt;\">1985<\/span><\/p>\n<\/td>\n<td style=\"width: 10.1839%; height: 56px;\" width=\"12%\">\n<p><span style=\"font-size: 14pt;\">&#8211;<\/span><\/p>\n<\/td>\n<td style=\"width: 14%; height: 56px;\" width=\"14%\">\n<p><span style=\"font-size: 14pt;\">&#8211;<\/span><\/p>\n<\/td>\n<td style=\"width: 13%; height: 56px;\" width=\"13%\">\n<p><span style=\"font-size: 14pt;\">&#8211;<\/span><\/p>\n<\/td>\n<\/tr>\n<tr style=\"height: 56px;\">\n<td style=\"width: 7%; height: 56px;\" width=\"7%\">\n<p><span style=\"font-size: 14pt;\"><strong>Italia<\/strong><\/span><\/p>\n<\/td>\n<td style=\"width: 6.81612%; height: 56px;\" width=\"5%\">\n<p><span style=\"font-size: 14pt;\">1985<\/span><\/p>\n<\/td>\n<td style=\"width: 10.1839%; height: 56px;\" width=\"12%\">\n<p><span style=\"font-size: 14pt;\">0,900<\/span><\/p>\n<\/td>\n<td style=\"width: 14%; height: 56px;\" width=\"14%\">\n<p><span style=\"font-size: 14pt;\">2,381<\/span><\/p>\n<\/td>\n<td style=\"width: 13%; height: 56px;\" width=\"13%\">\n<p><span style=\"font-size: 14pt;\">0,639<\/span><\/p>\n<\/td>\n<\/tr>\n<tr style=\"height: 56px;\">\n<td style=\"width: 7%; height: 56px;\" width=\"7%\">\n<p><span style=\"font-size: 14pt;\"><strong>Luxemburgo<\/strong><\/span><\/p>\n<\/td>\n<td style=\"width: 6.81612%; height: 56px;\" width=\"5%\">\n<p><span style=\"font-size: 14pt;\">1983<\/span><\/p>\n<\/td>\n<td style=\"width: 10.1839%; height: 56px;\" width=\"12%\">\n<p><span style=\"font-size: 14pt;\">&#8211;<\/span><\/p>\n<\/td>\n<td style=\"width: 14%; height: 56px;\" width=\"14%\">\n<p><span style=\"font-size: 14pt;\">&#8211;<\/span><\/p>\n<\/td>\n<td style=\"width: 13%; height: 56px;\" width=\"13%\">\n<p><span style=\"font-size: 14pt;\">0,124<\/span><\/p>\n<\/td>\n<\/tr>\n<tr style=\"height: 56px;\">\n<td style=\"width: 7%; height: 56px;\" width=\"7%\">\n<p><span style=\"font-size: 14pt;\"><strong>Portugal<\/strong><\/span><\/p>\n<\/td>\n<td style=\"width: 6.81612%; height: 56px;\" width=\"5%\">\n<p><span style=\"font-size: 14pt;\">1985<\/span><\/p>\n<\/td>\n<td style=\"width: 10.1839%; height: 56px;\" width=\"12%\">\n<p><span style=\"font-size: 14pt;\">0,382<\/span><\/p>\n<\/td>\n<td style=\"width: 14%; height: 56px;\" width=\"14%\">\n<p><span style=\"font-size: 14pt;\">&#8211;<\/span><\/p>\n<\/td>\n<td style=\"width: 13%; height: 56px;\" width=\"13%\">\n<p><span style=\"font-size: 14pt;\">&#8211;<\/span><\/p>\n<\/td>\n<\/tr>\n<tr style=\"height: 56px;\">\n<td style=\"width: 7%; height: 56px;\" width=\"7%\">\n<p><span style=\"font-size: 14pt;\"><strong>Reino Unido<\/strong><\/span><\/p>\n<\/td>\n<td style=\"width: 6.81612%; height: 56px;\" width=\"5%\">\n<p><span style=\"font-size: 14pt;\">1987<\/span><\/p>\n<\/td>\n<td style=\"width: 10.1839%; height: 56px;\" width=\"12%\">\n<p><span style=\"font-size: 14pt;\">&#8211;<\/span><\/p>\n<\/td>\n<td style=\"width: 14%; height: 56px;\" width=\"14%\">\n<p><span style=\"font-size: 14pt;\">1,064<\/span><\/p>\n<\/td>\n<td style=\"width: 13%; height: 56px;\" width=\"13%\">\n<p><span style=\"font-size: 14pt;\">&#8211;<\/span><\/p>\n<\/td>\n<\/tr>\n<tr style=\"height: 58px;\">\n<td style=\"width: 7%; height: 58px;\" width=\"7%\">\n<p><span style=\"font-size: 14pt;\"><strong>TOTAL UE<\/strong><\/span><\/p>\n<\/td>\n<td style=\"width: 6.81612%; height: 58px;\" width=\"5%\">\n<p>&nbsp;<\/p>\n<\/td>\n<td style=\"width: 10.1839%; height: 58px;\" width=\"12%\">\n<p><span style=\"font-size: 14pt;\"><strong>5,805<\/strong><\/span><\/p>\n<\/td>\n<td style=\"width: 14%; height: 58px;\" width=\"14%\">\n<p><span style=\"font-size: 14pt;\"><strong>13,351<\/strong><\/span><\/p>\n<\/td>\n<td style=\"width: 13%; height: 58px;\" width=\"13%\">\n<p><span style=\"font-size: 14pt;\"><strong>6,906<\/strong><\/span><\/p>\n<\/td>\n<\/tr>\n<\/tbody>\n<\/table>\n<p style=\"text-align: center;\"><span style=\"font-size: 14pt; color: #008000;\">Fuente: Eurostat. OCDE. ANREID<\/span><\/p>\n<p style=\"text-align: center;\"><span style=\"font-size: 14pt; color: #008000;\">Producci\u00f3n de R.S.U en los pa\u00edses de la CE.<\/span><\/p>\n<\/blockquote>\n<p><img loading=\"lazy\" decoding=\"async\" class=\"aligncenter wp-image-2313742\" src=\"https:\/\/puntocritico.com\/ausajpuntocritico\/wp-content\/uploads\/2025\/10\/Residuos-UE-transporte-300x225.jpg\" alt=\"\" width=\"400\" height=\"300\" srcset=\"https:\/\/puntocritico.com\/ausajpuntocritico\/wp-content\/uploads\/2025\/10\/Residuos-UE-transporte-300x225.jpg 300w, https:\/\/puntocritico.com\/ausajpuntocritico\/wp-content\/uploads\/2025\/10\/Residuos-UE-transporte-1024x768.jpg 1024w, https:\/\/puntocritico.com\/ausajpuntocritico\/wp-content\/uploads\/2025\/10\/Residuos-UE-transporte-768x576.jpg 768w, https:\/\/puntocritico.com\/ausajpuntocritico\/wp-content\/uploads\/2025\/10\/Residuos-UE-transporte-1536x1152.jpg 1536w, https:\/\/puntocritico.com\/ausajpuntocritico\/wp-content\/uploads\/2025\/10\/Residuos-UE-transporte-678x509.jpg 678w, https:\/\/puntocritico.com\/ausajpuntocritico\/wp-content\/uploads\/2025\/10\/Residuos-UE-transporte-326x245.jpg 326w, https:\/\/puntocritico.com\/ausajpuntocritico\/wp-content\/uploads\/2025\/10\/Residuos-UE-transporte-80x60.jpg 80w, https:\/\/puntocritico.com\/ausajpuntocritico\/wp-content\/uploads\/2025\/10\/Residuos-UE-transporte-1320x990.jpg 1320w, https:\/\/puntocritico.com\/ausajpuntocritico\/wp-content\/uploads\/2025\/10\/Residuos-UE-transporte.jpg 1920w\" sizes=\"auto, (max-width: 400px) 100vw, 400px\" \/><\/p>\n<h5 style=\"text-align: center;\"><span style=\"font-size: 18pt;\"><strong>3.1.1.- DEFINICION<\/strong><\/span><\/h5>\n<p style=\"text-align: justify;\"><span style=\"font-size: 14pt;\">En general, podemos definir el\u00a0<strong>Residuo<\/strong>\u00a0como\u00a0<strong>todo<\/strong>\u00a0<strong>material, en estado s\u00f3lido, l\u00edquido o gaseoso, ya sea aislado<\/strong>\u00a0<strong>o mezclado con otros, resultante de un proceso de extracci\u00f3n<\/strong>\u00a0<strong>de la naturaleza, transformaci\u00f3n, fabricaci\u00f3n o consumo, que<\/strong>\u00a0<strong>su poseedor decide abandonar.<\/strong><\/span><\/p>\n<p style=\"text-align: justify;\"><span style=\"font-size: 14pt;\">Se consideran como\u00a0<strong>Residuos S\u00f3lidos<\/strong>, aqu\u00e9llas materias\u00a0que no son capaces de ser arrastradas por un fluido libre, sea\u00a0\u00e9ste una corriente de aire o una corriente l\u00edquida. <strong>En funci\u00f3n\u00a0de la actividad en que son producidos, se clasifican en\u00a0Agropecuarios (<em>agr\u00edcolas y ganaderos<\/em>), Forestales, Mineros,\u00a0Industriales y Urbanos<\/strong>. <\/span><\/p>\n<p style=\"text-align: justify;\"><span style=\"font-size: 14pt;\">A excepci\u00f3n de los <strong>Mineros<\/strong>, por sus\u00a0caracter\u00edsticas de localizaci\u00f3n, cantidades o composici\u00f3n, los\u00a0dem\u00e1s poseen numerosos aspectos comunes desde el punto de\u00a0vista de la recuperaci\u00f3n y el reciclaje. <\/span><\/p>\n<p style=\"text-align: justify;\"><span style=\"font-size: 14pt;\"><strong>La clasificaci\u00f3n de\u00a0los Residuos S\u00f3lidos resulta a menudo confusa<\/strong> en cuanto se\u00a0utilizan distintos criterios, que hacen \u00e9nfasis, bien en el\u00a0origen, bien en el lugar de su retirada; as\u00ed por su recogida\u00a0en las ciudades se incluyen tambi\u00e9n como residuos urbanos los\u00a0de car\u00e1cter industrial.<\/span><\/p>\n<p style=\"text-align: justify;\"><span style=\"font-size: 14pt;\">Los\u00a0<strong>Residuos Agropecuarios y Forestales<\/strong>, constituyen el\u00a0n\u00facleo cuantitativamente m\u00e1s importante, el 54% en EE.UU.,\u00a0seguidos de los mineros, con un 37% del total. Sin embargo,\u00a0presentan una problem\u00e1tica menor, pues los primeros suelen ser\u00a0integrados en los ciclos ecol\u00f3gicos, y los segundos, son\u00a0problemas generalmente localizados. <\/span><\/p>\n<p style=\"text-align: justify;\"><span style=\"font-size: 14pt;\">Los\u00a0<strong>residuos Industriales<\/strong>,\u00a0suelen ser retirados por las propias empresas, aunque existe\u00a0una grand\u00edsima problem\u00e1tica en torno a los t\u00f3xicos y\u00a0peligrosos, que queda al margen del presente estudio, que se\u00a0dedica a los\u00a0<strong>RESIDUOS SOLIDOS URBANOS<\/strong>\u00a0(<em>con algunos industriales asimilables, en todo caso<\/em>), que son el resto del conjunto de los residuos generados por una ciudad, y que no obstante su menor proporci\u00f3n, 9% en EE.UU., suponen el n\u00facleo m\u00e1s importante del problema.<\/span><\/p>\n<p>&nbsp;<\/p>\n<blockquote>\n<p style=\"text-align: center;\"><strong><span style=\"font-size: 14pt; color: #008000;\">Los\u00a0Residuos S\u00f3lidos Urbanos (R.S.U.), son aquellos que\u00a0se generan en los espacios urbanizados, como consecuencia de\u00a0las actividades de consumo y dom\u00e9sticas (<em>viviendas<\/em>), servicios\u00a0(<em>hosteler\u00eda, oficinas, hospitales, mercados,&#8230;<\/em>), y tr\u00e1fico\u00a0viario (<em>papeleras<\/em>,&#8230;).<\/span><\/strong><\/p>\n<\/blockquote>\n<p>&nbsp;<\/p>\n<p><img loading=\"lazy\" decoding=\"async\" class=\"aligncenter wp-image-2313757\" src=\"https:\/\/puntocritico.com\/ausajpuntocritico\/wp-content\/uploads\/2025\/10\/VIDA_BASURA-300x207.webp\" alt=\"\" width=\"440\" height=\"304\" srcset=\"https:\/\/puntocritico.com\/ausajpuntocritico\/wp-content\/uploads\/2025\/10\/VIDA_BASURA-300x207.webp 300w, https:\/\/puntocritico.com\/ausajpuntocritico\/wp-content\/uploads\/2025\/10\/VIDA_BASURA-768x531.webp 768w, https:\/\/puntocritico.com\/ausajpuntocritico\/wp-content\/uploads\/2025\/10\/VIDA_BASURA.webp 1024w\" sizes=\"auto, (max-width: 440px) 100vw, 440px\" \/><\/p>\n<p>&nbsp;<\/p>\n<p style=\"text-align: justify;\"><span style=\"font-size: 14pt;\">Los\u00a0<strong>Residuos S\u00f3lidos Urbanos (R.S.U.)<\/strong>, son aquellos que\u00a0se generan en los espacios urbanizados, como consecuencia de\u00a0las actividades de consumo y dom\u00e9sticas (<em>viviendas<\/em>), servicios\u00a0(<em>hosteler\u00eda, oficinas, hospitales, mercados,&#8230;<\/em>), y tr\u00e1fico\u00a0viario (<em>papeleras<\/em>,&#8230;). Vienen determinados por los\u00a0subproductos de los hogares, los de an\u00e1logo car\u00e1cter generados\u00a0por comercios e industrias, los propiamente industriales que\u00a0se asimilan por su recogida, los de la limpieza viaria,\u00a0recogida de veh\u00edculos y otros voluminosos, de escombros de\u00a0construcciones y demoliciones, animales muertos, etc&#8230;<\/span><\/p>\n<p style=\"text-align: justify;\"><span style=\"font-size: 14pt;\">En cuanto al <strong>subgrupo de los Residuos Dom\u00e9sticos<\/strong>, el de\u00a0mayor importancia en esta categor\u00eda, su composici\u00f3n y volumen\u00a0est\u00e1n condicionados por el nivel de vida de la poblaci\u00f3n, sus\u00a0h\u00e1bitos de consumo, el clima, la \u00e9poca del a\u00f1o, y la forma de\u00a0presentaci\u00f3n de las mercanc\u00edas, envases y embalajes.<\/span><\/p>\n<p style=\"text-align: justify;\"><span style=\"font-size: 14pt;\">La\u00a0<strong>OCDE<\/strong>\u00a0defin\u00eda los\u00a0<strong>RESIDUOS<\/strong>\u00a0como <strong>las materias generadas\u00a0en las actividades de producci\u00f3n y consumo, que no alcanzan\u00a0ning\u00fan valor econ\u00f3mico<\/strong>, lo que llevar\u00e1 a deshacerse de ellas,\u00a0destinadas al abandono.<\/span><\/p>\n<p style=\"text-align: justify;\"><span style=\"font-size: 14pt;\"><strong>La\u00a0primera <a href=\"https:\/\/www.boe.es\/buscar\/doc.php?id=DOUE-L-1975-80173\" target=\"_blank\" rel=\"noopener\" data-schema-attribute=\"\">DIRECTIVA 75\/442\/CEE, de 15 de julio de 1.975<\/a>, <\/strong>del Consejo, relativa a los residuos, entiende como\u00a0<strong>RESIDUO<\/strong> \u00ab<strong><em>cualquier sustancia u objeto del cual se desprenda su\u00a0poseedor, o tenga la obligaci\u00f3n de desprenderse, en virtud de\u00a0las disposiciones en vigor<\/em>\u00ab<\/strong> (<em>Directiva traspuesta al derecho espa\u00f1ol por el <a href=\"https:\/\/www.boe.es\/buscar\/doc.php?id=BOE-A-1986-16578\" target=\"_blank\" rel=\"noopener\" data-schema-attribute=\"\"><strong>Real Decreto Legislativo 1163\/1986, de 13 de junio<\/strong><\/a>, por el que se modifica la Ley 42\/1975, de 19 de noviembre, sobre desechos y residuos s\u00f3lidos urbanos, impl\u00edcitamente derogada por la <strong>Ley 10\/1998, de 21 de abril<\/strong><\/em>).<\/span><\/p>\n<div class=\"metadatosDoc\">\n<div class=\"metadatos\">\n<div class=\"metadatosDoc\">\n<div class=\"metadatos\" style=\"text-align: justify;\"><span style=\"font-size: 14pt;\"><span style=\"text-align: justify;\">La <\/span><a href=\"https:\/\/eur-lex.europa.eu\/legal-content\/ES\/ALL\/?uri=CELEX%3A31991L0156\" target=\"_blank\" rel=\"noopener\" data-schema-attribute=\"\"><strong style=\"text-align: justify;\">DIRECTIVA 91\/156\/CEE, de 18 de Marzo<\/strong><\/a><span style=\"text-align: justify;\">, considera como\u00a0<\/span><strong style=\"text-align: justify;\">RESIDUO<\/strong><span style=\"text-align: justify;\"> \u00ab<\/span><em><strong style=\"text-align: justify;\">cualquier sustancia u objeto perteneciente a una de<\/strong><span style=\"text-align: justify;\">\u00a0<\/span><strong style=\"text-align: justify;\">las categor\u00edas que se recogen en el Anexo I, del cual su<\/strong><span style=\"text-align: justify;\">\u00a0<\/span><strong style=\"text-align: justify;\">poseedor se desprenda o tenga la intenci\u00f3n u obligaci\u00f3n de<\/strong><span style=\"text-align: justify;\">\u00a0<\/span><strong style=\"text-align: justify;\">desprenderse<\/strong><\/em><span style=\"text-align: justify;\">\u00bb (<\/span><strong style=\"text-align: justify;\"><em>3 circunstancias<\/em><\/strong><em style=\"text-align: justify;\">: transmisi\u00f3n obligatoria,\u00a0cesi\u00f3n proyectada, y cesi\u00f3n efectuada<\/em><span style=\"text-align: justify;\"><span style=\"text-align: justify;\"><span style=\"text-align: justify;\">). Directiva traspuesta al derecho espa\u00f1ol por la <\/span><\/span><\/span><a href=\"https:\/\/www.boe.es\/buscar\/doc.php?id=BOE-A-1998-9478\" target=\"_blank\" rel=\"noopener\" data-schema-attribute=\"\"><strong>Ley 10\/1998, de 21 de abril, de Residuos<\/strong><\/a>.<\/span><\/div>\n<div>\u00a0<\/div>\n<div style=\"text-align: justify;\"><span style=\"font-size: 14pt;\"><strong>DEFINICION: \u00ab<\/strong><em><strong>Subproductos marginales identificados en<\/strong>\u00a0<strong>cuanto tales por la Ley, cuya libre disposici\u00f3n puede crear<\/strong>\u00a0<strong>problemas ambientales<\/strong><\/em>\u00ab.<\/span><\/div>\n<\/div>\n<\/div>\n<\/div>\n<p>&nbsp;<\/p>\n<p><img loading=\"lazy\" decoding=\"async\" class=\"aligncenter wp-image-2313745\" src=\"https:\/\/puntocritico.com\/ausajpuntocritico\/wp-content\/uploads\/2025\/10\/lixo-300x188.jpg\" alt=\"\" width=\"440\" height=\"275\" srcset=\"https:\/\/puntocritico.com\/ausajpuntocritico\/wp-content\/uploads\/2025\/10\/lixo-300x188.jpg 300w, https:\/\/puntocritico.com\/ausajpuntocritico\/wp-content\/uploads\/2025\/10\/lixo-768x480.jpg 768w, https:\/\/puntocritico.com\/ausajpuntocritico\/wp-content\/uploads\/2025\/10\/lixo.jpg 1024w\" sizes=\"auto, (max-width: 440px) 100vw, 440px\" \/><\/p>\n<p>&nbsp;<\/p>\n<p style=\"text-align: justify;\"><span style=\"font-size: 14pt;\">Podemos distinguir, con\u00a0<a href=\"https:\/\/puntocritico.com\/ausajpuntocritico\/2025\/10\/23\/residuos-solidos-urbanos-parte-1-intro\/\" target=\"_blank\" rel=\"noopener\" data-schema-attribute=\"\"><strong>MARTIN MATEO<\/strong><\/a>, los siguientes\u00a0elementos significativos:\u00a0<\/span><\/p>\n<blockquote>\n<p style=\"text-align: justify;\"><span style=\"color: #008000;\"><strong><span style=\"font-size: 14pt;\">1.- <span style=\"text-decoration: underline;\">Inter\u00e9s p\u00fablico prevalente<\/span>:\u00a0La intervenci\u00f3n administrativa\u00a0se produce porque a la colectividad le preocupan los posibles\u00a0problemas ambientales que puedan generarse por su abandono.\u00a0<\/span><\/strong><\/span><\/p>\n<p style=\"text-align: justify;\"><span style=\"color: #008000;\"><strong><span style=\"font-size: 14pt;\">2.- <span style=\"text-decoration: underline;\">Economicidad relativa<\/span>:\u00a0Los residuos no suelen tener valor,\u00a0pero esa es una cuesti\u00f3n relativa, pues a\u00fan teni\u00e9ndolo, a la\u00a0administraci\u00f3n le puede interesar su correcto tratamiento, por\u00a0sus caracteres t\u00f3xicos, o perturbadores en general. A su vez\u00a0los sujetos pueden decidir conservar objetos irrelevantes para\u00a0la Ley, o, al contrario, entregar \u00fatiles que tienen encaje en\u00a0el mercado, como, por ejemplo, papel usado.\u00a0<\/span><\/strong><\/span><\/p>\n<p style=\"text-align: justify;\"><span style=\"color: #008000;\"><strong><span style=\"font-size: 14pt;\">3.- <span style=\"text-decoration: underline;\">Determinantes t\u00e9cnicos<\/span>:\u00a0Son subproductos marginales,\u00a0indeseados por sus titulares, lo que los distingue de los\u00a0productos complementarios de una l\u00ednea principal de\u00a0fabricaci\u00f3n, que se transforman en el seno de las empresas,\u00a0generando energ\u00eda o materias primas, o que son vendidos al\u00a0exterior. Esto, aplicado a los hogares, sirve para distinguir,\u00a0por ejemplo, una colecci\u00f3n de revistas, de un conjunto casual\u00a0de publicaciones peri\u00f3dicas.\u00a0<\/span><\/strong><\/span><\/p>\n<p style=\"text-align: justify;\"><span style=\"color: #008000;\"><strong><span style=\"font-size: 14pt;\">4.- <span style=\"text-decoration: underline;\">Componente psicol\u00f3gico<\/span>:\u00a0Sobre todo en R.S.U. Dom\u00e9sticos,\u00a0tiene su importancia la voluntad de los que los generan, que\u00a0si bien no pueden retener sustancias problem\u00e1ticas, s\u00ed pueden\u00a0almacenar objetos inocuos, sin valor, o aprovechar materiales\u00a0putrefactibles como abono.\u00a0<\/span><\/strong><\/span><\/p>\n<p style=\"text-align: justify;\"><span style=\"color: #008000;\"><strong><span style=\"font-size: 14pt;\">5.- <span style=\"text-decoration: underline;\">Imperativos legales<\/span>:\u00a0Las legislaciones suelen expresar por\u00a0categor\u00edas, e incluso por especies, lo que consideran\u00a0Residuos, o mas bien los que caen el el \u00e1mbito de una concreta\u00a0normativa, utilizando para ello dos t\u00e9cnicas confluyentes: la\u00a0exclusi\u00f3n y la enumeraci\u00f3n de supuestos espec\u00edficos. Sin\u00a0embargo, las precisiones no pueden abarcarlo todo.<\/span><\/strong><\/span><\/p>\n<\/blockquote>\n<p>&nbsp;<\/p>\n<p><img loading=\"lazy\" decoding=\"async\" class=\"aligncenter wp-image-2313743\" src=\"https:\/\/puntocritico.com\/ausajpuntocritico\/wp-content\/uploads\/2025\/10\/Residuos-Peligrosos-manejo.jpg\" alt=\"\" width=\"330\" height=\"317\" \/><\/p>\n<p>&nbsp;<\/p>\n<p style=\"text-align: justify;\"><span style=\"font-size: 14pt;\">As\u00ed, en la <a href=\"https:\/\/www.boe.es\/buscar\/doc.php?id=DOUE-L-1991-80313\" target=\"_blank\" rel=\"noopener\" data-schema-attribute=\"\"><strong>Directiva 91\/156\/CEE<\/strong><\/a>, precediendo a la enumeraci\u00f3n del <strong>Anexo I<\/strong>, se sit\u00faa la cl\u00e1usula \u00ab<em><strong>Residuos de<\/strong>\u00a0<strong>producci\u00f3n o de consumo no especificados a continuaci\u00f3n<\/strong><\/em>\u00ab. El\u00a0cat\u00e1logo lo cierra otra cl\u00e1usula que incluye \u00ab<em><strong>toda sustancia,<\/strong>\u00a0<strong>materia o producto que no est\u00e9 incluido en las categor\u00edas<\/strong>\u00a0<strong>anteriores<\/strong><\/em>\u00ab.<\/span><\/p>\n<p style=\"text-align: justify;\"><span style=\"font-size: 14pt;\"><strong>LOS R.S.U. como categor\u00eda singular:<\/strong>\u00a0Estos Residuos han sido los primeros primeramente abordados por\u00a0las legislaciones nacionales a medida que el crecimiento de\u00a0las ciudades y el incremento de los consumos creaba problemas\u00a0de recogida y tratamiento, antes abordados por agentes\u00a0econ\u00f3micos elementales &#8211; traperos -, que a\u00fan subsisten,\u00a0compitiendo incluso con los servicios p\u00fablicos municipales\u00a0implantados.<\/span><\/p>\n<p style=\"text-align: justify;\"><span style=\"font-size: 14pt;\">Posteriormente se han desgajado, con un tratamiento\u00a0especial, los de<strong> procedencia minera, sanitaria, nuclear, y\u00a0mucho m\u00e1s recientemente, los industriales de car\u00e1cter t\u00f3xico\u00a0o peligrosos<\/strong>, que hoy constituyen una de las principales \u00e1reas\u00a0de la tutela ambiental.<\/span><\/p>\n<p style=\"text-align: justify;\"><span style=\"font-size: 14pt;\">El <strong>ordenamiento de los R.S.U.<\/strong>, por su antig\u00fcedad,\u00a0constituye el <strong>modelo de todos los residuos<\/strong>. En la pr\u00e1ctica, la\u00a0<strong>legislaci\u00f3n de Residuos Especiales<\/strong> es en general\u00a0autosuficiente, por lo que <strong>el r\u00e9gimen general de los residuos,\u00a0industriales o dom\u00e9sticos, suele coincidir con el de los\u00a0Urbanos<\/strong>, en cuyo contexto, por lo dem\u00e1s, se producen.<\/span><\/p>\n<p>&nbsp;<\/p>\n<p><img loading=\"lazy\" decoding=\"async\" class=\"aligncenter wp-image-2313746\" src=\"https:\/\/puntocritico.com\/ausajpuntocritico\/wp-content\/uploads\/2025\/10\/RSU-monton.jpg\" alt=\"\" width=\"440\" height=\"289\" \/><\/p>\n<p>&nbsp;<\/p>\n<p style=\"text-align: justify;\"><span style=\"font-size: 14pt;\"><strong>Los R.S.U. tienen las siguientes caracter\u00edsticas:<\/strong>\u00a0<\/span><\/p>\n<blockquote>\n<p style=\"text-align: justify;\"><span style=\"color: #008000;\"><strong><span style=\"font-size: 14pt;\">1.- PREDOMINANTEMENTE SOLIDOS:\u00a0Aunque se incluyen los l\u00edquidos\u00a0no trasladables al alcantarillado, o los gaseosos en\u00a0contenedores, y los pastosos de lodos de depuraci\u00f3n.\u00a0<\/span><\/strong><\/span><\/p>\n<p style=\"text-align: justify;\"><span style=\"color: #008000;\"><strong><span style=\"font-size: 14pt;\">2.- DETERMINADOS POR EXCLUSION: As\u00ed, la Directiva 91\/156, no\u00a0afecta ni a los residuos gaseosos que van a la atm\u00f3sfera, ni\u00a0a las aguas residuales, ni a los mineros, ni a los agr\u00edcolas,\u00a0ni explosivos.<\/span><\/strong><\/span><\/p>\n<p style=\"text-align: justify;\"><span style=\"color: #008000;\"><strong><span style=\"font-size: 14pt;\">\u00a03.- RESPONSABILIZACION DE LAS AUTORIDADES CON COMPETENCIAS EN\u00a0AREAS URBANAS:\u00a0Suelen ser los Municipios, pero a veces, son\u00a0agrupaciones de \u00e9stos &#8211; mancomunidades-, o otros de car\u00e1cter\u00a0territorial superior.\u00a0<\/span><\/strong><\/span><\/p>\n<p style=\"text-align: justify;\"><span style=\"color: #008000;\"><strong><span style=\"font-size: 14pt;\">4.- ORIGEN: Proceden sobre todo de hogares, a los que est\u00e1n asimilados los comercios, hosteler\u00eda, oficinas, servicios en general, y las actividades artesanales. Las Industrias, especialmente las de cierto tama\u00f1o, y las que manejan residuos t\u00f3xicos y peligrosos, deben normalmente establecer sus propios dispositivos, bajo la supervisi\u00f3n de las autoridades competentes, que generalmente ser\u00e1n las que tienen encomendada la gesti\u00f3n de los R.S.U.<\/span><\/strong><\/span><\/p>\n<\/blockquote>\n<p>&nbsp;<\/p>\n<p><img loading=\"lazy\" decoding=\"async\" class=\"aligncenter wp-image-2313747 size-full\" src=\"https:\/\/puntocritico.com\/ausajpuntocritico\/wp-content\/uploads\/2025\/10\/Codigo_de_colores_de_residuos.png\" alt=\"\" width=\"500\" height=\"281\" srcset=\"https:\/\/puntocritico.com\/ausajpuntocritico\/wp-content\/uploads\/2025\/10\/Codigo_de_colores_de_residuos.png 500w, https:\/\/puntocritico.com\/ausajpuntocritico\/wp-content\/uploads\/2025\/10\/Codigo_de_colores_de_residuos-300x169.png 300w\" sizes=\"auto, (max-width: 500px) 100vw, 500px\" \/><\/p>\n<h6 style=\"text-align: center;\"><span style=\"font-size: 14pt;\"><strong>CONCEPTO LEGAL ESPA\u00d1OL DE R.S.U.<\/strong><\/span><\/h6>\n<p style=\"text-align: justify;\"><span style=\"font-size: 14pt;\"><strong>1.- La\u00a0<a href=\"https:\/\/www.boe.es\/buscar\/doc.php?id=BOE-A-1975-23921\" target=\"_blank\" rel=\"noopener\" data-schema-attribute=\"\">Ley 42\/1975, de 19 de noviembre, sobre desechos y residuos s\u00f3lidos urbanos<\/a> <\/strong>(<em>derogada por la por la <a href=\"https:\/\/www.boe.es\/buscar\/doc.php?id=BOE-A-1998-9478\" target=\"_blank\" rel=\"noopener\" data-schema-attribute=\"\"><strong>Ley 10\/1998, de 21 de abril<\/strong><\/a><\/em>)<strong>:<\/strong> Incluye entre los R.S.U. los que son <strong>consecuencia de las siguientes actividades y situaciones<\/strong> (Art.2.1\u00b0): <\/span><\/p>\n<blockquote>\n<p style=\"text-align: justify;\"><strong><span style=\"font-size: 14pt; color: #008000;\">a) Domiciliarias. <\/span><\/strong><\/p>\n<p style=\"text-align: justify;\"><strong><span style=\"font-size: 14pt; color: #008000;\">b) Comerciales y de servicios. <\/span><\/strong><\/p>\n<p style=\"text-align: justify;\"><strong><span style=\"font-size: 14pt; color: #008000;\">c) Sanitarias en hospitales, cl\u00ednicas y ambulatorios. <\/span><\/strong><\/p>\n<p style=\"text-align: justify;\"><strong><span style=\"font-size: 14pt; color: #008000;\">d) Limpieza viaria, zonas verdes y recreativas. <\/span><\/strong><\/p>\n<p style=\"text-align: justify;\"><strong><span style=\"font-size: 14pt; color: #008000;\">e) Abandono de animales muertos, muebles, enseres y veh\u00edculos. <\/span><\/strong><\/p>\n<p style=\"text-align: justify;\"><strong><span style=\"font-size: 14pt; color: #008000;\">f) Industriales, agr\u00edcolas, de construcci\u00f3n y obras menores de reparaci\u00f3n domiciliaria, con las limitaciones a que se refiere el Art\u00edculo 3\u00ba. <\/span><\/strong><\/p>\n<p style=\"text-align: justify;\"><strong><span style=\"font-size: 14pt; color: #008000;\">g) En general, todos aquellos residuos cuya recogida, transporte y almacenamiento o eliminaci\u00f3n, corresponda a los Ayuntamientos, de acuerdo con lo establecido expresamente en la Ley de R\u00e9gimen Local y dem\u00e1s disposiciones vigentes.<\/span><\/strong><\/p>\n<\/blockquote>\n<p>&nbsp;<\/p>\n<p style=\"text-align: justify;\"><span style=\"font-size: 14pt;\">Por el contrario, <strong>NO se incluyen dentro del \u00e1mbito de la Ley los residuos mineros y los agr\u00edcolas y ganaderos en su fase de explotaci\u00f3n<\/strong> cuando se produzcan y depositen <strong>en suelo calificado como no urbanizable<\/strong>. <\/span><\/p>\n<p style=\"text-align: justify;\"><span style=\"font-size: 14pt;\">Los <strong>Residuos radiactivos, t\u00f3xicos o contaminantes y los peligrosos<\/strong>, quedan a la vez sometidos a las disposiciones que espec\u00edficamente les afecten.<\/span><\/p>\n<p style=\"text-align: justify;\"><span style=\"font-size: 14pt;\">El\u00a0<strong><a href=\"https:\/\/www.boe.es\/buscar\/doc.php?id=BOE-A-1986-16578\" target=\"_blank\" rel=\"noopener\" data-schema-attribute=\"\">Real Decreto legislativo 1163\/1986<\/a>, que adapta la Ley<\/strong>\u00a0<strong>de 1.975 al Ordenamiento Comunitario, define los RESIDUOS:<\/strong>\u00a0\u00ab<em><strong>cualquier sustancia u objeto del cual se desprenda su<\/strong>\u00a0<strong>poseedor, o tenga la obligaci\u00f3n de desprenderse en virtud de<\/strong>\u00a0<strong>las disposiciones en vigor<\/strong><\/em>\u00bb (<em>impl\u00edcitamente derogada por la <strong>Ley 10\/1998, de 21 de abril<\/strong><\/em>).<\/span><\/p>\n<p>&nbsp;<\/p>\n<p><img loading=\"lazy\" decoding=\"async\" class=\"aligncenter wp-image-2313697\" src=\"https:\/\/puntocritico.com\/ausajpuntocritico\/wp-content\/uploads\/2025\/10\/residuos-amb-retema-2.jpg-300x193.webp\" alt=\"\" width=\"480\" height=\"309\" srcset=\"https:\/\/puntocritico.com\/ausajpuntocritico\/wp-content\/uploads\/2025\/10\/residuos-amb-retema-2.jpg-300x193.webp 300w, https:\/\/puntocritico.com\/ausajpuntocritico\/wp-content\/uploads\/2025\/10\/residuos-amb-retema-2.jpg.webp 700w\" sizes=\"auto, (max-width: 480px) 100vw, 480px\" \/><\/p>\n<h5 style=\"text-align: center;\"><span style=\"font-size: 18pt;\"><strong>3.1.2.- PRODUCCION Y COMPOSICION<\/strong><\/span><\/h5>\n<h6 style=\"text-align: justify;\"><span style=\"font-size: 14pt;\"><strong>Los R.S.U. &#8211; Producci\u00f3n.<\/strong><\/span><\/h6>\n<p style=\"text-align: justify;\"><span style=\"font-size: 14pt;\"><strong>Los objetos destinados al mercado, en alg\u00fan momento han\u00a0de quedar inutilizados, o ser\u00e1n consumidos solo parcialmente<\/strong>.\u00a0Ser\u00eda deseable que esta consideraci\u00f3n fuese tenida en cuenta\u00a0por los fabricantes o constructores, quienes concibiesen el\u00a0producto de forma que el consumo de recursos fuese m\u00ednimo, y\u00a0los residuos que dejase fuesen escasos, poco nocivos y aptos\u00a0para su reutilizaci\u00f3n. <\/span><\/p>\n<p style=\"text-align: justify;\"><span style=\"font-size: 14pt;\">Las autoridades ambientales comienzan\u00a0a efectuar algunos requerimientos al respecto, y <strong>ya se\u00a0contempla que la fabricaci\u00f3n de ciertos objetos, como los\u00a0veh\u00edculos o equipos inform\u00e1ticos, tenga en cuenta su despiece\u00a0y aprovechamiento posterior<\/strong>.<\/span><\/p>\n<p style=\"text-align: justify;\"><span style=\"font-size: 14pt;\">Otras iniciativas no son totalmente nuevas, y son\u00a0pac\u00edficamente aplicadas a otros aspectos ambientales, como el\u00a0<strong>ciclo del agua<\/strong>, en el que <strong>nadie discute la necesidad de pagar\u00a0con los consumos los costes de la depuraci\u00f3n<\/strong>. <\/span><\/p>\n<p style=\"text-align: justify;\"><span style=\"font-size: 14pt;\">Se tratar\u00eda de\u00a0hacer lo mismo con otros bienes para los que los productores\u00a0habr\u00edan de cobrar anticipadamente las cargas motivadas por su\u00a0disposici\u00f3n, si no totalmente, s\u00ed al menos en lo que respecta\u00a0a los mayores gastos que supone la salida del circuito de vida\u00a0\u00fatil. <\/span><\/p>\n<p style=\"text-align: justify;\"><span style=\"font-size: 14pt;\">Al margen posibles <strong>valorizaciones<\/strong> de los residuos, en\u00a0cuanto \u00ab<em><strong>materias primas secundarias<\/strong><\/em>\u00ab.<\/span><\/p>\n<h5 style=\"text-align: center;\">\u00a0<\/h5>\n<p><img loading=\"lazy\" decoding=\"async\" class=\"aligncenter wp-image-2313758\" src=\"https:\/\/puntocritico.com\/ausajpuntocritico\/wp-content\/uploads\/2025\/10\/landfill-NIMBY-300x225.jpg\" alt=\"\" width=\"440\" height=\"330\" srcset=\"https:\/\/puntocritico.com\/ausajpuntocritico\/wp-content\/uploads\/2025\/10\/landfill-NIMBY-300x225.jpg 300w, https:\/\/puntocritico.com\/ausajpuntocritico\/wp-content\/uploads\/2025\/10\/landfill-NIMBY-326x245.jpg 326w, https:\/\/puntocritico.com\/ausajpuntocritico\/wp-content\/uploads\/2025\/10\/landfill-NIMBY-80x60.jpg 80w, https:\/\/puntocritico.com\/ausajpuntocritico\/wp-content\/uploads\/2025\/10\/landfill-NIMBY.jpg 450w\" sizes=\"auto, (max-width: 440px) 100vw, 440px\" \/><\/p>\n<h6>\u00a0<\/h6>\n<p style=\"text-align: justify;\"><span style=\"font-size: 14pt;\">En cuanto a su\u00a0<strong>cuantificaci\u00f3n<\/strong>, <strong>hemos de referirnos a\u00a0Espa\u00f1a<\/strong>, aunque las consideraciones en torno al\u00a0<strong>grado de<\/strong>\u00a0<strong>urbanizaci\u00f3n y concentraci\u00f3n poblacional<\/strong>, y su influencia en la cantidad y calidad de los residuos producidos, son l\u00f3gicamente generalizables.\u00a0<\/span><\/p>\n<p style=\"text-align: justify;\"><span style=\"font-size: 14pt;\">Es bien sabido que <strong>uno de los \u00edndices m\u00e1s sencillos para conocer el desarrollo econ\u00f3mico de una sociedad viene dado por la producci\u00f3n y composici\u00f3n de sus residuos<\/strong>. En la medida que aumenta el desarrollo y mejora la calidad de vida, se contempla con preocupaci\u00f3n las <strong>crecientes monta\u00f1as de basuras<\/strong> que ocupan espacios inmensos, con efecto negativo sobre el medio ambiente. <\/span><\/p>\n<p style=\"text-align: justify;\"><span style=\"font-size: 14pt;\">Es la otra cara de la moneda: <strong>a m\u00e1s crecimiento econ\u00f3mico y bienestar, mayor volumen de basura y mayor coste de tratamiento y eliminaci\u00f3n<\/strong>.<\/span><\/p>\n<p style=\"text-align: justify;\"><span style=\"font-size: 14pt;\">La\u00a0<strong>cantidad de residuos producidos<\/strong>\u00a0por una colectividad\u00a0es muy variable, y depende fundamentalmente de los siguientes\u00a0<strong>par\u00e1metros<\/strong>:\u00a0<\/span><\/p>\n<blockquote>\n<p style=\"text-align: justify;\"><strong><span style=\"font-size: 14pt; color: #008000;\">*\u00a0Del nivel de vida de la poblaci\u00f3n:\u00a0crece con \u00e9ste en una\u00a0proporci\u00f3n muy importante.\u00a0<\/span><\/strong><\/p>\n<p style=\"text-align: justify;\"><strong><span style=\"font-size: 14pt; color: #008000;\">*\u00a0De la \u00e9poca del a\u00f1o:\u00a0para igual n\u00famero de habitantes,\u00a0generalmente es m\u00ednima en \u00e9poca de verano.\u00a0<\/span><\/strong><\/p>\n<p style=\"text-align: justify;\"><strong><span style=\"font-size: 14pt; color: #008000;\">*\u00a0Del modo de vida de la poblaci\u00f3n:\u00a0est\u00e1 influenciada por la\u00a0migraci\u00f3n diaria entre el centro de la ciudad y la periferia.\u00a0<\/span><\/strong><\/p>\n<p style=\"text-align: justify;\"><strong><span style=\"font-size: 14pt; color: #008000;\">*\u00a0Del movimiento de la poblaci\u00f3n\u00a0durante los per\u00edodos de\u00a0vacaciones, los fines de semana y los d\u00edas de fiesta.\u00a0<\/span><\/strong><\/p>\n<p style=\"text-align: justify;\"><strong><span style=\"font-size: 14pt; color: #008000;\">*\u00a0Del clima:\u00a0aumento de cenizas en invierno, salvo que los\u00a0medios de calefacci\u00f3n modernos (gas-oil, gas, electricidad)\u00a0hayan sustituido a los tradicionales (carb\u00f3n, madera).\u00a0<\/span><\/strong><\/p>\n<p style=\"text-align: justify;\"><strong><span style=\"font-size: 14pt; color: #008000;\">*\u00a0De los nuevos m\u00e9todos de acondicionamiento y presentaci\u00f3n de\u00a0mercanc\u00edas, con la tendencia actual a utilizar envases y\u00a0embalajes sin retorno.<\/span><\/strong><\/p>\n<\/blockquote>\n<p>&nbsp;<\/p>\n<p><img loading=\"lazy\" decoding=\"async\" class=\"aligncenter wp-image-2313770\" src=\"https:\/\/puntocritico.com\/ausajpuntocritico\/wp-content\/uploads\/2025\/10\/Reciclaje-dibujos-300x243.jpg\" alt=\"\" width=\"360\" height=\"292\" srcset=\"https:\/\/puntocritico.com\/ausajpuntocritico\/wp-content\/uploads\/2025\/10\/Reciclaje-dibujos-300x243.jpg 300w, https:\/\/puntocritico.com\/ausajpuntocritico\/wp-content\/uploads\/2025\/10\/Reciclaje-dibujos-1024x831.jpg 1024w, https:\/\/puntocritico.com\/ausajpuntocritico\/wp-content\/uploads\/2025\/10\/Reciclaje-dibujos-768x623.jpg 768w, https:\/\/puntocritico.com\/ausajpuntocritico\/wp-content\/uploads\/2025\/10\/Reciclaje-dibujos.jpg 1300w\" sizes=\"auto, (max-width: 360px) 100vw, 360px\" \/><\/p>\n<p>&nbsp;<\/p>\n<p style=\"text-align: justify;\"><span style=\"font-size: 14pt;\"><strong>Variaciones semanales:<\/strong>\u00a0La cantidad de R.S.U. recogidos cada\u00a0d\u00eda en una ciudad var\u00eda a lo largo de la semana. En algunas\u00a0ciudades, el m\u00ednimo desciende a cerca de la mitad de la\u00a0cantidad recogida los d\u00edas de m\u00e1xima recogida. Estas\u00a0variaciones son originadas, de una parte, por el modo de vida\u00a0de la poblaci\u00f3n (<em>por ejemplo, la ausencia de gran n\u00famero de\u00a0habitantes durante los fines de semana<\/em>), y de otra, por la\u00a0frecuencia de la recogida.\u00a0<\/span><\/p>\n<p style=\"text-align: justify;\"><span style=\"font-size: 14pt;\"><strong>Variaciones mensuales:<\/strong>\u00a0Generalmente, los vol\u00famenes m\u00ednimos\u00a0recogidos coinciden con los meses de verano, principalmente en\u00a0Agosto, salvo el caso de las ciudades de veraneo, en que la\u00a0proporci\u00f3n m\u00e1xima se da en estos meses, en que la poblaci\u00f3n\u00a0crece considerablemente.<\/span><\/p>\n<p style=\"text-align: justify;\"><span style=\"font-size: 14pt;\"><strong>En Espa\u00f1a los \u00edndices de producci\u00f3n por habitante son los\u00a0siguientes:<\/strong><\/span><\/p>\n<blockquote>\n<p style=\"text-align: justify;\"><span style=\"font-size: 14pt;\"><strong><span style=\"color: #008000;\">*\u00a0Zonas rurales:\u00a0&#8230;&#8230;&#8230;.. 190 a 300 Kgs\/hab\/a\u00f1o\u00a00&#8217;550 a 0&#8217;820 Kgs\/hab\/d\u00eda\u00a0<\/span><\/strong><\/span><\/p>\n<p style=\"text-align: justify;\"><span style=\"font-size: 14pt;\"><strong><span style=\"color: #008000;\">*\u00a0Zonas urbanas:\u00a0&#8230;&#8230;&#8230;.. 190 a 400 Kgs\/hab\/a\u00f1o\u00a00&#8217;800 a 1&#8217;100 Kgs\/hab\/d\u00eda\u00a0<\/span><\/strong><\/span><\/p>\n<p style=\"text-align: justify;\"><span style=\"font-size: 14pt;\"><strong><span style=\"color: #008000;\">*\u00a0Media nacional:\u00a0&#8230;&#8230;&#8230;. 313 Kgs\/hab\/a\u00f1o\u00a00&#8217;860 Kgs\/hab\/d\u00eda<\/span><\/strong><\/span><\/p>\n<\/blockquote>\n<p style=\"text-align: justify;\">\u00a0<\/p>\n<p style=\"text-align: justify;\"><span style=\"font-size: 14pt;\">Seg\u00fan datos de la <strong>Secretar\u00eda Gral. de Medio Ambiente del\u00a0MOPU<\/strong>, en <strong>1.992<\/strong> hemos producido m\u00e1s de <strong>13&#8217;8 Millones de Tn de\u00a0RSU<\/strong>, lo que supone una producci\u00f3n media de <strong>350 Kg\/hab\/a\u00f1o<\/strong>,\u00a0superior incluso al valor estimado. Esta producci\u00f3n sigue una\u00a0<strong>distribuci\u00f3n poco homog\u00e9nea<\/strong>, de tal forma que la tasa de\u00a0producci\u00f3n de las capitales es muy superior a la de las zonas\u00a0rurales.<\/span><\/p>\n<p style=\"text-align: justify;\"><span style=\"font-size: 14pt;\">En cuanto a la\u00a0<strong>Comunidad Aut\u00f3noma de Galicia<\/strong>, seg\u00fan datos\u00a0facilitados por el MOPU (<em>\u00abMedio ambiente en Espa\u00f1a, 1.992\u00bb<\/em>),\u00a0<\/span><span style=\"font-size: 14pt;\">para una <strong>POBLACION DE HECHO de 2.785.394 habitantes<\/strong>, nos da\u00a0una <strong>producci\u00f3n de R.S.U. de 821.691 Toneladas en 1.992, es\u00a0decir, una producci\u00f3n de 0&#8217;820 Kilos por habitante de media\u00a0DIARIA<\/strong>, y 295 Kilos de media ANUAL, lo que supone el <strong>5&#8217;94% de\u00a0la producci\u00f3n nacional<\/strong>.<\/span><\/p>\n<p>&nbsp;<\/p>\n<p><img loading=\"lazy\" decoding=\"async\" class=\"aligncenter wp-image-2313769\" src=\"https:\/\/puntocritico.com\/ausajpuntocritico\/wp-content\/uploads\/2025\/10\/Simbolo-flechas-reciclaje-1-300x300.jpg\" alt=\"\" width=\"260\" height=\"260\" srcset=\"https:\/\/puntocritico.com\/ausajpuntocritico\/wp-content\/uploads\/2025\/10\/Simbolo-flechas-reciclaje-1-300x300.jpg 300w, https:\/\/puntocritico.com\/ausajpuntocritico\/wp-content\/uploads\/2025\/10\/Simbolo-flechas-reciclaje-1-150x150.jpg 150w, https:\/\/puntocritico.com\/ausajpuntocritico\/wp-content\/uploads\/2025\/10\/Simbolo-flechas-reciclaje-1.jpg 736w\" sizes=\"auto, (max-width: 260px) 100vw, 260px\" \/><\/p>\n<p style=\"text-align: center;\"><span style=\"font-size: 14pt;\"><strong>PRODUCCION DE RESIDUOS DOMESTICOS EN ESPA\u00d1A<\/strong><\/span><\/p>\n<table style=\"width: 73.9262%;\">\n<tbody>\n<tr>\n<td style=\"width: 27.0774%;\">\n<p><span style=\"font-size: 14pt;\"><strong>Comunidad Aut\u00f3noma<\/strong><\/span><\/p>\n<\/td>\n<td style=\"width: 17.0497%;\">\n<p><span style=\"font-size: 14pt;\"><strong>Kg\/hab\/d\u00eda<\/strong><\/span><\/p>\n<\/td>\n<td style=\"width: 15.1604%;\">\n<p><span style=\"font-size: 14pt;\"><strong>Kg\/hab\/a\u00f1o<\/strong><\/span><\/p>\n<\/td>\n<td style=\"width: 19.6524%;\">\n<p><span style=\"font-size: 14pt;\"><strong>Poblaci\u00f3n de hecho<\/strong><\/span><\/p>\n<\/td>\n<td style=\"width: 17.0487%;\">\n<p><span style=\"font-size: 14pt;\"><strong>T\/a\u00f1o<\/strong><\/span><\/p>\n<\/td>\n<td style=\"width: 7.99853%;\">\n<p><span style=\"font-size: 14pt;\"><strong>%<\/strong><\/span><\/p>\n<\/td>\n<\/tr>\n<tr>\n<td style=\"width: 27.0774%;\">\n<p><span style=\"font-size: 14pt;\"><strong>Andaluc\u00eda<\/strong><\/span><\/p>\n<\/td>\n<td style=\"width: 17.0497%;\">\n<p><span style=\"font-size: 14pt;\">0,850<\/span><\/p>\n<\/td>\n<td style=\"width: 15.1604%;\">\n<p><span style=\"font-size: 14pt;\">306<\/span><\/p>\n<\/td>\n<td style=\"width: 19.6524%;\">\n<p><span style=\"font-size: 14pt;\">6.875.628<\/span><\/p>\n<\/td>\n<td style=\"width: 17.0487%;\">\n<p><span style=\"font-size: 14pt;\">2.103.942<\/span><\/p>\n<\/td>\n<td style=\"width: 7.99853%;\">\n<p><span style=\"font-size: 14pt;\">15,22<\/span><\/p>\n<\/td>\n<\/tr>\n<tr>\n<td style=\"width: 27.0774%;\">\n<p><span style=\"font-size: 14pt;\"><strong>Arag\u00f3n<\/strong><\/span><\/p>\n<\/td>\n<td style=\"width: 17.0497%;\">\n<p><span style=\"font-size: 14pt;\">0,890<\/span><\/p>\n<\/td>\n<td style=\"width: 15.1604%;\">\n<p><span style=\"font-size: 14pt;\">317<\/span><\/p>\n<\/td>\n<td style=\"width: 19.6524%;\">\n<p><span style=\"font-size: 14pt;\">1.214.212<\/span><\/p>\n<\/td>\n<td style=\"width: 17.0487%;\">\n<p><span style=\"font-size: 14pt;\">385.069<\/span><\/p>\n<\/td>\n<td style=\"width: 7.99853%;\">\n<p><span style=\"font-size: 14pt;\">2,79<\/span><\/p>\n<\/td>\n<\/tr>\n<tr>\n<td style=\"width: 27.0774%;\">\n<p><span style=\"font-size: 14pt;\"><strong>Asturias<\/strong><\/span><\/p>\n<\/td>\n<td style=\"width: 17.0497%;\">\n<p><span style=\"font-size: 14pt;\">0,880<\/span><\/p>\n<\/td>\n<td style=\"width: 15.1604%;\">\n<p><span style=\"font-size: 14pt;\">306<\/span><\/p>\n<\/td>\n<td style=\"width: 19.6524%;\">\n<p><span style=\"font-size: 14pt;\">1.114.113<\/span><\/p>\n<\/td>\n<td style=\"width: 17.0487%;\">\n<p><span style=\"font-size: 14pt;\">330.819<\/span><\/p>\n<\/td>\n<td style=\"width: 7.99853%;\">\n<p><span style=\"font-size: 14pt;\">2,47<\/span><\/p>\n<\/td>\n<\/tr>\n<tr>\n<td style=\"width: 27.0774%;\">\n<p><span style=\"font-size: 14pt;\"><strong>Baleares<\/strong><\/span><\/p>\n<\/td>\n<td style=\"width: 17.0497%;\">\n<p><span style=\"font-size: 14pt;\">1,520<\/span><\/p>\n<\/td>\n<td style=\"width: 15.1604%;\">\n<p><span style=\"font-size: 14pt;\">547<\/span><\/p>\n<\/td>\n<td style=\"width: 19.6524%;\">\n<p><span style=\"font-size: 14pt;\">754.777<\/span><\/p>\n<\/td>\n<td style=\"width: 17.0487%;\">\n<p><span style=\"font-size: 14pt;\">412.863<\/span><\/p>\n<\/td>\n<td style=\"width: 7.99853%;\">\n<p><span style=\"font-size: 14pt;\">2,99<\/span><\/p>\n<\/td>\n<\/tr>\n<tr>\n<td style=\"width: 27.0774%;\">\n<p><span style=\"font-size: 14pt;\"><strong>Canarias<\/strong><\/span><\/p>\n<\/td>\n<td style=\"width: 17.0497%;\">\n<p><span style=\"font-size: 14pt;\">1,170<\/span><\/p>\n<\/td>\n<td style=\"width: 15.1604%;\">\n<p><span style=\"font-size: 14pt;\">417<\/span><\/p>\n<\/td>\n<td style=\"width: 19.6524%;\">\n<p><span style=\"font-size: 14pt;\">1.614.992<\/span><\/p>\n<\/td>\n<td style=\"width: 17.0487%;\">\n<p><span style=\"font-size: 14pt;\">738.973<\/span><\/p>\n<\/td>\n<td style=\"width: 7.99853%;\">\n<p><span style=\"font-size: 14pt;\">5,35<\/span><\/p>\n<\/td>\n<\/tr>\n<tr>\n<td style=\"width: 27.0774%;\">\n<p><span style=\"font-size: 14pt;\"><strong>Cantabria<\/strong><\/span><\/p>\n<\/td>\n<td style=\"width: 17.0497%;\">\n<p><span style=\"font-size: 14pt;\">0,950<\/span><\/p>\n<\/td>\n<td style=\"width: 15.1604%;\">\n<p><span style=\"font-size: 14pt;\">342<\/span><\/p>\n<\/td>\n<td style=\"width: 19.6524%;\">\n<p><span style=\"font-size: 14pt;\">524.670<\/span><\/p>\n<\/td>\n<td style=\"width: 17.0487%;\">\n<p><span style=\"font-size: 14pt;\">179.437<\/span><\/p>\n<\/td>\n<td style=\"width: 7.99853%;\">\n<p><span style=\"font-size: 14pt;\">1,30<\/span><\/p>\n<\/td>\n<\/tr>\n<tr>\n<td style=\"width: 27.0774%;\">\n<p><span style=\"font-size: 14pt;\"><strong>Castilla-La Mancha<\/strong><\/span><\/p>\n<\/td>\n<td style=\"width: 17.0497%;\">\n<p><span style=\"font-size: 14pt;\">0,98<\/span><\/p>\n<\/td>\n<td style=\"width: 15.1604%;\">\n<p><span style=\"font-size: 14pt;\">353<\/span><\/p>\n<\/td>\n<td style=\"width: 19.6524%;\">\n<p><span style=\"font-size: 14pt;\">1.665.029<\/span><\/p>\n<\/td>\n<td style=\"width: 17.0487%;\">\n<p><span style=\"font-size: 14pt;\">587.734<\/span><\/p>\n<\/td>\n<td style=\"width: 7.99853%;\">\n<p><span style=\"font-size: 14pt;\">4,26<\/span><\/p>\n<\/td>\n<\/tr>\n<tr>\n<td style=\"width: 27.0774%;\">\n<p><span style=\"font-size: 14pt;\"><strong>Castilla-Le\u00f3n<\/strong><\/span><\/p>\n<\/td>\n<td style=\"width: 17.0497%;\">\n<p><span style=\"font-size: 14pt;\">1,00<\/span><\/p>\n<\/td>\n<td style=\"width: 15.1604%;\">\n<p><span style=\"font-size: 14pt;\">396<\/span><\/p>\n<\/td>\n<td style=\"width: 19.6524%;\">\n<p><span style=\"font-size: 14pt;\">2.508.830<\/span><\/p>\n<\/td>\n<td style=\"width: 17.0487%;\">\n<p><span style=\"font-size: 14pt;\">1.000.731<\/span><\/p>\n<\/td>\n<td style=\"width: 7.99853%;\">\n<p><span style=\"font-size: 14pt;\">7,23<\/span><\/p>\n<\/td>\n<\/tr>\n<tr>\n<td style=\"width: 27.0774%;\">\n<p><span style=\"font-size: 14pt;\"><strong>Catalu\u00f1a<\/strong><\/span><\/p>\n<\/td>\n<td style=\"width: 17.0497%;\">\n<p><span style=\"font-size: 14pt;\">1,00<\/span><\/p>\n<\/td>\n<td style=\"width: 15.1604%;\">\n<p><span style=\"font-size: 14pt;\">396<\/span><\/p>\n<\/td>\n<td style=\"width: 19.6524%;\">\n<p><span style=\"font-size: 14pt;\">5.971.525<\/span><\/p>\n<\/td>\n<td style=\"width: 17.0487%;\">\n<p><span style=\"font-size: 14pt;\">2.364.732<\/span><\/p>\n<\/td>\n<td style=\"width: 7.99853%;\">\n<p><span style=\"font-size: 14pt;\">17,10<\/span><\/p>\n<\/td>\n<\/tr>\n<tr>\n<td style=\"width: 27.0774%;\">\n<p><span style=\"font-size: 14pt;\"><strong>Valencia<\/strong><\/span><\/p>\n<\/td>\n<td style=\"width: 17.0497%;\">\n<p><span style=\"font-size: 14pt;\">0,89<\/span><\/p>\n<\/td>\n<td style=\"width: 15.1604%;\">\n<p><span style=\"font-size: 14pt;\">317<\/span><\/p>\n<\/td>\n<td style=\"width: 19.6524%;\">\n<p><span style=\"font-size: 14pt;\">3.722.091<\/span><\/p>\n<\/td>\n<td style=\"width: 17.0487%;\">\n<p><span style=\"font-size: 14pt;\">1.182.257<\/span><\/p>\n<\/td>\n<td style=\"width: 7.99853%;\">\n<p><span style=\"font-size: 14pt;\">8,56<\/span><\/p>\n<\/td>\n<\/tr>\n<tr>\n<td style=\"width: 27.0774%;\">\n<p><span style=\"font-size: 14pt;\"><strong>Extremadura<\/strong><\/span><\/p>\n<\/td>\n<td style=\"width: 17.0497%;\">\n<p><span style=\"font-size: 14pt;\">0,940<\/span><\/p>\n<\/td>\n<td style=\"width: 15.1604%;\">\n<p><span style=\"font-size: 14pt;\">338<\/span><\/p>\n<\/td>\n<td style=\"width: 19.6524%;\">\n<p><span style=\"font-size: 14pt;\">1.066.843<\/span><\/p>\n<\/td>\n<td style=\"width: 17.0487%;\">\n<p><span style=\"font-size: 14pt;\">419.689<\/span><\/p>\n<\/td>\n<td style=\"width: 7.99853%;\">\n<p><span style=\"font-size: 14pt;\">3,03<\/span><\/p>\n<\/td>\n<\/tr>\n<tr>\n<td style=\"width: 27.0774%;\">\n<p><span style=\"font-size: 14pt;\"><strong>Galicia<\/strong><\/span><\/p>\n<\/td>\n<td style=\"width: 17.0497%;\">\n<p><span style=\"font-size: 14pt;\"><strong>0,820<\/strong><\/span><\/p>\n<\/td>\n<td style=\"width: 15.1604%;\">\n<p><span style=\"font-size: 14pt;\"><strong>295<\/strong><\/span><\/p>\n<\/td>\n<td style=\"width: 19.6524%;\">\n<p><span style=\"font-size: 14pt;\"><strong>2.785.394<\/strong><\/span><\/p>\n<\/td>\n<td style=\"width: 17.0487%;\">\n<p><span style=\"font-size: 14pt;\"><strong>821.691<\/strong><\/span><\/p>\n<\/td>\n<td style=\"width: 7.99853%;\">\n<p><span style=\"font-size: 14pt;\"><strong>5,94<\/strong><\/span><\/p>\n<\/td>\n<\/tr>\n<tr>\n<td style=\"width: 27.0774%;\">\n<p><span style=\"font-size: 14pt;\"><strong>Madrid<\/strong><\/span><\/p>\n<\/td>\n<td style=\"width: 17.0497%;\">\n<p><span style=\"font-size: 14pt;\">1,100<\/span><\/p>\n<\/td>\n<td style=\"width: 15.1604%;\">\n<p><span style=\"font-size: 14pt;\">396<\/span><\/p>\n<\/td>\n<td style=\"width: 19.6524%;\">\n<p><span style=\"font-size: 14pt;\">5.060.016<\/span><\/p>\n<\/td>\n<td style=\"width: 17.0487%;\">\n<p><span style=\"font-size: 14pt;\">1.943.088<\/span><\/p>\n<\/td>\n<td style=\"width: 7.99853%;\">\n<p><span style=\"font-size: 14pt;\">14,06<\/span><\/p>\n<\/td>\n<\/tr>\n<tr>\n<td style=\"width: 27.0774%;\">\n<p><span style=\"font-size: 14pt;\"><strong>Murcia<\/strong><\/span><\/p>\n<\/td>\n<td style=\"width: 17.0497%;\">\n<p><span style=\"font-size: 14pt;\">1,020<\/span><\/p>\n<\/td>\n<td style=\"width: 15.1604%;\">\n<p><span style=\"font-size: 14pt;\">367<\/span><\/p>\n<\/td>\n<td style=\"width: 19.6524%;\">\n<p><span style=\"font-size: 14pt;\">1.014.285<\/span><\/p>\n<\/td>\n<td style=\"width: 17.0487%;\">\n<p><span style=\"font-size: 14pt;\">372.243<\/span><\/p>\n<\/td>\n<td style=\"width: 7.99853%;\">\n<p><span style=\"font-size: 14pt;\">2,69<\/span><\/p>\n<\/td>\n<\/tr>\n<tr>\n<td style=\"width: 27.0774%;\">\n<p><span style=\"font-size: 14pt;\"><strong>Navarra<\/strong><\/span><\/p>\n<\/td>\n<td style=\"width: 17.0497%;\">\n<p><span style=\"font-size: 14pt;\">0,767<\/span><\/p>\n<\/td>\n<td style=\"width: 15.1604%;\">\n<p><span style=\"font-size: 14pt;\">290<\/span><\/p>\n<\/td>\n<td style=\"width: 19.6524%;\">\n<p><span style=\"font-size: 14pt;\">512.679<\/span><\/p>\n<\/td>\n<td style=\"width: 17.0487%;\">\n<p><span style=\"font-size: 14pt;\">141.448<\/span><\/p>\n<\/td>\n<td style=\"width: 7.99853%;\">\n<p><span style=\"font-size: 14pt;\">1,02<\/span><\/p>\n<\/td>\n<\/tr>\n<tr>\n<td style=\"width: 27.0774%;\">\n<p><span style=\"font-size: 14pt;\"><strong>Pa\u00eds Vasco<\/strong><\/span><\/p>\n<\/td>\n<td style=\"width: 17.0497%;\">\n<p><span style=\"font-size: 14pt;\">0,890<\/span><\/p>\n<\/td>\n<td style=\"width: 15.1604%;\">\n<p><span style=\"font-size: 14pt;\">325<\/span><\/p>\n<\/td>\n<td style=\"width: 19.6524%;\">\n<p><span style=\"font-size: 14pt;\">2.138.002<\/span><\/p>\n<\/td>\n<td style=\"width: 17.0487%;\">\n<p><span style=\"font-size: 14pt;\">696.093<\/span><\/p>\n<\/td>\n<td style=\"width: 7.99853%;\">\n<p><span style=\"font-size: 14pt;\">5,08<\/span><\/p>\n<\/td>\n<\/tr>\n<tr>\n<td style=\"width: 27.0774%;\">\n<p><span style=\"font-size: 14pt;\"><strong>La Rioja<\/strong><\/span><\/p>\n<\/td>\n<td style=\"width: 17.0497%;\">\n<p><span style=\"font-size: 14pt;\">0,810<\/span><\/p>\n<\/td>\n<td style=\"width: 15.1604%;\">\n<p><span style=\"font-size: 14pt;\">292<\/span><\/p>\n<\/td>\n<td style=\"width: 19.6524%;\">\n<p><span style=\"font-size: 14pt;\">262.611<\/span><\/p>\n<\/td>\n<td style=\"width: 17.0487%;\">\n<p><span style=\"font-size: 14pt;\">76.682<\/span><\/p>\n<\/td>\n<td style=\"width: 7.99853%;\">\n<p><span style=\"font-size: 14pt;\">0,50<\/span><\/p>\n<\/td>\n<\/tr>\n<tr>\n<td style=\"width: 27.0774%;\">\n<p><span style=\"font-size: 14pt;\"><strong>Ceuta<\/strong><\/span><\/p>\n<\/td>\n<td style=\"width: 17.0497%;\">\n<p><span style=\"font-size: 14pt;\">0,840<\/span><\/p>\n<\/td>\n<td style=\"width: 15.1604%;\">\n<p><span style=\"font-size: 14pt;\">302<\/span><\/p>\n<\/td>\n<td style=\"width: 19.6524%;\">\n<p><span style=\"font-size: 14pt;\">71.303<\/span><\/p>\n<\/td>\n<td style=\"width: 17.0487%;\">\n<p><span style=\"font-size: 14pt;\">23.000<\/span><\/p>\n<\/td>\n<td style=\"width: 7.99853%;\">\n<p><span style=\"font-size: 14pt;\">0,17<\/span><\/p>\n<\/td>\n<\/tr>\n<tr>\n<td style=\"width: 27.0774%;\">\n<p><span style=\"font-size: 14pt;\"><strong>Melilla<\/strong><\/span><\/p>\n<\/td>\n<td style=\"width: 17.0497%;\">\n<p><span style=\"font-size: 14pt;\">1,078<\/span><\/p>\n<\/td>\n<td style=\"width: 15.1604%;\">\n<p><span style=\"font-size: 14pt;\">388<\/span><\/p>\n<\/td>\n<td style=\"width: 19.6524%;\">\n<p><span style=\"font-size: 14pt;\">55.613<\/span><\/p>\n<\/td>\n<td style=\"width: 17.0487%;\">\n<p><span style=\"font-size: 14pt;\">21.600<\/span><\/p>\n<\/td>\n<td style=\"width: 7.99853%;\">\n<p><span style=\"font-size: 14pt;\">0,17<\/span><\/p>\n<\/td>\n<\/tr>\n<tr>\n<td style=\"width: 27.0774%;\">\n<p><span style=\"font-size: 14pt;\"><strong>ESPA\u00d1A<\/strong><\/span><\/p>\n<\/td>\n<td style=\"width: 17.0497%;\">\n<p><span style=\"font-size: 14pt;\"><strong>0,900<\/strong><\/span><\/p>\n<\/td>\n<td style=\"width: 15.1604%;\">\n<p><span style=\"font-size: 14pt;\"><strong>357<\/strong><\/span><\/p>\n<\/td>\n<td style=\"width: 19.6524%;\">\n<p><span style=\"font-size: 14pt;\"><strong>38.885.580<\/strong><\/span><\/p>\n<\/td>\n<td style=\"width: 17.0487%;\">\n<p><span style=\"font-size: 14pt;\"><strong>13.827.655<\/strong><\/span><\/p>\n<\/td>\n<td style=\"width: 7.99853%;\">\n<p><span style=\"font-size: 14pt;\"><strong>100<\/strong><\/span><\/p>\n<\/td>\n<\/tr>\n<\/tbody>\n<\/table>\n<p>&nbsp;<\/p>\n<h6 style=\"text-align: justify;\"><span style=\"font-size: 14pt;\"><strong>LOS R.S.U. &#8211; Composici\u00f3n.<\/strong><\/span><\/h6>\n<p style=\"text-align: justify;\"><span style=\"font-size: 14pt;\">El conocimiento de la composici\u00f3n de los R.S.U. tiene una\u00a0<strong>gran importancia a la hora de tomar decisiones en la elecci\u00f3n\u00a0de los sistemas de tratamiento<\/strong>. <\/span><\/p>\n<p style=\"text-align: justify;\"><span style=\"font-size: 14pt;\">Son muchos los\u00a0<strong>factores<\/strong>\u00a0que\u00a0inciden en su <strong>composici\u00f3n y caracter\u00edsticas<\/strong>:\u00a0<\/span><\/p>\n<blockquote>\n<p style=\"text-align: justify;\"><span style=\"color: #008000;\"><strong><span style=\"font-size: 14pt;\">*\u00a0Las caracter\u00edsticas de la poblaci\u00f3n:\u00a0zonas rurales o n\u00facleos\u00a0urbanos, \u00e1reas residenciales o zonas de servicios,&#8230;\u00a0<\/span><\/strong><\/span><\/p>\n<p style=\"text-align: justify;\"><span style=\"color: #008000;\"><strong><span style=\"font-size: 14pt;\">*\u00a0El clima y la estaci\u00f3n:\u00a0los residuos recogidos en verano\u00a0presentan un mayor contenido en restos de frutas y verduras,\u00a0mientras que las escorias y cenizas aumentan en invierno.\u00a0<\/span><\/strong><\/span><\/p>\n<p style=\"text-align: justify;\"><span style=\"color: #008000;\"><strong><span style=\"font-size: 14pt;\">*\u00a0El modo y nivel de vida de la poblaci\u00f3n: El consumo de productos alimenticios ya preparados hace que aumente el contenido de envases y embalajes (botes de conserva, vidrios, pl\u00e1sticos, papeles y cartones), pero por otra parte se produce una disminuci\u00f3n de restos de vegetales, carnes y grasas. <\/span><\/strong><\/span><\/p>\n<p style=\"text-align: justify;\"><span style=\"color: #008000;\"><strong><span style=\"font-size: 14pt;\">Los jardines anejos a las viviendas individuales absorben ciertos tipos de residuos. El mayor uso del gas y la electricidad hacen disminuir el n\u00famero de escorias y cenizas.<\/span><\/strong><\/span><\/p>\n<\/blockquote>\n<p>&nbsp;<\/p>\n<p><img loading=\"lazy\" decoding=\"async\" class=\"aligncenter wp-image-2313774\" src=\"https:\/\/puntocritico.com\/ausajpuntocritico\/wp-content\/uploads\/2025\/10\/Como-funciona-el-proceso-de-compostaje-300x210.webp\" alt=\"\" width=\"400\" height=\"280\" srcset=\"https:\/\/puntocritico.com\/ausajpuntocritico\/wp-content\/uploads\/2025\/10\/Como-funciona-el-proceso-de-compostaje-300x210.webp 300w, https:\/\/puntocritico.com\/ausajpuntocritico\/wp-content\/uploads\/2025\/10\/Como-funciona-el-proceso-de-compostaje-1024x717.webp 1024w, https:\/\/puntocritico.com\/ausajpuntocritico\/wp-content\/uploads\/2025\/10\/Como-funciona-el-proceso-de-compostaje-768x538.webp 768w, https:\/\/puntocritico.com\/ausajpuntocritico\/wp-content\/uploads\/2025\/10\/Como-funciona-el-proceso-de-compostaje.webp 1200w\" sizes=\"auto, (max-width: 400px) 100vw, 400px\" \/><\/p>\n<p>&nbsp;<\/p>\n<p style=\"text-align: justify;\"><span style=\"font-size: 14pt;\">Los\u00a0<strong>R.S.U. est\u00e1n constituidos por un conjunto de<\/strong>\u00a0<strong>materiales muy heterog\u00e9neo<\/strong>. Por ello se plantea la necesidad\u00a0de <strong>reagrupar los distintos componentes en categor\u00edas de cierta\u00a0homogeneidad<\/strong>, cuyo n\u00famero variar\u00e1 seg\u00fan los objetivos\u00a0perseguidos por la clasificaci\u00f3n. <\/span><\/p>\n<p style=\"text-align: justify;\"><span style=\"font-size: 14pt;\">Es frecuente englobarlos en\u00a0<strong>tres grandes grupos<\/strong>:\u00a0<\/span><\/p>\n<blockquote>\n<p style=\"text-align: justify;\"><span style=\"color: #008000;\"><strong><span style=\"font-size: 14pt;\">1.- INERTES:\u00a0metales, vidrio, restos de reparaciones\u00a0domiciliarias, tierra, escorias y cenizas.\u00a0<\/span><\/strong><\/span><\/p>\n<p style=\"text-align: justify;\"><span style=\"color: #008000;\"><strong><span style=\"font-size: 14pt;\">2.- FERMENTABLES:\u00a0los org\u00e1nicos putrefactibles (<em>pan, pescados,\u00a0paja, restos org\u00e1nicos como vegetales&#8230;<\/em>)\u00a0<\/span><\/strong><\/span><\/p>\n<p style=\"text-align: justify;\"><span style=\"color: #008000;\"><strong><span style=\"font-size: 14pt;\">3.- COMBUSTIBLES: papel, cart\u00f3n, pl\u00e1sticos, madera, cueros, gomas, textiles&#8230; Pero esta categor\u00eda no es v\u00e1lida en cuanto al objetivo de la separaci\u00f3n de la que depende la alternativa de la RECUPERACI\u00d3N SELECTIVA (<em>concepto esencial<\/em>).<\/span><\/strong><\/span><\/p>\n<\/blockquote>\n<p>&nbsp;<\/p>\n<p><img loading=\"lazy\" decoding=\"async\" class=\"aligncenter wp-image-2313775\" src=\"https:\/\/puntocritico.com\/ausajpuntocritico\/wp-content\/uploads\/2025\/10\/GARDELEGI-bulldozer-basurero-300x200.webp\" alt=\"\" width=\"440\" height=\"293\" srcset=\"https:\/\/puntocritico.com\/ausajpuntocritico\/wp-content\/uploads\/2025\/10\/GARDELEGI-bulldozer-basurero-300x200.webp 300w, https:\/\/puntocritico.com\/ausajpuntocritico\/wp-content\/uploads\/2025\/10\/GARDELEGI-bulldozer-basurero-1024x683.webp 1024w, https:\/\/puntocritico.com\/ausajpuntocritico\/wp-content\/uploads\/2025\/10\/GARDELEGI-bulldozer-basurero-768x512.webp 768w, https:\/\/puntocritico.com\/ausajpuntocritico\/wp-content\/uploads\/2025\/10\/GARDELEGI-bulldozer-basurero-1536x1024.webp 1536w, https:\/\/puntocritico.com\/ausajpuntocritico\/wp-content\/uploads\/2025\/10\/GARDELEGI-bulldozer-basurero-1320x880.webp 1320w, https:\/\/puntocritico.com\/ausajpuntocritico\/wp-content\/uploads\/2025\/10\/GARDELEGI-bulldozer-basurero.webp 1920w\" sizes=\"auto, (max-width: 440px) 100vw, 440px\" \/><\/p>\n<p>&nbsp;<\/p>\n<p style=\"text-align: justify;\"><span style=\"font-size: 14pt;\">Hay que destacar un fen\u00f3meno de gran importancia e\u00a0incidencia significativa: La\u00a0<strong>labor de los recuperadores de<\/strong>\u00a0<strong>materiales reutilizables<\/strong>\u00a0contenidos en las basuras, en\u00a0especial, papel, cart\u00f3n, metales o maderas, susceptibles de\u00a0ser comercializados, cuya actividad repercute sobre la\u00a0verdadera composici\u00f3n de las basuras, pues extraen de ellas\u00a0cantidades de estas categor\u00edas, que quedan sin\u00a0contabilizaci\u00f3n.<\/span><\/p>\n<p>&nbsp;<\/p>\n<blockquote>\n<p style=\"text-align: center;\"><span style=\"color: #008000;\"><strong><span style=\"font-size: 14pt;\">Las CARACTERISTICAS de\u00a0los RSU,\u00a0cuyo estudio resulta b\u00e1sico a la hora de\u00a0establecer el sistema de tratamiento, recuperaci\u00f3n o\u00a0eliminaci\u00f3n m\u00e1s adecuado: <\/span><\/strong><\/span><\/p>\n<p style=\"text-align: center;\"><span style=\"color: #008000;\"><strong><span style=\"font-size: 14pt;\">Son, esencialmente, la DENSIDAD, el GRADO DE HUMEDAD, el PODER CALORIFICO y la RELACION CARBONO- NITROGENO.<\/span><\/strong><\/span><\/p>\n<\/blockquote>\n<p>&nbsp;<\/p>\n<p style=\"text-align: justify;\"><span style=\"font-size: 14pt;\">Un tema important\u00edsimo es el de las\u00a0<strong>CARACTERISTICAS de<\/strong>\u00a0<strong>los R.S.U.,<\/strong> cuyo estudio resulta b\u00e1sico a la hora de establecer el sistema de tratamiento, recuperaci\u00f3n o eliminaci\u00f3n m\u00e1s adecuado: Son, esencialmente, la\u00a0<strong>DENSIDAD<\/strong>, el\u00a0<strong>GRADO DE HUMEDAD<\/strong>, el\u00a0<strong>PODER CALORIFICO<\/strong>\u00a0y la\u00a0<strong>RELACION CARBONO-<\/strong>\u00a0<strong>NITROGENO<\/strong>.<\/span><\/p>\n<p style=\"text-align: justify;\"><span style=\"font-size: 14pt;\"><strong>LA DENSIDAD:<\/strong>\u00a0debido al car\u00e1cter heterog\u00e9neo de los distintos\u00a0componentes de la basura, puede variar entre 110 y 200 Kg. por\u00a0metro c\u00fabico. En general, se acepta que es\u00a0<strong>menor en los<\/strong>\u00a0<strong>barrios c\u00e9ntricos<\/strong>, donde oficinas y comercios alternan con\u00a0viviendas, mientras que\u00a0<strong>crece en zonas perif\u00e9ricas<\/strong>, donde\u00a0abundan m\u00e1s las viviendas.<\/span><\/p>\n<p style=\"text-align: justify;\"><span style=\"font-size: 14pt;\">Asimismo, var\u00eda en sentido inverso al nivel de vida,\u00a0presentando los barrios residenciales las densidades m\u00e1s\u00a0d\u00e9biles, debido a la utilizaci\u00f3n mayor por los primeros, de\u00a0envases sin retorno, ligeros y voluminosos, as\u00ed como el\u00a0descenso de combustibles s\u00f3lidos para la calefacci\u00f3n. Por lo\u00a0que se refiere a Galicia, seg\u00fan datos del MOPU referidos a\u00a01.992, se estima una densidad de 162 Kilos por metro cuadrado.<\/span><\/p>\n<p style=\"text-align: justify;\"><span style=\"font-size: 14pt;\"><strong>LA CANTIDAD DE AGUA QUE CONTIENEN LOS R.S.U.:<\/strong> Tiene gran influencia sobre el poder calor\u00edfico \u00fatil de las basuras, as\u00ed como en la transformaci\u00f3n biol\u00f3gica de los materiales fermentables. Son muy variados los factores que inciden en el porcentaje de agua contenida: contenido org\u00e1nico, climatolog\u00eda de la regi\u00f3n, forma de presentaci\u00f3n o procedencia. La humedad es m\u00e1xima en los residuos procedentes de mercados (70-80%), y m\u00ednima en los procedentes de \u00e1reas comerciales (10-20%). En Galicia, seg\u00fan el MOPU, en 1.992 la humedad media fue del 50&#8217;8%.<\/span><\/p>\n<p style=\"text-align: justify;\"><span style=\"font-size: 14pt;\"><strong>PODER CALORIFICO INFERIOR:<\/strong>\u00a0Se toma en consideraci\u00f3n para la\u00a0decisi\u00f3n sobre la procedencia t\u00e9cnica de la incineraci\u00f3n. En\u00a0el caso de los R.S.U., debido a su heterogeneidad, ha de\u00a0hablarse de un valor medio, que oscila entre 800 y 1.600\u00a0Kcal\/Kg. En cuanto a Galicia, la media en 1.992 se estim\u00f3 por\u00a0el MOPU en 1.634 Kcal\/Kg.<\/span><\/p>\n<p style=\"text-align: justify;\"><span style=\"font-size: 14pt;\">El PCI tiende a aumentar cuando hay incremento en el\u00a0contenido de papel, cart\u00f3n y pl\u00e1sticos en las basuras, por lo\u00a0que el inter\u00e9s de los partidarios de la incineraci\u00f3n en\u00a0impedir el reciclaje de estos materiales es evidente. El PCI\u00a0baja cuando el contenido de materia org\u00e1nica, y por tanto de\u00a0humedad es alto.<\/span><\/p>\n<p style=\"text-align: justify;\"><span style=\"font-size: 14pt;\"><strong>LA RELACION CARBONO-NITROGENO:<\/strong>\u00a0Es un \u00edndice de gran\u00a0importancia en los procesos de\u00a0<strong>COMPOSTAJE<\/strong>, e indica la\u00a0capacidad mineralizadora anual del nitr\u00f3geno. El intervalo\u00a0\u00f3ptimo para los procesos de transformaci\u00f3n biol\u00f3gica se estima\u00a0entre los 20 y los 35, pues para valores inferiores, la\u00a0p\u00e9rdida del nitr\u00f3geno en forma de amoniaco gaseoso es tan\u00a0elevada, que el compostaje de esta materia org\u00e1nica carece de\u00a0inter\u00e9s.<\/span><\/p>\n<p>&nbsp;<\/p>\n<p><img loading=\"lazy\" decoding=\"async\" class=\"aligncenter wp-image-2313776\" src=\"https:\/\/puntocritico.com\/ausajpuntocritico\/wp-content\/uploads\/2025\/10\/man-collecting-scattered-plastic-bottles-from-the-ground-scaled-1-300x169.jpg\" alt=\"\" width=\"480\" height=\"270\" srcset=\"https:\/\/puntocritico.com\/ausajpuntocritico\/wp-content\/uploads\/2025\/10\/man-collecting-scattered-plastic-bottles-from-the-ground-scaled-1-300x169.jpg 300w, https:\/\/puntocritico.com\/ausajpuntocritico\/wp-content\/uploads\/2025\/10\/man-collecting-scattered-plastic-bottles-from-the-ground-scaled-1-1024x576.jpg 1024w, https:\/\/puntocritico.com\/ausajpuntocritico\/wp-content\/uploads\/2025\/10\/man-collecting-scattered-plastic-bottles-from-the-ground-scaled-1-768x432.jpg 768w, https:\/\/puntocritico.com\/ausajpuntocritico\/wp-content\/uploads\/2025\/10\/man-collecting-scattered-plastic-bottles-from-the-ground-scaled-1-1536x864.jpg 1536w, https:\/\/puntocritico.com\/ausajpuntocritico\/wp-content\/uploads\/2025\/10\/man-collecting-scattered-plastic-bottles-from-the-ground-scaled-1-2048x1152.jpg 2048w, https:\/\/puntocritico.com\/ausajpuntocritico\/wp-content\/uploads\/2025\/10\/man-collecting-scattered-plastic-bottles-from-the-ground-scaled-1-678x381.jpg 678w, https:\/\/puntocritico.com\/ausajpuntocritico\/wp-content\/uploads\/2025\/10\/man-collecting-scattered-plastic-bottles-from-the-ground-scaled-1-1320x743.jpg 1320w\" sizes=\"auto, (max-width: 480px) 100vw, 480px\" \/><\/p>\n<p>&nbsp;<\/p>\n<p style=\"text-align: justify;\"><span style=\"font-size: 14pt;\"><strong>Podemos hablar de los siguientes datos referidos a\u00a0Galicia<\/strong>:\u00a0<\/span><\/p>\n<blockquote>\n<p style=\"text-align: justify;\"><strong><span style=\"font-size: 14pt; color: #008000;\">&#8211; Materia org\u00e1nica total: 89&#8217;5%\u00a0<\/span><\/strong><\/p>\n<p style=\"text-align: justify;\"><strong><span style=\"font-size: 14pt; color: #008000;\">&#8211; Materia org\u00e1nica oxidable (<em>Carbono org\u00e1nico oxidable x\u00a01&#8217;724<\/em>): 69&#8217;2\u00a0<\/span><\/strong><\/p>\n<p style=\"text-align: justify;\"><strong><span style=\"font-size: 14pt; color: #008000;\">&#8211; Nitr\u00f3geno: 1&#8217;8%\u00a0<\/span><\/strong><\/p>\n<p style=\"text-align: justify;\"><strong><span style=\"font-size: 14pt; color: #008000;\">&#8211; Relaci\u00f3n Carbono-Nitr\u00f3geno (<em>carbono org\u00e1nico oxidable x\u00a0nitr\u00f3geno total<\/em>): 22&#8217;9<\/span><\/strong><\/p>\n<\/blockquote>\n<p>&nbsp;<\/p>\n<p style=\"text-align: justify;\"><span style=\"font-size: 14pt;\"><strong>Espa\u00f1a genera anualmente m\u00e1s de 13&#8217;8 Millones de\u00a0Toneladas de Residuos S\u00f3lidos Urbanos (RSU)<\/strong>. En Galicia unas\u00a0822.000 Toneladas.<\/span><\/p>\n<p>&nbsp;<\/p>\n<p><img loading=\"lazy\" decoding=\"async\" class=\"aligncenter wp-image-2313777\" src=\"https:\/\/puntocritico.com\/ausajpuntocritico\/wp-content\/uploads\/2025\/10\/RESIDUOS-DOMESTICOS-11-300x173.jpg\" alt=\"\" width=\"480\" height=\"276\" srcset=\"https:\/\/puntocritico.com\/ausajpuntocritico\/wp-content\/uploads\/2025\/10\/RESIDUOS-DOMESTICOS-11-300x173.jpg 300w, https:\/\/puntocritico.com\/ausajpuntocritico\/wp-content\/uploads\/2025\/10\/RESIDUOS-DOMESTICOS-11-1024x589.jpg 1024w, https:\/\/puntocritico.com\/ausajpuntocritico\/wp-content\/uploads\/2025\/10\/RESIDUOS-DOMESTICOS-11-768x442.jpg 768w, https:\/\/puntocritico.com\/ausajpuntocritico\/wp-content\/uploads\/2025\/10\/RESIDUOS-DOMESTICOS-11.jpg 1200w\" sizes=\"auto, (max-width: 480px) 100vw, 480px\" \/><\/p>\n<p>&nbsp;<\/p>\n<p style=\"text-align: center;\"><span style=\"font-size: 14pt;\"><strong>COMPOSICION MEDIA DE LOS RSU (Fuente: MOPU &#8211; 1.992):<\/strong>\u00a0<\/span><\/p>\n<p style=\"text-align: center;\"><span style=\"font-size: 14pt;\">(<em>entre par\u00e9ntesis, datos correspondientes a Galicia<\/em>)<\/span><\/p>\n<blockquote>\n<p style=\"text-align: center;\"><strong><span style=\"font-size: 14pt; color: #008000;\">&#8211;\u00a0Papel y Cart\u00f3n\u00a0&#8230;&#8230;&#8230;&#8230;. 21&#8217;18% (25&#8217;8%)\u00a0<\/span><\/strong><\/p>\n<p style=\"text-align: center;\"><strong><span style=\"font-size: 14pt; color: #008000;\">&#8211;\u00a0Pl\u00e1sticos&#8230;&#8230;&#8230;&#8230;&#8230;&#8230;. 10&#8217;59% (10&#8217;9%)\u00a0<\/span><\/strong><\/p>\n<p style=\"text-align: center;\"><strong><span style=\"font-size: 14pt; color: #008000;\">&#8211;\u00a0Maderas&#8230;&#8230;&#8230;&#8230;&#8230;&#8230;&#8230; 0&#8217;96% (0&#8217;5%)\u00a0<\/span><\/strong><\/p>\n<p style=\"text-align: center;\"><strong><span style=\"font-size: 14pt; color: #008000;\">&#8211;\u00a0Textiles&#8230;&#8230;&#8230;&#8230;&#8230;&#8230;.. 4&#8217;81% (2&#8217;6%)\u00a0<\/span><\/strong><\/p>\n<p style=\"text-align: center;\"><strong><span style=\"font-size: 14pt; color: #008000;\">&#8211;\u00a0Gomas y caucho&#8230;&#8230;&#8230;&#8230;.. 1&#8217;01% (0&#8217;8%)\u00a0<\/span><\/strong><\/p>\n<p style=\"text-align: center;\"><strong><span style=\"font-size: 14pt; color: #008000;\">&#8211;\u00a0Vidrios&#8230;&#8230;&#8230;&#8230;&#8230;&#8230;&#8230; 6&#8217;93% (6&#8217;1%)\u00a0<\/span><\/strong><\/p>\n<p style=\"text-align: center;\"><strong><span style=\"font-size: 14pt; color: #008000;\">&#8211;\u00a0Metales&#8230;&#8230;&#8230;&#8230;&#8230;&#8230;&#8230; 4&#8217;11% (3&#8217;1%)\u00a0<\/span><\/strong><\/p>\n<p style=\"text-align: center;\"><strong><span style=\"font-size: 14pt; color: #008000;\">&#8211;\u00a0Pilas y bater\u00edas&#8230;&#8230;&#8230;&#8230; 0&#8217;20% (0&#8217;1%)\u00a0<\/span><\/strong><\/p>\n<p style=\"text-align: center;\"><strong><span style=\"font-size: 14pt; color: #008000;\">&#8211;\u00a0Diversos&#8230;&#8230;&#8230;&#8230;&#8230;&#8230;.. 6&#8217;17% (1&#8217;2%)\u00a0<\/span><\/strong><\/p>\n<p style=\"text-align: center;\"><strong><span style=\"font-size: 14pt; color: #008000;\">&#8211;\u00a0Materia org\u00e1nica&#8230;&#8230;&#8230;&#8230; 44&#8217;06% (48&#8217;9%)<\/span><\/strong><\/p>\n<\/blockquote>\n<p>&nbsp;<\/p>\n<p><img loading=\"lazy\" decoding=\"async\" class=\"aligncenter wp-image-2313778\" src=\"https:\/\/puntocritico.com\/ausajpuntocritico\/wp-content\/uploads\/2025\/10\/Fardos-residuos-recuperados-300x225.jpg\" alt=\"\" width=\"440\" height=\"330\" srcset=\"https:\/\/puntocritico.com\/ausajpuntocritico\/wp-content\/uploads\/2025\/10\/Fardos-residuos-recuperados-300x225.jpg 300w, https:\/\/puntocritico.com\/ausajpuntocritico\/wp-content\/uploads\/2025\/10\/Fardos-residuos-recuperados-1024x768.jpg 1024w, https:\/\/puntocritico.com\/ausajpuntocritico\/wp-content\/uploads\/2025\/10\/Fardos-residuos-recuperados-768x576.jpg 768w, https:\/\/puntocritico.com\/ausajpuntocritico\/wp-content\/uploads\/2025\/10\/Fardos-residuos-recuperados-678x509.jpg 678w, https:\/\/puntocritico.com\/ausajpuntocritico\/wp-content\/uploads\/2025\/10\/Fardos-residuos-recuperados-326x245.jpg 326w, https:\/\/puntocritico.com\/ausajpuntocritico\/wp-content\/uploads\/2025\/10\/Fardos-residuos-recuperados-80x60.jpg 80w, https:\/\/puntocritico.com\/ausajpuntocritico\/wp-content\/uploads\/2025\/10\/Fardos-residuos-recuperados.jpg 1280w\" sizes=\"auto, (max-width: 440px) 100vw, 440px\" \/><\/p>\n<p>&nbsp;<\/p>\n<p style=\"text-align: justify;\"><span style=\"font-size: 14pt;\">Es bien sabido que <strong>uno de los \u00edndices m\u00e1s sencillos para\u00a0conocer el desarrollo econ\u00f3mico de una sociedad viene dado por\u00a0la producci\u00f3n y composici\u00f3n de sus residuos<\/strong>.<\/span><\/p>\n<p>&nbsp;<\/p>\n<p><img loading=\"lazy\" decoding=\"async\" class=\"aligncenter wp-image-2313861\" src=\"https:\/\/puntocritico.com\/ausajpuntocritico\/wp-content\/uploads\/2025\/10\/COMPOSICION-DE-LOS-RESIDUOS-DOMESTICOS-300x205.jpg\" alt=\"\" width=\"555\" height=\"379\" srcset=\"https:\/\/puntocritico.com\/ausajpuntocritico\/wp-content\/uploads\/2025\/10\/COMPOSICION-DE-LOS-RESIDUOS-DOMESTICOS-300x205.jpg 300w, https:\/\/puntocritico.com\/ausajpuntocritico\/wp-content\/uploads\/2025\/10\/COMPOSICION-DE-LOS-RESIDUOS-DOMESTICOS-768x525.jpg 768w, https:\/\/puntocritico.com\/ausajpuntocritico\/wp-content\/uploads\/2025\/10\/COMPOSICION-DE-LOS-RESIDUOS-DOMESTICOS.jpg 792w\" sizes=\"auto, (max-width: 555px) 100vw, 555px\" \/><\/p>\n<p>&nbsp;<\/p>\n<blockquote>\n<p style=\"text-align: center;\"><span style=\"color: #008000; font-size: 14pt;\"><strong>COMPOSICION DE LOS RESIDUOS DOMESTICOS\u00a0<\/strong><\/span><\/p>\n<p style=\"text-align: center;\"><strong><span style=\"color: #008000; font-size: 14pt;\">[Sus proporciones coinciden con la tabla anterior: Materia org\u00e1nica 44,06; Papel 21,18; Pl\u00e1stico 10,59; Vidrio 6,93; Metales 4,11; Textil 4,81; Goma y Caucho 1,01; Varios 6,17; Pila y Bater\u00edas 0,2; Madera 0,96.]<\/span><\/strong><\/p>\n<\/blockquote>\n<p>&nbsp;<\/p>\n<p><img loading=\"lazy\" decoding=\"async\" class=\"aligncenter wp-image-2313779\" src=\"https:\/\/puntocritico.com\/ausajpuntocritico\/wp-content\/uploads\/2025\/10\/Reciclaje-industrial-campa-1-300x226.webp\" alt=\"\" width=\"400\" height=\"301\" srcset=\"https:\/\/puntocritico.com\/ausajpuntocritico\/wp-content\/uploads\/2025\/10\/Reciclaje-industrial-campa-1-300x226.webp 300w, https:\/\/puntocritico.com\/ausajpuntocritico\/wp-content\/uploads\/2025\/10\/Reciclaje-industrial-campa-1-326x245.webp 326w, https:\/\/puntocritico.com\/ausajpuntocritico\/wp-content\/uploads\/2025\/10\/Reciclaje-industrial-campa-1-80x60.webp 80w, https:\/\/puntocritico.com\/ausajpuntocritico\/wp-content\/uploads\/2025\/10\/Reciclaje-industrial-campa-1.webp 609w\" sizes=\"auto, (max-width: 400px) 100vw, 400px\" \/><\/p>\n<h5 style=\"text-align: center;\"><span style=\"font-size: 18pt;\"><strong>3.1.3.- GESTION: Fases y sistemas.<\/strong><\/span><\/h5>\n<p style=\"text-align: justify;\"><span style=\"font-size: 14pt;\"><strong>FASES DE LA GESTION.<\/strong>\u00a0Gesti\u00f3n de los residuos s\u00f3lidos urbanos: Se entiende por\u00a0gesti\u00f3n de residuos s\u00f3lidos urbanos el conjunto de operaciones\u00a0encaminadas a dar a los residuos producidos en una zona el\u00a0destino global m\u00e1s adecuado desde el punto de vista ambiental\u00a0y especialmente en la vertiente sanitaria, de acuerdo con sus\u00a0caracter\u00edsticas, volumen, procedencia, coste de tratamiento,\u00a0posibilidades de recuperaci\u00f3n y de comercializaci\u00f3n y\u00a0directrices administrativas en este campo.<\/span><\/p>\n<p style=\"text-align: justify;\"><span style=\"font-size: 14pt;\">La gesti\u00f3n de los residuos comprende las fases de\u00a0<strong>pre-<\/strong><strong>recogida<\/strong>,\u00a0<strong>recogida<\/strong>,\u00a0<strong>transporte<\/strong>,\u00a0<strong>tratamiento y eliminaci\u00f3n<\/strong>\u00a0de\u00a0los mismos, as\u00ed como las operaciones de transformaci\u00f3n\u00a0necesarias para su reutilizaci\u00f3n, su recuperaci\u00f3n o reciclaje.\u00a0<\/span><\/p>\n<p>&nbsp;<\/p>\n<p><img loading=\"lazy\" decoding=\"async\" class=\"aligncenter wp-image-2313801\" src=\"https:\/\/puntocritico.com\/ausajpuntocritico\/wp-content\/uploads\/2025\/10\/Recogida-Selectiva-de-Basura-300x139.jpg\" alt=\"\" width=\"480\" height=\"223\" srcset=\"https:\/\/puntocritico.com\/ausajpuntocritico\/wp-content\/uploads\/2025\/10\/Recogida-Selectiva-de-Basura-300x139.jpg 300w, https:\/\/puntocritico.com\/ausajpuntocritico\/wp-content\/uploads\/2025\/10\/Recogida-Selectiva-de-Basura-1024x475.jpg 1024w, https:\/\/puntocritico.com\/ausajpuntocritico\/wp-content\/uploads\/2025\/10\/Recogida-Selectiva-de-Basura-768x357.jpg 768w, https:\/\/puntocritico.com\/ausajpuntocritico\/wp-content\/uploads\/2025\/10\/Recogida-Selectiva-de-Basura-1320x613.jpg 1320w, https:\/\/puntocritico.com\/ausajpuntocritico\/wp-content\/uploads\/2025\/10\/Recogida-Selectiva-de-Basura.jpg 1400w\" sizes=\"auto, (max-width: 480px) 100vw, 480px\" \/><\/p>\n<p>&nbsp;<\/p>\n<p style=\"text-align: justify;\"><span style=\"font-size: 14pt;\">El\u00a0<strong>TRATAMIENTO<\/strong>\u00a0es el conjunto de operaciones encaminadas a la\u00a0eliminaci\u00f3n de los deshechos y residuos o al aprovechamiento\u00a0de los recursos contenidos en ellos. <\/span><\/p>\n<p style=\"text-align: justify;\"><span style=\"font-size: 14pt;\">LA\u00a0<strong>ELIMINACION<\/strong>\u00a0es todo\u00a0aqu\u00e9l procedimiento dirigido, bien al almacenamiento o vertido\u00a0controlado de los residuos, o bien a su destrucci\u00f3n, total o\u00a0parcial por incineraci\u00f3n u otro sistema que no implique\u00a0recuperaci\u00f3n de energ\u00eda.<\/span><\/p>\n<p style=\"text-align: justify;\"><span style=\"font-size: 14pt;\"><strong>Pre-recogida:<\/strong>\u00a0Uno de los grandes problemas que presenta el servicio de\u00a0recogida es la casi total anarqu\u00eda que se observa por parte de\u00a0los ciudadanos a la hora de depositar sus residuos para que\u00a0los servicios municipales puedan retirarlos. <\/span><\/p>\n<p style=\"text-align: justify;\"><span style=\"font-size: 14pt;\">Es por ello que\u00a0<strong>cada Ayuntamiento debe establecer Ordenanzas que contengan las\u00a0prescripciones t\u00e9cnicas m\u00ednimas que obliguen a presentar los\u00a0residuos en las condiciones higi\u00e9nicas m\u00e1s id\u00f3neas<\/strong>, y en las\u00a0horas y lugares previamente establecidos.<\/span><\/p>\n<p>&nbsp;<\/p>\n<p><img loading=\"lazy\" decoding=\"async\" class=\"aligncenter wp-image-2313800\" src=\"https:\/\/puntocritico.com\/ausajpuntocritico\/wp-content\/uploads\/2025\/10\/Recogida-residuos-RSU-camion.jpg\" alt=\"\" width=\"440\" height=\"293\" \/><\/p>\n<p>&nbsp;<\/p>\n<p style=\"text-align: justify;\"><span style=\"font-size: 14pt;\">En la actualidad, <strong>los recipientes m\u00e1s utilizados para\u00a0depositar los residuos urbanos al paso de los camiones\u00a0de recogida son los siguientes<\/strong>:\u00a0<\/span><\/p>\n<blockquote>\n<p style=\"text-align: justify;\"><strong><span style=\"font-size: 14pt; color: #008000;\">&#8211;\u00a0<span style=\"text-decoration: underline;\">Bolsas o sacos desechables<\/span>:\u00a0Suele ser de pl\u00e1stico y est\u00e1n\u00a0provistos de una cinta para su cierre con lo que se evitan los\u00a0malos olores y el derrame de los residuos. Tienen la ventaja\u00a0de que se suprime la operaci\u00f3n de devoluci\u00f3n de los\u00a0contenedores a los domicilios y su correspondiente lavado.\u00a0Si sus caracter\u00edsticas t\u00e9cnicas de resistencia a la rotura no\u00a0son las adecuadas, pueden romperse y su contenido ensuciar\u00e1 la\u00a0calle. <\/span><\/strong><\/p>\n<p style=\"text-align: justify;\"><strong><span style=\"font-size: 14pt; color: #008000;\">Adem\u00e1s, presentan el riesgo de que el personal operario\u00a0se produzca lesiones con objetos cortantes o punzantes que\u00a0vayan en su interior. La capacidad de estas bolsas o sacos\u00a0var\u00eda entre 30 y 100 litros.\u00a0<\/span><\/strong><\/p>\n<p style=\"text-align: justify;\"><strong><span style=\"font-size: 14pt; color: #008000;\">&#8211;\u00a0<span style=\"text-decoration: underline;\">Cubos de basura<\/span>:\u00a0Durante a\u00f1os ha sido la \u00fanica forma de\u00a0recipiente utilizado. Generalmente se fabrican de materia\u00a0pl\u00e1stica o goma y est\u00e1n provistos de una tapa para evitar los\u00a0malos olores. Las bolsas de basura se depositan en estos cubos\u00a0y con ello se consigue que no se rompan, evitando la suciedad\u00a0en las calles. <\/span><\/strong><\/p>\n<p style=\"text-align: justify;\"><strong><span style=\"font-size: 14pt; color: #008000;\">Para su manejo se precisa gran n\u00famero de\u00a0operaciones y al menos dos operarios. La capacidad de los\u00a0cubos de basura var\u00eda entre 30 y 150 litros.\u00a0<\/span><\/strong><\/p>\n<p style=\"text-align: justify;\"><strong><span style=\"font-size: 14pt; color: #008000;\">&#8211;\u00a0<span style=\"text-decoration: underline;\">Contenedores de dos ruedas<\/span>:\u00a0Es un nuevo tipo de cubo de\u00a0basuras de concepci\u00f3n y dise\u00f1o original. Se fabrican en\u00a0polietileno inyectado de alta densidad y est\u00e1n equipados con\u00a0los siguientes elementos: dos ruedas fijas, una tapa con\u00a0bisagra y un sistema de enganche normalizado para la elevaci\u00f3n\u00a0y vaciado autom\u00e1tico en los camiones recolectores equipados\u00a0con elevacontenedores.\u00a0<\/span><\/strong><\/p>\n<p style=\"text-align: justify;\"><strong><span style=\"font-size: 14pt; color: #008000;\">Este sistema innovador y de probada eficacia, est\u00e1\u00a0imponi\u00e9ndose r\u00e1pidamente por sus caracter\u00edsticas y ventajas\u00a0indiscutibles, tales como:\u00a0<\/span><\/strong><\/p>\n<p style=\"text-align: justify; padding-left: 40px;\"><strong><span style=\"font-size: 14pt; color: #008000;\">&#8211;\u00a0Maniobrabilidad: el sistema de ruedas hace m\u00e1s f\u00e1cil el manejo y la manipulaci\u00f3n de estos contenedores durante las operaciones de pre-recogida y recogida; y al permitir el vaciado autom\u00e1tico mejora considerablemente las condiciones del trabajo del personal operario. <\/span><\/strong><\/p>\n<p style=\"text-align: justify; padding-left: 40px;\"><strong><span style=\"font-size: 14pt; color: #008000;\">&#8211; Rapidez: las operaciones de recogida son m\u00e1s r\u00e1pidas y se realizan en buenas condiciones de higiene y seguridad.\u00a0<\/span><\/strong><\/p>\n<p style=\"text-align: justify; padding-left: 40px;\"><strong><span style=\"font-size: 14pt; color: #008000;\">&#8211;\u00a0Resistencia:\u00a0por su calidad y dise\u00f1o, este tipo de\u00a0contenedores resiste mejor las inclemencias del tiempo as\u00ed\u00a0como los da\u00f1os que puedan ocasionar los animales.<\/span><\/strong><\/p>\n<\/blockquote>\n<blockquote>\n<p style=\"text-align: justify;\"><strong><span style=\"font-size: 14pt; color: #008000;\">La distribuci\u00f3n de los contenedores se debe realizar en funci\u00f3n del tipo de edificio, n\u00famero de viviendas, personas que lo habitan, residuos que generan diariamente etc. <\/span><\/strong><\/p>\n<p style=\"text-align: justify;\"><strong><span style=\"font-size: 14pt; color: #008000;\">Sin embargo para optimizar el uso de estos contenedores es necesario que los camiones recolectores dispongan de equipo <em>elevacontenedor<\/em>; facilitar el acceso a los cuartos de basura en los edificios y establecer un sistema de mantenimiento y limpieza de los contenedores. <\/span><\/strong><\/p>\n<p style=\"text-align: justify;\"><strong><span style=\"font-size: 14pt; color: #008000;\">&#8211;<span style=\"text-decoration: underline;\"> Contenedores con cuatro ruedas<\/span>: Dise\u00f1ados para recibir una mayor capacidad de carga, se fabrican tanto en polietileno inyectado de alta densidad como en chapa de acero galvanizado, y est\u00e1n equipados con los siguientes elementos: <\/span><\/strong><\/p>\n<p style=\"text-align: justify; padding-left: 40px;\"><strong><span style=\"font-size: 14pt; color: #008000;\">&#8211; Cuatro ruedas giratorias, dos de las cuales tienen un freno para inmovilizar el contenedor. <\/span><\/strong><\/p>\n<p style=\"text-align: justify; padding-left: 40px;\"><strong><span style=\"font-size: 14pt; color: #008000;\">&#8211; Dos asas, una a cada lado, para facilitar el movimiento del contenedor y servir como dispositivo de enganche para su volteo y vaciado en el cami\u00f3n; <\/span><\/strong><\/p>\n<p style=\"text-align: justify; padding-left: 40px;\"><strong><span style=\"font-size: 14pt; color: #008000;\">&#8211; Tapa con doble punto de agarre para su apertura y, a veces, con dispositivo de cierre retornable; <\/span><\/strong><\/p>\n<p style=\"text-align: justify; padding-left: 40px;\"><strong><span style=\"font-size: 14pt; color: #008000;\">&#8211; Tap\u00f3n en el fondo para facilitar el vaciado o desag\u00fce de l\u00edquidos. <\/span><\/strong><\/p>\n<p style=\"text-align: justify; padding-left: 40px;\"><strong><span style=\"font-size: 14pt; color: #008000;\">Este tipo de contenedores presenta las mismas ventajas que los de dos ruedas pero, debido a su gran capacidad y peso, s\u00f3lo pueden utilizarse cuando el servicio de recogida se realiza en camiones equipados con elevacontenedores y su distribuci\u00f3n en los n\u00facleos urbanos se realizar\u00e1 por urbanizaciones, barrios, etc. <\/span><\/strong><\/p>\n<p style=\"text-align: justify; padding-left: 40px;\"><strong><span style=\"font-size: 14pt; color: #008000;\">Es indispensable prever un sistema de mantenimiento y limpieza y para ello existen veh\u00edculos especiales equipados con un sistema de lavado autom\u00e1tico. La capacidad de estos contenedores var\u00eda entre 600 y 1.100 litros. <\/span><\/strong><\/p>\n<p style=\"text-align: justify;\"><strong><span style=\"font-size: 14pt; color: #008000;\">&#8211;\u00a0<span style=\"text-decoration: underline;\">Contenedores de gran capacidad<\/span>:\u00a0Pueden ser abiertos o\u00a0cerrados, y en este caso van equipados con equipo\u00a0autocompactador que permite un reducci\u00f3n de 2\/3 del volumen de\u00a0los residuos. Construidos con chapas de acero reforzadas por\u00a0largueros del mismo material, disponen de puntos de enganche\u00a0delanteros y traseros que permiten su carga en veh\u00edculos\u00a0especiales que van equipados con elevadores tipo \u00ab<em>ampiroll<\/em>\u00ab,\u00a0\u00ab<em>cadenas<\/em>\u00ab, etc. Dadas las caracter\u00edsticas de estos veh\u00edculos hay que prever su acceso a la plataforma en que est\u00e1n ubicados los contenedores.<\/span><\/strong><\/p>\n<\/blockquote>\n<blockquote>\n<p style=\"text-align: justify;\"><strong><span style=\"font-size: 14pt; color: #008000;\">Los\u00a0<span style=\"text-decoration: underline;\">contenedores abiertos<\/span>\u00a0sirven para depositar residuos\u00a0voluminosos (<em>somieres, electrodomesticos, muebles, etc<\/em>), as\u00ed\u00a0como escombros, embalajes y materiales diversos; mientras que\u00a0los\u00a0contenedores cerrados, que disponen de autocompactador, se\u00a0utilizan en los grandes conjuntos de viviendas, mercados,\u00a0hospitales, etc., para depositar los residuos ordinarios y\u00a0act\u00faan como peque\u00f1as estaciones de transferencia reduci\u00e9ndose\u00a0el n\u00famero de transportes hasta los centros de tratamiento. <\/span><\/strong><\/p>\n<p style=\"text-align: justify;\"><strong><span style=\"font-size: 14pt; color: #008000;\">La\u00a0capacidad de estos contenedores var\u00eda entre 5 y 30 metros\u00a0c\u00fabicos.\u00a0<\/span><\/strong><\/p>\n<p style=\"text-align: justify;\"><strong><span style=\"font-size: 14pt; color: #008000;\">&#8211;\u00a0<span style=\"text-decoration: underline;\">Contenedores para recogida selectiva<\/span>:\u00a0Estos contenedores\u00a0pueden tener diversas formas y generalmente se fabrican en\u00a0polietileno inyectado de alta densidad.<\/span><\/strong><\/p>\n<p style=\"text-align: justify;\"><span style=\"color: #008000;\"><strong><span style=\"font-size: 14pt;\">Est\u00e1n concebidos para recibir exclusivamente un s\u00f3lo residuo: vidrio, latas, cartones o papeles, pl\u00e1sticos, etc., por lo que se instalan en sectores estrat\u00e9gicos de la ciudad para favorecer la recogida selectiva de aquellos residuos que es interesante someter a procesos de recuperaci\u00f3n. <\/span><\/strong><\/span><\/p>\n<p style=\"text-align: justify;\"><span style=\"color: #008000;\"><strong><span style=\"font-size: 14pt;\">El uso de estos contenedores favorece: <\/span><\/strong><\/span><\/p>\n<p style=\"text-align: justify; padding-left: 40px;\"><span style=\"color: #008000;\"><strong><span style=\"font-size: 14pt;\">&#8211; la recuperaci\u00f3n de materias primas para la industria; <\/span><\/strong><\/span><\/p>\n<p style=\"text-align: justify; padding-left: 40px;\"><span style=\"color: #008000;\"><strong><span style=\"font-size: 14pt;\">&#8211; la disminuci\u00f3n de residuos a tratar; <\/span><\/strong><\/span><\/p>\n<p style=\"text-align: justify; padding-left: 40px;\"><span style=\"color: #008000;\"><strong><span style=\"font-size: 14pt;\">&#8211; la eliminaci\u00f3n de materiales no deseados cuando los residuos van a someterse al proceso de compostaje.<\/span><\/strong><\/span><\/p>\n<\/blockquote>\n<p>&nbsp;<\/p>\n<p><img loading=\"lazy\" decoding=\"async\" class=\"aligncenter wp-image-2313798\" src=\"https:\/\/puntocritico.com\/ausajpuntocritico\/wp-content\/uploads\/2025\/10\/poster_gestio_residus_menjadors1-300x212.jpg\" alt=\"\" width=\"440\" height=\"311\" srcset=\"https:\/\/puntocritico.com\/ausajpuntocritico\/wp-content\/uploads\/2025\/10\/poster_gestio_residus_menjadors1-300x212.jpg 300w, https:\/\/puntocritico.com\/ausajpuntocritico\/wp-content\/uploads\/2025\/10\/poster_gestio_residus_menjadors1-768x543.jpg 768w, https:\/\/puntocritico.com\/ausajpuntocritico\/wp-content\/uploads\/2025\/10\/poster_gestio_residus_menjadors1.jpg 842w\" sizes=\"auto, (max-width: 440px) 100vw, 440px\" \/><\/p>\n<p style=\"text-align: center;\"><strong><span style=\"font-size: 18pt;\">***<\/span><\/strong><\/p>\n<p style=\"text-align: justify;\"><span style=\"font-size: 14pt;\"><strong>Recogida y transporte:<\/strong>\u00a0Comprende el <strong>conjunto de operaciones de carga-transporte-\u00a0descarga desde que los residuos son presentados hasta que son\u00a0descargados<\/strong>, bien directamente en los puntos de tratamiento o\u00a0en plantas de transferencia.<\/span><\/p>\n<p style=\"text-align: justify;\"><span style=\"font-size: 14pt;\"><strong>Representa esta fase de Gesti\u00f3n entre un 60 y un 80% de\u00a0sus costes globales<\/strong>. <\/span><\/p>\n<p style=\"text-align: justify;\"><span style=\"font-size: 14pt;\"><strong>Por su importancia econ\u00f3mica debe ser\u00a0estudiada con gran detalle, atendiendo entre otros a los\u00a0siguientes par\u00e1metros<\/strong>:\u00a0<\/span><\/p>\n<blockquote>\n<p style=\"text-align: justify;\"><span style=\"color: #008000;\"><strong><span style=\"font-size: 14pt;\">&#8211;\u00a0Frecuencia de la recogida:\u00a0Dependiendo de las condiciones\u00a0clim\u00e1ticas, del grado de generaci\u00f3n, del \u00e1rea socio-econ\u00f3mica,\u00a0etc., se establecer\u00e1 la frecuencia de recogida de los residuos\u00a0con periodicidad diaria, tres veces por semana, dos veces por\u00a0semana o semanal. Los costes ser\u00e1n funci\u00f3n de esta\u00a0periodicidad.\u00a0<\/span><\/strong><\/span><\/p>\n<p style=\"text-align: justify;\"><span style=\"color: #008000;\"><strong><span style=\"font-size: 14pt;\">&#8211;\u00a0Horarios:\u00a0Para poder alcanzar un mayor dinamismo del\u00a0servicio se hace necesario elegir aquel horario en que exista\u00a0menor intensidad de tr\u00e1fico y cree menores problemas por\u00a0impacto ambiental. Las circunstancias apuntadas coinciden con\u00a0horarios nocturnos. Los residuos s\u00f3lidos de tipo comercial se\u00a0prestan mejor a una recogida diurna que debe coincidir con la\u00a0de menor intensidad del tr\u00e1fico.\u00a0<\/span><\/strong><\/span><\/p>\n<p style=\"text-align: justify;\"><span style=\"color: #008000;\"><strong><span style=\"font-size: 14pt;\">&#8211;\u00a0Equipos:\u00a0Los equipos de recogida de residuos deber\u00e1n\u00a0elegirse teniendo en cuenta todos aquellos factores\u00a0caracter\u00edsticos de cada ciudad o \u00e1rea de recogida. Tipo de\u00a0residuos a recoger, capacidad del equipo, \u00edndice de\u00a0compresi\u00f3n, contaminaci\u00f3n por ruidos, relaci\u00f3n tara-carga,\u00a0etc., son los par\u00e1metros a tener en cuenta para elegir el\u00a0equipo adecuado.\u00a0<\/span><\/strong><\/span><\/p>\n<p style=\"text-align: justify;\"><span style=\"color: #008000;\"><strong><span style=\"font-size: 14pt;\">&#8211;\u00a0Personal: Se dotar\u00e1n los servicios de infraestructura t\u00e9cnica necesaria para alcanzar los mejores resultados tanto medioambientales como econ\u00f3micos. Se fijara el n\u00famero de empleados por equipos y se limitar\u00e1 el sector del cual son responsables. Se proveer\u00e1n de los medios necesarios para desarrollar su trabajo con la higiene y seguridad que la normativa dicte. <\/span><\/strong><\/span><\/p>\n<p style=\"text-align: justify;\"><span style=\"color: #008000;\"><strong><span style=\"font-size: 14pt;\">&#8211;\u00a0Planificaci\u00f3n: La recogida de residuos ser\u00e1 planificada de\u00a0forma detallada en cuanto a itinerarios a seguir, horarios,\u00a0n\u00famero de viajes a realizar, tipo de equipo m\u00e1s id\u00f3neo,\u00a0recipientes adecuados, personal necesario y frecuencia.\u00a0<\/span><\/strong><\/span><\/p>\n<p style=\"text-align: justify;\"><span style=\"color: #008000;\"><strong><span style=\"font-size: 14pt;\">&#8211;\u00a0Medios econ\u00f3micos:\u00a0La incidencia de la mano de obra, la\u00a0amortizaci\u00f3n de equipos, mantenimiento y combustibles, son los\u00a0cap\u00edtulos que m\u00e1s influencia tienen en los costes de la\u00a0recogida.<\/span><\/strong><\/span><\/p>\n<\/blockquote>\n<p>&nbsp;<\/p>\n<p><img loading=\"lazy\" decoding=\"async\" class=\"aligncenter wp-image-2313799\" src=\"https:\/\/puntocritico.com\/ausajpuntocritico\/wp-content\/uploads\/2025\/10\/Camion-recogida-Residuos-dibujo-300x240.jpg\" alt=\"\" width=\"360\" height=\"288\" srcset=\"https:\/\/puntocritico.com\/ausajpuntocritico\/wp-content\/uploads\/2025\/10\/Camion-recogida-Residuos-dibujo-300x240.jpg 300w, https:\/\/puntocritico.com\/ausajpuntocritico\/wp-content\/uploads\/2025\/10\/Camion-recogida-Residuos-dibujo-768x614.jpg 768w, https:\/\/puntocritico.com\/ausajpuntocritico\/wp-content\/uploads\/2025\/10\/Camion-recogida-Residuos-dibujo.jpg 1000w\" sizes=\"auto, (max-width: 360px) 100vw, 360px\" \/><\/p>\n<p>&nbsp;<\/p>\n<p style=\"text-align: justify;\"><span style=\"font-size: 14pt;\"><strong>Veh\u00edculos de recogida:<\/strong>\u00a0Una vez que los residuos s\u00f3lidos urbanos han sido\u00a0depositados en los diversos tipos de recipientes antes\u00a0descritos, ha de procederse a su carga en veh\u00edculos adecuados\u00a0para transportarlos a los distintos Centros de Tratamiento.\u00a0<\/span><\/p>\n<p style=\"text-align: justify;\"><span style=\"font-size: 14pt;\">Los principales veh\u00edculos utilizados en la operaci\u00f3n de recogida y transporte de los residuos urbanos son los siguientes: <\/span><\/p>\n<blockquote>\n<p style=\"text-align: justify;\"><span style=\"color: #008000;\"><strong><span style=\"font-size: 14pt;\">&#8211; <span style=\"text-decoration: underline;\">Cami\u00f3n recolector con caja compactadora<\/span>:\u00a0Estos veh\u00edculos\u00a0est\u00e1n equipados con una caja compactadora que dispone de una\u00a0tolva para la carga de los residuos y un dispositivo de\u00a0comprensi\u00f3n que permite reducir entre 3 y 5 veces el volumen\u00a0de los residuos. <\/span><\/strong><\/span><\/p>\n<p style=\"text-align: justify;\"><span style=\"color: #008000;\"><strong><span style=\"font-size: 14pt;\">La caja compactadora suele estar construida\u00a0con chapas de acero especial, de alta resistencia a la\u00a0abrasi\u00f3n y a la corrosi\u00f3n, reforzada con vigas y tirantes de\u00a0acero de gran resistencia y montada sobre un bastidor de\u00a0soporte sumamente s\u00f3lido. <\/span><\/strong><\/span><\/p>\n<p style=\"text-align: justify;\"><span style=\"color: #008000;\"><strong><span style=\"font-size: 14pt;\">El vaciado de la caja compactadora\u00a0se realiza, generalmente, mediante una placa de expulsi\u00f3n\u00a0accionada por un circuito hidr\u00e1ulico.<\/span><\/strong><\/span><\/p>\n<p style=\"text-align: justify;\"><span style=\"color: #008000;\"><strong><span style=\"font-size: 14pt;\">Los camiones recolectores-compactadores pueden ir equipados con un elevador de contenedores que se adapta a los diversos tipos normalizados de 2 \u00f3 4 ruedas facilitando la recogida herm\u00e9tica.<\/span><\/strong><\/span><\/p>\n<p style=\"text-align: justify;\"><span style=\"color: #008000;\"><strong><span style=\"font-size: 14pt;\">Este tipo de veh\u00edculo presenta las siguientes ventajas:\u00a0<\/span><\/strong><\/span><\/p>\n<p style=\"text-align: justify; padding-left: 40px;\"><span style=\"color: #008000;\"><strong><span style=\"font-size: 14pt;\">* reducci\u00f3n del coste del transporte por tonelada;\u00a0<\/span><\/strong><\/span><\/p>\n<p style=\"text-align: justify; padding-left: 40px;\"><span style=\"color: #008000;\"><strong><span style=\"font-size: 14pt;\">* reducci\u00f3n del tiempo de recogida.\u00a0<\/span><\/strong><\/span><\/p>\n<p style=\"text-align: justify; padding-left: 40px;\"><span style=\"color: #008000;\"><strong><span style=\"font-size: 14pt;\">* al ser la caja herm\u00e9tica se mejoran las condiciones\u00a0higi\u00e9nicas, est\u00e9ticas y de seguridad del servicio prestado.<\/span><\/strong><\/span><\/p>\n<p style=\"text-align: justify;\"><span style=\"color: #008000;\"><strong><span style=\"font-size: 14pt;\">\u00a0La capacidad normal de estos veh\u00edculos oscila entre 6 y\u00a025 metros c\u00fabicos, es decir de 2 a 13 toneladas de residuos.\u00a0<\/span><\/strong><\/span><\/p>\n<p style=\"text-align: justify;\"><span style=\"color: #008000;\"><strong><span style=\"font-size: 14pt;\">&#8211;\u00a0<span style=\"text-decoration: underline;\">Cami\u00f3n, recolector con caja cerrada sin compactaci\u00f3n<\/span>:\u00a0Las caracter\u00edsticas t\u00e9cnicas de la caja son similares a las\u00a0anteriores en lo referente a corrosi\u00f3n y estanqueidad, pero no\u00a0disponen de mecanismo compactador por lo que su capacidad de\u00a0carga es m\u00e1s reducida. <\/span><\/strong><\/span><\/p>\n<p style=\"text-align: justify;\"><span style=\"color: #008000;\"><strong><span style=\"font-size: 14pt;\">Suelen utilizarse en peque\u00f1os n\u00facleos\u00a0urbanos con poca generaci\u00f3n de residuos, mientras que en\u00a0ciudades de mayor entidad se emplean para la recogida de\u00a0restos de arbolado y residuos de la limpieza viaria.\u00a0<\/span><\/strong><\/span><\/p>\n<p style=\"text-align: justify;\"><span style=\"color: #008000;\"><strong><span style=\"font-size: 14pt;\">&#8211;\u00a0<span style=\"text-decoration: underline;\">Camiones para contenedores de gran capacidad<\/span>:\u00a0Son veh\u00edculos\u00a0especiales que van equipados con elevadores tipo \u00ab<em>ampiroll<\/em>\u00ab,\u00a0\u00ab<em>cadenas<\/em>\u00ab, etc., para poder levantar y depositar los grandes\u00a0contenedores sobre el chasis del cami\u00f3n para su transporte al\u00a0Centro de Tratamiento.\u00a0<\/span><\/strong><\/span><\/p>\n<p style=\"text-align: justify;\"><span style=\"color: #008000;\"><strong><span style=\"font-size: 14pt;\">&#8211;\u00a0<span style=\"text-decoration: underline;\">Camiones de caja abierta<\/span>:\u00a0Este tipo de veh\u00edculos se suele\u00a0utilizar en \u00e1reas rurales donde el volumen de residuos es muy\u00a0reducido y no se dispone de suficientes medios econ\u00f3micos para\u00a0realizar un servicio adecuado. <\/span><\/strong><\/span><\/p>\n<p style=\"text-align: justify;\"><span style=\"color: #008000;\"><strong><span style=\"font-size: 14pt;\">Al estar abierta la caja, si no\u00a0se instala una lona o red, se vuelan los pl\u00e1sticos y papeles,\u00a0y adem\u00e1s, como la caja no suele tener la adecuada\u00a0estanqueidad, se produce la p\u00e9rdida de l\u00edquidos a los largo de\u00a0todo el territorio ensuciando las calles.\u00a0<\/span><\/strong><\/span><\/p>\n<p style=\"text-align: justify;\"><span style=\"color: #008000;\"><strong><span style=\"font-size: 14pt;\">En las \u00e1reas urbanas, este tipo de cami\u00f3n suele utilizarse\u00a0para la recogida de residuos voluminosos como: somieres,\u00a0electrodom\u00e9sticos, muebles, etc.\u00a0<\/span><\/strong><\/span><\/p>\n<p style=\"text-align: justify;\"><span style=\"color: #008000;\"><strong><span style=\"font-size: 14pt;\">&#8211;\u00a0<span style=\"text-decoration: underline;\">Otros tipos de veh\u00edculos<\/span>: Dentro de este concepto se incluyen los carros, remolques, volquetes, etc., que son movidos por tracci\u00f3n animal o tractores. Generalmente se usan en el medio rural donde el volumen de residuos generados es muy peque\u00f1o. <\/span><\/strong><\/span><\/p>\n<p style=\"text-align: justify;\"><span style=\"color: #008000;\"><strong><span style=\"font-size: 14pt;\">Este tipo de veh\u00edculos presenta los mismos inconvenientes que los camiones de caja abierta, pero indiscutiblemente est\u00e1n prestando un servicio a costes m\u00ednimos en \u00e1reas rurales de poblaci\u00f3n muy dispersa o de poca densidad demogr\u00e1fica.<\/span><\/strong><\/span><\/p>\n<\/blockquote>\n<p>&nbsp;<\/p>\n<p><img loading=\"lazy\" decoding=\"async\" class=\"aligncenter wp-image-2313802\" src=\"https:\/\/puntocritico.com\/ausajpuntocritico\/wp-content\/uploads\/2025\/10\/SELECCION-RSU-Industria-recuperacion-de-RESIDUOS-PROFESIONAL-300x214.jpg\" alt=\"\" width=\"440\" height=\"313\" srcset=\"https:\/\/puntocritico.com\/ausajpuntocritico\/wp-content\/uploads\/2025\/10\/SELECCION-RSU-Industria-recuperacion-de-RESIDUOS-PROFESIONAL-300x214.jpg 300w, https:\/\/puntocritico.com\/ausajpuntocritico\/wp-content\/uploads\/2025\/10\/SELECCION-RSU-Industria-recuperacion-de-RESIDUOS-PROFESIONAL-768x547.jpg 768w, https:\/\/puntocritico.com\/ausajpuntocritico\/wp-content\/uploads\/2025\/10\/SELECCION-RSU-Industria-recuperacion-de-RESIDUOS-PROFESIONAL.jpg 900w\" sizes=\"auto, (max-width: 440px) 100vw, 440px\" \/><\/p>\n<p>&nbsp;<\/p>\n<p style=\"text-align: justify;\"><span style=\"font-size: 14pt;\"><strong>Sistemas de recogida:<\/strong>\u00a0De la descripci\u00f3n y an\u00e1lisis de los distintos equipos\u00a0utilizados en la recogida de residuos, puede deducirse que hay\u00a0una gran variedad de soluciones para realizar esta fase de la\u00a0gesti\u00f3n de residuos, siempre contando con la\u00a0<strong>colaboraci\u00f3n<\/strong>\u00a0<strong>ciudadana<\/strong>. <\/span><\/p>\n<p style=\"text-align: justify;\"><span style=\"font-size: 14pt;\">Sin embargo, pueden resumirse en los siguientes\u00a0tipos:\u00a0<\/span><\/p>\n<blockquote>\n<p style=\"text-align: justify;\"><strong><span style=\"font-size: 14pt; color: #008000;\">&#8211;\u00a0<span style=\"text-decoration: underline;\">Recogida domiciliaria (PUERTA A PUERTA), casa por casa, de\u00a0las bolsas o cubos de basura<\/span>: es el sistema que apenas supone\u00a0esfuerzo para las familias y locales afectados pero, sin\u00a0embargo, requiere una abundante mano de obra que encarece el\u00a0coste del servicio.\u00a0<\/span><\/strong><\/p>\n<p style=\"text-align: justify;\"><strong><span style=\"font-size: 14pt; color: #008000;\">&#8211;\u00a0<span style=\"text-decoration: underline;\">Recogida herm\u00e9tica, con contenedores de dos ruedas por\u00a0edificio o grupo de viviendas<\/span>: s\u00f3lo se requiere que los\u00a0usuarios coloquen los recipientes llenos en lugares\u00a0previamente fijados para que sean vaciados por el servicio de\u00a0recogida. Este sistema reduce los tiempos de recorrido y por\u00a0tanto los costes del servicio.\u00a0<\/span><\/strong><\/p>\n<p style=\"text-align: justify;\"><strong><span style=\"font-size: 14pt; color: #008000;\">&#8211;\u00a0<span style=\"text-decoration: underline;\">Recogida mecanizada en contenedores de cuatro ruedas\u00a0distribuidos por manzanas o grupos de vivienda<\/span>: supone un\u00a0mayor esfuerzo de desplazamiento para el usuario y hay que\u00a0disponer de espacio suficiente para la ubicaci\u00f3n de los\u00a0contenedores y f\u00e1cil acceso a los mismos. Sin embargo, este\u00a0sistema reduce mucho los tiempos de la operaci\u00f3n de recogida\u00a0aumentando el rendimiento de los operarios.<\/span><\/strong><\/p>\n<\/blockquote>\n<p style=\"text-align: justify;\">\u00a0<\/p>\n<p style=\"text-align: justify;\"><img loading=\"lazy\" decoding=\"async\" class=\"aligncenter wp-image-2313780\" src=\"https:\/\/puntocritico.com\/ausajpuntocritico\/wp-content\/uploads\/2025\/10\/contenedores-rsu-copyright-RESIDUOS-PROFESIONAL-300x128.jpg\" alt=\"\" width=\"555\" height=\"237\" srcset=\"https:\/\/puntocritico.com\/ausajpuntocritico\/wp-content\/uploads\/2025\/10\/contenedores-rsu-copyright-RESIDUOS-PROFESIONAL-300x128.jpg 300w, https:\/\/puntocritico.com\/ausajpuntocritico\/wp-content\/uploads\/2025\/10\/contenedores-rsu-copyright-RESIDUOS-PROFESIONAL-768x329.jpg 768w, https:\/\/puntocritico.com\/ausajpuntocritico\/wp-content\/uploads\/2025\/10\/contenedores-rsu-copyright-RESIDUOS-PROFESIONAL.jpg 900w\" sizes=\"auto, (max-width: 555px) 100vw, 555px\" \/><\/p>\n<p>&nbsp;<\/p>\n<p style=\"text-align: justify;\"><span style=\"font-size: 14pt;\"><strong>Plantas de transferencia<\/strong>: Las exigencias econ\u00f3micas y medioambientales que obligan a transportar las basuras a distancias importantes, hacen que los veh\u00edculos de recogida convencionales no puedan realizar este servicio pues al ser muy especializados y caros y estar servidos por 3 6 4 operarios deben ser utilizados de forma \u00f3ptima reduciendo al m\u00e1ximo los tiempos improductivos.<\/span><\/p>\n<p style=\"text-align: justify;\"><span style=\"font-size: 14pt;\">Todos estos motivos pueden aconsejar <strong>dividir la funci\u00f3n de recogida de la funci\u00f3n de transporte, vaciando los camiones de recogida sobre camiones m\u00e1s grandes<\/strong> y m\u00e1s adecuados para el transporte a distancia de grandes vol\u00famenes de residuos. Esta ruptura del sistema de recogida se efect\u00faa en las denominadas <strong>plantas de transferencia<\/strong>.<\/span><\/p>\n<p style=\"text-align: justify;\"><span style=\"font-size: 14pt;\">La estructura m\u00e1s simple de estas instalaciones se compone de una <strong>plataforma elevada<\/strong> en unos tres metros en relaci\u00f3n con el nivel del suelo. Esta plataforma es <strong>accesible a los veh\u00edculos de recogida<\/strong> por medio de una rampa de acceso y sus dimensiones deben permitir la evoluci\u00f3n de un veh\u00edculo de recogida.<\/span><\/p>\n<p style=\"text-align: justify;\"><span style=\"font-size: 14pt;\">Los <strong>camiones de recogida<\/strong> vac\u00edan directamente sobre unas tolvas que por gravedad descargan los residuos sobre los <strong>contenedores de gran capacidad<\/strong> (<em>25 a 50 metros c\u00fabicos<\/em>).\u00a0<\/span><\/p>\n<p style=\"text-align: justify;\"><span style=\"font-size: 14pt;\">Los <strong>compactadores fijos<\/strong>, ubicados en la base de la tolva, compactan la basura que cae en los contenedores, reduciendo el volumen de los residuos y aumentando la capacidad de carga de los contenedores. Seg\u00fan se van llenando los contenedores, son <strong>evacuados por camiones provistos de dispositivos especiales<\/strong> para su manejo, y luego transportados <strong>al Centro de Tratamiento<\/strong>.\u00a0<\/span><\/p>\n<p style=\"text-align: justify;\"><span style=\"font-size: 14pt;\">El n\u00famero de camiones necesarios vendr\u00e1 dado en funci\u00f3n de la <strong>distancia al Centro de Tratamiento y del n\u00famero de toneladas a evacuar<\/strong>.\u00a0<\/span><\/p>\n<p style=\"text-align: justify;\"><span style=\"font-size: 14pt;\">En general <strong>se estima necesaria la instalaci\u00f3n de plantas de transferencia cuando se genera una cantidad de residuos importantes y la distancia de transporte de los residuos al Centro de Tratamiento es superior a 15-20 km<\/strong>.<\/span><\/p>\n<p>&nbsp;<\/p>\n<figure id=\"attachment_2313863\" aria-describedby=\"caption-attachment-2313863\" style=\"width: 480px\" class=\"wp-caption aligncenter\"><img loading=\"lazy\" decoding=\"async\" class=\"wp-image-2313863\" src=\"https:\/\/puntocritico.com\/ausajpuntocritico\/wp-content\/uploads\/2025\/10\/Planta-de-transferencia-RSU-maqueta.jpg\" alt=\"\" width=\"480\" height=\"285\" \/><figcaption id=\"caption-attachment-2313863\" class=\"wp-caption-text\"><span style=\"color: #008000;\">Planta de transferencia RSU (maqueta)<\/span><\/figcaption><\/figure>\n<p style=\"text-align: center;\"><strong><span style=\"color: #008000; font-size: 18pt;\">*******<\/span><\/strong><\/p>\n<h2 style=\"text-align: justify;\"><span style=\"font-size: 14pt;\"><strong>RELACIONADOS:<\/strong><\/span><\/h2>\n<blockquote class=\"wp-embedded-content\" data-secret=\"QpX2bHQcST\"><p><a href=\"https:\/\/puntocritico.com\/ausajpuntocritico\/2025\/10\/23\/residuos-solidos-urbanos-parte-1-intro\/\">RESIDUOS S\u00d3LIDOS URBANOS: HISTORIA DE SU REGULACI\u00d3N EN ESPA\u00d1A, por Jes\u00fas D\u00edaz Formoso (Parte 1: Introducci\u00f3n)<\/a><\/p><\/blockquote>\n<p><iframe loading=\"lazy\" class=\"wp-embedded-content\" sandbox=\"allow-scripts\" security=\"restricted\" style=\"position: absolute; visibility: hidden;\" title=\"\u00abRESIDUOS S\u00d3LIDOS URBANOS: HISTORIA DE SU REGULACI\u00d3N EN ESPA\u00d1A, por Jes\u00fas D\u00edaz Formoso (Parte 1: Introducci\u00f3n)\u00bb \u2014 Punto Cr\u00edtico Derechos Humanos\" src=\"https:\/\/puntocritico.com\/ausajpuntocritico\/2025\/10\/23\/residuos-solidos-urbanos-parte-1-intro\/embed\/#?secret=bmz699LUku#?secret=QpX2bHQcST\" data-secret=\"QpX2bHQcST\" width=\"500\" height=\"282\" frameborder=\"0\" marginwidth=\"0\" marginheight=\"0\" scrolling=\"no\"><\/iframe><\/p>\n<blockquote class=\"wp-embedded-content\" data-secret=\"SZLNtVN9y3\"><p><a href=\"https:\/\/puntocritico.com\/ausajpuntocritico\/2021\/08\/23\/historia-del-sistema-electrico-espanol-parte-i-2\/\">HISTORIA DEL SISTEMA EL\u00c9CTRICO ESPA\u00d1OL (PARTE I)<\/a><\/p><\/blockquote>\n<p><iframe loading=\"lazy\" class=\"wp-embedded-content\" sandbox=\"allow-scripts\" security=\"restricted\" style=\"position: absolute; visibility: hidden;\" title=\"\u00abHISTORIA DEL SISTEMA EL\u00c9CTRICO ESPA\u00d1OL (PARTE I)\u00bb \u2014 Punto Cr\u00edtico Derechos Humanos\" src=\"https:\/\/puntocritico.com\/ausajpuntocritico\/2021\/08\/23\/historia-del-sistema-electrico-espanol-parte-i-2\/embed\/#?secret=DaR8rKyCwP#?secret=SZLNtVN9y3\" data-secret=\"SZLNtVN9y3\" width=\"500\" height=\"282\" frameborder=\"0\" marginwidth=\"0\" marginheight=\"0\" scrolling=\"no\"><\/iframe><\/p>\n<p>&nbsp;<\/p>\n<p>&nbsp;<\/p>\n<p><a href=\"https:\/\/puntocritico.com\/ausajpuntocritico\/author\/punto-critico\/\"><img loading=\"lazy\" decoding=\"async\" class=\"aligncenter wp-image-48\" src=\"https:\/\/puntocritico.com\/ausajpuntocritico\/wp-content\/uploads\/2016\/11\/Mosca_Punto_Cr\u00edtico_40.png\" alt=\"\" width=\"70\" height=\"70\" data-id=\"48\" \/><\/a><\/p>\n<p>&nbsp;<\/p>\n","protected":false},"excerpt":{"rendered":"<div class=\"mh-excerpt\"><p>RSU (RESIDUOS S\u00d3LIDOS URBANOS), Parte 2 RSU (RESIDUOS S\u00d3LIDOS URBANOS), Parte 1 &nbsp; RESUMEN R\u00e9gimen Jur\u00eddico de la Gesti\u00f3n de Residuos S\u00f3lidos Urbanos (RSU) en Espa\u00f1a y la Uni\u00f3n Europea (Parte 2) &nbsp; Introducci\u00f3n: Conceptualizaci\u00f3n <a class=\"mh-excerpt-more\" href=\"https:\/\/puntocritico.com\/ausajpuntocritico\/2025\/10\/30\/los-rsu-por-jesus-diaz-formoso-parte-2\/\" title=\"RSU (RESIDUOS S\u00d3LIDOS URBANOS): HISTORIA DE SU REGULACI\u00d3N EN ESPA\u00d1A, por Jes\u00fas D\u00edaz Formoso (PARTE 2)\">[&#8230;]<\/a><\/p>\n<\/div>","protected":false},"author":3,"featured_media":2313741,"comment_status":"closed","ping_status":"closed","sticky":false,"template":"","format":"standard","meta":{"_acf_changed":false,"_exactmetrics_skip_tracking":false,"_exactmetrics_sitenote_active":false,"_exactmetrics_sitenote_note":"","_exactmetrics_sitenote_category":0,"footnotes":""},"categories":[7],"tags":[189],"class_list":{"0":"post-2313488","1":"post","2":"type-post","3":"status-publish","4":"format-standard","5":"has-post-thumbnail","7":"category-politica","8":"tag-residuos-solidos-urbanos"},"acf":[],"_links":{"self":[{"href":"https:\/\/puntocritico.com\/ausajpuntocritico\/wp-json\/wp\/v2\/posts\/2313488","targetHints":{"allow":["GET"]}}],"collection":[{"href":"https:\/\/puntocritico.com\/ausajpuntocritico\/wp-json\/wp\/v2\/posts"}],"about":[{"href":"https:\/\/puntocritico.com\/ausajpuntocritico\/wp-json\/wp\/v2\/types\/post"}],"author":[{"embeddable":true,"href":"https:\/\/puntocritico.com\/ausajpuntocritico\/wp-json\/wp\/v2\/users\/3"}],"replies":[{"embeddable":true,"href":"https:\/\/puntocritico.com\/ausajpuntocritico\/wp-json\/wp\/v2\/comments?post=2313488"}],"version-history":[{"count":0,"href":"https:\/\/puntocritico.com\/ausajpuntocritico\/wp-json\/wp\/v2\/posts\/2313488\/revisions"}],"wp:featuredmedia":[{"embeddable":true,"href":"https:\/\/puntocritico.com\/ausajpuntocritico\/wp-json\/wp\/v2\/media\/2313741"}],"wp:attachment":[{"href":"https:\/\/puntocritico.com\/ausajpuntocritico\/wp-json\/wp\/v2\/media?parent=2313488"}],"wp:term":[{"taxonomy":"category","embeddable":true,"href":"https:\/\/puntocritico.com\/ausajpuntocritico\/wp-json\/wp\/v2\/categories?post=2313488"},{"taxonomy":"post_tag","embeddable":true,"href":"https:\/\/puntocritico.com\/ausajpuntocritico\/wp-json\/wp\/v2\/tags?post=2313488"}],"curies":[{"name":"wp","href":"https:\/\/api.w.org\/{rel}","templated":true}]}}