{"id":2313390,"date":"2025-11-06T00:05:52","date_gmt":"2025-11-05T23:05:52","guid":{"rendered":"https:\/\/puntocritico.com\/ausajpuntocritico\/?p=2313390"},"modified":"2025-11-07T07:13:56","modified_gmt":"2025-11-07T06:13:56","slug":"vertido-controlado-e-incineracion-rsu-parte-3","status":"publish","type":"post","link":"https:\/\/puntocritico.com\/ausajpuntocritico\/2025\/11\/06\/vertido-controlado-e-incineracion-rsu-parte-3\/","title":{"rendered":"VERTIDO CONTROLADO E INCINERACI\u00d3N (\u00abResiduos S\u00f3lidos Urbanos: Historia de su Regulaci\u00f3n en Espa\u00f1a\u00bb, por Jes\u00fas D\u00edaz Formoso, 1994), PARTE 3"},"content":{"rendered":"<p style=\"text-align: justify;\"><span style=\"color: #008000; font-size: 14pt;\">VERTIDO CONTROLADO E INCINERACI\u00d3N<\/span><\/p>\n<p style=\"text-align: justify;\"><span style=\"color: #008000;\"><span style=\"font-size: 18.6667px;\"><\/span><\/span><\/p>\n<p>&nbsp;<\/p>\n<p style=\"text-align: center;\"><span style=\"font-size: 18pt;\"><strong>RESIDUOS S\u00d3LIDOS URBANOS: SISTEMAS DE GESTION (<em>tratamiento<\/em>)<\/strong><\/span><\/p>\n<blockquote>\n<p style=\"text-align: center;\"><span style=\"font-size: 14pt;\"><strong>Tratamiento: Se entiende por tratamiento de residuos el conjunto de operaciones encaminadas a su eliminaci\u00f3n o al aprovechamiento de los recursos contenidos en ellos. <\/strong><\/span><\/p>\n<p style=\"text-align: center;\"><span style=\"font-size: 14pt;\"><strong>Los sistemas actualmente m\u00e1s utilizados son: el vertido controlado, la incineraci\u00f3n, el reciclado y el compostaje. <\/strong><\/span><\/p>\n<p style=\"text-align: center;\"><span style=\"font-size: 14pt;\"><strong>Hay que hacer constar que si bien el vertido incontrolado es el sistema m\u00e1s utilizado por los municipios espa\u00f1oles para eliminar las basuras, no puede considerarse como sistema de tratamiento, sino como simple abandono de las mismas.<\/strong><\/span><\/p>\n<\/blockquote>\n<p>&nbsp;<\/p>\n<figure id=\"attachment_2314065\" aria-describedby=\"caption-attachment-2314065\" style=\"width: 1024px\" class=\"wp-caption aligncenter\"><img loading=\"lazy\" decoding=\"async\" class=\"wp-image-2314065 size-large\" src=\"https:\/\/puntocritico.com\/ausajpuntocritico\/wp-content\/uploads\/2025\/11\/DISTRIBUCION-DE-LOS-RESIDUOS-DOMESTICOS-SEGUN-DESTINO-CUADRO-ok-1024x437.jpg\" alt=\"VERTIDO CONTROLADO E INCINERACI\u00d3N\n\" width=\"1024\" height=\"437\" srcset=\"https:\/\/puntocritico.com\/ausajpuntocritico\/wp-content\/uploads\/2025\/11\/DISTRIBUCION-DE-LOS-RESIDUOS-DOMESTICOS-SEGUN-DESTINO-CUADRO-ok-1024x437.jpg 1024w, https:\/\/puntocritico.com\/ausajpuntocritico\/wp-content\/uploads\/2025\/11\/DISTRIBUCION-DE-LOS-RESIDUOS-DOMESTICOS-SEGUN-DESTINO-CUADRO-ok-300x128.jpg 300w, https:\/\/puntocritico.com\/ausajpuntocritico\/wp-content\/uploads\/2025\/11\/DISTRIBUCION-DE-LOS-RESIDUOS-DOMESTICOS-SEGUN-DESTINO-CUADRO-ok-768x328.jpg 768w, https:\/\/puntocritico.com\/ausajpuntocritico\/wp-content\/uploads\/2025\/11\/DISTRIBUCION-DE-LOS-RESIDUOS-DOMESTICOS-SEGUN-DESTINO-CUADRO-ok.jpg 1097w\" sizes=\"auto, (max-width: 1024px) 100vw, 1024px\" \/><figcaption id=\"caption-attachment-2314065\" class=\"wp-caption-text\"><span style=\"color: #008000;\">Este gr\u00e1fico ilustra la distribuci\u00f3n porcentual de diferentes m\u00e9todos de gesti\u00f3n de residuos. Se observa que el \u00abVertido controlado\u00bb representa la mayor parte con un 51,01%, seguido por el \u00abVertido incontrolado\u00bb con un 33,68%. El \u00abCompostaje\u00bb constituye un 10,62%, mientras que la \u00abIncineraci\u00f3n con recuperaci\u00f3n de energ\u00eda\u00bb (Inc. c\/recup. ener.) es del 3,73%. Finalmente, la \u00abIncineraci\u00f3n sin recuperaci\u00f3n de energ\u00eda\u00bb (Inc. s\/recup. energ.) es la fracci\u00f3n m\u00e1s peque\u00f1a con un 0,96%.<\/span><\/figcaption><\/figure>\n<p>&nbsp;<\/p>\n<blockquote>\n<p style=\"text-align: center;\"><strong><span style=\"font-size: 14pt; color: #008000;\">En esta entrada (Parte 3), veremos los sistemas de VERTIDO CONTROLADO e\u00a0 INCINERACI\u00d3N (dejando para la pr\u00f3xima entrada los sistemas de RECICLADO y COMPOSTAJE)<\/span><\/strong><\/p>\n<\/blockquote>\n<p>&nbsp;<\/p>\n<h2 style=\"text-align: center;\"><span style=\"font-size: 24pt;\"><strong>CAPITULO IV: <\/strong>SISTEMAS DE GESTI\u00d3N (TRATAMIENTO)<\/span><\/h2>\n<blockquote>\n<p style=\"text-align: center;\"><span style=\"font-size: 14pt;\"><b class=\"ng-star-inserted\" data-start-index=\"0\">Gesti\u00f3n Integral de Residuos S\u00f3lidos Urbanos (RSU): Sistemas, Desaf\u00edos y la Necesidad de la Recuperaci\u00f3n Selectiva.<\/b>\u00a0<\/span><\/p>\n<p style=\"text-align: center;\"><span style=\"font-size: 14pt;\"><span class=\"ng-star-inserted\" data-start-index=\"114\">El tratamiento de residuos s\u00f3lidos urbanos (RSU) abarca el conjunto de operaciones orientadas tanto a su eliminaci\u00f3n como al aprovechamiento de los recursos que contienen<\/span><span class=\"ng-star-inserted\" data-start-index=\"284\">. <\/span><\/span><\/p>\n<p style=\"text-align: center;\"><span style=\"font-size: 14pt;\"><span class=\"ng-star-inserted\" data-start-index=\"284\">Los sistemas de gesti\u00f3n m\u00e1s utilizados actualmente son el <\/span><b class=\"ng-star-inserted\" data-start-index=\"344\">vertido controlado<\/b><span class=\"ng-star-inserted\" data-start-index=\"362\">, la <\/span><b class=\"ng-star-inserted\" data-start-index=\"367\">incineraci\u00f3n<\/b><span class=\"ng-star-inserted\" data-start-index=\"379\">, el <\/span><b class=\"ng-star-inserted\" data-start-index=\"384\">reciclado<\/b><span class=\"ng-star-inserted\" data-start-index=\"393\"> y el <\/span><b class=\"ng-star-inserted\" data-start-index=\"399\">compostaje<\/b><span class=\"ng-star-inserted\" data-start-index=\"409\">. <\/span><\/span><\/p>\n<p style=\"text-align: center;\"><span style=\"font-size: 14pt;\"><span class=\"ng-star-inserted\" data-start-index=\"409\">Es crucial notar que el vertido incontrolado no debe considerarse un sistema de tratamiento, sino un simple abandono de las basuras, a pesar de ser el m\u00e9todo m\u00e1s empleado por los municipios espa\u00f1oles para eliminar residuos.<\/span><\/span><\/p>\n<\/blockquote>\n<p><img loading=\"lazy\" decoding=\"async\" class=\"aligncenter wp-image-2314066 size-full\" src=\"https:\/\/puntocritico.com\/ausajpuntocritico\/wp-content\/uploads\/2025\/11\/COMPOSICION-DE-LOS-RESIDUOS-DOMESTICOS-2-ok.jpg\" alt=\"\" width=\"480\" height=\"320\" srcset=\"https:\/\/puntocritico.com\/ausajpuntocritico\/wp-content\/uploads\/2025\/11\/COMPOSICION-DE-LOS-RESIDUOS-DOMESTICOS-2-ok.jpg 480w, https:\/\/puntocritico.com\/ausajpuntocritico\/wp-content\/uploads\/2025\/11\/COMPOSICION-DE-LOS-RESIDUOS-DOMESTICOS-2-ok-300x200.jpg 300w\" sizes=\"auto, (max-width: 480px) 100vw, 480px\" \/><\/p>\n<blockquote>\n<p style=\"text-align: center;\"><span style=\"font-size: 14pt; color: #008000;\"><span dir=\"auto\">El gr\u00e1fico ilustra la distribuci\u00f3n porcentual de los diferentes tipos de residuos que componen la basura dom\u00e9stica. Los datos reflejan que la <\/span><b><span dir=\"auto\">materia org\u00e1nica<\/span><\/b><span dir=\"auto\"> constituye la fracci\u00f3n m\u00e1s grande, representando un <\/span><b><span dir=\"auto\">44,06%<\/span><\/b><span dir=\"auto\"> del total, lo que subraya su potencial para el compostaje y la reducci\u00f3n del volumen de desechos. El <\/span><b><span dir=\"auto\">papel<\/span><\/b><span dir=\"auto\"> es el segundo componente m\u00e1s significativo, con un <\/span><b><span dir=\"auto\">21,18%<\/span><\/b><span dir=\"auto\"> , destacando la importancia de su reciclaje para la conservaci\u00f3n de recursos forestales.<\/span><\/span><\/p>\n<p style=\"text-align: center;\"><span style=\"font-size: 14pt; color: #008000;\"><span dir=\"auto\">Otros materiales reciclables como el <\/span><b><span dir=\"auto\">pl\u00e1stico (10,59%)<\/span><\/b><span dir=\"auto\"> , el <\/span><b><span dir=\"auto\">vidrio (6,93%)<\/span><\/b><span dir=\"auto\"> y los <\/span><b><span dir=\"auto\">metales (4,11%)<\/span><\/b><span dir=\"auto\"> tambi\u00e9n poseen una presencia considerable, lo que enfatiza la necesidad de una adecuada separaci\u00f3n en origen para su recuperaci\u00f3n. Categor\u00edas como el <\/span><b><span dir=\"auto\">textil (4,81%)<\/span><\/b><span dir=\"auto\"> , <\/span><b><span dir=\"auto\">goma y caucho (1,01%)<\/span><\/b><span dir=\"auto\"> , <\/span><b><span dir=\"auto\">madera (0,96%)<\/span><\/b><span dir=\"auto\"> y, en menor medida, <\/span><b><span dir=\"auto\">pilas y bater\u00edas (0,2%)<\/span><\/b><span dir=\"auto\"> , completan el panorama junto con una fracci\u00f3n de \u00abVarios\u00bb (6,17%). Esta distribuci\u00f3n pone de manifiesto las oportunidades para optimizar la gesti\u00f3n de residuos mediante estrategias de reducci\u00f3n, reutilizaci\u00f3n y reciclaje.<\/span><\/span><\/p>\n<\/blockquote>\n<p>&nbsp;<\/p>\n<p><img loading=\"lazy\" decoding=\"async\" class=\"aligncenter wp-image-2313780\" src=\"https:\/\/puntocritico.com\/ausajpuntocritico\/wp-content\/uploads\/2025\/10\/contenedores-rsu-copyright-RESIDUOS-PROFESIONAL-300x128.jpg\" alt=\"\" width=\"555\" height=\"237\" srcset=\"https:\/\/puntocritico.com\/ausajpuntocritico\/wp-content\/uploads\/2025\/10\/contenedores-rsu-copyright-RESIDUOS-PROFESIONAL-300x128.jpg 300w, https:\/\/puntocritico.com\/ausajpuntocritico\/wp-content\/uploads\/2025\/10\/contenedores-rsu-copyright-RESIDUOS-PROFESIONAL-768x329.jpg 768w, https:\/\/puntocritico.com\/ausajpuntocritico\/wp-content\/uploads\/2025\/10\/contenedores-rsu-copyright-RESIDUOS-PROFESIONAL.jpg 900w\" sizes=\"auto, (max-width: 555px) 100vw, 555px\" \/><\/p>\n<p style=\"text-align: center;\"><strong><span style=\"color: #008000; font-size: 18pt;\">*******<\/span><\/strong><\/p>\n<h3 style=\"text-align: center;\"><span style=\"font-size: 24pt;\"><strong>VERTIDO CONTROLADO E INCINERACI\u00d3N<\/strong><\/span><\/h3>\n<p><a href=\"https:\/\/puntocritico.com\/ausajpuntocritico\/punto-critico-1a-etapa-1995-2001\/\" target=\"_blank\" rel=\"noopener\"><img loading=\"lazy\" decoding=\"async\" class=\"aligncenter wp-image-2314036\" src=\"https:\/\/puntocritico.com\/ausajpuntocritico\/wp-content\/uploads\/2025\/11\/Punto-critico-num-11-portada.jpg\" alt=\"\" width=\"280\" height=\"394\" srcset=\"https:\/\/puntocritico.com\/ausajpuntocritico\/wp-content\/uploads\/2025\/11\/Punto-critico-num-11-portada.jpg 350w, https:\/\/puntocritico.com\/ausajpuntocritico\/wp-content\/uploads\/2025\/11\/Punto-critico-num-11-portada-213x300.jpg 213w\" sizes=\"auto, (max-width: 280px) 100vw, 280px\" \/><\/a><\/p>\n<p>&nbsp;<\/p>\n<blockquote>\n<p style=\"text-align: center;\"><strong><span style=\"color: #008000; font-size: 14pt;\">Pueden completar esta informaci\u00f3n con nuestro Monogr\u00e1fico sobre Vertederos, dividido en dos partes, <a style=\"color: #008000;\" href=\"https:\/\/puntocritico.com\/ausajpuntocritico\/punto-critico-1a-etapa-1995-2001\/\" target=\"_blank\" rel=\"noopener\" data-schema-attribute=\"\">Revista Punto Cr\u00edtico Primera etapa (1995-2001)<\/a>, n\u00fameros 11 (1997) y 12 (1998)<\/span><\/strong><\/p>\n<\/blockquote>\n<p>&nbsp;<\/p>\n<p><a href=\"https:\/\/puntocritico.com\/ausajpuntocritico\/punto-critico-1a-etapa-1995-2001\/\" target=\"_blank\" rel=\"noopener\" data-schema-attribute=\"\"><img loading=\"lazy\" decoding=\"async\" class=\"aligncenter wp-image-2314035\" src=\"https:\/\/puntocritico.com\/ausajpuntocritico\/wp-content\/uploads\/2025\/11\/Punto-critico-num-12-portada-211x300.jpg\" alt=\"\" width=\"280\" height=\"398\" srcset=\"https:\/\/puntocritico.com\/ausajpuntocritico\/wp-content\/uploads\/2025\/11\/Punto-critico-num-12-portada-211x300.jpg 211w, https:\/\/puntocritico.com\/ausajpuntocritico\/wp-content\/uploads\/2025\/11\/Punto-critico-num-12-portada.jpg 350w\" sizes=\"auto, (max-width: 280px) 100vw, 280px\" \/><\/a><\/p>\n<p style=\"text-align: justify;\">\u00a0<\/p>\n<div id=\"model-response-message-contentr_c32dd4aa30b583e9\" class=\"markdown markdown-main-panel stronger enable-updated-hr-color\" dir=\"ltr\" aria-live=\"polite\" aria-busy=\"false\">\n<p style=\"text-align: justify;\"><span style=\"font-size: 14pt;\"><span dir=\"auto\">Se entiende por <\/span><b><span dir=\"auto\">tratamiento de residuos<\/span><\/b><span dir=\"auto\"> el conjunto de operaciones encaminadas a su eliminaci\u00f3n o al aprovechamiento de los recursos contenidos en ellos. Los sistemas actualmente m\u00e1s utilizados son: el vertido controlado, la incineraci\u00f3n, el reciclado y el compostaje.<\/span><\/span><\/p>\n<p style=\"text-align: justify;\"><span style=\"font-size: 14pt;\"><span dir=\"auto\">Hay que hacer constatar que si bien el <\/span><b><span dir=\"auto\">vertido incontrolado<\/span><\/b><span dir=\"auto\"> es el sistema m\u00e1s utilizado por los municipios espa\u00f1oles para eliminar las basuras, no puede considerarse como sistema de tratamiento, sino como simple abandono de las mismas.<\/span><\/span><\/p>\n<p>&nbsp;<\/p>\n<blockquote>\n<h3 style=\"text-align: center;\"><span style=\"font-size: 18pt;\"><strong><span dir=\"auto\" style=\"color: #008000;\">Distribuci\u00f3n de los Residuos Dom\u00e9sticos seg\u00fan Destino<\/span><\/strong><\/span><\/h3>\n<p style=\"text-align: center;\"><span style=\"font-size: 14pt;\"><strong><span dir=\"auto\" style=\"color: #008000;\">(<em>Datos expresados \u200b\u200ben porcentajes sobre el total<\/em>)<\/span><\/strong><\/span><\/p>\n<p style=\"text-align: center;\"><span style=\"font-size: 14pt;\"><strong><span style=\"color: #008000;\"><span dir=\"auto\">Vertido controlado:<\/span><span dir=\"auto\"> 51,01%<\/span><\/span><\/strong><\/span><\/p>\n<p style=\"text-align: center;\"><span style=\"font-size: 14pt;\"><strong><span style=\"color: #008000;\"><span dir=\"auto\">Vertido incontrolado:<\/span><span dir=\"auto\"> 33,68%<\/span><\/span><\/strong><\/span><\/p>\n<p style=\"text-align: center;\"><span style=\"font-size: 14pt;\"><strong><span style=\"color: #008000;\"><span dir=\"auto\">Compostaje:<\/span><span dir=\"auto\"> 10,62%<\/span><\/span><\/strong><\/span><\/p>\n<p style=\"text-align: center;\"><span style=\"font-size: 14pt;\"><strong><span style=\"color: #008000;\"><span dir=\"auto\">Incineraci\u00f3n c\/recup. ener.:<\/span><span dir=\"auto\"> 3,73%<\/span><\/span><\/strong><\/span><\/p>\n<p style=\"text-align: center;\"><span style=\"font-size: 14pt;\"><strong><span style=\"color: #008000;\"><span dir=\"auto\">Incineraci\u00f3n s\/recup. ener.:<\/span><span dir=\"auto\"> 0,96%<\/span><\/span><\/strong><\/span><\/p>\n<\/blockquote>\n<p style=\"text-align: center;\"><strong><span style=\"color: #008000; font-size: 18pt;\">***<\/span><\/strong><\/p>\n<p style=\"text-align: center;\"><strong><span dir=\"auto\" style=\"font-size: 18pt;\">Tabla: Sistemas de Eliminaci\u00f3n de RSU en Espa\u00f1a<\/span><\/strong><\/p>\n<table>\n<thead>\n<tr>\n<td style=\"text-align: center;\"><span style=\"font-size: 14pt;\"><strong>SISTEMA DE TRATAMIENTO<\/strong><\/span><\/td>\n<td style=\"text-align: center;\"><span style=\"font-size: 14pt;\"><strong>A\u00f1o<\/strong><\/span><\/td>\n<td style=\"text-align: center;\"><span style=\"font-size: 14pt;\"><strong>%<\/strong><\/span><\/td>\n<td style=\"text-align: center;\"><span style=\"font-size: 14pt;\"><strong>N\u00b0 CENTROS<\/strong><\/span><\/td>\n<\/tr>\n<\/thead>\n<tbody>\n<tr>\n<td style=\"text-align: center;\"><span dir=\"auto\" style=\"font-size: 14pt;\">Vertido incontrolado<\/span><\/td>\n<td style=\"text-align: center;\"><span dir=\"auto\" style=\"font-size: 14pt;\">4.656.914<\/span><\/td>\n<td style=\"text-align: center;\"><span dir=\"auto\" style=\"font-size: 14pt;\">33,68<\/span><\/td>\n<td style=\"text-align: center;\">\u00a0<\/td>\n<\/tr>\n<tr>\n<td style=\"text-align: center;\"><span dir=\"auto\" style=\"font-size: 14pt;\">Vertido controlado<\/span><\/td>\n<td style=\"text-align: center;\"><span dir=\"auto\" style=\"font-size: 14pt;\">7.053.818<\/span><\/td>\n<td style=\"text-align: center;\"><span dir=\"auto\" style=\"font-size: 14pt;\">51,01<\/span><\/td>\n<td style=\"text-align: center;\"><span dir=\"auto\" style=\"font-size: 14pt;\">103<\/span><\/td>\n<\/tr>\n<tr>\n<td style=\"text-align: center;\"><span dir=\"auto\" style=\"font-size: 14pt;\">Compostaje<\/span><\/td>\n<td style=\"text-align: center;\"><span dir=\"auto\" style=\"font-size: 14pt;\">1.467.525<\/span><\/td>\n<td style=\"text-align: center;\"><span dir=\"auto\" style=\"font-size: 14pt;\">10,62<\/span><\/td>\n<td style=\"text-align: center;\"><span dir=\"auto\" style=\"font-size: 14pt;\">22<\/span><\/td>\n<\/tr>\n<tr>\n<td style=\"text-align: center;\"><span style=\"font-size: 14pt;\"><b><span dir=\"auto\">Incineraci\u00f3n<\/span><\/b><\/span><\/td>\n<td style=\"text-align: center;\">\u00a0<\/td>\n<td style=\"text-align: center;\">\u00a0<\/td>\n<td style=\"text-align: center;\">\u00a0<\/td>\n<\/tr>\n<tr>\n<td style=\"text-align: center;\"><span style=\"font-size: 14pt;\"><i><span dir=\"auto\">Con recup. de energ\u00eda<\/span><\/i><\/span><\/td>\n<td style=\"text-align: center;\"><span dir=\"auto\" style=\"font-size: 14pt;\">516.200<\/span><\/td>\n<td style=\"text-align: center;\"><span dir=\"auto\" style=\"font-size: 14pt;\">3,73<\/span><\/td>\n<td style=\"text-align: center;\"><span dir=\"auto\" style=\"font-size: 14pt;\">5<\/span><\/td>\n<\/tr>\n<tr>\n<td style=\"text-align: center;\"><span style=\"font-size: 14pt;\"><i><span dir=\"auto\">Sin recup. de energ\u00eda<\/span><\/i><\/span><\/td>\n<td style=\"text-align: center;\"><span dir=\"auto\" style=\"font-size: 14pt;\">133.198<\/span><\/td>\n<td style=\"text-align: center;\"><span dir=\"auto\" style=\"font-size: 14pt;\">0,96<\/span><\/td>\n<td style=\"text-align: center;\"><span dir=\"auto\" style=\"font-size: 14pt;\">15<\/span><\/td>\n<\/tr>\n<tr>\n<td style=\"text-align: center;\"><span style=\"font-size: 14pt;\"><b><span dir=\"auto\">TOTALES<\/span><\/b><\/span><\/td>\n<td style=\"text-align: center;\"><span style=\"font-size: 14pt;\"><b><span dir=\"auto\">13.827.655<\/span><\/b><\/span><\/td>\n<td style=\"text-align: center;\"><span style=\"font-size: 14pt;\"><b><span dir=\"auto\">100,00<\/span><\/b><\/span><\/td>\n<td style=\"text-align: center;\"><span style=\"font-size: 14pt;\"><b><span dir=\"auto\">145<\/span><\/b><\/span><\/td>\n<\/tr>\n<\/tbody>\n<\/table>\n<\/div>\n<p>&nbsp;<\/p>\n<p style=\"text-align: center;\"><strong><span style=\"color: #008000; font-size: 18pt;\">*******<\/span><\/strong><\/p>\n<p><a href=\"https:\/\/edea.juntadeandalucia.es\/bancorecursos\/file\/2f06d007-4868-4a09-86b1-4f49b2c5ea8b\/1\/es-an_2018060712_9121849.zip\/32_almacenamiento_de_residuos_vertederos_y_depsitos.html?temp.hn=true&amp;temp.hb=true\" target=\"_blank\" rel=\"noopener\" data-schema-attribute=\"\"><img loading=\"lazy\" decoding=\"async\" class=\"aligncenter wp-image-2314071 size-full\" src=\"https:\/\/puntocritico.com\/ausajpuntocritico\/wp-content\/uploads\/2025\/11\/ap4_2_vertedero_controlado.jpg\" alt=\"\" width=\"682\" height=\"395\" srcset=\"https:\/\/puntocritico.com\/ausajpuntocritico\/wp-content\/uploads\/2025\/11\/ap4_2_vertedero_controlado.jpg 682w, https:\/\/puntocritico.com\/ausajpuntocritico\/wp-content\/uploads\/2025\/11\/ap4_2_vertedero_controlado-300x174.jpg 300w\" sizes=\"auto, (max-width: 682px) 100vw, 682px\" \/><\/a><\/p>\n<div id=\"model-response-message-contentr_c32dd4aa30b583e9\" class=\"markdown markdown-main-panel stronger enable-updated-hr-color\" dir=\"ltr\" aria-live=\"polite\" aria-busy=\"false\">\n<p>&nbsp;<\/p>\n<h4 style=\"text-align: center;\"><span dir=\"auto\" style=\"font-size: 24pt;\">VERTIDO CONTROLADO<\/span><\/h4>\n<p style=\"text-align: justify;\"><span dir=\"auto\" style=\"font-size: 14pt;\">El vertido controlado consiste en la colocaci\u00f3n de los residuos sobre el terreno extendi\u00e9ndolos en capas de poco espesor y compact\u00e1ndolos para disminuir su volumen. <\/span><\/p>\n<p style=\"text-align: justify;\"><span dir=\"auto\" style=\"font-size: 14pt;\">Asimismo, se realiza su cubrici\u00f3n diaria con material adecuado para minimizar los riesgos de contaminaci\u00f3n ambiental y para favorecer la transformaci\u00f3n biol\u00f3gica de los materiales fermentables.<\/span><\/p>\n<p style=\"text-align: justify;\"><span dir=\"auto\" style=\"font-size: 14pt;\"><strong>Las medidas preventivas y de control que han de tomar son las que tienen como objetivos fundamentales<\/strong>:<\/span><\/p>\n<ul style=\"text-align: justify;\">\n<li>\n<p><span style=\"font-size: 14pt;\"><b><span dir=\"auto\">Limitar la producci\u00f3n de lixiviados<\/span><\/b><span dir=\"auto\"> . Estos son l\u00edquidos fuertemente contaminados, originados por el contacto de los RSU con el agua (<em>normalmente de la lluvia<\/em>), que se pueden filtrar a las aguas subterr\u00e1neas, produciendo efectos contaminantes en la cadena alimentaria y en la salud humana, que pueden aparecer en lugares muy distantes del foco.<\/span><\/span><\/p>\n<ul>\n<li>\n<p><span dir=\"auto\" style=\"font-size: 14pt;\">En especial en vertederos de alta densidad, pueden alcanzar las siguientes caracter\u00edsticas: PH de 7&#8217;2, densidad de s\u00f3lidos de 85 gramos por litro, con una Demanda de Ox\u00edgeno de 80.000 litros.<\/span><\/p>\n<\/li>\n<\/ul>\n<\/li>\n<li>\n<p><span style=\"font-size: 14pt;\"><b><span dir=\"auto\">Recoger los lixiviados <\/span><\/b><span dir=\"auto\">que se producen.<\/span><\/span><\/p>\n<\/li>\n<li>\n<p><span style=\"font-size: 14pt;\"><b><span dir=\"auto\">Dar salida a los gases generados<\/span><\/b><span dir=\"auto\"> como consecuencia de los procesos de fermentaci\u00f3n aerobia o anaerobia. En especial, bolsas de metano, susceptibles de ignici\u00f3n espont\u00e1nea, por explosi\u00f3n al contacto con el aire a determinadas concentraciones.<\/span><\/span><\/p>\n<ul>\n<li>\n<p><span dir=\"auto\" style=\"font-size: 14pt;\">Existen vertederos a los que se ha acoplado un sistema de recuperaci\u00f3n del gas metano generado.<\/span><\/p>\n<\/li>\n<li>\n<p><span dir=\"auto\" style=\"font-size: 14pt;\">Hay que mencionar la reacci\u00f3n de la celulosa (<em>m\u00e1s expuesta al agua<\/em>) a la acci\u00f3n del Ox\u00edgeno, que genera gases susceptibles de reacci\u00f3n isot\u00e9rmica.<\/span><\/p>\n<\/li>\n<li>\n<p><span dir=\"auto\" style=\"font-size: 14pt;\">Se puede generalizar diciendo que se producen gases a raz\u00f3n de 1 metro c\u00fabico por Tonelada diariamente, de los que el 45% es Metano, y otro 45% es Di\u00f3xido de Carbono.<\/span><\/p>\n<\/li>\n<\/ul>\n<\/li>\n<li>\n<p><span style=\"font-size: 14pt;\"><b><span dir=\"auto\">Limitar los ruidos y olores <\/span><\/b><span dir=\"auto\">.<\/span><\/span><\/p>\n<\/li>\n<li>\n<p><span style=\"font-size: 14pt;\"><b><span dir=\"auto\">Evitar los vuelos de pl\u00e1stico y papeles<\/span><\/b><span dir=\"auto\"> y la <\/span><b><span dir=\"auto\">proliferaci\u00f3n de roedores e insectos <\/span><\/b><span dir=\"auto\">.<\/span><\/span><\/p>\n<\/li>\n<li>\n<p><span style=\"font-size: 14pt;\"><b><span dir=\"auto\">Impedir la formaci\u00f3n de polvo y humo<\/span><\/b><span dir=\"auto\"> .<\/span><\/span><\/p>\n<\/li>\n<li>\n<p><span style=\"font-size: 14pt;\"><b><span dir=\"auto\">Evitar la rotura del paisaje<\/span><\/b><span dir=\"auto\"> , haci\u00e9ndolo compatible con el entorno por medio de barreras vegetales o similares, y en especial, conseguir la recuperaci\u00f3n m\u00e1s adecuada del entorno una vez clausurado el vertedero.<\/span><\/span><\/p>\n<\/li>\n<\/ul>\n<\/div>\n<p style=\"text-align: justify;\">\u00a0<\/p>\n<p style=\"text-align: center;\"><span style=\"font-size: 18pt;\"><strong><span style=\"color: #008000;\">*******<\/span><\/strong><\/span><\/p>\n<div id=\"model-response-message-contentr_c32dd4aa30b583e9\" class=\"markdown markdown-main-panel stronger enable-updated-hr-color\" dir=\"ltr\" aria-live=\"polite\" aria-busy=\"false\">\n<h5 style=\"text-align: center;\"><span dir=\"auto\" style=\"font-size: 18pt;\">Elecci\u00f3n del Terreno y Proyecto<\/span><\/h5>\n<figure id=\"attachment_2314105\" aria-describedby=\"caption-attachment-2314105\" style=\"width: 400px\" class=\"wp-caption aligncenter\"><img loading=\"lazy\" decoding=\"async\" class=\"wp-image-2314105\" src=\"https:\/\/puntocritico.com\/ausajpuntocritico\/wp-content\/uploads\/2025\/11\/RESTAURACION-AMBIENTAL-VERTEDEROS-y-geotextiles-300x225.jpg\" alt=\"\" width=\"400\" height=\"300\" srcset=\"https:\/\/puntocritico.com\/ausajpuntocritico\/wp-content\/uploads\/2025\/11\/RESTAURACION-AMBIENTAL-VERTEDEROS-y-geotextiles-300x225.jpg 300w, https:\/\/puntocritico.com\/ausajpuntocritico\/wp-content\/uploads\/2025\/11\/RESTAURACION-AMBIENTAL-VERTEDEROS-y-geotextiles-768x576.jpg 768w, https:\/\/puntocritico.com\/ausajpuntocritico\/wp-content\/uploads\/2025\/11\/RESTAURACION-AMBIENTAL-VERTEDEROS-y-geotextiles-678x509.jpg 678w, https:\/\/puntocritico.com\/ausajpuntocritico\/wp-content\/uploads\/2025\/11\/RESTAURACION-AMBIENTAL-VERTEDEROS-y-geotextiles-326x245.jpg 326w, https:\/\/puntocritico.com\/ausajpuntocritico\/wp-content\/uploads\/2025\/11\/RESTAURACION-AMBIENTAL-VERTEDEROS-y-geotextiles-80x60.jpg 80w, https:\/\/puntocritico.com\/ausajpuntocritico\/wp-content\/uploads\/2025\/11\/RESTAURACION-AMBIENTAL-VERTEDEROS-y-geotextiles.jpg 800w\" sizes=\"auto, (max-width: 400px) 100vw, 400px\" \/><figcaption id=\"caption-attachment-2314105\" class=\"wp-caption-text\"><span style=\"color: #008000;\">Clausura de vertederos con Geotextiles<\/span><\/figcaption><\/figure>\n<p>&nbsp;<\/p>\n<p style=\"text-align: justify;\"><span dir=\"auto\" style=\"font-size: 14pt;\">La elecci\u00f3n de un terreno adecuado para el emplazamiento del vertedero es de gran importancia. Han de tenerse en cuenta un gran n\u00famero de par\u00e1metros, como la distribuci\u00f3n de los acu\u00edferos, actividades tradicionales agr\u00edcolas o ganaderas del lugar, viviendas cercanas, caracter\u00edsticas del suelo, flora y fauna, etc. <\/span><\/p>\n<p style=\"text-align: justify;\"><span dir=\"auto\" style=\"font-size: 14pt;\">Resulta inadmisible la falta de obligatoriedad en cuanto a elaborar <a href=\"https:\/\/puntocritico.com\/ausajpuntocritico\/2025\/01\/29\/antecedentes-de-la-evaluacion-de-impacto-ambiental\/\" target=\"_blank\" rel=\"noopener\" data-schema-attribute=\"\"><strong>Estudios de Impacto Ambiental (EIA)<\/strong><\/a>, ya que la <a href=\"https:\/\/puntocritico.com\/ausajpuntocritico\/2025\/01\/29\/antecedentes-de-la-evaluacion-de-impacto-ambiental\/\" target=\"_blank\" rel=\"noopener\" data-schema-attribute=\"\"><strong>Directiva comunitaria 85\/337 relativa a la EIA<\/strong><\/a>, contempla esta actividad entre las del <strong>Anexo II<\/strong>. A\u00fan as\u00ed, a trav\u00e9s de los P<strong>lanes Especiales de Protecci\u00f3n al medio f\u00edsico<\/strong>, se puede requerir un Estudio de Impacto ambiental.<\/span><\/p>\n<p style=\"text-align: justify;\"><span dir=\"auto\" style=\"font-size: 14pt;\">Este documento contempla b\u00e1sicamente aspectos relativos al impacto ecol\u00f3gico (<em>f\u00edsico y geol\u00f3gico<\/em>), y humano (<em>facetas socio econ\u00f3micas, culturales y sociopol\u00edticas<\/em>).<\/span><\/p>\n<p style=\"text-align: justify;\"><span dir=\"auto\" style=\"font-size: 14pt;\"><strong>El Proyecto de construcci\u00f3n de un vertedero suele constar de las siguientes partes<\/strong>:<\/span><\/p>\n<ul style=\"text-align: justify;\">\n<li>\n<p><span style=\"font-size: 14pt;\"><b><span dir=\"auto\">Especificaciones de dise\u00f1o<\/span><\/b><span dir=\"auto\"> y planificaci\u00f3n de drenajes, vallas, edificios, controles, b\u00e1sculas, y \u00faltimamente incluso detectores de radiactivos. (<em>En relaci\u00f3n a esto \u00faltimo, un detector de radiactividad instalado en el vertedero de Oviedo, \u00abpit\u00f3\u00bb el mismo d\u00eda de su puesta en funcionamiento<\/em>). <\/span><\/span><\/p>\n<\/li>\n<li>\n<p><span style=\"font-size: 14pt;\"><span dir=\"auto\">Aqu\u00ed hemos de incluir posibles <em>estanqueizaciones<\/em> del suelo, en casos de que este sea permeable, por medio de modernos materiales hidr\u00f3fugos.<\/span><\/span><\/p>\n<\/li>\n<li>\n<p><span style=\"font-size: 14pt;\"><b><span dir=\"auto\">Especificaciones del tipo y operaciones<\/span><\/b><span dir=\"auto\"> del vertido.<\/span><\/span><\/p>\n<\/li>\n<li>\n<p><span style=\"font-size: 14pt;\"><b><span dir=\"auto\">An\u00e1lisis del equipo y personal<\/span><\/b><span dir=\"auto\"> necesario.<\/span><\/span><\/p>\n<\/li>\n<li>\n<p><span style=\"font-size: 14pt;\"><b><span dir=\"auto\">Estimaci\u00f3n de costos<\/span><\/b><span dir=\"auto\"> .<\/span><\/span><\/p>\n<\/li>\n<li>\n<p><span style=\"font-size: 14pt;\"><b><span dir=\"auto\">Utilizaci\u00f3n posterior<\/span><\/b><span dir=\"auto\"> a la clausura, con su plan de recuperaci\u00f3n paisaj\u00edstico. Debe estar a la distancia adecuada, tener capacidad suficiente, ser accesible y, sobre todo, debe estar garantizada la preservaci\u00f3n de las aguas superficiales y subterr\u00e1neas.<\/span><\/span><\/p>\n<\/li>\n<\/ul>\n<\/div>\n<p style=\"text-align: justify;\">\u00a0<\/p>\n<p style=\"text-align: center;\"><span style=\"font-size: 18pt;\"><strong><span style=\"color: #008000;\">*******<\/span><\/strong><\/span><\/p>\n<div id=\"model-response-message-contentr_c32dd4aa30b583e9\" class=\"markdown markdown-main-panel stronger enable-updated-hr-color\" dir=\"ltr\" aria-live=\"polite\" aria-busy=\"false\">\n<h5 style=\"text-align: center;\"><span dir=\"auto\" style=\"font-size: 18pt;\">Tratamientos en Vertedero<\/span><\/h5>\n<\/div>\n<figure id=\"attachment_2314106\" aria-describedby=\"caption-attachment-2314106\" style=\"width: 400px\" class=\"wp-caption aligncenter\"><img loading=\"lazy\" decoding=\"async\" class=\"wp-image-2314106\" src=\"https:\/\/puntocritico.com\/ausajpuntocritico\/wp-content\/uploads\/2025\/11\/tratamiento-lixiviados-Malaga-300x223.jpg\" alt=\"\" width=\"400\" height=\"298\" srcset=\"https:\/\/puntocritico.com\/ausajpuntocritico\/wp-content\/uploads\/2025\/11\/tratamiento-lixiviados-Malaga-300x223.jpg 300w, https:\/\/puntocritico.com\/ausajpuntocritico\/wp-content\/uploads\/2025\/11\/tratamiento-lixiviados-Malaga-80x60.jpg 80w, https:\/\/puntocritico.com\/ausajpuntocritico\/wp-content\/uploads\/2025\/11\/tratamiento-lixiviados-Malaga.jpg 664w\" sizes=\"auto, (max-width: 400px) 100vw, 400px\" \/><figcaption id=\"caption-attachment-2314106\" class=\"wp-caption-text\"><span style=\"color: #008000;\">Planta de tratamiento de lixiviados<\/span><\/figcaption><\/figure>\n<p>&nbsp;<\/p>\n<div id=\"model-response-message-contentr_c32dd4aa30b583e9\" class=\"markdown markdown-main-panel stronger enable-updated-hr-color\" dir=\"ltr\" aria-live=\"polite\" aria-busy=\"false\">\n<p style=\"text-align: justify;\"><span dir=\"auto\" style=\"font-size: 14pt;\"><strong>Tratamientos a que se someten algunos residuos en un vertedero controlado<\/strong>:<\/span><\/p>\n<ul style=\"text-align: justify;\">\n<li>\n<p><span dir=\"auto\" style=\"font-size: 14pt;\">Con compactaci\u00f3n ligera y cubrici\u00f3n diaria.<\/span><\/p>\n<\/li>\n<li>\n<p><span dir=\"auto\" style=\"font-size: 14pt;\">Con compactaci\u00f3n media y cubrici\u00f3n de mayor periodicidad.<\/span><\/p>\n<\/li>\n<li>\n<p><span dir=\"auto\" style=\"font-size: 14pt;\">Con compactaci\u00f3n intensa y sin cubrici\u00f3n.<\/span><\/p>\n<\/li>\n<\/ul>\n<p style=\"text-align: justify;\"><span dir=\"auto\" style=\"font-size: 14pt;\">El primer tipo es el com\u00fan usado cuando se dispone de material de cubrici\u00f3n. La compactaci\u00f3n intensa es necesaria cuando no hay posibilidad econ\u00f3mica de obtener material inerte. Para conseguirla puede recurrirse a trituraci\u00f3n previa o al empleo de maquinaria de compactaci\u00f3n especial.<\/span><\/p>\n<p style=\"text-align: justify;\"><span dir=\"auto\" style=\"font-size: 14pt;\">Al realizar la cubrici\u00f3n con tierra, se produce una fermentaci\u00f3n aerobia, que hace subir la temperatura a unos 60\u00ba, ejerciendo una cierta desinfecci\u00f3n con destrucci\u00f3n de g\u00e9rmenes pat\u00f3genos.<\/span><\/p>\n<\/div>\n<p>&nbsp;<\/p>\n<p><img loading=\"lazy\" decoding=\"async\" class=\"aligncenter wp-image-2314108\" src=\"https:\/\/puntocritico.com\/ausajpuntocritico\/wp-content\/uploads\/2025\/11\/Compactacion-de-vertederos.jpg\" alt=\"\" width=\"330\" height=\"299\" \/><\/p>\n<p style=\"text-align: center;\"><span style=\"font-size: 18pt;\"><strong><span style=\"color: #008000;\">******<\/span><\/strong><\/span><\/p>\n<div id=\"model-response-message-contentr_c32dd4aa30b583e9\" class=\"markdown markdown-main-panel stronger enable-updated-hr-color\" dir=\"ltr\" aria-live=\"polite\" aria-busy=\"false\">\n<h5 style=\"text-align: center;\"><span dir=\"auto\" style=\"font-size: 18pt;\">Ventajas del Vertido Controlado<\/span><\/h5>\n<blockquote>\n<p style=\"text-align: center;\"><span style=\"color: #008000;\"><strong><span dir=\"auto\" style=\"font-size: 14pt;\">F\u00e1cil implantaci\u00f3n.<\/span><\/strong><\/span><\/p>\n<p style=\"text-align: center;\"><span style=\"color: #008000;\"><strong><span dir=\"auto\" style=\"font-size: 14pt;\">Costes reducidos de instalaci\u00f3n y funcionamiento.<\/span><\/strong><\/span><\/p>\n<p style=\"text-align: center;\"><span style=\"color: #008000;\"><strong><span dir=\"auto\" style=\"font-size: 14pt;\">Capacidad de absorci\u00f3n variaciones de producci\u00f3n.<\/span><\/strong><\/span><\/p>\n<p style=\"text-align: center;\"><span style=\"color: #008000;\"><strong><span dir=\"auto\" style=\"font-size: 14pt;\">Escaso impacto ambiental cuando su proyecto y gesti\u00f3n son correctos.<\/span><\/strong><\/span><\/p>\n<p style=\"text-align: center;\"><span style=\"color: #008000;\"><strong><span dir=\"auto\" style=\"font-size: 14pt;\">Posibilidad de utilizaci\u00f3n, una vez clausurado, como campo de deportes, zona ajardinada, etc.<\/span><\/strong><\/span><\/p>\n<p style=\"text-align: center;\"><span style=\"color: #008000;\"><strong><span dir=\"auto\" style=\"font-size: 14pt;\">Posibilidad de obtener metano.<\/span><\/strong><\/span><\/p>\n<\/blockquote>\n<p>&nbsp;<\/p>\n<p style=\"text-align: justify;\"><span dir=\"auto\" style=\"font-size: 14pt;\">En cualquier caso, hay que considerar que el vertido es un sistema complementario de cualquier otro tipo de tratamiento puesto que todos producen rechazos que hay que eliminar.<\/span><\/p>\n<\/div>\n<p>&nbsp;<\/p>\n<p><img loading=\"lazy\" decoding=\"async\" class=\"aligncenter wp-image-2314109\" src=\"https:\/\/puntocritico.com\/ausajpuntocritico\/wp-content\/uploads\/2025\/11\/Vertedero-111-300x169.jpg\" alt=\"\" width=\"480\" height=\"270\" srcset=\"https:\/\/puntocritico.com\/ausajpuntocritico\/wp-content\/uploads\/2025\/11\/Vertedero-111-300x169.jpg 300w, https:\/\/puntocritico.com\/ausajpuntocritico\/wp-content\/uploads\/2025\/11\/Vertedero-111-768x432.jpg 768w, https:\/\/puntocritico.com\/ausajpuntocritico\/wp-content\/uploads\/2025\/11\/Vertedero-111-678x381.jpg 678w, https:\/\/puntocritico.com\/ausajpuntocritico\/wp-content\/uploads\/2025\/11\/Vertedero-111.jpg 880w\" sizes=\"auto, (max-width: 480px) 100vw, 480px\" \/><\/p>\n<p style=\"text-align: center;\"><strong><span style=\"color: #008000; font-size: 18pt;\">*******<\/span><\/strong><\/p>\n<div id=\"model-response-message-contentr_c32dd4aa30b583e9\" class=\"markdown markdown-main-panel stronger enable-updated-hr-color\" dir=\"ltr\" aria-live=\"polite\" aria-busy=\"false\">\n<h5 style=\"text-align: center;\"><span dir=\"auto\" style=\"font-size: 18pt;\">Desventajas del Vertido Controlado<\/span><\/h5>\n<blockquote>\n<p style=\"text-align: center;\"><span style=\"color: #008000;\"><strong><span dir=\"auto\" style=\"font-size: 14pt;\">La necesidad de grandes superficies de terreno.<\/span><\/strong><\/span><\/p>\n<p style=\"text-align: center;\"><span style=\"color: #008000;\"><strong><span dir=\"auto\" style=\"font-size: 14pt;\">Dificultad para encontrar terrenos de dimensi\u00f3n suficiente, en emplazamientos adecuados. Existe un rechazo comprensible por parte de los ciudadanos. Su ubicaci\u00f3n alejada trae consigo el consiguiente encarecimiento del transporte.<\/span><\/strong><\/span><\/p>\n<p style=\"text-align: center;\"><span style=\"color: #008000;\"><strong><span dir=\"auto\" style=\"font-size: 14pt;\">Su explotaci\u00f3n debe ser muy rigurosa y controlada para prevenir contaminaciones en forma de olores, infecciones, gases t\u00f3xicos,&#8230;<\/span><\/strong><\/span><\/p>\n<p style=\"text-align: center;\"><span style=\"color: #008000;\"><strong><span dir=\"auto\" style=\"font-size: 14pt;\">En caso de ignici\u00f3n lenta, puede producirse otra contaminaci\u00f3n adicional por emisi\u00f3n de dioxinas y metales pesados.<\/span><\/strong><\/span><\/p>\n<p style=\"text-align: center;\"><span style=\"color: #008000;\"><strong><span dir=\"auto\" style=\"font-size: 14pt;\">Las emanaciones de gas metano procedentes de la producci\u00f3n producen frecuentemente explosiones espont\u00e1neas, que producen incendios constantes, con la consiguiente emanaci\u00f3n de humos contaminantes.<\/span><\/strong><\/span><\/p>\n<p style=\"text-align: center;\"><span style=\"color: #008000;\"><strong><span dir=\"auto\" style=\"font-size: 14pt;\">En zonas con alta humedad relativa, los efluentes l\u00edquidos transportan gran cantidad de lixiviados (con metales pesados, bacterias, etc.), que suponen un verdadero atentado contra el medio ambiente y la salud humana, al introducirse en la cadena alimentaria. Muchas veces se trata de sustancias nocivas que el organismo humano no est\u00e1 preparado para eliminar.<\/span><\/strong><\/span><\/p>\n<p style=\"text-align: center;\"><span style=\"color: #008000;\"><strong><span dir=\"auto\" style=\"font-size: 14pt;\">Se desconocen sus efectos a largo plazo, y \u00fanicamente se est\u00e1 retrasando la soluci\u00f3n del problema.<\/span><\/strong><\/span><\/p>\n<p style=\"text-align: center;\"><span style=\"color: #008000;\"><strong><span dir=\"auto\" style=\"font-size: 14pt;\">Por supuesto, ni disminuye el volumen de la basura, ni aprovecha sus contenidos.<\/span><\/strong><\/span><\/p>\n<\/blockquote>\n<\/div>\n<p>&nbsp;<\/p>\n<p><img loading=\"lazy\" decoding=\"async\" class=\"aligncenter wp-image-2314107\" src=\"https:\/\/puntocritico.com\/ausajpuntocritico\/wp-content\/uploads\/2025\/11\/complejo-para-el-tratamiento-de-residuos-urbanos-de-zaragoza-ctruz-300x169.webp\" alt=\"\" width=\"555\" height=\"312\" srcset=\"https:\/\/puntocritico.com\/ausajpuntocritico\/wp-content\/uploads\/2025\/11\/complejo-para-el-tratamiento-de-residuos-urbanos-de-zaragoza-ctruz-300x169.webp 300w, https:\/\/puntocritico.com\/ausajpuntocritico\/wp-content\/uploads\/2025\/11\/complejo-para-el-tratamiento-de-residuos-urbanos-de-zaragoza-ctruz-1024x576.webp 1024w, https:\/\/puntocritico.com\/ausajpuntocritico\/wp-content\/uploads\/2025\/11\/complejo-para-el-tratamiento-de-residuos-urbanos-de-zaragoza-ctruz-768x432.webp 768w, https:\/\/puntocritico.com\/ausajpuntocritico\/wp-content\/uploads\/2025\/11\/complejo-para-el-tratamiento-de-residuos-urbanos-de-zaragoza-ctruz-1536x864.webp 1536w, https:\/\/puntocritico.com\/ausajpuntocritico\/wp-content\/uploads\/2025\/11\/complejo-para-el-tratamiento-de-residuos-urbanos-de-zaragoza-ctruz-678x381.webp 678w, https:\/\/puntocritico.com\/ausajpuntocritico\/wp-content\/uploads\/2025\/11\/complejo-para-el-tratamiento-de-residuos-urbanos-de-zaragoza-ctruz-1320x743.webp 1320w, https:\/\/puntocritico.com\/ausajpuntocritico\/wp-content\/uploads\/2025\/11\/complejo-para-el-tratamiento-de-residuos-urbanos-de-zaragoza-ctruz.webp 1920w\" sizes=\"auto, (max-width: 555px) 100vw, 555px\" \/><\/p>\n<p style=\"text-align: center;\"><span style=\"font-size: 18pt;\"><strong><span style=\"color: #008000;\">*******<\/span><\/strong><\/span><\/p>\n<div id=\"model-response-message-contentr_c32dd4aa30b583e9\" class=\"markdown markdown-main-panel stronger enable-updated-hr-color\" dir=\"ltr\" aria-live=\"polite\" aria-busy=\"false\">\n<h5 style=\"text-align: center;\"><span dir=\"auto\" style=\"font-size: 18pt;\">Situaci\u00f3n Espa\u00f1ola (Vertido)<\/span><\/h5>\n<\/div>\n<p><img loading=\"lazy\" decoding=\"async\" class=\"aligncenter wp-image-2314110\" src=\"https:\/\/puntocritico.com\/ausajpuntocritico\/wp-content\/uploads\/2025\/11\/Propaganda-y-basuras-300x200.jpg\" alt=\"\" width=\"440\" height=\"293\" srcset=\"https:\/\/puntocritico.com\/ausajpuntocritico\/wp-content\/uploads\/2025\/11\/Propaganda-y-basuras-300x200.jpg 300w, https:\/\/puntocritico.com\/ausajpuntocritico\/wp-content\/uploads\/2025\/11\/Propaganda-y-basuras.jpg 720w\" sizes=\"auto, (max-width: 440px) 100vw, 440px\" \/><\/p>\n<p>&nbsp;<\/p>\n<div id=\"model-response-message-contentr_c32dd4aa30b583e9\" class=\"markdown markdown-main-panel stronger enable-updated-hr-color\" dir=\"ltr\" aria-live=\"polite\" aria-busy=\"false\">\n<p style=\"text-align: justify;\"><span dir=\"auto\" style=\"font-size: 14pt;\">En Espa\u00f1a eliminamos durante el a\u00f1o 1.992, seg\u00fan datos del MOPU, 7.053.818 Toneladas de RSU mediante el sistema de vertido controlado, en 103 centros, lo que representa un 51&#8217;01% sobre el total de los RSU.<\/span><\/p>\n<p style=\"text-align: justify;\"><span dir=\"auto\" style=\"font-size: 14pt;\">Hay que destacar que las estimaciones son de otras 4.656.914 de Toneladas que fueron depositadas en vertederos incontrolados (<em>un 33&#8217;68% del total de RSU producidos durante 1.992<\/em>).<\/span><\/p>\n<p>&nbsp;<\/p>\n<p style=\"text-align: center;\"><strong><span dir=\"auto\" style=\"font-size: 18pt;\">Tabla: Vertederos Controlados seg\u00fan su Capacidad de Tratamiento<\/span><\/strong><\/p>\n<table style=\"width: 92.6854%; height: 296px;\">\n<thead>\n<tr>\n<td><span style=\"font-size: 14pt;\"><strong>Capacidad de tratamiento<\/strong><\/span><\/td>\n<td><span style=\"font-size: 14pt;\"><strong>N.\u00b0 de verteros<\/strong><\/span><\/td>\n<td><span style=\"font-size: 14pt;\"><strong>(%)<\/strong><\/span><\/td>\n<td><span style=\"font-size: 14pt;\"><strong>N. de municipios atendidos<\/strong><\/span><\/td>\n<td><span style=\"font-size: 14pt;\"><strong>Poblaci\u00f3n potencialmente atendida<\/strong><\/span><\/td>\n<\/tr>\n<\/thead>\n<tbody>\n<tr>\n<td><span dir=\"auto\" style=\"font-size: 14pt;\">Menos de 20 t\/dia<\/span><\/td>\n<td><span dir=\"auto\" style=\"font-size: 14pt;\">32<\/span><\/td>\n<td><span dir=\"auto\" style=\"font-size: 14pt;\">26.45<\/span><\/td>\n<td><span dir=\"auto\" style=\"font-size: 14pt;\">167<\/span><\/td>\n<td><span dir=\"auto\" style=\"font-size: 14pt;\">362.000<\/span><\/td>\n<\/tr>\n<tr>\n<td><span dir=\"auto\" style=\"font-size: 14pt;\">De 20 a 50 t\/d\u00eda<\/span><\/td>\n<td><span dir=\"auto\" style=\"font-size: 14pt;\">29<\/span><\/td>\n<td><span dir=\"auto\" style=\"font-size: 14pt;\">23,97<\/span><\/td>\n<td><span dir=\"auto\" style=\"font-size: 14pt;\">198<\/span><\/td>\n<td><span dir=\"auto\" style=\"font-size: 14pt;\">1.254.000<\/span><\/td>\n<\/tr>\n<tr>\n<td><span dir=\"auto\" style=\"font-size: 14pt;\">De 51 a 100 t\/d\u00eda<\/span><\/td>\n<td><span dir=\"auto\" style=\"font-size: 14pt;\">23<\/span><\/td>\n<td><span dir=\"auto\" style=\"font-size: 14pt;\">19,01<\/span><\/td>\n<td><span dir=\"auto\" style=\"font-size: 14pt;\">166<\/span><\/td>\n<td><span dir=\"auto\" style=\"font-size: 14pt;\">1.935.000<\/span><\/td>\n<\/tr>\n<tr>\n<td><span dir=\"auto\" style=\"font-size: 14pt;\">De 101 a 150 t\/dia<\/span><\/td>\n<td><span dir=\"auto\" style=\"font-size: 14pt;\">9<\/span><\/td>\n<td><span dir=\"auto\" style=\"font-size: 14pt;\">7,44<\/span><\/td>\n<td><span dir=\"auto\" style=\"font-size: 14pt;\">111<\/span><\/td>\n<td><span dir=\"auto\" style=\"font-size: 14pt;\">1.324.000<\/span><\/td>\n<\/tr>\n<tr>\n<td><span dir=\"auto\" style=\"font-size: 14pt;\">De 151 a 250 t\/d\u00eda<\/span><\/td>\n<td><span dir=\"auto\" style=\"font-size: 14pt;\">11<\/span><\/td>\n<td><span dir=\"auto\" style=\"font-size: 14pt;\">9,09<\/span><\/td>\n<td><span dir=\"auto\" style=\"font-size: 14pt;\">185<\/span><\/td>\n<td><span dir=\"auto\" style=\"font-size: 14pt;\">2.756.000<\/span><\/td>\n<\/tr>\n<tr>\n<td><span dir=\"auto\" style=\"font-size: 14pt;\">De 251 a 500 t\/dia<\/span><\/td>\n<td><span dir=\"auto\" style=\"font-size: 14pt;\">8<\/span><\/td>\n<td><span dir=\"auto\" style=\"font-size: 14pt;\">6,61<\/span><\/td>\n<td><span dir=\"auto\" style=\"font-size: 14pt;\">85<\/span><\/td>\n<td><span dir=\"auto\" style=\"font-size: 14pt;\">3.624.000<\/span><\/td>\n<\/tr>\n<tr>\n<td><span dir=\"auto\" style=\"font-size: 14pt;\">M\u00e1s de 501 t\/d\u00eda<\/span><\/td>\n<td><span dir=\"auto\" style=\"font-size: 14pt;\">9<\/span><\/td>\n<td><span dir=\"auto\" style=\"font-size: 14pt;\">7,44<\/span><\/td>\n<td><span dir=\"auto\" style=\"font-size: 14pt;\">233<\/span><\/td>\n<td><span dir=\"auto\" style=\"font-size: 14pt;\">10.763.000<\/span><\/td>\n<\/tr>\n<tr>\n<td><span style=\"font-size: 14pt;\"><b><span dir=\"auto\">TOTALES<\/span><\/b><\/span><\/td>\n<td><span style=\"font-size: 14pt;\"><b><span dir=\"auto\">121<\/span><\/b><\/span><\/td>\n<td><span style=\"font-size: 14pt;\"><b><span dir=\"auto\">100,00<\/span><\/b><\/span><\/td>\n<td><span style=\"font-size: 14pt;\"><b><span dir=\"auto\">1.145<\/span><\/b><\/span><\/td>\n<td><span style=\"font-size: 14pt;\"><b><span dir=\"auto\">22.018.000<\/span><\/b><\/span><\/td>\n<\/tr>\n<\/tbody>\n<\/table>\n<\/div>\n<p>&nbsp;<\/p>\n<figure id=\"attachment_2314086\" aria-describedby=\"caption-attachment-2314086\" style=\"width: 480px\" class=\"wp-caption aligncenter\"><img loading=\"lazy\" decoding=\"async\" class=\"wp-image-2314086\" src=\"https:\/\/puntocritico.com\/ausajpuntocritico\/wp-content\/uploads\/2025\/11\/Imagen-satelite-del-vertedero-de-Valdemingomez-con-su-nube-de-metano-ESA-300x169.jpg\" alt=\"\" width=\"480\" height=\"270\" srcset=\"https:\/\/puntocritico.com\/ausajpuntocritico\/wp-content\/uploads\/2025\/11\/Imagen-satelite-del-vertedero-de-Valdemingomez-con-su-nube-de-metano-ESA-300x169.jpg 300w, https:\/\/puntocritico.com\/ausajpuntocritico\/wp-content\/uploads\/2025\/11\/Imagen-satelite-del-vertedero-de-Valdemingomez-con-su-nube-de-metano-ESA-768x432.jpg 768w, https:\/\/puntocritico.com\/ausajpuntocritico\/wp-content\/uploads\/2025\/11\/Imagen-satelite-del-vertedero-de-Valdemingomez-con-su-nube-de-metano-ESA-678x381.jpg 678w, https:\/\/puntocritico.com\/ausajpuntocritico\/wp-content\/uploads\/2025\/11\/Imagen-satelite-del-vertedero-de-Valdemingomez-con-su-nube-de-metano-ESA.jpg 996w\" sizes=\"auto, (max-width: 480px) 100vw, 480px\" \/><figcaption id=\"caption-attachment-2314086\" class=\"wp-caption-text\"><span style=\"color: #008000;\">Imagen sat\u00e9lite del vertedero de Valdeming\u00f3mez, con su nube de metano (ESA)<\/span><\/figcaption><\/figure>\n<p style=\"text-align: center;\"><span style=\"font-size: 18pt;\"><strong><span style=\"color: #008000;\">*******<\/span><\/strong><\/span><\/p>\n<h4 style=\"text-align: center;\"><span style=\"font-size: 24pt;\"><strong>\u00a0<\/strong>INCINERACI\u00d3N<\/span><\/h4>\n<p><a href=\"https:\/\/puntocritico.com\/ausajpuntocritico\/punto-critico-1a-etapa-1995-2001\/\" target=\"_blank\" rel=\"noopener\" data-schema-attribute=\"\"><img loading=\"lazy\" decoding=\"async\" class=\"aligncenter wp-image-2314078\" src=\"https:\/\/puntocritico.com\/ausajpuntocritico\/wp-content\/uploads\/2025\/11\/Portada-Punto-Critico-Directiva-IPPC-num-8-1997-215x300.jpg\" alt=\"\" width=\"330\" height=\"461\" srcset=\"https:\/\/puntocritico.com\/ausajpuntocritico\/wp-content\/uploads\/2025\/11\/Portada-Punto-Critico-Directiva-IPPC-num-8-1997-215x300.jpg 215w, https:\/\/puntocritico.com\/ausajpuntocritico\/wp-content\/uploads\/2025\/11\/Portada-Punto-Critico-Directiva-IPPC-num-8-1997.jpg 352w\" sizes=\"auto, (max-width: 330px) 100vw, 330px\" \/><\/a><\/p>\n<p>&nbsp;<\/p>\n<blockquote>\n<p style=\"text-align: center;\"><strong><span style=\"color: #008000; font-size: 14pt;\">Pueden completar esta informaci\u00f3n con las publicaciones sobre Calidad del aire o sobre Control Integrado de la Contaminaci\u00f3n, en \u00abPunto Cr\u00edtico, Derecho de Medio Ambiente\u00bb <a style=\"color: #008000;\" href=\"https:\/\/puntocritico.com\/ausajpuntocritico\/punto-critico-1a-etapa-1995-2001\/\" target=\"_blank\" rel=\"noopener\" data-schema-attribute=\"\">Revista Punto Cr\u00edtico Primera etapa (1995-2001)<\/a>, en diversos n\u00fameros, entre ellos, y especialmente, los n\u00fameros 8 (1997) y 16 (1999)<\/span><\/strong><\/p>\n<\/blockquote>\n<p>&nbsp;<\/p>\n<p><a href=\"https:\/\/puntocritico.com\/ausajpuntocritico\/punto-critico-1a-etapa-1995-2001\/\" target=\"_blank\" rel=\"noopener\" data-schema-attribute=\"\"><img loading=\"lazy\" decoding=\"async\" class=\"aligncenter wp-image-2314079\" src=\"https:\/\/puntocritico.com\/ausajpuntocritico\/wp-content\/uploads\/2025\/11\/Portada-Punto-Critico-IPPC-num-16-1999.jpg\" alt=\"\" width=\"330\" height=\"463\" srcset=\"https:\/\/puntocritico.com\/ausajpuntocritico\/wp-content\/uploads\/2025\/11\/Portada-Punto-Critico-IPPC-num-16-1999.jpg 351w, https:\/\/puntocritico.com\/ausajpuntocritico\/wp-content\/uploads\/2025\/11\/Portada-Punto-Critico-IPPC-num-16-1999-214x300.jpg 214w\" sizes=\"auto, (max-width: 330px) 100vw, 330px\" \/><\/a><\/p>\n<p>&nbsp;<\/p>\n<h5 style=\"text-align: center;\"><span style=\"font-size: 18pt;\">INCINERACI\u00d3N<\/span><\/h5>\n<figure id=\"attachment_2314113\" aria-describedby=\"caption-attachment-2314113\" style=\"width: 480px\" class=\"wp-caption aligncenter\"><img loading=\"lazy\" decoding=\"async\" class=\"wp-image-2314113\" src=\"https:\/\/puntocritico.com\/ausajpuntocritico\/wp-content\/uploads\/2025\/11\/central-rsu-Esquema-de-funcionamiento-de-una-Central-de-Residuos-Solidos-Urbanos.webp\" alt=\"\" width=\"480\" height=\"269\" \/><figcaption id=\"caption-attachment-2314113\" class=\"wp-caption-text\"><span style=\"color: #008000;\">Esquema de funcionamiento de una Central de Residuos S\u00f3lidos Urbanos<\/span><\/figcaption><\/figure>\n<p>&nbsp;<\/p>\n<p style=\"text-align: justify;\"><b style=\"font-size: 14pt; text-align: justify;\"><span dir=\"auto\">Plantas incineradoras:<\/span><\/b><span dir=\"auto\" style=\"font-size: 14pt; text-align: justify;\"> Son unidades de tratamiento que basan su operatividad en funci\u00f3n del poder calor\u00edfico de los RSU. Pueden ser a su vez centros de transformaci\u00f3n si a partir del calor generado por la combusti\u00f3n de las basuras que tratan de recuperarlo, bien a trav\u00e9s del empleo del calor-vapor, o bien mediante la obtenci\u00f3n de energ\u00eda el\u00e9ctrica a partir de ese vapor.<\/span><\/p>\n<div id=\"model-response-message-contentr_c32dd4aa30b583e9\" class=\"markdown markdown-main-panel stronger enable-updated-hr-color\" dir=\"ltr\" aria-live=\"polite\" aria-busy=\"false\">\n<p style=\"text-align: justify;\"><span dir=\"auto\" style=\"font-size: 14pt;\"><strong>Podemos clasificarlas en<\/strong>:<\/span><\/p>\n<blockquote>\n<p style=\"text-align: justify;\"><strong><span dir=\"auto\" style=\"font-size: 14pt; color: #008000;\">Sin recuperaci\u00f3n de calor.<\/span><\/strong><\/p>\n<p style=\"text-align: justify;\"><strong><span dir=\"auto\" style=\"font-size: 14pt; color: #008000;\">Con recuperaci\u00f3n de calor, y estas a su vez, seg\u00fan la recuperaci\u00f3n sea de VAPOR, ENERGIA ELECTRICA o COGENERACION (<em>vapor y energ\u00eda el\u00e9ctrica<\/em>).<\/span><\/strong><\/p>\n<\/blockquote>\n<\/div>\n<p style=\"text-align: justify;\">\u00a0<\/p>\n<figure id=\"attachment_2314080\" aria-describedby=\"caption-attachment-2314080\" style=\"width: 400px\" class=\"wp-caption aligncenter\"><img loading=\"lazy\" decoding=\"async\" class=\"wp-image-2314080\" src=\"https:\/\/puntocritico.com\/ausajpuntocritico\/wp-content\/uploads\/2025\/11\/Incineradora-de-Valdemingomez-Madrid-300x225.jpg\" alt=\"\" width=\"400\" height=\"300\" srcset=\"https:\/\/puntocritico.com\/ausajpuntocritico\/wp-content\/uploads\/2025\/11\/Incineradora-de-Valdemingomez-Madrid-300x225.jpg 300w, https:\/\/puntocritico.com\/ausajpuntocritico\/wp-content\/uploads\/2025\/11\/Incineradora-de-Valdemingomez-Madrid-768x576.jpg 768w, https:\/\/puntocritico.com\/ausajpuntocritico\/wp-content\/uploads\/2025\/11\/Incineradora-de-Valdemingomez-Madrid-678x509.jpg 678w, https:\/\/puntocritico.com\/ausajpuntocritico\/wp-content\/uploads\/2025\/11\/Incineradora-de-Valdemingomez-Madrid-326x245.jpg 326w, https:\/\/puntocritico.com\/ausajpuntocritico\/wp-content\/uploads\/2025\/11\/Incineradora-de-Valdemingomez-Madrid-80x60.jpg 80w, https:\/\/puntocritico.com\/ausajpuntocritico\/wp-content\/uploads\/2025\/11\/Incineradora-de-Valdemingomez-Madrid.jpg 996w\" sizes=\"auto, (max-width: 400px) 100vw, 400px\" \/><figcaption id=\"caption-attachment-2314080\" class=\"wp-caption-text\"><span style=\"color: #008000;\">Incineradora de Valdeming\u00f3mez (Madrid)<\/span><\/figcaption><\/figure>\n<p style=\"text-align: center;\"><strong><span style=\"color: #008000; font-size: 18pt;\">***<\/span><\/strong><\/p>\n<div id=\"model-response-message-contentr_c32dd4aa30b583e9\" class=\"markdown markdown-main-panel stronger enable-updated-hr-color\" dir=\"ltr\" aria-live=\"polite\" aria-busy=\"false\">\n<h6 style=\"text-align: justify;\"><span dir=\"auto\" style=\"font-size: 14pt;\">La incineraci\u00f3n simple sin recuperaci\u00f3n de energ\u00eda.<\/span><\/h6>\n<p style=\"text-align: justify;\"><span dir=\"auto\" style=\"font-size: 14pt;\">Es el primer procedimiento que se emple\u00f3 y se plante\u00f3 como un m\u00e9todo de eliminaci\u00f3n de las basuras, por lo menos en la mayor parte del volumen. <strong>Un resto<\/strong> (<em>cenizas, escoria y materiales inertes<\/em>) <strong>siempre queda, por lo que se necesita un vertedero para depositarlos<\/strong>.<\/span><\/p>\n<p style=\"text-align: justify;\"><span dir=\"auto\" style=\"font-size: 14pt;\">Los RSU son sustancias de <strong>combusti\u00f3n dif\u00edcil<\/strong>; el contenido de PVC causa emisi\u00f3n de <strong>dioxinas y furanos altamente t\u00f3xicos<\/strong>.<\/span><\/p>\n<p style=\"text-align: justify;\"><span dir=\"auto\" style=\"font-size: 14pt;\">Los <strong>factores que determinan o condicionan la adopci\u00f3n del sistema de incineraci\u00f3n<\/strong> suelen ser:<\/span><\/p>\n<blockquote>\n<p style=\"text-align: justify;\"><span style=\"color: #008000;\"><strong><span dir=\"auto\" style=\"font-size: 14pt;\">volumen de residuos a incinerar.<\/span><\/strong><\/span><\/p>\n<p style=\"text-align: justify;\"><span style=\"color: #008000;\"><strong><span dir=\"auto\" style=\"font-size: 14pt;\">poder calor\u00edfico inferior de las basuras.<\/span><\/strong><\/span><\/p>\n<p style=\"text-align: justify;\"><span style=\"color: #008000;\"><strong><span dir=\"auto\" style=\"font-size: 14pt;\">gastos de inversi\u00f3n.<\/span><\/strong><\/span><\/p>\n<p style=\"text-align: justify;\"><span style=\"color: #008000;\"><strong><span dir=\"auto\" style=\"font-size: 14pt;\">gastos de ag.<\/span><\/strong><\/span><\/p>\n<\/blockquote>\n<p>&nbsp;<\/p>\n<p style=\"text-align: justify;\"><span dir=\"auto\" style=\"font-size: 14pt;\"><strong>El poder calor\u00edfico de las basuras<\/strong> es muy variable, pero no suele ser dif\u00edcil conseguir unos desperdicios que tengan un <strong>poder calor\u00edfico inferior (PCI)<\/strong> de unas 1000 Kcal\/Kgrs, que es el valor l\u00edmite inferior para adoptar un sistema de incineraci\u00f3n. <\/span><\/p>\n<p style=\"text-align: justify;\"><span dir=\"auto\" style=\"font-size: 14pt;\">En los incineradores peque\u00f1os hay que incorporar una parte de <strong>combustible adicional<\/strong> (<em>fuel-oil o propano<\/em>).<\/span><\/p>\n<p style=\"text-align: justify;\"><span dir=\"auto\" style=\"font-size: 14pt;\"><strong>En una instalaci\u00f3n o planta de incineraci\u00f3n hay que distinguir tres fases<\/strong>:<\/span><\/p>\n<blockquote>\n<p style=\"text-align: justify;\"><span style=\"color: #008000;\"><strong><span dir=\"auto\" style=\"font-size: 14pt;\">Recepci\u00f3n de los residuos, preparaci\u00f3n y carga.<\/span><\/strong><\/span><\/p>\n<p style=\"text-align: justify;\"><span style=\"color: #008000;\"><strong><span dir=\"auto\" style=\"font-size: 14pt;\">Combusti\u00f3n y extracci\u00f3n de escorias.<\/span><\/strong><\/span><\/p>\n<p style=\"text-align: justify;\"><span style=\"color: #008000;\"><strong><span dir=\"auto\" style=\"font-size: 14pt;\">Depuraci\u00f3n de los gases de combusti\u00f3n y emisi\u00f3n o vertido de los mismos (<em>los contaminantes m\u00e1s significativos son las part\u00edculas s\u00f3lidas sedimentables y en suspensi\u00f3n<\/em>).<\/span><\/strong><\/span><\/p>\n<\/blockquote>\n<\/div>\n<p style=\"text-align: justify;\">\u00a0<\/p>\n<p><img loading=\"lazy\" decoding=\"async\" class=\"aligncenter wp-image-2314116\" src=\"https:\/\/puntocritico.com\/ausajpuntocritico\/wp-content\/uploads\/2025\/11\/Incineradora-de-RSU-22-300x217.jpg\" alt=\"\" width=\"400\" height=\"289\" srcset=\"https:\/\/puntocritico.com\/ausajpuntocritico\/wp-content\/uploads\/2025\/11\/Incineradora-de-RSU-22-300x217.jpg 300w, https:\/\/puntocritico.com\/ausajpuntocritico\/wp-content\/uploads\/2025\/11\/Incineradora-de-RSU-22.jpg 490w\" sizes=\"auto, (max-width: 400px) 100vw, 400px\" \/><\/p>\n<p>&nbsp;<\/p>\n<div id=\"model-response-message-contentr_c32dd4aa30b583e9\" class=\"markdown markdown-main-panel stronger enable-updated-hr-color\" dir=\"ltr\" aria-live=\"polite\" aria-busy=\"false\">\n<h6 style=\"text-align: justify;\"><span dir=\"auto\" style=\"font-size: 14pt;\">La incineraci\u00f3n con recuperaci\u00f3n de energ\u00eda.<\/span><\/h6>\n<p style=\"text-align: justify;\"><span dir=\"auto\" style=\"font-size: 14pt;\">Aprovecha el potencial que poseen las basuras como fuente de energ\u00eda a pesar del inconveniente que supone el bajo poder calor\u00edfico que oscila alrededor de 1000 Kcal\/Kgrs. <\/span><\/p>\n<p style=\"text-align: justify;\"><span dir=\"auto\" style=\"font-size: 14pt;\">Los <strong>procedimientos que se suelen emplear<\/strong> para este fin son:<\/span><\/p>\n<blockquote>\n<p style=\"text-align: justify;\"><strong><span style=\"font-size: 14pt; color: #008000;\"><span style=\"text-decoration: underline;\"><span dir=\"auto\">Incineradoras de basuras<\/span><\/span><span dir=\"auto\">, cuyo calor es aprovechado para calentar agua (<em>para agua caliente o calefacci\u00f3n<\/em>), para producir vapor de agua (<em>de baja presi\u00f3n o de alta presi\u00f3n para generar energ\u00eda el\u00e9ctrica<\/em>), o m\u00e9todo de cogeneraci\u00f3n.<\/span><\/span><\/strong><\/p>\n<p style=\"text-align: justify;\"><strong><span style=\"font-size: 14pt; color: #008000;\"><span style=\"text-decoration: underline;\"><span dir=\"auto\">Incorporaci\u00f3n de desperdicios<\/span><\/span><span dir=\"auto\">, acondicionadores, en calderas como combustible complementario (<em>caso de las briquetas<\/em>).<\/span><\/span><\/strong><\/p>\n<p style=\"text-align: justify;\"><strong><span style=\"font-size: 14pt; color: #008000;\"><span style=\"text-decoration: underline;\"><span dir=\"auto\">Empleo de turbinas de gas<\/span><\/span><span dir=\"auto\"><span style=\"text-decoration: underline;\"> movidas por gases de combusti\u00f3n<\/span> de la incineraci\u00f3n de los RSU.<\/span><\/span><\/strong><\/p>\n<p style=\"text-align: justify;\"><strong><span style=\"font-size: 14pt; color: #008000;\"><span style=\"text-decoration: underline;\"><span dir=\"auto\">Obtenci\u00f3n de combustible por pir\u00f3lisis<\/span><\/span><span dir=\"auto\"> (<em>destilaci\u00f3n destructiva: al calentarlo a 500 &#8211; 1.000 grados, se reduce el peso en un 90%, y se producen fluidos vol\u00e1tiles, combustibles y carbonos<\/em>).<\/span><\/span><\/strong><\/p>\n<p style=\"text-align: justify;\"><span style=\"text-decoration: underline;\"><strong><span style=\"font-size: 14pt; color: #008000; text-decoration: underline;\"><span dir=\"auto\">Hidrogeneraci\u00f3n<\/span><\/span><\/strong><\/span><strong><span style=\"font-size: 14pt; color: #008000;\"><span dir=\"auto\">.<\/span><\/span><\/strong><\/p>\n<p style=\"text-align: justify;\"><strong><span style=\"font-size: 14pt; color: #008000;\"><span style=\"text-decoration: underline;\"><span dir=\"auto\">Obtenci\u00f3n de metano<\/span><\/span><span dir=\"auto\"><span style=\"text-decoration: underline;\"> por v\u00eda anaerobia<\/span>.<\/span><\/span><\/strong><\/p>\n<\/blockquote>\n<\/div>\n<p>&nbsp;<\/p>\n<figure id=\"attachment_2314117\" aria-describedby=\"caption-attachment-2314117\" style=\"width: 360px\" class=\"wp-caption aligncenter\"><a href=\"https:\/\/www.miteco.gob.es\/es\/calidad-y-evaluacion-ambiental\/temas\/emisiones-a-la-atmosfera\/emisiones-actividades-emisoras\/incineracion_coincineracion.html\" target=\"_blank\" rel=\"noopener\" data-schema-attribute=\"\"><img loading=\"lazy\" decoding=\"async\" class=\"wp-image-2314117\" src=\"https:\/\/puntocritico.com\/ausajpuntocritico\/wp-content\/uploads\/2025\/11\/Incineracion-y-coincineracion.jpeg\" alt=\"\" width=\"360\" height=\"274\" srcset=\"https:\/\/puntocritico.com\/ausajpuntocritico\/wp-content\/uploads\/2025\/11\/Incineracion-y-coincineracion.jpeg 239w, https:\/\/puntocritico.com\/ausajpuntocritico\/wp-content\/uploads\/2025\/11\/Incineracion-y-coincineracion-80x60.jpeg 80w\" sizes=\"auto, (max-width: 360px) 100vw, 360px\" \/><\/a><figcaption id=\"caption-attachment-2314117\" class=\"wp-caption-text\"><span style=\"color: #008000;\">Incineraci\u00f3n y coincineraci\u00f3n <\/span><\/figcaption><\/figure>\n<div id=\"model-response-message-contentr_c32dd4aa30b583e9\" class=\"markdown markdown-main-panel stronger enable-updated-hr-color\" dir=\"ltr\" aria-live=\"polite\" aria-busy=\"false\">\n<p>&nbsp;<\/p>\n<h6 style=\"text-align: justify;\"><span dir=\"auto\" style=\"font-size: 14pt;\">Esquema y Proceso de la Incineraci\u00f3n<\/span><\/h6>\n<p style=\"text-align: justify;\"><span dir=\"auto\" style=\"font-size: 14pt;\">El sistema de incineraci\u00f3n tiene un elevado coste de instalaci\u00f3n y de explotaci\u00f3n. <strong>El proceso de duraci\u00f3n es variable, y comprende las siguientes fases<\/strong>:<\/span><\/p>\n<blockquote>\n<p><strong><span dir=\"auto\" style=\"font-size: 14pt; color: #008000;\">Secado de las basuras (<em>en el mismo horno<\/em>).<\/span><\/strong><\/p>\n<p><strong><span dir=\"auto\" style=\"font-size: 14pt; color: #008000;\">Inflamaci\u00f3n.<\/span><\/strong><\/p>\n<p><strong><span dir=\"auto\" style=\"font-size: 14pt; color: #008000;\">Combusti\u00f3n.<\/span><\/strong><\/p>\n<p><strong><span dir=\"auto\" style=\"font-size: 14pt; color: #008000;\">Extinci\u00f3n.<\/span><\/strong><\/p>\n<\/blockquote>\n<p>&nbsp;<\/p>\n<p style=\"text-align: justify;\"><span dir=\"auto\" style=\"font-size: 14pt;\">El <strong>esquema de una planta de incineraci\u00f3n <\/strong>es el siguiente:<\/span><\/p>\n<blockquote>\n<p style=\"text-align: justify;\"><span style=\"color: #008000;\"><strong><span style=\"font-size: 14pt;\"><span style=\"text-decoration: underline;\"><span dir=\"auto\">Introducci\u00f3n de las basuras<\/span><\/span><span dir=\"auto\"><span style=\"text-decoration: underline;\">,<\/span> depositadas en una fosa de recepci\u00f3n.<\/span><\/span><\/strong><\/span><\/p>\n<p style=\"text-align: justify;\"><span style=\"color: #008000;\"><strong><span style=\"font-size: 14pt;\"><span style=\"text-decoration: underline;\"><span dir=\"auto\">Combusti\u00f3n de las basuras<\/span><\/span><span dir=\"auto\">. Se efect\u00faa en el horno y sobre la parrilla.<\/span><\/span><\/strong><\/span><\/p>\n<p style=\"text-align: justify;\"><span style=\"color: #008000;\"><strong><span style=\"font-size: 14pt;\"><span style=\"text-decoration: underline;\"><span dir=\"auto\">Extracci\u00f3n de cenizas<\/span><\/span><span dir=\"auto\">. Al final de la combusti\u00f3n las cenizas, en ignici\u00f3n, son extra\u00eddas e introducidas en un dispositivo con sif\u00f3n de agua con lo que quedan apagadas.<\/span><\/span><\/strong><\/span><\/p>\n<p style=\"text-align: justify;\"><span style=\"color: #008000;\"><strong><span style=\"font-size: 14pt;\"><span style=\"text-decoration: underline;\"><span dir=\"auto\">Vertedero o fosa de cenizas<\/span><\/span><span dir=\"auto\">. En algunas regiones se venden las cenizas (<em>quitando la chatarra<\/em>) para ser utilizadas como primera capa en la construcci\u00f3n de carreteras. En otro caso se depositan en fosas adecuadas. El peso de las cenizas es aproximadamente el 30% del tonelaje de basuras.<\/span><\/span><\/strong><\/span><\/p>\n<p style=\"text-align: justify;\"><span style=\"color: #008000;\"><strong><span style=\"font-size: 14pt;\"><span style=\"text-decoration: underline;\"><span dir=\"auto\">Evacuaci\u00f3n del polvo<\/span><\/span><span dir=\"auto\">, recogido en la caldera y en los dispositivos de limpieza de los humos, se efect\u00faa en fosa especial o en la de cenizas.<\/span><\/span><\/strong><\/span><\/p>\n<\/blockquote>\n<p>&nbsp;<\/p>\n<p style=\"text-align: justify;\"><span dir=\"auto\" style=\"font-size: 14pt;\">En las f\u00e1bricas con recuperaci\u00f3n de calor, los humos pasan por las tuber\u00edas del cambiador de calor, produciendo vapor para la calefacci\u00f3n urbana y utilizaci\u00f3n industrial o bien para la producci\u00f3n de electricidad.<\/span><\/p>\n<p style=\"text-align: justify;\"><span dir=\"auto\" style=\"font-size: 14pt;\"><strong>Este tipo de instalaciones implica una inversi\u00f3n muy elevada, sin posible amortizaci\u00f3n y gastos de mantenimiento cuantiosos<\/strong>. La planta deber\u00e1 pararse un mes al a\u00f1o para su revisi\u00f3n, por lo que no se puede garantizar un suministro energ\u00e9tico regular. Si la planta es de un solo horno, est\u00e1 igualmente sujeta a posibles aver\u00edas que la paralicen.<\/span><\/p>\n<\/div>\n<p style=\"text-align: justify;\">\u00a0<\/p>\n<p style=\"text-align: justify;\"><span style=\"font-size: 14pt;\"><img loading=\"lazy\" decoding=\"async\" class=\"aligncenter wp-image-2314081 size-full\" src=\"https:\/\/puntocritico.com\/ausajpuntocritico\/wp-content\/uploads\/2025\/11\/Plantas-incineradoras-valencia-1.jpg\" alt=\"\" width=\"464\" height=\"307\" srcset=\"https:\/\/puntocritico.com\/ausajpuntocritico\/wp-content\/uploads\/2025\/11\/Plantas-incineradoras-valencia-1.jpg 464w, https:\/\/puntocritico.com\/ausajpuntocritico\/wp-content\/uploads\/2025\/11\/Plantas-incineradoras-valencia-1-300x198.jpg 300w\" sizes=\"auto, (max-width: 464px) 100vw, 464px\" \/><\/span><\/p>\n<p style=\"text-align: justify;\">\u00a0<\/p>\n<div id=\"model-response-message-contentr_c32dd4aa30b583e9\" class=\"markdown markdown-main-panel stronger enable-updated-hr-color\" dir=\"ltr\" style=\"text-align: justify;\" aria-live=\"polite\" aria-busy=\"false\">\n<p><span dir=\"auto\" style=\"font-size: 14pt;\"><strong>La incineraci\u00f3n es un proceso de combusti\u00f3n controlada que transforma la fracci\u00f3n org\u00e1nica de los residuos s\u00f3lidos urbanos en materiales inertes (<em>cenizas<\/em>) y gases<\/strong>. No es un sistema de eliminaci\u00f3n total, pues genera cenizas, escorias y gases, pero determina una importante reducci\u00f3n de peso y volumen.<\/span><\/p>\n<p><span dir=\"auto\" style=\"font-size: 14pt;\">La reducci\u00f3n de peso es aproximadamente del 70% y el volumen del 80 al 90%. Sin embargo <strong>los remanentes contienen la fracci\u00f3n m\u00e1s t\u00f3xica de los RSU, que ha de ser llevada a un vertedero, con un riesgo mucho mayor de solubilidad y lixiviaci\u00f3n<\/strong>.<\/span><\/p>\n<p><span dir=\"auto\" style=\"font-size: 14pt;\"><strong>Toda planta incineradora de residuos urbanos debe estar proyectada para realizar las siguientes operaciones<\/strong>:<\/span><\/p>\n<blockquote>\n<p style=\"text-align: center;\"><strong><span dir=\"auto\" style=\"font-size: 14pt; color: #008000;\">Recepci\u00f3n, pesaje y almacenamiento.<\/span><\/strong><\/p>\n<p style=\"text-align: center;\"><strong><span dir=\"auto\" style=\"font-size: 14pt; color: #008000;\">Alimentaci\u00f3n y dosificaci\u00f3n de hornos.<\/span><\/strong><\/p>\n<p style=\"text-align: center;\"><strong><span dir=\"auto\" style=\"font-size: 14pt; color: #008000;\">Extracci\u00f3n de cenizas y escorias.<\/span><\/strong><\/p>\n<p style=\"text-align: center;\"><strong><span dir=\"auto\" style=\"font-size: 14pt; color: #008000;\">Refrigeraci\u00f3n de gases.<\/span><\/strong><\/p>\n<p style=\"text-align: center;\"><strong><span dir=\"auto\" style=\"font-size: 14pt; color: #008000;\">Tratamiento de los gases de combusti\u00f3n.<\/span><\/strong><\/p>\n<p style=\"text-align: center;\"><strong><span dir=\"auto\" style=\"font-size: 14pt; color: #008000;\">Transporte de escorias.<\/span><\/strong><\/p>\n<\/blockquote>\n<p style=\"text-align: center;\">\u00a0<\/p>\n<p><span dir=\"auto\" style=\"font-size: 14pt;\">Las <strong>distintas partes del incinerador<\/strong> deben cumplir <strong>requisitos m\u00ednimos<\/strong> para poder transformar los residuos en cenizas o escorias pr\u00e1cticamente inertes; para conseguir que los gases de combusti\u00f3n contengan la m\u00ednima cantidad de polvo; y para que el agua utilizada en el proceso no represente un peligro de contaminaci\u00f3n.<\/span><\/p>\n<\/div>\n<p>&nbsp;<\/p>\n<p><img loading=\"lazy\" decoding=\"async\" class=\"aligncenter wp-image-2314115 size-full\" src=\"https:\/\/puntocritico.com\/ausajpuntocritico\/wp-content\/uploads\/2025\/11\/residuos-1-quemar.jpg\" alt=\"\" width=\"1024\" height=\"342\" srcset=\"https:\/\/puntocritico.com\/ausajpuntocritico\/wp-content\/uploads\/2025\/11\/residuos-1-quemar.jpg 1024w, https:\/\/puntocritico.com\/ausajpuntocritico\/wp-content\/uploads\/2025\/11\/residuos-1-quemar-300x100.jpg 300w, https:\/\/puntocritico.com\/ausajpuntocritico\/wp-content\/uploads\/2025\/11\/residuos-1-quemar-768x257.jpg 768w\" sizes=\"auto, (max-width: 1024px) 100vw, 1024px\" \/><\/p>\n<div id=\"model-response-message-contentr_c32dd4aa30b583e9\" class=\"markdown markdown-main-panel stronger enable-updated-hr-color\" dir=\"ltr\" style=\"text-align: justify;\" aria-live=\"polite\" aria-busy=\"false\">\n<p>&nbsp;<\/p>\n<h6><span dir=\"auto\" style=\"font-size: 14pt;\">Ventajas de la Incineraci\u00f3n<\/span><\/h6>\n<ul>\n<li>\n<p><span dir=\"auto\" style=\"font-size: 14pt;\">Escasa utilizaci\u00f3n de terrenos.<\/span><\/p>\n<\/li>\n<li>\n<p><span dir=\"auto\" style=\"font-size: 14pt;\">Posibilidad de implantaci\u00f3n cerca del n\u00facleo urbano. (<em>Aunque quiz\u00e1s sea en realidad un serio inconveniente, a causa de las emanaciones t\u00f3xicas<\/em>).<\/span><\/p>\n<\/li>\n<li>\n<p><span dir=\"auto\" style=\"font-size: 14pt;\">Puede tratarse cualquier tipo de residuos si su poder calor\u00edfico es adecuado.<\/span><\/p>\n<\/li>\n<li>\n<p><span dir=\"auto\" style=\"font-size: 14pt;\">Puede adecuarse para la eliminaci\u00f3n de fangos de aguas residuales.<\/span><\/p>\n<\/li>\n<li>\n<p><span dir=\"auto\" style=\"font-size: 14pt;\">Existe la posibilidad, para plantas de gran capacidad, de recuperaci\u00f3n de energ\u00eda.<\/span><\/p>\n<\/li>\n<\/ul>\n<p>&nbsp;<\/p>\n<h6><span dir=\"auto\" style=\"font-size: 14pt;\">Desventajas de la Incineraci\u00f3n<\/span><\/h6>\n<ul>\n<li>\n<p><span dir=\"auto\" style=\"font-size: 14pt;\">Es el sistema m\u00e1s costoso de tratamiento de residuos, tres veces como poco m\u00e1s que el vertedero controlado.<\/span><\/p>\n<\/li>\n<li>\n<p><span dir=\"auto\" style=\"font-size: 14pt;\">No todos los residuos pueden ser incinerados.<\/span><\/p>\n<\/li>\n<li>\n<p><span dir=\"auto\" style=\"font-size: 14pt;\">Producen a su vez residuos que deben ser destinados a los vertederos.<\/span><\/p>\n<\/li>\n<li>\n<p><span dir=\"auto\" style=\"font-size: 14pt;\">Existe un grave peligro de emisiones altamente contaminantes (<em>Clorh\u00eddrico, Dioxinas, \u00d3xidos de nitr\u00f3geno, metales pesados,.<\/em>..). Este peligro exige unas normas cada vez m\u00e1s estrictas, lo que supone mayores costes.<\/span><\/p>\n<\/li>\n<\/ul>\n<p>&nbsp;<\/p>\n<p><span dir=\"auto\" style=\"font-size: 14pt;\"><strong>La sociedad rechaza este tipo de soluciones<\/strong>. Se hace necesario reducir el volumen de residuos y su impacto negativo sobre el medio ambiente.<\/span><\/p>\n<p><span dir=\"auto\" style=\"font-size: 14pt;\">En realidad la incineraci\u00f3n, asociada a la Recuperaci\u00f3n selectiva y al vertido controlado de los reducidos residuos finales, es la soluci\u00f3n con mayores medidas ventajas, siempre que se respetan las de control y separando la mayor cantidad posible de materiales susceptibles de un aprovechamiento.<\/span><\/p>\n<\/div>\n<p>&nbsp;<\/p>\n<figure id=\"attachment_2313750\" aria-describedby=\"caption-attachment-2313750\" style=\"width: 360px\" class=\"wp-caption aligncenter\"><img loading=\"lazy\" decoding=\"async\" class=\"wp-image-2313750\" src=\"https:\/\/puntocritico.com\/ausajpuntocritico\/wp-content\/uploads\/2025\/10\/NimbY.jpg\" alt=\"\" width=\"360\" height=\"270\" srcset=\"https:\/\/puntocritico.com\/ausajpuntocritico\/wp-content\/uploads\/2025\/10\/NimbY.jpg 259w, https:\/\/puntocritico.com\/ausajpuntocritico\/wp-content\/uploads\/2025\/10\/NimbY-80x60.jpg 80w\" sizes=\"auto, (max-width: 360px) 100vw, 360px\" \/><figcaption id=\"caption-attachment-2313750\" class=\"wp-caption-text\"><span style=\"color: #008000;\">Nimby: \u00abNot in my back yard\u00bb (en mi patio no)<\/span><\/figcaption><\/figure>\n<p>&nbsp;<\/p>\n<div id=\"model-response-message-contentr_c32dd4aa30b583e9\" class=\"markdown markdown-main-panel stronger enable-updated-hr-color\" dir=\"ltr\" style=\"text-align: justify;\" aria-live=\"polite\" aria-busy=\"false\">\n<h6><span dir=\"auto\" style=\"font-size: 14pt;\">Inconvenientes de tipo econ\u00f3mico<\/span><\/h6>\n<ul>\n<li>\n<p><span dir=\"auto\" style=\"font-size: 14pt;\">Inversi\u00f3n alta de la instalaci\u00f3n.<\/span><\/p>\n<\/li>\n<li>\n<p><span dir=\"auto\" style=\"font-size: 14pt;\">Costes operativos elevados.<\/span><\/p>\n<\/li>\n<li>\n<p><span dir=\"auto\" style=\"font-size: 14pt;\">Escasa flexibilidad para adaptarse a variaciones estacionales.<\/span><\/p>\n<\/li>\n<li>\n<p><span dir=\"auto\" style=\"font-size: 14pt;\">T\u00e9cnica de explotaci\u00f3n muy especializada.<\/span><\/p>\n<\/li>\n<li>\n<p><span dir=\"auto\" style=\"font-size: 14pt;\">Exposici\u00f3n a paros y aver\u00edas, por lo que precisan un sistema alternativo.<\/span><\/p>\n<\/li>\n<li>\n<p><span dir=\"auto\" style=\"font-size: 14pt;\">Precisan aporte de energ\u00eda exterior para su funcionamiento.<\/span><\/p>\n<\/li>\n<li>\n<p><span dir=\"auto\" style=\"font-size: 14pt;\">No suponen un sistema de eliminaci\u00f3n total, precisando un vertedero para los rechazos.<\/span><\/p>\n<\/li>\n<li>\n<p><span dir=\"auto\" style=\"font-size: 14pt;\">Los problemas de contaminaci\u00f3n atmosf\u00e9rica no est\u00e1n resueltos, y a\u00fan as\u00ed suponen importantes inversiones en sistemas de depuraci\u00f3n de humos.<\/span><\/p>\n<\/li>\n<li>\n<p><span dir=\"auto\" style=\"font-size: 14pt;\">Costo de tratamiento de las aguas residuales generadas.<\/span><\/p>\n<\/li>\n<\/ul>\n<p>&nbsp;<\/p>\n<h6 style=\"text-align: justify;\"><span dir=\"auto\" style=\"font-size: 14pt;\">Factores de Implantaci\u00f3n y Recuperaci\u00f3n de Energ\u00eda<\/span><\/h6>\n<p><span dir=\"auto\" style=\"font-size: 14pt;\">Algunos de los factores que determinan la implantaci\u00f3n de un sistema de incineraci\u00f3n son:<\/span><\/p>\n<ul>\n<li>\n<p><span dir=\"auto\" style=\"font-size: 14pt;\">Volumen de residuos a incinerar.<\/span><\/p>\n<\/li>\n<li>\n<p><span dir=\"auto\" style=\"font-size: 14pt;\">Poder calor\u00edfico inferior de las basuras (PCI).<\/span><\/p>\n<\/li>\n<li>\n<p><span dir=\"auto\" style=\"font-size: 14pt;\">Costes de inversi\u00f3n.<\/span><\/p>\n<\/li>\n<li>\n<p><span dir=\"auto\" style=\"font-size: 14pt;\">Gastos de campamento.<\/span><\/p>\n<\/li>\n<\/ul>\n<p>&nbsp;<\/p>\n<p><span dir=\"auto\" style=\"font-size: 14pt;\"><strong>El PCI es fundamental<\/strong>. Un valor de 1.000 kcal\/kg es el l\u00edmite m\u00ednimo para adoptar este sistema, ya que permite la combusti\u00f3n sin necesidad de combustible adicional.<\/span><\/p>\n<p><span dir=\"auto\" style=\"font-size: 14pt;\"><strong>La combusti\u00f3n de los residuos libera energ\u00eda t\u00e9rmica que puede ser recuperada para usos como<\/strong>:<\/span><\/p>\n<ul>\n<li>\n<p><span dir=\"auto\" style=\"font-size: 14pt;\">Alimentaci\u00f3n a una calefacci\u00f3n roja.<\/span><\/p>\n<\/li>\n<li>\n<p><span dir=\"auto\" style=\"font-size: 14pt;\">Producci\u00f3n de agua caliente sanitaria.<\/span><\/p>\n<\/li>\n<li>\n<p><span dir=\"auto\" style=\"font-size: 14pt;\">Producci\u00f3n de energ\u00eda por vapor de alta presi\u00f3n.<\/span><\/p>\n<\/li>\n<li>\n<p><span dir=\"auto\" style=\"font-size: 14pt;\">Accionamiento de turbinas por los gases de la combusti\u00f3n.<\/span><\/p>\n<\/li>\n<\/ul>\n<p>&nbsp;<\/p>\n<p><span dir=\"auto\" style=\"font-size: 14pt;\">El aprovechamiento para calefacci\u00f3n y agua caliente sanitaria no es frecuente por la gran variaci\u00f3n estacional de la demanda y el alto costo de infraestructura. Normalmente se produce la energ\u00eda el\u00e9ctrica mediante vapor.<\/span><\/p>\n<p><span dir=\"auto\" style=\"font-size: 14pt;\">Los par\u00e1metros que deciden la adopci\u00f3n de incineradores con sistema de recuperaci\u00f3n de energ\u00eda son el poder calor\u00edfico, la capacidad de la instalaci\u00f3n y el precio de comercializaci\u00f3n de la energ\u00eda. La experiencia indica que este tipo de instalaciones no empieza a ser rentable econ\u00f3micamente, m\u00e1s que a partir de una capacidad de tratamiento de 500 toneladas\/d\u00eda.<\/span><\/p>\n<p><span dir=\"auto\" style=\"font-size: 14pt;\">En general, hay alternativas como la gasificaci\u00f3n o sistemas avanzados de pir\u00f3lisis, pero est\u00e1n en fase de investigaci\u00f3n y desarrollo. El \u00abHOGAR CON PARRILLA\u00bb sigue siendo el m\u00e9todo mayoritario.<\/span><\/p>\n<p>&nbsp;<\/p>\n<p><strong><span dir=\"auto\" style=\"font-size: 14pt;\">Tabla: Incineradoras de RSU seg\u00fan su Capacidad de Tratamiento (Espa\u00f1a)<\/span><\/strong><\/p>\n<p>&nbsp;<\/p>\n<table>\n<thead>\n<tr>\n<td><span style=\"font-size: 14pt;\"><strong>Potencialidad<\/strong><\/span><\/td>\n<td><span style=\"font-size: 14pt;\"><strong>N.\u00ba de Incineradoras<\/strong><\/span><\/td>\n<td><span style=\"font-size: 14pt;\"><strong>%<\/strong><\/span><\/td>\n<td><span style=\"font-size: 14pt;\"><strong>N. de Municipios atendidos<\/strong><\/span><\/td>\n<td><span style=\"font-size: 14pt;\"><strong>Poblaci\u00f3n potencialmente atendida<\/strong><\/span><\/td>\n<\/tr>\n<\/thead>\n<tbody>\n<tr>\n<td><span dir=\"auto\" style=\"font-size: 14pt;\">Menos de 10 t\/dia<\/span><\/td>\n<td><span dir=\"auto\" style=\"font-size: 14pt;\">11<\/span><\/td>\n<td><span dir=\"auto\" style=\"font-size: 14pt;\">47,83<\/span><\/td>\n<td><span dir=\"auto\" style=\"font-size: 14pt;\">44<\/span><\/td>\n<td><span dir=\"auto\" style=\"font-size: 14pt;\">45.000<\/span><\/td>\n<\/tr>\n<tr>\n<td><span dir=\"auto\" style=\"font-size: 14pt;\">De 10 a 20 t\/d\u00eda<\/span><\/td>\n<td><span dir=\"auto\" style=\"font-size: 14pt;\">3<\/span><\/td>\n<td><span dir=\"auto\" style=\"font-size: 14pt;\">13.04<\/span><\/td>\n<td><span dir=\"auto\" style=\"font-size: 14pt;\">14<\/span><\/td>\n<td><span dir=\"auto\" style=\"font-size: 14pt;\">60.000<\/span><\/td>\n<\/tr>\n<tr>\n<td><span dir=\"auto\" style=\"font-size: 14pt;\">De 21 a 100 t d\u00eda<\/span><\/td>\n<td><span dir=\"auto\" style=\"font-size: 14pt;\">1<\/span><\/td>\n<td><span dir=\"auto\" style=\"font-size: 14pt;\">4,35<\/span><\/td>\n<td><span dir=\"auto\" style=\"font-size: 14pt;\">6<\/span><\/td>\n<td><span dir=\"auto\" style=\"font-size: 14pt;\">34.000<\/span><\/td>\n<\/tr>\n<tr>\n<td><span dir=\"auto\" style=\"font-size: 14pt;\">De 101 a 250 t\/d\u00eda<\/span><\/td>\n<td><span dir=\"auto\" style=\"font-size: 14pt;\">6<\/span><\/td>\n<td><span dir=\"auto\" style=\"font-size: 14pt;\">26,09<\/span><\/td>\n<td><span dir=\"auto\" style=\"font-size: 14pt;\">18<\/span><\/td>\n<td><span dir=\"auto\" style=\"font-size: 14pt;\">782.000<\/span><\/td>\n<\/tr>\n<tr>\n<td><span dir=\"auto\" style=\"font-size: 14pt;\">De 251 a 500 t\/d\u00eda<\/span><\/td>\n<td><span dir=\"auto\" style=\"font-size: 14pt;\">1<\/span><\/td>\n<td><span dir=\"auto\" style=\"font-size: 14pt;\">4,35<\/span><\/td>\n<td><span dir=\"auto\" style=\"font-size: 14pt;\">13<\/span><\/td>\n<td><span dir=\"auto\" style=\"font-size: 14pt;\">253.000<\/span><\/td>\n<\/tr>\n<tr>\n<td><span dir=\"auto\" style=\"font-size: 14pt;\">M\u00e1s de 500 t\/d\u00eda<\/span><\/td>\n<td><span dir=\"auto\" style=\"font-size: 14pt;\">1<\/span><\/td>\n<td><span dir=\"auto\" style=\"font-size: 14pt;\">4,35<\/span><\/td>\n<td><span dir=\"auto\" style=\"font-size: 14pt;\">3<\/span><\/td>\n<td><span dir=\"auto\" style=\"font-size: 14pt;\">652.000<\/span><\/td>\n<\/tr>\n<tr>\n<td><span style=\"font-size: 14pt;\"><b><span dir=\"auto\">TOTALES<\/span><\/b><\/span><\/td>\n<td><span style=\"font-size: 14pt;\"><b><span dir=\"auto\">23<\/span><\/b><\/span><\/td>\n<td><span style=\"font-size: 14pt;\"><b><span dir=\"auto\">100,00<\/span><\/b><\/span><\/td>\n<td><span style=\"font-size: 14pt;\"><b><span dir=\"auto\">98<\/span><\/b><\/span><\/td>\n<td><span style=\"font-size: 14pt;\"><b><span dir=\"auto\">1.826.000<\/span><\/b><\/span><\/td>\n<\/tr>\n<\/tbody>\n<\/table>\n<hr \/>\n<p>&nbsp;<\/p>\n<h6 style=\"text-align: justify;\"><span dir=\"auto\" style=\"font-size: 14pt;\">Situaci\u00f3n Internacional y Nacional (Incineraci\u00f3n)<\/span><\/h6>\n<p><span dir=\"auto\" style=\"font-size: 14pt;\">Seg\u00fan datos de 1.991:<\/span><\/p>\n<table>\n<thead>\n<tr>\n<td><span style=\"font-size: 14pt;\"><strong>PAIS<\/strong><\/span><\/td>\n<td><span style=\"font-size: 14pt;\"><strong>N\u00ba plantas incineradoras<\/strong><\/span><\/td>\n<td><span style=\"font-size: 14pt;\"><strong>Unidad de Servicios de Retorno (RSU)<\/strong><\/span><\/td>\n<\/tr>\n<\/thead>\n<tbody>\n<tr>\n<td><span dir=\"auto\" style=\"font-size: 14pt;\">Alemania.<\/span><\/td>\n<td><span dir=\"auto\" style=\"font-size: 14pt;\">47<\/span><\/td>\n<td><span dir=\"auto\" style=\"font-size: 14pt;\">35%<\/span><\/td>\n<\/tr>\n<tr>\n<td><span dir=\"auto\" style=\"font-size: 14pt;\">.<\/span><\/td>\n<td><span dir=\"auto\" style=\"font-size: 14pt;\">38<\/span><\/td>\n<td><span dir=\"auto\" style=\"font-size: 14pt;\">65%<\/span><\/td>\n<\/tr>\n<tr>\n<td><span dir=\"auto\" style=\"font-size: 14pt;\">Holanda.<\/span><\/td>\n<td><span dir=\"auto\" style=\"font-size: 14pt;\">12<\/span><\/td>\n<td><span dir=\"auto\" style=\"font-size: 14pt;\">40%<\/span><\/td>\n<\/tr>\n<tr>\n<td><span dir=\"auto\" style=\"font-size: 14pt;\">Italia.<\/span><\/td>\n<td><span dir=\"auto\" style=\"font-size: 14pt;\">94<\/span><\/td>\n<td><span dir=\"auto\" style=\"font-size: 14pt;\">18%<\/span><\/td>\n<\/tr>\n<tr>\n<td><span dir=\"auto\" style=\"font-size: 14pt;\">Jap\u00f3n.<\/span><\/td>\n<td><span dir=\"auto\" style=\"font-size: 14pt;\">1.893<\/span><\/td>\n<td><span dir=\"auto\" style=\"font-size: 14pt;\">72%<\/span><\/td>\n<\/tr>\n<tr>\n<td><span dir=\"auto\" style=\"font-size: 14pt;\">Inglaterra.<\/span><\/td>\n<td><span dir=\"auto\" style=\"font-size: 14pt;\">34<\/span><\/td>\n<td><span dir=\"auto\" style=\"font-size: 14pt;\">8%<\/span><\/td>\n<\/tr>\n<tr>\n<td><span dir=\"auto\" style=\"font-size: 14pt;\">Suecia.<\/span><\/td>\n<td><span dir=\"auto\" style=\"font-size: 14pt;\">24<\/span><\/td>\n<td><span dir=\"auto\" style=\"font-size: 14pt;\">60%<\/span><\/td>\n<\/tr>\n<tr>\n<td><span dir=\"auto\" style=\"font-size: 14pt;\">EE. UU.<\/span><\/td>\n<td><span dir=\"auto\" style=\"font-size: 14pt;\">168<\/span><\/td>\n<td><span dir=\"auto\" style=\"font-size: 14pt;\">16%<\/span><\/td>\n<\/tr>\n<\/tbody>\n<\/table>\n<\/div>\n<p>&nbsp;<\/p>\n<p>&nbsp;<\/p>\n<p><img loading=\"lazy\" decoding=\"async\" class=\"aligncenter wp-image-2314134\" src=\"https:\/\/puntocritico.com\/ausajpuntocritico\/wp-content\/uploads\/2025\/11\/Incineradora-de-RSU-333-238x300.webp\" alt=\"\" width=\"280\" height=\"352\" srcset=\"https:\/\/puntocritico.com\/ausajpuntocritico\/wp-content\/uploads\/2025\/11\/Incineradora-de-RSU-333-238x300.webp 238w, https:\/\/puntocritico.com\/ausajpuntocritico\/wp-content\/uploads\/2025\/11\/Incineradora-de-RSU-333.webp 500w\" sizes=\"auto, (max-width: 280px) 100vw, 280px\" \/><\/p>\n<p>&nbsp;<\/p>\n<div id=\"model-response-message-contentr_c32dd4aa30b583e9\" class=\"markdown markdown-main-panel stronger enable-updated-hr-color\" dir=\"ltr\" style=\"text-align: justify;\" aria-live=\"polite\" aria-busy=\"false\">\n<p><span style=\"font-size: 14pt;\"><span dir=\"auto\">En cuanto a <\/span><b><span dir=\"auto\">Espa\u00f1a<\/span><\/b><span dir=\"auto\"> (datos MOPU, 1.992), existen 15 centros de incineraci\u00f3n SIN recuperaci\u00f3n de energ\u00eda (tratan el 0&#8217;96% de los RSU) y 5 plantas CON recuperaci\u00f3n de energ\u00eda (tratan el 3&#8217;73% de los RSU).<\/span><\/span><\/p>\n<p><span dir=\"auto\" style=\"font-size: 14pt;\">Las 5 plantas con recuperaci\u00f3n energ\u00e9tica tratan unas 516.000 Tn anuales y producen en 1.992 unos 135.000 Mwh. Destaca la de S. Adri\u00e1 de Bes\u00f3s (Barcelona), con 288.000 Tn de RSU y 93.000 Mwh.<\/span><\/p>\n<\/div>\n<p>&nbsp;<\/p>\n<p><img loading=\"lazy\" decoding=\"async\" class=\"aligncenter wp-image-2314133\" src=\"https:\/\/puntocritico.com\/ausajpuntocritico\/wp-content\/uploads\/2025\/11\/Incineracion-RSU-4.jpg\" alt=\"\" width=\"400\" height=\"264\" \/><\/p>\n<p>&nbsp;<\/p>\n<div id=\"model-response-message-contentr_c32dd4aa30b583e9\" class=\"markdown markdown-main-panel stronger enable-updated-hr-color\" dir=\"ltr\" style=\"text-align: justify;\" aria-live=\"polite\" aria-busy=\"false\">\n<blockquote>\n<p style=\"text-align: center;\"><span style=\"color: #008000;\"><strong><span dir=\"auto\" style=\"font-size: 14pt;\">Aspectos Tecnol\u00f3gicos<\/span><\/strong><\/span><\/p>\n<p><span style=\"color: #008000;\"><strong><span style=\"font-size: 14pt;\"><span dir=\"auto\">HUMOS:<\/span><span dir=\"auto\"> Su corrosi\u00f3n y la gran cantidad de cenizas que contienen son los aspectos m\u00e1s problem\u00e1ticos.<\/span><\/span><\/strong><\/span><\/p>\n<p style=\"text-align: center;\"><span style=\"color: #008000;\"><strong><span style=\"font-size: 14pt;\"><span dir=\"auto\">CORROSI\u00d3N:<\/span><span dir=\"auto\"> Viene ocasionada, principalmente por el Cloruro f\u00e9rrico o el Sulfato f\u00e9rrico alcalino, y por el SO2.<\/span><\/span><\/strong><\/span><\/p>\n<\/blockquote>\n<\/div>\n<p>&nbsp;<\/p>\n<p><img loading=\"lazy\" decoding=\"async\" class=\"aligncenter wp-image-2314135\" src=\"https:\/\/puntocritico.com\/ausajpuntocritico\/wp-content\/uploads\/2025\/11\/secciones-de-una-MSW-planta-incineradora-RSU-300x139.jpg\" alt=\"\" width=\"555\" height=\"258\" srcset=\"https:\/\/puntocritico.com\/ausajpuntocritico\/wp-content\/uploads\/2025\/11\/secciones-de-una-MSW-planta-incineradora-RSU-300x139.jpg 300w, https:\/\/puntocritico.com\/ausajpuntocritico\/wp-content\/uploads\/2025\/11\/secciones-de-una-MSW-planta-incineradora-RSU-768x357.jpg 768w, https:\/\/puntocritico.com\/ausajpuntocritico\/wp-content\/uploads\/2025\/11\/secciones-de-una-MSW-planta-incineradora-RSU.jpg 958w\" sizes=\"auto, (max-width: 555px) 100vw, 555px\" \/><\/p>\n<p>&nbsp;<\/p>\n<div id=\"model-response-message-contentr_c32dd4aa30b583e9\" class=\"markdown markdown-main-panel stronger enable-updated-hr-color\" dir=\"ltr\" style=\"text-align: justify;\" aria-live=\"polite\" aria-busy=\"false\">\n<blockquote>\n<h6 style=\"text-align: center;\"><strong><span dir=\"auto\" style=\"font-size: 14pt; color: #008000;\">Aspecto Medioambiental<\/span><\/strong><\/h6>\n<p style=\"text-align: center;\"><strong><span dir=\"auto\" style=\"font-size: 14pt; color: #008000;\"><span style=\"text-decoration: underline;\">Los efluentes s\u00f3lidos (cenizas) y especialmente los gaseosos, comprenden<\/span>:<\/span><\/strong><\/p>\n<p style=\"text-align: center;\"><strong><span dir=\"auto\" style=\"font-size: 14pt; color: #008000;\">Part\u00edculas s\u00f3lidas en suspensi\u00f3n (cenizas volantes y metales pesados).<\/span><\/strong><\/p>\n<p style=\"text-align: center;\"><strong><span dir=\"auto\" style=\"font-size: 14pt; color: #008000;\">Metales pesados \u200b\u200bvol\u00e1tiles (mercurio y cadmio).<\/span><\/strong><\/p>\n<p style=\"text-align: center;\"><strong><span dir=\"auto\" style=\"font-size: 14pt; color: #008000;\">Gases \u00e1cidos (CLH, FH, SO2, NOX, CO,&#8230;).<\/span><\/strong><\/p>\n<p style=\"text-align: center;\"><strong><span dir=\"auto\" style=\"font-size: 14pt; color: #008000;\">Compuestos org\u00e1nicos: Dioxinas y Furanos.<\/span><\/strong><\/p>\n<\/blockquote>\n<\/div>\n<p style=\"text-align: center;\">\u00a0<\/p>\n<p><img loading=\"lazy\" decoding=\"async\" class=\"aligncenter wp-image-2314136\" src=\"https:\/\/puntocritico.com\/ausajpuntocritico\/wp-content\/uploads\/2025\/11\/waste-and-landfill-image-used-for-energy-300x200.jpeg\" alt=\"\" width=\"440\" height=\"293\" srcset=\"https:\/\/puntocritico.com\/ausajpuntocritico\/wp-content\/uploads\/2025\/11\/waste-and-landfill-image-used-for-energy-300x200.jpeg 300w, https:\/\/puntocritico.com\/ausajpuntocritico\/wp-content\/uploads\/2025\/11\/waste-and-landfill-image-used-for-energy-1024x683.jpeg 1024w, https:\/\/puntocritico.com\/ausajpuntocritico\/wp-content\/uploads\/2025\/11\/waste-and-landfill-image-used-for-energy-768x512.jpeg 768w, https:\/\/puntocritico.com\/ausajpuntocritico\/wp-content\/uploads\/2025\/11\/waste-and-landfill-image-used-for-energy-1536x1024.jpeg 1536w, https:\/\/puntocritico.com\/ausajpuntocritico\/wp-content\/uploads\/2025\/11\/waste-and-landfill-image-used-for-energy-1320x880.jpeg 1320w, https:\/\/puntocritico.com\/ausajpuntocritico\/wp-content\/uploads\/2025\/11\/waste-and-landfill-image-used-for-energy.jpeg 1900w\" sizes=\"auto, (max-width: 440px) 100vw, 440px\" \/><\/p>\n<p>&nbsp;<\/p>\n<p><span style=\"font-size: 14pt;\"><b><span dir=\"auto\">Tabla: Emisiones (mgr\/m\u00b3 de gas seco antes de depuraci\u00f3n)<\/span><\/b><\/span><\/p>\n<table>\n<thead>\n<tr>\n<td><span style=\"font-size: 14pt;\"><strong>Contaminante<\/strong><\/span><\/td>\n<td><span style=\"font-size: 14pt;\"><strong>mgr\/m\u00b3<\/strong><\/span><\/td>\n<\/tr>\n<\/thead>\n<tbody>\n<tr>\n<td><span dir=\"auto\" style=\"font-size: 14pt;\">Polvo<\/span><\/td>\n<td><span dir=\"auto\" style=\"font-size: 14pt;\">3.000-6.000<\/span><\/td>\n<\/tr>\n<tr>\n<td><span dir=\"auto\" style=\"font-size: 14pt;\">C1H<\/span><\/td>\n<td><span dir=\"auto\" style=\"font-size: 14pt;\">1.000-1.800<\/span><\/td>\n<\/tr>\n<tr>\n<td><span dir=\"auto\" style=\"font-size: 14pt;\">Fluorh\u00eddrico<\/span><\/td>\n<td><span dir=\"auto\" style=\"font-size: 14pt;\">10-20<\/span><\/td>\n<\/tr>\n<tr>\n<td><span dir=\"auto\" style=\"font-size: 14pt;\">SO2<\/span><\/td>\n<td><span dir=\"auto\" style=\"font-size: 14pt;\">300-800<\/span><\/td>\n<\/tr>\n<tr>\n<td><span dir=\"auto\" style=\"font-size: 14pt;\">NOX<\/span><\/td>\n<td><span dir=\"auto\" style=\"font-size: 14pt;\">300-500<\/span><\/td>\n<\/tr>\n<tr>\n<td><span dir=\"auto\" style=\"font-size: 14pt;\">Mercurio<\/span><\/td>\n<td><span dir=\"auto\" style=\"font-size: 14pt;\">1<\/span><\/td>\n<\/tr>\n<tr>\n<td><span dir=\"auto\" style=\"font-size: 14pt;\">Niquel, ars\u00e9nico<\/span><\/td>\n<td><span dir=\"auto\" style=\"font-size: 14pt;\">10<\/span><\/td>\n<\/tr>\n<tr>\n<td><span dir=\"auto\" style=\"font-size: 14pt;\">Cobre, Manganeso<\/span><\/td>\n<td><span dir=\"auto\" style=\"font-size: 14pt;\">50<\/span><\/td>\n<\/tr>\n<\/tbody>\n<\/table>\n<p>&nbsp;<\/p>\n<p><span style=\"font-size: 14pt;\"><b><span dir=\"auto\">Tabla: Valores l\u00edmite (Directiva CEE 89\/369 de 8 de Junio)<\/span><\/b><\/span><\/p>\n<table>\n<thead>\n<tr>\n<td><span style=\"font-size: 14pt;\"><strong>Contaminante<\/strong><\/span><\/td>\n<td><span style=\"font-size: 14pt;\"><strong>L\u00edmite (mg\/m\u00b3)<\/strong><\/span><\/td>\n<\/tr>\n<\/thead>\n<tbody>\n<tr>\n<td><span dir=\"auto\" style=\"font-size: 14pt;\">Part\u00edculas totales<\/span><\/td>\n<td><span dir=\"auto\" style=\"font-size: 14pt;\">30<\/span><\/td>\n<\/tr>\n<tr>\n<td><span dir=\"auto\" style=\"font-size: 14pt;\">Plomo+cromo+cobre+magnesio<\/span><\/td>\n<td><span dir=\"auto\" style=\"font-size: 14pt;\">5<\/span><\/td>\n<\/tr>\n<tr>\n<td><span dir=\"auto\" style=\"font-size: 14pt;\">N\u00edquel+ars\u00e9nico<\/span><\/td>\n<td><span dir=\"auto\" style=\"font-size: 14pt;\">1<\/span><\/td>\n<\/tr>\n<tr>\n<td><span dir=\"auto\" style=\"font-size: 14pt;\">Cadmio+Mercurio<\/span><\/td>\n<td><span dir=\"auto\" style=\"font-size: 14pt;\">0&#8217;2<\/span><\/td>\n<\/tr>\n<tr>\n<td><span dir=\"auto\" style=\"font-size: 14pt;\">C1H<\/span><\/td>\n<td><span dir=\"auto\" style=\"font-size: 14pt;\">50<\/span><\/td>\n<\/tr>\n<tr>\n<td><span dir=\"auto\" style=\"font-size: 14pt;\">Fluorh\u00eddrico<\/span><\/td>\n<td><span dir=\"auto\" style=\"font-size: 14pt;\">2<\/span><\/td>\n<\/tr>\n<tr>\n<td><span dir=\"auto\" style=\"font-size: 14pt;\">SO2<\/span><\/td>\n<td><span dir=\"auto\" style=\"font-size: 14pt;\">300<\/span><\/td>\n<\/tr>\n<tr>\n<td><span dir=\"auto\" style=\"font-size: 14pt;\">Mon\u00f3xido de Carbono<\/span><\/td>\n<td><span dir=\"auto\" style=\"font-size: 14pt;\">100<\/span><\/td>\n<\/tr>\n<\/tbody>\n<\/table>\n<p>&nbsp;<\/p>\n<p><span dir=\"auto\" style=\"font-size: 14pt;\">Desde el punto de vista econ\u00f3mico, los costos en ECUS, se establecen en 0&#8217;06 Ecu\/Kwh para ser viables. El coste de la planta est\u00e1 determinado por su tama\u00f1o, posible saturaci\u00f3n, subvenciones, pvp de la energ\u00eda, etc.<\/span><\/p>\n<p><span dir=\"auto\" style=\"font-size: 14pt;\">Se mencionan en ocasiones las siguientes Plantas \u00abMod\u00e9licas\u00bb: BERNA (situada en el centro de la ciudad), LYON, MUNICH (tambien trata t\u00f3xicos y peligrosos), y la de NEW YORK (en construcci\u00f3n para 2.000 Tn\/dia).<\/span><\/p>\n<p><span dir=\"auto\" style=\"font-size: 14pt;\"><strong>Es obligado el <a href=\"https:\/\/puntocritico.com\/ausajpuntocritico\/2025\/01\/29\/antecedentes-de-la-evaluacion-de-impacto-ambiental\/\" target=\"_blank\" rel=\"noopener\" data-schema-attribute=\"\">estudio de IMPACTO AMBIENTAL, seg\u00fan la Directiva CEE 85\/337<\/a><\/strong>.<\/span><\/p>\n<p>&nbsp;<\/p>\n<p><a href=\"https:\/\/puntocritico.com\/ausajpuntocritico\/2025\/01\/29\/antecedentes-de-la-evaluacion-de-impacto-ambiental\/\" target=\"_blank\" rel=\"noopener\" data-schema-attribute=\"\"><img loading=\"lazy\" decoding=\"async\" class=\"aligncenter wp-image-2306438\" src=\"https:\/\/puntocritico.com\/ausajpuntocritico\/wp-content\/uploads\/2025\/01\/EVALUACION-DE-IMPACTO-AMBIENTAL-grandes-Presas-PPAL-300x199.jpg\" alt=\"\" width=\"440\" height=\"292\" srcset=\"https:\/\/puntocritico.com\/ausajpuntocritico\/wp-content\/uploads\/2025\/01\/EVALUACION-DE-IMPACTO-AMBIENTAL-grandes-Presas-PPAL-300x199.jpg 300w, https:\/\/puntocritico.com\/ausajpuntocritico\/wp-content\/uploads\/2025\/01\/EVALUACION-DE-IMPACTO-AMBIENTAL-grandes-Presas-PPAL-678x452.jpg 678w, https:\/\/puntocritico.com\/ausajpuntocritico\/wp-content\/uploads\/2025\/01\/EVALUACION-DE-IMPACTO-AMBIENTAL-grandes-Presas-PPAL.jpg 680w\" sizes=\"auto, (max-width: 440px) 100vw, 440px\" \/><\/a><\/p>\n<p>&nbsp;<\/p>\n<h6 style=\"text-align: justify;\"><span dir=\"auto\" style=\"font-size: 14pt;\">Impacto Medioambiental de las Incineradoras: <\/span><strong style=\"font-size: 16px;\"><span dir=\"auto\" style=\"font-size: 14pt;\">A) Exposici\u00f3n Humana<\/span><\/strong><\/h6>\n<p><span style=\"font-size: 14pt;\"><span dir=\"auto\">Puede ser por <\/span><b><span dir=\"auto\">inhalaci\u00f3n directa<\/span><\/b><span dir=\"auto\"> (<em>exposici\u00f3n directa<\/em>) de los contaminantes gaseosos. Pero tambi\u00e9n puede ser por <\/span><b><span dir=\"auto\">exposici\u00f3n indirecta<\/span><\/b><span dir=\"auto\">, por la deposici\u00f3n de dichos contaminantes en el suelo.<\/span><\/span><\/p>\n<p><span dir=\"auto\" style=\"font-size: 14pt;\">Las <strong>v\u00edas de exposici\u00f3n indirecta<\/strong> pueden ser:<\/span><\/p>\n<blockquote>\n<p style=\"text-align: justify;\"><span style=\"color: #008000;\"><strong><span style=\"font-size: 14pt;\"><span dir=\"auto\">LIXIVIADOS:<\/span><span dir=\"auto\"> Procedentes de las escorias y cenizas depositadas en un vertedero. Puede suponer la inutilizaci\u00f3n de este por el alto poder contaminante.<\/span><\/span><\/strong><\/span><\/p>\n<p style=\"text-align: justify;\"><span style=\"color: #008000;\"><strong><span style=\"font-size: 14pt;\"><span dir=\"auto\">DEPOSICIONES DE GASES CONTAMINANTES:<\/span><span dir=\"auto\"> (part\u00edculas y metales pesados). Se incorporan a la cadena tr\u00f3fica. Las personas residentes cerca pueden ingerir plantas y animales contaminados.<\/span><\/span><\/strong><\/span><\/p>\n<p style=\"text-align: justify;\"><span style=\"color: #008000;\"><strong><span style=\"font-size: 14pt;\"><span dir=\"auto\">AGUAS DE ESCORRENTIA Y SUBTERRANEAS:<\/span><span dir=\"auto\"> Afecta al hombre a trav\u00e9s del consumo de peces contaminados (superficiales) o por el consumo del agua (subterr\u00e1neas).<\/span><\/span><\/strong><\/span><\/p>\n<p style=\"text-align: justify;\"><span style=\"color: #008000;\"><strong><span style=\"font-size: 14pt;\"><span dir=\"auto\">EXPOSICION DERMICA:<\/span><span dir=\"auto\"> Contacto de la piel con los contaminantes emitidos.<\/span><\/span><\/strong><\/span><\/p>\n<\/blockquote>\n<p>&nbsp;<\/p>\n<p id=\"model-response-message-contentr_c32dd4aa30b583e9\" class=\"markdown markdown-main-panel stronger enable-updated-hr-color\" dir=\"ltr\" style=\"text-align: justify;\" aria-live=\"polite\" aria-busy=\"false\">\u00a0<\/p>\n<div class=\"markdown markdown-main-panel stronger enable-updated-hr-color\" dir=\"ltr\" style=\"text-align: justify;\" aria-live=\"polite\" aria-busy=\"false\">\n<p><img loading=\"lazy\" decoding=\"async\" class=\"aligncenter wp-image-2314091\" src=\"https:\/\/puntocritico.com\/ausajpuntocritico\/wp-content\/uploads\/2025\/11\/central-rsu-300x168.jpg\" alt=\"\" width=\"480\" height=\"269\" srcset=\"https:\/\/puntocritico.com\/ausajpuntocritico\/wp-content\/uploads\/2025\/11\/central-rsu-300x168.jpg 300w, https:\/\/puntocritico.com\/ausajpuntocritico\/wp-content\/uploads\/2025\/11\/central-rsu-768x431.jpg 768w, https:\/\/puntocritico.com\/ausajpuntocritico\/wp-content\/uploads\/2025\/11\/central-rsu-678x381.jpg 678w, https:\/\/puntocritico.com\/ausajpuntocritico\/wp-content\/uploads\/2025\/11\/central-rsu.jpg 952w\" sizes=\"auto, (max-width: 480px) 100vw, 480px\" \/><\/p>\n<\/div>\n<p>&nbsp;<\/p>\n<h6 id=\"model-response-message-contentr_c32dd4aa30b583e9\" class=\"markdown markdown-main-panel stronger enable-updated-hr-color\" dir=\"ltr\" style=\"text-align: justify;\" aria-live=\"polite\" aria-busy=\"false\"><span dir=\"auto\" style=\"font-size: 14pt;\">Impacto Medioambiental de las Incineradoras:\u00a0<\/span><strong><span dir=\"auto\" style=\"font-size: 14pt;\">B) Efluentes gaseosos<\/span><\/strong><\/h6>\n<div class=\"markdown markdown-main-panel stronger enable-updated-hr-color\" dir=\"ltr\" style=\"text-align: justify;\" aria-live=\"polite\" aria-busy=\"false\">\n<p><span style=\"font-size: 14pt;\">1) CONTAMINACION POR HC1 (<em>Cloruro de hidr\u00f3geno<\/em>)<\/span><\/p>\n<p><span style=\"font-size: 14pt;\">Es un gas \u00e1cido fruto de la combusti\u00f3n de compuestos org\u00e1nicos en presencia de cloro. <strong>El cloro proviene de los pl\u00e1sticos (PVC) y compuestos organoclorados<\/strong>.<\/span><\/p>\n<p><span style=\"font-size: 14pt;\"><b><span dir=\"auto\">Efectos:<\/span><\/b><span dir=\"auto\"> Irritaci\u00f3n en las v\u00edas respiratorias; <strong>asfixia y muerte en concentraciones altas<\/strong>. <strong>Es uno de los causantes de la lluvia \u00e1cida y es muy corrosivo<\/strong>.<\/span><\/span><\/p>\n<p>&nbsp;<\/p>\n<p><span style=\"font-size: 14pt;\">2) CONTAMINACION POR HF (<em>Fluoruro de hidr\u00f3geno<\/em>)<\/span><\/p>\n<p><span style=\"font-size: 14pt;\">Producto de la <strong>combusti\u00f3n de hidrocarburos en presencia de fl\u00faor<\/strong>.<\/span><\/p>\n<p><span style=\"font-size: 14pt;\"><b><span dir=\"auto\">Efectos:<\/span><\/b><span dir=\"auto\"> Se depositan sobre los terrenos y vegetaci\u00f3n, <strong>afectando al ganado de pasto<\/strong>, causandole alteraciones sicomotrices y en la dentici\u00f3n (<strong><em>fluorosis<\/em><\/strong>).<\/span><\/span><\/p>\n<p>&nbsp;<\/p>\n<p><span style=\"font-size: 14pt;\">3) CONTAMINACION POR SO2 (Di\u00f3xido de azufre)<\/span><\/p>\n<p><span style=\"font-size: 14pt;\">Proviene de la oxidaci\u00f3n del azufre en los residuos.<\/span><\/p>\n<p><span style=\"font-size: 14pt;\"><b><span dir=\"auto\">Efectos:<\/span><\/b><span dir=\"auto\"> Relacionados con el sistema respiratorio. Una concentraci\u00f3n de 1,6 ppm causa una constricci\u00f3n bronquiolar reversible. Por debajo de 25 ppm, los efectos se producen en la <strong>parte superior del tracto respiratorio y ojos<\/strong>. <strong>El SO2 disuelto en los tejidos se convierte en \u00e1cido sulf\u00farico y sulfatos, que son mucho m\u00e1s irritantes<\/strong>.<\/span><\/span><\/p>\n<p>&nbsp;<\/p>\n<p><span style=\"font-size: 14pt;\">4) CONTAMINACION POR NOX (<em>\u00d3xidos de nitr\u00f3geno<\/em>)<\/span><\/p>\n<p><span style=\"font-size: 14pt;\">Proceden de la combusti\u00f3n de materiales org\u00e1nicos. Se estima que se emiten 300 mg\/Nm.c\u00fabico. Se forman por oxidaci\u00f3n del nitr\u00f3geno en los residuos y por la conversi\u00f3n del nitr\u00f3geno en el aire en temperaturas superiores a los 1500\u00baC. <strong>El NO2 (<em>di\u00f3xido de nitr\u00f3geno<\/em>) es cuatro veces m\u00e1s t\u00f3xico que el \u00f3xido n\u00edtrico (NO)<\/strong>.<\/span><\/p>\n<p><span style=\"font-size: 14pt;\"><b><span dir=\"auto\">Efectos:<\/span><\/b><span dir=\"auto\"> Se producen en las <strong>v\u00edas respiratorias<\/strong>. <strong>Irritaci\u00f3n nasal y de los ojos, seguida por dificultades respiratorias, edema pulmonar y muerte<\/strong>.<\/span><\/span><\/p>\n<p>&nbsp;<\/p>\n<p><span dir=\"auto\" style=\"font-size: 14pt;\">5) CONTAMINACI\u00d3N POR PART\u00cdCULAS<\/span><\/p>\n<p><span style=\"font-size: 14pt;\"><b><span dir=\"auto\">Efectos:<\/span><\/b><span dir=\"auto\"> En las plantas, disminuya su capacidad fotosint\u00e9tica. En animales y humanos, implica al sistema respiratorio.<\/span><\/span><\/p>\n<p><span dir=\"auto\" style=\"font-size: 14pt;\">Las part\u00edculas de m\u00e1s de 5.000 Nm no pasan de la parte superior del tracto respiratorio.\u00a0<\/span><span dir=\"auto\" style=\"font-size: 14pt;\">Las part\u00edculas entre 500 y 5.000 Nm pueden alcanzar los bronquios.\u00a0<\/span><span dir=\"auto\" style=\"font-size: 14pt;\">Las part\u00edculas por di\u00e1metro inferior a 500 Nm pueden alcanzar los alveolos, donde pueden permanecer durante a\u00f1os.<\/span><\/p>\n<p><span dir=\"auto\" style=\"font-size: 14pt;\">Efectos patentes:<strong> bronquitis e insuficiencia respiratoria<\/strong>.<\/span><\/p>\n<\/div>\n<p>&nbsp;<\/p>\n<p><img loading=\"lazy\" decoding=\"async\" class=\"aligncenter wp-image-2314137\" src=\"https:\/\/puntocritico.com\/ausajpuntocritico\/wp-content\/uploads\/2025\/11\/Chimenea-3334.jpg\" alt=\"\" width=\"400\" height=\"283\" \/><\/p>\n<p>&nbsp;<\/p>\n<div class=\"markdown markdown-main-panel stronger enable-updated-hr-color\" dir=\"ltr\" style=\"text-align: justify;\" aria-live=\"polite\" aria-busy=\"false\">\n<p><span style=\"font-size: 14pt;\">6) CONTAMINACION POR METALES PESADOS<\/span><\/p>\n<p><span style=\"font-size: 14pt;\">Se encuentran en cantidades significativas en los RSU. <strong>Son emitidos por la chimenea en forma de<\/strong>:<\/span><\/p>\n<ul>\n<li>\n<p><span dir=\"auto\" style=\"font-size: 14pt;\">Part\u00edculas s\u00f3lidas en las cenizas.<\/span><\/p>\n<\/li>\n<li>\n<p><span dir=\"auto\" style=\"font-size: 14pt;\">Vapores que luego se condensan.<\/span><\/p>\n<\/li>\n<li>\n<p><span dir=\"auto\" style=\"font-size: 14pt;\">Cloruros.<\/span><\/p>\n<\/li>\n<\/ul>\n<p>&nbsp;<\/p>\n<p style=\"text-align: justify;\"><span style=\"font-size: 14pt;\"><b><span dir=\"auto\">Metales pesados \u200b\u200bm\u00e1s frecuentes<\/span><\/b><span dir=\"auto\"> :<\/span><\/span><\/p>\n<blockquote>\n<p><span style=\"color: #008000;\"><strong><span style=\"font-size: 14pt;\"><span dir=\"auto\">MERCURIO (t\u00f3xico en todas sus formas)<\/span><span dir=\"auto\"> : Seg\u00fan la EPA, s\u00f3lo se puede eliminar el 50%. La mayor parte se emite en forma gaseosa.<\/span><\/span><\/strong><\/span><\/p>\n<p><span style=\"color: #008000;\"><strong><span style=\"font-size: 14pt;\"><span dir=\"auto\">CADMIO:<\/span><span dir=\"auto\"> Es absorbido por plantas y animales. Se acumula en ri\u00f1ones, h\u00edgados y \u00f3rganos reproductores. Dosis muy peque\u00f1as pueden causar v\u00f3mitos y colitis. La exposici\u00f3n continua causa hipertensi\u00f3n, agrandamiento del coraz\u00f3n y muerte prematura. Puede inducir anormalidades cromos\u00f3micas y tener efectos cancer\u00edgenos.<\/span><\/span><\/strong><\/span><\/p>\n<p><span style=\"color: #008000;\"><strong><span style=\"font-size: 14pt;\"><span dir=\"auto\">CROMO:<\/span><span dir=\"auto\"> De un 15% a un 25% del cromo se convierte en compuestos de cromo hexavalente, que es el m\u00e1s t\u00f3xico y es cancer\u00edgeno. Los cromatos irritan ojos, nariz y garganta, y la exposici\u00f3n cr\u00f3nica puede provocar da\u00f1os en el h\u00edgado y los ri\u00f1ones. Un efecto t\u00edpico son las perforaciones en el septo nasal. Se acumula en muchos organismos (<em>algunas algas lo concentran 4.000 veces<\/em>).<\/span><\/span><\/strong><\/span><\/p>\n<p><span style=\"color: #008000;\"><strong><span style=\"font-size: 14pt;\"><span dir=\"auto\">ARSENICO:<\/span><span dir=\"auto\"> Es un veneno acumulativo. Causa v\u00f3mitos y dolores abdominales antes de la muerte. Tambi\u00e9n puede causar dermatitis y bronquitis y puede ser cancer\u00edgeno.<\/span><\/span><\/strong><\/span><\/p>\n<p><span style=\"color: #008000;\"><strong><span style=\"font-size: 14pt;\"><span dir=\"auto\">PLOMO:<\/span><span dir=\"auto\"> Se puede absorber por inhalaci\u00f3n o ingesti\u00f3n. Los gl\u00f3bulos rojos absorben la mayor parte del Pb, que transportan a ri\u00f1ones, h\u00edgados, dientes, huesos, cerebro, etc. La anemia es el primer s\u00edntoma de envenenamiento cr\u00f3nico. M\u00e1s grave es la degeneraci\u00f3n del tejido en el sistema nervioso central, que se observa especialmente en los ni\u00f1os.<\/span><\/span><\/strong><\/span><\/p>\n<\/blockquote>\n<p>&nbsp;<\/p>\n<p><span style=\"font-size: 14pt;\">7) MONOXIDO DE CARBONO (CO)<\/span><\/p>\n<p><span style=\"font-size: 14pt;\">Es un<strong> gas incoloro, inodoro e ins\u00edpido. Concentraciones de 100 ppm son letales<\/strong>. El CO se combina con la hemoglobina formando <em>carboxihemoglobina<\/em>, reduciendo la capacidad de transportar ox\u00edgeno de la sangre. <strong>Los niveles superiores al 5% tienen efectos da\u00f1inos que var\u00edan de dolor de cabeza y fatiga, coma, fallo respiratorio y muerte<\/strong>.<\/span><\/p>\n<p>&nbsp;<\/p>\n<p><span style=\"font-size: 14pt;\">8) CONTAMINACION POR DIOXIDO DE CARBONO (CO2)<\/span><\/p>\n<p><span style=\"font-size: 14pt;\">Gas incoloro, inodoro, ins\u00edpido y no t\u00f3xico. Se produce en cualquier proceso de combusti\u00f3n y es <strong>el m\u00e1ximo responsable del efecto invernadero<\/strong>. La concentraci\u00f3n mundial de CO2 ha aumentado desde 290 ppm en 1.900 a 345 ppm en 1.985.<\/span><\/p>\n<p>&nbsp;<\/p>\n<p><span style=\"font-size: 14pt;\">9) CONTAMINACION POR PICS Y COMPUESTOS ORGANICOS<\/span><\/p>\n<p><span style=\"font-size: 14pt;\">La combusti\u00f3n de residuos genera todo tipo de <strong>productos incompletos de la combusti\u00f3n (<em>PICS<\/em>)<\/strong> y compuestos org\u00e1nicos. Si adem\u00e1s hay cloro, se forman <strong>hidrocarburos clorados<\/strong>. <\/span><\/p>\n<p><span style=\"font-size: 14pt;\">En las <strong>incineradoras de RTP (<em>residuos t\u00f3xicos y peligrosos<\/em>)<\/strong> s\u00f3lo se destruyen, en el mejor de los casos, el 99,99% de las mol\u00e9culas. Se han detectado m\u00e1s de 400 compuestos org\u00e1nicos en las emisiones.<\/span><\/p>\n<p><span dir=\"auto\" style=\"font-size: 14pt;\">La EPA considera que<strong> los siguientes grupos deben ser controlados<\/strong>:<\/span><\/p>\n<blockquote>\n<p><span style=\"color: #008000;\"><strong><span dir=\"auto\" style=\"font-size: 14pt;\">Clorofenoles.<\/span><\/strong><\/span><\/p>\n<p><span style=\"color: #008000;\"><strong><span dir=\"auto\" style=\"font-size: 14pt;\">Clorobencenos.<\/span><\/strong><\/span><\/p>\n<p><span style=\"color: #008000;\"><strong><span dir=\"auto\" style=\"font-size: 14pt;\">Formaldehido (<em>son cancer\u00edgenos e irritantes<\/em>).<\/span><\/strong><\/span><\/p>\n<p><span style=\"color: #008000;\"><strong><span dir=\"auto\" style=\"font-size: 14pt;\">Bifenilos ploliclorados (PCB).<\/span><\/strong><\/span><\/p>\n<p><span style=\"color: #008000;\"><strong><span dir=\"auto\" style=\"font-size: 14pt;\">Hidrocarburos polic\u00edclicos arom\u00e1ticos (<em>son todos cancer\u00edgenos<\/em>).<\/span><\/strong><\/span><\/p>\n<\/blockquote>\n<\/div>\n<p>&nbsp;<\/p>\n<p><img loading=\"lazy\" decoding=\"async\" class=\"aligncenter wp-image-2314139\" src=\"https:\/\/puntocritico.com\/ausajpuntocritico\/wp-content\/uploads\/2025\/11\/formacion-de-dioxinas-300x160.jpg\" alt=\"\" width=\"480\" height=\"256\" srcset=\"https:\/\/puntocritico.com\/ausajpuntocritico\/wp-content\/uploads\/2025\/11\/formacion-de-dioxinas-300x160.jpg 300w, https:\/\/puntocritico.com\/ausajpuntocritico\/wp-content\/uploads\/2025\/11\/formacion-de-dioxinas.jpg 308w\" sizes=\"auto, (max-width: 480px) 100vw, 480px\" \/><\/p>\n<p>&nbsp;<\/p>\n<div class=\"markdown markdown-main-panel stronger enable-updated-hr-color\" dir=\"ltr\" style=\"text-align: justify;\" aria-live=\"polite\" aria-busy=\"false\">\n<p><span style=\"font-size: 14pt;\">10) CONTAMINACION POR DIOXINAS<\/span><\/p>\n<p><span style=\"font-size: 14pt;\">La mayor agresi\u00f3n ambiental de las incineradoras es la emisi\u00f3n de <strong><a href=\"https:\/\/prtr-es.es\/Dioxinas-y-Furanos-PCDDPCDF,15634,11,2007.html#:~:text=Las%20dioxinas%20y%20los%20furanos,contienen%20una%20sustancia%20denominada%20clorina.&amp;text=Qu%C3%ADmicamente%20son%20compuestos%20s%C3%B3lidos%20y,disolventes%20org%C3%A1nicos%2C%20grasas%20y%20aceites.\" target=\"_blank\" rel=\"noopener\" data-schema-attribute=\"\">dioxinas y furanos<\/a><\/strong>. Su potencial cancer\u00edgeno y mutag\u00e9nico hoy no se pone en duda. <strong>En septiembre de 1.994, un estudio de la EPA (EE.UU.) estim\u00f3 que al menos el 10% de los tumores cancer\u00edgenos son motivados directamente por las dioxinas<\/strong>. <\/span><\/p>\n<p><span style=\"font-size: 14pt;\">El <strong>TCDD 2378<\/strong> (<em>el llamado<\/em><em>\u00ab<strong>Agente Naranja<\/strong>\u00ab<\/em>) es extremadamente t\u00f3xico, persistente y capaz de causar malformaciones cromos\u00f3micas.<\/span><\/p>\n<p><span dir=\"auto\" style=\"font-size: 14pt;\">Los <strong>mecanismos de formaci\u00f3n de dioxinas y furanos<\/strong> pueden ser:<\/span><\/p>\n<blockquote>\n<p><strong><span dir=\"auto\" style=\"font-size: 14pt; color: #008000;\">Hay dioxinas en el combustible que no son destruidos.<\/span><\/strong><\/p>\n<p><strong><span dir=\"auto\" style=\"font-size: 14pt; color: #008000;\">Por reacci\u00f3n de precursores que existieron en el combustible.<\/span><\/strong><\/p>\n<p><strong><span dir=\"auto\" style=\"font-size: 14pt; color: #008000;\">Despu\u00e9s de la combusti\u00f3n por reacciones catalizadas en la superficie de las part\u00edculas de ceniza (<em>Es el proceso m\u00e1s habitual<\/em>).<\/span><\/strong><\/p>\n<\/blockquote>\n<p>&nbsp;<\/p>\n<p><span dir=\"auto\" style=\"font-size: 14pt;\"><strong>La emisi\u00f3n de dioxinas var\u00eda mucho seg\u00fan el control de la combusti\u00f3n y los sistemas de depuraci\u00f3n<\/strong>. Parece ser que no existe compensaci\u00f3n entre su emisi\u00f3n y la temperatura de la combusti\u00f3n. <strong>Se forman tambi\u00e9n al quemar lignina en presencia de cloro<\/strong>. <\/span><\/p>\n<p><span dir=\"auto\" style=\"font-size: 14pt;\">La <strong>formaci\u00f3n de dioxinas y furanos<\/strong> est\u00e1 asociada con part\u00edculas de cenizas en las regiones m\u00e1s fr\u00edas de la incineradora (250-300\u00b0C).\u00a0<\/span><span style=\"font-size: 14pt;\"><span dir=\"auto\">El <strong>Centro de Biolog\u00eda de Sistemas Naturales<\/strong> propone la siguiente<\/span><b><span dir=\"auto\"> teor\u00eda de formaci\u00f3n <\/span><\/b><span dir=\"auto\">:<\/span><\/span><\/p>\n<blockquote>\n<p><span style=\"color: #008000;\"><strong><span dir=\"auto\" style=\"font-size: 14pt;\">Se forman por la reacci\u00f3n entre compuestos fen\u00f3licos (<em>producidos por la combusti\u00f3n incompleta de la lignina del papel, cart\u00f3n, etc.<\/em>) y el \u00e1cido clorh\u00eddrico.<\/span><\/strong><\/span><\/p>\n<p><span style=\"color: #008000;\"><strong><span dir=\"auto\" style=\"font-size: 14pt;\">El \u00e1cido clorh\u00eddrico se produce principalmente en la combusti\u00f3n de pl\u00e1sticos que contienen cloro como el PVC.<\/span><\/strong><\/span><\/p>\n<p><span style=\"color: #008000;\"><strong><span dir=\"auto\" style=\"font-size: 14pt;\">La reacci\u00f3n se produce en las cenizas volantes.<\/span><\/strong><\/span><\/p>\n<p><span style=\"color: #008000;\"><strong><span dir=\"auto\" style=\"font-size: 14pt;\">La adsorci\u00f3n de los compuestos fen\u00f3licos a las cenizas es inversamente proporcional a la temperatura, y ocurre a menos de 400\u00b0C.<\/span><\/strong><\/span><\/p>\n<p><span style=\"color: #008000;\"><strong><span dir=\"auto\" style=\"font-size: 14pt;\">Por ello las condiciones de combusti\u00f3n en el horno poco tienen que ver con la formaci\u00f3n de dioxinas.<\/span><\/strong><\/span><\/p>\n<\/blockquote>\n<\/div>\n<p>&nbsp;<\/p>\n<p><img loading=\"lazy\" decoding=\"async\" class=\"aligncenter wp-image-2314085\" src=\"https:\/\/puntocritico.com\/ausajpuntocritico\/wp-content\/uploads\/2025\/11\/dioxinas-y-furanos-1-300x127.jpg\" alt=\"\" width=\"555\" height=\"234\" srcset=\"https:\/\/puntocritico.com\/ausajpuntocritico\/wp-content\/uploads\/2025\/11\/dioxinas-y-furanos-1-300x127.jpg 300w, https:\/\/puntocritico.com\/ausajpuntocritico\/wp-content\/uploads\/2025\/11\/dioxinas-y-furanos-1-1024x432.jpg 1024w, https:\/\/puntocritico.com\/ausajpuntocritico\/wp-content\/uploads\/2025\/11\/dioxinas-y-furanos-1-768x324.jpg 768w, https:\/\/puntocritico.com\/ausajpuntocritico\/wp-content\/uploads\/2025\/11\/dioxinas-y-furanos-1-1536x648.jpg 1536w, https:\/\/puntocritico.com\/ausajpuntocritico\/wp-content\/uploads\/2025\/11\/dioxinas-y-furanos-1-1320x557.jpg 1320w, https:\/\/puntocritico.com\/ausajpuntocritico\/wp-content\/uploads\/2025\/11\/dioxinas-y-furanos-1.jpg 1600w\" sizes=\"auto, (max-width: 555px) 100vw, 555px\" \/><\/p>\n<p>&nbsp;<\/p>\n<div id=\"model-response-message-contentr_c32dd4aa30b583e9\" class=\"markdown markdown-main-panel stronger enable-updated-hr-color\" dir=\"ltr\" style=\"text-align: justify;\" aria-live=\"polite\" aria-busy=\"false\">\n<p><span style=\"font-size: 14pt;\"><b><span dir=\"auto\">Toxicidad:<\/span><\/b><span dir=\"auto\"> La 2378-TCDD, es <strong>70.000 veces m\u00e1s t\u00f3xica que el cianuro<\/strong>. Dosis menores causan <em><strong>cloroacn\u00e9<\/strong><\/em>, <em><strong>c\u00e1ncer<\/strong><\/em>y <em><strong>da\u00f1os en fetos<\/strong><\/em>. <\/span><\/span><\/p>\n<p><span style=\"font-size: 14pt;\"><span dir=\"auto\">Tambi\u00e9n son <strong>inmunodepresoras<\/strong>. <strong>Una fuente importante de emisi\u00f3n es la combusti\u00f3n del PVC<\/strong>.<\/span><\/span><\/p>\n<\/div>\n<p>&nbsp;<\/p>\n<p><img loading=\"lazy\" decoding=\"async\" class=\"aligncenter wp-image-2314138\" src=\"https:\/\/puntocritico.com\/ausajpuntocritico\/wp-content\/uploads\/2025\/11\/formacion-de-furanos.jpg\" alt=\"\" width=\"360\" height=\"242\" \/><\/p>\n<p>&nbsp;<\/p>\n<div id=\"model-response-message-contentr_c32dd4aa30b583e9\" class=\"markdown markdown-main-panel stronger enable-updated-hr-color\" dir=\"ltr\" style=\"text-align: justify;\" aria-live=\"polite\" aria-busy=\"false\">\n<h6 style=\"text-align: justify;\"><span dir=\"auto\" style=\"font-size: 14pt;\">Riesgos de los Efluentes Gaseosos<\/span><\/h6>\n<p><span dir=\"auto\" style=\"font-size: 14pt;\">Para determinar los posibles <strong>riesgos producidos por las emisiones de contaminantes gaseosos cancer\u00edgenos<\/strong> se suelen utilizar <strong>modelos de ocurrencia de c\u00e1ncer<\/strong>. Se utiliza un modelo de dispersi\u00f3n de contaminantes atmosf\u00e9ricos.<\/span><\/p>\n<p><span dir=\"auto\" style=\"font-size: 14pt;\"><strong>Para los contaminantes no cancer\u00edgenos se utilizan los valores gu\u00eda de inmisi\u00f3n en la legislaci\u00f3n espa\u00f1ola<\/strong>. Cualquier valor de inmisi\u00f3n por encima de estos valores gu\u00eda supone un riesgo elevado.<\/span><\/p>\n<p><span dir=\"auto\" style=\"font-size: 14pt;\">Para determinar el<strong> riesgo unitario de contraer c\u00e1ncer por inhalaci\u00f3n<\/strong>, se multiplica la poblaci\u00f3n expuesta, por la concentraci\u00f3n del contaminante y por el factor de unidad de riesgo.<\/span><\/p>\n<ul>\n<li>\n<p><span style=\"font-size: 14pt;\"><b><span dir=\"auto\">Ejemplo:<\/span><\/b><span dir=\"auto\"> 100.000 individuos expuestos a una <\/span><span class=\"math-inline\" data-math=\"pg\/m3\">$pg\/m3$ <\/span><span dir=\"auto\">de 2378-TCDD en el aire durante 70 a\u00f1os, 3,3 contraer\u00edan c\u00e1ncer.<\/span><\/span><\/p>\n<\/li>\n<li>\n<p><span dir=\"auto\" style=\"font-size: 14pt;\">Seg\u00fan la EPA, un caso de c\u00e1ncer por mill\u00f3n de habitantes se considera como un riesgo severo.<\/span><\/p>\n<\/li>\n<li>\n<p><span dir=\"auto\" style=\"font-size: 14pt;\">An\u00e1lisis de riesgo de varias incineradoras en los EE.UU. dan un valor que var\u00eda entre 1 y 270 casos de c\u00e1ncer por mill\u00f3n de habitantes.<\/span><\/p>\n<\/li>\n<\/ul>\n<p>&nbsp;<\/p>\n<h6 style=\"text-align: justify;\"><span dir=\"auto\" style=\"font-size: 14pt;\">Efluentes L\u00edquidos<\/span><\/h6>\n<p><span dir=\"auto\" style=\"font-size: 14pt;\"><strong>Las aguas de lavado y de apagado de las cenizas de las incineradoras contienen concentraciones significativas de compuestos t\u00f3xicos<\/strong>. Tambi\u00e9n se han encontrado cantidades importantes de metales pesados.<\/span><\/p>\n<p><span dir=\"auto\" style=\"font-size: 14pt;\">Si existe tratamiento de aguas residuales en la planta, <strong>estos contaminantes acaban en los lodos de depuraci\u00f3n<\/strong>. Si se vierten al colector, <strong>acabar\u00e1n en los lodos de las depuradoras municipales<\/strong>. A su vez los lodos se tendr\u00e1n que eliminar en un <strong>vertedero de seguridad<\/strong>, o en algunos casos se <strong>incineraran<\/strong>, estableci\u00e9ndose un <strong>c\u00edrculo vicioso<\/strong>.<\/span><\/p>\n<p>&nbsp;<\/p>\n<h6 style=\"text-align: justify;\"><span dir=\"auto\" style=\"font-size: 14pt;\">Residuos S\u00f3lidos (<em>Escorias y Cenizas<\/em>)<\/span><\/h6>\n<p><span dir=\"auto\" style=\"font-size: 14pt;\">Las <strong>escorias<\/strong> y sobre todo las <strong>cenizas volantes procedentes de la incineraci\u00f3n<\/strong><strong>contienen concentraciones elevadas de metales pesados \u200b\u200by dioxinas<\/strong>. Por lo general la cantidad de cenizas presentes en una incineradora se cifra en 10.000 ppm.<\/span><\/p>\n<p><span style=\"font-size: 14pt;\"><span dir=\"auto\">La \u00fanica forma de tratar adecuadamente estas cenizas es depositarlas en un <\/span><b><span dir=\"auto\">vertedero de seguridad<\/span><\/b><span dir=\"auto\"> con doble l\u00e1mina, para evitar infiltraciones.<\/span><\/span><\/p>\n<p><span dir=\"auto\" style=\"font-size: 14pt;\"><strong>Las escorias tambi\u00e9n pueden contener cantidades elevadas de metales pesados<\/strong>. Un estudio en EE.UU. dio una media de 6,39 mg\/l de Pb en las pruebas de <em><strong>lixiviaci\u00f3n<\/strong><\/em>de las escorias, lo que esta por encima del l\u00edmite se\u00f1alado por la EPA. Sin embargo, muchos fabricantes proclaman que las escorias (<em>y algunos incluso que las cenizas volantes<\/em>) son absolutamente inertes y que se pueden utilizar para construir carreteras.<\/span><\/p>\n<p>&nbsp;<\/p>\n<p><strong><span dir=\"auto\" style=\"font-size: 14pt;\">Tabla: Tratamiento de RSU por Comunidades Aut\u00f3nomas (A\u00f1o 1991)<\/span><\/strong><\/p>\n<p>&nbsp;<\/p>\n<table>\n<thead>\n<tr>\n<td><span style=\"font-size: 14pt;\"><strong>Comunidad Aut\u00f3noma<\/strong><\/span><\/td>\n<td><span style=\"font-size: 14pt;\"><strong>Vertido Incontrolado (t\/a\u00f1o)<\/strong><\/span><\/td>\n<td><span style=\"font-size: 14pt;\"><strong>Vertido controlado (t\/a\u00f1o)<\/strong><\/span><\/td>\n<td><span style=\"font-size: 14pt;\"><strong>Compostaje (t\/a\u00f1o)<\/strong><\/span><\/td>\n<td><span style=\"font-size: 14pt;\"><strong>Incineraci\u00f3n (t\/a\u00f1o)<\/strong><\/span><\/td>\n<\/tr>\n<\/thead>\n<tbody>\n<tr>\n<td><span dir=\"auto\" style=\"font-size: 14pt;\">Andaluc\u00eda<\/span><\/td>\n<td><span dir=\"auto\" style=\"font-size: 14pt;\">501.250<\/span><\/td>\n<td><span dir=\"auto\" style=\"font-size: 14pt;\">787.258<\/span><\/td>\n<td><span dir=\"auto\" style=\"font-size: 14pt;\">602.200<\/span><\/td>\n<td><span dir=\"auto\" style=\"font-size: 14pt;\">9.500<\/span><\/td>\n<\/tr>\n<tr>\n<td><span dir=\"auto\" style=\"font-size: 14pt;\">Arag\u00f3n<\/span><\/td>\n<td><span dir=\"auto\" style=\"font-size: 14pt;\">107.788<\/span><\/td>\n<td><span dir=\"auto\" style=\"font-size: 14pt;\">172.700<\/span><\/td>\n<td>&nbsp;<\/td>\n<td>&nbsp;<\/td>\n<\/tr>\n<tr>\n<td><span dir=\"auto\" style=\"font-size: 14pt;\">Asturias<\/span><\/td>\n<td><span dir=\"auto\" style=\"font-size: 14pt;\">32.685<\/span><\/td>\n<td><span dir=\"auto\" style=\"font-size: 14pt;\">281.550<\/span><\/td>\n<td>&nbsp;<\/td>\n<td>&nbsp;<\/td>\n<\/tr>\n<tr>\n<td><span dir=\"auto\" style=\"font-size: 14pt;\">Baleares<\/span><\/td>\n<td><span dir=\"auto\" style=\"font-size: 14pt;\">85.625<\/span><\/td>\n<td><span dir=\"auto\" style=\"font-size: 14pt;\">164.400<\/span><\/td>\n<td><span dir=\"auto\" style=\"font-size: 14pt;\">95.000<\/span><\/td>\n<td><span dir=\"auto\" style=\"font-size: 14pt;\">35.300<\/span><\/td>\n<\/tr>\n<tr>\n<td><span dir=\"auto\" style=\"font-size: 14pt;\">Canarias<\/span><\/td>\n<td><span dir=\"auto\" style=\"font-size: 14pt;\">119.612<\/span><\/td>\n<td><span dir=\"auto\" style=\"font-size: 14pt;\">350.500<\/span><\/td>\n<td>&nbsp;<\/td>\n<td>&nbsp;<\/td>\n<\/tr>\n<tr>\n<td><span dir=\"auto\" style=\"font-size: 14pt;\">Cantabria<\/span><\/td>\n<td><span dir=\"auto\" style=\"font-size: 14pt;\">26.468<\/span><\/td>\n<td><span dir=\"auto\" style=\"font-size: 14pt;\">125.009<\/span><\/td>\n<td>&nbsp;<\/td>\n<td><span dir=\"auto\" style=\"font-size: 14pt;\">6.660<\/span><\/td>\n<\/tr>\n<tr>\n<td><span dir=\"auto\" style=\"font-size: 14pt;\">Castilla-La Mancha<\/span><\/td>\n<td><span dir=\"auto\" style=\"font-size: 14pt;\">229.722<\/span><\/td>\n<td><span dir=\"auto\" style=\"font-size: 14pt;\">59.197<\/span><\/td>\n<td><span dir=\"auto\" style=\"font-size: 14pt;\">84.000<\/span><\/td>\n<td><span dir=\"auto\" style=\"font-size: 14pt;\">333.750<\/span><\/td>\n<\/tr>\n<tr>\n<td><span dir=\"auto\" style=\"font-size: 14pt;\">Castilla y Le\u00f3n<\/span><\/td>\n<td><span dir=\"auto\" style=\"font-size: 14pt;\">157.824<\/span><\/td>\n<td><span dir=\"auto\" style=\"font-size: 14pt;\">486.700<\/span><\/td>\n<td><span dir=\"auto\" style=\"font-size: 14pt;\">455.700<\/span><\/td>\n<td>&nbsp;<\/td>\n<\/tr>\n<tr>\n<td><span dir=\"auto\" style=\"font-size: 14pt;\">Catalu\u00f1a<\/span><\/td>\n<td><span dir=\"auto\" style=\"font-size: 14pt;\">391.882<\/span><\/td>\n<td><span dir=\"auto\" style=\"font-size: 14pt;\">1.178.800<\/span><\/td>\n<td><span dir=\"auto\" style=\"font-size: 14pt;\">803.800<\/span><\/td>\n<td>&nbsp;<\/td>\n<\/tr>\n<tr>\n<td><span dir=\"auto\" style=\"font-size: 14pt;\">Comunidad Valenciana<\/span><\/td>\n<td><span dir=\"auto\" style=\"font-size: 14pt;\">208.669<\/span><\/td>\n<td><span dir=\"auto\" style=\"font-size: 14pt;\">136.890<\/span><\/td>\n<td>&nbsp;<\/td>\n<td><span dir=\"auto\" style=\"font-size: 14pt;\">1.200<\/span><\/td>\n<\/tr>\n<tr>\n<td><span dir=\"auto\" style=\"font-size: 14pt;\">Extremadura<\/span><\/td>\n<td><span dir=\"auto\" style=\"font-size: 14pt;\">199.193<\/span><\/td>\n<td><span dir=\"auto\" style=\"font-size: 14pt;\">105.300<\/span><\/td>\n<td>&nbsp;<\/td>\n<td><span dir=\"auto\" style=\"font-size: 14pt;\">86.900<\/span><\/td>\n<\/tr>\n<tr>\n<td><span dir=\"auto\" style=\"font-size: 14pt;\">Galicia<\/span><\/td>\n<td><span dir=\"auto\" style=\"font-size: 14pt;\">232.381<\/span><\/td>\n<td><span dir=\"auto\" style=\"font-size: 14pt;\">367.350<\/span><\/td>\n<td><span dir=\"auto\" style=\"font-size: 14pt;\">45.000<\/span><\/td>\n<td>&nbsp;<\/td>\n<\/tr>\n<tr>\n<td><span dir=\"auto\" style=\"font-size: 14pt;\">Madrid<\/span><\/td>\n<td><span dir=\"auto\" style=\"font-size: 14pt;\">42.206<\/span><\/td>\n<td><span dir=\"auto\" style=\"font-size: 14pt;\">1.632.300<\/span><\/td>\n<td><span dir=\"auto\" style=\"font-size: 14pt;\">70.000<\/span><\/td>\n<td>&nbsp;<\/td>\n<\/tr>\n<tr>\n<td><span dir=\"auto\" style=\"font-size: 14pt;\">Murcia<\/span><\/td>\n<td><span dir=\"auto\" style=\"font-size: 14pt;\">51.962<\/span><\/td>\n<td><span dir=\"auto\" style=\"font-size: 14pt;\">16.721<\/span><\/td>\n<td><span dir=\"auto\" style=\"font-size: 14pt;\">273.000<\/span><\/td>\n<td><span dir=\"auto\" style=\"font-size: 14pt;\">1.200<\/span><\/td>\n<\/tr>\n<tr>\n<td><span dir=\"auto\" style=\"font-size: 14pt;\">Navarra<\/span><\/td>\n<td><span dir=\"auto\" style=\"font-size: 14pt;\">107.188<\/span><\/td>\n<td><span dir=\"auto\" style=\"font-size: 14pt;\">34.120<\/span><\/td>\n<td>&nbsp;<\/td>\n<td><span dir=\"auto\" style=\"font-size: 14pt;\">61.200<\/span><\/td>\n<\/tr>\n<tr>\n<td><span dir=\"auto\" style=\"font-size: 14pt;\">Pa\u00eds Vasco<\/span><\/td>\n<td><span dir=\"auto\" style=\"font-size: 14pt;\">46.557<\/span><\/td>\n<td><span dir=\"auto\" style=\"font-size: 14pt;\">509.800<\/span><\/td>\n<td>&nbsp;<\/td>\n<td>&nbsp;<\/td>\n<\/tr>\n<tr>\n<td><span dir=\"auto\" style=\"font-size: 14pt;\">Rioja (La)<\/span><\/td>\n<td><span dir=\"auto\" style=\"font-size: 14pt;\">14.397<\/span><\/td>\n<td><span dir=\"auto\" style=\"font-size: 14pt;\">62.000<\/span><\/td>\n<td>&nbsp;<\/td>\n<td>&nbsp;<\/td>\n<\/tr>\n<tr>\n<td><span dir=\"auto\" style=\"font-size: 14pt;\">Ceuta<\/span><\/td>\n<td>&nbsp;<\/td>\n<td><span dir=\"auto\" style=\"font-size: 14pt;\">22.500<\/span><\/td>\n<td>&nbsp;<\/td>\n<td><span dir=\"auto\" style=\"font-size: 14pt;\">21.500<\/span><\/td>\n<\/tr>\n<tr>\n<td><span dir=\"auto\" style=\"font-size: 14pt;\">Melilla<\/span><\/td>\n<td>&nbsp;<\/td>\n<td>&nbsp;<\/td>\n<td>&nbsp;<\/td>\n<td>&nbsp;<\/td>\n<\/tr>\n<tr>\n<td><span style=\"font-size: 14pt;\"><b><span dir=\"auto\">ESPA\u00d1A<\/span><\/b><\/span><\/td>\n<td><span style=\"font-size: 14pt;\"><b><span dir=\"auto\">2.555.408<\/span><\/b><\/span><\/td>\n<td><span style=\"font-size: 14pt;\"><b><span dir=\"auto\">6.493.095<\/span><\/b><\/span><\/td>\n<td><span style=\"font-size: 14pt;\"><b><span dir=\"auto\">2.428.700<\/span><\/b><\/span><\/td>\n<td><span style=\"font-size: 14pt;\"><b><span dir=\"auto\">557.210<\/span><\/b><\/span><\/td>\n<\/tr>\n<\/tbody>\n<\/table>\n<\/div>\n<p style=\"text-align: justify;\">\u00a0<\/p>\n<p style=\"text-align: justify;\">\u00a0<\/p>\n<p style=\"text-align: justify;\"><span style=\"font-size: 14pt;\">Es posible el reaprovechamiento de gran parte de los residuos mediante la alternativa de la RECUPERACION Y EL RECICLAJE, objeto de la pr\u00f3xima entrada de esta serie.<\/span><\/p>\n<p>&nbsp;<\/p>\n<figure id=\"attachment_2314087\" aria-describedby=\"caption-attachment-2314087\" style=\"width: 555px\" class=\"wp-caption aligncenter\"><img loading=\"lazy\" decoding=\"async\" class=\"wp-image-2314087\" src=\"https:\/\/puntocritico.com\/ausajpuntocritico\/wp-content\/uploads\/2025\/11\/Alemania-cuenta-con-un-centenar-de-centrales-en-las-que-se-incineran-residuos-para-la-generacion-de-electricidad-WP-300x147.jpeg\" alt=\"\" width=\"555\" height=\"271\" srcset=\"https:\/\/puntocritico.com\/ausajpuntocritico\/wp-content\/uploads\/2025\/11\/Alemania-cuenta-con-un-centenar-de-centrales-en-las-que-se-incineran-residuos-para-la-generacion-de-electricidad-WP-300x147.jpeg 300w, https:\/\/puntocritico.com\/ausajpuntocritico\/wp-content\/uploads\/2025\/11\/Alemania-cuenta-con-un-centenar-de-centrales-en-las-que-se-incineran-residuos-para-la-generacion-de-electricidad-WP-768x375.jpeg 768w, https:\/\/puntocritico.com\/ausajpuntocritico\/wp-content\/uploads\/2025\/11\/Alemania-cuenta-con-un-centenar-de-centrales-en-las-que-se-incineran-residuos-para-la-generacion-de-electricidad-WP.jpeg 990w\" sizes=\"auto, (max-width: 555px) 100vw, 555px\" \/><figcaption id=\"caption-attachment-2314087\" class=\"wp-caption-text\"><span style=\"color: #008000;\">Alemania cuenta con un centenar de centrales en las que se incineran residuos para la generaci\u00f3n de electricidad WP<\/span><\/figcaption><\/figure>\n<p style=\"text-align: center;\"><strong><span style=\"color: #008000; font-size: 18pt;\">*******<\/span><\/strong><\/p>\n<h2 style=\"text-align: justify;\"><span style=\"font-size: 14pt;\">RELACIONADOS:<\/span><\/h2>\n<p><a href=\"https:\/\/puntocritico.com\/ausajpuntocritico\/2025\/10\/23\/residuos-solidos-urbanos-parte-1-intro\/\" target=\"_blank\" rel=\"noopener\" data-schema-attribute=\"\"><span style=\"color: #008000; font-size: 14pt;\">RSU (RESIDUOS S\u00d3LIDOS URBANOS), Parte 1<\/span><\/a><\/p>\n<blockquote class=\"wp-embedded-content\" data-secret=\"HKXFpGCeBL\"><p><a href=\"https:\/\/puntocritico.com\/ausajpuntocritico\/2025\/10\/23\/residuos-solidos-urbanos-parte-1-intro\/\">RESIDUOS S\u00d3LIDOS URBANOS: HISTORIA DE SU REGULACI\u00d3N EN ESPA\u00d1A, por Jes\u00fas D\u00edaz Formoso (Parte 1: Introducci\u00f3n)<\/a><\/p><\/blockquote>\n<p><iframe loading=\"lazy\" class=\"wp-embedded-content\" sandbox=\"allow-scripts\" security=\"restricted\" style=\"position: absolute; visibility: hidden;\" title=\"\u00abRESIDUOS S\u00d3LIDOS URBANOS: HISTORIA DE SU REGULACI\u00d3N EN ESPA\u00d1A, por Jes\u00fas D\u00edaz Formoso (Parte 1: Introducci\u00f3n)\u00bb \u2014 Punto Cr\u00edtico Derechos Humanos\" src=\"https:\/\/puntocritico.com\/ausajpuntocritico\/2025\/10\/23\/residuos-solidos-urbanos-parte-1-intro\/embed\/#?secret=AEXKJyr5gW#?secret=HKXFpGCeBL\" data-secret=\"HKXFpGCeBL\" width=\"500\" height=\"282\" frameborder=\"0\" marginwidth=\"0\" marginheight=\"0\" scrolling=\"no\"><\/iframe><\/p>\n<p>&nbsp;<\/p>\n<p><a href=\"https:\/\/puntocritico.com\/ausajpuntocritico\/2025\/10\/30\/los-rsu-por-jesus-diaz-formoso-parte-2\/\" target=\"_blank\" rel=\"noopener\" data-schema-attribute=\"\"><span style=\"color: #008000; font-size: 14pt;\">RSU (RESIDUOS S\u00d3LIDOS URBANOS), Parte 2<\/span><\/a><\/p>\n<blockquote class=\"wp-embedded-content\" data-secret=\"BMJ1Ukj1go\"><p><a href=\"https:\/\/puntocritico.com\/ausajpuntocritico\/2025\/10\/30\/los-rsu-por-jesus-diaz-formoso-parte-2\/\">RSU (RESIDUOS S\u00d3LIDOS URBANOS): HISTORIA DE SU REGULACI\u00d3N EN ESPA\u00d1A, por Jes\u00fas D\u00edaz Formoso (PARTE 2)<\/a><\/p><\/blockquote>\n<p><iframe loading=\"lazy\" class=\"wp-embedded-content\" sandbox=\"allow-scripts\" security=\"restricted\" style=\"position: absolute; visibility: hidden;\" title=\"\u00abRSU (RESIDUOS S\u00d3LIDOS URBANOS): HISTORIA DE SU REGULACI\u00d3N EN ESPA\u00d1A, por Jes\u00fas D\u00edaz Formoso (PARTE 2)\u00bb \u2014 Punto Cr\u00edtico Derechos Humanos\" src=\"https:\/\/puntocritico.com\/ausajpuntocritico\/2025\/10\/30\/los-rsu-por-jesus-diaz-formoso-parte-2\/embed\/#?secret=54jIr1DaN3#?secret=BMJ1Ukj1go\" data-secret=\"BMJ1Ukj1go\" width=\"500\" height=\"282\" frameborder=\"0\" marginwidth=\"0\" marginheight=\"0\" scrolling=\"no\"><\/iframe><\/p>\n<p>&nbsp;<\/p>\n<blockquote class=\"wp-embedded-content\" data-secret=\"858CWdl2WH\"><p><a href=\"https:\/\/puntocritico.com\/ausajpuntocritico\/2024\/11\/14\/el-urbanismo-la-ciudad-y-su-tratamiento-juridico-por-gabriela-sanchez-luna\/\">EL URBANISMO, LA CIUDAD Y SU TRATAMIENTO JUR\u00cdDICO, por Gabriela S\u00e1nchez Luna<\/a><\/p><\/blockquote>\n<p><iframe loading=\"lazy\" class=\"wp-embedded-content\" sandbox=\"allow-scripts\" security=\"restricted\" style=\"position: absolute; visibility: hidden;\" title=\"\u00abEL URBANISMO, LA CIUDAD Y SU TRATAMIENTO JUR\u00cdDICO, por Gabriela S\u00e1nchez Luna\u00bb \u2014 Punto Cr\u00edtico Derechos Humanos\" src=\"https:\/\/puntocritico.com\/ausajpuntocritico\/2024\/11\/14\/el-urbanismo-la-ciudad-y-su-tratamiento-juridico-por-gabriela-sanchez-luna\/embed\/#?secret=XUey1g1tZ8#?secret=858CWdl2WH\" data-secret=\"858CWdl2WH\" width=\"500\" height=\"282\" frameborder=\"0\" marginwidth=\"0\" marginheight=\"0\" scrolling=\"no\"><\/iframe><\/p>\n<p>&nbsp;<\/p>\n<p><a href=\"https:\/\/puntocritico.com\/ausajpuntocritico\/author\/punto-critico\/\"><img loading=\"lazy\" decoding=\"async\" class=\"aligncenter wp-image-48\" src=\"https:\/\/puntocritico.com\/ausajpuntocritico\/wp-content\/uploads\/2016\/11\/Mosca_Punto_Cr%C3%ADtico_40.png\" alt=\"\" width=\"80\" height=\"80\" data-id=\"48\" \/><\/a><\/p>\n<p>&nbsp;<\/p>\n","protected":false},"excerpt":{"rendered":"<div class=\"mh-excerpt\"><p>VERTIDO CONTROLADO E INCINERACI\u00d3N &nbsp; RESIDUOS S\u00d3LIDOS URBANOS: SISTEMAS DE GESTION (tratamiento) Tratamiento: Se entiende por tratamiento de residuos el conjunto de operaciones encaminadas a su eliminaci\u00f3n o al aprovechamiento de los recursos contenidos en <a class=\"mh-excerpt-more\" href=\"https:\/\/puntocritico.com\/ausajpuntocritico\/2025\/11\/06\/vertido-controlado-e-incineracion-rsu-parte-3\/\" title=\"VERTIDO CONTROLADO E INCINERACI\u00d3N (\u00abResiduos S\u00f3lidos Urbanos: Historia de su Regulaci\u00f3n en Espa\u00f1a\u00bb, por Jes\u00fas D\u00edaz Formoso, 1994), PARTE 3\">[&#8230;]<\/a><\/p>\n<\/div>","protected":false},"author":3,"featured_media":2314084,"comment_status":"closed","ping_status":"closed","sticky":false,"template":"","format":"standard","meta":{"_acf_changed":false,"_exactmetrics_skip_tracking":false,"_exactmetrics_sitenote_active":false,"_exactmetrics_sitenote_note":"","_exactmetrics_sitenote_category":0,"footnotes":""},"categories":[7],"tags":[189],"class_list":{"0":"post-2313390","1":"post","2":"type-post","3":"status-publish","4":"format-standard","5":"has-post-thumbnail","7":"category-politica","8":"tag-residuos-solidos-urbanos"},"acf":[],"_links":{"self":[{"href":"https:\/\/puntocritico.com\/ausajpuntocritico\/wp-json\/wp\/v2\/posts\/2313390","targetHints":{"allow":["GET"]}}],"collection":[{"href":"https:\/\/puntocritico.com\/ausajpuntocritico\/wp-json\/wp\/v2\/posts"}],"about":[{"href":"https:\/\/puntocritico.com\/ausajpuntocritico\/wp-json\/wp\/v2\/types\/post"}],"author":[{"embeddable":true,"href":"https:\/\/puntocritico.com\/ausajpuntocritico\/wp-json\/wp\/v2\/users\/3"}],"replies":[{"embeddable":true,"href":"https:\/\/puntocritico.com\/ausajpuntocritico\/wp-json\/wp\/v2\/comments?post=2313390"}],"version-history":[{"count":0,"href":"https:\/\/puntocritico.com\/ausajpuntocritico\/wp-json\/wp\/v2\/posts\/2313390\/revisions"}],"wp:featuredmedia":[{"embeddable":true,"href":"https:\/\/puntocritico.com\/ausajpuntocritico\/wp-json\/wp\/v2\/media\/2314084"}],"wp:attachment":[{"href":"https:\/\/puntocritico.com\/ausajpuntocritico\/wp-json\/wp\/v2\/media?parent=2313390"}],"wp:term":[{"taxonomy":"category","embeddable":true,"href":"https:\/\/puntocritico.com\/ausajpuntocritico\/wp-json\/wp\/v2\/categories?post=2313390"},{"taxonomy":"post_tag","embeddable":true,"href":"https:\/\/puntocritico.com\/ausajpuntocritico\/wp-json\/wp\/v2\/tags?post=2313390"}],"curies":[{"name":"wp","href":"https:\/\/api.w.org\/{rel}","templated":true}]}}