{"id":2313299,"date":"2025-10-23T00:05:56","date_gmt":"2025-10-22T22:05:56","guid":{"rendered":"https:\/\/puntocritico.com\/ausajpuntocritico\/?p=2313299"},"modified":"2025-10-25T12:13:30","modified_gmt":"2025-10-25T10:13:30","slug":"residuos-solidos-urbanos-parte-1-intro","status":"publish","type":"post","link":"https:\/\/puntocritico.com\/ausajpuntocritico\/2025\/10\/23\/residuos-solidos-urbanos-parte-1-intro\/","title":{"rendered":"RESIDUOS S\u00d3LIDOS URBANOS: HISTORIA DE SU REGULACI\u00d3N EN ESPA\u00d1A, por Jes\u00fas D\u00edaz Formoso (Parte 1: Introducci\u00f3n)"},"content":{"rendered":"<p style=\"text-align: justify;\"><span style=\"font-size: 14pt; color: #008000;\">RESIDUOS S\u00d3LIDOS URBANOS, Parte 1<\/span><\/p>\n\n<p>&nbsp;<\/p>\n<blockquote>\n<p style=\"text-align: justify;\"><span style=\"font-size: 14pt;\">Iniciamos la publicaci\u00f3n de un libro que escrib\u00ed hace m\u00e1s de 30 a\u00f1os. Presentado en 1994, no lo quise publicar con otras editoriales interesadas pues, en aqu\u00e9l momento, adem\u00e1s de abogado, era editor (<em>de Punto Cr\u00edtico, el Bolet\u00edn de Derecho Ambiental del cual esta web es continuadora<\/em>).<\/span><\/p>\n<p style=\"text-align: justify;\"><span style=\"font-size: 14pt;\">El a\u00f1o siguiente, 1995, comenc\u00e9 a preparar el asunto del Plagio de la obra que, escrita por mi madre, Carmen Formoso, y enviada al Premio Planeta, edici\u00f3n 1994, acab\u00f3 siendo utilizada para que el Premio Nobel de Literatura, Camilo Jos\u00e9 Cela, pudiese presentar un libro al certamen y llevarse, como hab\u00eda pactado con la empresa, Editorial Planeta, el Premio de 1994. Y as\u00ed fue.<\/span><\/p>\n<p style=\"text-align: justify;\"><span style=\"font-size: 14pt;\">En 1996 comenzamos la v\u00eda judicial contra Cela y Editorial Planeta, representada por su Presidente, Jos\u00e9 Manuel Lara Bosch, hijo del legionario Falangista, Jos\u00e9 Manuel Lara, el amigo de Franco. De todo ello os he informado en la serie \u00ab<strong><a href=\"https:\/\/puntocritico.com\/ausajpuntocritico\/2022\/05\/26\/camilo-jose-cela-y-el-plagio-la-cruz-de-san-andres-y-el-cervantes-por-ian-gibson-el-plagio-del-siglo-del-que-esta-prohibido-hablar-parte-1-3\/\" target=\"_blank\" rel=\"noopener\" data-schema-attribute=\"\">El plagio del Siglo, del que est\u00e1 prohibido hablar<\/a><\/strong>\u00ab, por lo que no me extender\u00e9 sobre ello. <\/span><\/p>\n<figure id=\"attachment_2313499\" aria-describedby=\"caption-attachment-2313499\" style=\"width: 211px\" class=\"wp-caption alignleft\"><img loading=\"lazy\" decoding=\"async\" class=\"size-medium wp-image-2313499\" src=\"https:\/\/puntocritico.com\/ausajpuntocritico\/wp-content\/uploads\/2025\/10\/Qualiman-UE-portada-211x300.jpg\" alt=\"\" width=\"211\" height=\"300\" srcset=\"https:\/\/puntocritico.com\/ausajpuntocritico\/wp-content\/uploads\/2025\/10\/Qualiman-UE-portada-211x300.jpg 211w, https:\/\/puntocritico.com\/ausajpuntocritico\/wp-content\/uploads\/2025\/10\/Qualiman-UE-portada-721x1024.jpg 721w, https:\/\/puntocritico.com\/ausajpuntocritico\/wp-content\/uploads\/2025\/10\/Qualiman-UE-portada-768x1090.jpg 768w, https:\/\/puntocritico.com\/ausajpuntocritico\/wp-content\/uploads\/2025\/10\/Qualiman-UE-portada-1082x1536.jpg 1082w, https:\/\/puntocritico.com\/ausajpuntocritico\/wp-content\/uploads\/2025\/10\/Qualiman-UE-portada-1443x2048.jpg 1443w, https:\/\/puntocritico.com\/ausajpuntocritico\/wp-content\/uploads\/2025\/10\/Qualiman-UE-portada-1320x1874.jpg 1320w, https:\/\/puntocritico.com\/ausajpuntocritico\/wp-content\/uploads\/2025\/10\/Qualiman-UE-portada-scaled.jpg 1803w\" sizes=\"auto, (max-width: 211px) 100vw, 211px\" \/><figcaption id=\"caption-attachment-2313499\" class=\"wp-caption-text\"><span style=\"color: #008000;\">Programa Qualyman de la UE, 1996-1998.\u00a0<\/span><\/figcaption><\/figure>\n<p style=\"text-align: justify;\"><span style=\"font-size: 14pt;\">S\u00f3lo a\u00f1adir\u00e9 que, a causa de la criminal persecuci\u00f3n a la que (<em>con la colaboraci\u00f3n de la estructura de la desinformaci\u00f3n, p\u00fablica y privada, y del mismo Poder Judicial<\/em>) desde la Editorial Querellada se someti\u00f3, no solo a mi madre, sino tambi\u00e9n a mi, su hijo y abogado, tuve que cerrar la p\u00e1gina web \u00abPuntocritico.com\u00bb en la que hab\u00eda publicado lo relativo a este asunto del Plagio, y en la que estaba preparando la publicaci\u00f3n del libro que ahora, por fin, llevar\u00e9 a cabo, 30 a\u00f1os despu\u00e9s.<\/span><\/p>\n<p style=\"text-align: justify;\"><span style=\"font-size: 14pt;\">Cuando comenc\u00e9 a preparar esta serie de entradas, los recuerdos comenzaron a brotar a borbotones. Y la tristeza, que siempre acompa\u00f1a estos recuerdos lejanos.<\/span><\/p>\n<p style=\"text-align: justify;\"><span style=\"font-size: 14pt;\">Como resultado de la persecuci\u00f3n sufrida, mi vida -personal y profesional- fue destruida, y con ella, todos mis logros en el campo del Derecho, y en especial, del Derecho Ambiental, al que ayud\u00e9 a nacer a finales del siglo pasado, en materias tan relevantes -y complejas- como la Tributaci\u00f3n Ambiental, el Derecho de Aguas o el de la Energ\u00eda (<em>recuerdo -en una materia a la que por fin tanta importancia se otorga hoy- mi primer asunto en el campo de la producci\u00f3n de energ\u00eda hidr\u00e1ulica -embalses-; lo gan\u00e9 el siglo pasado<\/em>).<\/span><\/p>\n<figure id=\"attachment_2313511\" aria-describedby=\"caption-attachment-2313511\" style=\"width: 180px\" class=\"wp-caption alignright\"><img loading=\"lazy\" decoding=\"async\" class=\"wp-image-2313511\" src=\"https:\/\/puntocritico.com\/ausajpuntocritico\/wp-content\/uploads\/2025\/10\/Tarjeta-Qualyman-Anverso-ok.jpg\" alt=\"\" width=\"180\" height=\"298\" \/><figcaption id=\"caption-attachment-2313511\" class=\"wp-caption-text\"><span style=\"color: #008000;\">Proyecto Qualyman (1996-1998)<\/span><\/figcaption><\/figure>\n<p style=\"text-align: justify;\"><span style=\"font-size: 14pt;\">Todos los que entonces form\u00e1bamos parte del parto del Derecho Ambiental espa\u00f1ol, han (<em>hemos<\/em>) sido cancelados en vida (<em>o han sido borrados tras su fallecimiento<\/em>). <\/span><\/p>\n<p style=\"text-align: justify;\"><span style=\"font-size: 14pt;\">Algunos se han jubilado, otros han fallecido; todos, de una u otra manera, fuimos Cancelados, o se han dedicado a otra cosa -lo que ha supuesto una gran p\u00e9rdida para toda la sociedad-, y hoy son Catedr\u00e1ticos, empresarios o Funcionarios de mayor o menor nivel, pero ya no al servicio del Derecho \u00abAmbiental\u00bb, que ha quedado como instrumento de Manipulaci\u00f3n y Control Social (<em>y, finalmente, tambi\u00e9n como recurso para alimentar pol\u00edticos malvados y amiguetes incompetentes sin formaci\u00f3n<\/em>).<\/span><\/p>\n<p><span style=\"font-size: 14pt;\">En estos \u00faltimos 15 \u00f3 20 a\u00f1os, se ha producido <\/span><strong><span style=\"font-size: 14pt;\">\u00ab<em>La Conversi\u00f3n<\/em>\u00ab:\u00a0<\/span><\/strong><strong><span style=\"font-size: 14pt;\">De aqu\u00e9llos Narcisos a estos Psic\u00f3patas.<\/span><\/strong><\/p>\n<p>&nbsp;<\/p>\n<\/blockquote>\n<blockquote>\n<p style=\"text-align: justify;\"><span style=\"color: #008000;\"><strong><span style=\"font-size: 14pt;\">Y fue as\u00ed, como el Medio Ambiente pas\u00f3 de ser Ciencia a convertirse en Propaganda.<\/span><\/strong><\/span><\/p>\n<p>&nbsp;<\/p>\n<p style=\"text-align: justify;\"><span style=\"font-size: 14pt;\">Todos los que en ello participamos ten\u00edamos la conciencia de la necesidad de un Desarrollo Sostenible, que habr\u00eda de ser propiciado por la nueva rama -multidisciplinar- de Derecho que estaba naciendo. Y hoy, convertido en el mayor fraude de la historia, podemos seguir su evoluci\u00f3n, que se inicia conforme a la exposici\u00f3n que sigue, entonces, la que se estaba imponiendo por medio de la corrupci\u00f3n pol\u00edtica, de la Desinformaci\u00f3n y de la -entonces confiada, y confiable- Universidad.<\/span><\/p>\n<p>&nbsp;<\/p>\n<p style=\"text-align: center;\"><strong><span style=\"font-size: 14pt;\"><span style=\"color: #008000;\">Lo primero que tuve que decidir fue si publicar esta \u00abIntroducci\u00f3n\u00bb. Porque demuestra que, m\u00e1s de 30 a\u00f1os despu\u00e9s, lo que comenz\u00f3 como altruismo, colaps\u00f3 en Servidumbre.<\/span><\/span><\/strong><\/p>\n<p>&nbsp;<\/p>\n<figure id=\"attachment_2313515\" aria-describedby=\"caption-attachment-2313515\" style=\"width: 220px\" class=\"wp-caption alignleft\"><img loading=\"lazy\" decoding=\"async\" class=\"wp-image-2313515\" src=\"https:\/\/puntocritico.com\/ausajpuntocritico\/wp-content\/uploads\/2025\/10\/Tarjeta-Qualyman-reverso-IA-OK-188x300.png\" alt=\"\" width=\"220\" height=\"352\" srcset=\"https:\/\/puntocritico.com\/ausajpuntocritico\/wp-content\/uploads\/2025\/10\/Tarjeta-Qualyman-reverso-IA-OK-188x300.png 188w, https:\/\/puntocritico.com\/ausajpuntocritico\/wp-content\/uploads\/2025\/10\/Tarjeta-Qualyman-reverso-IA-OK-640x1024.png 640w, https:\/\/puntocritico.com\/ausajpuntocritico\/wp-content\/uploads\/2025\/10\/Tarjeta-Qualyman-reverso-IA-OK-768x1229.png 768w, https:\/\/puntocritico.com\/ausajpuntocritico\/wp-content\/uploads\/2025\/10\/Tarjeta-Qualyman-reverso-IA-OK.png 800w\" sizes=\"auto, (max-width: 220px) 100vw, 220px\" \/><figcaption id=\"caption-attachment-2313515\" class=\"wp-caption-text\"><span style=\"color: #008000;\">Equipo del Proyecto Qualyman (1996-1998) <\/span><\/figcaption><\/figure>\n<p style=\"text-align: justify;\"><span style=\"font-size: 14pt;\">Lo primero que tuve que decidir fue si publicar esta \u00ab<em><strong>Introducci\u00f3n<\/strong><\/em>\u00ab. Porque demuestra que, m\u00e1s de <strong>30 a\u00f1os despu\u00e9s, lo que comenz\u00f3 como altruismo, colaps\u00f3 en Servidumbre<\/strong>. <\/span><\/p>\n<p style=\"text-align: justify;\"><span style=\"font-size: 14pt;\">El desarrollo del Derecho del Medio Ambiente no era para proteger a las personas f\u00edsicas, sino para enriquecer a las personas jur\u00eddicas, a las personas ficticias, a las personas de papel, que se nutren con el expolio permanente de lo que deber\u00eda ser de y para todos. Y con ello, destruyen nuestros Derechos y Libertades, directamente o indirectamente, convirti\u00e9ndolos en instrumentos de Desigualdad y de enriquecimiento y corrupci\u00f3n.<\/span><\/p>\n<p style=\"text-align: justify;\"><span style=\"font-size: 14pt;\">Abominan de los Derechos Humanos. Supongo que prefieren ser esclavizados o torturados, que tener derecho a no serlo. O, quiz\u00e1s, es que se ven a s\u00ed mismos, no como v\u00edctimas, sino como verdugos, como amos, como torturadores.\u00a0<\/span><\/p>\n<p style=\"text-align: justify;\"><span style=\"font-size: 14pt;\">Poco despu\u00e9s, me retir\u00e9 de la ense\u00f1anza, al ser consciente de que estaba ayudando a tejer -y a ocultar- un enorme enga\u00f1o. <\/span><\/p>\n<p style=\"text-align: justify;\"><span style=\"font-size: 14pt;\">Segu\u00ed trabajando como abogado especializado en Medio Ambiente, Natural, Urbano e industrial, logrando grandes sentencias favorables en muchas materias integrantes del cuerpo material del Derecho Ambiental, como Urbanismo, Derecho Tributario, o Tributaci\u00f3n y Depuraci\u00f3n de aguas residuales, en especial de las aguas residuales industriales m\u00e1s complicadas, o la gesti\u00f3n de Residuos de todo tipo, desde sanitarios a inertes, incluso radiactivos. <\/span><\/p>\n<p style=\"text-align: justify;\"><span style=\"font-size: 14pt;\">Calidad de las Aguas (Mar\u00edtimas y Continentales), Producci\u00f3n de energ\u00eda por cogeneraci\u00f3n (electricidad y calor), producci\u00f3n de energ\u00eda hidr\u00e1ulica, gesti\u00f3n de residuos de todo tipo, grav\u00edsimos problemas que hoy, tras d\u00e9cadas de desinformaci\u00f3n y olvido oficial, resurgen con inaplazable necesidad.\u00a0<\/span><\/p>\n<p>&nbsp;<\/p>\n<p><a href=\"https:\/\/puntocritico.com\/ausajpuntocritico\/2022\/05\/10\/consideraciones-en-torno-al-tratado-de-no-proliferacion-de-armas-nucleares\/\" target=\"_blank\" rel=\"noopener\" data-schema-attribute=\"\"><img loading=\"lazy\" decoding=\"async\" class=\"aligncenter wp-image-2247721\" src=\"https:\/\/puntocritico.com\/ausajpuntocritico\/wp-content\/uploads\/2022\/05\/Selfie-del-fin-del-mundo-PPAL-300x199.jpg\" alt=\"\" width=\"400\" height=\"266\" srcset=\"https:\/\/puntocritico.com\/ausajpuntocritico\/wp-content\/uploads\/2022\/05\/Selfie-del-fin-del-mundo-PPAL-300x199.jpg 300w, https:\/\/puntocritico.com\/ausajpuntocritico\/wp-content\/uploads\/2022\/05\/Selfie-del-fin-del-mundo-PPAL-610x405.jpg 610w, https:\/\/puntocritico.com\/ausajpuntocritico\/wp-content\/uploads\/2022\/05\/Selfie-del-fin-del-mundo-PPAL-678x452.jpg 678w, https:\/\/puntocritico.com\/ausajpuntocritico\/wp-content\/uploads\/2022\/05\/Selfie-del-fin-del-mundo-PPAL.jpg 680w\" sizes=\"auto, (max-width: 400px) 100vw, 400px\" \/><\/a><\/p>\n<\/blockquote>\n<blockquote>\n<p>&nbsp;<\/p>\n<p style=\"text-align: justify;\"><span style=\"font-size: 14pt;\">Todo cambi\u00f3 de nuevo cuando comenz\u00f3 lo m\u00e1s duro de mi Cancelaci\u00f3n. Hab\u00eda ofendido a poderosos corruptos. Hab\u00eda llamado ladrones a los ladrones. La Cancelaci\u00f3n, como resulta hoy evidente, no es temporal para los herejes al franquismo y al dios de los Transactos. La Cancelaci\u00f3n es, tendencialmente, eterna. Y su Instrumento es el Poder Judicial.<\/span><\/p>\n<p style=\"text-align: justify;\"><span style=\"font-size: 14pt;\">La Cancelaci\u00f3n supone la negaci\u00f3n de la Justicia, en todas sus formas, que redunda en la destrucci\u00f3n total, en la muerte civil (<em>social<\/em>) del Cancelado.<\/span><\/p>\n<p style=\"text-align: justify;\"><span style=\"font-size: 14pt;\">Finalmente, decid\u00ed publicarla, pues muestra como, desde las m\u00e1s altas instancias, y en las m\u00e1s relevantes Instituciones Internacionales, Europeas y Nacionales, <strong>se fabric\u00f3 la estafa de la protecci\u00f3n del Mundo contra las unidades de carbono (<em>los anteriormente conocidos como seres humanos<\/em>)<\/strong>. Os dejamos con ella. As\u00ed comenz\u00f3 a implantarse la semilla de destrucci\u00f3n en nuestras sociedades.<\/span><\/p>\n<p style=\"text-align: justify;\">\u00a0<\/p>\n<\/blockquote>\n<figure id=\"attachment_2313497\" aria-describedby=\"caption-attachment-2313497\" style=\"width: 512px\" class=\"wp-caption aligncenter\"><img loading=\"lazy\" decoding=\"async\" class=\"wp-image-2313497 size-full\" src=\"https:\/\/puntocritico.com\/ausajpuntocritico\/wp-content\/uploads\/2025\/10\/Cumbre-Rio-1992-Fidel-Castro.webp\" alt=\"\" width=\"512\" height=\"290\" srcset=\"https:\/\/puntocritico.com\/ausajpuntocritico\/wp-content\/uploads\/2025\/10\/Cumbre-Rio-1992-Fidel-Castro.webp 512w, https:\/\/puntocritico.com\/ausajpuntocritico\/wp-content\/uploads\/2025\/10\/Cumbre-Rio-1992-Fidel-Castro-300x170.webp 300w\" sizes=\"auto, (max-width: 512px) 100vw, 512px\" \/><figcaption id=\"caption-attachment-2313497\" class=\"wp-caption-text\"><span style=\"color: #008000;\">1992, Cumbre de R\u00edo. Discurso de Fidel Castro. Aqu\u00ed, en R\u00edo de Janeiro, en 1992, tuvo lugar, tras la Cumbre de Estocolmo de 1972, el pistoletazo de salida de la gran estafa ambiental programada para el siglo XXI que, con el disfraz de una falsa solidaridad, ha destruido nuestros derechos y libertades.<\/span><\/figcaption><\/figure>\n<p style=\"text-align: center;\"><strong><span style=\"color: #008000; font-size: 18pt;\">*******<\/span><\/strong><\/p>\n<h2 style=\"text-align: center;\"><span style=\"font-size: 24pt;\">RESIDUOS S\u00d3LIDOS URBANOS: HISTORIA DE SU REGULACI\u00d3N EN ESPA\u00d1A<\/span><\/h2>\n<p style=\"text-align: center;\"><strong><span style=\"font-size: 18pt;\">PARTE 1<\/span><\/strong><\/p>\n<p style=\"text-align: center;\"><em><strong><span style=\"font-size: 14pt;\">El problema es amplio, y lo podemos definir a grandes rasgos, como la contradicci\u00f3n entre la limitaci\u00f3n de los recursos naturales (tanto los renovables como, especialmente, los no renovables), y el despilfarro que supone el desechar ingentes cantidades de ellos como inservibles, <\/span><\/strong><\/em><em><strong><span style=\"font-size: 14pt;\">o su utilizaci\u00f3n innecesaria.<\/span><\/strong><\/em><\/p>\n<p style=\"text-align: center;\"><em><strong><span style=\"font-size: 14pt;\">Junto a esto, tenemos el problema a\u00f1adido de la forma de eliminaci\u00f3n de estos deshechos, de los Residuos, mediante procedimientos agresores para el medio, que sobrepasan en mucho su capacidad regenerativa, y acaban comprometiendo la salud de todos los seres vivos, generando lo que se ha denominado \u00abcontaminaci\u00f3n\u00bb.<\/span><\/strong><\/em><\/p>\n<p style=\"text-align: justify;\"><span style=\"font-size: 14pt;\">Por\u00a0<\/span><span style=\"font-size: 14pt;\"><span style=\"font-family: arial, helvetica, sans-serif;\"><a href=\"https:\/\/puntocritico.com\/ausaj\/documentos\/Curriculum_Vitae_JDF.pdf\" target=\"_blank\" rel=\"noopener noreferrer\">Jes\u00fas D\u00edaz Formoso<\/a><\/span>, 1994<\/span><\/p>\n<p style=\"text-align: justify;\"><span style=\"font-size: 14pt;\">Punto Cr\u00edtico Abogados<\/span><\/p>\n<figure id=\"attachment_2313402\" aria-describedby=\"caption-attachment-2313402\" style=\"width: 470px\" class=\"wp-caption aligncenter\"><img loading=\"lazy\" decoding=\"async\" class=\"wp-image-2313402 size-full\" src=\"https:\/\/puntocritico.com\/ausajpuntocritico\/wp-content\/uploads\/2025\/10\/10-de-septiembre-de-1996-Desplome-del-vertedeo-de-Bens-en-La-Coruna-RSU.jpg\" alt=\"RESIDUOS S\u00d3LIDOS URBANOS\" width=\"470\" height=\"313\" srcset=\"https:\/\/puntocritico.com\/ausajpuntocritico\/wp-content\/uploads\/2025\/10\/10-de-septiembre-de-1996-Desplome-del-vertedeo-de-Bens-en-La-Coruna-RSU.jpg 470w, https:\/\/puntocritico.com\/ausajpuntocritico\/wp-content\/uploads\/2025\/10\/10-de-septiembre-de-1996-Desplome-del-vertedeo-de-Bens-en-La-Coruna-RSU-300x200.jpg 300w\" sizes=\"auto, (max-width: 470px) 100vw, 470px\" \/><figcaption id=\"caption-attachment-2313402\" class=\"wp-caption-text\"><span style=\"color: #008000;\">La ma\u00f1ana del 10 de septiembre de 1996 est\u00e1 marcada en la memoria colectiva de la ciudad de A Coru\u00f1a como el d\u00eda en que se produjo una de las mayores cat\u00e1strofes ecol\u00f3gicas de Galicia. El vertedero de Bens se vino abajo y 200.000 toneladas de basura rodaron por la falda del monte. El alud sepult\u00f3 todo cuanto encontr\u00f3 a su paso: veh\u00edculos, embarcaciones, incluso un puente y se cobr\u00f3 la vida de un vecino del barrio de O Porti\u00f1o cuyo cuerpo nunca apareci\u00f3.<\/span><\/figcaption><\/figure>\n<p>&nbsp;<\/p>\n<h3 style=\"text-align: center;\"><span style=\"font-size: 18pt;\"><strong>CAPITULO I: METODOLOG\u00cdA (Resumen)<\/strong><\/span><\/h3>\n<p style=\"text-align: justify;\"><span style=\"font-size: 14pt;\">Evidentemente, la primera dificultad, est\u00e1 en poder disponer de una ajustada estimaci\u00f3n de las <strong>cantidades y<\/strong>\u00a0<strong>composici\u00f3n de los R.S.U. generados<\/strong>, aunque se ha salvado en lo posible, seg\u00fan la explicaci\u00f3n que en su momento se proporciona. Sin embargo, debido al uso de diversas fuentes, los datos se refieren a distintos a\u00f1os, con lo que no coinciden las estimaciones de poblaci\u00f3n y cantidades referidas a distintos a\u00f1os. <\/span><\/p>\n<p style=\"text-align: justify;\"><span style=\"font-size: 14pt;\">Esto se ha tenido en cuenta y se indica, al lado de las estimaciones, cual es el a\u00f1o al que se refieren (<em><strong>Nota del autor<\/strong>: El estudio tiene dos partes, una parte general, que es la que publicaremos en esta serie de entregas, y una Parte pr\u00e1ctica, referida a la Comunidad Aut\u00f3noma de Galicia, que no incluiremos en la seri, m\u00e1s que tangencialmente<\/em>).\u00a0<\/span><\/p>\n<p style=\"text-align: justify;\"><span style=\"font-size: 14pt;\">La tradicional\u00a0<strong>dispersi\u00f3n de la poblaci\u00f3n gallega<\/strong>\u00a0en\u00a0peque\u00f1os n\u00facleos, es un problema a\u00f1adido que incide\u00a0especialmente en el coste del proyecto.\u00a0La necesidad de una previa\u00a0<strong>Campa\u00f1a de concienciaci\u00f3n<\/strong>\u00a0<strong>ciudadana<\/strong> es otro condicionante, que tambi\u00e9n ser\u00e1 tenido en cuenta en su momento.\u00a0<\/span><\/p>\n<p style=\"text-align: justify;\"><span style=\"font-size: 14pt;\">Finalmente, avanzaremos c\u00f3mo el <strong>problema m\u00e1s grave<\/strong>\u00a0es la\u00a0<strong>actitud<\/strong>\u00a0<strong>contraria de la Administraci\u00f3n p\u00fablica gallega<\/strong>, que ha ideado\u00a0un <strong>Plan de gesti\u00f3n de R.S.U.,<\/strong> ya aprobado, y en tr\u00e1mite de\u00a0ejecuci\u00f3n (<em>que ser\u00e1 dilatado, y, espero que contestado<\/em>), que\u00a0contempla la \u00ab<em><strong>soluci\u00f3n<\/strong><\/em>\u00bb de la\u00a0<strong>incineraci\u00f3n<\/strong>.\u00a0<\/span><\/p>\n<p style=\"text-align: justify;\"><span style=\"font-size: 14pt;\">Este Plan est\u00e1 arropado por grandes\u00a0<strong>intereses econ\u00f3micos<\/strong>, como\u00a0las grandes constructoras, y especialmente,\u00a0<strong>Uni\u00f3n Fenosa<\/strong>,\u00a0beneficiaria de los \u00ab<em><strong>kilovatios<\/strong><\/em>\u00ab. Podr\u00eda bastar con un \u00ab<em><strong>dejar<\/strong>\u00a0<strong>hacer<\/strong><\/em>\u00bb anterior a la ejecuci\u00f3n de las obras necesarias, para\u00a0consolidar la\u00a0<strong>Recuperaci\u00f3n Selectiva<\/strong> como la mejor alternativa, pero ha de hacerse frente a gastos de infraestructura (<em>m\u00ednimos en relaci\u00f3n al presupuesto de Plan oficial -30.000. Millones<\/em>), y de una campa\u00f1a de Concienciaci\u00f3n ciudadana.\u00a0<\/span><\/p>\n<p style=\"text-align: justify;\"><span style=\"font-size: 14pt;\">Lo m\u00e1s grave es que la\u00a0<strong>enorme inversi\u00f3n<\/strong>\u00a0<strong>presupuestada<\/strong>\u00a0para el plan oficial,\u00a0<strong>dejar\u00e1 mermados los<\/strong>\u00a0<strong>recursos<\/strong>\u00a0para proyectos alternativos.<\/span><\/p>\n<p>&nbsp;<\/p>\n<figure id=\"attachment_2313408\" aria-describedby=\"caption-attachment-2313408\" style=\"width: 480px\" class=\"wp-caption aligncenter\"><img loading=\"lazy\" decoding=\"async\" class=\"wp-image-2313408 size-full\" src=\"https:\/\/puntocritico.com\/ausajpuntocritico\/wp-content\/uploads\/2025\/10\/Vertedero-de-Bens-1996.webp\" alt=\"RESIDUOS S\u00d3LIDOS URBANOS\" width=\"480\" height=\"270\" srcset=\"https:\/\/puntocritico.com\/ausajpuntocritico\/wp-content\/uploads\/2025\/10\/Vertedero-de-Bens-1996.webp 480w, https:\/\/puntocritico.com\/ausajpuntocritico\/wp-content\/uploads\/2025\/10\/Vertedero-de-Bens-1996-300x169.webp 300w\" sizes=\"auto, (max-width: 480px) 100vw, 480px\" \/><figcaption id=\"caption-attachment-2313408\" class=\"wp-caption-text\"><span style=\"color: #008000;\">Desastre Ambiental en el Vertedero de Bens; La Coru\u00f1a, 1996<\/span><\/figcaption><\/figure>\n<p style=\"text-align: center;\"><span style=\"font-size: 18pt;\"><strong><span style=\"color: #008000;\">*******<\/span><\/strong><\/span><\/p>\n<h3 style=\"text-align: center;\"><span style=\"font-size: 18pt;\"><strong>CAPITULO II: INTRODUCCION<\/strong><\/span><\/h3>\n<p><img loading=\"lazy\" decoding=\"async\" class=\"aligncenter wp-image-2313405 size-mh-magazine-content\" src=\"https:\/\/puntocritico.com\/ausajpuntocritico\/wp-content\/uploads\/2025\/10\/foto_monton-basura-en-landfill_recortada-678x343.jpg\" alt=\"RESIDUOS S\u00d3LIDOS URBANOS\" width=\"678\" height=\"343\" \/><\/p>\n<p>&nbsp;<\/p>\n<p style=\"text-align: justify;\"><span style=\"font-size: 14pt;\">La\u00a0<strong>aparici\u00f3n del hombre<\/strong>\u00a0sobre la Tierra supuso un\u00a0importante cambio en la organizaci\u00f3n de la Biosfera. Hasta su\u00a0aparici\u00f3n el flujo de materia y de energ\u00eda era algo dominado\u00a0por la propia naturaleza, por par\u00e1metros organizativos a\u00a0escala evolutiva, de miles de a\u00f1os, produci\u00e9ndose los cambios\u00a0por medio de la evoluci\u00f3n adaptativa, gen\u00e9ticamente. <\/span><\/p>\n<p style=\"text-align: justify;\"><span style=\"font-size: 14pt;\">Con el\u00a0hombre, va a aparecer un nuevo motor de cambio, el\u00a0<strong>cultural<\/strong>,\u00a0y con el, un nuevo tipo de crisis, la\u00a0<strong>crisis ambiental<\/strong>. El\u00a0hombre ha cambiado las reglas del juego por las que se reg\u00eda\u00a0la biosfera, al interaccionar con los ecosistemas naturales,\u00a0de manera cambiante a lo largo de la historia, de acuerdo al\u00a0crecimiento demogr\u00e1fico, y el nivel tecnol\u00f3gico.<\/span><\/p>\n<p style=\"text-align: justify;\"><span style=\"font-size: 14pt;\">Para entender el concepto de crisis, acudiremos a la literatura de ciencia ficci\u00f3n, en concreto al profesor <em><strong>Stephen Boyden <\/strong><\/em>(<em>protagonista de \u00ab<strong>La Fundaci\u00f3n<\/strong>\u00ab, de Isaac Asimov<\/em>)<em>,<\/em> quien habr\u00eda acu\u00f1ado el t\u00e9rmino \u00ab<a href=\"https:\/\/es.wikipedia.org\/wiki\/Psicohistoria_(ficci%C3%B3n)\" target=\"_blank\" rel=\"noopener\" data-schema-attribute=\"\"><strong><em>Psicohistoria<\/em><\/strong><\/a>\u00bb (<em>Biohistoria<\/em>), con referencia a la historia ecol\u00f3gica de la humanidad. <\/span><span style=\"font-size: 14pt;\">Nos dice que, para entender los hechos humanos tenemos que situarlos en el contexto de la historia de la vida en la Tierra. <\/span><\/p>\n<p style=\"text-align: justify;\"><span style=\"font-size: 14pt;\"><strong>El principal problema con el que nos encontramos en la actualidad, se podr\u00eda cifrar en la disparidad de tiempo con el que tienen lugar los dos tipos de evoluci\u00f3n en los que est\u00e1 inmerso el ser humano<\/strong>: por un lado la evoluci\u00f3n gen\u00e9tica, con plazos extremadamente largos, y por otro lado la evoluci\u00f3n cultural, que si en un principio corri\u00f3 temporalmente casi pareja a la gen\u00e9tica, posteriormente se fue contrayendo, hasta llegar a la etapa actual, en la que sus progresos se pueden contar por horas.<\/span><\/p>\n<p>&nbsp;<\/p>\n<blockquote>\n<p style=\"text-align: center;\"><span style=\"color: #008000;\"><strong><span style=\"font-size: 14pt;\">Por un lado la evoluci\u00f3n gen\u00e9tica, con plazos extremadamente largos, y por otro lado la evoluci\u00f3n cultural, que si en un principio corri\u00f3 temporalmente casi pareja a la gen\u00e9tica, posteriormente se fue contrayendo, hasta llegar a la etapa actual, en la que sus progresos se pueden contar por horas.<\/span><\/strong><\/span><\/p>\n<\/blockquote>\n<p>&nbsp;<\/p>\n<figure id=\"attachment_2313454\" aria-describedby=\"caption-attachment-2313454\" style=\"width: 224px\" class=\"wp-caption aligncenter\"><a href=\"https:\/\/es.wikipedia.org\/wiki\/Nikol%C3%A1i_Kondr%C3%A1tiev\" target=\"_blank\" rel=\"noopener\" data-schema-attribute=\"\"><img loading=\"lazy\" decoding=\"async\" class=\"wp-image-2313454 size-medium\" src=\"https:\/\/puntocritico.com\/ausajpuntocritico\/wp-content\/uploads\/2025\/10\/Nikolai-Kondratiev-224x300.jpg\" alt=\"\" width=\"224\" height=\"300\" srcset=\"https:\/\/puntocritico.com\/ausajpuntocritico\/wp-content\/uploads\/2025\/10\/Nikolai-Kondratiev-224x300.jpg 224w, https:\/\/puntocritico.com\/ausajpuntocritico\/wp-content\/uploads\/2025\/10\/Nikolai-Kondratiev.jpg 288w\" sizes=\"auto, (max-width: 224px) 100vw, 224px\" \/><\/a><figcaption id=\"caption-attachment-2313454\" class=\"wp-caption-text\"><span style=\"color: #008000;\">Nikol\u00e1i Dm\u00edtrievich Kondr\u00e1tiev <\/span><\/figcaption><\/figure>\n<p>&nbsp;<\/p>\n<p style=\"text-align: justify;\"><span style=\"font-size: 14pt;\">Desde la aparici\u00f3n de la vida en la Tierra, han ocurrido\u00a0numerosas crisis o cat\u00e1strofes. La aparici\u00f3n de ox\u00edgeno en\u00a0elevadas proporciones, ya debi\u00f3 de resultar catastr\u00f3fica para\u00a0los organismos existentes con anterioridad. <\/span><\/p>\n<p style=\"text-align: justify;\"><span style=\"font-size: 14pt;\">La\u00a0<a href=\"https:\/\/es.wikipedia.org\/wiki\/Onda_de_Kondr%C3%A1tiev\" target=\"_blank\" rel=\"noopener\" data-schema-attribute=\"\"><strong>teor\u00eda de los<\/strong>\u00a0<strong>ciclos<\/strong><\/a>, que respecto a la econom\u00eda expres\u00f3 <a href=\"https:\/\/es.wikipedia.org\/wiki\/Nikol%C3%A1i_Kondr%C3%A1tiev\" target=\"_blank\" rel=\"noopener\" data-schema-attribute=\"\"><strong>Kondratieff<\/strong><\/a>, es una generalizaci\u00f3n de la misma historia de la vida, en la que los episodios cr\u00edticos se producen como parte integrante de la\u00a0misma. <strong>Los sistemas estables se desestabilizan, entran en\u00a0crisis y surge algo nuevo<\/strong>.<\/span><\/p>\n<p>&nbsp;<\/p>\n<p><a href=\"https:\/\/www.rankia.mx\/blog\/como-comenzar-invertir-bolsa\/4420100-que-son-olas-kondratieff\" target=\"_blank\" rel=\"noopener\" data-schema-attribute=\"\"><img loading=\"lazy\" decoding=\"async\" class=\"aligncenter wp-image-2313453 size-full\" src=\"https:\/\/puntocritico.com\/ausajpuntocritico\/wp-content\/uploads\/2025\/10\/ciclo_de_kondratieff.jpg\" alt=\"\" width=\"640\" height=\"480\" srcset=\"https:\/\/puntocritico.com\/ausajpuntocritico\/wp-content\/uploads\/2025\/10\/ciclo_de_kondratieff.jpg 640w, https:\/\/puntocritico.com\/ausajpuntocritico\/wp-content\/uploads\/2025\/10\/ciclo_de_kondratieff-300x225.jpg 300w, https:\/\/puntocritico.com\/ausajpuntocritico\/wp-content\/uploads\/2025\/10\/ciclo_de_kondratieff-326x245.jpg 326w, https:\/\/puntocritico.com\/ausajpuntocritico\/wp-content\/uploads\/2025\/10\/ciclo_de_kondratieff-80x60.jpg 80w\" sizes=\"auto, (max-width: 640px) 100vw, 640px\" \/><\/a><\/p>\n<p>&nbsp;<\/p>\n<p style=\"text-align: justify;\"><span style=\"font-size: 14pt;\">La naturaleza humana incluye algo que no existe en otros\u00a0seres, su\u00a0<strong>capacidad para la cultura<\/strong>\u00a0(<em>conjunto de informaci\u00f3n\u00a0y artefactos que se transmite de unas poblaciones a otras y de\u00a0unas generaciones a otras, por v\u00eda no gen\u00e9tica<\/em>). <\/span><\/p>\n<p style=\"text-align: justify;\"><span style=\"font-size: 14pt;\"><strong>Boyden <\/strong>(<em>Asimov<\/em>) construye un modelo de la <strong>historia ecol\u00f3gica de la\u00a0civilizaci\u00f3n<\/strong> basado en sus\u00a0<strong>fases ecol\u00f3gicas sucesivas<\/strong>, en los\u00a0modos de adaptaci\u00f3n dominantes en grandes per\u00edodos de tiempo.\u00a0<\/span><\/p>\n<p style=\"text-align: justify;\"><span style=\"font-size: 14pt;\"><strong>Podemos distinguir tres: la de los cazadores &#8211; recolectores,\u00a0la agr\u00edcola, y la industrial o sociedad de alta energ\u00eda<\/strong> (<em>o de alta \u00abentrop\u00eda\u00bb, seg\u00fan <a href=\"https:\/\/es.wikipedia.org\/wiki\/Jeremy_Rifkin\" target=\"_blank\" rel=\"noopener\" data-schema-attribute=\"\"><strong>J. Rifkin<\/strong><\/a><\/em>). Las divisiones se producen por adaptaci\u00f3n a circunstancias cambiantes, y no fueron vistas en su momento como innovaciones ventajosas, sino que <strong>se debieron a la necesidad de adaptarse a las crisis que se estaban produciendo<\/strong>. <\/span><\/p>\n<p style=\"text-align: justify;\"><span style=\"font-size: 14pt;\">As\u00ed, por ejemplo, al ser la poblaci\u00f3n demasiado densa para sostener a una sociedad basada en la caza y la recolecci\u00f3n, no qued\u00f3 otro remedio que trabajar, haciendo producir a la tierra mediante el esfuerzo humano.<\/span><\/p>\n<p style=\"text-align: justify;\"><span style=\"font-size: 14pt;\"><strong>Una de las crisis de la biosfera ha sido la propia\u00a0aparici\u00f3n de nuestra especie, debido a nuestra capacidad para\u00a0la cultura<\/strong>. El ser humano aparece en un margen temporal\u00a0amplio, cinco millones de a\u00f1os para nuestra familia biol\u00f3gica,\u00a0los hom\u00ednidos, dos o tres millones de a\u00f1os para el g\u00e9nero\u00a0<em>Homo<\/em>, y cien mil al menos, para la aparici\u00f3n del\u00a0<em>Homo Sapiens<\/em>\u00a0<em>Sapiens<\/em>, capaz de transformar los ecosistemas en una escala\u00a0sin precedentes.<\/span><\/p>\n<p>&nbsp;<\/p>\n<p><a href=\"https:\/\/puntocritico.com\/ausajpuntocritico\/2022\/12\/31\/origen-y-diversidad-en-la-evolucion-humana-conferencia-de-antonio-rosas\/\" target=\"_blank\" rel=\"noopener\" data-schema-attribute=\"\"><img loading=\"lazy\" decoding=\"async\" class=\"aligncenter wp-image-2263916\" src=\"https:\/\/puntocritico.com\/ausajpuntocritico\/wp-content\/uploads\/2022\/12\/Origen-y-diversidad-en-la-evolucion-humana-PPAL-300x199.jpg\" alt=\"\" width=\"440\" height=\"292\" srcset=\"https:\/\/puntocritico.com\/ausajpuntocritico\/wp-content\/uploads\/2022\/12\/Origen-y-diversidad-en-la-evolucion-humana-PPAL-300x199.jpg 300w, https:\/\/puntocritico.com\/ausajpuntocritico\/wp-content\/uploads\/2022\/12\/Origen-y-diversidad-en-la-evolucion-humana-PPAL-610x405.jpg 610w, https:\/\/puntocritico.com\/ausajpuntocritico\/wp-content\/uploads\/2022\/12\/Origen-y-diversidad-en-la-evolucion-humana-PPAL-678x452.jpg 678w, https:\/\/puntocritico.com\/ausajpuntocritico\/wp-content\/uploads\/2022\/12\/Origen-y-diversidad-en-la-evolucion-humana-PPAL.jpg 680w\" sizes=\"auto, (max-width: 440px) 100vw, 440px\" \/><\/a><\/p>\n<p>&nbsp;<\/p>\n<p style=\"text-align: justify;\"><span style=\"font-size: 14pt;\">Hace m\u00e1s de un mill\u00f3n y medio de a\u00f1os aparece el\u00a0<em>Homo<\/em>\u00a0<em>Erectus<\/em>, el cual parece que pudo haber usado por primera vez\u00a0el\u00a0<strong>fuego<\/strong>, y esta capacidad marca un hito respecto a los\u00a0impactos causados por los hom\u00ednidos en la biosfera. Mucho\u00a0despu\u00e9s, al cruzar el <em>estrecho de Bering<\/em>, y extenderse por\u00a0todo el mundo, produjo impactos que pudieron haber sido\u00a0relativamente elevados en los nichos ecol\u00f3gicos originales.<\/span><\/p>\n<p style=\"text-align: justify;\"><span style=\"font-size: 14pt;\">Nuestro <strong>nicho ecol\u00f3gico original<\/strong>, como primera etapa del\u00a0hombre actual, fue el de los\u00a0<strong>cazadores-recolectores<\/strong>, y nuestra\u00a0anatom\u00eda, fisiolog\u00eda y comportamiento, supone la capacidad, no\u00a0para vivir en sociedades urbanas de avanzada tecnolog\u00eda, sino\u00a0para salir adelante en <strong>peque\u00f1as bandas n\u00f3madas de cazadores-\u00a0recolectores<\/strong>. <\/span><\/p>\n<p style=\"text-align: justify;\"><span style=\"font-size: 14pt;\"><strong>Ten\u00edan acceso \u00fanicamente a la energ\u00eda del fuego<\/strong>,\u00a0y ha sido la \u00fanica cultura de la humanidad que ha sido\u00a0<strong>sostenible<\/strong>, y se pudo prolongar durante un per\u00edodo de tiempo\u00a0importante. <strong>Sin embargo los impactos sobre la biosfera fueron\u00a0importantes<\/strong>, en cuanto a la transformaci\u00f3n de formaciones\u00a0vegetales, por el uso continuado del fuego, y por la\u00a0alteraci\u00f3n de faunas como resultado de la caza intensiva y la\u00a0transformaci\u00f3n de <em>h\u00e1bitats<\/em>. <\/span><\/p>\n<p style=\"text-align: justify;\"><span style=\"font-size: 14pt;\">Esta forma de vida, sin embargo,\u00a0no estaba en total equilibrio con su ambiente y de ah\u00ed su\u00a0continua expansi\u00f3n. <strong>Cuando se lleg\u00f3 a ocupar la mayor\u00eda del\u00a0planeta, se entr\u00f3 en\u00a0crisis<\/strong>. <\/span><\/p>\n<p style=\"text-align: justify;\"><span style=\"font-size: 14pt;\">Parece que <strong>podr\u00eda haber sitio en\u00a0la tierra para unos diez millones de cazadores-recolectores<\/strong>,\u00a0y al producirse un desequilibrio entre la poblaci\u00f3n y la\u00a0capacidad de un sostenimiento del medio, se produjo una\u00a0<strong>transici\u00f3n de fase ecol\u00f3gica, inici\u00e1ndose la domesticaci\u00f3n de\u00a0animales y la agricultura<\/strong>, debido a la necesidad de usar los\u00a0<strong>bienes naturales<\/strong>\u00a0de forma m\u00e1s intensiva.<\/span><\/p>\n<p style=\"text-align: justify;\"><span style=\"font-size: 14pt;\"><strong>La\u00a0fase ecol\u00f3gica agr\u00edcola\u00a0trajo consigo muchos otros\u00a0fen\u00f3menos<\/strong>: <\/span><\/p>\n<blockquote>\n<p style=\"text-align: justify;\"><strong><span style=\"font-size: 14pt;\"><span style=\"color: #008000;\">sedentarizaci\u00f3n, surgimiento de ciudades, tecnolog\u00edas nuevas, escritura, instituciones sociales, uso de metales, regad\u00edos artificiales, especializaci\u00f3n laboral, desigualdad en la distribuci\u00f3n de la riqueza, educaci\u00f3n formal, guerras masivas, grandes epidemias, mercados de bienes y servicios, grandes rutas comerciales, el esclavismo, la democracia, la ciencia, las religiones, etc&#8230;<\/span> <\/span><\/strong><\/p>\n<\/blockquote>\n<p>&nbsp;<\/p>\n<p><a href=\"https:\/\/puntocritico.com\/ausajpuntocritico\/2021\/04\/04\/el-apoyo-mutuo-por-piotr-kropotkin-capitulo-iii-la-ayuda-mutua-entre-los-salvajes\/\" target=\"_blank\" rel=\"noopener\" data-schema-attribute=\"\"><img loading=\"lazy\" decoding=\"async\" class=\"aligncenter wp-image-2182585\" src=\"https:\/\/puntocritico.com\/ausajpuntocritico\/wp-content\/uploads\/2021\/04\/Tribus-ppal-300x199.jpg\" alt=\"\" width=\"440\" height=\"292\" srcset=\"https:\/\/puntocritico.com\/ausajpuntocritico\/wp-content\/uploads\/2021\/04\/Tribus-ppal-300x199.jpg 300w, https:\/\/puntocritico.com\/ausajpuntocritico\/wp-content\/uploads\/2021\/04\/Tribus-ppal-610x405.jpg 610w, https:\/\/puntocritico.com\/ausajpuntocritico\/wp-content\/uploads\/2021\/04\/Tribus-ppal-678x452.jpg 678w, https:\/\/puntocritico.com\/ausajpuntocritico\/wp-content\/uploads\/2021\/04\/Tribus-ppal.jpg 680w\" sizes=\"auto, (max-width: 440px) 100vw, 440px\" \/><\/a><\/p>\n<p>&nbsp;<\/p>\n<p style=\"text-align: justify;\"><span style=\"font-size: 14pt;\">La energ\u00eda fue\u00a0la de la <strong>biomasa<\/strong> y el <strong>fuego<\/strong>, y tambi\u00e9n se usaron el <strong>viento<\/strong> y\u00a0la energ\u00eda <strong>hidr\u00e1ulica<\/strong>.<\/span><\/p>\n<p style=\"text-align: justify;\"><span style=\"font-size: 14pt;\">La generalizaci\u00f3n de los\u00a0<strong>cultivos intensivos<\/strong>, y la reducci\u00f3n de la masa forestal as\u00ed como el constante incremento demogr\u00e1fico, <strong>dieron lugar a una nueva crisis<\/strong>, sustituy\u00e9ndose la madera, escasa, por un <strong>nuevo paradigma energ\u00e9tico<\/strong>, y se inici\u00f3 la\u00a0<strong>era de la alta energ\u00eda<\/strong>, de los\u00a0<strong>combustibles f\u00f3siles<\/strong>.\u00a0<\/span><\/p>\n<p style=\"text-align: justify;\"><span style=\"font-size: 14pt;\"><strong>La m\u00e1quina de vapor fue la pionera<\/strong>. La siguieron toda la\u00a0pl\u00e9yade de invenciones y mecanismos que conocemos actualmente,\u00a0el uso de las\u00a0<strong>energ\u00edas no renovables<\/strong>, en forma de muy alto\u00a0consumo, y muy alto coste en cuanto a energ\u00eda neta se refiere,\u00a0y sobre todo, rebasando ampliamente la\u00a0<strong>capacidad de la<\/strong>\u00a0<strong>Biosfera para regenerarse<\/strong>. <\/span><\/p>\n<p style=\"text-align: justify;\"><span style=\"font-size: 14pt;\"><strong>El crecimiento demogr\u00e1fico en este\u00a0per\u00edodo es de car\u00e1cter exponencial<\/strong>, al igual que el volumen de\u00a0materias primas que consumimos &#8211; de manera superflua la\u00a0mayor\u00eda-, o la energ\u00eda que utilizamos, y otros factores\u00a0amenazantes dentro de un sistema limitado como es la tierra,\u00a0produci\u00e9ndose un\u00a0<strong>desarrollo insostenible<\/strong>\u00a0que <strong>hace inviable el\u00a0mantenimiento de la actual etapa ecol\u00f3gica<\/strong>. <\/span><\/p>\n<p style=\"text-align: justify;\"><span style=\"font-size: 14pt;\">A esto es a lo que\u00a0llamamos\u00a0<strong>crisis ambiental<\/strong>, con la posibilidad de afectar a la\u00a0vida sobre la tierra por medio de los usos b\u00e9licos de la\u00a0energ\u00eda nuclear. La p\u00e9rdida de especies y h\u00e1bitats, est\u00e1\u00a0destruyendo la\u00a0<strong>biodiversidad<\/strong>, la memoria gen\u00e9tica de la\u00a0biosfera. <\/span><\/p>\n<p style=\"text-align: justify;\"><span style=\"font-size: 14pt;\">Tambi\u00e9n estamos afectando a sistemas clave, soportes\u00a0de la vida, como la atm\u00f3sfera, el agua o el mar, por medio de\u00a0ataques que producen efectos como la disminuci\u00f3n de la capa de\u00a0ozono o el efecto invernadero. <strong>Pudiera ocurrir que m\u00e1s all\u00e1 de un punto imposible de precisar (<em>el \u00abPunto Cr\u00edtico\u00bb, que da nombre a nuestro Despacho, as\u00ed como a nuestro Bolet\u00edn<\/em>)<\/strong>, nuestros impactos sobre la biosfera asuman proporciones catastr\u00f3ficas, a trav\u00e9s de <strong>fen\u00f3menos no lineales, de variaciones exponenciales<\/strong>.<\/span><\/p>\n<p style=\"text-align: justify;\"><span style=\"font-size: 14pt;\">Este tercer per\u00edodo coincide con la\u00a0<strong>Revoluci\u00f3n<\/strong>\u00a0<strong>Industrial<\/strong>, en la segunda mitad del siglo XVIII. Se\u00a0caracterizar\u00e1 por un r\u00e1pido aumento de la poblaci\u00f3n. La\u00a0capacidad de transporte juega un papel principal, que permite\u00a0extender la influencia humana a zonas cada vez mayores, as\u00ed\u00a0como unificar sus n\u00facleos de poblaci\u00f3n. <\/span><\/p>\n<p style=\"text-align: justify;\"><span style=\"font-size: 14pt;\"><strong>La biosfera va a verse\u00a0como una unidad, y de esa forma va a ser\u00a0explotada<\/strong>. Los\u00a0resultados de esa explotaci\u00f3n ser\u00e1n universales, y el destino\u00a0de la humanidad, com\u00fan a toda ella.<\/span><\/p>\n<p>&nbsp;<\/p>\n<p><img loading=\"lazy\" decoding=\"async\" class=\"aligncenter wp-image-10578\" src=\"https:\/\/puntocritico.com\/ausajpuntocritico\/wp-content\/uploads\/2018\/04\/revolucion-industrial-en-inglaterra-300x209.jpg\" alt=\"\" width=\"360\" height=\"251\" srcset=\"https:\/\/puntocritico.com\/ausajpuntocritico\/wp-content\/uploads\/2018\/04\/revolucion-industrial-en-inglaterra-300x209.jpg 300w, https:\/\/puntocritico.com\/ausajpuntocritico\/wp-content\/uploads\/2018\/04\/revolucion-industrial-en-inglaterra.jpg 328w\" sizes=\"auto, (max-width: 360px) 100vw, 360px\" \/><\/p>\n<p>&nbsp;<\/p>\n<p style=\"text-align: justify;\"><span style=\"font-size: 14pt;\">La especie humana realiza un alto, pero ineficaz consumo\u00a0de productividad primaria, desperdiciando enormes cantidades\u00a0de energ\u00eda. Adem\u00e1s produce lo que <a href=\"https:\/\/es.wikipedia.org\/wiki\/Ram%C3%B3n_Margalef\" target=\"_blank\" rel=\"noopener\" data-schema-attribute=\"\"><strong>Margalef<\/strong> <\/a>\u00a0llama \u00ab<em><strong>metabolismo<\/strong>\u00a0<strong>externo<\/strong><\/em>\u00ab, es decir energ\u00eda obtenida del ecosistema para\u00a0explotar los recursos y elevar su nivel de vida.<\/span><\/p>\n<p style=\"text-align: justify;\"><span style=\"font-size: 14pt;\">Tambi\u00e9n van a aparecer\u00a0<strong>elementos distorsionadores<\/strong>\u00a0como la\u00a0<strong>poluci\u00f3n<\/strong>, que implica la acumulaci\u00f3n local de materiales que\u00a0perturba el funcionamiento de los ecosistemas, y es <strong>resultado\u00a0de un transporte desequilibrado<\/strong>. <\/span><\/p>\n<p style=\"text-align: justify;\"><span style=\"font-size: 14pt;\">Pero su sobreacumulaci\u00f3n va\u00a0a producir un\u00a0<strong>efecto perturbador<\/strong> en toda la biosfera, al pretender que el medio natural absorba una carga contaminante mucho mayor que la que puede soportar sin que se produzcan cambios muy acusados.<\/span><\/p>\n<p style=\"text-align: justify;\"><span style=\"font-size: 14pt;\">Las\u00a0<strong>enfermedades<\/strong> sufren un importante cambio. Por un lado, su disminuci\u00f3n y mayor control, por otro lado su propagaci\u00f3n a escala mundial, <strong>y sobre todo, el hecho de que, cada vez m\u00e1s no provengan de causas naturales, sino de h\u00e1bitos de comportamiento y de la forma de vida<\/strong>.<\/span><\/p>\n<p style=\"text-align: justify;\"><span style=\"font-size: 14pt;\">Adem\u00e1s la\u00a0<strong>funci\u00f3n del dinero<\/strong>, que va a actuar como un\u00a0<strong>factor organizativo externo al sistema natural,<\/strong> fuera de la\u00a0regulaci\u00f3n biol\u00f3gica del metabolismo del ecosistema,\u00a0produciendo <strong>grandes desequilibrios entre individuos, grupos de\u00a0poblaci\u00f3n y pa\u00edses<\/strong>. <\/span><\/p>\n<p style=\"text-align: justify;\"><span style=\"font-size: 14pt;\"><strong>El hombre explota al resto de la naturaleza y produce su regresi\u00f3n<\/strong>, extrayendo recursos que en otro caso ser\u00edan utilizados por el ecosistema en su proceso de autoorganizaci\u00f3n, contraponi\u00e9ndose a la sucesi\u00f3n, y sin sus caracteres de autoorganizaci\u00f3n, dada la imposibilidad de que la naturaleza intervenga con poder de respuesta en el consumo de energ\u00eda externo o en el flujo del dinero, con lo que no interviene en la reasignaci\u00f3n de energ\u00eda. <\/span><\/p>\n<p style=\"text-align: justify;\"><span style=\"font-size: 14pt;\">Se produce el <strong>desequilibrio en puntos cr\u00edticos del ciclo de los elementos<\/strong>.\u00a0<\/span><\/p>\n<p style=\"text-align: justify;\"><span style=\"font-size: 14pt;\">En cuanto a la\u00a0<strong>explotaci\u00f3n de los recursos naturales<\/strong>, a ra\u00edz de la <em>Revoluci\u00f3n Industrial<\/em>, la capacidad del hombre para influir y modificar el medio en el que nos desenvolvemos &#8211; biosfera -, no tiene precedentes. Antes, especies y ecosistemas evolucionaban juntos, pero los cambios sociales y tecnol\u00f3gicos actuales son m\u00e1s r\u00e1pidos que la evoluci\u00f3n. <\/span><\/p>\n<p>&nbsp;<\/p>\n<blockquote>\n<p style=\"text-align: center;\"><strong><span style=\"font-size: 14pt; color: #008000;\">Antes, especies y ecosistemas evolucionaban juntos, pero los cambios sociales y tecnol\u00f3gicos actuales son m\u00e1s r\u00e1pidos que la evoluci\u00f3n.<\/span><\/strong><\/p>\n<\/blockquote>\n<p>&nbsp;<\/p>\n<p style=\"text-align: justify;\"><span style=\"font-size: 14pt;\"><strong>Las nuevas formas de energ\u00edas, de materiales, t\u00e9cnicas y en especial de transporte, ha extendido la explotaci\u00f3n a la pr\u00e1ctica totalidad del globo terrestre<\/strong>, y esto, a su vez, ha provocado un intenso\u00a0<strong>desarrollo demogr\u00e1fico<\/strong>.<\/span><\/p>\n<p>&nbsp;<\/p>\n<figure id=\"attachment_2313483\" aria-describedby=\"caption-attachment-2313483\" style=\"width: 440px\" class=\"wp-caption aligncenter\"><img loading=\"lazy\" decoding=\"async\" class=\"wp-image-2313483\" src=\"https:\/\/puntocritico.com\/ausajpuntocritico\/wp-content\/uploads\/2025\/10\/Aranzadi_igaratza-300x192.jpg\" alt=\"\" width=\"440\" height=\"282\" srcset=\"https:\/\/puntocritico.com\/ausajpuntocritico\/wp-content\/uploads\/2025\/10\/Aranzadi_igaratza-300x192.jpg 300w, https:\/\/puntocritico.com\/ausajpuntocritico\/wp-content\/uploads\/2025\/10\/Aranzadi_igaratza.jpg 500w\" sizes=\"auto, (max-width: 440px) 100vw, 440px\" \/><figcaption id=\"caption-attachment-2313483\" class=\"wp-caption-text\"><span style=\"color: #008000;\">Or\u00edgenes de la Sociedad de Ciencias Aranzadi. En el refugio de Igaratza (Aralar). Pedro y Jes\u00fas El\u00f3segui, Pilar Sansinenea, Reyes Corcostegui, Jos\u00e9 Mar\u00eda Thomas, Francisco Espa\u00f1ol, Ram\u00f3n Margalef, Joaqu\u00edn Mateu, Estefan\u00eda Elizalde y Manuel Laborde.<\/span><\/figcaption><\/figure>\n<p>&nbsp;<\/p>\n<p style=\"text-align: justify;\"><span style=\"font-size: 14pt;\"><strong>Somos la primera especie que ha sido capaz de crear un ecosistema adecuado a sus requerimientos, controlando el biotopo, y suprimiendo la biocenosis \u00ab<em>indeseable<\/em>\u00ab<\/strong>. El mantenimiento de ese ecosistema\u00a0exige el\u00a0<strong>consumo de cuantiosos recursos naturales<\/strong>, y la\u00a0tecnolog\u00eda ha hecho posible una explotaci\u00f3n <em>superintensa<\/em> de\u00a0los ecosistemas.<\/span><\/p>\n<p style=\"text-align: justify;\"><span style=\"font-size: 14pt;\">Sin embargo, la explotaci\u00f3n de recursos produce\u00a0<strong>efectos<\/strong>\u00a0<strong>directos<\/strong>, f\u00e1cilmente predecibles, de consumo o agotamiento de\u00a0los recursos. Pero tambi\u00e9n produce\u00a0<strong>efectos indirectos<\/strong>, no\u00a0f\u00e1cilmente predecibles y de consecuencias inciertas.\u00a0<\/span><\/p>\n<p style=\"text-align: justify;\"><span style=\"font-size: 14pt;\">Estos\u00a0<strong>efectos indirectos<\/strong>\u00a0consisten en general, en el\u00a0consumo de unos recursos para procesar otros, y la\u00a0degradaci\u00f3n de otros terceros que no son explotados ni\u00a0consumidos. <\/span><\/p>\n<p style=\"text-align: justify;\"><span style=\"font-size: 14pt;\"><strong>Los efectos indirectos sobre los ecosistemas\u00a0corresponden a uno de estos grupos principales: <\/strong><\/span><\/p>\n<blockquote>\n<p style=\"text-align: justify;\"><span style=\"font-size: 14pt; color: #008000;\"><strong>Predaci\u00f3n,\u00a0contaminaci\u00f3n, eutrofizaci\u00f3n, desorganizaci\u00f3n e irrupci\u00f3n\u00a0y transporte<\/strong>.<\/span><\/p>\n<\/blockquote>\n<p>&nbsp;<\/p>\n<p style=\"text-align: justify;\"><span style=\"font-size: 14pt;\">La\u00a0<strong>predaci\u00f3n<\/strong>\u00a0produce una reducci\u00f3n en la poblaci\u00f3n del\u00a0organismo o una disminuci\u00f3n en el dep\u00f3sito del material. <\/span><\/p>\n<p style=\"text-align: justify;\"><span style=\"font-size: 14pt;\">La\u00a0<strong>ocupaci\u00f3n<\/strong> de un terreno elimina el ecosistema existente. Si el\u00a0papel de ese ecosistema es importante para otros sistemas, los\u00a0efectos pueden multiplicarse, desapareciendo especies,\u00a0aumentando la erosi\u00f3n, impidiendo la recarga del acu\u00edfero, &#8230;\u00a0<\/span><\/p>\n<p style=\"text-align: justify;\"><span style=\"font-size: 14pt;\">La\u00a0<strong>contaminaci\u00f3n<\/strong>\u00a0incorpora al sistema mol\u00e9culas ajenas y\u00a0perturbadoras a las que, en muchos casos, la vida no ha tenido\u00a0tiempo de adaptarse. <strong>Adem\u00e1s inicia una cadena de efectos cuyo final no siempre est\u00e1 claro, como por ejemplo transferencias a trav\u00e9s de las redes tr\u00f3ficas<\/strong>.<\/span><\/p>\n<p style=\"text-align: justify;\"><span style=\"font-size: 14pt;\">La\u00a0<strong>eutrofizaci\u00f3n<\/strong>\u00a0implica el aumento de nutrientes en un\u00a0medio habitualmente pobre en ellos. Los organismos desarrollan\u00a0adaptaciones a la escasez de algunos elementos importantes, y\u00a0reaccionan vigorosamente a su abundancia.<\/span><\/p>\n<p>&nbsp;<\/p>\n<p><a href=\"https:\/\/puntocritico.com\/ausajpuntocritico\/2021\/09\/25\/fosfoyesos-y-riesgos\/\" target=\"_blank\" rel=\"noopener\" data-schema-attribute=\"\"><img loading=\"lazy\" decoding=\"async\" class=\"aligncenter wp-image-24930\" src=\"https:\/\/puntocritico.com\/ausajpuntocritico\/wp-content\/uploads\/2019\/12\/suelos-contaminados-300x169.jpg\" alt=\"Fosfoyesos\" width=\"480\" height=\"270\" srcset=\"https:\/\/puntocritico.com\/ausajpuntocritico\/wp-content\/uploads\/2019\/12\/suelos-contaminados-300x169.jpg 300w, https:\/\/puntocritico.com\/ausajpuntocritico\/wp-content\/uploads\/2019\/12\/suelos-contaminados.jpg 678w\" sizes=\"auto, (max-width: 480px) 100vw, 480px\" \/><\/a><\/p>\n<p>&nbsp;<\/p>\n<p style=\"text-align: justify;\"><span style=\"font-size: 14pt;\"><strong>En las aguas el\u00a0efecto es espectacular<\/strong>. El incremento de las algas\u00a0planct\u00f3nicas, entre otros efectos en cascada, acaba\u00a0produciendo\u00a0<strong>anoxia<\/strong>, es decir carencia de ox\u00edgeno, con la\u00a0consiguiente mortandad, y disminuci\u00f3n de la biodiversidad.\u00a0<\/span><\/p>\n<p style=\"text-align: justify;\"><span style=\"font-size: 14pt;\">La\u00a0<strong>desorganizaci\u00f3n<\/strong>\u00a0equivale a una disminuci\u00f3n de la\u00a0productividad y una peor regulaci\u00f3n. As\u00ed los efectos\u00a0distorsionadores de los embalses, o la construcci\u00f3n de\u00a0carreteras, afectan al flujo de organismos y materiales del\u00a0ecosistema, de forma que pueden suponer una desorganizaci\u00f3n\u00a0insuperable para \u00e9ste.<\/span><\/p>\n<p style=\"text-align: justify;\"><span style=\"font-size: 14pt;\">Mediante el\u00a0<strong>transporte<\/strong>, el hombre ha superado la\u00a0actuaci\u00f3n local, y puede disponer de recursos producidos lejos\u00a0del lugar de consumo. A la vez ha permitido la entrada &#8211;\u00a0voluntaria o involuntaria &#8211; de especies que han alterado\u00a0gravemente el equilibrio de los ecosistemas originales, que no\u00a0pueden ejercer ning\u00fan tipo de control sobre la especie\u00a0invasora, que pueden eliminar por competencia a las especies\u00a0aut\u00f3ctonas.<\/span><\/p>\n<p style=\"text-align: justify;\"><span style=\"font-size: 14pt;\">Otro importante aspecto, quiz\u00e1 motivado por el hecho de\u00a0que cada etapa ecol\u00f3gica lleva consigo un mayor consumo de\u00a0energ\u00eda, es el de sus\u00a0<strong>duraciones<\/strong>. La primera fase, ha sido de\u00a0al menos 50.000 generaciones humanas. En la fase agr\u00edcola\u00a0hemos estado durante unas 400 generaciones. <\/span><\/p>\n<p style=\"text-align: justify;\"><span style=\"font-size: 14pt;\">Sin embargo <strong>en la\u00a0actual fase de alta energ\u00eda llevamos apenas 8 generaciones, y\u00a0no parece que la divisoria est\u00e9 lejos<\/strong>. Las nuevas tecnolog\u00edas\u00a0de la informaci\u00f3n, como los ordenadores, y las\u00a0telecomunicaciones, pueden ser los que den lugar a la\u00a0<strong>cuarta<\/strong>\u00a0<strong>etapa ecol\u00f3gica<\/strong>\u00a0(<em>aunque el deterioro de las condiciones de\u00a0vida de la mayor parte de la humanidad y la crisis ambiental\u00a0sin precedentes suponen grave riesgo para la continuidad de la\u00a0especie<\/em>).<\/span><\/p>\n<p style=\"text-align: justify;\"><span style=\"font-size: 14pt;\">Recientemente,<a href=\"https:\/\/es.wikipedia.org\/wiki\/Jacques_Attali\" target=\"_blank\" rel=\"noopener\" data-schema-attribute=\"\"><strong> Jacques Attali<\/strong><\/a>, y otros personajes reafirman la apuesta por la tecnolog\u00eda, con la sustituci\u00f3n de los costes educativos y sanitarios por programas inform\u00e1ticos, a la vez que otros como <a href=\"https:\/\/es.wikipedia.org\/wiki\/Ram%C3%B3n_Mart%C3%ADn_Mateo\" target=\"_blank\" rel=\"noopener\" data-schema-attribute=\"\"><strong>Mart\u00edn Mateo<\/strong><\/a> apuestan por la biotecnolog\u00eda y la energ\u00eda de fusi\u00f3n nuclear.<\/span><\/p>\n<p>&nbsp;<\/p>\n<figure id=\"attachment_2313468\" aria-describedby=\"caption-attachment-2313468\" style=\"width: 330px\" class=\"wp-caption aligncenter\"><img loading=\"lazy\" decoding=\"async\" class=\"wp-image-2313468\" src=\"https:\/\/puntocritico.com\/ausajpuntocritico\/wp-content\/uploads\/2025\/10\/ramon-martin-mateo-237x300.jpg\" alt=\"\" width=\"330\" height=\"418\" srcset=\"https:\/\/puntocritico.com\/ausajpuntocritico\/wp-content\/uploads\/2025\/10\/ramon-martin-mateo-237x300.jpg 237w, https:\/\/puntocritico.com\/ausajpuntocritico\/wp-content\/uploads\/2025\/10\/ramon-martin-mateo.jpg 569w\" sizes=\"auto, (max-width: 330px) 100vw, 330px\" \/><figcaption id=\"caption-attachment-2313468\" class=\"wp-caption-text\"><span style=\"color: #008000;\">Ram\u00f3n Mart\u00edn Mateo, padre del derecho ambiental espa\u00f1ol (<em>y mi recordado y querido maestro, a quien tantos debemos tanto, que parece haber quedado en el olvido para el Derecho Ambiental que, sin \u00e9l, nunca habr\u00eda llegado a nacer como disciplina aut\u00f3noma y multidisciplinar<\/em>).<\/span><\/figcaption><\/figure>\n<p>&nbsp;<\/p>\n<p style=\"text-align: justify;\"><span style=\"font-size: 14pt;\">Cualquiera que sea la apuesta, no puede desconocer la necesidad de un\u00a0<strong>cambio<\/strong>, que refuerce la precaria\u00a0idea actual de solidaridad. Una\u00a0<strong>nueva \u00e9tica ecol\u00f3gica<\/strong>, capaz\u00a0de enfocar el hecho cultural como facilitador de unas nuevas\u00a0relaciones sociales, que puedan sustituir a la gen\u00e9tica en la\u00a0adaptaci\u00f3n a la cultura tecnol\u00f3gica.<\/span><\/p>\n<p style=\"text-align: justify;\"><span style=\"font-size: 14pt;\">La\u00a0<strong>educaci\u00f3n<\/strong>\u00a0aparece aqu\u00ed como un esencial factor del\u00a0cambio. Ha de volverse a la did\u00e1ctica y la \u00e9tica de la\u00a0naturaleza para lograr cambios en las actitudes de los\u00a0ciudadanos que modifiquen los comportamientos de la\u00a0colectividad. La educaci\u00f3n como proceso social tiene un\u00a0importante lugar en la consecuci\u00f3n del futuro, pues el primer\u00a0requisito para la soluci\u00f3n de un problema es el reconocimiento\u00a0de que el problema existe. <\/span><\/p>\n<p style=\"text-align: justify;\"><span style=\"font-size: 14pt;\">Una\u00a0<strong>Educaci\u00f3n Ambiental<\/strong>\u00a0supone\u00a0lograr mediante la consecuci\u00f3n de una conciencia m\u00e1s realista\u00a0de la situaci\u00f3n del planeta, la formaci\u00f3n de personas capaces\u00a0de interpretar el mundo, que de m\u00e1s importancia a los derechos\u00a0de otros seres humanos y de la naturaleza para\u00a0<strong>cambiar<\/strong>\u00a0<strong>pol\u00edticas basadas en intereses econ\u00f3micos a corto plazo<\/strong>.<\/span><\/p>\n<p style=\"text-align: justify;\"><span style=\"font-size: 14pt;\">Sin embargo, la educaci\u00f3n se ha creado y se mantiene como\u00a0un instrumento de transmisi\u00f3n de los valores y t\u00e9cnicas de la\u00a0sociedad. As\u00ed, <strong>muchas veces los gobiernos intentan una\u00a0culpabilizaci\u00f3n de los ciudadanos, respecto al consumo de agua\u00a0o al reciclaje, pero estas actuaciones individuales, sin una\u00a0actuaci\u00f3n de la administraci\u00f3n poco pueden cambiar<\/strong>.\u00a0<\/span><\/p>\n<p style=\"text-align: justify;\"><span style=\"font-size: 14pt;\">La educaci\u00f3n, hoy concebida como una forma propagand\u00edstica y seguidista, ha de plantearse como un <strong>instrumento creativo y cr\u00edtico<\/strong>, ajeno a las modas, y superadora de la competencia agresiva del mercado. <\/span><\/p>\n<p style=\"text-align: justify;\"><span style=\"font-size: 14pt;\">Sin embargo, <strong>hoy en d\u00eda, los medios de comunicaci\u00f3n han adquirido una extraordinaria importancia como instrumento de mediaci\u00f3n social, superior a la de la educaci\u00f3n formal, funcionando como un sistema educativo orientado al consumo innecesario<\/strong>, orientados no a la satisfacci\u00f3n del individuo, sino a la perpetuaci\u00f3n del sistema.<\/span><\/p>\n<p style=\"text-align: justify;\"><span style=\"font-size: 14pt;\">La\u00a0<strong>salida a la crisis ambiental global<\/strong>\u00a0por la que\u00a0atraviesa la sociedad moderna no puede producirse con el\u00a0desarrollo y la aplicaci\u00f3n de nuevos avances tecnol\u00f3gicos,\u00a0pese a que puedan aliviarla temporalmente. <\/span><\/p>\n<p style=\"text-align: justify;\"><span style=\"font-size: 14pt;\">La crisis es\u00a0<strong>fundamentalmente cultural<\/strong>, por lo que se hace necesario\u00a0desarrollar programas y actuaciones educativas que provoquen\u00a0un\u00a0<strong>cambio profundo en las escalas de valores dominantes<\/strong>,\u00a0transmitiendo un nuevo estilo de vida individual y colectivo,\u00a0m\u00e1s integrado y respetuoso con los procesos naturales, que\u00a0recoja una\u00a0<strong>paradigma \u00e9tico-ambiental alternativo<\/strong>. <\/span><\/p>\n<p style=\"text-align: justify;\"><span style=\"font-size: 14pt;\">Han de tomarse medidas restrictivas respecto al crecimiento de la poblaci\u00f3n, a la explotaci\u00f3n de los bienes naturales, al consumo abusivo y a los planes de desarrollo basados en el crecimiento del PIB.\u00a0<\/span><span style=\"font-size: 14pt;\">Tambi\u00e9n ha de lograrse que las\u00a0actividades humanas en el medio asuman una postura m\u00e1s\u00a0respetuosa con las leyes de estabilidad y equilibrio que rigen\u00a0los sistemas ecol\u00f3gicos naturales.<\/span><\/p>\n<p>&nbsp;<\/p>\n<figure id=\"attachment_2313469\" aria-describedby=\"caption-attachment-2313469\" style=\"width: 280px\" class=\"wp-caption aligncenter\"><img loading=\"lazy\" decoding=\"async\" class=\"wp-image-2313469\" src=\"https:\/\/puntocritico.com\/ausajpuntocritico\/wp-content\/uploads\/2025\/10\/Tratado-de-Derecho-Ambienta-Martin-Mateo-1992-225x300.webp\" alt=\"\" width=\"280\" height=\"373\" srcset=\"https:\/\/puntocritico.com\/ausajpuntocritico\/wp-content\/uploads\/2025\/10\/Tratado-de-Derecho-Ambienta-Martin-Mateo-1992-225x300.webp 225w, https:\/\/puntocritico.com\/ausajpuntocritico\/wp-content\/uploads\/2025\/10\/Tratado-de-Derecho-Ambienta-Martin-Mateo-1992.webp 375w\" sizes=\"auto, (max-width: 280px) 100vw, 280px\" \/><figcaption id=\"caption-attachment-2313469\" class=\"wp-caption-text\"><span style=\"color: #008000;\">Ram\u00f3n Mart\u00edn Mateo, Catedr\u00e1tico de Derecho Administrativo, autor del primer manual universitario de derecho ambiental, \u00e1rea que empez\u00f3 a desarrollarse en Estados Unidos, posteriormente en Alemania y que Ram\u00f3n Mart\u00edn Mateo introdujo en Espa\u00f1a. Eran otros tiempos.<\/span><\/figcaption><\/figure>\n<p>&nbsp;<\/p>\n<p style=\"text-align: justify;\"><span style=\"font-size: 14pt;\">Se ha detectado una cada vez mayor\u00a0<strong>sensibilizaci\u00f3n<\/strong>\u00a0hacia\u00a0la conservaci\u00f3n y mejora del entorno, que depende del proceso\u00a0educativo de los individuos. Por ello la educaci\u00f3n ambiental\u00a0puede desempe\u00f1ar un importante papel en la soluci\u00f3n de la\u00a0crisis global, a trav\u00e9s de la concienciaci\u00f3n y sensibilizaci\u00f3n\u00a0social. <\/span><\/p>\n<p style=\"text-align: justify;\"><span style=\"font-size: 14pt;\">Para ello <strong>se deben transmitir a los individuos los\u00a0conceptos y vivencias que les permitan desarrollar y adquirir\u00a0unas actitudes m\u00e1s responsables sobre las implicaciones de los\u00a0distintos comportamientos humanos frente al entorno<\/strong>,\u00a0capacit\u00e1ndoles para la toma de decisiones relacionadas con la\u00a0calidad ambiental, as\u00ed como en la planificaci\u00f3n de su medio\u00a0pr\u00f3ximo.<\/span><\/p>\n<p style=\"text-align: justify;\"><span style=\"font-size: 14pt;\">La\u00a0<strong>redistribuci\u00f3n mundial de los recursos<\/strong>\u00a0est\u00e1\u00a0\u00edntimamente ligado al concepto de\u00a0<strong>desarrollo sostenible<\/strong>, puesto que<strong> la convivencia en la Tierra resultar\u00eda inviable si se concentra la riqueza en un sector de pa\u00edses<\/strong>.<\/span><\/p>\n<p>&nbsp;<\/p>\n<blockquote>\n<p style=\"text-align: center;\"><strong><span style=\"font-size: 14pt; color: #008000;\">Resulta altamente improbable que los despose\u00eddos de la Tierra se resignen indefinidamente a su situaci\u00f3n. Oleadas de inmigrantes clandestinos gravitar\u00e1n poco a poco sobre los graneros de Occidente<\/span><\/strong><\/p>\n<\/blockquote>\n<p>&nbsp;<\/p>\n<p style=\"text-align: justify;\"><span style=\"font-size: 14pt;\">Resulta altamente improbable que los despose\u00eddos de la Tierra se resignen indefinidamente a su situaci\u00f3n. Oleadas de inmigrantes clandestinos gravitar\u00e1n poco a poco sobre los graneros de Occidente, y <strong>es probable que la irritaci\u00f3n generada sea canalizada por peligrosas ideolog\u00edas y fanatismos religiosos, desatando una violencia imposible de dominar por los aparatos represivos de los estados del Norte<\/strong>.<\/span><\/p>\n<p>&nbsp;<\/p>\n<figure id=\"attachment_21019\" aria-describedby=\"caption-attachment-21019\" style=\"width: 555px\" class=\"wp-caption aligncenter\"><a href=\"https:\/\/puntocritico.com\/ausajpuntocritico\/2020\/09\/06\/gloriosa-victoria\/\" target=\"_blank\" rel=\"noopener\" data-schema-attribute=\"\"><img loading=\"lazy\" decoding=\"async\" class=\"wp-image-21019\" src=\"https:\/\/puntocritico.com\/ausajpuntocritico\/wp-content\/uploads\/2019\/08\/Gloriosa_victoria-Diego-Rivera-1-300x147.jpg\" alt=\"\" width=\"555\" height=\"271\" srcset=\"https:\/\/puntocritico.com\/ausajpuntocritico\/wp-content\/uploads\/2019\/08\/Gloriosa_victoria-Diego-Rivera-1-300x147.jpg 300w, https:\/\/puntocritico.com\/ausajpuntocritico\/wp-content\/uploads\/2019\/08\/Gloriosa_victoria-Diego-Rivera-1-768x376.jpg 768w, https:\/\/puntocritico.com\/ausajpuntocritico\/wp-content\/uploads\/2019\/08\/Gloriosa_victoria-Diego-Rivera-1-1024x501.jpg 1024w, https:\/\/puntocritico.com\/ausajpuntocritico\/wp-content\/uploads\/2019\/08\/Gloriosa_victoria-Diego-Rivera-1.jpg 1920w\" sizes=\"auto, (max-width: 555px) 100vw, 555px\" \/><\/a><figcaption id=\"caption-attachment-21019\" class=\"wp-caption-text\"><a href=\"https:\/\/puntocritico.com\/ausajpuntocritico\/2020\/09\/06\/gloriosa-victoria\/\" target=\"_blank\" rel=\"noopener\" data-schema-attribute=\"\"><span style=\"color: #008000;\">\u201cGloriosa Victoria\u201d, el pol\u00e9mico mural de Diego Rivera para Guatemala <\/span><\/a><\/figcaption><\/figure>\n<p>&nbsp;<\/p>\n<p style=\"text-align: justify;\"><span style=\"font-size: 14pt;\">Por otra parte, <strong>el Sur est\u00e1 fatalmente condenado a\u00a0arrasar a corto plazo su enflaquecido entorno, si quiere poder\u00a0subsistir<\/strong>. El\u00a0<strong>mercado<\/strong>, como mecanismo id\u00f3neo de optimizaci\u00f3n\u00a0de las decisiones econ\u00f3micas, produce consecuencias\u00a0devastadoras a escala de convivencia planetaria, <strong>determinando\u00a0el enriquecimiento del Norte y el empobrecimiento del Sur<\/strong>,\u00a0adem\u00e1s de impulsar un\u00a0<strong>saqueo indefinido de los recursos<\/strong>\u00a0<strong>naturales<\/strong>.<\/span><\/p>\n<p style=\"text-align: justify;\"><span style=\"font-size: 14pt;\">Ni los mayores partidarios de liberalismo se oponen a que se ayude a los 600 millones de personas que padecen hambre y malnutrici\u00f3n, y todo el mundo ve con preocupaci\u00f3n c\u00f3mo se agranda progresivamente la brecha entre los pa\u00edses pr\u00f3speros y los m\u00edseros. <\/span><\/p>\n<p style=\"text-align: justify;\"><span style=\"font-size: 14pt;\"><strong>La diferencia de ingresos entre el 20% de personas m\u00e1s ricas y el 20% de personas m\u00e1s pobres es de 140 a 1, y esta diferencia tiende a aumentar<\/strong>, ya que el crecimiento econ\u00f3mico la sigue ensanchando. Entre 1.960 y 1.989 los pa\u00edses con el 20% m\u00e1s rico de la poblaci\u00f3n mundial crecieron a un ritmo 2,7 veces superior a los del 20% m\u00e1s pobre.<\/span><\/p>\n<p>&nbsp;<\/p>\n<p><img loading=\"lazy\" decoding=\"async\" class=\"aligncenter wp-image-2313498\" src=\"https:\/\/puntocritico.com\/ausajpuntocritico\/wp-content\/uploads\/2025\/10\/1972-Cumbre-Estocolmo-medio-ambiente-ONU-Declaracion-de-Estocolmo.jpg\" alt=\"\" width=\"400\" height=\"299\" srcset=\"https:\/\/puntocritico.com\/ausajpuntocritico\/wp-content\/uploads\/2025\/10\/1972-Cumbre-Estocolmo-medio-ambiente-ONU-Declaracion-de-Estocolmo.jpg 640w, https:\/\/puntocritico.com\/ausajpuntocritico\/wp-content\/uploads\/2025\/10\/1972-Cumbre-Estocolmo-medio-ambiente-ONU-Declaracion-de-Estocolmo-300x225.jpg 300w, https:\/\/puntocritico.com\/ausajpuntocritico\/wp-content\/uploads\/2025\/10\/1972-Cumbre-Estocolmo-medio-ambiente-ONU-Declaracion-de-Estocolmo-326x245.jpg 326w, https:\/\/puntocritico.com\/ausajpuntocritico\/wp-content\/uploads\/2025\/10\/1972-Cumbre-Estocolmo-medio-ambiente-ONU-Declaracion-de-Estocolmo-80x60.jpg 80w\" sizes=\"auto, (max-width: 400px) 100vw, 400px\" \/><\/p>\n<p>&nbsp;<\/p>\n<p style=\"text-align: justify;\"><span style=\"font-size: 14pt;\">Mientras los primeros disponen del 82,7% del PIB mundial, los segundos s\u00f3lo disponen del 1,4% (<em>adem\u00e1s, la insolidaridad se demuestra puertas adentro, dado que en el Norte m\u00e1s de 100 millones de personas se encuentran por debajo del umbral de la pobreza<\/em>). <\/span><\/p>\n<p style=\"text-align: justify;\"><span style=\"font-size: 14pt;\"><strong>El montante que la O.N.U. consider\u00f3 necesario aportar por parte de las naciones industrializadas, cifrado en el 0,7% del PNB, se ha quedado en el 0,35% en los pa\u00edses de la OCDE, en el a\u00f1o 1.992<\/strong>. Con todo, este no es el mayor problema, dado el consenso general sobre su necesidad. Mayores dificultades se suscitan en cuanto al tratamiento del grupo financiador.<\/span><\/p>\n<p>&nbsp;<\/p>\n<p><img loading=\"lazy\" decoding=\"async\" class=\"aligncenter wp-image-2313500\" src=\"https:\/\/puntocritico.com\/ausajpuntocritico\/wp-content\/uploads\/2025\/10\/Cumbre-de-la-Tierra-Rio-de-Janeiro-Magazin-Cambio-Climatico-Website-SGK-PLANET-Sandor-Alejandro-Gerendas-Kiss-1-300x200.jpg\" alt=\"\" width=\"400\" height=\"267\" srcset=\"https:\/\/puntocritico.com\/ausajpuntocritico\/wp-content\/uploads\/2025\/10\/Cumbre-de-la-Tierra-Rio-de-Janeiro-Magazin-Cambio-Climatico-Website-SGK-PLANET-Sandor-Alejandro-Gerendas-Kiss-1-300x200.jpg 300w, https:\/\/puntocritico.com\/ausajpuntocritico\/wp-content\/uploads\/2025\/10\/Cumbre-de-la-Tierra-Rio-de-Janeiro-Magazin-Cambio-Climatico-Website-SGK-PLANET-Sandor-Alejandro-Gerendas-Kiss-1.jpg 600w\" sizes=\"auto, (max-width: 400px) 100vw, 400px\" \/><\/p>\n<p>&nbsp;<\/p>\n<p style=\"text-align: justify;\"><span style=\"font-size: 14pt;\"><strong>Ha de diferenciarse la responsabilidad de cada pa\u00eds o grupo de pa\u00edses desarrollados<\/strong>, a la vista de las presiones que sus sociedades ejercen en el medio ambiente mundial, y de los recursos y tecnolog\u00edas de que dispongan. Esto resulta incompatible con los criterios porcentuales de tendencias igualizadoras del sacrificio.<\/span><\/p>\n<p style=\"text-align: justify;\"><span style=\"font-size: 14pt;\">Sobre todo el problema est\u00e1 en la\u00a0<strong>confianza en los<\/strong>\u00a0<strong>m\u00e9todos reguladores del mercado<\/strong>, pues \u00e9ste funciona en una\u00a0direcci\u00f3n que fortalece cada vez m\u00e1s a los grandes centros de\u00a0poder cient\u00edfico, tecnol\u00f3gico y comercial (<em>EE.UU., Jap\u00f3n y la\u00a0C.E.E.<\/em>), as\u00ed como a los nuevos pa\u00edses industrializados. A la\u00a0vez, <strong>margina y sumerge en el caos a pa\u00edses enteros e incluso\u00a0a algunas zonas de pa\u00edses desarrollados<\/strong>.<\/span><\/p>\n<p style=\"text-align: justify;\"><span style=\"font-size: 14pt;\">En especial, hay que tener una gran prevenci\u00f3n ante el\u00a0hecho de que <strong>el desarrollo que se exporta a los pa\u00edses pobres,\u00a0suele tener como base y como fin el mal desarrollo y el\u00a0despilfarro de las naciones del Norte<\/strong>, ocurriendo que el\u00a0verdadero origen de la crisis actual est\u00e1 en el\u00a0<strong>modelo<\/strong>\u00a0<strong>econ\u00f3mico no sostenible adoptado por el Norte<\/strong>. <\/span><\/p>\n<p style=\"text-align: justify;\"><span style=\"font-size: 14pt;\">Han de\u00a0transformarse los modelos de desarrollo del Sur, buscando una\u00a0mayor protecci\u00f3n del medio ambiente, pero lo que\u00a0verdaderamente ha de modificarse es <strong>el modelo econ\u00f3mico actual\u00a0del Norte, donde un 20% de la poblaci\u00f3n consume m\u00e1s del 80% de\u00a0los recursos mundiales<\/strong>, que adem\u00e1s es mayoritariamente\u00a0empleado en bienes superfluos, y son los responsables del\u00a0agotamiento de los recursos y de la contaminaci\u00f3n.<\/span><\/p>\n<p style=\"text-align: justify;\"><span style=\"font-size: 14pt;\"><strong>Seg\u00fan la opini\u00f3n prevaleciente, el desarrollismo, cuanto\u00a0m\u00e1s se desarrollen las econom\u00edas industriales, m\u00e1s se\u00a0beneficiar\u00e1 el resto del mundo<\/strong>, pues cuanto m\u00e1s deprisa\u00a0podamos convertir las materias primas en bienes econ\u00f3micos,\u00a0m\u00e1s riqueza o valor permanente estamos creando para ser\u00a0distribuido entre los habitantes del planeta.<\/span><\/p>\n<p style=\"text-align: justify;\"><span style=\"font-size: 14pt;\">Sin embargo, <strong>lo que ocurre, es que cuanto m\u00e1s deprisa las\u00a0naciones industrializadas convierten los recursos naturales en\u00a0bienes econ\u00f3micos, menos recursos quedan en la naturaleza para\u00a0los dem\u00e1s pa\u00edses y para las generaciones venideras<\/strong>.<\/span><\/p>\n<p style=\"text-align: justify;\"><span style=\"font-size: 14pt;\">Adem\u00e1s los\u00a0<strong>adelantos tecnol\u00f3gicos<\/strong>, generalmente sirven\u00a0para acelerar la conversi\u00f3n de m\u00e1s recursos en menos tiempo,\u00a0<strong>consumiendo las reservas naturales y creando una mayor\u00a0cantidad de residuos y disfunciones<\/strong>. Pero las reservas de\u00a0recursos no renovables, se hallan principalmente en manos de\u00a0pa\u00edses no desarrollados.<\/span><\/p>\n<p>&nbsp;<\/p>\n<figure id=\"attachment_2313455\" aria-describedby=\"caption-attachment-2313455\" style=\"width: 200px\" class=\"wp-caption aligncenter\"><img loading=\"lazy\" decoding=\"async\" class=\"wp-image-2313455\" src=\"https:\/\/puntocritico.com\/ausajpuntocritico\/wp-content\/uploads\/2025\/10\/libro-el-libro-del-reciclaje-ALfonso-del-Val-1996-198x300.jpg\" alt=\"\" width=\"200\" height=\"303\" srcset=\"https:\/\/puntocritico.com\/ausajpuntocritico\/wp-content\/uploads\/2025\/10\/libro-el-libro-del-reciclaje-ALfonso-del-Val-1996-198x300.jpg 198w, https:\/\/puntocritico.com\/ausajpuntocritico\/wp-content\/uploads\/2025\/10\/libro-el-libro-del-reciclaje-ALfonso-del-Val-1996.jpg 552w\" sizes=\"auto, (max-width: 200px) 100vw, 200px\" \/><figcaption id=\"caption-attachment-2313455\" class=\"wp-caption-text\"><span style=\"color: #008000;\">RESIDUOS S\u00d3LIDOS URBANOS: El Libro del reciclaje, de Alfonso del Val, 1991<\/span><\/figcaption><\/figure>\n<p>&nbsp;<\/p>\n<p style=\"text-align: justify;\"><span style=\"font-size: 14pt;\"><strong>Es dif\u00edcil hacerse a la idea de lo\u00a0que ocurre en el <em>Tercer Mundo<\/em>, comprender lo que es la pobreza\u00a0absoluta, la muerte por desnutrici\u00f3n, la carencia total de\u00a0todo<\/strong>. Los pa\u00edses del tercer mundo ven las preocupaciones\u00a0ecol\u00f3gicas de los ricos como un esfuerzo dirigido a que pa\u00edses\u00a0como EE.UU. puedan seguir conservando su riqueza a costa de\u00a0obstaculizar el crecimiento econ\u00f3mico de los pobres.<\/span><\/p>\n<p>&nbsp;<\/p>\n<blockquote>\n<p style=\"text-align: center;\"><span style=\"color: #008000;\"><strong><span style=\"font-size: 14pt;\">Los pa\u00edses del tercer mundo ven las preocupaciones\u00a0ecol\u00f3gicas de los ricos como un esfuerzo dirigido a que pa\u00edses\u00a0como EE.UU. puedan seguir conservando su riqueza a costa de\u00a0obstaculizar el crecimiento econ\u00f3mico de los pobres.<\/span><\/strong><\/span><\/p>\n<\/blockquote>\n<p>&nbsp;<\/p>\n<p style=\"text-align: justify;\"><span style=\"font-size: 14pt;\">Mientras\u00a0sigamos devorando una parte desproporcionada de los recursos\u00a0mundiales, y despilfarrando la mayor\u00eda de ellos en\u00a0trivialidades, cuando el resto del mundo lucha por encontrar\u00a0la forma de subsistir, <strong>no tenemos ning\u00fan derecho a dar\u00a0lecciones a los dem\u00e1s acerca de c\u00f3mo deben orientar su\u00a0desarrollo econ\u00f3mico<\/strong>. <\/span><\/p>\n<p style=\"text-align: justify;\"><span style=\"font-size: 14pt;\">Por tanto lo primero ser\u00eda empezar desde\u00a0ya a<strong> limitar dr\u00e1sticamente nuestra riqueza material<\/strong>. EE.UU.\u00a0representa un 6% de la poblaci\u00f3n mundial, sin embargo consume\u00a0una tercera parte de la producci\u00f3n mundial de recursos\u00a0minerales para mantener el nivel de vida al que se supone\u00a0espira el resto del mundo. <\/span><\/p>\n<p style=\"text-align: justify;\"><span style=\"font-size: 14pt;\"><strong>Esto es absolutamente inviable. La\u00a0escasez de recursos imposibilita que ni siquiera EE.UU. pueda\u00a0seguir manteniendo tal consumo.<\/strong><\/span><\/p>\n<p>&nbsp;<\/p>\n<blockquote>\n<p style=\"text-align: center;\"><strong><span style=\"font-size: 14pt;\"><span style=\"color: #008000;\">Cuando el progreso de estilo Occidental llega al un pa\u00eds\u00a0del <em>Tercer Mundo<\/em> el resultado suele ser un \u00ab<em>subdesarrollo\u00a0instant\u00e1neo<\/em>\u00ab: las masas populares se vuelven m\u00e1s pobres que antes, y se da preferencia a las ciudades sobre las zonas rurales.<\/span> <\/span><\/strong><\/p>\n<\/blockquote>\n<p>&nbsp;<\/p>\n<figure id=\"attachment_2299863\" aria-describedby=\"caption-attachment-2299863\" style=\"width: 480px\" class=\"wp-caption aligncenter\"><img loading=\"lazy\" decoding=\"async\" class=\"wp-image-2299863\" src=\"https:\/\/puntocritico.com\/ausajpuntocritico\/wp-content\/uploads\/2024\/07\/BICI-MEDIOAMBIENTE-Lopez-Rodo-en-bici-1972-300x169.webp\" alt=\"\" width=\"480\" height=\"270\" srcset=\"https:\/\/puntocritico.com\/ausajpuntocritico\/wp-content\/uploads\/2024\/07\/BICI-MEDIOAMBIENTE-Lopez-Rodo-en-bici-1972-300x169.webp 300w, https:\/\/puntocritico.com\/ausajpuntocritico\/wp-content\/uploads\/2024\/07\/BICI-MEDIOAMBIENTE-Lopez-Rodo-en-bici-1972-1024x576.webp 1024w, https:\/\/puntocritico.com\/ausajpuntocritico\/wp-content\/uploads\/2024\/07\/BICI-MEDIOAMBIENTE-Lopez-Rodo-en-bici-1972-768x432.webp 768w, https:\/\/puntocritico.com\/ausajpuntocritico\/wp-content\/uploads\/2024\/07\/BICI-MEDIOAMBIENTE-Lopez-Rodo-en-bici-1972-678x381.webp 678w, https:\/\/puntocritico.com\/ausajpuntocritico\/wp-content\/uploads\/2024\/07\/BICI-MEDIOAMBIENTE-Lopez-Rodo-en-bici-1972.webp 1240w\" sizes=\"auto, (max-width: 480px) 100vw, 480px\" \/><figcaption id=\"caption-attachment-2299863\" class=\"wp-caption-text\"><span style=\"color: #008000;\">Una de las ic\u00f3nicas im\u00e1genes de la cumbre de 1972: el ministro espa\u00f1ol Laureano L\u00f3pez Rod\u00f3 acude a la conferencia en una de las 750 bicicletas facilitadas a los participantes \u00abpara dar ejemplo\u00bb EFE<\/span><\/figcaption><\/figure>\n<p>&nbsp;<\/p>\n<p style=\"text-align: justify;\"><span style=\"font-size: 14pt;\">Cuando el progreso de estilo Occidental llega al un pa\u00eds\u00a0del <em>Tercer Mundo<\/em> el resultado suele ser un \u00ab<em><strong>subdesarrollo<\/strong>\u00a0<strong>instant\u00e1neo<\/strong><\/em>\u00ab: l<strong>as masas populares se vuelven m\u00e1s pobres que antes, y se da preferencia a las ciudades sobre las zonas rurales<\/strong>. <\/span><\/p>\n<p style=\"text-align: justify;\"><span style=\"font-size: 14pt;\"><strong>Al automatizarse la producci\u00f3n disminuyen los puestos de trabajo<\/strong>, lo que en especial ocurre con la agricultura mecanizada impuesta por la <em>Revoluci\u00f3n Verde.<\/em> Los <strong>campesinos desarraigados deben desplazarse a las ciudades<\/strong>, apareciendo lo que se ha dado en llamar el \u00ab<em><strong>Cuarto Mundo<\/strong>\u00ab<\/em> es decir<strong> enormes\u00a0bolsas de pobreza situadas en las zonas marginales de la\u00a0grandes ciudades<\/strong>.<\/span><\/p>\n<p style=\"text-align: justify;\"><span style=\"font-size: 14pt;\">Por desgracia, <strong>los pa\u00edses del<em> Tercer Mundo<\/em> utilizan el\u00a0producto econ\u00f3mico de la venta de sus recursos para\u00a0industrializar su econom\u00eda en el sentido antes expuesto<\/strong>. <\/span><\/p>\n<p style=\"text-align: justify;\"><span style=\"font-size: 14pt;\">Esto\u00a0supone un fant\u00e1stico incremento del consumo de recursos no\u00a0renovables, y tambi\u00e9n de la contaminaci\u00f3n generada, adem\u00e1s de\u00a0la creciente utilizaci\u00f3n de <strong>recursos energ\u00e9ticos no renovables\u00a0<\/strong>(<em>combustibles f\u00f3siles<\/em>), lo que a la vez acent\u00faa el <em><strong>efecto\u00a0invernadero<\/strong><\/em>, con todo lo que ello conlleva.<\/span><\/p>\n<p>&nbsp;<\/p>\n<blockquote>\n<p style=\"text-align: center;\"><span style=\"color: #008000;\"><strong><span style=\"font-size: 14pt;\">Cuando un elemento de un ecosistema crece desproporcionadamente, est\u00e1 robando a las dem\u00e1s partes de \u00e9ste los medios para su supervivencia, poniendo en peligro la existencia de todo el ecosistema.<\/span><\/strong><\/span><\/p>\n<\/blockquote>\n<p>&nbsp;<\/p>\n<p style=\"text-align: justify;\"><span style=\"font-size: 14pt;\"><strong>El ejemplo de esta crisis nos lo da la propia naturaleza<\/strong>,\u00a0en la que, cuando un elemento de un ecosistema crece\u00a0desproporcionadamente, est\u00e1 robando a las dem\u00e1s partes de \u00e9ste\u00a0los medios para su supervivencia, poniendo en peligro la\u00a0existencia de todo el ecosistema. <\/span><\/p>\n<p style=\"text-align: justify;\"><span style=\"font-size: 14pt;\">As\u00ed <strong>cuando la riqueza de una\u00a0sociedad se concentra en manos de unos pocos<\/strong>, hasta el punto\u00a0de que los dem\u00e1s sufren una escasez tan grave como para poner\u00a0en peligro su propia supervivencia, <strong>la sociedad se derrumba,\u00a0o se inicia una revoluci\u00f3n<\/strong>.<\/span><\/p>\n<p>&nbsp;<\/p>\n<blockquote>\n<p style=\"text-align: center;\"><strong><span style=\"font-size: 14pt; color: #008000;\">As\u00ed cuando la riqueza de una\u00a0sociedad se concentra en manos de unos pocos, hasta el punto\u00a0de que los dem\u00e1s sufren una escasez tan grave como para poner\u00a0en peligro su propia supervivencia, la sociedad se derrumba,\u00a0o se inicia una revoluci\u00f3n.<\/span><\/strong><\/p>\n<\/blockquote>\n<p>&nbsp;<\/p>\n<p><img loading=\"lazy\" decoding=\"async\" class=\"aligncenter wp-image-2313478\" src=\"https:\/\/puntocritico.com\/ausajpuntocritico\/wp-content\/uploads\/2025\/10\/Homenaje-Univ-Alicante-Ramon-Martin-Mateo-678x381.png\" alt=\"\" width=\"555\" height=\"331\" srcset=\"https:\/\/puntocritico.com\/ausajpuntocritico\/wp-content\/uploads\/2025\/10\/Homenaje-Univ-Alicante-Ramon-Martin-Mateo-300x179.png 300w, https:\/\/puntocritico.com\/ausajpuntocritico\/wp-content\/uploads\/2025\/10\/Homenaje-Univ-Alicante-Ramon-Martin-Mateo-768x458.png 768w, https:\/\/puntocritico.com\/ausajpuntocritico\/wp-content\/uploads\/2025\/10\/Homenaje-Univ-Alicante-Ramon-Martin-Mateo.png 1024w\" sizes=\"auto, (max-width: 555px) 100vw, 555px\" \/><\/p>\n<p>&nbsp;<\/p>\n<blockquote>\n<p style=\"text-align: center;\"><span style=\"color: #008000; font-size: 14pt;\"><strong>Universidad de Alicante, HOMENAJE AL PROFESOR DON RAM\u00d3N MART\u00cdN MATEO<\/strong>, autor del primer manual universitario de derecho ambiental. Ram\u00f3n Mart\u00edn Mateo, tambi\u00e9n un especialista destacado en derecho local, ha sido rector de la Universidad del Pa\u00eds Vasco y de la Universidad de Alicante, y ha ocupado cargos de responsabilidad en la administraci\u00f3n universitaria estatal.\u00a0<\/span><\/p>\n<p style=\"text-align: center;\"><span style=\"color: #008000; font-size: 14pt;\">Experto de las Naciones Unidas en diferentes proyectos durante los a\u00f1os setenta, as\u00ed como fundamental integrante de la Delegaci\u00f3n espa\u00f1ola en la Cumbre de R\u00edo (ONU) de 1992. Tambi\u00e9n ha sido vocal electivo del Consejo de Estado (1990-2003) y vocal del Consejo Estatal del Agua (1991).<\/span><\/p>\n<p style=\"text-align: center;\"><span style=\"color: #008000; font-size: 14pt;\">Es autor de una cuarentena de libros y ha dirigido 33 tesis doctorales, ha recibido numerosas distinciones honor\u00edficas y es doctor honres causa por diferentes universidades. que son sus memorias. En\u00a0\u00ab<em>Memorias de un ingeniero social bienhumorado<\/em>\u00bb (Ed. Pen\u00ednsula, 2005), califica a los juristas de ingenieros sociales, que trabajan para que se haga justicia con las personas, defendi\u00e9ndolas del mismo poder judicial.<\/span><\/p>\n<\/blockquote>\n<p style=\"text-align: center;\"><span style=\"font-size: 18pt;\"><strong><span style=\"color: #008000;\">***<\/span><\/strong><\/span><\/p>\n<p style=\"text-align: justify;\"><span style=\"font-size: 14pt;\">En la\u00a0<strong>Cumbre de R\u00edo<\/strong>, en su apartado institucional, se\u00a0elabor\u00f3 un <strong>programa de actuaci\u00f3n global<\/strong> a nivel internacional,\u00a0denominado\u00a0<strong>Agenda 21<\/strong>. <\/span><\/p>\n<p style=\"text-align: justify;\"><span style=\"font-size: 14pt;\">En su\u00a0<strong>Cap\u00edtulo 36<\/strong> propone una reorientaci\u00f3n de la educaci\u00f3n hacia el desarrollo sostenible. Reconoce que la educaci\u00f3n, incluidas la ense\u00f1anza escolar, la sensibilizaci\u00f3n del p\u00fablico y la capacitaci\u00f3n de t\u00e9cnicos, es un proceso primordial que permite que los seres humanos y las sociedades incrementen su capacidad para promover el desarrollo sostenible utilizando como base las cuestiones ambientales y de desarrollo. <\/span><\/p>\n<p style=\"text-align: justify;\"><span style=\"font-size: 14pt;\">De forma simult\u00e1nea a la <strong>Cumbre de R\u00edo<\/strong>, las <strong>ONGs<\/strong>, reunidas en el <strong>Foro Global Ciudadano<\/strong> llegaron a gran n\u00famero de acuerdos y declaraciones de principios, y entre ellos, alguno se centra espec\u00edficamente en el papel a desempe\u00f1ar por la educaci\u00f3n ambiental en una nueva sociedad que busca el desarrollo equilibrado y sostenible. Rechaza el modelo de civilizaci\u00f3n dominante basado en la sobreproducci\u00f3n y el sobreconsumo.<\/span><\/p>\n<p>&nbsp;<\/p>\n<figure id=\"attachment_2313486\" aria-describedby=\"caption-attachment-2313486\" style=\"width: 1882px\" class=\"wp-caption aligncenter\"><a href=\"https:\/\/www.un.org\/es\/conferences\/environment\/rio1992\" target=\"_blank\" rel=\"noopener\" data-schema-attribute=\"\"><img loading=\"lazy\" decoding=\"async\" class=\"wp-image-2313486 size-full\" src=\"https:\/\/puntocritico.com\/ausajpuntocritico\/wp-content\/uploads\/2025\/10\/rio_1992_grupo.jpg\" alt=\"\" width=\"1882\" height=\"702\" srcset=\"https:\/\/puntocritico.com\/ausajpuntocritico\/wp-content\/uploads\/2025\/10\/rio_1992_grupo.jpg 1882w, https:\/\/puntocritico.com\/ausajpuntocritico\/wp-content\/uploads\/2025\/10\/rio_1992_grupo-300x112.jpg 300w, https:\/\/puntocritico.com\/ausajpuntocritico\/wp-content\/uploads\/2025\/10\/rio_1992_grupo-1024x382.jpg 1024w, https:\/\/puntocritico.com\/ausajpuntocritico\/wp-content\/uploads\/2025\/10\/rio_1992_grupo-768x286.jpg 768w, https:\/\/puntocritico.com\/ausajpuntocritico\/wp-content\/uploads\/2025\/10\/rio_1992_grupo-1536x573.jpg 1536w, https:\/\/puntocritico.com\/ausajpuntocritico\/wp-content\/uploads\/2025\/10\/rio_1992_grupo-1320x492.jpg 1320w\" sizes=\"auto, (max-width: 1882px) 100vw, 1882px\" \/><\/a><figcaption id=\"caption-attachment-2313486\" class=\"wp-caption-text\"><span style=\"color: #008000;\">Foto de grupo de los l\u00edderes mundiales reunidos en la &#8216;Cumbre para la Tierra&#8217; en R\u00edo de Janeiro, Brasil, 13 de junio de 1992. Foto ONU\/Michos Tzovaras<\/span><\/figcaption><\/figure>\n<p>&nbsp;<\/p>\n<p style=\"text-align: justify;\"><span style=\"font-size: 14pt;\">El\u00a0<a href=\"https:\/\/eur-lex.europa.eu\/legal-content\/ES\/TXT\/?uri=LEGISSUM%3Al28062\" target=\"_blank\" rel=\"noopener\" data-schema-attribute=\"\"><strong>V Programa de Acci\u00f3n Medioambiental<\/strong>\u00a0adoptado por el<strong>\u00a0Consejo de ministros de la Comunidad Econ\u00f3mica Europea, en\u00a0Diciembre de 1.992<\/strong><\/a>, enfoca los problemas ambientales desde la\u00a0\u00f3ptica del\u00a0<strong>Desarrollo Sostenible<\/strong>, con un enfoque que no solo abarca a las autoridades, sino tambi\u00e9n a todos los operadores econ\u00f3micos, y en primer lugar, a los ciudadanos, mediante la corresponsabilidad en materia medioambiental. <\/span><\/p>\n<p style=\"text-align: justify;\"><span style=\"font-size: 14pt;\"><strong>El V Programa se basa en los principios de Desarrollo Sostenible, Acci\u00f3n Preventiva y Precautoria, y en la Corresponsabilidad<\/strong>, principios que ya hab\u00edan sido expuestos en el <strong>Tratado de la Uni\u00f3n Europea<\/strong>, firmado en <em>Maastricht<\/em> en Febrero de 1.992.<\/span><\/p>\n<p>&nbsp;<\/p>\n<figure id=\"attachment_2313543\" aria-describedby=\"caption-attachment-2313543\" style=\"width: 440px\" class=\"wp-caption aligncenter\"><img loading=\"lazy\" decoding=\"async\" class=\"wp-image-2313543\" src=\"https:\/\/puntocritico.com\/ausajpuntocritico\/wp-content\/uploads\/2025\/10\/principio-de-precaucion-en-el-V-Programa-de-Accion-Medioambiental-de-la-UE.png\" alt=\"\" width=\"440\" height=\"264\" \/><figcaption id=\"caption-attachment-2313543\" class=\"wp-caption-text\"><span style=\"color: #008000;\">El Principio de Precauci\u00f3n en el V Programa de Acci\u00f3n Medioambiental de la UE: De la primac\u00eda al olvido.<\/span><\/figcaption><\/figure>\n<p>&nbsp;<\/p>\n<p style=\"text-align: justify;\"><span style=\"font-size: 14pt;\">Como <strong>objetivo<\/strong>, est\u00e1 el proporcionar una estructura de aplicaci\u00f3n a la <strong>Agenda 21 suscrita por la CEE y los Estados miembros de la Conferencia de las Naciones Unidas sobre el Medio Ambiente y el Desarrollo (CNUMAD)<\/strong>, celebrada en <em>R\u00edo de Janeiro<\/em> en Junio de 1.992.<\/span><\/p>\n<p style=\"text-align: justify;\"><span style=\"font-size: 14pt;\">Estos dos &#8211;<strong>Quinto Programa de acci\u00f3n medioambiental CEE<\/strong>,\u00a0y <strong>Cumbre de R\u00edo<\/strong>-, aparecen como \u00ab<em><strong>pen\u00faltimos<\/strong><\/em>\u00bb actos de la\u00a0\u00ab<em><strong>Biohistoria<\/strong><\/em>\u00bb humana, y enlazan con la idea de que <strong>la pr\u00f3xima\u00a0revoluci\u00f3n habr\u00e1 de ser la de la Sostenibilidad<\/strong>. La pregunta,\u00a0sin embargo, es si ser\u00e1 posible vencer la inercia de la actual\u00a0estructura econ\u00f3mica internacional, y si lo fuese, \u00bfllegar\u00e1 a\u00a0tiempo?<\/span><\/p>\n<p style=\"text-align: justify;\">\u00a0<\/p>\n<figure id=\"attachment_2313404\" aria-describedby=\"caption-attachment-2313404\" style=\"width: 480px\" class=\"wp-caption aligncenter\"><img loading=\"lazy\" decoding=\"async\" class=\"wp-image-2313404 size-full\" src=\"https:\/\/puntocritico.com\/ausajpuntocritico\/wp-content\/uploads\/2025\/10\/Vertedero-de-bens-desplome3-RSU.webp\" alt=\"RESIDUOS S\u00d3LIDOS URBANOS\" width=\"480\" height=\"270\" srcset=\"https:\/\/puntocritico.com\/ausajpuntocritico\/wp-content\/uploads\/2025\/10\/Vertedero-de-bens-desplome3-RSU.webp 480w, https:\/\/puntocritico.com\/ausajpuntocritico\/wp-content\/uploads\/2025\/10\/Vertedero-de-bens-desplome3-RSU-300x169.webp 300w\" sizes=\"auto, (max-width: 480px) 100vw, 480px\" \/><figcaption id=\"caption-attachment-2313404\" class=\"wp-caption-text\"><span style=\"color: #008000;\">RESIDUOS S\u00d3LIDOS URBANOS: Vertedero de Bens (A Coru\u00f1a, 1996)<\/span><\/figcaption><\/figure>\n<p style=\"text-align: center;\"><span style=\"font-size: 18pt;\"><strong><span style=\"color: #008000;\">*******<\/span><\/strong><\/span><\/p>\n<blockquote>\n<h3 style=\"text-align: center;\"><span style=\"font-size: 18pt;\"><strong>Fuentes de informaci\u00f3n (<em>sinopsis<\/em>)<\/strong><\/span><\/h3>\n<p style=\"text-align: justify;\"><span style=\"font-size: 14pt;\">Para los <strong>Cap\u00edtulos II y III<\/strong>, dedicados a la visi\u00f3n general del problema, las fuentes de informaci\u00f3n han sido tanto obras que tratan de la problem\u00e1tica Ambiental de car\u00e1cter general, como libros, dossiers y revistas especializados en RESIDUOS S\u00d3LIDOS URBANOS y Recuperaci\u00f3n Selectiva, as\u00ed como tambi\u00e9n el material de estudio del <em>Master en Gesti\u00f3n Ambiental<\/em> elaborado por el <em>Instituto de Investigaciones Ecol\u00f3gicas (UIICN)<\/em>. <\/span><\/p>\n<p style=\"text-align: justify;\"><span style=\"font-size: 14pt;\">Tambi\u00e9n ha sido de utilizada informaci\u00f3n recopilada en la <em>Facultad de Medicina de la Universidad de Navarra<\/em>, perteneciente a la asignatura \u00ab<em>Mesolog\u00eda<\/em>\u00ab. <\/span><\/p>\n<p style=\"text-align: justify;\"><span style=\"font-size: 14pt;\">En los <strong>Cap\u00edtulos IV y V<\/strong>, dedicados a la legislaci\u00f3n espa\u00f1ola y de la CEE, en materia de Medio Ambiente, han sido utilizados <em>manuales de Derecho Administrativo, de Derecho Comunitario y de Derecho Ambiental<\/em>, as\u00ed como los <em>textos legales<\/em> pertinentes. Destacar\u00e9 las obras de <strong>Fernando Fuentes Bodel\u00f3n<\/strong> en <em>Derecho de Aguas<\/em> y el <em>Tratado de Derecho Ambiental (tres vol\u00famenes)<\/em> de <strong>Ram\u00f3n Mart\u00edn Mateo<\/strong>.<\/span><\/p>\n<p style=\"text-align: justify;\"><span style=\"font-size: 14pt;\">En el <strong>Cap\u00edtulo VI<\/strong>, que es la parte \u00ab<em><strong>pr\u00e1ctica<\/strong><\/em>\u00bb del estudio, la primera fuente ha sido mi propia experiencia personal en una empresas del <em>sector de la recuperaci\u00f3n de papel y cart\u00f3n<\/em>. En cuanto a los datos de poblaci\u00f3n, los datos se han tomado de la <em>comparaci\u00f3n del Censo de 1.981 y el padr\u00f3n de 1.986<\/em>, que son los datos actualmente m\u00e1s fiables. <\/span><\/p>\n<p style=\"text-align: justify;\"><span style=\"font-size: 14pt;\">En cuanto a los R.S.U. generados y su composici\u00f3n, me he basado en <em>encuestas realizadas por la Xunta de Galicia a distintos Ayuntamientos Gallegos<\/em> <em>y a empresas concesionarias del servicio de recogida de basuras<\/em>, as\u00ed como en datos suministrados por el <em>MOPU<\/em>, y por la <em>Asociaci\u00f3n Nacional de Recuperadores de papel y cart\u00f3n<\/em>, y especialmente, en los datos proporcionados en el <em>Plan de Gesti\u00f3n de RESIDUOS S\u00d3LIDOS URBANOS de la Xunta de Galicia<\/em>. <\/span><\/p>\n<p style=\"text-align: justify;\"><span style=\"font-size: 14pt;\">En lo relativo a las posibilidades de organizaci\u00f3n, se han consultado <em>manuales de Derecho Mercantil, as\u00ed como de Derecho del Trabajo y Gu\u00edas Laborales del Ministerio de Trabajo y Seguridad Social<\/em>. <\/span><\/p>\n<p style=\"text-align: justify;\"><span style=\"font-size: 14pt;\">Por \u00faltimo, en el Cap\u00edtulo VII, dedicado a experiencias y propuestas alternativas, la informaci\u00f3n ha venido de la labor del <strong>equipo Lorea<\/strong> y otras recogidas por <a href=\"https:\/\/www.casadellibro.com\/libro-el-libro-del-reciclaje\/9788479012526\/563496?srsltid=AfmBOoqHu_w3-Mhy2ZU0sfp0nL0km9bR_Pc0BQgE8OcSU8L-Iw8yqXxv\" target=\"_blank\" rel=\"noopener\" data-schema-attribute=\"\"><strong>Alfonso del Val<\/strong> en el \u00ab<strong><em>Libro del reciclaje<\/em><\/strong>\u00ab<\/a>, as\u00ed como en <em>Dossiers<\/em> y campa\u00f1as en materia de RESIDUOS S\u00d3LIDOS URBANOS llevadas a cabo en Madrid por <em>Carpa, S.A<\/em>. y por diversas asociaciones, que obran en mi poder. <\/span><\/p>\n<p style=\"text-align: justify;\"><span style=\"font-size: 14pt;\">Tambi\u00e9n en informes facilitados por <em>Geenpeace<\/em> y otras publicaciones, propias y ajenas, en revistas especializadas.<\/span><\/p>\n<\/blockquote>\n<p>&nbsp;<\/p>\n<figure id=\"attachment_2313403\" aria-describedby=\"caption-attachment-2313403\" style=\"width: 470px\" class=\"wp-caption aligncenter\"><img loading=\"lazy\" decoding=\"async\" class=\"wp-image-2313403 size-full\" src=\"https:\/\/puntocritico.com\/ausajpuntocritico\/wp-content\/uploads\/2025\/10\/Vertedero-de-Bens-derrumbado-avalancha-de-basura-en-La-Coruna-1.jpg\" alt=\"RESIDUOS S\u00d3LIDOS URBANOS\" width=\"470\" height=\"313\" srcset=\"https:\/\/puntocritico.com\/ausajpuntocritico\/wp-content\/uploads\/2025\/10\/Vertedero-de-Bens-derrumbado-avalancha-de-basura-en-La-Coruna-1.jpg 470w, https:\/\/puntocritico.com\/ausajpuntocritico\/wp-content\/uploads\/2025\/10\/Vertedero-de-Bens-derrumbado-avalancha-de-basura-en-La-Coruna-1-300x200.jpg 300w\" sizes=\"auto, (max-width: 470px) 100vw, 470px\" \/><figcaption id=\"caption-attachment-2313403\" class=\"wp-caption-text\"><span style=\"color: #008000;\">RESIDUOS S\u00d3LIDOS URBANOS: Vertedero de Bens (A Coru\u00f1a, 1996)<\/span><\/figcaption><\/figure>\n<p>&nbsp;<\/p>\n<p style=\"text-align: center;\"><span style=\"font-size: 14pt; color: #008000;\">\u00cdNDICE: RESIDUOS S\u00d3LIDOS URBANOS: HISTORIA DE SU REGULACI\u00d3N EN ESPA\u00d1A<\/span><\/p>\n<p>&nbsp;<\/p>\n<p>&nbsp;<\/p>\n<p><span style=\"font-size: 14pt;\"><a href=\"https:\/\/puntocritico.com\/ausajpuntocritico\/author\/punto-critico\/\"><img loading=\"lazy\" decoding=\"async\" class=\"aligncenter wp-image-9528\" style=\"font-size: 18.6667px;\" src=\"https:\/\/puntocritico.com\/ausajpuntocritico\/wp-content\/uploads\/2018\/03\/Mosca_Punto_Cr\u00edtico_40.png\" alt=\"\" width=\"80\" height=\"80\" data-id=\"9528\" \/><\/a><\/span><\/p>\n<p>&nbsp;<\/p>\n","protected":false},"excerpt":{"rendered":"<div class=\"mh-excerpt\"><p>RESIDUOS S\u00d3LIDOS URBANOS, Parte 1 &nbsp; Iniciamos la publicaci\u00f3n de un libro que escrib\u00ed hace m\u00e1s de 30 a\u00f1os. Presentado en 1994, no lo quise publicar con otras editoriales interesadas pues, en aqu\u00e9l momento, adem\u00e1s <a class=\"mh-excerpt-more\" href=\"https:\/\/puntocritico.com\/ausajpuntocritico\/2025\/10\/23\/residuos-solidos-urbanos-parte-1-intro\/\" title=\"RESIDUOS S\u00d3LIDOS URBANOS: HISTORIA DE SU REGULACI\u00d3N EN ESPA\u00d1A, por Jes\u00fas D\u00edaz Formoso (Parte 1: Introducci\u00f3n)\">[&#8230;]<\/a><\/p>\n<\/div>","protected":false},"author":3,"featured_media":2313410,"comment_status":"closed","ping_status":"closed","sticky":false,"template":"","format":"standard","meta":{"_acf_changed":false,"_exactmetrics_skip_tracking":false,"_exactmetrics_sitenote_active":false,"_exactmetrics_sitenote_note":"","_exactmetrics_sitenote_category":0,"footnotes":""},"categories":[7],"tags":[189],"class_list":{"0":"post-2313299","1":"post","2":"type-post","3":"status-publish","4":"format-standard","5":"has-post-thumbnail","7":"category-politica","8":"tag-residuos-solidos-urbanos"},"acf":[],"_links":{"self":[{"href":"https:\/\/puntocritico.com\/ausajpuntocritico\/wp-json\/wp\/v2\/posts\/2313299","targetHints":{"allow":["GET"]}}],"collection":[{"href":"https:\/\/puntocritico.com\/ausajpuntocritico\/wp-json\/wp\/v2\/posts"}],"about":[{"href":"https:\/\/puntocritico.com\/ausajpuntocritico\/wp-json\/wp\/v2\/types\/post"}],"author":[{"embeddable":true,"href":"https:\/\/puntocritico.com\/ausajpuntocritico\/wp-json\/wp\/v2\/users\/3"}],"replies":[{"embeddable":true,"href":"https:\/\/puntocritico.com\/ausajpuntocritico\/wp-json\/wp\/v2\/comments?post=2313299"}],"version-history":[{"count":0,"href":"https:\/\/puntocritico.com\/ausajpuntocritico\/wp-json\/wp\/v2\/posts\/2313299\/revisions"}],"wp:featuredmedia":[{"embeddable":true,"href":"https:\/\/puntocritico.com\/ausajpuntocritico\/wp-json\/wp\/v2\/media\/2313410"}],"wp:attachment":[{"href":"https:\/\/puntocritico.com\/ausajpuntocritico\/wp-json\/wp\/v2\/media?parent=2313299"}],"wp:term":[{"taxonomy":"category","embeddable":true,"href":"https:\/\/puntocritico.com\/ausajpuntocritico\/wp-json\/wp\/v2\/categories?post=2313299"},{"taxonomy":"post_tag","embeddable":true,"href":"https:\/\/puntocritico.com\/ausajpuntocritico\/wp-json\/wp\/v2\/tags?post=2313299"}],"curies":[{"name":"wp","href":"https:\/\/api.w.org\/{rel}","templated":true}]}}