{"id":2312970,"date":"2025-10-26T00:05:02","date_gmt":"2025-10-25T22:05:02","guid":{"rendered":"https:\/\/puntocritico.com\/ausajpuntocritico\/?p=2312970"},"modified":"2025-10-26T01:34:50","modified_gmt":"2025-10-25T23:34:50","slug":"ultimos-equivalentes-posibles-del-deber-para-el-sostenimiento-de-la-moralidad-guyau-parte-9","status":"publish","type":"post","link":"https:\/\/puntocritico.com\/ausajpuntocritico\/2025\/10\/26\/ultimos-equivalentes-posibles-del-deber-para-el-sostenimiento-de-la-moralidad-guyau-parte-9\/","title":{"rendered":"\u00daLTIMOS EQUIVALENTES POSIBLES DEL DEBER PARA EL SOSTENIMIENTO DE LA MORALIDAD (Esbozos de una moral sin sanci\u00f3n ni obligaci\u00f3n, de Jean-Marie Guyau) PARTE 9"},"content":{"rendered":"<p style=\"text-align: justify;\"><span style=\"color: #008000; font-size: 14pt;\">\u00daltimos equivalentes posibles del deber para el sostenimiento de la moralidad<\/span><\/p>\n<p style=\"text-align: justify;\"><a href=\"https:\/\/puntocritico.com\/ausajpuntocritico\/2025\/08\/31\/esbozos-de-una-moral-sin-sancion-ni-obligacion-de-jean-marie-guyau\/\" target=\"_blank\" rel=\"noopener\" data-schema-attribute=\"\"><span style=\"font-size: 14pt;\">INDICE de CAPITULOS\u00a0 \u00abESBOZOS DE UNA MORAL SIN SANCI\u00f3N NI OBLIGACI\u00f3N\u00bb, J. M. Guyau<\/span><\/a><\/p>\n\n<p>&nbsp;<\/p>\n<p style=\"text-align: center;\"><span style=\"font-size: 18pt;\"><strong>*<span style=\"color: #008000;\">*<\/span>*<\/strong><\/span><\/p>\n<p><img loading=\"lazy\" decoding=\"async\" class=\"aligncenter wp-image-24623\" src=\"https:\/\/puntocritico.com\/ausajpuntocritico\/wp-content\/uploads\/2019\/12\/GUYEAU-9-6-300x289.jpg\" alt=\"\u00daltimos equivalentes posibles del deber para el sostenimiento de la moralidad\" width=\"400\" height=\"385\" data-id=\"24623\" srcset=\"https:\/\/puntocritico.com\/ausajpuntocritico\/wp-content\/uploads\/2019\/12\/GUYEAU-9-6-300x289.jpg 300w, https:\/\/puntocritico.com\/ausajpuntocritico\/wp-content\/uploads\/2019\/12\/GUYEAU-9-6-768x739.jpg 768w, https:\/\/puntocritico.com\/ausajpuntocritico\/wp-content\/uploads\/2019\/12\/GUYEAU-9-6.jpg 800w\" sizes=\"auto, (max-width: 400px) 100vw, 400px\" \/><\/p>\n<p>&nbsp;<\/p>\n<h1 style=\"text-align: center;\"><span style=\"font-size: 24pt;\"><strong><em>Esbozos de una moral sin sanci\u00f3n ni obligaci\u00f3n<\/em><\/strong><\/span><\/h1>\n<p style=\"text-align: center;\"><strong><a id=\"ref5a\"><\/a><span style=\"font-size: 18pt; color: #008000;\"><a style=\"color: #008000;\" href=\"#ref5\">Jean-Marie Guyau<\/a><\/span><\/strong><\/p>\n<p style=\"text-align: center;\"><span style=\"font-size: 18pt;\"><strong>PARTE 9<\/strong><\/span><\/p>\n<p style=\"text-align: center;\"><span style=\"font-size: 24pt;\"><strong>Libro segundo<\/strong><\/span><\/p>\n<h2 style=\"text-align: center;\"><span style=\"font-size: 24pt;\"><em><strong>\u00daltimos equivalentes posibles del deber para el sostenimiento de la moralidad<\/strong><\/em><\/span><\/h2>\n<p><strong>\u00a0<\/strong><strong>\u00a0<\/strong><\/p>\n<p><img loading=\"lazy\" decoding=\"async\" class=\"aligncenter wp-image-22096\" src=\"https:\/\/puntocritico.com\/ausajpuntocritico\/wp-content\/uploads\/2019\/09\/Jean-Marie-Guyau-Principal-300x152.jpeg\" alt=\"\" width=\"480\" height=\"243\" srcset=\"https:\/\/puntocritico.com\/ausajpuntocritico\/wp-content\/uploads\/2019\/09\/Jean-Marie-Guyau-Principal-300x152.jpeg 300w, https:\/\/puntocritico.com\/ausajpuntocritico\/wp-content\/uploads\/2019\/09\/Jean-Marie-Guyau-Principal.jpeg 591w\" sizes=\"auto, (max-width: 480px) 100vw, 480px\" \/><\/p>\n<blockquote>\n<h2 style=\"text-align: center;\"><strong><span style=\"font-size: 24pt;\">\u00cdNDICE LIBRO SEGUNDO<\/span><\/strong><\/h2>\n<p style=\"text-align: center;\"><strong><span style=\"font-size: 14pt;\"><u>Libro Segundo<\/u><\/span><\/strong><\/p>\n<p style=\"padding-left: 40px; text-align: center;\"><span style=\"font-size: 14pt;\"><strong>\u00daltimos equivalentes posibles del deber para el sostenimiento de la moralidad.<\/strong><\/span><\/p>\n<p style=\"padding-left: 40px; text-align: center;\"><span style=\"font-size: 14pt;\"><strong><u>Cap\u00edtulo primero<\/u><\/strong><strong>. <\/strong><\/span><\/p>\n<p style=\"padding-left: 40px; text-align: center;\"><span style=\"font-size: 14pt;\"><strong>Cuarto equivalente del deber obtenido de los placeres del riesgo y de la lucha. <\/strong><\/span><\/p>\n<p style=\"padding-left: 40px; text-align: center;\"><span style=\"font-size: 14pt;\"><strong>1. El problema.<\/strong><\/span><\/p>\n<p style=\"padding-left: 40px; text-align: center;\"><span style=\"font-size: 14pt;\"><strong> 2. Cuarto equivalente del deber obtenido del placer del riesgo y de la lucha.<\/strong><\/span><\/p>\n<p style=\"padding-left: 40px; text-align: center;\"><span style=\"font-size: 14pt;\"><u>Cap\u00edtulo II<\/u>. <\/span><\/p>\n<p style=\"padding-left: 40px; text-align: center;\"><span style=\"font-size: 14pt;\">Quinto equivalente del deber obtenido del riesgo metaf\u00edsico: la hip\u00f3tesis. <\/span><\/p>\n<p style=\"padding-left: 40px; text-align: center;\"><span style=\"font-size: 14pt;\">I. El riesgo metaf\u00edsico en la especulaci\u00f3n. <\/span><\/p>\n<p style=\"padding-left: 40px; text-align: center;\"><span style=\"font-size: 14pt;\">II. El riesgo metaf\u00edsico en la acci\u00f3n.<\/span><\/p>\n<\/blockquote>\n<p>&nbsp;<\/p>\n<p><img loading=\"lazy\" decoding=\"async\" class=\"aligncenter wp-image-2311369\" src=\"https:\/\/puntocritico.com\/ausajpuntocritico\/wp-content\/uploads\/2025\/08\/Guyau-con-firma.jpg\" alt=\"\" width=\"240\" height=\"353\" \/><\/p>\n<p>&nbsp;<\/p>\n<p style=\"text-align: center;\"><span style=\"font-size: 18pt; color: #008000;\"><strong>Cap\u00edtulo 1<\/strong><\/span><\/p>\n<h3 style=\"text-align: center;\"><span style=\"font-size: 24pt;\">Cuarto equivalente del deber obtenido de los placeres del\u00a0riesgo y de la lucha<\/span><\/h3>\n<p><img loading=\"lazy\" decoding=\"async\" class=\"aligncenter wp-image-23905\" src=\"https:\/\/puntocritico.com\/ausajpuntocritico\/wp-content\/uploads\/2019\/11\/Guyau-6-7-OK.jpg\" alt=\"\" width=\"280\" height=\"369\" \/><\/p>\n<p style=\"text-align: center;\"><strong><span style=\"font-size: 18pt;\">-1-<\/span><\/strong><\/p>\n<h4 style=\"text-align: center;\"><span style=\"font-size: 18pt;\"><strong><em>El problema<\/em><\/strong><\/span><\/h4>\n<p style=\"text-align: justify;\"><span style=\"font-size: 14pt;\">Recordemos el <strong>problema capital que se plantea a toda moral exclusivamente cient\u00edfica<\/strong>:\u00a0<\/span><\/p>\n<blockquote>\n<p style=\"text-align: justify;\"><span style=\"font-size: 14pt; color: #008000;\"><strong>\u00bfHasta qu\u00e9 punto puede sentirse ligada la conciencia reflexiva por un impulso, por una presi\u00f3n interna que, por hip\u00f3tesis, no tiene m\u00e1s que un car\u00e1cter natural, no m\u00edstico, ni a\u00fan metaf\u00edsico, y que, adem\u00e1s, no se halla completada mediante la perspectiva de alguna sanci\u00f3n extra-social?<\/strong><\/span><\/p>\n<p style=\"text-align: justify;\"><span style=\"font-size: 14pt; color: #008000;\"><strong> \u00bfEn qu\u00e9 medida la conciencia reflexiva debe obedecer racionalmente a una <em>obligaci\u00f3n <\/em>de ese g\u00e9nero?<\/strong><\/span><\/p>\n<\/blockquote>\n<p>&nbsp;<\/p>\n<p style=\"text-align: justify;\"><span style=\"font-size: 14pt;\">Hemos dicho que, <strong>una moral positiva y cient\u00edfica, s\u00f3lo puede dar al individuo esta orden<\/strong>: <em>Desarrolla tu vida en todas direcciones, s\u00e9 un individuo todo lo rico posible en energ\u00eda intensiva y extensiva; para esto, s\u00e9 el ser m\u00e1s social y m\u00e1s sociable<\/em>.<\/span><\/p>\n<p style=\"text-align: justify;\"><span style=\"font-size: 14pt;\">En nombre de esta regla general, que constituye el <strong>equivalente cient\u00edfico del <em>imperativo<\/em><\/strong>, una moral positiva puede prescribir al individuo ciertos sacrificios parciales y mesurados, puede formular toda la serie de deberes medios, entre los cuales se halla encerrada la vida ordinaria.<\/span><\/p>\n<p>&nbsp;<\/p>\n<blockquote>\n<p style=\"text-align: center;\"><span style=\"color: #008000;\"><strong><span style=\"font-size: 14pt;\">Una moral positiva puede prescribir al individuo ciertos sacrificios parciales y mesurados, puede formular toda la serie de deberes medios, entre los cuales se halla encerrada la vida ordinaria.<\/span><\/strong><\/span><\/p>\n<\/blockquote>\n<p>&nbsp;<\/p>\n<p style=\"text-align: justify;\"><span style=\"font-size: 14pt;\">Bien entendido que <strong>en todo esto nada hay de categ\u00f3rico, de absoluto<\/strong>, sino excelentes consejos hipot\u00e9ticos: si t\u00fa persigues ese objeto, la m\u00e1s alta intensidad de la vida, haz esto; en suma, es una buena moral media.<\/span><\/p>\n<p>&nbsp;<\/p>\n<p><a href=\"https:\/\/puntocritico.com\/ausajpuntocritico\/2024\/04\/09\/metafisica-de-las-costumbres-philosophia-practica-universalis\/\" target=\"_blank\" rel=\"noopener\" data-schema-attribute=\"\"><img loading=\"lazy\" decoding=\"async\" class=\"aligncenter wp-image-2295307\" src=\"https:\/\/puntocritico.com\/ausajpuntocritico\/wp-content\/uploads\/2024\/03\/Imperativo-categorico-OK-PPAL-4-300x169.jpg\" alt=\"\" width=\"480\" height=\"270\" srcset=\"https:\/\/puntocritico.com\/ausajpuntocritico\/wp-content\/uploads\/2024\/03\/Imperativo-categorico-OK-PPAL-4-300x169.jpg 300w, https:\/\/puntocritico.com\/ausajpuntocritico\/wp-content\/uploads\/2024\/03\/Imperativo-categorico-OK-PPAL-4.jpg 678w\" sizes=\"auto, (max-width: 480px) 100vw, 480px\" \/><\/a><\/p>\n<p>&nbsp;<\/p>\n<p style=\"text-align: justify;\"><span style=\"font-size: 14pt;\"><strong>\u00bfC\u00f3mo se arreglar\u00e1 esta moral para obtener del individuo, en ciertos casos, un sacrificio definitivo, no s\u00f3lo parcial y provisorio?<\/strong> La <em>caridad<\/em> nos obliga a olvidar lo que ha dado nuestra mano derecha, nada mejor; pero la raz\u00f3n nos aconseja que vigilemos lo que da.<\/span><\/p>\n<p>&nbsp;<\/p>\n<blockquote>\n<p style=\"text-align: center;\"><span style=\"font-size: 14pt; color: #008000;\"><strong>Los instintos altruistas, invocados por la escuela inglesa, est\u00e1n sujetos a toda clase de alteraciones y restricciones; apoyarse s\u00f3lo en ellos para exigir el desinter\u00e9s, es provocar una especie de lucha entre ellos y las inclinaciones ego\u00edstas<\/strong><\/span><\/p>\n<\/blockquote>\n<p>&nbsp;<\/p>\n<p style=\"text-align: justify;\"><span style=\"font-size: 14pt;\"><strong>Los instintos altruistas, invocados por la escuela inglesa, est\u00e1n sujetos a toda clase de alteraciones y restricciones; apoyarse s\u00f3lo en ellos para exigir el desinter\u00e9s, es provocar una especie de lucha entre ellos y las inclinaciones ego\u00edstas<\/strong>; ahora bien, las \u00faltimas est\u00e1n seguras de vencer el mayor n\u00famero de veces, porque tienen una ra\u00edz visible y tangible, mientras los otros aparecen a la raz\u00f3n individual como el resultado de influencias hereditarias mediante las que la raza pretende enga\u00f1ar al individuo.<\/span><\/p>\n<p>&nbsp;<\/p>\n<blockquote>\n<p style=\"text-align: center;\"><span style=\"color: #008000;\"><span style=\"font-size: 14pt;\"><strong>Los instintos altruistas est\u00e1n seguros de vencer el mayor n\u00famero de veces, porque tienen una ra\u00edz visible y tangible, mientras\u00a0<\/strong><\/span><span style=\"font-size: 14pt;\"><strong> las inclinaciones ego\u00edstas aparecen a la raz\u00f3n individual como el resultado de influencias hereditarias mediante las que la raza pretende enga\u00f1ar al individuo.<\/strong><\/span><\/span><\/p>\n<\/blockquote>\n<p>&nbsp;<\/p>\n<p><a href=\"https:\/\/puntocritico.com\/ausajpuntocritico\/2023\/08\/25\/la-compatibilidad-de-la-libertad-individual-con-la-seguridad-estatal\/\" target=\"_blank\" rel=\"noopener\" data-schema-attribute=\"\"><img loading=\"lazy\" decoding=\"async\" class=\"aligncenter wp-image-2285529\" src=\"https:\/\/puntocritico.com\/ausajpuntocritico\/wp-content\/uploads\/2023\/08\/La-compatibilidad-de-la-libertad-individual-con-la-seguridad-estatal-OK-300x199.jpg\" alt=\"\" width=\"440\" height=\"292\" srcset=\"https:\/\/puntocritico.com\/ausajpuntocritico\/wp-content\/uploads\/2023\/08\/La-compatibilidad-de-la-libertad-individual-con-la-seguridad-estatal-OK-300x199.jpg 300w, https:\/\/puntocritico.com\/ausajpuntocritico\/wp-content\/uploads\/2023\/08\/La-compatibilidad-de-la-libertad-individual-con-la-seguridad-estatal-OK-678x452.jpg 678w, https:\/\/puntocritico.com\/ausajpuntocritico\/wp-content\/uploads\/2023\/08\/La-compatibilidad-de-la-libertad-individual-con-la-seguridad-estatal-OK.jpg 680w\" sizes=\"auto, (max-width: 440px) 100vw, 440px\" \/><\/a><\/p>\n<p>&nbsp;<\/p>\n<p style=\"text-align: justify;\"><span style=\"font-size: 14pt;\"><strong>El razonamiento ego\u00edsta est\u00e1 siempre pronto a intervenir para paralizar los primeros movimientos espont\u00e1neos del instinto social<\/strong>.\u00a0<\/span><span style=\"font-size: 14pt;\">El papel de los centros nerviosos superiores consiste, en efecto, en moderar la acci\u00f3n de los centros inferiores, en regular los movimientos instintivos. <\/span><\/p>\n<p style=\"text-align: justify;\"><span style=\"font-size: 14pt;\">Si yo marcho por un sendero de monta\u00f1a, con un abismo a mi lado, y un ruido o un temor repentino me hace estremecer, la simple acci\u00f3n refleja me llevar\u00e1 a echarme a un lado; pero entonces, <strong>la raz\u00f3n moderar\u00e1 mi movimiento al advertirme<\/strong> que hay un principio al lado m\u00edo. <\/span><\/p>\n<p style=\"text-align: justify;\"><span style=\"font-size: 14pt;\"><strong>El <em>hedonista<\/em> se halla en una situaci\u00f3n casi an\u00e1loga cuando se trata de realizar ciegamente un sacrificio<\/strong>: el papel de la raz\u00f3n, consiste en mostrarle el abismo, en impedir que se arroje a \u00e9l a la ligera, movido por el impulso del primer movimiento instintivo; y <strong>la <em>acci\u00f3n inhibitoria de la raz\u00f3n <\/em>ser\u00e1, en ese caso, tan l\u00f3gica, tan potente respecto a las inclinaciones altruistas<\/strong>, como puede serlo respecto a la simple acci\u00f3n refleja. <\/span><\/p>\n<p style=\"text-align: justify;\"><span style=\"font-size: 14pt;\">Esto es lo que hemos objetado en otra parte a la<em> escuela inglesa<\/em>.<\/span><\/p>\n<p>&nbsp;<\/p>\n<blockquote>\n<p style=\"text-align: center;\"><strong><span style=\"font-size: 14pt;\"><span style=\"color: #008000;\">El yo y el no yo est\u00e1n, pues, uno en presencia de otro, parecen, en efecto, dos valores\u00a0 sin medida com\u00fan; hay en el yo algo <em>sui generis<\/em>, irreductible.<\/span> <\/span><\/strong><\/p>\n<\/blockquote>\n<p>&nbsp;<\/p>\n<p style=\"text-align: justify;\"><span style=\"font-size: 14pt;\"><strong>El yo y el no yo est\u00e1n, pues, uno en presencia de otro<\/strong>, parecen, en efecto, dos valores\u00a0 sin medida com\u00fan; hay en el yo algo <em>sui generis<\/em>, irreductible. <\/span><\/p>\n<p style=\"text-align: justify;\"><span style=\"font-size: 14pt;\">Si el mundo es, para el <strong><em>hedonista<\/em><\/strong>, cuantitativamente superior a su yo, \u00e9ste debe parecerle siempre cualitativamente superior al mundo, <strong>consistiendo la cualidad para \u00e9l en el goce<\/strong>. Yo existo, dice, y vosotros no exist\u00eds m\u00e1s que en tanto yo existo y mantenga mi existencia: tal es el principio que, a la vez, domina a la raz\u00f3n y a los sentidos.<\/span><\/p>\n<p>&nbsp;<\/p>\n<blockquote>\n<p style=\"text-align: center;\"><strong><span style=\"font-size: 14pt; color: #008000;\">Yo existo, dice, y vosotros no exist\u00eds m\u00e1s que en tanto yo existo y mantenga mi existencia: tal es el principio que, a la vez, domina a la raz\u00f3n y a los sentidos.<\/span><\/strong><\/p>\n<\/blockquote>\n<p>&nbsp;<\/p>\n<figure id=\"attachment_2302260\" aria-describedby=\"caption-attachment-2302260\" style=\"width: 544px\" class=\"wp-caption aligncenter\"><a href=\"https:\/\/puntocritico.com\/ausajpuntocritico\/2024\/10\/20\/de-rerum-natura-epicuro-a-meneceo\/\" target=\"_blank\" rel=\"noopener\" data-schema-attribute=\"\"><img loading=\"lazy\" decoding=\"async\" class=\"wp-image-2302260 size-full\" src=\"https:\/\/puntocritico.com\/ausajpuntocritico\/wp-content\/uploads\/2024\/10\/jardin-de-epicuro-1.webp\" alt=\"\" width=\"544\" height=\"286\" srcset=\"https:\/\/puntocritico.com\/ausajpuntocritico\/wp-content\/uploads\/2024\/10\/jardin-de-epicuro-1.webp 544w, https:\/\/puntocritico.com\/ausajpuntocritico\/wp-content\/uploads\/2024\/10\/jardin-de-epicuro-1-300x158.webp 300w\" sizes=\"auto, (max-width: 544px) 100vw, 544px\" \/><\/a><figcaption id=\"caption-attachment-2302260\" class=\"wp-caption-text\"><span style=\"color: #008000;\">Jard\u00edn de Epicuro<\/span><\/figcaption><\/figure>\n<p>&nbsp;<\/p>\n<p style=\"text-align: justify;\"><span style=\"font-size: 14pt;\">Mientras se entregue al <em>hedonismo<\/em>, no puede pues, l\u00f3gicamente ser obligado a desinteresarse de s\u00ed. Ahora bien, <strong>el <em>hedonismo<\/em>, desde el punto de vista de los hechos, es irrefutable en su principio, fundamental, que es la conservaci\u00f3n obstinada del yo<\/strong>. <\/span><\/p>\n<p style=\"text-align: justify;\"><span style=\"font-size: 14pt;\"><strong>\u00danicamente la hip\u00f3tesis metaf\u00edsica, puede tratar de hacer franquear a la voluntad el paso del yo al no yo<\/strong>. Desde el punto de vista positivo, y, haciendo abstracci\u00f3n de toda hip\u00f3tesis, el problema que ahora planteamos parece, de primera intenci\u00f3n, te\u00f3ricamente insoluble.<\/span><\/p>\n<p style=\"text-align: justify;\"><span style=\"font-size: 14pt;\">Y, sin embargo, <strong>ese problema puede ser resuelto, al menos aproximadamente, en la pr\u00e1ctica<\/strong>.<\/span><\/p>\n<p>&nbsp;<\/p>\n<p><img loading=\"lazy\" decoding=\"async\" class=\"aligncenter wp-image-24625\" src=\"https:\/\/puntocritico.com\/ausajpuntocritico\/wp-content\/uploads\/2019\/12\/guyeau-9-3.jpg\" alt=\"\" width=\"480\" height=\"355\" data-id=\"24625\" srcset=\"https:\/\/puntocritico.com\/ausajpuntocritico\/wp-content\/uploads\/2019\/12\/guyeau-9-3.jpg 564w, https:\/\/puntocritico.com\/ausajpuntocritico\/wp-content\/uploads\/2019\/12\/guyeau-9-3-300x222.jpg 300w, https:\/\/puntocritico.com\/ausajpuntocritico\/wp-content\/uploads\/2019\/12\/guyeau-9-3-80x60.jpg 80w\" sizes=\"auto, (max-width: 480px) 100vw, 480px\" \/><\/p>\n<p>&nbsp;<\/p>\n<p style=\"text-align: center;\"><span style=\"font-size: 18pt;\"><strong>-2-<\/strong><\/span><\/p>\n<h4 style=\"text-align: center;\"><em><span style=\"font-size: 18pt;\"><strong>Cuarto equivalente del deber obtenido del placer del riesgo y de la lucha<\/strong><\/span><\/em><\/h4>\n<p style=\"text-align: justify;\"><span style=\"font-size: 14pt;\"><strong>Es raro que los sacrificios definitivos se presenten como seguros en la vida<\/strong>: el soldado, por ejemplo, no est\u00e1 seguro, lejos de ello, de caer en el combate: s\u00f3lo hay aqu\u00ed una simple <em>posibilidad<\/em>. En otros t\u00e9rminos, <em>hay peligro<\/em>. <\/span><\/p>\n<p style=\"text-align: justify;\"><span style=\"font-size: 14pt;\"><strong>Ahora bien, es preciso ver si el peligro, aun independientemente de toda idea de obligaci\u00f3n moral, no es un medio \u00fatil al desarrollo de la vida misma<\/strong>, un excitante poderoso de todas las facultades, capaz de llevarlas a su m\u00e1ximo de energ\u00eda, y capaz tambi\u00e9n de producir un m\u00e1ximo de placer.<\/span><\/p>\n<p style=\"text-align: justify;\"><span style=\"font-size: 14pt;\"><strong>La humanidad primitiva ha vivido en medio del peligro<\/strong>; debe pues encontrarse a\u00fan hoy en muchos hombres una predisposici\u00f3n natural para afrontarlo. El peligro era, por as\u00ed decirlo, el juego de los hombres primitivos, como \u00e9ste es hoy d\u00eda para mucha gente una especie de simulacro del peligro. <\/span><\/p>\n<p style=\"text-align: justify;\"><span style=\"font-size: 14pt;\">Ese gusto al peligro, afrontado por si mismo,<strong> se encuentra hasta en los animales<\/strong>. Respecto a eso hallamos una curiosa narraci\u00f3n de un viajero en el <strong>Cambodge<\/strong>: <\/span><\/p>\n<blockquote>\n<p style=\"text-align: justify;\"><strong><span style=\"font-size: 14pt; color: #008000;\">Un grupo de monos acaba de descubrir a un cocodrilo con el cuerpo oculto en el agua y la gran boca abierta a fin de atrapar al que pase a su alcance;\u00a0parecen ponerse de acuerdo, se aproximan poco a poco y comienzan su juego, siendo por turno actores y espectadores. <\/span><\/strong><\/p>\n<p style=\"text-align: justify;\"><strong><span style=\"font-size: 14pt; color: #008000;\">Uno de los m\u00e1s \u00e1giles, o de los m\u00e1s imprudentes, llega, de rama en rama, hasta una respetuosa distancia del cocodrilo, se suspende por una pata, y, con la destreza de su raza, avanza, se retira, tan pronto golpeando con una pata a su adversario, como simulando hacerlo. <\/span><\/strong><\/p>\n<p style=\"text-align: justify;\"><strong><span style=\"font-size: 14pt; color: #008000;\">Otros, divertidos por ese juego, quieren tomar parte; pero, como las otras ramas estaban demasiado elevadas, forman la cadena, sosteni\u00e9ndose unos a otros suspendidos por las patas; de esta forma se balancean, mientras el que est\u00e1 m\u00e1s pr\u00f3ximo al anfibio, lo atormenta a su gusto. <\/span><\/strong><\/p>\n<p style=\"text-align: justify;\"><strong><span style=\"font-size: 14pt; color: #008000;\">A veces, la terrible mand\u00edbula se cierra, pero sin atrapar al audaz mono; entonces se producen gritos de alegr\u00eda y brincos, pero a veces, una de las patas es alcanzada por la boca del cocodrilo, y el volantinero es arrastrado bajo las aguas con la velocidad del rayo. <\/span><\/strong><\/p>\n<p style=\"text-align: justify;\"><strong><span style=\"font-size: 14pt; color: #008000;\">Entonces toda la bandada se dispersa lanzando gritos y gemidos, lo que no les impide volver a comenzar el juego algunos d\u00edas, y, quiz\u00e1s, hasta algunas horas despu\u00e9s <\/span><\/strong><a id=\"ref1a\"><\/a><strong><span style=\"font-size: 14pt; color: #008000;\"><a style=\"color: #008000;\" href=\"#ref1\">(1)<\/a>.<\/span><\/strong><\/p>\n<\/blockquote>\n<p>&nbsp;<\/p>\n<p>&nbsp;<\/p>\n<p><a href=\"https:\/\/puntocritico.com\/ausajpuntocritico\/2021\/03\/21\/el-apoyo-mutuo-introduccion-por-piotr-kropotkin\/\" target=\"_blank\" rel=\"noopener\" data-schema-attribute=\"\"><img loading=\"lazy\" decoding=\"async\" class=\"aligncenter wp-image-2062052\" src=\"https:\/\/puntocritico.com\/ausajpuntocritico\/wp-content\/uploads\/2021\/03\/Ayuda-animales-4-300x199.jpg\" alt=\"\" width=\"440\" height=\"292\" srcset=\"https:\/\/puntocritico.com\/ausajpuntocritico\/wp-content\/uploads\/2021\/03\/Ayuda-animales-4-300x199.jpg 300w, https:\/\/puntocritico.com\/ausajpuntocritico\/wp-content\/uploads\/2021\/03\/Ayuda-animales-4-610x405.jpg 610w, https:\/\/puntocritico.com\/ausajpuntocritico\/wp-content\/uploads\/2021\/03\/Ayuda-animales-4-678x452.jpg 678w, https:\/\/puntocritico.com\/ausajpuntocritico\/wp-content\/uploads\/2021\/03\/Ayuda-animales-4.jpg 680w\" sizes=\"auto, (max-width: 440px) 100vw, 440px\" \/><\/a><\/p>\n<p>&nbsp;<\/p>\n<p style=\"text-align: justify;\"><span style=\"font-size: 14pt;\"><strong>El placer del peligro tiende, sobre todo, al placer de la victoria<\/strong>. Se ama el placer de vencer, a\u00fan sin que importe a qui\u00e9n, hasta a un animal. Uno goza al probarse la propia superioridad. <\/span><\/p>\n<p style=\"text-align: justify;\"><span style=\"font-size: 14pt;\">Un ingl\u00e9s que fue al \u00c1frica con el solo objeto de cazar, <strong>Baldwin<\/strong>, se plante\u00f3 un d\u00eda este problema, despu\u00e9s de haber estado a punto de ser derribado por un le\u00f3n: <strong>\u00bfpor qu\u00e9 arriesga el hombre su vida in\u00fatilmente? <\/strong><\/span><\/p>\n<p style=\"text-align: justify;\"><span style=\"font-size: 14pt;\">Es una cuesti\u00f3n que no tratar\u00e9 de resolver, contesta. <\/span><\/p>\n<p style=\"text-align: justify;\"><span style=\"font-size: 14pt;\">Todo lo que puede decir es que se halla en <strong>la victoria una satisfacci\u00f3n interior<\/strong> tal, que vale la pena correr todos los riesgos, aun cuando no haya nadie para aplaudirnos.<\/span><\/p>\n<p>&nbsp;<\/p>\n<blockquote>\n<p style=\"text-align: center;\"><span style=\"color: #008000;\"><strong><span style=\"font-size: 14pt;\">Aun despu\u00e9s de haber perdido la esperanza de vencer, se obstina uno en la lucha. Cualquiera que sea el adversario, todo combate degenera en duelo encarnizado.<\/span><\/strong><\/span><\/p>\n<\/blockquote>\n<p>&nbsp;<\/p>\n<p style=\"text-align: justify;\"><span style=\"font-size: 14pt;\">Mucho m\u00e1s:<strong> aun despu\u00e9s de haber perdido la esperanza de vencer, se obstina uno en la lucha<\/strong>. Cualquiera que sea el adversario, <strong>todo combate degenera en duelo encarnizado<\/strong>. <\/span><\/p>\n<blockquote>\n<p style=\"text-align: justify;\"><strong><span style=\"font-size: 14pt; color: #008000;\">Bombonel, habiendo rodado con una pantera hasta el borde de un barranco, retira su cabeza de la boca abierta del animal, y, mediante un esfuerzo prodigioso, lo lanza al barranco. <\/span><\/strong><\/p>\n<p style=\"text-align: justify;\"><strong><span style=\"font-size: 14pt; color: #008000;\">Se levanta, cegado, escupiendo una gran cantidad de sangre, sin darse perfecta cuenta de su situaci\u00f3n; no piensa m\u00e1s que en una cosa: que probablemente deba morir a causa de sus heridas y antes de morir quiere vengarse de la pantera. No pienso en mi mal. <\/span><\/strong><\/p>\n<p style=\"text-align: justify;\"><strong><span style=\"font-size: 14pt; color: #008000;\">Completamente dominado por un furor que me transporta, extraigo mi cuchillo de caza, y, sin saber lo que ha sido de la fiera, la busco por todos lados para volver a comenzar la lucha. <\/span><\/strong><\/p>\n<p style=\"text-align: justify;\"><strong><span style=\"font-size: 14pt; color: #008000;\">Ocupado en esto me hallaron los \u00e1rabes a su llegada.<\/span><\/strong><\/p>\n<\/blockquote>\n<p>&nbsp;<\/p>\n<p><a href=\"https:\/\/puntocritico.com\/ausajpuntocritico\/2023\/02\/01\/el-valor-es-tambien-una-patria-por-a-malraux\/\" target=\"_blank\" rel=\"noopener\" data-schema-attribute=\"\"><img loading=\"lazy\" decoding=\"async\" class=\"aligncenter wp-image-2265944\" src=\"https:\/\/puntocritico.com\/ausajpuntocritico\/wp-content\/uploads\/2023\/02\/EL-VALOR-ES-TAMBIEN-UNA-PATRIA-PPAL-2-300x199.jpg\" alt=\"\" width=\"440\" height=\"292\" srcset=\"https:\/\/puntocritico.com\/ausajpuntocritico\/wp-content\/uploads\/2023\/02\/EL-VALOR-ES-TAMBIEN-UNA-PATRIA-PPAL-2-300x199.jpg 300w, https:\/\/puntocritico.com\/ausajpuntocritico\/wp-content\/uploads\/2023\/02\/EL-VALOR-ES-TAMBIEN-UNA-PATRIA-PPAL-2-610x405.jpg 610w, https:\/\/puntocritico.com\/ausajpuntocritico\/wp-content\/uploads\/2023\/02\/EL-VALOR-ES-TAMBIEN-UNA-PATRIA-PPAL-2-678x452.jpg 678w, https:\/\/puntocritico.com\/ausajpuntocritico\/wp-content\/uploads\/2023\/02\/EL-VALOR-ES-TAMBIEN-UNA-PATRIA-PPAL-2.jpg 680w\" sizes=\"auto, (max-width: 440px) 100vw, 440px\" \/><\/a><\/p>\n<p>&nbsp;<\/p>\n<p style=\"text-align: justify;\"><span style=\"font-size: 14pt;\"><strong>Esa necesidad del peligro y de la victoria que arrastra al soldado y al cazador, se halla tambi\u00e9n en el viajero, en el colono, en el ingeniero<\/strong>. <\/span><\/p>\n<p style=\"text-align: justify;\"><span style=\"font-size: 14pt;\">Una f\u00e1brica francesa de dinamita envi\u00f3 un ingeniero a Panam\u00e1 que muri\u00f3 a su llegada. Otro ingeniero parti\u00f3, lleg\u00f3 a puerto felizmente y muri\u00f3 ocho d\u00edas despu\u00e9s. Un tercero se embarc\u00f3 de inmediato. La mayor\u00eda de las profesiones, como la de los m\u00e9dicos, proporcionar\u00edan gran cantidad de ejemplos del mismo g\u00e9nero. <\/span><\/p>\n<p style=\"text-align: justify;\"><span style=\"font-size: 14pt;\"><strong>El atractivo invencible del mar est\u00e1 formado en gran parte por el peligro constante que ofrece<\/strong>. Seduce sucesivamente a todas las generaciones que nacen en sus costas, y si el pueblo ingl\u00e9s ha conquistado una intensidad vital y una fuerza de expansi\u00f3n tal que le ha permitido extenderse por el mundo entero, se puede decir que lo debe a su educaci\u00f3n mar\u00edtima, es decir, a <strong>su educaci\u00f3n en el peligro<\/strong>.<\/span><\/p>\n<p>&nbsp;<\/p>\n<p><a href=\"https:\/\/puntocritico.com\/ausajpuntocritico\/2023\/04\/27\/falk-un-recuerdo-por-joseph-conrad\/\" target=\"_blank\" rel=\"noopener\" data-schema-attribute=\"\"><img loading=\"lazy\" decoding=\"async\" class=\"aligncenter wp-image-2271783 size-full\" src=\"https:\/\/puntocritico.com\/ausajpuntocritico\/wp-content\/uploads\/2023\/04\/Falk-5.jpg\" alt=\"\" width=\"371\" height=\"302\" srcset=\"https:\/\/puntocritico.com\/ausajpuntocritico\/wp-content\/uploads\/2023\/04\/Falk-5.jpg 371w, https:\/\/puntocritico.com\/ausajpuntocritico\/wp-content\/uploads\/2023\/04\/Falk-5-300x244.jpg 300w\" sizes=\"auto, (max-width: 371px) 100vw, 371px\" \/><\/a><\/p>\n<p>&nbsp;<\/p>\n<p style=\"text-align: justify;\"><span style=\"font-size: 14pt;\">Hagamos notar que <strong>el placer de la lucha se transforma sin desaparecer<\/strong>, ya se trate de la lucha contra un ser animado (<em>guerra o caza<\/em>), contra obst\u00e1culos visibles (<em>mar, monta\u00f1a<\/em>), o contra cosas invisibles (<em>enfermedades que sanar, dificultades de todo g\u00e9nero a vencer<\/em>). <\/span><\/p>\n<p style=\"text-align: justify;\"><span style=\"font-size: 14pt;\"><strong>La lucha toma siempre el mismo car\u00e1cter de duelo apasionado.<\/strong> El m\u00e9dico que parte para el <em>Senegal<\/em> est\u00e1 comprometido a una especie de duelo con la fiebre amarilla. <strong>La lucha pasa del dominio de las cosas f\u00edsicas al intelectual sin perder nada de su ardor y de su exaltaci\u00f3n<\/strong>.<\/span><\/p>\n<p>&nbsp;<\/p>\n<blockquote>\n<p style=\"text-align: center;\"><span style=\"color: #008000;\"><strong><span style=\"font-size: 14pt;\">Hay una lucha interior de la voluntad contra las pasiones tan cautivante como cualquier otra, y en la que la victoria produce una alegr\u00eda infinita<\/span><\/strong><\/span><\/p>\n<\/blockquote>\n<p>&nbsp;<\/p>\n<p style=\"text-align: justify;\"><span style=\"font-size: 14pt;\"><strong>Puede pasar tambi\u00e9n al dominio propiamente moral<\/strong>: hay una lucha interior de la voluntad contra las pasiones tan cautivante como cualquier otra, y en la que la victoria produce una alegr\u00eda infinita, perfectamente comprendida por nuestro <strong>Corneille<\/strong>.<\/span><\/p>\n<p style=\"text-align: justify;\"><span style=\"font-size: 14pt;\">En suma, <strong>el hombre tiene necesidad de sentirse grande, de tener por instantes conciencia de la sublimidad de su voluntad<\/strong>. Esta conciencia la adquiere en la lucha; lucha contra s\u00ed mismo y contra sus pasiones, o contra obst\u00e1culos materiales e intelectuales.<\/span><\/p>\n<p>&nbsp;<\/p>\n<blockquote>\n<p style=\"text-align: center;\"><span style=\"color: #008000;\"><strong><span style=\"font-size: 14pt;\">El hombre tiene necesidad de sentirse grande, esta conciencia la adquiere en la lucha; lucha contra s\u00ed mismo y contra sus pasiones, o contra obst\u00e1culos materiales e intelectuales.<\/span><\/strong><\/span><\/p>\n<\/blockquote>\n<p>&nbsp;<\/p>\n<figure id=\"attachment_2294693\" aria-describedby=\"caption-attachment-2294693\" style=\"width: 480px\" class=\"wp-caption aligncenter\"><a href=\"https:\/\/puntocritico.com\/ausajpuntocritico\/2024\/03\/19\/metafisica-de-las-costumbres-1\/\" target=\"_blank\" rel=\"noopener\" data-schema-attribute=\"\"><img loading=\"lazy\" decoding=\"async\" class=\"wp-image-2294693\" src=\"https:\/\/puntocritico.com\/ausajpuntocritico\/wp-content\/uploads\/2024\/03\/Chagal-para-Metafisica-costumbres-OK-300x199.jpg\" alt=\"\" width=\"480\" height=\"319\" srcset=\"https:\/\/puntocritico.com\/ausajpuntocritico\/wp-content\/uploads\/2024\/03\/Chagal-para-Metafisica-costumbres-OK-300x199.jpg 300w, https:\/\/puntocritico.com\/ausajpuntocritico\/wp-content\/uploads\/2024\/03\/Chagal-para-Metafisica-costumbres-OK-678x452.jpg 678w, https:\/\/puntocritico.com\/ausajpuntocritico\/wp-content\/uploads\/2024\/03\/Chagal-para-Metafisica-costumbres-OK.jpg 680w\" sizes=\"auto, (max-width: 480px) 100vw, 480px\" \/><\/a><figcaption id=\"caption-attachment-2294693\" class=\"wp-caption-text\"><span style=\"color: #008000;\"><a style=\"color: #008000;\" href=\"https:\/\/puntocritico.com\/ausajpuntocritico\/2024\/03\/19\/metafisica-de-las-costumbres-1\/\" target=\"_blank\" rel=\"noopener\" data-schema-attribute=\"\">\u00abEl Deseo es la facultad de ser causa de los objetos de nuestras representaciones por medio de estas representaciones mismas. La facultad que posee un ser de obrar seg\u00fan sus representaciones se llama la Vida\u00bb KANT (METAF\u00cdSICA DE LAS COSTUMBRES)<\/a><\/span><\/figcaption><\/figure>\n<p>&nbsp;<\/p>\n<p style=\"text-align: justify;\"><span style=\"font-size: 14pt;\"><strong>Ahora bien, esta lucha, para satisfacer la raz\u00f3n, debe tener un objeto<\/strong>. El hombre es un ser demasiado racional como para aprobar plenamente a los <em><strong>monos del Cambodge<\/strong><\/em> que juegan por placer con la boca de los cocodrilos, o al ingl\u00e9s <strong>Baldwin<\/strong> que llega al centro del <em>\u00c1frica<\/em> para cazar; la embriaguez del peligro existe por momentos en cada uno de nosotros, a\u00fan en los m\u00e1s t\u00edmidos, pero este instinto del peligro exige ser puesto en acci\u00f3n m\u00e1s razonablemente. <\/span><\/p>\n<p style=\"text-align: justify;\"><span style=\"font-size: 14pt;\">Aunque, en muchos casos, no haya m\u00e1s que una diferencia superficial entre la <strong><em>temeridad y el valor<\/em><\/strong>, el que, por ejemplo, cae por su patria, tiene conciencia de no haber realizado una obra vana. <\/span><\/p>\n<p style=\"text-align: justify;\"><span style=\"font-size: 14pt;\"><strong>La necesidad del peligro y de la lucha, a condici\u00f3n de ser utilizados en esta forma por la raz\u00f3n, adquiere una importancia moral tanto m\u00e1s grande cuanto que es uno de los raros instintos que no tienen direcci\u00f3n fija<\/strong>: puede ser empleado sin resistencia para todos los fines sociales.<\/span><\/p>\n<p style=\"text-align: justify;\"><span style=\"font-size: 14pt;\">Hab\u00eda, pues, en la apuesta de <a href=\"https:\/\/puntocritico.com\/ausajpuntocritico\/2024\/12\/30\/la-grandeza-del-hombre-por-blaise-pascal\/\" target=\"_blank\" rel=\"noopener\" data-schema-attribute=\"\"><strong>Pascal<\/strong><\/a> un elemento que \u00e9l no aclar\u00f3. <strong>Casi no vio m\u00e1s que el temor al riesgo, no vio el placer del riesgo<\/strong>.<\/span><\/p>\n<p>&nbsp;<\/p>\n<p><a href=\"https:\/\/puntocritico.com\/ausajpuntocritico\/2024\/12\/30\/la-grandeza-del-hombre-por-blaise-pascal\/\" target=\"_blank\" rel=\"noopener\" data-schema-attribute=\"\"><img loading=\"lazy\" decoding=\"async\" class=\"aligncenter wp-image-2305321\" src=\"https:\/\/puntocritico.com\/ausajpuntocritico\/wp-content\/uploads\/2024\/12\/Pascal-PPAL-300x169.jpg\" alt=\"\" width=\"480\" height=\"270\" srcset=\"https:\/\/puntocritico.com\/ausajpuntocritico\/wp-content\/uploads\/2024\/12\/Pascal-PPAL-300x169.jpg 300w, https:\/\/puntocritico.com\/ausajpuntocritico\/wp-content\/uploads\/2024\/12\/Pascal-PPAL.jpg 678w\" sizes=\"auto, (max-width: 480px) 100vw, 480px\" \/><\/a><\/p>\n<p>&nbsp;<\/p>\n<p style=\"text-align: justify;\"><strong><span style=\"font-size: 14pt;\">Para comprender bien el atractivo del riesgo, aun cuando las posibilidades de desgracia son muy numerosas, se pueden invocar m\u00faltiples razones psicol\u00f3gicas.<\/span><\/strong><\/p>\n<blockquote>\n<p style=\"text-align: justify;\"><span style=\"color: #008000;\"><strong><span style=\"font-size: 14pt;\">1) En el c\u00e1lculo no hay que tener en cuenta solamente las probabilidades de \u00e9xito y desgracia, sino tambi\u00e9n el placer de tentar esas posibilidades, de aventurarse.<\/span><\/strong><\/span><\/p>\n<p style=\"text-align: justify;\"><span style=\"color: #008000;\"><strong><span style=\"font-size: 14pt;\">2) Un dolor simplemente <em>posible <\/em>y lejano, sobre todo cuando todav\u00eda no se ha experimentado nunca, corresponde a un estado completamente distinto de aquel en que nos hallamos actualmente, mientras que un placer deseado est\u00e1 m\u00e1s en armon\u00eda con nuestro estado presente y toma as\u00ed para la imaginaci\u00f3n un valor considerable.<\/span><\/strong><\/span><\/p>\n<\/blockquote>\n<p>&nbsp;<\/p>\n<p style=\"text-align: justify;\"><span style=\"font-size: 14pt;\"><strong>Para ciertos caracteres, el <em>recuerdo <\/em>de un dolor puede ser tan penoso, como indiferente la <em>posibilidad <\/em>vaga e indeterminada de otro<\/strong>; as\u00ed es raro -sobre todo en la juventud, la edad optimista por excelencia- que una probabilidad de pena nos parezca equivalente a una de gran placer. <\/span><\/p>\n<p style=\"text-align: justify;\"><span style=\"font-size: 14pt;\">Esto es lo que explica, <em>por ejemplo<\/em>, la <em>audacia<\/em> que han demostrado siempre los <em>amantes<\/em> al afrontar toda clase de peligros para reunirse. Se halla esta audacia hasta en los animales.\u00a0<\/span><span style=\"font-size: 14pt;\"><strong>La pena, vista de lejos, sobre todo cuando no ha sido experimentada ya varias veces, nos parece, en general, negativa y abstracta, el placer positivo y palpable<\/strong>. <\/span><\/p>\n<p style=\"text-align: justify;\"><span style=\"font-size: 14pt;\">Adem\u00e1s, <strong>siempre que el placer corresponde a una necesidad, la representaci\u00f3n del goce futuro est\u00e1 acompa\u00f1ada por la sensaci\u00f3n de una pena actual<\/strong>: el goce aparece entonces, no solamente como algo superfluo, sino como el cese de un dolor real, y su valor aumenta todav\u00eda.<\/span><\/p>\n<p>&nbsp;<\/p>\n<blockquote>\n<p style=\"text-align: center;\"><span style=\"color: #008000;\"><strong><span style=\"font-size: 14pt;\">Siempre que el placer corresponde a una necesidad, la representaci\u00f3n del goce futuro est\u00e1 acompa\u00f1ada por la sensaci\u00f3n de una pena actual: El goce aparece entonces, no solamente como algo superfluo, sino como el cese de un dolor real, y su valor aumenta todav\u00eda.<\/span><\/strong><\/span><\/p>\n<\/blockquote>\n<p>&nbsp;<\/p>\n<p style=\"text-align: justify;\"><span style=\"font-size: 14pt;\">Estas <em>leyes psicol\u00f3gicas<\/em> son<strong> la condici\u00f3n misma de la vida y la actividad<\/strong>. <\/span><\/p>\n<p style=\"text-align: justify;\"><span style=\"font-size: 14pt;\">Como<strong> la mayor\u00eda de las acciones encierra a la vez una probabilidad de pena y otra de placer<\/strong>, es la abstenci\u00f3n quien, desde el punto de vista matem\u00e1tico, deber\u00eda triunfar m\u00e1s a menudo, pero son la acci\u00f3n y la esperanza quienes, en efecto, triunfan, tanto m\u00e1s, cuanto que <strong>la acci\u00f3n misma constituye el fondo del placer<\/strong>.<\/span><\/p>\n<p>&nbsp;<\/p>\n<p style=\"text-align: center;\"><strong><span style=\"font-size: 14pt; color: #008000;\">Como la mayor\u00eda de las acciones encierra a la vez una probabilidad de pena y otra de placer, es la abstenci\u00f3n quien deber\u00eda triunfar m\u00e1s a menudo, pero son la acci\u00f3n y la esperanza quienes, en efecto, triunfan, tanto m\u00e1s, cuanto que la acci\u00f3n misma constituye el fondo del placer.<\/span><\/strong><\/p>\n<p>&nbsp;<\/p>\n<p><img loading=\"lazy\" decoding=\"async\" class=\"aligncenter wp-image-24624\" src=\"https:\/\/puntocritico.com\/ausajpuntocritico\/wp-content\/uploads\/2019\/12\/GUYEAU-9-5-300x239.jpg\" alt=\"\" width=\"455\" height=\"363\" data-id=\"24624\" srcset=\"https:\/\/puntocritico.com\/ausajpuntocritico\/wp-content\/uploads\/2019\/12\/GUYEAU-9-5-300x239.jpg 300w, https:\/\/puntocritico.com\/ausajpuntocritico\/wp-content\/uploads\/2019\/12\/GUYEAU-9-5.jpg 320w\" sizes=\"auto, (max-width: 455px) 100vw, 455px\" \/><\/p>\n<p>&nbsp;<\/p>\n<blockquote>\n<p style=\"text-align: justify;\"><span style=\"color: #008000;\"><strong><span style=\"font-size: 14pt;\">3) Otro hecho psicol\u00f3gico: el que escapa veinte veces a un peligro, por ejemplo a una bala de fusil, deduce de ello que continuar\u00e1 teniendo la misma suerte.<\/span><\/strong><\/span><\/p>\n<\/blockquote>\n<p>&nbsp;<\/p>\n<p style=\"text-align: justify;\"><span style=\"font-size: 14pt;\"><strong>3)<\/strong> <strong>Otro hecho psicol\u00f3gico: el que escapa veinte veces a un peligro, por ejemplo a una bala de fusil, deduce de ello que continuar\u00e1 teniendo la misma suerte<\/strong>. Se produce as\u00ed <strong>una habituaci\u00f3n al peligro que el c\u00e1lculo matem\u00e1tico no podr\u00eda justificar<\/strong>, y que, sin embargo, entra como elemento en la bravura de los veteranos. <\/span><\/p>\n<p style=\"text-align: justify;\"><span style=\"font-size: 14pt;\">Y a\u00fan m\u00e1s: <strong>la habituaci\u00f3n al peligro produce un acostumbramiento a la muerte misma<\/strong>, una especie de familiaridad admirable con esta vecina que ha sido, como suele decirse, <em>vista de cerca <\/em><\/span><a id=\"ref2a\"><\/a><span style=\"font-size: 14pt;\"><a href=\"#ref2\">(2)<\/a>.<\/span><\/p>\n<p style=\"text-align: justify;\"><span style=\"font-size: 14pt;\"><strong>Al placer del riesgo se agrega con frecuencia el de la <em>responsabilidad<\/em><\/strong>. Ama uno el responder no s\u00f3lo de su propio destino, sino del de los otros; el guiar al mundo por su parte.<\/span><\/p>\n<p>&nbsp;<\/p>\n<blockquote>\n<p style=\"text-align: center;\"><span style=\"color: #008000;\"><strong><span style=\"font-size: 14pt;\"> Ama uno el responder no s\u00f3lo de su propio destino, sino del de los otros; el guiar al mundo por su parte<\/span><\/strong><\/span><\/p>\n<\/blockquote>\n<p>&nbsp;<\/p>\n<p style=\"text-align: justify;\"><span style=\"font-size: 14pt;\"><strong>Esta embriaguez del peligro mezclado con la alegr\u00eda del mando, esta intensidad\u00a0 de vida f\u00edsica e intelectual aumentada hasta la exageraci\u00f3n por la presencia misma de la muerte<\/strong>, ha sido expresada con m\u00edstico salvajismo por un general alem\u00e1n, <a href=\"https:\/\/es.wikipedia.org\/wiki\/Edwin_von_Manteuffel\" target=\"_blank\" rel=\"noopener\" data-schema-attribute=\"\"><strong>Von Manteuffel<\/strong><\/a>, en un discurso pronunciado en <strong>AIsacia-Lorena<\/strong>: <\/span><\/p>\n<blockquote>\n<p style=\"text-align: justify;\"><strong><span style=\"font-size: 14pt;\"><span style=\"color: #008000;\">\u00a1La guerra! \u00a1S\u00ed se\u00f1ores! Yo soy soldado: la guerra es el elemento del soldado y yo gozar\u00eda mucho gustando de ella.<\/span> <\/span><\/strong><\/p>\n<\/blockquote>\n<p>&nbsp;<\/p>\n<figure id=\"attachment_2313606\" aria-describedby=\"caption-attachment-2313606\" style=\"width: 240px\" class=\"wp-caption aligncenter\"><a href=\"https:\/\/es.wikipedia.org\/wiki\/Edwin_von_Manteuffel\" target=\"_blank\" rel=\"noopener\" data-schema-attribute=\"\"><img loading=\"lazy\" decoding=\"async\" class=\"wp-image-2313606\" src=\"https:\/\/puntocritico.com\/ausajpuntocritico\/wp-content\/uploads\/2025\/10\/Edwin-Freiherr-von-Manteuffel-199x300.jpg\" alt=\"\" width=\"240\" height=\"362\" srcset=\"https:\/\/puntocritico.com\/ausajpuntocritico\/wp-content\/uploads\/2025\/10\/Edwin-Freiherr-von-Manteuffel-199x300.jpg 199w, https:\/\/puntocritico.com\/ausajpuntocritico\/wp-content\/uploads\/2025\/10\/Edwin-Freiherr-von-Manteuffel-678x1024.jpg 678w, https:\/\/puntocritico.com\/ausajpuntocritico\/wp-content\/uploads\/2025\/10\/Edwin-Freiherr-von-Manteuffel-768x1160.jpg 768w, https:\/\/puntocritico.com\/ausajpuntocritico\/wp-content\/uploads\/2025\/10\/Edwin-Freiherr-von-Manteuffel.jpg 1000w\" sizes=\"auto, (max-width: 240px) 100vw, 240px\" \/><\/a><figcaption id=\"caption-attachment-2313606\" class=\"wp-caption-text\"><span style=\"color: #008000;\">Edwin Freiherr von Manteuffel (1809-1885), fue el primer teniente imperial (Reichsstatthalter) de Alsacia-Lorena desde 1879 hasta su muerte. <\/span><\/figcaption><\/figure>\n<p>&nbsp;<\/p>\n<p style=\"text-align: justify;\"><span style=\"font-size: 14pt;\"><strong>Ese sentimiento elevado de mandar en una batalla, de saber que la bala del enemigo puede llamaros a cada instante ante el tribunal de Dios<\/strong>, de saber que la suerte de la batalla, y, en consecuencia, los destinos de la patria, pueden depender de las \u00f3rdenes que uno da: <strong>esa tensi\u00f3n de los sentimientos y del esp\u00edritu es divinamente grande<\/strong>.<\/span><\/p>\n<p style=\"text-align: justify;\"><span style=\"font-size: 14pt;\">El placer del peligro o del riesgo, m\u00e1s o menos degenerado, desempe\u00f1a su papel en gran cantidad de circunstancias sociales. <strong>Tiene una importancia considerable en la esfera econ\u00f3mica<\/strong>.<\/span><\/p>\n<p>&nbsp;<\/p>\n<blockquote>\n<p style=\"text-align: center;\"><strong><span style=\"font-size: 14pt;\"><span style=\"color: #008000;\">El placer del peligro o del riesgo, m\u00e1s o menos degenerado, desempe\u00f1a su papel en gran cantidad de circunstancias sociales. <\/span><\/span><\/strong><\/p>\n<p style=\"text-align: center;\"><strong><span style=\"font-size: 14pt;\"><span style=\"color: #008000;\">Tiene una importancia considerable en la esfera econ\u00f3mica. <\/span><\/span><\/strong><\/p>\n<p style=\"text-align: center;\"><strong><span style=\"font-size: 14pt;\"><span style=\"color: #008000;\">La especulaci\u00f3n tiene sus peligros, y son esos peligros mismos los que la impulsan.<\/span><\/span><\/strong><\/p>\n<\/blockquote>\n<p>&nbsp;<\/p>\n<figure id=\"attachment_2300007\" aria-describedby=\"caption-attachment-2300007\" style=\"width: 555px\" class=\"wp-caption aligncenter\"><img loading=\"lazy\" decoding=\"async\" class=\"wp-image-2300007\" src=\"https:\/\/puntocritico.com\/ausajpuntocritico\/wp-content\/uploads\/2024\/07\/El-comercio-de-tontos-o-la-burla-de-la-estupidez-humana.png\" alt=\"\" width=\"555\" height=\"270\" srcset=\"https:\/\/puntocritico.com\/ausajpuntocritico\/wp-content\/uploads\/2024\/07\/El-comercio-de-tontos-o-la-burla-de-la-estupidez-humana.png 678w, https:\/\/puntocritico.com\/ausajpuntocritico\/wp-content\/uploads\/2024\/07\/El-comercio-de-tontos-o-la-burla-de-la-estupidez-humana-300x146.png 300w\" sizes=\"auto, (max-width: 555px) 100vw, 555px\" \/><figcaption id=\"caption-attachment-2300007\" class=\"wp-caption-text\"><span style=\"color: #008000;\">El comercio de tontos o la burla de la estupidez humana (France Verbeek)<\/span><\/figcaption><\/figure>\n<p>&nbsp;<\/p>\n<p style=\"text-align: justify;\"><span style=\"font-size: 14pt;\"><strong>Los capitalistas que arriesgaban sus econom\u00edas en la empresa del <em>canal de Suez<\/em>, imitaban a su manera a los ingenieros que arriesgaban en \u00e9l su vida<\/strong>. La especulaci\u00f3n tiene sus peligros, y son esos peligros mismos los que la impulsan. <\/span><\/p>\n<p style=\"text-align: justify;\"><span style=\"font-size: 14pt;\"><strong>El simple comercio del tendero de la esquina encierra a\u00fan cierto n\u00famero de peligros<\/strong>: si se compara el n\u00famero de quiebras con el de los establecimientos, se ver\u00e1 que ese riesgo tiene su importancia. <\/span><\/p>\n<p style=\"text-align: justify;\"><span style=\"font-size: 14pt;\">De esta forma el peligro, disminuido y degenerado hasta el infinito, desde el peligro de perder la vida hasta el peligro de perder el dinero, sigue siendo uno de los rasgos importantes de la existencia social. <\/span><span style=\"font-size: 14pt;\"><strong>No hay un solo movimiento en el cuerpo social que no implique un riesgo<\/strong>.<\/span><\/p>\n<p>&nbsp;<\/p>\n<blockquote>\n<p style=\"text-align: center;\"><span style=\"color: #008000;\"><strong><span style=\"font-size: 14pt;\">El peligro, disminuido y degenerado hasta el infinito, desde el peligro de perder la vida hasta el peligro de perder el dinero, sigue siendo uno de los rasgos importantes de la existencia social. <\/span><\/strong><\/span><\/p>\n<p style=\"text-align: center;\"><span style=\"color: #008000;\"><strong><span style=\"font-size: 14pt;\">No hay un solo movimiento en el cuerpo social que no implique un riesgo.<\/span><\/strong><\/span><\/p>\n<\/blockquote>\n<p>&nbsp;<\/p>\n<p><img loading=\"lazy\" decoding=\"async\" class=\"aligncenter wp-image-2303180\" src=\"https:\/\/puntocritico.com\/ausajpuntocritico\/wp-content\/uploads\/2024\/11\/Voltaire-es-peligroso-tener-razon-cuando-el-gobierno-esta-equivocado.jpg\" alt=\"\" width=\"300\" height=\"286\" \/><\/p>\n<p>&nbsp;<\/p>\n<p style=\"text-align: justify;\"><span style=\"font-size: 14pt;\">Y <strong>la audacia razonada de correr ese riesgo se identifica<\/strong>, desde cierto punto de vista, con el instinto mismo del progreso, <strong>con el liberalismo<\/strong>, mientras que <strong>el temor al peligro se identifica con el instinto conservador<\/strong> que, en suma, est\u00e1 destinado a ser siempre vencido, mientras el mundo viva y marche.<\/span><\/p>\n<p style=\"text-align: justify;\"><span style=\"font-size: 14pt;\">No hay, pues, en el peligro corrido por el inter\u00e9s de alguien (<em>el m\u00edo o el de otro<\/em>), nada contrario a los instintos profundos y a las leyes de la vida. Lejos de ello, <strong>exponerse al peligro, es una cosa normal en el individuo moralmente bien constitu\u00eddo;<\/strong> <strong>exponerse por otro, es s\u00f3lo dar un paso m\u00e1s en el mismo camino<\/strong>. <\/span><\/p>\n<p style=\"text-align: justify;\"><span style=\"font-size: 14pt;\"><strong>El sacrificio entra por ese lado en las leyes generales de la vida, a las que, al principio, parec\u00eda escapar enteramente<\/strong>. El peligro afrontado por s\u00ed mismo o por otro -intrepidez o abnegaci\u00f3n- no es una negaci\u00f3n pura del yo y de la vida personal: es esta misma vida llevada hasta lo sublime.<\/span><\/p>\n<p>&nbsp;<\/p>\n<blockquote>\n<p style=\"text-align: center;\"><strong><span style=\"font-size: 14pt; color: #008000;\">El peligro afrontado por s\u00ed mismo o por otro -intrepidez o abnegaci\u00f3n- no es una negaci\u00f3n pura del yo y de la vida personal: es esta misma vida llevada hasta lo sublime.<\/span><\/strong><\/p>\n<\/blockquote>\n<p>&nbsp;<\/p>\n<p style=\"text-align: justify;\"><span style=\"font-size: 14pt;\"><strong>Lo sublime, en moral como en est\u00e9tica, parece al principio en contradicci\u00f3n con el orden, que constituye la belleza con m\u00e1s propiedad<\/strong>; pero no hay aqu\u00ed m\u00e1s que una <strong>contradicci\u00f3n superficial<\/strong>: lo sublime tiene las mismas ra\u00edces que lo bello, y la intensidad de sentimientos que presupone no impide una cierta racionalidad interior.<\/span><\/p>\n<p>&nbsp;<\/p>\n<blockquote>\n<p style=\"text-align: center;\"><span style=\"color: #008000;\"><strong><span style=\"font-size: 14pt;\">Lo sublime tiene las mismas ra\u00edces que lo bello, y la intensidad de sentimientos que presupone no impide una cierta racionalidad interior.<\/span><\/strong><\/span><\/p>\n<\/blockquote>\n<p>&nbsp;<\/p>\n<p><img loading=\"lazy\" decoding=\"async\" class=\"aligncenter wp-image-2274303\" src=\"https:\/\/puntocritico.com\/ausajpuntocritico\/wp-content\/uploads\/2023\/05\/frase-proporcion-es-belleza-en-el-orden-de-las-medidas-ramon-llull-176102-300x141.jpg\" alt=\"\" width=\"480\" height=\"226\" srcset=\"https:\/\/puntocritico.com\/ausajpuntocritico\/wp-content\/uploads\/2023\/05\/frase-proporcion-es-belleza-en-el-orden-de-las-medidas-ramon-llull-176102-300x141.jpg 300w, https:\/\/puntocritico.com\/ausajpuntocritico\/wp-content\/uploads\/2023\/05\/frase-proporcion-es-belleza-en-el-orden-de-las-medidas-ramon-llull-176102-768x361.jpg 768w, https:\/\/puntocritico.com\/ausajpuntocritico\/wp-content\/uploads\/2023\/05\/frase-proporcion-es-belleza-en-el-orden-de-las-medidas-ramon-llull-176102-610x287.jpg 610w, https:\/\/puntocritico.com\/ausajpuntocritico\/wp-content\/uploads\/2023\/05\/frase-proporcion-es-belleza-en-el-orden-de-las-medidas-ramon-llull-176102.jpg 850w\" sizes=\"auto, (max-width: 480px) 100vw, 480px\" \/><\/p>\n<p>&nbsp;<\/p>\n<p style=\"text-align: justify;\"><span style=\"font-size: 14pt;\"><strong>Cuando se ha aceptado el riesgo, se puede tambi\u00e9n aceptar la muerte posible<\/strong>. En toda loter\u00eda es preciso tomar los malos n\u00fameros tanto como los otros. <\/span><\/p>\n<p style=\"text-align: justify;\"><span style=\"font-size: 14pt;\"><strong>De la misma forma el que ve llegar a la muerte en esas circunstancias, se siente, por as\u00ed decirlo, ligado a ella<\/strong>: la hab\u00eda previsto, y hab\u00eda deseado, a pesar de su espera, escapar a ella; no retroceder\u00e1, pues, a menos que haya una inconsecuencia, una <strong>pobreza de car\u00e1cter<\/strong> que se designa habitualmente con el nombre de <strong>cobard\u00eda<\/strong>. <\/span><\/p>\n<p style=\"text-align: justify;\"><span style=\"font-size: 14pt;\">Sin duda <strong>el que haya abandonado su patria para evitar el servicio militar<\/strong>, no ser\u00e1 necesariamente para todos un objeto de horror (<em>hag\u00e1moslo notar lament\u00e1ndolo<\/em>); <strong>pero el que, resignado a servir como soldado, ha aceptado su tarea y huye ante el peligro, volviendo la espalda en el momento supremo, ese ser\u00e1 considerado cobarde e indigno<\/strong>. <\/span><\/p>\n<p style=\"text-align: justify;\"><span style=\"font-size: 14pt;\">Con m\u00e1s raz\u00f3n, <strong>ser\u00e1 igualmente considerado el oficial que, de antemano, hab\u00eda aceptado, no solamente marchar a la muerte., sino hacerlo antes que todos<\/strong>, dar el ejemplo. De la misma forma, <strong>un m\u00e9dico no puede moralmente negar sus cuidados durante una epidemia<\/strong>. <\/span><\/p>\n<p style=\"text-align: justify;\"><span style=\"font-size: 14pt;\"><strong>La obligaci\u00f3n moral toma la forma de una obligaci\u00f3n profesional, de un contrato libremente aceptado<\/strong>, <strong>con todas las consecuencias y los riesgos<\/strong> que implica<\/span><a id=\"ref3a\"><\/a><span style=\"font-size: 14pt;\"><a href=\"#ref3\"> (3)<\/a>.<\/span><\/p>\n<p>&nbsp;<\/p>\n<blockquote>\n<p style=\"text-align: center;\"><strong><span style=\"font-size: 14pt; color: #008000;\">La obligaci\u00f3n moral toma la forma de una obligaci\u00f3n profesional, de un contrato libremente aceptado, con todas las consecuencias y los riesgos que implica<\/span><\/strong><\/p>\n<\/blockquote>\n<p>&nbsp;<\/p>\n<p><img loading=\"lazy\" decoding=\"async\" class=\"aligncenter wp-image-24628\" src=\"https:\/\/puntocritico.com\/ausajpuntocritico\/wp-content\/uploads\/2019\/12\/GUYEAU-9-4-300x200.jpg\" alt=\"\" width=\"480\" height=\"320\" data-id=\"24628\" srcset=\"https:\/\/puntocritico.com\/ausajpuntocritico\/wp-content\/uploads\/2019\/12\/GUYEAU-9-4-300x200.jpg 300w, https:\/\/puntocritico.com\/ausajpuntocritico\/wp-content\/uploads\/2019\/12\/GUYEAU-9-4-768x512.jpg 768w, https:\/\/puntocritico.com\/ausajpuntocritico\/wp-content\/uploads\/2019\/12\/GUYEAU-9-4.jpg 1000w\" sizes=\"auto, (max-width: 480px) 100vw, 480px\" \/><\/p>\n<p>&nbsp;<\/p>\n<blockquote>\n<p style=\"text-align: center;\"><span style=\"color: #008000;\"><strong><span style=\"font-size: 14pt;\">La moral social se convertir\u00e1 en el arte de emplear ventajosamente para el bien de todos, esa necesidad de arriesgarse, que experimenta toda vida individual medianamente poderosa.<\/span><\/strong><\/span><\/p>\n<\/blockquote>\n<p>&nbsp;<\/p>\n<p style=\"text-align: justify;\"><span style=\"font-size: 14pt;\"><strong>A medida que avancemos, la econom\u00eda pol\u00edtica y la sociolog\u00eda se reducir\u00e1n cada vez m\u00e1s a la ciencia de los riesgos y de los medios de compensarlos, en otros t\u00e9rminos, a la ciencia de la seguridad<\/strong>. Y la moral social se convertir\u00e1 en el arte de emplear ventajosamente para el bien de todos, esa necesidad de arriesgarse, que experimenta toda vida individual medianamente poderosa. <\/span><\/p>\n<p style=\"text-align: justify;\"><span style=\"font-size: 14pt;\">En otros t\u00e9rminos,<strong> se tratar\u00e1 de hacer seguros y tranquilos a los ec\u00f3nomos para s\u00ed mismos, mientras que se convertir\u00e1 en \u00fatiles a los que son, por as\u00ed decirlo, pr\u00f3digos para s\u00ed mismos<\/strong>.<\/span><\/p>\n<p style=\"text-align: justify;\"><span style=\"font-size: 14pt;\"><strong>Pero vayamos m\u00e1s lejos<\/strong>. El agente moral puede ser colocado, no frente al simple riesgo, sino ante la certidumbre del sacrificio definitivo.<\/span><\/p>\n<p>&nbsp;<\/p>\n<blockquote>\n<p style=\"text-align: center;\"><span style=\"color: #008000;\"><strong><span style=\"font-size: 14pt;\">El agente moral puede ser colocado, no frente al simple riesgo, sino ante la certidumbre del sacrificio definitivo.<\/span><\/strong><\/span><\/p>\n<\/blockquote>\n<p>&nbsp;<\/p>\n<p style=\"text-align: justify;\"><em><span style=\"font-size: 14pt;\">En ciertas comarcas, cuando el labrador quiere fecundar su campo, emplea algunas veces un medio en\u00e9rgico: toma un caballo, le abre las venas y, l\u00e1tigo en mano, lo lanza por los surcos; el caballo sangrante se arrastra a trav\u00e9s del campo que se extiende bajo sus patas vacilantes; la tierra enrojece bajo \u00e9l, cada surco bebe su porci\u00f3n de sangre. <\/span><\/em><\/p>\n<p style=\"text-align: justify;\"><span style=\"font-size: 14pt;\"><em>Cuando, agotado, cae con el estertor de la agon\u00eda, se lo obliga a\u00fan a volver a levantarse, a dar el resto de su sangre a la tierra \u00e1vida, sin retener nada para \u00e9l. Finalmente se desploma por \u00faltima vez; se lo entierra en el campo a\u00fan rojo; toda su vida, todo su ser pasa a la tierra rejuvenecida<\/em>. <\/span><\/p>\n<p style=\"text-align: justify;\"><span style=\"font-size: 14pt;\"><strong>Esta simiente de sangre se convierte en riqueza<\/strong>: el campo, as\u00ed nutrido, abundar\u00e1 en trigo, en beneficios para el labrador. <strong>Las cosas no ocurren de otra forma en la historia de la humanidad<\/strong>.<\/span><\/p>\n<p>&nbsp;<\/p>\n<p><img loading=\"lazy\" decoding=\"async\" class=\"aligncenter wp-image-1389810\" src=\"https:\/\/puntocritico.com\/ausajpuntocritico\/wp-content\/uploads\/2020\/11\/Virgen_y_m\u00e1rtir-300x219.jpg\" alt=\"\" width=\"400\" height=\"293\" srcset=\"https:\/\/puntocritico.com\/ausajpuntocritico\/wp-content\/uploads\/2020\/11\/Virgen_y_m\u00e1rtir-300x219.jpg 300w, https:\/\/puntocritico.com\/ausajpuntocritico\/wp-content\/uploads\/2020\/11\/Virgen_y_m\u00e1rtir-1024x749.jpg 1024w, https:\/\/puntocritico.com\/ausajpuntocritico\/wp-content\/uploads\/2020\/11\/Virgen_y_m\u00e1rtir-768x562.jpg 768w, https:\/\/puntocritico.com\/ausajpuntocritico\/wp-content\/uploads\/2020\/11\/Virgen_y_m\u00e1rtir-1536x1123.jpg 1536w, https:\/\/puntocritico.com\/ausajpuntocritico\/wp-content\/uploads\/2020\/11\/Virgen_y_m\u00e1rtir-610x446.jpg 610w, https:\/\/puntocritico.com\/ausajpuntocritico\/wp-content\/uploads\/2020\/11\/Virgen_y_m\u00e1rtir-80x60.jpg 80w, https:\/\/puntocritico.com\/ausajpuntocritico\/wp-content\/uploads\/2020\/11\/Virgen_y_m\u00e1rtir.jpg 1801w\" sizes=\"auto, (max-width: 400px) 100vw, 400px\" \/><\/p>\n<p>&nbsp;<\/p>\n<blockquote>\n<p style=\"text-align: center;\"><span style=\"font-size: 14pt;\"><span style=\"color: #008000;\"><strong>La legi\u00f3n de los grandes infortunados, de los m\u00e1rtires ignorados o gloriosos, todos esos hombres cuya propia desgracia hace el bien de otros, todos esos que han sido obligados al sacrificio o que lo han buscado ellos mismos, han ido a trav\u00e9s del mundo sembrando su vida, derramando la sangre por sus costados entreabiertos como de una fuente viva; han fecundado el porvenir<\/strong>.<\/span> <\/span><\/p>\n<\/blockquote>\n<p>&nbsp;<\/p>\n<p style=\"text-align: justify;\"><span style=\"font-size: 14pt;\"><strong>La legi\u00f3n de los grandes infortunados, de los m\u00e1rtires ignorados o gloriosos, todos esos hombres cuya propia desgracia hace el bien de otros<\/strong>, todos esos que han sido obligados al sacrificio o que lo han buscado ellos mismos, <strong>han ido a trav\u00e9s del mundo sembrando su vida<\/strong>, derramando la sangre por sus costados entreabiertos como de una fuente viva; <strong>han fecundado el porvenir<\/strong>. <\/span><\/p>\n<p style=\"text-align: justify;\"><span style=\"font-size: 14pt;\"><strong>A menudo se han enga\u00f1ado, y la causa que defend\u00edan no val\u00eda sus sacrificios: nada m\u00e1s triste que morir en vano<\/strong>. Pero para quien considere los medios y no los individuos, el sacrificio es uno de los resortes m\u00e1s preciosos y potentes de la historia.<\/span><\/p>\n<p>&nbsp;<\/p>\n<blockquote>\n<p style=\"text-align: center;\"><span style=\"color: #008000;\"><strong><span style=\"font-size: 14pt;\">Para quien considere los medios y no los individuos, el sacrificio es uno de los resortes m\u00e1s preciosos y potentes de la historia.<\/span><\/strong><\/span><\/p>\n<\/blockquote>\n<p>&nbsp;<\/p>\n<p><a href=\"https:\/\/puntocritico.com\/ausajpuntocritico\/2018\/02\/26\/jueces-y-torturadores-torturadores-y-jueces\/\" target=\"_blank\" rel=\"noopener\" data-schema-attribute=\"\"><img loading=\"lazy\" decoding=\"async\" class=\"aligncenter wp-image-9234\" src=\"https:\/\/puntocritico.com\/ausajpuntocritico\/wp-content\/uploads\/2018\/02\/TORTURAS-IMAGEN-PRINCIPAL-BOTERO-300x169.jpg\" alt=\"\" width=\"480\" height=\"270\" srcset=\"https:\/\/puntocritico.com\/ausajpuntocritico\/wp-content\/uploads\/2018\/02\/TORTURAS-IMAGEN-PRINCIPAL-BOTERO-300x169.jpg 300w, https:\/\/puntocritico.com\/ausajpuntocritico\/wp-content\/uploads\/2018\/02\/TORTURAS-IMAGEN-PRINCIPAL-BOTERO.jpg 678w\" sizes=\"auto, (max-width: 480px) 100vw, 480px\" \/><\/a><\/p>\n<p>&nbsp;<\/p>\n<blockquote>\n<p style=\"text-align: center;\"><span style=\"font-size: 14pt; color: #008000;\"><strong>Para hacer dar un paso a la humanidad, ese gran cuerpo perezoso, ha sido preciso hasta ahora una sacudida que triturase individuos.<\/strong> <\/span><\/p>\n<\/blockquote>\n<p>&nbsp;<\/p>\n<p style=\"text-align: justify;\"><span style=\"font-size: 14pt;\"><strong>Para hacer dar un paso a la humanidad<\/strong>, ese gran cuerpo perezoso, <strong>ha sido preciso hasta ahora una sacudida que triturase individuos<\/strong>. <\/span><\/p>\n<p style=\"text-align: justify;\"><span style=\"font-size: 14pt;\">El m\u00e1s humilde, el m\u00e1s mediano de los hombres puede, pues, hallarse ante la alternativa del sacrificio seguro de su vida o de una obligaci\u00f3n a cumplir; puede ser, no s\u00f3lo soldado, sino guardia c\u00edvica, bombero, etc., y <strong>esas situaciones que llamamos <em>modestas<\/em>, son de las que, a veces, pueden exigir actos sublimes<\/strong>. <\/span><\/p>\n<p style=\"text-align: justify;\"><span style=\"font-size: 14pt;\">Ahora bien, <strong>\u00bfc\u00f3mo exigir a alguien el sacrificio de su vida, si no se ha fundado la moral m\u00e1s que en el desarrollo de esta misma vida?<\/strong><\/span><\/p>\n<p>&nbsp;<\/p>\n<blockquote>\n<p style=\"text-align: center;\"><span style=\"font-size: 14pt; color: #008000;\"><strong>\u00bfC\u00f3mo exigir a alguien el sacrificio de su vida, si no se ha fundado la moral m\u00e1s que en el desarrollo de esta misma vida? <\/strong><\/span><\/p>\n<p style=\"text-align: center;\"><span style=\"font-size: 14pt; color: #008000;\"><strong>Hay contradicci\u00f3n en los t\u00e9rminos<\/strong>.<\/span><\/p>\n<\/blockquote>\n<p>&nbsp;<\/p>\n<p style=\"text-align: justify;\"><span style=\"font-size: 14pt;\"><strong>Hay contradicci\u00f3n en los t\u00e9rminos<\/strong>. Es la objeci\u00f3n capital que en otra parte hemos hecho a toda <em>moral naturalista<\/em>, y ante la que volvemos a ser llevados por la necesidad de las cosas.<\/span><\/p>\n<p style=\"text-align: justify;\"><span style=\"font-size: 14pt;\">Desde el punto de vista <em>naturalista<\/em> en que nos colocamos, <strong>el acto mismo de velar por los simples intereses de los dem\u00e1s, s\u00f3lo es superior al acto de velar por los propios intereses<\/strong>, en tanto indica una mayor capacidad moral, un exceso de vida interior. <\/span><\/p>\n<p style=\"text-align: justify;\"><span style=\"font-size: 14pt;\">Sin esto no ser\u00eda m\u00e1s que una especie de monstruosidad, como esas plantas que no tienen hojas y casi tampoco ra\u00edces, nada m\u00e1s que una flor. <\/span><\/p>\n<p style=\"text-align: justify;\"><span style=\"font-size: 14pt;\">Para ordenar el sacrificio ser\u00eda menester algo m\u00e1s precioso que la vida; ahora bien, emp\u00edricamente no hay nada que lo sea, esta cosa no tiene medida com\u00fan con el resto de las cosas, el resto la presupone y toma prestado su valor. No se puede convencer al utilitario ingl\u00e9s de que la moralidad conservada mediante el sacrificio de la vida, no sea el avaro muriendo para salvar su tesoro.<\/span><\/p>\n<p>&nbsp;<\/p>\n<blockquote>\n<p style=\"text-align: center;\"><span style=\"color: #008000;\"><strong><span style=\"font-size: 14pt;\">No se puede convencer al utilitario ingl\u00e9s de que la moralidad conservada mediante el sacrificio de la vida, no sea el avaro muriendo para salvar su tesoro. <\/span><\/strong><\/span><\/p>\n<p style=\"text-align: center;\"><span style=\"color: #008000;\"><strong><span style=\"font-size: 14pt;\">Nada m\u00e1s natural que exigir a alguien que muera por vosotros o por una idea, cuando tiene fe absoluta en la inmortalidad y siente ya moverse sus alas de \u00e1ngel pero,\u00a0\u00bfy si no cree en ella?<\/span><\/strong><\/span><\/p>\n<\/blockquote>\n<p>&nbsp;<\/p>\n<figure id=\"attachment_248957\" aria-describedby=\"caption-attachment-248957\" style=\"width: 480px\" class=\"wp-caption aligncenter\"><img loading=\"lazy\" decoding=\"async\" class=\"wp-image-248957\" src=\"https:\/\/puntocritico.com\/ausajpuntocritico\/wp-content\/uploads\/2020\/05\/socrates-1-300x169.jpg\" alt=\"\" width=\"480\" height=\"270\" srcset=\"https:\/\/puntocritico.com\/ausajpuntocritico\/wp-content\/uploads\/2020\/05\/socrates-1-300x169.jpg 300w, https:\/\/puntocritico.com\/ausajpuntocritico\/wp-content\/uploads\/2020\/05\/socrates-1-1024x575.jpg 1024w, https:\/\/puntocritico.com\/ausajpuntocritico\/wp-content\/uploads\/2020\/05\/socrates-1-768x431.jpg 768w, https:\/\/puntocritico.com\/ausajpuntocritico\/wp-content\/uploads\/2020\/05\/socrates-1-678x381.jpg 678w, https:\/\/puntocritico.com\/ausajpuntocritico\/wp-content\/uploads\/2020\/05\/socrates-1.jpg 1200w\" sizes=\"auto, (max-width: 480px) 100vw, 480px\" \/><figcaption id=\"caption-attachment-248957\" class=\"wp-caption-text\"><span style=\"color: #008000;\">La muerte de S\u00f3crates, por Jacques-Louis David (1787).<\/span><\/figcaption><\/figure>\n<p>&nbsp;<\/p>\n<p style=\"text-align: justify;\"><span style=\"font-size: 14pt;\">Nada m\u00e1s natural que exigir a alguien que muera por vosotros o por una idea, cuando tiene fe absoluta en la inmortalidad y siente ya moverse sus alas de \u00e1ngel pero,\u00a0<strong>\u00bfy si no cree en ella? <\/strong><\/span><\/p>\n<p style=\"text-align: justify;\"><span style=\"font-size: 14pt;\"><strong>Si tenemos fe, ninguna dificultad<\/strong>; es una cosa tan c\u00f3moda como una venda sobre los ojos. <\/span><\/p>\n<p style=\"text-align: justify;\"><span style=\"font-size: 14pt;\"><strong>Se grita: yo veo, yo s\u00e9, yo creo; no se ve nada, se sabe menos a\u00fan, pero se tiene la fe que reemplaza todo<\/strong>, se hace lo que ella ordena, se marcha al sacrificio con la cabeza levantada hacia el cielo, <strong>se hace uno aplastar alegremente entre las ruedas de la gran m\u00e1quina social, y hasta, algunas veces, sin un fin justificado, por un sue\u00f1o, por un error<\/strong>, como los hind\u00faes que se arrojaban bajo las ruedas ensangrentadas del carro sagrado, felices de morir bajo los pies de sus \u00eddolos gigantescos y vac\u00edos. <\/span><\/p>\n<p style=\"text-align: justify;\"><strong><span style=\"font-size: 14pt;\">\u00bfC\u00f3mo pedir un sacrificio definitivo al individuo que no tiene fe, sin apoyarse en otro principio que no sea el desarrollo de esa misma vida que se trata de sacrificar en parte o completamente?<\/span><\/strong><\/p>\n<p style=\"text-align: justify;\"><span style=\"font-size: 14pt;\">Comencemos por reconocer que, <strong>en ciertos casos extremos -muy raros por otra parte- el problema no tiene soluci\u00f3n racional y cient\u00edfica<\/strong>. En esos casos en que la moral es impotente, debe dejar obrar espont\u00e1neamente al individuo.<\/span><\/p>\n<p>&nbsp;<\/p>\n<blockquote>\n<p style=\"text-align: center;\"><span style=\"font-size: 14pt; color: #008000;\"><strong>El error de los <em>Jesuitas<\/em> consisti\u00f3, mucho m\u00e1s que en haber querido ampliar la moral; en haber introducido en ellas ese detestable elemento que es la hipocres\u00eda.<\/strong> <\/span><\/p>\n<\/blockquote>\n<p>&nbsp;<\/p>\n<figure id=\"attachment_2287695\" aria-describedby=\"caption-attachment-2287695\" style=\"width: 360px\" class=\"wp-caption aligncenter\"><img loading=\"lazy\" decoding=\"async\" class=\"wp-image-2287695\" src=\"https:\/\/puntocritico.com\/ausajpuntocritico\/wp-content\/uploads\/2023\/09\/Mapa-misiones-de-la-compania-de-jesus-gentileza-gustavo-laterza-portalguarani-256x300.jpg\" alt=\"\" width=\"360\" height=\"423\" srcset=\"https:\/\/puntocritico.com\/ausajpuntocritico\/wp-content\/uploads\/2023\/09\/Mapa-misiones-de-la-compania-de-jesus-gentileza-gustavo-laterza-portalguarani-256x300.jpg 256w, https:\/\/puntocritico.com\/ausajpuntocritico\/wp-content\/uploads\/2023\/09\/Mapa-misiones-de-la-compania-de-jesus-gentileza-gustavo-laterza-portalguarani-768x901.jpg 768w, https:\/\/puntocritico.com\/ausajpuntocritico\/wp-content\/uploads\/2023\/09\/Mapa-misiones-de-la-compania-de-jesus-gentileza-gustavo-laterza-portalguarani.jpg 800w\" sizes=\"auto, (max-width: 360px) 100vw, 360px\" \/><figcaption id=\"caption-attachment-2287695\" class=\"wp-caption-text\"><span style=\"color: #008000;\">Mapa de las misiones de la Compa\u00f1\u00eda de Jes\u00fas en Paraguay (portalguarani)<\/span><\/figcaption><\/figure>\n<p>&nbsp;<\/p>\n<p style=\"text-align: justify;\"><span style=\"font-size: 14pt;\">El <strong>error de los <em>Jesuitas<\/em><\/strong> consisti\u00f3, mucho m\u00e1s que en haber querido ampliar la moral; en haber introducido en ellas ese detestable elemento que es la <strong>hipocres\u00eda<\/strong>.\u00a0<\/span><\/p>\n<p style=\"text-align: justify;\"><span style=\"font-size: 14pt;\">Ante todo, <strong>es preciso ser franco consigo mismo y con los dem\u00e1s<\/strong>; la paradoja no tiene nada de peligroso cuando se presenta audazmente ante todas las miradas. <\/span><\/p>\n<p style=\"text-align: justify;\"><span style=\"font-size: 14pt;\"><strong>Toda acci\u00f3n moral puede ser considerada como una ecuaci\u00f3n a resolver<\/strong>; ahora bien, en una decisi\u00f3n pr\u00e1ctica, siempre hay t\u00e9rminos conocidos y un t\u00e9rmino desconocido que se trata de despejar; <strong>ciertas ecuaciones son, pues, irresolubles, o, por lo menos, no ofrecen una soluci\u00f3n indiscutible y categ\u00f3rica<\/strong>.<\/span><\/p>\n<p>&nbsp;<\/p>\n<blockquote>\n<p style=\"text-align: center;\"><strong><span style=\"font-size: 14pt; color: #008000;\">El error de los moralistas, consiste en pretender resolver de una manera definitiva y universal problemas que pueden tener gran cantidad de soluciones singulares.<\/span><\/strong><\/p>\n<\/blockquote>\n<p>&nbsp;<\/p>\n<p style=\"text-align: justify;\"><span style=\"font-size: 14pt;\">El <strong>error de los moralistas<\/strong>, consiste en pretender resolver de una manera definitiva y universal problemas que pueden tener gran cantidad de soluciones singulares.<\/span><\/p>\n<p style=\"text-align: justify;\"><span style=\"font-size: 14pt;\">Agreguemos que <strong>la inc\u00f3gnita fundamental, la <em>x\u00a0<\/em>que se halla en determinado n\u00famero de problemas, es la muerte<\/strong>. La soluci\u00f3n de la ecuaci\u00f3n planteada depende entonces del valor variable que se acuerde a los otros t\u00e9rminos que son: <\/span><\/p>\n<blockquote>\n<p style=\"text-align: justify;\"><span style=\"font-size: 14pt; color: #008000;\"><strong>1) la vida a sacrificar; <\/strong><\/span><\/p>\n<p style=\"text-align: justify;\"><span style=\"font-size: 14pt; color: #008000;\"><strong>2) la acci\u00f3n moral cualquiera a cumplir.<\/strong> <\/span><\/p>\n<\/blockquote>\n<p>&nbsp;<\/p>\n<figure id=\"attachment_1638691\" aria-describedby=\"caption-attachment-1638691\" style=\"width: 400px\" class=\"wp-caption aligncenter\"><img loading=\"lazy\" decoding=\"async\" class=\"wp-image-1638691\" src=\"https:\/\/puntocritico.com\/ausajpuntocritico\/wp-content\/uploads\/2021\/01\/las-claves-ocultas-de-la-obra-el-triunfo-de-la-muerte-de-pieter-bruegel-4-300x288.jpg\" alt=\"\" width=\"400\" height=\"384\" srcset=\"https:\/\/puntocritico.com\/ausajpuntocritico\/wp-content\/uploads\/2021\/01\/las-claves-ocultas-de-la-obra-el-triunfo-de-la-muerte-de-pieter-bruegel-4-300x288.jpg 300w, https:\/\/puntocritico.com\/ausajpuntocritico\/wp-content\/uploads\/2021\/01\/las-claves-ocultas-de-la-obra-el-triunfo-de-la-muerte-de-pieter-bruegel-4-768x737.jpg 768w, https:\/\/puntocritico.com\/ausajpuntocritico\/wp-content\/uploads\/2021\/01\/las-claves-ocultas-de-la-obra-el-triunfo-de-la-muerte-de-pieter-bruegel-4-610x586.jpg 610w, https:\/\/puntocritico.com\/ausajpuntocritico\/wp-content\/uploads\/2021\/01\/las-claves-ocultas-de-la-obra-el-triunfo-de-la-muerte-de-pieter-bruegel-4.jpg 800w\" sizes=\"auto, (max-width: 400px) 100vw, 400px\" \/><figcaption id=\"caption-attachment-1638691\" class=\"wp-caption-text\"><span style=\"color: #008000;\">El Triunfo de la Muerte (detalle), de Pieter Brueghel<\/span><\/figcaption><\/figure>\n<p>&nbsp;<\/p>\n<p style=\"text-align: justify;\"><span style=\"font-size: 14pt;\"><strong>Examinemos esos dos t\u00e9rminos<\/strong>:<\/span><\/p>\n<p style=\"text-align: justify;\"><span style=\"font-size: 14pt;\">La soluci\u00f3n<strong> depende<\/strong>, ante todo, decimos, <strong>del valor que se acuerda a la vida<\/strong>. <\/span><\/p>\n<p style=\"text-align: justify;\"><span style=\"font-size: 14pt;\"><strong>La vida es, sin duda, para cada uno el m\u00e1s precioso de los bienes, porque es la condici\u00f3n de los otros<\/strong>; pero desde luego, <strong>cuando los otros se reducen casi a cero, la misma vida pierde su valor<\/strong>: se convierte entonces, en un <strong>objeto despreciable<\/strong>.<\/span><\/p>\n<p>&nbsp;<\/p>\n<blockquote>\n<p style=\"text-align: center;\"><span style=\"font-size: 14pt; color: #008000;\"><strong>La vida es, sin duda, para cada uno el m\u00e1s precioso de los bienes, porque es la condici\u00f3n de los otros; pero desde luego, cuando los otros se reducen casi a cero, la misma vida pierde su valor: se convierte entonces, en un objeto despreciable.<\/strong> <\/span><\/p>\n<\/blockquote>\n<p>&nbsp;<\/p>\n<p style=\"text-align: justify;\"><span style=\"font-size: 14pt;\">Sean dos individuos, uno que haya perdido lo que amaba, el otro que posea una familia numerosa cuya suerte depende de \u00e9l: <strong>ambos no son iguales ante la muerte<\/strong>.<\/span><\/p>\n<p style=\"text-align: justify;\"><span style=\"font-size: 14pt;\">Para plantear perfectamente este problema capital del desprecio a la vida, es preciso relacionarlo con otra cuesti\u00f3n importante: <strong>el sacrificio tiene m\u00e1s de una analog\u00eda con el\u00a0suicidio, puesto que en los dos casos es la muerte consentida y hasta querida por un individuo que sabe lo que es la vida<\/strong>.<\/span><\/p>\n<p>&nbsp;<\/p>\n<p><a href=\"https:\/\/puntocritico.com\/ausajpuntocritico\/2019\/12\/17\/el-suicidio-en-espana-2018-el-suicidio-en-durkheim-o-la-modernidad-de-la-triste-figura-por-eduardo-bericat\/\" target=\"_blank\" rel=\"noopener\" data-schema-attribute=\"\"><img loading=\"lazy\" decoding=\"async\" class=\"aligncenter wp-image-24981\" src=\"https:\/\/puntocritico.com\/ausajpuntocritico\/wp-content\/uploads\/2019\/12\/Suicidio-Principal--300x169.jpg\" alt=\"\" width=\"480\" height=\"270\" srcset=\"https:\/\/puntocritico.com\/ausajpuntocritico\/wp-content\/uploads\/2019\/12\/Suicidio-Principal--300x169.jpg 300w, https:\/\/puntocritico.com\/ausajpuntocritico\/wp-content\/uploads\/2019\/12\/Suicidio-Principal-.jpg 678w\" sizes=\"auto, (max-width: 480px) 100vw, 480px\" \/><\/a><\/p>\n<p>&nbsp;<\/p>\n<p style=\"text-align: justify;\"><span style=\"font-size: 14pt;\">Para explicar el <a href=\"https:\/\/puntocritico.com\/ausajpuntocritico\/2019\/12\/17\/el-suicidio-en-espana-2018-el-suicidio-en-durkheim-o-la-modernidad-de-la-triste-figura-por-eduardo-bericat\/\" target=\"_blank\" rel=\"noopener\" data-schema-attribute=\"\"><strong>suicidio<\/strong><\/a>, es preciso admitir que <strong>la duraci\u00f3n de los goces medios de la vida, vale poco en comparaci\u00f3n con la intensidad de ciertos sufrimientos<\/strong>; y la rec\u00edproca ser\u00e1 igualmente verdadera, a saber: que <strong>la intensidad de ciertos goces parece preferible a la duraci\u00f3n de la vida<\/strong>. <\/span><\/p>\n<p style=\"text-align: justify;\"><span style=\"font-size: 14pt;\"><a href=\"https:\/\/es.wikipedia.org\/wiki\/Hector_Berlioz\" target=\"_blank\" rel=\"noopener\" data-schema-attribute=\"\"><strong>Berlioz<\/strong><\/a> pone en escena un artista que<strong> se mata despu\u00e9s de haber experimentado el m\u00e1s alto placer est\u00e9tico que cree que le depara su vida<\/strong>; no hay en esta acci\u00f3n tanta locura como pudiera creerse. <\/span><\/p>\n<p style=\"text-align: justify;\"><span style=\"font-size: 14pt;\">Imaginar que, por un instante, se os conceda ser un <strong>Newton<\/strong> al descubrir su ley o un <strong>Jes\u00fas<\/strong> predicando amor en la monta\u00f1a; <strong>el resto de vuestra vida os parecer\u00e1 descolorido y vac\u00edo; podr\u00e9is cambiar ese momento por todo el resto<\/strong>.<\/span><\/p>\n<p>&nbsp;<\/p>\n<blockquote>\n<p style=\"text-align: center;\"><span style=\"font-size: 14pt; color: #008000;\"><strong>Dadle a cualquiera la alternativa de escoger entre revivir la mon\u00f3tona duraci\u00f3n de su vida entera o el peque\u00f1o n\u00famero de horas completamente felices que recuerda: pocas personas dudar\u00e1n.<\/strong> <\/span><\/p>\n<\/blockquote>\n<p>&nbsp;<\/p>\n<p style=\"text-align: justify;\"><span style=\"font-size: 14pt;\">Dadle a cualquiera la alternativa de escoger entre revivir la mon\u00f3tona duraci\u00f3n de su vida entera o el peque\u00f1o n\u00famero de horas completamente felices que recuerda: <strong>pocas personas dudar\u00e1n<\/strong>. <\/span><\/p>\n<p style=\"text-align: justify;\"><span style=\"font-size: 14pt;\">Extendemos la cosa al presente y al porvenir; <strong>hay horas en que la intensidad de la vida es tan grande que, comparadas con toda la serie posible de los a\u00f1os, los superan<\/strong>. <\/span><\/p>\n<p style=\"text-align: justify;\"><span style=\"font-size: 14pt;\">Se tarda tres d\u00edas para subir a un elevado pico de los <strong>Alpes<\/strong>; esos tres d\u00edas de fatiga valen el corto instante pasado en la blanca cima, en la tranquilidad del cielo. <strong>Hay tambi\u00e9n instantes en la vida en que parece que se est\u00e1 sobre una cima y que se domina; ante esos instantes el resto resulta indiferente<\/strong>.<\/span><\/p>\n<p>&nbsp;<\/p>\n<blockquote>\n<p style=\"text-align: center;\"><strong><span style=\"font-size: 14pt; color: #008000;\">Hay tambi\u00e9n instantes en la vida en que parece que se est\u00e1 sobre una cima y que se domina; ante esos instantes el resto resulta indiferente.<\/span><\/strong><\/p>\n<\/blockquote>\n<p>&nbsp;<\/p>\n<figure id=\"attachment_2313613\" aria-describedby=\"caption-attachment-2313613\" style=\"width: 480px\" class=\"wp-caption aligncenter\"><a href=\"https:\/\/es.wikipedia.org\/wiki\/Hector_Berlioz\" target=\"_blank\" rel=\"noopener\" data-schema-attribute=\"\"><img loading=\"lazy\" decoding=\"async\" class=\"wp-image-2313613\" src=\"https:\/\/puntocritico.com\/ausajpuntocritico\/wp-content\/uploads\/2025\/10\/Hector-Berlioz-300x168.webp\" alt=\"\" width=\"480\" height=\"270\" srcset=\"https:\/\/puntocritico.com\/ausajpuntocritico\/wp-content\/uploads\/2025\/10\/Hector-Berlioz-300x168.webp 300w, https:\/\/puntocritico.com\/ausajpuntocritico\/wp-content\/uploads\/2025\/10\/Hector-Berlioz-678x381.webp 678w, https:\/\/puntocritico.com\/ausajpuntocritico\/wp-content\/uploads\/2025\/10\/Hector-Berlioz.webp 739w\" sizes=\"auto, (max-width: 480px) 100vw, 480px\" \/><\/a><figcaption id=\"caption-attachment-2313613\" class=\"wp-caption-text\"><span style=\"color: #008000;\">H\u00e9ctor Berlioz<\/span><\/figcaption><\/figure>\n<p>&nbsp;<\/p>\n<p style=\"text-align: justify;\"><span style=\"font-size: 14pt;\"><strong>La vida <\/strong>-aun desde el punto de vista positivo en que aqu\u00ed nos colocamos-<strong> no tiene, pues, ese valor inconmensurable que parec\u00eda tener al principio<\/strong>. <\/span><\/p>\n<p style=\"text-align: justify;\"><span style=\"font-size: 14pt;\">A veces, <strong>sin ser irracional, se puede sacrificar la totalidad de la existencia por uno de esos momentos<\/strong>, como se puede preferir un solo verso a todo un poema.<\/span><\/p>\n<p>&nbsp;<\/p>\n<blockquote>\n<p style=\"text-align: center;\"><strong><span style=\"font-size: 14pt; color: #008000;\">Mientras haya suicidas en la humanidad, ser\u00eda inexplicable que no existiesen sacrificios definitivos y sin esperanza.<\/span><\/strong><\/p>\n<\/blockquote>\n<p>&nbsp;<\/p>\n<p style=\"text-align: justify;\"><span style=\"font-size: 14pt;\">Mientras haya suicidas en la humanidad, ser\u00eda inexplicable que no existiesen sacrificios definitivos y sin esperanza. <strong>S\u00f3lo se puede lamentar una cosa, y es que la sociedad no trate de transformar lo m\u00e1s posible los suicidios en sacrificios <\/strong><\/span><a id=\"ref4a\"><\/a><span style=\"font-size: 14pt;\"><a href=\"#ref4\"> (4)<\/a>.<\/span><\/p>\n<p style=\"text-align: justify;\"><span style=\"font-size: 14pt;\"> Se deber\u00eda ofrecer siempre un determinado n\u00famero de empresas peligrosas a los que est\u00e1n desalentados por la vida. <strong>El progreso humano, tendr\u00e1 necesidad de tantas vidas para realizarse que se deber\u00eda velar para que ninguna se perdiese en vano<\/strong>. <\/span><\/p>\n<p style=\"text-align: justify;\"><span style=\"font-size: 14pt;\">En la instituci\u00f3n filantr\u00f3pica denominada de <em>las damas del calvario<\/em>, se observan <strong>viudas consagradas a cuidar a los atacados por enfermedades repugnantes o contagiosas<\/strong>; este empleo, en beneficio de la sociedad de las vidas que la viudez ha quebrantado hasta cierto punto, y convertido en in\u00fatiles, es un ejemplo de lo que se podr\u00e1 hacer; de lo que ciertamente se har\u00e1 en la sociedad futura.<\/span><\/p>\n<p>&nbsp;<\/p>\n<p><a href=\"https:\/\/puntocritico.com\/ausajpuntocritico\/2023\/04\/17\/spivak-y-parte-3-el-ritual-sati\/\" target=\"_blank\" rel=\"noopener\" data-schema-attribute=\"\"><img loading=\"lazy\" decoding=\"async\" class=\"aligncenter wp-image-2270572\" src=\"https:\/\/puntocritico.com\/ausajpuntocritico\/wp-content\/uploads\/2023\/04\/Tradicion_sati-300x199.jpg\" alt=\"\" width=\"440\" height=\"292\" srcset=\"https:\/\/puntocritico.com\/ausajpuntocritico\/wp-content\/uploads\/2023\/04\/Tradicion_sati-300x199.jpg 300w, https:\/\/puntocritico.com\/ausajpuntocritico\/wp-content\/uploads\/2023\/04\/Tradicion_sati-610x405.jpg 610w, https:\/\/puntocritico.com\/ausajpuntocritico\/wp-content\/uploads\/2023\/04\/Tradicion_sati.jpg 637w\" sizes=\"auto, (max-width: 440px) 100vw, 440px\" \/><\/a><\/p>\n<p>&nbsp;<\/p>\n<p style=\"text-align: justify;\"><span style=\"font-size: 14pt;\"><strong>Hay millares de personas para quienes la vida ha perdido la mayor\u00a0 parte de su valor; esas personas pueden hallar un verdadero consuelo en el sacrificio; ser\u00eda preciso emplearlos<\/strong>; ahora bien, hay capacidades especiales para los oficios peligrosos y desinteresados: temperamentos hechos para olvidarse de s\u00ed mismos y arriesgarse. <\/span><\/p>\n<p style=\"text-align: justify;\"><span style=\"font-size: 14pt;\"><strong>Esta capacidad para el sacrificio tiene su fuente en una superabundancia de vida moral<\/strong>; siempre que la vida moral es detenida, comprimida, ser\u00eda preciso descubrirle de inmediato otro medio en el que volviese a encontrar la posibilidad de extenderse indefinidamente, de llevar a cabo su infatigable empleo para la humanidad.<\/span><\/p>\n<p>&nbsp;<\/p>\n<blockquote>\n<p style=\"text-align: justify;\"><span style=\"font-size: 14pt; color: #008000;\"><em><strong>A m\u00e1s de no ser siempre la vida un objeto de preferencia, puede llegar a ser en ciertos casos, un objeto de disgusto y horror. Hay un sentimiento, peculiar del hombre, que no se ha analizado perfectamente hasta ahora: lo hemos llamado ya sentimiento de intolerancia. <\/strong><\/em><\/span><\/p>\n<p style=\"text-align: justify;\"><span style=\"font-size: 14pt; color: #008000;\"><em><strong>Debido a la influencia de la atenci\u00f3n y la reflexi\u00f3n, ciertos sufrimientos f\u00edsicos y, sobre todo, morales se agrandan en la conciencia hasta el punto de obscurecer todo el resto. Una sola pena basta para borrar todos los placeres de la vida. <\/strong><\/em><\/span><\/p>\n<p style=\"text-align: justify;\"><span style=\"font-size: 14pt; color: #008000;\"><em><strong>Probablemente el hombre tiene ese privilegio de poder ser el animal m\u00e1s desgraciado de\u00a0toda la creaci\u00f3n, a causa de la tenacidad que puede comunicar a sus penas. <\/strong><\/em><\/span><\/p>\n<p style=\"text-align: justify;\"><span style=\"font-size: 14pt; color: #008000;\"><em><strong>Ahora bien, uno de los sentimientos que posee en m\u00e1s grado ese car\u00e1cter de \u00edntolerancia es el de la verg\u00fcenza, el del desfallecimiento moral, la vida comprada, por ejemplo, al precio de la deshonra, puede parecer insoportable. <\/strong><\/em><\/span><\/p>\n<p style=\"text-align: justify;\"><span style=\"font-size: 14pt; color: #008000;\"><em><strong>Se nos objetar\u00e1 que un verdadero fil\u00f3sofo epic\u00fareo o utilitario puede mirar desde lo alto esos sentimientos de pudor moral que son mucho menos convencionales que algunos otros, como el culto del dinero; todos los d\u00edas se ven personas arruinadas que no pueden soportar m\u00e1s la vida, sin que la filosof\u00eda les sirva aqu\u00ed para gran cosa. <\/strong><\/em><\/span><\/p>\n<p style=\"text-align: justify;\"><span style=\"font-size: 14pt; color: #008000;\"><em><strong>Ahora bien, hay una especie de bancarrota moral m\u00e1s temible a\u00fan que la otra en todos los aspectos. <\/strong><\/em><\/span><\/p>\n<p style=\"text-align: justify;\"><span style=\"font-size: 14pt; color: #008000;\"><em><strong>Lo que es simplemente agradable como\u00a0 tal o cual placer de la vida, y aun la suma de los placeres de \u00e9sta, no puede jam\u00e1s compensar a lo que, sin raz\u00f3n o con ella, aparece como intolerable<\/strong><\/em><\/span><\/p>\n<\/blockquote>\n<p>&nbsp;<\/p>\n<p><img loading=\"lazy\" decoding=\"async\" class=\"aligncenter wp-image-2296636\" src=\"https:\/\/puntocritico.com\/ausajpuntocritico\/wp-content\/uploads\/2024\/04\/intolerancia-810x480-1-300x178.jpg\" alt=\"\" width=\"400\" height=\"237\" srcset=\"https:\/\/puntocritico.com\/ausajpuntocritico\/wp-content\/uploads\/2024\/04\/intolerancia-810x480-1-300x178.jpg 300w, https:\/\/puntocritico.com\/ausajpuntocritico\/wp-content\/uploads\/2024\/04\/intolerancia-810x480-1-768x455.jpg 768w, https:\/\/puntocritico.com\/ausajpuntocritico\/wp-content\/uploads\/2024\/04\/intolerancia-810x480-1.jpg 810w\" sizes=\"auto, (max-width: 400px) 100vw, 400px\" \/><\/p>\n<p>&nbsp;<\/p>\n<p style=\"text-align: justify;\"><span style=\"font-size: 14pt;\"><strong>A m\u00e1s de no ser siempre la vida un objeto de preferencia, puede llegar a ser en ciertos casos, un objeto de disgusto y horror<\/strong>. Hay un sentimiento, peculiar del hombre, que no se ha analizado perfectamente hasta ahora: lo hemos llamado ya <strong>sentimiento de intolerancia<\/strong>. <\/span><\/p>\n<p style=\"text-align: justify;\"><span style=\"font-size: 14pt;\">Debido a la influencia de la <em>atenci\u00f3n<\/em> y la <em>reflexi\u00f3n<\/em>, <strong>ciertos sufrimientos f\u00edsicos y, sobre todo, morales se agrandan en la conciencia hasta el punto de obscurecer todo el resto<\/strong>.<\/span><\/p>\n<p>&nbsp;<\/p>\n<blockquote>\n<p style=\"text-align: center;\"><span style=\"color: #008000;\"><strong><span style=\"font-size: 14pt;\">Hay un sentimiento, peculiar del hombre, que no se ha analizado perfectamente hasta ahora: lo hemos llamado ya sentimiento de intolerancia. <\/span><\/strong><\/span><\/p>\n<p style=\"text-align: center;\"><span style=\"color: #008000;\"><strong><span style=\"font-size: 14pt;\">Debido a la influencia de la atenci\u00f3n y la reflexi\u00f3n, ciertos sufrimientos f\u00edsicos y, sobre todo, morales se agrandan en la conciencia hasta el punto de obscurecer todo el resto.<\/span><\/strong><\/span><\/p>\n<\/blockquote>\n<p>&nbsp;<\/p>\n<p style=\"text-align: justify;\"><span style=\"font-size: 14pt;\"><strong>Una sola pena basta para borrar todos los placeres de la vida<\/strong>. Probablemente el hombre tiene ese privilegio de poder ser el animal m\u00e1s desgraciado de\u00a0toda la creaci\u00f3n, a causa de la tenacidad que puede comunicar a sus penas. <\/span><\/p>\n<p style=\"text-align: justify;\"><span style=\"font-size: 14pt;\">Ahora bien, <strong>uno de los sentimientos que posee en m\u00e1s grado ese car\u00e1cter de intolerancia es el de la verg\u00fcenza, el del <em>desfallecimiento moral<\/em><\/strong>, la vida comprada, por ejemplo, al precio de la deshonra, puede parecer insoportable.<\/span><\/p>\n<p>&nbsp;<\/p>\n<p><img loading=\"lazy\" decoding=\"async\" class=\"aligncenter wp-image-2313614\" src=\"https:\/\/puntocritico.com\/ausajpuntocritico\/wp-content\/uploads\/2025\/10\/becerro-de-oro-Moises-300x205.jpg\" alt=\"\" width=\"440\" height=\"300\" srcset=\"https:\/\/puntocritico.com\/ausajpuntocritico\/wp-content\/uploads\/2025\/10\/becerro-de-oro-Moises-300x205.jpg 300w, https:\/\/puntocritico.com\/ausajpuntocritico\/wp-content\/uploads\/2025\/10\/becerro-de-oro-Moises-1024x698.jpg 1024w, https:\/\/puntocritico.com\/ausajpuntocritico\/wp-content\/uploads\/2025\/10\/becerro-de-oro-Moises-768x524.jpg 768w, https:\/\/puntocritico.com\/ausajpuntocritico\/wp-content\/uploads\/2025\/10\/becerro-de-oro-Moises.jpg 1056w\" sizes=\"auto, (max-width: 440px) 100vw, 440px\" \/><\/p>\n<p>&nbsp;<\/p>\n<p style=\"text-align: justify;\"><span style=\"font-size: 14pt;\">Se nos objetar\u00e1 que <em>un verdadero fil\u00f3sofo epic\u00fareo o utilitario<\/em> puede mirar desde lo alto esos <strong>sentimientos de pudor moral que son mucho menos convencionales que algunos otros, como el culto del dinero<\/strong>; todos los d\u00edas se ven personas arruinadas que no pueden soportar m\u00e1s la vida, sin que la filosof\u00eda les sirva aqu\u00ed para gran cosa.<\/span><\/p>\n<p>&nbsp;<\/p>\n<blockquote>\n<p style=\"text-align: center;\"><span style=\"font-size: 14pt; color: #008000;\"><strong>Todos los d\u00edas se ven personas arruinadas que no pueden soportar m\u00e1s la vida, sin que la filosof\u00eda les sirva aqu\u00ed para gran cosa.<\/strong><\/span><\/p>\n<\/blockquote>\n<p>&nbsp;<\/p>\n<p style=\"text-align: justify;\"><span style=\"font-size: 14pt;\">Ahora bien, <strong>hay una especie de bancarrota moral m\u00e1s temible a\u00fan que la otra en todos los aspectos<\/strong>. <\/span><span style=\"font-size: 14pt;\">Lo que es simplemente agradable como\u00a0 tal o cual placer de la vida, y aun la suma de los placeres de \u00e9sta, no puede jam\u00e1s compensar a lo que, sin raz\u00f3n o con ella, aparece como intolerable.<\/span><\/p>\n<p>&nbsp;<\/p>\n<blockquote>\n<p style=\"text-align: center;\"><span style=\"color: #008000;\"><strong><span style=\"font-size: 14pt;\">Lo que es simplemente agradable como\u00a0 tal o cual placer de la vida, y aun la suma de los placeres de \u00e9sta, no puede jam\u00e1s compensar a lo que, sin raz\u00f3n o con ella, aparece como intolerable.<\/span><\/strong><\/span><\/p>\n<\/blockquote>\n<p>&nbsp;<\/p>\n<p style=\"text-align: center;\"><img loading=\"lazy\" decoding=\"async\" class=\"aligncenter wp-image-24627\" src=\"https:\/\/puntocritico.com\/ausajpuntocritico\/wp-content\/uploads\/2019\/12\/guyeau-9-1-216x300.jpg\" alt=\"\" width=\"240\" height=\"334\" data-id=\"24627\" srcset=\"https:\/\/puntocritico.com\/ausajpuntocritico\/wp-content\/uploads\/2019\/12\/guyeau-9-1-216x300.jpg 216w, https:\/\/puntocritico.com\/ausajpuntocritico\/wp-content\/uploads\/2019\/12\/guyeau-9-1.jpg 500w\" sizes=\"auto, (max-width: 240px) 100vw, 240px\" \/><\/p>\n<p>&nbsp;<\/p>\n<blockquote>\n<p style=\"text-align: center;\"><strong><span style=\"font-size: 14pt;\"><span style=\"color: #008000;\">Ciertas esferas particulares de la actividad acaban por adquirir una importancia tal en la vida, que no se puede, en modo alguno, herirlas sin herir a \u00e9sta misma en su fuente.<\/span> <\/span><\/strong><\/p>\n<\/blockquote>\n<p>&nbsp;<\/p>\n<p style=\"text-align: justify;\"><span style=\"font-size: 14pt;\">Ciertas esferas particulares de la actividad acaban por adquirir una importancia tal en la vida, que <strong>no se puede, en modo alguno, herirlas sin herir a \u00e9sta misma en su fuente<\/strong>. <\/span><\/p>\n<p style=\"text-align: justify;\"><span style=\"font-size: 14pt;\">Uno no se figura a <strong>Chopin<\/strong> sin su piano: prohibirle la m\u00fasica hubiera sido matarlo.\u00a0<\/span><span style=\"font-size: 14pt;\">De la misma forma, la existencia no hubiera sido probablemente soportable para <strong>Rafael<\/strong> sin las formas, los colores y un pincel para reproducirlos.\u00a0<\/span><span style=\"font-size: 14pt;\">Cuando el arte adquiere as\u00ed tanta importancia como la vida misma, no hay nada de sorprendente en que la moralidad, a los ojos del hombre valga m\u00e1s a\u00fan, es \u00e9sta, en efecto, una esfera de actividad m\u00e1s vasta que el arte.<\/span><\/p>\n<p>&nbsp;<\/p>\n<blockquote>\n<p style=\"text-align: center;\"><strong><span style=\"font-size: 14pt; color: #008000;\">Cuando el arte adquiere as\u00ed tanta importancia como la vida misma, no hay nada de sorprendente en que la moralidad, a los ojos del hombre valga m\u00e1s a\u00fan, es \u00e9sta, en efecto, una esfera de actividad m\u00e1s vasta que el arte. <\/span><\/strong><\/p>\n<p style=\"text-align: center;\"><strong><span style=\"font-size: 14pt; color: #008000;\"><span style=\"font-size: 14pt;\">Si el <em>esc\u00e9ptico<\/em> halla algo de vanidad e ilusi\u00f3n en el sentimiento moral, encontrar\u00e1 m\u00e1s todav\u00eda en el sentimiento art\u00edstico.<\/span><\/span><\/strong><\/p>\n<\/blockquote>\n<p>&nbsp;<\/p>\n<figure id=\"attachment_2312718\" aria-describedby=\"caption-attachment-2312718\" style=\"width: 280px\" class=\"wp-caption aligncenter\"><img loading=\"lazy\" decoding=\"async\" class=\"wp-image-2312718\" src=\"https:\/\/puntocritico.com\/ausajpuntocritico\/wp-content\/uploads\/2025\/11\/Detalle-de-Heraclito-La-Escuela-de-Atenas-de-Rafael-208x300.jpeg\" alt=\"\" width=\"280\" height=\"404\" srcset=\"https:\/\/puntocritico.com\/ausajpuntocritico\/wp-content\/uploads\/2025\/11\/Detalle-de-Heraclito-La-Escuela-de-Atenas-de-Rafael-208x300.jpeg 208w, https:\/\/puntocritico.com\/ausajpuntocritico\/wp-content\/uploads\/2025\/11\/Detalle-de-Heraclito-La-Escuela-de-Atenas-de-Rafael-709x1024.jpeg 709w, https:\/\/puntocritico.com\/ausajpuntocritico\/wp-content\/uploads\/2025\/11\/Detalle-de-Heraclito-La-Escuela-de-Atenas-de-Rafael.jpeg 720w\" sizes=\"auto, (max-width: 280px) 100vw, 280px\" \/><figcaption id=\"caption-attachment-2312718\" class=\"wp-caption-text\"><span style=\"color: #008000;\">Detalle de Her\u00e1clito (usando de modelo a Miguel \u00c1ngel) en &#8216;La Escuela de Atenas&#8217; de Rafael.<\/span><\/figcaption><\/figure>\n<p>&nbsp;<\/p>\n<p style=\"text-align: justify;\"><span style=\"font-size: 14pt;\">Si el <em>esc\u00e9ptico<\/em> halla algo de vanidad e ilusi\u00f3n en el sentimiento moral, encontrar\u00e1 m\u00e1s todav\u00eda en el sentimiento art\u00edstico; <strong>aquellos que ha matado el arte, est\u00e1n muertos de una manera m\u00e1s absoluta que si hubiesen ca\u00eddo por la humanidad<\/strong>, y son, sin embargo, numerosos los que el arte ha matado o matar\u00e1: <strong>m\u00e1s numerosos deben ser los que se sacrifiquen por un ideal moral<\/strong>. <\/span><\/p>\n<p style=\"text-align: justify;\"><span style=\"font-size: 14pt;\">Imaginad un \u00e1rbol, una de cuyas ramas adquiere un enorme desarrollo y echa ra\u00edces en la tierra circundante, como ocurre con el \u00e1rbol gigante de la India; <strong>a la larga, la rama ocultar\u00e1 al tronco mismo; parecer\u00e1 que es ella quien lo sostiene y le da la vida<\/strong>. <\/span><\/p>\n<p style=\"text-align: justify;\"><span style=\"font-size: 14pt;\"><strong>La vida moral e intelectual es as\u00ed, una especie de reto\u00f1o, una poderosa rama de la vida f\u00edsica<\/strong>; se desarrolla hasta tal punto en el medio social que <strong>un individuo muerto, por as\u00ed decirlo, en su vida moral, parece debido a ello aniquilado en forma m\u00e1s absoluta<\/strong>; es un tronco que ha perdido toda su fuerza y lozan\u00eda, un verdadero cad\u00e1ver. <strong><em>Perder, para vivir, los motivos mismos de vivir<\/em><\/strong>.<\/span><\/p>\n<p>&nbsp;<\/p>\n<blockquote>\n<p style=\"text-align: center;\"><span style=\"font-size: 14pt; color: #008000;\"><strong><em>Perder, para vivir, los motivos mismos de vivir<\/em><\/strong><\/span><\/p>\n<\/blockquote>\n<p>&nbsp;<\/p>\n<p style=\"text-align: justify;\"><span style=\"font-size: 14pt;\">El verso de <strong>Juvenal<\/strong> es siempre cierto, a\u00fan para quien rechaza las doctrinas <em>estoicas<\/em>. <\/span><\/p>\n<p style=\"text-align: justify;\"><span style=\"font-size: 14pt;\"><strong>El <em>esc\u00e9ptico<\/em> m\u00e1s despreocupado se impone todav\u00eda una determinada regla de conducta que rige su vida, un ideal por lo menos pr\u00e1ctico<\/strong>; la vida, en ciertos momentos puede parecerle indigna de ser conservada por la renuncia a ese \u00faltimo vestigio de ideal.<\/span><\/p>\n<p>&nbsp;<\/p>\n<blockquote>\n<p style=\"text-align: center;\"><span style=\"color: #008000;\"><strong><span style=\"font-size: 14pt;\">La vida, en ciertos momentos puede parecerle indigna de ser conservada por la renuncia a ese \u00faltimo vestigio de ideal.<\/span><\/strong><\/span><\/p>\n<\/blockquote>\n<p>&nbsp;<\/p>\n<p style=\"text-align: justify;\"><span style=\"font-size: 14pt;\"><strong>Si, en ninguna doctrina, el sentimiento moral puede dar por s\u00ed solo a la sensibilidad la verdadera felicidad positiva, es, sin embargo, capaz de hacer imposible la felicidad fuera de \u00e9l, y esto pr\u00e1cticamente basta<\/strong>. Para los seres que han llegado a un cierto grado de la evoluci\u00f3n moral, la felicidad ya no es deseable fuera de su ideal mismo.<\/span><\/p>\n<p>&nbsp;<\/p>\n<blockquote>\n<p style=\"text-align: center;\"><span style=\"font-size: 14pt; color: #008000;\"><strong>Para los seres que han llegado a un cierto grado de la evoluci\u00f3n moral, la felicidad ya no es deseable fuera de su ideal mismo.<\/strong><\/span><\/p>\n<\/blockquote>\n<p>&nbsp;<\/p>\n<p><img loading=\"lazy\" decoding=\"async\" class=\"aligncenter wp-image-2287114\" src=\"https:\/\/puntocritico.com\/ausajpuntocritico\/wp-content\/uploads\/2023\/09\/Sin-bondad.jpg\" alt=\"\" width=\"220\" height=\"393\" \/><\/p>\n<p>&nbsp;<\/p>\n<p style=\"text-align: justify;\"><span style=\"font-size: 14pt;\"><strong>El sentimiento moral vale, pues, a\u00fan m\u00e1s por su fuerza destructiva que por la creadora<\/strong>. Se lo podr\u00eda comparar a un gran amor que extingue todas las otras pasiones; sin ese amor la vida nos resulta intolerable e imposible; por otra parte, sabemos que no ser\u00e1 correspondido, que no puede ni debe serlo. <\/span><\/p>\n<p style=\"text-align: justify;\"><span style=\"font-size: 14pt;\">Habitualmente se compadece a los que nutren su coraz\u00f3n con tales amores, <strong>amores sin esperanza, que nada pueden satisfacer<\/strong>; y, sin embargo, <strong>todos nosotros alimentamos uno tan poderoso hacia nuestro ideal moral, del que racionalmente no podemos aguardar ninguna sanci\u00f3n<\/strong>. <\/span><\/p>\n<p style=\"text-align: justify;\"><span style=\"font-size: 14pt;\">Este amor parecer\u00e1 siempre vano, desde el punto de vista utilitario, puesto que no debe contar con ninguna satisfacci\u00f3n, con ninguna recompensa, <strong>desde un punto de vista m\u00e1s elevado, esas\u00a0satisfacciones y esas pretendidas recompensas pueden aparecer a su vez como una <a href=\"https:\/\/puntocritico.com\/ausajpuntocritico\/2017\/12\/25\/todo-es-vanidad-eclesiastes\/\">vanidad<\/a><\/strong>.<\/span><\/p>\n<p>&nbsp;<\/p>\n<figure id=\"attachment_7754\" aria-describedby=\"caption-attachment-7754\" style=\"width: 480px\" class=\"wp-caption aligncenter\"><a href=\"https:\/\/puntocritico.com\/ausajpuntocritico\/2017\/12\/25\/todo-es-vanidad-eclesiastes\/\" target=\"_blank\" rel=\"noopener\" data-schema-attribute=\"\"><img loading=\"lazy\" decoding=\"async\" class=\"wp-image-7754\" src=\"https:\/\/puntocritico.com\/ausajpuntocritico\/wp-content\/uploads\/2017\/12\/SALOMON-bis-300x169.jpg\" alt=\"\" width=\"480\" height=\"270\" srcset=\"https:\/\/puntocritico.com\/ausajpuntocritico\/wp-content\/uploads\/2017\/12\/SALOMON-bis-300x169.jpg 300w, https:\/\/puntocritico.com\/ausajpuntocritico\/wp-content\/uploads\/2017\/12\/SALOMON-bis.jpg 678w\" sizes=\"auto, (max-width: 480px) 100vw, 480px\" \/><\/a><figcaption id=\"caption-attachment-7754\" class=\"wp-caption-text\"><span style=\"color: #008000;\">Salom\u00f3n <\/span><\/figcaption><\/figure>\n<p>&nbsp;<\/p>\n<blockquote>\n<p style=\"text-align: center;\"><strong><span style=\"font-size: 14pt; color: #008000;\">El valor de la vida es una cosa completamente variable y que a veces puede reducirse a cero, a menos de cero. <\/span><\/strong><\/p>\n<p style=\"text-align: center;\"><strong><span style=\"font-size: 14pt; color: #008000;\">La acci\u00f3n moral, por el contrario, tiene siempre un cierto precio.<\/span><\/strong><\/p>\n<p style=\"text-align: center;\">\u00a0<\/p>\n<\/blockquote>\n<p style=\"text-align: justify;\"><span style=\"font-size: 14pt;\">En resumen, <strong>el valor de la vida es una cosa completamente variable<\/strong> y que a veces puede reducirse a cero, a menos de cero. <\/span><\/p>\n<p style=\"text-align: justify;\"><span style=\"font-size: 14pt;\"><strong>La acci\u00f3n moral, por el contrario, tiene siempre un cierto precio<\/strong>; es raro que un ser haya descendido tan bajo como para realizar, por ejemplo, un acto de cobard\u00eda con la m\u00e1s perfecta indiferencia, o hasta con placer.<\/span><\/p>\n<p style=\"text-align: justify;\"><span style=\"font-size: 14pt;\">Para hacerse ahora una idea del valor que la acci\u00f3n moral puede adquirir en ciertos casos, es preciso considerar que <strong>el hombre es un animal pensante, o, como lo hemos dicho en otra parte, un animal filos\u00f3fico<\/strong>.<\/span><\/p>\n<p>&nbsp;<\/p>\n<blockquote>\n<p style=\"text-align: center;\"><strong><span style=\"font-size: 14pt; color: #008000;\">La moral positiva no puede tener en cuenta las hip\u00f3tesis metaf\u00edsicas que el hombre se complace en hacer sobre el fondo de las cosas.<\/span><\/strong><\/p>\n<\/blockquote>\n<p>&nbsp;<\/p>\n<p style=\"text-align: justify;\"><span style=\"font-size: 14pt;\"><strong>La moral positiva no puede tener en cuenta las hip\u00f3tesis metaf\u00edsicas<\/strong> que el hombre se complace en hacer sobre el fondo de las cosas.\u00a0<\/span><span style=\"font-size: 14pt;\">Por otra parte, <strong>una moral exclusivamente cient\u00edfica, no puede dar una soluci\u00f3n definitiva y completa al problema de la obligaci\u00f3n moral<\/strong>. Es preciso siempre sobrepasar la experiencia pura. <\/span><\/p>\n<p>&nbsp;<\/p>\n<blockquote>\n<p style=\"text-align: center;\"><strong><span style=\"font-size: 14pt; color: #008000;\">Es preciso siempre sobrepasar la experiencia pura<\/span><\/strong><\/p>\n<\/blockquote>\n<p>&nbsp;<\/p>\n<p style=\"text-align: justify;\"><span style=\"font-size: 14pt;\">Las vibraciones luminosas del \u00e9ter se transmiten de <strong>Sirio<\/strong> hasta mi ojo, he aqu\u00ed un hecho; pero, \u00bfes preciso abrir o cerrar los ojos para recibirlas? <\/span><\/p>\n<p style=\"text-align: justify;\"><span style=\"font-size: 14pt;\">No se puede, respecto a esto, extraer una ley de las vibraciones mismas de la luz. <strong>Igualmente, mi conciencia llega a concebir a otro, pero, \u00bfes preciso abrirme completamente a \u00e9l, cerrarme a medias &#8230;? <\/strong><\/span><\/p>\n<p style=\"text-align: justify;\"><span style=\"font-size: 14pt;\">Es \u00e9ste un problema cuya <strong>soluci\u00f3n pr\u00e1ctica depender\u00e1 de la hip\u00f3tesis personal<\/strong> que me haya forjado sobre el universo y sobre mi relaci\u00f3n con los otros seres &#8230; <\/span><\/p>\n<p style=\"text-align: justify;\"><span style=\"font-size: 14pt;\"><strong>\u00danicamente que esas hip\u00f3tesis deben seguir siendo absolutamente libres y personales, es imposible sistematizarlas en una doctrina metaf\u00edsica que se impondr\u00eda universalmente a la raz\u00f3n humana<\/strong>. Vamos a ver como, gracias a la fuerza de la hip\u00f3tesis individual, no existe sacrificio absoluto que no pueda llegar a ser, no solo posible, sino casi f\u00e1cil en determinados casos.<\/span><\/p>\n<p>&nbsp;<\/p>\n<blockquote>\n<p style=\"text-align: center;\"><strong><span style=\"font-size: 14pt; color: #008000;\">Vamos a ver como, gracias a la fuerza de la hip\u00f3tesis individual, no existe sacrificio absoluto que no pueda llegar a ser, no solo posible, sino casi f\u00e1cil en determinados casos.<\/span><\/strong><\/p>\n<\/blockquote>\n<p>&nbsp;<\/p>\n<p><img loading=\"lazy\" decoding=\"async\" class=\"aligncenter wp-image-24626 size-full\" src=\"https:\/\/puntocritico.com\/ausajpuntocritico\/wp-content\/uploads\/2019\/12\/guyeau-9-2.jpg\" alt=\"\" width=\"460\" height=\"258\" data-id=\"24626\" srcset=\"https:\/\/puntocritico.com\/ausajpuntocritico\/wp-content\/uploads\/2019\/12\/guyeau-9-2.jpg 460w, https:\/\/puntocritico.com\/ausajpuntocritico\/wp-content\/uploads\/2019\/12\/guyeau-9-2-300x168.jpg 300w\" sizes=\"auto, (max-width: 460px) 100vw, 460px\" \/><\/p>\n<p style=\"text-align: center;\"><strong><span style=\"color: #008000; font-size: 18pt;\">*******<\/span><\/strong><\/p>\n<blockquote>\n<h3 style=\"text-align: center;\"><span style=\"font-size: 18pt; background-color: #ccffcc;\"><strong>Notas<\/strong><\/span><\/h3>\n<p><a id=\"ref5\"><\/a><span style=\"font-size: 14pt;\"><a href=\"#ref5a\">*<\/a>\u00a0Segunda edici\u00f3n cibern\u00e9tica, enero del 2003 Captura y dise\u00f1o: Chantal L\u00f3pez y Omar Cort\u00e9s<\/span><\/p>\n<p><span style=\"font-size: 14pt;\">Nueva digitalizaci\u00f3n desde la p\u00e1gina\u00a0<a href=\"http:\/\/www.antorcha.net\/\" target=\"_blank\" rel=\"noopener\">www.antorcha.net<\/a>\u00a0Junio de 2009, para formato\u00a0<em>.pdf<\/em>, por\u00a0<strong>R.M<\/strong>.<\/span><\/p>\n<p style=\"text-align: justify;\"><a id=\"ref1\"><\/a><span style=\"font-size: 14pt;\"><a href=\"#ref1a\">[1]<\/a> Moubot, <em>Viaje por los reinos de Siam y de Cambodge<\/em>.<\/span><\/p>\n<p style=\"text-align: justify;\"><a id=\"ref2\"><\/a><span style=\"font-size: 14pt;\"><a href=\"#ref2a\">[2]<\/a> Aun en el fondo de la mayor\u00eda de los criminales, se halla un instinto precioso desde el punto de vista social y que ser\u00eda preciso utilizar: el instinto de aventura. Este podr\u00eda hallar su empleo en las colonias, en el retorno a la vida salvaje.<\/span><\/p>\n<p style=\"text-align: justify;\"><a id=\"ref3\"><\/a><span style=\"font-size: 14pt;\"><a href=\"#ref3a\">[3]<\/a> Los riesgos pueden ir as\u00ed multiplic\u00e1ndose sin cesar e ir envolvi\u00e9ndonos en una red cada vez m\u00e1s cerrada, sin que se pueda, l\u00f3gica y moralmente, retroceder. <\/span><\/p>\n<p style=\"text-align: justify;\"><span style=\"font-size: 14pt;\">La exaltaci\u00f3n de los sentimientos de c\u00f3lera y generosidad crece en igual proporci\u00f3n que el peligro, hace observar con raz\u00f3n <strong>Espinas<\/strong> en las objeciones que nos ha dirigido, sin saber, que, en el fondo, \u00e9ramos de la misma opini\u00f3n en todos esos puntos. (<em>Revue philosophique<\/em>, a\u00f1o 1882, t. II).<\/span><\/p>\n<p style=\"text-align: justify;\"><a id=\"ref4\"><\/a><span style=\"font-size: 14pt;\"><a href=\"#ref4a\">[4]<\/a> Recientemente, en la plaza de <em>los Inv\u00e1lidos<\/em>, en el momento en que un perro rabioso iba a arrojarse sobre unos ni\u00f1os, un hombre corri\u00f3 hacia \u00e9l, lo derrib\u00f3, le parti\u00f3 la columna vertebral y lo arroj\u00f3 al Sena; como se pretendiera curar las numerosas mordeduras que este hombre hab\u00eda recibido, escap\u00f3 a la multitud diciendo que quer\u00eda morir porque su mujer le hab\u00eda destrozado el coraz\u00f3n. <\/span><\/p>\n<p style=\"text-align: justify;\"><span style=\"font-size: 14pt;\">No deber\u00eda haber otra clase de suicidios.\u00a0<\/span><\/p>\n<\/blockquote>\n<p style=\"text-align: justify;\">\u00a0<\/p>\n<p><img loading=\"lazy\" decoding=\"async\" class=\"aligncenter wp-image-2311361\" src=\"https:\/\/puntocritico.com\/ausajpuntocritico\/wp-content\/uploads\/2025\/08\/Jean-Marie_Guyau_-_Morale-187x300.jpg\" alt=\"\" width=\"240\" height=\"385\" srcset=\"https:\/\/puntocritico.com\/ausajpuntocritico\/wp-content\/uploads\/2025\/08\/Jean-Marie_Guyau_-_Morale-187x300.jpg 187w, https:\/\/puntocritico.com\/ausajpuntocritico\/wp-content\/uploads\/2025\/08\/Jean-Marie_Guyau_-_Morale.jpg 296w\" sizes=\"auto, (max-width: 240px) 100vw, 240px\" \/><\/p>\n<p>&nbsp;<\/p>\n<p><a href=\"https:\/\/puntocritico.com\/ausajpuntocritico\/author\/punto-critico\/\"><img loading=\"lazy\" decoding=\"async\" class=\"aligncenter wp-image-48\" src=\"https:\/\/puntocritico.com\/ausajpuntocritico\/wp-content\/uploads\/2016\/11\/Mosca_Punto_Cr\u00edtico_40.png\" alt=\"\" width=\"70\" height=\"70\" data-id=\"48\" \/><\/a><\/p>\n<p>&nbsp;<\/p>\n","protected":false},"excerpt":{"rendered":"<div class=\"mh-excerpt\"><p>\u00daltimos equivalentes posibles del deber para el sostenimiento de la moralidad INDICE de CAPITULOS\u00a0 \u00abESBOZOS DE UNA MORAL SIN SANCI\u00f3N NI OBLIGACI\u00f3N\u00bb, J. M. Guyau &nbsp; *** &nbsp; Esbozos de una moral sin sanci\u00f3n ni <a class=\"mh-excerpt-more\" href=\"https:\/\/puntocritico.com\/ausajpuntocritico\/2025\/10\/26\/ultimos-equivalentes-posibles-del-deber-para-el-sostenimiento-de-la-moralidad-guyau-parte-9\/\" title=\"\u00daLTIMOS EQUIVALENTES POSIBLES DEL DEBER PARA EL SOSTENIMIENTO DE LA MORALIDAD (Esbozos de una moral sin sanci\u00f3n ni obligaci\u00f3n, de Jean-Marie Guyau) PARTE 9\">[&#8230;]<\/a><\/p>\n<\/div>","protected":false},"author":3,"featured_media":24622,"comment_status":"closed","ping_status":"closed","sticky":false,"template":"","format":"standard","meta":{"_acf_changed":false,"_exactmetrics_skip_tracking":false,"_exactmetrics_sitenote_active":false,"_exactmetrics_sitenote_note":"","_exactmetrics_sitenote_category":0,"footnotes":""},"categories":[8],"tags":[180],"class_list":{"0":"post-2312970","1":"post","2":"type-post","3":"status-publish","4":"format-standard","5":"has-post-thumbnail","7":"category-filosofia","8":"tag-guyau"},"acf":[],"_links":{"self":[{"href":"https:\/\/puntocritico.com\/ausajpuntocritico\/wp-json\/wp\/v2\/posts\/2312970","targetHints":{"allow":["GET"]}}],"collection":[{"href":"https:\/\/puntocritico.com\/ausajpuntocritico\/wp-json\/wp\/v2\/posts"}],"about":[{"href":"https:\/\/puntocritico.com\/ausajpuntocritico\/wp-json\/wp\/v2\/types\/post"}],"author":[{"embeddable":true,"href":"https:\/\/puntocritico.com\/ausajpuntocritico\/wp-json\/wp\/v2\/users\/3"}],"replies":[{"embeddable":true,"href":"https:\/\/puntocritico.com\/ausajpuntocritico\/wp-json\/wp\/v2\/comments?post=2312970"}],"version-history":[{"count":0,"href":"https:\/\/puntocritico.com\/ausajpuntocritico\/wp-json\/wp\/v2\/posts\/2312970\/revisions"}],"wp:featuredmedia":[{"embeddable":true,"href":"https:\/\/puntocritico.com\/ausajpuntocritico\/wp-json\/wp\/v2\/media\/24622"}],"wp:attachment":[{"href":"https:\/\/puntocritico.com\/ausajpuntocritico\/wp-json\/wp\/v2\/media?parent=2312970"}],"wp:term":[{"taxonomy":"category","embeddable":true,"href":"https:\/\/puntocritico.com\/ausajpuntocritico\/wp-json\/wp\/v2\/categories?post=2312970"},{"taxonomy":"post_tag","embeddable":true,"href":"https:\/\/puntocritico.com\/ausajpuntocritico\/wp-json\/wp\/v2\/tags?post=2312970"}],"curies":[{"name":"wp","href":"https:\/\/api.w.org\/{rel}","templated":true}]}}