{"id":2312688,"date":"2025-10-27T00:05:58","date_gmt":"2025-10-26T23:05:58","guid":{"rendered":"https:\/\/puntocritico.com\/ausajpuntocritico\/?p=2312688"},"modified":"2025-10-24T18:32:01","modified_gmt":"2025-10-24T16:32:01","slug":"anaximenes-anaxagoras-y-anaximandro-por-joaquin-callabed","status":"publish","type":"post","link":"https:\/\/puntocritico.com\/ausajpuntocritico\/2025\/10\/27\/anaximenes-anaxagoras-y-anaximandro-por-joaquin-callabed\/","title":{"rendered":"Anax\u00edmenes, Anax\u00e1goras y Anaximandro, por Joaqu\u00edn Callabed"},"content":{"rendered":"<p style=\"text-align: justify;\"><span style=\"font-size: 14pt; color: #008000;\">Anax\u00edmenes, Anax\u00e1goras y Anaximandro<\/span><\/p>\n\n<p>&nbsp;<\/p>\n<div class=\"article-top-titles\">\n<div class=\"title-container\">\n<blockquote>\n<h2 class=\"title\" style=\"text-align: center;\"><span style=\"font-size: 24pt;\">La influencia de Oriente en la Antigua Grecia<\/span><\/h2>\n<\/blockquote>\n<\/div>\n<\/div>\n<blockquote>\n<div class=\"epigraph-container\" data-gtm-element-container=\"modulo-texto-link\" data-mrf-recirculation=\"Ep\u00edgrafe noticia\">\n<p class=\"epigraph\" style=\"text-align: center;\"><span style=\"font-size: 14pt;\"><strong><em>Las divinidades prehel\u00e9nicas debieron modelar h\u00e1bitos y ritos para hacerlos aceptables a las tribus invasoras<\/em><\/strong><\/span><\/p>\n<div class=\"article-media-main\" style=\"text-align: justify;\"><span style=\"font-size: 14pt;\">Por <a href=\"https:\/\/puntocritico.com\/ausajpuntocritico\/2024\/03\/29\/la-utilidad-del-racionalismo-de-spinoza-por-joaquin-callabed\/\" target=\"_blank\" rel=\"noopener\" data-schema-attribute=\"\">Joaqu\u00edn Callabed<\/a><\/span><\/div>\n<div style=\"text-align: justify;\"><span style=\"font-size: 14pt;\"><a href=\"https:\/\/www.lavanguardia.com\/participacion\/red-lectores\/20250611\/10772361\/influencia-oriente-antigua-grecia.html\" target=\"_blank\" rel=\"noopener\">La Vanguardia<\/a>, 11 JUNIO 2025<\/span><\/div>\n<div>\u00a0<\/div>\n<\/div>\n<figure id=\"attachment_2312692\" aria-describedby=\"caption-attachment-2312692\" style=\"width: 480px\" class=\"wp-caption aligncenter\"><img loading=\"lazy\" decoding=\"async\" class=\"wp-image-2312692\" src=\"https:\/\/puntocritico.com\/ausajpuntocritico\/wp-content\/uploads\/2025\/10\/Loggia-di-Psiche-300x118.jpeg\" alt=\"Anax\u00edmenes\" width=\"480\" height=\"188\" srcset=\"https:\/\/puntocritico.com\/ausajpuntocritico\/wp-content\/uploads\/2025\/10\/Loggia-di-Psiche-300x118.jpeg 300w, https:\/\/puntocritico.com\/ausajpuntocritico\/wp-content\/uploads\/2025\/10\/Loggia-di-Psiche-1024x402.jpeg 1024w, https:\/\/puntocritico.com\/ausajpuntocritico\/wp-content\/uploads\/2025\/10\/Loggia-di-Psiche-768x301.jpeg 768w, https:\/\/puntocritico.com\/ausajpuntocritico\/wp-content\/uploads\/2025\/10\/Loggia-di-Psiche.jpeg 1257w\" sizes=\"auto, (max-width: 480px) 100vw, 480px\" \/><figcaption id=\"caption-attachment-2312692\" class=\"wp-caption-text\"><span style=\"color: #008000;\">Loggia di Psiche, 1518-19, fresco de Rafael. En imagen, secci\u00f3n del techo donde se representa el concilio de los dioses, principalmente los doce ol\u00edmpicos, recibiendo a Psique.\u00a0<\/span><\/figcaption><\/figure>\n<p>&nbsp;<\/p>\n<p class=\"paragraph\" style=\"text-align: justify;\" data-gtm-element-container=\"modulo-texto-link\" data-mrf-recirculation=\"Enlaces en p\u00e1rrafos\"><span style=\"font-size: 14pt;\">El car\u00e1cter humano de los dioses de Grecia puede ser el resultado de invasiones de otros pueblos. Las divinidades prehel\u00e9nicas debieron modelar sus h\u00e1bitos y ritos para hacerlos aceptables a las tribus invasoras y a los dioses de los reci\u00e9n llegados. Los dioses griegos presididos por <strong>Zeus<\/strong> juegan, disputan y se abrazan como simples mortales de la tierra.<\/span><\/p>\n<p class=\"paragraph\" style=\"text-align: justify;\" data-gtm-element-container=\"modulo-texto-link\" data-mrf-recirculation=\"Enlaces en p\u00e1rrafos\"><span style=\"font-size: 14pt;\">La desobediencia obliga a <strong>Zeus<\/strong> a castigar al culpable lanz\u00e1ndole al abismo o atarlo a una roca. A veces los dioses celestes dejan la mansi\u00f3n celeste y se unen a los mortales y engendran dioses o semidioses que son admitidos en el <em>Olimpo<\/em>. El resto de los mortales pasan a una mansi\u00f3n subterr\u00e1nea, el <em>Hades<\/em>, donde se mueven como sombras con el aspecto de sus propios cuerpos y con el mismo alma de vivos pero sin memoria e incapaces de intervenir en los sucesos que ocurren en la Tierra.<\/span><\/p>\n<p data-gtm-element-container=\"modulo-texto-link\" data-mrf-recirculation=\"Enlaces en p\u00e1rrafos\">\u00a0<\/p>\n<figure id=\"attachment_2312693\" aria-describedby=\"caption-attachment-2312693\" style=\"width: 360px\" class=\"wp-caption aligncenter\"><img loading=\"lazy\" decoding=\"async\" class=\"wp-image-2312693\" src=\"https:\/\/puntocritico.com\/ausajpuntocritico\/wp-content\/uploads\/2025\/10\/Zeus-en-Olimpia-300x244.jpeg\" alt=\"\" width=\"360\" height=\"293\" srcset=\"https:\/\/puntocritico.com\/ausajpuntocritico\/wp-content\/uploads\/2025\/10\/Zeus-en-Olimpia-300x244.jpeg 300w, https:\/\/puntocritico.com\/ausajpuntocritico\/wp-content\/uploads\/2025\/10\/Zeus-en-Olimpia.jpeg 566w\" sizes=\"auto, (max-width: 360px) 100vw, 360px\" \/><figcaption id=\"caption-attachment-2312693\" class=\"wp-caption-text\"><span style=\"color: #008000;\">Grabado de 1572 de la estatua de Zeus en Olimpia. En el a\u00f1o 394, fue transportada a Constantinopla (actual Estambul), donde se dice que fue destruida por un incendio. Dominio P\u00fablico<\/span><\/figcaption><\/figure>\n<p data-gtm-element-container=\"modulo-texto-link\" data-mrf-recirculation=\"Enlaces en p\u00e1rrafos\">\u00a0<\/p>\n<p class=\"paragraph\" style=\"text-align: justify;\" data-gtm-element-container=\"modulo-texto-link\" data-mrf-recirculation=\"Enlaces en p\u00e1rrafos\"><span style=\"font-size: 14pt;\">Aparecen los dioses por primera vez en la obra de <strong>Homero<\/strong> que cree firmemente en las divinidades del <em>Olimpo<\/em>. Sabemos muy poco del origen de los dioses de Grecia no pudiendo ver la aparici\u00f3n y evoluci\u00f3n del mito con la claridad que presenta el mito de <em>Osiris<\/em> en Egipto y de los dioses de <em>Caldea<\/em> y <em>Asiria<\/em> documentadas desde 4.000 a\u00f1os a.C.<\/span><\/p>\n<p class=\"paragraph\" style=\"text-align: justify;\" data-gtm-element-container=\"modulo-texto-link\" data-mrf-recirculation=\"Enlaces en p\u00e1rrafos\"><span style=\"font-size: 14pt;\">No disponemos de ning\u00fan documento literario anterior a <strong>Homero<\/strong> ni inscripci\u00f3n anterior al siglo VIII por lo que el origen de los dioses griegos est\u00e1n llenos de conjeturas.<\/span><\/p>\n<p class=\"paragraph\" style=\"text-align: justify;\" data-gtm-element-container=\"modulo-texto-link\" data-mrf-recirculation=\"Enlaces en p\u00e1rrafos\"><span style=\"font-size: 14pt;\">Los dioses hel\u00e9nicos est\u00e1n reunidos en grupos de tres hermanos que se han repartido el universo: <strong>Zeus<\/strong> posee la Tierra con el firmamento, <strong>Poseidon<\/strong> el oc\u00e9ano y <strong>Hades<\/strong> el mundo subterr\u00e1neo. <strong>Ares<\/strong> y <strong>Afrodita<\/strong> (<em><strong>Marte<\/strong> y <strong>Venus<\/strong> para los romanos<\/em>) aparecen tambi\u00e9n asociados en sus afinidades y discrepancias.<\/span><\/p>\n<p class=\"paragraph\" style=\"text-align: justify;\" data-gtm-element-container=\"modulo-texto-link\" data-mrf-recirculation=\"Enlaces en p\u00e1rrafos\"><span style=\"font-size: 14pt;\">En la mitolog\u00eda griega hay antecedentes y reliquias de otras religiones primitivas. El \u00e1guila de <strong>Zeus<\/strong>, la lechuza de <strong>Atenea<\/strong>, la cierva de <strong>Artemis<\/strong>, el delf\u00edn de <strong>Poseidon<\/strong> o la paloma de <strong>Afrodita<\/strong> seg\u00fan algunos estudiosos debieron ser <strong><em>totems<\/em><\/strong>(<em>emblemas protectores de familias o tribus<\/em>) que con el tiempo se convirtieron en divinidades con figura humana.<\/span><\/p>\n<p class=\"paragraph\" style=\"text-align: justify;\" data-gtm-element-container=\"modulo-texto-link\" data-mrf-recirculation=\"Enlaces en p\u00e1rrafos\"><span style=\"font-size: 14pt;\">Tambi\u00e9n algunos dioses se transforman en animales. <strong>Zeus<\/strong> para seducir a <strong>Leda<\/strong> se transforma en cisne que pudiera ser de una tribu que ten\u00eda al cisne por <em><strong>totem<\/strong><\/em>, que posteriormente identific\u00f3 a <strong>Zeus<\/strong> como padre de los dioses.<\/span><\/p>\n<p data-gtm-element-container=\"modulo-texto-link\" data-mrf-recirculation=\"Enlaces en p\u00e1rrafos\">\u00a0<\/p>\n<h3 class=\"subtitle\" style=\"text-align: center;\"><span style=\"font-size: 18pt;\">El Olimpo griego<\/span><\/h3>\n<figure id=\"attachment_2312694\" aria-describedby=\"caption-attachment-2312694\" style=\"width: 440px\" class=\"wp-caption aligncenter\"><img loading=\"lazy\" decoding=\"async\" class=\"wp-image-2312694\" src=\"https:\/\/puntocritico.com\/ausajpuntocritico\/wp-content\/uploads\/2025\/10\/Monte-Olimpo-300x200.jpeg\" alt=\"\" width=\"440\" height=\"293\" srcset=\"https:\/\/puntocritico.com\/ausajpuntocritico\/wp-content\/uploads\/2025\/10\/Monte-Olimpo-300x200.jpeg 300w, https:\/\/puntocritico.com\/ausajpuntocritico\/wp-content\/uploads\/2025\/10\/Monte-Olimpo.jpeg 566w\" sizes=\"auto, (max-width: 440px) 100vw, 440px\" \/><figcaption id=\"caption-attachment-2312694\" class=\"wp-caption-text\"><span style=\"color: #008000;\">Imagen de la cima del Monte Olimpo, la monta\u00f1a m\u00e1s alta de Grecia.\u00a0<\/span><\/figcaption><\/figure>\n<p data-gtm-element-container=\"modulo-texto-link\" data-mrf-recirculation=\"Enlaces en p\u00e1rrafos\">\u00a0<\/p>\n<p class=\"paragraph\" style=\"text-align: justify;\" data-gtm-element-container=\"modulo-texto-link\" data-mrf-recirculation=\"Enlaces en p\u00e1rrafos\"><span style=\"font-size: 14pt;\">En el Olimpo griego hay una superposici\u00f3n de mitos procedentes de varias culturas.\u00a0<strong>Afrodita<\/strong> es la <strong>Astart\u00e9<\/strong> fenicia que a su ves es la <strong>Ishtar<\/strong> babil\u00f3nica; <strong>Heracles<\/strong> es <strong>Melkart<\/strong>, el <strong>Baal<\/strong> de <em>Tiro<\/em>; <strong>Adonis<\/strong> es tambi\u00e9n un dios fenicio de la regi\u00f3n de L\u00edbano.<\/span><\/p>\n<p class=\"paragraph\" style=\"text-align: justify;\" data-gtm-element-container=\"modulo-texto-link\" data-mrf-recirculation=\"Enlaces en p\u00e1rrafos\"><span style=\"font-size: 14pt;\">La influencia fenicia fue importante. La tradici\u00f3n recuerda la llegada de los patriarcas fenicios <strong>Danao<\/strong> y <strong>Cadmio<\/strong> que se establecieron en Beocia con sus tribus.<\/span><\/p>\n<p data-gtm-element-container=\"modulo-texto-link\" data-mrf-recirculation=\"Enlaces en p\u00e1rrafos\">\u00a0<\/p>\n<p data-gtm-element-container=\"modulo-texto-link\" data-mrf-recirculation=\"Enlaces en p\u00e1rrafos\"><a href=\"https:\/\/puntocritico.com\/ausajpuntocritico\/2023\/11\/06\/lucha-por-ser-feliz-versos-aureos-pitagoras-luz-de-occidente-por-josefina-maynade\/\" target=\"_blank\" rel=\"noopener\" data-schema-attribute=\"\"><img loading=\"lazy\" decoding=\"async\" class=\"aligncenter wp-image-24560\" src=\"https:\/\/puntocritico.com\/ausajpuntocritico\/wp-content\/uploads\/2019\/11\/Pitagoras-principal-OK-300x169.jpg\" alt=\"\" width=\"480\" height=\"270\" srcset=\"https:\/\/puntocritico.com\/ausajpuntocritico\/wp-content\/uploads\/2019\/11\/Pitagoras-principal-OK-300x169.jpg 300w, https:\/\/puntocritico.com\/ausajpuntocritico\/wp-content\/uploads\/2019\/11\/Pitagoras-principal-OK.jpg 678w\" sizes=\"auto, (max-width: 480px) 100vw, 480px\" \/><\/a><\/p>\n<h3 class=\"subtitle\" style=\"text-align: center;\"><span style=\"font-size: 18pt;\">Origen oriental de los dioses<\/span><\/h3>\n<p class=\"paragraph\" style=\"text-align: justify;\" data-gtm-element-container=\"modulo-texto-link\" data-mrf-recirculation=\"Enlaces en p\u00e1rrafos\"><span style=\"font-size: 14pt;\">Es un aspecto muy frecuente en la historia de las religiones. El <em><strong>Zeus-padre<\/strong><\/em> parece ser el <em><strong>Diaus-Pitar<\/strong><\/em> (<em>padre de los cielos<\/em>) de los arios en la India; <strong>Apolo<\/strong>, el dios predilecto de los dorios es probable que sea el dios celta <strong>Belenius<\/strong>. <\/span><\/p>\n<p class=\"paragraph\" style=\"text-align: justify;\" data-gtm-element-container=\"modulo-texto-link\" data-mrf-recirculation=\"Enlaces en p\u00e1rrafos\"><span style=\"font-size: 14pt;\"><strong>Apolo<\/strong> se convierte en el protector de las artes y el que preside el coro de las musas pero en el siglo VIII a.C. es solo un arquero invencible que lanza flechas o rayos solares a veces tan intensos que matan por insolaci\u00f3n a los dorios, no acostumbrados a los climas del sur. Conquista para s\u00ed el <em><strong>santuario de Delfos<\/strong><\/em> que estaba dedicado a <strong>Gea<\/strong>, la diosa de la tierra que lo abandona y no se atreve a luchar con el reci\u00e9n llegado. Con su arco y flechas estaba representado en el santuario d\u00f3rico de <em><strong>Amiclea<\/strong><\/em>, cerca de Esparta.<\/span><\/p>\n<p class=\"paragraph\" style=\"text-align: justify;\" data-gtm-element-container=\"modulo-texto-link\" data-mrf-recirculation=\"Enlaces en p\u00e1rrafos\"><span style=\"font-size: 14pt;\">A las tres divinidades masculinas estaban dedicadas los <em><strong>santuarios d\u00f3ricos<\/strong><\/em> (<em>una de las cuatro tribus de Grecia junto a los aqueos, los jonios y los eolios<\/em>) donde se celebraban los juegos nacionales: el de <em>Olimpia<\/em> a <strong>Zeus<\/strong>, el de <em>Delfos<\/em> a <strong>Apolo<\/strong> y los de <em>Nemea<\/em> y <em>Corinto<\/em> a <strong>Heracles<\/strong>.<\/span><\/p>\n<p data-gtm-element-container=\"modulo-texto-link\" data-mrf-recirculation=\"Enlaces en p\u00e1rrafos\">\u00a0<\/p>\n<figure id=\"attachment_2312695\" aria-describedby=\"caption-attachment-2312695\" style=\"width: 330px\" class=\"wp-caption aligncenter\"><img loading=\"lazy\" decoding=\"async\" class=\"wp-image-2312695\" src=\"https:\/\/puntocritico.com\/ausajpuntocritico\/wp-content\/uploads\/2025\/10\/Tripode-Oracular-en-el-centro-Apolo-a-la-izquierda-300x272.jpeg\" alt=\"\" width=\"330\" height=\"300\" srcset=\"https:\/\/puntocritico.com\/ausajpuntocritico\/wp-content\/uploads\/2025\/10\/Tripode-Oracular-en-el-centro-Apolo-a-la-izquierda-300x272.jpeg 300w, https:\/\/puntocritico.com\/ausajpuntocritico\/wp-content\/uploads\/2025\/10\/Tripode-Oracular-en-el-centro-Apolo-a-la-izquierda.jpeg 566w\" sizes=\"auto, (max-width: 330px) 100vw, 330px\" \/><figcaption id=\"caption-attachment-2312695\" class=\"wp-caption-text\"><span style=\"color: #008000;\">Tr\u00edpode Oracular en el centro, Apolo a la izquierda. Dominio P\u00fablico<\/span><\/figcaption><\/figure>\n<p data-gtm-element-container=\"modulo-texto-link\" data-mrf-recirculation=\"Enlaces en p\u00e1rrafos\">\u00a0<\/p>\n<p class=\"paragraph\" style=\"text-align: justify;\" data-gtm-element-container=\"modulo-texto-link\" data-mrf-recirculation=\"Enlaces en p\u00e1rrafos\"><span style=\"font-size: 14pt;\">Tambi\u00e9n colaboraron las culturas minoica y mic\u00e9nica en las ideas religiosas de la Grecia cl\u00e1sica.\u00a0La divinidad de <em>Creta<\/em> y de <em>Micenas<\/em> estaba simbolizada por\u00a0<strong><i>El pilar y el hacha<\/i><\/strong>\u00a0y era la personificaci\u00f3n del principio femenino que favorece las cr\u00edas de animales, hace reverdecer los campos, nos da sus frutos y posiblemente reina en el mundo subterr\u00e1neo adonde van las almas de los escogidos despu\u00e9s de la muerte.<\/span><\/p>\n<p class=\"paragraph\" style=\"text-align: justify;\" data-gtm-element-container=\"modulo-texto-link\" data-mrf-recirculation=\"Enlaces en p\u00e1rrafos\"><span style=\"font-size: 14pt;\">Esta diosa parece haberse desdoblado en varias divinidades femeninas de la Grecia cl\u00e1sica. <strong>Hera<\/strong> (<strong><em>Juno<\/em><\/strong>), <strong>Artemis<\/strong> (<strong><em>Diana<\/em><\/strong>), <strong>Demeter<\/strong> (<strong><em>Ceres<\/em><\/strong>) y quiz\u00e1 <strong>Atenea<\/strong> (<strong><em>Minerva<\/em><\/strong>). Se sabe que el templo de los griegos que era el mas antiguo de Grecia, el de <strong>Hera<\/strong> en <em>Argos<\/em> fue de origen pre-hel\u00e9nico.<\/span><\/p>\n<p class=\"paragraph\" style=\"text-align: justify;\" data-gtm-element-container=\"modulo-texto-link\" data-mrf-recirculation=\"Enlaces en p\u00e1rrafos\"><span style=\"font-size: 14pt;\">En Olimpia el templo dedicado a <strong>Zeus<\/strong> (<strong><em>J\u00fapiter<\/em><\/strong>) era relativamente moderno. Hab\u00eda en <em>Olimpia<\/em> otro mas antiguo, el de <strong>Hera<\/strong>. Mas antigua era la leyenda de que en aquel lugar se hab\u00eda levantado la residencia real del h\u00e9roe prehel\u00e9nico <strong>Pelops<\/strong> (<em>rey de Pisa y h\u00e9roe ep\u00f3nimo que dio nombre al Peloponeso<\/em>) .<\/span><\/p>\n<p class=\"paragraph\" style=\"text-align: justify;\" data-gtm-element-container=\"modulo-texto-link\" data-mrf-recirculation=\"Enlaces en p\u00e1rrafos\"><span style=\"font-size: 14pt;\">Algo similar sucede con <strong>Atenea<\/strong> (<strong><em>Minerva<\/em><\/strong>). El mismo nombre de <strong>Atenea<\/strong> parece indicar que era la divinidad femenina de los reyes de Atenas. Mas tarde se trat\u00f3 de sustituirla por <strong>Poseidon<\/strong> quien ofreci\u00f3 agua salada en lugar del olivo que hab\u00eda dado <strong>Atenea<\/strong>. La deidad venci\u00f3 y despu\u00e9s de esta prueba qued\u00f3 aceptada como una deidad virgen y guerrera.<\/span><\/p>\n<p class=\"paragraph\" style=\"text-align: justify;\" data-gtm-element-container=\"modulo-texto-link\" data-mrf-recirculation=\"Enlaces en p\u00e1rrafos\"><span style=\"font-size: 14pt;\"><strong>Pers\u00e9fone<\/strong> fue encontrada en Creta con un vestido cubierto de serpientes. Es la <strong>Pers\u00e9fone<\/strong> griega que los romanos llamaron <strong>Proserpina<\/strong>.<\/span><\/p>\n<p class=\"paragraph\" style=\"text-align: justify;\" data-gtm-element-container=\"modulo-texto-link\" data-mrf-recirculation=\"Enlaces en p\u00e1rrafos\"><span style=\"font-size: 14pt;\">La <em><strong>columna de Micenas <\/strong><\/em>es el s\u00edmbolo de la misma diosa de Creta. Despu\u00e9s de la invasi\u00f3n d\u00f3rica aparecen estatuas de una diosa en su trono o en su carro tirado por leones o serpientes lo que indica que los dioses dorios no pudieron vencer por completo a una diosa subterr\u00e1nea de Creta y Micenas.<\/span><\/p>\n<p data-gtm-element-container=\"modulo-texto-link\" data-mrf-recirculation=\"Enlaces en p\u00e1rrafos\">\u00a0<\/p>\n<figure id=\"attachment_2313622\" aria-describedby=\"caption-attachment-2313622\" style=\"width: 480px\" class=\"wp-caption aligncenter\"><img loading=\"lazy\" decoding=\"async\" class=\"wp-image-2313622\" src=\"https:\/\/puntocritico.com\/ausajpuntocritico\/wp-content\/uploads\/2025\/10\/Puerta-de-los-leones-de-Micenas-300x169.jpg\" alt=\"\" width=\"480\" height=\"270\" srcset=\"https:\/\/puntocritico.com\/ausajpuntocritico\/wp-content\/uploads\/2025\/10\/Puerta-de-los-leones-de-Micenas-300x169.jpg 300w, https:\/\/puntocritico.com\/ausajpuntocritico\/wp-content\/uploads\/2025\/10\/Puerta-de-los-leones-de-Micenas.jpg 540w\" sizes=\"auto, (max-width: 480px) 100vw, 480px\" \/><figcaption id=\"caption-attachment-2313622\" class=\"wp-caption-text\"><span style=\"color: #008000;\">Puerta de los leones (Micenas)<\/span><\/figcaption><\/figure><\/blockquote>\n<blockquote>\n<h3 class=\"subtitle\" style=\"text-align: center;\"><span style=\"font-size: 18pt;\">Or\u00e1culos\u00a0<\/span><\/h3>\n<p class=\"paragraph\" style=\"text-align: justify;\" data-gtm-element-container=\"modulo-texto-link\" data-mrf-recirculation=\"Enlaces en p\u00e1rrafos\"><span style=\"font-size: 14pt;\">En los or\u00e1culos y misterios es donde encontramos m\u00e1s supervivencia del culto prehel\u00e9nico.\u00a0<\/span><\/p>\n<p data-gtm-element-container=\"modulo-texto-link\" data-mrf-recirculation=\"Enlaces en p\u00e1rrafos\">\u00a0<\/p>\n<figure id=\"attachment_2313621\" aria-describedby=\"caption-attachment-2313621\" style=\"width: 360px\" class=\"wp-caption aligncenter\"><a href=\"https:\/\/es.wikipedia.org\/wiki\/Dodona\" target=\"_blank\" rel=\"noopener\" data-schema-attribute=\"\"><img loading=\"lazy\" decoding=\"async\" class=\"wp-image-2313621\" src=\"https:\/\/puntocritico.com\/ausajpuntocritico\/wp-content\/uploads\/2025\/10\/500px-Dodona-Greece-April-2008-107-300x225.jpg\" alt=\"\" width=\"360\" height=\"270\" srcset=\"https:\/\/puntocritico.com\/ausajpuntocritico\/wp-content\/uploads\/2025\/10\/500px-Dodona-Greece-April-2008-107-300x225.jpg 300w, https:\/\/puntocritico.com\/ausajpuntocritico\/wp-content\/uploads\/2025\/10\/500px-Dodona-Greece-April-2008-107-326x245.jpg 326w, https:\/\/puntocritico.com\/ausajpuntocritico\/wp-content\/uploads\/2025\/10\/500px-Dodona-Greece-April-2008-107-80x60.jpg 80w, https:\/\/puntocritico.com\/ausajpuntocritico\/wp-content\/uploads\/2025\/10\/500px-Dodona-Greece-April-2008-107.jpg 500w\" sizes=\"auto, (max-width: 360px) 100vw, 360px\" \/><\/a><figcaption id=\"caption-attachment-2313621\" class=\"wp-caption-text\"><span style=\"color: #008000;\">Santuario de\u00a0Dodona<\/span><\/figcaption><\/figure>\n<h4 style=\"text-align: justify;\"><span style=\"font-size: 14pt;\"><strong>Santuario de\u00a0Dodona<\/strong><\/span><\/h4>\n<p class=\"paragraph\" style=\"text-align: justify;\" data-gtm-element-container=\"modulo-texto-link\" data-mrf-recirculation=\"Enlaces en p\u00e1rrafos\"><span style=\"font-size: 14pt;\">En <em><strong>Dodona <\/strong><\/em>hab\u00eda un santuario prehist\u00f3rico de la diosa prehel\u00e9nica especializado en augurios al que <strong>Aquiles<\/strong> recita una oraci\u00f3n pero no la eleva al <strong>Zeus Ol\u00edmpico<\/strong> sino al <strong>Zeus de Dodona<\/strong>.\u00a0<\/span><\/p>\n<p class=\"paragraph\" style=\"text-align: justify;\" data-gtm-element-container=\"modulo-texto-link\" data-mrf-recirculation=\"Enlaces en p\u00e1rrafos\"><span style=\"font-size: 14pt;\">Este santuario de Beocia interpreta el rumor que produc\u00edan los robles de las cercan\u00edas al agitarlos el viento. Hay referencias de que hubo en <em><strong>Dodona <\/strong><\/em>sacerdotisas llamadas \u201c<em><strong>palomas<\/strong><\/em>\u201d que para adivinar el porvenir se val\u00edan del vuelo de las palomas en lugar de los rumores de los \u00e1rboles.<\/span><\/p>\n<p data-gtm-element-container=\"modulo-texto-link\" data-mrf-recirculation=\"Enlaces en p\u00e1rrafos\">\u00a0<\/p>\n<figure id=\"attachment_1476246\" aria-describedby=\"caption-attachment-1476246\" style=\"width: 360px\" class=\"wp-caption aligncenter\"><img loading=\"lazy\" decoding=\"async\" class=\"wp-image-1476246\" src=\"https:\/\/puntocritico.com\/ausajpuntocritico\/wp-content\/uploads\/2020\/12\/Delfos-300x246.jpg\" alt=\"\" width=\"360\" height=\"296\" srcset=\"https:\/\/puntocritico.com\/ausajpuntocritico\/wp-content\/uploads\/2020\/12\/Delfos-300x246.jpg 300w, https:\/\/puntocritico.com\/ausajpuntocritico\/wp-content\/uploads\/2020\/12\/Delfos.jpg 391w\" sizes=\"auto, (max-width: 360px) 100vw, 360px\" \/><figcaption id=\"caption-attachment-1476246\" class=\"wp-caption-text\"><span style=\"color: #008000;\">Delfos<\/span><\/figcaption><\/figure>\n<h4 style=\"text-align: justify;\"><span style=\"font-size: 14pt;\"><strong>Or\u00e1culo de Delfos\u00a0<\/strong><\/span><\/h4>\n<p class=\"paragraph\" style=\"text-align: justify;\" data-gtm-element-container=\"modulo-texto-link\" data-mrf-recirculation=\"Enlaces en p\u00e1rrafos\"><span style=\"font-size: 14pt;\">La tradici\u00f3n cuenta que una vez un reba\u00f1o de cabras paciendo, al aspirar los vapores que sal\u00edan emitieron extra\u00f1os validos que llamaron la atenci\u00f3n de los cabreros. Uno de ellos se acerc\u00f3 a la gruta y comenz\u00f3 a profetizar.\u00a0<\/span><\/p>\n<p class=\"paragraph\" style=\"text-align: justify;\" data-gtm-element-container=\"modulo-texto-link\" data-mrf-recirculation=\"Enlaces en p\u00e1rrafos\"><span style=\"font-size: 14pt;\">La fama de Delfos se extendi\u00f3 y se nombr\u00f3 a una profetisa. Todo suced\u00eda antes de la llegada de los dorios y antes de la conquista del santuario por <strong>Apolo<\/strong> pues el santuario se llamaba entonces <em><strong>Santuario de la Tierra<\/strong><\/em>.<\/span><\/p>\n<p class=\"paragraph\" style=\"text-align: justify;\" data-gtm-element-container=\"modulo-texto-link\" data-mrf-recirculation=\"Enlaces en p\u00e1rrafos\"><span style=\"font-size: 14pt;\">Seg\u00fan <strong>Pausanias<\/strong> el <em><strong>or\u00e1culo de delfos<\/strong><\/em> fue instituido por un tal <strong>Oleno<\/strong>, \u00ab<em>el primer profeta de Apolo, el primero en cantar en versos antiguos<\/em>\u201d.<\/span><\/p>\n<p class=\"paragraph\" style=\"text-align: justify;\" data-gtm-element-container=\"modulo-texto-link\" data-mrf-recirculation=\"Enlaces en p\u00e1rrafos\"><span style=\"font-size: 14pt;\"><strong>Apolo<\/strong> es probablemente el segundo en ocupar el santuario y su fortuna all\u00ed fue r\u00e1pida. <strong>Pausanias<\/strong> recuerda cinco templos de <strong>Apolo<\/strong> en lugar del or\u00e1culo de Delfos.<\/span><\/p>\n<p data-gtm-element-container=\"modulo-texto-link\" data-mrf-recirculation=\"Enlaces en p\u00e1rrafos\">\u00a0<\/p>\n<figure id=\"attachment_2312698\" aria-describedby=\"caption-attachment-2312698\" style=\"width: 330px\" class=\"wp-caption aligncenter\"><img loading=\"lazy\" decoding=\"async\" class=\"wp-image-2312698\" src=\"https:\/\/puntocritico.com\/ausajpuntocritico\/wp-content\/uploads\/2025\/10\/Orestes-en-Delfos-300x300.jpeg\" alt=\"\" width=\"330\" height=\"330\" srcset=\"https:\/\/puntocritico.com\/ausajpuntocritico\/wp-content\/uploads\/2025\/10\/Orestes-en-Delfos-300x300.jpeg 300w, https:\/\/puntocritico.com\/ausajpuntocritico\/wp-content\/uploads\/2025\/10\/Orestes-en-Delfos-150x150.jpeg 150w, https:\/\/puntocritico.com\/ausajpuntocritico\/wp-content\/uploads\/2025\/10\/Orestes-en-Delfos-768x768.jpeg 768w, https:\/\/puntocritico.com\/ausajpuntocritico\/wp-content\/uploads\/2025\/10\/Orestes-en-Delfos.jpeg 1024w\" sizes=\"auto, (max-width: 330px) 100vw, 330px\" \/><figcaption id=\"caption-attachment-2312698\" class=\"wp-caption-text\"><span style=\"color: #008000;\">Orestes en Delfos; cr\u00e1tera con figuras rojas, 330 a. C.<\/span><\/figcaption><\/figure>\n<p data-gtm-element-container=\"modulo-texto-link\" data-mrf-recirculation=\"Enlaces en p\u00e1rrafos\">\u00a0<\/p>\n<p class=\"paragraph\" style=\"text-align: justify;\" data-gtm-element-container=\"modulo-texto-link\" data-mrf-recirculation=\"Enlaces en p\u00e1rrafos\"><span style=\"font-size: 14pt;\">En el friso del or\u00e1culo de Delfos se le\u00eda la famosa inscripci\u00f3n \u201c<a href=\"https:\/\/puntocritico.com\/ausajpuntocritico\/2025\/10\/01\/conocete-a-ti-mismo-por-rene-guenon\/\" target=\"_blank\" rel=\"noopener\" data-schema-attribute=\"\"><strong><em>con\u00f3cete a ti mismo<\/em><\/strong><\/a>\u201d, considerada como una de las mejores lecciones de la antig\u00fcedad. Las profetisas recomendaban prudencia y emit\u00edan sentencias en prosa y en verso.<\/span><\/p>\n<p class=\"paragraph\" style=\"text-align: justify;\" data-gtm-element-container=\"modulo-texto-link\" data-mrf-recirculation=\"Enlaces en p\u00e1rrafos\"><span style=\"font-size: 14pt;\">Las profetisas deb\u00edan ser v\u00edrgenes y con \u201c buen ag\u00fcero\u201d, que surg\u00eda y se expresaba mojando la cabeza de una cabra (<em>si la cabra temblaba y sacud\u00eda los miembros era un buen ag\u00fcero, si permanec\u00eda inm\u00f3vil era mal ag\u00fcero y la doncella renunciaba a ejercer el ministerio prof\u00e9tico<\/em>).<\/span><\/p>\n<p class=\"paragraph\" style=\"text-align: justify;\" data-gtm-element-container=\"modulo-texto-link\" data-mrf-recirculation=\"Enlaces en p\u00e1rrafos\"><span style=\"font-size: 14pt;\">A Delfos acud\u00edan monarcas extranjeros como <strong>Giges<\/strong>, <a href=\"https:\/\/puntocritico.com\/ausajpuntocritico\/2023\/03\/05\/de-la-cronica-de-las-primeras-edades-de-los-griegos-primera-parte\/\" target=\"_blank\" rel=\"noopener\" data-schema-attribute=\"\"><strong>Midas<\/strong><\/a>, <strong>Creso<\/strong> y hasta el <strong><em>fara\u00f3n<\/em> Amasis<\/strong> de Egipto. <a href=\"https:\/\/puntocritico.com\/ausajpuntocritico\/2020\/05\/09\/socrates-1970-de-roberto-rossellini\/\" target=\"_blank\" rel=\"noopener\" data-schema-attribute=\"\"><strong>S\u00f3crates<\/strong><\/a> y <a href=\"https:\/\/puntocritico.com\/ausajpuntocritico\/2023\/11\/06\/lucha-por-ser-feliz-versos-aureos-pitagoras-luz-de-occidente-por-josefina-maynade\/\" target=\"_blank\" rel=\"noopener\" data-schema-attribute=\"\"><strong>Pit\u00e1goras<\/strong><\/a> le conced\u00edan al or\u00e1culo cierto valor espiritual.<\/span><\/p>\n<p class=\"paragraph\" style=\"text-align: justify;\" data-gtm-element-container=\"modulo-texto-link\" data-mrf-recirculation=\"Enlaces en p\u00e1rrafos\"><span style=\"font-size: 14pt;\">Una caracter\u00edstica importante del or\u00e1culo es que era independiente, sin conceder predilecci\u00f3n a las razas o al rango social. Siempre goz\u00f3 de gran prestigio. <strong>Los griegos fijaban en Delfos el centro de la Tierra como posteriormente ser\u00eda Jerusal\u00e9n<\/strong>.<\/span><\/p>\n<p data-gtm-element-container=\"modulo-texto-link\" data-mrf-recirculation=\"Enlaces en p\u00e1rrafos\">\u00a0<\/p>\n<figure id=\"attachment_2312698\" aria-describedby=\"caption-attachment-2312698\" style=\"width: 330px\" class=\"wp-caption aligncenter\"><img loading=\"lazy\" decoding=\"async\" class=\"wp-image-2312698\" src=\"https:\/\/puntocritico.com\/ausajpuntocritico\/wp-content\/uploads\/2025\/10\/Orestes-en-Delfos-300x300.jpeg\" alt=\"\" width=\"330\" height=\"330\" srcset=\"https:\/\/puntocritico.com\/ausajpuntocritico\/wp-content\/uploads\/2025\/10\/Orestes-en-Delfos-300x300.jpeg 300w, https:\/\/puntocritico.com\/ausajpuntocritico\/wp-content\/uploads\/2025\/10\/Orestes-en-Delfos-150x150.jpeg 150w, https:\/\/puntocritico.com\/ausajpuntocritico\/wp-content\/uploads\/2025\/10\/Orestes-en-Delfos-768x768.jpeg 768w, https:\/\/puntocritico.com\/ausajpuntocritico\/wp-content\/uploads\/2025\/10\/Orestes-en-Delfos.jpeg 1024w\" sizes=\"auto, (max-width: 330px) 100vw, 330px\" \/><figcaption id=\"caption-attachment-2312698\" class=\"wp-caption-text\"><span style=\"color: #008000;\">Orestes en Delfos; cr\u00e1tera con figuras rojas, ca. 330 a. C.<\/span><\/figcaption><\/figure>\n<h3 class=\"subtitle\" style=\"text-align: center;\"><span style=\"font-size: 18pt;\">Misterios<\/span><\/h3>\n<p class=\"paragraph\" style=\"text-align: justify;\" data-gtm-element-container=\"modulo-texto-link\" data-mrf-recirculation=\"Enlaces en p\u00e1rrafos\"><span style=\"font-size: 14pt;\">El culto de <em><strong>Eleusis<\/strong> <\/em>tambi\u00e9n era prehel\u00e9nico. Los sacerdotes pertenec\u00edan a la <em><strong>antigua familia real de Eleusis<\/strong><\/em> cuyos miembros se llamaban <em><strong>Eum\u00f3lpi<\/strong> <\/em>culto con otra familia principal y transmit\u00edan sus cargos de padres a hijos. Deb\u00edan celebrar el culto con otra familia principal de la ciudad de la que sal\u00edan las sacerdotisas que deb\u00edan con ellos las ceremonias religiosas.\u00a0<\/span><\/p>\n<p class=\"paragraph\" style=\"text-align: justify;\" data-gtm-element-container=\"modulo-texto-link\" data-mrf-recirculation=\"Enlaces en p\u00e1rrafos\"><span style=\"font-size: 14pt;\">El tema que desarrollaban era la leyenda de <strong>Pers\u00e9fone<\/strong> raptada por <strong>Hades<\/strong> y solo despu\u00e9s rescatada por su madre del reino de las sombras. El d\u00eda <strong>22 de septiembre<\/strong> era un d\u00eda clave donde se reun\u00edan los ne\u00f3fitos en Atenas y emprend\u00edan la marcha a <em><strong>Eleuxis<\/strong><\/em>.\u00a0<\/span><\/p>\n<p class=\"paragraph\" style=\"text-align: justify;\" data-gtm-element-container=\"modulo-texto-link\" data-mrf-recirculation=\"Enlaces en p\u00e1rrafos\"><span style=\"font-size: 14pt;\">La caravana se desbandaba para correr cada uno por el monte con antorchas encendidas y llamando a grandes voces a la diosa. Despu\u00e9s se reun\u00edan en el santuario en medio de un gran silencio. Los ne\u00f3fitos a media ve\u00edan abrirse las puertas y distingu\u00edan la entrada al santuario o <strong><em>telesterion<\/em> <\/strong>donde iba a presentarse el drama, llenos de ense\u00f1anzas, con una sucesi\u00f3n de escenas m\u00edsticas que se aumentaba con la m\u00fasica y luces extra\u00f1as.<\/span><\/p>\n<p style=\"text-align: justify;\" data-gtm-element-container=\"modulo-texto-link\" data-mrf-recirculation=\"Enlaces en p\u00e1rrafos\">\u00a0<\/p>\n<figure id=\"attachment_2312697\" aria-describedby=\"caption-attachment-2312697\" style=\"width: 400px\" class=\"wp-caption aligncenter\"><img loading=\"lazy\" decoding=\"async\" class=\"wp-image-2312697\" src=\"https:\/\/puntocritico.com\/ausajpuntocritico\/wp-content\/uploads\/2025\/10\/Las-companeras-de-Persefone-son-transformadas-en-sirenas-300x225.jpeg\" alt=\"\" width=\"400\" height=\"301\" srcset=\"https:\/\/puntocritico.com\/ausajpuntocritico\/wp-content\/uploads\/2025\/10\/Las-companeras-de-Persefone-son-transformadas-en-sirenas-300x225.jpeg 300w, https:\/\/puntocritico.com\/ausajpuntocritico\/wp-content\/uploads\/2025\/10\/Las-companeras-de-Persefone-son-transformadas-en-sirenas-326x245.jpeg 326w, https:\/\/puntocritico.com\/ausajpuntocritico\/wp-content\/uploads\/2025\/10\/Las-companeras-de-Persefone-son-transformadas-en-sirenas-80x60.jpeg 80w, https:\/\/puntocritico.com\/ausajpuntocritico\/wp-content\/uploads\/2025\/10\/Las-companeras-de-Persefone-son-transformadas-en-sirenas.jpeg 595w\" sizes=\"auto, (max-width: 400px) 100vw, 400px\" \/><figcaption id=\"caption-attachment-2312697\" class=\"wp-caption-text\"><span style=\"color: #008000;\">Grabado de 1690, obra de Johann Ulrich Krau\u00df (1655-1719): Las compa\u00f1eras de Pers\u00e9fone son transformadas en sirenas. Dominio P\u00fablico<\/span><\/figcaption><\/figure>\n<p data-gtm-element-container=\"modulo-texto-link\" data-mrf-recirculation=\"Enlaces en p\u00e1rrafos\">\u00a0<\/p>\n<p class=\"paragraph\" style=\"text-align: justify;\" data-gtm-element-container=\"modulo-texto-link\" data-mrf-recirculation=\"Enlaces en p\u00e1rrafos\"><span style=\"font-size: 14pt;\"><strong>Hades<\/strong>, se\u00f1or del infierno, violaba a la doncella <strong>Cora<\/strong> , hija de <strong>D\u00e9meter<\/strong>, admitiendo a participar en la fiesta a los ne\u00f3fitos. As\u00ed las almas de los iniciados ser\u00edan tratadas de modo muy diferente de las dem\u00e1s del reino de los difuntos y no perder\u00edan en el <em><strong>Hades<\/strong> <\/em>el recuerdo de su vida terrena y gozar\u00edan de la compa\u00f1\u00eda de otros dioses y de los esp\u00edritus regenerados.<\/span><\/p>\n<p class=\"paragraph\" style=\"text-align: justify;\" data-gtm-element-container=\"modulo-texto-link\" data-mrf-recirculation=\"Enlaces en p\u00e1rrafos\"><span style=\"font-size: 14pt;\">El iniciado hab\u00eda visto con sus propios ojos una <em><strong>doncella-Cora-humana<\/strong><\/em> y real, ser escogida por el se\u00f1or del <strong>Hades<\/strong> para compa\u00f1era y sentarse junto a \u00e9l en el trono. <strong>Era el matrimonio del alma con dios base de todos los misterios de todas las religiones<\/strong>.<\/span><\/p>\n<p class=\"paragraph\" style=\"text-align: justify;\" data-gtm-element-container=\"modulo-texto-link\" data-mrf-recirculation=\"Enlaces en p\u00e1rrafos\"><span style=\"font-size: 14pt;\"><strong>Plat\u00f3n<\/strong> habla de los <em><strong>Misterios<\/strong> <\/em>con gran respeto. Los padres de la primitiva iglesia cristiana no dejan de reconocer sus efectos beneficiosos.\u00a0No conservamos un libro can\u00f3nico donde se precisaran dogmas y doctrinas. No precisaron un sacerdocio regular ni un libro sagrado.<\/span><\/p>\n<p data-gtm-element-container=\"modulo-texto-link\" data-mrf-recirculation=\"Enlaces en p\u00e1rrafos\">\u00a0<\/p>\n<div class=\"mceTemp\">\u00a0<\/div>\n<figure id=\"attachment_24542\" aria-describedby=\"caption-attachment-24542\" style=\"width: 204px\" class=\"wp-caption aligncenter\"><img loading=\"lazy\" decoding=\"async\" class=\"wp-image-24542\" src=\"https:\/\/puntocritico.com\/ausajpuntocritico\/wp-content\/uploads\/2019\/11\/Pitagoras-busto-OK.jpg\" alt=\"\" width=\"204\" height=\"295\" \/><figcaption id=\"caption-attachment-24542\" class=\"wp-caption-text\"><span style=\"color: #008000;\">Pit\u00e1goras <\/span><\/figcaption><\/figure>\n<h3 class=\"subtitle\" style=\"text-align: center;\"><span style=\"font-size: 18pt;\">La obra de Hes\u00edodo, la &#8216;Teogon\u00eda&#8217;<\/span><\/h3>\n<p class=\"paragraph\" style=\"text-align: justify;\" data-gtm-element-container=\"modulo-texto-link\" data-mrf-recirculation=\"Enlaces en p\u00e1rrafos\"><span style=\"font-size: 14pt;\"><strong>Hes\u00edodo<\/strong> fue el que sistematiz\u00f3 en Grecia la historia de los dioses. No se le conoce ninguna cultura literaria. Vivi\u00f3 en Beocia al pie del monte <em><strong>Helicon<\/strong><\/em>.<\/span><\/p>\n<p class=\"paragraph\" style=\"text-align: justify;\" data-gtm-element-container=\"modulo-texto-link\" data-mrf-recirculation=\"Enlaces en p\u00e1rrafos\"><span style=\"font-size: 14pt;\">Un d\u00eda que <strong>Hes\u00edodo<\/strong> guardaba su reba\u00f1o se le aparecieron las musas encarg\u00e1ndole que escribiera un libro sobre los dioses. Compuso un libro llamado la <em><strong>Teogon\u00eda<\/strong> <\/em>que los griegos acabaron por venerar como libro sagrado.<\/span><\/p>\n<h4 style=\"text-align: justify;\"><span style=\"font-size: 14pt;\"><strong>Teogon\u00eda<\/strong><\/span><\/h4>\n<p class=\"paragraph\" style=\"text-align: justify;\" data-gtm-element-container=\"modulo-texto-link\" data-mrf-recirculation=\"Enlaces en p\u00e1rrafos\"><span style=\"font-size: 14pt;\">Seg\u00fan <strong>Hes\u00edodo<\/strong>, primero fue el <em><strong>Caos<\/strong><\/em>, despu\u00e9s la <em><strong>Tierra<\/strong><\/em>, el <em><strong>T\u00e1rtaro<\/strong> <\/em>o abismo y <strong>Eros<\/strong> o el amor \u201c<em>el mas hermoso entre los dioses<\/em>\u201d. El <em><strong>Caos<\/strong> <\/em>produce la noche y \u00e9sta crea el d\u00eda mientras que la tierra ha creado los Cielos, las Monta\u00f1as y el Mar.<\/span><\/p>\n<p class=\"paragraph\" style=\"text-align: justify;\" data-gtm-element-container=\"modulo-texto-link\" data-mrf-recirculation=\"Enlaces en p\u00e1rrafos\"><span style=\"font-size: 14pt;\">El Amor entra en acci\u00f3n y hace que se una la Tierra y el Cielo y de su uni\u00f3n nacen el <em><strong>Oc\u00e9ano<\/strong><\/em>, los <em><strong>Titanes<\/strong> <\/em>y los <em><strong>C\u00edclopes<\/strong><\/em>. El se\u00f1or de esta propiedad es <strong>Urano<\/strong> que temiendo ser destronado a cada hijo que nace lo condena a ser enterrado en la madre Tierra, \u00e9sta, desesperada, arma a uno de sus hijos <strong>Crono<\/strong> que mutila a <strong>Urano<\/strong> y reina en su lugar.<\/span><\/p>\n<p data-gtm-element-container=\"modulo-texto-link\" data-mrf-recirculation=\"Enlaces en p\u00e1rrafos\">\u00a0<\/p>\n<figure id=\"attachment_2312696\" aria-describedby=\"caption-attachment-2312696\" style=\"width: 440px\" class=\"wp-caption aligncenter\"><img loading=\"lazy\" decoding=\"async\" class=\"wp-image-2312696\" src=\"https:\/\/puntocritico.com\/ausajpuntocritico\/wp-content\/uploads\/2025\/10\/Constitucion-del-Inframundo-300x192.jpeg\" alt=\"\" width=\"440\" height=\"281\" srcset=\"https:\/\/puntocritico.com\/ausajpuntocritico\/wp-content\/uploads\/2025\/10\/Constitucion-del-Inframundo-300x192.jpeg 300w, https:\/\/puntocritico.com\/ausajpuntocritico\/wp-content\/uploads\/2025\/10\/Constitucion-del-Inframundo-1024x655.jpeg 1024w, https:\/\/puntocritico.com\/ausajpuntocritico\/wp-content\/uploads\/2025\/10\/Constitucion-del-Inframundo-768x491.jpeg 768w, https:\/\/puntocritico.com\/ausajpuntocritico\/wp-content\/uploads\/2025\/10\/Constitucion-del-Inframundo-1320x844.jpeg 1320w, https:\/\/puntocritico.com\/ausajpuntocritico\/wp-content\/uploads\/2025\/10\/Constitucion-del-Inframundo.jpeg 1368w\" sizes=\"auto, (max-width: 440px) 100vw, 440px\" \/><figcaption id=\"caption-attachment-2312696\" class=\"wp-caption-text\"><span style=\"color: #008000;\">Constituci\u00f3n del Inframundo<\/span><\/figcaption><\/figure>\n<p data-gtm-element-container=\"modulo-texto-link\" data-mrf-recirculation=\"Enlaces en p\u00e1rrafos\">\u00a0<\/p>\n<p class=\"paragraph\" style=\"text-align: justify;\" data-gtm-element-container=\"modulo-texto-link\" data-mrf-recirculation=\"Enlaces en p\u00e1rrafos\"><span style=\"font-size: 14pt;\">Por este tiempo aparecen <strong>Afrodita<\/strong> y el <em><strong>Sue\u00f1o<\/strong><\/em>, la <em><strong>Muerte<\/strong> <\/em>y las <em><strong>Nereidas<\/strong><\/em>. De <strong>Cronos<\/strong> nace <strong>Zeus<\/strong> y una nueva cohorte de dioses comienza a reinar en lugar de los compa\u00f1eros de <strong>Cronos<\/strong> que los romanos llamaron <strong>Saturno<\/strong>.<\/span><\/p>\n<p class=\"paragraph\" style=\"text-align: justify;\" data-gtm-element-container=\"modulo-texto-link\" data-mrf-recirculation=\"Enlaces en p\u00e1rrafos\"><span style=\"font-size: 14pt;\"><strong>Zeus<\/strong> reina y su familia de dioses y la lucha de las milicias del <em><strong>Olimpo<\/strong> <\/em>con los <em><strong>Titanes<\/strong> <\/em>son muy espectaculares y bien descritas por <strong>Hes\u00edodo<\/strong>.<\/span><\/p>\n<p data-gtm-element-container=\"modulo-texto-link\" data-mrf-recirculation=\"Enlaces en p\u00e1rrafos\">\u00a0<\/p>\n<figure id=\"attachment_2311321\" aria-describedby=\"caption-attachment-2311321\" style=\"width: 400px\" class=\"wp-caption aligncenter\"><a href=\"https:\/\/puntocritico.com\/ausajpuntocritico\/2025\/09\/02\/mnemosine\/\" target=\"_blank\" rel=\"noopener\" data-schema-attribute=\"\"><img loading=\"lazy\" decoding=\"async\" class=\"wp-image-2311321\" src=\"https:\/\/puntocritico.com\/ausajpuntocritico\/wp-content\/uploads\/2025\/09\/Las-6-titanides-300x221.jpg\" alt=\"\" width=\"400\" height=\"295\" srcset=\"https:\/\/puntocritico.com\/ausajpuntocritico\/wp-content\/uploads\/2025\/09\/Las-6-titanides-300x221.jpg 300w, https:\/\/puntocritico.com\/ausajpuntocritico\/wp-content\/uploads\/2025\/09\/Las-6-titanides-768x565.jpg 768w, https:\/\/puntocritico.com\/ausajpuntocritico\/wp-content\/uploads\/2025\/09\/Las-6-titanides-80x60.jpg 80w, https:\/\/puntocritico.com\/ausajpuntocritico\/wp-content\/uploads\/2025\/09\/Las-6-titanides.jpg 838w\" sizes=\"auto, (max-width: 400px) 100vw, 400px\" \/><\/a><figcaption id=\"caption-attachment-2311321\" class=\"wp-caption-text\"><span style=\"color: #008000;\">\u00abUrano engendr\u00f3 de nuevo hijos en Gea, los denominados Titanes: Oc\u00e9ano, Ceo, Hiperi\u00f3n, Cr\u00edo, J\u00e1peto, y el m\u00e1s joven de todos, Crono; e hijas, las llamadas Tit\u00e1nides: Tetis, Rea, Temis, Mnem\u00f3sine, Febe, Dione, Tea\u00bb<\/span><\/figcaption><\/figure>\n<p>&nbsp;<\/p>\n<h3 class=\"subtitle\" style=\"text-align: center;\"><span style=\"font-size: 18pt;\">Cr\u00edtica de los fil\u00f3sofos presocr\u00e1ticos<\/span><\/h3>\n<p class=\"paragraph\" style=\"text-align: justify;\" data-gtm-element-container=\"modulo-texto-link\" data-mrf-recirculation=\"Enlaces en p\u00e1rrafos\"><span style=\"font-size: 14pt;\">Una obra as\u00ed, como la<i>\u00a0<strong>Teogon\u00eda<\/strong><\/i>, no pod\u00eda satisfacer a las conciencias piadosas y cultivadas y sin las barreras de un dogma ni una autoridad eclesi\u00e1stica.<\/span><\/p>\n<p class=\"paragraph\" style=\"text-align: justify;\" data-gtm-element-container=\"modulo-texto-link\" data-mrf-recirculation=\"Enlaces en p\u00e1rrafos\"><span style=\"font-size: 14pt;\">Aparecieron en Grecia un grupo de personas que se atrevieron a analizar por su cuenta los fen\u00f3menos y dar libremente una explicaci\u00f3n cient\u00edfica del universo.<\/span><\/p>\n<p class=\"paragraph\" style=\"text-align: justify;\" data-gtm-element-container=\"modulo-texto-link\" data-mrf-recirculation=\"Enlaces en p\u00e1rrafos\"><span style=\"font-size: 14pt;\">Estos primeros f\u00edsicos o fil\u00f3sofos son una de las glorias mayores de Grecia y su legado permanece vivo. Son los llamados <em><strong>fil\u00f3sofos presocr\u00e1ticos<\/strong><\/em>.<\/span><\/p>\n<p class=\"paragraph\" style=\"text-align: justify;\" data-gtm-element-container=\"modulo-texto-link\" data-mrf-recirculation=\"Enlaces en p\u00e1rrafos\"><span style=\"font-size: 14pt;\">Distinguimos en este aspecto a <strong>Tales de Mileto<\/strong>, <strong>Anaximandro<\/strong>,<strong> Anax\u00edmenes<\/strong>, <strong>Pit\u00e1goras<\/strong>, <strong>Jen\u00f3fanes<\/strong>, <a href=\"https:\/\/puntocritico.com\/ausajpuntocritico\/2024\/05\/03\/igualdad-libertad-y-verdad-por-spinoza-y-parmenides-2\/\" target=\"_blank\" rel=\"noopener\" data-schema-attribute=\"\"><strong>Parm\u00e9nides<\/strong><\/a>, <strong>Her\u00e1clito<\/strong>, <strong>Anax\u00e1goras<\/strong>, <strong>Gorgias de Leontinos<\/strong>, <strong>Prot\u00e1goras de Abdera<\/strong>, <strong>Zen\u00f3n de Elea<\/strong>, <strong>Pr\u00f3dico de Teos<\/strong>.\u00a0<strong>S\u00f3crates<\/strong>, que inicia una \u00e9poca, aparece ente el 469 y 399 a.C.<\/span><\/p>\n<\/blockquote>\n<p data-gtm-element-container=\"modulo-texto-link\" data-mrf-recirculation=\"Enlaces en p\u00e1rrafos\">\u00a0<\/p>\n<p><a href=\"https:\/\/puntocritico.com\/ausajpuntocritico\/2024\/01\/22\/algunas-consideraciones-en-torno-a-la-condicion-de-la-mujer-en-la-grecia-antigua-por\/\" target=\"_blank\" rel=\"noopener\" data-schema-attribute=\"\"><img loading=\"lazy\" decoding=\"async\" class=\"aligncenter wp-image-2292366 size-full\" src=\"https:\/\/puntocritico.com\/ausajpuntocritico\/wp-content\/uploads\/2024\/01\/adios-a-la-LA-CONDICION-DE-LA-MUJER-EN-LA-GRECIA-ANTIGUA.jpg\" alt=\"\" width=\"800\" height=\"232\" srcset=\"https:\/\/puntocritico.com\/ausajpuntocritico\/wp-content\/uploads\/2024\/01\/adios-a-la-LA-CONDICION-DE-LA-MUJER-EN-LA-GRECIA-ANTIGUA.jpg 800w, https:\/\/puntocritico.com\/ausajpuntocritico\/wp-content\/uploads\/2024\/01\/adios-a-la-LA-CONDICION-DE-LA-MUJER-EN-LA-GRECIA-ANTIGUA-300x87.jpg 300w, https:\/\/puntocritico.com\/ausajpuntocritico\/wp-content\/uploads\/2024\/01\/adios-a-la-LA-CONDICION-DE-LA-MUJER-EN-LA-GRECIA-ANTIGUA-768x223.jpg 768w\" sizes=\"auto, (max-width: 800px) 100vw, 800px\" \/><\/a><\/p>\n<p style=\"text-align: center;\"><strong><span style=\"color: #008000; font-size: 18pt;\">*******<\/span><\/strong><\/p>\n<div class=\"article-top-titles\">\n<div class=\"title-container\">\n<h2 class=\"title\" style=\"text-align: center;\"><span style=\"font-size: 24pt;\">Las lecciones de Anaximandro<\/span><\/h2>\n<\/div>\n<div class=\"supra-title-container\">\n<h2 class=\"supra-title\" style=\"text-align: center;\"><span style=\"font-size: 14pt;\"><strong><em>Es un buen ejemplo de la inmersi\u00f3n de los fil\u00f3sofos en las ciencias y para explicar racionalmente el mundo<\/em><\/strong><\/span><\/h2>\n<\/div>\n<\/div>\n<div class=\"article-media-main\" style=\"text-align: justify;\"><span style=\"font-size: 14pt;\">Por <a href=\"https:\/\/puntocritico.com\/ausajpuntocritico\/2024\/03\/29\/la-utilidad-del-racionalismo-de-spinoza-por-joaquin-callabed\/\" target=\"_blank\" rel=\"noopener\" data-schema-attribute=\"\">Joaqu\u00edn Callabed<\/a><\/span><\/div>\n<div style=\"text-align: justify;\"><span style=\"font-size: 14pt;\"><a href=\"https:\/\/www.lavanguardia.com\/participacion\/red-lectores\/20250904\/11024451\/lecciones-anaximandro.html\" target=\"_blank\" rel=\"noopener\">La Vanguardia<\/a>, 04 SEPT 2025<\/span><\/div>\n<div>\u00a0<\/div>\n<figure id=\"attachment_2312689\" aria-describedby=\"caption-attachment-2312689\" style=\"width: 555px\" class=\"wp-caption aligncenter\"><img loading=\"lazy\" decoding=\"async\" class=\"wp-image-2312689\" src=\"https:\/\/puntocritico.com\/ausajpuntocritico\/wp-content\/uploads\/2025\/10\/Anaximandro-300x147.jpeg\" alt=\"\" width=\"555\" height=\"271\" srcset=\"https:\/\/puntocritico.com\/ausajpuntocritico\/wp-content\/uploads\/2025\/10\/Anaximandro-300x147.jpeg 300w, https:\/\/puntocritico.com\/ausajpuntocritico\/wp-content\/uploads\/2025\/10\/Anaximandro-768x375.jpeg 768w, https:\/\/puntocritico.com\/ausajpuntocritico\/wp-content\/uploads\/2025\/10\/Anaximandro.jpeg 990w\" sizes=\"auto, (max-width: 555px) 100vw, 555px\" \/><figcaption id=\"caption-attachment-2312689\" class=\"wp-caption-text\"><span style=\"color: #008000;\">Representaci\u00f3n de Anaximandro con un cuadrante en un mosaico romano del siglo III. Dominio P\u00fablico<\/span><\/figcaption><\/figure>\n<p>&nbsp;<\/p>\n<p class=\"paragraph\" style=\"text-align: justify;\" data-gtm-element-container=\"modulo-texto-link\" data-mrf-recirculation=\"Enlaces en p\u00e1rrafos\"><strong><span style=\"font-size: 14pt;\">El <em>arj\u00e9<\/em> intenta buscar explicaciones racionales y explicar el principio de todas las cosas de la historia del mundo.\u00a0<\/span><\/strong><\/p>\n<blockquote>\n<p style=\"text-align: justify;\"><span style=\"font-size: 14pt;\"><strong>Tales de Mileto<\/strong>, considerado el primer fil\u00f3sofo occidental, propuso que el agua era el <em><strong>arj\u00e9<\/strong><\/em>, el principio de todas las cosas. Para \u00e9l, el agua era el elemento primordial del que surg\u00eda todo lo dem\u00e1s.<\/span><\/p>\n<p style=\"text-align: justify;\"><span style=\"font-size: 14pt;\"><strong>Anaximandro<\/strong>, disc\u00edpulo de <strong>Tales<\/strong>, postul\u00f3 que el origen de todas las cosas era el \u00e1peiron, un principio infinito e indeterminado del que surg\u00edan todas las oposiciones: caliente y fr\u00edo, seco y h\u00famedo.\u00a0<\/span><\/p>\n<p style=\"text-align: justify;\"><span style=\"font-size: 14pt;\"><strong>Anax\u00edmenes<\/strong> afirm\u00f3 que el aire era el principio de todas las cosas y que da lugar a todos los dem\u00e1s elementos.\u00a0<\/span><\/p>\n<p style=\"text-align: justify;\"><span style=\"font-size: 14pt;\"><strong>Pit\u00e1goras de Samos<\/strong>, fundador de la escuela pitag\u00f3rica, cre\u00eda que los n\u00fameros eran la esencia de todas las cosas y que el universo estaba ordenado seg\u00fan relaciones num\u00e9ricas.<\/span><\/p>\n<p style=\"text-align: justify;\"><span style=\"font-size: 14pt;\"><strong>Her\u00e1clito de \u00c9feso,<\/strong> famoso por su frase \u201c<em>todo fluye\u201d<\/em>, consideraba que el fuego era el <strong>arj\u00e9<\/strong> y que el cambio constante era la caracter\u00edstica fundamental de la realidad.<\/span><\/p>\n<p style=\"text-align: justify;\"><span style=\"font-size: 14pt;\"><strong>Parm\u00e9nides de Elea<\/strong> defendi\u00f3 la idea de que el ser es eterno, inmutable e indivisible, y que el cambio y la multiplicidad son meras apariencias enga\u00f1osas.<\/span><\/p>\n<p style=\"text-align: justify;\"><span style=\"font-size: 14pt;\"><strong>Emp\u00e9docles de Agrigento<\/strong> propuso que los elementos fundamentales eran cuatro: <strong>tierra<\/strong>, <strong>aire<\/strong>, <strong>fuego<\/strong> y <strong>agua<\/strong>. Estos elementos se combinaban y se separaban por las fuerzas del <strong>amor<\/strong> y el <strong>odio<\/strong>.<\/span><\/p>\n<p style=\"text-align: justify;\"><span style=\"font-size: 14pt;\"><strong>Anax\u00e1goras<\/strong> introdujo el concepto de <em><strong>nous<\/strong> <\/em>(<em>mente<\/em>) como principio ordenador del universo.<\/span><\/p>\n<p style=\"text-align: justify;\"><span style=\"font-size: 14pt;\"><a href=\"https:\/\/puntocritico.com\/ausajpuntocritico\/2019\/05\/28\/el-hombre-segun-aristoteles-y-democrito\/\" target=\"_blank\" rel=\"noopener\" data-schema-attribute=\"\"><strong>Dem\u00f3crito<\/strong><\/a>, junto con <strong>Leucipo<\/strong>, desarroll\u00f3 la teor\u00eda atomista, seg\u00fan la cual todas las cosas est\u00e1n compuestas por part\u00edculas indivisibles e indestructibles llamadas <em><strong>\u00e1tomos<\/strong><\/em>.<\/span><\/p>\n<\/blockquote>\n<p>&nbsp;<\/p>\n<figure id=\"attachment_2313634\" aria-describedby=\"caption-attachment-2313634\" style=\"width: 240px\" class=\"wp-caption aligncenter\"><img loading=\"lazy\" decoding=\"async\" class=\"wp-image-2313634\" src=\"https:\/\/puntocritico.com\/ausajpuntocritico\/wp-content\/uploads\/2025\/10\/Tales-de-Mileto-220x300.jpg\" alt=\"\" width=\"240\" height=\"327\" srcset=\"https:\/\/puntocritico.com\/ausajpuntocritico\/wp-content\/uploads\/2025\/10\/Tales-de-Mileto-220x300.jpg 220w, https:\/\/puntocritico.com\/ausajpuntocritico\/wp-content\/uploads\/2025\/10\/Tales-de-Mileto.jpg 613w\" sizes=\"auto, (max-width: 240px) 100vw, 240px\" \/><figcaption id=\"caption-attachment-2313634\" class=\"wp-caption-text\"><span style=\"color: #008000;\">Tales de Mileto<\/span><\/figcaption><\/figure>\n<h3 class=\"subtitle\" style=\"text-align: center;\"><span style=\"font-size: 18pt;\">Las aportaciones de Anaximandro<\/span><\/h3>\n<p class=\"paragraph\" style=\"text-align: justify;\" data-gtm-element-container=\"modulo-texto-link\" data-mrf-recirculation=\"Enlaces en p\u00e1rrafos\"><span style=\"font-size: 14pt;\"><strong>Anaximandro<\/strong> fue \u201c<em>el primero de los griegos conocidos en publicar una obra sobre la naturaleza<\/em>\u201d. Natural de Mileto, Jonia (610 a. C. 546 a. C.) fue un fil\u00f3sofo y ge\u00f3grafo de la Antigua Grecia. Hijo de <strong>Prax\u00edades<\/strong>. <strong>Compatriota y alumno del Tales de Mileto, tambi\u00e9n parece que fue uno de sus parientes<\/strong>.<\/span><\/p>\n<p class=\"paragraph\" style=\"text-align: justify;\" data-gtm-element-container=\"modulo-texto-link\" data-mrf-recirculation=\"Enlaces en p\u00e1rrafos\"><span style=\"font-size: 14pt;\">Disc\u00edpulo y continuador de <strong>Tales<\/strong>, adem\u00e1s compa\u00f1ero y maestro de <strong>Anax\u00edmenes<\/strong>, consider\u00f3 que el principio de todas las cosas era \u201c<em>lo \u00e1peiron<\/em>\u201d. <strong>Anaximandro<\/strong> es un buen ejemplo de la inmersi\u00f3n de los fil\u00f3sofos en las ciencias. Vivi\u00f3 principalmente en la \u00e9poca de <strong>Pol\u00edcrates<\/strong>, <strong><em>tirano de Samos<\/em><\/strong> (538-522 a. C.).<\/span><\/p>\n<p class=\"paragraph\" style=\"text-align: justify;\" data-gtm-element-container=\"modulo-texto-link\" data-mrf-recirculation=\"Enlaces en p\u00e1rrafos\"><span style=\"font-size: 14pt;\">Se le atribuye a <strong>Anaximandro<\/strong>:<\/span><\/p>\n<blockquote><p><strong><span style=\"font-size: 14pt; color: #008000;\">Un libro, Sobre la Naturaleza. El libro se ha perdido y su palabra ha llegado a la actualidad mediante comentarios doxogr\u00e1ficos de otros autores.<\/span><\/strong><\/p><\/blockquote>\n<blockquote><p><strong><span style=\"font-size: 14pt; color: #008000;\">Una carta terrestre.<\/span><\/strong><\/p><\/blockquote>\n<blockquote><p><strong><span style=\"font-size: 14pt; color: #008000;\">La medici\u00f3n de los solsticios y equinoccios por medio de un gnomon (<em>palo o estilete clavado en posici\u00f3n fija en el suelo o una pared<\/em>).<\/span><\/strong><\/p><\/blockquote>\n<blockquote><p><strong><span style=\"font-size: 14pt; color: #008000;\">Trabajos para determinar la distancia y tama\u00f1o de las estrellas.<\/span><\/strong><\/p><\/blockquote>\n<blockquote><p><strong><span style=\"font-size: 14pt; color: #008000;\">La afirmaci\u00f3n de que la Tierra es cil\u00edndrica y ocupa el centro del universo.<\/span><\/strong><\/p><\/blockquote>\n<blockquote><p><strong><span style=\"font-size: 14pt; color: #008000;\">En sus\u00a0<i>Discursos,<\/i>\u00a0Temistio (<em>ex\u00e9geta de Plat\u00f3n y Arist\u00f3teles<\/em>) menciona que Anaximandro habr\u00eda sido \u201c<em>el primero de los griegos conocidos en publicar una obra escrita sobre la naturaleza<\/em>\u201d.\u00a0Fue Arist\u00f3teles quien la redescubri\u00f3, y es debido a Arist\u00f3teles, a Teofrasto y a varios dox\u00f3grafos (<em>recopilador de textos ajenos<\/em>) que sus fragmentos han sido conservados. Teofrasto escribi\u00f3 que Anaximandro fue el primero en llamar \u201c<em>mundo<\/em>\u201d al universo.\u00a0<\/span><\/strong><\/p><\/blockquote>\n<p>&nbsp;<\/p>\n<p style=\"text-align: justify;\"><span style=\"font-size: 14pt;\">De acuerdo con <strong>Eliano<\/strong>, los milesios le habr\u00edan encargado dirigir una colonia en <em>Apolonia<\/em>, en la costa <em>Tracia<\/em>. Es muy probable que fuera enviado en calidad de legislador para aportar una constituci\u00f3n o incluso para mantener all\u00ed el poder en nombre de <em>Mileto<\/em>.<\/span><\/p>\n<p>&nbsp;<\/p>\n<figure id=\"attachment_2312699\" aria-describedby=\"caption-attachment-2312699\" style=\"width: 200px\" class=\"wp-caption aligncenter\"><img loading=\"lazy\" decoding=\"async\" class=\"wp-image-2312699\" src=\"https:\/\/puntocritico.com\/ausajpuntocritico\/wp-content\/uploads\/2025\/10\/Anaximandro-retratado-en-La-escuela-de-Atenas-de-Rafael-Sanzio-161x300.jpeg\" alt=\"\" width=\"200\" height=\"373\" srcset=\"https:\/\/puntocritico.com\/ausajpuntocritico\/wp-content\/uploads\/2025\/10\/Anaximandro-retratado-en-La-escuela-de-Atenas-de-Rafael-Sanzio-161x300.jpeg 161w, https:\/\/puntocritico.com\/ausajpuntocritico\/wp-content\/uploads\/2025\/10\/Anaximandro-retratado-en-La-escuela-de-Atenas-de-Rafael-Sanzio-549x1024.jpeg 549w, https:\/\/puntocritico.com\/ausajpuntocritico\/wp-content\/uploads\/2025\/10\/Anaximandro-retratado-en-La-escuela-de-Atenas-de-Rafael-Sanzio.jpeg 566w\" sizes=\"auto, (max-width: 200px) 100vw, 200px\" \/><figcaption id=\"caption-attachment-2312699\" class=\"wp-caption-text\"><span style=\"color: #008000;\">Anaximandro, en \u201cLa escuela de Atenas\u201d de Rafael Sanzio, 1510-1511, Vaticano, Roma.<\/span><\/figcaption><\/figure>\n<h3 class=\"subtitle\" style=\"text-align: center;\"><span style=\"font-size: 18pt;\">El pensamiento de Anaximandro<\/span><\/h3>\n<p class=\"paragraph\" style=\"text-align: justify;\" data-gtm-element-container=\"modulo-texto-link\" data-mrf-recirculation=\"Enlaces en p\u00e1rrafos\"><span style=\"font-size: 14pt;\">Es considerado como el iniciador de un cambio de paradigma en el conocimiento, basado en la investigaci\u00f3n racional de la naturaleza.<\/span><\/p>\n<p class=\"paragraph\" style=\"text-align: justify;\" data-gtm-element-container=\"modulo-texto-link\" data-mrf-recirculation=\"Enlaces en p\u00e1rrafos\"><span style=\"font-size: 14pt;\">Fue conocido por la mayor\u00eda de los autores de la Antig\u00fcedad como <strong>el primer pensador en adoptar \u201c<em>una visi\u00f3n naturalista de las cosas<\/em>\u201d<\/strong>. As\u00ed, <strong>sus contribuciones abrieron el camino al estudio de la f\u00edsica, la geograf\u00eda, la meteorolog\u00eda y la biolog\u00eda tal y como las conocemos<\/strong>, y ayudaron a cambiar la forma de pensar el mundo.<\/span><\/p>\n<h4 class=\"module-supra-title\"><span style=\"font-size: 14pt;\">El\u00a0<em>arj\u00e9<\/em><\/span><\/h4>\n<p class=\"module-text\" style=\"text-align: justify;\" data-mrf-recirculation=\"Enlaces en p\u00e1rrafos\"><span style=\"font-size: 14pt;\">La cuesti\u00f3n del<strong> <em>arj\u00e9 primordial<\/em> de que todas las cosas est\u00e1n hechas y de la que derivan<\/strong>. Los fil\u00f3sofos presocr\u00e1ticos buscaron este principio para explicar el origen y la naturaleza del universo.\u00a0<\/span><\/p>\n<p class=\"module-text\" style=\"text-align: justify;\" data-mrf-recirculation=\"Enlaces en p\u00e1rrafos\"><span style=\"font-size: 14pt;\">El concepto de <em><strong>arj\u00e9<\/strong> <\/em>es central en la filosof\u00eda <em><strong>presocr\u00e1tica<\/strong> <\/em>ya que representa el intento de los primeros fil\u00f3sofos de encontrar una explicaci\u00f3n racional y natural del mundo en lugar de recurrir a explicaciones m\u00edticas o religiosas.\u00a0<\/span><\/p>\n<p data-mrf-recirculation=\"Enlaces en p\u00e1rrafos\">\u00a0<\/p>\n<blockquote>\n<p style=\"text-align: center;\" data-mrf-recirculation=\"Enlaces en p\u00e1rrafos\"><strong><span style=\"font-size: 14pt; color: #008000;\">El concepto de <em>arj\u00e9 <\/em>es central en la filosof\u00eda <em>presocr\u00e1tica <\/em>ya que representa el intento de los primeros fil\u00f3sofos de encontrar una explicaci\u00f3n racional y natural del mundo en lugar de recurrir a explicaciones m\u00edticas o religiosas.\u00a0<\/span><\/strong><\/p>\n<\/blockquote>\n<p data-mrf-recirculation=\"Enlaces en p\u00e1rrafos\">\u00a0<\/p>\n<p class=\"module-text\" style=\"text-align: justify;\" data-mrf-recirculation=\"Enlaces en p\u00e1rrafos\"><span style=\"font-size: 14pt;\"><em><strong>Arj\u00e9<\/strong> <\/em>es el principio fundamental o sustancia.\u00a0Para <strong>Anaximandro<\/strong>, el <em><strong>arj\u00e9<\/strong> <\/em>es lo <strong><em>\u00e1peiron<\/em> <\/strong>(<em>de a: part\u00edcula privativa; y peras:, \u2018l\u00edmite, per\u00edmetro\u2019<\/em>), es decir, <strong>lo indefinido, indeterminado e ilimitado<\/strong>. Lo que es principio de determinaci\u00f3n de toda realidad ha de ser indeterminado, y precisamente <em><strong>\u00e1peiron<\/strong> <\/em>designa de manera abstracta esta cualidad. <strong>Lo <em>\u00e1peiron <\/em>es eterno, siempre activo y se mueve<\/strong>. <\/span><\/p>\n<p class=\"module-text\" style=\"text-align: justify;\" data-mrf-recirculation=\"Enlaces en p\u00e1rrafos\"><span style=\"font-size: 14pt;\"><strong>Este es inmortal, indestructible, ing\u00e9nito e imperecedero y de \u00e9l se engendran todas las cosas<\/strong>. Todo sale y todo vuelve al <em><strong>\u00e1peiron<\/strong> <\/em>seg\u00fan un ciclo necesario.\u00a0<\/span><span style=\"font-size: 14pt;\"><strong>De \u00e9l se separan las sustancias opuestas entre s\u00ed en el mundo<\/strong> y, cuando prevalece la una sobre la otra, se produce una reacci\u00f3n que <strong>restablece el equilibrio<\/strong> seg\u00fan la necesidad.\u00a0<\/span><\/p>\n<p class=\"module-text\" style=\"text-align: justify;\" data-mrf-recirculation=\"Enlaces en p\u00e1rrafos\"><span style=\"font-size: 14pt;\">De <strong>Anaximandro<\/strong> se conserva este texto, que es <strong>el texto filos\u00f3fico m\u00e1s antiguo<\/strong> que se ha mantenido con el tiempo y que, seg\u00fan dice <strong>Temistio<\/strong>, es <strong>el primer texto griego escrito en prosa<\/strong>:\u00a0<\/span><\/p>\n<blockquote>\n<p class=\"module-text\" style=\"text-align: justify;\" data-mrf-recirculation=\"Enlaces en p\u00e1rrafos\"><strong><span style=\"font-size: 14pt; color: #008000;\">\u201dEl principio (<em>arj\u00e9<\/em>) de todas las cosas es lo indeterminado (<em>\u00e1peiron<\/em>). Ahora bien, all\u00ed mismo donde hay generaci\u00f3n para las cosas, all\u00ed se produce tambi\u00e9n la destrucci\u00f3n, seg\u00fan la necesidad; en efecto, pagan las culpas unas a otras y la reparaci\u00f3n de la injusticia, seg\u00fan el orden del tiempo\u201d.\u00a0<\/span><\/strong><\/p>\n<\/blockquote>\n<p class=\"paragraph\" data-gtm-element-container=\"modulo-texto-link\" data-mrf-recirculation=\"Enlaces en p\u00e1rrafos\">\u00a0<\/p>\n<figure id=\"attachment_2313633\" aria-describedby=\"caption-attachment-2313633\" style=\"width: 300px\" class=\"wp-caption aligncenter\"><img loading=\"lazy\" decoding=\"async\" class=\"wp-image-2313633 size-medium\" src=\"https:\/\/puntocritico.com\/ausajpuntocritico\/wp-content\/uploads\/2025\/10\/Anaximandro-300x292.jpg\" alt=\"\" width=\"300\" height=\"292\" srcset=\"https:\/\/puntocritico.com\/ausajpuntocritico\/wp-content\/uploads\/2025\/10\/Anaximandro-300x292.jpg 300w, https:\/\/puntocritico.com\/ausajpuntocritico\/wp-content\/uploads\/2025\/10\/Anaximandro.jpg 383w\" sizes=\"auto, (max-width: 300px) 100vw, 300px\" \/><figcaption id=\"caption-attachment-2313633\" class=\"wp-caption-text\"><span style=\"color: #008000;\">Anaximandro representado con un reloj de sol, mosaico, siglo III d.C.; en el Museo de Renania, Tr\u00e9veris, Alemania.<\/span><\/figcaption><\/figure>\n<h4 style=\"text-align: justify;\"><span style=\"font-size: 14pt;\"><strong>La cosmolog\u00eda<\/strong><\/span><\/h4>\n<p class=\"paragraph\" style=\"text-align: justify;\" data-gtm-element-container=\"modulo-texto-link\" data-mrf-recirculation=\"Enlaces en p\u00e1rrafos\"><span style=\"font-size: 14pt;\">En <strong>Anaximandro<\/strong> se encuentra ya una <strong>cosmolog\u00eda<\/strong> que describe la formaci\u00f3n del cosmos por <strong>un proceso de rotaci\u00f3n que separa lo caliente de lo fr\u00edo<\/strong>. El fuego ocupa la periferia del mundo y puede contemplarse por esos orificios que llamamos estrellas. La tierra , fr\u00eda y h\u00fameda, ocupa el centro.<\/span><\/p>\n<p data-gtm-element-container=\"modulo-texto-link\" data-mrf-recirculation=\"Enlaces en p\u00e1rrafos\">\u00a0<\/p>\n<blockquote>\n<p style=\"text-align: center;\" data-gtm-element-container=\"modulo-texto-link\" data-mrf-recirculation=\"Enlaces en p\u00e1rrafos\"><strong><span style=\"font-size: 14pt; color: #008000;\">El fuego ocupa la periferia del mundo y puede contemplarse por esos orificios que llamamos estrellas. La tierra , fr\u00eda y h\u00fameda, ocupa el centro.<\/span><\/strong><\/p>\n<\/blockquote>\n<p data-gtm-element-container=\"modulo-texto-link\" data-mrf-recirculation=\"Enlaces en p\u00e1rrafos\">\u00a0<\/p>\n<p class=\"paragraph\" style=\"text-align: justify;\" data-gtm-element-container=\"modulo-texto-link\" data-mrf-recirculation=\"Enlaces en p\u00e1rrafos\"><span style=\"font-size: 14pt;\"><strong>Anaximandro<\/strong> observa emp\u00edricamente un descenso de las aguas en las zonas geogr\u00e1ficas que conoce, y de ah\u00ed deduce que <\/span><\/p>\n<blockquote>\n<p class=\"paragraph\" style=\"text-align: justify;\" data-gtm-element-container=\"modulo-texto-link\" data-mrf-recirculation=\"Enlaces en p\u00e1rrafos\"><span style=\"font-size: 14pt; color: #008000;\"><strong>\u00ab<em>la Tierra se est\u00e1 secando<\/em>\u00bb.<\/strong> <\/span><\/p>\n<\/blockquote>\n<p data-gtm-element-container=\"modulo-texto-link\" data-mrf-recirculation=\"Enlaces en p\u00e1rrafos\">\u00a0<\/p>\n<p class=\"paragraph\" style=\"text-align: justify;\" data-gtm-element-container=\"modulo-texto-link\" data-mrf-recirculation=\"Enlaces en p\u00e1rrafos\"><span style=\"font-size: 14pt;\">Esto podr\u00eda entenderse como <strong>la \u00ab<em>reivindicaci\u00f3n<\/em>\u00bb de lo caliente y seco (<em>Cielo, Sol, Luna<\/em>) frente a lo h\u00famedo y fr\u00edo (<em>mundo conocido)<\/em><\/strong>, indicando <strong>que pronto se cambiar\u00e1n los papeles<\/strong>.<\/span><\/p>\n<p class=\"paragraph\" style=\"text-align: justify;\" data-gtm-element-container=\"modulo-texto-link\" data-mrf-recirculation=\"Enlaces en p\u00e1rrafos\"><span style=\"font-size: 14pt;\">Para <strong>Anaximandro<\/strong>, <strong>la Tierra tiene forma de cilindro o tambor<\/strong>. Pero el concepto revolucionario que expuso por vez primera fue el presentar a nuestro planeta como un cuerpo finito que flota en equilibrio sobre el espacio; es decir, tanto por encima como por debajo de la Tierra hay cielo.<\/span><\/p>\n<p data-gtm-element-container=\"modulo-texto-link\" data-mrf-recirculation=\"Enlaces en p\u00e1rrafos\">\u00a0<\/p>\n<blockquote>\n<p style=\"text-align: center;\" data-gtm-element-container=\"modulo-texto-link\" data-mrf-recirculation=\"Enlaces en p\u00e1rrafos\"><span style=\"color: #008000;\"><strong><span style=\"font-size: 14pt;\">El concepto revolucionario que expuso por vez primera fue el presentar a nuestro planeta como un cuerpo finito que flota en equilibrio sobre el espacio; es decir, tanto por encima como por debajo de la Tierra hay cielo.<\/span><\/strong><\/span><\/p>\n<\/blockquote>\n<p data-gtm-element-container=\"modulo-texto-link\" data-mrf-recirculation=\"Enlaces en p\u00e1rrafos\">\u00a0<\/p>\n<p class=\"paragraph\" style=\"text-align: justify;\" data-gtm-element-container=\"modulo-texto-link\" data-mrf-recirculation=\"Enlaces en p\u00e1rrafos\"><span style=\"font-size: 14pt;\">En palabras del fil\u00f3sofo de la ciencia <strong>Karl Popper<\/strong>: <\/span><\/p>\n<blockquote>\n<p class=\"paragraph\" style=\"text-align: justify;\" data-gtm-element-container=\"modulo-texto-link\" data-mrf-recirculation=\"Enlaces en p\u00e1rrafos\"><strong><span style=\"font-size: 14pt; color: #008000;\">\u00ab<em>Esta idea de Anaximandro es una de las ideas m\u00e1s audaces, revolucionarias y portentosas de toda la historia del pensamiento humano. Abri\u00f3 el camino hacia las teor\u00edas de Aristarco, Cop\u00e9rnico, Kepler, y Galileo<\/em>\u201d.<\/span><\/strong><\/p>\n<\/blockquote>\n<p>&nbsp;<\/p>\n<figure id=\"attachment_2313584\" aria-describedby=\"caption-attachment-2313584\" style=\"width: 360px\" class=\"wp-caption aligncenter\"><img loading=\"lazy\" decoding=\"async\" class=\"wp-image-2313584\" src=\"https:\/\/puntocritico.com\/ausajpuntocritico\/wp-content\/uploads\/2025\/10\/Anaximandro-de-Mileto-300x249.jpg\" alt=\"\" width=\"360\" height=\"299\" srcset=\"https:\/\/puntocritico.com\/ausajpuntocritico\/wp-content\/uploads\/2025\/10\/Anaximandro-de-Mileto-300x249.jpg 300w, https:\/\/puntocritico.com\/ausajpuntocritico\/wp-content\/uploads\/2025\/10\/Anaximandro-de-Mileto.jpg 420w\" sizes=\"auto, (max-width: 360px) 100vw, 360px\" \/><figcaption id=\"caption-attachment-2313584\" class=\"wp-caption-text\"><span style=\"color: #008000;\">Anaximandro <\/span><\/figcaption><\/figure>\n<h4 style=\"text-align: justify;\"><span style=\"font-size: 14pt;\"><strong>La f\u00edsica<\/strong><\/span><\/h4>\n<p class=\"paragraph\" style=\"text-align: justify;\" data-gtm-element-container=\"modulo-texto-link\" data-mrf-recirculation=\"Enlaces en p\u00e1rrafos\"><span style=\"font-size: 14pt;\"><strong>Respecto a los fen\u00f3menos atmosf\u00e9ricos y terrestres, busc\u00f3 su explicaci\u00f3n en t\u00e9rminos naturalistas<\/strong>, sin otorgar ning\u00fan papel causal en ellos a los mitos y los dioses. <\/span><\/p>\n<p class=\"paragraph\" style=\"text-align: justify;\" data-gtm-element-container=\"modulo-texto-link\" data-mrf-recirculation=\"Enlaces en p\u00e1rrafos\"><span style=\"font-size: 14pt;\">Seg\u00fan <strong>Hip\u00f3lito<\/strong>, <\/span><\/p>\n<blockquote>\n<p class=\"paragraph\" style=\"text-align: justify;\" data-gtm-element-container=\"modulo-texto-link\" data-mrf-recirculation=\"Enlaces en p\u00e1rrafos\"><span style=\"font-size: 14pt; color: #008000;\"><strong>\u00ab<em>Anaximandro sostiene que las lluvias nacen del vapor que brota de las cosas que est\u00e1n debajo del Sol<\/em>\u00bb;<\/strong> <\/span><\/p>\n<\/blockquote>\n<p data-gtm-element-container=\"modulo-texto-link\" data-mrf-recirculation=\"Enlaces en p\u00e1rrafos\">\u00a0<\/p>\n<p class=\"paragraph\" style=\"text-align: justify;\" data-gtm-element-container=\"modulo-texto-link\" data-mrf-recirculation=\"Enlaces en p\u00e1rrafos\"><span style=\"font-size: 14pt;\"><strong>Aecio<\/strong> y <strong>S\u00e9neca<\/strong> nos han transmitido que <\/span><\/p>\n<blockquote>\n<p class=\"paragraph\" style=\"text-align: justify;\" data-gtm-element-container=\"modulo-texto-link\" data-mrf-recirculation=\"Enlaces en p\u00e1rrafos\"><span style=\"color: #008000;\"><strong><span style=\"font-size: 14pt;\">\u00ab<em>sobre los truenos, rel\u00e1mpagos, rayos, huracanes y tifones, Anaximandro dice que todos estos fen\u00f3menos acontecen a causa del viento<\/em>\u00bb.<\/span><\/strong><\/span><\/p>\n<\/blockquote>\n<p data-gtm-element-container=\"modulo-texto-link\" data-mrf-recirculation=\"Enlaces en p\u00e1rrafos\">\u00a0<\/p>\n<p class=\"paragraph\" style=\"text-align: justify;\" data-gtm-element-container=\"modulo-texto-link\" data-mrf-recirculation=\"Enlaces en p\u00e1rrafos\"><span style=\"font-size: 14pt;\"><strong>Aecio<\/strong> tambi\u00e9n dice: <\/span><\/p>\n<blockquote>\n<p class=\"paragraph\" style=\"text-align: justify;\" data-gtm-element-container=\"modulo-texto-link\" data-mrf-recirculation=\"Enlaces en p\u00e1rrafos\"><span style=\"font-size: 14pt; color: #008000;\"><strong>\u00ab<em>Los vientos surgen cuando se separan los vapores m\u00e1s sutiles del aire y se ponen en movimiento al juntarse<\/em>\u00bb.<\/strong> <\/span><\/p>\n<\/blockquote>\n<p data-gtm-element-container=\"modulo-texto-link\" data-mrf-recirculation=\"Enlaces en p\u00e1rrafos\">\u00a0<\/p>\n<p class=\"paragraph\" style=\"text-align: justify;\" data-gtm-element-container=\"modulo-texto-link\" data-mrf-recirculation=\"Enlaces en p\u00e1rrafos\"><span style=\"font-size: 14pt;\">Y as\u00ed muchas otras fuentes como <strong>Amiano Marcelino<\/strong>, que ha dejado constancia de la explicaci\u00f3n de <strong>Anaximandro<\/strong> acerca de la ocurrencia de los <em><strong>terremotos<\/strong><\/em>.<\/span><\/p>\n<p class=\"paragraph\" style=\"text-align: justify;\" data-gtm-element-container=\"modulo-texto-link\" data-mrf-recirculation=\"Enlaces en p\u00e1rrafos\"><span style=\"font-size: 14pt;\">La originalidad de estas teor\u00edas explicativas radica en su <strong>total asunci\u00f3n de la naturaleza f\u00edsica de los fen\u00f3menos meteorol\u00f3gicos<\/strong>, siendo el primer autor del que tenemos constancia que se refiri\u00f3 al origen de los mismos de esta manera, <strong>sin considerar las explicaciones religiosas tradicionales<\/strong>.<\/span><\/p>\n<p class=\"paragraph\" data-gtm-element-container=\"modulo-texto-link\" data-mrf-recirculation=\"Enlaces en p\u00e1rrafos\">\u00a0<\/p>\n<p data-gtm-element-container=\"modulo-texto-link\" data-mrf-recirculation=\"Enlaces en p\u00e1rrafos\"><a href=\"https:\/\/puntocritico.com\/ausajpuntocritico\/2021\/08\/12\/el-libro-de-los-animales-de-al-jahiz-un-esbozo-evolucionista-del-siglo-ix\/\" target=\"_blank\" rel=\"noopener\" data-schema-attribute=\"\"><img loading=\"lazy\" decoding=\"async\" class=\"aligncenter wp-image-2222102\" src=\"https:\/\/puntocritico.com\/ausajpuntocritico\/wp-content\/uploads\/2021\/07\/El-Libro-de-los-Animales-de-al-Jahiz-1.jpg\" alt=\"\" width=\"330\" height=\"291\" \/><\/a><\/p>\n<h4 style=\"text-align: justify;\"><span style=\"font-size: 14pt;\"><strong>Generaci\u00f3n de las especies<\/strong><\/span><\/h4>\n<p class=\"paragraph\" style=\"text-align: justify;\" data-gtm-element-container=\"modulo-texto-link\" data-mrf-recirculation=\"Enlaces en p\u00e1rrafos\"><span style=\"font-size: 14pt;\"><strong>Los primeros animales surgieron del agua o del limo calentado por el Sol; del agua pasaron a la tierra<\/strong>. <strong>Los hombres descienden de los<\/strong> <strong>peces<\/strong>, idea que es una anticipaci\u00f3n de la teor\u00eda moderna de la evoluci\u00f3n.<\/span><\/p>\n<p class=\"paragraph\" style=\"text-align: justify;\" data-gtm-element-container=\"modulo-texto-link\" data-mrf-recirculation=\"Enlaces en p\u00e1rrafos\"><span style=\"font-size: 14pt;\">Mediante pura observaci\u00f3n met\u00f3dica <strong>concluye que la vida debi\u00f3 haber empezado en el agua<\/strong>, con <\/span><\/p>\n<blockquote>\n<p class=\"paragraph\" style=\"text-align: justify;\" data-gtm-element-container=\"modulo-texto-link\" data-mrf-recirculation=\"Enlaces en p\u00e1rrafos\"><strong><span style=\"font-size: 14pt;\"><span style=\"color: #008000;\">\u00ab<em>seres envueltos en cortezas espinosas<\/em>\u00bb.<\/span> <\/span><\/strong><\/p>\n<\/blockquote>\n<p data-gtm-element-container=\"modulo-texto-link\" data-mrf-recirculation=\"Enlaces en p\u00e1rrafos\">\u00a0<\/p>\n<p class=\"paragraph\" style=\"text-align: justify;\" data-gtm-element-container=\"modulo-texto-link\" data-mrf-recirculation=\"Enlaces en p\u00e1rrafos\"><span style=\"font-size: 14pt;\">El Sol fue evaporando \u00ab<em>lo h\u00famedo<\/em>\u00bb, y en esta especie de limo, <strong>surgieron los hombres a partir de estas primeras criaturas<\/strong>.\u00a0<\/span><\/p>\n<p data-gtm-element-container=\"modulo-texto-link\" data-mrf-recirculation=\"Enlaces en p\u00e1rrafos\">\u00a0<\/p>\n<blockquote>\n<p style=\"text-align: center;\" data-gtm-element-container=\"modulo-texto-link\" data-mrf-recirculation=\"Enlaces en p\u00e1rrafos\"><strong><span style=\"font-size: 14pt; color: #008000;\">El Sol fue evaporando \u00ab<em>lo h\u00famedo<\/em>\u00bb, y en esta especie de limo, surgieron los hombres a partir de estas primeras criaturas.\u00a0<\/span><\/strong><\/p>\n<\/blockquote>\n<p data-gtm-element-container=\"modulo-texto-link\" data-mrf-recirculation=\"Enlaces en p\u00e1rrafos\">\u00a0<\/p>\n<figure id=\"attachment_2424\" aria-describedby=\"caption-attachment-2424\" style=\"width: 400px\" class=\"wp-caption aligncenter\"><a href=\"https:\/\/puntocritico.com\/ausajpuntocritico\/2022\/04\/18\/como-sacar-provecho-de-los-enemigos-por-plutarco-3\/\" target=\"_blank\" rel=\"noopener\" data-schema-attribute=\"\"><img loading=\"lazy\" decoding=\"async\" class=\"wp-image-2424\" src=\"https:\/\/puntocritico.com\/ausajpuntocritico\/wp-content\/uploads\/2017\/05\/Plutarco_1-300x199.jpg\" alt=\"\" width=\"400\" height=\"266\" srcset=\"https:\/\/puntocritico.com\/ausajpuntocritico\/wp-content\/uploads\/2017\/05\/Plutarco_1-300x199.jpg 300w, https:\/\/puntocritico.com\/ausajpuntocritico\/wp-content\/uploads\/2017\/05\/Plutarco_1-678x452.jpg 678w, https:\/\/puntocritico.com\/ausajpuntocritico\/wp-content\/uploads\/2017\/05\/Plutarco_1.jpg 680w\" sizes=\"auto, (max-width: 400px) 100vw, 400px\" \/><\/a><figcaption id=\"caption-attachment-2424\" class=\"wp-caption-text\"><span style=\"color: #008000;\">Plutarco<\/span><\/figcaption><\/figure>\n<p data-gtm-element-container=\"modulo-texto-link\" data-mrf-recirculation=\"Enlaces en p\u00e1rrafos\">\u00a0<\/p>\n<p class=\"paragraph\" style=\"text-align: justify;\" data-gtm-element-container=\"modulo-texto-link\" data-mrf-recirculation=\"Enlaces en p\u00e1rrafos\"><span style=\"font-size: 14pt;\">El hombre para <strong>Anaximandro<\/strong> (<em>seg\u00fan dice <a href=\"https:\/\/puntocritico.com\/ausajpuntocritico\/2025\/03\/12\/de-isis-y-osiris\/\" target=\"_blank\" rel=\"noopener\" data-schema-attribute=\"\"><strong>Plutarco<\/strong><\/a><\/em>) es demasiado d\u00e9bil para haber subsistido como tal en \u00e9pocas m\u00e1s hostiles; por esto necesariamente debe provenir de animales parecidos a los peces, que ten\u00edan una mayor protecci\u00f3n y, a su vez, ofrec\u00edan protecci\u00f3n y cobijo a sus cr\u00edas durante mucho tiempo despu\u00e9s de su nacimiento.<\/span><\/p>\n<p>&nbsp;<\/p>\n<blockquote>\n<p style=\"text-align: center;\"><strong><span style=\"font-size: 14pt; color: #008000;\">El hombre para Anaximandro es demasiado d\u00e9bil para haber subsistido como tal en \u00e9pocas m\u00e1s hostiles; por esto necesariamente debe provenir de animales parecidos a los peces, que ten\u00edan una mayor protecci\u00f3n y, a su vez, ofrec\u00edan protecci\u00f3n y cobijo a sus cr\u00edas durante mucho tiempo despu\u00e9s de su nacimiento.<\/span><\/strong><\/p>\n<\/blockquote>\n<p>&nbsp;<\/p>\n<figure id=\"attachment_2313631\" aria-describedby=\"caption-attachment-2313631\" style=\"width: 240px\" class=\"wp-caption aligncenter\"><img loading=\"lazy\" decoding=\"async\" class=\"wp-image-2313631\" src=\"https:\/\/puntocritico.com\/ausajpuntocritico\/wp-content\/uploads\/2025\/10\/Anaximandro-arje-211x300.jpg\" alt=\"\" width=\"240\" height=\"341\" srcset=\"https:\/\/puntocritico.com\/ausajpuntocritico\/wp-content\/uploads\/2025\/10\/Anaximandro-arje-211x300.jpg 211w, https:\/\/puntocritico.com\/ausajpuntocritico\/wp-content\/uploads\/2025\/10\/Anaximandro-arje.jpg 721w\" sizes=\"auto, (max-width: 240px) 100vw, 240px\" \/><figcaption id=\"caption-attachment-2313631\" class=\"wp-caption-text\"><span style=\"color: #008000;\">Anaximandro <\/span><\/figcaption><\/figure>\n<p style=\"text-align: center;\"><strong><span style=\"color: #008000; font-size: 18pt;\">*******<\/span><\/strong><\/p>\n<div class=\"article-top-titles\">\n<div class=\"title-container\">\n<h2 class=\"title\" style=\"text-align: center;\"><span style=\"font-size: 24pt;\">El origen del universo, seg\u00fan Anax\u00edmenes<\/span><\/h2>\n<\/div>\n<\/div>\n<div class=\"epigraph-container\" data-gtm-element-container=\"modulo-texto-link\" data-mrf-recirculation=\"Ep\u00edgrafe noticia\">\n<p class=\"epigraph\" style=\"text-align: center;\"><em><strong><span style=\"font-size: 14pt;\">El elemento clave es el aire, que\u00a0se transforma en las dem\u00e1s cosas a trav\u00e9s de la rarefacci\u00f3n y la condensaci\u00f3n<\/span><\/strong><\/em><\/p>\n<\/div>\n<div class=\"article-media-main\" style=\"text-align: justify;\"><span style=\"font-size: 14pt;\">Por <a href=\"https:\/\/puntocritico.com\/ausajpuntocritico\/2024\/03\/29\/la-utilidad-del-racionalismo-de-spinoza-por-joaquin-callabed\/\" target=\"_blank\" rel=\"noopener\" data-schema-attribute=\"\">Joaqu\u00edn Callabed<\/a><\/span><\/div>\n<div style=\"text-align: justify;\"><span style=\"font-size: 14pt;\"><a href=\"https:\/\/www.lavanguardia.com\/participacion\/red-lectores\/20250906\/11028372\/origen-universo-anaximenes.html\" target=\"_blank\" rel=\"noopener\">La Vanguardia<\/a>, 06 SEPT 2025<\/span><\/div>\n<div>\u00a0<\/div>\n<figure id=\"attachment_2312690\" aria-describedby=\"caption-attachment-2312690\" style=\"width: 555px\" class=\"wp-caption aligncenter\"><img loading=\"lazy\" decoding=\"async\" class=\"wp-image-2312690\" src=\"https:\/\/puntocritico.com\/ausajpuntocritico\/wp-content\/uploads\/2025\/10\/Anaximenes-de-Mileto-300x147.jpeg\" alt=\"\" width=\"555\" height=\"271\" srcset=\"https:\/\/puntocritico.com\/ausajpuntocritico\/wp-content\/uploads\/2025\/10\/Anaximenes-de-Mileto-300x147.jpeg 300w, https:\/\/puntocritico.com\/ausajpuntocritico\/wp-content\/uploads\/2025\/10\/Anaximenes-de-Mileto-768x375.jpeg 768w, https:\/\/puntocritico.com\/ausajpuntocritico\/wp-content\/uploads\/2025\/10\/Anaximenes-de-Mileto.jpeg 990w\" sizes=\"auto, (max-width: 555px) 100vw, 555px\" \/><figcaption id=\"caption-attachment-2312690\" class=\"wp-caption-text\"><span style=\"color: #008000;\">Anax\u00edmenes de Mileto. Dominio P\u00fablico<\/span><\/figcaption><\/figure>\n<p>&nbsp;<\/p>\n<p class=\"paragraph\" style=\"text-align: justify;\" data-gtm-element-container=\"modulo-texto-link\" data-mrf-recirculation=\"Enlaces en p\u00e1rrafos\"><span style=\"font-size: 14pt;\"><strong>Anax\u00edmenes<\/strong> naci\u00f3 en <em>Mileto<\/em> (590-528-525 a. C). Disc\u00edpulo de <strong>Tales<\/strong> y compa\u00f1ero de <strong>Anaximandro<\/strong>, coincidi\u00f3 con este en que <strong>el principio de todas las cosas (<em>arch\u00e9<\/em>) y tambi\u00e9n el substrato que permanece invariable ante todos los cambios es infinito<\/strong>. <\/span><\/p>\n<p class=\"paragraph\" style=\"text-align: justify;\" data-gtm-element-container=\"modulo-texto-link\" data-mrf-recirculation=\"Enlaces en p\u00e1rrafos\"><span style=\"font-size: 14pt;\">Aunque, a diferencia del <em>\u00e1peiron<\/em> de su mentor <strong>Anaximandro<\/strong>, <strong>Anax\u00edmenes<\/strong> habla de un elemento concreto: <strong>el aire<\/strong>.<\/span><\/p>\n<p class=\"paragraph\" style=\"text-align: justify;\" data-gtm-element-container=\"modulo-texto-link\" data-mrf-recirculation=\"Enlaces en p\u00e1rrafos\"><span style=\"font-size: 14pt;\">Esta sustancia, afirmaba, <strong>se transforma en las dem\u00e1s cosas a trav\u00e9s de la rarefacci\u00f3n y la condensaci\u00f3n<\/strong>. La <strong>rarefacci\u00f3n<\/strong> genera el <strong>fuego<\/strong>, mientras que la <strong>condensaci\u00f3n<\/strong>, el <strong>viento<\/strong>, las <strong>nubes<\/strong>, el <strong>agua<\/strong>, la <strong>tierra<\/strong> y las <strong>piedras<\/strong>; <strong>a partir de estas sustancias, se crean el resto de las cosas<\/strong>.<\/span><\/p>\n<p data-gtm-element-container=\"modulo-texto-link\" data-mrf-recirculation=\"Enlaces en p\u00e1rrafos\">\u00a0<\/p>\n<blockquote>\n<p class=\"paragraph\" style=\"text-align: center;\" data-gtm-element-container=\"modulo-texto-link\" data-mrf-recirculation=\"Enlaces en p\u00e1rrafos\"><span style=\"color: #008000; font-size: 14pt;\"><strong>El aire se transforma en las dem\u00e1s cosas a trav\u00e9s de la rarefacci\u00f3n y la condensaci\u00f3n. <\/strong><\/span><\/p>\n<p class=\"paragraph\" style=\"text-align: center;\" data-gtm-element-container=\"modulo-texto-link\" data-mrf-recirculation=\"Enlaces en p\u00e1rrafos\"><span style=\"color: #008000; font-size: 14pt;\"><strong>La rarefacci\u00f3n genera el fuego, mientras que la condensaci\u00f3n, el viento, las nubes, el agua, la tierra y las piedras; a partir de estas sustancias, se crean el resto de las cosas.<\/strong><\/span><\/p>\n<\/blockquote>\n<p data-gtm-element-container=\"modulo-texto-link\" data-mrf-recirculation=\"Enlaces en p\u00e1rrafos\">\u00a0<\/p>\n<p class=\"paragraph\" style=\"text-align: justify;\" data-gtm-element-container=\"modulo-texto-link\" data-mrf-recirculation=\"Enlaces en p\u00e1rrafos\"><span style=\"font-size: 14pt;\"><strong>Anax\u00edmenes<\/strong> tiene importantes aportaciones en <strong>f\u00edsica<\/strong>, <strong>cosmolog\u00eda<\/strong> y <strong>meteorolog\u00eda<\/strong>.<\/span><\/p>\n<p class=\"paragraph\" style=\"text-align: justify;\" data-gtm-element-container=\"modulo-texto-link\" data-mrf-recirculation=\"Enlaces en p\u00e1rrafos\"><span style=\"font-size: 14pt;\">Su padre fue <strong>Eur\u00edstrato<\/strong>. Seg\u00fan <strong>Apolodora<\/strong> muere en la <strong><em>Olimpiada<\/em> <em>63<\/em> <\/strong>(528-525 a. C.).\u00a0<strong>Teofrasto<\/strong> describe a <strong>Anax\u00edmenes<\/strong> como disc\u00edpulo y compa\u00f1ero de <strong>Anaximandro<\/strong> siendo, al parecer, unos 22 a\u00f1os m\u00e1s joven que \u00e9l.<\/span><\/p>\n<p class=\"paragraph\" style=\"text-align: justify;\" data-gtm-element-container=\"modulo-texto-link\" data-mrf-recirculation=\"Enlaces en p\u00e1rrafos\"><span style=\"font-size: 14pt;\">Seg\u00fan <strong>Plinio el Viejo<\/strong>, <strong>Anax\u00edmenes<\/strong> fue <strong>el primero en analizar el c\u00f3mputo geom\u00e9trico de las sombras para medir las partes y divisiones del d\u00eda<\/strong>, y dise\u00f1\u00f3 para ello un <strong>reloj de sol<\/strong>.<\/span><\/p>\n<p class=\"paragraph\" style=\"text-align: justify;\" data-gtm-element-container=\"modulo-texto-link\" data-mrf-recirculation=\"Enlaces en p\u00e1rrafos\"><span style=\"font-size: 14pt;\">Se le atribuye la composici\u00f3n de un libro,\u00a0<i><strong>Periphyseos<\/strong> (Sobre la Naturaleza)<\/i>, obra que hoy en d\u00eda se ha perdido pero de la que se tiene constancia gracias a<strong> Di\u00f3genes Laercio<\/strong>, quien dijo de <strong>Anax\u00edmenes<\/strong> que <\/span><\/p>\n<blockquote>\n<p class=\"paragraph\" style=\"text-align: justify;\" data-gtm-element-container=\"modulo-texto-link\" data-mrf-recirculation=\"Enlaces en p\u00e1rrafos\"><strong><span style=\"font-size: 14pt; color: #008000;\">\u201c<em>escribi\u00f3 en dialecto j\u00f3nico, en un estilo sencillo y conciso<\/em>\u201d.<\/span><\/strong><\/p>\n<\/blockquote>\n<p data-gtm-element-container=\"modulo-texto-link\" data-mrf-recirculation=\"Enlaces en p\u00e1rrafos\">\u00a0<\/p>\n<figure id=\"attachment_2313637\" aria-describedby=\"caption-attachment-2313637\" style=\"width: 400px\" class=\"wp-caption aligncenter\"><img loading=\"lazy\" decoding=\"async\" class=\"wp-image-2313637\" src=\"https:\/\/puntocritico.com\/ausajpuntocritico\/wp-content\/uploads\/2025\/10\/Astrologia_Sterrenkunde_De_zeven_vrije_kunsten_serietitel_RP-P-BI-6393-300x242.jpg\" alt=\"\" width=\"400\" height=\"322\" srcset=\"https:\/\/puntocritico.com\/ausajpuntocritico\/wp-content\/uploads\/2025\/10\/Astrologia_Sterrenkunde_De_zeven_vrije_kunsten_serietitel_RP-P-BI-6393-300x242.jpg 300w, https:\/\/puntocritico.com\/ausajpuntocritico\/wp-content\/uploads\/2025\/10\/Astrologia_Sterrenkunde_De_zeven_vrije_kunsten_serietitel_RP-P-BI-6393.jpg 500w\" sizes=\"auto, (max-width: 400px) 100vw, 400px\" \/><figcaption id=\"caption-attachment-2313637\" class=\"wp-caption-text\"><span style=\"color: #008000;\">La astrolog\u00eda del grabador holand\u00e9s del siglo XVI, Cornelis Contiene un libro denominado \u00abAnax\u00edmenes\u00bb (abajo a la izquierda).<\/span><\/figcaption><\/figure>\n<h3 class=\"subtitle\" style=\"text-align: center;\"><span style=\"font-size: 18pt;\">Pensamiento de\u00a0Anax\u00edmenes<\/span><\/h3>\n<h4 style=\"text-align: justify;\"><span style=\"font-size: 14pt;\"><strong>F\u00edsica<\/strong><\/span><\/h4>\n<p class=\"paragraph\" style=\"text-align: justify;\" data-gtm-element-container=\"modulo-texto-link\" data-mrf-recirculation=\"Enlaces en p\u00e1rrafos\"><span style=\"font-size: 14pt;\">Se opone a <strong>Anaximandro<\/strong> y a<strong> Tales de Mileto<\/strong> en cuanto a la determinaci\u00f3n del primer principio o <em>arch\u00e9<\/em> que <strong>Anax\u00edmenes<\/strong> considera es el aire.<\/span><\/p>\n<p class=\"paragraph\" style=\"text-align: justify;\" data-gtm-element-container=\"modulo-texto-link\" data-mrf-recirculation=\"Enlaces en p\u00e1rrafos\"><span style=\"font-size: 14pt;\">Probablemente haya tomado esta elecci\u00f3n a partir de la experiencia, e influir\u00eda la observaci\u00f3n de los seres vivos y la importancia del fen\u00f3meno de la respiraci\u00f3n. Sin embargo, el aire no se entiende en su sentido m\u00e1s literal, pues el alma tambi\u00e9n ser\u00eda de este elemento. El aire domina y mantiene unido al cosmos, de la misma manera que el alma lo hace con el cuerpo.\u00a0<\/span><\/p>\n<p class=\"paragraph\" style=\"text-align: justify;\" data-gtm-element-container=\"modulo-texto-link\" data-mrf-recirculation=\"Enlaces en p\u00e1rrafos\"><span style=\"font-size: 14pt;\">Ofrece adem\u00e1s un mecanismo de explicaci\u00f3n de la generaci\u00f3n de las cosas a partir de otro elemento distinto de ellas: la condensaci\u00f3n y la rarefacci\u00f3n.\u00a0<\/span><\/p>\n<p class=\"paragraph\" style=\"text-align: justify;\" data-gtm-element-container=\"modulo-texto-link\" data-mrf-recirculation=\"Enlaces en p\u00e1rrafos\"><span style=\"font-size: 14pt;\">Por condensaci\u00f3n del aire, dice <strong>Anax\u00edmenes<\/strong>, se forman las nubes; si las nubes se condensan, se forma el agua; la condensaci\u00f3n del agua da lugar a la constituci\u00f3n de la Tierra, y la condensaci\u00f3n de la Tierra da lugar a la constituci\u00f3n de las piedras y los minerales.\u00a0<\/span><\/p>\n<p class=\"paragraph\" style=\"text-align: justify;\" data-gtm-element-container=\"modulo-texto-link\" data-mrf-recirculation=\"Enlaces en p\u00e1rrafos\"><span style=\"font-size: 14pt;\">El proceso inverso lo representa la rarefacci\u00f3n: piedra, tierra, agua, nubes, aire y, por \u00faltimo, la rarefacci\u00f3n del aire producir\u00eda el fuego. Por eso el Aire es para <strong>Anaximenes<\/strong> el principio del todo o <em>arche<\/em>.<\/span><\/p>\n<p class=\"paragraph\" data-gtm-element-container=\"modulo-texto-link\" data-mrf-recirculation=\"Enlaces en p\u00e1rrafos\">\u00a0<\/p>\n<figure id=\"attachment_2313638\" aria-describedby=\"caption-attachment-2313638\" style=\"width: 400px\" class=\"wp-caption aligncenter\"><img loading=\"lazy\" decoding=\"async\" class=\"wp-image-2313638\" src=\"https:\/\/puntocritico.com\/ausajpuntocritico\/wp-content\/uploads\/2025\/10\/Anaximenes_of_Miletus_Drawing.jpg\" alt=\"\" width=\"400\" height=\"210\" srcset=\"https:\/\/puntocritico.com\/ausajpuntocritico\/wp-content\/uploads\/2025\/10\/Anaximenes_of_Miletus_Drawing.jpg 330w, https:\/\/puntocritico.com\/ausajpuntocritico\/wp-content\/uploads\/2025\/10\/Anaximenes_of_Miletus_Drawing-300x157.jpg 300w\" sizes=\"auto, (max-width: 400px) 100vw, 400px\" \/><figcaption id=\"caption-attachment-2313638\" class=\"wp-caption-text\"><span style=\"color: #008000;\">Anaximenes of Miletus<\/span><\/figcaption><\/figure>\n<h4 style=\"text-align: justify;\"><span style=\"font-size: 14pt;\"><strong>Cosmolog\u00eda<\/strong><\/span><\/h4>\n<p class=\"paragraph\" style=\"text-align: justify;\" data-gtm-element-container=\"modulo-texto-link\" data-mrf-recirculation=\"Enlaces en p\u00e1rrafos\"><span style=\"font-size: 14pt;\"><strong>Anax\u00edmenes<\/strong> cre\u00eda que la Tierra era plana \u00ab<em>como una hoja\u00bb<\/em>, y que se form\u00f3 por la condensaci\u00f3n del aire; los cuerpos celestes, tambi\u00e9n planos, nacieron a partir de la Tierra, debido a una rarefacci\u00f3n de su <em>pneuma<\/em> o exhalaci\u00f3n.\u00a0<\/span><\/p>\n<p class=\"paragraph\" style=\"text-align: justify;\" data-gtm-element-container=\"modulo-texto-link\" data-mrf-recirculation=\"Enlaces en p\u00e1rrafos\"><span style=\"font-size: 14pt;\">Estos astros son de fuego (<em>\u00abaire rarificado\u00bb<\/em>) y cabalgan sobre el aire, girando alrededor de la Tierra \u00ab<em>como gira un gorro de fieltro en nuestra cabeza<\/em>\u00bb. Adem\u00e1s, existen otros cuerpos, s\u00f3lidos e invisibles, que servir\u00edan para explicar los meteoritos y los eclipses.<\/span><\/p>\n<p class=\"paragraph\" style=\"text-align: justify;\" data-gtm-element-container=\"modulo-texto-link\" data-mrf-recirculation=\"Enlaces en p\u00e1rrafos\"><span style=\"font-size: 14pt;\"><strong>Anax\u00edmenes<\/strong> vuelve a concebir el <em>arch\u00e9<\/em> o <em>arj\u00e9<\/em> como un elemento determinado: el aire (<em>pneuma<\/em>). Del aire cabe decir, como del agua en el caso de <strong>Tales<\/strong>, que es un elemento indispensable para la vida. La diversidad de los seres se debe a dos procesos del aire: rarefacci\u00f3n y condensaci\u00f3n. El aire mismo es lo m\u00e1s dilatado, una piedra es aire muy condensado.\u00a0Observ\u00f3 que el cielo parec\u00eda girar alrededor de la estrella polar.<\/span><\/p>\n<p class=\"paragraph\" style=\"text-align: justify;\" data-gtm-element-container=\"modulo-texto-link\" data-mrf-recirculation=\"Enlaces en p\u00e1rrafos\">\u00a0<\/p>\n<figure id=\"attachment_2313639\" aria-describedby=\"caption-attachment-2313639\" style=\"width: 240px\" class=\"wp-caption aligncenter\"><img loading=\"lazy\" decoding=\"async\" class=\"wp-image-2313639\" src=\"https:\/\/puntocritico.com\/ausajpuntocritico\/wp-content\/uploads\/2025\/10\/Anaximenes-de-Mileto-209x300.png\" alt=\"\" width=\"240\" height=\"344\" srcset=\"https:\/\/puntocritico.com\/ausajpuntocritico\/wp-content\/uploads\/2025\/10\/Anaximenes-de-Mileto-209x300.png 209w, https:\/\/puntocritico.com\/ausajpuntocritico\/wp-content\/uploads\/2025\/10\/Anaximenes-de-Mileto.png 330w\" sizes=\"auto, (max-width: 240px) 100vw, 240px\" \/><figcaption id=\"caption-attachment-2313639\" class=\"wp-caption-text\"><span style=\"color: #008000;\">Anax\u00edmenes de Mileto<\/span><\/figcaption><\/figure>\n<h4 style=\"text-align: justify;\"><span style=\"font-size: 14pt;\"><strong>Meteorolog\u00eda<\/strong><\/span><\/h4>\n<p class=\"paragraph\" style=\"text-align: justify;\" data-gtm-element-container=\"modulo-texto-link\" data-mrf-recirculation=\"Enlaces en p\u00e1rrafos\"><span style=\"font-size: 14pt;\">En asuntos meteorol\u00f3gicos, consider\u00f3 que los terremotos ocurren en per\u00edodos de sequ\u00eda o de muchas lluvias, puesto que cuando la tierra est\u00e1 seca se resquebraja y, con el exceso de humedad, se deshace.\u00a0<\/span><\/p>\n<p class=\"paragraph\" style=\"text-align: justify;\" data-gtm-element-container=\"modulo-texto-link\" data-mrf-recirculation=\"Enlaces en p\u00e1rrafos\"><span style=\"font-size: 14pt;\">El rayo, el trueno y el rel\u00e1mpago se forman por el viento que corta las nubes; la lluvia, cuando las nubes se condensan; el granizo, cuando la lluvia se solidifica, y la nieve, cuando se le agrega una porci\u00f3n de viento.<\/span><\/p>\n<p class=\"paragraph\" style=\"text-align: justify;\" data-gtm-element-container=\"modulo-texto-link\" data-mrf-recirculation=\"Enlaces en p\u00e1rrafos\"><span style=\"font-size: 14pt;\">Un fragmento muy discutido de <strong>Anax\u00edmenes<\/strong> dice que \u00ab<em>as\u00ed como nuestra alma, que es aire, nos mantiene unidos, de la misma manera el pneuma o aire envuelve al cosmos<\/em>\u00bb.<\/span>\u00a0<\/p>\n<p data-gtm-element-container=\"modulo-texto-link\" data-mrf-recirculation=\"Enlaces en p\u00e1rrafos\">\u00a0<\/p>\n<figure id=\"attachment_2313640\" aria-describedby=\"caption-attachment-2313640\" style=\"width: 260px\" class=\"wp-caption aligncenter\"><img loading=\"lazy\" decoding=\"async\" class=\"wp-image-2313640\" src=\"https:\/\/puntocritico.com\/ausajpuntocritico\/wp-content\/uploads\/2025\/10\/Anaximenes-de-Mileto-11-207x300.webp\" alt=\"\" width=\"260\" height=\"377\" srcset=\"https:\/\/puntocritico.com\/ausajpuntocritico\/wp-content\/uploads\/2025\/10\/Anaximenes-de-Mileto-11-207x300.webp 207w, https:\/\/puntocritico.com\/ausajpuntocritico\/wp-content\/uploads\/2025\/10\/Anaximenes-de-Mileto-11.webp 573w\" sizes=\"auto, (max-width: 260px) 100vw, 260px\" \/><figcaption id=\"caption-attachment-2313640\" class=\"wp-caption-text\"><span style=\"color: #008000;\">Anax\u00edmenes de Mileto<\/span><\/figcaption><\/figure>\n<p style=\"text-align: center;\"><strong><span style=\"color: #008000; font-size: 18pt;\">*******<\/span><\/strong><\/p>\n<div class=\"article-top-titles\">\n<div class=\"title-container\">\n<h2 class=\"title\" style=\"text-align: center;\"><span style=\"font-size: 24pt;\">Anax\u00e1goras, el fil\u00f3sofo de la mente<\/span><\/h2>\n<\/div>\n<\/div>\n<div class=\"epigraph-container\" data-gtm-element-container=\"modulo-texto-link\" data-mrf-recirculation=\"Ep\u00edgrafe noticia\">\n<p class=\"epigraph\" style=\"text-align: center;\"><em><strong><span style=\"font-size: 14pt;\">De familia rica, renunci\u00f3 a su herencia, sin interesarse por los bienes materiales y para dedicarse al estudio protagonizando uno de los primeros intentos de concebir una realidad distinta de la meramente material<\/span><\/strong><\/em><\/p>\n<\/div>\n<div class=\"article-media-main\" style=\"text-align: justify;\"><span style=\"font-size: 14pt;\">Por <a href=\"https:\/\/puntocritico.com\/ausajpuntocritico\/2024\/03\/29\/la-utilidad-del-racionalismo-de-spinoza-por-joaquin-callabed\/\" target=\"_blank\" rel=\"noopener\" data-schema-attribute=\"\">Joaqu\u00edn Callabed<\/a><\/span><\/div>\n<div style=\"text-align: justify;\"><span style=\"font-size: 14pt;\"><a href=\"https:\/\/www.lavanguardia.com\/participacion\/red-lectores\/20250930\/11106638\/anaxagoras-filosofo-mente.html\" target=\"_blank\" rel=\"noopener\">La Vanguardia<\/a>, 30 SEPT 2025<\/span><\/div>\n<div>\u00a0<\/div>\n<figure id=\"attachment_2312691\" aria-describedby=\"caption-attachment-2312691\" style=\"width: 555px\" class=\"wp-caption aligncenter\"><img loading=\"lazy\" decoding=\"async\" class=\"wp-image-2312691\" src=\"https:\/\/puntocritico.com\/ausajpuntocritico\/wp-content\/uploads\/2025\/10\/Fresco-de-que-representa-a-Anaxagoras-300x147.jpeg\" alt=\"\" width=\"555\" height=\"271\" srcset=\"https:\/\/puntocritico.com\/ausajpuntocritico\/wp-content\/uploads\/2025\/10\/Fresco-de-que-representa-a-Anaxagoras-300x147.jpeg 300w, https:\/\/puntocritico.com\/ausajpuntocritico\/wp-content\/uploads\/2025\/10\/Fresco-de-que-representa-a-Anaxagoras-768x375.jpeg 768w, https:\/\/puntocritico.com\/ausajpuntocritico\/wp-content\/uploads\/2025\/10\/Fresco-de-que-representa-a-Anaxagoras.jpeg 990w\" sizes=\"auto, (max-width: 555px) 100vw, 555px\" \/><figcaption id=\"caption-attachment-2312691\" class=\"wp-caption-text\"><span style=\"color: #008000;\">Fresco de que representa a Anax\u00e1goras.<\/span><\/figcaption><\/figure>\n<p>&nbsp;<\/p>\n<p class=\"paragraph\" style=\"text-align: justify;\" data-gtm-element-container=\"modulo-texto-link\" data-mrf-recirculation=\"Enlaces en p\u00e1rrafos\"><span style=\"font-size: 14pt;\"><strong>Anax\u00e1goras<\/strong> (500 &#8211; 428 a. C.) fue un <strong>fil\u00f3sofo presocr\u00e1tico<\/strong> que introdujo la noci\u00f3n de\u00a0<strong><i>nous<\/i>\u00a0<\/strong>(<em>mente o pensamiento<\/em>) como <strong>elemento fundamental de su concepci\u00f3n filos\u00f3fica<\/strong>.<\/span><\/p>\n<p class=\"paragraph\" style=\"text-align: justify;\" data-gtm-element-container=\"modulo-texto-link\" data-mrf-recirculation=\"Enlaces en p\u00e1rrafos\"><span style=\"font-size: 14pt;\">Naci\u00f3 en <strong><em>Claz\u00f3menas<\/em> <\/strong>(<em>en la actual Turqu\u00eda<\/em>) y se traslad\u00f3 a <em>Atenas<\/em> (hacia 483 a. C.). <strong>Fue el primer pensador extranjero en establecerse en Atenas<\/strong>. <\/span><\/p>\n<p class=\"paragraph\" style=\"text-align: justify;\" data-gtm-element-container=\"modulo-texto-link\" data-mrf-recirculation=\"Enlaces en p\u00e1rrafos\"><span style=\"font-size: 14pt;\">De familia rica, <strong>Anax\u00e1goras<\/strong> <strong>renunci\u00f3 a su herencia<\/strong>, no interes\u00e1ndose por los bienes materiales para dedicarse por completo al estudio de la naturaleza.<\/span><\/p>\n<p data-gtm-element-container=\"modulo-texto-link\" data-mrf-recirculation=\"Enlaces en p\u00e1rrafos\">\u00a0<\/p>\n<blockquote>\n<p style=\"text-align: center;\" data-gtm-element-container=\"modulo-texto-link\" data-mrf-recirculation=\"Enlaces en p\u00e1rrafos\"><span style=\"color: #008000;\"><strong><span style=\"font-size: 14pt;\">Entre sus alumnos se encontraban Pericles, Arquelao, Prot\u00e1goras de Abdera, Tuc\u00eddides, y Eur\u00edpides, y se dice que tambi\u00e9n Dem\u00f3crito y S\u00f3crates.<\/span><\/strong><\/span><\/p>\n<\/blockquote>\n<p data-gtm-element-container=\"modulo-texto-link\" data-mrf-recirculation=\"Enlaces en p\u00e1rrafos\">\u00a0<\/p>\n<p class=\"paragraph\" style=\"text-align: justify;\" data-gtm-element-container=\"modulo-texto-link\" data-mrf-recirculation=\"Enlaces en p\u00e1rrafos\"><span style=\"font-size: 14pt;\">Entre sus alumnos se encontraban <strong>Pericles<\/strong>, <strong>Arquelao<\/strong>, <strong>Prot\u00e1goras de Abdera<\/strong>, <strong>Tuc\u00eddides<\/strong>, y <strong>Eur\u00edpides<\/strong>, y se dice que tambi\u00e9n <strong>Dem\u00f3crito<\/strong> y <strong>S\u00f3crates<\/strong>.<\/span><\/p>\n<p class=\"paragraph\" style=\"text-align: justify;\" data-gtm-element-container=\"modulo-texto-link\" data-mrf-recirculation=\"Enlaces en p\u00e1rrafos\"><span style=\"font-size: 14pt;\"><strong>Anax\u00e1goras<\/strong> dio tambi\u00e9n <strong>un gran impulso a la investigaci\u00f3n de la naturaleza fundada en la experiencia, la memoria y la t\u00e9cnica<\/strong>.\u00a0Sus observaciones en el <strong>terreno m\u00e9dico<\/strong> se refieren a la regeneraci\u00f3n y a la nutrici\u00f3n y trat\u00f3 de explicar las partes del cuerpo por la uni\u00f3n en la debida proporci\u00f3n de los cuatro elementos postulados por <strong>Emp\u00e9docles<\/strong>.<\/span><\/p>\n<p data-gtm-element-container=\"modulo-texto-link\" data-mrf-recirculation=\"Enlaces en p\u00e1rrafos\">\u00a0<\/p>\n<figure id=\"attachment_2313650\" aria-describedby=\"caption-attachment-2313650\" style=\"width: 225px\" class=\"wp-caption aligncenter\"><a href=\"https:\/\/encyclopaedia.herdereditorial.com\/wiki\/Autor:Emp%C3%A9docles\" target=\"_blank\" rel=\"noopener\" data-schema-attribute=\"\"><img loading=\"lazy\" decoding=\"async\" class=\"wp-image-2313650 size-full\" src=\"https:\/\/puntocritico.com\/ausajpuntocritico\/wp-content\/uploads\/2025\/10\/Empedocles-draw.jpg\" alt=\"\" width=\"225\" height=\"347\" srcset=\"https:\/\/puntocritico.com\/ausajpuntocritico\/wp-content\/uploads\/2025\/10\/Empedocles-draw.jpg 225w, https:\/\/puntocritico.com\/ausajpuntocritico\/wp-content\/uploads\/2025\/10\/Empedocles-draw-195x300.jpg 195w\" sizes=\"auto, (max-width: 225px) 100vw, 225px\" \/><\/a><figcaption id=\"caption-attachment-2313650\" class=\"wp-caption-text\"><span style=\"color: #008000;\">Emp\u00e9docles, fil\u00f3sofo, m\u00edstico, taumaturgo y m\u00e9dico griego presocr\u00e1tico.<\/span><\/figcaption><\/figure>\n<p data-gtm-element-container=\"modulo-texto-link\" data-mrf-recirculation=\"Enlaces en p\u00e1rrafos\">\u00a0<\/p>\n<p class=\"paragraph\" style=\"text-align: justify;\" data-gtm-element-container=\"modulo-texto-link\" data-mrf-recirculation=\"Enlaces en p\u00e1rrafos\"><span style=\"font-size: 14pt;\">Consider\u00f3 que <strong>las enfermedades graves eran debidas al exceso de bilis amarilla y la bilis negra era responsable de las enfermedades leves<\/strong>. <\/span><\/p>\n<p class=\"paragraph\" style=\"text-align: justify;\" data-gtm-element-container=\"modulo-texto-link\" data-mrf-recirculation=\"Enlaces en p\u00e1rrafos\"><span style=\"font-size: 14pt;\">Tambi\u00e9n hizo investigaciones sobre la <strong>anatom\u00eda del cerebro<\/strong>.\u00a0A \u00e9l se le atribuyen las <strong>explicaciones racionales de los eclipses y de la respiraci\u00f3n de los peces<\/strong>.<\/span><\/p>\n<p data-gtm-element-container=\"modulo-texto-link\" data-mrf-recirculation=\"Enlaces en p\u00e1rrafos\">\u00a0<\/p>\n<figure id=\"attachment_2313642\" aria-describedby=\"caption-attachment-2313642\" style=\"width: 300px\" class=\"wp-caption aligncenter\"><img loading=\"lazy\" decoding=\"async\" class=\"wp-image-2313642 size-full\" src=\"https:\/\/puntocritico.com\/ausajpuntocritico\/wp-content\/uploads\/2025\/10\/Anaxagoras-11.jpg\" alt=\"\" width=\"300\" height=\"300\" srcset=\"https:\/\/puntocritico.com\/ausajpuntocritico\/wp-content\/uploads\/2025\/10\/Anaxagoras-11.jpg 300w, https:\/\/puntocritico.com\/ausajpuntocritico\/wp-content\/uploads\/2025\/10\/Anaxagoras-11-150x150.jpg 150w\" sizes=\"auto, (max-width: 300px) 100vw, 300px\" \/><figcaption id=\"caption-attachment-2313642\" class=\"wp-caption-text\"><span style=\"color: #008000;\">Anax\u00e1goras<\/span><\/figcaption><\/figure>\n<h3 class=\"subtitle\" style=\"text-align: center;\"><span style=\"font-size: 18pt;\">Anax\u00e1goras dio un gran impulso a la investigaci\u00f3n de la naturaleza fundada en la experiencia, la memoria y la t\u00e9cnica<\/span><\/h3>\n<p class=\"paragraph\" style=\"text-align: justify;\" data-gtm-element-container=\"modulo-texto-link\" data-mrf-recirculation=\"Enlaces en p\u00e1rrafos\"><span style=\"font-size: 14pt;\">Fue conocedor de las doctrinas de <strong>Anax\u00edmenes<\/strong>, <strong>Parm\u00e9nides<\/strong>, <strong>Zen\u00f3n<\/strong> y <strong>Emp\u00e9docles<\/strong>.\u00a0Hab\u00eda ense\u00f1ado en Atenas durante unos 30 a\u00f1os cuando se exili\u00f3 tras ser<strong> acusado de impiedad<\/strong> al sugerir que el Sol era una masa de hierro candente y que la Luna era una roca que reflejaba la luz del Sol y proced\u00eda de la Tierra.<\/span><\/p>\n<p data-gtm-element-container=\"modulo-texto-link\" data-mrf-recirculation=\"Enlaces en p\u00e1rrafos\">\u00a0<\/p>\n<blockquote>\n<p style=\"text-align: center;\" data-gtm-element-container=\"modulo-texto-link\" data-mrf-recirculation=\"Enlaces en p\u00e1rrafos\"><span style=\"color: #008000;\"><strong><span style=\"font-size: 14pt;\">Se exili\u00f3 de Atenas despu\u00e9s de 30 a\u00f1os, tras ser acusado de impiedad al sugerir que el Sol era una masa de hierro candente y que la Luna era una roca que reflejaba la luz del Sol y proced\u00eda de la Tierra<\/span><\/strong><\/span><\/p>\n<\/blockquote>\n<p data-gtm-element-container=\"modulo-texto-link\" data-mrf-recirculation=\"Enlaces en p\u00e1rrafos\">\u00a0<\/p>\n<p class=\"paragraph\" style=\"text-align: justify;\" data-gtm-element-container=\"modulo-texto-link\" data-mrf-recirculation=\"Enlaces en p\u00e1rrafos\"><span style=\"font-size: 14pt;\">March\u00f3 a Jonia y se estableci\u00f3 en <em>L\u00e1mpsaco<\/em> (<em>una colonia de Mileto<\/em>), donde, seg\u00fan dicen,<strong> se dej\u00f3 morir de hambre<\/strong> (<strong>Di\u00f3genes Laercio<\/strong>, II, 14). Es seguro, en todo caso, que en tal lugar fue venerado (<em><strong>Arist\u00f3teles<\/strong><\/em>), e incluso debi\u00f3 de haber un grupo de seguidores suyos (<strong>Eusebio de Cesarea)<\/strong>.<\/span><\/p>\n<p data-gtm-element-container=\"modulo-texto-link\" data-mrf-recirculation=\"Enlaces en p\u00e1rrafos\">\u00a0<\/p>\n<figure id=\"attachment_2313643\" aria-describedby=\"caption-attachment-2313643\" style=\"width: 300px\" class=\"wp-caption aligncenter\"><img loading=\"lazy\" decoding=\"async\" class=\"wp-image-2313643 size-medium\" src=\"https:\/\/puntocritico.com\/ausajpuntocritico\/wp-content\/uploads\/2025\/10\/anaxagoras-33-300x293.jpg\" alt=\"\" width=\"300\" height=\"293\" srcset=\"https:\/\/puntocritico.com\/ausajpuntocritico\/wp-content\/uploads\/2025\/10\/anaxagoras-33-300x293.jpg 300w, https:\/\/puntocritico.com\/ausajpuntocritico\/wp-content\/uploads\/2025\/10\/anaxagoras-33.jpg 340w\" sizes=\"auto, (max-width: 300px) 100vw, 300px\" \/><figcaption id=\"caption-attachment-2313643\" class=\"wp-caption-text\"><span style=\"color: #008000;\">Anax\u00e1goras<\/span><\/figcaption><\/figure>\n<h3 class=\"subtitle\" style=\"text-align: center;\"><span style=\"font-size: 18pt;\">Filosof\u00eda y pensamiento<\/span><\/h3>\n<p class=\"paragraph\" style=\"text-align: justify;\" data-gtm-element-container=\"modulo-texto-link\" data-mrf-recirculation=\"Enlaces en p\u00e1rrafos\"><span style=\"font-size: 14pt;\">Concibe el\u00a0<i>nous\u00a0<\/i>como origen del universo y causa de la existencia.\u00a0<strong>Anax\u00e1goras<\/strong> expuso su filosof\u00eda en su obra\u00a0<i><strong>Periphyseos<\/strong> (Sobre la naturaleza<\/i>), pero <strong>solo algunos fragmentos de sus libros han perdurado<\/strong>.<\/span><\/p>\n<p class=\"paragraph\" style=\"text-align: justify;\" data-gtm-element-container=\"modulo-texto-link\" data-mrf-recirculation=\"Enlaces en p\u00e1rrafos\"><span style=\"font-size: 14pt;\">Para explicar la pluralidad de objetos en el mundo dotados de cualidades diferentes, <strong>recurre a la suposici\u00f3n de que todas las cosas estar\u00edan formadas por part\u00edculas elementales<\/strong>, que llama con el nombre de \u201c<strong><em>semillas<\/em><\/strong>\u201d (<i>spermata<\/i>, en griego). <\/span><\/p>\n<p class=\"paragraph\" style=\"text-align: justify;\" data-gtm-element-container=\"modulo-texto-link\" data-mrf-recirculation=\"Enlaces en p\u00e1rrafos\"><span style=\"font-size: 14pt;\">M\u00e1s tarde <strong>Arist\u00f3teles<\/strong> llama a estas part\u00edculas con el nombre de\u00a0<strong><i>homeomer\u00edas<\/i>\u00a0<\/strong>(<em>partes semejantes<\/em>).<\/span><\/p>\n<p class=\"paragraph\" style=\"text-align: justify;\" data-gtm-element-container=\"modulo-texto-link\" data-mrf-recirculation=\"Enlaces en p\u00e1rrafos\"><span style=\"font-size: 14pt;\">Seg\u00fan <strong>Arist\u00f3teles<\/strong>, <strong>Anax\u00e1goras<\/strong> concibe el\u00a0<strong><i>nous<\/i>\u00a0<\/strong>como origen del universo y causa de la existencia, pero a la vez trata de explicarse y llama a encontrar las cosas cotidianas de lo que ocurre en el mundo.\u00a0<\/span><\/p>\n<p data-gtm-element-container=\"modulo-texto-link\" data-mrf-recirculation=\"Enlaces en p\u00e1rrafos\">\u00a0<\/p>\n<blockquote>\n<p style=\"text-align: center;\" data-gtm-element-container=\"modulo-texto-link\" data-mrf-recirculation=\"Enlaces en p\u00e1rrafos\"><strong><span style=\"font-size: 14pt; color: #008000;\">Anax\u00e1goras concibe el\u00a0<i>nous<\/i>\u00a0como origen del universo y causa de la existencia, pero a la vez trata de explicarse y llama a encontrar las cosas cotidianas de lo que ocurre en el mundo. <\/span><\/strong><\/p>\n<p style=\"text-align: center;\" data-gtm-element-container=\"modulo-texto-link\" data-mrf-recirculation=\"Enlaces en p\u00e1rrafos\"><strong><span style=\"font-size: 14pt; color: #008000;\"><span style=\"font-size: 14pt;\">Hizo formar parte de su explicaci\u00f3n de la realidad al concepto de <i>nous<\/i>, inteligencia, la cual, siendo un \u00abfluido\u00bb extremadamente sutil, se filtra por entre los recovecos de la materia, a la que anima con su movimiento.<\/span><\/span><\/strong><\/p>\n<\/blockquote>\n<p data-gtm-element-container=\"modulo-texto-link\" data-mrf-recirculation=\"Enlaces en p\u00e1rrafos\">\u00a0<\/p>\n<p class=\"paragraph\" style=\"text-align: justify;\" data-gtm-element-container=\"modulo-texto-link\" data-mrf-recirculation=\"Enlaces en p\u00e1rrafos\"><span style=\"font-size: 14pt;\">Por otro lado, <strong>hizo formar parte de su explicaci\u00f3n de la realidad al concepto de\u00a0<i>nous<\/i>,<\/strong> inteligencia, la cual, siendo un \u00ab<strong><em>fluido<\/em><\/strong>\u00bb extremadamente sutil, se filtra por entre los recovecos de la materia, a la que anima con su movimiento. <\/span><\/p>\n<p class=\"paragraph\" style=\"text-align: justify;\" data-gtm-element-container=\"modulo-texto-link\" data-mrf-recirculation=\"Enlaces en p\u00e1rrafos\"><span style=\"font-size: 14pt;\"><strong>El\u00a0<i>nous<\/i>\u00a0penetra algunas cosas y otras no<\/strong>, con lo que se explica, siguiendo a <strong>Anax\u00e1goras<\/strong>, la existencia de <strong>objetos animados e inertes<\/strong>.<\/span><\/p>\n<p class=\"paragraph\" style=\"text-align: justify;\" data-gtm-element-container=\"modulo-texto-link\" data-mrf-recirculation=\"Enlaces en p\u00e1rrafos\"><span style=\"font-size: 14pt;\">En cualquier caso <strong>estamos ante uno de los primeros intentos de concebir una realidad distinta de la meramente material<\/strong>, lo cual era una idea nueva.<\/span><\/p>\n<h4 class=\"paragraph\" style=\"text-align: justify;\" data-gtm-element-container=\"modulo-texto-link\" data-mrf-recirculation=\"Enlaces en p\u00e1rrafos\"><span style=\"font-size: 14pt;\"><strong>Anax\u00e1goras<\/strong> conceb\u00eda al\u00a0<i>nous<\/i>\u00a0como:<\/span><\/h4>\n<blockquote><p><span style=\"font-size: 14pt; color: #008000;\"><strong>Consciente e inteligente.<\/strong><\/span><\/p><\/blockquote>\n<blockquote><p><span style=\"font-size: 14pt; color: #008000;\"><strong>Separado de las cosas.<\/strong><\/span><\/p><\/blockquote>\n<blockquote><p><span style=\"font-size: 14pt; color: #008000;\"><strong>Enteramente homog\u00e9neo e igual a s\u00ed mismo.<\/strong><\/span><\/p><\/blockquote>\n<blockquote><p><span style=\"font-size: 14pt; color: #008000;\"><strong>Regidor del movimiento de la materia.<\/strong><\/span><\/p><\/blockquote>\n<blockquote><p><span style=\"font-size: 14pt; color: #008000;\"><strong>Vinculado especialmente al mundo vivo, lo que lo emparenta con la psych\u00e9<\/strong><\/span>.<\/p><\/blockquote>\n<p data-gtm-element-container=\"modulo-texto-link\" data-mrf-recirculation=\"Enlaces en p\u00e1rrafos\">\u00a0<\/p>\n<p class=\"paragraph\" style=\"text-align: justify;\" data-gtm-element-container=\"modulo-texto-link\" data-mrf-recirculation=\"Enlaces en p\u00e1rrafos\"><span style=\"font-size: 14pt;\">De esta manera el\u00a0<strong><i>nous<\/i>\u00a0<\/strong>de <strong>Anax\u00e1goras<\/strong> adopta aspectos del\u00a0<strong><i>\u00e1peiron<\/i>\u00a0<\/strong>de <strong>Anaximandro<\/strong> y del\u00a0<strong><i>logos\u00a0<\/i><\/strong>de <strong>Her\u00e1clito<\/strong>.<\/span><\/p>\n<p data-gtm-element-container=\"modulo-texto-link\" data-mrf-recirculation=\"Enlaces en p\u00e1rrafos\">\u00a0<\/p>\n<figure id=\"attachment_2313644\" aria-describedby=\"caption-attachment-2313644\" style=\"width: 300px\" class=\"wp-caption aligncenter\"><img loading=\"lazy\" decoding=\"async\" class=\"wp-image-2313644 size-medium\" src=\"https:\/\/puntocritico.com\/ausajpuntocritico\/wp-content\/uploads\/2025\/10\/Figura-310-Anaxagoras-de-Clazomene-300x277.png\" alt=\"\" width=\"300\" height=\"277\" srcset=\"https:\/\/puntocritico.com\/ausajpuntocritico\/wp-content\/uploads\/2025\/10\/Figura-310-Anaxagoras-de-Clazomene-300x277.png 300w, https:\/\/puntocritico.com\/ausajpuntocritico\/wp-content\/uploads\/2025\/10\/Figura-310-Anaxagoras-de-Clazomene.png 585w\" sizes=\"auto, (max-width: 300px) 100vw, 300px\" \/><figcaption id=\"caption-attachment-2313644\" class=\"wp-caption-text\"><span style=\"color: #008000;\">Anax\u00e1goras de Clazomene<\/span><\/figcaption><\/figure>\n<h3 class=\"subtitle\" style=\"text-align: center;\"><span style=\"font-size: 18pt;\">Visi\u00f3n teleol\u00f3gica<\/span><\/h3>\n<p class=\"paragraph\" style=\"text-align: justify;\" data-gtm-element-container=\"modulo-texto-link\" data-mrf-recirculation=\"Enlaces en p\u00e1rrafos\"><span style=\"font-size: 14pt;\">Seg\u00fan <strong>Marco Tulio Cicer\u00f3n<\/strong>, en su libro\u00a0<strong><i>Sobre la naturaleza de los dioses<\/i><\/strong>, <strong>Anax\u00e1goras<\/strong> fue disc\u00edpulo y sucesor de <strong>Anax\u00edmenes<\/strong>.<\/span><\/p>\n<p data-gtm-element-container=\"modulo-texto-link\" data-mrf-recirculation=\"Enlaces en p\u00e1rrafos\">\u00a0<\/p>\n<blockquote>\n<p style=\"text-align: center;\" data-gtm-element-container=\"modulo-texto-link\" data-mrf-recirculation=\"Enlaces en p\u00e1rrafos\"><span style=\"font-size: 14pt; color: #008000;\"><strong>Fue el primer fil\u00f3sofo en afirmar que el Universo fue dise\u00f1ado y realizado por el poder racional de una mente infinita<\/strong><\/span><\/p>\n<\/blockquote>\n<p data-gtm-element-container=\"modulo-texto-link\" data-mrf-recirculation=\"Enlaces en p\u00e1rrafos\">\u00a0<\/p>\n<p class=\"paragraph\" style=\"text-align: justify;\" data-gtm-element-container=\"modulo-texto-link\" data-mrf-recirculation=\"Enlaces en p\u00e1rrafos\"><span style=\"font-size: 14pt;\">Y <strong>fue el primer fil\u00f3sofo en afirmar que el Universo fue dise\u00f1ado y realizado por el poder racional de una mente infinita<\/strong>.\u00a0<\/span><\/p>\n<p class=\"paragraph\" style=\"text-align: justify;\" data-gtm-element-container=\"modulo-texto-link\" data-mrf-recirculation=\"Enlaces en p\u00e1rrafos\"><span style=\"font-size: 14pt;\">En este sentido, el fil\u00f3sofo alem\u00e1n <strong>Wilhelm Dilthey<\/strong> (1833 &#8211; 1911) le ha considerado el <\/span><\/p>\n<blockquote>\n<p class=\"paragraph\" style=\"text-align: justify;\" data-gtm-element-container=\"modulo-texto-link\" data-mrf-recirculation=\"Enlaces en p\u00e1rrafos\"><strong><span style=\"font-size: 14pt; color: #008000;\">\u201c<em>fundador del monote\u00edsmo en Europa<\/em>\u201d.<\/span><\/strong><\/p>\n<\/blockquote>\n<p data-gtm-element-container=\"modulo-texto-link\" data-mrf-recirculation=\"Enlaces en p\u00e1rrafos\">\u00a0<\/p>\n<figure id=\"attachment_2313641\" aria-describedby=\"caption-attachment-2313641\" style=\"width: 300px\" class=\"wp-caption aligncenter\"><img loading=\"lazy\" decoding=\"async\" class=\"wp-image-2313641 size-full\" src=\"https:\/\/puntocritico.com\/ausajpuntocritico\/wp-content\/uploads\/2025\/10\/anaxagoras-22.jpg\" alt=\"\" width=\"300\" height=\"341\" srcset=\"https:\/\/puntocritico.com\/ausajpuntocritico\/wp-content\/uploads\/2025\/10\/anaxagoras-22.jpg 300w, https:\/\/puntocritico.com\/ausajpuntocritico\/wp-content\/uploads\/2025\/10\/anaxagoras-22-264x300.jpg 264w\" sizes=\"auto, (max-width: 300px) 100vw, 300px\" \/><figcaption id=\"caption-attachment-2313641\" class=\"wp-caption-text\"><span style=\"color: #008000;\">Anax\u00e1goras<\/span><\/figcaption><\/figure>\n<p>&nbsp;<\/p>\n<p>&nbsp;<\/p>\n<p><a href=\"https:\/\/puntocritico.com\/ausajpuntocritico\/author\/punto-critico\/\"><img loading=\"lazy\" decoding=\"async\" class=\"aligncenter wp-image-48\" src=\"https:\/\/puntocritico.com\/ausajpuntocritico\/wp-content\/uploads\/2016\/11\/Mosca_Punto_Cr\u00edtico_40.png\" alt=\"\" width=\"70\" height=\"70\" data-id=\"48\" \/><\/a><\/p>\n<p>&nbsp;<\/p>\n","protected":false},"excerpt":{"rendered":"<div class=\"mh-excerpt\"><p>Anax\u00edmenes, Anax\u00e1goras y Anaximandro &nbsp; La influencia de Oriente en la Antigua Grecia Las divinidades prehel\u00e9nicas debieron modelar h\u00e1bitos y ritos para hacerlos aceptables a las tribus invasoras Por Joaqu\u00edn Callabed La Vanguardia, 11 JUNIO <a class=\"mh-excerpt-more\" href=\"https:\/\/puntocritico.com\/ausajpuntocritico\/2025\/10\/27\/anaximenes-anaxagoras-y-anaximandro-por-joaquin-callabed\/\" title=\"Anax\u00edmenes, Anax\u00e1goras y Anaximandro, por Joaqu\u00edn Callabed\">[&#8230;]<\/a><\/p>\n<\/div>","protected":false},"author":3,"featured_media":2313578,"comment_status":"closed","ping_status":"closed","sticky":false,"template":"","format":"standard","meta":{"_acf_changed":false,"_exactmetrics_skip_tracking":false,"_exactmetrics_sitenote_active":false,"_exactmetrics_sitenote_note":"","_exactmetrics_sitenote_category":0,"footnotes":""},"categories":[8],"tags":[188],"class_list":{"0":"post-2312688","1":"post","2":"type-post","3":"status-publish","4":"format-standard","5":"has-post-thumbnail","7":"category-filosofia","8":"tag-joaquin-callabed"},"acf":[],"_links":{"self":[{"href":"https:\/\/puntocritico.com\/ausajpuntocritico\/wp-json\/wp\/v2\/posts\/2312688","targetHints":{"allow":["GET"]}}],"collection":[{"href":"https:\/\/puntocritico.com\/ausajpuntocritico\/wp-json\/wp\/v2\/posts"}],"about":[{"href":"https:\/\/puntocritico.com\/ausajpuntocritico\/wp-json\/wp\/v2\/types\/post"}],"author":[{"embeddable":true,"href":"https:\/\/puntocritico.com\/ausajpuntocritico\/wp-json\/wp\/v2\/users\/3"}],"replies":[{"embeddable":true,"href":"https:\/\/puntocritico.com\/ausajpuntocritico\/wp-json\/wp\/v2\/comments?post=2312688"}],"version-history":[{"count":0,"href":"https:\/\/puntocritico.com\/ausajpuntocritico\/wp-json\/wp\/v2\/posts\/2312688\/revisions"}],"wp:featuredmedia":[{"embeddable":true,"href":"https:\/\/puntocritico.com\/ausajpuntocritico\/wp-json\/wp\/v2\/media\/2313578"}],"wp:attachment":[{"href":"https:\/\/puntocritico.com\/ausajpuntocritico\/wp-json\/wp\/v2\/media?parent=2312688"}],"wp:term":[{"taxonomy":"category","embeddable":true,"href":"https:\/\/puntocritico.com\/ausajpuntocritico\/wp-json\/wp\/v2\/categories?post=2312688"},{"taxonomy":"post_tag","embeddable":true,"href":"https:\/\/puntocritico.com\/ausajpuntocritico\/wp-json\/wp\/v2\/tags?post=2312688"}],"curies":[{"name":"wp","href":"https:\/\/api.w.org\/{rel}","templated":true}]}}