{"id":2312288,"date":"2025-10-05T00:05:12","date_gmt":"2025-10-04T22:05:12","guid":{"rendered":"https:\/\/puntocritico.com\/ausajpuntocritico\/?p=2312288"},"modified":"2025-10-05T18:11:43","modified_gmt":"2025-10-05T16:11:43","slug":"la-mas-alta-intensidad-de-la-vida-tiene-como-correlativo-necesario-la-mas-amplia-expansion-guyau-6","status":"publish","type":"post","link":"https:\/\/puntocritico.com\/ausajpuntocritico\/2025\/10\/05\/la-mas-alta-intensidad-de-la-vida-tiene-como-correlativo-necesario-la-mas-amplia-expansion-guyau-6\/","title":{"rendered":"LA M\u00c1S ALTA INTENSIDAD DE LA VIDA TIENE COMO CORRELATIVO NECESARIO LA M\u00c1S AMPLIA EXPANSI\u00d3N. Esbozos de una moral sin sanci\u00f3n ni obligaci\u00f3n, de Jean-Marie Guyau \u2013 PARTE 6"},"content":{"rendered":"<p style=\"text-align: justify;\"><span style=\"color: #008000; font-size: 14pt;\">LA M\u00c1S ALTA INTENSIDAD DE LA VIDA TIENE COMO CORRELATIVO NECESARIO LA M\u00c1S AMPLIA EXPANSI\u00d3N<\/span><\/p>\n<p style=\"text-align: justify;\"><a href=\"https:\/\/puntocritico.com\/ausajpuntocritico\/2025\/08\/31\/esbozos-de-una-moral-sin-sancion-ni-obligacion-de-jean-marie-guyau\/\" target=\"_blank\" rel=\"noopener\" data-schema-attribute=\"\"><strong><span style=\"font-size: 14pt;\">INDICE de CAPITULOS \u00abESBOZOS DE UNA MORAL SIN SANCI\u00f3N NI OBLIGACI\u00f3N\u00bb, J. M. Guyau<\/span><\/strong><\/a><\/p>\n\n<p style=\"text-align: center;\"><span style=\"font-size: 18pt; color: #008000;\"><strong>***<\/strong><\/span><\/p>\n<p style=\"text-align: center;\"><span style=\"font-size: 24pt;\"><strong><em>Esbozos de una moral sin sanci\u00f3n ni obligaci\u00f3n<\/em><\/strong><\/span><\/p>\n<p style=\"text-align: center;\"><strong><span style=\"font-size: 18pt; color: #008000;\">Jean-Marie Guyau<\/span><\/strong><\/p>\n<p style=\"text-align: center;\"><span style=\"font-size: 14pt;\"><strong>PARTE 6<\/strong><\/span><\/p>\n<p style=\"text-align: center;\"><span style=\"font-size: 14pt;\"><u>Libro primero<\/u><\/span><\/p>\n<p style=\"text-align: center;\"><span style=\"font-size: 14pt;\">(&#8230;)<\/span><\/p>\n<p style=\"text-align: center;\"><span style=\"font-size: 14pt;\"><strong><u>Cap\u00edtulo II<\/u><\/strong><\/span><\/p>\n<p style=\"text-align: center;\"><span style=\"font-size: 14pt;\"><strong>La m\u00e1s alta intensidad de la vida tiene como correlativo necesario la m\u00e1s amplia expansi\u00f3n.<\/strong><\/span><\/p>\n<p>&nbsp;<\/p>\n<p><img loading=\"lazy\" decoding=\"async\" class=\"aligncenter wp-image-23905\" src=\"https:\/\/puntocritico.com\/ausajpuntocritico\/wp-content\/uploads\/2019\/11\/Guyau-6-7-OK.jpg\" alt=\"\" width=\"336\" height=\"442\" data-id=\"23905\" \/><\/p>\n<p style=\"text-align: center;\"><span style=\"font-size: 18pt; color: #008000;\"><strong>***<\/strong><\/span><\/p>\n<h2 style=\"text-align: center;\"><strong><span style=\"font-size: 24pt;\">\u00cdNDICE LIBRO PRIMERO<\/span><\/strong><\/h2>\n<p style=\"text-align: center;\"><strong><span style=\"font-size: 14pt;\"><u>Libro primero<\/u>.\u00a0<\/span><\/strong><\/p>\n<p style=\"text-align: center;\"><span style=\"font-size: 14pt;\">El m\u00f3vil moral desde el punto de vista cient\u00edfico. Primeros equivalentes del deber.<\/span><\/p>\n<p style=\"text-align: center;\"><span style=\"font-size: 14pt;\"><strong><u>Cap\u00edtulo primero.<\/u><\/strong>\u00a0<\/span><\/p>\n<p style=\"text-align: center;\"><span style=\"font-size: 14pt;\">La intensidad de la vida es el m\u00f3vil de la acci\u00f3n.<\/span><\/p>\n<p style=\"text-align: center;\"><span style=\"font-size: 14pt;\"><strong><u>Cap\u00edtulo II<\/u><\/strong><\/span><\/p>\n<p style=\"text-align: center;\"><strong><span style=\"font-size: 14pt;\">La m\u00e1s alta intensidad de la vida tiene como correlativo necesario la m\u00e1s amplia expansi\u00f3n.<\/span><\/strong><\/p>\n<p style=\"text-align: center;\"><span style=\"font-size: 14pt;\"><strong><u>Cap\u00edtulo III<\/u><\/strong><\/span><\/p>\n<p style=\"text-align: center;\"><span style=\"font-size: 14pt;\">En qu\u00e9 medida el m\u00f3vil de la acci\u00f3n puede crear una especie de obligaci\u00f3n: poder y deber.<\/span><\/p>\n<p style=\"text-align: center;\"><span style=\"font-size: 14pt;\"><strong><u>Cap\u00edtulo IV<\/u><\/strong><\/span><\/p>\n<p style=\"text-align: center;\"><span style=\"font-size: 14pt;\">El sentimiento de la obligaci\u00f3n desde el punto de vista de la din\u00e1mica mental como fuerza impulsiva o represiva.<\/span><\/p>\n<p>&nbsp;<\/p>\n<p><img loading=\"lazy\" decoding=\"async\" class=\"aligncenter wp-image-2311369\" src=\"https:\/\/puntocritico.com\/ausajpuntocritico\/wp-content\/uploads\/2025\/08\/Guyau-con-firma.jpg\" alt=\"\" width=\"220\" height=\"323\" \/><\/p>\n<p style=\"text-align: center;\"><span style=\"font-size: 18pt;\"><strong><span style=\"color: #008000;\">*******<\/span><\/strong><\/span><\/p>\n<p style=\"text-align: center;\"><span style=\"font-size: 18pt; color: #008000;\"><strong>Cap\u00edtulo segundo<\/strong><\/span><\/p>\n<h2 style=\"text-align: center;\"><span style=\"font-size: 24pt;\"><strong>La m\u00e1s alta intensidad de la vida tiene como correlativo\u00a0necesario la m\u00e1s amplia expansi\u00f3n<\/strong><\/span><\/h2>\n<p style=\"text-align: justify;\"><span style=\"font-size: 14pt;\">Existencia y vida, desde el punto de vista fisiol\u00f3gico, implican nutrici\u00f3n, consecuentemente, apropiaci\u00f3n y transformaci\u00f3n para s\u00ed de las fuerzas de la naturaleza: la vida es una especie de gravitaci\u00f3n sobre s\u00ed. <\/span><\/p>\n<p style=\"text-align: justify;\"><span style=\"font-size: 14pt;\">Pero el ser, hasta para tener lo necesario, tiene siempre necesidad de acumular un exceso de fuerza, el ahorro es la ley misma de la naturaleza. <strong>\u00bfEn qu\u00e9 se convertir\u00e1 este exceso de fuerza acumulada por todo ser sano, esta superabundancia que la naturaleza logra producir? <\/strong><\/span><\/p>\n<p style=\"text-align: justify;\"><span style=\"font-size: 14pt;\">En primer lugar, podr\u00e1 emplearse en la generaci\u00f3n, que es un simple caso de la nutrici\u00f3n. <em>La reproducci\u00f3n<\/em>,\u00a0 dice <strong>Haeckel<\/strong> <a id=\"ref1a\"><\/a><a href=\"#ref1\">(1)<\/a>,\u00a0<\/span><span style=\"font-size: 14pt;\"><em>es un exceso de nutrici\u00f3n y de crecimiento, en virtud del cual, una porci\u00f3n del individuo se ha independizado por completo<\/em>.<\/span><\/p>\n<p>&nbsp;<\/p>\n<blockquote>\n<p style=\"text-align: center;\"><em><span style=\"color: #008000;\"><strong><span style=\"font-size: 14pt;\">La reproducci\u00f3n <\/span><span style=\"font-size: 14pt;\">es un exceso de nutrici\u00f3n y de crecimiento, en virtud del cual, una porci\u00f3n del individuo se ha independizado por completo<\/span><\/strong><\/span><\/em> <span style=\"color: #008000;\"><strong><span style=\"font-size: 14pt;\">(Haeckel)<\/span><\/strong><\/span><\/p>\n<\/blockquote>\n<p>&nbsp;<\/p>\n<figure id=\"attachment_12128\" aria-describedby=\"caption-attachment-12128\" style=\"width: 440px\" class=\"wp-caption aligncenter\"><a href=\"https:\/\/puntocritico.com\/ausajpuntocritico\/2019\/12\/11\/memes-los-nuevos-replicadores-por-richard-dawkins-el-gen-egoista-capitulo-xi-2\/\" target=\"_blank\" rel=\"noopener\" data-schema-attribute=\"\"><img loading=\"lazy\" decoding=\"async\" class=\"wp-image-12128\" src=\"https:\/\/puntocritico.com\/ausajpuntocritico\/wp-content\/uploads\/2018\/05\/genetica-del-egoismo-altruismo-memes-300x173.jpeg\" alt=\"\" width=\"440\" height=\"253\" srcset=\"https:\/\/puntocritico.com\/ausajpuntocritico\/wp-content\/uploads\/2018\/05\/genetica-del-egoismo-altruismo-memes-300x173.jpeg 300w, https:\/\/puntocritico.com\/ausajpuntocritico\/wp-content\/uploads\/2018\/05\/genetica-del-egoismo-altruismo-memes.jpeg 320w\" sizes=\"auto, (max-width: 440px) 100vw, 440px\" \/><\/a><figcaption id=\"caption-attachment-12128\" class=\"wp-caption-text\"><span style=\"color: #008000;\">Gen\u00e9tica del ego\u00edsmo-altruismo<\/span><\/figcaption><\/figure>\n<p>&nbsp;<\/p>\n<p style=\"text-align: justify;\"><span style=\"font-size: 14pt;\"><strong>En la c\u00e9lula elemental, la generaci\u00f3n toma la forma de una simple divisi\u00f3n<\/strong>. M\u00e1s tarde, se hace una especie de distribuci\u00f3n del trabajo, y la reproducci\u00f3n se convierte en una funci\u00f3n especial, cumplida por las c\u00e9lulas germinales: es la <em>esporogenia<\/em>. Despu\u00e9s, <strong>finalmente, dos c\u00e9lulas, la una ovular y la otra esperm\u00e1tica, se unen y se funden para formar un nuevo individuo<\/strong>. <\/span><\/p>\n<p style=\"text-align: justify;\"><span style=\"font-size: 14pt;\"><strong>Esta conjunci\u00f3n de dos c\u00e9lulas no tiene nada de misterioso; el tejido muscular y el nervioso resultan en gran parte de esas fusiones celulares<\/strong>.<\/span><\/p>\n<p>&nbsp;<\/p>\n<blockquote>\n<p style=\"text-align: center;\"><span style=\"color: #008000;\"><strong><span style=\"font-size: 14pt;\">Con la generaci\u00f3n sexual (<em>anfigonia<\/em>) comienza para el mundo una nueva fase moral:<\/span><\/strong><\/span><\/p>\n<p style=\"text-align: center;\"><span style=\"color: #008000;\"><strong><span style=\"font-size: 14pt;\">El organismo individual deja de estar aislado.<\/span><\/strong><\/span><\/p>\n<\/blockquote>\n<p>&nbsp;<\/p>\n<p style=\"text-align: justify;\"><span style=\"font-size: 14pt;\">Sin embargo, se puede decir que con la generaci\u00f3n sexual o <em>anfigonia<\/em> comienza para el mundo una nueva fase moral. <strong>El organismo individual deja de estar aislado; gradualmente, su centro de gravitaci\u00f3n se desplaza, y cada vez se desplazar\u00e1 m\u00e1s<\/strong>.<\/span><\/p>\n<p>&nbsp;<\/p>\n<blockquote>\n<p style=\"text-align: center;\"><span style=\"color: #008000;\"><em><strong><span style=\"font-size: 14pt;\">La sexualidad tiene una importancia capital en la vida moral: si por milagro, la generaci\u00f3n asexuada hubiese prevalecido en las especies animales y (en \u00faltimo t\u00e9rmino) en la humanidad, la sociedad apenas existir\u00eda. <\/span><\/strong><\/em><\/span><\/p>\n<p style=\"text-align: center;\"><span style=\"color: #008000;\"><em><strong><span style=\"font-size: 14pt;\">Desde hace mucho tiempo, se ha notado que las mujeres y hombres solteros y los eunucos son habitualmente m\u00e1s ego\u00edstas: su centro permanece siempre en lo m\u00e1s profundo de ellos mismos, sin oscilar jam\u00e1s. <\/span><\/strong><\/em><\/span><\/p>\n<p style=\"text-align: center;\"><span style=\"color: #008000;\"><em><strong><span style=\"font-size: 14pt;\">Los ni\u00f1os tambi\u00e9n son ego\u00edstas: no poseen todav\u00eda un exceso de vida para derramar hacia el exterior.<\/span><\/strong><\/em><\/span><\/p>\n<\/blockquote>\n<p>&nbsp;<\/p>\n<p><a href=\"https:\/\/puntocritico.com\/ausajpuntocritico\/2023\/06\/05\/el-poder-woke\/\" target=\"_blank\" rel=\"noopener\" data-schema-attribute=\"\"><img loading=\"lazy\" decoding=\"async\" class=\"aligncenter wp-image-2277308\" src=\"https:\/\/puntocritico.com\/ausajpuntocritico\/wp-content\/uploads\/2023\/06\/PODER-WOKE-PPAL-300x199.jpg\" alt=\"\" width=\"400\" height=\"266\" srcset=\"https:\/\/puntocritico.com\/ausajpuntocritico\/wp-content\/uploads\/2023\/06\/PODER-WOKE-PPAL-300x199.jpg 300w, https:\/\/puntocritico.com\/ausajpuntocritico\/wp-content\/uploads\/2023\/06\/PODER-WOKE-PPAL-678x452.jpg 678w, https:\/\/puntocritico.com\/ausajpuntocritico\/wp-content\/uploads\/2023\/06\/PODER-WOKE-PPAL.jpg 680w\" sizes=\"auto, (max-width: 400px) 100vw, 400px\" \/><\/a><\/p>\n<p>&nbsp;<\/p>\n<p style=\"text-align: justify;\"><span style=\"font-size: 14pt;\"><strong>La sexualidad tiene una importancia capital en la vida moral<\/strong>: si por milagro, la generaci\u00f3n asexuada hubiese prevalecido en las especies animales y (<em>en \u00faltimo t\u00e9rmino<\/em>) en la humanidad, la sociedad apenas existir\u00eda. Desde hace mucho tiempo, se ha notado que <strong>las mujeres y hombres solteros y los eunucos son habitualmente m\u00e1s ego\u00edstas: su centro permanece siempre en lo m\u00e1s profundo<\/strong><\/span><span style=\"font-size: 18.6667px;\">. <\/span><\/p>\n<p style=\"text-align: justify;\"><span style=\"font-size: 18.6667px;\"><strong>Los ni\u00f1os tambi\u00e9n son ego\u00edstas<\/strong>: no poseen todav\u00eda un exceso de vida para derramar hacia el exterior <\/span><span style=\"font-size: 14pt;\">de ellos mismos, sin oscilar jam\u00e1s.<\/span><\/p>\n<p style=\"text-align: justify;\"><span style=\"font-size: 14pt;\"><strong>Es en la \u00e9poca de la pubertad cuando sus caracteres, se transforman: el joven tiene todos los entusiasmos, est\u00e1 listo para todos los sacrificios<\/strong>, porque, en efecto, es preciso que sacrifique algo de si, que, en cierta medida, se disminuye; <strong>vive demasiado para no vivir m\u00e1s que para s\u00ed mismo<\/strong>.\u00a0<\/span><span style=\"font-size: 14pt;\"><strong>La \u00e9poca de la generaci\u00f3n es tambi\u00e9n la de la generosidad<\/strong>. <\/span><\/p>\n<p style=\"text-align: justify;\"><span style=\"font-size: 14pt;\"><strong>El anciano, por el contrario, se ve a menudo impulsado nuevamente a ser ego\u00edsta<\/strong>. Los enfermos tienen las mismas tendencias. Siempre que la fuente de vida empobrece, se produce en todo el ser un deseo de ahorrar, de abstenerse para s\u00ed; se duda antes de dejar filtrar hacia el exterior una gota de la savia interior.<\/span><\/p>\n<p>&nbsp;<\/p>\n<blockquote>\n<p style=\"text-align: center;\"><strong><span style=\"font-size: 14pt; color: #008000;\">Siempre que la fuente de vida empobrece, se produce en todo el ser un deseo de ahorrar, de abstenerse para s\u00ed; se duda antes de dejar filtrar hacia el exterior una gota de la savia interior.<\/span><\/strong><\/p>\n<\/blockquote>\n<p>&nbsp;<\/p>\n<p style=\"text-align: justify;\"><span style=\"font-size: 14pt;\"><strong>El primer efecto de la generaci\u00f3n es producir una agrupaci\u00f3n de los organismos, crear la familia y de ah\u00ed la sociedad<\/strong>; pero no es m\u00e1s que uno de sus efectos m\u00e1s visibles y groseros, el <strong>instinto sexual<\/strong>, que acabamos de ver, es una forma superior, pero particular de la necesidad general de fecundidad; ahora bien, esa necesidad, s\u00edntoma de un exceso de fuerza, <strong>no obra solamente sobre los \u00f3rganos especiales de la generaci\u00f3n, sino sobre el organismo entero<\/strong>; ejerce sobre todo el ser una especie de prisi\u00f3n cuyas diversas formas vamos a enumerar.<\/span><\/p>\n<p>&nbsp;<\/p>\n<blockquote>\n<p style=\"text-align: center;\"><strong><span style=\"font-size: 14pt; color: #008000;\">El instinto sexual es una forma superior, pero particular, de la necesidad general de fecundidad. <\/span><\/strong><\/p>\n<p style=\"text-align: center;\"><strong><span style=\"font-size: 14pt; color: #008000;\">Esa necesidad, s\u00edntoma de un exceso de fuerza, no obra solamente sobre los \u00f3rganos especiales de la generaci\u00f3n, sino sobre el organismo entero; ejerce sobre todo el ser una especie de prisi\u00f3n cuyas diversas formas vamos a enumerar.<\/span><\/strong><\/p>\n<\/blockquote>\n<p>&nbsp;<\/p>\n<figure id=\"attachment_23922\" aria-describedby=\"caption-attachment-23922\" style=\"width: 376px\" class=\"wp-caption aligncenter\"><img loading=\"lazy\" decoding=\"async\" class=\"wp-image-23922\" src=\"https:\/\/puntocritico.com\/ausajpuntocritico\/wp-content\/uploads\/2019\/11\/Pelicano-OK.jpg\" alt=\"LA M\u00c1S ALTA INTENSIDAD DE LA VIDA TIENE COMO CORRELATIVO NECESARIO LA M\u00c1S AMPLIA EXPANSI\u00d3N\" width=\"376\" height=\"282\" data-id=\"23922\" srcset=\"https:\/\/puntocritico.com\/ausajpuntocritico\/wp-content\/uploads\/2019\/11\/Pelicano-OK.jpg 259w, https:\/\/puntocritico.com\/ausajpuntocritico\/wp-content\/uploads\/2019\/11\/Pelicano-OK-80x60.jpg 80w\" sizes=\"auto, (max-width: 376px) 100vw, 376px\" \/><figcaption id=\"caption-attachment-23922\" class=\"wp-caption-text\"><span style=\"color: #008000;\">\u2018\u2026 y mientras el mar amasaba peces<\/span><br \/>\n<span style=\"color: #008000;\">yo amasaba tu vientre<\/span><br \/>\n<span style=\"color: #008000;\">y t\u00fa mi poes\u00eda<\/span><br \/>\n<span style=\"color: #008000;\">dos kil\u00f3metros m\u00e1s al sur<\/span><br \/>\n<span style=\"color: #008000;\">un pel\u00edcano lloraba en las rocas\u2019<\/span><br \/>\n<span style=\"color: #008000;\">ALFRED DE MUSSET<\/span><\/figcaption><\/figure>\n<p>&nbsp;<\/p>\n<h3 style=\"text-align: justify;\"><span style=\"font-size: 14pt;\"><strong>1 )<\/strong> <strong>Fecundidad intelectual. <\/strong><\/span><\/h3>\n<p style=\"text-align: justify;\"><span style=\"font-size: 14pt;\">No sin raz\u00f3n se han comparado las obras del pensador con sus hijos. <strong>Una fuerza interior obliga tambi\u00e9n al artista a proyectarse al exterior<\/strong>, a darnos sus entra\u00f1as, como el pel\u00edcano de <strong>Musset<\/strong>.\u00a0<\/span><\/p>\n<p style=\"text-align: justify;\"><span style=\"font-size: 14pt;\">Agreguemos que <strong>esta fecundidad est\u00e1, hasta cierto punto, en oposici\u00f3n con la generaci\u00f3n f\u00edsica<\/strong>; el organismo no puede realizar este doble gasto sin sufrimiento. <strong>Tambi\u00e9n en las especies animales, la fecundidad f\u00edsica parece decrecer con el desarrollo del cerebro<\/strong>.<\/span><\/p>\n<p style=\"text-align: justify;\"><span style=\"font-size: 14pt;\"><strong>Los grandes genios, generalmente, han tenidos hijos de inteligencia inferior a la normal, en los cuales la estirpe se ha extinguido r\u00e1pidamente<\/strong>. Sin duda, esos genios viven todav\u00eda con sus ideas en el cerebro de la raza humana pero, su sangre no ha podido mezclarse con la de \u00e9sta.<\/span><\/p>\n<p style=\"text-align: justify;\"><span style=\"font-size: 14pt;\"><strong>La fecundidad intelectual puede conducir tambi\u00e9n a una especie de relajamiento: se puede abusar del cerebro<\/strong>. El joven se agota, a veces, para toda su vida por un exceso prematuro de trabajo intelectual. La joven americana puede comprometer de la misma forma su futura maternidad o el destino de la generaci\u00f3n que nacer\u00e1 de ella. <\/span><\/p>\n<p style=\"text-align: justify;\"><span style=\"font-size: 14pt;\"><strong>Corresponde a la moral restringir tanto aqu\u00ed como en otro lado, el instinto de productividad<\/strong>. Por regla general, el gasto debe ser una excitaci\u00f3n de la vida y no un agotamiento.<\/span><\/p>\n<p style=\"text-align: justify;\"><span style=\"font-size: 14pt;\">La necesidad de fecundidad intelectual, cualquiera que ella sea, modifica las condiciones de vida en la humanidad m\u00e1s profundamente a\u00fan que la fecundidad sexual.\u00a0<\/span><span style=\"font-size: 14pt;\"><strong>El pensamiento es, en efecto, impersonal y desinteresado<\/strong>.<\/span><\/p>\n<p>&nbsp;<\/p>\n<blockquote>\n<p style=\"text-align: center;\"><strong><span style=\"color: #008000;\"><span style=\"font-size: 14pt;\">Por regla general, el gasto debe ser una excitaci\u00f3n de la vida y no un agotamiento.<\/span><\/span><\/strong><\/p>\n<p style=\"text-align: center;\"><strong><span style=\"color: #008000;\"><span style=\"font-size: 14pt;\">La necesidad de fecundidad intelectual, cualquiera que ella sea, modifica las condiciones de vida en la humanidad m\u00e1s profundamente a\u00fan que la fecundidad sexual.\u00a0<\/span><\/span><\/strong><\/p>\n<p style=\"text-align: center;\"><strong><span style=\"color: #008000;\"><span style=\"font-size: 14pt;\">El pensamiento es, en efecto, impersonal y desinteresado.<\/span><\/span><\/strong><\/p>\n<\/blockquote>\n<p>&nbsp;<\/p>\n<p><img loading=\"lazy\" decoding=\"async\" class=\"aligncenter wp-image-9980\" src=\"https:\/\/puntocritico.com\/ausajpuntocritico\/wp-content\/uploads\/2018\/03\/El-pensamiento-es-subversivo-y-revolucionario-300x253.jpg\" alt=\"\" width=\"360\" height=\"304\" srcset=\"https:\/\/puntocritico.com\/ausajpuntocritico\/wp-content\/uploads\/2018\/03\/El-pensamiento-es-subversivo-y-revolucionario-300x253.jpg 300w, https:\/\/puntocritico.com\/ausajpuntocritico\/wp-content\/uploads\/2018\/03\/El-pensamiento-es-subversivo-y-revolucionario.jpg 500w\" sizes=\"auto, (max-width: 360px) 100vw, 360px\" \/><\/p>\n<p style=\"text-align: justify;\">\u00a0<\/p>\n<h3 style=\"text-align: justify;\"><span style=\"font-size: 14pt;\"><strong>2) Fecundidad de la emoci\u00f3n y de la sensibilidad.<\/strong> <\/span><\/h3>\n<p style=\"text-align: justify;\"><span style=\"font-size: 14pt;\"><strong>Al igual que la inteligencia, la sensibilidad quiere ejercitarse<\/strong>. No somos bastante para nosotros mismos; tenemos m\u00e1s l\u00e1grimas de las que son necesarias para nuestro propio sufrimiento, m\u00e1s alegr\u00edas reservadas que las que justifica nuestra felicidad.\u00a0<\/span><span style=\"font-size: 14pt;\"><strong>Es preciso, en efecto, ir hacia el pr\u00f3jimo, multiplicarse uno mismo por la comuni\u00f3n de pensamientos y sentimientos<\/strong>.<\/span><\/p>\n<p>&nbsp;<\/p>\n<blockquote>\n<p style=\"text-align: center;\"><span style=\"color: #008000;\"><strong><span style=\"font-size: 14pt;\">No somos bastante para nosotros mismos; tenemos m\u00e1s l\u00e1grimas de las que son necesarias para nuestro propio sufrimiento, m\u00e1s alegr\u00edas reservadas que las que justifica nuestra felicidad.\u00a0<\/span><\/strong><\/span><\/p>\n<\/blockquote>\n<p>&nbsp;<\/p>\n<p style=\"text-align: justify;\"><span style=\"font-size: 14pt;\"><strong>De ah\u00ed esa especie de inquietud, de deseo no logrado que hay en el ser demasiado solitario<\/strong>. Cuando se experimente, por ejemplo, un placer art\u00edstico, se quisiera no estar solo para gozarlo. Se desear\u00eda hacer saber al pr\u00f3jimo que uno existe, que siente, que sufre, que ama. <strong>Se querr\u00eda desgarrar el velo de la individualidad<\/strong>. <\/span><\/p>\n<p style=\"text-align: justify;\"><span style=\"font-size: 14pt;\"><strong>\u00bfVanidad? No, la vanidad est\u00e1 muy lejana de nuestros pensamientos. Es m\u00e1s bien, lo contrario del ego\u00edsmo<\/strong>. Los placeres inferiores son a veces ego\u00edstas. Cuando no hay m\u00e1s que un postre, el ni\u00f1o quiere ser el \u00fanico en comerlo. Pero <strong>el verdadero artista no quisiera estar solo al contemplar algo bello, al descubrir alguna verdad, al experimentar un sentimiento generoso<\/strong> <a id=\"ref2a\"><\/a><a href=\"#ref2\">(2)<\/a>. <\/span><\/p>\n<p style=\"text-align: justify;\"><span style=\"font-size: 14pt;\"><strong>Hay, en esos altos placeres, una fuerza de expansi\u00f3n siempre lista a romper la estrecha envoltura del yo<\/strong>. Frente a ellos, uno se siente insuficiente, hecho solamente para transmitirlos, como el \u00e1tomo vibrante del \u00e9ter transmite progresivamente el rayo de luz sideral que lo atraviesa y del cual no retiene m\u00e1s que el estremecimiento de un instante.<\/span><\/p>\n<p style=\"text-align: justify;\"><span style=\"font-size: 14pt;\">Todav\u00eda aqu\u00ed, sin embargo, <strong>es preciso evitar una expansi\u00f3n exagerada de la vida, una especie de desarreglo afectivo<\/strong>. Existen hombres, por otra parte raros, que han vivido demasiado para los otros, que no han retenido lo suficiente para ellos: los moralistas ingleses los censuran con alguna raz\u00f3n.<\/span><\/p>\n<p>&nbsp;<\/p>\n<blockquote>\n<p style=\"text-align: center;\"><strong><span style=\"font-size: 14pt; color: #008000;\">Existen hombres, por otra parte raros, que han vivido demasiado para los otros, que no han retenido lo suficiente para ellos: los moralistas ingleses los censuran con alguna raz\u00f3n. <\/span><\/strong><\/p>\n<p style=\"text-align: center;\"><strong><span style=\"font-size: 14pt; color: #008000;\"><span style=\"font-size: 14pt;\">Un gran hombre, quiz\u00e1s, no tiene siempre el derecho de arriesgar su vida para salvar la de un imb\u00e9cil.<\/span><\/span><\/strong><\/p>\n<\/blockquote>\n<p>&nbsp;<\/p>\n<p style=\"text-align: justify;\"><span style=\"font-size: 14pt;\"><strong>Un gran hombre, quiz\u00e1s, no tiene siempre el derecho de arriesgar su vida para salvar la de un imb\u00e9cil<\/strong>. La joven madre que se olvida demasiado de s\u00ed misma, puede condenar de antemano a una vida enfermiza y desdichada al ni\u00f1o que lleva en su seno. El padre de familia que se somete con los suyos a privaciones cotidianas para dejar alguna ayuda a los ni\u00f1os, terminar\u00e1, en efecto, por dejar alguna fortuna a seres raqu\u00edticos, sin valor para la especie.<\/span><\/p>\n<p>&nbsp;<\/p>\n<blockquote>\n<p style=\"text-align: center;\"><strong><span style=\"font-size: 14pt; color: #008000;\">El padre de familia que se somete con los suyos a privaciones cotidianas para dejar alguna ayuda a los ni\u00f1os, terminar\u00e1, en efecto, por dejar alguna fortuna a seres raqu\u00edticos, sin valor para la especie.<\/span><\/strong><\/p>\n<\/blockquote>\n<p>&nbsp;<\/p>\n<p style=\"text-align: justify;\"><img loading=\"lazy\" decoding=\"async\" class=\"aligncenter wp-image-23912\" src=\"https:\/\/puntocritico.com\/ausajpuntocritico\/wp-content\/uploads\/2019\/11\/Guyau-6-4-OK.jpg\" alt=\"\" width=\"480\" height=\"309\" data-id=\"23912\" \/><\/p>\n<p>&nbsp;<\/p>\n<h3 style=\"text-align: justify;\"><span style=\"font-size: 14pt;\"><strong>3) Fecundidad de la voluntad.<\/strong> <\/span><\/h3>\n<p style=\"text-align: justify;\"><span style=\"font-size: 14pt;\">Tenemos necesidad de producir, de imprimir la forma de nuestra actividad en el mundo. La acci\u00f3n ha llegado a ser una especie de necesidad para la mayor\u00eda de los hombres. <strong>La forma m\u00e1s constante y regular de la acci\u00f3n es el trabajo, con la atenci\u00f3n que exige. <\/strong><\/span><span style=\"font-size: 14pt;\"><strong>El salvaje es incapaz de un verdadero trabajo<\/strong>. Tanto m\u00e1s cuanto mayor es su degradaci\u00f3n.<\/span><\/p>\n<p>&nbsp;<\/p>\n<blockquote>\n<p style=\"text-align: center;\"><span style=\"color: #008000;\"><strong><span style=\"font-size: 14pt;\">El salvaje es incapaz de un verdadero trabajo. <\/span><\/strong><\/span><\/p>\n<p style=\"text-align: center;\"><span style=\"color: #008000;\"><strong><span style=\"font-size: 14pt;\">Tanto m\u00e1s cuanto mayor es su degradaci\u00f3n.<\/span><\/strong><\/span><\/p>\n<p style=\"text-align: center;\"><span style=\"color: #008000;\"><strong><span style=\"font-size: 14pt;\">Los organismos que, entre nosotros, son los vestigios a\u00fan vivientes del hombre primitivo -los criminales- tienen, en general, como rasgo distintivo, horror al trabajo. <\/span><\/strong><\/span><\/p>\n<p style=\"text-align: center;\"><span style=\"color: #008000;\"><strong><span style=\"font-size: 14pt;\"> Se puede decir que el aburrimiento es en el hombre un signo de superioridad, de fecundidad del querer. <\/span><\/strong><\/span><\/p>\n<\/blockquote>\n<p>&nbsp;<\/p>\n<p style=\"text-align: justify;\"><span style=\"font-size: 14pt;\">Los organismos que, entre nosotros, son los vestigios a\u00fan vivientes del hombre primitivo -los criminales- tienen, en general, como rasgo distintivo, horror al trabajo. No se aburren con la inactividad. Se puede decir que el aburrimiento es en el hombre un signo de superioridad, de fecundidad del querer. <strong>El pueblo que ha conocido el <em><a href=\"https:\/\/puntocritico.com\/ausajpuntocritico\/2023\/08\/23\/las-flores-del-mal-de-charles-baudelaire\/#Spleen\" target=\"_blank\" rel=\"noopener\" data-schema-attribute=\"\">spleen<\/a> (estado de melancol\u00eda sin causa definida o de angustia vital de una persona<\/em>) es el m\u00e1s activo de los pueblos<\/strong>.\u00a0<\/span><\/p>\n<p style=\"text-align: justify;\"><span style=\"font-size: 14pt;\">Con el tiempo, el trabajo llegar\u00e1 a ser cada vez m\u00e1s necesario para el hombre. Ahora bien, <strong>el trabajo es el fen\u00f3meno a la vez econ\u00f3mico y moral, donde mejor se concilian el ego\u00edsmo y el altruismo<\/strong>. Trabajar es producir, y producir es ser, al mismo tiempo, \u00fatil para s\u00ed y para los otros.<\/span><\/p>\n<p>&nbsp;<\/p>\n<blockquote>\n<p style=\"text-align: center;\"><span style=\"color: #008000;\"><strong><span style=\"font-size: 14pt;\">El trabajo es el fen\u00f3meno a la vez econ\u00f3mico y moral, donde mejor se concilian el ego\u00edsmo y el altruismo. <\/span><\/strong><\/span><\/p>\n<p style=\"text-align: center;\"><span style=\"color: #008000;\"><strong><span style=\"font-size: 14pt;\">Trabajar es producir, y producir es ser, al mismo tiempo, \u00fatil para s\u00ed y para los otros. <\/span><\/strong><\/span><\/p>\n<\/blockquote>\n<p>&nbsp;<\/p>\n<p style=\"text-align: justify;\"><span style=\"font-size: 14pt;\"><strong>El trabajo no puede llegar a ser peligroso m\u00e1s que por su acumulaci\u00f3n en forma de Capital<\/strong>; entonces puede tomar un car\u00e1cter francamente <em><strong>ego\u00edsta<\/strong> <\/em>y, en virtud de una contradicci\u00f3n \u00edntima conducir a su propia supresi\u00f3n por la ociosidad misma que permite. Pero, <strong>en su forma viva, el trabajo es siempre bueno<\/strong>. <\/span><\/p>\n<p style=\"text-align: justify;\"><span style=\"font-size: 14pt;\"><strong>Corresponde a las leyes sociales impedir los malos resultados de la acumulaci\u00f3n del trabajo -exceso de ociosidad para s\u00ed y exceso de poder sobre los otros-<\/strong> c\u00f3mo se vigila para aislar a las pilas el\u00e9ctricas demasiado poderosas.<\/span><\/p>\n<p>&nbsp;<\/p>\n<blockquote>\n<p style=\"text-align: center;\"><span style=\"color: #008000;\"><strong><span style=\"font-size: 14pt;\">El trabajo no puede llegar a ser peligroso m\u00e1s que por su acumulaci\u00f3n en forma de Capital; entonces puede tomar un car\u00e1cter francamente\u00a0 ego\u00edsta y, en virtud de una contradicci\u00f3n \u00edntima conducir a su propia supresi\u00f3n por la ociosidad misma que permite. (&#8230;) <\/span><\/strong><\/span><\/p>\n<p style=\"text-align: center;\"><span style=\"color: #008000;\"><strong><span style=\"font-size: 14pt;\"><span style=\"font-size: 14pt; color: #008000;\">Corresponde a las leyes sociales impedir los malos resultados de la acumulaci\u00f3n del trabajo -exceso de ociosidad para s\u00ed y exceso de poder sobre los otros- c\u00f3mo se vigila para aislar a las pilas el\u00e9ctricas demasiado poderosas.<\/span><\/span><\/strong><\/span><\/p>\n<\/blockquote>\n<p>&nbsp;<\/p>\n<p><a href=\"https:\/\/puntocritico.com\/ausajpuntocritico\/2025\/02\/23\/pierre-proudhon-que-es-la-propiedad-parte-13-capitulo-iv-la-propiedad-es-imposible-porque-es-madre-de-la-tirania-cuarta-parte\/\" target=\"_blank\" rel=\"noopener\" data-schema-attribute=\"\"><img loading=\"lazy\" decoding=\"async\" class=\"aligncenter wp-image-2307253\" src=\"https:\/\/puntocritico.com\/ausajpuntocritico\/wp-content\/uploads\/2025\/02\/sergio-aquindo-La-propriete-privee-une-longue-construction-PPAL-300x199.jpg\" alt=\"\" width=\"400\" height=\"266\" srcset=\"https:\/\/puntocritico.com\/ausajpuntocritico\/wp-content\/uploads\/2025\/02\/sergio-aquindo-La-propriete-privee-une-longue-construction-PPAL-300x199.jpg 300w, https:\/\/puntocritico.com\/ausajpuntocritico\/wp-content\/uploads\/2025\/02\/sergio-aquindo-La-propriete-privee-une-longue-construction-PPAL-678x452.jpg 678w, https:\/\/puntocritico.com\/ausajpuntocritico\/wp-content\/uploads\/2025\/02\/sergio-aquindo-La-propriete-privee-une-longue-construction-PPAL.jpg 680w\" sizes=\"auto, (max-width: 400px) 100vw, 400px\" \/><\/a><\/p>\n<p>&nbsp;<\/p>\n<p style=\"text-align: justify;\"><span style=\"font-size: 14pt;\"><strong>Existe la necesidad de querer y trabajar no solamente para s\u00ed, sino tambi\u00e9n para los otros<\/strong>. Se siente la necesidad de ayudar al pr\u00f3jimo, de ayudar con el propio esfuerzo a empujar el carruaje que penosamente arrastra la humanidad, en todo caso de moverse alrededor.<\/span><\/p>\n<p>&nbsp;<\/p>\n<blockquote>\n<p style=\"text-align: center;\"><strong><span style=\"font-size: 14pt; color: #008000;\">Se siente la necesidad de ayudar al pr\u00f3jimo, de ayudar con el propio esfuerzo a empujar el carruaje que penosamente arrastra la humanidad, en todo caso de moverse alrededor. <\/span><\/strong><\/p>\n<p style=\"text-align: center;\"><strong><span style=\"font-size: 14pt; color: #008000;\">U<span style=\"font-size: 14pt;\">na de las formas inferiores de esta necesidad es la ambici\u00f3n.<\/span><\/span><\/strong><\/p>\n<\/blockquote>\n<p>&nbsp;<\/p>\n<p style=\"text-align: justify;\"><span style=\"font-size: 14pt;\"><strong>Una de las formas inferiores de esta necesidad es la ambici\u00f3n<\/strong>, en la que <strong>no hay que ver solamente un deseo de honores y de fama, porque es tambi\u00e9n, y ante todo, una necesidad de acci\u00f3n o de <\/strong>palabra, abundancia de vida en su forma un poco grosera de potencia motriz, de actividad material, de tensi\u00f3n nerviosa.<\/span><\/p>\n<p>&nbsp;<\/p>\n<blockquote>\n<p style=\"text-align: center;\"><strong><span style=\"font-size: 14pt; color: #008000;\">La ambici\u00f3n, en la que no hay que ver solamente un deseo de honores y de fama, porque es tambi\u00e9n, y ante todo, una necesidad de acci\u00f3n o de palabra, abundancia de vida en su forma un poco grosera de potencia motriz, de actividad material, de tensi\u00f3n nerviosa.<\/span><\/strong><\/p>\n<\/blockquote>\n<p>&nbsp;<\/p>\n<p><img loading=\"lazy\" decoding=\"async\" class=\"aligncenter wp-image-2265365\" src=\"https:\/\/puntocritico.com\/ausajpuntocritico\/wp-content\/uploads\/2023\/01\/desigualdad-genetica-300x225.png\" alt=\"\" width=\"360\" height=\"270\" srcset=\"https:\/\/puntocritico.com\/ausajpuntocritico\/wp-content\/uploads\/2023\/01\/desigualdad-genetica-300x225.png 300w, https:\/\/puntocritico.com\/ausajpuntocritico\/wp-content\/uploads\/2023\/01\/desigualdad-genetica-610x458.png 610w, https:\/\/puntocritico.com\/ausajpuntocritico\/wp-content\/uploads\/2023\/01\/desigualdad-genetica-326x245.png 326w, https:\/\/puntocritico.com\/ausajpuntocritico\/wp-content\/uploads\/2023\/01\/desigualdad-genetica-80x60.png 80w, https:\/\/puntocritico.com\/ausajpuntocritico\/wp-content\/uploads\/2023\/01\/desigualdad-genetica.png 640w\" sizes=\"auto, (max-width: 360px) 100vw, 360px\" \/><\/p>\n<p>&nbsp;<\/p>\n<blockquote>\n<p style=\"text-align: center;\"><span style=\"font-size: 14pt; color: #008000;\"><strong>Algunos caracteres poseen sobre todo la fecundidad de la voluntad<\/strong><\/span><\/p>\n<\/blockquote>\n<p>&nbsp;<\/p>\n<p style=\"text-align: justify;\"><span style=\"font-size: 14pt;\"><strong>Algunos caracteres poseen sobre todo la fecundidad de la voluntad<\/strong>, por ejemplo <strong>Napole\u00f3n I<\/strong>; \u00e9stos transforman la faz del mundo a fin de imprimir en \u00e9l su efigie; <strong>quieren sustituir la voluntad de los otros por la suya, pero tienen una sensibilidad pobre, una inteligencia incapaz de crear en el gran sentido de la palabra<\/strong>, una inteligencia que no vale por s\u00ed misma, que no piensa por pensar y a la que convierten en un instrumento pasivo de su ambici\u00f3n. <\/span><\/p>\n<p style=\"text-align: justify;\"><span style=\"font-size: 14pt;\">Otros, han representado un papel muy grande en la evoluci\u00f3n humana y en el establecimiento de la moral, pero, <strong>muy a menudo, carecen de inteligencia y de voluntad<\/strong>.<\/span><\/p>\n<p>&nbsp;<\/p>\n<blockquote>\n<p style=\"text-align: center;\"><span style=\"font-size: 14pt; color: #008000;\"><strong>En suma, la vida tiene dos fases: por una es nutrici\u00f3n y asimilaci\u00f3n, por la otra producci\u00f3n y fecundidad<\/strong><\/span><\/p>\n<\/blockquote>\n<p>&nbsp;<\/p>\n<p style=\"text-align: justify;\"><span style=\"font-size: 14pt;\"><strong>En suma, la vida tiene dos fases: por una es nutrici\u00f3n y asimilaci\u00f3n, por la otra producci\u00f3n y fecundidad<\/strong>. Cuanto m\u00e1s adquiere, m\u00e1s necesita gastar, \u00e9sa es su ley. El gasto no es fisiol\u00f3gicamente un mal, es uno de los t\u00e9rminos de\u00a0 la vida. Es la expiraci\u00f3n que sigue a la inspiraci\u00f3n.<\/span><\/p>\n<p style=\"text-align: justify;\"><span style=\"font-size: 14pt;\">Por lo tanto, hechos todos los c\u00e1lculos, <strong>el gasto para los otros que exige la sociedad no es una p\u00e9rdida para el individuo, es un engrandecimiento deseable y hasta una necesidad<\/strong>.<\/span><\/p>\n<p>&nbsp;<\/p>\n<blockquote>\n<p style=\"text-align: center;\"><span style=\"color: #008000;\"><em><strong><span style=\"font-size: 14pt;\">El hombre quiere convertirse en un ser social y moral, est\u00e1 siempre atormentado por esta idea. <\/span><\/strong><\/em><\/span><\/p>\n<p style=\"text-align: center;\"><span style=\"color: #008000;\"><em><strong><span style=\"font-size: 14pt;\">Las c\u00e9lulas delicadas de su cerebro y de su coraz\u00f3n aspiran a vivir y a desarrollarse de la misma forma que esos hom\u00fanculos de que habla Ren\u00e1n en alguna parte: cada uno de nosotros siente en s\u00ed una especie de empuje de la vida moral, como el de la savia f\u00edsica. <\/span><\/strong><\/em><\/span><\/p>\n<p style=\"text-align: center;\"><span style=\"color: #008000;\"><em><strong><span style=\"font-size: 14pt;\">Vida es fecundidad, y rec\u00edprocamente, fecundidad es vida desbordante, esto es la verdadera existencia. <\/span><\/strong><\/em><\/span><\/p>\n<p style=\"text-align: center;\"><span style=\"color: #008000;\"><em><strong><span style=\"font-size: 14pt;\">Existe una cierta generosidad inseparable de la existencia, y sin la cual se muere, se deseca uno interiormente. <\/span><\/strong><\/em><\/span><\/p>\n<p style=\"text-align: center;\"><span style=\"color: #008000;\"><em><strong><span style=\"font-size: 14pt;\">Hay que florecer; la moralidad, el desinter\u00e9s, son las flores de la vida humana.<\/span><\/strong><\/em><\/span><\/p>\n<\/blockquote>\n<p>&nbsp;<\/p>\n<p><a href=\"https:\/\/puntocritico.com\/ausajpuntocritico\/2024\/05\/16\/memnon-voltaire\/\" target=\"_blank\" rel=\"noopener\" data-schema-attribute=\"\"><img loading=\"lazy\" decoding=\"async\" class=\"aligncenter wp-image-2298214\" src=\"https:\/\/puntocritico.com\/ausajpuntocritico\/wp-content\/uploads\/2024\/05\/Sabiduria-humana-pajaros-PPAL-300x199.jpg\" alt=\"\" width=\"440\" height=\"292\" srcset=\"https:\/\/puntocritico.com\/ausajpuntocritico\/wp-content\/uploads\/2024\/05\/Sabiduria-humana-pajaros-PPAL-300x199.jpg 300w, https:\/\/puntocritico.com\/ausajpuntocritico\/wp-content\/uploads\/2024\/05\/Sabiduria-humana-pajaros-PPAL-678x452.jpg 678w, https:\/\/puntocritico.com\/ausajpuntocritico\/wp-content\/uploads\/2024\/05\/Sabiduria-humana-pajaros-PPAL.jpg 680w\" sizes=\"auto, (max-width: 440px) 100vw, 440px\" \/><\/a><\/p>\n<p>&nbsp;<\/p>\n<p style=\"text-align: justify;\"><span style=\"font-size: 14pt;\"><strong>El hombre quiere convertirse en un ser social y moral, est\u00e1 siempre atormentado por esta idea<\/strong>. Las c\u00e9lulas delicadas de su cerebro y de su coraz\u00f3n aspiran a vivir y a desarrollarse de la misma forma que esos <em>hom\u00fanculos <\/em>de que habla <strong>Ren\u00e1n<\/strong> en alguna parte: <strong>cada uno de nosotros siente en s\u00ed una especie de empuje de la vida moral, como el de la savia f\u00edsica<\/strong>. <\/span><\/p>\n<p style=\"text-align: justify;\"><span style=\"font-size: 14pt;\"><strong>Vida es fecundidad, y rec\u00edprocamente, fecundidad es vida desbordante, esto es la verdadera existencia<\/strong>. Existe una cierta generosidad inseparable de la existencia, y sin la cual se muere, se deseca uno interiormente. Hay que florecer; <strong>la moralidad, el desinter\u00e9s, son las flores de la vida humana<\/strong>.<\/span><\/p>\n<p>&nbsp;<\/p>\n<blockquote>\n<p style=\"text-align: center;\"><strong><span style=\"font-size: 14pt; color: #008000;\">Vida es fecundidad, y rec\u00edprocamente, fecundidad es vida desbordante, esto es la verdadera existencia. <\/span><\/strong><\/p>\n<p style=\"text-align: center;\"><strong><span style=\"font-size: 14pt; color: #008000;\">Existe una cierta generosidad inseparable de la existencia, y sin la cual se muere, se deseca uno interiormente. <\/span><\/strong><\/p>\n<p style=\"text-align: center;\"><strong><span style=\"font-size: 14pt; color: #008000;\">Hay que florecer; la moralidad, el desinter\u00e9s, son las flores de la vida humana.<\/span><\/strong><\/p>\n<\/blockquote>\n<p>&nbsp;<\/p>\n<figure id=\"attachment_23926\" aria-describedby=\"caption-attachment-23926\" style=\"width: 240px\" class=\"wp-caption aligncenter\"><img loading=\"lazy\" decoding=\"async\" class=\"wp-image-23926\" src=\"https:\/\/puntocritico.com\/ausajpuntocritico\/wp-content\/uploads\/2019\/11\/hom\u00fanculos-de-que-habla-Ren\u00e1n-OK.jpg\" alt=\"\" width=\"240\" height=\"335\" data-id=\"23926\" \/><figcaption id=\"caption-attachment-23926\" class=\"wp-caption-text\"><span style=\"color: #008000;\">Hom\u00fanculo 9, por Hideo Yamamoto<\/span><\/figcaption><\/figure>\n<p>&nbsp;<\/p>\n<p style=\"text-align: justify;\"><span style=\"font-size: 14pt;\"><strong>Siempre se ha representado a la <em>Caridad<\/em> como una madre que tiende a los ni\u00f1os su seno rebosante de leche; es que, en efecto, la caridad se confunde con la fecundidad desbordante<\/strong>; es como una maternidad demasiado plena para limitarse a la familia. <\/span><\/p>\n<p style=\"text-align: justify;\"><span style=\"font-size: 14pt;\">El seno de la madre tiene necesidad de bocas \u00e1vidas que lo agoten; el coraz\u00f3n del ser verdaderamente humano tiene tambi\u00e9n necesidad de hacerse dulce y caritativo para todos; <strong>hay en el bienhechor mismo un llamado interior hacia los que sufren<\/strong>.<\/span><\/p>\n<p style=\"text-align: justify;\"><span style=\"font-size: 14pt;\">Hemos comprobado hasta en la vida de la c\u00e9lula ciega, un principio de expansi\u00f3n que hace que el individuo no pueda bastarse a s\u00ed mismo; la vida m\u00e1s rica resulta ser tambi\u00e9n la m\u00e1s inclinada a prodigarse, a sacrificarse en una cierta medida, a compartirse con los otros. <strong>De donde se desprende que el organismo m\u00e1s perfecto ser\u00e1 tambi\u00e9n el m\u00e1s sociable, y que, el ideal de la vida individual es la vida en com\u00fan<\/strong>.<\/span><\/p>\n<p>&nbsp;<\/p>\n<blockquote>\n<p style=\"text-align: center;\"><span style=\"font-size: 14pt; color: #008000;\"><strong>El organismo m\u00e1s perfecto ser\u00e1 tambi\u00e9n el m\u00e1s sociable, y que, el ideal de la vida individual es la vida en com\u00fan<\/strong><\/span><\/p>\n<\/blockquote>\n<p>&nbsp;<\/p>\n<p><a href=\"https:\/\/puntocritico.com\/ausajpuntocritico\/2023\/06\/21\/de-la-simpatia-la-teoria-de-los-sentimientos-morales-adam-smith\/\" target=\"_blank\" rel=\"noopener\" data-schema-attribute=\"\"><img loading=\"lazy\" decoding=\"async\" class=\"aligncenter wp-image-2280762\" src=\"https:\/\/puntocritico.com\/ausajpuntocritico\/wp-content\/uploads\/2023\/06\/Adam-Smith-Th-Sent-morales-PPAL-300x199.jpg\" alt=\"\" width=\"440\" height=\"292\" srcset=\"https:\/\/puntocritico.com\/ausajpuntocritico\/wp-content\/uploads\/2023\/06\/Adam-Smith-Th-Sent-morales-PPAL-300x199.jpg 300w, https:\/\/puntocritico.com\/ausajpuntocritico\/wp-content\/uploads\/2023\/06\/Adam-Smith-Th-Sent-morales-PPAL-678x452.jpg 678w, https:\/\/puntocritico.com\/ausajpuntocritico\/wp-content\/uploads\/2023\/06\/Adam-Smith-Th-Sent-morales-PPAL.jpg 680w\" sizes=\"auto, (max-width: 440px) 100vw, 440px\" \/><\/a><\/p>\n<p>&nbsp;<\/p>\n<p style=\"text-align: justify;\"><span style=\"font-size: 14pt;\">Por lo que, nuevamente, <strong>se halla colocada en el fondo del ser la corriente de todos los instintos de simpat\u00eda y de sociabilidad<\/strong> que la <em>escuela inglesa<\/em> nos ha mostrado a menudo como adquiridos, m\u00e1s o menos artificialmente, en el curso de la evoluci\u00f3n y en consecuencia como aproximadamente adventicios. <\/span><\/p>\n<p style=\"text-align: justify;\"><span style=\"font-size: 14pt;\">Estamos bien lejos de <strong>Bentham<\/strong> y de los <em>utilitarios<\/em> que tratan de evitar la pena por todas partes, que ven en ella al enemigo irreconciliable; <strong>es como si no se quisiera respirar demasiado fuerte por miedo a gastarse<\/strong>. <\/span><\/p>\n<p style=\"text-align: justify;\"><span style=\"font-size: 14pt;\">En <strong>Spencer<\/strong> mismo, <strong>hay todav\u00eda demasiado <em>utilitarismo<\/em><\/strong>.\u00a0<\/span><span style=\"font-size: 14pt;\">Muy a menudo, adem\u00e1s, mira las cosas exteriormente, no ve en los instintos desinteresados m\u00e1s que un producto de la sociedad. <strong>Hay, creemos, en el seno mismo de la evoluci\u00f3n individual, una evoluci\u00f3n correspondiente a la evoluci\u00f3n de la vida social, que hace a \u00e9sta posible, que es su causa en lugar de ser su resultado<\/strong> <a id=\"ref3a\"><\/a><a href=\"#ref3\">(3)<\/a>.<\/span><\/p>\n<p>&nbsp;<\/p>\n<blockquote>\n<p style=\"text-align: center;\"><span style=\"font-size: 14pt; color: #008000;\"><strong>Hay, creemos, en el seno mismo de la evoluci\u00f3n individual, una evoluci\u00f3n correspondiente a la evoluci\u00f3n de la vida social, que hace a \u00e9sta posible, que es su causa en lugar de ser su resultado.<\/strong><\/span><\/p>\n<\/blockquote>\n<p>&nbsp;<\/p>\n<p><img loading=\"lazy\" decoding=\"async\" class=\"aligncenter wp-image-23907\" src=\"https:\/\/puntocritico.com\/ausajpuntocritico\/wp-content\/uploads\/2019\/11\/Guyau-6-Principal-3-OK-298x300.jpg\" alt=\"\" width=\"420\" height=\"423\" data-id=\"23907\" srcset=\"https:\/\/puntocritico.com\/ausajpuntocritico\/wp-content\/uploads\/2019\/11\/Guyau-6-Principal-3-OK-298x300.jpg 298w, https:\/\/puntocritico.com\/ausajpuntocritico\/wp-content\/uploads\/2019\/11\/Guyau-6-Principal-3-OK-150x150.jpg 150w, https:\/\/puntocritico.com\/ausajpuntocritico\/wp-content\/uploads\/2019\/11\/Guyau-6-Principal-3-OK.jpg 693w\" sizes=\"auto, (max-width: 420px) 100vw, 420px\" \/><\/p>\n<p style=\"text-align: center;\"><strong><span style=\"color: #008000; font-size: 18pt;\">*******<\/span><\/strong><\/p>\n<blockquote>\n<h2 style=\"text-align: center;\"><span style=\"background-color: #ccffcc; font-size: 18pt;\"><strong>NOTAS:\u00a0<\/strong><\/span><\/h2>\n<p style=\"text-align: justify;\"><a id=\"refaste\"><\/a><span style=\"font-size: 14pt;\"><a href=\"#refastea\">*<\/a>Segunda edici\u00f3n cibern\u00e9tica, enero del 2003 Captura y dise\u00f1o: Chantal L\u00f3pez y Omar Cort\u00e9s<\/span><\/p>\n<p style=\"text-align: justify;\"><span style=\"font-size: 14pt;\">Nueva digitalizaci\u00f3n desde la p\u00e1gina\u00a0<a href=\"http:\/\/www.antorcha.net\/\" target=\"_blank\" rel=\"noopener\">www.antorcha.net<\/a>\u00a0Junio de 2009, para formato\u00a0<em>.pdf<\/em>, por\u00a0<strong>R.M<\/strong>.<\/span><\/p>\n<p style=\"text-align: justify;\"><span style=\"font-size: 14pt;\"><em><a id=\"ref1\"><\/a><a href=\"#ref1a\">(1)<\/a> Morfolog\u00eda<\/em>, II,<\/span><\/p>\n<p style=\"text-align: justify;\"><a id=\"ref2\"><\/a><span style=\"font-size: 14pt;\"><a href=\"#ref2a\">(2)<\/a> Es preciso distinguir, sin embargo, aqu\u00ed, entre el placer del artista, que es siempre fecundo y consecuentemente generoso y aquel del <em>amateur <\/em>del arte que puede ser estrecho y ego\u00edsta porque es completamente est\u00e9ril. Ver nuestros <em>Problemas de la est\u00e9tica contempor\u00e1nea<\/em>.<\/span><\/p>\n<p style=\"text-align: justify;\"><a id=\"ref3\"><\/a><span style=\"font-size: 14pt;\"><a href=\"#ref3a\">(3)<\/a> Se nos ha objetado que la fecundidad de nuestras diversas potencias interiores pod\u00eda satisfacerse igualmente bien en la lucha como en la concordancia con el pr\u00f3jimo, en el aplastamiento de otras personalidades lo mismo que en su elevaci\u00f3n. <\/span><\/p>\n<p style=\"text-align: justify;\"><span style=\"font-size: 14pt;\">Pero, en primer lugar, se olvida que los otros no se dejan aplastar tan f\u00e1cilmente: la voluntad que trata de imponerse, encuentra necesariamente la resistencia del pr\u00f3jimo. Aun si triunfa sobre esta resistencia, no puede hacerlo absolutamente sola; le es preciso apoyarse en aliados, volver a constituir as\u00ed un grupo social e imponerse, con respecto a ese grupo amigo, los mismos servicios de que ha querido liberarse con respecto a los dem\u00e1s hombres, sus aliados naturales.<\/span><\/p>\n<p style=\"text-align: justify;\"><span style=\"font-size: 14pt;\"> Toda lucha, pues, acaba siempre por limitar la voluntad exteriormente; en segundo lugar, la altera interiormente. El hombre violento ahoga completamente la parte simp\u00e1tica e intelectual de su ser, es decir, lo m\u00e1s complejo y elevado que hay en \u00e9l desde el punto de vista de la evoluci\u00f3n. <\/span><\/p>\n<p style=\"text-align: justify;\"><span style=\"font-size: 14pt;\">Al embrutecer a los dem\u00e1s, se embrutece m\u00e1s o menos a s\u00ed mismo. La violencia que parec\u00eda as\u00ed, una expansi\u00f3n victoriosa de la fuerza interior, acaba, pues, por ser una restricci\u00f3n; dar como objeto a la voluntad el abatimiento de los dem\u00e1s, es darle un objeto insuficiente y empobrecerse a s\u00ed mismo. <\/span><\/p>\n<p style=\"text-align: justify;\"><span style=\"font-size: 14pt;\">En fin, a causa de una \u00faltima desorganizaci\u00f3n m\u00e1s profunda, la voluntad llega a desequilibrarse completamente debido al empleo de la violencia; cuando se halla habituada a no encontrar en torno suyo ning\u00fan obst\u00e1culo, como ocurre a los d\u00e9spotas, todo impulso llega a ser irresistible; las inclinaciones m\u00e1s contradictorias se suceden entonces; es una ataxia completa; el d\u00e9spota se vuelve ni\u00f1o, se halla entregado a caprichos contradictorios y su omnipotencia objetiva acaba por llevarlo a una real impotencia subjetiva. <\/span><\/p>\n<p style=\"text-align: justify;\"><span style=\"font-size: 14pt;\">(<em>Educaci\u00f3n y Herencia<\/em>, p\u00e1g. 53.).<\/span><\/p>\n<\/blockquote>\n<p>&nbsp;<\/p>\n<p><a href=\"https:\/\/puntocritico.com\/ausajpuntocritico\/2023\/08\/25\/la-compatibilidad-de-la-libertad-individual-con-la-seguridad-estatal\/\" target=\"_blank\" rel=\"noopener\" data-schema-attribute=\"\"><img loading=\"lazy\" decoding=\"async\" class=\"aligncenter wp-image-2285529\" src=\"https:\/\/puntocritico.com\/ausajpuntocritico\/wp-content\/uploads\/2023\/08\/La-compatibilidad-de-la-libertad-individual-con-la-seguridad-estatal-OK-300x199.jpg\" alt=\"\" width=\"440\" height=\"292\" srcset=\"https:\/\/puntocritico.com\/ausajpuntocritico\/wp-content\/uploads\/2023\/08\/La-compatibilidad-de-la-libertad-individual-con-la-seguridad-estatal-OK-300x199.jpg 300w, https:\/\/puntocritico.com\/ausajpuntocritico\/wp-content\/uploads\/2023\/08\/La-compatibilidad-de-la-libertad-individual-con-la-seguridad-estatal-OK-678x452.jpg 678w, https:\/\/puntocritico.com\/ausajpuntocritico\/wp-content\/uploads\/2023\/08\/La-compatibilidad-de-la-libertad-individual-con-la-seguridad-estatal-OK.jpg 680w\" sizes=\"auto, (max-width: 440px) 100vw, 440px\" \/><\/a><\/p>\n<p>&nbsp;<\/p>\n<p>&nbsp;<\/p>\n<p><a href=\"https:\/\/puntocritico.com\/ausajpuntocritico\/author\/punto-critico\/\"><img loading=\"lazy\" decoding=\"async\" class=\"aligncenter wp-image-48\" src=\"https:\/\/puntocritico.com\/ausajpuntocritico\/wp-content\/uploads\/2016\/11\/Mosca_Punto_Cr\u00edtico_40.png\" alt=\"\" width=\"70\" height=\"70\" data-id=\"48\" \/><\/a><\/p>\n<p>&nbsp;<\/p>\n","protected":false},"excerpt":{"rendered":"<div class=\"mh-excerpt\"><p>LA M\u00c1S ALTA INTENSIDAD DE LA VIDA TIENE COMO CORRELATIVO NECESARIO LA M\u00c1S AMPLIA EXPANSI\u00d3N INDICE de CAPITULOS \u00abESBOZOS DE UNA MORAL SIN SANCI\u00f3N NI OBLIGACI\u00f3N\u00bb, J. M. Guyau *** Esbozos de una moral sin <a class=\"mh-excerpt-more\" href=\"https:\/\/puntocritico.com\/ausajpuntocritico\/2025\/10\/05\/la-mas-alta-intensidad-de-la-vida-tiene-como-correlativo-necesario-la-mas-amplia-expansion-guyau-6\/\" title=\"LA M\u00c1S ALTA INTENSIDAD DE LA VIDA TIENE COMO CORRELATIVO NECESARIO LA M\u00c1S AMPLIA EXPANSI\u00d3N. Esbozos de una moral sin sanci\u00f3n ni obligaci\u00f3n, de Jean-Marie Guyau \u2013 PARTE 6\">[&#8230;]<\/a><\/p>\n<\/div>","protected":false},"author":3,"featured_media":23904,"comment_status":"closed","ping_status":"closed","sticky":false,"template":"","format":"standard","meta":{"_acf_changed":false,"_exactmetrics_skip_tracking":false,"_exactmetrics_sitenote_active":false,"_exactmetrics_sitenote_note":"","_exactmetrics_sitenote_category":0,"footnotes":""},"categories":[8],"tags":[],"class_list":{"0":"post-2312288","1":"post","2":"type-post","3":"status-publish","4":"format-standard","5":"has-post-thumbnail","7":"category-filosofia"},"acf":[],"_links":{"self":[{"href":"https:\/\/puntocritico.com\/ausajpuntocritico\/wp-json\/wp\/v2\/posts\/2312288","targetHints":{"allow":["GET"]}}],"collection":[{"href":"https:\/\/puntocritico.com\/ausajpuntocritico\/wp-json\/wp\/v2\/posts"}],"about":[{"href":"https:\/\/puntocritico.com\/ausajpuntocritico\/wp-json\/wp\/v2\/types\/post"}],"author":[{"embeddable":true,"href":"https:\/\/puntocritico.com\/ausajpuntocritico\/wp-json\/wp\/v2\/users\/3"}],"replies":[{"embeddable":true,"href":"https:\/\/puntocritico.com\/ausajpuntocritico\/wp-json\/wp\/v2\/comments?post=2312288"}],"version-history":[{"count":0,"href":"https:\/\/puntocritico.com\/ausajpuntocritico\/wp-json\/wp\/v2\/posts\/2312288\/revisions"}],"wp:featuredmedia":[{"embeddable":true,"href":"https:\/\/puntocritico.com\/ausajpuntocritico\/wp-json\/wp\/v2\/media\/23904"}],"wp:attachment":[{"href":"https:\/\/puntocritico.com\/ausajpuntocritico\/wp-json\/wp\/v2\/media?parent=2312288"}],"wp:term":[{"taxonomy":"category","embeddable":true,"href":"https:\/\/puntocritico.com\/ausajpuntocritico\/wp-json\/wp\/v2\/categories?post=2312288"},{"taxonomy":"post_tag","embeddable":true,"href":"https:\/\/puntocritico.com\/ausajpuntocritico\/wp-json\/wp\/v2\/tags?post=2312288"}],"curies":[{"name":"wp","href":"https:\/\/api.w.org\/{rel}","templated":true}]}}